{"id":112125,"date":"2025-05-30T16:15:00","date_gmt":"2025-05-30T14:15:00","guid":{"rendered":"https:\/\/flawlesshair.com\/?p=112125"},"modified":"2025-06-04T23:06:42","modified_gmt":"2025-06-04T21:06:42","slug":"el-corte-de-pelo-rachel-de-los-90","status":"publish","type":"post","link":"https:\/\/flawlesshair.com\/es\/el-corte-de-pelo-rachel-de-los-90\/","title":{"rendered":"34 Rachel-Inspired Haircuts That Make You Want to Book a Salon Appointment Today"},"content":{"rendered":"<style>img#mv-trellis-img-1::before{padding-top:103.7962962963%; }img#mv-trellis-img-1{display:block;}img#mv-trellis-img-2::before{padding-top:111.31944444444%; }img#mv-trellis-img-2{display:block;}img#mv-trellis-img-3::before{padding-top:100%; }img#mv-trellis-img-3{display:block;}img#mv-trellis-img-4::before{padding-top:100%; }img#mv-trellis-img-4{display:block;}img#mv-trellis-img-5::before{padding-top:100%; }img#mv-trellis-img-5{display:block;}img#mv-trellis-img-6::before{padding-top:100%; }img#mv-trellis-img-6{display:block;}img#mv-trellis-img-7::before{padding-top:100%; }img#mv-trellis-img-7{display:block;}img#mv-trellis-img-8::before{padding-top:100%; }img#mv-trellis-img-8{display:block;}img#mv-trellis-img-9::before{padding-top:100%; }img#mv-trellis-img-9{display:block;}img#mv-trellis-img-10::before{padding-top:100%; }img#mv-trellis-img-10{display:block;}img#mv-trellis-img-11::before{padding-top:100%; }img#mv-trellis-img-11{display:block;}img#mv-trellis-img-12::before{padding-top:100%; }img#mv-trellis-img-12{display:block;}img#mv-trellis-img-13::before{padding-top:100%; }img#mv-trellis-img-13{display:block;}img#mv-trellis-img-14::before{padding-top:100%; }img#mv-trellis-img-14{display:block;}img#mv-trellis-img-15::before{padding-top:100%; }img#mv-trellis-img-15{display:block;}img#mv-trellis-img-16::before{padding-top:100%; }img#mv-trellis-img-16{display:block;}img#mv-trellis-img-17::before{padding-top:100%; }img#mv-trellis-img-17{display:block;}img#mv-trellis-img-18::before{padding-top:100%; }img#mv-trellis-img-18{display:block;}img#mv-trellis-img-19::before{padding-top:100%; }img#mv-trellis-img-19{display:block;}img#mv-trellis-img-20::before{padding-top:100%; }img#mv-trellis-img-20{display:block;}img#mv-trellis-img-21::before{padding-top:100%; }img#mv-trellis-img-21{display:block;}img#mv-trellis-img-22::before{padding-top:100%; }img#mv-trellis-img-22{display:block;}img#mv-trellis-img-23::before{padding-top:100%; }img#mv-trellis-img-23{display:block;}img#mv-trellis-img-24::before{padding-top:100%; }img#mv-trellis-img-24{display:block;}img#mv-trellis-img-25::before{padding-top:100%; }img#mv-trellis-img-25{display:block;}img#mv-trellis-img-26::before{padding-top:100%; }img#mv-trellis-img-26{display:block;}img#mv-trellis-img-27::before{padding-top:100%; }img#mv-trellis-img-27{display:block;}img#mv-trellis-img-28::before{padding-top:100%; }img#mv-trellis-img-28{display:block;}img#mv-trellis-img-29::before{padding-top:100%; }img#mv-trellis-img-29{display:block;}img#mv-trellis-img-30::before{padding-top:100%; }img#mv-trellis-img-30{display:block;}img#mv-trellis-img-31::before{padding-top:100%; }img#mv-trellis-img-31{display:block;}img#mv-trellis-img-32::before{padding-top:100%; }img#mv-trellis-img-32{display:block;}img#mv-trellis-img-33::before{padding-top:125%; }img#mv-trellis-img-33{display:block;}img#mv-trellis-img-34::before{padding-top:124.09722222222%; }img#mv-trellis-img-34{display:block;}<\/style>\n<p>Turns out, the &rsquo;90s never really left&mdash;and neither did the iconic &ldquo;Rachel&rdquo; haircut. But this time, it&rsquo;s softer, more wearable, and totally tailored to your face shape and texture. These modern takes on the classic layers will have you calling your stylist faster than you can say &ldquo;Friends rerun.&rdquo;<\/p>\n\n\n\n<h2 class=\"wp-block-heading\">1. Long With Face-Framing Layers<\/h2>\n\n\n\n<figure class=\"wp-block-image size-full\"><div style=\"position: relative;\"><noscript><img loading=\"lazy\" decoding=\"async\" width=\"1080\" height=\"1121\" src=\"https:\/\/flawlesshair.com\/wp-content\/uploads\/2025\/03\/1.-long-with-face-framing-layers.jpg\" alt=\"\" class=\"wp-image-200259\" srcset=\"https:\/\/flawlesshair.com\/wp-content\/uploads\/2025\/03\/1.-long-with-face-framing-layers.jpg 1080w, https:\/\/flawlesshair.com\/wp-content\/uploads\/2025\/03\/1.-long-with-face-framing-layers-289x300.jpg 289w, https:\/\/flawlesshair.com\/wp-content\/uploads\/2025\/03\/1.-long-with-face-framing-layers-768x797.jpg 768w, https:\/\/flawlesshair.com\/wp-content\/uploads\/2025\/03\/1.-long-with-face-framing-layers-12x12.jpg 12w, https:\/\/flawlesshair.com\/wp-content\/uploads\/2025\/03\/1.-long-with-face-framing-layers-925x960.jpg 925w, https:\/\/flawlesshair.com\/wp-content\/uploads\/2025\/03\/1.-long-with-face-framing-layers-1040x1080.jpg 1040w\" sizes=\"auto, (max-width: 760px) calc(100vw - 24px), 720px\"><\/noscript><img loading=\"eager\" decoding=\"async\" width=\"1080\" height=\"1121\" src=\"data:image\/svg+xml,%3Csvg%20xmlns='http:\/\/www.w3.org\/2000\/svg'%20viewBox='0%200%201080%201121'%3E%3Crect%20width='1080'%20height='1121'%20style='fill:%23e3e3e3'\/%3E%3C\/svg%3E\" alt=\"\" class=\"wp-image-200259 eager-load\" sizes=\"auto, (max-width: 760px) calc(100vw - 24px), 720px\" data-pin-media=\"https:\/\/flawlesshair.com\/wp-content\/uploads\/2025\/03\/1.-long-with-face-framing-layers.jpg\" id=\"mv-trellis-img-1\" data-src=\"https:\/\/flawlesshair.com\/wp-content\/uploads\/2025\/03\/1.-long-with-face-framing-layers.jpg\" data-srcset=\"https:\/\/flawlesshair.com\/wp-content\/uploads\/2025\/03\/1.-long-with-face-framing-layers.jpg 1080w, https:\/\/flawlesshair.com\/wp-content\/uploads\/2025\/03\/1.-long-with-face-framing-layers-289x300.jpg 289w, https:\/\/flawlesshair.com\/wp-content\/uploads\/2025\/03\/1.-long-with-face-framing-layers-768x797.jpg 768w, https:\/\/flawlesshair.com\/wp-content\/uploads\/2025\/03\/1.-long-with-face-framing-layers-12x12.jpg 12w, https:\/\/flawlesshair.com\/wp-content\/uploads\/2025\/03\/1.-long-with-face-framing-layers-925x960.jpg 925w, https:\/\/flawlesshair.com\/wp-content\/uploads\/2025\/03\/1.-long-with-face-framing-layers-1040x1080.jpg 1040w\" data-svg=\"1\" data-trellis-processed=\"1\"><div style=\"position: absolute; top: 0.5rem; right: 0.75rem;\"> <a href=\"https:\/\/www.pinterest.com\/pin\/create\/button\/\" data-pin-do=\"buttonPin\" data-pin-tall=\"true\" data-pin-url=\"https:\/\/flawlesshair.com\/es\/el-corte-de-pelo-rachel-de-los-90\/\" data-pin-media=\"https:\/\/flawlesshair.com\/wp-content\/uploads\/2025\/03\/1.-long-with-face-framing-layers.jpg\" data-pin-description=\"34 Rachel-Inspired Haircuts That Make You Want to Book a Salon Appointment Today\" rel=\"nofollow noopener\" target=\"_blank\"> <\/a><\/div><\/div><figcaption class=\"wp-element-caption\"><a href=\"https:\/\/www.instagram.com\/manemisfit\" target=\"_blank\" rel=\"noreferrer noopener nofollow\">@manemisfit<\/a><\/figcaption><\/figure>\n\n\n\n<p>This one&rsquo;s a modern twist on the iconic Rachel&mdash;long, swoopy layers that frame the face just right. It adds volume and movement without losing length, making it perfect for growing out or keeping things light and bouncy.<\/p>\n\n\n\n<h2 class=\"wp-block-heading\">2. Shoulder-Length Bouncy Layers<\/h2>\n\n\n\n<figure class=\"wp-block-image size-full\"><div style=\"position: relative;\"><noscript><img loading=\"lazy\" decoding=\"async\" width=\"1440\" height=\"1603\" src=\"https:\/\/flawlesshair.com\/wp-content\/uploads\/2025\/03\/2.-shoulder-length-bouncy-layers.jpg\" alt=\"\" class=\"wp-image-200260\" srcset=\"https:\/\/flawlesshair.com\/wp-content\/uploads\/2025\/03\/2.-shoulder-length-bouncy-layers.jpg 1440w, https:\/\/flawlesshair.com\/wp-content\/uploads\/2025\/03\/2.-shoulder-length-bouncy-layers-269x300.jpg 269w, https:\/\/flawlesshair.com\/wp-content\/uploads\/2025\/03\/2.-shoulder-length-bouncy-layers-768x855.jpg 768w, https:\/\/flawlesshair.com\/wp-content\/uploads\/2025\/03\/2.-shoulder-length-bouncy-layers-11x12.jpg 11w, https:\/\/flawlesshair.com\/wp-content\/uploads\/2025\/03\/2.-shoulder-length-bouncy-layers-862x960.jpg 862w, https:\/\/flawlesshair.com\/wp-content\/uploads\/2025\/03\/2.-shoulder-length-bouncy-layers-970x1080.jpg 970w, https:\/\/flawlesshair.com\/wp-content\/uploads\/2025\/03\/2.-shoulder-length-bouncy-layers-1078x1200.jpg 1078w\" sizes=\"auto, (max-width: 760px) calc(100vw - 24px), 720px\"><\/noscript><img loading=\"lazy\" decoding=\"async\" width=\"1440\" height=\"1603\" src=\"https:\/\/flawlesshair.com\/wp-content\/uploads\/2025\/03\/2.-shoulder-length-bouncy-layers.jpg\" alt=\"\" class=\"wp-image-200260 lazyload\" srcset=\"https:\/\/flawlesshair.com\/wp-content\/uploads\/2025\/03\/2.-shoulder-length-bouncy-layers.jpg 1440w, https:\/\/flawlesshair.com\/wp-content\/uploads\/2025\/03\/2.-shoulder-length-bouncy-layers-269x300.jpg 269w, https:\/\/flawlesshair.com\/wp-content\/uploads\/2025\/03\/2.-shoulder-length-bouncy-layers-768x855.jpg 768w, https:\/\/flawlesshair.com\/wp-content\/uploads\/2025\/03\/2.-shoulder-length-bouncy-layers-11x12.jpg 11w, https:\/\/flawlesshair.com\/wp-content\/uploads\/2025\/03\/2.-shoulder-length-bouncy-layers-862x960.jpg 862w, https:\/\/flawlesshair.com\/wp-content\/uploads\/2025\/03\/2.-shoulder-length-bouncy-layers-970x1080.jpg 970w, https:\/\/flawlesshair.com\/wp-content\/uploads\/2025\/03\/2.-shoulder-length-bouncy-layers-1078x1200.jpg 1078w\" sizes=\"auto, (max-width: 760px) calc(100vw - 24px), 720px\" data-pin-media=\"https:\/\/flawlesshair.com\/wp-content\/uploads\/2025\/03\/2.-shoulder-length-bouncy-layers.jpg\" id=\"mv-trellis-img-2\" data-trellis-processed=\"1\"><div style=\"position: absolute; top: 0.5rem; right: 0.75rem;\"> <a href=\"https:\/\/www.pinterest.com\/pin\/create\/button\/\" data-pin-do=\"buttonPin\" data-pin-tall=\"true\" data-pin-url=\"https:\/\/flawlesshair.com\/es\/el-corte-de-pelo-rachel-de-los-90\/\" data-pin-media=\"https:\/\/flawlesshair.com\/wp-content\/uploads\/2025\/03\/2.-shoulder-length-bouncy-layers.jpg\" data-pin-description=\"34 Rachel-Inspired Haircuts That Make You Want to Book a Salon Appointment Today\" rel=\"nofollow noopener\" target=\"_blank\"> <\/a><\/div><\/div><figcaption class=\"wp-element-caption\"><a href=\"https:\/\/www.instagram.com\/qualiskuafor\" target=\"_blank\" rel=\"noreferrer noopener nofollow\">@qualiskuafor<\/a><\/figcaption><\/figure>\n\n\n\n<p>Talk about a blowout&rsquo;s best friend. These shoulder-grazing layers bring serious bounce and shape. It&rsquo;s the &rsquo;90s cut reimagined&mdash;light, airy, and full of body without going full retro. You&rsquo;ll feel the swing with every step.<\/p>\n\n\n\n<h2 class=\"wp-block-heading\">3. Voluminoso Rachel<\/h2>\n\n\n\n<figure class=\"wp-block-image\"><div style=\"position: relative;\"><noscript><img decoding=\"async\" src=\"https:\/\/flawlesshair.com\/wp-content\/uploads\/2025\/01\/Voluminous-Rachel.jpg\" alt=\"Voluminosa Rachel\"><\/noscript><img decoding=\"async\" src=\"https:\/\/flawlesshair.com\/wp-content\/uploads\/2025\/01\/Voluminous-Rachel.jpg\" alt=\"Voluminosa Rachel\" width=\"300\" height=\"300\" id=\"mv-trellis-img-3\" loading=\"lazy\" class=\"lazyload\" data-trellis-processed=\"1\"><div style=\"position: absolute; top: 0.5rem; right: 0.75rem;\"> <a href=\"https:\/\/www.pinterest.com\/pin\/create\/button\/\" data-pin-do=\"buttonPin\" data-pin-tall=\"true\" data-pin-url=\"https:\/\/flawlesshair.com\/es\/el-corte-de-pelo-rachel-de-los-90\/\" data-pin-media=\"https:\/\/flawlesshair.com\/wp-content\/uploads\/2025\/01\/Voluminous-Rachel.jpg\" data-pin-description=\"34 Rachel-Inspired Haircuts That Make You Want to Book a Salon Appointment Today\" rel=\"nofollow noopener\" target=\"_blank\"> <\/a><\/div><\/div><figcaption class=\"wp-element-caption\"><a href=\"https:\/\/www.instagram.com\/errinhair\/p\/C2bV8dZMVIo\/\" target=\"_blank\" rel=\"noreferrer noopener nofollow\">\u00a9 errinhair<\/a><\/figcaption><\/figure>\n\n\n\n<p>Maximiza el volumen con el corte de pelo Rachel para un look m\u00e1s voluminoso. En <a href=\"https:\/\/flawlesshair.com\/es\/cortes-de-pelo-a-capas-para-probar-en-2025\/\">las capas crean elevaci\u00f3n<\/a> y rebote. Ideal para ocasiones especiales, a\u00f1ade dramatismo e impacto a tu aspecto.<\/p>\n\n\n\n<h2 class=\"wp-block-heading\">4. Rachel corta<\/h2>\n\n\n\n<figure class=\"wp-block-image\"><div style=\"position: relative;\"><noscript><img decoding=\"async\" src=\"https:\/\/flawlesshair.com\/wp-content\/uploads\/2025\/01\/Short-Rachel.jpg\" alt=\"Rachel corta\"><\/noscript><img decoding=\"async\" src=\"https:\/\/flawlesshair.com\/wp-content\/uploads\/2025\/01\/Short-Rachel.jpg\" alt=\"Rachel corta\" width=\"300\" height=\"300\" id=\"mv-trellis-img-4\" loading=\"lazy\" class=\"lazyload\" data-trellis-processed=\"1\"><div style=\"position: absolute; top: 0.5rem; right: 0.75rem;\"> <a href=\"https:\/\/www.pinterest.com\/pin\/create\/button\/\" data-pin-do=\"buttonPin\" data-pin-tall=\"true\" data-pin-url=\"https:\/\/flawlesshair.com\/es\/el-corte-de-pelo-rachel-de-los-90\/\" data-pin-media=\"https:\/\/flawlesshair.com\/wp-content\/uploads\/2025\/01\/Short-Rachel.jpg\" data-pin-description=\"34 Rachel-Inspired Haircuts That Make You Want to Book a Salon Appointment Today\" rel=\"nofollow noopener\" target=\"_blank\"> <\/a><\/div><\/div><figcaption class=\"wp-element-caption\"><a href=\"https:\/\/www.instagram.com\/gocleanco\/p\/C8xjhQpyCSd\/\" target=\"_blank\" rel=\"noreferrer noopener nofollow\">\u00a9 gocleanco<\/a><\/figcaption><\/figure>\n\n\n\n<p>Para quienes prefieran un estilo m\u00e1s corto, la Rachel puede adaptarse. Las capas cortas alrededor de la cara a\u00f1aden definici\u00f3n y estilo. Esta versi\u00f3n es ideal para quienes se desplazan, ya que mantiene su estilo con el m\u00ednimo esfuerzo.<\/p>\n\n\n\n<h2 class=\"wp-block-heading\">5. Rachel la rubia<\/h2>\n\n\n\n<figure class=\"wp-block-image\"><div style=\"position: relative;\"><noscript><img decoding=\"async\" src=\"https:\/\/flawlesshair.com\/wp-content\/uploads\/2025\/01\/Blonde-Rachel.jpg\" alt=\"Rubia Rachel\"><\/noscript><img decoding=\"async\" src=\"https:\/\/flawlesshair.com\/wp-content\/uploads\/2025\/01\/Blonde-Rachel.jpg\" alt=\"Rubia Rachel\" width=\"300\" height=\"300\" id=\"mv-trellis-img-5\" loading=\"lazy\" class=\"lazyload\" data-trellis-processed=\"1\"><div style=\"position: absolute; top: 0.5rem; right: 0.75rem;\"> <a href=\"https:\/\/www.pinterest.com\/pin\/create\/button\/\" data-pin-do=\"buttonPin\" data-pin-tall=\"true\" data-pin-url=\"https:\/\/flawlesshair.com\/es\/el-corte-de-pelo-rachel-de-los-90\/\" data-pin-media=\"https:\/\/flawlesshair.com\/wp-content\/uploads\/2025\/01\/Blonde-Rachel.jpg\" data-pin-description=\"34 Rachel-Inspired Haircuts That Make You Want to Book a Salon Appointment Today\" rel=\"nofollow noopener\" target=\"_blank\"> <\/a><\/div><\/div><figcaption class=\"wp-element-caption\"><a href=\"https:\/\/www.instagram.com\/davinescolor\/p\/Ci5T1uvOlz4\/\" target=\"_blank\" rel=\"noreferrer noopener nofollow\">\u00a9 davinescolor<\/a><\/figcaption><\/figure>\n\n\n\n<p>El cabello rubio realza la <a href=\"https:\/\/flawlesshair.com\/es\/cortes-de-pelo-a-capas-con-flequillo\/\">Las capas de Rachel<\/a>El contraste entre las capas crea un brillo sutil. El contraste entre las capas crea un brillo sutil. Este estilo es llamativo, ideal para llamar la atenci\u00f3n en cualquier evento.<\/p>\n\n\n\n<h2 class=\"wp-block-heading\">6. Rachel morena<\/h2>\n\n\n\n<figure class=\"wp-block-image\"><div style=\"position: relative;\"><noscript><img decoding=\"async\" src=\"https:\/\/flawlesshair.com\/wp-content\/uploads\/2025\/01\/Brunette-Rachel.jpg\" alt=\"Morena Rachel\"><\/noscript><img decoding=\"async\" src=\"https:\/\/flawlesshair.com\/wp-content\/uploads\/2025\/01\/Brunette-Rachel.jpg\" alt=\"Morena Rachel\" width=\"300\" height=\"300\" id=\"mv-trellis-img-6\" loading=\"lazy\" class=\"lazyload\" data-trellis-processed=\"1\"><div style=\"position: absolute; top: 0.5rem; right: 0.75rem;\"> <a href=\"https:\/\/www.pinterest.com\/pin\/create\/button\/\" data-pin-do=\"buttonPin\" data-pin-tall=\"true\" data-pin-url=\"https:\/\/flawlesshair.com\/es\/el-corte-de-pelo-rachel-de-los-90\/\" data-pin-media=\"https:\/\/flawlesshair.com\/wp-content\/uploads\/2025\/01\/Brunette-Rachel.jpg\" data-pin-description=\"34 Rachel-Inspired Haircuts That Make You Want to Book a Salon Appointment Today\" rel=\"nofollow noopener\" target=\"_blank\"> <\/a><\/div><\/div><figcaption class=\"wp-element-caption\"><a href=\"https:\/\/www.instagram.com\/abbyplested\/p\/DCSdiryzv8r\/\" target=\"_blank\" rel=\"noreferrer noopener nofollow\">\u00a9 abbyplested<\/a><\/figcaption><\/figure>\n\n\n\n<p>El Rachel sobre cabello moreno resalta su riqueza y profundidad. Las capas a\u00f1aden un toque de sofisticaci\u00f3n. Ideal para el trabajo o el ocio, complementa maravillosamente los tonos oscuros.<\/p>\n\n\n\n<h2 class=\"wp-block-heading\">7. Middle-Part Rachel<\/h2>\n\n\n\n<figure class=\"wp-block-image\"><div style=\"position: relative;\"><noscript><img decoding=\"async\" src=\"https:\/\/flawlesshair.com\/wp-content\/uploads\/2025\/01\/Middle-Part-Rachel.jpg\" alt=\"Parte media Rachel\"><\/noscript><img decoding=\"async\" src=\"https:\/\/flawlesshair.com\/wp-content\/uploads\/2025\/01\/Middle-Part-Rachel.jpg\" alt=\"Parte media Rachel\" width=\"300\" height=\"300\" id=\"mv-trellis-img-7\" loading=\"lazy\" class=\"lazyload\" data-trellis-processed=\"1\"><div style=\"position: absolute; top: 0.5rem; right: 0.75rem;\"> <a href=\"https:\/\/www.pinterest.com\/pin\/create\/button\/\" data-pin-do=\"buttonPin\" data-pin-tall=\"true\" data-pin-url=\"https:\/\/flawlesshair.com\/es\/el-corte-de-pelo-rachel-de-los-90\/\" data-pin-media=\"https:\/\/flawlesshair.com\/wp-content\/uploads\/2025\/01\/Middle-Part-Rachel.jpg\" data-pin-description=\"34 Rachel-Inspired Haircuts That Make You Want to Book a Salon Appointment Today\" rel=\"nofollow noopener\" target=\"_blank\"> <\/a><\/div><\/div><figcaption class=\"wp-element-caption\"><a href=\"https:\/\/www.instagram.com\/rachelwstylist\/p\/CiiNmwHuWzY\/\" target=\"_blank\" rel=\"noreferrer noopener nofollow\">\u00a9 rachelwstylist<\/a><\/figcaption><\/figure>\n\n\n\n<p>Una raya en medio en la Rachel a\u00f1ade simetr\u00eda y equilibrio. Este look cl\u00e1sico es atemporal y elegante. Perfecto para cualquier ocasi\u00f3n, es una opci\u00f3n vers\u00e1til para quienes prefieren las l\u00edneas depuradas.<\/p>\n\n\n\n<h2 class=\"wp-block-heading\">8. Raquel con plumas<\/h2>\n\n\n\n<figure class=\"wp-block-image\"><div style=\"position: relative;\"><noscript><img decoding=\"async\" src=\"https:\/\/flawlesshair.com\/wp-content\/uploads\/2025\/01\/Feathered-Rachel.jpg\" alt=\"Rachel con plumas\"><\/noscript><img decoding=\"async\" src=\"https:\/\/flawlesshair.com\/wp-content\/uploads\/2025\/01\/Feathered-Rachel.jpg\" alt=\"Rachel con plumas\" width=\"300\" height=\"300\" id=\"mv-trellis-img-8\" loading=\"lazy\" class=\"lazyload\" data-trellis-processed=\"1\"><div style=\"position: absolute; top: 0.5rem; right: 0.75rem;\"> <a href=\"https:\/\/www.pinterest.com\/pin\/create\/button\/\" data-pin-do=\"buttonPin\" data-pin-tall=\"true\" data-pin-url=\"https:\/\/flawlesshair.com\/es\/el-corte-de-pelo-rachel-de-los-90\/\" data-pin-media=\"https:\/\/flawlesshair.com\/wp-content\/uploads\/2025\/01\/Feathered-Rachel.jpg\" data-pin-description=\"34 Rachel-Inspired Haircuts That Make You Want to Book a Salon Appointment Today\" rel=\"nofollow noopener\" target=\"_blank\"> <\/a><\/div><\/div><figcaption class=\"wp-element-caption\"><a href=\"https:\/\/www.instagram.com\/mtlfashionistaa\/p\/Cn2-P58j1p_\/\" target=\"_blank\" rel=\"noreferrer noopener nofollow\">\u00a9 mtlfashionistaa<\/a><\/figcaption><\/figure>\n\n\n\n<p>Las capas de plumas aportan suavidad a la Rachel, ofreciendo volumen sin peso. Este estilo es ligero y vaporoso. Perfecto para un look suave y desenfadado, es a la vez elegante e informal.<\/p>\n\n\n\n<h2 class=\"wp-block-heading\">9. Rachel con flequillo<\/h2>\n\n\n\n<figure class=\"wp-block-image\"><div style=\"position: relative;\"><noscript><img decoding=\"async\" src=\"https:\/\/flawlesshair.com\/wp-content\/uploads\/2025\/01\/Rachel-with-Bangs.jpg\" alt=\"Rachel con flequillo\"><\/noscript><img decoding=\"async\" src=\"https:\/\/flawlesshair.com\/wp-content\/uploads\/2025\/01\/Rachel-with-Bangs.jpg\" alt=\"Rachel con flequillo\" width=\"300\" height=\"300\" id=\"mv-trellis-img-9\" loading=\"lazy\" class=\"lazyload\" data-trellis-processed=\"1\"><div style=\"position: absolute; top: 0.5rem; right: 0.75rem;\"> <a href=\"https:\/\/www.pinterest.com\/pin\/create\/button\/\" data-pin-do=\"buttonPin\" data-pin-tall=\"true\" data-pin-url=\"https:\/\/flawlesshair.com\/es\/el-corte-de-pelo-rachel-de-los-90\/\" data-pin-media=\"https:\/\/flawlesshair.com\/wp-content\/uploads\/2025\/01\/Rachel-with-Bangs.jpg\" data-pin-description=\"34 Rachel-Inspired Haircuts That Make You Want to Book a Salon Appointment Today\" rel=\"nofollow noopener\" target=\"_blank\"> <\/a><\/div><\/div><figcaption class=\"wp-element-caption\"><a href=\"https:\/\/www.instagram.com\/rachelwstylist\/p\/CyllVAXubkV\/\" target=\"_blank\" rel=\"noreferrer noopener nofollow\">\u00a9 rachelwstylist<\/a><\/figcaption><\/figure>\n\n\n\n<p>A\u00f1ade flequillo a la Rachel para conseguir un look fresco y juvenil. El flequillo suave y ondulado complementa a la perfecci\u00f3n las capas. Este estilo enmarca el rostro, ofreciendo un aspecto m\u00e1s suave.<\/p>\n\n\n\n<h2 class=\"wp-block-heading\">10. Ombre Rachel<\/h2>\n\n\n\n<figure class=\"wp-block-image\"><div style=\"position: relative;\"><noscript><img decoding=\"async\" src=\"https:\/\/flawlesshair.com\/wp-content\/uploads\/2025\/01\/Ombre-Rachel.jpg\" alt=\"Ombre Rachel\"><\/noscript><img decoding=\"async\" src=\"https:\/\/flawlesshair.com\/wp-content\/uploads\/2025\/01\/Ombre-Rachel.jpg\" alt=\"Ombre Rachel\" width=\"300\" height=\"300\" id=\"mv-trellis-img-10\" loading=\"lazy\" class=\"lazyload\" data-trellis-processed=\"1\"><div style=\"position: absolute; top: 0.5rem; right: 0.75rem;\"> <a href=\"https:\/\/www.pinterest.com\/pin\/create\/button\/\" data-pin-do=\"buttonPin\" data-pin-tall=\"true\" data-pin-url=\"https:\/\/flawlesshair.com\/es\/el-corte-de-pelo-rachel-de-los-90\/\" data-pin-media=\"https:\/\/flawlesshair.com\/wp-content\/uploads\/2025\/01\/Ombre-Rachel.jpg\" data-pin-description=\"34 Rachel-Inspired Haircuts That Make You Want to Book a Salon Appointment Today\" rel=\"nofollow noopener\" target=\"_blank\"> <\/a><\/div><\/div><figcaption class=\"wp-element-caption\"><a href=\"https:\/\/www.instagram.com\/rachelwstylist\/p\/C3dTemYuTpt\/\" target=\"_blank\" rel=\"noreferrer noopener nofollow\">\u00a9 rachelwstylist<\/a><\/figcaption><\/figure>\n\n\n\n<p>Mezcle las capas de Rachel con un efecto ombre para una actualizaci\u00f3n a la \u00faltima. La transici\u00f3n de color a\u00f1ade profundidad e inter\u00e9s visual. Este look es din\u00e1mico y moderno, perfecto para las amantes de la moda.<\/p>\n\n\n\n<h2 class=\"wp-block-heading\">11. Destacado Rachel<\/h2>\n\n\n\n<figure class=\"wp-block-image\"><div style=\"position: relative;\"><noscript><img decoding=\"async\" src=\"https:\/\/flawlesshair.com\/wp-content\/uploads\/2025\/01\/Highlighted-Rachel.jpg\" alt=\"Destacado Rachel\"><\/noscript><img decoding=\"async\" src=\"https:\/\/flawlesshair.com\/wp-content\/uploads\/2025\/01\/Highlighted-Rachel.jpg\" alt=\"Destacado Rachel\" width=\"300\" height=\"300\" id=\"mv-trellis-img-11\" loading=\"lazy\" class=\"lazyload\" data-trellis-processed=\"1\"><div style=\"position: absolute; top: 0.5rem; right: 0.75rem;\"> <a href=\"https:\/\/www.pinterest.com\/pin\/create\/button\/\" data-pin-do=\"buttonPin\" data-pin-tall=\"true\" data-pin-url=\"https:\/\/flawlesshair.com\/es\/el-corte-de-pelo-rachel-de-los-90\/\" data-pin-media=\"https:\/\/flawlesshair.com\/wp-content\/uploads\/2025\/01\/Highlighted-Rachel.jpg\" data-pin-description=\"34 Rachel-Inspired Haircuts That Make You Want to Book a Salon Appointment Today\" rel=\"nofollow noopener\" target=\"_blank\"> <\/a><\/div><\/div><figcaption class=\"wp-element-caption\"><a href=\"https:\/\/www.instagram.com\/the_littlehairroom\/p\/DEv3P8TTwKu\/\" target=\"_blank\" rel=\"noreferrer noopener nofollow\">\u00a9 the_littlehairroom<\/a><\/figcaption><\/figure>\n\n\n\n<p>Las mechas amplifican las capas de Rachel, creando contraste y dimensi\u00f3n. Esta t\u00e9cnica ilumina el aspecto general. Es una opci\u00f3n excelente para quienes buscan refrescar su look con cambios sutiles.<\/p>\n\n\n\n<h2 class=\"wp-block-heading\">12. Rachel texturizada<\/h2>\n\n\n\n<figure class=\"wp-block-image\"><div style=\"position: relative;\"><noscript><img decoding=\"async\" src=\"https:\/\/flawlesshair.com\/wp-content\/uploads\/2025\/01\/Textured-Rachel.jpg\" alt=\"Rachel texturizada\"><\/noscript><img decoding=\"async\" src=\"https:\/\/flawlesshair.com\/wp-content\/uploads\/2025\/01\/Textured-Rachel.jpg\" alt=\"Rachel texturizada\" width=\"300\" height=\"300\" id=\"mv-trellis-img-12\" loading=\"lazy\" class=\"lazyload\" data-trellis-processed=\"1\"><div style=\"position: absolute; top: 0.5rem; right: 0.75rem;\"> <a href=\"https:\/\/www.pinterest.com\/pin\/create\/button\/\" data-pin-do=\"buttonPin\" data-pin-tall=\"true\" data-pin-url=\"https:\/\/flawlesshair.com\/es\/el-corte-de-pelo-rachel-de-los-90\/\" data-pin-media=\"https:\/\/flawlesshair.com\/wp-content\/uploads\/2025\/01\/Textured-Rachel.jpg\" data-pin-description=\"34 Rachel-Inspired Haircuts That Make You Want to Book a Salon Appointment Today\" rel=\"nofollow noopener\" target=\"_blank\"> <\/a><\/div><\/div><figcaption class=\"wp-element-caption\"><a href=\"https:\/\/www.instagram.com\/p\/C_82N8pPVt2\/\" target=\"_blank\" rel=\"noreferrer noopener nofollow\">\u00a9 rachicuts<\/a><\/figcaption><\/figure>\n\n\n\n<p>A\u00f1ade textura a la melena Rachel para conseguir un estilo m\u00e1s despeinado y desenfadado. Este estilo desenfadado aporta profundidad y car\u00e1cter. Es perfecto para salidas informales, ya que ofrece un aspecto natural y desenfadado.<\/p>\n\n\n\n<h2 class=\"wp-block-heading\">13. Sleek Rachel<\/h2>\n\n\n\n<figure class=\"wp-block-image\"><div style=\"position: relative;\"><noscript><img decoding=\"async\" src=\"https:\/\/flawlesshair.com\/wp-content\/uploads\/2025\/01\/Sleek-Rachel.jpg\" alt=\"Elegante Rachel\"><\/noscript><img decoding=\"async\" src=\"https:\/\/flawlesshair.com\/wp-content\/uploads\/2025\/01\/Sleek-Rachel.jpg\" alt=\"Elegante Rachel\" width=\"300\" height=\"300\" id=\"mv-trellis-img-13\" loading=\"lazy\" class=\"lazyload\" data-trellis-processed=\"1\"><div style=\"position: absolute; top: 0.5rem; right: 0.75rem;\"> <a href=\"https:\/\/www.pinterest.com\/pin\/create\/button\/\" data-pin-do=\"buttonPin\" data-pin-tall=\"true\" data-pin-url=\"https:\/\/flawlesshair.com\/es\/el-corte-de-pelo-rachel-de-los-90\/\" data-pin-media=\"https:\/\/flawlesshair.com\/wp-content\/uploads\/2025\/01\/Sleek-Rachel.jpg\" data-pin-description=\"34 Rachel-Inspired Haircuts That Make You Want to Book a Salon Appointment Today\" rel=\"nofollow noopener\" target=\"_blank\"> <\/a><\/div><\/div><figcaption class=\"wp-element-caption\"><a href=\"https:\/\/www.instagram.com\/artistrybyrachelp\/p\/Cvpm4m8uY1J\/\" target=\"_blank\" rel=\"noreferrer noopener nofollow\">\u00a9 artistrybyrachelp<\/a><\/figcaption><\/figure>\n\n\n\n<p>Para un look pulido, opta por una Rachel elegante. El acabado liso resalta la precisi\u00f3n de las capas. Esta versi\u00f3n es ideal para entornos profesionales, ya que irradia confianza y elegancia.<\/p>\n\n\n\n<h2 class=\"wp-block-heading\">14. La Raquel<\/h2>\n\n\n\n<figure class=\"wp-block-image\"><div style=\"position: relative;\"><noscript><img decoding=\"async\" src=\"https:\/\/flawlesshair.com\/wp-content\/uploads\/2025\/01\/The-Rachel-3.jpg\" alt=\"La Raquel\"><\/noscript><img decoding=\"async\" src=\"https:\/\/flawlesshair.com\/wp-content\/uploads\/2025\/01\/The-Rachel-3.jpg\" alt=\"La Raquel\" width=\"300\" height=\"300\" id=\"mv-trellis-img-14\" loading=\"lazy\" class=\"lazyload\" data-trellis-processed=\"1\"><div style=\"position: absolute; top: 0.5rem; right: 0.75rem;\"> <a href=\"https:\/\/www.pinterest.com\/pin\/create\/button\/\" data-pin-do=\"buttonPin\" data-pin-tall=\"true\" data-pin-url=\"https:\/\/flawlesshair.com\/es\/el-corte-de-pelo-rachel-de-los-90\/\" data-pin-media=\"https:\/\/flawlesshair.com\/wp-content\/uploads\/2025\/01\/The-Rachel-3.jpg\" data-pin-description=\"34 Rachel-Inspired Haircuts That Make You Want to Book a Salon Appointment Today\" rel=\"nofollow noopener\" target=\"_blank\"> <\/a><\/div><\/div><figcaption class=\"wp-element-caption\"><a href=\"https:\/\/www.instagram.com\/privesalon_orlando\/p\/DCKN1IsRADZ\/\" target=\"_blank\" rel=\"noreferrer noopener nofollow\">\u00a9 privesalon_orlando<\/a><\/figcaption><\/figure>\n\n\n\n<p>El Rachel fue y sigue siendo un peinado ic\u00f3nico de los 90. Este corte a capas, inspirado en el personaje de Jennifer Aniston en \"Friends\", presenta capas entrecortadas y un peinado liso. Es una opci\u00f3n atemporal, que ofrece volumen y movimiento. Perfecto para quienes buscan un look chic y desenfadado.<\/p>\n\n\n\n<h2 class=\"wp-block-heading\">15. Capas de plumas<\/h2>\n\n\n\n<figure class=\"wp-block-image\"><div style=\"position: relative;\"><noscript><img decoding=\"async\" src=\"https:\/\/flawlesshair.com\/wp-content\/uploads\/2025\/01\/Feathered-Layers-32.jpg\" alt=\"Capas de plumas\"><\/noscript><img decoding=\"async\" src=\"https:\/\/flawlesshair.com\/wp-content\/uploads\/2025\/01\/Feathered-Layers-32.jpg\" alt=\"Capas de plumas\" width=\"300\" height=\"300\" id=\"mv-trellis-img-15\" loading=\"lazy\" class=\"lazyload\" data-trellis-processed=\"1\"><div style=\"position: absolute; top: 0.5rem; right: 0.75rem;\"> <a href=\"https:\/\/www.pinterest.com\/pin\/create\/button\/\" data-pin-do=\"buttonPin\" data-pin-tall=\"true\" data-pin-url=\"https:\/\/flawlesshair.com\/es\/el-corte-de-pelo-rachel-de-los-90\/\" data-pin-media=\"https:\/\/flawlesshair.com\/wp-content\/uploads\/2025\/01\/Feathered-Layers-32.jpg\" data-pin-description=\"34 Rachel-Inspired Haircuts That Make You Want to Book a Salon Appointment Today\" rel=\"nofollow noopener\" target=\"_blank\"> <\/a><\/div><\/div><figcaption class=\"wp-element-caption\"><a href=\"https:\/\/www.instagram.com\/glamourmag\/p\/CkV5YWks5re\/\" target=\"_blank\" rel=\"noreferrer noopener nofollow\">\u00a9 glamourmag<\/a><\/figcaption><\/figure>\n\n\n\n<p>Las capas de plumas ofrecen un estilo suave y fluido que recuerda a la moda de los 90. Este corte de pelo a\u00f1ade volumen y textura, ideal para el pelo largo. Es adecuado para todas las formas de cara, y las capas crean un aspecto femenino y elegante. Un peinado imprescindible para las amantes de lo vintage.<\/p>\n\n\n\n<h2 class=\"wp-block-heading\">16. Capas inspiradas en el grunge<\/h2>\n\n\n\n<figure class=\"wp-block-image\"><div style=\"position: relative;\"><noscript><img decoding=\"async\" src=\"https:\/\/flawlesshair.com\/wp-content\/uploads\/2025\/01\/Grunge-Inspired-Layers.jpg\" alt=\"Capas inspiradas en el grunge\"><\/noscript><img decoding=\"async\" src=\"https:\/\/flawlesshair.com\/wp-content\/uploads\/2025\/01\/Grunge-Inspired-Layers.jpg\" alt=\"Capas inspiradas en el grunge\" width=\"300\" height=\"300\" id=\"mv-trellis-img-16\" loading=\"lazy\" class=\"lazyload\" data-trellis-processed=\"1\"><div style=\"position: absolute; top: 0.5rem; right: 0.75rem;\"> <a href=\"https:\/\/www.pinterest.com\/pin\/create\/button\/\" data-pin-do=\"buttonPin\" data-pin-tall=\"true\" data-pin-url=\"https:\/\/flawlesshair.com\/es\/el-corte-de-pelo-rachel-de-los-90\/\" data-pin-media=\"https:\/\/flawlesshair.com\/wp-content\/uploads\/2025\/01\/Grunge-Inspired-Layers.jpg\" data-pin-description=\"34 Rachel-Inspired Haircuts That Make You Want to Book a Salon Appointment Today\" rel=\"nofollow noopener\" target=\"_blank\"> <\/a><\/div><\/div><figcaption class=\"wp-element-caption\"><a href=\"https:\/\/www.instagram.com\/salsalhair\/p\/Cbfi7j7FcCA\/\" target=\"_blank\" rel=\"noreferrer noopener nofollow\">\u00a9 salsalhair<\/a><\/figcaption><\/figure>\n\n\n\n<p>Las capas de inspiraci\u00f3n grunge captan el esp\u00edritu rebelde de los 90. Este estilo atrevido presenta capas desiguales y entrecortadas que desprenden un aire despreocupado. Combinado con un maquillaje atrevido y un atuendo informal, es una declaraci\u00f3n de principios para quienes se atreven a ser diferentes. Da rienda suelta a la estrella de rock que llevas dentro.<\/p>\n\n\n\n<h2 class=\"wp-block-heading\">17. Capas de enmarcado<\/h2>\n\n\n\n<figure class=\"wp-block-image\"><div style=\"position: relative;\"><noscript><img decoding=\"async\" src=\"https:\/\/flawlesshair.com\/wp-content\/uploads\/2025\/01\/Face-Framing-Layers-11.jpg\" alt=\"Capas de enmarcado\"><\/noscript><img decoding=\"async\" src=\"https:\/\/flawlesshair.com\/wp-content\/uploads\/2025\/01\/Face-Framing-Layers-11.jpg\" alt=\"Capas de enmarcado\" width=\"300\" height=\"300\" id=\"mv-trellis-img-17\" loading=\"lazy\" class=\"lazyload\" data-trellis-processed=\"1\"><div style=\"position: absolute; top: 0.5rem; right: 0.75rem;\"> <a href=\"https:\/\/www.pinterest.com\/pin\/create\/button\/\" data-pin-do=\"buttonPin\" data-pin-tall=\"true\" data-pin-url=\"https:\/\/flawlesshair.com\/es\/el-corte-de-pelo-rachel-de-los-90\/\" data-pin-media=\"https:\/\/flawlesshair.com\/wp-content\/uploads\/2025\/01\/Face-Framing-Layers-11.jpg\" data-pin-description=\"34 Rachel-Inspired Haircuts That Make You Want to Book a Salon Appointment Today\" rel=\"nofollow noopener\" target=\"_blank\"> <\/a><\/div><\/div><figcaption class=\"wp-element-caption\"><a href=\"https:\/\/www.instagram.com\/styled_by_alina\/p\/CkORXmsLwaL\/\" target=\"_blank\" rel=\"noreferrer noopener nofollow\">\u00a9 styled_by_alina<\/a><\/figcaption><\/figure>\n\n\n\n<p>Las capas que enmarcan el rostro est\u00e1n dise\u00f1adas para resaltar tus rasgos faciales. Este vers\u00e1til corte de pelo de los 90 suaviza el rostro y a\u00f1ade profundidad. Las capas pueden adaptarse a cualquier forma de cara, realzando la belleza natural. Una opci\u00f3n sofisticada y con estilo para la elegancia moderna.<\/p>\n\n\n\n<h2 class=\"wp-block-heading\">18. Elegante y recto<\/h2>\n\n\n\n<figure class=\"wp-block-image\"><div style=\"position: relative;\"><noscript><img decoding=\"async\" src=\"https:\/\/flawlesshair.com\/wp-content\/uploads\/2025\/01\/Sleek-and-Straight-5.jpg\" alt=\"Elegante y recto\"><\/noscript><img decoding=\"async\" src=\"https:\/\/flawlesshair.com\/wp-content\/uploads\/2025\/01\/Sleek-and-Straight-5.jpg\" alt=\"Elegante y recto\" width=\"300\" height=\"300\" id=\"mv-trellis-img-18\" loading=\"lazy\" class=\"lazyload\" data-trellis-processed=\"1\"><div style=\"position: absolute; top: 0.5rem; right: 0.75rem;\"> <a href=\"https:\/\/www.pinterest.com\/pin\/create\/button\/\" data-pin-do=\"buttonPin\" data-pin-tall=\"true\" data-pin-url=\"https:\/\/flawlesshair.com\/es\/el-corte-de-pelo-rachel-de-los-90\/\" data-pin-media=\"https:\/\/flawlesshair.com\/wp-content\/uploads\/2025\/01\/Sleek-and-Straight-5.jpg\" data-pin-description=\"34 Rachel-Inspired Haircuts That Make You Want to Book a Salon Appointment Today\" rel=\"nofollow noopener\" target=\"_blank\"> <\/a><\/div><\/div><figcaption class=\"wp-element-caption\"><a href=\"https:\/\/www.instagram.com\/hairby_lindseychex\/p\/DAUHZ0rOFUv\/?locale=zh_CN&amp;hl=ar\" target=\"_blank\" rel=\"noreferrer noopener nofollow\">\u00a9 hairby_lindseychex<\/a><\/figcaption><\/figure>\n\n\n\n<p>El corte de pelo liso y recto a capas es una opci\u00f3n pulida y profesional de los a\u00f1os 90. Presenta capas largas y lisas que crean una silueta elegante. Presenta capas largas y lisas que crean una silueta elegante. Ideal para quienes buscan un look refinado y elegante, es un estilo atemporal que complementa cualquier atuendo.<\/p>\n\n\n\n<h2 class=\"wp-block-heading\">19. Capas desgre\u00f1adas<\/h2>\n\n\n\n<figure class=\"wp-block-image\"><div style=\"position: relative;\"><noscript><img decoding=\"async\" src=\"https:\/\/flawlesshair.com\/wp-content\/uploads\/2025\/01\/Shaggy-Layers-7.jpg\" alt=\"Capas desgre\u00f1adas\"><\/noscript><img decoding=\"async\" src=\"https:\/\/flawlesshair.com\/wp-content\/uploads\/2025\/01\/Shaggy-Layers-7.jpg\" alt=\"Capas desgre\u00f1adas\" width=\"300\" height=\"300\" id=\"mv-trellis-img-19\" loading=\"lazy\" class=\"lazyload\" data-trellis-processed=\"1\"><div style=\"position: absolute; top: 0.5rem; right: 0.75rem;\"> <a href=\"https:\/\/www.pinterest.com\/pin\/create\/button\/\" data-pin-do=\"buttonPin\" data-pin-tall=\"true\" data-pin-url=\"https:\/\/flawlesshair.com\/es\/el-corte-de-pelo-rachel-de-los-90\/\" data-pin-media=\"https:\/\/flawlesshair.com\/wp-content\/uploads\/2025\/01\/Shaggy-Layers-7.jpg\" data-pin-description=\"34 Rachel-Inspired Haircuts That Make You Want to Book a Salon Appointment Today\" rel=\"nofollow noopener\" target=\"_blank\"> <\/a><\/div><\/div><figcaption class=\"wp-element-caption\"><a href=\"https:\/\/www.instagram.com\/singi.vo\/p\/CUgeLJEM6Ld\/\" target=\"_blank\" rel=\"noreferrer noopener nofollow\">\u00a9 singi.vo<\/a><\/figcaption><\/figure>\n\n\n\n<p>Las capas desgre\u00f1adas desprenden un aire relajado y tranquilo, perfecto para la era grunge de los 90. Este corte de pelo a\u00f1ade textura y dimensi\u00f3n, con capas entrecortadas que enmarcan el rostro. Este corte de pelo a\u00f1ade textura y dimensi\u00f3n, con capas entrecortadas que enmarcan el rostro. Es una opci\u00f3n ideal para quienes buscan un estilo desenfadado, sin esfuerzo y con un toque de rebeld\u00eda.<\/p>\n\n\n\n<h2 class=\"wp-block-heading\">20. Bob a capas<\/h2>\n\n\n\n<figure class=\"wp-block-image\"><div style=\"position: relative;\"><noscript><img decoding=\"async\" src=\"https:\/\/flawlesshair.com\/wp-content\/uploads\/2025\/01\/Layered-Bob-29.jpg\" alt=\"Bob a capas\"><\/noscript><img decoding=\"async\" src=\"https:\/\/flawlesshair.com\/wp-content\/uploads\/2025\/01\/Layered-Bob-29.jpg\" alt=\"Bob a capas\" width=\"300\" height=\"300\" id=\"mv-trellis-img-20\" loading=\"lazy\" class=\"lazyload\" data-trellis-processed=\"1\"><div style=\"position: absolute; top: 0.5rem; right: 0.75rem;\"> <a href=\"https:\/\/www.pinterest.com\/pin\/create\/button\/\" data-pin-do=\"buttonPin\" data-pin-tall=\"true\" data-pin-url=\"https:\/\/flawlesshair.com\/es\/el-corte-de-pelo-rachel-de-los-90\/\" data-pin-media=\"https:\/\/flawlesshair.com\/wp-content\/uploads\/2025\/01\/Layered-Bob-29.jpg\" data-pin-description=\"34 Rachel-Inspired Haircuts That Make You Want to Book a Salon Appointment Today\" rel=\"nofollow noopener\" target=\"_blank\"> <\/a><\/div><\/div><figcaption class=\"wp-element-caption\"><a href=\"https:\/\/www.instagram.com\/tom_edwardsandco\/p\/CsDY1syPvmT\/\" target=\"_blank\" rel=\"noreferrer noopener nofollow\">\u00a9 tom_edwardsandco<\/a><\/figcaption><\/figure>\n\n\n\n<p>El corte bob a capas fue un corte de moda en los 90 que combinaba sofisticaci\u00f3n y diversi\u00f3n. Este estilo presenta capas que a\u00f1aden volumen y movimiento a un corte bob cl\u00e1sico. Es una opci\u00f3n perfecta para quienes buscan un look moderno y elegante con un toque vintage.<\/p>\n\n\n\n<h2 class=\"wp-block-heading\">21. Largo y despeinado<\/h2>\n\n\n\n<figure class=\"wp-block-image\"><div style=\"position: relative;\"><noscript><img decoding=\"async\" src=\"https:\/\/flawlesshair.com\/wp-content\/uploads\/2025\/01\/Long-and-Tousled.jpg\" alt=\"Largo y despeinado\"><\/noscript><img decoding=\"async\" src=\"https:\/\/flawlesshair.com\/wp-content\/uploads\/2025\/01\/Long-and-Tousled.jpg\" alt=\"Largo y despeinado\" width=\"300\" height=\"300\" id=\"mv-trellis-img-21\" loading=\"lazy\" class=\"lazyload\" data-trellis-processed=\"1\"><div style=\"position: absolute; top: 0.5rem; right: 0.75rem;\"> <a href=\"https:\/\/www.pinterest.com\/pin\/create\/button\/\" data-pin-do=\"buttonPin\" data-pin-tall=\"true\" data-pin-url=\"https:\/\/flawlesshair.com\/es\/el-corte-de-pelo-rachel-de-los-90\/\" data-pin-media=\"https:\/\/flawlesshair.com\/wp-content\/uploads\/2025\/01\/Long-and-Tousled.jpg\" data-pin-description=\"34 Rachel-Inspired Haircuts That Make You Want to Book a Salon Appointment Today\" rel=\"nofollow noopener\" target=\"_blank\"> <\/a><\/div><\/div><figcaption class=\"wp-element-caption\"><a href=\"https:\/\/www.instagram.com\/sintia_la\/p\/C3B-E52LZJx\/\" target=\"_blank\" rel=\"noreferrer noopener nofollow\">\u00a9 sintia_la<\/a><\/figcaption><\/figure>\n\n\n\n<p>Las capas largas y despeinadas ofrecen un aire de esp\u00edritu libre que defini\u00f3 la d\u00e9cada de los 90. Este estilo se consigue a\u00f1adiendo capas para dar textura y movimiento. Es una opci\u00f3n estupenda para las amantes del look natural y despeinado. F\u00e1cil de mantener y perfecto para cualquier ocasi\u00f3n informal.<\/p>\n\n\n\n<h2 class=\"wp-block-heading\">22. Lob en capas<\/h2>\n\n\n\n<figure class=\"wp-block-image\"><div style=\"position: relative;\"><noscript><img decoding=\"async\" src=\"https:\/\/flawlesshair.com\/wp-content\/uploads\/2025\/01\/Layered-Lob-35.jpg\" alt=\"Lob en capas\"><\/noscript><img decoding=\"async\" src=\"https:\/\/flawlesshair.com\/wp-content\/uploads\/2025\/01\/Layered-Lob-35.jpg\" alt=\"Lob en capas\" width=\"300\" height=\"300\" id=\"mv-trellis-img-22\" loading=\"lazy\" class=\"lazyload\" data-trellis-processed=\"1\"><div style=\"position: absolute; top: 0.5rem; right: 0.75rem;\"> <a href=\"https:\/\/www.pinterest.com\/pin\/create\/button\/\" data-pin-do=\"buttonPin\" data-pin-tall=\"true\" data-pin-url=\"https:\/\/flawlesshair.com\/es\/el-corte-de-pelo-rachel-de-los-90\/\" data-pin-media=\"https:\/\/flawlesshair.com\/wp-content\/uploads\/2025\/01\/Layered-Lob-35.jpg\" data-pin-description=\"34 Rachel-Inspired Haircuts That Make You Want to Book a Salon Appointment Today\" rel=\"nofollow noopener\" target=\"_blank\"> <\/a><\/div><\/div><figcaption class=\"wp-element-caption\"><a href=\"https:\/\/www.instagram.com\/eastonhair\/p\/CxdfeSER7ze\/\" target=\"_blank\" rel=\"noreferrer noopener nofollow\">\u00a9 eastonhair<\/a><\/figcaption><\/figure>\n\n\n\n<p>El corte lob a capas combina la longitud del pelo largo con el estilo de un bob. Este corte de pelo inspirado en los 90 a\u00f1ade capas para dar textura y dimensi\u00f3n. Es una opci\u00f3n vers\u00e1til, adecuada para distintas formas de cara y tipos de pelo. Un estilo sofisticado para la mujer moderna.<\/p>\n\n\n\n<h2 class=\"wp-block-heading\">23. Capas invertidas<\/h2>\n\n\n\n<figure class=\"wp-block-image\"><div style=\"position: relative;\"><noscript><img decoding=\"async\" src=\"https:\/\/flawlesshair.com\/wp-content\/uploads\/2025\/01\/Flipped-Layers.jpg\" alt=\"Capas invertidas\"><\/noscript><img decoding=\"async\" src=\"https:\/\/flawlesshair.com\/wp-content\/uploads\/2025\/01\/Flipped-Layers.jpg\" alt=\"Capas invertidas\" width=\"300\" height=\"300\" id=\"mv-trellis-img-23\" loading=\"lazy\" class=\"lazyload\" data-trellis-processed=\"1\"><div style=\"position: absolute; top: 0.5rem; right: 0.75rem;\"> <a href=\"https:\/\/www.pinterest.com\/pin\/create\/button\/\" data-pin-do=\"buttonPin\" data-pin-tall=\"true\" data-pin-url=\"https:\/\/flawlesshair.com\/es\/el-corte-de-pelo-rachel-de-los-90\/\" data-pin-media=\"https:\/\/flawlesshair.com\/wp-content\/uploads\/2025\/01\/Flipped-Layers.jpg\" data-pin-description=\"34 Rachel-Inspired Haircuts That Make You Want to Book a Salon Appointment Today\" rel=\"nofollow noopener\" target=\"_blank\"> <\/a><\/div><\/div><figcaption class=\"wp-element-caption\"><a href=\"https:\/\/www.instagram.com\/latesthair\/p\/CwN0XdUNQVD\/\" target=\"_blank\" rel=\"noreferrer noopener nofollow\">\u00a9 latesthair<\/a><\/figcaption><\/figure>\n\n\n\n<p>Las capas volteadas aportan una energ\u00eda juguetona y juvenil que recuerda a los a\u00f1os 90. Este peinado presenta capas que se voltean hacia fuera, a\u00f1adiendo volumen y estilo. Es una forma emocionante de renovar tu look, perfecta para quienes disfrutan experimentando con su estilo.<\/p>\n\n\n\n<h2 class=\"wp-block-heading\">24. Flequillo a capas<\/h2>\n\n\n\n<figure class=\"wp-block-image\"><div style=\"position: relative;\"><noscript><img decoding=\"async\" src=\"https:\/\/flawlesshair.com\/wp-content\/uploads\/2025\/01\/Layered-Bangs-4.jpg\" alt=\"Flequillo a capas\"><\/noscript><img decoding=\"async\" src=\"https:\/\/flawlesshair.com\/wp-content\/uploads\/2025\/01\/Layered-Bangs-4.jpg\" alt=\"Flequillo a capas\" width=\"300\" height=\"300\" id=\"mv-trellis-img-24\" loading=\"lazy\" class=\"lazyload\" data-trellis-processed=\"1\"><div style=\"position: absolute; top: 0.5rem; right: 0.75rem;\"> <a href=\"https:\/\/www.pinterest.com\/pin\/create\/button\/\" data-pin-do=\"buttonPin\" data-pin-tall=\"true\" data-pin-url=\"https:\/\/flawlesshair.com\/es\/el-corte-de-pelo-rachel-de-los-90\/\" data-pin-media=\"https:\/\/flawlesshair.com\/wp-content\/uploads\/2025\/01\/Layered-Bangs-4.jpg\" data-pin-description=\"34 Rachel-Inspired Haircuts That Make You Want to Book a Salon Appointment Today\" rel=\"nofollow noopener\" target=\"_blank\"> <\/a><\/div><\/div><figcaption class=\"wp-element-caption\"><a href=\"https:\/\/www.instagram.com\/hairbyyangie\/p\/DAL5r_5yDRJ\/\" target=\"_blank\" rel=\"noreferrer noopener nofollow\">\u00a9 hairbyyangie<\/a><\/figcaption><\/figure>\n\n\n\n<p>El flequillo a capas a\u00f1ade un toque contempor\u00e1neo a un peinado cl\u00e1sico de los 90. Este look incorpora capas suaves alrededor de la cara, combinadas con flequillo para a\u00f1adir inter\u00e9s. Es una opci\u00f3n elegante que puede personalizarse para adaptarse a diferentes formas de cara, mejorando el aspecto general.<\/p>\n\n\n\n<h2 class=\"wp-block-heading\">25. Capas largas con mechas<\/h2>\n\n\n\n<figure class=\"wp-block-image\"><div style=\"position: relative;\"><noscript><img decoding=\"async\" src=\"https:\/\/flawlesshair.com\/wp-content\/uploads\/2025\/01\/Long-Layers-with-Highlights-3.jpg\" alt=\"Largas capas con mechas\"><\/noscript><img decoding=\"async\" src=\"https:\/\/flawlesshair.com\/wp-content\/uploads\/2025\/01\/Long-Layers-with-Highlights-3.jpg\" alt=\"Largas capas con mechas\" width=\"300\" height=\"300\" id=\"mv-trellis-img-25\" loading=\"lazy\" class=\"lazyload\" data-trellis-processed=\"1\"><div style=\"position: absolute; top: 0.5rem; right: 0.75rem;\"> <a href=\"https:\/\/www.pinterest.com\/pin\/create\/button\/\" data-pin-do=\"buttonPin\" data-pin-tall=\"true\" data-pin-url=\"https:\/\/flawlesshair.com\/es\/el-corte-de-pelo-rachel-de-los-90\/\" data-pin-media=\"https:\/\/flawlesshair.com\/wp-content\/uploads\/2025\/01\/Long-Layers-with-Highlights-3.jpg\" data-pin-description=\"34 Rachel-Inspired Haircuts That Make You Want to Book a Salon Appointment Today\" rel=\"nofollow noopener\" target=\"_blank\"> <\/a><\/div><\/div><figcaption class=\"wp-element-caption\"><a href=\"https:\/\/www.instagram.com\/vanillasaloncm\/p\/C-n4-rcSCtt\/\" target=\"_blank\" rel=\"noreferrer noopener nofollow\">\u00a9 vanillasaloncm<\/a><\/figcaption><\/figure>\n\n\n\n<p>Las capas largas con mechas crean dimensi\u00f3n y brillo en el cabello. Este estilo inspirado en los 90 consiste en a\u00f1adir capas para dar movimiento y mechas para crear contraste. Es perfecto para quienes buscan a\u00f1adir un toque de glamour a su look, realzando la belleza natural.<\/p>\n\n\n\n<h2 class=\"wp-block-heading\">26. Capas suaves con balayage<\/h2>\n\n\n\n<figure class=\"wp-block-image\"><div style=\"position: relative;\"><noscript><img decoding=\"async\" src=\"https:\/\/flawlesshair.com\/wp-content\/uploads\/2025\/01\/Soft-Layers-with-Balayage.jpg\" alt=\"Capas suaves con Balayage\"><\/noscript><img decoding=\"async\" src=\"https:\/\/flawlesshair.com\/wp-content\/uploads\/2025\/01\/Soft-Layers-with-Balayage.jpg\" alt=\"Capas suaves con Balayage\" width=\"300\" height=\"300\" id=\"mv-trellis-img-26\" loading=\"lazy\" class=\"lazyload\" data-trellis-processed=\"1\"><div style=\"position: absolute; top: 0.5rem; right: 0.75rem;\"> <a href=\"https:\/\/www.pinterest.com\/pin\/create\/button\/\" data-pin-do=\"buttonPin\" data-pin-tall=\"true\" data-pin-url=\"https:\/\/flawlesshair.com\/es\/el-corte-de-pelo-rachel-de-los-90\/\" data-pin-media=\"https:\/\/flawlesshair.com\/wp-content\/uploads\/2025\/01\/Soft-Layers-with-Balayage.jpg\" data-pin-description=\"34 Rachel-Inspired Haircuts That Make You Want to Book a Salon Appointment Today\" rel=\"nofollow noopener\" target=\"_blank\"> <\/a><\/div><\/div><figcaption class=\"wp-element-caption\"><a href=\"https:\/\/www.instagram.com\/hairbymadisoncarbrey\/p\/Cn2-8m9uVRy\/\" target=\"_blank\" rel=\"noreferrer noopener nofollow\">\u00a9 hairbymadisoncarbrey<\/a><\/figcaption><\/figure>\n\n\n\n<p>Las capas suaves combinadas con el balayage crean un sutil efecto bronceado. Este corte de pelo inspirado en los 90 a\u00f1ade capas suaves para dar movimiento, con reflejos balayage que realzan el look general. Es una opci\u00f3n elegante para quienes desean un peinado natural y sofisticado.<\/p>\n\n\n\n<h2 class=\"wp-block-heading\">27. Capas onduladas<\/h2>\n\n\n\n<figure class=\"wp-block-image\"><div style=\"position: relative;\"><noscript><img decoding=\"async\" src=\"https:\/\/flawlesshair.com\/wp-content\/uploads\/2025\/01\/Choppy-Layers-10.jpg\" alt=\"Capas onduladas\"><\/noscript><img decoding=\"async\" src=\"https:\/\/flawlesshair.com\/wp-content\/uploads\/2025\/01\/Choppy-Layers-10.jpg\" alt=\"Capas onduladas\" width=\"300\" height=\"300\" id=\"mv-trellis-img-27\" loading=\"lazy\" class=\"lazyload\" data-trellis-processed=\"1\"><div style=\"position: absolute; top: 0.5rem; right: 0.75rem;\"> <a href=\"https:\/\/www.pinterest.com\/pin\/create\/button\/\" data-pin-do=\"buttonPin\" data-pin-tall=\"true\" data-pin-url=\"https:\/\/flawlesshair.com\/es\/el-corte-de-pelo-rachel-de-los-90\/\" data-pin-media=\"https:\/\/flawlesshair.com\/wp-content\/uploads\/2025\/01\/Choppy-Layers-10.jpg\" data-pin-description=\"34 Rachel-Inspired Haircuts That Make You Want to Book a Salon Appointment Today\" rel=\"nofollow noopener\" target=\"_blank\"> <\/a><\/div><\/div><figcaption class=\"wp-element-caption\"><a href=\"https:\/\/www.instagram.com\/yukistylist\/p\/CeWlYnWpYt0\/\" target=\"_blank\" rel=\"noreferrer noopener nofollow\">\u00a9 yukistylist<\/a><\/figcaption><\/figure>\n\n\n\n<p>Las capas recortadas aportan un estilo atrevido y juvenil que es la quintaesencia de los 90. Este corte de pelo incluye capas desiguales y divertidas que a\u00f1aden volumen y movimiento. Es perfecto para quienes desean un look vivo y din\u00e1mico. Una opci\u00f3n emocionante para cualquiera que busque renovar su aspecto.<\/p>\n\n\n\n<h2 class=\"wp-block-heading\">28. Capas largas con flequillo cortina<\/h2>\n\n\n\n<figure class=\"wp-block-image\"><div style=\"position: relative;\"><noscript><img decoding=\"async\" src=\"https:\/\/flawlesshair.com\/wp-content\/uploads\/2025\/01\/Long-Layers-with-Curtain-Bangs-1.jpg\" alt=\"Largas capas con flequillo cortina\"><\/noscript><img decoding=\"async\" src=\"https:\/\/flawlesshair.com\/wp-content\/uploads\/2025\/01\/Long-Layers-with-Curtain-Bangs-1.jpg\" alt=\"Largas capas con flequillo cortina\" width=\"300\" height=\"300\" id=\"mv-trellis-img-28\" loading=\"lazy\" class=\"lazyload\" data-trellis-processed=\"1\"><div style=\"position: absolute; top: 0.5rem; right: 0.75rem;\"> <a href=\"https:\/\/www.pinterest.com\/pin\/create\/button\/\" data-pin-do=\"buttonPin\" data-pin-tall=\"true\" data-pin-url=\"https:\/\/flawlesshair.com\/es\/el-corte-de-pelo-rachel-de-los-90\/\" data-pin-media=\"https:\/\/flawlesshair.com\/wp-content\/uploads\/2025\/01\/Long-Layers-with-Curtain-Bangs-1.jpg\" data-pin-description=\"34 Rachel-Inspired Haircuts That Make You Want to Book a Salon Appointment Today\" rel=\"nofollow noopener\" target=\"_blank\"> <\/a><\/div><\/div><figcaption class=\"wp-element-caption\"><a href=\"https:\/\/www.instagram.com\/hairbyvantha\/p\/CdO-EC5MSyg\/\" target=\"_blank\" rel=\"noreferrer noopener nofollow\">\u00a9 hairbyvantha<\/a><\/figcaption><\/figure>\n\n\n\n<p>Las capas largas con flequillo cortina ofrecen un estilo moderno y chic inspirado en los a\u00f1os 90. Este corte de pelo a\u00f1ade capas para dar volumen y movimiento, con un flequillo cortina que enmarca el rostro. Es una opci\u00f3n elegante y sofisticada para quienes buscan actualizar su look con un toque vintage.<\/p>\n\n\n\n<h2 class=\"wp-block-heading\">29. Capas rectas con raya en medio<\/h2>\n\n\n\n<figure class=\"wp-block-image\"><div style=\"position: relative;\"><noscript><img decoding=\"async\" src=\"https:\/\/flawlesshair.com\/wp-content\/uploads\/2025\/01\/Straight-Layers-with-Middle-Part.jpg\" alt=\"Capas rectas con raya en medio\"><\/noscript><img decoding=\"async\" src=\"https:\/\/flawlesshair.com\/wp-content\/uploads\/2025\/01\/Straight-Layers-with-Middle-Part.jpg\" alt=\"Capas rectas con raya en medio\" width=\"300\" height=\"300\" id=\"mv-trellis-img-29\" loading=\"lazy\" class=\"lazyload\" data-trellis-processed=\"1\"><div style=\"position: absolute; top: 0.5rem; right: 0.75rem;\"> <a href=\"https:\/\/www.pinterest.com\/pin\/create\/button\/\" data-pin-do=\"buttonPin\" data-pin-tall=\"true\" data-pin-url=\"https:\/\/flawlesshair.com\/es\/el-corte-de-pelo-rachel-de-los-90\/\" data-pin-media=\"https:\/\/flawlesshair.com\/wp-content\/uploads\/2025\/01\/Straight-Layers-with-Middle-Part.jpg\" data-pin-description=\"34 Rachel-Inspired Haircuts That Make You Want to Book a Salon Appointment Today\" rel=\"nofollow noopener\" target=\"_blank\"> <\/a><\/div><\/div><figcaption class=\"wp-element-caption\"><a href=\"https:\/\/www.instagram.com\/styledbyjada\/p\/CzE7_rDyBNJ\/\" target=\"_blank\" rel=\"noreferrer noopener nofollow\">\u00a9 styledbyjada<\/a><\/figcaption><\/figure>\n\n\n\n<p>Las capas rectas con raya en medio ofrecen un estilo elegante y sim\u00e9trico. Este corte de pelo inspirado en los 90 presenta capas largas y uniformes que enmarcan el rostro. Es una opci\u00f3n elegante para quienes buscan realzar su belleza natural. Sencillo, pero incre\u00edblemente sofisticado y atemporal.<\/p>\n\n\n\n<h2 class=\"wp-block-heading\">30. Rachel la Sofisticada<\/h2>\n\n\n\n<figure class=\"wp-block-image\"><div style=\"position: relative;\"><noscript><img decoding=\"async\" src=\"https:\/\/flawlesshair.com\/wp-content\/uploads\/2025\/01\/Sophisticated-Rachel.jpg\" alt=\"Rachel la Sofisticada\"><\/noscript><img decoding=\"async\" src=\"https:\/\/flawlesshair.com\/wp-content\/uploads\/2025\/01\/Sophisticated-Rachel.jpg\" alt=\"Rachel la Sofisticada\" width=\"300\" height=\"300\" id=\"mv-trellis-img-30\" loading=\"lazy\" class=\"lazyload\" data-trellis-processed=\"1\"><div style=\"position: absolute; top: 0.5rem; right: 0.75rem;\"> <a href=\"https:\/\/www.pinterest.com\/pin\/create\/button\/\" data-pin-do=\"buttonPin\" data-pin-tall=\"true\" data-pin-url=\"https:\/\/flawlesshair.com\/es\/el-corte-de-pelo-rachel-de-los-90\/\" data-pin-media=\"https:\/\/flawlesshair.com\/wp-content\/uploads\/2025\/01\/Sophisticated-Rachel.jpg\" data-pin-description=\"34 Rachel-Inspired Haircuts That Make You Want to Book a Salon Appointment Today\" rel=\"nofollow noopener\" target=\"_blank\"> <\/a><\/div><\/div><figcaption class=\"wp-element-caption\"><a href=\"https:\/\/www.instagram.com\/hannahdallal\/p\/DEyTFDku88I\/\" target=\"_blank\" rel=\"noreferrer noopener nofollow\">\u00a9 hannahdallal<\/a><\/figcaption><\/figure>\n\n\n\n<p>Eleve el Rachel para una apariencia sofisticada. Este estilo pulido, con capas ordenadas, es ideal para ambientes formales. Rezuma clase y confianza, perfecto para eventos de alto nivel.<\/p>\n\n\n\n<h2 class=\"wp-block-heading\">31. Classic Rachel<\/h2>\n\n\n\n<figure class=\"wp-block-image\"><div style=\"position: relative;\"><noscript><img decoding=\"async\" src=\"https:\/\/flawlesshair.com\/wp-content\/uploads\/2025\/01\/Classic-Rachel.jpg\" alt=\"Rachel cl\u00e1sica\"><\/noscript><img decoding=\"async\" src=\"https:\/\/flawlesshair.com\/wp-content\/uploads\/2025\/01\/Classic-Rachel.jpg\" alt=\"Rachel cl\u00e1sica\" width=\"300\" height=\"300\" id=\"mv-trellis-img-31\" loading=\"lazy\" class=\"lazyload\" data-trellis-processed=\"1\"><div style=\"position: absolute; top: 0.5rem; right: 0.75rem;\"> <a href=\"https:\/\/www.pinterest.com\/pin\/create\/button\/\" data-pin-do=\"buttonPin\" data-pin-tall=\"true\" data-pin-url=\"https:\/\/flawlesshair.com\/es\/el-corte-de-pelo-rachel-de-los-90\/\" data-pin-media=\"https:\/\/flawlesshair.com\/wp-content\/uploads\/2025\/01\/Classic-Rachel.jpg\" data-pin-description=\"34 Rachel-Inspired Haircuts That Make You Want to Book a Salon Appointment Today\" rel=\"nofollow noopener\" target=\"_blank\"> <\/a><\/div><\/div><figcaption class=\"wp-element-caption\"><a href=\"https:\/\/www.instagram.com\/privesalon_orlando\/p\/DCKN1IsRADZ\/\" target=\"_blank\" rel=\"noreferrer noopener nofollow\">\u00a9 privesalon_orlando<\/a><\/figcaption><\/figure>\n\n\n\n<p>El ic\u00f3nico corte de pelo de Rachel es <a href=\"https:\/\/flawlesshair.com\/es\/25-cortes-de-pelo-corto-y-medio-a-capas-que-mejoraran-tu-textura\/\">todo sobre capas<\/a>. Este estilo atemporal, caracterizado por su elegante mezcla de capas, ofrece volumen y movimiento. Ideal para cabello liso a ondulado, es una opci\u00f3n favorecedora para todas las formas de cara. F\u00e1cil de mantener, sigue siendo uno de los favoritos.<\/p>\n\n\n\n<h2 class=\"wp-block-heading\">32. Long Rachel<\/h2>\n\n\n\n<figure class=\"wp-block-image\"><div style=\"position: relative;\"><noscript><img decoding=\"async\" src=\"https:\/\/flawlesshair.com\/wp-content\/uploads\/2025\/01\/Long-Rachel.jpg\" alt=\"Long Rachel\"><\/noscript><img decoding=\"async\" src=\"https:\/\/flawlesshair.com\/wp-content\/uploads\/2025\/01\/Long-Rachel.jpg\" alt=\"Long Rachel\" width=\"300\" height=\"300\" id=\"mv-trellis-img-32\" loading=\"lazy\" class=\"lazyload\" data-trellis-processed=\"1\"><div style=\"position: absolute; top: 0.5rem; right: 0.75rem;\"> <a href=\"https:\/\/www.pinterest.com\/pin\/create\/button\/\" data-pin-do=\"buttonPin\" data-pin-tall=\"true\" data-pin-url=\"https:\/\/flawlesshair.com\/es\/el-corte-de-pelo-rachel-de-los-90\/\" data-pin-media=\"https:\/\/flawlesshair.com\/wp-content\/uploads\/2025\/01\/Long-Rachel.jpg\" data-pin-description=\"34 Rachel-Inspired Haircuts That Make You Want to Book a Salon Appointment Today\" rel=\"nofollow noopener\" target=\"_blank\"> <\/a><\/div><\/div><figcaption class=\"wp-element-caption\"><a href=\"https:\/\/therighthairstyles.com\/modern-rachel-haircut\/\" target=\"_blank\" rel=\"noreferrer noopener nofollow\">Los peinados adecuados<\/a><\/figcaption><\/figure>\n\n\n\n<p>Extienda las capas de la Rachel para obtener una versi\u00f3n m\u00e1s larga, proporcionando un aspecto gr\u00e1cil y fluido. Estas capas a\u00f1aden movimiento y elegancia. Este estilo es perfecto para quienes adoran la longitud pero desean una textura a\u00f1adida.<\/p>\n\n\n\n<h2 class=\"wp-block-heading\">33. Sleek Rachel Cut<\/h2>\n\n\n\n<figure class=\"wp-block-image size-full\"><div style=\"position: relative;\"><noscript><img loading=\"lazy\" decoding=\"async\" width=\"1440\" height=\"1800\" src=\"https:\/\/flawlesshair.com\/wp-content\/uploads\/2025\/01\/sleek-rachel-cut.jpg\" alt=\"\" class=\"wp-image-157660\" srcset=\"https:\/\/flawlesshair.com\/wp-content\/uploads\/2025\/01\/sleek-rachel-cut.jpg 1440w, https:\/\/flawlesshair.com\/wp-content\/uploads\/2025\/01\/sleek-rachel-cut-240x300.jpg 240w, https:\/\/flawlesshair.com\/wp-content\/uploads\/2025\/01\/sleek-rachel-cut-768x960.jpg 768w, https:\/\/flawlesshair.com\/wp-content\/uploads\/2025\/01\/sleek-rachel-cut-10x12.jpg 10w, https:\/\/flawlesshair.com\/wp-content\/uploads\/2025\/01\/sleek-rachel-cut-864x1080.jpg 864w, https:\/\/flawlesshair.com\/wp-content\/uploads\/2025\/01\/sleek-rachel-cut-960x1200.jpg 960w\" sizes=\"auto, (max-width: 760px) calc(100vw - 24px), 720px\"><\/noscript><img loading=\"lazy\" decoding=\"async\" width=\"1440\" height=\"1800\" src=\"https:\/\/flawlesshair.com\/wp-content\/uploads\/2025\/01\/sleek-rachel-cut.jpg\" alt=\"\" class=\"wp-image-157660 lazyload\" srcset=\"https:\/\/flawlesshair.com\/wp-content\/uploads\/2025\/01\/sleek-rachel-cut.jpg 1440w, https:\/\/flawlesshair.com\/wp-content\/uploads\/2025\/01\/sleek-rachel-cut-240x300.jpg 240w, https:\/\/flawlesshair.com\/wp-content\/uploads\/2025\/01\/sleek-rachel-cut-768x960.jpg 768w, https:\/\/flawlesshair.com\/wp-content\/uploads\/2025\/01\/sleek-rachel-cut-10x12.jpg 10w, https:\/\/flawlesshair.com\/wp-content\/uploads\/2025\/01\/sleek-rachel-cut-864x1080.jpg 864w, https:\/\/flawlesshair.com\/wp-content\/uploads\/2025\/01\/sleek-rachel-cut-960x1200.jpg 960w\" sizes=\"auto, (max-width: 760px) calc(100vw - 24px), 720px\" data-pin-media=\"https:\/\/flawlesshair.com\/wp-content\/uploads\/2025\/01\/sleek-rachel-cut.jpg\" id=\"mv-trellis-img-33\" data-trellis-processed=\"1\"><div style=\"position: absolute; top: 0.5rem; right: 0.75rem;\"> <a href=\"https:\/\/www.pinterest.com\/pin\/create\/button\/\" data-pin-do=\"buttonPin\" data-pin-tall=\"true\" data-pin-url=\"https:\/\/flawlesshair.com\/es\/el-corte-de-pelo-rachel-de-los-90\/\" data-pin-media=\"https:\/\/flawlesshair.com\/wp-content\/uploads\/2025\/01\/sleek-rachel-cut.jpg\" data-pin-description=\"34 Rachel-Inspired Haircuts That Make You Want to Book a Salon Appointment Today\" rel=\"nofollow noopener\" target=\"_blank\"> <\/a><\/div><\/div><figcaption class=\"wp-element-caption\"><a href=\"https:\/\/www.instagram.com\/bomanesalon\" target=\"_blank\" rel=\"noreferrer noopener nofollow\">@bomanesalon<\/a><\/figcaption><\/figure>\n\n\n\n<p>Channeling &lsquo;90s supermodel vibes, this sleek take on the Rachel cut is all about feathered layers that frame the face beautifully. The added length and shine make it a modern, polished update that flatters all face shapes while keeping things fresh and bouncy.&nbsp;<\/p>\n\n\n\n<h2 class=\"wp-block-heading\">34. Fluffy Rachel Cut With Bangs<\/h2>\n\n\n\n<figure class=\"wp-block-image size-full\"><div style=\"position: relative;\"><noscript><img loading=\"lazy\" decoding=\"async\" width=\"1440\" height=\"1787\" src=\"https:\/\/flawlesshair.com\/wp-content\/uploads\/2025\/01\/fluffy-rachel-cut-with-bangs.jpg\" alt=\"\" class=\"wp-image-157659\" srcset=\"https:\/\/flawlesshair.com\/wp-content\/uploads\/2025\/01\/fluffy-rachel-cut-with-bangs.jpg 1440w, https:\/\/flawlesshair.com\/wp-content\/uploads\/2025\/01\/fluffy-rachel-cut-with-bangs-242x300.jpg 242w, https:\/\/flawlesshair.com\/wp-content\/uploads\/2025\/01\/fluffy-rachel-cut-with-bangs-768x953.jpg 768w, https:\/\/flawlesshair.com\/wp-content\/uploads\/2025\/01\/fluffy-rachel-cut-with-bangs-10x12.jpg 10w, https:\/\/flawlesshair.com\/wp-content\/uploads\/2025\/01\/fluffy-rachel-cut-with-bangs-774x960.jpg 774w, https:\/\/flawlesshair.com\/wp-content\/uploads\/2025\/01\/fluffy-rachel-cut-with-bangs-870x1080.jpg 870w, https:\/\/flawlesshair.com\/wp-content\/uploads\/2025\/01\/fluffy-rachel-cut-with-bangs-967x1200.jpg 967w\" sizes=\"auto, (max-width: 760px) calc(100vw - 24px), 720px\"><\/noscript><img loading=\"lazy\" decoding=\"async\" width=\"1440\" height=\"1787\" src=\"https:\/\/flawlesshair.com\/wp-content\/uploads\/2025\/01\/fluffy-rachel-cut-with-bangs.jpg\" alt=\"\" class=\"wp-image-157659 lazyload\" srcset=\"https:\/\/flawlesshair.com\/wp-content\/uploads\/2025\/01\/fluffy-rachel-cut-with-bangs.jpg 1440w, https:\/\/flawlesshair.com\/wp-content\/uploads\/2025\/01\/fluffy-rachel-cut-with-bangs-242x300.jpg 242w, https:\/\/flawlesshair.com\/wp-content\/uploads\/2025\/01\/fluffy-rachel-cut-with-bangs-768x953.jpg 768w, https:\/\/flawlesshair.com\/wp-content\/uploads\/2025\/01\/fluffy-rachel-cut-with-bangs-10x12.jpg 10w, https:\/\/flawlesshair.com\/wp-content\/uploads\/2025\/01\/fluffy-rachel-cut-with-bangs-774x960.jpg 774w, https:\/\/flawlesshair.com\/wp-content\/uploads\/2025\/01\/fluffy-rachel-cut-with-bangs-870x1080.jpg 870w, https:\/\/flawlesshair.com\/wp-content\/uploads\/2025\/01\/fluffy-rachel-cut-with-bangs-967x1200.jpg 967w\" sizes=\"auto, (max-width: 760px) calc(100vw - 24px), 720px\" data-pin-media=\"https:\/\/flawlesshair.com\/wp-content\/uploads\/2025\/01\/fluffy-rachel-cut-with-bangs.jpg\" id=\"mv-trellis-img-34\" data-trellis-processed=\"1\"><div style=\"position: absolute; top: 0.5rem; right: 0.75rem;\"> <a href=\"https:\/\/www.pinterest.com\/pin\/create\/button\/\" data-pin-do=\"buttonPin\" data-pin-tall=\"true\" data-pin-url=\"https:\/\/flawlesshair.com\/es\/el-corte-de-pelo-rachel-de-los-90\/\" data-pin-media=\"https:\/\/flawlesshair.com\/wp-content\/uploads\/2025\/01\/fluffy-rachel-cut-with-bangs.jpg\" data-pin-description=\"34 Rachel-Inspired Haircuts That Make You Want to Book a Salon Appointment Today\" rel=\"nofollow noopener\" target=\"_blank\"> <\/a><\/div><\/div><figcaption class=\"wp-element-caption\"><a href=\"https:\/\/www.instagram.com\/_edwardsandco\" target=\"_blank\" rel=\"noreferrer noopener nofollow\">@_edwardsandco<\/a><\/figcaption><\/figure>\n\n\n\n<p>Take the classic Rachel and add a little extra volume and playfulness. This version features airy, tousled layers with soft, wispy bangs for a youthful, effortlessly chic feel. It&rsquo;s the perfect blend of &lsquo;90s nostalgia and modern flair.&nbsp;<\/p>","protected":false},"excerpt":{"rendered":"<p>Turns out, the &rsquo;90s never really left&mdash;and neither did the iconic &ldquo;Rachel&rdquo; haircut. But this time, it&rsquo;s softer, more wearable, and totally tailored to your &hellip;<\/p>","protected":false},"author":39,"featured_media":200261,"comment_status":"closed","ping_status":"closed","sticky":false,"template":"","format":"standard","meta":{"syndication_tool_enabled":false,"syndication_tool_title":"","syndication_tool_excerpt":"","syndication_tool_featured_image":0,"syndication_tool_publish_date":"","syndication_tool_schema_types":[],"syndication_tool_backlink_enable":false,"syndication_tool_ai_disclosure_enable":false,"disable-in-feed":false,"article-schema-type":"","disable-critical-css":false,"footnotes":""},"categories":[25],"tags":[],"class_list":["post-112125","post","type-post","status-publish","format-standard","has-post-thumbnail","hentry","category-cuts"],"_links":{"self":[{"href":"https:\/\/flawlesshair.com\/es\/wp-json\/wp\/v2\/posts\/112125","targetHints":{"allow":["GET"]}}],"collection":[{"href":"https:\/\/flawlesshair.com\/es\/wp-json\/wp\/v2\/posts"}],"about":[{"href":"https:\/\/flawlesshair.com\/es\/wp-json\/wp\/v2\/types\/post"}],"author":[{"embeddable":true,"href":"https:\/\/flawlesshair.com\/es\/wp-json\/wp\/v2\/users\/39"}],"replies":[{"embeddable":true,"href":"https:\/\/flawlesshair.com\/es\/wp-json\/wp\/v2\/comments?post=112125"}],"version-history":[{"count":0,"href":"https:\/\/flawlesshair.com\/es\/wp-json\/wp\/v2\/posts\/112125\/revisions"}],"wp:featuredmedia":[{"embeddable":true,"href":"https:\/\/flawlesshair.com\/es\/wp-json\/wp\/v2\/media\/200261"}],"wp:attachment":[{"href":"https:\/\/flawlesshair.com\/es\/wp-json\/wp\/v2\/media?parent=112125"}],"wp:term":[{"taxonomy":"category","embeddable":true,"href":"https:\/\/flawlesshair.com\/es\/wp-json\/wp\/v2\/categories?post=112125"},{"taxonomy":"post_tag","embeddable":true,"href":"https:\/\/flawlesshair.com\/es\/wp-json\/wp\/v2\/tags?post=112125"}],"curies":[{"name":"wp","href":"https:\/\/api.w.org\/{rel}","templated":true}]}}