{"id":113642,"date":"2025-06-17T23:30:00","date_gmt":"2025-06-17T21:30:00","guid":{"rendered":"https:\/\/flawlesshair.com\/?p=113642"},"modified":"2025-06-16T22:08:42","modified_gmt":"2025-06-16T20:08:42","slug":"peinados-iconicos-de-los-90","status":"publish","type":"post","link":"https:\/\/flawlesshair.com\/es\/peinados-iconicos-de-los-90\/","title":{"rendered":"From Iconic to Iffy: &#8217;90s Hair Moments That Made an Impression"},"content":{"rendered":"<style>img#mv-trellis-img-1::before{padding-top:100%; }img#mv-trellis-img-1{display:block;}img#mv-trellis-img-2::before{padding-top:124.90740740741%; }img#mv-trellis-img-2{display:block;}img#mv-trellis-img-3::before{padding-top:100%; }img#mv-trellis-img-3{display:block;}img#mv-trellis-img-4::before{padding-top:100%; }img#mv-trellis-img-4{display:block;}img#mv-trellis-img-5::before{padding-top:100%; }img#mv-trellis-img-5{display:block;}img#mv-trellis-img-6::before{padding-top:100%; }img#mv-trellis-img-6{display:block;}img#mv-trellis-img-7::before{padding-top:100%; }img#mv-trellis-img-7{display:block;}img#mv-trellis-img-8::before{padding-top:100%; }img#mv-trellis-img-8{display:block;}img#mv-trellis-img-9::before{padding-top:100%; }img#mv-trellis-img-9{display:block;}img#mv-trellis-img-10::before{padding-top:100%; }img#mv-trellis-img-10{display:block;}img#mv-trellis-img-11::before{padding-top:100%; }img#mv-trellis-img-11{display:block;}img#mv-trellis-img-12::before{padding-top:100%; }img#mv-trellis-img-12{display:block;}img#mv-trellis-img-13::before{padding-top:100%; }img#mv-trellis-img-13{display:block;}img#mv-trellis-img-14::before{padding-top:100%; }img#mv-trellis-img-14{display:block;}img#mv-trellis-img-15::before{padding-top:100%; }img#mv-trellis-img-15{display:block;}img#mv-trellis-img-16::before{padding-top:100%; }img#mv-trellis-img-16{display:block;}img#mv-trellis-img-17::before{padding-top:100%; }img#mv-trellis-img-17{display:block;}img#mv-trellis-img-18::before{padding-top:100%; }img#mv-trellis-img-18{display:block;}img#mv-trellis-img-19::before{padding-top:100%; }img#mv-trellis-img-19{display:block;}img#mv-trellis-img-20::before{padding-top:100%; }img#mv-trellis-img-20{display:block;}img#mv-trellis-img-21::before{padding-top:100%; }img#mv-trellis-img-21{display:block;}img#mv-trellis-img-22::before{padding-top:100%; }img#mv-trellis-img-22{display:block;}img#mv-trellis-img-23::before{padding-top:100%; }img#mv-trellis-img-23{display:block;}img#mv-trellis-img-24::before{padding-top:100%; }img#mv-trellis-img-24{display:block;}img#mv-trellis-img-25::before{padding-top:100%; }img#mv-trellis-img-25{display:block;}img#mv-trellis-img-26::before{padding-top:100%; }img#mv-trellis-img-26{display:block;}img#mv-trellis-img-27::before{padding-top:100%; }img#mv-trellis-img-27{display:block;}img#mv-trellis-img-28::before{padding-top:100%; }img#mv-trellis-img-28{display:block;}img#mv-trellis-img-29::before{padding-top:100%; }img#mv-trellis-img-29{display:block;}img#mv-trellis-img-30::before{padding-top:100%; }img#mv-trellis-img-30{display:block;}img#mv-trellis-img-31::before{padding-top:100%; }img#mv-trellis-img-31{display:block;}img#mv-trellis-img-32::before{padding-top:100%; }img#mv-trellis-img-32{display:block;}img#mv-trellis-img-33::before{padding-top:100%; }img#mv-trellis-img-33{display:block;}img#mv-trellis-img-34::before{padding-top:100%; }img#mv-trellis-img-34{display:block;}img#mv-trellis-img-35::before{padding-top:125%; }img#mv-trellis-img-35{display:block;}img#mv-trellis-img-36::before{padding-top:124.62962962963%; }img#mv-trellis-img-36{display:block;}img#mv-trellis-img-37::before{padding-top:100%; }img#mv-trellis-img-37{display:block;}img#mv-trellis-img-38::before{padding-top:100%; }img#mv-trellis-img-38{display:block;}img#mv-trellis-img-39::before{padding-top:150%; }img#mv-trellis-img-39{display:block;}img#mv-trellis-img-40::before{padding-top:122.875%; }img#mv-trellis-img-40{display:block;}<\/style>\n<p>The &rsquo;90s gave us some unforgettable hair moments&mdash;from butterfly clips and box braids to frosted tips and crimped chaos. Some styles became icons, others&hellip; not so much. Whether you rocked them or blocked them, we&rsquo;re revisiting the good, the bad, and the gloriously nostalgic hair trends that defined a decade.<\/p>\n\n\n\n<h2 class=\"wp-block-heading\">1. Baby Bangs<\/h2>\n\n\n\n<figure class=\"wp-block-image size-full\"><div style=\"position: relative;\"><noscript><img loading=\"lazy\" decoding=\"async\" width=\"1440\" height=\"1440\" src=\"https:\/\/flawlesshair.com\/wp-content\/uploads\/2025\/03\/1.-baby-bangs.jpg\" alt=\"\" class=\"wp-image-190761\" srcset=\"https:\/\/flawlesshair.com\/wp-content\/uploads\/2025\/03\/1.-baby-bangs.jpg 1440w, https:\/\/flawlesshair.com\/wp-content\/uploads\/2025\/03\/1.-baby-bangs-300x300.jpg 300w, https:\/\/flawlesshair.com\/wp-content\/uploads\/2025\/03\/1.-baby-bangs-150x150.jpg 150w, https:\/\/flawlesshair.com\/wp-content\/uploads\/2025\/03\/1.-baby-bangs-768x768.jpg 768w, https:\/\/flawlesshair.com\/wp-content\/uploads\/2025\/03\/1.-baby-bangs-12x12.jpg 12w, https:\/\/flawlesshair.com\/wp-content\/uploads\/2025\/03\/1.-baby-bangs-728x728.jpg 728w, https:\/\/flawlesshair.com\/wp-content\/uploads\/2025\/03\/1.-baby-bangs-960x960.jpg 960w, https:\/\/flawlesshair.com\/wp-content\/uploads\/2025\/03\/1.-baby-bangs-1080x1080.jpg 1080w, https:\/\/flawlesshair.com\/wp-content\/uploads\/2025\/03\/1.-baby-bangs-1200x1200.jpg 1200w\" sizes=\"auto, (max-width: 760px) calc(100vw - 24px), 720px\"><\/noscript><img loading=\"eager\" decoding=\"async\" width=\"1440\" height=\"1440\" src=\"data:image\/svg+xml,%3Csvg%20xmlns='http:\/\/www.w3.org\/2000\/svg'%20viewBox='0%200%201440%201440'%3E%3Crect%20width='1440'%20height='1440'%20style='fill:%23e3e3e3'\/%3E%3C\/svg%3E\" alt=\"\" class=\"wp-image-190761 eager-load\" sizes=\"auto, (max-width: 760px) calc(100vw - 24px), 720px\" data-pin-media=\"https:\/\/flawlesshair.com\/wp-content\/uploads\/2025\/03\/1.-baby-bangs.jpg\" id=\"mv-trellis-img-1\" data-src=\"https:\/\/flawlesshair.com\/wp-content\/uploads\/2025\/03\/1.-baby-bangs.jpg\" data-srcset=\"https:\/\/flawlesshair.com\/wp-content\/uploads\/2025\/03\/1.-baby-bangs.jpg 1440w, https:\/\/flawlesshair.com\/wp-content\/uploads\/2025\/03\/1.-baby-bangs-300x300.jpg 300w, https:\/\/flawlesshair.com\/wp-content\/uploads\/2025\/03\/1.-baby-bangs-150x150.jpg 150w, https:\/\/flawlesshair.com\/wp-content\/uploads\/2025\/03\/1.-baby-bangs-768x768.jpg 768w, https:\/\/flawlesshair.com\/wp-content\/uploads\/2025\/03\/1.-baby-bangs-12x12.jpg 12w, https:\/\/flawlesshair.com\/wp-content\/uploads\/2025\/03\/1.-baby-bangs-728x728.jpg 728w, https:\/\/flawlesshair.com\/wp-content\/uploads\/2025\/03\/1.-baby-bangs-960x960.jpg 960w, https:\/\/flawlesshair.com\/wp-content\/uploads\/2025\/03\/1.-baby-bangs-1080x1080.jpg 1080w, https:\/\/flawlesshair.com\/wp-content\/uploads\/2025\/03\/1.-baby-bangs-1200x1200.jpg 1200w\" data-svg=\"1\" data-trellis-processed=\"1\"><div style=\"position: absolute; top: 0.5rem; right: 0.75rem;\"> <a href=\"https:\/\/www.pinterest.com\/pin\/create\/button\/\" data-pin-do=\"buttonPin\" data-pin-tall=\"true\" data-pin-url=\"https:\/\/flawlesshair.com\/es\/peinados-iconicos-de-los-90\/\" data-pin-media=\"https:\/\/flawlesshair.com\/wp-content\/uploads\/2025\/03\/1.-baby-bangs.jpg\" data-pin-description=\"From Iconic to Iffy: &rsquo;90s Hair Moments That Made an Impression\" rel=\"nofollow noopener\" target=\"_blank\"> <\/a><\/div><\/div><figcaption class=\"wp-element-caption\"><a href=\"https:\/\/www.instagram.com\/veronica_nunez\" target=\"_blank\" rel=\"noreferrer noopener nofollow\">@veronica_nunez<\/a><\/figcaption><\/figure>\n\n\n\n<p>These edgy, eyebrow-grazing bangs are making a serious comeback. I love cutting them super precise&mdash;they instantly add attitude and frame your face with a retro twist. Pair them with a bob or pixie for that cool &rsquo;90s flair.<\/p>\n\n\n\n<h2 class=\"wp-block-heading\">2. Micro trenzas<\/h2>\n\n\n\n<figure class=\"wp-block-image size-full\"><div style=\"position: relative;\"><noscript><img loading=\"lazy\" decoding=\"async\" width=\"1080\" height=\"1349\" src=\"https:\/\/flawlesshair.com\/wp-content\/uploads\/2025\/03\/2.-micro-braids.jpg\" alt=\"\" class=\"wp-image-190762\" srcset=\"https:\/\/flawlesshair.com\/wp-content\/uploads\/2025\/03\/2.-micro-braids.jpg 1080w, https:\/\/flawlesshair.com\/wp-content\/uploads\/2025\/03\/2.-micro-braids-240x300.jpg 240w, https:\/\/flawlesshair.com\/wp-content\/uploads\/2025\/03\/2.-micro-braids-768x959.jpg 768w, https:\/\/flawlesshair.com\/wp-content\/uploads\/2025\/03\/2.-micro-braids-10x12.jpg 10w, https:\/\/flawlesshair.com\/wp-content\/uploads\/2025\/03\/2.-micro-braids-769x960.jpg 769w, https:\/\/flawlesshair.com\/wp-content\/uploads\/2025\/03\/2.-micro-braids-865x1080.jpg 865w, https:\/\/flawlesshair.com\/wp-content\/uploads\/2025\/03\/2.-micro-braids-961x1200.jpg 961w\" sizes=\"auto, (max-width: 760px) calc(100vw - 24px), 720px\"><\/noscript><img loading=\"lazy\" decoding=\"async\" width=\"1080\" height=\"1349\" src=\"https:\/\/flawlesshair.com\/wp-content\/uploads\/2025\/03\/2.-micro-braids.jpg\" alt=\"\" class=\"wp-image-190762 lazyload\" srcset=\"https:\/\/flawlesshair.com\/wp-content\/uploads\/2025\/03\/2.-micro-braids.jpg 1080w, https:\/\/flawlesshair.com\/wp-content\/uploads\/2025\/03\/2.-micro-braids-240x300.jpg 240w, https:\/\/flawlesshair.com\/wp-content\/uploads\/2025\/03\/2.-micro-braids-768x959.jpg 768w, https:\/\/flawlesshair.com\/wp-content\/uploads\/2025\/03\/2.-micro-braids-10x12.jpg 10w, https:\/\/flawlesshair.com\/wp-content\/uploads\/2025\/03\/2.-micro-braids-769x960.jpg 769w, https:\/\/flawlesshair.com\/wp-content\/uploads\/2025\/03\/2.-micro-braids-865x1080.jpg 865w, https:\/\/flawlesshair.com\/wp-content\/uploads\/2025\/03\/2.-micro-braids-961x1200.jpg 961w\" sizes=\"auto, (max-width: 760px) calc(100vw - 24px), 720px\" data-pin-media=\"https:\/\/flawlesshair.com\/wp-content\/uploads\/2025\/03\/2.-micro-braids.jpg\" id=\"mv-trellis-img-2\" data-trellis-processed=\"1\"><div style=\"position: absolute; top: 0.5rem; right: 0.75rem;\"> <a href=\"https:\/\/www.pinterest.com\/pin\/create\/button\/\" data-pin-do=\"buttonPin\" data-pin-tall=\"true\" data-pin-url=\"https:\/\/flawlesshair.com\/es\/peinados-iconicos-de-los-90\/\" data-pin-media=\"https:\/\/flawlesshair.com\/wp-content\/uploads\/2025\/03\/2.-micro-braids.jpg\" data-pin-description=\"From Iconic to Iffy: &rsquo;90s Hair Moments That Made an Impression\" rel=\"nofollow noopener\" target=\"_blank\"> <\/a><\/div><\/div><figcaption class=\"wp-element-caption\"><a href=\"https:\/\/www.instagram.com\/tupo1\" target=\"_blank\" rel=\"noreferrer noopener nofollow\">@tupo1<\/a><\/figcaption><\/figure>\n\n\n\n<p>These take patience, but the payoff? Totally worth it. Micro braids are sleek, versatile, and last for weeks. I recommend styling them half-up or in a high pony for that nostalgic &rsquo;90s vibe with a modern-day upgrade.<\/p>\n\n\n\n<h2 class=\"wp-block-heading\">3. La Raquel<\/h2>\n\n\n\n<figure class=\"wp-block-image\"><div style=\"position: relative;\"><noscript><img decoding=\"async\" src=\"https:\/\/flawlesshair.com\/wp-content\/uploads\/2025\/01\/The-Rachel-5.jpg\" alt=\"La Raquel\"><\/noscript><img decoding=\"async\" src=\"https:\/\/flawlesshair.com\/wp-content\/uploads\/2025\/01\/The-Rachel-5.jpg\" alt=\"La Raquel\" width=\"300\" height=\"300\" id=\"mv-trellis-img-3\" loading=\"lazy\" class=\"lazyload\" data-trellis-processed=\"1\"><div style=\"position: absolute; top: 0.5rem; right: 0.75rem;\"> <a href=\"https:\/\/www.pinterest.com\/pin\/create\/button\/\" data-pin-do=\"buttonPin\" data-pin-tall=\"true\" data-pin-url=\"https:\/\/flawlesshair.com\/es\/peinados-iconicos-de-los-90\/\" data-pin-media=\"https:\/\/flawlesshair.com\/wp-content\/uploads\/2025\/01\/The-Rachel-5.jpg\" data-pin-description=\"From Iconic to Iffy: &rsquo;90s Hair Moments That Made an Impression\" rel=\"nofollow noopener\" target=\"_blank\"> <\/a><\/div><\/div><figcaption class=\"wp-element-caption\"><a href=\"https:\/\/www.instagram.com\/glamourmag\/p\/CkV5YWks5re\/\" target=\"_blank\" rel=\"noopener noreferrer nofollow\">\u00a9 glamourmag<\/a><\/figcaption><\/figure>\n\n\n\n<p>El Rachel fue un peinado a capas popularizado por Jennifer Aniston en la serie de televisi\u00f3n Friends. Ten\u00eda capas voluminosas y mechas, creando un look chic y desenfadado. <\/p>\n\n\n\n<p>El estilo se convirti\u00f3 en un fen\u00f3meno cultural, y muchos acudieron a los salones para imitar el corte ic\u00f3nico. <\/p>\n\n\n\n<h2 class=\"wp-block-heading\">4. Clips mariposa<\/h2>\n\n\n\n<figure class=\"wp-block-image\"><div style=\"position: relative;\"><noscript><img decoding=\"async\" src=\"https:\/\/flawlesshair.com\/wp-content\/uploads\/2025\/01\/Butterfly-Clips-1.jpg\" alt=\"Clips mariposa\"><\/noscript><img decoding=\"async\" src=\"https:\/\/flawlesshair.com\/wp-content\/uploads\/2025\/01\/Butterfly-Clips-1.jpg\" alt=\"Clips mariposa\" width=\"300\" height=\"300\" id=\"mv-trellis-img-4\" loading=\"lazy\" class=\"lazyload\" data-trellis-processed=\"1\"><div style=\"position: absolute; top: 0.5rem; right: 0.75rem;\"> <a href=\"https:\/\/www.pinterest.com\/pin\/create\/button\/\" data-pin-do=\"buttonPin\" data-pin-tall=\"true\" data-pin-url=\"https:\/\/flawlesshair.com\/es\/peinados-iconicos-de-los-90\/\" data-pin-media=\"https:\/\/flawlesshair.com\/wp-content\/uploads\/2025\/01\/Butterfly-Clips-1.jpg\" data-pin-description=\"From Iconic to Iffy: &rsquo;90s Hair Moments That Made an Impression\" rel=\"nofollow noopener\" target=\"_blank\"> <\/a><\/div><\/div><figcaption class=\"wp-element-caption\"><a href=\"https:\/\/www.instagram.com\/pinkrootproducts\/reel\/CeWX_YzgccC\/\" target=\"_blank\" rel=\"noopener noreferrer nofollow\">\u00a9 pinkrootproducts<\/a><\/figcaption><\/figure>\n\n\n\n<p>Las pinzas de mariposa eran un accesorio favorito entre las j\u00f3venes y las adolescentes. <\/p>\n\n\n\n<p>Estas coloridas y caprichosas pinzas, que ven\u00edan en varias formas y tama\u00f1os, sujetaban secciones de cabello y a\u00f1ad\u00edan un toque juguet\u00f3n y juvenil a los peinados, convirti\u00e9ndolas en un elemento b\u00e1sico para muchas durante la d\u00e9cada de 1990.<\/p>\n\n\n\n<h2 class=\"wp-block-heading\">5. El corte de cuenco<\/h2>\n\n\n\n<figure class=\"wp-block-image\"><div style=\"position: relative;\"><noscript><img decoding=\"async\" src=\"https:\/\/flawlesshair.com\/wp-content\/uploads\/2025\/01\/The-Bowl-Cut.jpg\" alt=\"El corte del cuenco\"><\/noscript><img decoding=\"async\" src=\"https:\/\/flawlesshair.com\/wp-content\/uploads\/2025\/01\/The-Bowl-Cut.jpg\" alt=\"El corte del cuenco\" width=\"300\" height=\"300\" id=\"mv-trellis-img-5\" loading=\"lazy\" class=\"lazyload\" data-trellis-processed=\"1\"><div style=\"position: absolute; top: 0.5rem; right: 0.75rem;\"> <a href=\"https:\/\/www.pinterest.com\/pin\/create\/button\/\" data-pin-do=\"buttonPin\" data-pin-tall=\"true\" data-pin-url=\"https:\/\/flawlesshair.com\/es\/peinados-iconicos-de-los-90\/\" data-pin-media=\"https:\/\/flawlesshair.com\/wp-content\/uploads\/2025\/01\/The-Bowl-Cut.jpg\" data-pin-description=\"From Iconic to Iffy: &rsquo;90s Hair Moments That Made an Impression\" rel=\"nofollow noopener\" target=\"_blank\"> <\/a><\/div><\/div><figcaption class=\"wp-element-caption\"><a href=\"https:\/\/www.instagram.com\/antoinettebeenders\/p\/CAc9dVNndOO\/\" target=\"_blank\" rel=\"noopener noreferrer nofollow\">\u00a9 antoinettebeenders<\/a><\/figcaption><\/figure>\n\n\n\n<p><a href=\"https:\/\/flawlesshair.com\/es\/corte-de-cuenco\/\">El cuenco cortado<\/a>El peinado, famoso por su sencillez, consist\u00eda en cortar el pelo en l\u00ednea recta alrededor de la cabeza. Aunque f\u00e1cil de mantener, a menudo era objeto de burlas por su forma poco favorecedora. <\/p>\n\n\n\n<p>Muchos ni\u00f1os lucieron este estilo por su practicidad, pero es un look que muchos preferir\u00edan olvidar.<\/p>\n\n\n\n<h2 class=\"wp-block-heading\">6. Flequillo de cortina<\/h2>\n\n\n\n<figure class=\"wp-block-image\"><div style=\"position: relative;\"><noscript><img decoding=\"async\" src=\"https:\/\/flawlesshair.com\/wp-content\/uploads\/2025\/01\/Curtain-Bangs-37.jpg\" alt=\"Flequillo de cortina\"><\/noscript><img decoding=\"async\" src=\"https:\/\/flawlesshair.com\/wp-content\/uploads\/2025\/01\/Curtain-Bangs-37.jpg\" alt=\"Flequillo de cortina\" width=\"300\" height=\"300\" id=\"mv-trellis-img-6\" loading=\"lazy\" class=\"lazyload\" data-trellis-processed=\"1\"><div style=\"position: absolute; top: 0.5rem; right: 0.75rem;\"> <a href=\"https:\/\/www.pinterest.com\/pin\/create\/button\/\" data-pin-do=\"buttonPin\" data-pin-tall=\"true\" data-pin-url=\"https:\/\/flawlesshair.com\/es\/peinados-iconicos-de-los-90\/\" data-pin-media=\"https:\/\/flawlesshair.com\/wp-content\/uploads\/2025\/01\/Curtain-Bangs-37.jpg\" data-pin-description=\"From Iconic to Iffy: &rsquo;90s Hair Moments That Made an Impression\" rel=\"nofollow noopener\" target=\"_blank\"> <\/a><\/div><\/div><figcaption class=\"wp-element-caption\"><a href=\"https:\/\/www.instagram.com\/hairbyvantha\/reel\/Ct0RQiLPXb4\/\" target=\"_blank\" rel=\"noopener noreferrer nofollow\">\u00a9 hairbyvantha<\/a><\/figcaption><\/figure>\n\n\n\n<p><a href=\"https:\/\/flawlesshair.com\/es\/flequillo-largo-de-cortina\/\">Flequillo de cortina<\/a> La raya en medio se convirti\u00f3 en una opci\u00f3n sutil pero elegante para muchas. Enmarcaban perfectamente el rostro y a\u00f1ad\u00edan un toque de elegancia a cualquier look. <\/p>\n\n\n\n<p>Este peinado ha vuelto, demostrando su atractivo atemporal. En la d\u00e9cada de los 90, era una opci\u00f3n muy chic para las personas m\u00e1s a la moda.<\/p>\n\n\n\n<h2 class=\"wp-block-heading\">7. Bollos espaciales<\/h2>\n\n\n\n<figure class=\"wp-block-image\"><div style=\"position: relative;\"><noscript><img decoding=\"async\" src=\"https:\/\/flawlesshair.com\/wp-content\/uploads\/2025\/01\/Space-Buns-9.jpg\" alt=\"Bollos espaciales\"><\/noscript><img decoding=\"async\" src=\"https:\/\/flawlesshair.com\/wp-content\/uploads\/2025\/01\/Space-Buns-9.jpg\" alt=\"Bollos espaciales\" width=\"300\" height=\"300\" id=\"mv-trellis-img-7\" loading=\"lazy\" class=\"lazyload\" data-trellis-processed=\"1\"><div style=\"position: absolute; top: 0.5rem; right: 0.75rem;\"> <a href=\"https:\/\/www.pinterest.com\/pin\/create\/button\/\" data-pin-do=\"buttonPin\" data-pin-tall=\"true\" data-pin-url=\"https:\/\/flawlesshair.com\/es\/peinados-iconicos-de-los-90\/\" data-pin-media=\"https:\/\/flawlesshair.com\/wp-content\/uploads\/2025\/01\/Space-Buns-9.jpg\" data-pin-description=\"From Iconic to Iffy: &rsquo;90s Hair Moments That Made an Impression\" rel=\"nofollow noopener\" target=\"_blank\"> <\/a><\/div><\/div><figcaption class=\"wp-element-caption\"><a href=\"https:\/\/www.instagram.com\/jhairieciprian\/p\/CW9nLNbLwdx\/\" target=\"_blank\" rel=\"noopener noreferrer nofollow\">\u00a9 jhairieciprian<\/a><\/figcaption><\/figure>\n\n\n\n<p>Los mo\u00f1os espaciales aportaron un toque futurista a la moda de los 90. Este estilo de mo\u00f1o doble se colocaba en lo alto de la cabeza y combinaba lo l\u00fadico con una pizca de rebeld\u00eda. <\/p>\n\n\n\n<p>Aunque se asocian principalmente con los a\u00f1os 90, los bollos espaciales vuelven de vez en cuando, sobre todo durante los festivales de m\u00fasica.<\/p>\n\n\n\n<h2 class=\"wp-block-heading\">8. Coleta alta<\/h2>\n\n\n\n<figure class=\"wp-block-image\"><div style=\"position: relative;\"><noscript><img decoding=\"async\" src=\"https:\/\/flawlesshair.com\/wp-content\/uploads\/2025\/01\/High-Ponytail-20.jpg\" alt=\"Coleta alta\"><\/noscript><img decoding=\"async\" src=\"https:\/\/flawlesshair.com\/wp-content\/uploads\/2025\/01\/High-Ponytail-20.jpg\" alt=\"Coleta alta\" width=\"300\" height=\"300\" id=\"mv-trellis-img-8\" loading=\"lazy\" class=\"lazyload\" data-trellis-processed=\"1\"><div style=\"position: absolute; top: 0.5rem; right: 0.75rem;\"> <a href=\"https:\/\/www.pinterest.com\/pin\/create\/button\/\" data-pin-do=\"buttonPin\" data-pin-tall=\"true\" data-pin-url=\"https:\/\/flawlesshair.com\/es\/peinados-iconicos-de-los-90\/\" data-pin-media=\"https:\/\/flawlesshair.com\/wp-content\/uploads\/2025\/01\/High-Ponytail-20.jpg\" data-pin-description=\"From Iconic to Iffy: &rsquo;90s Hair Moments That Made an Impression\" rel=\"nofollow noopener\" target=\"_blank\"> <\/a><\/div><\/div><figcaption class=\"wp-element-caption\"><a href=\"https:\/\/www.instagram.com\/ouielle.hair\/p\/CK648Bhjj9e\/\" target=\"_blank\" rel=\"noopener noreferrer nofollow\">\u00a9 ouielle.hair<\/a><\/figcaption><\/figure>\n\n\n\n<p>La coleta alta era un peinado deportivo y elegante, a menudo adornado con coleteros de colores. Este peinado resultaba pr\u00e1ctico para las personas activas, ya que manten\u00eda el pelo alejado de la cara sin dejar de ir a la moda.<\/p>\n\n\n\n<h2 class=\"wp-block-heading\">9. Trenzas de caja<\/h2>\n\n\n\n<figure class=\"wp-block-image\"><div style=\"position: relative;\"><noscript><img decoding=\"async\" src=\"https:\/\/flawlesshair.com\/wp-content\/uploads\/2025\/01\/Box-Braids-4.jpg\" alt=\"Trenzas de caja\"><\/noscript><img decoding=\"async\" src=\"https:\/\/flawlesshair.com\/wp-content\/uploads\/2025\/01\/Box-Braids-4.jpg\" alt=\"Trenzas de caja\" width=\"300\" height=\"300\" id=\"mv-trellis-img-9\" loading=\"lazy\" class=\"lazyload\" data-trellis-processed=\"1\"><div style=\"position: absolute; top: 0.5rem; right: 0.75rem;\"> <a href=\"https:\/\/www.pinterest.com\/pin\/create\/button\/\" data-pin-do=\"buttonPin\" data-pin-tall=\"true\" data-pin-url=\"https:\/\/flawlesshair.com\/es\/peinados-iconicos-de-los-90\/\" data-pin-media=\"https:\/\/flawlesshair.com\/wp-content\/uploads\/2025\/01\/Box-Braids-4.jpg\" data-pin-description=\"From Iconic to Iffy: &rsquo;90s Hair Moments That Made an Impression\" rel=\"nofollow noopener\" target=\"_blank\"> <\/a><\/div><\/div><figcaption class=\"wp-element-caption\"><a href=\"https:\/\/www.instagram.com\/bola.braids\/p\/DErmV1ITRtQ\/\" target=\"_blank\" rel=\"noopener noreferrer nofollow\">\u00a9 bola.braids<\/a><\/figcaption><\/figure>\n\n\n\n<p>Las trenzas de caja, un estilo protector, eran a la vez modernas y funcionales. Estas trenzas individuales permit\u00edan versatilidad y requer\u00edan poco mantenimiento. <\/p>\n\n\n\n<p>Populares entre las mujeres de color, las trenzas caja se convirtieron en un s\u00edmbolo de orgullo cultural e identidad. En los a\u00f1os 90 se produjo un auge de este estilo, celebrado por su belleza y practicidad.<\/p>\n\n\n\n<h2 class=\"wp-block-heading\">10. El Salmonete<\/h2>\n\n\n\n<figure class=\"wp-block-image\"><div style=\"position: relative;\"><noscript><img decoding=\"async\" src=\"https:\/\/flawlesshair.com\/wp-content\/uploads\/2025\/01\/The-Mullet-2.jpg\" alt=\"El Salmonete\"><\/noscript><img decoding=\"async\" src=\"https:\/\/flawlesshair.com\/wp-content\/uploads\/2025\/01\/The-Mullet-2.jpg\" alt=\"El Salmonete\" width=\"300\" height=\"300\" id=\"mv-trellis-img-10\" loading=\"lazy\" class=\"lazyload\" data-trellis-processed=\"1\"><div style=\"position: absolute; top: 0.5rem; right: 0.75rem;\"> <a href=\"https:\/\/www.pinterest.com\/pin\/create\/button\/\" data-pin-do=\"buttonPin\" data-pin-tall=\"true\" data-pin-url=\"https:\/\/flawlesshair.com\/es\/peinados-iconicos-de-los-90\/\" data-pin-media=\"https:\/\/flawlesshair.com\/wp-content\/uploads\/2025\/01\/The-Mullet-2.jpg\" data-pin-description=\"From Iconic to Iffy: &rsquo;90s Hair Moments That Made an Impression\" rel=\"nofollow noopener\" target=\"_blank\"> <\/a><\/div><\/div><figcaption class=\"wp-element-caption\"><a href=\"https:\/\/www.instagram.com\/jacklouii\/p\/ClHXhhhSrFX\/\" target=\"_blank\" rel=\"noopener noreferrer nofollow\">\u00a9 jacklouii<\/a><\/figcaption><\/figure>\n\n\n\n<p>El mullet, negocios por delante, fiesta por detr\u00e1s, fue un peinado polarizador que defini\u00f3 una \u00e9poca. Algunos lo adoraban por su atrevimiento, pero otros lo ridiculizaban por su aspecto poco ortodoxo. <\/p>\n\n\n\n<p>Aunque tuvo una fuerte presencia en los a\u00f1os 90, sigue siendo un look nost\u00e1lgico pero divisivo.<\/p>\n\n\n\n<h2 class=\"wp-block-heading\">11. Cornrows<\/h2>\n\n\n\n<figure class=\"wp-block-image\"><div style=\"position: relative;\"><noscript><img decoding=\"async\" src=\"https:\/\/flawlesshair.com\/wp-content\/uploads\/2025\/01\/Cornrows-5.jpg\" alt=\"Trenzas\"><\/noscript><img decoding=\"async\" src=\"https:\/\/flawlesshair.com\/wp-content\/uploads\/2025\/01\/Cornrows-5.jpg\" alt=\"Trenzas\" width=\"300\" height=\"300\" id=\"mv-trellis-img-11\" loading=\"lazy\" class=\"lazyload\" data-trellis-processed=\"1\"><div style=\"position: absolute; top: 0.5rem; right: 0.75rem;\"> <a href=\"https:\/\/www.pinterest.com\/pin\/create\/button\/\" data-pin-do=\"buttonPin\" data-pin-tall=\"true\" data-pin-url=\"https:\/\/flawlesshair.com\/es\/peinados-iconicos-de-los-90\/\" data-pin-media=\"https:\/\/flawlesshair.com\/wp-content\/uploads\/2025\/01\/Cornrows-5.jpg\" data-pin-description=\"From Iconic to Iffy: &rsquo;90s Hair Moments That Made an Impression\" rel=\"nofollow noopener\" target=\"_blank\"> <\/a><\/div><\/div><figcaption class=\"wp-element-caption\"><a href=\"https:\/\/www.instagram.com\/hair.bymona\/reel\/C3LTOgbpQY-\/\" target=\"_blank\" rel=\"noopener noreferrer nofollow\">\u00a9 hair.bymona<\/a><\/figcaption><\/figure>\n\n\n\n<p>Las trenzas de espiga ofrec\u00edan un aspecto elegante y estructurado, con el pelo trenzado en hileras cerca del cuero cabelludo. Popular en las comunidades afroamericanas, este estilo combinaba arte y funcionalidad. <\/p>\n\n\n\n<p>Era un elemento cultural b\u00e1sico, que proporcionaba una expresi\u00f3n \u00fanica de identidad y patrimonio. <\/p>\n\n\n\n<h2 class=\"wp-block-heading\">12. Flequillo con plumas<\/h2>\n\n\n\n<figure class=\"wp-block-image\"><div style=\"position: relative;\"><noscript><img decoding=\"async\" src=\"https:\/\/flawlesshair.com\/wp-content\/uploads\/2025\/01\/Feathered-Bangs-6.jpg\" alt=\"Flequillo de plumas\"><\/noscript><img decoding=\"async\" src=\"https:\/\/flawlesshair.com\/wp-content\/uploads\/2025\/01\/Feathered-Bangs-6.jpg\" alt=\"Flequillo de plumas\" width=\"300\" height=\"300\" id=\"mv-trellis-img-12\" loading=\"lazy\" class=\"lazyload\" data-trellis-processed=\"1\"><div style=\"position: absolute; top: 0.5rem; right: 0.75rem;\"> <a href=\"https:\/\/www.pinterest.com\/pin\/create\/button\/\" data-pin-do=\"buttonPin\" data-pin-tall=\"true\" data-pin-url=\"https:\/\/flawlesshair.com\/es\/peinados-iconicos-de-los-90\/\" data-pin-media=\"https:\/\/flawlesshair.com\/wp-content\/uploads\/2025\/01\/Feathered-Bangs-6.jpg\" data-pin-description=\"From Iconic to Iffy: &rsquo;90s Hair Moments That Made an Impression\" rel=\"nofollow noopener\" target=\"_blank\"> <\/a><\/div><\/div><figcaption class=\"wp-element-caption\"><a href=\"https:\/\/www.instagram.com\/hairsavior_\/reel\/Cp5YT1qo861\/\" target=\"_blank\" rel=\"noopener noreferrer nofollow\">\u00a9 hairsavior_<\/a><\/figcaption><\/figure>\n\n\n\n<p>Los flequillos de plumas a\u00f1ad\u00edan un toque suave y vaporoso a los peinados. Suelen tener capas y textura, y enmarcan el rostro con delicadeza. Este estilo era vers\u00e1til y combinaba tanto con el pelo corto como con el largo. <\/p>\n\n\n\n<p>Aunque menos com\u00fan hoy en d\u00eda, el flequillo con plumas fue una tendencia definitoria de los 90, que ofrec\u00eda un toque femenino y elegante.<\/p>\n\n\n\n<h2 class=\"wp-block-heading\">13. La cima plana<\/h2>\n\n\n\n<figure class=\"wp-block-image\"><div style=\"position: relative;\"><noscript><img decoding=\"async\" src=\"https:\/\/flawlesshair.com\/wp-content\/uploads\/2025\/01\/The-Flat-Top-1.jpg\" alt=\"La cima plana\"><\/noscript><img decoding=\"async\" src=\"https:\/\/flawlesshair.com\/wp-content\/uploads\/2025\/01\/The-Flat-Top-1.jpg\" alt=\"La cima plana\" width=\"300\" height=\"300\" id=\"mv-trellis-img-13\" loading=\"lazy\" class=\"lazyload\" data-trellis-processed=\"1\"><div style=\"position: absolute; top: 0.5rem; right: 0.75rem;\"> <a href=\"https:\/\/www.pinterest.com\/pin\/create\/button\/\" data-pin-do=\"buttonPin\" data-pin-tall=\"true\" data-pin-url=\"https:\/\/flawlesshair.com\/es\/peinados-iconicos-de-los-90\/\" data-pin-media=\"https:\/\/flawlesshair.com\/wp-content\/uploads\/2025\/01\/The-Flat-Top-1.jpg\" data-pin-description=\"From Iconic to Iffy: &rsquo;90s Hair Moments That Made an Impression\" rel=\"nofollow noopener\" target=\"_blank\"> <\/a><\/div><\/div><figcaption class=\"wp-element-caption\"><a href=\"https:\/\/www.instagram.com\/thestarsbarber\/p\/C38My1fgwtS\/\" target=\"_blank\" rel=\"noopener noreferrer nofollow\">\u00a9 thestarsbarber<\/a><\/figcaption><\/figure>\n\n\n\n<p>El flat top era un peinado atrevido y geom\u00e9trico muy popular en la comunidad hip-hop. El pelo se peinaba recto y se cortaba plano en la parte superior. <\/p>\n\n\n\n<p>Este estilo requer\u00eda precisi\u00f3n y era una declaraci\u00f3n de individualidad. En los a\u00f1os 90, la parte superior plana era un s\u00edmbolo de la cultura urbana y sigue inspirando variaciones modernas.<\/p>\n\n\n\n<h2 class=\"wp-block-heading\">14. Twisties<\/h2>\n\n\n\n<figure class=\"wp-block-image\"><div style=\"position: relative;\"><noscript><img decoding=\"async\" src=\"https:\/\/flawlesshair.com\/wp-content\/uploads\/2025\/01\/Twisties.jpg\" alt=\"Twisties\"><\/noscript><img decoding=\"async\" src=\"https:\/\/flawlesshair.com\/wp-content\/uploads\/2025\/01\/Twisties.jpg\" alt=\"Twisties\" width=\"300\" height=\"300\" id=\"mv-trellis-img-14\" loading=\"lazy\" class=\"lazyload\" data-trellis-processed=\"1\"><div style=\"position: absolute; top: 0.5rem; right: 0.75rem;\"> <a href=\"https:\/\/www.pinterest.com\/pin\/create\/button\/\" data-pin-do=\"buttonPin\" data-pin-tall=\"true\" data-pin-url=\"https:\/\/flawlesshair.com\/es\/peinados-iconicos-de-los-90\/\" data-pin-media=\"https:\/\/flawlesshair.com\/wp-content\/uploads\/2025\/01\/Twisties.jpg\" data-pin-description=\"From Iconic to Iffy: &rsquo;90s Hair Moments That Made an Impression\" rel=\"nofollow noopener\" target=\"_blank\"> <\/a><\/div><\/div><figcaption class=\"wp-element-caption\"><a href=\"https:\/\/www.instagram.com\/sewprettybykay\/reel\/C8mjR1agCbp\/\" target=\"_blank\" rel=\"noopener noreferrer nofollow\">\u00a9 sewprettybykay<\/a><\/figcaption><\/figure>\n\n\n\n<p>Los twisties eran una variante l\u00fadica de las trenzas tradicionales. Se trenzaban peque\u00f1as secciones de cabello y se adornaban con cuentas o accesorios divertidos. <\/p>\n\n\n\n<p>Este peinado era el favorito de los ni\u00f1os peque\u00f1os, ya que ofrec\u00eda un aspecto vibrante y caprichoso. <\/p>\n\n\n\n<h2 class=\"wp-block-heading\">15. Slicked Back<\/h2>\n\n\n\n<figure class=\"wp-block-image\"><div style=\"position: relative;\"><noscript><img decoding=\"async\" src=\"https:\/\/flawlesshair.com\/wp-content\/uploads\/2025\/01\/Slicked-Back-7.jpg\" alt=\"Espalda alisada\"><\/noscript><img decoding=\"async\" src=\"https:\/\/flawlesshair.com\/wp-content\/uploads\/2025\/01\/Slicked-Back-7.jpg\" alt=\"Espalda alisada\" width=\"300\" height=\"300\" id=\"mv-trellis-img-15\" loading=\"lazy\" class=\"lazyload\" data-trellis-processed=\"1\"><div style=\"position: absolute; top: 0.5rem; right: 0.75rem;\"> <a href=\"https:\/\/www.pinterest.com\/pin\/create\/button\/\" data-pin-do=\"buttonPin\" data-pin-tall=\"true\" data-pin-url=\"https:\/\/flawlesshair.com\/es\/peinados-iconicos-de-los-90\/\" data-pin-media=\"https:\/\/flawlesshair.com\/wp-content\/uploads\/2025\/01\/Slicked-Back-7.jpg\" data-pin-description=\"From Iconic to Iffy: &rsquo;90s Hair Moments That Made an Impression\" rel=\"nofollow noopener\" target=\"_blank\"> <\/a><\/div><\/div><figcaption class=\"wp-element-caption\"><a href=\"https:\/\/www.instagram.com\/andyfischerhair\/p\/CgehgRsu7e2\/\" target=\"_blank\" rel=\"noopener noreferrer nofollow\">\u00a9 andyfischerhair<\/a><\/figcaption><\/figure>\n\n\n\n<p>El peinado hacia atr\u00e1s transmit\u00eda sofisticaci\u00f3n y control. Con gomina o pomada, este peinado manten\u00eda el pelo en su sitio. Era una opci\u00f3n popular entre los profesionales que buscaban un aspecto pulido. <\/p>\n\n\n\n<p>Aunque los peinados hacia atr\u00e1s todav\u00eda se pueden ver hoy en d\u00eda, los a\u00f1os 90 trajeron un acabado \u00fanico y brillante que defini\u00f3 la \u00e9poca.<\/p>\n\n\n\n<h2 class=\"wp-block-heading\">16. El medio arriba, medio abajo<\/h2>\n\n\n\n<figure class=\"wp-block-image\"><div style=\"position: relative;\"><noscript><img decoding=\"async\" src=\"https:\/\/flawlesshair.com\/wp-content\/uploads\/2025\/01\/The-Half-Up-Half-Down.jpg\" alt=\"Mitad arriba, mitad abajo\"><\/noscript><img decoding=\"async\" src=\"https:\/\/flawlesshair.com\/wp-content\/uploads\/2025\/01\/The-Half-Up-Half-Down.jpg\" alt=\"Mitad arriba, mitad abajo\" width=\"300\" height=\"300\" id=\"mv-trellis-img-16\" loading=\"lazy\" class=\"lazyload\" data-trellis-processed=\"1\"><div style=\"position: absolute; top: 0.5rem; right: 0.75rem;\"> <a href=\"https:\/\/www.pinterest.com\/pin\/create\/button\/\" data-pin-do=\"buttonPin\" data-pin-tall=\"true\" data-pin-url=\"https:\/\/flawlesshair.com\/es\/peinados-iconicos-de-los-90\/\" data-pin-media=\"https:\/\/flawlesshair.com\/wp-content\/uploads\/2025\/01\/The-Half-Up-Half-Down.jpg\" data-pin-description=\"From Iconic to Iffy: &rsquo;90s Hair Moments That Made an Impression\" rel=\"nofollow noopener\" target=\"_blank\"> <\/a><\/div><\/div><figcaption class=\"wp-element-caption\"><a href=\"https:\/\/www.instagram.com\/liaaatheslayaaa\/reel\/CzwX0GMJ2fh\/\" target=\"_blank\" rel=\"noopener noreferrer nofollow\">\u00a9 liaaatheslayaaa<\/a><\/figcaption><\/figure>\n\n\n\n<p>El peinado semirecogido ofrec\u00eda lo mejor de ambos mundos, combinando elegancia y sencillez. Daba rienda suelta a la creatividad y a menudo se adornaba con accesorios como coleteros o clips. <\/p>\n\n\n\n<p>Este estilo vers\u00e1til se utilizaba en ocasiones especiales y era famoso por su adaptabilidad y encanto. En los a\u00f1os 90 se convirti\u00f3 en la elecci\u00f3n favorita para bailes de graduaci\u00f3n y fiestas.<\/p>\n\n\n\n<h2 class=\"wp-block-heading\">17. El Shag<\/h2>\n\n\n\n<figure class=\"wp-block-image\"><div style=\"position: relative;\"><noscript><img decoding=\"async\" src=\"https:\/\/flawlesshair.com\/wp-content\/uploads\/2025\/01\/The-Shag-3.jpg\" alt=\"El Shag\"><\/noscript><img decoding=\"async\" src=\"https:\/\/flawlesshair.com\/wp-content\/uploads\/2025\/01\/The-Shag-3.jpg\" alt=\"El Shag\" width=\"300\" height=\"300\" id=\"mv-trellis-img-17\" loading=\"lazy\" class=\"lazyload\" data-trellis-processed=\"1\"><div style=\"position: absolute; top: 0.5rem; right: 0.75rem;\"> <a href=\"https:\/\/www.pinterest.com\/pin\/create\/button\/\" data-pin-do=\"buttonPin\" data-pin-tall=\"true\" data-pin-url=\"https:\/\/flawlesshair.com\/es\/peinados-iconicos-de-los-90\/\" data-pin-media=\"https:\/\/flawlesshair.com\/wp-content\/uploads\/2025\/01\/The-Shag-3.jpg\" data-pin-description=\"From Iconic to Iffy: &rsquo;90s Hair Moments That Made an Impression\" rel=\"nofollow noopener\" target=\"_blank\"> <\/a><\/div><\/div><figcaption class=\"wp-element-caption\"><a href=\"https:\/\/www.instagram.com\/hirohair\/p\/CF2VV52DKgW\/\" target=\"_blank\" rel=\"noopener noreferrer nofollow\">\u00a9 hirohair<\/a><\/figcaption><\/figure>\n\n\n\n<p>El shag era un corte a capas con textura que aportaba volumen y movimiento. Conocido por su aire rockero, este peinado atra\u00eda a quienes buscaban un look atrevido pero manejable. <\/p>\n\n\n\n<p>La d\u00e9cada de los 90 acogi\u00f3 el shag por su esp\u00edritu desenfadado, convirti\u00e9ndolo en una opci\u00f3n popular tanto para hombres como para mujeres de diversas subculturas.<\/p>\n\n\n\n<h2 class=\"wp-block-heading\">18. El corte Pixie<\/h2>\n\n\n\n<figure class=\"wp-block-image\"><div style=\"position: relative;\"><noscript><img decoding=\"async\" src=\"https:\/\/flawlesshair.com\/wp-content\/uploads\/2025\/01\/The-Pixie-Cut-2.jpg\" alt=\"El corte Pixie\"><\/noscript><img decoding=\"async\" src=\"https:\/\/flawlesshair.com\/wp-content\/uploads\/2025\/01\/The-Pixie-Cut-2.jpg\" alt=\"El corte Pixie\" width=\"300\" height=\"300\" id=\"mv-trellis-img-18\" loading=\"lazy\" class=\"lazyload\" data-trellis-processed=\"1\"><div style=\"position: absolute; top: 0.5rem; right: 0.75rem;\"> <a href=\"https:\/\/www.pinterest.com\/pin\/create\/button\/\" data-pin-do=\"buttonPin\" data-pin-tall=\"true\" data-pin-url=\"https:\/\/flawlesshair.com\/es\/peinados-iconicos-de-los-90\/\" data-pin-media=\"https:\/\/flawlesshair.com\/wp-content\/uploads\/2025\/01\/The-Pixie-Cut-2.jpg\" data-pin-description=\"From Iconic to Iffy: &rsquo;90s Hair Moments That Made an Impression\" rel=\"nofollow noopener\" target=\"_blank\"> <\/a><\/div><\/div><figcaption class=\"wp-element-caption\"><a href=\"https:\/\/www.instagram.com\/p\/CvF3EB3u7iM\/\" target=\"_blank\" rel=\"noopener noreferrer nofollow\">\u00a9 oliviashadders<\/a><\/figcaption><\/figure>\n\n\n\n<p>El corte pixie era una elecci\u00f3n atrevida, que resaltaba los rasgos faciales con su corta longitud. Este estilo de bajo mantenimiento era a la vez elegante y atrevido, y a menudo se asociaba con una actitud rebelde. <\/p>\n\n\n\n<h2 class=\"wp-block-heading\">19. Rizos permanentados<\/h2>\n\n\n\n<figure class=\"wp-block-image\"><div style=\"position: relative;\"><noscript><img decoding=\"async\" src=\"https:\/\/flawlesshair.com\/wp-content\/uploads\/2025\/01\/Permed-Curls-1.jpg\" alt=\"Rizos permanentados\"><\/noscript><img decoding=\"async\" src=\"https:\/\/flawlesshair.com\/wp-content\/uploads\/2025\/01\/Permed-Curls-1.jpg\" alt=\"Rizos permanentados\" width=\"300\" height=\"300\" id=\"mv-trellis-img-19\" loading=\"lazy\" class=\"lazyload\" data-trellis-processed=\"1\"><div style=\"position: absolute; top: 0.5rem; right: 0.75rem;\"> <a href=\"https:\/\/www.pinterest.com\/pin\/create\/button\/\" data-pin-do=\"buttonPin\" data-pin-tall=\"true\" data-pin-url=\"https:\/\/flawlesshair.com\/es\/peinados-iconicos-de-los-90\/\" data-pin-media=\"https:\/\/flawlesshair.com\/wp-content\/uploads\/2025\/01\/Permed-Curls-1.jpg\" data-pin-description=\"From Iconic to Iffy: &rsquo;90s Hair Moments That Made an Impression\" rel=\"nofollow noopener\" target=\"_blank\"> <\/a><\/div><\/div><figcaption class=\"wp-element-caption\"><a href=\"https:\/\/www.instagram.com\/josiemorgan.hair\/p\/C5LNth6Pvtl\/\" target=\"_blank\" rel=\"noopener noreferrer nofollow\">\u00a9 josie<\/a><\/figcaption><\/figure>\n\n\n\n<p>Los rizos permanentados aportan volumen y textura al cabello, creando un aspecto lleno de vida. Este tratamiento qu\u00edmico fue un \u00e9xito entre quienes buscaban un look rizado duradero. <\/p>\n\n\n\n<p>A pesar de su popularidad, mantener el pelo permanentado requer\u00eda un cuidadoso mantenimiento. <\/p>\n\n\n\n<h2 class=\"wp-block-heading\">20. El Crew Cut<\/h2>\n\n\n\n<figure class=\"wp-block-image\"><div style=\"position: relative;\"><noscript><img decoding=\"async\" src=\"https:\/\/flawlesshair.com\/wp-content\/uploads\/2025\/01\/The-Crew-Cut.jpg\" alt=\"El corte de la tripulaci\u00f3n\"><\/noscript><img decoding=\"async\" src=\"https:\/\/flawlesshair.com\/wp-content\/uploads\/2025\/01\/The-Crew-Cut.jpg\" alt=\"El corte de la tripulaci\u00f3n\" width=\"300\" height=\"300\" id=\"mv-trellis-img-20\" loading=\"lazy\" class=\"lazyload\" data-trellis-processed=\"1\"><div style=\"position: absolute; top: 0.5rem; right: 0.75rem;\"> <a href=\"https:\/\/www.pinterest.com\/pin\/create\/button\/\" data-pin-do=\"buttonPin\" data-pin-tall=\"true\" data-pin-url=\"https:\/\/flawlesshair.com\/es\/peinados-iconicos-de-los-90\/\" data-pin-media=\"https:\/\/flawlesshair.com\/wp-content\/uploads\/2025\/01\/The-Crew-Cut.jpg\" data-pin-description=\"From Iconic to Iffy: &rsquo;90s Hair Moments That Made an Impression\" rel=\"nofollow noopener\" target=\"_blank\"> <\/a><\/div><\/div><figcaption class=\"wp-element-caption\"><a href=\"https:\/\/www.instagram.com\/__k_vu__\/p\/CvkARHVu17j\/\" target=\"_blank\" rel=\"noopener noreferrer nofollow\">\u00a9 __k_vu__<\/a><\/figcaption><\/figure>\n\n\n\n<p>El corte redondo era una opci\u00f3n pr\u00e1ctica y atemporal, que ofrec\u00eda un aspecto limpio y pulcro. Los atletas y los militares lo prefer\u00edan por su bajo mantenimiento. <\/p>\n\n\n\n<p>En los a\u00f1os 90, se hizo popular entre los j\u00f3venes y los hombres que prefer\u00edan un corte de pelo sencillo y sin complicaciones que destilara confianza y sencillez.<\/p>\n\n\n\n<h2 class=\"wp-block-heading\">21. El Mohawk<\/h2>\n\n\n\n<figure class=\"wp-block-image\"><div style=\"position: relative;\"><noscript><img decoding=\"async\" src=\"https:\/\/flawlesshair.com\/wp-content\/uploads\/2025\/01\/The-Mohawk.jpg\" alt=\"El Mohawk\"><\/noscript><img decoding=\"async\" src=\"https:\/\/flawlesshair.com\/wp-content\/uploads\/2025\/01\/The-Mohawk.jpg\" alt=\"El Mohawk\" width=\"300\" height=\"300\" id=\"mv-trellis-img-21\" loading=\"lazy\" class=\"lazyload\" data-trellis-processed=\"1\"><div style=\"position: absolute; top: 0.5rem; right: 0.75rem;\"> <a href=\"https:\/\/www.pinterest.com\/pin\/create\/button\/\" data-pin-do=\"buttonPin\" data-pin-tall=\"true\" data-pin-url=\"https:\/\/flawlesshair.com\/es\/peinados-iconicos-de-los-90\/\" data-pin-media=\"https:\/\/flawlesshair.com\/wp-content\/uploads\/2025\/01\/The-Mohawk.jpg\" data-pin-description=\"From Iconic to Iffy: &rsquo;90s Hair Moments That Made an Impression\" rel=\"nofollow noopener\" target=\"_blank\"> <\/a><\/div><\/div><figcaption class=\"wp-element-caption\"><a href=\"https:\/\/www.instagram.com\/tomikono_wig\/p\/CAo1KRjA3og\/\" target=\"_blank\" rel=\"noopener noreferrer nofollow\">\u00a9 tomikono_wig<\/a><\/figcaption><\/figure>\n\n\n\n<p>El mohawk era un peinado vanguardista, con una tira de pelo erguida en medio de la cabeza. Era un s\u00edmbolo de rebeld\u00eda e individualidad, adoptado por las subculturas punk. <\/p>\n\n\n\n<p>En los a\u00f1os 90 resurgi\u00f3 el mohawk, con variaciones de longitud y color, reflejo de la expresi\u00f3n personal y el inconformismo.<\/p>\n\n\n\n<h2 class=\"wp-block-heading\">22. La Colmena<\/h2>\n\n\n\n<figure class=\"wp-block-image\"><div style=\"position: relative;\"><noscript><img decoding=\"async\" src=\"https:\/\/flawlesshair.com\/wp-content\/uploads\/2025\/01\/The-Beehive-1.jpg\" alt=\"La Colmena\"><\/noscript><img decoding=\"async\" src=\"https:\/\/flawlesshair.com\/wp-content\/uploads\/2025\/01\/The-Beehive-1.jpg\" alt=\"La Colmena\" width=\"300\" height=\"300\" id=\"mv-trellis-img-22\" loading=\"lazy\" class=\"lazyload\" data-trellis-processed=\"1\"><div style=\"position: absolute; top: 0.5rem; right: 0.75rem;\"> <a href=\"https:\/\/www.pinterest.com\/pin\/create\/button\/\" data-pin-do=\"buttonPin\" data-pin-tall=\"true\" data-pin-url=\"https:\/\/flawlesshair.com\/es\/peinados-iconicos-de-los-90\/\" data-pin-media=\"https:\/\/flawlesshair.com\/wp-content\/uploads\/2025\/01\/The-Beehive-1.jpg\" data-pin-description=\"From Iconic to Iffy: &rsquo;90s Hair Moments That Made an Impression\" rel=\"nofollow noopener\" target=\"_blank\"> <\/a><\/div><\/div><figcaption class=\"wp-element-caption\"><a href=\"https:\/\/www.instagram.com\/jaspreetkaur_kalsi\/reel\/C2PjZguxKDa\/\" target=\"_blank\" rel=\"noopener noreferrer nofollow\">\u00a9 jaspreetkaur_kalsi<\/a><\/figcaption><\/figure>\n\n\n\n<p>Aunque su origen es anterior, la colmena regres\u00f3 con nostalgia en los a\u00f1os noventa. Este voluminoso recogido, peinado en lo alto de la cabeza, era a la vez glamuroso y atrevido. <\/p>\n\n\n\n<p>Requer\u00eda un gran esfuerzo y laca para mantener su estructura. C\u00e9lebre por su llamativo aspecto, la colmena sigue siendo un estilo ic\u00f3nico que resurge de vez en cuando en ambientes nost\u00e1lgicos.<\/p>\n\n\n\n<h2 class=\"wp-block-heading\">23. Socavado<\/h2>\n\n\n\n<figure class=\"wp-block-image\"><div style=\"position: relative;\"><noscript><img decoding=\"async\" src=\"https:\/\/flawlesshair.com\/wp-content\/uploads\/2025\/01\/Undercut-5.jpg\" alt=\"Socavado\"><\/noscript><img decoding=\"async\" src=\"https:\/\/flawlesshair.com\/wp-content\/uploads\/2025\/01\/Undercut-5.jpg\" alt=\"Socavado\" width=\"300\" height=\"300\" id=\"mv-trellis-img-23\" loading=\"lazy\" class=\"lazyload\" data-trellis-processed=\"1\"><div style=\"position: absolute; top: 0.5rem; right: 0.75rem;\"> <a href=\"https:\/\/www.pinterest.com\/pin\/create\/button\/\" data-pin-do=\"buttonPin\" data-pin-tall=\"true\" data-pin-url=\"https:\/\/flawlesshair.com\/es\/peinados-iconicos-de-los-90\/\" data-pin-media=\"https:\/\/flawlesshair.com\/wp-content\/uploads\/2025\/01\/Undercut-5.jpg\" data-pin-description=\"From Iconic to Iffy: &rsquo;90s Hair Moments That Made an Impression\" rel=\"nofollow noopener\" target=\"_blank\"> <\/a><\/div><\/div><figcaption class=\"wp-element-caption\"><a href=\"https:\/\/www.instagram.com\/k.g_hair\/reel\/DE3IwurTbP9\/90s-inspired-undercut-with-a-uniform-textured-styleon-trend-menshairtrends-under\/\" target=\"_blank\" rel=\"noopener noreferrer nofollow\">\u00a9 k.g_hair<\/a><\/figcaption><\/figure>\n\n\n\n<p>Este corte se caracteriza por llevar los lados rapados y el pelo m\u00e1s largo en la parte superior, lo que permite m\u00faltiples opciones de peinado. Fue un \u00e9xito entre quienes buscaban un look atrevido y contempor\u00e1neo.<\/p>\n\n\n\n<p>En la d\u00e9cada de 1990, este estilo se combin\u00f3 con diversas texturas y longitudes, ofreciendo un giro moderno a los cortes cl\u00e1sicos. Su atrevido contraste lo convirti\u00f3 en una elecci\u00f3n destacada.<\/p>\n\n\n\n<h2 class=\"wp-block-heading\">24. El Pompadour<\/h2>\n\n\n\n<figure class=\"wp-block-image\"><div style=\"position: relative;\"><noscript><img decoding=\"async\" src=\"https:\/\/flawlesshair.com\/wp-content\/uploads\/2025\/01\/The-Pompadour-2.jpg\" alt=\"El Pompadour\"><\/noscript><img decoding=\"async\" src=\"https:\/\/flawlesshair.com\/wp-content\/uploads\/2025\/01\/The-Pompadour-2.jpg\" alt=\"El Pompadour\" width=\"300\" height=\"300\" id=\"mv-trellis-img-24\" loading=\"lazy\" class=\"lazyload\" data-trellis-processed=\"1\"><div style=\"position: absolute; top: 0.5rem; right: 0.75rem;\"> <a href=\"https:\/\/www.pinterest.com\/pin\/create\/button\/\" data-pin-do=\"buttonPin\" data-pin-tall=\"true\" data-pin-url=\"https:\/\/flawlesshair.com\/es\/peinados-iconicos-de-los-90\/\" data-pin-media=\"https:\/\/flawlesshair.com\/wp-content\/uploads\/2025\/01\/The-Pompadour-2.jpg\" data-pin-description=\"From Iconic to Iffy: &rsquo;90s Hair Moments That Made an Impression\" rel=\"nofollow noopener\" target=\"_blank\"> <\/a><\/div><\/div><figcaption class=\"wp-element-caption\"><a href=\"https:\/\/www.instagram.com\/olgakurzova\/reel\/CqdtVU7jepQ\/\" target=\"_blank\" rel=\"noopener noreferrer nofollow\">\u00a9 olgakurzova<\/a><\/figcaption><\/figure>\n\n\n\n<p>El pompadour se caracterizaba por la altura y el volumen, con el pelo recogido hacia arriba y hacia atr\u00e1s. Este peinado desprend\u00eda confianza y sofisticaci\u00f3n, y requer\u00eda productos y un peinado cuidadoso. <\/p>\n\n\n\n<p>En los a\u00f1os 90, experiment\u00f3 un renacimiento entre quienes apreciaban su encanto retro y su elegancia. El pompadour sigue siendo una opci\u00f3n atemporal para los aficionados al estilo.<\/p>\n\n\n\n<h2 class=\"wp-block-heading\">25. La cola de la rata<\/h2>\n\n\n\n<figure class=\"wp-block-image\"><div style=\"position: relative;\"><noscript><img decoding=\"async\" src=\"https:\/\/flawlesshair.com\/wp-content\/uploads\/2025\/01\/The-Rat-Tail-1.jpg\" alt=\"La cola de la rata\"><\/noscript><img decoding=\"async\" src=\"https:\/\/flawlesshair.com\/wp-content\/uploads\/2025\/01\/The-Rat-Tail-1.jpg\" alt=\"La cola de la rata\" width=\"300\" height=\"300\" id=\"mv-trellis-img-25\" loading=\"lazy\" class=\"lazyload\" data-trellis-processed=\"1\"><div style=\"position: absolute; top: 0.5rem; right: 0.75rem;\"> <a href=\"https:\/\/www.pinterest.com\/pin\/create\/button\/\" data-pin-do=\"buttonPin\" data-pin-tall=\"true\" data-pin-url=\"https:\/\/flawlesshair.com\/es\/peinados-iconicos-de-los-90\/\" data-pin-media=\"https:\/\/flawlesshair.com\/wp-content\/uploads\/2025\/01\/The-Rat-Tail-1.jpg\" data-pin-description=\"From Iconic to Iffy: &rsquo;90s Hair Moments That Made an Impression\" rel=\"nofollow noopener\" target=\"_blank\"> <\/a><\/div><\/div><figcaption class=\"wp-element-caption\"><a href=\"https:\/\/www.instagram.com\/russdoeshair\/p\/CRG9J9ajDBY\/\" target=\"_blank\" rel=\"noopener noreferrer nofollow\">\u00a9 russdoeshair<\/a><\/figcaption><\/figure>\n\n\n\n<p>La cola de rata era un estilo poco convencional, con una peque\u00f1a secci\u00f3n de pelo largo en la nuca y el resto corto. Era un look controvertido, a menudo asociado a una personalidad rebelde o extravagante. <\/p>\n\n\n\n<p>Aunque no tuvo una gran acogida, fue memorable por su car\u00e1cter distintivo, dejando una impresi\u00f3n duradera de los a\u00f1os 90.<\/p>\n\n\n\n<h2 class=\"wp-block-heading\">26. El Paje<\/h2>\n\n\n\n<figure class=\"wp-block-image\"><div style=\"position: relative;\"><noscript><img decoding=\"async\" src=\"https:\/\/flawlesshair.com\/wp-content\/uploads\/2025\/01\/The-Pageboy-1.jpg\" alt=\"El Paje\"><\/noscript><img decoding=\"async\" src=\"https:\/\/flawlesshair.com\/wp-content\/uploads\/2025\/01\/The-Pageboy-1.jpg\" alt=\"El Paje\" width=\"300\" height=\"300\" id=\"mv-trellis-img-26\" loading=\"lazy\" class=\"lazyload\" data-trellis-processed=\"1\"><div style=\"position: absolute; top: 0.5rem; right: 0.75rem;\"> <a href=\"https:\/\/www.pinterest.com\/pin\/create\/button\/\" data-pin-do=\"buttonPin\" data-pin-tall=\"true\" data-pin-url=\"https:\/\/flawlesshair.com\/es\/peinados-iconicos-de-los-90\/\" data-pin-media=\"https:\/\/flawlesshair.com\/wp-content\/uploads\/2025\/01\/The-Pageboy-1.jpg\" data-pin-description=\"From Iconic to Iffy: &rsquo;90s Hair Moments That Made an Impression\" rel=\"nofollow noopener\" target=\"_blank\"> <\/a><\/div><\/div><figcaption class=\"wp-element-caption\"><a href=\"https:\/\/www.instagram.com\/the_history_of_hair\/p\/DBo9K2Wsg7G\/\" target=\"_blank\" rel=\"noopener noreferrer nofollow\">\u00a9 the_history_of_hair<\/a><\/figcaption><\/figure>\n\n\n\n<p>El recogido era un corte recto y elegante que terminaba cerca de la mand\u00edbula, a menudo acompa\u00f1ado de flequillo. Ofrec\u00eda un aspecto pulido y atemporal con un mantenimiento m\u00ednimo. <\/p>\n\n\n\n<p>En los a\u00f1os 90 resurgi\u00f3 este estilo cl\u00e1sico, apreciado por su sencillez y elegancia. Era la opci\u00f3n preferida de quienes buscaban un aspecto sencillo pero chic.<\/p>\n\n\n\n<h2 class=\"wp-block-heading\">27. El Bouffant<\/h2>\n\n\n\n<figure class=\"wp-block-image\"><div style=\"position: relative;\"><noscript><img decoding=\"async\" src=\"https:\/\/flawlesshair.com\/wp-content\/uploads\/2025\/01\/The-Bouffant-1.jpg\" alt=\"El Bouffant\"><\/noscript><img decoding=\"async\" src=\"https:\/\/flawlesshair.com\/wp-content\/uploads\/2025\/01\/The-Bouffant-1.jpg\" alt=\"El Bouffant\" width=\"300\" height=\"300\" id=\"mv-trellis-img-27\" loading=\"lazy\" class=\"lazyload\" data-trellis-processed=\"1\"><div style=\"position: absolute; top: 0.5rem; right: 0.75rem;\"> <a href=\"https:\/\/www.pinterest.com\/pin\/create\/button\/\" data-pin-do=\"buttonPin\" data-pin-tall=\"true\" data-pin-url=\"https:\/\/flawlesshair.com\/es\/peinados-iconicos-de-los-90\/\" data-pin-media=\"https:\/\/flawlesshair.com\/wp-content\/uploads\/2025\/01\/The-Bouffant-1.jpg\" data-pin-description=\"From Iconic to Iffy: &rsquo;90s Hair Moments That Made an Impression\" rel=\"nofollow noopener\" target=\"_blank\"> <\/a><\/div><\/div><figcaption class=\"wp-element-caption\"><a href=\"https:\/\/www.instagram.com\/cidergang\/p\/CxVfP8Yts7S\/\" target=\"_blank\" rel=\"noopener noreferrer nofollow\">\u00a9 cidergang<\/a><\/figcaption><\/figure>\n\n\n\n<p>El peinado bouffant, caracterizado por su voluminosa coronilla, resurgi\u00f3 con fuerza en los a\u00f1os noventa. Proporcionaba un look elegante y espectacular, que requer\u00eda cardado y laca para alcanzar su altura. <\/p>\n\n\n\n<p>A menudo asociado a ocasiones formales, el bouffant era un gui\u00f1o al glamour del pasado al tiempo que a\u00f1ad\u00eda un toque de nostalgia a la moda de los 90.<\/p>\n\n\n\n<h2 class=\"wp-block-heading\">28. El corte C\u00e9sar<\/h2>\n\n\n\n<figure class=\"wp-block-image\"><div style=\"position: relative;\"><noscript><img decoding=\"async\" src=\"https:\/\/flawlesshair.com\/wp-content\/uploads\/2025\/01\/The-Caesar-Cut-1.jpg\" alt=\"El corte C\u00e9sar\"><\/noscript><img decoding=\"async\" src=\"https:\/\/flawlesshair.com\/wp-content\/uploads\/2025\/01\/The-Caesar-Cut-1.jpg\" alt=\"El corte C\u00e9sar\" width=\"300\" height=\"300\" id=\"mv-trellis-img-28\" loading=\"lazy\" class=\"lazyload\" data-trellis-processed=\"1\"><div style=\"position: absolute; top: 0.5rem; right: 0.75rem;\"> <a href=\"https:\/\/www.pinterest.com\/pin\/create\/button\/\" data-pin-do=\"buttonPin\" data-pin-tall=\"true\" data-pin-url=\"https:\/\/flawlesshair.com\/es\/peinados-iconicos-de-los-90\/\" data-pin-media=\"https:\/\/flawlesshair.com\/wp-content\/uploads\/2025\/01\/The-Caesar-Cut-1.jpg\" data-pin-description=\"From Iconic to Iffy: &rsquo;90s Hair Moments That Made an Impression\" rel=\"nofollow noopener\" target=\"_blank\"> <\/a><\/div><\/div><figcaption class=\"wp-element-caption\"><a href=\"https:\/\/www.instagram.com\/lndn_hair\/p\/C86Y3FUvzwc\/\" target=\"_blank\" rel=\"noopener noreferrer nofollow\">\u00a9 lndn_hair<\/a><\/figcaption><\/figure>\n\n\n\n<p>El corte C\u00e9sar era un corte de pelo corto y uniforme con un peque\u00f1o flequillo, inspirado en los antiguos estilos romanos. Ofrec\u00eda una opci\u00f3n pulcra y de bajo mantenimiento que era a la vez moderna y cl\u00e1sica. <\/p>\n\n\n\n<p>En los a\u00f1os 90, este estilo gan\u00f3 popularidad por su sencillez y versatilidad, atrayendo a quienes prefer\u00edan un aspecto limpio y discreto.<\/p>\n\n\n\n<h2 class=\"wp-block-heading\">29. El Pixie Bob<\/h2>\n\n\n\n<figure class=\"wp-block-image\"><div style=\"position: relative;\"><noscript><img decoding=\"async\" src=\"https:\/\/flawlesshair.com\/wp-content\/uploads\/2025\/01\/The-Pixie-Bob.jpg\" alt=\"El Pixie Bob\"><\/noscript><img decoding=\"async\" src=\"https:\/\/flawlesshair.com\/wp-content\/uploads\/2025\/01\/The-Pixie-Bob.jpg\" alt=\"El Pixie Bob\" width=\"300\" height=\"300\" id=\"mv-trellis-img-29\" loading=\"lazy\" class=\"lazyload\" data-trellis-processed=\"1\"><div style=\"position: absolute; top: 0.5rem; right: 0.75rem;\"> <a href=\"https:\/\/www.pinterest.com\/pin\/create\/button\/\" data-pin-do=\"buttonPin\" data-pin-tall=\"true\" data-pin-url=\"https:\/\/flawlesshair.com\/es\/peinados-iconicos-de-los-90\/\" data-pin-media=\"https:\/\/flawlesshair.com\/wp-content\/uploads\/2025\/01\/The-Pixie-Bob.jpg\" data-pin-description=\"From Iconic to Iffy: &rsquo;90s Hair Moments That Made an Impression\" rel=\"nofollow noopener\" target=\"_blank\"> <\/a><\/div><\/div><figcaption class=\"wp-element-caption\"><a href=\"https:\/\/www.instagram.com\/brianacisneros\/reel\/C2-Psc2O1wy\/\" target=\"_blank\" rel=\"noopener noreferrer nofollow\">\u00a9 brianacisneros<\/a><\/figcaption><\/figure>\n\n\n\n<p>El pixie bob combinaba la elegancia del pixie con la del bob, ofreciendo un look corto pero elegante. <\/p>\n\n\n\n<p>Se trataba de una opci\u00f3n vers\u00e1til, f\u00e1cil de manejar y con un aire contempor\u00e1neo. En la d\u00e9cada de los 90, este estilo h\u00edbrido fue adoptado por personas a la moda que buscaban una nueva forma de llevar el pelo corto.<\/p>\n\n\n\n<h2 class=\"wp-block-heading\">30. El Afro<\/h2>\n\n\n\n<figure class=\"wp-block-image\"><div style=\"position: relative;\"><noscript><img decoding=\"async\" src=\"https:\/\/flawlesshair.com\/wp-content\/uploads\/2025\/01\/The-Afro.jpg\" alt=\"El afro\"><\/noscript><img decoding=\"async\" src=\"https:\/\/flawlesshair.com\/wp-content\/uploads\/2025\/01\/The-Afro.jpg\" alt=\"El afro\" width=\"300\" height=\"300\" id=\"mv-trellis-img-30\" loading=\"lazy\" class=\"lazyload\" data-trellis-processed=\"1\"><div style=\"position: absolute; top: 0.5rem; right: 0.75rem;\"> <a href=\"https:\/\/www.pinterest.com\/pin\/create\/button\/\" data-pin-do=\"buttonPin\" data-pin-tall=\"true\" data-pin-url=\"https:\/\/flawlesshair.com\/es\/peinados-iconicos-de-los-90\/\" data-pin-media=\"https:\/\/flawlesshair.com\/wp-content\/uploads\/2025\/01\/The-Afro.jpg\" data-pin-description=\"From Iconic to Iffy: &rsquo;90s Hair Moments That Made an Impression\" rel=\"nofollow noopener\" target=\"_blank\"> <\/a><\/div><\/div><figcaption class=\"wp-element-caption\"><a href=\"https:\/\/www.instagram.com\/militiafilms\/reel\/Cx3O9GJugVj\/\" target=\"_blank\" rel=\"noopener noreferrer nofollow\">\u00a9 militiafilms<\/a><\/figcaption><\/figure>\n\n\n\n<p>El afro celebraba la textura natural del cabello, ofreciendo una forma voluminosa y redondeada. Era una declaraci\u00f3n de orgullo cultural e individualidad, adoptada por muchos en los a\u00f1os 90. <\/p>\n\n\n\n<p>Este estilo simbolizaba el empoderamiento y la identidad, convirti\u00e9ndose en una elecci\u00f3n apreciada por quienes celebraban sus ra\u00edces. <\/p>\n\n\n\n<h2 class=\"wp-block-heading\">31. El giro franc\u00e9s<\/h2>\n\n\n\n<figure class=\"wp-block-image\"><div style=\"position: relative;\"><noscript><img decoding=\"async\" src=\"https:\/\/flawlesshair.com\/wp-content\/uploads\/2025\/01\/The-French-Twist-3.jpg\" alt=\"El giro franc\u00e9s\"><\/noscript><img decoding=\"async\" src=\"https:\/\/flawlesshair.com\/wp-content\/uploads\/2025\/01\/The-French-Twist-3.jpg\" alt=\"El giro franc\u00e9s\" width=\"300\" height=\"300\" id=\"mv-trellis-img-31\" loading=\"lazy\" class=\"lazyload\" data-trellis-processed=\"1\"><div style=\"position: absolute; top: 0.5rem; right: 0.75rem;\"> <a href=\"https:\/\/www.pinterest.com\/pin\/create\/button\/\" data-pin-do=\"buttonPin\" data-pin-tall=\"true\" data-pin-url=\"https:\/\/flawlesshair.com\/es\/peinados-iconicos-de-los-90\/\" data-pin-media=\"https:\/\/flawlesshair.com\/wp-content\/uploads\/2025\/01\/The-French-Twist-3.jpg\" data-pin-description=\"From Iconic to Iffy: &rsquo;90s Hair Moments That Made an Impression\" rel=\"nofollow noopener\" target=\"_blank\"> <\/a><\/div><\/div><figcaption class=\"wp-element-caption\"><a href=\"https:\/\/www.instagram.com\/simply.captivating.pgh_amelia\/reel\/CyLdvbVLPkl\/\" target=\"_blank\" rel=\"noopener noreferrer nofollow\">\u00a9 simply.captivating.pgh_amelia<\/a><\/figcaption><\/figure>\n\n\n\n<p>El twist franc\u00e9s era un recogido elegante, perfecto para ocasiones formales. El pelo se recog\u00eda en un rollo vertical, que desprend\u00eda gracia y sofisticaci\u00f3n. <\/p>\n\n\n\n<p>Los a\u00f1os 90 adoptaron este estilo cl\u00e1sico por su belleza atemporal, a menudo elegido para bodas y eventos de alfombra roja. Su aspecto refinado le asegur\u00f3 un lugar como eterno favorito.<\/p>\n\n\n\n<h2 class=\"wp-block-heading\">32. Las espigas de la libertad<\/h2>\n\n\n\n<figure class=\"wp-block-image\"><div style=\"position: relative;\"><noscript><img decoding=\"async\" src=\"https:\/\/flawlesshair.com\/wp-content\/uploads\/2025\/01\/The-Liberty-Spikes.jpg\" alt=\"Las espigas de la libertad\"><\/noscript><img decoding=\"async\" src=\"https:\/\/flawlesshair.com\/wp-content\/uploads\/2025\/01\/The-Liberty-Spikes.jpg\" alt=\"Las espigas de la libertad\" width=\"300\" height=\"300\" id=\"mv-trellis-img-32\" loading=\"lazy\" class=\"lazyload\" data-trellis-processed=\"1\"><div style=\"position: absolute; top: 0.5rem; right: 0.75rem;\"> <a href=\"https:\/\/www.pinterest.com\/pin\/create\/button\/\" data-pin-do=\"buttonPin\" data-pin-tall=\"true\" data-pin-url=\"https:\/\/flawlesshair.com\/es\/peinados-iconicos-de-los-90\/\" data-pin-media=\"https:\/\/flawlesshair.com\/wp-content\/uploads\/2025\/01\/The-Liberty-Spikes.jpg\" data-pin-description=\"From Iconic to Iffy: &rsquo;90s Hair Moments That Made an Impression\" rel=\"nofollow noopener\" target=\"_blank\"> <\/a><\/div><\/div><figcaption class=\"wp-element-caption\"><a href=\"https:\/\/www.instagram.com\/ponyplaypen\/p\/C8nTeTIpfzX\/\" target=\"_blank\" rel=\"noopener noreferrer nofollow\">\u00a9 ponyplaypen<\/a><\/figcaption><\/figure>\n\n\n\n<p>Las puntas liberty eran una declaraci\u00f3n de audacia, con el pelo peinado en puntas r\u00edgidas y erguidas. Este look fue un sello distintivo de la moda punk, s\u00edmbolo de rebeld\u00eda e individualidad. <\/p>\n\n\n\n<p>En los a\u00f1os 90 resurgi\u00f3 este estilo, a menudo acentuado con colores vivos. <\/p>\n\n\n\n<h2 class=\"wp-block-heading\">33. El corte Hime<\/h2>\n\n\n\n<figure class=\"wp-block-image\"><div style=\"position: relative;\"><noscript><img decoding=\"async\" src=\"https:\/\/flawlesshair.com\/wp-content\/uploads\/2025\/01\/The-Hime-Cut.jpg\" alt=\"El corte Hime\"><\/noscript><img decoding=\"async\" src=\"https:\/\/flawlesshair.com\/wp-content\/uploads\/2025\/01\/The-Hime-Cut.jpg\" alt=\"El corte Hime\" width=\"300\" height=\"300\" id=\"mv-trellis-img-33\" loading=\"lazy\" class=\"lazyload\" data-trellis-processed=\"1\"><div style=\"position: absolute; top: 0.5rem; right: 0.75rem;\"> <a href=\"https:\/\/www.pinterest.com\/pin\/create\/button\/\" data-pin-do=\"buttonPin\" data-pin-tall=\"true\" data-pin-url=\"https:\/\/flawlesshair.com\/es\/peinados-iconicos-de-los-90\/\" data-pin-media=\"https:\/\/flawlesshair.com\/wp-content\/uploads\/2025\/01\/The-Hime-Cut.jpg\" data-pin-description=\"From Iconic to Iffy: &rsquo;90s Hair Moments That Made an Impression\" rel=\"nofollow noopener\" target=\"_blank\"> <\/a><\/div><\/div><figcaption class=\"wp-element-caption\"><a href=\"https:\/\/www.instagram.com\/danieljianing\/p\/CLETfAGjYq7\/\" target=\"_blank\" rel=\"noopener noreferrer nofollow\">\u00a9 danieljianing<\/a><\/figcaption><\/figure>\n\n\n\n<p>El corte hime, inspirado en las princesas japonesas, se caracterizaba por mechones laterales rectos hasta las mejillas y pelo m\u00e1s largo por detr\u00e1s. Ofrec\u00eda un aspecto \u00fanico y elegante, combinando tradici\u00f3n y modernidad. <\/p>\n\n\n\n<p>En los a\u00f1os 90, este estilo gan\u00f3 popularidad internacionalmente, apreciado por su aspecto distintivo y su significado cultural. Sigue siendo una opci\u00f3n muy apreciada por los entusiastas de la moda experimental.<\/p>\n\n\n\n<h2 class=\"wp-block-heading\">34. El S-Curl<\/h2>\n\n\n\n<figure class=\"wp-block-image\"><div style=\"position: relative;\"><noscript><img decoding=\"async\" src=\"https:\/\/flawlesshair.com\/wp-content\/uploads\/2025\/01\/The-S-Curl.jpg\" alt=\"El rizo en S\"><\/noscript><img decoding=\"async\" src=\"https:\/\/flawlesshair.com\/wp-content\/uploads\/2025\/01\/The-S-Curl.jpg\" alt=\"El rizo en S\" width=\"300\" height=\"300\" id=\"mv-trellis-img-34\" loading=\"lazy\" class=\"lazyload\" data-trellis-processed=\"1\"><div style=\"position: absolute; top: 0.5rem; right: 0.75rem;\"> <a href=\"https:\/\/www.pinterest.com\/pin\/create\/button\/\" data-pin-do=\"buttonPin\" data-pin-tall=\"true\" data-pin-url=\"https:\/\/flawlesshair.com\/es\/peinados-iconicos-de-los-90\/\" data-pin-media=\"https:\/\/flawlesshair.com\/wp-content\/uploads\/2025\/01\/The-S-Curl.jpg\" data-pin-description=\"From Iconic to Iffy: &rsquo;90s Hair Moments That Made an Impression\" rel=\"nofollow noopener\" target=\"_blank\"> <\/a><\/div><\/div><figcaption class=\"wp-element-caption\"><a href=\"https:\/\/www.instagram.com\/melissa.frusco\/reel\/CtmJ_gNxFzp\/\" target=\"_blank\" rel=\"noopener noreferrer nofollow\">\u00a9 melissa.frusco<\/a><\/figcaption><\/figure>\n\n\n\n<p>El S-curl era un peinado suave y ondulado que se consegu\u00eda con una crema texturizante, muy popular entre los hombres en los a\u00f1os 90. Proporcionaba un look relajado y desenfadado con el m\u00ednimo esfuerzo. Proporcionaba un look relajado y desenfadado con el m\u00ednimo esfuerzo. <\/p>\n\n\n\n<p>Este estilo era uno de los favoritos de la comunidad hip-hop, ya que ofrec\u00eda un aspecto suave y elegante. Aunque menos com\u00fan hoy en d\u00eda, el rizo en S sigue siendo un gui\u00f1o nost\u00e1lgico a la moda de los 90.<\/p>\n\n\n\n<h2 class=\"wp-block-heading\">35. Layers &lsquo;N Bangs<\/h2>\n\n\n<div class=\"wp-block-image\">\n<figure class=\"aligncenter size-full\"><div style=\"position: relative;\"><noscript><img loading=\"lazy\" decoding=\"async\" width=\"1080\" height=\"1350\" src=\"https:\/\/flawlesshair.com\/wp-content\/uploads\/2025\/01\/Layers-And-Bangs.jpg\" alt=\"Layers And Bangs\" class=\"wp-image-160015\" srcset=\"https:\/\/flawlesshair.com\/wp-content\/uploads\/2025\/01\/Layers-And-Bangs.jpg 1080w, https:\/\/flawlesshair.com\/wp-content\/uploads\/2025\/01\/Layers-And-Bangs-240x300.jpg 240w, https:\/\/flawlesshair.com\/wp-content\/uploads\/2025\/01\/Layers-And-Bangs-768x960.jpg 768w, https:\/\/flawlesshair.com\/wp-content\/uploads\/2025\/01\/Layers-And-Bangs-10x12.jpg 10w, https:\/\/flawlesshair.com\/wp-content\/uploads\/2025\/01\/Layers-And-Bangs-864x1080.jpg 864w, https:\/\/flawlesshair.com\/wp-content\/uploads\/2025\/01\/Layers-And-Bangs-960x1200.jpg 960w\" sizes=\"auto, (max-width: 760px) calc(100vw - 24px), 720px\"><\/noscript><img loading=\"lazy\" decoding=\"async\" width=\"1080\" height=\"1350\" src=\"https:\/\/flawlesshair.com\/wp-content\/uploads\/2025\/01\/Layers-And-Bangs.jpg\" alt=\"Layers And Bangs\" class=\"wp-image-160015 lazyload\" srcset=\"https:\/\/flawlesshair.com\/wp-content\/uploads\/2025\/01\/Layers-And-Bangs.jpg 1080w, https:\/\/flawlesshair.com\/wp-content\/uploads\/2025\/01\/Layers-And-Bangs-240x300.jpg 240w, https:\/\/flawlesshair.com\/wp-content\/uploads\/2025\/01\/Layers-And-Bangs-768x960.jpg 768w, https:\/\/flawlesshair.com\/wp-content\/uploads\/2025\/01\/Layers-And-Bangs-10x12.jpg 10w, https:\/\/flawlesshair.com\/wp-content\/uploads\/2025\/01\/Layers-And-Bangs-864x1080.jpg 864w, https:\/\/flawlesshair.com\/wp-content\/uploads\/2025\/01\/Layers-And-Bangs-960x1200.jpg 960w\" sizes=\"auto, (max-width: 760px) calc(100vw - 24px), 720px\" data-pin-media=\"https:\/\/flawlesshair.com\/wp-content\/uploads\/2025\/01\/Layers-And-Bangs.jpg\" id=\"mv-trellis-img-35\" data-trellis-processed=\"1\"><div style=\"position: absolute; top: 0.5rem; right: 0.75rem;\"> <a href=\"https:\/\/www.pinterest.com\/pin\/create\/button\/\" data-pin-do=\"buttonPin\" data-pin-tall=\"true\" data-pin-url=\"https:\/\/flawlesshair.com\/es\/peinados-iconicos-de-los-90\/\" data-pin-media=\"https:\/\/flawlesshair.com\/wp-content\/uploads\/2025\/01\/Layers-And-Bangs.jpg\" data-pin-description=\"From Iconic to Iffy: &rsquo;90s Hair Moments That Made an Impression\" rel=\"nofollow noopener\" target=\"_blank\"> <\/a><\/div><\/div><figcaption class=\"wp-element-caption\">@<a href=\"https:\/\/www.instagram.com\/yukistylist\/\" target=\"_blank\" rel=\"noreferrer noopener nofollow\">yukistylist<\/a><\/figcaption><\/figure>\n<\/div>\n\n\n<p>Layers and bangs in the &rsquo;90s were all about adding volume and shape, but sometimes they missed the mark. <\/p>\n\n\n\n<p>While the idea of soft layers and blunt bangs was meant to create movement and drama, it often resulted in uneven cuts and an overly &ldquo;done&rdquo; look.<\/p>\n\n\n\n<h2 class=\"wp-block-heading\">36. Short &lsquo;N Textured<\/h2>\n\n\n<div class=\"wp-block-image\">\n<figure class=\"aligncenter size-full\"><div style=\"position: relative;\"><noscript><img loading=\"lazy\" decoding=\"async\" width=\"1080\" height=\"1346\" src=\"https:\/\/flawlesshair.com\/wp-content\/uploads\/2025\/01\/Short-N-Textured.jpg\" alt=\"corto y con textura\" class=\"wp-image-160019\" srcset=\"https:\/\/flawlesshair.com\/wp-content\/uploads\/2025\/01\/Short-N-Textured.jpg 1080w, https:\/\/flawlesshair.com\/wp-content\/uploads\/2025\/01\/Short-N-Textured-241x300.jpg 241w, https:\/\/flawlesshair.com\/wp-content\/uploads\/2025\/01\/Short-N-Textured-768x957.jpg 768w, https:\/\/flawlesshair.com\/wp-content\/uploads\/2025\/01\/Short-N-Textured-10x12.jpg 10w, https:\/\/flawlesshair.com\/wp-content\/uploads\/2025\/01\/Short-N-Textured-770x960.jpg 770w, https:\/\/flawlesshair.com\/wp-content\/uploads\/2025\/01\/Short-N-Textured-867x1080.jpg 867w, https:\/\/flawlesshair.com\/wp-content\/uploads\/2025\/01\/Short-N-Textured-963x1200.jpg 963w\" sizes=\"auto, (max-width: 760px) calc(100vw - 24px), 720px\"><\/noscript><img loading=\"lazy\" decoding=\"async\" width=\"1080\" height=\"1346\" src=\"https:\/\/flawlesshair.com\/wp-content\/uploads\/2025\/01\/Short-N-Textured.jpg\" alt=\"corto y con textura\" class=\"wp-image-160019 lazyload\" srcset=\"https:\/\/flawlesshair.com\/wp-content\/uploads\/2025\/01\/Short-N-Textured.jpg 1080w, https:\/\/flawlesshair.com\/wp-content\/uploads\/2025\/01\/Short-N-Textured-241x300.jpg 241w, https:\/\/flawlesshair.com\/wp-content\/uploads\/2025\/01\/Short-N-Textured-768x957.jpg 768w, https:\/\/flawlesshair.com\/wp-content\/uploads\/2025\/01\/Short-N-Textured-10x12.jpg 10w, https:\/\/flawlesshair.com\/wp-content\/uploads\/2025\/01\/Short-N-Textured-770x960.jpg 770w, https:\/\/flawlesshair.com\/wp-content\/uploads\/2025\/01\/Short-N-Textured-867x1080.jpg 867w, https:\/\/flawlesshair.com\/wp-content\/uploads\/2025\/01\/Short-N-Textured-963x1200.jpg 963w\" sizes=\"auto, (max-width: 760px) calc(100vw - 24px), 720px\" data-pin-media=\"https:\/\/flawlesshair.com\/wp-content\/uploads\/2025\/01\/Short-N-Textured.jpg\" id=\"mv-trellis-img-36\" data-trellis-processed=\"1\"><div style=\"position: absolute; top: 0.5rem; right: 0.75rem;\"> <a href=\"https:\/\/www.pinterest.com\/pin\/create\/button\/\" data-pin-do=\"buttonPin\" data-pin-tall=\"true\" data-pin-url=\"https:\/\/flawlesshair.com\/es\/peinados-iconicos-de-los-90\/\" data-pin-media=\"https:\/\/flawlesshair.com\/wp-content\/uploads\/2025\/01\/Short-N-Textured.jpg\" data-pin-description=\"From Iconic to Iffy: &rsquo;90s Hair Moments That Made an Impression\" rel=\"nofollow noopener\" target=\"_blank\"> <\/a><\/div><\/div><figcaption class=\"wp-element-caption\">@<a href=\"https:\/\/www.instagram.com\/lovesalonpdx\/\" target=\"_blank\" rel=\"noreferrer noopener nofollow\">lovesalonpdx<\/a><\/figcaption><\/figure>\n<\/div>\n\n\n<p>Short &lsquo;n textured hair in the &rsquo;90s was all about volume, choppy layers, and a bit of rebellious spirit. <\/p>\n\n\n\n<p>Think of the grunge era mixed with a touch of pop culture influence, where the textured bob or pixie cut was the go-to for those looking to make a bold statement.<\/p>\n\n\n\n<h2 class=\"wp-block-heading\">37. Crimped Hair<\/h2>\n\n\n\n<figure class=\"wp-block-image\"><div style=\"position: relative;\"><noscript><img decoding=\"async\" src=\"https:\/\/flawlesshair.com\/wp-content\/uploads\/2025\/01\/Crimped-Hair-6.jpg\" alt=\"Pelo ondulado\"><\/noscript><img decoding=\"async\" src=\"https:\/\/flawlesshair.com\/wp-content\/uploads\/2025\/01\/Crimped-Hair-6.jpg\" alt=\"Pelo ondulado\" width=\"300\" height=\"300\" id=\"mv-trellis-img-37\" loading=\"lazy\" class=\"lazyload\" data-trellis-processed=\"1\"><div style=\"position: absolute; top: 0.5rem; right: 0.75rem;\"> <a href=\"https:\/\/www.pinterest.com\/pin\/create\/button\/\" data-pin-do=\"buttonPin\" data-pin-tall=\"true\" data-pin-url=\"https:\/\/flawlesshair.com\/es\/peinados-iconicos-de-los-90\/\" data-pin-media=\"https:\/\/flawlesshair.com\/wp-content\/uploads\/2025\/01\/Crimped-Hair-6.jpg\" data-pin-description=\"From Iconic to Iffy: &rsquo;90s Hair Moments That Made an Impression\" rel=\"nofollow noopener\" target=\"_blank\"> <\/a><\/div><\/div><figcaption class=\"wp-element-caption\"><a href=\"https:\/\/www.instagram.com\/glambyannieaan\/p\/CCgUWd1HzMC\/\" target=\"_blank\" rel=\"noopener noreferrer nofollow\">\u00a9 glambyannieaan<\/a><\/figcaption><\/figure>\n\n\n\n<p>El pelo ondulado era todo textura y volumen. Conseguido con una plancha, este peinado daba al cabello un patr\u00f3n en zigzag. Una forma divertida de dar un toque divertido a cualquier look. <\/p>\n\n\n\n<p>Aunque tuvo su momento en los 90, es un estilo que rara vez se ve hoy en d\u00eda fuera de las fiestas tem\u00e1ticas.<\/p>\n\n\n\n<h2 class=\"wp-block-heading\">38. Frosted Tips<\/h2>\n\n\n\n<figure class=\"wp-block-image\"><div style=\"position: relative;\"><noscript><img decoding=\"async\" src=\"https:\/\/flawlesshair.com\/wp-content\/uploads\/2025\/01\/Frosted-Tips-4.jpg\" alt=\"Puntas esmeriladas\"><\/noscript><img decoding=\"async\" src=\"https:\/\/flawlesshair.com\/wp-content\/uploads\/2025\/01\/Frosted-Tips-4.jpg\" alt=\"Puntas esmeriladas\" width=\"300\" height=\"300\" id=\"mv-trellis-img-38\" loading=\"lazy\" class=\"lazyload\" data-trellis-processed=\"1\"><div style=\"position: absolute; top: 0.5rem; right: 0.75rem;\"> <a href=\"https:\/\/www.pinterest.com\/pin\/create\/button\/\" data-pin-do=\"buttonPin\" data-pin-tall=\"true\" data-pin-url=\"https:\/\/flawlesshair.com\/es\/peinados-iconicos-de-los-90\/\" data-pin-media=\"https:\/\/flawlesshair.com\/wp-content\/uploads\/2025\/01\/Frosted-Tips-4.jpg\" data-pin-description=\"From Iconic to Iffy: &rsquo;90s Hair Moments That Made an Impression\" rel=\"nofollow noopener\" target=\"_blank\"> <\/a><\/div><\/div><figcaption class=\"wp-element-caption\"><a href=\"https:\/\/www.instagram.com\/justinnordinetattoos\/reel\/CcRo-XZlO-C\/\" target=\"_blank\" rel=\"noopener noreferrer nofollow\">\u00a9 justinnordinetattoos<\/a><\/figcaption><\/figure>\n\n\n\n<p>Las puntas escarchadas eran el estilo preferido de quienes quer\u00edan dar un toque de estilo a su pelo corto. El estilo consist\u00eda en decolorar las puntas del pelo en punta, creando un efecto bronceado. <\/p>\n\n\n\n<p>Aunque en su momento estuvo de moda, este look no ha envejecido bien y a menudo se considera una reliquia del pasado.<\/p>\n\n\n\n<h2 class=\"wp-block-heading\">39. Zigzag Parting<\/h2>\n\n\n<div class=\"wp-block-image\">\n<figure class=\"aligncenter size-full\"><div style=\"position: relative;\"><noscript><img loading=\"lazy\" decoding=\"async\" width=\"800\" height=\"1200\" src=\"https:\/\/flawlesshair.com\/wp-content\/uploads\/2025\/05\/Zigzag-Parting.jpeg\" alt=\"\" class=\"wp-image-211781\" srcset=\"https:\/\/flawlesshair.com\/wp-content\/uploads\/2025\/05\/Zigzag-Parting.jpeg 800w, https:\/\/flawlesshair.com\/wp-content\/uploads\/2025\/05\/Zigzag-Parting-200x300.jpeg 200w, https:\/\/flawlesshair.com\/wp-content\/uploads\/2025\/05\/Zigzag-Parting-768x1152.jpeg 768w, https:\/\/flawlesshair.com\/wp-content\/uploads\/2025\/05\/Zigzag-Parting-8x12.jpeg 8w, https:\/\/flawlesshair.com\/wp-content\/uploads\/2025\/05\/Zigzag-Parting-640x960.jpeg 640w, https:\/\/flawlesshair.com\/wp-content\/uploads\/2025\/05\/Zigzag-Parting-720x1080.jpeg 720w\" sizes=\"auto, (max-width: 760px) calc(100vw - 24px), 720px\"><\/noscript><img loading=\"lazy\" decoding=\"async\" width=\"800\" height=\"1200\" src=\"https:\/\/flawlesshair.com\/wp-content\/uploads\/2025\/05\/Zigzag-Parting.jpeg\" alt=\"\" class=\"wp-image-211781 lazyload\" srcset=\"https:\/\/flawlesshair.com\/wp-content\/uploads\/2025\/05\/Zigzag-Parting.jpeg 800w, https:\/\/flawlesshair.com\/wp-content\/uploads\/2025\/05\/Zigzag-Parting-200x300.jpeg 200w, https:\/\/flawlesshair.com\/wp-content\/uploads\/2025\/05\/Zigzag-Parting-768x1152.jpeg 768w, https:\/\/flawlesshair.com\/wp-content\/uploads\/2025\/05\/Zigzag-Parting-8x12.jpeg 8w, https:\/\/flawlesshair.com\/wp-content\/uploads\/2025\/05\/Zigzag-Parting-640x960.jpeg 640w, https:\/\/flawlesshair.com\/wp-content\/uploads\/2025\/05\/Zigzag-Parting-720x1080.jpeg 720w\" sizes=\"auto, (max-width: 760px) calc(100vw - 24px), 720px\" data-pin-media=\"https:\/\/flawlesshair.com\/wp-content\/uploads\/2025\/05\/Zigzag-Parting.jpeg\" id=\"mv-trellis-img-39\" data-trellis-processed=\"1\"><div style=\"position: absolute; top: 0.5rem; right: 0.75rem;\"> <a href=\"https:\/\/www.pinterest.com\/pin\/create\/button\/\" data-pin-do=\"buttonPin\" data-pin-tall=\"true\" data-pin-url=\"https:\/\/flawlesshair.com\/es\/peinados-iconicos-de-los-90\/\" data-pin-media=\"https:\/\/flawlesshair.com\/wp-content\/uploads\/2025\/05\/Zigzag-Parting.jpeg\" data-pin-description=\"From Iconic to Iffy: &rsquo;90s Hair Moments That Made an Impression\" rel=\"nofollow noopener\" target=\"_blank\"> <\/a><\/div><\/div><figcaption class=\"wp-element-caption\"><a href=\"https:\/\/hanzo.com\/how-to-masterfully-do-a-zig-zag-parting-hairstyle\/\" target=\"_blank\" rel=\"noreferrer noopener nofollow\">&copy; Hanzo Shears<\/a><\/figcaption><\/figure>\n<\/div>\n\n\n<p>Zigzag parting was the edgy twist that transformed everyday hair into a statement. With a comb and a bit of patience, anyone could achieve this funky style.<\/p>\n\n\n\n<p>This look added an element of surprise, making it popular among adventurous fashionistas.<\/p>\n\n\n\n<h2 class=\"wp-block-heading\">40. Chunky Highlights<\/h2>\n\n\n<div class=\"wp-block-image\">\n<figure class=\"aligncenter size-full\"><div style=\"position: relative;\"><noscript><img loading=\"lazy\" decoding=\"async\" width=\"800\" height=\"983\" src=\"https:\/\/flawlesshair.com\/wp-content\/uploads\/2025\/05\/Chunky-Highlights.jpeg\" alt=\"\" class=\"wp-image-211782\" srcset=\"https:\/\/flawlesshair.com\/wp-content\/uploads\/2025\/05\/Chunky-Highlights.jpeg 800w, https:\/\/flawlesshair.com\/wp-content\/uploads\/2025\/05\/Chunky-Highlights-244x300.jpeg 244w, https:\/\/flawlesshair.com\/wp-content\/uploads\/2025\/05\/Chunky-Highlights-768x944.jpeg 768w, https:\/\/flawlesshair.com\/wp-content\/uploads\/2025\/05\/Chunky-Highlights-10x12.jpeg 10w, https:\/\/flawlesshair.com\/wp-content\/uploads\/2025\/05\/Chunky-Highlights-781x960.jpeg 781w\" sizes=\"auto, (max-width: 760px) calc(100vw - 24px), 720px\"><\/noscript><img loading=\"lazy\" decoding=\"async\" width=\"800\" height=\"983\" src=\"https:\/\/flawlesshair.com\/wp-content\/uploads\/2025\/05\/Chunky-Highlights.jpeg\" alt=\"\" class=\"wp-image-211782 lazyload\" srcset=\"https:\/\/flawlesshair.com\/wp-content\/uploads\/2025\/05\/Chunky-Highlights.jpeg 800w, https:\/\/flawlesshair.com\/wp-content\/uploads\/2025\/05\/Chunky-Highlights-244x300.jpeg 244w, https:\/\/flawlesshair.com\/wp-content\/uploads\/2025\/05\/Chunky-Highlights-768x944.jpeg 768w, https:\/\/flawlesshair.com\/wp-content\/uploads\/2025\/05\/Chunky-Highlights-10x12.jpeg 10w, https:\/\/flawlesshair.com\/wp-content\/uploads\/2025\/05\/Chunky-Highlights-781x960.jpeg 781w\" sizes=\"auto, (max-width: 760px) calc(100vw - 24px), 720px\" data-pin-media=\"https:\/\/flawlesshair.com\/wp-content\/uploads\/2025\/05\/Chunky-Highlights.jpeg\" id=\"mv-trellis-img-40\" data-trellis-processed=\"1\"><div style=\"position: absolute; top: 0.5rem; right: 0.75rem;\"> <a href=\"https:\/\/www.pinterest.com\/pin\/create\/button\/\" data-pin-do=\"buttonPin\" data-pin-tall=\"true\" data-pin-url=\"https:\/\/flawlesshair.com\/es\/peinados-iconicos-de-los-90\/\" data-pin-media=\"https:\/\/flawlesshair.com\/wp-content\/uploads\/2025\/05\/Chunky-Highlights.jpeg\" data-pin-description=\"From Iconic to Iffy: &rsquo;90s Hair Moments That Made an Impression\" rel=\"nofollow noopener\" target=\"_blank\"> <\/a><\/div><\/div><figcaption class=\"wp-element-caption\"><a href=\"https:\/\/www.pinterest.com\/pin\/177962622763520835\/\" target=\"_blank\" rel=\"noreferrer noopener nofollow\">&copy; fashionisers<\/a><\/figcaption><\/figure>\n<\/div>\n\n\n<p>Chunky highlights were the hallmark of bold self-expression in the 90s. Unlike subtle streaks, these highlights demanded attention.<\/p>\n\n\n\n<p>They added a dramatic flair to any hairstyle, reflecting the era&rsquo;s love for contrast.<\/p>","protected":false},"excerpt":{"rendered":"<p>The &rsquo;90s gave us some unforgettable hair moments&mdash;from butterfly clips and box braids to frosted tips and crimped chaos. Some styles became icons, others&hellip; not &hellip;<\/p>","protected":false},"author":36,"featured_media":211780,"comment_status":"closed","ping_status":"closed","sticky":false,"template":"","format":"standard","meta":{"syndication_tool_enabled":true,"syndication_tool_title":"","syndication_tool_excerpt":"","syndication_tool_featured_image":0,"syndication_tool_publish_date":"","syndication_tool_schema_types":["gallery"],"syndication_tool_backlink_enable":false,"syndication_tool_ai_disclosure_enable":false,"disable-in-feed":false,"article-schema-type":"","disable-critical-css":false,"footnotes":""},"categories":[29],"tags":[],"class_list":["post-113642","post","type-post","status-publish","format-standard","has-post-thumbnail","hentry","category-trends"],"_links":{"self":[{"href":"https:\/\/flawlesshair.com\/es\/wp-json\/wp\/v2\/posts\/113642","targetHints":{"allow":["GET"]}}],"collection":[{"href":"https:\/\/flawlesshair.com\/es\/wp-json\/wp\/v2\/posts"}],"about":[{"href":"https:\/\/flawlesshair.com\/es\/wp-json\/wp\/v2\/types\/post"}],"author":[{"embeddable":true,"href":"https:\/\/flawlesshair.com\/es\/wp-json\/wp\/v2\/users\/36"}],"replies":[{"embeddable":true,"href":"https:\/\/flawlesshair.com\/es\/wp-json\/wp\/v2\/comments?post=113642"}],"version-history":[{"count":0,"href":"https:\/\/flawlesshair.com\/es\/wp-json\/wp\/v2\/posts\/113642\/revisions"}],"wp:featuredmedia":[{"embeddable":true,"href":"https:\/\/flawlesshair.com\/es\/wp-json\/wp\/v2\/media\/211780"}],"wp:attachment":[{"href":"https:\/\/flawlesshair.com\/es\/wp-json\/wp\/v2\/media?parent=113642"}],"wp:term":[{"taxonomy":"category","embeddable":true,"href":"https:\/\/flawlesshair.com\/es\/wp-json\/wp\/v2\/categories?post=113642"},{"taxonomy":"post_tag","embeddable":true,"href":"https:\/\/flawlesshair.com\/es\/wp-json\/wp\/v2\/tags?post=113642"}],"curies":[{"name":"wp","href":"https:\/\/api.w.org\/{rel}","templated":true}]}}