{"id":125561,"date":"2025-04-07T14:30:00","date_gmt":"2025-04-07T12:30:00","guid":{"rendered":"https:\/\/flawlesshair.com\/?p=125561"},"modified":"2025-04-04T12:44:01","modified_gmt":"2025-04-04T10:44:01","slug":"cortes-de-pelo-de-moda-para-el-invierno","status":"publish","type":"post","link":"https:\/\/flawlesshair.com\/es\/cortes-de-pelo-de-moda-para-el-invierno\/","title":{"rendered":"35 Haircuts That Are Trending For Spring (And Actually Wearable)"},"content":{"rendered":"<style>img#mv-trellis-img-1::before{padding-top:125%; }img#mv-trellis-img-1{display:block;}img#mv-trellis-img-2::before{padding-top:124.93055555556%; }img#mv-trellis-img-2{display:block;}img#mv-trellis-img-3::before{padding-top:100%; }img#mv-trellis-img-3{display:block;}img#mv-trellis-img-4::before{padding-top:100%; }img#mv-trellis-img-4{display:block;}img#mv-trellis-img-5::before{padding-top:100%; }img#mv-trellis-img-5{display:block;}img#mv-trellis-img-6::before{padding-top:100%; }img#mv-trellis-img-6{display:block;}img#mv-trellis-img-7::before{padding-top:100%; }img#mv-trellis-img-7{display:block;}img#mv-trellis-img-8::before{padding-top:100%; }img#mv-trellis-img-8{display:block;}img#mv-trellis-img-9::before{padding-top:100%; }img#mv-trellis-img-9{display:block;}img#mv-trellis-img-10::before{padding-top:100%; }img#mv-trellis-img-10{display:block;}img#mv-trellis-img-11::before{padding-top:100%; }img#mv-trellis-img-11{display:block;}img#mv-trellis-img-12::before{padding-top:100%; }img#mv-trellis-img-12{display:block;}img#mv-trellis-img-13::before{padding-top:100%; }img#mv-trellis-img-13{display:block;}img#mv-trellis-img-14::before{padding-top:100%; }img#mv-trellis-img-14{display:block;}img#mv-trellis-img-15::before{padding-top:100%; }img#mv-trellis-img-15{display:block;}img#mv-trellis-img-16::before{padding-top:100%; }img#mv-trellis-img-16{display:block;}img#mv-trellis-img-17::before{padding-top:100%; }img#mv-trellis-img-17{display:block;}img#mv-trellis-img-18::before{padding-top:100%; }img#mv-trellis-img-18{display:block;}img#mv-trellis-img-19::before{padding-top:100%; }img#mv-trellis-img-19{display:block;}img#mv-trellis-img-20::before{padding-top:100%; }img#mv-trellis-img-20{display:block;}img#mv-trellis-img-21::before{padding-top:100%; }img#mv-trellis-img-21{display:block;}img#mv-trellis-img-22::before{padding-top:100%; }img#mv-trellis-img-22{display:block;}img#mv-trellis-img-23::before{padding-top:100%; }img#mv-trellis-img-23{display:block;}img#mv-trellis-img-24::before{padding-top:100%; }img#mv-trellis-img-24{display:block;}img#mv-trellis-img-25::before{padding-top:100%; }img#mv-trellis-img-25{display:block;}img#mv-trellis-img-26::before{padding-top:100%; }img#mv-trellis-img-26{display:block;}img#mv-trellis-img-27::before{padding-top:100%; }img#mv-trellis-img-27{display:block;}img#mv-trellis-img-28::before{padding-top:100%; }img#mv-trellis-img-28{display:block;}img#mv-trellis-img-29::before{padding-top:100%; }img#mv-trellis-img-29{display:block;}img#mv-trellis-img-30::before{padding-top:100%; }img#mv-trellis-img-30{display:block;}img#mv-trellis-img-31::before{padding-top:100%; }img#mv-trellis-img-31{display:block;}img#mv-trellis-img-32::before{padding-top:100%; }img#mv-trellis-img-32{display:block;}img#mv-trellis-img-33::before{padding-top:100%; }img#mv-trellis-img-33{display:block;}img#mv-trellis-img-34::before{padding-top:100%; }img#mv-trellis-img-34{display:block;}img#mv-trellis-img-35::before{padding-top:100%; }img#mv-trellis-img-35{display:block;}<\/style>\n<p>New season, new hair energy. Spring&rsquo;s the perfect excuse to try a fresh chop, and this roundup is packed with head-turning inspo. Think chic clavi-cuts, edgy bobs, and everything in between to keep you breezy <em>y<\/em> con estilo.<\/p>\n\n\n\n<h2 class=\"wp-block-heading\">1. Hush Cut<\/h2>\n\n\n\n<figure class=\"wp-block-image size-full\"><div style=\"position: relative;\"><noscript><img loading=\"lazy\" decoding=\"async\" width=\"1440\" height=\"1800\" src=\"https:\/\/flawlesshair.com\/wp-content\/uploads\/2025\/02\/hush-cut.jpg\" alt=\"\" class=\"wp-image-169630\" srcset=\"https:\/\/flawlesshair.com\/wp-content\/uploads\/2025\/02\/hush-cut.jpg 1440w, https:\/\/flawlesshair.com\/wp-content\/uploads\/2025\/02\/hush-cut-240x300.jpg 240w, https:\/\/flawlesshair.com\/wp-content\/uploads\/2025\/02\/hush-cut-768x960.jpg 768w, https:\/\/flawlesshair.com\/wp-content\/uploads\/2025\/02\/hush-cut-10x12.jpg 10w, https:\/\/flawlesshair.com\/wp-content\/uploads\/2025\/02\/hush-cut-864x1080.jpg 864w, https:\/\/flawlesshair.com\/wp-content\/uploads\/2025\/02\/hush-cut-960x1200.jpg 960w\" sizes=\"auto, (max-width: 760px) calc(100vw - 24px), 720px\"><\/noscript><img loading=\"eager\" decoding=\"async\" width=\"1440\" height=\"1800\" src=\"data:image\/svg+xml,%3Csvg%20xmlns='http:\/\/www.w3.org\/2000\/svg'%20viewBox='0%200%201440%201800'%3E%3Crect%20width='1440'%20height='1800'%20style='fill:%23e3e3e3'\/%3E%3C\/svg%3E\" alt=\"\" class=\"wp-image-169630 eager-load\" sizes=\"auto, (max-width: 760px) calc(100vw - 24px), 720px\" data-pin-media=\"https:\/\/flawlesshair.com\/wp-content\/uploads\/2025\/02\/hush-cut.jpg\" id=\"mv-trellis-img-1\" data-src=\"https:\/\/flawlesshair.com\/wp-content\/uploads\/2025\/02\/hush-cut.jpg\" data-srcset=\"https:\/\/flawlesshair.com\/wp-content\/uploads\/2025\/02\/hush-cut.jpg 1440w, https:\/\/flawlesshair.com\/wp-content\/uploads\/2025\/02\/hush-cut-240x300.jpg 240w, https:\/\/flawlesshair.com\/wp-content\/uploads\/2025\/02\/hush-cut-768x960.jpg 768w, https:\/\/flawlesshair.com\/wp-content\/uploads\/2025\/02\/hush-cut-10x12.jpg 10w, https:\/\/flawlesshair.com\/wp-content\/uploads\/2025\/02\/hush-cut-864x1080.jpg 864w, https:\/\/flawlesshair.com\/wp-content\/uploads\/2025\/02\/hush-cut-960x1200.jpg 960w\" data-svg=\"1\" data-trellis-processed=\"1\"><div style=\"position: absolute; top: 0.5rem; right: 0.75rem;\"> <a href=\"https:\/\/www.pinterest.com\/pin\/create\/button\/\" data-pin-do=\"buttonPin\" data-pin-tall=\"true\" data-pin-url=\"https:\/\/flawlesshair.com\/es\/cortes-de-pelo-de-moda-para-el-invierno\/\" data-pin-media=\"https:\/\/flawlesshair.com\/wp-content\/uploads\/2025\/02\/hush-cut.jpg\" data-pin-description=\"35 Haircuts That Are Trending For Spring (And Actually Wearable)\" rel=\"nofollow noopener\" target=\"_blank\"> <\/a><\/div><\/div><figcaption class=\"wp-element-caption\"><a href=\"https:\/\/www.instagram.com\/gracesonhair\" target=\"_blank\" rel=\"noreferrer noopener nofollow\">@gracesonhair<\/a><\/figcaption><\/figure>\n\n\n\n<p>The hush cut is like a whisper of texture and effortless cool. Think airy layers, soft ends, and a subtle face frame that moves with you. Perfect for anyone wanting something modern but super low maintenance.<\/p>\n\n\n\n<h2 class=\"wp-block-heading\">2. Box Bob<\/h2>\n\n\n\n<figure class=\"wp-block-image size-full\"><div style=\"position: relative;\"><noscript><img loading=\"lazy\" decoding=\"async\" width=\"1440\" height=\"1799\" src=\"https:\/\/flawlesshair.com\/wp-content\/uploads\/2025\/02\/box-bob-1.jpg\" alt=\"\" class=\"wp-image-169629\" srcset=\"https:\/\/flawlesshair.com\/wp-content\/uploads\/2025\/02\/box-bob-1.jpg 1440w, https:\/\/flawlesshair.com\/wp-content\/uploads\/2025\/02\/box-bob-1-240x300.jpg 240w, https:\/\/flawlesshair.com\/wp-content\/uploads\/2025\/02\/box-bob-1-768x960.jpg 768w, https:\/\/flawlesshair.com\/wp-content\/uploads\/2025\/02\/box-bob-1-10x12.jpg 10w, https:\/\/flawlesshair.com\/wp-content\/uploads\/2025\/02\/box-bob-1-864x1080.jpg 864w, https:\/\/flawlesshair.com\/wp-content\/uploads\/2025\/02\/box-bob-1-961x1200.jpg 961w\" sizes=\"auto, (max-width: 760px) calc(100vw - 24px), 720px\"><\/noscript><img loading=\"lazy\" decoding=\"async\" width=\"1440\" height=\"1799\" src=\"https:\/\/flawlesshair.com\/wp-content\/uploads\/2025\/02\/box-bob-1.jpg\" alt=\"\" class=\"wp-image-169629 lazyload\" srcset=\"https:\/\/flawlesshair.com\/wp-content\/uploads\/2025\/02\/box-bob-1.jpg 1440w, https:\/\/flawlesshair.com\/wp-content\/uploads\/2025\/02\/box-bob-1-240x300.jpg 240w, https:\/\/flawlesshair.com\/wp-content\/uploads\/2025\/02\/box-bob-1-768x960.jpg 768w, https:\/\/flawlesshair.com\/wp-content\/uploads\/2025\/02\/box-bob-1-10x12.jpg 10w, https:\/\/flawlesshair.com\/wp-content\/uploads\/2025\/02\/box-bob-1-864x1080.jpg 864w, https:\/\/flawlesshair.com\/wp-content\/uploads\/2025\/02\/box-bob-1-961x1200.jpg 961w\" sizes=\"auto, (max-width: 760px) calc(100vw - 24px), 720px\" data-pin-media=\"https:\/\/flawlesshair.com\/wp-content\/uploads\/2025\/02\/box-bob-1.jpg\" id=\"mv-trellis-img-2\" data-trellis-processed=\"1\"><div style=\"position: absolute; top: 0.5rem; right: 0.75rem;\"> <a href=\"https:\/\/www.pinterest.com\/pin\/create\/button\/\" data-pin-do=\"buttonPin\" data-pin-tall=\"true\" data-pin-url=\"https:\/\/flawlesshair.com\/es\/cortes-de-pelo-de-moda-para-el-invierno\/\" data-pin-media=\"https:\/\/flawlesshair.com\/wp-content\/uploads\/2025\/02\/box-bob-1.jpg\" data-pin-description=\"35 Haircuts That Are Trending For Spring (And Actually Wearable)\" rel=\"nofollow noopener\" target=\"_blank\"> <\/a><\/div><\/div><figcaption class=\"wp-element-caption\"><a href=\"https:\/\/www.instagram.com\/jade_b_walker\" target=\"_blank\" rel=\"noreferrer noopener nofollow\">@jade_b_walker<\/a><\/figcaption><\/figure>\n\n\n\n<p>This sharp little number is all about clean lines and major polish. The box bob hugs the jawline and creates instant structure. Ideal for straight or slightly wavy hair&mdash;it makes every angle count.<\/p>\n\n\n\n<h2 class=\"wp-block-heading\">3. Pixie texturizado<\/h2>\n\n\n\n<figure class=\"wp-block-image\"><div style=\"position: relative;\"><noscript><img decoding=\"async\" src=\"https:\/\/flawlesshair.com\/wp-content\/uploads\/2025\/02\/Textured-Pixie-8.jpg\" alt=\"Pixie texturizado\"><\/noscript><img decoding=\"async\" src=\"https:\/\/flawlesshair.com\/wp-content\/uploads\/2025\/02\/Textured-Pixie-8.jpg\" alt=\"Pixie texturizado\" width=\"300\" height=\"300\" id=\"mv-trellis-img-3\" loading=\"lazy\" class=\"lazyload\" data-trellis-processed=\"1\"><div style=\"position: absolute; top: 0.5rem; right: 0.75rem;\"> <a href=\"https:\/\/www.pinterest.com\/pin\/create\/button\/\" data-pin-do=\"buttonPin\" data-pin-tall=\"true\" data-pin-url=\"https:\/\/flawlesshair.com\/es\/cortes-de-pelo-de-moda-para-el-invierno\/\" data-pin-media=\"https:\/\/flawlesshair.com\/wp-content\/uploads\/2025\/02\/Textured-Pixie-8.jpg\" data-pin-description=\"35 Haircuts That Are Trending For Spring (And Actually Wearable)\" rel=\"nofollow noopener\" target=\"_blank\"> <\/a><\/div><\/div><figcaption class=\"wp-element-caption\"><a href=\"https:\/\/www.instagram.com\/stylist_allierose\/p\/C0iGUqfJSh2\/\" target=\"_blank\" rel=\"noopener noreferrer nofollow\">\u00a9 estilista_allierose<\/a><\/figcaption><\/figure>\n\n\n\n<p><a href=\"https:\/\/flawlesshair.com\/es\/corte-pixie-texturizado\/\">Un pixie con textura<\/a> es ideal para quienes buscan un cambio atrevido. Este corte aporta un toque moderno al cl\u00e1sico pixie con capas y textura. <\/p>\n\n\n\n<p>Es f\u00e1cil de mantener y perfecto para resaltar los rasgos faciales. <\/p>\n\n\n\n<h2 class=\"wp-block-heading\">4. Flequillo de cortina<\/h2>\n\n\n\n<figure class=\"wp-block-image\"><div style=\"position: relative;\"><noscript><img decoding=\"async\" src=\"https:\/\/flawlesshair.com\/wp-content\/uploads\/2025\/02\/Curtain-Bangs-13.jpg\" alt=\"Flequillo de cortina\"><\/noscript><img decoding=\"async\" src=\"https:\/\/flawlesshair.com\/wp-content\/uploads\/2025\/02\/Curtain-Bangs-13.jpg\" alt=\"Flequillo de cortina\" width=\"300\" height=\"300\" id=\"mv-trellis-img-4\" loading=\"lazy\" class=\"lazyload\" data-trellis-processed=\"1\"><div style=\"position: absolute; top: 0.5rem; right: 0.75rem;\"> <a href=\"https:\/\/www.pinterest.com\/pin\/create\/button\/\" data-pin-do=\"buttonPin\" data-pin-tall=\"true\" data-pin-url=\"https:\/\/flawlesshair.com\/es\/cortes-de-pelo-de-moda-para-el-invierno\/\" data-pin-media=\"https:\/\/flawlesshair.com\/wp-content\/uploads\/2025\/02\/Curtain-Bangs-13.jpg\" data-pin-description=\"35 Haircuts That Are Trending For Spring (And Actually Wearable)\" rel=\"nofollow noopener\" target=\"_blank\"> <\/a><\/div><\/div><figcaption class=\"wp-element-caption\"><a href=\"https:\/\/www.instagram.com\/yukistylist\/p\/CMAdSMbBVEH\/\" target=\"_blank\" rel=\"noopener noreferrer nofollow\">\u00a9 yukistylist<\/a><\/figcaption><\/figure>\n\n\n\n<p><a href=\"https:\/\/flawlesshair.com\/es\/flequillo-cortina-largo-con-pelo-liso\/\">Flequillo de cortina<\/a> son una tendencia atemporal que vuelve este invierno. <\/p>\n\n\n\n<p>Son vers\u00e1tiles y enmarcan perfectamente el rostro, a\u00f1adiendo un toque suave a cualquier peinado. Estos flequillos funcionan con pelo largo o corto, por lo que son un complemento f\u00e1cil para tu estilo actual. Son perfectos para realzar los p\u00f3mulos y hacen un gui\u00f1o al glamour retro.<\/p>\n\n\n\n<h2 class=\"wp-block-heading\">5. Shaggy Lob<\/h2>\n\n\n\n<figure class=\"wp-block-image\"><div style=\"position: relative;\"><noscript><img decoding=\"async\" src=\"https:\/\/flawlesshair.com\/wp-content\/uploads\/2025\/02\/Shaggy-Lob-3.jpg\" alt=\"Lob peludo\"><\/noscript><img decoding=\"async\" src=\"https:\/\/flawlesshair.com\/wp-content\/uploads\/2025\/02\/Shaggy-Lob-3.jpg\" alt=\"Lob peludo\" width=\"300\" height=\"300\" id=\"mv-trellis-img-5\" loading=\"lazy\" class=\"lazyload\" data-trellis-processed=\"1\"><div style=\"position: absolute; top: 0.5rem; right: 0.75rem;\"> <a href=\"https:\/\/www.pinterest.com\/pin\/create\/button\/\" data-pin-do=\"buttonPin\" data-pin-tall=\"true\" data-pin-url=\"https:\/\/flawlesshair.com\/es\/cortes-de-pelo-de-moda-para-el-invierno\/\" data-pin-media=\"https:\/\/flawlesshair.com\/wp-content\/uploads\/2025\/02\/Shaggy-Lob-3.jpg\" data-pin-description=\"35 Haircuts That Are Trending For Spring (And Actually Wearable)\" rel=\"nofollow noopener\" target=\"_blank\"> <\/a><\/div><\/div><figcaption class=\"wp-element-caption\"><a href=\"https:\/\/www.instagram.com\/yukistylist\/p\/DDxWWdfytSP\/\" target=\"_blank\" rel=\"noopener noreferrer nofollow\">\u00a9 yukistylist<\/a><\/figcaption><\/figure>\n\n\n\n<p><a href=\"https:\/\/flawlesshair.com\/es\/mechon-desgrenado\/\">El lob peludo<\/a> es el ep\u00edtome de la sofisticaci\u00f3n relajada. <\/p>\n\n\n\n<p>A capas y ligeramente despeinado, este corte aporta textura y volumen. Es una opci\u00f3n estupenda para quienes desean un look relajado pero elegante con el cambio de estaci\u00f3n. Este peinado funciona bien con ondas naturales y se puede peinar f\u00e1cilmente con un poco de espuma para a\u00f1adir cuerpo y textura.<\/p>\n\n\n\n<h2 class=\"wp-block-heading\">6. Bob asim\u00e9trico<\/h2>\n\n\n\n<figure class=\"wp-block-image\"><div style=\"position: relative;\"><noscript><img decoding=\"async\" src=\"https:\/\/flawlesshair.com\/wp-content\/uploads\/2025\/02\/Asymmetrical-Bob-13.jpg\" alt=\"Bob asim\u00e9trico\"><\/noscript><img decoding=\"async\" src=\"https:\/\/flawlesshair.com\/wp-content\/uploads\/2025\/02\/Asymmetrical-Bob-13.jpg\" alt=\"Bob asim\u00e9trico\" width=\"300\" height=\"300\" id=\"mv-trellis-img-6\" loading=\"lazy\" class=\"lazyload\" data-trellis-processed=\"1\"><div style=\"position: absolute; top: 0.5rem; right: 0.75rem;\"> <a href=\"https:\/\/www.pinterest.com\/pin\/create\/button\/\" data-pin-do=\"buttonPin\" data-pin-tall=\"true\" data-pin-url=\"https:\/\/flawlesshair.com\/es\/cortes-de-pelo-de-moda-para-el-invierno\/\" data-pin-media=\"https:\/\/flawlesshair.com\/wp-content\/uploads\/2025\/02\/Asymmetrical-Bob-13.jpg\" data-pin-description=\"35 Haircuts That Are Trending For Spring (And Actually Wearable)\" rel=\"nofollow noopener\" target=\"_blank\"> <\/a><\/div><\/div><figcaption class=\"wp-element-caption\"><a href=\"https:\/\/www.instagram.com\/littlebrokenthings\/p\/C8cM8EIP824\/\" target=\"_blank\" rel=\"noopener noreferrer nofollow\">\u00a9 littlebrokenthings<\/a><\/figcaption><\/figure>\n\n\n\n<p>Este corte queda bien con el pelo liso o ligeramente ondulado y ofrece un aire fresco y moderno. Comb\u00ednalo con mechas para darle m\u00e1s dimensi\u00f3n y deja que tu pelo hable por ti en cualquier evento o escenario.<\/p>\n\n\n\n<h2 class=\"wp-block-heading\">7. Capas largas<\/h2>\n\n\n\n<figure class=\"wp-block-image\"><div style=\"position: relative;\"><noscript><img decoding=\"async\" src=\"https:\/\/flawlesshair.com\/wp-content\/uploads\/2025\/02\/Long-Layers-5.jpg\" alt=\"Capas largas\"><\/noscript><img decoding=\"async\" src=\"https:\/\/flawlesshair.com\/wp-content\/uploads\/2025\/02\/Long-Layers-5.jpg\" alt=\"Capas largas\" width=\"300\" height=\"300\" id=\"mv-trellis-img-7\" loading=\"lazy\" class=\"lazyload\" data-trellis-processed=\"1\"><div style=\"position: absolute; top: 0.5rem; right: 0.75rem;\"> <a href=\"https:\/\/www.pinterest.com\/pin\/create\/button\/\" data-pin-do=\"buttonPin\" data-pin-tall=\"true\" data-pin-url=\"https:\/\/flawlesshair.com\/es\/cortes-de-pelo-de-moda-para-el-invierno\/\" data-pin-media=\"https:\/\/flawlesshair.com\/wp-content\/uploads\/2025\/02\/Long-Layers-5.jpg\" data-pin-description=\"35 Haircuts That Are Trending For Spring (And Actually Wearable)\" rel=\"nofollow noopener\" target=\"_blank\"> <\/a><\/div><\/div><figcaption class=\"wp-element-caption\"><a href=\"https:\/\/www.instagram.com\/sintia_la\/p\/C3B-E52LZJx\/\" target=\"_blank\" rel=\"noopener noreferrer nofollow\">\u00a9 sintia_la<\/a><\/figcaption><\/figure>\n\n\n\n<p>Las capas largas aportan movimiento y flexibilidad a cualquier tipo de cabello. Este peinado es perfecto para quienes desean mantener la longitud a la vez que refrescan su look.<\/p>\n\n\n\n<p>Realza las ondas naturales con un espray de sal marina para un toque playero o al\u00edsalas con una plancha para un acabado pulido.<\/p>\n\n\n\n<h2 class=\"wp-block-heading\">8. Corte romo<\/h2>\n\n\n\n<figure class=\"wp-block-image\"><div style=\"position: relative;\"><noscript><img decoding=\"async\" src=\"https:\/\/flawlesshair.com\/wp-content\/uploads\/2025\/02\/Blunt-Cut-9.jpg\" alt=\"Corte romo\"><\/noscript><img decoding=\"async\" src=\"https:\/\/flawlesshair.com\/wp-content\/uploads\/2025\/02\/Blunt-Cut-9.jpg\" alt=\"Corte romo\" width=\"300\" height=\"300\" id=\"mv-trellis-img-8\" loading=\"lazy\" class=\"lazyload\" data-trellis-processed=\"1\"><div style=\"position: absolute; top: 0.5rem; right: 0.75rem;\"> <a href=\"https:\/\/www.pinterest.com\/pin\/create\/button\/\" data-pin-do=\"buttonPin\" data-pin-tall=\"true\" data-pin-url=\"https:\/\/flawlesshair.com\/es\/cortes-de-pelo-de-moda-para-el-invierno\/\" data-pin-media=\"https:\/\/flawlesshair.com\/wp-content\/uploads\/2025\/02\/Blunt-Cut-9.jpg\" data-pin-description=\"35 Haircuts That Are Trending For Spring (And Actually Wearable)\" rel=\"nofollow noopener\" target=\"_blank\"> <\/a><\/div><\/div><figcaption class=\"wp-element-caption\"><a href=\"https:\/\/www.instagram.com\/mechesalonla\/p\/C5wA_MGORb9\/\" target=\"_blank\" rel=\"noopener noreferrer nofollow\">\u00a9 mechesalonla<\/a><\/figcaption><\/figure>\n\n\n\n<p>El corte despuntado es un estilo chic y sencillo que llama la atenci\u00f3n. <\/p>\n\n\n\n<p>Este invierno, todo son l\u00edneas limpias y un acabado elegante. Adecuado para el pelo liso, este corte acent\u00faa el brillo y la salud. Es perfecto para marcar estilo sin complicarte demasiado. <\/p>\n\n\n\n<h2 class=\"wp-block-heading\">9. Ondas despeinadas<\/h2>\n\n\n\n<figure class=\"wp-block-image\"><div style=\"position: relative;\"><noscript><img decoding=\"async\" src=\"https:\/\/flawlesshair.com\/wp-content\/uploads\/2025\/02\/Tousled-Waves-5.jpg\" alt=\"Ondas despeinadas\"><\/noscript><img decoding=\"async\" src=\"https:\/\/flawlesshair.com\/wp-content\/uploads\/2025\/02\/Tousled-Waves-5.jpg\" alt=\"Ondas despeinadas\" width=\"300\" height=\"300\" id=\"mv-trellis-img-9\" loading=\"lazy\" class=\"lazyload\" data-trellis-processed=\"1\"><div style=\"position: absolute; top: 0.5rem; right: 0.75rem;\"> <a href=\"https:\/\/www.pinterest.com\/pin\/create\/button\/\" data-pin-do=\"buttonPin\" data-pin-tall=\"true\" data-pin-url=\"https:\/\/flawlesshair.com\/es\/cortes-de-pelo-de-moda-para-el-invierno\/\" data-pin-media=\"https:\/\/flawlesshair.com\/wp-content\/uploads\/2025\/02\/Tousled-Waves-5.jpg\" data-pin-description=\"35 Haircuts That Are Trending For Spring (And Actually Wearable)\" rel=\"nofollow noopener\" target=\"_blank\"> <\/a><\/div><\/div><figcaption class=\"wp-element-caption\"><a href=\"https:\/\/www.instagram.com\/hair.bymakaila\/p\/CtNG7dbxPRf\/\" target=\"_blank\" rel=\"noopener noreferrer nofollow\">\u00a9 hair.bymakaila<\/a><\/figcaption><\/figure>\n\n\n\n<p>Este peinado es f\u00e1cil de conseguir y a\u00f1ade un toque divertido a cualquier look. Se adapta a todas las longitudes y texturas de pelo, por lo que es una opci\u00f3n vers\u00e1til. <\/p>\n\n\n\n<p>Utiliza un rizador y un spray texturizador para crear ondas sin esfuerzo.<\/p>\n\n\n\n<h2 class=\"wp-block-heading\">10. Salmonete moderno<\/h2>\n\n\n\n<figure class=\"wp-block-image\"><div style=\"position: relative;\"><noscript><img decoding=\"async\" src=\"https:\/\/flawlesshair.com\/wp-content\/uploads\/2025\/02\/Modern-Mullet-5.jpg\" alt=\"Salmonete moderno\"><\/noscript><img decoding=\"async\" src=\"https:\/\/flawlesshair.com\/wp-content\/uploads\/2025\/02\/Modern-Mullet-5.jpg\" alt=\"Salmonete moderno\" width=\"300\" height=\"300\" id=\"mv-trellis-img-10\" loading=\"lazy\" class=\"lazyload\" data-trellis-processed=\"1\"><div style=\"position: absolute; top: 0.5rem; right: 0.75rem;\"> <a href=\"https:\/\/www.pinterest.com\/pin\/create\/button\/\" data-pin-do=\"buttonPin\" data-pin-tall=\"true\" data-pin-url=\"https:\/\/flawlesshair.com\/es\/cortes-de-pelo-de-moda-para-el-invierno\/\" data-pin-media=\"https:\/\/flawlesshair.com\/wp-content\/uploads\/2025\/02\/Modern-Mullet-5.jpg\" data-pin-description=\"35 Haircuts That Are Trending For Spring (And Actually Wearable)\" rel=\"nofollow noopener\" target=\"_blank\"> <\/a><\/div><\/div><figcaption class=\"wp-element-caption\"><a href=\"https:\/\/www.instagram.com\/lakshmihairstudio\/p\/C_y_iWFJU7u\/\" target=\"_blank\" rel=\"noopener noreferrer nofollow\">\u00a9 lakshmihairstudio<\/a><\/figcaption><\/figure>\n\n\n\n<p>El moderno salmonete ha vuelto con un toque especial. Este estilo atrevido tiene los lados m\u00e1s cortos y la parte trasera m\u00e1s larga, ofreciendo un look \u00fanico y rebelde. <\/p>\n\n\n\n<p>Est\u00e1 hecho a medida para quienes adoran destacar y no temen arriesgarse. Comb\u00ednalo con colores atrevidos para darle un toque extra. <\/p>\n\n\n\n<h2 class=\"wp-block-heading\">11. Wispy Fringes<\/h2>\n\n\n\n<figure class=\"wp-block-image\"><div style=\"position: relative;\"><noscript><img decoding=\"async\" src=\"https:\/\/flawlesshair.com\/wp-content\/uploads\/2025\/02\/Wispy-Fringes.jpg\" alt=\"Flecos\"><\/noscript><img decoding=\"async\" src=\"https:\/\/flawlesshair.com\/wp-content\/uploads\/2025\/02\/Wispy-Fringes.jpg\" alt=\"Flecos\" width=\"300\" height=\"300\" id=\"mv-trellis-img-11\" loading=\"lazy\" class=\"lazyload\" data-trellis-processed=\"1\"><div style=\"position: absolute; top: 0.5rem; right: 0.75rem;\"> <a href=\"https:\/\/www.pinterest.com\/pin\/create\/button\/\" data-pin-do=\"buttonPin\" data-pin-tall=\"true\" data-pin-url=\"https:\/\/flawlesshair.com\/es\/cortes-de-pelo-de-moda-para-el-invierno\/\" data-pin-media=\"https:\/\/flawlesshair.com\/wp-content\/uploads\/2025\/02\/Wispy-Fringes.jpg\" data-pin-description=\"35 Haircuts That Are Trending For Spring (And Actually Wearable)\" rel=\"nofollow noopener\" target=\"_blank\"> <\/a><\/div><\/div><figcaption class=\"wp-element-caption\"><a href=\"https:\/\/www.instagram.com\/artistrybyrachelp\/p\/C3YR9wnvp1A\/\" target=\"_blank\" rel=\"noopener noreferrer nofollow\">\u00a9 artistrybyrachelp<\/a><\/figcaption><\/figure>\n\n\n\n<p>Los flequillos ondulados aportan una sensaci\u00f3n de suavidad y ligereza a cualquier peinado. Son perfectos para suavizar los rasgos y crear un aspecto juvenil. <\/p>\n\n\n\n<p>Combinan a la perfecci\u00f3n con el pelo liso y ondulado, ofreciendo un toque rom\u00e1ntico y et\u00e9reo. F\u00e1ciles de peinar, los flequillos ondulados son vers\u00e1tiles y atemporales.<\/p>\n\n\n\n<h2 class=\"wp-block-heading\">12. Bob en \u00e1ngulo<\/h2>\n\n\n\n<figure class=\"wp-block-image\"><div style=\"position: relative;\"><noscript><img decoding=\"async\" src=\"https:\/\/flawlesshair.com\/wp-content\/uploads\/2025\/02\/Angled-Bob-6.jpg\" alt=\"Bob en \u00e1ngulo\"><\/noscript><img decoding=\"async\" src=\"https:\/\/flawlesshair.com\/wp-content\/uploads\/2025\/02\/Angled-Bob-6.jpg\" alt=\"Bob en \u00e1ngulo\" width=\"300\" height=\"300\" id=\"mv-trellis-img-12\" loading=\"lazy\" class=\"lazyload\" data-trellis-processed=\"1\"><div style=\"position: absolute; top: 0.5rem; right: 0.75rem;\"> <a href=\"https:\/\/www.pinterest.com\/pin\/create\/button\/\" data-pin-do=\"buttonPin\" data-pin-tall=\"true\" data-pin-url=\"https:\/\/flawlesshair.com\/es\/cortes-de-pelo-de-moda-para-el-invierno\/\" data-pin-media=\"https:\/\/flawlesshair.com\/wp-content\/uploads\/2025\/02\/Angled-Bob-6.jpg\" data-pin-description=\"35 Haircuts That Are Trending For Spring (And Actually Wearable)\" rel=\"nofollow noopener\" target=\"_blank\"> <\/a><\/div><\/div><figcaption class=\"wp-element-caption\"><a href=\"https:\/\/www.instagram.com\/hairbysarahante\/p\/CvL5yLnMOlZ\/\" target=\"_blank\" rel=\"noopener noreferrer nofollow\">\u00a9 hairbysarahante<\/a><\/figcaption><\/figure>\n\n\n\n<p>Este corte aporta sofisticaci\u00f3n a cualquier conjunto. Adecuado tanto para cabellos lisos como ligeramente ondulados, el corte recto en \u00e1ngulo es ideal tanto para profesionales como para quienes marcan tendencia. Es una declaraci\u00f3n audaz que irradia confianza y elegancia.<\/p>\n\n\n\n<h2 class=\"wp-block-heading\">13. Rizos suaves<\/h2>\n\n\n\n<figure class=\"wp-block-image\"><div style=\"position: relative;\"><noscript><img decoding=\"async\" src=\"https:\/\/flawlesshair.com\/wp-content\/uploads\/2025\/02\/Soft-Curls-8.jpg\" alt=\"Rizos suaves\"><\/noscript><img decoding=\"async\" src=\"https:\/\/flawlesshair.com\/wp-content\/uploads\/2025\/02\/Soft-Curls-8.jpg\" alt=\"Rizos suaves\" width=\"300\" height=\"300\" id=\"mv-trellis-img-13\" loading=\"lazy\" class=\"lazyload\" data-trellis-processed=\"1\"><div style=\"position: absolute; top: 0.5rem; right: 0.75rem;\"> <a href=\"https:\/\/www.pinterest.com\/pin\/create\/button\/\" data-pin-do=\"buttonPin\" data-pin-tall=\"true\" data-pin-url=\"https:\/\/flawlesshair.com\/es\/cortes-de-pelo-de-moda-para-el-invierno\/\" data-pin-media=\"https:\/\/flawlesshair.com\/wp-content\/uploads\/2025\/02\/Soft-Curls-8.jpg\" data-pin-description=\"35 Haircuts That Are Trending For Spring (And Actually Wearable)\" rel=\"nofollow noopener\" target=\"_blank\"> <\/a><\/div><\/div><figcaption class=\"wp-element-caption\"><a href=\"https:\/\/www.instagram.com\/taylorkbeal\/p\/C7mOZ_JuFNI\/\" target=\"_blank\" rel=\"noopener noreferrer nofollow\">\u00a9 taylorkbeal<\/a><\/figcaption><\/figure>\n\n\n\n<p>Los rizos suaves son el ep\u00edtome de la feminidad y la gracia.<\/p>\n\n\n\n<p>Utiliza un rizador de barril grande para conseguir ondas suaves y termina con un s\u00e9rum ligero para dar brillo. Los rizos suaves son vers\u00e1tiles y pasan f\u00e1cilmente del d\u00eda a la noche.<\/p>\n\n\n\n<h2 class=\"wp-block-heading\">14. Capas de plumas<\/h2>\n\n\n\n<figure class=\"wp-block-image\"><div style=\"position: relative;\"><noscript><img decoding=\"async\" src=\"https:\/\/flawlesshair.com\/wp-content\/uploads\/2025\/02\/Feathered-Layers-17.jpg\" alt=\"Capas de plumas\"><\/noscript><img decoding=\"async\" src=\"https:\/\/flawlesshair.com\/wp-content\/uploads\/2025\/02\/Feathered-Layers-17.jpg\" alt=\"Capas de plumas\" width=\"300\" height=\"300\" id=\"mv-trellis-img-14\" loading=\"lazy\" class=\"lazyload\" data-trellis-processed=\"1\"><div style=\"position: absolute; top: 0.5rem; right: 0.75rem;\"> <a href=\"https:\/\/www.pinterest.com\/pin\/create\/button\/\" data-pin-do=\"buttonPin\" data-pin-tall=\"true\" data-pin-url=\"https:\/\/flawlesshair.com\/es\/cortes-de-pelo-de-moda-para-el-invierno\/\" data-pin-media=\"https:\/\/flawlesshair.com\/wp-content\/uploads\/2025\/02\/Feathered-Layers-17.jpg\" data-pin-description=\"35 Haircuts That Are Trending For Spring (And Actually Wearable)\" rel=\"nofollow noopener\" target=\"_blank\"> <\/a><\/div><\/div><figcaption class=\"wp-element-caption\"><a href=\"https:\/\/www.instagram.com\/ahappyjustin\/p\/C3n9Nt_yFCB\/\" target=\"_blank\" rel=\"noopener noreferrer nofollow\">\u00a9 ahappyjustin<\/a><\/figcaption><\/figure>\n\n\n\n<p>Este corte aporta volumen y movimiento a cualquier longitud, creando un efecto suave y a capas. Es perfecto para quienes desean un look fresco y juvenil. <\/p>\n\n\n\n<p>Peina con un cepillo redondo para realzar la textura emplumada. Las capas con plumas son cl\u00e1sicas y aportan un toque de nostalgia a los cortes de pelo modernos.<\/p>\n\n\n\n<h2 class=\"wp-block-heading\">15. Socavado<\/h2>\n\n\n\n<figure class=\"wp-block-image\"><div style=\"position: relative;\"><noscript><img decoding=\"async\" src=\"https:\/\/flawlesshair.com\/wp-content\/uploads\/2025\/02\/Undercut-2.jpg\" alt=\"Socavado\"><\/noscript><img decoding=\"async\" src=\"https:\/\/flawlesshair.com\/wp-content\/uploads\/2025\/02\/Undercut-2.jpg\" alt=\"Socavado\" width=\"300\" height=\"300\" id=\"mv-trellis-img-15\" loading=\"lazy\" class=\"lazyload\" data-trellis-processed=\"1\"><div style=\"position: absolute; top: 0.5rem; right: 0.75rem;\"> <a href=\"https:\/\/www.pinterest.com\/pin\/create\/button\/\" data-pin-do=\"buttonPin\" data-pin-tall=\"true\" data-pin-url=\"https:\/\/flawlesshair.com\/es\/cortes-de-pelo-de-moda-para-el-invierno\/\" data-pin-media=\"https:\/\/flawlesshair.com\/wp-content\/uploads\/2025\/02\/Undercut-2.jpg\" data-pin-description=\"35 Haircuts That Are Trending For Spring (And Actually Wearable)\" rel=\"nofollow noopener\" target=\"_blank\"> <\/a><\/div><\/div><figcaption class=\"wp-element-caption\"><a href=\"https:\/\/www.instagram.com\/urbanchic_76\/p\/Cu1xYPlOxVf\/\" target=\"_blank\" rel=\"noopener noreferrer nofollow\">\u00a9 urbanchic_76<\/a><\/figcaption><\/figure>\n\n\n\n<p>Este estilo atrevido consiste en rapar los laterales y dejar la parte superior m\u00e1s larga. Ofrece versatilidad de peinado: hacia atr\u00e1s para un look pulido o despeinado para un estilo desenfadado. <\/p>\n\n\n\n<p>El corte undercut es el favorito de quienes desean un cambio atrevido y se puede personalizar f\u00e1cilmente con dise\u00f1os o colores.<\/p>\n\n\n\n<h2 class=\"wp-block-heading\">16. Layered Bob<\/h2>\n\n\n\n<figure class=\"wp-block-image\"><div style=\"position: relative;\"><noscript><img decoding=\"async\" src=\"https:\/\/flawlesshair.com\/wp-content\/uploads\/2025\/02\/Layered-Bob-6.jpg\" alt=\"Bob a capas\"><\/noscript><img decoding=\"async\" src=\"https:\/\/flawlesshair.com\/wp-content\/uploads\/2025\/02\/Layered-Bob-6.jpg\" alt=\"Bob a capas\" width=\"300\" height=\"300\" id=\"mv-trellis-img-16\" loading=\"lazy\" class=\"lazyload\" data-trellis-processed=\"1\"><div style=\"position: absolute; top: 0.5rem; right: 0.75rem;\"> <a href=\"https:\/\/www.pinterest.com\/pin\/create\/button\/\" data-pin-do=\"buttonPin\" data-pin-tall=\"true\" data-pin-url=\"https:\/\/flawlesshair.com\/es\/cortes-de-pelo-de-moda-para-el-invierno\/\" data-pin-media=\"https:\/\/flawlesshair.com\/wp-content\/uploads\/2025\/02\/Layered-Bob-6.jpg\" data-pin-description=\"35 Haircuts That Are Trending For Spring (And Actually Wearable)\" rel=\"nofollow noopener\" target=\"_blank\"> <\/a><\/div><\/div><figcaption class=\"wp-element-caption\"><a href=\"https:\/\/www.instagram.com\/strandshairspa_boutique\/p\/DE0tSZEvyR9\/\" target=\"_blank\" rel=\"noopener noreferrer nofollow\">\u00a9 strandshairspa_boutique<\/a><\/figcaption><\/figure>\n\n\n\n<p>El corte recto a capas es una nueva versi\u00f3n de un cl\u00e1sico. Combina el atractivo atemporal de un bob con capas a\u00f1adidas para darle movimiento y volumen. <\/p>\n\n\n\n<h2 class=\"wp-block-heading\">17. Coleta elegante<\/h2>\n\n\n\n<figure class=\"wp-block-image\"><div style=\"position: relative;\"><noscript><img decoding=\"async\" src=\"https:\/\/flawlesshair.com\/wp-content\/uploads\/2025\/02\/Sleek-Ponytail-4.jpg\" alt=\"Coleta elegante\"><\/noscript><img decoding=\"async\" src=\"https:\/\/flawlesshair.com\/wp-content\/uploads\/2025\/02\/Sleek-Ponytail-4.jpg\" alt=\"Coleta elegante\" width=\"300\" height=\"300\" id=\"mv-trellis-img-17\" loading=\"lazy\" class=\"lazyload\" data-trellis-processed=\"1\"><div style=\"position: absolute; top: 0.5rem; right: 0.75rem;\"> <a href=\"https:\/\/www.pinterest.com\/pin\/create\/button\/\" data-pin-do=\"buttonPin\" data-pin-tall=\"true\" data-pin-url=\"https:\/\/flawlesshair.com\/es\/cortes-de-pelo-de-moda-para-el-invierno\/\" data-pin-media=\"https:\/\/flawlesshair.com\/wp-content\/uploads\/2025\/02\/Sleek-Ponytail-4.jpg\" data-pin-description=\"35 Haircuts That Are Trending For Spring (And Actually Wearable)\" rel=\"nofollow noopener\" target=\"_blank\"> <\/a><\/div><\/div><figcaption class=\"wp-element-caption\"><a href=\"https:\/\/www.instagram.com\/britt.nicole.beauty\/p\/C5ySFzLrWIK\/\" target=\"_blank\" rel=\"noopener noreferrer nofollow\">\u00a9 britt.nicole.beauty<\/a><\/figcaption><\/figure>\n\n\n\n<p>La coleta lisa es un estilo atemporal que irradia elegancia. Apta para todo tipo de cabellos, se consigue f\u00e1cilmente con una plancha y un s\u00e9rum alisador. <\/p>\n\n\n\n<h2 class=\"wp-block-heading\">18. Ondas playeras<\/h2>\n\n\n\n<figure class=\"wp-block-image\"><div style=\"position: relative;\"><noscript><img decoding=\"async\" src=\"https:\/\/flawlesshair.com\/wp-content\/uploads\/2025\/02\/Beachy-Waves-9.jpg\" alt=\"Ondas playeras\"><\/noscript><img decoding=\"async\" src=\"https:\/\/flawlesshair.com\/wp-content\/uploads\/2025\/02\/Beachy-Waves-9.jpg\" alt=\"Ondas playeras\" width=\"300\" height=\"300\" id=\"mv-trellis-img-18\" loading=\"lazy\" class=\"lazyload\" data-trellis-processed=\"1\"><div style=\"position: absolute; top: 0.5rem; right: 0.75rem;\"> <a href=\"https:\/\/www.pinterest.com\/pin\/create\/button\/\" data-pin-do=\"buttonPin\" data-pin-tall=\"true\" data-pin-url=\"https:\/\/flawlesshair.com\/es\/cortes-de-pelo-de-moda-para-el-invierno\/\" data-pin-media=\"https:\/\/flawlesshair.com\/wp-content\/uploads\/2025\/02\/Beachy-Waves-9.jpg\" data-pin-description=\"35 Haircuts That Are Trending For Spring (And Actually Wearable)\" rel=\"nofollow noopener\" target=\"_blank\"> <\/a><\/div><\/div><figcaption class=\"wp-element-caption\"><a href=\"https:\/\/www.instagram.com\/coloroom.hair\/p\/C-qSeT2S5BG\/\" target=\"_blank\" rel=\"noopener noreferrer nofollow\">\u00a9 coloroom.hair<\/a><\/figcaption><\/figure>\n\n\n\n<p>Este peinado es sin\u00f3nimo de d\u00edas soleados y encarna la belleza sin esfuerzo. <\/p>\n\n\n\n<p>Se consigue con un rizador y un spray de sal, a\u00f1adiendo textura y volumen. Ideales para todo tipo de cabellos, las ondas playeras son vers\u00e1tiles y adecuadas para cualquier ocasi\u00f3n. <\/p>\n\n\n\n<h2 class=\"wp-block-heading\">19. Flequillo recortado<\/h2>\n\n\n\n<figure class=\"wp-block-image\"><div style=\"position: relative;\"><noscript><img decoding=\"async\" src=\"https:\/\/flawlesshair.com\/wp-content\/uploads\/2025\/02\/Choppy-Bangs-2.jpg\" alt=\"Flequillo recto\"><\/noscript><img decoding=\"async\" src=\"https:\/\/flawlesshair.com\/wp-content\/uploads\/2025\/02\/Choppy-Bangs-2.jpg\" alt=\"Flequillo recto\" width=\"300\" height=\"300\" id=\"mv-trellis-img-19\" loading=\"lazy\" class=\"lazyload\" data-trellis-processed=\"1\"><div style=\"position: absolute; top: 0.5rem; right: 0.75rem;\"> <a href=\"https:\/\/www.pinterest.com\/pin\/create\/button\/\" data-pin-do=\"buttonPin\" data-pin-tall=\"true\" data-pin-url=\"https:\/\/flawlesshair.com\/es\/cortes-de-pelo-de-moda-para-el-invierno\/\" data-pin-media=\"https:\/\/flawlesshair.com\/wp-content\/uploads\/2025\/02\/Choppy-Bangs-2.jpg\" data-pin-description=\"35 Haircuts That Are Trending For Spring (And Actually Wearable)\" rel=\"nofollow noopener\" target=\"_blank\"> <\/a><\/div><\/div><figcaption class=\"wp-element-caption\"><a href=\"https:\/\/www.instagram.com\/paintedbyjanetr\/p\/C_qWpDvAKtc\/\" target=\"_blank\" rel=\"noopener noreferrer nofollow\">\u00a9 paintedbyjanetr<\/a><\/figcaption><\/figure>\n\n\n\n<p>El flequillo recortado es moderno y juvenil, perfecto para renovar el peinado en primavera. Este estilo a\u00f1ade un toque de vanguardia a cualquier corte de pelo y queda bien con distintas longitudes. <\/p>\n\n\n\n<p>Enmarcan el rostro y pueden peinarse rectas o ligeramente despeinadas. <\/p>\n\n\n\n<h2 class=\"wp-block-heading\">20. Bob el Cl\u00e1sico<\/h2>\n\n\n\n<figure class=\"wp-block-image\"><div style=\"position: relative;\"><noscript><img decoding=\"async\" src=\"https:\/\/flawlesshair.com\/wp-content\/uploads\/2025\/02\/Classic-Bob-12.jpg\" alt=\"Bob el cl\u00e1sico\"><\/noscript><img decoding=\"async\" src=\"https:\/\/flawlesshair.com\/wp-content\/uploads\/2025\/02\/Classic-Bob-12.jpg\" alt=\"Bob el cl\u00e1sico\" width=\"300\" height=\"300\" id=\"mv-trellis-img-20\" loading=\"lazy\" class=\"lazyload\" data-trellis-processed=\"1\"><div style=\"position: absolute; top: 0.5rem; right: 0.75rem;\"> <a href=\"https:\/\/www.pinterest.com\/pin\/create\/button\/\" data-pin-do=\"buttonPin\" data-pin-tall=\"true\" data-pin-url=\"https:\/\/flawlesshair.com\/es\/cortes-de-pelo-de-moda-para-el-invierno\/\" data-pin-media=\"https:\/\/flawlesshair.com\/wp-content\/uploads\/2025\/02\/Classic-Bob-12.jpg\" data-pin-description=\"35 Haircuts That Are Trending For Spring (And Actually Wearable)\" rel=\"nofollow noopener\" target=\"_blank\"> <\/a><\/div><\/div><figcaption class=\"wp-element-caption\"><a href=\"https:\/\/www.instagram.com\/ericaltsalon\/p\/C5D3zAFLiLP\/\" target=\"_blank\" rel=\"noopener noreferrer nofollow\">\u00a9 ericaltsalon<\/a><\/figcaption><\/figure>\n\n\n\n<p>El bob cl\u00e1sico nunca pasa de moda. <\/p>\n\n\n\n<p>La sencillez del corte resalta los rasgos faciales al tiempo que proporciona un aspecto pulido. Es vers\u00e1til y puede llevarse liso o con suaves ondas. El corte bob cl\u00e1sico se adapta a cualquier edad y ocasi\u00f3n, por lo que es un b\u00e1sico en el \u00e1mbito de los cortes de pelo de moda.<\/p>\n\n\n\n<h2 class=\"wp-block-heading\">21. Flequillo de lado<\/h2>\n\n\n\n<figure class=\"wp-block-image\"><div style=\"position: relative;\"><noscript><img decoding=\"async\" src=\"https:\/\/flawlesshair.com\/wp-content\/uploads\/2025\/02\/Side-Swept-Bangs-12.jpg\" alt=\"Flequillo de lado\"><\/noscript><img decoding=\"async\" src=\"https:\/\/flawlesshair.com\/wp-content\/uploads\/2025\/02\/Side-Swept-Bangs-12.jpg\" alt=\"Flequillo de lado\" width=\"300\" height=\"300\" id=\"mv-trellis-img-21\" loading=\"lazy\" class=\"lazyload\" data-trellis-processed=\"1\"><div style=\"position: absolute; top: 0.5rem; right: 0.75rem;\"> <a href=\"https:\/\/www.pinterest.com\/pin\/create\/button\/\" data-pin-do=\"buttonPin\" data-pin-tall=\"true\" data-pin-url=\"https:\/\/flawlesshair.com\/es\/cortes-de-pelo-de-moda-para-el-invierno\/\" data-pin-media=\"https:\/\/flawlesshair.com\/wp-content\/uploads\/2025\/02\/Side-Swept-Bangs-12.jpg\" data-pin-description=\"35 Haircuts That Are Trending For Spring (And Actually Wearable)\" rel=\"nofollow noopener\" target=\"_blank\"> <\/a><\/div><\/div><figcaption class=\"wp-element-caption\"><a href=\"https:\/\/www.instagram.com\/latesthair\/p\/CaNVi9htN9P\/\" target=\"_blank\" rel=\"noopener noreferrer nofollow\">\u00a9 latesthair<\/a><\/figcaption><\/figure>\n\n\n\n<p>El flequillo de lado es sofisticado y favorecedor, perfecto para actualizar tu peinado este invierno. Suavizan el rostro y aportan un toque rom\u00e1ntico a cualquier corte. <\/p>\n\n\n\n<p>Adecuado tanto para pelo largo como corto, este flequillo puede peinarse para adaptarse a cualquier forma de cara. <\/p>\n\n\n\n<h2 class=\"wp-block-heading\">22. Elegante flequillo despuntado<\/h2>\n\n\n\n<figure class=\"wp-block-image\"><div style=\"position: relative;\"><noscript><img decoding=\"async\" src=\"https:\/\/flawlesshair.com\/wp-content\/uploads\/2025\/02\/Sleek-Blunt-Fringe.jpg\" alt=\"Elegante flequillo despuntado\"><\/noscript><img decoding=\"async\" src=\"https:\/\/flawlesshair.com\/wp-content\/uploads\/2025\/02\/Sleek-Blunt-Fringe.jpg\" alt=\"Elegante flequillo despuntado\" width=\"300\" height=\"300\" id=\"mv-trellis-img-22\" loading=\"lazy\" class=\"lazyload\" data-trellis-processed=\"1\"><div style=\"position: absolute; top: 0.5rem; right: 0.75rem;\"> <a href=\"https:\/\/www.pinterest.com\/pin\/create\/button\/\" data-pin-do=\"buttonPin\" data-pin-tall=\"true\" data-pin-url=\"https:\/\/flawlesshair.com\/es\/cortes-de-pelo-de-moda-para-el-invierno\/\" data-pin-media=\"https:\/\/flawlesshair.com\/wp-content\/uploads\/2025\/02\/Sleek-Blunt-Fringe.jpg\" data-pin-description=\"35 Haircuts That Are Trending For Spring (And Actually Wearable)\" rel=\"nofollow noopener\" target=\"_blank\"> <\/a><\/div><\/div><figcaption class=\"wp-element-caption\"><a href=\"https:\/\/www.instagram.com\/hairbytravisvu\/p\/DAgm51sy91z\/\" target=\"_blank\" rel=\"noopener noreferrer nofollow\">\u00a9 hairbytravisvu<\/a><\/figcaption><\/figure>\n\n\n\n<p>El elegante flequillo despuntado es el ep\u00edtome de la elegancia y la sofisticaci\u00f3n. <\/p>\n\n\n\n<p>Con sus l\u00edneas limpias y rectas, este corte de pelo enmarca el rostro, ofreciendo un aspecto refinado y pulido. Es ideal para quienes aprecian la belleza cl\u00e1sica con un toque moderno.<\/p>\n\n\n\n<h2 class=\"wp-block-heading\">23. Pixie a capas<\/h2>\n\n\n\n<figure class=\"wp-block-image\"><div style=\"position: relative;\"><noscript><img decoding=\"async\" src=\"https:\/\/flawlesshair.com\/wp-content\/uploads\/2025\/02\/Layered-Pixie-8.jpg\" alt=\"Pixie a capas\"><\/noscript><img decoding=\"async\" src=\"https:\/\/flawlesshair.com\/wp-content\/uploads\/2025\/02\/Layered-Pixie-8.jpg\" alt=\"Pixie a capas\" width=\"300\" height=\"300\" id=\"mv-trellis-img-23\" loading=\"lazy\" class=\"lazyload\" data-trellis-processed=\"1\"><div style=\"position: absolute; top: 0.5rem; right: 0.75rem;\"> <a href=\"https:\/\/www.pinterest.com\/pin\/create\/button\/\" data-pin-do=\"buttonPin\" data-pin-tall=\"true\" data-pin-url=\"https:\/\/flawlesshair.com\/es\/cortes-de-pelo-de-moda-para-el-invierno\/\" data-pin-media=\"https:\/\/flawlesshair.com\/wp-content\/uploads\/2025\/02\/Layered-Pixie-8.jpg\" data-pin-description=\"35 Haircuts That Are Trending For Spring (And Actually Wearable)\" rel=\"nofollow noopener\" target=\"_blank\"> <\/a><\/div><\/div><figcaption class=\"wp-element-caption\"><a href=\"https:\/\/www.instagram.com\/__k_vu__\/p\/C6cDiyrO_Xh\/\" target=\"_blank\" rel=\"noopener noreferrer nofollow\">\u00a9 __k_vu__<\/a><\/figcaption><\/figure>\n\n\n\n<p>El corte pixie a capas es una versi\u00f3n moderna y elegante del corte pixie tradicional. Este estilo incorpora capas para a\u00f1adir textura y dimensi\u00f3n. <\/p>\n\n\n\n<p>Es perfecto para quienes desean un cambio atrevido sin perder feminidad. F\u00e1cil de peinar, el pixie a capas se adapta a varias formas de cara y puede adaptarse para reflejar el estilo personal. <\/p>\n\n\n\n<h2 class=\"wp-block-heading\">24. Rizos flexibles<\/h2>\n\n\n\n<figure class=\"wp-block-image\"><div style=\"position: relative;\"><noscript><img decoding=\"async\" src=\"https:\/\/flawlesshair.com\/wp-content\/uploads\/2025\/02\/Bouncy-Curls-1.jpg\" alt=\"Rizos flexibles\"><\/noscript><img decoding=\"async\" src=\"https:\/\/flawlesshair.com\/wp-content\/uploads\/2025\/02\/Bouncy-Curls-1.jpg\" alt=\"Rizos flexibles\" width=\"300\" height=\"300\" id=\"mv-trellis-img-24\" loading=\"lazy\" class=\"lazyload\" data-trellis-processed=\"1\"><div style=\"position: absolute; top: 0.5rem; right: 0.75rem;\"> <a href=\"https:\/\/www.pinterest.com\/pin\/create\/button\/\" data-pin-do=\"buttonPin\" data-pin-tall=\"true\" data-pin-url=\"https:\/\/flawlesshair.com\/es\/cortes-de-pelo-de-moda-para-el-invierno\/\" data-pin-media=\"https:\/\/flawlesshair.com\/wp-content\/uploads\/2025\/02\/Bouncy-Curls-1.jpg\" data-pin-description=\"35 Haircuts That Are Trending For Spring (And Actually Wearable)\" rel=\"nofollow noopener\" target=\"_blank\"> <\/a><\/div><\/div><figcaption class=\"wp-element-caption\"><a href=\"https:\/\/www.instagram.com\/herahairbeauty\/reel\/Cx2otPaBcc_\/\" target=\"_blank\" rel=\"noopener noreferrer nofollow\">\u00a9 herahairbeauty<\/a><\/figcaption><\/figure>\n\n\n\n<p>Este peinado a\u00f1ade volumen y alegr\u00eda a cualquier look. <\/p>\n\n\n\n<p>Creado con una varita rizadora, se adapta a todo tipo y longitud de cabello. Los rizos flexibles son perfectos para ocasiones especiales o para el d\u00eda a d\u00eda, ya que ofrecen un aspecto en\u00e9rgico y juvenil. <\/p>\n\n\n\n<h2 class=\"wp-block-heading\">25. Sleek Bob<\/h2>\n\n\n\n<figure class=\"wp-block-image\"><div style=\"position: relative;\"><noscript><img decoding=\"async\" src=\"https:\/\/flawlesshair.com\/wp-content\/uploads\/2025\/02\/Sleek-Bob-3.jpg\" alt=\"Bob elegante\"><\/noscript><img decoding=\"async\" src=\"https:\/\/flawlesshair.com\/wp-content\/uploads\/2025\/02\/Sleek-Bob-3.jpg\" alt=\"Bob elegante\" width=\"300\" height=\"300\" id=\"mv-trellis-img-25\" loading=\"lazy\" class=\"lazyload\" data-trellis-processed=\"1\"><div style=\"position: absolute; top: 0.5rem; right: 0.75rem;\"> <a href=\"https:\/\/www.pinterest.com\/pin\/create\/button\/\" data-pin-do=\"buttonPin\" data-pin-tall=\"true\" data-pin-url=\"https:\/\/flawlesshair.com\/es\/cortes-de-pelo-de-moda-para-el-invierno\/\" data-pin-media=\"https:\/\/flawlesshair.com\/wp-content\/uploads\/2025\/02\/Sleek-Bob-3.jpg\" data-pin-description=\"35 Haircuts That Are Trending For Spring (And Actually Wearable)\" rel=\"nofollow noopener\" target=\"_blank\"> <\/a><\/div><\/div><figcaption class=\"wp-element-caption\"><a href=\"https:\/\/www.instagram.com\/glamourhairstyless\/p\/C8FekKSRnwf\/\" target=\"_blank\" rel=\"noopener noreferrer nofollow\">glamourhairstyless<\/a><\/figcaption><\/figure>\n\n\n\n<p>El bob liso es un cl\u00e1sico moderno que destila sofisticaci\u00f3n y estilo. Ideal para cabellos lisos, su acabado suave resalta el brillo y la salud. <\/p>\n\n\n\n<h2 class=\"wp-block-heading\">26. Ondas Balayage<\/h2>\n\n\n\n<figure class=\"wp-block-image\"><div style=\"position: relative;\"><noscript><img decoding=\"async\" src=\"https:\/\/flawlesshair.com\/wp-content\/uploads\/2025\/02\/Balayage-Waves-1.jpg\" alt=\"Ondas Balayage\"><\/noscript><img decoding=\"async\" src=\"https:\/\/flawlesshair.com\/wp-content\/uploads\/2025\/02\/Balayage-Waves-1.jpg\" alt=\"Ondas Balayage\" width=\"300\" height=\"300\" id=\"mv-trellis-img-26\" loading=\"lazy\" class=\"lazyload\" data-trellis-processed=\"1\"><div style=\"position: absolute; top: 0.5rem; right: 0.75rem;\"> <a href=\"https:\/\/www.pinterest.com\/pin\/create\/button\/\" data-pin-do=\"buttonPin\" data-pin-tall=\"true\" data-pin-url=\"https:\/\/flawlesshair.com\/es\/cortes-de-pelo-de-moda-para-el-invierno\/\" data-pin-media=\"https:\/\/flawlesshair.com\/wp-content\/uploads\/2025\/02\/Balayage-Waves-1.jpg\" data-pin-description=\"35 Haircuts That Are Trending For Spring (And Actually Wearable)\" rel=\"nofollow noopener\" target=\"_blank\"> <\/a><\/div><\/div><figcaption class=\"wp-element-caption\"><a href=\"https:\/\/www.instagram.com\/paweljanhair\/p\/C5TDvEFrjrg\/\" target=\"_blank\" rel=\"noopener noreferrer nofollow\">\u00a9 paweljanhair<\/a><\/figcaption><\/figure>\n\n\n\n<p>Las ondas balayage combinan un color natural con ondas relajadas, perfectas para un look invernal bronceado.<\/p>\n\n\n\n<p>Este estilo a\u00f1ade profundidad y dimensi\u00f3n, realzando cualquier tipo de cabello. Conseguido con un rizador y un tratamiento de color, requiere poco mantenimiento pero es glamuroso.<\/p>\n\n\n\n<h2 class=\"wp-block-heading\">27. Micro Bangs<\/h2>\n\n\n\n<figure class=\"wp-block-image\"><div style=\"position: relative;\"><noscript><img decoding=\"async\" src=\"https:\/\/flawlesshair.com\/wp-content\/uploads\/2025\/02\/Micro-Bangs-1.jpg\" alt=\"Micro flequillo\"><\/noscript><img decoding=\"async\" src=\"https:\/\/flawlesshair.com\/wp-content\/uploads\/2025\/02\/Micro-Bangs-1.jpg\" alt=\"Micro flequillo\" width=\"300\" height=\"300\" id=\"mv-trellis-img-27\" loading=\"lazy\" class=\"lazyload\" data-trellis-processed=\"1\"><div style=\"position: absolute; top: 0.5rem; right: 0.75rem;\"> <a href=\"https:\/\/www.pinterest.com\/pin\/create\/button\/\" data-pin-do=\"buttonPin\" data-pin-tall=\"true\" data-pin-url=\"https:\/\/flawlesshair.com\/es\/cortes-de-pelo-de-moda-para-el-invierno\/\" data-pin-media=\"https:\/\/flawlesshair.com\/wp-content\/uploads\/2025\/02\/Micro-Bangs-1.jpg\" data-pin-description=\"35 Haircuts That Are Trending For Spring (And Actually Wearable)\" rel=\"nofollow noopener\" target=\"_blank\"> <\/a><\/div><\/div><figcaption class=\"wp-element-caption\"><a href=\"https:\/\/www.instagram.com\/nothingobvious\/p\/CgmguSWrMFC\/\" target=\"_blank\" rel=\"noopener noreferrer nofollow\">\u00a9 nothingobvious<\/a><\/figcaption><\/figure>\n\n\n\n<p>Este estilo se caracteriza por un flequillo muy corto que enmarca el rostro de forma \u00fanica, ofreciendo un atractivo vanguardista. <\/p>\n\n\n\n<p>El micro flequillo es ideal para quienes buscan un look que destaque. Comb\u00ednalo con un corte recto o pixie para conseguir el m\u00e1ximo impacto.<\/p>\n\n\n\n<h2 class=\"wp-block-heading\">28. Glamurosas capas largas<\/h2>\n\n\n\n<figure class=\"wp-block-image\"><div style=\"position: relative;\"><noscript><img decoding=\"async\" src=\"https:\/\/flawlesshair.com\/wp-content\/uploads\/2025\/02\/Glamorous-Long-Layers.jpg\" alt=\"Capas largas con glamour\"><\/noscript><img decoding=\"async\" src=\"https:\/\/flawlesshair.com\/wp-content\/uploads\/2025\/02\/Glamorous-Long-Layers.jpg\" alt=\"Capas largas con glamour\" width=\"300\" height=\"300\" id=\"mv-trellis-img-28\" loading=\"lazy\" class=\"lazyload\" data-trellis-processed=\"1\"><div style=\"position: absolute; top: 0.5rem; right: 0.75rem;\"> <a href=\"https:\/\/www.pinterest.com\/pin\/create\/button\/\" data-pin-do=\"buttonPin\" data-pin-tall=\"true\" data-pin-url=\"https:\/\/flawlesshair.com\/es\/cortes-de-pelo-de-moda-para-el-invierno\/\" data-pin-media=\"https:\/\/flawlesshair.com\/wp-content\/uploads\/2025\/02\/Glamorous-Long-Layers.jpg\" data-pin-description=\"35 Haircuts That Are Trending For Spring (And Actually Wearable)\" rel=\"nofollow noopener\" target=\"_blank\"> <\/a><\/div><\/div><figcaption class=\"wp-element-caption\"><a href=\"https:\/\/www.instagram.com\/ahappyjustin\/p\/CmvXw0NOlMl\/\" target=\"_blank\" rel=\"noopener noreferrer nofollow\">\u00a9 ahappyjustin<\/a><\/figcaption><\/figure>\n\n\n\n<p>Las glamurosas capas largas ofrecen un look atemporal que nunca pasa de moda. <\/p>\n\n\n\n<p>Este corte de pelo incluye capas estrat\u00e9gicas para crear volumen y movimiento, por lo que es perfecto para quienes adoran un aspecto lujoso y con cuerpo.<\/p>\n\n\n\n<h2 class=\"wp-block-heading\">29. Corte Midi a capas<\/h2>\n\n\n\n<figure class=\"wp-block-image\"><div style=\"position: relative;\"><noscript><img decoding=\"async\" src=\"https:\/\/flawlesshair.com\/wp-content\/uploads\/2025\/02\/Layered-Midi-Cut.jpg\" alt=\"Corte Midi a capas\"><\/noscript><img decoding=\"async\" src=\"https:\/\/flawlesshair.com\/wp-content\/uploads\/2025\/02\/Layered-Midi-Cut.jpg\" alt=\"Corte Midi a capas\" width=\"300\" height=\"300\" id=\"mv-trellis-img-29\" loading=\"lazy\" class=\"lazyload\" data-trellis-processed=\"1\"><div style=\"position: absolute; top: 0.5rem; right: 0.75rem;\"> <a href=\"https:\/\/www.pinterest.com\/pin\/create\/button\/\" data-pin-do=\"buttonPin\" data-pin-tall=\"true\" data-pin-url=\"https:\/\/flawlesshair.com\/es\/cortes-de-pelo-de-moda-para-el-invierno\/\" data-pin-media=\"https:\/\/flawlesshair.com\/wp-content\/uploads\/2025\/02\/Layered-Midi-Cut.jpg\" data-pin-description=\"35 Haircuts That Are Trending For Spring (And Actually Wearable)\" rel=\"nofollow noopener\" target=\"_blank\"> <\/a><\/div><\/div><figcaption class=\"wp-element-caption\"><a href=\"https:\/\/www.instagram.com\/hairbylaureeenn\/p\/C6XFdz2yz-A\/\" target=\"_blank\" rel=\"noopener noreferrer nofollow\">\u00a9 hairbylaureeenn<\/a><\/figcaption><\/figure>\n\n\n\n<p>Las capas suaves se colocan estrat\u00e9gicamente para crear una sensaci\u00f3n de plenitud, lo que hace que este corte de pelo sea ideal para quienes buscan un look de bajo mantenimiento pero con estilo. Unas mechas sutiles pueden realzar a\u00fan m\u00e1s las dimensiones de este corte de pelo.<\/p>\n\n\n\n<p>Perfecto para el d\u00eda a d\u00eda, es una opci\u00f3n vers\u00e1til que pasa f\u00e1cilmente de lo informal a lo sofisticado con el m\u00ednimo esfuerzo.<\/p>\n\n\n\n<h2 class=\"wp-block-heading\">30. Despeinado<\/h2>\n\n\n\n<figure class=\"wp-block-image\"><div style=\"position: relative;\"><noscript><img decoding=\"async\" src=\"https:\/\/flawlesshair.com\/wp-content\/uploads\/2025\/02\/Tousled-Shag-1.jpg\" alt=\"Despeinado\"><\/noscript><img decoding=\"async\" src=\"https:\/\/flawlesshair.com\/wp-content\/uploads\/2025\/02\/Tousled-Shag-1.jpg\" alt=\"Despeinado\" width=\"300\" height=\"300\" id=\"mv-trellis-img-30\" loading=\"lazy\" class=\"lazyload\" data-trellis-processed=\"1\"><div style=\"position: absolute; top: 0.5rem; right: 0.75rem;\"> <a href=\"https:\/\/www.pinterest.com\/pin\/create\/button\/\" data-pin-do=\"buttonPin\" data-pin-tall=\"true\" data-pin-url=\"https:\/\/flawlesshair.com\/es\/cortes-de-pelo-de-moda-para-el-invierno\/\" data-pin-media=\"https:\/\/flawlesshair.com\/wp-content\/uploads\/2025\/02\/Tousled-Shag-1.jpg\" data-pin-description=\"35 Haircuts That Are Trending For Spring (And Actually Wearable)\" rel=\"nofollow noopener\" target=\"_blank\"> <\/a><\/div><\/div><figcaption class=\"wp-element-caption\"><a href=\"https:\/\/www.instagram.com\/ernestomeneses\/p\/DBROH5zxyru\/aimee-tousled-shagshag-haircut-styled-by-her-taught-her-some-techniques-for-an-e\/\" target=\"_blank\" rel=\"noopener noreferrer nofollow\">\u00a9 ernestomeneses<\/a><\/figcaption><\/figure>\n\n\n\n<p>Este peinado presenta capas y textura para un look relajado. Ideal para quienes buscan un look renovado, se adapta a todo tipo de cabellos. P\u00e9inalo con un poco de espuma y los dedos para conseguir el m\u00e1ximo efecto. <\/p>\n\n\n\n<h2 class=\"wp-block-heading\">31. Parte lateral Bob<\/h2>\n\n\n\n<figure class=\"wp-block-image\"><div style=\"position: relative;\"><noscript><img decoding=\"async\" src=\"https:\/\/flawlesshair.com\/wp-content\/uploads\/2025\/02\/Side-Part-Bob.jpg\" alt=\"Pieza lateral Bob\"><\/noscript><img decoding=\"async\" src=\"https:\/\/flawlesshair.com\/wp-content\/uploads\/2025\/02\/Side-Part-Bob.jpg\" alt=\"Pieza lateral Bob\" width=\"300\" height=\"300\" id=\"mv-trellis-img-31\" loading=\"lazy\" class=\"lazyload\" data-trellis-processed=\"1\"><div style=\"position: absolute; top: 0.5rem; right: 0.75rem;\"> <a href=\"https:\/\/www.pinterest.com\/pin\/create\/button\/\" data-pin-do=\"buttonPin\" data-pin-tall=\"true\" data-pin-url=\"https:\/\/flawlesshair.com\/es\/cortes-de-pelo-de-moda-para-el-invierno\/\" data-pin-media=\"https:\/\/flawlesshair.com\/wp-content\/uploads\/2025\/02\/Side-Part-Bob.jpg\" data-pin-description=\"35 Haircuts That Are Trending For Spring (And Actually Wearable)\" rel=\"nofollow noopener\" target=\"_blank\"> <\/a><\/div><\/div><figcaption class=\"wp-element-caption\"><a href=\"https:\/\/www.instagram.com\/ellenthemisfitstylist\/p\/DAqg2zwPNZ7\/\" target=\"_blank\" rel=\"noopener noreferrer nofollow\">\u00a9 ellenthemisfitstylist<\/a><\/figcaption><\/figure>\n\n\n\n<p>El corte bob con raya al lado es una versi\u00f3n sofisticada del corte bob cl\u00e1sico. Este peinado resalta los rasgos faciales y aporta un toque de elegancia.<\/p>\n\n\n\n<p>La raya al lado crea volumen e inter\u00e9s, por lo que es perfecto para ocasiones especiales. Es un estilo atemporal que se adapta a cualquier edad o evento.<\/p>\n\n\n\n<h2 class=\"wp-block-heading\">32. Bob franc\u00e9s chic<\/h2>\n\n\n\n<figure class=\"wp-block-image\"><div style=\"position: relative;\"><noscript><img decoding=\"async\" src=\"https:\/\/flawlesshair.com\/wp-content\/uploads\/2025\/02\/Chic-French-Bob.jpg\" alt=\"Bob franc\u00e9s chic\"><\/noscript><img decoding=\"async\" src=\"https:\/\/flawlesshair.com\/wp-content\/uploads\/2025\/02\/Chic-French-Bob.jpg\" alt=\"Bob franc\u00e9s chic\" width=\"300\" height=\"300\" id=\"mv-trellis-img-32\" loading=\"lazy\" class=\"lazyload\" data-trellis-processed=\"1\"><div style=\"position: absolute; top: 0.5rem; right: 0.75rem;\"> <a href=\"https:\/\/www.pinterest.com\/pin\/create\/button\/\" data-pin-do=\"buttonPin\" data-pin-tall=\"true\" data-pin-url=\"https:\/\/flawlesshair.com\/es\/cortes-de-pelo-de-moda-para-el-invierno\/\" data-pin-media=\"https:\/\/flawlesshair.com\/wp-content\/uploads\/2025\/02\/Chic-French-Bob.jpg\" data-pin-description=\"35 Haircuts That Are Trending For Spring (And Actually Wearable)\" rel=\"nofollow noopener\" target=\"_blank\"> <\/a><\/div><\/div><figcaption class=\"wp-element-caption\"><a href=\"https:\/\/www.instagram.com\/fabian_salonher\/p\/C8tsxOgyxEq\/\" target=\"_blank\" rel=\"noopener noreferrer nofollow\">\u00a9 fabian_salonher<\/a><\/figcaption><\/figure>\n\n\n\n<p>Caracterizado por su corte a la altura de la mand\u00edbula y sus bordes rectos, el Bob franc\u00e9s aporta un toque parisino a tu look. Es lo suficientemente vers\u00e1til como para llevarlo liso o ligeramente despeinado para un look m\u00e1s relajado.<\/p>\n\n\n\n<p>Adopta la elegancia de este estilo combin\u00e1ndolo con un color de labios atrevido o unos pendientes llamativos. Enmarca el rostro y resalta tus mejores rasgos.<\/p>\n\n\n\n<h2 class=\"wp-block-heading\">33. Textura natural<\/h2>\n\n\n\n<figure class=\"wp-block-image\"><div style=\"position: relative;\"><noscript><img decoding=\"async\" src=\"https:\/\/flawlesshair.com\/wp-content\/uploads\/2025\/02\/Natural-Texture-2.jpg\" alt=\"Textura natural\"><\/noscript><img decoding=\"async\" src=\"https:\/\/flawlesshair.com\/wp-content\/uploads\/2025\/02\/Natural-Texture-2.jpg\" alt=\"Textura natural\" width=\"300\" height=\"300\" id=\"mv-trellis-img-33\" loading=\"lazy\" class=\"lazyload\" data-trellis-processed=\"1\"><div style=\"position: absolute; top: 0.5rem; right: 0.75rem;\"> <a href=\"https:\/\/www.pinterest.com\/pin\/create\/button\/\" data-pin-do=\"buttonPin\" data-pin-tall=\"true\" data-pin-url=\"https:\/\/flawlesshair.com\/es\/cortes-de-pelo-de-moda-para-el-invierno\/\" data-pin-media=\"https:\/\/flawlesshair.com\/wp-content\/uploads\/2025\/02\/Natural-Texture-2.jpg\" data-pin-description=\"35 Haircuts That Are Trending For Spring (And Actually Wearable)\" rel=\"nofollow noopener\" target=\"_blank\"> <\/a><\/div><\/div><figcaption class=\"wp-element-caption\"><a href=\"https:\/\/www.instagram.com\/rikscotthair\/p\/CnfE6oWOeB4\/\" target=\"_blank\" rel=\"noopener noreferrer nofollow\">\u00a9 rikscotthair<\/a><\/figcaption><\/figure>\n\n\n\n<p>Disfruta de tu textura natural este invierno con peinados que realzan las cualidades \u00fanicas de tu cabello. Ya sea rizado, ondulado o liso, deja que brille la belleza natural de tu pelo. <\/p>\n\n\n\n<p>Utiliza productos que definan y nutran tu textura, creando un look deslumbrante y sin esfuerzo. Este enfoque celebra la individualidad y es perfecto para quienes desean un estilo aut\u00e9ntico que requiera poco mantenimiento.<\/p>\n\n\n\n<h2 class=\"wp-block-heading\">34. Kicked Bob<\/h2>\n\n\n\n<figure class=\"wp-block-image\"><div style=\"position: relative;\"><noscript><img decoding=\"async\" src=\"https:\/\/flawlesshair.com\/wp-content\/uploads\/2025\/02\/Kicked-Bob.jpg\" alt=\"Pate\u00f3 a Bob\"><\/noscript><img decoding=\"async\" src=\"https:\/\/flawlesshair.com\/wp-content\/uploads\/2025\/02\/Kicked-Bob.jpg\" alt=\"Pate\u00f3 a Bob\" width=\"300\" height=\"300\" id=\"mv-trellis-img-34\" loading=\"lazy\" class=\"lazyload\" data-trellis-processed=\"1\"><div style=\"position: absolute; top: 0.5rem; right: 0.75rem;\"> <a href=\"https:\/\/www.pinterest.com\/pin\/create\/button\/\" data-pin-do=\"buttonPin\" data-pin-tall=\"true\" data-pin-url=\"https:\/\/flawlesshair.com\/es\/cortes-de-pelo-de-moda-para-el-invierno\/\" data-pin-media=\"https:\/\/flawlesshair.com\/wp-content\/uploads\/2025\/02\/Kicked-Bob.jpg\" data-pin-description=\"35 Haircuts That Are Trending For Spring (And Actually Wearable)\" rel=\"nofollow noopener\" target=\"_blank\"> <\/a><\/div><\/div><figcaption class=\"wp-element-caption\"><a href=\"https:\/\/www.instagram.com\/haleyhairhustler\/p\/DBzAKtERaXm\/?next=%2Fseventyonela%2Ftagged%2F&amp;locale=zh-hans&amp;hl=da\" target=\"_blank\" rel=\"noopener noreferrer nofollow\">\u00a9 haleyhairhustler<\/a><\/figcaption><\/figure>\n\n\n\n<p><a href=\"https:\/\/flawlesshair.com\/es\/pateado-bob\/\">El bob pateado<\/a> es sin\u00f3nimo de elegancia desenfadada. Este corte de pelo presenta un corte recto cl\u00e1sico con un giro inesperado: las puntas se abren hacia fuera para dar un toque divertido y juvenil. <\/p>\n\n\n\n<p>Es un estilo vers\u00e1til que se adapta a varias formas de cara y se puede llevar liso o despeinado.<\/p>\n\n\n\n<h2 class=\"wp-block-heading\">35. Clavi-Cut<\/h2>\n\n\n\n<figure class=\"wp-block-image\"><div style=\"position: relative;\"><noscript><img decoding=\"async\" src=\"https:\/\/flawlesshair.com\/wp-content\/uploads\/2025\/02\/Clavi-Cut.jpg\" alt=\"Clavi-Cut\"><\/noscript><img decoding=\"async\" src=\"https:\/\/flawlesshair.com\/wp-content\/uploads\/2025\/02\/Clavi-Cut.jpg\" alt=\"Clavi-Cut\" width=\"300\" height=\"300\" id=\"mv-trellis-img-35\" loading=\"lazy\" class=\"lazyload\" data-trellis-processed=\"1\"><div style=\"position: absolute; top: 0.5rem; right: 0.75rem;\"> <a href=\"https:\/\/www.pinterest.com\/pin\/create\/button\/\" data-pin-do=\"buttonPin\" data-pin-tall=\"true\" data-pin-url=\"https:\/\/flawlesshair.com\/es\/cortes-de-pelo-de-moda-para-el-invierno\/\" data-pin-media=\"https:\/\/flawlesshair.com\/wp-content\/uploads\/2025\/02\/Clavi-Cut.jpg\" data-pin-description=\"35 Haircuts That Are Trending For Spring (And Actually Wearable)\" rel=\"nofollow noopener\" target=\"_blank\"> <\/a><\/div><\/div><figcaption class=\"wp-element-caption\"><a href=\"https:\/\/www.instagram.com\/peechygroup\/p\/C-k2emIO78X\/\" target=\"_blank\" rel=\"noopener noreferrer nofollow\">\u00a9 peechygroup<\/a><\/figcaption><\/figure>\n\n\n\n<p>El corte clavi ofrece una longitud sofisticada, a la altura de los hombros, que favorece a casi todo el mundo. Es ideal para quienes desean un cambio sin perder demasiada longitud. <\/p>\n\n\n\n<p>Comb\u00ednalo con ondas suaves para conseguir un look chic sin esfuerzo que pasa f\u00e1cilmente del d\u00eda a la noche.<\/p>","protected":false},"excerpt":{"rendered":"<p>New season, new hair energy. Spring&rsquo;s the perfect excuse to try a fresh chop, and this roundup is packed with head-turning inspo. Think chic clavi-cuts, &hellip;<\/p>","protected":false},"author":39,"featured_media":169628,"comment_status":"closed","ping_status":"closed","sticky":false,"template":"","format":"standard","meta":{"syndication_tool_enabled":false,"syndication_tool_title":"","syndication_tool_excerpt":"","syndication_tool_featured_image":0,"syndication_tool_publish_date":"","syndication_tool_schema_types":[],"syndication_tool_backlink_enable":false,"syndication_tool_ai_disclosure_enable":false,"disable-in-feed":false,"article-schema-type":"","disable-critical-css":false,"footnotes":""},"categories":[25],"tags":[],"class_list":["post-125561","post","type-post","status-publish","format-standard","has-post-thumbnail","hentry","category-cuts"],"_links":{"self":[{"href":"https:\/\/flawlesshair.com\/es\/wp-json\/wp\/v2\/posts\/125561","targetHints":{"allow":["GET"]}}],"collection":[{"href":"https:\/\/flawlesshair.com\/es\/wp-json\/wp\/v2\/posts"}],"about":[{"href":"https:\/\/flawlesshair.com\/es\/wp-json\/wp\/v2\/types\/post"}],"author":[{"embeddable":true,"href":"https:\/\/flawlesshair.com\/es\/wp-json\/wp\/v2\/users\/39"}],"replies":[{"embeddable":true,"href":"https:\/\/flawlesshair.com\/es\/wp-json\/wp\/v2\/comments?post=125561"}],"version-history":[{"count":0,"href":"https:\/\/flawlesshair.com\/es\/wp-json\/wp\/v2\/posts\/125561\/revisions"}],"wp:featuredmedia":[{"embeddable":true,"href":"https:\/\/flawlesshair.com\/es\/wp-json\/wp\/v2\/media\/169628"}],"wp:attachment":[{"href":"https:\/\/flawlesshair.com\/es\/wp-json\/wp\/v2\/media?parent=125561"}],"wp:term":[{"taxonomy":"category","embeddable":true,"href":"https:\/\/flawlesshair.com\/es\/wp-json\/wp\/v2\/categories?post=125561"},{"taxonomy":"post_tag","embeddable":true,"href":"https:\/\/flawlesshair.com\/es\/wp-json\/wp\/v2\/tags?post=125561"}],"curies":[{"name":"wp","href":"https:\/\/api.w.org\/{rel}","templated":true}]}}