{"id":143809,"date":"2025-05-08T18:15:00","date_gmt":"2025-05-08T16:15:00","guid":{"rendered":"https:\/\/flawlesshair.com\/?p=143809"},"modified":"2025-07-02T11:20:26","modified_gmt":"2025-07-02T09:20:26","slug":"el-auge-de-los-cortes-de-longitud-media","status":"publish","type":"post","link":"https:\/\/flawlesshair.com\/es\/el-auge-de-los-cortes-de-longitud-media\/","title":{"rendered":"El auge de los cortes de media melena: La tendencia capilar de la primavera de 2025"},"content":{"rendered":"<style>img#mv-trellis-img-1::before{padding-top:125%; }img#mv-trellis-img-1{display:block;}img#mv-trellis-img-2::before{padding-top:125%; }img#mv-trellis-img-2{display:block;}img#mv-trellis-img-3::before{padding-top:100%; }img#mv-trellis-img-3{display:block;}img#mv-trellis-img-4::before{padding-top:100%; }img#mv-trellis-img-4{display:block;}img#mv-trellis-img-5::before{padding-top:100%; }img#mv-trellis-img-5{display:block;}img#mv-trellis-img-6::before{padding-top:100%; }img#mv-trellis-img-6{display:block;}img#mv-trellis-img-7::before{padding-top:100%; }img#mv-trellis-img-7{display:block;}img#mv-trellis-img-8::before{padding-top:100%; }img#mv-trellis-img-8{display:block;}img#mv-trellis-img-9::before{padding-top:100%; }img#mv-trellis-img-9{display:block;}img#mv-trellis-img-10::before{padding-top:100%; }img#mv-trellis-img-10{display:block;}img#mv-trellis-img-11::before{padding-top:100%; }img#mv-trellis-img-11{display:block;}img#mv-trellis-img-12::before{padding-top:100%; }img#mv-trellis-img-12{display:block;}img#mv-trellis-img-13::before{padding-top:100%; }img#mv-trellis-img-13{display:block;}img#mv-trellis-img-14::before{padding-top:100%; }img#mv-trellis-img-14{display:block;}img#mv-trellis-img-15::before{padding-top:100%; }img#mv-trellis-img-15{display:block;}img#mv-trellis-img-16::before{padding-top:100%; }img#mv-trellis-img-16{display:block;}img#mv-trellis-img-17::before{padding-top:100%; }img#mv-trellis-img-17{display:block;}img#mv-trellis-img-18::before{padding-top:100%; }img#mv-trellis-img-18{display:block;}img#mv-trellis-img-19::before{padding-top:100%; }img#mv-trellis-img-19{display:block;}img#mv-trellis-img-20::before{padding-top:100%; }img#mv-trellis-img-20{display:block;}img#mv-trellis-img-21::before{padding-top:100%; }img#mv-trellis-img-21{display:block;}img#mv-trellis-img-22::before{padding-top:100%; }img#mv-trellis-img-22{display:block;}img#mv-trellis-img-23::before{padding-top:100%; }img#mv-trellis-img-23{display:block;}img#mv-trellis-img-24::before{padding-top:100%; }img#mv-trellis-img-24{display:block;}img#mv-trellis-img-25::before{padding-top:100%; }img#mv-trellis-img-25{display:block;}img#mv-trellis-img-26::before{padding-top:100%; }img#mv-trellis-img-26{display:block;}img#mv-trellis-img-27::before{padding-top:100%; }img#mv-trellis-img-27{display:block;}img#mv-trellis-img-28::before{padding-top:100%; }img#mv-trellis-img-28{display:block;}img#mv-trellis-img-29::before{padding-top:100%; }img#mv-trellis-img-29{display:block;}img#mv-trellis-img-30::before{padding-top:100%; }img#mv-trellis-img-30{display:block;}img#mv-trellis-img-31::before{padding-top:100%; }img#mv-trellis-img-31{display:block;}img#mv-trellis-img-32::before{padding-top:100%; }img#mv-trellis-img-32{display:block;}img#mv-trellis-img-33::before{padding-top:100%; }img#mv-trellis-img-33{display:block;}<\/style>\n<p>Somewhere between long and short, medium haircuts are having a serious moment this spring&mdash;and it&rsquo;s easy to see why. With their just-right length, styling flexibility, and instant polish, mid-length cuts are the low-maintenance, high-style solution everyone&rsquo;s craving. Whether you want to grow out your bob, refresh your layers, or try something that flatters every face shape, this season&rsquo;s medium cuts are effortlessly chic and surprisingly versatile. Get ready to fall in love with the in-between.<\/p>\n\n\n\n<h2 class=\"wp-block-heading\">1. Medium Hair with Shaggy Layers<\/h2>\n\n\n\n<figure class=\"wp-block-image size-full\"><div style=\"position: relative;\"><noscript><img loading=\"lazy\" decoding=\"async\" width=\"1440\" height=\"1800\" src=\"https:\/\/flawlesshair.com\/wp-content\/uploads\/2025\/03\/1.-medium-hair-with-shaggy-layers.jpg\" alt=\"\" class=\"wp-image-187494\" srcset=\"https:\/\/flawlesshair.com\/wp-content\/uploads\/2025\/03\/1.-medium-hair-with-shaggy-layers.jpg 1440w, https:\/\/flawlesshair.com\/wp-content\/uploads\/2025\/03\/1.-medium-hair-with-shaggy-layers-240x300.jpg 240w, https:\/\/flawlesshair.com\/wp-content\/uploads\/2025\/03\/1.-medium-hair-with-shaggy-layers-768x960.jpg 768w, https:\/\/flawlesshair.com\/wp-content\/uploads\/2025\/03\/1.-medium-hair-with-shaggy-layers-10x12.jpg 10w, https:\/\/flawlesshair.com\/wp-content\/uploads\/2025\/03\/1.-medium-hair-with-shaggy-layers-864x1080.jpg 864w, https:\/\/flawlesshair.com\/wp-content\/uploads\/2025\/03\/1.-medium-hair-with-shaggy-layers-960x1200.jpg 960w\" sizes=\"auto, (max-width: 760px) calc(100vw - 24px), 720px\"><\/noscript><img loading=\"eager\" decoding=\"async\" width=\"1440\" height=\"1800\" src=\"data:image\/svg+xml,%3Csvg%20xmlns='http:\/\/www.w3.org\/2000\/svg'%20viewBox='0%200%201440%201800'%3E%3Crect%20width='1440'%20height='1800'%20style='fill:%23e3e3e3'\/%3E%3C\/svg%3E\" alt=\"\" class=\"wp-image-187494 eager-load\" sizes=\"auto, (max-width: 760px) calc(100vw - 24px), 720px\" data-pin-media=\"https:\/\/flawlesshair.com\/wp-content\/uploads\/2025\/03\/1.-medium-hair-with-shaggy-layers.jpg\" id=\"mv-trellis-img-1\" data-src=\"https:\/\/flawlesshair.com\/wp-content\/uploads\/2025\/03\/1.-medium-hair-with-shaggy-layers.jpg\" data-srcset=\"https:\/\/flawlesshair.com\/wp-content\/uploads\/2025\/03\/1.-medium-hair-with-shaggy-layers.jpg 1440w, https:\/\/flawlesshair.com\/wp-content\/uploads\/2025\/03\/1.-medium-hair-with-shaggy-layers-240x300.jpg 240w, https:\/\/flawlesshair.com\/wp-content\/uploads\/2025\/03\/1.-medium-hair-with-shaggy-layers-768x960.jpg 768w, https:\/\/flawlesshair.com\/wp-content\/uploads\/2025\/03\/1.-medium-hair-with-shaggy-layers-10x12.jpg 10w, https:\/\/flawlesshair.com\/wp-content\/uploads\/2025\/03\/1.-medium-hair-with-shaggy-layers-864x1080.jpg 864w, https:\/\/flawlesshair.com\/wp-content\/uploads\/2025\/03\/1.-medium-hair-with-shaggy-layers-960x1200.jpg 960w\" data-svg=\"1\" data-trellis-processed=\"1\"><div style=\"position: absolute; top: 0.5rem; right: 0.75rem;\"> <a href=\"https:\/\/www.pinterest.com\/pin\/create\/button\/\" data-pin-do=\"buttonPin\" data-pin-tall=\"true\" data-pin-url=\"https:\/\/flawlesshair.com\/es\/el-auge-de-los-cortes-de-longitud-media\/\" data-pin-media=\"https:\/\/flawlesshair.com\/wp-content\/uploads\/2025\/03\/1.-medium-hair-with-shaggy-layers.jpg\" data-pin-description=\"The Rise Of Medium-Length Cuts: The Hair Trend Of Spring 2025\" rel=\"nofollow noopener\" target=\"_blank\"> <\/a><\/div><\/div><figcaption class=\"wp-element-caption\">@salsalhair<\/figcaption><\/figure>\n\n\n\n<p>Shaggy layers are a dream for medium hair&mdash;they add that breezy, lived-in volume that looks amazing even when you skip the blowout. Great for boosting body and movement without high maintenance.<\/p>\n\n\n\n<h2 class=\"wp-block-heading\">2. Medium Layered Hair with Curtain Bangs<\/h2>\n\n\n\n<figure class=\"wp-block-image size-full\"><div style=\"position: relative;\"><noscript><img loading=\"lazy\" decoding=\"async\" width=\"1440\" height=\"1800\" src=\"https:\/\/flawlesshair.com\/wp-content\/uploads\/2025\/03\/2.-medium-layered-hair-with-curtain-bangs.jpg\" alt=\"\" class=\"wp-image-187495\" srcset=\"https:\/\/flawlesshair.com\/wp-content\/uploads\/2025\/03\/2.-medium-layered-hair-with-curtain-bangs.jpg 1440w, https:\/\/flawlesshair.com\/wp-content\/uploads\/2025\/03\/2.-medium-layered-hair-with-curtain-bangs-240x300.jpg 240w, https:\/\/flawlesshair.com\/wp-content\/uploads\/2025\/03\/2.-medium-layered-hair-with-curtain-bangs-768x960.jpg 768w, https:\/\/flawlesshair.com\/wp-content\/uploads\/2025\/03\/2.-medium-layered-hair-with-curtain-bangs-10x12.jpg 10w, https:\/\/flawlesshair.com\/wp-content\/uploads\/2025\/03\/2.-medium-layered-hair-with-curtain-bangs-864x1080.jpg 864w, https:\/\/flawlesshair.com\/wp-content\/uploads\/2025\/03\/2.-medium-layered-hair-with-curtain-bangs-960x1200.jpg 960w\" sizes=\"auto, (max-width: 760px) calc(100vw - 24px), 720px\"><\/noscript><img loading=\"lazy\" decoding=\"async\" width=\"1440\" height=\"1800\" src=\"https:\/\/flawlesshair.com\/wp-content\/uploads\/2025\/03\/2.-medium-layered-hair-with-curtain-bangs.jpg\" alt=\"\" class=\"wp-image-187495 lazyload\" srcset=\"https:\/\/flawlesshair.com\/wp-content\/uploads\/2025\/03\/2.-medium-layered-hair-with-curtain-bangs.jpg 1440w, https:\/\/flawlesshair.com\/wp-content\/uploads\/2025\/03\/2.-medium-layered-hair-with-curtain-bangs-240x300.jpg 240w, https:\/\/flawlesshair.com\/wp-content\/uploads\/2025\/03\/2.-medium-layered-hair-with-curtain-bangs-768x960.jpg 768w, https:\/\/flawlesshair.com\/wp-content\/uploads\/2025\/03\/2.-medium-layered-hair-with-curtain-bangs-10x12.jpg 10w, https:\/\/flawlesshair.com\/wp-content\/uploads\/2025\/03\/2.-medium-layered-hair-with-curtain-bangs-864x1080.jpg 864w, https:\/\/flawlesshair.com\/wp-content\/uploads\/2025\/03\/2.-medium-layered-hair-with-curtain-bangs-960x1200.jpg 960w\" sizes=\"auto, (max-width: 760px) calc(100vw - 24px), 720px\" data-pin-media=\"https:\/\/flawlesshair.com\/wp-content\/uploads\/2025\/03\/2.-medium-layered-hair-with-curtain-bangs.jpg\" id=\"mv-trellis-img-2\" data-trellis-processed=\"1\"><div style=\"position: absolute; top: 0.5rem; right: 0.75rem;\"> <a href=\"https:\/\/www.pinterest.com\/pin\/create\/button\/\" data-pin-do=\"buttonPin\" data-pin-tall=\"true\" data-pin-url=\"https:\/\/flawlesshair.com\/es\/el-auge-de-los-cortes-de-longitud-media\/\" data-pin-media=\"https:\/\/flawlesshair.com\/wp-content\/uploads\/2025\/03\/2.-medium-layered-hair-with-curtain-bangs.jpg\" data-pin-description=\"The Rise Of Medium-Length Cuts: The Hair Trend Of Spring 2025\" rel=\"nofollow noopener\" target=\"_blank\"> <\/a><\/div><\/div><figcaption class=\"wp-element-caption\">@telleish_hair_studio<\/figcaption><\/figure>\n\n\n\n<p>This look is all about soft shape and effortless style&mdash;medium layers create flow, while curtain bangs frame the face beautifully and grow out gracefully between trims.<\/p>\n\n\n\n<h2 class=\"wp-block-heading\">3. Flequillo cortina a capas<\/h2>\n\n\n\n<figure class=\"wp-block-image\"><div style=\"position: relative;\"><noscript><img decoding=\"async\" src=\"https:\/\/flawlesshair.com\/wp-content\/uploads\/2025\/02\/Curtain-Bangs-with-Layers-4.jpg\" alt=\"Flequillo cortina a capas\"><\/noscript><img decoding=\"async\" src=\"https:\/\/flawlesshair.com\/wp-content\/uploads\/2025\/02\/Curtain-Bangs-with-Layers-4.jpg\" alt=\"Flequillo cortina a capas\" width=\"300\" height=\"300\" id=\"mv-trellis-img-3\" loading=\"lazy\" class=\"lazyload\" data-trellis-processed=\"1\"><div style=\"position: absolute; top: 0.5rem; right: 0.75rem;\"> <a href=\"https:\/\/www.pinterest.com\/pin\/create\/button\/\" data-pin-do=\"buttonPin\" data-pin-tall=\"true\" data-pin-url=\"https:\/\/flawlesshair.com\/es\/el-auge-de-los-cortes-de-longitud-media\/\" data-pin-media=\"https:\/\/flawlesshair.com\/wp-content\/uploads\/2025\/02\/Curtain-Bangs-with-Layers-4.jpg\" data-pin-description=\"The Rise Of Medium-Length Cuts: The Hair Trend Of Spring 2025\" rel=\"nofollow noopener\" target=\"_blank\"> <\/a><\/div><\/div><figcaption class=\"wp-element-caption\"><a href=\"https:\/\/www.instagram.com\/hairbyvantha\/p\/Cc0rUq9JL00\/\" target=\"_blank\" rel=\"noopener noreferrer nofollow\">\u00a9 hairbyvantha<\/a><\/figcaption><\/figure>\n\n\n\n<p><a href=\"https:\/\/flawlesshair.com\/es\/flequillo-cortina-para-enmarcar-la-cara\/\">Flequillo de cortina<\/a> combinadas con capas ofrecen un toque moderno. Este estilo enmarca el rostro con belleza y a\u00f1ade profundidad. Ideal para quienes buscan suavizar su look sin un cambio dr\u00e1stico. F\u00e1cil de peinar y mantener, es perfecto para el d\u00eda a d\u00eda.<\/p>\n\n\n\n<h2 class=\"wp-block-heading\">4. Corte desgre\u00f1ado<\/h2>\n\n\n\n<figure class=\"wp-block-image\"><div style=\"position: relative;\"><noscript><img decoding=\"async\" src=\"https:\/\/flawlesshair.com\/wp-content\/uploads\/2025\/02\/Shaggy-Cut-5.jpg\" alt=\"Corte desgre\u00f1ado\"><\/noscript><img decoding=\"async\" src=\"https:\/\/flawlesshair.com\/wp-content\/uploads\/2025\/02\/Shaggy-Cut-5.jpg\" alt=\"Corte desgre\u00f1ado\" width=\"300\" height=\"300\" id=\"mv-trellis-img-4\" loading=\"lazy\" class=\"lazyload\" data-trellis-processed=\"1\"><div style=\"position: absolute; top: 0.5rem; right: 0.75rem;\"> <a href=\"https:\/\/www.pinterest.com\/pin\/create\/button\/\" data-pin-do=\"buttonPin\" data-pin-tall=\"true\" data-pin-url=\"https:\/\/flawlesshair.com\/es\/el-auge-de-los-cortes-de-longitud-media\/\" data-pin-media=\"https:\/\/flawlesshair.com\/wp-content\/uploads\/2025\/02\/Shaggy-Cut-5.jpg\" data-pin-description=\"The Rise Of Medium-Length Cuts: The Hair Trend Of Spring 2025\" rel=\"nofollow noopener\" target=\"_blank\"> <\/a><\/div><\/div><figcaption class=\"wp-element-caption\"><a href=\"https:\/\/www.instagram.com\/hollygirldoeshair\/p\/CzKrptOLDwp\/\" target=\"_blank\" rel=\"noopener noreferrer nofollow\">\u00a9 hollygirldoeshair<\/a><\/figcaption><\/figure>\n\n\n\n<p>En <a href=\"https:\/\/flawlesshair.com\/es\/shag-suave\/\">corte desgre\u00f1ado<\/a> se basa en capas desenfadadas. Perfecto para a\u00f1adir textura y volumen, este peinado es a la vez atrevido y desenfadado. Adecuado para cualquier tipo de cabello, ofrece un aire relajado con el m\u00ednimo esfuerzo. Deja que tu pelo fluya de forma natural con esta moderna elecci\u00f3n.<\/p>\n\n\n\n<h2 class=\"wp-block-heading\">5. Corte romo<\/h2>\n\n\n\n<figure class=\"wp-block-image\"><div style=\"position: relative;\"><noscript><img decoding=\"async\" src=\"https:\/\/flawlesshair.com\/wp-content\/uploads\/2025\/02\/Blunt-Cut-69.jpg\" alt=\"Corte romo\"><\/noscript><img decoding=\"async\" src=\"https:\/\/flawlesshair.com\/wp-content\/uploads\/2025\/02\/Blunt-Cut-69.jpg\" alt=\"Corte romo\" width=\"300\" height=\"300\" id=\"mv-trellis-img-5\" loading=\"lazy\" class=\"lazyload\" data-trellis-processed=\"1\"><div style=\"position: absolute; top: 0.5rem; right: 0.75rem;\"> <a href=\"https:\/\/www.pinterest.com\/pin\/create\/button\/\" data-pin-do=\"buttonPin\" data-pin-tall=\"true\" data-pin-url=\"https:\/\/flawlesshair.com\/es\/el-auge-de-los-cortes-de-longitud-media\/\" data-pin-media=\"https:\/\/flawlesshair.com\/wp-content\/uploads\/2025\/02\/Blunt-Cut-69.jpg\" data-pin-description=\"The Rise Of Medium-Length Cuts: The Hair Trend Of Spring 2025\" rel=\"nofollow noopener\" target=\"_blank\"> <\/a><\/div><\/div><figcaption class=\"wp-element-caption\"><a href=\"https:\/\/www.instagram.com\/lovee_brenda\/p\/CcEQGWCrr9S\/\" target=\"_blank\" rel=\"noopener noreferrer nofollow\">\u00a9 lovee_brenda<\/a><\/figcaption><\/figure>\n\n\n\n<p>Para los amantes de la precisi\u00f3n, el corte despuntado es la respuesta. Este estilo elegante es sin\u00f3nimo de l\u00edneas limpias y un acabado pulido. Ideal para el pelo liso, irradia sofisticaci\u00f3n. Es la elecci\u00f3n perfecta para quienes buscan un estilo moderno y definido.<\/p>\n\n\n\n<h2 class=\"wp-block-heading\">6. Lob ondulado<\/h2>\n\n\n\n<figure class=\"wp-block-image\"><div style=\"position: relative;\"><noscript><img decoding=\"async\" src=\"https:\/\/flawlesshair.com\/wp-content\/uploads\/2025\/02\/Wavy-Lob-49.jpg\" alt=\"Lob ondulado\"><\/noscript><img decoding=\"async\" src=\"https:\/\/flawlesshair.com\/wp-content\/uploads\/2025\/02\/Wavy-Lob-49.jpg\" alt=\"Lob ondulado\" width=\"300\" height=\"300\" id=\"mv-trellis-img-6\" loading=\"lazy\" class=\"lazyload\" data-trellis-processed=\"1\"><div style=\"position: absolute; top: 0.5rem; right: 0.75rem;\"> <a href=\"https:\/\/www.pinterest.com\/pin\/create\/button\/\" data-pin-do=\"buttonPin\" data-pin-tall=\"true\" data-pin-url=\"https:\/\/flawlesshair.com\/es\/el-auge-de-los-cortes-de-longitud-media\/\" data-pin-media=\"https:\/\/flawlesshair.com\/wp-content\/uploads\/2025\/02\/Wavy-Lob-49.jpg\" data-pin-description=\"The Rise Of Medium-Length Cuts: The Hair Trend Of Spring 2025\" rel=\"nofollow noopener\" target=\"_blank\"> <\/a><\/div><\/div><figcaption class=\"wp-element-caption\"><a href=\"https:\/\/www.instagram.com\/slickback_buttahtoast\/p\/CaiBUB5vKnI\/\" target=\"_blank\" rel=\"noopener noreferrer nofollow\">\u00a9 slickback_buttahtoast<\/a><\/figcaption><\/figure>\n\n\n\n<p>Disfruta de la textura natural con un mech\u00f3n ondulado. Los suaves rizos aportan cuerpo y movimiento, creando un look fresco y lleno de vida. Este corte funciona de maravilla con reflejos sutiles, realzando las ondas. Es perfecto para lucir una belleza natural y un peinado sencillo.<\/p>\n\n\n\n<h2 class=\"wp-block-heading\">7. Media melena a capas con flequillo<\/h2>\n\n\n\n<figure class=\"wp-block-image\"><div style=\"position: relative;\"><noscript><img decoding=\"async\" src=\"https:\/\/flawlesshair.com\/wp-content\/uploads\/2025\/02\/Layered-Mid-Length-with-Fringe.jpg\" alt=\"Media melena a capas con flecos\"><\/noscript><img decoding=\"async\" src=\"https:\/\/flawlesshair.com\/wp-content\/uploads\/2025\/02\/Layered-Mid-Length-with-Fringe.jpg\" alt=\"Media melena a capas con flecos\" width=\"300\" height=\"300\" id=\"mv-trellis-img-7\" loading=\"lazy\" class=\"lazyload\" data-trellis-processed=\"1\"><div style=\"position: absolute; top: 0.5rem; right: 0.75rem;\"> <a href=\"https:\/\/www.pinterest.com\/pin\/create\/button\/\" data-pin-do=\"buttonPin\" data-pin-tall=\"true\" data-pin-url=\"https:\/\/flawlesshair.com\/es\/el-auge-de-los-cortes-de-longitud-media\/\" data-pin-media=\"https:\/\/flawlesshair.com\/wp-content\/uploads\/2025\/02\/Layered-Mid-Length-with-Fringe.jpg\" data-pin-description=\"The Rise Of Medium-Length Cuts: The Hair Trend Of Spring 2025\" rel=\"nofollow noopener\" target=\"_blank\"> <\/a><\/div><\/div><figcaption class=\"wp-element-caption\"><a href=\"https:\/\/www.instagram.com\/mastersofbalayage\/p\/C4jqzalgfHL\/\" target=\"_blank\" rel=\"noopener noreferrer nofollow\">\u00a9 mastersofbalayage<\/a><\/figcaption><\/figure>\n\n\n\n<p>Un corte a capas de longitud media con flequillo aporta sofisticaci\u00f3n y diversi\u00f3n. El flequillo suaviza el rostro, mientras que las capas aumentan el volumen. Este estilo ofrece versatilidad, permitiendo looks tanto informales como formales. Ideal para quienes desean experimentar con texturas y formas.<\/p>\n\n\n\n<h2 class=\"wp-block-heading\">8. Bob elegante<\/h2>\n\n\n\n<figure class=\"wp-block-image\"><div style=\"position: relative;\"><noscript><img decoding=\"async\" src=\"https:\/\/flawlesshair.com\/wp-content\/uploads\/2025\/02\/Sleek-Bob-35.jpg\" alt=\"Bob elegante\"><\/noscript><img decoding=\"async\" src=\"https:\/\/flawlesshair.com\/wp-content\/uploads\/2025\/02\/Sleek-Bob-35.jpg\" alt=\"Bob elegante\" width=\"300\" height=\"300\" id=\"mv-trellis-img-8\" loading=\"lazy\" class=\"lazyload\" data-trellis-processed=\"1\"><div style=\"position: absolute; top: 0.5rem; right: 0.75rem;\"> <a href=\"https:\/\/www.pinterest.com\/pin\/create\/button\/\" data-pin-do=\"buttonPin\" data-pin-tall=\"true\" data-pin-url=\"https:\/\/flawlesshair.com\/es\/el-auge-de-los-cortes-de-longitud-media\/\" data-pin-media=\"https:\/\/flawlesshair.com\/wp-content\/uploads\/2025\/02\/Sleek-Bob-35.jpg\" data-pin-description=\"The Rise Of Medium-Length Cuts: The Hair Trend Of Spring 2025\" rel=\"nofollow noopener\" target=\"_blank\"> <\/a><\/div><\/div><figcaption class=\"wp-element-caption\"><a href=\"https:\/\/www.instagram.com\/shornladies\/p\/CJrqOP7H3kd\/\" target=\"_blank\" rel=\"noopener noreferrer nofollow\">\u00a9 shornladies<\/a><\/figcaption><\/figure>\n\n\n\n<p>El corte recto es la personificaci\u00f3n de la elegancia moderna. Brillante y liso, ofrece un aspecto refinado y pulido. Es ideal para las que tienen el pelo liso por naturaleza y resalta los rasgos faciales con belleza. Es un peinado chic para cualquier ocasi\u00f3n.<\/p>\n\n\n\n<h2 class=\"wp-block-heading\">9. Corte asim\u00e9trico<\/h2>\n\n\n\n<figure class=\"wp-block-image\"><div style=\"position: relative;\"><noscript><img decoding=\"async\" src=\"https:\/\/flawlesshair.com\/wp-content\/uploads\/2025\/02\/Asymmetrical-Cut-47.jpg\" alt=\"Corte asim\u00e9trico\"><\/noscript><img decoding=\"async\" src=\"https:\/\/flawlesshair.com\/wp-content\/uploads\/2025\/02\/Asymmetrical-Cut-47.jpg\" alt=\"Corte asim\u00e9trico\" width=\"300\" height=\"300\" id=\"mv-trellis-img-9\" loading=\"lazy\" class=\"lazyload\" data-trellis-processed=\"1\"><div style=\"position: absolute; top: 0.5rem; right: 0.75rem;\"> <a href=\"https:\/\/www.pinterest.com\/pin\/create\/button\/\" data-pin-do=\"buttonPin\" data-pin-tall=\"true\" data-pin-url=\"https:\/\/flawlesshair.com\/es\/el-auge-de-los-cortes-de-longitud-media\/\" data-pin-media=\"https:\/\/flawlesshair.com\/wp-content\/uploads\/2025\/02\/Asymmetrical-Cut-47.jpg\" data-pin-description=\"The Rise Of Medium-Length Cuts: The Hair Trend Of Spring 2025\" rel=\"nofollow noopener\" target=\"_blank\"> <\/a><\/div><\/div><figcaption class=\"wp-element-caption\"><a href=\"https:\/\/www.instagram.com\/poojacoofficial\/p\/Cwm7ZZDRm9l\/\" target=\"_blank\" rel=\"noopener noreferrer nofollow\">poojacoofficial<\/a><\/figcaption><\/figure>\n\n\n\n<p>Atr\u00e9vete a ser diferente con un corte asim\u00e9trico. Este estilo presenta longitudes desiguales, creando un estilo atrevido. Perfecto para quienes les gusta destacar, combina bien con colores llamativos. Una elecci\u00f3n atrevida para quienes est\u00e1n dispuestas a abrazar su individualidad.<\/p>\n\n\n\n<h2 class=\"wp-block-heading\">10. Corte medio rizado<\/h2>\n\n\n\n<figure class=\"wp-block-image\"><div style=\"position: relative;\"><noscript><img decoding=\"async\" src=\"https:\/\/flawlesshair.com\/wp-content\/uploads\/2025\/02\/Medium-Curly-Cut.jpg\" alt=\"Corte medio rizado\"><\/noscript><img decoding=\"async\" src=\"https:\/\/flawlesshair.com\/wp-content\/uploads\/2025\/02\/Medium-Curly-Cut.jpg\" alt=\"Corte medio rizado\" width=\"300\" height=\"300\" id=\"mv-trellis-img-10\" loading=\"lazy\" class=\"lazyload\" data-trellis-processed=\"1\"><div style=\"position: absolute; top: 0.5rem; right: 0.75rem;\"> <a href=\"https:\/\/www.pinterest.com\/pin\/create\/button\/\" data-pin-do=\"buttonPin\" data-pin-tall=\"true\" data-pin-url=\"https:\/\/flawlesshair.com\/es\/el-auge-de-los-cortes-de-longitud-media\/\" data-pin-media=\"https:\/\/flawlesshair.com\/wp-content\/uploads\/2025\/02\/Medium-Curly-Cut.jpg\" data-pin-description=\"The Rise Of Medium-Length Cuts: The Hair Trend Of Spring 2025\" rel=\"nofollow noopener\" target=\"_blank\"> <\/a><\/div><\/div><figcaption class=\"wp-element-caption\"><a href=\"https:\/\/www.instagram.com\/brendacurlstylist\/p\/C4n5X0MrOSR\/\" target=\"_blank\" rel=\"noopener noreferrer nofollow\">\u00a9 brendacurlstylist<\/a><\/figcaption><\/figure>\n\n\n\n<p>Celebra los rizos con un corte de longitud media. Los rizos el\u00e1sticos ofrecen rebote y vitalidad, haciendo que este estilo sea vivo y divertido. Ideal para rizos naturales, realza su belleza. Una opci\u00f3n maravillosa para quienes desean lucir sus rizos con confianza y estilo.<\/p>\n\n\n\n<h2 class=\"wp-block-heading\">11. Lob saltar\u00edn<\/h2>\n\n\n\n<figure class=\"wp-block-image\"><div style=\"position: relative;\"><noscript><img decoding=\"async\" src=\"https:\/\/flawlesshair.com\/wp-content\/uploads\/2025\/02\/Bouncy-Lob-4.jpg\" alt=\"Lob rebotador\"><\/noscript><img decoding=\"async\" src=\"https:\/\/flawlesshair.com\/wp-content\/uploads\/2025\/02\/Bouncy-Lob-4.jpg\" alt=\"Lob rebotador\" width=\"300\" height=\"300\" id=\"mv-trellis-img-11\" loading=\"lazy\" class=\"lazyload\" data-trellis-processed=\"1\"><div style=\"position: absolute; top: 0.5rem; right: 0.75rem;\"> <a href=\"https:\/\/www.pinterest.com\/pin\/create\/button\/\" data-pin-do=\"buttonPin\" data-pin-tall=\"true\" data-pin-url=\"https:\/\/flawlesshair.com\/es\/el-auge-de-los-cortes-de-longitud-media\/\" data-pin-media=\"https:\/\/flawlesshair.com\/wp-content\/uploads\/2025\/02\/Bouncy-Lob-4.jpg\" data-pin-description=\"The Rise Of Medium-Length Cuts: The Hair Trend Of Spring 2025\" rel=\"nofollow noopener\" target=\"_blank\"> <\/a><\/div><\/div><figcaption class=\"wp-element-caption\"><a href=\"https:\/\/www.instagram.com\/graciehairco\/p\/B7rJGnsA4uv\/\" target=\"_blank\" rel=\"noopener noreferrer nofollow\">\u00a9 graciehairco<\/a><\/figcaption><\/figure>\n\n\n\n<p>El lob es sin\u00f3nimo de volumen y energ\u00eda. Las ondas voluminosas aportan vida y movimiento al cabello. Es una opci\u00f3n divertida pero sofisticada para quienes buscan un look din\u00e1mico. Las mechas brillantes realzan la vitalidad y hacen que cada d\u00eda parezca una celebraci\u00f3n.<\/p>\n\n\n\n<h2 class=\"wp-block-heading\">12. Capas de plumas<\/h2>\n\n\n\n<figure class=\"wp-block-image\"><div style=\"position: relative;\"><noscript><img decoding=\"async\" src=\"https:\/\/flawlesshair.com\/wp-content\/uploads\/2025\/02\/Feathered-Layers-154.jpg\" alt=\"Capas de plumas\"><\/noscript><img decoding=\"async\" src=\"https:\/\/flawlesshair.com\/wp-content\/uploads\/2025\/02\/Feathered-Layers-154.jpg\" alt=\"Capas de plumas\" width=\"300\" height=\"300\" id=\"mv-trellis-img-12\" loading=\"lazy\" class=\"lazyload\" data-trellis-processed=\"1\"><div style=\"position: absolute; top: 0.5rem; right: 0.75rem;\"> <a href=\"https:\/\/www.pinterest.com\/pin\/create\/button\/\" data-pin-do=\"buttonPin\" data-pin-tall=\"true\" data-pin-url=\"https:\/\/flawlesshair.com\/es\/el-auge-de-los-cortes-de-longitud-media\/\" data-pin-media=\"https:\/\/flawlesshair.com\/wp-content\/uploads\/2025\/02\/Feathered-Layers-154.jpg\" data-pin-description=\"The Rise Of Medium-Length Cuts: The Hair Trend Of Spring 2025\" rel=\"nofollow noopener\" target=\"_blank\"> <\/a><\/div><\/div><figcaption class=\"wp-element-caption\"><a href=\"https:\/\/www.instagram.com\/supercuts\/p\/Cu7s63ASsgX\/\" target=\"_blank\" rel=\"noopener noreferrer nofollow\">\u00a9 supercuts<\/a><\/figcaption><\/figure>\n\n\n\n<p>Las capas de plumas crean una silueta suave y fluida. Este peinado aporta ligereza y movimiento, perfecto para un look elegante. Es ideal para quienes tienen el cabello grueso, ya que ofrece un acabado estructurado pero suave. Una elecci\u00f3n cl\u00e1sica para un look elegante y atemporal.<\/p>\n\n\n\n<h2 class=\"wp-block-heading\">13. Flequillo recortado con rizo<\/h2>\n\n\n\n<figure class=\"wp-block-image\"><div style=\"position: relative;\"><noscript><img decoding=\"async\" src=\"https:\/\/flawlesshair.com\/wp-content\/uploads\/2025\/02\/Choppy-Bangs-with-Lob.jpg\" alt=\"Flequillo recortado con mech\u00f3n\"><\/noscript><img decoding=\"async\" src=\"https:\/\/flawlesshair.com\/wp-content\/uploads\/2025\/02\/Choppy-Bangs-with-Lob.jpg\" alt=\"Flequillo recortado con mech\u00f3n\" width=\"300\" height=\"300\" id=\"mv-trellis-img-13\" loading=\"lazy\" class=\"lazyload\" data-trellis-processed=\"1\"><div style=\"position: absolute; top: 0.5rem; right: 0.75rem;\"> <a href=\"https:\/\/www.pinterest.com\/pin\/create\/button\/\" data-pin-do=\"buttonPin\" data-pin-tall=\"true\" data-pin-url=\"https:\/\/flawlesshair.com\/es\/el-auge-de-los-cortes-de-longitud-media\/\" data-pin-media=\"https:\/\/flawlesshair.com\/wp-content\/uploads\/2025\/02\/Choppy-Bangs-with-Lob.jpg\" data-pin-description=\"The Rise Of Medium-Length Cuts: The Hair Trend Of Spring 2025\" rel=\"nofollow noopener\" target=\"_blank\"> <\/a><\/div><\/div><figcaption class=\"wp-element-caption\"><a href=\"https:\/\/www.instagram.com\/yukistylist\/p\/Cp8I-CdpWWm\/\" target=\"_blank\" rel=\"noopener noreferrer nofollow\">\u00a9 yukistylist<\/a><\/figcaption><\/figure>\n\n\n\n<p>Combina un flequillo entrecortado con un corte lob para estar a la \u00faltima. Este peinado da un toque divertido al tradicional recogido, con un flequillo que le aporta car\u00e1cter. Es una opci\u00f3n moderna para quienes desean causar una impresi\u00f3n impactante. Ideal para dar un toque juvenil y en\u00e9rgico.<\/p>\n\n\n\n<h2 class=\"wp-block-heading\">14. Largo hasta los hombros con ondas<\/h2>\n\n\n\n<figure class=\"wp-block-image\"><div style=\"position: relative;\"><noscript><img decoding=\"async\" src=\"https:\/\/flawlesshair.com\/wp-content\/uploads\/2025\/02\/Shoulder-Length-with-Waves.jpg\" alt=\"Largo hasta los hombros con ondas\"><\/noscript><img decoding=\"async\" src=\"https:\/\/flawlesshair.com\/wp-content\/uploads\/2025\/02\/Shoulder-Length-with-Waves.jpg\" alt=\"Largo hasta los hombros con ondas\" width=\"300\" height=\"300\" id=\"mv-trellis-img-14\" loading=\"lazy\" class=\"lazyload\" data-trellis-processed=\"1\"><div style=\"position: absolute; top: 0.5rem; right: 0.75rem;\"> <a href=\"https:\/\/www.pinterest.com\/pin\/create\/button\/\" data-pin-do=\"buttonPin\" data-pin-tall=\"true\" data-pin-url=\"https:\/\/flawlesshair.com\/es\/el-auge-de-los-cortes-de-longitud-media\/\" data-pin-media=\"https:\/\/flawlesshair.com\/wp-content\/uploads\/2025\/02\/Shoulder-Length-with-Waves.jpg\" data-pin-description=\"The Rise Of Medium-Length Cuts: The Hair Trend Of Spring 2025\" rel=\"nofollow noopener\" target=\"_blank\"> <\/a><\/div><\/div><figcaption class=\"wp-element-caption\"><a href=\"https:\/\/www.instagram.com\/jke.studio.hair\/p\/Cbglr3frUEY\/\" target=\"_blank\" rel=\"noopener noreferrer nofollow\">\u00a9 jke.studio.hair<\/a><\/figcaption><\/figure>\n\n\n\n<p>La melena hasta los hombros con ondas ofrece un aire relajado y playero. Las suaves ondas enmarcan el rostro, realzando la belleza natural. Es un peinado que requiere poco mantenimiento y es perfecto para el d\u00eda a d\u00eda. Adopta un look despreocupado y bronceado con esta opci\u00f3n desenfadada.<\/p>\n\n\n\n<h2 class=\"wp-block-heading\">15. Corte despeinado a media melena<\/h2>\n\n\n\n<figure class=\"wp-block-image\"><div style=\"position: relative;\"><noscript><img decoding=\"async\" src=\"https:\/\/flawlesshair.com\/wp-content\/uploads\/2025\/02\/Tousled-Mid-Length-Cut.jpg\" alt=\"Corte despeinado a media melena\"><\/noscript><img decoding=\"async\" src=\"https:\/\/flawlesshair.com\/wp-content\/uploads\/2025\/02\/Tousled-Mid-Length-Cut.jpg\" alt=\"Corte despeinado a media melena\" width=\"300\" height=\"300\" id=\"mv-trellis-img-15\" loading=\"lazy\" class=\"lazyload\" data-trellis-processed=\"1\"><div style=\"position: absolute; top: 0.5rem; right: 0.75rem;\"> <a href=\"https:\/\/www.pinterest.com\/pin\/create\/button\/\" data-pin-do=\"buttonPin\" data-pin-tall=\"true\" data-pin-url=\"https:\/\/flawlesshair.com\/es\/el-auge-de-los-cortes-de-longitud-media\/\" data-pin-media=\"https:\/\/flawlesshair.com\/wp-content\/uploads\/2025\/02\/Tousled-Mid-Length-Cut.jpg\" data-pin-description=\"The Rise Of Medium-Length Cuts: The Hair Trend Of Spring 2025\" rel=\"nofollow noopener\" target=\"_blank\"> <\/a><\/div><\/div><figcaption class=\"wp-element-caption\"><a href=\"https:\/\/www.instagram.com\/londonhaircut\/reel\/DEjpjEztfRF\/\" target=\"_blank\" rel=\"noopener noreferrer nofollow\">\u00a9 londonhaircut<\/a><\/figcaption><\/figure>\n\n\n\n<p>Un corte despeinado a media melena que ofrece un estilo chic sin esfuerzo. Ligeramente despeinado y con un aire desenfadado, es perfecto para las amantes de los peinados que requieren poco mantenimiento. Este corte a\u00f1ade textura y volumen, ideal para un aspecto relajado pero elegante. Disfruta de la belleza de la imperfecci\u00f3n natural.<\/p>\n\n\n\n<h2 class=\"wp-block-heading\">16. Lob angulado<\/h2>\n\n\n\n<figure class=\"wp-block-image\"><div style=\"position: relative;\"><noscript><img decoding=\"async\" src=\"https:\/\/flawlesshair.com\/wp-content\/uploads\/2025\/02\/Angled-Lob-8.jpg\" alt=\"Lob en \u00e1ngulo\"><\/noscript><img decoding=\"async\" src=\"https:\/\/flawlesshair.com\/wp-content\/uploads\/2025\/02\/Angled-Lob-8.jpg\" alt=\"Lob en \u00e1ngulo\" width=\"300\" height=\"300\" id=\"mv-trellis-img-16\" loading=\"lazy\" class=\"lazyload\" data-trellis-processed=\"1\"><div style=\"position: absolute; top: 0.5rem; right: 0.75rem;\"> <a href=\"https:\/\/www.pinterest.com\/pin\/create\/button\/\" data-pin-do=\"buttonPin\" data-pin-tall=\"true\" data-pin-url=\"https:\/\/flawlesshair.com\/es\/el-auge-de-los-cortes-de-longitud-media\/\" data-pin-media=\"https:\/\/flawlesshair.com\/wp-content\/uploads\/2025\/02\/Angled-Lob-8.jpg\" data-pin-description=\"The Rise Of Medium-Length Cuts: The Hair Trend Of Spring 2025\" rel=\"nofollow noopener\" target=\"_blank\"> <\/a><\/div><\/div><figcaption class=\"wp-element-caption\"><a href=\"https:\/\/www.instagram.com\/hairby_lindseysisk\/p\/C2v0cZZA4Oo\/\" target=\"_blank\" rel=\"noopener noreferrer nofollow\">\u00a9 hairby_lindseysisk<\/a><\/figcaption><\/figure>\n\n\n\n<p>El corte angular es elegante y contempor\u00e1neo. Con la parte delantera m\u00e1s larga y la trasera m\u00e1s corta, crea una silueta din\u00e1mica. Es perfecto para quienes buscan un look atrevido pero pulido. Este corte es vers\u00e1til y ofrece opciones de estilo tanto profesionales como informales.<\/p>\n\n\n\n<h2 class=\"wp-block-heading\">17. Rizos suaves y flequillo<\/h2>\n\n\n\n<figure class=\"wp-block-image\"><div style=\"position: relative;\"><noscript><img decoding=\"async\" src=\"https:\/\/flawlesshair.com\/wp-content\/uploads\/2025\/02\/Soft-Curls-and-Bangs.jpg\" alt=\"Rizos suaves y flequillo\"><\/noscript><img decoding=\"async\" src=\"https:\/\/flawlesshair.com\/wp-content\/uploads\/2025\/02\/Soft-Curls-and-Bangs.jpg\" alt=\"Rizos suaves y flequillo\" width=\"300\" height=\"300\" id=\"mv-trellis-img-17\" loading=\"lazy\" class=\"lazyload\" data-trellis-processed=\"1\"><div style=\"position: absolute; top: 0.5rem; right: 0.75rem;\"> <a href=\"https:\/\/www.pinterest.com\/pin\/create\/button\/\" data-pin-do=\"buttonPin\" data-pin-tall=\"true\" data-pin-url=\"https:\/\/flawlesshair.com\/es\/el-auge-de-los-cortes-de-longitud-media\/\" data-pin-media=\"https:\/\/flawlesshair.com\/wp-content\/uploads\/2025\/02\/Soft-Curls-and-Bangs.jpg\" data-pin-description=\"The Rise Of Medium-Length Cuts: The Hair Trend Of Spring 2025\" rel=\"nofollow noopener\" target=\"_blank\"> <\/a><\/div><\/div><figcaption class=\"wp-element-caption\"><a href=\"https:\/\/www.instagram.com\/divinecurlz\/p\/C3l0k-oL784\/\" target=\"_blank\" rel=\"noopener noreferrer nofollow\">\u00a9 divinecurlz<\/a><\/figcaption><\/figure>\n\n\n\n<p>Los rizos suaves combinados con el flequillo ofrecen un estilo encantador y juvenil. La combinaci\u00f3n enmarca el rostro con belleza a la vez que a\u00f1ade dimensi\u00f3n. Ideal para quienes tienen el pelo naturalmente rizado u ondulado, este look es a la vez alegre y elegante. Una elecci\u00f3n perfecta para dar un aire fresco a la primavera.<\/p>\n\n\n\n<h2 class=\"wp-block-heading\">18. Recto Largo Medio<\/h2>\n\n\n\n<figure class=\"wp-block-image\"><div style=\"position: relative;\"><noscript><img decoding=\"async\" src=\"https:\/\/flawlesshair.com\/wp-content\/uploads\/2025\/02\/Straight-Mid-Length.jpg\" alt=\"Recto Longitud Media\"><\/noscript><img decoding=\"async\" src=\"https:\/\/flawlesshair.com\/wp-content\/uploads\/2025\/02\/Straight-Mid-Length.jpg\" alt=\"Recto Longitud Media\" width=\"300\" height=\"300\" id=\"mv-trellis-img-18\" loading=\"lazy\" class=\"lazyload\" data-trellis-processed=\"1\"><div style=\"position: absolute; top: 0.5rem; right: 0.75rem;\"> <a href=\"https:\/\/www.pinterest.com\/pin\/create\/button\/\" data-pin-do=\"buttonPin\" data-pin-tall=\"true\" data-pin-url=\"https:\/\/flawlesshair.com\/es\/el-auge-de-los-cortes-de-longitud-media\/\" data-pin-media=\"https:\/\/flawlesshair.com\/wp-content\/uploads\/2025\/02\/Straight-Mid-Length.jpg\" data-pin-description=\"The Rise Of Medium-Length Cuts: The Hair Trend Of Spring 2025\" rel=\"nofollow noopener\" target=\"_blank\"> <\/a><\/div><\/div><figcaption class=\"wp-element-caption\"><a href=\"https:\/\/www.instagram.com\/alexusestellehair\/p\/CBeiHypA3IU\/\" target=\"_blank\" rel=\"noopener noreferrer nofollow\">\u00a9 alexusestellehair<\/a><\/figcaption><\/figure>\n\n\n\n<p>Un corte recto a media melena irradia elegancia atemporal. Liso y brillante, es perfecto para las amantes de la sencillez y la sofisticaci\u00f3n. Este estilo resalta el brillo y la estructura natural del cabello, por lo que es ideal para ocasiones formales. Una elecci\u00f3n cl\u00e1sica para cualquier armario.<\/p>\n\n\n\n<h2 class=\"wp-block-heading\">19. Ondas desordenadas<\/h2>\n\n\n\n<figure class=\"wp-block-image\"><div style=\"position: relative;\"><noscript><img decoding=\"async\" src=\"https:\/\/flawlesshair.com\/wp-content\/uploads\/2025\/02\/Messy-Waves-8.jpg\" alt=\"Ondas desordenadas\"><\/noscript><img decoding=\"async\" src=\"https:\/\/flawlesshair.com\/wp-content\/uploads\/2025\/02\/Messy-Waves-8.jpg\" alt=\"Ondas desordenadas\" width=\"300\" height=\"300\" id=\"mv-trellis-img-19\" loading=\"lazy\" class=\"lazyload\" data-trellis-processed=\"1\"><div style=\"position: absolute; top: 0.5rem; right: 0.75rem;\"> <a href=\"https:\/\/www.pinterest.com\/pin\/create\/button\/\" data-pin-do=\"buttonPin\" data-pin-tall=\"true\" data-pin-url=\"https:\/\/flawlesshair.com\/es\/el-auge-de-los-cortes-de-longitud-media\/\" data-pin-media=\"https:\/\/flawlesshair.com\/wp-content\/uploads\/2025\/02\/Messy-Waves-8.jpg\" data-pin-description=\"The Rise Of Medium-Length Cuts: The Hair Trend Of Spring 2025\" rel=\"nofollow noopener\" target=\"_blank\"> <\/a><\/div><\/div><figcaption class=\"wp-element-caption\"><a href=\"https:\/\/www.instagram.com\/nikkiatcapelli\/p\/Cze5cc-JO_8\/\" target=\"_blank\" rel=\"noopener noreferrer nofollow\">\u00a9 nikkiatcapelli<\/a><\/figcaption><\/figure>\n\n\n\n<p>Las ondas desordenadas capturan un esp\u00edritu despreocupado. Perfecto para un look bohemio, este estilo ofrece textura y movimiento. Es ideal para las que prefieren un estilo desenfadado. F\u00e1cil de conseguir y mantener, es ideal para festivales o salidas informales.<\/p>\n\n\n\n<h2 class=\"wp-block-heading\">20. Flequillo con Bob a capas<\/h2>\n\n\n\n<figure class=\"wp-block-image\"><div style=\"position: relative;\"><noscript><img decoding=\"async\" src=\"https:\/\/flawlesshair.com\/wp-content\/uploads\/2025\/02\/Fringe-with-Layered-Bob.jpg\" alt=\"Flequillo con Bob a capas\"><\/noscript><img decoding=\"async\" src=\"https:\/\/flawlesshair.com\/wp-content\/uploads\/2025\/02\/Fringe-with-Layered-Bob.jpg\" alt=\"Flequillo con Bob a capas\" width=\"300\" height=\"300\" id=\"mv-trellis-img-20\" loading=\"lazy\" class=\"lazyload\" data-trellis-processed=\"1\"><div style=\"position: absolute; top: 0.5rem; right: 0.75rem;\"> <a href=\"https:\/\/www.pinterest.com\/pin\/create\/button\/\" data-pin-do=\"buttonPin\" data-pin-tall=\"true\" data-pin-url=\"https:\/\/flawlesshair.com\/es\/el-auge-de-los-cortes-de-longitud-media\/\" data-pin-media=\"https:\/\/flawlesshair.com\/wp-content\/uploads\/2025\/02\/Fringe-with-Layered-Bob.jpg\" data-pin-description=\"The Rise Of Medium-Length Cuts: The Hair Trend Of Spring 2025\" rel=\"nofollow noopener\" target=\"_blank\"> <\/a><\/div><\/div><figcaption class=\"wp-element-caption\"><a href=\"https:\/\/www.instagram.com\/sami.hair\/p\/C0mTmZQrUPW\/\" target=\"_blank\" rel=\"noopener noreferrer nofollow\">\u00a9 sami.hair<\/a><\/figcaption><\/figure>\n\n\n\n<p>Los flecos combinados con un corte recto a capas aportan un toque chic y elegante. Las capas a\u00f1aden textura, mientras que el flequillo crea un aspecto juvenil. Es un corte vers\u00e1til que combina bien con varios tipos de cabello. Perfecto para quienes buscan un look moderno y actual.<\/p>\n\n\n\n<h2 class=\"wp-block-heading\">21. Media melena con balayage<\/h2>\n\n\n\n<figure class=\"wp-block-image\"><div style=\"position: relative;\"><noscript><img decoding=\"async\" src=\"https:\/\/flawlesshair.com\/wp-content\/uploads\/2025\/02\/Medium-Length-with-Balayage-1.jpg\" alt=\"Media Longitud con Balayage\"><\/noscript><img decoding=\"async\" src=\"https:\/\/flawlesshair.com\/wp-content\/uploads\/2025\/02\/Medium-Length-with-Balayage-1.jpg\" alt=\"Media Longitud con Balayage\" width=\"300\" height=\"300\" id=\"mv-trellis-img-21\" loading=\"lazy\" class=\"lazyload\" data-trellis-processed=\"1\"><div style=\"position: absolute; top: 0.5rem; right: 0.75rem;\"> <a href=\"https:\/\/www.pinterest.com\/pin\/create\/button\/\" data-pin-do=\"buttonPin\" data-pin-tall=\"true\" data-pin-url=\"https:\/\/flawlesshair.com\/es\/el-auge-de-los-cortes-de-longitud-media\/\" data-pin-media=\"https:\/\/flawlesshair.com\/wp-content\/uploads\/2025\/02\/Medium-Length-with-Balayage-1.jpg\" data-pin-description=\"The Rise Of Medium-Length Cuts: The Hair Trend Of Spring 2025\" rel=\"nofollow noopener\" target=\"_blank\"> <\/a><\/div><\/div><figcaption class=\"wp-element-caption\"><a href=\"https:\/\/www.instagram.com\/balayageinspo\/p\/C9-Hq9DR0P0\/\" target=\"_blank\" rel=\"noopener noreferrer nofollow\">\u00a9 balayageinspo<\/a><\/figcaption><\/figure>\n\n\n\n<p>El cabello semilargo con mechas balayage crea un efecto besado por el sol. Esta t\u00e9cnica a\u00f1ade profundidad y dimensi\u00f3n, realzando el color natural del cabello. Ideal para quienes buscan iluminar su look sin un cambio dr\u00e1stico. Es un estilo sutil pero llamativo, perfecto para cualquier estaci\u00f3n.<\/p>\n\n\n\n<h2 class=\"wp-block-heading\">22. Lob with Side Part<\/h2>\n\n\n\n<figure class=\"wp-block-image\"><div style=\"position: relative;\"><noscript><img decoding=\"async\" src=\"https:\/\/flawlesshair.com\/wp-content\/uploads\/2025\/02\/Lob-with-Side-Part.jpg\" alt=\"Lob con raya al lado\"><\/noscript><img decoding=\"async\" src=\"https:\/\/flawlesshair.com\/wp-content\/uploads\/2025\/02\/Lob-with-Side-Part.jpg\" alt=\"Lob con raya al lado\" width=\"300\" height=\"300\" id=\"mv-trellis-img-22\" loading=\"lazy\" class=\"lazyload\" data-trellis-processed=\"1\"><div style=\"position: absolute; top: 0.5rem; right: 0.75rem;\"> <a href=\"https:\/\/www.pinterest.com\/pin\/create\/button\/\" data-pin-do=\"buttonPin\" data-pin-tall=\"true\" data-pin-url=\"https:\/\/flawlesshair.com\/es\/el-auge-de-los-cortes-de-longitud-media\/\" data-pin-media=\"https:\/\/flawlesshair.com\/wp-content\/uploads\/2025\/02\/Lob-with-Side-Part.jpg\" data-pin-description=\"The Rise Of Medium-Length Cuts: The Hair Trend Of Spring 2025\" rel=\"nofollow noopener\" target=\"_blank\"> <\/a><\/div><\/div><figcaption class=\"wp-element-caption\"><a href=\"https:\/\/www.instagram.com\/hirohair\/p\/C9vE-uqytvJ\/\" target=\"_blank\" rel=\"noopener noreferrer nofollow\">\u00a9 hirohair<\/a><\/figcaption><\/figure>\n\n\n\n<p>Un lob con raya al lado ofrece un look refinado y pulido. La raya al lado aporta volumen y direcci\u00f3n, realzando los rasgos faciales. Este corte es perfecto para quienes buscan elegancia con el m\u00ednimo esfuerzo. Es una opci\u00f3n vers\u00e1til, ideal tanto para ambientes informales como formales.<\/p>\n\n\n\n<h2 class=\"wp-block-heading\">23. Olas de playa<\/h2>\n\n\n\n<figure class=\"wp-block-image\"><div style=\"position: relative;\"><noscript><img decoding=\"async\" src=\"https:\/\/flawlesshair.com\/wp-content\/uploads\/2025\/02\/Beachy-Waves-60.jpg\" alt=\"Ondas playeras\"><\/noscript><img decoding=\"async\" src=\"https:\/\/flawlesshair.com\/wp-content\/uploads\/2025\/02\/Beachy-Waves-60.jpg\" alt=\"Ondas playeras\" width=\"300\" height=\"300\" id=\"mv-trellis-img-23\" loading=\"lazy\" class=\"lazyload\" data-trellis-processed=\"1\"><div style=\"position: absolute; top: 0.5rem; right: 0.75rem;\"> <a href=\"https:\/\/www.pinterest.com\/pin\/create\/button\/\" data-pin-do=\"buttonPin\" data-pin-tall=\"true\" data-pin-url=\"https:\/\/flawlesshair.com\/es\/el-auge-de-los-cortes-de-longitud-media\/\" data-pin-media=\"https:\/\/flawlesshair.com\/wp-content\/uploads\/2025\/02\/Beachy-Waves-60.jpg\" data-pin-description=\"The Rise Of Medium-Length Cuts: The Hair Trend Of Spring 2025\" rel=\"nofollow noopener\" target=\"_blank\"> <\/a><\/div><\/div><figcaption class=\"wp-element-caption\"><a href=\"https:\/\/www.instagram.com\/official_laneya_grace\/p\/CRxFygaB094\/\" target=\"_blank\" rel=\"noopener noreferrer nofollow\">\u00a9 official_laneya_grace<\/a><\/figcaption><\/figure>\n\n\n\n<p>Las ondas playeras evocan un ambiente relajado y bronceado. Perfecto para las amantes de la esencia despreocupada del oc\u00e9ano, este peinado aporta textura y volumen. Es ideal para los d\u00edas informales o las salidas a la playa, ya que ofrece un look natural y sin esfuerzo. Adopta el esp\u00edritu del verano durante todo el a\u00f1o.<\/p>\n\n\n\n<h2 class=\"wp-block-heading\">24. Flequillo despuntado con capas<\/h2>\n\n\n\n<figure class=\"wp-block-image\"><div style=\"position: relative;\"><noscript><img decoding=\"async\" src=\"https:\/\/flawlesshair.com\/wp-content\/uploads\/2025\/02\/Blunt-Bangs-with-Layers.jpg\" alt=\"Flequillo despuntado con capas\"><\/noscript><img decoding=\"async\" src=\"https:\/\/flawlesshair.com\/wp-content\/uploads\/2025\/02\/Blunt-Bangs-with-Layers.jpg\" alt=\"Flequillo despuntado con capas\" width=\"300\" height=\"300\" id=\"mv-trellis-img-24\" loading=\"lazy\" class=\"lazyload\" data-trellis-processed=\"1\"><div style=\"position: absolute; top: 0.5rem; right: 0.75rem;\"> <a href=\"https:\/\/www.pinterest.com\/pin\/create\/button\/\" data-pin-do=\"buttonPin\" data-pin-tall=\"true\" data-pin-url=\"https:\/\/flawlesshair.com\/es\/el-auge-de-los-cortes-de-longitud-media\/\" data-pin-media=\"https:\/\/flawlesshair.com\/wp-content\/uploads\/2025\/02\/Blunt-Bangs-with-Layers.jpg\" data-pin-description=\"The Rise Of Medium-Length Cuts: The Hair Trend Of Spring 2025\" rel=\"nofollow noopener\" target=\"_blank\"> <\/a><\/div><\/div><figcaption class=\"wp-element-caption\"><a href=\"https:\/\/www.instagram.com\/joecharltonhair\/p\/C9IpuDDRPcp\/\" target=\"_blank\" rel=\"noopener noreferrer nofollow\">joecharltonhair<\/a><\/figcaption><\/figure>\n\n\n\n<p>El flequillo despuntado combinado con capas crea un look atrevido y art\u00edstico. El contraste entre el flequillo afilado y las capas suaves a\u00f1ade intriga. Es un estilo llamativo, perfecto para las que quieren llamar la atenci\u00f3n. Ideal para esp\u00edritus art\u00edsticos que buscan un aspecto \u00fanico y expresivo.<\/p>\n\n\n\n<h2 class=\"wp-block-heading\">25. Media melena con rizos<\/h2>\n\n\n\n<figure class=\"wp-block-image\"><div style=\"position: relative;\"><noscript><img decoding=\"async\" src=\"https:\/\/flawlesshair.com\/wp-content\/uploads\/2025\/02\/Mid-Length-with-Curls.jpg\" alt=\"Media melena con rizos\"><\/noscript><img decoding=\"async\" src=\"https:\/\/flawlesshair.com\/wp-content\/uploads\/2025\/02\/Mid-Length-with-Curls.jpg\" alt=\"Media melena con rizos\" width=\"300\" height=\"300\" id=\"mv-trellis-img-25\" loading=\"lazy\" class=\"lazyload\" data-trellis-processed=\"1\"><div style=\"position: absolute; top: 0.5rem; right: 0.75rem;\"> <a href=\"https:\/\/www.pinterest.com\/pin\/create\/button\/\" data-pin-do=\"buttonPin\" data-pin-tall=\"true\" data-pin-url=\"https:\/\/flawlesshair.com\/es\/el-auge-de-los-cortes-de-longitud-media\/\" data-pin-media=\"https:\/\/flawlesshair.com\/wp-content\/uploads\/2025\/02\/Mid-Length-with-Curls.jpg\" data-pin-description=\"The Rise Of Medium-Length Cuts: The Hair Trend Of Spring 2025\" rel=\"nofollow noopener\" target=\"_blank\"> <\/a><\/div><\/div><figcaption class=\"wp-element-caption\"><a href=\"https:\/\/www.instagram.com\/cutsbynelly\/p\/CpvNy9XukFP\/\" target=\"_blank\" rel=\"noopener noreferrer nofollow\">\u00a9 cutsbynelly<\/a><\/figcaption><\/figure>\n\n\n\n<p>La media melena con rizos es alegre y en\u00e9rgica. Los rizos aportan volumen y vitalidad, creando un estilo alegre y en\u00e9rgico. Este corte es perfecto para quienes tienen rizos naturales, realzando su belleza. Una opci\u00f3n alegre para quienes desean celebrar la textura natural de su cabello.<\/p>\n\n\n\n<h2 class=\"wp-block-heading\">26. Corte a capas con mechas<\/h2>\n\n\n\n<figure class=\"wp-block-image\"><div style=\"position: relative;\"><noscript><img decoding=\"async\" src=\"https:\/\/flawlesshair.com\/wp-content\/uploads\/2025\/02\/Layered-Cut-with-Highlights-3.jpg\" alt=\"Corte a capas con mechas\"><\/noscript><img decoding=\"async\" src=\"https:\/\/flawlesshair.com\/wp-content\/uploads\/2025\/02\/Layered-Cut-with-Highlights-3.jpg\" alt=\"Corte a capas con mechas\" width=\"300\" height=\"300\" id=\"mv-trellis-img-26\" loading=\"lazy\" class=\"lazyload\" data-trellis-processed=\"1\"><div style=\"position: absolute; top: 0.5rem; right: 0.75rem;\"> <a href=\"https:\/\/www.pinterest.com\/pin\/create\/button\/\" data-pin-do=\"buttonPin\" data-pin-tall=\"true\" data-pin-url=\"https:\/\/flawlesshair.com\/es\/el-auge-de-los-cortes-de-longitud-media\/\" data-pin-media=\"https:\/\/flawlesshair.com\/wp-content\/uploads\/2025\/02\/Layered-Cut-with-Highlights-3.jpg\" data-pin-description=\"The Rise Of Medium-Length Cuts: The Hair Trend Of Spring 2025\" rel=\"nofollow noopener\" target=\"_blank\"> <\/a><\/div><\/div><figcaption class=\"wp-element-caption\"><a href=\"https:\/\/www.instagram.com\/nickichestnut\/p\/C5KQ0tDJ0s6\/\" target=\"_blank\" rel=\"noopener noreferrer nofollow\">\u00a9 nickichestnut<\/a><\/figcaption><\/figure>\n\n\n\n<p>Un corte a capas con mechas a\u00f1ade profundidad y vitalidad. Las capas crean movimiento, mientras que las mechas realzan el brillo natural del cabello. Perfecto para quienes buscan a\u00f1adir dimensi\u00f3n sin cambios dr\u00e1sticos. Este estilo es radiante y din\u00e1mico, ideal para ambientes sociales animados.<\/p>\n\n\n\n<h2 class=\"wp-block-heading\">27. Capas onduladas con ombre<\/h2>\n\n\n\n<figure class=\"wp-block-image\"><div style=\"position: relative;\"><noscript><img decoding=\"async\" src=\"https:\/\/flawlesshair.com\/wp-content\/uploads\/2025\/02\/Choppy-Layers-with-Ombre.jpg\" alt=\"Capas onduladas con ombre\"><\/noscript><img decoding=\"async\" src=\"https:\/\/flawlesshair.com\/wp-content\/uploads\/2025\/02\/Choppy-Layers-with-Ombre.jpg\" alt=\"Capas onduladas con ombre\" width=\"300\" height=\"300\" id=\"mv-trellis-img-27\" loading=\"lazy\" class=\"lazyload\" data-trellis-processed=\"1\"><div style=\"position: absolute; top: 0.5rem; right: 0.75rem;\"> <a href=\"https:\/\/www.pinterest.com\/pin\/create\/button\/\" data-pin-do=\"buttonPin\" data-pin-tall=\"true\" data-pin-url=\"https:\/\/flawlesshair.com\/es\/el-auge-de-los-cortes-de-longitud-media\/\" data-pin-media=\"https:\/\/flawlesshair.com\/wp-content\/uploads\/2025\/02\/Choppy-Layers-with-Ombre.jpg\" data-pin-description=\"The Rise Of Medium-Length Cuts: The Hair Trend Of Spring 2025\" rel=\"nofollow noopener\" target=\"_blank\"> <\/a><\/div><\/div><figcaption class=\"wp-element-caption\"><a href=\"https:\/\/www.instagram.com\/daniellabenita\/p\/DCPrWmupfjj\/\" target=\"_blank\" rel=\"noopener noreferrer nofollow\">\u00a9 daniellabenita<\/a><\/figcaption><\/figure>\n\n\n\n<p>Las capas onduladas con ombre crean un look atrevido y moderno. Las capas a\u00f1aden textura, mientras que el ombre proporciona una transici\u00f3n de color llamativa. Ideal para quienes desean destacar, este estilo es din\u00e1mico y moderno. Perfecto para los entusiastas de la moda que buscan un aspecto que marque tendencia.<\/p>\n\n\n\n<h2 class=\"wp-block-heading\">28. Retro Waves<\/h2>\n\n\n\n<figure class=\"wp-block-image\"><div style=\"position: relative;\"><noscript><img decoding=\"async\" src=\"https:\/\/flawlesshair.com\/wp-content\/uploads\/2025\/02\/Retro-Waves-38.jpg\" alt=\"Ondas retro\"><\/noscript><img decoding=\"async\" src=\"https:\/\/flawlesshair.com\/wp-content\/uploads\/2025\/02\/Retro-Waves-38.jpg\" alt=\"Ondas retro\" width=\"300\" height=\"300\" id=\"mv-trellis-img-28\" loading=\"lazy\" class=\"lazyload\" data-trellis-processed=\"1\"><div style=\"position: absolute; top: 0.5rem; right: 0.75rem;\"> <a href=\"https:\/\/www.pinterest.com\/pin\/create\/button\/\" data-pin-do=\"buttonPin\" data-pin-tall=\"true\" data-pin-url=\"https:\/\/flawlesshair.com\/es\/el-auge-de-los-cortes-de-longitud-media\/\" data-pin-media=\"https:\/\/flawlesshair.com\/wp-content\/uploads\/2025\/02\/Retro-Waves-38.jpg\" data-pin-description=\"The Rise Of Medium-Length Cuts: The Hair Trend Of Spring 2025\" rel=\"nofollow noopener\" target=\"_blank\"> <\/a><\/div><\/div><figcaption class=\"wp-element-caption\"><a href=\"https:\/\/www.instagram.com\/jocelynechidiachair\/p\/CNDrkLVhlk0\/\" target=\"_blank\" rel=\"noopener noreferrer nofollow\">\u00a9 jocelynechidiachair<\/a><\/figcaption><\/figure>\n\n\n\n<p>Las ondas retro recuperan el glamour del viejo Hollywood. Las ondas suaves y definidas crean un look elegante y atemporal. Perfecto para eventos formales, este estilo destila sofisticaci\u00f3n. Es ideal para quienes aprecian el encanto vintage y quieren canalizar una \u00e9poca cl\u00e1sica y glamurosa.<\/p>\n\n\n\n<h2 class=\"wp-block-heading\">29. Layered Shag<\/h2>\n\n\n\n<figure class=\"wp-block-image\"><div style=\"position: relative;\"><noscript><img decoding=\"async\" src=\"https:\/\/flawlesshair.com\/wp-content\/uploads\/2025\/02\/Layered-Shag-34.jpg\" alt=\"Shag en capas\"><\/noscript><img decoding=\"async\" src=\"https:\/\/flawlesshair.com\/wp-content\/uploads\/2025\/02\/Layered-Shag-34.jpg\" alt=\"Shag en capas\" width=\"300\" height=\"300\" id=\"mv-trellis-img-29\" loading=\"lazy\" class=\"lazyload\" data-trellis-processed=\"1\"><div style=\"position: absolute; top: 0.5rem; right: 0.75rem;\"> <a href=\"https:\/\/www.pinterest.com\/pin\/create\/button\/\" data-pin-do=\"buttonPin\" data-pin-tall=\"true\" data-pin-url=\"https:\/\/flawlesshair.com\/es\/el-auge-de-los-cortes-de-longitud-media\/\" data-pin-media=\"https:\/\/flawlesshair.com\/wp-content\/uploads\/2025\/02\/Layered-Shag-34.jpg\" data-pin-description=\"The Rise Of Medium-Length Cuts: The Hair Trend Of Spring 2025\" rel=\"nofollow noopener\" target=\"_blank\"> <\/a><\/div><\/div><figcaption class=\"wp-element-caption\"><a href=\"https:\/\/www.instagram.com\/rachelwstylist\/p\/CyllVAXubkV\/\" target=\"_blank\" rel=\"noopener noreferrer nofollow\">\u00a9 rachelwstylist<\/a><\/figcaption><\/figure>\n\n\n\n<p>El shag a capas combina la elegancia con el volumen. Este estilo es perfecto para quienes desean un look moderno y desenfadado. Las capas a\u00f1aden textura, por lo que es ideal para cualquier tipo de cabello. Es una opci\u00f3n atrevida para quienes desean mostrar su estilo \u00fanico con confianza.<\/p>\n\n\n\n<h2 class=\"wp-block-heading\">30. Extremos volteados<\/h2>\n\n\n\n<figure class=\"wp-block-image\"><div style=\"position: relative;\"><noscript><img decoding=\"async\" src=\"https:\/\/flawlesshair.com\/wp-content\/uploads\/2025\/02\/Flipped-Ends-25.jpg\" alt=\"Extremos volteados\"><\/noscript><img decoding=\"async\" src=\"https:\/\/flawlesshair.com\/wp-content\/uploads\/2025\/02\/Flipped-Ends-25.jpg\" alt=\"Extremos volteados\" width=\"300\" height=\"300\" id=\"mv-trellis-img-30\" loading=\"lazy\" class=\"lazyload\" data-trellis-processed=\"1\"><div style=\"position: absolute; top: 0.5rem; right: 0.75rem;\"> <a href=\"https:\/\/www.pinterest.com\/pin\/create\/button\/\" data-pin-do=\"buttonPin\" data-pin-tall=\"true\" data-pin-url=\"https:\/\/flawlesshair.com\/es\/el-auge-de-los-cortes-de-longitud-media\/\" data-pin-media=\"https:\/\/flawlesshair.com\/wp-content\/uploads\/2025\/02\/Flipped-Ends-25.jpg\" data-pin-description=\"The Rise Of Medium-Length Cuts: The Hair Trend Of Spring 2025\" rel=\"nofollow noopener\" target=\"_blank\"> <\/a><\/div><\/div><figcaption class=\"wp-element-caption\"><a href=\"https:\/\/www.instagram.com\/touchedbytashamac\/p\/C7CF83cOzjI\/\" target=\"_blank\" rel=\"noopener noreferrer nofollow\">\u00a9 touchedbytashamac<\/a><\/figcaption><\/figure>\n\n\n\n<p>Las puntas volteadas aportan un toque alegre y animado a la media melena. Este estilo revive un aire nost\u00e1lgico, perfecto para las amantes de los detalles juguetones. Es ideal para a\u00f1adir un elemento divertido a los estilos cotidianos. Una elecci\u00f3n encantadora para cualquiera que busque elevar su look.<\/p>\n\n\n\n<h2 class=\"wp-block-heading\">31. Textura natural con capas<\/h2>\n\n\n\n<figure class=\"wp-block-image\"><div style=\"position: relative;\"><noscript><img decoding=\"async\" src=\"https:\/\/flawlesshair.com\/wp-content\/uploads\/2025\/02\/Natural-Texture-with-Layers.jpg\" alt=\"Textura natural con capas\"><\/noscript><img decoding=\"async\" src=\"https:\/\/flawlesshair.com\/wp-content\/uploads\/2025\/02\/Natural-Texture-with-Layers.jpg\" alt=\"Textura natural con capas\" width=\"300\" height=\"300\" id=\"mv-trellis-img-31\" loading=\"lazy\" class=\"lazyload\" data-trellis-processed=\"1\"><div style=\"position: absolute; top: 0.5rem; right: 0.75rem;\"> <a href=\"https:\/\/www.pinterest.com\/pin\/create\/button\/\" data-pin-do=\"buttonPin\" data-pin-tall=\"true\" data-pin-url=\"https:\/\/flawlesshair.com\/es\/el-auge-de-los-cortes-de-longitud-media\/\" data-pin-media=\"https:\/\/flawlesshair.com\/wp-content\/uploads\/2025\/02\/Natural-Texture-with-Layers.jpg\" data-pin-description=\"The Rise Of Medium-Length Cuts: The Hair Trend Of Spring 2025\" rel=\"nofollow noopener\" target=\"_blank\"> <\/a><\/div><\/div><figcaption class=\"wp-element-caption\"><a href=\"https:\/\/www.instagram.com\/wildhoneyhairsalon\/p\/Cqxozxtgy0H\/\" target=\"_blank\" rel=\"noopener noreferrer nofollow\">\u00a9 wildhoneyhairsalon<\/a><\/figcaption><\/figure>\n\n\n\n<p>Abraza la belleza natural con textura y capas. Este estilo realza las cualidades innatas del cabello, ofreciendo volumen y fluidez. Ideal para las amantes de los looks naturales, requiere un peinado m\u00ednimo. Una elecci\u00f3n segura para quienes desean mostrar la personalidad \u00fanica de su cabello.<\/p>\n\n\n\n<h2 class=\"wp-block-heading\">32. The Classic Lob<\/h2>\n\n\n\n<figure class=\"wp-block-image\"><div style=\"position: relative;\"><noscript><img decoding=\"async\" src=\"https:\/\/flawlesshair.com\/wp-content\/uploads\/2025\/02\/The-Classic-Lob.jpg\" alt=\"El lob cl\u00e1sico\"><\/noscript><img decoding=\"async\" src=\"https:\/\/flawlesshair.com\/wp-content\/uploads\/2025\/02\/The-Classic-Lob.jpg\" alt=\"El lob cl\u00e1sico\" width=\"300\" height=\"300\" id=\"mv-trellis-img-32\" loading=\"lazy\" class=\"lazyload\" data-trellis-processed=\"1\"><div style=\"position: absolute; top: 0.5rem; right: 0.75rem;\"> <a href=\"https:\/\/www.pinterest.com\/pin\/create\/button\/\" data-pin-do=\"buttonPin\" data-pin-tall=\"true\" data-pin-url=\"https:\/\/flawlesshair.com\/es\/el-auge-de-los-cortes-de-longitud-media\/\" data-pin-media=\"https:\/\/flawlesshair.com\/wp-content\/uploads\/2025\/02\/The-Classic-Lob.jpg\" data-pin-description=\"The Rise Of Medium-Length Cuts: The Hair Trend Of Spring 2025\" rel=\"nofollow noopener\" target=\"_blank\"> <\/a><\/div><\/div><figcaption class=\"wp-element-caption\"><a href=\"https:\/\/www.instagram.com\/ashjeffery_edwardsandco\/p\/Cirksw2hmmP\/\" target=\"_blank\" rel=\"noopener noreferrer nofollow\">\u00a9 ashjeffery_edwardsandco<\/a><\/figcaption><\/figure>\n\n\n\n<p>El recogido cl\u00e1sico sigue siendo atemporal. Cae con gracia entre la barbilla y los hombros, y es el accesorio perfecto para una elegancia sin esfuerzo. P\u00e9inalo con ondas suaves para a\u00f1adir textura. Este corte favorece a todas las formas de cara, por lo que es una opci\u00f3n vers\u00e1til para quienes desean un look chic y manejable.<\/p>\n\n\n\n<h2 class=\"wp-block-heading\">33. Bob texturizado<\/h2>\n\n\n\n<figure class=\"wp-block-image\"><div style=\"position: relative;\"><noscript><img decoding=\"async\" src=\"https:\/\/flawlesshair.com\/wp-content\/uploads\/2025\/02\/Textured-Bob-71.jpg\" alt=\"Bob texturizado\"><\/noscript><img decoding=\"async\" src=\"https:\/\/flawlesshair.com\/wp-content\/uploads\/2025\/02\/Textured-Bob-71.jpg\" alt=\"Bob texturizado\" width=\"300\" height=\"300\" id=\"mv-trellis-img-33\" loading=\"lazy\" class=\"lazyload\" data-trellis-processed=\"1\"><div style=\"position: absolute; top: 0.5rem; right: 0.75rem;\"> <a href=\"https:\/\/www.pinterest.com\/pin\/create\/button\/\" data-pin-do=\"buttonPin\" data-pin-tall=\"true\" data-pin-url=\"https:\/\/flawlesshair.com\/es\/el-auge-de-los-cortes-de-longitud-media\/\" data-pin-media=\"https:\/\/flawlesshair.com\/wp-content\/uploads\/2025\/02\/Textured-Bob-71.jpg\" data-pin-description=\"The Rise Of Medium-Length Cuts: The Hair Trend Of Spring 2025\" rel=\"nofollow noopener\" target=\"_blank\"> <\/a><\/div><\/div><figcaption class=\"wp-element-caption\"><a href=\"https:\/\/www.instagram.com\/yukistylist\/p\/C2A63-Hy5kb\/\" target=\"_blank\" rel=\"noopener noreferrer nofollow\">\u00a9 yukistylist<\/a><\/figcaption><\/figure>\n\n\n\n<p>A\u00f1ade un poco de estilo con un <a href=\"https:\/\/flawlesshair.com\/es\/lob-texturizado\/\">bob texturizado<\/a>. Las capas y un poco de despeinado aportan movimiento y dimensi\u00f3n. Perfecto para el cabello fino, crea una ilusi\u00f3n de volumen. Comb\u00ednalo con mechas para conseguir un efecto bronceado. Es a la vez desenfadado y elegante para un toque moderno.<\/p>","protected":false},"excerpt":{"rendered":"<p>Somewhere between long and short, medium haircuts are having a serious moment this spring&mdash;and it&rsquo;s easy to see why. With their just-right length, styling flexibility, &hellip;<\/p>","protected":false},"author":33,"featured_media":187496,"comment_status":"open","ping_status":"open","sticky":false,"template":"","format":"standard","meta":{"syndication_tool_enabled":false,"syndication_tool_title":"","syndication_tool_excerpt":"","syndication_tool_featured_image":0,"syndication_tool_publish_date":"","syndication_tool_schema_types":["gallery"],"syndication_tool_backlink_enable":false,"syndication_tool_ai_disclosure_enable":false,"disable-in-feed":false,"article-schema-type":"","disable-critical-css":false,"footnotes":""},"categories":[32],"tags":[],"class_list":["post-143809","post","type-post","status-publish","format-standard","has-post-thumbnail","hentry","category-medium"],"_links":{"self":[{"href":"https:\/\/flawlesshair.com\/es\/wp-json\/wp\/v2\/posts\/143809","targetHints":{"allow":["GET"]}}],"collection":[{"href":"https:\/\/flawlesshair.com\/es\/wp-json\/wp\/v2\/posts"}],"about":[{"href":"https:\/\/flawlesshair.com\/es\/wp-json\/wp\/v2\/types\/post"}],"author":[{"embeddable":true,"href":"https:\/\/flawlesshair.com\/es\/wp-json\/wp\/v2\/users\/33"}],"replies":[{"embeddable":true,"href":"https:\/\/flawlesshair.com\/es\/wp-json\/wp\/v2\/comments?post=143809"}],"version-history":[{"count":0,"href":"https:\/\/flawlesshair.com\/es\/wp-json\/wp\/v2\/posts\/143809\/revisions"}],"wp:featuredmedia":[{"embeddable":true,"href":"https:\/\/flawlesshair.com\/es\/wp-json\/wp\/v2\/media\/187496"}],"wp:attachment":[{"href":"https:\/\/flawlesshair.com\/es\/wp-json\/wp\/v2\/media?parent=143809"}],"wp:term":[{"taxonomy":"category","embeddable":true,"href":"https:\/\/flawlesshair.com\/es\/wp-json\/wp\/v2\/categories?post=143809"},{"taxonomy":"post_tag","embeddable":true,"href":"https:\/\/flawlesshair.com\/es\/wp-json\/wp\/v2\/tags?post=143809"}],"curies":[{"name":"wp","href":"https:\/\/api.w.org\/{rel}","templated":true}]}}