{"id":17436,"date":"2023-07-04T12:15:16","date_gmt":"2023-07-04T12:15:16","guid":{"rendered":"https:\/\/flawlesshair.com\/?p=17436"},"modified":"2023-12-13T12:18:49","modified_gmt":"2023-12-13T12:18:49","slug":"flequillo-con-pelo-medio","status":"publish","type":"post","link":"https:\/\/flawlesshair.com\/es\/flequillo-con-pelo-medio\/","title":{"rendered":"50 peinados medios con flequillo que querr\u00e1s este verano"},"content":{"rendered":"<style>img#mv-trellis-img-1::before{padding-top:124.35185185185%; }img#mv-trellis-img-1{display:block;}img#mv-trellis-img-2::before{padding-top:100%; }img#mv-trellis-img-2{display:block;}img#mv-trellis-img-3::before{padding-top:125%; }img#mv-trellis-img-3{display:block;}img#mv-trellis-img-4::before{padding-top:100%; }img#mv-trellis-img-4{display:block;}img#mv-trellis-img-5::before{padding-top:124.96296296296%; }img#mv-trellis-img-5{display:block;}img#mv-trellis-img-6::before{padding-top:125%; }img#mv-trellis-img-6{display:block;}img#mv-trellis-img-7::before{padding-top:125%; }img#mv-trellis-img-7{display:block;}img#mv-trellis-img-8::before{padding-top:125%; }img#mv-trellis-img-8{display:block;}img#mv-trellis-img-9::before{padding-top:125%; }img#mv-trellis-img-9{display:block;}img#mv-trellis-img-10::before{padding-top:125%; }img#mv-trellis-img-10{display:block;}img#mv-trellis-img-11::before{padding-top:125%; }img#mv-trellis-img-11{display:block;}img#mv-trellis-img-12::before{padding-top:100%; }img#mv-trellis-img-12{display:block;}img#mv-trellis-img-13::before{padding-top:124.90740740741%; }img#mv-trellis-img-13{display:block;}img#mv-trellis-img-14::before{padding-top:125%; }img#mv-trellis-img-14{display:block;}img#mv-trellis-img-15::before{padding-top:125%; }img#mv-trellis-img-15{display:block;}img#mv-trellis-img-16::before{padding-top:124.90740740741%; }img#mv-trellis-img-16{display:block;}img#mv-trellis-img-17::before{padding-top:100%; }img#mv-trellis-img-17{display:block;}img#mv-trellis-img-18::before{padding-top:124.35185185185%; }img#mv-trellis-img-18{display:block;}img#mv-trellis-img-19::before{padding-top:125%; }img#mv-trellis-img-19{display:block;}img#mv-trellis-img-20::before{padding-top:112.96296296296%; }img#mv-trellis-img-20{display:block;}img#mv-trellis-img-21::before{padding-top:124.35185185185%; }img#mv-trellis-img-21{display:block;}img#mv-trellis-img-22::before{padding-top:123.05555555556%; }img#mv-trellis-img-22{display:block;}img#mv-trellis-img-23::before{padding-top:125%; }img#mv-trellis-img-23{display:block;}img#mv-trellis-img-24::before{padding-top:100%; }img#mv-trellis-img-24{display:block;}img#mv-trellis-img-25::before{padding-top:125%; }img#mv-trellis-img-25{display:block;}img#mv-trellis-img-26::before{padding-top:113.7962962963%; }img#mv-trellis-img-26{display:block;}img#mv-trellis-img-27::before{padding-top:125%; }img#mv-trellis-img-27{display:block;}img#mv-trellis-img-28::before{padding-top:102.92397660819%; }img#mv-trellis-img-28{display:block;}img#mv-trellis-img-29::before{padding-top:125%; }img#mv-trellis-img-29{display:block;}img#mv-trellis-img-30::before{padding-top:125%; }img#mv-trellis-img-30{display:block;}img#mv-trellis-img-31::before{padding-top:125%; }img#mv-trellis-img-31{display:block;}img#mv-trellis-img-32::before{padding-top:125%; }img#mv-trellis-img-32{display:block;}img#mv-trellis-img-33::before{padding-top:100%; }img#mv-trellis-img-33{display:block;}img#mv-trellis-img-34::before{padding-top:125%; }img#mv-trellis-img-34{display:block;}img#mv-trellis-img-35::before{padding-top:125%; }img#mv-trellis-img-35{display:block;}img#mv-trellis-img-36::before{padding-top:100%; }img#mv-trellis-img-36{display:block;}img#mv-trellis-img-37::before{padding-top:125%; }img#mv-trellis-img-37{display:block;}img#mv-trellis-img-38::before{padding-top:125%; }img#mv-trellis-img-38{display:block;}img#mv-trellis-img-39::before{padding-top:124.93055555556%; }img#mv-trellis-img-39{display:block;}img#mv-trellis-img-40::before{padding-top:125%; }img#mv-trellis-img-40{display:block;}img#mv-trellis-img-41::before{padding-top:100%; }img#mv-trellis-img-41{display:block;}img#mv-trellis-img-42::before{padding-top:110.92592592593%; }img#mv-trellis-img-42{display:block;}img#mv-trellis-img-43::before{padding-top:125%; }img#mv-trellis-img-43{display:block;}img#mv-trellis-img-44::before{padding-top:125%; }img#mv-trellis-img-44{display:block;}img#mv-trellis-img-45::before{padding-top:104.25925925926%; }img#mv-trellis-img-45{display:block;}img#mv-trellis-img-46::before{padding-top:125%; }img#mv-trellis-img-46{display:block;}img#mv-trellis-img-47::before{padding-top:125.09259259259%; }img#mv-trellis-img-47{display:block;}img#mv-trellis-img-48::before{padding-top:125.04835589942%; }img#mv-trellis-img-48{display:block;}img#mv-trellis-img-49::before{padding-top:124.72222222222%; }img#mv-trellis-img-49{display:block;}img#mv-trellis-img-50::before{padding-top:125%; }img#mv-trellis-img-50{display:block;}<\/style>\n<p>El pelo medio largo es la mezcla perfecta de versatilidad y sencillez. Si te gusta tener opciones de peinado pero no quieres pasarte una hora arregl\u00e1ndote el pelo, la media melena tiene el equilibrio que necesitas. <\/p>\n\n\n\n<p>El pelo medio cae alrededor de los hombros -o un poco por encima o por debajo- lo que lo hace lo suficientemente largo como para lucir la mayor\u00eda de los peinados y lo suficientemente corto como para ser manejable y de bajo mantenimiento. Si a\u00f1ades flequillo al corte de media melena que elijas, ser\u00e1 a\u00fan m\u00e1s favorecedor, ya que enmarcar\u00e1 tu rostro a medida y complementar\u00e1 la forma de tu cara y tus rasgos.<\/p>\n\n\n\n<p>Aqu\u00ed tienes 50 cortes de pelo que combinan flequillo con media melena para inspirarte.<\/p>\n\n\n\n<h2 class=\"wp-block-heading\">1. Pelo medio con flequillo a capas<\/h2>\n\n\n\n<figure class=\"wp-block-image size-full\"><div style=\"position: relative;\"><noscript><img loading=\"lazy\" decoding=\"async\" width=\"1080\" height=\"1343\" src=\"https:\/\/flawlesshair.com\/wp-content\/uploads\/2023\/07\/1.-medium-hair-with-layered-bangs.jpg\" alt=\"pelo medio con flequillo a capas\" class=\"wp-image-35185\" srcset=\"https:\/\/flawlesshair.com\/wp-content\/uploads\/2023\/07\/1.-medium-hair-with-layered-bangs.jpg 1080w, https:\/\/flawlesshair.com\/wp-content\/uploads\/2023\/07\/1.-medium-hair-with-layered-bangs-241x300.jpg 241w, https:\/\/flawlesshair.com\/wp-content\/uploads\/2023\/07\/1.-medium-hair-with-layered-bangs-768x955.jpg 768w, https:\/\/flawlesshair.com\/wp-content\/uploads\/2023\/07\/1.-medium-hair-with-layered-bangs-10x12.jpg 10w, https:\/\/flawlesshair.com\/wp-content\/uploads\/2023\/07\/1.-medium-hair-with-layered-bangs-772x960.jpg 772w, https:\/\/flawlesshair.com\/wp-content\/uploads\/2023\/07\/1.-medium-hair-with-layered-bangs-869x1080.jpg 869w, https:\/\/flawlesshair.com\/wp-content\/uploads\/2023\/07\/1.-medium-hair-with-layered-bangs-965x1200.jpg 965w, https:\/\/flawlesshair.com\/wp-content\/uploads\/2023\/07\/1.-medium-hair-with-layered-bangs-150x187.jpg 150w\" sizes=\"auto, (max-width: 760px) calc(100vw - 24px), 720px\"><\/noscript><img loading=\"eager\" decoding=\"async\" width=\"1080\" height=\"1343\" src=\"data:image\/svg+xml,%3Csvg%20xmlns='http:\/\/www.w3.org\/2000\/svg'%20viewBox='0%200%201080%201343'%3E%3Crect%20width='1080'%20height='1343'%20style='fill:%23e3e3e3'\/%3E%3C\/svg%3E\" alt=\"pelo medio con flequillo a capas\" class=\"wp-image-35185 eager-load\" sizes=\"auto, (max-width: 760px) calc(100vw - 24px), 720px\" data-pin-media=\"https:\/\/flawlesshair.com\/wp-content\/uploads\/2023\/07\/1.-medium-hair-with-layered-bangs.jpg\" id=\"mv-trellis-img-1\" data-src=\"https:\/\/flawlesshair.com\/wp-content\/uploads\/2023\/07\/1.-medium-hair-with-layered-bangs.jpg\" data-srcset=\"https:\/\/flawlesshair.com\/wp-content\/uploads\/2023\/07\/1.-medium-hair-with-layered-bangs.jpg 1080w, https:\/\/flawlesshair.com\/wp-content\/uploads\/2023\/07\/1.-medium-hair-with-layered-bangs-241x300.jpg 241w, https:\/\/flawlesshair.com\/wp-content\/uploads\/2023\/07\/1.-medium-hair-with-layered-bangs-768x955.jpg 768w, https:\/\/flawlesshair.com\/wp-content\/uploads\/2023\/07\/1.-medium-hair-with-layered-bangs-10x12.jpg 10w, https:\/\/flawlesshair.com\/wp-content\/uploads\/2023\/07\/1.-medium-hair-with-layered-bangs-772x960.jpg 772w, https:\/\/flawlesshair.com\/wp-content\/uploads\/2023\/07\/1.-medium-hair-with-layered-bangs-869x1080.jpg 869w, https:\/\/flawlesshair.com\/wp-content\/uploads\/2023\/07\/1.-medium-hair-with-layered-bangs-965x1200.jpg 965w, https:\/\/flawlesshair.com\/wp-content\/uploads\/2023\/07\/1.-medium-hair-with-layered-bangs-150x187.jpg 150w\" data-svg=\"1\" data-trellis-processed=\"1\"><div style=\"position: absolute; top: 0.5rem; right: 0.75rem;\"> <a href=\"https:\/\/www.pinterest.com\/pin\/create\/button\/\" data-pin-do=\"buttonPin\" data-pin-tall=\"true\" data-pin-url=\"https:\/\/flawlesshair.com\/es\/flequillo-con-pelo-medio\/\" data-pin-media=\"https:\/\/flawlesshair.com\/wp-content\/uploads\/2023\/07\/1.-medium-hair-with-layered-bangs.jpg\" data-pin-description=\"50 Medium Hairstyles With Bangs You&rsquo;ll Want This Summer\" rel=\"nofollow noopener\" target=\"_blank\"> <\/a><\/div><\/div><figcaption class=\"wp-element-caption\"><a href=\"http:\/\/www.instagram.com\/hirohair\" target=\"_blank\" rel=\"noreferrer noopener nofollow\">@hirohair<\/a><\/figcaption><\/figure>\n\n\n\n<p>El flequillo cortina se adapta a todas las formas de cara porque se puede personalizar para que te quede perfecto. Elige la longitud y la forma exacta en funci\u00f3n de lo que quieras resaltar y lo que quieras restar importancia.<\/p>\n\n\n\n<h2 class=\"wp-block-heading\">2. Pelo a capas con flequillo recortado<\/h2>\n\n\n\n<figure class=\"wp-block-image size-full\"><div style=\"position: relative;\"><noscript><img loading=\"lazy\" decoding=\"async\" width=\"791\" height=\"791\" src=\"https:\/\/flawlesshair.com\/wp-content\/uploads\/2023\/07\/2.-layered-hair-with-choppy-bangs.jpg\" alt=\"pelo a capas con flequillo recortado\" class=\"wp-image-35186\" srcset=\"https:\/\/flawlesshair.com\/wp-content\/uploads\/2023\/07\/2.-layered-hair-with-choppy-bangs.jpg 791w, https:\/\/flawlesshair.com\/wp-content\/uploads\/2023\/07\/2.-layered-hair-with-choppy-bangs-300x300.jpg 300w, https:\/\/flawlesshair.com\/wp-content\/uploads\/2023\/07\/2.-layered-hair-with-choppy-bangs-150x150.jpg 150w, https:\/\/flawlesshair.com\/wp-content\/uploads\/2023\/07\/2.-layered-hair-with-choppy-bangs-768x768.jpg 768w, https:\/\/flawlesshair.com\/wp-content\/uploads\/2023\/07\/2.-layered-hair-with-choppy-bangs-12x12.jpg 12w, https:\/\/flawlesshair.com\/wp-content\/uploads\/2023\/07\/2.-layered-hair-with-choppy-bangs-728x728.jpg 728w, https:\/\/flawlesshair.com\/wp-content\/uploads\/2023\/07\/2.-layered-hair-with-choppy-bangs-96x96.jpg 96w\" sizes=\"auto, (max-width: 760px) calc(100vw - 24px), 720px\"><\/noscript><img loading=\"lazy\" decoding=\"async\" width=\"791\" height=\"791\" src=\"https:\/\/flawlesshair.com\/wp-content\/uploads\/2023\/07\/2.-layered-hair-with-choppy-bangs.jpg\" alt=\"pelo a capas con flequillo recortado\" class=\"wp-image-35186 lazyload\" srcset=\"https:\/\/flawlesshair.com\/wp-content\/uploads\/2023\/07\/2.-layered-hair-with-choppy-bangs.jpg 791w, https:\/\/flawlesshair.com\/wp-content\/uploads\/2023\/07\/2.-layered-hair-with-choppy-bangs-300x300.jpg 300w, https:\/\/flawlesshair.com\/wp-content\/uploads\/2023\/07\/2.-layered-hair-with-choppy-bangs-150x150.jpg 150w, https:\/\/flawlesshair.com\/wp-content\/uploads\/2023\/07\/2.-layered-hair-with-choppy-bangs-768x768.jpg 768w, https:\/\/flawlesshair.com\/wp-content\/uploads\/2023\/07\/2.-layered-hair-with-choppy-bangs-12x12.jpg 12w, https:\/\/flawlesshair.com\/wp-content\/uploads\/2023\/07\/2.-layered-hair-with-choppy-bangs-728x728.jpg 728w, https:\/\/flawlesshair.com\/wp-content\/uploads\/2023\/07\/2.-layered-hair-with-choppy-bangs-96x96.jpg 96w\" sizes=\"auto, (max-width: 760px) calc(100vw - 24px), 720px\" data-pin-media=\"https:\/\/flawlesshair.com\/wp-content\/uploads\/2023\/07\/2.-layered-hair-with-choppy-bangs.jpg\" id=\"mv-trellis-img-2\" data-trellis-processed=\"1\"><div style=\"position: absolute; top: 0.5rem; right: 0.75rem;\"> <a href=\"https:\/\/www.pinterest.com\/pin\/create\/button\/\" data-pin-do=\"buttonPin\" data-pin-tall=\"true\" data-pin-url=\"https:\/\/flawlesshair.com\/es\/flequillo-con-pelo-medio\/\" data-pin-media=\"https:\/\/flawlesshair.com\/wp-content\/uploads\/2023\/07\/2.-layered-hair-with-choppy-bangs.jpg\" data-pin-description=\"50 Medium Hairstyles With Bangs You&rsquo;ll Want This Summer\" rel=\"nofollow noopener\" target=\"_blank\"> <\/a><\/div><\/div><figcaption class=\"wp-element-caption\"><a href=\"http:\/\/www.instagram.com\/bescene\" target=\"_blank\" rel=\"noreferrer noopener nofollow\">@bescene<\/a><\/figcaption><\/figure>\n\n\n\n<p>Las capas crean dimensi\u00f3n y hacen que tu pelo tenga m\u00e1s volumen. Combinado con el color rojo vivo y el flequillo recortado, este peinado resulta favorecedor y atrevido.<\/p>\n\n\n\n<h2 class=\"wp-block-heading\">3. Pelo liso con flequillo largo<\/h2>\n\n\n\n<figure class=\"wp-block-image size-full\"><div style=\"position: relative;\"><noscript><img loading=\"lazy\" decoding=\"async\" width=\"1080\" height=\"1350\" src=\"https:\/\/flawlesshair.com\/wp-content\/uploads\/2023\/07\/3.-straight-hair-with-long-bangs.jpeg\" alt=\"pelo liso con flequillo largo\" class=\"wp-image-35187\" srcset=\"https:\/\/flawlesshair.com\/wp-content\/uploads\/2023\/07\/3.-straight-hair-with-long-bangs.jpeg 1080w, https:\/\/flawlesshair.com\/wp-content\/uploads\/2023\/07\/3.-straight-hair-with-long-bangs-240x300.jpeg 240w, https:\/\/flawlesshair.com\/wp-content\/uploads\/2023\/07\/3.-straight-hair-with-long-bangs-768x960.jpeg 768w, https:\/\/flawlesshair.com\/wp-content\/uploads\/2023\/07\/3.-straight-hair-with-long-bangs-10x12.jpeg 10w, https:\/\/flawlesshair.com\/wp-content\/uploads\/2023\/07\/3.-straight-hair-with-long-bangs-864x1080.jpeg 864w, https:\/\/flawlesshair.com\/wp-content\/uploads\/2023\/07\/3.-straight-hair-with-long-bangs-960x1200.jpeg 960w, https:\/\/flawlesshair.com\/wp-content\/uploads\/2023\/07\/3.-straight-hair-with-long-bangs-150x188.jpeg 150w\" sizes=\"auto, (max-width: 760px) calc(100vw - 24px), 720px\"><\/noscript><img loading=\"lazy\" decoding=\"async\" width=\"1080\" height=\"1350\" src=\"https:\/\/flawlesshair.com\/wp-content\/uploads\/2023\/07\/3.-straight-hair-with-long-bangs.jpeg\" alt=\"pelo liso con flequillo largo\" class=\"wp-image-35187 lazyload\" srcset=\"https:\/\/flawlesshair.com\/wp-content\/uploads\/2023\/07\/3.-straight-hair-with-long-bangs.jpeg 1080w, https:\/\/flawlesshair.com\/wp-content\/uploads\/2023\/07\/3.-straight-hair-with-long-bangs-240x300.jpeg 240w, https:\/\/flawlesshair.com\/wp-content\/uploads\/2023\/07\/3.-straight-hair-with-long-bangs-768x960.jpeg 768w, https:\/\/flawlesshair.com\/wp-content\/uploads\/2023\/07\/3.-straight-hair-with-long-bangs-10x12.jpeg 10w, https:\/\/flawlesshair.com\/wp-content\/uploads\/2023\/07\/3.-straight-hair-with-long-bangs-864x1080.jpeg 864w, https:\/\/flawlesshair.com\/wp-content\/uploads\/2023\/07\/3.-straight-hair-with-long-bangs-960x1200.jpeg 960w, https:\/\/flawlesshair.com\/wp-content\/uploads\/2023\/07\/3.-straight-hair-with-long-bangs-150x188.jpeg 150w\" sizes=\"auto, (max-width: 760px) calc(100vw - 24px), 720px\" data-pin-media=\"https:\/\/flawlesshair.com\/wp-content\/uploads\/2023\/07\/3.-straight-hair-with-long-bangs.jpeg\" id=\"mv-trellis-img-3\" data-trellis-processed=\"1\"><div style=\"position: absolute; top: 0.5rem; right: 0.75rem;\"> <a href=\"https:\/\/www.pinterest.com\/pin\/create\/button\/\" data-pin-do=\"buttonPin\" data-pin-tall=\"true\" data-pin-url=\"https:\/\/flawlesshair.com\/es\/flequillo-con-pelo-medio\/\" data-pin-media=\"https:\/\/flawlesshair.com\/wp-content\/uploads\/2023\/07\/3.-straight-hair-with-long-bangs.jpeg\" data-pin-description=\"50 Medium Hairstyles With Bangs You&rsquo;ll Want This Summer\" rel=\"nofollow noopener\" target=\"_blank\"> <\/a><\/div><\/div><figcaption class=\"wp-element-caption\"><a href=\"http:\/\/www.instagram.com\/charlesjuniorlouw\" target=\"_blank\" rel=\"noreferrer noopener nofollow\">@charlesjuniorlouw<\/a><\/figcaption><\/figure>\n\n\n\n<p>Si a\u00fan no te atreves con el flequillo, opta por algo largo y fino que aporte movimiento e inter\u00e9s.<\/p>\n\n\n\n<h2 class=\"wp-block-heading\">4. Shag con flequillo descentrado<\/h2>\n\n\n\n<figure class=\"wp-block-image size-full\"><div style=\"position: relative;\"><noscript><img loading=\"lazy\" decoding=\"async\" width=\"1106\" height=\"1106\" src=\"https:\/\/flawlesshair.com\/wp-content\/uploads\/2023\/07\/4.-shag-with-off-center-fringe.jpg\" alt=\"shag con flecos descentrados\" class=\"wp-image-35188\" srcset=\"https:\/\/flawlesshair.com\/wp-content\/uploads\/2023\/07\/4.-shag-with-off-center-fringe.jpg 1106w, https:\/\/flawlesshair.com\/wp-content\/uploads\/2023\/07\/4.-shag-with-off-center-fringe-300x300.jpg 300w, https:\/\/flawlesshair.com\/wp-content\/uploads\/2023\/07\/4.-shag-with-off-center-fringe-150x150.jpg 150w, https:\/\/flawlesshair.com\/wp-content\/uploads\/2023\/07\/4.-shag-with-off-center-fringe-768x768.jpg 768w, https:\/\/flawlesshair.com\/wp-content\/uploads\/2023\/07\/4.-shag-with-off-center-fringe-12x12.jpg 12w, https:\/\/flawlesshair.com\/wp-content\/uploads\/2023\/07\/4.-shag-with-off-center-fringe-728x728.jpg 728w, https:\/\/flawlesshair.com\/wp-content\/uploads\/2023\/07\/4.-shag-with-off-center-fringe-960x960.jpg 960w, https:\/\/flawlesshair.com\/wp-content\/uploads\/2023\/07\/4.-shag-with-off-center-fringe-1080x1080.jpg 1080w, https:\/\/flawlesshair.com\/wp-content\/uploads\/2023\/07\/4.-shag-with-off-center-fringe-96x96.jpg 96w\" sizes=\"auto, (max-width: 760px) calc(100vw - 24px), 720px\"><\/noscript><img loading=\"lazy\" decoding=\"async\" width=\"1106\" height=\"1106\" src=\"https:\/\/flawlesshair.com\/wp-content\/uploads\/2023\/07\/4.-shag-with-off-center-fringe.jpg\" alt=\"shag con flecos descentrados\" class=\"wp-image-35188 lazyload\" srcset=\"https:\/\/flawlesshair.com\/wp-content\/uploads\/2023\/07\/4.-shag-with-off-center-fringe.jpg 1106w, https:\/\/flawlesshair.com\/wp-content\/uploads\/2023\/07\/4.-shag-with-off-center-fringe-300x300.jpg 300w, https:\/\/flawlesshair.com\/wp-content\/uploads\/2023\/07\/4.-shag-with-off-center-fringe-150x150.jpg 150w, https:\/\/flawlesshair.com\/wp-content\/uploads\/2023\/07\/4.-shag-with-off-center-fringe-768x768.jpg 768w, https:\/\/flawlesshair.com\/wp-content\/uploads\/2023\/07\/4.-shag-with-off-center-fringe-12x12.jpg 12w, https:\/\/flawlesshair.com\/wp-content\/uploads\/2023\/07\/4.-shag-with-off-center-fringe-728x728.jpg 728w, https:\/\/flawlesshair.com\/wp-content\/uploads\/2023\/07\/4.-shag-with-off-center-fringe-960x960.jpg 960w, https:\/\/flawlesshair.com\/wp-content\/uploads\/2023\/07\/4.-shag-with-off-center-fringe-1080x1080.jpg 1080w, https:\/\/flawlesshair.com\/wp-content\/uploads\/2023\/07\/4.-shag-with-off-center-fringe-96x96.jpg 96w\" sizes=\"auto, (max-width: 760px) calc(100vw - 24px), 720px\" data-pin-media=\"https:\/\/flawlesshair.com\/wp-content\/uploads\/2023\/07\/4.-shag-with-off-center-fringe.jpg\" id=\"mv-trellis-img-4\" data-trellis-processed=\"1\"><div style=\"position: absolute; top: 0.5rem; right: 0.75rem;\"> <a href=\"https:\/\/www.pinterest.com\/pin\/create\/button\/\" data-pin-do=\"buttonPin\" data-pin-tall=\"true\" data-pin-url=\"https:\/\/flawlesshair.com\/es\/flequillo-con-pelo-medio\/\" data-pin-media=\"https:\/\/flawlesshair.com\/wp-content\/uploads\/2023\/07\/4.-shag-with-off-center-fringe.jpg\" data-pin-description=\"50 Medium Hairstyles With Bangs You&rsquo;ll Want This Summer\" rel=\"nofollow noopener\" target=\"_blank\"> <\/a><\/div><\/div><figcaption class=\"wp-element-caption\"><a href=\"http:\/\/www.instagram.com\/jayne_edosalon\" target=\"_blank\" rel=\"noreferrer noopener nofollow\">@jayne_edosalon<\/a><\/figcaption><\/figure>\n\n\n\n<p>Es muy f\u00e1cil de peinar gracias a las capas que se adaptan a la textura natural del cabello. Despu\u00e9s de lavarlo, basta con un poco de crema hidratante y secarlo al aire o con un difusor.<\/p>\n\n\n\n<h2 class=\"wp-block-heading\">5. Pelo bicolor con flequillo corto<\/h2>\n\n\n\n<figure class=\"wp-block-image size-full\"><div style=\"position: relative;\"><noscript><img loading=\"lazy\" decoding=\"async\" width=\"1350\" height=\"1687\" src=\"https:\/\/flawlesshair.com\/wp-content\/uploads\/2023\/07\/5.-two-tone-hair-with-short-bangs.jpg\" alt=\"pelo bicolor con flequillo corto\" class=\"wp-image-35189\" srcset=\"https:\/\/flawlesshair.com\/wp-content\/uploads\/2023\/07\/5.-two-tone-hair-with-short-bangs.jpg 1350w, https:\/\/flawlesshair.com\/wp-content\/uploads\/2023\/07\/5.-two-tone-hair-with-short-bangs-240x300.jpg 240w, https:\/\/flawlesshair.com\/wp-content\/uploads\/2023\/07\/5.-two-tone-hair-with-short-bangs-768x960.jpg 768w, https:\/\/flawlesshair.com\/wp-content\/uploads\/2023\/07\/5.-two-tone-hair-with-short-bangs-10x12.jpg 10w, https:\/\/flawlesshair.com\/wp-content\/uploads\/2023\/07\/5.-two-tone-hair-with-short-bangs-864x1080.jpg 864w, https:\/\/flawlesshair.com\/wp-content\/uploads\/2023\/07\/5.-two-tone-hair-with-short-bangs-960x1200.jpg 960w, https:\/\/flawlesshair.com\/wp-content\/uploads\/2023\/07\/5.-two-tone-hair-with-short-bangs-150x187.jpg 150w\" sizes=\"auto, (max-width: 760px) calc(100vw - 24px), 720px\"><\/noscript><img loading=\"lazy\" decoding=\"async\" width=\"1350\" height=\"1687\" src=\"https:\/\/flawlesshair.com\/wp-content\/uploads\/2023\/07\/5.-two-tone-hair-with-short-bangs.jpg\" alt=\"pelo bicolor con flequillo corto\" class=\"wp-image-35189 lazyload\" srcset=\"https:\/\/flawlesshair.com\/wp-content\/uploads\/2023\/07\/5.-two-tone-hair-with-short-bangs.jpg 1350w, https:\/\/flawlesshair.com\/wp-content\/uploads\/2023\/07\/5.-two-tone-hair-with-short-bangs-240x300.jpg 240w, https:\/\/flawlesshair.com\/wp-content\/uploads\/2023\/07\/5.-two-tone-hair-with-short-bangs-768x960.jpg 768w, https:\/\/flawlesshair.com\/wp-content\/uploads\/2023\/07\/5.-two-tone-hair-with-short-bangs-10x12.jpg 10w, https:\/\/flawlesshair.com\/wp-content\/uploads\/2023\/07\/5.-two-tone-hair-with-short-bangs-864x1080.jpg 864w, https:\/\/flawlesshair.com\/wp-content\/uploads\/2023\/07\/5.-two-tone-hair-with-short-bangs-960x1200.jpg 960w, https:\/\/flawlesshair.com\/wp-content\/uploads\/2023\/07\/5.-two-tone-hair-with-short-bangs-150x187.jpg 150w\" sizes=\"auto, (max-width: 760px) calc(100vw - 24px), 720px\" data-pin-media=\"https:\/\/flawlesshair.com\/wp-content\/uploads\/2023\/07\/5.-two-tone-hair-with-short-bangs.jpg\" id=\"mv-trellis-img-5\" data-trellis-processed=\"1\"><div style=\"position: absolute; top: 0.5rem; right: 0.75rem;\"> <a href=\"https:\/\/www.pinterest.com\/pin\/create\/button\/\" data-pin-do=\"buttonPin\" data-pin-tall=\"true\" data-pin-url=\"https:\/\/flawlesshair.com\/es\/flequillo-con-pelo-medio\/\" data-pin-media=\"https:\/\/flawlesshair.com\/wp-content\/uploads\/2023\/07\/5.-two-tone-hair-with-short-bangs.jpg\" data-pin-description=\"50 Medium Hairstyles With Bangs You&rsquo;ll Want This Summer\" rel=\"nofollow noopener\" target=\"_blank\"> <\/a><\/div><\/div><figcaption class=\"wp-element-caption\"><a href=\"http:\/\/www.instagram.com\/memmieyo\" target=\"_blank\" rel=\"noreferrer noopener nofollow\">@memmieyo<\/a><\/figcaption><\/figure>\n\n\n\n<p>El juego del corte y el color crea un look divertido y moderno que adem\u00e1s ilumina el rostro. Si te gusta el ombre inverso pero estos no son tus colores, puedes hacerlo con algo que sea m\u00e1s de tu estilo.<\/p>\n\n\n\n<h2 class=\"wp-block-heading\">6. Peinado de media melena con flequillo y capas<\/h2>\n\n\n\n<figure class=\"wp-block-image size-full\"><div style=\"position: relative;\"><noscript><img loading=\"lazy\" decoding=\"async\" width=\"1440\" height=\"1800\" src=\"https:\/\/flawlesshair.com\/wp-content\/uploads\/2023\/07\/6.-mid-length-hairstyle-with-fringe-and-layers.jpg\" alt=\"peinado de media melena con flequillo y capas\" class=\"wp-image-35190\" srcset=\"https:\/\/flawlesshair.com\/wp-content\/uploads\/2023\/07\/6.-mid-length-hairstyle-with-fringe-and-layers.jpg 1440w, https:\/\/flawlesshair.com\/wp-content\/uploads\/2023\/07\/6.-mid-length-hairstyle-with-fringe-and-layers-240x300.jpg 240w, https:\/\/flawlesshair.com\/wp-content\/uploads\/2023\/07\/6.-mid-length-hairstyle-with-fringe-and-layers-768x960.jpg 768w, https:\/\/flawlesshair.com\/wp-content\/uploads\/2023\/07\/6.-mid-length-hairstyle-with-fringe-and-layers-10x12.jpg 10w, https:\/\/flawlesshair.com\/wp-content\/uploads\/2023\/07\/6.-mid-length-hairstyle-with-fringe-and-layers-864x1080.jpg 864w, https:\/\/flawlesshair.com\/wp-content\/uploads\/2023\/07\/6.-mid-length-hairstyle-with-fringe-and-layers-960x1200.jpg 960w, https:\/\/flawlesshair.com\/wp-content\/uploads\/2023\/07\/6.-mid-length-hairstyle-with-fringe-and-layers-150x188.jpg 150w\" sizes=\"auto, (max-width: 760px) calc(100vw - 24px), 720px\"><\/noscript><img loading=\"lazy\" decoding=\"async\" width=\"1440\" height=\"1800\" src=\"https:\/\/flawlesshair.com\/wp-content\/uploads\/2023\/07\/6.-mid-length-hairstyle-with-fringe-and-layers.jpg\" alt=\"peinado de media melena con flequillo y capas\" class=\"wp-image-35190 lazyload\" srcset=\"https:\/\/flawlesshair.com\/wp-content\/uploads\/2023\/07\/6.-mid-length-hairstyle-with-fringe-and-layers.jpg 1440w, https:\/\/flawlesshair.com\/wp-content\/uploads\/2023\/07\/6.-mid-length-hairstyle-with-fringe-and-layers-240x300.jpg 240w, https:\/\/flawlesshair.com\/wp-content\/uploads\/2023\/07\/6.-mid-length-hairstyle-with-fringe-and-layers-768x960.jpg 768w, https:\/\/flawlesshair.com\/wp-content\/uploads\/2023\/07\/6.-mid-length-hairstyle-with-fringe-and-layers-10x12.jpg 10w, https:\/\/flawlesshair.com\/wp-content\/uploads\/2023\/07\/6.-mid-length-hairstyle-with-fringe-and-layers-864x1080.jpg 864w, https:\/\/flawlesshair.com\/wp-content\/uploads\/2023\/07\/6.-mid-length-hairstyle-with-fringe-and-layers-960x1200.jpg 960w, https:\/\/flawlesshair.com\/wp-content\/uploads\/2023\/07\/6.-mid-length-hairstyle-with-fringe-and-layers-150x188.jpg 150w\" sizes=\"auto, (max-width: 760px) calc(100vw - 24px), 720px\" data-pin-media=\"https:\/\/flawlesshair.com\/wp-content\/uploads\/2023\/07\/6.-mid-length-hairstyle-with-fringe-and-layers.jpg\" id=\"mv-trellis-img-6\" data-trellis-processed=\"1\"><div style=\"position: absolute; top: 0.5rem; right: 0.75rem;\"> <a href=\"https:\/\/www.pinterest.com\/pin\/create\/button\/\" data-pin-do=\"buttonPin\" data-pin-tall=\"true\" data-pin-url=\"https:\/\/flawlesshair.com\/es\/flequillo-con-pelo-medio\/\" data-pin-media=\"https:\/\/flawlesshair.com\/wp-content\/uploads\/2023\/07\/6.-mid-length-hairstyle-with-fringe-and-layers.jpg\" data-pin-description=\"50 Medium Hairstyles With Bangs You&rsquo;ll Want This Summer\" rel=\"nofollow noopener\" target=\"_blank\"> <\/a><\/div><\/div><figcaption class=\"wp-element-caption\"><a href=\"http:\/\/www.instagram.com\/yukistylist\" target=\"_blank\" rel=\"noreferrer noopener nofollow\">@yukistylist<\/a><\/figcaption><\/figure>\n\n\n\n<p>Para minimizar el tiempo necesario para peinar un corte recortado, aseg\u00farate de que tu pelo est\u00e1 bien hidratado. El pelo seco se encrespa y se enreda, as\u00ed que una rutina de hidrataci\u00f3n es el primer paso para un pelo sin complicaciones.<\/p>\n\n\n\n<h2 class=\"wp-block-heading\">7. Pelo recortado con flequillo para cabello grueso<\/h2>\n\n\n\n<figure class=\"wp-block-image size-full\"><div style=\"position: relative;\"><noscript><img loading=\"lazy\" decoding=\"async\" width=\"1440\" height=\"1800\" src=\"https:\/\/flawlesshair.com\/wp-content\/uploads\/2023\/07\/7.-choppy-hair-with-bangs-for-thick-hair.jpg\" alt=\"pelo corto con flequillo para pelo grueso\" class=\"wp-image-35191\" srcset=\"https:\/\/flawlesshair.com\/wp-content\/uploads\/2023\/07\/7.-choppy-hair-with-bangs-for-thick-hair.jpg 1440w, https:\/\/flawlesshair.com\/wp-content\/uploads\/2023\/07\/7.-choppy-hair-with-bangs-for-thick-hair-240x300.jpg 240w, https:\/\/flawlesshair.com\/wp-content\/uploads\/2023\/07\/7.-choppy-hair-with-bangs-for-thick-hair-768x960.jpg 768w, https:\/\/flawlesshair.com\/wp-content\/uploads\/2023\/07\/7.-choppy-hair-with-bangs-for-thick-hair-10x12.jpg 10w, https:\/\/flawlesshair.com\/wp-content\/uploads\/2023\/07\/7.-choppy-hair-with-bangs-for-thick-hair-864x1080.jpg 864w, https:\/\/flawlesshair.com\/wp-content\/uploads\/2023\/07\/7.-choppy-hair-with-bangs-for-thick-hair-960x1200.jpg 960w, https:\/\/flawlesshair.com\/wp-content\/uploads\/2023\/07\/7.-choppy-hair-with-bangs-for-thick-hair-150x188.jpg 150w\" sizes=\"auto, (max-width: 760px) calc(100vw - 24px), 720px\"><\/noscript><img loading=\"lazy\" decoding=\"async\" width=\"1440\" height=\"1800\" src=\"https:\/\/flawlesshair.com\/wp-content\/uploads\/2023\/07\/7.-choppy-hair-with-bangs-for-thick-hair.jpg\" alt=\"pelo corto con flequillo para pelo grueso\" class=\"wp-image-35191 lazyload\" srcset=\"https:\/\/flawlesshair.com\/wp-content\/uploads\/2023\/07\/7.-choppy-hair-with-bangs-for-thick-hair.jpg 1440w, https:\/\/flawlesshair.com\/wp-content\/uploads\/2023\/07\/7.-choppy-hair-with-bangs-for-thick-hair-240x300.jpg 240w, https:\/\/flawlesshair.com\/wp-content\/uploads\/2023\/07\/7.-choppy-hair-with-bangs-for-thick-hair-768x960.jpg 768w, https:\/\/flawlesshair.com\/wp-content\/uploads\/2023\/07\/7.-choppy-hair-with-bangs-for-thick-hair-10x12.jpg 10w, https:\/\/flawlesshair.com\/wp-content\/uploads\/2023\/07\/7.-choppy-hair-with-bangs-for-thick-hair-864x1080.jpg 864w, https:\/\/flawlesshair.com\/wp-content\/uploads\/2023\/07\/7.-choppy-hair-with-bangs-for-thick-hair-960x1200.jpg 960w, https:\/\/flawlesshair.com\/wp-content\/uploads\/2023\/07\/7.-choppy-hair-with-bangs-for-thick-hair-150x188.jpg 150w\" sizes=\"auto, (max-width: 760px) calc(100vw - 24px), 720px\" data-pin-media=\"https:\/\/flawlesshair.com\/wp-content\/uploads\/2023\/07\/7.-choppy-hair-with-bangs-for-thick-hair.jpg\" id=\"mv-trellis-img-7\" data-trellis-processed=\"1\"><div style=\"position: absolute; top: 0.5rem; right: 0.75rem;\"> <a href=\"https:\/\/www.pinterest.com\/pin\/create\/button\/\" data-pin-do=\"buttonPin\" data-pin-tall=\"true\" data-pin-url=\"https:\/\/flawlesshair.com\/es\/flequillo-con-pelo-medio\/\" data-pin-media=\"https:\/\/flawlesshair.com\/wp-content\/uploads\/2023\/07\/7.-choppy-hair-with-bangs-for-thick-hair.jpg\" data-pin-description=\"50 Medium Hairstyles With Bangs You&rsquo;ll Want This Summer\" rel=\"nofollow noopener\" target=\"_blank\"> <\/a><\/div><\/div><figcaption class=\"wp-element-caption\"><a href=\"https:\/\/www.facebook.com\/stebunovhair\/\" target=\"_blank\" rel=\"noreferrer noopener nofollow\">@stebunovhair<\/a><\/figcaption><\/figure>\n\n\n\n<p>Este look es todo textura, que puedes realzar si ya la tienes o fingir si tu pelo es fino con productos texturizantes. Si no tienes ninguno a mano, el champ\u00fa en seco puede servirte en caso de apuro.<\/p>\n\n\n\n<h2 class=\"wp-block-heading\">8. Despeinado voluminoso con flequillo cortina<\/h2>\n\n\n\n<figure class=\"wp-block-image size-full\"><div style=\"position: relative;\"><noscript><img loading=\"lazy\" decoding=\"async\" width=\"1080\" height=\"1350\" src=\"https:\/\/flawlesshair.com\/wp-content\/uploads\/2023\/07\/8.-voluminous-shag-with-curtain-bangs.jpg\" alt=\"shag voluminoso con flequillo cortina\" class=\"wp-image-35192\" srcset=\"https:\/\/flawlesshair.com\/wp-content\/uploads\/2023\/07\/8.-voluminous-shag-with-curtain-bangs.jpg 1080w, https:\/\/flawlesshair.com\/wp-content\/uploads\/2023\/07\/8.-voluminous-shag-with-curtain-bangs-240x300.jpg 240w, https:\/\/flawlesshair.com\/wp-content\/uploads\/2023\/07\/8.-voluminous-shag-with-curtain-bangs-768x960.jpg 768w, https:\/\/flawlesshair.com\/wp-content\/uploads\/2023\/07\/8.-voluminous-shag-with-curtain-bangs-10x12.jpg 10w, https:\/\/flawlesshair.com\/wp-content\/uploads\/2023\/07\/8.-voluminous-shag-with-curtain-bangs-864x1080.jpg 864w, https:\/\/flawlesshair.com\/wp-content\/uploads\/2023\/07\/8.-voluminous-shag-with-curtain-bangs-960x1200.jpg 960w, https:\/\/flawlesshair.com\/wp-content\/uploads\/2023\/07\/8.-voluminous-shag-with-curtain-bangs-150x188.jpg 150w\" sizes=\"auto, (max-width: 760px) calc(100vw - 24px), 720px\"><\/noscript><img loading=\"lazy\" decoding=\"async\" width=\"1080\" height=\"1350\" src=\"https:\/\/flawlesshair.com\/wp-content\/uploads\/2023\/07\/8.-voluminous-shag-with-curtain-bangs.jpg\" alt=\"shag voluminoso con flequillo cortina\" class=\"wp-image-35192 lazyload\" srcset=\"https:\/\/flawlesshair.com\/wp-content\/uploads\/2023\/07\/8.-voluminous-shag-with-curtain-bangs.jpg 1080w, https:\/\/flawlesshair.com\/wp-content\/uploads\/2023\/07\/8.-voluminous-shag-with-curtain-bangs-240x300.jpg 240w, https:\/\/flawlesshair.com\/wp-content\/uploads\/2023\/07\/8.-voluminous-shag-with-curtain-bangs-768x960.jpg 768w, https:\/\/flawlesshair.com\/wp-content\/uploads\/2023\/07\/8.-voluminous-shag-with-curtain-bangs-10x12.jpg 10w, https:\/\/flawlesshair.com\/wp-content\/uploads\/2023\/07\/8.-voluminous-shag-with-curtain-bangs-864x1080.jpg 864w, https:\/\/flawlesshair.com\/wp-content\/uploads\/2023\/07\/8.-voluminous-shag-with-curtain-bangs-960x1200.jpg 960w, https:\/\/flawlesshair.com\/wp-content\/uploads\/2023\/07\/8.-voluminous-shag-with-curtain-bangs-150x188.jpg 150w\" sizes=\"auto, (max-width: 760px) calc(100vw - 24px), 720px\" data-pin-media=\"https:\/\/flawlesshair.com\/wp-content\/uploads\/2023\/07\/8.-voluminous-shag-with-curtain-bangs.jpg\" id=\"mv-trellis-img-8\" data-trellis-processed=\"1\"><div style=\"position: absolute; top: 0.5rem; right: 0.75rem;\"> <a href=\"https:\/\/www.pinterest.com\/pin\/create\/button\/\" data-pin-do=\"buttonPin\" data-pin-tall=\"true\" data-pin-url=\"https:\/\/flawlesshair.com\/es\/flequillo-con-pelo-medio\/\" data-pin-media=\"https:\/\/flawlesshair.com\/wp-content\/uploads\/2023\/07\/8.-voluminous-shag-with-curtain-bangs.jpg\" data-pin-description=\"50 Medium Hairstyles With Bangs You&rsquo;ll Want This Summer\" rel=\"nofollow noopener\" target=\"_blank\"> <\/a><\/div><\/div><figcaption class=\"wp-element-caption\"><a href=\"http:\/\/www.instagram.com\/rachelwstylist\" target=\"_blank\" rel=\"noreferrer noopener nofollow\">@rachelwstylist<\/a><\/figcaption><\/figure>\n\n\n\n<p>Lo mejor del pelo medio es la cantidad de opciones de peinado que tienes. Este look retro requiere un secado con secador y rulos grandes, pero este corte de pelo a capas tambi\u00e9n puede ser muy informal si lo peinas para que parezca m\u00e1s entrecortado.<\/p>\n\n\n\n<h2 class=\"wp-block-heading\">9. Pelo medio rizado con flequillo<\/h2>\n\n\n\n<figure class=\"wp-block-image size-full\"><div style=\"position: relative;\"><noscript><img loading=\"lazy\" decoding=\"async\" width=\"1080\" height=\"1350\" src=\"https:\/\/flawlesshair.com\/wp-content\/uploads\/2023\/07\/9.-curly-medium-hair-with-bangs.jpg\" alt=\"pelo rizado medio con flequillo\" class=\"wp-image-35193\" srcset=\"https:\/\/flawlesshair.com\/wp-content\/uploads\/2023\/07\/9.-curly-medium-hair-with-bangs.jpg 1080w, https:\/\/flawlesshair.com\/wp-content\/uploads\/2023\/07\/9.-curly-medium-hair-with-bangs-240x300.jpg 240w, https:\/\/flawlesshair.com\/wp-content\/uploads\/2023\/07\/9.-curly-medium-hair-with-bangs-768x960.jpg 768w, https:\/\/flawlesshair.com\/wp-content\/uploads\/2023\/07\/9.-curly-medium-hair-with-bangs-10x12.jpg 10w, https:\/\/flawlesshair.com\/wp-content\/uploads\/2023\/07\/9.-curly-medium-hair-with-bangs-864x1080.jpg 864w, https:\/\/flawlesshair.com\/wp-content\/uploads\/2023\/07\/9.-curly-medium-hair-with-bangs-960x1200.jpg 960w, https:\/\/flawlesshair.com\/wp-content\/uploads\/2023\/07\/9.-curly-medium-hair-with-bangs-150x188.jpg 150w\" sizes=\"auto, (max-width: 760px) calc(100vw - 24px), 720px\"><\/noscript><img loading=\"lazy\" decoding=\"async\" width=\"1080\" height=\"1350\" src=\"https:\/\/flawlesshair.com\/wp-content\/uploads\/2023\/07\/9.-curly-medium-hair-with-bangs.jpg\" alt=\"pelo rizado medio con flequillo\" class=\"wp-image-35193 lazyload\" srcset=\"https:\/\/flawlesshair.com\/wp-content\/uploads\/2023\/07\/9.-curly-medium-hair-with-bangs.jpg 1080w, https:\/\/flawlesshair.com\/wp-content\/uploads\/2023\/07\/9.-curly-medium-hair-with-bangs-240x300.jpg 240w, https:\/\/flawlesshair.com\/wp-content\/uploads\/2023\/07\/9.-curly-medium-hair-with-bangs-768x960.jpg 768w, https:\/\/flawlesshair.com\/wp-content\/uploads\/2023\/07\/9.-curly-medium-hair-with-bangs-10x12.jpg 10w, https:\/\/flawlesshair.com\/wp-content\/uploads\/2023\/07\/9.-curly-medium-hair-with-bangs-864x1080.jpg 864w, https:\/\/flawlesshair.com\/wp-content\/uploads\/2023\/07\/9.-curly-medium-hair-with-bangs-960x1200.jpg 960w, https:\/\/flawlesshair.com\/wp-content\/uploads\/2023\/07\/9.-curly-medium-hair-with-bangs-150x188.jpg 150w\" sizes=\"auto, (max-width: 760px) calc(100vw - 24px), 720px\" data-pin-media=\"https:\/\/flawlesshair.com\/wp-content\/uploads\/2023\/07\/9.-curly-medium-hair-with-bangs.jpg\" id=\"mv-trellis-img-9\" data-trellis-processed=\"1\"><div style=\"position: absolute; top: 0.5rem; right: 0.75rem;\"> <a href=\"https:\/\/www.pinterest.com\/pin\/create\/button\/\" data-pin-do=\"buttonPin\" data-pin-tall=\"true\" data-pin-url=\"https:\/\/flawlesshair.com\/es\/flequillo-con-pelo-medio\/\" data-pin-media=\"https:\/\/flawlesshair.com\/wp-content\/uploads\/2023\/07\/9.-curly-medium-hair-with-bangs.jpg\" data-pin-description=\"50 Medium Hairstyles With Bangs You&rsquo;ll Want This Summer\" rel=\"nofollow noopener\" target=\"_blank\"> <\/a><\/div><\/div><figcaption class=\"wp-element-caption\"><a href=\"http:\/\/www.instagram.com\/hirohair\" target=\"_blank\" rel=\"noreferrer noopener nofollow\">@hirohair<\/a><\/figcaption><\/figure>\n\n\n\n<p>Las capas realzan los rizos y evitan que se aplasten, especialmente en los cabellos 3B\/3C, y facilitan el peinado del cabello rizado. <\/p>\n\n\n\n<h2 class=\"wp-block-heading\">10. Pelo hasta los hombros con flequillo largo<\/h2>\n\n\n\n<figure class=\"wp-block-image size-full\"><div style=\"position: relative;\"><noscript><img loading=\"lazy\" decoding=\"async\" width=\"1080\" height=\"1350\" src=\"https:\/\/flawlesshair.com\/wp-content\/uploads\/2023\/07\/10.-shoulder-length-hair-with-long-bangs.jpg\" alt=\"pelo hasta los hombros con flequillo largo\" class=\"wp-image-35194\" srcset=\"https:\/\/flawlesshair.com\/wp-content\/uploads\/2023\/07\/10.-shoulder-length-hair-with-long-bangs.jpg 1080w, https:\/\/flawlesshair.com\/wp-content\/uploads\/2023\/07\/10.-shoulder-length-hair-with-long-bangs-240x300.jpg 240w, https:\/\/flawlesshair.com\/wp-content\/uploads\/2023\/07\/10.-shoulder-length-hair-with-long-bangs-768x960.jpg 768w, https:\/\/flawlesshair.com\/wp-content\/uploads\/2023\/07\/10.-shoulder-length-hair-with-long-bangs-10x12.jpg 10w, https:\/\/flawlesshair.com\/wp-content\/uploads\/2023\/07\/10.-shoulder-length-hair-with-long-bangs-864x1080.jpg 864w, https:\/\/flawlesshair.com\/wp-content\/uploads\/2023\/07\/10.-shoulder-length-hair-with-long-bangs-960x1200.jpg 960w, https:\/\/flawlesshair.com\/wp-content\/uploads\/2023\/07\/10.-shoulder-length-hair-with-long-bangs-150x188.jpg 150w\" sizes=\"auto, (max-width: 760px) calc(100vw - 24px), 720px\"><\/noscript><img loading=\"lazy\" decoding=\"async\" width=\"1080\" height=\"1350\" src=\"https:\/\/flawlesshair.com\/wp-content\/uploads\/2023\/07\/10.-shoulder-length-hair-with-long-bangs.jpg\" alt=\"pelo hasta los hombros con flequillo largo\" class=\"wp-image-35194 lazyload\" srcset=\"https:\/\/flawlesshair.com\/wp-content\/uploads\/2023\/07\/10.-shoulder-length-hair-with-long-bangs.jpg 1080w, https:\/\/flawlesshair.com\/wp-content\/uploads\/2023\/07\/10.-shoulder-length-hair-with-long-bangs-240x300.jpg 240w, https:\/\/flawlesshair.com\/wp-content\/uploads\/2023\/07\/10.-shoulder-length-hair-with-long-bangs-768x960.jpg 768w, https:\/\/flawlesshair.com\/wp-content\/uploads\/2023\/07\/10.-shoulder-length-hair-with-long-bangs-10x12.jpg 10w, https:\/\/flawlesshair.com\/wp-content\/uploads\/2023\/07\/10.-shoulder-length-hair-with-long-bangs-864x1080.jpg 864w, https:\/\/flawlesshair.com\/wp-content\/uploads\/2023\/07\/10.-shoulder-length-hair-with-long-bangs-960x1200.jpg 960w, https:\/\/flawlesshair.com\/wp-content\/uploads\/2023\/07\/10.-shoulder-length-hair-with-long-bangs-150x188.jpg 150w\" sizes=\"auto, (max-width: 760px) calc(100vw - 24px), 720px\" data-pin-media=\"https:\/\/flawlesshair.com\/wp-content\/uploads\/2023\/07\/10.-shoulder-length-hair-with-long-bangs.jpg\" id=\"mv-trellis-img-10\" data-trellis-processed=\"1\"><div style=\"position: absolute; top: 0.5rem; right: 0.75rem;\"> <a href=\"https:\/\/www.pinterest.com\/pin\/create\/button\/\" data-pin-do=\"buttonPin\" data-pin-tall=\"true\" data-pin-url=\"https:\/\/flawlesshair.com\/es\/flequillo-con-pelo-medio\/\" data-pin-media=\"https:\/\/flawlesshair.com\/wp-content\/uploads\/2023\/07\/10.-shoulder-length-hair-with-long-bangs.jpg\" data-pin-description=\"50 Medium Hairstyles With Bangs You&rsquo;ll Want This Summer\" rel=\"nofollow noopener\" target=\"_blank\"> <\/a><\/div><\/div><figcaption class=\"wp-element-caption\"><a href=\"http:\/\/www.instagram.com\/stanleyman001\" target=\"_blank\" rel=\"noreferrer noopener nofollow\">@stanleyman001<\/a><\/figcaption><\/figure>\n\n\n\n<p>Este corte lobo hasta los hombros es un sue\u00f1o. Desenfadado, ondulado y enmarcando la cara, te har\u00e1 parecer diez veces m\u00e1s guay.<\/p>\n\n\n\n<h2 class=\"wp-block-heading\">11. Despeinado con flequillo<\/h2>\n\n\n\n<figure class=\"wp-block-image size-full\"><div style=\"position: relative;\"><noscript><img loading=\"lazy\" decoding=\"async\" width=\"1440\" height=\"1800\" src=\"https:\/\/flawlesshair.com\/wp-content\/uploads\/2023\/07\/11.-shag-with-full-bangs.jpg\" alt=\"rapado con flequillo\" class=\"wp-image-35195\" srcset=\"https:\/\/flawlesshair.com\/wp-content\/uploads\/2023\/07\/11.-shag-with-full-bangs.jpg 1440w, https:\/\/flawlesshair.com\/wp-content\/uploads\/2023\/07\/11.-shag-with-full-bangs-240x300.jpg 240w, https:\/\/flawlesshair.com\/wp-content\/uploads\/2023\/07\/11.-shag-with-full-bangs-768x960.jpg 768w, https:\/\/flawlesshair.com\/wp-content\/uploads\/2023\/07\/11.-shag-with-full-bangs-10x12.jpg 10w, https:\/\/flawlesshair.com\/wp-content\/uploads\/2023\/07\/11.-shag-with-full-bangs-864x1080.jpg 864w, https:\/\/flawlesshair.com\/wp-content\/uploads\/2023\/07\/11.-shag-with-full-bangs-960x1200.jpg 960w, https:\/\/flawlesshair.com\/wp-content\/uploads\/2023\/07\/11.-shag-with-full-bangs-150x188.jpg 150w\" sizes=\"auto, (max-width: 760px) calc(100vw - 24px), 720px\"><\/noscript><img loading=\"lazy\" decoding=\"async\" width=\"1440\" height=\"1800\" src=\"https:\/\/flawlesshair.com\/wp-content\/uploads\/2023\/07\/11.-shag-with-full-bangs.jpg\" alt=\"rapado con flequillo\" class=\"wp-image-35195 lazyload\" srcset=\"https:\/\/flawlesshair.com\/wp-content\/uploads\/2023\/07\/11.-shag-with-full-bangs.jpg 1440w, https:\/\/flawlesshair.com\/wp-content\/uploads\/2023\/07\/11.-shag-with-full-bangs-240x300.jpg 240w, https:\/\/flawlesshair.com\/wp-content\/uploads\/2023\/07\/11.-shag-with-full-bangs-768x960.jpg 768w, https:\/\/flawlesshair.com\/wp-content\/uploads\/2023\/07\/11.-shag-with-full-bangs-10x12.jpg 10w, https:\/\/flawlesshair.com\/wp-content\/uploads\/2023\/07\/11.-shag-with-full-bangs-864x1080.jpg 864w, https:\/\/flawlesshair.com\/wp-content\/uploads\/2023\/07\/11.-shag-with-full-bangs-960x1200.jpg 960w, https:\/\/flawlesshair.com\/wp-content\/uploads\/2023\/07\/11.-shag-with-full-bangs-150x188.jpg 150w\" sizes=\"auto, (max-width: 760px) calc(100vw - 24px), 720px\" data-pin-media=\"https:\/\/flawlesshair.com\/wp-content\/uploads\/2023\/07\/11.-shag-with-full-bangs.jpg\" id=\"mv-trellis-img-11\" data-trellis-processed=\"1\"><div style=\"position: absolute; top: 0.5rem; right: 0.75rem;\"> <a href=\"https:\/\/www.pinterest.com\/pin\/create\/button\/\" data-pin-do=\"buttonPin\" data-pin-tall=\"true\" data-pin-url=\"https:\/\/flawlesshair.com\/es\/flequillo-con-pelo-medio\/\" data-pin-media=\"https:\/\/flawlesshair.com\/wp-content\/uploads\/2023\/07\/11.-shag-with-full-bangs.jpg\" data-pin-description=\"50 Medium Hairstyles With Bangs You&rsquo;ll Want This Summer\" rel=\"nofollow noopener\" target=\"_blank\"> <\/a><\/div><\/div><figcaption class=\"wp-element-caption\"><a href=\"https:\/\/www.facebook.com\/stebunovhair\/\" target=\"_blank\" rel=\"noreferrer noopener nofollow\">@stebunovhair<\/a><\/figcaption><\/figure>\n\n\n\n<p>No tienes que \"domar\" tu pelo grueso, s\u00f3lo aprender a trabajar con \u00e9l. Este peinado voluminoso elimina el volumen justo para que el pelo sea manejable, pero sigue siendo una melena abundante y voluptuosa.<\/p>\n\n\n\n<h2 class=\"wp-block-heading\">12. Pelo hasta los hombros con flequillo suave<\/h2>\n\n\n\n<figure class=\"wp-block-image size-full\"><div style=\"position: relative;\"><noscript><img loading=\"lazy\" decoding=\"async\" width=\"1440\" height=\"1440\" src=\"https:\/\/flawlesshair.com\/wp-content\/uploads\/2023\/07\/12.-shoulder-length-hair-with-soft-fringe.jpg\" alt=\"pelo hasta los hombros con flequillo suave\" class=\"wp-image-35196\" srcset=\"https:\/\/flawlesshair.com\/wp-content\/uploads\/2023\/07\/12.-shoulder-length-hair-with-soft-fringe.jpg 1440w, https:\/\/flawlesshair.com\/wp-content\/uploads\/2023\/07\/12.-shoulder-length-hair-with-soft-fringe-300x300.jpg 300w, https:\/\/flawlesshair.com\/wp-content\/uploads\/2023\/07\/12.-shoulder-length-hair-with-soft-fringe-150x150.jpg 150w, https:\/\/flawlesshair.com\/wp-content\/uploads\/2023\/07\/12.-shoulder-length-hair-with-soft-fringe-768x768.jpg 768w, https:\/\/flawlesshair.com\/wp-content\/uploads\/2023\/07\/12.-shoulder-length-hair-with-soft-fringe-12x12.jpg 12w, https:\/\/flawlesshair.com\/wp-content\/uploads\/2023\/07\/12.-shoulder-length-hair-with-soft-fringe-728x728.jpg 728w, https:\/\/flawlesshair.com\/wp-content\/uploads\/2023\/07\/12.-shoulder-length-hair-with-soft-fringe-960x960.jpg 960w, https:\/\/flawlesshair.com\/wp-content\/uploads\/2023\/07\/12.-shoulder-length-hair-with-soft-fringe-1080x1080.jpg 1080w, https:\/\/flawlesshair.com\/wp-content\/uploads\/2023\/07\/12.-shoulder-length-hair-with-soft-fringe-1200x1200.jpg 1200w, https:\/\/flawlesshair.com\/wp-content\/uploads\/2023\/07\/12.-shoulder-length-hair-with-soft-fringe-96x96.jpg 96w\" sizes=\"auto, (max-width: 760px) calc(100vw - 24px), 720px\"><\/noscript><img loading=\"lazy\" decoding=\"async\" width=\"1440\" height=\"1440\" src=\"https:\/\/flawlesshair.com\/wp-content\/uploads\/2023\/07\/12.-shoulder-length-hair-with-soft-fringe.jpg\" alt=\"pelo hasta los hombros con flequillo suave\" class=\"wp-image-35196 lazyload\" srcset=\"https:\/\/flawlesshair.com\/wp-content\/uploads\/2023\/07\/12.-shoulder-length-hair-with-soft-fringe.jpg 1440w, https:\/\/flawlesshair.com\/wp-content\/uploads\/2023\/07\/12.-shoulder-length-hair-with-soft-fringe-300x300.jpg 300w, https:\/\/flawlesshair.com\/wp-content\/uploads\/2023\/07\/12.-shoulder-length-hair-with-soft-fringe-150x150.jpg 150w, https:\/\/flawlesshair.com\/wp-content\/uploads\/2023\/07\/12.-shoulder-length-hair-with-soft-fringe-768x768.jpg 768w, https:\/\/flawlesshair.com\/wp-content\/uploads\/2023\/07\/12.-shoulder-length-hair-with-soft-fringe-12x12.jpg 12w, https:\/\/flawlesshair.com\/wp-content\/uploads\/2023\/07\/12.-shoulder-length-hair-with-soft-fringe-728x728.jpg 728w, https:\/\/flawlesshair.com\/wp-content\/uploads\/2023\/07\/12.-shoulder-length-hair-with-soft-fringe-960x960.jpg 960w, https:\/\/flawlesshair.com\/wp-content\/uploads\/2023\/07\/12.-shoulder-length-hair-with-soft-fringe-1080x1080.jpg 1080w, https:\/\/flawlesshair.com\/wp-content\/uploads\/2023\/07\/12.-shoulder-length-hair-with-soft-fringe-1200x1200.jpg 1200w, https:\/\/flawlesshair.com\/wp-content\/uploads\/2023\/07\/12.-shoulder-length-hair-with-soft-fringe-96x96.jpg 96w\" sizes=\"auto, (max-width: 760px) calc(100vw - 24px), 720px\" data-pin-media=\"https:\/\/flawlesshair.com\/wp-content\/uploads\/2023\/07\/12.-shoulder-length-hair-with-soft-fringe.jpg\" id=\"mv-trellis-img-12\" data-trellis-processed=\"1\"><div style=\"position: absolute; top: 0.5rem; right: 0.75rem;\"> <a href=\"https:\/\/www.pinterest.com\/pin\/create\/button\/\" data-pin-do=\"buttonPin\" data-pin-tall=\"true\" data-pin-url=\"https:\/\/flawlesshair.com\/es\/flequillo-con-pelo-medio\/\" data-pin-media=\"https:\/\/flawlesshair.com\/wp-content\/uploads\/2023\/07\/12.-shoulder-length-hair-with-soft-fringe.jpg\" data-pin-description=\"50 Medium Hairstyles With Bangs You&rsquo;ll Want This Summer\" rel=\"nofollow noopener\" target=\"_blank\"> <\/a><\/div><\/div><figcaption class=\"wp-element-caption\"><a href=\"http:\/\/www.instagram.com\/takuya_ishikawa_\" target=\"_blank\" rel=\"noreferrer noopener nofollow\">@takuya_ishikawa_<\/a><\/figcaption><\/figure>\n\n\n\n<p>Las capas suaves y largas y el flequillo fino complementan el cabello fino que tiende a aplastarse creando movimiento y rebote.<\/p>\n\n\n\n<h2 class=\"wp-block-heading\">13. Salmonete largo con flequillo recortado<\/h2>\n\n\n\n<figure class=\"wp-block-image size-full\"><div style=\"position: relative;\"><noscript><img loading=\"lazy\" decoding=\"async\" width=\"1080\" height=\"1349\" src=\"https:\/\/flawlesshair.com\/wp-content\/uploads\/2023\/07\/13.-long-mullet-with-choppy-bangs.jpg\" alt=\"salmonete largo con flequillo recortado\" class=\"wp-image-35197\" srcset=\"https:\/\/flawlesshair.com\/wp-content\/uploads\/2023\/07\/13.-long-mullet-with-choppy-bangs.jpg 1080w, https:\/\/flawlesshair.com\/wp-content\/uploads\/2023\/07\/13.-long-mullet-with-choppy-bangs-240x300.jpg 240w, https:\/\/flawlesshair.com\/wp-content\/uploads\/2023\/07\/13.-long-mullet-with-choppy-bangs-768x959.jpg 768w, https:\/\/flawlesshair.com\/wp-content\/uploads\/2023\/07\/13.-long-mullet-with-choppy-bangs-10x12.jpg 10w, https:\/\/flawlesshair.com\/wp-content\/uploads\/2023\/07\/13.-long-mullet-with-choppy-bangs-769x960.jpg 769w, https:\/\/flawlesshair.com\/wp-content\/uploads\/2023\/07\/13.-long-mullet-with-choppy-bangs-865x1080.jpg 865w, https:\/\/flawlesshair.com\/wp-content\/uploads\/2023\/07\/13.-long-mullet-with-choppy-bangs-961x1200.jpg 961w, https:\/\/flawlesshair.com\/wp-content\/uploads\/2023\/07\/13.-long-mullet-with-choppy-bangs-150x187.jpg 150w\" sizes=\"auto, (max-width: 760px) calc(100vw - 24px), 720px\"><\/noscript><img loading=\"lazy\" decoding=\"async\" width=\"1080\" height=\"1349\" src=\"https:\/\/flawlesshair.com\/wp-content\/uploads\/2023\/07\/13.-long-mullet-with-choppy-bangs.jpg\" alt=\"salmonete largo con flequillo recortado\" class=\"wp-image-35197 lazyload\" srcset=\"https:\/\/flawlesshair.com\/wp-content\/uploads\/2023\/07\/13.-long-mullet-with-choppy-bangs.jpg 1080w, https:\/\/flawlesshair.com\/wp-content\/uploads\/2023\/07\/13.-long-mullet-with-choppy-bangs-240x300.jpg 240w, https:\/\/flawlesshair.com\/wp-content\/uploads\/2023\/07\/13.-long-mullet-with-choppy-bangs-768x959.jpg 768w, https:\/\/flawlesshair.com\/wp-content\/uploads\/2023\/07\/13.-long-mullet-with-choppy-bangs-10x12.jpg 10w, https:\/\/flawlesshair.com\/wp-content\/uploads\/2023\/07\/13.-long-mullet-with-choppy-bangs-769x960.jpg 769w, https:\/\/flawlesshair.com\/wp-content\/uploads\/2023\/07\/13.-long-mullet-with-choppy-bangs-865x1080.jpg 865w, https:\/\/flawlesshair.com\/wp-content\/uploads\/2023\/07\/13.-long-mullet-with-choppy-bangs-961x1200.jpg 961w, https:\/\/flawlesshair.com\/wp-content\/uploads\/2023\/07\/13.-long-mullet-with-choppy-bangs-150x187.jpg 150w\" sizes=\"auto, (max-width: 760px) calc(100vw - 24px), 720px\" data-pin-media=\"https:\/\/flawlesshair.com\/wp-content\/uploads\/2023\/07\/13.-long-mullet-with-choppy-bangs.jpg\" id=\"mv-trellis-img-13\" data-trellis-processed=\"1\"><div style=\"position: absolute; top: 0.5rem; right: 0.75rem;\"> <a href=\"https:\/\/www.pinterest.com\/pin\/create\/button\/\" data-pin-do=\"buttonPin\" data-pin-tall=\"true\" data-pin-url=\"https:\/\/flawlesshair.com\/es\/flequillo-con-pelo-medio\/\" data-pin-media=\"https:\/\/flawlesshair.com\/wp-content\/uploads\/2023\/07\/13.-long-mullet-with-choppy-bangs.jpg\" data-pin-description=\"50 Medium Hairstyles With Bangs You&rsquo;ll Want This Summer\" rel=\"nofollow noopener\" target=\"_blank\"> <\/a><\/div><\/div><figcaption class=\"wp-element-caption\"><a href=\"http:\/\/www.instagram.com\/joeltorresstyle\" target=\"_blank\" rel=\"noreferrer noopener nofollow\">@joeltorresstyle<\/a><\/figcaption><\/figure>\n\n\n\n<p>Los salmonetes han vuelto y est\u00e1n m\u00e1s de moda que nunca, y \u00e9ste te muestra por qu\u00e9. Este corte de pelo no tiene nada de cursi: enmarca la cara y es un moderno corte a capas.<\/p>\n\n\n\n<h2 class=\"wp-block-heading\">14. Rizos voluminosos con flequillo flexible<\/h2>\n\n\n\n<figure class=\"wp-block-image size-full\"><div style=\"position: relative;\"><noscript><img loading=\"lazy\" decoding=\"async\" width=\"1080\" height=\"1350\" src=\"https:\/\/flawlesshair.com\/wp-content\/uploads\/2023\/07\/14.-voluminous-curls-with-bouncy-bangs.jpg\" alt=\"rizos voluminosos con flequillo flexible\" class=\"wp-image-35198\" srcset=\"https:\/\/flawlesshair.com\/wp-content\/uploads\/2023\/07\/14.-voluminous-curls-with-bouncy-bangs.jpg 1080w, https:\/\/flawlesshair.com\/wp-content\/uploads\/2023\/07\/14.-voluminous-curls-with-bouncy-bangs-240x300.jpg 240w, https:\/\/flawlesshair.com\/wp-content\/uploads\/2023\/07\/14.-voluminous-curls-with-bouncy-bangs-768x960.jpg 768w, https:\/\/flawlesshair.com\/wp-content\/uploads\/2023\/07\/14.-voluminous-curls-with-bouncy-bangs-10x12.jpg 10w, https:\/\/flawlesshair.com\/wp-content\/uploads\/2023\/07\/14.-voluminous-curls-with-bouncy-bangs-864x1080.jpg 864w, https:\/\/flawlesshair.com\/wp-content\/uploads\/2023\/07\/14.-voluminous-curls-with-bouncy-bangs-960x1200.jpg 960w, https:\/\/flawlesshair.com\/wp-content\/uploads\/2023\/07\/14.-voluminous-curls-with-bouncy-bangs-150x188.jpg 150w\" sizes=\"auto, (max-width: 760px) calc(100vw - 24px), 720px\"><\/noscript><img loading=\"lazy\" decoding=\"async\" width=\"1080\" height=\"1350\" src=\"https:\/\/flawlesshair.com\/wp-content\/uploads\/2023\/07\/14.-voluminous-curls-with-bouncy-bangs.jpg\" alt=\"rizos voluminosos con flequillo flexible\" class=\"wp-image-35198 lazyload\" srcset=\"https:\/\/flawlesshair.com\/wp-content\/uploads\/2023\/07\/14.-voluminous-curls-with-bouncy-bangs.jpg 1080w, https:\/\/flawlesshair.com\/wp-content\/uploads\/2023\/07\/14.-voluminous-curls-with-bouncy-bangs-240x300.jpg 240w, https:\/\/flawlesshair.com\/wp-content\/uploads\/2023\/07\/14.-voluminous-curls-with-bouncy-bangs-768x960.jpg 768w, https:\/\/flawlesshair.com\/wp-content\/uploads\/2023\/07\/14.-voluminous-curls-with-bouncy-bangs-10x12.jpg 10w, https:\/\/flawlesshair.com\/wp-content\/uploads\/2023\/07\/14.-voluminous-curls-with-bouncy-bangs-864x1080.jpg 864w, https:\/\/flawlesshair.com\/wp-content\/uploads\/2023\/07\/14.-voluminous-curls-with-bouncy-bangs-960x1200.jpg 960w, https:\/\/flawlesshair.com\/wp-content\/uploads\/2023\/07\/14.-voluminous-curls-with-bouncy-bangs-150x188.jpg 150w\" sizes=\"auto, (max-width: 760px) calc(100vw - 24px), 720px\" data-pin-media=\"https:\/\/flawlesshair.com\/wp-content\/uploads\/2023\/07\/14.-voluminous-curls-with-bouncy-bangs.jpg\" id=\"mv-trellis-img-14\" data-trellis-processed=\"1\"><div style=\"position: absolute; top: 0.5rem; right: 0.75rem;\"> <a href=\"https:\/\/www.pinterest.com\/pin\/create\/button\/\" data-pin-do=\"buttonPin\" data-pin-tall=\"true\" data-pin-url=\"https:\/\/flawlesshair.com\/es\/flequillo-con-pelo-medio\/\" data-pin-media=\"https:\/\/flawlesshair.com\/wp-content\/uploads\/2023\/07\/14.-voluminous-curls-with-bouncy-bangs.jpg\" data-pin-description=\"50 Medium Hairstyles With Bangs You&rsquo;ll Want This Summer\" rel=\"nofollow noopener\" target=\"_blank\"> <\/a><\/div><\/div><figcaption class=\"wp-element-caption\"><a href=\"http:\/\/www.instagram.com\/michellethompsonhair\" target=\"_blank\" rel=\"noreferrer noopener nofollow\">@michellethompsonhair<\/a><\/figcaption><\/figure>\n\n\n\n<p>Este corte de pelo rizado medio ya era todo movimiento y volumen, pero el bonito flequillo ha completado el look.<\/p>\n\n\n\n<h2 class=\"wp-block-heading\">15. Corte lobo con flequillo corto<\/h2>\n\n\n\n<figure class=\"wp-block-image size-full\"><div style=\"position: relative;\"><noscript><img loading=\"lazy\" decoding=\"async\" width=\"1084\" height=\"1355\" src=\"https:\/\/flawlesshair.com\/wp-content\/uploads\/2023\/07\/15.-wolf-cut-with-short-bangs.jpg\" alt=\"corte lobo con flequillo corto\" class=\"wp-image-35199\" srcset=\"https:\/\/flawlesshair.com\/wp-content\/uploads\/2023\/07\/15.-wolf-cut-with-short-bangs.jpg 1084w, https:\/\/flawlesshair.com\/wp-content\/uploads\/2023\/07\/15.-wolf-cut-with-short-bangs-240x300.jpg 240w, https:\/\/flawlesshair.com\/wp-content\/uploads\/2023\/07\/15.-wolf-cut-with-short-bangs-768x960.jpg 768w, https:\/\/flawlesshair.com\/wp-content\/uploads\/2023\/07\/15.-wolf-cut-with-short-bangs-10x12.jpg 10w, https:\/\/flawlesshair.com\/wp-content\/uploads\/2023\/07\/15.-wolf-cut-with-short-bangs-864x1080.jpg 864w, https:\/\/flawlesshair.com\/wp-content\/uploads\/2023\/07\/15.-wolf-cut-with-short-bangs-960x1200.jpg 960w, https:\/\/flawlesshair.com\/wp-content\/uploads\/2023\/07\/15.-wolf-cut-with-short-bangs-150x188.jpg 150w\" sizes=\"auto, (max-width: 760px) calc(100vw - 24px), 720px\"><\/noscript><img loading=\"lazy\" decoding=\"async\" width=\"1084\" height=\"1355\" src=\"https:\/\/flawlesshair.com\/wp-content\/uploads\/2023\/07\/15.-wolf-cut-with-short-bangs.jpg\" alt=\"corte lobo con flequillo corto\" class=\"wp-image-35199 lazyload\" srcset=\"https:\/\/flawlesshair.com\/wp-content\/uploads\/2023\/07\/15.-wolf-cut-with-short-bangs.jpg 1084w, https:\/\/flawlesshair.com\/wp-content\/uploads\/2023\/07\/15.-wolf-cut-with-short-bangs-240x300.jpg 240w, https:\/\/flawlesshair.com\/wp-content\/uploads\/2023\/07\/15.-wolf-cut-with-short-bangs-768x960.jpg 768w, https:\/\/flawlesshair.com\/wp-content\/uploads\/2023\/07\/15.-wolf-cut-with-short-bangs-10x12.jpg 10w, https:\/\/flawlesshair.com\/wp-content\/uploads\/2023\/07\/15.-wolf-cut-with-short-bangs-864x1080.jpg 864w, https:\/\/flawlesshair.com\/wp-content\/uploads\/2023\/07\/15.-wolf-cut-with-short-bangs-960x1200.jpg 960w, https:\/\/flawlesshair.com\/wp-content\/uploads\/2023\/07\/15.-wolf-cut-with-short-bangs-150x188.jpg 150w\" sizes=\"auto, (max-width: 760px) calc(100vw - 24px), 720px\" data-pin-media=\"https:\/\/flawlesshair.com\/wp-content\/uploads\/2023\/07\/15.-wolf-cut-with-short-bangs.jpg\" id=\"mv-trellis-img-15\" data-trellis-processed=\"1\"><div style=\"position: absolute; top: 0.5rem; right: 0.75rem;\"> <a href=\"https:\/\/www.pinterest.com\/pin\/create\/button\/\" data-pin-do=\"buttonPin\" data-pin-tall=\"true\" data-pin-url=\"https:\/\/flawlesshair.com\/es\/flequillo-con-pelo-medio\/\" data-pin-media=\"https:\/\/flawlesshair.com\/wp-content\/uploads\/2023\/07\/15.-wolf-cut-with-short-bangs.jpg\" data-pin-description=\"50 Medium Hairstyles With Bangs You&rsquo;ll Want This Summer\" rel=\"nofollow noopener\" target=\"_blank\"> <\/a><\/div><\/div><figcaption class=\"wp-element-caption\"><a href=\"http:\/\/www.instagram.com\/memmieyo\" target=\"_blank\" rel=\"noreferrer noopener nofollow\">@memmieyo<\/a><\/figcaption><\/figure>\n\n\n\n<p>Un corte lob a media melena es s\u00faper manejable, y si no eres fan del flequillo m\u00e1s corto que suele acompa\u00f1arlo, aqu\u00ed te mostramos c\u00f3mo queda con flequillo cortina.<\/p>\n\n\n\n<h2 class=\"wp-block-heading\">16. Pelo cortado con flequillo a capas<\/h2>\n\n\n\n<figure class=\"wp-block-image size-full\"><div style=\"position: relative;\"><noscript><img loading=\"lazy\" decoding=\"async\" width=\"1080\" height=\"1349\" src=\"https:\/\/flawlesshair.com\/wp-content\/uploads\/2023\/07\/16.-choppy-hair-with-layered-bangs.jpg\" alt=\"pelo corto con flequillo a capas\" class=\"wp-image-35200\" srcset=\"https:\/\/flawlesshair.com\/wp-content\/uploads\/2023\/07\/16.-choppy-hair-with-layered-bangs.jpg 1080w, https:\/\/flawlesshair.com\/wp-content\/uploads\/2023\/07\/16.-choppy-hair-with-layered-bangs-240x300.jpg 240w, https:\/\/flawlesshair.com\/wp-content\/uploads\/2023\/07\/16.-choppy-hair-with-layered-bangs-768x959.jpg 768w, https:\/\/flawlesshair.com\/wp-content\/uploads\/2023\/07\/16.-choppy-hair-with-layered-bangs-10x12.jpg 10w, https:\/\/flawlesshair.com\/wp-content\/uploads\/2023\/07\/16.-choppy-hair-with-layered-bangs-769x960.jpg 769w, https:\/\/flawlesshair.com\/wp-content\/uploads\/2023\/07\/16.-choppy-hair-with-layered-bangs-865x1080.jpg 865w, https:\/\/flawlesshair.com\/wp-content\/uploads\/2023\/07\/16.-choppy-hair-with-layered-bangs-961x1200.jpg 961w, https:\/\/flawlesshair.com\/wp-content\/uploads\/2023\/07\/16.-choppy-hair-with-layered-bangs-150x187.jpg 150w\" sizes=\"auto, (max-width: 760px) calc(100vw - 24px), 720px\"><\/noscript><img loading=\"lazy\" decoding=\"async\" width=\"1080\" height=\"1349\" src=\"https:\/\/flawlesshair.com\/wp-content\/uploads\/2023\/07\/16.-choppy-hair-with-layered-bangs.jpg\" alt=\"pelo corto con flequillo a capas\" class=\"wp-image-35200 lazyload\" srcset=\"https:\/\/flawlesshair.com\/wp-content\/uploads\/2023\/07\/16.-choppy-hair-with-layered-bangs.jpg 1080w, https:\/\/flawlesshair.com\/wp-content\/uploads\/2023\/07\/16.-choppy-hair-with-layered-bangs-240x300.jpg 240w, https:\/\/flawlesshair.com\/wp-content\/uploads\/2023\/07\/16.-choppy-hair-with-layered-bangs-768x959.jpg 768w, https:\/\/flawlesshair.com\/wp-content\/uploads\/2023\/07\/16.-choppy-hair-with-layered-bangs-10x12.jpg 10w, https:\/\/flawlesshair.com\/wp-content\/uploads\/2023\/07\/16.-choppy-hair-with-layered-bangs-769x960.jpg 769w, https:\/\/flawlesshair.com\/wp-content\/uploads\/2023\/07\/16.-choppy-hair-with-layered-bangs-865x1080.jpg 865w, https:\/\/flawlesshair.com\/wp-content\/uploads\/2023\/07\/16.-choppy-hair-with-layered-bangs-961x1200.jpg 961w, https:\/\/flawlesshair.com\/wp-content\/uploads\/2023\/07\/16.-choppy-hair-with-layered-bangs-150x187.jpg 150w\" sizes=\"auto, (max-width: 760px) calc(100vw - 24px), 720px\" data-pin-media=\"https:\/\/flawlesshair.com\/wp-content\/uploads\/2023\/07\/16.-choppy-hair-with-layered-bangs.jpg\" id=\"mv-trellis-img-16\" data-trellis-processed=\"1\"><div style=\"position: absolute; top: 0.5rem; right: 0.75rem;\"> <a href=\"https:\/\/www.pinterest.com\/pin\/create\/button\/\" data-pin-do=\"buttonPin\" data-pin-tall=\"true\" data-pin-url=\"https:\/\/flawlesshair.com\/es\/flequillo-con-pelo-medio\/\" data-pin-media=\"https:\/\/flawlesshair.com\/wp-content\/uploads\/2023\/07\/16.-choppy-hair-with-layered-bangs.jpg\" data-pin-description=\"50 Medium Hairstyles With Bangs You&rsquo;ll Want This Summer\" rel=\"nofollow noopener\" target=\"_blank\"> <\/a><\/div><\/div><figcaption class=\"wp-element-caption\"><a href=\"http:\/\/www.instagram.com\/joeltorresstyle\" target=\"_blank\" rel=\"noreferrer noopener nofollow\">@joeltorresstyle<\/a><\/figcaption><\/figure>\n\n\n\n<p>Despuntado y entrecortado es una combinaci\u00f3n ultramoderna que realza la textura del cabello. Si tu pelo empieza a perder volumen durante el d\u00eda, m\u00f3jate las manos y estr\u00fajalo para refrescar tu peinado.<\/p>\n\n\n\n<h2 class=\"wp-block-heading\">17. Shag medio con flecos<\/h2>\n\n\n\n<figure class=\"wp-block-image size-full\"><div style=\"position: relative;\"><noscript><img loading=\"lazy\" decoding=\"async\" width=\"1440\" height=\"1440\" src=\"https:\/\/flawlesshair.com\/wp-content\/uploads\/2023\/07\/17.-medium-shag-with-fringe.jpg\" alt=\"shag medio con flecos\" class=\"wp-image-35201\" srcset=\"https:\/\/flawlesshair.com\/wp-content\/uploads\/2023\/07\/17.-medium-shag-with-fringe.jpg 1440w, https:\/\/flawlesshair.com\/wp-content\/uploads\/2023\/07\/17.-medium-shag-with-fringe-300x300.jpg 300w, https:\/\/flawlesshair.com\/wp-content\/uploads\/2023\/07\/17.-medium-shag-with-fringe-150x150.jpg 150w, https:\/\/flawlesshair.com\/wp-content\/uploads\/2023\/07\/17.-medium-shag-with-fringe-768x768.jpg 768w, https:\/\/flawlesshair.com\/wp-content\/uploads\/2023\/07\/17.-medium-shag-with-fringe-12x12.jpg 12w, https:\/\/flawlesshair.com\/wp-content\/uploads\/2023\/07\/17.-medium-shag-with-fringe-728x728.jpg 728w, https:\/\/flawlesshair.com\/wp-content\/uploads\/2023\/07\/17.-medium-shag-with-fringe-960x960.jpg 960w, https:\/\/flawlesshair.com\/wp-content\/uploads\/2023\/07\/17.-medium-shag-with-fringe-1080x1080.jpg 1080w, https:\/\/flawlesshair.com\/wp-content\/uploads\/2023\/07\/17.-medium-shag-with-fringe-1200x1200.jpg 1200w, https:\/\/flawlesshair.com\/wp-content\/uploads\/2023\/07\/17.-medium-shag-with-fringe-96x96.jpg 96w\" sizes=\"auto, (max-width: 760px) calc(100vw - 24px), 720px\"><\/noscript><img loading=\"lazy\" decoding=\"async\" width=\"1440\" height=\"1440\" src=\"https:\/\/flawlesshair.com\/wp-content\/uploads\/2023\/07\/17.-medium-shag-with-fringe.jpg\" alt=\"shag medio con flecos\" class=\"wp-image-35201 lazyload\" srcset=\"https:\/\/flawlesshair.com\/wp-content\/uploads\/2023\/07\/17.-medium-shag-with-fringe.jpg 1440w, https:\/\/flawlesshair.com\/wp-content\/uploads\/2023\/07\/17.-medium-shag-with-fringe-300x300.jpg 300w, https:\/\/flawlesshair.com\/wp-content\/uploads\/2023\/07\/17.-medium-shag-with-fringe-150x150.jpg 150w, https:\/\/flawlesshair.com\/wp-content\/uploads\/2023\/07\/17.-medium-shag-with-fringe-768x768.jpg 768w, https:\/\/flawlesshair.com\/wp-content\/uploads\/2023\/07\/17.-medium-shag-with-fringe-12x12.jpg 12w, https:\/\/flawlesshair.com\/wp-content\/uploads\/2023\/07\/17.-medium-shag-with-fringe-728x728.jpg 728w, https:\/\/flawlesshair.com\/wp-content\/uploads\/2023\/07\/17.-medium-shag-with-fringe-960x960.jpg 960w, https:\/\/flawlesshair.com\/wp-content\/uploads\/2023\/07\/17.-medium-shag-with-fringe-1080x1080.jpg 1080w, https:\/\/flawlesshair.com\/wp-content\/uploads\/2023\/07\/17.-medium-shag-with-fringe-1200x1200.jpg 1200w, https:\/\/flawlesshair.com\/wp-content\/uploads\/2023\/07\/17.-medium-shag-with-fringe-96x96.jpg 96w\" sizes=\"auto, (max-width: 760px) calc(100vw - 24px), 720px\" data-pin-media=\"https:\/\/flawlesshair.com\/wp-content\/uploads\/2023\/07\/17.-medium-shag-with-fringe.jpg\" id=\"mv-trellis-img-17\" data-trellis-processed=\"1\"><div style=\"position: absolute; top: 0.5rem; right: 0.75rem;\"> <a href=\"https:\/\/www.pinterest.com\/pin\/create\/button\/\" data-pin-do=\"buttonPin\" data-pin-tall=\"true\" data-pin-url=\"https:\/\/flawlesshair.com\/es\/flequillo-con-pelo-medio\/\" data-pin-media=\"https:\/\/flawlesshair.com\/wp-content\/uploads\/2023\/07\/17.-medium-shag-with-fringe.jpg\" data-pin-description=\"50 Medium Hairstyles With Bangs You&rsquo;ll Want This Summer\" rel=\"nofollow noopener\" target=\"_blank\"> <\/a><\/div><\/div><figcaption class=\"wp-element-caption\"><a href=\"http:\/\/www.instagram.com\/hollygirldoeshair\" target=\"_blank\" rel=\"noreferrer noopener nofollow\">@hollygirldoeshair<\/a><\/figcaption><\/figure>\n\n\n\n<p>Los shags pueden tener capas entrecortadas o c\u00f3nicas, seg\u00fan el look que prefieras, y este tan suave crea un efecto de ensue\u00f1o y suavidad.<\/p>\n\n\n\n<h2 class=\"wp-block-heading\">18. Pelo medio con flequillo Bardot<\/h2>\n\n\n\n<figure class=\"wp-block-image size-full\"><div style=\"position: relative;\"><noscript><img loading=\"lazy\" decoding=\"async\" width=\"1080\" height=\"1343\" src=\"https:\/\/flawlesshair.com\/wp-content\/uploads\/2023\/07\/18.-medium-hair-with-bardot-bangs.jpg\" alt=\"media melena con flequillo bardot\" class=\"wp-image-35202\" srcset=\"https:\/\/flawlesshair.com\/wp-content\/uploads\/2023\/07\/18.-medium-hair-with-bardot-bangs.jpg 1080w, https:\/\/flawlesshair.com\/wp-content\/uploads\/2023\/07\/18.-medium-hair-with-bardot-bangs-241x300.jpg 241w, https:\/\/flawlesshair.com\/wp-content\/uploads\/2023\/07\/18.-medium-hair-with-bardot-bangs-768x955.jpg 768w, https:\/\/flawlesshair.com\/wp-content\/uploads\/2023\/07\/18.-medium-hair-with-bardot-bangs-10x12.jpg 10w, https:\/\/flawlesshair.com\/wp-content\/uploads\/2023\/07\/18.-medium-hair-with-bardot-bangs-772x960.jpg 772w, https:\/\/flawlesshair.com\/wp-content\/uploads\/2023\/07\/18.-medium-hair-with-bardot-bangs-869x1080.jpg 869w, https:\/\/flawlesshair.com\/wp-content\/uploads\/2023\/07\/18.-medium-hair-with-bardot-bangs-965x1200.jpg 965w, https:\/\/flawlesshair.com\/wp-content\/uploads\/2023\/07\/18.-medium-hair-with-bardot-bangs-150x187.jpg 150w\" sizes=\"auto, (max-width: 760px) calc(100vw - 24px), 720px\"><\/noscript><img loading=\"lazy\" decoding=\"async\" width=\"1080\" height=\"1343\" src=\"https:\/\/flawlesshair.com\/wp-content\/uploads\/2023\/07\/18.-medium-hair-with-bardot-bangs.jpg\" alt=\"media melena con flequillo bardot\" class=\"wp-image-35202 lazyload\" srcset=\"https:\/\/flawlesshair.com\/wp-content\/uploads\/2023\/07\/18.-medium-hair-with-bardot-bangs.jpg 1080w, https:\/\/flawlesshair.com\/wp-content\/uploads\/2023\/07\/18.-medium-hair-with-bardot-bangs-241x300.jpg 241w, https:\/\/flawlesshair.com\/wp-content\/uploads\/2023\/07\/18.-medium-hair-with-bardot-bangs-768x955.jpg 768w, https:\/\/flawlesshair.com\/wp-content\/uploads\/2023\/07\/18.-medium-hair-with-bardot-bangs-10x12.jpg 10w, https:\/\/flawlesshair.com\/wp-content\/uploads\/2023\/07\/18.-medium-hair-with-bardot-bangs-772x960.jpg 772w, https:\/\/flawlesshair.com\/wp-content\/uploads\/2023\/07\/18.-medium-hair-with-bardot-bangs-869x1080.jpg 869w, https:\/\/flawlesshair.com\/wp-content\/uploads\/2023\/07\/18.-medium-hair-with-bardot-bangs-965x1200.jpg 965w, https:\/\/flawlesshair.com\/wp-content\/uploads\/2023\/07\/18.-medium-hair-with-bardot-bangs-150x187.jpg 150w\" sizes=\"auto, (max-width: 760px) calc(100vw - 24px), 720px\" data-pin-media=\"https:\/\/flawlesshair.com\/wp-content\/uploads\/2023\/07\/18.-medium-hair-with-bardot-bangs.jpg\" id=\"mv-trellis-img-18\" data-trellis-processed=\"1\"><div style=\"position: absolute; top: 0.5rem; right: 0.75rem;\"> <a href=\"https:\/\/www.pinterest.com\/pin\/create\/button\/\" data-pin-do=\"buttonPin\" data-pin-tall=\"true\" data-pin-url=\"https:\/\/flawlesshair.com\/es\/flequillo-con-pelo-medio\/\" data-pin-media=\"https:\/\/flawlesshair.com\/wp-content\/uploads\/2023\/07\/18.-medium-hair-with-bardot-bangs.jpg\" data-pin-description=\"50 Medium Hairstyles With Bangs You&rsquo;ll Want This Summer\" rel=\"nofollow noopener\" target=\"_blank\"> <\/a><\/div><\/div><figcaption class=\"wp-element-caption\"><a href=\"http:\/\/www.instagram.com\/hirohair\" target=\"_blank\" rel=\"noreferrer noopener nofollow\">@hirohair<\/a><\/figcaption><\/figure>\n\n\n\n<p>El flequillo Bardot es similar al flequillo cortina en lo que se refiere al encuadre de la cara, s\u00f3lo que la parte central es corta y entrecortada. Te da un aspecto m\u00e1s de flequillo sin demasiadas complicaciones.<\/p>\n\n\n\n<h2 class=\"wp-block-heading\">19. Pelo rizado con flequillo ondulado<\/h2>\n\n\n\n<figure class=\"wp-block-image size-full\"><div style=\"position: relative;\"><noscript><img loading=\"lazy\" decoding=\"async\" width=\"1080\" height=\"1350\" src=\"https:\/\/flawlesshair.com\/wp-content\/uploads\/2023\/07\/19.-curly-hair-with-wispy-bangs.jpg\" alt=\"pelo rizado con flequillo ondulado\" class=\"wp-image-35203\" srcset=\"https:\/\/flawlesshair.com\/wp-content\/uploads\/2023\/07\/19.-curly-hair-with-wispy-bangs.jpg 1080w, https:\/\/flawlesshair.com\/wp-content\/uploads\/2023\/07\/19.-curly-hair-with-wispy-bangs-240x300.jpg 240w, https:\/\/flawlesshair.com\/wp-content\/uploads\/2023\/07\/19.-curly-hair-with-wispy-bangs-768x960.jpg 768w, https:\/\/flawlesshair.com\/wp-content\/uploads\/2023\/07\/19.-curly-hair-with-wispy-bangs-10x12.jpg 10w, https:\/\/flawlesshair.com\/wp-content\/uploads\/2023\/07\/19.-curly-hair-with-wispy-bangs-864x1080.jpg 864w, https:\/\/flawlesshair.com\/wp-content\/uploads\/2023\/07\/19.-curly-hair-with-wispy-bangs-960x1200.jpg 960w, https:\/\/flawlesshair.com\/wp-content\/uploads\/2023\/07\/19.-curly-hair-with-wispy-bangs-150x188.jpg 150w\" sizes=\"auto, (max-width: 760px) calc(100vw - 24px), 720px\"><\/noscript><img loading=\"lazy\" decoding=\"async\" width=\"1080\" height=\"1350\" src=\"https:\/\/flawlesshair.com\/wp-content\/uploads\/2023\/07\/19.-curly-hair-with-wispy-bangs.jpg\" alt=\"pelo rizado con flequillo ondulado\" class=\"wp-image-35203 lazyload\" srcset=\"https:\/\/flawlesshair.com\/wp-content\/uploads\/2023\/07\/19.-curly-hair-with-wispy-bangs.jpg 1080w, https:\/\/flawlesshair.com\/wp-content\/uploads\/2023\/07\/19.-curly-hair-with-wispy-bangs-240x300.jpg 240w, https:\/\/flawlesshair.com\/wp-content\/uploads\/2023\/07\/19.-curly-hair-with-wispy-bangs-768x960.jpg 768w, https:\/\/flawlesshair.com\/wp-content\/uploads\/2023\/07\/19.-curly-hair-with-wispy-bangs-10x12.jpg 10w, https:\/\/flawlesshair.com\/wp-content\/uploads\/2023\/07\/19.-curly-hair-with-wispy-bangs-864x1080.jpg 864w, https:\/\/flawlesshair.com\/wp-content\/uploads\/2023\/07\/19.-curly-hair-with-wispy-bangs-960x1200.jpg 960w, https:\/\/flawlesshair.com\/wp-content\/uploads\/2023\/07\/19.-curly-hair-with-wispy-bangs-150x188.jpg 150w\" sizes=\"auto, (max-width: 760px) calc(100vw - 24px), 720px\" data-pin-media=\"https:\/\/flawlesshair.com\/wp-content\/uploads\/2023\/07\/19.-curly-hair-with-wispy-bangs.jpg\" id=\"mv-trellis-img-19\" data-trellis-processed=\"1\"><div style=\"position: absolute; top: 0.5rem; right: 0.75rem;\"> <a href=\"https:\/\/www.pinterest.com\/pin\/create\/button\/\" data-pin-do=\"buttonPin\" data-pin-tall=\"true\" data-pin-url=\"https:\/\/flawlesshair.com\/es\/flequillo-con-pelo-medio\/\" data-pin-media=\"https:\/\/flawlesshair.com\/wp-content\/uploads\/2023\/07\/19.-curly-hair-with-wispy-bangs.jpg\" data-pin-description=\"50 Medium Hairstyles With Bangs You&rsquo;ll Want This Summer\" rel=\"nofollow noopener\" target=\"_blank\"> <\/a><\/div><\/div><figcaption class=\"wp-element-caption\"><a href=\"http:\/\/www.instagram.com\/kingdomofcurls_\" target=\"_blank\" rel=\"noreferrer noopener nofollow\">@kingdomofcurls_<\/a><\/figcaption><\/figure>\n\n\n\n<p>El flequillo transforma tu peinado, y esto es v\u00e1lido para todas las texturas de pelo. El pelo rizado debe cortarse en seco para conseguir la forma deseada, pero hay muchos estilos de flequillo posibles.<\/p>\n\n\n\n<h2 class=\"wp-block-heading\">20. Media melena con flequillo<\/h2>\n\n\n\n<figure class=\"wp-block-image size-full\"><div style=\"position: relative;\"><noscript><img loading=\"lazy\" decoding=\"async\" width=\"1080\" height=\"1220\" src=\"https:\/\/flawlesshair.com\/wp-content\/uploads\/2023\/07\/20.-medium-length-hair-with-full-fringe.jpg\" alt=\"media melena con flequillo\" class=\"wp-image-35204\" srcset=\"https:\/\/flawlesshair.com\/wp-content\/uploads\/2023\/07\/20.-medium-length-hair-with-full-fringe.jpg 1080w, https:\/\/flawlesshair.com\/wp-content\/uploads\/2023\/07\/20.-medium-length-hair-with-full-fringe-266x300.jpg 266w, https:\/\/flawlesshair.com\/wp-content\/uploads\/2023\/07\/20.-medium-length-hair-with-full-fringe-768x868.jpg 768w, https:\/\/flawlesshair.com\/wp-content\/uploads\/2023\/07\/20.-medium-length-hair-with-full-fringe-11x12.jpg 11w, https:\/\/flawlesshair.com\/wp-content\/uploads\/2023\/07\/20.-medium-length-hair-with-full-fringe-850x960.jpg 850w, https:\/\/flawlesshair.com\/wp-content\/uploads\/2023\/07\/20.-medium-length-hair-with-full-fringe-956x1080.jpg 956w, https:\/\/flawlesshair.com\/wp-content\/uploads\/2023\/07\/20.-medium-length-hair-with-full-fringe-1062x1200.jpg 1062w, https:\/\/flawlesshair.com\/wp-content\/uploads\/2023\/07\/20.-medium-length-hair-with-full-fringe-150x169.jpg 150w\" sizes=\"auto, (max-width: 760px) calc(100vw - 24px), 720px\"><\/noscript><img loading=\"lazy\" decoding=\"async\" width=\"1080\" height=\"1220\" src=\"https:\/\/flawlesshair.com\/wp-content\/uploads\/2023\/07\/20.-medium-length-hair-with-full-fringe.jpg\" alt=\"media melena con flequillo\" class=\"wp-image-35204 lazyload\" srcset=\"https:\/\/flawlesshair.com\/wp-content\/uploads\/2023\/07\/20.-medium-length-hair-with-full-fringe.jpg 1080w, https:\/\/flawlesshair.com\/wp-content\/uploads\/2023\/07\/20.-medium-length-hair-with-full-fringe-266x300.jpg 266w, https:\/\/flawlesshair.com\/wp-content\/uploads\/2023\/07\/20.-medium-length-hair-with-full-fringe-768x868.jpg 768w, https:\/\/flawlesshair.com\/wp-content\/uploads\/2023\/07\/20.-medium-length-hair-with-full-fringe-11x12.jpg 11w, https:\/\/flawlesshair.com\/wp-content\/uploads\/2023\/07\/20.-medium-length-hair-with-full-fringe-850x960.jpg 850w, https:\/\/flawlesshair.com\/wp-content\/uploads\/2023\/07\/20.-medium-length-hair-with-full-fringe-956x1080.jpg 956w, https:\/\/flawlesshair.com\/wp-content\/uploads\/2023\/07\/20.-medium-length-hair-with-full-fringe-1062x1200.jpg 1062w, https:\/\/flawlesshair.com\/wp-content\/uploads\/2023\/07\/20.-medium-length-hair-with-full-fringe-150x169.jpg 150w\" sizes=\"auto, (max-width: 760px) calc(100vw - 24px), 720px\" data-pin-media=\"https:\/\/flawlesshair.com\/wp-content\/uploads\/2023\/07\/20.-medium-length-hair-with-full-fringe.jpg\" id=\"mv-trellis-img-20\" data-trellis-processed=\"1\"><div style=\"position: absolute; top: 0.5rem; right: 0.75rem;\"> <a href=\"https:\/\/www.pinterest.com\/pin\/create\/button\/\" data-pin-do=\"buttonPin\" data-pin-tall=\"true\" data-pin-url=\"https:\/\/flawlesshair.com\/es\/flequillo-con-pelo-medio\/\" data-pin-media=\"https:\/\/flawlesshair.com\/wp-content\/uploads\/2023\/07\/20.-medium-length-hair-with-full-fringe.jpg\" data-pin-description=\"50 Medium Hairstyles With Bangs You&rsquo;ll Want This Summer\" rel=\"nofollow noopener\" target=\"_blank\"> <\/a><\/div><\/div><figcaption class=\"wp-element-caption\"><a href=\"http:\/\/www.instagram.com\/msnataliejean\" target=\"_blank\" rel=\"noreferrer noopener nofollow\">@msnataliejean<\/a><\/figcaption><\/figure>\n\n\n\n<p>Un flequillo grueso en forma de media luna enmarcar\u00e1 tus ojos y atraer\u00e1 la atenci\u00f3n hacia ellos. Juega con la longitud para conseguir diferentes vibraciones.<\/p>\n\n\n\n<h2 class=\"wp-block-heading\">21. Pelo Medio Cortado Con Flequillo<\/h2>\n\n\n\n<figure class=\"wp-block-image size-full\"><div style=\"position: relative;\"><noscript><img loading=\"lazy\" decoding=\"async\" width=\"1080\" height=\"1343\" src=\"https:\/\/flawlesshair.com\/wp-content\/uploads\/2023\/07\/21.-choppy-medium-hair-with-bangs.jpg\" alt=\"pelo corto medio con flequillo\" class=\"wp-image-35205\" srcset=\"https:\/\/flawlesshair.com\/wp-content\/uploads\/2023\/07\/21.-choppy-medium-hair-with-bangs.jpg 1080w, https:\/\/flawlesshair.com\/wp-content\/uploads\/2023\/07\/21.-choppy-medium-hair-with-bangs-241x300.jpg 241w, https:\/\/flawlesshair.com\/wp-content\/uploads\/2023\/07\/21.-choppy-medium-hair-with-bangs-768x955.jpg 768w, https:\/\/flawlesshair.com\/wp-content\/uploads\/2023\/07\/21.-choppy-medium-hair-with-bangs-10x12.jpg 10w, https:\/\/flawlesshair.com\/wp-content\/uploads\/2023\/07\/21.-choppy-medium-hair-with-bangs-772x960.jpg 772w, https:\/\/flawlesshair.com\/wp-content\/uploads\/2023\/07\/21.-choppy-medium-hair-with-bangs-869x1080.jpg 869w, https:\/\/flawlesshair.com\/wp-content\/uploads\/2023\/07\/21.-choppy-medium-hair-with-bangs-965x1200.jpg 965w, https:\/\/flawlesshair.com\/wp-content\/uploads\/2023\/07\/21.-choppy-medium-hair-with-bangs-150x187.jpg 150w\" sizes=\"auto, (max-width: 760px) calc(100vw - 24px), 720px\"><\/noscript><img loading=\"lazy\" decoding=\"async\" width=\"1080\" height=\"1343\" src=\"https:\/\/flawlesshair.com\/wp-content\/uploads\/2023\/07\/21.-choppy-medium-hair-with-bangs.jpg\" alt=\"pelo corto medio con flequillo\" class=\"wp-image-35205 lazyload\" srcset=\"https:\/\/flawlesshair.com\/wp-content\/uploads\/2023\/07\/21.-choppy-medium-hair-with-bangs.jpg 1080w, https:\/\/flawlesshair.com\/wp-content\/uploads\/2023\/07\/21.-choppy-medium-hair-with-bangs-241x300.jpg 241w, https:\/\/flawlesshair.com\/wp-content\/uploads\/2023\/07\/21.-choppy-medium-hair-with-bangs-768x955.jpg 768w, https:\/\/flawlesshair.com\/wp-content\/uploads\/2023\/07\/21.-choppy-medium-hair-with-bangs-10x12.jpg 10w, https:\/\/flawlesshair.com\/wp-content\/uploads\/2023\/07\/21.-choppy-medium-hair-with-bangs-772x960.jpg 772w, https:\/\/flawlesshair.com\/wp-content\/uploads\/2023\/07\/21.-choppy-medium-hair-with-bangs-869x1080.jpg 869w, https:\/\/flawlesshair.com\/wp-content\/uploads\/2023\/07\/21.-choppy-medium-hair-with-bangs-965x1200.jpg 965w, https:\/\/flawlesshair.com\/wp-content\/uploads\/2023\/07\/21.-choppy-medium-hair-with-bangs-150x187.jpg 150w\" sizes=\"auto, (max-width: 760px) calc(100vw - 24px), 720px\" data-pin-media=\"https:\/\/flawlesshair.com\/wp-content\/uploads\/2023\/07\/21.-choppy-medium-hair-with-bangs.jpg\" id=\"mv-trellis-img-21\" data-trellis-processed=\"1\"><div style=\"position: absolute; top: 0.5rem; right: 0.75rem;\"> <a href=\"https:\/\/www.pinterest.com\/pin\/create\/button\/\" data-pin-do=\"buttonPin\" data-pin-tall=\"true\" data-pin-url=\"https:\/\/flawlesshair.com\/es\/flequillo-con-pelo-medio\/\" data-pin-media=\"https:\/\/flawlesshair.com\/wp-content\/uploads\/2023\/07\/21.-choppy-medium-hair-with-bangs.jpg\" data-pin-description=\"50 Medium Hairstyles With Bangs You&rsquo;ll Want This Summer\" rel=\"nofollow noopener\" target=\"_blank\"> <\/a><\/div><\/div><figcaption class=\"wp-element-caption\"><a href=\"http:\/\/www.instagram.com\/hirohair\" target=\"_blank\" rel=\"noreferrer noopener nofollow\">@hirohair<\/a><\/figcaption><\/figure>\n\n\n\n<p>Este peinado entrecortado y ondulado con un bonito flequillo desfilado no requiere ning\u00fan esfuerzo de peinado: secar y listo. Por supuesto, puedes darle volumen y forma si quieres, pero quedar\u00e1 bien aunque no lo peines para nada.<\/p>\n\n\n\n<h2 class=\"wp-block-heading\">22. Flequillo Cortina Para Cabello Fino<\/h2>\n\n\n\n<figure class=\"wp-block-image size-full\"><div style=\"position: relative;\"><noscript><img loading=\"lazy\" decoding=\"async\" width=\"1080\" height=\"1329\" src=\"https:\/\/flawlesshair.com\/wp-content\/uploads\/2023\/07\/22.-curtain-bangs-for-thin-hair.jpg\" alt=\"flequillo cortina para cabello fino\" class=\"wp-image-35206\" srcset=\"https:\/\/flawlesshair.com\/wp-content\/uploads\/2023\/07\/22.-curtain-bangs-for-thin-hair.jpg 1080w, https:\/\/flawlesshair.com\/wp-content\/uploads\/2023\/07\/22.-curtain-bangs-for-thin-hair-244x300.jpg 244w, https:\/\/flawlesshair.com\/wp-content\/uploads\/2023\/07\/22.-curtain-bangs-for-thin-hair-768x945.jpg 768w, https:\/\/flawlesshair.com\/wp-content\/uploads\/2023\/07\/22.-curtain-bangs-for-thin-hair-10x12.jpg 10w, https:\/\/flawlesshair.com\/wp-content\/uploads\/2023\/07\/22.-curtain-bangs-for-thin-hair-780x960.jpg 780w, https:\/\/flawlesshair.com\/wp-content\/uploads\/2023\/07\/22.-curtain-bangs-for-thin-hair-878x1080.jpg 878w, https:\/\/flawlesshair.com\/wp-content\/uploads\/2023\/07\/22.-curtain-bangs-for-thin-hair-975x1200.jpg 975w, https:\/\/flawlesshair.com\/wp-content\/uploads\/2023\/07\/22.-curtain-bangs-for-thin-hair-150x185.jpg 150w\" sizes=\"auto, (max-width: 760px) calc(100vw - 24px), 720px\"><\/noscript><img loading=\"lazy\" decoding=\"async\" width=\"1080\" height=\"1329\" src=\"https:\/\/flawlesshair.com\/wp-content\/uploads\/2023\/07\/22.-curtain-bangs-for-thin-hair.jpg\" alt=\"flequillo cortina para cabello fino\" class=\"wp-image-35206 lazyload\" srcset=\"https:\/\/flawlesshair.com\/wp-content\/uploads\/2023\/07\/22.-curtain-bangs-for-thin-hair.jpg 1080w, https:\/\/flawlesshair.com\/wp-content\/uploads\/2023\/07\/22.-curtain-bangs-for-thin-hair-244x300.jpg 244w, https:\/\/flawlesshair.com\/wp-content\/uploads\/2023\/07\/22.-curtain-bangs-for-thin-hair-768x945.jpg 768w, https:\/\/flawlesshair.com\/wp-content\/uploads\/2023\/07\/22.-curtain-bangs-for-thin-hair-10x12.jpg 10w, https:\/\/flawlesshair.com\/wp-content\/uploads\/2023\/07\/22.-curtain-bangs-for-thin-hair-780x960.jpg 780w, https:\/\/flawlesshair.com\/wp-content\/uploads\/2023\/07\/22.-curtain-bangs-for-thin-hair-878x1080.jpg 878w, https:\/\/flawlesshair.com\/wp-content\/uploads\/2023\/07\/22.-curtain-bangs-for-thin-hair-975x1200.jpg 975w, https:\/\/flawlesshair.com\/wp-content\/uploads\/2023\/07\/22.-curtain-bangs-for-thin-hair-150x185.jpg 150w\" sizes=\"auto, (max-width: 760px) calc(100vw - 24px), 720px\" data-pin-media=\"https:\/\/flawlesshair.com\/wp-content\/uploads\/2023\/07\/22.-curtain-bangs-for-thin-hair.jpg\" id=\"mv-trellis-img-22\" data-trellis-processed=\"1\"><div style=\"position: absolute; top: 0.5rem; right: 0.75rem;\"> <a href=\"https:\/\/www.pinterest.com\/pin\/create\/button\/\" data-pin-do=\"buttonPin\" data-pin-tall=\"true\" data-pin-url=\"https:\/\/flawlesshair.com\/es\/flequillo-con-pelo-medio\/\" data-pin-media=\"https:\/\/flawlesshair.com\/wp-content\/uploads\/2023\/07\/22.-curtain-bangs-for-thin-hair.jpg\" data-pin-description=\"50 Medium Hairstyles With Bangs You&rsquo;ll Want This Summer\" rel=\"nofollow noopener\" target=\"_blank\"> <\/a><\/div><\/div><figcaption class=\"wp-element-caption\"><a href=\"http:\/\/www.instagram.com\/salsalhair\" target=\"_blank\" rel=\"noreferrer noopener nofollow\">@salsalhair<\/a><\/figcaption><\/figure>\n\n\n\n<p>No evites las capas y el flequillo si tienes el pelo fino: no lo har\u00e1n parecer a\u00fan m\u00e1s fino. Un flequillo fino y ondulado crear\u00e1 volumen y un peinado m\u00e1s interesante, independientemente de tu tipo de pelo.<\/p>\n\n\n\n<h2 class=\"wp-block-heading\">23. Ondulado Medio Shag Con Flequillo<\/h2>\n\n\n\n<figure class=\"wp-block-image size-full\"><div style=\"position: relative;\"><noscript><img loading=\"lazy\" decoding=\"async\" width=\"1080\" height=\"1350\" src=\"https:\/\/flawlesshair.com\/wp-content\/uploads\/2023\/07\/23.-wavy-medium-shag-with-bangs.jpg\" alt=\"melena media ondulada con flequillo\" class=\"wp-image-35207\" srcset=\"https:\/\/flawlesshair.com\/wp-content\/uploads\/2023\/07\/23.-wavy-medium-shag-with-bangs.jpg 1080w, https:\/\/flawlesshair.com\/wp-content\/uploads\/2023\/07\/23.-wavy-medium-shag-with-bangs-240x300.jpg 240w, https:\/\/flawlesshair.com\/wp-content\/uploads\/2023\/07\/23.-wavy-medium-shag-with-bangs-768x960.jpg 768w, https:\/\/flawlesshair.com\/wp-content\/uploads\/2023\/07\/23.-wavy-medium-shag-with-bangs-10x12.jpg 10w, https:\/\/flawlesshair.com\/wp-content\/uploads\/2023\/07\/23.-wavy-medium-shag-with-bangs-864x1080.jpg 864w, https:\/\/flawlesshair.com\/wp-content\/uploads\/2023\/07\/23.-wavy-medium-shag-with-bangs-960x1200.jpg 960w, https:\/\/flawlesshair.com\/wp-content\/uploads\/2023\/07\/23.-wavy-medium-shag-with-bangs-150x188.jpg 150w\" sizes=\"auto, (max-width: 760px) calc(100vw - 24px), 720px\"><\/noscript><img loading=\"lazy\" decoding=\"async\" width=\"1080\" height=\"1350\" src=\"https:\/\/flawlesshair.com\/wp-content\/uploads\/2023\/07\/23.-wavy-medium-shag-with-bangs.jpg\" alt=\"melena media ondulada con flequillo\" class=\"wp-image-35207 lazyload\" srcset=\"https:\/\/flawlesshair.com\/wp-content\/uploads\/2023\/07\/23.-wavy-medium-shag-with-bangs.jpg 1080w, https:\/\/flawlesshair.com\/wp-content\/uploads\/2023\/07\/23.-wavy-medium-shag-with-bangs-240x300.jpg 240w, https:\/\/flawlesshair.com\/wp-content\/uploads\/2023\/07\/23.-wavy-medium-shag-with-bangs-768x960.jpg 768w, https:\/\/flawlesshair.com\/wp-content\/uploads\/2023\/07\/23.-wavy-medium-shag-with-bangs-10x12.jpg 10w, https:\/\/flawlesshair.com\/wp-content\/uploads\/2023\/07\/23.-wavy-medium-shag-with-bangs-864x1080.jpg 864w, https:\/\/flawlesshair.com\/wp-content\/uploads\/2023\/07\/23.-wavy-medium-shag-with-bangs-960x1200.jpg 960w, https:\/\/flawlesshair.com\/wp-content\/uploads\/2023\/07\/23.-wavy-medium-shag-with-bangs-150x188.jpg 150w\" sizes=\"auto, (max-width: 760px) calc(100vw - 24px), 720px\" data-pin-media=\"https:\/\/flawlesshair.com\/wp-content\/uploads\/2023\/07\/23.-wavy-medium-shag-with-bangs.jpg\" id=\"mv-trellis-img-23\" data-trellis-processed=\"1\"><div style=\"position: absolute; top: 0.5rem; right: 0.75rem;\"> <a href=\"https:\/\/www.pinterest.com\/pin\/create\/button\/\" data-pin-do=\"buttonPin\" data-pin-tall=\"true\" data-pin-url=\"https:\/\/flawlesshair.com\/es\/flequillo-con-pelo-medio\/\" data-pin-media=\"https:\/\/flawlesshair.com\/wp-content\/uploads\/2023\/07\/23.-wavy-medium-shag-with-bangs.jpg\" data-pin-description=\"50 Medium Hairstyles With Bangs You&rsquo;ll Want This Summer\" rel=\"nofollow noopener\" target=\"_blank\"> <\/a><\/div><\/div><figcaption class=\"wp-element-caption\"><a href=\"http:\/\/www.instagram.com\/sabrayna_\" target=\"_blank\" rel=\"noreferrer noopener nofollow\">@sabrayna_<\/a><\/figcaption><\/figure>\n\n\n\n<p>El pelo que llega por encima de los hombros te da el aspecto fresco de un bob y las opciones de peinado de una melena m\u00e1s larga, y es f\u00e1cil de llevar en cualquier direcci\u00f3n si te aburres de \u00e9l.<\/p>\n\n\n\n<h2 class=\"wp-block-heading\">24. Media melena rizada con flequillo beb\u00e9<\/h2>\n\n\n\n<figure class=\"wp-block-image size-full\"><div style=\"position: relative;\"><noscript><img loading=\"lazy\" decoding=\"async\" width=\"1440\" height=\"1440\" src=\"https:\/\/flawlesshair.com\/wp-content\/uploads\/2023\/07\/24.-curly-mid-length-hair-with-baby-bangs.jpg\" alt=\"media melena rizada con flequillo beb\u00e9\" class=\"wp-image-35208\" srcset=\"https:\/\/flawlesshair.com\/wp-content\/uploads\/2023\/07\/24.-curly-mid-length-hair-with-baby-bangs.jpg 1440w, https:\/\/flawlesshair.com\/wp-content\/uploads\/2023\/07\/24.-curly-mid-length-hair-with-baby-bangs-300x300.jpg 300w, https:\/\/flawlesshair.com\/wp-content\/uploads\/2023\/07\/24.-curly-mid-length-hair-with-baby-bangs-150x150.jpg 150w, https:\/\/flawlesshair.com\/wp-content\/uploads\/2023\/07\/24.-curly-mid-length-hair-with-baby-bangs-768x768.jpg 768w, https:\/\/flawlesshair.com\/wp-content\/uploads\/2023\/07\/24.-curly-mid-length-hair-with-baby-bangs-12x12.jpg 12w, https:\/\/flawlesshair.com\/wp-content\/uploads\/2023\/07\/24.-curly-mid-length-hair-with-baby-bangs-728x728.jpg 728w, https:\/\/flawlesshair.com\/wp-content\/uploads\/2023\/07\/24.-curly-mid-length-hair-with-baby-bangs-960x960.jpg 960w, https:\/\/flawlesshair.com\/wp-content\/uploads\/2023\/07\/24.-curly-mid-length-hair-with-baby-bangs-1080x1080.jpg 1080w, https:\/\/flawlesshair.com\/wp-content\/uploads\/2023\/07\/24.-curly-mid-length-hair-with-baby-bangs-1200x1200.jpg 1200w, https:\/\/flawlesshair.com\/wp-content\/uploads\/2023\/07\/24.-curly-mid-length-hair-with-baby-bangs-96x96.jpg 96w\" sizes=\"auto, (max-width: 760px) calc(100vw - 24px), 720px\"><\/noscript><img loading=\"lazy\" decoding=\"async\" width=\"1440\" height=\"1440\" src=\"https:\/\/flawlesshair.com\/wp-content\/uploads\/2023\/07\/24.-curly-mid-length-hair-with-baby-bangs.jpg\" alt=\"media melena rizada con flequillo beb\u00e9\" class=\"wp-image-35208 lazyload\" srcset=\"https:\/\/flawlesshair.com\/wp-content\/uploads\/2023\/07\/24.-curly-mid-length-hair-with-baby-bangs.jpg 1440w, https:\/\/flawlesshair.com\/wp-content\/uploads\/2023\/07\/24.-curly-mid-length-hair-with-baby-bangs-300x300.jpg 300w, https:\/\/flawlesshair.com\/wp-content\/uploads\/2023\/07\/24.-curly-mid-length-hair-with-baby-bangs-150x150.jpg 150w, https:\/\/flawlesshair.com\/wp-content\/uploads\/2023\/07\/24.-curly-mid-length-hair-with-baby-bangs-768x768.jpg 768w, https:\/\/flawlesshair.com\/wp-content\/uploads\/2023\/07\/24.-curly-mid-length-hair-with-baby-bangs-12x12.jpg 12w, https:\/\/flawlesshair.com\/wp-content\/uploads\/2023\/07\/24.-curly-mid-length-hair-with-baby-bangs-728x728.jpg 728w, https:\/\/flawlesshair.com\/wp-content\/uploads\/2023\/07\/24.-curly-mid-length-hair-with-baby-bangs-960x960.jpg 960w, https:\/\/flawlesshair.com\/wp-content\/uploads\/2023\/07\/24.-curly-mid-length-hair-with-baby-bangs-1080x1080.jpg 1080w, https:\/\/flawlesshair.com\/wp-content\/uploads\/2023\/07\/24.-curly-mid-length-hair-with-baby-bangs-1200x1200.jpg 1200w, https:\/\/flawlesshair.com\/wp-content\/uploads\/2023\/07\/24.-curly-mid-length-hair-with-baby-bangs-96x96.jpg 96w\" sizes=\"auto, (max-width: 760px) calc(100vw - 24px), 720px\" data-pin-media=\"https:\/\/flawlesshair.com\/wp-content\/uploads\/2023\/07\/24.-curly-mid-length-hair-with-baby-bangs.jpg\" id=\"mv-trellis-img-24\" data-trellis-processed=\"1\"><div style=\"position: absolute; top: 0.5rem; right: 0.75rem;\"> <a href=\"https:\/\/www.pinterest.com\/pin\/create\/button\/\" data-pin-do=\"buttonPin\" data-pin-tall=\"true\" data-pin-url=\"https:\/\/flawlesshair.com\/es\/flequillo-con-pelo-medio\/\" data-pin-media=\"https:\/\/flawlesshair.com\/wp-content\/uploads\/2023\/07\/24.-curly-mid-length-hair-with-baby-bangs.jpg\" data-pin-description=\"50 Medium Hairstyles With Bangs You&rsquo;ll Want This Summer\" rel=\"nofollow noopener\" target=\"_blank\"> <\/a><\/div><\/div><figcaption class=\"wp-element-caption\"><a href=\"http:\/\/www.instagram.com\/babybangs_beauty\" target=\"_blank\" rel=\"noreferrer noopener nofollow\">@babybangs_beauty<\/a><\/figcaption><\/figure>\n\n\n\n<p>Si no quieres pasar mucho tiempo sec\u00e1ndote y alis\u00e1ndote el pelo, lo m\u00e1s importante a la hora de elegir el flequillo es tener en cuenta c\u00f3mo puede combinar con la textura de tu cabello. La buena noticia es que tienes m\u00faltiples opciones: estos grandes rizos funcionan tanto con flequillos cortos como largos, siempre que se corten para conservar su forma.<\/p>\n\n\n\n<h2 class=\"wp-block-heading\">25. Flequillo Cortina Con Pelo Mediano<\/h2>\n\n\n\n<figure class=\"wp-block-image size-full\"><div style=\"position: relative;\"><noscript><img loading=\"lazy\" decoding=\"async\" width=\"1440\" height=\"1800\" src=\"https:\/\/flawlesshair.com\/wp-content\/uploads\/2023\/07\/25.-curtain-bangs-with-medium-hair.jpg\" alt=\"flequillo cortina con pelo medio\" class=\"wp-image-35209\" srcset=\"https:\/\/flawlesshair.com\/wp-content\/uploads\/2023\/07\/25.-curtain-bangs-with-medium-hair.jpg 1440w, https:\/\/flawlesshair.com\/wp-content\/uploads\/2023\/07\/25.-curtain-bangs-with-medium-hair-240x300.jpg 240w, https:\/\/flawlesshair.com\/wp-content\/uploads\/2023\/07\/25.-curtain-bangs-with-medium-hair-768x960.jpg 768w, https:\/\/flawlesshair.com\/wp-content\/uploads\/2023\/07\/25.-curtain-bangs-with-medium-hair-10x12.jpg 10w, https:\/\/flawlesshair.com\/wp-content\/uploads\/2023\/07\/25.-curtain-bangs-with-medium-hair-864x1080.jpg 864w, https:\/\/flawlesshair.com\/wp-content\/uploads\/2023\/07\/25.-curtain-bangs-with-medium-hair-960x1200.jpg 960w, https:\/\/flawlesshair.com\/wp-content\/uploads\/2023\/07\/25.-curtain-bangs-with-medium-hair-150x188.jpg 150w\" sizes=\"auto, (max-width: 760px) calc(100vw - 24px), 720px\"><\/noscript><img loading=\"lazy\" decoding=\"async\" width=\"1440\" height=\"1800\" src=\"https:\/\/flawlesshair.com\/wp-content\/uploads\/2023\/07\/25.-curtain-bangs-with-medium-hair.jpg\" alt=\"flequillo cortina con pelo medio\" class=\"wp-image-35209 lazyload\" srcset=\"https:\/\/flawlesshair.com\/wp-content\/uploads\/2023\/07\/25.-curtain-bangs-with-medium-hair.jpg 1440w, https:\/\/flawlesshair.com\/wp-content\/uploads\/2023\/07\/25.-curtain-bangs-with-medium-hair-240x300.jpg 240w, https:\/\/flawlesshair.com\/wp-content\/uploads\/2023\/07\/25.-curtain-bangs-with-medium-hair-768x960.jpg 768w, https:\/\/flawlesshair.com\/wp-content\/uploads\/2023\/07\/25.-curtain-bangs-with-medium-hair-10x12.jpg 10w, https:\/\/flawlesshair.com\/wp-content\/uploads\/2023\/07\/25.-curtain-bangs-with-medium-hair-864x1080.jpg 864w, https:\/\/flawlesshair.com\/wp-content\/uploads\/2023\/07\/25.-curtain-bangs-with-medium-hair-960x1200.jpg 960w, https:\/\/flawlesshair.com\/wp-content\/uploads\/2023\/07\/25.-curtain-bangs-with-medium-hair-150x188.jpg 150w\" sizes=\"auto, (max-width: 760px) calc(100vw - 24px), 720px\" data-pin-media=\"https:\/\/flawlesshair.com\/wp-content\/uploads\/2023\/07\/25.-curtain-bangs-with-medium-hair.jpg\" id=\"mv-trellis-img-25\" data-trellis-processed=\"1\"><div style=\"position: absolute; top: 0.5rem; right: 0.75rem;\"> <a href=\"https:\/\/www.pinterest.com\/pin\/create\/button\/\" data-pin-do=\"buttonPin\" data-pin-tall=\"true\" data-pin-url=\"https:\/\/flawlesshair.com\/es\/flequillo-con-pelo-medio\/\" data-pin-media=\"https:\/\/flawlesshair.com\/wp-content\/uploads\/2023\/07\/25.-curtain-bangs-with-medium-hair.jpg\" data-pin-description=\"50 Medium Hairstyles With Bangs You&rsquo;ll Want This Summer\" rel=\"nofollow noopener\" target=\"_blank\"> <\/a><\/div><\/div><figcaption class=\"wp-element-caption\"><a href=\"http:\/\/www.instagram.com\/yukistylist\" target=\"_blank\" rel=\"noreferrer noopener nofollow\">@yukistylist<\/a><\/figcaption><\/figure>\n\n\n\n<p>Una versi\u00f3n moderna del lob con flequillo cortina es algo m\u00e1s entrecortado y desgre\u00f1ado que en a\u00f1os anteriores.<\/p>\n\n\n\n<h2 class=\"wp-block-heading\">26. Rizado Flequillo Corte Lobo<\/h2>\n\n\n\n<figure class=\"wp-block-image size-full\"><div style=\"position: relative;\"><noscript><img loading=\"lazy\" decoding=\"async\" width=\"1080\" height=\"1229\" src=\"https:\/\/flawlesshair.com\/wp-content\/uploads\/2023\/07\/26.-curly-bangs-wolf-cut.jpg\" alt=\"flequillo rizado corte lobo\" class=\"wp-image-35212\" srcset=\"https:\/\/flawlesshair.com\/wp-content\/uploads\/2023\/07\/26.-curly-bangs-wolf-cut.jpg 1080w, https:\/\/flawlesshair.com\/wp-content\/uploads\/2023\/07\/26.-curly-bangs-wolf-cut-264x300.jpg 264w, https:\/\/flawlesshair.com\/wp-content\/uploads\/2023\/07\/26.-curly-bangs-wolf-cut-768x874.jpg 768w, https:\/\/flawlesshair.com\/wp-content\/uploads\/2023\/07\/26.-curly-bangs-wolf-cut-11x12.jpg 11w, https:\/\/flawlesshair.com\/wp-content\/uploads\/2023\/07\/26.-curly-bangs-wolf-cut-844x960.jpg 844w, https:\/\/flawlesshair.com\/wp-content\/uploads\/2023\/07\/26.-curly-bangs-wolf-cut-949x1080.jpg 949w, https:\/\/flawlesshair.com\/wp-content\/uploads\/2023\/07\/26.-curly-bangs-wolf-cut-1055x1200.jpg 1055w, https:\/\/flawlesshair.com\/wp-content\/uploads\/2023\/07\/26.-curly-bangs-wolf-cut-150x171.jpg 150w\" sizes=\"auto, (max-width: 760px) calc(100vw - 24px), 720px\"><\/noscript><img loading=\"lazy\" decoding=\"async\" width=\"1080\" height=\"1229\" src=\"https:\/\/flawlesshair.com\/wp-content\/uploads\/2023\/07\/26.-curly-bangs-wolf-cut.jpg\" alt=\"flequillo rizado corte lobo\" class=\"wp-image-35212 lazyload\" srcset=\"https:\/\/flawlesshair.com\/wp-content\/uploads\/2023\/07\/26.-curly-bangs-wolf-cut.jpg 1080w, https:\/\/flawlesshair.com\/wp-content\/uploads\/2023\/07\/26.-curly-bangs-wolf-cut-264x300.jpg 264w, https:\/\/flawlesshair.com\/wp-content\/uploads\/2023\/07\/26.-curly-bangs-wolf-cut-768x874.jpg 768w, https:\/\/flawlesshair.com\/wp-content\/uploads\/2023\/07\/26.-curly-bangs-wolf-cut-11x12.jpg 11w, https:\/\/flawlesshair.com\/wp-content\/uploads\/2023\/07\/26.-curly-bangs-wolf-cut-844x960.jpg 844w, https:\/\/flawlesshair.com\/wp-content\/uploads\/2023\/07\/26.-curly-bangs-wolf-cut-949x1080.jpg 949w, https:\/\/flawlesshair.com\/wp-content\/uploads\/2023\/07\/26.-curly-bangs-wolf-cut-1055x1200.jpg 1055w, https:\/\/flawlesshair.com\/wp-content\/uploads\/2023\/07\/26.-curly-bangs-wolf-cut-150x171.jpg 150w\" sizes=\"auto, (max-width: 760px) calc(100vw - 24px), 720px\" data-pin-media=\"https:\/\/flawlesshair.com\/wp-content\/uploads\/2023\/07\/26.-curly-bangs-wolf-cut.jpg\" id=\"mv-trellis-img-26\" data-trellis-processed=\"1\"><div style=\"position: absolute; top: 0.5rem; right: 0.75rem;\"> <a href=\"https:\/\/www.pinterest.com\/pin\/create\/button\/\" data-pin-do=\"buttonPin\" data-pin-tall=\"true\" data-pin-url=\"https:\/\/flawlesshair.com\/es\/flequillo-con-pelo-medio\/\" data-pin-media=\"https:\/\/flawlesshair.com\/wp-content\/uploads\/2023\/07\/26.-curly-bangs-wolf-cut.jpg\" data-pin-description=\"50 Medium Hairstyles With Bangs You&rsquo;ll Want This Summer\" rel=\"nofollow noopener\" target=\"_blank\"> <\/a><\/div><\/div><figcaption class=\"wp-element-caption\"><a href=\"http:\/\/www.instagram.com\/saltybangs\" target=\"_blank\" rel=\"noreferrer noopener nofollow\">@saltybangs<\/a><\/figcaption><\/figure>\n\n\n\n<p>Los peinados a capas, incluido el corte lobo, funcionan incre\u00edblemente bien con el pelo rizado. Solo tienes que asegurarte de que tu estilista sabe c\u00f3mo tratar tu textura.<\/p>\n\n\n\n<h2 class=\"wp-block-heading\">27. Pelo hasta los hombros con flequillo corto<\/h2>\n\n\n\n<figure class=\"wp-block-image size-full\"><div style=\"position: relative;\"><noscript><img loading=\"lazy\" decoding=\"async\" width=\"1080\" height=\"1350\" src=\"https:\/\/flawlesshair.com\/wp-content\/uploads\/2023\/07\/27.-shoulder-length-hair-with-short-fringe.jpeg\" alt=\"pelo hasta los hombros con flequillo corto\" class=\"wp-image-35213\" srcset=\"https:\/\/flawlesshair.com\/wp-content\/uploads\/2023\/07\/27.-shoulder-length-hair-with-short-fringe.jpeg 1080w, https:\/\/flawlesshair.com\/wp-content\/uploads\/2023\/07\/27.-shoulder-length-hair-with-short-fringe-240x300.jpeg 240w, https:\/\/flawlesshair.com\/wp-content\/uploads\/2023\/07\/27.-shoulder-length-hair-with-short-fringe-768x960.jpeg 768w, https:\/\/flawlesshair.com\/wp-content\/uploads\/2023\/07\/27.-shoulder-length-hair-with-short-fringe-10x12.jpeg 10w, https:\/\/flawlesshair.com\/wp-content\/uploads\/2023\/07\/27.-shoulder-length-hair-with-short-fringe-864x1080.jpeg 864w, https:\/\/flawlesshair.com\/wp-content\/uploads\/2023\/07\/27.-shoulder-length-hair-with-short-fringe-960x1200.jpeg 960w, https:\/\/flawlesshair.com\/wp-content\/uploads\/2023\/07\/27.-shoulder-length-hair-with-short-fringe-150x188.jpeg 150w\" sizes=\"auto, (max-width: 760px) calc(100vw - 24px), 720px\"><\/noscript><img loading=\"lazy\" decoding=\"async\" width=\"1080\" height=\"1350\" src=\"https:\/\/flawlesshair.com\/wp-content\/uploads\/2023\/07\/27.-shoulder-length-hair-with-short-fringe.jpeg\" alt=\"pelo hasta los hombros con flequillo corto\" class=\"wp-image-35213 lazyload\" srcset=\"https:\/\/flawlesshair.com\/wp-content\/uploads\/2023\/07\/27.-shoulder-length-hair-with-short-fringe.jpeg 1080w, https:\/\/flawlesshair.com\/wp-content\/uploads\/2023\/07\/27.-shoulder-length-hair-with-short-fringe-240x300.jpeg 240w, https:\/\/flawlesshair.com\/wp-content\/uploads\/2023\/07\/27.-shoulder-length-hair-with-short-fringe-768x960.jpeg 768w, https:\/\/flawlesshair.com\/wp-content\/uploads\/2023\/07\/27.-shoulder-length-hair-with-short-fringe-10x12.jpeg 10w, https:\/\/flawlesshair.com\/wp-content\/uploads\/2023\/07\/27.-shoulder-length-hair-with-short-fringe-864x1080.jpeg 864w, https:\/\/flawlesshair.com\/wp-content\/uploads\/2023\/07\/27.-shoulder-length-hair-with-short-fringe-960x1200.jpeg 960w, https:\/\/flawlesshair.com\/wp-content\/uploads\/2023\/07\/27.-shoulder-length-hair-with-short-fringe-150x188.jpeg 150w\" sizes=\"auto, (max-width: 760px) calc(100vw - 24px), 720px\" data-pin-media=\"https:\/\/flawlesshair.com\/wp-content\/uploads\/2023\/07\/27.-shoulder-length-hair-with-short-fringe.jpeg\" id=\"mv-trellis-img-27\" data-trellis-processed=\"1\"><div style=\"position: absolute; top: 0.5rem; right: 0.75rem;\"> <a href=\"https:\/\/www.pinterest.com\/pin\/create\/button\/\" data-pin-do=\"buttonPin\" data-pin-tall=\"true\" data-pin-url=\"https:\/\/flawlesshair.com\/es\/flequillo-con-pelo-medio\/\" data-pin-media=\"https:\/\/flawlesshair.com\/wp-content\/uploads\/2023\/07\/27.-shoulder-length-hair-with-short-fringe.jpeg\" data-pin-description=\"50 Medium Hairstyles With Bangs You&rsquo;ll Want This Summer\" rel=\"nofollow noopener\" target=\"_blank\"> <\/a><\/div><\/div><figcaption class=\"wp-element-caption\"><a href=\"http:\/\/www.instagram.com\/charlesjuniorlouw\" target=\"_blank\" rel=\"noreferrer noopener nofollow\">@charlesjuniorlouw<\/a><\/figcaption><\/figure>\n\n\n\n<p>El flequillo puede utilizarse para resaltar o disimular, para crear un cierto ambiente, o para ambas cosas. El flequillo corto cl\u00e1sico llama la atenci\u00f3n sobre los ojos, pero tambi\u00e9n da una impresi\u00f3n sofisticada.<\/p>\n\n\n\n<h2 class=\"wp-block-heading\">28. Pelo medio con micro flequillo<\/h2>\n\n\n\n<figure class=\"wp-block-image size-full\"><div style=\"position: relative;\"><noscript><img loading=\"lazy\" decoding=\"async\" width=\"1026\" height=\"1056\" src=\"https:\/\/flawlesshair.com\/wp-content\/uploads\/2023\/07\/28.-medium-hair-with-micro-bangs.jpg\" alt=\"media melena con micro flequillo\" class=\"wp-image-35214\" srcset=\"https:\/\/flawlesshair.com\/wp-content\/uploads\/2023\/07\/28.-medium-hair-with-micro-bangs.jpg 1026w, https:\/\/flawlesshair.com\/wp-content\/uploads\/2023\/07\/28.-medium-hair-with-micro-bangs-291x300.jpg 291w, https:\/\/flawlesshair.com\/wp-content\/uploads\/2023\/07\/28.-medium-hair-with-micro-bangs-768x790.jpg 768w, https:\/\/flawlesshair.com\/wp-content\/uploads\/2023\/07\/28.-medium-hair-with-micro-bangs-12x12.jpg 12w, https:\/\/flawlesshair.com\/wp-content\/uploads\/2023\/07\/28.-medium-hair-with-micro-bangs-933x960.jpg 933w, https:\/\/flawlesshair.com\/wp-content\/uploads\/2023\/07\/28.-medium-hair-with-micro-bangs-150x154.jpg 150w\" sizes=\"auto, (max-width: 760px) calc(100vw - 24px), 720px\"><\/noscript><img loading=\"lazy\" decoding=\"async\" width=\"1026\" height=\"1056\" src=\"https:\/\/flawlesshair.com\/wp-content\/uploads\/2023\/07\/28.-medium-hair-with-micro-bangs.jpg\" alt=\"media melena con micro flequillo\" class=\"wp-image-35214 lazyload\" srcset=\"https:\/\/flawlesshair.com\/wp-content\/uploads\/2023\/07\/28.-medium-hair-with-micro-bangs.jpg 1026w, https:\/\/flawlesshair.com\/wp-content\/uploads\/2023\/07\/28.-medium-hair-with-micro-bangs-291x300.jpg 291w, https:\/\/flawlesshair.com\/wp-content\/uploads\/2023\/07\/28.-medium-hair-with-micro-bangs-768x790.jpg 768w, https:\/\/flawlesshair.com\/wp-content\/uploads\/2023\/07\/28.-medium-hair-with-micro-bangs-12x12.jpg 12w, https:\/\/flawlesshair.com\/wp-content\/uploads\/2023\/07\/28.-medium-hair-with-micro-bangs-933x960.jpg 933w, https:\/\/flawlesshair.com\/wp-content\/uploads\/2023\/07\/28.-medium-hair-with-micro-bangs-150x154.jpg 150w\" sizes=\"auto, (max-width: 760px) calc(100vw - 24px), 720px\" data-pin-media=\"https:\/\/flawlesshair.com\/wp-content\/uploads\/2023\/07\/28.-medium-hair-with-micro-bangs.jpg\" id=\"mv-trellis-img-28\" data-trellis-processed=\"1\"><div style=\"position: absolute; top: 0.5rem; right: 0.75rem;\"> <a href=\"https:\/\/www.pinterest.com\/pin\/create\/button\/\" data-pin-do=\"buttonPin\" data-pin-tall=\"true\" data-pin-url=\"https:\/\/flawlesshair.com\/es\/flequillo-con-pelo-medio\/\" data-pin-media=\"https:\/\/flawlesshair.com\/wp-content\/uploads\/2023\/07\/28.-medium-hair-with-micro-bangs.jpg\" data-pin-description=\"50 Medium Hairstyles With Bangs You&rsquo;ll Want This Summer\" rel=\"nofollow noopener\" target=\"_blank\"> <\/a><\/div><\/div><figcaption class=\"wp-element-caption\"><a href=\"http:\/\/www.instagram.com\/bescene\" target=\"_blank\" rel=\"noreferrer noopener nofollow\">@bescene<\/a><\/figcaption><\/figure>\n\n\n\n<p>El flequillo que no llega a las cejas puede resultar demasiado duro en un rostro suave, pero eso se puede arreglar f\u00e1cilmente haci\u00e9ndolo entrecortado para suavizar la l\u00ednea.<\/p>\n\n\n\n<h2 class=\"wp-block-heading\">29. Pelo medio en capas con flequillo<\/h2>\n\n\n\n<figure class=\"wp-block-image size-full\"><div style=\"position: relative;\"><noscript><img loading=\"lazy\" decoding=\"async\" width=\"1080\" height=\"1350\" src=\"https:\/\/flawlesshair.com\/wp-content\/uploads\/2023\/07\/29.-layered-medium-hair-with-fringe.jpg\" alt=\"pelo medio a capas con flequillo\" class=\"wp-image-35215\" srcset=\"https:\/\/flawlesshair.com\/wp-content\/uploads\/2023\/07\/29.-layered-medium-hair-with-fringe.jpg 1080w, https:\/\/flawlesshair.com\/wp-content\/uploads\/2023\/07\/29.-layered-medium-hair-with-fringe-240x300.jpg 240w, https:\/\/flawlesshair.com\/wp-content\/uploads\/2023\/07\/29.-layered-medium-hair-with-fringe-768x960.jpg 768w, https:\/\/flawlesshair.com\/wp-content\/uploads\/2023\/07\/29.-layered-medium-hair-with-fringe-10x12.jpg 10w, https:\/\/flawlesshair.com\/wp-content\/uploads\/2023\/07\/29.-layered-medium-hair-with-fringe-864x1080.jpg 864w, https:\/\/flawlesshair.com\/wp-content\/uploads\/2023\/07\/29.-layered-medium-hair-with-fringe-960x1200.jpg 960w, https:\/\/flawlesshair.com\/wp-content\/uploads\/2023\/07\/29.-layered-medium-hair-with-fringe-150x188.jpg 150w\" sizes=\"auto, (max-width: 760px) calc(100vw - 24px), 720px\"><\/noscript><img loading=\"lazy\" decoding=\"async\" width=\"1080\" height=\"1350\" src=\"https:\/\/flawlesshair.com\/wp-content\/uploads\/2023\/07\/29.-layered-medium-hair-with-fringe.jpg\" alt=\"pelo medio a capas con flequillo\" class=\"wp-image-35215 lazyload\" srcset=\"https:\/\/flawlesshair.com\/wp-content\/uploads\/2023\/07\/29.-layered-medium-hair-with-fringe.jpg 1080w, https:\/\/flawlesshair.com\/wp-content\/uploads\/2023\/07\/29.-layered-medium-hair-with-fringe-240x300.jpg 240w, https:\/\/flawlesshair.com\/wp-content\/uploads\/2023\/07\/29.-layered-medium-hair-with-fringe-768x960.jpg 768w, https:\/\/flawlesshair.com\/wp-content\/uploads\/2023\/07\/29.-layered-medium-hair-with-fringe-10x12.jpg 10w, https:\/\/flawlesshair.com\/wp-content\/uploads\/2023\/07\/29.-layered-medium-hair-with-fringe-864x1080.jpg 864w, https:\/\/flawlesshair.com\/wp-content\/uploads\/2023\/07\/29.-layered-medium-hair-with-fringe-960x1200.jpg 960w, https:\/\/flawlesshair.com\/wp-content\/uploads\/2023\/07\/29.-layered-medium-hair-with-fringe-150x188.jpg 150w\" sizes=\"auto, (max-width: 760px) calc(100vw - 24px), 720px\" data-pin-media=\"https:\/\/flawlesshair.com\/wp-content\/uploads\/2023\/07\/29.-layered-medium-hair-with-fringe.jpg\" id=\"mv-trellis-img-29\" data-trellis-processed=\"1\"><div style=\"position: absolute; top: 0.5rem; right: 0.75rem;\"> <a href=\"https:\/\/www.pinterest.com\/pin\/create\/button\/\" data-pin-do=\"buttonPin\" data-pin-tall=\"true\" data-pin-url=\"https:\/\/flawlesshair.com\/es\/flequillo-con-pelo-medio\/\" data-pin-media=\"https:\/\/flawlesshair.com\/wp-content\/uploads\/2023\/07\/29.-layered-medium-hair-with-fringe.jpg\" data-pin-description=\"50 Medium Hairstyles With Bangs You&rsquo;ll Want This Summer\" rel=\"nofollow noopener\" target=\"_blank\"> <\/a><\/div><\/div><figcaption class=\"wp-element-caption\"><a href=\"http:\/\/www.instagram.com\/salsalhair\" target=\"_blank\" rel=\"noreferrer noopener nofollow\">@salsalhair<\/a><\/figcaption><\/figure>\n\n\n\n<p>Este corte de pelo es grueso en la parte superior y tiene los extremos afilados, lo que crea un aspecto dram\u00e1tico que combina bien con un flequillo completo.<\/p>\n\n\n\n<h2 class=\"wp-block-heading\">30. Pelo rizado medio con flequillo<\/h2>\n\n\n\n<figure class=\"wp-block-image size-full\"><div style=\"position: relative;\"><noscript><img loading=\"lazy\" decoding=\"async\" width=\"1080\" height=\"1350\" src=\"https:\/\/flawlesshair.com\/wp-content\/uploads\/2023\/07\/30.-medium-curly-hair-with-bangs.jpg\" alt=\"pelo rizado medio con flequillo\" class=\"wp-image-35216\" srcset=\"https:\/\/flawlesshair.com\/wp-content\/uploads\/2023\/07\/30.-medium-curly-hair-with-bangs.jpg 1080w, https:\/\/flawlesshair.com\/wp-content\/uploads\/2023\/07\/30.-medium-curly-hair-with-bangs-240x300.jpg 240w, https:\/\/flawlesshair.com\/wp-content\/uploads\/2023\/07\/30.-medium-curly-hair-with-bangs-768x960.jpg 768w, https:\/\/flawlesshair.com\/wp-content\/uploads\/2023\/07\/30.-medium-curly-hair-with-bangs-10x12.jpg 10w, https:\/\/flawlesshair.com\/wp-content\/uploads\/2023\/07\/30.-medium-curly-hair-with-bangs-864x1080.jpg 864w, https:\/\/flawlesshair.com\/wp-content\/uploads\/2023\/07\/30.-medium-curly-hair-with-bangs-960x1200.jpg 960w, https:\/\/flawlesshair.com\/wp-content\/uploads\/2023\/07\/30.-medium-curly-hair-with-bangs-150x188.jpg 150w\" sizes=\"auto, (max-width: 760px) calc(100vw - 24px), 720px\"><\/noscript><img loading=\"lazy\" decoding=\"async\" width=\"1080\" height=\"1350\" src=\"https:\/\/flawlesshair.com\/wp-content\/uploads\/2023\/07\/30.-medium-curly-hair-with-bangs.jpg\" alt=\"pelo rizado medio con flequillo\" class=\"wp-image-35216 lazyload\" srcset=\"https:\/\/flawlesshair.com\/wp-content\/uploads\/2023\/07\/30.-medium-curly-hair-with-bangs.jpg 1080w, https:\/\/flawlesshair.com\/wp-content\/uploads\/2023\/07\/30.-medium-curly-hair-with-bangs-240x300.jpg 240w, https:\/\/flawlesshair.com\/wp-content\/uploads\/2023\/07\/30.-medium-curly-hair-with-bangs-768x960.jpg 768w, https:\/\/flawlesshair.com\/wp-content\/uploads\/2023\/07\/30.-medium-curly-hair-with-bangs-10x12.jpg 10w, https:\/\/flawlesshair.com\/wp-content\/uploads\/2023\/07\/30.-medium-curly-hair-with-bangs-864x1080.jpg 864w, https:\/\/flawlesshair.com\/wp-content\/uploads\/2023\/07\/30.-medium-curly-hair-with-bangs-960x1200.jpg 960w, https:\/\/flawlesshair.com\/wp-content\/uploads\/2023\/07\/30.-medium-curly-hair-with-bangs-150x188.jpg 150w\" sizes=\"auto, (max-width: 760px) calc(100vw - 24px), 720px\" data-pin-media=\"https:\/\/flawlesshair.com\/wp-content\/uploads\/2023\/07\/30.-medium-curly-hair-with-bangs.jpg\" id=\"mv-trellis-img-30\" data-trellis-processed=\"1\"><div style=\"position: absolute; top: 0.5rem; right: 0.75rem;\"> <a href=\"https:\/\/www.pinterest.com\/pin\/create\/button\/\" data-pin-do=\"buttonPin\" data-pin-tall=\"true\" data-pin-url=\"https:\/\/flawlesshair.com\/es\/flequillo-con-pelo-medio\/\" data-pin-media=\"https:\/\/flawlesshair.com\/wp-content\/uploads\/2023\/07\/30.-medium-curly-hair-with-bangs.jpg\" data-pin-description=\"50 Medium Hairstyles With Bangs You&rsquo;ll Want This Summer\" rel=\"nofollow noopener\" target=\"_blank\"> <\/a><\/div><\/div><figcaption class=\"wp-element-caption\"><a href=\"http:\/\/www.instagram.com\/rachelwstylist\" target=\"_blank\" rel=\"noreferrer noopener nofollow\">@rachelwstylist<\/a><\/figcaption><\/figure>\n\n\n\n<p>Mima tus rizos para darles definici\u00f3n y vitalidad. Evita todo lo que reseque tu pelo y aseg\u00farate de acondicionarlo en profundidad una vez a la semana.<\/p>\n\n\n\n<h2 class=\"wp-block-heading\">31. Pelo Liso Corte Lobo<\/h2>\n\n\n\n<figure class=\"wp-block-image size-full\"><div style=\"position: relative;\"><noscript><img loading=\"lazy\" decoding=\"async\" width=\"1080\" height=\"1350\" src=\"https:\/\/flawlesshair.com\/wp-content\/uploads\/2023\/07\/31.-straight-hair-wolf-cut.jpg\" alt=\"pelo liso corte lobo\" class=\"wp-image-35217\" srcset=\"https:\/\/flawlesshair.com\/wp-content\/uploads\/2023\/07\/31.-straight-hair-wolf-cut.jpg 1080w, https:\/\/flawlesshair.com\/wp-content\/uploads\/2023\/07\/31.-straight-hair-wolf-cut-240x300.jpg 240w, https:\/\/flawlesshair.com\/wp-content\/uploads\/2023\/07\/31.-straight-hair-wolf-cut-768x960.jpg 768w, https:\/\/flawlesshair.com\/wp-content\/uploads\/2023\/07\/31.-straight-hair-wolf-cut-10x12.jpg 10w, https:\/\/flawlesshair.com\/wp-content\/uploads\/2023\/07\/31.-straight-hair-wolf-cut-864x1080.jpg 864w, https:\/\/flawlesshair.com\/wp-content\/uploads\/2023\/07\/31.-straight-hair-wolf-cut-960x1200.jpg 960w, https:\/\/flawlesshair.com\/wp-content\/uploads\/2023\/07\/31.-straight-hair-wolf-cut-150x188.jpg 150w\" sizes=\"auto, (max-width: 760px) calc(100vw - 24px), 720px\"><\/noscript><img loading=\"lazy\" decoding=\"async\" width=\"1080\" height=\"1350\" src=\"https:\/\/flawlesshair.com\/wp-content\/uploads\/2023\/07\/31.-straight-hair-wolf-cut.jpg\" alt=\"pelo liso corte lobo\" class=\"wp-image-35217 lazyload\" srcset=\"https:\/\/flawlesshair.com\/wp-content\/uploads\/2023\/07\/31.-straight-hair-wolf-cut.jpg 1080w, https:\/\/flawlesshair.com\/wp-content\/uploads\/2023\/07\/31.-straight-hair-wolf-cut-240x300.jpg 240w, https:\/\/flawlesshair.com\/wp-content\/uploads\/2023\/07\/31.-straight-hair-wolf-cut-768x960.jpg 768w, https:\/\/flawlesshair.com\/wp-content\/uploads\/2023\/07\/31.-straight-hair-wolf-cut-10x12.jpg 10w, https:\/\/flawlesshair.com\/wp-content\/uploads\/2023\/07\/31.-straight-hair-wolf-cut-864x1080.jpg 864w, https:\/\/flawlesshair.com\/wp-content\/uploads\/2023\/07\/31.-straight-hair-wolf-cut-960x1200.jpg 960w, https:\/\/flawlesshair.com\/wp-content\/uploads\/2023\/07\/31.-straight-hair-wolf-cut-150x188.jpg 150w\" sizes=\"auto, (max-width: 760px) calc(100vw - 24px), 720px\" data-pin-media=\"https:\/\/flawlesshair.com\/wp-content\/uploads\/2023\/07\/31.-straight-hair-wolf-cut.jpg\" id=\"mv-trellis-img-31\" data-trellis-processed=\"1\"><div style=\"position: absolute; top: 0.5rem; right: 0.75rem;\"> <a href=\"https:\/\/www.pinterest.com\/pin\/create\/button\/\" data-pin-do=\"buttonPin\" data-pin-tall=\"true\" data-pin-url=\"https:\/\/flawlesshair.com\/es\/flequillo-con-pelo-medio\/\" data-pin-media=\"https:\/\/flawlesshair.com\/wp-content\/uploads\/2023\/07\/31.-straight-hair-wolf-cut.jpg\" data-pin-description=\"50 Medium Hairstyles With Bangs You&rsquo;ll Want This Summer\" rel=\"nofollow noopener\" target=\"_blank\"> <\/a><\/div><\/div><figcaption class=\"wp-element-caption\"><a href=\"http:\/\/www.instagram.com\/romeufelipe\" target=\"_blank\" rel=\"noreferrer noopener nofollow\">@romeufelipe<\/a><\/figcaption><\/figure>\n\n\n\n<p>Este corte de lobo s\u00faper despeinado tiene mucha elevaci\u00f3n en la coronilla, por lo que es perfecto para alargar visualmente un rostro redondo.<\/p>\n\n\n\n<h2 class=\"wp-block-heading\">32. Corte de pelo corto a capas medio con flequillo<\/h2>\n\n\n\n<figure class=\"wp-block-image size-full\"><div style=\"position: relative;\"><noscript><img loading=\"lazy\" decoding=\"async\" width=\"1440\" height=\"1800\" src=\"https:\/\/flawlesshair.com\/wp-content\/uploads\/2023\/07\/32.-short-medium-layered-haircut-with-fringe.jpg\" alt=\"corte de pelo corto a capas medio con flequillo\" class=\"wp-image-35218\" srcset=\"https:\/\/flawlesshair.com\/wp-content\/uploads\/2023\/07\/32.-short-medium-layered-haircut-with-fringe.jpg 1440w, https:\/\/flawlesshair.com\/wp-content\/uploads\/2023\/07\/32.-short-medium-layered-haircut-with-fringe-240x300.jpg 240w, https:\/\/flawlesshair.com\/wp-content\/uploads\/2023\/07\/32.-short-medium-layered-haircut-with-fringe-768x960.jpg 768w, https:\/\/flawlesshair.com\/wp-content\/uploads\/2023\/07\/32.-short-medium-layered-haircut-with-fringe-10x12.jpg 10w, https:\/\/flawlesshair.com\/wp-content\/uploads\/2023\/07\/32.-short-medium-layered-haircut-with-fringe-864x1080.jpg 864w, https:\/\/flawlesshair.com\/wp-content\/uploads\/2023\/07\/32.-short-medium-layered-haircut-with-fringe-960x1200.jpg 960w, https:\/\/flawlesshair.com\/wp-content\/uploads\/2023\/07\/32.-short-medium-layered-haircut-with-fringe-150x188.jpg 150w\" sizes=\"auto, (max-width: 760px) calc(100vw - 24px), 720px\"><\/noscript><img loading=\"lazy\" decoding=\"async\" width=\"1440\" height=\"1800\" src=\"https:\/\/flawlesshair.com\/wp-content\/uploads\/2023\/07\/32.-short-medium-layered-haircut-with-fringe.jpg\" alt=\"corte de pelo corto a capas medio con flequillo\" class=\"wp-image-35218 lazyload\" srcset=\"https:\/\/flawlesshair.com\/wp-content\/uploads\/2023\/07\/32.-short-medium-layered-haircut-with-fringe.jpg 1440w, https:\/\/flawlesshair.com\/wp-content\/uploads\/2023\/07\/32.-short-medium-layered-haircut-with-fringe-240x300.jpg 240w, https:\/\/flawlesshair.com\/wp-content\/uploads\/2023\/07\/32.-short-medium-layered-haircut-with-fringe-768x960.jpg 768w, https:\/\/flawlesshair.com\/wp-content\/uploads\/2023\/07\/32.-short-medium-layered-haircut-with-fringe-10x12.jpg 10w, https:\/\/flawlesshair.com\/wp-content\/uploads\/2023\/07\/32.-short-medium-layered-haircut-with-fringe-864x1080.jpg 864w, https:\/\/flawlesshair.com\/wp-content\/uploads\/2023\/07\/32.-short-medium-layered-haircut-with-fringe-960x1200.jpg 960w, https:\/\/flawlesshair.com\/wp-content\/uploads\/2023\/07\/32.-short-medium-layered-haircut-with-fringe-150x188.jpg 150w\" sizes=\"auto, (max-width: 760px) calc(100vw - 24px), 720px\" data-pin-media=\"https:\/\/flawlesshair.com\/wp-content\/uploads\/2023\/07\/32.-short-medium-layered-haircut-with-fringe.jpg\" id=\"mv-trellis-img-32\" data-trellis-processed=\"1\"><div style=\"position: absolute; top: 0.5rem; right: 0.75rem;\"> <a href=\"https:\/\/www.pinterest.com\/pin\/create\/button\/\" data-pin-do=\"buttonPin\" data-pin-tall=\"true\" data-pin-url=\"https:\/\/flawlesshair.com\/es\/flequillo-con-pelo-medio\/\" data-pin-media=\"https:\/\/flawlesshair.com\/wp-content\/uploads\/2023\/07\/32.-short-medium-layered-haircut-with-fringe.jpg\" data-pin-description=\"50 Medium Hairstyles With Bangs You&rsquo;ll Want This Summer\" rel=\"nofollow noopener\" target=\"_blank\"> <\/a><\/div><\/div><figcaption class=\"wp-element-caption\"><a href=\"https:\/\/www.facebook.com\/stebunovhair\/\" target=\"_blank\" rel=\"noreferrer noopener nofollow\">@stebunovhair<\/a><\/figcaption><\/figure>\n\n\n\n<p>Refresca tu espesa melena con unas cuantas capas bien colocadas y un flequillo que se adapte a la forma de tu cara.<\/p>\n\n\n\n<h2 class=\"wp-block-heading\">33. Pelo liso hasta los hombros con flequillo<\/h2>\n\n\n\n<figure class=\"wp-block-image size-full\"><div style=\"position: relative;\"><noscript><img loading=\"lazy\" decoding=\"async\" width=\"1440\" height=\"1440\" src=\"https:\/\/flawlesshair.com\/wp-content\/uploads\/2023\/07\/33.-shoulder-length-straight-hair-with-bangs.jpg\" alt=\"pelo liso hasta los hombros con flequillo\" class=\"wp-image-35219\" srcset=\"https:\/\/flawlesshair.com\/wp-content\/uploads\/2023\/07\/33.-shoulder-length-straight-hair-with-bangs.jpg 1440w, https:\/\/flawlesshair.com\/wp-content\/uploads\/2023\/07\/33.-shoulder-length-straight-hair-with-bangs-300x300.jpg 300w, https:\/\/flawlesshair.com\/wp-content\/uploads\/2023\/07\/33.-shoulder-length-straight-hair-with-bangs-150x150.jpg 150w, https:\/\/flawlesshair.com\/wp-content\/uploads\/2023\/07\/33.-shoulder-length-straight-hair-with-bangs-768x768.jpg 768w, https:\/\/flawlesshair.com\/wp-content\/uploads\/2023\/07\/33.-shoulder-length-straight-hair-with-bangs-12x12.jpg 12w, https:\/\/flawlesshair.com\/wp-content\/uploads\/2023\/07\/33.-shoulder-length-straight-hair-with-bangs-728x728.jpg 728w, https:\/\/flawlesshair.com\/wp-content\/uploads\/2023\/07\/33.-shoulder-length-straight-hair-with-bangs-960x960.jpg 960w, https:\/\/flawlesshair.com\/wp-content\/uploads\/2023\/07\/33.-shoulder-length-straight-hair-with-bangs-1080x1080.jpg 1080w, https:\/\/flawlesshair.com\/wp-content\/uploads\/2023\/07\/33.-shoulder-length-straight-hair-with-bangs-1200x1200.jpg 1200w, https:\/\/flawlesshair.com\/wp-content\/uploads\/2023\/07\/33.-shoulder-length-straight-hair-with-bangs-96x96.jpg 96w\" sizes=\"auto, (max-width: 760px) calc(100vw - 24px), 720px\"><\/noscript><img loading=\"lazy\" decoding=\"async\" width=\"1440\" height=\"1440\" src=\"https:\/\/flawlesshair.com\/wp-content\/uploads\/2023\/07\/33.-shoulder-length-straight-hair-with-bangs.jpg\" alt=\"pelo liso hasta los hombros con flequillo\" class=\"wp-image-35219 lazyload\" srcset=\"https:\/\/flawlesshair.com\/wp-content\/uploads\/2023\/07\/33.-shoulder-length-straight-hair-with-bangs.jpg 1440w, https:\/\/flawlesshair.com\/wp-content\/uploads\/2023\/07\/33.-shoulder-length-straight-hair-with-bangs-300x300.jpg 300w, https:\/\/flawlesshair.com\/wp-content\/uploads\/2023\/07\/33.-shoulder-length-straight-hair-with-bangs-150x150.jpg 150w, https:\/\/flawlesshair.com\/wp-content\/uploads\/2023\/07\/33.-shoulder-length-straight-hair-with-bangs-768x768.jpg 768w, https:\/\/flawlesshair.com\/wp-content\/uploads\/2023\/07\/33.-shoulder-length-straight-hair-with-bangs-12x12.jpg 12w, https:\/\/flawlesshair.com\/wp-content\/uploads\/2023\/07\/33.-shoulder-length-straight-hair-with-bangs-728x728.jpg 728w, https:\/\/flawlesshair.com\/wp-content\/uploads\/2023\/07\/33.-shoulder-length-straight-hair-with-bangs-960x960.jpg 960w, https:\/\/flawlesshair.com\/wp-content\/uploads\/2023\/07\/33.-shoulder-length-straight-hair-with-bangs-1080x1080.jpg 1080w, https:\/\/flawlesshair.com\/wp-content\/uploads\/2023\/07\/33.-shoulder-length-straight-hair-with-bangs-1200x1200.jpg 1200w, https:\/\/flawlesshair.com\/wp-content\/uploads\/2023\/07\/33.-shoulder-length-straight-hair-with-bangs-96x96.jpg 96w\" sizes=\"auto, (max-width: 760px) calc(100vw - 24px), 720px\" data-pin-media=\"https:\/\/flawlesshair.com\/wp-content\/uploads\/2023\/07\/33.-shoulder-length-straight-hair-with-bangs.jpg\" id=\"mv-trellis-img-33\" data-trellis-processed=\"1\"><div style=\"position: absolute; top: 0.5rem; right: 0.75rem;\"> <a href=\"https:\/\/www.pinterest.com\/pin\/create\/button\/\" data-pin-do=\"buttonPin\" data-pin-tall=\"true\" data-pin-url=\"https:\/\/flawlesshair.com\/es\/flequillo-con-pelo-medio\/\" data-pin-media=\"https:\/\/flawlesshair.com\/wp-content\/uploads\/2023\/07\/33.-shoulder-length-straight-hair-with-bangs.jpg\" data-pin-description=\"50 Medium Hairstyles With Bangs You&rsquo;ll Want This Summer\" rel=\"nofollow noopener\" target=\"_blank\"> <\/a><\/div><\/div><figcaption class=\"wp-element-caption\"><a href=\"http:\/\/www.instagram.com\/hollygirldoeshair\" target=\"_blank\" rel=\"noreferrer noopener nofollow\">@hollygirldoeshair<\/a><\/figcaption><\/figure>\n\n\n\n<p>Un corte cl\u00e1sico a capas con flequillo es m\u00e1s vers\u00e1til de lo que parece: puede parecer profesional o atrevido dependiendo de c\u00f3mo lo peines.<\/p>\n\n\n\n<h2 class=\"wp-block-heading\">34. Mech\u00f3n despuntado con flequillo largo a modo de cortina<\/h2>\n\n\n\n<figure class=\"wp-block-image size-full\"><div style=\"position: relative;\"><noscript><img loading=\"lazy\" decoding=\"async\" width=\"1080\" height=\"1350\" src=\"https:\/\/flawlesshair.com\/wp-content\/uploads\/2023\/07\/34.-blunt-lob-with-long-curtain-bangs.jpg\" alt=\"mech\u00f3n despuntado con flequillo largo a modo de cortina\" class=\"wp-image-35220\" srcset=\"https:\/\/flawlesshair.com\/wp-content\/uploads\/2023\/07\/34.-blunt-lob-with-long-curtain-bangs.jpg 1080w, https:\/\/flawlesshair.com\/wp-content\/uploads\/2023\/07\/34.-blunt-lob-with-long-curtain-bangs-240x300.jpg 240w, https:\/\/flawlesshair.com\/wp-content\/uploads\/2023\/07\/34.-blunt-lob-with-long-curtain-bangs-768x960.jpg 768w, https:\/\/flawlesshair.com\/wp-content\/uploads\/2023\/07\/34.-blunt-lob-with-long-curtain-bangs-10x12.jpg 10w, https:\/\/flawlesshair.com\/wp-content\/uploads\/2023\/07\/34.-blunt-lob-with-long-curtain-bangs-864x1080.jpg 864w, https:\/\/flawlesshair.com\/wp-content\/uploads\/2023\/07\/34.-blunt-lob-with-long-curtain-bangs-960x1200.jpg 960w, https:\/\/flawlesshair.com\/wp-content\/uploads\/2023\/07\/34.-blunt-lob-with-long-curtain-bangs-150x188.jpg 150w\" sizes=\"auto, (max-width: 760px) calc(100vw - 24px), 720px\"><\/noscript><img loading=\"lazy\" decoding=\"async\" width=\"1080\" height=\"1350\" src=\"https:\/\/flawlesshair.com\/wp-content\/uploads\/2023\/07\/34.-blunt-lob-with-long-curtain-bangs.jpg\" alt=\"mech\u00f3n despuntado con flequillo largo a modo de cortina\" class=\"wp-image-35220 lazyload\" srcset=\"https:\/\/flawlesshair.com\/wp-content\/uploads\/2023\/07\/34.-blunt-lob-with-long-curtain-bangs.jpg 1080w, https:\/\/flawlesshair.com\/wp-content\/uploads\/2023\/07\/34.-blunt-lob-with-long-curtain-bangs-240x300.jpg 240w, https:\/\/flawlesshair.com\/wp-content\/uploads\/2023\/07\/34.-blunt-lob-with-long-curtain-bangs-768x960.jpg 768w, https:\/\/flawlesshair.com\/wp-content\/uploads\/2023\/07\/34.-blunt-lob-with-long-curtain-bangs-10x12.jpg 10w, https:\/\/flawlesshair.com\/wp-content\/uploads\/2023\/07\/34.-blunt-lob-with-long-curtain-bangs-864x1080.jpg 864w, https:\/\/flawlesshair.com\/wp-content\/uploads\/2023\/07\/34.-blunt-lob-with-long-curtain-bangs-960x1200.jpg 960w, https:\/\/flawlesshair.com\/wp-content\/uploads\/2023\/07\/34.-blunt-lob-with-long-curtain-bangs-150x188.jpg 150w\" sizes=\"auto, (max-width: 760px) calc(100vw - 24px), 720px\" data-pin-media=\"https:\/\/flawlesshair.com\/wp-content\/uploads\/2023\/07\/34.-blunt-lob-with-long-curtain-bangs.jpg\" id=\"mv-trellis-img-34\" data-trellis-processed=\"1\"><div style=\"position: absolute; top: 0.5rem; right: 0.75rem;\"> <a href=\"https:\/\/www.pinterest.com\/pin\/create\/button\/\" data-pin-do=\"buttonPin\" data-pin-tall=\"true\" data-pin-url=\"https:\/\/flawlesshair.com\/es\/flequillo-con-pelo-medio\/\" data-pin-media=\"https:\/\/flawlesshair.com\/wp-content\/uploads\/2023\/07\/34.-blunt-lob-with-long-curtain-bangs.jpg\" data-pin-description=\"50 Medium Hairstyles With Bangs You&rsquo;ll Want This Summer\" rel=\"nofollow noopener\" target=\"_blank\"> <\/a><\/div><\/div><figcaption class=\"wp-element-caption\"><a href=\"http:\/\/www.instagram.com\/romeufelipe\" target=\"_blank\" rel=\"noreferrer noopener nofollow\">@romeufelipe<\/a><\/figcaption><\/figure>\n\n\n\n<p>Incluso el flequillo m\u00e1s ligero puede hacer que todo tu estilo resalte, sobre todo si se combina con color. En este caso, los reflejos del flequillo largo iluminan el rostro y le dan resplandor.<\/p>\n\n\n\n<h2 class=\"wp-block-heading\">35. Pelo medio con flequillo ondulado<\/h2>\n\n\n\n<figure class=\"wp-block-image size-full\"><div style=\"position: relative;\"><noscript><img loading=\"lazy\" decoding=\"async\" width=\"1440\" height=\"1800\" src=\"https:\/\/flawlesshair.com\/wp-content\/uploads\/2023\/07\/35.-medium-hair-with-wispy-bangs.jpg\" alt=\"pelo medio con flequillo ondulado\" class=\"wp-image-35221\" srcset=\"https:\/\/flawlesshair.com\/wp-content\/uploads\/2023\/07\/35.-medium-hair-with-wispy-bangs.jpg 1440w, https:\/\/flawlesshair.com\/wp-content\/uploads\/2023\/07\/35.-medium-hair-with-wispy-bangs-240x300.jpg 240w, https:\/\/flawlesshair.com\/wp-content\/uploads\/2023\/07\/35.-medium-hair-with-wispy-bangs-768x960.jpg 768w, https:\/\/flawlesshair.com\/wp-content\/uploads\/2023\/07\/35.-medium-hair-with-wispy-bangs-10x12.jpg 10w, https:\/\/flawlesshair.com\/wp-content\/uploads\/2023\/07\/35.-medium-hair-with-wispy-bangs-864x1080.jpg 864w, https:\/\/flawlesshair.com\/wp-content\/uploads\/2023\/07\/35.-medium-hair-with-wispy-bangs-960x1200.jpg 960w, https:\/\/flawlesshair.com\/wp-content\/uploads\/2023\/07\/35.-medium-hair-with-wispy-bangs-150x188.jpg 150w\" sizes=\"auto, (max-width: 760px) calc(100vw - 24px), 720px\"><\/noscript><img loading=\"lazy\" decoding=\"async\" width=\"1440\" height=\"1800\" src=\"https:\/\/flawlesshair.com\/wp-content\/uploads\/2023\/07\/35.-medium-hair-with-wispy-bangs.jpg\" alt=\"pelo medio con flequillo ondulado\" class=\"wp-image-35221 lazyload\" srcset=\"https:\/\/flawlesshair.com\/wp-content\/uploads\/2023\/07\/35.-medium-hair-with-wispy-bangs.jpg 1440w, https:\/\/flawlesshair.com\/wp-content\/uploads\/2023\/07\/35.-medium-hair-with-wispy-bangs-240x300.jpg 240w, https:\/\/flawlesshair.com\/wp-content\/uploads\/2023\/07\/35.-medium-hair-with-wispy-bangs-768x960.jpg 768w, https:\/\/flawlesshair.com\/wp-content\/uploads\/2023\/07\/35.-medium-hair-with-wispy-bangs-10x12.jpg 10w, https:\/\/flawlesshair.com\/wp-content\/uploads\/2023\/07\/35.-medium-hair-with-wispy-bangs-864x1080.jpg 864w, https:\/\/flawlesshair.com\/wp-content\/uploads\/2023\/07\/35.-medium-hair-with-wispy-bangs-960x1200.jpg 960w, https:\/\/flawlesshair.com\/wp-content\/uploads\/2023\/07\/35.-medium-hair-with-wispy-bangs-150x188.jpg 150w\" sizes=\"auto, (max-width: 760px) calc(100vw - 24px), 720px\" data-pin-media=\"https:\/\/flawlesshair.com\/wp-content\/uploads\/2023\/07\/35.-medium-hair-with-wispy-bangs.jpg\" id=\"mv-trellis-img-35\" data-trellis-processed=\"1\"><div style=\"position: absolute; top: 0.5rem; right: 0.75rem;\"> <a href=\"https:\/\/www.pinterest.com\/pin\/create\/button\/\" data-pin-do=\"buttonPin\" data-pin-tall=\"true\" data-pin-url=\"https:\/\/flawlesshair.com\/es\/flequillo-con-pelo-medio\/\" data-pin-media=\"https:\/\/flawlesshair.com\/wp-content\/uploads\/2023\/07\/35.-medium-hair-with-wispy-bangs.jpg\" data-pin-description=\"50 Medium Hairstyles With Bangs You&rsquo;ll Want This Summer\" rel=\"nofollow noopener\" target=\"_blank\"> <\/a><\/div><\/div><figcaption class=\"wp-element-caption\"><a href=\"http:\/\/www.instagram.com\/yukistylist\" target=\"_blank\" rel=\"noreferrer noopener nofollow\">@yukistylist<\/a><\/figcaption><\/figure>\n\n\n\n<p>El flequillo corto y ondulado da un toque personal a este corte de pelo haciendo que se adapte perfectamente a la cara.<\/p>\n\n\n\n<h2 class=\"wp-block-heading\">36. Lob hasta los hombros con flequillo<\/h2>\n\n\n\n<figure class=\"wp-block-image size-full\"><div style=\"position: relative;\"><noscript><img loading=\"lazy\" decoding=\"async\" width=\"1440\" height=\"1440\" src=\"https:\/\/flawlesshair.com\/wp-content\/uploads\/2023\/07\/36.-shoulder-length-lob-with-fringe.jpg\" alt=\"lob largo hasta los hombros con flequillo\" class=\"wp-image-35222\" srcset=\"https:\/\/flawlesshair.com\/wp-content\/uploads\/2023\/07\/36.-shoulder-length-lob-with-fringe.jpg 1440w, https:\/\/flawlesshair.com\/wp-content\/uploads\/2023\/07\/36.-shoulder-length-lob-with-fringe-300x300.jpg 300w, https:\/\/flawlesshair.com\/wp-content\/uploads\/2023\/07\/36.-shoulder-length-lob-with-fringe-150x150.jpg 150w, https:\/\/flawlesshair.com\/wp-content\/uploads\/2023\/07\/36.-shoulder-length-lob-with-fringe-768x768.jpg 768w, https:\/\/flawlesshair.com\/wp-content\/uploads\/2023\/07\/36.-shoulder-length-lob-with-fringe-12x12.jpg 12w, https:\/\/flawlesshair.com\/wp-content\/uploads\/2023\/07\/36.-shoulder-length-lob-with-fringe-728x728.jpg 728w, https:\/\/flawlesshair.com\/wp-content\/uploads\/2023\/07\/36.-shoulder-length-lob-with-fringe-960x960.jpg 960w, https:\/\/flawlesshair.com\/wp-content\/uploads\/2023\/07\/36.-shoulder-length-lob-with-fringe-1080x1080.jpg 1080w, https:\/\/flawlesshair.com\/wp-content\/uploads\/2023\/07\/36.-shoulder-length-lob-with-fringe-1200x1200.jpg 1200w, https:\/\/flawlesshair.com\/wp-content\/uploads\/2023\/07\/36.-shoulder-length-lob-with-fringe-96x96.jpg 96w\" sizes=\"auto, (max-width: 760px) calc(100vw - 24px), 720px\"><\/noscript><img loading=\"lazy\" decoding=\"async\" width=\"1440\" height=\"1440\" src=\"https:\/\/flawlesshair.com\/wp-content\/uploads\/2023\/07\/36.-shoulder-length-lob-with-fringe.jpg\" alt=\"lob largo hasta los hombros con flequillo\" class=\"wp-image-35222 lazyload\" srcset=\"https:\/\/flawlesshair.com\/wp-content\/uploads\/2023\/07\/36.-shoulder-length-lob-with-fringe.jpg 1440w, https:\/\/flawlesshair.com\/wp-content\/uploads\/2023\/07\/36.-shoulder-length-lob-with-fringe-300x300.jpg 300w, https:\/\/flawlesshair.com\/wp-content\/uploads\/2023\/07\/36.-shoulder-length-lob-with-fringe-150x150.jpg 150w, https:\/\/flawlesshair.com\/wp-content\/uploads\/2023\/07\/36.-shoulder-length-lob-with-fringe-768x768.jpg 768w, https:\/\/flawlesshair.com\/wp-content\/uploads\/2023\/07\/36.-shoulder-length-lob-with-fringe-12x12.jpg 12w, https:\/\/flawlesshair.com\/wp-content\/uploads\/2023\/07\/36.-shoulder-length-lob-with-fringe-728x728.jpg 728w, https:\/\/flawlesshair.com\/wp-content\/uploads\/2023\/07\/36.-shoulder-length-lob-with-fringe-960x960.jpg 960w, https:\/\/flawlesshair.com\/wp-content\/uploads\/2023\/07\/36.-shoulder-length-lob-with-fringe-1080x1080.jpg 1080w, https:\/\/flawlesshair.com\/wp-content\/uploads\/2023\/07\/36.-shoulder-length-lob-with-fringe-1200x1200.jpg 1200w, https:\/\/flawlesshair.com\/wp-content\/uploads\/2023\/07\/36.-shoulder-length-lob-with-fringe-96x96.jpg 96w\" sizes=\"auto, (max-width: 760px) calc(100vw - 24px), 720px\" data-pin-media=\"https:\/\/flawlesshair.com\/wp-content\/uploads\/2023\/07\/36.-shoulder-length-lob-with-fringe.jpg\" id=\"mv-trellis-img-36\" data-trellis-processed=\"1\"><div style=\"position: absolute; top: 0.5rem; right: 0.75rem;\"> <a href=\"https:\/\/www.pinterest.com\/pin\/create\/button\/\" data-pin-do=\"buttonPin\" data-pin-tall=\"true\" data-pin-url=\"https:\/\/flawlesshair.com\/es\/flequillo-con-pelo-medio\/\" data-pin-media=\"https:\/\/flawlesshair.com\/wp-content\/uploads\/2023\/07\/36.-shoulder-length-lob-with-fringe.jpg\" data-pin-description=\"50 Medium Hairstyles With Bangs You&rsquo;ll Want This Summer\" rel=\"nofollow noopener\" target=\"_blank\"> <\/a><\/div><\/div><figcaption class=\"wp-element-caption\"><a href=\"http:\/\/www.instagram.com\/memmieyo\" target=\"_blank\" rel=\"noreferrer noopener nofollow\">@memmieyo<\/a><\/figcaption><\/figure>\n\n\n\n<p>Los flequillos finos son f\u00e1ciles de dejar crecer si cambias de opini\u00f3n, as\u00ed que da el salto si tienes curiosidad por el flequillo.<\/p>\n\n\n\n<h2 class=\"wp-block-heading\">37. Pelo medio con flequillo y enmarcando la cara<\/h2>\n\n\n\n<figure class=\"wp-block-image size-full\"><div style=\"position: relative;\"><noscript><img loading=\"lazy\" decoding=\"async\" width=\"1080\" height=\"1350\" src=\"https:\/\/flawlesshair.com\/wp-content\/uploads\/2023\/07\/37.-medium-hair-with-fringe-and-face-framing.jpg\" alt=\"pelo medio con flequillo y enmarcando la cara\" class=\"wp-image-35223\" srcset=\"https:\/\/flawlesshair.com\/wp-content\/uploads\/2023\/07\/37.-medium-hair-with-fringe-and-face-framing.jpg 1080w, https:\/\/flawlesshair.com\/wp-content\/uploads\/2023\/07\/37.-medium-hair-with-fringe-and-face-framing-240x300.jpg 240w, https:\/\/flawlesshair.com\/wp-content\/uploads\/2023\/07\/37.-medium-hair-with-fringe-and-face-framing-768x960.jpg 768w, https:\/\/flawlesshair.com\/wp-content\/uploads\/2023\/07\/37.-medium-hair-with-fringe-and-face-framing-10x12.jpg 10w, https:\/\/flawlesshair.com\/wp-content\/uploads\/2023\/07\/37.-medium-hair-with-fringe-and-face-framing-864x1080.jpg 864w, https:\/\/flawlesshair.com\/wp-content\/uploads\/2023\/07\/37.-medium-hair-with-fringe-and-face-framing-960x1200.jpg 960w, https:\/\/flawlesshair.com\/wp-content\/uploads\/2023\/07\/37.-medium-hair-with-fringe-and-face-framing-150x188.jpg 150w\" sizes=\"auto, (max-width: 760px) calc(100vw - 24px), 720px\"><\/noscript><img loading=\"lazy\" decoding=\"async\" width=\"1080\" height=\"1350\" src=\"https:\/\/flawlesshair.com\/wp-content\/uploads\/2023\/07\/37.-medium-hair-with-fringe-and-face-framing.jpg\" alt=\"pelo medio con flequillo y enmarcando la cara\" class=\"wp-image-35223 lazyload\" srcset=\"https:\/\/flawlesshair.com\/wp-content\/uploads\/2023\/07\/37.-medium-hair-with-fringe-and-face-framing.jpg 1080w, https:\/\/flawlesshair.com\/wp-content\/uploads\/2023\/07\/37.-medium-hair-with-fringe-and-face-framing-240x300.jpg 240w, https:\/\/flawlesshair.com\/wp-content\/uploads\/2023\/07\/37.-medium-hair-with-fringe-and-face-framing-768x960.jpg 768w, https:\/\/flawlesshair.com\/wp-content\/uploads\/2023\/07\/37.-medium-hair-with-fringe-and-face-framing-10x12.jpg 10w, https:\/\/flawlesshair.com\/wp-content\/uploads\/2023\/07\/37.-medium-hair-with-fringe-and-face-framing-864x1080.jpg 864w, https:\/\/flawlesshair.com\/wp-content\/uploads\/2023\/07\/37.-medium-hair-with-fringe-and-face-framing-960x1200.jpg 960w, https:\/\/flawlesshair.com\/wp-content\/uploads\/2023\/07\/37.-medium-hair-with-fringe-and-face-framing-150x188.jpg 150w\" sizes=\"auto, (max-width: 760px) calc(100vw - 24px), 720px\" data-pin-media=\"https:\/\/flawlesshair.com\/wp-content\/uploads\/2023\/07\/37.-medium-hair-with-fringe-and-face-framing.jpg\" id=\"mv-trellis-img-37\" data-trellis-processed=\"1\"><div style=\"position: absolute; top: 0.5rem; right: 0.75rem;\"> <a href=\"https:\/\/www.pinterest.com\/pin\/create\/button\/\" data-pin-do=\"buttonPin\" data-pin-tall=\"true\" data-pin-url=\"https:\/\/flawlesshair.com\/es\/flequillo-con-pelo-medio\/\" data-pin-media=\"https:\/\/flawlesshair.com\/wp-content\/uploads\/2023\/07\/37.-medium-hair-with-fringe-and-face-framing.jpg\" data-pin-description=\"50 Medium Hairstyles With Bangs You&rsquo;ll Want This Summer\" rel=\"nofollow noopener\" target=\"_blank\"> <\/a><\/div><\/div><figcaption class=\"wp-element-caption\"><a href=\"http:\/\/www.instagram.com\/nunzio_nyc1\" target=\"_blank\" rel=\"noreferrer noopener nofollow\">@nunzio_nyc1<\/a><\/figcaption><\/figure>\n\n\n\n<p>Unos mechones m\u00e1s cortos a\u00f1adidos en el centro de la frente transforman el cl\u00e1sico flequillo cortina en algo mucho m\u00e1s divertido.<\/p>\n\n\n\n<h2 class=\"wp-block-heading\">38. Pelo medio con flequillo lateral<\/h2>\n\n\n\n<figure class=\"wp-block-image size-full\"><div style=\"position: relative;\"><noscript><img loading=\"lazy\" decoding=\"async\" width=\"1080\" height=\"1350\" src=\"https:\/\/flawlesshair.com\/wp-content\/uploads\/2023\/07\/38.-medium-hair-with-side-bangs.jpg\" alt=\"media melena con flequillo lateral\" class=\"wp-image-35224\" srcset=\"https:\/\/flawlesshair.com\/wp-content\/uploads\/2023\/07\/38.-medium-hair-with-side-bangs.jpg 1080w, https:\/\/flawlesshair.com\/wp-content\/uploads\/2023\/07\/38.-medium-hair-with-side-bangs-240x300.jpg 240w, https:\/\/flawlesshair.com\/wp-content\/uploads\/2023\/07\/38.-medium-hair-with-side-bangs-768x960.jpg 768w, https:\/\/flawlesshair.com\/wp-content\/uploads\/2023\/07\/38.-medium-hair-with-side-bangs-10x12.jpg 10w, https:\/\/flawlesshair.com\/wp-content\/uploads\/2023\/07\/38.-medium-hair-with-side-bangs-864x1080.jpg 864w, https:\/\/flawlesshair.com\/wp-content\/uploads\/2023\/07\/38.-medium-hair-with-side-bangs-960x1200.jpg 960w, https:\/\/flawlesshair.com\/wp-content\/uploads\/2023\/07\/38.-medium-hair-with-side-bangs-150x188.jpg 150w\" sizes=\"auto, (max-width: 760px) calc(100vw - 24px), 720px\"><\/noscript><img loading=\"lazy\" decoding=\"async\" width=\"1080\" height=\"1350\" src=\"https:\/\/flawlesshair.com\/wp-content\/uploads\/2023\/07\/38.-medium-hair-with-side-bangs.jpg\" alt=\"media melena con flequillo lateral\" class=\"wp-image-35224 lazyload\" srcset=\"https:\/\/flawlesshair.com\/wp-content\/uploads\/2023\/07\/38.-medium-hair-with-side-bangs.jpg 1080w, https:\/\/flawlesshair.com\/wp-content\/uploads\/2023\/07\/38.-medium-hair-with-side-bangs-240x300.jpg 240w, https:\/\/flawlesshair.com\/wp-content\/uploads\/2023\/07\/38.-medium-hair-with-side-bangs-768x960.jpg 768w, https:\/\/flawlesshair.com\/wp-content\/uploads\/2023\/07\/38.-medium-hair-with-side-bangs-10x12.jpg 10w, https:\/\/flawlesshair.com\/wp-content\/uploads\/2023\/07\/38.-medium-hair-with-side-bangs-864x1080.jpg 864w, https:\/\/flawlesshair.com\/wp-content\/uploads\/2023\/07\/38.-medium-hair-with-side-bangs-960x1200.jpg 960w, https:\/\/flawlesshair.com\/wp-content\/uploads\/2023\/07\/38.-medium-hair-with-side-bangs-150x188.jpg 150w\" sizes=\"auto, (max-width: 760px) calc(100vw - 24px), 720px\" data-pin-media=\"https:\/\/flawlesshair.com\/wp-content\/uploads\/2023\/07\/38.-medium-hair-with-side-bangs.jpg\" id=\"mv-trellis-img-38\" data-trellis-processed=\"1\"><div style=\"position: absolute; top: 0.5rem; right: 0.75rem;\"> <a href=\"https:\/\/www.pinterest.com\/pin\/create\/button\/\" data-pin-do=\"buttonPin\" data-pin-tall=\"true\" data-pin-url=\"https:\/\/flawlesshair.com\/es\/flequillo-con-pelo-medio\/\" data-pin-media=\"https:\/\/flawlesshair.com\/wp-content\/uploads\/2023\/07\/38.-medium-hair-with-side-bangs.jpg\" data-pin-description=\"50 Medium Hairstyles With Bangs You&rsquo;ll Want This Summer\" rel=\"nofollow noopener\" target=\"_blank\"> <\/a><\/div><\/div><figcaption class=\"wp-element-caption\"><a href=\"http:\/\/www.instagram.com\/thebangsbabe\" target=\"_blank\" rel=\"noreferrer noopener nofollow\">@thebangsbabe<\/a><\/figcaption><\/figure>\n\n\n\n<p>La raya en medio del flequillo tiene un aspecto similar a la raya en medio, pero ayuda a desviar la atenci\u00f3n de cualquier asimetr\u00eda en la cara, que la mayor\u00eda de nosotras tenemos.<\/p>\n\n\n\n<h2 class=\"wp-block-heading\">39. Un corte de pelo largo con flequillo<\/h2>\n\n\n\n<figure class=\"wp-block-image size-full\"><div style=\"position: relative;\"><noscript><img loading=\"lazy\" decoding=\"async\" width=\"1440\" height=\"1799\" src=\"https:\/\/flawlesshair.com\/wp-content\/uploads\/2023\/07\/39.-one-length-haircut-with-bangs.jpg\" alt=\"corte de pelo largo con flequillo\" class=\"wp-image-35225\" srcset=\"https:\/\/flawlesshair.com\/wp-content\/uploads\/2023\/07\/39.-one-length-haircut-with-bangs.jpg 1440w, https:\/\/flawlesshair.com\/wp-content\/uploads\/2023\/07\/39.-one-length-haircut-with-bangs-240x300.jpg 240w, https:\/\/flawlesshair.com\/wp-content\/uploads\/2023\/07\/39.-one-length-haircut-with-bangs-768x960.jpg 768w, https:\/\/flawlesshair.com\/wp-content\/uploads\/2023\/07\/39.-one-length-haircut-with-bangs-10x12.jpg 10w, https:\/\/flawlesshair.com\/wp-content\/uploads\/2023\/07\/39.-one-length-haircut-with-bangs-864x1080.jpg 864w, https:\/\/flawlesshair.com\/wp-content\/uploads\/2023\/07\/39.-one-length-haircut-with-bangs-961x1200.jpg 961w, https:\/\/flawlesshair.com\/wp-content\/uploads\/2023\/07\/39.-one-length-haircut-with-bangs-150x187.jpg 150w\" sizes=\"auto, (max-width: 760px) calc(100vw - 24px), 720px\"><\/noscript><img loading=\"lazy\" decoding=\"async\" width=\"1440\" height=\"1799\" src=\"https:\/\/flawlesshair.com\/wp-content\/uploads\/2023\/07\/39.-one-length-haircut-with-bangs.jpg\" alt=\"corte de pelo largo con flequillo\" class=\"wp-image-35225 lazyload\" srcset=\"https:\/\/flawlesshair.com\/wp-content\/uploads\/2023\/07\/39.-one-length-haircut-with-bangs.jpg 1440w, https:\/\/flawlesshair.com\/wp-content\/uploads\/2023\/07\/39.-one-length-haircut-with-bangs-240x300.jpg 240w, https:\/\/flawlesshair.com\/wp-content\/uploads\/2023\/07\/39.-one-length-haircut-with-bangs-768x960.jpg 768w, https:\/\/flawlesshair.com\/wp-content\/uploads\/2023\/07\/39.-one-length-haircut-with-bangs-10x12.jpg 10w, https:\/\/flawlesshair.com\/wp-content\/uploads\/2023\/07\/39.-one-length-haircut-with-bangs-864x1080.jpg 864w, https:\/\/flawlesshair.com\/wp-content\/uploads\/2023\/07\/39.-one-length-haircut-with-bangs-961x1200.jpg 961w, https:\/\/flawlesshair.com\/wp-content\/uploads\/2023\/07\/39.-one-length-haircut-with-bangs-150x187.jpg 150w\" sizes=\"auto, (max-width: 760px) calc(100vw - 24px), 720px\" data-pin-media=\"https:\/\/flawlesshair.com\/wp-content\/uploads\/2023\/07\/39.-one-length-haircut-with-bangs.jpg\" id=\"mv-trellis-img-39\" data-trellis-processed=\"1\"><div style=\"position: absolute; top: 0.5rem; right: 0.75rem;\"> <a href=\"https:\/\/www.pinterest.com\/pin\/create\/button\/\" data-pin-do=\"buttonPin\" data-pin-tall=\"true\" data-pin-url=\"https:\/\/flawlesshair.com\/es\/flequillo-con-pelo-medio\/\" data-pin-media=\"https:\/\/flawlesshair.com\/wp-content\/uploads\/2023\/07\/39.-one-length-haircut-with-bangs.jpg\" data-pin-description=\"50 Medium Hairstyles With Bangs You&rsquo;ll Want This Summer\" rel=\"nofollow noopener\" target=\"_blank\"> <\/a><\/div><\/div><figcaption class=\"wp-element-caption\"><a href=\"http:\/\/www.instagram.com\/memmieyo\" target=\"_blank\" rel=\"noreferrer noopener nofollow\">@memmieyo<\/a><\/figcaption><\/figure>\n\n\n\n<p>En caso de duda, opta por un flequillo ondulado y entrecortado. Los flequillos gruesos, cortos y despuntados son dif\u00edciles de hacer funcionar, y este es un flequillo mucho m\u00e1s manejable que sigue pareciendo espectacular.<\/p>\n\n\n\n<h2 class=\"wp-block-heading\">40. Pelo medio con enmarcado en la cara<\/h2>\n\n\n\n<figure class=\"wp-block-image size-full\"><div style=\"position: relative;\"><noscript><img loading=\"lazy\" decoding=\"async\" width=\"1080\" height=\"1350\" src=\"https:\/\/flawlesshair.com\/wp-content\/uploads\/2023\/07\/40.-medium-hair-with-face-framing.jpg\" alt=\"media melena con enmarcado facial\" class=\"wp-image-35226\" srcset=\"https:\/\/flawlesshair.com\/wp-content\/uploads\/2023\/07\/40.-medium-hair-with-face-framing.jpg 1080w, https:\/\/flawlesshair.com\/wp-content\/uploads\/2023\/07\/40.-medium-hair-with-face-framing-240x300.jpg 240w, https:\/\/flawlesshair.com\/wp-content\/uploads\/2023\/07\/40.-medium-hair-with-face-framing-768x960.jpg 768w, https:\/\/flawlesshair.com\/wp-content\/uploads\/2023\/07\/40.-medium-hair-with-face-framing-10x12.jpg 10w, https:\/\/flawlesshair.com\/wp-content\/uploads\/2023\/07\/40.-medium-hair-with-face-framing-864x1080.jpg 864w, https:\/\/flawlesshair.com\/wp-content\/uploads\/2023\/07\/40.-medium-hair-with-face-framing-960x1200.jpg 960w, https:\/\/flawlesshair.com\/wp-content\/uploads\/2023\/07\/40.-medium-hair-with-face-framing-150x188.jpg 150w\" sizes=\"auto, (max-width: 760px) calc(100vw - 24px), 720px\"><\/noscript><img loading=\"lazy\" decoding=\"async\" width=\"1080\" height=\"1350\" src=\"https:\/\/flawlesshair.com\/wp-content\/uploads\/2023\/07\/40.-medium-hair-with-face-framing.jpg\" alt=\"media melena con enmarcado facial\" class=\"wp-image-35226 lazyload\" srcset=\"https:\/\/flawlesshair.com\/wp-content\/uploads\/2023\/07\/40.-medium-hair-with-face-framing.jpg 1080w, https:\/\/flawlesshair.com\/wp-content\/uploads\/2023\/07\/40.-medium-hair-with-face-framing-240x300.jpg 240w, https:\/\/flawlesshair.com\/wp-content\/uploads\/2023\/07\/40.-medium-hair-with-face-framing-768x960.jpg 768w, https:\/\/flawlesshair.com\/wp-content\/uploads\/2023\/07\/40.-medium-hair-with-face-framing-10x12.jpg 10w, https:\/\/flawlesshair.com\/wp-content\/uploads\/2023\/07\/40.-medium-hair-with-face-framing-864x1080.jpg 864w, https:\/\/flawlesshair.com\/wp-content\/uploads\/2023\/07\/40.-medium-hair-with-face-framing-960x1200.jpg 960w, https:\/\/flawlesshair.com\/wp-content\/uploads\/2023\/07\/40.-medium-hair-with-face-framing-150x188.jpg 150w\" sizes=\"auto, (max-width: 760px) calc(100vw - 24px), 720px\" data-pin-media=\"https:\/\/flawlesshair.com\/wp-content\/uploads\/2023\/07\/40.-medium-hair-with-face-framing.jpg\" id=\"mv-trellis-img-40\" data-trellis-processed=\"1\"><div style=\"position: absolute; top: 0.5rem; right: 0.75rem;\"> <a href=\"https:\/\/www.pinterest.com\/pin\/create\/button\/\" data-pin-do=\"buttonPin\" data-pin-tall=\"true\" data-pin-url=\"https:\/\/flawlesshair.com\/es\/flequillo-con-pelo-medio\/\" data-pin-media=\"https:\/\/flawlesshair.com\/wp-content\/uploads\/2023\/07\/40.-medium-hair-with-face-framing.jpg\" data-pin-description=\"50 Medium Hairstyles With Bangs You&rsquo;ll Want This Summer\" rel=\"nofollow noopener\" target=\"_blank\"> <\/a><\/div><\/div><figcaption class=\"wp-element-caption\"><a href=\"http:\/\/www.instagram.com\/brianaguilarhair\" target=\"_blank\" rel=\"noreferrer noopener nofollow\">@brianaguilarpelo<\/a><\/figcaption><\/figure>\n\n\n\n<p>Los flequillos cortina cortos que apenas se abren por la mitad son s\u00faper favorecedores y pueden disimular tanto una frente demasiado alta como demasiado corta, haciendo que tu rostro parezca m\u00e1s equilibrado.<\/p>\n\n\n\n<h2 class=\"wp-block-heading\">41. Pelo medio bicolor con flequillo<\/h2>\n\n\n\n<figure class=\"wp-block-image size-full\"><div style=\"position: relative;\"><noscript><img loading=\"lazy\" decoding=\"async\" width=\"1243\" height=\"1243\" src=\"https:\/\/flawlesshair.com\/wp-content\/uploads\/2023\/07\/41.-two-tone-medium-hair-with-bangs.jpg\" alt=\"media melena bicolor con flequillo\" class=\"wp-image-35227\" srcset=\"https:\/\/flawlesshair.com\/wp-content\/uploads\/2023\/07\/41.-two-tone-medium-hair-with-bangs.jpg 1243w, https:\/\/flawlesshair.com\/wp-content\/uploads\/2023\/07\/41.-two-tone-medium-hair-with-bangs-300x300.jpg 300w, https:\/\/flawlesshair.com\/wp-content\/uploads\/2023\/07\/41.-two-tone-medium-hair-with-bangs-150x150.jpg 150w, https:\/\/flawlesshair.com\/wp-content\/uploads\/2023\/07\/41.-two-tone-medium-hair-with-bangs-768x768.jpg 768w, https:\/\/flawlesshair.com\/wp-content\/uploads\/2023\/07\/41.-two-tone-medium-hair-with-bangs-12x12.jpg 12w, https:\/\/flawlesshair.com\/wp-content\/uploads\/2023\/07\/41.-two-tone-medium-hair-with-bangs-728x728.jpg 728w, https:\/\/flawlesshair.com\/wp-content\/uploads\/2023\/07\/41.-two-tone-medium-hair-with-bangs-960x960.jpg 960w, https:\/\/flawlesshair.com\/wp-content\/uploads\/2023\/07\/41.-two-tone-medium-hair-with-bangs-1080x1080.jpg 1080w, https:\/\/flawlesshair.com\/wp-content\/uploads\/2023\/07\/41.-two-tone-medium-hair-with-bangs-1200x1200.jpg 1200w, https:\/\/flawlesshair.com\/wp-content\/uploads\/2023\/07\/41.-two-tone-medium-hair-with-bangs-96x96.jpg 96w\" sizes=\"auto, (max-width: 760px) calc(100vw - 24px), 720px\"><\/noscript><img loading=\"lazy\" decoding=\"async\" width=\"1243\" height=\"1243\" src=\"https:\/\/flawlesshair.com\/wp-content\/uploads\/2023\/07\/41.-two-tone-medium-hair-with-bangs.jpg\" alt=\"media melena bicolor con flequillo\" class=\"wp-image-35227 lazyload\" srcset=\"https:\/\/flawlesshair.com\/wp-content\/uploads\/2023\/07\/41.-two-tone-medium-hair-with-bangs.jpg 1243w, https:\/\/flawlesshair.com\/wp-content\/uploads\/2023\/07\/41.-two-tone-medium-hair-with-bangs-300x300.jpg 300w, https:\/\/flawlesshair.com\/wp-content\/uploads\/2023\/07\/41.-two-tone-medium-hair-with-bangs-150x150.jpg 150w, https:\/\/flawlesshair.com\/wp-content\/uploads\/2023\/07\/41.-two-tone-medium-hair-with-bangs-768x768.jpg 768w, https:\/\/flawlesshair.com\/wp-content\/uploads\/2023\/07\/41.-two-tone-medium-hair-with-bangs-12x12.jpg 12w, https:\/\/flawlesshair.com\/wp-content\/uploads\/2023\/07\/41.-two-tone-medium-hair-with-bangs-728x728.jpg 728w, https:\/\/flawlesshair.com\/wp-content\/uploads\/2023\/07\/41.-two-tone-medium-hair-with-bangs-960x960.jpg 960w, https:\/\/flawlesshair.com\/wp-content\/uploads\/2023\/07\/41.-two-tone-medium-hair-with-bangs-1080x1080.jpg 1080w, https:\/\/flawlesshair.com\/wp-content\/uploads\/2023\/07\/41.-two-tone-medium-hair-with-bangs-1200x1200.jpg 1200w, https:\/\/flawlesshair.com\/wp-content\/uploads\/2023\/07\/41.-two-tone-medium-hair-with-bangs-96x96.jpg 96w\" sizes=\"auto, (max-width: 760px) calc(100vw - 24px), 720px\" data-pin-media=\"https:\/\/flawlesshair.com\/wp-content\/uploads\/2023\/07\/41.-two-tone-medium-hair-with-bangs.jpg\" id=\"mv-trellis-img-41\" data-trellis-processed=\"1\"><div style=\"position: absolute; top: 0.5rem; right: 0.75rem;\"> <a href=\"https:\/\/www.pinterest.com\/pin\/create\/button\/\" data-pin-do=\"buttonPin\" data-pin-tall=\"true\" data-pin-url=\"https:\/\/flawlesshair.com\/es\/flequillo-con-pelo-medio\/\" data-pin-media=\"https:\/\/flawlesshair.com\/wp-content\/uploads\/2023\/07\/41.-two-tone-medium-hair-with-bangs.jpg\" data-pin-description=\"50 Medium Hairstyles With Bangs You&rsquo;ll Want This Summer\" rel=\"nofollow noopener\" target=\"_blank\"> <\/a><\/div><\/div><figcaption class=\"wp-element-caption\"><a href=\"http:\/\/www.instagram.com\/amandaepsteinhair\" target=\"_blank\" rel=\"noreferrer noopener nofollow\">@amandaepsteinhair<\/a><\/figcaption><\/figure>\n\n\n\n<p>El contraste del flequillo recto y el pelo ondulado crea un look divertido y atrevido.<\/p>\n\n\n\n<h2 class=\"wp-block-heading\">42. Media melena con flequillo despuntado<\/h2>\n\n\n\n<figure class=\"wp-block-image size-full\"><div style=\"position: relative;\"><noscript><img loading=\"lazy\" decoding=\"async\" width=\"1080\" height=\"1198\" src=\"https:\/\/flawlesshair.com\/wp-content\/uploads\/2023\/07\/42.-mid-length-hair-with-blunt-bangs.jpg\" alt=\"media melena con flequillo despuntado\" class=\"wp-image-35228\" srcset=\"https:\/\/flawlesshair.com\/wp-content\/uploads\/2023\/07\/42.-mid-length-hair-with-blunt-bangs.jpg 1080w, https:\/\/flawlesshair.com\/wp-content\/uploads\/2023\/07\/42.-mid-length-hair-with-blunt-bangs-270x300.jpg 270w, https:\/\/flawlesshair.com\/wp-content\/uploads\/2023\/07\/42.-mid-length-hair-with-blunt-bangs-768x852.jpg 768w, https:\/\/flawlesshair.com\/wp-content\/uploads\/2023\/07\/42.-mid-length-hair-with-blunt-bangs-11x12.jpg 11w, https:\/\/flawlesshair.com\/wp-content\/uploads\/2023\/07\/42.-mid-length-hair-with-blunt-bangs-865x960.jpg 865w, https:\/\/flawlesshair.com\/wp-content\/uploads\/2023\/07\/42.-mid-length-hair-with-blunt-bangs-974x1080.jpg 974w, https:\/\/flawlesshair.com\/wp-content\/uploads\/2023\/07\/42.-mid-length-hair-with-blunt-bangs-150x166.jpg 150w\" sizes=\"auto, (max-width: 760px) calc(100vw - 24px), 720px\"><\/noscript><img loading=\"lazy\" decoding=\"async\" width=\"1080\" height=\"1198\" src=\"https:\/\/flawlesshair.com\/wp-content\/uploads\/2023\/07\/42.-mid-length-hair-with-blunt-bangs.jpg\" alt=\"media melena con flequillo despuntado\" class=\"wp-image-35228 lazyload\" srcset=\"https:\/\/flawlesshair.com\/wp-content\/uploads\/2023\/07\/42.-mid-length-hair-with-blunt-bangs.jpg 1080w, https:\/\/flawlesshair.com\/wp-content\/uploads\/2023\/07\/42.-mid-length-hair-with-blunt-bangs-270x300.jpg 270w, https:\/\/flawlesshair.com\/wp-content\/uploads\/2023\/07\/42.-mid-length-hair-with-blunt-bangs-768x852.jpg 768w, https:\/\/flawlesshair.com\/wp-content\/uploads\/2023\/07\/42.-mid-length-hair-with-blunt-bangs-11x12.jpg 11w, https:\/\/flawlesshair.com\/wp-content\/uploads\/2023\/07\/42.-mid-length-hair-with-blunt-bangs-865x960.jpg 865w, https:\/\/flawlesshair.com\/wp-content\/uploads\/2023\/07\/42.-mid-length-hair-with-blunt-bangs-974x1080.jpg 974w, https:\/\/flawlesshair.com\/wp-content\/uploads\/2023\/07\/42.-mid-length-hair-with-blunt-bangs-150x166.jpg 150w\" sizes=\"auto, (max-width: 760px) calc(100vw - 24px), 720px\" data-pin-media=\"https:\/\/flawlesshair.com\/wp-content\/uploads\/2023\/07\/42.-mid-length-hair-with-blunt-bangs.jpg\" id=\"mv-trellis-img-42\" data-trellis-processed=\"1\"><div style=\"position: absolute; top: 0.5rem; right: 0.75rem;\"> <a href=\"https:\/\/www.pinterest.com\/pin\/create\/button\/\" data-pin-do=\"buttonPin\" data-pin-tall=\"true\" data-pin-url=\"https:\/\/flawlesshair.com\/es\/flequillo-con-pelo-medio\/\" data-pin-media=\"https:\/\/flawlesshair.com\/wp-content\/uploads\/2023\/07\/42.-mid-length-hair-with-blunt-bangs.jpg\" data-pin-description=\"50 Medium Hairstyles With Bangs You&rsquo;ll Want This Summer\" rel=\"nofollow noopener\" target=\"_blank\"> <\/a><\/div><\/div><figcaption class=\"wp-element-caption\"><a href=\"http:\/\/www.instagram.com\/memmieyo\" target=\"_blank\" rel=\"noreferrer noopener nofollow\">@memmieyo<\/a><\/figcaption><\/figure>\n\n\n\n<p>Los flequillos despuntados funcionan mejor en rostros ovalados y oblongos. Si tu cara es redonda, hazlo m\u00e1s entrecortado, mientras que un rostro anguloso funciona mucho mejor con algo que no cubra la frente por completo.<\/p>\n\n\n\n<h2 class=\"wp-block-heading\">43. Choppy Layered Pelo Medio Con Flequillo<\/h2>\n\n\n\n<figure class=\"wp-block-image size-full\"><div style=\"position: relative;\"><noscript><img loading=\"lazy\" decoding=\"async\" width=\"1080\" height=\"1350\" src=\"https:\/\/flawlesshair.com\/wp-content\/uploads\/2023\/07\/43.-choppy-layered-medium-hair-with-bangs.jpg\" alt=\"melena media a capas recortada con flequillo\" class=\"wp-image-35229\" srcset=\"https:\/\/flawlesshair.com\/wp-content\/uploads\/2023\/07\/43.-choppy-layered-medium-hair-with-bangs.jpg 1080w, https:\/\/flawlesshair.com\/wp-content\/uploads\/2023\/07\/43.-choppy-layered-medium-hair-with-bangs-240x300.jpg 240w, https:\/\/flawlesshair.com\/wp-content\/uploads\/2023\/07\/43.-choppy-layered-medium-hair-with-bangs-768x960.jpg 768w, https:\/\/flawlesshair.com\/wp-content\/uploads\/2023\/07\/43.-choppy-layered-medium-hair-with-bangs-10x12.jpg 10w, https:\/\/flawlesshair.com\/wp-content\/uploads\/2023\/07\/43.-choppy-layered-medium-hair-with-bangs-864x1080.jpg 864w, https:\/\/flawlesshair.com\/wp-content\/uploads\/2023\/07\/43.-choppy-layered-medium-hair-with-bangs-960x1200.jpg 960w, https:\/\/flawlesshair.com\/wp-content\/uploads\/2023\/07\/43.-choppy-layered-medium-hair-with-bangs-150x188.jpg 150w\" sizes=\"auto, (max-width: 760px) calc(100vw - 24px), 720px\"><\/noscript><img loading=\"lazy\" decoding=\"async\" width=\"1080\" height=\"1350\" src=\"https:\/\/flawlesshair.com\/wp-content\/uploads\/2023\/07\/43.-choppy-layered-medium-hair-with-bangs.jpg\" alt=\"melena media a capas recortada con flequillo\" class=\"wp-image-35229 lazyload\" srcset=\"https:\/\/flawlesshair.com\/wp-content\/uploads\/2023\/07\/43.-choppy-layered-medium-hair-with-bangs.jpg 1080w, https:\/\/flawlesshair.com\/wp-content\/uploads\/2023\/07\/43.-choppy-layered-medium-hair-with-bangs-240x300.jpg 240w, https:\/\/flawlesshair.com\/wp-content\/uploads\/2023\/07\/43.-choppy-layered-medium-hair-with-bangs-768x960.jpg 768w, https:\/\/flawlesshair.com\/wp-content\/uploads\/2023\/07\/43.-choppy-layered-medium-hair-with-bangs-10x12.jpg 10w, https:\/\/flawlesshair.com\/wp-content\/uploads\/2023\/07\/43.-choppy-layered-medium-hair-with-bangs-864x1080.jpg 864w, https:\/\/flawlesshair.com\/wp-content\/uploads\/2023\/07\/43.-choppy-layered-medium-hair-with-bangs-960x1200.jpg 960w, https:\/\/flawlesshair.com\/wp-content\/uploads\/2023\/07\/43.-choppy-layered-medium-hair-with-bangs-150x188.jpg 150w\" sizes=\"auto, (max-width: 760px) calc(100vw - 24px), 720px\" data-pin-media=\"https:\/\/flawlesshair.com\/wp-content\/uploads\/2023\/07\/43.-choppy-layered-medium-hair-with-bangs.jpg\" id=\"mv-trellis-img-43\" data-trellis-processed=\"1\"><div style=\"position: absolute; top: 0.5rem; right: 0.75rem;\"> <a href=\"https:\/\/www.pinterest.com\/pin\/create\/button\/\" data-pin-do=\"buttonPin\" data-pin-tall=\"true\" data-pin-url=\"https:\/\/flawlesshair.com\/es\/flequillo-con-pelo-medio\/\" data-pin-media=\"https:\/\/flawlesshair.com\/wp-content\/uploads\/2023\/07\/43.-choppy-layered-medium-hair-with-bangs.jpg\" data-pin-description=\"50 Medium Hairstyles With Bangs You&rsquo;ll Want This Summer\" rel=\"nofollow noopener\" target=\"_blank\"> <\/a><\/div><\/div><figcaption class=\"wp-element-caption\"><a href=\"http:\/\/www.instagram.com\/nevilleromanzammit\" target=\"_blank\" rel=\"noreferrer noopener nofollow\">@nevilleromanzammit<\/a><\/figcaption><\/figure>\n\n\n\n<p>Una melena larga puede ser complicada, pero una melena corta es uno de los estilos m\u00e1s f\u00e1ciles de cuidar y no requiere mucho peinado.<\/p>\n\n\n\n<h2 class=\"wp-block-heading\">44. Pelo hasta los hombros con flequillo<\/h2>\n\n\n\n<figure class=\"wp-block-image size-full\"><div style=\"position: relative;\"><noscript><img loading=\"lazy\" decoding=\"async\" width=\"1080\" height=\"1350\" src=\"https:\/\/flawlesshair.com\/wp-content\/uploads\/2023\/07\/44.-shoulder-length-hair-with-full-fringe.jpg\" alt=\"pelo hasta los hombros con flequillo\" class=\"wp-image-35230\" srcset=\"https:\/\/flawlesshair.com\/wp-content\/uploads\/2023\/07\/44.-shoulder-length-hair-with-full-fringe.jpg 1080w, https:\/\/flawlesshair.com\/wp-content\/uploads\/2023\/07\/44.-shoulder-length-hair-with-full-fringe-240x300.jpg 240w, https:\/\/flawlesshair.com\/wp-content\/uploads\/2023\/07\/44.-shoulder-length-hair-with-full-fringe-768x960.jpg 768w, https:\/\/flawlesshair.com\/wp-content\/uploads\/2023\/07\/44.-shoulder-length-hair-with-full-fringe-10x12.jpg 10w, https:\/\/flawlesshair.com\/wp-content\/uploads\/2023\/07\/44.-shoulder-length-hair-with-full-fringe-864x1080.jpg 864w, https:\/\/flawlesshair.com\/wp-content\/uploads\/2023\/07\/44.-shoulder-length-hair-with-full-fringe-960x1200.jpg 960w, https:\/\/flawlesshair.com\/wp-content\/uploads\/2023\/07\/44.-shoulder-length-hair-with-full-fringe-150x188.jpg 150w\" sizes=\"auto, (max-width: 760px) calc(100vw - 24px), 720px\"><\/noscript><img loading=\"lazy\" decoding=\"async\" width=\"1080\" height=\"1350\" src=\"https:\/\/flawlesshair.com\/wp-content\/uploads\/2023\/07\/44.-shoulder-length-hair-with-full-fringe.jpg\" alt=\"pelo hasta los hombros con flequillo\" class=\"wp-image-35230 lazyload\" srcset=\"https:\/\/flawlesshair.com\/wp-content\/uploads\/2023\/07\/44.-shoulder-length-hair-with-full-fringe.jpg 1080w, https:\/\/flawlesshair.com\/wp-content\/uploads\/2023\/07\/44.-shoulder-length-hair-with-full-fringe-240x300.jpg 240w, https:\/\/flawlesshair.com\/wp-content\/uploads\/2023\/07\/44.-shoulder-length-hair-with-full-fringe-768x960.jpg 768w, https:\/\/flawlesshair.com\/wp-content\/uploads\/2023\/07\/44.-shoulder-length-hair-with-full-fringe-10x12.jpg 10w, https:\/\/flawlesshair.com\/wp-content\/uploads\/2023\/07\/44.-shoulder-length-hair-with-full-fringe-864x1080.jpg 864w, https:\/\/flawlesshair.com\/wp-content\/uploads\/2023\/07\/44.-shoulder-length-hair-with-full-fringe-960x1200.jpg 960w, https:\/\/flawlesshair.com\/wp-content\/uploads\/2023\/07\/44.-shoulder-length-hair-with-full-fringe-150x188.jpg 150w\" sizes=\"auto, (max-width: 760px) calc(100vw - 24px), 720px\" data-pin-media=\"https:\/\/flawlesshair.com\/wp-content\/uploads\/2023\/07\/44.-shoulder-length-hair-with-full-fringe.jpg\" id=\"mv-trellis-img-44\" data-trellis-processed=\"1\"><div style=\"position: absolute; top: 0.5rem; right: 0.75rem;\"> <a href=\"https:\/\/www.pinterest.com\/pin\/create\/button\/\" data-pin-do=\"buttonPin\" data-pin-tall=\"true\" data-pin-url=\"https:\/\/flawlesshair.com\/es\/flequillo-con-pelo-medio\/\" data-pin-media=\"https:\/\/flawlesshair.com\/wp-content\/uploads\/2023\/07\/44.-shoulder-length-hair-with-full-fringe.jpg\" data-pin-description=\"50 Medium Hairstyles With Bangs You&rsquo;ll Want This Summer\" rel=\"nofollow noopener\" target=\"_blank\"> <\/a><\/div><\/div><figcaption class=\"wp-element-caption\"><a href=\"http:\/\/www.instagram.com\/nunzio_nyc1\" target=\"_blank\" rel=\"noreferrer noopener nofollow\">@nunzio_nyc1<\/a><\/figcaption><\/figure>\n\n\n\n<p>Este corte de pelo a capas y con flequillo desordenado tiene un aspecto fresco y desenfadado, y no necesita mucho mantenimiento: queda bien incluso cuando crece un poco.<\/p>\n\n\n\n<h2 class=\"wp-block-heading\">45. Pelo medio con flequillo largo de cortina<\/h2>\n\n\n\n<figure class=\"wp-block-image size-full\"><div style=\"position: relative;\"><noscript><img loading=\"lazy\" decoding=\"async\" width=\"1080\" height=\"1126\" src=\"https:\/\/flawlesshair.com\/wp-content\/uploads\/2023\/07\/45.-medium-hair-with-long-curtain-bangs.jpg\" alt=\"pelo medio con flequillo largo de cortina\" class=\"wp-image-35231\" srcset=\"https:\/\/flawlesshair.com\/wp-content\/uploads\/2023\/07\/45.-medium-hair-with-long-curtain-bangs.jpg 1080w, https:\/\/flawlesshair.com\/wp-content\/uploads\/2023\/07\/45.-medium-hair-with-long-curtain-bangs-288x300.jpg 288w, https:\/\/flawlesshair.com\/wp-content\/uploads\/2023\/07\/45.-medium-hair-with-long-curtain-bangs-768x801.jpg 768w, https:\/\/flawlesshair.com\/wp-content\/uploads\/2023\/07\/45.-medium-hair-with-long-curtain-bangs-12x12.jpg 12w, https:\/\/flawlesshair.com\/wp-content\/uploads\/2023\/07\/45.-medium-hair-with-long-curtain-bangs-921x960.jpg 921w, https:\/\/flawlesshair.com\/wp-content\/uploads\/2023\/07\/45.-medium-hair-with-long-curtain-bangs-1036x1080.jpg 1036w, https:\/\/flawlesshair.com\/wp-content\/uploads\/2023\/07\/45.-medium-hair-with-long-curtain-bangs-150x156.jpg 150w\" sizes=\"auto, (max-width: 760px) calc(100vw - 24px), 720px\"><\/noscript><img loading=\"lazy\" decoding=\"async\" width=\"1080\" height=\"1126\" src=\"https:\/\/flawlesshair.com\/wp-content\/uploads\/2023\/07\/45.-medium-hair-with-long-curtain-bangs.jpg\" alt=\"pelo medio con flequillo largo de cortina\" class=\"wp-image-35231 lazyload\" srcset=\"https:\/\/flawlesshair.com\/wp-content\/uploads\/2023\/07\/45.-medium-hair-with-long-curtain-bangs.jpg 1080w, https:\/\/flawlesshair.com\/wp-content\/uploads\/2023\/07\/45.-medium-hair-with-long-curtain-bangs-288x300.jpg 288w, https:\/\/flawlesshair.com\/wp-content\/uploads\/2023\/07\/45.-medium-hair-with-long-curtain-bangs-768x801.jpg 768w, https:\/\/flawlesshair.com\/wp-content\/uploads\/2023\/07\/45.-medium-hair-with-long-curtain-bangs-12x12.jpg 12w, https:\/\/flawlesshair.com\/wp-content\/uploads\/2023\/07\/45.-medium-hair-with-long-curtain-bangs-921x960.jpg 921w, https:\/\/flawlesshair.com\/wp-content\/uploads\/2023\/07\/45.-medium-hair-with-long-curtain-bangs-1036x1080.jpg 1036w, https:\/\/flawlesshair.com\/wp-content\/uploads\/2023\/07\/45.-medium-hair-with-long-curtain-bangs-150x156.jpg 150w\" sizes=\"auto, (max-width: 760px) calc(100vw - 24px), 720px\" data-pin-media=\"https:\/\/flawlesshair.com\/wp-content\/uploads\/2023\/07\/45.-medium-hair-with-long-curtain-bangs.jpg\" id=\"mv-trellis-img-45\" data-trellis-processed=\"1\"><div style=\"position: absolute; top: 0.5rem; right: 0.75rem;\"> <a href=\"https:\/\/www.pinterest.com\/pin\/create\/button\/\" data-pin-do=\"buttonPin\" data-pin-tall=\"true\" data-pin-url=\"https:\/\/flawlesshair.com\/es\/flequillo-con-pelo-medio\/\" data-pin-media=\"https:\/\/flawlesshair.com\/wp-content\/uploads\/2023\/07\/45.-medium-hair-with-long-curtain-bangs.jpg\" data-pin-description=\"50 Medium Hairstyles With Bangs You&rsquo;ll Want This Summer\" rel=\"nofollow noopener\" target=\"_blank\"> <\/a><\/div><\/div><figcaption class=\"wp-element-caption\"><a href=\"http:\/\/www.instagram.com\/rachelwstylist\" target=\"_blank\" rel=\"noreferrer noopener nofollow\">@rachelwstylist<\/a><\/figcaption><\/figure>\n\n\n\n<p>Si quieres enmarcar la cara, pero no quieres un flequillo visible, opta por algo largo; el truco est\u00e1 en elegir la longitud que llegue justo a la altura que m\u00e1s favorezca tu rostro.<\/p>\n\n\n\n<h2 class=\"wp-block-heading\">46. Pelo hasta los hombros con flequillo cortina<\/h2>\n\n\n\n<figure class=\"wp-block-image size-full\"><div style=\"position: relative;\"><noscript><img loading=\"lazy\" decoding=\"async\" width=\"1080\" height=\"1350\" src=\"https:\/\/flawlesshair.com\/wp-content\/uploads\/2023\/07\/46.-shoulder-length-hair-with-curtain-bangs.jpg\" alt=\"pelo hasta los hombros con flequillo cortina\" class=\"wp-image-35232\" srcset=\"https:\/\/flawlesshair.com\/wp-content\/uploads\/2023\/07\/46.-shoulder-length-hair-with-curtain-bangs.jpg 1080w, https:\/\/flawlesshair.com\/wp-content\/uploads\/2023\/07\/46.-shoulder-length-hair-with-curtain-bangs-240x300.jpg 240w, https:\/\/flawlesshair.com\/wp-content\/uploads\/2023\/07\/46.-shoulder-length-hair-with-curtain-bangs-768x960.jpg 768w, https:\/\/flawlesshair.com\/wp-content\/uploads\/2023\/07\/46.-shoulder-length-hair-with-curtain-bangs-10x12.jpg 10w, https:\/\/flawlesshair.com\/wp-content\/uploads\/2023\/07\/46.-shoulder-length-hair-with-curtain-bangs-864x1080.jpg 864w, https:\/\/flawlesshair.com\/wp-content\/uploads\/2023\/07\/46.-shoulder-length-hair-with-curtain-bangs-960x1200.jpg 960w, https:\/\/flawlesshair.com\/wp-content\/uploads\/2023\/07\/46.-shoulder-length-hair-with-curtain-bangs-150x188.jpg 150w\" sizes=\"auto, (max-width: 760px) calc(100vw - 24px), 720px\"><\/noscript><img loading=\"lazy\" decoding=\"async\" width=\"1080\" height=\"1350\" src=\"https:\/\/flawlesshair.com\/wp-content\/uploads\/2023\/07\/46.-shoulder-length-hair-with-curtain-bangs.jpg\" alt=\"pelo hasta los hombros con flequillo cortina\" class=\"wp-image-35232 lazyload\" srcset=\"https:\/\/flawlesshair.com\/wp-content\/uploads\/2023\/07\/46.-shoulder-length-hair-with-curtain-bangs.jpg 1080w, https:\/\/flawlesshair.com\/wp-content\/uploads\/2023\/07\/46.-shoulder-length-hair-with-curtain-bangs-240x300.jpg 240w, https:\/\/flawlesshair.com\/wp-content\/uploads\/2023\/07\/46.-shoulder-length-hair-with-curtain-bangs-768x960.jpg 768w, https:\/\/flawlesshair.com\/wp-content\/uploads\/2023\/07\/46.-shoulder-length-hair-with-curtain-bangs-10x12.jpg 10w, https:\/\/flawlesshair.com\/wp-content\/uploads\/2023\/07\/46.-shoulder-length-hair-with-curtain-bangs-864x1080.jpg 864w, https:\/\/flawlesshair.com\/wp-content\/uploads\/2023\/07\/46.-shoulder-length-hair-with-curtain-bangs-960x1200.jpg 960w, https:\/\/flawlesshair.com\/wp-content\/uploads\/2023\/07\/46.-shoulder-length-hair-with-curtain-bangs-150x188.jpg 150w\" sizes=\"auto, (max-width: 760px) calc(100vw - 24px), 720px\" data-pin-media=\"https:\/\/flawlesshair.com\/wp-content\/uploads\/2023\/07\/46.-shoulder-length-hair-with-curtain-bangs.jpg\" id=\"mv-trellis-img-46\" data-trellis-processed=\"1\"><div style=\"position: absolute; top: 0.5rem; right: 0.75rem;\"> <a href=\"https:\/\/www.pinterest.com\/pin\/create\/button\/\" data-pin-do=\"buttonPin\" data-pin-tall=\"true\" data-pin-url=\"https:\/\/flawlesshair.com\/es\/flequillo-con-pelo-medio\/\" data-pin-media=\"https:\/\/flawlesshair.com\/wp-content\/uploads\/2023\/07\/46.-shoulder-length-hair-with-curtain-bangs.jpg\" data-pin-description=\"50 Medium Hairstyles With Bangs You&rsquo;ll Want This Summer\" rel=\"nofollow noopener\" target=\"_blank\"> <\/a><\/div><\/div><figcaption class=\"wp-element-caption\"><a href=\"http:\/\/www.instagram.com\/romeufelipe\" target=\"_blank\" rel=\"noreferrer noopener nofollow\">@romeufelipe<\/a><\/figcaption><\/figure>\n\n\n\n<p>Las capas desgre\u00f1adas y el flequillo cortina se han puesto de moda desde hace un tiempo y no es dif\u00edcil ver por qu\u00e9: con todo el volumen que enmarca la cara, este peinado es favorecedor y sexy.<\/p>\n\n\n\n<h2 class=\"wp-block-heading\">47. Pelo medio con flequillo largo<\/h2>\n\n\n\n<figure class=\"wp-block-image size-full\"><div style=\"position: relative;\"><noscript><img loading=\"lazy\" decoding=\"async\" width=\"1080\" height=\"1351\" src=\"https:\/\/flawlesshair.com\/wp-content\/uploads\/2023\/07\/47.-medium-hair-with-long-bangs.jpg\" alt=\"pelo medio con flequillo largo\" class=\"wp-image-35233\" srcset=\"https:\/\/flawlesshair.com\/wp-content\/uploads\/2023\/07\/47.-medium-hair-with-long-bangs.jpg 1080w, https:\/\/flawlesshair.com\/wp-content\/uploads\/2023\/07\/47.-medium-hair-with-long-bangs-240x300.jpg 240w, https:\/\/flawlesshair.com\/wp-content\/uploads\/2023\/07\/47.-medium-hair-with-long-bangs-768x961.jpg 768w, https:\/\/flawlesshair.com\/wp-content\/uploads\/2023\/07\/47.-medium-hair-with-long-bangs-10x12.jpg 10w, https:\/\/flawlesshair.com\/wp-content\/uploads\/2023\/07\/47.-medium-hair-with-long-bangs-767x960.jpg 767w, https:\/\/flawlesshair.com\/wp-content\/uploads\/2023\/07\/47.-medium-hair-with-long-bangs-863x1080.jpg 863w, https:\/\/flawlesshair.com\/wp-content\/uploads\/2023\/07\/47.-medium-hair-with-long-bangs-959x1200.jpg 959w, https:\/\/flawlesshair.com\/wp-content\/uploads\/2023\/07\/47.-medium-hair-with-long-bangs-150x188.jpg 150w\" sizes=\"auto, (max-width: 760px) calc(100vw - 24px), 720px\"><\/noscript><img loading=\"lazy\" decoding=\"async\" width=\"1080\" height=\"1351\" src=\"https:\/\/flawlesshair.com\/wp-content\/uploads\/2023\/07\/47.-medium-hair-with-long-bangs.jpg\" alt=\"pelo medio con flequillo largo\" class=\"wp-image-35233 lazyload\" srcset=\"https:\/\/flawlesshair.com\/wp-content\/uploads\/2023\/07\/47.-medium-hair-with-long-bangs.jpg 1080w, https:\/\/flawlesshair.com\/wp-content\/uploads\/2023\/07\/47.-medium-hair-with-long-bangs-240x300.jpg 240w, https:\/\/flawlesshair.com\/wp-content\/uploads\/2023\/07\/47.-medium-hair-with-long-bangs-768x961.jpg 768w, https:\/\/flawlesshair.com\/wp-content\/uploads\/2023\/07\/47.-medium-hair-with-long-bangs-10x12.jpg 10w, https:\/\/flawlesshair.com\/wp-content\/uploads\/2023\/07\/47.-medium-hair-with-long-bangs-767x960.jpg 767w, https:\/\/flawlesshair.com\/wp-content\/uploads\/2023\/07\/47.-medium-hair-with-long-bangs-863x1080.jpg 863w, https:\/\/flawlesshair.com\/wp-content\/uploads\/2023\/07\/47.-medium-hair-with-long-bangs-959x1200.jpg 959w, https:\/\/flawlesshair.com\/wp-content\/uploads\/2023\/07\/47.-medium-hair-with-long-bangs-150x188.jpg 150w\" sizes=\"auto, (max-width: 760px) calc(100vw - 24px), 720px\" data-pin-media=\"https:\/\/flawlesshair.com\/wp-content\/uploads\/2023\/07\/47.-medium-hair-with-long-bangs.jpg\" id=\"mv-trellis-img-47\" data-trellis-processed=\"1\"><div style=\"position: absolute; top: 0.5rem; right: 0.75rem;\"> <a href=\"https:\/\/www.pinterest.com\/pin\/create\/button\/\" data-pin-do=\"buttonPin\" data-pin-tall=\"true\" data-pin-url=\"https:\/\/flawlesshair.com\/es\/flequillo-con-pelo-medio\/\" data-pin-media=\"https:\/\/flawlesshair.com\/wp-content\/uploads\/2023\/07\/47.-medium-hair-with-long-bangs.jpg\" data-pin-description=\"50 Medium Hairstyles With Bangs You&rsquo;ll Want This Summer\" rel=\"nofollow noopener\" target=\"_blank\"> <\/a><\/div><\/div><figcaption class=\"wp-element-caption\"><a href=\"http:\/\/www.instagram.com\/salsalhair\" target=\"_blank\" rel=\"noreferrer noopener nofollow\">@salsalhair<\/a><\/figcaption><\/figure>\n\n\n\n<p>El flequillo largo hacia atr\u00e1s es muy manejable y aporta mucho movimiento al cabello.<\/p>\n\n\n\n<h2 class=\"wp-block-heading\">48. Shag rizado con flequillo grueso<\/h2>\n\n\n\n<figure class=\"wp-block-image size-full\"><div style=\"position: relative;\"><noscript><img loading=\"lazy\" decoding=\"async\" width=\"1034\" height=\"1293\" src=\"https:\/\/flawlesshair.com\/wp-content\/uploads\/2023\/07\/48.-curly-shag-with-thick-bangs.jpg\" alt=\"rizado con flequillo espeso\" class=\"wp-image-35234\" srcset=\"https:\/\/flawlesshair.com\/wp-content\/uploads\/2023\/07\/48.-curly-shag-with-thick-bangs.jpg 1034w, https:\/\/flawlesshair.com\/wp-content\/uploads\/2023\/07\/48.-curly-shag-with-thick-bangs-240x300.jpg 240w, https:\/\/flawlesshair.com\/wp-content\/uploads\/2023\/07\/48.-curly-shag-with-thick-bangs-768x960.jpg 768w, https:\/\/flawlesshair.com\/wp-content\/uploads\/2023\/07\/48.-curly-shag-with-thick-bangs-10x12.jpg 10w, https:\/\/flawlesshair.com\/wp-content\/uploads\/2023\/07\/48.-curly-shag-with-thick-bangs-864x1080.jpg 864w, https:\/\/flawlesshair.com\/wp-content\/uploads\/2023\/07\/48.-curly-shag-with-thick-bangs-960x1200.jpg 960w, https:\/\/flawlesshair.com\/wp-content\/uploads\/2023\/07\/48.-curly-shag-with-thick-bangs-150x188.jpg 150w\" sizes=\"auto, (max-width: 760px) calc(100vw - 24px), 720px\"><\/noscript><img loading=\"lazy\" decoding=\"async\" width=\"1034\" height=\"1293\" src=\"https:\/\/flawlesshair.com\/wp-content\/uploads\/2023\/07\/48.-curly-shag-with-thick-bangs.jpg\" alt=\"rizado con flequillo espeso\" class=\"wp-image-35234 lazyload\" srcset=\"https:\/\/flawlesshair.com\/wp-content\/uploads\/2023\/07\/48.-curly-shag-with-thick-bangs.jpg 1034w, https:\/\/flawlesshair.com\/wp-content\/uploads\/2023\/07\/48.-curly-shag-with-thick-bangs-240x300.jpg 240w, https:\/\/flawlesshair.com\/wp-content\/uploads\/2023\/07\/48.-curly-shag-with-thick-bangs-768x960.jpg 768w, https:\/\/flawlesshair.com\/wp-content\/uploads\/2023\/07\/48.-curly-shag-with-thick-bangs-10x12.jpg 10w, https:\/\/flawlesshair.com\/wp-content\/uploads\/2023\/07\/48.-curly-shag-with-thick-bangs-864x1080.jpg 864w, https:\/\/flawlesshair.com\/wp-content\/uploads\/2023\/07\/48.-curly-shag-with-thick-bangs-960x1200.jpg 960w, https:\/\/flawlesshair.com\/wp-content\/uploads\/2023\/07\/48.-curly-shag-with-thick-bangs-150x188.jpg 150w\" sizes=\"auto, (max-width: 760px) calc(100vw - 24px), 720px\" data-pin-media=\"https:\/\/flawlesshair.com\/wp-content\/uploads\/2023\/07\/48.-curly-shag-with-thick-bangs.jpg\" id=\"mv-trellis-img-48\" data-trellis-processed=\"1\"><div style=\"position: absolute; top: 0.5rem; right: 0.75rem;\"> <a href=\"https:\/\/www.pinterest.com\/pin\/create\/button\/\" data-pin-do=\"buttonPin\" data-pin-tall=\"true\" data-pin-url=\"https:\/\/flawlesshair.com\/es\/flequillo-con-pelo-medio\/\" data-pin-media=\"https:\/\/flawlesshair.com\/wp-content\/uploads\/2023\/07\/48.-curly-shag-with-thick-bangs.jpg\" data-pin-description=\"50 Medium Hairstyles With Bangs You&rsquo;ll Want This Summer\" rel=\"nofollow noopener\" target=\"_blank\"> <\/a><\/div><\/div><figcaption class=\"wp-element-caption\"><a href=\"http:\/\/www.instagram.com\/saltybangs\" target=\"_blank\" rel=\"noreferrer noopener nofollow\">@saltybangs<\/a><\/figcaption><\/figure>\n\n\n\n<p>El flequillo no es s\u00f3lo para el pelo liso; el pelo rizado queda bien con un flequillo fino y ondulado o con algo grueso y voluminoso.<\/p>\n\n\n\n<h2 class=\"wp-block-heading\">49. Pelo medio con flequillo peinado al centro<\/h2>\n\n\n\n<figure class=\"wp-block-image size-full\"><div style=\"position: relative;\"><noscript><img loading=\"lazy\" decoding=\"async\" width=\"1080\" height=\"1347\" src=\"https:\/\/flawlesshair.com\/wp-content\/uploads\/2023\/07\/49.-medium-hair-with-center-parted-bangs.jpg\" alt=\"pelo medio con flequillo peinado hacia el centro\" class=\"wp-image-35235\" srcset=\"https:\/\/flawlesshair.com\/wp-content\/uploads\/2023\/07\/49.-medium-hair-with-center-parted-bangs.jpg 1080w, https:\/\/flawlesshair.com\/wp-content\/uploads\/2023\/07\/49.-medium-hair-with-center-parted-bangs-241x300.jpg 241w, https:\/\/flawlesshair.com\/wp-content\/uploads\/2023\/07\/49.-medium-hair-with-center-parted-bangs-768x958.jpg 768w, https:\/\/flawlesshair.com\/wp-content\/uploads\/2023\/07\/49.-medium-hair-with-center-parted-bangs-10x12.jpg 10w, https:\/\/flawlesshair.com\/wp-content\/uploads\/2023\/07\/49.-medium-hair-with-center-parted-bangs-770x960.jpg 770w, https:\/\/flawlesshair.com\/wp-content\/uploads\/2023\/07\/49.-medium-hair-with-center-parted-bangs-866x1080.jpg 866w, https:\/\/flawlesshair.com\/wp-content\/uploads\/2023\/07\/49.-medium-hair-with-center-parted-bangs-962x1200.jpg 962w, https:\/\/flawlesshair.com\/wp-content\/uploads\/2023\/07\/49.-medium-hair-with-center-parted-bangs-150x187.jpg 150w\" sizes=\"auto, (max-width: 760px) calc(100vw - 24px), 720px\"><\/noscript><img loading=\"lazy\" decoding=\"async\" width=\"1080\" height=\"1347\" src=\"https:\/\/flawlesshair.com\/wp-content\/uploads\/2023\/07\/49.-medium-hair-with-center-parted-bangs.jpg\" alt=\"pelo medio con flequillo peinado hacia el centro\" class=\"wp-image-35235 lazyload\" srcset=\"https:\/\/flawlesshair.com\/wp-content\/uploads\/2023\/07\/49.-medium-hair-with-center-parted-bangs.jpg 1080w, https:\/\/flawlesshair.com\/wp-content\/uploads\/2023\/07\/49.-medium-hair-with-center-parted-bangs-241x300.jpg 241w, https:\/\/flawlesshair.com\/wp-content\/uploads\/2023\/07\/49.-medium-hair-with-center-parted-bangs-768x958.jpg 768w, https:\/\/flawlesshair.com\/wp-content\/uploads\/2023\/07\/49.-medium-hair-with-center-parted-bangs-10x12.jpg 10w, https:\/\/flawlesshair.com\/wp-content\/uploads\/2023\/07\/49.-medium-hair-with-center-parted-bangs-770x960.jpg 770w, https:\/\/flawlesshair.com\/wp-content\/uploads\/2023\/07\/49.-medium-hair-with-center-parted-bangs-866x1080.jpg 866w, https:\/\/flawlesshair.com\/wp-content\/uploads\/2023\/07\/49.-medium-hair-with-center-parted-bangs-962x1200.jpg 962w, https:\/\/flawlesshair.com\/wp-content\/uploads\/2023\/07\/49.-medium-hair-with-center-parted-bangs-150x187.jpg 150w\" sizes=\"auto, (max-width: 760px) calc(100vw - 24px), 720px\" data-pin-media=\"https:\/\/flawlesshair.com\/wp-content\/uploads\/2023\/07\/49.-medium-hair-with-center-parted-bangs.jpg\" id=\"mv-trellis-img-49\" data-trellis-processed=\"1\"><div style=\"position: absolute; top: 0.5rem; right: 0.75rem;\"> <a href=\"https:\/\/www.pinterest.com\/pin\/create\/button\/\" data-pin-do=\"buttonPin\" data-pin-tall=\"true\" data-pin-url=\"https:\/\/flawlesshair.com\/es\/flequillo-con-pelo-medio\/\" data-pin-media=\"https:\/\/flawlesshair.com\/wp-content\/uploads\/2023\/07\/49.-medium-hair-with-center-parted-bangs.jpg\" data-pin-description=\"50 Medium Hairstyles With Bangs You&rsquo;ll Want This Summer\" rel=\"nofollow noopener\" target=\"_blank\"> <\/a><\/div><\/div><figcaption class=\"wp-element-caption\"><a href=\"http:\/\/www.instagram.com\/thebangsbabe\" target=\"_blank\" rel=\"noreferrer noopener nofollow\">@thebangsbabe<\/a><\/figcaption><\/figure>\n\n\n\n<p>El pelo medio largo y el flequillo cortina medio largo son una elecci\u00f3n f\u00e1cil si buscas un corte de pelo que puedas peinar r\u00e1pidamente y que a la vez te d\u00e9 un aspecto arreglado.<\/p>\n\n\n\n<h2 class=\"wp-block-heading\">50. Media melena con flequillo<\/h2>\n\n\n\n<figure class=\"wp-block-image size-full\"><div style=\"position: relative;\"><noscript><img loading=\"lazy\" decoding=\"async\" width=\"1440\" height=\"1800\" src=\"https:\/\/flawlesshair.com\/wp-content\/uploads\/2023\/07\/50.-mid-length-hair-with-full-fringe.jpg\" alt=\"media melena con flequillo\" class=\"wp-image-35236\" srcset=\"https:\/\/flawlesshair.com\/wp-content\/uploads\/2023\/07\/50.-mid-length-hair-with-full-fringe.jpg 1440w, https:\/\/flawlesshair.com\/wp-content\/uploads\/2023\/07\/50.-mid-length-hair-with-full-fringe-240x300.jpg 240w, https:\/\/flawlesshair.com\/wp-content\/uploads\/2023\/07\/50.-mid-length-hair-with-full-fringe-768x960.jpg 768w, https:\/\/flawlesshair.com\/wp-content\/uploads\/2023\/07\/50.-mid-length-hair-with-full-fringe-10x12.jpg 10w, https:\/\/flawlesshair.com\/wp-content\/uploads\/2023\/07\/50.-mid-length-hair-with-full-fringe-864x1080.jpg 864w, https:\/\/flawlesshair.com\/wp-content\/uploads\/2023\/07\/50.-mid-length-hair-with-full-fringe-960x1200.jpg 960w, https:\/\/flawlesshair.com\/wp-content\/uploads\/2023\/07\/50.-mid-length-hair-with-full-fringe-150x188.jpg 150w\" sizes=\"auto, (max-width: 760px) calc(100vw - 24px), 720px\"><\/noscript><img loading=\"lazy\" decoding=\"async\" width=\"1440\" height=\"1800\" src=\"https:\/\/flawlesshair.com\/wp-content\/uploads\/2023\/07\/50.-mid-length-hair-with-full-fringe.jpg\" alt=\"media melena con flequillo\" class=\"wp-image-35236 lazyload\" srcset=\"https:\/\/flawlesshair.com\/wp-content\/uploads\/2023\/07\/50.-mid-length-hair-with-full-fringe.jpg 1440w, https:\/\/flawlesshair.com\/wp-content\/uploads\/2023\/07\/50.-mid-length-hair-with-full-fringe-240x300.jpg 240w, https:\/\/flawlesshair.com\/wp-content\/uploads\/2023\/07\/50.-mid-length-hair-with-full-fringe-768x960.jpg 768w, https:\/\/flawlesshair.com\/wp-content\/uploads\/2023\/07\/50.-mid-length-hair-with-full-fringe-10x12.jpg 10w, https:\/\/flawlesshair.com\/wp-content\/uploads\/2023\/07\/50.-mid-length-hair-with-full-fringe-864x1080.jpg 864w, https:\/\/flawlesshair.com\/wp-content\/uploads\/2023\/07\/50.-mid-length-hair-with-full-fringe-960x1200.jpg 960w, https:\/\/flawlesshair.com\/wp-content\/uploads\/2023\/07\/50.-mid-length-hair-with-full-fringe-150x188.jpg 150w\" sizes=\"auto, (max-width: 760px) calc(100vw - 24px), 720px\" data-pin-media=\"https:\/\/flawlesshair.com\/wp-content\/uploads\/2023\/07\/50.-mid-length-hair-with-full-fringe.jpg\" id=\"mv-trellis-img-50\" data-trellis-processed=\"1\"><div style=\"position: absolute; top: 0.5rem; right: 0.75rem;\"> <a href=\"https:\/\/www.pinterest.com\/pin\/create\/button\/\" data-pin-do=\"buttonPin\" data-pin-tall=\"true\" data-pin-url=\"https:\/\/flawlesshair.com\/es\/flequillo-con-pelo-medio\/\" data-pin-media=\"https:\/\/flawlesshair.com\/wp-content\/uploads\/2023\/07\/50.-mid-length-hair-with-full-fringe.jpg\" data-pin-description=\"50 Medium Hairstyles With Bangs You&rsquo;ll Want This Summer\" rel=\"nofollow noopener\" target=\"_blank\"> <\/a><\/div><\/div><figcaption class=\"wp-element-caption\"><a href=\"http:\/\/www.instagram.com\/yukistylist\" target=\"_blank\" rel=\"noreferrer noopener nofollow\">@<\/a><a href=\"http:\/\/www.instagram.com\/yukistylist\" target=\"_blank\" rel=\"noreferrer noopener nofollow\">yukistylist<\/a><\/figcaption><\/figure>\n\n\n\n<p>El flequillo requiere mucho mantenimiento, por lo que tendr\u00e1s que volver a la peluquer\u00eda cada pocas semanas. Si decides llevarlo corto, lo mejor es que aprendas a recortarlo t\u00fa misma.<\/p>","protected":false},"excerpt":{"rendered":"<p>El pelo medio largo es la mezcla perfecta de versatilidad y sencillez. Si te gusta tener opciones de peinado pero no quieres pasarte una hora haci\u00e9ndote el...<\/p>","protected":false},"author":5,"featured_media":35241,"comment_status":"closed","ping_status":"closed","sticky":false,"template":"","format":"standard","meta":{"syndication_tool_enabled":false,"syndication_tool_title":"","syndication_tool_excerpt":"","syndication_tool_featured_image":0,"syndication_tool_publish_date":"","syndication_tool_schema_types":[],"syndication_tool_backlink_enable":false,"syndication_tool_ai_disclosure_enable":false,"disable-in-feed":false,"article-schema-type":"","disable-critical-css":false,"footnotes":""},"categories":[42],"tags":[],"class_list":["post-17436","post","type-post","status-publish","format-standard","has-post-thumbnail","hentry","category-all-types-of-bangs"],"_links":{"self":[{"href":"https:\/\/flawlesshair.com\/es\/wp-json\/wp\/v2\/posts\/17436","targetHints":{"allow":["GET"]}}],"collection":[{"href":"https:\/\/flawlesshair.com\/es\/wp-json\/wp\/v2\/posts"}],"about":[{"href":"https:\/\/flawlesshair.com\/es\/wp-json\/wp\/v2\/types\/post"}],"author":[{"embeddable":true,"href":"https:\/\/flawlesshair.com\/es\/wp-json\/wp\/v2\/users\/5"}],"replies":[{"embeddable":true,"href":"https:\/\/flawlesshair.com\/es\/wp-json\/wp\/v2\/comments?post=17436"}],"version-history":[{"count":0,"href":"https:\/\/flawlesshair.com\/es\/wp-json\/wp\/v2\/posts\/17436\/revisions"}],"wp:featuredmedia":[{"embeddable":true,"href":"https:\/\/flawlesshair.com\/es\/wp-json\/wp\/v2\/media\/35241"}],"wp:attachment":[{"href":"https:\/\/flawlesshair.com\/es\/wp-json\/wp\/v2\/media?parent=17436"}],"wp:term":[{"taxonomy":"category","embeddable":true,"href":"https:\/\/flawlesshair.com\/es\/wp-json\/wp\/v2\/categories?post=17436"},{"taxonomy":"post_tag","embeddable":true,"href":"https:\/\/flawlesshair.com\/es\/wp-json\/wp\/v2\/tags?post=17436"}],"curies":[{"name":"wp","href":"https:\/\/api.w.org\/{rel}","templated":true}]}}