{"id":17796,"date":"2025-01-12T20:35:00","date_gmt":"2025-01-12T19:35:00","guid":{"rendered":"https:\/\/flawlesshair.com\/?p=17796"},"modified":"2025-01-11T19:46:09","modified_gmt":"2025-01-11T18:46:09","slug":"flequillo-para-cara-ovalada","status":"publish","type":"post","link":"https:\/\/flawlesshair.com\/es\/flequillo-para-cara-ovalada\/","title":{"rendered":"50 peinados con flequillo para cara ovalada"},"content":{"rendered":"<style>img#mv-trellis-img-1::before{padding-top:125%; }img#mv-trellis-img-1{display:block;}img#mv-trellis-img-2::before{padding-top:124.90740740741%; }img#mv-trellis-img-2{display:block;}img#mv-trellis-img-3::before{padding-top:125%; }img#mv-trellis-img-3{display:block;}img#mv-trellis-img-4::before{padding-top:124.35185185185%; }img#mv-trellis-img-4{display:block;}img#mv-trellis-img-5::before{padding-top:125%; }img#mv-trellis-img-5{display:block;}img#mv-trellis-img-6::before{padding-top:114.16666666667%; }img#mv-trellis-img-6{display:block;}img#mv-trellis-img-7::before{padding-top:124.93055555556%; }img#mv-trellis-img-7{display:block;}img#mv-trellis-img-8::before{padding-top:124.96%; }img#mv-trellis-img-8{display:block;}img#mv-trellis-img-9::before{padding-top:125%; }img#mv-trellis-img-9{display:block;}img#mv-trellis-img-10::before{padding-top:106.38888888889%; }img#mv-trellis-img-10{display:block;}img#mv-trellis-img-11::before{padding-top:114.62962962963%; }img#mv-trellis-img-11{display:block;}img#mv-trellis-img-12::before{padding-top:125%; }img#mv-trellis-img-12{display:block;}img#mv-trellis-img-13::before{padding-top:100%; }img#mv-trellis-img-13{display:block;}img#mv-trellis-img-14::before{padding-top:108.24074074074%; }img#mv-trellis-img-14{display:block;}img#mv-trellis-img-15::before{padding-top:100%; }img#mv-trellis-img-15{display:block;}img#mv-trellis-img-16::before{padding-top:118.33333333333%; }img#mv-trellis-img-16{display:block;}img#mv-trellis-img-17::before{padding-top:124.90740740741%; }img#mv-trellis-img-17{display:block;}img#mv-trellis-img-18::before{padding-top:103.7037037037%; }img#mv-trellis-img-18{display:block;}img#mv-trellis-img-19::before{padding-top:124.62962962963%; }img#mv-trellis-img-19{display:block;}img#mv-trellis-img-20::before{padding-top:125%; }img#mv-trellis-img-20{display:block;}img#mv-trellis-img-21::before{padding-top:101.57407407407%; }img#mv-trellis-img-21{display:block;}img#mv-trellis-img-22::before{padding-top:125%; }img#mv-trellis-img-22{display:block;}img#mv-trellis-img-23::before{padding-top:124.35185185185%; }img#mv-trellis-img-23{display:block;}img#mv-trellis-img-24::before{padding-top:125%; }img#mv-trellis-img-24{display:block;}img#mv-trellis-img-25::before{padding-top:125%; }img#mv-trellis-img-25{display:block;}img#mv-trellis-img-26::before{padding-top:116.75925925926%; }img#mv-trellis-img-26{display:block;}img#mv-trellis-img-27::before{padding-top:125%; }img#mv-trellis-img-27{display:block;}img#mv-trellis-img-28::before{padding-top:124.96025437202%; }img#mv-trellis-img-28{display:block;}img#mv-trellis-img-29::before{padding-top:100%; }img#mv-trellis-img-29{display:block;}img#mv-trellis-img-30::before{padding-top:125%; }img#mv-trellis-img-30{display:block;}img#mv-trellis-img-31::before{padding-top:125%; }img#mv-trellis-img-31{display:block;}img#mv-trellis-img-32::before{padding-top:125%; }img#mv-trellis-img-32{display:block;}img#mv-trellis-img-33::before{padding-top:125%; }img#mv-trellis-img-33{display:block;}img#mv-trellis-img-34::before{padding-top:112.22222222222%; }img#mv-trellis-img-34{display:block;}img#mv-trellis-img-35::before{padding-top:125%; }img#mv-trellis-img-35{display:block;}img#mv-trellis-img-36::before{padding-top:125%; }img#mv-trellis-img-36{display:block;}img#mv-trellis-img-37::before{padding-top:118.14814814815%; }img#mv-trellis-img-37{display:block;}img#mv-trellis-img-38::before{padding-top:100%; }img#mv-trellis-img-38{display:block;}img#mv-trellis-img-39::before{padding-top:124.90740740741%; }img#mv-trellis-img-39{display:block;}img#mv-trellis-img-40::before{padding-top:106.57407407407%; }img#mv-trellis-img-40{display:block;}img#mv-trellis-img-41::before{padding-top:125%; }img#mv-trellis-img-41{display:block;}img#mv-trellis-img-42::before{padding-top:103.79581151832%; }img#mv-trellis-img-42{display:block;}img#mv-trellis-img-43::before{padding-top:125%; }img#mv-trellis-img-43{display:block;}img#mv-trellis-img-44::before{padding-top:124.90740740741%; }img#mv-trellis-img-44{display:block;}img#mv-trellis-img-45::before{padding-top:100%; }img#mv-trellis-img-45{display:block;}img#mv-trellis-img-46::before{padding-top:125%; }img#mv-trellis-img-46{display:block;}img#mv-trellis-img-47::before{padding-top:100%; }img#mv-trellis-img-47{display:block;}img#mv-trellis-img-48::before{padding-top:125%; }img#mv-trellis-img-48{display:block;}img#mv-trellis-img-49::before{padding-top:125%; }img#mv-trellis-img-49{display:block;}img#mv-trellis-img-50::before{padding-top:125%; }img#mv-trellis-img-50{display:block;}<\/style>\n<p>Si tienes la cara ovalada y te gusta cambiar de look, est\u00e1s de suerte porque puedes llevar cualquier estilo de flequillo. Mientras que en otras formas de cara hay que prestar m\u00e1s atenci\u00f3n a las proporciones, los rostros ovalados est\u00e1n equilibrados por naturaleza. Esto te permite experimentar sin tener que preocuparte de si te sentar\u00e1 bien un estilo concreto.<\/p>\n\n\n\n<p>Aqu\u00ed tienes 50 ejemplos de peinados preciosos que muestran formas divertidas de jugar con el flequillo si tienes la cara ovalada.<\/p>\n\n\n\n<h2 class=\"wp-block-heading\">\u00bfC\u00f3mo saber si tienes la cara ovalada?<\/h2>\n\n\n\n<p>Un rostro ovalado tiene unas proporciones equilibradas, por lo que la impresi\u00f3n general es armoniosa: no se describir\u00eda ni como anguloso ni como redondeado.<\/p>\n\n\n\n<ul class=\"wp-block-list\">\n<li>Un rostro ovalado es aproximadamente una vez y media m\u00e1s largo que ancho y no parece ni ancho ni largo.<\/li>\n\n\n\n<li>La frente y la mand\u00edbula tienen una anchura equilibrada, siendo la frente ligeramente m\u00e1s ancha y la mand\u00edbula redondeada.<\/li>\n\n\n\n<li>Los p\u00f3mulos son algo altos pero no demasiado prominentes.<\/li>\n\n\n\n<li>El ment\u00f3n es redondeado o ligeramente puntiagudo.<\/li>\n<\/ul>\n\n\n\n<p>Puede haber ligeras variaciones en todos estos rasgos, pero un rostro ovalado seguir\u00e1 pareciendo equilibrado.<\/p>\n\n\n\n<h2 class=\"wp-block-heading\">1. Despeinado con flequillo largo<\/h2>\n\n\n\n<figure class=\"wp-block-image size-full\"><div style=\"position: relative;\"><noscript><img loading=\"lazy\" decoding=\"async\" width=\"1080\" height=\"1350\" src=\"https:\/\/flawlesshair.com\/wp-content\/uploads\/2023\/07\/1.-shag-with-long-bangs.jpg\" alt=\"shag con flequillo largo\" class=\"wp-image-35401\" srcset=\"https:\/\/flawlesshair.com\/wp-content\/uploads\/2023\/07\/1.-shag-with-long-bangs.jpg 1080w, https:\/\/flawlesshair.com\/wp-content\/uploads\/2023\/07\/1.-shag-with-long-bangs-240x300.jpg 240w, https:\/\/flawlesshair.com\/wp-content\/uploads\/2023\/07\/1.-shag-with-long-bangs-768x960.jpg 768w, https:\/\/flawlesshair.com\/wp-content\/uploads\/2023\/07\/1.-shag-with-long-bangs-10x12.jpg 10w, https:\/\/flawlesshair.com\/wp-content\/uploads\/2023\/07\/1.-shag-with-long-bangs-864x1080.jpg 864w, https:\/\/flawlesshair.com\/wp-content\/uploads\/2023\/07\/1.-shag-with-long-bangs-960x1200.jpg 960w, https:\/\/flawlesshair.com\/wp-content\/uploads\/2023\/07\/1.-shag-with-long-bangs-150x188.jpg 150w\" sizes=\"auto, (max-width: 760px) calc(100vw - 24px), 720px\"><\/noscript><img loading=\"eager\" decoding=\"async\" width=\"1080\" height=\"1350\" src=\"data:image\/svg+xml,%3Csvg%20xmlns='http:\/\/www.w3.org\/2000\/svg'%20viewBox='0%200%201080%201350'%3E%3Crect%20width='1080'%20height='1350'%20style='fill:%23e3e3e3'\/%3E%3C\/svg%3E\" alt=\"shag con flequillo largo\" class=\"wp-image-35401 eager-load\" sizes=\"auto, (max-width: 760px) calc(100vw - 24px), 720px\" data-pin-media=\"https:\/\/flawlesshair.com\/wp-content\/uploads\/2023\/07\/1.-shag-with-long-bangs.jpg\" id=\"mv-trellis-img-1\" data-src=\"https:\/\/flawlesshair.com\/wp-content\/uploads\/2023\/07\/1.-shag-with-long-bangs.jpg\" data-srcset=\"https:\/\/flawlesshair.com\/wp-content\/uploads\/2023\/07\/1.-shag-with-long-bangs.jpg 1080w, https:\/\/flawlesshair.com\/wp-content\/uploads\/2023\/07\/1.-shag-with-long-bangs-240x300.jpg 240w, https:\/\/flawlesshair.com\/wp-content\/uploads\/2023\/07\/1.-shag-with-long-bangs-768x960.jpg 768w, https:\/\/flawlesshair.com\/wp-content\/uploads\/2023\/07\/1.-shag-with-long-bangs-10x12.jpg 10w, https:\/\/flawlesshair.com\/wp-content\/uploads\/2023\/07\/1.-shag-with-long-bangs-864x1080.jpg 864w, https:\/\/flawlesshair.com\/wp-content\/uploads\/2023\/07\/1.-shag-with-long-bangs-960x1200.jpg 960w, https:\/\/flawlesshair.com\/wp-content\/uploads\/2023\/07\/1.-shag-with-long-bangs-150x188.jpg 150w\" data-svg=\"1\" data-trellis-processed=\"1\"><div style=\"position: absolute; top: 0.5rem; right: 0.75rem;\"> <a href=\"https:\/\/www.pinterest.com\/pin\/create\/button\/\" data-pin-do=\"buttonPin\" data-pin-tall=\"true\" data-pin-url=\"https:\/\/flawlesshair.com\/es\/flequillo-para-cara-ovalada\/\" data-pin-media=\"https:\/\/flawlesshair.com\/wp-content\/uploads\/2023\/07\/1.-shag-with-long-bangs.jpg\" data-pin-description=\"50 Hairstyles With Bangs For Oval Face\" rel=\"nofollow noopener\" target=\"_blank\"> <\/a><\/div><\/div><figcaption class=\"wp-element-caption\"><a href=\"http:\/\/www.instagram.com\/bel_pipsqueekinsaigon\" target=\"_blank\" rel=\"noreferrer noopener nofollow\">@bel_pipsqueekinsaigon<\/a><\/figcaption><\/figure>\n\n\n\n<p>Los cortes a capas de moda, como los flequillos y los cortes lobo, siempre incluyen alg\u00fan tipo de flequillo; entre ellos, el flequillo largo y recortado es la opci\u00f3n que requiere menos mantenimiento. Sirven para casi todas las formas de cara y tipos de pelo, y son muy f\u00e1ciles de llevar si tienes la cara ovalada.<\/p>\n\n\n\n<h2 class=\"wp-block-heading\">2. Corte lobo con flequillo despuntado<\/h2>\n\n\n\n<figure class=\"wp-block-image size-full\"><div style=\"position: relative;\"><noscript><img loading=\"lazy\" decoding=\"async\" width=\"1080\" height=\"1349\" src=\"https:\/\/flawlesshair.com\/wp-content\/uploads\/2023\/07\/2.-wolf-cut-with-blunt-fringe.jpg\" alt=\"corte lobo con flequillo despuntado\" class=\"wp-image-35402\" srcset=\"https:\/\/flawlesshair.com\/wp-content\/uploads\/2023\/07\/2.-wolf-cut-with-blunt-fringe.jpg 1080w, https:\/\/flawlesshair.com\/wp-content\/uploads\/2023\/07\/2.-wolf-cut-with-blunt-fringe-240x300.jpg 240w, https:\/\/flawlesshair.com\/wp-content\/uploads\/2023\/07\/2.-wolf-cut-with-blunt-fringe-768x959.jpg 768w, https:\/\/flawlesshair.com\/wp-content\/uploads\/2023\/07\/2.-wolf-cut-with-blunt-fringe-10x12.jpg 10w, https:\/\/flawlesshair.com\/wp-content\/uploads\/2023\/07\/2.-wolf-cut-with-blunt-fringe-769x960.jpg 769w, https:\/\/flawlesshair.com\/wp-content\/uploads\/2023\/07\/2.-wolf-cut-with-blunt-fringe-865x1080.jpg 865w, https:\/\/flawlesshair.com\/wp-content\/uploads\/2023\/07\/2.-wolf-cut-with-blunt-fringe-961x1200.jpg 961w, https:\/\/flawlesshair.com\/wp-content\/uploads\/2023\/07\/2.-wolf-cut-with-blunt-fringe-150x187.jpg 150w\" sizes=\"auto, (max-width: 760px) calc(100vw - 24px), 720px\"><\/noscript><img loading=\"lazy\" decoding=\"async\" width=\"1080\" height=\"1349\" src=\"https:\/\/flawlesshair.com\/wp-content\/uploads\/2023\/07\/2.-wolf-cut-with-blunt-fringe.jpg\" alt=\"corte lobo con flequillo despuntado\" class=\"wp-image-35402 lazyload\" srcset=\"https:\/\/flawlesshair.com\/wp-content\/uploads\/2023\/07\/2.-wolf-cut-with-blunt-fringe.jpg 1080w, https:\/\/flawlesshair.com\/wp-content\/uploads\/2023\/07\/2.-wolf-cut-with-blunt-fringe-240x300.jpg 240w, https:\/\/flawlesshair.com\/wp-content\/uploads\/2023\/07\/2.-wolf-cut-with-blunt-fringe-768x959.jpg 768w, https:\/\/flawlesshair.com\/wp-content\/uploads\/2023\/07\/2.-wolf-cut-with-blunt-fringe-10x12.jpg 10w, https:\/\/flawlesshair.com\/wp-content\/uploads\/2023\/07\/2.-wolf-cut-with-blunt-fringe-769x960.jpg 769w, https:\/\/flawlesshair.com\/wp-content\/uploads\/2023\/07\/2.-wolf-cut-with-blunt-fringe-865x1080.jpg 865w, https:\/\/flawlesshair.com\/wp-content\/uploads\/2023\/07\/2.-wolf-cut-with-blunt-fringe-961x1200.jpg 961w, https:\/\/flawlesshair.com\/wp-content\/uploads\/2023\/07\/2.-wolf-cut-with-blunt-fringe-150x187.jpg 150w\" sizes=\"auto, (max-width: 760px) calc(100vw - 24px), 720px\" data-pin-media=\"https:\/\/flawlesshair.com\/wp-content\/uploads\/2023\/07\/2.-wolf-cut-with-blunt-fringe.jpg\" id=\"mv-trellis-img-2\" data-trellis-processed=\"1\"><div style=\"position: absolute; top: 0.5rem; right: 0.75rem;\"> <a href=\"https:\/\/www.pinterest.com\/pin\/create\/button\/\" data-pin-do=\"buttonPin\" data-pin-tall=\"true\" data-pin-url=\"https:\/\/flawlesshair.com\/es\/flequillo-para-cara-ovalada\/\" data-pin-media=\"https:\/\/flawlesshair.com\/wp-content\/uploads\/2023\/07\/2.-wolf-cut-with-blunt-fringe.jpg\" data-pin-description=\"50 Hairstyles With Bangs For Oval Face\" rel=\"nofollow noopener\" target=\"_blank\"> <\/a><\/div><\/div><figcaption class=\"wp-element-caption\"><a href=\"http:\/\/www.instagram.com\/chahong_official\" target=\"_blank\" rel=\"noreferrer noopener nofollow\">@chahong_oficial<\/a><\/figcaption><\/figure>\n\n\n\n<p>Un complemento inesperado para un corte lobo es un flequillo despuntado. Con el resto del corte de pelo de puntas suaves y afiladas, el flequillo recto cruzado aporta contraste y un toque inesperado. <\/p>\n\n\n\n<h2 class=\"wp-block-heading\">3. Pelo rizado medio con flequillo ladeado<\/h2>\n\n\n\n<figure class=\"wp-block-image size-full\"><div style=\"position: relative;\"><noscript><img loading=\"lazy\" decoding=\"async\" width=\"1080\" height=\"1350\" src=\"https:\/\/flawlesshair.com\/wp-content\/uploads\/2023\/07\/3.-medium-curly-hair-with-side-swept-bangs.jpg\" alt=\"pelo rizado medio con flequillo ladeado\" class=\"wp-image-35403\" srcset=\"https:\/\/flawlesshair.com\/wp-content\/uploads\/2023\/07\/3.-medium-curly-hair-with-side-swept-bangs.jpg 1080w, https:\/\/flawlesshair.com\/wp-content\/uploads\/2023\/07\/3.-medium-curly-hair-with-side-swept-bangs-240x300.jpg 240w, https:\/\/flawlesshair.com\/wp-content\/uploads\/2023\/07\/3.-medium-curly-hair-with-side-swept-bangs-768x960.jpg 768w, https:\/\/flawlesshair.com\/wp-content\/uploads\/2023\/07\/3.-medium-curly-hair-with-side-swept-bangs-10x12.jpg 10w, https:\/\/flawlesshair.com\/wp-content\/uploads\/2023\/07\/3.-medium-curly-hair-with-side-swept-bangs-864x1080.jpg 864w, https:\/\/flawlesshair.com\/wp-content\/uploads\/2023\/07\/3.-medium-curly-hair-with-side-swept-bangs-960x1200.jpg 960w, https:\/\/flawlesshair.com\/wp-content\/uploads\/2023\/07\/3.-medium-curly-hair-with-side-swept-bangs-150x188.jpg 150w\" sizes=\"auto, (max-width: 760px) calc(100vw - 24px), 720px\"><\/noscript><img loading=\"lazy\" decoding=\"async\" width=\"1080\" height=\"1350\" src=\"https:\/\/flawlesshair.com\/wp-content\/uploads\/2023\/07\/3.-medium-curly-hair-with-side-swept-bangs.jpg\" alt=\"pelo rizado medio con flequillo ladeado\" class=\"wp-image-35403 lazyload\" srcset=\"https:\/\/flawlesshair.com\/wp-content\/uploads\/2023\/07\/3.-medium-curly-hair-with-side-swept-bangs.jpg 1080w, https:\/\/flawlesshair.com\/wp-content\/uploads\/2023\/07\/3.-medium-curly-hair-with-side-swept-bangs-240x300.jpg 240w, https:\/\/flawlesshair.com\/wp-content\/uploads\/2023\/07\/3.-medium-curly-hair-with-side-swept-bangs-768x960.jpg 768w, https:\/\/flawlesshair.com\/wp-content\/uploads\/2023\/07\/3.-medium-curly-hair-with-side-swept-bangs-10x12.jpg 10w, https:\/\/flawlesshair.com\/wp-content\/uploads\/2023\/07\/3.-medium-curly-hair-with-side-swept-bangs-864x1080.jpg 864w, https:\/\/flawlesshair.com\/wp-content\/uploads\/2023\/07\/3.-medium-curly-hair-with-side-swept-bangs-960x1200.jpg 960w, https:\/\/flawlesshair.com\/wp-content\/uploads\/2023\/07\/3.-medium-curly-hair-with-side-swept-bangs-150x188.jpg 150w\" sizes=\"auto, (max-width: 760px) calc(100vw - 24px), 720px\" data-pin-media=\"https:\/\/flawlesshair.com\/wp-content\/uploads\/2023\/07\/3.-medium-curly-hair-with-side-swept-bangs.jpg\" id=\"mv-trellis-img-3\" data-trellis-processed=\"1\"><div style=\"position: absolute; top: 0.5rem; right: 0.75rem;\"> <a href=\"https:\/\/www.pinterest.com\/pin\/create\/button\/\" data-pin-do=\"buttonPin\" data-pin-tall=\"true\" data-pin-url=\"https:\/\/flawlesshair.com\/es\/flequillo-para-cara-ovalada\/\" data-pin-media=\"https:\/\/flawlesshair.com\/wp-content\/uploads\/2023\/07\/3.-medium-curly-hair-with-side-swept-bangs.jpg\" data-pin-description=\"50 Hairstyles With Bangs For Oval Face\" rel=\"nofollow noopener\" target=\"_blank\"> <\/a><\/div><\/div><figcaption class=\"wp-element-caption\"><a href=\"http:\/\/www.instagram.com\/numberthreebath\" target=\"_blank\" rel=\"noreferrer noopener nofollow\">@numberthreebath<\/a><\/figcaption><\/figure>\n\n\n\n<p>Un flequillo largo y ladeado suavizar\u00e1 los rasgos y enmarcar\u00e1 el rostro. Si tienes el pelo rizado, ten en cuenta tu patr\u00f3n de rizos y c\u00f3mo se comporta tu pelo antes de decidir la forma y la longitud exactas.<\/p>\n\n\n\n<h2 class=\"wp-block-heading\">4. Pelo corto alborotado con flequillo ondulado<\/h2>\n\n\n\n<figure class=\"wp-block-image size-full\"><div style=\"position: relative;\"><noscript><img loading=\"lazy\" decoding=\"async\" width=\"1080\" height=\"1343\" src=\"https:\/\/flawlesshair.com\/wp-content\/uploads\/2023\/07\/4.-short-coily-hair-with-wispy-bangs.jpg\" alt=\"pelo corto y alborotado con flequillo ondulado\" class=\"wp-image-35404\" srcset=\"https:\/\/flawlesshair.com\/wp-content\/uploads\/2023\/07\/4.-short-coily-hair-with-wispy-bangs.jpg 1080w, https:\/\/flawlesshair.com\/wp-content\/uploads\/2023\/07\/4.-short-coily-hair-with-wispy-bangs-241x300.jpg 241w, https:\/\/flawlesshair.com\/wp-content\/uploads\/2023\/07\/4.-short-coily-hair-with-wispy-bangs-768x955.jpg 768w, https:\/\/flawlesshair.com\/wp-content\/uploads\/2023\/07\/4.-short-coily-hair-with-wispy-bangs-10x12.jpg 10w, https:\/\/flawlesshair.com\/wp-content\/uploads\/2023\/07\/4.-short-coily-hair-with-wispy-bangs-772x960.jpg 772w, https:\/\/flawlesshair.com\/wp-content\/uploads\/2023\/07\/4.-short-coily-hair-with-wispy-bangs-869x1080.jpg 869w, https:\/\/flawlesshair.com\/wp-content\/uploads\/2023\/07\/4.-short-coily-hair-with-wispy-bangs-965x1200.jpg 965w, https:\/\/flawlesshair.com\/wp-content\/uploads\/2023\/07\/4.-short-coily-hair-with-wispy-bangs-150x187.jpg 150w\" sizes=\"auto, (max-width: 760px) calc(100vw - 24px), 720px\"><\/noscript><img loading=\"lazy\" decoding=\"async\" width=\"1080\" height=\"1343\" src=\"https:\/\/flawlesshair.com\/wp-content\/uploads\/2023\/07\/4.-short-coily-hair-with-wispy-bangs.jpg\" alt=\"pelo corto y alborotado con flequillo ondulado\" class=\"wp-image-35404 lazyload\" srcset=\"https:\/\/flawlesshair.com\/wp-content\/uploads\/2023\/07\/4.-short-coily-hair-with-wispy-bangs.jpg 1080w, https:\/\/flawlesshair.com\/wp-content\/uploads\/2023\/07\/4.-short-coily-hair-with-wispy-bangs-241x300.jpg 241w, https:\/\/flawlesshair.com\/wp-content\/uploads\/2023\/07\/4.-short-coily-hair-with-wispy-bangs-768x955.jpg 768w, https:\/\/flawlesshair.com\/wp-content\/uploads\/2023\/07\/4.-short-coily-hair-with-wispy-bangs-10x12.jpg 10w, https:\/\/flawlesshair.com\/wp-content\/uploads\/2023\/07\/4.-short-coily-hair-with-wispy-bangs-772x960.jpg 772w, https:\/\/flawlesshair.com\/wp-content\/uploads\/2023\/07\/4.-short-coily-hair-with-wispy-bangs-869x1080.jpg 869w, https:\/\/flawlesshair.com\/wp-content\/uploads\/2023\/07\/4.-short-coily-hair-with-wispy-bangs-965x1200.jpg 965w, https:\/\/flawlesshair.com\/wp-content\/uploads\/2023\/07\/4.-short-coily-hair-with-wispy-bangs-150x187.jpg 150w\" sizes=\"auto, (max-width: 760px) calc(100vw - 24px), 720px\" data-pin-media=\"https:\/\/flawlesshair.com\/wp-content\/uploads\/2023\/07\/4.-short-coily-hair-with-wispy-bangs.jpg\" id=\"mv-trellis-img-4\" data-trellis-processed=\"1\"><div style=\"position: absolute; top: 0.5rem; right: 0.75rem;\"> <a href=\"https:\/\/www.pinterest.com\/pin\/create\/button\/\" data-pin-do=\"buttonPin\" data-pin-tall=\"true\" data-pin-url=\"https:\/\/flawlesshair.com\/es\/flequillo-para-cara-ovalada\/\" data-pin-media=\"https:\/\/flawlesshair.com\/wp-content\/uploads\/2023\/07\/4.-short-coily-hair-with-wispy-bangs.jpg\" data-pin-description=\"50 Hairstyles With Bangs For Oval Face\" rel=\"nofollow noopener\" target=\"_blank\"> <\/a><\/div><\/div><figcaption class=\"wp-element-caption\"><a href=\"http:\/\/www.instagram.com\/rodrigues_ricardo\" target=\"_blank\" rel=\"noreferrer noopener nofollow\">@rodrigues_ricardo<\/a><\/figcaption><\/figure>\n\n\n\n<p>Los flequillos m\u00e1s cortos pueden crear l\u00edneas inc\u00f3modas, por lo que no son recomendables para muchas formas de cara, pero el rostro ovalado puede lucirlos. Este delicado flequillo cobrizo que roza las cejas es un toque divertido y relajado.<\/p>\n\n\n\n<h2 class=\"wp-block-heading\">5. Pelo medio con flequillo Bardot<\/h2>\n\n\n\n<figure class=\"wp-block-image size-full\"><div style=\"position: relative;\"><noscript><img loading=\"lazy\" decoding=\"async\" width=\"1080\" height=\"1350\" src=\"https:\/\/flawlesshair.com\/wp-content\/uploads\/2023\/07\/5.-medium-hair-with-bardot-bangs.jpg\" alt=\"media melena con flequillo bardot\" class=\"wp-image-35405\" srcset=\"https:\/\/flawlesshair.com\/wp-content\/uploads\/2023\/07\/5.-medium-hair-with-bardot-bangs.jpg 1080w, https:\/\/flawlesshair.com\/wp-content\/uploads\/2023\/07\/5.-medium-hair-with-bardot-bangs-240x300.jpg 240w, https:\/\/flawlesshair.com\/wp-content\/uploads\/2023\/07\/5.-medium-hair-with-bardot-bangs-768x960.jpg 768w, https:\/\/flawlesshair.com\/wp-content\/uploads\/2023\/07\/5.-medium-hair-with-bardot-bangs-10x12.jpg 10w, https:\/\/flawlesshair.com\/wp-content\/uploads\/2023\/07\/5.-medium-hair-with-bardot-bangs-864x1080.jpg 864w, https:\/\/flawlesshair.com\/wp-content\/uploads\/2023\/07\/5.-medium-hair-with-bardot-bangs-960x1200.jpg 960w, https:\/\/flawlesshair.com\/wp-content\/uploads\/2023\/07\/5.-medium-hair-with-bardot-bangs-150x188.jpg 150w\" sizes=\"auto, (max-width: 760px) calc(100vw - 24px), 720px\"><\/noscript><img loading=\"lazy\" decoding=\"async\" width=\"1080\" height=\"1350\" src=\"https:\/\/flawlesshair.com\/wp-content\/uploads\/2023\/07\/5.-medium-hair-with-bardot-bangs.jpg\" alt=\"media melena con flequillo bardot\" class=\"wp-image-35405 lazyload\" srcset=\"https:\/\/flawlesshair.com\/wp-content\/uploads\/2023\/07\/5.-medium-hair-with-bardot-bangs.jpg 1080w, https:\/\/flawlesshair.com\/wp-content\/uploads\/2023\/07\/5.-medium-hair-with-bardot-bangs-240x300.jpg 240w, https:\/\/flawlesshair.com\/wp-content\/uploads\/2023\/07\/5.-medium-hair-with-bardot-bangs-768x960.jpg 768w, https:\/\/flawlesshair.com\/wp-content\/uploads\/2023\/07\/5.-medium-hair-with-bardot-bangs-10x12.jpg 10w, https:\/\/flawlesshair.com\/wp-content\/uploads\/2023\/07\/5.-medium-hair-with-bardot-bangs-864x1080.jpg 864w, https:\/\/flawlesshair.com\/wp-content\/uploads\/2023\/07\/5.-medium-hair-with-bardot-bangs-960x1200.jpg 960w, https:\/\/flawlesshair.com\/wp-content\/uploads\/2023\/07\/5.-medium-hair-with-bardot-bangs-150x188.jpg 150w\" sizes=\"auto, (max-width: 760px) calc(100vw - 24px), 720px\" data-pin-media=\"https:\/\/flawlesshair.com\/wp-content\/uploads\/2023\/07\/5.-medium-hair-with-bardot-bangs.jpg\" id=\"mv-trellis-img-5\" data-trellis-processed=\"1\"><div style=\"position: absolute; top: 0.5rem; right: 0.75rem;\"> <a href=\"https:\/\/www.pinterest.com\/pin\/create\/button\/\" data-pin-do=\"buttonPin\" data-pin-tall=\"true\" data-pin-url=\"https:\/\/flawlesshair.com\/es\/flequillo-para-cara-ovalada\/\" data-pin-media=\"https:\/\/flawlesshair.com\/wp-content\/uploads\/2023\/07\/5.-medium-hair-with-bardot-bangs.jpg\" data-pin-description=\"50 Hairstyles With Bangs For Oval Face\" rel=\"nofollow noopener\" target=\"_blank\"> <\/a><\/div><\/div><figcaption class=\"wp-element-caption\"><a href=\"http:\/\/www.instagram.com\/alyssamikaylaaa\" target=\"_blank\" rel=\"noreferrer noopener nofollow\">@alyssamikaylaaa<\/a><\/figcaption><\/figure>\n\n\n\n<p>El flequillo cortina con una secci\u00f3n central m\u00e1s corta se llama flequillo Bardot, y est\u00e1 apareciendo por todas partes. Son universalmente favorecedores, as\u00ed que no tienes que preguntarte si te quedar\u00e1n bien en tu rostro ovalado.<\/p>\n\n\n\n<h2 class=\"wp-block-heading\">6. Bob rizado con flequillo<\/h2>\n\n\n\n<figure class=\"wp-block-image size-full\"><div style=\"position: relative;\"><noscript><img loading=\"lazy\" decoding=\"async\" width=\"1440\" height=\"1644\" src=\"https:\/\/flawlesshair.com\/wp-content\/uploads\/2023\/07\/6.-curly-bob-with-bangs.jpg\" alt=\"bob rizado con flequillo\" class=\"wp-image-35406\" srcset=\"https:\/\/flawlesshair.com\/wp-content\/uploads\/2023\/07\/6.-curly-bob-with-bangs.jpg 1440w, https:\/\/flawlesshair.com\/wp-content\/uploads\/2023\/07\/6.-curly-bob-with-bangs-263x300.jpg 263w, https:\/\/flawlesshair.com\/wp-content\/uploads\/2023\/07\/6.-curly-bob-with-bangs-768x877.jpg 768w, https:\/\/flawlesshair.com\/wp-content\/uploads\/2023\/07\/6.-curly-bob-with-bangs-11x12.jpg 11w, https:\/\/flawlesshair.com\/wp-content\/uploads\/2023\/07\/6.-curly-bob-with-bangs-841x960.jpg 841w, https:\/\/flawlesshair.com\/wp-content\/uploads\/2023\/07\/6.-curly-bob-with-bangs-946x1080.jpg 946w, https:\/\/flawlesshair.com\/wp-content\/uploads\/2023\/07\/6.-curly-bob-with-bangs-1051x1200.jpg 1051w, https:\/\/flawlesshair.com\/wp-content\/uploads\/2023\/07\/6.-curly-bob-with-bangs-150x171.jpg 150w\" sizes=\"auto, (max-width: 760px) calc(100vw - 24px), 720px\"><\/noscript><img loading=\"lazy\" decoding=\"async\" width=\"1440\" height=\"1644\" src=\"https:\/\/flawlesshair.com\/wp-content\/uploads\/2023\/07\/6.-curly-bob-with-bangs.jpg\" alt=\"bob rizado con flequillo\" class=\"wp-image-35406 lazyload\" srcset=\"https:\/\/flawlesshair.com\/wp-content\/uploads\/2023\/07\/6.-curly-bob-with-bangs.jpg 1440w, https:\/\/flawlesshair.com\/wp-content\/uploads\/2023\/07\/6.-curly-bob-with-bangs-263x300.jpg 263w, https:\/\/flawlesshair.com\/wp-content\/uploads\/2023\/07\/6.-curly-bob-with-bangs-768x877.jpg 768w, https:\/\/flawlesshair.com\/wp-content\/uploads\/2023\/07\/6.-curly-bob-with-bangs-11x12.jpg 11w, https:\/\/flawlesshair.com\/wp-content\/uploads\/2023\/07\/6.-curly-bob-with-bangs-841x960.jpg 841w, https:\/\/flawlesshair.com\/wp-content\/uploads\/2023\/07\/6.-curly-bob-with-bangs-946x1080.jpg 946w, https:\/\/flawlesshair.com\/wp-content\/uploads\/2023\/07\/6.-curly-bob-with-bangs-1051x1200.jpg 1051w, https:\/\/flawlesshair.com\/wp-content\/uploads\/2023\/07\/6.-curly-bob-with-bangs-150x171.jpg 150w\" sizes=\"auto, (max-width: 760px) calc(100vw - 24px), 720px\" data-pin-media=\"https:\/\/flawlesshair.com\/wp-content\/uploads\/2023\/07\/6.-curly-bob-with-bangs.jpg\" id=\"mv-trellis-img-6\" data-trellis-processed=\"1\"><div style=\"position: absolute; top: 0.5rem; right: 0.75rem;\"> <a href=\"https:\/\/www.pinterest.com\/pin\/create\/button\/\" data-pin-do=\"buttonPin\" data-pin-tall=\"true\" data-pin-url=\"https:\/\/flawlesshair.com\/es\/flequillo-para-cara-ovalada\/\" data-pin-media=\"https:\/\/flawlesshair.com\/wp-content\/uploads\/2023\/07\/6.-curly-bob-with-bangs.jpg\" data-pin-description=\"50 Hairstyles With Bangs For Oval Face\" rel=\"nofollow noopener\" target=\"_blank\"> <\/a><\/div><\/div><figcaption class=\"wp-element-caption\"><a href=\"https:\/\/www.facebook.com\/stebunovhair\" target=\"_blank\" rel=\"noreferrer noopener nofollow\">@stebunovhair<\/a><\/figcaption><\/figure>\n\n\n\n<p>Si la textura de tu pelo est\u00e1 entre las ondas definidas y los rizos grandes, el pelo largo no es tu \u00fanica opci\u00f3n. Este tipo de cabello luce especialmente bien cuando se recorta en un <a href=\"https:\/\/flawlesshair.com\/es\/long-curly-bob\/\">bob rizado<\/a>y unas piezas m\u00e1s cortas en la frente completan el look.<\/p>\n\n\n\n<h2 class=\"wp-block-heading\">7. Pelo largo y liso con flequillo ondulado<\/h2>\n\n\n\n<figure class=\"wp-block-image size-full\"><div style=\"position: relative;\"><noscript><img loading=\"lazy\" decoding=\"async\" width=\"1440\" height=\"1799\" src=\"https:\/\/flawlesshair.com\/wp-content\/uploads\/2023\/07\/7.-long-straight-hair-with-wispy-bangs.jpg\" alt=\"pelo largo y liso con flequillo ondulado\" class=\"wp-image-35407\" srcset=\"https:\/\/flawlesshair.com\/wp-content\/uploads\/2023\/07\/7.-long-straight-hair-with-wispy-bangs.jpg 1440w, https:\/\/flawlesshair.com\/wp-content\/uploads\/2023\/07\/7.-long-straight-hair-with-wispy-bangs-240x300.jpg 240w, https:\/\/flawlesshair.com\/wp-content\/uploads\/2023\/07\/7.-long-straight-hair-with-wispy-bangs-768x960.jpg 768w, https:\/\/flawlesshair.com\/wp-content\/uploads\/2023\/07\/7.-long-straight-hair-with-wispy-bangs-10x12.jpg 10w, https:\/\/flawlesshair.com\/wp-content\/uploads\/2023\/07\/7.-long-straight-hair-with-wispy-bangs-864x1080.jpg 864w, https:\/\/flawlesshair.com\/wp-content\/uploads\/2023\/07\/7.-long-straight-hair-with-wispy-bangs-961x1200.jpg 961w, https:\/\/flawlesshair.com\/wp-content\/uploads\/2023\/07\/7.-long-straight-hair-with-wispy-bangs-150x187.jpg 150w\" sizes=\"auto, (max-width: 760px) calc(100vw - 24px), 720px\"><\/noscript><img loading=\"lazy\" decoding=\"async\" width=\"1440\" height=\"1799\" src=\"https:\/\/flawlesshair.com\/wp-content\/uploads\/2023\/07\/7.-long-straight-hair-with-wispy-bangs.jpg\" alt=\"pelo largo y liso con flequillo ondulado\" class=\"wp-image-35407 lazyload\" srcset=\"https:\/\/flawlesshair.com\/wp-content\/uploads\/2023\/07\/7.-long-straight-hair-with-wispy-bangs.jpg 1440w, https:\/\/flawlesshair.com\/wp-content\/uploads\/2023\/07\/7.-long-straight-hair-with-wispy-bangs-240x300.jpg 240w, https:\/\/flawlesshair.com\/wp-content\/uploads\/2023\/07\/7.-long-straight-hair-with-wispy-bangs-768x960.jpg 768w, https:\/\/flawlesshair.com\/wp-content\/uploads\/2023\/07\/7.-long-straight-hair-with-wispy-bangs-10x12.jpg 10w, https:\/\/flawlesshair.com\/wp-content\/uploads\/2023\/07\/7.-long-straight-hair-with-wispy-bangs-864x1080.jpg 864w, https:\/\/flawlesshair.com\/wp-content\/uploads\/2023\/07\/7.-long-straight-hair-with-wispy-bangs-961x1200.jpg 961w, https:\/\/flawlesshair.com\/wp-content\/uploads\/2023\/07\/7.-long-straight-hair-with-wispy-bangs-150x187.jpg 150w\" sizes=\"auto, (max-width: 760px) calc(100vw - 24px), 720px\" data-pin-media=\"https:\/\/flawlesshair.com\/wp-content\/uploads\/2023\/07\/7.-long-straight-hair-with-wispy-bangs.jpg\" id=\"mv-trellis-img-7\" data-trellis-processed=\"1\"><div style=\"position: absolute; top: 0.5rem; right: 0.75rem;\"> <a href=\"https:\/\/www.pinterest.com\/pin\/create\/button\/\" data-pin-do=\"buttonPin\" data-pin-tall=\"true\" data-pin-url=\"https:\/\/flawlesshair.com\/es\/flequillo-para-cara-ovalada\/\" data-pin-media=\"https:\/\/flawlesshair.com\/wp-content\/uploads\/2023\/07\/7.-long-straight-hair-with-wispy-bangs.jpg\" data-pin-description=\"50 Hairstyles With Bangs For Oval Face\" rel=\"nofollow noopener\" target=\"_blank\"> <\/a><\/div><\/div><figcaption class=\"wp-element-caption\"><a href=\"http:\/\/www.instagram.com\/memmieyo\" target=\"_blank\" rel=\"noreferrer noopener nofollow\">@memmieyo<\/a><\/figcaption><\/figure>\n\n\n\n<p>El pelo liso sin capas puede hundir el rostro y parecer plano en la coronilla. Un flequillo estrecho y ondulado rompe las l\u00edneas largas y transforma por completo el look.<\/p>\n\n\n\n<h2 class=\"wp-block-heading\">8. Capas cortadas y flequillo largo<\/h2>\n\n\n\n<figure class=\"wp-block-image size-full\"><div style=\"position: relative;\"><noscript><img loading=\"lazy\" decoding=\"async\" width=\"625\" height=\"781\" src=\"https:\/\/flawlesshair.com\/wp-content\/uploads\/2023\/07\/8.-choppy-layers-and-long-fringe.jpg\" alt=\"capas entrecortadas y flequillo largo\" class=\"wp-image-35408\" srcset=\"https:\/\/flawlesshair.com\/wp-content\/uploads\/2023\/07\/8.-choppy-layers-and-long-fringe.jpg 625w, https:\/\/flawlesshair.com\/wp-content\/uploads\/2023\/07\/8.-choppy-layers-and-long-fringe-240x300.jpg 240w, https:\/\/flawlesshair.com\/wp-content\/uploads\/2023\/07\/8.-choppy-layers-and-long-fringe-10x12.jpg 10w, https:\/\/flawlesshair.com\/wp-content\/uploads\/2023\/07\/8.-choppy-layers-and-long-fringe-150x187.jpg 150w\" sizes=\"auto, (max-width: 625px) 100vw, 625px\"><\/noscript><img loading=\"lazy\" decoding=\"async\" width=\"625\" height=\"781\" src=\"https:\/\/flawlesshair.com\/wp-content\/uploads\/2023\/07\/8.-choppy-layers-and-long-fringe.jpg\" alt=\"capas entrecortadas y flequillo largo\" class=\"wp-image-35408 lazyload\" srcset=\"https:\/\/flawlesshair.com\/wp-content\/uploads\/2023\/07\/8.-choppy-layers-and-long-fringe.jpg 625w, https:\/\/flawlesshair.com\/wp-content\/uploads\/2023\/07\/8.-choppy-layers-and-long-fringe-240x300.jpg 240w, https:\/\/flawlesshair.com\/wp-content\/uploads\/2023\/07\/8.-choppy-layers-and-long-fringe-10x12.jpg 10w, https:\/\/flawlesshair.com\/wp-content\/uploads\/2023\/07\/8.-choppy-layers-and-long-fringe-150x187.jpg 150w\" sizes=\"auto, (max-width: 625px) 100vw, 625px\" data-pin-media=\"https:\/\/flawlesshair.com\/wp-content\/uploads\/2023\/07\/8.-choppy-layers-and-long-fringe.jpg\" id=\"mv-trellis-img-8\" data-trellis-processed=\"1\"><div style=\"position: absolute; top: 0.5rem; right: 0.75rem;\"> <a href=\"https:\/\/www.pinterest.com\/pin\/create\/button\/\" data-pin-do=\"buttonPin\" data-pin-tall=\"true\" data-pin-url=\"https:\/\/flawlesshair.com\/es\/flequillo-para-cara-ovalada\/\" data-pin-media=\"https:\/\/flawlesshair.com\/wp-content\/uploads\/2023\/07\/8.-choppy-layers-and-long-fringe.jpg\" data-pin-description=\"50 Hairstyles With Bangs For Oval Face\" rel=\"nofollow noopener\" target=\"_blank\"> <\/a><\/div><\/div><figcaption class=\"wp-element-caption\"><a href=\"http:\/\/www.instagram.com\/bsidehair\" target=\"_blank\" rel=\"noreferrer noopener nofollow\">@bsidehair<\/a><\/figcaption><\/figure>\n\n\n\n<p>El flequillo completo es un estilo de flequillo que un rostro ovalado puede llevar con mucha m\u00e1s facilidad que otros. Puedes optar por una l\u00ednea despuntada o suavizar el look con un acabado m\u00e1s picado.<\/p>\n\n\n\n<h2 class=\"wp-block-heading\">9. Crespo largo con flequillo ondulado<\/h2>\n\n\n\n<figure class=\"wp-block-image size-full\"><div style=\"position: relative;\"><noscript><img loading=\"lazy\" decoding=\"async\" width=\"1440\" height=\"1800\" src=\"https:\/\/flawlesshair.com\/wp-content\/uploads\/2023\/07\/9.-long-shag-with-wispy-bangs.jpg\" alt=\"melena larga con flequillo ondulado\" class=\"wp-image-35409\" srcset=\"https:\/\/flawlesshair.com\/wp-content\/uploads\/2023\/07\/9.-long-shag-with-wispy-bangs.jpg 1440w, https:\/\/flawlesshair.com\/wp-content\/uploads\/2023\/07\/9.-long-shag-with-wispy-bangs-240x300.jpg 240w, https:\/\/flawlesshair.com\/wp-content\/uploads\/2023\/07\/9.-long-shag-with-wispy-bangs-768x960.jpg 768w, https:\/\/flawlesshair.com\/wp-content\/uploads\/2023\/07\/9.-long-shag-with-wispy-bangs-10x12.jpg 10w, https:\/\/flawlesshair.com\/wp-content\/uploads\/2023\/07\/9.-long-shag-with-wispy-bangs-864x1080.jpg 864w, https:\/\/flawlesshair.com\/wp-content\/uploads\/2023\/07\/9.-long-shag-with-wispy-bangs-960x1200.jpg 960w, https:\/\/flawlesshair.com\/wp-content\/uploads\/2023\/07\/9.-long-shag-with-wispy-bangs-150x188.jpg 150w\" sizes=\"auto, (max-width: 760px) calc(100vw - 24px), 720px\"><\/noscript><img loading=\"lazy\" decoding=\"async\" width=\"1440\" height=\"1800\" src=\"https:\/\/flawlesshair.com\/wp-content\/uploads\/2023\/07\/9.-long-shag-with-wispy-bangs.jpg\" alt=\"melena larga con flequillo ondulado\" class=\"wp-image-35409 lazyload\" srcset=\"https:\/\/flawlesshair.com\/wp-content\/uploads\/2023\/07\/9.-long-shag-with-wispy-bangs.jpg 1440w, https:\/\/flawlesshair.com\/wp-content\/uploads\/2023\/07\/9.-long-shag-with-wispy-bangs-240x300.jpg 240w, https:\/\/flawlesshair.com\/wp-content\/uploads\/2023\/07\/9.-long-shag-with-wispy-bangs-768x960.jpg 768w, https:\/\/flawlesshair.com\/wp-content\/uploads\/2023\/07\/9.-long-shag-with-wispy-bangs-10x12.jpg 10w, https:\/\/flawlesshair.com\/wp-content\/uploads\/2023\/07\/9.-long-shag-with-wispy-bangs-864x1080.jpg 864w, https:\/\/flawlesshair.com\/wp-content\/uploads\/2023\/07\/9.-long-shag-with-wispy-bangs-960x1200.jpg 960w, https:\/\/flawlesshair.com\/wp-content\/uploads\/2023\/07\/9.-long-shag-with-wispy-bangs-150x188.jpg 150w\" sizes=\"auto, (max-width: 760px) calc(100vw - 24px), 720px\" data-pin-media=\"https:\/\/flawlesshair.com\/wp-content\/uploads\/2023\/07\/9.-long-shag-with-wispy-bangs.jpg\" id=\"mv-trellis-img-9\" data-trellis-processed=\"1\"><div style=\"position: absolute; top: 0.5rem; right: 0.75rem;\"> <a href=\"https:\/\/www.pinterest.com\/pin\/create\/button\/\" data-pin-do=\"buttonPin\" data-pin-tall=\"true\" data-pin-url=\"https:\/\/flawlesshair.com\/es\/flequillo-para-cara-ovalada\/\" data-pin-media=\"https:\/\/flawlesshair.com\/wp-content\/uploads\/2023\/07\/9.-long-shag-with-wispy-bangs.jpg\" data-pin-description=\"50 Hairstyles With Bangs For Oval Face\" rel=\"nofollow noopener\" target=\"_blank\"> <\/a><\/div><\/div><figcaption class=\"wp-element-caption\"><a href=\"http:\/\/www.instagram.com\/yukistylist\" target=\"_blank\" rel=\"noreferrer noopener nofollow\">@yukistylist<\/a><\/figcaption><\/figure>\n\n\n\n<p>Los flequillos cortos al centro son una tendencia f\u00e1cil de probar porque, si cambias de opini\u00f3n, puedes mezclarlos con los laterales sin problemas.<\/p>\n\n\n\n<h2 class=\"wp-block-heading\">10. Bob recortado con flequillo<\/h2>\n\n\n\n<figure class=\"wp-block-image size-full\"><div style=\"position: relative;\"><noscript><img loading=\"lazy\" decoding=\"async\" width=\"1080\" height=\"1149\" src=\"https:\/\/flawlesshair.com\/wp-content\/uploads\/2023\/07\/10.-choppy-bob-with-bangs.jpg\" alt=\"bob recortado con flequillo\" class=\"wp-image-35410\" srcset=\"https:\/\/flawlesshair.com\/wp-content\/uploads\/2023\/07\/10.-choppy-bob-with-bangs.jpg 1080w, https:\/\/flawlesshair.com\/wp-content\/uploads\/2023\/07\/10.-choppy-bob-with-bangs-282x300.jpg 282w, https:\/\/flawlesshair.com\/wp-content\/uploads\/2023\/07\/10.-choppy-bob-with-bangs-768x817.jpg 768w, https:\/\/flawlesshair.com\/wp-content\/uploads\/2023\/07\/10.-choppy-bob-with-bangs-11x12.jpg 11w, https:\/\/flawlesshair.com\/wp-content\/uploads\/2023\/07\/10.-choppy-bob-with-bangs-902x960.jpg 902w, https:\/\/flawlesshair.com\/wp-content\/uploads\/2023\/07\/10.-choppy-bob-with-bangs-1015x1080.jpg 1015w, https:\/\/flawlesshair.com\/wp-content\/uploads\/2023\/07\/10.-choppy-bob-with-bangs-150x160.jpg 150w\" sizes=\"auto, (max-width: 760px) calc(100vw - 24px), 720px\"><\/noscript><img loading=\"lazy\" decoding=\"async\" width=\"1080\" height=\"1149\" src=\"https:\/\/flawlesshair.com\/wp-content\/uploads\/2023\/07\/10.-choppy-bob-with-bangs.jpg\" alt=\"bob recortado con flequillo\" class=\"wp-image-35410 lazyload\" srcset=\"https:\/\/flawlesshair.com\/wp-content\/uploads\/2023\/07\/10.-choppy-bob-with-bangs.jpg 1080w, https:\/\/flawlesshair.com\/wp-content\/uploads\/2023\/07\/10.-choppy-bob-with-bangs-282x300.jpg 282w, https:\/\/flawlesshair.com\/wp-content\/uploads\/2023\/07\/10.-choppy-bob-with-bangs-768x817.jpg 768w, https:\/\/flawlesshair.com\/wp-content\/uploads\/2023\/07\/10.-choppy-bob-with-bangs-11x12.jpg 11w, https:\/\/flawlesshair.com\/wp-content\/uploads\/2023\/07\/10.-choppy-bob-with-bangs-902x960.jpg 902w, https:\/\/flawlesshair.com\/wp-content\/uploads\/2023\/07\/10.-choppy-bob-with-bangs-1015x1080.jpg 1015w, https:\/\/flawlesshair.com\/wp-content\/uploads\/2023\/07\/10.-choppy-bob-with-bangs-150x160.jpg 150w\" sizes=\"auto, (max-width: 760px) calc(100vw - 24px), 720px\" data-pin-media=\"https:\/\/flawlesshair.com\/wp-content\/uploads\/2023\/07\/10.-choppy-bob-with-bangs.jpg\" id=\"mv-trellis-img-10\" data-trellis-processed=\"1\"><div style=\"position: absolute; top: 0.5rem; right: 0.75rem;\"> <a href=\"https:\/\/www.pinterest.com\/pin\/create\/button\/\" data-pin-do=\"buttonPin\" data-pin-tall=\"true\" data-pin-url=\"https:\/\/flawlesshair.com\/es\/flequillo-para-cara-ovalada\/\" data-pin-media=\"https:\/\/flawlesshair.com\/wp-content\/uploads\/2023\/07\/10.-choppy-bob-with-bangs.jpg\" data-pin-description=\"50 Hairstyles With Bangs For Oval Face\" rel=\"nofollow noopener\" target=\"_blank\"> <\/a><\/div><\/div><figcaption class=\"wp-element-caption\"><a href=\"http:\/\/www.instagram.com\/__k_vu__\" target=\"_blank\" rel=\"noreferrer noopener nofollow\">@__k_vu__<\/a><\/figcaption><\/figure>\n\n\n\n<p>Las capas recortadas aportan un toque moderno al cl\u00e1sico corte recto franc\u00e9s, a la vez que facilitan el peinado, ya que quedan mejor cuando se secan al aire.<\/p>\n\n\n\n<h2 class=\"wp-block-heading\">11. Pelo medio recortado con flequillo suave<\/h2>\n\n\n\n<figure class=\"wp-block-image size-full\"><div style=\"position: relative;\"><noscript><img loading=\"lazy\" decoding=\"async\" width=\"1080\" height=\"1238\" src=\"https:\/\/flawlesshair.com\/wp-content\/uploads\/2023\/07\/11.-medium-choppy-hair-with-soft-fringe.jpg\" alt=\"media melena rapada con flequillo suave\" class=\"wp-image-35411\" srcset=\"https:\/\/flawlesshair.com\/wp-content\/uploads\/2023\/07\/11.-medium-choppy-hair-with-soft-fringe.jpg 1080w, https:\/\/flawlesshair.com\/wp-content\/uploads\/2023\/07\/11.-medium-choppy-hair-with-soft-fringe-262x300.jpg 262w, https:\/\/flawlesshair.com\/wp-content\/uploads\/2023\/07\/11.-medium-choppy-hair-with-soft-fringe-768x880.jpg 768w, https:\/\/flawlesshair.com\/wp-content\/uploads\/2023\/07\/11.-medium-choppy-hair-with-soft-fringe-10x12.jpg 10w, https:\/\/flawlesshair.com\/wp-content\/uploads\/2023\/07\/11.-medium-choppy-hair-with-soft-fringe-837x960.jpg 837w, https:\/\/flawlesshair.com\/wp-content\/uploads\/2023\/07\/11.-medium-choppy-hair-with-soft-fringe-942x1080.jpg 942w, https:\/\/flawlesshair.com\/wp-content\/uploads\/2023\/07\/11.-medium-choppy-hair-with-soft-fringe-1047x1200.jpg 1047w, https:\/\/flawlesshair.com\/wp-content\/uploads\/2023\/07\/11.-medium-choppy-hair-with-soft-fringe-150x172.jpg 150w\" sizes=\"auto, (max-width: 760px) calc(100vw - 24px), 720px\"><\/noscript><img loading=\"lazy\" decoding=\"async\" width=\"1080\" height=\"1238\" src=\"https:\/\/flawlesshair.com\/wp-content\/uploads\/2023\/07\/11.-medium-choppy-hair-with-soft-fringe.jpg\" alt=\"media melena rapada con flequillo suave\" class=\"wp-image-35411 lazyload\" srcset=\"https:\/\/flawlesshair.com\/wp-content\/uploads\/2023\/07\/11.-medium-choppy-hair-with-soft-fringe.jpg 1080w, https:\/\/flawlesshair.com\/wp-content\/uploads\/2023\/07\/11.-medium-choppy-hair-with-soft-fringe-262x300.jpg 262w, https:\/\/flawlesshair.com\/wp-content\/uploads\/2023\/07\/11.-medium-choppy-hair-with-soft-fringe-768x880.jpg 768w, https:\/\/flawlesshair.com\/wp-content\/uploads\/2023\/07\/11.-medium-choppy-hair-with-soft-fringe-10x12.jpg 10w, https:\/\/flawlesshair.com\/wp-content\/uploads\/2023\/07\/11.-medium-choppy-hair-with-soft-fringe-837x960.jpg 837w, https:\/\/flawlesshair.com\/wp-content\/uploads\/2023\/07\/11.-medium-choppy-hair-with-soft-fringe-942x1080.jpg 942w, https:\/\/flawlesshair.com\/wp-content\/uploads\/2023\/07\/11.-medium-choppy-hair-with-soft-fringe-1047x1200.jpg 1047w, https:\/\/flawlesshair.com\/wp-content\/uploads\/2023\/07\/11.-medium-choppy-hair-with-soft-fringe-150x172.jpg 150w\" sizes=\"auto, (max-width: 760px) calc(100vw - 24px), 720px\" data-pin-media=\"https:\/\/flawlesshair.com\/wp-content\/uploads\/2023\/07\/11.-medium-choppy-hair-with-soft-fringe.jpg\" id=\"mv-trellis-img-11\" data-trellis-processed=\"1\"><div style=\"position: absolute; top: 0.5rem; right: 0.75rem;\"> <a href=\"https:\/\/www.pinterest.com\/pin\/create\/button\/\" data-pin-do=\"buttonPin\" data-pin-tall=\"true\" data-pin-url=\"https:\/\/flawlesshair.com\/es\/flequillo-para-cara-ovalada\/\" data-pin-media=\"https:\/\/flawlesshair.com\/wp-content\/uploads\/2023\/07\/11.-medium-choppy-hair-with-soft-fringe.jpg\" data-pin-description=\"50 Hairstyles With Bangs For Oval Face\" rel=\"nofollow noopener\" target=\"_blank\"> <\/a><\/div><\/div><figcaption class=\"wp-element-caption\"><a href=\"http:\/\/www.instagram.com\/hair.by.nina\" target=\"_blank\" rel=\"noreferrer noopener nofollow\">@hair.by.nina<\/a><\/figcaption><\/figure>\n\n\n\n<p>Un flequillo ondulado suaviza el peinado y lo hace m\u00e1s delicado y rom\u00e1ntico. Si no est\u00e1s segura, empieza con poco y aseg\u00farate de no dejarlo demasiado corto.<\/p>\n\n\n\n<h2 class=\"wp-block-heading\">12. Bob despuntado con flequillo corto<\/h2>\n\n\n\n<figure class=\"wp-block-image size-full\"><div style=\"position: relative;\"><noscript><img loading=\"lazy\" decoding=\"async\" width=\"1080\" height=\"1350\" src=\"https:\/\/flawlesshair.com\/wp-content\/uploads\/2023\/07\/12.-blunt-bob-with-short-fringe.jpg\" alt=\"bob despuntado con flequillo corto\" class=\"wp-image-35412\" srcset=\"https:\/\/flawlesshair.com\/wp-content\/uploads\/2023\/07\/12.-blunt-bob-with-short-fringe.jpg 1080w, https:\/\/flawlesshair.com\/wp-content\/uploads\/2023\/07\/12.-blunt-bob-with-short-fringe-240x300.jpg 240w, https:\/\/flawlesshair.com\/wp-content\/uploads\/2023\/07\/12.-blunt-bob-with-short-fringe-768x960.jpg 768w, https:\/\/flawlesshair.com\/wp-content\/uploads\/2023\/07\/12.-blunt-bob-with-short-fringe-10x12.jpg 10w, https:\/\/flawlesshair.com\/wp-content\/uploads\/2023\/07\/12.-blunt-bob-with-short-fringe-864x1080.jpg 864w, https:\/\/flawlesshair.com\/wp-content\/uploads\/2023\/07\/12.-blunt-bob-with-short-fringe-960x1200.jpg 960w, https:\/\/flawlesshair.com\/wp-content\/uploads\/2023\/07\/12.-blunt-bob-with-short-fringe-150x188.jpg 150w\" sizes=\"auto, (max-width: 760px) calc(100vw - 24px), 720px\"><\/noscript><img loading=\"lazy\" decoding=\"async\" width=\"1080\" height=\"1350\" src=\"https:\/\/flawlesshair.com\/wp-content\/uploads\/2023\/07\/12.-blunt-bob-with-short-fringe.jpg\" alt=\"bob despuntado con flequillo corto\" class=\"wp-image-35412 lazyload\" srcset=\"https:\/\/flawlesshair.com\/wp-content\/uploads\/2023\/07\/12.-blunt-bob-with-short-fringe.jpg 1080w, https:\/\/flawlesshair.com\/wp-content\/uploads\/2023\/07\/12.-blunt-bob-with-short-fringe-240x300.jpg 240w, https:\/\/flawlesshair.com\/wp-content\/uploads\/2023\/07\/12.-blunt-bob-with-short-fringe-768x960.jpg 768w, https:\/\/flawlesshair.com\/wp-content\/uploads\/2023\/07\/12.-blunt-bob-with-short-fringe-10x12.jpg 10w, https:\/\/flawlesshair.com\/wp-content\/uploads\/2023\/07\/12.-blunt-bob-with-short-fringe-864x1080.jpg 864w, https:\/\/flawlesshair.com\/wp-content\/uploads\/2023\/07\/12.-blunt-bob-with-short-fringe-960x1200.jpg 960w, https:\/\/flawlesshair.com\/wp-content\/uploads\/2023\/07\/12.-blunt-bob-with-short-fringe-150x188.jpg 150w\" sizes=\"auto, (max-width: 760px) calc(100vw - 24px), 720px\" data-pin-media=\"https:\/\/flawlesshair.com\/wp-content\/uploads\/2023\/07\/12.-blunt-bob-with-short-fringe.jpg\" id=\"mv-trellis-img-12\" data-trellis-processed=\"1\"><div style=\"position: absolute; top: 0.5rem; right: 0.75rem;\"> <a href=\"https:\/\/www.pinterest.com\/pin\/create\/button\/\" data-pin-do=\"buttonPin\" data-pin-tall=\"true\" data-pin-url=\"https:\/\/flawlesshair.com\/es\/flequillo-para-cara-ovalada\/\" data-pin-media=\"https:\/\/flawlesshair.com\/wp-content\/uploads\/2023\/07\/12.-blunt-bob-with-short-fringe.jpg\" data-pin-description=\"50 Hairstyles With Bangs For Oval Face\" rel=\"nofollow noopener\" target=\"_blank\"> <\/a><\/div><\/div><figcaption class=\"wp-element-caption\"><a href=\"http:\/\/www.instagram.com\/alyssamikaylaaa\" target=\"_blank\" rel=\"noreferrer noopener nofollow\">@alyssamikaylaaa<\/a><\/figcaption><\/figure>\n\n\n\n<p>El impacto de estas peque\u00f1as piezas es incre\u00edble: dan un aire completamente diferente a este corte recto. Y cuando quieras cambiar de look, puedes introducirlas en los mechones m\u00e1s largos.<\/p>\n\n\n\n<h2 class=\"wp-block-heading\">13. Corte lobo corto con flequillo desfilado<\/h2>\n\n\n\n<figure class=\"wp-block-image size-full\"><div style=\"position: relative;\"><noscript><img loading=\"lazy\" decoding=\"async\" width=\"1440\" height=\"1440\" src=\"https:\/\/flawlesshair.com\/wp-content\/uploads\/2023\/07\/13.-short-wolf-cut-with-parted-bangs.jpg\" alt=\"corte lobo corto con flequillo desfilado\" class=\"wp-image-35413\" srcset=\"https:\/\/flawlesshair.com\/wp-content\/uploads\/2023\/07\/13.-short-wolf-cut-with-parted-bangs.jpg 1440w, https:\/\/flawlesshair.com\/wp-content\/uploads\/2023\/07\/13.-short-wolf-cut-with-parted-bangs-300x300.jpg 300w, https:\/\/flawlesshair.com\/wp-content\/uploads\/2023\/07\/13.-short-wolf-cut-with-parted-bangs-150x150.jpg 150w, https:\/\/flawlesshair.com\/wp-content\/uploads\/2023\/07\/13.-short-wolf-cut-with-parted-bangs-768x768.jpg 768w, https:\/\/flawlesshair.com\/wp-content\/uploads\/2023\/07\/13.-short-wolf-cut-with-parted-bangs-12x12.jpg 12w, https:\/\/flawlesshair.com\/wp-content\/uploads\/2023\/07\/13.-short-wolf-cut-with-parted-bangs-728x728.jpg 728w, https:\/\/flawlesshair.com\/wp-content\/uploads\/2023\/07\/13.-short-wolf-cut-with-parted-bangs-960x960.jpg 960w, https:\/\/flawlesshair.com\/wp-content\/uploads\/2023\/07\/13.-short-wolf-cut-with-parted-bangs-1080x1080.jpg 1080w, https:\/\/flawlesshair.com\/wp-content\/uploads\/2023\/07\/13.-short-wolf-cut-with-parted-bangs-1200x1200.jpg 1200w, https:\/\/flawlesshair.com\/wp-content\/uploads\/2023\/07\/13.-short-wolf-cut-with-parted-bangs-96x96.jpg 96w\" sizes=\"auto, (max-width: 760px) calc(100vw - 24px), 720px\"><\/noscript><img loading=\"lazy\" decoding=\"async\" width=\"1440\" height=\"1440\" src=\"https:\/\/flawlesshair.com\/wp-content\/uploads\/2023\/07\/13.-short-wolf-cut-with-parted-bangs.jpg\" alt=\"corte lobo corto con flequillo desfilado\" class=\"wp-image-35413 lazyload\" srcset=\"https:\/\/flawlesshair.com\/wp-content\/uploads\/2023\/07\/13.-short-wolf-cut-with-parted-bangs.jpg 1440w, https:\/\/flawlesshair.com\/wp-content\/uploads\/2023\/07\/13.-short-wolf-cut-with-parted-bangs-300x300.jpg 300w, https:\/\/flawlesshair.com\/wp-content\/uploads\/2023\/07\/13.-short-wolf-cut-with-parted-bangs-150x150.jpg 150w, https:\/\/flawlesshair.com\/wp-content\/uploads\/2023\/07\/13.-short-wolf-cut-with-parted-bangs-768x768.jpg 768w, https:\/\/flawlesshair.com\/wp-content\/uploads\/2023\/07\/13.-short-wolf-cut-with-parted-bangs-12x12.jpg 12w, https:\/\/flawlesshair.com\/wp-content\/uploads\/2023\/07\/13.-short-wolf-cut-with-parted-bangs-728x728.jpg 728w, https:\/\/flawlesshair.com\/wp-content\/uploads\/2023\/07\/13.-short-wolf-cut-with-parted-bangs-960x960.jpg 960w, https:\/\/flawlesshair.com\/wp-content\/uploads\/2023\/07\/13.-short-wolf-cut-with-parted-bangs-1080x1080.jpg 1080w, https:\/\/flawlesshair.com\/wp-content\/uploads\/2023\/07\/13.-short-wolf-cut-with-parted-bangs-1200x1200.jpg 1200w, https:\/\/flawlesshair.com\/wp-content\/uploads\/2023\/07\/13.-short-wolf-cut-with-parted-bangs-96x96.jpg 96w\" sizes=\"auto, (max-width: 760px) calc(100vw - 24px), 720px\" data-pin-media=\"https:\/\/flawlesshair.com\/wp-content\/uploads\/2023\/07\/13.-short-wolf-cut-with-parted-bangs.jpg\" id=\"mv-trellis-img-13\" data-trellis-processed=\"1\"><div style=\"position: absolute; top: 0.5rem; right: 0.75rem;\"> <a href=\"https:\/\/www.pinterest.com\/pin\/create\/button\/\" data-pin-do=\"buttonPin\" data-pin-tall=\"true\" data-pin-url=\"https:\/\/flawlesshair.com\/es\/flequillo-para-cara-ovalada\/\" data-pin-media=\"https:\/\/flawlesshair.com\/wp-content\/uploads\/2023\/07\/13.-short-wolf-cut-with-parted-bangs.jpg\" data-pin-description=\"50 Hairstyles With Bangs For Oval Face\" rel=\"nofollow noopener\" target=\"_blank\"> <\/a><\/div><\/div><figcaption class=\"wp-element-caption\"><a href=\"http:\/\/www.instagram.com\/__k_vu__\" target=\"_blank\" rel=\"noreferrer noopener nofollow\">@__k_vu__<\/a><\/figcaption><\/figure>\n\n\n\n<p>Este corte de pelo superrecortado es mucho m\u00e1s vers\u00e1til de lo que imaginas y se puede llevar de muchas maneras diferentes. Es lo suficientemente largo por detr\u00e1s y por los lados como para llevarlo recogido, el flequillo queda genial con la raya al lado o hacia delante, y queda genial secado al aire o peinado.<\/p>\n\n\n\n<h2 class=\"wp-block-heading\">14. Pelo Medio Cortado con Flequillo en Forma de A<\/h2>\n\n\n\n<figure class=\"wp-block-image size-full\"><div style=\"position: relative;\"><noscript><img loading=\"lazy\" decoding=\"async\" width=\"1080\" height=\"1169\" src=\"https:\/\/flawlesshair.com\/wp-content\/uploads\/2023\/07\/14.-choppy-medium-hair-with-a-shaped-bangs.jpg\" alt=\"media melena cortada con flequillo en forma de a\" class=\"wp-image-35414\" srcset=\"https:\/\/flawlesshair.com\/wp-content\/uploads\/2023\/07\/14.-choppy-medium-hair-with-a-shaped-bangs.jpg 1080w, https:\/\/flawlesshair.com\/wp-content\/uploads\/2023\/07\/14.-choppy-medium-hair-with-a-shaped-bangs-277x300.jpg 277w, https:\/\/flawlesshair.com\/wp-content\/uploads\/2023\/07\/14.-choppy-medium-hair-with-a-shaped-bangs-768x831.jpg 768w, https:\/\/flawlesshair.com\/wp-content\/uploads\/2023\/07\/14.-choppy-medium-hair-with-a-shaped-bangs-11x12.jpg 11w, https:\/\/flawlesshair.com\/wp-content\/uploads\/2023\/07\/14.-choppy-medium-hair-with-a-shaped-bangs-887x960.jpg 887w, https:\/\/flawlesshair.com\/wp-content\/uploads\/2023\/07\/14.-choppy-medium-hair-with-a-shaped-bangs-998x1080.jpg 998w, https:\/\/flawlesshair.com\/wp-content\/uploads\/2023\/07\/14.-choppy-medium-hair-with-a-shaped-bangs-150x162.jpg 150w\" sizes=\"auto, (max-width: 760px) calc(100vw - 24px), 720px\"><\/noscript><img loading=\"lazy\" decoding=\"async\" width=\"1080\" height=\"1169\" src=\"https:\/\/flawlesshair.com\/wp-content\/uploads\/2023\/07\/14.-choppy-medium-hair-with-a-shaped-bangs.jpg\" alt=\"media melena cortada con flequillo en forma de a\" class=\"wp-image-35414 lazyload\" srcset=\"https:\/\/flawlesshair.com\/wp-content\/uploads\/2023\/07\/14.-choppy-medium-hair-with-a-shaped-bangs.jpg 1080w, https:\/\/flawlesshair.com\/wp-content\/uploads\/2023\/07\/14.-choppy-medium-hair-with-a-shaped-bangs-277x300.jpg 277w, https:\/\/flawlesshair.com\/wp-content\/uploads\/2023\/07\/14.-choppy-medium-hair-with-a-shaped-bangs-768x831.jpg 768w, https:\/\/flawlesshair.com\/wp-content\/uploads\/2023\/07\/14.-choppy-medium-hair-with-a-shaped-bangs-11x12.jpg 11w, https:\/\/flawlesshair.com\/wp-content\/uploads\/2023\/07\/14.-choppy-medium-hair-with-a-shaped-bangs-887x960.jpg 887w, https:\/\/flawlesshair.com\/wp-content\/uploads\/2023\/07\/14.-choppy-medium-hair-with-a-shaped-bangs-998x1080.jpg 998w, https:\/\/flawlesshair.com\/wp-content\/uploads\/2023\/07\/14.-choppy-medium-hair-with-a-shaped-bangs-150x162.jpg 150w\" sizes=\"auto, (max-width: 760px) calc(100vw - 24px), 720px\" data-pin-media=\"https:\/\/flawlesshair.com\/wp-content\/uploads\/2023\/07\/14.-choppy-medium-hair-with-a-shaped-bangs.jpg\" id=\"mv-trellis-img-14\" data-trellis-processed=\"1\"><div style=\"position: absolute; top: 0.5rem; right: 0.75rem;\"> <a href=\"https:\/\/www.pinterest.com\/pin\/create\/button\/\" data-pin-do=\"buttonPin\" data-pin-tall=\"true\" data-pin-url=\"https:\/\/flawlesshair.com\/es\/flequillo-para-cara-ovalada\/\" data-pin-media=\"https:\/\/flawlesshair.com\/wp-content\/uploads\/2023\/07\/14.-choppy-medium-hair-with-a-shaped-bangs.jpg\" data-pin-description=\"50 Hairstyles With Bangs For Oval Face\" rel=\"nofollow noopener\" target=\"_blank\"> <\/a><\/div><\/div><figcaption class=\"wp-element-caption\"><a href=\"http:\/\/www.instagram.com\/hairbyelvisp\" target=\"_blank\" rel=\"noreferrer noopener nofollow\">@hairbyelvisp<\/a><\/figcaption><\/figure>\n\n\n\n<p>Este corte de pelo har\u00e1 que parezca que tienes <em>lotes<\/em> de pelo aunque no lo tengas, gracias a las capas bien colocadas y a la textura arenosa, mientras que el flequillo acent\u00faa a\u00fan m\u00e1s este efecto.<\/p>\n\n\n\n<h2 class=\"wp-block-heading\">15. Salmonete con flequillo creciente<\/h2>\n\n\n\n<figure class=\"wp-block-image size-full\"><div style=\"position: relative;\"><noscript><img loading=\"lazy\" decoding=\"async\" width=\"1440\" height=\"1440\" src=\"https:\/\/flawlesshair.com\/wp-content\/uploads\/2023\/07\/15.-mullet-with-crescent-bangs.jpg\" alt=\"salmonete con flequillo de media luna\" class=\"wp-image-35415\" srcset=\"https:\/\/flawlesshair.com\/wp-content\/uploads\/2023\/07\/15.-mullet-with-crescent-bangs.jpg 1440w, https:\/\/flawlesshair.com\/wp-content\/uploads\/2023\/07\/15.-mullet-with-crescent-bangs-300x300.jpg 300w, https:\/\/flawlesshair.com\/wp-content\/uploads\/2023\/07\/15.-mullet-with-crescent-bangs-150x150.jpg 150w, https:\/\/flawlesshair.com\/wp-content\/uploads\/2023\/07\/15.-mullet-with-crescent-bangs-768x768.jpg 768w, https:\/\/flawlesshair.com\/wp-content\/uploads\/2023\/07\/15.-mullet-with-crescent-bangs-12x12.jpg 12w, https:\/\/flawlesshair.com\/wp-content\/uploads\/2023\/07\/15.-mullet-with-crescent-bangs-728x728.jpg 728w, https:\/\/flawlesshair.com\/wp-content\/uploads\/2023\/07\/15.-mullet-with-crescent-bangs-960x960.jpg 960w, https:\/\/flawlesshair.com\/wp-content\/uploads\/2023\/07\/15.-mullet-with-crescent-bangs-1080x1080.jpg 1080w, https:\/\/flawlesshair.com\/wp-content\/uploads\/2023\/07\/15.-mullet-with-crescent-bangs-1200x1200.jpg 1200w, https:\/\/flawlesshair.com\/wp-content\/uploads\/2023\/07\/15.-mullet-with-crescent-bangs-96x96.jpg 96w\" sizes=\"auto, (max-width: 760px) calc(100vw - 24px), 720px\"><\/noscript><img loading=\"lazy\" decoding=\"async\" width=\"1440\" height=\"1440\" src=\"https:\/\/flawlesshair.com\/wp-content\/uploads\/2023\/07\/15.-mullet-with-crescent-bangs.jpg\" alt=\"salmonete con flequillo de media luna\" class=\"wp-image-35415 lazyload\" srcset=\"https:\/\/flawlesshair.com\/wp-content\/uploads\/2023\/07\/15.-mullet-with-crescent-bangs.jpg 1440w, https:\/\/flawlesshair.com\/wp-content\/uploads\/2023\/07\/15.-mullet-with-crescent-bangs-300x300.jpg 300w, https:\/\/flawlesshair.com\/wp-content\/uploads\/2023\/07\/15.-mullet-with-crescent-bangs-150x150.jpg 150w, https:\/\/flawlesshair.com\/wp-content\/uploads\/2023\/07\/15.-mullet-with-crescent-bangs-768x768.jpg 768w, https:\/\/flawlesshair.com\/wp-content\/uploads\/2023\/07\/15.-mullet-with-crescent-bangs-12x12.jpg 12w, https:\/\/flawlesshair.com\/wp-content\/uploads\/2023\/07\/15.-mullet-with-crescent-bangs-728x728.jpg 728w, https:\/\/flawlesshair.com\/wp-content\/uploads\/2023\/07\/15.-mullet-with-crescent-bangs-960x960.jpg 960w, https:\/\/flawlesshair.com\/wp-content\/uploads\/2023\/07\/15.-mullet-with-crescent-bangs-1080x1080.jpg 1080w, https:\/\/flawlesshair.com\/wp-content\/uploads\/2023\/07\/15.-mullet-with-crescent-bangs-1200x1200.jpg 1200w, https:\/\/flawlesshair.com\/wp-content\/uploads\/2023\/07\/15.-mullet-with-crescent-bangs-96x96.jpg 96w\" sizes=\"auto, (max-width: 760px) calc(100vw - 24px), 720px\" data-pin-media=\"https:\/\/flawlesshair.com\/wp-content\/uploads\/2023\/07\/15.-mullet-with-crescent-bangs.jpg\" id=\"mv-trellis-img-15\" data-trellis-processed=\"1\"><div style=\"position: absolute; top: 0.5rem; right: 0.75rem;\"> <a href=\"https:\/\/www.pinterest.com\/pin\/create\/button\/\" data-pin-do=\"buttonPin\" data-pin-tall=\"true\" data-pin-url=\"https:\/\/flawlesshair.com\/es\/flequillo-para-cara-ovalada\/\" data-pin-media=\"https:\/\/flawlesshair.com\/wp-content\/uploads\/2023\/07\/15.-mullet-with-crescent-bangs.jpg\" data-pin-description=\"50 Hairstyles With Bangs For Oval Face\" rel=\"nofollow noopener\" target=\"_blank\"> <\/a><\/div><\/div><figcaption class=\"wp-element-caption\"><a href=\"http:\/\/www.instagram.com\/__k_vu__\" target=\"_blank\" rel=\"noreferrer noopener nofollow\">@__k_vu__<\/a><\/figcaption><\/figure>\n\n\n\n<p>\u00bfQui\u00e9n iba a decir que los salmonetes volver\u00edan con tanta fuerza? Este corte de pelo tan cool y moderno puede adaptarse a cualquier forma de cara, gracias a las capas que enmarcan el rostro y porque combina con diferentes tipos de flequillo. Con un rostro ovalado, tienes el mayor n\u00famero de opciones porque la mayor\u00eda te favorecen.<\/p>\n\n\n\n<h2 class=\"wp-block-heading\">16. Despeinado medio con flequillo recortado<\/h2>\n\n\n\n<figure class=\"wp-block-image size-full\"><div style=\"position: relative;\"><noscript><img loading=\"lazy\" decoding=\"async\" width=\"1080\" height=\"1278\" src=\"https:\/\/flawlesshair.com\/wp-content\/uploads\/2023\/07\/16.-medium-shag-with-choppy-bangs.jpg\" alt=\"rapado medio con flequillo recortado\" class=\"wp-image-35416\" srcset=\"https:\/\/flawlesshair.com\/wp-content\/uploads\/2023\/07\/16.-medium-shag-with-choppy-bangs.jpg 1080w, https:\/\/flawlesshair.com\/wp-content\/uploads\/2023\/07\/16.-medium-shag-with-choppy-bangs-254x300.jpg 254w, https:\/\/flawlesshair.com\/wp-content\/uploads\/2023\/07\/16.-medium-shag-with-choppy-bangs-768x909.jpg 768w, https:\/\/flawlesshair.com\/wp-content\/uploads\/2023\/07\/16.-medium-shag-with-choppy-bangs-10x12.jpg 10w, https:\/\/flawlesshair.com\/wp-content\/uploads\/2023\/07\/16.-medium-shag-with-choppy-bangs-811x960.jpg 811w, https:\/\/flawlesshair.com\/wp-content\/uploads\/2023\/07\/16.-medium-shag-with-choppy-bangs-913x1080.jpg 913w, https:\/\/flawlesshair.com\/wp-content\/uploads\/2023\/07\/16.-medium-shag-with-choppy-bangs-1014x1200.jpg 1014w, https:\/\/flawlesshair.com\/wp-content\/uploads\/2023\/07\/16.-medium-shag-with-choppy-bangs-150x178.jpg 150w\" sizes=\"auto, (max-width: 760px) calc(100vw - 24px), 720px\"><\/noscript><img loading=\"lazy\" decoding=\"async\" width=\"1080\" height=\"1278\" src=\"https:\/\/flawlesshair.com\/wp-content\/uploads\/2023\/07\/16.-medium-shag-with-choppy-bangs.jpg\" alt=\"rapado medio con flequillo recortado\" class=\"wp-image-35416 lazyload\" srcset=\"https:\/\/flawlesshair.com\/wp-content\/uploads\/2023\/07\/16.-medium-shag-with-choppy-bangs.jpg 1080w, https:\/\/flawlesshair.com\/wp-content\/uploads\/2023\/07\/16.-medium-shag-with-choppy-bangs-254x300.jpg 254w, https:\/\/flawlesshair.com\/wp-content\/uploads\/2023\/07\/16.-medium-shag-with-choppy-bangs-768x909.jpg 768w, https:\/\/flawlesshair.com\/wp-content\/uploads\/2023\/07\/16.-medium-shag-with-choppy-bangs-10x12.jpg 10w, https:\/\/flawlesshair.com\/wp-content\/uploads\/2023\/07\/16.-medium-shag-with-choppy-bangs-811x960.jpg 811w, https:\/\/flawlesshair.com\/wp-content\/uploads\/2023\/07\/16.-medium-shag-with-choppy-bangs-913x1080.jpg 913w, https:\/\/flawlesshair.com\/wp-content\/uploads\/2023\/07\/16.-medium-shag-with-choppy-bangs-1014x1200.jpg 1014w, https:\/\/flawlesshair.com\/wp-content\/uploads\/2023\/07\/16.-medium-shag-with-choppy-bangs-150x178.jpg 150w\" sizes=\"auto, (max-width: 760px) calc(100vw - 24px), 720px\" data-pin-media=\"https:\/\/flawlesshair.com\/wp-content\/uploads\/2023\/07\/16.-medium-shag-with-choppy-bangs.jpg\" id=\"mv-trellis-img-16\" data-trellis-processed=\"1\"><div style=\"position: absolute; top: 0.5rem; right: 0.75rem;\"> <a href=\"https:\/\/www.pinterest.com\/pin\/create\/button\/\" data-pin-do=\"buttonPin\" data-pin-tall=\"true\" data-pin-url=\"https:\/\/flawlesshair.com\/es\/flequillo-para-cara-ovalada\/\" data-pin-media=\"https:\/\/flawlesshair.com\/wp-content\/uploads\/2023\/07\/16.-medium-shag-with-choppy-bangs.jpg\" data-pin-description=\"50 Hairstyles With Bangs For Oval Face\" rel=\"nofollow noopener\" target=\"_blank\"> <\/a><\/div><\/div><figcaption class=\"wp-element-caption\"><a href=\"http:\/\/www.instagram.com\/bel_pipsqueekinsaigon\" target=\"_blank\" rel=\"noreferrer noopener nofollow\">@bel_pipsqueekinsaigon<\/a><\/figcaption><\/figure>\n\n\n\n<p>El estilo desenfadado y desordenado de este peinado queda muy bien con el flequillo recortado, que parece una ocurrencia tard\u00eda, pero que en realidad es una caracter\u00edstica importante del peinado.<\/p>\n\n\n\n<h2 class=\"wp-block-heading\">17. Pelo largo con flequillo cortina<\/h2>\n\n\n\n<figure class=\"wp-block-image size-full\"><div style=\"position: relative;\"><noscript><img loading=\"lazy\" decoding=\"async\" width=\"1080\" height=\"1349\" src=\"https:\/\/flawlesshair.com\/wp-content\/uploads\/2023\/07\/17.-long-hair-with-curtain-bangs.jpg\" alt=\"pelo largo con flequillo cortina\" class=\"wp-image-35417\" srcset=\"https:\/\/flawlesshair.com\/wp-content\/uploads\/2023\/07\/17.-long-hair-with-curtain-bangs.jpg 1080w, https:\/\/flawlesshair.com\/wp-content\/uploads\/2023\/07\/17.-long-hair-with-curtain-bangs-240x300.jpg 240w, https:\/\/flawlesshair.com\/wp-content\/uploads\/2023\/07\/17.-long-hair-with-curtain-bangs-768x959.jpg 768w, https:\/\/flawlesshair.com\/wp-content\/uploads\/2023\/07\/17.-long-hair-with-curtain-bangs-10x12.jpg 10w, https:\/\/flawlesshair.com\/wp-content\/uploads\/2023\/07\/17.-long-hair-with-curtain-bangs-769x960.jpg 769w, https:\/\/flawlesshair.com\/wp-content\/uploads\/2023\/07\/17.-long-hair-with-curtain-bangs-865x1080.jpg 865w, https:\/\/flawlesshair.com\/wp-content\/uploads\/2023\/07\/17.-long-hair-with-curtain-bangs-961x1200.jpg 961w, https:\/\/flawlesshair.com\/wp-content\/uploads\/2023\/07\/17.-long-hair-with-curtain-bangs-150x187.jpg 150w\" sizes=\"auto, (max-width: 760px) calc(100vw - 24px), 720px\"><\/noscript><img loading=\"lazy\" decoding=\"async\" width=\"1080\" height=\"1349\" src=\"https:\/\/flawlesshair.com\/wp-content\/uploads\/2023\/07\/17.-long-hair-with-curtain-bangs.jpg\" alt=\"pelo largo con flequillo cortina\" class=\"wp-image-35417 lazyload\" srcset=\"https:\/\/flawlesshair.com\/wp-content\/uploads\/2023\/07\/17.-long-hair-with-curtain-bangs.jpg 1080w, https:\/\/flawlesshair.com\/wp-content\/uploads\/2023\/07\/17.-long-hair-with-curtain-bangs-240x300.jpg 240w, https:\/\/flawlesshair.com\/wp-content\/uploads\/2023\/07\/17.-long-hair-with-curtain-bangs-768x959.jpg 768w, https:\/\/flawlesshair.com\/wp-content\/uploads\/2023\/07\/17.-long-hair-with-curtain-bangs-10x12.jpg 10w, https:\/\/flawlesshair.com\/wp-content\/uploads\/2023\/07\/17.-long-hair-with-curtain-bangs-769x960.jpg 769w, https:\/\/flawlesshair.com\/wp-content\/uploads\/2023\/07\/17.-long-hair-with-curtain-bangs-865x1080.jpg 865w, https:\/\/flawlesshair.com\/wp-content\/uploads\/2023\/07\/17.-long-hair-with-curtain-bangs-961x1200.jpg 961w, https:\/\/flawlesshair.com\/wp-content\/uploads\/2023\/07\/17.-long-hair-with-curtain-bangs-150x187.jpg 150w\" sizes=\"auto, (max-width: 760px) calc(100vw - 24px), 720px\" data-pin-media=\"https:\/\/flawlesshair.com\/wp-content\/uploads\/2023\/07\/17.-long-hair-with-curtain-bangs.jpg\" id=\"mv-trellis-img-17\" data-trellis-processed=\"1\"><div style=\"position: absolute; top: 0.5rem; right: 0.75rem;\"> <a href=\"https:\/\/www.pinterest.com\/pin\/create\/button\/\" data-pin-do=\"buttonPin\" data-pin-tall=\"true\" data-pin-url=\"https:\/\/flawlesshair.com\/es\/flequillo-para-cara-ovalada\/\" data-pin-media=\"https:\/\/flawlesshair.com\/wp-content\/uploads\/2023\/07\/17.-long-hair-with-curtain-bangs.jpg\" data-pin-description=\"50 Hairstyles With Bangs For Oval Face\" rel=\"nofollow noopener\" target=\"_blank\"> <\/a><\/div><\/div><figcaption class=\"wp-element-caption\"><a href=\"http:\/\/www.instagram.com\/fosterlondon\" target=\"_blank\" rel=\"noreferrer noopener nofollow\">@fosterlondon<\/a><\/figcaption><\/figure>\n\n\n\n<p>No te puedes equivocar con un flequillo largo de cortina, sobre todo si lo combinas con el pelo hasta los hombros. Esta combinaci\u00f3n es uno de los peinados m\u00e1s ponibles, vers\u00e1tiles y f\u00e1ciles que existen.<\/p>\n\n\n\n<h2 class=\"wp-block-heading\">18. Corte Lobo Medio Con Flequillo Cortina<\/h2>\n\n\n\n<figure class=\"wp-block-image size-full\"><div style=\"position: relative;\"><noscript><img loading=\"lazy\" decoding=\"async\" width=\"1080\" height=\"1120\" src=\"https:\/\/flawlesshair.com\/wp-content\/uploads\/2023\/07\/18.-medium-wolf-cut-with-curtain-bangs.jpg\" alt=\"corte lobo medio con flequillo cortina\" class=\"wp-image-35418\" srcset=\"https:\/\/flawlesshair.com\/wp-content\/uploads\/2023\/07\/18.-medium-wolf-cut-with-curtain-bangs.jpg 1080w, https:\/\/flawlesshair.com\/wp-content\/uploads\/2023\/07\/18.-medium-wolf-cut-with-curtain-bangs-289x300.jpg 289w, https:\/\/flawlesshair.com\/wp-content\/uploads\/2023\/07\/18.-medium-wolf-cut-with-curtain-bangs-768x796.jpg 768w, https:\/\/flawlesshair.com\/wp-content\/uploads\/2023\/07\/18.-medium-wolf-cut-with-curtain-bangs-12x12.jpg 12w, https:\/\/flawlesshair.com\/wp-content\/uploads\/2023\/07\/18.-medium-wolf-cut-with-curtain-bangs-926x960.jpg 926w, https:\/\/flawlesshair.com\/wp-content\/uploads\/2023\/07\/18.-medium-wolf-cut-with-curtain-bangs-1041x1080.jpg 1041w, https:\/\/flawlesshair.com\/wp-content\/uploads\/2023\/07\/18.-medium-wolf-cut-with-curtain-bangs-150x156.jpg 150w\" sizes=\"auto, (max-width: 760px) calc(100vw - 24px), 720px\"><\/noscript><img loading=\"lazy\" decoding=\"async\" width=\"1080\" height=\"1120\" src=\"https:\/\/flawlesshair.com\/wp-content\/uploads\/2023\/07\/18.-medium-wolf-cut-with-curtain-bangs.jpg\" alt=\"corte lobo medio con flequillo cortina\" class=\"wp-image-35418 lazyload\" srcset=\"https:\/\/flawlesshair.com\/wp-content\/uploads\/2023\/07\/18.-medium-wolf-cut-with-curtain-bangs.jpg 1080w, https:\/\/flawlesshair.com\/wp-content\/uploads\/2023\/07\/18.-medium-wolf-cut-with-curtain-bangs-289x300.jpg 289w, https:\/\/flawlesshair.com\/wp-content\/uploads\/2023\/07\/18.-medium-wolf-cut-with-curtain-bangs-768x796.jpg 768w, https:\/\/flawlesshair.com\/wp-content\/uploads\/2023\/07\/18.-medium-wolf-cut-with-curtain-bangs-12x12.jpg 12w, https:\/\/flawlesshair.com\/wp-content\/uploads\/2023\/07\/18.-medium-wolf-cut-with-curtain-bangs-926x960.jpg 926w, https:\/\/flawlesshair.com\/wp-content\/uploads\/2023\/07\/18.-medium-wolf-cut-with-curtain-bangs-1041x1080.jpg 1041w, https:\/\/flawlesshair.com\/wp-content\/uploads\/2023\/07\/18.-medium-wolf-cut-with-curtain-bangs-150x156.jpg 150w\" sizes=\"auto, (max-width: 760px) calc(100vw - 24px), 720px\" data-pin-media=\"https:\/\/flawlesshair.com\/wp-content\/uploads\/2023\/07\/18.-medium-wolf-cut-with-curtain-bangs.jpg\" id=\"mv-trellis-img-18\" data-trellis-processed=\"1\"><div style=\"position: absolute; top: 0.5rem; right: 0.75rem;\"> <a href=\"https:\/\/www.pinterest.com\/pin\/create\/button\/\" data-pin-do=\"buttonPin\" data-pin-tall=\"true\" data-pin-url=\"https:\/\/flawlesshair.com\/es\/flequillo-para-cara-ovalada\/\" data-pin-media=\"https:\/\/flawlesshair.com\/wp-content\/uploads\/2023\/07\/18.-medium-wolf-cut-with-curtain-bangs.jpg\" data-pin-description=\"50 Hairstyles With Bangs For Oval Face\" rel=\"nofollow noopener\" target=\"_blank\"> <\/a><\/div><\/div><figcaption class=\"wp-element-caption\"><a href=\"http:\/\/www.instagram.com\/shoji.i\" target=\"_blank\" rel=\"noreferrer noopener nofollow\">@shoji.i<\/a><\/figcaption><\/figure>\n\n\n\n<p>Las capas onduladas har\u00e1n que tu pelo sea ligero y manejable, y el flequillo cortina eleva todo el look. <\/p>\n\n\n\n<h2 class=\"wp-block-heading\">19. Pelo a capas medio con flequillo ondulado<\/h2>\n\n\n\n<figure class=\"wp-block-image size-full\"><div style=\"position: relative;\"><noscript><img loading=\"lazy\" decoding=\"async\" width=\"1080\" height=\"1346\" src=\"https:\/\/flawlesshair.com\/wp-content\/uploads\/2023\/07\/19.-medium-layered-hair-with-wispy-fringe.jpg\" alt=\"pelo a capas medias con flequillo ondulado\" class=\"wp-image-35419\" srcset=\"https:\/\/flawlesshair.com\/wp-content\/uploads\/2023\/07\/19.-medium-layered-hair-with-wispy-fringe.jpg 1080w, https:\/\/flawlesshair.com\/wp-content\/uploads\/2023\/07\/19.-medium-layered-hair-with-wispy-fringe-241x300.jpg 241w, https:\/\/flawlesshair.com\/wp-content\/uploads\/2023\/07\/19.-medium-layered-hair-with-wispy-fringe-768x957.jpg 768w, https:\/\/flawlesshair.com\/wp-content\/uploads\/2023\/07\/19.-medium-layered-hair-with-wispy-fringe-10x12.jpg 10w, https:\/\/flawlesshair.com\/wp-content\/uploads\/2023\/07\/19.-medium-layered-hair-with-wispy-fringe-770x960.jpg 770w, https:\/\/flawlesshair.com\/wp-content\/uploads\/2023\/07\/19.-medium-layered-hair-with-wispy-fringe-867x1080.jpg 867w, https:\/\/flawlesshair.com\/wp-content\/uploads\/2023\/07\/19.-medium-layered-hair-with-wispy-fringe-963x1200.jpg 963w, https:\/\/flawlesshair.com\/wp-content\/uploads\/2023\/07\/19.-medium-layered-hair-with-wispy-fringe-150x187.jpg 150w\" sizes=\"auto, (max-width: 760px) calc(100vw - 24px), 720px\"><\/noscript><img loading=\"lazy\" decoding=\"async\" width=\"1080\" height=\"1346\" src=\"https:\/\/flawlesshair.com\/wp-content\/uploads\/2023\/07\/19.-medium-layered-hair-with-wispy-fringe.jpg\" alt=\"pelo a capas medias con flequillo ondulado\" class=\"wp-image-35419 lazyload\" srcset=\"https:\/\/flawlesshair.com\/wp-content\/uploads\/2023\/07\/19.-medium-layered-hair-with-wispy-fringe.jpg 1080w, https:\/\/flawlesshair.com\/wp-content\/uploads\/2023\/07\/19.-medium-layered-hair-with-wispy-fringe-241x300.jpg 241w, https:\/\/flawlesshair.com\/wp-content\/uploads\/2023\/07\/19.-medium-layered-hair-with-wispy-fringe-768x957.jpg 768w, https:\/\/flawlesshair.com\/wp-content\/uploads\/2023\/07\/19.-medium-layered-hair-with-wispy-fringe-10x12.jpg 10w, https:\/\/flawlesshair.com\/wp-content\/uploads\/2023\/07\/19.-medium-layered-hair-with-wispy-fringe-770x960.jpg 770w, https:\/\/flawlesshair.com\/wp-content\/uploads\/2023\/07\/19.-medium-layered-hair-with-wispy-fringe-867x1080.jpg 867w, https:\/\/flawlesshair.com\/wp-content\/uploads\/2023\/07\/19.-medium-layered-hair-with-wispy-fringe-963x1200.jpg 963w, https:\/\/flawlesshair.com\/wp-content\/uploads\/2023\/07\/19.-medium-layered-hair-with-wispy-fringe-150x187.jpg 150w\" sizes=\"auto, (max-width: 760px) calc(100vw - 24px), 720px\" data-pin-media=\"https:\/\/flawlesshair.com\/wp-content\/uploads\/2023\/07\/19.-medium-layered-hair-with-wispy-fringe.jpg\" id=\"mv-trellis-img-19\" data-trellis-processed=\"1\"><div style=\"position: absolute; top: 0.5rem; right: 0.75rem;\"> <a href=\"https:\/\/www.pinterest.com\/pin\/create\/button\/\" data-pin-do=\"buttonPin\" data-pin-tall=\"true\" data-pin-url=\"https:\/\/flawlesshair.com\/es\/flequillo-para-cara-ovalada\/\" data-pin-media=\"https:\/\/flawlesshair.com\/wp-content\/uploads\/2023\/07\/19.-medium-layered-hair-with-wispy-fringe.jpg\" data-pin-description=\"50 Hairstyles With Bangs For Oval Face\" rel=\"nofollow noopener\" target=\"_blank\"> <\/a><\/div><\/div><figcaption class=\"wp-element-caption\"><a href=\"http:\/\/www.instagram.com\/chahong_official\" target=\"_blank\" rel=\"noreferrer noopener nofollow\">@chahong_oficial<\/a><\/figcaption><\/figure>\n\n\n\n<p>Los flequillos ondulados son bonitos y delicados, pero al ser tan finos tienden a engrasarse r\u00e1pidamente. Si no te lavas el pelo todos los d\u00edas, la soluci\u00f3n para un flequillo fresco es lavarlo y peinarlo solo, o utilizar champ\u00fa en seco.<\/p>\n\n\n\n<h2 class=\"wp-block-heading\">20. Capas cortadas con flequillo largo<\/h2>\n\n\n\n<figure class=\"wp-block-image size-full\"><div style=\"position: relative;\"><noscript><img loading=\"lazy\" decoding=\"async\" width=\"1080\" height=\"1350\" src=\"https:\/\/flawlesshair.com\/wp-content\/uploads\/2023\/07\/20.-choppy-layers-with-long-bangs.jpg\" alt=\"capas entrecortadas con flequillo largo\" class=\"wp-image-35420\" srcset=\"https:\/\/flawlesshair.com\/wp-content\/uploads\/2023\/07\/20.-choppy-layers-with-long-bangs.jpg 1080w, https:\/\/flawlesshair.com\/wp-content\/uploads\/2023\/07\/20.-choppy-layers-with-long-bangs-240x300.jpg 240w, https:\/\/flawlesshair.com\/wp-content\/uploads\/2023\/07\/20.-choppy-layers-with-long-bangs-768x960.jpg 768w, https:\/\/flawlesshair.com\/wp-content\/uploads\/2023\/07\/20.-choppy-layers-with-long-bangs-10x12.jpg 10w, https:\/\/flawlesshair.com\/wp-content\/uploads\/2023\/07\/20.-choppy-layers-with-long-bangs-864x1080.jpg 864w, https:\/\/flawlesshair.com\/wp-content\/uploads\/2023\/07\/20.-choppy-layers-with-long-bangs-960x1200.jpg 960w, https:\/\/flawlesshair.com\/wp-content\/uploads\/2023\/07\/20.-choppy-layers-with-long-bangs-150x188.jpg 150w\" sizes=\"auto, (max-width: 760px) calc(100vw - 24px), 720px\"><\/noscript><img loading=\"lazy\" decoding=\"async\" width=\"1080\" height=\"1350\" src=\"https:\/\/flawlesshair.com\/wp-content\/uploads\/2023\/07\/20.-choppy-layers-with-long-bangs.jpg\" alt=\"capas entrecortadas con flequillo largo\" class=\"wp-image-35420 lazyload\" srcset=\"https:\/\/flawlesshair.com\/wp-content\/uploads\/2023\/07\/20.-choppy-layers-with-long-bangs.jpg 1080w, https:\/\/flawlesshair.com\/wp-content\/uploads\/2023\/07\/20.-choppy-layers-with-long-bangs-240x300.jpg 240w, https:\/\/flawlesshair.com\/wp-content\/uploads\/2023\/07\/20.-choppy-layers-with-long-bangs-768x960.jpg 768w, https:\/\/flawlesshair.com\/wp-content\/uploads\/2023\/07\/20.-choppy-layers-with-long-bangs-10x12.jpg 10w, https:\/\/flawlesshair.com\/wp-content\/uploads\/2023\/07\/20.-choppy-layers-with-long-bangs-864x1080.jpg 864w, https:\/\/flawlesshair.com\/wp-content\/uploads\/2023\/07\/20.-choppy-layers-with-long-bangs-960x1200.jpg 960w, https:\/\/flawlesshair.com\/wp-content\/uploads\/2023\/07\/20.-choppy-layers-with-long-bangs-150x188.jpg 150w\" sizes=\"auto, (max-width: 760px) calc(100vw - 24px), 720px\" data-pin-media=\"https:\/\/flawlesshair.com\/wp-content\/uploads\/2023\/07\/20.-choppy-layers-with-long-bangs.jpg\" id=\"mv-trellis-img-20\" data-trellis-processed=\"1\"><div style=\"position: absolute; top: 0.5rem; right: 0.75rem;\"> <a href=\"https:\/\/www.pinterest.com\/pin\/create\/button\/\" data-pin-do=\"buttonPin\" data-pin-tall=\"true\" data-pin-url=\"https:\/\/flawlesshair.com\/es\/flequillo-para-cara-ovalada\/\" data-pin-media=\"https:\/\/flawlesshair.com\/wp-content\/uploads\/2023\/07\/20.-choppy-layers-with-long-bangs.jpg\" data-pin-description=\"50 Hairstyles With Bangs For Oval Face\" rel=\"nofollow noopener\" target=\"_blank\"> <\/a><\/div><\/div><figcaption class=\"wp-element-caption\"><a href=\"http:\/\/www.instagram.com\/rodrigues_ricardo\" target=\"_blank\" rel=\"noreferrer noopener nofollow\">@rodrigues_ricardo<\/a><\/figcaption><\/figure>\n\n\n\n<p>Los mechones largos y ondulados suavizan este corte de pelo ya de por s\u00ed desenfadado, por lo que es perfecto para el verano.<\/p>\n\n\n\n<h2 class=\"wp-block-heading\">21. Bob largo con flequillo cortina<\/h2>\n\n\n\n<figure class=\"wp-block-image size-full\"><div style=\"position: relative;\"><noscript><img loading=\"lazy\" decoding=\"async\" width=\"1080\" height=\"1097\" src=\"https:\/\/flawlesshair.com\/wp-content\/uploads\/2023\/07\/21.-long-bob-with-curtain-bangs.jpg\" alt=\"bob largo con flequillo cortina\" class=\"wp-image-35421\" srcset=\"https:\/\/flawlesshair.com\/wp-content\/uploads\/2023\/07\/21.-long-bob-with-curtain-bangs.jpg 1080w, https:\/\/flawlesshair.com\/wp-content\/uploads\/2023\/07\/21.-long-bob-with-curtain-bangs-295x300.jpg 295w, https:\/\/flawlesshair.com\/wp-content\/uploads\/2023\/07\/21.-long-bob-with-curtain-bangs-768x780.jpg 768w, https:\/\/flawlesshair.com\/wp-content\/uploads\/2023\/07\/21.-long-bob-with-curtain-bangs-12x12.jpg 12w, https:\/\/flawlesshair.com\/wp-content\/uploads\/2023\/07\/21.-long-bob-with-curtain-bangs-945x960.jpg 945w, https:\/\/flawlesshair.com\/wp-content\/uploads\/2023\/07\/21.-long-bob-with-curtain-bangs-1063x1080.jpg 1063w, https:\/\/flawlesshair.com\/wp-content\/uploads\/2023\/07\/21.-long-bob-with-curtain-bangs-150x152.jpg 150w\" sizes=\"auto, (max-width: 760px) calc(100vw - 24px), 720px\"><\/noscript><img loading=\"lazy\" decoding=\"async\" width=\"1080\" height=\"1097\" src=\"https:\/\/flawlesshair.com\/wp-content\/uploads\/2023\/07\/21.-long-bob-with-curtain-bangs.jpg\" alt=\"bob largo con flequillo cortina\" class=\"wp-image-35421 lazyload\" srcset=\"https:\/\/flawlesshair.com\/wp-content\/uploads\/2023\/07\/21.-long-bob-with-curtain-bangs.jpg 1080w, https:\/\/flawlesshair.com\/wp-content\/uploads\/2023\/07\/21.-long-bob-with-curtain-bangs-295x300.jpg 295w, https:\/\/flawlesshair.com\/wp-content\/uploads\/2023\/07\/21.-long-bob-with-curtain-bangs-768x780.jpg 768w, https:\/\/flawlesshair.com\/wp-content\/uploads\/2023\/07\/21.-long-bob-with-curtain-bangs-12x12.jpg 12w, https:\/\/flawlesshair.com\/wp-content\/uploads\/2023\/07\/21.-long-bob-with-curtain-bangs-945x960.jpg 945w, https:\/\/flawlesshair.com\/wp-content\/uploads\/2023\/07\/21.-long-bob-with-curtain-bangs-1063x1080.jpg 1063w, https:\/\/flawlesshair.com\/wp-content\/uploads\/2023\/07\/21.-long-bob-with-curtain-bangs-150x152.jpg 150w\" sizes=\"auto, (max-width: 760px) calc(100vw - 24px), 720px\" data-pin-media=\"https:\/\/flawlesshair.com\/wp-content\/uploads\/2023\/07\/21.-long-bob-with-curtain-bangs.jpg\" id=\"mv-trellis-img-21\" data-trellis-processed=\"1\"><div style=\"position: absolute; top: 0.5rem; right: 0.75rem;\"> <a href=\"https:\/\/www.pinterest.com\/pin\/create\/button\/\" data-pin-do=\"buttonPin\" data-pin-tall=\"true\" data-pin-url=\"https:\/\/flawlesshair.com\/es\/flequillo-para-cara-ovalada\/\" data-pin-media=\"https:\/\/flawlesshair.com\/wp-content\/uploads\/2023\/07\/21.-long-bob-with-curtain-bangs.jpg\" data-pin-description=\"50 Hairstyles With Bangs For Oval Face\" rel=\"nofollow noopener\" target=\"_blank\"> <\/a><\/div><\/div><figcaption class=\"wp-element-caption\"><a href=\"http:\/\/www.instagram.com\/benjaminryanhair\" target=\"_blank\" rel=\"noreferrer noopener nofollow\">@benjaminryanhair<\/a><\/figcaption><\/figure>\n\n\n\n<p>Los cortes de pelo de un solo largo pueden ser un poco aburridos, pero un rostro ovalado puede soportarlo. Aun as\u00ed, puedes darle un toque especial con un flequillo cortina que enmarque tu rostro y destaque tus rasgos.<\/p>\n\n\n\n<h2 class=\"wp-block-heading\">22. Media melena con flequillo cortina<\/h2>\n\n\n\n<figure class=\"wp-block-image size-full\"><div style=\"position: relative;\"><noscript><img loading=\"lazy\" decoding=\"async\" width=\"1080\" height=\"1350\" src=\"https:\/\/flawlesshair.com\/wp-content\/uploads\/2023\/07\/22.-feathered-medium-hair-with-curtain-bangs.jpg\" alt=\"media melena con flequillo cortina\" class=\"wp-image-35422\" srcset=\"https:\/\/flawlesshair.com\/wp-content\/uploads\/2023\/07\/22.-feathered-medium-hair-with-curtain-bangs.jpg 1080w, https:\/\/flawlesshair.com\/wp-content\/uploads\/2023\/07\/22.-feathered-medium-hair-with-curtain-bangs-240x300.jpg 240w, https:\/\/flawlesshair.com\/wp-content\/uploads\/2023\/07\/22.-feathered-medium-hair-with-curtain-bangs-768x960.jpg 768w, https:\/\/flawlesshair.com\/wp-content\/uploads\/2023\/07\/22.-feathered-medium-hair-with-curtain-bangs-10x12.jpg 10w, https:\/\/flawlesshair.com\/wp-content\/uploads\/2023\/07\/22.-feathered-medium-hair-with-curtain-bangs-864x1080.jpg 864w, https:\/\/flawlesshair.com\/wp-content\/uploads\/2023\/07\/22.-feathered-medium-hair-with-curtain-bangs-960x1200.jpg 960w, https:\/\/flawlesshair.com\/wp-content\/uploads\/2023\/07\/22.-feathered-medium-hair-with-curtain-bangs-150x188.jpg 150w\" sizes=\"auto, (max-width: 760px) calc(100vw - 24px), 720px\"><\/noscript><img loading=\"lazy\" decoding=\"async\" width=\"1080\" height=\"1350\" src=\"https:\/\/flawlesshair.com\/wp-content\/uploads\/2023\/07\/22.-feathered-medium-hair-with-curtain-bangs.jpg\" alt=\"media melena con flequillo cortina\" class=\"wp-image-35422 lazyload\" srcset=\"https:\/\/flawlesshair.com\/wp-content\/uploads\/2023\/07\/22.-feathered-medium-hair-with-curtain-bangs.jpg 1080w, https:\/\/flawlesshair.com\/wp-content\/uploads\/2023\/07\/22.-feathered-medium-hair-with-curtain-bangs-240x300.jpg 240w, https:\/\/flawlesshair.com\/wp-content\/uploads\/2023\/07\/22.-feathered-medium-hair-with-curtain-bangs-768x960.jpg 768w, https:\/\/flawlesshair.com\/wp-content\/uploads\/2023\/07\/22.-feathered-medium-hair-with-curtain-bangs-10x12.jpg 10w, https:\/\/flawlesshair.com\/wp-content\/uploads\/2023\/07\/22.-feathered-medium-hair-with-curtain-bangs-864x1080.jpg 864w, https:\/\/flawlesshair.com\/wp-content\/uploads\/2023\/07\/22.-feathered-medium-hair-with-curtain-bangs-960x1200.jpg 960w, https:\/\/flawlesshair.com\/wp-content\/uploads\/2023\/07\/22.-feathered-medium-hair-with-curtain-bangs-150x188.jpg 150w\" sizes=\"auto, (max-width: 760px) calc(100vw - 24px), 720px\" data-pin-media=\"https:\/\/flawlesshair.com\/wp-content\/uploads\/2023\/07\/22.-feathered-medium-hair-with-curtain-bangs.jpg\" id=\"mv-trellis-img-22\" data-trellis-processed=\"1\"><div style=\"position: absolute; top: 0.5rem; right: 0.75rem;\"> <a href=\"https:\/\/www.pinterest.com\/pin\/create\/button\/\" data-pin-do=\"buttonPin\" data-pin-tall=\"true\" data-pin-url=\"https:\/\/flawlesshair.com\/es\/flequillo-para-cara-ovalada\/\" data-pin-media=\"https:\/\/flawlesshair.com\/wp-content\/uploads\/2023\/07\/22.-feathered-medium-hair-with-curtain-bangs.jpg\" data-pin-description=\"50 Hairstyles With Bangs For Oval Face\" rel=\"nofollow noopener\" target=\"_blank\"> <\/a><\/div><\/div><figcaption class=\"wp-element-caption\"><a href=\"http:\/\/www.instagram.com\/alyssamikaylaaa\" target=\"_blank\" rel=\"noreferrer noopener nofollow\">@alyssamikaylaaa<\/a><\/figcaption><\/figure>\n\n\n\n<p>Este peinado evoca el glamour de los 70 con sus puntas volteadas retro, pero si lo peinas de forma diferente, puedes crear un ambiente totalmente distinto.<\/p>\n\n\n\n<h2 class=\"wp-block-heading\">23. Shag medio con parte central<\/h2>\n\n\n\n<figure class=\"wp-block-image size-full\"><div style=\"position: relative;\"><noscript><img loading=\"lazy\" decoding=\"async\" width=\"1080\" height=\"1343\" src=\"https:\/\/flawlesshair.com\/wp-content\/uploads\/2023\/07\/23.-medium-shag-with-middle-part.jpg\" alt=\"shag medio con parte central\" class=\"wp-image-35423\" srcset=\"https:\/\/flawlesshair.com\/wp-content\/uploads\/2023\/07\/23.-medium-shag-with-middle-part.jpg 1080w, https:\/\/flawlesshair.com\/wp-content\/uploads\/2023\/07\/23.-medium-shag-with-middle-part-241x300.jpg 241w, https:\/\/flawlesshair.com\/wp-content\/uploads\/2023\/07\/23.-medium-shag-with-middle-part-768x955.jpg 768w, https:\/\/flawlesshair.com\/wp-content\/uploads\/2023\/07\/23.-medium-shag-with-middle-part-10x12.jpg 10w, https:\/\/flawlesshair.com\/wp-content\/uploads\/2023\/07\/23.-medium-shag-with-middle-part-772x960.jpg 772w, https:\/\/flawlesshair.com\/wp-content\/uploads\/2023\/07\/23.-medium-shag-with-middle-part-869x1080.jpg 869w, https:\/\/flawlesshair.com\/wp-content\/uploads\/2023\/07\/23.-medium-shag-with-middle-part-965x1200.jpg 965w, https:\/\/flawlesshair.com\/wp-content\/uploads\/2023\/07\/23.-medium-shag-with-middle-part-150x187.jpg 150w\" sizes=\"auto, (max-width: 760px) calc(100vw - 24px), 720px\"><\/noscript><img loading=\"lazy\" decoding=\"async\" width=\"1080\" height=\"1343\" src=\"https:\/\/flawlesshair.com\/wp-content\/uploads\/2023\/07\/23.-medium-shag-with-middle-part.jpg\" alt=\"shag medio con parte central\" class=\"wp-image-35423 lazyload\" srcset=\"https:\/\/flawlesshair.com\/wp-content\/uploads\/2023\/07\/23.-medium-shag-with-middle-part.jpg 1080w, https:\/\/flawlesshair.com\/wp-content\/uploads\/2023\/07\/23.-medium-shag-with-middle-part-241x300.jpg 241w, https:\/\/flawlesshair.com\/wp-content\/uploads\/2023\/07\/23.-medium-shag-with-middle-part-768x955.jpg 768w, https:\/\/flawlesshair.com\/wp-content\/uploads\/2023\/07\/23.-medium-shag-with-middle-part-10x12.jpg 10w, https:\/\/flawlesshair.com\/wp-content\/uploads\/2023\/07\/23.-medium-shag-with-middle-part-772x960.jpg 772w, https:\/\/flawlesshair.com\/wp-content\/uploads\/2023\/07\/23.-medium-shag-with-middle-part-869x1080.jpg 869w, https:\/\/flawlesshair.com\/wp-content\/uploads\/2023\/07\/23.-medium-shag-with-middle-part-965x1200.jpg 965w, https:\/\/flawlesshair.com\/wp-content\/uploads\/2023\/07\/23.-medium-shag-with-middle-part-150x187.jpg 150w\" sizes=\"auto, (max-width: 760px) calc(100vw - 24px), 720px\" data-pin-media=\"https:\/\/flawlesshair.com\/wp-content\/uploads\/2023\/07\/23.-medium-shag-with-middle-part.jpg\" id=\"mv-trellis-img-23\" data-trellis-processed=\"1\"><div style=\"position: absolute; top: 0.5rem; right: 0.75rem;\"> <a href=\"https:\/\/www.pinterest.com\/pin\/create\/button\/\" data-pin-do=\"buttonPin\" data-pin-tall=\"true\" data-pin-url=\"https:\/\/flawlesshair.com\/es\/flequillo-para-cara-ovalada\/\" data-pin-media=\"https:\/\/flawlesshair.com\/wp-content\/uploads\/2023\/07\/23.-medium-shag-with-middle-part.jpg\" data-pin-description=\"50 Hairstyles With Bangs For Oval Face\" rel=\"nofollow noopener\" target=\"_blank\"> <\/a><\/div><\/div><figcaption class=\"wp-element-caption\"><a href=\"http:\/\/www.instagram.com\/hollygirldoeshair\" target=\"_blank\" rel=\"noreferrer noopener nofollow\">@hollygirldoeshair<\/a><\/figcaption><\/figure>\n\n\n\n<p>La forma de la cara ovalada es equilibrada, por lo que puede soportar cortes de pelo y flequillos que rompan el equilibrio. Este corte es muy voluminoso en la parte superior, lo que puede resultar abrumador en otros rostros, pero si el tuyo es ovalado, puedes llevarlo.<\/p>\n\n\n\n<h2 class=\"wp-block-heading\">24. Rizado con flequillo largo<\/h2>\n\n\n\n<figure class=\"wp-block-image size-full\"><div style=\"position: relative;\"><noscript><img loading=\"lazy\" decoding=\"async\" width=\"1080\" height=\"1350\" src=\"https:\/\/flawlesshair.com\/wp-content\/uploads\/2023\/07\/24.-curly-shag-with-long-bangs.jpg\" alt=\"rizado con flequillo largo\" class=\"wp-image-35424\" srcset=\"https:\/\/flawlesshair.com\/wp-content\/uploads\/2023\/07\/24.-curly-shag-with-long-bangs.jpg 1080w, https:\/\/flawlesshair.com\/wp-content\/uploads\/2023\/07\/24.-curly-shag-with-long-bangs-240x300.jpg 240w, https:\/\/flawlesshair.com\/wp-content\/uploads\/2023\/07\/24.-curly-shag-with-long-bangs-768x960.jpg 768w, https:\/\/flawlesshair.com\/wp-content\/uploads\/2023\/07\/24.-curly-shag-with-long-bangs-10x12.jpg 10w, https:\/\/flawlesshair.com\/wp-content\/uploads\/2023\/07\/24.-curly-shag-with-long-bangs-864x1080.jpg 864w, https:\/\/flawlesshair.com\/wp-content\/uploads\/2023\/07\/24.-curly-shag-with-long-bangs-960x1200.jpg 960w, https:\/\/flawlesshair.com\/wp-content\/uploads\/2023\/07\/24.-curly-shag-with-long-bangs-150x188.jpg 150w\" sizes=\"auto, (max-width: 760px) calc(100vw - 24px), 720px\"><\/noscript><img loading=\"lazy\" decoding=\"async\" width=\"1080\" height=\"1350\" src=\"https:\/\/flawlesshair.com\/wp-content\/uploads\/2023\/07\/24.-curly-shag-with-long-bangs.jpg\" alt=\"rizado con flequillo largo\" class=\"wp-image-35424 lazyload\" srcset=\"https:\/\/flawlesshair.com\/wp-content\/uploads\/2023\/07\/24.-curly-shag-with-long-bangs.jpg 1080w, https:\/\/flawlesshair.com\/wp-content\/uploads\/2023\/07\/24.-curly-shag-with-long-bangs-240x300.jpg 240w, https:\/\/flawlesshair.com\/wp-content\/uploads\/2023\/07\/24.-curly-shag-with-long-bangs-768x960.jpg 768w, https:\/\/flawlesshair.com\/wp-content\/uploads\/2023\/07\/24.-curly-shag-with-long-bangs-10x12.jpg 10w, https:\/\/flawlesshair.com\/wp-content\/uploads\/2023\/07\/24.-curly-shag-with-long-bangs-864x1080.jpg 864w, https:\/\/flawlesshair.com\/wp-content\/uploads\/2023\/07\/24.-curly-shag-with-long-bangs-960x1200.jpg 960w, https:\/\/flawlesshair.com\/wp-content\/uploads\/2023\/07\/24.-curly-shag-with-long-bangs-150x188.jpg 150w\" sizes=\"auto, (max-width: 760px) calc(100vw - 24px), 720px\" data-pin-media=\"https:\/\/flawlesshair.com\/wp-content\/uploads\/2023\/07\/24.-curly-shag-with-long-bangs.jpg\" id=\"mv-trellis-img-24\" data-trellis-processed=\"1\"><div style=\"position: absolute; top: 0.5rem; right: 0.75rem;\"> <a href=\"https:\/\/www.pinterest.com\/pin\/create\/button\/\" data-pin-do=\"buttonPin\" data-pin-tall=\"true\" data-pin-url=\"https:\/\/flawlesshair.com\/es\/flequillo-para-cara-ovalada\/\" data-pin-media=\"https:\/\/flawlesshair.com\/wp-content\/uploads\/2023\/07\/24.-curly-shag-with-long-bangs.jpg\" data-pin-description=\"50 Hairstyles With Bangs For Oval Face\" rel=\"nofollow noopener\" target=\"_blank\"> <\/a><\/div><\/div><figcaption class=\"wp-element-caption\"><a href=\"http:\/\/www.instagram.com\/fosterlondon\" target=\"_blank\" rel=\"noreferrer noopener nofollow\">@fosterlondon<\/a><\/figcaption><\/figure>\n\n\n\n<p><a href=\"https:\/\/flawlesshair.com\/es\/pelo-corto-rizado-con-flequillo\/\">Flequillo rizado<\/a> puede ser complicado, independientemente de la forma de tu cara: es importante que tu estilista las corte en seco para evitar que queden demasiado cortas.<\/p>\n\n\n\n<h2 class=\"wp-block-heading\">25. Bob largo despuntado con flequillo cortina<\/h2>\n\n\n\n<figure class=\"wp-block-image size-full\"><div style=\"position: relative;\"><noscript><img loading=\"lazy\" decoding=\"async\" width=\"1440\" height=\"1800\" src=\"https:\/\/flawlesshair.com\/wp-content\/uploads\/2023\/07\/25.-long-blunt-bob-with-curtain-bangs.jpg\" alt=\"bob largo despuntado con flequillo cortina\" class=\"wp-image-35425\" srcset=\"https:\/\/flawlesshair.com\/wp-content\/uploads\/2023\/07\/25.-long-blunt-bob-with-curtain-bangs.jpg 1440w, https:\/\/flawlesshair.com\/wp-content\/uploads\/2023\/07\/25.-long-blunt-bob-with-curtain-bangs-240x300.jpg 240w, https:\/\/flawlesshair.com\/wp-content\/uploads\/2023\/07\/25.-long-blunt-bob-with-curtain-bangs-768x960.jpg 768w, https:\/\/flawlesshair.com\/wp-content\/uploads\/2023\/07\/25.-long-blunt-bob-with-curtain-bangs-10x12.jpg 10w, https:\/\/flawlesshair.com\/wp-content\/uploads\/2023\/07\/25.-long-blunt-bob-with-curtain-bangs-864x1080.jpg 864w, https:\/\/flawlesshair.com\/wp-content\/uploads\/2023\/07\/25.-long-blunt-bob-with-curtain-bangs-960x1200.jpg 960w, https:\/\/flawlesshair.com\/wp-content\/uploads\/2023\/07\/25.-long-blunt-bob-with-curtain-bangs-150x188.jpg 150w\" sizes=\"auto, (max-width: 760px) calc(100vw - 24px), 720px\"><\/noscript><img loading=\"lazy\" decoding=\"async\" width=\"1440\" height=\"1800\" src=\"https:\/\/flawlesshair.com\/wp-content\/uploads\/2023\/07\/25.-long-blunt-bob-with-curtain-bangs.jpg\" alt=\"bob largo despuntado con flequillo cortina\" class=\"wp-image-35425 lazyload\" srcset=\"https:\/\/flawlesshair.com\/wp-content\/uploads\/2023\/07\/25.-long-blunt-bob-with-curtain-bangs.jpg 1440w, https:\/\/flawlesshair.com\/wp-content\/uploads\/2023\/07\/25.-long-blunt-bob-with-curtain-bangs-240x300.jpg 240w, https:\/\/flawlesshair.com\/wp-content\/uploads\/2023\/07\/25.-long-blunt-bob-with-curtain-bangs-768x960.jpg 768w, https:\/\/flawlesshair.com\/wp-content\/uploads\/2023\/07\/25.-long-blunt-bob-with-curtain-bangs-10x12.jpg 10w, https:\/\/flawlesshair.com\/wp-content\/uploads\/2023\/07\/25.-long-blunt-bob-with-curtain-bangs-864x1080.jpg 864w, https:\/\/flawlesshair.com\/wp-content\/uploads\/2023\/07\/25.-long-blunt-bob-with-curtain-bangs-960x1200.jpg 960w, https:\/\/flawlesshair.com\/wp-content\/uploads\/2023\/07\/25.-long-blunt-bob-with-curtain-bangs-150x188.jpg 150w\" sizes=\"auto, (max-width: 760px) calc(100vw - 24px), 720px\" data-pin-media=\"https:\/\/flawlesshair.com\/wp-content\/uploads\/2023\/07\/25.-long-blunt-bob-with-curtain-bangs.jpg\" id=\"mv-trellis-img-25\" data-trellis-processed=\"1\"><div style=\"position: absolute; top: 0.5rem; right: 0.75rem;\"> <a href=\"https:\/\/www.pinterest.com\/pin\/create\/button\/\" data-pin-do=\"buttonPin\" data-pin-tall=\"true\" data-pin-url=\"https:\/\/flawlesshair.com\/es\/flequillo-para-cara-ovalada\/\" data-pin-media=\"https:\/\/flawlesshair.com\/wp-content\/uploads\/2023\/07\/25.-long-blunt-bob-with-curtain-bangs.jpg\" data-pin-description=\"50 Hairstyles With Bangs For Oval Face\" rel=\"nofollow noopener\" target=\"_blank\"> <\/a><\/div><\/div><figcaption class=\"wp-element-caption\"><a href=\"http:\/\/www.instagram.com\/hirohair\" target=\"_blank\" rel=\"noreferrer noopener nofollow\">@hirohair<\/a><\/figcaption><\/figure>\n\n\n\n<p>Este flequillo cortina suaviza el corte recto y a\u00f1ade volumen en la parte superior, haciendo que el rostro parezca m\u00e1s peque\u00f1o y suave.<\/p>\n\n\n\n<h2 class=\"wp-block-heading\">26. Shullet largo con flequillo recto<\/h2>\n\n\n\n<figure class=\"wp-block-image size-full\"><div style=\"position: relative;\"><noscript><img loading=\"lazy\" decoding=\"async\" width=\"1080\" height=\"1261\" src=\"https:\/\/flawlesshair.com\/wp-content\/uploads\/2023\/07\/26.-long-shullet-with-straight-fringe.jpg\" alt=\"shullet largo con flequillo recto\" class=\"wp-image-35428\" srcset=\"https:\/\/flawlesshair.com\/wp-content\/uploads\/2023\/07\/26.-long-shullet-with-straight-fringe.jpg 1080w, https:\/\/flawlesshair.com\/wp-content\/uploads\/2023\/07\/26.-long-shullet-with-straight-fringe-257x300.jpg 257w, https:\/\/flawlesshair.com\/wp-content\/uploads\/2023\/07\/26.-long-shullet-with-straight-fringe-768x897.jpg 768w, https:\/\/flawlesshair.com\/wp-content\/uploads\/2023\/07\/26.-long-shullet-with-straight-fringe-10x12.jpg 10w, https:\/\/flawlesshair.com\/wp-content\/uploads\/2023\/07\/26.-long-shullet-with-straight-fringe-822x960.jpg 822w, https:\/\/flawlesshair.com\/wp-content\/uploads\/2023\/07\/26.-long-shullet-with-straight-fringe-925x1080.jpg 925w, https:\/\/flawlesshair.com\/wp-content\/uploads\/2023\/07\/26.-long-shullet-with-straight-fringe-1028x1200.jpg 1028w, https:\/\/flawlesshair.com\/wp-content\/uploads\/2023\/07\/26.-long-shullet-with-straight-fringe-150x175.jpg 150w\" sizes=\"auto, (max-width: 760px) calc(100vw - 24px), 720px\"><\/noscript><img loading=\"lazy\" decoding=\"async\" width=\"1080\" height=\"1261\" src=\"https:\/\/flawlesshair.com\/wp-content\/uploads\/2023\/07\/26.-long-shullet-with-straight-fringe.jpg\" alt=\"shullet largo con flequillo recto\" class=\"wp-image-35428 lazyload\" srcset=\"https:\/\/flawlesshair.com\/wp-content\/uploads\/2023\/07\/26.-long-shullet-with-straight-fringe.jpg 1080w, https:\/\/flawlesshair.com\/wp-content\/uploads\/2023\/07\/26.-long-shullet-with-straight-fringe-257x300.jpg 257w, https:\/\/flawlesshair.com\/wp-content\/uploads\/2023\/07\/26.-long-shullet-with-straight-fringe-768x897.jpg 768w, https:\/\/flawlesshair.com\/wp-content\/uploads\/2023\/07\/26.-long-shullet-with-straight-fringe-10x12.jpg 10w, https:\/\/flawlesshair.com\/wp-content\/uploads\/2023\/07\/26.-long-shullet-with-straight-fringe-822x960.jpg 822w, https:\/\/flawlesshair.com\/wp-content\/uploads\/2023\/07\/26.-long-shullet-with-straight-fringe-925x1080.jpg 925w, https:\/\/flawlesshair.com\/wp-content\/uploads\/2023\/07\/26.-long-shullet-with-straight-fringe-1028x1200.jpg 1028w, https:\/\/flawlesshair.com\/wp-content\/uploads\/2023\/07\/26.-long-shullet-with-straight-fringe-150x175.jpg 150w\" sizes=\"auto, (max-width: 760px) calc(100vw - 24px), 720px\" data-pin-media=\"https:\/\/flawlesshair.com\/wp-content\/uploads\/2023\/07\/26.-long-shullet-with-straight-fringe.jpg\" id=\"mv-trellis-img-26\" data-trellis-processed=\"1\"><div style=\"position: absolute; top: 0.5rem; right: 0.75rem;\"> <a href=\"https:\/\/www.pinterest.com\/pin\/create\/button\/\" data-pin-do=\"buttonPin\" data-pin-tall=\"true\" data-pin-url=\"https:\/\/flawlesshair.com\/es\/flequillo-para-cara-ovalada\/\" data-pin-media=\"https:\/\/flawlesshair.com\/wp-content\/uploads\/2023\/07\/26.-long-shullet-with-straight-fringe.jpg\" data-pin-description=\"50 Hairstyles With Bangs For Oval Face\" rel=\"nofollow noopener\" target=\"_blank\"> <\/a><\/div><\/div><figcaption class=\"wp-element-caption\"><a href=\"http:\/\/www.instagram.com\/bel_pipsqueekinsaigon\" target=\"_blank\" rel=\"noreferrer noopener nofollow\">@bel_pipsqueekinsaigon<\/a><\/figcaption><\/figure>\n\n\n\n<p>\u00bfEs un flequillo? \u00bfEs un salmonete? Lo llames como lo llames, es un estilo bonito y atrevido que queda bien en una gran variedad de formas de cara, pero este estilo de flequillo en particular es mejor para las caras ovaladas.<\/p>\n\n\n\n<h2 class=\"wp-block-heading\">27. Pelo largo con flequillo ladeado<\/h2>\n\n\n\n<figure class=\"wp-block-image size-full\"><div style=\"position: relative;\"><noscript><img loading=\"lazy\" decoding=\"async\" width=\"1080\" height=\"1350\" src=\"https:\/\/flawlesshair.com\/wp-content\/uploads\/2023\/07\/27.-long-hair-with-side-swept-bangs.jpg\" alt=\"pelo largo con flequillo ladeado\" class=\"wp-image-35429\" srcset=\"https:\/\/flawlesshair.com\/wp-content\/uploads\/2023\/07\/27.-long-hair-with-side-swept-bangs.jpg 1080w, https:\/\/flawlesshair.com\/wp-content\/uploads\/2023\/07\/27.-long-hair-with-side-swept-bangs-240x300.jpg 240w, https:\/\/flawlesshair.com\/wp-content\/uploads\/2023\/07\/27.-long-hair-with-side-swept-bangs-768x960.jpg 768w, https:\/\/flawlesshair.com\/wp-content\/uploads\/2023\/07\/27.-long-hair-with-side-swept-bangs-10x12.jpg 10w, https:\/\/flawlesshair.com\/wp-content\/uploads\/2023\/07\/27.-long-hair-with-side-swept-bangs-864x1080.jpg 864w, https:\/\/flawlesshair.com\/wp-content\/uploads\/2023\/07\/27.-long-hair-with-side-swept-bangs-960x1200.jpg 960w, https:\/\/flawlesshair.com\/wp-content\/uploads\/2023\/07\/27.-long-hair-with-side-swept-bangs-150x188.jpg 150w\" sizes=\"auto, (max-width: 760px) calc(100vw - 24px), 720px\"><\/noscript><img loading=\"lazy\" decoding=\"async\" width=\"1080\" height=\"1350\" src=\"https:\/\/flawlesshair.com\/wp-content\/uploads\/2023\/07\/27.-long-hair-with-side-swept-bangs.jpg\" alt=\"pelo largo con flequillo ladeado\" class=\"wp-image-35429 lazyload\" srcset=\"https:\/\/flawlesshair.com\/wp-content\/uploads\/2023\/07\/27.-long-hair-with-side-swept-bangs.jpg 1080w, https:\/\/flawlesshair.com\/wp-content\/uploads\/2023\/07\/27.-long-hair-with-side-swept-bangs-240x300.jpg 240w, https:\/\/flawlesshair.com\/wp-content\/uploads\/2023\/07\/27.-long-hair-with-side-swept-bangs-768x960.jpg 768w, https:\/\/flawlesshair.com\/wp-content\/uploads\/2023\/07\/27.-long-hair-with-side-swept-bangs-10x12.jpg 10w, https:\/\/flawlesshair.com\/wp-content\/uploads\/2023\/07\/27.-long-hair-with-side-swept-bangs-864x1080.jpg 864w, https:\/\/flawlesshair.com\/wp-content\/uploads\/2023\/07\/27.-long-hair-with-side-swept-bangs-960x1200.jpg 960w, https:\/\/flawlesshair.com\/wp-content\/uploads\/2023\/07\/27.-long-hair-with-side-swept-bangs-150x188.jpg 150w\" sizes=\"auto, (max-width: 760px) calc(100vw - 24px), 720px\" data-pin-media=\"https:\/\/flawlesshair.com\/wp-content\/uploads\/2023\/07\/27.-long-hair-with-side-swept-bangs.jpg\" id=\"mv-trellis-img-27\" data-trellis-processed=\"1\"><div style=\"position: absolute; top: 0.5rem; right: 0.75rem;\"> <a href=\"https:\/\/www.pinterest.com\/pin\/create\/button\/\" data-pin-do=\"buttonPin\" data-pin-tall=\"true\" data-pin-url=\"https:\/\/flawlesshair.com\/es\/flequillo-para-cara-ovalada\/\" data-pin-media=\"https:\/\/flawlesshair.com\/wp-content\/uploads\/2023\/07\/27.-long-hair-with-side-swept-bangs.jpg\" data-pin-description=\"50 Hairstyles With Bangs For Oval Face\" rel=\"nofollow noopener\" target=\"_blank\"> <\/a><\/div><\/div><figcaption class=\"wp-element-caption\"><a href=\"http:\/\/www.instagram.com\/hairby.stephanie\" target=\"_blank\" rel=\"noreferrer noopener nofollow\">@hairby.stephanie<\/a><\/figcaption><\/figure>\n\n\n\n<p>Si tienes el pelo fino o muy largo y tiende a aplastarse, las capas pueden ayudarte mucho, y el mismo principio se aplica cerca de la cara. Incluso un flequillo largo aumentar\u00e1 el volumen y har\u00e1 que tu pelo parezca mucho m\u00e1s favorecedor.<\/p>\n\n\n\n<h2 class=\"wp-block-heading\">28. Bob largo recortado con flequillo cortina<\/h2>\n\n\n\n<figure class=\"wp-block-image size-full\"><div style=\"position: relative;\"><noscript><img loading=\"lazy\" decoding=\"async\" width=\"1258\" height=\"1572\" src=\"https:\/\/flawlesshair.com\/wp-content\/uploads\/2023\/07\/28.-long-choppy-bob-with-curtain-bangs.jpg\" alt=\"long choppy bob con flequillo cortina\" class=\"wp-image-35430\" srcset=\"https:\/\/flawlesshair.com\/wp-content\/uploads\/2023\/07\/28.-long-choppy-bob-with-curtain-bangs.jpg 1258w, https:\/\/flawlesshair.com\/wp-content\/uploads\/2023\/07\/28.-long-choppy-bob-with-curtain-bangs-240x300.jpg 240w, https:\/\/flawlesshair.com\/wp-content\/uploads\/2023\/07\/28.-long-choppy-bob-with-curtain-bangs-768x960.jpg 768w, https:\/\/flawlesshair.com\/wp-content\/uploads\/2023\/07\/28.-long-choppy-bob-with-curtain-bangs-10x12.jpg 10w, https:\/\/flawlesshair.com\/wp-content\/uploads\/2023\/07\/28.-long-choppy-bob-with-curtain-bangs-864x1080.jpg 864w, https:\/\/flawlesshair.com\/wp-content\/uploads\/2023\/07\/28.-long-choppy-bob-with-curtain-bangs-960x1200.jpg 960w, https:\/\/flawlesshair.com\/wp-content\/uploads\/2023\/07\/28.-long-choppy-bob-with-curtain-bangs-150x187.jpg 150w\" sizes=\"auto, (max-width: 760px) calc(100vw - 24px), 720px\"><\/noscript><img loading=\"lazy\" decoding=\"async\" width=\"1258\" height=\"1572\" src=\"https:\/\/flawlesshair.com\/wp-content\/uploads\/2023\/07\/28.-long-choppy-bob-with-curtain-bangs.jpg\" alt=\"long choppy bob con flequillo cortina\" class=\"wp-image-35430 lazyload\" srcset=\"https:\/\/flawlesshair.com\/wp-content\/uploads\/2023\/07\/28.-long-choppy-bob-with-curtain-bangs.jpg 1258w, https:\/\/flawlesshair.com\/wp-content\/uploads\/2023\/07\/28.-long-choppy-bob-with-curtain-bangs-240x300.jpg 240w, https:\/\/flawlesshair.com\/wp-content\/uploads\/2023\/07\/28.-long-choppy-bob-with-curtain-bangs-768x960.jpg 768w, https:\/\/flawlesshair.com\/wp-content\/uploads\/2023\/07\/28.-long-choppy-bob-with-curtain-bangs-10x12.jpg 10w, https:\/\/flawlesshair.com\/wp-content\/uploads\/2023\/07\/28.-long-choppy-bob-with-curtain-bangs-864x1080.jpg 864w, https:\/\/flawlesshair.com\/wp-content\/uploads\/2023\/07\/28.-long-choppy-bob-with-curtain-bangs-960x1200.jpg 960w, https:\/\/flawlesshair.com\/wp-content\/uploads\/2023\/07\/28.-long-choppy-bob-with-curtain-bangs-150x187.jpg 150w\" sizes=\"auto, (max-width: 760px) calc(100vw - 24px), 720px\" data-pin-media=\"https:\/\/flawlesshair.com\/wp-content\/uploads\/2023\/07\/28.-long-choppy-bob-with-curtain-bangs.jpg\" id=\"mv-trellis-img-28\" data-trellis-processed=\"1\"><div style=\"position: absolute; top: 0.5rem; right: 0.75rem;\"> <a href=\"https:\/\/www.pinterest.com\/pin\/create\/button\/\" data-pin-do=\"buttonPin\" data-pin-tall=\"true\" data-pin-url=\"https:\/\/flawlesshair.com\/es\/flequillo-para-cara-ovalada\/\" data-pin-media=\"https:\/\/flawlesshair.com\/wp-content\/uploads\/2023\/07\/28.-long-choppy-bob-with-curtain-bangs.jpg\" data-pin-description=\"50 Hairstyles With Bangs For Oval Face\" rel=\"nofollow noopener\" target=\"_blank\"> <\/a><\/div><\/div><figcaption class=\"wp-element-caption\"><a href=\"http:\/\/www.instagram.com\/memmieyo\" target=\"_blank\" rel=\"noreferrer noopener nofollow\">@memmieyo<\/a><\/figcaption><\/figure>\n\n\n\n<p>El producto esencial que necesita si quiere que su <a href=\"https:\/\/flawlesshair.com\/es\/choppy-bob\/\">choppy bob<\/a> para que parezca un producto texturizante. Aporta fuerza y volumen y crea un look moderno.<\/p>\n\n\n\n<h2 class=\"wp-block-heading\">29. Cabello a capas con enmarcado facial<\/h2>\n\n\n\n<figure class=\"wp-block-image size-full\"><div style=\"position: relative;\"><noscript><img loading=\"lazy\" decoding=\"async\" width=\"1440\" height=\"1440\" src=\"https:\/\/flawlesshair.com\/wp-content\/uploads\/2023\/07\/29.-layered-hair-with-face-framing.jpg\" alt=\"pelo a capas con enmarcado facial\" class=\"wp-image-35431\" srcset=\"https:\/\/flawlesshair.com\/wp-content\/uploads\/2023\/07\/29.-layered-hair-with-face-framing.jpg 1440w, https:\/\/flawlesshair.com\/wp-content\/uploads\/2023\/07\/29.-layered-hair-with-face-framing-300x300.jpg 300w, https:\/\/flawlesshair.com\/wp-content\/uploads\/2023\/07\/29.-layered-hair-with-face-framing-150x150.jpg 150w, https:\/\/flawlesshair.com\/wp-content\/uploads\/2023\/07\/29.-layered-hair-with-face-framing-768x768.jpg 768w, https:\/\/flawlesshair.com\/wp-content\/uploads\/2023\/07\/29.-layered-hair-with-face-framing-12x12.jpg 12w, https:\/\/flawlesshair.com\/wp-content\/uploads\/2023\/07\/29.-layered-hair-with-face-framing-728x728.jpg 728w, https:\/\/flawlesshair.com\/wp-content\/uploads\/2023\/07\/29.-layered-hair-with-face-framing-960x960.jpg 960w, https:\/\/flawlesshair.com\/wp-content\/uploads\/2023\/07\/29.-layered-hair-with-face-framing-1080x1080.jpg 1080w, https:\/\/flawlesshair.com\/wp-content\/uploads\/2023\/07\/29.-layered-hair-with-face-framing-1200x1200.jpg 1200w, https:\/\/flawlesshair.com\/wp-content\/uploads\/2023\/07\/29.-layered-hair-with-face-framing-96x96.jpg 96w\" sizes=\"auto, (max-width: 760px) calc(100vw - 24px), 720px\"><\/noscript><img loading=\"lazy\" decoding=\"async\" width=\"1440\" height=\"1440\" src=\"https:\/\/flawlesshair.com\/wp-content\/uploads\/2023\/07\/29.-layered-hair-with-face-framing.jpg\" alt=\"pelo a capas con enmarcado facial\" class=\"wp-image-35431 lazyload\" srcset=\"https:\/\/flawlesshair.com\/wp-content\/uploads\/2023\/07\/29.-layered-hair-with-face-framing.jpg 1440w, https:\/\/flawlesshair.com\/wp-content\/uploads\/2023\/07\/29.-layered-hair-with-face-framing-300x300.jpg 300w, https:\/\/flawlesshair.com\/wp-content\/uploads\/2023\/07\/29.-layered-hair-with-face-framing-150x150.jpg 150w, https:\/\/flawlesshair.com\/wp-content\/uploads\/2023\/07\/29.-layered-hair-with-face-framing-768x768.jpg 768w, https:\/\/flawlesshair.com\/wp-content\/uploads\/2023\/07\/29.-layered-hair-with-face-framing-12x12.jpg 12w, https:\/\/flawlesshair.com\/wp-content\/uploads\/2023\/07\/29.-layered-hair-with-face-framing-728x728.jpg 728w, https:\/\/flawlesshair.com\/wp-content\/uploads\/2023\/07\/29.-layered-hair-with-face-framing-960x960.jpg 960w, https:\/\/flawlesshair.com\/wp-content\/uploads\/2023\/07\/29.-layered-hair-with-face-framing-1080x1080.jpg 1080w, https:\/\/flawlesshair.com\/wp-content\/uploads\/2023\/07\/29.-layered-hair-with-face-framing-1200x1200.jpg 1200w, https:\/\/flawlesshair.com\/wp-content\/uploads\/2023\/07\/29.-layered-hair-with-face-framing-96x96.jpg 96w\" sizes=\"auto, (max-width: 760px) calc(100vw - 24px), 720px\" data-pin-media=\"https:\/\/flawlesshair.com\/wp-content\/uploads\/2023\/07\/29.-layered-hair-with-face-framing.jpg\" id=\"mv-trellis-img-29\" data-trellis-processed=\"1\"><div style=\"position: absolute; top: 0.5rem; right: 0.75rem;\"> <a href=\"https:\/\/www.pinterest.com\/pin\/create\/button\/\" data-pin-do=\"buttonPin\" data-pin-tall=\"true\" data-pin-url=\"https:\/\/flawlesshair.com\/es\/flequillo-para-cara-ovalada\/\" data-pin-media=\"https:\/\/flawlesshair.com\/wp-content\/uploads\/2023\/07\/29.-layered-hair-with-face-framing.jpg\" data-pin-description=\"50 Hairstyles With Bangs For Oval Face\" rel=\"nofollow noopener\" target=\"_blank\"> <\/a><\/div><\/div><figcaption class=\"wp-element-caption\"><a href=\"http:\/\/www.instagram.com\/mizzchoi\" target=\"_blank\" rel=\"noreferrer noopener nofollow\">@mizzchoi<\/a><\/figcaption><\/figure>\n\n\n\n<p>Si no te gusta el flequillo espeso, el flequillo c\u00f3nico es una forma sencilla de cubrir una frente alta. <\/p>\n\n\n\n<h2 class=\"wp-block-heading\">30. Choppy Lob con flequillo<\/h2>\n\n\n\n<figure class=\"wp-block-image size-full\"><div style=\"position: relative;\"><noscript><img loading=\"lazy\" decoding=\"async\" width=\"1440\" height=\"1800\" src=\"https:\/\/flawlesshair.com\/wp-content\/uploads\/2023\/07\/30.-choppy-lob-with-bangs.jpg\" alt=\"lob picado con flequillo\" class=\"wp-image-35432\" srcset=\"https:\/\/flawlesshair.com\/wp-content\/uploads\/2023\/07\/30.-choppy-lob-with-bangs.jpg 1440w, https:\/\/flawlesshair.com\/wp-content\/uploads\/2023\/07\/30.-choppy-lob-with-bangs-240x300.jpg 240w, https:\/\/flawlesshair.com\/wp-content\/uploads\/2023\/07\/30.-choppy-lob-with-bangs-768x960.jpg 768w, https:\/\/flawlesshair.com\/wp-content\/uploads\/2023\/07\/30.-choppy-lob-with-bangs-10x12.jpg 10w, https:\/\/flawlesshair.com\/wp-content\/uploads\/2023\/07\/30.-choppy-lob-with-bangs-864x1080.jpg 864w, https:\/\/flawlesshair.com\/wp-content\/uploads\/2023\/07\/30.-choppy-lob-with-bangs-960x1200.jpg 960w, https:\/\/flawlesshair.com\/wp-content\/uploads\/2023\/07\/30.-choppy-lob-with-bangs-150x188.jpg 150w\" sizes=\"auto, (max-width: 760px) calc(100vw - 24px), 720px\"><\/noscript><img loading=\"lazy\" decoding=\"async\" width=\"1440\" height=\"1800\" src=\"https:\/\/flawlesshair.com\/wp-content\/uploads\/2023\/07\/30.-choppy-lob-with-bangs.jpg\" alt=\"lob picado con flequillo\" class=\"wp-image-35432 lazyload\" srcset=\"https:\/\/flawlesshair.com\/wp-content\/uploads\/2023\/07\/30.-choppy-lob-with-bangs.jpg 1440w, https:\/\/flawlesshair.com\/wp-content\/uploads\/2023\/07\/30.-choppy-lob-with-bangs-240x300.jpg 240w, https:\/\/flawlesshair.com\/wp-content\/uploads\/2023\/07\/30.-choppy-lob-with-bangs-768x960.jpg 768w, https:\/\/flawlesshair.com\/wp-content\/uploads\/2023\/07\/30.-choppy-lob-with-bangs-10x12.jpg 10w, https:\/\/flawlesshair.com\/wp-content\/uploads\/2023\/07\/30.-choppy-lob-with-bangs-864x1080.jpg 864w, https:\/\/flawlesshair.com\/wp-content\/uploads\/2023\/07\/30.-choppy-lob-with-bangs-960x1200.jpg 960w, https:\/\/flawlesshair.com\/wp-content\/uploads\/2023\/07\/30.-choppy-lob-with-bangs-150x188.jpg 150w\" sizes=\"auto, (max-width: 760px) calc(100vw - 24px), 720px\" data-pin-media=\"https:\/\/flawlesshair.com\/wp-content\/uploads\/2023\/07\/30.-choppy-lob-with-bangs.jpg\" id=\"mv-trellis-img-30\" data-trellis-processed=\"1\"><div style=\"position: absolute; top: 0.5rem; right: 0.75rem;\"> <a href=\"https:\/\/www.pinterest.com\/pin\/create\/button\/\" data-pin-do=\"buttonPin\" data-pin-tall=\"true\" data-pin-url=\"https:\/\/flawlesshair.com\/es\/flequillo-para-cara-ovalada\/\" data-pin-media=\"https:\/\/flawlesshair.com\/wp-content\/uploads\/2023\/07\/30.-choppy-lob-with-bangs.jpg\" data-pin-description=\"50 Hairstyles With Bangs For Oval Face\" rel=\"nofollow noopener\" target=\"_blank\"> <\/a><\/div><\/div><figcaption class=\"wp-element-caption\"><a href=\"http:\/\/www.instagram.com\/hirohair\" target=\"_blank\" rel=\"noreferrer noopener nofollow\">@hirohair<\/a><\/figcaption><\/figure>\n\n\n\n<p>Un rostro ovalado tiene unas proporciones equilibradas, pero puedes utilizar el pelo para realzar o disimular un rasgo. Por ejemplo, puedes hacer que tu cara parezca m\u00e1s afilada o m\u00e1s redonda, o llamar la atenci\u00f3n sobre tus ojos o tus p\u00f3mulos.<\/p>\n\n\n\n<h2 class=\"wp-block-heading\">31. Pelo Largo Liso Con Flequillo Crescent Largo<\/h2>\n\n\n\n<figure class=\"wp-block-image size-full\"><div style=\"position: relative;\"><noscript><img loading=\"lazy\" decoding=\"async\" width=\"1080\" height=\"1350\" src=\"https:\/\/flawlesshair.com\/wp-content\/uploads\/2023\/07\/31.-long-straight-hair-with-long-crescent-bangs.jpg\" alt=\"pelo largo y liso con flequillo largo de media luna\" class=\"wp-image-35433\" srcset=\"https:\/\/flawlesshair.com\/wp-content\/uploads\/2023\/07\/31.-long-straight-hair-with-long-crescent-bangs.jpg 1080w, https:\/\/flawlesshair.com\/wp-content\/uploads\/2023\/07\/31.-long-straight-hair-with-long-crescent-bangs-240x300.jpg 240w, https:\/\/flawlesshair.com\/wp-content\/uploads\/2023\/07\/31.-long-straight-hair-with-long-crescent-bangs-768x960.jpg 768w, https:\/\/flawlesshair.com\/wp-content\/uploads\/2023\/07\/31.-long-straight-hair-with-long-crescent-bangs-10x12.jpg 10w, https:\/\/flawlesshair.com\/wp-content\/uploads\/2023\/07\/31.-long-straight-hair-with-long-crescent-bangs-864x1080.jpg 864w, https:\/\/flawlesshair.com\/wp-content\/uploads\/2023\/07\/31.-long-straight-hair-with-long-crescent-bangs-960x1200.jpg 960w, https:\/\/flawlesshair.com\/wp-content\/uploads\/2023\/07\/31.-long-straight-hair-with-long-crescent-bangs-150x188.jpg 150w\" sizes=\"auto, (max-width: 760px) calc(100vw - 24px), 720px\"><\/noscript><img loading=\"lazy\" decoding=\"async\" width=\"1080\" height=\"1350\" src=\"https:\/\/flawlesshair.com\/wp-content\/uploads\/2023\/07\/31.-long-straight-hair-with-long-crescent-bangs.jpg\" alt=\"pelo largo y liso con flequillo largo de media luna\" class=\"wp-image-35433 lazyload\" srcset=\"https:\/\/flawlesshair.com\/wp-content\/uploads\/2023\/07\/31.-long-straight-hair-with-long-crescent-bangs.jpg 1080w, https:\/\/flawlesshair.com\/wp-content\/uploads\/2023\/07\/31.-long-straight-hair-with-long-crescent-bangs-240x300.jpg 240w, https:\/\/flawlesshair.com\/wp-content\/uploads\/2023\/07\/31.-long-straight-hair-with-long-crescent-bangs-768x960.jpg 768w, https:\/\/flawlesshair.com\/wp-content\/uploads\/2023\/07\/31.-long-straight-hair-with-long-crescent-bangs-10x12.jpg 10w, https:\/\/flawlesshair.com\/wp-content\/uploads\/2023\/07\/31.-long-straight-hair-with-long-crescent-bangs-864x1080.jpg 864w, https:\/\/flawlesshair.com\/wp-content\/uploads\/2023\/07\/31.-long-straight-hair-with-long-crescent-bangs-960x1200.jpg 960w, https:\/\/flawlesshair.com\/wp-content\/uploads\/2023\/07\/31.-long-straight-hair-with-long-crescent-bangs-150x188.jpg 150w\" sizes=\"auto, (max-width: 760px) calc(100vw - 24px), 720px\" data-pin-media=\"https:\/\/flawlesshair.com\/wp-content\/uploads\/2023\/07\/31.-long-straight-hair-with-long-crescent-bangs.jpg\" id=\"mv-trellis-img-31\" data-trellis-processed=\"1\"><div style=\"position: absolute; top: 0.5rem; right: 0.75rem;\"> <a href=\"https:\/\/www.pinterest.com\/pin\/create\/button\/\" data-pin-do=\"buttonPin\" data-pin-tall=\"true\" data-pin-url=\"https:\/\/flawlesshair.com\/es\/flequillo-para-cara-ovalada\/\" data-pin-media=\"https:\/\/flawlesshair.com\/wp-content\/uploads\/2023\/07\/31.-long-straight-hair-with-long-crescent-bangs.jpg\" data-pin-description=\"50 Hairstyles With Bangs For Oval Face\" rel=\"nofollow noopener\" target=\"_blank\"> <\/a><\/div><\/div><figcaption class=\"wp-element-caption\"><a href=\"http:\/\/www.instagram.com\/rodrigues_ricardo\" target=\"_blank\" rel=\"noreferrer noopener nofollow\">@rodrigues_ricardo<\/a><\/figcaption><\/figure>\n\n\n\n<p>Los flequillos gruesos tienden a sobrecargar la mayor\u00eda de las formas de cara, pero no un rostro ovalado. Como las proporciones de tu rostro est\u00e1n equilibradas, puedes llevarlo sin cuidado.<\/p>\n\n\n\n<h2 class=\"wp-block-heading\">32. Pelo largo y rizado con flequillo<\/h2>\n\n\n\n<figure class=\"wp-block-image size-full\"><div style=\"position: relative;\"><noscript><img loading=\"lazy\" decoding=\"async\" width=\"1080\" height=\"1350\" src=\"https:\/\/flawlesshair.com\/wp-content\/uploads\/2023\/07\/32.-long-curly-hair-with-full-fringe.jpg\" alt=\"pelo largo y rizado con flequillo\" class=\"wp-image-35434\" srcset=\"https:\/\/flawlesshair.com\/wp-content\/uploads\/2023\/07\/32.-long-curly-hair-with-full-fringe.jpg 1080w, https:\/\/flawlesshair.com\/wp-content\/uploads\/2023\/07\/32.-long-curly-hair-with-full-fringe-240x300.jpg 240w, https:\/\/flawlesshair.com\/wp-content\/uploads\/2023\/07\/32.-long-curly-hair-with-full-fringe-768x960.jpg 768w, https:\/\/flawlesshair.com\/wp-content\/uploads\/2023\/07\/32.-long-curly-hair-with-full-fringe-10x12.jpg 10w, https:\/\/flawlesshair.com\/wp-content\/uploads\/2023\/07\/32.-long-curly-hair-with-full-fringe-864x1080.jpg 864w, https:\/\/flawlesshair.com\/wp-content\/uploads\/2023\/07\/32.-long-curly-hair-with-full-fringe-960x1200.jpg 960w, https:\/\/flawlesshair.com\/wp-content\/uploads\/2023\/07\/32.-long-curly-hair-with-full-fringe-150x188.jpg 150w\" sizes=\"auto, (max-width: 760px) calc(100vw - 24px), 720px\"><\/noscript><img loading=\"lazy\" decoding=\"async\" width=\"1080\" height=\"1350\" src=\"https:\/\/flawlesshair.com\/wp-content\/uploads\/2023\/07\/32.-long-curly-hair-with-full-fringe.jpg\" alt=\"pelo largo y rizado con flequillo\" class=\"wp-image-35434 lazyload\" srcset=\"https:\/\/flawlesshair.com\/wp-content\/uploads\/2023\/07\/32.-long-curly-hair-with-full-fringe.jpg 1080w, https:\/\/flawlesshair.com\/wp-content\/uploads\/2023\/07\/32.-long-curly-hair-with-full-fringe-240x300.jpg 240w, https:\/\/flawlesshair.com\/wp-content\/uploads\/2023\/07\/32.-long-curly-hair-with-full-fringe-768x960.jpg 768w, https:\/\/flawlesshair.com\/wp-content\/uploads\/2023\/07\/32.-long-curly-hair-with-full-fringe-10x12.jpg 10w, https:\/\/flawlesshair.com\/wp-content\/uploads\/2023\/07\/32.-long-curly-hair-with-full-fringe-864x1080.jpg 864w, https:\/\/flawlesshair.com\/wp-content\/uploads\/2023\/07\/32.-long-curly-hair-with-full-fringe-960x1200.jpg 960w, https:\/\/flawlesshair.com\/wp-content\/uploads\/2023\/07\/32.-long-curly-hair-with-full-fringe-150x188.jpg 150w\" sizes=\"auto, (max-width: 760px) calc(100vw - 24px), 720px\" data-pin-media=\"https:\/\/flawlesshair.com\/wp-content\/uploads\/2023\/07\/32.-long-curly-hair-with-full-fringe.jpg\" id=\"mv-trellis-img-32\" data-trellis-processed=\"1\"><div style=\"position: absolute; top: 0.5rem; right: 0.75rem;\"> <a href=\"https:\/\/www.pinterest.com\/pin\/create\/button\/\" data-pin-do=\"buttonPin\" data-pin-tall=\"true\" data-pin-url=\"https:\/\/flawlesshair.com\/es\/flequillo-para-cara-ovalada\/\" data-pin-media=\"https:\/\/flawlesshair.com\/wp-content\/uploads\/2023\/07\/32.-long-curly-hair-with-full-fringe.jpg\" data-pin-description=\"50 Hairstyles With Bangs For Oval Face\" rel=\"nofollow noopener\" target=\"_blank\"> <\/a><\/div><\/div><figcaption class=\"wp-element-caption\"><a href=\"http:\/\/www.instagram.com\/nunzio_nyc1\" target=\"_blank\" rel=\"noreferrer noopener nofollow\">@nunzio_nyc1<\/a><\/figcaption><\/figure>\n\n\n\n<p>El flequillo largo y ondulado no es s\u00f3lo para el pelo liso: estos encantadores mechones rizados combinan bien con las capas continuas y contrastan con los reflejos de todo el cabello.<\/p>\n\n\n\n<h2 class=\"wp-block-heading\">33. Largas capas con flequillo cortina<\/h2>\n\n\n\n<figure class=\"wp-block-image size-full\"><div style=\"position: relative;\"><noscript><img loading=\"lazy\" decoding=\"async\" width=\"1080\" height=\"1350\" src=\"https:\/\/flawlesshair.com\/wp-content\/uploads\/2023\/07\/33.-long-layers-with-curtain-bangs.jpg\" alt=\"capas largas con flequillo cortina\" class=\"wp-image-35435\" srcset=\"https:\/\/flawlesshair.com\/wp-content\/uploads\/2023\/07\/33.-long-layers-with-curtain-bangs.jpg 1080w, https:\/\/flawlesshair.com\/wp-content\/uploads\/2023\/07\/33.-long-layers-with-curtain-bangs-240x300.jpg 240w, https:\/\/flawlesshair.com\/wp-content\/uploads\/2023\/07\/33.-long-layers-with-curtain-bangs-768x960.jpg 768w, https:\/\/flawlesshair.com\/wp-content\/uploads\/2023\/07\/33.-long-layers-with-curtain-bangs-10x12.jpg 10w, https:\/\/flawlesshair.com\/wp-content\/uploads\/2023\/07\/33.-long-layers-with-curtain-bangs-864x1080.jpg 864w, https:\/\/flawlesshair.com\/wp-content\/uploads\/2023\/07\/33.-long-layers-with-curtain-bangs-960x1200.jpg 960w, https:\/\/flawlesshair.com\/wp-content\/uploads\/2023\/07\/33.-long-layers-with-curtain-bangs-150x188.jpg 150w\" sizes=\"auto, (max-width: 760px) calc(100vw - 24px), 720px\"><\/noscript><img loading=\"lazy\" decoding=\"async\" width=\"1080\" height=\"1350\" src=\"https:\/\/flawlesshair.com\/wp-content\/uploads\/2023\/07\/33.-long-layers-with-curtain-bangs.jpg\" alt=\"capas largas con flequillo cortina\" class=\"wp-image-35435 lazyload\" srcset=\"https:\/\/flawlesshair.com\/wp-content\/uploads\/2023\/07\/33.-long-layers-with-curtain-bangs.jpg 1080w, https:\/\/flawlesshair.com\/wp-content\/uploads\/2023\/07\/33.-long-layers-with-curtain-bangs-240x300.jpg 240w, https:\/\/flawlesshair.com\/wp-content\/uploads\/2023\/07\/33.-long-layers-with-curtain-bangs-768x960.jpg 768w, https:\/\/flawlesshair.com\/wp-content\/uploads\/2023\/07\/33.-long-layers-with-curtain-bangs-10x12.jpg 10w, https:\/\/flawlesshair.com\/wp-content\/uploads\/2023\/07\/33.-long-layers-with-curtain-bangs-864x1080.jpg 864w, https:\/\/flawlesshair.com\/wp-content\/uploads\/2023\/07\/33.-long-layers-with-curtain-bangs-960x1200.jpg 960w, https:\/\/flawlesshair.com\/wp-content\/uploads\/2023\/07\/33.-long-layers-with-curtain-bangs-150x188.jpg 150w\" sizes=\"auto, (max-width: 760px) calc(100vw - 24px), 720px\" data-pin-media=\"https:\/\/flawlesshair.com\/wp-content\/uploads\/2023\/07\/33.-long-layers-with-curtain-bangs.jpg\" id=\"mv-trellis-img-33\" data-trellis-processed=\"1\"><div style=\"position: absolute; top: 0.5rem; right: 0.75rem;\"> <a href=\"https:\/\/www.pinterest.com\/pin\/create\/button\/\" data-pin-do=\"buttonPin\" data-pin-tall=\"true\" data-pin-url=\"https:\/\/flawlesshair.com\/es\/flequillo-para-cara-ovalada\/\" data-pin-media=\"https:\/\/flawlesshair.com\/wp-content\/uploads\/2023\/07\/33.-long-layers-with-curtain-bangs.jpg\" data-pin-description=\"50 Hairstyles With Bangs For Oval Face\" rel=\"nofollow noopener\" target=\"_blank\"> <\/a><\/div><\/div><figcaption class=\"wp-element-caption\"><a href=\"http:\/\/www.instagram.com\/stanleyman001\" target=\"_blank\" rel=\"noreferrer noopener nofollow\">@stanleyman001<\/a><\/figcaption><\/figure>\n\n\n\n<p>Las capas fluidas y el flequillo largo de cortina que caen libremente por la cara te har\u00e1n sentir guap\u00edsima, pero este peinado no se consigue sin esfuerzo. <\/p>\n\n\n\n<h2 class=\"wp-block-heading\">34. Pelo largo con puntas cortadas y flequillo largo<\/h2>\n\n\n\n<figure class=\"wp-block-image size-full\"><div style=\"position: relative;\"><noscript><img loading=\"lazy\" decoding=\"async\" width=\"1440\" height=\"1616\" src=\"https:\/\/flawlesshair.com\/wp-content\/uploads\/2023\/07\/34.-long-hair-with-choppy-ends-and-long-bangs.jpg\" alt=\"pelo largo con puntas cortadas y flequillo largo\" class=\"wp-image-35436\" srcset=\"https:\/\/flawlesshair.com\/wp-content\/uploads\/2023\/07\/34.-long-hair-with-choppy-ends-and-long-bangs.jpg 1440w, https:\/\/flawlesshair.com\/wp-content\/uploads\/2023\/07\/34.-long-hair-with-choppy-ends-and-long-bangs-267x300.jpg 267w, https:\/\/flawlesshair.com\/wp-content\/uploads\/2023\/07\/34.-long-hair-with-choppy-ends-and-long-bangs-768x862.jpg 768w, https:\/\/flawlesshair.com\/wp-content\/uploads\/2023\/07\/34.-long-hair-with-choppy-ends-and-long-bangs-11x12.jpg 11w, https:\/\/flawlesshair.com\/wp-content\/uploads\/2023\/07\/34.-long-hair-with-choppy-ends-and-long-bangs-855x960.jpg 855w, https:\/\/flawlesshair.com\/wp-content\/uploads\/2023\/07\/34.-long-hair-with-choppy-ends-and-long-bangs-962x1080.jpg 962w, https:\/\/flawlesshair.com\/wp-content\/uploads\/2023\/07\/34.-long-hair-with-choppy-ends-and-long-bangs-1069x1200.jpg 1069w, https:\/\/flawlesshair.com\/wp-content\/uploads\/2023\/07\/34.-long-hair-with-choppy-ends-and-long-bangs-150x168.jpg 150w\" sizes=\"auto, (max-width: 760px) calc(100vw - 24px), 720px\"><\/noscript><img loading=\"lazy\" decoding=\"async\" width=\"1440\" height=\"1616\" src=\"https:\/\/flawlesshair.com\/wp-content\/uploads\/2023\/07\/34.-long-hair-with-choppy-ends-and-long-bangs.jpg\" alt=\"pelo largo con puntas cortadas y flequillo largo\" class=\"wp-image-35436 lazyload\" srcset=\"https:\/\/flawlesshair.com\/wp-content\/uploads\/2023\/07\/34.-long-hair-with-choppy-ends-and-long-bangs.jpg 1440w, https:\/\/flawlesshair.com\/wp-content\/uploads\/2023\/07\/34.-long-hair-with-choppy-ends-and-long-bangs-267x300.jpg 267w, https:\/\/flawlesshair.com\/wp-content\/uploads\/2023\/07\/34.-long-hair-with-choppy-ends-and-long-bangs-768x862.jpg 768w, https:\/\/flawlesshair.com\/wp-content\/uploads\/2023\/07\/34.-long-hair-with-choppy-ends-and-long-bangs-11x12.jpg 11w, https:\/\/flawlesshair.com\/wp-content\/uploads\/2023\/07\/34.-long-hair-with-choppy-ends-and-long-bangs-855x960.jpg 855w, https:\/\/flawlesshair.com\/wp-content\/uploads\/2023\/07\/34.-long-hair-with-choppy-ends-and-long-bangs-962x1080.jpg 962w, https:\/\/flawlesshair.com\/wp-content\/uploads\/2023\/07\/34.-long-hair-with-choppy-ends-and-long-bangs-1069x1200.jpg 1069w, https:\/\/flawlesshair.com\/wp-content\/uploads\/2023\/07\/34.-long-hair-with-choppy-ends-and-long-bangs-150x168.jpg 150w\" sizes=\"auto, (max-width: 760px) calc(100vw - 24px), 720px\" data-pin-media=\"https:\/\/flawlesshair.com\/wp-content\/uploads\/2023\/07\/34.-long-hair-with-choppy-ends-and-long-bangs.jpg\" id=\"mv-trellis-img-34\" data-trellis-processed=\"1\"><div style=\"position: absolute; top: 0.5rem; right: 0.75rem;\"> <a href=\"https:\/\/www.pinterest.com\/pin\/create\/button\/\" data-pin-do=\"buttonPin\" data-pin-tall=\"true\" data-pin-url=\"https:\/\/flawlesshair.com\/es\/flequillo-para-cara-ovalada\/\" data-pin-media=\"https:\/\/flawlesshair.com\/wp-content\/uploads\/2023\/07\/34.-long-hair-with-choppy-ends-and-long-bangs.jpg\" data-pin-description=\"50 Hairstyles With Bangs For Oval Face\" rel=\"nofollow noopener\" target=\"_blank\"> <\/a><\/div><\/div><figcaption class=\"wp-element-caption\"><a href=\"https:\/\/www.facebook.com\/stebunovhair\" target=\"_blank\" rel=\"noreferrer noopener nofollow\">@stebunovhair<\/a><\/figcaption><\/figure>\n\n\n\n<p>Si tienes el pelo grueso y quieres hacerlo m\u00e1s ligero sin comprometer ese aspecto grueso, las capas entrecortadas que a\u00f1aden textura son justo lo que necesitas.<\/p>\n\n\n\n<h2 class=\"wp-block-heading\">35. Bob recortado con flequillo despuntado<\/h2>\n\n\n\n<figure class=\"wp-block-image size-full\"><div style=\"position: relative;\"><noscript><img loading=\"lazy\" decoding=\"async\" width=\"1440\" height=\"1800\" src=\"https:\/\/flawlesshair.com\/wp-content\/uploads\/2023\/07\/35.-choppy-bob-with-blunt-bangs.jpg\" alt=\"bob recortado con flequillo despuntado\" class=\"wp-image-35437\" srcset=\"https:\/\/flawlesshair.com\/wp-content\/uploads\/2023\/07\/35.-choppy-bob-with-blunt-bangs.jpg 1440w, https:\/\/flawlesshair.com\/wp-content\/uploads\/2023\/07\/35.-choppy-bob-with-blunt-bangs-240x300.jpg 240w, https:\/\/flawlesshair.com\/wp-content\/uploads\/2023\/07\/35.-choppy-bob-with-blunt-bangs-768x960.jpg 768w, https:\/\/flawlesshair.com\/wp-content\/uploads\/2023\/07\/35.-choppy-bob-with-blunt-bangs-10x12.jpg 10w, https:\/\/flawlesshair.com\/wp-content\/uploads\/2023\/07\/35.-choppy-bob-with-blunt-bangs-864x1080.jpg 864w, https:\/\/flawlesshair.com\/wp-content\/uploads\/2023\/07\/35.-choppy-bob-with-blunt-bangs-960x1200.jpg 960w, https:\/\/flawlesshair.com\/wp-content\/uploads\/2023\/07\/35.-choppy-bob-with-blunt-bangs-150x188.jpg 150w\" sizes=\"auto, (max-width: 760px) calc(100vw - 24px), 720px\"><\/noscript><img loading=\"lazy\" decoding=\"async\" width=\"1440\" height=\"1800\" src=\"https:\/\/flawlesshair.com\/wp-content\/uploads\/2023\/07\/35.-choppy-bob-with-blunt-bangs.jpg\" alt=\"bob recortado con flequillo despuntado\" class=\"wp-image-35437 lazyload\" srcset=\"https:\/\/flawlesshair.com\/wp-content\/uploads\/2023\/07\/35.-choppy-bob-with-blunt-bangs.jpg 1440w, https:\/\/flawlesshair.com\/wp-content\/uploads\/2023\/07\/35.-choppy-bob-with-blunt-bangs-240x300.jpg 240w, https:\/\/flawlesshair.com\/wp-content\/uploads\/2023\/07\/35.-choppy-bob-with-blunt-bangs-768x960.jpg 768w, https:\/\/flawlesshair.com\/wp-content\/uploads\/2023\/07\/35.-choppy-bob-with-blunt-bangs-10x12.jpg 10w, https:\/\/flawlesshair.com\/wp-content\/uploads\/2023\/07\/35.-choppy-bob-with-blunt-bangs-864x1080.jpg 864w, https:\/\/flawlesshair.com\/wp-content\/uploads\/2023\/07\/35.-choppy-bob-with-blunt-bangs-960x1200.jpg 960w, https:\/\/flawlesshair.com\/wp-content\/uploads\/2023\/07\/35.-choppy-bob-with-blunt-bangs-150x188.jpg 150w\" sizes=\"auto, (max-width: 760px) calc(100vw - 24px), 720px\" data-pin-media=\"https:\/\/flawlesshair.com\/wp-content\/uploads\/2023\/07\/35.-choppy-bob-with-blunt-bangs.jpg\" id=\"mv-trellis-img-35\" data-trellis-processed=\"1\"><div style=\"position: absolute; top: 0.5rem; right: 0.75rem;\"> <a href=\"https:\/\/www.pinterest.com\/pin\/create\/button\/\" data-pin-do=\"buttonPin\" data-pin-tall=\"true\" data-pin-url=\"https:\/\/flawlesshair.com\/es\/flequillo-para-cara-ovalada\/\" data-pin-media=\"https:\/\/flawlesshair.com\/wp-content\/uploads\/2023\/07\/35.-choppy-bob-with-blunt-bangs.jpg\" data-pin-description=\"50 Hairstyles With Bangs For Oval Face\" rel=\"nofollow noopener\" target=\"_blank\"> <\/a><\/div><\/div><figcaption class=\"wp-element-caption\"><a href=\"http:\/\/www.instagram.com\/yukistylist\" target=\"_blank\" rel=\"noreferrer noopener nofollow\">@yukistylist<\/a><\/figcaption><\/figure>\n\n\n\n<p>S\u00f3lo un rostro ovalado puede lucir sin esfuerzo un flequillo corto despuntado, as\u00ed que si ese es tu estilo puedes llevarlo como prefieras.<\/p>\n\n\n\n<h2 class=\"wp-block-heading\">36. Pelo largo con flequillo fino y despuntado<\/h2>\n\n\n\n<figure class=\"wp-block-image size-full\"><div style=\"position: relative;\"><noscript><img loading=\"lazy\" decoding=\"async\" width=\"1440\" height=\"1800\" src=\"https:\/\/flawlesshair.com\/wp-content\/uploads\/2023\/07\/36.-long-hair-with-thin-blunt-bangs.jpg\" alt=\"pelo largo con flequillo fino y despuntado\" class=\"wp-image-35438\" srcset=\"https:\/\/flawlesshair.com\/wp-content\/uploads\/2023\/07\/36.-long-hair-with-thin-blunt-bangs.jpg 1440w, https:\/\/flawlesshair.com\/wp-content\/uploads\/2023\/07\/36.-long-hair-with-thin-blunt-bangs-240x300.jpg 240w, https:\/\/flawlesshair.com\/wp-content\/uploads\/2023\/07\/36.-long-hair-with-thin-blunt-bangs-768x960.jpg 768w, https:\/\/flawlesshair.com\/wp-content\/uploads\/2023\/07\/36.-long-hair-with-thin-blunt-bangs-10x12.jpg 10w, https:\/\/flawlesshair.com\/wp-content\/uploads\/2023\/07\/36.-long-hair-with-thin-blunt-bangs-864x1080.jpg 864w, https:\/\/flawlesshair.com\/wp-content\/uploads\/2023\/07\/36.-long-hair-with-thin-blunt-bangs-960x1200.jpg 960w, https:\/\/flawlesshair.com\/wp-content\/uploads\/2023\/07\/36.-long-hair-with-thin-blunt-bangs-150x188.jpg 150w\" sizes=\"auto, (max-width: 760px) calc(100vw - 24px), 720px\"><\/noscript><img loading=\"lazy\" decoding=\"async\" width=\"1440\" height=\"1800\" src=\"https:\/\/flawlesshair.com\/wp-content\/uploads\/2023\/07\/36.-long-hair-with-thin-blunt-bangs.jpg\" alt=\"pelo largo con flequillo fino y despuntado\" class=\"wp-image-35438 lazyload\" srcset=\"https:\/\/flawlesshair.com\/wp-content\/uploads\/2023\/07\/36.-long-hair-with-thin-blunt-bangs.jpg 1440w, https:\/\/flawlesshair.com\/wp-content\/uploads\/2023\/07\/36.-long-hair-with-thin-blunt-bangs-240x300.jpg 240w, https:\/\/flawlesshair.com\/wp-content\/uploads\/2023\/07\/36.-long-hair-with-thin-blunt-bangs-768x960.jpg 768w, https:\/\/flawlesshair.com\/wp-content\/uploads\/2023\/07\/36.-long-hair-with-thin-blunt-bangs-10x12.jpg 10w, https:\/\/flawlesshair.com\/wp-content\/uploads\/2023\/07\/36.-long-hair-with-thin-blunt-bangs-864x1080.jpg 864w, https:\/\/flawlesshair.com\/wp-content\/uploads\/2023\/07\/36.-long-hair-with-thin-blunt-bangs-960x1200.jpg 960w, https:\/\/flawlesshair.com\/wp-content\/uploads\/2023\/07\/36.-long-hair-with-thin-blunt-bangs-150x188.jpg 150w\" sizes=\"auto, (max-width: 760px) calc(100vw - 24px), 720px\" data-pin-media=\"https:\/\/flawlesshair.com\/wp-content\/uploads\/2023\/07\/36.-long-hair-with-thin-blunt-bangs.jpg\" id=\"mv-trellis-img-36\" data-trellis-processed=\"1\"><div style=\"position: absolute; top: 0.5rem; right: 0.75rem;\"> <a href=\"https:\/\/www.pinterest.com\/pin\/create\/button\/\" data-pin-do=\"buttonPin\" data-pin-tall=\"true\" data-pin-url=\"https:\/\/flawlesshair.com\/es\/flequillo-para-cara-ovalada\/\" data-pin-media=\"https:\/\/flawlesshair.com\/wp-content\/uploads\/2023\/07\/36.-long-hair-with-thin-blunt-bangs.jpg\" data-pin-description=\"50 Hairstyles With Bangs For Oval Face\" rel=\"nofollow noopener\" target=\"_blank\"> <\/a><\/div><\/div><figcaption class=\"wp-element-caption\"><a href=\"http:\/\/www.instagram.com\/hirohair\" target=\"_blank\" rel=\"noreferrer noopener nofollow\">@hirohair<\/a><\/figcaption><\/figure>\n\n\n\n<p>Las capas cortadas a\u00f1aden textura y movimiento al pelo largo y le dan un toque especial. Si se combinan con un flequillo cl\u00e1sico, las puntas desiguales crean contraste e inter\u00e9s visual.<\/p>\n\n\n\n<h2 class=\"wp-block-heading\">37. Pelo a capas con flequillo Bardot<\/h2>\n\n\n\n<figure class=\"wp-block-image size-full\"><div style=\"position: relative;\"><noscript><img loading=\"lazy\" decoding=\"async\" width=\"1080\" height=\"1276\" src=\"https:\/\/flawlesshair.com\/wp-content\/uploads\/2023\/07\/37.-layered-hair-with-bardot-bangs.jpg\" alt=\"pelo a capas con flequillo bardot\" class=\"wp-image-35439\" srcset=\"https:\/\/flawlesshair.com\/wp-content\/uploads\/2023\/07\/37.-layered-hair-with-bardot-bangs.jpg 1080w, https:\/\/flawlesshair.com\/wp-content\/uploads\/2023\/07\/37.-layered-hair-with-bardot-bangs-254x300.jpg 254w, https:\/\/flawlesshair.com\/wp-content\/uploads\/2023\/07\/37.-layered-hair-with-bardot-bangs-768x907.jpg 768w, https:\/\/flawlesshair.com\/wp-content\/uploads\/2023\/07\/37.-layered-hair-with-bardot-bangs-10x12.jpg 10w, https:\/\/flawlesshair.com\/wp-content\/uploads\/2023\/07\/37.-layered-hair-with-bardot-bangs-813x960.jpg 813w, https:\/\/flawlesshair.com\/wp-content\/uploads\/2023\/07\/37.-layered-hair-with-bardot-bangs-914x1080.jpg 914w, https:\/\/flawlesshair.com\/wp-content\/uploads\/2023\/07\/37.-layered-hair-with-bardot-bangs-1016x1200.jpg 1016w, https:\/\/flawlesshair.com\/wp-content\/uploads\/2023\/07\/37.-layered-hair-with-bardot-bangs-150x177.jpg 150w\" sizes=\"auto, (max-width: 760px) calc(100vw - 24px), 720px\"><\/noscript><img loading=\"lazy\" decoding=\"async\" width=\"1080\" height=\"1276\" src=\"https:\/\/flawlesshair.com\/wp-content\/uploads\/2023\/07\/37.-layered-hair-with-bardot-bangs.jpg\" alt=\"pelo a capas con flequillo bardot\" class=\"wp-image-35439 lazyload\" srcset=\"https:\/\/flawlesshair.com\/wp-content\/uploads\/2023\/07\/37.-layered-hair-with-bardot-bangs.jpg 1080w, https:\/\/flawlesshair.com\/wp-content\/uploads\/2023\/07\/37.-layered-hair-with-bardot-bangs-254x300.jpg 254w, https:\/\/flawlesshair.com\/wp-content\/uploads\/2023\/07\/37.-layered-hair-with-bardot-bangs-768x907.jpg 768w, https:\/\/flawlesshair.com\/wp-content\/uploads\/2023\/07\/37.-layered-hair-with-bardot-bangs-10x12.jpg 10w, https:\/\/flawlesshair.com\/wp-content\/uploads\/2023\/07\/37.-layered-hair-with-bardot-bangs-813x960.jpg 813w, https:\/\/flawlesshair.com\/wp-content\/uploads\/2023\/07\/37.-layered-hair-with-bardot-bangs-914x1080.jpg 914w, https:\/\/flawlesshair.com\/wp-content\/uploads\/2023\/07\/37.-layered-hair-with-bardot-bangs-1016x1200.jpg 1016w, https:\/\/flawlesshair.com\/wp-content\/uploads\/2023\/07\/37.-layered-hair-with-bardot-bangs-150x177.jpg 150w\" sizes=\"auto, (max-width: 760px) calc(100vw - 24px), 720px\" data-pin-media=\"https:\/\/flawlesshair.com\/wp-content\/uploads\/2023\/07\/37.-layered-hair-with-bardot-bangs.jpg\" id=\"mv-trellis-img-37\" data-trellis-processed=\"1\"><div style=\"position: absolute; top: 0.5rem; right: 0.75rem;\"> <a href=\"https:\/\/www.pinterest.com\/pin\/create\/button\/\" data-pin-do=\"buttonPin\" data-pin-tall=\"true\" data-pin-url=\"https:\/\/flawlesshair.com\/es\/flequillo-para-cara-ovalada\/\" data-pin-media=\"https:\/\/flawlesshair.com\/wp-content\/uploads\/2023\/07\/37.-layered-hair-with-bardot-bangs.jpg\" data-pin-description=\"50 Hairstyles With Bangs For Oval Face\" rel=\"nofollow noopener\" target=\"_blank\"> <\/a><\/div><\/div><figcaption class=\"wp-element-caption\"><a href=\"http:\/\/www.instagram.com\/shoji.i\" target=\"_blank\" rel=\"noreferrer noopener nofollow\">@shoji.i<\/a><\/figcaption><\/figure>\n\n\n\n<p>El pelo largo a capas se puede peinar de cualquier forma que imagines, pero la manera m\u00e1s f\u00e1cil de llevarlo es siguiendo la textura natural de tu cabello.<\/p>\n\n\n\n<h2 class=\"wp-block-heading\">38. Pelo Medio Cortado con Flequillo a Trozos<\/h2>\n\n\n\n<figure class=\"wp-block-image size-full\"><div style=\"position: relative;\"><noscript><img loading=\"lazy\" decoding=\"async\" width=\"1241\" height=\"1241\" src=\"https:\/\/flawlesshair.com\/wp-content\/uploads\/2023\/07\/38.-choppy-medium-hair-with-piecey-bangs.jpg\" alt=\"media melena cortada con flequillo a trozos\" class=\"wp-image-35440\" srcset=\"https:\/\/flawlesshair.com\/wp-content\/uploads\/2023\/07\/38.-choppy-medium-hair-with-piecey-bangs.jpg 1241w, https:\/\/flawlesshair.com\/wp-content\/uploads\/2023\/07\/38.-choppy-medium-hair-with-piecey-bangs-300x300.jpg 300w, https:\/\/flawlesshair.com\/wp-content\/uploads\/2023\/07\/38.-choppy-medium-hair-with-piecey-bangs-150x150.jpg 150w, https:\/\/flawlesshair.com\/wp-content\/uploads\/2023\/07\/38.-choppy-medium-hair-with-piecey-bangs-768x768.jpg 768w, https:\/\/flawlesshair.com\/wp-content\/uploads\/2023\/07\/38.-choppy-medium-hair-with-piecey-bangs-12x12.jpg 12w, https:\/\/flawlesshair.com\/wp-content\/uploads\/2023\/07\/38.-choppy-medium-hair-with-piecey-bangs-728x728.jpg 728w, https:\/\/flawlesshair.com\/wp-content\/uploads\/2023\/07\/38.-choppy-medium-hair-with-piecey-bangs-960x960.jpg 960w, https:\/\/flawlesshair.com\/wp-content\/uploads\/2023\/07\/38.-choppy-medium-hair-with-piecey-bangs-1080x1080.jpg 1080w, https:\/\/flawlesshair.com\/wp-content\/uploads\/2023\/07\/38.-choppy-medium-hair-with-piecey-bangs-1200x1200.jpg 1200w, https:\/\/flawlesshair.com\/wp-content\/uploads\/2023\/07\/38.-choppy-medium-hair-with-piecey-bangs-96x96.jpg 96w\" sizes=\"auto, (max-width: 760px) calc(100vw - 24px), 720px\"><\/noscript><img loading=\"lazy\" decoding=\"async\" width=\"1241\" height=\"1241\" src=\"https:\/\/flawlesshair.com\/wp-content\/uploads\/2023\/07\/38.-choppy-medium-hair-with-piecey-bangs.jpg\" alt=\"media melena cortada con flequillo a trozos\" class=\"wp-image-35440 lazyload\" srcset=\"https:\/\/flawlesshair.com\/wp-content\/uploads\/2023\/07\/38.-choppy-medium-hair-with-piecey-bangs.jpg 1241w, https:\/\/flawlesshair.com\/wp-content\/uploads\/2023\/07\/38.-choppy-medium-hair-with-piecey-bangs-300x300.jpg 300w, https:\/\/flawlesshair.com\/wp-content\/uploads\/2023\/07\/38.-choppy-medium-hair-with-piecey-bangs-150x150.jpg 150w, https:\/\/flawlesshair.com\/wp-content\/uploads\/2023\/07\/38.-choppy-medium-hair-with-piecey-bangs-768x768.jpg 768w, https:\/\/flawlesshair.com\/wp-content\/uploads\/2023\/07\/38.-choppy-medium-hair-with-piecey-bangs-12x12.jpg 12w, https:\/\/flawlesshair.com\/wp-content\/uploads\/2023\/07\/38.-choppy-medium-hair-with-piecey-bangs-728x728.jpg 728w, https:\/\/flawlesshair.com\/wp-content\/uploads\/2023\/07\/38.-choppy-medium-hair-with-piecey-bangs-960x960.jpg 960w, https:\/\/flawlesshair.com\/wp-content\/uploads\/2023\/07\/38.-choppy-medium-hair-with-piecey-bangs-1080x1080.jpg 1080w, https:\/\/flawlesshair.com\/wp-content\/uploads\/2023\/07\/38.-choppy-medium-hair-with-piecey-bangs-1200x1200.jpg 1200w, https:\/\/flawlesshair.com\/wp-content\/uploads\/2023\/07\/38.-choppy-medium-hair-with-piecey-bangs-96x96.jpg 96w\" sizes=\"auto, (max-width: 760px) calc(100vw - 24px), 720px\" data-pin-media=\"https:\/\/flawlesshair.com\/wp-content\/uploads\/2023\/07\/38.-choppy-medium-hair-with-piecey-bangs.jpg\" id=\"mv-trellis-img-38\" data-trellis-processed=\"1\"><div style=\"position: absolute; top: 0.5rem; right: 0.75rem;\"> <a href=\"https:\/\/www.pinterest.com\/pin\/create\/button\/\" data-pin-do=\"buttonPin\" data-pin-tall=\"true\" data-pin-url=\"https:\/\/flawlesshair.com\/es\/flequillo-para-cara-ovalada\/\" data-pin-media=\"https:\/\/flawlesshair.com\/wp-content\/uploads\/2023\/07\/38.-choppy-medium-hair-with-piecey-bangs.jpg\" data-pin-description=\"50 Hairstyles With Bangs For Oval Face\" rel=\"nofollow noopener\" target=\"_blank\"> <\/a><\/div><\/div><figcaption class=\"wp-element-caption\"><a href=\"http:\/\/www.instagram.com\/shoji.i\" target=\"_blank\" rel=\"noreferrer noopener nofollow\">@shoji.i<\/a><\/figcaption><\/figure>\n\n\n\n<p>Estos bonitos flequillos que rozan las cejas contrastan con las puntas romas y hacen que todo el look resulte encantador y divertido.<\/p>\n\n\n\n<h2 class=\"wp-block-heading\">39. Pelo largo y voluminoso con flequillo lateral<\/h2>\n\n\n\n<figure class=\"wp-block-image size-full\"><div style=\"position: relative;\"><noscript><img loading=\"lazy\" decoding=\"async\" width=\"1080\" height=\"1349\" src=\"https:\/\/flawlesshair.com\/wp-content\/uploads\/2023\/07\/39.-long-voluminous-hair-with-side-bangs.jpg\" alt=\"pelo largo y voluminoso con flequillo lateral\" class=\"wp-image-35441\" srcset=\"https:\/\/flawlesshair.com\/wp-content\/uploads\/2023\/07\/39.-long-voluminous-hair-with-side-bangs.jpg 1080w, https:\/\/flawlesshair.com\/wp-content\/uploads\/2023\/07\/39.-long-voluminous-hair-with-side-bangs-240x300.jpg 240w, https:\/\/flawlesshair.com\/wp-content\/uploads\/2023\/07\/39.-long-voluminous-hair-with-side-bangs-768x959.jpg 768w, https:\/\/flawlesshair.com\/wp-content\/uploads\/2023\/07\/39.-long-voluminous-hair-with-side-bangs-10x12.jpg 10w, https:\/\/flawlesshair.com\/wp-content\/uploads\/2023\/07\/39.-long-voluminous-hair-with-side-bangs-769x960.jpg 769w, https:\/\/flawlesshair.com\/wp-content\/uploads\/2023\/07\/39.-long-voluminous-hair-with-side-bangs-865x1080.jpg 865w, https:\/\/flawlesshair.com\/wp-content\/uploads\/2023\/07\/39.-long-voluminous-hair-with-side-bangs-961x1200.jpg 961w, https:\/\/flawlesshair.com\/wp-content\/uploads\/2023\/07\/39.-long-voluminous-hair-with-side-bangs-150x187.jpg 150w\" sizes=\"auto, (max-width: 760px) calc(100vw - 24px), 720px\"><\/noscript><img loading=\"lazy\" decoding=\"async\" width=\"1080\" height=\"1349\" src=\"https:\/\/flawlesshair.com\/wp-content\/uploads\/2023\/07\/39.-long-voluminous-hair-with-side-bangs.jpg\" alt=\"pelo largo y voluminoso con flequillo lateral\" class=\"wp-image-35441 lazyload\" srcset=\"https:\/\/flawlesshair.com\/wp-content\/uploads\/2023\/07\/39.-long-voluminous-hair-with-side-bangs.jpg 1080w, https:\/\/flawlesshair.com\/wp-content\/uploads\/2023\/07\/39.-long-voluminous-hair-with-side-bangs-240x300.jpg 240w, https:\/\/flawlesshair.com\/wp-content\/uploads\/2023\/07\/39.-long-voluminous-hair-with-side-bangs-768x959.jpg 768w, https:\/\/flawlesshair.com\/wp-content\/uploads\/2023\/07\/39.-long-voluminous-hair-with-side-bangs-10x12.jpg 10w, https:\/\/flawlesshair.com\/wp-content\/uploads\/2023\/07\/39.-long-voluminous-hair-with-side-bangs-769x960.jpg 769w, https:\/\/flawlesshair.com\/wp-content\/uploads\/2023\/07\/39.-long-voluminous-hair-with-side-bangs-865x1080.jpg 865w, https:\/\/flawlesshair.com\/wp-content\/uploads\/2023\/07\/39.-long-voluminous-hair-with-side-bangs-961x1200.jpg 961w, https:\/\/flawlesshair.com\/wp-content\/uploads\/2023\/07\/39.-long-voluminous-hair-with-side-bangs-150x187.jpg 150w\" sizes=\"auto, (max-width: 760px) calc(100vw - 24px), 720px\" data-pin-media=\"https:\/\/flawlesshair.com\/wp-content\/uploads\/2023\/07\/39.-long-voluminous-hair-with-side-bangs.jpg\" id=\"mv-trellis-img-39\" data-trellis-processed=\"1\"><div style=\"position: absolute; top: 0.5rem; right: 0.75rem;\"> <a href=\"https:\/\/www.pinterest.com\/pin\/create\/button\/\" data-pin-do=\"buttonPin\" data-pin-tall=\"true\" data-pin-url=\"https:\/\/flawlesshair.com\/es\/flequillo-para-cara-ovalada\/\" data-pin-media=\"https:\/\/flawlesshair.com\/wp-content\/uploads\/2023\/07\/39.-long-voluminous-hair-with-side-bangs.jpg\" data-pin-description=\"50 Hairstyles With Bangs For Oval Face\" rel=\"nofollow noopener\" target=\"_blank\"> <\/a><\/div><\/div><figcaption class=\"wp-element-caption\"><a href=\"http:\/\/www.instagram.com\/bel_pipsqueekinsaigon\" target=\"_blank\" rel=\"noreferrer noopener nofollow\">@bel_pipsqueekinsaigon<\/a><\/figcaption><\/figure>\n\n\n\n<p>Este peinado est\u00e1 listo para la alfombra roja. El peinado voluminoso y el largo espectacular <a href=\"https:\/\/flawlesshair.com\/es\/peinados-con-flequillo-lateral\/\">flequillo lateral<\/a> son muy glamurosas y modernas.<\/p>\n\n\n\n<h2 class=\"wp-block-heading\">40. Bob cl\u00e1sico con flequillo<\/h2>\n\n\n\n<figure class=\"wp-block-image size-full\"><div style=\"position: relative;\"><noscript><img loading=\"lazy\" decoding=\"async\" width=\"1080\" height=\"1151\" src=\"https:\/\/flawlesshair.com\/wp-content\/uploads\/2023\/07\/40.-classic-bob-with-fringe.jpg\" alt=\"bob cl\u00e1sico con flequillo\" class=\"wp-image-35442\" srcset=\"https:\/\/flawlesshair.com\/wp-content\/uploads\/2023\/07\/40.-classic-bob-with-fringe.jpg 1080w, https:\/\/flawlesshair.com\/wp-content\/uploads\/2023\/07\/40.-classic-bob-with-fringe-281x300.jpg 281w, https:\/\/flawlesshair.com\/wp-content\/uploads\/2023\/07\/40.-classic-bob-with-fringe-768x818.jpg 768w, https:\/\/flawlesshair.com\/wp-content\/uploads\/2023\/07\/40.-classic-bob-with-fringe-11x12.jpg 11w, https:\/\/flawlesshair.com\/wp-content\/uploads\/2023\/07\/40.-classic-bob-with-fringe-901x960.jpg 901w, https:\/\/flawlesshair.com\/wp-content\/uploads\/2023\/07\/40.-classic-bob-with-fringe-1013x1080.jpg 1013w, https:\/\/flawlesshair.com\/wp-content\/uploads\/2023\/07\/40.-classic-bob-with-fringe-150x160.jpg 150w\" sizes=\"auto, (max-width: 760px) calc(100vw - 24px), 720px\"><\/noscript><img loading=\"lazy\" decoding=\"async\" width=\"1080\" height=\"1151\" src=\"https:\/\/flawlesshair.com\/wp-content\/uploads\/2023\/07\/40.-classic-bob-with-fringe.jpg\" alt=\"bob cl\u00e1sico con flequillo\" class=\"wp-image-35442 lazyload\" srcset=\"https:\/\/flawlesshair.com\/wp-content\/uploads\/2023\/07\/40.-classic-bob-with-fringe.jpg 1080w, https:\/\/flawlesshair.com\/wp-content\/uploads\/2023\/07\/40.-classic-bob-with-fringe-281x300.jpg 281w, https:\/\/flawlesshair.com\/wp-content\/uploads\/2023\/07\/40.-classic-bob-with-fringe-768x818.jpg 768w, https:\/\/flawlesshair.com\/wp-content\/uploads\/2023\/07\/40.-classic-bob-with-fringe-11x12.jpg 11w, https:\/\/flawlesshair.com\/wp-content\/uploads\/2023\/07\/40.-classic-bob-with-fringe-901x960.jpg 901w, https:\/\/flawlesshair.com\/wp-content\/uploads\/2023\/07\/40.-classic-bob-with-fringe-1013x1080.jpg 1013w, https:\/\/flawlesshair.com\/wp-content\/uploads\/2023\/07\/40.-classic-bob-with-fringe-150x160.jpg 150w\" sizes=\"auto, (max-width: 760px) calc(100vw - 24px), 720px\" data-pin-media=\"https:\/\/flawlesshair.com\/wp-content\/uploads\/2023\/07\/40.-classic-bob-with-fringe.jpg\" id=\"mv-trellis-img-40\" data-trellis-processed=\"1\"><div style=\"position: absolute; top: 0.5rem; right: 0.75rem;\"> <a href=\"https:\/\/www.pinterest.com\/pin\/create\/button\/\" data-pin-do=\"buttonPin\" data-pin-tall=\"true\" data-pin-url=\"https:\/\/flawlesshair.com\/es\/flequillo-para-cara-ovalada\/\" data-pin-media=\"https:\/\/flawlesshair.com\/wp-content\/uploads\/2023\/07\/40.-classic-bob-with-fringe.jpg\" data-pin-description=\"50 Hairstyles With Bangs For Oval Face\" rel=\"nofollow noopener\" target=\"_blank\"> <\/a><\/div><\/div><figcaption class=\"wp-element-caption\"><a href=\"http:\/\/www.instagram.com\/shoji.i\" target=\"_blank\" rel=\"noreferrer noopener nofollow\">@shoji.i<\/a><\/figcaption><\/figure>\n\n\n\n<p>No hay estilo tan atemporal como el <a href=\"https:\/\/flawlesshair.com\/es\/bob-a-la-francesa\/\">Bob franc\u00e9s<\/a>y funciona especialmente bien si tienes el rostro ovalado.<\/p>\n\n\n\n<h2 class=\"wp-block-heading\">41. Bob rizado despuntado con flequillo<\/h2>\n\n\n\n<figure class=\"wp-block-image size-full\"><div style=\"position: relative;\"><noscript><img loading=\"lazy\" decoding=\"async\" width=\"1440\" height=\"1800\" src=\"https:\/\/flawlesshair.com\/wp-content\/uploads\/2023\/07\/41.-curly-blunt-bob-with-bangs.jpg\" alt=\"bob rizado despuntado con flequillo\" class=\"wp-image-35443\" srcset=\"https:\/\/flawlesshair.com\/wp-content\/uploads\/2023\/07\/41.-curly-blunt-bob-with-bangs.jpg 1440w, https:\/\/flawlesshair.com\/wp-content\/uploads\/2023\/07\/41.-curly-blunt-bob-with-bangs-240x300.jpg 240w, https:\/\/flawlesshair.com\/wp-content\/uploads\/2023\/07\/41.-curly-blunt-bob-with-bangs-768x960.jpg 768w, https:\/\/flawlesshair.com\/wp-content\/uploads\/2023\/07\/41.-curly-blunt-bob-with-bangs-10x12.jpg 10w, https:\/\/flawlesshair.com\/wp-content\/uploads\/2023\/07\/41.-curly-blunt-bob-with-bangs-864x1080.jpg 864w, https:\/\/flawlesshair.com\/wp-content\/uploads\/2023\/07\/41.-curly-blunt-bob-with-bangs-960x1200.jpg 960w, https:\/\/flawlesshair.com\/wp-content\/uploads\/2023\/07\/41.-curly-blunt-bob-with-bangs-150x188.jpg 150w\" sizes=\"auto, (max-width: 760px) calc(100vw - 24px), 720px\"><\/noscript><img loading=\"lazy\" decoding=\"async\" width=\"1440\" height=\"1800\" src=\"https:\/\/flawlesshair.com\/wp-content\/uploads\/2023\/07\/41.-curly-blunt-bob-with-bangs.jpg\" alt=\"bob rizado despuntado con flequillo\" class=\"wp-image-35443 lazyload\" srcset=\"https:\/\/flawlesshair.com\/wp-content\/uploads\/2023\/07\/41.-curly-blunt-bob-with-bangs.jpg 1440w, https:\/\/flawlesshair.com\/wp-content\/uploads\/2023\/07\/41.-curly-blunt-bob-with-bangs-240x300.jpg 240w, https:\/\/flawlesshair.com\/wp-content\/uploads\/2023\/07\/41.-curly-blunt-bob-with-bangs-768x960.jpg 768w, https:\/\/flawlesshair.com\/wp-content\/uploads\/2023\/07\/41.-curly-blunt-bob-with-bangs-10x12.jpg 10w, https:\/\/flawlesshair.com\/wp-content\/uploads\/2023\/07\/41.-curly-blunt-bob-with-bangs-864x1080.jpg 864w, https:\/\/flawlesshair.com\/wp-content\/uploads\/2023\/07\/41.-curly-blunt-bob-with-bangs-960x1200.jpg 960w, https:\/\/flawlesshair.com\/wp-content\/uploads\/2023\/07\/41.-curly-blunt-bob-with-bangs-150x188.jpg 150w\" sizes=\"auto, (max-width: 760px) calc(100vw - 24px), 720px\" data-pin-media=\"https:\/\/flawlesshair.com\/wp-content\/uploads\/2023\/07\/41.-curly-blunt-bob-with-bangs.jpg\" id=\"mv-trellis-img-41\" data-trellis-processed=\"1\"><div style=\"position: absolute; top: 0.5rem; right: 0.75rem;\"> <a href=\"https:\/\/www.pinterest.com\/pin\/create\/button\/\" data-pin-do=\"buttonPin\" data-pin-tall=\"true\" data-pin-url=\"https:\/\/flawlesshair.com\/es\/flequillo-para-cara-ovalada\/\" data-pin-media=\"https:\/\/flawlesshair.com\/wp-content\/uploads\/2023\/07\/41.-curly-blunt-bob-with-bangs.jpg\" data-pin-description=\"50 Hairstyles With Bangs For Oval Face\" rel=\"nofollow noopener\" target=\"_blank\"> <\/a><\/div><\/div><figcaption class=\"wp-element-caption\"><a href=\"https:\/\/www.facebook.com\/stebunovhair\" target=\"_blank\" rel=\"noreferrer noopener nofollow\">@stebunovhair<\/a><\/figcaption><\/figure>\n\n\n\n<p>El pelo grueso y rizado puede ser dif\u00edcil de manejar, pero con la ayuda de capas sin costuras que le quitan volumen, puedes llevarlo incluso con un <a href=\"https:\/\/flawlesshair.com\/es\/bob-despuntado-con-flequillo\/\">bobo romo<\/a>.<\/p>\n\n\n\n<h2 class=\"wp-block-heading\">42. Pelo medio con flequillo<\/h2>\n\n\n\n<figure class=\"wp-block-image size-full\"><div style=\"position: relative;\"><noscript><img loading=\"lazy\" decoding=\"async\" width=\"764\" height=\"793\" src=\"https:\/\/flawlesshair.com\/wp-content\/uploads\/2023\/07\/42.-medium-hair-with-bangs.jpg\" alt=\"pelo medio con flequillo\" class=\"wp-image-35444\" srcset=\"https:\/\/flawlesshair.com\/wp-content\/uploads\/2023\/07\/42.-medium-hair-with-bangs.jpg 764w, https:\/\/flawlesshair.com\/wp-content\/uploads\/2023\/07\/42.-medium-hair-with-bangs-289x300.jpg 289w, https:\/\/flawlesshair.com\/wp-content\/uploads\/2023\/07\/42.-medium-hair-with-bangs-12x12.jpg 12w, https:\/\/flawlesshair.com\/wp-content\/uploads\/2023\/07\/42.-medium-hair-with-bangs-150x156.jpg 150w\" sizes=\"auto, (max-width: 760px) calc(100vw - 24px), 720px\"><\/noscript><img loading=\"lazy\" decoding=\"async\" width=\"764\" height=\"793\" src=\"https:\/\/flawlesshair.com\/wp-content\/uploads\/2023\/07\/42.-medium-hair-with-bangs.jpg\" alt=\"pelo medio con flequillo\" class=\"wp-image-35444 lazyload\" srcset=\"https:\/\/flawlesshair.com\/wp-content\/uploads\/2023\/07\/42.-medium-hair-with-bangs.jpg 764w, https:\/\/flawlesshair.com\/wp-content\/uploads\/2023\/07\/42.-medium-hair-with-bangs-289x300.jpg 289w, https:\/\/flawlesshair.com\/wp-content\/uploads\/2023\/07\/42.-medium-hair-with-bangs-12x12.jpg 12w, https:\/\/flawlesshair.com\/wp-content\/uploads\/2023\/07\/42.-medium-hair-with-bangs-150x156.jpg 150w\" sizes=\"auto, (max-width: 760px) calc(100vw - 24px), 720px\" data-pin-media=\"https:\/\/flawlesshair.com\/wp-content\/uploads\/2023\/07\/42.-medium-hair-with-bangs.jpg\" id=\"mv-trellis-img-42\" data-trellis-processed=\"1\"><div style=\"position: absolute; top: 0.5rem; right: 0.75rem;\"> <a href=\"https:\/\/www.pinterest.com\/pin\/create\/button\/\" data-pin-do=\"buttonPin\" data-pin-tall=\"true\" data-pin-url=\"https:\/\/flawlesshair.com\/es\/flequillo-para-cara-ovalada\/\" data-pin-media=\"https:\/\/flawlesshair.com\/wp-content\/uploads\/2023\/07\/42.-medium-hair-with-bangs.jpg\" data-pin-description=\"50 Hairstyles With Bangs For Oval Face\" rel=\"nofollow noopener\" target=\"_blank\"> <\/a><\/div><\/div><figcaption class=\"wp-element-caption\"><a href=\"http:\/\/www.instagram.com\/bsidehair\" target=\"_blank\" rel=\"noreferrer noopener nofollow\">@bsidehair<\/a><\/figcaption><\/figure>\n\n\n\n<p>Este flequillo corto acent\u00faa los ojos y los p\u00f3mulos, complementando la forma ovalada del rostro.<\/p>\n\n\n\n<h2 class=\"wp-block-heading\">43. Pelo largo ondulado con flequillo de lado<\/h2>\n\n\n\n<figure class=\"wp-block-image size-full\"><div style=\"position: relative;\"><noscript><img loading=\"lazy\" decoding=\"async\" width=\"1080\" height=\"1350\" src=\"https:\/\/flawlesshair.com\/wp-content\/uploads\/2023\/07\/43.-long-wavy-hair-with-side-swept-bangs.jpg\" alt=\"pelo largo ondulado con flequillo ladeado\" class=\"wp-image-35445\" srcset=\"https:\/\/flawlesshair.com\/wp-content\/uploads\/2023\/07\/43.-long-wavy-hair-with-side-swept-bangs.jpg 1080w, https:\/\/flawlesshair.com\/wp-content\/uploads\/2023\/07\/43.-long-wavy-hair-with-side-swept-bangs-240x300.jpg 240w, https:\/\/flawlesshair.com\/wp-content\/uploads\/2023\/07\/43.-long-wavy-hair-with-side-swept-bangs-768x960.jpg 768w, https:\/\/flawlesshair.com\/wp-content\/uploads\/2023\/07\/43.-long-wavy-hair-with-side-swept-bangs-10x12.jpg 10w, https:\/\/flawlesshair.com\/wp-content\/uploads\/2023\/07\/43.-long-wavy-hair-with-side-swept-bangs-864x1080.jpg 864w, https:\/\/flawlesshair.com\/wp-content\/uploads\/2023\/07\/43.-long-wavy-hair-with-side-swept-bangs-960x1200.jpg 960w, https:\/\/flawlesshair.com\/wp-content\/uploads\/2023\/07\/43.-long-wavy-hair-with-side-swept-bangs-150x188.jpg 150w\" sizes=\"auto, (max-width: 760px) calc(100vw - 24px), 720px\"><\/noscript><img loading=\"lazy\" decoding=\"async\" width=\"1080\" height=\"1350\" src=\"https:\/\/flawlesshair.com\/wp-content\/uploads\/2023\/07\/43.-long-wavy-hair-with-side-swept-bangs.jpg\" alt=\"pelo largo ondulado con flequillo ladeado\" class=\"wp-image-35445 lazyload\" srcset=\"https:\/\/flawlesshair.com\/wp-content\/uploads\/2023\/07\/43.-long-wavy-hair-with-side-swept-bangs.jpg 1080w, https:\/\/flawlesshair.com\/wp-content\/uploads\/2023\/07\/43.-long-wavy-hair-with-side-swept-bangs-240x300.jpg 240w, https:\/\/flawlesshair.com\/wp-content\/uploads\/2023\/07\/43.-long-wavy-hair-with-side-swept-bangs-768x960.jpg 768w, https:\/\/flawlesshair.com\/wp-content\/uploads\/2023\/07\/43.-long-wavy-hair-with-side-swept-bangs-10x12.jpg 10w, https:\/\/flawlesshair.com\/wp-content\/uploads\/2023\/07\/43.-long-wavy-hair-with-side-swept-bangs-864x1080.jpg 864w, https:\/\/flawlesshair.com\/wp-content\/uploads\/2023\/07\/43.-long-wavy-hair-with-side-swept-bangs-960x1200.jpg 960w, https:\/\/flawlesshair.com\/wp-content\/uploads\/2023\/07\/43.-long-wavy-hair-with-side-swept-bangs-150x188.jpg 150w\" sizes=\"auto, (max-width: 760px) calc(100vw - 24px), 720px\" data-pin-media=\"https:\/\/flawlesshair.com\/wp-content\/uploads\/2023\/07\/43.-long-wavy-hair-with-side-swept-bangs.jpg\" id=\"mv-trellis-img-43\" data-trellis-processed=\"1\"><div style=\"position: absolute; top: 0.5rem; right: 0.75rem;\"> <a href=\"https:\/\/www.pinterest.com\/pin\/create\/button\/\" data-pin-do=\"buttonPin\" data-pin-tall=\"true\" data-pin-url=\"https:\/\/flawlesshair.com\/es\/flequillo-para-cara-ovalada\/\" data-pin-media=\"https:\/\/flawlesshair.com\/wp-content\/uploads\/2023\/07\/43.-long-wavy-hair-with-side-swept-bangs.jpg\" data-pin-description=\"50 Hairstyles With Bangs For Oval Face\" rel=\"nofollow noopener\" target=\"_blank\"> <\/a><\/div><\/div><figcaption class=\"wp-element-caption\"><a href=\"http:\/\/www.instagram.com\/chahong_official\" target=\"_blank\" rel=\"noreferrer noopener nofollow\">@chahong_oficial<\/a><\/figcaption><\/figure>\n\n\n\n<p>Largo y ondulado, este flequillo es una forma sencilla de enmarcar el rostro. <a href=\"https:\/\/flawlesshair.com\/es\/flequillo-con-pelo-largo\/\">pelo largo<\/a>. <\/p>\n\n\n\n<h2 class=\"wp-block-heading\">44. Corte lobo con flequillo cortina<\/h2>\n\n\n\n<figure class=\"wp-block-image size-full\"><div style=\"position: relative;\"><noscript><img loading=\"lazy\" decoding=\"async\" width=\"1080\" height=\"1349\" src=\"https:\/\/flawlesshair.com\/wp-content\/uploads\/2023\/07\/44.-wolf-cut-with-curtain-bangs.jpg\" alt=\"corte lobo con flequillo cortina\" class=\"wp-image-35446\" srcset=\"https:\/\/flawlesshair.com\/wp-content\/uploads\/2023\/07\/44.-wolf-cut-with-curtain-bangs.jpg 1080w, https:\/\/flawlesshair.com\/wp-content\/uploads\/2023\/07\/44.-wolf-cut-with-curtain-bangs-240x300.jpg 240w, https:\/\/flawlesshair.com\/wp-content\/uploads\/2023\/07\/44.-wolf-cut-with-curtain-bangs-768x959.jpg 768w, https:\/\/flawlesshair.com\/wp-content\/uploads\/2023\/07\/44.-wolf-cut-with-curtain-bangs-10x12.jpg 10w, https:\/\/flawlesshair.com\/wp-content\/uploads\/2023\/07\/44.-wolf-cut-with-curtain-bangs-769x960.jpg 769w, https:\/\/flawlesshair.com\/wp-content\/uploads\/2023\/07\/44.-wolf-cut-with-curtain-bangs-865x1080.jpg 865w, https:\/\/flawlesshair.com\/wp-content\/uploads\/2023\/07\/44.-wolf-cut-with-curtain-bangs-961x1200.jpg 961w, https:\/\/flawlesshair.com\/wp-content\/uploads\/2023\/07\/44.-wolf-cut-with-curtain-bangs-150x187.jpg 150w\" sizes=\"auto, (max-width: 760px) calc(100vw - 24px), 720px\"><\/noscript><img loading=\"lazy\" decoding=\"async\" width=\"1080\" height=\"1349\" src=\"https:\/\/flawlesshair.com\/wp-content\/uploads\/2023\/07\/44.-wolf-cut-with-curtain-bangs.jpg\" alt=\"corte lobo con flequillo cortina\" class=\"wp-image-35446 lazyload\" srcset=\"https:\/\/flawlesshair.com\/wp-content\/uploads\/2023\/07\/44.-wolf-cut-with-curtain-bangs.jpg 1080w, https:\/\/flawlesshair.com\/wp-content\/uploads\/2023\/07\/44.-wolf-cut-with-curtain-bangs-240x300.jpg 240w, https:\/\/flawlesshair.com\/wp-content\/uploads\/2023\/07\/44.-wolf-cut-with-curtain-bangs-768x959.jpg 768w, https:\/\/flawlesshair.com\/wp-content\/uploads\/2023\/07\/44.-wolf-cut-with-curtain-bangs-10x12.jpg 10w, https:\/\/flawlesshair.com\/wp-content\/uploads\/2023\/07\/44.-wolf-cut-with-curtain-bangs-769x960.jpg 769w, https:\/\/flawlesshair.com\/wp-content\/uploads\/2023\/07\/44.-wolf-cut-with-curtain-bangs-865x1080.jpg 865w, https:\/\/flawlesshair.com\/wp-content\/uploads\/2023\/07\/44.-wolf-cut-with-curtain-bangs-961x1200.jpg 961w, https:\/\/flawlesshair.com\/wp-content\/uploads\/2023\/07\/44.-wolf-cut-with-curtain-bangs-150x187.jpg 150w\" sizes=\"auto, (max-width: 760px) calc(100vw - 24px), 720px\" data-pin-media=\"https:\/\/flawlesshair.com\/wp-content\/uploads\/2023\/07\/44.-wolf-cut-with-curtain-bangs.jpg\" id=\"mv-trellis-img-44\" data-trellis-processed=\"1\"><div style=\"position: absolute; top: 0.5rem; right: 0.75rem;\"> <a href=\"https:\/\/www.pinterest.com\/pin\/create\/button\/\" data-pin-do=\"buttonPin\" data-pin-tall=\"true\" data-pin-url=\"https:\/\/flawlesshair.com\/es\/flequillo-para-cara-ovalada\/\" data-pin-media=\"https:\/\/flawlesshair.com\/wp-content\/uploads\/2023\/07\/44.-wolf-cut-with-curtain-bangs.jpg\" data-pin-description=\"50 Hairstyles With Bangs For Oval Face\" rel=\"nofollow noopener\" target=\"_blank\"> <\/a><\/div><\/div><figcaption class=\"wp-element-caption\"><a href=\"http:\/\/www.instagram.com\/fosterlondon\" target=\"_blank\" rel=\"noreferrer noopener nofollow\">@fosterlondon<\/a><\/figcaption><\/figure>\n\n\n\n<p>Los flequillos cortina de longitud media son vers\u00e1tiles y se adaptan a una gran variedad de cortes de pelo. Este peinado con una parte superior m\u00e1s plana es de la vieja escuela, pero con m\u00e1s volumen en la parte superior quedar\u00edan completamente diferentes.<\/p>\n\n\n\n<h2 class=\"wp-block-heading\">45. Pelo largo recortado con flequillo alborotado<\/h2>\n\n\n\n<figure class=\"wp-block-image size-full\"><div style=\"position: relative;\"><noscript><img loading=\"lazy\" decoding=\"async\" width=\"1440\" height=\"1440\" src=\"https:\/\/flawlesshair.com\/wp-content\/uploads\/2023\/07\/45.-choppy-long-hair-with-flippy-bangs.jpg\" alt=\"pelo largo recortado con flequillo alborotado\" class=\"wp-image-35447\" srcset=\"https:\/\/flawlesshair.com\/wp-content\/uploads\/2023\/07\/45.-choppy-long-hair-with-flippy-bangs.jpg 1440w, https:\/\/flawlesshair.com\/wp-content\/uploads\/2023\/07\/45.-choppy-long-hair-with-flippy-bangs-300x300.jpg 300w, https:\/\/flawlesshair.com\/wp-content\/uploads\/2023\/07\/45.-choppy-long-hair-with-flippy-bangs-150x150.jpg 150w, https:\/\/flawlesshair.com\/wp-content\/uploads\/2023\/07\/45.-choppy-long-hair-with-flippy-bangs-768x768.jpg 768w, https:\/\/flawlesshair.com\/wp-content\/uploads\/2023\/07\/45.-choppy-long-hair-with-flippy-bangs-12x12.jpg 12w, https:\/\/flawlesshair.com\/wp-content\/uploads\/2023\/07\/45.-choppy-long-hair-with-flippy-bangs-728x728.jpg 728w, https:\/\/flawlesshair.com\/wp-content\/uploads\/2023\/07\/45.-choppy-long-hair-with-flippy-bangs-960x960.jpg 960w, https:\/\/flawlesshair.com\/wp-content\/uploads\/2023\/07\/45.-choppy-long-hair-with-flippy-bangs-1080x1080.jpg 1080w, https:\/\/flawlesshair.com\/wp-content\/uploads\/2023\/07\/45.-choppy-long-hair-with-flippy-bangs-1200x1200.jpg 1200w, https:\/\/flawlesshair.com\/wp-content\/uploads\/2023\/07\/45.-choppy-long-hair-with-flippy-bangs-96x96.jpg 96w\" sizes=\"auto, (max-width: 760px) calc(100vw - 24px), 720px\"><\/noscript><img loading=\"lazy\" decoding=\"async\" width=\"1440\" height=\"1440\" src=\"https:\/\/flawlesshair.com\/wp-content\/uploads\/2023\/07\/45.-choppy-long-hair-with-flippy-bangs.jpg\" alt=\"pelo largo recortado con flequillo alborotado\" class=\"wp-image-35447 lazyload\" srcset=\"https:\/\/flawlesshair.com\/wp-content\/uploads\/2023\/07\/45.-choppy-long-hair-with-flippy-bangs.jpg 1440w, https:\/\/flawlesshair.com\/wp-content\/uploads\/2023\/07\/45.-choppy-long-hair-with-flippy-bangs-300x300.jpg 300w, https:\/\/flawlesshair.com\/wp-content\/uploads\/2023\/07\/45.-choppy-long-hair-with-flippy-bangs-150x150.jpg 150w, https:\/\/flawlesshair.com\/wp-content\/uploads\/2023\/07\/45.-choppy-long-hair-with-flippy-bangs-768x768.jpg 768w, https:\/\/flawlesshair.com\/wp-content\/uploads\/2023\/07\/45.-choppy-long-hair-with-flippy-bangs-12x12.jpg 12w, https:\/\/flawlesshair.com\/wp-content\/uploads\/2023\/07\/45.-choppy-long-hair-with-flippy-bangs-728x728.jpg 728w, https:\/\/flawlesshair.com\/wp-content\/uploads\/2023\/07\/45.-choppy-long-hair-with-flippy-bangs-960x960.jpg 960w, https:\/\/flawlesshair.com\/wp-content\/uploads\/2023\/07\/45.-choppy-long-hair-with-flippy-bangs-1080x1080.jpg 1080w, https:\/\/flawlesshair.com\/wp-content\/uploads\/2023\/07\/45.-choppy-long-hair-with-flippy-bangs-1200x1200.jpg 1200w, https:\/\/flawlesshair.com\/wp-content\/uploads\/2023\/07\/45.-choppy-long-hair-with-flippy-bangs-96x96.jpg 96w\" sizes=\"auto, (max-width: 760px) calc(100vw - 24px), 720px\" data-pin-media=\"https:\/\/flawlesshair.com\/wp-content\/uploads\/2023\/07\/45.-choppy-long-hair-with-flippy-bangs.jpg\" id=\"mv-trellis-img-45\" data-trellis-processed=\"1\"><div style=\"position: absolute; top: 0.5rem; right: 0.75rem;\"> <a href=\"https:\/\/www.pinterest.com\/pin\/create\/button\/\" data-pin-do=\"buttonPin\" data-pin-tall=\"true\" data-pin-url=\"https:\/\/flawlesshair.com\/es\/flequillo-para-cara-ovalada\/\" data-pin-media=\"https:\/\/flawlesshair.com\/wp-content\/uploads\/2023\/07\/45.-choppy-long-hair-with-flippy-bangs.jpg\" data-pin-description=\"50 Hairstyles With Bangs For Oval Face\" rel=\"nofollow noopener\" target=\"_blank\"> <\/a><\/div><\/div><figcaption class=\"wp-element-caption\"><a href=\"http:\/\/www.instagram.com\/__k_vu__\" target=\"_blank\" rel=\"noreferrer noopener nofollow\">@__k_vu__<\/a><\/figcaption><\/figure>\n\n\n\n<p>Estos flequillos de moda no s\u00f3lo son geniales, sino que tambi\u00e9n pueden utilizarse para hacer que tu frente parezca m\u00e1s grande o m\u00e1s peque\u00f1a, dependiendo de lo gruesos que los hagas.<\/p>\n\n\n\n<h2 class=\"wp-block-heading\">46. Lob recto con flequillo<\/h2>\n\n\n\n<figure class=\"wp-block-image size-full\"><div style=\"position: relative;\"><noscript><img loading=\"lazy\" decoding=\"async\" width=\"1080\" height=\"1350\" src=\"https:\/\/flawlesshair.com\/wp-content\/uploads\/2023\/07\/46.-straight-lob-with-fringe.jpg\" alt=\"lob recto con flequillo\" class=\"wp-image-35448\" srcset=\"https:\/\/flawlesshair.com\/wp-content\/uploads\/2023\/07\/46.-straight-lob-with-fringe.jpg 1080w, https:\/\/flawlesshair.com\/wp-content\/uploads\/2023\/07\/46.-straight-lob-with-fringe-240x300.jpg 240w, https:\/\/flawlesshair.com\/wp-content\/uploads\/2023\/07\/46.-straight-lob-with-fringe-768x960.jpg 768w, https:\/\/flawlesshair.com\/wp-content\/uploads\/2023\/07\/46.-straight-lob-with-fringe-10x12.jpg 10w, https:\/\/flawlesshair.com\/wp-content\/uploads\/2023\/07\/46.-straight-lob-with-fringe-864x1080.jpg 864w, https:\/\/flawlesshair.com\/wp-content\/uploads\/2023\/07\/46.-straight-lob-with-fringe-960x1200.jpg 960w, https:\/\/flawlesshair.com\/wp-content\/uploads\/2023\/07\/46.-straight-lob-with-fringe-150x188.jpg 150w\" sizes=\"auto, (max-width: 760px) calc(100vw - 24px), 720px\"><\/noscript><img loading=\"lazy\" decoding=\"async\" width=\"1080\" height=\"1350\" src=\"https:\/\/flawlesshair.com\/wp-content\/uploads\/2023\/07\/46.-straight-lob-with-fringe.jpg\" alt=\"lob recto con flequillo\" class=\"wp-image-35448 lazyload\" srcset=\"https:\/\/flawlesshair.com\/wp-content\/uploads\/2023\/07\/46.-straight-lob-with-fringe.jpg 1080w, https:\/\/flawlesshair.com\/wp-content\/uploads\/2023\/07\/46.-straight-lob-with-fringe-240x300.jpg 240w, https:\/\/flawlesshair.com\/wp-content\/uploads\/2023\/07\/46.-straight-lob-with-fringe-768x960.jpg 768w, https:\/\/flawlesshair.com\/wp-content\/uploads\/2023\/07\/46.-straight-lob-with-fringe-10x12.jpg 10w, https:\/\/flawlesshair.com\/wp-content\/uploads\/2023\/07\/46.-straight-lob-with-fringe-864x1080.jpg 864w, https:\/\/flawlesshair.com\/wp-content\/uploads\/2023\/07\/46.-straight-lob-with-fringe-960x1200.jpg 960w, https:\/\/flawlesshair.com\/wp-content\/uploads\/2023\/07\/46.-straight-lob-with-fringe-150x188.jpg 150w\" sizes=\"auto, (max-width: 760px) calc(100vw - 24px), 720px\" data-pin-media=\"https:\/\/flawlesshair.com\/wp-content\/uploads\/2023\/07\/46.-straight-lob-with-fringe.jpg\" id=\"mv-trellis-img-46\" data-trellis-processed=\"1\"><div style=\"position: absolute; top: 0.5rem; right: 0.75rem;\"> <a href=\"https:\/\/www.pinterest.com\/pin\/create\/button\/\" data-pin-do=\"buttonPin\" data-pin-tall=\"true\" data-pin-url=\"https:\/\/flawlesshair.com\/es\/flequillo-para-cara-ovalada\/\" data-pin-media=\"https:\/\/flawlesshair.com\/wp-content\/uploads\/2023\/07\/46.-straight-lob-with-fringe.jpg\" data-pin-description=\"50 Hairstyles With Bangs For Oval Face\" rel=\"nofollow noopener\" target=\"_blank\"> <\/a><\/div><\/div><figcaption class=\"wp-element-caption\"><a href=\"http:\/\/www.instagram.com\/alyssamikaylaaa\" target=\"_blank\" rel=\"noreferrer noopener nofollow\">@alyssamikaylaaa<\/a><\/figcaption><\/figure>\n\n\n\n<p>Los flequillos son s\u00faper vers\u00e1tiles, pero han estado en todas partes y pueden resultar un poco repetitivos. Si quieres cambiar las cosas, los flequillos que no sean de cortina son un giro divertido a este look cl\u00e1sico.<\/p>\n\n\n\n<h2 class=\"wp-block-heading\">47. Pelo a capas medio con flequillo beb\u00e9<\/h2>\n\n\n\n<figure class=\"wp-block-image size-full\"><div style=\"position: relative;\"><noscript><img loading=\"lazy\" decoding=\"async\" width=\"1440\" height=\"1440\" src=\"https:\/\/flawlesshair.com\/wp-content\/uploads\/2023\/07\/47.-medium-layered-hair-with-baby-bangs.jpg\" alt=\"media melena a capas con flequillo beb\u00e9\" class=\"wp-image-35449\" srcset=\"https:\/\/flawlesshair.com\/wp-content\/uploads\/2023\/07\/47.-medium-layered-hair-with-baby-bangs.jpg 1440w, https:\/\/flawlesshair.com\/wp-content\/uploads\/2023\/07\/47.-medium-layered-hair-with-baby-bangs-300x300.jpg 300w, https:\/\/flawlesshair.com\/wp-content\/uploads\/2023\/07\/47.-medium-layered-hair-with-baby-bangs-150x150.jpg 150w, https:\/\/flawlesshair.com\/wp-content\/uploads\/2023\/07\/47.-medium-layered-hair-with-baby-bangs-768x768.jpg 768w, https:\/\/flawlesshair.com\/wp-content\/uploads\/2023\/07\/47.-medium-layered-hair-with-baby-bangs-12x12.jpg 12w, https:\/\/flawlesshair.com\/wp-content\/uploads\/2023\/07\/47.-medium-layered-hair-with-baby-bangs-728x728.jpg 728w, https:\/\/flawlesshair.com\/wp-content\/uploads\/2023\/07\/47.-medium-layered-hair-with-baby-bangs-960x960.jpg 960w, https:\/\/flawlesshair.com\/wp-content\/uploads\/2023\/07\/47.-medium-layered-hair-with-baby-bangs-1080x1080.jpg 1080w, https:\/\/flawlesshair.com\/wp-content\/uploads\/2023\/07\/47.-medium-layered-hair-with-baby-bangs-1200x1200.jpg 1200w, https:\/\/flawlesshair.com\/wp-content\/uploads\/2023\/07\/47.-medium-layered-hair-with-baby-bangs-96x96.jpg 96w\" sizes=\"auto, (max-width: 760px) calc(100vw - 24px), 720px\"><\/noscript><img loading=\"lazy\" decoding=\"async\" width=\"1440\" height=\"1440\" src=\"https:\/\/flawlesshair.com\/wp-content\/uploads\/2023\/07\/47.-medium-layered-hair-with-baby-bangs.jpg\" alt=\"media melena a capas con flequillo beb\u00e9\" class=\"wp-image-35449 lazyload\" srcset=\"https:\/\/flawlesshair.com\/wp-content\/uploads\/2023\/07\/47.-medium-layered-hair-with-baby-bangs.jpg 1440w, https:\/\/flawlesshair.com\/wp-content\/uploads\/2023\/07\/47.-medium-layered-hair-with-baby-bangs-300x300.jpg 300w, https:\/\/flawlesshair.com\/wp-content\/uploads\/2023\/07\/47.-medium-layered-hair-with-baby-bangs-150x150.jpg 150w, https:\/\/flawlesshair.com\/wp-content\/uploads\/2023\/07\/47.-medium-layered-hair-with-baby-bangs-768x768.jpg 768w, https:\/\/flawlesshair.com\/wp-content\/uploads\/2023\/07\/47.-medium-layered-hair-with-baby-bangs-12x12.jpg 12w, https:\/\/flawlesshair.com\/wp-content\/uploads\/2023\/07\/47.-medium-layered-hair-with-baby-bangs-728x728.jpg 728w, https:\/\/flawlesshair.com\/wp-content\/uploads\/2023\/07\/47.-medium-layered-hair-with-baby-bangs-960x960.jpg 960w, https:\/\/flawlesshair.com\/wp-content\/uploads\/2023\/07\/47.-medium-layered-hair-with-baby-bangs-1080x1080.jpg 1080w, https:\/\/flawlesshair.com\/wp-content\/uploads\/2023\/07\/47.-medium-layered-hair-with-baby-bangs-1200x1200.jpg 1200w, https:\/\/flawlesshair.com\/wp-content\/uploads\/2023\/07\/47.-medium-layered-hair-with-baby-bangs-96x96.jpg 96w\" sizes=\"auto, (max-width: 760px) calc(100vw - 24px), 720px\" data-pin-media=\"https:\/\/flawlesshair.com\/wp-content\/uploads\/2023\/07\/47.-medium-layered-hair-with-baby-bangs.jpg\" id=\"mv-trellis-img-47\" data-trellis-processed=\"1\"><div style=\"position: absolute; top: 0.5rem; right: 0.75rem;\"> <a href=\"https:\/\/www.pinterest.com\/pin\/create\/button\/\" data-pin-do=\"buttonPin\" data-pin-tall=\"true\" data-pin-url=\"https:\/\/flawlesshair.com\/es\/flequillo-para-cara-ovalada\/\" data-pin-media=\"https:\/\/flawlesshair.com\/wp-content\/uploads\/2023\/07\/47.-medium-layered-hair-with-baby-bangs.jpg\" data-pin-description=\"50 Hairstyles With Bangs For Oval Face\" rel=\"nofollow noopener\" target=\"_blank\"> <\/a><\/div><\/div><figcaption class=\"wp-element-caption\"><a href=\"http:\/\/www.instagram.com\/hollygirldoeshair\" target=\"_blank\" rel=\"noreferrer noopener nofollow\">@hollygirldoeshair<\/a><\/figcaption><\/figure>\n\n\n\n<p>Este look bonito y creativo se adapta perfectamente a un rostro ovalado, e incluso resalta su simetr\u00eda y equilibrio.<\/p>\n\n\n\n<h2 class=\"wp-block-heading\">48. Pelo medio despuntado con flequillo<\/h2>\n\n\n\n<figure class=\"wp-block-image size-full\"><div style=\"position: relative;\"><noscript><img loading=\"lazy\" decoding=\"async\" width=\"1440\" height=\"1800\" src=\"https:\/\/flawlesshair.com\/wp-content\/uploads\/2023\/07\/48.-blunt-medium-hair-with-fringe.jpg\" alt=\"media melena despuntada con flequillo\" class=\"wp-image-35450\" srcset=\"https:\/\/flawlesshair.com\/wp-content\/uploads\/2023\/07\/48.-blunt-medium-hair-with-fringe.jpg 1440w, https:\/\/flawlesshair.com\/wp-content\/uploads\/2023\/07\/48.-blunt-medium-hair-with-fringe-240x300.jpg 240w, https:\/\/flawlesshair.com\/wp-content\/uploads\/2023\/07\/48.-blunt-medium-hair-with-fringe-768x960.jpg 768w, https:\/\/flawlesshair.com\/wp-content\/uploads\/2023\/07\/48.-blunt-medium-hair-with-fringe-10x12.jpg 10w, https:\/\/flawlesshair.com\/wp-content\/uploads\/2023\/07\/48.-blunt-medium-hair-with-fringe-864x1080.jpg 864w, https:\/\/flawlesshair.com\/wp-content\/uploads\/2023\/07\/48.-blunt-medium-hair-with-fringe-960x1200.jpg 960w, https:\/\/flawlesshair.com\/wp-content\/uploads\/2023\/07\/48.-blunt-medium-hair-with-fringe-150x188.jpg 150w\" sizes=\"auto, (max-width: 760px) calc(100vw - 24px), 720px\"><\/noscript><img loading=\"lazy\" decoding=\"async\" width=\"1440\" height=\"1800\" src=\"https:\/\/flawlesshair.com\/wp-content\/uploads\/2023\/07\/48.-blunt-medium-hair-with-fringe.jpg\" alt=\"media melena despuntada con flequillo\" class=\"wp-image-35450 lazyload\" srcset=\"https:\/\/flawlesshair.com\/wp-content\/uploads\/2023\/07\/48.-blunt-medium-hair-with-fringe.jpg 1440w, https:\/\/flawlesshair.com\/wp-content\/uploads\/2023\/07\/48.-blunt-medium-hair-with-fringe-240x300.jpg 240w, https:\/\/flawlesshair.com\/wp-content\/uploads\/2023\/07\/48.-blunt-medium-hair-with-fringe-768x960.jpg 768w, https:\/\/flawlesshair.com\/wp-content\/uploads\/2023\/07\/48.-blunt-medium-hair-with-fringe-10x12.jpg 10w, https:\/\/flawlesshair.com\/wp-content\/uploads\/2023\/07\/48.-blunt-medium-hair-with-fringe-864x1080.jpg 864w, https:\/\/flawlesshair.com\/wp-content\/uploads\/2023\/07\/48.-blunt-medium-hair-with-fringe-960x1200.jpg 960w, https:\/\/flawlesshair.com\/wp-content\/uploads\/2023\/07\/48.-blunt-medium-hair-with-fringe-150x188.jpg 150w\" sizes=\"auto, (max-width: 760px) calc(100vw - 24px), 720px\" data-pin-media=\"https:\/\/flawlesshair.com\/wp-content\/uploads\/2023\/07\/48.-blunt-medium-hair-with-fringe.jpg\" id=\"mv-trellis-img-48\" data-trellis-processed=\"1\"><div style=\"position: absolute; top: 0.5rem; right: 0.75rem;\"> <a href=\"https:\/\/www.pinterest.com\/pin\/create\/button\/\" data-pin-do=\"buttonPin\" data-pin-tall=\"true\" data-pin-url=\"https:\/\/flawlesshair.com\/es\/flequillo-para-cara-ovalada\/\" data-pin-media=\"https:\/\/flawlesshair.com\/wp-content\/uploads\/2023\/07\/48.-blunt-medium-hair-with-fringe.jpg\" data-pin-description=\"50 Hairstyles With Bangs For Oval Face\" rel=\"nofollow noopener\" target=\"_blank\"> <\/a><\/div><\/div><figcaption class=\"wp-element-caption\"><a href=\"http:\/\/www.instagram.com\/hirohair\" target=\"_blank\" rel=\"noreferrer noopener nofollow\">@hirohair<\/a><\/figcaption><\/figure>\n\n\n\n<p>Si tienes un remolino en la parte delantera y quieres llevar flequillo, puede ser dif\u00edcil, pero no imposible. Las soluciones pasan por usar una plancha para mantenerlo en su sitio o secarlo recto con un cepillo peque\u00f1o.<\/p>\n\n\n\n<h2 class=\"wp-block-heading\">49. Lob rizado con flequillo recto corto<\/h2>\n\n\n\n<figure class=\"wp-block-image size-full\"><div style=\"position: relative;\"><noscript><img loading=\"lazy\" decoding=\"async\" width=\"1440\" height=\"1800\" src=\"https:\/\/flawlesshair.com\/wp-content\/uploads\/2023\/07\/49.-curly-lob-with-short-straight-bangs.jpg\" alt=\"lob rizado con flequillo recto corto\" class=\"wp-image-35451\" srcset=\"https:\/\/flawlesshair.com\/wp-content\/uploads\/2023\/07\/49.-curly-lob-with-short-straight-bangs.jpg 1440w, https:\/\/flawlesshair.com\/wp-content\/uploads\/2023\/07\/49.-curly-lob-with-short-straight-bangs-240x300.jpg 240w, https:\/\/flawlesshair.com\/wp-content\/uploads\/2023\/07\/49.-curly-lob-with-short-straight-bangs-768x960.jpg 768w, https:\/\/flawlesshair.com\/wp-content\/uploads\/2023\/07\/49.-curly-lob-with-short-straight-bangs-10x12.jpg 10w, https:\/\/flawlesshair.com\/wp-content\/uploads\/2023\/07\/49.-curly-lob-with-short-straight-bangs-864x1080.jpg 864w, https:\/\/flawlesshair.com\/wp-content\/uploads\/2023\/07\/49.-curly-lob-with-short-straight-bangs-960x1200.jpg 960w, https:\/\/flawlesshair.com\/wp-content\/uploads\/2023\/07\/49.-curly-lob-with-short-straight-bangs-150x188.jpg 150w\" sizes=\"auto, (max-width: 760px) calc(100vw - 24px), 720px\"><\/noscript><img loading=\"lazy\" decoding=\"async\" width=\"1440\" height=\"1800\" src=\"https:\/\/flawlesshair.com\/wp-content\/uploads\/2023\/07\/49.-curly-lob-with-short-straight-bangs.jpg\" alt=\"lob rizado con flequillo recto corto\" class=\"wp-image-35451 lazyload\" srcset=\"https:\/\/flawlesshair.com\/wp-content\/uploads\/2023\/07\/49.-curly-lob-with-short-straight-bangs.jpg 1440w, https:\/\/flawlesshair.com\/wp-content\/uploads\/2023\/07\/49.-curly-lob-with-short-straight-bangs-240x300.jpg 240w, https:\/\/flawlesshair.com\/wp-content\/uploads\/2023\/07\/49.-curly-lob-with-short-straight-bangs-768x960.jpg 768w, https:\/\/flawlesshair.com\/wp-content\/uploads\/2023\/07\/49.-curly-lob-with-short-straight-bangs-10x12.jpg 10w, https:\/\/flawlesshair.com\/wp-content\/uploads\/2023\/07\/49.-curly-lob-with-short-straight-bangs-864x1080.jpg 864w, https:\/\/flawlesshair.com\/wp-content\/uploads\/2023\/07\/49.-curly-lob-with-short-straight-bangs-960x1200.jpg 960w, https:\/\/flawlesshair.com\/wp-content\/uploads\/2023\/07\/49.-curly-lob-with-short-straight-bangs-150x188.jpg 150w\" sizes=\"auto, (max-width: 760px) calc(100vw - 24px), 720px\" data-pin-media=\"https:\/\/flawlesshair.com\/wp-content\/uploads\/2023\/07\/49.-curly-lob-with-short-straight-bangs.jpg\" id=\"mv-trellis-img-49\" data-trellis-processed=\"1\"><div style=\"position: absolute; top: 0.5rem; right: 0.75rem;\"> <a href=\"https:\/\/www.pinterest.com\/pin\/create\/button\/\" data-pin-do=\"buttonPin\" data-pin-tall=\"true\" data-pin-url=\"https:\/\/flawlesshair.com\/es\/flequillo-para-cara-ovalada\/\" data-pin-media=\"https:\/\/flawlesshair.com\/wp-content\/uploads\/2023\/07\/49.-curly-lob-with-short-straight-bangs.jpg\" data-pin-description=\"50 Hairstyles With Bangs For Oval Face\" rel=\"nofollow noopener\" target=\"_blank\"> <\/a><\/div><\/div><figcaption class=\"wp-element-caption\"><a href=\"http:\/\/www.instagram.com\/yukistylist\" target=\"_blank\" rel=\"noreferrer noopener nofollow\">@yukistylist<\/a><\/figcaption><\/figure>\n\n\n\n<p>El flequillo corto no desentonar\u00e1 si tienes la forma de la cara ovalada, as\u00ed que puedes lucir este bonito look sin preocupaciones.<\/p>\n\n\n\n<h2 class=\"wp-block-heading\">50. Pelo largo con flequillo transparente<\/h2>\n\n\n\n<figure class=\"wp-block-image size-full\"><div style=\"position: relative;\"><noscript><img loading=\"lazy\" decoding=\"async\" width=\"1080\" height=\"1350\" src=\"https:\/\/flawlesshair.com\/wp-content\/uploads\/2023\/07\/50.-long-hair-with-see-through-fringe.jpg\" alt=\"pelo largo con flequillo transparente\" class=\"wp-image-35452\" srcset=\"https:\/\/flawlesshair.com\/wp-content\/uploads\/2023\/07\/50.-long-hair-with-see-through-fringe.jpg 1080w, https:\/\/flawlesshair.com\/wp-content\/uploads\/2023\/07\/50.-long-hair-with-see-through-fringe-240x300.jpg 240w, https:\/\/flawlesshair.com\/wp-content\/uploads\/2023\/07\/50.-long-hair-with-see-through-fringe-768x960.jpg 768w, https:\/\/flawlesshair.com\/wp-content\/uploads\/2023\/07\/50.-long-hair-with-see-through-fringe-10x12.jpg 10w, https:\/\/flawlesshair.com\/wp-content\/uploads\/2023\/07\/50.-long-hair-with-see-through-fringe-864x1080.jpg 864w, https:\/\/flawlesshair.com\/wp-content\/uploads\/2023\/07\/50.-long-hair-with-see-through-fringe-960x1200.jpg 960w, https:\/\/flawlesshair.com\/wp-content\/uploads\/2023\/07\/50.-long-hair-with-see-through-fringe-150x188.jpg 150w\" sizes=\"auto, (max-width: 760px) calc(100vw - 24px), 720px\"><\/noscript><img loading=\"lazy\" decoding=\"async\" width=\"1080\" height=\"1350\" src=\"https:\/\/flawlesshair.com\/wp-content\/uploads\/2023\/07\/50.-long-hair-with-see-through-fringe.jpg\" alt=\"pelo largo con flequillo transparente\" class=\"wp-image-35452 lazyload\" srcset=\"https:\/\/flawlesshair.com\/wp-content\/uploads\/2023\/07\/50.-long-hair-with-see-through-fringe.jpg 1080w, https:\/\/flawlesshair.com\/wp-content\/uploads\/2023\/07\/50.-long-hair-with-see-through-fringe-240x300.jpg 240w, https:\/\/flawlesshair.com\/wp-content\/uploads\/2023\/07\/50.-long-hair-with-see-through-fringe-768x960.jpg 768w, https:\/\/flawlesshair.com\/wp-content\/uploads\/2023\/07\/50.-long-hair-with-see-through-fringe-10x12.jpg 10w, https:\/\/flawlesshair.com\/wp-content\/uploads\/2023\/07\/50.-long-hair-with-see-through-fringe-864x1080.jpg 864w, https:\/\/flawlesshair.com\/wp-content\/uploads\/2023\/07\/50.-long-hair-with-see-through-fringe-960x1200.jpg 960w, https:\/\/flawlesshair.com\/wp-content\/uploads\/2023\/07\/50.-long-hair-with-see-through-fringe-150x188.jpg 150w\" sizes=\"auto, (max-width: 760px) calc(100vw - 24px), 720px\" data-pin-media=\"https:\/\/flawlesshair.com\/wp-content\/uploads\/2023\/07\/50.-long-hair-with-see-through-fringe.jpg\" id=\"mv-trellis-img-50\" data-trellis-processed=\"1\"><div style=\"position: absolute; top: 0.5rem; right: 0.75rem;\"> <a href=\"https:\/\/www.pinterest.com\/pin\/create\/button\/\" data-pin-do=\"buttonPin\" data-pin-tall=\"true\" data-pin-url=\"https:\/\/flawlesshair.com\/es\/flequillo-para-cara-ovalada\/\" data-pin-media=\"https:\/\/flawlesshair.com\/wp-content\/uploads\/2023\/07\/50.-long-hair-with-see-through-fringe.jpg\" data-pin-description=\"50 Hairstyles With Bangs For Oval Face\" rel=\"nofollow noopener\" target=\"_blank\"> <\/a><\/div><\/div><figcaption class=\"wp-element-caption\"><a href=\"http:\/\/www.instagram.com\/chahong_official\" target=\"_blank\" rel=\"noreferrer noopener nofollow\">@chahong_oficial<\/a><\/figcaption><\/figure>\n\n\n\n<p>Si te gusta llevar el pelo recogido y no te gusta el look despeinado, un flequillo suave y ondulado es un complemento ideal para cualquier corte de pelo.<\/p>","protected":false},"excerpt":{"rendered":"<p>Si tienes la cara ovalada y te gusta cambiar de look, est\u00e1s de suerte porque puedes lucir cualquier estilo de flequillo. Aunque...<\/p>","protected":false},"author":5,"featured_media":35455,"comment_status":"closed","ping_status":"closed","sticky":false,"template":"","format":"standard","meta":{"syndication_tool_enabled":true,"syndication_tool_title":"","syndication_tool_excerpt":"","syndication_tool_featured_image":0,"syndication_tool_publish_date":"","syndication_tool_schema_types":["gallery"],"syndication_tool_backlink_enable":false,"syndication_tool_ai_disclosure_enable":false,"disable-in-feed":false,"article-schema-type":"","disable-critical-css":false,"footnotes":""},"categories":[42],"tags":[],"class_list":["post-17796","post","type-post","status-publish","format-standard","has-post-thumbnail","hentry","category-all-types-of-bangs"],"_links":{"self":[{"href":"https:\/\/flawlesshair.com\/es\/wp-json\/wp\/v2\/posts\/17796","targetHints":{"allow":["GET"]}}],"collection":[{"href":"https:\/\/flawlesshair.com\/es\/wp-json\/wp\/v2\/posts"}],"about":[{"href":"https:\/\/flawlesshair.com\/es\/wp-json\/wp\/v2\/types\/post"}],"author":[{"embeddable":true,"href":"https:\/\/flawlesshair.com\/es\/wp-json\/wp\/v2\/users\/5"}],"replies":[{"embeddable":true,"href":"https:\/\/flawlesshair.com\/es\/wp-json\/wp\/v2\/comments?post=17796"}],"version-history":[{"count":0,"href":"https:\/\/flawlesshair.com\/es\/wp-json\/wp\/v2\/posts\/17796\/revisions"}],"wp:featuredmedia":[{"embeddable":true,"href":"https:\/\/flawlesshair.com\/es\/wp-json\/wp\/v2\/media\/35455"}],"wp:attachment":[{"href":"https:\/\/flawlesshair.com\/es\/wp-json\/wp\/v2\/media?parent=17796"}],"wp:term":[{"taxonomy":"category","embeddable":true,"href":"https:\/\/flawlesshair.com\/es\/wp-json\/wp\/v2\/categories?post=17796"},{"taxonomy":"post_tag","embeddable":true,"href":"https:\/\/flawlesshair.com\/es\/wp-json\/wp\/v2\/tags?post=17796"}],"curies":[{"name":"wp","href":"https:\/\/api.w.org\/{rel}","templated":true}]}}