{"id":26835,"date":"2023-10-28T08:03:43","date_gmt":"2023-10-28T08:03:43","guid":{"rendered":"https:\/\/flawlesshair.com\/?p=26835"},"modified":"2023-12-13T08:16:11","modified_gmt":"2023-12-13T08:16:11","slug":"capas-para-enmarcar-la-cara-pelo-largo-medio","status":"publish","type":"post","link":"https:\/\/flawlesshair.com\/es\/capas-para-enmarcar-la-cara-pelo-largo-medio\/","title":{"rendered":"30 atractivas capas que enmarcan el rostro para el pelo medio largo"},"content":{"rendered":"<style>img#mv-trellis-img-1::before{padding-top:100%; }img#mv-trellis-img-1{display:block;}img#mv-trellis-img-2::before{padding-top:125%; }img#mv-trellis-img-2{display:block;}img#mv-trellis-img-3::before{padding-top:69.074074074074%; }img#mv-trellis-img-3{display:block;}img#mv-trellis-img-4::before{padding-top:124.62962962963%; }img#mv-trellis-img-4{display:block;}img#mv-trellis-img-5::before{padding-top:100%; }img#mv-trellis-img-5{display:block;}img#mv-trellis-img-6::before{padding-top:124.35185185185%; }img#mv-trellis-img-6{display:block;}img#mv-trellis-img-7::before{padding-top:109.44444444444%; }img#mv-trellis-img-7{display:block;}img#mv-trellis-img-8::before{padding-top:100%; }img#mv-trellis-img-8{display:block;}img#mv-trellis-img-9::before{padding-top:100%; }img#mv-trellis-img-9{display:block;}img#mv-trellis-img-10::before{padding-top:100%; }img#mv-trellis-img-10{display:block;}img#mv-trellis-img-11::before{padding-top:125%; }img#mv-trellis-img-11{display:block;}img#mv-trellis-img-12::before{padding-top:100%; }img#mv-trellis-img-12{display:block;}img#mv-trellis-img-13::before{padding-top:125%; }img#mv-trellis-img-13{display:block;}img#mv-trellis-img-14::before{padding-top:124.72222222222%; }img#mv-trellis-img-14{display:block;}img#mv-trellis-img-15::before{padding-top:100%; }img#mv-trellis-img-15{display:block;}img#mv-trellis-img-16::before{padding-top:125%; }img#mv-trellis-img-16{display:block;}img#mv-trellis-img-17::before{padding-top:102.87037037037%; }img#mv-trellis-img-17{display:block;}img#mv-trellis-img-18::before{padding-top:125%; }img#mv-trellis-img-18{display:block;}img#mv-trellis-img-19::before{padding-top:100%; }img#mv-trellis-img-19{display:block;}img#mv-trellis-img-20::before{padding-top:100%; }img#mv-trellis-img-20{display:block;}img#mv-trellis-img-21::before{padding-top:125%; }img#mv-trellis-img-21{display:block;}img#mv-trellis-img-22::before{padding-top:125%; }img#mv-trellis-img-22{display:block;}img#mv-trellis-img-23::before{padding-top:100%; }img#mv-trellis-img-23{display:block;}img#mv-trellis-img-24::before{padding-top:108.51851851852%; }img#mv-trellis-img-24{display:block;}img#mv-trellis-img-25::before{padding-top:125%; }img#mv-trellis-img-25{display:block;}img#mv-trellis-img-26::before{padding-top:125%; }img#mv-trellis-img-26{display:block;}img#mv-trellis-img-27::before{padding-top:109.83009708738%; }img#mv-trellis-img-27{display:block;}img#mv-trellis-img-28::before{padding-top:100%; }img#mv-trellis-img-28{display:block;}img#mv-trellis-img-29::before{padding-top:124.62962962963%; }img#mv-trellis-img-29{display:block;}img#mv-trellis-img-30::before{padding-top:104.16666666667%; }img#mv-trellis-img-30{display:block;}<\/style>\n<p>Seguro que la primera pregunta que te haces sobre las capas que enmarcan el rostro es si se adaptar\u00e1n a la textura de tu pelo o a la forma de tu cara. En ese caso, no tienes de qu\u00e9 preocuparte porque estas capas favorecen a todo el mundo. <\/p>\n\n\n\n<p>En esta colecci\u00f3n de capas que enmarcan el rostro para melenas medias, descubrir\u00e1s todas las ventajas de este corte. Las m\u00e1s destacadas son la creaci\u00f3n de un look m\u00e1s suave, la elevaci\u00f3n de los rasgos faciales atractivos y el mayor movimiento del cabello. <\/p>\n\n\n\n<h2 class=\"wp-block-heading\">1. Secado flexible <\/h2>\n\n\n<div class=\"wp-block-image\">\n<figure class=\"aligncenter size-full\"><div style=\"position: relative;\"><noscript><img loading=\"lazy\" decoding=\"async\" width=\"1080\" height=\"1080\" src=\"https:\/\/flawlesshair.com\/wp-content\/uploads\/2023\/10\/Bouncy-Blowdry.jpg\" alt=\"Secado flexible \" class=\"wp-image-26888\" srcset=\"https:\/\/flawlesshair.com\/wp-content\/uploads\/2023\/10\/Bouncy-Blowdry.jpg 1080w, https:\/\/flawlesshair.com\/wp-content\/uploads\/2023\/10\/Bouncy-Blowdry-300x300.jpg 300w, https:\/\/flawlesshair.com\/wp-content\/uploads\/2023\/10\/Bouncy-Blowdry-150x150.jpg 150w, https:\/\/flawlesshair.com\/wp-content\/uploads\/2023\/10\/Bouncy-Blowdry-768x768.jpg 768w, https:\/\/flawlesshair.com\/wp-content\/uploads\/2023\/10\/Bouncy-Blowdry-728x728.jpg 728w, https:\/\/flawlesshair.com\/wp-content\/uploads\/2023\/10\/Bouncy-Blowdry-960x960.jpg 960w\" sizes=\"auto, (max-width: 760px) calc(100vw - 24px), 720px\"><\/noscript><img loading=\"eager\" decoding=\"async\" width=\"1080\" height=\"1080\" src=\"data:image\/svg+xml,%3Csvg%20xmlns='http:\/\/www.w3.org\/2000\/svg'%20viewBox='0%200%201080%201080'%3E%3Crect%20width='1080'%20height='1080'%20style='fill:%23e3e3e3'\/%3E%3C\/svg%3E\" alt=\"Secado flexible \" class=\"wp-image-26888 eager-load\" sizes=\"auto, (max-width: 760px) calc(100vw - 24px), 720px\" data-pin-media=\"https:\/\/flawlesshair.com\/wp-content\/uploads\/2023\/10\/Bouncy-Blowdry.jpg\" id=\"mv-trellis-img-1\" data-src=\"https:\/\/flawlesshair.com\/wp-content\/uploads\/2023\/10\/Bouncy-Blowdry.jpg\" data-srcset=\"https:\/\/flawlesshair.com\/wp-content\/uploads\/2023\/10\/Bouncy-Blowdry.jpg 1080w, https:\/\/flawlesshair.com\/wp-content\/uploads\/2023\/10\/Bouncy-Blowdry-300x300.jpg 300w, https:\/\/flawlesshair.com\/wp-content\/uploads\/2023\/10\/Bouncy-Blowdry-150x150.jpg 150w, https:\/\/flawlesshair.com\/wp-content\/uploads\/2023\/10\/Bouncy-Blowdry-768x768.jpg 768w, https:\/\/flawlesshair.com\/wp-content\/uploads\/2023\/10\/Bouncy-Blowdry-728x728.jpg 728w, https:\/\/flawlesshair.com\/wp-content\/uploads\/2023\/10\/Bouncy-Blowdry-960x960.jpg 960w\" data-svg=\"1\" data-trellis-processed=\"1\"><div style=\"position: absolute; top: 0.5rem; right: 0.75rem;\"> <a href=\"https:\/\/www.pinterest.com\/pin\/create\/button\/\" data-pin-do=\"buttonPin\" data-pin-tall=\"true\" data-pin-url=\"https:\/\/flawlesshair.com\/es\/capas-para-enmarcar-la-cara-pelo-largo-medio\/\" data-pin-media=\"https:\/\/flawlesshair.com\/wp-content\/uploads\/2023\/10\/Bouncy-Blowdry.jpg\" data-pin-description=\"30 Attractive Face-Framing Layers For Medium-Length Hair\" rel=\"nofollow noopener\" target=\"_blank\"> <\/a><\/div><\/div><figcaption class=\"wp-element-caption\">@<a href=\"https:\/\/www.instagram.com\/lizzykirbyhair\/\" target=\"_blank\" rel=\"noreferrer noopener nofollow\">lizzykirbyhair<\/a><\/figcaption><\/figure>\n<\/div>\n\n\n<p>Este es el ejemplo perfecto de peinado para cualquier ocasi\u00f3n. Es formal, elegante, chic y favorecedor. El secador aporta volumen adicional al cabello, mientras que las capas lo mantienen todo unido y hacen que el look dure m\u00e1s tiempo. <\/p>\n\n\n\n<h2 class=\"wp-block-heading\">2. Cabello voluminoso a capas <\/h2>\n\n\n<div class=\"wp-block-image\">\n<figure class=\"aligncenter size-full\"><div style=\"position: relative;\"><noscript><img loading=\"lazy\" decoding=\"async\" width=\"1080\" height=\"1350\" src=\"https:\/\/flawlesshair.com\/wp-content\/uploads\/2023\/10\/Voluminous-Layered-Hair.jpg\" alt=\"Cabello voluminoso a capas \" class=\"wp-image-26885\" srcset=\"https:\/\/flawlesshair.com\/wp-content\/uploads\/2023\/10\/Voluminous-Layered-Hair.jpg 1080w, https:\/\/flawlesshair.com\/wp-content\/uploads\/2023\/10\/Voluminous-Layered-Hair-240x300.jpg 240w, https:\/\/flawlesshair.com\/wp-content\/uploads\/2023\/10\/Voluminous-Layered-Hair-768x960.jpg 768w, https:\/\/flawlesshair.com\/wp-content\/uploads\/2023\/10\/Voluminous-Layered-Hair-864x1080.jpg 864w, https:\/\/flawlesshair.com\/wp-content\/uploads\/2023\/10\/Voluminous-Layered-Hair-960x1200.jpg 960w\" sizes=\"auto, (max-width: 760px) calc(100vw - 24px), 720px\"><\/noscript><img loading=\"lazy\" decoding=\"async\" width=\"1080\" height=\"1350\" src=\"https:\/\/flawlesshair.com\/wp-content\/uploads\/2023\/10\/Voluminous-Layered-Hair.jpg\" alt=\"Cabello voluminoso a capas \" class=\"wp-image-26885 lazyload\" srcset=\"https:\/\/flawlesshair.com\/wp-content\/uploads\/2023\/10\/Voluminous-Layered-Hair.jpg 1080w, https:\/\/flawlesshair.com\/wp-content\/uploads\/2023\/10\/Voluminous-Layered-Hair-240x300.jpg 240w, https:\/\/flawlesshair.com\/wp-content\/uploads\/2023\/10\/Voluminous-Layered-Hair-768x960.jpg 768w, https:\/\/flawlesshair.com\/wp-content\/uploads\/2023\/10\/Voluminous-Layered-Hair-864x1080.jpg 864w, https:\/\/flawlesshair.com\/wp-content\/uploads\/2023\/10\/Voluminous-Layered-Hair-960x1200.jpg 960w\" sizes=\"auto, (max-width: 760px) calc(100vw - 24px), 720px\" data-pin-media=\"https:\/\/flawlesshair.com\/wp-content\/uploads\/2023\/10\/Voluminous-Layered-Hair.jpg\" id=\"mv-trellis-img-2\" data-trellis-processed=\"1\"><div style=\"position: absolute; top: 0.5rem; right: 0.75rem;\"> <a href=\"https:\/\/www.pinterest.com\/pin\/create\/button\/\" data-pin-do=\"buttonPin\" data-pin-tall=\"true\" data-pin-url=\"https:\/\/flawlesshair.com\/es\/capas-para-enmarcar-la-cara-pelo-largo-medio\/\" data-pin-media=\"https:\/\/flawlesshair.com\/wp-content\/uploads\/2023\/10\/Voluminous-Layered-Hair.jpg\" data-pin-description=\"30 Attractive Face-Framing Layers For Medium-Length Hair\" rel=\"nofollow noopener\" target=\"_blank\"> <\/a><\/div><\/div><figcaption class=\"wp-element-caption\">@<a href=\"https:\/\/www.instagram.com\/foxyroxhair\/\" target=\"_blank\" rel=\"noreferrer noopener nofollow\">foxyroxhair<\/a><\/figcaption><\/figure>\n<\/div>\n\n\n<p>Largo <a href=\"https:\/\/flawlesshair.com\/es\/peinados-con-flequillo-cortina\/\">flequillo cortina<\/a> + capas que enmarcan el rostro + puntas emplumadas representan una combinaci\u00f3n perfecta. La forma en que se combinan y complementan es incre\u00edble. <\/p>\n\n\n\n<h2 class=\"wp-block-heading\">3. Capas de Enmarcado para Textura Rizada <\/h2>\n\n\n<div class=\"wp-block-image\">\n<figure class=\"aligncenter size-full is-resized\"><div style=\"position: relative;\"><noscript><img loading=\"lazy\" decoding=\"async\" width=\"1080\" height=\"746\" src=\"https:\/\/flawlesshair.com\/wp-content\/uploads\/2023\/10\/Face-Framing-Layers-For-Curly-Texture.jpg\" alt=\"Capas para enmarcar el rostro con textura rizada \" class=\"wp-image-27009\" style=\"aspect-ratio:1.447721179624665;width:840px;height:auto\" srcset=\"https:\/\/flawlesshair.com\/wp-content\/uploads\/2023\/10\/Face-Framing-Layers-For-Curly-Texture.jpg 1080w, https:\/\/flawlesshair.com\/wp-content\/uploads\/2023\/10\/Face-Framing-Layers-For-Curly-Texture-300x207.jpg 300w, https:\/\/flawlesshair.com\/wp-content\/uploads\/2023\/10\/Face-Framing-Layers-For-Curly-Texture-768x530.jpg 768w, https:\/\/flawlesshair.com\/wp-content\/uploads\/2023\/10\/Face-Framing-Layers-For-Curly-Texture-960x663.jpg 960w\" sizes=\"auto, (max-width: 760px) calc(100vw - 24px), 720px\"><\/noscript><img loading=\"lazy\" decoding=\"async\" width=\"1080\" height=\"746\" src=\"https:\/\/flawlesshair.com\/wp-content\/uploads\/2023\/10\/Face-Framing-Layers-For-Curly-Texture.jpg\" alt=\"Capas para enmarcar el rostro con textura rizada \" class=\"wp-image-27009 lazyload\" style=\"aspect-ratio:1.447721179624665;width:840px;height:auto\" srcset=\"https:\/\/flawlesshair.com\/wp-content\/uploads\/2023\/10\/Face-Framing-Layers-For-Curly-Texture.jpg 1080w, https:\/\/flawlesshair.com\/wp-content\/uploads\/2023\/10\/Face-Framing-Layers-For-Curly-Texture-300x207.jpg 300w, https:\/\/flawlesshair.com\/wp-content\/uploads\/2023\/10\/Face-Framing-Layers-For-Curly-Texture-768x530.jpg 768w, https:\/\/flawlesshair.com\/wp-content\/uploads\/2023\/10\/Face-Framing-Layers-For-Curly-Texture-960x663.jpg 960w\" sizes=\"auto, (max-width: 760px) calc(100vw - 24px), 720px\" data-pin-media=\"https:\/\/flawlesshair.com\/wp-content\/uploads\/2023\/10\/Face-Framing-Layers-For-Curly-Texture.jpg\" id=\"mv-trellis-img-3\" data-trellis-processed=\"1\"><div style=\"position: absolute; top: 0.5rem; right: 0.75rem;\"> <a href=\"https:\/\/www.pinterest.com\/pin\/create\/button\/\" data-pin-do=\"buttonPin\" data-pin-tall=\"true\" data-pin-url=\"https:\/\/flawlesshair.com\/es\/capas-para-enmarcar-la-cara-pelo-largo-medio\/\" data-pin-media=\"https:\/\/flawlesshair.com\/wp-content\/uploads\/2023\/10\/Face-Framing-Layers-For-Curly-Texture.jpg\" data-pin-description=\"30 Attractive Face-Framing Layers For Medium-Length Hair\" rel=\"nofollow noopener\" target=\"_blank\"> <\/a><\/div><\/div><figcaption class=\"wp-element-caption\">@<a href=\"https:\/\/www.instagram.com\/slickback_buttahtoast\/\" target=\"_blank\" rel=\"noreferrer noopener nofollow\">slickback_buttahtoast<\/a><\/figcaption><\/figure>\n<\/div>\n\n\n<p>S\u00ed, las capas que enmarcan el rostro tambi\u00e9n pueden funcionar para la textura rizada. Puedes ver el aspecto mucho m\u00e1s sano y cuidado que adquiere el cabello despu\u00e9s de aplicarle capas. Los rizos tambi\u00e9n son m\u00e1s voluminosos y definidos, y el pelo definitivamente tiene m\u00e1s movimiento. <\/p>\n\n\n\n<h2 class=\"wp-block-heading\">4. Capas de enmarcado de los a\u00f1os 90 <\/h2>\n\n\n<div class=\"wp-block-image\">\n<figure class=\"aligncenter size-full\"><div style=\"position: relative;\"><noscript><img loading=\"lazy\" decoding=\"async\" width=\"1080\" height=\"1346\" src=\"https:\/\/flawlesshair.com\/wp-content\/uploads\/2023\/10\/90s-Face-Framing-Layers.jpg\" alt=\"Capas de enmarcado de los 90 \" class=\"wp-image-26891\" srcset=\"https:\/\/flawlesshair.com\/wp-content\/uploads\/2023\/10\/90s-Face-Framing-Layers.jpg 1080w, https:\/\/flawlesshair.com\/wp-content\/uploads\/2023\/10\/90s-Face-Framing-Layers-241x300.jpg 241w, https:\/\/flawlesshair.com\/wp-content\/uploads\/2023\/10\/90s-Face-Framing-Layers-768x957.jpg 768w, https:\/\/flawlesshair.com\/wp-content\/uploads\/2023\/10\/90s-Face-Framing-Layers-770x960.jpg 770w, https:\/\/flawlesshair.com\/wp-content\/uploads\/2023\/10\/90s-Face-Framing-Layers-867x1080.jpg 867w, https:\/\/flawlesshair.com\/wp-content\/uploads\/2023\/10\/90s-Face-Framing-Layers-963x1200.jpg 963w\" sizes=\"auto, (max-width: 760px) calc(100vw - 24px), 720px\"><\/noscript><img loading=\"lazy\" decoding=\"async\" width=\"1080\" height=\"1346\" src=\"https:\/\/flawlesshair.com\/wp-content\/uploads\/2023\/10\/90s-Face-Framing-Layers.jpg\" alt=\"Capas de enmarcado de los 90 \" class=\"wp-image-26891 lazyload\" srcset=\"https:\/\/flawlesshair.com\/wp-content\/uploads\/2023\/10\/90s-Face-Framing-Layers.jpg 1080w, https:\/\/flawlesshair.com\/wp-content\/uploads\/2023\/10\/90s-Face-Framing-Layers-241x300.jpg 241w, https:\/\/flawlesshair.com\/wp-content\/uploads\/2023\/10\/90s-Face-Framing-Layers-768x957.jpg 768w, https:\/\/flawlesshair.com\/wp-content\/uploads\/2023\/10\/90s-Face-Framing-Layers-770x960.jpg 770w, https:\/\/flawlesshair.com\/wp-content\/uploads\/2023\/10\/90s-Face-Framing-Layers-867x1080.jpg 867w, https:\/\/flawlesshair.com\/wp-content\/uploads\/2023\/10\/90s-Face-Framing-Layers-963x1200.jpg 963w\" sizes=\"auto, (max-width: 760px) calc(100vw - 24px), 720px\" data-pin-media=\"https:\/\/flawlesshair.com\/wp-content\/uploads\/2023\/10\/90s-Face-Framing-Layers.jpg\" id=\"mv-trellis-img-4\" data-trellis-processed=\"1\"><div style=\"position: absolute; top: 0.5rem; right: 0.75rem;\"> <a href=\"https:\/\/www.pinterest.com\/pin\/create\/button\/\" data-pin-do=\"buttonPin\" data-pin-tall=\"true\" data-pin-url=\"https:\/\/flawlesshair.com\/es\/capas-para-enmarcar-la-cara-pelo-largo-medio\/\" data-pin-media=\"https:\/\/flawlesshair.com\/wp-content\/uploads\/2023\/10\/90s-Face-Framing-Layers.jpg\" data-pin-description=\"30 Attractive Face-Framing Layers For Medium-Length Hair\" rel=\"nofollow noopener\" target=\"_blank\"> <\/a><\/div><\/div><figcaption class=\"wp-element-caption\">@<a href=\"https:\/\/www.instagram.com\/sarasison_hairs_kill\/\" target=\"_blank\" rel=\"noreferrer noopener nofollow\">sarasison_hairs_kill<\/a><\/figcaption><\/figure>\n<\/div>\n\n\n<p>El pelo de los 90 era todo volumen y capas para enmarcar la cara. F\u00edjate en c\u00f3mo estas capas resaltan y realzan sus ojos. <\/p>\n\n\n\n<h2 class=\"wp-block-heading\">5. Afeitado con cuchilla <\/h2>\n\n\n<div class=\"wp-block-image\">\n<figure class=\"aligncenter size-full\"><div style=\"position: relative;\"><noscript><img loading=\"lazy\" decoding=\"async\" width=\"1080\" height=\"1080\" src=\"https:\/\/flawlesshair.com\/wp-content\/uploads\/2023\/10\/Razor-Cut-Shag.jpg\" alt=\"Afeitado con cuchilla \" class=\"wp-image-26881\" srcset=\"https:\/\/flawlesshair.com\/wp-content\/uploads\/2023\/10\/Razor-Cut-Shag.jpg 1080w, https:\/\/flawlesshair.com\/wp-content\/uploads\/2023\/10\/Razor-Cut-Shag-300x300.jpg 300w, https:\/\/flawlesshair.com\/wp-content\/uploads\/2023\/10\/Razor-Cut-Shag-150x150.jpg 150w, https:\/\/flawlesshair.com\/wp-content\/uploads\/2023\/10\/Razor-Cut-Shag-768x768.jpg 768w, https:\/\/flawlesshair.com\/wp-content\/uploads\/2023\/10\/Razor-Cut-Shag-728x728.jpg 728w, https:\/\/flawlesshair.com\/wp-content\/uploads\/2023\/10\/Razor-Cut-Shag-960x960.jpg 960w\" sizes=\"auto, (max-width: 760px) calc(100vw - 24px), 720px\"><\/noscript><img loading=\"lazy\" decoding=\"async\" width=\"1080\" height=\"1080\" src=\"https:\/\/flawlesshair.com\/wp-content\/uploads\/2023\/10\/Razor-Cut-Shag.jpg\" alt=\"Afeitado con cuchilla \" class=\"wp-image-26881 lazyload\" srcset=\"https:\/\/flawlesshair.com\/wp-content\/uploads\/2023\/10\/Razor-Cut-Shag.jpg 1080w, https:\/\/flawlesshair.com\/wp-content\/uploads\/2023\/10\/Razor-Cut-Shag-300x300.jpg 300w, https:\/\/flawlesshair.com\/wp-content\/uploads\/2023\/10\/Razor-Cut-Shag-150x150.jpg 150w, https:\/\/flawlesshair.com\/wp-content\/uploads\/2023\/10\/Razor-Cut-Shag-768x768.jpg 768w, https:\/\/flawlesshair.com\/wp-content\/uploads\/2023\/10\/Razor-Cut-Shag-728x728.jpg 728w, https:\/\/flawlesshair.com\/wp-content\/uploads\/2023\/10\/Razor-Cut-Shag-960x960.jpg 960w\" sizes=\"auto, (max-width: 760px) calc(100vw - 24px), 720px\" data-pin-media=\"https:\/\/flawlesshair.com\/wp-content\/uploads\/2023\/10\/Razor-Cut-Shag.jpg\" id=\"mv-trellis-img-5\" data-trellis-processed=\"1\"><div style=\"position: absolute; top: 0.5rem; right: 0.75rem;\"> <a href=\"https:\/\/www.pinterest.com\/pin\/create\/button\/\" data-pin-do=\"buttonPin\" data-pin-tall=\"true\" data-pin-url=\"https:\/\/flawlesshair.com\/es\/capas-para-enmarcar-la-cara-pelo-largo-medio\/\" data-pin-media=\"https:\/\/flawlesshair.com\/wp-content\/uploads\/2023\/10\/Razor-Cut-Shag.jpg\" data-pin-description=\"30 Attractive Face-Framing Layers For Medium-Length Hair\" rel=\"nofollow noopener\" target=\"_blank\"> <\/a><\/div><\/div><figcaption class=\"wp-element-caption\">@<a href=\"https:\/\/www.instagram.com\/ellienorski\/\" target=\"_blank\" rel=\"noreferrer noopener nofollow\">ellienorski<\/a><\/figcaption><\/figure>\n<\/div>\n\n\n<p>El corte a navaja, que enmarca el rostro, es perfecto para quienes desean a\u00f1adir un poco de volumen a la coronilla y enriquecer el movimiento del cabello. Sin embargo, no recomiendo esta t\u00e9cnica de corte si tienes <a href=\"https:\/\/flawlesshair.com\/es\/guia-para-el-cabello-encrespado\/\">pelo encrespado<\/a> o puntas da\u00f1adas y abiertas, ya que un corte con cuchilla provocar\u00e1 a\u00fan m\u00e1s rotura. <\/p>\n\n\n\n<h2 class=\"wp-block-heading\">6. Ondas sutiles que enmarcan el rostro<\/h2>\n\n\n<div class=\"wp-block-image\">\n<figure class=\"aligncenter size-full\"><div style=\"position: relative;\"><noscript><img loading=\"lazy\" decoding=\"async\" width=\"1080\" height=\"1343\" src=\"https:\/\/flawlesshair.com\/wp-content\/uploads\/2023\/10\/Subtle-Face-Framing-Waves.jpg\" alt=\"Ondas sutiles para enmarcar el rostro \" class=\"wp-image-26944\" srcset=\"https:\/\/flawlesshair.com\/wp-content\/uploads\/2023\/10\/Subtle-Face-Framing-Waves.jpg 1080w, https:\/\/flawlesshair.com\/wp-content\/uploads\/2023\/10\/Subtle-Face-Framing-Waves-241x300.jpg 241w, https:\/\/flawlesshair.com\/wp-content\/uploads\/2023\/10\/Subtle-Face-Framing-Waves-768x955.jpg 768w, https:\/\/flawlesshair.com\/wp-content\/uploads\/2023\/10\/Subtle-Face-Framing-Waves-772x960.jpg 772w, https:\/\/flawlesshair.com\/wp-content\/uploads\/2023\/10\/Subtle-Face-Framing-Waves-869x1080.jpg 869w, https:\/\/flawlesshair.com\/wp-content\/uploads\/2023\/10\/Subtle-Face-Framing-Waves-965x1200.jpg 965w\" sizes=\"auto, (max-width: 760px) calc(100vw - 24px), 720px\"><\/noscript><img loading=\"lazy\" decoding=\"async\" width=\"1080\" height=\"1343\" src=\"https:\/\/flawlesshair.com\/wp-content\/uploads\/2023\/10\/Subtle-Face-Framing-Waves.jpg\" alt=\"Ondas sutiles para enmarcar el rostro \" class=\"wp-image-26944 lazyload\" srcset=\"https:\/\/flawlesshair.com\/wp-content\/uploads\/2023\/10\/Subtle-Face-Framing-Waves.jpg 1080w, https:\/\/flawlesshair.com\/wp-content\/uploads\/2023\/10\/Subtle-Face-Framing-Waves-241x300.jpg 241w, https:\/\/flawlesshair.com\/wp-content\/uploads\/2023\/10\/Subtle-Face-Framing-Waves-768x955.jpg 768w, https:\/\/flawlesshair.com\/wp-content\/uploads\/2023\/10\/Subtle-Face-Framing-Waves-772x960.jpg 772w, https:\/\/flawlesshair.com\/wp-content\/uploads\/2023\/10\/Subtle-Face-Framing-Waves-869x1080.jpg 869w, https:\/\/flawlesshair.com\/wp-content\/uploads\/2023\/10\/Subtle-Face-Framing-Waves-965x1200.jpg 965w\" sizes=\"auto, (max-width: 760px) calc(100vw - 24px), 720px\" data-pin-media=\"https:\/\/flawlesshair.com\/wp-content\/uploads\/2023\/10\/Subtle-Face-Framing-Waves.jpg\" id=\"mv-trellis-img-6\" data-trellis-processed=\"1\"><div style=\"position: absolute; top: 0.5rem; right: 0.75rem;\"> <a href=\"https:\/\/www.pinterest.com\/pin\/create\/button\/\" data-pin-do=\"buttonPin\" data-pin-tall=\"true\" data-pin-url=\"https:\/\/flawlesshair.com\/es\/capas-para-enmarcar-la-cara-pelo-largo-medio\/\" data-pin-media=\"https:\/\/flawlesshair.com\/wp-content\/uploads\/2023\/10\/Subtle-Face-Framing-Waves.jpg\" data-pin-description=\"30 Attractive Face-Framing Layers For Medium-Length Hair\" rel=\"nofollow noopener\" target=\"_blank\"> <\/a><\/div><\/div><figcaption class=\"wp-element-caption\">@<a href=\"https:\/\/www.instagram.com\/hirohair\/\" target=\"_blank\" rel=\"noreferrer noopener nofollow\">hirohair<\/a><\/figcaption><\/figure>\n<\/div>\n\n\n<p>Al combinar <a href=\"https:\/\/flawlesshair.com\/es\/10-maneras-faciles-de-conseguir-un-pelo-ondulado-sin-calor\/\">pelo ondulado<\/a> y capas que enmarcan el rostro, conseguir\u00e1s un peinado adecuado para cada ocasi\u00f3n. Las ondas se adaptan a cualquier longitud de pelo y siempre aportan un toque de elegancia desenfadada a tu look. <\/p>\n\n\n\n<h2 class=\"wp-block-heading\">7. Negro y platino Split <\/h2>\n\n\n<div class=\"wp-block-image\">\n<figure class=\"aligncenter size-full\"><div style=\"position: relative;\"><noscript><img loading=\"lazy\" decoding=\"async\" width=\"1080\" height=\"1182\" src=\"https:\/\/flawlesshair.com\/wp-content\/uploads\/2023\/10\/Black-And-Platinum-Split.jpg\" alt=\"Negro y platino partido\" class=\"wp-image-26946\" srcset=\"https:\/\/flawlesshair.com\/wp-content\/uploads\/2023\/10\/Black-And-Platinum-Split.jpg 1080w, https:\/\/flawlesshair.com\/wp-content\/uploads\/2023\/10\/Black-And-Platinum-Split-274x300.jpg 274w, https:\/\/flawlesshair.com\/wp-content\/uploads\/2023\/10\/Black-And-Platinum-Split-768x841.jpg 768w, https:\/\/flawlesshair.com\/wp-content\/uploads\/2023\/10\/Black-And-Platinum-Split-877x960.jpg 877w, https:\/\/flawlesshair.com\/wp-content\/uploads\/2023\/10\/Black-And-Platinum-Split-987x1080.jpg 987w\" sizes=\"auto, (max-width: 760px) calc(100vw - 24px), 720px\"><\/noscript><img loading=\"lazy\" decoding=\"async\" width=\"1080\" height=\"1182\" src=\"https:\/\/flawlesshair.com\/wp-content\/uploads\/2023\/10\/Black-And-Platinum-Split.jpg\" alt=\"Negro y platino partido\" class=\"wp-image-26946 lazyload\" srcset=\"https:\/\/flawlesshair.com\/wp-content\/uploads\/2023\/10\/Black-And-Platinum-Split.jpg 1080w, https:\/\/flawlesshair.com\/wp-content\/uploads\/2023\/10\/Black-And-Platinum-Split-274x300.jpg 274w, https:\/\/flawlesshair.com\/wp-content\/uploads\/2023\/10\/Black-And-Platinum-Split-768x841.jpg 768w, https:\/\/flawlesshair.com\/wp-content\/uploads\/2023\/10\/Black-And-Platinum-Split-877x960.jpg 877w, https:\/\/flawlesshair.com\/wp-content\/uploads\/2023\/10\/Black-And-Platinum-Split-987x1080.jpg 987w\" sizes=\"auto, (max-width: 760px) calc(100vw - 24px), 720px\" data-pin-media=\"https:\/\/flawlesshair.com\/wp-content\/uploads\/2023\/10\/Black-And-Platinum-Split.jpg\" id=\"mv-trellis-img-7\" data-trellis-processed=\"1\"><div style=\"position: absolute; top: 0.5rem; right: 0.75rem;\"> <a href=\"https:\/\/www.pinterest.com\/pin\/create\/button\/\" data-pin-do=\"buttonPin\" data-pin-tall=\"true\" data-pin-url=\"https:\/\/flawlesshair.com\/es\/capas-para-enmarcar-la-cara-pelo-largo-medio\/\" data-pin-media=\"https:\/\/flawlesshair.com\/wp-content\/uploads\/2023\/10\/Black-And-Platinum-Split.jpg\" data-pin-description=\"30 Attractive Face-Framing Layers For Medium-Length Hair\" rel=\"nofollow noopener\" target=\"_blank\"> <\/a><\/div><\/div><figcaption class=\"wp-element-caption\">@<a href=\"https:\/\/www.instagram.com\/manemisfit\/\" target=\"_blank\" rel=\"noreferrer noopener nofollow\">manemisfit<\/a><\/figcaption><\/figure>\n<\/div>\n\n\n<p>Esta combinaci\u00f3n de negro y platino es impresionante, de eso no hay duda. Quer\u00eda llamar la atenci\u00f3n sobre estas capas que enmarcan el rostro y la forma en que resaltan sus ojos. Sencillamente preciosa.<\/p>\n\n\n\n<h2 class=\"wp-block-heading\">8. Corte de mariposa <\/h2>\n\n\n<div class=\"wp-block-image\">\n<figure class=\"aligncenter size-full\"><div style=\"position: relative;\"><noscript><img loading=\"lazy\" decoding=\"async\" width=\"1080\" height=\"1080\" src=\"https:\/\/flawlesshair.com\/wp-content\/uploads\/2023\/10\/Face-Framing-Butterfly-Cut.jpg\" alt=\"Corte de mariposa \" class=\"wp-image-27022\" srcset=\"https:\/\/flawlesshair.com\/wp-content\/uploads\/2023\/10\/Face-Framing-Butterfly-Cut.jpg 1080w, https:\/\/flawlesshair.com\/wp-content\/uploads\/2023\/10\/Face-Framing-Butterfly-Cut-300x300.jpg 300w, https:\/\/flawlesshair.com\/wp-content\/uploads\/2023\/10\/Face-Framing-Butterfly-Cut-150x150.jpg 150w, https:\/\/flawlesshair.com\/wp-content\/uploads\/2023\/10\/Face-Framing-Butterfly-Cut-768x768.jpg 768w, https:\/\/flawlesshair.com\/wp-content\/uploads\/2023\/10\/Face-Framing-Butterfly-Cut-728x728.jpg 728w, https:\/\/flawlesshair.com\/wp-content\/uploads\/2023\/10\/Face-Framing-Butterfly-Cut-960x960.jpg 960w\" sizes=\"auto, (max-width: 760px) calc(100vw - 24px), 720px\"><\/noscript><img loading=\"lazy\" decoding=\"async\" width=\"1080\" height=\"1080\" src=\"https:\/\/flawlesshair.com\/wp-content\/uploads\/2023\/10\/Face-Framing-Butterfly-Cut.jpg\" alt=\"Corte de mariposa \" class=\"wp-image-27022 lazyload\" srcset=\"https:\/\/flawlesshair.com\/wp-content\/uploads\/2023\/10\/Face-Framing-Butterfly-Cut.jpg 1080w, https:\/\/flawlesshair.com\/wp-content\/uploads\/2023\/10\/Face-Framing-Butterfly-Cut-300x300.jpg 300w, https:\/\/flawlesshair.com\/wp-content\/uploads\/2023\/10\/Face-Framing-Butterfly-Cut-150x150.jpg 150w, https:\/\/flawlesshair.com\/wp-content\/uploads\/2023\/10\/Face-Framing-Butterfly-Cut-768x768.jpg 768w, https:\/\/flawlesshair.com\/wp-content\/uploads\/2023\/10\/Face-Framing-Butterfly-Cut-728x728.jpg 728w, https:\/\/flawlesshair.com\/wp-content\/uploads\/2023\/10\/Face-Framing-Butterfly-Cut-960x960.jpg 960w\" sizes=\"auto, (max-width: 760px) calc(100vw - 24px), 720px\" data-pin-media=\"https:\/\/flawlesshair.com\/wp-content\/uploads\/2023\/10\/Face-Framing-Butterfly-Cut.jpg\" id=\"mv-trellis-img-8\" data-trellis-processed=\"1\"><div style=\"position: absolute; top: 0.5rem; right: 0.75rem;\"> <a href=\"https:\/\/www.pinterest.com\/pin\/create\/button\/\" data-pin-do=\"buttonPin\" data-pin-tall=\"true\" data-pin-url=\"https:\/\/flawlesshair.com\/es\/capas-para-enmarcar-la-cara-pelo-largo-medio\/\" data-pin-media=\"https:\/\/flawlesshair.com\/wp-content\/uploads\/2023\/10\/Face-Framing-Butterfly-Cut.jpg\" data-pin-description=\"30 Attractive Face-Framing Layers For Medium-Length Hair\" rel=\"nofollow noopener\" target=\"_blank\"> <\/a><\/div><\/div><figcaption class=\"wp-element-caption\">@<a href=\"https:\/\/www.instagram.com\/kayla__bennett\/\" target=\"_blank\" rel=\"noreferrer noopener nofollow\">kayla__bennett<\/a><\/figcaption><\/figure>\n<\/div>\n\n\n<p>El mayor objetivo de un <a href=\"https:\/\/flawlesshair.com\/es\/corte-de-pelo-mariposa\/\">corte mariposa<\/a> es eliminar todo el peso excesivo del cabello. Las capas de plumas dan movimiento al cabello y crean un look fluido y s\u00faper chic. <\/p>\n\n\n\n<h2 class=\"wp-block-heading\">9. Capas que enmarcan el rostro para cabello grueso <\/h2>\n\n\n<div class=\"wp-block-image\">\n<figure class=\"aligncenter size-full\"><div style=\"position: relative;\"><noscript><img loading=\"lazy\" decoding=\"async\" width=\"1080\" height=\"1080\" src=\"https:\/\/flawlesshair.com\/wp-content\/uploads\/2023\/10\/Face-Framing-Layers-For-Thick-Hair.jpg\" alt=\"Capas que enmarcan el rostro para cabello grueso \" class=\"wp-image-26992\" srcset=\"https:\/\/flawlesshair.com\/wp-content\/uploads\/2023\/10\/Face-Framing-Layers-For-Thick-Hair.jpg 1080w, https:\/\/flawlesshair.com\/wp-content\/uploads\/2023\/10\/Face-Framing-Layers-For-Thick-Hair-300x300.jpg 300w, https:\/\/flawlesshair.com\/wp-content\/uploads\/2023\/10\/Face-Framing-Layers-For-Thick-Hair-150x150.jpg 150w, https:\/\/flawlesshair.com\/wp-content\/uploads\/2023\/10\/Face-Framing-Layers-For-Thick-Hair-768x768.jpg 768w, https:\/\/flawlesshair.com\/wp-content\/uploads\/2023\/10\/Face-Framing-Layers-For-Thick-Hair-728x728.jpg 728w, https:\/\/flawlesshair.com\/wp-content\/uploads\/2023\/10\/Face-Framing-Layers-For-Thick-Hair-960x960.jpg 960w\" sizes=\"auto, (max-width: 760px) calc(100vw - 24px), 720px\"><\/noscript><img loading=\"lazy\" decoding=\"async\" width=\"1080\" height=\"1080\" src=\"https:\/\/flawlesshair.com\/wp-content\/uploads\/2023\/10\/Face-Framing-Layers-For-Thick-Hair.jpg\" alt=\"Capas que enmarcan el rostro para cabello grueso \" class=\"wp-image-26992 lazyload\" srcset=\"https:\/\/flawlesshair.com\/wp-content\/uploads\/2023\/10\/Face-Framing-Layers-For-Thick-Hair.jpg 1080w, https:\/\/flawlesshair.com\/wp-content\/uploads\/2023\/10\/Face-Framing-Layers-For-Thick-Hair-300x300.jpg 300w, https:\/\/flawlesshair.com\/wp-content\/uploads\/2023\/10\/Face-Framing-Layers-For-Thick-Hair-150x150.jpg 150w, https:\/\/flawlesshair.com\/wp-content\/uploads\/2023\/10\/Face-Framing-Layers-For-Thick-Hair-768x768.jpg 768w, https:\/\/flawlesshair.com\/wp-content\/uploads\/2023\/10\/Face-Framing-Layers-For-Thick-Hair-728x728.jpg 728w, https:\/\/flawlesshair.com\/wp-content\/uploads\/2023\/10\/Face-Framing-Layers-For-Thick-Hair-960x960.jpg 960w\" sizes=\"auto, (max-width: 760px) calc(100vw - 24px), 720px\" data-pin-media=\"https:\/\/flawlesshair.com\/wp-content\/uploads\/2023\/10\/Face-Framing-Layers-For-Thick-Hair.jpg\" id=\"mv-trellis-img-9\" data-trellis-processed=\"1\"><div style=\"position: absolute; top: 0.5rem; right: 0.75rem;\"> <a href=\"https:\/\/www.pinterest.com\/pin\/create\/button\/\" data-pin-do=\"buttonPin\" data-pin-tall=\"true\" data-pin-url=\"https:\/\/flawlesshair.com\/es\/capas-para-enmarcar-la-cara-pelo-largo-medio\/\" data-pin-media=\"https:\/\/flawlesshair.com\/wp-content\/uploads\/2023\/10\/Face-Framing-Layers-For-Thick-Hair.jpg\" data-pin-description=\"30 Attractive Face-Framing Layers For Medium-Length Hair\" rel=\"nofollow noopener\" target=\"_blank\"> <\/a><\/div><\/div><figcaption class=\"wp-element-caption\">@<a href=\"https:\/\/www.instagram.com\/shear_sorceress\/\" target=\"_blank\" rel=\"noreferrer noopener nofollow\">shear_sorceress<\/a><\/figcaption><\/figure>\n<\/div>\n\n\n<p>F\u00edjate bien en esta foto y comprueba hasta qu\u00e9 punto unas cuantas capas que enmarquen tu rostro pueden refrescarlo y hacerte parecer m\u00e1s joven. Las capas pueden dar la impresi\u00f3n de un cabello m\u00e1s fino manteniendo el volumen y, lo m\u00e1s importante, sin da\u00f1arlo.  <\/p>\n\n\n\n<h2 class=\"wp-block-heading\">10. Estilo bohemio <\/h2>\n\n\n<div class=\"wp-block-image\">\n<figure class=\"aligncenter size-full\"><div style=\"position: relative;\"><noscript><img loading=\"lazy\" decoding=\"async\" width=\"1080\" height=\"1080\" src=\"https:\/\/flawlesshair.com\/wp-content\/uploads\/2023\/10\/Bohemian-Style.jpg\" alt=\"Estilo bohemio \" class=\"wp-image-27034\" srcset=\"https:\/\/flawlesshair.com\/wp-content\/uploads\/2023\/10\/Bohemian-Style.jpg 1080w, https:\/\/flawlesshair.com\/wp-content\/uploads\/2023\/10\/Bohemian-Style-300x300.jpg 300w, https:\/\/flawlesshair.com\/wp-content\/uploads\/2023\/10\/Bohemian-Style-150x150.jpg 150w, https:\/\/flawlesshair.com\/wp-content\/uploads\/2023\/10\/Bohemian-Style-768x768.jpg 768w, https:\/\/flawlesshair.com\/wp-content\/uploads\/2023\/10\/Bohemian-Style-728x728.jpg 728w, https:\/\/flawlesshair.com\/wp-content\/uploads\/2023\/10\/Bohemian-Style-960x960.jpg 960w\" sizes=\"auto, (max-width: 760px) calc(100vw - 24px), 720px\"><\/noscript><img loading=\"lazy\" decoding=\"async\" width=\"1080\" height=\"1080\" src=\"https:\/\/flawlesshair.com\/wp-content\/uploads\/2023\/10\/Bohemian-Style.jpg\" alt=\"Estilo bohemio \" class=\"wp-image-27034 lazyload\" srcset=\"https:\/\/flawlesshair.com\/wp-content\/uploads\/2023\/10\/Bohemian-Style.jpg 1080w, https:\/\/flawlesshair.com\/wp-content\/uploads\/2023\/10\/Bohemian-Style-300x300.jpg 300w, https:\/\/flawlesshair.com\/wp-content\/uploads\/2023\/10\/Bohemian-Style-150x150.jpg 150w, https:\/\/flawlesshair.com\/wp-content\/uploads\/2023\/10\/Bohemian-Style-768x768.jpg 768w, https:\/\/flawlesshair.com\/wp-content\/uploads\/2023\/10\/Bohemian-Style-728x728.jpg 728w, https:\/\/flawlesshair.com\/wp-content\/uploads\/2023\/10\/Bohemian-Style-960x960.jpg 960w\" sizes=\"auto, (max-width: 760px) calc(100vw - 24px), 720px\" data-pin-media=\"https:\/\/flawlesshair.com\/wp-content\/uploads\/2023\/10\/Bohemian-Style.jpg\" id=\"mv-trellis-img-10\" data-trellis-processed=\"1\"><div style=\"position: absolute; top: 0.5rem; right: 0.75rem;\"> <a href=\"https:\/\/www.pinterest.com\/pin\/create\/button\/\" data-pin-do=\"buttonPin\" data-pin-tall=\"true\" data-pin-url=\"https:\/\/flawlesshair.com\/es\/capas-para-enmarcar-la-cara-pelo-largo-medio\/\" data-pin-media=\"https:\/\/flawlesshair.com\/wp-content\/uploads\/2023\/10\/Bohemian-Style.jpg\" data-pin-description=\"30 Attractive Face-Framing Layers For Medium-Length Hair\" rel=\"nofollow noopener\" target=\"_blank\"> <\/a><\/div><\/div><figcaption class=\"wp-element-caption\">@<a href=\"https:\/\/www.instagram.com\/hollygirldoeshair\/\" target=\"_blank\" rel=\"noreferrer noopener nofollow\">hollygirldoeshair<\/a><\/figcaption><\/figure>\n<\/div>\n\n\n<p>Las capas rizadas que enmarcan el rostro son uno de los peinados boho m\u00e1s cl\u00e1sicos. Es un poco desordenado, pero conserva ese aire rom\u00e1ntico y femenino. <\/p>\n\n\n\n<h2 class=\"wp-block-heading\">11. Capas suaves de enmarcado facial <\/h2>\n\n\n<div class=\"wp-block-image\">\n<figure class=\"aligncenter size-full\"><div style=\"position: relative;\"><noscript><img loading=\"lazy\" decoding=\"async\" width=\"1080\" height=\"1350\" src=\"https:\/\/flawlesshair.com\/wp-content\/uploads\/2023\/10\/Soft-Face-Framing-Layers.jpg\" alt=\"Capas suaves de enmarcado facial \" class=\"wp-image-26886\" srcset=\"https:\/\/flawlesshair.com\/wp-content\/uploads\/2023\/10\/Soft-Face-Framing-Layers.jpg 1080w, https:\/\/flawlesshair.com\/wp-content\/uploads\/2023\/10\/Soft-Face-Framing-Layers-240x300.jpg 240w, https:\/\/flawlesshair.com\/wp-content\/uploads\/2023\/10\/Soft-Face-Framing-Layers-768x960.jpg 768w, https:\/\/flawlesshair.com\/wp-content\/uploads\/2023\/10\/Soft-Face-Framing-Layers-864x1080.jpg 864w, https:\/\/flawlesshair.com\/wp-content\/uploads\/2023\/10\/Soft-Face-Framing-Layers-960x1200.jpg 960w\" sizes=\"auto, (max-width: 760px) calc(100vw - 24px), 720px\"><\/noscript><img loading=\"lazy\" decoding=\"async\" width=\"1080\" height=\"1350\" src=\"https:\/\/flawlesshair.com\/wp-content\/uploads\/2023\/10\/Soft-Face-Framing-Layers.jpg\" alt=\"Capas suaves de enmarcado facial \" class=\"wp-image-26886 lazyload\" srcset=\"https:\/\/flawlesshair.com\/wp-content\/uploads\/2023\/10\/Soft-Face-Framing-Layers.jpg 1080w, https:\/\/flawlesshair.com\/wp-content\/uploads\/2023\/10\/Soft-Face-Framing-Layers-240x300.jpg 240w, https:\/\/flawlesshair.com\/wp-content\/uploads\/2023\/10\/Soft-Face-Framing-Layers-768x960.jpg 768w, https:\/\/flawlesshair.com\/wp-content\/uploads\/2023\/10\/Soft-Face-Framing-Layers-864x1080.jpg 864w, https:\/\/flawlesshair.com\/wp-content\/uploads\/2023\/10\/Soft-Face-Framing-Layers-960x1200.jpg 960w\" sizes=\"auto, (max-width: 760px) calc(100vw - 24px), 720px\" data-pin-media=\"https:\/\/flawlesshair.com\/wp-content\/uploads\/2023\/10\/Soft-Face-Framing-Layers.jpg\" id=\"mv-trellis-img-11\" data-trellis-processed=\"1\"><div style=\"position: absolute; top: 0.5rem; right: 0.75rem;\"> <a href=\"https:\/\/www.pinterest.com\/pin\/create\/button\/\" data-pin-do=\"buttonPin\" data-pin-tall=\"true\" data-pin-url=\"https:\/\/flawlesshair.com\/es\/capas-para-enmarcar-la-cara-pelo-largo-medio\/\" data-pin-media=\"https:\/\/flawlesshair.com\/wp-content\/uploads\/2023\/10\/Soft-Face-Framing-Layers.jpg\" data-pin-description=\"30 Attractive Face-Framing Layers For Medium-Length Hair\" rel=\"nofollow noopener\" target=\"_blank\"> <\/a><\/div><\/div><figcaption class=\"wp-element-caption\">@<a href=\"https:\/\/www.instagram.com\/jisu_sunny\/\" target=\"_blank\" rel=\"noreferrer noopener nofollow\">jisu_sunny<\/a><\/figcaption><\/figure>\n<\/div>\n\n\n<p>Si no eres del tipo de chica de \"muchas capas\", aqu\u00ed tienes algo que te gustar\u00e1. Estos <a href=\"https:\/\/flawlesshair.com\/es\/peinados-con-flequillo-cortina\/\">flequillo cortina<\/a> y unas simples capas bastan para enmarcar el rostro y suavizar algunos rasgos faciales duros. <\/p>\n\n\n\n<h2 class=\"wp-block-heading\">12. Capas largas <\/h2>\n\n\n<div class=\"wp-block-image\">\n<figure class=\"aligncenter size-full\"><div style=\"position: relative;\"><noscript><img loading=\"lazy\" decoding=\"async\" width=\"1080\" height=\"1080\" src=\"https:\/\/flawlesshair.com\/wp-content\/uploads\/2023\/10\/long-layers.jpg\" alt=\"capas largas\" class=\"wp-image-26889\" srcset=\"https:\/\/flawlesshair.com\/wp-content\/uploads\/2023\/10\/long-layers.jpg 1080w, https:\/\/flawlesshair.com\/wp-content\/uploads\/2023\/10\/long-layers-300x300.jpg 300w, https:\/\/flawlesshair.com\/wp-content\/uploads\/2023\/10\/long-layers-150x150.jpg 150w, https:\/\/flawlesshair.com\/wp-content\/uploads\/2023\/10\/long-layers-768x768.jpg 768w, https:\/\/flawlesshair.com\/wp-content\/uploads\/2023\/10\/long-layers-728x728.jpg 728w, https:\/\/flawlesshair.com\/wp-content\/uploads\/2023\/10\/long-layers-960x960.jpg 960w\" sizes=\"auto, (max-width: 760px) calc(100vw - 24px), 720px\"><\/noscript><img loading=\"lazy\" decoding=\"async\" width=\"1080\" height=\"1080\" src=\"https:\/\/flawlesshair.com\/wp-content\/uploads\/2023\/10\/long-layers.jpg\" alt=\"capas largas\" class=\"wp-image-26889 lazyload\" srcset=\"https:\/\/flawlesshair.com\/wp-content\/uploads\/2023\/10\/long-layers.jpg 1080w, https:\/\/flawlesshair.com\/wp-content\/uploads\/2023\/10\/long-layers-300x300.jpg 300w, https:\/\/flawlesshair.com\/wp-content\/uploads\/2023\/10\/long-layers-150x150.jpg 150w, https:\/\/flawlesshair.com\/wp-content\/uploads\/2023\/10\/long-layers-768x768.jpg 768w, https:\/\/flawlesshair.com\/wp-content\/uploads\/2023\/10\/long-layers-728x728.jpg 728w, https:\/\/flawlesshair.com\/wp-content\/uploads\/2023\/10\/long-layers-960x960.jpg 960w\" sizes=\"auto, (max-width: 760px) calc(100vw - 24px), 720px\" data-pin-media=\"https:\/\/flawlesshair.com\/wp-content\/uploads\/2023\/10\/long-layers.jpg\" id=\"mv-trellis-img-12\" data-trellis-processed=\"1\"><div style=\"position: absolute; top: 0.5rem; right: 0.75rem;\"> <a href=\"https:\/\/www.pinterest.com\/pin\/create\/button\/\" data-pin-do=\"buttonPin\" data-pin-tall=\"true\" data-pin-url=\"https:\/\/flawlesshair.com\/es\/capas-para-enmarcar-la-cara-pelo-largo-medio\/\" data-pin-media=\"https:\/\/flawlesshair.com\/wp-content\/uploads\/2023\/10\/long-layers.jpg\" data-pin-description=\"30 Attractive Face-Framing Layers For Medium-Length Hair\" rel=\"nofollow noopener\" target=\"_blank\"> <\/a><\/div><\/div><figcaption class=\"wp-element-caption\">@<a href=\"https:\/\/www.instagram.com\/glamgirlgabi\/\" target=\"_blank\" rel=\"noreferrer noopener nofollow\">glamgirlgabi<\/a><\/figcaption><\/figure>\n<\/div>\n\n\n<p>Estas capas que enmarcan el rostro sin esfuerzo y apenas se notan son un gran truco para contornear la cara y hacer que parezca m\u00e1s delgada. Combinan con el pelo suelto de forma natural y favorecen sobre todo a las mujeres con <a href=\"https:\/\/flawlesshair.com\/es\/flequillo-para-cara-ovalada\/\">formas de cara ovaladas<\/a>. <\/p>\n\n\n\n<h2 class=\"wp-block-heading\">13. Lob Rubio Con Raya Lavanda<\/h2>\n\n\n<div class=\"wp-block-image\">\n<figure class=\"aligncenter size-full\"><div style=\"position: relative;\"><noscript><img loading=\"lazy\" decoding=\"async\" width=\"1080\" height=\"1350\" src=\"https:\/\/flawlesshair.com\/wp-content\/uploads\/2023\/10\/Blonde-Lob-With-Lavender-Freak-Streak.jpg\" alt=\"Lob Rubio Con Raya Lavanda\" class=\"wp-image-26883\" srcset=\"https:\/\/flawlesshair.com\/wp-content\/uploads\/2023\/10\/Blonde-Lob-With-Lavender-Freak-Streak.jpg 1080w, https:\/\/flawlesshair.com\/wp-content\/uploads\/2023\/10\/Blonde-Lob-With-Lavender-Freak-Streak-240x300.jpg 240w, https:\/\/flawlesshair.com\/wp-content\/uploads\/2023\/10\/Blonde-Lob-With-Lavender-Freak-Streak-768x960.jpg 768w, https:\/\/flawlesshair.com\/wp-content\/uploads\/2023\/10\/Blonde-Lob-With-Lavender-Freak-Streak-864x1080.jpg 864w, https:\/\/flawlesshair.com\/wp-content\/uploads\/2023\/10\/Blonde-Lob-With-Lavender-Freak-Streak-960x1200.jpg 960w\" sizes=\"auto, (max-width: 760px) calc(100vw - 24px), 720px\"><\/noscript><img loading=\"lazy\" decoding=\"async\" width=\"1080\" height=\"1350\" src=\"https:\/\/flawlesshair.com\/wp-content\/uploads\/2023\/10\/Blonde-Lob-With-Lavender-Freak-Streak.jpg\" alt=\"Lob Rubio Con Raya Lavanda\" class=\"wp-image-26883 lazyload\" srcset=\"https:\/\/flawlesshair.com\/wp-content\/uploads\/2023\/10\/Blonde-Lob-With-Lavender-Freak-Streak.jpg 1080w, https:\/\/flawlesshair.com\/wp-content\/uploads\/2023\/10\/Blonde-Lob-With-Lavender-Freak-Streak-240x300.jpg 240w, https:\/\/flawlesshair.com\/wp-content\/uploads\/2023\/10\/Blonde-Lob-With-Lavender-Freak-Streak-768x960.jpg 768w, https:\/\/flawlesshair.com\/wp-content\/uploads\/2023\/10\/Blonde-Lob-With-Lavender-Freak-Streak-864x1080.jpg 864w, https:\/\/flawlesshair.com\/wp-content\/uploads\/2023\/10\/Blonde-Lob-With-Lavender-Freak-Streak-960x1200.jpg 960w\" sizes=\"auto, (max-width: 760px) calc(100vw - 24px), 720px\" data-pin-media=\"https:\/\/flawlesshair.com\/wp-content\/uploads\/2023\/10\/Blonde-Lob-With-Lavender-Freak-Streak.jpg\" id=\"mv-trellis-img-13\" data-trellis-processed=\"1\"><div style=\"position: absolute; top: 0.5rem; right: 0.75rem;\"> <a href=\"https:\/\/www.pinterest.com\/pin\/create\/button\/\" data-pin-do=\"buttonPin\" data-pin-tall=\"true\" data-pin-url=\"https:\/\/flawlesshair.com\/es\/capas-para-enmarcar-la-cara-pelo-largo-medio\/\" data-pin-media=\"https:\/\/flawlesshair.com\/wp-content\/uploads\/2023\/10\/Blonde-Lob-With-Lavender-Freak-Streak.jpg\" data-pin-description=\"30 Attractive Face-Framing Layers For Medium-Length Hair\" rel=\"nofollow noopener\" target=\"_blank\"> <\/a><\/div><\/div><figcaption class=\"wp-element-caption\">@<a href=\"https:\/\/www.instagram.com\/cutloosebk\/\" target=\"_blank\" rel=\"noreferrer noopener nofollow\">cutloosebk<\/a><\/figcaption><\/figure>\n<\/div>\n\n\n<p>Estos peinados E-girl son una de las \u00faltimas tendencias de TikTok e Instagram. El flequillo te\u00f1ido y las capas frontales tienen ese aire juvenil y quedan genial a todo el mundo. Ahora, depende de ti si eres lo suficientemente valiente como para seguir esta tendencia.  <\/p>\n\n\n\n<h2 class=\"wp-block-heading\">14. Corte de pelo con curvas que enmarca la cara <\/h2>\n\n\n<div class=\"wp-block-image\">\n<figure class=\"aligncenter size-full\"><div style=\"position: relative;\"><noscript><img loading=\"lazy\" decoding=\"async\" width=\"1080\" height=\"1347\" src=\"https:\/\/flawlesshair.com\/wp-content\/uploads\/2023\/10\/Face-Framing-Curve-Haircut.jpg\" alt=\"Corte de pelo con curvas que enmarca la cara \" class=\"wp-image-26996\" srcset=\"https:\/\/flawlesshair.com\/wp-content\/uploads\/2023\/10\/Face-Framing-Curve-Haircut.jpg 1080w, https:\/\/flawlesshair.com\/wp-content\/uploads\/2023\/10\/Face-Framing-Curve-Haircut-241x300.jpg 241w, https:\/\/flawlesshair.com\/wp-content\/uploads\/2023\/10\/Face-Framing-Curve-Haircut-768x958.jpg 768w, https:\/\/flawlesshair.com\/wp-content\/uploads\/2023\/10\/Face-Framing-Curve-Haircut-770x960.jpg 770w, https:\/\/flawlesshair.com\/wp-content\/uploads\/2023\/10\/Face-Framing-Curve-Haircut-866x1080.jpg 866w, https:\/\/flawlesshair.com\/wp-content\/uploads\/2023\/10\/Face-Framing-Curve-Haircut-962x1200.jpg 962w\" sizes=\"auto, (max-width: 760px) calc(100vw - 24px), 720px\"><\/noscript><img loading=\"lazy\" decoding=\"async\" width=\"1080\" height=\"1347\" src=\"https:\/\/flawlesshair.com\/wp-content\/uploads\/2023\/10\/Face-Framing-Curve-Haircut.jpg\" alt=\"Corte de pelo con curvas que enmarca la cara \" class=\"wp-image-26996 lazyload\" srcset=\"https:\/\/flawlesshair.com\/wp-content\/uploads\/2023\/10\/Face-Framing-Curve-Haircut.jpg 1080w, https:\/\/flawlesshair.com\/wp-content\/uploads\/2023\/10\/Face-Framing-Curve-Haircut-241x300.jpg 241w, https:\/\/flawlesshair.com\/wp-content\/uploads\/2023\/10\/Face-Framing-Curve-Haircut-768x958.jpg 768w, https:\/\/flawlesshair.com\/wp-content\/uploads\/2023\/10\/Face-Framing-Curve-Haircut-770x960.jpg 770w, https:\/\/flawlesshair.com\/wp-content\/uploads\/2023\/10\/Face-Framing-Curve-Haircut-866x1080.jpg 866w, https:\/\/flawlesshair.com\/wp-content\/uploads\/2023\/10\/Face-Framing-Curve-Haircut-962x1200.jpg 962w\" sizes=\"auto, (max-width: 760px) calc(100vw - 24px), 720px\" data-pin-media=\"https:\/\/flawlesshair.com\/wp-content\/uploads\/2023\/10\/Face-Framing-Curve-Haircut.jpg\" id=\"mv-trellis-img-14\" data-trellis-processed=\"1\"><div style=\"position: absolute; top: 0.5rem; right: 0.75rem;\"> <a href=\"https:\/\/www.pinterest.com\/pin\/create\/button\/\" data-pin-do=\"buttonPin\" data-pin-tall=\"true\" data-pin-url=\"https:\/\/flawlesshair.com\/es\/capas-para-enmarcar-la-cara-pelo-largo-medio\/\" data-pin-media=\"https:\/\/flawlesshair.com\/wp-content\/uploads\/2023\/10\/Face-Framing-Curve-Haircut.jpg\" data-pin-description=\"30 Attractive Face-Framing Layers For Medium-Length Hair\" rel=\"nofollow noopener\" target=\"_blank\"> <\/a><\/div><\/div><figcaption class=\"wp-element-caption\">@<a href=\"https:\/\/www.instagram.com\/hairwithmaria\/\" target=\"_blank\" rel=\"noreferrer noopener nofollow\">peloconmaria<\/a><\/figcaption><\/figure>\n<\/div>\n\n\n<p>El corte en C es probablemente el m\u00e1s favorecedor cuando se trata de capas que enmarcan el rostro para <a href=\"https:\/\/flawlesshair.com\/es\/corte-de-pelo-largo-medio\/\">pelo medio<\/a>. Queda bien a todo el mundo, pero funciona mejor con el pelo fino por el volumen que aportan las capas. Cuanto m\u00e1s volumen a\u00f1adas a tu pelo, m\u00e1s grueso parecer\u00e1. <\/p>\n\n\n\n<h2 class=\"wp-block-heading\">15. Parte lateral Lob<\/h2>\n\n\n<div class=\"wp-block-image\">\n<figure class=\"aligncenter size-full\"><div style=\"position: relative;\"><noscript><img loading=\"lazy\" decoding=\"async\" width=\"1080\" height=\"1080\" src=\"https:\/\/flawlesshair.com\/wp-content\/uploads\/2023\/10\/side-part-lob.jpg\" alt=\"parte lateral lob\" class=\"wp-image-26879\" srcset=\"https:\/\/flawlesshair.com\/wp-content\/uploads\/2023\/10\/side-part-lob.jpg 1080w, https:\/\/flawlesshair.com\/wp-content\/uploads\/2023\/10\/side-part-lob-300x300.jpg 300w, https:\/\/flawlesshair.com\/wp-content\/uploads\/2023\/10\/side-part-lob-150x150.jpg 150w, https:\/\/flawlesshair.com\/wp-content\/uploads\/2023\/10\/side-part-lob-768x768.jpg 768w, https:\/\/flawlesshair.com\/wp-content\/uploads\/2023\/10\/side-part-lob-728x728.jpg 728w, https:\/\/flawlesshair.com\/wp-content\/uploads\/2023\/10\/side-part-lob-960x960.jpg 960w\" sizes=\"auto, (max-width: 760px) calc(100vw - 24px), 720px\"><\/noscript><img loading=\"lazy\" decoding=\"async\" width=\"1080\" height=\"1080\" src=\"https:\/\/flawlesshair.com\/wp-content\/uploads\/2023\/10\/side-part-lob.jpg\" alt=\"parte lateral lob\" class=\"wp-image-26879 lazyload\" srcset=\"https:\/\/flawlesshair.com\/wp-content\/uploads\/2023\/10\/side-part-lob.jpg 1080w, https:\/\/flawlesshair.com\/wp-content\/uploads\/2023\/10\/side-part-lob-300x300.jpg 300w, https:\/\/flawlesshair.com\/wp-content\/uploads\/2023\/10\/side-part-lob-150x150.jpg 150w, https:\/\/flawlesshair.com\/wp-content\/uploads\/2023\/10\/side-part-lob-768x768.jpg 768w, https:\/\/flawlesshair.com\/wp-content\/uploads\/2023\/10\/side-part-lob-728x728.jpg 728w, https:\/\/flawlesshair.com\/wp-content\/uploads\/2023\/10\/side-part-lob-960x960.jpg 960w\" sizes=\"auto, (max-width: 760px) calc(100vw - 24px), 720px\" data-pin-media=\"https:\/\/flawlesshair.com\/wp-content\/uploads\/2023\/10\/side-part-lob.jpg\" id=\"mv-trellis-img-15\" data-trellis-processed=\"1\"><div style=\"position: absolute; top: 0.5rem; right: 0.75rem;\"> <a href=\"https:\/\/www.pinterest.com\/pin\/create\/button\/\" data-pin-do=\"buttonPin\" data-pin-tall=\"true\" data-pin-url=\"https:\/\/flawlesshair.com\/es\/capas-para-enmarcar-la-cara-pelo-largo-medio\/\" data-pin-media=\"https:\/\/flawlesshair.com\/wp-content\/uploads\/2023\/10\/side-part-lob.jpg\" data-pin-description=\"30 Attractive Face-Framing Layers For Medium-Length Hair\" rel=\"nofollow noopener\" target=\"_blank\"> <\/a><\/div><\/div><figcaption class=\"wp-element-caption\">@<a href=\"https:\/\/www.instagram.com\/thehairferi\/\" target=\"_blank\" rel=\"noreferrer noopener nofollow\">thehairferi<\/a><\/figcaption><\/figure>\n<\/div>\n\n\n<p>Las capas laterales que enmarcan el rostro funcionan de maravilla para las mujeres de rostro ovalado, ya que hacen que la frente parezca m\u00e1s corta y el rostro m\u00e1s esculpido. <\/p>\n\n\n\n<h2 class=\"wp-block-heading\">16. Capas onduladas y suaves<\/h2>\n\n\n<div class=\"wp-block-image\">\n<figure class=\"aligncenter size-full\"><div style=\"position: relative;\"><noscript><img loading=\"lazy\" decoding=\"async\" width=\"1080\" height=\"1350\" src=\"https:\/\/flawlesshair.com\/wp-content\/uploads\/2023\/10\/Cute-Flippy-Wispy-Layers.jpg\" alt=\"Capas onduladas y suaves\" class=\"wp-image-26950\" srcset=\"https:\/\/flawlesshair.com\/wp-content\/uploads\/2023\/10\/Cute-Flippy-Wispy-Layers.jpg 1080w, https:\/\/flawlesshair.com\/wp-content\/uploads\/2023\/10\/Cute-Flippy-Wispy-Layers-240x300.jpg 240w, https:\/\/flawlesshair.com\/wp-content\/uploads\/2023\/10\/Cute-Flippy-Wispy-Layers-768x960.jpg 768w, https:\/\/flawlesshair.com\/wp-content\/uploads\/2023\/10\/Cute-Flippy-Wispy-Layers-864x1080.jpg 864w, https:\/\/flawlesshair.com\/wp-content\/uploads\/2023\/10\/Cute-Flippy-Wispy-Layers-960x1200.jpg 960w\" sizes=\"auto, (max-width: 760px) calc(100vw - 24px), 720px\"><\/noscript><img loading=\"lazy\" decoding=\"async\" width=\"1080\" height=\"1350\" src=\"https:\/\/flawlesshair.com\/wp-content\/uploads\/2023\/10\/Cute-Flippy-Wispy-Layers.jpg\" alt=\"Capas onduladas y suaves\" class=\"wp-image-26950 lazyload\" srcset=\"https:\/\/flawlesshair.com\/wp-content\/uploads\/2023\/10\/Cute-Flippy-Wispy-Layers.jpg 1080w, https:\/\/flawlesshair.com\/wp-content\/uploads\/2023\/10\/Cute-Flippy-Wispy-Layers-240x300.jpg 240w, https:\/\/flawlesshair.com\/wp-content\/uploads\/2023\/10\/Cute-Flippy-Wispy-Layers-768x960.jpg 768w, https:\/\/flawlesshair.com\/wp-content\/uploads\/2023\/10\/Cute-Flippy-Wispy-Layers-864x1080.jpg 864w, https:\/\/flawlesshair.com\/wp-content\/uploads\/2023\/10\/Cute-Flippy-Wispy-Layers-960x1200.jpg 960w\" sizes=\"auto, (max-width: 760px) calc(100vw - 24px), 720px\" data-pin-media=\"https:\/\/flawlesshair.com\/wp-content\/uploads\/2023\/10\/Cute-Flippy-Wispy-Layers.jpg\" id=\"mv-trellis-img-16\" data-trellis-processed=\"1\"><div style=\"position: absolute; top: 0.5rem; right: 0.75rem;\"> <a href=\"https:\/\/www.pinterest.com\/pin\/create\/button\/\" data-pin-do=\"buttonPin\" data-pin-tall=\"true\" data-pin-url=\"https:\/\/flawlesshair.com\/es\/capas-para-enmarcar-la-cara-pelo-largo-medio\/\" data-pin-media=\"https:\/\/flawlesshair.com\/wp-content\/uploads\/2023\/10\/Cute-Flippy-Wispy-Layers.jpg\" data-pin-description=\"30 Attractive Face-Framing Layers For Medium-Length Hair\" rel=\"nofollow noopener\" target=\"_blank\"> <\/a><\/div><\/div><figcaption class=\"wp-element-caption\">@<a href=\"https:\/\/www.instagram.com\/ashleyb.hair\/\" target=\"_blank\" rel=\"noreferrer noopener nofollow\">ashleyb.hair<\/a><\/figcaption><\/figure>\n<\/div>\n\n\n<p>Las capas volteadas estuvieron de moda en los 90, pero es una tendencia que siempre vuelve a estar de moda. Adem\u00e1s de crear volumen, las capas volteadas a\u00f1adir\u00e1n un acabado alborotado pero elegante a tu pelo. <\/p>\n\n\n\n<h2 class=\"wp-block-heading\">17. Capas de armaz\u00f3n facial m\u00e1s cortas<\/h2>\n\n\n<div class=\"wp-block-image\">\n<figure class=\"aligncenter size-full\"><div style=\"position: relative;\"><noscript><img loading=\"lazy\" decoding=\"async\" width=\"1080\" height=\"1111\" src=\"https:\/\/flawlesshair.com\/wp-content\/uploads\/2023\/10\/Shorter-Face-Framing-Layered-Blowout.jpg\" alt=\"Rostro m\u00e1s corto - Corte a capas\" class=\"wp-image-27013\" srcset=\"https:\/\/flawlesshair.com\/wp-content\/uploads\/2023\/10\/Shorter-Face-Framing-Layered-Blowout.jpg 1080w, https:\/\/flawlesshair.com\/wp-content\/uploads\/2023\/10\/Shorter-Face-Framing-Layered-Blowout-292x300.jpg 292w, https:\/\/flawlesshair.com\/wp-content\/uploads\/2023\/10\/Shorter-Face-Framing-Layered-Blowout-768x790.jpg 768w, https:\/\/flawlesshair.com\/wp-content\/uploads\/2023\/10\/Shorter-Face-Framing-Layered-Blowout-933x960.jpg 933w, https:\/\/flawlesshair.com\/wp-content\/uploads\/2023\/10\/Shorter-Face-Framing-Layered-Blowout-1050x1080.jpg 1050w\" sizes=\"auto, (max-width: 760px) calc(100vw - 24px), 720px\"><\/noscript><img loading=\"lazy\" decoding=\"async\" width=\"1080\" height=\"1111\" src=\"https:\/\/flawlesshair.com\/wp-content\/uploads\/2023\/10\/Shorter-Face-Framing-Layered-Blowout.jpg\" alt=\"Rostro m\u00e1s corto - Corte a capas\" class=\"wp-image-27013 lazyload\" srcset=\"https:\/\/flawlesshair.com\/wp-content\/uploads\/2023\/10\/Shorter-Face-Framing-Layered-Blowout.jpg 1080w, https:\/\/flawlesshair.com\/wp-content\/uploads\/2023\/10\/Shorter-Face-Framing-Layered-Blowout-292x300.jpg 292w, https:\/\/flawlesshair.com\/wp-content\/uploads\/2023\/10\/Shorter-Face-Framing-Layered-Blowout-768x790.jpg 768w, https:\/\/flawlesshair.com\/wp-content\/uploads\/2023\/10\/Shorter-Face-Framing-Layered-Blowout-933x960.jpg 933w, https:\/\/flawlesshair.com\/wp-content\/uploads\/2023\/10\/Shorter-Face-Framing-Layered-Blowout-1050x1080.jpg 1050w\" sizes=\"auto, (max-width: 760px) calc(100vw - 24px), 720px\" data-pin-media=\"https:\/\/flawlesshair.com\/wp-content\/uploads\/2023\/10\/Shorter-Face-Framing-Layered-Blowout.jpg\" id=\"mv-trellis-img-17\" data-trellis-processed=\"1\"><div style=\"position: absolute; top: 0.5rem; right: 0.75rem;\"> <a href=\"https:\/\/www.pinterest.com\/pin\/create\/button\/\" data-pin-do=\"buttonPin\" data-pin-tall=\"true\" data-pin-url=\"https:\/\/flawlesshair.com\/es\/capas-para-enmarcar-la-cara-pelo-largo-medio\/\" data-pin-media=\"https:\/\/flawlesshair.com\/wp-content\/uploads\/2023\/10\/Shorter-Face-Framing-Layered-Blowout.jpg\" data-pin-description=\"30 Attractive Face-Framing Layers For Medium-Length Hair\" rel=\"nofollow noopener\" target=\"_blank\"> <\/a><\/div><\/div><figcaption class=\"wp-element-caption\">@<a href=\"https:\/\/www.instagram.com\/michellezaffran\/\" target=\"_blank\" rel=\"noreferrer noopener nofollow\">michellezaffran<\/a><\/figcaption><\/figure>\n<\/div>\n\n\n<p>Si quieres adelgazar tu cabello grueso, \u00e9sta puede ser la soluci\u00f3n perfecta para ti. Deja algunos mechones de las capas m\u00e1s cortas que enmarcan la cara en la parte delantera y tira suavemente del resto del pelo hacia abajo. <\/p>\n\n\n\n<h2 class=\"wp-block-heading\">18. Oscuro pelo a capas Blowout <\/h2>\n\n\n<div class=\"wp-block-image\">\n<figure class=\"aligncenter size-full\"><div style=\"position: relative;\"><noscript><img loading=\"lazy\" decoding=\"async\" width=\"1080\" height=\"1350\" src=\"https:\/\/flawlesshair.com\/wp-content\/uploads\/2023\/10\/Dark-Layered-Hair-Blowout.jpg\" alt=\"Crespo Oscuro \" class=\"wp-image-26893\" srcset=\"https:\/\/flawlesshair.com\/wp-content\/uploads\/2023\/10\/Dark-Layered-Hair-Blowout.jpg 1080w, https:\/\/flawlesshair.com\/wp-content\/uploads\/2023\/10\/Dark-Layered-Hair-Blowout-240x300.jpg 240w, https:\/\/flawlesshair.com\/wp-content\/uploads\/2023\/10\/Dark-Layered-Hair-Blowout-768x960.jpg 768w, https:\/\/flawlesshair.com\/wp-content\/uploads\/2023\/10\/Dark-Layered-Hair-Blowout-864x1080.jpg 864w, https:\/\/flawlesshair.com\/wp-content\/uploads\/2023\/10\/Dark-Layered-Hair-Blowout-960x1200.jpg 960w\" sizes=\"auto, (max-width: 760px) calc(100vw - 24px), 720px\"><\/noscript><img loading=\"lazy\" decoding=\"async\" width=\"1080\" height=\"1350\" src=\"https:\/\/flawlesshair.com\/wp-content\/uploads\/2023\/10\/Dark-Layered-Hair-Blowout.jpg\" alt=\"Crespo Oscuro \" class=\"wp-image-26893 lazyload\" srcset=\"https:\/\/flawlesshair.com\/wp-content\/uploads\/2023\/10\/Dark-Layered-Hair-Blowout.jpg 1080w, https:\/\/flawlesshair.com\/wp-content\/uploads\/2023\/10\/Dark-Layered-Hair-Blowout-240x300.jpg 240w, https:\/\/flawlesshair.com\/wp-content\/uploads\/2023\/10\/Dark-Layered-Hair-Blowout-768x960.jpg 768w, https:\/\/flawlesshair.com\/wp-content\/uploads\/2023\/10\/Dark-Layered-Hair-Blowout-864x1080.jpg 864w, https:\/\/flawlesshair.com\/wp-content\/uploads\/2023\/10\/Dark-Layered-Hair-Blowout-960x1200.jpg 960w\" sizes=\"auto, (max-width: 760px) calc(100vw - 24px), 720px\" data-pin-media=\"https:\/\/flawlesshair.com\/wp-content\/uploads\/2023\/10\/Dark-Layered-Hair-Blowout.jpg\" id=\"mv-trellis-img-18\" data-trellis-processed=\"1\"><div style=\"position: absolute; top: 0.5rem; right: 0.75rem;\"> <a href=\"https:\/\/www.pinterest.com\/pin\/create\/button\/\" data-pin-do=\"buttonPin\" data-pin-tall=\"true\" data-pin-url=\"https:\/\/flawlesshair.com\/es\/capas-para-enmarcar-la-cara-pelo-largo-medio\/\" data-pin-media=\"https:\/\/flawlesshair.com\/wp-content\/uploads\/2023\/10\/Dark-Layered-Hair-Blowout.jpg\" data-pin-description=\"30 Attractive Face-Framing Layers For Medium-Length Hair\" rel=\"nofollow noopener\" target=\"_blank\"> <\/a><\/div><\/div><figcaption class=\"wp-element-caption\">@<a href=\"https:\/\/www.instagram.com\/christinejoartistry\/\" target=\"_blank\" rel=\"noreferrer noopener nofollow\">christinejoartistry<\/a><\/figcaption><\/figure>\n<\/div>\n\n\n<p>Si te gusta llevar el pelo sencillo pero con clase, estas capas largas rectas deber\u00edan ser tu peinado de cabecera. Crear\u00e1n todo el movimiento posible y dar\u00e1n vida a tu melena. <\/p>\n\n\n\n<h2 class=\"wp-block-heading\">19. Corte de pelo redondo <\/h2>\n\n\n<div class=\"wp-block-image\">\n<figure class=\"aligncenter size-full\"><div style=\"position: relative;\"><noscript><img loading=\"lazy\" decoding=\"async\" width=\"1080\" height=\"1080\" src=\"https:\/\/flawlesshair.com\/wp-content\/uploads\/2023\/10\/Round-Haircut.jpg\" alt=\"Corte de pelo redondo \" class=\"wp-image-27036\" srcset=\"https:\/\/flawlesshair.com\/wp-content\/uploads\/2023\/10\/Round-Haircut.jpg 1080w, https:\/\/flawlesshair.com\/wp-content\/uploads\/2023\/10\/Round-Haircut-300x300.jpg 300w, https:\/\/flawlesshair.com\/wp-content\/uploads\/2023\/10\/Round-Haircut-150x150.jpg 150w, https:\/\/flawlesshair.com\/wp-content\/uploads\/2023\/10\/Round-Haircut-768x768.jpg 768w, https:\/\/flawlesshair.com\/wp-content\/uploads\/2023\/10\/Round-Haircut-728x728.jpg 728w, https:\/\/flawlesshair.com\/wp-content\/uploads\/2023\/10\/Round-Haircut-960x960.jpg 960w\" sizes=\"auto, (max-width: 760px) calc(100vw - 24px), 720px\"><\/noscript><img loading=\"lazy\" decoding=\"async\" width=\"1080\" height=\"1080\" src=\"https:\/\/flawlesshair.com\/wp-content\/uploads\/2023\/10\/Round-Haircut.jpg\" alt=\"Corte de pelo redondo \" class=\"wp-image-27036 lazyload\" srcset=\"https:\/\/flawlesshair.com\/wp-content\/uploads\/2023\/10\/Round-Haircut.jpg 1080w, https:\/\/flawlesshair.com\/wp-content\/uploads\/2023\/10\/Round-Haircut-300x300.jpg 300w, https:\/\/flawlesshair.com\/wp-content\/uploads\/2023\/10\/Round-Haircut-150x150.jpg 150w, https:\/\/flawlesshair.com\/wp-content\/uploads\/2023\/10\/Round-Haircut-768x768.jpg 768w, https:\/\/flawlesshair.com\/wp-content\/uploads\/2023\/10\/Round-Haircut-728x728.jpg 728w, https:\/\/flawlesshair.com\/wp-content\/uploads\/2023\/10\/Round-Haircut-960x960.jpg 960w\" sizes=\"auto, (max-width: 760px) calc(100vw - 24px), 720px\" data-pin-media=\"https:\/\/flawlesshair.com\/wp-content\/uploads\/2023\/10\/Round-Haircut.jpg\" id=\"mv-trellis-img-19\" data-trellis-processed=\"1\"><div style=\"position: absolute; top: 0.5rem; right: 0.75rem;\"> <a href=\"https:\/\/www.pinterest.com\/pin\/create\/button\/\" data-pin-do=\"buttonPin\" data-pin-tall=\"true\" data-pin-url=\"https:\/\/flawlesshair.com\/es\/capas-para-enmarcar-la-cara-pelo-largo-medio\/\" data-pin-media=\"https:\/\/flawlesshair.com\/wp-content\/uploads\/2023\/10\/Round-Haircut.jpg\" data-pin-description=\"30 Attractive Face-Framing Layers For Medium-Length Hair\" rel=\"nofollow noopener\" target=\"_blank\"> <\/a><\/div><\/div><figcaption class=\"wp-element-caption\">@<a href=\"https:\/\/www.instagram.com\/beautiful_by_natalie\/\" target=\"_blank\" rel=\"noreferrer noopener nofollow\">beautiful_by_natalie<\/a><\/figcaption><\/figure>\n<\/div>\n\n\n<p>Conocidas tambi\u00e9n como capas uniformes, estas capas redondas funcionan para los rostros redondos porque pueden alargar el rostro dando la apariencia de un cuello m\u00e1s grueso.<\/p>\n\n\n\n<h2 class=\"wp-block-heading\">20. Dimensi\u00f3n de la luz solar <\/h2>\n\n\n<div class=\"wp-block-image\">\n<figure class=\"aligncenter size-full\"><div style=\"position: relative;\"><noscript><img loading=\"lazy\" decoding=\"async\" width=\"1080\" height=\"1080\" src=\"https:\/\/flawlesshair.com\/wp-content\/uploads\/2023\/10\/Sunlight-Dimension.jpg\" alt=\"Dimensi\u00f3n de la luz solar \" class=\"wp-image-27027\" srcset=\"https:\/\/flawlesshair.com\/wp-content\/uploads\/2023\/10\/Sunlight-Dimension.jpg 1080w, https:\/\/flawlesshair.com\/wp-content\/uploads\/2023\/10\/Sunlight-Dimension-300x300.jpg 300w, https:\/\/flawlesshair.com\/wp-content\/uploads\/2023\/10\/Sunlight-Dimension-150x150.jpg 150w, https:\/\/flawlesshair.com\/wp-content\/uploads\/2023\/10\/Sunlight-Dimension-768x768.jpg 768w, https:\/\/flawlesshair.com\/wp-content\/uploads\/2023\/10\/Sunlight-Dimension-728x728.jpg 728w, https:\/\/flawlesshair.com\/wp-content\/uploads\/2023\/10\/Sunlight-Dimension-960x960.jpg 960w\" sizes=\"auto, (max-width: 760px) calc(100vw - 24px), 720px\"><\/noscript><img loading=\"lazy\" decoding=\"async\" width=\"1080\" height=\"1080\" src=\"https:\/\/flawlesshair.com\/wp-content\/uploads\/2023\/10\/Sunlight-Dimension.jpg\" alt=\"Dimensi\u00f3n de la luz solar \" class=\"wp-image-27027 lazyload\" srcset=\"https:\/\/flawlesshair.com\/wp-content\/uploads\/2023\/10\/Sunlight-Dimension.jpg 1080w, https:\/\/flawlesshair.com\/wp-content\/uploads\/2023\/10\/Sunlight-Dimension-300x300.jpg 300w, https:\/\/flawlesshair.com\/wp-content\/uploads\/2023\/10\/Sunlight-Dimension-150x150.jpg 150w, https:\/\/flawlesshair.com\/wp-content\/uploads\/2023\/10\/Sunlight-Dimension-768x768.jpg 768w, https:\/\/flawlesshair.com\/wp-content\/uploads\/2023\/10\/Sunlight-Dimension-728x728.jpg 728w, https:\/\/flawlesshair.com\/wp-content\/uploads\/2023\/10\/Sunlight-Dimension-960x960.jpg 960w\" sizes=\"auto, (max-width: 760px) calc(100vw - 24px), 720px\" data-pin-media=\"https:\/\/flawlesshair.com\/wp-content\/uploads\/2023\/10\/Sunlight-Dimension.jpg\" id=\"mv-trellis-img-20\" data-trellis-processed=\"1\"><div style=\"position: absolute; top: 0.5rem; right: 0.75rem;\"> <a href=\"https:\/\/www.pinterest.com\/pin\/create\/button\/\" data-pin-do=\"buttonPin\" data-pin-tall=\"true\" data-pin-url=\"https:\/\/flawlesshair.com\/es\/capas-para-enmarcar-la-cara-pelo-largo-medio\/\" data-pin-media=\"https:\/\/flawlesshair.com\/wp-content\/uploads\/2023\/10\/Sunlight-Dimension.jpg\" data-pin-description=\"30 Attractive Face-Framing Layers For Medium-Length Hair\" rel=\"nofollow noopener\" target=\"_blank\"> <\/a><\/div><\/div><figcaption class=\"wp-element-caption\">@<a href=\"https:\/\/www.instagram.com\/permanaveda\/\" target=\"_blank\" rel=\"noreferrer noopener nofollow\">permanaveda<\/a><\/figcaption><\/figure>\n<\/div>\n\n\n<p>Estas mechas dimensionales apenas requieren mantenimiento y se adaptan a todos los tonos de piel. Las capas que enmarcan el rostro y algunas secciones del cabello son m\u00e1s claras, lo que suaviza algunos rasgos faciales duros e ilumina el rostro.  <\/p>\n\n\n\n<h2 class=\"wp-block-heading\">21. Capas para la cara redonda <\/h2>\n\n\n<div class=\"wp-block-image\">\n<figure class=\"aligncenter size-full\"><div style=\"position: relative;\"><noscript><img loading=\"lazy\" decoding=\"async\" width=\"1080\" height=\"1350\" src=\"https:\/\/flawlesshair.com\/wp-content\/uploads\/2023\/10\/Face-Framing-Layers-For-Round-Face-Shape.jpg\" alt=\"Capas para la cara redonda \" class=\"wp-image-26895\" srcset=\"https:\/\/flawlesshair.com\/wp-content\/uploads\/2023\/10\/Face-Framing-Layers-For-Round-Face-Shape.jpg 1080w, https:\/\/flawlesshair.com\/wp-content\/uploads\/2023\/10\/Face-Framing-Layers-For-Round-Face-Shape-240x300.jpg 240w, https:\/\/flawlesshair.com\/wp-content\/uploads\/2023\/10\/Face-Framing-Layers-For-Round-Face-Shape-768x960.jpg 768w, https:\/\/flawlesshair.com\/wp-content\/uploads\/2023\/10\/Face-Framing-Layers-For-Round-Face-Shape-864x1080.jpg 864w, https:\/\/flawlesshair.com\/wp-content\/uploads\/2023\/10\/Face-Framing-Layers-For-Round-Face-Shape-960x1200.jpg 960w\" sizes=\"auto, (max-width: 760px) calc(100vw - 24px), 720px\"><\/noscript><img loading=\"lazy\" decoding=\"async\" width=\"1080\" height=\"1350\" src=\"https:\/\/flawlesshair.com\/wp-content\/uploads\/2023\/10\/Face-Framing-Layers-For-Round-Face-Shape.jpg\" alt=\"Capas para la cara redonda \" class=\"wp-image-26895 lazyload\" srcset=\"https:\/\/flawlesshair.com\/wp-content\/uploads\/2023\/10\/Face-Framing-Layers-For-Round-Face-Shape.jpg 1080w, https:\/\/flawlesshair.com\/wp-content\/uploads\/2023\/10\/Face-Framing-Layers-For-Round-Face-Shape-240x300.jpg 240w, https:\/\/flawlesshair.com\/wp-content\/uploads\/2023\/10\/Face-Framing-Layers-For-Round-Face-Shape-768x960.jpg 768w, https:\/\/flawlesshair.com\/wp-content\/uploads\/2023\/10\/Face-Framing-Layers-For-Round-Face-Shape-864x1080.jpg 864w, https:\/\/flawlesshair.com\/wp-content\/uploads\/2023\/10\/Face-Framing-Layers-For-Round-Face-Shape-960x1200.jpg 960w\" sizes=\"auto, (max-width: 760px) calc(100vw - 24px), 720px\" data-pin-media=\"https:\/\/flawlesshair.com\/wp-content\/uploads\/2023\/10\/Face-Framing-Layers-For-Round-Face-Shape.jpg\" id=\"mv-trellis-img-21\" data-trellis-processed=\"1\"><div style=\"position: absolute; top: 0.5rem; right: 0.75rem;\"> <a href=\"https:\/\/www.pinterest.com\/pin\/create\/button\/\" data-pin-do=\"buttonPin\" data-pin-tall=\"true\" data-pin-url=\"https:\/\/flawlesshair.com\/es\/capas-para-enmarcar-la-cara-pelo-largo-medio\/\" data-pin-media=\"https:\/\/flawlesshair.com\/wp-content\/uploads\/2023\/10\/Face-Framing-Layers-For-Round-Face-Shape.jpg\" data-pin-description=\"30 Attractive Face-Framing Layers For Medium-Length Hair\" rel=\"nofollow noopener\" target=\"_blank\"> <\/a><\/div><\/div><figcaption class=\"wp-element-caption\">@<a href=\"https:\/\/www.instagram.com\/ashleyb.hair\/\" target=\"_blank\" rel=\"noreferrer noopener nofollow\">ashleyb.hair<\/a><\/figcaption><\/figure>\n<\/div>\n\n\n<p>Si desea limitar su <a href=\"https:\/\/flawlesshair.com\/es\/flequillo-para-cara-redonda\/\">cara redonda<\/a>deber\u00edas optar por un corte de pelo a capas de longitud media. O, para ser m\u00e1s precisos, un corte que enmarque la cara. <\/p>\n\n\n\n<p>Las capas alargan el cuello y ocultan la barbilla, lo que te dar\u00e1 el efecto adelgazante deseado. Combina las capas con un flequillo cortina porque son la mejor opci\u00f3n para una forma de cara redonda. <\/p>\n\n\n\n<h2 class=\"wp-block-heading\">22. Despeinado <\/h2>\n\n\n<div class=\"wp-block-image\">\n<figure class=\"aligncenter size-full\"><div style=\"position: relative;\"><noscript><img loading=\"lazy\" decoding=\"async\" width=\"1080\" height=\"1350\" src=\"https:\/\/flawlesshair.com\/wp-content\/uploads\/2023\/10\/edgy-face-framing-shag.jpg\" alt=\"rizos que enmarcan el rostro\" class=\"wp-image-26941\" srcset=\"https:\/\/flawlesshair.com\/wp-content\/uploads\/2023\/10\/edgy-face-framing-shag.jpg 1080w, https:\/\/flawlesshair.com\/wp-content\/uploads\/2023\/10\/edgy-face-framing-shag-240x300.jpg 240w, https:\/\/flawlesshair.com\/wp-content\/uploads\/2023\/10\/edgy-face-framing-shag-768x960.jpg 768w, https:\/\/flawlesshair.com\/wp-content\/uploads\/2023\/10\/edgy-face-framing-shag-864x1080.jpg 864w, https:\/\/flawlesshair.com\/wp-content\/uploads\/2023\/10\/edgy-face-framing-shag-960x1200.jpg 960w\" sizes=\"auto, (max-width: 760px) calc(100vw - 24px), 720px\"><\/noscript><img loading=\"lazy\" decoding=\"async\" width=\"1080\" height=\"1350\" src=\"https:\/\/flawlesshair.com\/wp-content\/uploads\/2023\/10\/edgy-face-framing-shag.jpg\" alt=\"rizos que enmarcan el rostro\" class=\"wp-image-26941 lazyload\" srcset=\"https:\/\/flawlesshair.com\/wp-content\/uploads\/2023\/10\/edgy-face-framing-shag.jpg 1080w, https:\/\/flawlesshair.com\/wp-content\/uploads\/2023\/10\/edgy-face-framing-shag-240x300.jpg 240w, https:\/\/flawlesshair.com\/wp-content\/uploads\/2023\/10\/edgy-face-framing-shag-768x960.jpg 768w, https:\/\/flawlesshair.com\/wp-content\/uploads\/2023\/10\/edgy-face-framing-shag-864x1080.jpg 864w, https:\/\/flawlesshair.com\/wp-content\/uploads\/2023\/10\/edgy-face-framing-shag-960x1200.jpg 960w\" sizes=\"auto, (max-width: 760px) calc(100vw - 24px), 720px\" data-pin-media=\"https:\/\/flawlesshair.com\/wp-content\/uploads\/2023\/10\/edgy-face-framing-shag.jpg\" id=\"mv-trellis-img-22\" data-trellis-processed=\"1\"><div style=\"position: absolute; top: 0.5rem; right: 0.75rem;\"> <a href=\"https:\/\/www.pinterest.com\/pin\/create\/button\/\" data-pin-do=\"buttonPin\" data-pin-tall=\"true\" data-pin-url=\"https:\/\/flawlesshair.com\/es\/capas-para-enmarcar-la-cara-pelo-largo-medio\/\" data-pin-media=\"https:\/\/flawlesshair.com\/wp-content\/uploads\/2023\/10\/edgy-face-framing-shag.jpg\" data-pin-description=\"30 Attractive Face-Framing Layers For Medium-Length Hair\" rel=\"nofollow noopener\" target=\"_blank\"> <\/a><\/div><\/div><figcaption class=\"wp-element-caption\">@<a href=\"https:\/\/www.instagram.com\/hairbyelvisp\/\" target=\"_blank\" rel=\"noreferrer noopener nofollow\">@hairbyelvisp<\/a><\/figcaption><\/figure>\n<\/div>\n\n\n<p>\u00bfQuieres destacar tu personalidad atrevida? Deja que tu peinado lo haga por ti. Este peinado despeinado te da ese look \"desordenado pero con estilo\" y, lo m\u00e1s importante, es apto para todo tipo de cabellos. <\/p>\n\n\n\n<h2 class=\"wp-block-heading\">23. Capas de enmarcado de una longitud <\/h2>\n\n\n<div class=\"wp-block-image\">\n<figure class=\"aligncenter size-full\"><div style=\"position: relative;\"><noscript><img loading=\"lazy\" decoding=\"async\" width=\"1080\" height=\"1080\" src=\"https:\/\/flawlesshair.com\/wp-content\/uploads\/2023\/10\/One-Length-Face-Framing-Layers.jpg\" alt=\"Capas de enmarcado de una longitud \" class=\"wp-image-26990\" srcset=\"https:\/\/flawlesshair.com\/wp-content\/uploads\/2023\/10\/One-Length-Face-Framing-Layers.jpg 1080w, https:\/\/flawlesshair.com\/wp-content\/uploads\/2023\/10\/One-Length-Face-Framing-Layers-300x300.jpg 300w, https:\/\/flawlesshair.com\/wp-content\/uploads\/2023\/10\/One-Length-Face-Framing-Layers-150x150.jpg 150w, https:\/\/flawlesshair.com\/wp-content\/uploads\/2023\/10\/One-Length-Face-Framing-Layers-768x768.jpg 768w, https:\/\/flawlesshair.com\/wp-content\/uploads\/2023\/10\/One-Length-Face-Framing-Layers-728x728.jpg 728w, https:\/\/flawlesshair.com\/wp-content\/uploads\/2023\/10\/One-Length-Face-Framing-Layers-960x960.jpg 960w\" sizes=\"auto, (max-width: 760px) calc(100vw - 24px), 720px\"><\/noscript><img loading=\"lazy\" decoding=\"async\" width=\"1080\" height=\"1080\" src=\"https:\/\/flawlesshair.com\/wp-content\/uploads\/2023\/10\/One-Length-Face-Framing-Layers.jpg\" alt=\"Capas de enmarcado de una longitud \" class=\"wp-image-26990 lazyload\" srcset=\"https:\/\/flawlesshair.com\/wp-content\/uploads\/2023\/10\/One-Length-Face-Framing-Layers.jpg 1080w, https:\/\/flawlesshair.com\/wp-content\/uploads\/2023\/10\/One-Length-Face-Framing-Layers-300x300.jpg 300w, https:\/\/flawlesshair.com\/wp-content\/uploads\/2023\/10\/One-Length-Face-Framing-Layers-150x150.jpg 150w, https:\/\/flawlesshair.com\/wp-content\/uploads\/2023\/10\/One-Length-Face-Framing-Layers-768x768.jpg 768w, https:\/\/flawlesshair.com\/wp-content\/uploads\/2023\/10\/One-Length-Face-Framing-Layers-728x728.jpg 728w, https:\/\/flawlesshair.com\/wp-content\/uploads\/2023\/10\/One-Length-Face-Framing-Layers-960x960.jpg 960w\" sizes=\"auto, (max-width: 760px) calc(100vw - 24px), 720px\" data-pin-media=\"https:\/\/flawlesshair.com\/wp-content\/uploads\/2023\/10\/One-Length-Face-Framing-Layers.jpg\" id=\"mv-trellis-img-23\" data-trellis-processed=\"1\"><div style=\"position: absolute; top: 0.5rem; right: 0.75rem;\"> <a href=\"https:\/\/www.pinterest.com\/pin\/create\/button\/\" data-pin-do=\"buttonPin\" data-pin-tall=\"true\" data-pin-url=\"https:\/\/flawlesshair.com\/es\/capas-para-enmarcar-la-cara-pelo-largo-medio\/\" data-pin-media=\"https:\/\/flawlesshair.com\/wp-content\/uploads\/2023\/10\/One-Length-Face-Framing-Layers.jpg\" data-pin-description=\"30 Attractive Face-Framing Layers For Medium-Length Hair\" rel=\"nofollow noopener\" target=\"_blank\"> <\/a><\/div><\/div><figcaption class=\"wp-element-caption\">@<a href=\"https:\/\/www.instagram.com\/lonestylist\/\" target=\"_blank\" rel=\"noreferrer noopener nofollow\">lonestylist<\/a><\/figcaption><\/figure>\n<\/div>\n\n\n<p>Es un corte de pelo cl\u00e1sico, pero no es tan f\u00e1cil de conseguir y por eso s\u00f3lo debes dejar que te lo haga un profesional. Las capas que enmarcan el rostro aportan movimiento y volumen, de lo contrario, sin ellas, ser\u00eda un peinado realmente aburrido. <\/p>\n\n\n\n<h2 class=\"wp-block-heading\">24. Cobre con subtinte rubio <\/h2>\n\n\n<div class=\"wp-block-image\">\n<figure class=\"aligncenter size-full\"><div style=\"position: relative;\"><noscript><img loading=\"lazy\" decoding=\"async\" width=\"1080\" height=\"1172\" src=\"https:\/\/flawlesshair.com\/wp-content\/uploads\/2023\/10\/Copper-With-Blonde-Underdye.jpg\" alt=\"Cobre con subtinte rubio \" class=\"wp-image-27040\" srcset=\"https:\/\/flawlesshair.com\/wp-content\/uploads\/2023\/10\/Copper-With-Blonde-Underdye.jpg 1080w, https:\/\/flawlesshair.com\/wp-content\/uploads\/2023\/10\/Copper-With-Blonde-Underdye-276x300.jpg 276w, https:\/\/flawlesshair.com\/wp-content\/uploads\/2023\/10\/Copper-With-Blonde-Underdye-768x833.jpg 768w, https:\/\/flawlesshair.com\/wp-content\/uploads\/2023\/10\/Copper-With-Blonde-Underdye-885x960.jpg 885w, https:\/\/flawlesshair.com\/wp-content\/uploads\/2023\/10\/Copper-With-Blonde-Underdye-995x1080.jpg 995w\" sizes=\"auto, (max-width: 760px) calc(100vw - 24px), 720px\"><\/noscript><img loading=\"lazy\" decoding=\"async\" width=\"1080\" height=\"1172\" src=\"https:\/\/flawlesshair.com\/wp-content\/uploads\/2023\/10\/Copper-With-Blonde-Underdye.jpg\" alt=\"Cobre con subtinte rubio \" class=\"wp-image-27040 lazyload\" srcset=\"https:\/\/flawlesshair.com\/wp-content\/uploads\/2023\/10\/Copper-With-Blonde-Underdye.jpg 1080w, https:\/\/flawlesshair.com\/wp-content\/uploads\/2023\/10\/Copper-With-Blonde-Underdye-276x300.jpg 276w, https:\/\/flawlesshair.com\/wp-content\/uploads\/2023\/10\/Copper-With-Blonde-Underdye-768x833.jpg 768w, https:\/\/flawlesshair.com\/wp-content\/uploads\/2023\/10\/Copper-With-Blonde-Underdye-885x960.jpg 885w, https:\/\/flawlesshair.com\/wp-content\/uploads\/2023\/10\/Copper-With-Blonde-Underdye-995x1080.jpg 995w\" sizes=\"auto, (max-width: 760px) calc(100vw - 24px), 720px\" data-pin-media=\"https:\/\/flawlesshair.com\/wp-content\/uploads\/2023\/10\/Copper-With-Blonde-Underdye.jpg\" id=\"mv-trellis-img-24\" data-trellis-processed=\"1\"><div style=\"position: absolute; top: 0.5rem; right: 0.75rem;\"> <a href=\"https:\/\/www.pinterest.com\/pin\/create\/button\/\" data-pin-do=\"buttonPin\" data-pin-tall=\"true\" data-pin-url=\"https:\/\/flawlesshair.com\/es\/capas-para-enmarcar-la-cara-pelo-largo-medio\/\" data-pin-media=\"https:\/\/flawlesshair.com\/wp-content\/uploads\/2023\/10\/Copper-With-Blonde-Underdye.jpg\" data-pin-description=\"30 Attractive Face-Framing Layers For Medium-Length Hair\" rel=\"nofollow noopener\" target=\"_blank\"> <\/a><\/div><\/div><figcaption class=\"wp-element-caption\">@<a href=\"https:\/\/www.instagram.com\/kimmm_muro\/\" target=\"_blank\" rel=\"noreferrer noopener nofollow\">kimmm_muro<\/a><\/figcaption><\/figure>\n<\/div>\n\n\n<p>Los tonos cobrizos son los colores de pelo m\u00e1s rom\u00e1nticos y tenemos que poner un punto y aparte aqu\u00ed mismo. Sin embargo, estas capas rubias a escondidas son las que hacen que este look sea tan \u00fanico y elegante. A\u00f1aden profundidad y, junto con las capas voluminosas, tu pelo parecer\u00e1 m\u00e1s grueso que nunca. <\/p>\n\n\n\n<h2 class=\"wp-block-heading\">25. 25. Corte de pelo con pasador <\/h2>\n\n\n<div class=\"wp-block-image\">\n<figure class=\"aligncenter size-full\"><div style=\"position: relative;\"><noscript><img loading=\"lazy\" decoding=\"async\" width=\"868\" height=\"1085\" src=\"https:\/\/flawlesshair.com\/wp-content\/uploads\/2023\/10\/Collarbone-Grazing-Haircut.jpg\" alt=\"Corte de pelo al cuello \" class=\"wp-image-27000\" srcset=\"https:\/\/flawlesshair.com\/wp-content\/uploads\/2023\/10\/Collarbone-Grazing-Haircut.jpg 868w, https:\/\/flawlesshair.com\/wp-content\/uploads\/2023\/10\/Collarbone-Grazing-Haircut-240x300.jpg 240w, https:\/\/flawlesshair.com\/wp-content\/uploads\/2023\/10\/Collarbone-Grazing-Haircut-768x960.jpg 768w, https:\/\/flawlesshair.com\/wp-content\/uploads\/2023\/10\/Collarbone-Grazing-Haircut-864x1080.jpg 864w\" sizes=\"auto, (max-width: 760px) calc(100vw - 24px), 720px\"><\/noscript><img loading=\"lazy\" decoding=\"async\" width=\"868\" height=\"1085\" src=\"https:\/\/flawlesshair.com\/wp-content\/uploads\/2023\/10\/Collarbone-Grazing-Haircut.jpg\" alt=\"Corte de pelo al cuello \" class=\"wp-image-27000 lazyload\" srcset=\"https:\/\/flawlesshair.com\/wp-content\/uploads\/2023\/10\/Collarbone-Grazing-Haircut.jpg 868w, https:\/\/flawlesshair.com\/wp-content\/uploads\/2023\/10\/Collarbone-Grazing-Haircut-240x300.jpg 240w, https:\/\/flawlesshair.com\/wp-content\/uploads\/2023\/10\/Collarbone-Grazing-Haircut-768x960.jpg 768w, https:\/\/flawlesshair.com\/wp-content\/uploads\/2023\/10\/Collarbone-Grazing-Haircut-864x1080.jpg 864w\" sizes=\"auto, (max-width: 760px) calc(100vw - 24px), 720px\" data-pin-media=\"https:\/\/flawlesshair.com\/wp-content\/uploads\/2023\/10\/Collarbone-Grazing-Haircut.jpg\" id=\"mv-trellis-img-25\" data-trellis-processed=\"1\"><div style=\"position: absolute; top: 0.5rem; right: 0.75rem;\"> <a href=\"https:\/\/www.pinterest.com\/pin\/create\/button\/\" data-pin-do=\"buttonPin\" data-pin-tall=\"true\" data-pin-url=\"https:\/\/flawlesshair.com\/es\/capas-para-enmarcar-la-cara-pelo-largo-medio\/\" data-pin-media=\"https:\/\/flawlesshair.com\/wp-content\/uploads\/2023\/10\/Collarbone-Grazing-Haircut.jpg\" data-pin-description=\"30 Attractive Face-Framing Layers For Medium-Length Hair\" rel=\"nofollow noopener\" target=\"_blank\"> <\/a><\/div><\/div><figcaption class=\"wp-element-caption\">@<a href=\"https:\/\/www.instagram.com\/patriziamanias\/\" target=\"_blank\" rel=\"noreferrer noopener nofollow\">patriziamanias<\/a><\/figcaption><\/figure>\n<\/div>\n\n\n<p>Los cortes a ras de clav\u00edcula se consideran uno de los cortes de pelo m\u00e1s atractivos y femeninos. Estas capas secadas a la perfecci\u00f3n te har\u00e1n llamar a tu peluquero cuanto antes. <\/p>\n\n\n\n<h2 class=\"wp-block-heading\">26. Fiery Copper-Blonde Highlights<\/h2>\n\n\n<div class=\"wp-block-image\">\n<figure class=\"aligncenter size-full\"><div style=\"position: relative;\"><noscript><img loading=\"lazy\" decoding=\"async\" width=\"1080\" height=\"1350\" src=\"https:\/\/flawlesshair.com\/wp-content\/uploads\/2023\/10\/Fiery-Copper-Blonde-Highlights.jpg\" alt=\"Reflejos Cobre Ardiente-Blonde\" class=\"wp-image-27003\" srcset=\"https:\/\/flawlesshair.com\/wp-content\/uploads\/2023\/10\/Fiery-Copper-Blonde-Highlights.jpg 1080w, https:\/\/flawlesshair.com\/wp-content\/uploads\/2023\/10\/Fiery-Copper-Blonde-Highlights-240x300.jpg 240w, https:\/\/flawlesshair.com\/wp-content\/uploads\/2023\/10\/Fiery-Copper-Blonde-Highlights-768x960.jpg 768w, https:\/\/flawlesshair.com\/wp-content\/uploads\/2023\/10\/Fiery-Copper-Blonde-Highlights-864x1080.jpg 864w, https:\/\/flawlesshair.com\/wp-content\/uploads\/2023\/10\/Fiery-Copper-Blonde-Highlights-960x1200.jpg 960w\" sizes=\"auto, (max-width: 760px) calc(100vw - 24px), 720px\"><\/noscript><img loading=\"lazy\" decoding=\"async\" width=\"1080\" height=\"1350\" src=\"https:\/\/flawlesshair.com\/wp-content\/uploads\/2023\/10\/Fiery-Copper-Blonde-Highlights.jpg\" alt=\"Reflejos Cobre Ardiente-Blonde\" class=\"wp-image-27003 lazyload\" srcset=\"https:\/\/flawlesshair.com\/wp-content\/uploads\/2023\/10\/Fiery-Copper-Blonde-Highlights.jpg 1080w, https:\/\/flawlesshair.com\/wp-content\/uploads\/2023\/10\/Fiery-Copper-Blonde-Highlights-240x300.jpg 240w, https:\/\/flawlesshair.com\/wp-content\/uploads\/2023\/10\/Fiery-Copper-Blonde-Highlights-768x960.jpg 768w, https:\/\/flawlesshair.com\/wp-content\/uploads\/2023\/10\/Fiery-Copper-Blonde-Highlights-864x1080.jpg 864w, https:\/\/flawlesshair.com\/wp-content\/uploads\/2023\/10\/Fiery-Copper-Blonde-Highlights-960x1200.jpg 960w\" sizes=\"auto, (max-width: 760px) calc(100vw - 24px), 720px\" data-pin-media=\"https:\/\/flawlesshair.com\/wp-content\/uploads\/2023\/10\/Fiery-Copper-Blonde-Highlights.jpg\" id=\"mv-trellis-img-26\" data-trellis-processed=\"1\"><div style=\"position: absolute; top: 0.5rem; right: 0.75rem;\"> <a href=\"https:\/\/www.pinterest.com\/pin\/create\/button\/\" data-pin-do=\"buttonPin\" data-pin-tall=\"true\" data-pin-url=\"https:\/\/flawlesshair.com\/es\/capas-para-enmarcar-la-cara-pelo-largo-medio\/\" data-pin-media=\"https:\/\/flawlesshair.com\/wp-content\/uploads\/2023\/10\/Fiery-Copper-Blonde-Highlights.jpg\" data-pin-description=\"30 Attractive Face-Framing Layers For Medium-Length Hair\" rel=\"nofollow noopener\" target=\"_blank\"> <\/a><\/div><\/div><figcaption class=\"wp-element-caption\">@<a href=\"https:\/\/www.instagram.com\/thelostfox_\/\" target=\"_blank\" rel=\"noreferrer noopener nofollow\">thelostfox_<\/a><\/figcaption><\/figure>\n<\/div>\n\n\n<p>Los tonos rubios cobrizos favorecen a las mujeres con tonos de piel neutros o c\u00e1lidos. Combinados con las capas que enmarcan el rostro y la textura ondulada, crean un look armonioso y chic. <\/p>\n\n\n\n<h2 class=\"wp-block-heading\">27. El corte de navaja y el pliegue de oreja <\/h2>\n\n\n<div class=\"wp-block-image\">\n<figure class=\"aligncenter size-full\"><div style=\"position: relative;\"><noscript><img loading=\"lazy\" decoding=\"async\" width=\"824\" height=\"905\" src=\"https:\/\/flawlesshair.com\/wp-content\/uploads\/2023\/10\/Razor-Cut-And-The-Ear-Tuck.jpg\" alt=\"El corte de navaja y el pliegue de oreja \" class=\"wp-image-27015\" srcset=\"https:\/\/flawlesshair.com\/wp-content\/uploads\/2023\/10\/Razor-Cut-And-The-Ear-Tuck.jpg 824w, https:\/\/flawlesshair.com\/wp-content\/uploads\/2023\/10\/Razor-Cut-And-The-Ear-Tuck-273x300.jpg 273w, https:\/\/flawlesshair.com\/wp-content\/uploads\/2023\/10\/Razor-Cut-And-The-Ear-Tuck-768x843.jpg 768w\" sizes=\"auto, (max-width: 760px) calc(100vw - 24px), 720px\"><\/noscript><img loading=\"lazy\" decoding=\"async\" width=\"824\" height=\"905\" src=\"https:\/\/flawlesshair.com\/wp-content\/uploads\/2023\/10\/Razor-Cut-And-The-Ear-Tuck.jpg\" alt=\"El corte de navaja y el pliegue de oreja \" class=\"wp-image-27015 lazyload\" srcset=\"https:\/\/flawlesshair.com\/wp-content\/uploads\/2023\/10\/Razor-Cut-And-The-Ear-Tuck.jpg 824w, https:\/\/flawlesshair.com\/wp-content\/uploads\/2023\/10\/Razor-Cut-And-The-Ear-Tuck-273x300.jpg 273w, https:\/\/flawlesshair.com\/wp-content\/uploads\/2023\/10\/Razor-Cut-And-The-Ear-Tuck-768x843.jpg 768w\" sizes=\"auto, (max-width: 760px) calc(100vw - 24px), 720px\" data-pin-media=\"https:\/\/flawlesshair.com\/wp-content\/uploads\/2023\/10\/Razor-Cut-And-The-Ear-Tuck.jpg\" id=\"mv-trellis-img-27\" data-trellis-processed=\"1\"><div style=\"position: absolute; top: 0.5rem; right: 0.75rem;\"> <a href=\"https:\/\/www.pinterest.com\/pin\/create\/button\/\" data-pin-do=\"buttonPin\" data-pin-tall=\"true\" data-pin-url=\"https:\/\/flawlesshair.com\/es\/capas-para-enmarcar-la-cara-pelo-largo-medio\/\" data-pin-media=\"https:\/\/flawlesshair.com\/wp-content\/uploads\/2023\/10\/Razor-Cut-And-The-Ear-Tuck.jpg\" data-pin-description=\"30 Attractive Face-Framing Layers For Medium-Length Hair\" rel=\"nofollow noopener\" target=\"_blank\"> <\/a><\/div><\/div><figcaption class=\"wp-element-caption\">@<a href=\"https:\/\/www.instagram.com\/ceremonyportland\/\" target=\"_blank\" rel=\"noreferrer noopener nofollow\">ceremoniaportland<\/a><\/figcaption><\/figure>\n<\/div>\n\n\n<p>El peinado de orejas recogidas es ideal para las mujeres a las que les gustan los looks sencillos con un toque friki. Estos mechones que enmarcan la cara dejados por delante rebosan de coquetos rebotes. <\/p>\n\n\n\n<h2 class=\"wp-block-heading\">28. Capas de emplumado<\/h2>\n\n\n<div class=\"wp-block-image\">\n<figure class=\"aligncenter size-full\"><div style=\"position: relative;\"><noscript><img loading=\"lazy\" decoding=\"async\" width=\"828\" height=\"828\" src=\"https:\/\/flawlesshair.com\/wp-content\/uploads\/2023\/10\/Feathered-face-framing-layers.jpg\" alt=\"Capas de plumas para enmarcar el rostro\" class=\"wp-image-27024\" srcset=\"https:\/\/flawlesshair.com\/wp-content\/uploads\/2023\/10\/Feathered-face-framing-layers.jpg 828w, https:\/\/flawlesshair.com\/wp-content\/uploads\/2023\/10\/Feathered-face-framing-layers-300x300.jpg 300w, https:\/\/flawlesshair.com\/wp-content\/uploads\/2023\/10\/Feathered-face-framing-layers-150x150.jpg 150w, https:\/\/flawlesshair.com\/wp-content\/uploads\/2023\/10\/Feathered-face-framing-layers-768x768.jpg 768w, https:\/\/flawlesshair.com\/wp-content\/uploads\/2023\/10\/Feathered-face-framing-layers-728x728.jpg 728w\" sizes=\"auto, (max-width: 760px) calc(100vw - 24px), 720px\"><\/noscript><img loading=\"lazy\" decoding=\"async\" width=\"828\" height=\"828\" src=\"https:\/\/flawlesshair.com\/wp-content\/uploads\/2023\/10\/Feathered-face-framing-layers.jpg\" alt=\"Capas de plumas para enmarcar el rostro\" class=\"wp-image-27024 lazyload\" srcset=\"https:\/\/flawlesshair.com\/wp-content\/uploads\/2023\/10\/Feathered-face-framing-layers.jpg 828w, https:\/\/flawlesshair.com\/wp-content\/uploads\/2023\/10\/Feathered-face-framing-layers-300x300.jpg 300w, https:\/\/flawlesshair.com\/wp-content\/uploads\/2023\/10\/Feathered-face-framing-layers-150x150.jpg 150w, https:\/\/flawlesshair.com\/wp-content\/uploads\/2023\/10\/Feathered-face-framing-layers-768x768.jpg 768w, https:\/\/flawlesshair.com\/wp-content\/uploads\/2023\/10\/Feathered-face-framing-layers-728x728.jpg 728w\" sizes=\"auto, (max-width: 760px) calc(100vw - 24px), 720px\" data-pin-media=\"https:\/\/flawlesshair.com\/wp-content\/uploads\/2023\/10\/Feathered-face-framing-layers.jpg\" id=\"mv-trellis-img-28\" data-trellis-processed=\"1\"><div style=\"position: absolute; top: 0.5rem; right: 0.75rem;\"> <a href=\"https:\/\/www.pinterest.com\/pin\/create\/button\/\" data-pin-do=\"buttonPin\" data-pin-tall=\"true\" data-pin-url=\"https:\/\/flawlesshair.com\/es\/capas-para-enmarcar-la-cara-pelo-largo-medio\/\" data-pin-media=\"https:\/\/flawlesshair.com\/wp-content\/uploads\/2023\/10\/Feathered-face-framing-layers.jpg\" data-pin-description=\"30 Attractive Face-Framing Layers For Medium-Length Hair\" rel=\"nofollow noopener\" target=\"_blank\"> <\/a><\/div><\/div><figcaption class=\"wp-element-caption\">@<a href=\"https:\/\/www.instagram.com\/thiyaguraj_official\/\" target=\"_blank\" rel=\"noreferrer noopener nofollow\">thiyaguraj_oficial<\/a><\/figcaption><\/figure>\n<\/div>\n\n\n<p>La mayor ventaja de las capas con plumas es que definen la textura del cabello. Si tu pelo es ondulado o rizado, dar\u00e1 forma a la terminaci\u00f3n de tus mechones. En cambio, si tu pelo es liso, colocar\u00e1 los mechones unos encima de otros y aportar\u00e1 m\u00e1s movimiento. <\/p>\n\n\n\n<h2 class=\"wp-block-heading\">29. Capas de caramelo de casta\u00f1a <\/h2>\n\n\n<div class=\"wp-block-image\">\n<figure class=\"aligncenter size-full\"><div style=\"position: relative;\"><noscript><img loading=\"lazy\" decoding=\"async\" width=\"1080\" height=\"1346\" src=\"https:\/\/flawlesshair.com\/wp-content\/uploads\/2023\/10\/Chestnut-Caramel-Layers.jpg\" alt=\"Capas de caramelo de casta\u00f1a \" class=\"wp-image-27031\" srcset=\"https:\/\/flawlesshair.com\/wp-content\/uploads\/2023\/10\/Chestnut-Caramel-Layers.jpg 1080w, https:\/\/flawlesshair.com\/wp-content\/uploads\/2023\/10\/Chestnut-Caramel-Layers-241x300.jpg 241w, https:\/\/flawlesshair.com\/wp-content\/uploads\/2023\/10\/Chestnut-Caramel-Layers-768x957.jpg 768w, https:\/\/flawlesshair.com\/wp-content\/uploads\/2023\/10\/Chestnut-Caramel-Layers-770x960.jpg 770w, https:\/\/flawlesshair.com\/wp-content\/uploads\/2023\/10\/Chestnut-Caramel-Layers-867x1080.jpg 867w, https:\/\/flawlesshair.com\/wp-content\/uploads\/2023\/10\/Chestnut-Caramel-Layers-963x1200.jpg 963w\" sizes=\"auto, (max-width: 760px) calc(100vw - 24px), 720px\"><\/noscript><img loading=\"lazy\" decoding=\"async\" width=\"1080\" height=\"1346\" src=\"https:\/\/flawlesshair.com\/wp-content\/uploads\/2023\/10\/Chestnut-Caramel-Layers.jpg\" alt=\"Capas de caramelo de casta\u00f1a \" class=\"wp-image-27031 lazyload\" srcset=\"https:\/\/flawlesshair.com\/wp-content\/uploads\/2023\/10\/Chestnut-Caramel-Layers.jpg 1080w, https:\/\/flawlesshair.com\/wp-content\/uploads\/2023\/10\/Chestnut-Caramel-Layers-241x300.jpg 241w, https:\/\/flawlesshair.com\/wp-content\/uploads\/2023\/10\/Chestnut-Caramel-Layers-768x957.jpg 768w, https:\/\/flawlesshair.com\/wp-content\/uploads\/2023\/10\/Chestnut-Caramel-Layers-770x960.jpg 770w, https:\/\/flawlesshair.com\/wp-content\/uploads\/2023\/10\/Chestnut-Caramel-Layers-867x1080.jpg 867w, https:\/\/flawlesshair.com\/wp-content\/uploads\/2023\/10\/Chestnut-Caramel-Layers-963x1200.jpg 963w\" sizes=\"auto, (max-width: 760px) calc(100vw - 24px), 720px\" data-pin-media=\"https:\/\/flawlesshair.com\/wp-content\/uploads\/2023\/10\/Chestnut-Caramel-Layers.jpg\" id=\"mv-trellis-img-29\" data-trellis-processed=\"1\"><div style=\"position: absolute; top: 0.5rem; right: 0.75rem;\"> <a href=\"https:\/\/www.pinterest.com\/pin\/create\/button\/\" data-pin-do=\"buttonPin\" data-pin-tall=\"true\" data-pin-url=\"https:\/\/flawlesshair.com\/es\/capas-para-enmarcar-la-cara-pelo-largo-medio\/\" data-pin-media=\"https:\/\/flawlesshair.com\/wp-content\/uploads\/2023\/10\/Chestnut-Caramel-Layers.jpg\" data-pin-description=\"30 Attractive Face-Framing Layers For Medium-Length Hair\" rel=\"nofollow noopener\" target=\"_blank\"> <\/a><\/div><\/div><figcaption class=\"wp-element-caption\">@<a href=\"https:\/\/www.instagram.com\/shami_audo_k\/\" target=\"_blank\" rel=\"noreferrer noopener nofollow\">shami_audo_k<\/a><\/figcaption><\/figure>\n<\/div>\n\n\n<p>Este color oto\u00f1al es muy natural y f\u00e1cil de mantener. Sin embargo, si tienes un tono de piel m\u00e1s oscuro, deber\u00edas evitar estos tonos marrones rojizos porque el bajo contraste te deste\u00f1ir\u00e1. <\/p>\n\n\n\n<h2 class=\"wp-block-heading\">30. Flequillo Bardot con trenzas para enmarcar la cara <\/h2>\n\n\n<div class=\"wp-block-image\">\n<figure class=\"aligncenter size-full\"><div style=\"position: relative;\"><noscript><img loading=\"lazy\" decoding=\"async\" width=\"1080\" height=\"1125\" src=\"https:\/\/flawlesshair.com\/wp-content\/uploads\/2023\/10\/Face-Framing-Bardot-Bangs-And-Braids.jpg\" alt=\"Flequillo y trenzas Bardot para enmarcar la cara \" class=\"wp-image-27007\" srcset=\"https:\/\/flawlesshair.com\/wp-content\/uploads\/2023\/10\/Face-Framing-Bardot-Bangs-And-Braids.jpg 1080w, https:\/\/flawlesshair.com\/wp-content\/uploads\/2023\/10\/Face-Framing-Bardot-Bangs-And-Braids-288x300.jpg 288w, https:\/\/flawlesshair.com\/wp-content\/uploads\/2023\/10\/Face-Framing-Bardot-Bangs-And-Braids-768x800.jpg 768w, https:\/\/flawlesshair.com\/wp-content\/uploads\/2023\/10\/Face-Framing-Bardot-Bangs-And-Braids-922x960.jpg 922w, https:\/\/flawlesshair.com\/wp-content\/uploads\/2023\/10\/Face-Framing-Bardot-Bangs-And-Braids-1037x1080.jpg 1037w\" sizes=\"auto, (max-width: 760px) calc(100vw - 24px), 720px\"><\/noscript><img loading=\"lazy\" decoding=\"async\" width=\"1080\" height=\"1125\" src=\"https:\/\/flawlesshair.com\/wp-content\/uploads\/2023\/10\/Face-Framing-Bardot-Bangs-And-Braids.jpg\" alt=\"Flequillo y trenzas Bardot para enmarcar la cara \" class=\"wp-image-27007 lazyload\" srcset=\"https:\/\/flawlesshair.com\/wp-content\/uploads\/2023\/10\/Face-Framing-Bardot-Bangs-And-Braids.jpg 1080w, https:\/\/flawlesshair.com\/wp-content\/uploads\/2023\/10\/Face-Framing-Bardot-Bangs-And-Braids-288x300.jpg 288w, https:\/\/flawlesshair.com\/wp-content\/uploads\/2023\/10\/Face-Framing-Bardot-Bangs-And-Braids-768x800.jpg 768w, https:\/\/flawlesshair.com\/wp-content\/uploads\/2023\/10\/Face-Framing-Bardot-Bangs-And-Braids-922x960.jpg 922w, https:\/\/flawlesshair.com\/wp-content\/uploads\/2023\/10\/Face-Framing-Bardot-Bangs-And-Braids-1037x1080.jpg 1037w\" sizes=\"auto, (max-width: 760px) calc(100vw - 24px), 720px\" data-pin-media=\"https:\/\/flawlesshair.com\/wp-content\/uploads\/2023\/10\/Face-Framing-Bardot-Bangs-And-Braids.jpg\" id=\"mv-trellis-img-30\" data-trellis-processed=\"1\"><div style=\"position: absolute; top: 0.5rem; right: 0.75rem;\"> <a href=\"https:\/\/www.pinterest.com\/pin\/create\/button\/\" data-pin-do=\"buttonPin\" data-pin-tall=\"true\" data-pin-url=\"https:\/\/flawlesshair.com\/es\/capas-para-enmarcar-la-cara-pelo-largo-medio\/\" data-pin-media=\"https:\/\/flawlesshair.com\/wp-content\/uploads\/2023\/10\/Face-Framing-Bardot-Bangs-And-Braids.jpg\" data-pin-description=\"30 Attractive Face-Framing Layers For Medium-Length Hair\" rel=\"nofollow noopener\" target=\"_blank\"> <\/a><\/div><\/div><figcaption class=\"wp-element-caption\">@<a href=\"https:\/\/www.instagram.com\/hollygirldoeshair\/\" target=\"_blank\" rel=\"noreferrer noopener nofollow\">hollygirldoeshair<\/a><\/figcaption><\/figure>\n<\/div>\n\n\n<p>El flequillo Bardot es muy parecido al flequillo cortina, pero con una suave raya en el centro que le da un aire m\u00e1s sofisticado y elegante. Como puedes ver, tambi\u00e9n combinan perfectamente con estas capas que enmarcan la cara. Cuando se trata de estas trenzas, simplemente a\u00f1aden un toque juvenil y elegante a todo el look. <\/p>","protected":false},"excerpt":{"rendered":"<p>Seguro que la primera pregunta que te haces sobre las capas que enmarcan el rostro es si se adaptar\u00e1n a la textura de tu pelo o a la forma de tu cara. En ese caso, ...<\/p>","protected":false},"author":5,"featured_media":27020,"comment_status":"closed","ping_status":"closed","sticky":false,"template":"","format":"standard","meta":{"syndication_tool_enabled":false,"syndication_tool_title":"","syndication_tool_excerpt":"","syndication_tool_featured_image":0,"syndication_tool_publish_date":"","syndication_tool_schema_types":[],"syndication_tool_backlink_enable":false,"syndication_tool_ai_disclosure_enable":false,"disable-in-feed":false,"article-schema-type":"","disable-critical-css":false,"footnotes":""},"categories":[32],"tags":[],"class_list":["post-26835","post","type-post","status-publish","format-standard","has-post-thumbnail","hentry","category-medium"],"_links":{"self":[{"href":"https:\/\/flawlesshair.com\/es\/wp-json\/wp\/v2\/posts\/26835","targetHints":{"allow":["GET"]}}],"collection":[{"href":"https:\/\/flawlesshair.com\/es\/wp-json\/wp\/v2\/posts"}],"about":[{"href":"https:\/\/flawlesshair.com\/es\/wp-json\/wp\/v2\/types\/post"}],"author":[{"embeddable":true,"href":"https:\/\/flawlesshair.com\/es\/wp-json\/wp\/v2\/users\/5"}],"replies":[{"embeddable":true,"href":"https:\/\/flawlesshair.com\/es\/wp-json\/wp\/v2\/comments?post=26835"}],"version-history":[{"count":0,"href":"https:\/\/flawlesshair.com\/es\/wp-json\/wp\/v2\/posts\/26835\/revisions"}],"wp:featuredmedia":[{"embeddable":true,"href":"https:\/\/flawlesshair.com\/es\/wp-json\/wp\/v2\/media\/27020"}],"wp:attachment":[{"href":"https:\/\/flawlesshair.com\/es\/wp-json\/wp\/v2\/media?parent=26835"}],"wp:term":[{"taxonomy":"category","embeddable":true,"href":"https:\/\/flawlesshair.com\/es\/wp-json\/wp\/v2\/categories?post=26835"},{"taxonomy":"post_tag","embeddable":true,"href":"https:\/\/flawlesshair.com\/es\/wp-json\/wp\/v2\/tags?post=26835"}],"curies":[{"name":"wp","href":"https:\/\/api.w.org\/{rel}","templated":true}]}}