{"id":43182,"date":"2024-12-14T14:15:00","date_gmt":"2024-12-14T13:15:00","guid":{"rendered":"https:\/\/flawlesshair.com\/?p=43182"},"modified":"2024-12-12T18:37:04","modified_gmt":"2024-12-12T17:37:04","slug":"pelo-corto-a-capas","status":"publish","type":"post","link":"https:\/\/flawlesshair.com\/es\/pelo-corto-a-capas\/","title":{"rendered":"Estos 20 peinados cortos a capas son s\u00faper elegantes y pr\u00e1cticos"},"content":{"rendered":"<style>img#mv-trellis-img-1::before{padding-top:125.09259259259%; }img#mv-trellis-img-1{display:block;}img#mv-trellis-img-2::before{padding-top:100%; }img#mv-trellis-img-2{display:block;}img#mv-trellis-img-3::before{padding-top:125%; }img#mv-trellis-img-3{display:block;}img#mv-trellis-img-4::before{padding-top:100%; }img#mv-trellis-img-4{display:block;}img#mv-trellis-img-5::before{padding-top:116.75925925926%; }img#mv-trellis-img-5{display:block;}img#mv-trellis-img-6::before{padding-top:100%; }img#mv-trellis-img-6{display:block;}img#mv-trellis-img-7::before{padding-top:125%; }img#mv-trellis-img-7{display:block;}img#mv-trellis-img-8::before{padding-top:125%; }img#mv-trellis-img-8{display:block;}img#mv-trellis-img-9::before{padding-top:100%; }img#mv-trellis-img-9{display:block;}img#mv-trellis-img-10::before{padding-top:125%; }img#mv-trellis-img-10{display:block;}img#mv-trellis-img-11::before{padding-top:116.11111111111%; }img#mv-trellis-img-11{display:block;}img#mv-trellis-img-12::before{padding-top:100%; }img#mv-trellis-img-12{display:block;}img#mv-trellis-img-13::before{padding-top:100%; }img#mv-trellis-img-13{display:block;}img#mv-trellis-img-14::before{padding-top:124.90740740741%; }img#mv-trellis-img-14{display:block;}img#mv-trellis-img-15::before{padding-top:114.07407407407%; }img#mv-trellis-img-15{display:block;}img#mv-trellis-img-16::before{padding-top:99.722222222222%; }img#mv-trellis-img-16{display:block;}img#mv-trellis-img-17::before{padding-top:125%; }img#mv-trellis-img-17{display:block;}img#mv-trellis-img-18::before{padding-top:100%; }img#mv-trellis-img-18{display:block;}img#mv-trellis-img-19::before{padding-top:125%; }img#mv-trellis-img-19{display:block;}img#mv-trellis-img-20::before{padding-top:125%; }img#mv-trellis-img-20{display:block;}<\/style>\n<p>Es universalmente reconocido que los peinados cortos a capas pueden ser atrevidos, suaves, femeninos o atrevidos, dependiendo del tipo de corte y de la textura del cabello. Adem\u00e1s, el pelo corto a capas es muy f\u00e1cil de peinar y es uno de los peinados m\u00e1s pr\u00e1cticos. Dicho esto, aqu\u00ed tienes los cortes de pelo corto a capas m\u00e1s bonitos para inspirar tu pr\u00f3ximo look.<\/p>\n\n\n\n<h2 class=\"wp-block-heading\">1. Corte mixto corto a capas<\/h2>\n\n\n<div class=\"wp-block-image\">\n<figure class=\"aligncenter size-full\"><div style=\"position: relative;\"><noscript><img loading=\"lazy\" decoding=\"async\" width=\"1080\" height=\"1351\" src=\"https:\/\/flawlesshair.com\/wp-content\/uploads\/2024\/02\/short-layered-mixie-cut.jpg\" alt=\"corte mixto corto a capas\" class=\"wp-image-43203\" srcset=\"https:\/\/flawlesshair.com\/wp-content\/uploads\/2024\/02\/short-layered-mixie-cut.jpg 1080w, https:\/\/flawlesshair.com\/wp-content\/uploads\/2024\/02\/short-layered-mixie-cut-240x300.jpg 240w, https:\/\/flawlesshair.com\/wp-content\/uploads\/2024\/02\/short-layered-mixie-cut-768x961.jpg 768w, https:\/\/flawlesshair.com\/wp-content\/uploads\/2024\/02\/short-layered-mixie-cut-10x12.jpg 10w, https:\/\/flawlesshair.com\/wp-content\/uploads\/2024\/02\/short-layered-mixie-cut-767x960.jpg 767w, https:\/\/flawlesshair.com\/wp-content\/uploads\/2024\/02\/short-layered-mixie-cut-863x1080.jpg 863w, https:\/\/flawlesshair.com\/wp-content\/uploads\/2024\/02\/short-layered-mixie-cut-959x1200.jpg 959w, https:\/\/flawlesshair.com\/wp-content\/uploads\/2024\/02\/short-layered-mixie-cut-150x188.jpg 150w\" sizes=\"auto, (max-width: 760px) calc(100vw - 24px), 720px\"><\/noscript><img loading=\"eager\" decoding=\"async\" width=\"1080\" height=\"1351\" src=\"data:image\/svg+xml,%3Csvg%20xmlns='http:\/\/www.w3.org\/2000\/svg'%20viewBox='0%200%201080%201351'%3E%3Crect%20width='1080'%20height='1351'%20style='fill:%23e3e3e3'\/%3E%3C\/svg%3E\" alt=\"corte mixto corto a capas\" class=\"wp-image-43203 eager-load\" sizes=\"auto, (max-width: 760px) calc(100vw - 24px), 720px\" data-pin-media=\"https:\/\/flawlesshair.com\/wp-content\/uploads\/2024\/02\/short-layered-mixie-cut.jpg\" id=\"mv-trellis-img-1\" data-src=\"https:\/\/flawlesshair.com\/wp-content\/uploads\/2024\/02\/short-layered-mixie-cut.jpg\" data-srcset=\"https:\/\/flawlesshair.com\/wp-content\/uploads\/2024\/02\/short-layered-mixie-cut.jpg 1080w, https:\/\/flawlesshair.com\/wp-content\/uploads\/2024\/02\/short-layered-mixie-cut-240x300.jpg 240w, https:\/\/flawlesshair.com\/wp-content\/uploads\/2024\/02\/short-layered-mixie-cut-768x961.jpg 768w, https:\/\/flawlesshair.com\/wp-content\/uploads\/2024\/02\/short-layered-mixie-cut-10x12.jpg 10w, https:\/\/flawlesshair.com\/wp-content\/uploads\/2024\/02\/short-layered-mixie-cut-767x960.jpg 767w, https:\/\/flawlesshair.com\/wp-content\/uploads\/2024\/02\/short-layered-mixie-cut-863x1080.jpg 863w, https:\/\/flawlesshair.com\/wp-content\/uploads\/2024\/02\/short-layered-mixie-cut-959x1200.jpg 959w, https:\/\/flawlesshair.com\/wp-content\/uploads\/2024\/02\/short-layered-mixie-cut-150x188.jpg 150w\" data-svg=\"1\" data-trellis-processed=\"1\"><div style=\"position: absolute; top: 0.5rem; right: 0.75rem;\"> <a href=\"https:\/\/www.pinterest.com\/pin\/create\/button\/\" data-pin-do=\"buttonPin\" data-pin-tall=\"true\" data-pin-url=\"https:\/\/flawlesshair.com\/es\/pelo-corto-a-capas\/\" data-pin-media=\"https:\/\/flawlesshair.com\/wp-content\/uploads\/2024\/02\/short-layered-mixie-cut.jpg\" data-pin-description=\"These 20 Short Layered Hair Styles Are Super Stylish And Practical\" rel=\"nofollow noopener\" target=\"_blank\"> <\/a><\/div><\/div><figcaption class=\"wp-element-caption\">@<a href=\"https:\/\/www.instagram.com\/nothingbutpixies\/\" target=\"_blank\" rel=\"noreferrer noopener nofollow\">nothingbutpixies<\/a><\/figcaption><\/figure>\n<\/div>\n\n\n<p>El corte mixie es una combinaci\u00f3n de pixie y mullet. Este corte de pelo presenta muchas capas cortas en la coronilla con capas m\u00e1s largas en la parte trasera caracter\u00edsticas de un corte mullet. El Mixie te ofrece lo mejor de ambos mundos: textura y volumen. <\/p>\n\n\n\n<h2 class=\"wp-block-heading\">2. Pelo corto pelirrojo con flequillo y capas<\/h2>\n\n\n<div class=\"wp-block-image\">\n<figure class=\"aligncenter size-full\"><div style=\"position: relative;\"><noscript><img loading=\"lazy\" decoding=\"async\" width=\"1080\" height=\"1080\" src=\"https:\/\/flawlesshair.com\/wp-content\/uploads\/2024\/02\/short-red-hair-with-bangs-and-layers.jpg\" alt=\"pelo corto pelirrojo con flequillo y capas\" class=\"wp-image-43205\" srcset=\"https:\/\/flawlesshair.com\/wp-content\/uploads\/2024\/02\/short-red-hair-with-bangs-and-layers.jpg 1080w, https:\/\/flawlesshair.com\/wp-content\/uploads\/2024\/02\/short-red-hair-with-bangs-and-layers-300x300.jpg 300w, https:\/\/flawlesshair.com\/wp-content\/uploads\/2024\/02\/short-red-hair-with-bangs-and-layers-150x150.jpg 150w, https:\/\/flawlesshair.com\/wp-content\/uploads\/2024\/02\/short-red-hair-with-bangs-and-layers-768x768.jpg 768w, https:\/\/flawlesshair.com\/wp-content\/uploads\/2024\/02\/short-red-hair-with-bangs-and-layers-12x12.jpg 12w, https:\/\/flawlesshair.com\/wp-content\/uploads\/2024\/02\/short-red-hair-with-bangs-and-layers-728x728.jpg 728w, https:\/\/flawlesshair.com\/wp-content\/uploads\/2024\/02\/short-red-hair-with-bangs-and-layers-960x960.jpg 960w, https:\/\/flawlesshair.com\/wp-content\/uploads\/2024\/02\/short-red-hair-with-bangs-and-layers-96x96.jpg 96w\" sizes=\"auto, (max-width: 760px) calc(100vw - 24px), 720px\"><\/noscript><img loading=\"lazy\" decoding=\"async\" width=\"1080\" height=\"1080\" src=\"https:\/\/flawlesshair.com\/wp-content\/uploads\/2024\/02\/short-red-hair-with-bangs-and-layers.jpg\" alt=\"pelo corto pelirrojo con flequillo y capas\" class=\"wp-image-43205 lazyload\" srcset=\"https:\/\/flawlesshair.com\/wp-content\/uploads\/2024\/02\/short-red-hair-with-bangs-and-layers.jpg 1080w, https:\/\/flawlesshair.com\/wp-content\/uploads\/2024\/02\/short-red-hair-with-bangs-and-layers-300x300.jpg 300w, https:\/\/flawlesshair.com\/wp-content\/uploads\/2024\/02\/short-red-hair-with-bangs-and-layers-150x150.jpg 150w, https:\/\/flawlesshair.com\/wp-content\/uploads\/2024\/02\/short-red-hair-with-bangs-and-layers-768x768.jpg 768w, https:\/\/flawlesshair.com\/wp-content\/uploads\/2024\/02\/short-red-hair-with-bangs-and-layers-12x12.jpg 12w, https:\/\/flawlesshair.com\/wp-content\/uploads\/2024\/02\/short-red-hair-with-bangs-and-layers-728x728.jpg 728w, https:\/\/flawlesshair.com\/wp-content\/uploads\/2024\/02\/short-red-hair-with-bangs-and-layers-960x960.jpg 960w, https:\/\/flawlesshair.com\/wp-content\/uploads\/2024\/02\/short-red-hair-with-bangs-and-layers-96x96.jpg 96w\" sizes=\"auto, (max-width: 760px) calc(100vw - 24px), 720px\" data-pin-media=\"https:\/\/flawlesshair.com\/wp-content\/uploads\/2024\/02\/short-red-hair-with-bangs-and-layers.jpg\" id=\"mv-trellis-img-2\" data-trellis-processed=\"1\"><div style=\"position: absolute; top: 0.5rem; right: 0.75rem;\"> <a href=\"https:\/\/www.pinterest.com\/pin\/create\/button\/\" data-pin-do=\"buttonPin\" data-pin-tall=\"true\" data-pin-url=\"https:\/\/flawlesshair.com\/es\/pelo-corto-a-capas\/\" data-pin-media=\"https:\/\/flawlesshair.com\/wp-content\/uploads\/2024\/02\/short-red-hair-with-bangs-and-layers.jpg\" data-pin-description=\"These 20 Short Layered Hair Styles Are Super Stylish And Practical\" rel=\"nofollow noopener\" target=\"_blank\"> <\/a><\/div><\/div><figcaption class=\"wp-element-caption\">@<a href=\"https:\/\/www.instagram.com\/caitiethehairjunkie\/\" target=\"_blank\" rel=\"noreferrer noopener nofollow\">caitiethehairjunkie<\/a><\/figcaption><\/figure>\n<\/div>\n\n\n<p>El pelirrojo intenso est\u00e1 reservado a quienes quieren lucir un look atrevido. De hecho, el tono rojo acent\u00faa a la perfecci\u00f3n la textura de un pelo corto. <a href=\"https:\/\/flawlesshair.com\/es\/pelo-a-capas-con-flequillo\/\">corte de pelo a capas con flequillo<\/a>. <\/p>\n\n\n\n<h2 class=\"wp-block-heading\">3. Color Blocked Wolf Cut With Layers<\/h2>\n\n\n<div class=\"wp-block-image\">\n<figure class=\"aligncenter size-full\"><div style=\"position: relative;\"><noscript><img loading=\"lazy\" decoding=\"async\" width=\"1080\" height=\"1350\" src=\"https:\/\/flawlesshair.com\/wp-content\/uploads\/2024\/02\/color-blocked-wolf-cut-with-layers.jpg\" alt=\"corte lobo a capas con bloques de color\" class=\"wp-image-43188\" srcset=\"https:\/\/flawlesshair.com\/wp-content\/uploads\/2024\/02\/color-blocked-wolf-cut-with-layers.jpg 1080w, https:\/\/flawlesshair.com\/wp-content\/uploads\/2024\/02\/color-blocked-wolf-cut-with-layers-240x300.jpg 240w, https:\/\/flawlesshair.com\/wp-content\/uploads\/2024\/02\/color-blocked-wolf-cut-with-layers-768x960.jpg 768w, https:\/\/flawlesshair.com\/wp-content\/uploads\/2024\/02\/color-blocked-wolf-cut-with-layers-10x12.jpg 10w, https:\/\/flawlesshair.com\/wp-content\/uploads\/2024\/02\/color-blocked-wolf-cut-with-layers-864x1080.jpg 864w, https:\/\/flawlesshair.com\/wp-content\/uploads\/2024\/02\/color-blocked-wolf-cut-with-layers-960x1200.jpg 960w, https:\/\/flawlesshair.com\/wp-content\/uploads\/2024\/02\/color-blocked-wolf-cut-with-layers-150x188.jpg 150w\" sizes=\"auto, (max-width: 760px) calc(100vw - 24px), 720px\"><\/noscript><img loading=\"lazy\" decoding=\"async\" width=\"1080\" height=\"1350\" src=\"https:\/\/flawlesshair.com\/wp-content\/uploads\/2024\/02\/color-blocked-wolf-cut-with-layers.jpg\" alt=\"corte lobo a capas con bloques de color\" class=\"wp-image-43188 lazyload\" srcset=\"https:\/\/flawlesshair.com\/wp-content\/uploads\/2024\/02\/color-blocked-wolf-cut-with-layers.jpg 1080w, https:\/\/flawlesshair.com\/wp-content\/uploads\/2024\/02\/color-blocked-wolf-cut-with-layers-240x300.jpg 240w, https:\/\/flawlesshair.com\/wp-content\/uploads\/2024\/02\/color-blocked-wolf-cut-with-layers-768x960.jpg 768w, https:\/\/flawlesshair.com\/wp-content\/uploads\/2024\/02\/color-blocked-wolf-cut-with-layers-10x12.jpg 10w, https:\/\/flawlesshair.com\/wp-content\/uploads\/2024\/02\/color-blocked-wolf-cut-with-layers-864x1080.jpg 864w, https:\/\/flawlesshair.com\/wp-content\/uploads\/2024\/02\/color-blocked-wolf-cut-with-layers-960x1200.jpg 960w, https:\/\/flawlesshair.com\/wp-content\/uploads\/2024\/02\/color-blocked-wolf-cut-with-layers-150x188.jpg 150w\" sizes=\"auto, (max-width: 760px) calc(100vw - 24px), 720px\" data-pin-media=\"https:\/\/flawlesshair.com\/wp-content\/uploads\/2024\/02\/color-blocked-wolf-cut-with-layers.jpg\" id=\"mv-trellis-img-3\" data-trellis-processed=\"1\"><div style=\"position: absolute; top: 0.5rem; right: 0.75rem;\"> <a href=\"https:\/\/www.pinterest.com\/pin\/create\/button\/\" data-pin-do=\"buttonPin\" data-pin-tall=\"true\" data-pin-url=\"https:\/\/flawlesshair.com\/es\/pelo-corto-a-capas\/\" data-pin-media=\"https:\/\/flawlesshair.com\/wp-content\/uploads\/2024\/02\/color-blocked-wolf-cut-with-layers.jpg\" data-pin-description=\"These 20 Short Layered Hair Styles Are Super Stylish And Practical\" rel=\"nofollow noopener\" target=\"_blank\"> <\/a><\/div><\/div><figcaption class=\"wp-element-caption\">@<a href=\"https:\/\/www.instagram.com\/hair.by.alix\/\" target=\"_blank\" rel=\"noreferrer noopener nofollow\">pelo.de.alix<\/a><\/figcaption><\/figure>\n<\/div>\n\n\n<p>Cuando la vida te da colores, \u00a1ti\u00f1e tu pelo de colores contrastados! El corte lobo con bloques de color merece estar en la lista de los cinco mejores <a href=\"https:\/\/flawlesshair.com\/es\/cabello-en-capas\/\">los peinados a capas m\u00e1s chulos<\/a>. Los tonos pastel nunca han quedado tan bien en el pelo a capas. \u00bfEstoy en lo cierto?<\/p>\n\n\n\n<h2 class=\"wp-block-heading\">4. Peinado corto a capas para pelo rizado<\/h2>\n\n\n<div class=\"wp-block-image\">\n<figure class=\"aligncenter size-full\"><div style=\"position: relative;\"><noscript><img loading=\"lazy\" decoding=\"async\" width=\"1080\" height=\"1080\" src=\"https:\/\/flawlesshair.com\/wp-content\/uploads\/2024\/02\/short-layered-hairstyle-for-curly-hair.jpg\" alt=\"peinado corto a capas para pelo rizado\" class=\"wp-image-43202\" srcset=\"https:\/\/flawlesshair.com\/wp-content\/uploads\/2024\/02\/short-layered-hairstyle-for-curly-hair.jpg 1080w, https:\/\/flawlesshair.com\/wp-content\/uploads\/2024\/02\/short-layered-hairstyle-for-curly-hair-300x300.jpg 300w, https:\/\/flawlesshair.com\/wp-content\/uploads\/2024\/02\/short-layered-hairstyle-for-curly-hair-150x150.jpg 150w, https:\/\/flawlesshair.com\/wp-content\/uploads\/2024\/02\/short-layered-hairstyle-for-curly-hair-768x768.jpg 768w, https:\/\/flawlesshair.com\/wp-content\/uploads\/2024\/02\/short-layered-hairstyle-for-curly-hair-12x12.jpg 12w, https:\/\/flawlesshair.com\/wp-content\/uploads\/2024\/02\/short-layered-hairstyle-for-curly-hair-728x728.jpg 728w, https:\/\/flawlesshair.com\/wp-content\/uploads\/2024\/02\/short-layered-hairstyle-for-curly-hair-960x960.jpg 960w, https:\/\/flawlesshair.com\/wp-content\/uploads\/2024\/02\/short-layered-hairstyle-for-curly-hair-96x96.jpg 96w\" sizes=\"auto, (max-width: 760px) calc(100vw - 24px), 720px\"><\/noscript><img loading=\"lazy\" decoding=\"async\" width=\"1080\" height=\"1080\" src=\"https:\/\/flawlesshair.com\/wp-content\/uploads\/2024\/02\/short-layered-hairstyle-for-curly-hair.jpg\" alt=\"peinado corto a capas para pelo rizado\" class=\"wp-image-43202 lazyload\" srcset=\"https:\/\/flawlesshair.com\/wp-content\/uploads\/2024\/02\/short-layered-hairstyle-for-curly-hair.jpg 1080w, https:\/\/flawlesshair.com\/wp-content\/uploads\/2024\/02\/short-layered-hairstyle-for-curly-hair-300x300.jpg 300w, https:\/\/flawlesshair.com\/wp-content\/uploads\/2024\/02\/short-layered-hairstyle-for-curly-hair-150x150.jpg 150w, https:\/\/flawlesshair.com\/wp-content\/uploads\/2024\/02\/short-layered-hairstyle-for-curly-hair-768x768.jpg 768w, https:\/\/flawlesshair.com\/wp-content\/uploads\/2024\/02\/short-layered-hairstyle-for-curly-hair-12x12.jpg 12w, https:\/\/flawlesshair.com\/wp-content\/uploads\/2024\/02\/short-layered-hairstyle-for-curly-hair-728x728.jpg 728w, https:\/\/flawlesshair.com\/wp-content\/uploads\/2024\/02\/short-layered-hairstyle-for-curly-hair-960x960.jpg 960w, https:\/\/flawlesshair.com\/wp-content\/uploads\/2024\/02\/short-layered-hairstyle-for-curly-hair-96x96.jpg 96w\" sizes=\"auto, (max-width: 760px) calc(100vw - 24px), 720px\" data-pin-media=\"https:\/\/flawlesshair.com\/wp-content\/uploads\/2024\/02\/short-layered-hairstyle-for-curly-hair.jpg\" id=\"mv-trellis-img-4\" data-trellis-processed=\"1\"><div style=\"position: absolute; top: 0.5rem; right: 0.75rem;\"> <a href=\"https:\/\/www.pinterest.com\/pin\/create\/button\/\" data-pin-do=\"buttonPin\" data-pin-tall=\"true\" data-pin-url=\"https:\/\/flawlesshair.com\/es\/pelo-corto-a-capas\/\" data-pin-media=\"https:\/\/flawlesshair.com\/wp-content\/uploads\/2024\/02\/short-layered-hairstyle-for-curly-hair.jpg\" data-pin-description=\"These 20 Short Layered Hair Styles Are Super Stylish And Practical\" rel=\"nofollow noopener\" target=\"_blank\"> <\/a><\/div><\/div><figcaption class=\"wp-element-caption\">@<a href=\"https:\/\/www.instagram.com\/artistrybyrebecca\/\" target=\"_blank\" rel=\"noreferrer noopener nofollow\">artistrybyrebecca<\/a><\/figcaption><\/figure>\n<\/div>\n\n\n<p>Las capas son una bendici\u00f3n para el pelo rizado porque ayudan a eliminar peso y a\u00f1aden m\u00e1s movimiento al peinado. Truco profesional: peina tu <a href=\"https:\/\/flawlesshair.com\/es\/cortes-de-pelo-rizado-en-capas\/\">pelo rizado en capas<\/a> con crema para rizos y gomina antes de secarlo con un difusor. Disfruta de tus preciosos rizos.<\/p>\n\n\n\n<h2 class=\"wp-block-heading\">5. Coleta baja para pelo corto a capas<\/h2>\n\n\n<div class=\"wp-block-image\">\n<figure class=\"aligncenter size-full\"><div style=\"position: relative;\"><noscript><img loading=\"lazy\" decoding=\"async\" width=\"1080\" height=\"1261\" src=\"https:\/\/flawlesshair.com\/wp-content\/uploads\/2024\/02\/low-ponytail-for-short-layered-hair.jpg\" alt=\"coleta baja para pelo corto a capas\" class=\"wp-image-43197\" srcset=\"https:\/\/flawlesshair.com\/wp-content\/uploads\/2024\/02\/low-ponytail-for-short-layered-hair.jpg 1080w, https:\/\/flawlesshair.com\/wp-content\/uploads\/2024\/02\/low-ponytail-for-short-layered-hair-257x300.jpg 257w, https:\/\/flawlesshair.com\/wp-content\/uploads\/2024\/02\/low-ponytail-for-short-layered-hair-768x897.jpg 768w, https:\/\/flawlesshair.com\/wp-content\/uploads\/2024\/02\/low-ponytail-for-short-layered-hair-10x12.jpg 10w, https:\/\/flawlesshair.com\/wp-content\/uploads\/2024\/02\/low-ponytail-for-short-layered-hair-822x960.jpg 822w, https:\/\/flawlesshair.com\/wp-content\/uploads\/2024\/02\/low-ponytail-for-short-layered-hair-925x1080.jpg 925w, https:\/\/flawlesshair.com\/wp-content\/uploads\/2024\/02\/low-ponytail-for-short-layered-hair-1028x1200.jpg 1028w, https:\/\/flawlesshair.com\/wp-content\/uploads\/2024\/02\/low-ponytail-for-short-layered-hair-150x175.jpg 150w\" sizes=\"auto, (max-width: 760px) calc(100vw - 24px), 720px\"><\/noscript><img loading=\"lazy\" decoding=\"async\" width=\"1080\" height=\"1261\" src=\"https:\/\/flawlesshair.com\/wp-content\/uploads\/2024\/02\/low-ponytail-for-short-layered-hair.jpg\" alt=\"coleta baja para pelo corto a capas\" class=\"wp-image-43197 lazyload\" srcset=\"https:\/\/flawlesshair.com\/wp-content\/uploads\/2024\/02\/low-ponytail-for-short-layered-hair.jpg 1080w, https:\/\/flawlesshair.com\/wp-content\/uploads\/2024\/02\/low-ponytail-for-short-layered-hair-257x300.jpg 257w, https:\/\/flawlesshair.com\/wp-content\/uploads\/2024\/02\/low-ponytail-for-short-layered-hair-768x897.jpg 768w, https:\/\/flawlesshair.com\/wp-content\/uploads\/2024\/02\/low-ponytail-for-short-layered-hair-10x12.jpg 10w, https:\/\/flawlesshair.com\/wp-content\/uploads\/2024\/02\/low-ponytail-for-short-layered-hair-822x960.jpg 822w, https:\/\/flawlesshair.com\/wp-content\/uploads\/2024\/02\/low-ponytail-for-short-layered-hair-925x1080.jpg 925w, https:\/\/flawlesshair.com\/wp-content\/uploads\/2024\/02\/low-ponytail-for-short-layered-hair-1028x1200.jpg 1028w, https:\/\/flawlesshair.com\/wp-content\/uploads\/2024\/02\/low-ponytail-for-short-layered-hair-150x175.jpg 150w\" sizes=\"auto, (max-width: 760px) calc(100vw - 24px), 720px\" data-pin-media=\"https:\/\/flawlesshair.com\/wp-content\/uploads\/2024\/02\/low-ponytail-for-short-layered-hair.jpg\" id=\"mv-trellis-img-5\" data-trellis-processed=\"1\"><div style=\"position: absolute; top: 0.5rem; right: 0.75rem;\"> <a href=\"https:\/\/www.pinterest.com\/pin\/create\/button\/\" data-pin-do=\"buttonPin\" data-pin-tall=\"true\" data-pin-url=\"https:\/\/flawlesshair.com\/es\/pelo-corto-a-capas\/\" data-pin-media=\"https:\/\/flawlesshair.com\/wp-content\/uploads\/2024\/02\/low-ponytail-for-short-layered-hair.jpg\" data-pin-description=\"These 20 Short Layered Hair Styles Are Super Stylish And Practical\" rel=\"nofollow noopener\" target=\"_blank\"> <\/a><\/div><\/div><figcaption class=\"wp-element-caption\">@<a href=\"https:\/\/www.instagram.com\/maneaddicts\/\" target=\"_blank\" rel=\"noreferrer noopener nofollow\">maneaddicts<\/a><\/figcaption><\/figure>\n<\/div>\n\n\n<p>S\u00ed, el pelo corto puede caber en una coleta, y esta foto es una prueba fehaciente de ello. Recoger tu pelo corto a capas en una coleta te dar\u00e1 ese aire desordenado y despeinado perfecto para un look de modelo informal. <\/p>\n\n\n\n<h2 class=\"wp-block-heading\">6. Pixie con corte bajo a capas<\/h2>\n\n\n<div class=\"wp-block-image\">\n<figure class=\"aligncenter size-full\"><div style=\"position: relative;\"><noscript><img loading=\"lazy\" decoding=\"async\" width=\"1080\" height=\"1080\" src=\"https:\/\/flawlesshair.com\/wp-content\/uploads\/2024\/02\/layered-undercut-pixie.jpg\" alt=\"corte bajo a capas pixie\" class=\"wp-image-43194\" srcset=\"https:\/\/flawlesshair.com\/wp-content\/uploads\/2024\/02\/layered-undercut-pixie.jpg 1080w, https:\/\/flawlesshair.com\/wp-content\/uploads\/2024\/02\/layered-undercut-pixie-300x300.jpg 300w, https:\/\/flawlesshair.com\/wp-content\/uploads\/2024\/02\/layered-undercut-pixie-150x150.jpg 150w, https:\/\/flawlesshair.com\/wp-content\/uploads\/2024\/02\/layered-undercut-pixie-768x768.jpg 768w, https:\/\/flawlesshair.com\/wp-content\/uploads\/2024\/02\/layered-undercut-pixie-12x12.jpg 12w, https:\/\/flawlesshair.com\/wp-content\/uploads\/2024\/02\/layered-undercut-pixie-728x728.jpg 728w, https:\/\/flawlesshair.com\/wp-content\/uploads\/2024\/02\/layered-undercut-pixie-960x960.jpg 960w, https:\/\/flawlesshair.com\/wp-content\/uploads\/2024\/02\/layered-undercut-pixie-96x96.jpg 96w\" sizes=\"auto, (max-width: 760px) calc(100vw - 24px), 720px\"><\/noscript><img loading=\"lazy\" decoding=\"async\" width=\"1080\" height=\"1080\" src=\"https:\/\/flawlesshair.com\/wp-content\/uploads\/2024\/02\/layered-undercut-pixie.jpg\" alt=\"corte bajo a capas pixie\" class=\"wp-image-43194 lazyload\" srcset=\"https:\/\/flawlesshair.com\/wp-content\/uploads\/2024\/02\/layered-undercut-pixie.jpg 1080w, https:\/\/flawlesshair.com\/wp-content\/uploads\/2024\/02\/layered-undercut-pixie-300x300.jpg 300w, https:\/\/flawlesshair.com\/wp-content\/uploads\/2024\/02\/layered-undercut-pixie-150x150.jpg 150w, https:\/\/flawlesshair.com\/wp-content\/uploads\/2024\/02\/layered-undercut-pixie-768x768.jpg 768w, https:\/\/flawlesshair.com\/wp-content\/uploads\/2024\/02\/layered-undercut-pixie-12x12.jpg 12w, https:\/\/flawlesshair.com\/wp-content\/uploads\/2024\/02\/layered-undercut-pixie-728x728.jpg 728w, https:\/\/flawlesshair.com\/wp-content\/uploads\/2024\/02\/layered-undercut-pixie-960x960.jpg 960w, https:\/\/flawlesshair.com\/wp-content\/uploads\/2024\/02\/layered-undercut-pixie-96x96.jpg 96w\" sizes=\"auto, (max-width: 760px) calc(100vw - 24px), 720px\" data-pin-media=\"https:\/\/flawlesshair.com\/wp-content\/uploads\/2024\/02\/layered-undercut-pixie.jpg\" id=\"mv-trellis-img-6\" data-trellis-processed=\"1\"><div style=\"position: absolute; top: 0.5rem; right: 0.75rem;\"> <a href=\"https:\/\/www.pinterest.com\/pin\/create\/button\/\" data-pin-do=\"buttonPin\" data-pin-tall=\"true\" data-pin-url=\"https:\/\/flawlesshair.com\/es\/pelo-corto-a-capas\/\" data-pin-media=\"https:\/\/flawlesshair.com\/wp-content\/uploads\/2024\/02\/layered-undercut-pixie.jpg\" data-pin-description=\"These 20 Short Layered Hair Styles Are Super Stylish And Practical\" rel=\"nofollow noopener\" target=\"_blank\"> <\/a><\/div><\/div><figcaption class=\"wp-element-caption\">@<a href=\"https:\/\/www.instagram.com\/kassiabarbo\/\" target=\"_blank\" rel=\"noreferrer noopener nofollow\">kassiabarbo<\/a><\/figcaption><\/figure>\n<\/div>\n\n\n<p>Un corte pixie a capas aumenta el volumen en la parte superior, mientras que los cortes inferiores eliminan el volumen de los lados. El resultado es una forma favorecedora que grita vanguardia. \u00a1Miau!<\/p>\n\n\n\n<h2 class=\"wp-block-heading\">7. Corte de pelo Bob apilado<\/h2>\n\n\n<div class=\"wp-block-image\">\n<figure class=\"aligncenter size-full\"><div style=\"position: relative;\"><noscript><img loading=\"lazy\" decoding=\"async\" width=\"1080\" height=\"1350\" src=\"https:\/\/flawlesshair.com\/wp-content\/uploads\/2024\/02\/stacked-bob-haircut.jpg\" alt=\"corte de pelo bob apilado\" class=\"wp-image-43206\" srcset=\"https:\/\/flawlesshair.com\/wp-content\/uploads\/2024\/02\/stacked-bob-haircut.jpg 1080w, https:\/\/flawlesshair.com\/wp-content\/uploads\/2024\/02\/stacked-bob-haircut-240x300.jpg 240w, https:\/\/flawlesshair.com\/wp-content\/uploads\/2024\/02\/stacked-bob-haircut-768x960.jpg 768w, https:\/\/flawlesshair.com\/wp-content\/uploads\/2024\/02\/stacked-bob-haircut-10x12.jpg 10w, https:\/\/flawlesshair.com\/wp-content\/uploads\/2024\/02\/stacked-bob-haircut-864x1080.jpg 864w, https:\/\/flawlesshair.com\/wp-content\/uploads\/2024\/02\/stacked-bob-haircut-960x1200.jpg 960w, https:\/\/flawlesshair.com\/wp-content\/uploads\/2024\/02\/stacked-bob-haircut-150x188.jpg 150w\" sizes=\"auto, (max-width: 760px) calc(100vw - 24px), 720px\"><\/noscript><img loading=\"lazy\" decoding=\"async\" width=\"1080\" height=\"1350\" src=\"https:\/\/flawlesshair.com\/wp-content\/uploads\/2024\/02\/stacked-bob-haircut.jpg\" alt=\"corte de pelo bob apilado\" class=\"wp-image-43206 lazyload\" srcset=\"https:\/\/flawlesshair.com\/wp-content\/uploads\/2024\/02\/stacked-bob-haircut.jpg 1080w, https:\/\/flawlesshair.com\/wp-content\/uploads\/2024\/02\/stacked-bob-haircut-240x300.jpg 240w, https:\/\/flawlesshair.com\/wp-content\/uploads\/2024\/02\/stacked-bob-haircut-768x960.jpg 768w, https:\/\/flawlesshair.com\/wp-content\/uploads\/2024\/02\/stacked-bob-haircut-10x12.jpg 10w, https:\/\/flawlesshair.com\/wp-content\/uploads\/2024\/02\/stacked-bob-haircut-864x1080.jpg 864w, https:\/\/flawlesshair.com\/wp-content\/uploads\/2024\/02\/stacked-bob-haircut-960x1200.jpg 960w, https:\/\/flawlesshair.com\/wp-content\/uploads\/2024\/02\/stacked-bob-haircut-150x188.jpg 150w\" sizes=\"auto, (max-width: 760px) calc(100vw - 24px), 720px\" data-pin-media=\"https:\/\/flawlesshair.com\/wp-content\/uploads\/2024\/02\/stacked-bob-haircut.jpg\" id=\"mv-trellis-img-7\" data-trellis-processed=\"1\"><div style=\"position: absolute; top: 0.5rem; right: 0.75rem;\"> <a href=\"https:\/\/www.pinterest.com\/pin\/create\/button\/\" data-pin-do=\"buttonPin\" data-pin-tall=\"true\" data-pin-url=\"https:\/\/flawlesshair.com\/es\/pelo-corto-a-capas\/\" data-pin-media=\"https:\/\/flawlesshair.com\/wp-content\/uploads\/2024\/02\/stacked-bob-haircut.jpg\" data-pin-description=\"These 20 Short Layered Hair Styles Are Super Stylish And Practical\" rel=\"nofollow noopener\" target=\"_blank\"> <\/a><\/div><\/div><figcaption class=\"wp-element-caption\">@<a href=\"https:\/\/www.instagram.com\/shirin_hairstylist_sacramento\/\" target=\"_blank\" rel=\"noreferrer noopener nofollow\">shirin_hairstylist_sacramento<\/a><\/figcaption><\/figure>\n<\/div>\n\n\n<p>El corte de pelo bob apilado fue popular en los a\u00f1os 60 y ahora est\u00e1 volviendo con fuerza. Este corte de pelo presenta muchas capas que dan a tu peinado un aspecto apilado en la parte trasera. Las capas en \u00e1ngulo de un corte bob apilado crean un aspecto graduado y m\u00e1s definido con una forma redondeada y llena. <\/p>\n\n\n\n<h2 class=\"wp-block-heading\">8. Corte Pixie Rubio a Capas<\/h2>\n\n\n<div class=\"wp-block-image\">\n<figure class=\"aligncenter size-full\"><div style=\"position: relative;\"><noscript><img loading=\"lazy\" decoding=\"async\" width=\"1080\" height=\"1350\" src=\"https:\/\/flawlesshair.com\/wp-content\/uploads\/2024\/02\/layered-blonde-pixie-cut.jpg\" alt=\"corte pixie rubio a capas\" class=\"wp-image-43191\" srcset=\"https:\/\/flawlesshair.com\/wp-content\/uploads\/2024\/02\/layered-blonde-pixie-cut.jpg 1080w, https:\/\/flawlesshair.com\/wp-content\/uploads\/2024\/02\/layered-blonde-pixie-cut-240x300.jpg 240w, https:\/\/flawlesshair.com\/wp-content\/uploads\/2024\/02\/layered-blonde-pixie-cut-768x960.jpg 768w, https:\/\/flawlesshair.com\/wp-content\/uploads\/2024\/02\/layered-blonde-pixie-cut-10x12.jpg 10w, https:\/\/flawlesshair.com\/wp-content\/uploads\/2024\/02\/layered-blonde-pixie-cut-864x1080.jpg 864w, https:\/\/flawlesshair.com\/wp-content\/uploads\/2024\/02\/layered-blonde-pixie-cut-960x1200.jpg 960w, https:\/\/flawlesshair.com\/wp-content\/uploads\/2024\/02\/layered-blonde-pixie-cut-150x188.jpg 150w\" sizes=\"auto, (max-width: 760px) calc(100vw - 24px), 720px\"><\/noscript><img loading=\"lazy\" decoding=\"async\" width=\"1080\" height=\"1350\" src=\"https:\/\/flawlesshair.com\/wp-content\/uploads\/2024\/02\/layered-blonde-pixie-cut.jpg\" alt=\"corte pixie rubio a capas\" class=\"wp-image-43191 lazyload\" srcset=\"https:\/\/flawlesshair.com\/wp-content\/uploads\/2024\/02\/layered-blonde-pixie-cut.jpg 1080w, https:\/\/flawlesshair.com\/wp-content\/uploads\/2024\/02\/layered-blonde-pixie-cut-240x300.jpg 240w, https:\/\/flawlesshair.com\/wp-content\/uploads\/2024\/02\/layered-blonde-pixie-cut-768x960.jpg 768w, https:\/\/flawlesshair.com\/wp-content\/uploads\/2024\/02\/layered-blonde-pixie-cut-10x12.jpg 10w, https:\/\/flawlesshair.com\/wp-content\/uploads\/2024\/02\/layered-blonde-pixie-cut-864x1080.jpg 864w, https:\/\/flawlesshair.com\/wp-content\/uploads\/2024\/02\/layered-blonde-pixie-cut-960x1200.jpg 960w, https:\/\/flawlesshair.com\/wp-content\/uploads\/2024\/02\/layered-blonde-pixie-cut-150x188.jpg 150w\" sizes=\"auto, (max-width: 760px) calc(100vw - 24px), 720px\" data-pin-media=\"https:\/\/flawlesshair.com\/wp-content\/uploads\/2024\/02\/layered-blonde-pixie-cut.jpg\" id=\"mv-trellis-img-8\" data-trellis-processed=\"1\"><div style=\"position: absolute; top: 0.5rem; right: 0.75rem;\"> <a href=\"https:\/\/www.pinterest.com\/pin\/create\/button\/\" data-pin-do=\"buttonPin\" data-pin-tall=\"true\" data-pin-url=\"https:\/\/flawlesshair.com\/es\/pelo-corto-a-capas\/\" data-pin-media=\"https:\/\/flawlesshair.com\/wp-content\/uploads\/2024\/02\/layered-blonde-pixie-cut.jpg\" data-pin-description=\"These 20 Short Layered Hair Styles Are Super Stylish And Practical\" rel=\"nofollow noopener\" target=\"_blank\"> <\/a><\/div><\/div><figcaption class=\"wp-element-caption\">@<a href=\"https:\/\/www.instagram.com\/mariasoccorsalaforge\/\" target=\"_blank\" rel=\"noreferrer noopener nofollow\">mariasoccorsalaforge<\/a><\/figcaption><\/figure>\n<\/div>\n\n\n<p>Este impresionante <a href=\"https:\/\/flawlesshair.com\/es\/corte-pixie-rubio\/\">corte pixie rubio<\/a> es la encarnaci\u00f3n de la elegancia, la feminidad y la sofisticaci\u00f3n. El corte pixie a capas queda mejor en rostros ovalados, redondos y en forma de coraz\u00f3n, y es una opci\u00f3n estupenda para quienes prefieren peinados que requieran poco mantenimiento.<\/p>\n\n\n\n<h2 class=\"wp-block-heading\">9. Corte lobo corto a capas<\/h2>\n\n\n<div class=\"wp-block-image\">\n<figure class=\"aligncenter size-full\"><div style=\"position: relative;\"><noscript><img loading=\"lazy\" decoding=\"async\" width=\"1080\" height=\"1080\" src=\"https:\/\/flawlesshair.com\/wp-content\/uploads\/2024\/02\/short-layered-wolf-cut.jpg\" alt=\"corte lobo corto a capas\" class=\"wp-image-43204\" srcset=\"https:\/\/flawlesshair.com\/wp-content\/uploads\/2024\/02\/short-layered-wolf-cut.jpg 1080w, https:\/\/flawlesshair.com\/wp-content\/uploads\/2024\/02\/short-layered-wolf-cut-300x300.jpg 300w, https:\/\/flawlesshair.com\/wp-content\/uploads\/2024\/02\/short-layered-wolf-cut-150x150.jpg 150w, https:\/\/flawlesshair.com\/wp-content\/uploads\/2024\/02\/short-layered-wolf-cut-768x768.jpg 768w, https:\/\/flawlesshair.com\/wp-content\/uploads\/2024\/02\/short-layered-wolf-cut-12x12.jpg 12w, https:\/\/flawlesshair.com\/wp-content\/uploads\/2024\/02\/short-layered-wolf-cut-728x728.jpg 728w, https:\/\/flawlesshair.com\/wp-content\/uploads\/2024\/02\/short-layered-wolf-cut-960x960.jpg 960w, https:\/\/flawlesshair.com\/wp-content\/uploads\/2024\/02\/short-layered-wolf-cut-96x96.jpg 96w\" sizes=\"auto, (max-width: 760px) calc(100vw - 24px), 720px\"><\/noscript><img loading=\"lazy\" decoding=\"async\" width=\"1080\" height=\"1080\" src=\"https:\/\/flawlesshair.com\/wp-content\/uploads\/2024\/02\/short-layered-wolf-cut.jpg\" alt=\"corte lobo corto a capas\" class=\"wp-image-43204 lazyload\" srcset=\"https:\/\/flawlesshair.com\/wp-content\/uploads\/2024\/02\/short-layered-wolf-cut.jpg 1080w, https:\/\/flawlesshair.com\/wp-content\/uploads\/2024\/02\/short-layered-wolf-cut-300x300.jpg 300w, https:\/\/flawlesshair.com\/wp-content\/uploads\/2024\/02\/short-layered-wolf-cut-150x150.jpg 150w, https:\/\/flawlesshair.com\/wp-content\/uploads\/2024\/02\/short-layered-wolf-cut-768x768.jpg 768w, https:\/\/flawlesshair.com\/wp-content\/uploads\/2024\/02\/short-layered-wolf-cut-12x12.jpg 12w, https:\/\/flawlesshair.com\/wp-content\/uploads\/2024\/02\/short-layered-wolf-cut-728x728.jpg 728w, https:\/\/flawlesshair.com\/wp-content\/uploads\/2024\/02\/short-layered-wolf-cut-960x960.jpg 960w, https:\/\/flawlesshair.com\/wp-content\/uploads\/2024\/02\/short-layered-wolf-cut-96x96.jpg 96w\" sizes=\"auto, (max-width: 760px) calc(100vw - 24px), 720px\" data-pin-media=\"https:\/\/flawlesshair.com\/wp-content\/uploads\/2024\/02\/short-layered-wolf-cut.jpg\" id=\"mv-trellis-img-9\" data-trellis-processed=\"1\"><div style=\"position: absolute; top: 0.5rem; right: 0.75rem;\"> <a href=\"https:\/\/www.pinterest.com\/pin\/create\/button\/\" data-pin-do=\"buttonPin\" data-pin-tall=\"true\" data-pin-url=\"https:\/\/flawlesshair.com\/es\/pelo-corto-a-capas\/\" data-pin-media=\"https:\/\/flawlesshair.com\/wp-content\/uploads\/2024\/02\/short-layered-wolf-cut.jpg\" data-pin-description=\"These 20 Short Layered Hair Styles Are Super Stylish And Practical\" rel=\"nofollow noopener\" target=\"_blank\"> <\/a><\/div><\/div><figcaption class=\"wp-element-caption\">@<a href=\"https:\/\/www.instagram.com\/aceofspadesstylist\/\" target=\"_blank\" rel=\"noreferrer noopener nofollow\">aceofspadesstylist<\/a><\/figcaption><\/figure>\n<\/div>\n\n\n<p>Un corte lobo muy popular es una combinaci\u00f3n de shag y mullet. Estos dos cortes de pelo presentan muchas capas con flequillo que crean un look de corte lobo \u00fanico. Las capas desgre\u00f1adas siempre est\u00e1n de moda.<\/p>\n\n\n\n<h2 class=\"wp-block-heading\">10. Bob corto a capas con flequillo Birkin<\/h2>\n\n\n<div class=\"wp-block-image\">\n<figure class=\"aligncenter size-full\"><div style=\"position: relative;\"><noscript><img loading=\"lazy\" decoding=\"async\" width=\"1080\" height=\"1350\" src=\"https:\/\/flawlesshair.com\/wp-content\/uploads\/2024\/02\/short-layered-bob-with-Birkin-bangs.jpg\" alt=\"bob corto a capas con flequillo Birkin\" class=\"wp-image-43199\" srcset=\"https:\/\/flawlesshair.com\/wp-content\/uploads\/2024\/02\/short-layered-bob-with-Birkin-bangs.jpg 1080w, https:\/\/flawlesshair.com\/wp-content\/uploads\/2024\/02\/short-layered-bob-with-Birkin-bangs-240x300.jpg 240w, https:\/\/flawlesshair.com\/wp-content\/uploads\/2024\/02\/short-layered-bob-with-Birkin-bangs-768x960.jpg 768w, https:\/\/flawlesshair.com\/wp-content\/uploads\/2024\/02\/short-layered-bob-with-Birkin-bangs-10x12.jpg 10w, https:\/\/flawlesshair.com\/wp-content\/uploads\/2024\/02\/short-layered-bob-with-Birkin-bangs-864x1080.jpg 864w, https:\/\/flawlesshair.com\/wp-content\/uploads\/2024\/02\/short-layered-bob-with-Birkin-bangs-960x1200.jpg 960w, https:\/\/flawlesshair.com\/wp-content\/uploads\/2024\/02\/short-layered-bob-with-Birkin-bangs-150x188.jpg 150w\" sizes=\"auto, (max-width: 760px) calc(100vw - 24px), 720px\"><\/noscript><img loading=\"lazy\" decoding=\"async\" width=\"1080\" height=\"1350\" src=\"https:\/\/flawlesshair.com\/wp-content\/uploads\/2024\/02\/short-layered-bob-with-Birkin-bangs.jpg\" alt=\"bob corto a capas con flequillo Birkin\" class=\"wp-image-43199 lazyload\" srcset=\"https:\/\/flawlesshair.com\/wp-content\/uploads\/2024\/02\/short-layered-bob-with-Birkin-bangs.jpg 1080w, https:\/\/flawlesshair.com\/wp-content\/uploads\/2024\/02\/short-layered-bob-with-Birkin-bangs-240x300.jpg 240w, https:\/\/flawlesshair.com\/wp-content\/uploads\/2024\/02\/short-layered-bob-with-Birkin-bangs-768x960.jpg 768w, https:\/\/flawlesshair.com\/wp-content\/uploads\/2024\/02\/short-layered-bob-with-Birkin-bangs-10x12.jpg 10w, https:\/\/flawlesshair.com\/wp-content\/uploads\/2024\/02\/short-layered-bob-with-Birkin-bangs-864x1080.jpg 864w, https:\/\/flawlesshair.com\/wp-content\/uploads\/2024\/02\/short-layered-bob-with-Birkin-bangs-960x1200.jpg 960w, https:\/\/flawlesshair.com\/wp-content\/uploads\/2024\/02\/short-layered-bob-with-Birkin-bangs-150x188.jpg 150w\" sizes=\"auto, (max-width: 760px) calc(100vw - 24px), 720px\" data-pin-media=\"https:\/\/flawlesshair.com\/wp-content\/uploads\/2024\/02\/short-layered-bob-with-Birkin-bangs.jpg\" id=\"mv-trellis-img-10\" data-trellis-processed=\"1\"><div style=\"position: absolute; top: 0.5rem; right: 0.75rem;\"> <a href=\"https:\/\/www.pinterest.com\/pin\/create\/button\/\" data-pin-do=\"buttonPin\" data-pin-tall=\"true\" data-pin-url=\"https:\/\/flawlesshair.com\/es\/pelo-corto-a-capas\/\" data-pin-media=\"https:\/\/flawlesshair.com\/wp-content\/uploads\/2024\/02\/short-layered-bob-with-Birkin-bangs.jpg\" data-pin-description=\"These 20 Short Layered Hair Styles Are Super Stylish And Practical\" rel=\"nofollow noopener\" target=\"_blank\"> <\/a><\/div><\/div><figcaption class=\"wp-element-caption\">@<a href=\"https:\/\/www.instagram.com\/hirohair\/\" target=\"_blank\" rel=\"noreferrer noopener nofollow\">hirohair<\/a><\/figcaption><\/figure>\n<\/div>\n\n\n<p>Llamado as\u00ed por la ic\u00f3nica actriz francesa Jane Birkin, el flequillo Birkin es un flequillo largo y suave que puede combinarse con cualquier peinado. En este caso, el flequillo Birkin a\u00f1ade volumen extra a un corte recto corto a capas para conseguir un look chic. <\/p>\n\n\n\n<h2 class=\"wp-block-heading\">11. Corte corto a capas con reflejos cobrizos<\/h2>\n\n\n<div class=\"wp-block-image\">\n<figure class=\"aligncenter size-full\"><div style=\"position: relative;\"><noscript><img loading=\"lazy\" decoding=\"async\" width=\"1080\" height=\"1254\" src=\"https:\/\/flawlesshair.com\/wp-content\/uploads\/2024\/02\/short-layered-cut-with-copper-highlights.jpg\" alt=\"corte corto a capas con reflejos cobrizos\" class=\"wp-image-43201\" srcset=\"https:\/\/flawlesshair.com\/wp-content\/uploads\/2024\/02\/short-layered-cut-with-copper-highlights.jpg 1080w, https:\/\/flawlesshair.com\/wp-content\/uploads\/2024\/02\/short-layered-cut-with-copper-highlights-258x300.jpg 258w, https:\/\/flawlesshair.com\/wp-content\/uploads\/2024\/02\/short-layered-cut-with-copper-highlights-768x892.jpg 768w, https:\/\/flawlesshair.com\/wp-content\/uploads\/2024\/02\/short-layered-cut-with-copper-highlights-10x12.jpg 10w, https:\/\/flawlesshair.com\/wp-content\/uploads\/2024\/02\/short-layered-cut-with-copper-highlights-827x960.jpg 827w, https:\/\/flawlesshair.com\/wp-content\/uploads\/2024\/02\/short-layered-cut-with-copper-highlights-930x1080.jpg 930w, https:\/\/flawlesshair.com\/wp-content\/uploads\/2024\/02\/short-layered-cut-with-copper-highlights-1033x1200.jpg 1033w, https:\/\/flawlesshair.com\/wp-content\/uploads\/2024\/02\/short-layered-cut-with-copper-highlights-150x174.jpg 150w\" sizes=\"auto, (max-width: 760px) calc(100vw - 24px), 720px\"><\/noscript><img loading=\"lazy\" decoding=\"async\" width=\"1080\" height=\"1254\" src=\"https:\/\/flawlesshair.com\/wp-content\/uploads\/2024\/02\/short-layered-cut-with-copper-highlights.jpg\" alt=\"corte corto a capas con reflejos cobrizos\" class=\"wp-image-43201 lazyload\" srcset=\"https:\/\/flawlesshair.com\/wp-content\/uploads\/2024\/02\/short-layered-cut-with-copper-highlights.jpg 1080w, https:\/\/flawlesshair.com\/wp-content\/uploads\/2024\/02\/short-layered-cut-with-copper-highlights-258x300.jpg 258w, https:\/\/flawlesshair.com\/wp-content\/uploads\/2024\/02\/short-layered-cut-with-copper-highlights-768x892.jpg 768w, https:\/\/flawlesshair.com\/wp-content\/uploads\/2024\/02\/short-layered-cut-with-copper-highlights-10x12.jpg 10w, https:\/\/flawlesshair.com\/wp-content\/uploads\/2024\/02\/short-layered-cut-with-copper-highlights-827x960.jpg 827w, https:\/\/flawlesshair.com\/wp-content\/uploads\/2024\/02\/short-layered-cut-with-copper-highlights-930x1080.jpg 930w, https:\/\/flawlesshair.com\/wp-content\/uploads\/2024\/02\/short-layered-cut-with-copper-highlights-1033x1200.jpg 1033w, https:\/\/flawlesshair.com\/wp-content\/uploads\/2024\/02\/short-layered-cut-with-copper-highlights-150x174.jpg 150w\" sizes=\"auto, (max-width: 760px) calc(100vw - 24px), 720px\" data-pin-media=\"https:\/\/flawlesshair.com\/wp-content\/uploads\/2024\/02\/short-layered-cut-with-copper-highlights.jpg\" id=\"mv-trellis-img-11\" data-trellis-processed=\"1\"><div style=\"position: absolute; top: 0.5rem; right: 0.75rem;\"> <a href=\"https:\/\/www.pinterest.com\/pin\/create\/button\/\" data-pin-do=\"buttonPin\" data-pin-tall=\"true\" data-pin-url=\"https:\/\/flawlesshair.com\/es\/pelo-corto-a-capas\/\" data-pin-media=\"https:\/\/flawlesshair.com\/wp-content\/uploads\/2024\/02\/short-layered-cut-with-copper-highlights.jpg\" data-pin-description=\"These 20 Short Layered Hair Styles Are Super Stylish And Practical\" rel=\"nofollow noopener\" target=\"_blank\"> <\/a><\/div><\/div><figcaption class=\"wp-element-caption\">@<a href=\"https:\/\/www.instagram.com\/hairbykace_\/\" target=\"_blank\" rel=\"noreferrer noopener nofollow\">hairbykace_<\/a><\/figcaption><\/figure>\n<\/div>\n\n\n<p>Si tienes el pelo fino, a\u00f1adir mechas a un corte corto a capas har\u00e1 que tu pelo parezca m\u00e1s grueso. Adem\u00e1s, las mechas aportan brillo, dimensi\u00f3n y combinan bien con los grises. Por lo tanto, las mechas son como un 4 en 1 cuando se trata del pelo.<\/p>\n\n\n\n<h2 class=\"wp-block-heading\">12. Bob corto a capas con mechas<\/h2>\n\n\n<div class=\"wp-block-image\">\n<figure class=\"aligncenter size-full\"><div style=\"position: relative;\"><noscript><img loading=\"lazy\" decoding=\"async\" width=\"1080\" height=\"1080\" src=\"https:\/\/flawlesshair.com\/wp-content\/uploads\/2024\/02\/short-layered-bob-with-highlights.jpg\" alt=\"bob corto a capas con mechas\" class=\"wp-image-43200\" srcset=\"https:\/\/flawlesshair.com\/wp-content\/uploads\/2024\/02\/short-layered-bob-with-highlights.jpg 1080w, https:\/\/flawlesshair.com\/wp-content\/uploads\/2024\/02\/short-layered-bob-with-highlights-300x300.jpg 300w, https:\/\/flawlesshair.com\/wp-content\/uploads\/2024\/02\/short-layered-bob-with-highlights-150x150.jpg 150w, https:\/\/flawlesshair.com\/wp-content\/uploads\/2024\/02\/short-layered-bob-with-highlights-768x768.jpg 768w, https:\/\/flawlesshair.com\/wp-content\/uploads\/2024\/02\/short-layered-bob-with-highlights-12x12.jpg 12w, https:\/\/flawlesshair.com\/wp-content\/uploads\/2024\/02\/short-layered-bob-with-highlights-728x728.jpg 728w, https:\/\/flawlesshair.com\/wp-content\/uploads\/2024\/02\/short-layered-bob-with-highlights-960x960.jpg 960w, https:\/\/flawlesshair.com\/wp-content\/uploads\/2024\/02\/short-layered-bob-with-highlights-96x96.jpg 96w\" sizes=\"auto, (max-width: 760px) calc(100vw - 24px), 720px\"><\/noscript><img loading=\"lazy\" decoding=\"async\" width=\"1080\" height=\"1080\" src=\"https:\/\/flawlesshair.com\/wp-content\/uploads\/2024\/02\/short-layered-bob-with-highlights.jpg\" alt=\"bob corto a capas con mechas\" class=\"wp-image-43200 lazyload\" srcset=\"https:\/\/flawlesshair.com\/wp-content\/uploads\/2024\/02\/short-layered-bob-with-highlights.jpg 1080w, https:\/\/flawlesshair.com\/wp-content\/uploads\/2024\/02\/short-layered-bob-with-highlights-300x300.jpg 300w, https:\/\/flawlesshair.com\/wp-content\/uploads\/2024\/02\/short-layered-bob-with-highlights-150x150.jpg 150w, https:\/\/flawlesshair.com\/wp-content\/uploads\/2024\/02\/short-layered-bob-with-highlights-768x768.jpg 768w, https:\/\/flawlesshair.com\/wp-content\/uploads\/2024\/02\/short-layered-bob-with-highlights-12x12.jpg 12w, https:\/\/flawlesshair.com\/wp-content\/uploads\/2024\/02\/short-layered-bob-with-highlights-728x728.jpg 728w, https:\/\/flawlesshair.com\/wp-content\/uploads\/2024\/02\/short-layered-bob-with-highlights-960x960.jpg 960w, https:\/\/flawlesshair.com\/wp-content\/uploads\/2024\/02\/short-layered-bob-with-highlights-96x96.jpg 96w\" sizes=\"auto, (max-width: 760px) calc(100vw - 24px), 720px\" data-pin-media=\"https:\/\/flawlesshair.com\/wp-content\/uploads\/2024\/02\/short-layered-bob-with-highlights.jpg\" id=\"mv-trellis-img-12\" data-trellis-processed=\"1\"><div style=\"position: absolute; top: 0.5rem; right: 0.75rem;\"> <a href=\"https:\/\/www.pinterest.com\/pin\/create\/button\/\" data-pin-do=\"buttonPin\" data-pin-tall=\"true\" data-pin-url=\"https:\/\/flawlesshair.com\/es\/pelo-corto-a-capas\/\" data-pin-media=\"https:\/\/flawlesshair.com\/wp-content\/uploads\/2024\/02\/short-layered-bob-with-highlights.jpg\" data-pin-description=\"These 20 Short Layered Hair Styles Are Super Stylish And Practical\" rel=\"nofollow noopener\" target=\"_blank\"> <\/a><\/div><\/div><figcaption class=\"wp-element-caption\">@<a href=\"https:\/\/www.instagram.com\/mariathompsonhair\/\" target=\"_blank\" rel=\"noreferrer noopener nofollow\">mariathompsonpelo<\/a><\/figcaption><\/figure>\n<\/div>\n\n\n<p>Un corte bob corto a capas tiene todo lo que necesitas: a\u00f1ade movimiento, dimensi\u00f3n y textura a tu pelo y enmarca tu rostro con elegancia. Es un corte de pelo ideal para quienes tienen el pelo largo y buscan un peinado m\u00e1s corto (pero no demasiado). <\/p>\n\n\n\n<h2 class=\"wp-block-heading\">13. Rubio platino plateado Bob corto a capas<\/h2>\n\n\n<div class=\"wp-block-image\">\n<figure class=\"aligncenter size-full\"><div style=\"position: relative;\"><noscript><img loading=\"lazy\" decoding=\"async\" width=\"1080\" height=\"1080\" src=\"https:\/\/flawlesshair.com\/wp-content\/uploads\/2024\/02\/platinum-silver-short-layered-bob.jpg\" alt=\"bob corto a capas plateado platino\" class=\"wp-image-43198\" srcset=\"https:\/\/flawlesshair.com\/wp-content\/uploads\/2024\/02\/platinum-silver-short-layered-bob.jpg 1080w, https:\/\/flawlesshair.com\/wp-content\/uploads\/2024\/02\/platinum-silver-short-layered-bob-300x300.jpg 300w, https:\/\/flawlesshair.com\/wp-content\/uploads\/2024\/02\/platinum-silver-short-layered-bob-150x150.jpg 150w, https:\/\/flawlesshair.com\/wp-content\/uploads\/2024\/02\/platinum-silver-short-layered-bob-768x768.jpg 768w, https:\/\/flawlesshair.com\/wp-content\/uploads\/2024\/02\/platinum-silver-short-layered-bob-12x12.jpg 12w, https:\/\/flawlesshair.com\/wp-content\/uploads\/2024\/02\/platinum-silver-short-layered-bob-728x728.jpg 728w, https:\/\/flawlesshair.com\/wp-content\/uploads\/2024\/02\/platinum-silver-short-layered-bob-960x960.jpg 960w, https:\/\/flawlesshair.com\/wp-content\/uploads\/2024\/02\/platinum-silver-short-layered-bob-96x96.jpg 96w\" sizes=\"auto, (max-width: 760px) calc(100vw - 24px), 720px\"><\/noscript><img loading=\"lazy\" decoding=\"async\" width=\"1080\" height=\"1080\" src=\"https:\/\/flawlesshair.com\/wp-content\/uploads\/2024\/02\/platinum-silver-short-layered-bob.jpg\" alt=\"bob corto a capas plateado platino\" class=\"wp-image-43198 lazyload\" srcset=\"https:\/\/flawlesshair.com\/wp-content\/uploads\/2024\/02\/platinum-silver-short-layered-bob.jpg 1080w, https:\/\/flawlesshair.com\/wp-content\/uploads\/2024\/02\/platinum-silver-short-layered-bob-300x300.jpg 300w, https:\/\/flawlesshair.com\/wp-content\/uploads\/2024\/02\/platinum-silver-short-layered-bob-150x150.jpg 150w, https:\/\/flawlesshair.com\/wp-content\/uploads\/2024\/02\/platinum-silver-short-layered-bob-768x768.jpg 768w, https:\/\/flawlesshair.com\/wp-content\/uploads\/2024\/02\/platinum-silver-short-layered-bob-12x12.jpg 12w, https:\/\/flawlesshair.com\/wp-content\/uploads\/2024\/02\/platinum-silver-short-layered-bob-728x728.jpg 728w, https:\/\/flawlesshair.com\/wp-content\/uploads\/2024\/02\/platinum-silver-short-layered-bob-960x960.jpg 960w, https:\/\/flawlesshair.com\/wp-content\/uploads\/2024\/02\/platinum-silver-short-layered-bob-96x96.jpg 96w\" sizes=\"auto, (max-width: 760px) calc(100vw - 24px), 720px\" data-pin-media=\"https:\/\/flawlesshair.com\/wp-content\/uploads\/2024\/02\/platinum-silver-short-layered-bob.jpg\" id=\"mv-trellis-img-13\" data-trellis-processed=\"1\"><div style=\"position: absolute; top: 0.5rem; right: 0.75rem;\"> <a href=\"https:\/\/www.pinterest.com\/pin\/create\/button\/\" data-pin-do=\"buttonPin\" data-pin-tall=\"true\" data-pin-url=\"https:\/\/flawlesshair.com\/es\/pelo-corto-a-capas\/\" data-pin-media=\"https:\/\/flawlesshair.com\/wp-content\/uploads\/2024\/02\/platinum-silver-short-layered-bob.jpg\" data-pin-description=\"These 20 Short Layered Hair Styles Are Super Stylish And Practical\" rel=\"nofollow noopener\" target=\"_blank\"> <\/a><\/div><\/div><figcaption class=\"wp-element-caption\">@<a href=\"https:\/\/www.instagram.com\/chiyukihair\/\" target=\"_blank\" rel=\"noreferrer noopener nofollow\">chiyukihair<\/a><\/figcaption><\/figure>\n<\/div>\n\n\n<p>Para conseguir un tono plateado rubio platino, tendr\u00e1s que decolorarte el pelo (a menos que seas rubia natural). En pocas palabras, cuanto m\u00e1s oscuro sea tu pelo, m\u00e1s sesiones de decoloraci\u00f3n tendr\u00e1s que hacer para conseguir el tono deseado. Despu\u00e9s, tu pelo necesitar\u00e1 muchos productos hidratantes y mascarillas capilares enriquecedoras para recuperarse.<\/p>\n\n\n\n<h2 class=\"wp-block-heading\">14. Bob largo en A con capas<\/h2>\n\n\n<div class=\"wp-block-image\">\n<figure class=\"aligncenter size-full\"><div style=\"position: relative;\"><noscript><img loading=\"lazy\" decoding=\"async\" width=\"1080\" height=\"1349\" src=\"https:\/\/flawlesshair.com\/wp-content\/uploads\/2024\/02\/long-A-line-layered-bob.jpg\" alt=\"long A-line layered bob\" class=\"wp-image-43196\" srcset=\"https:\/\/flawlesshair.com\/wp-content\/uploads\/2024\/02\/long-A-line-layered-bob.jpg 1080w, https:\/\/flawlesshair.com\/wp-content\/uploads\/2024\/02\/long-A-line-layered-bob-240x300.jpg 240w, https:\/\/flawlesshair.com\/wp-content\/uploads\/2024\/02\/long-A-line-layered-bob-768x959.jpg 768w, https:\/\/flawlesshair.com\/wp-content\/uploads\/2024\/02\/long-A-line-layered-bob-10x12.jpg 10w, https:\/\/flawlesshair.com\/wp-content\/uploads\/2024\/02\/long-A-line-layered-bob-769x960.jpg 769w, https:\/\/flawlesshair.com\/wp-content\/uploads\/2024\/02\/long-A-line-layered-bob-865x1080.jpg 865w, https:\/\/flawlesshair.com\/wp-content\/uploads\/2024\/02\/long-A-line-layered-bob-961x1200.jpg 961w, https:\/\/flawlesshair.com\/wp-content\/uploads\/2024\/02\/long-A-line-layered-bob-150x187.jpg 150w\" sizes=\"auto, (max-width: 760px) calc(100vw - 24px), 720px\"><\/noscript><img loading=\"lazy\" decoding=\"async\" width=\"1080\" height=\"1349\" src=\"https:\/\/flawlesshair.com\/wp-content\/uploads\/2024\/02\/long-A-line-layered-bob.jpg\" alt=\"long A-line layered bob\" class=\"wp-image-43196 lazyload\" srcset=\"https:\/\/flawlesshair.com\/wp-content\/uploads\/2024\/02\/long-A-line-layered-bob.jpg 1080w, https:\/\/flawlesshair.com\/wp-content\/uploads\/2024\/02\/long-A-line-layered-bob-240x300.jpg 240w, https:\/\/flawlesshair.com\/wp-content\/uploads\/2024\/02\/long-A-line-layered-bob-768x959.jpg 768w, https:\/\/flawlesshair.com\/wp-content\/uploads\/2024\/02\/long-A-line-layered-bob-10x12.jpg 10w, https:\/\/flawlesshair.com\/wp-content\/uploads\/2024\/02\/long-A-line-layered-bob-769x960.jpg 769w, https:\/\/flawlesshair.com\/wp-content\/uploads\/2024\/02\/long-A-line-layered-bob-865x1080.jpg 865w, https:\/\/flawlesshair.com\/wp-content\/uploads\/2024\/02\/long-A-line-layered-bob-961x1200.jpg 961w, https:\/\/flawlesshair.com\/wp-content\/uploads\/2024\/02\/long-A-line-layered-bob-150x187.jpg 150w\" sizes=\"auto, (max-width: 760px) calc(100vw - 24px), 720px\" data-pin-media=\"https:\/\/flawlesshair.com\/wp-content\/uploads\/2024\/02\/long-A-line-layered-bob.jpg\" id=\"mv-trellis-img-14\" data-trellis-processed=\"1\"><div style=\"position: absolute; top: 0.5rem; right: 0.75rem;\"> <a href=\"https:\/\/www.pinterest.com\/pin\/create\/button\/\" data-pin-do=\"buttonPin\" data-pin-tall=\"true\" data-pin-url=\"https:\/\/flawlesshair.com\/es\/pelo-corto-a-capas\/\" data-pin-media=\"https:\/\/flawlesshair.com\/wp-content\/uploads\/2024\/02\/long-A-line-layered-bob.jpg\" data-pin-description=\"These 20 Short Layered Hair Styles Are Super Stylish And Practical\" rel=\"nofollow noopener\" target=\"_blank\"> <\/a><\/div><\/div><figcaption class=\"wp-element-caption\">@<a href=\"https:\/\/www.instagram.com\/sassbynebras\/\" target=\"_blank\" rel=\"noreferrer noopener nofollow\">sassbynebras<\/a><\/figcaption><\/figure>\n<\/div>\n\n\n<p>A diferencia del bob graduado o apilado, el bob en l\u00ednea A no tiene capas apiladas en la parte de atr\u00e1s. Este tipo de bob tiene capas m\u00e1s largas en la parte delantera y capas ligeramente m\u00e1s cortas en la parte trasera que son perfectamente personalizables.<\/p>\n\n\n\n<h2 class=\"wp-block-heading\">15. Lob ondulado en capas<\/h2>\n\n\n<div class=\"wp-block-image\">\n<figure class=\"aligncenter size-full\"><div style=\"position: relative;\"><noscript><img loading=\"lazy\" decoding=\"async\" width=\"1080\" height=\"1232\" src=\"https:\/\/flawlesshair.com\/wp-content\/uploads\/2024\/02\/layered-wavy-lob.jpg\" alt=\"lob ondulado a capas\" class=\"wp-image-43195\" srcset=\"https:\/\/flawlesshair.com\/wp-content\/uploads\/2024\/02\/layered-wavy-lob.jpg 1080w, https:\/\/flawlesshair.com\/wp-content\/uploads\/2024\/02\/layered-wavy-lob-263x300.jpg 263w, https:\/\/flawlesshair.com\/wp-content\/uploads\/2024\/02\/layered-wavy-lob-768x876.jpg 768w, https:\/\/flawlesshair.com\/wp-content\/uploads\/2024\/02\/layered-wavy-lob-11x12.jpg 11w, https:\/\/flawlesshair.com\/wp-content\/uploads\/2024\/02\/layered-wavy-lob-842x960.jpg 842w, https:\/\/flawlesshair.com\/wp-content\/uploads\/2024\/02\/layered-wavy-lob-947x1080.jpg 947w, https:\/\/flawlesshair.com\/wp-content\/uploads\/2024\/02\/layered-wavy-lob-1052x1200.jpg 1052w, https:\/\/flawlesshair.com\/wp-content\/uploads\/2024\/02\/layered-wavy-lob-150x171.jpg 150w\" sizes=\"auto, (max-width: 760px) calc(100vw - 24px), 720px\"><\/noscript><img loading=\"lazy\" decoding=\"async\" width=\"1080\" height=\"1232\" src=\"https:\/\/flawlesshair.com\/wp-content\/uploads\/2024\/02\/layered-wavy-lob.jpg\" alt=\"lob ondulado a capas\" class=\"wp-image-43195 lazyload\" srcset=\"https:\/\/flawlesshair.com\/wp-content\/uploads\/2024\/02\/layered-wavy-lob.jpg 1080w, https:\/\/flawlesshair.com\/wp-content\/uploads\/2024\/02\/layered-wavy-lob-263x300.jpg 263w, https:\/\/flawlesshair.com\/wp-content\/uploads\/2024\/02\/layered-wavy-lob-768x876.jpg 768w, https:\/\/flawlesshair.com\/wp-content\/uploads\/2024\/02\/layered-wavy-lob-11x12.jpg 11w, https:\/\/flawlesshair.com\/wp-content\/uploads\/2024\/02\/layered-wavy-lob-842x960.jpg 842w, https:\/\/flawlesshair.com\/wp-content\/uploads\/2024\/02\/layered-wavy-lob-947x1080.jpg 947w, https:\/\/flawlesshair.com\/wp-content\/uploads\/2024\/02\/layered-wavy-lob-1052x1200.jpg 1052w, https:\/\/flawlesshair.com\/wp-content\/uploads\/2024\/02\/layered-wavy-lob-150x171.jpg 150w\" sizes=\"auto, (max-width: 760px) calc(100vw - 24px), 720px\" data-pin-media=\"https:\/\/flawlesshair.com\/wp-content\/uploads\/2024\/02\/layered-wavy-lob.jpg\" id=\"mv-trellis-img-15\" data-trellis-processed=\"1\"><div style=\"position: absolute; top: 0.5rem; right: 0.75rem;\"> <a href=\"https:\/\/www.pinterest.com\/pin\/create\/button\/\" data-pin-do=\"buttonPin\" data-pin-tall=\"true\" data-pin-url=\"https:\/\/flawlesshair.com\/es\/pelo-corto-a-capas\/\" data-pin-media=\"https:\/\/flawlesshair.com\/wp-content\/uploads\/2024\/02\/layered-wavy-lob.jpg\" data-pin-description=\"These 20 Short Layered Hair Styles Are Super Stylish And Practical\" rel=\"nofollow noopener\" target=\"_blank\"> <\/a><\/div><\/div><figcaption class=\"wp-element-caption\">@<a href=\"https:\/\/www.instagram.com\/the_bob_haircut\/\" target=\"_blank\" rel=\"noreferrer noopener nofollow\">the_bob_haircut<\/a><\/figcaption><\/figure>\n<\/div>\n\n\n<p>Tambi\u00e9n conocido como long bob, un corte de pelo lob no es ni demasiado corto ni demasiado largo. Este corte queda justo por encima de los hombros, o a la altura de los hombros. A <a href=\"https:\/\/flawlesshair.com\/es\/lob-a-capas\/\">lob a capas<\/a> es perfecto para a\u00f1adir textura y volumen a tu peinado. <\/p>\n\n\n\n<h2 class=\"wp-block-heading\">16. Peinado Pixie Bob a capas<\/h2>\n\n\n<div class=\"wp-block-image\">\n<figure class=\"aligncenter size-full\"><div style=\"position: relative;\"><noscript><img loading=\"lazy\" decoding=\"async\" width=\"1080\" height=\"1077\" src=\"https:\/\/flawlesshair.com\/wp-content\/uploads\/2024\/02\/layered-pixie-bob-hairstyle.jpg\" alt=\"peinado pixie bob a capas\" class=\"wp-image-43193\" srcset=\"https:\/\/flawlesshair.com\/wp-content\/uploads\/2024\/02\/layered-pixie-bob-hairstyle.jpg 1080w, https:\/\/flawlesshair.com\/wp-content\/uploads\/2024\/02\/layered-pixie-bob-hairstyle-300x300.jpg 300w, https:\/\/flawlesshair.com\/wp-content\/uploads\/2024\/02\/layered-pixie-bob-hairstyle-150x150.jpg 150w, https:\/\/flawlesshair.com\/wp-content\/uploads\/2024\/02\/layered-pixie-bob-hairstyle-768x766.jpg 768w, https:\/\/flawlesshair.com\/wp-content\/uploads\/2024\/02\/layered-pixie-bob-hairstyle-12x12.jpg 12w, https:\/\/flawlesshair.com\/wp-content\/uploads\/2024\/02\/layered-pixie-bob-hairstyle-960x957.jpg 960w, https:\/\/flawlesshair.com\/wp-content\/uploads\/2024\/02\/layered-pixie-bob-hairstyle-96x96.jpg 96w\" sizes=\"auto, (max-width: 760px) calc(100vw - 24px), 720px\"><\/noscript><img loading=\"lazy\" decoding=\"async\" width=\"1080\" height=\"1077\" src=\"https:\/\/flawlesshair.com\/wp-content\/uploads\/2024\/02\/layered-pixie-bob-hairstyle.jpg\" alt=\"peinado pixie bob a capas\" class=\"wp-image-43193 lazyload\" srcset=\"https:\/\/flawlesshair.com\/wp-content\/uploads\/2024\/02\/layered-pixie-bob-hairstyle.jpg 1080w, https:\/\/flawlesshair.com\/wp-content\/uploads\/2024\/02\/layered-pixie-bob-hairstyle-300x300.jpg 300w, https:\/\/flawlesshair.com\/wp-content\/uploads\/2024\/02\/layered-pixie-bob-hairstyle-150x150.jpg 150w, https:\/\/flawlesshair.com\/wp-content\/uploads\/2024\/02\/layered-pixie-bob-hairstyle-768x766.jpg 768w, https:\/\/flawlesshair.com\/wp-content\/uploads\/2024\/02\/layered-pixie-bob-hairstyle-12x12.jpg 12w, https:\/\/flawlesshair.com\/wp-content\/uploads\/2024\/02\/layered-pixie-bob-hairstyle-960x957.jpg 960w, https:\/\/flawlesshair.com\/wp-content\/uploads\/2024\/02\/layered-pixie-bob-hairstyle-96x96.jpg 96w\" sizes=\"auto, (max-width: 760px) calc(100vw - 24px), 720px\" data-pin-media=\"https:\/\/flawlesshair.com\/wp-content\/uploads\/2024\/02\/layered-pixie-bob-hairstyle.jpg\" id=\"mv-trellis-img-16\" data-trellis-processed=\"1\"><div style=\"position: absolute; top: 0.5rem; right: 0.75rem;\"> <a href=\"https:\/\/www.pinterest.com\/pin\/create\/button\/\" data-pin-do=\"buttonPin\" data-pin-tall=\"true\" data-pin-url=\"https:\/\/flawlesshair.com\/es\/pelo-corto-a-capas\/\" data-pin-media=\"https:\/\/flawlesshair.com\/wp-content\/uploads\/2024\/02\/layered-pixie-bob-hairstyle.jpg\" data-pin-description=\"These 20 Short Layered Hair Styles Are Super Stylish And Practical\" rel=\"nofollow noopener\" target=\"_blank\"> <\/a><\/div><\/div><figcaption class=\"wp-element-caption\">@<a href=\"https:\/\/www.instagram.com\/shorthaircutcom\/\" target=\"_blank\" rel=\"noreferrer noopener nofollow\">shorthaircutcom<\/a><\/figcaption><\/figure>\n<\/div>\n\n\n<p>\u00bfDudas entre un corte de pelo pixie o bob? No te preocupes, porque con un <a href=\"https:\/\/flawlesshair.com\/es\/corte-de-pelo-pixie-bob\/\">pixie bob a capas<\/a> puedes conseguir lo mejor de ambos mundos. El pixie bob presenta un cabello ultravoluminoso en la coronilla con capas m\u00e1s largas en la parte trasera que se asemejan a un corte de pelo bob.<\/p>\n\n\n\n<h2 class=\"wp-block-heading\">17. Layered Messy Pixie Cut<\/h2>\n\n\n<div class=\"wp-block-image\">\n<figure class=\"aligncenter size-full\"><div style=\"position: relative;\"><noscript><img loading=\"lazy\" decoding=\"async\" width=\"1080\" height=\"1350\" src=\"https:\/\/flawlesshair.com\/wp-content\/uploads\/2024\/02\/layered-messy-pixie-cut.jpg\" alt=\"corte pixie messy a capas\" class=\"wp-image-43192\" srcset=\"https:\/\/flawlesshair.com\/wp-content\/uploads\/2024\/02\/layered-messy-pixie-cut.jpg 1080w, https:\/\/flawlesshair.com\/wp-content\/uploads\/2024\/02\/layered-messy-pixie-cut-240x300.jpg 240w, https:\/\/flawlesshair.com\/wp-content\/uploads\/2024\/02\/layered-messy-pixie-cut-768x960.jpg 768w, https:\/\/flawlesshair.com\/wp-content\/uploads\/2024\/02\/layered-messy-pixie-cut-10x12.jpg 10w, https:\/\/flawlesshair.com\/wp-content\/uploads\/2024\/02\/layered-messy-pixie-cut-864x1080.jpg 864w, https:\/\/flawlesshair.com\/wp-content\/uploads\/2024\/02\/layered-messy-pixie-cut-960x1200.jpg 960w, https:\/\/flawlesshair.com\/wp-content\/uploads\/2024\/02\/layered-messy-pixie-cut-150x188.jpg 150w\" sizes=\"auto, (max-width: 760px) calc(100vw - 24px), 720px\"><\/noscript><img loading=\"lazy\" decoding=\"async\" width=\"1080\" height=\"1350\" src=\"https:\/\/flawlesshair.com\/wp-content\/uploads\/2024\/02\/layered-messy-pixie-cut.jpg\" alt=\"corte pixie messy a capas\" class=\"wp-image-43192 lazyload\" srcset=\"https:\/\/flawlesshair.com\/wp-content\/uploads\/2024\/02\/layered-messy-pixie-cut.jpg 1080w, https:\/\/flawlesshair.com\/wp-content\/uploads\/2024\/02\/layered-messy-pixie-cut-240x300.jpg 240w, https:\/\/flawlesshair.com\/wp-content\/uploads\/2024\/02\/layered-messy-pixie-cut-768x960.jpg 768w, https:\/\/flawlesshair.com\/wp-content\/uploads\/2024\/02\/layered-messy-pixie-cut-10x12.jpg 10w, https:\/\/flawlesshair.com\/wp-content\/uploads\/2024\/02\/layered-messy-pixie-cut-864x1080.jpg 864w, https:\/\/flawlesshair.com\/wp-content\/uploads\/2024\/02\/layered-messy-pixie-cut-960x1200.jpg 960w, https:\/\/flawlesshair.com\/wp-content\/uploads\/2024\/02\/layered-messy-pixie-cut-150x188.jpg 150w\" sizes=\"auto, (max-width: 760px) calc(100vw - 24px), 720px\" data-pin-media=\"https:\/\/flawlesshair.com\/wp-content\/uploads\/2024\/02\/layered-messy-pixie-cut.jpg\" id=\"mv-trellis-img-17\" data-trellis-processed=\"1\"><div style=\"position: absolute; top: 0.5rem; right: 0.75rem;\"> <a href=\"https:\/\/www.pinterest.com\/pin\/create\/button\/\" data-pin-do=\"buttonPin\" data-pin-tall=\"true\" data-pin-url=\"https:\/\/flawlesshair.com\/es\/pelo-corto-a-capas\/\" data-pin-media=\"https:\/\/flawlesshair.com\/wp-content\/uploads\/2024\/02\/layered-messy-pixie-cut.jpg\" data-pin-description=\"These 20 Short Layered Hair Styles Are Super Stylish And Practical\" rel=\"nofollow noopener\" target=\"_blank\"> <\/a><\/div><\/div><figcaption class=\"wp-element-caption\">@<a href=\"https:\/\/www.instagram.com\/troycutshair\/\" target=\"_blank\" rel=\"noreferrer noopener nofollow\">troycutshair<\/a><\/figcaption><\/figure>\n<\/div>\n\n\n<p>Hola, \u00a1vibraciones sin esfuerzo y desenfadadas! El corte pixie desordenado a capas es ideal para quienes quieren conseguir un look desordenado y voluminoso sin que ello implique un aspecto texturizado. <\/p>\n\n\n\n<h2 class=\"wp-block-heading\">18. Layered Blonde Bob<\/h2>\n\n\n<div class=\"wp-block-image\">\n<figure class=\"aligncenter size-full\"><div style=\"position: relative;\"><noscript><img loading=\"lazy\" decoding=\"async\" width=\"640\" height=\"640\" src=\"https:\/\/flawlesshair.com\/wp-content\/uploads\/2024\/02\/layered-blonde-bob.jpg\" alt=\"bob rubio a capas\" class=\"wp-image-43190\" srcset=\"https:\/\/flawlesshair.com\/wp-content\/uploads\/2024\/02\/layered-blonde-bob.jpg 640w, https:\/\/flawlesshair.com\/wp-content\/uploads\/2024\/02\/layered-blonde-bob-300x300.jpg 300w, https:\/\/flawlesshair.com\/wp-content\/uploads\/2024\/02\/layered-blonde-bob-150x150.jpg 150w, https:\/\/flawlesshair.com\/wp-content\/uploads\/2024\/02\/layered-blonde-bob-12x12.jpg 12w, https:\/\/flawlesshair.com\/wp-content\/uploads\/2024\/02\/layered-blonde-bob-96x96.jpg 96w\" sizes=\"auto, (max-width: 640px) 100vw, 640px\"><\/noscript><img loading=\"lazy\" decoding=\"async\" width=\"640\" height=\"640\" src=\"https:\/\/flawlesshair.com\/wp-content\/uploads\/2024\/02\/layered-blonde-bob.jpg\" alt=\"bob rubio a capas\" class=\"wp-image-43190 lazyload\" srcset=\"https:\/\/flawlesshair.com\/wp-content\/uploads\/2024\/02\/layered-blonde-bob.jpg 640w, https:\/\/flawlesshair.com\/wp-content\/uploads\/2024\/02\/layered-blonde-bob-300x300.jpg 300w, https:\/\/flawlesshair.com\/wp-content\/uploads\/2024\/02\/layered-blonde-bob-150x150.jpg 150w, https:\/\/flawlesshair.com\/wp-content\/uploads\/2024\/02\/layered-blonde-bob-12x12.jpg 12w, https:\/\/flawlesshair.com\/wp-content\/uploads\/2024\/02\/layered-blonde-bob-96x96.jpg 96w\" sizes=\"auto, (max-width: 640px) 100vw, 640px\" data-pin-media=\"https:\/\/flawlesshair.com\/wp-content\/uploads\/2024\/02\/layered-blonde-bob.jpg\" id=\"mv-trellis-img-18\" data-trellis-processed=\"1\"><div style=\"position: absolute; top: 0.5rem; right: 0.75rem;\"> <a href=\"https:\/\/www.pinterest.com\/pin\/create\/button\/\" data-pin-do=\"buttonPin\" data-pin-tall=\"true\" data-pin-url=\"https:\/\/flawlesshair.com\/es\/pelo-corto-a-capas\/\" data-pin-media=\"https:\/\/flawlesshair.com\/wp-content\/uploads\/2024\/02\/layered-blonde-bob.jpg\" data-pin-description=\"These 20 Short Layered Hair Styles Are Super Stylish And Practical\" rel=\"nofollow noopener\" target=\"_blank\"> <\/a><\/div><\/div><figcaption class=\"wp-element-caption\">@<a href=\"https:\/\/www.instagram.com\/jillmariemakeup\/\" target=\"_blank\" rel=\"noreferrer noopener nofollow\">jillmariemakeup<\/a><\/figcaption><\/figure>\n<\/div>\n\n\n<p>Si buscas un corte de pelo fresco para el verano, un <a href=\"https:\/\/flawlesshair.com\/es\/pelo-rubio-a-capas\/\">peinado rubio a capas<\/a> es la mejor opci\u00f3n. Su aspecto bronceado y su textura despeinada hacen que el bob rubio sea perfecto para los d\u00edas de verano y para conseguir el mejor chill vibe. <\/p>\n\n\n\n<h2 class=\"wp-block-heading\">19. Bronde Corte corto a capas<\/h2>\n\n\n<div class=\"wp-block-image\">\n<figure class=\"aligncenter size-full\"><div style=\"position: relative;\"><noscript><img loading=\"lazy\" decoding=\"async\" width=\"1080\" height=\"1350\" src=\"https:\/\/flawlesshair.com\/wp-content\/uploads\/2024\/02\/bronde-short-layered-cut.jpg\" alt=\"corte rubio corto a capas\" class=\"wp-image-43187\" srcset=\"https:\/\/flawlesshair.com\/wp-content\/uploads\/2024\/02\/bronde-short-layered-cut.jpg 1080w, https:\/\/flawlesshair.com\/wp-content\/uploads\/2024\/02\/bronde-short-layered-cut-240x300.jpg 240w, https:\/\/flawlesshair.com\/wp-content\/uploads\/2024\/02\/bronde-short-layered-cut-768x960.jpg 768w, https:\/\/flawlesshair.com\/wp-content\/uploads\/2024\/02\/bronde-short-layered-cut-10x12.jpg 10w, https:\/\/flawlesshair.com\/wp-content\/uploads\/2024\/02\/bronde-short-layered-cut-864x1080.jpg 864w, https:\/\/flawlesshair.com\/wp-content\/uploads\/2024\/02\/bronde-short-layered-cut-960x1200.jpg 960w, https:\/\/flawlesshair.com\/wp-content\/uploads\/2024\/02\/bronde-short-layered-cut-150x188.jpg 150w\" sizes=\"auto, (max-width: 760px) calc(100vw - 24px), 720px\"><\/noscript><img loading=\"lazy\" decoding=\"async\" width=\"1080\" height=\"1350\" src=\"https:\/\/flawlesshair.com\/wp-content\/uploads\/2024\/02\/bronde-short-layered-cut.jpg\" alt=\"corte rubio corto a capas\" class=\"wp-image-43187 lazyload\" srcset=\"https:\/\/flawlesshair.com\/wp-content\/uploads\/2024\/02\/bronde-short-layered-cut.jpg 1080w, https:\/\/flawlesshair.com\/wp-content\/uploads\/2024\/02\/bronde-short-layered-cut-240x300.jpg 240w, https:\/\/flawlesshair.com\/wp-content\/uploads\/2024\/02\/bronde-short-layered-cut-768x960.jpg 768w, https:\/\/flawlesshair.com\/wp-content\/uploads\/2024\/02\/bronde-short-layered-cut-10x12.jpg 10w, https:\/\/flawlesshair.com\/wp-content\/uploads\/2024\/02\/bronde-short-layered-cut-864x1080.jpg 864w, https:\/\/flawlesshair.com\/wp-content\/uploads\/2024\/02\/bronde-short-layered-cut-960x1200.jpg 960w, https:\/\/flawlesshair.com\/wp-content\/uploads\/2024\/02\/bronde-short-layered-cut-150x188.jpg 150w\" sizes=\"auto, (max-width: 760px) calc(100vw - 24px), 720px\" data-pin-media=\"https:\/\/flawlesshair.com\/wp-content\/uploads\/2024\/02\/bronde-short-layered-cut.jpg\" id=\"mv-trellis-img-19\" data-trellis-processed=\"1\"><div style=\"position: absolute; top: 0.5rem; right: 0.75rem;\"> <a href=\"https:\/\/www.pinterest.com\/pin\/create\/button\/\" data-pin-do=\"buttonPin\" data-pin-tall=\"true\" data-pin-url=\"https:\/\/flawlesshair.com\/es\/pelo-corto-a-capas\/\" data-pin-media=\"https:\/\/flawlesshair.com\/wp-content\/uploads\/2024\/02\/bronde-short-layered-cut.jpg\" data-pin-description=\"These 20 Short Layered Hair Styles Are Super Stylish And Practical\" rel=\"nofollow noopener\" target=\"_blank\"> <\/a><\/div><\/div><figcaption class=\"wp-element-caption\">@<a href=\"https:\/\/www.instagram.com\/shirin_hairstylist_sacramento\/\" target=\"_blank\" rel=\"noreferrer noopener nofollow\">shirin_hairstylist_sacramento<\/a><\/figcaption><\/figure>\n<\/div>\n\n\n<p>El tono Bronde combina el rubio y el casta\u00f1o y, si tienes canas, combinar\u00e1n perfectamente con este popular tono. Un corte de pelo voluminoso y corto a capas resaltar\u00e1 lo mejor de este color de pelo y te dar\u00e1 ese aspecto vibrante y juvenil.<\/p>\n\n\n\n<h2 class=\"wp-block-heading\">20. Corte Bixie en capas<\/h2>\n\n\n<div class=\"wp-block-image\">\n<figure class=\"aligncenter size-full\"><div style=\"position: relative;\"><noscript><img loading=\"lazy\" decoding=\"async\" width=\"1080\" height=\"1350\" src=\"https:\/\/flawlesshair.com\/wp-content\/uploads\/2024\/02\/layered-bixie-cut.jpg\" alt=\"corte bixie a capas\" class=\"wp-image-43189\" srcset=\"https:\/\/flawlesshair.com\/wp-content\/uploads\/2024\/02\/layered-bixie-cut.jpg 1080w, https:\/\/flawlesshair.com\/wp-content\/uploads\/2024\/02\/layered-bixie-cut-240x300.jpg 240w, https:\/\/flawlesshair.com\/wp-content\/uploads\/2024\/02\/layered-bixie-cut-768x960.jpg 768w, https:\/\/flawlesshair.com\/wp-content\/uploads\/2024\/02\/layered-bixie-cut-10x12.jpg 10w, https:\/\/flawlesshair.com\/wp-content\/uploads\/2024\/02\/layered-bixie-cut-864x1080.jpg 864w, https:\/\/flawlesshair.com\/wp-content\/uploads\/2024\/02\/layered-bixie-cut-960x1200.jpg 960w, https:\/\/flawlesshair.com\/wp-content\/uploads\/2024\/02\/layered-bixie-cut-150x188.jpg 150w\" sizes=\"auto, (max-width: 760px) calc(100vw - 24px), 720px\"><\/noscript><img loading=\"lazy\" decoding=\"async\" width=\"1080\" height=\"1350\" src=\"https:\/\/flawlesshair.com\/wp-content\/uploads\/2024\/02\/layered-bixie-cut.jpg\" alt=\"corte bixie a capas\" class=\"wp-image-43189 lazyload\" srcset=\"https:\/\/flawlesshair.com\/wp-content\/uploads\/2024\/02\/layered-bixie-cut.jpg 1080w, https:\/\/flawlesshair.com\/wp-content\/uploads\/2024\/02\/layered-bixie-cut-240x300.jpg 240w, https:\/\/flawlesshair.com\/wp-content\/uploads\/2024\/02\/layered-bixie-cut-768x960.jpg 768w, https:\/\/flawlesshair.com\/wp-content\/uploads\/2024\/02\/layered-bixie-cut-10x12.jpg 10w, https:\/\/flawlesshair.com\/wp-content\/uploads\/2024\/02\/layered-bixie-cut-864x1080.jpg 864w, https:\/\/flawlesshair.com\/wp-content\/uploads\/2024\/02\/layered-bixie-cut-960x1200.jpg 960w, https:\/\/flawlesshair.com\/wp-content\/uploads\/2024\/02\/layered-bixie-cut-150x188.jpg 150w\" sizes=\"auto, (max-width: 760px) calc(100vw - 24px), 720px\" data-pin-media=\"https:\/\/flawlesshair.com\/wp-content\/uploads\/2024\/02\/layered-bixie-cut.jpg\" id=\"mv-trellis-img-20\" data-trellis-processed=\"1\"><div style=\"position: absolute; top: 0.5rem; right: 0.75rem;\"> <a href=\"https:\/\/www.pinterest.com\/pin\/create\/button\/\" data-pin-do=\"buttonPin\" data-pin-tall=\"true\" data-pin-url=\"https:\/\/flawlesshair.com\/es\/pelo-corto-a-capas\/\" data-pin-media=\"https:\/\/flawlesshair.com\/wp-content\/uploads\/2024\/02\/layered-bixie-cut.jpg\" data-pin-description=\"These 20 Short Layered Hair Styles Are Super Stylish And Practical\" rel=\"nofollow noopener\" target=\"_blank\"> <\/a><\/div><\/div><figcaption class=\"wp-element-caption\">@<a href=\"https:\/\/www.instagram.com\/hirohair\/\" target=\"_blank\" rel=\"noreferrer noopener nofollow\">hirohair<\/a><\/figcaption><\/figure>\n<\/div>\n\n\n<p>El corte bixie combina un <a href=\"https:\/\/flawlesshair.com\/es\/bob-corto-a-capas\/\">bob corto a capas<\/a> y un corte pixie. Para ser m\u00e1s exactos, combina la longitud de un bob corto y la textura de un corte pixie. Suena bien, \u00bfverdad?<\/p>","protected":false},"excerpt":{"rendered":"<p>Es universalmente reconocido que los peinados cortos a capas pueden ser atrevidos, suaves, femeninos o atrevidos, dependiendo del tipo de corte y de la textura del cabello. Adem\u00e1s, ...<\/p>","protected":false},"author":5,"featured_media":92843,"comment_status":"closed","ping_status":"closed","sticky":false,"template":"","format":"standard","meta":{"syndication_tool_enabled":true,"syndication_tool_title":"","syndication_tool_excerpt":"","syndication_tool_featured_image":0,"syndication_tool_publish_date":"","syndication_tool_schema_types":["gallery"],"syndication_tool_backlink_enable":false,"syndication_tool_ai_disclosure_enable":false,"disable-in-feed":false,"article-schema-type":"","disable-critical-css":false,"footnotes":""},"categories":[46],"tags":[],"class_list":["post-43182","post","type-post","status-publish","format-standard","has-post-thumbnail","hentry","category-layered"],"_links":{"self":[{"href":"https:\/\/flawlesshair.com\/es\/wp-json\/wp\/v2\/posts\/43182","targetHints":{"allow":["GET"]}}],"collection":[{"href":"https:\/\/flawlesshair.com\/es\/wp-json\/wp\/v2\/posts"}],"about":[{"href":"https:\/\/flawlesshair.com\/es\/wp-json\/wp\/v2\/types\/post"}],"author":[{"embeddable":true,"href":"https:\/\/flawlesshair.com\/es\/wp-json\/wp\/v2\/users\/5"}],"replies":[{"embeddable":true,"href":"https:\/\/flawlesshair.com\/es\/wp-json\/wp\/v2\/comments?post=43182"}],"version-history":[{"count":0,"href":"https:\/\/flawlesshair.com\/es\/wp-json\/wp\/v2\/posts\/43182\/revisions"}],"wp:featuredmedia":[{"embeddable":true,"href":"https:\/\/flawlesshair.com\/es\/wp-json\/wp\/v2\/media\/92843"}],"wp:attachment":[{"href":"https:\/\/flawlesshair.com\/es\/wp-json\/wp\/v2\/media?parent=43182"}],"wp:term":[{"taxonomy":"category","embeddable":true,"href":"https:\/\/flawlesshair.com\/es\/wp-json\/wp\/v2\/categories?post=43182"},{"taxonomy":"post_tag","embeddable":true,"href":"https:\/\/flawlesshair.com\/es\/wp-json\/wp\/v2\/tags?post=43182"}],"curies":[{"name":"wp","href":"https:\/\/api.w.org\/{rel}","templated":true}]}}