{"id":5985,"date":"2024-12-07T14:30:00","date_gmt":"2024-12-07T13:30:00","guid":{"rendered":"https:\/\/flawlesshair.com\/?p=5985"},"modified":"2025-01-16T15:40:26","modified_gmt":"2025-01-16T14:40:26","slug":"pelo-castano-corto","status":"publish","type":"post","link":"https:\/\/flawlesshair.com\/es\/pelo-castano-corto\/","title":{"rendered":"40 maneras de llevar el pelo casta\u00f1o corto en 2025"},"content":{"rendered":"<style>img#mv-trellis-img-1::before{padding-top:124.72222222222%; }img#mv-trellis-img-1{display:block;}img#mv-trellis-img-2::before{padding-top:113.24074074074%; }img#mv-trellis-img-2{display:block;}img#mv-trellis-img-3::before{padding-top:125%; }img#mv-trellis-img-3{display:block;}img#mv-trellis-img-4::before{padding-top:114.62962962963%; }img#mv-trellis-img-4{display:block;}img#mv-trellis-img-5::before{padding-top:125%; }img#mv-trellis-img-5{display:block;}img#mv-trellis-img-6::before{padding-top:110.37131882202%; }img#mv-trellis-img-6{display:block;}img#mv-trellis-img-7::before{padding-top:125%; }img#mv-trellis-img-7{display:block;}img#mv-trellis-img-8::before{padding-top:125%; }img#mv-trellis-img-8{display:block;}img#mv-trellis-img-9::before{padding-top:112.68518518519%; }img#mv-trellis-img-9{display:block;}img#mv-trellis-img-10::before{padding-top:100%; }img#mv-trellis-img-10{display:block;}img#mv-trellis-img-11::before{padding-top:100%; }img#mv-trellis-img-11{display:block;}img#mv-trellis-img-12::before{padding-top:100%; }img#mv-trellis-img-12{display:block;}img#mv-trellis-img-13::before{padding-top:100%; }img#mv-trellis-img-13{display:block;}img#mv-trellis-img-14::before{padding-top:125%; }img#mv-trellis-img-14{display:block;}img#mv-trellis-img-15::before{padding-top:124.72222222222%; }img#mv-trellis-img-15{display:block;}img#mv-trellis-img-16::before{padding-top:100%; }img#mv-trellis-img-16{display:block;}img#mv-trellis-img-17::before{padding-top:100%; }img#mv-trellis-img-17{display:block;}img#mv-trellis-img-18::before{padding-top:123.7962962963%; }img#mv-trellis-img-18{display:block;}img#mv-trellis-img-19::before{padding-top:125%; }img#mv-trellis-img-19{display:block;}img#mv-trellis-img-20::before{padding-top:125%; }img#mv-trellis-img-20{display:block;}img#mv-trellis-img-21::before{padding-top:124.90740740741%; }img#mv-trellis-img-21{display:block;}img#mv-trellis-img-22::before{padding-top:125%; }img#mv-trellis-img-22{display:block;}img#mv-trellis-img-23::before{padding-top:125%; }img#mv-trellis-img-23{display:block;}img#mv-trellis-img-24::before{padding-top:125%; }img#mv-trellis-img-24{display:block;}img#mv-trellis-img-25::before{padding-top:100%; }img#mv-trellis-img-25{display:block;}img#mv-trellis-img-26::before{padding-top:100%; }img#mv-trellis-img-26{display:block;}img#mv-trellis-img-27::before{padding-top:125%; }img#mv-trellis-img-27{display:block;}img#mv-trellis-img-28::before{padding-top:100%; }img#mv-trellis-img-28{display:block;}img#mv-trellis-img-29::before{padding-top:124.72222222222%; }img#mv-trellis-img-29{display:block;}img#mv-trellis-img-30::before{padding-top:100%; }img#mv-trellis-img-30{display:block;}img#mv-trellis-img-31::before{padding-top:125%; }img#mv-trellis-img-31{display:block;}img#mv-trellis-img-32::before{padding-top:125%; }img#mv-trellis-img-32{display:block;}img#mv-trellis-img-33::before{padding-top:108.98148148148%; }img#mv-trellis-img-33{display:block;}img#mv-trellis-img-34::before{padding-top:80.185185185185%; }img#mv-trellis-img-34{display:block;}img#mv-trellis-img-35::before{padding-top:125%; }img#mv-trellis-img-35{display:block;}img#mv-trellis-img-36::before{padding-top:124.62962962963%; }img#mv-trellis-img-36{display:block;}img#mv-trellis-img-37::before{padding-top:124.9745158002%; }img#mv-trellis-img-37{display:block;}img#mv-trellis-img-38::before{padding-top:125%; }img#mv-trellis-img-38{display:block;}img#mv-trellis-img-39::before{padding-top:117.87037037037%; }img#mv-trellis-img-39{display:block;}img#mv-trellis-img-40::before{padding-top:100%; }img#mv-trellis-img-40{display:block;}img#mv-trellis-img-41::before{padding-top:124.35185185185%; }img#mv-trellis-img-41{display:block;}img#mv-trellis-img-42::before{padding-top:125%; }img#mv-trellis-img-42{display:block;}<\/style>\n<p>Los tonos morenos van desde el suave caramelo al intenso espresso; pueden ser c\u00e1lidos o fr\u00edos, brillantes o mates, intensos o profundos... \u00bfy lo mejor? Conseguir el tono moreno perfecto requiere mucho menos trabajo que con otros colores.<\/p>\n\n\n\n<p>El pelo casta\u00f1o corto puede ser tan espectacular o tan de chica de al lado como quieras, y aqu\u00ed tienes toda la inspiraci\u00f3n que necesitas para elegir tu nuevo estilo moreno corto.<\/p>\n\n\n\n<h2 class=\"wp-block-heading\">1. Pelo casta\u00f1o corto a capas<\/h2>\n\n\n\n<figure class=\"wp-block-image size-full\"><div style=\"position: relative;\"><noscript><img loading=\"lazy\" decoding=\"async\" width=\"1080\" height=\"1347\" src=\"https:\/\/flawlesshair.com\/wp-content\/uploads\/2023\/02\/1.-layered-short-brown-hair.jpg\" alt=\"pelo casta\u00f1o corto a capas\" class=\"wp-image-32852\" srcset=\"https:\/\/flawlesshair.com\/wp-content\/uploads\/2023\/02\/1.-layered-short-brown-hair.jpg 1080w, https:\/\/flawlesshair.com\/wp-content\/uploads\/2023\/02\/1.-layered-short-brown-hair-241x300.jpg 241w, https:\/\/flawlesshair.com\/wp-content\/uploads\/2023\/02\/1.-layered-short-brown-hair-768x958.jpg 768w, https:\/\/flawlesshair.com\/wp-content\/uploads\/2023\/02\/1.-layered-short-brown-hair-10x12.jpg 10w, https:\/\/flawlesshair.com\/wp-content\/uploads\/2023\/02\/1.-layered-short-brown-hair-770x960.jpg 770w, https:\/\/flawlesshair.com\/wp-content\/uploads\/2023\/02\/1.-layered-short-brown-hair-866x1080.jpg 866w, https:\/\/flawlesshair.com\/wp-content\/uploads\/2023\/02\/1.-layered-short-brown-hair-962x1200.jpg 962w, https:\/\/flawlesshair.com\/wp-content\/uploads\/2023\/02\/1.-layered-short-brown-hair-150x187.jpg 150w\" sizes=\"auto, (max-width: 760px) calc(100vw - 24px), 720px\"><\/noscript><img loading=\"eager\" decoding=\"async\" width=\"1080\" height=\"1347\" src=\"data:image\/svg+xml,%3Csvg%20xmlns='http:\/\/www.w3.org\/2000\/svg'%20viewBox='0%200%201080%201347'%3E%3Crect%20width='1080'%20height='1347'%20style='fill:%23e3e3e3'\/%3E%3C\/svg%3E\" alt=\"pelo casta\u00f1o corto a capas\" class=\"wp-image-32852 eager-load\" sizes=\"auto, (max-width: 760px) calc(100vw - 24px), 720px\" data-pin-media=\"https:\/\/flawlesshair.com\/wp-content\/uploads\/2023\/02\/1.-layered-short-brown-hair.jpg\" id=\"mv-trellis-img-1\" data-src=\"https:\/\/flawlesshair.com\/wp-content\/uploads\/2023\/02\/1.-layered-short-brown-hair.jpg\" data-srcset=\"https:\/\/flawlesshair.com\/wp-content\/uploads\/2023\/02\/1.-layered-short-brown-hair.jpg 1080w, https:\/\/flawlesshair.com\/wp-content\/uploads\/2023\/02\/1.-layered-short-brown-hair-241x300.jpg 241w, https:\/\/flawlesshair.com\/wp-content\/uploads\/2023\/02\/1.-layered-short-brown-hair-768x958.jpg 768w, https:\/\/flawlesshair.com\/wp-content\/uploads\/2023\/02\/1.-layered-short-brown-hair-10x12.jpg 10w, https:\/\/flawlesshair.com\/wp-content\/uploads\/2023\/02\/1.-layered-short-brown-hair-770x960.jpg 770w, https:\/\/flawlesshair.com\/wp-content\/uploads\/2023\/02\/1.-layered-short-brown-hair-866x1080.jpg 866w, https:\/\/flawlesshair.com\/wp-content\/uploads\/2023\/02\/1.-layered-short-brown-hair-962x1200.jpg 962w, https:\/\/flawlesshair.com\/wp-content\/uploads\/2023\/02\/1.-layered-short-brown-hair-150x187.jpg 150w\" data-svg=\"1\" data-trellis-processed=\"1\"><div style=\"position: absolute; top: 0.5rem; right: 0.75rem;\"> <a href=\"https:\/\/www.pinterest.com\/pin\/create\/button\/\" data-pin-do=\"buttonPin\" data-pin-tall=\"true\" data-pin-url=\"https:\/\/flawlesshair.com\/es\/pelo-castano-corto\/\" data-pin-media=\"https:\/\/flawlesshair.com\/wp-content\/uploads\/2023\/02\/1.-layered-short-brown-hair.jpg\" data-pin-description=\"40 Ways To Wear Short Brown Hair In 2025\" rel=\"nofollow noopener\" target=\"_blank\"> <\/a><\/div><\/div><figcaption class=\"wp-element-caption\"><a href=\"https:\/\/www.instagram.com\/daichi_yoshida_\/\" target=\"_blank\" rel=\"noreferrer noopener nofollow\">@daichi_yoshida_<\/a><\/figcaption><\/figure>\n\n\n\n<p>El sofisticado casta\u00f1o medio y este precioso corte bixie est\u00e1n hechos el uno para el otro. Los mechones ondulados unen el look, creando un ambiente delicado y natural. <\/p>\n\n\n\n<h2 class=\"wp-block-heading\">2. Peinado rizado casta\u00f1o con flequillo<\/h2>\n\n\n\n<figure class=\"wp-block-image size-full\"><div style=\"position: relative;\"><noscript><img loading=\"lazy\" decoding=\"async\" width=\"1080\" height=\"1223\" src=\"https:\/\/flawlesshair.com\/wp-content\/uploads\/2023\/02\/2.-curly-brown-hairstyle-with-bangs.jpg\" alt=\"peinado casta\u00f1o rizado con flequillo\" class=\"wp-image-32853\" srcset=\"https:\/\/flawlesshair.com\/wp-content\/uploads\/2023\/02\/2.-curly-brown-hairstyle-with-bangs.jpg 1080w, https:\/\/flawlesshair.com\/wp-content\/uploads\/2023\/02\/2.-curly-brown-hairstyle-with-bangs-265x300.jpg 265w, https:\/\/flawlesshair.com\/wp-content\/uploads\/2023\/02\/2.-curly-brown-hairstyle-with-bangs-768x870.jpg 768w, https:\/\/flawlesshair.com\/wp-content\/uploads\/2023\/02\/2.-curly-brown-hairstyle-with-bangs-11x12.jpg 11w, https:\/\/flawlesshair.com\/wp-content\/uploads\/2023\/02\/2.-curly-brown-hairstyle-with-bangs-848x960.jpg 848w, https:\/\/flawlesshair.com\/wp-content\/uploads\/2023\/02\/2.-curly-brown-hairstyle-with-bangs-954x1080.jpg 954w, https:\/\/flawlesshair.com\/wp-content\/uploads\/2023\/02\/2.-curly-brown-hairstyle-with-bangs-1060x1200.jpg 1060w, https:\/\/flawlesshair.com\/wp-content\/uploads\/2023\/02\/2.-curly-brown-hairstyle-with-bangs-150x170.jpg 150w\" sizes=\"auto, (max-width: 760px) calc(100vw - 24px), 720px\"><\/noscript><img loading=\"lazy\" decoding=\"async\" width=\"1080\" height=\"1223\" src=\"https:\/\/flawlesshair.com\/wp-content\/uploads\/2023\/02\/2.-curly-brown-hairstyle-with-bangs.jpg\" alt=\"peinado casta\u00f1o rizado con flequillo\" class=\"wp-image-32853 lazyload\" srcset=\"https:\/\/flawlesshair.com\/wp-content\/uploads\/2023\/02\/2.-curly-brown-hairstyle-with-bangs.jpg 1080w, https:\/\/flawlesshair.com\/wp-content\/uploads\/2023\/02\/2.-curly-brown-hairstyle-with-bangs-265x300.jpg 265w, https:\/\/flawlesshair.com\/wp-content\/uploads\/2023\/02\/2.-curly-brown-hairstyle-with-bangs-768x870.jpg 768w, https:\/\/flawlesshair.com\/wp-content\/uploads\/2023\/02\/2.-curly-brown-hairstyle-with-bangs-11x12.jpg 11w, https:\/\/flawlesshair.com\/wp-content\/uploads\/2023\/02\/2.-curly-brown-hairstyle-with-bangs-848x960.jpg 848w, https:\/\/flawlesshair.com\/wp-content\/uploads\/2023\/02\/2.-curly-brown-hairstyle-with-bangs-954x1080.jpg 954w, https:\/\/flawlesshair.com\/wp-content\/uploads\/2023\/02\/2.-curly-brown-hairstyle-with-bangs-1060x1200.jpg 1060w, https:\/\/flawlesshair.com\/wp-content\/uploads\/2023\/02\/2.-curly-brown-hairstyle-with-bangs-150x170.jpg 150w\" sizes=\"auto, (max-width: 760px) calc(100vw - 24px), 720px\" data-pin-media=\"https:\/\/flawlesshair.com\/wp-content\/uploads\/2023\/02\/2.-curly-brown-hairstyle-with-bangs.jpg\" id=\"mv-trellis-img-2\" data-trellis-processed=\"1\"><div style=\"position: absolute; top: 0.5rem; right: 0.75rem;\"> <a href=\"https:\/\/www.pinterest.com\/pin\/create\/button\/\" data-pin-do=\"buttonPin\" data-pin-tall=\"true\" data-pin-url=\"https:\/\/flawlesshair.com\/es\/pelo-castano-corto\/\" data-pin-media=\"https:\/\/flawlesshair.com\/wp-content\/uploads\/2023\/02\/2.-curly-brown-hairstyle-with-bangs.jpg\" data-pin-description=\"40 Ways To Wear Short Brown Hair In 2025\" rel=\"nofollow noopener\" target=\"_blank\"> <\/a><\/div><\/div><figcaption class=\"wp-element-caption\"><a href=\"https:\/\/www.instagram.com\/fabrihairdesigner\/\" target=\"_blank\" rel=\"noreferrer noopener nofollow\">@fabrihairdesigner<\/a><\/figcaption><\/figure>\n\n\n\n<p>\u00bfQu\u00e9 suaves y esponjosos son estos rizos casta\u00f1os? Han sido moldeados en una preciosa forma redondeada. <a href=\"https:\/\/flawlesshair.com\/es\/long-curly-bob\/\">long curly bob<\/a> con flequillo y, gracias a las capas bien colocadas, est\u00e1n llenos de rebote y dimensi\u00f3n.<\/p>\n\n\n\n<h2 class=\"wp-block-heading\">3. Pelo corto casta\u00f1o recortado<\/h2>\n\n\n\n<figure class=\"wp-block-image size-full\"><div style=\"position: relative;\"><noscript><img loading=\"lazy\" decoding=\"async\" width=\"1080\" height=\"1350\" src=\"https:\/\/flawlesshair.com\/wp-content\/uploads\/2023\/02\/3.-choppy-short-brown-hair.jpg\" alt=\"pelo corto casta\u00f1o\" class=\"wp-image-32854\" srcset=\"https:\/\/flawlesshair.com\/wp-content\/uploads\/2023\/02\/3.-choppy-short-brown-hair.jpg 1080w, https:\/\/flawlesshair.com\/wp-content\/uploads\/2023\/02\/3.-choppy-short-brown-hair-240x300.jpg 240w, https:\/\/flawlesshair.com\/wp-content\/uploads\/2023\/02\/3.-choppy-short-brown-hair-768x960.jpg 768w, https:\/\/flawlesshair.com\/wp-content\/uploads\/2023\/02\/3.-choppy-short-brown-hair-10x12.jpg 10w, https:\/\/flawlesshair.com\/wp-content\/uploads\/2023\/02\/3.-choppy-short-brown-hair-864x1080.jpg 864w, https:\/\/flawlesshair.com\/wp-content\/uploads\/2023\/02\/3.-choppy-short-brown-hair-960x1200.jpg 960w, https:\/\/flawlesshair.com\/wp-content\/uploads\/2023\/02\/3.-choppy-short-brown-hair-150x188.jpg 150w\" sizes=\"auto, (max-width: 760px) calc(100vw - 24px), 720px\"><\/noscript><img loading=\"lazy\" decoding=\"async\" width=\"1080\" height=\"1350\" src=\"https:\/\/flawlesshair.com\/wp-content\/uploads\/2023\/02\/3.-choppy-short-brown-hair.jpg\" alt=\"pelo corto casta\u00f1o\" class=\"wp-image-32854 lazyload\" srcset=\"https:\/\/flawlesshair.com\/wp-content\/uploads\/2023\/02\/3.-choppy-short-brown-hair.jpg 1080w, https:\/\/flawlesshair.com\/wp-content\/uploads\/2023\/02\/3.-choppy-short-brown-hair-240x300.jpg 240w, https:\/\/flawlesshair.com\/wp-content\/uploads\/2023\/02\/3.-choppy-short-brown-hair-768x960.jpg 768w, https:\/\/flawlesshair.com\/wp-content\/uploads\/2023\/02\/3.-choppy-short-brown-hair-10x12.jpg 10w, https:\/\/flawlesshair.com\/wp-content\/uploads\/2023\/02\/3.-choppy-short-brown-hair-864x1080.jpg 864w, https:\/\/flawlesshair.com\/wp-content\/uploads\/2023\/02\/3.-choppy-short-brown-hair-960x1200.jpg 960w, https:\/\/flawlesshair.com\/wp-content\/uploads\/2023\/02\/3.-choppy-short-brown-hair-150x188.jpg 150w\" sizes=\"auto, (max-width: 760px) calc(100vw - 24px), 720px\" data-pin-media=\"https:\/\/flawlesshair.com\/wp-content\/uploads\/2023\/02\/3.-choppy-short-brown-hair.jpg\" id=\"mv-trellis-img-3\" data-trellis-processed=\"1\"><div style=\"position: absolute; top: 0.5rem; right: 0.75rem;\"> <a href=\"https:\/\/www.pinterest.com\/pin\/create\/button\/\" data-pin-do=\"buttonPin\" data-pin-tall=\"true\" data-pin-url=\"https:\/\/flawlesshair.com\/es\/pelo-castano-corto\/\" data-pin-media=\"https:\/\/flawlesshair.com\/wp-content\/uploads\/2023\/02\/3.-choppy-short-brown-hair.jpg\" data-pin-description=\"40 Ways To Wear Short Brown Hair In 2025\" rel=\"nofollow noopener\" target=\"_blank\"> <\/a><\/div><\/div><figcaption class=\"wp-element-caption\"><a href=\"https:\/\/www.instagram.com\/gregyang417\/\" target=\"_blank\" rel=\"noreferrer noopener nofollow\">@gregyang417<\/a><\/figcaption><\/figure>\n\n\n\n<p>Los tonos casta\u00f1os m\u00e1s oscuros pueden resultar abrumadores si tu color de pelo natural es mucho m\u00e1s claro, pero si puedes llevarlo, prueba a combinarlo con un corte corto picado para conseguir el m\u00e1ximo dramatismo.<\/p>\n\n\n\n<h2 class=\"wp-block-heading\">4. Bob en capas para cabello fino<\/h2>\n\n\n\n<figure class=\"wp-block-image size-full\"><div style=\"position: relative;\"><noscript><img loading=\"lazy\" decoding=\"async\" width=\"1080\" height=\"1238\" src=\"https:\/\/flawlesshair.com\/wp-content\/uploads\/2023\/02\/4.-layered-bob-for-fine-hair.jpg\" alt=\"bob a capas para cabello fino\" class=\"wp-image-32855\" srcset=\"https:\/\/flawlesshair.com\/wp-content\/uploads\/2023\/02\/4.-layered-bob-for-fine-hair.jpg 1080w, https:\/\/flawlesshair.com\/wp-content\/uploads\/2023\/02\/4.-layered-bob-for-fine-hair-262x300.jpg 262w, https:\/\/flawlesshair.com\/wp-content\/uploads\/2023\/02\/4.-layered-bob-for-fine-hair-768x880.jpg 768w, https:\/\/flawlesshair.com\/wp-content\/uploads\/2023\/02\/4.-layered-bob-for-fine-hair-10x12.jpg 10w, https:\/\/flawlesshair.com\/wp-content\/uploads\/2023\/02\/4.-layered-bob-for-fine-hair-837x960.jpg 837w, https:\/\/flawlesshair.com\/wp-content\/uploads\/2023\/02\/4.-layered-bob-for-fine-hair-942x1080.jpg 942w, https:\/\/flawlesshair.com\/wp-content\/uploads\/2023\/02\/4.-layered-bob-for-fine-hair-1047x1200.jpg 1047w, https:\/\/flawlesshair.com\/wp-content\/uploads\/2023\/02\/4.-layered-bob-for-fine-hair-150x172.jpg 150w\" sizes=\"auto, (max-width: 760px) calc(100vw - 24px), 720px\"><\/noscript><img loading=\"lazy\" decoding=\"async\" width=\"1080\" height=\"1238\" src=\"https:\/\/flawlesshair.com\/wp-content\/uploads\/2023\/02\/4.-layered-bob-for-fine-hair.jpg\" alt=\"bob a capas para cabello fino\" class=\"wp-image-32855 lazyload\" srcset=\"https:\/\/flawlesshair.com\/wp-content\/uploads\/2023\/02\/4.-layered-bob-for-fine-hair.jpg 1080w, https:\/\/flawlesshair.com\/wp-content\/uploads\/2023\/02\/4.-layered-bob-for-fine-hair-262x300.jpg 262w, https:\/\/flawlesshair.com\/wp-content\/uploads\/2023\/02\/4.-layered-bob-for-fine-hair-768x880.jpg 768w, https:\/\/flawlesshair.com\/wp-content\/uploads\/2023\/02\/4.-layered-bob-for-fine-hair-10x12.jpg 10w, https:\/\/flawlesshair.com\/wp-content\/uploads\/2023\/02\/4.-layered-bob-for-fine-hair-837x960.jpg 837w, https:\/\/flawlesshair.com\/wp-content\/uploads\/2023\/02\/4.-layered-bob-for-fine-hair-942x1080.jpg 942w, https:\/\/flawlesshair.com\/wp-content\/uploads\/2023\/02\/4.-layered-bob-for-fine-hair-1047x1200.jpg 1047w, https:\/\/flawlesshair.com\/wp-content\/uploads\/2023\/02\/4.-layered-bob-for-fine-hair-150x172.jpg 150w\" sizes=\"auto, (max-width: 760px) calc(100vw - 24px), 720px\" data-pin-media=\"https:\/\/flawlesshair.com\/wp-content\/uploads\/2023\/02\/4.-layered-bob-for-fine-hair.jpg\" id=\"mv-trellis-img-4\" data-trellis-processed=\"1\"><div style=\"position: absolute; top: 0.5rem; right: 0.75rem;\"> <a href=\"https:\/\/www.pinterest.com\/pin\/create\/button\/\" data-pin-do=\"buttonPin\" data-pin-tall=\"true\" data-pin-url=\"https:\/\/flawlesshair.com\/es\/pelo-castano-corto\/\" data-pin-media=\"https:\/\/flawlesshair.com\/wp-content\/uploads\/2023\/02\/4.-layered-bob-for-fine-hair.jpg\" data-pin-description=\"40 Ways To Wear Short Brown Hair In 2025\" rel=\"nofollow noopener\" target=\"_blank\"> <\/a><\/div><\/div><figcaption class=\"wp-element-caption\"><a href=\"https:\/\/www.instagram.com\/jrikwok\/\" target=\"_blank\" rel=\"noreferrer noopener nofollow\">@jrikwok<\/a><\/figcaption><\/figure>\n\n\n\n<p>El marr\u00f3n cacao medio es el tono medio perfecto para las tez de tonos neutros. Una forma f\u00e1cil de saber si tu piel tiene un subtono c\u00e1lido, fr\u00edo o neutro es considerar si te quedan mejor las joyas plateadas o doradas. Si te quedan igual de bien ambas, tienes un tono de piel neutro y estar\u00e1s m\u00e1s guapa con tonos neutros, como \u00e9ste. Este m\u00e9todo no siempre es exacto, pero es un comienzo.<\/p>\n\n\n\n<h2 class=\"wp-block-heading\">5. Pelo corto casta\u00f1o rizado<\/h2>\n\n\n\n<figure class=\"wp-block-image size-full\"><div style=\"position: relative;\"><noscript><img loading=\"lazy\" decoding=\"async\" width=\"1080\" height=\"1350\" src=\"https:\/\/flawlesshair.com\/wp-content\/uploads\/2023\/02\/5.-curly-brown-short-hair.jpeg\" alt=\"pelo corto casta\u00f1o rizado\" class=\"wp-image-32856\" srcset=\"https:\/\/flawlesshair.com\/wp-content\/uploads\/2023\/02\/5.-curly-brown-short-hair.jpeg 1080w, https:\/\/flawlesshair.com\/wp-content\/uploads\/2023\/02\/5.-curly-brown-short-hair-240x300.jpeg 240w, https:\/\/flawlesshair.com\/wp-content\/uploads\/2023\/02\/5.-curly-brown-short-hair-768x960.jpeg 768w, https:\/\/flawlesshair.com\/wp-content\/uploads\/2023\/02\/5.-curly-brown-short-hair-10x12.jpeg 10w, https:\/\/flawlesshair.com\/wp-content\/uploads\/2023\/02\/5.-curly-brown-short-hair-864x1080.jpeg 864w, https:\/\/flawlesshair.com\/wp-content\/uploads\/2023\/02\/5.-curly-brown-short-hair-960x1200.jpeg 960w, https:\/\/flawlesshair.com\/wp-content\/uploads\/2023\/02\/5.-curly-brown-short-hair-150x188.jpeg 150w\" sizes=\"auto, (max-width: 760px) calc(100vw - 24px), 720px\"><\/noscript><img loading=\"lazy\" decoding=\"async\" width=\"1080\" height=\"1350\" src=\"https:\/\/flawlesshair.com\/wp-content\/uploads\/2023\/02\/5.-curly-brown-short-hair.jpeg\" alt=\"pelo corto casta\u00f1o rizado\" class=\"wp-image-32856 lazyload\" srcset=\"https:\/\/flawlesshair.com\/wp-content\/uploads\/2023\/02\/5.-curly-brown-short-hair.jpeg 1080w, https:\/\/flawlesshair.com\/wp-content\/uploads\/2023\/02\/5.-curly-brown-short-hair-240x300.jpeg 240w, https:\/\/flawlesshair.com\/wp-content\/uploads\/2023\/02\/5.-curly-brown-short-hair-768x960.jpeg 768w, https:\/\/flawlesshair.com\/wp-content\/uploads\/2023\/02\/5.-curly-brown-short-hair-10x12.jpeg 10w, https:\/\/flawlesshair.com\/wp-content\/uploads\/2023\/02\/5.-curly-brown-short-hair-864x1080.jpeg 864w, https:\/\/flawlesshair.com\/wp-content\/uploads\/2023\/02\/5.-curly-brown-short-hair-960x1200.jpeg 960w, https:\/\/flawlesshair.com\/wp-content\/uploads\/2023\/02\/5.-curly-brown-short-hair-150x188.jpeg 150w\" sizes=\"auto, (max-width: 760px) calc(100vw - 24px), 720px\" data-pin-media=\"https:\/\/flawlesshair.com\/wp-content\/uploads\/2023\/02\/5.-curly-brown-short-hair.jpeg\" id=\"mv-trellis-img-5\" data-trellis-processed=\"1\"><div style=\"position: absolute; top: 0.5rem; right: 0.75rem;\"> <a href=\"https:\/\/www.pinterest.com\/pin\/create\/button\/\" data-pin-do=\"buttonPin\" data-pin-tall=\"true\" data-pin-url=\"https:\/\/flawlesshair.com\/es\/pelo-castano-corto\/\" data-pin-media=\"https:\/\/flawlesshair.com\/wp-content\/uploads\/2023\/02\/5.-curly-brown-short-hair.jpeg\" data-pin-description=\"40 Ways To Wear Short Brown Hair In 2025\" rel=\"nofollow noopener\" target=\"_blank\"> <\/a><\/div><\/div><figcaption class=\"wp-element-caption\"><a href=\"https:\/\/www.instagram.com\/haircolorkilla\/\" target=\"_blank\" rel=\"noreferrer noopener nofollow\">@haircolorkilla<\/a><\/figcaption><\/figure>\n\n\n\n<p>Si quieres que tus rizos destaquen, apuesta por las mechas, como estas de color caramelo c\u00e1lido que dan brillo a la base casta\u00f1a y convierten los rizos naturales en el centro de atenci\u00f3n.<\/p>\n\n\n\n<h2 class=\"wp-block-heading\">6. Corte de pelo Brown Blunt Bob<\/h2>\n\n\n\n<figure class=\"wp-block-image size-full\"><div style=\"position: relative;\"><noscript><img loading=\"lazy\" decoding=\"async\" width=\"781\" height=\"862\" src=\"https:\/\/flawlesshair.com\/wp-content\/uploads\/2023\/02\/6.-brown-blunt-bob-haircut.jpg\" alt=\"corte de pelo blunt bob casta\u00f1o\" class=\"wp-image-32857\" srcset=\"https:\/\/flawlesshair.com\/wp-content\/uploads\/2023\/02\/6.-brown-blunt-bob-haircut.jpg 781w, https:\/\/flawlesshair.com\/wp-content\/uploads\/2023\/02\/6.-brown-blunt-bob-haircut-272x300.jpg 272w, https:\/\/flawlesshair.com\/wp-content\/uploads\/2023\/02\/6.-brown-blunt-bob-haircut-768x848.jpg 768w, https:\/\/flawlesshair.com\/wp-content\/uploads\/2023\/02\/6.-brown-blunt-bob-haircut-11x12.jpg 11w, https:\/\/flawlesshair.com\/wp-content\/uploads\/2023\/02\/6.-brown-blunt-bob-haircut-150x166.jpg 150w\" sizes=\"auto, (max-width: 760px) calc(100vw - 24px), 720px\"><\/noscript><img loading=\"lazy\" decoding=\"async\" width=\"781\" height=\"862\" src=\"https:\/\/flawlesshair.com\/wp-content\/uploads\/2023\/02\/6.-brown-blunt-bob-haircut.jpg\" alt=\"corte de pelo blunt bob casta\u00f1o\" class=\"wp-image-32857 lazyload\" srcset=\"https:\/\/flawlesshair.com\/wp-content\/uploads\/2023\/02\/6.-brown-blunt-bob-haircut.jpg 781w, https:\/\/flawlesshair.com\/wp-content\/uploads\/2023\/02\/6.-brown-blunt-bob-haircut-272x300.jpg 272w, https:\/\/flawlesshair.com\/wp-content\/uploads\/2023\/02\/6.-brown-blunt-bob-haircut-768x848.jpg 768w, https:\/\/flawlesshair.com\/wp-content\/uploads\/2023\/02\/6.-brown-blunt-bob-haircut-11x12.jpg 11w, https:\/\/flawlesshair.com\/wp-content\/uploads\/2023\/02\/6.-brown-blunt-bob-haircut-150x166.jpg 150w\" sizes=\"auto, (max-width: 760px) calc(100vw - 24px), 720px\" data-pin-media=\"https:\/\/flawlesshair.com\/wp-content\/uploads\/2023\/02\/6.-brown-blunt-bob-haircut.jpg\" id=\"mv-trellis-img-6\" data-trellis-processed=\"1\"><div style=\"position: absolute; top: 0.5rem; right: 0.75rem;\"> <a href=\"https:\/\/www.pinterest.com\/pin\/create\/button\/\" data-pin-do=\"buttonPin\" data-pin-tall=\"true\" data-pin-url=\"https:\/\/flawlesshair.com\/es\/pelo-castano-corto\/\" data-pin-media=\"https:\/\/flawlesshair.com\/wp-content\/uploads\/2023\/02\/6.-brown-blunt-bob-haircut.jpg\" data-pin-description=\"40 Ways To Wear Short Brown Hair In 2025\" rel=\"nofollow noopener\" target=\"_blank\"> <\/a><\/div><\/div><figcaption class=\"wp-element-caption\"><a href=\"https:\/\/www.instagram.com\/thehairbros\/\" target=\"_blank\" rel=\"noreferrer noopener nofollow\">@thehairbros<\/a><\/figcaption><\/figure>\n\n\n\n<p>El cl\u00e1sico corte recto hasta la barbilla sin ning\u00fan extra -capas, flequillo, texturizado- es uno de los estilos m\u00e1s desenfadados y relajados que puedes conseguir. Es m\u00e1s cool cuando es natural, sin mucho estilo.<\/p>\n\n\n\n<h2 class=\"wp-block-heading\">7. Bob franc\u00e9s casta\u00f1o suave<\/h2>\n\n\n\n<figure class=\"wp-block-image size-full\"><div style=\"position: relative;\"><noscript><img loading=\"lazy\" decoding=\"async\" width=\"1080\" height=\"1350\" src=\"https:\/\/flawlesshair.com\/wp-content\/uploads\/2023\/02\/7.-soft-brown-french-bob.jpg\" alt=\"soft brown french bob\" class=\"wp-image-32858\" srcset=\"https:\/\/flawlesshair.com\/wp-content\/uploads\/2023\/02\/7.-soft-brown-french-bob.jpg 1080w, https:\/\/flawlesshair.com\/wp-content\/uploads\/2023\/02\/7.-soft-brown-french-bob-240x300.jpg 240w, https:\/\/flawlesshair.com\/wp-content\/uploads\/2023\/02\/7.-soft-brown-french-bob-768x960.jpg 768w, https:\/\/flawlesshair.com\/wp-content\/uploads\/2023\/02\/7.-soft-brown-french-bob-10x12.jpg 10w, https:\/\/flawlesshair.com\/wp-content\/uploads\/2023\/02\/7.-soft-brown-french-bob-864x1080.jpg 864w, https:\/\/flawlesshair.com\/wp-content\/uploads\/2023\/02\/7.-soft-brown-french-bob-960x1200.jpg 960w, https:\/\/flawlesshair.com\/wp-content\/uploads\/2023\/02\/7.-soft-brown-french-bob-150x188.jpg 150w\" sizes=\"auto, (max-width: 760px) calc(100vw - 24px), 720px\"><\/noscript><img loading=\"lazy\" decoding=\"async\" width=\"1080\" height=\"1350\" src=\"https:\/\/flawlesshair.com\/wp-content\/uploads\/2023\/02\/7.-soft-brown-french-bob.jpg\" alt=\"soft brown french bob\" class=\"wp-image-32858 lazyload\" srcset=\"https:\/\/flawlesshair.com\/wp-content\/uploads\/2023\/02\/7.-soft-brown-french-bob.jpg 1080w, https:\/\/flawlesshair.com\/wp-content\/uploads\/2023\/02\/7.-soft-brown-french-bob-240x300.jpg 240w, https:\/\/flawlesshair.com\/wp-content\/uploads\/2023\/02\/7.-soft-brown-french-bob-768x960.jpg 768w, https:\/\/flawlesshair.com\/wp-content\/uploads\/2023\/02\/7.-soft-brown-french-bob-10x12.jpg 10w, https:\/\/flawlesshair.com\/wp-content\/uploads\/2023\/02\/7.-soft-brown-french-bob-864x1080.jpg 864w, https:\/\/flawlesshair.com\/wp-content\/uploads\/2023\/02\/7.-soft-brown-french-bob-960x1200.jpg 960w, https:\/\/flawlesshair.com\/wp-content\/uploads\/2023\/02\/7.-soft-brown-french-bob-150x188.jpg 150w\" sizes=\"auto, (max-width: 760px) calc(100vw - 24px), 720px\" data-pin-media=\"https:\/\/flawlesshair.com\/wp-content\/uploads\/2023\/02\/7.-soft-brown-french-bob.jpg\" id=\"mv-trellis-img-7\" data-trellis-processed=\"1\"><div style=\"position: absolute; top: 0.5rem; right: 0.75rem;\"> <a href=\"https:\/\/www.pinterest.com\/pin\/create\/button\/\" data-pin-do=\"buttonPin\" data-pin-tall=\"true\" data-pin-url=\"https:\/\/flawlesshair.com\/es\/pelo-castano-corto\/\" data-pin-media=\"https:\/\/flawlesshair.com\/wp-content\/uploads\/2023\/02\/7.-soft-brown-french-bob.jpg\" data-pin-description=\"40 Ways To Wear Short Brown Hair In 2025\" rel=\"nofollow noopener\" target=\"_blank\"> <\/a><\/div><\/div><figcaption class=\"wp-element-caption\"><a href=\"https:\/\/www.instagram.com\/yokeplymouth\/\" target=\"_blank\" rel=\"noreferrer noopener nofollow\">@yokeplymouth<\/a><\/figcaption><\/figure>\n\n\n\n<p>El pelo casta\u00f1o chocolate combina a la perfecci\u00f3n con un <a href=\"https:\/\/flawlesshair.com\/es\/bob-a-la-francesa\/\">Bob franc\u00e9s<\/a>-ambos son sencillos y bonitos, y siempre evocan una sensaci\u00f3n de romanticismo.<\/p>\n\n\n\n<h2 class=\"wp-block-heading\">8. Corte de pelo Pixie casta\u00f1o muy corto<\/h2>\n\n\n\n<figure class=\"wp-block-image size-full\"><div style=\"position: relative;\"><noscript><img loading=\"lazy\" decoding=\"async\" width=\"1080\" height=\"1350\" src=\"https:\/\/flawlesshair.com\/wp-content\/uploads\/2023\/02\/8.-very-short-brown-pixie-haircut.jpeg\" alt=\"corte de pelo pixie casta\u00f1o muy corto\" class=\"wp-image-32859\" srcset=\"https:\/\/flawlesshair.com\/wp-content\/uploads\/2023\/02\/8.-very-short-brown-pixie-haircut.jpeg 1080w, https:\/\/flawlesshair.com\/wp-content\/uploads\/2023\/02\/8.-very-short-brown-pixie-haircut-240x300.jpeg 240w, https:\/\/flawlesshair.com\/wp-content\/uploads\/2023\/02\/8.-very-short-brown-pixie-haircut-768x960.jpeg 768w, https:\/\/flawlesshair.com\/wp-content\/uploads\/2023\/02\/8.-very-short-brown-pixie-haircut-10x12.jpeg 10w, https:\/\/flawlesshair.com\/wp-content\/uploads\/2023\/02\/8.-very-short-brown-pixie-haircut-864x1080.jpeg 864w, https:\/\/flawlesshair.com\/wp-content\/uploads\/2023\/02\/8.-very-short-brown-pixie-haircut-960x1200.jpeg 960w, https:\/\/flawlesshair.com\/wp-content\/uploads\/2023\/02\/8.-very-short-brown-pixie-haircut-150x188.jpeg 150w\" sizes=\"auto, (max-width: 760px) calc(100vw - 24px), 720px\"><\/noscript><img loading=\"lazy\" decoding=\"async\" width=\"1080\" height=\"1350\" src=\"https:\/\/flawlesshair.com\/wp-content\/uploads\/2023\/02\/8.-very-short-brown-pixie-haircut.jpeg\" alt=\"corte de pelo pixie casta\u00f1o muy corto\" class=\"wp-image-32859 lazyload\" srcset=\"https:\/\/flawlesshair.com\/wp-content\/uploads\/2023\/02\/8.-very-short-brown-pixie-haircut.jpeg 1080w, https:\/\/flawlesshair.com\/wp-content\/uploads\/2023\/02\/8.-very-short-brown-pixie-haircut-240x300.jpeg 240w, https:\/\/flawlesshair.com\/wp-content\/uploads\/2023\/02\/8.-very-short-brown-pixie-haircut-768x960.jpeg 768w, https:\/\/flawlesshair.com\/wp-content\/uploads\/2023\/02\/8.-very-short-brown-pixie-haircut-10x12.jpeg 10w, https:\/\/flawlesshair.com\/wp-content\/uploads\/2023\/02\/8.-very-short-brown-pixie-haircut-864x1080.jpeg 864w, https:\/\/flawlesshair.com\/wp-content\/uploads\/2023\/02\/8.-very-short-brown-pixie-haircut-960x1200.jpeg 960w, https:\/\/flawlesshair.com\/wp-content\/uploads\/2023\/02\/8.-very-short-brown-pixie-haircut-150x188.jpeg 150w\" sizes=\"auto, (max-width: 760px) calc(100vw - 24px), 720px\" data-pin-media=\"https:\/\/flawlesshair.com\/wp-content\/uploads\/2023\/02\/8.-very-short-brown-pixie-haircut.jpeg\" id=\"mv-trellis-img-8\" data-trellis-processed=\"1\"><div style=\"position: absolute; top: 0.5rem; right: 0.75rem;\"> <a href=\"https:\/\/www.pinterest.com\/pin\/create\/button\/\" data-pin-do=\"buttonPin\" data-pin-tall=\"true\" data-pin-url=\"https:\/\/flawlesshair.com\/es\/pelo-castano-corto\/\" data-pin-media=\"https:\/\/flawlesshair.com\/wp-content\/uploads\/2023\/02\/8.-very-short-brown-pixie-haircut.jpeg\" data-pin-description=\"40 Ways To Wear Short Brown Hair In 2025\" rel=\"nofollow noopener\" target=\"_blank\"> <\/a><\/div><\/div><figcaption class=\"wp-element-caption\"><a href=\"https:\/\/www.instagram.com\/christinakiesewetter_\/\" target=\"_blank\" rel=\"noreferrer noopener nofollow\">@christinakiesewetter_<\/a><\/figcaption><\/figure>\n\n\n\n<p>Qu\u00e9 bonito es este corte de duendecillo casta\u00f1o avellana claro. El color no sobrecarga el corte, sino que lo convierte en el centro de atenci\u00f3n del peinado.<\/p>\n\n\n\n<h2 class=\"wp-block-heading\">9. Pelo corto oscuro<\/h2>\n\n\n\n<figure class=\"wp-block-image size-full\"><div style=\"position: relative;\"><noscript><img loading=\"lazy\" decoding=\"async\" width=\"1080\" height=\"1217\" src=\"https:\/\/flawlesshair.com\/wp-content\/uploads\/2023\/02\/9.-choppy-short-dark-hair.jpg\" alt=\"pelo corto oscuro\" class=\"wp-image-32860\" srcset=\"https:\/\/flawlesshair.com\/wp-content\/uploads\/2023\/02\/9.-choppy-short-dark-hair.jpg 1080w, https:\/\/flawlesshair.com\/wp-content\/uploads\/2023\/02\/9.-choppy-short-dark-hair-266x300.jpg 266w, https:\/\/flawlesshair.com\/wp-content\/uploads\/2023\/02\/9.-choppy-short-dark-hair-768x865.jpg 768w, https:\/\/flawlesshair.com\/wp-content\/uploads\/2023\/02\/9.-choppy-short-dark-hair-11x12.jpg 11w, https:\/\/flawlesshair.com\/wp-content\/uploads\/2023\/02\/9.-choppy-short-dark-hair-852x960.jpg 852w, https:\/\/flawlesshair.com\/wp-content\/uploads\/2023\/02\/9.-choppy-short-dark-hair-958x1080.jpg 958w, https:\/\/flawlesshair.com\/wp-content\/uploads\/2023\/02\/9.-choppy-short-dark-hair-1065x1200.jpg 1065w, https:\/\/flawlesshair.com\/wp-content\/uploads\/2023\/02\/9.-choppy-short-dark-hair-150x169.jpg 150w\" sizes=\"auto, (max-width: 760px) calc(100vw - 24px), 720px\"><\/noscript><img loading=\"lazy\" decoding=\"async\" width=\"1080\" height=\"1217\" src=\"https:\/\/flawlesshair.com\/wp-content\/uploads\/2023\/02\/9.-choppy-short-dark-hair.jpg\" alt=\"pelo corto oscuro\" class=\"wp-image-32860 lazyload\" srcset=\"https:\/\/flawlesshair.com\/wp-content\/uploads\/2023\/02\/9.-choppy-short-dark-hair.jpg 1080w, https:\/\/flawlesshair.com\/wp-content\/uploads\/2023\/02\/9.-choppy-short-dark-hair-266x300.jpg 266w, https:\/\/flawlesshair.com\/wp-content\/uploads\/2023\/02\/9.-choppy-short-dark-hair-768x865.jpg 768w, https:\/\/flawlesshair.com\/wp-content\/uploads\/2023\/02\/9.-choppy-short-dark-hair-11x12.jpg 11w, https:\/\/flawlesshair.com\/wp-content\/uploads\/2023\/02\/9.-choppy-short-dark-hair-852x960.jpg 852w, https:\/\/flawlesshair.com\/wp-content\/uploads\/2023\/02\/9.-choppy-short-dark-hair-958x1080.jpg 958w, https:\/\/flawlesshair.com\/wp-content\/uploads\/2023\/02\/9.-choppy-short-dark-hair-1065x1200.jpg 1065w, https:\/\/flawlesshair.com\/wp-content\/uploads\/2023\/02\/9.-choppy-short-dark-hair-150x169.jpg 150w\" sizes=\"auto, (max-width: 760px) calc(100vw - 24px), 720px\" data-pin-media=\"https:\/\/flawlesshair.com\/wp-content\/uploads\/2023\/02\/9.-choppy-short-dark-hair.jpg\" id=\"mv-trellis-img-9\" data-trellis-processed=\"1\"><div style=\"position: absolute; top: 0.5rem; right: 0.75rem;\"> <a href=\"https:\/\/www.pinterest.com\/pin\/create\/button\/\" data-pin-do=\"buttonPin\" data-pin-tall=\"true\" data-pin-url=\"https:\/\/flawlesshair.com\/es\/pelo-castano-corto\/\" data-pin-media=\"https:\/\/flawlesshair.com\/wp-content\/uploads\/2023\/02\/9.-choppy-short-dark-hair.jpg\" data-pin-description=\"40 Ways To Wear Short Brown Hair In 2025\" rel=\"nofollow noopener\" target=\"_blank\"> <\/a><\/div><\/div><figcaption class=\"wp-element-caption\"><a href=\"https:\/\/www.instagram.com\/marco_firriolo\/\" target=\"_blank\" rel=\"noreferrer noopener nofollow\">@marco_firriolo<\/a><\/figcaption><\/figure>\n\n\n\n<p>Si quieres enmarcar la cara, no necesitas el pelo largo. Este <a href=\"https:\/\/flawlesshair.com\/es\/cortes-de-pelo-cortos\/\">peinado corto entrecortado<\/a> lo tiene todo: desde el color excepcionalmente favorecedor hasta las capas desgre\u00f1adas y los flecos.<\/p>\n\n\n\n<h2 class=\"wp-block-heading\">10. Pelo casta\u00f1o corto a capas<\/h2>\n\n\n\n<figure class=\"wp-block-image size-full\"><div style=\"position: relative;\"><noscript><img loading=\"lazy\" decoding=\"async\" width=\"1080\" height=\"1080\" src=\"https:\/\/flawlesshair.com\/wp-content\/uploads\/2023\/02\/10.-short-layered-brown-hair.jpg\" alt=\"pelo casta\u00f1o corto a capas\" class=\"wp-image-32861\" srcset=\"https:\/\/flawlesshair.com\/wp-content\/uploads\/2023\/02\/10.-short-layered-brown-hair.jpg 1080w, https:\/\/flawlesshair.com\/wp-content\/uploads\/2023\/02\/10.-short-layered-brown-hair-300x300.jpg 300w, https:\/\/flawlesshair.com\/wp-content\/uploads\/2023\/02\/10.-short-layered-brown-hair-150x150.jpg 150w, https:\/\/flawlesshair.com\/wp-content\/uploads\/2023\/02\/10.-short-layered-brown-hair-768x768.jpg 768w, https:\/\/flawlesshair.com\/wp-content\/uploads\/2023\/02\/10.-short-layered-brown-hair-12x12.jpg 12w, https:\/\/flawlesshair.com\/wp-content\/uploads\/2023\/02\/10.-short-layered-brown-hair-728x728.jpg 728w, https:\/\/flawlesshair.com\/wp-content\/uploads\/2023\/02\/10.-short-layered-brown-hair-960x960.jpg 960w, https:\/\/flawlesshair.com\/wp-content\/uploads\/2023\/02\/10.-short-layered-brown-hair-96x96.jpg 96w\" sizes=\"auto, (max-width: 760px) calc(100vw - 24px), 720px\"><\/noscript><img loading=\"lazy\" decoding=\"async\" width=\"1080\" height=\"1080\" src=\"https:\/\/flawlesshair.com\/wp-content\/uploads\/2023\/02\/10.-short-layered-brown-hair.jpg\" alt=\"pelo casta\u00f1o corto a capas\" class=\"wp-image-32861 lazyload\" srcset=\"https:\/\/flawlesshair.com\/wp-content\/uploads\/2023\/02\/10.-short-layered-brown-hair.jpg 1080w, https:\/\/flawlesshair.com\/wp-content\/uploads\/2023\/02\/10.-short-layered-brown-hair-300x300.jpg 300w, https:\/\/flawlesshair.com\/wp-content\/uploads\/2023\/02\/10.-short-layered-brown-hair-150x150.jpg 150w, https:\/\/flawlesshair.com\/wp-content\/uploads\/2023\/02\/10.-short-layered-brown-hair-768x768.jpg 768w, https:\/\/flawlesshair.com\/wp-content\/uploads\/2023\/02\/10.-short-layered-brown-hair-12x12.jpg 12w, https:\/\/flawlesshair.com\/wp-content\/uploads\/2023\/02\/10.-short-layered-brown-hair-728x728.jpg 728w, https:\/\/flawlesshair.com\/wp-content\/uploads\/2023\/02\/10.-short-layered-brown-hair-960x960.jpg 960w, https:\/\/flawlesshair.com\/wp-content\/uploads\/2023\/02\/10.-short-layered-brown-hair-96x96.jpg 96w\" sizes=\"auto, (max-width: 760px) calc(100vw - 24px), 720px\" data-pin-media=\"https:\/\/flawlesshair.com\/wp-content\/uploads\/2023\/02\/10.-short-layered-brown-hair.jpg\" id=\"mv-trellis-img-10\" data-trellis-processed=\"1\"><div style=\"position: absolute; top: 0.5rem; right: 0.75rem;\"> <a href=\"https:\/\/www.pinterest.com\/pin\/create\/button\/\" data-pin-do=\"buttonPin\" data-pin-tall=\"true\" data-pin-url=\"https:\/\/flawlesshair.com\/es\/pelo-castano-corto\/\" data-pin-media=\"https:\/\/flawlesshair.com\/wp-content\/uploads\/2023\/02\/10.-short-layered-brown-hair.jpg\" data-pin-description=\"40 Ways To Wear Short Brown Hair In 2025\" rel=\"nofollow noopener\" target=\"_blank\"> <\/a><\/div><\/div><figcaption class=\"wp-element-caption\"><a href=\"https:\/\/www.instagram.com\/naracadiff\/\" target=\"_blank\" rel=\"noreferrer noopener nofollow\">@naracadiff<\/a><\/figcaption><\/figure>\n\n\n\n<p>Las mechas sutiles pueden utilizarse para aportar dimensi\u00f3n y movimiento a un corte de pelo, y funcionan especialmente bien con tonos casta\u00f1os porque el efecto creado es muy natural.<\/p>\n\n\n\n<h2 class=\"wp-block-heading\">11. Pelo Casta\u00f1o Choppy Lob<\/h2>\n\n\n\n<figure class=\"wp-block-image size-full\"><div style=\"position: relative;\"><noscript><img loading=\"lazy\" decoding=\"async\" width=\"1440\" height=\"1440\" src=\"https:\/\/flawlesshair.com\/wp-content\/uploads\/2023\/02\/11.-brown-hair-choppy-lob.jpg\" alt=\"pelo casta\u00f1o lob choppy\" class=\"wp-image-32862\" srcset=\"https:\/\/flawlesshair.com\/wp-content\/uploads\/2023\/02\/11.-brown-hair-choppy-lob.jpg 1440w, https:\/\/flawlesshair.com\/wp-content\/uploads\/2023\/02\/11.-brown-hair-choppy-lob-300x300.jpg 300w, https:\/\/flawlesshair.com\/wp-content\/uploads\/2023\/02\/11.-brown-hair-choppy-lob-150x150.jpg 150w, https:\/\/flawlesshair.com\/wp-content\/uploads\/2023\/02\/11.-brown-hair-choppy-lob-768x768.jpg 768w, https:\/\/flawlesshair.com\/wp-content\/uploads\/2023\/02\/11.-brown-hair-choppy-lob-12x12.jpg 12w, https:\/\/flawlesshair.com\/wp-content\/uploads\/2023\/02\/11.-brown-hair-choppy-lob-728x728.jpg 728w, https:\/\/flawlesshair.com\/wp-content\/uploads\/2023\/02\/11.-brown-hair-choppy-lob-960x960.jpg 960w, https:\/\/flawlesshair.com\/wp-content\/uploads\/2023\/02\/11.-brown-hair-choppy-lob-1080x1080.jpg 1080w, https:\/\/flawlesshair.com\/wp-content\/uploads\/2023\/02\/11.-brown-hair-choppy-lob-1200x1200.jpg 1200w, https:\/\/flawlesshair.com\/wp-content\/uploads\/2023\/02\/11.-brown-hair-choppy-lob-96x96.jpg 96w\" sizes=\"auto, (max-width: 760px) calc(100vw - 24px), 720px\"><\/noscript><img loading=\"lazy\" decoding=\"async\" width=\"1440\" height=\"1440\" src=\"https:\/\/flawlesshair.com\/wp-content\/uploads\/2023\/02\/11.-brown-hair-choppy-lob.jpg\" alt=\"pelo casta\u00f1o lob choppy\" class=\"wp-image-32862 lazyload\" srcset=\"https:\/\/flawlesshair.com\/wp-content\/uploads\/2023\/02\/11.-brown-hair-choppy-lob.jpg 1440w, https:\/\/flawlesshair.com\/wp-content\/uploads\/2023\/02\/11.-brown-hair-choppy-lob-300x300.jpg 300w, https:\/\/flawlesshair.com\/wp-content\/uploads\/2023\/02\/11.-brown-hair-choppy-lob-150x150.jpg 150w, https:\/\/flawlesshair.com\/wp-content\/uploads\/2023\/02\/11.-brown-hair-choppy-lob-768x768.jpg 768w, https:\/\/flawlesshair.com\/wp-content\/uploads\/2023\/02\/11.-brown-hair-choppy-lob-12x12.jpg 12w, https:\/\/flawlesshair.com\/wp-content\/uploads\/2023\/02\/11.-brown-hair-choppy-lob-728x728.jpg 728w, https:\/\/flawlesshair.com\/wp-content\/uploads\/2023\/02\/11.-brown-hair-choppy-lob-960x960.jpg 960w, https:\/\/flawlesshair.com\/wp-content\/uploads\/2023\/02\/11.-brown-hair-choppy-lob-1080x1080.jpg 1080w, https:\/\/flawlesshair.com\/wp-content\/uploads\/2023\/02\/11.-brown-hair-choppy-lob-1200x1200.jpg 1200w, https:\/\/flawlesshair.com\/wp-content\/uploads\/2023\/02\/11.-brown-hair-choppy-lob-96x96.jpg 96w\" sizes=\"auto, (max-width: 760px) calc(100vw - 24px), 720px\" data-pin-media=\"https:\/\/flawlesshair.com\/wp-content\/uploads\/2023\/02\/11.-brown-hair-choppy-lob.jpg\" id=\"mv-trellis-img-11\" data-trellis-processed=\"1\"><div style=\"position: absolute; top: 0.5rem; right: 0.75rem;\"> <a href=\"https:\/\/www.pinterest.com\/pin\/create\/button\/\" data-pin-do=\"buttonPin\" data-pin-tall=\"true\" data-pin-url=\"https:\/\/flawlesshair.com\/es\/pelo-castano-corto\/\" data-pin-media=\"https:\/\/flawlesshair.com\/wp-content\/uploads\/2023\/02\/11.-brown-hair-choppy-lob.jpg\" data-pin-description=\"40 Ways To Wear Short Brown Hair In 2025\" rel=\"nofollow noopener\" target=\"_blank\"> <\/a><\/div><\/div><figcaption class=\"wp-element-caption\"><a href=\"https:\/\/www.instagram.com\/ashleyantoinebeauty\/\" target=\"_blank\" rel=\"noreferrer noopener nofollow\">@ashleyantoinebeauty<\/a><\/figcaption><\/figure>\n\n\n\n<p>Abrazar tu color de pelo natural es f\u00e1cil cuando es un casta\u00f1o chocolate tan precioso. Los tonos casta\u00f1os oscuros no necesitan mucho trabajo para lucir elegantes y llamativos.<\/p>\n\n\n\n<h2 class=\"wp-block-heading\">12. Mech\u00f3n esponjoso redondeado<\/h2>\n\n\n\n<figure class=\"wp-block-image size-full\"><div style=\"position: relative;\"><noscript><img loading=\"lazy\" decoding=\"async\" width=\"1440\" height=\"1440\" src=\"https:\/\/flawlesshair.com\/wp-content\/uploads\/2023\/02\/12.-fluffy-rounded-lob.jpg\" alt=\"mullido l\u00f3bulo redondeado\" class=\"wp-image-32863\" srcset=\"https:\/\/flawlesshair.com\/wp-content\/uploads\/2023\/02\/12.-fluffy-rounded-lob.jpg 1440w, https:\/\/flawlesshair.com\/wp-content\/uploads\/2023\/02\/12.-fluffy-rounded-lob-300x300.jpg 300w, https:\/\/flawlesshair.com\/wp-content\/uploads\/2023\/02\/12.-fluffy-rounded-lob-150x150.jpg 150w, https:\/\/flawlesshair.com\/wp-content\/uploads\/2023\/02\/12.-fluffy-rounded-lob-768x768.jpg 768w, https:\/\/flawlesshair.com\/wp-content\/uploads\/2023\/02\/12.-fluffy-rounded-lob-12x12.jpg 12w, https:\/\/flawlesshair.com\/wp-content\/uploads\/2023\/02\/12.-fluffy-rounded-lob-728x728.jpg 728w, https:\/\/flawlesshair.com\/wp-content\/uploads\/2023\/02\/12.-fluffy-rounded-lob-960x960.jpg 960w, https:\/\/flawlesshair.com\/wp-content\/uploads\/2023\/02\/12.-fluffy-rounded-lob-1080x1080.jpg 1080w, https:\/\/flawlesshair.com\/wp-content\/uploads\/2023\/02\/12.-fluffy-rounded-lob-1200x1200.jpg 1200w, https:\/\/flawlesshair.com\/wp-content\/uploads\/2023\/02\/12.-fluffy-rounded-lob-96x96.jpg 96w\" sizes=\"auto, (max-width: 760px) calc(100vw - 24px), 720px\"><\/noscript><img loading=\"lazy\" decoding=\"async\" width=\"1440\" height=\"1440\" src=\"https:\/\/flawlesshair.com\/wp-content\/uploads\/2023\/02\/12.-fluffy-rounded-lob.jpg\" alt=\"mullido l\u00f3bulo redondeado\" class=\"wp-image-32863 lazyload\" srcset=\"https:\/\/flawlesshair.com\/wp-content\/uploads\/2023\/02\/12.-fluffy-rounded-lob.jpg 1440w, https:\/\/flawlesshair.com\/wp-content\/uploads\/2023\/02\/12.-fluffy-rounded-lob-300x300.jpg 300w, https:\/\/flawlesshair.com\/wp-content\/uploads\/2023\/02\/12.-fluffy-rounded-lob-150x150.jpg 150w, https:\/\/flawlesshair.com\/wp-content\/uploads\/2023\/02\/12.-fluffy-rounded-lob-768x768.jpg 768w, https:\/\/flawlesshair.com\/wp-content\/uploads\/2023\/02\/12.-fluffy-rounded-lob-12x12.jpg 12w, https:\/\/flawlesshair.com\/wp-content\/uploads\/2023\/02\/12.-fluffy-rounded-lob-728x728.jpg 728w, https:\/\/flawlesshair.com\/wp-content\/uploads\/2023\/02\/12.-fluffy-rounded-lob-960x960.jpg 960w, https:\/\/flawlesshair.com\/wp-content\/uploads\/2023\/02\/12.-fluffy-rounded-lob-1080x1080.jpg 1080w, https:\/\/flawlesshair.com\/wp-content\/uploads\/2023\/02\/12.-fluffy-rounded-lob-1200x1200.jpg 1200w, https:\/\/flawlesshair.com\/wp-content\/uploads\/2023\/02\/12.-fluffy-rounded-lob-96x96.jpg 96w\" sizes=\"auto, (max-width: 760px) calc(100vw - 24px), 720px\" data-pin-media=\"https:\/\/flawlesshair.com\/wp-content\/uploads\/2023\/02\/12.-fluffy-rounded-lob.jpg\" id=\"mv-trellis-img-12\" data-trellis-processed=\"1\"><div style=\"position: absolute; top: 0.5rem; right: 0.75rem;\"> <a href=\"https:\/\/www.pinterest.com\/pin\/create\/button\/\" data-pin-do=\"buttonPin\" data-pin-tall=\"true\" data-pin-url=\"https:\/\/flawlesshair.com\/es\/pelo-castano-corto\/\" data-pin-media=\"https:\/\/flawlesshair.com\/wp-content\/uploads\/2023\/02\/12.-fluffy-rounded-lob.jpg\" data-pin-description=\"40 Ways To Wear Short Brown Hair In 2025\" rel=\"nofollow noopener\" target=\"_blank\"> <\/a><\/div><\/div><figcaption class=\"wp-element-caption\"><a href=\"https:\/\/www.instagram.com\/chrisgreenehair\/\" target=\"_blank\" rel=\"noreferrer noopener nofollow\">@chrisgreenehair<\/a><\/figcaption><\/figure>\n\n\n\n<p>Las babylights en color canela iluminan este bob retro redondeado, aport\u00e1ndole ligereza y suavidad. Se a\u00f1ade un tono a\u00fan m\u00e1s claro alrededor de la cara para iluminar los rasgos.<\/p>\n\n\n\n<h2 class=\"wp-block-heading\">13. Pelo casta\u00f1o corto con mechas<\/h2>\n\n\n\n<figure class=\"wp-block-image size-full\"><div style=\"position: relative;\"><noscript><img loading=\"lazy\" decoding=\"async\" width=\"1440\" height=\"1440\" src=\"https:\/\/flawlesshair.com\/wp-content\/uploads\/2023\/02\/13.-short-brown-hair-with-highlights.jpg\" alt=\"pelo corto casta\u00f1o con mechas\" class=\"wp-image-32864\" srcset=\"https:\/\/flawlesshair.com\/wp-content\/uploads\/2023\/02\/13.-short-brown-hair-with-highlights.jpg 1440w, https:\/\/flawlesshair.com\/wp-content\/uploads\/2023\/02\/13.-short-brown-hair-with-highlights-300x300.jpg 300w, https:\/\/flawlesshair.com\/wp-content\/uploads\/2023\/02\/13.-short-brown-hair-with-highlights-150x150.jpg 150w, https:\/\/flawlesshair.com\/wp-content\/uploads\/2023\/02\/13.-short-brown-hair-with-highlights-768x768.jpg 768w, https:\/\/flawlesshair.com\/wp-content\/uploads\/2023\/02\/13.-short-brown-hair-with-highlights-12x12.jpg 12w, https:\/\/flawlesshair.com\/wp-content\/uploads\/2023\/02\/13.-short-brown-hair-with-highlights-728x728.jpg 728w, https:\/\/flawlesshair.com\/wp-content\/uploads\/2023\/02\/13.-short-brown-hair-with-highlights-960x960.jpg 960w, https:\/\/flawlesshair.com\/wp-content\/uploads\/2023\/02\/13.-short-brown-hair-with-highlights-1080x1080.jpg 1080w, https:\/\/flawlesshair.com\/wp-content\/uploads\/2023\/02\/13.-short-brown-hair-with-highlights-1200x1200.jpg 1200w, https:\/\/flawlesshair.com\/wp-content\/uploads\/2023\/02\/13.-short-brown-hair-with-highlights-96x96.jpg 96w\" sizes=\"auto, (max-width: 760px) calc(100vw - 24px), 720px\"><\/noscript><img loading=\"lazy\" decoding=\"async\" width=\"1440\" height=\"1440\" src=\"https:\/\/flawlesshair.com\/wp-content\/uploads\/2023\/02\/13.-short-brown-hair-with-highlights.jpg\" alt=\"pelo corto casta\u00f1o con mechas\" class=\"wp-image-32864 lazyload\" srcset=\"https:\/\/flawlesshair.com\/wp-content\/uploads\/2023\/02\/13.-short-brown-hair-with-highlights.jpg 1440w, https:\/\/flawlesshair.com\/wp-content\/uploads\/2023\/02\/13.-short-brown-hair-with-highlights-300x300.jpg 300w, https:\/\/flawlesshair.com\/wp-content\/uploads\/2023\/02\/13.-short-brown-hair-with-highlights-150x150.jpg 150w, https:\/\/flawlesshair.com\/wp-content\/uploads\/2023\/02\/13.-short-brown-hair-with-highlights-768x768.jpg 768w, https:\/\/flawlesshair.com\/wp-content\/uploads\/2023\/02\/13.-short-brown-hair-with-highlights-12x12.jpg 12w, https:\/\/flawlesshair.com\/wp-content\/uploads\/2023\/02\/13.-short-brown-hair-with-highlights-728x728.jpg 728w, https:\/\/flawlesshair.com\/wp-content\/uploads\/2023\/02\/13.-short-brown-hair-with-highlights-960x960.jpg 960w, https:\/\/flawlesshair.com\/wp-content\/uploads\/2023\/02\/13.-short-brown-hair-with-highlights-1080x1080.jpg 1080w, https:\/\/flawlesshair.com\/wp-content\/uploads\/2023\/02\/13.-short-brown-hair-with-highlights-1200x1200.jpg 1200w, https:\/\/flawlesshair.com\/wp-content\/uploads\/2023\/02\/13.-short-brown-hair-with-highlights-96x96.jpg 96w\" sizes=\"auto, (max-width: 760px) calc(100vw - 24px), 720px\" data-pin-media=\"https:\/\/flawlesshair.com\/wp-content\/uploads\/2023\/02\/13.-short-brown-hair-with-highlights.jpg\" id=\"mv-trellis-img-13\" data-trellis-processed=\"1\"><div style=\"position: absolute; top: 0.5rem; right: 0.75rem;\"> <a href=\"https:\/\/www.pinterest.com\/pin\/create\/button\/\" data-pin-do=\"buttonPin\" data-pin-tall=\"true\" data-pin-url=\"https:\/\/flawlesshair.com\/es\/pelo-castano-corto\/\" data-pin-media=\"https:\/\/flawlesshair.com\/wp-content\/uploads\/2023\/02\/13.-short-brown-hair-with-highlights.jpg\" data-pin-description=\"40 Ways To Wear Short Brown Hair In 2025\" rel=\"nofollow noopener\" target=\"_blank\"> <\/a><\/div><\/div><figcaption class=\"wp-element-caption\"><a href=\"https:\/\/www.instagram.com\/chrisgreenehair\/\" target=\"_blank\" rel=\"noreferrer noopener nofollow\">@chrisgreenehair<\/a><\/figcaption><\/figure>\n\n\n\n<p>Si quieres algo de dimensi\u00f3n sin que tu color se centre en las mechas, no te aclares m\u00e1s de un tono o dos y pide las babylights. El color se mezcla mejor que con otras t\u00e9cnicas de coloraci\u00f3n m\u00e1s marcadas y, como los mechones aclarados son m\u00e1s finos, el efecto final es m\u00e1s natural.<\/p>\n\n\n\n<h2 class=\"wp-block-heading\">14. Bob corto con raya al lado<\/h2>\n\n\n\n<figure class=\"wp-block-image size-full\"><div style=\"position: relative;\"><noscript><img loading=\"lazy\" decoding=\"async\" width=\"1080\" height=\"1350\" src=\"https:\/\/flawlesshair.com\/wp-content\/uploads\/2023\/02\/14.-short-bob-with-side-part.jpg\" alt=\"bob corto con raya al lado\" class=\"wp-image-32849\" srcset=\"https:\/\/flawlesshair.com\/wp-content\/uploads\/2023\/02\/14.-short-bob-with-side-part.jpg 1080w, https:\/\/flawlesshair.com\/wp-content\/uploads\/2023\/02\/14.-short-bob-with-side-part-240x300.jpg 240w, https:\/\/flawlesshair.com\/wp-content\/uploads\/2023\/02\/14.-short-bob-with-side-part-768x960.jpg 768w, https:\/\/flawlesshair.com\/wp-content\/uploads\/2023\/02\/14.-short-bob-with-side-part-10x12.jpg 10w, https:\/\/flawlesshair.com\/wp-content\/uploads\/2023\/02\/14.-short-bob-with-side-part-864x1080.jpg 864w, https:\/\/flawlesshair.com\/wp-content\/uploads\/2023\/02\/14.-short-bob-with-side-part-960x1200.jpg 960w, https:\/\/flawlesshair.com\/wp-content\/uploads\/2023\/02\/14.-short-bob-with-side-part-150x188.jpg 150w\" sizes=\"auto, (max-width: 760px) calc(100vw - 24px), 720px\"><\/noscript><img loading=\"lazy\" decoding=\"async\" width=\"1080\" height=\"1350\" src=\"https:\/\/flawlesshair.com\/wp-content\/uploads\/2023\/02\/14.-short-bob-with-side-part.jpg\" alt=\"bob corto con raya al lado\" class=\"wp-image-32849 lazyload\" srcset=\"https:\/\/flawlesshair.com\/wp-content\/uploads\/2023\/02\/14.-short-bob-with-side-part.jpg 1080w, https:\/\/flawlesshair.com\/wp-content\/uploads\/2023\/02\/14.-short-bob-with-side-part-240x300.jpg 240w, https:\/\/flawlesshair.com\/wp-content\/uploads\/2023\/02\/14.-short-bob-with-side-part-768x960.jpg 768w, https:\/\/flawlesshair.com\/wp-content\/uploads\/2023\/02\/14.-short-bob-with-side-part-10x12.jpg 10w, https:\/\/flawlesshair.com\/wp-content\/uploads\/2023\/02\/14.-short-bob-with-side-part-864x1080.jpg 864w, https:\/\/flawlesshair.com\/wp-content\/uploads\/2023\/02\/14.-short-bob-with-side-part-960x1200.jpg 960w, https:\/\/flawlesshair.com\/wp-content\/uploads\/2023\/02\/14.-short-bob-with-side-part-150x188.jpg 150w\" sizes=\"auto, (max-width: 760px) calc(100vw - 24px), 720px\" data-pin-media=\"https:\/\/flawlesshair.com\/wp-content\/uploads\/2023\/02\/14.-short-bob-with-side-part.jpg\" id=\"mv-trellis-img-14\" data-trellis-processed=\"1\"><div style=\"position: absolute; top: 0.5rem; right: 0.75rem;\"> <a href=\"https:\/\/www.pinterest.com\/pin\/create\/button\/\" data-pin-do=\"buttonPin\" data-pin-tall=\"true\" data-pin-url=\"https:\/\/flawlesshair.com\/es\/pelo-castano-corto\/\" data-pin-media=\"https:\/\/flawlesshair.com\/wp-content\/uploads\/2023\/02\/14.-short-bob-with-side-part.jpg\" data-pin-description=\"40 Ways To Wear Short Brown Hair In 2025\" rel=\"nofollow noopener\" target=\"_blank\"> <\/a><\/div><\/div><figcaption class=\"wp-element-caption\"><a href=\"https:\/\/www.instagram.com\/stebunovhair\/\" target=\"_blank\" rel=\"noreferrer noopener nofollow\">@stebunovhair<\/a><\/figcaption><\/figure>\n\n\n\n<p>El pelo por encima de un ojo siempre resulta dram\u00e1tico y coqueto. La raya al lado ni siquiera tiene que ser tan profunda, basta con meter un lado detr\u00e1s de la oreja.<\/p>\n\n\n\n<h2 class=\"wp-block-heading\">15. Brown Hair One Length Bob<\/h2>\n\n\n\n<figure class=\"wp-block-image size-full\"><div style=\"position: relative;\"><noscript><img loading=\"lazy\" decoding=\"async\" width=\"1080\" height=\"1347\" src=\"https:\/\/flawlesshair.com\/wp-content\/uploads\/2023\/02\/15.-brown-hair-one-length-bob.jpg\" alt=\"pelo casta\u00f1o un largo bob\" class=\"wp-image-32866\" srcset=\"https:\/\/flawlesshair.com\/wp-content\/uploads\/2023\/02\/15.-brown-hair-one-length-bob.jpg 1080w, https:\/\/flawlesshair.com\/wp-content\/uploads\/2023\/02\/15.-brown-hair-one-length-bob-241x300.jpg 241w, https:\/\/flawlesshair.com\/wp-content\/uploads\/2023\/02\/15.-brown-hair-one-length-bob-768x958.jpg 768w, https:\/\/flawlesshair.com\/wp-content\/uploads\/2023\/02\/15.-brown-hair-one-length-bob-10x12.jpg 10w, https:\/\/flawlesshair.com\/wp-content\/uploads\/2023\/02\/15.-brown-hair-one-length-bob-770x960.jpg 770w, https:\/\/flawlesshair.com\/wp-content\/uploads\/2023\/02\/15.-brown-hair-one-length-bob-866x1080.jpg 866w, https:\/\/flawlesshair.com\/wp-content\/uploads\/2023\/02\/15.-brown-hair-one-length-bob-962x1200.jpg 962w, https:\/\/flawlesshair.com\/wp-content\/uploads\/2023\/02\/15.-brown-hair-one-length-bob-150x187.jpg 150w\" sizes=\"auto, (max-width: 760px) calc(100vw - 24px), 720px\"><\/noscript><img loading=\"lazy\" decoding=\"async\" width=\"1080\" height=\"1347\" src=\"https:\/\/flawlesshair.com\/wp-content\/uploads\/2023\/02\/15.-brown-hair-one-length-bob.jpg\" alt=\"pelo casta\u00f1o un largo bob\" class=\"wp-image-32866 lazyload\" srcset=\"https:\/\/flawlesshair.com\/wp-content\/uploads\/2023\/02\/15.-brown-hair-one-length-bob.jpg 1080w, https:\/\/flawlesshair.com\/wp-content\/uploads\/2023\/02\/15.-brown-hair-one-length-bob-241x300.jpg 241w, https:\/\/flawlesshair.com\/wp-content\/uploads\/2023\/02\/15.-brown-hair-one-length-bob-768x958.jpg 768w, https:\/\/flawlesshair.com\/wp-content\/uploads\/2023\/02\/15.-brown-hair-one-length-bob-10x12.jpg 10w, https:\/\/flawlesshair.com\/wp-content\/uploads\/2023\/02\/15.-brown-hair-one-length-bob-770x960.jpg 770w, https:\/\/flawlesshair.com\/wp-content\/uploads\/2023\/02\/15.-brown-hair-one-length-bob-866x1080.jpg 866w, https:\/\/flawlesshair.com\/wp-content\/uploads\/2023\/02\/15.-brown-hair-one-length-bob-962x1200.jpg 962w, https:\/\/flawlesshair.com\/wp-content\/uploads\/2023\/02\/15.-brown-hair-one-length-bob-150x187.jpg 150w\" sizes=\"auto, (max-width: 760px) calc(100vw - 24px), 720px\" data-pin-media=\"https:\/\/flawlesshair.com\/wp-content\/uploads\/2023\/02\/15.-brown-hair-one-length-bob.jpg\" id=\"mv-trellis-img-15\" data-trellis-processed=\"1\"><div style=\"position: absolute; top: 0.5rem; right: 0.75rem;\"> <a href=\"https:\/\/www.pinterest.com\/pin\/create\/button\/\" data-pin-do=\"buttonPin\" data-pin-tall=\"true\" data-pin-url=\"https:\/\/flawlesshair.com\/es\/pelo-castano-corto\/\" data-pin-media=\"https:\/\/flawlesshair.com\/wp-content\/uploads\/2023\/02\/15.-brown-hair-one-length-bob.jpg\" data-pin-description=\"40 Ways To Wear Short Brown Hair In 2025\" rel=\"nofollow noopener\" target=\"_blank\"> <\/a><\/div><\/div><figcaption class=\"wp-element-caption\"><a href=\"https:\/\/www.instagram.com\/nothingobvious\/\" target=\"_blank\" rel=\"noreferrer noopener nofollow\">@nadaobvio<\/a><\/figcaption><\/figure>\n\n\n\n<p>Este marr\u00f3n cobrizo <a href=\"https:\/\/flawlesshair.com\/es\/corte-bob-despuntado\/\">bobo romo<\/a> es brillante, moderno y simplemente precioso. Gracias a las capas texturizantes, tambi\u00e9n est\u00e1 lleno de movimiento y rebote.<\/p>\n\n\n\n<h2 class=\"wp-block-heading\">16. Pelo corto casta\u00f1o oscuro con flequillo largo<\/h2>\n\n\n\n<figure class=\"wp-block-image size-full\"><div style=\"position: relative;\"><noscript><img loading=\"lazy\" decoding=\"async\" width=\"1300\" height=\"1300\" src=\"https:\/\/flawlesshair.com\/wp-content\/uploads\/2023\/02\/16.-short-dark-brown-hair-with-long-bangs.jpg\" alt=\"pelo corto casta\u00f1o oscuro con flequillo largo\" class=\"wp-image-32867\" srcset=\"https:\/\/flawlesshair.com\/wp-content\/uploads\/2023\/02\/16.-short-dark-brown-hair-with-long-bangs.jpg 1300w, https:\/\/flawlesshair.com\/wp-content\/uploads\/2023\/02\/16.-short-dark-brown-hair-with-long-bangs-300x300.jpg 300w, https:\/\/flawlesshair.com\/wp-content\/uploads\/2023\/02\/16.-short-dark-brown-hair-with-long-bangs-150x150.jpg 150w, https:\/\/flawlesshair.com\/wp-content\/uploads\/2023\/02\/16.-short-dark-brown-hair-with-long-bangs-768x768.jpg 768w, https:\/\/flawlesshair.com\/wp-content\/uploads\/2023\/02\/16.-short-dark-brown-hair-with-long-bangs-12x12.jpg 12w, https:\/\/flawlesshair.com\/wp-content\/uploads\/2023\/02\/16.-short-dark-brown-hair-with-long-bangs-728x728.jpg 728w, https:\/\/flawlesshair.com\/wp-content\/uploads\/2023\/02\/16.-short-dark-brown-hair-with-long-bangs-960x960.jpg 960w, https:\/\/flawlesshair.com\/wp-content\/uploads\/2023\/02\/16.-short-dark-brown-hair-with-long-bangs-1080x1080.jpg 1080w, https:\/\/flawlesshair.com\/wp-content\/uploads\/2023\/02\/16.-short-dark-brown-hair-with-long-bangs-1200x1200.jpg 1200w, https:\/\/flawlesshair.com\/wp-content\/uploads\/2023\/02\/16.-short-dark-brown-hair-with-long-bangs-96x96.jpg 96w\" sizes=\"auto, (max-width: 760px) calc(100vw - 24px), 720px\"><\/noscript><img loading=\"lazy\" decoding=\"async\" width=\"1300\" height=\"1300\" src=\"https:\/\/flawlesshair.com\/wp-content\/uploads\/2023\/02\/16.-short-dark-brown-hair-with-long-bangs.jpg\" alt=\"pelo corto casta\u00f1o oscuro con flequillo largo\" class=\"wp-image-32867 lazyload\" srcset=\"https:\/\/flawlesshair.com\/wp-content\/uploads\/2023\/02\/16.-short-dark-brown-hair-with-long-bangs.jpg 1300w, https:\/\/flawlesshair.com\/wp-content\/uploads\/2023\/02\/16.-short-dark-brown-hair-with-long-bangs-300x300.jpg 300w, https:\/\/flawlesshair.com\/wp-content\/uploads\/2023\/02\/16.-short-dark-brown-hair-with-long-bangs-150x150.jpg 150w, https:\/\/flawlesshair.com\/wp-content\/uploads\/2023\/02\/16.-short-dark-brown-hair-with-long-bangs-768x768.jpg 768w, https:\/\/flawlesshair.com\/wp-content\/uploads\/2023\/02\/16.-short-dark-brown-hair-with-long-bangs-12x12.jpg 12w, https:\/\/flawlesshair.com\/wp-content\/uploads\/2023\/02\/16.-short-dark-brown-hair-with-long-bangs-728x728.jpg 728w, https:\/\/flawlesshair.com\/wp-content\/uploads\/2023\/02\/16.-short-dark-brown-hair-with-long-bangs-960x960.jpg 960w, https:\/\/flawlesshair.com\/wp-content\/uploads\/2023\/02\/16.-short-dark-brown-hair-with-long-bangs-1080x1080.jpg 1080w, https:\/\/flawlesshair.com\/wp-content\/uploads\/2023\/02\/16.-short-dark-brown-hair-with-long-bangs-1200x1200.jpg 1200w, https:\/\/flawlesshair.com\/wp-content\/uploads\/2023\/02\/16.-short-dark-brown-hair-with-long-bangs-96x96.jpg 96w\" sizes=\"auto, (max-width: 760px) calc(100vw - 24px), 720px\" data-pin-media=\"https:\/\/flawlesshair.com\/wp-content\/uploads\/2023\/02\/16.-short-dark-brown-hair-with-long-bangs.jpg\" id=\"mv-trellis-img-16\" data-trellis-processed=\"1\"><div style=\"position: absolute; top: 0.5rem; right: 0.75rem;\"> <a href=\"https:\/\/www.pinterest.com\/pin\/create\/button\/\" data-pin-do=\"buttonPin\" data-pin-tall=\"true\" data-pin-url=\"https:\/\/flawlesshair.com\/es\/pelo-castano-corto\/\" data-pin-media=\"https:\/\/flawlesshair.com\/wp-content\/uploads\/2023\/02\/16.-short-dark-brown-hair-with-long-bangs.jpg\" data-pin-description=\"40 Ways To Wear Short Brown Hair In 2025\" rel=\"nofollow noopener\" target=\"_blank\"> <\/a><\/div><\/div><figcaption class=\"wp-element-caption\"><a href=\"https:\/\/www.instagram.com\/mila_kryshchykhina\/\" target=\"_blank\" rel=\"noreferrer noopener nofollow\">@mila_kryshchykhina<\/a><\/figcaption><\/figure>\n\n\n\n<p>El color moca oscuro brillante potencia el factor glam de este voluminoso bixie. Para resultados similares, prueba un s\u00e9rum de brillo.<\/p>\n\n\n\n<h2 class=\"wp-block-heading\">17. Peinado rizado corto moreno<\/h2>\n\n\n\n<figure class=\"wp-block-image size-full\"><div style=\"position: relative;\"><noscript><img loading=\"lazy\" decoding=\"async\" width=\"1440\" height=\"1440\" src=\"https:\/\/flawlesshair.com\/wp-content\/uploads\/2023\/02\/17.-curly-short-brunette-hairstyle.jpg\" alt=\"peinado rizado corto moreno\" class=\"wp-image-32868\" srcset=\"https:\/\/flawlesshair.com\/wp-content\/uploads\/2023\/02\/17.-curly-short-brunette-hairstyle.jpg 1440w, https:\/\/flawlesshair.com\/wp-content\/uploads\/2023\/02\/17.-curly-short-brunette-hairstyle-300x300.jpg 300w, https:\/\/flawlesshair.com\/wp-content\/uploads\/2023\/02\/17.-curly-short-brunette-hairstyle-150x150.jpg 150w, https:\/\/flawlesshair.com\/wp-content\/uploads\/2023\/02\/17.-curly-short-brunette-hairstyle-768x768.jpg 768w, https:\/\/flawlesshair.com\/wp-content\/uploads\/2023\/02\/17.-curly-short-brunette-hairstyle-12x12.jpg 12w, https:\/\/flawlesshair.com\/wp-content\/uploads\/2023\/02\/17.-curly-short-brunette-hairstyle-728x728.jpg 728w, https:\/\/flawlesshair.com\/wp-content\/uploads\/2023\/02\/17.-curly-short-brunette-hairstyle-960x960.jpg 960w, https:\/\/flawlesshair.com\/wp-content\/uploads\/2023\/02\/17.-curly-short-brunette-hairstyle-1080x1080.jpg 1080w, https:\/\/flawlesshair.com\/wp-content\/uploads\/2023\/02\/17.-curly-short-brunette-hairstyle-1200x1200.jpg 1200w, https:\/\/flawlesshair.com\/wp-content\/uploads\/2023\/02\/17.-curly-short-brunette-hairstyle-96x96.jpg 96w\" sizes=\"auto, (max-width: 760px) calc(100vw - 24px), 720px\"><\/noscript><img loading=\"lazy\" decoding=\"async\" width=\"1440\" height=\"1440\" src=\"https:\/\/flawlesshair.com\/wp-content\/uploads\/2023\/02\/17.-curly-short-brunette-hairstyle.jpg\" alt=\"peinado rizado corto moreno\" class=\"wp-image-32868 lazyload\" srcset=\"https:\/\/flawlesshair.com\/wp-content\/uploads\/2023\/02\/17.-curly-short-brunette-hairstyle.jpg 1440w, https:\/\/flawlesshair.com\/wp-content\/uploads\/2023\/02\/17.-curly-short-brunette-hairstyle-300x300.jpg 300w, https:\/\/flawlesshair.com\/wp-content\/uploads\/2023\/02\/17.-curly-short-brunette-hairstyle-150x150.jpg 150w, https:\/\/flawlesshair.com\/wp-content\/uploads\/2023\/02\/17.-curly-short-brunette-hairstyle-768x768.jpg 768w, https:\/\/flawlesshair.com\/wp-content\/uploads\/2023\/02\/17.-curly-short-brunette-hairstyle-12x12.jpg 12w, https:\/\/flawlesshair.com\/wp-content\/uploads\/2023\/02\/17.-curly-short-brunette-hairstyle-728x728.jpg 728w, https:\/\/flawlesshair.com\/wp-content\/uploads\/2023\/02\/17.-curly-short-brunette-hairstyle-960x960.jpg 960w, https:\/\/flawlesshair.com\/wp-content\/uploads\/2023\/02\/17.-curly-short-brunette-hairstyle-1080x1080.jpg 1080w, https:\/\/flawlesshair.com\/wp-content\/uploads\/2023\/02\/17.-curly-short-brunette-hairstyle-1200x1200.jpg 1200w, https:\/\/flawlesshair.com\/wp-content\/uploads\/2023\/02\/17.-curly-short-brunette-hairstyle-96x96.jpg 96w\" sizes=\"auto, (max-width: 760px) calc(100vw - 24px), 720px\" data-pin-media=\"https:\/\/flawlesshair.com\/wp-content\/uploads\/2023\/02\/17.-curly-short-brunette-hairstyle.jpg\" id=\"mv-trellis-img-17\" data-trellis-processed=\"1\"><div style=\"position: absolute; top: 0.5rem; right: 0.75rem;\"> <a href=\"https:\/\/www.pinterest.com\/pin\/create\/button\/\" data-pin-do=\"buttonPin\" data-pin-tall=\"true\" data-pin-url=\"https:\/\/flawlesshair.com\/es\/pelo-castano-corto\/\" data-pin-media=\"https:\/\/flawlesshair.com\/wp-content\/uploads\/2023\/02\/17.-curly-short-brunette-hairstyle.jpg\" data-pin-description=\"40 Ways To Wear Short Brown Hair In 2025\" rel=\"nofollow noopener\" target=\"_blank\"> <\/a><\/div><\/div><figcaption class=\"wp-element-caption\"><a href=\"https:\/\/www.instagram.com\/ashleyantoinebeauty\/\" target=\"_blank\" rel=\"noreferrer noopener nofollow\">@ashleyantoinebeauty<\/a><\/figcaption><\/figure>\n\n\n\n<p>Los t\u00f3nicos capilares realzan el color y aumentan el brillo de tu pelo, y no son s\u00f3lo para rubias. Refresca tu tono casta\u00f1o oscuro con un producto tonificante para morenas. <\/p>\n\n\n\n<h2 class=\"wp-block-heading\">18. Pixie largo para el pelo grueso<\/h2>\n\n\n\n<figure class=\"wp-block-image size-full\"><div style=\"position: relative;\"><noscript><img loading=\"lazy\" decoding=\"async\" width=\"1080\" height=\"1337\" src=\"https:\/\/flawlesshair.com\/wp-content\/uploads\/2023\/02\/18.-long-pixie-for-thick-hair.jpg\" alt=\"pixie largo para pelo grueso\" class=\"wp-image-32869\" srcset=\"https:\/\/flawlesshair.com\/wp-content\/uploads\/2023\/02\/18.-long-pixie-for-thick-hair.jpg 1080w, https:\/\/flawlesshair.com\/wp-content\/uploads\/2023\/02\/18.-long-pixie-for-thick-hair-242x300.jpg 242w, https:\/\/flawlesshair.com\/wp-content\/uploads\/2023\/02\/18.-long-pixie-for-thick-hair-768x951.jpg 768w, https:\/\/flawlesshair.com\/wp-content\/uploads\/2023\/02\/18.-long-pixie-for-thick-hair-10x12.jpg 10w, https:\/\/flawlesshair.com\/wp-content\/uploads\/2023\/02\/18.-long-pixie-for-thick-hair-775x960.jpg 775w, https:\/\/flawlesshair.com\/wp-content\/uploads\/2023\/02\/18.-long-pixie-for-thick-hair-872x1080.jpg 872w, https:\/\/flawlesshair.com\/wp-content\/uploads\/2023\/02\/18.-long-pixie-for-thick-hair-969x1200.jpg 969w, https:\/\/flawlesshair.com\/wp-content\/uploads\/2023\/02\/18.-long-pixie-for-thick-hair-150x186.jpg 150w\" sizes=\"auto, (max-width: 760px) calc(100vw - 24px), 720px\"><\/noscript><img loading=\"lazy\" decoding=\"async\" width=\"1080\" height=\"1337\" src=\"https:\/\/flawlesshair.com\/wp-content\/uploads\/2023\/02\/18.-long-pixie-for-thick-hair.jpg\" alt=\"pixie largo para pelo grueso\" class=\"wp-image-32869 lazyload\" srcset=\"https:\/\/flawlesshair.com\/wp-content\/uploads\/2023\/02\/18.-long-pixie-for-thick-hair.jpg 1080w, https:\/\/flawlesshair.com\/wp-content\/uploads\/2023\/02\/18.-long-pixie-for-thick-hair-242x300.jpg 242w, https:\/\/flawlesshair.com\/wp-content\/uploads\/2023\/02\/18.-long-pixie-for-thick-hair-768x951.jpg 768w, https:\/\/flawlesshair.com\/wp-content\/uploads\/2023\/02\/18.-long-pixie-for-thick-hair-10x12.jpg 10w, https:\/\/flawlesshair.com\/wp-content\/uploads\/2023\/02\/18.-long-pixie-for-thick-hair-775x960.jpg 775w, https:\/\/flawlesshair.com\/wp-content\/uploads\/2023\/02\/18.-long-pixie-for-thick-hair-872x1080.jpg 872w, https:\/\/flawlesshair.com\/wp-content\/uploads\/2023\/02\/18.-long-pixie-for-thick-hair-969x1200.jpg 969w, https:\/\/flawlesshair.com\/wp-content\/uploads\/2023\/02\/18.-long-pixie-for-thick-hair-150x186.jpg 150w\" sizes=\"auto, (max-width: 760px) calc(100vw - 24px), 720px\" data-pin-media=\"https:\/\/flawlesshair.com\/wp-content\/uploads\/2023\/02\/18.-long-pixie-for-thick-hair.jpg\" id=\"mv-trellis-img-18\" data-trellis-processed=\"1\"><div style=\"position: absolute; top: 0.5rem; right: 0.75rem;\"> <a href=\"https:\/\/www.pinterest.com\/pin\/create\/button\/\" data-pin-do=\"buttonPin\" data-pin-tall=\"true\" data-pin-url=\"https:\/\/flawlesshair.com\/es\/pelo-castano-corto\/\" data-pin-media=\"https:\/\/flawlesshair.com\/wp-content\/uploads\/2023\/02\/18.-long-pixie-for-thick-hair.jpg\" data-pin-description=\"40 Ways To Wear Short Brown Hair In 2025\" rel=\"nofollow noopener\" target=\"_blank\"> <\/a><\/div><\/div><figcaption class=\"wp-element-caption\"><a href=\"https:\/\/www.instagram.com\/mila_kryshchykhina\/\" target=\"_blank\" rel=\"noreferrer noopener nofollow\">@mila_kryshchykhina<\/a><\/figcaption><\/figure>\n\n\n\n<p>Hubo un tiempo en que todo el mundo quer\u00eda un tono moreno fr\u00edo y ceniza, pero esos tonos s\u00f3lo te favorecen si tienes un subtono de piel fr\u00edo. Si tu piel es c\u00e1lida, los tonos miel y caramelo te favorecer\u00e1n mucho m\u00e1s.<\/p>\n\n\n\n<h2 class=\"wp-block-heading\">19. Bob corto asim\u00e9trico redondeado<\/h2>\n\n\n\n<figure class=\"wp-block-image size-full\"><div style=\"position: relative;\"><noscript><img loading=\"lazy\" decoding=\"async\" width=\"1080\" height=\"1350\" src=\"https:\/\/flawlesshair.com\/wp-content\/uploads\/2023\/02\/19.-rounded-asymmetrical-short-bob.jpg\" alt=\"bob corto asim\u00e9trico redondeado\" class=\"wp-image-32870\" srcset=\"https:\/\/flawlesshair.com\/wp-content\/uploads\/2023\/02\/19.-rounded-asymmetrical-short-bob.jpg 1080w, https:\/\/flawlesshair.com\/wp-content\/uploads\/2023\/02\/19.-rounded-asymmetrical-short-bob-240x300.jpg 240w, https:\/\/flawlesshair.com\/wp-content\/uploads\/2023\/02\/19.-rounded-asymmetrical-short-bob-768x960.jpg 768w, https:\/\/flawlesshair.com\/wp-content\/uploads\/2023\/02\/19.-rounded-asymmetrical-short-bob-10x12.jpg 10w, https:\/\/flawlesshair.com\/wp-content\/uploads\/2023\/02\/19.-rounded-asymmetrical-short-bob-864x1080.jpg 864w, https:\/\/flawlesshair.com\/wp-content\/uploads\/2023\/02\/19.-rounded-asymmetrical-short-bob-960x1200.jpg 960w, https:\/\/flawlesshair.com\/wp-content\/uploads\/2023\/02\/19.-rounded-asymmetrical-short-bob-150x188.jpg 150w\" sizes=\"auto, (max-width: 760px) calc(100vw - 24px), 720px\"><\/noscript><img loading=\"lazy\" decoding=\"async\" width=\"1080\" height=\"1350\" src=\"https:\/\/flawlesshair.com\/wp-content\/uploads\/2023\/02\/19.-rounded-asymmetrical-short-bob.jpg\" alt=\"bob corto asim\u00e9trico redondeado\" class=\"wp-image-32870 lazyload\" srcset=\"https:\/\/flawlesshair.com\/wp-content\/uploads\/2023\/02\/19.-rounded-asymmetrical-short-bob.jpg 1080w, https:\/\/flawlesshair.com\/wp-content\/uploads\/2023\/02\/19.-rounded-asymmetrical-short-bob-240x300.jpg 240w, https:\/\/flawlesshair.com\/wp-content\/uploads\/2023\/02\/19.-rounded-asymmetrical-short-bob-768x960.jpg 768w, https:\/\/flawlesshair.com\/wp-content\/uploads\/2023\/02\/19.-rounded-asymmetrical-short-bob-10x12.jpg 10w, https:\/\/flawlesshair.com\/wp-content\/uploads\/2023\/02\/19.-rounded-asymmetrical-short-bob-864x1080.jpg 864w, https:\/\/flawlesshair.com\/wp-content\/uploads\/2023\/02\/19.-rounded-asymmetrical-short-bob-960x1200.jpg 960w, https:\/\/flawlesshair.com\/wp-content\/uploads\/2023\/02\/19.-rounded-asymmetrical-short-bob-150x188.jpg 150w\" sizes=\"auto, (max-width: 760px) calc(100vw - 24px), 720px\" data-pin-media=\"https:\/\/flawlesshair.com\/wp-content\/uploads\/2023\/02\/19.-rounded-asymmetrical-short-bob.jpg\" id=\"mv-trellis-img-19\" data-trellis-processed=\"1\"><div style=\"position: absolute; top: 0.5rem; right: 0.75rem;\"> <a href=\"https:\/\/www.pinterest.com\/pin\/create\/button\/\" data-pin-do=\"buttonPin\" data-pin-tall=\"true\" data-pin-url=\"https:\/\/flawlesshair.com\/es\/pelo-castano-corto\/\" data-pin-media=\"https:\/\/flawlesshair.com\/wp-content\/uploads\/2023\/02\/19.-rounded-asymmetrical-short-bob.jpg\" data-pin-description=\"40 Ways To Wear Short Brown Hair In 2025\" rel=\"nofollow noopener\" target=\"_blank\"> <\/a><\/div><\/div><figcaption class=\"wp-element-caption\"><a href=\"https:\/\/www.instagram.com\/mila_kryshchykhina\/\" target=\"_blank\" rel=\"noreferrer noopener nofollow\">@mila_kryshchykhina<\/a><\/figcaption><\/figure>\n\n\n\n<p>Mant\u00e9n el color de tu pelo natural manteniendo la salud de tu cabello, empezando con un producto protector del calor cada vez que utilices herramientas calientes para peinarlo.<\/p>\n\n\n\n<h2 class=\"wp-block-heading\">20. Pelo corto casta\u00f1o con flequillo cortina<\/h2>\n\n\n\n<figure class=\"wp-block-image size-full\"><div style=\"position: relative;\"><noscript><img loading=\"lazy\" decoding=\"async\" width=\"1080\" height=\"1350\" src=\"https:\/\/flawlesshair.com\/wp-content\/uploads\/2023\/02\/20.-short-brown-hair-with-baby-curtain-bangs.jpg\" alt=\"pelo corto casta\u00f1o con flequillo cortina de beb\u00e9\" class=\"wp-image-32871\" srcset=\"https:\/\/flawlesshair.com\/wp-content\/uploads\/2023\/02\/20.-short-brown-hair-with-baby-curtain-bangs.jpg 1080w, https:\/\/flawlesshair.com\/wp-content\/uploads\/2023\/02\/20.-short-brown-hair-with-baby-curtain-bangs-240x300.jpg 240w, https:\/\/flawlesshair.com\/wp-content\/uploads\/2023\/02\/20.-short-brown-hair-with-baby-curtain-bangs-768x960.jpg 768w, https:\/\/flawlesshair.com\/wp-content\/uploads\/2023\/02\/20.-short-brown-hair-with-baby-curtain-bangs-10x12.jpg 10w, https:\/\/flawlesshair.com\/wp-content\/uploads\/2023\/02\/20.-short-brown-hair-with-baby-curtain-bangs-864x1080.jpg 864w, https:\/\/flawlesshair.com\/wp-content\/uploads\/2023\/02\/20.-short-brown-hair-with-baby-curtain-bangs-960x1200.jpg 960w, https:\/\/flawlesshair.com\/wp-content\/uploads\/2023\/02\/20.-short-brown-hair-with-baby-curtain-bangs-150x188.jpg 150w\" sizes=\"auto, (max-width: 760px) calc(100vw - 24px), 720px\"><\/noscript><img loading=\"lazy\" decoding=\"async\" width=\"1080\" height=\"1350\" src=\"https:\/\/flawlesshair.com\/wp-content\/uploads\/2023\/02\/20.-short-brown-hair-with-baby-curtain-bangs.jpg\" alt=\"pelo corto casta\u00f1o con flequillo cortina de beb\u00e9\" class=\"wp-image-32871 lazyload\" srcset=\"https:\/\/flawlesshair.com\/wp-content\/uploads\/2023\/02\/20.-short-brown-hair-with-baby-curtain-bangs.jpg 1080w, https:\/\/flawlesshair.com\/wp-content\/uploads\/2023\/02\/20.-short-brown-hair-with-baby-curtain-bangs-240x300.jpg 240w, https:\/\/flawlesshair.com\/wp-content\/uploads\/2023\/02\/20.-short-brown-hair-with-baby-curtain-bangs-768x960.jpg 768w, https:\/\/flawlesshair.com\/wp-content\/uploads\/2023\/02\/20.-short-brown-hair-with-baby-curtain-bangs-10x12.jpg 10w, https:\/\/flawlesshair.com\/wp-content\/uploads\/2023\/02\/20.-short-brown-hair-with-baby-curtain-bangs-864x1080.jpg 864w, https:\/\/flawlesshair.com\/wp-content\/uploads\/2023\/02\/20.-short-brown-hair-with-baby-curtain-bangs-960x1200.jpg 960w, https:\/\/flawlesshair.com\/wp-content\/uploads\/2023\/02\/20.-short-brown-hair-with-baby-curtain-bangs-150x188.jpg 150w\" sizes=\"auto, (max-width: 760px) calc(100vw - 24px), 720px\" data-pin-media=\"https:\/\/flawlesshair.com\/wp-content\/uploads\/2023\/02\/20.-short-brown-hair-with-baby-curtain-bangs.jpg\" id=\"mv-trellis-img-20\" data-trellis-processed=\"1\"><div style=\"position: absolute; top: 0.5rem; right: 0.75rem;\"> <a href=\"https:\/\/www.pinterest.com\/pin\/create\/button\/\" data-pin-do=\"buttonPin\" data-pin-tall=\"true\" data-pin-url=\"https:\/\/flawlesshair.com\/es\/pelo-castano-corto\/\" data-pin-media=\"https:\/\/flawlesshair.com\/wp-content\/uploads\/2023\/02\/20.-short-brown-hair-with-baby-curtain-bangs.jpg\" data-pin-description=\"40 Ways To Wear Short Brown Hair In 2025\" rel=\"nofollow noopener\" target=\"_blank\"> <\/a><\/div><\/div><figcaption class=\"wp-element-caption\"><a href=\"https:\/\/www.instagram.com\/salsalhair\/\" target=\"_blank\" rel=\"noreferrer noopener nofollow\">@salsalhair<\/a><\/figcaption><\/figure>\n\n\n\n<p>Cuando tu color de pelo se adapta a tu tono de piel, tu look adquiere una sensaci\u00f3n de armon\u00eda. De lo contrario, siempre habr\u00e1 algo que parezca fuera de lugar, sobre todo si llevas un corte de pelo que enmarca la cara.<\/p>\n\n\n\n<h2 class=\"wp-block-heading\">21. Bob corto franc\u00e9s casta\u00f1o<\/h2>\n\n\n\n<figure class=\"wp-block-image size-full\"><div style=\"position: relative;\"><noscript><img loading=\"lazy\" decoding=\"async\" width=\"1080\" height=\"1349\" src=\"https:\/\/flawlesshair.com\/wp-content\/uploads\/2023\/02\/21.-short-brown-french-bob.jpg\" alt=\"bob corto casta\u00f1o a la francesa\" class=\"wp-image-32872\" srcset=\"https:\/\/flawlesshair.com\/wp-content\/uploads\/2023\/02\/21.-short-brown-french-bob.jpg 1080w, https:\/\/flawlesshair.com\/wp-content\/uploads\/2023\/02\/21.-short-brown-french-bob-240x300.jpg 240w, https:\/\/flawlesshair.com\/wp-content\/uploads\/2023\/02\/21.-short-brown-french-bob-768x959.jpg 768w, https:\/\/flawlesshair.com\/wp-content\/uploads\/2023\/02\/21.-short-brown-french-bob-10x12.jpg 10w, https:\/\/flawlesshair.com\/wp-content\/uploads\/2023\/02\/21.-short-brown-french-bob-769x960.jpg 769w, https:\/\/flawlesshair.com\/wp-content\/uploads\/2023\/02\/21.-short-brown-french-bob-865x1080.jpg 865w, https:\/\/flawlesshair.com\/wp-content\/uploads\/2023\/02\/21.-short-brown-french-bob-961x1200.jpg 961w, https:\/\/flawlesshair.com\/wp-content\/uploads\/2023\/02\/21.-short-brown-french-bob-150x187.jpg 150w\" sizes=\"auto, (max-width: 760px) calc(100vw - 24px), 720px\"><\/noscript><img loading=\"lazy\" decoding=\"async\" width=\"1080\" height=\"1349\" src=\"https:\/\/flawlesshair.com\/wp-content\/uploads\/2023\/02\/21.-short-brown-french-bob.jpg\" alt=\"bob corto casta\u00f1o a la francesa\" class=\"wp-image-32872 lazyload\" srcset=\"https:\/\/flawlesshair.com\/wp-content\/uploads\/2023\/02\/21.-short-brown-french-bob.jpg 1080w, https:\/\/flawlesshair.com\/wp-content\/uploads\/2023\/02\/21.-short-brown-french-bob-240x300.jpg 240w, https:\/\/flawlesshair.com\/wp-content\/uploads\/2023\/02\/21.-short-brown-french-bob-768x959.jpg 768w, https:\/\/flawlesshair.com\/wp-content\/uploads\/2023\/02\/21.-short-brown-french-bob-10x12.jpg 10w, https:\/\/flawlesshair.com\/wp-content\/uploads\/2023\/02\/21.-short-brown-french-bob-769x960.jpg 769w, https:\/\/flawlesshair.com\/wp-content\/uploads\/2023\/02\/21.-short-brown-french-bob-865x1080.jpg 865w, https:\/\/flawlesshair.com\/wp-content\/uploads\/2023\/02\/21.-short-brown-french-bob-961x1200.jpg 961w, https:\/\/flawlesshair.com\/wp-content\/uploads\/2023\/02\/21.-short-brown-french-bob-150x187.jpg 150w\" sizes=\"auto, (max-width: 760px) calc(100vw - 24px), 720px\" data-pin-media=\"https:\/\/flawlesshair.com\/wp-content\/uploads\/2023\/02\/21.-short-brown-french-bob.jpg\" id=\"mv-trellis-img-21\" data-trellis-processed=\"1\"><div style=\"position: absolute; top: 0.5rem; right: 0.75rem;\"> <a href=\"https:\/\/www.pinterest.com\/pin\/create\/button\/\" data-pin-do=\"buttonPin\" data-pin-tall=\"true\" data-pin-url=\"https:\/\/flawlesshair.com\/es\/pelo-castano-corto\/\" data-pin-media=\"https:\/\/flawlesshair.com\/wp-content\/uploads\/2023\/02\/21.-short-brown-french-bob.jpg\" data-pin-description=\"40 Ways To Wear Short Brown Hair In 2025\" rel=\"nofollow noopener\" target=\"_blank\"> <\/a><\/div><\/div><figcaption class=\"wp-element-caption\"><a href=\"https:\/\/www.instagram.com\/salsalhair\/\" target=\"_blank\" rel=\"noreferrer noopener nofollow\">@salsalhair<\/a><\/figcaption><\/figure>\n\n\n\n<p>Los recortes frecuentes necesarios para mantener un corte recto corto tienen la ventaja a\u00f1adida de que mantienen tu pelo en plena forma, por lo que el color se mantiene como debe, de la ra\u00edz a las puntas.<\/p>\n\n\n\n<h2 class=\"wp-block-heading\">22. Pelo casta\u00f1o corto de bajo mantenimiento<\/h2>\n\n\n\n<figure class=\"wp-block-image size-full\"><div style=\"position: relative;\"><noscript><img loading=\"lazy\" decoding=\"async\" width=\"1072\" height=\"1340\" src=\"https:\/\/flawlesshair.com\/wp-content\/uploads\/2023\/02\/22.-low-maintenance-short-brown-hair.jpg\" alt=\"pelo casta\u00f1o corto de bajo mantenimiento\" class=\"wp-image-32873\" srcset=\"https:\/\/flawlesshair.com\/wp-content\/uploads\/2023\/02\/22.-low-maintenance-short-brown-hair.jpg 1072w, https:\/\/flawlesshair.com\/wp-content\/uploads\/2023\/02\/22.-low-maintenance-short-brown-hair-240x300.jpg 240w, https:\/\/flawlesshair.com\/wp-content\/uploads\/2023\/02\/22.-low-maintenance-short-brown-hair-768x960.jpg 768w, https:\/\/flawlesshair.com\/wp-content\/uploads\/2023\/02\/22.-low-maintenance-short-brown-hair-10x12.jpg 10w, https:\/\/flawlesshair.com\/wp-content\/uploads\/2023\/02\/22.-low-maintenance-short-brown-hair-864x1080.jpg 864w, https:\/\/flawlesshair.com\/wp-content\/uploads\/2023\/02\/22.-low-maintenance-short-brown-hair-960x1200.jpg 960w, https:\/\/flawlesshair.com\/wp-content\/uploads\/2023\/02\/22.-low-maintenance-short-brown-hair-150x188.jpg 150w\" sizes=\"auto, (max-width: 760px) calc(100vw - 24px), 720px\"><\/noscript><img loading=\"lazy\" decoding=\"async\" width=\"1072\" height=\"1340\" src=\"https:\/\/flawlesshair.com\/wp-content\/uploads\/2023\/02\/22.-low-maintenance-short-brown-hair.jpg\" alt=\"pelo casta\u00f1o corto de bajo mantenimiento\" class=\"wp-image-32873 lazyload\" srcset=\"https:\/\/flawlesshair.com\/wp-content\/uploads\/2023\/02\/22.-low-maintenance-short-brown-hair.jpg 1072w, https:\/\/flawlesshair.com\/wp-content\/uploads\/2023\/02\/22.-low-maintenance-short-brown-hair-240x300.jpg 240w, https:\/\/flawlesshair.com\/wp-content\/uploads\/2023\/02\/22.-low-maintenance-short-brown-hair-768x960.jpg 768w, https:\/\/flawlesshair.com\/wp-content\/uploads\/2023\/02\/22.-low-maintenance-short-brown-hair-10x12.jpg 10w, https:\/\/flawlesshair.com\/wp-content\/uploads\/2023\/02\/22.-low-maintenance-short-brown-hair-864x1080.jpg 864w, https:\/\/flawlesshair.com\/wp-content\/uploads\/2023\/02\/22.-low-maintenance-short-brown-hair-960x1200.jpg 960w, https:\/\/flawlesshair.com\/wp-content\/uploads\/2023\/02\/22.-low-maintenance-short-brown-hair-150x188.jpg 150w\" sizes=\"auto, (max-width: 760px) calc(100vw - 24px), 720px\" data-pin-media=\"https:\/\/flawlesshair.com\/wp-content\/uploads\/2023\/02\/22.-low-maintenance-short-brown-hair.jpg\" id=\"mv-trellis-img-22\" data-trellis-processed=\"1\"><div style=\"position: absolute; top: 0.5rem; right: 0.75rem;\"> <a href=\"https:\/\/www.pinterest.com\/pin\/create\/button\/\" data-pin-do=\"buttonPin\" data-pin-tall=\"true\" data-pin-url=\"https:\/\/flawlesshair.com\/es\/pelo-castano-corto\/\" data-pin-media=\"https:\/\/flawlesshair.com\/wp-content\/uploads\/2023\/02\/22.-low-maintenance-short-brown-hair.jpg\" data-pin-description=\"40 Ways To Wear Short Brown Hair In 2025\" rel=\"nofollow noopener\" target=\"_blank\"> <\/a><\/div><\/div><figcaption class=\"wp-element-caption\"><a href=\"https:\/\/www.instagram.com\/charlesjuniorlouw\/\" target=\"_blank\" rel=\"noreferrer noopener nofollow\">@charlesjuniorlouw<\/a><\/figcaption><\/figure>\n\n\n\n<p>Utiliza las mechas para iluminar tu rostro al instante sin cambiar el color de tu pelo. Adem\u00e1s, son f\u00e1ciles de mantener, as\u00ed que no tendr\u00e1s que estar siempre pendiente del estado de tus ra\u00edces.<\/p>\n\n\n\n<h2 class=\"wp-block-heading\">23. Bob corto despuntado con colmillos rectos<\/h2>\n\n\n\n<figure class=\"wp-block-image size-full\"><div style=\"position: relative;\"><noscript><img loading=\"lazy\" decoding=\"async\" width=\"1080\" height=\"1350\" src=\"https:\/\/flawlesshair.com\/wp-content\/uploads\/2023\/02\/23.-short-blunt-bob-with-straight-fangs.jpg\" alt=\"bob corto despuntado con colmillos rectos\" class=\"wp-image-32874\" srcset=\"https:\/\/flawlesshair.com\/wp-content\/uploads\/2023\/02\/23.-short-blunt-bob-with-straight-fangs.jpg 1080w, https:\/\/flawlesshair.com\/wp-content\/uploads\/2023\/02\/23.-short-blunt-bob-with-straight-fangs-240x300.jpg 240w, https:\/\/flawlesshair.com\/wp-content\/uploads\/2023\/02\/23.-short-blunt-bob-with-straight-fangs-768x960.jpg 768w, https:\/\/flawlesshair.com\/wp-content\/uploads\/2023\/02\/23.-short-blunt-bob-with-straight-fangs-10x12.jpg 10w, https:\/\/flawlesshair.com\/wp-content\/uploads\/2023\/02\/23.-short-blunt-bob-with-straight-fangs-864x1080.jpg 864w, https:\/\/flawlesshair.com\/wp-content\/uploads\/2023\/02\/23.-short-blunt-bob-with-straight-fangs-960x1200.jpg 960w, https:\/\/flawlesshair.com\/wp-content\/uploads\/2023\/02\/23.-short-blunt-bob-with-straight-fangs-150x188.jpg 150w\" sizes=\"auto, (max-width: 760px) calc(100vw - 24px), 720px\"><\/noscript><img loading=\"lazy\" decoding=\"async\" width=\"1080\" height=\"1350\" src=\"https:\/\/flawlesshair.com\/wp-content\/uploads\/2023\/02\/23.-short-blunt-bob-with-straight-fangs.jpg\" alt=\"bob corto despuntado con colmillos rectos\" class=\"wp-image-32874 lazyload\" srcset=\"https:\/\/flawlesshair.com\/wp-content\/uploads\/2023\/02\/23.-short-blunt-bob-with-straight-fangs.jpg 1080w, https:\/\/flawlesshair.com\/wp-content\/uploads\/2023\/02\/23.-short-blunt-bob-with-straight-fangs-240x300.jpg 240w, https:\/\/flawlesshair.com\/wp-content\/uploads\/2023\/02\/23.-short-blunt-bob-with-straight-fangs-768x960.jpg 768w, https:\/\/flawlesshair.com\/wp-content\/uploads\/2023\/02\/23.-short-blunt-bob-with-straight-fangs-10x12.jpg 10w, https:\/\/flawlesshair.com\/wp-content\/uploads\/2023\/02\/23.-short-blunt-bob-with-straight-fangs-864x1080.jpg 864w, https:\/\/flawlesshair.com\/wp-content\/uploads\/2023\/02\/23.-short-blunt-bob-with-straight-fangs-960x1200.jpg 960w, https:\/\/flawlesshair.com\/wp-content\/uploads\/2023\/02\/23.-short-blunt-bob-with-straight-fangs-150x188.jpg 150w\" sizes=\"auto, (max-width: 760px) calc(100vw - 24px), 720px\" data-pin-media=\"https:\/\/flawlesshair.com\/wp-content\/uploads\/2023\/02\/23.-short-blunt-bob-with-straight-fangs.jpg\" id=\"mv-trellis-img-23\" data-trellis-processed=\"1\"><div style=\"position: absolute; top: 0.5rem; right: 0.75rem;\"> <a href=\"https:\/\/www.pinterest.com\/pin\/create\/button\/\" data-pin-do=\"buttonPin\" data-pin-tall=\"true\" data-pin-url=\"https:\/\/flawlesshair.com\/es\/pelo-castano-corto\/\" data-pin-media=\"https:\/\/flawlesshair.com\/wp-content\/uploads\/2023\/02\/23.-short-blunt-bob-with-straight-fangs.jpg\" data-pin-description=\"40 Ways To Wear Short Brown Hair In 2025\" rel=\"nofollow noopener\" target=\"_blank\"> <\/a><\/div><\/div><figcaption class=\"wp-element-caption\"><a href=\"https:\/\/www.instagram.com\/systemabybeglar\/\" target=\"_blank\" rel=\"noreferrer noopener nofollow\">@systemabybeglar<\/a><\/figcaption><\/figure>\n\n\n\n<p>Vu\u00e9lvete cl\u00e1sico con un <a href=\"https:\/\/flawlesshair.com\/es\/bob-despuntado-con-flequillo\/\">bob despuntado con flequillo recto cruzado<\/a> combinado con un tono moreno medio.<\/p>\n\n\n\n<h2 class=\"wp-block-heading\">24. Pixie con flequillo corto lateral<\/h2>\n\n\n\n<figure class=\"wp-block-image size-full\"><div style=\"position: relative;\"><noscript><img loading=\"lazy\" decoding=\"async\" width=\"1080\" height=\"1350\" src=\"https:\/\/flawlesshair.com\/wp-content\/uploads\/2023\/02\/24.-pixie-with-short-side-bangs.jpg\" alt=\"pixie con flequillo corto lateral\" class=\"wp-image-32875\" srcset=\"https:\/\/flawlesshair.com\/wp-content\/uploads\/2023\/02\/24.-pixie-with-short-side-bangs.jpg 1080w, https:\/\/flawlesshair.com\/wp-content\/uploads\/2023\/02\/24.-pixie-with-short-side-bangs-240x300.jpg 240w, https:\/\/flawlesshair.com\/wp-content\/uploads\/2023\/02\/24.-pixie-with-short-side-bangs-768x960.jpg 768w, https:\/\/flawlesshair.com\/wp-content\/uploads\/2023\/02\/24.-pixie-with-short-side-bangs-10x12.jpg 10w, https:\/\/flawlesshair.com\/wp-content\/uploads\/2023\/02\/24.-pixie-with-short-side-bangs-864x1080.jpg 864w, https:\/\/flawlesshair.com\/wp-content\/uploads\/2023\/02\/24.-pixie-with-short-side-bangs-960x1200.jpg 960w, https:\/\/flawlesshair.com\/wp-content\/uploads\/2023\/02\/24.-pixie-with-short-side-bangs-150x188.jpg 150w\" sizes=\"auto, (max-width: 760px) calc(100vw - 24px), 720px\"><\/noscript><img loading=\"lazy\" decoding=\"async\" width=\"1080\" height=\"1350\" src=\"https:\/\/flawlesshair.com\/wp-content\/uploads\/2023\/02\/24.-pixie-with-short-side-bangs.jpg\" alt=\"pixie con flequillo corto lateral\" class=\"wp-image-32875 lazyload\" srcset=\"https:\/\/flawlesshair.com\/wp-content\/uploads\/2023\/02\/24.-pixie-with-short-side-bangs.jpg 1080w, https:\/\/flawlesshair.com\/wp-content\/uploads\/2023\/02\/24.-pixie-with-short-side-bangs-240x300.jpg 240w, https:\/\/flawlesshair.com\/wp-content\/uploads\/2023\/02\/24.-pixie-with-short-side-bangs-768x960.jpg 768w, https:\/\/flawlesshair.com\/wp-content\/uploads\/2023\/02\/24.-pixie-with-short-side-bangs-10x12.jpg 10w, https:\/\/flawlesshair.com\/wp-content\/uploads\/2023\/02\/24.-pixie-with-short-side-bangs-864x1080.jpg 864w, https:\/\/flawlesshair.com\/wp-content\/uploads\/2023\/02\/24.-pixie-with-short-side-bangs-960x1200.jpg 960w, https:\/\/flawlesshair.com\/wp-content\/uploads\/2023\/02\/24.-pixie-with-short-side-bangs-150x188.jpg 150w\" sizes=\"auto, (max-width: 760px) calc(100vw - 24px), 720px\" data-pin-media=\"https:\/\/flawlesshair.com\/wp-content\/uploads\/2023\/02\/24.-pixie-with-short-side-bangs.jpg\" id=\"mv-trellis-img-24\" data-trellis-processed=\"1\"><div style=\"position: absolute; top: 0.5rem; right: 0.75rem;\"> <a href=\"https:\/\/www.pinterest.com\/pin\/create\/button\/\" data-pin-do=\"buttonPin\" data-pin-tall=\"true\" data-pin-url=\"https:\/\/flawlesshair.com\/es\/pelo-castano-corto\/\" data-pin-media=\"https:\/\/flawlesshair.com\/wp-content\/uploads\/2023\/02\/24.-pixie-with-short-side-bangs.jpg\" data-pin-description=\"40 Ways To Wear Short Brown Hair In 2025\" rel=\"nofollow noopener\" target=\"_blank\"> <\/a><\/div><\/div><figcaption class=\"wp-element-caption\"><a href=\"https:\/\/www.instagram.com\/giboazhair\/\" target=\"_blank\" rel=\"noreferrer noopener nofollow\">@giboazhair<\/a><\/figcaption><\/figure>\n\n\n\n<p>Cuando tanto tu color de pelo como tu corte llaman la atenci\u00f3n sobre tus ojos, sabes que has tomado la decisi\u00f3n correcta.<\/p>\n\n\n\n<h2 class=\"wp-block-heading\">25. Pelo corto casta\u00f1o con flequillo largo lateral<\/h2>\n\n\n\n<figure class=\"wp-block-image size-full\"><div style=\"position: relative;\"><noscript><img loading=\"lazy\" decoding=\"async\" width=\"1440\" height=\"1440\" src=\"https:\/\/flawlesshair.com\/wp-content\/uploads\/2023\/02\/25.-short-brown-hair-with-long-side-bangs.jpg\" alt=\"pelo corto casta\u00f1o con flequillo largo lateral\" class=\"wp-image-32876\" srcset=\"https:\/\/flawlesshair.com\/wp-content\/uploads\/2023\/02\/25.-short-brown-hair-with-long-side-bangs.jpg 1440w, https:\/\/flawlesshair.com\/wp-content\/uploads\/2023\/02\/25.-short-brown-hair-with-long-side-bangs-300x300.jpg 300w, https:\/\/flawlesshair.com\/wp-content\/uploads\/2023\/02\/25.-short-brown-hair-with-long-side-bangs-150x150.jpg 150w, https:\/\/flawlesshair.com\/wp-content\/uploads\/2023\/02\/25.-short-brown-hair-with-long-side-bangs-768x768.jpg 768w, https:\/\/flawlesshair.com\/wp-content\/uploads\/2023\/02\/25.-short-brown-hair-with-long-side-bangs-12x12.jpg 12w, https:\/\/flawlesshair.com\/wp-content\/uploads\/2023\/02\/25.-short-brown-hair-with-long-side-bangs-728x728.jpg 728w, https:\/\/flawlesshair.com\/wp-content\/uploads\/2023\/02\/25.-short-brown-hair-with-long-side-bangs-960x960.jpg 960w, https:\/\/flawlesshair.com\/wp-content\/uploads\/2023\/02\/25.-short-brown-hair-with-long-side-bangs-1080x1080.jpg 1080w, https:\/\/flawlesshair.com\/wp-content\/uploads\/2023\/02\/25.-short-brown-hair-with-long-side-bangs-1200x1200.jpg 1200w, https:\/\/flawlesshair.com\/wp-content\/uploads\/2023\/02\/25.-short-brown-hair-with-long-side-bangs-96x96.jpg 96w\" sizes=\"auto, (max-width: 760px) calc(100vw - 24px), 720px\"><\/noscript><img loading=\"lazy\" decoding=\"async\" width=\"1440\" height=\"1440\" src=\"https:\/\/flawlesshair.com\/wp-content\/uploads\/2023\/02\/25.-short-brown-hair-with-long-side-bangs.jpg\" alt=\"pelo corto casta\u00f1o con flequillo largo lateral\" class=\"wp-image-32876 lazyload\" srcset=\"https:\/\/flawlesshair.com\/wp-content\/uploads\/2023\/02\/25.-short-brown-hair-with-long-side-bangs.jpg 1440w, https:\/\/flawlesshair.com\/wp-content\/uploads\/2023\/02\/25.-short-brown-hair-with-long-side-bangs-300x300.jpg 300w, https:\/\/flawlesshair.com\/wp-content\/uploads\/2023\/02\/25.-short-brown-hair-with-long-side-bangs-150x150.jpg 150w, https:\/\/flawlesshair.com\/wp-content\/uploads\/2023\/02\/25.-short-brown-hair-with-long-side-bangs-768x768.jpg 768w, https:\/\/flawlesshair.com\/wp-content\/uploads\/2023\/02\/25.-short-brown-hair-with-long-side-bangs-12x12.jpg 12w, https:\/\/flawlesshair.com\/wp-content\/uploads\/2023\/02\/25.-short-brown-hair-with-long-side-bangs-728x728.jpg 728w, https:\/\/flawlesshair.com\/wp-content\/uploads\/2023\/02\/25.-short-brown-hair-with-long-side-bangs-960x960.jpg 960w, https:\/\/flawlesshair.com\/wp-content\/uploads\/2023\/02\/25.-short-brown-hair-with-long-side-bangs-1080x1080.jpg 1080w, https:\/\/flawlesshair.com\/wp-content\/uploads\/2023\/02\/25.-short-brown-hair-with-long-side-bangs-1200x1200.jpg 1200w, https:\/\/flawlesshair.com\/wp-content\/uploads\/2023\/02\/25.-short-brown-hair-with-long-side-bangs-96x96.jpg 96w\" sizes=\"auto, (max-width: 760px) calc(100vw - 24px), 720px\" data-pin-media=\"https:\/\/flawlesshair.com\/wp-content\/uploads\/2023\/02\/25.-short-brown-hair-with-long-side-bangs.jpg\" id=\"mv-trellis-img-25\" data-trellis-processed=\"1\"><div style=\"position: absolute; top: 0.5rem; right: 0.75rem;\"> <a href=\"https:\/\/www.pinterest.com\/pin\/create\/button\/\" data-pin-do=\"buttonPin\" data-pin-tall=\"true\" data-pin-url=\"https:\/\/flawlesshair.com\/es\/pelo-castano-corto\/\" data-pin-media=\"https:\/\/flawlesshair.com\/wp-content\/uploads\/2023\/02\/25.-short-brown-hair-with-long-side-bangs.jpg\" data-pin-description=\"40 Ways To Wear Short Brown Hair In 2025\" rel=\"nofollow noopener\" target=\"_blank\"> <\/a><\/div><\/div><figcaption class=\"wp-element-caption\"><a href=\"https:\/\/www.instagram.com\/pamela_cabelos\/\" target=\"_blank\" rel=\"noreferrer noopener nofollow\">@pamela_cabelos<\/a><\/figcaption><\/figure>\n\n\n\n<p>Incluso un <a href=\"https:\/\/flawlesshair.com\/es\/peinados-cortos-lisos\/\">peinado recto corto<\/a> se puede llevar de m\u00faltiples maneras: por ejemplo, mete un lado detr\u00e1s de la oreja para resaltar el flequillo largo asim\u00e9trico, o elige un estilo m\u00e1s equilibrado que enmarque el rostro.<\/p>\n\n\n\n<h2 class=\"wp-block-heading\">26. Peinado corto casta\u00f1o recortado<\/h2>\n\n\n\n<figure class=\"wp-block-image size-full\"><div style=\"position: relative;\"><noscript><img loading=\"lazy\" decoding=\"async\" width=\"1440\" height=\"1440\" src=\"https:\/\/flawlesshair.com\/wp-content\/uploads\/2023\/02\/26.-choppy-short-brown-hairstyle.jpg\" alt=\"peinado corto casta\u00f1o\" class=\"wp-image-32877\" srcset=\"https:\/\/flawlesshair.com\/wp-content\/uploads\/2023\/02\/26.-choppy-short-brown-hairstyle.jpg 1440w, https:\/\/flawlesshair.com\/wp-content\/uploads\/2023\/02\/26.-choppy-short-brown-hairstyle-300x300.jpg 300w, https:\/\/flawlesshair.com\/wp-content\/uploads\/2023\/02\/26.-choppy-short-brown-hairstyle-150x150.jpg 150w, https:\/\/flawlesshair.com\/wp-content\/uploads\/2023\/02\/26.-choppy-short-brown-hairstyle-768x768.jpg 768w, https:\/\/flawlesshair.com\/wp-content\/uploads\/2023\/02\/26.-choppy-short-brown-hairstyle-12x12.jpg 12w, https:\/\/flawlesshair.com\/wp-content\/uploads\/2023\/02\/26.-choppy-short-brown-hairstyle-728x728.jpg 728w, https:\/\/flawlesshair.com\/wp-content\/uploads\/2023\/02\/26.-choppy-short-brown-hairstyle-960x960.jpg 960w, https:\/\/flawlesshair.com\/wp-content\/uploads\/2023\/02\/26.-choppy-short-brown-hairstyle-1080x1080.jpg 1080w, https:\/\/flawlesshair.com\/wp-content\/uploads\/2023\/02\/26.-choppy-short-brown-hairstyle-1200x1200.jpg 1200w, https:\/\/flawlesshair.com\/wp-content\/uploads\/2023\/02\/26.-choppy-short-brown-hairstyle-96x96.jpg 96w\" sizes=\"auto, (max-width: 760px) calc(100vw - 24px), 720px\"><\/noscript><img loading=\"lazy\" decoding=\"async\" width=\"1440\" height=\"1440\" src=\"https:\/\/flawlesshair.com\/wp-content\/uploads\/2023\/02\/26.-choppy-short-brown-hairstyle.jpg\" alt=\"peinado corto casta\u00f1o\" class=\"wp-image-32877 lazyload\" srcset=\"https:\/\/flawlesshair.com\/wp-content\/uploads\/2023\/02\/26.-choppy-short-brown-hairstyle.jpg 1440w, https:\/\/flawlesshair.com\/wp-content\/uploads\/2023\/02\/26.-choppy-short-brown-hairstyle-300x300.jpg 300w, https:\/\/flawlesshair.com\/wp-content\/uploads\/2023\/02\/26.-choppy-short-brown-hairstyle-150x150.jpg 150w, https:\/\/flawlesshair.com\/wp-content\/uploads\/2023\/02\/26.-choppy-short-brown-hairstyle-768x768.jpg 768w, https:\/\/flawlesshair.com\/wp-content\/uploads\/2023\/02\/26.-choppy-short-brown-hairstyle-12x12.jpg 12w, https:\/\/flawlesshair.com\/wp-content\/uploads\/2023\/02\/26.-choppy-short-brown-hairstyle-728x728.jpg 728w, https:\/\/flawlesshair.com\/wp-content\/uploads\/2023\/02\/26.-choppy-short-brown-hairstyle-960x960.jpg 960w, https:\/\/flawlesshair.com\/wp-content\/uploads\/2023\/02\/26.-choppy-short-brown-hairstyle-1080x1080.jpg 1080w, https:\/\/flawlesshair.com\/wp-content\/uploads\/2023\/02\/26.-choppy-short-brown-hairstyle-1200x1200.jpg 1200w, https:\/\/flawlesshair.com\/wp-content\/uploads\/2023\/02\/26.-choppy-short-brown-hairstyle-96x96.jpg 96w\" sizes=\"auto, (max-width: 760px) calc(100vw - 24px), 720px\" data-pin-media=\"https:\/\/flawlesshair.com\/wp-content\/uploads\/2023\/02\/26.-choppy-short-brown-hairstyle.jpg\" id=\"mv-trellis-img-26\" data-trellis-processed=\"1\"><div style=\"position: absolute; top: 0.5rem; right: 0.75rem;\"> <a href=\"https:\/\/www.pinterest.com\/pin\/create\/button\/\" data-pin-do=\"buttonPin\" data-pin-tall=\"true\" data-pin-url=\"https:\/\/flawlesshair.com\/es\/pelo-castano-corto\/\" data-pin-media=\"https:\/\/flawlesshair.com\/wp-content\/uploads\/2023\/02\/26.-choppy-short-brown-hairstyle.jpg\" data-pin-description=\"40 Ways To Wear Short Brown Hair In 2025\" rel=\"nofollow noopener\" target=\"_blank\"> <\/a><\/div><\/div><figcaption class=\"wp-element-caption\"><a href=\"https:\/\/www.instagram.com\/thewidowspeakparlor\/\" target=\"_blank\" rel=\"noreferrer noopener nofollow\">@thewidowspeakparlor<\/a><\/figcaption><\/figure>\n\n\n\n<p>En realidad no necesitas ning\u00fan producto para peinar un corte de pelo que ya tiene mucha textura, pero puedes mejorarlo a\u00fan m\u00e1s con un poco de crema de peinado .<\/p>\n\n\n\n<h2 class=\"wp-block-heading\">27. Pelo casta\u00f1o esponjoso<\/h2>\n\n\n\n<figure class=\"wp-block-image size-full\"><div style=\"position: relative;\"><noscript><img loading=\"lazy\" decoding=\"async\" width=\"668\" height=\"835\" src=\"https:\/\/flawlesshair.com\/wp-content\/uploads\/2023\/02\/27.-fluffy-brown-hair.jpg\" alt=\"pelo casta\u00f1o esponjoso\" class=\"wp-image-32878\" srcset=\"https:\/\/flawlesshair.com\/wp-content\/uploads\/2023\/02\/27.-fluffy-brown-hair.jpg 668w, https:\/\/flawlesshair.com\/wp-content\/uploads\/2023\/02\/27.-fluffy-brown-hair-240x300.jpg 240w, https:\/\/flawlesshair.com\/wp-content\/uploads\/2023\/02\/27.-fluffy-brown-hair-10x12.jpg 10w, https:\/\/flawlesshair.com\/wp-content\/uploads\/2023\/02\/27.-fluffy-brown-hair-150x188.jpg 150w\" sizes=\"auto, (max-width: 668px) 100vw, 668px\"><\/noscript><img loading=\"lazy\" decoding=\"async\" width=\"668\" height=\"835\" src=\"https:\/\/flawlesshair.com\/wp-content\/uploads\/2023\/02\/27.-fluffy-brown-hair.jpg\" alt=\"pelo casta\u00f1o esponjoso\" class=\"wp-image-32878 lazyload\" srcset=\"https:\/\/flawlesshair.com\/wp-content\/uploads\/2023\/02\/27.-fluffy-brown-hair.jpg 668w, https:\/\/flawlesshair.com\/wp-content\/uploads\/2023\/02\/27.-fluffy-brown-hair-240x300.jpg 240w, https:\/\/flawlesshair.com\/wp-content\/uploads\/2023\/02\/27.-fluffy-brown-hair-10x12.jpg 10w, https:\/\/flawlesshair.com\/wp-content\/uploads\/2023\/02\/27.-fluffy-brown-hair-150x188.jpg 150w\" sizes=\"auto, (max-width: 668px) 100vw, 668px\" data-pin-media=\"https:\/\/flawlesshair.com\/wp-content\/uploads\/2023\/02\/27.-fluffy-brown-hair.jpg\" id=\"mv-trellis-img-27\" data-trellis-processed=\"1\"><div style=\"position: absolute; top: 0.5rem; right: 0.75rem;\"> <a href=\"https:\/\/www.pinterest.com\/pin\/create\/button\/\" data-pin-do=\"buttonPin\" data-pin-tall=\"true\" data-pin-url=\"https:\/\/flawlesshair.com\/es\/pelo-castano-corto\/\" data-pin-media=\"https:\/\/flawlesshair.com\/wp-content\/uploads\/2023\/02\/27.-fluffy-brown-hair.jpg\" data-pin-description=\"40 Ways To Wear Short Brown Hair In 2025\" rel=\"nofollow noopener\" target=\"_blank\"> <\/a><\/div><\/div><figcaption class=\"wp-element-caption\"><a href=\"https:\/\/www.instagram.com\/rvegetalparis\/\" target=\"_blank\" rel=\"noreferrer noopener nofollow\">@rvegetalparis<\/a><\/figcaption><\/figure>\n\n\n\n<p>Los tonos casta\u00f1os medios c\u00e1lidos quedan mejor con peinados que resalten su suavidad.<\/p>\n\n\n\n<h2 class=\"wp-block-heading\">28. Bob casta\u00f1o texturizado hasta la barbilla<\/h2>\n\n\n\n<figure class=\"wp-block-image size-full\"><div style=\"position: relative;\"><noscript><img loading=\"lazy\" decoding=\"async\" width=\"1080\" height=\"1080\" src=\"https:\/\/flawlesshair.com\/wp-content\/uploads\/2023\/02\/28.-chin-length-textured-brown-bob.jpg\" alt=\"corte recto casta\u00f1o texturizado hasta la barbilla\" class=\"wp-image-32879\" srcset=\"https:\/\/flawlesshair.com\/wp-content\/uploads\/2023\/02\/28.-chin-length-textured-brown-bob.jpg 1080w, https:\/\/flawlesshair.com\/wp-content\/uploads\/2023\/02\/28.-chin-length-textured-brown-bob-300x300.jpg 300w, https:\/\/flawlesshair.com\/wp-content\/uploads\/2023\/02\/28.-chin-length-textured-brown-bob-150x150.jpg 150w, https:\/\/flawlesshair.com\/wp-content\/uploads\/2023\/02\/28.-chin-length-textured-brown-bob-768x768.jpg 768w, https:\/\/flawlesshair.com\/wp-content\/uploads\/2023\/02\/28.-chin-length-textured-brown-bob-12x12.jpg 12w, https:\/\/flawlesshair.com\/wp-content\/uploads\/2023\/02\/28.-chin-length-textured-brown-bob-728x728.jpg 728w, https:\/\/flawlesshair.com\/wp-content\/uploads\/2023\/02\/28.-chin-length-textured-brown-bob-960x960.jpg 960w, https:\/\/flawlesshair.com\/wp-content\/uploads\/2023\/02\/28.-chin-length-textured-brown-bob-96x96.jpg 96w\" sizes=\"auto, (max-width: 760px) calc(100vw - 24px), 720px\"><\/noscript><img loading=\"lazy\" decoding=\"async\" width=\"1080\" height=\"1080\" src=\"https:\/\/flawlesshair.com\/wp-content\/uploads\/2023\/02\/28.-chin-length-textured-brown-bob.jpg\" alt=\"corte recto casta\u00f1o texturizado hasta la barbilla\" class=\"wp-image-32879 lazyload\" srcset=\"https:\/\/flawlesshair.com\/wp-content\/uploads\/2023\/02\/28.-chin-length-textured-brown-bob.jpg 1080w, https:\/\/flawlesshair.com\/wp-content\/uploads\/2023\/02\/28.-chin-length-textured-brown-bob-300x300.jpg 300w, https:\/\/flawlesshair.com\/wp-content\/uploads\/2023\/02\/28.-chin-length-textured-brown-bob-150x150.jpg 150w, https:\/\/flawlesshair.com\/wp-content\/uploads\/2023\/02\/28.-chin-length-textured-brown-bob-768x768.jpg 768w, https:\/\/flawlesshair.com\/wp-content\/uploads\/2023\/02\/28.-chin-length-textured-brown-bob-12x12.jpg 12w, https:\/\/flawlesshair.com\/wp-content\/uploads\/2023\/02\/28.-chin-length-textured-brown-bob-728x728.jpg 728w, https:\/\/flawlesshair.com\/wp-content\/uploads\/2023\/02\/28.-chin-length-textured-brown-bob-960x960.jpg 960w, https:\/\/flawlesshair.com\/wp-content\/uploads\/2023\/02\/28.-chin-length-textured-brown-bob-96x96.jpg 96w\" sizes=\"auto, (max-width: 760px) calc(100vw - 24px), 720px\" data-pin-media=\"https:\/\/flawlesshair.com\/wp-content\/uploads\/2023\/02\/28.-chin-length-textured-brown-bob.jpg\" id=\"mv-trellis-img-28\" data-trellis-processed=\"1\"><div style=\"position: absolute; top: 0.5rem; right: 0.75rem;\"> <a href=\"https:\/\/www.pinterest.com\/pin\/create\/button\/\" data-pin-do=\"buttonPin\" data-pin-tall=\"true\" data-pin-url=\"https:\/\/flawlesshair.com\/es\/pelo-castano-corto\/\" data-pin-media=\"https:\/\/flawlesshair.com\/wp-content\/uploads\/2023\/02\/28.-chin-length-textured-brown-bob.jpg\" data-pin-description=\"40 Ways To Wear Short Brown Hair In 2025\" rel=\"nofollow noopener\" target=\"_blank\"> <\/a><\/div><\/div><figcaption class=\"wp-element-caption\"><a href=\"https:\/\/www.instagram.com\/jessyjinstylist\/\" target=\"_blank\" rel=\"noreferrer noopener nofollow\">@jessyjinstylist<\/a><\/figcaption><\/figure>\n\n\n\n<p>Si tu color de pelo natural es un tono casta\u00f1o claro y te apetece aclararlo a\u00fan m\u00e1s y pasarte al rubio, tienes muchas opciones: balayage, mechas, tinte completo y mucho m\u00e1s, pero dejarlo tal cual es igual de bonito.<\/p>\n\n\n\n<h2 class=\"wp-block-heading\">29. Pelo corto y esponjoso casta\u00f1o<\/h2>\n\n\n\n<figure class=\"wp-block-image size-full\"><div style=\"position: relative;\"><noscript><img loading=\"lazy\" decoding=\"async\" width=\"1080\" height=\"1347\" src=\"https:\/\/flawlesshair.com\/wp-content\/uploads\/2023\/02\/29.-short-brown-fluffy-hair.jpg\" alt=\"pelo corto y esponjoso casta\u00f1o\" class=\"wp-image-32880\" srcset=\"https:\/\/flawlesshair.com\/wp-content\/uploads\/2023\/02\/29.-short-brown-fluffy-hair.jpg 1080w, https:\/\/flawlesshair.com\/wp-content\/uploads\/2023\/02\/29.-short-brown-fluffy-hair-241x300.jpg 241w, https:\/\/flawlesshair.com\/wp-content\/uploads\/2023\/02\/29.-short-brown-fluffy-hair-768x958.jpg 768w, https:\/\/flawlesshair.com\/wp-content\/uploads\/2023\/02\/29.-short-brown-fluffy-hair-10x12.jpg 10w, https:\/\/flawlesshair.com\/wp-content\/uploads\/2023\/02\/29.-short-brown-fluffy-hair-770x960.jpg 770w, https:\/\/flawlesshair.com\/wp-content\/uploads\/2023\/02\/29.-short-brown-fluffy-hair-866x1080.jpg 866w, https:\/\/flawlesshair.com\/wp-content\/uploads\/2023\/02\/29.-short-brown-fluffy-hair-962x1200.jpg 962w, https:\/\/flawlesshair.com\/wp-content\/uploads\/2023\/02\/29.-short-brown-fluffy-hair-150x187.jpg 150w\" sizes=\"auto, (max-width: 760px) calc(100vw - 24px), 720px\"><\/noscript><img loading=\"lazy\" decoding=\"async\" width=\"1080\" height=\"1347\" src=\"https:\/\/flawlesshair.com\/wp-content\/uploads\/2023\/02\/29.-short-brown-fluffy-hair.jpg\" alt=\"pelo corto y esponjoso casta\u00f1o\" class=\"wp-image-32880 lazyload\" srcset=\"https:\/\/flawlesshair.com\/wp-content\/uploads\/2023\/02\/29.-short-brown-fluffy-hair.jpg 1080w, https:\/\/flawlesshair.com\/wp-content\/uploads\/2023\/02\/29.-short-brown-fluffy-hair-241x300.jpg 241w, https:\/\/flawlesshair.com\/wp-content\/uploads\/2023\/02\/29.-short-brown-fluffy-hair-768x958.jpg 768w, https:\/\/flawlesshair.com\/wp-content\/uploads\/2023\/02\/29.-short-brown-fluffy-hair-10x12.jpg 10w, https:\/\/flawlesshair.com\/wp-content\/uploads\/2023\/02\/29.-short-brown-fluffy-hair-770x960.jpg 770w, https:\/\/flawlesshair.com\/wp-content\/uploads\/2023\/02\/29.-short-brown-fluffy-hair-866x1080.jpg 866w, https:\/\/flawlesshair.com\/wp-content\/uploads\/2023\/02\/29.-short-brown-fluffy-hair-962x1200.jpg 962w, https:\/\/flawlesshair.com\/wp-content\/uploads\/2023\/02\/29.-short-brown-fluffy-hair-150x187.jpg 150w\" sizes=\"auto, (max-width: 760px) calc(100vw - 24px), 720px\" data-pin-media=\"https:\/\/flawlesshair.com\/wp-content\/uploads\/2023\/02\/29.-short-brown-fluffy-hair.jpg\" id=\"mv-trellis-img-29\" data-trellis-processed=\"1\"><div style=\"position: absolute; top: 0.5rem; right: 0.75rem;\"> <a href=\"https:\/\/www.pinterest.com\/pin\/create\/button\/\" data-pin-do=\"buttonPin\" data-pin-tall=\"true\" data-pin-url=\"https:\/\/flawlesshair.com\/es\/pelo-castano-corto\/\" data-pin-media=\"https:\/\/flawlesshair.com\/wp-content\/uploads\/2023\/02\/29.-short-brown-fluffy-hair.jpg\" data-pin-description=\"40 Ways To Wear Short Brown Hair In 2025\" rel=\"nofollow noopener\" target=\"_blank\"> <\/a><\/div><\/div><figcaption class=\"wp-element-caption\"><a href=\"https:\/\/www.instagram.com\/nakedeyebeauty\/\" target=\"_blank\" rel=\"noreferrer noopener nofollow\">@nakedeyebeauty<\/a><\/figcaption><\/figure>\n\n\n\n<p>Si te est\u00e1s dejando crecer un pixie o simplemente prefieres la espalda corta y la longitud alrededor de la cara, aseg\u00farate de que tu corte se adapte a tu textura para minimizar la cantidad de peinado necesario y mantener tu pelo sano.<\/p>\n\n\n\n<h2 class=\"wp-block-heading\">30. Bob corto con flequillo para cabello fino<\/h2>\n\n\n\n<figure class=\"wp-block-image size-full\"><div style=\"position: relative;\"><noscript><img loading=\"lazy\" decoding=\"async\" width=\"1440\" height=\"1440\" src=\"https:\/\/flawlesshair.com\/wp-content\/uploads\/2023\/02\/30.-short-bob-with-bangs-for-fine-hair.jpg\" alt=\"bob corto con flequillo para cabello fino\" class=\"wp-image-32881\" srcset=\"https:\/\/flawlesshair.com\/wp-content\/uploads\/2023\/02\/30.-short-bob-with-bangs-for-fine-hair.jpg 1440w, https:\/\/flawlesshair.com\/wp-content\/uploads\/2023\/02\/30.-short-bob-with-bangs-for-fine-hair-300x300.jpg 300w, https:\/\/flawlesshair.com\/wp-content\/uploads\/2023\/02\/30.-short-bob-with-bangs-for-fine-hair-150x150.jpg 150w, https:\/\/flawlesshair.com\/wp-content\/uploads\/2023\/02\/30.-short-bob-with-bangs-for-fine-hair-768x768.jpg 768w, https:\/\/flawlesshair.com\/wp-content\/uploads\/2023\/02\/30.-short-bob-with-bangs-for-fine-hair-12x12.jpg 12w, https:\/\/flawlesshair.com\/wp-content\/uploads\/2023\/02\/30.-short-bob-with-bangs-for-fine-hair-728x728.jpg 728w, https:\/\/flawlesshair.com\/wp-content\/uploads\/2023\/02\/30.-short-bob-with-bangs-for-fine-hair-960x960.jpg 960w, https:\/\/flawlesshair.com\/wp-content\/uploads\/2023\/02\/30.-short-bob-with-bangs-for-fine-hair-1080x1080.jpg 1080w, https:\/\/flawlesshair.com\/wp-content\/uploads\/2023\/02\/30.-short-bob-with-bangs-for-fine-hair-1200x1200.jpg 1200w, https:\/\/flawlesshair.com\/wp-content\/uploads\/2023\/02\/30.-short-bob-with-bangs-for-fine-hair-96x96.jpg 96w\" sizes=\"auto, (max-width: 760px) calc(100vw - 24px), 720px\"><\/noscript><img loading=\"lazy\" decoding=\"async\" width=\"1440\" height=\"1440\" src=\"https:\/\/flawlesshair.com\/wp-content\/uploads\/2023\/02\/30.-short-bob-with-bangs-for-fine-hair.jpg\" alt=\"bob corto con flequillo para cabello fino\" class=\"wp-image-32881 lazyload\" srcset=\"https:\/\/flawlesshair.com\/wp-content\/uploads\/2023\/02\/30.-short-bob-with-bangs-for-fine-hair.jpg 1440w, https:\/\/flawlesshair.com\/wp-content\/uploads\/2023\/02\/30.-short-bob-with-bangs-for-fine-hair-300x300.jpg 300w, https:\/\/flawlesshair.com\/wp-content\/uploads\/2023\/02\/30.-short-bob-with-bangs-for-fine-hair-150x150.jpg 150w, https:\/\/flawlesshair.com\/wp-content\/uploads\/2023\/02\/30.-short-bob-with-bangs-for-fine-hair-768x768.jpg 768w, https:\/\/flawlesshair.com\/wp-content\/uploads\/2023\/02\/30.-short-bob-with-bangs-for-fine-hair-12x12.jpg 12w, https:\/\/flawlesshair.com\/wp-content\/uploads\/2023\/02\/30.-short-bob-with-bangs-for-fine-hair-728x728.jpg 728w, https:\/\/flawlesshair.com\/wp-content\/uploads\/2023\/02\/30.-short-bob-with-bangs-for-fine-hair-960x960.jpg 960w, https:\/\/flawlesshair.com\/wp-content\/uploads\/2023\/02\/30.-short-bob-with-bangs-for-fine-hair-1080x1080.jpg 1080w, https:\/\/flawlesshair.com\/wp-content\/uploads\/2023\/02\/30.-short-bob-with-bangs-for-fine-hair-1200x1200.jpg 1200w, https:\/\/flawlesshair.com\/wp-content\/uploads\/2023\/02\/30.-short-bob-with-bangs-for-fine-hair-96x96.jpg 96w\" sizes=\"auto, (max-width: 760px) calc(100vw - 24px), 720px\" data-pin-media=\"https:\/\/flawlesshair.com\/wp-content\/uploads\/2023\/02\/30.-short-bob-with-bangs-for-fine-hair.jpg\" id=\"mv-trellis-img-30\" data-trellis-processed=\"1\"><div style=\"position: absolute; top: 0.5rem; right: 0.75rem;\"> <a href=\"https:\/\/www.pinterest.com\/pin\/create\/button\/\" data-pin-do=\"buttonPin\" data-pin-tall=\"true\" data-pin-url=\"https:\/\/flawlesshair.com\/es\/pelo-castano-corto\/\" data-pin-media=\"https:\/\/flawlesshair.com\/wp-content\/uploads\/2023\/02\/30.-short-bob-with-bangs-for-fine-hair.jpg\" data-pin-description=\"40 Ways To Wear Short Brown Hair In 2025\" rel=\"nofollow noopener\" target=\"_blank\"> <\/a><\/div><\/div><figcaption class=\"wp-element-caption\"><a href=\"https:\/\/www.instagram.com\/shoji.i\/\" target=\"_blank\" rel=\"noreferrer noopener nofollow\">@shoji.i<\/a><\/figcaption><\/figure>\n\n\n\n<p>El flequillo cortina nunca pasa de moda, y he aqu\u00ed por qu\u00e9: nada es tan favorecedor como unos mechones que enmarcan el rostro y se funden con el largo.<\/p>\n\n\n\n<h2 class=\"wp-block-heading\">31. Trendy Choppy Pelo Corto Casta\u00f1o<\/h2>\n\n\n\n<figure class=\"wp-block-image size-full\"><div style=\"position: relative;\"><noscript><img loading=\"lazy\" decoding=\"async\" width=\"1080\" height=\"1350\" src=\"https:\/\/flawlesshair.com\/wp-content\/uploads\/2023\/02\/31.-trendy-choppy-short-brown-hair.jpg\" alt=\"pelo corto casta\u00f1o\" class=\"wp-image-32882\" srcset=\"https:\/\/flawlesshair.com\/wp-content\/uploads\/2023\/02\/31.-trendy-choppy-short-brown-hair.jpg 1080w, https:\/\/flawlesshair.com\/wp-content\/uploads\/2023\/02\/31.-trendy-choppy-short-brown-hair-240x300.jpg 240w, https:\/\/flawlesshair.com\/wp-content\/uploads\/2023\/02\/31.-trendy-choppy-short-brown-hair-768x960.jpg 768w, https:\/\/flawlesshair.com\/wp-content\/uploads\/2023\/02\/31.-trendy-choppy-short-brown-hair-10x12.jpg 10w, https:\/\/flawlesshair.com\/wp-content\/uploads\/2023\/02\/31.-trendy-choppy-short-brown-hair-864x1080.jpg 864w, https:\/\/flawlesshair.com\/wp-content\/uploads\/2023\/02\/31.-trendy-choppy-short-brown-hair-960x1200.jpg 960w, https:\/\/flawlesshair.com\/wp-content\/uploads\/2023\/02\/31.-trendy-choppy-short-brown-hair-150x188.jpg 150w\" sizes=\"auto, (max-width: 760px) calc(100vw - 24px), 720px\"><\/noscript><img loading=\"lazy\" decoding=\"async\" width=\"1080\" height=\"1350\" src=\"https:\/\/flawlesshair.com\/wp-content\/uploads\/2023\/02\/31.-trendy-choppy-short-brown-hair.jpg\" alt=\"pelo corto casta\u00f1o\" class=\"wp-image-32882 lazyload\" srcset=\"https:\/\/flawlesshair.com\/wp-content\/uploads\/2023\/02\/31.-trendy-choppy-short-brown-hair.jpg 1080w, https:\/\/flawlesshair.com\/wp-content\/uploads\/2023\/02\/31.-trendy-choppy-short-brown-hair-240x300.jpg 240w, https:\/\/flawlesshair.com\/wp-content\/uploads\/2023\/02\/31.-trendy-choppy-short-brown-hair-768x960.jpg 768w, https:\/\/flawlesshair.com\/wp-content\/uploads\/2023\/02\/31.-trendy-choppy-short-brown-hair-10x12.jpg 10w, https:\/\/flawlesshair.com\/wp-content\/uploads\/2023\/02\/31.-trendy-choppy-short-brown-hair-864x1080.jpg 864w, https:\/\/flawlesshair.com\/wp-content\/uploads\/2023\/02\/31.-trendy-choppy-short-brown-hair-960x1200.jpg 960w, https:\/\/flawlesshair.com\/wp-content\/uploads\/2023\/02\/31.-trendy-choppy-short-brown-hair-150x188.jpg 150w\" sizes=\"auto, (max-width: 760px) calc(100vw - 24px), 720px\" data-pin-media=\"https:\/\/flawlesshair.com\/wp-content\/uploads\/2023\/02\/31.-trendy-choppy-short-brown-hair.jpg\" id=\"mv-trellis-img-31\" data-trellis-processed=\"1\"><div style=\"position: absolute; top: 0.5rem; right: 0.75rem;\"> <a href=\"https:\/\/www.pinterest.com\/pin\/create\/button\/\" data-pin-do=\"buttonPin\" data-pin-tall=\"true\" data-pin-url=\"https:\/\/flawlesshair.com\/es\/pelo-castano-corto\/\" data-pin-media=\"https:\/\/flawlesshair.com\/wp-content\/uploads\/2023\/02\/31.-trendy-choppy-short-brown-hair.jpg\" data-pin-description=\"40 Ways To Wear Short Brown Hair In 2025\" rel=\"nofollow noopener\" target=\"_blank\"> <\/a><\/div><\/div><figcaption class=\"wp-element-caption\"><a href=\"https:\/\/www.instagram.com\/hollygirldoeshair\/\" target=\"_blank\" rel=\"noreferrer noopener nofollow\">@hollygirldoeshair<\/a><\/figcaption><\/figure>\n\n\n\n<p>Si te ti\u00f1es el pelo de alguno de los tonos casta\u00f1os m\u00e1s oscuros, sabes que tu cabello puede perder brillo. La soluci\u00f3n: un esmalte capilar que refresca el color al instante y le devuelve el brillo.<\/p>\n\n\n\n<h2 class=\"wp-block-heading\">32. Bob recto despuntado con flequillo ondulado<\/h2>\n\n\n\n<figure class=\"wp-block-image size-full\"><div style=\"position: relative;\"><noscript><img loading=\"lazy\" decoding=\"async\" width=\"1080\" height=\"1350\" src=\"https:\/\/flawlesshair.com\/wp-content\/uploads\/2023\/02\/32.-straight-blunt-bob-with-wispy-bangs.jpg\" alt=\"bob recto despuntado con flequillo ondulado\" class=\"wp-image-32883\" srcset=\"https:\/\/flawlesshair.com\/wp-content\/uploads\/2023\/02\/32.-straight-blunt-bob-with-wispy-bangs.jpg 1080w, https:\/\/flawlesshair.com\/wp-content\/uploads\/2023\/02\/32.-straight-blunt-bob-with-wispy-bangs-240x300.jpg 240w, https:\/\/flawlesshair.com\/wp-content\/uploads\/2023\/02\/32.-straight-blunt-bob-with-wispy-bangs-768x960.jpg 768w, https:\/\/flawlesshair.com\/wp-content\/uploads\/2023\/02\/32.-straight-blunt-bob-with-wispy-bangs-10x12.jpg 10w, https:\/\/flawlesshair.com\/wp-content\/uploads\/2023\/02\/32.-straight-blunt-bob-with-wispy-bangs-864x1080.jpg 864w, https:\/\/flawlesshair.com\/wp-content\/uploads\/2023\/02\/32.-straight-blunt-bob-with-wispy-bangs-960x1200.jpg 960w, https:\/\/flawlesshair.com\/wp-content\/uploads\/2023\/02\/32.-straight-blunt-bob-with-wispy-bangs-150x188.jpg 150w\" sizes=\"auto, (max-width: 760px) calc(100vw - 24px), 720px\"><\/noscript><img loading=\"lazy\" decoding=\"async\" width=\"1080\" height=\"1350\" src=\"https:\/\/flawlesshair.com\/wp-content\/uploads\/2023\/02\/32.-straight-blunt-bob-with-wispy-bangs.jpg\" alt=\"bob recto despuntado con flequillo ondulado\" class=\"wp-image-32883 lazyload\" srcset=\"https:\/\/flawlesshair.com\/wp-content\/uploads\/2023\/02\/32.-straight-blunt-bob-with-wispy-bangs.jpg 1080w, https:\/\/flawlesshair.com\/wp-content\/uploads\/2023\/02\/32.-straight-blunt-bob-with-wispy-bangs-240x300.jpg 240w, https:\/\/flawlesshair.com\/wp-content\/uploads\/2023\/02\/32.-straight-blunt-bob-with-wispy-bangs-768x960.jpg 768w, https:\/\/flawlesshair.com\/wp-content\/uploads\/2023\/02\/32.-straight-blunt-bob-with-wispy-bangs-10x12.jpg 10w, https:\/\/flawlesshair.com\/wp-content\/uploads\/2023\/02\/32.-straight-blunt-bob-with-wispy-bangs-864x1080.jpg 864w, https:\/\/flawlesshair.com\/wp-content\/uploads\/2023\/02\/32.-straight-blunt-bob-with-wispy-bangs-960x1200.jpg 960w, https:\/\/flawlesshair.com\/wp-content\/uploads\/2023\/02\/32.-straight-blunt-bob-with-wispy-bangs-150x188.jpg 150w\" sizes=\"auto, (max-width: 760px) calc(100vw - 24px), 720px\" data-pin-media=\"https:\/\/flawlesshair.com\/wp-content\/uploads\/2023\/02\/32.-straight-blunt-bob-with-wispy-bangs.jpg\" id=\"mv-trellis-img-32\" data-trellis-processed=\"1\"><div style=\"position: absolute; top: 0.5rem; right: 0.75rem;\"> <a href=\"https:\/\/www.pinterest.com\/pin\/create\/button\/\" data-pin-do=\"buttonPin\" data-pin-tall=\"true\" data-pin-url=\"https:\/\/flawlesshair.com\/es\/pelo-castano-corto\/\" data-pin-media=\"https:\/\/flawlesshair.com\/wp-content\/uploads\/2023\/02\/32.-straight-blunt-bob-with-wispy-bangs.jpg\" data-pin-description=\"40 Ways To Wear Short Brown Hair In 2025\" rel=\"nofollow noopener\" target=\"_blank\"> <\/a><\/div><\/div><figcaption class=\"wp-element-caption\"><a href=\"https:\/\/www.instagram.com\/kultura_moscow\/\" target=\"_blank\" rel=\"noreferrer noopener nofollow\">@kultura_moscow<\/a><\/figcaption><\/figure>\n\n\n\n<p>Llevar un corte recto ondulado sigue siendo tendencia, pero no hay nada mejor que un corte recto cl\u00e1sico con flequillo. <\/p>\n\n\n\n<h2 class=\"wp-block-heading\">33. Pelo corto casta\u00f1o<\/h2>\n\n\n\n<figure class=\"wp-block-image size-full\"><div style=\"position: relative;\"><noscript><img loading=\"lazy\" decoding=\"async\" width=\"1080\" height=\"1177\" src=\"https:\/\/flawlesshair.com\/wp-content\/uploads\/2023\/02\/33.-stacked-short-brown-hair.jpg\" alt=\"pelo corto casta\u00f1o apilado\" class=\"wp-image-32884\" srcset=\"https:\/\/flawlesshair.com\/wp-content\/uploads\/2023\/02\/33.-stacked-short-brown-hair.jpg 1080w, https:\/\/flawlesshair.com\/wp-content\/uploads\/2023\/02\/33.-stacked-short-brown-hair-275x300.jpg 275w, https:\/\/flawlesshair.com\/wp-content\/uploads\/2023\/02\/33.-stacked-short-brown-hair-768x837.jpg 768w, https:\/\/flawlesshair.com\/wp-content\/uploads\/2023\/02\/33.-stacked-short-brown-hair-11x12.jpg 11w, https:\/\/flawlesshair.com\/wp-content\/uploads\/2023\/02\/33.-stacked-short-brown-hair-881x960.jpg 881w, https:\/\/flawlesshair.com\/wp-content\/uploads\/2023\/02\/33.-stacked-short-brown-hair-991x1080.jpg 991w, https:\/\/flawlesshair.com\/wp-content\/uploads\/2023\/02\/33.-stacked-short-brown-hair-150x163.jpg 150w\" sizes=\"auto, (max-width: 760px) calc(100vw - 24px), 720px\"><\/noscript><img loading=\"lazy\" decoding=\"async\" width=\"1080\" height=\"1177\" src=\"https:\/\/flawlesshair.com\/wp-content\/uploads\/2023\/02\/33.-stacked-short-brown-hair.jpg\" alt=\"pelo corto casta\u00f1o apilado\" class=\"wp-image-32884 lazyload\" srcset=\"https:\/\/flawlesshair.com\/wp-content\/uploads\/2023\/02\/33.-stacked-short-brown-hair.jpg 1080w, https:\/\/flawlesshair.com\/wp-content\/uploads\/2023\/02\/33.-stacked-short-brown-hair-275x300.jpg 275w, https:\/\/flawlesshair.com\/wp-content\/uploads\/2023\/02\/33.-stacked-short-brown-hair-768x837.jpg 768w, https:\/\/flawlesshair.com\/wp-content\/uploads\/2023\/02\/33.-stacked-short-brown-hair-11x12.jpg 11w, https:\/\/flawlesshair.com\/wp-content\/uploads\/2023\/02\/33.-stacked-short-brown-hair-881x960.jpg 881w, https:\/\/flawlesshair.com\/wp-content\/uploads\/2023\/02\/33.-stacked-short-brown-hair-991x1080.jpg 991w, https:\/\/flawlesshair.com\/wp-content\/uploads\/2023\/02\/33.-stacked-short-brown-hair-150x163.jpg 150w\" sizes=\"auto, (max-width: 760px) calc(100vw - 24px), 720px\" data-pin-media=\"https:\/\/flawlesshair.com\/wp-content\/uploads\/2023\/02\/33.-stacked-short-brown-hair.jpg\" id=\"mv-trellis-img-33\" data-trellis-processed=\"1\"><div style=\"position: absolute; top: 0.5rem; right: 0.75rem;\"> <a href=\"https:\/\/www.pinterest.com\/pin\/create\/button\/\" data-pin-do=\"buttonPin\" data-pin-tall=\"true\" data-pin-url=\"https:\/\/flawlesshair.com\/es\/pelo-castano-corto\/\" data-pin-media=\"https:\/\/flawlesshair.com\/wp-content\/uploads\/2023\/02\/33.-stacked-short-brown-hair.jpg\" data-pin-description=\"40 Ways To Wear Short Brown Hair In 2025\" rel=\"nofollow noopener\" target=\"_blank\"> <\/a><\/div><\/div><figcaption class=\"wp-element-caption\"><a href=\"https:\/\/www.instagram.com\/lara_stelmashuk\/\" target=\"_blank\" rel=\"noreferrer noopener nofollow\">@lara_stelmashuk<\/a><\/figcaption><\/figure>\n\n\n\n<p>Este peinado tiene volumen sin abultar, y la longitud suficiente para jugar, pero no perder\u00e1s una hora pein\u00e1ndolo. Un ganador. <\/p>\n\n\n\n<h2 class=\"wp-block-heading\">34. Cabello casta\u00f1o muy corto<\/h2>\n\n\n\n<figure class=\"wp-block-image size-full\"><div style=\"position: relative;\"><noscript><img loading=\"lazy\" decoding=\"async\" width=\"1080\" height=\"866\" src=\"https:\/\/flawlesshair.com\/wp-content\/uploads\/2023\/02\/34.-very-short-brown-hair.jpg\" alt=\"pelo casta\u00f1o muy corto\" class=\"wp-image-32885\" srcset=\"https:\/\/flawlesshair.com\/wp-content\/uploads\/2023\/02\/34.-very-short-brown-hair.jpg 1080w, https:\/\/flawlesshair.com\/wp-content\/uploads\/2023\/02\/34.-very-short-brown-hair-300x241.jpg 300w, https:\/\/flawlesshair.com\/wp-content\/uploads\/2023\/02\/34.-very-short-brown-hair-768x616.jpg 768w, https:\/\/flawlesshair.com\/wp-content\/uploads\/2023\/02\/34.-very-short-brown-hair-15x12.jpg 15w, https:\/\/flawlesshair.com\/wp-content\/uploads\/2023\/02\/34.-very-short-brown-hair-960x770.jpg 960w, https:\/\/flawlesshair.com\/wp-content\/uploads\/2023\/02\/34.-very-short-brown-hair-150x120.jpg 150w\" sizes=\"auto, (max-width: 760px) calc(100vw - 24px), 720px\"><\/noscript><img loading=\"lazy\" decoding=\"async\" width=\"1080\" height=\"866\" src=\"https:\/\/flawlesshair.com\/wp-content\/uploads\/2023\/02\/34.-very-short-brown-hair.jpg\" alt=\"pelo casta\u00f1o muy corto\" class=\"wp-image-32885 lazyload\" srcset=\"https:\/\/flawlesshair.com\/wp-content\/uploads\/2023\/02\/34.-very-short-brown-hair.jpg 1080w, https:\/\/flawlesshair.com\/wp-content\/uploads\/2023\/02\/34.-very-short-brown-hair-300x241.jpg 300w, https:\/\/flawlesshair.com\/wp-content\/uploads\/2023\/02\/34.-very-short-brown-hair-768x616.jpg 768w, https:\/\/flawlesshair.com\/wp-content\/uploads\/2023\/02\/34.-very-short-brown-hair-15x12.jpg 15w, https:\/\/flawlesshair.com\/wp-content\/uploads\/2023\/02\/34.-very-short-brown-hair-960x770.jpg 960w, https:\/\/flawlesshair.com\/wp-content\/uploads\/2023\/02\/34.-very-short-brown-hair-150x120.jpg 150w\" sizes=\"auto, (max-width: 760px) calc(100vw - 24px), 720px\" data-pin-media=\"https:\/\/flawlesshair.com\/wp-content\/uploads\/2023\/02\/34.-very-short-brown-hair.jpg\" id=\"mv-trellis-img-34\" data-trellis-processed=\"1\"><div style=\"position: absolute; top: 0.5rem; right: 0.75rem;\"> <a href=\"https:\/\/www.pinterest.com\/pin\/create\/button\/\" data-pin-do=\"buttonPin\" data-pin-tall=\"true\" data-pin-url=\"https:\/\/flawlesshair.com\/es\/pelo-castano-corto\/\" data-pin-media=\"https:\/\/flawlesshair.com\/wp-content\/uploads\/2023\/02\/34.-very-short-brown-hair.jpg\" data-pin-description=\"40 Ways To Wear Short Brown Hair In 2025\" rel=\"nofollow noopener\" target=\"_blank\"> <\/a><\/div><\/div><figcaption class=\"wp-element-caption\"><a href=\"https:\/\/www.instagram.com\/aya_sugiyama_hair\/\" target=\"_blank\" rel=\"noreferrer noopener nofollow\">@aya_sugiyama_hair<\/a><\/figcaption><\/figure>\n\n\n\n<p>El flequillo Hepburn hace que cualquier estilo parezca mucho m\u00e1s bonito, sobre todo un corte pixie ya de por s\u00ed adorable.<\/p>\n\n\n\n<h2 class=\"wp-block-heading\">35. Pelo casta\u00f1o Chin-Length Bob<\/h2>\n\n\n\n<figure class=\"wp-block-image size-full\"><div style=\"position: relative;\"><noscript><img loading=\"lazy\" decoding=\"async\" width=\"1080\" height=\"1350\" src=\"https:\/\/flawlesshair.com\/wp-content\/uploads\/2023\/02\/35.-brown-hair-chin-length-bob.jpg\" alt=\"pelo casta\u00f1o largo hasta la barbilla bob\" class=\"wp-image-32886\" srcset=\"https:\/\/flawlesshair.com\/wp-content\/uploads\/2023\/02\/35.-brown-hair-chin-length-bob.jpg 1080w, https:\/\/flawlesshair.com\/wp-content\/uploads\/2023\/02\/35.-brown-hair-chin-length-bob-240x300.jpg 240w, https:\/\/flawlesshair.com\/wp-content\/uploads\/2023\/02\/35.-brown-hair-chin-length-bob-768x960.jpg 768w, https:\/\/flawlesshair.com\/wp-content\/uploads\/2023\/02\/35.-brown-hair-chin-length-bob-10x12.jpg 10w, https:\/\/flawlesshair.com\/wp-content\/uploads\/2023\/02\/35.-brown-hair-chin-length-bob-864x1080.jpg 864w, https:\/\/flawlesshair.com\/wp-content\/uploads\/2023\/02\/35.-brown-hair-chin-length-bob-960x1200.jpg 960w, https:\/\/flawlesshair.com\/wp-content\/uploads\/2023\/02\/35.-brown-hair-chin-length-bob-150x188.jpg 150w\" sizes=\"auto, (max-width: 760px) calc(100vw - 24px), 720px\"><\/noscript><img loading=\"lazy\" decoding=\"async\" width=\"1080\" height=\"1350\" src=\"https:\/\/flawlesshair.com\/wp-content\/uploads\/2023\/02\/35.-brown-hair-chin-length-bob.jpg\" alt=\"pelo casta\u00f1o largo hasta la barbilla bob\" class=\"wp-image-32886 lazyload\" srcset=\"https:\/\/flawlesshair.com\/wp-content\/uploads\/2023\/02\/35.-brown-hair-chin-length-bob.jpg 1080w, https:\/\/flawlesshair.com\/wp-content\/uploads\/2023\/02\/35.-brown-hair-chin-length-bob-240x300.jpg 240w, https:\/\/flawlesshair.com\/wp-content\/uploads\/2023\/02\/35.-brown-hair-chin-length-bob-768x960.jpg 768w, https:\/\/flawlesshair.com\/wp-content\/uploads\/2023\/02\/35.-brown-hair-chin-length-bob-10x12.jpg 10w, https:\/\/flawlesshair.com\/wp-content\/uploads\/2023\/02\/35.-brown-hair-chin-length-bob-864x1080.jpg 864w, https:\/\/flawlesshair.com\/wp-content\/uploads\/2023\/02\/35.-brown-hair-chin-length-bob-960x1200.jpg 960w, https:\/\/flawlesshair.com\/wp-content\/uploads\/2023\/02\/35.-brown-hair-chin-length-bob-150x188.jpg 150w\" sizes=\"auto, (max-width: 760px) calc(100vw - 24px), 720px\" data-pin-media=\"https:\/\/flawlesshair.com\/wp-content\/uploads\/2023\/02\/35.-brown-hair-chin-length-bob.jpg\" id=\"mv-trellis-img-35\" data-trellis-processed=\"1\"><div style=\"position: absolute; top: 0.5rem; right: 0.75rem;\"> <a href=\"https:\/\/www.pinterest.com\/pin\/create\/button\/\" data-pin-do=\"buttonPin\" data-pin-tall=\"true\" data-pin-url=\"https:\/\/flawlesshair.com\/es\/pelo-castano-corto\/\" data-pin-media=\"https:\/\/flawlesshair.com\/wp-content\/uploads\/2023\/02\/35.-brown-hair-chin-length-bob.jpg\" data-pin-description=\"40 Ways To Wear Short Brown Hair In 2025\" rel=\"nofollow noopener\" target=\"_blank\"> <\/a><\/div><\/div><figcaption class=\"wp-element-caption\"><a href=\"https:\/\/www.instagram.com\/sergeyshapochka\/\" target=\"_blank\" rel=\"noreferrer noopener nofollow\">@sergeyshapochka<\/a><\/figcaption><\/figure>\n\n\n\n<p>Un corte recto corto y redondeado es lo suficientemente glamuroso como para no necesitar un color chill\u00f3n que lo acompa\u00f1e: queda igual de sofisticado con un casta\u00f1o medio natural que con un color cuidadosamente elegido.<\/p>\n\n\n\n<h2 class=\"wp-block-heading\">36. Salmonete corto casta\u00f1o con flequillo de beb\u00e9<\/h2>\n\n\n\n<figure class=\"wp-block-image size-full\"><div style=\"position: relative;\"><noscript><img loading=\"lazy\" decoding=\"async\" width=\"1080\" height=\"1346\" src=\"https:\/\/flawlesshair.com\/wp-content\/uploads\/2023\/02\/36.-short-brown-mullet-with-baby-bangs.jpg\" alt=\"salmonete corto casta\u00f1o con flequillo de beb\u00e9\" class=\"wp-image-32887\" srcset=\"https:\/\/flawlesshair.com\/wp-content\/uploads\/2023\/02\/36.-short-brown-mullet-with-baby-bangs.jpg 1080w, https:\/\/flawlesshair.com\/wp-content\/uploads\/2023\/02\/36.-short-brown-mullet-with-baby-bangs-241x300.jpg 241w, https:\/\/flawlesshair.com\/wp-content\/uploads\/2023\/02\/36.-short-brown-mullet-with-baby-bangs-768x957.jpg 768w, https:\/\/flawlesshair.com\/wp-content\/uploads\/2023\/02\/36.-short-brown-mullet-with-baby-bangs-10x12.jpg 10w, https:\/\/flawlesshair.com\/wp-content\/uploads\/2023\/02\/36.-short-brown-mullet-with-baby-bangs-770x960.jpg 770w, https:\/\/flawlesshair.com\/wp-content\/uploads\/2023\/02\/36.-short-brown-mullet-with-baby-bangs-867x1080.jpg 867w, https:\/\/flawlesshair.com\/wp-content\/uploads\/2023\/02\/36.-short-brown-mullet-with-baby-bangs-963x1200.jpg 963w, https:\/\/flawlesshair.com\/wp-content\/uploads\/2023\/02\/36.-short-brown-mullet-with-baby-bangs-150x187.jpg 150w\" sizes=\"auto, (max-width: 760px) calc(100vw - 24px), 720px\"><\/noscript><img loading=\"lazy\" decoding=\"async\" width=\"1080\" height=\"1346\" src=\"https:\/\/flawlesshair.com\/wp-content\/uploads\/2023\/02\/36.-short-brown-mullet-with-baby-bangs.jpg\" alt=\"salmonete corto casta\u00f1o con flequillo de beb\u00e9\" class=\"wp-image-32887 lazyload\" srcset=\"https:\/\/flawlesshair.com\/wp-content\/uploads\/2023\/02\/36.-short-brown-mullet-with-baby-bangs.jpg 1080w, https:\/\/flawlesshair.com\/wp-content\/uploads\/2023\/02\/36.-short-brown-mullet-with-baby-bangs-241x300.jpg 241w, https:\/\/flawlesshair.com\/wp-content\/uploads\/2023\/02\/36.-short-brown-mullet-with-baby-bangs-768x957.jpg 768w, https:\/\/flawlesshair.com\/wp-content\/uploads\/2023\/02\/36.-short-brown-mullet-with-baby-bangs-10x12.jpg 10w, https:\/\/flawlesshair.com\/wp-content\/uploads\/2023\/02\/36.-short-brown-mullet-with-baby-bangs-770x960.jpg 770w, https:\/\/flawlesshair.com\/wp-content\/uploads\/2023\/02\/36.-short-brown-mullet-with-baby-bangs-867x1080.jpg 867w, https:\/\/flawlesshair.com\/wp-content\/uploads\/2023\/02\/36.-short-brown-mullet-with-baby-bangs-963x1200.jpg 963w, https:\/\/flawlesshair.com\/wp-content\/uploads\/2023\/02\/36.-short-brown-mullet-with-baby-bangs-150x187.jpg 150w\" sizes=\"auto, (max-width: 760px) calc(100vw - 24px), 720px\" data-pin-media=\"https:\/\/flawlesshair.com\/wp-content\/uploads\/2023\/02\/36.-short-brown-mullet-with-baby-bangs.jpg\" id=\"mv-trellis-img-36\" data-trellis-processed=\"1\"><div style=\"position: absolute; top: 0.5rem; right: 0.75rem;\"> <a href=\"https:\/\/www.pinterest.com\/pin\/create\/button\/\" data-pin-do=\"buttonPin\" data-pin-tall=\"true\" data-pin-url=\"https:\/\/flawlesshair.com\/es\/pelo-castano-corto\/\" data-pin-media=\"https:\/\/flawlesshair.com\/wp-content\/uploads\/2023\/02\/36.-short-brown-mullet-with-baby-bangs.jpg\" data-pin-description=\"40 Ways To Wear Short Brown Hair In 2025\" rel=\"nofollow noopener\" target=\"_blank\"> <\/a><\/div><\/div><figcaption class=\"wp-element-caption\"><a href=\"https:\/\/www.instagram.com\/gayhairday\/\" target=\"_blank\" rel=\"noreferrer noopener nofollow\">@gayhairday<\/a><\/figcaption><\/figure>\n\n\n\n<p>Los salmonetes y los shags est\u00e1n por todas partes estos d\u00edas, y los ver\u00e1s en colores vivos y el\u00e9ctricos, o combinados con pelo natural y sin tocar.<\/p>\n\n\n\n<h2 class=\"wp-block-heading\">37. Pelo casta\u00f1o corto en punta<\/h2>\n\n\n\n<figure class=\"wp-block-image size-full\"><div style=\"position: relative;\"><noscript><img loading=\"lazy\" decoding=\"async\" width=\"981\" height=\"1226\" src=\"https:\/\/flawlesshair.com\/wp-content\/uploads\/2023\/02\/37.-spiky-short-brown-hair.jpg\" alt=\"pelo casta\u00f1o corto en punta\" class=\"wp-image-32888\" srcset=\"https:\/\/flawlesshair.com\/wp-content\/uploads\/2023\/02\/37.-spiky-short-brown-hair.jpg 981w, https:\/\/flawlesshair.com\/wp-content\/uploads\/2023\/02\/37.-spiky-short-brown-hair-240x300.jpg 240w, https:\/\/flawlesshair.com\/wp-content\/uploads\/2023\/02\/37.-spiky-short-brown-hair-768x960.jpg 768w, https:\/\/flawlesshair.com\/wp-content\/uploads\/2023\/02\/37.-spiky-short-brown-hair-10x12.jpg 10w, https:\/\/flawlesshair.com\/wp-content\/uploads\/2023\/02\/37.-spiky-short-brown-hair-864x1080.jpg 864w, https:\/\/flawlesshair.com\/wp-content\/uploads\/2023\/02\/37.-spiky-short-brown-hair-960x1200.jpg 960w, https:\/\/flawlesshair.com\/wp-content\/uploads\/2023\/02\/37.-spiky-short-brown-hair-150x187.jpg 150w\" sizes=\"auto, (max-width: 760px) calc(100vw - 24px), 720px\"><\/noscript><img loading=\"lazy\" decoding=\"async\" width=\"981\" height=\"1226\" src=\"https:\/\/flawlesshair.com\/wp-content\/uploads\/2023\/02\/37.-spiky-short-brown-hair.jpg\" alt=\"pelo casta\u00f1o corto en punta\" class=\"wp-image-32888 lazyload\" srcset=\"https:\/\/flawlesshair.com\/wp-content\/uploads\/2023\/02\/37.-spiky-short-brown-hair.jpg 981w, https:\/\/flawlesshair.com\/wp-content\/uploads\/2023\/02\/37.-spiky-short-brown-hair-240x300.jpg 240w, https:\/\/flawlesshair.com\/wp-content\/uploads\/2023\/02\/37.-spiky-short-brown-hair-768x960.jpg 768w, https:\/\/flawlesshair.com\/wp-content\/uploads\/2023\/02\/37.-spiky-short-brown-hair-10x12.jpg 10w, https:\/\/flawlesshair.com\/wp-content\/uploads\/2023\/02\/37.-spiky-short-brown-hair-864x1080.jpg 864w, https:\/\/flawlesshair.com\/wp-content\/uploads\/2023\/02\/37.-spiky-short-brown-hair-960x1200.jpg 960w, https:\/\/flawlesshair.com\/wp-content\/uploads\/2023\/02\/37.-spiky-short-brown-hair-150x187.jpg 150w\" sizes=\"auto, (max-width: 760px) calc(100vw - 24px), 720px\" data-pin-media=\"https:\/\/flawlesshair.com\/wp-content\/uploads\/2023\/02\/37.-spiky-short-brown-hair.jpg\" id=\"mv-trellis-img-37\" data-trellis-processed=\"1\"><div style=\"position: absolute; top: 0.5rem; right: 0.75rem;\"> <a href=\"https:\/\/www.pinterest.com\/pin\/create\/button\/\" data-pin-do=\"buttonPin\" data-pin-tall=\"true\" data-pin-url=\"https:\/\/flawlesshair.com\/es\/pelo-castano-corto\/\" data-pin-media=\"https:\/\/flawlesshair.com\/wp-content\/uploads\/2023\/02\/37.-spiky-short-brown-hair.jpg\" data-pin-description=\"40 Ways To Wear Short Brown Hair In 2025\" rel=\"nofollow noopener\" target=\"_blank\"> <\/a><\/div><\/div><figcaption class=\"wp-element-caption\"><a href=\"https:\/\/www.instagram.com\/stebunovhair\/\" target=\"_blank\" rel=\"noreferrer noopener nofollow\">@stebunovhair<\/a><\/figcaption><\/figure>\n\n\n\n<p>Algunos estilos se ven sin esfuerzo, otros son <em>en realidad<\/em> sin esfuerzo, como este pixie texturizado que queda mejor al natural.<\/p>\n\n\n\n<h2 class=\"wp-block-heading\">38. Corte de pelo corto en capas con flequillo<\/h2>\n\n\n\n<figure class=\"wp-block-image size-full\"><div style=\"position: relative;\"><noscript><img loading=\"lazy\" decoding=\"async\" width=\"1080\" height=\"1350\" src=\"https:\/\/flawlesshair.com\/wp-content\/uploads\/2023\/02\/38.-layered-short-haircut-with-bangs.jpg\" alt=\"corte de pelo corto a capas con flequillo\" class=\"wp-image-32889\" srcset=\"https:\/\/flawlesshair.com\/wp-content\/uploads\/2023\/02\/38.-layered-short-haircut-with-bangs.jpg 1080w, https:\/\/flawlesshair.com\/wp-content\/uploads\/2023\/02\/38.-layered-short-haircut-with-bangs-240x300.jpg 240w, https:\/\/flawlesshair.com\/wp-content\/uploads\/2023\/02\/38.-layered-short-haircut-with-bangs-768x960.jpg 768w, https:\/\/flawlesshair.com\/wp-content\/uploads\/2023\/02\/38.-layered-short-haircut-with-bangs-10x12.jpg 10w, https:\/\/flawlesshair.com\/wp-content\/uploads\/2023\/02\/38.-layered-short-haircut-with-bangs-864x1080.jpg 864w, https:\/\/flawlesshair.com\/wp-content\/uploads\/2023\/02\/38.-layered-short-haircut-with-bangs-960x1200.jpg 960w, https:\/\/flawlesshair.com\/wp-content\/uploads\/2023\/02\/38.-layered-short-haircut-with-bangs-150x188.jpg 150w\" sizes=\"auto, (max-width: 760px) calc(100vw - 24px), 720px\"><\/noscript><img loading=\"lazy\" decoding=\"async\" width=\"1080\" height=\"1350\" src=\"https:\/\/flawlesshair.com\/wp-content\/uploads\/2023\/02\/38.-layered-short-haircut-with-bangs.jpg\" alt=\"corte de pelo corto a capas con flequillo\" class=\"wp-image-32889 lazyload\" srcset=\"https:\/\/flawlesshair.com\/wp-content\/uploads\/2023\/02\/38.-layered-short-haircut-with-bangs.jpg 1080w, https:\/\/flawlesshair.com\/wp-content\/uploads\/2023\/02\/38.-layered-short-haircut-with-bangs-240x300.jpg 240w, https:\/\/flawlesshair.com\/wp-content\/uploads\/2023\/02\/38.-layered-short-haircut-with-bangs-768x960.jpg 768w, https:\/\/flawlesshair.com\/wp-content\/uploads\/2023\/02\/38.-layered-short-haircut-with-bangs-10x12.jpg 10w, https:\/\/flawlesshair.com\/wp-content\/uploads\/2023\/02\/38.-layered-short-haircut-with-bangs-864x1080.jpg 864w, https:\/\/flawlesshair.com\/wp-content\/uploads\/2023\/02\/38.-layered-short-haircut-with-bangs-960x1200.jpg 960w, https:\/\/flawlesshair.com\/wp-content\/uploads\/2023\/02\/38.-layered-short-haircut-with-bangs-150x188.jpg 150w\" sizes=\"auto, (max-width: 760px) calc(100vw - 24px), 720px\" data-pin-media=\"https:\/\/flawlesshair.com\/wp-content\/uploads\/2023\/02\/38.-layered-short-haircut-with-bangs.jpg\" id=\"mv-trellis-img-38\" data-trellis-processed=\"1\"><div style=\"position: absolute; top: 0.5rem; right: 0.75rem;\"> <a href=\"https:\/\/www.pinterest.com\/pin\/create\/button\/\" data-pin-do=\"buttonPin\" data-pin-tall=\"true\" data-pin-url=\"https:\/\/flawlesshair.com\/es\/pelo-castano-corto\/\" data-pin-media=\"https:\/\/flawlesshair.com\/wp-content\/uploads\/2023\/02\/38.-layered-short-haircut-with-bangs.jpg\" data-pin-description=\"40 Ways To Wear Short Brown Hair In 2025\" rel=\"nofollow noopener\" target=\"_blank\"> <\/a><\/div><\/div><figcaption class=\"wp-element-caption\"><a href=\"https:\/\/www.instagram.com\/jrikwok\/\" target=\"_blank\" rel=\"noreferrer noopener nofollow\">@jrikwok<\/a><\/figcaption><\/figure>\n\n\n\n<p>Un corte de lobo corto y recto puede peinarse de una forma m\u00e1s desgre\u00f1ada y rockera, o puedes ir por otro lado y hacer lo inesperado y llevarlo liso.<\/p>\n\n\n\n<h2 class=\"wp-block-heading\">39. Rizado pelo casta\u00f1o corto con flequillo<\/h2>\n\n\n\n<figure class=\"wp-block-image size-full\"><div style=\"position: relative;\"><noscript><img loading=\"lazy\" decoding=\"async\" width=\"1080\" height=\"1273\" src=\"https:\/\/flawlesshair.com\/wp-content\/uploads\/2023\/02\/39.-curly-short-brown-hair-with-bangs.jpg\" alt=\"pelo corto casta\u00f1o rizado con flequillo\" class=\"wp-image-32890\" srcset=\"https:\/\/flawlesshair.com\/wp-content\/uploads\/2023\/02\/39.-curly-short-brown-hair-with-bangs.jpg 1080w, https:\/\/flawlesshair.com\/wp-content\/uploads\/2023\/02\/39.-curly-short-brown-hair-with-bangs-255x300.jpg 255w, https:\/\/flawlesshair.com\/wp-content\/uploads\/2023\/02\/39.-curly-short-brown-hair-with-bangs-768x905.jpg 768w, https:\/\/flawlesshair.com\/wp-content\/uploads\/2023\/02\/39.-curly-short-brown-hair-with-bangs-10x12.jpg 10w, https:\/\/flawlesshair.com\/wp-content\/uploads\/2023\/02\/39.-curly-short-brown-hair-with-bangs-814x960.jpg 814w, https:\/\/flawlesshair.com\/wp-content\/uploads\/2023\/02\/39.-curly-short-brown-hair-with-bangs-916x1080.jpg 916w, https:\/\/flawlesshair.com\/wp-content\/uploads\/2023\/02\/39.-curly-short-brown-hair-with-bangs-1018x1200.jpg 1018w, https:\/\/flawlesshair.com\/wp-content\/uploads\/2023\/02\/39.-curly-short-brown-hair-with-bangs-150x177.jpg 150w\" sizes=\"auto, (max-width: 760px) calc(100vw - 24px), 720px\"><\/noscript><img loading=\"lazy\" decoding=\"async\" width=\"1080\" height=\"1273\" src=\"https:\/\/flawlesshair.com\/wp-content\/uploads\/2023\/02\/39.-curly-short-brown-hair-with-bangs.jpg\" alt=\"pelo corto casta\u00f1o rizado con flequillo\" class=\"wp-image-32890 lazyload\" srcset=\"https:\/\/flawlesshair.com\/wp-content\/uploads\/2023\/02\/39.-curly-short-brown-hair-with-bangs.jpg 1080w, https:\/\/flawlesshair.com\/wp-content\/uploads\/2023\/02\/39.-curly-short-brown-hair-with-bangs-255x300.jpg 255w, https:\/\/flawlesshair.com\/wp-content\/uploads\/2023\/02\/39.-curly-short-brown-hair-with-bangs-768x905.jpg 768w, https:\/\/flawlesshair.com\/wp-content\/uploads\/2023\/02\/39.-curly-short-brown-hair-with-bangs-10x12.jpg 10w, https:\/\/flawlesshair.com\/wp-content\/uploads\/2023\/02\/39.-curly-short-brown-hair-with-bangs-814x960.jpg 814w, https:\/\/flawlesshair.com\/wp-content\/uploads\/2023\/02\/39.-curly-short-brown-hair-with-bangs-916x1080.jpg 916w, https:\/\/flawlesshair.com\/wp-content\/uploads\/2023\/02\/39.-curly-short-brown-hair-with-bangs-1018x1200.jpg 1018w, https:\/\/flawlesshair.com\/wp-content\/uploads\/2023\/02\/39.-curly-short-brown-hair-with-bangs-150x177.jpg 150w\" sizes=\"auto, (max-width: 760px) calc(100vw - 24px), 720px\" data-pin-media=\"https:\/\/flawlesshair.com\/wp-content\/uploads\/2023\/02\/39.-curly-short-brown-hair-with-bangs.jpg\" id=\"mv-trellis-img-39\" data-trellis-processed=\"1\"><div style=\"position: absolute; top: 0.5rem; right: 0.75rem;\"> <a href=\"https:\/\/www.pinterest.com\/pin\/create\/button\/\" data-pin-do=\"buttonPin\" data-pin-tall=\"true\" data-pin-url=\"https:\/\/flawlesshair.com\/es\/pelo-castano-corto\/\" data-pin-media=\"https:\/\/flawlesshair.com\/wp-content\/uploads\/2023\/02\/39.-curly-short-brown-hair-with-bangs.jpg\" data-pin-description=\"40 Ways To Wear Short Brown Hair In 2025\" rel=\"nofollow noopener\" target=\"_blank\"> <\/a><\/div><\/div><figcaption class=\"wp-element-caption\"><a href=\"https:\/\/www.instagram.com\/jordanaveryz\/\" target=\"_blank\" rel=\"noreferrer noopener nofollow\">@jordanaveryz<\/a><\/figcaption><\/figure>\n\n\n\n<p>Para conseguir una bonita forma en un bob rizado, aseg\u00farate de que tu peluquero sabe c\u00f3mo trabajar con el pelo rizado. Antes de dejar que alguien con tijeras se acerque a tus rizos, preg\u00fantale todo lo que quieras saber sobre su proceso y su t\u00e9cnica.<\/p>\n\n\n\n<h2 class=\"wp-block-heading\">40. Bob corto ondulado con flequillo largo<\/h2>\n\n\n\n<figure class=\"wp-block-image size-full\"><div style=\"position: relative;\"><noscript><img loading=\"lazy\" decoding=\"async\" width=\"1136\" height=\"1136\" src=\"https:\/\/flawlesshair.com\/wp-content\/uploads\/2023\/02\/40.-short-wavy-bob-with-long-bangs.jpg\" alt=\"bob corto ondulado con flequillo largo\" class=\"wp-image-32891\" srcset=\"https:\/\/flawlesshair.com\/wp-content\/uploads\/2023\/02\/40.-short-wavy-bob-with-long-bangs.jpg 1136w, https:\/\/flawlesshair.com\/wp-content\/uploads\/2023\/02\/40.-short-wavy-bob-with-long-bangs-300x300.jpg 300w, https:\/\/flawlesshair.com\/wp-content\/uploads\/2023\/02\/40.-short-wavy-bob-with-long-bangs-150x150.jpg 150w, https:\/\/flawlesshair.com\/wp-content\/uploads\/2023\/02\/40.-short-wavy-bob-with-long-bangs-768x768.jpg 768w, https:\/\/flawlesshair.com\/wp-content\/uploads\/2023\/02\/40.-short-wavy-bob-with-long-bangs-12x12.jpg 12w, https:\/\/flawlesshair.com\/wp-content\/uploads\/2023\/02\/40.-short-wavy-bob-with-long-bangs-728x728.jpg 728w, https:\/\/flawlesshair.com\/wp-content\/uploads\/2023\/02\/40.-short-wavy-bob-with-long-bangs-960x960.jpg 960w, https:\/\/flawlesshair.com\/wp-content\/uploads\/2023\/02\/40.-short-wavy-bob-with-long-bangs-1080x1080.jpg 1080w, https:\/\/flawlesshair.com\/wp-content\/uploads\/2023\/02\/40.-short-wavy-bob-with-long-bangs-96x96.jpg 96w\" sizes=\"auto, (max-width: 760px) calc(100vw - 24px), 720px\"><\/noscript><img loading=\"lazy\" decoding=\"async\" width=\"1136\" height=\"1136\" src=\"https:\/\/flawlesshair.com\/wp-content\/uploads\/2023\/02\/40.-short-wavy-bob-with-long-bangs.jpg\" alt=\"bob corto ondulado con flequillo largo\" class=\"wp-image-32891 lazyload\" srcset=\"https:\/\/flawlesshair.com\/wp-content\/uploads\/2023\/02\/40.-short-wavy-bob-with-long-bangs.jpg 1136w, https:\/\/flawlesshair.com\/wp-content\/uploads\/2023\/02\/40.-short-wavy-bob-with-long-bangs-300x300.jpg 300w, https:\/\/flawlesshair.com\/wp-content\/uploads\/2023\/02\/40.-short-wavy-bob-with-long-bangs-150x150.jpg 150w, https:\/\/flawlesshair.com\/wp-content\/uploads\/2023\/02\/40.-short-wavy-bob-with-long-bangs-768x768.jpg 768w, https:\/\/flawlesshair.com\/wp-content\/uploads\/2023\/02\/40.-short-wavy-bob-with-long-bangs-12x12.jpg 12w, https:\/\/flawlesshair.com\/wp-content\/uploads\/2023\/02\/40.-short-wavy-bob-with-long-bangs-728x728.jpg 728w, https:\/\/flawlesshair.com\/wp-content\/uploads\/2023\/02\/40.-short-wavy-bob-with-long-bangs-960x960.jpg 960w, https:\/\/flawlesshair.com\/wp-content\/uploads\/2023\/02\/40.-short-wavy-bob-with-long-bangs-1080x1080.jpg 1080w, https:\/\/flawlesshair.com\/wp-content\/uploads\/2023\/02\/40.-short-wavy-bob-with-long-bangs-96x96.jpg 96w\" sizes=\"auto, (max-width: 760px) calc(100vw - 24px), 720px\" data-pin-media=\"https:\/\/flawlesshair.com\/wp-content\/uploads\/2023\/02\/40.-short-wavy-bob-with-long-bangs.jpg\" id=\"mv-trellis-img-40\" data-trellis-processed=\"1\"><div style=\"position: absolute; top: 0.5rem; right: 0.75rem;\"> <a href=\"https:\/\/www.pinterest.com\/pin\/create\/button\/\" data-pin-do=\"buttonPin\" data-pin-tall=\"true\" data-pin-url=\"https:\/\/flawlesshair.com\/es\/pelo-castano-corto\/\" data-pin-media=\"https:\/\/flawlesshair.com\/wp-content\/uploads\/2023\/02\/40.-short-wavy-bob-with-long-bangs.jpg\" data-pin-description=\"40 Ways To Wear Short Brown Hair In 2025\" rel=\"nofollow noopener\" target=\"_blank\"> <\/a><\/div><\/div><figcaption class=\"wp-element-caption\"><a href=\"https:\/\/www.instagram.com\/mila_kryshchykhina\/\" target=\"_blank\" rel=\"noreferrer noopener nofollow\">@mila_kryshchykhina<\/a><\/figcaption><\/figure>\n\n\n\n<p>Las suaves ondas de sirena no son s\u00f3lo para el pelo largo y decolorado: aqu\u00ed tienes un pixie largo en un tono casta\u00f1o natural.<\/p>\n\n\n\n<h2 class=\"wp-block-heading\">41. Pelo Casta\u00f1o Corto Bob Franc\u00e9s Con Flequillo<\/h2>\n\n\n\n<figure class=\"wp-block-image size-full\"><div style=\"position: relative;\"><noscript><img loading=\"lazy\" decoding=\"async\" width=\"1080\" height=\"1343\" src=\"https:\/\/flawlesshair.com\/wp-content\/uploads\/2023\/02\/41.-short-brown-hair-french-bob-with-bangs.jpg\" alt=\"pelo corto casta\u00f1o french bob con flequillo\" class=\"wp-image-32892\" srcset=\"https:\/\/flawlesshair.com\/wp-content\/uploads\/2023\/02\/41.-short-brown-hair-french-bob-with-bangs.jpg 1080w, https:\/\/flawlesshair.com\/wp-content\/uploads\/2023\/02\/41.-short-brown-hair-french-bob-with-bangs-241x300.jpg 241w, https:\/\/flawlesshair.com\/wp-content\/uploads\/2023\/02\/41.-short-brown-hair-french-bob-with-bangs-768x955.jpg 768w, https:\/\/flawlesshair.com\/wp-content\/uploads\/2023\/02\/41.-short-brown-hair-french-bob-with-bangs-10x12.jpg 10w, https:\/\/flawlesshair.com\/wp-content\/uploads\/2023\/02\/41.-short-brown-hair-french-bob-with-bangs-772x960.jpg 772w, https:\/\/flawlesshair.com\/wp-content\/uploads\/2023\/02\/41.-short-brown-hair-french-bob-with-bangs-869x1080.jpg 869w, https:\/\/flawlesshair.com\/wp-content\/uploads\/2023\/02\/41.-short-brown-hair-french-bob-with-bangs-965x1200.jpg 965w, https:\/\/flawlesshair.com\/wp-content\/uploads\/2023\/02\/41.-short-brown-hair-french-bob-with-bangs-150x187.jpg 150w\" sizes=\"auto, (max-width: 760px) calc(100vw - 24px), 720px\"><\/noscript><img loading=\"lazy\" decoding=\"async\" width=\"1080\" height=\"1343\" src=\"https:\/\/flawlesshair.com\/wp-content\/uploads\/2023\/02\/41.-short-brown-hair-french-bob-with-bangs.jpg\" alt=\"pelo corto casta\u00f1o french bob con flequillo\" class=\"wp-image-32892 lazyload\" srcset=\"https:\/\/flawlesshair.com\/wp-content\/uploads\/2023\/02\/41.-short-brown-hair-french-bob-with-bangs.jpg 1080w, https:\/\/flawlesshair.com\/wp-content\/uploads\/2023\/02\/41.-short-brown-hair-french-bob-with-bangs-241x300.jpg 241w, https:\/\/flawlesshair.com\/wp-content\/uploads\/2023\/02\/41.-short-brown-hair-french-bob-with-bangs-768x955.jpg 768w, https:\/\/flawlesshair.com\/wp-content\/uploads\/2023\/02\/41.-short-brown-hair-french-bob-with-bangs-10x12.jpg 10w, https:\/\/flawlesshair.com\/wp-content\/uploads\/2023\/02\/41.-short-brown-hair-french-bob-with-bangs-772x960.jpg 772w, https:\/\/flawlesshair.com\/wp-content\/uploads\/2023\/02\/41.-short-brown-hair-french-bob-with-bangs-869x1080.jpg 869w, https:\/\/flawlesshair.com\/wp-content\/uploads\/2023\/02\/41.-short-brown-hair-french-bob-with-bangs-965x1200.jpg 965w, https:\/\/flawlesshair.com\/wp-content\/uploads\/2023\/02\/41.-short-brown-hair-french-bob-with-bangs-150x187.jpg 150w\" sizes=\"auto, (max-width: 760px) calc(100vw - 24px), 720px\" data-pin-media=\"https:\/\/flawlesshair.com\/wp-content\/uploads\/2023\/02\/41.-short-brown-hair-french-bob-with-bangs.jpg\" id=\"mv-trellis-img-41\" data-trellis-processed=\"1\"><div style=\"position: absolute; top: 0.5rem; right: 0.75rem;\"> <a href=\"https:\/\/www.pinterest.com\/pin\/create\/button\/\" data-pin-do=\"buttonPin\" data-pin-tall=\"true\" data-pin-url=\"https:\/\/flawlesshair.com\/es\/pelo-castano-corto\/\" data-pin-media=\"https:\/\/flawlesshair.com\/wp-content\/uploads\/2023\/02\/41.-short-brown-hair-french-bob-with-bangs.jpg\" data-pin-description=\"40 Ways To Wear Short Brown Hair In 2025\" rel=\"nofollow noopener\" target=\"_blank\"> <\/a><\/div><\/div><figcaption class=\"wp-element-caption\"><a href=\"https:\/\/www.instagram.com\/hollygirldoeshair\/\" target=\"_blank\" rel=\"noreferrer noopener nofollow\">@hollygirldoeshair<\/a><\/figcaption><\/figure>\n\n\n\n<p>El flequillo corto con raya llamar\u00e1 la atenci\u00f3n sobre tus ojos y queda muy bien combinado con un corte recto corto.<\/p>\n\n\n\n<h2 class=\"wp-block-heading\">42. Corte de pelo corto con capas<\/h2>\n\n\n\n<figure class=\"wp-block-image size-full\"><div style=\"position: relative;\"><noscript><img loading=\"lazy\" decoding=\"async\" width=\"1080\" height=\"1350\" src=\"https:\/\/flawlesshair.com\/wp-content\/uploads\/2023\/02\/42.-short-haircut-with-layers.jpg\" alt=\"corte de pelo corto con capas\" class=\"wp-image-32893\" srcset=\"https:\/\/flawlesshair.com\/wp-content\/uploads\/2023\/02\/42.-short-haircut-with-layers.jpg 1080w, https:\/\/flawlesshair.com\/wp-content\/uploads\/2023\/02\/42.-short-haircut-with-layers-240x300.jpg 240w, https:\/\/flawlesshair.com\/wp-content\/uploads\/2023\/02\/42.-short-haircut-with-layers-768x960.jpg 768w, https:\/\/flawlesshair.com\/wp-content\/uploads\/2023\/02\/42.-short-haircut-with-layers-10x12.jpg 10w, https:\/\/flawlesshair.com\/wp-content\/uploads\/2023\/02\/42.-short-haircut-with-layers-864x1080.jpg 864w, https:\/\/flawlesshair.com\/wp-content\/uploads\/2023\/02\/42.-short-haircut-with-layers-960x1200.jpg 960w, https:\/\/flawlesshair.com\/wp-content\/uploads\/2023\/02\/42.-short-haircut-with-layers-150x188.jpg 150w\" sizes=\"auto, (max-width: 760px) calc(100vw - 24px), 720px\"><\/noscript><img loading=\"lazy\" decoding=\"async\" width=\"1080\" height=\"1350\" src=\"https:\/\/flawlesshair.com\/wp-content\/uploads\/2023\/02\/42.-short-haircut-with-layers.jpg\" alt=\"corte de pelo corto con capas\" class=\"wp-image-32893 lazyload\" srcset=\"https:\/\/flawlesshair.com\/wp-content\/uploads\/2023\/02\/42.-short-haircut-with-layers.jpg 1080w, https:\/\/flawlesshair.com\/wp-content\/uploads\/2023\/02\/42.-short-haircut-with-layers-240x300.jpg 240w, https:\/\/flawlesshair.com\/wp-content\/uploads\/2023\/02\/42.-short-haircut-with-layers-768x960.jpg 768w, https:\/\/flawlesshair.com\/wp-content\/uploads\/2023\/02\/42.-short-haircut-with-layers-10x12.jpg 10w, https:\/\/flawlesshair.com\/wp-content\/uploads\/2023\/02\/42.-short-haircut-with-layers-864x1080.jpg 864w, https:\/\/flawlesshair.com\/wp-content\/uploads\/2023\/02\/42.-short-haircut-with-layers-960x1200.jpg 960w, https:\/\/flawlesshair.com\/wp-content\/uploads\/2023\/02\/42.-short-haircut-with-layers-150x188.jpg 150w\" sizes=\"auto, (max-width: 760px) calc(100vw - 24px), 720px\" data-pin-media=\"https:\/\/flawlesshair.com\/wp-content\/uploads\/2023\/02\/42.-short-haircut-with-layers.jpg\" id=\"mv-trellis-img-42\" data-trellis-processed=\"1\"><div style=\"position: absolute; top: 0.5rem; right: 0.75rem;\"> <a href=\"https:\/\/www.pinterest.com\/pin\/create\/button\/\" data-pin-do=\"buttonPin\" data-pin-tall=\"true\" data-pin-url=\"https:\/\/flawlesshair.com\/es\/pelo-castano-corto\/\" data-pin-media=\"https:\/\/flawlesshair.com\/wp-content\/uploads\/2023\/02\/42.-short-haircut-with-layers.jpg\" data-pin-description=\"40 Ways To Wear Short Brown Hair In 2025\" rel=\"nofollow noopener\" target=\"_blank\"> <\/a><\/div><\/div><figcaption class=\"wp-element-caption\"><a href=\"https:\/\/www.instagram.com\/se_augusto\/\" target=\"_blank\" rel=\"noreferrer noopener nofollow\">@se_augusto<\/a><\/figcaption><\/figure>\n\n\n\n<p>Si tienes el pelo grueso, un corte corto puede parecer salvaje o perfecto; todo depende de c\u00f3mo se corte, as\u00ed que aseg\u00farate de decirle a tu peluquero todo lo que necesite saber sobre tu pelo.<\/p>","protected":false},"excerpt":{"rendered":"<p>Los tonos morenos van del suave caramelo al intenso espresso; pueden ser c\u00e1lidos o fr\u00edos, brillantes o mates, luminosos o profundos... \u00bfy lo mejor? Conseguir ...<\/p>","protected":false},"author":4,"featured_media":33038,"comment_status":"closed","ping_status":"closed","sticky":false,"template":"","format":"standard","meta":{"syndication_tool_enabled":false,"syndication_tool_title":"","syndication_tool_excerpt":"","syndication_tool_featured_image":0,"syndication_tool_publish_date":"","syndication_tool_schema_types":[],"syndication_tool_backlink_enable":false,"syndication_tool_ai_disclosure_enable":false,"disable-in-feed":false,"article-schema-type":"","disable-critical-css":false,"footnotes":""},"categories":[31],"tags":[],"class_list":["post-5985","post","type-post","status-publish","format-standard","has-post-thumbnail","hentry","category-short"],"_links":{"self":[{"href":"https:\/\/flawlesshair.com\/es\/wp-json\/wp\/v2\/posts\/5985","targetHints":{"allow":["GET"]}}],"collection":[{"href":"https:\/\/flawlesshair.com\/es\/wp-json\/wp\/v2\/posts"}],"about":[{"href":"https:\/\/flawlesshair.com\/es\/wp-json\/wp\/v2\/types\/post"}],"author":[{"embeddable":true,"href":"https:\/\/flawlesshair.com\/es\/wp-json\/wp\/v2\/users\/4"}],"replies":[{"embeddable":true,"href":"https:\/\/flawlesshair.com\/es\/wp-json\/wp\/v2\/comments?post=5985"}],"version-history":[{"count":0,"href":"https:\/\/flawlesshair.com\/es\/wp-json\/wp\/v2\/posts\/5985\/revisions"}],"wp:featuredmedia":[{"embeddable":true,"href":"https:\/\/flawlesshair.com\/es\/wp-json\/wp\/v2\/media\/33038"}],"wp:attachment":[{"href":"https:\/\/flawlesshair.com\/es\/wp-json\/wp\/v2\/media?parent=5985"}],"wp:term":[{"taxonomy":"category","embeddable":true,"href":"https:\/\/flawlesshair.com\/es\/wp-json\/wp\/v2\/categories?post=5985"},{"taxonomy":"post_tag","embeddable":true,"href":"https:\/\/flawlesshair.com\/es\/wp-json\/wp\/v2\/tags?post=5985"}],"curies":[{"name":"wp","href":"https:\/\/api.w.org\/{rel}","templated":true}]}}