{"id":70888,"date":"2025-04-01T22:00:00","date_gmt":"2025-04-01T21:00:00","guid":{"rendered":"https:\/\/flawlesshair.com\/?p=70888"},"modified":"2025-07-08T14:15:57","modified_gmt":"2025-07-08T12:15:57","slug":"pelo-a-la-altura-de-las-orejas","status":"publish","type":"post","link":"https:\/\/flawlesshair.com\/es\/pelo-a-la-altura-de-las-orejas\/","title":{"rendered":"\u00bfLa longitud perfecta? Estos 16 cortes hasta la oreja dicen s\u00ed"},"content":{"rendered":"<style>img#mv-trellis-img-1::before{padding-top:125%; }img#mv-trellis-img-1{display:block;}img#mv-trellis-img-2::before{padding-top:125%; }img#mv-trellis-img-2{display:block;}img#mv-trellis-img-3::before{padding-top:125%; }img#mv-trellis-img-3{display:block;}img#mv-trellis-img-4::before{padding-top:100%; }img#mv-trellis-img-4{display:block;}img#mv-trellis-img-5::before{padding-top:100%; }img#mv-trellis-img-5{display:block;}img#mv-trellis-img-6::before{padding-top:124.65277777778%; }img#mv-trellis-img-6{display:block;}img#mv-trellis-img-7::before{padding-top:125%; }img#mv-trellis-img-7{display:block;}img#mv-trellis-img-8::before{padding-top:100%; }img#mv-trellis-img-8{display:block;}img#mv-trellis-img-9::before{padding-top:100%; }img#mv-trellis-img-9{display:block;}img#mv-trellis-img-10::before{padding-top:124.72222222222%; }img#mv-trellis-img-10{display:block;}img#mv-trellis-img-11::before{padding-top:100%; }img#mv-trellis-img-11{display:block;}img#mv-trellis-img-12::before{padding-top:100%; }img#mv-trellis-img-12{display:block;}img#mv-trellis-img-13::before{padding-top:125%; }img#mv-trellis-img-13{display:block;}img#mv-trellis-img-14::before{padding-top:124.90740740741%; }img#mv-trellis-img-14{display:block;}img#mv-trellis-img-15::before{padding-top:100%; }img#mv-trellis-img-15{display:block;}img#mv-trellis-img-16::before{padding-top:100%; }img#mv-trellis-img-16{display:block;}<\/style>\n<p>A short cut can be life-changing. Playful, modern, and refreshingly low-maintenance, ear-length hair is effortlessly chic. Whether you&rsquo;re after a bold transformation or an easy, everyday look, these stylish short cuts are proof that less is more when it comes to hair.<\/p>\n\n\n\n<h2 class=\"wp-block-heading\">1. Bob largo hasta las orejas<\/h2>\n\n\n\n<figure class=\"wp-block-image size-full\"><div style=\"position: relative;\"><noscript><img loading=\"lazy\" decoding=\"async\" width=\"1440\" height=\"1800\" src=\"https:\/\/flawlesshair.com\/wp-content\/uploads\/2025\/01\/ear-length-bob.jpg\" alt=\"\" class=\"wp-image-164702\" srcset=\"https:\/\/flawlesshair.com\/wp-content\/uploads\/2025\/01\/ear-length-bob.jpg 1440w, https:\/\/flawlesshair.com\/wp-content\/uploads\/2025\/01\/ear-length-bob-240x300.jpg 240w, https:\/\/flawlesshair.com\/wp-content\/uploads\/2025\/01\/ear-length-bob-768x960.jpg 768w, https:\/\/flawlesshair.com\/wp-content\/uploads\/2025\/01\/ear-length-bob-10x12.jpg 10w, https:\/\/flawlesshair.com\/wp-content\/uploads\/2025\/01\/ear-length-bob-864x1080.jpg 864w, https:\/\/flawlesshair.com\/wp-content\/uploads\/2025\/01\/ear-length-bob-960x1200.jpg 960w\" sizes=\"auto, (max-width: 760px) calc(100vw - 24px), 720px\"><\/noscript><img loading=\"eager\" decoding=\"async\" width=\"1440\" height=\"1800\" src=\"data:image\/svg+xml,%3Csvg%20xmlns='http:\/\/www.w3.org\/2000\/svg'%20viewBox='0%200%201440%201800'%3E%3Crect%20width='1440'%20height='1800'%20style='fill:%23e3e3e3'\/%3E%3C\/svg%3E\" alt=\"\" class=\"wp-image-164702 eager-load\" sizes=\"auto, (max-width: 760px) calc(100vw - 24px), 720px\" data-pin-media=\"https:\/\/flawlesshair.com\/wp-content\/uploads\/2025\/01\/ear-length-bob.jpg\" id=\"mv-trellis-img-1\" data-src=\"https:\/\/flawlesshair.com\/wp-content\/uploads\/2025\/01\/ear-length-bob.jpg\" data-srcset=\"https:\/\/flawlesshair.com\/wp-content\/uploads\/2025\/01\/ear-length-bob.jpg 1440w, https:\/\/flawlesshair.com\/wp-content\/uploads\/2025\/01\/ear-length-bob-240x300.jpg 240w, https:\/\/flawlesshair.com\/wp-content\/uploads\/2025\/01\/ear-length-bob-768x960.jpg 768w, https:\/\/flawlesshair.com\/wp-content\/uploads\/2025\/01\/ear-length-bob-10x12.jpg 10w, https:\/\/flawlesshair.com\/wp-content\/uploads\/2025\/01\/ear-length-bob-864x1080.jpg 864w, https:\/\/flawlesshair.com\/wp-content\/uploads\/2025\/01\/ear-length-bob-960x1200.jpg 960w\" data-svg=\"1\" data-trellis-processed=\"1\"><div style=\"position: absolute; top: 0.5rem; right: 0.75rem;\"> <a href=\"https:\/\/www.pinterest.com\/pin\/create\/button\/\" data-pin-do=\"buttonPin\" data-pin-tall=\"true\" data-pin-url=\"https:\/\/flawlesshair.com\/es\/pelo-a-la-altura-de-las-orejas\/\" data-pin-media=\"https:\/\/flawlesshair.com\/wp-content\/uploads\/2025\/01\/ear-length-bob.jpg\" data-pin-description=\"The Perfect Length? These 16 Ear-Length Cuts Say Yes\" rel=\"nofollow noopener\" target=\"_blank\"> <\/a><\/div><\/div><figcaption class=\"wp-element-caption\"><a href=\"https:\/\/www.instagram.com\/local_honey\" target=\"_blank\" rel=\"noreferrer noopener nofollow\">@local_honey<\/a><\/figcaption><\/figure>\n\n\n\n<p>Short, chic, and full of personality. This ear-length bob is sharp yet soft, with just enough texture to keep it modern. It&rsquo;s a perfect go-to for an effortless, wash-and-go style that still feels put-together.<\/p>\n\n\n\n<h2 class=\"wp-block-heading\">2. Short Soft Wolf Cut<\/h2>\n\n\n\n<figure class=\"wp-block-image size-full\"><div style=\"position: relative;\"><noscript><img loading=\"lazy\" decoding=\"async\" width=\"1440\" height=\"1800\" src=\"https:\/\/flawlesshair.com\/wp-content\/uploads\/2025\/01\/short-soft-wolf-cut.jpg\" alt=\"\" class=\"wp-image-164703\" srcset=\"https:\/\/flawlesshair.com\/wp-content\/uploads\/2025\/01\/short-soft-wolf-cut.jpg 1440w, https:\/\/flawlesshair.com\/wp-content\/uploads\/2025\/01\/short-soft-wolf-cut-240x300.jpg 240w, https:\/\/flawlesshair.com\/wp-content\/uploads\/2025\/01\/short-soft-wolf-cut-768x960.jpg 768w, https:\/\/flawlesshair.com\/wp-content\/uploads\/2025\/01\/short-soft-wolf-cut-10x12.jpg 10w, https:\/\/flawlesshair.com\/wp-content\/uploads\/2025\/01\/short-soft-wolf-cut-864x1080.jpg 864w, https:\/\/flawlesshair.com\/wp-content\/uploads\/2025\/01\/short-soft-wolf-cut-960x1200.jpg 960w\" sizes=\"auto, (max-width: 760px) calc(100vw - 24px), 720px\"><\/noscript><img loading=\"lazy\" decoding=\"async\" width=\"1440\" height=\"1800\" src=\"https:\/\/flawlesshair.com\/wp-content\/uploads\/2025\/01\/short-soft-wolf-cut.jpg\" alt=\"\" class=\"wp-image-164703 lazyload\" srcset=\"https:\/\/flawlesshair.com\/wp-content\/uploads\/2025\/01\/short-soft-wolf-cut.jpg 1440w, https:\/\/flawlesshair.com\/wp-content\/uploads\/2025\/01\/short-soft-wolf-cut-240x300.jpg 240w, https:\/\/flawlesshair.com\/wp-content\/uploads\/2025\/01\/short-soft-wolf-cut-768x960.jpg 768w, https:\/\/flawlesshair.com\/wp-content\/uploads\/2025\/01\/short-soft-wolf-cut-10x12.jpg 10w, https:\/\/flawlesshair.com\/wp-content\/uploads\/2025\/01\/short-soft-wolf-cut-864x1080.jpg 864w, https:\/\/flawlesshair.com\/wp-content\/uploads\/2025\/01\/short-soft-wolf-cut-960x1200.jpg 960w\" sizes=\"auto, (max-width: 760px) calc(100vw - 24px), 720px\" data-pin-media=\"https:\/\/flawlesshair.com\/wp-content\/uploads\/2025\/01\/short-soft-wolf-cut.jpg\" id=\"mv-trellis-img-2\" data-trellis-processed=\"1\"><div style=\"position: absolute; top: 0.5rem; right: 0.75rem;\"> <a href=\"https:\/\/www.pinterest.com\/pin\/create\/button\/\" data-pin-do=\"buttonPin\" data-pin-tall=\"true\" data-pin-url=\"https:\/\/flawlesshair.com\/es\/pelo-a-la-altura-de-las-orejas\/\" data-pin-media=\"https:\/\/flawlesshair.com\/wp-content\/uploads\/2025\/01\/short-soft-wolf-cut.jpg\" data-pin-description=\"The Perfect Length? These 16 Ear-Length Cuts Say Yes\" rel=\"nofollow noopener\" target=\"_blank\"> <\/a><\/div><\/div><figcaption class=\"wp-element-caption\"><a href=\"https:\/\/www.instagram.com\/yukistylist\" target=\"_blank\" rel=\"noreferrer noopener nofollow\">@yukistylist<\/a><\/figcaption><\/figure>\n\n\n\n<p>The wolf cut, but make it short and wearable. A mix of choppy layers and face-framing texture gives this cut its edgy, youthful energy. Messy styling enhances the tousled, carefree look&mdash;perfect for those who love a little attitude.<\/p>\n\n\n\n<h2 class=\"wp-block-heading\">3. Bob rizado franc\u00e9s<\/h2>\n\n\n<div class=\"wp-block-image\">\n<figure class=\"aligncenter size-full\"><div style=\"position: relative;\"><noscript><img loading=\"lazy\" decoding=\"async\" width=\"1440\" height=\"1800\" src=\"https:\/\/flawlesshair.com\/wp-content\/uploads\/2024\/11\/3.-curly-french-bob.jpg\" alt=\"french bob rizado\" class=\"wp-image-70914\" srcset=\"https:\/\/flawlesshair.com\/wp-content\/uploads\/2024\/11\/3.-curly-french-bob.jpg 1440w, https:\/\/flawlesshair.com\/wp-content\/uploads\/2024\/11\/3.-curly-french-bob-240x300.jpg 240w, https:\/\/flawlesshair.com\/wp-content\/uploads\/2024\/11\/3.-curly-french-bob-768x960.jpg 768w, https:\/\/flawlesshair.com\/wp-content\/uploads\/2024\/11\/3.-curly-french-bob-10x12.jpg 10w, https:\/\/flawlesshair.com\/wp-content\/uploads\/2024\/11\/3.-curly-french-bob-864x1080.jpg 864w, https:\/\/flawlesshair.com\/wp-content\/uploads\/2024\/11\/3.-curly-french-bob-960x1200.jpg 960w, https:\/\/flawlesshair.com\/wp-content\/uploads\/2024\/11\/3.-curly-french-bob-150x188.jpg 150w\" sizes=\"auto, (max-width: 760px) calc(100vw - 24px), 720px\"><\/noscript><img loading=\"lazy\" decoding=\"async\" width=\"1440\" height=\"1800\" src=\"https:\/\/flawlesshair.com\/wp-content\/uploads\/2024\/11\/3.-curly-french-bob.jpg\" alt=\"french bob rizado\" class=\"wp-image-70914 lazyload\" srcset=\"https:\/\/flawlesshair.com\/wp-content\/uploads\/2024\/11\/3.-curly-french-bob.jpg 1440w, https:\/\/flawlesshair.com\/wp-content\/uploads\/2024\/11\/3.-curly-french-bob-240x300.jpg 240w, https:\/\/flawlesshair.com\/wp-content\/uploads\/2024\/11\/3.-curly-french-bob-768x960.jpg 768w, https:\/\/flawlesshair.com\/wp-content\/uploads\/2024\/11\/3.-curly-french-bob-10x12.jpg 10w, https:\/\/flawlesshair.com\/wp-content\/uploads\/2024\/11\/3.-curly-french-bob-864x1080.jpg 864w, https:\/\/flawlesshair.com\/wp-content\/uploads\/2024\/11\/3.-curly-french-bob-960x1200.jpg 960w, https:\/\/flawlesshair.com\/wp-content\/uploads\/2024\/11\/3.-curly-french-bob-150x188.jpg 150w\" sizes=\"auto, (max-width: 760px) calc(100vw - 24px), 720px\" data-pin-media=\"https:\/\/flawlesshair.com\/wp-content\/uploads\/2024\/11\/3.-curly-french-bob.jpg\" id=\"mv-trellis-img-3\" data-trellis-processed=\"1\"><div style=\"position: absolute; top: 0.5rem; right: 0.75rem;\"> <a href=\"https:\/\/www.pinterest.com\/pin\/create\/button\/\" data-pin-do=\"buttonPin\" data-pin-tall=\"true\" data-pin-url=\"https:\/\/flawlesshair.com\/es\/pelo-a-la-altura-de-las-orejas\/\" data-pin-media=\"https:\/\/flawlesshair.com\/wp-content\/uploads\/2024\/11\/3.-curly-french-bob.jpg\" data-pin-description=\"The Perfect Length? These 16 Ear-Length Cuts Say Yes\" rel=\"nofollow noopener\" target=\"_blank\"> <\/a><\/div><\/div><figcaption class=\"wp-element-caption\"><a href=\"https:\/\/www.instagram.com\/corinna.at.pony\" target=\"_blank\" rel=\"noreferrer noopener nofollow\">@corinna.at.pony<\/a><\/figcaption><\/figure>\n<\/div>\n\n\n<p>Hay algo infinitamente chic en <a href=\"https:\/\/flawlesshair.com\/es\/bob-a-la-francesa\/\">el bob franc\u00e9s<\/a>...pero cuando est\u00e1 rizado se vuelve extra de ensue\u00f1o. Tan refinado y sensual.<\/p>\n\n\n\n<h2 class=\"wp-block-heading\">4. Micro Bob con flequillo<\/h2>\n\n\n<div class=\"wp-block-image\">\n<figure class=\"aligncenter size-full\"><div style=\"position: relative;\"><noscript><img loading=\"lazy\" decoding=\"async\" width=\"1129\" height=\"1129\" src=\"https:\/\/flawlesshair.com\/wp-content\/uploads\/2024\/11\/4.-micro-bob-with-bangs.jpg\" alt=\"micro bob con flequillo\" class=\"wp-image-70915\" srcset=\"https:\/\/flawlesshair.com\/wp-content\/uploads\/2024\/11\/4.-micro-bob-with-bangs.jpg 1129w, https:\/\/flawlesshair.com\/wp-content\/uploads\/2024\/11\/4.-micro-bob-with-bangs-300x300.jpg 300w, https:\/\/flawlesshair.com\/wp-content\/uploads\/2024\/11\/4.-micro-bob-with-bangs-150x150.jpg 150w, https:\/\/flawlesshair.com\/wp-content\/uploads\/2024\/11\/4.-micro-bob-with-bangs-768x768.jpg 768w, https:\/\/flawlesshair.com\/wp-content\/uploads\/2024\/11\/4.-micro-bob-with-bangs-12x12.jpg 12w, https:\/\/flawlesshair.com\/wp-content\/uploads\/2024\/11\/4.-micro-bob-with-bangs-728x728.jpg 728w, https:\/\/flawlesshair.com\/wp-content\/uploads\/2024\/11\/4.-micro-bob-with-bangs-960x960.jpg 960w, https:\/\/flawlesshair.com\/wp-content\/uploads\/2024\/11\/4.-micro-bob-with-bangs-1080x1080.jpg 1080w, https:\/\/flawlesshair.com\/wp-content\/uploads\/2024\/11\/4.-micro-bob-with-bangs-96x96.jpg 96w\" sizes=\"auto, (max-width: 760px) calc(100vw - 24px), 720px\"><\/noscript><img loading=\"lazy\" decoding=\"async\" width=\"1129\" height=\"1129\" src=\"https:\/\/flawlesshair.com\/wp-content\/uploads\/2024\/11\/4.-micro-bob-with-bangs.jpg\" alt=\"micro bob con flequillo\" class=\"wp-image-70915 lazyload\" srcset=\"https:\/\/flawlesshair.com\/wp-content\/uploads\/2024\/11\/4.-micro-bob-with-bangs.jpg 1129w, https:\/\/flawlesshair.com\/wp-content\/uploads\/2024\/11\/4.-micro-bob-with-bangs-300x300.jpg 300w, https:\/\/flawlesshair.com\/wp-content\/uploads\/2024\/11\/4.-micro-bob-with-bangs-150x150.jpg 150w, https:\/\/flawlesshair.com\/wp-content\/uploads\/2024\/11\/4.-micro-bob-with-bangs-768x768.jpg 768w, https:\/\/flawlesshair.com\/wp-content\/uploads\/2024\/11\/4.-micro-bob-with-bangs-12x12.jpg 12w, https:\/\/flawlesshair.com\/wp-content\/uploads\/2024\/11\/4.-micro-bob-with-bangs-728x728.jpg 728w, https:\/\/flawlesshair.com\/wp-content\/uploads\/2024\/11\/4.-micro-bob-with-bangs-960x960.jpg 960w, https:\/\/flawlesshair.com\/wp-content\/uploads\/2024\/11\/4.-micro-bob-with-bangs-1080x1080.jpg 1080w, https:\/\/flawlesshair.com\/wp-content\/uploads\/2024\/11\/4.-micro-bob-with-bangs-96x96.jpg 96w\" sizes=\"auto, (max-width: 760px) calc(100vw - 24px), 720px\" data-pin-media=\"https:\/\/flawlesshair.com\/wp-content\/uploads\/2024\/11\/4.-micro-bob-with-bangs.jpg\" id=\"mv-trellis-img-4\" data-trellis-processed=\"1\"><div style=\"position: absolute; top: 0.5rem; right: 0.75rem;\"> <a href=\"https:\/\/www.pinterest.com\/pin\/create\/button\/\" data-pin-do=\"buttonPin\" data-pin-tall=\"true\" data-pin-url=\"https:\/\/flawlesshair.com\/es\/pelo-a-la-altura-de-las-orejas\/\" data-pin-media=\"https:\/\/flawlesshair.com\/wp-content\/uploads\/2024\/11\/4.-micro-bob-with-bangs.jpg\" data-pin-description=\"The Perfect Length? These 16 Ear-Length Cuts Say Yes\" rel=\"nofollow noopener\" target=\"_blank\"> <\/a><\/div><\/div><figcaption class=\"wp-element-caption\"><a href=\"https:\/\/www.instagram.com\/hollygirldoeshair\" target=\"_blank\" rel=\"noreferrer noopener nofollow\">@hollygirldoeshair<\/a><\/figcaption><\/figure>\n<\/div>\n\n\n<p>Aqu\u00ed tienes un look retro tan atrevido como bonito. Este moderno pero nost\u00e1lgico minimalista <a href=\"https:\/\/flawlesshair.com\/es\/micro-bob\/\">micro bob<\/a> es un corte atrevido que tiene suavidad alrededor de los ojos. Una forma genial de actualizar tu look.<\/p>\n\n\n\n<h2 class=\"wp-block-heading\">5. Corte Bixie hasta las orejas<\/h2>\n\n\n<div class=\"wp-block-image\">\n<figure class=\"aligncenter size-full\"><div style=\"position: relative;\"><noscript><img loading=\"lazy\" decoding=\"async\" width=\"1440\" height=\"1440\" src=\"https:\/\/flawlesshair.com\/wp-content\/uploads\/2024\/11\/5.-ear-length-bixie-cut.jpg\" alt=\"corte bixie hasta las orejas\" class=\"wp-image-70916\" srcset=\"https:\/\/flawlesshair.com\/wp-content\/uploads\/2024\/11\/5.-ear-length-bixie-cut.jpg 1440w, https:\/\/flawlesshair.com\/wp-content\/uploads\/2024\/11\/5.-ear-length-bixie-cut-300x300.jpg 300w, https:\/\/flawlesshair.com\/wp-content\/uploads\/2024\/11\/5.-ear-length-bixie-cut-150x150.jpg 150w, https:\/\/flawlesshair.com\/wp-content\/uploads\/2024\/11\/5.-ear-length-bixie-cut-768x768.jpg 768w, https:\/\/flawlesshair.com\/wp-content\/uploads\/2024\/11\/5.-ear-length-bixie-cut-12x12.jpg 12w, https:\/\/flawlesshair.com\/wp-content\/uploads\/2024\/11\/5.-ear-length-bixie-cut-728x728.jpg 728w, https:\/\/flawlesshair.com\/wp-content\/uploads\/2024\/11\/5.-ear-length-bixie-cut-960x960.jpg 960w, https:\/\/flawlesshair.com\/wp-content\/uploads\/2024\/11\/5.-ear-length-bixie-cut-1080x1080.jpg 1080w, https:\/\/flawlesshair.com\/wp-content\/uploads\/2024\/11\/5.-ear-length-bixie-cut-1200x1200.jpg 1200w, https:\/\/flawlesshair.com\/wp-content\/uploads\/2024\/11\/5.-ear-length-bixie-cut-96x96.jpg 96w\" sizes=\"auto, (max-width: 760px) calc(100vw - 24px), 720px\"><\/noscript><img loading=\"lazy\" decoding=\"async\" width=\"1440\" height=\"1440\" src=\"https:\/\/flawlesshair.com\/wp-content\/uploads\/2024\/11\/5.-ear-length-bixie-cut.jpg\" alt=\"corte bixie hasta las orejas\" class=\"wp-image-70916 lazyload\" srcset=\"https:\/\/flawlesshair.com\/wp-content\/uploads\/2024\/11\/5.-ear-length-bixie-cut.jpg 1440w, https:\/\/flawlesshair.com\/wp-content\/uploads\/2024\/11\/5.-ear-length-bixie-cut-300x300.jpg 300w, https:\/\/flawlesshair.com\/wp-content\/uploads\/2024\/11\/5.-ear-length-bixie-cut-150x150.jpg 150w, https:\/\/flawlesshair.com\/wp-content\/uploads\/2024\/11\/5.-ear-length-bixie-cut-768x768.jpg 768w, https:\/\/flawlesshair.com\/wp-content\/uploads\/2024\/11\/5.-ear-length-bixie-cut-12x12.jpg 12w, https:\/\/flawlesshair.com\/wp-content\/uploads\/2024\/11\/5.-ear-length-bixie-cut-728x728.jpg 728w, https:\/\/flawlesshair.com\/wp-content\/uploads\/2024\/11\/5.-ear-length-bixie-cut-960x960.jpg 960w, https:\/\/flawlesshair.com\/wp-content\/uploads\/2024\/11\/5.-ear-length-bixie-cut-1080x1080.jpg 1080w, https:\/\/flawlesshair.com\/wp-content\/uploads\/2024\/11\/5.-ear-length-bixie-cut-1200x1200.jpg 1200w, https:\/\/flawlesshair.com\/wp-content\/uploads\/2024\/11\/5.-ear-length-bixie-cut-96x96.jpg 96w\" sizes=\"auto, (max-width: 760px) calc(100vw - 24px), 720px\" data-pin-media=\"https:\/\/flawlesshair.com\/wp-content\/uploads\/2024\/11\/5.-ear-length-bixie-cut.jpg\" id=\"mv-trellis-img-5\" data-trellis-processed=\"1\"><div style=\"position: absolute; top: 0.5rem; right: 0.75rem;\"> <a href=\"https:\/\/www.pinterest.com\/pin\/create\/button\/\" data-pin-do=\"buttonPin\" data-pin-tall=\"true\" data-pin-url=\"https:\/\/flawlesshair.com\/es\/pelo-a-la-altura-de-las-orejas\/\" data-pin-media=\"https:\/\/flawlesshair.com\/wp-content\/uploads\/2024\/11\/5.-ear-length-bixie-cut.jpg\" data-pin-description=\"The Perfect Length? These 16 Ear-Length Cuts Say Yes\" rel=\"nofollow noopener\" target=\"_blank\"> <\/a><\/div><\/div><figcaption class=\"wp-element-caption\"><a href=\"https:\/\/www.instagram.com\/natashas.style\" target=\"_blank\" rel=\"noreferrer noopener nofollow\">@natashas.style<\/a><\/figcaption><\/figure>\n<\/div>\n\n\n<p>Si te gustan los peinados f\u00e1ciles que crecen de maravilla, <a href=\"https:\/\/flawlesshair.com\/es\/corte-de-pelo-bixie-anos-90\/\">el corte bixie<\/a> combina lo mejor de un bob y un pixie, con suaves capas que lo hacen f\u00e1cil de llevar y peinar.<\/p>\n\n\n\n<h2 class=\"wp-block-heading\">6. Pelo rizado hasta las orejas<\/h2>\n\n\n<div class=\"wp-block-image\">\n<figure class=\"aligncenter size-full\"><div style=\"position: relative;\"><noscript><img loading=\"lazy\" decoding=\"async\" width=\"1440\" height=\"1795\" src=\"https:\/\/flawlesshair.com\/wp-content\/uploads\/2024\/11\/6.-ear-length-curly-hair.jpg\" alt=\"pelo rizado hasta las orejas\" class=\"wp-image-70917\" srcset=\"https:\/\/flawlesshair.com\/wp-content\/uploads\/2024\/11\/6.-ear-length-curly-hair.jpg 1440w, https:\/\/flawlesshair.com\/wp-content\/uploads\/2024\/11\/6.-ear-length-curly-hair-241x300.jpg 241w, https:\/\/flawlesshair.com\/wp-content\/uploads\/2024\/11\/6.-ear-length-curly-hair-768x957.jpg 768w, https:\/\/flawlesshair.com\/wp-content\/uploads\/2024\/11\/6.-ear-length-curly-hair-10x12.jpg 10w, https:\/\/flawlesshair.com\/wp-content\/uploads\/2024\/11\/6.-ear-length-curly-hair-770x960.jpg 770w, https:\/\/flawlesshair.com\/wp-content\/uploads\/2024\/11\/6.-ear-length-curly-hair-866x1080.jpg 866w, https:\/\/flawlesshair.com\/wp-content\/uploads\/2024\/11\/6.-ear-length-curly-hair-963x1200.jpg 963w, https:\/\/flawlesshair.com\/wp-content\/uploads\/2024\/11\/6.-ear-length-curly-hair-150x187.jpg 150w\" sizes=\"auto, (max-width: 760px) calc(100vw - 24px), 720px\"><\/noscript><img loading=\"lazy\" decoding=\"async\" width=\"1440\" height=\"1795\" src=\"https:\/\/flawlesshair.com\/wp-content\/uploads\/2024\/11\/6.-ear-length-curly-hair.jpg\" alt=\"pelo rizado hasta las orejas\" class=\"wp-image-70917 lazyload\" srcset=\"https:\/\/flawlesshair.com\/wp-content\/uploads\/2024\/11\/6.-ear-length-curly-hair.jpg 1440w, https:\/\/flawlesshair.com\/wp-content\/uploads\/2024\/11\/6.-ear-length-curly-hair-241x300.jpg 241w, https:\/\/flawlesshair.com\/wp-content\/uploads\/2024\/11\/6.-ear-length-curly-hair-768x957.jpg 768w, https:\/\/flawlesshair.com\/wp-content\/uploads\/2024\/11\/6.-ear-length-curly-hair-10x12.jpg 10w, https:\/\/flawlesshair.com\/wp-content\/uploads\/2024\/11\/6.-ear-length-curly-hair-770x960.jpg 770w, https:\/\/flawlesshair.com\/wp-content\/uploads\/2024\/11\/6.-ear-length-curly-hair-866x1080.jpg 866w, https:\/\/flawlesshair.com\/wp-content\/uploads\/2024\/11\/6.-ear-length-curly-hair-963x1200.jpg 963w, https:\/\/flawlesshair.com\/wp-content\/uploads\/2024\/11\/6.-ear-length-curly-hair-150x187.jpg 150w\" sizes=\"auto, (max-width: 760px) calc(100vw - 24px), 720px\" data-pin-media=\"https:\/\/flawlesshair.com\/wp-content\/uploads\/2024\/11\/6.-ear-length-curly-hair.jpg\" id=\"mv-trellis-img-6\" data-trellis-processed=\"1\"><div style=\"position: absolute; top: 0.5rem; right: 0.75rem;\"> <a href=\"https:\/\/www.pinterest.com\/pin\/create\/button\/\" data-pin-do=\"buttonPin\" data-pin-tall=\"true\" data-pin-url=\"https:\/\/flawlesshair.com\/es\/pelo-a-la-altura-de-las-orejas\/\" data-pin-media=\"https:\/\/flawlesshair.com\/wp-content\/uploads\/2024\/11\/6.-ear-length-curly-hair.jpg\" data-pin-description=\"The Perfect Length? These 16 Ear-Length Cuts Say Yes\" rel=\"nofollow noopener\" target=\"_blank\"> <\/a><\/div><\/div><figcaption class=\"wp-element-caption\"><a href=\"https:\/\/www.instagram.com\/slickback_buttahtoast\" target=\"_blank\" rel=\"noreferrer noopener nofollow\">@slickback_buttahtoast<\/a><\/figcaption><\/figure>\n<\/div>\n\n\n<p>A tus rizos naturales les encantar\u00e1 este peinado con volumen, largo hasta las orejas y con una bonita forma. Es divertido, fresco y adora tus rizos.<\/p>\n\n\n\n<h2 class=\"wp-block-heading\">7. Micro Bob elegante<\/h2>\n\n\n<div class=\"wp-block-image\">\n<figure class=\"aligncenter size-full\"><div style=\"position: relative;\"><noscript><img loading=\"lazy\" decoding=\"async\" width=\"1440\" height=\"1800\" src=\"https:\/\/flawlesshair.com\/wp-content\/uploads\/2024\/11\/7.-sleek-micro-bob.jpg\" alt=\"elegante micro bob\" class=\"wp-image-70918\" srcset=\"https:\/\/flawlesshair.com\/wp-content\/uploads\/2024\/11\/7.-sleek-micro-bob.jpg 1440w, https:\/\/flawlesshair.com\/wp-content\/uploads\/2024\/11\/7.-sleek-micro-bob-240x300.jpg 240w, https:\/\/flawlesshair.com\/wp-content\/uploads\/2024\/11\/7.-sleek-micro-bob-768x960.jpg 768w, https:\/\/flawlesshair.com\/wp-content\/uploads\/2024\/11\/7.-sleek-micro-bob-10x12.jpg 10w, https:\/\/flawlesshair.com\/wp-content\/uploads\/2024\/11\/7.-sleek-micro-bob-864x1080.jpg 864w, https:\/\/flawlesshair.com\/wp-content\/uploads\/2024\/11\/7.-sleek-micro-bob-960x1200.jpg 960w, https:\/\/flawlesshair.com\/wp-content\/uploads\/2024\/11\/7.-sleek-micro-bob-150x188.jpg 150w\" sizes=\"auto, (max-width: 760px) calc(100vw - 24px), 720px\"><\/noscript><img loading=\"lazy\" decoding=\"async\" width=\"1440\" height=\"1800\" src=\"https:\/\/flawlesshair.com\/wp-content\/uploads\/2024\/11\/7.-sleek-micro-bob.jpg\" alt=\"elegante micro bob\" class=\"wp-image-70918 lazyload\" srcset=\"https:\/\/flawlesshair.com\/wp-content\/uploads\/2024\/11\/7.-sleek-micro-bob.jpg 1440w, https:\/\/flawlesshair.com\/wp-content\/uploads\/2024\/11\/7.-sleek-micro-bob-240x300.jpg 240w, https:\/\/flawlesshair.com\/wp-content\/uploads\/2024\/11\/7.-sleek-micro-bob-768x960.jpg 768w, https:\/\/flawlesshair.com\/wp-content\/uploads\/2024\/11\/7.-sleek-micro-bob-10x12.jpg 10w, https:\/\/flawlesshair.com\/wp-content\/uploads\/2024\/11\/7.-sleek-micro-bob-864x1080.jpg 864w, https:\/\/flawlesshair.com\/wp-content\/uploads\/2024\/11\/7.-sleek-micro-bob-960x1200.jpg 960w, https:\/\/flawlesshair.com\/wp-content\/uploads\/2024\/11\/7.-sleek-micro-bob-150x188.jpg 150w\" sizes=\"auto, (max-width: 760px) calc(100vw - 24px), 720px\" data-pin-media=\"https:\/\/flawlesshair.com\/wp-content\/uploads\/2024\/11\/7.-sleek-micro-bob.jpg\" id=\"mv-trellis-img-7\" data-trellis-processed=\"1\"><div style=\"position: absolute; top: 0.5rem; right: 0.75rem;\"> <a href=\"https:\/\/www.pinterest.com\/pin\/create\/button\/\" data-pin-do=\"buttonPin\" data-pin-tall=\"true\" data-pin-url=\"https:\/\/flawlesshair.com\/es\/pelo-a-la-altura-de-las-orejas\/\" data-pin-media=\"https:\/\/flawlesshair.com\/wp-content\/uploads\/2024\/11\/7.-sleek-micro-bob.jpg\" data-pin-description=\"The Perfect Length? These 16 Ear-Length Cuts Say Yes\" rel=\"nofollow noopener\" target=\"_blank\"> <\/a><\/div><\/div><figcaption class=\"wp-element-caption\"><a href=\"https:\/\/www.instagram.com\/yukistylist\" target=\"_blank\" rel=\"noreferrer noopener nofollow\">@yukistylist<\/a><\/figcaption><\/figure>\n<\/div>\n\n\n<p>Las l\u00edneas elegantes del micro bob lo hacen fresco, ultramoderno y minimalista. Este look combina la sencillez con lo que est\u00e1 de moda de la forma m\u00e1s elegante.<\/p>\n\n\n\n<h2 class=\"wp-block-heading\">8. Bob largo hasta las orejas con piezas delanteras largas<\/h2>\n\n\n<div class=\"wp-block-image\">\n<figure class=\"aligncenter size-full\"><div style=\"position: relative;\"><noscript><img loading=\"lazy\" decoding=\"async\" width=\"1440\" height=\"1440\" src=\"https:\/\/flawlesshair.com\/wp-content\/uploads\/2024\/11\/8.-ear-length-bob-with-long-front-pieces.jpg\" alt=\"corte recto hasta las orejas con piezas delanteras largas\" class=\"wp-image-70919\" srcset=\"https:\/\/flawlesshair.com\/wp-content\/uploads\/2024\/11\/8.-ear-length-bob-with-long-front-pieces.jpg 1440w, https:\/\/flawlesshair.com\/wp-content\/uploads\/2024\/11\/8.-ear-length-bob-with-long-front-pieces-300x300.jpg 300w, https:\/\/flawlesshair.com\/wp-content\/uploads\/2024\/11\/8.-ear-length-bob-with-long-front-pieces-150x150.jpg 150w, https:\/\/flawlesshair.com\/wp-content\/uploads\/2024\/11\/8.-ear-length-bob-with-long-front-pieces-768x768.jpg 768w, https:\/\/flawlesshair.com\/wp-content\/uploads\/2024\/11\/8.-ear-length-bob-with-long-front-pieces-12x12.jpg 12w, https:\/\/flawlesshair.com\/wp-content\/uploads\/2024\/11\/8.-ear-length-bob-with-long-front-pieces-728x728.jpg 728w, https:\/\/flawlesshair.com\/wp-content\/uploads\/2024\/11\/8.-ear-length-bob-with-long-front-pieces-960x960.jpg 960w, https:\/\/flawlesshair.com\/wp-content\/uploads\/2024\/11\/8.-ear-length-bob-with-long-front-pieces-1080x1080.jpg 1080w, https:\/\/flawlesshair.com\/wp-content\/uploads\/2024\/11\/8.-ear-length-bob-with-long-front-pieces-1200x1200.jpg 1200w, https:\/\/flawlesshair.com\/wp-content\/uploads\/2024\/11\/8.-ear-length-bob-with-long-front-pieces-96x96.jpg 96w\" sizes=\"auto, (max-width: 760px) calc(100vw - 24px), 720px\"><\/noscript><img loading=\"lazy\" decoding=\"async\" width=\"1440\" height=\"1440\" src=\"https:\/\/flawlesshair.com\/wp-content\/uploads\/2024\/11\/8.-ear-length-bob-with-long-front-pieces.jpg\" alt=\"corte recto hasta las orejas con piezas delanteras largas\" class=\"wp-image-70919 lazyload\" srcset=\"https:\/\/flawlesshair.com\/wp-content\/uploads\/2024\/11\/8.-ear-length-bob-with-long-front-pieces.jpg 1440w, https:\/\/flawlesshair.com\/wp-content\/uploads\/2024\/11\/8.-ear-length-bob-with-long-front-pieces-300x300.jpg 300w, https:\/\/flawlesshair.com\/wp-content\/uploads\/2024\/11\/8.-ear-length-bob-with-long-front-pieces-150x150.jpg 150w, https:\/\/flawlesshair.com\/wp-content\/uploads\/2024\/11\/8.-ear-length-bob-with-long-front-pieces-768x768.jpg 768w, https:\/\/flawlesshair.com\/wp-content\/uploads\/2024\/11\/8.-ear-length-bob-with-long-front-pieces-12x12.jpg 12w, https:\/\/flawlesshair.com\/wp-content\/uploads\/2024\/11\/8.-ear-length-bob-with-long-front-pieces-728x728.jpg 728w, https:\/\/flawlesshair.com\/wp-content\/uploads\/2024\/11\/8.-ear-length-bob-with-long-front-pieces-960x960.jpg 960w, https:\/\/flawlesshair.com\/wp-content\/uploads\/2024\/11\/8.-ear-length-bob-with-long-front-pieces-1080x1080.jpg 1080w, https:\/\/flawlesshair.com\/wp-content\/uploads\/2024\/11\/8.-ear-length-bob-with-long-front-pieces-1200x1200.jpg 1200w, https:\/\/flawlesshair.com\/wp-content\/uploads\/2024\/11\/8.-ear-length-bob-with-long-front-pieces-96x96.jpg 96w\" sizes=\"auto, (max-width: 760px) calc(100vw - 24px), 720px\" data-pin-media=\"https:\/\/flawlesshair.com\/wp-content\/uploads\/2024\/11\/8.-ear-length-bob-with-long-front-pieces.jpg\" id=\"mv-trellis-img-8\" data-trellis-processed=\"1\"><div style=\"position: absolute; top: 0.5rem; right: 0.75rem;\"> <a href=\"https:\/\/www.pinterest.com\/pin\/create\/button\/\" data-pin-do=\"buttonPin\" data-pin-tall=\"true\" data-pin-url=\"https:\/\/flawlesshair.com\/es\/pelo-a-la-altura-de-las-orejas\/\" data-pin-media=\"https:\/\/flawlesshair.com\/wp-content\/uploads\/2024\/11\/8.-ear-length-bob-with-long-front-pieces.jpg\" data-pin-description=\"The Perfect Length? These 16 Ear-Length Cuts Say Yes\" rel=\"nofollow noopener\" target=\"_blank\"> <\/a><\/div><\/div><figcaption class=\"wp-element-caption\"><a href=\"https:\/\/www.instagram.com\/judeviola\" target=\"_blank\" rel=\"noreferrer noopener nofollow\">@judeviola<\/a><\/figcaption><\/figure>\n<\/div>\n\n\n<p>Un corte recto con flequillo y piezas delanteras ligeramente m\u00e1s largas es atrevido y moderno, pero tambi\u00e9n incre\u00edblemente favorecedor para todas las formas de cara. La longitud extra en la parte delantera crea un marco que, sorprendentemente, lo hace a\u00fan m\u00e1s ponible.<\/p>\n\n\n\n<h2 class=\"wp-block-heading\">9. Bob franc\u00e9s con micro flequillo<\/h2>\n\n\n<div class=\"wp-block-image\">\n<figure class=\"aligncenter size-full\"><div style=\"position: relative;\"><noscript><img loading=\"lazy\" decoding=\"async\" width=\"1440\" height=\"1440\" src=\"https:\/\/flawlesshair.com\/wp-content\/uploads\/2024\/11\/9.-french-bob-with-micro-bangs.jpg\" alt=\"french bob con micro flequillo\" class=\"wp-image-70920\" srcset=\"https:\/\/flawlesshair.com\/wp-content\/uploads\/2024\/11\/9.-french-bob-with-micro-bangs.jpg 1440w, https:\/\/flawlesshair.com\/wp-content\/uploads\/2024\/11\/9.-french-bob-with-micro-bangs-300x300.jpg 300w, https:\/\/flawlesshair.com\/wp-content\/uploads\/2024\/11\/9.-french-bob-with-micro-bangs-150x150.jpg 150w, https:\/\/flawlesshair.com\/wp-content\/uploads\/2024\/11\/9.-french-bob-with-micro-bangs-768x768.jpg 768w, https:\/\/flawlesshair.com\/wp-content\/uploads\/2024\/11\/9.-french-bob-with-micro-bangs-12x12.jpg 12w, https:\/\/flawlesshair.com\/wp-content\/uploads\/2024\/11\/9.-french-bob-with-micro-bangs-728x728.jpg 728w, https:\/\/flawlesshair.com\/wp-content\/uploads\/2024\/11\/9.-french-bob-with-micro-bangs-960x960.jpg 960w, https:\/\/flawlesshair.com\/wp-content\/uploads\/2024\/11\/9.-french-bob-with-micro-bangs-1080x1080.jpg 1080w, https:\/\/flawlesshair.com\/wp-content\/uploads\/2024\/11\/9.-french-bob-with-micro-bangs-1200x1200.jpg 1200w, https:\/\/flawlesshair.com\/wp-content\/uploads\/2024\/11\/9.-french-bob-with-micro-bangs-96x96.jpg 96w\" sizes=\"auto, (max-width: 760px) calc(100vw - 24px), 720px\"><\/noscript><img loading=\"lazy\" decoding=\"async\" width=\"1440\" height=\"1440\" src=\"https:\/\/flawlesshair.com\/wp-content\/uploads\/2024\/11\/9.-french-bob-with-micro-bangs.jpg\" alt=\"french bob con micro flequillo\" class=\"wp-image-70920 lazyload\" srcset=\"https:\/\/flawlesshair.com\/wp-content\/uploads\/2024\/11\/9.-french-bob-with-micro-bangs.jpg 1440w, https:\/\/flawlesshair.com\/wp-content\/uploads\/2024\/11\/9.-french-bob-with-micro-bangs-300x300.jpg 300w, https:\/\/flawlesshair.com\/wp-content\/uploads\/2024\/11\/9.-french-bob-with-micro-bangs-150x150.jpg 150w, https:\/\/flawlesshair.com\/wp-content\/uploads\/2024\/11\/9.-french-bob-with-micro-bangs-768x768.jpg 768w, https:\/\/flawlesshair.com\/wp-content\/uploads\/2024\/11\/9.-french-bob-with-micro-bangs-12x12.jpg 12w, https:\/\/flawlesshair.com\/wp-content\/uploads\/2024\/11\/9.-french-bob-with-micro-bangs-728x728.jpg 728w, https:\/\/flawlesshair.com\/wp-content\/uploads\/2024\/11\/9.-french-bob-with-micro-bangs-960x960.jpg 960w, https:\/\/flawlesshair.com\/wp-content\/uploads\/2024\/11\/9.-french-bob-with-micro-bangs-1080x1080.jpg 1080w, https:\/\/flawlesshair.com\/wp-content\/uploads\/2024\/11\/9.-french-bob-with-micro-bangs-1200x1200.jpg 1200w, https:\/\/flawlesshair.com\/wp-content\/uploads\/2024\/11\/9.-french-bob-with-micro-bangs-96x96.jpg 96w\" sizes=\"auto, (max-width: 760px) calc(100vw - 24px), 720px\" data-pin-media=\"https:\/\/flawlesshair.com\/wp-content\/uploads\/2024\/11\/9.-french-bob-with-micro-bangs.jpg\" id=\"mv-trellis-img-9\" data-trellis-processed=\"1\"><div style=\"position: absolute; top: 0.5rem; right: 0.75rem;\"> <a href=\"https:\/\/www.pinterest.com\/pin\/create\/button\/\" data-pin-do=\"buttonPin\" data-pin-tall=\"true\" data-pin-url=\"https:\/\/flawlesshair.com\/es\/pelo-a-la-altura-de-las-orejas\/\" data-pin-media=\"https:\/\/flawlesshair.com\/wp-content\/uploads\/2024\/11\/9.-french-bob-with-micro-bangs.jpg\" data-pin-description=\"The Perfect Length? These 16 Ear-Length Cuts Say Yes\" rel=\"nofollow noopener\" target=\"_blank\"> <\/a><\/div><\/div><figcaption class=\"wp-element-caption\"><a href=\"https:\/\/www.instagram.com\/pony.studios\" target=\"_blank\" rel=\"noreferrer noopener nofollow\">@pony.studios<\/a><\/figcaption><\/figure>\n<\/div>\n\n\n<p>El flequillo diminuto y el contorno grueso de este corte recto franc\u00e9s le dan un aspecto bonito, pero tambi\u00e9n muy art\u00edstico y parisino. Es de inspiraci\u00f3n vintage pero muy moderno.<\/p>\n\n\n\n<h2 class=\"wp-block-heading\">10. Corte de cu\u00f1a suave<\/h2>\n\n\n<div class=\"wp-block-image\">\n<figure class=\"aligncenter size-full\"><div style=\"position: relative;\"><noscript><img loading=\"lazy\" decoding=\"async\" width=\"1440\" height=\"1796\" src=\"https:\/\/flawlesshair.com\/wp-content\/uploads\/2024\/11\/10.-soft-wedge-cut.jpg\" alt=\"corte de cu\u00f1a suave\" class=\"wp-image-70921\" srcset=\"https:\/\/flawlesshair.com\/wp-content\/uploads\/2024\/11\/10.-soft-wedge-cut.jpg 1440w, https:\/\/flawlesshair.com\/wp-content\/uploads\/2024\/11\/10.-soft-wedge-cut-241x300.jpg 241w, https:\/\/flawlesshair.com\/wp-content\/uploads\/2024\/11\/10.-soft-wedge-cut-768x958.jpg 768w, https:\/\/flawlesshair.com\/wp-content\/uploads\/2024\/11\/10.-soft-wedge-cut-10x12.jpg 10w, https:\/\/flawlesshair.com\/wp-content\/uploads\/2024\/11\/10.-soft-wedge-cut-770x960.jpg 770w, https:\/\/flawlesshair.com\/wp-content\/uploads\/2024\/11\/10.-soft-wedge-cut-866x1080.jpg 866w, https:\/\/flawlesshair.com\/wp-content\/uploads\/2024\/11\/10.-soft-wedge-cut-962x1200.jpg 962w, https:\/\/flawlesshair.com\/wp-content\/uploads\/2024\/11\/10.-soft-wedge-cut-150x187.jpg 150w\" sizes=\"auto, (max-width: 760px) calc(100vw - 24px), 720px\"><\/noscript><img loading=\"lazy\" decoding=\"async\" width=\"1440\" height=\"1796\" src=\"https:\/\/flawlesshair.com\/wp-content\/uploads\/2024\/11\/10.-soft-wedge-cut.jpg\" alt=\"corte de cu\u00f1a suave\" class=\"wp-image-70921 lazyload\" srcset=\"https:\/\/flawlesshair.com\/wp-content\/uploads\/2024\/11\/10.-soft-wedge-cut.jpg 1440w, https:\/\/flawlesshair.com\/wp-content\/uploads\/2024\/11\/10.-soft-wedge-cut-241x300.jpg 241w, https:\/\/flawlesshair.com\/wp-content\/uploads\/2024\/11\/10.-soft-wedge-cut-768x958.jpg 768w, https:\/\/flawlesshair.com\/wp-content\/uploads\/2024\/11\/10.-soft-wedge-cut-10x12.jpg 10w, https:\/\/flawlesshair.com\/wp-content\/uploads\/2024\/11\/10.-soft-wedge-cut-770x960.jpg 770w, https:\/\/flawlesshair.com\/wp-content\/uploads\/2024\/11\/10.-soft-wedge-cut-866x1080.jpg 866w, https:\/\/flawlesshair.com\/wp-content\/uploads\/2024\/11\/10.-soft-wedge-cut-962x1200.jpg 962w, https:\/\/flawlesshair.com\/wp-content\/uploads\/2024\/11\/10.-soft-wedge-cut-150x187.jpg 150w\" sizes=\"auto, (max-width: 760px) calc(100vw - 24px), 720px\" data-pin-media=\"https:\/\/flawlesshair.com\/wp-content\/uploads\/2024\/11\/10.-soft-wedge-cut.jpg\" id=\"mv-trellis-img-10\" data-trellis-processed=\"1\"><div style=\"position: absolute; top: 0.5rem; right: 0.75rem;\"> <a href=\"https:\/\/www.pinterest.com\/pin\/create\/button\/\" data-pin-do=\"buttonPin\" data-pin-tall=\"true\" data-pin-url=\"https:\/\/flawlesshair.com\/es\/pelo-a-la-altura-de-las-orejas\/\" data-pin-media=\"https:\/\/flawlesshair.com\/wp-content\/uploads\/2024\/11\/10.-soft-wedge-cut.jpg\" data-pin-description=\"The Perfect Length? These 16 Ear-Length Cuts Say Yes\" rel=\"nofollow noopener\" target=\"_blank\"> <\/a><\/div><\/div><figcaption class=\"wp-element-caption\"><a href=\"https:\/\/www.instagram.com\/daichi_yoshida_\" target=\"_blank\" rel=\"noreferrer noopener nofollow\">@daichi_yoshida_<\/a><\/figcaption><\/figure>\n<\/div>\n\n\n<p>Con un flequillo suave y ondulado y una sutil graduaci\u00f3n en la parte posterior, este largo de oreja <a href=\"https:\/\/flawlesshair.com\/es\/corte-de-pelo-corto-en-cuna-apilada\/\">corte en cu\u00f1a<\/a> tiene un poco de volumen sin ser demasiado. Es sencillo y desenfadado, pero elegante.<\/p>\n\n\n\n<h2 class=\"wp-block-heading\">11. Bob largo hasta las orejas con flequillo recortado<\/h2>\n\n\n<div class=\"wp-block-image\">\n<figure class=\"aligncenter size-full\"><div style=\"position: relative;\"><noscript><img loading=\"lazy\" decoding=\"async\" width=\"1263\" height=\"1263\" src=\"https:\/\/flawlesshair.com\/wp-content\/uploads\/2024\/11\/11.-ear-length-bob-with-choppy-bangs.jpg\" alt=\"corte recto hasta la oreja con flequillo recortado\" class=\"wp-image-70923\" srcset=\"https:\/\/flawlesshair.com\/wp-content\/uploads\/2024\/11\/11.-ear-length-bob-with-choppy-bangs.jpg 1263w, https:\/\/flawlesshair.com\/wp-content\/uploads\/2024\/11\/11.-ear-length-bob-with-choppy-bangs-300x300.jpg 300w, https:\/\/flawlesshair.com\/wp-content\/uploads\/2024\/11\/11.-ear-length-bob-with-choppy-bangs-150x150.jpg 150w, https:\/\/flawlesshair.com\/wp-content\/uploads\/2024\/11\/11.-ear-length-bob-with-choppy-bangs-768x768.jpg 768w, https:\/\/flawlesshair.com\/wp-content\/uploads\/2024\/11\/11.-ear-length-bob-with-choppy-bangs-12x12.jpg 12w, https:\/\/flawlesshair.com\/wp-content\/uploads\/2024\/11\/11.-ear-length-bob-with-choppy-bangs-728x728.jpg 728w, https:\/\/flawlesshair.com\/wp-content\/uploads\/2024\/11\/11.-ear-length-bob-with-choppy-bangs-960x960.jpg 960w, https:\/\/flawlesshair.com\/wp-content\/uploads\/2024\/11\/11.-ear-length-bob-with-choppy-bangs-1080x1080.jpg 1080w, https:\/\/flawlesshair.com\/wp-content\/uploads\/2024\/11\/11.-ear-length-bob-with-choppy-bangs-1200x1200.jpg 1200w, https:\/\/flawlesshair.com\/wp-content\/uploads\/2024\/11\/11.-ear-length-bob-with-choppy-bangs-96x96.jpg 96w\" sizes=\"auto, (max-width: 760px) calc(100vw - 24px), 720px\"><\/noscript><img loading=\"lazy\" decoding=\"async\" width=\"1263\" height=\"1263\" src=\"https:\/\/flawlesshair.com\/wp-content\/uploads\/2024\/11\/11.-ear-length-bob-with-choppy-bangs.jpg\" alt=\"corte recto hasta la oreja con flequillo recortado\" class=\"wp-image-70923 lazyload\" srcset=\"https:\/\/flawlesshair.com\/wp-content\/uploads\/2024\/11\/11.-ear-length-bob-with-choppy-bangs.jpg 1263w, https:\/\/flawlesshair.com\/wp-content\/uploads\/2024\/11\/11.-ear-length-bob-with-choppy-bangs-300x300.jpg 300w, https:\/\/flawlesshair.com\/wp-content\/uploads\/2024\/11\/11.-ear-length-bob-with-choppy-bangs-150x150.jpg 150w, https:\/\/flawlesshair.com\/wp-content\/uploads\/2024\/11\/11.-ear-length-bob-with-choppy-bangs-768x768.jpg 768w, https:\/\/flawlesshair.com\/wp-content\/uploads\/2024\/11\/11.-ear-length-bob-with-choppy-bangs-12x12.jpg 12w, https:\/\/flawlesshair.com\/wp-content\/uploads\/2024\/11\/11.-ear-length-bob-with-choppy-bangs-728x728.jpg 728w, https:\/\/flawlesshair.com\/wp-content\/uploads\/2024\/11\/11.-ear-length-bob-with-choppy-bangs-960x960.jpg 960w, https:\/\/flawlesshair.com\/wp-content\/uploads\/2024\/11\/11.-ear-length-bob-with-choppy-bangs-1080x1080.jpg 1080w, https:\/\/flawlesshair.com\/wp-content\/uploads\/2024\/11\/11.-ear-length-bob-with-choppy-bangs-1200x1200.jpg 1200w, https:\/\/flawlesshair.com\/wp-content\/uploads\/2024\/11\/11.-ear-length-bob-with-choppy-bangs-96x96.jpg 96w\" sizes=\"auto, (max-width: 760px) calc(100vw - 24px), 720px\" data-pin-media=\"https:\/\/flawlesshair.com\/wp-content\/uploads\/2024\/11\/11.-ear-length-bob-with-choppy-bangs.jpg\" id=\"mv-trellis-img-11\" data-trellis-processed=\"1\"><div style=\"position: absolute; top: 0.5rem; right: 0.75rem;\"> <a href=\"https:\/\/www.pinterest.com\/pin\/create\/button\/\" data-pin-do=\"buttonPin\" data-pin-tall=\"true\" data-pin-url=\"https:\/\/flawlesshair.com\/es\/pelo-a-la-altura-de-las-orejas\/\" data-pin-media=\"https:\/\/flawlesshair.com\/wp-content\/uploads\/2024\/11\/11.-ear-length-bob-with-choppy-bangs.jpg\" data-pin-description=\"The Perfect Length? These 16 Ear-Length Cuts Say Yes\" rel=\"nofollow noopener\" target=\"_blank\"> <\/a><\/div><\/div><figcaption class=\"wp-element-caption\"><a href=\"https:\/\/www.instagram.com\/__k_vu__\" target=\"_blank\" rel=\"noreferrer noopener nofollow\">@__k_vu__<\/a><\/figcaption><\/figure>\n<\/div>\n\n\n<p>El micro flequillo recortado sobre un corte recto cl\u00e1sico a la altura de las orejas a\u00f1ade un poco de textura y filo, d\u00e1ndole un toque desenfadado y cool, y es muy f\u00e1cil de llevar.<\/p>\n\n\n\n<h2 class=\"wp-block-heading\">12. Bob con las orejas en \u00e1ngulo<\/h2>\n\n\n<div class=\"wp-block-image\">\n<figure class=\"aligncenter size-full\"><div style=\"position: relative;\"><noscript><img loading=\"lazy\" decoding=\"async\" width=\"1080\" height=\"1080\" src=\"https:\/\/flawlesshair.com\/wp-content\/uploads\/2024\/11\/12.-angled-ear-length-bob.jpg\" alt=\"corte recto en \u00e1ngulo\" class=\"wp-image-70925\" srcset=\"https:\/\/flawlesshair.com\/wp-content\/uploads\/2024\/11\/12.-angled-ear-length-bob.jpg 1080w, https:\/\/flawlesshair.com\/wp-content\/uploads\/2024\/11\/12.-angled-ear-length-bob-300x300.jpg 300w, https:\/\/flawlesshair.com\/wp-content\/uploads\/2024\/11\/12.-angled-ear-length-bob-150x150.jpg 150w, https:\/\/flawlesshair.com\/wp-content\/uploads\/2024\/11\/12.-angled-ear-length-bob-768x768.jpg 768w, https:\/\/flawlesshair.com\/wp-content\/uploads\/2024\/11\/12.-angled-ear-length-bob-12x12.jpg 12w, https:\/\/flawlesshair.com\/wp-content\/uploads\/2024\/11\/12.-angled-ear-length-bob-728x728.jpg 728w, https:\/\/flawlesshair.com\/wp-content\/uploads\/2024\/11\/12.-angled-ear-length-bob-960x960.jpg 960w, https:\/\/flawlesshair.com\/wp-content\/uploads\/2024\/11\/12.-angled-ear-length-bob-96x96.jpg 96w\" sizes=\"auto, (max-width: 760px) calc(100vw - 24px), 720px\"><\/noscript><img loading=\"lazy\" decoding=\"async\" width=\"1080\" height=\"1080\" src=\"https:\/\/flawlesshair.com\/wp-content\/uploads\/2024\/11\/12.-angled-ear-length-bob.jpg\" alt=\"corte recto en \u00e1ngulo\" class=\"wp-image-70925 lazyload\" srcset=\"https:\/\/flawlesshair.com\/wp-content\/uploads\/2024\/11\/12.-angled-ear-length-bob.jpg 1080w, https:\/\/flawlesshair.com\/wp-content\/uploads\/2024\/11\/12.-angled-ear-length-bob-300x300.jpg 300w, https:\/\/flawlesshair.com\/wp-content\/uploads\/2024\/11\/12.-angled-ear-length-bob-150x150.jpg 150w, https:\/\/flawlesshair.com\/wp-content\/uploads\/2024\/11\/12.-angled-ear-length-bob-768x768.jpg 768w, https:\/\/flawlesshair.com\/wp-content\/uploads\/2024\/11\/12.-angled-ear-length-bob-12x12.jpg 12w, https:\/\/flawlesshair.com\/wp-content\/uploads\/2024\/11\/12.-angled-ear-length-bob-728x728.jpg 728w, https:\/\/flawlesshair.com\/wp-content\/uploads\/2024\/11\/12.-angled-ear-length-bob-960x960.jpg 960w, https:\/\/flawlesshair.com\/wp-content\/uploads\/2024\/11\/12.-angled-ear-length-bob-96x96.jpg 96w\" sizes=\"auto, (max-width: 760px) calc(100vw - 24px), 720px\" data-pin-media=\"https:\/\/flawlesshair.com\/wp-content\/uploads\/2024\/11\/12.-angled-ear-length-bob.jpg\" id=\"mv-trellis-img-12\" data-trellis-processed=\"1\"><div style=\"position: absolute; top: 0.5rem; right: 0.75rem;\"> <a href=\"https:\/\/www.pinterest.com\/pin\/create\/button\/\" data-pin-do=\"buttonPin\" data-pin-tall=\"true\" data-pin-url=\"https:\/\/flawlesshair.com\/es\/pelo-a-la-altura-de-las-orejas\/\" data-pin-media=\"https:\/\/flawlesshair.com\/wp-content\/uploads\/2024\/11\/12.-angled-ear-length-bob.jpg\" data-pin-description=\"The Perfect Length? These 16 Ear-Length Cuts Say Yes\" rel=\"nofollow noopener\" target=\"_blank\"> <\/a><\/div><\/div><figcaption class=\"wp-element-caption\"><a href=\"https:\/\/www.instagram.com\/lavrenova_olya\" target=\"_blank\" rel=\"noreferrer noopener nofollow\">@lavrenova_olya<\/a><\/figcaption><\/figure>\n<\/div>\n\n\n<p>Meti\u00e9ndote el short <a href=\"https:\/\/flawlesshair.com\/es\/cortes-de-pelo-bob-en-angulo\/\">bob en \u00e1ngulo<\/a> detr\u00e1s de una oreja le dar\u00e1 un aspecto fresco y coqueto. Un poco de asimetr\u00eda y estructura es una forma estupenda de dar glamour al pelo corto sin pasarse.<\/p>\n\n\n\n<h2 class=\"wp-block-heading\">13. Poof In The Back<\/h2>\n\n\n<div class=\"wp-block-image\">\n<figure class=\"aligncenter size-full\"><div style=\"position: relative;\"><noscript><img loading=\"lazy\" decoding=\"async\" width=\"1080\" height=\"1350\" src=\"https:\/\/flawlesshair.com\/wp-content\/uploads\/2024\/11\/Poof-In-The-Back.jpg\" alt=\"puf en la espalda\" class=\"wp-image-100557\" srcset=\"https:\/\/flawlesshair.com\/wp-content\/uploads\/2024\/11\/Poof-In-The-Back.jpg 1080w, https:\/\/flawlesshair.com\/wp-content\/uploads\/2024\/11\/Poof-In-The-Back-240x300.jpg 240w, https:\/\/flawlesshair.com\/wp-content\/uploads\/2024\/11\/Poof-In-The-Back-768x960.jpg 768w, https:\/\/flawlesshair.com\/wp-content\/uploads\/2024\/11\/Poof-In-The-Back-10x12.jpg 10w, https:\/\/flawlesshair.com\/wp-content\/uploads\/2024\/11\/Poof-In-The-Back-864x1080.jpg 864w, https:\/\/flawlesshair.com\/wp-content\/uploads\/2024\/11\/Poof-In-The-Back-960x1200.jpg 960w\" sizes=\"auto, (max-width: 760px) calc(100vw - 24px), 720px\"><\/noscript><img loading=\"lazy\" decoding=\"async\" width=\"1080\" height=\"1350\" src=\"https:\/\/flawlesshair.com\/wp-content\/uploads\/2024\/11\/Poof-In-The-Back.jpg\" alt=\"puf en la espalda\" class=\"wp-image-100557 lazyload\" srcset=\"https:\/\/flawlesshair.com\/wp-content\/uploads\/2024\/11\/Poof-In-The-Back.jpg 1080w, https:\/\/flawlesshair.com\/wp-content\/uploads\/2024\/11\/Poof-In-The-Back-240x300.jpg 240w, https:\/\/flawlesshair.com\/wp-content\/uploads\/2024\/11\/Poof-In-The-Back-768x960.jpg 768w, https:\/\/flawlesshair.com\/wp-content\/uploads\/2024\/11\/Poof-In-The-Back-10x12.jpg 10w, https:\/\/flawlesshair.com\/wp-content\/uploads\/2024\/11\/Poof-In-The-Back-864x1080.jpg 864w, https:\/\/flawlesshair.com\/wp-content\/uploads\/2024\/11\/Poof-In-The-Back-960x1200.jpg 960w\" sizes=\"auto, (max-width: 760px) calc(100vw - 24px), 720px\" data-pin-media=\"https:\/\/flawlesshair.com\/wp-content\/uploads\/2024\/11\/Poof-In-The-Back.jpg\" id=\"mv-trellis-img-13\" data-trellis-processed=\"1\"><div style=\"position: absolute; top: 0.5rem; right: 0.75rem;\"> <a href=\"https:\/\/www.pinterest.com\/pin\/create\/button\/\" data-pin-do=\"buttonPin\" data-pin-tall=\"true\" data-pin-url=\"https:\/\/flawlesshair.com\/es\/pelo-a-la-altura-de-las-orejas\/\" data-pin-media=\"https:\/\/flawlesshair.com\/wp-content\/uploads\/2024\/11\/Poof-In-The-Back.jpg\" data-pin-description=\"The Perfect Length? These 16 Ear-Length Cuts Say Yes\" rel=\"nofollow noopener\" target=\"_blank\"> <\/a><\/div><\/div><figcaption class=\"wp-element-caption\">@<a href=\"https:\/\/www.instagram.com\/vionyvivianti_bridalhair\/\" target=\"_blank\" rel=\"noreferrer noopener nofollow\">vionyvivianti_bridalhair<\/a><\/figcaption><\/figure>\n<\/div>\n\n\n<p>Eleva tu corte de pelo hasta las orejas con un elegante flequillo en la parte de atr\u00e1s.<\/p>\n\n\n\n<p>Este sofisticado detalle a\u00f1ade un toque de elegancia y realza la belleza de su estilo.<\/p>\n\n\n\n<h2 class=\"wp-block-heading\">14. Flequillo texturizado<\/h2>\n\n\n<div class=\"wp-block-image\">\n<figure class=\"aligncenter size-full\"><div style=\"position: relative;\"><noscript><img loading=\"lazy\" decoding=\"async\" width=\"1080\" height=\"1349\" src=\"https:\/\/flawlesshair.com\/wp-content\/uploads\/2024\/11\/Textured-Bangs-1.jpg\" alt=\"flequillo texturizado\" class=\"wp-image-100564\" srcset=\"https:\/\/flawlesshair.com\/wp-content\/uploads\/2024\/11\/Textured-Bangs-1.jpg 1080w, https:\/\/flawlesshair.com\/wp-content\/uploads\/2024\/11\/Textured-Bangs-1-240x300.jpg 240w, https:\/\/flawlesshair.com\/wp-content\/uploads\/2024\/11\/Textured-Bangs-1-768x959.jpg 768w, https:\/\/flawlesshair.com\/wp-content\/uploads\/2024\/11\/Textured-Bangs-1-10x12.jpg 10w, https:\/\/flawlesshair.com\/wp-content\/uploads\/2024\/11\/Textured-Bangs-1-769x960.jpg 769w, https:\/\/flawlesshair.com\/wp-content\/uploads\/2024\/11\/Textured-Bangs-1-865x1080.jpg 865w, https:\/\/flawlesshair.com\/wp-content\/uploads\/2024\/11\/Textured-Bangs-1-961x1200.jpg 961w\" sizes=\"auto, (max-width: 760px) calc(100vw - 24px), 720px\"><\/noscript><img loading=\"lazy\" decoding=\"async\" width=\"1080\" height=\"1349\" src=\"https:\/\/flawlesshair.com\/wp-content\/uploads\/2024\/11\/Textured-Bangs-1.jpg\" alt=\"flequillo texturizado\" class=\"wp-image-100564 lazyload\" srcset=\"https:\/\/flawlesshair.com\/wp-content\/uploads\/2024\/11\/Textured-Bangs-1.jpg 1080w, https:\/\/flawlesshair.com\/wp-content\/uploads\/2024\/11\/Textured-Bangs-1-240x300.jpg 240w, https:\/\/flawlesshair.com\/wp-content\/uploads\/2024\/11\/Textured-Bangs-1-768x959.jpg 768w, https:\/\/flawlesshair.com\/wp-content\/uploads\/2024\/11\/Textured-Bangs-1-10x12.jpg 10w, https:\/\/flawlesshair.com\/wp-content\/uploads\/2024\/11\/Textured-Bangs-1-769x960.jpg 769w, https:\/\/flawlesshair.com\/wp-content\/uploads\/2024\/11\/Textured-Bangs-1-865x1080.jpg 865w, https:\/\/flawlesshair.com\/wp-content\/uploads\/2024\/11\/Textured-Bangs-1-961x1200.jpg 961w\" sizes=\"auto, (max-width: 760px) calc(100vw - 24px), 720px\" data-pin-media=\"https:\/\/flawlesshair.com\/wp-content\/uploads\/2024\/11\/Textured-Bangs-1.jpg\" id=\"mv-trellis-img-14\" data-trellis-processed=\"1\"><div style=\"position: absolute; top: 0.5rem; right: 0.75rem;\"> <a href=\"https:\/\/www.pinterest.com\/pin\/create\/button\/\" data-pin-do=\"buttonPin\" data-pin-tall=\"true\" data-pin-url=\"https:\/\/flawlesshair.com\/es\/pelo-a-la-altura-de-las-orejas\/\" data-pin-media=\"https:\/\/flawlesshair.com\/wp-content\/uploads\/2024\/11\/Textured-Bangs-1.jpg\" data-pin-description=\"The Perfect Length? These 16 Ear-Length Cuts Say Yes\" rel=\"nofollow noopener\" target=\"_blank\"> <\/a><\/div><\/div><figcaption class=\"wp-element-caption\">@<a href=\"https:\/\/www.instagram.com\/yukistylist\/\" target=\"_blank\" rel=\"noreferrer noopener nofollow\">yukistylist<\/a><\/figcaption><\/figure>\n<\/div>\n\n\n<p>A\u00f1ade un flequillo texturizado para aderezar tu corte a la altura de las orejas, d\u00e1ndole un toque \u00fanico.<\/p>\n\n\n\n<p>Aportar\u00e1n el equilibrio perfecto y servir\u00e1n como el detalle extravagante que tu peinado necesita para brillar plenamente.<\/p>\n\n\n\n<h2 class=\"wp-block-heading\">15. Ear-Length Bob<\/h2>\n\n\n<div class=\"wp-block-image\">\n<figure class=\"aligncenter size-full\"><div style=\"position: relative;\"><noscript><img loading=\"lazy\" decoding=\"async\" width=\"1080\" height=\"1080\" src=\"https:\/\/flawlesshair.com\/wp-content\/uploads\/2024\/11\/1.-ear-length-bob.jpg\" alt=\"bob hasta las orejas\" class=\"wp-image-70912\" srcset=\"https:\/\/flawlesshair.com\/wp-content\/uploads\/2024\/11\/1.-ear-length-bob.jpg 1080w, https:\/\/flawlesshair.com\/wp-content\/uploads\/2024\/11\/1.-ear-length-bob-300x300.jpg 300w, https:\/\/flawlesshair.com\/wp-content\/uploads\/2024\/11\/1.-ear-length-bob-150x150.jpg 150w, https:\/\/flawlesshair.com\/wp-content\/uploads\/2024\/11\/1.-ear-length-bob-768x768.jpg 768w, https:\/\/flawlesshair.com\/wp-content\/uploads\/2024\/11\/1.-ear-length-bob-12x12.jpg 12w, https:\/\/flawlesshair.com\/wp-content\/uploads\/2024\/11\/1.-ear-length-bob-728x728.jpg 728w, https:\/\/flawlesshair.com\/wp-content\/uploads\/2024\/11\/1.-ear-length-bob-960x960.jpg 960w, https:\/\/flawlesshair.com\/wp-content\/uploads\/2024\/11\/1.-ear-length-bob-96x96.jpg 96w\" sizes=\"auto, (max-width: 760px) calc(100vw - 24px), 720px\"><\/noscript><img loading=\"lazy\" decoding=\"async\" width=\"1080\" height=\"1080\" src=\"https:\/\/flawlesshair.com\/wp-content\/uploads\/2024\/11\/1.-ear-length-bob.jpg\" alt=\"bob hasta las orejas\" class=\"wp-image-70912 lazyload\" srcset=\"https:\/\/flawlesshair.com\/wp-content\/uploads\/2024\/11\/1.-ear-length-bob.jpg 1080w, https:\/\/flawlesshair.com\/wp-content\/uploads\/2024\/11\/1.-ear-length-bob-300x300.jpg 300w, https:\/\/flawlesshair.com\/wp-content\/uploads\/2024\/11\/1.-ear-length-bob-150x150.jpg 150w, https:\/\/flawlesshair.com\/wp-content\/uploads\/2024\/11\/1.-ear-length-bob-768x768.jpg 768w, https:\/\/flawlesshair.com\/wp-content\/uploads\/2024\/11\/1.-ear-length-bob-12x12.jpg 12w, https:\/\/flawlesshair.com\/wp-content\/uploads\/2024\/11\/1.-ear-length-bob-728x728.jpg 728w, https:\/\/flawlesshair.com\/wp-content\/uploads\/2024\/11\/1.-ear-length-bob-960x960.jpg 960w, https:\/\/flawlesshair.com\/wp-content\/uploads\/2024\/11\/1.-ear-length-bob-96x96.jpg 96w\" sizes=\"auto, (max-width: 760px) calc(100vw - 24px), 720px\" data-pin-media=\"https:\/\/flawlesshair.com\/wp-content\/uploads\/2024\/11\/1.-ear-length-bob.jpg\" id=\"mv-trellis-img-15\" data-trellis-processed=\"1\"><div style=\"position: absolute; top: 0.5rem; right: 0.75rem;\"> <a href=\"https:\/\/www.pinterest.com\/pin\/create\/button\/\" data-pin-do=\"buttonPin\" data-pin-tall=\"true\" data-pin-url=\"https:\/\/flawlesshair.com\/es\/pelo-a-la-altura-de-las-orejas\/\" data-pin-media=\"https:\/\/flawlesshair.com\/wp-content\/uploads\/2024\/11\/1.-ear-length-bob.jpg\" data-pin-description=\"The Perfect Length? These 16 Ear-Length Cuts Say Yes\" rel=\"nofollow noopener\" target=\"_blank\"> <\/a><\/div><\/div><figcaption class=\"wp-element-caption\"><a href=\"https:\/\/www.instagram.com\/davidwbullen\" target=\"_blank\" rel=\"noreferrer noopener nofollow\">@davidwbullen<\/a><\/figcaption><\/figure>\n<\/div>\n\n\n<p>Si buscas un peinado f\u00e1cil y de bajo mantenimiento, este peinado suave con raya en medio es perfecto para ti. <a href=\"https:\/\/flawlesshair.com\/es\/bob-con-orejas\/\">bob hasta las orejas<\/a> lo tiene todo. Enmarca el rostro de una forma sencilla y favorecedora sin necesidad de mucho estilismo, y queda muy bonito.<\/p>\n\n\n\n<h2 class=\"wp-block-heading\">16. Shaggy Ear-Length Hair<\/h2>\n\n\n<div class=\"wp-block-image\">\n<figure class=\"aligncenter size-full\"><div style=\"position: relative;\"><noscript><img loading=\"lazy\" decoding=\"async\" width=\"1440\" height=\"1440\" src=\"https:\/\/flawlesshair.com\/wp-content\/uploads\/2024\/11\/2.-shaggy-ear-length-hair.jpg\" alt=\"pelo desgre\u00f1ado hasta las orejas\" class=\"wp-image-70913\" srcset=\"https:\/\/flawlesshair.com\/wp-content\/uploads\/2024\/11\/2.-shaggy-ear-length-hair.jpg 1440w, https:\/\/flawlesshair.com\/wp-content\/uploads\/2024\/11\/2.-shaggy-ear-length-hair-300x300.jpg 300w, https:\/\/flawlesshair.com\/wp-content\/uploads\/2024\/11\/2.-shaggy-ear-length-hair-150x150.jpg 150w, https:\/\/flawlesshair.com\/wp-content\/uploads\/2024\/11\/2.-shaggy-ear-length-hair-768x768.jpg 768w, https:\/\/flawlesshair.com\/wp-content\/uploads\/2024\/11\/2.-shaggy-ear-length-hair-12x12.jpg 12w, https:\/\/flawlesshair.com\/wp-content\/uploads\/2024\/11\/2.-shaggy-ear-length-hair-728x728.jpg 728w, https:\/\/flawlesshair.com\/wp-content\/uploads\/2024\/11\/2.-shaggy-ear-length-hair-960x960.jpg 960w, https:\/\/flawlesshair.com\/wp-content\/uploads\/2024\/11\/2.-shaggy-ear-length-hair-1080x1080.jpg 1080w, https:\/\/flawlesshair.com\/wp-content\/uploads\/2024\/11\/2.-shaggy-ear-length-hair-1200x1200.jpg 1200w, https:\/\/flawlesshair.com\/wp-content\/uploads\/2024\/11\/2.-shaggy-ear-length-hair-96x96.jpg 96w\" sizes=\"auto, (max-width: 760px) calc(100vw - 24px), 720px\"><\/noscript><img loading=\"lazy\" decoding=\"async\" width=\"1440\" height=\"1440\" src=\"https:\/\/flawlesshair.com\/wp-content\/uploads\/2024\/11\/2.-shaggy-ear-length-hair.jpg\" alt=\"pelo desgre\u00f1ado hasta las orejas\" class=\"wp-image-70913 lazyload\" srcset=\"https:\/\/flawlesshair.com\/wp-content\/uploads\/2024\/11\/2.-shaggy-ear-length-hair.jpg 1440w, https:\/\/flawlesshair.com\/wp-content\/uploads\/2024\/11\/2.-shaggy-ear-length-hair-300x300.jpg 300w, https:\/\/flawlesshair.com\/wp-content\/uploads\/2024\/11\/2.-shaggy-ear-length-hair-150x150.jpg 150w, https:\/\/flawlesshair.com\/wp-content\/uploads\/2024\/11\/2.-shaggy-ear-length-hair-768x768.jpg 768w, https:\/\/flawlesshair.com\/wp-content\/uploads\/2024\/11\/2.-shaggy-ear-length-hair-12x12.jpg 12w, https:\/\/flawlesshair.com\/wp-content\/uploads\/2024\/11\/2.-shaggy-ear-length-hair-728x728.jpg 728w, https:\/\/flawlesshair.com\/wp-content\/uploads\/2024\/11\/2.-shaggy-ear-length-hair-960x960.jpg 960w, https:\/\/flawlesshair.com\/wp-content\/uploads\/2024\/11\/2.-shaggy-ear-length-hair-1080x1080.jpg 1080w, https:\/\/flawlesshair.com\/wp-content\/uploads\/2024\/11\/2.-shaggy-ear-length-hair-1200x1200.jpg 1200w, https:\/\/flawlesshair.com\/wp-content\/uploads\/2024\/11\/2.-shaggy-ear-length-hair-96x96.jpg 96w\" sizes=\"auto, (max-width: 760px) calc(100vw - 24px), 720px\" data-pin-media=\"https:\/\/flawlesshair.com\/wp-content\/uploads\/2024\/11\/2.-shaggy-ear-length-hair.jpg\" id=\"mv-trellis-img-16\" data-trellis-processed=\"1\"><div style=\"position: absolute; top: 0.5rem; right: 0.75rem;\"> <a href=\"https:\/\/www.pinterest.com\/pin\/create\/button\/\" data-pin-do=\"buttonPin\" data-pin-tall=\"true\" data-pin-url=\"https:\/\/flawlesshair.com\/es\/pelo-a-la-altura-de-las-orejas\/\" data-pin-media=\"https:\/\/flawlesshair.com\/wp-content\/uploads\/2024\/11\/2.-shaggy-ear-length-hair.jpg\" data-pin-description=\"The Perfect Length? These 16 Ear-Length Cuts Say Yes\" rel=\"nofollow noopener\" target=\"_blank\"> <\/a><\/div><\/div><figcaption class=\"wp-element-caption\"><a href=\"https:\/\/www.instagram.com\/brianacisneros\" target=\"_blank\" rel=\"noreferrer noopener nofollow\">@brianacisneros<\/a><\/figcaption><\/figure>\n<\/div>\n\n\n<p>\u00bfBusca textura? Este <a href=\"https:\/\/flawlesshair.com\/es\/rapado-corto-con-flequillo\/\">corte desgre\u00f1ado hasta las orejas<\/a> tiene un aspecto fresco y desenfadado, y las capas entrecortadas le dan mucho volumen. Una versi\u00f3n muy moderna de un corte cl\u00e1sico.<\/p>","protected":false},"excerpt":{"rendered":"<p>Un corte corto puede cambiarte la vida. Alegre, moderno y refrescante, el pelo largo hasta las orejas es chic sin esfuerzo. Tanto si buscas una transformaci\u00f3n atrevida como ...<\/p>","protected":false},"author":37,"featured_media":164704,"comment_status":"closed","ping_status":"closed","sticky":false,"template":"","format":"standard","meta":{"syndication_tool_enabled":false,"syndication_tool_title":"","syndication_tool_excerpt":"","syndication_tool_featured_image":0,"syndication_tool_publish_date":"","syndication_tool_schema_types":[],"syndication_tool_backlink_enable":false,"syndication_tool_ai_disclosure_enable":false,"disable-in-feed":false,"article-schema-type":"","disable-critical-css":false,"footnotes":""},"categories":[31],"tags":[],"class_list":["post-70888","post","type-post","status-publish","format-standard","has-post-thumbnail","hentry","category-short"],"_links":{"self":[{"href":"https:\/\/flawlesshair.com\/es\/wp-json\/wp\/v2\/posts\/70888","targetHints":{"allow":["GET"]}}],"collection":[{"href":"https:\/\/flawlesshair.com\/es\/wp-json\/wp\/v2\/posts"}],"about":[{"href":"https:\/\/flawlesshair.com\/es\/wp-json\/wp\/v2\/types\/post"}],"author":[{"embeddable":true,"href":"https:\/\/flawlesshair.com\/es\/wp-json\/wp\/v2\/users\/37"}],"replies":[{"embeddable":true,"href":"https:\/\/flawlesshair.com\/es\/wp-json\/wp\/v2\/comments?post=70888"}],"version-history":[{"count":0,"href":"https:\/\/flawlesshair.com\/es\/wp-json\/wp\/v2\/posts\/70888\/revisions"}],"wp:featuredmedia":[{"embeddable":true,"href":"https:\/\/flawlesshair.com\/es\/wp-json\/wp\/v2\/media\/164704"}],"wp:attachment":[{"href":"https:\/\/flawlesshair.com\/es\/wp-json\/wp\/v2\/media?parent=70888"}],"wp:term":[{"taxonomy":"category","embeddable":true,"href":"https:\/\/flawlesshair.com\/es\/wp-json\/wp\/v2\/categories?post=70888"},{"taxonomy":"post_tag","embeddable":true,"href":"https:\/\/flawlesshair.com\/es\/wp-json\/wp\/v2\/tags?post=70888"}],"curies":[{"name":"wp","href":"https:\/\/api.w.org\/{rel}","templated":true}]}}