{"id":80606,"date":"2024-11-22T22:45:00","date_gmt":"2024-11-22T21:45:00","guid":{"rendered":"https:\/\/flawlesshair.com\/?p=80606"},"modified":"2024-11-21T14:41:48","modified_gmt":"2024-11-21T13:41:48","slug":"reflejos-rubios-y-caramelo","status":"publish","type":"post","link":"https:\/\/flawlesshair.com\/es\/reflejos-rubios-y-caramelo\/","title":{"rendered":"10 Mechas rubias y caramelo como d\u00fao perfecto para un brillo c\u00e1lido"},"content":{"rendered":"<style>img#mv-trellis-img-1::before{padding-top:124.35555555556%; }img#mv-trellis-img-1{display:block;}img#mv-trellis-img-2::before{padding-top:99.2%; }img#mv-trellis-img-2{display:block;}img#mv-trellis-img-3::before{padding-top:124.08888888889%; }img#mv-trellis-img-3{display:block;}img#mv-trellis-img-4::before{padding-top:104.97777777778%; }img#mv-trellis-img-4{display:block;}img#mv-trellis-img-5::before{padding-top:120.26666666667%; }img#mv-trellis-img-5{display:block;}img#mv-trellis-img-6::before{padding-top:123.55555555556%; }img#mv-trellis-img-6{display:block;}img#mv-trellis-img-7::before{padding-top:123.73333333333%; }img#mv-trellis-img-7{display:block;}img#mv-trellis-img-8::before{padding-top:100%; }img#mv-trellis-img-8{display:block;}img#mv-trellis-img-9::before{padding-top:100%; }img#mv-trellis-img-9{display:block;}img#mv-trellis-img-10::before{padding-top:99.111111111111%; }img#mv-trellis-img-10{display:block;}<\/style>\n<p>Para conseguir un aspecto radiante y bronceado, hay pocas combinaciones de color tan eficaces como las mechas rubias y caramelo. Este magn\u00edfico binomio aporta riqueza, calidez y textura a tu cabello, dando como resultado un look natural y radiante que complementa todo tipo de cabellos y tonos de piel.<\/p>\n\n\n\n<p>En este art\u00edculo, vamos a hablar de 10 ideas de mechas rubias y caramelo que te ayudar\u00e1n a conseguir un brillo impecable y c\u00e1lido, adecuado para cualquier estaci\u00f3n y evento. As\u00ed que, vamos a sumergirnos. <\/p>\n\n\n\n<h2 class=\"wp-block-heading\">1. Mechas rubio oscuro caramelo<\/h2>\n\n\n<div class=\"wp-block-image\">\n<figure class=\"aligncenter size-full\"><div style=\"position: relative;\"><noscript><img loading=\"lazy\" decoding=\"async\" width=\"1125\" height=\"1399\" src=\"https:\/\/flawlesshair.com\/wp-content\/uploads\/2024\/11\/1.-Dark-Blonde-Caramel-Highlights.jpg\" alt=\"Rubio Oscuro Mechas Caramelo\" class=\"wp-image-80670\" srcset=\"https:\/\/flawlesshair.com\/wp-content\/uploads\/2024\/11\/1.-Dark-Blonde-Caramel-Highlights.jpg 1125w, https:\/\/flawlesshair.com\/wp-content\/uploads\/2024\/11\/1.-Dark-Blonde-Caramel-Highlights-241x300.jpg 241w, https:\/\/flawlesshair.com\/wp-content\/uploads\/2024\/11\/1.-Dark-Blonde-Caramel-Highlights-768x955.jpg 768w, https:\/\/flawlesshair.com\/wp-content\/uploads\/2024\/11\/1.-Dark-Blonde-Caramel-Highlights-10x12.jpg 10w, https:\/\/flawlesshair.com\/wp-content\/uploads\/2024\/11\/1.-Dark-Blonde-Caramel-Highlights-772x960.jpg 772w, https:\/\/flawlesshair.com\/wp-content\/uploads\/2024\/11\/1.-Dark-Blonde-Caramel-Highlights-868x1080.jpg 868w, https:\/\/flawlesshair.com\/wp-content\/uploads\/2024\/11\/1.-Dark-Blonde-Caramel-Highlights-965x1200.jpg 965w\" sizes=\"auto, (max-width: 760px) calc(100vw - 24px), 720px\"><\/noscript><img loading=\"eager\" decoding=\"async\" width=\"1125\" height=\"1399\" src=\"data:image\/svg+xml,%3Csvg%20xmlns='http:\/\/www.w3.org\/2000\/svg'%20viewBox='0%200%201125%201399'%3E%3Crect%20width='1125'%20height='1399'%20style='fill:%23e3e3e3'\/%3E%3C\/svg%3E\" alt=\"Rubio Oscuro Mechas Caramelo\" class=\"wp-image-80670 eager-load\" sizes=\"auto, (max-width: 760px) calc(100vw - 24px), 720px\" data-pin-media=\"https:\/\/flawlesshair.com\/wp-content\/uploads\/2024\/11\/1.-Dark-Blonde-Caramel-Highlights.jpg\" id=\"mv-trellis-img-1\" data-src=\"https:\/\/flawlesshair.com\/wp-content\/uploads\/2024\/11\/1.-Dark-Blonde-Caramel-Highlights.jpg\" data-srcset=\"https:\/\/flawlesshair.com\/wp-content\/uploads\/2024\/11\/1.-Dark-Blonde-Caramel-Highlights.jpg 1125w, https:\/\/flawlesshair.com\/wp-content\/uploads\/2024\/11\/1.-Dark-Blonde-Caramel-Highlights-241x300.jpg 241w, https:\/\/flawlesshair.com\/wp-content\/uploads\/2024\/11\/1.-Dark-Blonde-Caramel-Highlights-768x955.jpg 768w, https:\/\/flawlesshair.com\/wp-content\/uploads\/2024\/11\/1.-Dark-Blonde-Caramel-Highlights-10x12.jpg 10w, https:\/\/flawlesshair.com\/wp-content\/uploads\/2024\/11\/1.-Dark-Blonde-Caramel-Highlights-772x960.jpg 772w, https:\/\/flawlesshair.com\/wp-content\/uploads\/2024\/11\/1.-Dark-Blonde-Caramel-Highlights-868x1080.jpg 868w, https:\/\/flawlesshair.com\/wp-content\/uploads\/2024\/11\/1.-Dark-Blonde-Caramel-Highlights-965x1200.jpg 965w\" data-svg=\"1\" data-trellis-processed=\"1\"><div style=\"position: absolute; top: 0.5rem; right: 0.75rem;\"> <a href=\"https:\/\/www.pinterest.com\/pin\/create\/button\/\" data-pin-do=\"buttonPin\" data-pin-tall=\"true\" data-pin-url=\"https:\/\/flawlesshair.com\/es\/reflejos-rubios-y-caramelo\/\" data-pin-media=\"https:\/\/flawlesshair.com\/wp-content\/uploads\/2024\/11\/1.-Dark-Blonde-Caramel-Highlights.jpg\" data-pin-description=\"10 Blonde And Caramel Highlights As The Perfect Duo For Warm Glow\" rel=\"nofollow noopener\" target=\"_blank\"> <\/a><\/div><\/div><figcaption class=\"wp-element-caption\"><a href=\"https:\/\/www.instagram.com\/gabrielaionita\/\" target=\"_blank\" data-type=\"link\" data-id=\"https:\/\/www.instagram.com\/gabrielaionita\/\" rel=\"noreferrer noopener nofollow\">@gabrielaionita<\/a><\/figcaption><\/figure>\n<\/div>\n\n\n<p>Si buscas un color rubio y caramelo ligeramente m\u00e1s intenso, esta es una gran opci\u00f3n para ti. A pesar de ser m\u00e1s oscuro, le dar\u00e1 a tu pelo un aspecto nuevo y fresco. No es una mala elecci\u00f3n para empezar, \u00bfverdad?<\/p>\n\n\n\n<h2 class=\"wp-block-heading\">2. Mechas ba\u00f1adas por el sol<\/h2>\n\n\n<div class=\"wp-block-image\">\n<figure class=\"aligncenter size-full\"><div style=\"position: relative;\"><noscript><img loading=\"lazy\" decoding=\"async\" width=\"1125\" height=\"1116\" src=\"https:\/\/flawlesshair.com\/wp-content\/uploads\/2024\/11\/2.-Sun-Kissed-Highlights.jpg\" alt=\"Mechas ba\u00f1adas por el sol\" class=\"wp-image-80673\" srcset=\"https:\/\/flawlesshair.com\/wp-content\/uploads\/2024\/11\/2.-Sun-Kissed-Highlights.jpg 1125w, https:\/\/flawlesshair.com\/wp-content\/uploads\/2024\/11\/2.-Sun-Kissed-Highlights-300x298.jpg 300w, https:\/\/flawlesshair.com\/wp-content\/uploads\/2024\/11\/2.-Sun-Kissed-Highlights-150x150.jpg 150w, https:\/\/flawlesshair.com\/wp-content\/uploads\/2024\/11\/2.-Sun-Kissed-Highlights-768x762.jpg 768w, https:\/\/flawlesshair.com\/wp-content\/uploads\/2024\/11\/2.-Sun-Kissed-Highlights-12x12.jpg 12w, https:\/\/flawlesshair.com\/wp-content\/uploads\/2024\/11\/2.-Sun-Kissed-Highlights-960x952.jpg 960w, https:\/\/flawlesshair.com\/wp-content\/uploads\/2024\/11\/2.-Sun-Kissed-Highlights-1080x1071.jpg 1080w\" sizes=\"auto, (max-width: 760px) calc(100vw - 24px), 720px\"><\/noscript><img loading=\"lazy\" decoding=\"async\" width=\"1125\" height=\"1116\" src=\"https:\/\/flawlesshair.com\/wp-content\/uploads\/2024\/11\/2.-Sun-Kissed-Highlights.jpg\" alt=\"Mechas ba\u00f1adas por el sol\" class=\"wp-image-80673 lazyload\" srcset=\"https:\/\/flawlesshair.com\/wp-content\/uploads\/2024\/11\/2.-Sun-Kissed-Highlights.jpg 1125w, https:\/\/flawlesshair.com\/wp-content\/uploads\/2024\/11\/2.-Sun-Kissed-Highlights-300x298.jpg 300w, https:\/\/flawlesshair.com\/wp-content\/uploads\/2024\/11\/2.-Sun-Kissed-Highlights-150x150.jpg 150w, https:\/\/flawlesshair.com\/wp-content\/uploads\/2024\/11\/2.-Sun-Kissed-Highlights-768x762.jpg 768w, https:\/\/flawlesshair.com\/wp-content\/uploads\/2024\/11\/2.-Sun-Kissed-Highlights-12x12.jpg 12w, https:\/\/flawlesshair.com\/wp-content\/uploads\/2024\/11\/2.-Sun-Kissed-Highlights-960x952.jpg 960w, https:\/\/flawlesshair.com\/wp-content\/uploads\/2024\/11\/2.-Sun-Kissed-Highlights-1080x1071.jpg 1080w\" sizes=\"auto, (max-width: 760px) calc(100vw - 24px), 720px\" data-pin-media=\"https:\/\/flawlesshair.com\/wp-content\/uploads\/2024\/11\/2.-Sun-Kissed-Highlights.jpg\" id=\"mv-trellis-img-2\" data-trellis-processed=\"1\"><div style=\"position: absolute; top: 0.5rem; right: 0.75rem;\"> <a href=\"https:\/\/www.pinterest.com\/pin\/create\/button\/\" data-pin-do=\"buttonPin\" data-pin-tall=\"true\" data-pin-url=\"https:\/\/flawlesshair.com\/es\/reflejos-rubios-y-caramelo\/\" data-pin-media=\"https:\/\/flawlesshair.com\/wp-content\/uploads\/2024\/11\/2.-Sun-Kissed-Highlights.jpg\" data-pin-description=\"10 Blonde And Caramel Highlights As The Perfect Duo For Warm Glow\" rel=\"nofollow noopener\" target=\"_blank\"> <\/a><\/div><\/div><figcaption class=\"wp-element-caption\"><a href=\"https:\/\/www.instagram.com\/pigiparrucchiere_dessai_cdc\/\" target=\"_blank\" data-type=\"link\" data-id=\"https:\/\/www.instagram.com\/pigiparrucchiere_dessai_cdc\/\" rel=\"noreferrer noopener nofollow\">@pigiparrucchiere_dessai_cdc<\/a><\/figcaption><\/figure>\n<\/div>\n\n\n<p>\u00bfQuieres que tu pelo parezca reci\u00e9n llegado de una escapada veraniega? Este peinado bronceado con reflejos rubios y caramelo es ideal para conseguirlo. Seguro que llamar\u00e1s la atenci\u00f3n y causar\u00e1s sensaci\u00f3n.<\/p>\n\n\n\n<h2 class=\"wp-block-heading\">3. Caramelo y rubio sobre cabello oscuro<\/h2>\n\n\n<div class=\"wp-block-image\">\n<figure class=\"aligncenter size-full\"><div style=\"position: relative;\"><noscript><img loading=\"lazy\" decoding=\"async\" width=\"1125\" height=\"1396\" src=\"https:\/\/flawlesshair.com\/wp-content\/uploads\/2024\/11\/3.-Caramel-And-Blonde-On-Dark-Hair.jpg\" alt=\"Caramelo y rubio en el pelo oscuro\" class=\"wp-image-80677\" srcset=\"https:\/\/flawlesshair.com\/wp-content\/uploads\/2024\/11\/3.-Caramel-And-Blonde-On-Dark-Hair.jpg 1125w, https:\/\/flawlesshair.com\/wp-content\/uploads\/2024\/11\/3.-Caramel-And-Blonde-On-Dark-Hair-242x300.jpg 242w, https:\/\/flawlesshair.com\/wp-content\/uploads\/2024\/11\/3.-Caramel-And-Blonde-On-Dark-Hair-768x953.jpg 768w, https:\/\/flawlesshair.com\/wp-content\/uploads\/2024\/11\/3.-Caramel-And-Blonde-On-Dark-Hair-10x12.jpg 10w, https:\/\/flawlesshair.com\/wp-content\/uploads\/2024\/11\/3.-Caramel-And-Blonde-On-Dark-Hair-774x960.jpg 774w, https:\/\/flawlesshair.com\/wp-content\/uploads\/2024\/11\/3.-Caramel-And-Blonde-On-Dark-Hair-870x1080.jpg 870w, https:\/\/flawlesshair.com\/wp-content\/uploads\/2024\/11\/3.-Caramel-And-Blonde-On-Dark-Hair-967x1200.jpg 967w\" sizes=\"auto, (max-width: 760px) calc(100vw - 24px), 720px\"><\/noscript><img loading=\"lazy\" decoding=\"async\" width=\"1125\" height=\"1396\" src=\"https:\/\/flawlesshair.com\/wp-content\/uploads\/2024\/11\/3.-Caramel-And-Blonde-On-Dark-Hair.jpg\" alt=\"Caramelo y rubio en el pelo oscuro\" class=\"wp-image-80677 lazyload\" srcset=\"https:\/\/flawlesshair.com\/wp-content\/uploads\/2024\/11\/3.-Caramel-And-Blonde-On-Dark-Hair.jpg 1125w, https:\/\/flawlesshair.com\/wp-content\/uploads\/2024\/11\/3.-Caramel-And-Blonde-On-Dark-Hair-242x300.jpg 242w, https:\/\/flawlesshair.com\/wp-content\/uploads\/2024\/11\/3.-Caramel-And-Blonde-On-Dark-Hair-768x953.jpg 768w, https:\/\/flawlesshair.com\/wp-content\/uploads\/2024\/11\/3.-Caramel-And-Blonde-On-Dark-Hair-10x12.jpg 10w, https:\/\/flawlesshair.com\/wp-content\/uploads\/2024\/11\/3.-Caramel-And-Blonde-On-Dark-Hair-774x960.jpg 774w, https:\/\/flawlesshair.com\/wp-content\/uploads\/2024\/11\/3.-Caramel-And-Blonde-On-Dark-Hair-870x1080.jpg 870w, https:\/\/flawlesshair.com\/wp-content\/uploads\/2024\/11\/3.-Caramel-And-Blonde-On-Dark-Hair-967x1200.jpg 967w\" sizes=\"auto, (max-width: 760px) calc(100vw - 24px), 720px\" data-pin-media=\"https:\/\/flawlesshair.com\/wp-content\/uploads\/2024\/11\/3.-Caramel-And-Blonde-On-Dark-Hair.jpg\" id=\"mv-trellis-img-3\" data-trellis-processed=\"1\"><div style=\"position: absolute; top: 0.5rem; right: 0.75rem;\"> <a href=\"https:\/\/www.pinterest.com\/pin\/create\/button\/\" data-pin-do=\"buttonPin\" data-pin-tall=\"true\" data-pin-url=\"https:\/\/flawlesshair.com\/es\/reflejos-rubios-y-caramelo\/\" data-pin-media=\"https:\/\/flawlesshair.com\/wp-content\/uploads\/2024\/11\/3.-Caramel-And-Blonde-On-Dark-Hair.jpg\" data-pin-description=\"10 Blonde And Caramel Highlights As The Perfect Duo For Warm Glow\" rel=\"nofollow noopener\" target=\"_blank\"> <\/a><\/div><\/div><figcaption class=\"wp-element-caption\"><a href=\"https:\/\/www.instagram.com\/hoffmannadrianoa\/\" target=\"_blank\" data-type=\"link\" data-id=\"https:\/\/www.instagram.com\/hoffmannadrianoa\/\" rel=\"noreferrer noopener nofollow\">@hoffmannadrianoa<\/a><\/figcaption><\/figure>\n<\/div>\n\n\n<p>Si no est\u00e1s segura de c\u00f3mo quedar\u00edan unas mechas rubias y caramelo en tu pelo oscuro, no te preocupes, estoy aqu\u00ed para ayudarte. Este ejemplo en particular es ideal y te dar\u00e1 un look impresionante que los dem\u00e1s envidiar\u00e1n.<\/p>\n\n\n\n<h2 class=\"wp-block-heading\">4. Rubio y Caramelo Balayage<\/h2>\n\n\n<div class=\"wp-block-image\">\n<figure class=\"aligncenter size-full\"><div style=\"position: relative;\"><noscript><img loading=\"lazy\" decoding=\"async\" width=\"1125\" height=\"1181\" src=\"https:\/\/flawlesshair.com\/wp-content\/uploads\/2024\/11\/4.-Blonde-And-Caramel-Balayage-1.jpg\" alt=\"Rubio y Caramelo Balayage\" class=\"wp-image-80680\" srcset=\"https:\/\/flawlesshair.com\/wp-content\/uploads\/2024\/11\/4.-Blonde-And-Caramel-Balayage-1.jpg 1125w, https:\/\/flawlesshair.com\/wp-content\/uploads\/2024\/11\/4.-Blonde-And-Caramel-Balayage-1-286x300.jpg 286w, https:\/\/flawlesshair.com\/wp-content\/uploads\/2024\/11\/4.-Blonde-And-Caramel-Balayage-1-768x806.jpg 768w, https:\/\/flawlesshair.com\/wp-content\/uploads\/2024\/11\/4.-Blonde-And-Caramel-Balayage-1-11x12.jpg 11w, https:\/\/flawlesshair.com\/wp-content\/uploads\/2024\/11\/4.-Blonde-And-Caramel-Balayage-1-914x960.jpg 914w, https:\/\/flawlesshair.com\/wp-content\/uploads\/2024\/11\/4.-Blonde-And-Caramel-Balayage-1-1029x1080.jpg 1029w\" sizes=\"auto, (max-width: 760px) calc(100vw - 24px), 720px\"><\/noscript><img loading=\"lazy\" decoding=\"async\" width=\"1125\" height=\"1181\" src=\"https:\/\/flawlesshair.com\/wp-content\/uploads\/2024\/11\/4.-Blonde-And-Caramel-Balayage-1.jpg\" alt=\"Rubio y Caramelo Balayage\" class=\"wp-image-80680 lazyload\" srcset=\"https:\/\/flawlesshair.com\/wp-content\/uploads\/2024\/11\/4.-Blonde-And-Caramel-Balayage-1.jpg 1125w, https:\/\/flawlesshair.com\/wp-content\/uploads\/2024\/11\/4.-Blonde-And-Caramel-Balayage-1-286x300.jpg 286w, https:\/\/flawlesshair.com\/wp-content\/uploads\/2024\/11\/4.-Blonde-And-Caramel-Balayage-1-768x806.jpg 768w, https:\/\/flawlesshair.com\/wp-content\/uploads\/2024\/11\/4.-Blonde-And-Caramel-Balayage-1-11x12.jpg 11w, https:\/\/flawlesshair.com\/wp-content\/uploads\/2024\/11\/4.-Blonde-And-Caramel-Balayage-1-914x960.jpg 914w, https:\/\/flawlesshair.com\/wp-content\/uploads\/2024\/11\/4.-Blonde-And-Caramel-Balayage-1-1029x1080.jpg 1029w\" sizes=\"auto, (max-width: 760px) calc(100vw - 24px), 720px\" data-pin-media=\"https:\/\/flawlesshair.com\/wp-content\/uploads\/2024\/11\/4.-Blonde-And-Caramel-Balayage-1.jpg\" id=\"mv-trellis-img-4\" data-trellis-processed=\"1\"><div style=\"position: absolute; top: 0.5rem; right: 0.75rem;\"> <a href=\"https:\/\/www.pinterest.com\/pin\/create\/button\/\" data-pin-do=\"buttonPin\" data-pin-tall=\"true\" data-pin-url=\"https:\/\/flawlesshair.com\/es\/reflejos-rubios-y-caramelo\/\" data-pin-media=\"https:\/\/flawlesshair.com\/wp-content\/uploads\/2024\/11\/4.-Blonde-And-Caramel-Balayage-1.jpg\" data-pin-description=\"10 Blonde And Caramel Highlights As The Perfect Duo For Warm Glow\" rel=\"nofollow noopener\" target=\"_blank\"> <\/a><\/div><\/div><figcaption class=\"wp-element-caption\"><a href=\"https:\/\/www.instagram.com\/cabelossemfiltro\/\" target=\"_blank\" data-type=\"link\" data-id=\"https:\/\/www.instagram.com\/cabelossemfiltro\/\" rel=\"noreferrer noopener nofollow\">@cabelossemfiltro<\/a><\/figcaption><\/figure>\n<\/div>\n\n\n<p>Cuando se trata de mezclar colores rubio y caramelo, existen diferentes m\u00e9todos para conseguir este look, siendo el balayage uno de ellos. El balayage es una t\u00e9cnica muy solicitada, sobre todo para esta combinaci\u00f3n de colores espec\u00edfica. Estoy segura de que te dar\u00e1 un aspecto impresionante que te encantar\u00e1.<\/p>\n\n\n\n<h2 class=\"wp-block-heading\">5. Rubio dorado y caramelo<\/h2>\n\n\n<div class=\"wp-block-image\">\n<figure class=\"aligncenter size-full\"><div style=\"position: relative;\"><noscript><img loading=\"lazy\" decoding=\"async\" width=\"1125\" height=\"1353\" src=\"https:\/\/flawlesshair.com\/wp-content\/uploads\/2024\/11\/5.-Golden-Blonde-And-Caramel.jpg\" alt=\"Rubio dorado y caramelo\" class=\"wp-image-80682\" srcset=\"https:\/\/flawlesshair.com\/wp-content\/uploads\/2024\/11\/5.-Golden-Blonde-And-Caramel.jpg 1125w, https:\/\/flawlesshair.com\/wp-content\/uploads\/2024\/11\/5.-Golden-Blonde-And-Caramel-249x300.jpg 249w, https:\/\/flawlesshair.com\/wp-content\/uploads\/2024\/11\/5.-Golden-Blonde-And-Caramel-768x924.jpg 768w, https:\/\/flawlesshair.com\/wp-content\/uploads\/2024\/11\/5.-Golden-Blonde-And-Caramel-10x12.jpg 10w, https:\/\/flawlesshair.com\/wp-content\/uploads\/2024\/11\/5.-Golden-Blonde-And-Caramel-798x960.jpg 798w, https:\/\/flawlesshair.com\/wp-content\/uploads\/2024\/11\/5.-Golden-Blonde-And-Caramel-898x1080.jpg 898w, https:\/\/flawlesshair.com\/wp-content\/uploads\/2024\/11\/5.-Golden-Blonde-And-Caramel-998x1200.jpg 998w\" sizes=\"auto, (max-width: 760px) calc(100vw - 24px), 720px\"><\/noscript><img loading=\"lazy\" decoding=\"async\" width=\"1125\" height=\"1353\" src=\"https:\/\/flawlesshair.com\/wp-content\/uploads\/2024\/11\/5.-Golden-Blonde-And-Caramel.jpg\" alt=\"Rubio dorado y caramelo\" class=\"wp-image-80682 lazyload\" srcset=\"https:\/\/flawlesshair.com\/wp-content\/uploads\/2024\/11\/5.-Golden-Blonde-And-Caramel.jpg 1125w, https:\/\/flawlesshair.com\/wp-content\/uploads\/2024\/11\/5.-Golden-Blonde-And-Caramel-249x300.jpg 249w, https:\/\/flawlesshair.com\/wp-content\/uploads\/2024\/11\/5.-Golden-Blonde-And-Caramel-768x924.jpg 768w, https:\/\/flawlesshair.com\/wp-content\/uploads\/2024\/11\/5.-Golden-Blonde-And-Caramel-10x12.jpg 10w, https:\/\/flawlesshair.com\/wp-content\/uploads\/2024\/11\/5.-Golden-Blonde-And-Caramel-798x960.jpg 798w, https:\/\/flawlesshair.com\/wp-content\/uploads\/2024\/11\/5.-Golden-Blonde-And-Caramel-898x1080.jpg 898w, https:\/\/flawlesshair.com\/wp-content\/uploads\/2024\/11\/5.-Golden-Blonde-And-Caramel-998x1200.jpg 998w\" sizes=\"auto, (max-width: 760px) calc(100vw - 24px), 720px\" data-pin-media=\"https:\/\/flawlesshair.com\/wp-content\/uploads\/2024\/11\/5.-Golden-Blonde-And-Caramel.jpg\" id=\"mv-trellis-img-5\" data-trellis-processed=\"1\"><div style=\"position: absolute; top: 0.5rem; right: 0.75rem;\"> <a href=\"https:\/\/www.pinterest.com\/pin\/create\/button\/\" data-pin-do=\"buttonPin\" data-pin-tall=\"true\" data-pin-url=\"https:\/\/flawlesshair.com\/es\/reflejos-rubios-y-caramelo\/\" data-pin-media=\"https:\/\/flawlesshair.com\/wp-content\/uploads\/2024\/11\/5.-Golden-Blonde-And-Caramel.jpg\" data-pin-description=\"10 Blonde And Caramel Highlights As The Perfect Duo For Warm Glow\" rel=\"nofollow noopener\" target=\"_blank\"> <\/a><\/div><\/div><figcaption class=\"wp-element-caption\"><a href=\"https:\/\/www.instagram.com\/nuance_cabeleireiros\/\" target=\"_blank\" data-type=\"link\" data-id=\"https:\/\/www.instagram.com\/nuance_cabeleireiros\/\" rel=\"noreferrer noopener nofollow\">@nuance_cabeleireiros<\/a><\/figcaption><\/figure>\n<\/div>\n\n\n<p>Experimentar con el rubio dorado y las mechas caramelo es algo que todo el mundo deber\u00eda probar al menos una vez. Aunque no sea una elecci\u00f3n permanente, seguro que es una experiencia divertida y agradable. Estoy segura de que inspirar\u00e1 a muchas mujeres a probarlo tambi\u00e9n.<\/p>\n\n\n\n<h2 class=\"wp-block-heading\">6. Rubio Beige Caramelo<\/h2>\n\n\n<div class=\"wp-block-image\">\n<figure class=\"aligncenter size-full\"><div style=\"position: relative;\"><noscript><img loading=\"lazy\" decoding=\"async\" width=\"1125\" height=\"1390\" src=\"https:\/\/flawlesshair.com\/wp-content\/uploads\/2024\/11\/6.-Blonde-Beige-Caramel.jpg\" alt=\"Rubio Beige Caramelo\" class=\"wp-image-80685\" srcset=\"https:\/\/flawlesshair.com\/wp-content\/uploads\/2024\/11\/6.-Blonde-Beige-Caramel.jpg 1125w, https:\/\/flawlesshair.com\/wp-content\/uploads\/2024\/11\/6.-Blonde-Beige-Caramel-243x300.jpg 243w, https:\/\/flawlesshair.com\/wp-content\/uploads\/2024\/11\/6.-Blonde-Beige-Caramel-768x949.jpg 768w, https:\/\/flawlesshair.com\/wp-content\/uploads\/2024\/11\/6.-Blonde-Beige-Caramel-10x12.jpg 10w, https:\/\/flawlesshair.com\/wp-content\/uploads\/2024\/11\/6.-Blonde-Beige-Caramel-777x960.jpg 777w, https:\/\/flawlesshair.com\/wp-content\/uploads\/2024\/11\/6.-Blonde-Beige-Caramel-874x1080.jpg 874w, https:\/\/flawlesshair.com\/wp-content\/uploads\/2024\/11\/6.-Blonde-Beige-Caramel-971x1200.jpg 971w\" sizes=\"auto, (max-width: 760px) calc(100vw - 24px), 720px\"><\/noscript><img loading=\"lazy\" decoding=\"async\" width=\"1125\" height=\"1390\" src=\"https:\/\/flawlesshair.com\/wp-content\/uploads\/2024\/11\/6.-Blonde-Beige-Caramel.jpg\" alt=\"Rubio Beige Caramelo\" class=\"wp-image-80685 lazyload\" srcset=\"https:\/\/flawlesshair.com\/wp-content\/uploads\/2024\/11\/6.-Blonde-Beige-Caramel.jpg 1125w, https:\/\/flawlesshair.com\/wp-content\/uploads\/2024\/11\/6.-Blonde-Beige-Caramel-243x300.jpg 243w, https:\/\/flawlesshair.com\/wp-content\/uploads\/2024\/11\/6.-Blonde-Beige-Caramel-768x949.jpg 768w, https:\/\/flawlesshair.com\/wp-content\/uploads\/2024\/11\/6.-Blonde-Beige-Caramel-10x12.jpg 10w, https:\/\/flawlesshair.com\/wp-content\/uploads\/2024\/11\/6.-Blonde-Beige-Caramel-777x960.jpg 777w, https:\/\/flawlesshair.com\/wp-content\/uploads\/2024\/11\/6.-Blonde-Beige-Caramel-874x1080.jpg 874w, https:\/\/flawlesshair.com\/wp-content\/uploads\/2024\/11\/6.-Blonde-Beige-Caramel-971x1200.jpg 971w\" sizes=\"auto, (max-width: 760px) calc(100vw - 24px), 720px\" data-pin-media=\"https:\/\/flawlesshair.com\/wp-content\/uploads\/2024\/11\/6.-Blonde-Beige-Caramel.jpg\" id=\"mv-trellis-img-6\" data-trellis-processed=\"1\"><div style=\"position: absolute; top: 0.5rem; right: 0.75rem;\"> <a href=\"https:\/\/www.pinterest.com\/pin\/create\/button\/\" data-pin-do=\"buttonPin\" data-pin-tall=\"true\" data-pin-url=\"https:\/\/flawlesshair.com\/es\/reflejos-rubios-y-caramelo\/\" data-pin-media=\"https:\/\/flawlesshair.com\/wp-content\/uploads\/2024\/11\/6.-Blonde-Beige-Caramel.jpg\" data-pin-description=\"10 Blonde And Caramel Highlights As The Perfect Duo For Warm Glow\" rel=\"nofollow noopener\" target=\"_blank\"> <\/a><\/div><\/div><figcaption class=\"wp-element-caption\"><a href=\"https:\/\/www.instagram.com\/mintsalon_\/\" target=\"_blank\" data-type=\"link\" data-id=\"https:\/\/www.instagram.com\/mintsalon_\/\" rel=\"noreferrer noopener nofollow\">@mintsalon_<\/a><\/figcaption><\/figure>\n<\/div>\n\n\n<p>Me gustar\u00eda presentaros otra opci\u00f3n que me llam\u00f3 la atenci\u00f3n de inmediato y que creo que tambi\u00e9n os impresionar\u00e1. Se trata de un tono rubio beige caramelo que sin duda elegir\u00eda si me dieran la oportunidad. Si sigues mi recomendaci\u00f3n, esta es la opci\u00f3n por la que deber\u00edas decantarte.<\/p>\n\n\n\n<h2 class=\"wp-block-heading\">7. Rubio claro con reflejos caramelo<\/h2>\n\n\n<div class=\"wp-block-image\">\n<figure class=\"aligncenter size-full\"><div style=\"position: relative;\"><noscript><img loading=\"lazy\" decoding=\"async\" width=\"1125\" height=\"1392\" src=\"https:\/\/flawlesshair.com\/wp-content\/uploads\/2024\/11\/7.-Light-Blonde-And-Caramel-Highlights.jpg\" alt=\"Rubio claro y mechas caramelo\" class=\"wp-image-80691\" srcset=\"https:\/\/flawlesshair.com\/wp-content\/uploads\/2024\/11\/7.-Light-Blonde-And-Caramel-Highlights.jpg 1125w, https:\/\/flawlesshair.com\/wp-content\/uploads\/2024\/11\/7.-Light-Blonde-And-Caramel-Highlights-242x300.jpg 242w, https:\/\/flawlesshair.com\/wp-content\/uploads\/2024\/11\/7.-Light-Blonde-And-Caramel-Highlights-768x950.jpg 768w, https:\/\/flawlesshair.com\/wp-content\/uploads\/2024\/11\/7.-Light-Blonde-And-Caramel-Highlights-10x12.jpg 10w, https:\/\/flawlesshair.com\/wp-content\/uploads\/2024\/11\/7.-Light-Blonde-And-Caramel-Highlights-776x960.jpg 776w, https:\/\/flawlesshair.com\/wp-content\/uploads\/2024\/11\/7.-Light-Blonde-And-Caramel-Highlights-873x1080.jpg 873w, https:\/\/flawlesshair.com\/wp-content\/uploads\/2024\/11\/7.-Light-Blonde-And-Caramel-Highlights-970x1200.jpg 970w\" sizes=\"auto, (max-width: 760px) calc(100vw - 24px), 720px\"><\/noscript><img loading=\"lazy\" decoding=\"async\" width=\"1125\" height=\"1392\" src=\"https:\/\/flawlesshair.com\/wp-content\/uploads\/2024\/11\/7.-Light-Blonde-And-Caramel-Highlights.jpg\" alt=\"Rubio claro y mechas caramelo\" class=\"wp-image-80691 lazyload\" srcset=\"https:\/\/flawlesshair.com\/wp-content\/uploads\/2024\/11\/7.-Light-Blonde-And-Caramel-Highlights.jpg 1125w, https:\/\/flawlesshair.com\/wp-content\/uploads\/2024\/11\/7.-Light-Blonde-And-Caramel-Highlights-242x300.jpg 242w, https:\/\/flawlesshair.com\/wp-content\/uploads\/2024\/11\/7.-Light-Blonde-And-Caramel-Highlights-768x950.jpg 768w, https:\/\/flawlesshair.com\/wp-content\/uploads\/2024\/11\/7.-Light-Blonde-And-Caramel-Highlights-10x12.jpg 10w, https:\/\/flawlesshair.com\/wp-content\/uploads\/2024\/11\/7.-Light-Blonde-And-Caramel-Highlights-776x960.jpg 776w, https:\/\/flawlesshair.com\/wp-content\/uploads\/2024\/11\/7.-Light-Blonde-And-Caramel-Highlights-873x1080.jpg 873w, https:\/\/flawlesshair.com\/wp-content\/uploads\/2024\/11\/7.-Light-Blonde-And-Caramel-Highlights-970x1200.jpg 970w\" sizes=\"auto, (max-width: 760px) calc(100vw - 24px), 720px\" data-pin-media=\"https:\/\/flawlesshair.com\/wp-content\/uploads\/2024\/11\/7.-Light-Blonde-And-Caramel-Highlights.jpg\" id=\"mv-trellis-img-7\" data-trellis-processed=\"1\"><div style=\"position: absolute; top: 0.5rem; right: 0.75rem;\"> <a href=\"https:\/\/www.pinterest.com\/pin\/create\/button\/\" data-pin-do=\"buttonPin\" data-pin-tall=\"true\" data-pin-url=\"https:\/\/flawlesshair.com\/es\/reflejos-rubios-y-caramelo\/\" data-pin-media=\"https:\/\/flawlesshair.com\/wp-content\/uploads\/2024\/11\/7.-Light-Blonde-And-Caramel-Highlights.jpg\" data-pin-description=\"10 Blonde And Caramel Highlights As The Perfect Duo For Warm Glow\" rel=\"nofollow noopener\" target=\"_blank\"> <\/a><\/div><\/div><figcaption class=\"wp-element-caption\"><a href=\"https:\/\/www.instagram.com\/hairbymaddimae\/\" target=\"_blank\" data-type=\"link\" data-id=\"https:\/\/www.instagram.com\/hairbymaddimae\/\" rel=\"noreferrer noopener nofollow\">@hairbymaddimae<\/a><\/figcaption><\/figure>\n<\/div>\n\n\n<p>Si prefieres tonos m\u00e1s suaves, tengo una sugerencia para ti. Estos reflejos rubio claro y caramelo te sentar\u00e1n de maravilla. No tienes m\u00e1s que concertar pronto una cita con tu peluquero para conseguir este precioso look en tu pelo.<\/p>\n\n\n\n<h2 class=\"wp-block-heading\">8. Rubio miel y caramelo ombre<\/h2>\n\n\n<div class=\"wp-block-image\">\n<figure class=\"aligncenter size-full\"><div style=\"position: relative;\"><noscript><img loading=\"lazy\" decoding=\"async\" width=\"1024\" height=\"1024\" src=\"https:\/\/flawlesshair.com\/wp-content\/uploads\/2024\/11\/8.-Honey-Blonde-And-Caramel-Ombre.jpg\" alt=\"Rubio miel y caramelo ombre\" class=\"wp-image-80695\" srcset=\"https:\/\/flawlesshair.com\/wp-content\/uploads\/2024\/11\/8.-Honey-Blonde-And-Caramel-Ombre.jpg 1024w, https:\/\/flawlesshair.com\/wp-content\/uploads\/2024\/11\/8.-Honey-Blonde-And-Caramel-Ombre-300x300.jpg 300w, https:\/\/flawlesshair.com\/wp-content\/uploads\/2024\/11\/8.-Honey-Blonde-And-Caramel-Ombre-150x150.jpg 150w, https:\/\/flawlesshair.com\/wp-content\/uploads\/2024\/11\/8.-Honey-Blonde-And-Caramel-Ombre-768x768.jpg 768w, https:\/\/flawlesshair.com\/wp-content\/uploads\/2024\/11\/8.-Honey-Blonde-And-Caramel-Ombre-12x12.jpg 12w, https:\/\/flawlesshair.com\/wp-content\/uploads\/2024\/11\/8.-Honey-Blonde-And-Caramel-Ombre-728x728.jpg 728w, https:\/\/flawlesshair.com\/wp-content\/uploads\/2024\/11\/8.-Honey-Blonde-And-Caramel-Ombre-960x960.jpg 960w\" sizes=\"auto, (max-width: 760px) calc(100vw - 24px), 720px\"><\/noscript><img loading=\"lazy\" decoding=\"async\" width=\"1024\" height=\"1024\" src=\"https:\/\/flawlesshair.com\/wp-content\/uploads\/2024\/11\/8.-Honey-Blonde-And-Caramel-Ombre.jpg\" alt=\"Rubio miel y caramelo ombre\" class=\"wp-image-80695 lazyload\" srcset=\"https:\/\/flawlesshair.com\/wp-content\/uploads\/2024\/11\/8.-Honey-Blonde-And-Caramel-Ombre.jpg 1024w, https:\/\/flawlesshair.com\/wp-content\/uploads\/2024\/11\/8.-Honey-Blonde-And-Caramel-Ombre-300x300.jpg 300w, https:\/\/flawlesshair.com\/wp-content\/uploads\/2024\/11\/8.-Honey-Blonde-And-Caramel-Ombre-150x150.jpg 150w, https:\/\/flawlesshair.com\/wp-content\/uploads\/2024\/11\/8.-Honey-Blonde-And-Caramel-Ombre-768x768.jpg 768w, https:\/\/flawlesshair.com\/wp-content\/uploads\/2024\/11\/8.-Honey-Blonde-And-Caramel-Ombre-12x12.jpg 12w, https:\/\/flawlesshair.com\/wp-content\/uploads\/2024\/11\/8.-Honey-Blonde-And-Caramel-Ombre-728x728.jpg 728w, https:\/\/flawlesshair.com\/wp-content\/uploads\/2024\/11\/8.-Honey-Blonde-And-Caramel-Ombre-960x960.jpg 960w\" sizes=\"auto, (max-width: 760px) calc(100vw - 24px), 720px\" data-pin-media=\"https:\/\/flawlesshair.com\/wp-content\/uploads\/2024\/11\/8.-Honey-Blonde-And-Caramel-Ombre.jpg\" id=\"mv-trellis-img-8\" data-trellis-processed=\"1\"><div style=\"position: absolute; top: 0.5rem; right: 0.75rem;\"> <a href=\"https:\/\/www.pinterest.com\/pin\/create\/button\/\" data-pin-do=\"buttonPin\" data-pin-tall=\"true\" data-pin-url=\"https:\/\/flawlesshair.com\/es\/reflejos-rubios-y-caramelo\/\" data-pin-media=\"https:\/\/flawlesshair.com\/wp-content\/uploads\/2024\/11\/8.-Honey-Blonde-And-Caramel-Ombre.jpg\" data-pin-description=\"10 Blonde And Caramel Highlights As The Perfect Duo For Warm Glow\" rel=\"nofollow noopener\" target=\"_blank\"> <\/a><\/div><\/div><figcaption class=\"wp-element-caption\"><a href=\"https:\/\/flawlesshair.com\/es\/\" target=\"_blank\" data-type=\"link\" data-id=\"https:\/\/flawlesshair.com\/\" rel=\"noreferrer noopener nofollow\">@flawlesshair<\/a><\/figcaption><\/figure>\n<\/div>\n\n\n<p>Ahora tengo la oportunidad de mostrarte el estilo ombre rubio miel y caramelo. Este m\u00e9todo est\u00e1 muy solicitado y se adapta a todas las longitudes de cabello, desde los hombros hasta el pelo largo.<\/p>\n\n\n\n<h2 class=\"wp-block-heading\">9. Sutiles reflejos rubios y caramelo<\/h2>\n\n\n<div class=\"wp-block-image\">\n<figure class=\"aligncenter size-full\"><div style=\"position: relative;\"><noscript><img loading=\"lazy\" decoding=\"async\" width=\"1024\" height=\"1024\" src=\"https:\/\/flawlesshair.com\/wp-content\/uploads\/2024\/11\/9.-Subtle-Blonde-And-Caramel-Highlights.jpg\" alt=\"Sutiles reflejos rubios y caramelo\" class=\"wp-image-80707\" srcset=\"https:\/\/flawlesshair.com\/wp-content\/uploads\/2024\/11\/9.-Subtle-Blonde-And-Caramel-Highlights.jpg 1024w, https:\/\/flawlesshair.com\/wp-content\/uploads\/2024\/11\/9.-Subtle-Blonde-And-Caramel-Highlights-300x300.jpg 300w, https:\/\/flawlesshair.com\/wp-content\/uploads\/2024\/11\/9.-Subtle-Blonde-And-Caramel-Highlights-150x150.jpg 150w, https:\/\/flawlesshair.com\/wp-content\/uploads\/2024\/11\/9.-Subtle-Blonde-And-Caramel-Highlights-768x768.jpg 768w, https:\/\/flawlesshair.com\/wp-content\/uploads\/2024\/11\/9.-Subtle-Blonde-And-Caramel-Highlights-12x12.jpg 12w, https:\/\/flawlesshair.com\/wp-content\/uploads\/2024\/11\/9.-Subtle-Blonde-And-Caramel-Highlights-728x728.jpg 728w, https:\/\/flawlesshair.com\/wp-content\/uploads\/2024\/11\/9.-Subtle-Blonde-And-Caramel-Highlights-960x960.jpg 960w\" sizes=\"auto, (max-width: 760px) calc(100vw - 24px), 720px\"><\/noscript><img loading=\"lazy\" decoding=\"async\" width=\"1024\" height=\"1024\" src=\"https:\/\/flawlesshair.com\/wp-content\/uploads\/2024\/11\/9.-Subtle-Blonde-And-Caramel-Highlights.jpg\" alt=\"Sutiles reflejos rubios y caramelo\" class=\"wp-image-80707 lazyload\" srcset=\"https:\/\/flawlesshair.com\/wp-content\/uploads\/2024\/11\/9.-Subtle-Blonde-And-Caramel-Highlights.jpg 1024w, https:\/\/flawlesshair.com\/wp-content\/uploads\/2024\/11\/9.-Subtle-Blonde-And-Caramel-Highlights-300x300.jpg 300w, https:\/\/flawlesshair.com\/wp-content\/uploads\/2024\/11\/9.-Subtle-Blonde-And-Caramel-Highlights-150x150.jpg 150w, https:\/\/flawlesshair.com\/wp-content\/uploads\/2024\/11\/9.-Subtle-Blonde-And-Caramel-Highlights-768x768.jpg 768w, https:\/\/flawlesshair.com\/wp-content\/uploads\/2024\/11\/9.-Subtle-Blonde-And-Caramel-Highlights-12x12.jpg 12w, https:\/\/flawlesshair.com\/wp-content\/uploads\/2024\/11\/9.-Subtle-Blonde-And-Caramel-Highlights-728x728.jpg 728w, https:\/\/flawlesshair.com\/wp-content\/uploads\/2024\/11\/9.-Subtle-Blonde-And-Caramel-Highlights-960x960.jpg 960w\" sizes=\"auto, (max-width: 760px) calc(100vw - 24px), 720px\" data-pin-media=\"https:\/\/flawlesshair.com\/wp-content\/uploads\/2024\/11\/9.-Subtle-Blonde-And-Caramel-Highlights.jpg\" id=\"mv-trellis-img-9\" data-trellis-processed=\"1\"><div style=\"position: absolute; top: 0.5rem; right: 0.75rem;\"> <a href=\"https:\/\/www.pinterest.com\/pin\/create\/button\/\" data-pin-do=\"buttonPin\" data-pin-tall=\"true\" data-pin-url=\"https:\/\/flawlesshair.com\/es\/reflejos-rubios-y-caramelo\/\" data-pin-media=\"https:\/\/flawlesshair.com\/wp-content\/uploads\/2024\/11\/9.-Subtle-Blonde-And-Caramel-Highlights.jpg\" data-pin-description=\"10 Blonde And Caramel Highlights As The Perfect Duo For Warm Glow\" rel=\"nofollow noopener\" target=\"_blank\"> <\/a><\/div><\/div><figcaption class=\"wp-element-caption\"><a href=\"https:\/\/flawlesshair.com\/es\/\" target=\"_blank\" data-type=\"link\" data-id=\"https:\/\/flawlesshair.com\/\" rel=\"noreferrer noopener nofollow\">@flawlesshair<\/a><\/figcaption><\/figure>\n<\/div>\n\n\n<p>Si prefieres un estilo discreto y no quieres nada demasiado atrevido, tengo una sugerencia para ti. Prueba a hacerte mechas rubias y caramelo de forma m\u00e1s sutil. Puedes seguir estando guapa y recibir cumplidos sin que los colores sean demasiado llamativos.<\/p>\n\n\n\n<h2 class=\"wp-block-heading\">10. Rubio Y Caramelo En Bob Graduado<\/h2>\n\n\n<div class=\"wp-block-image\">\n<figure class=\"aligncenter size-full\"><div style=\"position: relative;\"><noscript><img loading=\"lazy\" decoding=\"async\" width=\"1125\" height=\"1115\" src=\"https:\/\/flawlesshair.com\/wp-content\/uploads\/2024\/11\/10.-Blonde-And-Caramel-On-Graduated-Bob.jpg\" alt=\"Rubio Y Caramelo En Bob Graduado\" class=\"wp-image-80712\" srcset=\"https:\/\/flawlesshair.com\/wp-content\/uploads\/2024\/11\/10.-Blonde-And-Caramel-On-Graduated-Bob.jpg 1125w, https:\/\/flawlesshair.com\/wp-content\/uploads\/2024\/11\/10.-Blonde-And-Caramel-On-Graduated-Bob-300x297.jpg 300w, https:\/\/flawlesshair.com\/wp-content\/uploads\/2024\/11\/10.-Blonde-And-Caramel-On-Graduated-Bob-150x150.jpg 150w, https:\/\/flawlesshair.com\/wp-content\/uploads\/2024\/11\/10.-Blonde-And-Caramel-On-Graduated-Bob-768x761.jpg 768w, https:\/\/flawlesshair.com\/wp-content\/uploads\/2024\/11\/10.-Blonde-And-Caramel-On-Graduated-Bob-12x12.jpg 12w, https:\/\/flawlesshair.com\/wp-content\/uploads\/2024\/11\/10.-Blonde-And-Caramel-On-Graduated-Bob-960x951.jpg 960w, https:\/\/flawlesshair.com\/wp-content\/uploads\/2024\/11\/10.-Blonde-And-Caramel-On-Graduated-Bob-1080x1070.jpg 1080w\" sizes=\"auto, (max-width: 760px) calc(100vw - 24px), 720px\"><\/noscript><img loading=\"lazy\" decoding=\"async\" width=\"1125\" height=\"1115\" src=\"https:\/\/flawlesshair.com\/wp-content\/uploads\/2024\/11\/10.-Blonde-And-Caramel-On-Graduated-Bob.jpg\" alt=\"Rubio Y Caramelo En Bob Graduado\" class=\"wp-image-80712 lazyload\" srcset=\"https:\/\/flawlesshair.com\/wp-content\/uploads\/2024\/11\/10.-Blonde-And-Caramel-On-Graduated-Bob.jpg 1125w, https:\/\/flawlesshair.com\/wp-content\/uploads\/2024\/11\/10.-Blonde-And-Caramel-On-Graduated-Bob-300x297.jpg 300w, https:\/\/flawlesshair.com\/wp-content\/uploads\/2024\/11\/10.-Blonde-And-Caramel-On-Graduated-Bob-150x150.jpg 150w, https:\/\/flawlesshair.com\/wp-content\/uploads\/2024\/11\/10.-Blonde-And-Caramel-On-Graduated-Bob-768x761.jpg 768w, https:\/\/flawlesshair.com\/wp-content\/uploads\/2024\/11\/10.-Blonde-And-Caramel-On-Graduated-Bob-12x12.jpg 12w, https:\/\/flawlesshair.com\/wp-content\/uploads\/2024\/11\/10.-Blonde-And-Caramel-On-Graduated-Bob-960x951.jpg 960w, https:\/\/flawlesshair.com\/wp-content\/uploads\/2024\/11\/10.-Blonde-And-Caramel-On-Graduated-Bob-1080x1070.jpg 1080w\" sizes=\"auto, (max-width: 760px) calc(100vw - 24px), 720px\" data-pin-media=\"https:\/\/flawlesshair.com\/wp-content\/uploads\/2024\/11\/10.-Blonde-And-Caramel-On-Graduated-Bob.jpg\" id=\"mv-trellis-img-10\" data-trellis-processed=\"1\"><div style=\"position: absolute; top: 0.5rem; right: 0.75rem;\"> <a href=\"https:\/\/www.pinterest.com\/pin\/create\/button\/\" data-pin-do=\"buttonPin\" data-pin-tall=\"true\" data-pin-url=\"https:\/\/flawlesshair.com\/es\/reflejos-rubios-y-caramelo\/\" data-pin-media=\"https:\/\/flawlesshair.com\/wp-content\/uploads\/2024\/11\/10.-Blonde-And-Caramel-On-Graduated-Bob.jpg\" data-pin-description=\"10 Blonde And Caramel Highlights As The Perfect Duo For Warm Glow\" rel=\"nofollow noopener\" target=\"_blank\"> <\/a><\/div><\/div><figcaption class=\"wp-element-caption\"><a href=\"http:\/\/instagram.com\/hairby.savannah\/\" target=\"_blank\" data-type=\"link\" data-id=\"instagram.com\/hairby.savannah\/\" rel=\"noreferrer noopener nofollow\">@hairby.savannah<\/a><\/figcaption><\/figure>\n<\/div>\n\n\n<p>Con este ejemplo he querido demostrar lo bien que quedan las mechas rubias y caramelo en un peinado ligeramente m\u00e1s corto. Este corte recto graduado ser\u00eda especialmente favorecedor en estos tonos. Recuerda que no solo importa el corte de tu pelo, sino tambi\u00e9n los colores que elijas.<\/p>","protected":false},"excerpt":{"rendered":"<p>Para conseguir un aspecto radiante y bronceado, hay pocas combinaciones de color tan efectivas como las mechas rubias y caramelo. Este precioso binomio a\u00f1ade ...<\/p>","protected":false},"author":7,"featured_media":80728,"comment_status":"closed","ping_status":"closed","sticky":false,"template":"","format":"standard","meta":{"syndication_tool_enabled":true,"syndication_tool_title":"","syndication_tool_excerpt":"","syndication_tool_featured_image":0,"syndication_tool_publish_date":"","syndication_tool_schema_types":["gallery"],"syndication_tool_backlink_enable":false,"syndication_tool_ai_disclosure_enable":false,"disable-in-feed":false,"article-schema-type":"","disable-critical-css":false,"footnotes":""},"categories":[26],"tags":[],"class_list":["post-80606","post","type-post","status-publish","format-standard","has-post-thumbnail","hentry","category-colors"],"_links":{"self":[{"href":"https:\/\/flawlesshair.com\/es\/wp-json\/wp\/v2\/posts\/80606","targetHints":{"allow":["GET"]}}],"collection":[{"href":"https:\/\/flawlesshair.com\/es\/wp-json\/wp\/v2\/posts"}],"about":[{"href":"https:\/\/flawlesshair.com\/es\/wp-json\/wp\/v2\/types\/post"}],"author":[{"embeddable":true,"href":"https:\/\/flawlesshair.com\/es\/wp-json\/wp\/v2\/users\/7"}],"replies":[{"embeddable":true,"href":"https:\/\/flawlesshair.com\/es\/wp-json\/wp\/v2\/comments?post=80606"}],"version-history":[{"count":0,"href":"https:\/\/flawlesshair.com\/es\/wp-json\/wp\/v2\/posts\/80606\/revisions"}],"wp:featuredmedia":[{"embeddable":true,"href":"https:\/\/flawlesshair.com\/es\/wp-json\/wp\/v2\/media\/80728"}],"wp:attachment":[{"href":"https:\/\/flawlesshair.com\/es\/wp-json\/wp\/v2\/media?parent=80606"}],"wp:term":[{"taxonomy":"category","embeddable":true,"href":"https:\/\/flawlesshair.com\/es\/wp-json\/wp\/v2\/categories?post=80606"},{"taxonomy":"post_tag","embeddable":true,"href":"https:\/\/flawlesshair.com\/es\/wp-json\/wp\/v2\/tags?post=80606"}],"curies":[{"name":"wp","href":"https:\/\/api.w.org\/{rel}","templated":true}]}}