{"id":82218,"date":"2024-11-28T13:30:00","date_gmt":"2024-11-28T12:30:00","guid":{"rendered":"https:\/\/flawlesshair.com\/?p=82218"},"modified":"2024-11-27T18:59:09","modified_gmt":"2024-11-27T17:59:09","slug":"reflejos-caramelo-en-pelo-castano","status":"publish","type":"post","link":"https:\/\/flawlesshair.com\/es\/reflejos-caramelo-en-pelo-castano\/","title":{"rendered":"10 fotos de mechas caramelo en el pelo casta\u00f1o que parecen tan ricas y c\u00e1lidas"},"content":{"rendered":"<style>img#mv-trellis-img-1::before{padding-top:125%; }img#mv-trellis-img-1{display:block;}img#mv-trellis-img-2::before{padding-top:124.9791144528%; }img#mv-trellis-img-2{display:block;}img#mv-trellis-img-3::before{padding-top:106.59722222222%; }img#mv-trellis-img-3{display:block;}img#mv-trellis-img-4::before{padding-top:122.01388888889%; }img#mv-trellis-img-4{display:block;}img#mv-trellis-img-5::before{padding-top:100%; }img#mv-trellis-img-5{display:block;}img#mv-trellis-img-6::before{padding-top:125%; }img#mv-trellis-img-6{display:block;}img#mv-trellis-img-7::before{padding-top:125%; }img#mv-trellis-img-7{display:block;}img#mv-trellis-img-8::before{padding-top:121.875%; }img#mv-trellis-img-8{display:block;}img#mv-trellis-img-9::before{padding-top:125%; }img#mv-trellis-img-9{display:block;}img#mv-trellis-img-10::before{padding-top:114.22060164084%; }img#mv-trellis-img-10{display:block;}<\/style>\n<p>\u00bfQuieres darle un poco de brillo a tu pelo casta\u00f1o? Las mechas caramelo transforman el cabello casta\u00f1o en una perfecci\u00f3n rica y resplandeciente. Aportan calidez dorada y profundidad a cualquier tono moreno, haciendo que tu pelo luzca radiante y besado por el sol. <\/p>\n\n\n\n<p>Guarda estas fotos de mechas caramelo en pelo casta\u00f1o para tu pr\u00f3xima cita.<\/p>\n\n\n\n<h2 class=\"wp-block-heading\">1. Mechas caramelo en cabello casta\u00f1o oscuro<\/h2>\n\n\n<div class=\"wp-block-image\">\n<figure class=\"aligncenter size-full\"><div style=\"position: relative;\"><noscript><img loading=\"lazy\" decoding=\"async\" width=\"1440\" height=\"1800\" src=\"https:\/\/flawlesshair.com\/wp-content\/uploads\/2024\/11\/1.-caramel-highlights-on-dark-brown-hair.jpg\" alt=\"reflejos caramelo sobre cabello casta\u00f1o oscuro\" class=\"wp-image-82283\" srcset=\"https:\/\/flawlesshair.com\/wp-content\/uploads\/2024\/11\/1.-caramel-highlights-on-dark-brown-hair.jpg 1440w, https:\/\/flawlesshair.com\/wp-content\/uploads\/2024\/11\/1.-caramel-highlights-on-dark-brown-hair-240x300.jpg 240w, https:\/\/flawlesshair.com\/wp-content\/uploads\/2024\/11\/1.-caramel-highlights-on-dark-brown-hair-768x960.jpg 768w, https:\/\/flawlesshair.com\/wp-content\/uploads\/2024\/11\/1.-caramel-highlights-on-dark-brown-hair-10x12.jpg 10w, https:\/\/flawlesshair.com\/wp-content\/uploads\/2024\/11\/1.-caramel-highlights-on-dark-brown-hair-864x1080.jpg 864w, https:\/\/flawlesshair.com\/wp-content\/uploads\/2024\/11\/1.-caramel-highlights-on-dark-brown-hair-960x1200.jpg 960w\" sizes=\"auto, (max-width: 760px) calc(100vw - 24px), 720px\"><\/noscript><img loading=\"eager\" decoding=\"async\" width=\"1440\" height=\"1800\" src=\"data:image\/svg+xml,%3Csvg%20xmlns='http:\/\/www.w3.org\/2000\/svg'%20viewBox='0%200%201440%201800'%3E%3Crect%20width='1440'%20height='1800'%20style='fill:%23e3e3e3'\/%3E%3C\/svg%3E\" alt=\"reflejos caramelo sobre cabello casta\u00f1o oscuro\" class=\"wp-image-82283 eager-load\" sizes=\"auto, (max-width: 760px) calc(100vw - 24px), 720px\" data-pin-media=\"https:\/\/flawlesshair.com\/wp-content\/uploads\/2024\/11\/1.-caramel-highlights-on-dark-brown-hair.jpg\" id=\"mv-trellis-img-1\" data-src=\"https:\/\/flawlesshair.com\/wp-content\/uploads\/2024\/11\/1.-caramel-highlights-on-dark-brown-hair.jpg\" data-srcset=\"https:\/\/flawlesshair.com\/wp-content\/uploads\/2024\/11\/1.-caramel-highlights-on-dark-brown-hair.jpg 1440w, https:\/\/flawlesshair.com\/wp-content\/uploads\/2024\/11\/1.-caramel-highlights-on-dark-brown-hair-240x300.jpg 240w, https:\/\/flawlesshair.com\/wp-content\/uploads\/2024\/11\/1.-caramel-highlights-on-dark-brown-hair-768x960.jpg 768w, https:\/\/flawlesshair.com\/wp-content\/uploads\/2024\/11\/1.-caramel-highlights-on-dark-brown-hair-10x12.jpg 10w, https:\/\/flawlesshair.com\/wp-content\/uploads\/2024\/11\/1.-caramel-highlights-on-dark-brown-hair-864x1080.jpg 864w, https:\/\/flawlesshair.com\/wp-content\/uploads\/2024\/11\/1.-caramel-highlights-on-dark-brown-hair-960x1200.jpg 960w\" data-svg=\"1\" data-trellis-processed=\"1\"><div style=\"position: absolute; top: 0.5rem; right: 0.75rem;\"> <a href=\"https:\/\/www.pinterest.com\/pin\/create\/button\/\" data-pin-do=\"buttonPin\" data-pin-tall=\"true\" data-pin-url=\"https:\/\/flawlesshair.com\/es\/reflejos-caramelo-en-pelo-castano\/\" data-pin-media=\"https:\/\/flawlesshair.com\/wp-content\/uploads\/2024\/11\/1.-caramel-highlights-on-dark-brown-hair.jpg\" data-pin-description=\"10 Inspo Pics Of Caramel Highlights On Brown Hair That Look So Rich And Warm\" rel=\"nofollow noopener\" target=\"_blank\"> <\/a><\/div><\/div><figcaption class=\"wp-element-caption\"><a href=\"https:\/\/www.instagram.com\/diogo.migli\" target=\"_blank\" rel=\"noreferrer noopener nofollow\">@diogo.migli<\/a><\/figcaption><\/figure>\n<\/div>\n\n\n<p><a href=\"https:\/\/flawlesshair.com\/es\/pelo-castano-con-reflejos-caramelo\/\">Mechas caramelo sobre cabello casta\u00f1o oscuro<\/a> son tendencia ahora mismo, pero tambi\u00e9n son un cl\u00e1sico que nunca pasa de moda. La forma m\u00e1s r\u00e1pida y sencilla de hacer que tu pelo casta\u00f1o pase de b\u00e1sico a bonito.<\/p>\n\n\n\n<h2 class=\"wp-block-heading\">2. Balayage caramelo sobre cabello casta\u00f1o<\/h2>\n\n\n<div class=\"wp-block-image\">\n<figure class=\"aligncenter size-full\"><div style=\"position: relative;\"><noscript><img loading=\"lazy\" decoding=\"async\" width=\"1197\" height=\"1496\" src=\"https:\/\/flawlesshair.com\/wp-content\/uploads\/2024\/11\/2.-caramel-balayage-on-brown-hair.jpg\" alt=\"caramelo balayage sobre cabello casta\u00f1o\" class=\"wp-image-82284\" srcset=\"https:\/\/flawlesshair.com\/wp-content\/uploads\/2024\/11\/2.-caramel-balayage-on-brown-hair.jpg 1197w, https:\/\/flawlesshair.com\/wp-content\/uploads\/2024\/11\/2.-caramel-balayage-on-brown-hair-240x300.jpg 240w, https:\/\/flawlesshair.com\/wp-content\/uploads\/2024\/11\/2.-caramel-balayage-on-brown-hair-768x960.jpg 768w, https:\/\/flawlesshair.com\/wp-content\/uploads\/2024\/11\/2.-caramel-balayage-on-brown-hair-10x12.jpg 10w, https:\/\/flawlesshair.com\/wp-content\/uploads\/2024\/11\/2.-caramel-balayage-on-brown-hair-864x1080.jpg 864w, https:\/\/flawlesshair.com\/wp-content\/uploads\/2024\/11\/2.-caramel-balayage-on-brown-hair-960x1200.jpg 960w\" sizes=\"auto, (max-width: 760px) calc(100vw - 24px), 720px\"><\/noscript><img loading=\"lazy\" decoding=\"async\" width=\"1197\" height=\"1496\" src=\"https:\/\/flawlesshair.com\/wp-content\/uploads\/2024\/11\/2.-caramel-balayage-on-brown-hair.jpg\" alt=\"caramelo balayage sobre cabello casta\u00f1o\" class=\"wp-image-82284 lazyload\" srcset=\"https:\/\/flawlesshair.com\/wp-content\/uploads\/2024\/11\/2.-caramel-balayage-on-brown-hair.jpg 1197w, https:\/\/flawlesshair.com\/wp-content\/uploads\/2024\/11\/2.-caramel-balayage-on-brown-hair-240x300.jpg 240w, https:\/\/flawlesshair.com\/wp-content\/uploads\/2024\/11\/2.-caramel-balayage-on-brown-hair-768x960.jpg 768w, https:\/\/flawlesshair.com\/wp-content\/uploads\/2024\/11\/2.-caramel-balayage-on-brown-hair-10x12.jpg 10w, https:\/\/flawlesshair.com\/wp-content\/uploads\/2024\/11\/2.-caramel-balayage-on-brown-hair-864x1080.jpg 864w, https:\/\/flawlesshair.com\/wp-content\/uploads\/2024\/11\/2.-caramel-balayage-on-brown-hair-960x1200.jpg 960w\" sizes=\"auto, (max-width: 760px) calc(100vw - 24px), 720px\" data-pin-media=\"https:\/\/flawlesshair.com\/wp-content\/uploads\/2024\/11\/2.-caramel-balayage-on-brown-hair.jpg\" id=\"mv-trellis-img-2\" data-trellis-processed=\"1\"><div style=\"position: absolute; top: 0.5rem; right: 0.75rem;\"> <a href=\"https:\/\/www.pinterest.com\/pin\/create\/button\/\" data-pin-do=\"buttonPin\" data-pin-tall=\"true\" data-pin-url=\"https:\/\/flawlesshair.com\/es\/reflejos-caramelo-en-pelo-castano\/\" data-pin-media=\"https:\/\/flawlesshair.com\/wp-content\/uploads\/2024\/11\/2.-caramel-balayage-on-brown-hair.jpg\" data-pin-description=\"10 Inspo Pics Of Caramel Highlights On Brown Hair That Look So Rich And Warm\" rel=\"nofollow noopener\" target=\"_blank\"> <\/a><\/div><\/div><figcaption class=\"wp-element-caption\"><a href=\"https:\/\/www.instagram.com\/salon_muah\" target=\"_blank\" rel=\"noreferrer noopener nofollow\">@salon_muah<\/a><\/figcaption><\/figure>\n<\/div>\n\n\n<p><a href=\"https:\/\/flawlesshair.com\/es\/caramelo-balayage-en-el-pelo-negro\/\">Balayage caramelo<\/a> es un look precioso que requiere muy poco mantenimiento. Estas mechas pintadas a mano se funden a la perfecci\u00f3n con tu base casta\u00f1a natural y, en lugar de una l\u00ednea de crecimiento dura, es un look que evoluciona.<\/p>\n\n\n\n<h2 class=\"wp-block-heading\">3. Mechas caramelo y doradas en pelo casta\u00f1o<\/h2>\n\n\n<div class=\"wp-block-image\">\n<figure class=\"aligncenter size-full\"><div style=\"position: relative;\"><noscript><img loading=\"lazy\" decoding=\"async\" width=\"1440\" height=\"1535\" src=\"https:\/\/flawlesshair.com\/wp-content\/uploads\/2024\/11\/3.-caramel-and-golden-highlights-on-brown-hair.jpg\" alt=\"reflejos caramelo y dorados sobre cabello casta\u00f1o\" class=\"wp-image-82285\" srcset=\"https:\/\/flawlesshair.com\/wp-content\/uploads\/2024\/11\/3.-caramel-and-golden-highlights-on-brown-hair.jpg 1440w, https:\/\/flawlesshair.com\/wp-content\/uploads\/2024\/11\/3.-caramel-and-golden-highlights-on-brown-hair-281x300.jpg 281w, https:\/\/flawlesshair.com\/wp-content\/uploads\/2024\/11\/3.-caramel-and-golden-highlights-on-brown-hair-768x819.jpg 768w, https:\/\/flawlesshair.com\/wp-content\/uploads\/2024\/11\/3.-caramel-and-golden-highlights-on-brown-hair-11x12.jpg 11w, https:\/\/flawlesshair.com\/wp-content\/uploads\/2024\/11\/3.-caramel-and-golden-highlights-on-brown-hair-901x960.jpg 901w, https:\/\/flawlesshair.com\/wp-content\/uploads\/2024\/11\/3.-caramel-and-golden-highlights-on-brown-hair-1013x1080.jpg 1013w, https:\/\/flawlesshair.com\/wp-content\/uploads\/2024\/11\/3.-caramel-and-golden-highlights-on-brown-hair-1126x1200.jpg 1126w\" sizes=\"auto, (max-width: 760px) calc(100vw - 24px), 720px\"><\/noscript><img loading=\"lazy\" decoding=\"async\" width=\"1440\" height=\"1535\" src=\"https:\/\/flawlesshair.com\/wp-content\/uploads\/2024\/11\/3.-caramel-and-golden-highlights-on-brown-hair.jpg\" alt=\"reflejos caramelo y dorados sobre cabello casta\u00f1o\" class=\"wp-image-82285 lazyload\" srcset=\"https:\/\/flawlesshair.com\/wp-content\/uploads\/2024\/11\/3.-caramel-and-golden-highlights-on-brown-hair.jpg 1440w, https:\/\/flawlesshair.com\/wp-content\/uploads\/2024\/11\/3.-caramel-and-golden-highlights-on-brown-hair-281x300.jpg 281w, https:\/\/flawlesshair.com\/wp-content\/uploads\/2024\/11\/3.-caramel-and-golden-highlights-on-brown-hair-768x819.jpg 768w, https:\/\/flawlesshair.com\/wp-content\/uploads\/2024\/11\/3.-caramel-and-golden-highlights-on-brown-hair-11x12.jpg 11w, https:\/\/flawlesshair.com\/wp-content\/uploads\/2024\/11\/3.-caramel-and-golden-highlights-on-brown-hair-901x960.jpg 901w, https:\/\/flawlesshair.com\/wp-content\/uploads\/2024\/11\/3.-caramel-and-golden-highlights-on-brown-hair-1013x1080.jpg 1013w, https:\/\/flawlesshair.com\/wp-content\/uploads\/2024\/11\/3.-caramel-and-golden-highlights-on-brown-hair-1126x1200.jpg 1126w\" sizes=\"auto, (max-width: 760px) calc(100vw - 24px), 720px\" data-pin-media=\"https:\/\/flawlesshair.com\/wp-content\/uploads\/2024\/11\/3.-caramel-and-golden-highlights-on-brown-hair.jpg\" id=\"mv-trellis-img-3\" data-trellis-processed=\"1\"><div style=\"position: absolute; top: 0.5rem; right: 0.75rem;\"> <a href=\"https:\/\/www.pinterest.com\/pin\/create\/button\/\" data-pin-do=\"buttonPin\" data-pin-tall=\"true\" data-pin-url=\"https:\/\/flawlesshair.com\/es\/reflejos-caramelo-en-pelo-castano\/\" data-pin-media=\"https:\/\/flawlesshair.com\/wp-content\/uploads\/2024\/11\/3.-caramel-and-golden-highlights-on-brown-hair.jpg\" data-pin-description=\"10 Inspo Pics Of Caramel Highlights On Brown Hair That Look So Rich And Warm\" rel=\"nofollow noopener\" target=\"_blank\"> <\/a><\/div><\/div><figcaption class=\"wp-element-caption\"><a href=\"https:\/\/www.instagram.com\/_hairbypaula\" target=\"_blank\" rel=\"noreferrer noopener nofollow\">@_hairbypaula<\/a><\/figcaption><\/figure>\n<\/div>\n\n\n<p>Los reflejos de caramelo m\u00e1s profundos a\u00f1aden especias y calidez, pero los <a href=\"https:\/\/flawlesshair.com\/es\/reflejos-rubios-y-caramelo\/\">vetas doradas<\/a> alrededor de la cara iluminan tus rasgos y a\u00f1aden brillo a tus mechones.<\/p>\n\n\n\n<h2 class=\"wp-block-heading\">4. Morena caramelo dimensional<\/h2>\n\n\n<div class=\"wp-block-image\">\n<figure class=\"aligncenter size-full\"><div style=\"position: relative;\"><noscript><img loading=\"lazy\" decoding=\"async\" width=\"1440\" height=\"1757\" src=\"https:\/\/flawlesshair.com\/wp-content\/uploads\/2024\/11\/4.-dimensional-caramel-brunette.jpg\" alt=\"morena caramelo dimensional\" class=\"wp-image-82286\" srcset=\"https:\/\/flawlesshair.com\/wp-content\/uploads\/2024\/11\/4.-dimensional-caramel-brunette.jpg 1440w, https:\/\/flawlesshair.com\/wp-content\/uploads\/2024\/11\/4.-dimensional-caramel-brunette-246x300.jpg 246w, https:\/\/flawlesshair.com\/wp-content\/uploads\/2024\/11\/4.-dimensional-caramel-brunette-768x937.jpg 768w, https:\/\/flawlesshair.com\/wp-content\/uploads\/2024\/11\/4.-dimensional-caramel-brunette-10x12.jpg 10w, https:\/\/flawlesshair.com\/wp-content\/uploads\/2024\/11\/4.-dimensional-caramel-brunette-787x960.jpg 787w, https:\/\/flawlesshair.com\/wp-content\/uploads\/2024\/11\/4.-dimensional-caramel-brunette-885x1080.jpg 885w, https:\/\/flawlesshair.com\/wp-content\/uploads\/2024\/11\/4.-dimensional-caramel-brunette-983x1200.jpg 983w\" sizes=\"auto, (max-width: 760px) calc(100vw - 24px), 720px\"><\/noscript><img loading=\"lazy\" decoding=\"async\" width=\"1440\" height=\"1757\" src=\"https:\/\/flawlesshair.com\/wp-content\/uploads\/2024\/11\/4.-dimensional-caramel-brunette.jpg\" alt=\"morena caramelo dimensional\" class=\"wp-image-82286 lazyload\" srcset=\"https:\/\/flawlesshair.com\/wp-content\/uploads\/2024\/11\/4.-dimensional-caramel-brunette.jpg 1440w, https:\/\/flawlesshair.com\/wp-content\/uploads\/2024\/11\/4.-dimensional-caramel-brunette-246x300.jpg 246w, https:\/\/flawlesshair.com\/wp-content\/uploads\/2024\/11\/4.-dimensional-caramel-brunette-768x937.jpg 768w, https:\/\/flawlesshair.com\/wp-content\/uploads\/2024\/11\/4.-dimensional-caramel-brunette-10x12.jpg 10w, https:\/\/flawlesshair.com\/wp-content\/uploads\/2024\/11\/4.-dimensional-caramel-brunette-787x960.jpg 787w, https:\/\/flawlesshair.com\/wp-content\/uploads\/2024\/11\/4.-dimensional-caramel-brunette-885x1080.jpg 885w, https:\/\/flawlesshair.com\/wp-content\/uploads\/2024\/11\/4.-dimensional-caramel-brunette-983x1200.jpg 983w\" sizes=\"auto, (max-width: 760px) calc(100vw - 24px), 720px\" data-pin-media=\"https:\/\/flawlesshair.com\/wp-content\/uploads\/2024\/11\/4.-dimensional-caramel-brunette.jpg\" id=\"mv-trellis-img-4\" data-trellis-processed=\"1\"><div style=\"position: absolute; top: 0.5rem; right: 0.75rem;\"> <a href=\"https:\/\/www.pinterest.com\/pin\/create\/button\/\" data-pin-do=\"buttonPin\" data-pin-tall=\"true\" data-pin-url=\"https:\/\/flawlesshair.com\/es\/reflejos-caramelo-en-pelo-castano\/\" data-pin-media=\"https:\/\/flawlesshair.com\/wp-content\/uploads\/2024\/11\/4.-dimensional-caramel-brunette.jpg\" data-pin-description=\"10 Inspo Pics Of Caramel Highlights On Brown Hair That Look So Rich And Warm\" rel=\"nofollow noopener\" target=\"_blank\"> <\/a><\/div><\/div><figcaption class=\"wp-element-caption\"><a href=\"https:\/\/www.instagram.com\/sarabotsfordhair\" target=\"_blank\" rel=\"noreferrer noopener nofollow\">@sarabotsfordhair<\/a><\/figcaption><\/figure>\n<\/div>\n\n\n<p>Las mechas caramelo dan dimensi\u00f3n al cabello casta\u00f1o. En lugar de un color plano, este efecto rico en capas aporta profundidad y movimiento a tu cabello sin sobrecargar tu look.<\/p>\n\n\n\n<h2 class=\"wp-block-heading\">5. Mechas caramelo sutiles en pelo casta\u00f1o<\/h2>\n\n\n<div class=\"wp-block-image\">\n<figure class=\"aligncenter size-full\"><div style=\"position: relative;\"><noscript><img loading=\"lazy\" decoding=\"async\" width=\"1101\" height=\"1101\" src=\"https:\/\/flawlesshair.com\/wp-content\/uploads\/2024\/11\/5.-subtle-caramel-highlights-on-brown-hair.jpg\" alt=\"sutiles reflejos caramelo sobre cabello casta\u00f1o\" class=\"wp-image-82287\" srcset=\"https:\/\/flawlesshair.com\/wp-content\/uploads\/2024\/11\/5.-subtle-caramel-highlights-on-brown-hair.jpg 1101w, https:\/\/flawlesshair.com\/wp-content\/uploads\/2024\/11\/5.-subtle-caramel-highlights-on-brown-hair-300x300.jpg 300w, https:\/\/flawlesshair.com\/wp-content\/uploads\/2024\/11\/5.-subtle-caramel-highlights-on-brown-hair-150x150.jpg 150w, https:\/\/flawlesshair.com\/wp-content\/uploads\/2024\/11\/5.-subtle-caramel-highlights-on-brown-hair-768x768.jpg 768w, https:\/\/flawlesshair.com\/wp-content\/uploads\/2024\/11\/5.-subtle-caramel-highlights-on-brown-hair-12x12.jpg 12w, https:\/\/flawlesshair.com\/wp-content\/uploads\/2024\/11\/5.-subtle-caramel-highlights-on-brown-hair-728x728.jpg 728w, https:\/\/flawlesshair.com\/wp-content\/uploads\/2024\/11\/5.-subtle-caramel-highlights-on-brown-hair-960x960.jpg 960w, https:\/\/flawlesshair.com\/wp-content\/uploads\/2024\/11\/5.-subtle-caramel-highlights-on-brown-hair-1080x1080.jpg 1080w\" sizes=\"auto, (max-width: 760px) calc(100vw - 24px), 720px\"><\/noscript><img loading=\"lazy\" decoding=\"async\" width=\"1101\" height=\"1101\" src=\"https:\/\/flawlesshair.com\/wp-content\/uploads\/2024\/11\/5.-subtle-caramel-highlights-on-brown-hair.jpg\" alt=\"sutiles reflejos caramelo sobre cabello casta\u00f1o\" class=\"wp-image-82287 lazyload\" srcset=\"https:\/\/flawlesshair.com\/wp-content\/uploads\/2024\/11\/5.-subtle-caramel-highlights-on-brown-hair.jpg 1101w, https:\/\/flawlesshair.com\/wp-content\/uploads\/2024\/11\/5.-subtle-caramel-highlights-on-brown-hair-300x300.jpg 300w, https:\/\/flawlesshair.com\/wp-content\/uploads\/2024\/11\/5.-subtle-caramel-highlights-on-brown-hair-150x150.jpg 150w, https:\/\/flawlesshair.com\/wp-content\/uploads\/2024\/11\/5.-subtle-caramel-highlights-on-brown-hair-768x768.jpg 768w, https:\/\/flawlesshair.com\/wp-content\/uploads\/2024\/11\/5.-subtle-caramel-highlights-on-brown-hair-12x12.jpg 12w, https:\/\/flawlesshair.com\/wp-content\/uploads\/2024\/11\/5.-subtle-caramel-highlights-on-brown-hair-728x728.jpg 728w, https:\/\/flawlesshair.com\/wp-content\/uploads\/2024\/11\/5.-subtle-caramel-highlights-on-brown-hair-960x960.jpg 960w, https:\/\/flawlesshair.com\/wp-content\/uploads\/2024\/11\/5.-subtle-caramel-highlights-on-brown-hair-1080x1080.jpg 1080w\" sizes=\"auto, (max-width: 760px) calc(100vw - 24px), 720px\" data-pin-media=\"https:\/\/flawlesshair.com\/wp-content\/uploads\/2024\/11\/5.-subtle-caramel-highlights-on-brown-hair.jpg\" id=\"mv-trellis-img-5\" data-trellis-processed=\"1\"><div style=\"position: absolute; top: 0.5rem; right: 0.75rem;\"> <a href=\"https:\/\/www.pinterest.com\/pin\/create\/button\/\" data-pin-do=\"buttonPin\" data-pin-tall=\"true\" data-pin-url=\"https:\/\/flawlesshair.com\/es\/reflejos-caramelo-en-pelo-castano\/\" data-pin-media=\"https:\/\/flawlesshair.com\/wp-content\/uploads\/2024\/11\/5.-subtle-caramel-highlights-on-brown-hair.jpg\" data-pin-description=\"10 Inspo Pics Of Caramel Highlights On Brown Hair That Look So Rich And Warm\" rel=\"nofollow noopener\" target=\"_blank\"> <\/a><\/div><\/div><figcaption class=\"wp-element-caption\"><a href=\"https:\/\/www.instagram.com\/xoxo_balayage\" target=\"_blank\" rel=\"noreferrer noopener nofollow\">@xoxo_balayage<\/a><\/figcaption><\/figure>\n<\/div>\n\n\n<p>\u00bfEres morena y buscas un cambio de color sutil? Las mechas caramelo realzan los tonos naturales del cabello sin cambios dr\u00e1sticos de color. <em>caro<\/em>.<\/p>\n\n\n\n<h2 class=\"wp-block-heading\">6. Mechas caramelo c\u00e1lido en pelo casta\u00f1o<\/h2>\n\n\n<div class=\"wp-block-image\">\n<figure class=\"aligncenter size-full\"><div style=\"position: relative;\"><noscript><img loading=\"lazy\" decoding=\"async\" width=\"1440\" height=\"1800\" src=\"https:\/\/flawlesshair.com\/wp-content\/uploads\/2024\/11\/6.-warm-caramel-highlights-on-brown-hair.jpg\" alt=\"mechas caramelo c\u00e1lido sobre cabello casta\u00f1o\" class=\"wp-image-82288\" srcset=\"https:\/\/flawlesshair.com\/wp-content\/uploads\/2024\/11\/6.-warm-caramel-highlights-on-brown-hair.jpg 1440w, https:\/\/flawlesshair.com\/wp-content\/uploads\/2024\/11\/6.-warm-caramel-highlights-on-brown-hair-240x300.jpg 240w, https:\/\/flawlesshair.com\/wp-content\/uploads\/2024\/11\/6.-warm-caramel-highlights-on-brown-hair-768x960.jpg 768w, https:\/\/flawlesshair.com\/wp-content\/uploads\/2024\/11\/6.-warm-caramel-highlights-on-brown-hair-10x12.jpg 10w, https:\/\/flawlesshair.com\/wp-content\/uploads\/2024\/11\/6.-warm-caramel-highlights-on-brown-hair-864x1080.jpg 864w, https:\/\/flawlesshair.com\/wp-content\/uploads\/2024\/11\/6.-warm-caramel-highlights-on-brown-hair-960x1200.jpg 960w\" sizes=\"auto, (max-width: 760px) calc(100vw - 24px), 720px\"><\/noscript><img loading=\"lazy\" decoding=\"async\" width=\"1440\" height=\"1800\" src=\"https:\/\/flawlesshair.com\/wp-content\/uploads\/2024\/11\/6.-warm-caramel-highlights-on-brown-hair.jpg\" alt=\"mechas caramelo c\u00e1lido sobre cabello casta\u00f1o\" class=\"wp-image-82288 lazyload\" srcset=\"https:\/\/flawlesshair.com\/wp-content\/uploads\/2024\/11\/6.-warm-caramel-highlights-on-brown-hair.jpg 1440w, https:\/\/flawlesshair.com\/wp-content\/uploads\/2024\/11\/6.-warm-caramel-highlights-on-brown-hair-240x300.jpg 240w, https:\/\/flawlesshair.com\/wp-content\/uploads\/2024\/11\/6.-warm-caramel-highlights-on-brown-hair-768x960.jpg 768w, https:\/\/flawlesshair.com\/wp-content\/uploads\/2024\/11\/6.-warm-caramel-highlights-on-brown-hair-10x12.jpg 10w, https:\/\/flawlesshair.com\/wp-content\/uploads\/2024\/11\/6.-warm-caramel-highlights-on-brown-hair-864x1080.jpg 864w, https:\/\/flawlesshair.com\/wp-content\/uploads\/2024\/11\/6.-warm-caramel-highlights-on-brown-hair-960x1200.jpg 960w\" sizes=\"auto, (max-width: 760px) calc(100vw - 24px), 720px\" data-pin-media=\"https:\/\/flawlesshair.com\/wp-content\/uploads\/2024\/11\/6.-warm-caramel-highlights-on-brown-hair.jpg\" id=\"mv-trellis-img-6\" data-trellis-processed=\"1\"><div style=\"position: absolute; top: 0.5rem; right: 0.75rem;\"> <a href=\"https:\/\/www.pinterest.com\/pin\/create\/button\/\" data-pin-do=\"buttonPin\" data-pin-tall=\"true\" data-pin-url=\"https:\/\/flawlesshair.com\/es\/reflejos-caramelo-en-pelo-castano\/\" data-pin-media=\"https:\/\/flawlesshair.com\/wp-content\/uploads\/2024\/11\/6.-warm-caramel-highlights-on-brown-hair.jpg\" data-pin-description=\"10 Inspo Pics Of Caramel Highlights On Brown Hair That Look So Rich And Warm\" rel=\"nofollow noopener\" target=\"_blank\"> <\/a><\/div><\/div><figcaption class=\"wp-element-caption\"><a href=\"https:\/\/www.instagram.com\/lenisantoshairstylist\" target=\"_blank\" rel=\"noreferrer noopener nofollow\">@lenisantoshairstylist<\/a><\/figcaption><\/figure>\n<\/div>\n\n\n<p>Las mechas caramelo en el cabello casta\u00f1o aportan un brillo suave que favorece a cualquier tipo de tez. Las c\u00e1lidas mechas doradas convierten el cabello moreno normal en un tono rico y lujoso.<\/p>\n\n\n\n<h2 class=\"wp-block-heading\">7. Mechas caramelo brillantes en pelo casta\u00f1o<\/h2>\n\n\n<div class=\"wp-block-image\">\n<figure class=\"aligncenter size-full\"><div style=\"position: relative;\"><noscript><img loading=\"lazy\" decoding=\"async\" width=\"1440\" height=\"1800\" src=\"https:\/\/flawlesshair.com\/wp-content\/uploads\/2024\/11\/7.-glossy-caramel-highlights-on-brown-hair.jpg\" alt=\"reflejos caramelo brillantes sobre cabello casta\u00f1o\" class=\"wp-image-82289\" srcset=\"https:\/\/flawlesshair.com\/wp-content\/uploads\/2024\/11\/7.-glossy-caramel-highlights-on-brown-hair.jpg 1440w, https:\/\/flawlesshair.com\/wp-content\/uploads\/2024\/11\/7.-glossy-caramel-highlights-on-brown-hair-240x300.jpg 240w, https:\/\/flawlesshair.com\/wp-content\/uploads\/2024\/11\/7.-glossy-caramel-highlights-on-brown-hair-768x960.jpg 768w, https:\/\/flawlesshair.com\/wp-content\/uploads\/2024\/11\/7.-glossy-caramel-highlights-on-brown-hair-10x12.jpg 10w, https:\/\/flawlesshair.com\/wp-content\/uploads\/2024\/11\/7.-glossy-caramel-highlights-on-brown-hair-864x1080.jpg 864w, https:\/\/flawlesshair.com\/wp-content\/uploads\/2024\/11\/7.-glossy-caramel-highlights-on-brown-hair-960x1200.jpg 960w\" sizes=\"auto, (max-width: 760px) calc(100vw - 24px), 720px\"><\/noscript><img loading=\"lazy\" decoding=\"async\" width=\"1440\" height=\"1800\" src=\"https:\/\/flawlesshair.com\/wp-content\/uploads\/2024\/11\/7.-glossy-caramel-highlights-on-brown-hair.jpg\" alt=\"reflejos caramelo brillantes sobre cabello casta\u00f1o\" class=\"wp-image-82289 lazyload\" srcset=\"https:\/\/flawlesshair.com\/wp-content\/uploads\/2024\/11\/7.-glossy-caramel-highlights-on-brown-hair.jpg 1440w, https:\/\/flawlesshair.com\/wp-content\/uploads\/2024\/11\/7.-glossy-caramel-highlights-on-brown-hair-240x300.jpg 240w, https:\/\/flawlesshair.com\/wp-content\/uploads\/2024\/11\/7.-glossy-caramel-highlights-on-brown-hair-768x960.jpg 768w, https:\/\/flawlesshair.com\/wp-content\/uploads\/2024\/11\/7.-glossy-caramel-highlights-on-brown-hair-10x12.jpg 10w, https:\/\/flawlesshair.com\/wp-content\/uploads\/2024\/11\/7.-glossy-caramel-highlights-on-brown-hair-864x1080.jpg 864w, https:\/\/flawlesshair.com\/wp-content\/uploads\/2024\/11\/7.-glossy-caramel-highlights-on-brown-hair-960x1200.jpg 960w\" sizes=\"auto, (max-width: 760px) calc(100vw - 24px), 720px\" data-pin-media=\"https:\/\/flawlesshair.com\/wp-content\/uploads\/2024\/11\/7.-glossy-caramel-highlights-on-brown-hair.jpg\" id=\"mv-trellis-img-7\" data-trellis-processed=\"1\"><div style=\"position: absolute; top: 0.5rem; right: 0.75rem;\"> <a href=\"https:\/\/www.pinterest.com\/pin\/create\/button\/\" data-pin-do=\"buttonPin\" data-pin-tall=\"true\" data-pin-url=\"https:\/\/flawlesshair.com\/es\/reflejos-caramelo-en-pelo-castano\/\" data-pin-media=\"https:\/\/flawlesshair.com\/wp-content\/uploads\/2024\/11\/7.-glossy-caramel-highlights-on-brown-hair.jpg\" data-pin-description=\"10 Inspo Pics Of Caramel Highlights On Brown Hair That Look So Rich And Warm\" rel=\"nofollow noopener\" target=\"_blank\"> <\/a><\/div><\/div><figcaption class=\"wp-element-caption\"><a href=\"https:\/\/www.instagram.com\/shami_audo_k\" target=\"_blank\" rel=\"noreferrer noopener nofollow\">@shami_audo_k<\/a><\/figcaption><\/figure>\n<\/div>\n\n\n<p>A\u00f1ade reflejos caramelo al cabello casta\u00f1o y observa c\u00f3mo la luz se refleja en las hebras, dej\u00e1ndote un pelo ultrabrillante y brillante.<\/p>\n\n\n\n<h2 class=\"wp-block-heading\">8. Mechas caramelo claro en pelo casta\u00f1o<\/h2>\n\n\n<div class=\"wp-block-image\">\n<figure class=\"aligncenter size-full\"><div style=\"position: relative;\"><noscript><img loading=\"lazy\" decoding=\"async\" width=\"1440\" height=\"1755\" src=\"https:\/\/flawlesshair.com\/wp-content\/uploads\/2024\/11\/8.-light-caramel-highlights-on-brown-hair.jpg\" alt=\"reflejos caramelo claro sobre cabello casta\u00f1o\" class=\"wp-image-82290\" srcset=\"https:\/\/flawlesshair.com\/wp-content\/uploads\/2024\/11\/8.-light-caramel-highlights-on-brown-hair.jpg 1440w, https:\/\/flawlesshair.com\/wp-content\/uploads\/2024\/11\/8.-light-caramel-highlights-on-brown-hair-246x300.jpg 246w, https:\/\/flawlesshair.com\/wp-content\/uploads\/2024\/11\/8.-light-caramel-highlights-on-brown-hair-768x936.jpg 768w, https:\/\/flawlesshair.com\/wp-content\/uploads\/2024\/11\/8.-light-caramel-highlights-on-brown-hair-10x12.jpg 10w, https:\/\/flawlesshair.com\/wp-content\/uploads\/2024\/11\/8.-light-caramel-highlights-on-brown-hair-788x960.jpg 788w, https:\/\/flawlesshair.com\/wp-content\/uploads\/2024\/11\/8.-light-caramel-highlights-on-brown-hair-886x1080.jpg 886w, https:\/\/flawlesshair.com\/wp-content\/uploads\/2024\/11\/8.-light-caramel-highlights-on-brown-hair-985x1200.jpg 985w\" sizes=\"auto, (max-width: 760px) calc(100vw - 24px), 720px\"><\/noscript><img loading=\"lazy\" decoding=\"async\" width=\"1440\" height=\"1755\" src=\"https:\/\/flawlesshair.com\/wp-content\/uploads\/2024\/11\/8.-light-caramel-highlights-on-brown-hair.jpg\" alt=\"reflejos caramelo claro sobre cabello casta\u00f1o\" class=\"wp-image-82290 lazyload\" srcset=\"https:\/\/flawlesshair.com\/wp-content\/uploads\/2024\/11\/8.-light-caramel-highlights-on-brown-hair.jpg 1440w, https:\/\/flawlesshair.com\/wp-content\/uploads\/2024\/11\/8.-light-caramel-highlights-on-brown-hair-246x300.jpg 246w, https:\/\/flawlesshair.com\/wp-content\/uploads\/2024\/11\/8.-light-caramel-highlights-on-brown-hair-768x936.jpg 768w, https:\/\/flawlesshair.com\/wp-content\/uploads\/2024\/11\/8.-light-caramel-highlights-on-brown-hair-10x12.jpg 10w, https:\/\/flawlesshair.com\/wp-content\/uploads\/2024\/11\/8.-light-caramel-highlights-on-brown-hair-788x960.jpg 788w, https:\/\/flawlesshair.com\/wp-content\/uploads\/2024\/11\/8.-light-caramel-highlights-on-brown-hair-886x1080.jpg 886w, https:\/\/flawlesshair.com\/wp-content\/uploads\/2024\/11\/8.-light-caramel-highlights-on-brown-hair-985x1200.jpg 985w\" sizes=\"auto, (max-width: 760px) calc(100vw - 24px), 720px\" data-pin-media=\"https:\/\/flawlesshair.com\/wp-content\/uploads\/2024\/11\/8.-light-caramel-highlights-on-brown-hair.jpg\" id=\"mv-trellis-img-8\" data-trellis-processed=\"1\"><div style=\"position: absolute; top: 0.5rem; right: 0.75rem;\"> <a href=\"https:\/\/www.pinterest.com\/pin\/create\/button\/\" data-pin-do=\"buttonPin\" data-pin-tall=\"true\" data-pin-url=\"https:\/\/flawlesshair.com\/es\/reflejos-caramelo-en-pelo-castano\/\" data-pin-media=\"https:\/\/flawlesshair.com\/wp-content\/uploads\/2024\/11\/8.-light-caramel-highlights-on-brown-hair.jpg\" data-pin-description=\"10 Inspo Pics Of Caramel Highlights On Brown Hair That Look So Rich And Warm\" rel=\"nofollow noopener\" target=\"_blank\"> <\/a><\/div><\/div><figcaption class=\"wp-element-caption\"><a href=\"https:\/\/www.instagram.com\/orkun_thehairspecialist\" target=\"_blank\" rel=\"noreferrer noopener nofollow\">@orkun_thehairspecialist<\/a><\/figcaption><\/figure>\n<\/div>\n\n\n<p>\u00bfTe sientes un poco apagado? <a href=\"https:\/\/flawlesshair.com\/es\/marron-caramelo-intenso-para-el-otono\/\">Toques de caramelo<\/a> puede levantar instant\u00e1neamente una base casta\u00f1a, haciendo que tu pelo parezca m\u00e1s brillante y vibrante.<\/p>\n\n\n\n<h2 class=\"wp-block-heading\">9. Morena oscura dimensional con reflejos caramelo<\/h2>\n\n\n<div class=\"wp-block-image\">\n<figure class=\"aligncenter size-full\"><div style=\"position: relative;\"><noscript><img loading=\"lazy\" decoding=\"async\" width=\"1440\" height=\"1800\" src=\"https:\/\/flawlesshair.com\/wp-content\/uploads\/2024\/11\/9.-dimensional-dark-brunette-with-caramel-highlights.jpg\" alt=\"morena oscura dimensional con reflejos caramelo\" class=\"wp-image-82291\" srcset=\"https:\/\/flawlesshair.com\/wp-content\/uploads\/2024\/11\/9.-dimensional-dark-brunette-with-caramel-highlights.jpg 1440w, https:\/\/flawlesshair.com\/wp-content\/uploads\/2024\/11\/9.-dimensional-dark-brunette-with-caramel-highlights-240x300.jpg 240w, https:\/\/flawlesshair.com\/wp-content\/uploads\/2024\/11\/9.-dimensional-dark-brunette-with-caramel-highlights-768x960.jpg 768w, https:\/\/flawlesshair.com\/wp-content\/uploads\/2024\/11\/9.-dimensional-dark-brunette-with-caramel-highlights-10x12.jpg 10w, https:\/\/flawlesshair.com\/wp-content\/uploads\/2024\/11\/9.-dimensional-dark-brunette-with-caramel-highlights-864x1080.jpg 864w, https:\/\/flawlesshair.com\/wp-content\/uploads\/2024\/11\/9.-dimensional-dark-brunette-with-caramel-highlights-960x1200.jpg 960w\" sizes=\"auto, (max-width: 760px) calc(100vw - 24px), 720px\"><\/noscript><img loading=\"lazy\" decoding=\"async\" width=\"1440\" height=\"1800\" src=\"https:\/\/flawlesshair.com\/wp-content\/uploads\/2024\/11\/9.-dimensional-dark-brunette-with-caramel-highlights.jpg\" alt=\"morena oscura dimensional con reflejos caramelo\" class=\"wp-image-82291 lazyload\" srcset=\"https:\/\/flawlesshair.com\/wp-content\/uploads\/2024\/11\/9.-dimensional-dark-brunette-with-caramel-highlights.jpg 1440w, https:\/\/flawlesshair.com\/wp-content\/uploads\/2024\/11\/9.-dimensional-dark-brunette-with-caramel-highlights-240x300.jpg 240w, https:\/\/flawlesshair.com\/wp-content\/uploads\/2024\/11\/9.-dimensional-dark-brunette-with-caramel-highlights-768x960.jpg 768w, https:\/\/flawlesshair.com\/wp-content\/uploads\/2024\/11\/9.-dimensional-dark-brunette-with-caramel-highlights-10x12.jpg 10w, https:\/\/flawlesshair.com\/wp-content\/uploads\/2024\/11\/9.-dimensional-dark-brunette-with-caramel-highlights-864x1080.jpg 864w, https:\/\/flawlesshair.com\/wp-content\/uploads\/2024\/11\/9.-dimensional-dark-brunette-with-caramel-highlights-960x1200.jpg 960w\" sizes=\"auto, (max-width: 760px) calc(100vw - 24px), 720px\" data-pin-media=\"https:\/\/flawlesshair.com\/wp-content\/uploads\/2024\/11\/9.-dimensional-dark-brunette-with-caramel-highlights.jpg\" id=\"mv-trellis-img-9\" data-trellis-processed=\"1\"><div style=\"position: absolute; top: 0.5rem; right: 0.75rem;\"> <a href=\"https:\/\/www.pinterest.com\/pin\/create\/button\/\" data-pin-do=\"buttonPin\" data-pin-tall=\"true\" data-pin-url=\"https:\/\/flawlesshair.com\/es\/reflejos-caramelo-en-pelo-castano\/\" data-pin-media=\"https:\/\/flawlesshair.com\/wp-content\/uploads\/2024\/11\/9.-dimensional-dark-brunette-with-caramel-highlights.jpg\" data-pin-description=\"10 Inspo Pics Of Caramel Highlights On Brown Hair That Look So Rich And Warm\" rel=\"nofollow noopener\" target=\"_blank\"> <\/a><\/div><\/div><figcaption class=\"wp-element-caption\"><a href=\"https:\/\/www.instagram.com\/misahuynhhair\" target=\"_blank\" rel=\"noreferrer noopener nofollow\">@misahuynhhair<\/a><\/figcaption><\/figure>\n<\/div>\n\n\n<p>Para a\u00f1adir un poco de <a href=\"https:\/\/flawlesshair.com\/es\/cabello-oscuro-dimensional\/\">dimensi\u00f3n a tu cabello oscuro<\/a>Si tienes el pelo oscuro, elige unas mechas caramelo 2-3 tonos m\u00e1s claras que tu base. Tu pelo captar\u00e1 la luz y parecer\u00e1 m\u00e1s voluminoso y texturizado.<\/p>\n\n\n\n<h2 class=\"wp-block-heading\">10. Mechas doradas caramelo en pelo casta\u00f1o<\/h2>\n\n\n<div class=\"wp-block-image\">\n<figure class=\"aligncenter size-full\"><div style=\"position: relative;\"><noscript><img loading=\"lazy\" decoding=\"async\" width=\"1097\" height=\"1253\" src=\"https:\/\/flawlesshair.com\/wp-content\/uploads\/2024\/11\/10.-golden-caramel-highlights-on-brown-hair.jpg\" alt=\"reflejos caramelo dorados sobre cabello casta\u00f1o\" class=\"wp-image-82293\" srcset=\"https:\/\/flawlesshair.com\/wp-content\/uploads\/2024\/11\/10.-golden-caramel-highlights-on-brown-hair.jpg 1097w, https:\/\/flawlesshair.com\/wp-content\/uploads\/2024\/11\/10.-golden-caramel-highlights-on-brown-hair-263x300.jpg 263w, https:\/\/flawlesshair.com\/wp-content\/uploads\/2024\/11\/10.-golden-caramel-highlights-on-brown-hair-768x877.jpg 768w, https:\/\/flawlesshair.com\/wp-content\/uploads\/2024\/11\/10.-golden-caramel-highlights-on-brown-hair-11x12.jpg 11w, https:\/\/flawlesshair.com\/wp-content\/uploads\/2024\/11\/10.-golden-caramel-highlights-on-brown-hair-840x960.jpg 840w, https:\/\/flawlesshair.com\/wp-content\/uploads\/2024\/11\/10.-golden-caramel-highlights-on-brown-hair-946x1080.jpg 946w, https:\/\/flawlesshair.com\/wp-content\/uploads\/2024\/11\/10.-golden-caramel-highlights-on-brown-hair-1051x1200.jpg 1051w\" sizes=\"auto, (max-width: 760px) calc(100vw - 24px), 720px\"><\/noscript><img loading=\"lazy\" decoding=\"async\" width=\"1097\" height=\"1253\" src=\"https:\/\/flawlesshair.com\/wp-content\/uploads\/2024\/11\/10.-golden-caramel-highlights-on-brown-hair.jpg\" alt=\"reflejos caramelo dorados sobre cabello casta\u00f1o\" class=\"wp-image-82293 lazyload\" srcset=\"https:\/\/flawlesshair.com\/wp-content\/uploads\/2024\/11\/10.-golden-caramel-highlights-on-brown-hair.jpg 1097w, https:\/\/flawlesshair.com\/wp-content\/uploads\/2024\/11\/10.-golden-caramel-highlights-on-brown-hair-263x300.jpg 263w, https:\/\/flawlesshair.com\/wp-content\/uploads\/2024\/11\/10.-golden-caramel-highlights-on-brown-hair-768x877.jpg 768w, https:\/\/flawlesshair.com\/wp-content\/uploads\/2024\/11\/10.-golden-caramel-highlights-on-brown-hair-11x12.jpg 11w, https:\/\/flawlesshair.com\/wp-content\/uploads\/2024\/11\/10.-golden-caramel-highlights-on-brown-hair-840x960.jpg 840w, https:\/\/flawlesshair.com\/wp-content\/uploads\/2024\/11\/10.-golden-caramel-highlights-on-brown-hair-946x1080.jpg 946w, https:\/\/flawlesshair.com\/wp-content\/uploads\/2024\/11\/10.-golden-caramel-highlights-on-brown-hair-1051x1200.jpg 1051w\" sizes=\"auto, (max-width: 760px) calc(100vw - 24px), 720px\" data-pin-media=\"https:\/\/flawlesshair.com\/wp-content\/uploads\/2024\/11\/10.-golden-caramel-highlights-on-brown-hair.jpg\" id=\"mv-trellis-img-10\" data-trellis-processed=\"1\"><div style=\"position: absolute; top: 0.5rem; right: 0.75rem;\"> <a href=\"https:\/\/www.pinterest.com\/pin\/create\/button\/\" data-pin-do=\"buttonPin\" data-pin-tall=\"true\" data-pin-url=\"https:\/\/flawlesshair.com\/es\/reflejos-caramelo-en-pelo-castano\/\" data-pin-media=\"https:\/\/flawlesshair.com\/wp-content\/uploads\/2024\/11\/10.-golden-caramel-highlights-on-brown-hair.jpg\" data-pin-description=\"10 Inspo Pics Of Caramel Highlights On Brown Hair That Look So Rich And Warm\" rel=\"nofollow noopener\" target=\"_blank\"> <\/a><\/div><\/div><figcaption class=\"wp-element-caption\"><a href=\"https:\/\/www.instagram.com\/solotreartofbeauty\" target=\"_blank\" rel=\"noreferrer noopener nofollow\">@solotreartofbeauty<\/a><\/figcaption><\/figure>\n<\/div>\n\n\n<p>Las mechas caramelo aportan un suave tono dorado al cabello casta\u00f1o. Las mechas caramelo aportan una calidez suave y dorada al cabello casta\u00f1o, que luce fresco en cualquier estaci\u00f3n.<\/p>","protected":false},"excerpt":{"rendered":"<p>\u00bfQuieres darle un poco de brillo a tu pelo casta\u00f1o? Las mechas caramelo transforman el cabello casta\u00f1o en una perfecci\u00f3n rica y resplandeciente. Aportan calidez dorada y profundidad a ...<\/p>","protected":false},"author":7,"featured_media":82292,"comment_status":"closed","ping_status":"closed","sticky":false,"template":"","format":"standard","meta":{"syndication_tool_enabled":true,"syndication_tool_title":"","syndication_tool_excerpt":"","syndication_tool_featured_image":0,"syndication_tool_publish_date":"","syndication_tool_schema_types":["gallery"],"syndication_tool_backlink_enable":false,"syndication_tool_ai_disclosure_enable":false,"disable-in-feed":false,"article-schema-type":"","disable-critical-css":false,"footnotes":""},"categories":[37],"tags":[],"class_list":["post-82218","post","type-post","status-publish","format-standard","has-post-thumbnail","hentry","category-brunette"],"_links":{"self":[{"href":"https:\/\/flawlesshair.com\/es\/wp-json\/wp\/v2\/posts\/82218","targetHints":{"allow":["GET"]}}],"collection":[{"href":"https:\/\/flawlesshair.com\/es\/wp-json\/wp\/v2\/posts"}],"about":[{"href":"https:\/\/flawlesshair.com\/es\/wp-json\/wp\/v2\/types\/post"}],"author":[{"embeddable":true,"href":"https:\/\/flawlesshair.com\/es\/wp-json\/wp\/v2\/users\/7"}],"replies":[{"embeddable":true,"href":"https:\/\/flawlesshair.com\/es\/wp-json\/wp\/v2\/comments?post=82218"}],"version-history":[{"count":0,"href":"https:\/\/flawlesshair.com\/es\/wp-json\/wp\/v2\/posts\/82218\/revisions"}],"wp:featuredmedia":[{"embeddable":true,"href":"https:\/\/flawlesshair.com\/es\/wp-json\/wp\/v2\/media\/82292"}],"wp:attachment":[{"href":"https:\/\/flawlesshair.com\/es\/wp-json\/wp\/v2\/media?parent=82218"}],"wp:term":[{"taxonomy":"category","embeddable":true,"href":"https:\/\/flawlesshair.com\/es\/wp-json\/wp\/v2\/categories?post=82218"},{"taxonomy":"post_tag","embeddable":true,"href":"https:\/\/flawlesshair.com\/es\/wp-json\/wp\/v2\/tags?post=82218"}],"curies":[{"name":"wp","href":"https:\/\/api.w.org\/{rel}","templated":true}]}}