{"id":38684,"date":"2024-01-18T07:34:32","date_gmt":"2024-01-18T07:34:32","guid":{"rendered":"https:\/\/flawlesshair.com\/?p=38684"},"modified":"2024-12-13T12:20:22","modified_gmt":"2024-12-13T11:20:22","slug":"cheveux-degrades-moyens","status":"publish","type":"post","link":"https:\/\/flawlesshair.com\/fr\/cheveux-degrades-moyens\/","title":{"rendered":"Les cheveux mi-longs sont la coupe \u00e0 ne pas manquer en 2025"},"content":{"rendered":"<style>img#mv-trellis-img-1::before{padding-top:100%; }img#mv-trellis-img-1{display:block;}img#mv-trellis-img-2::before{padding-top:125%; }img#mv-trellis-img-2{display:block;}img#mv-trellis-img-3::before{padding-top:125%; }img#mv-trellis-img-3{display:block;}img#mv-trellis-img-4::before{padding-top:124.90740740741%; }img#mv-trellis-img-4{display:block;}img#mv-trellis-img-5::before{padding-top:116.38888888889%; }img#mv-trellis-img-5{display:block;}img#mv-trellis-img-6::before{padding-top:100%; }img#mv-trellis-img-6{display:block;}img#mv-trellis-img-7::before{padding-top:100%; }img#mv-trellis-img-7{display:block;}img#mv-trellis-img-8::before{padding-top:100%; }img#mv-trellis-img-8{display:block;}img#mv-trellis-img-9::before{padding-top:125%; }img#mv-trellis-img-9{display:block;}img#mv-trellis-img-10::before{padding-top:99.444444444444%; }img#mv-trellis-img-10{display:block;}img#mv-trellis-img-11::before{padding-top:124.67320261438%; }img#mv-trellis-img-11{display:block;}img#mv-trellis-img-12::before{padding-top:124.90740740741%; }img#mv-trellis-img-12{display:block;}img#mv-trellis-img-13::before{padding-top:125%; }img#mv-trellis-img-13{display:block;}img#mv-trellis-img-14::before{padding-top:125%; }img#mv-trellis-img-14{display:block;}img#mv-trellis-img-15::before{padding-top:125%; }img#mv-trellis-img-15{display:block;}img#mv-trellis-img-16::before{padding-top:125%; }img#mv-trellis-img-16{display:block;}img#mv-trellis-img-17::before{padding-top:100%; }img#mv-trellis-img-17{display:block;}img#mv-trellis-img-18::before{padding-top:115.55555555556%; }img#mv-trellis-img-18{display:block;}img#mv-trellis-img-19::before{padding-top:111.38888888889%; }img#mv-trellis-img-19{display:block;}img#mv-trellis-img-20::before{padding-top:114.44444444444%; }img#mv-trellis-img-20{display:block;}img#mv-trellis-img-21::before{padding-top:124.90740740741%; }img#mv-trellis-img-21{display:block;}img#mv-trellis-img-22::before{padding-top:124.90740740741%; }img#mv-trellis-img-22{display:block;}img#mv-trellis-img-23::before{padding-top:125%; }img#mv-trellis-img-23{display:block;}img#mv-trellis-img-24::before{padding-top:125%; }img#mv-trellis-img-24{display:block;}img#mv-trellis-img-25::before{padding-top:125.1012145749%; }img#mv-trellis-img-25{display:block;}img#mv-trellis-img-26::before{padding-top:100%; }img#mv-trellis-img-26{display:block;}img#mv-trellis-img-27::before{padding-top:100%; }img#mv-trellis-img-27{display:block;}img#mv-trellis-img-28::before{padding-top:124.90740740741%; }img#mv-trellis-img-28{display:block;}img#mv-trellis-img-29::before{padding-top:125%; }img#mv-trellis-img-29{display:block;}img#mv-trellis-img-30::before{padding-top:125%; }img#mv-trellis-img-30{display:block;}img#mv-trellis-img-31::before{padding-top:118.88888888889%; }img#mv-trellis-img-31{display:block;}img#mv-trellis-img-32::before{padding-top:125%; }img#mv-trellis-img-32{display:block;}img#mv-trellis-img-33::before{padding-top:125%; }img#mv-trellis-img-33{display:block;}img#mv-trellis-img-34::before{padding-top:125%; }img#mv-trellis-img-34{display:block;}img#mv-trellis-img-35::before{padding-top:125%; }img#mv-trellis-img-35{display:block;}img#mv-trellis-img-36::before{padding-top:125%; }img#mv-trellis-img-36{display:block;}img#mv-trellis-img-37::before{padding-top:125%; }img#mv-trellis-img-37{display:block;}img#mv-trellis-img-38::before{padding-top:125%; }img#mv-trellis-img-38{display:block;}img#mv-trellis-img-39::before{padding-top:125%; }img#mv-trellis-img-39{display:block;}img#mv-trellis-img-40::before{padding-top:125%; }img#mv-trellis-img-40{display:block;}img#mv-trellis-img-41::before{padding-top:112.22664015905%; }img#mv-trellis-img-41{display:block;}img#mv-trellis-img-42::before{padding-top:107.40740740741%; }img#mv-trellis-img-42{display:block;}img#mv-trellis-img-43::before{padding-top:100%; }img#mv-trellis-img-43{display:block;}img#mv-trellis-img-44::before{padding-top:100%; }img#mv-trellis-img-44{display:block;}img#mv-trellis-img-45::before{padding-top:117.59259259259%; }img#mv-trellis-img-45{display:block;}img#mv-trellis-img-46::before{padding-top:125%; }img#mv-trellis-img-46{display:block;}img#mv-trellis-img-47::before{padding-top:125%; }img#mv-trellis-img-47{display:block;}img#mv-trellis-img-48::before{padding-top:125%; }img#mv-trellis-img-48{display:block;}img#mv-trellis-img-49::before{padding-top:125%; }img#mv-trellis-img-49{display:block;}img#mv-trellis-img-50::before{padding-top:100%; }img#mv-trellis-img-50{display:block;}<\/style>\n<p>Vous cherchez une fa\u00e7on amusante et s\u00e9duisante de donner un coup de jeune \u00e0 vos cheveux ? Il semblerait que vous en ayez trouv\u00e9 une ! Les cheveux mi-longs d\u00e9grad\u00e9s sont une coiffure rebondissante et magnifique qui cr\u00e9e du mouvement, du volume et de la d\u00e9finition dans vos m\u00e8ches. Si vous aimez ce que vous entendez, vous aimerez encore plus voir ces photos d'inspiration. <\/p>\n\n\n\n<h2 class=\"wp-block-heading\">1. Cheveux courts \u00e0 mi-longs<\/h2>\n\n\n<div class=\"wp-block-image\">\n<figure class=\"aligncenter size-full\"><div style=\"position: relative;\"><noscript><img loading=\"lazy\" decoding=\"async\" width=\"1080\" height=\"1080\" src=\"https:\/\/flawlesshair.com\/wp-content\/uploads\/2024\/01\/short-to-medium-layered-hair.jpg\" alt=\"cheveux courts \u00e0 mi-longs\" class=\"wp-image-38689\" srcset=\"https:\/\/flawlesshair.com\/wp-content\/uploads\/2024\/01\/short-to-medium-layered-hair.jpg 1080w, https:\/\/flawlesshair.com\/wp-content\/uploads\/2024\/01\/short-to-medium-layered-hair-300x300.jpg 300w, https:\/\/flawlesshair.com\/wp-content\/uploads\/2024\/01\/short-to-medium-layered-hair-150x150.jpg 150w, https:\/\/flawlesshair.com\/wp-content\/uploads\/2024\/01\/short-to-medium-layered-hair-768x768.jpg 768w, https:\/\/flawlesshair.com\/wp-content\/uploads\/2024\/01\/short-to-medium-layered-hair-12x12.jpg 12w, https:\/\/flawlesshair.com\/wp-content\/uploads\/2024\/01\/short-to-medium-layered-hair-728x728.jpg 728w, https:\/\/flawlesshair.com\/wp-content\/uploads\/2024\/01\/short-to-medium-layered-hair-960x960.jpg 960w, https:\/\/flawlesshair.com\/wp-content\/uploads\/2024\/01\/short-to-medium-layered-hair-96x96.jpg 96w\" sizes=\"auto, (max-width: 760px) calc(100vw - 24px), 720px\"><\/noscript><img loading=\"eager\" decoding=\"async\" width=\"1080\" height=\"1080\" src=\"data:image\/svg+xml,%3Csvg%20xmlns='http:\/\/www.w3.org\/2000\/svg'%20viewBox='0%200%201080%201080'%3E%3Crect%20width='1080'%20height='1080'%20style='fill:%23e3e3e3'\/%3E%3C\/svg%3E\" alt=\"cheveux courts \u00e0 mi-longs\" class=\"wp-image-38689 eager-load\" sizes=\"auto, (max-width: 760px) calc(100vw - 24px), 720px\" data-pin-media=\"https:\/\/flawlesshair.com\/wp-content\/uploads\/2024\/01\/short-to-medium-layered-hair.jpg\" id=\"mv-trellis-img-1\" data-src=\"https:\/\/flawlesshair.com\/wp-content\/uploads\/2024\/01\/short-to-medium-layered-hair.jpg\" data-srcset=\"https:\/\/flawlesshair.com\/wp-content\/uploads\/2024\/01\/short-to-medium-layered-hair.jpg 1080w, https:\/\/flawlesshair.com\/wp-content\/uploads\/2024\/01\/short-to-medium-layered-hair-300x300.jpg 300w, https:\/\/flawlesshair.com\/wp-content\/uploads\/2024\/01\/short-to-medium-layered-hair-150x150.jpg 150w, https:\/\/flawlesshair.com\/wp-content\/uploads\/2024\/01\/short-to-medium-layered-hair-768x768.jpg 768w, https:\/\/flawlesshair.com\/wp-content\/uploads\/2024\/01\/short-to-medium-layered-hair-12x12.jpg 12w, https:\/\/flawlesshair.com\/wp-content\/uploads\/2024\/01\/short-to-medium-layered-hair-728x728.jpg 728w, https:\/\/flawlesshair.com\/wp-content\/uploads\/2024\/01\/short-to-medium-layered-hair-960x960.jpg 960w, https:\/\/flawlesshair.com\/wp-content\/uploads\/2024\/01\/short-to-medium-layered-hair-96x96.jpg 96w\" data-svg=\"1\" data-trellis-processed=\"1\"><div style=\"position: absolute; top: 0.5rem; right: 0.75rem;\"> <a href=\"https:\/\/www.pinterest.com\/pin\/create\/button\/\" data-pin-do=\"buttonPin\" data-pin-tall=\"true\" data-pin-url=\"https:\/\/flawlesshair.com\/fr\/cheveux-degrades-moyens\/\" data-pin-media=\"https:\/\/flawlesshair.com\/wp-content\/uploads\/2024\/01\/short-to-medium-layered-hair.jpg\" data-pin-description=\"Medium Layered Hair Is The Cut You Can&rsquo;t Afford To Miss In 2025\" rel=\"nofollow noopener\" target=\"_blank\"> <\/a><\/div><\/div><figcaption class=\"wp-element-caption\">@<a href=\"https:\/\/www.instagram.com\/hirohair?e=90348f26-3a9d-4742-a36a-bc5d594fd723&amp;g=5\" target=\"_blank\" rel=\"noreferrer noopener nofollow\">hirohair<\/a><\/figcaption><\/figure>\n<\/div>\n\n\n<p>Couche <a href=\"https:\/\/flawlesshair.com\/fr\/coupes-de-cheveux-courtes-a-moyennes\/\">cheveux courts \u00e0 moyens<\/a> est une fa\u00e7on cr\u00e9ative de pimenter votre look. Mais ce n'est pas tout : cette coupe ne demande qu'un minimum d'effort, ce qui est un autre point positif.   <\/p>\n\n\n\n<h2 class=\"wp-block-heading\">2. Cheveux mi-longs hirsutes et coup\u00e9s<\/h2>\n\n\n<div class=\"wp-block-image\">\n<figure class=\"aligncenter size-full\"><div style=\"position: relative;\"><noscript><img loading=\"lazy\" decoding=\"async\" width=\"1080\" height=\"1350\" src=\"https:\/\/flawlesshair.com\/wp-content\/uploads\/2024\/01\/shaggy-choppy-layered-medium-hair.jpg\" alt=\"cheveux hirsutes, coup\u00e9s et d\u00e9grad\u00e9s\" class=\"wp-image-38690\" srcset=\"https:\/\/flawlesshair.com\/wp-content\/uploads\/2024\/01\/shaggy-choppy-layered-medium-hair.jpg 1080w, https:\/\/flawlesshair.com\/wp-content\/uploads\/2024\/01\/shaggy-choppy-layered-medium-hair-240x300.jpg 240w, https:\/\/flawlesshair.com\/wp-content\/uploads\/2024\/01\/shaggy-choppy-layered-medium-hair-768x960.jpg 768w, https:\/\/flawlesshair.com\/wp-content\/uploads\/2024\/01\/shaggy-choppy-layered-medium-hair-10x12.jpg 10w, https:\/\/flawlesshair.com\/wp-content\/uploads\/2024\/01\/shaggy-choppy-layered-medium-hair-864x1080.jpg 864w, https:\/\/flawlesshair.com\/wp-content\/uploads\/2024\/01\/shaggy-choppy-layered-medium-hair-960x1200.jpg 960w, https:\/\/flawlesshair.com\/wp-content\/uploads\/2024\/01\/shaggy-choppy-layered-medium-hair-150x188.jpg 150w\" sizes=\"auto, (max-width: 760px) calc(100vw - 24px), 720px\"><\/noscript><img loading=\"lazy\" decoding=\"async\" width=\"1080\" height=\"1350\" src=\"https:\/\/flawlesshair.com\/wp-content\/uploads\/2024\/01\/shaggy-choppy-layered-medium-hair.jpg\" alt=\"cheveux hirsutes, coup\u00e9s et d\u00e9grad\u00e9s\" class=\"wp-image-38690 lazyload\" srcset=\"https:\/\/flawlesshair.com\/wp-content\/uploads\/2024\/01\/shaggy-choppy-layered-medium-hair.jpg 1080w, https:\/\/flawlesshair.com\/wp-content\/uploads\/2024\/01\/shaggy-choppy-layered-medium-hair-240x300.jpg 240w, https:\/\/flawlesshair.com\/wp-content\/uploads\/2024\/01\/shaggy-choppy-layered-medium-hair-768x960.jpg 768w, https:\/\/flawlesshair.com\/wp-content\/uploads\/2024\/01\/shaggy-choppy-layered-medium-hair-10x12.jpg 10w, https:\/\/flawlesshair.com\/wp-content\/uploads\/2024\/01\/shaggy-choppy-layered-medium-hair-864x1080.jpg 864w, https:\/\/flawlesshair.com\/wp-content\/uploads\/2024\/01\/shaggy-choppy-layered-medium-hair-960x1200.jpg 960w, https:\/\/flawlesshair.com\/wp-content\/uploads\/2024\/01\/shaggy-choppy-layered-medium-hair-150x188.jpg 150w\" sizes=\"auto, (max-width: 760px) calc(100vw - 24px), 720px\" data-pin-media=\"https:\/\/flawlesshair.com\/wp-content\/uploads\/2024\/01\/shaggy-choppy-layered-medium-hair.jpg\" id=\"mv-trellis-img-2\" data-trellis-processed=\"1\"><div style=\"position: absolute; top: 0.5rem; right: 0.75rem;\"> <a href=\"https:\/\/www.pinterest.com\/pin\/create\/button\/\" data-pin-do=\"buttonPin\" data-pin-tall=\"true\" data-pin-url=\"https:\/\/flawlesshair.com\/fr\/cheveux-degrades-moyens\/\" data-pin-media=\"https:\/\/flawlesshair.com\/wp-content\/uploads\/2024\/01\/shaggy-choppy-layered-medium-hair.jpg\" data-pin-description=\"Medium Layered Hair Is The Cut You Can&rsquo;t Afford To Miss In 2025\" rel=\"nofollow noopener\" target=\"_blank\"> <\/a><\/div><\/div><figcaption class=\"wp-element-caption\">@<a href=\"https:\/\/www.instagram.com\/hirohair\/?e=80cda336-36e9-4cef-8eb1-10002ffa78e0&amp;g=5\" target=\"_blank\" rel=\"noreferrer noopener nofollow\">hirohair<\/a><\/figcaption><\/figure>\n<\/div>\n\n\n<p>En parlant d'effort minimum... Si vous cherchez une coiffure qui ne demande que peu d'entretien, demandez \u00e0 votre coiffeur de vous faire une coupe hirsute. <a href=\"https:\/\/flawlesshair.com\/fr\/coupes-de-cheveux-degradees-pour-cheveux-mi-longs\/\">coupe moyenne en couches hach\u00e9es<\/a>. Ou montrez-leur simplement cette superbe photo d'inspiration.<\/p>\n\n\n\n<h2 class=\"wp-block-heading\">3. Cheveux mi-longs avec frange<\/h2>\n\n\n<div class=\"wp-block-image\">\n<figure class=\"aligncenter size-full\"><div style=\"position: relative;\"><noscript><img loading=\"lazy\" decoding=\"async\" width=\"1080\" height=\"1350\" src=\"https:\/\/flawlesshair.com\/wp-content\/uploads\/2024\/01\/medium-layered-hair-with-bangs.jpg\" alt=\"cheveux mi-longs avec frange\" class=\"wp-image-38692\" srcset=\"https:\/\/flawlesshair.com\/wp-content\/uploads\/2024\/01\/medium-layered-hair-with-bangs.jpg 1080w, https:\/\/flawlesshair.com\/wp-content\/uploads\/2024\/01\/medium-layered-hair-with-bangs-240x300.jpg 240w, https:\/\/flawlesshair.com\/wp-content\/uploads\/2024\/01\/medium-layered-hair-with-bangs-768x960.jpg 768w, https:\/\/flawlesshair.com\/wp-content\/uploads\/2024\/01\/medium-layered-hair-with-bangs-10x12.jpg 10w, https:\/\/flawlesshair.com\/wp-content\/uploads\/2024\/01\/medium-layered-hair-with-bangs-864x1080.jpg 864w, https:\/\/flawlesshair.com\/wp-content\/uploads\/2024\/01\/medium-layered-hair-with-bangs-960x1200.jpg 960w, https:\/\/flawlesshair.com\/wp-content\/uploads\/2024\/01\/medium-layered-hair-with-bangs-150x188.jpg 150w\" sizes=\"auto, (max-width: 760px) calc(100vw - 24px), 720px\"><\/noscript><img loading=\"lazy\" decoding=\"async\" width=\"1080\" height=\"1350\" src=\"https:\/\/flawlesshair.com\/wp-content\/uploads\/2024\/01\/medium-layered-hair-with-bangs.jpg\" alt=\"cheveux mi-longs avec frange\" class=\"wp-image-38692 lazyload\" srcset=\"https:\/\/flawlesshair.com\/wp-content\/uploads\/2024\/01\/medium-layered-hair-with-bangs.jpg 1080w, https:\/\/flawlesshair.com\/wp-content\/uploads\/2024\/01\/medium-layered-hair-with-bangs-240x300.jpg 240w, https:\/\/flawlesshair.com\/wp-content\/uploads\/2024\/01\/medium-layered-hair-with-bangs-768x960.jpg 768w, https:\/\/flawlesshair.com\/wp-content\/uploads\/2024\/01\/medium-layered-hair-with-bangs-10x12.jpg 10w, https:\/\/flawlesshair.com\/wp-content\/uploads\/2024\/01\/medium-layered-hair-with-bangs-864x1080.jpg 864w, https:\/\/flawlesshair.com\/wp-content\/uploads\/2024\/01\/medium-layered-hair-with-bangs-960x1200.jpg 960w, https:\/\/flawlesshair.com\/wp-content\/uploads\/2024\/01\/medium-layered-hair-with-bangs-150x188.jpg 150w\" sizes=\"auto, (max-width: 760px) calc(100vw - 24px), 720px\" data-pin-media=\"https:\/\/flawlesshair.com\/wp-content\/uploads\/2024\/01\/medium-layered-hair-with-bangs.jpg\" id=\"mv-trellis-img-3\" data-trellis-processed=\"1\"><div style=\"position: absolute; top: 0.5rem; right: 0.75rem;\"> <a href=\"https:\/\/www.pinterest.com\/pin\/create\/button\/\" data-pin-do=\"buttonPin\" data-pin-tall=\"true\" data-pin-url=\"https:\/\/flawlesshair.com\/fr\/cheveux-degrades-moyens\/\" data-pin-media=\"https:\/\/flawlesshair.com\/wp-content\/uploads\/2024\/01\/medium-layered-hair-with-bangs.jpg\" data-pin-description=\"Medium Layered Hair Is The Cut You Can&rsquo;t Afford To Miss In 2025\" rel=\"nofollow noopener\" target=\"_blank\"> <\/a><\/div><\/div><figcaption class=\"wp-element-caption\">@<a href=\"https:\/\/www.instagram.com\/burak.altun01\/?e=3e1b41a2-80ae-4daa-97f7-534f993794bc&amp;g=5\" target=\"_blank\" rel=\"noreferrer noopener nofollow\">burak.altun01<\/a><\/figcaption><\/figure>\n<\/div>\n\n\n<p>La meilleure chose \u00e0 propos des cheveux mi-longs avec frange est le fait que cette coupe met en valeur les beaux traits de votre visage tout en cachant ceux qui sont moins flatteurs. Et il ne faut pas n\u00e9gliger la beaut\u00e9 de cette coiffure !<\/p>\n\n\n\n<h2 class=\"wp-block-heading\">4. Cheveux moyens d\u00e9grad\u00e9s des ann\u00e9es 90<\/h2>\n\n\n<div class=\"wp-block-image\">\n<figure class=\"aligncenter size-full\"><div style=\"position: relative;\"><noscript><img loading=\"lazy\" decoding=\"async\" width=\"1080\" height=\"1349\" src=\"https:\/\/flawlesshair.com\/wp-content\/uploads\/2024\/01\/90s-layered-medium-hair.jpg\" alt=\"Cheveux moyens d\u00e9grad\u00e9s des ann\u00e9es 90\" class=\"wp-image-38693\" srcset=\"https:\/\/flawlesshair.com\/wp-content\/uploads\/2024\/01\/90s-layered-medium-hair.jpg 1080w, https:\/\/flawlesshair.com\/wp-content\/uploads\/2024\/01\/90s-layered-medium-hair-240x300.jpg 240w, https:\/\/flawlesshair.com\/wp-content\/uploads\/2024\/01\/90s-layered-medium-hair-768x959.jpg 768w, https:\/\/flawlesshair.com\/wp-content\/uploads\/2024\/01\/90s-layered-medium-hair-10x12.jpg 10w, https:\/\/flawlesshair.com\/wp-content\/uploads\/2024\/01\/90s-layered-medium-hair-769x960.jpg 769w, https:\/\/flawlesshair.com\/wp-content\/uploads\/2024\/01\/90s-layered-medium-hair-865x1080.jpg 865w, https:\/\/flawlesshair.com\/wp-content\/uploads\/2024\/01\/90s-layered-medium-hair-961x1200.jpg 961w, https:\/\/flawlesshair.com\/wp-content\/uploads\/2024\/01\/90s-layered-medium-hair-150x187.jpg 150w\" sizes=\"auto, (max-width: 760px) calc(100vw - 24px), 720px\"><\/noscript><img loading=\"lazy\" decoding=\"async\" width=\"1080\" height=\"1349\" src=\"https:\/\/flawlesshair.com\/wp-content\/uploads\/2024\/01\/90s-layered-medium-hair.jpg\" alt=\"Cheveux moyens d\u00e9grad\u00e9s des ann\u00e9es 90\" class=\"wp-image-38693 lazyload\" srcset=\"https:\/\/flawlesshair.com\/wp-content\/uploads\/2024\/01\/90s-layered-medium-hair.jpg 1080w, https:\/\/flawlesshair.com\/wp-content\/uploads\/2024\/01\/90s-layered-medium-hair-240x300.jpg 240w, https:\/\/flawlesshair.com\/wp-content\/uploads\/2024\/01\/90s-layered-medium-hair-768x959.jpg 768w, https:\/\/flawlesshair.com\/wp-content\/uploads\/2024\/01\/90s-layered-medium-hair-10x12.jpg 10w, https:\/\/flawlesshair.com\/wp-content\/uploads\/2024\/01\/90s-layered-medium-hair-769x960.jpg 769w, https:\/\/flawlesshair.com\/wp-content\/uploads\/2024\/01\/90s-layered-medium-hair-865x1080.jpg 865w, https:\/\/flawlesshair.com\/wp-content\/uploads\/2024\/01\/90s-layered-medium-hair-961x1200.jpg 961w, https:\/\/flawlesshair.com\/wp-content\/uploads\/2024\/01\/90s-layered-medium-hair-150x187.jpg 150w\" sizes=\"auto, (max-width: 760px) calc(100vw - 24px), 720px\" data-pin-media=\"https:\/\/flawlesshair.com\/wp-content\/uploads\/2024\/01\/90s-layered-medium-hair.jpg\" id=\"mv-trellis-img-4\" data-trellis-processed=\"1\"><div style=\"position: absolute; top: 0.5rem; right: 0.75rem;\"> <a href=\"https:\/\/www.pinterest.com\/pin\/create\/button\/\" data-pin-do=\"buttonPin\" data-pin-tall=\"true\" data-pin-url=\"https:\/\/flawlesshair.com\/fr\/cheveux-degrades-moyens\/\" data-pin-media=\"https:\/\/flawlesshair.com\/wp-content\/uploads\/2024\/01\/90s-layered-medium-hair.jpg\" data-pin-description=\"Medium Layered Hair Is The Cut You Can&rsquo;t Afford To Miss In 2025\" rel=\"nofollow noopener\" target=\"_blank\"> <\/a><\/div><\/div><figcaption class=\"wp-element-caption\">@<a href=\"https:\/\/www.instagram.com\/the90ssupermodels?e=53725ff9-45e6-418b-9bc5-83664527ddb2&amp;g=5\" target=\"_blank\" rel=\"noreferrer noopener nofollow\">les90ssupermod\u00e8les<\/a><\/figcaption><\/figure>\n<\/div>\n\n\n<p>Impossible de parler de d\u00e9grad\u00e9s sans \u00e9voquer les ann\u00e9es 90. \u00c0 l'\u00e9poque, il s'agissait d'une coiffure embl\u00e9matique que toutes les filles branch\u00e9es arboraient. Et aujourd'hui, les <a href=\"https:\/\/flawlesshair.com\/fr\/cheveux-degrades-des-annees-90\/\">Coiffure d\u00e9grad\u00e9e des ann\u00e9es 90<\/a> est de retour et plus populaire que jamais. <\/p>\n\n\n\n<h2 class=\"wp-block-heading\">5. Cheveux moyens tr\u00e8s d\u00e9grad\u00e9s<\/h2>\n\n\n<div class=\"wp-block-image\">\n<figure class=\"aligncenter size-full\"><div style=\"position: relative;\"><noscript><img loading=\"lazy\" decoding=\"async\" width=\"1080\" height=\"1257\" src=\"https:\/\/flawlesshair.com\/wp-content\/uploads\/2024\/01\/very-layered-medium-hair.jpg\" alt=\"cheveux moyens tr\u00e8s d\u00e9grad\u00e9s\" class=\"wp-image-38694\" srcset=\"https:\/\/flawlesshair.com\/wp-content\/uploads\/2024\/01\/very-layered-medium-hair.jpg 1080w, https:\/\/flawlesshair.com\/wp-content\/uploads\/2024\/01\/very-layered-medium-hair-258x300.jpg 258w, https:\/\/flawlesshair.com\/wp-content\/uploads\/2024\/01\/very-layered-medium-hair-768x894.jpg 768w, https:\/\/flawlesshair.com\/wp-content\/uploads\/2024\/01\/very-layered-medium-hair-10x12.jpg 10w, https:\/\/flawlesshair.com\/wp-content\/uploads\/2024\/01\/very-layered-medium-hair-825x960.jpg 825w, https:\/\/flawlesshair.com\/wp-content\/uploads\/2024\/01\/very-layered-medium-hair-928x1080.jpg 928w, https:\/\/flawlesshair.com\/wp-content\/uploads\/2024\/01\/very-layered-medium-hair-1031x1200.jpg 1031w, https:\/\/flawlesshair.com\/wp-content\/uploads\/2024\/01\/very-layered-medium-hair-150x175.jpg 150w\" sizes=\"auto, (max-width: 760px) calc(100vw - 24px), 720px\"><\/noscript><img loading=\"lazy\" decoding=\"async\" width=\"1080\" height=\"1257\" src=\"https:\/\/flawlesshair.com\/wp-content\/uploads\/2024\/01\/very-layered-medium-hair.jpg\" alt=\"cheveux moyens tr\u00e8s d\u00e9grad\u00e9s\" class=\"wp-image-38694 lazyload\" srcset=\"https:\/\/flawlesshair.com\/wp-content\/uploads\/2024\/01\/very-layered-medium-hair.jpg 1080w, https:\/\/flawlesshair.com\/wp-content\/uploads\/2024\/01\/very-layered-medium-hair-258x300.jpg 258w, https:\/\/flawlesshair.com\/wp-content\/uploads\/2024\/01\/very-layered-medium-hair-768x894.jpg 768w, https:\/\/flawlesshair.com\/wp-content\/uploads\/2024\/01\/very-layered-medium-hair-10x12.jpg 10w, https:\/\/flawlesshair.com\/wp-content\/uploads\/2024\/01\/very-layered-medium-hair-825x960.jpg 825w, https:\/\/flawlesshair.com\/wp-content\/uploads\/2024\/01\/very-layered-medium-hair-928x1080.jpg 928w, https:\/\/flawlesshair.com\/wp-content\/uploads\/2024\/01\/very-layered-medium-hair-1031x1200.jpg 1031w, https:\/\/flawlesshair.com\/wp-content\/uploads\/2024\/01\/very-layered-medium-hair-150x175.jpg 150w\" sizes=\"auto, (max-width: 760px) calc(100vw - 24px), 720px\" data-pin-media=\"https:\/\/flawlesshair.com\/wp-content\/uploads\/2024\/01\/very-layered-medium-hair.jpg\" id=\"mv-trellis-img-5\" data-trellis-processed=\"1\"><div style=\"position: absolute; top: 0.5rem; right: 0.75rem;\"> <a href=\"https:\/\/www.pinterest.com\/pin\/create\/button\/\" data-pin-do=\"buttonPin\" data-pin-tall=\"true\" data-pin-url=\"https:\/\/flawlesshair.com\/fr\/cheveux-degrades-moyens\/\" data-pin-media=\"https:\/\/flawlesshair.com\/wp-content\/uploads\/2024\/01\/very-layered-medium-hair.jpg\" data-pin-description=\"Medium Layered Hair Is The Cut You Can&rsquo;t Afford To Miss In 2025\" rel=\"nofollow noopener\" target=\"_blank\"> <\/a><\/div><\/div><figcaption class=\"wp-element-caption\">@<a href=\"https:\/\/www.instagram.com\/wendyscalora\/?e=ccd20f12-0852-4c88-8228-2be9bc8be42e&amp;g=5\" target=\"_blank\" rel=\"noreferrer noopener nofollow\">wendyscalora<\/a><\/figcaption><\/figure>\n<\/div>\n\n\n<p>Pour celles qui souhaitent une coupe de cheveux textur\u00e9e et volumineuse, les couches \u00e9paisses sont le meilleur choix possible. <a href=\"https:\/\/flawlesshair.com\/fr\/cheveux-tres-degrades-moyenne-plus-de-50-ans\/\">Cheveux moyens tr\u00e8s d\u00e9grad\u00e9s<\/a> Les cheveux sont plus \u00e9pais que jamais. <\/p>\n\n\n\n<h2 class=\"wp-block-heading\">6. Cheveux raides mi-longs d\u00e9grad\u00e9s<\/h2>\n\n\n<div class=\"wp-block-image\">\n<figure class=\"aligncenter size-full\"><div style=\"position: relative;\"><noscript><img loading=\"lazy\" decoding=\"async\" width=\"1080\" height=\"1080\" src=\"https:\/\/flawlesshair.com\/wp-content\/uploads\/2024\/01\/layered-medium-length-straight-hair.jpg\" alt=\"cheveux raides mi-longs d\u00e9grad\u00e9s\" class=\"wp-image-38695\" srcset=\"https:\/\/flawlesshair.com\/wp-content\/uploads\/2024\/01\/layered-medium-length-straight-hair.jpg 1080w, https:\/\/flawlesshair.com\/wp-content\/uploads\/2024\/01\/layered-medium-length-straight-hair-300x300.jpg 300w, https:\/\/flawlesshair.com\/wp-content\/uploads\/2024\/01\/layered-medium-length-straight-hair-150x150.jpg 150w, https:\/\/flawlesshair.com\/wp-content\/uploads\/2024\/01\/layered-medium-length-straight-hair-768x768.jpg 768w, https:\/\/flawlesshair.com\/wp-content\/uploads\/2024\/01\/layered-medium-length-straight-hair-12x12.jpg 12w, https:\/\/flawlesshair.com\/wp-content\/uploads\/2024\/01\/layered-medium-length-straight-hair-728x728.jpg 728w, https:\/\/flawlesshair.com\/wp-content\/uploads\/2024\/01\/layered-medium-length-straight-hair-960x960.jpg 960w, https:\/\/flawlesshair.com\/wp-content\/uploads\/2024\/01\/layered-medium-length-straight-hair-96x96.jpg 96w\" sizes=\"auto, (max-width: 760px) calc(100vw - 24px), 720px\"><\/noscript><img loading=\"lazy\" decoding=\"async\" width=\"1080\" height=\"1080\" src=\"https:\/\/flawlesshair.com\/wp-content\/uploads\/2024\/01\/layered-medium-length-straight-hair.jpg\" alt=\"cheveux raides mi-longs d\u00e9grad\u00e9s\" class=\"wp-image-38695 lazyload\" srcset=\"https:\/\/flawlesshair.com\/wp-content\/uploads\/2024\/01\/layered-medium-length-straight-hair.jpg 1080w, https:\/\/flawlesshair.com\/wp-content\/uploads\/2024\/01\/layered-medium-length-straight-hair-300x300.jpg 300w, https:\/\/flawlesshair.com\/wp-content\/uploads\/2024\/01\/layered-medium-length-straight-hair-150x150.jpg 150w, https:\/\/flawlesshair.com\/wp-content\/uploads\/2024\/01\/layered-medium-length-straight-hair-768x768.jpg 768w, https:\/\/flawlesshair.com\/wp-content\/uploads\/2024\/01\/layered-medium-length-straight-hair-12x12.jpg 12w, https:\/\/flawlesshair.com\/wp-content\/uploads\/2024\/01\/layered-medium-length-straight-hair-728x728.jpg 728w, https:\/\/flawlesshair.com\/wp-content\/uploads\/2024\/01\/layered-medium-length-straight-hair-960x960.jpg 960w, https:\/\/flawlesshair.com\/wp-content\/uploads\/2024\/01\/layered-medium-length-straight-hair-96x96.jpg 96w\" sizes=\"auto, (max-width: 760px) calc(100vw - 24px), 720px\" data-pin-media=\"https:\/\/flawlesshair.com\/wp-content\/uploads\/2024\/01\/layered-medium-length-straight-hair.jpg\" id=\"mv-trellis-img-6\" data-trellis-processed=\"1\"><div style=\"position: absolute; top: 0.5rem; right: 0.75rem;\"> <a href=\"https:\/\/www.pinterest.com\/pin\/create\/button\/\" data-pin-do=\"buttonPin\" data-pin-tall=\"true\" data-pin-url=\"https:\/\/flawlesshair.com\/fr\/cheveux-degrades-moyens\/\" data-pin-media=\"https:\/\/flawlesshair.com\/wp-content\/uploads\/2024\/01\/layered-medium-length-straight-hair.jpg\" data-pin-description=\"Medium Layered Hair Is The Cut You Can&rsquo;t Afford To Miss In 2025\" rel=\"nofollow noopener\" target=\"_blank\"> <\/a><\/div><\/div><figcaption class=\"wp-element-caption\">@<a href=\"https:\/\/www.instagram.com\/haircube_official\/?e=11b4a625-94e6-4e7f-97e0-4360f12b6ec4&amp;g=5\" target=\"_blank\" rel=\"noreferrer noopener nofollow\">haircube_officiel<\/a><\/figcaption><\/figure>\n<\/div>\n\n\n<p>\u00c0 quoi ressemblent les cheveux mi-longs d\u00e9grad\u00e9s sur des m\u00e8ches droites ? Les d\u00e9grad\u00e9s enl\u00e8veront un peu de lourdeur et de poids \u00e0 vos \u00e9paules tout en vous donnant le mouvement dont vous avez tant besoin. Alors, en cas de doute, choisissez <a href=\"https:\/\/flawlesshair.com\/fr\/cheveux-raides-degrades\/\">cheveux raides d\u00e9grad\u00e9s<\/a>!<\/p>\n\n\n\n<h2 class=\"wp-block-heading\">7. Coupe moyenne d\u00e9grad\u00e9e pour cheveux ondul\u00e9s<\/h2>\n\n\n<div class=\"wp-block-image\">\n<figure class=\"aligncenter size-full\"><div style=\"position: relative;\"><noscript><img loading=\"lazy\" decoding=\"async\" width=\"1080\" height=\"1080\" src=\"https:\/\/flawlesshair.com\/wp-content\/uploads\/2024\/01\/medium-layered-haircut-for-wavy-hair.jpg\" alt=\"coupe de cheveux moyennement d\u00e9grad\u00e9e pour cheveux ondul\u00e9s\" class=\"wp-image-38696\" srcset=\"https:\/\/flawlesshair.com\/wp-content\/uploads\/2024\/01\/medium-layered-haircut-for-wavy-hair.jpg 1080w, https:\/\/flawlesshair.com\/wp-content\/uploads\/2024\/01\/medium-layered-haircut-for-wavy-hair-300x300.jpg 300w, https:\/\/flawlesshair.com\/wp-content\/uploads\/2024\/01\/medium-layered-haircut-for-wavy-hair-150x150.jpg 150w, https:\/\/flawlesshair.com\/wp-content\/uploads\/2024\/01\/medium-layered-haircut-for-wavy-hair-768x768.jpg 768w, https:\/\/flawlesshair.com\/wp-content\/uploads\/2024\/01\/medium-layered-haircut-for-wavy-hair-12x12.jpg 12w, https:\/\/flawlesshair.com\/wp-content\/uploads\/2024\/01\/medium-layered-haircut-for-wavy-hair-728x728.jpg 728w, https:\/\/flawlesshair.com\/wp-content\/uploads\/2024\/01\/medium-layered-haircut-for-wavy-hair-960x960.jpg 960w, https:\/\/flawlesshair.com\/wp-content\/uploads\/2024\/01\/medium-layered-haircut-for-wavy-hair-96x96.jpg 96w\" sizes=\"auto, (max-width: 760px) calc(100vw - 24px), 720px\"><\/noscript><img loading=\"lazy\" decoding=\"async\" width=\"1080\" height=\"1080\" src=\"https:\/\/flawlesshair.com\/wp-content\/uploads\/2024\/01\/medium-layered-haircut-for-wavy-hair.jpg\" alt=\"coupe de cheveux moyennement d\u00e9grad\u00e9e pour cheveux ondul\u00e9s\" class=\"wp-image-38696 lazyload\" srcset=\"https:\/\/flawlesshair.com\/wp-content\/uploads\/2024\/01\/medium-layered-haircut-for-wavy-hair.jpg 1080w, https:\/\/flawlesshair.com\/wp-content\/uploads\/2024\/01\/medium-layered-haircut-for-wavy-hair-300x300.jpg 300w, https:\/\/flawlesshair.com\/wp-content\/uploads\/2024\/01\/medium-layered-haircut-for-wavy-hair-150x150.jpg 150w, https:\/\/flawlesshair.com\/wp-content\/uploads\/2024\/01\/medium-layered-haircut-for-wavy-hair-768x768.jpg 768w, https:\/\/flawlesshair.com\/wp-content\/uploads\/2024\/01\/medium-layered-haircut-for-wavy-hair-12x12.jpg 12w, https:\/\/flawlesshair.com\/wp-content\/uploads\/2024\/01\/medium-layered-haircut-for-wavy-hair-728x728.jpg 728w, https:\/\/flawlesshair.com\/wp-content\/uploads\/2024\/01\/medium-layered-haircut-for-wavy-hair-960x960.jpg 960w, https:\/\/flawlesshair.com\/wp-content\/uploads\/2024\/01\/medium-layered-haircut-for-wavy-hair-96x96.jpg 96w\" sizes=\"auto, (max-width: 760px) calc(100vw - 24px), 720px\" data-pin-media=\"https:\/\/flawlesshair.com\/wp-content\/uploads\/2024\/01\/medium-layered-haircut-for-wavy-hair.jpg\" id=\"mv-trellis-img-7\" data-trellis-processed=\"1\"><div style=\"position: absolute; top: 0.5rem; right: 0.75rem;\"> <a href=\"https:\/\/www.pinterest.com\/pin\/create\/button\/\" data-pin-do=\"buttonPin\" data-pin-tall=\"true\" data-pin-url=\"https:\/\/flawlesshair.com\/fr\/cheveux-degrades-moyens\/\" data-pin-media=\"https:\/\/flawlesshair.com\/wp-content\/uploads\/2024\/01\/medium-layered-haircut-for-wavy-hair.jpg\" data-pin-description=\"Medium Layered Hair Is The Cut You Can&rsquo;t Afford To Miss In 2025\" rel=\"nofollow noopener\" target=\"_blank\"> <\/a><\/div><\/div><figcaption class=\"wp-element-caption\">@<a href=\"https:\/\/www.instagram.com\/styledxsierra?e=2a10222a-fe18-42f3-b7f4-87078d0e0cc1&amp;g=5\" target=\"_blank\" rel=\"noreferrer noopener nofollow\">styledxsierra<\/a><\/figcaption><\/figure>\n<\/div>\n\n\n<p>Quelle est la particularit\u00e9 de la longueur moyenne ? <a href=\"https:\/\/flawlesshair.com\/fr\/cheveux-degrades\/\">cheveux d\u00e9grad\u00e9s<\/a>? Avant tout, c'est le fait qu'elle est tout aussi belle, quel que soit le type de cheveux avec lequel elle est associ\u00e9e. Si vous ne me croyez pas, cette coupe de cheveux d\u00e9grad\u00e9e moyenne pour cheveux ondul\u00e9s est l\u00e0 pour le prouver.<\/p>\n\n\n\n<h2 class=\"wp-block-heading\">8. Cheveux fins moyennement d\u00e9grad\u00e9s<\/h2>\n\n\n<div class=\"wp-block-image\">\n<figure class=\"aligncenter size-full\"><div style=\"position: relative;\"><noscript><img loading=\"lazy\" decoding=\"async\" width=\"719\" height=\"719\" src=\"https:\/\/flawlesshair.com\/wp-content\/uploads\/2024\/01\/medium-layered-fine-hair.jpg\" alt=\"cheveux fins moyennement d\u00e9grad\u00e9s\" class=\"wp-image-38697\" srcset=\"https:\/\/flawlesshair.com\/wp-content\/uploads\/2024\/01\/medium-layered-fine-hair.jpg 719w, https:\/\/flawlesshair.com\/wp-content\/uploads\/2024\/01\/medium-layered-fine-hair-300x300.jpg 300w, https:\/\/flawlesshair.com\/wp-content\/uploads\/2024\/01\/medium-layered-fine-hair-150x150.jpg 150w, https:\/\/flawlesshair.com\/wp-content\/uploads\/2024\/01\/medium-layered-fine-hair-12x12.jpg 12w, https:\/\/flawlesshair.com\/wp-content\/uploads\/2024\/01\/medium-layered-fine-hair-96x96.jpg 96w\" sizes=\"auto, (max-width: 719px) 100vw, 719px\"><\/noscript><img loading=\"lazy\" decoding=\"async\" width=\"719\" height=\"719\" src=\"https:\/\/flawlesshair.com\/wp-content\/uploads\/2024\/01\/medium-layered-fine-hair.jpg\" alt=\"cheveux fins moyennement d\u00e9grad\u00e9s\" class=\"wp-image-38697 lazyload\" srcset=\"https:\/\/flawlesshair.com\/wp-content\/uploads\/2024\/01\/medium-layered-fine-hair.jpg 719w, https:\/\/flawlesshair.com\/wp-content\/uploads\/2024\/01\/medium-layered-fine-hair-300x300.jpg 300w, https:\/\/flawlesshair.com\/wp-content\/uploads\/2024\/01\/medium-layered-fine-hair-150x150.jpg 150w, https:\/\/flawlesshair.com\/wp-content\/uploads\/2024\/01\/medium-layered-fine-hair-12x12.jpg 12w, https:\/\/flawlesshair.com\/wp-content\/uploads\/2024\/01\/medium-layered-fine-hair-96x96.jpg 96w\" sizes=\"auto, (max-width: 719px) 100vw, 719px\" data-pin-media=\"https:\/\/flawlesshair.com\/wp-content\/uploads\/2024\/01\/medium-layered-fine-hair.jpg\" id=\"mv-trellis-img-8\" data-trellis-processed=\"1\"><div style=\"position: absolute; top: 0.5rem; right: 0.75rem;\"> <a href=\"https:\/\/www.pinterest.com\/pin\/create\/button\/\" data-pin-do=\"buttonPin\" data-pin-tall=\"true\" data-pin-url=\"https:\/\/flawlesshair.com\/fr\/cheveux-degrades-moyens\/\" data-pin-media=\"https:\/\/flawlesshair.com\/wp-content\/uploads\/2024\/01\/medium-layered-fine-hair.jpg\" data-pin-description=\"Medium Layered Hair Is The Cut You Can&rsquo;t Afford To Miss In 2025\" rel=\"nofollow noopener\" target=\"_blank\"> <\/a><\/div><\/div><figcaption class=\"wp-element-caption\"><a href=\"https:\/\/www.instagram.com\/glamouruk?e=de3073be-9afd-43ee-b5be-993ec661d34f&amp;g=5\" target=\"_blank\" rel=\"noreferrer noopener nofollow\"><strong>@<\/strong>glamouruk<\/a><\/figcaption><\/figure>\n<\/div>\n\n\n<p>Il en va de m\u00eame pour les textures de cheveux. Si vous avez des m\u00e8ches fines, des cheveux trop longs les feront para\u00eetre encore plus minces. En revanche, une coupe d\u00e9grad\u00e9e mi-longue feindra l'\u00e9paisseur et le volume. <\/p>\n\n\n\n<h2 class=\"wp-block-heading\">9. Coupe maman superpos\u00e9e<\/h2>\n\n\n<div class=\"wp-block-image\">\n<figure class=\"aligncenter size-full\"><div style=\"position: relative;\"><noscript><img loading=\"lazy\" decoding=\"async\" width=\"1080\" height=\"1350\" src=\"https:\/\/flawlesshair.com\/wp-content\/uploads\/2024\/01\/layered-mom-cut.jpg\" alt=\"coupe maman superpos\u00e9e\" class=\"wp-image-38958\" srcset=\"https:\/\/flawlesshair.com\/wp-content\/uploads\/2024\/01\/layered-mom-cut.jpg 1080w, https:\/\/flawlesshair.com\/wp-content\/uploads\/2024\/01\/layered-mom-cut-240x300.jpg 240w, https:\/\/flawlesshair.com\/wp-content\/uploads\/2024\/01\/layered-mom-cut-768x960.jpg 768w, https:\/\/flawlesshair.com\/wp-content\/uploads\/2024\/01\/layered-mom-cut-10x12.jpg 10w, https:\/\/flawlesshair.com\/wp-content\/uploads\/2024\/01\/layered-mom-cut-864x1080.jpg 864w, https:\/\/flawlesshair.com\/wp-content\/uploads\/2024\/01\/layered-mom-cut-960x1200.jpg 960w, https:\/\/flawlesshair.com\/wp-content\/uploads\/2024\/01\/layered-mom-cut-150x188.jpg 150w\" sizes=\"auto, (max-width: 760px) calc(100vw - 24px), 720px\"><\/noscript><img loading=\"lazy\" decoding=\"async\" width=\"1080\" height=\"1350\" src=\"https:\/\/flawlesshair.com\/wp-content\/uploads\/2024\/01\/layered-mom-cut.jpg\" alt=\"coupe maman superpos\u00e9e\" class=\"wp-image-38958 lazyload\" srcset=\"https:\/\/flawlesshair.com\/wp-content\/uploads\/2024\/01\/layered-mom-cut.jpg 1080w, https:\/\/flawlesshair.com\/wp-content\/uploads\/2024\/01\/layered-mom-cut-240x300.jpg 240w, https:\/\/flawlesshair.com\/wp-content\/uploads\/2024\/01\/layered-mom-cut-768x960.jpg 768w, https:\/\/flawlesshair.com\/wp-content\/uploads\/2024\/01\/layered-mom-cut-10x12.jpg 10w, https:\/\/flawlesshair.com\/wp-content\/uploads\/2024\/01\/layered-mom-cut-864x1080.jpg 864w, https:\/\/flawlesshair.com\/wp-content\/uploads\/2024\/01\/layered-mom-cut-960x1200.jpg 960w, https:\/\/flawlesshair.com\/wp-content\/uploads\/2024\/01\/layered-mom-cut-150x188.jpg 150w\" sizes=\"auto, (max-width: 760px) calc(100vw - 24px), 720px\" data-pin-media=\"https:\/\/flawlesshair.com\/wp-content\/uploads\/2024\/01\/layered-mom-cut.jpg\" id=\"mv-trellis-img-9\" data-trellis-processed=\"1\"><div style=\"position: absolute; top: 0.5rem; right: 0.75rem;\"> <a href=\"https:\/\/www.pinterest.com\/pin\/create\/button\/\" data-pin-do=\"buttonPin\" data-pin-tall=\"true\" data-pin-url=\"https:\/\/flawlesshair.com\/fr\/cheveux-degrades-moyens\/\" data-pin-media=\"https:\/\/flawlesshair.com\/wp-content\/uploads\/2024\/01\/layered-mom-cut.jpg\" data-pin-description=\"Medium Layered Hair Is The Cut You Can&rsquo;t Afford To Miss In 2025\" rel=\"nofollow noopener\" target=\"_blank\"> <\/a><\/div><\/div><figcaption class=\"wp-element-caption\">@<a href=\"https:\/\/www.instagram.com\/oliviaccantrell\/?e=6fd8d844-4e2c-4c5e-a0b9-af534aebe02d&amp;g=5\" target=\"_blank\" rel=\"noreferrer noopener nofollow\">oliviaccantrell<\/a><\/figcaption><\/figure>\n<\/div>\n\n\n<p>A <a href=\"https:\/\/flawlesshair.com\/fr\/coupe-de-la-mere\/\">coupe de la m\u00e8re<\/a> est un look qui demande peu d'entretien mais qui est tr\u00e8s classe et qui vous fera gagner beaucoup de temps et d'efforts tout en vous donnant une allure \u00e9l\u00e9gante. Vous ne pouvez qu'imaginer ce que l'ajout de plusieurs couches \u00e0 cette c\u00f4telette pourrait apporter \u00e0 votre look.<\/p>\n\n\n\n<h2 class=\"wp-block-heading\">10. Cheveux gris moyennement d\u00e9grad\u00e9s<\/h2>\n\n\n<div class=\"wp-block-image\">\n<figure class=\"aligncenter size-full\"><div style=\"position: relative;\"><noscript><img loading=\"lazy\" decoding=\"async\" width=\"1080\" height=\"1074\" src=\"https:\/\/flawlesshair.com\/wp-content\/uploads\/2024\/01\/medium-layered-gray-haircut-1.jpg\" alt=\"coupe de cheveux gris moyennement d\u00e9grad\u00e9s\" class=\"wp-image-38950\" srcset=\"https:\/\/flawlesshair.com\/wp-content\/uploads\/2024\/01\/medium-layered-gray-haircut-1.jpg 1080w, https:\/\/flawlesshair.com\/wp-content\/uploads\/2024\/01\/medium-layered-gray-haircut-1-300x298.jpg 300w, https:\/\/flawlesshair.com\/wp-content\/uploads\/2024\/01\/medium-layered-gray-haircut-1-150x149.jpg 150w, https:\/\/flawlesshair.com\/wp-content\/uploads\/2024\/01\/medium-layered-gray-haircut-1-768x764.jpg 768w, https:\/\/flawlesshair.com\/wp-content\/uploads\/2024\/01\/medium-layered-gray-haircut-1-12x12.jpg 12w, https:\/\/flawlesshair.com\/wp-content\/uploads\/2024\/01\/medium-layered-gray-haircut-1-960x955.jpg 960w, https:\/\/flawlesshair.com\/wp-content\/uploads\/2024\/01\/medium-layered-gray-haircut-1-96x96.jpg 96w\" sizes=\"auto, (max-width: 760px) calc(100vw - 24px), 720px\"><\/noscript><img loading=\"lazy\" decoding=\"async\" width=\"1080\" height=\"1074\" src=\"https:\/\/flawlesshair.com\/wp-content\/uploads\/2024\/01\/medium-layered-gray-haircut-1.jpg\" alt=\"coupe de cheveux gris moyennement d\u00e9grad\u00e9s\" class=\"wp-image-38950 lazyload\" srcset=\"https:\/\/flawlesshair.com\/wp-content\/uploads\/2024\/01\/medium-layered-gray-haircut-1.jpg 1080w, https:\/\/flawlesshair.com\/wp-content\/uploads\/2024\/01\/medium-layered-gray-haircut-1-300x298.jpg 300w, https:\/\/flawlesshair.com\/wp-content\/uploads\/2024\/01\/medium-layered-gray-haircut-1-150x149.jpg 150w, https:\/\/flawlesshair.com\/wp-content\/uploads\/2024\/01\/medium-layered-gray-haircut-1-768x764.jpg 768w, https:\/\/flawlesshair.com\/wp-content\/uploads\/2024\/01\/medium-layered-gray-haircut-1-12x12.jpg 12w, https:\/\/flawlesshair.com\/wp-content\/uploads\/2024\/01\/medium-layered-gray-haircut-1-960x955.jpg 960w, https:\/\/flawlesshair.com\/wp-content\/uploads\/2024\/01\/medium-layered-gray-haircut-1-96x96.jpg 96w\" sizes=\"auto, (max-width: 760px) calc(100vw - 24px), 720px\" data-pin-media=\"https:\/\/flawlesshair.com\/wp-content\/uploads\/2024\/01\/medium-layered-gray-haircut-1.jpg\" id=\"mv-trellis-img-10\" data-trellis-processed=\"1\"><div style=\"position: absolute; top: 0.5rem; right: 0.75rem;\"> <a href=\"https:\/\/www.pinterest.com\/pin\/create\/button\/\" data-pin-do=\"buttonPin\" data-pin-tall=\"true\" data-pin-url=\"https:\/\/flawlesshair.com\/fr\/cheveux-degrades-moyens\/\" data-pin-media=\"https:\/\/flawlesshair.com\/wp-content\/uploads\/2024\/01\/medium-layered-gray-haircut-1.jpg\" data-pin-description=\"Medium Layered Hair Is The Cut You Can&rsquo;t Afford To Miss In 2025\" rel=\"nofollow noopener\" target=\"_blank\"> <\/a><\/div><\/div><figcaption class=\"wp-element-caption\">@<a href=\"https:\/\/www.instagram.com\/saloncentric?e=b61e07e1-e6db-4aa0-b782-8ec406355a4c&amp;g=5\" target=\"_blank\" rel=\"noreferrer noopener nofollow\">saloncentric<\/a><\/figcaption><\/figure>\n<\/div>\n\n\n<p>Il est temps de laisser vos cheveux gris naturels briller comme des diamants au lieu d'essayer de les cacher. Vieillir avec gr\u00e2ce est une b\u00e9n\u00e9diction et les cheveux gris moyennement d\u00e9grad\u00e9s sont l\u00e0 pour vous aider dans ce processus. <\/p>\n\n\n\n<h2 class=\"wp-block-heading\">11. Frange d\u00e9grad\u00e9e sur cheveux moyens<\/h2>\n\n\n<div class=\"wp-block-image\">\n<figure class=\"aligncenter size-full\"><div style=\"position: relative;\"><noscript><img loading=\"lazy\" decoding=\"async\" width=\"612\" height=\"763\" src=\"https:\/\/flawlesshair.com\/wp-content\/uploads\/2024\/01\/layered-bangs-on-medium-haircut-1.jpg\" alt=\"frange d\u00e9grad\u00e9e sur une coupe de cheveux moyenne\" class=\"wp-image-38951\" srcset=\"https:\/\/flawlesshair.com\/wp-content\/uploads\/2024\/01\/layered-bangs-on-medium-haircut-1.jpg 612w, https:\/\/flawlesshair.com\/wp-content\/uploads\/2024\/01\/layered-bangs-on-medium-haircut-1-241x300.jpg 241w, https:\/\/flawlesshair.com\/wp-content\/uploads\/2024\/01\/layered-bangs-on-medium-haircut-1-10x12.jpg 10w, https:\/\/flawlesshair.com\/wp-content\/uploads\/2024\/01\/layered-bangs-on-medium-haircut-1-150x187.jpg 150w\" sizes=\"auto, (max-width: 612px) 100vw, 612px\"><\/noscript><img loading=\"lazy\" decoding=\"async\" width=\"612\" height=\"763\" src=\"https:\/\/flawlesshair.com\/wp-content\/uploads\/2024\/01\/layered-bangs-on-medium-haircut-1.jpg\" alt=\"frange d\u00e9grad\u00e9e sur une coupe de cheveux moyenne\" class=\"wp-image-38951 lazyload\" srcset=\"https:\/\/flawlesshair.com\/wp-content\/uploads\/2024\/01\/layered-bangs-on-medium-haircut-1.jpg 612w, https:\/\/flawlesshair.com\/wp-content\/uploads\/2024\/01\/layered-bangs-on-medium-haircut-1-241x300.jpg 241w, https:\/\/flawlesshair.com\/wp-content\/uploads\/2024\/01\/layered-bangs-on-medium-haircut-1-10x12.jpg 10w, https:\/\/flawlesshair.com\/wp-content\/uploads\/2024\/01\/layered-bangs-on-medium-haircut-1-150x187.jpg 150w\" sizes=\"auto, (max-width: 612px) 100vw, 612px\" data-pin-media=\"https:\/\/flawlesshair.com\/wp-content\/uploads\/2024\/01\/layered-bangs-on-medium-haircut-1.jpg\" id=\"mv-trellis-img-11\" data-trellis-processed=\"1\"><div style=\"position: absolute; top: 0.5rem; right: 0.75rem;\"> <a href=\"https:\/\/www.pinterest.com\/pin\/create\/button\/\" data-pin-do=\"buttonPin\" data-pin-tall=\"true\" data-pin-url=\"https:\/\/flawlesshair.com\/fr\/cheveux-degrades-moyens\/\" data-pin-media=\"https:\/\/flawlesshair.com\/wp-content\/uploads\/2024\/01\/layered-bangs-on-medium-haircut-1.jpg\" data-pin-description=\"Medium Layered Hair Is The Cut You Can&rsquo;t Afford To Miss In 2025\" rel=\"nofollow noopener\" target=\"_blank\"> <\/a><\/div><\/div><figcaption class=\"wp-element-caption\">@<a href=\"https:\/\/www.instagram.com\/hsiprofessional\/?e=d0078883-7079-43fe-a563-e95ac4220884&amp;g=5\" target=\"_blank\" rel=\"noreferrer noopener nofollow\">hsiprofessionnel<\/a><\/figcaption><\/figure>\n<\/div>\n\n\n<p>Et si vous n'aimez pas les couches \u00e9paisses mais que vous \u00eates une grande fan de cette tendance en g\u00e9n\u00e9ral ? Ne vous inqui\u00e9tez pas, j'ai une solution pour vous : la frange d\u00e9grad\u00e9e sur cheveux moyens. <\/p>\n\n\n\n<h2 class=\"wp-block-heading\">12. Coiffure d\u00e9grad\u00e9e au rasoir pour cheveux mi-longs<\/h2>\n\n\n<div class=\"wp-block-image\">\n<figure class=\"aligncenter size-full\"><div style=\"position: relative;\"><noscript><img loading=\"lazy\" decoding=\"async\" width=\"1080\" height=\"1349\" src=\"https:\/\/flawlesshair.com\/wp-content\/uploads\/2024\/01\/layered-razor-cut-hairstyle-for-medium-length-hair.jpg\" alt=\"Coiffure rasoir d\u00e9grad\u00e9e pour cheveux mi-longs\" class=\"wp-image-38953\" srcset=\"https:\/\/flawlesshair.com\/wp-content\/uploads\/2024\/01\/layered-razor-cut-hairstyle-for-medium-length-hair.jpg 1080w, https:\/\/flawlesshair.com\/wp-content\/uploads\/2024\/01\/layered-razor-cut-hairstyle-for-medium-length-hair-240x300.jpg 240w, https:\/\/flawlesshair.com\/wp-content\/uploads\/2024\/01\/layered-razor-cut-hairstyle-for-medium-length-hair-768x959.jpg 768w, https:\/\/flawlesshair.com\/wp-content\/uploads\/2024\/01\/layered-razor-cut-hairstyle-for-medium-length-hair-10x12.jpg 10w, https:\/\/flawlesshair.com\/wp-content\/uploads\/2024\/01\/layered-razor-cut-hairstyle-for-medium-length-hair-769x960.jpg 769w, https:\/\/flawlesshair.com\/wp-content\/uploads\/2024\/01\/layered-razor-cut-hairstyle-for-medium-length-hair-865x1080.jpg 865w, https:\/\/flawlesshair.com\/wp-content\/uploads\/2024\/01\/layered-razor-cut-hairstyle-for-medium-length-hair-961x1200.jpg 961w, https:\/\/flawlesshair.com\/wp-content\/uploads\/2024\/01\/layered-razor-cut-hairstyle-for-medium-length-hair-150x187.jpg 150w\" sizes=\"auto, (max-width: 760px) calc(100vw - 24px), 720px\"><\/noscript><img loading=\"lazy\" decoding=\"async\" width=\"1080\" height=\"1349\" src=\"https:\/\/flawlesshair.com\/wp-content\/uploads\/2024\/01\/layered-razor-cut-hairstyle-for-medium-length-hair.jpg\" alt=\"Coiffure rasoir d\u00e9grad\u00e9e pour cheveux mi-longs\" class=\"wp-image-38953 lazyload\" srcset=\"https:\/\/flawlesshair.com\/wp-content\/uploads\/2024\/01\/layered-razor-cut-hairstyle-for-medium-length-hair.jpg 1080w, https:\/\/flawlesshair.com\/wp-content\/uploads\/2024\/01\/layered-razor-cut-hairstyle-for-medium-length-hair-240x300.jpg 240w, https:\/\/flawlesshair.com\/wp-content\/uploads\/2024\/01\/layered-razor-cut-hairstyle-for-medium-length-hair-768x959.jpg 768w, https:\/\/flawlesshair.com\/wp-content\/uploads\/2024\/01\/layered-razor-cut-hairstyle-for-medium-length-hair-10x12.jpg 10w, https:\/\/flawlesshair.com\/wp-content\/uploads\/2024\/01\/layered-razor-cut-hairstyle-for-medium-length-hair-769x960.jpg 769w, https:\/\/flawlesshair.com\/wp-content\/uploads\/2024\/01\/layered-razor-cut-hairstyle-for-medium-length-hair-865x1080.jpg 865w, https:\/\/flawlesshair.com\/wp-content\/uploads\/2024\/01\/layered-razor-cut-hairstyle-for-medium-length-hair-961x1200.jpg 961w, https:\/\/flawlesshair.com\/wp-content\/uploads\/2024\/01\/layered-razor-cut-hairstyle-for-medium-length-hair-150x187.jpg 150w\" sizes=\"auto, (max-width: 760px) calc(100vw - 24px), 720px\" data-pin-media=\"https:\/\/flawlesshair.com\/wp-content\/uploads\/2024\/01\/layered-razor-cut-hairstyle-for-medium-length-hair.jpg\" id=\"mv-trellis-img-12\" data-trellis-processed=\"1\"><div style=\"position: absolute; top: 0.5rem; right: 0.75rem;\"> <a href=\"https:\/\/www.pinterest.com\/pin\/create\/button\/\" data-pin-do=\"buttonPin\" data-pin-tall=\"true\" data-pin-url=\"https:\/\/flawlesshair.com\/fr\/cheveux-degrades-moyens\/\" data-pin-media=\"https:\/\/flawlesshair.com\/wp-content\/uploads\/2024\/01\/layered-razor-cut-hairstyle-for-medium-length-hair.jpg\" data-pin-description=\"Medium Layered Hair Is The Cut You Can&rsquo;t Afford To Miss In 2025\" rel=\"nofollow noopener\" target=\"_blank\"> <\/a><\/div><\/div><figcaption class=\"wp-element-caption\">@<a href=\"https:\/\/www.instagram.com\/victoria.hairart?e=e5af0587-8c56-455f-becf-c9446790bd76&amp;g=5\" rel=\"nofollow noopener\" target=\"_blank\">victoria.hairart<\/a><\/figcaption><\/figure>\n<\/div>\n\n\n<p>La technique de la coupe au rasoir consiste \u00e0 coiffer \u00e0 main lev\u00e9e. C'est une m\u00e9thode de coupe qui donne \u00e0 vos cheveux une touche a\u00e9rienne.  Mais surtout, elle est magnifique sur des cheveux mi-longs. <\/p>\n\n\n\n<h2 class=\"wp-block-heading\">13. Coiffure en plumes superpos\u00e9es pour cheveux mi-longs<\/h2>\n\n\n<div class=\"wp-block-image\">\n<figure class=\"aligncenter size-full\"><div style=\"position: relative;\"><noscript><img loading=\"lazy\" decoding=\"async\" width=\"1080\" height=\"1350\" src=\"https:\/\/flawlesshair.com\/wp-content\/uploads\/2024\/01\/layered-feathered-hairstyle-for-medium-length-hair.jpg\" alt=\"Coiffure \u00e0 plumes d\u00e9grad\u00e9es pour cheveux mi-longs\" class=\"wp-image-38955\" srcset=\"https:\/\/flawlesshair.com\/wp-content\/uploads\/2024\/01\/layered-feathered-hairstyle-for-medium-length-hair.jpg 1080w, https:\/\/flawlesshair.com\/wp-content\/uploads\/2024\/01\/layered-feathered-hairstyle-for-medium-length-hair-240x300.jpg 240w, https:\/\/flawlesshair.com\/wp-content\/uploads\/2024\/01\/layered-feathered-hairstyle-for-medium-length-hair-768x960.jpg 768w, https:\/\/flawlesshair.com\/wp-content\/uploads\/2024\/01\/layered-feathered-hairstyle-for-medium-length-hair-10x12.jpg 10w, https:\/\/flawlesshair.com\/wp-content\/uploads\/2024\/01\/layered-feathered-hairstyle-for-medium-length-hair-864x1080.jpg 864w, https:\/\/flawlesshair.com\/wp-content\/uploads\/2024\/01\/layered-feathered-hairstyle-for-medium-length-hair-960x1200.jpg 960w, https:\/\/flawlesshair.com\/wp-content\/uploads\/2024\/01\/layered-feathered-hairstyle-for-medium-length-hair-150x188.jpg 150w\" sizes=\"auto, (max-width: 760px) calc(100vw - 24px), 720px\"><\/noscript><img loading=\"lazy\" decoding=\"async\" width=\"1080\" height=\"1350\" src=\"https:\/\/flawlesshair.com\/wp-content\/uploads\/2024\/01\/layered-feathered-hairstyle-for-medium-length-hair.jpg\" alt=\"Coiffure \u00e0 plumes d\u00e9grad\u00e9es pour cheveux mi-longs\" class=\"wp-image-38955 lazyload\" srcset=\"https:\/\/flawlesshair.com\/wp-content\/uploads\/2024\/01\/layered-feathered-hairstyle-for-medium-length-hair.jpg 1080w, https:\/\/flawlesshair.com\/wp-content\/uploads\/2024\/01\/layered-feathered-hairstyle-for-medium-length-hair-240x300.jpg 240w, https:\/\/flawlesshair.com\/wp-content\/uploads\/2024\/01\/layered-feathered-hairstyle-for-medium-length-hair-768x960.jpg 768w, https:\/\/flawlesshair.com\/wp-content\/uploads\/2024\/01\/layered-feathered-hairstyle-for-medium-length-hair-10x12.jpg 10w, https:\/\/flawlesshair.com\/wp-content\/uploads\/2024\/01\/layered-feathered-hairstyle-for-medium-length-hair-864x1080.jpg 864w, https:\/\/flawlesshair.com\/wp-content\/uploads\/2024\/01\/layered-feathered-hairstyle-for-medium-length-hair-960x1200.jpg 960w, https:\/\/flawlesshair.com\/wp-content\/uploads\/2024\/01\/layered-feathered-hairstyle-for-medium-length-hair-150x188.jpg 150w\" sizes=\"auto, (max-width: 760px) calc(100vw - 24px), 720px\" data-pin-media=\"https:\/\/flawlesshair.com\/wp-content\/uploads\/2024\/01\/layered-feathered-hairstyle-for-medium-length-hair.jpg\" id=\"mv-trellis-img-13\" data-trellis-processed=\"1\"><div style=\"position: absolute; top: 0.5rem; right: 0.75rem;\"> <a href=\"https:\/\/www.pinterest.com\/pin\/create\/button\/\" data-pin-do=\"buttonPin\" data-pin-tall=\"true\" data-pin-url=\"https:\/\/flawlesshair.com\/fr\/cheveux-degrades-moyens\/\" data-pin-media=\"https:\/\/flawlesshair.com\/wp-content\/uploads\/2024\/01\/layered-feathered-hairstyle-for-medium-length-hair.jpg\" data-pin-description=\"Medium Layered Hair Is The Cut You Can&rsquo;t Afford To Miss In 2025\" rel=\"nofollow noopener\" target=\"_blank\"> <\/a><\/div><\/div><figcaption class=\"wp-element-caption\">@<a href=\"https:\/\/www.instagram.com\/celebrationsalon?e=d228fe80-a6ff-421b-b153-5891bea07340&amp;g=5\" target=\"_blank\" rel=\"noreferrer noopener nofollow\">c\u00e9l\u00e9brationsalon<\/a><\/figcaption><\/figure>\n<\/div>\n\n\n<p>Les cheveux en plumes sont la tendance de la saison. C'est votre style de pr\u00e9dilection si vous avez les cheveux fins et que vous voulez donner l'illusion de l'\u00e9paisseur. <\/p>\n\n\n\n<h2 class=\"wp-block-heading\">14. Cheveux mi-longs d\u00e9grad\u00e9s avec frange rideau<\/h2>\n\n\n<div class=\"wp-block-image\">\n<figure class=\"aligncenter size-full\"><div style=\"position: relative;\"><noscript><img loading=\"lazy\" decoding=\"async\" width=\"740\" height=\"925\" src=\"https:\/\/flawlesshair.com\/wp-content\/uploads\/2024\/01\/medium-length-layered-hair-with-curtain-bangs.jpg\" alt=\"cheveux mi-longs d\u00e9grad\u00e9s avec frange rideau\" class=\"wp-image-38961\" srcset=\"https:\/\/flawlesshair.com\/wp-content\/uploads\/2024\/01\/medium-length-layered-hair-with-curtain-bangs.jpg 740w, https:\/\/flawlesshair.com\/wp-content\/uploads\/2024\/01\/medium-length-layered-hair-with-curtain-bangs-240x300.jpg 240w, https:\/\/flawlesshair.com\/wp-content\/uploads\/2024\/01\/medium-length-layered-hair-with-curtain-bangs-10x12.jpg 10w, https:\/\/flawlesshair.com\/wp-content\/uploads\/2024\/01\/medium-length-layered-hair-with-curtain-bangs-150x188.jpg 150w\" sizes=\"auto, (max-width: 760px) calc(100vw - 24px), 720px\"><\/noscript><img loading=\"lazy\" decoding=\"async\" width=\"740\" height=\"925\" src=\"https:\/\/flawlesshair.com\/wp-content\/uploads\/2024\/01\/medium-length-layered-hair-with-curtain-bangs.jpg\" alt=\"cheveux mi-longs d\u00e9grad\u00e9s avec frange rideau\" class=\"wp-image-38961 lazyload\" srcset=\"https:\/\/flawlesshair.com\/wp-content\/uploads\/2024\/01\/medium-length-layered-hair-with-curtain-bangs.jpg 740w, https:\/\/flawlesshair.com\/wp-content\/uploads\/2024\/01\/medium-length-layered-hair-with-curtain-bangs-240x300.jpg 240w, https:\/\/flawlesshair.com\/wp-content\/uploads\/2024\/01\/medium-length-layered-hair-with-curtain-bangs-10x12.jpg 10w, https:\/\/flawlesshair.com\/wp-content\/uploads\/2024\/01\/medium-length-layered-hair-with-curtain-bangs-150x188.jpg 150w\" sizes=\"auto, (max-width: 760px) calc(100vw - 24px), 720px\" data-pin-media=\"https:\/\/flawlesshair.com\/wp-content\/uploads\/2024\/01\/medium-length-layered-hair-with-curtain-bangs.jpg\" id=\"mv-trellis-img-14\" data-trellis-processed=\"1\"><div style=\"position: absolute; top: 0.5rem; right: 0.75rem;\"> <a href=\"https:\/\/www.pinterest.com\/pin\/create\/button\/\" data-pin-do=\"buttonPin\" data-pin-tall=\"true\" data-pin-url=\"https:\/\/flawlesshair.com\/fr\/cheveux-degrades-moyens\/\" data-pin-media=\"https:\/\/flawlesshair.com\/wp-content\/uploads\/2024\/01\/medium-length-layered-hair-with-curtain-bangs.jpg\" data-pin-description=\"Medium Layered Hair Is The Cut You Can&rsquo;t Afford To Miss In 2025\" rel=\"nofollow noopener\" target=\"_blank\"> <\/a><\/div><\/div><figcaption class=\"wp-element-caption\">@<a href=\"https:\/\/www.instagram.com\/dicas_de_cabeloscampinas\" target=\"_blank\" rel=\"noreferrer noopener nofollow\">dicas_de_cabeloscampinas<\/a><\/figcaption><\/figure>\n<\/div>\n\n\n<p><a href=\"https:\/\/flawlesshair.com\/fr\/coiffures-avec-frange-en-rideau\/\">Franges de rideaux<\/a> sont parfaites pour presque toutes les formes de visage, et les filles au visage long sont les seules \u00e0 devoir les \u00e9viter. Ce type de frange donne de la dimension \u00e0 votre visage tout en l'affinant et en le rendant plus anguleux. <\/p>\n\n\n\n<h2 class=\"wp-block-heading\">15. Cheveux boucl\u00e9s superpos\u00e9s de longueur moyenne<\/h2>\n\n\n<div class=\"wp-block-image\">\n<figure class=\"aligncenter size-full\"><div style=\"position: relative;\"><noscript><img loading=\"lazy\" decoding=\"async\" width=\"1080\" height=\"1350\" src=\"https:\/\/flawlesshair.com\/wp-content\/uploads\/2024\/01\/medium-length-layered-curly-hair.jpg\" alt=\"cheveux boucl\u00e9s mi-longs\" class=\"wp-image-38965\" srcset=\"https:\/\/flawlesshair.com\/wp-content\/uploads\/2024\/01\/medium-length-layered-curly-hair.jpg 1080w, https:\/\/flawlesshair.com\/wp-content\/uploads\/2024\/01\/medium-length-layered-curly-hair-240x300.jpg 240w, https:\/\/flawlesshair.com\/wp-content\/uploads\/2024\/01\/medium-length-layered-curly-hair-768x960.jpg 768w, https:\/\/flawlesshair.com\/wp-content\/uploads\/2024\/01\/medium-length-layered-curly-hair-10x12.jpg 10w, https:\/\/flawlesshair.com\/wp-content\/uploads\/2024\/01\/medium-length-layered-curly-hair-864x1080.jpg 864w, https:\/\/flawlesshair.com\/wp-content\/uploads\/2024\/01\/medium-length-layered-curly-hair-960x1200.jpg 960w, https:\/\/flawlesshair.com\/wp-content\/uploads\/2024\/01\/medium-length-layered-curly-hair-150x188.jpg 150w\" sizes=\"auto, (max-width: 760px) calc(100vw - 24px), 720px\"><\/noscript><img loading=\"lazy\" decoding=\"async\" width=\"1080\" height=\"1350\" src=\"https:\/\/flawlesshair.com\/wp-content\/uploads\/2024\/01\/medium-length-layered-curly-hair.jpg\" alt=\"cheveux boucl\u00e9s mi-longs\" class=\"wp-image-38965 lazyload\" srcset=\"https:\/\/flawlesshair.com\/wp-content\/uploads\/2024\/01\/medium-length-layered-curly-hair.jpg 1080w, https:\/\/flawlesshair.com\/wp-content\/uploads\/2024\/01\/medium-length-layered-curly-hair-240x300.jpg 240w, https:\/\/flawlesshair.com\/wp-content\/uploads\/2024\/01\/medium-length-layered-curly-hair-768x960.jpg 768w, https:\/\/flawlesshair.com\/wp-content\/uploads\/2024\/01\/medium-length-layered-curly-hair-10x12.jpg 10w, https:\/\/flawlesshair.com\/wp-content\/uploads\/2024\/01\/medium-length-layered-curly-hair-864x1080.jpg 864w, https:\/\/flawlesshair.com\/wp-content\/uploads\/2024\/01\/medium-length-layered-curly-hair-960x1200.jpg 960w, https:\/\/flawlesshair.com\/wp-content\/uploads\/2024\/01\/medium-length-layered-curly-hair-150x188.jpg 150w\" sizes=\"auto, (max-width: 760px) calc(100vw - 24px), 720px\" data-pin-media=\"https:\/\/flawlesshair.com\/wp-content\/uploads\/2024\/01\/medium-length-layered-curly-hair.jpg\" id=\"mv-trellis-img-15\" data-trellis-processed=\"1\"><div style=\"position: absolute; top: 0.5rem; right: 0.75rem;\"> <a href=\"https:\/\/www.pinterest.com\/pin\/create\/button\/\" data-pin-do=\"buttonPin\" data-pin-tall=\"true\" data-pin-url=\"https:\/\/flawlesshair.com\/fr\/cheveux-degrades-moyens\/\" data-pin-media=\"https:\/\/flawlesshair.com\/wp-content\/uploads\/2024\/01\/medium-length-layered-curly-hair.jpg\" data-pin-description=\"Medium Layered Hair Is The Cut You Can&rsquo;t Afford To Miss In 2025\" rel=\"nofollow noopener\" target=\"_blank\"> <\/a><\/div><\/div><figcaption class=\"wp-element-caption\">@<a href=\"https:\/\/www.instagram.com\/mjcreationss_?e=b4623f33-da59-4bbe-b22e-8a0a366b67b8&amp;g=5\" target=\"_blank\" rel=\"noreferrer noopener nofollow\">mjcreationss_<\/a><\/figcaption><\/figure>\n<\/div>\n\n\n<p>Quelle est la meilleure fa\u00e7on de coiffer votre <a href=\"https:\/\/flawlesshair.com\/fr\/cheveux-boucles-de-longueur-moyenne\/\">cheveux boucl\u00e9s mi-longs<\/a>? Avec cette texture et cette longueur de cheveux, l'ajout de couches devrait \u00eatre votre premier choix. De cette fa\u00e7on, vos boucles seront plus faciles \u00e0 coiffer et vous obtiendrez une apparence tr\u00e8s tendance.  <\/p>\n\n\n\n<h2 class=\"wp-block-heading\">16. Cheveux \u00e9paul\u00e9s avec m\u00e8ches<\/h2>\n\n\n<div class=\"wp-block-image\">\n<figure class=\"aligncenter size-full\"><div style=\"position: relative;\"><noscript><img loading=\"lazy\" decoding=\"async\" width=\"1080\" height=\"1350\" src=\"https:\/\/flawlesshair.com\/wp-content\/uploads\/2024\/01\/shoulder-length-hair-with-layers.jpg\" alt=\"cheveux mi-longs avec d\u00e9grad\u00e9s\" class=\"wp-image-38967\" srcset=\"https:\/\/flawlesshair.com\/wp-content\/uploads\/2024\/01\/shoulder-length-hair-with-layers.jpg 1080w, https:\/\/flawlesshair.com\/wp-content\/uploads\/2024\/01\/shoulder-length-hair-with-layers-240x300.jpg 240w, https:\/\/flawlesshair.com\/wp-content\/uploads\/2024\/01\/shoulder-length-hair-with-layers-768x960.jpg 768w, https:\/\/flawlesshair.com\/wp-content\/uploads\/2024\/01\/shoulder-length-hair-with-layers-10x12.jpg 10w, https:\/\/flawlesshair.com\/wp-content\/uploads\/2024\/01\/shoulder-length-hair-with-layers-864x1080.jpg 864w, https:\/\/flawlesshair.com\/wp-content\/uploads\/2024\/01\/shoulder-length-hair-with-layers-960x1200.jpg 960w, https:\/\/flawlesshair.com\/wp-content\/uploads\/2024\/01\/shoulder-length-hair-with-layers-150x188.jpg 150w\" sizes=\"auto, (max-width: 760px) calc(100vw - 24px), 720px\"><\/noscript><img loading=\"lazy\" decoding=\"async\" width=\"1080\" height=\"1350\" src=\"https:\/\/flawlesshair.com\/wp-content\/uploads\/2024\/01\/shoulder-length-hair-with-layers.jpg\" alt=\"cheveux mi-longs avec d\u00e9grad\u00e9s\" class=\"wp-image-38967 lazyload\" srcset=\"https:\/\/flawlesshair.com\/wp-content\/uploads\/2024\/01\/shoulder-length-hair-with-layers.jpg 1080w, https:\/\/flawlesshair.com\/wp-content\/uploads\/2024\/01\/shoulder-length-hair-with-layers-240x300.jpg 240w, https:\/\/flawlesshair.com\/wp-content\/uploads\/2024\/01\/shoulder-length-hair-with-layers-768x960.jpg 768w, https:\/\/flawlesshair.com\/wp-content\/uploads\/2024\/01\/shoulder-length-hair-with-layers-10x12.jpg 10w, https:\/\/flawlesshair.com\/wp-content\/uploads\/2024\/01\/shoulder-length-hair-with-layers-864x1080.jpg 864w, https:\/\/flawlesshair.com\/wp-content\/uploads\/2024\/01\/shoulder-length-hair-with-layers-960x1200.jpg 960w, https:\/\/flawlesshair.com\/wp-content\/uploads\/2024\/01\/shoulder-length-hair-with-layers-150x188.jpg 150w\" sizes=\"auto, (max-width: 760px) calc(100vw - 24px), 720px\" data-pin-media=\"https:\/\/flawlesshair.com\/wp-content\/uploads\/2024\/01\/shoulder-length-hair-with-layers.jpg\" id=\"mv-trellis-img-16\" data-trellis-processed=\"1\"><div style=\"position: absolute; top: 0.5rem; right: 0.75rem;\"> <a href=\"https:\/\/www.pinterest.com\/pin\/create\/button\/\" data-pin-do=\"buttonPin\" data-pin-tall=\"true\" data-pin-url=\"https:\/\/flawlesshair.com\/fr\/cheveux-degrades-moyens\/\" data-pin-media=\"https:\/\/flawlesshair.com\/wp-content\/uploads\/2024\/01\/shoulder-length-hair-with-layers.jpg\" data-pin-description=\"Medium Layered Hair Is The Cut You Can&rsquo;t Afford To Miss In 2025\" rel=\"nofollow noopener\" target=\"_blank\"> <\/a><\/div><\/div><figcaption class=\"wp-element-caption\">@<a href=\"https:\/\/www.instagram.com\/sumathi_hair\/?e=a51aef9c-7c1c-4db6-91bb-44a4fb476006&amp;g=5\" target=\"_blank\" rel=\"noreferrer noopener nofollow\">sumathi_hair<\/a><\/figcaption><\/figure>\n<\/div>\n\n\n<p>Celui qui vous a dit que <a href=\"https:\/\/flawlesshair.com\/fr\/coiffures-a-lepaule\/\">cheveux mi-longs<\/a> Les personnes qui pensent qu'il est impossible d'entretenir une coiffure \u00e0 plusieurs couches n'ont aucune id\u00e9e de ce dont il s'agit. Il s'agit d'un style polyvalent avec des tonnes d'options que vous pouvez coiffer \u00e0 la maison sans trop de difficult\u00e9s. Voici quelques id\u00e9es : <\/p>\n\n\n\n<figure class=\"wp-block-embed is-type-video is-provider-youtube wp-block-embed-youtube wp-embed-aspect-16-9 wp-has-aspect-ratio\"><div class=\"wp-block-embed__wrapper\">\n<iframe loading=\"lazy\" title=\"Ce tutoriel sur la longueur des \u00e9paules changera votre vie !\" width=\"500\" height=\"281\" src=\"https:\/\/www.youtube.com\/embed\/Rxh_EC14wFw?feature=oembed\" frameborder=\"0\" allow=\"accelerometer; autoplay; clipboard-write; encrypted-media; gyroscope; picture-in-picture; web-share\" referrerpolicy=\"strict-origin-when-cross-origin\" allowfullscreen><\/iframe>\n<\/div><\/figure>\n\n\n\n<h2 class=\"wp-block-heading\">17. Cheveux mi-longs textur\u00e9s<\/h2>\n\n\n<div class=\"wp-block-image\">\n<figure class=\"aligncenter size-full\"><div style=\"position: relative;\"><noscript><img loading=\"lazy\" decoding=\"async\" width=\"1080\" height=\"1080\" src=\"https:\/\/flawlesshair.com\/wp-content\/uploads\/2024\/01\/textured-medium-length-hair.jpg\" alt=\"cheveux mi-longs textur\u00e9s\" class=\"wp-image-38952\" srcset=\"https:\/\/flawlesshair.com\/wp-content\/uploads\/2024\/01\/textured-medium-length-hair.jpg 1080w, https:\/\/flawlesshair.com\/wp-content\/uploads\/2024\/01\/textured-medium-length-hair-300x300.jpg 300w, https:\/\/flawlesshair.com\/wp-content\/uploads\/2024\/01\/textured-medium-length-hair-150x150.jpg 150w, https:\/\/flawlesshair.com\/wp-content\/uploads\/2024\/01\/textured-medium-length-hair-768x768.jpg 768w, https:\/\/flawlesshair.com\/wp-content\/uploads\/2024\/01\/textured-medium-length-hair-12x12.jpg 12w, https:\/\/flawlesshair.com\/wp-content\/uploads\/2024\/01\/textured-medium-length-hair-728x728.jpg 728w, https:\/\/flawlesshair.com\/wp-content\/uploads\/2024\/01\/textured-medium-length-hair-960x960.jpg 960w, https:\/\/flawlesshair.com\/wp-content\/uploads\/2024\/01\/textured-medium-length-hair-96x96.jpg 96w\" sizes=\"auto, (max-width: 760px) calc(100vw - 24px), 720px\"><\/noscript><img loading=\"lazy\" decoding=\"async\" width=\"1080\" height=\"1080\" src=\"https:\/\/flawlesshair.com\/wp-content\/uploads\/2024\/01\/textured-medium-length-hair.jpg\" alt=\"cheveux mi-longs textur\u00e9s\" class=\"wp-image-38952 lazyload\" srcset=\"https:\/\/flawlesshair.com\/wp-content\/uploads\/2024\/01\/textured-medium-length-hair.jpg 1080w, https:\/\/flawlesshair.com\/wp-content\/uploads\/2024\/01\/textured-medium-length-hair-300x300.jpg 300w, https:\/\/flawlesshair.com\/wp-content\/uploads\/2024\/01\/textured-medium-length-hair-150x150.jpg 150w, https:\/\/flawlesshair.com\/wp-content\/uploads\/2024\/01\/textured-medium-length-hair-768x768.jpg 768w, https:\/\/flawlesshair.com\/wp-content\/uploads\/2024\/01\/textured-medium-length-hair-12x12.jpg 12w, https:\/\/flawlesshair.com\/wp-content\/uploads\/2024\/01\/textured-medium-length-hair-728x728.jpg 728w, https:\/\/flawlesshair.com\/wp-content\/uploads\/2024\/01\/textured-medium-length-hair-960x960.jpg 960w, https:\/\/flawlesshair.com\/wp-content\/uploads\/2024\/01\/textured-medium-length-hair-96x96.jpg 96w\" sizes=\"auto, (max-width: 760px) calc(100vw - 24px), 720px\" data-pin-media=\"https:\/\/flawlesshair.com\/wp-content\/uploads\/2024\/01\/textured-medium-length-hair.jpg\" id=\"mv-trellis-img-17\" data-trellis-processed=\"1\"><div style=\"position: absolute; top: 0.5rem; right: 0.75rem;\"> <a href=\"https:\/\/www.pinterest.com\/pin\/create\/button\/\" data-pin-do=\"buttonPin\" data-pin-tall=\"true\" data-pin-url=\"https:\/\/flawlesshair.com\/fr\/cheveux-degrades-moyens\/\" data-pin-media=\"https:\/\/flawlesshair.com\/wp-content\/uploads\/2024\/01\/textured-medium-length-hair.jpg\" data-pin-description=\"Medium Layered Hair Is The Cut You Can&rsquo;t Afford To Miss In 2025\" rel=\"nofollow noopener\" target=\"_blank\"> <\/a><\/div><\/div><figcaption class=\"wp-element-caption\">@<a href=\"https:\/\/www.instagram.com\/victoria.hairart\/?e=5d76b2ef-b385-424c-95a7-4f9d4819de7d&amp;g=5\" target=\"_blank\" rel=\"noreferrer noopener nofollow\">victoria.hairart<\/a><\/figcaption><\/figure>\n<\/div>\n\n\n<p>Une coupe mi-longue textur\u00e9e pr\u00e9sente des formes bris\u00e9es attrayantes qui d\u00e9finissent vos cheveux et leur donnent de l'ampleur. Regardez ces photos avant et apr\u00e8s et constatez la transformation sensationnelle cr\u00e9\u00e9e par cette coupe. <\/p>\n\n\n\n<h2 class=\"wp-block-heading\">18. Bob long superpos\u00e9<\/h2>\n\n\n<div class=\"wp-block-image\">\n<figure class=\"aligncenter size-full\"><div style=\"position: relative;\"><noscript><img loading=\"lazy\" decoding=\"async\" width=\"1080\" height=\"1248\" src=\"https:\/\/flawlesshair.com\/wp-content\/uploads\/2024\/01\/layered-long-bob.jpg\" alt=\"bob long d\u00e9grad\u00e9\" class=\"wp-image-38969\" srcset=\"https:\/\/flawlesshair.com\/wp-content\/uploads\/2024\/01\/layered-long-bob.jpg 1080w, https:\/\/flawlesshair.com\/wp-content\/uploads\/2024\/01\/layered-long-bob-260x300.jpg 260w, https:\/\/flawlesshair.com\/wp-content\/uploads\/2024\/01\/layered-long-bob-768x887.jpg 768w, https:\/\/flawlesshair.com\/wp-content\/uploads\/2024\/01\/layered-long-bob-10x12.jpg 10w, https:\/\/flawlesshair.com\/wp-content\/uploads\/2024\/01\/layered-long-bob-831x960.jpg 831w, https:\/\/flawlesshair.com\/wp-content\/uploads\/2024\/01\/layered-long-bob-935x1080.jpg 935w, https:\/\/flawlesshair.com\/wp-content\/uploads\/2024\/01\/layered-long-bob-1038x1200.jpg 1038w, https:\/\/flawlesshair.com\/wp-content\/uploads\/2024\/01\/layered-long-bob-150x173.jpg 150w\" sizes=\"auto, (max-width: 760px) calc(100vw - 24px), 720px\"><\/noscript><img loading=\"lazy\" decoding=\"async\" width=\"1080\" height=\"1248\" src=\"https:\/\/flawlesshair.com\/wp-content\/uploads\/2024\/01\/layered-long-bob.jpg\" alt=\"bob long d\u00e9grad\u00e9\" class=\"wp-image-38969 lazyload\" srcset=\"https:\/\/flawlesshair.com\/wp-content\/uploads\/2024\/01\/layered-long-bob.jpg 1080w, https:\/\/flawlesshair.com\/wp-content\/uploads\/2024\/01\/layered-long-bob-260x300.jpg 260w, https:\/\/flawlesshair.com\/wp-content\/uploads\/2024\/01\/layered-long-bob-768x887.jpg 768w, https:\/\/flawlesshair.com\/wp-content\/uploads\/2024\/01\/layered-long-bob-10x12.jpg 10w, https:\/\/flawlesshair.com\/wp-content\/uploads\/2024\/01\/layered-long-bob-831x960.jpg 831w, https:\/\/flawlesshair.com\/wp-content\/uploads\/2024\/01\/layered-long-bob-935x1080.jpg 935w, https:\/\/flawlesshair.com\/wp-content\/uploads\/2024\/01\/layered-long-bob-1038x1200.jpg 1038w, https:\/\/flawlesshair.com\/wp-content\/uploads\/2024\/01\/layered-long-bob-150x173.jpg 150w\" sizes=\"auto, (max-width: 760px) calc(100vw - 24px), 720px\" data-pin-media=\"https:\/\/flawlesshair.com\/wp-content\/uploads\/2024\/01\/layered-long-bob.jpg\" id=\"mv-trellis-img-18\" data-trellis-processed=\"1\"><div style=\"position: absolute; top: 0.5rem; right: 0.75rem;\"> <a href=\"https:\/\/www.pinterest.com\/pin\/create\/button\/\" data-pin-do=\"buttonPin\" data-pin-tall=\"true\" data-pin-url=\"https:\/\/flawlesshair.com\/fr\/cheveux-degrades-moyens\/\" data-pin-media=\"https:\/\/flawlesshair.com\/wp-content\/uploads\/2024\/01\/layered-long-bob.jpg\" data-pin-description=\"Medium Layered Hair Is The Cut You Can&rsquo;t Afford To Miss In 2025\" rel=\"nofollow noopener\" target=\"_blank\"> <\/a><\/div><\/div><figcaption class=\"wp-element-caption\">@<a href=\"https:\/\/www.instagram.com\/anarabyanalerida?e=cd04b2a6-01cb-4efa-852f-66014f13c3a9&amp;g=5\" target=\"_blank\" rel=\"noreferrer noopener nofollow\">anarabyanalerida<\/a><\/figcaption><\/figure>\n<\/div>\n\n\n<p>Une coupe longue d\u00e9grad\u00e9e est un look subtil et \u00e9l\u00e9gant qui ne se d\u00e9modera jamais. La cl\u00e9 de cette coupe r\u00e9side dans les couches qui se m\u00e9langent d\u00e9licatement et de mani\u00e8re transparente, sans pour autant perdre de leur longueur. <\/p>\n\n\n\n<h2 class=\"wp-block-heading\">19. Coupe de cheveux blonde moyenne avec des m\u00e8ches<\/h2>\n\n\n<div class=\"wp-block-image\">\n<figure class=\"aligncenter size-full\"><div style=\"position: relative;\"><noscript><img loading=\"lazy\" decoding=\"async\" width=\"1080\" height=\"1203\" src=\"https:\/\/flawlesshair.com\/wp-content\/uploads\/2024\/01\/medium-blunt-haircut-with-layers.jpg\" alt=\"coupe de cheveux moyenne avec d\u00e9grad\u00e9s\" class=\"wp-image-38971\" srcset=\"https:\/\/flawlesshair.com\/wp-content\/uploads\/2024\/01\/medium-blunt-haircut-with-layers.jpg 1080w, https:\/\/flawlesshair.com\/wp-content\/uploads\/2024\/01\/medium-blunt-haircut-with-layers-269x300.jpg 269w, https:\/\/flawlesshair.com\/wp-content\/uploads\/2024\/01\/medium-blunt-haircut-with-layers-768x855.jpg 768w, https:\/\/flawlesshair.com\/wp-content\/uploads\/2024\/01\/medium-blunt-haircut-with-layers-11x12.jpg 11w, https:\/\/flawlesshair.com\/wp-content\/uploads\/2024\/01\/medium-blunt-haircut-with-layers-862x960.jpg 862w, https:\/\/flawlesshair.com\/wp-content\/uploads\/2024\/01\/medium-blunt-haircut-with-layers-970x1080.jpg 970w, https:\/\/flawlesshair.com\/wp-content\/uploads\/2024\/01\/medium-blunt-haircut-with-layers-1077x1200.jpg 1077w, https:\/\/flawlesshair.com\/wp-content\/uploads\/2024\/01\/medium-blunt-haircut-with-layers-150x167.jpg 150w\" sizes=\"auto, (max-width: 760px) calc(100vw - 24px), 720px\"><\/noscript><img loading=\"lazy\" decoding=\"async\" width=\"1080\" height=\"1203\" src=\"https:\/\/flawlesshair.com\/wp-content\/uploads\/2024\/01\/medium-blunt-haircut-with-layers.jpg\" alt=\"coupe de cheveux moyenne avec d\u00e9grad\u00e9s\" class=\"wp-image-38971 lazyload\" srcset=\"https:\/\/flawlesshair.com\/wp-content\/uploads\/2024\/01\/medium-blunt-haircut-with-layers.jpg 1080w, https:\/\/flawlesshair.com\/wp-content\/uploads\/2024\/01\/medium-blunt-haircut-with-layers-269x300.jpg 269w, https:\/\/flawlesshair.com\/wp-content\/uploads\/2024\/01\/medium-blunt-haircut-with-layers-768x855.jpg 768w, https:\/\/flawlesshair.com\/wp-content\/uploads\/2024\/01\/medium-blunt-haircut-with-layers-11x12.jpg 11w, https:\/\/flawlesshair.com\/wp-content\/uploads\/2024\/01\/medium-blunt-haircut-with-layers-862x960.jpg 862w, https:\/\/flawlesshair.com\/wp-content\/uploads\/2024\/01\/medium-blunt-haircut-with-layers-970x1080.jpg 970w, https:\/\/flawlesshair.com\/wp-content\/uploads\/2024\/01\/medium-blunt-haircut-with-layers-1077x1200.jpg 1077w, https:\/\/flawlesshair.com\/wp-content\/uploads\/2024\/01\/medium-blunt-haircut-with-layers-150x167.jpg 150w\" sizes=\"auto, (max-width: 760px) calc(100vw - 24px), 720px\" data-pin-media=\"https:\/\/flawlesshair.com\/wp-content\/uploads\/2024\/01\/medium-blunt-haircut-with-layers.jpg\" id=\"mv-trellis-img-19\" data-trellis-processed=\"1\"><div style=\"position: absolute; top: 0.5rem; right: 0.75rem;\"> <a href=\"https:\/\/www.pinterest.com\/pin\/create\/button\/\" data-pin-do=\"buttonPin\" data-pin-tall=\"true\" data-pin-url=\"https:\/\/flawlesshair.com\/fr\/cheveux-degrades-moyens\/\" data-pin-media=\"https:\/\/flawlesshair.com\/wp-content\/uploads\/2024\/01\/medium-blunt-haircut-with-layers.jpg\" data-pin-description=\"Medium Layered Hair Is The Cut You Can&rsquo;t Afford To Miss In 2025\" rel=\"nofollow noopener\" target=\"_blank\"> <\/a><\/div><\/div><figcaption class=\"wp-element-caption\">@<a href=\"https:\/\/www.instagram.com\/mykx_official\/?e=eda6bc8f-a1ae-40ff-ba63-7ac1ed96fa95&amp;g=5\" target=\"_blank\" rel=\"noreferrer noopener nofollow\">mykx_officiel<\/a><\/figcaption><\/figure>\n<\/div>\n\n\n<p>Je sais ce que vous devez penser : un <a href=\"https:\/\/flawlesshair.com\/fr\/bob-coupe-a-ras\/\">bob \u00e9mouss\u00e9<\/a> et d\u00e9grad\u00e9s ne peuvent pas \u00eatre associ\u00e9s dans la m\u00eame phrase, et encore moins dans la m\u00eame coiffure. Si c'est le cas, cela ne peut signifier qu'une chose : vous n'\u00eates pas encore tomb\u00e9e sur le bon coiffeur qui sait ce qu'il fait. Il suffit de voir \u00e0 quel point ces deux styles sont \u00e9tonnants lorsqu'ils sont m\u00e9lang\u00e9s. <\/p>\n\n\n\n<h2 class=\"wp-block-heading\">20. Coupe mi-longue d\u00e9grad\u00e9e et \u00e9bouriff\u00e9e<\/h2>\n\n\n<div class=\"wp-block-image\">\n<figure class=\"aligncenter size-full\"><div style=\"position: relative;\"><noscript><img loading=\"lazy\" decoding=\"async\" width=\"1080\" height=\"1236\" src=\"https:\/\/flawlesshair.com\/wp-content\/uploads\/2024\/01\/layered-medium-length-tousled-haircut.jpg\" alt=\"coupe de cheveux d\u00e9coiff\u00e9e mi-longue et d\u00e9grad\u00e9e\" class=\"wp-image-38956\" srcset=\"https:\/\/flawlesshair.com\/wp-content\/uploads\/2024\/01\/layered-medium-length-tousled-haircut.jpg 1080w, https:\/\/flawlesshair.com\/wp-content\/uploads\/2024\/01\/layered-medium-length-tousled-haircut-262x300.jpg 262w, https:\/\/flawlesshair.com\/wp-content\/uploads\/2024\/01\/layered-medium-length-tousled-haircut-768x879.jpg 768w, https:\/\/flawlesshair.com\/wp-content\/uploads\/2024\/01\/layered-medium-length-tousled-haircut-10x12.jpg 10w, https:\/\/flawlesshair.com\/wp-content\/uploads\/2024\/01\/layered-medium-length-tousled-haircut-839x960.jpg 839w, https:\/\/flawlesshair.com\/wp-content\/uploads\/2024\/01\/layered-medium-length-tousled-haircut-944x1080.jpg 944w, https:\/\/flawlesshair.com\/wp-content\/uploads\/2024\/01\/layered-medium-length-tousled-haircut-1049x1200.jpg 1049w, https:\/\/flawlesshair.com\/wp-content\/uploads\/2024\/01\/layered-medium-length-tousled-haircut-150x172.jpg 150w\" sizes=\"auto, (max-width: 760px) calc(100vw - 24px), 720px\"><\/noscript><img loading=\"lazy\" decoding=\"async\" width=\"1080\" height=\"1236\" src=\"https:\/\/flawlesshair.com\/wp-content\/uploads\/2024\/01\/layered-medium-length-tousled-haircut.jpg\" alt=\"coupe de cheveux d\u00e9coiff\u00e9e mi-longue et d\u00e9grad\u00e9e\" class=\"wp-image-38956 lazyload\" srcset=\"https:\/\/flawlesshair.com\/wp-content\/uploads\/2024\/01\/layered-medium-length-tousled-haircut.jpg 1080w, https:\/\/flawlesshair.com\/wp-content\/uploads\/2024\/01\/layered-medium-length-tousled-haircut-262x300.jpg 262w, https:\/\/flawlesshair.com\/wp-content\/uploads\/2024\/01\/layered-medium-length-tousled-haircut-768x879.jpg 768w, https:\/\/flawlesshair.com\/wp-content\/uploads\/2024\/01\/layered-medium-length-tousled-haircut-10x12.jpg 10w, https:\/\/flawlesshair.com\/wp-content\/uploads\/2024\/01\/layered-medium-length-tousled-haircut-839x960.jpg 839w, https:\/\/flawlesshair.com\/wp-content\/uploads\/2024\/01\/layered-medium-length-tousled-haircut-944x1080.jpg 944w, https:\/\/flawlesshair.com\/wp-content\/uploads\/2024\/01\/layered-medium-length-tousled-haircut-1049x1200.jpg 1049w, https:\/\/flawlesshair.com\/wp-content\/uploads\/2024\/01\/layered-medium-length-tousled-haircut-150x172.jpg 150w\" sizes=\"auto, (max-width: 760px) calc(100vw - 24px), 720px\" data-pin-media=\"https:\/\/flawlesshair.com\/wp-content\/uploads\/2024\/01\/layered-medium-length-tousled-haircut.jpg\" id=\"mv-trellis-img-20\" data-trellis-processed=\"1\"><div style=\"position: absolute; top: 0.5rem; right: 0.75rem;\"> <a href=\"https:\/\/www.pinterest.com\/pin\/create\/button\/\" data-pin-do=\"buttonPin\" data-pin-tall=\"true\" data-pin-url=\"https:\/\/flawlesshair.com\/fr\/cheveux-degrades-moyens\/\" data-pin-media=\"https:\/\/flawlesshair.com\/wp-content\/uploads\/2024\/01\/layered-medium-length-tousled-haircut.jpg\" data-pin-description=\"Medium Layered Hair Is The Cut You Can&rsquo;t Afford To Miss In 2025\" rel=\"nofollow noopener\" target=\"_blank\"> <\/a><\/div><\/div><figcaption class=\"wp-element-caption\">@<a href=\"https:\/\/www.instagram.com\/modestspotcarrillo?e=f406c35d-8b69-4034-b391-c58fc573d244&amp;g=5\" target=\"_blank\" rel=\"noreferrer noopener nofollow\">modestspotcarrillo<\/a><\/figcaption><\/figure>\n<\/div>\n\n\n<p>Je peux vous garantir une chose : il n'y a rien de moins facile \u00e0 entretenir qu'une coupe mi-longue d\u00e9grad\u00e9e et d\u00e9coiff\u00e9e. Si elle est bien choisie, le seul outil dont vous avez besoin pour r\u00e9aliser cette coiffure \u00e0 la maison, c'est vos doigts. <\/p>\n\n\n\n<h2 class=\"wp-block-heading\">21. Mulet superpos\u00e9<\/h2>\n\n\n<div class=\"wp-block-image\">\n<figure class=\"aligncenter size-full\"><div style=\"position: relative;\"><noscript><img loading=\"lazy\" decoding=\"async\" width=\"1080\" height=\"1349\" src=\"https:\/\/flawlesshair.com\/wp-content\/uploads\/2024\/01\/layered-mullet.jpg\" alt=\"mulet \u00e9tag\u00e9\" class=\"wp-image-38960\" srcset=\"https:\/\/flawlesshair.com\/wp-content\/uploads\/2024\/01\/layered-mullet.jpg 1080w, https:\/\/flawlesshair.com\/wp-content\/uploads\/2024\/01\/layered-mullet-240x300.jpg 240w, https:\/\/flawlesshair.com\/wp-content\/uploads\/2024\/01\/layered-mullet-768x959.jpg 768w, https:\/\/flawlesshair.com\/wp-content\/uploads\/2024\/01\/layered-mullet-10x12.jpg 10w, https:\/\/flawlesshair.com\/wp-content\/uploads\/2024\/01\/layered-mullet-769x960.jpg 769w, https:\/\/flawlesshair.com\/wp-content\/uploads\/2024\/01\/layered-mullet-865x1080.jpg 865w, https:\/\/flawlesshair.com\/wp-content\/uploads\/2024\/01\/layered-mullet-961x1200.jpg 961w, https:\/\/flawlesshair.com\/wp-content\/uploads\/2024\/01\/layered-mullet-150x187.jpg 150w\" sizes=\"auto, (max-width: 760px) calc(100vw - 24px), 720px\"><\/noscript><img loading=\"lazy\" decoding=\"async\" width=\"1080\" height=\"1349\" src=\"https:\/\/flawlesshair.com\/wp-content\/uploads\/2024\/01\/layered-mullet.jpg\" alt=\"mulet \u00e9tag\u00e9\" class=\"wp-image-38960 lazyload\" srcset=\"https:\/\/flawlesshair.com\/wp-content\/uploads\/2024\/01\/layered-mullet.jpg 1080w, https:\/\/flawlesshair.com\/wp-content\/uploads\/2024\/01\/layered-mullet-240x300.jpg 240w, https:\/\/flawlesshair.com\/wp-content\/uploads\/2024\/01\/layered-mullet-768x959.jpg 768w, https:\/\/flawlesshair.com\/wp-content\/uploads\/2024\/01\/layered-mullet-10x12.jpg 10w, https:\/\/flawlesshair.com\/wp-content\/uploads\/2024\/01\/layered-mullet-769x960.jpg 769w, https:\/\/flawlesshair.com\/wp-content\/uploads\/2024\/01\/layered-mullet-865x1080.jpg 865w, https:\/\/flawlesshair.com\/wp-content\/uploads\/2024\/01\/layered-mullet-961x1200.jpg 961w, https:\/\/flawlesshair.com\/wp-content\/uploads\/2024\/01\/layered-mullet-150x187.jpg 150w\" sizes=\"auto, (max-width: 760px) calc(100vw - 24px), 720px\" data-pin-media=\"https:\/\/flawlesshair.com\/wp-content\/uploads\/2024\/01\/layered-mullet.jpg\" id=\"mv-trellis-img-21\" data-trellis-processed=\"1\"><div style=\"position: absolute; top: 0.5rem; right: 0.75rem;\"> <a href=\"https:\/\/www.pinterest.com\/pin\/create\/button\/\" data-pin-do=\"buttonPin\" data-pin-tall=\"true\" data-pin-url=\"https:\/\/flawlesshair.com\/fr\/cheveux-degrades-moyens\/\" data-pin-media=\"https:\/\/flawlesshair.com\/wp-content\/uploads\/2024\/01\/layered-mullet.jpg\" data-pin-description=\"Medium Layered Hair Is The Cut You Can&rsquo;t Afford To Miss In 2025\" rel=\"nofollow noopener\" target=\"_blank\"> <\/a><\/div><\/div><figcaption class=\"wp-element-caption\">@<a href=\"https:\/\/www.instagram.com\/joeltorresstyle\/?e=4c5d913e-951b-40e7-a38a-b0f462742ddc&amp;g=5\" target=\"_blank\" rel=\"noreferrer noopener nofollow\">joeltorresstyle<\/a><\/figcaption><\/figure>\n<\/div>\n\n\n<p>Une coupe mulet mi-longue est un look audacieux mais subtil qui a \u00e0 la fois de la forme et du mouvement. Pour un effet maximal, associez cette coupe \u00e0 une couleur de cheveux int\u00e9ressante. <\/p>\n\n\n\n<h2 class=\"wp-block-heading\">22. Coupe de loup mi-longue et superpos\u00e9e<\/h2>\n\n\n<div class=\"wp-block-image\">\n<figure class=\"aligncenter size-full\"><div style=\"position: relative;\"><noscript><img loading=\"lazy\" decoding=\"async\" width=\"1080\" height=\"1349\" src=\"https:\/\/flawlesshair.com\/wp-content\/uploads\/2024\/01\/layered-medium-length-wolf-cut.jpg\" alt=\"coupe de loup mi-longue et \u00e9tag\u00e9e\" class=\"wp-image-38963\" srcset=\"https:\/\/flawlesshair.com\/wp-content\/uploads\/2024\/01\/layered-medium-length-wolf-cut.jpg 1080w, https:\/\/flawlesshair.com\/wp-content\/uploads\/2024\/01\/layered-medium-length-wolf-cut-240x300.jpg 240w, https:\/\/flawlesshair.com\/wp-content\/uploads\/2024\/01\/layered-medium-length-wolf-cut-768x959.jpg 768w, https:\/\/flawlesshair.com\/wp-content\/uploads\/2024\/01\/layered-medium-length-wolf-cut-10x12.jpg 10w, https:\/\/flawlesshair.com\/wp-content\/uploads\/2024\/01\/layered-medium-length-wolf-cut-769x960.jpg 769w, https:\/\/flawlesshair.com\/wp-content\/uploads\/2024\/01\/layered-medium-length-wolf-cut-865x1080.jpg 865w, https:\/\/flawlesshair.com\/wp-content\/uploads\/2024\/01\/layered-medium-length-wolf-cut-961x1200.jpg 961w, https:\/\/flawlesshair.com\/wp-content\/uploads\/2024\/01\/layered-medium-length-wolf-cut-150x187.jpg 150w\" sizes=\"auto, (max-width: 760px) calc(100vw - 24px), 720px\"><\/noscript><img loading=\"lazy\" decoding=\"async\" width=\"1080\" height=\"1349\" src=\"https:\/\/flawlesshair.com\/wp-content\/uploads\/2024\/01\/layered-medium-length-wolf-cut.jpg\" alt=\"coupe de loup mi-longue et \u00e9tag\u00e9e\" class=\"wp-image-38963 lazyload\" srcset=\"https:\/\/flawlesshair.com\/wp-content\/uploads\/2024\/01\/layered-medium-length-wolf-cut.jpg 1080w, https:\/\/flawlesshair.com\/wp-content\/uploads\/2024\/01\/layered-medium-length-wolf-cut-240x300.jpg 240w, https:\/\/flawlesshair.com\/wp-content\/uploads\/2024\/01\/layered-medium-length-wolf-cut-768x959.jpg 768w, https:\/\/flawlesshair.com\/wp-content\/uploads\/2024\/01\/layered-medium-length-wolf-cut-10x12.jpg 10w, https:\/\/flawlesshair.com\/wp-content\/uploads\/2024\/01\/layered-medium-length-wolf-cut-769x960.jpg 769w, https:\/\/flawlesshair.com\/wp-content\/uploads\/2024\/01\/layered-medium-length-wolf-cut-865x1080.jpg 865w, https:\/\/flawlesshair.com\/wp-content\/uploads\/2024\/01\/layered-medium-length-wolf-cut-961x1200.jpg 961w, https:\/\/flawlesshair.com\/wp-content\/uploads\/2024\/01\/layered-medium-length-wolf-cut-150x187.jpg 150w\" sizes=\"auto, (max-width: 760px) calc(100vw - 24px), 720px\" data-pin-media=\"https:\/\/flawlesshair.com\/wp-content\/uploads\/2024\/01\/layered-medium-length-wolf-cut.jpg\" id=\"mv-trellis-img-22\" data-trellis-processed=\"1\"><div style=\"position: absolute; top: 0.5rem; right: 0.75rem;\"> <a href=\"https:\/\/www.pinterest.com\/pin\/create\/button\/\" data-pin-do=\"buttonPin\" data-pin-tall=\"true\" data-pin-url=\"https:\/\/flawlesshair.com\/fr\/cheveux-degrades-moyens\/\" data-pin-media=\"https:\/\/flawlesshair.com\/wp-content\/uploads\/2024\/01\/layered-medium-length-wolf-cut.jpg\" data-pin-description=\"Medium Layered Hair Is The Cut You Can&rsquo;t Afford To Miss In 2025\" rel=\"nofollow noopener\" target=\"_blank\"> <\/a><\/div><\/div><figcaption class=\"wp-element-caption\">@<a href=\"https:\/\/www.instagram.com\/andrearossihair\/?e=c7def4e2-9b1d-4483-97fb-0f37a7ffd41c&amp;g=5\" target=\"_blank\" rel=\"noreferrer noopener nofollow\">andrearossihair<\/a><\/figcaption><\/figure>\n<\/div>\n\n\n<p>Les couches sont ce qui rend cette coupe de loup encore plus spectaculaire. Le principe est simple : plus il y a de couches, plus il y a de texture et plus il y a de mouvement. <\/p>\n\n\n\n<h2 class=\"wp-block-heading\">23. Cheveux asiatiques mi-longs et d\u00e9grad\u00e9s<\/h2>\n\n\n<div class=\"wp-block-image\">\n<figure class=\"aligncenter size-full\"><div style=\"position: relative;\"><noscript><img loading=\"lazy\" decoding=\"async\" width=\"1080\" height=\"1350\" src=\"https:\/\/flawlesshair.com\/wp-content\/uploads\/2024\/01\/layered-medium-length-asian-hair.jpg\" alt=\"cheveux asiatiques mi-longs d\u00e9grad\u00e9s\" class=\"wp-image-38974\" srcset=\"https:\/\/flawlesshair.com\/wp-content\/uploads\/2024\/01\/layered-medium-length-asian-hair.jpg 1080w, https:\/\/flawlesshair.com\/wp-content\/uploads\/2024\/01\/layered-medium-length-asian-hair-240x300.jpg 240w, https:\/\/flawlesshair.com\/wp-content\/uploads\/2024\/01\/layered-medium-length-asian-hair-768x960.jpg 768w, https:\/\/flawlesshair.com\/wp-content\/uploads\/2024\/01\/layered-medium-length-asian-hair-10x12.jpg 10w, https:\/\/flawlesshair.com\/wp-content\/uploads\/2024\/01\/layered-medium-length-asian-hair-864x1080.jpg 864w, https:\/\/flawlesshair.com\/wp-content\/uploads\/2024\/01\/layered-medium-length-asian-hair-960x1200.jpg 960w, https:\/\/flawlesshair.com\/wp-content\/uploads\/2024\/01\/layered-medium-length-asian-hair-150x188.jpg 150w\" sizes=\"auto, (max-width: 760px) calc(100vw - 24px), 720px\"><\/noscript><img loading=\"lazy\" decoding=\"async\" width=\"1080\" height=\"1350\" src=\"https:\/\/flawlesshair.com\/wp-content\/uploads\/2024\/01\/layered-medium-length-asian-hair.jpg\" alt=\"cheveux asiatiques mi-longs d\u00e9grad\u00e9s\" class=\"wp-image-38974 lazyload\" srcset=\"https:\/\/flawlesshair.com\/wp-content\/uploads\/2024\/01\/layered-medium-length-asian-hair.jpg 1080w, https:\/\/flawlesshair.com\/wp-content\/uploads\/2024\/01\/layered-medium-length-asian-hair-240x300.jpg 240w, https:\/\/flawlesshair.com\/wp-content\/uploads\/2024\/01\/layered-medium-length-asian-hair-768x960.jpg 768w, https:\/\/flawlesshair.com\/wp-content\/uploads\/2024\/01\/layered-medium-length-asian-hair-10x12.jpg 10w, https:\/\/flawlesshair.com\/wp-content\/uploads\/2024\/01\/layered-medium-length-asian-hair-864x1080.jpg 864w, https:\/\/flawlesshair.com\/wp-content\/uploads\/2024\/01\/layered-medium-length-asian-hair-960x1200.jpg 960w, https:\/\/flawlesshair.com\/wp-content\/uploads\/2024\/01\/layered-medium-length-asian-hair-150x188.jpg 150w\" sizes=\"auto, (max-width: 760px) calc(100vw - 24px), 720px\" data-pin-media=\"https:\/\/flawlesshair.com\/wp-content\/uploads\/2024\/01\/layered-medium-length-asian-hair.jpg\" id=\"mv-trellis-img-23\" data-trellis-processed=\"1\"><div style=\"position: absolute; top: 0.5rem; right: 0.75rem;\"> <a href=\"https:\/\/www.pinterest.com\/pin\/create\/button\/\" data-pin-do=\"buttonPin\" data-pin-tall=\"true\" data-pin-url=\"https:\/\/flawlesshair.com\/fr\/cheveux-degrades-moyens\/\" data-pin-media=\"https:\/\/flawlesshair.com\/wp-content\/uploads\/2024\/01\/layered-medium-length-asian-hair.jpg\" data-pin-description=\"Medium Layered Hair Is The Cut You Can&rsquo;t Afford To Miss In 2025\" rel=\"nofollow noopener\" target=\"_blank\"> <\/a><\/div><\/div><figcaption class=\"wp-element-caption\">@<a href=\"https:\/\/www.instagram.com\/john_thewhitebox?e=2c4bad79-fa7a-4322-bebf-cefd9ed65bd6&amp;g=5\" target=\"_blank\" rel=\"noreferrer noopener nofollow\">john_thewhitebox<\/a><\/figcaption><\/figure>\n<\/div>\n\n\n<p>Si vous \u00eates \u00e0 la recherche d'une coiffure asiatique dernier cri, une coupe mi-longue d\u00e9grad\u00e9e est faite pour vous. Elle comprend une couronne plus \u00e9paisse contrastant avec des pointes plus fines, des d\u00e9grad\u00e9s qui encadrent le visage et, de pr\u00e9f\u00e9rence, une couleur de cheveux funky. <\/p>\n\n\n\n<h2 class=\"wp-block-heading\">24. Cheveux mi-longs avec m\u00e8ches<\/h2>\n\n\n<div class=\"wp-block-image\">\n<figure class=\"aligncenter size-full\"><div style=\"position: relative;\"><noscript><img loading=\"lazy\" decoding=\"async\" width=\"1080\" height=\"1350\" src=\"https:\/\/flawlesshair.com\/wp-content\/uploads\/2024\/01\/medium-layered-hair-with-highlights.jpg\" alt=\"cheveux mi-longs avec m\u00e8ches\" class=\"wp-image-38976\" srcset=\"https:\/\/flawlesshair.com\/wp-content\/uploads\/2024\/01\/medium-layered-hair-with-highlights.jpg 1080w, https:\/\/flawlesshair.com\/wp-content\/uploads\/2024\/01\/medium-layered-hair-with-highlights-240x300.jpg 240w, https:\/\/flawlesshair.com\/wp-content\/uploads\/2024\/01\/medium-layered-hair-with-highlights-768x960.jpg 768w, https:\/\/flawlesshair.com\/wp-content\/uploads\/2024\/01\/medium-layered-hair-with-highlights-10x12.jpg 10w, https:\/\/flawlesshair.com\/wp-content\/uploads\/2024\/01\/medium-layered-hair-with-highlights-864x1080.jpg 864w, https:\/\/flawlesshair.com\/wp-content\/uploads\/2024\/01\/medium-layered-hair-with-highlights-960x1200.jpg 960w, https:\/\/flawlesshair.com\/wp-content\/uploads\/2024\/01\/medium-layered-hair-with-highlights-150x188.jpg 150w\" sizes=\"auto, (max-width: 760px) calc(100vw - 24px), 720px\"><\/noscript><img loading=\"lazy\" decoding=\"async\" width=\"1080\" height=\"1350\" src=\"https:\/\/flawlesshair.com\/wp-content\/uploads\/2024\/01\/medium-layered-hair-with-highlights.jpg\" alt=\"cheveux mi-longs avec m\u00e8ches\" class=\"wp-image-38976 lazyload\" srcset=\"https:\/\/flawlesshair.com\/wp-content\/uploads\/2024\/01\/medium-layered-hair-with-highlights.jpg 1080w, https:\/\/flawlesshair.com\/wp-content\/uploads\/2024\/01\/medium-layered-hair-with-highlights-240x300.jpg 240w, https:\/\/flawlesshair.com\/wp-content\/uploads\/2024\/01\/medium-layered-hair-with-highlights-768x960.jpg 768w, https:\/\/flawlesshair.com\/wp-content\/uploads\/2024\/01\/medium-layered-hair-with-highlights-10x12.jpg 10w, https:\/\/flawlesshair.com\/wp-content\/uploads\/2024\/01\/medium-layered-hair-with-highlights-864x1080.jpg 864w, https:\/\/flawlesshair.com\/wp-content\/uploads\/2024\/01\/medium-layered-hair-with-highlights-960x1200.jpg 960w, https:\/\/flawlesshair.com\/wp-content\/uploads\/2024\/01\/medium-layered-hair-with-highlights-150x188.jpg 150w\" sizes=\"auto, (max-width: 760px) calc(100vw - 24px), 720px\" data-pin-media=\"https:\/\/flawlesshair.com\/wp-content\/uploads\/2024\/01\/medium-layered-hair-with-highlights.jpg\" id=\"mv-trellis-img-24\" data-trellis-processed=\"1\"><div style=\"position: absolute; top: 0.5rem; right: 0.75rem;\"> <a href=\"https:\/\/www.pinterest.com\/pin\/create\/button\/\" data-pin-do=\"buttonPin\" data-pin-tall=\"true\" data-pin-url=\"https:\/\/flawlesshair.com\/fr\/cheveux-degrades-moyens\/\" data-pin-media=\"https:\/\/flawlesshair.com\/wp-content\/uploads\/2024\/01\/medium-layered-hair-with-highlights.jpg\" data-pin-description=\"Medium Layered Hair Is The Cut You Can&rsquo;t Afford To Miss In 2025\" rel=\"nofollow noopener\" target=\"_blank\"> <\/a><\/div><\/div><figcaption class=\"wp-element-caption\"><a href=\"https:\/\/www.instagram.com\/un.rooted\/\" target=\"_blank\" rel=\"noreferrer noopener nofollow\">@un.rooted<\/a><\/figcaption><\/figure>\n<\/div>\n\n\n<p>Comment donner du piquant \u00e0 vos cheveux mi-longs d\u00e9grad\u00e9s ? Ajoutez des m\u00e8ches vivantes pour plus de dimension et de profondeur, et faites ressortir votre couleur de base. <\/p>\n\n\n\n<h2 class=\"wp-block-heading\">25. Cheveux moyennement d\u00e9grad\u00e9s avec peekaboo<\/h2>\n\n\n<div class=\"wp-block-image\">\n<figure class=\"aligncenter size-full\"><div style=\"position: relative;\"><noscript><img loading=\"lazy\" decoding=\"async\" width=\"988\" height=\"1236\" src=\"https:\/\/flawlesshair.com\/wp-content\/uploads\/2024\/01\/medium-layered-hair-with-peekaboo.jpg\" alt=\"cheveux mi-longs avec peekaboo\" class=\"wp-image-38978\" srcset=\"https:\/\/flawlesshair.com\/wp-content\/uploads\/2024\/01\/medium-layered-hair-with-peekaboo.jpg 988w, https:\/\/flawlesshair.com\/wp-content\/uploads\/2024\/01\/medium-layered-hair-with-peekaboo-240x300.jpg 240w, https:\/\/flawlesshair.com\/wp-content\/uploads\/2024\/01\/medium-layered-hair-with-peekaboo-768x961.jpg 768w, https:\/\/flawlesshair.com\/wp-content\/uploads\/2024\/01\/medium-layered-hair-with-peekaboo-10x12.jpg 10w, https:\/\/flawlesshair.com\/wp-content\/uploads\/2024\/01\/medium-layered-hair-with-peekaboo-767x960.jpg 767w, https:\/\/flawlesshair.com\/wp-content\/uploads\/2024\/01\/medium-layered-hair-with-peekaboo-863x1080.jpg 863w, https:\/\/flawlesshair.com\/wp-content\/uploads\/2024\/01\/medium-layered-hair-with-peekaboo-959x1200.jpg 959w, https:\/\/flawlesshair.com\/wp-content\/uploads\/2024\/01\/medium-layered-hair-with-peekaboo-150x188.jpg 150w\" sizes=\"auto, (max-width: 760px) calc(100vw - 24px), 720px\"><\/noscript><img loading=\"lazy\" decoding=\"async\" width=\"988\" height=\"1236\" src=\"https:\/\/flawlesshair.com\/wp-content\/uploads\/2024\/01\/medium-layered-hair-with-peekaboo.jpg\" alt=\"cheveux mi-longs avec peekaboo\" class=\"wp-image-38978 lazyload\" srcset=\"https:\/\/flawlesshair.com\/wp-content\/uploads\/2024\/01\/medium-layered-hair-with-peekaboo.jpg 988w, https:\/\/flawlesshair.com\/wp-content\/uploads\/2024\/01\/medium-layered-hair-with-peekaboo-240x300.jpg 240w, https:\/\/flawlesshair.com\/wp-content\/uploads\/2024\/01\/medium-layered-hair-with-peekaboo-768x961.jpg 768w, https:\/\/flawlesshair.com\/wp-content\/uploads\/2024\/01\/medium-layered-hair-with-peekaboo-10x12.jpg 10w, https:\/\/flawlesshair.com\/wp-content\/uploads\/2024\/01\/medium-layered-hair-with-peekaboo-767x960.jpg 767w, https:\/\/flawlesshair.com\/wp-content\/uploads\/2024\/01\/medium-layered-hair-with-peekaboo-863x1080.jpg 863w, https:\/\/flawlesshair.com\/wp-content\/uploads\/2024\/01\/medium-layered-hair-with-peekaboo-959x1200.jpg 959w, https:\/\/flawlesshair.com\/wp-content\/uploads\/2024\/01\/medium-layered-hair-with-peekaboo-150x188.jpg 150w\" sizes=\"auto, (max-width: 760px) calc(100vw - 24px), 720px\" data-pin-media=\"https:\/\/flawlesshair.com\/wp-content\/uploads\/2024\/01\/medium-layered-hair-with-peekaboo.jpg\" id=\"mv-trellis-img-25\" data-trellis-processed=\"1\"><div style=\"position: absolute; top: 0.5rem; right: 0.75rem;\"> <a href=\"https:\/\/www.pinterest.com\/pin\/create\/button\/\" data-pin-do=\"buttonPin\" data-pin-tall=\"true\" data-pin-url=\"https:\/\/flawlesshair.com\/fr\/cheveux-degrades-moyens\/\" data-pin-media=\"https:\/\/flawlesshair.com\/wp-content\/uploads\/2024\/01\/medium-layered-hair-with-peekaboo.jpg\" data-pin-description=\"Medium Layered Hair Is The Cut You Can&rsquo;t Afford To Miss In 2025\" rel=\"nofollow noopener\" target=\"_blank\"> <\/a><\/div><\/div><figcaption class=\"wp-element-caption\">@<a href=\"https:\/\/www.instagram.com\/john_thewhitebox\/?e=85a612a4-344e-494d-a018-e736a858b642&amp;g=5\" target=\"_blank\" rel=\"noreferrer noopener nofollow\">john_thewhitebox<\/a><\/figcaption><\/figure>\n<\/div>\n\n\n<p><a href=\"https:\/\/flawlesshair.com\/fr\/cheveux-noirs-avec-meches-peekaboo\/\">Cheveux noirs avec m\u00e8ches peekaboo<\/a> est toujours une bonne id\u00e9e, surtout lorsqu'elle est associ\u00e9e \u00e0 une coupe intrigante. C'est vrai, je parle des cheveux mi-longs. <\/p>\n\n\n\n<h2 class=\"wp-block-heading\">26. Cheveux mi-longs avec frange sur le c\u00f4t\u00e9<\/h2>\n\n\n<div class=\"wp-block-image\">\n<figure class=\"aligncenter size-full\"><div style=\"position: relative;\"><noscript><img loading=\"lazy\" decoding=\"async\" width=\"1080\" height=\"1080\" src=\"https:\/\/flawlesshair.com\/wp-content\/uploads\/2024\/01\/medium-layered-hair-with-side-bangs.jpg\" alt=\"cheveux mi-longs avec frange sur le c\u00f4t\u00e9\" class=\"wp-image-94094\" srcset=\"https:\/\/flawlesshair.com\/wp-content\/uploads\/2024\/01\/medium-layered-hair-with-side-bangs.jpg 1080w, https:\/\/flawlesshair.com\/wp-content\/uploads\/2024\/01\/medium-layered-hair-with-side-bangs-300x300.jpg 300w, https:\/\/flawlesshair.com\/wp-content\/uploads\/2024\/01\/medium-layered-hair-with-side-bangs-150x150.jpg 150w, https:\/\/flawlesshair.com\/wp-content\/uploads\/2024\/01\/medium-layered-hair-with-side-bangs-768x768.jpg 768w, https:\/\/flawlesshair.com\/wp-content\/uploads\/2024\/01\/medium-layered-hair-with-side-bangs-12x12.jpg 12w, https:\/\/flawlesshair.com\/wp-content\/uploads\/2024\/01\/medium-layered-hair-with-side-bangs-728x728.jpg 728w, https:\/\/flawlesshair.com\/wp-content\/uploads\/2024\/01\/medium-layered-hair-with-side-bangs-960x960.jpg 960w\" sizes=\"auto, (max-width: 760px) calc(100vw - 24px), 720px\"><\/noscript><img loading=\"lazy\" decoding=\"async\" width=\"1080\" height=\"1080\" src=\"https:\/\/flawlesshair.com\/wp-content\/uploads\/2024\/01\/medium-layered-hair-with-side-bangs.jpg\" alt=\"cheveux mi-longs avec frange sur le c\u00f4t\u00e9\" class=\"wp-image-94094 lazyload\" srcset=\"https:\/\/flawlesshair.com\/wp-content\/uploads\/2024\/01\/medium-layered-hair-with-side-bangs.jpg 1080w, https:\/\/flawlesshair.com\/wp-content\/uploads\/2024\/01\/medium-layered-hair-with-side-bangs-300x300.jpg 300w, https:\/\/flawlesshair.com\/wp-content\/uploads\/2024\/01\/medium-layered-hair-with-side-bangs-150x150.jpg 150w, https:\/\/flawlesshair.com\/wp-content\/uploads\/2024\/01\/medium-layered-hair-with-side-bangs-768x768.jpg 768w, https:\/\/flawlesshair.com\/wp-content\/uploads\/2024\/01\/medium-layered-hair-with-side-bangs-12x12.jpg 12w, https:\/\/flawlesshair.com\/wp-content\/uploads\/2024\/01\/medium-layered-hair-with-side-bangs-728x728.jpg 728w, https:\/\/flawlesshair.com\/wp-content\/uploads\/2024\/01\/medium-layered-hair-with-side-bangs-960x960.jpg 960w\" sizes=\"auto, (max-width: 760px) calc(100vw - 24px), 720px\" data-pin-media=\"https:\/\/flawlesshair.com\/wp-content\/uploads\/2024\/01\/medium-layered-hair-with-side-bangs.jpg\" id=\"mv-trellis-img-26\" data-trellis-processed=\"1\"><div style=\"position: absolute; top: 0.5rem; right: 0.75rem;\"> <a href=\"https:\/\/www.pinterest.com\/pin\/create\/button\/\" data-pin-do=\"buttonPin\" data-pin-tall=\"true\" data-pin-url=\"https:\/\/flawlesshair.com\/fr\/cheveux-degrades-moyens\/\" data-pin-media=\"https:\/\/flawlesshair.com\/wp-content\/uploads\/2024\/01\/medium-layered-hair-with-side-bangs.jpg\" data-pin-description=\"Medium Layered Hair Is The Cut You Can&rsquo;t Afford To Miss In 2025\" rel=\"nofollow noopener\" target=\"_blank\"> <\/a><\/div><\/div><figcaption class=\"wp-element-caption\">@<a href=\"https:\/\/www.instagram.com\/hairbyvantha\/\" target=\"_blank\" rel=\"noreferrer noopener nofollow\">hairbyvantha<\/a><\/figcaption><\/figure>\n<\/div>\n\n\n<p>Les cheveux mi-longs avec une frange sur le c\u00f4t\u00e9 sont un style sophistiqu\u00e9 et \u00e9l\u00e9gant qui encadre magnifiquement votre visage et met en valeur vos meilleurs atouts. Si vous n'\u00eates pas fan de la frange lat\u00e9rale, vous pouvez toujours opter pour une autre solution : la frange rideau.<\/p>\n\n\n\n<h2 class=\"wp-block-heading\">27. Cheveux mi-longs avec frange rideau<\/h2>\n\n\n<div class=\"wp-block-image\">\n<figure class=\"aligncenter size-full\"><div style=\"position: relative;\"><noscript><img loading=\"lazy\" decoding=\"async\" width=\"1080\" height=\"1080\" src=\"https:\/\/flawlesshair.com\/wp-content\/uploads\/2024\/01\/medium-layered-hair-with-curtain-bangs.jpg\" alt=\"cheveux mi-longs avec frange rideau\" class=\"wp-image-94093\" srcset=\"https:\/\/flawlesshair.com\/wp-content\/uploads\/2024\/01\/medium-layered-hair-with-curtain-bangs.jpg 1080w, https:\/\/flawlesshair.com\/wp-content\/uploads\/2024\/01\/medium-layered-hair-with-curtain-bangs-300x300.jpg 300w, https:\/\/flawlesshair.com\/wp-content\/uploads\/2024\/01\/medium-layered-hair-with-curtain-bangs-150x150.jpg 150w, https:\/\/flawlesshair.com\/wp-content\/uploads\/2024\/01\/medium-layered-hair-with-curtain-bangs-768x768.jpg 768w, https:\/\/flawlesshair.com\/wp-content\/uploads\/2024\/01\/medium-layered-hair-with-curtain-bangs-12x12.jpg 12w, https:\/\/flawlesshair.com\/wp-content\/uploads\/2024\/01\/medium-layered-hair-with-curtain-bangs-728x728.jpg 728w, https:\/\/flawlesshair.com\/wp-content\/uploads\/2024\/01\/medium-layered-hair-with-curtain-bangs-960x960.jpg 960w\" sizes=\"auto, (max-width: 760px) calc(100vw - 24px), 720px\"><\/noscript><img loading=\"lazy\" decoding=\"async\" width=\"1080\" height=\"1080\" src=\"https:\/\/flawlesshair.com\/wp-content\/uploads\/2024\/01\/medium-layered-hair-with-curtain-bangs.jpg\" alt=\"cheveux mi-longs avec frange rideau\" class=\"wp-image-94093 lazyload\" srcset=\"https:\/\/flawlesshair.com\/wp-content\/uploads\/2024\/01\/medium-layered-hair-with-curtain-bangs.jpg 1080w, https:\/\/flawlesshair.com\/wp-content\/uploads\/2024\/01\/medium-layered-hair-with-curtain-bangs-300x300.jpg 300w, https:\/\/flawlesshair.com\/wp-content\/uploads\/2024\/01\/medium-layered-hair-with-curtain-bangs-150x150.jpg 150w, https:\/\/flawlesshair.com\/wp-content\/uploads\/2024\/01\/medium-layered-hair-with-curtain-bangs-768x768.jpg 768w, https:\/\/flawlesshair.com\/wp-content\/uploads\/2024\/01\/medium-layered-hair-with-curtain-bangs-12x12.jpg 12w, https:\/\/flawlesshair.com\/wp-content\/uploads\/2024\/01\/medium-layered-hair-with-curtain-bangs-728x728.jpg 728w, https:\/\/flawlesshair.com\/wp-content\/uploads\/2024\/01\/medium-layered-hair-with-curtain-bangs-960x960.jpg 960w\" sizes=\"auto, (max-width: 760px) calc(100vw - 24px), 720px\" data-pin-media=\"https:\/\/flawlesshair.com\/wp-content\/uploads\/2024\/01\/medium-layered-hair-with-curtain-bangs.jpg\" id=\"mv-trellis-img-27\" data-trellis-processed=\"1\"><div style=\"position: absolute; top: 0.5rem; right: 0.75rem;\"> <a href=\"https:\/\/www.pinterest.com\/pin\/create\/button\/\" data-pin-do=\"buttonPin\" data-pin-tall=\"true\" data-pin-url=\"https:\/\/flawlesshair.com\/fr\/cheveux-degrades-moyens\/\" data-pin-media=\"https:\/\/flawlesshair.com\/wp-content\/uploads\/2024\/01\/medium-layered-hair-with-curtain-bangs.jpg\" data-pin-description=\"Medium Layered Hair Is The Cut You Can&rsquo;t Afford To Miss In 2025\" rel=\"nofollow noopener\" target=\"_blank\"> <\/a><\/div><\/div><figcaption class=\"wp-element-caption\">@<a href=\"https:\/\/www.instagram.com\/hairbyvantha\/\" target=\"_blank\" rel=\"noreferrer noopener nofollow\">hairbyvantha<\/a><\/figcaption><\/figure>\n<\/div>\n\n\n<p><a href=\"https:\/\/flawlesshair.com\/fr\/couches-encadrant-le-visage-pour-les-cheveux-de-longueur-moyenne\/\">Cheveux mi-longs<\/a> avec une frange rideau peut \u00eatre personnalis\u00e9e pour \u00eatre flatteuse sur toutes les formes de visage et tous les types de cheveux. Ajoutez des m\u00e8ches \u00e0 cette coiffure pour lui donner de l'ampleur.<\/p>\n\n\n\n<h2 class=\"wp-block-heading\">28. Cheveux mi-longs d\u00e9grad\u00e9s<\/h2>\n\n\n<div class=\"wp-block-image\">\n<figure class=\"aligncenter size-full\"><div style=\"position: relative;\"><noscript><img loading=\"lazy\" decoding=\"async\" width=\"1080\" height=\"1349\" src=\"https:\/\/flawlesshair.com\/wp-content\/uploads\/2024\/01\/mid-length-layered-hair.jpg\" alt=\"cheveux mi-longs d\u00e9grad\u00e9s\" class=\"wp-image-94092\" srcset=\"https:\/\/flawlesshair.com\/wp-content\/uploads\/2024\/01\/mid-length-layered-hair.jpg 1080w, https:\/\/flawlesshair.com\/wp-content\/uploads\/2024\/01\/mid-length-layered-hair-240x300.jpg 240w, https:\/\/flawlesshair.com\/wp-content\/uploads\/2024\/01\/mid-length-layered-hair-768x959.jpg 768w, https:\/\/flawlesshair.com\/wp-content\/uploads\/2024\/01\/mid-length-layered-hair-10x12.jpg 10w, https:\/\/flawlesshair.com\/wp-content\/uploads\/2024\/01\/mid-length-layered-hair-769x960.jpg 769w, https:\/\/flawlesshair.com\/wp-content\/uploads\/2024\/01\/mid-length-layered-hair-865x1080.jpg 865w, https:\/\/flawlesshair.com\/wp-content\/uploads\/2024\/01\/mid-length-layered-hair-961x1200.jpg 961w\" sizes=\"auto, (max-width: 760px) calc(100vw - 24px), 720px\"><\/noscript><img loading=\"lazy\" decoding=\"async\" width=\"1080\" height=\"1349\" src=\"https:\/\/flawlesshair.com\/wp-content\/uploads\/2024\/01\/mid-length-layered-hair.jpg\" alt=\"cheveux mi-longs d\u00e9grad\u00e9s\" class=\"wp-image-94092 lazyload\" srcset=\"https:\/\/flawlesshair.com\/wp-content\/uploads\/2024\/01\/mid-length-layered-hair.jpg 1080w, https:\/\/flawlesshair.com\/wp-content\/uploads\/2024\/01\/mid-length-layered-hair-240x300.jpg 240w, https:\/\/flawlesshair.com\/wp-content\/uploads\/2024\/01\/mid-length-layered-hair-768x959.jpg 768w, https:\/\/flawlesshair.com\/wp-content\/uploads\/2024\/01\/mid-length-layered-hair-10x12.jpg 10w, https:\/\/flawlesshair.com\/wp-content\/uploads\/2024\/01\/mid-length-layered-hair-769x960.jpg 769w, https:\/\/flawlesshair.com\/wp-content\/uploads\/2024\/01\/mid-length-layered-hair-865x1080.jpg 865w, https:\/\/flawlesshair.com\/wp-content\/uploads\/2024\/01\/mid-length-layered-hair-961x1200.jpg 961w\" sizes=\"auto, (max-width: 760px) calc(100vw - 24px), 720px\" data-pin-media=\"https:\/\/flawlesshair.com\/wp-content\/uploads\/2024\/01\/mid-length-layered-hair.jpg\" id=\"mv-trellis-img-28\" data-trellis-processed=\"1\"><div style=\"position: absolute; top: 0.5rem; right: 0.75rem;\"> <a href=\"https:\/\/www.pinterest.com\/pin\/create\/button\/\" data-pin-do=\"buttonPin\" data-pin-tall=\"true\" data-pin-url=\"https:\/\/flawlesshair.com\/fr\/cheveux-degrades-moyens\/\" data-pin-media=\"https:\/\/flawlesshair.com\/wp-content\/uploads\/2024\/01\/mid-length-layered-hair.jpg\" data-pin-description=\"Medium Layered Hair Is The Cut You Can&rsquo;t Afford To Miss In 2025\" rel=\"nofollow noopener\" target=\"_blank\"> <\/a><\/div><\/div><figcaption class=\"wp-element-caption\">@<a href=\"https:\/\/www.instagram.com\/hairbytravisvu\/\" target=\"_blank\" rel=\"noreferrer noopener nofollow\">hairbytravisvu<\/a><\/figcaption><\/figure>\n<\/div>\n\n\n<p>Vous avez des cheveux longs et fins qui manquent de texture et de volume ? Il est temps d'am\u00e9liorer votre jeu capillaire et de passer \u00e0 une coupe de cheveux mi-longs qui fera ressortir le meilleur de votre crini\u00e8re.<\/p>\n\n\n\n<h2 class=\"wp-block-heading\">29. M\u00e8ches hirsutes mi-longues avec reflets<\/h2>\n\n\n<div class=\"wp-block-image\">\n<figure class=\"aligncenter size-full\"><div style=\"position: relative;\"><noscript><img loading=\"lazy\" decoding=\"async\" width=\"1080\" height=\"1350\" src=\"https:\/\/flawlesshair.com\/wp-content\/uploads\/2024\/01\/medium-length-shaggy-layers-with-highlights.jpg\" alt=\"couches hirsutes de longueur moyenne avec m\u00e8ches\" class=\"wp-image-94091\" srcset=\"https:\/\/flawlesshair.com\/wp-content\/uploads\/2024\/01\/medium-length-shaggy-layers-with-highlights.jpg 1080w, https:\/\/flawlesshair.com\/wp-content\/uploads\/2024\/01\/medium-length-shaggy-layers-with-highlights-240x300.jpg 240w, https:\/\/flawlesshair.com\/wp-content\/uploads\/2024\/01\/medium-length-shaggy-layers-with-highlights-768x960.jpg 768w, https:\/\/flawlesshair.com\/wp-content\/uploads\/2024\/01\/medium-length-shaggy-layers-with-highlights-10x12.jpg 10w, https:\/\/flawlesshair.com\/wp-content\/uploads\/2024\/01\/medium-length-shaggy-layers-with-highlights-864x1080.jpg 864w, https:\/\/flawlesshair.com\/wp-content\/uploads\/2024\/01\/medium-length-shaggy-layers-with-highlights-960x1200.jpg 960w\" sizes=\"auto, (max-width: 760px) calc(100vw - 24px), 720px\"><\/noscript><img loading=\"lazy\" decoding=\"async\" width=\"1080\" height=\"1350\" src=\"https:\/\/flawlesshair.com\/wp-content\/uploads\/2024\/01\/medium-length-shaggy-layers-with-highlights.jpg\" alt=\"couches hirsutes de longueur moyenne avec m\u00e8ches\" class=\"wp-image-94091 lazyload\" srcset=\"https:\/\/flawlesshair.com\/wp-content\/uploads\/2024\/01\/medium-length-shaggy-layers-with-highlights.jpg 1080w, https:\/\/flawlesshair.com\/wp-content\/uploads\/2024\/01\/medium-length-shaggy-layers-with-highlights-240x300.jpg 240w, https:\/\/flawlesshair.com\/wp-content\/uploads\/2024\/01\/medium-length-shaggy-layers-with-highlights-768x960.jpg 768w, https:\/\/flawlesshair.com\/wp-content\/uploads\/2024\/01\/medium-length-shaggy-layers-with-highlights-10x12.jpg 10w, https:\/\/flawlesshair.com\/wp-content\/uploads\/2024\/01\/medium-length-shaggy-layers-with-highlights-864x1080.jpg 864w, https:\/\/flawlesshair.com\/wp-content\/uploads\/2024\/01\/medium-length-shaggy-layers-with-highlights-960x1200.jpg 960w\" sizes=\"auto, (max-width: 760px) calc(100vw - 24px), 720px\" data-pin-media=\"https:\/\/flawlesshair.com\/wp-content\/uploads\/2024\/01\/medium-length-shaggy-layers-with-highlights.jpg\" id=\"mv-trellis-img-29\" data-trellis-processed=\"1\"><div style=\"position: absolute; top: 0.5rem; right: 0.75rem;\"> <a href=\"https:\/\/www.pinterest.com\/pin\/create\/button\/\" data-pin-do=\"buttonPin\" data-pin-tall=\"true\" data-pin-url=\"https:\/\/flawlesshair.com\/fr\/cheveux-degrades-moyens\/\" data-pin-media=\"https:\/\/flawlesshair.com\/wp-content\/uploads\/2024\/01\/medium-length-shaggy-layers-with-highlights.jpg\" data-pin-description=\"Medium Layered Hair Is The Cut You Can&rsquo;t Afford To Miss In 2025\" rel=\"nofollow noopener\" target=\"_blank\"> <\/a><\/div><\/div><figcaption class=\"wp-element-caption\">@<a href=\"https:\/\/www.instagram.com\/scaleup_salon\/\" target=\"_blank\" rel=\"noreferrer noopener nofollow\">salon de coiffure<\/a><\/figcaption><\/figure>\n<\/div>\n\n\n<p>Les cheveux hirsutes, \u00e7a ne fait rien ! Rien ne donne plus de texture et de volume \u00e0 vos cheveux que les couches hirsutes. En les associant \u00e0 des m\u00e8ches, vous cr\u00e9ez une dimension irr\u00e9sistible qui appelle les compliments.<\/p>\n\n\n\n<h2 class=\"wp-block-heading\">30. Coupe mi-longue avec des couches qui encadrent le visage<\/h2>\n\n\n<div class=\"wp-block-image\">\n<figure class=\"aligncenter size-full\"><div style=\"position: relative;\"><noscript><img loading=\"lazy\" decoding=\"async\" width=\"564\" height=\"705\" src=\"https:\/\/flawlesshair.com\/wp-content\/uploads\/2024\/01\/mid-length-cut-with-face-framing-layers.jpg\" alt=\"coupe mi-longue avec des couches qui encadrent le visage\" class=\"wp-image-94090\" srcset=\"https:\/\/flawlesshair.com\/wp-content\/uploads\/2024\/01\/mid-length-cut-with-face-framing-layers.jpg 564w, https:\/\/flawlesshair.com\/wp-content\/uploads\/2024\/01\/mid-length-cut-with-face-framing-layers-240x300.jpg 240w, https:\/\/flawlesshair.com\/wp-content\/uploads\/2024\/01\/mid-length-cut-with-face-framing-layers-10x12.jpg 10w\" sizes=\"auto, (max-width: 564px) 100vw, 564px\"><\/noscript><img loading=\"lazy\" decoding=\"async\" width=\"564\" height=\"705\" src=\"https:\/\/flawlesshair.com\/wp-content\/uploads\/2024\/01\/mid-length-cut-with-face-framing-layers.jpg\" alt=\"coupe mi-longue avec des couches qui encadrent le visage\" class=\"wp-image-94090 lazyload\" srcset=\"https:\/\/flawlesshair.com\/wp-content\/uploads\/2024\/01\/mid-length-cut-with-face-framing-layers.jpg 564w, https:\/\/flawlesshair.com\/wp-content\/uploads\/2024\/01\/mid-length-cut-with-face-framing-layers-240x300.jpg 240w, https:\/\/flawlesshair.com\/wp-content\/uploads\/2024\/01\/mid-length-cut-with-face-framing-layers-10x12.jpg 10w\" sizes=\"auto, (max-width: 564px) 100vw, 564px\" data-pin-media=\"https:\/\/flawlesshair.com\/wp-content\/uploads\/2024\/01\/mid-length-cut-with-face-framing-layers.jpg\" id=\"mv-trellis-img-30\" data-trellis-processed=\"1\"><div style=\"position: absolute; top: 0.5rem; right: 0.75rem;\"> <a href=\"https:\/\/www.pinterest.com\/pin\/create\/button\/\" data-pin-do=\"buttonPin\" data-pin-tall=\"true\" data-pin-url=\"https:\/\/flawlesshair.com\/fr\/cheveux-degrades-moyens\/\" data-pin-media=\"https:\/\/flawlesshair.com\/wp-content\/uploads\/2024\/01\/mid-length-cut-with-face-framing-layers.jpg\" data-pin-description=\"Medium Layered Hair Is The Cut You Can&rsquo;t Afford To Miss In 2025\" rel=\"nofollow noopener\" target=\"_blank\"> <\/a><\/div><\/div><figcaption class=\"wp-element-caption\">@<a href=\"https:\/\/www.instagram.com\/latesthair\/\" target=\"_blank\" rel=\"noreferrer noopener nofollow\">derni\u00e8rehair<\/a><\/figcaption><\/figure>\n<\/div>\n\n\n<p>Les couches qui encadrent le visage sont charg\u00e9es d'encadrer votre visage et de vous donner un air jeune. Pimentez cette coiffure avec des couleurs vives pour une apparence plus personnalis\u00e9e. <\/p>\n\n\n\n<h2 class=\"wp-block-heading\">31. Coupe mi-longue blond platine<\/h2>\n\n\n<div class=\"wp-block-image\">\n<figure class=\"aligncenter size-full\"><div style=\"position: relative;\"><noscript><img loading=\"lazy\" decoding=\"async\" width=\"1080\" height=\"1284\" src=\"https:\/\/flawlesshair.com\/wp-content\/uploads\/2024\/01\/platinum-blonde-mid-length-cut.jpg\" alt=\"coupe mi-longue blonde platine\" class=\"wp-image-94089\" srcset=\"https:\/\/flawlesshair.com\/wp-content\/uploads\/2024\/01\/platinum-blonde-mid-length-cut.jpg 1080w, https:\/\/flawlesshair.com\/wp-content\/uploads\/2024\/01\/platinum-blonde-mid-length-cut-252x300.jpg 252w, https:\/\/flawlesshair.com\/wp-content\/uploads\/2024\/01\/platinum-blonde-mid-length-cut-768x913.jpg 768w, https:\/\/flawlesshair.com\/wp-content\/uploads\/2024\/01\/platinum-blonde-mid-length-cut-10x12.jpg 10w, https:\/\/flawlesshair.com\/wp-content\/uploads\/2024\/01\/platinum-blonde-mid-length-cut-807x960.jpg 807w, https:\/\/flawlesshair.com\/wp-content\/uploads\/2024\/01\/platinum-blonde-mid-length-cut-908x1080.jpg 908w, https:\/\/flawlesshair.com\/wp-content\/uploads\/2024\/01\/platinum-blonde-mid-length-cut-1009x1200.jpg 1009w\" sizes=\"auto, (max-width: 760px) calc(100vw - 24px), 720px\"><\/noscript><img loading=\"lazy\" decoding=\"async\" width=\"1080\" height=\"1284\" src=\"https:\/\/flawlesshair.com\/wp-content\/uploads\/2024\/01\/platinum-blonde-mid-length-cut.jpg\" alt=\"coupe mi-longue blonde platine\" class=\"wp-image-94089 lazyload\" srcset=\"https:\/\/flawlesshair.com\/wp-content\/uploads\/2024\/01\/platinum-blonde-mid-length-cut.jpg 1080w, https:\/\/flawlesshair.com\/wp-content\/uploads\/2024\/01\/platinum-blonde-mid-length-cut-252x300.jpg 252w, https:\/\/flawlesshair.com\/wp-content\/uploads\/2024\/01\/platinum-blonde-mid-length-cut-768x913.jpg 768w, https:\/\/flawlesshair.com\/wp-content\/uploads\/2024\/01\/platinum-blonde-mid-length-cut-10x12.jpg 10w, https:\/\/flawlesshair.com\/wp-content\/uploads\/2024\/01\/platinum-blonde-mid-length-cut-807x960.jpg 807w, https:\/\/flawlesshair.com\/wp-content\/uploads\/2024\/01\/platinum-blonde-mid-length-cut-908x1080.jpg 908w, https:\/\/flawlesshair.com\/wp-content\/uploads\/2024\/01\/platinum-blonde-mid-length-cut-1009x1200.jpg 1009w\" sizes=\"auto, (max-width: 760px) calc(100vw - 24px), 720px\" data-pin-media=\"https:\/\/flawlesshair.com\/wp-content\/uploads\/2024\/01\/platinum-blonde-mid-length-cut.jpg\" id=\"mv-trellis-img-31\" data-trellis-processed=\"1\"><div style=\"position: absolute; top: 0.5rem; right: 0.75rem;\"> <a href=\"https:\/\/www.pinterest.com\/pin\/create\/button\/\" data-pin-do=\"buttonPin\" data-pin-tall=\"true\" data-pin-url=\"https:\/\/flawlesshair.com\/fr\/cheveux-degrades-moyens\/\" data-pin-media=\"https:\/\/flawlesshair.com\/wp-content\/uploads\/2024\/01\/platinum-blonde-mid-length-cut.jpg\" data-pin-description=\"Medium Layered Hair Is The Cut You Can&rsquo;t Afford To Miss In 2025\" rel=\"nofollow noopener\" target=\"_blank\"> <\/a><\/div><\/div><figcaption class=\"wp-element-caption\">@<a href=\"https:\/\/www.instagram.com\/therighthairstyles\/\" target=\"_blank\" rel=\"noreferrer noopener nofollow\">les coiffures de cheveux<\/a><\/figcaption><\/figure>\n<\/div>\n\n\n<p>Le blond platine est la nuance de blond la plus claire, parfaite pour obtenir un look \u00e9th\u00e9r\u00e9. La coupe mi-longue blond platine est un style qui fait tourner les t\u00eates sans en faire trop.<\/p>\n\n\n\n<h2 class=\"wp-block-heading\">32. Lob \u00e9paul\u00e9 et superpos\u00e9<\/h2>\n\n\n<div class=\"wp-block-image\">\n<figure class=\"aligncenter size-full\"><div style=\"position: relative;\"><noscript><img loading=\"lazy\" decoding=\"async\" width=\"564\" height=\"705\" src=\"https:\/\/flawlesshair.com\/wp-content\/uploads\/2024\/01\/shoulder-length-layered-lob.jpg\" alt=\"lob \u00e9paul\u00e9 et superpos\u00e9\" class=\"wp-image-94088\" srcset=\"https:\/\/flawlesshair.com\/wp-content\/uploads\/2024\/01\/shoulder-length-layered-lob.jpg 564w, https:\/\/flawlesshair.com\/wp-content\/uploads\/2024\/01\/shoulder-length-layered-lob-240x300.jpg 240w, https:\/\/flawlesshair.com\/wp-content\/uploads\/2024\/01\/shoulder-length-layered-lob-10x12.jpg 10w\" sizes=\"auto, (max-width: 564px) 100vw, 564px\"><\/noscript><img loading=\"lazy\" decoding=\"async\" width=\"564\" height=\"705\" src=\"https:\/\/flawlesshair.com\/wp-content\/uploads\/2024\/01\/shoulder-length-layered-lob.jpg\" alt=\"lob \u00e9paul\u00e9 et superpos\u00e9\" class=\"wp-image-94088 lazyload\" srcset=\"https:\/\/flawlesshair.com\/wp-content\/uploads\/2024\/01\/shoulder-length-layered-lob.jpg 564w, https:\/\/flawlesshair.com\/wp-content\/uploads\/2024\/01\/shoulder-length-layered-lob-240x300.jpg 240w, https:\/\/flawlesshair.com\/wp-content\/uploads\/2024\/01\/shoulder-length-layered-lob-10x12.jpg 10w\" sizes=\"auto, (max-width: 564px) 100vw, 564px\" data-pin-media=\"https:\/\/flawlesshair.com\/wp-content\/uploads\/2024\/01\/shoulder-length-layered-lob.jpg\" id=\"mv-trellis-img-32\" data-trellis-processed=\"1\"><div style=\"position: absolute; top: 0.5rem; right: 0.75rem;\"> <a href=\"https:\/\/www.pinterest.com\/pin\/create\/button\/\" data-pin-do=\"buttonPin\" data-pin-tall=\"true\" data-pin-url=\"https:\/\/flawlesshair.com\/fr\/cheveux-degrades-moyens\/\" data-pin-media=\"https:\/\/flawlesshair.com\/wp-content\/uploads\/2024\/01\/shoulder-length-layered-lob.jpg\" data-pin-description=\"Medium Layered Hair Is The Cut You Can&rsquo;t Afford To Miss In 2025\" rel=\"nofollow noopener\" target=\"_blank\"> <\/a><\/div><\/div><figcaption class=\"wp-element-caption\">@<a href=\"https:\/\/www.instagram.com\/latesthair\/\" target=\"_blank\" rel=\"noreferrer noopener nofollow\">derni\u00e8rehair<\/a><\/figcaption><\/figure>\n<\/div>\n\n\n<p>Les cheveux d\u00e9grad\u00e9s jusqu'aux \u00e9paules ont beaucoup de volume et de texture. C'est une excellente option pour ceux qui veulent cr\u00e9er l'illusion d'une crini\u00e8re plus \u00e9paisse et plus volumineuse.<\/p>\n\n\n\n<h2 class=\"wp-block-heading\">33. Mousy Blonde Coupe moyenne d\u00e9grad\u00e9e<\/h2>\n\n\n<div class=\"wp-block-image\">\n<figure class=\"aligncenter size-full\"><div style=\"position: relative;\"><noscript><img loading=\"lazy\" decoding=\"async\" width=\"1080\" height=\"1350\" src=\"https:\/\/flawlesshair.com\/wp-content\/uploads\/2024\/01\/mousy-blonde-medium-layered-cut.jpg\" alt=\"blonde moustique coupe d\u00e9grad\u00e9e moyenne\" class=\"wp-image-94087\" srcset=\"https:\/\/flawlesshair.com\/wp-content\/uploads\/2024\/01\/mousy-blonde-medium-layered-cut.jpg 1080w, https:\/\/flawlesshair.com\/wp-content\/uploads\/2024\/01\/mousy-blonde-medium-layered-cut-240x300.jpg 240w, https:\/\/flawlesshair.com\/wp-content\/uploads\/2024\/01\/mousy-blonde-medium-layered-cut-768x960.jpg 768w, https:\/\/flawlesshair.com\/wp-content\/uploads\/2024\/01\/mousy-blonde-medium-layered-cut-10x12.jpg 10w, https:\/\/flawlesshair.com\/wp-content\/uploads\/2024\/01\/mousy-blonde-medium-layered-cut-864x1080.jpg 864w, https:\/\/flawlesshair.com\/wp-content\/uploads\/2024\/01\/mousy-blonde-medium-layered-cut-960x1200.jpg 960w\" sizes=\"auto, (max-width: 760px) calc(100vw - 24px), 720px\"><\/noscript><img loading=\"lazy\" decoding=\"async\" width=\"1080\" height=\"1350\" src=\"https:\/\/flawlesshair.com\/wp-content\/uploads\/2024\/01\/mousy-blonde-medium-layered-cut.jpg\" alt=\"blonde moustique coupe d\u00e9grad\u00e9e moyenne\" class=\"wp-image-94087 lazyload\" srcset=\"https:\/\/flawlesshair.com\/wp-content\/uploads\/2024\/01\/mousy-blonde-medium-layered-cut.jpg 1080w, https:\/\/flawlesshair.com\/wp-content\/uploads\/2024\/01\/mousy-blonde-medium-layered-cut-240x300.jpg 240w, https:\/\/flawlesshair.com\/wp-content\/uploads\/2024\/01\/mousy-blonde-medium-layered-cut-768x960.jpg 768w, https:\/\/flawlesshair.com\/wp-content\/uploads\/2024\/01\/mousy-blonde-medium-layered-cut-10x12.jpg 10w, https:\/\/flawlesshair.com\/wp-content\/uploads\/2024\/01\/mousy-blonde-medium-layered-cut-864x1080.jpg 864w, https:\/\/flawlesshair.com\/wp-content\/uploads\/2024\/01\/mousy-blonde-medium-layered-cut-960x1200.jpg 960w\" sizes=\"auto, (max-width: 760px) calc(100vw - 24px), 720px\" data-pin-media=\"https:\/\/flawlesshair.com\/wp-content\/uploads\/2024\/01\/mousy-blonde-medium-layered-cut.jpg\" id=\"mv-trellis-img-33\" data-trellis-processed=\"1\"><div style=\"position: absolute; top: 0.5rem; right: 0.75rem;\"> <a href=\"https:\/\/www.pinterest.com\/pin\/create\/button\/\" data-pin-do=\"buttonPin\" data-pin-tall=\"true\" data-pin-url=\"https:\/\/flawlesshair.com\/fr\/cheveux-degrades-moyens\/\" data-pin-media=\"https:\/\/flawlesshair.com\/wp-content\/uploads\/2024\/01\/mousy-blonde-medium-layered-cut.jpg\" data-pin-description=\"Medium Layered Hair Is The Cut You Can&rsquo;t Afford To Miss In 2025\" rel=\"nofollow noopener\" target=\"_blank\"> <\/a><\/div><\/div><figcaption class=\"wp-element-caption\">@<a href=\"https:\/\/www.instagram.com\/caterina_caminiti\/\" target=\"_blank\" rel=\"noreferrer noopener nofollow\">caterina_caminiti<\/a><\/figcaption><\/figure>\n<\/div>\n\n\n<p>Mousy blonde est une nuance de blonde vivante qui combine des tons de brun clair et de blond pour un look naturel. Bien s\u00fbr, les d\u00e9grad\u00e9s font ressortir le meilleur de cette magnifique couleur de cheveux.<\/p>\n\n\n\n<h2 class=\"wp-block-heading\">34. Coupe de cheveux mi-longs \u00e0 d\u00e9grad\u00e9s souples<\/h2>\n\n\n<div class=\"wp-block-image\">\n<figure class=\"aligncenter size-full\"><div style=\"position: relative;\"><noscript><img loading=\"lazy\" decoding=\"async\" width=\"1080\" height=\"1350\" src=\"https:\/\/flawlesshair.com\/wp-content\/uploads\/2024\/01\/medium-length-soft-layered-haircut.jpg\" alt=\"coupe de cheveux mi-longs en d\u00e9grad\u00e9 doux\" class=\"wp-image-94086\" srcset=\"https:\/\/flawlesshair.com\/wp-content\/uploads\/2024\/01\/medium-length-soft-layered-haircut.jpg 1080w, https:\/\/flawlesshair.com\/wp-content\/uploads\/2024\/01\/medium-length-soft-layered-haircut-240x300.jpg 240w, https:\/\/flawlesshair.com\/wp-content\/uploads\/2024\/01\/medium-length-soft-layered-haircut-768x960.jpg 768w, https:\/\/flawlesshair.com\/wp-content\/uploads\/2024\/01\/medium-length-soft-layered-haircut-10x12.jpg 10w, https:\/\/flawlesshair.com\/wp-content\/uploads\/2024\/01\/medium-length-soft-layered-haircut-864x1080.jpg 864w, https:\/\/flawlesshair.com\/wp-content\/uploads\/2024\/01\/medium-length-soft-layered-haircut-960x1200.jpg 960w\" sizes=\"auto, (max-width: 760px) calc(100vw - 24px), 720px\"><\/noscript><img loading=\"lazy\" decoding=\"async\" width=\"1080\" height=\"1350\" src=\"https:\/\/flawlesshair.com\/wp-content\/uploads\/2024\/01\/medium-length-soft-layered-haircut.jpg\" alt=\"coupe de cheveux mi-longs en d\u00e9grad\u00e9 doux\" class=\"wp-image-94086 lazyload\" srcset=\"https:\/\/flawlesshair.com\/wp-content\/uploads\/2024\/01\/medium-length-soft-layered-haircut.jpg 1080w, https:\/\/flawlesshair.com\/wp-content\/uploads\/2024\/01\/medium-length-soft-layered-haircut-240x300.jpg 240w, https:\/\/flawlesshair.com\/wp-content\/uploads\/2024\/01\/medium-length-soft-layered-haircut-768x960.jpg 768w, https:\/\/flawlesshair.com\/wp-content\/uploads\/2024\/01\/medium-length-soft-layered-haircut-10x12.jpg 10w, https:\/\/flawlesshair.com\/wp-content\/uploads\/2024\/01\/medium-length-soft-layered-haircut-864x1080.jpg 864w, https:\/\/flawlesshair.com\/wp-content\/uploads\/2024\/01\/medium-length-soft-layered-haircut-960x1200.jpg 960w\" sizes=\"auto, (max-width: 760px) calc(100vw - 24px), 720px\" data-pin-media=\"https:\/\/flawlesshair.com\/wp-content\/uploads\/2024\/01\/medium-length-soft-layered-haircut.jpg\" id=\"mv-trellis-img-34\" data-trellis-processed=\"1\"><div style=\"position: absolute; top: 0.5rem; right: 0.75rem;\"> <a href=\"https:\/\/www.pinterest.com\/pin\/create\/button\/\" data-pin-do=\"buttonPin\" data-pin-tall=\"true\" data-pin-url=\"https:\/\/flawlesshair.com\/fr\/cheveux-degrades-moyens\/\" data-pin-media=\"https:\/\/flawlesshair.com\/wp-content\/uploads\/2024\/01\/medium-length-soft-layered-haircut.jpg\" data-pin-description=\"Medium Layered Hair Is The Cut You Can&rsquo;t Afford To Miss In 2025\" rel=\"nofollow noopener\" target=\"_blank\"> <\/a><\/div><\/div><figcaption class=\"wp-element-caption\">@<a href=\"https:\/\/www.instagram.com\/missiehairstudio\/\" target=\"_blank\" rel=\"noreferrer noopener nofollow\">missiehairstudio<\/a><\/figcaption><\/figure>\n<\/div>\n\n\n<p>La coupe de cheveux mi-longs \u00e0 d\u00e9grad\u00e9s souples pr\u00e9sente des d\u00e9grad\u00e9s d\u00e9licats et souples pour une apparence belle et f\u00e9minine. Cette coupe d\u00e9structure les cheveux \u00e9pais et donne du volume aux cheveux fins. En d'autres termes, elle r\u00e9pond \u00e0 toutes les attentes.<\/p>\n\n\n\n<h2 class=\"wp-block-heading\">35. Coupe douce et d\u00e9grad\u00e9e avec frange rideau<\/h2>\n\n\n<div class=\"wp-block-image\">\n<figure class=\"aligncenter size-full\"><div style=\"position: relative;\"><noscript><img loading=\"lazy\" decoding=\"async\" width=\"1080\" height=\"1350\" src=\"https:\/\/flawlesshair.com\/wp-content\/uploads\/2024\/01\/soft-layered-cut-with-curtain-bangs.jpg\" alt=\"coupe douce et d\u00e9grad\u00e9e avec frange en rideau\" class=\"wp-image-94085\" srcset=\"https:\/\/flawlesshair.com\/wp-content\/uploads\/2024\/01\/soft-layered-cut-with-curtain-bangs.jpg 1080w, https:\/\/flawlesshair.com\/wp-content\/uploads\/2024\/01\/soft-layered-cut-with-curtain-bangs-240x300.jpg 240w, https:\/\/flawlesshair.com\/wp-content\/uploads\/2024\/01\/soft-layered-cut-with-curtain-bangs-768x960.jpg 768w, https:\/\/flawlesshair.com\/wp-content\/uploads\/2024\/01\/soft-layered-cut-with-curtain-bangs-10x12.jpg 10w, https:\/\/flawlesshair.com\/wp-content\/uploads\/2024\/01\/soft-layered-cut-with-curtain-bangs-864x1080.jpg 864w, https:\/\/flawlesshair.com\/wp-content\/uploads\/2024\/01\/soft-layered-cut-with-curtain-bangs-960x1200.jpg 960w\" sizes=\"auto, (max-width: 760px) calc(100vw - 24px), 720px\"><\/noscript><img loading=\"lazy\" decoding=\"async\" width=\"1080\" height=\"1350\" src=\"https:\/\/flawlesshair.com\/wp-content\/uploads\/2024\/01\/soft-layered-cut-with-curtain-bangs.jpg\" alt=\"coupe douce et d\u00e9grad\u00e9e avec frange en rideau\" class=\"wp-image-94085 lazyload\" srcset=\"https:\/\/flawlesshair.com\/wp-content\/uploads\/2024\/01\/soft-layered-cut-with-curtain-bangs.jpg 1080w, https:\/\/flawlesshair.com\/wp-content\/uploads\/2024\/01\/soft-layered-cut-with-curtain-bangs-240x300.jpg 240w, https:\/\/flawlesshair.com\/wp-content\/uploads\/2024\/01\/soft-layered-cut-with-curtain-bangs-768x960.jpg 768w, https:\/\/flawlesshair.com\/wp-content\/uploads\/2024\/01\/soft-layered-cut-with-curtain-bangs-10x12.jpg 10w, https:\/\/flawlesshair.com\/wp-content\/uploads\/2024\/01\/soft-layered-cut-with-curtain-bangs-864x1080.jpg 864w, https:\/\/flawlesshair.com\/wp-content\/uploads\/2024\/01\/soft-layered-cut-with-curtain-bangs-960x1200.jpg 960w\" sizes=\"auto, (max-width: 760px) calc(100vw - 24px), 720px\" data-pin-media=\"https:\/\/flawlesshair.com\/wp-content\/uploads\/2024\/01\/soft-layered-cut-with-curtain-bangs.jpg\" id=\"mv-trellis-img-35\" data-trellis-processed=\"1\"><div style=\"position: absolute; top: 0.5rem; right: 0.75rem;\"> <a href=\"https:\/\/www.pinterest.com\/pin\/create\/button\/\" data-pin-do=\"buttonPin\" data-pin-tall=\"true\" data-pin-url=\"https:\/\/flawlesshair.com\/fr\/cheveux-degrades-moyens\/\" data-pin-media=\"https:\/\/flawlesshair.com\/wp-content\/uploads\/2024\/01\/soft-layered-cut-with-curtain-bangs.jpg\" data-pin-description=\"Medium Layered Hair Is The Cut You Can&rsquo;t Afford To Miss In 2025\" rel=\"nofollow noopener\" target=\"_blank\"> <\/a><\/div><\/div><figcaption class=\"wp-element-caption\">@<a href=\"https:\/\/www.instagram.com\/bonohi\/\" target=\"_blank\" rel=\"noreferrer noopener nofollow\">bonohi<\/a><\/figcaption><\/figure>\n<\/div>\n\n\n<p>La frange rideau ajoute de la sophistication \u00e0 toutes les coupes de cheveux, y compris les coupes d\u00e9grad\u00e9es moyennes. Ce style est id\u00e9al pour encadrer le visage.<\/p>\n\n\n\n<h2 class=\"wp-block-heading\">36. Balayage chocolat caramel Coupe moyenne d\u00e9grad\u00e9e<\/h2>\n\n\n<div class=\"wp-block-image\">\n<figure class=\"aligncenter size-full\"><div style=\"position: relative;\"><noscript><img loading=\"lazy\" decoding=\"async\" width=\"1080\" height=\"1350\" src=\"https:\/\/flawlesshair.com\/wp-content\/uploads\/2024\/01\/chocolate-caramel-balayage-medium-layered-cut.jpg\" alt=\"balayage chocolat caramel coupe moyenne d\u00e9grad\u00e9e\" class=\"wp-image-94084\" srcset=\"https:\/\/flawlesshair.com\/wp-content\/uploads\/2024\/01\/chocolate-caramel-balayage-medium-layered-cut.jpg 1080w, https:\/\/flawlesshair.com\/wp-content\/uploads\/2024\/01\/chocolate-caramel-balayage-medium-layered-cut-240x300.jpg 240w, https:\/\/flawlesshair.com\/wp-content\/uploads\/2024\/01\/chocolate-caramel-balayage-medium-layered-cut-768x960.jpg 768w, https:\/\/flawlesshair.com\/wp-content\/uploads\/2024\/01\/chocolate-caramel-balayage-medium-layered-cut-10x12.jpg 10w, https:\/\/flawlesshair.com\/wp-content\/uploads\/2024\/01\/chocolate-caramel-balayage-medium-layered-cut-864x1080.jpg 864w, https:\/\/flawlesshair.com\/wp-content\/uploads\/2024\/01\/chocolate-caramel-balayage-medium-layered-cut-960x1200.jpg 960w\" sizes=\"auto, (max-width: 760px) calc(100vw - 24px), 720px\"><\/noscript><img loading=\"lazy\" decoding=\"async\" width=\"1080\" height=\"1350\" src=\"https:\/\/flawlesshair.com\/wp-content\/uploads\/2024\/01\/chocolate-caramel-balayage-medium-layered-cut.jpg\" alt=\"balayage chocolat caramel coupe moyenne d\u00e9grad\u00e9e\" class=\"wp-image-94084 lazyload\" srcset=\"https:\/\/flawlesshair.com\/wp-content\/uploads\/2024\/01\/chocolate-caramel-balayage-medium-layered-cut.jpg 1080w, https:\/\/flawlesshair.com\/wp-content\/uploads\/2024\/01\/chocolate-caramel-balayage-medium-layered-cut-240x300.jpg 240w, https:\/\/flawlesshair.com\/wp-content\/uploads\/2024\/01\/chocolate-caramel-balayage-medium-layered-cut-768x960.jpg 768w, https:\/\/flawlesshair.com\/wp-content\/uploads\/2024\/01\/chocolate-caramel-balayage-medium-layered-cut-10x12.jpg 10w, https:\/\/flawlesshair.com\/wp-content\/uploads\/2024\/01\/chocolate-caramel-balayage-medium-layered-cut-864x1080.jpg 864w, https:\/\/flawlesshair.com\/wp-content\/uploads\/2024\/01\/chocolate-caramel-balayage-medium-layered-cut-960x1200.jpg 960w\" sizes=\"auto, (max-width: 760px) calc(100vw - 24px), 720px\" data-pin-media=\"https:\/\/flawlesshair.com\/wp-content\/uploads\/2024\/01\/chocolate-caramel-balayage-medium-layered-cut.jpg\" id=\"mv-trellis-img-36\" data-trellis-processed=\"1\"><div style=\"position: absolute; top: 0.5rem; right: 0.75rem;\"> <a href=\"https:\/\/www.pinterest.com\/pin\/create\/button\/\" data-pin-do=\"buttonPin\" data-pin-tall=\"true\" data-pin-url=\"https:\/\/flawlesshair.com\/fr\/cheveux-degrades-moyens\/\" data-pin-media=\"https:\/\/flawlesshair.com\/wp-content\/uploads\/2024\/01\/chocolate-caramel-balayage-medium-layered-cut.jpg\" data-pin-description=\"Medium Layered Hair Is The Cut You Can&rsquo;t Afford To Miss In 2025\" rel=\"nofollow noopener\" target=\"_blank\"> <\/a><\/div><\/div><figcaption class=\"wp-element-caption\">@<a href=\"https:\/\/www.instagram.com\/hairbyvantha\/\" target=\"_blank\" rel=\"noreferrer noopener nofollow\">hairbyvantha<\/a><\/figcaption><\/figure>\n<\/div>\n\n\n<p>Le balayage chocolat caramel combine des tons bruns fonc\u00e9s et caramel pour un look magnifique et dimensionnel. Cette coupe de cheveux envo\u00fbtante s'associe parfaitement \u00e0 des d\u00e9grad\u00e9s qui encadrent le visage.<\/p>\n\n\n\n<h2 class=\"wp-block-heading\">37. Coupe papillon moyenne<\/h2>\n\n\n<div class=\"wp-block-image\">\n<figure class=\"aligncenter size-full\"><div style=\"position: relative;\"><noscript><img loading=\"lazy\" decoding=\"async\" width=\"1080\" height=\"1350\" src=\"https:\/\/flawlesshair.com\/wp-content\/uploads\/2024\/01\/medium-butterfly-haircut.jpg\" alt=\"coupe papillon moyenne\" class=\"wp-image-94083\" srcset=\"https:\/\/flawlesshair.com\/wp-content\/uploads\/2024\/01\/medium-butterfly-haircut.jpg 1080w, https:\/\/flawlesshair.com\/wp-content\/uploads\/2024\/01\/medium-butterfly-haircut-240x300.jpg 240w, https:\/\/flawlesshair.com\/wp-content\/uploads\/2024\/01\/medium-butterfly-haircut-768x960.jpg 768w, https:\/\/flawlesshair.com\/wp-content\/uploads\/2024\/01\/medium-butterfly-haircut-10x12.jpg 10w, https:\/\/flawlesshair.com\/wp-content\/uploads\/2024\/01\/medium-butterfly-haircut-864x1080.jpg 864w, https:\/\/flawlesshair.com\/wp-content\/uploads\/2024\/01\/medium-butterfly-haircut-960x1200.jpg 960w\" sizes=\"auto, (max-width: 760px) calc(100vw - 24px), 720px\"><\/noscript><img loading=\"lazy\" decoding=\"async\" width=\"1080\" height=\"1350\" src=\"https:\/\/flawlesshair.com\/wp-content\/uploads\/2024\/01\/medium-butterfly-haircut.jpg\" alt=\"coupe papillon moyenne\" class=\"wp-image-94083 lazyload\" srcset=\"https:\/\/flawlesshair.com\/wp-content\/uploads\/2024\/01\/medium-butterfly-haircut.jpg 1080w, https:\/\/flawlesshair.com\/wp-content\/uploads\/2024\/01\/medium-butterfly-haircut-240x300.jpg 240w, https:\/\/flawlesshair.com\/wp-content\/uploads\/2024\/01\/medium-butterfly-haircut-768x960.jpg 768w, https:\/\/flawlesshair.com\/wp-content\/uploads\/2024\/01\/medium-butterfly-haircut-10x12.jpg 10w, https:\/\/flawlesshair.com\/wp-content\/uploads\/2024\/01\/medium-butterfly-haircut-864x1080.jpg 864w, https:\/\/flawlesshair.com\/wp-content\/uploads\/2024\/01\/medium-butterfly-haircut-960x1200.jpg 960w\" sizes=\"auto, (max-width: 760px) calc(100vw - 24px), 720px\" data-pin-media=\"https:\/\/flawlesshair.com\/wp-content\/uploads\/2024\/01\/medium-butterfly-haircut.jpg\" id=\"mv-trellis-img-37\" data-trellis-processed=\"1\"><div style=\"position: absolute; top: 0.5rem; right: 0.75rem;\"> <a href=\"https:\/\/www.pinterest.com\/pin\/create\/button\/\" data-pin-do=\"buttonPin\" data-pin-tall=\"true\" data-pin-url=\"https:\/\/flawlesshair.com\/fr\/cheveux-degrades-moyens\/\" data-pin-media=\"https:\/\/flawlesshair.com\/wp-content\/uploads\/2024\/01\/medium-butterfly-haircut.jpg\" data-pin-description=\"Medium Layered Hair Is The Cut You Can&rsquo;t Afford To Miss In 2025\" rel=\"nofollow noopener\" target=\"_blank\"> <\/a><\/div><\/div><figcaption class=\"wp-element-caption\">@<a href=\"https:\/\/www.instagram.com\/kerrrshaw\/\" target=\"_blank\" rel=\"noreferrer noopener nofollow\">kerrrshaw<\/a><\/figcaption><\/figure>\n<\/div>\n\n\n<p>Les coupes papillon sont <a href=\"https:\/\/flawlesshair.com\/fr\/cheveux-tres-degrades-moyenne-plus-de-50-ans\/\">coupes de cheveux tr\u00e8s d\u00e9grad\u00e9es<\/a> avec des couches courtes et longues qui cr\u00e9ent une apparence dynamique. Rehaussez votre coupe papillon moyenne avec des m\u00e8ches blondes classiques (si vous avez les cheveux fonc\u00e9s) ou un balayage.<\/p>\n\n\n\n<h2 class=\"wp-block-heading\">38. Cheveux d\u00e9grad\u00e9s brun chocolat avec frange rideau<\/h2>\n\n\n<div class=\"wp-block-image\">\n<figure class=\"aligncenter size-full\"><div style=\"position: relative;\"><noscript><img loading=\"lazy\" decoding=\"async\" width=\"1080\" height=\"1350\" src=\"https:\/\/flawlesshair.com\/wp-content\/uploads\/2024\/01\/chocolate-brown-layered-hair-with-curtain-bangs.jpg\" alt=\"cheveux d\u00e9grad\u00e9s brun chocolat avec frange rideau\" class=\"wp-image-94418\" srcset=\"https:\/\/flawlesshair.com\/wp-content\/uploads\/2024\/01\/chocolate-brown-layered-hair-with-curtain-bangs.jpg 1080w, https:\/\/flawlesshair.com\/wp-content\/uploads\/2024\/01\/chocolate-brown-layered-hair-with-curtain-bangs-240x300.jpg 240w, https:\/\/flawlesshair.com\/wp-content\/uploads\/2024\/01\/chocolate-brown-layered-hair-with-curtain-bangs-768x960.jpg 768w, https:\/\/flawlesshair.com\/wp-content\/uploads\/2024\/01\/chocolate-brown-layered-hair-with-curtain-bangs-10x12.jpg 10w, https:\/\/flawlesshair.com\/wp-content\/uploads\/2024\/01\/chocolate-brown-layered-hair-with-curtain-bangs-864x1080.jpg 864w, https:\/\/flawlesshair.com\/wp-content\/uploads\/2024\/01\/chocolate-brown-layered-hair-with-curtain-bangs-960x1200.jpg 960w\" sizes=\"auto, (max-width: 760px) calc(100vw - 24px), 720px\"><\/noscript><img loading=\"lazy\" decoding=\"async\" width=\"1080\" height=\"1350\" src=\"https:\/\/flawlesshair.com\/wp-content\/uploads\/2024\/01\/chocolate-brown-layered-hair-with-curtain-bangs.jpg\" alt=\"cheveux d\u00e9grad\u00e9s brun chocolat avec frange rideau\" class=\"wp-image-94418 lazyload\" srcset=\"https:\/\/flawlesshair.com\/wp-content\/uploads\/2024\/01\/chocolate-brown-layered-hair-with-curtain-bangs.jpg 1080w, https:\/\/flawlesshair.com\/wp-content\/uploads\/2024\/01\/chocolate-brown-layered-hair-with-curtain-bangs-240x300.jpg 240w, https:\/\/flawlesshair.com\/wp-content\/uploads\/2024\/01\/chocolate-brown-layered-hair-with-curtain-bangs-768x960.jpg 768w, https:\/\/flawlesshair.com\/wp-content\/uploads\/2024\/01\/chocolate-brown-layered-hair-with-curtain-bangs-10x12.jpg 10w, https:\/\/flawlesshair.com\/wp-content\/uploads\/2024\/01\/chocolate-brown-layered-hair-with-curtain-bangs-864x1080.jpg 864w, https:\/\/flawlesshair.com\/wp-content\/uploads\/2024\/01\/chocolate-brown-layered-hair-with-curtain-bangs-960x1200.jpg 960w\" sizes=\"auto, (max-width: 760px) calc(100vw - 24px), 720px\" data-pin-media=\"https:\/\/flawlesshair.com\/wp-content\/uploads\/2024\/01\/chocolate-brown-layered-hair-with-curtain-bangs.jpg\" id=\"mv-trellis-img-38\" data-trellis-processed=\"1\"><div style=\"position: absolute; top: 0.5rem; right: 0.75rem;\"> <a href=\"https:\/\/www.pinterest.com\/pin\/create\/button\/\" data-pin-do=\"buttonPin\" data-pin-tall=\"true\" data-pin-url=\"https:\/\/flawlesshair.com\/fr\/cheveux-degrades-moyens\/\" data-pin-media=\"https:\/\/flawlesshair.com\/wp-content\/uploads\/2024\/01\/chocolate-brown-layered-hair-with-curtain-bangs.jpg\" data-pin-description=\"Medium Layered Hair Is The Cut You Can&rsquo;t Afford To Miss In 2025\" rel=\"nofollow noopener\" target=\"_blank\"> <\/a><\/div><\/div><figcaption class=\"wp-element-caption\">@<a href=\"https:\/\/www.instagram.com\/d_headline\/\" target=\"_blank\" rel=\"noreferrer noopener nofollow\">d_headline<\/a><\/figcaption><\/figure>\n<\/div>\n\n\n<p>Le brun chocolat est la couleur brune la plus tendance cette ann\u00e9e. La frange rideau ajoute une touche de sophistication \u00e0 cette \u00e9l\u00e9gante coiffure brune. <\/p>\n\n\n\n<h2 class=\"wp-block-heading\">39. Cheveux mi-longs bruns ensoleill\u00e9s<\/h2>\n\n\n<div class=\"wp-block-image\">\n<figure class=\"aligncenter size-full\"><div style=\"position: relative;\"><noscript><img loading=\"lazy\" decoding=\"async\" width=\"564\" height=\"705\" src=\"https:\/\/flawlesshair.com\/wp-content\/uploads\/2024\/01\/sunkissed-brunette-medium-layered-hair.jpg\" alt=\"brune ensoleill\u00e9e cheveux mi-longs\" class=\"wp-image-94417\" srcset=\"https:\/\/flawlesshair.com\/wp-content\/uploads\/2024\/01\/sunkissed-brunette-medium-layered-hair.jpg 564w, https:\/\/flawlesshair.com\/wp-content\/uploads\/2024\/01\/sunkissed-brunette-medium-layered-hair-240x300.jpg 240w, https:\/\/flawlesshair.com\/wp-content\/uploads\/2024\/01\/sunkissed-brunette-medium-layered-hair-10x12.jpg 10w\" sizes=\"auto, (max-width: 564px) 100vw, 564px\"><\/noscript><img loading=\"lazy\" decoding=\"async\" width=\"564\" height=\"705\" src=\"https:\/\/flawlesshair.com\/wp-content\/uploads\/2024\/01\/sunkissed-brunette-medium-layered-hair.jpg\" alt=\"brune ensoleill\u00e9e cheveux mi-longs\" class=\"wp-image-94417 lazyload\" srcset=\"https:\/\/flawlesshair.com\/wp-content\/uploads\/2024\/01\/sunkissed-brunette-medium-layered-hair.jpg 564w, https:\/\/flawlesshair.com\/wp-content\/uploads\/2024\/01\/sunkissed-brunette-medium-layered-hair-240x300.jpg 240w, https:\/\/flawlesshair.com\/wp-content\/uploads\/2024\/01\/sunkissed-brunette-medium-layered-hair-10x12.jpg 10w\" sizes=\"auto, (max-width: 564px) 100vw, 564px\" data-pin-media=\"https:\/\/flawlesshair.com\/wp-content\/uploads\/2024\/01\/sunkissed-brunette-medium-layered-hair.jpg\" id=\"mv-trellis-img-39\" data-trellis-processed=\"1\"><div style=\"position: absolute; top: 0.5rem; right: 0.75rem;\"> <a href=\"https:\/\/www.pinterest.com\/pin\/create\/button\/\" data-pin-do=\"buttonPin\" data-pin-tall=\"true\" data-pin-url=\"https:\/\/flawlesshair.com\/fr\/cheveux-degrades-moyens\/\" data-pin-media=\"https:\/\/flawlesshair.com\/wp-content\/uploads\/2024\/01\/sunkissed-brunette-medium-layered-hair.jpg\" data-pin-description=\"Medium Layered Hair Is The Cut You Can&rsquo;t Afford To Miss In 2025\" rel=\"nofollow noopener\" target=\"_blank\"> <\/a><\/div><\/div><figcaption class=\"wp-element-caption\">@<a href=\"https:\/\/www.instagram.com\/latesthair\/\" target=\"_blank\" rel=\"noreferrer noopener nofollow\">derni\u00e8rehair<\/a><\/figcaption><\/figure>\n<\/div>\n\n\n<p>La brune ensoleill\u00e9e est une coiffure d'\u00e9t\u00e9 populaire qui donne \u00e0 votre visage un effet \u00e9clatant. Associez ce style de cheveux moyennement d\u00e9grad\u00e9s \u00e0 des racines fonc\u00e9es pour \u00e9viter les visites fr\u00e9quentes au salon de coiffure et profiter pleinement de la saison estivale.<\/p>\n\n\n\n<h2 class=\"wp-block-heading\">40. Cheveux dimensionnels d\u00e9grad\u00e9s avec racines fonc\u00e9es<\/h2>\n\n\n<div class=\"wp-block-image\">\n<figure class=\"aligncenter size-full\"><div style=\"position: relative;\"><noscript><img loading=\"lazy\" decoding=\"async\" width=\"1080\" height=\"1350\" src=\"https:\/\/flawlesshair.com\/wp-content\/uploads\/2024\/01\/dimensional-layered-hair-with-dark-roots.jpg\" alt=\"cheveux dimensionnels d\u00e9grad\u00e9s avec racines fonc\u00e9es\" class=\"wp-image-94416\" srcset=\"https:\/\/flawlesshair.com\/wp-content\/uploads\/2024\/01\/dimensional-layered-hair-with-dark-roots.jpg 1080w, https:\/\/flawlesshair.com\/wp-content\/uploads\/2024\/01\/dimensional-layered-hair-with-dark-roots-240x300.jpg 240w, https:\/\/flawlesshair.com\/wp-content\/uploads\/2024\/01\/dimensional-layered-hair-with-dark-roots-768x960.jpg 768w, https:\/\/flawlesshair.com\/wp-content\/uploads\/2024\/01\/dimensional-layered-hair-with-dark-roots-10x12.jpg 10w, https:\/\/flawlesshair.com\/wp-content\/uploads\/2024\/01\/dimensional-layered-hair-with-dark-roots-864x1080.jpg 864w, https:\/\/flawlesshair.com\/wp-content\/uploads\/2024\/01\/dimensional-layered-hair-with-dark-roots-960x1200.jpg 960w\" sizes=\"auto, (max-width: 760px) calc(100vw - 24px), 720px\"><\/noscript><img loading=\"lazy\" decoding=\"async\" width=\"1080\" height=\"1350\" src=\"https:\/\/flawlesshair.com\/wp-content\/uploads\/2024\/01\/dimensional-layered-hair-with-dark-roots.jpg\" alt=\"cheveux dimensionnels d\u00e9grad\u00e9s avec racines fonc\u00e9es\" class=\"wp-image-94416 lazyload\" srcset=\"https:\/\/flawlesshair.com\/wp-content\/uploads\/2024\/01\/dimensional-layered-hair-with-dark-roots.jpg 1080w, https:\/\/flawlesshair.com\/wp-content\/uploads\/2024\/01\/dimensional-layered-hair-with-dark-roots-240x300.jpg 240w, https:\/\/flawlesshair.com\/wp-content\/uploads\/2024\/01\/dimensional-layered-hair-with-dark-roots-768x960.jpg 768w, https:\/\/flawlesshair.com\/wp-content\/uploads\/2024\/01\/dimensional-layered-hair-with-dark-roots-10x12.jpg 10w, https:\/\/flawlesshair.com\/wp-content\/uploads\/2024\/01\/dimensional-layered-hair-with-dark-roots-864x1080.jpg 864w, https:\/\/flawlesshair.com\/wp-content\/uploads\/2024\/01\/dimensional-layered-hair-with-dark-roots-960x1200.jpg 960w\" sizes=\"auto, (max-width: 760px) calc(100vw - 24px), 720px\" data-pin-media=\"https:\/\/flawlesshair.com\/wp-content\/uploads\/2024\/01\/dimensional-layered-hair-with-dark-roots.jpg\" id=\"mv-trellis-img-40\" data-trellis-processed=\"1\"><div style=\"position: absolute; top: 0.5rem; right: 0.75rem;\"> <a href=\"https:\/\/www.pinterest.com\/pin\/create\/button\/\" data-pin-do=\"buttonPin\" data-pin-tall=\"true\" data-pin-url=\"https:\/\/flawlesshair.com\/fr\/cheveux-degrades-moyens\/\" data-pin-media=\"https:\/\/flawlesshair.com\/wp-content\/uploads\/2024\/01\/dimensional-layered-hair-with-dark-roots.jpg\" data-pin-description=\"Medium Layered Hair Is The Cut You Can&rsquo;t Afford To Miss In 2025\" rel=\"nofollow noopener\" target=\"_blank\"> <\/a><\/div><\/div><figcaption class=\"wp-element-caption\">@<a href=\"https:\/\/www.instagram.com\/missiehairstudio\/\" target=\"_blank\" rel=\"noreferrer noopener nofollow\">missiehairstudio<\/a><\/figcaption><\/figure>\n<\/div>\n\n\n<p>Les cheveux d\u00e9grad\u00e9s dimensionnels avec des racines fonc\u00e9es combinent des tons clairs et fonc\u00e9s pour une belle apparence dimensionnelle. Les racines fonc\u00e9es donneront \u00e0 cette coiffure un aspect fondu.<\/p>\n\n\n\n<h2 class=\"wp-block-heading\">41. Cheveux d\u00e9grad\u00e9s bruns avec m\u00e8ches blondes<\/h2>\n\n\n<div class=\"wp-block-image\">\n<figure class=\"aligncenter size-full\"><div style=\"position: relative;\"><noscript><img loading=\"lazy\" decoding=\"async\" width=\"1006\" height=\"1129\" src=\"https:\/\/flawlesshair.com\/wp-content\/uploads\/2024\/01\/brunette-layered-hair-with-blonde-highlights.jpg\" alt=\"cheveux bruns d\u00e9grad\u00e9s avec m\u00e8ches blondes\" class=\"wp-image-94415\" srcset=\"https:\/\/flawlesshair.com\/wp-content\/uploads\/2024\/01\/brunette-layered-hair-with-blonde-highlights.jpg 1006w, https:\/\/flawlesshair.com\/wp-content\/uploads\/2024\/01\/brunette-layered-hair-with-blonde-highlights-267x300.jpg 267w, https:\/\/flawlesshair.com\/wp-content\/uploads\/2024\/01\/brunette-layered-hair-with-blonde-highlights-768x862.jpg 768w, https:\/\/flawlesshair.com\/wp-content\/uploads\/2024\/01\/brunette-layered-hair-with-blonde-highlights-11x12.jpg 11w, https:\/\/flawlesshair.com\/wp-content\/uploads\/2024\/01\/brunette-layered-hair-with-blonde-highlights-855x960.jpg 855w, https:\/\/flawlesshair.com\/wp-content\/uploads\/2024\/01\/brunette-layered-hair-with-blonde-highlights-962x1080.jpg 962w\" sizes=\"auto, (max-width: 760px) calc(100vw - 24px), 720px\"><\/noscript><img loading=\"lazy\" decoding=\"async\" width=\"1006\" height=\"1129\" src=\"https:\/\/flawlesshair.com\/wp-content\/uploads\/2024\/01\/brunette-layered-hair-with-blonde-highlights.jpg\" alt=\"cheveux bruns d\u00e9grad\u00e9s avec m\u00e8ches blondes\" class=\"wp-image-94415 lazyload\" srcset=\"https:\/\/flawlesshair.com\/wp-content\/uploads\/2024\/01\/brunette-layered-hair-with-blonde-highlights.jpg 1006w, https:\/\/flawlesshair.com\/wp-content\/uploads\/2024\/01\/brunette-layered-hair-with-blonde-highlights-267x300.jpg 267w, https:\/\/flawlesshair.com\/wp-content\/uploads\/2024\/01\/brunette-layered-hair-with-blonde-highlights-768x862.jpg 768w, https:\/\/flawlesshair.com\/wp-content\/uploads\/2024\/01\/brunette-layered-hair-with-blonde-highlights-11x12.jpg 11w, https:\/\/flawlesshair.com\/wp-content\/uploads\/2024\/01\/brunette-layered-hair-with-blonde-highlights-855x960.jpg 855w, https:\/\/flawlesshair.com\/wp-content\/uploads\/2024\/01\/brunette-layered-hair-with-blonde-highlights-962x1080.jpg 962w\" sizes=\"auto, (max-width: 760px) calc(100vw - 24px), 720px\" data-pin-media=\"https:\/\/flawlesshair.com\/wp-content\/uploads\/2024\/01\/brunette-layered-hair-with-blonde-highlights.jpg\" id=\"mv-trellis-img-41\" data-trellis-processed=\"1\"><div style=\"position: absolute; top: 0.5rem; right: 0.75rem;\"> <a href=\"https:\/\/www.pinterest.com\/pin\/create\/button\/\" data-pin-do=\"buttonPin\" data-pin-tall=\"true\" data-pin-url=\"https:\/\/flawlesshair.com\/fr\/cheveux-degrades-moyens\/\" data-pin-media=\"https:\/\/flawlesshair.com\/wp-content\/uploads\/2024\/01\/brunette-layered-hair-with-blonde-highlights.jpg\" data-pin-description=\"Medium Layered Hair Is The Cut You Can&rsquo;t Afford To Miss In 2025\" rel=\"nofollow noopener\" target=\"_blank\"> <\/a><\/div><\/div><figcaption class=\"wp-element-caption\">@<a href=\"https:\/\/www.instagram.com\/therighthairstyles\/\" target=\"_blank\" rel=\"noreferrer noopener nofollow\">les coiffures de cheveux<\/a><\/figcaption><\/figure>\n<\/div>\n\n\n<p>Les cheveux bruns d\u00e9grad\u00e9s avec des m\u00e8ches blondes sont une coiffure sophistiqu\u00e9e et \u00e9l\u00e9gante, parfaite pour obtenir un look ensoleill\u00e9 et ajouter une touche de couleur \u00e0 vos cheveux bruns.<\/p>\n\n\n\n<h2 class=\"wp-block-heading\">42. Cheveux mi-longs d\u00e9grad\u00e9s avec frange rideau en plumes<\/h2>\n\n\n<div class=\"wp-block-image\">\n<figure class=\"aligncenter size-full\"><div style=\"position: relative;\"><noscript><img loading=\"lazy\" decoding=\"async\" width=\"1080\" height=\"1160\" src=\"https:\/\/flawlesshair.com\/wp-content\/uploads\/2024\/01\/mid-length-layered-hair-with-feathered-curtain-bangs.jpg\" alt=\"cheveux mi-longs d\u00e9grad\u00e9s avec frange rideau plumeuse\" class=\"wp-image-94414\" srcset=\"https:\/\/flawlesshair.com\/wp-content\/uploads\/2024\/01\/mid-length-layered-hair-with-feathered-curtain-bangs.jpg 1080w, https:\/\/flawlesshair.com\/wp-content\/uploads\/2024\/01\/mid-length-layered-hair-with-feathered-curtain-bangs-279x300.jpg 279w, https:\/\/flawlesshair.com\/wp-content\/uploads\/2024\/01\/mid-length-layered-hair-with-feathered-curtain-bangs-768x825.jpg 768w, https:\/\/flawlesshair.com\/wp-content\/uploads\/2024\/01\/mid-length-layered-hair-with-feathered-curtain-bangs-11x12.jpg 11w, https:\/\/flawlesshair.com\/wp-content\/uploads\/2024\/01\/mid-length-layered-hair-with-feathered-curtain-bangs-894x960.jpg 894w, https:\/\/flawlesshair.com\/wp-content\/uploads\/2024\/01\/mid-length-layered-hair-with-feathered-curtain-bangs-1006x1080.jpg 1006w\" sizes=\"auto, (max-width: 760px) calc(100vw - 24px), 720px\"><\/noscript><img loading=\"lazy\" decoding=\"async\" width=\"1080\" height=\"1160\" src=\"https:\/\/flawlesshair.com\/wp-content\/uploads\/2024\/01\/mid-length-layered-hair-with-feathered-curtain-bangs.jpg\" alt=\"cheveux mi-longs d\u00e9grad\u00e9s avec frange rideau plumeuse\" class=\"wp-image-94414 lazyload\" srcset=\"https:\/\/flawlesshair.com\/wp-content\/uploads\/2024\/01\/mid-length-layered-hair-with-feathered-curtain-bangs.jpg 1080w, https:\/\/flawlesshair.com\/wp-content\/uploads\/2024\/01\/mid-length-layered-hair-with-feathered-curtain-bangs-279x300.jpg 279w, https:\/\/flawlesshair.com\/wp-content\/uploads\/2024\/01\/mid-length-layered-hair-with-feathered-curtain-bangs-768x825.jpg 768w, https:\/\/flawlesshair.com\/wp-content\/uploads\/2024\/01\/mid-length-layered-hair-with-feathered-curtain-bangs-11x12.jpg 11w, https:\/\/flawlesshair.com\/wp-content\/uploads\/2024\/01\/mid-length-layered-hair-with-feathered-curtain-bangs-894x960.jpg 894w, https:\/\/flawlesshair.com\/wp-content\/uploads\/2024\/01\/mid-length-layered-hair-with-feathered-curtain-bangs-1006x1080.jpg 1006w\" sizes=\"auto, (max-width: 760px) calc(100vw - 24px), 720px\" data-pin-media=\"https:\/\/flawlesshair.com\/wp-content\/uploads\/2024\/01\/mid-length-layered-hair-with-feathered-curtain-bangs.jpg\" id=\"mv-trellis-img-42\" data-trellis-processed=\"1\"><div style=\"position: absolute; top: 0.5rem; right: 0.75rem;\"> <a href=\"https:\/\/www.pinterest.com\/pin\/create\/button\/\" data-pin-do=\"buttonPin\" data-pin-tall=\"true\" data-pin-url=\"https:\/\/flawlesshair.com\/fr\/cheveux-degrades-moyens\/\" data-pin-media=\"https:\/\/flawlesshair.com\/wp-content\/uploads\/2024\/01\/mid-length-layered-hair-with-feathered-curtain-bangs.jpg\" data-pin-description=\"Medium Layered Hair Is The Cut You Can&rsquo;t Afford To Miss In 2025\" rel=\"nofollow noopener\" target=\"_blank\"> <\/a><\/div><\/div><figcaption class=\"wp-element-caption\">@<a href=\"https:\/\/www.instagram.com\/gabriellashairstudio\/\" target=\"_blank\" rel=\"noreferrer noopener nofollow\">gabriellashairstudio<\/a><\/figcaption><\/figure>\n<\/div>\n\n\n<p>Les cheveux mi-longs avec une frange rideau en plumes sont une coiffure douce avec beaucoup de mouvement, de volume et de texture. Cette coiffure est parfaite gr\u00e2ce \u00e0 un brushing rebondi.<\/p>\n\n\n\n<h2 class=\"wp-block-heading\">43. Cheveux mi-longs cuivr\u00e9s<\/h2>\n\n\n<div class=\"wp-block-image\">\n<figure class=\"aligncenter size-full\"><div style=\"position: relative;\"><noscript><img loading=\"lazy\" decoding=\"async\" width=\"1080\" height=\"1080\" src=\"https:\/\/flawlesshair.com\/wp-content\/uploads\/2024\/01\/light-copper-medium-layered-hair.jpg\" alt=\"cheveux mi-longs cuivr\u00e9s clairs\" class=\"wp-image-94413\" srcset=\"https:\/\/flawlesshair.com\/wp-content\/uploads\/2024\/01\/light-copper-medium-layered-hair.jpg 1080w, https:\/\/flawlesshair.com\/wp-content\/uploads\/2024\/01\/light-copper-medium-layered-hair-300x300.jpg 300w, https:\/\/flawlesshair.com\/wp-content\/uploads\/2024\/01\/light-copper-medium-layered-hair-150x150.jpg 150w, https:\/\/flawlesshair.com\/wp-content\/uploads\/2024\/01\/light-copper-medium-layered-hair-768x768.jpg 768w, https:\/\/flawlesshair.com\/wp-content\/uploads\/2024\/01\/light-copper-medium-layered-hair-12x12.jpg 12w, https:\/\/flawlesshair.com\/wp-content\/uploads\/2024\/01\/light-copper-medium-layered-hair-728x728.jpg 728w, https:\/\/flawlesshair.com\/wp-content\/uploads\/2024\/01\/light-copper-medium-layered-hair-960x960.jpg 960w\" sizes=\"auto, (max-width: 760px) calc(100vw - 24px), 720px\"><\/noscript><img loading=\"lazy\" decoding=\"async\" width=\"1080\" height=\"1080\" src=\"https:\/\/flawlesshair.com\/wp-content\/uploads\/2024\/01\/light-copper-medium-layered-hair.jpg\" alt=\"cheveux mi-longs cuivr\u00e9s clairs\" class=\"wp-image-94413 lazyload\" srcset=\"https:\/\/flawlesshair.com\/wp-content\/uploads\/2024\/01\/light-copper-medium-layered-hair.jpg 1080w, https:\/\/flawlesshair.com\/wp-content\/uploads\/2024\/01\/light-copper-medium-layered-hair-300x300.jpg 300w, https:\/\/flawlesshair.com\/wp-content\/uploads\/2024\/01\/light-copper-medium-layered-hair-150x150.jpg 150w, https:\/\/flawlesshair.com\/wp-content\/uploads\/2024\/01\/light-copper-medium-layered-hair-768x768.jpg 768w, https:\/\/flawlesshair.com\/wp-content\/uploads\/2024\/01\/light-copper-medium-layered-hair-12x12.jpg 12w, https:\/\/flawlesshair.com\/wp-content\/uploads\/2024\/01\/light-copper-medium-layered-hair-728x728.jpg 728w, https:\/\/flawlesshair.com\/wp-content\/uploads\/2024\/01\/light-copper-medium-layered-hair-960x960.jpg 960w\" sizes=\"auto, (max-width: 760px) calc(100vw - 24px), 720px\" data-pin-media=\"https:\/\/flawlesshair.com\/wp-content\/uploads\/2024\/01\/light-copper-medium-layered-hair.jpg\" id=\"mv-trellis-img-43\" data-trellis-processed=\"1\"><div style=\"position: absolute; top: 0.5rem; right: 0.75rem;\"> <a href=\"https:\/\/www.pinterest.com\/pin\/create\/button\/\" data-pin-do=\"buttonPin\" data-pin-tall=\"true\" data-pin-url=\"https:\/\/flawlesshair.com\/fr\/cheveux-degrades-moyens\/\" data-pin-media=\"https:\/\/flawlesshair.com\/wp-content\/uploads\/2024\/01\/light-copper-medium-layered-hair.jpg\" data-pin-description=\"Medium Layered Hair Is The Cut You Can&rsquo;t Afford To Miss In 2025\" rel=\"nofollow noopener\" target=\"_blank\"> <\/a><\/div><\/div><figcaption class=\"wp-element-caption\">@<a href=\"https:\/\/www.instagram.com\/hairbyvantha\/\" target=\"_blank\" rel=\"noreferrer noopener nofollow\">hairbyvantha<\/a><\/figcaption><\/figure>\n<\/div>\n\n\n<p>Les cheveux mi-longs cuivr\u00e9s sont tr\u00e8s tendance en ce moment ! Cette nuance convient mieux \u00e0 celles qui ont des tons de peau chauds. Conseil de pro : ajoutez des m\u00e8ches blondes pour obtenir une belle apparence dimensionnelle.<\/p>\n\n\n\n<h2 class=\"wp-block-heading\">44. Coupe courbe moyenne<\/h2>\n\n\n<div class=\"wp-block-image\">\n<figure class=\"aligncenter size-full\"><div style=\"position: relative;\"><noscript><img loading=\"lazy\" decoding=\"async\" width=\"1080\" height=\"1080\" src=\"https:\/\/flawlesshair.com\/wp-content\/uploads\/2024\/01\/medium-curve-cut.jpg\" alt=\"coupe courbe moyenne\" class=\"wp-image-94412\" srcset=\"https:\/\/flawlesshair.com\/wp-content\/uploads\/2024\/01\/medium-curve-cut.jpg 1080w, https:\/\/flawlesshair.com\/wp-content\/uploads\/2024\/01\/medium-curve-cut-300x300.jpg 300w, https:\/\/flawlesshair.com\/wp-content\/uploads\/2024\/01\/medium-curve-cut-150x150.jpg 150w, https:\/\/flawlesshair.com\/wp-content\/uploads\/2024\/01\/medium-curve-cut-768x768.jpg 768w, https:\/\/flawlesshair.com\/wp-content\/uploads\/2024\/01\/medium-curve-cut-12x12.jpg 12w, https:\/\/flawlesshair.com\/wp-content\/uploads\/2024\/01\/medium-curve-cut-728x728.jpg 728w, https:\/\/flawlesshair.com\/wp-content\/uploads\/2024\/01\/medium-curve-cut-960x960.jpg 960w\" sizes=\"auto, (max-width: 760px) calc(100vw - 24px), 720px\"><\/noscript><img loading=\"lazy\" decoding=\"async\" width=\"1080\" height=\"1080\" src=\"https:\/\/flawlesshair.com\/wp-content\/uploads\/2024\/01\/medium-curve-cut.jpg\" alt=\"coupe courbe moyenne\" class=\"wp-image-94412 lazyload\" srcset=\"https:\/\/flawlesshair.com\/wp-content\/uploads\/2024\/01\/medium-curve-cut.jpg 1080w, https:\/\/flawlesshair.com\/wp-content\/uploads\/2024\/01\/medium-curve-cut-300x300.jpg 300w, https:\/\/flawlesshair.com\/wp-content\/uploads\/2024\/01\/medium-curve-cut-150x150.jpg 150w, https:\/\/flawlesshair.com\/wp-content\/uploads\/2024\/01\/medium-curve-cut-768x768.jpg 768w, https:\/\/flawlesshair.com\/wp-content\/uploads\/2024\/01\/medium-curve-cut-12x12.jpg 12w, https:\/\/flawlesshair.com\/wp-content\/uploads\/2024\/01\/medium-curve-cut-728x728.jpg 728w, https:\/\/flawlesshair.com\/wp-content\/uploads\/2024\/01\/medium-curve-cut-960x960.jpg 960w\" sizes=\"auto, (max-width: 760px) calc(100vw - 24px), 720px\" data-pin-media=\"https:\/\/flawlesshair.com\/wp-content\/uploads\/2024\/01\/medium-curve-cut.jpg\" id=\"mv-trellis-img-44\" data-trellis-processed=\"1\"><div style=\"position: absolute; top: 0.5rem; right: 0.75rem;\"> <a href=\"https:\/\/www.pinterest.com\/pin\/create\/button\/\" data-pin-do=\"buttonPin\" data-pin-tall=\"true\" data-pin-url=\"https:\/\/flawlesshair.com\/fr\/cheveux-degrades-moyens\/\" data-pin-media=\"https:\/\/flawlesshair.com\/wp-content\/uploads\/2024\/01\/medium-curve-cut.jpg\" data-pin-description=\"Medium Layered Hair Is The Cut You Can&rsquo;t Afford To Miss In 2025\" rel=\"nofollow noopener\" target=\"_blank\"> <\/a><\/div><\/div><figcaption class=\"wp-element-caption\">@<a href=\"https:\/\/www.instagram.com\/colormeglo\/\" target=\"_blank\" rel=\"noreferrer noopener nofollow\">colormeglo<\/a><\/figcaption><\/figure>\n<\/div>\n\n\n<p>Une coupe en courbe comprend des couches plus courtes autour du visage et des couches plus longues qui ajoutent du mouvement et de la texture \u00e0 votre coiffure mi-longue. Associez ce style \u00e0 des m\u00e8ches peekaboo pour am\u00e9liorer la texture et obtenir un look subtil et dimensionnel.<\/p>\n\n\n\n<h2 class=\"wp-block-heading\">45. Lob tr\u00e8s d\u00e9grad\u00e9<\/h2>\n\n\n<div class=\"wp-block-image\">\n<figure class=\"aligncenter size-full\"><div style=\"position: relative;\"><noscript><img loading=\"lazy\" decoding=\"async\" width=\"1080\" height=\"1270\" src=\"https:\/\/flawlesshair.com\/wp-content\/uploads\/2024\/01\/heavily-layered-lob.jpg\" alt=\"lob tr\u00e8s \u00e9tag\u00e9\" class=\"wp-image-94411\" srcset=\"https:\/\/flawlesshair.com\/wp-content\/uploads\/2024\/01\/heavily-layered-lob.jpg 1080w, https:\/\/flawlesshair.com\/wp-content\/uploads\/2024\/01\/heavily-layered-lob-255x300.jpg 255w, https:\/\/flawlesshair.com\/wp-content\/uploads\/2024\/01\/heavily-layered-lob-768x903.jpg 768w, https:\/\/flawlesshair.com\/wp-content\/uploads\/2024\/01\/heavily-layered-lob-10x12.jpg 10w, https:\/\/flawlesshair.com\/wp-content\/uploads\/2024\/01\/heavily-layered-lob-816x960.jpg 816w, https:\/\/flawlesshair.com\/wp-content\/uploads\/2024\/01\/heavily-layered-lob-918x1080.jpg 918w, https:\/\/flawlesshair.com\/wp-content\/uploads\/2024\/01\/heavily-layered-lob-1020x1200.jpg 1020w\" sizes=\"auto, (max-width: 760px) calc(100vw - 24px), 720px\"><\/noscript><img loading=\"lazy\" decoding=\"async\" width=\"1080\" height=\"1270\" src=\"https:\/\/flawlesshair.com\/wp-content\/uploads\/2024\/01\/heavily-layered-lob.jpg\" alt=\"lob tr\u00e8s \u00e9tag\u00e9\" class=\"wp-image-94411 lazyload\" srcset=\"https:\/\/flawlesshair.com\/wp-content\/uploads\/2024\/01\/heavily-layered-lob.jpg 1080w, https:\/\/flawlesshair.com\/wp-content\/uploads\/2024\/01\/heavily-layered-lob-255x300.jpg 255w, https:\/\/flawlesshair.com\/wp-content\/uploads\/2024\/01\/heavily-layered-lob-768x903.jpg 768w, https:\/\/flawlesshair.com\/wp-content\/uploads\/2024\/01\/heavily-layered-lob-10x12.jpg 10w, https:\/\/flawlesshair.com\/wp-content\/uploads\/2024\/01\/heavily-layered-lob-816x960.jpg 816w, https:\/\/flawlesshair.com\/wp-content\/uploads\/2024\/01\/heavily-layered-lob-918x1080.jpg 918w, https:\/\/flawlesshair.com\/wp-content\/uploads\/2024\/01\/heavily-layered-lob-1020x1200.jpg 1020w\" sizes=\"auto, (max-width: 760px) calc(100vw - 24px), 720px\" data-pin-media=\"https:\/\/flawlesshair.com\/wp-content\/uploads\/2024\/01\/heavily-layered-lob.jpg\" id=\"mv-trellis-img-45\" data-trellis-processed=\"1\"><div style=\"position: absolute; top: 0.5rem; right: 0.75rem;\"> <a href=\"https:\/\/www.pinterest.com\/pin\/create\/button\/\" data-pin-do=\"buttonPin\" data-pin-tall=\"true\" data-pin-url=\"https:\/\/flawlesshair.com\/fr\/cheveux-degrades-moyens\/\" data-pin-media=\"https:\/\/flawlesshair.com\/wp-content\/uploads\/2024\/01\/heavily-layered-lob.jpg\" data-pin-description=\"Medium Layered Hair Is The Cut You Can&rsquo;t Afford To Miss In 2025\" rel=\"nofollow noopener\" target=\"_blank\"> <\/a><\/div><\/div><figcaption class=\"wp-element-caption\">@<a href=\"https:\/\/www.instagram.com\/styledbynancy_s\/\" target=\"_blank\" rel=\"noreferrer noopener nofollow\">styledbynancy_s<\/a><\/figcaption><\/figure>\n<\/div>\n\n\n<p>Le lob fortement d\u00e9grad\u00e9 comporte de nombreuses couches qui ajoutent du mouvement et de la texture \u00e0 tous les types de cheveux. Cette coupe est particuli\u00e8rement recommand\u00e9e pour celles qui ont des cheveux \u00e9pais qui ont besoin d'\u00eatre d\u00e9graiss\u00e9s.<\/p>\n\n\n\n<h2 class=\"wp-block-heading\">46. Cheveux mi-longs d\u00e9grad\u00e9s avec franges ondul\u00e9es<\/h2>\n\n\n<div class=\"wp-block-image\">\n<figure class=\"aligncenter size-full\"><div style=\"position: relative;\"><noscript><img loading=\"lazy\" decoding=\"async\" width=\"564\" height=\"705\" src=\"https:\/\/flawlesshair.com\/wp-content\/uploads\/2024\/01\/mid-length-layered-hair-with-wispy-bangs.jpg\" alt=\"cheveux mi-longs d\u00e9grad\u00e9s avec frange ondul\u00e9e\" class=\"wp-image-94410\" srcset=\"https:\/\/flawlesshair.com\/wp-content\/uploads\/2024\/01\/mid-length-layered-hair-with-wispy-bangs.jpg 564w, https:\/\/flawlesshair.com\/wp-content\/uploads\/2024\/01\/mid-length-layered-hair-with-wispy-bangs-240x300.jpg 240w, https:\/\/flawlesshair.com\/wp-content\/uploads\/2024\/01\/mid-length-layered-hair-with-wispy-bangs-10x12.jpg 10w\" sizes=\"auto, (max-width: 564px) 100vw, 564px\"><\/noscript><img loading=\"lazy\" decoding=\"async\" width=\"564\" height=\"705\" src=\"https:\/\/flawlesshair.com\/wp-content\/uploads\/2024\/01\/mid-length-layered-hair-with-wispy-bangs.jpg\" alt=\"cheveux mi-longs d\u00e9grad\u00e9s avec frange ondul\u00e9e\" class=\"wp-image-94410 lazyload\" srcset=\"https:\/\/flawlesshair.com\/wp-content\/uploads\/2024\/01\/mid-length-layered-hair-with-wispy-bangs.jpg 564w, https:\/\/flawlesshair.com\/wp-content\/uploads\/2024\/01\/mid-length-layered-hair-with-wispy-bangs-240x300.jpg 240w, https:\/\/flawlesshair.com\/wp-content\/uploads\/2024\/01\/mid-length-layered-hair-with-wispy-bangs-10x12.jpg 10w\" sizes=\"auto, (max-width: 564px) 100vw, 564px\" data-pin-media=\"https:\/\/flawlesshair.com\/wp-content\/uploads\/2024\/01\/mid-length-layered-hair-with-wispy-bangs.jpg\" id=\"mv-trellis-img-46\" data-trellis-processed=\"1\"><div style=\"position: absolute; top: 0.5rem; right: 0.75rem;\"> <a href=\"https:\/\/www.pinterest.com\/pin\/create\/button\/\" data-pin-do=\"buttonPin\" data-pin-tall=\"true\" data-pin-url=\"https:\/\/flawlesshair.com\/fr\/cheveux-degrades-moyens\/\" data-pin-media=\"https:\/\/flawlesshair.com\/wp-content\/uploads\/2024\/01\/mid-length-layered-hair-with-wispy-bangs.jpg\" data-pin-description=\"Medium Layered Hair Is The Cut You Can&rsquo;t Afford To Miss In 2025\" rel=\"nofollow noopener\" target=\"_blank\"> <\/a><\/div><\/div><figcaption class=\"wp-element-caption\">@<a href=\"https:\/\/www.instagram.com\/latesthair\/\" target=\"_blank\" rel=\"noreferrer noopener nofollow\">derni\u00e8rehair<\/a><\/figcaption><\/figure>\n<\/div>\n\n\n<p>La frange ondul\u00e9e est une frange douce et subtilement pliss\u00e9e qui donne une touche sophistiqu\u00e9e \u00e0 toutes les coupes de cheveux d\u00e9grad\u00e9es. Ce style encadre \u00e9l\u00e9gamment votre visage et met en valeur la texture de vos cheveux.<\/p>\n\n\n\n<h2 class=\"wp-block-heading\">47. Cheveux mi-longs d\u00e9grad\u00e9s ombr\u00e9s caramel<\/h2>\n\n\n<div class=\"wp-block-image\">\n<figure class=\"aligncenter size-full\"><div style=\"position: relative;\"><noscript><img loading=\"lazy\" decoding=\"async\" width=\"1080\" height=\"1350\" src=\"https:\/\/flawlesshair.com\/wp-content\/uploads\/2024\/01\/caramel-ombre-mid-length-layered-hair.jpg\" alt=\"cheveux mi-longs ombr\u00e9s caramel\" class=\"wp-image-94409\" srcset=\"https:\/\/flawlesshair.com\/wp-content\/uploads\/2024\/01\/caramel-ombre-mid-length-layered-hair.jpg 1080w, https:\/\/flawlesshair.com\/wp-content\/uploads\/2024\/01\/caramel-ombre-mid-length-layered-hair-240x300.jpg 240w, https:\/\/flawlesshair.com\/wp-content\/uploads\/2024\/01\/caramel-ombre-mid-length-layered-hair-768x960.jpg 768w, https:\/\/flawlesshair.com\/wp-content\/uploads\/2024\/01\/caramel-ombre-mid-length-layered-hair-10x12.jpg 10w, https:\/\/flawlesshair.com\/wp-content\/uploads\/2024\/01\/caramel-ombre-mid-length-layered-hair-864x1080.jpg 864w, https:\/\/flawlesshair.com\/wp-content\/uploads\/2024\/01\/caramel-ombre-mid-length-layered-hair-960x1200.jpg 960w\" sizes=\"auto, (max-width: 760px) calc(100vw - 24px), 720px\"><\/noscript><img loading=\"lazy\" decoding=\"async\" width=\"1080\" height=\"1350\" src=\"https:\/\/flawlesshair.com\/wp-content\/uploads\/2024\/01\/caramel-ombre-mid-length-layered-hair.jpg\" alt=\"cheveux mi-longs ombr\u00e9s caramel\" class=\"wp-image-94409 lazyload\" srcset=\"https:\/\/flawlesshair.com\/wp-content\/uploads\/2024\/01\/caramel-ombre-mid-length-layered-hair.jpg 1080w, https:\/\/flawlesshair.com\/wp-content\/uploads\/2024\/01\/caramel-ombre-mid-length-layered-hair-240x300.jpg 240w, https:\/\/flawlesshair.com\/wp-content\/uploads\/2024\/01\/caramel-ombre-mid-length-layered-hair-768x960.jpg 768w, https:\/\/flawlesshair.com\/wp-content\/uploads\/2024\/01\/caramel-ombre-mid-length-layered-hair-10x12.jpg 10w, https:\/\/flawlesshair.com\/wp-content\/uploads\/2024\/01\/caramel-ombre-mid-length-layered-hair-864x1080.jpg 864w, https:\/\/flawlesshair.com\/wp-content\/uploads\/2024\/01\/caramel-ombre-mid-length-layered-hair-960x1200.jpg 960w\" sizes=\"auto, (max-width: 760px) calc(100vw - 24px), 720px\" data-pin-media=\"https:\/\/flawlesshair.com\/wp-content\/uploads\/2024\/01\/caramel-ombre-mid-length-layered-hair.jpg\" id=\"mv-trellis-img-47\" data-trellis-processed=\"1\"><div style=\"position: absolute; top: 0.5rem; right: 0.75rem;\"> <a href=\"https:\/\/www.pinterest.com\/pin\/create\/button\/\" data-pin-do=\"buttonPin\" data-pin-tall=\"true\" data-pin-url=\"https:\/\/flawlesshair.com\/fr\/cheveux-degrades-moyens\/\" data-pin-media=\"https:\/\/flawlesshair.com\/wp-content\/uploads\/2024\/01\/caramel-ombre-mid-length-layered-hair.jpg\" data-pin-description=\"Medium Layered Hair Is The Cut You Can&rsquo;t Afford To Miss In 2025\" rel=\"nofollow noopener\" target=\"_blank\"> <\/a><\/div><\/div><figcaption class=\"wp-element-caption\">@<a href=\"https:\/\/www.instagram.com\/haiirbynicole\/\" target=\"_blank\" rel=\"noreferrer noopener nofollow\">haiirbynicole<\/a><\/figcaption><\/figure>\n<\/div>\n\n\n<p>Vous souhaitez ajouter une touche de couleur \u00e0 vos cheveux bruns sans avoir \u00e0 exp\u00e9rimenter des couleurs vives ? Une subtile ombre caramel est la meilleure solution et le plus beau, c'est que ce style convient parfaitement aux cheveux bruns moyens. <a href=\"https:\/\/flawlesshair.com\/fr\/cheveux-degrades\/\">cheveux d\u00e9grad\u00e9s<\/a>.<\/p>\n\n\n\n<h2 class=\"wp-block-heading\">48. Cheveux bruns chocolat\u00e9s avec reflets caramel<\/h2>\n\n\n<div class=\"wp-block-image\">\n<figure class=\"aligncenter size-full\"><div style=\"position: relative;\"><noscript><img loading=\"lazy\" decoding=\"async\" width=\"1080\" height=\"1350\" src=\"https:\/\/flawlesshair.com\/wp-content\/uploads\/2024\/01\/chocolate-brown-hair-with-caramel-highlights.jpg\" alt=\"cheveux brun chocolat avec des reflets caramel\" class=\"wp-image-94408\" srcset=\"https:\/\/flawlesshair.com\/wp-content\/uploads\/2024\/01\/chocolate-brown-hair-with-caramel-highlights.jpg 1080w, https:\/\/flawlesshair.com\/wp-content\/uploads\/2024\/01\/chocolate-brown-hair-with-caramel-highlights-240x300.jpg 240w, https:\/\/flawlesshair.com\/wp-content\/uploads\/2024\/01\/chocolate-brown-hair-with-caramel-highlights-768x960.jpg 768w, https:\/\/flawlesshair.com\/wp-content\/uploads\/2024\/01\/chocolate-brown-hair-with-caramel-highlights-10x12.jpg 10w, https:\/\/flawlesshair.com\/wp-content\/uploads\/2024\/01\/chocolate-brown-hair-with-caramel-highlights-864x1080.jpg 864w, https:\/\/flawlesshair.com\/wp-content\/uploads\/2024\/01\/chocolate-brown-hair-with-caramel-highlights-960x1200.jpg 960w\" sizes=\"auto, (max-width: 760px) calc(100vw - 24px), 720px\"><\/noscript><img loading=\"lazy\" decoding=\"async\" width=\"1080\" height=\"1350\" src=\"https:\/\/flawlesshair.com\/wp-content\/uploads\/2024\/01\/chocolate-brown-hair-with-caramel-highlights.jpg\" alt=\"cheveux brun chocolat avec des reflets caramel\" class=\"wp-image-94408 lazyload\" srcset=\"https:\/\/flawlesshair.com\/wp-content\/uploads\/2024\/01\/chocolate-brown-hair-with-caramel-highlights.jpg 1080w, https:\/\/flawlesshair.com\/wp-content\/uploads\/2024\/01\/chocolate-brown-hair-with-caramel-highlights-240x300.jpg 240w, https:\/\/flawlesshair.com\/wp-content\/uploads\/2024\/01\/chocolate-brown-hair-with-caramel-highlights-768x960.jpg 768w, https:\/\/flawlesshair.com\/wp-content\/uploads\/2024\/01\/chocolate-brown-hair-with-caramel-highlights-10x12.jpg 10w, https:\/\/flawlesshair.com\/wp-content\/uploads\/2024\/01\/chocolate-brown-hair-with-caramel-highlights-864x1080.jpg 864w, https:\/\/flawlesshair.com\/wp-content\/uploads\/2024\/01\/chocolate-brown-hair-with-caramel-highlights-960x1200.jpg 960w\" sizes=\"auto, (max-width: 760px) calc(100vw - 24px), 720px\" data-pin-media=\"https:\/\/flawlesshair.com\/wp-content\/uploads\/2024\/01\/chocolate-brown-hair-with-caramel-highlights.jpg\" id=\"mv-trellis-img-48\" data-trellis-processed=\"1\"><div style=\"position: absolute; top: 0.5rem; right: 0.75rem;\"> <a href=\"https:\/\/www.pinterest.com\/pin\/create\/button\/\" data-pin-do=\"buttonPin\" data-pin-tall=\"true\" data-pin-url=\"https:\/\/flawlesshair.com\/fr\/cheveux-degrades-moyens\/\" data-pin-media=\"https:\/\/flawlesshair.com\/wp-content\/uploads\/2024\/01\/chocolate-brown-hair-with-caramel-highlights.jpg\" data-pin-description=\"Medium Layered Hair Is The Cut You Can&rsquo;t Afford To Miss In 2025\" rel=\"nofollow noopener\" target=\"_blank\"> <\/a><\/div><\/div><figcaption class=\"wp-element-caption\">@<a href=\"https:\/\/www.instagram.com\/theroomverona\/\" target=\"_blank\" rel=\"noreferrer noopener nofollow\">theroomverona<\/a><\/figcaption><\/figure>\n<\/div>\n\n\n<p>Les cheveux brun chocolat avec des reflets caramel sont une d\u00e9licieuse combinaison de couleurs qui nous rappelle irr\u00e9sistiblement le chocolat noir. Conseil de pro : les reflets cannelle sont une excellente alternative pour un look hivernal parfait.<\/p>\n\n\n\n<h2 class=\"wp-block-heading\">49. Coupe cintr\u00e9e moyenne avec frange ondul\u00e9e<\/h2>\n\n\n<div class=\"wp-block-image\">\n<figure class=\"aligncenter size-full\"><div style=\"position: relative;\"><noscript><img loading=\"lazy\" decoding=\"async\" width=\"1080\" height=\"1350\" src=\"https:\/\/flawlesshair.com\/wp-content\/uploads\/2024\/01\/medium-curve-cut-with-wispy-bangs.jpg\" alt=\"coupe cintr\u00e9e moyenne avec frange floue\" class=\"wp-image-94407\" srcset=\"https:\/\/flawlesshair.com\/wp-content\/uploads\/2024\/01\/medium-curve-cut-with-wispy-bangs.jpg 1080w, https:\/\/flawlesshair.com\/wp-content\/uploads\/2024\/01\/medium-curve-cut-with-wispy-bangs-240x300.jpg 240w, https:\/\/flawlesshair.com\/wp-content\/uploads\/2024\/01\/medium-curve-cut-with-wispy-bangs-768x960.jpg 768w, https:\/\/flawlesshair.com\/wp-content\/uploads\/2024\/01\/medium-curve-cut-with-wispy-bangs-10x12.jpg 10w, https:\/\/flawlesshair.com\/wp-content\/uploads\/2024\/01\/medium-curve-cut-with-wispy-bangs-864x1080.jpg 864w, https:\/\/flawlesshair.com\/wp-content\/uploads\/2024\/01\/medium-curve-cut-with-wispy-bangs-960x1200.jpg 960w\" sizes=\"auto, (max-width: 760px) calc(100vw - 24px), 720px\"><\/noscript><img loading=\"lazy\" decoding=\"async\" width=\"1080\" height=\"1350\" src=\"https:\/\/flawlesshair.com\/wp-content\/uploads\/2024\/01\/medium-curve-cut-with-wispy-bangs.jpg\" alt=\"coupe cintr\u00e9e moyenne avec frange floue\" class=\"wp-image-94407 lazyload\" srcset=\"https:\/\/flawlesshair.com\/wp-content\/uploads\/2024\/01\/medium-curve-cut-with-wispy-bangs.jpg 1080w, https:\/\/flawlesshair.com\/wp-content\/uploads\/2024\/01\/medium-curve-cut-with-wispy-bangs-240x300.jpg 240w, https:\/\/flawlesshair.com\/wp-content\/uploads\/2024\/01\/medium-curve-cut-with-wispy-bangs-768x960.jpg 768w, https:\/\/flawlesshair.com\/wp-content\/uploads\/2024\/01\/medium-curve-cut-with-wispy-bangs-10x12.jpg 10w, https:\/\/flawlesshair.com\/wp-content\/uploads\/2024\/01\/medium-curve-cut-with-wispy-bangs-864x1080.jpg 864w, https:\/\/flawlesshair.com\/wp-content\/uploads\/2024\/01\/medium-curve-cut-with-wispy-bangs-960x1200.jpg 960w\" sizes=\"auto, (max-width: 760px) calc(100vw - 24px), 720px\" data-pin-media=\"https:\/\/flawlesshair.com\/wp-content\/uploads\/2024\/01\/medium-curve-cut-with-wispy-bangs.jpg\" id=\"mv-trellis-img-49\" data-trellis-processed=\"1\"><div style=\"position: absolute; top: 0.5rem; right: 0.75rem;\"> <a href=\"https:\/\/www.pinterest.com\/pin\/create\/button\/\" data-pin-do=\"buttonPin\" data-pin-tall=\"true\" data-pin-url=\"https:\/\/flawlesshair.com\/fr\/cheveux-degrades-moyens\/\" data-pin-media=\"https:\/\/flawlesshair.com\/wp-content\/uploads\/2024\/01\/medium-curve-cut-with-wispy-bangs.jpg\" data-pin-description=\"Medium Layered Hair Is The Cut You Can&rsquo;t Afford To Miss In 2025\" rel=\"nofollow noopener\" target=\"_blank\"> <\/a><\/div><\/div><figcaption class=\"wp-element-caption\">@<a href=\"https:\/\/www.instagram.com\/mitacun_hairnbeautysalon\/\" target=\"_blank\" rel=\"noreferrer noopener nofollow\">mitacun_hairnbeautysalon<\/a><\/figcaption><\/figure>\n<\/div>\n\n\n<p>La coupe cintr\u00e9e est une coupe joliment d\u00e9grad\u00e9e qui vise principalement \u00e0 encadrer le visage et \u00e0 donner du mouvement aux cheveux. Une frange ondul\u00e9e ou hach\u00e9e se marie \u00e0 merveille avec cette coupe populaire.<\/p>\n\n\n\n<h2 class=\"wp-block-heading\">50. Shag boucl\u00e9 mi-long<\/h2>\n\n\n<div class=\"wp-block-image\">\n<figure class=\"aligncenter size-full\"><div style=\"position: relative;\"><noscript><img loading=\"lazy\" decoding=\"async\" width=\"1080\" height=\"1080\" src=\"https:\/\/flawlesshair.com\/wp-content\/uploads\/2024\/01\/mid-length-curly-shag.jpg\" alt=\"shag mi-long boucl\u00e9\" class=\"wp-image-94406\" srcset=\"https:\/\/flawlesshair.com\/wp-content\/uploads\/2024\/01\/mid-length-curly-shag.jpg 1080w, https:\/\/flawlesshair.com\/wp-content\/uploads\/2024\/01\/mid-length-curly-shag-300x300.jpg 300w, https:\/\/flawlesshair.com\/wp-content\/uploads\/2024\/01\/mid-length-curly-shag-150x150.jpg 150w, https:\/\/flawlesshair.com\/wp-content\/uploads\/2024\/01\/mid-length-curly-shag-768x768.jpg 768w, https:\/\/flawlesshair.com\/wp-content\/uploads\/2024\/01\/mid-length-curly-shag-12x12.jpg 12w, https:\/\/flawlesshair.com\/wp-content\/uploads\/2024\/01\/mid-length-curly-shag-728x728.jpg 728w, https:\/\/flawlesshair.com\/wp-content\/uploads\/2024\/01\/mid-length-curly-shag-960x960.jpg 960w\" sizes=\"auto, (max-width: 760px) calc(100vw - 24px), 720px\"><\/noscript><img loading=\"lazy\" decoding=\"async\" width=\"1080\" height=\"1080\" src=\"https:\/\/flawlesshair.com\/wp-content\/uploads\/2024\/01\/mid-length-curly-shag.jpg\" alt=\"shag mi-long boucl\u00e9\" class=\"wp-image-94406 lazyload\" srcset=\"https:\/\/flawlesshair.com\/wp-content\/uploads\/2024\/01\/mid-length-curly-shag.jpg 1080w, https:\/\/flawlesshair.com\/wp-content\/uploads\/2024\/01\/mid-length-curly-shag-300x300.jpg 300w, https:\/\/flawlesshair.com\/wp-content\/uploads\/2024\/01\/mid-length-curly-shag-150x150.jpg 150w, https:\/\/flawlesshair.com\/wp-content\/uploads\/2024\/01\/mid-length-curly-shag-768x768.jpg 768w, https:\/\/flawlesshair.com\/wp-content\/uploads\/2024\/01\/mid-length-curly-shag-12x12.jpg 12w, https:\/\/flawlesshair.com\/wp-content\/uploads\/2024\/01\/mid-length-curly-shag-728x728.jpg 728w, https:\/\/flawlesshair.com\/wp-content\/uploads\/2024\/01\/mid-length-curly-shag-960x960.jpg 960w\" sizes=\"auto, (max-width: 760px) calc(100vw - 24px), 720px\" data-pin-media=\"https:\/\/flawlesshair.com\/wp-content\/uploads\/2024\/01\/mid-length-curly-shag.jpg\" id=\"mv-trellis-img-50\" data-trellis-processed=\"1\"><div style=\"position: absolute; top: 0.5rem; right: 0.75rem;\"> <a href=\"https:\/\/www.pinterest.com\/pin\/create\/button\/\" data-pin-do=\"buttonPin\" data-pin-tall=\"true\" data-pin-url=\"https:\/\/flawlesshair.com\/fr\/cheveux-degrades-moyens\/\" data-pin-media=\"https:\/\/flawlesshair.com\/wp-content\/uploads\/2024\/01\/mid-length-curly-shag.jpg\" data-pin-description=\"Medium Layered Hair Is The Cut You Can&rsquo;t Afford To Miss In 2025\" rel=\"nofollow noopener\" target=\"_blank\"> <\/a><\/div><\/div><figcaption class=\"wp-element-caption\">@<a href=\"https:\/\/www.instagram.com\/dacha_hair\/\" target=\"_blank\" rel=\"noreferrer noopener nofollow\">dacha_hair<\/a><\/figcaption><\/figure>\n<\/div>\n\n\n<p>Les cheveux boucl\u00e9s abondent en volume et en texture. Les boucles sont donc plus d\u00e9finies et celles de la couronne sont plus volumineuses, ce qui donne l'illusion d'une crini\u00e8re plus fournie. <\/p>","protected":false},"excerpt":{"rendered":"<p>Vous cherchez une fa\u00e7on amusante et s\u00e9duisante de donner un coup de jeune \u00e0 vos cheveux ? Il semblerait que vous en ayez trouv\u00e9 une ! Les cheveux mi-longs d\u00e9grad\u00e9s sont une ...<\/p>","protected":false},"author":5,"featured_media":38686,"comment_status":"closed","ping_status":"closed","sticky":false,"template":"","format":"standard","meta":{"syndication_tool_enabled":false,"syndication_tool_title":"","syndication_tool_excerpt":"","syndication_tool_featured_image":0,"syndication_tool_publish_date":"","syndication_tool_schema_types":[],"syndication_tool_backlink_enable":false,"syndication_tool_ai_disclosure_enable":false,"disable-in-feed":false,"article-schema-type":"","disable-critical-css":false,"footnotes":""},"categories":[46],"tags":[],"class_list":["post-38684","post","type-post","status-publish","format-standard","has-post-thumbnail","hentry","category-layered"],"_links":{"self":[{"href":"https:\/\/flawlesshair.com\/fr\/wp-json\/wp\/v2\/posts\/38684","targetHints":{"allow":["GET"]}}],"collection":[{"href":"https:\/\/flawlesshair.com\/fr\/wp-json\/wp\/v2\/posts"}],"about":[{"href":"https:\/\/flawlesshair.com\/fr\/wp-json\/wp\/v2\/types\/post"}],"author":[{"embeddable":true,"href":"https:\/\/flawlesshair.com\/fr\/wp-json\/wp\/v2\/users\/5"}],"replies":[{"embeddable":true,"href":"https:\/\/flawlesshair.com\/fr\/wp-json\/wp\/v2\/comments?post=38684"}],"version-history":[{"count":0,"href":"https:\/\/flawlesshair.com\/fr\/wp-json\/wp\/v2\/posts\/38684\/revisions"}],"wp:featuredmedia":[{"embeddable":true,"href":"https:\/\/flawlesshair.com\/fr\/wp-json\/wp\/v2\/media\/38686"}],"wp:attachment":[{"href":"https:\/\/flawlesshair.com\/fr\/wp-json\/wp\/v2\/media?parent=38684"}],"wp:term":[{"taxonomy":"category","embeddable":true,"href":"https:\/\/flawlesshair.com\/fr\/wp-json\/wp\/v2\/categories?post=38684"},{"taxonomy":"post_tag","embeddable":true,"href":"https:\/\/flawlesshair.com\/fr\/wp-json\/wp\/v2\/tags?post=38684"}],"curies":[{"name":"wp","href":"https:\/\/api.w.org\/{rel}","templated":true}]}}