{"id":53217,"date":"2024-06-17T13:25:49","date_gmt":"2024-06-17T13:25:49","guid":{"rendered":"https:\/\/flawlesshair.com\/?p=53217"},"modified":"2025-01-23T12:28:12","modified_gmt":"2025-01-23T11:28:12","slug":"cheveux-boucles-avec-meches-caramel","status":"publish","type":"post","link":"https:\/\/flawlesshair.com\/fr\/cheveux-boucles-avec-meches-caramel\/","title":{"rendered":"Les cheveux boucl\u00e9s avec des reflets caramel sont la coiffure la plus recherch\u00e9e en 2025"},"content":{"rendered":"<style>img#mv-trellis-img-1::before{padding-top:114.35185185185%; }img#mv-trellis-img-1{display:block;}img#mv-trellis-img-2::before{padding-top:125%; }img#mv-trellis-img-2{display:block;}img#mv-trellis-img-3::before{padding-top:100%; }img#mv-trellis-img-3{display:block;}img#mv-trellis-img-4::before{padding-top:125%; }img#mv-trellis-img-4{display:block;}img#mv-trellis-img-5::before{padding-top:125%; }img#mv-trellis-img-5{display:block;}img#mv-trellis-img-6::before{padding-top:125.09259259259%; }img#mv-trellis-img-6{display:block;}img#mv-trellis-img-7::before{padding-top:125%; }img#mv-trellis-img-7{display:block;}img#mv-trellis-img-8::before{padding-top:100%; }img#mv-trellis-img-8{display:block;}img#mv-trellis-img-9::before{padding-top:125.09259259259%; }img#mv-trellis-img-9{display:block;}img#mv-trellis-img-10::before{padding-top:117.22222222222%; }img#mv-trellis-img-10{display:block;}img#mv-trellis-img-11::before{padding-top:116.85185185185%; }img#mv-trellis-img-11{display:block;}img#mv-trellis-img-12::before{padding-top:125%; }img#mv-trellis-img-12{display:block;}img#mv-trellis-img-13::before{padding-top:125%; }img#mv-trellis-img-13{display:block;}img#mv-trellis-img-14::before{padding-top:124.90740740741%; }img#mv-trellis-img-14{display:block;}img#mv-trellis-img-15::before{padding-top:125%; }img#mv-trellis-img-15{display:block;}img#mv-trellis-img-16::before{padding-top:124.9504950495%; }img#mv-trellis-img-16{display:block;}img#mv-trellis-img-17::before{padding-top:125%; }img#mv-trellis-img-17{display:block;}img#mv-trellis-img-18::before{padding-top:125%; }img#mv-trellis-img-18{display:block;}<\/style>\n<p>Que vous souhaitiez ajouter une touche de couleur \u00e0 vos boucles, rehausser la texture de vos cheveux naturellement boucl\u00e9s ou cr\u00e9er un look dimensionnel \u00e9tonnant, les m\u00e8ches caramel r\u00e9pondront \u00e0 toutes vos attentes. Vous pouvez associer les reflets caramel \u00e0 diff\u00e9rentes couleurs de base et \u00e0 diff\u00e9rents types de cheveux boucl\u00e9s, et le r\u00e9sultat sera toujours le m\u00eame : les reflets feront ressortir le meilleur de votre crini\u00e8re boucl\u00e9e. Les photos d'inspiration suivantes en sont la preuve.<\/p>\n\n\n\n<h2 class=\"wp-block-heading\">1. Cheveux boucl\u00e9s bruns avec m\u00e8che caramel<\/h2>\n\n\n<div class=\"wp-block-image\">\n<figure class=\"aligncenter size-full\"><div style=\"position: relative;\"><noscript><img loading=\"lazy\" decoding=\"async\" width=\"1080\" height=\"1235\" src=\"https:\/\/flawlesshair.com\/wp-content\/uploads\/2024\/06\/brown-curly-hair-with-caramel-money-piece.jpg\" alt=\"cheveux bruns boucl\u00e9s avec pi\u00e8ce d&#039;argent caramel\" class=\"wp-image-53255\" srcset=\"https:\/\/flawlesshair.com\/wp-content\/uploads\/2024\/06\/brown-curly-hair-with-caramel-money-piece.jpg 1080w, https:\/\/flawlesshair.com\/wp-content\/uploads\/2024\/06\/brown-curly-hair-with-caramel-money-piece-262x300.jpg 262w, https:\/\/flawlesshair.com\/wp-content\/uploads\/2024\/06\/brown-curly-hair-with-caramel-money-piece-768x878.jpg 768w, https:\/\/flawlesshair.com\/wp-content\/uploads\/2024\/06\/brown-curly-hair-with-caramel-money-piece-10x12.jpg 10w, https:\/\/flawlesshair.com\/wp-content\/uploads\/2024\/06\/brown-curly-hair-with-caramel-money-piece-840x960.jpg 840w, https:\/\/flawlesshair.com\/wp-content\/uploads\/2024\/06\/brown-curly-hair-with-caramel-money-piece-944x1080.jpg 944w, https:\/\/flawlesshair.com\/wp-content\/uploads\/2024\/06\/brown-curly-hair-with-caramel-money-piece-1049x1200.jpg 1049w, https:\/\/flawlesshair.com\/wp-content\/uploads\/2024\/06\/brown-curly-hair-with-caramel-money-piece-150x172.jpg 150w\" sizes=\"auto, (max-width: 760px) calc(100vw - 24px), 720px\"><\/noscript><img loading=\"eager\" decoding=\"async\" width=\"1080\" height=\"1235\" src=\"data:image\/svg+xml,%3Csvg%20xmlns='http:\/\/www.w3.org\/2000\/svg'%20viewBox='0%200%201080%201235'%3E%3Crect%20width='1080'%20height='1235'%20style='fill:%23e3e3e3'\/%3E%3C\/svg%3E\" alt=\"cheveux bruns boucl\u00e9s avec pi\u00e8ce d&#039;argent caramel\" class=\"wp-image-53255 eager-load\" sizes=\"auto, (max-width: 760px) calc(100vw - 24px), 720px\" data-pin-media=\"https:\/\/flawlesshair.com\/wp-content\/uploads\/2024\/06\/brown-curly-hair-with-caramel-money-piece.jpg\" id=\"mv-trellis-img-1\" data-src=\"https:\/\/flawlesshair.com\/wp-content\/uploads\/2024\/06\/brown-curly-hair-with-caramel-money-piece.jpg\" data-srcset=\"https:\/\/flawlesshair.com\/wp-content\/uploads\/2024\/06\/brown-curly-hair-with-caramel-money-piece.jpg 1080w, https:\/\/flawlesshair.com\/wp-content\/uploads\/2024\/06\/brown-curly-hair-with-caramel-money-piece-262x300.jpg 262w, https:\/\/flawlesshair.com\/wp-content\/uploads\/2024\/06\/brown-curly-hair-with-caramel-money-piece-768x878.jpg 768w, https:\/\/flawlesshair.com\/wp-content\/uploads\/2024\/06\/brown-curly-hair-with-caramel-money-piece-10x12.jpg 10w, https:\/\/flawlesshair.com\/wp-content\/uploads\/2024\/06\/brown-curly-hair-with-caramel-money-piece-840x960.jpg 840w, https:\/\/flawlesshair.com\/wp-content\/uploads\/2024\/06\/brown-curly-hair-with-caramel-money-piece-944x1080.jpg 944w, https:\/\/flawlesshair.com\/wp-content\/uploads\/2024\/06\/brown-curly-hair-with-caramel-money-piece-1049x1200.jpg 1049w, https:\/\/flawlesshair.com\/wp-content\/uploads\/2024\/06\/brown-curly-hair-with-caramel-money-piece-150x172.jpg 150w\" data-svg=\"1\" data-trellis-processed=\"1\"><div style=\"position: absolute; top: 0.5rem; right: 0.75rem;\"> <a href=\"https:\/\/www.pinterest.com\/pin\/create\/button\/\" data-pin-do=\"buttonPin\" data-pin-tall=\"true\" data-pin-url=\"https:\/\/flawlesshair.com\/fr\/cheveux-boucles-avec-meches-caramel\/\" data-pin-media=\"https:\/\/flawlesshair.com\/wp-content\/uploads\/2024\/06\/brown-curly-hair-with-caramel-money-piece.jpg\" data-pin-description=\"Curly Hair With Caramel Highlights Is 2025&rsquo;s Most Wanted Style\" rel=\"nofollow noopener\" target=\"_blank\"> <\/a><\/div><\/div><figcaption class=\"wp-element-caption\">@<a href=\"https:\/\/www.instagram.com\/hairbyreema\/\" target=\"_blank\" rel=\"noreferrer noopener nofollow\">hairbyreema<\/a><\/figcaption><\/figure>\n<\/div>\n\n\n<p>Les tendances <a href=\"https:\/\/flawlesshair.com\/fr\/piece-dargent-cheveux-boucles\/\">article sur les cheveux fris\u00e9s<\/a> est un v\u00e9ritable bijou ! La fameuse pi\u00e8ce d'argent fait r\u00e9f\u00e9rence \u00e0 des sections de cheveux plus brillantes autour de votre visage qui vous donnent un effet de cadrage \u00e9l\u00e9gant. Ainsi, si vous n'\u00eates pas pr\u00eate \u00e0 ajouter des m\u00e8ches caramel sur l'ensemble de votre chevelure, vous pouvez toujours commencer par une pi\u00e8ce d'argent caramel chic. <\/p>\n\n\n\n<h2 class=\"wp-block-heading\">2. M\u00e8ches caramel sur cheveux longs d\u00e9grad\u00e9s bruns<\/h2>\n\n\n<div class=\"wp-block-image\">\n<figure class=\"aligncenter size-full\"><div style=\"position: relative;\"><noscript><img loading=\"lazy\" decoding=\"async\" width=\"1080\" height=\"1350\" src=\"https:\/\/flawlesshair.com\/wp-content\/uploads\/2024\/06\/caramel-highlights-on-long-layered-brown-curly-hair.jpg\" alt=\"m\u00e8ches caramel sur cheveux longs, bruns et boucl\u00e9s\" class=\"wp-image-53262\" srcset=\"https:\/\/flawlesshair.com\/wp-content\/uploads\/2024\/06\/caramel-highlights-on-long-layered-brown-curly-hair.jpg 1080w, https:\/\/flawlesshair.com\/wp-content\/uploads\/2024\/06\/caramel-highlights-on-long-layered-brown-curly-hair-240x300.jpg 240w, https:\/\/flawlesshair.com\/wp-content\/uploads\/2024\/06\/caramel-highlights-on-long-layered-brown-curly-hair-768x960.jpg 768w, https:\/\/flawlesshair.com\/wp-content\/uploads\/2024\/06\/caramel-highlights-on-long-layered-brown-curly-hair-10x12.jpg 10w, https:\/\/flawlesshair.com\/wp-content\/uploads\/2024\/06\/caramel-highlights-on-long-layered-brown-curly-hair-864x1080.jpg 864w, https:\/\/flawlesshair.com\/wp-content\/uploads\/2024\/06\/caramel-highlights-on-long-layered-brown-curly-hair-960x1200.jpg 960w, https:\/\/flawlesshair.com\/wp-content\/uploads\/2024\/06\/caramel-highlights-on-long-layered-brown-curly-hair-150x188.jpg 150w\" sizes=\"auto, (max-width: 760px) calc(100vw - 24px), 720px\"><\/noscript><img loading=\"lazy\" decoding=\"async\" width=\"1080\" height=\"1350\" src=\"https:\/\/flawlesshair.com\/wp-content\/uploads\/2024\/06\/caramel-highlights-on-long-layered-brown-curly-hair.jpg\" alt=\"m\u00e8ches caramel sur cheveux longs, bruns et boucl\u00e9s\" class=\"wp-image-53262 lazyload\" srcset=\"https:\/\/flawlesshair.com\/wp-content\/uploads\/2024\/06\/caramel-highlights-on-long-layered-brown-curly-hair.jpg 1080w, https:\/\/flawlesshair.com\/wp-content\/uploads\/2024\/06\/caramel-highlights-on-long-layered-brown-curly-hair-240x300.jpg 240w, https:\/\/flawlesshair.com\/wp-content\/uploads\/2024\/06\/caramel-highlights-on-long-layered-brown-curly-hair-768x960.jpg 768w, https:\/\/flawlesshair.com\/wp-content\/uploads\/2024\/06\/caramel-highlights-on-long-layered-brown-curly-hair-10x12.jpg 10w, https:\/\/flawlesshair.com\/wp-content\/uploads\/2024\/06\/caramel-highlights-on-long-layered-brown-curly-hair-864x1080.jpg 864w, https:\/\/flawlesshair.com\/wp-content\/uploads\/2024\/06\/caramel-highlights-on-long-layered-brown-curly-hair-960x1200.jpg 960w, https:\/\/flawlesshair.com\/wp-content\/uploads\/2024\/06\/caramel-highlights-on-long-layered-brown-curly-hair-150x188.jpg 150w\" sizes=\"auto, (max-width: 760px) calc(100vw - 24px), 720px\" data-pin-media=\"https:\/\/flawlesshair.com\/wp-content\/uploads\/2024\/06\/caramel-highlights-on-long-layered-brown-curly-hair.jpg\" id=\"mv-trellis-img-2\" data-trellis-processed=\"1\"><div style=\"position: absolute; top: 0.5rem; right: 0.75rem;\"> <a href=\"https:\/\/www.pinterest.com\/pin\/create\/button\/\" data-pin-do=\"buttonPin\" data-pin-tall=\"true\" data-pin-url=\"https:\/\/flawlesshair.com\/fr\/cheveux-boucles-avec-meches-caramel\/\" data-pin-media=\"https:\/\/flawlesshair.com\/wp-content\/uploads\/2024\/06\/caramel-highlights-on-long-layered-brown-curly-hair.jpg\" data-pin-description=\"Curly Hair With Caramel Highlights Is 2025&rsquo;s Most Wanted Style\" rel=\"nofollow noopener\" target=\"_blank\"> <\/a><\/div><\/div><figcaption class=\"wp-element-caption\">@<a href=\"https:\/\/www.instagram.com\/hairbylaquitaburnett\/\" target=\"_blank\" rel=\"noreferrer noopener nofollow\">hairbylaquitaburnett<\/a><\/figcaption><\/figure>\n<\/div>\n\n\n<p>Les longs d\u00e9grad\u00e9s et les m\u00e8ches sont un mariage parfait, car ils se compl\u00e8tent \u00e0 merveille. Les reflets caramel mettent en valeur les d\u00e9grad\u00e9s sur les cheveux bruns, tandis que les d\u00e9grad\u00e9s donnent du mouvement \u00e0 vos reflets caramel et rendent votre coiffure plus volumineuse. <\/p>\n\n\n\n<h2 class=\"wp-block-heading\">3. Cheveux boucl\u00e9s volumineux et d\u00e9grad\u00e9s avec des reflets caramel<\/h2>\n\n\n<div class=\"wp-block-image\">\n<figure class=\"aligncenter size-full\"><div style=\"position: relative;\"><noscript><img loading=\"lazy\" decoding=\"async\" width=\"1080\" height=\"1080\" src=\"https:\/\/flawlesshair.com\/wp-content\/uploads\/2024\/06\/voluminous-layered-curly-hair-with-caramel-highlights.jpg\" alt=\"cheveux boucl\u00e9s volumineux et d\u00e9grad\u00e9s avec des reflets caramel\" class=\"wp-image-53268\" srcset=\"https:\/\/flawlesshair.com\/wp-content\/uploads\/2024\/06\/voluminous-layered-curly-hair-with-caramel-highlights.jpg 1080w, https:\/\/flawlesshair.com\/wp-content\/uploads\/2024\/06\/voluminous-layered-curly-hair-with-caramel-highlights-300x300.jpg 300w, https:\/\/flawlesshair.com\/wp-content\/uploads\/2024\/06\/voluminous-layered-curly-hair-with-caramel-highlights-150x150.jpg 150w, https:\/\/flawlesshair.com\/wp-content\/uploads\/2024\/06\/voluminous-layered-curly-hair-with-caramel-highlights-768x768.jpg 768w, https:\/\/flawlesshair.com\/wp-content\/uploads\/2024\/06\/voluminous-layered-curly-hair-with-caramel-highlights-12x12.jpg 12w, https:\/\/flawlesshair.com\/wp-content\/uploads\/2024\/06\/voluminous-layered-curly-hair-with-caramel-highlights-728x728.jpg 728w, https:\/\/flawlesshair.com\/wp-content\/uploads\/2024\/06\/voluminous-layered-curly-hair-with-caramel-highlights-960x960.jpg 960w, https:\/\/flawlesshair.com\/wp-content\/uploads\/2024\/06\/voluminous-layered-curly-hair-with-caramel-highlights-96x96.jpg 96w\" sizes=\"auto, (max-width: 760px) calc(100vw - 24px), 720px\"><\/noscript><img loading=\"lazy\" decoding=\"async\" width=\"1080\" height=\"1080\" src=\"https:\/\/flawlesshair.com\/wp-content\/uploads\/2024\/06\/voluminous-layered-curly-hair-with-caramel-highlights.jpg\" alt=\"cheveux boucl\u00e9s volumineux et d\u00e9grad\u00e9s avec des reflets caramel\" class=\"wp-image-53268 lazyload\" srcset=\"https:\/\/flawlesshair.com\/wp-content\/uploads\/2024\/06\/voluminous-layered-curly-hair-with-caramel-highlights.jpg 1080w, https:\/\/flawlesshair.com\/wp-content\/uploads\/2024\/06\/voluminous-layered-curly-hair-with-caramel-highlights-300x300.jpg 300w, https:\/\/flawlesshair.com\/wp-content\/uploads\/2024\/06\/voluminous-layered-curly-hair-with-caramel-highlights-150x150.jpg 150w, https:\/\/flawlesshair.com\/wp-content\/uploads\/2024\/06\/voluminous-layered-curly-hair-with-caramel-highlights-768x768.jpg 768w, https:\/\/flawlesshair.com\/wp-content\/uploads\/2024\/06\/voluminous-layered-curly-hair-with-caramel-highlights-12x12.jpg 12w, https:\/\/flawlesshair.com\/wp-content\/uploads\/2024\/06\/voluminous-layered-curly-hair-with-caramel-highlights-728x728.jpg 728w, https:\/\/flawlesshair.com\/wp-content\/uploads\/2024\/06\/voluminous-layered-curly-hair-with-caramel-highlights-960x960.jpg 960w, https:\/\/flawlesshair.com\/wp-content\/uploads\/2024\/06\/voluminous-layered-curly-hair-with-caramel-highlights-96x96.jpg 96w\" sizes=\"auto, (max-width: 760px) calc(100vw - 24px), 720px\" data-pin-media=\"https:\/\/flawlesshair.com\/wp-content\/uploads\/2024\/06\/voluminous-layered-curly-hair-with-caramel-highlights.jpg\" id=\"mv-trellis-img-3\" data-trellis-processed=\"1\"><div style=\"position: absolute; top: 0.5rem; right: 0.75rem;\"> <a href=\"https:\/\/www.pinterest.com\/pin\/create\/button\/\" data-pin-do=\"buttonPin\" data-pin-tall=\"true\" data-pin-url=\"https:\/\/flawlesshair.com\/fr\/cheveux-boucles-avec-meches-caramel\/\" data-pin-media=\"https:\/\/flawlesshair.com\/wp-content\/uploads\/2024\/06\/voluminous-layered-curly-hair-with-caramel-highlights.jpg\" data-pin-description=\"Curly Hair With Caramel Highlights Is 2025&rsquo;s Most Wanted Style\" rel=\"nofollow noopener\" target=\"_blank\"> <\/a><\/div><\/div><figcaption class=\"wp-element-caption\">@<a href=\"https:\/\/www.instagram.com\/hairbyreema\/\" target=\"_blank\" rel=\"noreferrer noopener nofollow\">hairbyreema<\/a><\/figcaption><\/figure>\n<\/div>\n\n\n<p>Volumineux en couches <a href=\"https:\/\/flawlesshair.com\/fr\/cheveux-bruns-avec-des-reflets-caramel\/\">cheveux bruns avec reflets caramel<\/a>est un v\u00e9ritable chef-d'\u0153uvre qui donne \u00e0 vos cheveux du volume, des boucles rebondissantes et une belle texture. Je vous conseille de conserver beaucoup de cr\u00e8me bouclante et de gel capillaire pour entretenir cette coiffure somptueuse. <\/p>\n\n\n\n<h2 class=\"wp-block-heading\">4. Boucles ultra longues avec des reflets beige caramel<\/h2>\n\n\n<div class=\"wp-block-image\">\n<figure class=\"aligncenter size-full\"><div style=\"position: relative;\"><noscript><img loading=\"lazy\" decoding=\"async\" width=\"1080\" height=\"1350\" src=\"https:\/\/flawlesshair.com\/wp-content\/uploads\/2024\/06\/ultra-long-curly-hair-with-caramel-highlights.jpg\" alt=\"cheveux boucl\u00e9s ultra longs avec des reflets beige caramel\" class=\"wp-image-53267\" srcset=\"https:\/\/flawlesshair.com\/wp-content\/uploads\/2024\/06\/ultra-long-curly-hair-with-caramel-highlights.jpg 1080w, https:\/\/flawlesshair.com\/wp-content\/uploads\/2024\/06\/ultra-long-curly-hair-with-caramel-highlights-240x300.jpg 240w, https:\/\/flawlesshair.com\/wp-content\/uploads\/2024\/06\/ultra-long-curly-hair-with-caramel-highlights-768x960.jpg 768w, https:\/\/flawlesshair.com\/wp-content\/uploads\/2024\/06\/ultra-long-curly-hair-with-caramel-highlights-10x12.jpg 10w, https:\/\/flawlesshair.com\/wp-content\/uploads\/2024\/06\/ultra-long-curly-hair-with-caramel-highlights-864x1080.jpg 864w, https:\/\/flawlesshair.com\/wp-content\/uploads\/2024\/06\/ultra-long-curly-hair-with-caramel-highlights-960x1200.jpg 960w, https:\/\/flawlesshair.com\/wp-content\/uploads\/2024\/06\/ultra-long-curly-hair-with-caramel-highlights-150x188.jpg 150w\" sizes=\"auto, (max-width: 760px) calc(100vw - 24px), 720px\"><\/noscript><img loading=\"lazy\" decoding=\"async\" width=\"1080\" height=\"1350\" src=\"https:\/\/flawlesshair.com\/wp-content\/uploads\/2024\/06\/ultra-long-curly-hair-with-caramel-highlights.jpg\" alt=\"cheveux boucl\u00e9s ultra longs avec des reflets beige caramel\" class=\"wp-image-53267 lazyload\" srcset=\"https:\/\/flawlesshair.com\/wp-content\/uploads\/2024\/06\/ultra-long-curly-hair-with-caramel-highlights.jpg 1080w, https:\/\/flawlesshair.com\/wp-content\/uploads\/2024\/06\/ultra-long-curly-hair-with-caramel-highlights-240x300.jpg 240w, https:\/\/flawlesshair.com\/wp-content\/uploads\/2024\/06\/ultra-long-curly-hair-with-caramel-highlights-768x960.jpg 768w, https:\/\/flawlesshair.com\/wp-content\/uploads\/2024\/06\/ultra-long-curly-hair-with-caramel-highlights-10x12.jpg 10w, https:\/\/flawlesshair.com\/wp-content\/uploads\/2024\/06\/ultra-long-curly-hair-with-caramel-highlights-864x1080.jpg 864w, https:\/\/flawlesshair.com\/wp-content\/uploads\/2024\/06\/ultra-long-curly-hair-with-caramel-highlights-960x1200.jpg 960w, https:\/\/flawlesshair.com\/wp-content\/uploads\/2024\/06\/ultra-long-curly-hair-with-caramel-highlights-150x188.jpg 150w\" sizes=\"auto, (max-width: 760px) calc(100vw - 24px), 720px\" data-pin-media=\"https:\/\/flawlesshair.com\/wp-content\/uploads\/2024\/06\/ultra-long-curly-hair-with-caramel-highlights.jpg\" id=\"mv-trellis-img-4\" data-trellis-processed=\"1\"><div style=\"position: absolute; top: 0.5rem; right: 0.75rem;\"> <a href=\"https:\/\/www.pinterest.com\/pin\/create\/button\/\" data-pin-do=\"buttonPin\" data-pin-tall=\"true\" data-pin-url=\"https:\/\/flawlesshair.com\/fr\/cheveux-boucles-avec-meches-caramel\/\" data-pin-media=\"https:\/\/flawlesshair.com\/wp-content\/uploads\/2024\/06\/ultra-long-curly-hair-with-caramel-highlights.jpg\" data-pin-description=\"Curly Hair With Caramel Highlights Is 2025&rsquo;s Most Wanted Style\" rel=\"nofollow noopener\" target=\"_blank\"> <\/a><\/div><\/div><figcaption class=\"wp-element-caption\">@<a href=\"https:\/\/www.instagram.com\/klvitoria_\/\" target=\"_blank\" rel=\"noreferrer noopener nofollow\">klvitoria_<\/a><\/figcaption><\/figure>\n<\/div>\n\n\n<p>Rappelez-vous qu'il n'existe pas une seule nuance de m\u00e8ches caramel, mais que vous pouvez choisir entre un beige caramel plus clair et un caramel plus fonc\u00e9, en fonction du r\u00e9sultat souhait\u00e9 et de la couleur de base. Les reflets caramel-beige donneront \u00e0 vos boucles brunes un aspect ensoleill\u00e9 pour une esth\u00e9tique jeune.  <\/p>\n\n\n\n<h2 class=\"wp-block-heading\">5. Cheveux bruns aux \u00e9paules avec des reflets caramel<\/h2>\n\n\n<div class=\"wp-block-image\">\n<figure class=\"aligncenter size-full\"><div style=\"position: relative;\"><noscript><img loading=\"lazy\" decoding=\"async\" width=\"1080\" height=\"1350\" src=\"https:\/\/flawlesshair.com\/wp-content\/uploads\/2024\/06\/shoulder-length-brown-hair-with-caramel-highlights.jpg\" alt=\"cheveux bruns aux \u00e9paules avec des reflets caramel\" class=\"wp-image-53266\" srcset=\"https:\/\/flawlesshair.com\/wp-content\/uploads\/2024\/06\/shoulder-length-brown-hair-with-caramel-highlights.jpg 1080w, https:\/\/flawlesshair.com\/wp-content\/uploads\/2024\/06\/shoulder-length-brown-hair-with-caramel-highlights-240x300.jpg 240w, https:\/\/flawlesshair.com\/wp-content\/uploads\/2024\/06\/shoulder-length-brown-hair-with-caramel-highlights-768x960.jpg 768w, https:\/\/flawlesshair.com\/wp-content\/uploads\/2024\/06\/shoulder-length-brown-hair-with-caramel-highlights-10x12.jpg 10w, https:\/\/flawlesshair.com\/wp-content\/uploads\/2024\/06\/shoulder-length-brown-hair-with-caramel-highlights-864x1080.jpg 864w, https:\/\/flawlesshair.com\/wp-content\/uploads\/2024\/06\/shoulder-length-brown-hair-with-caramel-highlights-960x1200.jpg 960w, https:\/\/flawlesshair.com\/wp-content\/uploads\/2024\/06\/shoulder-length-brown-hair-with-caramel-highlights-150x188.jpg 150w\" sizes=\"auto, (max-width: 760px) calc(100vw - 24px), 720px\"><\/noscript><img loading=\"lazy\" decoding=\"async\" width=\"1080\" height=\"1350\" src=\"https:\/\/flawlesshair.com\/wp-content\/uploads\/2024\/06\/shoulder-length-brown-hair-with-caramel-highlights.jpg\" alt=\"cheveux bruns aux \u00e9paules avec des reflets caramel\" class=\"wp-image-53266 lazyload\" srcset=\"https:\/\/flawlesshair.com\/wp-content\/uploads\/2024\/06\/shoulder-length-brown-hair-with-caramel-highlights.jpg 1080w, https:\/\/flawlesshair.com\/wp-content\/uploads\/2024\/06\/shoulder-length-brown-hair-with-caramel-highlights-240x300.jpg 240w, https:\/\/flawlesshair.com\/wp-content\/uploads\/2024\/06\/shoulder-length-brown-hair-with-caramel-highlights-768x960.jpg 768w, https:\/\/flawlesshair.com\/wp-content\/uploads\/2024\/06\/shoulder-length-brown-hair-with-caramel-highlights-10x12.jpg 10w, https:\/\/flawlesshair.com\/wp-content\/uploads\/2024\/06\/shoulder-length-brown-hair-with-caramel-highlights-864x1080.jpg 864w, https:\/\/flawlesshair.com\/wp-content\/uploads\/2024\/06\/shoulder-length-brown-hair-with-caramel-highlights-960x1200.jpg 960w, https:\/\/flawlesshair.com\/wp-content\/uploads\/2024\/06\/shoulder-length-brown-hair-with-caramel-highlights-150x188.jpg 150w\" sizes=\"auto, (max-width: 760px) calc(100vw - 24px), 720px\" data-pin-media=\"https:\/\/flawlesshair.com\/wp-content\/uploads\/2024\/06\/shoulder-length-brown-hair-with-caramel-highlights.jpg\" id=\"mv-trellis-img-5\" data-trellis-processed=\"1\"><div style=\"position: absolute; top: 0.5rem; right: 0.75rem;\"> <a href=\"https:\/\/www.pinterest.com\/pin\/create\/button\/\" data-pin-do=\"buttonPin\" data-pin-tall=\"true\" data-pin-url=\"https:\/\/flawlesshair.com\/fr\/cheveux-boucles-avec-meches-caramel\/\" data-pin-media=\"https:\/\/flawlesshair.com\/wp-content\/uploads\/2024\/06\/shoulder-length-brown-hair-with-caramel-highlights.jpg\" data-pin-description=\"Curly Hair With Caramel Highlights Is 2025&rsquo;s Most Wanted Style\" rel=\"nofollow noopener\" target=\"_blank\"> <\/a><\/div><\/div><figcaption class=\"wp-element-caption\">@<a href=\"https:\/\/www.instagram.com\/goldenaurahair\/\" target=\"_blank\" rel=\"noreferrer noopener nofollow\">chauve-souris dor\u00e9e<\/a><\/figcaption><\/figure>\n<\/div>\n\n\n<p>Les coiffures courtes sont le meilleur choix pour les cheveux fins car elles donnent du ressort et du mouvement \u00e0 vos boucles. De plus, les reflets caramel donnent \u00e0 votre coiffure un aspect dimensionnel tout en mettant en valeur vos boucles. Par cons\u00e9quent, les cheveux bruns mi-longs avec des reflets caramel sont la solution ! <\/p>\n\n\n\n<h2 class=\"wp-block-heading\">6. Longues m\u00e8ches avec reflets caramel<\/h2>\n\n\n<div class=\"wp-block-image\">\n<figure class=\"aligncenter size-full\"><div style=\"position: relative;\"><noscript><img loading=\"lazy\" decoding=\"async\" width=\"1080\" height=\"1351\" src=\"https:\/\/flawlesshair.com\/wp-content\/uploads\/2024\/06\/long-layers-with-caramel-highlights.jpg\" alt=\"longues couches aux reflets caramel\" class=\"wp-image-53265\" srcset=\"https:\/\/flawlesshair.com\/wp-content\/uploads\/2024\/06\/long-layers-with-caramel-highlights.jpg 1080w, https:\/\/flawlesshair.com\/wp-content\/uploads\/2024\/06\/long-layers-with-caramel-highlights-240x300.jpg 240w, https:\/\/flawlesshair.com\/wp-content\/uploads\/2024\/06\/long-layers-with-caramel-highlights-768x961.jpg 768w, https:\/\/flawlesshair.com\/wp-content\/uploads\/2024\/06\/long-layers-with-caramel-highlights-10x12.jpg 10w, https:\/\/flawlesshair.com\/wp-content\/uploads\/2024\/06\/long-layers-with-caramel-highlights-767x960.jpg 767w, https:\/\/flawlesshair.com\/wp-content\/uploads\/2024\/06\/long-layers-with-caramel-highlights-863x1080.jpg 863w, https:\/\/flawlesshair.com\/wp-content\/uploads\/2024\/06\/long-layers-with-caramel-highlights-959x1200.jpg 959w, https:\/\/flawlesshair.com\/wp-content\/uploads\/2024\/06\/long-layers-with-caramel-highlights-150x188.jpg 150w\" sizes=\"auto, (max-width: 760px) calc(100vw - 24px), 720px\"><\/noscript><img loading=\"lazy\" decoding=\"async\" width=\"1080\" height=\"1351\" src=\"https:\/\/flawlesshair.com\/wp-content\/uploads\/2024\/06\/long-layers-with-caramel-highlights.jpg\" alt=\"longues couches aux reflets caramel\" class=\"wp-image-53265 lazyload\" srcset=\"https:\/\/flawlesshair.com\/wp-content\/uploads\/2024\/06\/long-layers-with-caramel-highlights.jpg 1080w, https:\/\/flawlesshair.com\/wp-content\/uploads\/2024\/06\/long-layers-with-caramel-highlights-240x300.jpg 240w, https:\/\/flawlesshair.com\/wp-content\/uploads\/2024\/06\/long-layers-with-caramel-highlights-768x961.jpg 768w, https:\/\/flawlesshair.com\/wp-content\/uploads\/2024\/06\/long-layers-with-caramel-highlights-10x12.jpg 10w, https:\/\/flawlesshair.com\/wp-content\/uploads\/2024\/06\/long-layers-with-caramel-highlights-767x960.jpg 767w, https:\/\/flawlesshair.com\/wp-content\/uploads\/2024\/06\/long-layers-with-caramel-highlights-863x1080.jpg 863w, https:\/\/flawlesshair.com\/wp-content\/uploads\/2024\/06\/long-layers-with-caramel-highlights-959x1200.jpg 959w, https:\/\/flawlesshair.com\/wp-content\/uploads\/2024\/06\/long-layers-with-caramel-highlights-150x188.jpg 150w\" sizes=\"auto, (max-width: 760px) calc(100vw - 24px), 720px\" data-pin-media=\"https:\/\/flawlesshair.com\/wp-content\/uploads\/2024\/06\/long-layers-with-caramel-highlights.jpg\" id=\"mv-trellis-img-6\" data-trellis-processed=\"1\"><div style=\"position: absolute; top: 0.5rem; right: 0.75rem;\"> <a href=\"https:\/\/www.pinterest.com\/pin\/create\/button\/\" data-pin-do=\"buttonPin\" data-pin-tall=\"true\" data-pin-url=\"https:\/\/flawlesshair.com\/fr\/cheveux-boucles-avec-meches-caramel\/\" data-pin-media=\"https:\/\/flawlesshair.com\/wp-content\/uploads\/2024\/06\/long-layers-with-caramel-highlights.jpg\" data-pin-description=\"Curly Hair With Caramel Highlights Is 2025&rsquo;s Most Wanted Style\" rel=\"nofollow noopener\" target=\"_blank\"> <\/a><\/div><\/div><figcaption class=\"wp-element-caption\">@<a href=\"https:\/\/www.instagram.com\/jesseniaspallet\/\" target=\"_blank\" rel=\"noreferrer noopener nofollow\">jesseniaspallet<\/a><\/figcaption><\/figure>\n<\/div>\n\n\n<p>Je suis s\u00fbre que vous avez remarqu\u00e9 que les boucles sur de longues <a href=\"https:\/\/flawlesshair.com\/fr\/coupes-de-cheveux-bouclees-degradees\/\">cheveux boucl\u00e9s d\u00e9grad\u00e9s<\/a> d\u00e9fient presque la gravit\u00e9, car les \u00e9paisseurs d\u00e9structurent vos cheveux et donnent \u00e0 vos boucles un aspect rebondi. Vous pouvez am\u00e9liorer votre jeu de boucles en ajoutant des reflets caramel \u00e0 l'\u00e9quation. Vous obtiendrez les meilleurs r\u00e9sultats en s\u00e9chant vos cheveux la t\u00eate en bas \u00e0 l'aide d'un diffuseur. <\/p>\n\n\n\n<h2 class=\"wp-block-heading\">7. Cheveux boucl\u00e9s avec des reflets blond caramel<\/h2>\n\n\n<div class=\"wp-block-image\">\n<figure class=\"aligncenter size-full\"><div style=\"position: relative;\"><noscript><img loading=\"lazy\" decoding=\"async\" width=\"1080\" height=\"1350\" src=\"https:\/\/flawlesshair.com\/wp-content\/uploads\/2024\/06\/curly-hair-with-caramel-blonde-highlights.jpg\" alt=\"cheveux boucl\u00e9s avec des reflets blonds caramel\" class=\"wp-image-53264\" srcset=\"https:\/\/flawlesshair.com\/wp-content\/uploads\/2024\/06\/curly-hair-with-caramel-blonde-highlights.jpg 1080w, https:\/\/flawlesshair.com\/wp-content\/uploads\/2024\/06\/curly-hair-with-caramel-blonde-highlights-240x300.jpg 240w, https:\/\/flawlesshair.com\/wp-content\/uploads\/2024\/06\/curly-hair-with-caramel-blonde-highlights-768x960.jpg 768w, https:\/\/flawlesshair.com\/wp-content\/uploads\/2024\/06\/curly-hair-with-caramel-blonde-highlights-10x12.jpg 10w, https:\/\/flawlesshair.com\/wp-content\/uploads\/2024\/06\/curly-hair-with-caramel-blonde-highlights-864x1080.jpg 864w, https:\/\/flawlesshair.com\/wp-content\/uploads\/2024\/06\/curly-hair-with-caramel-blonde-highlights-960x1200.jpg 960w, https:\/\/flawlesshair.com\/wp-content\/uploads\/2024\/06\/curly-hair-with-caramel-blonde-highlights-150x188.jpg 150w\" sizes=\"auto, (max-width: 760px) calc(100vw - 24px), 720px\"><\/noscript><img loading=\"lazy\" decoding=\"async\" width=\"1080\" height=\"1350\" src=\"https:\/\/flawlesshair.com\/wp-content\/uploads\/2024\/06\/curly-hair-with-caramel-blonde-highlights.jpg\" alt=\"cheveux boucl\u00e9s avec des reflets blonds caramel\" class=\"wp-image-53264 lazyload\" srcset=\"https:\/\/flawlesshair.com\/wp-content\/uploads\/2024\/06\/curly-hair-with-caramel-blonde-highlights.jpg 1080w, https:\/\/flawlesshair.com\/wp-content\/uploads\/2024\/06\/curly-hair-with-caramel-blonde-highlights-240x300.jpg 240w, https:\/\/flawlesshair.com\/wp-content\/uploads\/2024\/06\/curly-hair-with-caramel-blonde-highlights-768x960.jpg 768w, https:\/\/flawlesshair.com\/wp-content\/uploads\/2024\/06\/curly-hair-with-caramel-blonde-highlights-10x12.jpg 10w, https:\/\/flawlesshair.com\/wp-content\/uploads\/2024\/06\/curly-hair-with-caramel-blonde-highlights-864x1080.jpg 864w, https:\/\/flawlesshair.com\/wp-content\/uploads\/2024\/06\/curly-hair-with-caramel-blonde-highlights-960x1200.jpg 960w, https:\/\/flawlesshair.com\/wp-content\/uploads\/2024\/06\/curly-hair-with-caramel-blonde-highlights-150x188.jpg 150w\" sizes=\"auto, (max-width: 760px) calc(100vw - 24px), 720px\" data-pin-media=\"https:\/\/flawlesshair.com\/wp-content\/uploads\/2024\/06\/curly-hair-with-caramel-blonde-highlights.jpg\" id=\"mv-trellis-img-7\" data-trellis-processed=\"1\"><div style=\"position: absolute; top: 0.5rem; right: 0.75rem;\"> <a href=\"https:\/\/www.pinterest.com\/pin\/create\/button\/\" data-pin-do=\"buttonPin\" data-pin-tall=\"true\" data-pin-url=\"https:\/\/flawlesshair.com\/fr\/cheveux-boucles-avec-meches-caramel\/\" data-pin-media=\"https:\/\/flawlesshair.com\/wp-content\/uploads\/2024\/06\/curly-hair-with-caramel-blonde-highlights.jpg\" data-pin-description=\"Curly Hair With Caramel Highlights Is 2025&rsquo;s Most Wanted Style\" rel=\"nofollow noopener\" target=\"_blank\"> <\/a><\/div><\/div><figcaption class=\"wp-element-caption\">@<a href=\"https:\/\/www.instagram.com\/ringlet.riss\/\" target=\"_blank\" rel=\"noreferrer noopener nofollow\">ringlet.riss<\/a><\/figcaption><\/figure>\n<\/div>\n\n\n<p>Les m\u00e8ches blondes caramel font ressortir le meilleur de la brune <a href=\"https:\/\/flawlesshair.com\/fr\/idees-pour-les-cheveux-boucles\/\">boucles<\/a> en rehaussant la texture naturelle de vos cheveux boucl\u00e9s et en ajoutant une touche de couleur \u00e0 vos boucles. Utilisez de la cr\u00e8me pour les boucles et du gel capillaire pour cr\u00e9er des boucles rebondies qui feront tourner les t\u00eates. <\/p>\n\n\n\n<h2 class=\"wp-block-heading\">8. M\u00e8ches caramel et boucles en anneaux<\/h2>\n\n\n<div class=\"wp-block-image\">\n<figure class=\"aligncenter size-full\"><div style=\"position: relative;\"><noscript><img loading=\"lazy\" decoding=\"async\" width=\"1080\" height=\"1080\" src=\"https:\/\/flawlesshair.com\/wp-content\/uploads\/2024\/06\/caramel-highlights-with-ringlet-curls.jpg\" alt=\"m\u00e8ches caramel avec boucles en anneaux\" class=\"wp-image-53263\" srcset=\"https:\/\/flawlesshair.com\/wp-content\/uploads\/2024\/06\/caramel-highlights-with-ringlet-curls.jpg 1080w, https:\/\/flawlesshair.com\/wp-content\/uploads\/2024\/06\/caramel-highlights-with-ringlet-curls-300x300.jpg 300w, https:\/\/flawlesshair.com\/wp-content\/uploads\/2024\/06\/caramel-highlights-with-ringlet-curls-150x150.jpg 150w, https:\/\/flawlesshair.com\/wp-content\/uploads\/2024\/06\/caramel-highlights-with-ringlet-curls-768x768.jpg 768w, https:\/\/flawlesshair.com\/wp-content\/uploads\/2024\/06\/caramel-highlights-with-ringlet-curls-12x12.jpg 12w, https:\/\/flawlesshair.com\/wp-content\/uploads\/2024\/06\/caramel-highlights-with-ringlet-curls-728x728.jpg 728w, https:\/\/flawlesshair.com\/wp-content\/uploads\/2024\/06\/caramel-highlights-with-ringlet-curls-960x960.jpg 960w, https:\/\/flawlesshair.com\/wp-content\/uploads\/2024\/06\/caramel-highlights-with-ringlet-curls-96x96.jpg 96w\" sizes=\"auto, (max-width: 760px) calc(100vw - 24px), 720px\"><\/noscript><img loading=\"lazy\" decoding=\"async\" width=\"1080\" height=\"1080\" src=\"https:\/\/flawlesshair.com\/wp-content\/uploads\/2024\/06\/caramel-highlights-with-ringlet-curls.jpg\" alt=\"m\u00e8ches caramel avec boucles en anneaux\" class=\"wp-image-53263 lazyload\" srcset=\"https:\/\/flawlesshair.com\/wp-content\/uploads\/2024\/06\/caramel-highlights-with-ringlet-curls.jpg 1080w, https:\/\/flawlesshair.com\/wp-content\/uploads\/2024\/06\/caramel-highlights-with-ringlet-curls-300x300.jpg 300w, https:\/\/flawlesshair.com\/wp-content\/uploads\/2024\/06\/caramel-highlights-with-ringlet-curls-150x150.jpg 150w, https:\/\/flawlesshair.com\/wp-content\/uploads\/2024\/06\/caramel-highlights-with-ringlet-curls-768x768.jpg 768w, https:\/\/flawlesshair.com\/wp-content\/uploads\/2024\/06\/caramel-highlights-with-ringlet-curls-12x12.jpg 12w, https:\/\/flawlesshair.com\/wp-content\/uploads\/2024\/06\/caramel-highlights-with-ringlet-curls-728x728.jpg 728w, https:\/\/flawlesshair.com\/wp-content\/uploads\/2024\/06\/caramel-highlights-with-ringlet-curls-960x960.jpg 960w, https:\/\/flawlesshair.com\/wp-content\/uploads\/2024\/06\/caramel-highlights-with-ringlet-curls-96x96.jpg 96w\" sizes=\"auto, (max-width: 760px) calc(100vw - 24px), 720px\" data-pin-media=\"https:\/\/flawlesshair.com\/wp-content\/uploads\/2024\/06\/caramel-highlights-with-ringlet-curls.jpg\" id=\"mv-trellis-img-8\" data-trellis-processed=\"1\"><div style=\"position: absolute; top: 0.5rem; right: 0.75rem;\"> <a href=\"https:\/\/www.pinterest.com\/pin\/create\/button\/\" data-pin-do=\"buttonPin\" data-pin-tall=\"true\" data-pin-url=\"https:\/\/flawlesshair.com\/fr\/cheveux-boucles-avec-meches-caramel\/\" data-pin-media=\"https:\/\/flawlesshair.com\/wp-content\/uploads\/2024\/06\/caramel-highlights-with-ringlet-curls.jpg\" data-pin-description=\"Curly Hair With Caramel Highlights Is 2025&rsquo;s Most Wanted Style\" rel=\"nofollow noopener\" target=\"_blank\"> <\/a><\/div><\/div><figcaption class=\"wp-element-caption\">@<a href=\"https:\/\/www.instagram.com\/msjmula\/\" target=\"_blank\" rel=\"noreferrer noopener nofollow\">msjmula<\/a>&nbsp;<\/figcaption><\/figure>\n<\/div>\n\n\n<p>Associer des reflets caramel \u00e0 des boucles en anneaux est un excellent moyen d'accentuer la texture de vos cheveux boucl\u00e9s et d'ajouter de la dimension \u00e0 vos boucles. La meilleure fa\u00e7on de cr\u00e9er des boucles est d'utiliser des rouleaux en mousse sans chaleur, qui respectent votre fragile crini\u00e8re boucl\u00e9e et donnent des r\u00e9sultats impressionnants. <\/p>\n\n\n\n<h2 class=\"wp-block-heading\">9. M\u00e8ches caramel sur cheveux longs, bruns et boucl\u00e9s<\/h2>\n\n\n<div class=\"wp-block-image\">\n<figure class=\"aligncenter size-full\"><div style=\"position: relative;\"><noscript><img loading=\"lazy\" decoding=\"async\" width=\"1080\" height=\"1351\" src=\"https:\/\/flawlesshair.com\/wp-content\/uploads\/2024\/06\/caramel-highlights-on-long-brown-curly-hair.jpg\" alt=\"m\u00e8ches caramel sur cheveux longs, bruns et boucl\u00e9s\" class=\"wp-image-53261\" srcset=\"https:\/\/flawlesshair.com\/wp-content\/uploads\/2024\/06\/caramel-highlights-on-long-brown-curly-hair.jpg 1080w, https:\/\/flawlesshair.com\/wp-content\/uploads\/2024\/06\/caramel-highlights-on-long-brown-curly-hair-240x300.jpg 240w, https:\/\/flawlesshair.com\/wp-content\/uploads\/2024\/06\/caramel-highlights-on-long-brown-curly-hair-768x961.jpg 768w, https:\/\/flawlesshair.com\/wp-content\/uploads\/2024\/06\/caramel-highlights-on-long-brown-curly-hair-10x12.jpg 10w, https:\/\/flawlesshair.com\/wp-content\/uploads\/2024\/06\/caramel-highlights-on-long-brown-curly-hair-767x960.jpg 767w, https:\/\/flawlesshair.com\/wp-content\/uploads\/2024\/06\/caramel-highlights-on-long-brown-curly-hair-863x1080.jpg 863w, https:\/\/flawlesshair.com\/wp-content\/uploads\/2024\/06\/caramel-highlights-on-long-brown-curly-hair-959x1200.jpg 959w, https:\/\/flawlesshair.com\/wp-content\/uploads\/2024\/06\/caramel-highlights-on-long-brown-curly-hair-150x188.jpg 150w\" sizes=\"auto, (max-width: 760px) calc(100vw - 24px), 720px\"><\/noscript><img loading=\"lazy\" decoding=\"async\" width=\"1080\" height=\"1351\" src=\"https:\/\/flawlesshair.com\/wp-content\/uploads\/2024\/06\/caramel-highlights-on-long-brown-curly-hair.jpg\" alt=\"m\u00e8ches caramel sur cheveux longs, bruns et boucl\u00e9s\" class=\"wp-image-53261 lazyload\" srcset=\"https:\/\/flawlesshair.com\/wp-content\/uploads\/2024\/06\/caramel-highlights-on-long-brown-curly-hair.jpg 1080w, https:\/\/flawlesshair.com\/wp-content\/uploads\/2024\/06\/caramel-highlights-on-long-brown-curly-hair-240x300.jpg 240w, https:\/\/flawlesshair.com\/wp-content\/uploads\/2024\/06\/caramel-highlights-on-long-brown-curly-hair-768x961.jpg 768w, https:\/\/flawlesshair.com\/wp-content\/uploads\/2024\/06\/caramel-highlights-on-long-brown-curly-hair-10x12.jpg 10w, https:\/\/flawlesshair.com\/wp-content\/uploads\/2024\/06\/caramel-highlights-on-long-brown-curly-hair-767x960.jpg 767w, https:\/\/flawlesshair.com\/wp-content\/uploads\/2024\/06\/caramel-highlights-on-long-brown-curly-hair-863x1080.jpg 863w, https:\/\/flawlesshair.com\/wp-content\/uploads\/2024\/06\/caramel-highlights-on-long-brown-curly-hair-959x1200.jpg 959w, https:\/\/flawlesshair.com\/wp-content\/uploads\/2024\/06\/caramel-highlights-on-long-brown-curly-hair-150x188.jpg 150w\" sizes=\"auto, (max-width: 760px) calc(100vw - 24px), 720px\" data-pin-media=\"https:\/\/flawlesshair.com\/wp-content\/uploads\/2024\/06\/caramel-highlights-on-long-brown-curly-hair.jpg\" id=\"mv-trellis-img-9\" data-trellis-processed=\"1\"><div style=\"position: absolute; top: 0.5rem; right: 0.75rem;\"> <a href=\"https:\/\/www.pinterest.com\/pin\/create\/button\/\" data-pin-do=\"buttonPin\" data-pin-tall=\"true\" data-pin-url=\"https:\/\/flawlesshair.com\/fr\/cheveux-boucles-avec-meches-caramel\/\" data-pin-media=\"https:\/\/flawlesshair.com\/wp-content\/uploads\/2024\/06\/caramel-highlights-on-long-brown-curly-hair.jpg\" data-pin-description=\"Curly Hair With Caramel Highlights Is 2025&rsquo;s Most Wanted Style\" rel=\"nofollow noopener\" target=\"_blank\"> <\/a><\/div><\/div><figcaption class=\"wp-element-caption\">@<a href=\"https:\/\/www.instagram.com\/meekshairdesign\/\" target=\"_blank\" rel=\"noreferrer noopener nofollow\">meekshairdesign<\/a><\/figcaption><\/figure>\n<\/div>\n\n\n<p>Regardez comment vos longs cheveux bruns et boucl\u00e9s reviennent \u00e0 la vie avec l'ajout de reflets caramel. En outre, les reflets caramel sont l'une des teintes les plus naturelles qui soient et qui donnent une grande impression sans en faire trop. <\/p>\n\n\n\n<h2 class=\"wp-block-heading\">10. Cheveux 4A avec m\u00e8ches caramel<\/h2>\n\n\n\n<div class=\"wp-block-columns is-layout-flex wp-container-core-columns-is-layout-9d6595d7 wp-block-columns-is-layout-flex\">\n<div class=\"wp-block-column is-layout-flow wp-block-column-is-layout-flow\"><div class=\"wp-block-image\">\n<figure class=\"aligncenter size-full\"><div style=\"position: relative;\"><noscript><img loading=\"lazy\" decoding=\"async\" width=\"1080\" height=\"1266\" src=\"https:\/\/flawlesshair.com\/wp-content\/uploads\/2024\/06\/4A-layered-hair-with-caramel-highlights.jpg\" alt=\"4A cheveux d\u00e9grad\u00e9s avec des reflets caramel\" class=\"wp-image-53252\" srcset=\"https:\/\/flawlesshair.com\/wp-content\/uploads\/2024\/06\/4A-layered-hair-with-caramel-highlights.jpg 1080w, https:\/\/flawlesshair.com\/wp-content\/uploads\/2024\/06\/4A-layered-hair-with-caramel-highlights-256x300.jpg 256w, https:\/\/flawlesshair.com\/wp-content\/uploads\/2024\/06\/4A-layered-hair-with-caramel-highlights-768x900.jpg 768w, https:\/\/flawlesshair.com\/wp-content\/uploads\/2024\/06\/4A-layered-hair-with-caramel-highlights-10x12.jpg 10w, https:\/\/flawlesshair.com\/wp-content\/uploads\/2024\/06\/4A-layered-hair-with-caramel-highlights-819x960.jpg 819w, https:\/\/flawlesshair.com\/wp-content\/uploads\/2024\/06\/4A-layered-hair-with-caramel-highlights-921x1080.jpg 921w, https:\/\/flawlesshair.com\/wp-content\/uploads\/2024\/06\/4A-layered-hair-with-caramel-highlights-1024x1200.jpg 1024w, https:\/\/flawlesshair.com\/wp-content\/uploads\/2024\/06\/4A-layered-hair-with-caramel-highlights-150x176.jpg 150w\" sizes=\"auto, (max-width: 760px) calc(100vw - 24px), 720px\"><\/noscript><img loading=\"lazy\" decoding=\"async\" width=\"1080\" height=\"1266\" src=\"https:\/\/flawlesshair.com\/wp-content\/uploads\/2024\/06\/4A-layered-hair-with-caramel-highlights.jpg\" alt=\"4A cheveux d\u00e9grad\u00e9s avec des reflets caramel\" class=\"wp-image-53252 lazyload\" srcset=\"https:\/\/flawlesshair.com\/wp-content\/uploads\/2024\/06\/4A-layered-hair-with-caramel-highlights.jpg 1080w, https:\/\/flawlesshair.com\/wp-content\/uploads\/2024\/06\/4A-layered-hair-with-caramel-highlights-256x300.jpg 256w, https:\/\/flawlesshair.com\/wp-content\/uploads\/2024\/06\/4A-layered-hair-with-caramel-highlights-768x900.jpg 768w, https:\/\/flawlesshair.com\/wp-content\/uploads\/2024\/06\/4A-layered-hair-with-caramel-highlights-10x12.jpg 10w, https:\/\/flawlesshair.com\/wp-content\/uploads\/2024\/06\/4A-layered-hair-with-caramel-highlights-819x960.jpg 819w, https:\/\/flawlesshair.com\/wp-content\/uploads\/2024\/06\/4A-layered-hair-with-caramel-highlights-921x1080.jpg 921w, https:\/\/flawlesshair.com\/wp-content\/uploads\/2024\/06\/4A-layered-hair-with-caramel-highlights-1024x1200.jpg 1024w, https:\/\/flawlesshair.com\/wp-content\/uploads\/2024\/06\/4A-layered-hair-with-caramel-highlights-150x176.jpg 150w\" sizes=\"auto, (max-width: 760px) calc(100vw - 24px), 720px\" data-pin-media=\"https:\/\/flawlesshair.com\/wp-content\/uploads\/2024\/06\/4A-layered-hair-with-caramel-highlights.jpg\" id=\"mv-trellis-img-10\" data-trellis-processed=\"1\"><div style=\"position: absolute; top: 0.5rem; right: 0.75rem;\"> <a href=\"https:\/\/www.pinterest.com\/pin\/create\/button\/\" data-pin-do=\"buttonPin\" data-pin-tall=\"true\" data-pin-url=\"https:\/\/flawlesshair.com\/fr\/cheveux-boucles-avec-meches-caramel\/\" data-pin-media=\"https:\/\/flawlesshair.com\/wp-content\/uploads\/2024\/06\/4A-layered-hair-with-caramel-highlights.jpg\" data-pin-description=\"Curly Hair With Caramel Highlights Is 2025&rsquo;s Most Wanted Style\" rel=\"nofollow noopener\" target=\"_blank\"> <\/a><\/div><\/div><figcaption class=\"wp-element-caption\">@<a href=\"https:\/\/www.instagram.com\/goldenaurahair\/\" target=\"_blank\" rel=\"noreferrer noopener nofollow\">chauve-souris dor\u00e9e<\/a>&nbsp;<\/figcaption><\/figure>\n<\/div><\/div>\n\n\n\n<div class=\"wp-block-column is-layout-flow wp-block-column-is-layout-flow\"><div class=\"wp-block-image\">\n<figure class=\"aligncenter size-full\"><div style=\"position: relative;\"><noscript><img loading=\"lazy\" decoding=\"async\" width=\"1080\" height=\"1262\" src=\"https:\/\/flawlesshair.com\/wp-content\/uploads\/2024\/06\/4A-layered-hair-with-caramel-highlights-1.jpg\" alt=\"4A cheveux d\u00e9grad\u00e9s avec des reflets caramel\" class=\"wp-image-53251\" srcset=\"https:\/\/flawlesshair.com\/wp-content\/uploads\/2024\/06\/4A-layered-hair-with-caramel-highlights-1.jpg 1080w, https:\/\/flawlesshair.com\/wp-content\/uploads\/2024\/06\/4A-layered-hair-with-caramel-highlights-1-257x300.jpg 257w, https:\/\/flawlesshair.com\/wp-content\/uploads\/2024\/06\/4A-layered-hair-with-caramel-highlights-1-768x897.jpg 768w, https:\/\/flawlesshair.com\/wp-content\/uploads\/2024\/06\/4A-layered-hair-with-caramel-highlights-1-10x12.jpg 10w, https:\/\/flawlesshair.com\/wp-content\/uploads\/2024\/06\/4A-layered-hair-with-caramel-highlights-1-822x960.jpg 822w, https:\/\/flawlesshair.com\/wp-content\/uploads\/2024\/06\/4A-layered-hair-with-caramel-highlights-1-924x1080.jpg 924w, https:\/\/flawlesshair.com\/wp-content\/uploads\/2024\/06\/4A-layered-hair-with-caramel-highlights-1-1027x1200.jpg 1027w, https:\/\/flawlesshair.com\/wp-content\/uploads\/2024\/06\/4A-layered-hair-with-caramel-highlights-1-150x175.jpg 150w\" sizes=\"auto, (max-width: 760px) calc(100vw - 24px), 720px\"><\/noscript><img loading=\"lazy\" decoding=\"async\" width=\"1080\" height=\"1262\" src=\"https:\/\/flawlesshair.com\/wp-content\/uploads\/2024\/06\/4A-layered-hair-with-caramel-highlights-1.jpg\" alt=\"4A cheveux d\u00e9grad\u00e9s avec des reflets caramel\" class=\"wp-image-53251 lazyload\" srcset=\"https:\/\/flawlesshair.com\/wp-content\/uploads\/2024\/06\/4A-layered-hair-with-caramel-highlights-1.jpg 1080w, https:\/\/flawlesshair.com\/wp-content\/uploads\/2024\/06\/4A-layered-hair-with-caramel-highlights-1-257x300.jpg 257w, https:\/\/flawlesshair.com\/wp-content\/uploads\/2024\/06\/4A-layered-hair-with-caramel-highlights-1-768x897.jpg 768w, https:\/\/flawlesshair.com\/wp-content\/uploads\/2024\/06\/4A-layered-hair-with-caramel-highlights-1-10x12.jpg 10w, https:\/\/flawlesshair.com\/wp-content\/uploads\/2024\/06\/4A-layered-hair-with-caramel-highlights-1-822x960.jpg 822w, https:\/\/flawlesshair.com\/wp-content\/uploads\/2024\/06\/4A-layered-hair-with-caramel-highlights-1-924x1080.jpg 924w, https:\/\/flawlesshair.com\/wp-content\/uploads\/2024\/06\/4A-layered-hair-with-caramel-highlights-1-1027x1200.jpg 1027w, https:\/\/flawlesshair.com\/wp-content\/uploads\/2024\/06\/4A-layered-hair-with-caramel-highlights-1-150x175.jpg 150w\" sizes=\"auto, (max-width: 760px) calc(100vw - 24px), 720px\" data-pin-media=\"https:\/\/flawlesshair.com\/wp-content\/uploads\/2024\/06\/4A-layered-hair-with-caramel-highlights-1.jpg\" id=\"mv-trellis-img-11\" data-trellis-processed=\"1\"><div style=\"position: absolute; top: 0.5rem; right: 0.75rem;\"> <a href=\"https:\/\/www.pinterest.com\/pin\/create\/button\/\" data-pin-do=\"buttonPin\" data-pin-tall=\"true\" data-pin-url=\"https:\/\/flawlesshair.com\/fr\/cheveux-boucles-avec-meches-caramel\/\" data-pin-media=\"https:\/\/flawlesshair.com\/wp-content\/uploads\/2024\/06\/4A-layered-hair-with-caramel-highlights-1.jpg\" data-pin-description=\"Curly Hair With Caramel Highlights Is 2025&rsquo;s Most Wanted Style\" rel=\"nofollow noopener\" target=\"_blank\"> <\/a><\/div><\/div><figcaption class=\"wp-element-caption\">@<a href=\"https:\/\/www.instagram.com\/goldenaurahair\/\" target=\"_blank\" rel=\"noreferrer noopener nofollow\">chauve-souris dor\u00e9e<\/a>&nbsp;<\/figcaption><\/figure>\n<\/div><\/div>\n<\/div>\n\n\n\n<p>Le type de cheveux 4A correspond \u00e0 des cheveux boucl\u00e9s qui sont volumineux par d\u00e9faut. Imaginez ce qui se passerait si vous ajoutiez des reflets caramel \u00e0 vos cheveux volumineux de type 4A. Je vais vous le dire. Vous obtiendriez une coiffure dimensionnelle, textur\u00e9e et volumineuse qui mettrait en valeur vos boucles. <\/p>\n\n\n\n<h2 class=\"wp-block-heading\">11. M\u00e8ches caramel sur cheveux boucl\u00e9s fonc\u00e9s<\/h2>\n\n\n<div class=\"wp-block-image\">\n<figure class=\"aligncenter size-full\"><div style=\"position: relative;\"><noscript><img loading=\"lazy\" decoding=\"async\" width=\"1080\" height=\"1350\" src=\"https:\/\/flawlesshair.com\/wp-content\/uploads\/2024\/06\/caramel-highlights-on-dark-curly-hair.jpg\" alt=\"m\u00e8ches caramel sur cheveux boucl\u00e9s fonc\u00e9s\" class=\"wp-image-53260\" srcset=\"https:\/\/flawlesshair.com\/wp-content\/uploads\/2024\/06\/caramel-highlights-on-dark-curly-hair.jpg 1080w, https:\/\/flawlesshair.com\/wp-content\/uploads\/2024\/06\/caramel-highlights-on-dark-curly-hair-240x300.jpg 240w, https:\/\/flawlesshair.com\/wp-content\/uploads\/2024\/06\/caramel-highlights-on-dark-curly-hair-768x960.jpg 768w, https:\/\/flawlesshair.com\/wp-content\/uploads\/2024\/06\/caramel-highlights-on-dark-curly-hair-10x12.jpg 10w, https:\/\/flawlesshair.com\/wp-content\/uploads\/2024\/06\/caramel-highlights-on-dark-curly-hair-864x1080.jpg 864w, https:\/\/flawlesshair.com\/wp-content\/uploads\/2024\/06\/caramel-highlights-on-dark-curly-hair-960x1200.jpg 960w, https:\/\/flawlesshair.com\/wp-content\/uploads\/2024\/06\/caramel-highlights-on-dark-curly-hair-150x188.jpg 150w\" sizes=\"auto, (max-width: 760px) calc(100vw - 24px), 720px\"><\/noscript><img loading=\"lazy\" decoding=\"async\" width=\"1080\" height=\"1350\" src=\"https:\/\/flawlesshair.com\/wp-content\/uploads\/2024\/06\/caramel-highlights-on-dark-curly-hair.jpg\" alt=\"m\u00e8ches caramel sur cheveux boucl\u00e9s fonc\u00e9s\" class=\"wp-image-53260 lazyload\" srcset=\"https:\/\/flawlesshair.com\/wp-content\/uploads\/2024\/06\/caramel-highlights-on-dark-curly-hair.jpg 1080w, https:\/\/flawlesshair.com\/wp-content\/uploads\/2024\/06\/caramel-highlights-on-dark-curly-hair-240x300.jpg 240w, https:\/\/flawlesshair.com\/wp-content\/uploads\/2024\/06\/caramel-highlights-on-dark-curly-hair-768x960.jpg 768w, https:\/\/flawlesshair.com\/wp-content\/uploads\/2024\/06\/caramel-highlights-on-dark-curly-hair-10x12.jpg 10w, https:\/\/flawlesshair.com\/wp-content\/uploads\/2024\/06\/caramel-highlights-on-dark-curly-hair-864x1080.jpg 864w, https:\/\/flawlesshair.com\/wp-content\/uploads\/2024\/06\/caramel-highlights-on-dark-curly-hair-960x1200.jpg 960w, https:\/\/flawlesshair.com\/wp-content\/uploads\/2024\/06\/caramel-highlights-on-dark-curly-hair-150x188.jpg 150w\" sizes=\"auto, (max-width: 760px) calc(100vw - 24px), 720px\" data-pin-media=\"https:\/\/flawlesshair.com\/wp-content\/uploads\/2024\/06\/caramel-highlights-on-dark-curly-hair.jpg\" id=\"mv-trellis-img-12\" data-trellis-processed=\"1\"><div style=\"position: absolute; top: 0.5rem; right: 0.75rem;\"> <a href=\"https:\/\/www.pinterest.com\/pin\/create\/button\/\" data-pin-do=\"buttonPin\" data-pin-tall=\"true\" data-pin-url=\"https:\/\/flawlesshair.com\/fr\/cheveux-boucles-avec-meches-caramel\/\" data-pin-media=\"https:\/\/flawlesshair.com\/wp-content\/uploads\/2024\/06\/caramel-highlights-on-dark-curly-hair.jpg\" data-pin-description=\"Curly Hair With Caramel Highlights Is 2025&rsquo;s Most Wanted Style\" rel=\"nofollow noopener\" target=\"_blank\"> <\/a><\/div><\/div><figcaption class=\"wp-element-caption\">@<a href=\"https:\/\/www.instagram.com\/thesavvytouch\/\" target=\"_blank\" rel=\"noreferrer noopener nofollow\">thesavvytouch<\/a><\/figcaption><\/figure>\n<\/div>\n\n\n<p>Les m\u00e8ches caramel ajoutent une touche de couleur aux cheveux boucl\u00e9s fonc\u00e9s de la mani\u00e8re la plus subtile qui soit. Ils mettent en valeur le motif de vos cheveux boucl\u00e9s et s'accordent bien avec les coiffures d\u00e9grad\u00e9es. Et oui, ils n\u00e9cessitent peu d'entretien. <\/p>\n\n\n\n<h2 class=\"wp-block-heading\">12. M\u00e8ches caramel cuivr\u00e9es sur cheveux bruns<\/h2>\n\n\n<div class=\"wp-block-image\">\n<figure class=\"aligncenter size-full\"><div style=\"position: relative;\"><noscript><img loading=\"lazy\" decoding=\"async\" width=\"1080\" height=\"1350\" src=\"https:\/\/flawlesshair.com\/wp-content\/uploads\/2024\/06\/caramel-copper-highlights-on-brown-hair.jpg\" alt=\"m\u00e8ches caramel cuivr\u00e9es sur cheveux bruns\" class=\"wp-image-53259\" srcset=\"https:\/\/flawlesshair.com\/wp-content\/uploads\/2024\/06\/caramel-copper-highlights-on-brown-hair.jpg 1080w, https:\/\/flawlesshair.com\/wp-content\/uploads\/2024\/06\/caramel-copper-highlights-on-brown-hair-240x300.jpg 240w, https:\/\/flawlesshair.com\/wp-content\/uploads\/2024\/06\/caramel-copper-highlights-on-brown-hair-768x960.jpg 768w, https:\/\/flawlesshair.com\/wp-content\/uploads\/2024\/06\/caramel-copper-highlights-on-brown-hair-10x12.jpg 10w, https:\/\/flawlesshair.com\/wp-content\/uploads\/2024\/06\/caramel-copper-highlights-on-brown-hair-864x1080.jpg 864w, https:\/\/flawlesshair.com\/wp-content\/uploads\/2024\/06\/caramel-copper-highlights-on-brown-hair-960x1200.jpg 960w, https:\/\/flawlesshair.com\/wp-content\/uploads\/2024\/06\/caramel-copper-highlights-on-brown-hair-150x188.jpg 150w\" sizes=\"auto, (max-width: 760px) calc(100vw - 24px), 720px\"><\/noscript><img loading=\"lazy\" decoding=\"async\" width=\"1080\" height=\"1350\" src=\"https:\/\/flawlesshair.com\/wp-content\/uploads\/2024\/06\/caramel-copper-highlights-on-brown-hair.jpg\" alt=\"m\u00e8ches caramel cuivr\u00e9es sur cheveux bruns\" class=\"wp-image-53259 lazyload\" srcset=\"https:\/\/flawlesshair.com\/wp-content\/uploads\/2024\/06\/caramel-copper-highlights-on-brown-hair.jpg 1080w, https:\/\/flawlesshair.com\/wp-content\/uploads\/2024\/06\/caramel-copper-highlights-on-brown-hair-240x300.jpg 240w, https:\/\/flawlesshair.com\/wp-content\/uploads\/2024\/06\/caramel-copper-highlights-on-brown-hair-768x960.jpg 768w, https:\/\/flawlesshair.com\/wp-content\/uploads\/2024\/06\/caramel-copper-highlights-on-brown-hair-10x12.jpg 10w, https:\/\/flawlesshair.com\/wp-content\/uploads\/2024\/06\/caramel-copper-highlights-on-brown-hair-864x1080.jpg 864w, https:\/\/flawlesshair.com\/wp-content\/uploads\/2024\/06\/caramel-copper-highlights-on-brown-hair-960x1200.jpg 960w, https:\/\/flawlesshair.com\/wp-content\/uploads\/2024\/06\/caramel-copper-highlights-on-brown-hair-150x188.jpg 150w\" sizes=\"auto, (max-width: 760px) calc(100vw - 24px), 720px\" data-pin-media=\"https:\/\/flawlesshair.com\/wp-content\/uploads\/2024\/06\/caramel-copper-highlights-on-brown-hair.jpg\" id=\"mv-trellis-img-13\" data-trellis-processed=\"1\"><div style=\"position: absolute; top: 0.5rem; right: 0.75rem;\"> <a href=\"https:\/\/www.pinterest.com\/pin\/create\/button\/\" data-pin-do=\"buttonPin\" data-pin-tall=\"true\" data-pin-url=\"https:\/\/flawlesshair.com\/fr\/cheveux-boucles-avec-meches-caramel\/\" data-pin-media=\"https:\/\/flawlesshair.com\/wp-content\/uploads\/2024\/06\/caramel-copper-highlights-on-brown-hair.jpg\" data-pin-description=\"Curly Hair With Caramel Highlights Is 2025&rsquo;s Most Wanted Style\" rel=\"nofollow noopener\" target=\"_blank\"> <\/a><\/div><\/div><figcaption class=\"wp-element-caption\">@<a href=\"https:\/\/www.instagram.com\/aureefabienne\/\" target=\"_blank\" rel=\"noreferrer noopener nofollow\">aureefabienne<\/a><\/figcaption><\/figure>\n<\/div>\n\n\n<p>Si vous recherchez un look cuivr\u00e9 naturel, voici une id\u00e9e : m\u00e9langez les tons caramel et cuivre pour cr\u00e9er des reflets dimensionnels qui seront du plus bel effet sur des cheveux boucl\u00e9s fonc\u00e9s. C'est l'une de mes coiffures d'\u00e9t\u00e9 pr\u00e9f\u00e9r\u00e9es pour les cheveux boucl\u00e9s. <\/p>\n\n\n\n<h2 class=\"wp-block-heading\">13. M\u00e8ches blondes caramel sur cheveux 4A<\/h2>\n\n\n<div class=\"wp-block-image\">\n<figure class=\"aligncenter size-full\"><div style=\"position: relative;\"><noscript><img loading=\"lazy\" decoding=\"async\" width=\"1080\" height=\"1349\" src=\"https:\/\/flawlesshair.com\/wp-content\/uploads\/2024\/06\/caramel-blonde-highlights-on-4A-hair.jpg\" alt=\"m\u00e8ches blondes caramel sur cheveux 4A\" class=\"wp-image-53258\" srcset=\"https:\/\/flawlesshair.com\/wp-content\/uploads\/2024\/06\/caramel-blonde-highlights-on-4A-hair.jpg 1080w, https:\/\/flawlesshair.com\/wp-content\/uploads\/2024\/06\/caramel-blonde-highlights-on-4A-hair-240x300.jpg 240w, https:\/\/flawlesshair.com\/wp-content\/uploads\/2024\/06\/caramel-blonde-highlights-on-4A-hair-768x959.jpg 768w, https:\/\/flawlesshair.com\/wp-content\/uploads\/2024\/06\/caramel-blonde-highlights-on-4A-hair-10x12.jpg 10w, https:\/\/flawlesshair.com\/wp-content\/uploads\/2024\/06\/caramel-blonde-highlights-on-4A-hair-769x960.jpg 769w, https:\/\/flawlesshair.com\/wp-content\/uploads\/2024\/06\/caramel-blonde-highlights-on-4A-hair-865x1080.jpg 865w, https:\/\/flawlesshair.com\/wp-content\/uploads\/2024\/06\/caramel-blonde-highlights-on-4A-hair-961x1200.jpg 961w, https:\/\/flawlesshair.com\/wp-content\/uploads\/2024\/06\/caramel-blonde-highlights-on-4A-hair-150x187.jpg 150w\" sizes=\"auto, (max-width: 760px) calc(100vw - 24px), 720px\"><\/noscript><img loading=\"lazy\" decoding=\"async\" width=\"1080\" height=\"1349\" src=\"https:\/\/flawlesshair.com\/wp-content\/uploads\/2024\/06\/caramel-blonde-highlights-on-4A-hair.jpg\" alt=\"m\u00e8ches blondes caramel sur cheveux 4A\" class=\"wp-image-53258 lazyload\" srcset=\"https:\/\/flawlesshair.com\/wp-content\/uploads\/2024\/06\/caramel-blonde-highlights-on-4A-hair.jpg 1080w, https:\/\/flawlesshair.com\/wp-content\/uploads\/2024\/06\/caramel-blonde-highlights-on-4A-hair-240x300.jpg 240w, https:\/\/flawlesshair.com\/wp-content\/uploads\/2024\/06\/caramel-blonde-highlights-on-4A-hair-768x959.jpg 768w, https:\/\/flawlesshair.com\/wp-content\/uploads\/2024\/06\/caramel-blonde-highlights-on-4A-hair-10x12.jpg 10w, https:\/\/flawlesshair.com\/wp-content\/uploads\/2024\/06\/caramel-blonde-highlights-on-4A-hair-769x960.jpg 769w, https:\/\/flawlesshair.com\/wp-content\/uploads\/2024\/06\/caramel-blonde-highlights-on-4A-hair-865x1080.jpg 865w, https:\/\/flawlesshair.com\/wp-content\/uploads\/2024\/06\/caramel-blonde-highlights-on-4A-hair-961x1200.jpg 961w, https:\/\/flawlesshair.com\/wp-content\/uploads\/2024\/06\/caramel-blonde-highlights-on-4A-hair-150x187.jpg 150w\" sizes=\"auto, (max-width: 760px) calc(100vw - 24px), 720px\" data-pin-media=\"https:\/\/flawlesshair.com\/wp-content\/uploads\/2024\/06\/caramel-blonde-highlights-on-4A-hair.jpg\" id=\"mv-trellis-img-14\" data-trellis-processed=\"1\"><div style=\"position: absolute; top: 0.5rem; right: 0.75rem;\"> <a href=\"https:\/\/www.pinterest.com\/pin\/create\/button\/\" data-pin-do=\"buttonPin\" data-pin-tall=\"true\" data-pin-url=\"https:\/\/flawlesshair.com\/fr\/cheveux-boucles-avec-meches-caramel\/\" data-pin-media=\"https:\/\/flawlesshair.com\/wp-content\/uploads\/2024\/06\/caramel-blonde-highlights-on-4A-hair.jpg\" data-pin-description=\"Curly Hair With Caramel Highlights Is 2025&rsquo;s Most Wanted Style\" rel=\"nofollow noopener\" target=\"_blank\"> <\/a><\/div><\/div><figcaption class=\"wp-element-caption\">@<a href=\"https:\/\/www.instagram.com\/hairbylaquitaburnett\/\" target=\"_blank\" rel=\"noreferrer noopener nofollow\">hairbylaquitaburnett<\/a><\/figcaption><\/figure>\n<\/div>\n\n\n<p>Les m\u00e8ches blondes caramel donnent de la d\u00e9finition, du volume et de la texture aux cheveux 4A. La raie centrale mettra en valeur vos plus beaux atouts et \u00e9quilibrera votre coiffure en ajoutant des \"portions \u00e9gales de m\u00e9ga volume\" des deux c\u00f4t\u00e9s. <\/p>\n\n\n\n<h2 class=\"wp-block-heading\">14. Boucles en anneaux 3C blond caramel<\/h2>\n\n\n<div class=\"wp-block-image\">\n<figure class=\"aligncenter size-full\"><div style=\"position: relative;\"><noscript><img loading=\"lazy\" decoding=\"async\" width=\"1080\" height=\"1350\" src=\"https:\/\/flawlesshair.com\/wp-content\/uploads\/2024\/06\/caramel-blonde-3C-ringlet-curly-hair.jpg\" alt=\"blond caramel 3C boucles en anneaux\" class=\"wp-image-53257\" srcset=\"https:\/\/flawlesshair.com\/wp-content\/uploads\/2024\/06\/caramel-blonde-3C-ringlet-curly-hair.jpg 1080w, https:\/\/flawlesshair.com\/wp-content\/uploads\/2024\/06\/caramel-blonde-3C-ringlet-curly-hair-240x300.jpg 240w, https:\/\/flawlesshair.com\/wp-content\/uploads\/2024\/06\/caramel-blonde-3C-ringlet-curly-hair-768x960.jpg 768w, https:\/\/flawlesshair.com\/wp-content\/uploads\/2024\/06\/caramel-blonde-3C-ringlet-curly-hair-10x12.jpg 10w, https:\/\/flawlesshair.com\/wp-content\/uploads\/2024\/06\/caramel-blonde-3C-ringlet-curly-hair-864x1080.jpg 864w, https:\/\/flawlesshair.com\/wp-content\/uploads\/2024\/06\/caramel-blonde-3C-ringlet-curly-hair-960x1200.jpg 960w, https:\/\/flawlesshair.com\/wp-content\/uploads\/2024\/06\/caramel-blonde-3C-ringlet-curly-hair-150x188.jpg 150w\" sizes=\"auto, (max-width: 760px) calc(100vw - 24px), 720px\"><\/noscript><img loading=\"lazy\" decoding=\"async\" width=\"1080\" height=\"1350\" src=\"https:\/\/flawlesshair.com\/wp-content\/uploads\/2024\/06\/caramel-blonde-3C-ringlet-curly-hair.jpg\" alt=\"blond caramel 3C boucles en anneaux\" class=\"wp-image-53257 lazyload\" srcset=\"https:\/\/flawlesshair.com\/wp-content\/uploads\/2024\/06\/caramel-blonde-3C-ringlet-curly-hair.jpg 1080w, https:\/\/flawlesshair.com\/wp-content\/uploads\/2024\/06\/caramel-blonde-3C-ringlet-curly-hair-240x300.jpg 240w, https:\/\/flawlesshair.com\/wp-content\/uploads\/2024\/06\/caramel-blonde-3C-ringlet-curly-hair-768x960.jpg 768w, https:\/\/flawlesshair.com\/wp-content\/uploads\/2024\/06\/caramel-blonde-3C-ringlet-curly-hair-10x12.jpg 10w, https:\/\/flawlesshair.com\/wp-content\/uploads\/2024\/06\/caramel-blonde-3C-ringlet-curly-hair-864x1080.jpg 864w, https:\/\/flawlesshair.com\/wp-content\/uploads\/2024\/06\/caramel-blonde-3C-ringlet-curly-hair-960x1200.jpg 960w, https:\/\/flawlesshair.com\/wp-content\/uploads\/2024\/06\/caramel-blonde-3C-ringlet-curly-hair-150x188.jpg 150w\" sizes=\"auto, (max-width: 760px) calc(100vw - 24px), 720px\" data-pin-media=\"https:\/\/flawlesshair.com\/wp-content\/uploads\/2024\/06\/caramel-blonde-3C-ringlet-curly-hair.jpg\" id=\"mv-trellis-img-15\" data-trellis-processed=\"1\"><div style=\"position: absolute; top: 0.5rem; right: 0.75rem;\"> <a href=\"https:\/\/www.pinterest.com\/pin\/create\/button\/\" data-pin-do=\"buttonPin\" data-pin-tall=\"true\" data-pin-url=\"https:\/\/flawlesshair.com\/fr\/cheveux-boucles-avec-meches-caramel\/\" data-pin-media=\"https:\/\/flawlesshair.com\/wp-content\/uploads\/2024\/06\/caramel-blonde-3C-ringlet-curly-hair.jpg\" data-pin-description=\"Curly Hair With Caramel Highlights Is 2025&rsquo;s Most Wanted Style\" rel=\"nofollow noopener\" target=\"_blank\"> <\/a><\/div><\/div><figcaption class=\"wp-element-caption\">@<a href=\"https:\/\/www.instagram.com\/ringlet.riss\/\" target=\"_blank\" rel=\"noreferrer noopener nofollow\">ringlet.riss<\/a><\/figcaption><\/figure>\n<\/div>\n\n\n<p>Les boucles en anneaux 3C blond caramel donnent une impression de jeunesse et d'absence d'effort. En effet, les boucles en anneaux 3C n'ont jamais \u00e9t\u00e9 aussi \u00e9poustouflantes avec des m\u00e8ches blondes caramel, alors qu'attendez-vous ?<\/p>\n\n\n\n<h2 class=\"wp-block-heading\">15. Boucles brunes avec des reflets caramel<\/h2>\n\n\n<div class=\"wp-block-image\">\n<figure class=\"aligncenter size-full\"><div style=\"position: relative;\"><noscript><img loading=\"lazy\" decoding=\"async\" width=\"1010\" height=\"1262\" src=\"https:\/\/flawlesshair.com\/wp-content\/uploads\/2024\/06\/brown-curly-with-hair-with-caramel-highlights-and-a-deep-side-part.jpg\" alt=\"cheveux bruns boucl\u00e9s avec des reflets caramel et une raie profonde sur le c\u00f4t\u00e9\" class=\"wp-image-53256\" srcset=\"https:\/\/flawlesshair.com\/wp-content\/uploads\/2024\/06\/brown-curly-with-hair-with-caramel-highlights-and-a-deep-side-part.jpg 1010w, https:\/\/flawlesshair.com\/wp-content\/uploads\/2024\/06\/brown-curly-with-hair-with-caramel-highlights-and-a-deep-side-part-240x300.jpg 240w, https:\/\/flawlesshair.com\/wp-content\/uploads\/2024\/06\/brown-curly-with-hair-with-caramel-highlights-and-a-deep-side-part-768x960.jpg 768w, https:\/\/flawlesshair.com\/wp-content\/uploads\/2024\/06\/brown-curly-with-hair-with-caramel-highlights-and-a-deep-side-part-10x12.jpg 10w, https:\/\/flawlesshair.com\/wp-content\/uploads\/2024\/06\/brown-curly-with-hair-with-caramel-highlights-and-a-deep-side-part-864x1080.jpg 864w, https:\/\/flawlesshair.com\/wp-content\/uploads\/2024\/06\/brown-curly-with-hair-with-caramel-highlights-and-a-deep-side-part-960x1200.jpg 960w, https:\/\/flawlesshair.com\/wp-content\/uploads\/2024\/06\/brown-curly-with-hair-with-caramel-highlights-and-a-deep-side-part-150x187.jpg 150w\" sizes=\"auto, (max-width: 760px) calc(100vw - 24px), 720px\"><\/noscript><img loading=\"lazy\" decoding=\"async\" width=\"1010\" height=\"1262\" src=\"https:\/\/flawlesshair.com\/wp-content\/uploads\/2024\/06\/brown-curly-with-hair-with-caramel-highlights-and-a-deep-side-part.jpg\" alt=\"cheveux bruns boucl\u00e9s avec des reflets caramel et une raie profonde sur le c\u00f4t\u00e9\" class=\"wp-image-53256 lazyload\" srcset=\"https:\/\/flawlesshair.com\/wp-content\/uploads\/2024\/06\/brown-curly-with-hair-with-caramel-highlights-and-a-deep-side-part.jpg 1010w, https:\/\/flawlesshair.com\/wp-content\/uploads\/2024\/06\/brown-curly-with-hair-with-caramel-highlights-and-a-deep-side-part-240x300.jpg 240w, https:\/\/flawlesshair.com\/wp-content\/uploads\/2024\/06\/brown-curly-with-hair-with-caramel-highlights-and-a-deep-side-part-768x960.jpg 768w, https:\/\/flawlesshair.com\/wp-content\/uploads\/2024\/06\/brown-curly-with-hair-with-caramel-highlights-and-a-deep-side-part-10x12.jpg 10w, https:\/\/flawlesshair.com\/wp-content\/uploads\/2024\/06\/brown-curly-with-hair-with-caramel-highlights-and-a-deep-side-part-864x1080.jpg 864w, https:\/\/flawlesshair.com\/wp-content\/uploads\/2024\/06\/brown-curly-with-hair-with-caramel-highlights-and-a-deep-side-part-960x1200.jpg 960w, https:\/\/flawlesshair.com\/wp-content\/uploads\/2024\/06\/brown-curly-with-hair-with-caramel-highlights-and-a-deep-side-part-150x187.jpg 150w\" sizes=\"auto, (max-width: 760px) calc(100vw - 24px), 720px\" data-pin-media=\"https:\/\/flawlesshair.com\/wp-content\/uploads\/2024\/06\/brown-curly-with-hair-with-caramel-highlights-and-a-deep-side-part.jpg\" id=\"mv-trellis-img-16\" data-trellis-processed=\"1\"><div style=\"position: absolute; top: 0.5rem; right: 0.75rem;\"> <a href=\"https:\/\/www.pinterest.com\/pin\/create\/button\/\" data-pin-do=\"buttonPin\" data-pin-tall=\"true\" data-pin-url=\"https:\/\/flawlesshair.com\/fr\/cheveux-boucles-avec-meches-caramel\/\" data-pin-media=\"https:\/\/flawlesshair.com\/wp-content\/uploads\/2024\/06\/brown-curly-with-hair-with-caramel-highlights-and-a-deep-side-part.jpg\" data-pin-description=\"Curly Hair With Caramel Highlights Is 2025&rsquo;s Most Wanted Style\" rel=\"nofollow noopener\" target=\"_blank\"> <\/a><\/div><\/div><figcaption class=\"wp-element-caption\">@<a href=\"https:\/\/www.instagram.com\/jaifit8\/\" target=\"_blank\" rel=\"noreferrer noopener nofollow\">jaifit8<\/a><\/figcaption><\/figure>\n<\/div>\n\n\n<p>Si vous \u00eates une brune et que vous cherchez \u00e0 mettre en valeur vos boucles et \u00e0 donner de la dimension \u00e0 votre coiffure, les m\u00e8ches caramel feront l'affaire. Conseil de pro : optez pour une raie profonde sur le c\u00f4t\u00e9 pour donner \u00e0 votre coiffure un aspect encore plus volumineux.<\/p>\n\n\n\n<h2 class=\"wp-block-heading\">16. Boucles noires avec de subtils reflets caramel fonc\u00e9<\/h2>\n\n\n<div class=\"wp-block-image\">\n<figure class=\"aligncenter size-full\"><div style=\"position: relative;\"><noscript><img loading=\"lazy\" decoding=\"async\" width=\"1080\" height=\"1350\" src=\"https:\/\/flawlesshair.com\/wp-content\/uploads\/2024\/06\/black-curly-hair-with-subtle-dark-caramel-highlights.jpg\" alt=\"cheveux noirs boucl\u00e9s avec de subtils reflets caramel fonc\u00e9\" class=\"wp-image-53253\" srcset=\"https:\/\/flawlesshair.com\/wp-content\/uploads\/2024\/06\/black-curly-hair-with-subtle-dark-caramel-highlights.jpg 1080w, https:\/\/flawlesshair.com\/wp-content\/uploads\/2024\/06\/black-curly-hair-with-subtle-dark-caramel-highlights-240x300.jpg 240w, https:\/\/flawlesshair.com\/wp-content\/uploads\/2024\/06\/black-curly-hair-with-subtle-dark-caramel-highlights-768x960.jpg 768w, https:\/\/flawlesshair.com\/wp-content\/uploads\/2024\/06\/black-curly-hair-with-subtle-dark-caramel-highlights-10x12.jpg 10w, https:\/\/flawlesshair.com\/wp-content\/uploads\/2024\/06\/black-curly-hair-with-subtle-dark-caramel-highlights-864x1080.jpg 864w, https:\/\/flawlesshair.com\/wp-content\/uploads\/2024\/06\/black-curly-hair-with-subtle-dark-caramel-highlights-960x1200.jpg 960w, https:\/\/flawlesshair.com\/wp-content\/uploads\/2024\/06\/black-curly-hair-with-subtle-dark-caramel-highlights-150x188.jpg 150w\" sizes=\"auto, (max-width: 760px) calc(100vw - 24px), 720px\"><\/noscript><img loading=\"lazy\" decoding=\"async\" width=\"1080\" height=\"1350\" src=\"https:\/\/flawlesshair.com\/wp-content\/uploads\/2024\/06\/black-curly-hair-with-subtle-dark-caramel-highlights.jpg\" alt=\"cheveux noirs boucl\u00e9s avec de subtils reflets caramel fonc\u00e9\" class=\"wp-image-53253 lazyload\" srcset=\"https:\/\/flawlesshair.com\/wp-content\/uploads\/2024\/06\/black-curly-hair-with-subtle-dark-caramel-highlights.jpg 1080w, https:\/\/flawlesshair.com\/wp-content\/uploads\/2024\/06\/black-curly-hair-with-subtle-dark-caramel-highlights-240x300.jpg 240w, https:\/\/flawlesshair.com\/wp-content\/uploads\/2024\/06\/black-curly-hair-with-subtle-dark-caramel-highlights-768x960.jpg 768w, https:\/\/flawlesshair.com\/wp-content\/uploads\/2024\/06\/black-curly-hair-with-subtle-dark-caramel-highlights-10x12.jpg 10w, https:\/\/flawlesshair.com\/wp-content\/uploads\/2024\/06\/black-curly-hair-with-subtle-dark-caramel-highlights-864x1080.jpg 864w, https:\/\/flawlesshair.com\/wp-content\/uploads\/2024\/06\/black-curly-hair-with-subtle-dark-caramel-highlights-960x1200.jpg 960w, https:\/\/flawlesshair.com\/wp-content\/uploads\/2024\/06\/black-curly-hair-with-subtle-dark-caramel-highlights-150x188.jpg 150w\" sizes=\"auto, (max-width: 760px) calc(100vw - 24px), 720px\" data-pin-media=\"https:\/\/flawlesshair.com\/wp-content\/uploads\/2024\/06\/black-curly-hair-with-subtle-dark-caramel-highlights.jpg\" id=\"mv-trellis-img-17\" data-trellis-processed=\"1\"><div style=\"position: absolute; top: 0.5rem; right: 0.75rem;\"> <a href=\"https:\/\/www.pinterest.com\/pin\/create\/button\/\" data-pin-do=\"buttonPin\" data-pin-tall=\"true\" data-pin-url=\"https:\/\/flawlesshair.com\/fr\/cheveux-boucles-avec-meches-caramel\/\" data-pin-media=\"https:\/\/flawlesshair.com\/wp-content\/uploads\/2024\/06\/black-curly-hair-with-subtle-dark-caramel-highlights.jpg\" data-pin-description=\"Curly Hair With Caramel Highlights Is 2025&rsquo;s Most Wanted Style\" rel=\"nofollow noopener\" target=\"_blank\"> <\/a><\/div><\/div><figcaption class=\"wp-element-caption\">@<a href=\"https:\/\/www.instagram.com\/curlswithalexa\/\" target=\"_blank\" rel=\"noreferrer noopener nofollow\">bouclesavecalexa<\/a><\/figcaption><\/figure>\n<\/div>\n\n\n<p>Vous avez des cheveux noirs et boucl\u00e9s ? Vous souhaitez accentuer la texture de vos boucles et ajouter de la dimension \u00e0 votre coiffure ? Vous ne voulez pas non plus ab\u00eemer vos cheveux boucl\u00e9s avec un processus de d\u00e9coloration excessif ? Si toutes vos r\u00e9ponses sont oui, les m\u00e8ches caramel fonc\u00e9 sont la meilleure solution pour vous. Voici d'autres id\u00e9es \u00e9tonnantes pour <a href=\"https:\/\/flawlesshair.com\/fr\/cheveux-noirs-avec-meches\/\">cheveux noirs avec m\u00e8ches<\/a>. <\/p>\n\n\n\n<h2 class=\"wp-block-heading\">17. Cheveux boucl\u00e9s 3C avec m\u00e8ches caramel et franges<\/h2>\n\n\n<div class=\"wp-block-image\">\n<figure class=\"aligncenter size-full\"><div style=\"position: relative;\"><noscript><img loading=\"lazy\" decoding=\"async\" width=\"1080\" height=\"1350\" src=\"https:\/\/flawlesshair.com\/wp-content\/uploads\/2024\/06\/3C-curly-hair-with-caramel-highlights.jpg\" alt=\"3C cheveux boucl\u00e9s avec des reflets caramel\" class=\"wp-image-53250\" srcset=\"https:\/\/flawlesshair.com\/wp-content\/uploads\/2024\/06\/3C-curly-hair-with-caramel-highlights.jpg 1080w, https:\/\/flawlesshair.com\/wp-content\/uploads\/2024\/06\/3C-curly-hair-with-caramel-highlights-240x300.jpg 240w, https:\/\/flawlesshair.com\/wp-content\/uploads\/2024\/06\/3C-curly-hair-with-caramel-highlights-768x960.jpg 768w, https:\/\/flawlesshair.com\/wp-content\/uploads\/2024\/06\/3C-curly-hair-with-caramel-highlights-10x12.jpg 10w, https:\/\/flawlesshair.com\/wp-content\/uploads\/2024\/06\/3C-curly-hair-with-caramel-highlights-864x1080.jpg 864w, https:\/\/flawlesshair.com\/wp-content\/uploads\/2024\/06\/3C-curly-hair-with-caramel-highlights-960x1200.jpg 960w, https:\/\/flawlesshair.com\/wp-content\/uploads\/2024\/06\/3C-curly-hair-with-caramel-highlights-150x188.jpg 150w\" sizes=\"auto, (max-width: 760px) calc(100vw - 24px), 720px\"><\/noscript><img loading=\"lazy\" decoding=\"async\" width=\"1080\" height=\"1350\" src=\"https:\/\/flawlesshair.com\/wp-content\/uploads\/2024\/06\/3C-curly-hair-with-caramel-highlights.jpg\" alt=\"3C cheveux boucl\u00e9s avec des reflets caramel\" class=\"wp-image-53250 lazyload\" srcset=\"https:\/\/flawlesshair.com\/wp-content\/uploads\/2024\/06\/3C-curly-hair-with-caramel-highlights.jpg 1080w, https:\/\/flawlesshair.com\/wp-content\/uploads\/2024\/06\/3C-curly-hair-with-caramel-highlights-240x300.jpg 240w, https:\/\/flawlesshair.com\/wp-content\/uploads\/2024\/06\/3C-curly-hair-with-caramel-highlights-768x960.jpg 768w, https:\/\/flawlesshair.com\/wp-content\/uploads\/2024\/06\/3C-curly-hair-with-caramel-highlights-10x12.jpg 10w, https:\/\/flawlesshair.com\/wp-content\/uploads\/2024\/06\/3C-curly-hair-with-caramel-highlights-864x1080.jpg 864w, https:\/\/flawlesshair.com\/wp-content\/uploads\/2024\/06\/3C-curly-hair-with-caramel-highlights-960x1200.jpg 960w, https:\/\/flawlesshair.com\/wp-content\/uploads\/2024\/06\/3C-curly-hair-with-caramel-highlights-150x188.jpg 150w\" sizes=\"auto, (max-width: 760px) calc(100vw - 24px), 720px\" data-pin-media=\"https:\/\/flawlesshair.com\/wp-content\/uploads\/2024\/06\/3C-curly-hair-with-caramel-highlights.jpg\" id=\"mv-trellis-img-18\" data-trellis-processed=\"1\"><div style=\"position: absolute; top: 0.5rem; right: 0.75rem;\"> <a href=\"https:\/\/www.pinterest.com\/pin\/create\/button\/\" data-pin-do=\"buttonPin\" data-pin-tall=\"true\" data-pin-url=\"https:\/\/flawlesshair.com\/fr\/cheveux-boucles-avec-meches-caramel\/\" data-pin-media=\"https:\/\/flawlesshair.com\/wp-content\/uploads\/2024\/06\/3C-curly-hair-with-caramel-highlights.jpg\" data-pin-description=\"Curly Hair With Caramel Highlights Is 2025&rsquo;s Most Wanted Style\" rel=\"nofollow noopener\" target=\"_blank\"> <\/a><\/div><\/div><figcaption class=\"wp-element-caption\">@<a href=\"https:\/\/www.instagram.com\/evanjosephsalon\/\" target=\"_blank\" rel=\"noreferrer noopener nofollow\">evanjosephsalon<\/a><\/figcaption><\/figure>\n<\/div>\n\n\n<p>Ajouter des reflets caramel aux cheveux boucl\u00e9s 3C avec une frange est similaire \u00e0 l'ajout de la populaire pi\u00e8ce d'argent. Dans les deux cas, vous obtiendrez un effet d'encadrement du visage en ayant des sections de cheveux plus claires autour de votre visage. <\/p>","protected":false},"excerpt":{"rendered":"<p>Que vous souhaitiez ajouter une touche de couleur \u00e0 vos boucles, am\u00e9liorer la texture de vos cheveux naturellement boucl\u00e9s ou cr\u00e9er une ...<\/p>","protected":false},"author":7,"featured_media":53272,"comment_status":"closed","ping_status":"closed","sticky":false,"template":"","format":"standard","meta":{"syndication_tool_enabled":false,"syndication_tool_title":"","syndication_tool_excerpt":"","syndication_tool_featured_image":0,"syndication_tool_publish_date":"","syndication_tool_schema_types":[],"syndication_tool_backlink_enable":false,"syndication_tool_ai_disclosure_enable":false,"disable-in-feed":false,"article-schema-type":"","disable-critical-css":false,"footnotes":""},"categories":[40],"tags":[],"class_list":["post-53217","post","type-post","status-publish","format-standard","has-post-thumbnail","hentry","category-curly"],"_links":{"self":[{"href":"https:\/\/flawlesshair.com\/fr\/wp-json\/wp\/v2\/posts\/53217","targetHints":{"allow":["GET"]}}],"collection":[{"href":"https:\/\/flawlesshair.com\/fr\/wp-json\/wp\/v2\/posts"}],"about":[{"href":"https:\/\/flawlesshair.com\/fr\/wp-json\/wp\/v2\/types\/post"}],"author":[{"embeddable":true,"href":"https:\/\/flawlesshair.com\/fr\/wp-json\/wp\/v2\/users\/7"}],"replies":[{"embeddable":true,"href":"https:\/\/flawlesshair.com\/fr\/wp-json\/wp\/v2\/comments?post=53217"}],"version-history":[{"count":0,"href":"https:\/\/flawlesshair.com\/fr\/wp-json\/wp\/v2\/posts\/53217\/revisions"}],"wp:featuredmedia":[{"embeddable":true,"href":"https:\/\/flawlesshair.com\/fr\/wp-json\/wp\/v2\/media\/53272"}],"wp:attachment":[{"href":"https:\/\/flawlesshair.com\/fr\/wp-json\/wp\/v2\/media?parent=53217"}],"wp:term":[{"taxonomy":"category","embeddable":true,"href":"https:\/\/flawlesshair.com\/fr\/wp-json\/wp\/v2\/categories?post=53217"},{"taxonomy":"post_tag","embeddable":true,"href":"https:\/\/flawlesshair.com\/fr\/wp-json\/wp\/v2\/tags?post=53217"}],"curies":[{"name":"wp","href":"https:\/\/api.w.org\/{rel}","templated":true}]}}