{"id":78120,"date":"2024-11-26T16:30:00","date_gmt":"2024-11-26T15:30:00","guid":{"rendered":"https:\/\/flawlesshair.com\/?p=78120"},"modified":"2024-11-25T13:55:19","modified_gmt":"2024-11-25T12:55:19","slug":"coupe-v-cheveux-moyens-avec-degrades","status":"publish","type":"post","link":"https:\/\/flawlesshair.com\/fr\/coupe-v-cheveux-moyens-avec-degrades\/","title":{"rendered":"10 id\u00e9es de coupes en V pour cheveux moyens avec m\u00e8ches qui sont assez polyvalentes pour convenir \u00e0 n'importe quel style"},"content":{"rendered":"<style>img#mv-trellis-img-1::before{padding-top:99.111111111111%; }img#mv-trellis-img-1{display:block;}img#mv-trellis-img-2::before{padding-top:123.2%; }img#mv-trellis-img-2{display:block;}img#mv-trellis-img-3::before{padding-top:99.377777777778%; }img#mv-trellis-img-3{display:block;}img#mv-trellis-img-4::before{padding-top:121.97508896797%; }img#mv-trellis-img-4{display:block;}img#mv-trellis-img-5::before{padding-top:123.73333333333%; }img#mv-trellis-img-5{display:block;}img#mv-trellis-img-6::before{padding-top:124.28825622776%; }img#mv-trellis-img-6{display:block;}img#mv-trellis-img-7::before{padding-top:123.46666666667%; }img#mv-trellis-img-7{display:block;}img#mv-trellis-img-8::before{padding-top:124.44444444444%; }img#mv-trellis-img-8{display:block;}img#mv-trellis-img-9::before{padding-top:123.93238434164%; }img#mv-trellis-img-9{display:block;}img#mv-trellis-img-10::before{padding-top:99.111111111111%; }img#mv-trellis-img-10{display:block;}<\/style>\n<p>Nous voulons toutes une coiffure polyvalente, \u00e9l\u00e9gante et facile \u00e0 entretenir, et la coupe en V des cheveux moyens avec des d\u00e9grad\u00e9s r\u00e9pond parfaitement \u00e0 ces attentes ! Ce look contemporain offre une combinaison id\u00e9ale de volume, de texture et de mouvement, tout en donnant \u00e0 vos cheveux une forme dynamique.<\/p>\n\n\n\n<p>Dans cet article, nous partageons 10 fantastiques coiffures en V qui conviennent \u00e0 tous les types de cheveux et \u00e0 tous les styles. J'esp\u00e8re que vous serez inspir\u00e9e et que vous verrez comment ce style flexible peut rehausser votre apparence et s'int\u00e9grer \u00e0 votre routine quotidienne.<\/p>\n\n\n\n<h2 class=\"wp-block-heading\">1. Coupe en V classique pour cheveux raides<\/h2>\n\n\n<div class=\"wp-block-image\">\n<figure class=\"aligncenter size-full\"><div style=\"position: relative;\"><noscript><img loading=\"lazy\" decoding=\"async\" width=\"1125\" height=\"1115\" src=\"https:\/\/flawlesshair.com\/wp-content\/uploads\/2024\/11\/1.-Classic-V-Cut-For-Straight-Hair.jpg\" alt=\"Coupe en V classique pour cheveux raides\" class=\"wp-image-78223\" srcset=\"https:\/\/flawlesshair.com\/wp-content\/uploads\/2024\/11\/1.-Classic-V-Cut-For-Straight-Hair.jpg 1125w, https:\/\/flawlesshair.com\/wp-content\/uploads\/2024\/11\/1.-Classic-V-Cut-For-Straight-Hair-300x297.jpg 300w, https:\/\/flawlesshair.com\/wp-content\/uploads\/2024\/11\/1.-Classic-V-Cut-For-Straight-Hair-150x150.jpg 150w, https:\/\/flawlesshair.com\/wp-content\/uploads\/2024\/11\/1.-Classic-V-Cut-For-Straight-Hair-768x761.jpg 768w, https:\/\/flawlesshair.com\/wp-content\/uploads\/2024\/11\/1.-Classic-V-Cut-For-Straight-Hair-12x12.jpg 12w, https:\/\/flawlesshair.com\/wp-content\/uploads\/2024\/11\/1.-Classic-V-Cut-For-Straight-Hair-960x951.jpg 960w, https:\/\/flawlesshair.com\/wp-content\/uploads\/2024\/11\/1.-Classic-V-Cut-For-Straight-Hair-1080x1070.jpg 1080w\" sizes=\"auto, (max-width: 760px) calc(100vw - 24px), 720px\"><\/noscript><img loading=\"eager\" decoding=\"async\" width=\"1125\" height=\"1115\" src=\"data:image\/svg+xml,%3Csvg%20xmlns='http:\/\/www.w3.org\/2000\/svg'%20viewBox='0%200%201125%201115'%3E%3Crect%20width='1125'%20height='1115'%20style='fill:%23e3e3e3'\/%3E%3C\/svg%3E\" alt=\"Coupe en V classique pour cheveux raides\" class=\"wp-image-78223 eager-load\" sizes=\"auto, (max-width: 760px) calc(100vw - 24px), 720px\" data-pin-media=\"https:\/\/flawlesshair.com\/wp-content\/uploads\/2024\/11\/1.-Classic-V-Cut-For-Straight-Hair.jpg\" id=\"mv-trellis-img-1\" data-src=\"https:\/\/flawlesshair.com\/wp-content\/uploads\/2024\/11\/1.-Classic-V-Cut-For-Straight-Hair.jpg\" data-srcset=\"https:\/\/flawlesshair.com\/wp-content\/uploads\/2024\/11\/1.-Classic-V-Cut-For-Straight-Hair.jpg 1125w, https:\/\/flawlesshair.com\/wp-content\/uploads\/2024\/11\/1.-Classic-V-Cut-For-Straight-Hair-300x297.jpg 300w, https:\/\/flawlesshair.com\/wp-content\/uploads\/2024\/11\/1.-Classic-V-Cut-For-Straight-Hair-150x150.jpg 150w, https:\/\/flawlesshair.com\/wp-content\/uploads\/2024\/11\/1.-Classic-V-Cut-For-Straight-Hair-768x761.jpg 768w, https:\/\/flawlesshair.com\/wp-content\/uploads\/2024\/11\/1.-Classic-V-Cut-For-Straight-Hair-12x12.jpg 12w, https:\/\/flawlesshair.com\/wp-content\/uploads\/2024\/11\/1.-Classic-V-Cut-For-Straight-Hair-960x951.jpg 960w, https:\/\/flawlesshair.com\/wp-content\/uploads\/2024\/11\/1.-Classic-V-Cut-For-Straight-Hair-1080x1070.jpg 1080w\" data-svg=\"1\" data-trellis-processed=\"1\"><div style=\"position: absolute; top: 0.5rem; right: 0.75rem;\"> <a href=\"https:\/\/www.pinterest.com\/pin\/create\/button\/\" data-pin-do=\"buttonPin\" data-pin-tall=\"true\" data-pin-url=\"https:\/\/flawlesshair.com\/fr\/coupe-v-cheveux-moyens-avec-degrades\/\" data-pin-media=\"https:\/\/flawlesshair.com\/wp-content\/uploads\/2024\/11\/1.-Classic-V-Cut-For-Straight-Hair.jpg\" data-pin-description=\"10 V Cut Medium Hair With Layers Ideas That Are Versatile Enough To Suit Any Style\" rel=\"nofollow noopener\" target=\"_blank\"> <\/a><\/div><\/div><figcaption class=\"wp-element-caption\"><a href=\"https:\/\/www.instagram.com\/yurianashair\/\" target=\"_blank\" data-type=\"link\" data-id=\"https:\/\/www.instagram.com\/yurianashair\/\" rel=\"noreferrer noopener nofollow\">@yurianashair<\/a><\/figcaption><\/figure>\n<\/div>\n\n\n<p>Je veux utiliser cet exemple pour montrer comment une coupe en V d\u00e9grad\u00e9e appara\u00eet sur des cheveux lisses. Les pointes ac\u00e9r\u00e9es sont particuli\u00e8rement visibles et lui donnent un aspect parfait, comme vous pouvez le voir sur la photo.<\/p>\n\n\n\n<h2 class=\"wp-block-heading\">2. Balayage subtil - Coupe en V - Cheveux moyens<\/h2>\n\n\n<div class=\"wp-block-image\">\n<figure class=\"aligncenter size-full\"><div style=\"position: relative;\"><noscript><img loading=\"lazy\" decoding=\"async\" width=\"1125\" height=\"1386\" src=\"https:\/\/flawlesshair.com\/wp-content\/uploads\/2024\/11\/2.-Subtle-Balayage-V-Cut-Medium-Hair.jpg\" alt=\"Balayage subtil Coupe en V Cheveux moyens\" class=\"wp-image-78243\" srcset=\"https:\/\/flawlesshair.com\/wp-content\/uploads\/2024\/11\/2.-Subtle-Balayage-V-Cut-Medium-Hair.jpg 1125w, https:\/\/flawlesshair.com\/wp-content\/uploads\/2024\/11\/2.-Subtle-Balayage-V-Cut-Medium-Hair-244x300.jpg 244w, https:\/\/flawlesshair.com\/wp-content\/uploads\/2024\/11\/2.-Subtle-Balayage-V-Cut-Medium-Hair-768x946.jpg 768w, https:\/\/flawlesshair.com\/wp-content\/uploads\/2024\/11\/2.-Subtle-Balayage-V-Cut-Medium-Hair-10x12.jpg 10w, https:\/\/flawlesshair.com\/wp-content\/uploads\/2024\/11\/2.-Subtle-Balayage-V-Cut-Medium-Hair-779x960.jpg 779w, https:\/\/flawlesshair.com\/wp-content\/uploads\/2024\/11\/2.-Subtle-Balayage-V-Cut-Medium-Hair-877x1080.jpg 877w, https:\/\/flawlesshair.com\/wp-content\/uploads\/2024\/11\/2.-Subtle-Balayage-V-Cut-Medium-Hair-974x1200.jpg 974w\" sizes=\"auto, (max-width: 760px) calc(100vw - 24px), 720px\"><\/noscript><img loading=\"lazy\" decoding=\"async\" width=\"1125\" height=\"1386\" src=\"https:\/\/flawlesshair.com\/wp-content\/uploads\/2024\/11\/2.-Subtle-Balayage-V-Cut-Medium-Hair.jpg\" alt=\"Balayage subtil Coupe en V Cheveux moyens\" class=\"wp-image-78243 lazyload\" srcset=\"https:\/\/flawlesshair.com\/wp-content\/uploads\/2024\/11\/2.-Subtle-Balayage-V-Cut-Medium-Hair.jpg 1125w, https:\/\/flawlesshair.com\/wp-content\/uploads\/2024\/11\/2.-Subtle-Balayage-V-Cut-Medium-Hair-244x300.jpg 244w, https:\/\/flawlesshair.com\/wp-content\/uploads\/2024\/11\/2.-Subtle-Balayage-V-Cut-Medium-Hair-768x946.jpg 768w, https:\/\/flawlesshair.com\/wp-content\/uploads\/2024\/11\/2.-Subtle-Balayage-V-Cut-Medium-Hair-10x12.jpg 10w, https:\/\/flawlesshair.com\/wp-content\/uploads\/2024\/11\/2.-Subtle-Balayage-V-Cut-Medium-Hair-779x960.jpg 779w, https:\/\/flawlesshair.com\/wp-content\/uploads\/2024\/11\/2.-Subtle-Balayage-V-Cut-Medium-Hair-877x1080.jpg 877w, https:\/\/flawlesshair.com\/wp-content\/uploads\/2024\/11\/2.-Subtle-Balayage-V-Cut-Medium-Hair-974x1200.jpg 974w\" sizes=\"auto, (max-width: 760px) calc(100vw - 24px), 720px\" data-pin-media=\"https:\/\/flawlesshair.com\/wp-content\/uploads\/2024\/11\/2.-Subtle-Balayage-V-Cut-Medium-Hair.jpg\" id=\"mv-trellis-img-2\" data-trellis-processed=\"1\"><div style=\"position: absolute; top: 0.5rem; right: 0.75rem;\"> <a href=\"https:\/\/www.pinterest.com\/pin\/create\/button\/\" data-pin-do=\"buttonPin\" data-pin-tall=\"true\" data-pin-url=\"https:\/\/flawlesshair.com\/fr\/coupe-v-cheveux-moyens-avec-degrades\/\" data-pin-media=\"https:\/\/flawlesshair.com\/wp-content\/uploads\/2024\/11\/2.-Subtle-Balayage-V-Cut-Medium-Hair.jpg\" data-pin-description=\"10 V Cut Medium Hair With Layers Ideas That Are Versatile Enough To Suit Any Style\" rel=\"nofollow noopener\" target=\"_blank\"> <\/a><\/div><\/div><figcaption class=\"wp-element-caption\"><a href=\"https:\/\/www.instagram.com\/paintedfoils\/\" target=\"_blank\" data-type=\"link\" data-id=\"https:\/\/www.instagram.com\/paintedfoils\/\" rel=\"noreferrer noopener nofollow\">@paintedfoils<\/a><\/figcaption><\/figure>\n<\/div>\n\n\n<p>Si vous souhaitez conserver votre coupe v actuelle mais changer subtilement de couleur de cheveux sans que cela ne soit trop spectaculaire, un balayage subtil est le choix id\u00e9al pour vous. Il vous donnera le look d\u00e9sir\u00e9 dont beaucoup r\u00eavent et que d'autres admirent.<\/p>\n\n\n\n<h2 class=\"wp-block-heading\">3. Coupe en V avec boucles souples<\/h2>\n\n\n<div class=\"wp-block-image\">\n<figure class=\"aligncenter size-full\"><div style=\"position: relative;\"><noscript><img loading=\"lazy\" decoding=\"async\" width=\"1125\" height=\"1118\" src=\"https:\/\/flawlesshair.com\/wp-content\/uploads\/2024\/11\/3.-V-Cut-With-Soft-Curls.jpg\" alt=\"Coupe en V avec boucles douces\" class=\"wp-image-78252\" srcset=\"https:\/\/flawlesshair.com\/wp-content\/uploads\/2024\/11\/3.-V-Cut-With-Soft-Curls.jpg 1125w, https:\/\/flawlesshair.com\/wp-content\/uploads\/2024\/11\/3.-V-Cut-With-Soft-Curls-300x298.jpg 300w, https:\/\/flawlesshair.com\/wp-content\/uploads\/2024\/11\/3.-V-Cut-With-Soft-Curls-150x150.jpg 150w, https:\/\/flawlesshair.com\/wp-content\/uploads\/2024\/11\/3.-V-Cut-With-Soft-Curls-768x763.jpg 768w, https:\/\/flawlesshair.com\/wp-content\/uploads\/2024\/11\/3.-V-Cut-With-Soft-Curls-12x12.jpg 12w, https:\/\/flawlesshair.com\/wp-content\/uploads\/2024\/11\/3.-V-Cut-With-Soft-Curls-960x954.jpg 960w, https:\/\/flawlesshair.com\/wp-content\/uploads\/2024\/11\/3.-V-Cut-With-Soft-Curls-1080x1073.jpg 1080w\" sizes=\"auto, (max-width: 760px) calc(100vw - 24px), 720px\"><\/noscript><img loading=\"lazy\" decoding=\"async\" width=\"1125\" height=\"1118\" src=\"https:\/\/flawlesshair.com\/wp-content\/uploads\/2024\/11\/3.-V-Cut-With-Soft-Curls.jpg\" alt=\"Coupe en V avec boucles douces\" class=\"wp-image-78252 lazyload\" srcset=\"https:\/\/flawlesshair.com\/wp-content\/uploads\/2024\/11\/3.-V-Cut-With-Soft-Curls.jpg 1125w, https:\/\/flawlesshair.com\/wp-content\/uploads\/2024\/11\/3.-V-Cut-With-Soft-Curls-300x298.jpg 300w, https:\/\/flawlesshair.com\/wp-content\/uploads\/2024\/11\/3.-V-Cut-With-Soft-Curls-150x150.jpg 150w, https:\/\/flawlesshair.com\/wp-content\/uploads\/2024\/11\/3.-V-Cut-With-Soft-Curls-768x763.jpg 768w, https:\/\/flawlesshair.com\/wp-content\/uploads\/2024\/11\/3.-V-Cut-With-Soft-Curls-12x12.jpg 12w, https:\/\/flawlesshair.com\/wp-content\/uploads\/2024\/11\/3.-V-Cut-With-Soft-Curls-960x954.jpg 960w, https:\/\/flawlesshair.com\/wp-content\/uploads\/2024\/11\/3.-V-Cut-With-Soft-Curls-1080x1073.jpg 1080w\" sizes=\"auto, (max-width: 760px) calc(100vw - 24px), 720px\" data-pin-media=\"https:\/\/flawlesshair.com\/wp-content\/uploads\/2024\/11\/3.-V-Cut-With-Soft-Curls.jpg\" id=\"mv-trellis-img-3\" data-trellis-processed=\"1\"><div style=\"position: absolute; top: 0.5rem; right: 0.75rem;\"> <a href=\"https:\/\/www.pinterest.com\/pin\/create\/button\/\" data-pin-do=\"buttonPin\" data-pin-tall=\"true\" data-pin-url=\"https:\/\/flawlesshair.com\/fr\/coupe-v-cheveux-moyens-avec-degrades\/\" data-pin-media=\"https:\/\/flawlesshair.com\/wp-content\/uploads\/2024\/11\/3.-V-Cut-With-Soft-Curls.jpg\" data-pin-description=\"10 V Cut Medium Hair With Layers Ideas That Are Versatile Enough To Suit Any Style\" rel=\"nofollow noopener\" target=\"_blank\"> <\/a><\/div><\/div><figcaption class=\"wp-element-caption\"><a href=\"https:\/\/www.instagram.com\/beautybyemilygrace_\/\" target=\"_blank\" data-type=\"link\" data-id=\"https:\/\/www.instagram.com\/beautybyemilygrace_\/\" rel=\"noreferrer noopener nofollow\">@beautybyemilygrace_<\/a><\/figcaption><\/figure>\n<\/div>\n\n\n<p>Coiffer votre coupe en V avec des boucles douces est une excellente option. Que vous souhaitiez un look d\u00e9contract\u00e9 en journ\u00e9e ou une soir\u00e9e chic, cette coiffure vous donnera \u00e0 coup s\u00fbr l'allure souhait\u00e9e.<\/p>\n\n\n\n<h2 class=\"wp-block-heading\">4. Cheveux moyens avec des m\u00e8ches de Babylone<\/h2>\n\n\n<div class=\"wp-block-image\">\n<figure class=\"aligncenter size-full\"><div style=\"position: relative;\"><noscript><img loading=\"lazy\" decoding=\"async\" width=\"1124\" height=\"1371\" src=\"https:\/\/flawlesshair.com\/wp-content\/uploads\/2024\/11\/4.-Medium-Hair-With-Babylights.jpg\" alt=\"Cheveux moyens avec m\u00e8ches Babylights\" class=\"wp-image-78256\" srcset=\"https:\/\/flawlesshair.com\/wp-content\/uploads\/2024\/11\/4.-Medium-Hair-With-Babylights.jpg 1124w, https:\/\/flawlesshair.com\/wp-content\/uploads\/2024\/11\/4.-Medium-Hair-With-Babylights-246x300.jpg 246w, https:\/\/flawlesshair.com\/wp-content\/uploads\/2024\/11\/4.-Medium-Hair-With-Babylights-768x937.jpg 768w, https:\/\/flawlesshair.com\/wp-content\/uploads\/2024\/11\/4.-Medium-Hair-With-Babylights-10x12.jpg 10w, https:\/\/flawlesshair.com\/wp-content\/uploads\/2024\/11\/4.-Medium-Hair-With-Babylights-787x960.jpg 787w, https:\/\/flawlesshair.com\/wp-content\/uploads\/2024\/11\/4.-Medium-Hair-With-Babylights-885x1080.jpg 885w, https:\/\/flawlesshair.com\/wp-content\/uploads\/2024\/11\/4.-Medium-Hair-With-Babylights-984x1200.jpg 984w\" sizes=\"auto, (max-width: 760px) calc(100vw - 24px), 720px\"><\/noscript><img loading=\"lazy\" decoding=\"async\" width=\"1124\" height=\"1371\" src=\"https:\/\/flawlesshair.com\/wp-content\/uploads\/2024\/11\/4.-Medium-Hair-With-Babylights.jpg\" alt=\"Cheveux moyens avec m\u00e8ches Babylights\" class=\"wp-image-78256 lazyload\" srcset=\"https:\/\/flawlesshair.com\/wp-content\/uploads\/2024\/11\/4.-Medium-Hair-With-Babylights.jpg 1124w, https:\/\/flawlesshair.com\/wp-content\/uploads\/2024\/11\/4.-Medium-Hair-With-Babylights-246x300.jpg 246w, https:\/\/flawlesshair.com\/wp-content\/uploads\/2024\/11\/4.-Medium-Hair-With-Babylights-768x937.jpg 768w, https:\/\/flawlesshair.com\/wp-content\/uploads\/2024\/11\/4.-Medium-Hair-With-Babylights-10x12.jpg 10w, https:\/\/flawlesshair.com\/wp-content\/uploads\/2024\/11\/4.-Medium-Hair-With-Babylights-787x960.jpg 787w, https:\/\/flawlesshair.com\/wp-content\/uploads\/2024\/11\/4.-Medium-Hair-With-Babylights-885x1080.jpg 885w, https:\/\/flawlesshair.com\/wp-content\/uploads\/2024\/11\/4.-Medium-Hair-With-Babylights-984x1200.jpg 984w\" sizes=\"auto, (max-width: 760px) calc(100vw - 24px), 720px\" data-pin-media=\"https:\/\/flawlesshair.com\/wp-content\/uploads\/2024\/11\/4.-Medium-Hair-With-Babylights.jpg\" id=\"mv-trellis-img-4\" data-trellis-processed=\"1\"><div style=\"position: absolute; top: 0.5rem; right: 0.75rem;\"> <a href=\"https:\/\/www.pinterest.com\/pin\/create\/button\/\" data-pin-do=\"buttonPin\" data-pin-tall=\"true\" data-pin-url=\"https:\/\/flawlesshair.com\/fr\/coupe-v-cheveux-moyens-avec-degrades\/\" data-pin-media=\"https:\/\/flawlesshair.com\/wp-content\/uploads\/2024\/11\/4.-Medium-Hair-With-Babylights.jpg\" data-pin-description=\"10 V Cut Medium Hair With Layers Ideas That Are Versatile Enough To Suit Any Style\" rel=\"nofollow noopener\" target=\"_blank\"> <\/a><\/div><\/div><figcaption class=\"wp-element-caption\"><a href=\"https:\/\/www.instagram.com\/hairbymiranda17\/\" target=\"_blank\" data-type=\"link\" data-id=\"https:\/\/www.instagram.com\/hairbymiranda17\/\" rel=\"noreferrer noopener nofollow\">@hairbymiranda17<\/a><\/figcaption><\/figure>\n<\/div>\n\n\n<p>Je voulais montrer comment les babylights peuvent s'int\u00e9grer \u00e0 n'importe quelle coiffure, et j'ai donc choisi de les mettre en valeur avec une coupe en V. Ce style mettra en valeur la beaut\u00e9 de vos cheveux et laissera une impression durable partout o\u00f9 vous irez.<\/p>\n\n\n\n<h2 class=\"wp-block-heading\">5. Cheveux boucl\u00e9s en V<\/h2>\n\n\n<div class=\"wp-block-image\">\n<figure class=\"aligncenter size-full\"><div style=\"position: relative;\"><noscript><img loading=\"lazy\" decoding=\"async\" width=\"1125\" height=\"1392\" src=\"https:\/\/flawlesshair.com\/wp-content\/uploads\/2024\/11\/5.-Curly-Hair-V-Cut.jpg\" alt=\"Cheveux boucl\u00e9s en V\" class=\"wp-image-78257\" srcset=\"https:\/\/flawlesshair.com\/wp-content\/uploads\/2024\/11\/5.-Curly-Hair-V-Cut.jpg 1125w, https:\/\/flawlesshair.com\/wp-content\/uploads\/2024\/11\/5.-Curly-Hair-V-Cut-242x300.jpg 242w, https:\/\/flawlesshair.com\/wp-content\/uploads\/2024\/11\/5.-Curly-Hair-V-Cut-768x950.jpg 768w, https:\/\/flawlesshair.com\/wp-content\/uploads\/2024\/11\/5.-Curly-Hair-V-Cut-10x12.jpg 10w, https:\/\/flawlesshair.com\/wp-content\/uploads\/2024\/11\/5.-Curly-Hair-V-Cut-776x960.jpg 776w, https:\/\/flawlesshair.com\/wp-content\/uploads\/2024\/11\/5.-Curly-Hair-V-Cut-873x1080.jpg 873w, https:\/\/flawlesshair.com\/wp-content\/uploads\/2024\/11\/5.-Curly-Hair-V-Cut-970x1200.jpg 970w\" sizes=\"auto, (max-width: 760px) calc(100vw - 24px), 720px\"><\/noscript><img loading=\"lazy\" decoding=\"async\" width=\"1125\" height=\"1392\" src=\"https:\/\/flawlesshair.com\/wp-content\/uploads\/2024\/11\/5.-Curly-Hair-V-Cut.jpg\" alt=\"Cheveux boucl\u00e9s en V\" class=\"wp-image-78257 lazyload\" srcset=\"https:\/\/flawlesshair.com\/wp-content\/uploads\/2024\/11\/5.-Curly-Hair-V-Cut.jpg 1125w, https:\/\/flawlesshair.com\/wp-content\/uploads\/2024\/11\/5.-Curly-Hair-V-Cut-242x300.jpg 242w, https:\/\/flawlesshair.com\/wp-content\/uploads\/2024\/11\/5.-Curly-Hair-V-Cut-768x950.jpg 768w, https:\/\/flawlesshair.com\/wp-content\/uploads\/2024\/11\/5.-Curly-Hair-V-Cut-10x12.jpg 10w, https:\/\/flawlesshair.com\/wp-content\/uploads\/2024\/11\/5.-Curly-Hair-V-Cut-776x960.jpg 776w, https:\/\/flawlesshair.com\/wp-content\/uploads\/2024\/11\/5.-Curly-Hair-V-Cut-873x1080.jpg 873w, https:\/\/flawlesshair.com\/wp-content\/uploads\/2024\/11\/5.-Curly-Hair-V-Cut-970x1200.jpg 970w\" sizes=\"auto, (max-width: 760px) calc(100vw - 24px), 720px\" data-pin-media=\"https:\/\/flawlesshair.com\/wp-content\/uploads\/2024\/11\/5.-Curly-Hair-V-Cut.jpg\" id=\"mv-trellis-img-5\" data-trellis-processed=\"1\"><div style=\"position: absolute; top: 0.5rem; right: 0.75rem;\"> <a href=\"https:\/\/www.pinterest.com\/pin\/create\/button\/\" data-pin-do=\"buttonPin\" data-pin-tall=\"true\" data-pin-url=\"https:\/\/flawlesshair.com\/fr\/coupe-v-cheveux-moyens-avec-degrades\/\" data-pin-media=\"https:\/\/flawlesshair.com\/wp-content\/uploads\/2024\/11\/5.-Curly-Hair-V-Cut.jpg\" data-pin-description=\"10 V Cut Medium Hair With Layers Ideas That Are Versatile Enough To Suit Any Style\" rel=\"nofollow noopener\" target=\"_blank\"> <\/a><\/div><\/div><figcaption class=\"wp-element-caption\"><a href=\"https:\/\/www.instagram.com\/curlsxnay\/\" target=\"_blank\" data-type=\"link\" data-id=\"https:\/\/www.instagram.com\/curlsxnay\/\" rel=\"noreferrer noopener nofollow\">@curlsxnay<\/a><\/figcaption><\/figure>\n<\/div>\n\n\n<p>Beaucoup de gens h\u00e9sitent \u00e0 se faire couper les cheveux fris\u00e9s, mais il n'y a pas de raison de s'inqui\u00e9ter avec une coupe en V. J'ai une photo \u00e0 vous montrer comme preuve, alors n'h\u00e9sitez pas \u00e0 vous en inspirer lors de votre prochaine visite chez le coiffeur.<\/p>\n\n\n\n<h2 class=\"wp-block-heading\">6. Balayage blond<\/h2>\n\n\n<div class=\"wp-block-image\">\n<figure class=\"aligncenter size-full\"><div style=\"position: relative;\"><noscript><img loading=\"lazy\" decoding=\"async\" width=\"1124\" height=\"1397\" src=\"https:\/\/flawlesshair.com\/wp-content\/uploads\/2024\/11\/6.-Blonde-Balayage.jpg\" alt=\"Blonde Balayage\" class=\"wp-image-78264\" srcset=\"https:\/\/flawlesshair.com\/wp-content\/uploads\/2024\/11\/6.-Blonde-Balayage.jpg 1124w, https:\/\/flawlesshair.com\/wp-content\/uploads\/2024\/11\/6.-Blonde-Balayage-241x300.jpg 241w, https:\/\/flawlesshair.com\/wp-content\/uploads\/2024\/11\/6.-Blonde-Balayage-768x955.jpg 768w, https:\/\/flawlesshair.com\/wp-content\/uploads\/2024\/11\/6.-Blonde-Balayage-10x12.jpg 10w, https:\/\/flawlesshair.com\/wp-content\/uploads\/2024\/11\/6.-Blonde-Balayage-772x960.jpg 772w, https:\/\/flawlesshair.com\/wp-content\/uploads\/2024\/11\/6.-Blonde-Balayage-869x1080.jpg 869w, https:\/\/flawlesshair.com\/wp-content\/uploads\/2024\/11\/6.-Blonde-Balayage-965x1200.jpg 965w\" sizes=\"auto, (max-width: 760px) calc(100vw - 24px), 720px\"><\/noscript><img loading=\"lazy\" decoding=\"async\" width=\"1124\" height=\"1397\" src=\"https:\/\/flawlesshair.com\/wp-content\/uploads\/2024\/11\/6.-Blonde-Balayage.jpg\" alt=\"Blonde Balayage\" class=\"wp-image-78264 lazyload\" srcset=\"https:\/\/flawlesshair.com\/wp-content\/uploads\/2024\/11\/6.-Blonde-Balayage.jpg 1124w, https:\/\/flawlesshair.com\/wp-content\/uploads\/2024\/11\/6.-Blonde-Balayage-241x300.jpg 241w, https:\/\/flawlesshair.com\/wp-content\/uploads\/2024\/11\/6.-Blonde-Balayage-768x955.jpg 768w, https:\/\/flawlesshair.com\/wp-content\/uploads\/2024\/11\/6.-Blonde-Balayage-10x12.jpg 10w, https:\/\/flawlesshair.com\/wp-content\/uploads\/2024\/11\/6.-Blonde-Balayage-772x960.jpg 772w, https:\/\/flawlesshair.com\/wp-content\/uploads\/2024\/11\/6.-Blonde-Balayage-869x1080.jpg 869w, https:\/\/flawlesshair.com\/wp-content\/uploads\/2024\/11\/6.-Blonde-Balayage-965x1200.jpg 965w\" sizes=\"auto, (max-width: 760px) calc(100vw - 24px), 720px\" data-pin-media=\"https:\/\/flawlesshair.com\/wp-content\/uploads\/2024\/11\/6.-Blonde-Balayage.jpg\" id=\"mv-trellis-img-6\" data-trellis-processed=\"1\"><div style=\"position: absolute; top: 0.5rem; right: 0.75rem;\"> <a href=\"https:\/\/www.pinterest.com\/pin\/create\/button\/\" data-pin-do=\"buttonPin\" data-pin-tall=\"true\" data-pin-url=\"https:\/\/flawlesshair.com\/fr\/coupe-v-cheveux-moyens-avec-degrades\/\" data-pin-media=\"https:\/\/flawlesshair.com\/wp-content\/uploads\/2024\/11\/6.-Blonde-Balayage.jpg\" data-pin-description=\"10 V Cut Medium Hair With Layers Ideas That Are Versatile Enough To Suit Any Style\" rel=\"nofollow noopener\" target=\"_blank\"> <\/a><\/div><\/div><figcaption class=\"wp-element-caption\"><a href=\"https:\/\/www.instagram.com\/sheerperfectionbyalisha\/\" target=\"_blank\" data-type=\"link\" data-id=\"https:\/\/www.instagram.com\/sheerperfectionbyalisha\/\" rel=\"noreferrer noopener nofollow\">@sheerperfectionbyalisha<\/a><\/figcaption><\/figure>\n<\/div>\n\n\n<p>Le balayage blond est consid\u00e9r\u00e9 comme l'une des techniques de coloration les plus \u00e9tonnantes. C'est pourquoi j'ai voulu montrer ce que cela donne avec une coupe en V. Je pense que cette d\u00e9cision recevra des \u00e9loges, quelle que soit la fa\u00e7on dont vous d\u00e9ciderez de la coiffer.<\/p>\n\n\n\n<h2 class=\"wp-block-heading\">7. Coupe en V avec couches d'encadrement des faces<\/h2>\n\n\n<div class=\"wp-block-image\">\n<figure class=\"aligncenter size-full\"><div style=\"position: relative;\"><noscript><img loading=\"lazy\" decoding=\"async\" width=\"1125\" height=\"1389\" src=\"https:\/\/flawlesshair.com\/wp-content\/uploads\/2024\/11\/7.-V-Cut-With-Face-Framing-Layers.jpg\" alt=\"Coupe en V avec couches d&#039;encadrement\" class=\"wp-image-78284\" srcset=\"https:\/\/flawlesshair.com\/wp-content\/uploads\/2024\/11\/7.-V-Cut-With-Face-Framing-Layers.jpg 1125w, https:\/\/flawlesshair.com\/wp-content\/uploads\/2024\/11\/7.-V-Cut-With-Face-Framing-Layers-243x300.jpg 243w, https:\/\/flawlesshair.com\/wp-content\/uploads\/2024\/11\/7.-V-Cut-With-Face-Framing-Layers-768x948.jpg 768w, https:\/\/flawlesshair.com\/wp-content\/uploads\/2024\/11\/7.-V-Cut-With-Face-Framing-Layers-10x12.jpg 10w, https:\/\/flawlesshair.com\/wp-content\/uploads\/2024\/11\/7.-V-Cut-With-Face-Framing-Layers-778x960.jpg 778w, https:\/\/flawlesshair.com\/wp-content\/uploads\/2024\/11\/7.-V-Cut-With-Face-Framing-Layers-875x1080.jpg 875w, https:\/\/flawlesshair.com\/wp-content\/uploads\/2024\/11\/7.-V-Cut-With-Face-Framing-Layers-972x1200.jpg 972w\" sizes=\"auto, (max-width: 760px) calc(100vw - 24px), 720px\"><\/noscript><img loading=\"lazy\" decoding=\"async\" width=\"1125\" height=\"1389\" src=\"https:\/\/flawlesshair.com\/wp-content\/uploads\/2024\/11\/7.-V-Cut-With-Face-Framing-Layers.jpg\" alt=\"Coupe en V avec couches d&#039;encadrement\" class=\"wp-image-78284 lazyload\" srcset=\"https:\/\/flawlesshair.com\/wp-content\/uploads\/2024\/11\/7.-V-Cut-With-Face-Framing-Layers.jpg 1125w, https:\/\/flawlesshair.com\/wp-content\/uploads\/2024\/11\/7.-V-Cut-With-Face-Framing-Layers-243x300.jpg 243w, https:\/\/flawlesshair.com\/wp-content\/uploads\/2024\/11\/7.-V-Cut-With-Face-Framing-Layers-768x948.jpg 768w, https:\/\/flawlesshair.com\/wp-content\/uploads\/2024\/11\/7.-V-Cut-With-Face-Framing-Layers-10x12.jpg 10w, https:\/\/flawlesshair.com\/wp-content\/uploads\/2024\/11\/7.-V-Cut-With-Face-Framing-Layers-778x960.jpg 778w, https:\/\/flawlesshair.com\/wp-content\/uploads\/2024\/11\/7.-V-Cut-With-Face-Framing-Layers-875x1080.jpg 875w, https:\/\/flawlesshair.com\/wp-content\/uploads\/2024\/11\/7.-V-Cut-With-Face-Framing-Layers-972x1200.jpg 972w\" sizes=\"auto, (max-width: 760px) calc(100vw - 24px), 720px\" data-pin-media=\"https:\/\/flawlesshair.com\/wp-content\/uploads\/2024\/11\/7.-V-Cut-With-Face-Framing-Layers.jpg\" id=\"mv-trellis-img-7\" data-trellis-processed=\"1\"><div style=\"position: absolute; top: 0.5rem; right: 0.75rem;\"> <a href=\"https:\/\/www.pinterest.com\/pin\/create\/button\/\" data-pin-do=\"buttonPin\" data-pin-tall=\"true\" data-pin-url=\"https:\/\/flawlesshair.com\/fr\/coupe-v-cheveux-moyens-avec-degrades\/\" data-pin-media=\"https:\/\/flawlesshair.com\/wp-content\/uploads\/2024\/11\/7.-V-Cut-With-Face-Framing-Layers.jpg\" data-pin-description=\"10 V Cut Medium Hair With Layers Ideas That Are Versatile Enough To Suit Any Style\" rel=\"nofollow noopener\" target=\"_blank\"> <\/a><\/div><\/div><figcaption class=\"wp-element-caption\"><a href=\"https:\/\/www.instagram.com\/mercedesrayy.hair\/\" target=\"_blank\" data-type=\"link\" data-id=\"https:\/\/www.instagram.com\/mercedesrayy.hair\/\" rel=\"noreferrer noopener nofollow\">@mercedesrayy.hair<\/a><\/figcaption><\/figure>\n<\/div>\n\n\n<p>L'ajout de couches encadrant le visage rehaussera la beaut\u00e9 de votre coupe en V. Si j'\u00e9tais \u00e0 votre place, je ne perdrais pas de temps et prendrais rapidement rendez-vous chez le coiffeur, en m'inspirant de ce document.<\/p>\n\n\n\n<h2 class=\"wp-block-heading\">8. Coupe en V avec ondes douces<\/h2>\n\n\n<div class=\"wp-block-image\">\n<figure class=\"aligncenter size-full\"><div style=\"position: relative;\"><noscript><img loading=\"lazy\" decoding=\"async\" width=\"1125\" height=\"1400\" src=\"https:\/\/flawlesshair.com\/wp-content\/uploads\/2024\/11\/8.-V-Cut-With-Soft-Waves.jpg\" alt=\"Coupe en V avec ondulations douces\" class=\"wp-image-78294\" srcset=\"https:\/\/flawlesshair.com\/wp-content\/uploads\/2024\/11\/8.-V-Cut-With-Soft-Waves.jpg 1125w, https:\/\/flawlesshair.com\/wp-content\/uploads\/2024\/11\/8.-V-Cut-With-Soft-Waves-241x300.jpg 241w, https:\/\/flawlesshair.com\/wp-content\/uploads\/2024\/11\/8.-V-Cut-With-Soft-Waves-768x956.jpg 768w, https:\/\/flawlesshair.com\/wp-content\/uploads\/2024\/11\/8.-V-Cut-With-Soft-Waves-10x12.jpg 10w, https:\/\/flawlesshair.com\/wp-content\/uploads\/2024\/11\/8.-V-Cut-With-Soft-Waves-771x960.jpg 771w, https:\/\/flawlesshair.com\/wp-content\/uploads\/2024\/11\/8.-V-Cut-With-Soft-Waves-868x1080.jpg 868w, https:\/\/flawlesshair.com\/wp-content\/uploads\/2024\/11\/8.-V-Cut-With-Soft-Waves-964x1200.jpg 964w\" sizes=\"auto, (max-width: 760px) calc(100vw - 24px), 720px\"><\/noscript><img loading=\"lazy\" decoding=\"async\" width=\"1125\" height=\"1400\" src=\"https:\/\/flawlesshair.com\/wp-content\/uploads\/2024\/11\/8.-V-Cut-With-Soft-Waves.jpg\" alt=\"Coupe en V avec ondulations douces\" class=\"wp-image-78294 lazyload\" srcset=\"https:\/\/flawlesshair.com\/wp-content\/uploads\/2024\/11\/8.-V-Cut-With-Soft-Waves.jpg 1125w, https:\/\/flawlesshair.com\/wp-content\/uploads\/2024\/11\/8.-V-Cut-With-Soft-Waves-241x300.jpg 241w, https:\/\/flawlesshair.com\/wp-content\/uploads\/2024\/11\/8.-V-Cut-With-Soft-Waves-768x956.jpg 768w, https:\/\/flawlesshair.com\/wp-content\/uploads\/2024\/11\/8.-V-Cut-With-Soft-Waves-10x12.jpg 10w, https:\/\/flawlesshair.com\/wp-content\/uploads\/2024\/11\/8.-V-Cut-With-Soft-Waves-771x960.jpg 771w, https:\/\/flawlesshair.com\/wp-content\/uploads\/2024\/11\/8.-V-Cut-With-Soft-Waves-868x1080.jpg 868w, https:\/\/flawlesshair.com\/wp-content\/uploads\/2024\/11\/8.-V-Cut-With-Soft-Waves-964x1200.jpg 964w\" sizes=\"auto, (max-width: 760px) calc(100vw - 24px), 720px\" data-pin-media=\"https:\/\/flawlesshair.com\/wp-content\/uploads\/2024\/11\/8.-V-Cut-With-Soft-Waves.jpg\" id=\"mv-trellis-img-8\" data-trellis-processed=\"1\"><div style=\"position: absolute; top: 0.5rem; right: 0.75rem;\"> <a href=\"https:\/\/www.pinterest.com\/pin\/create\/button\/\" data-pin-do=\"buttonPin\" data-pin-tall=\"true\" data-pin-url=\"https:\/\/flawlesshair.com\/fr\/coupe-v-cheveux-moyens-avec-degrades\/\" data-pin-media=\"https:\/\/flawlesshair.com\/wp-content\/uploads\/2024\/11\/8.-V-Cut-With-Soft-Waves.jpg\" data-pin-description=\"10 V Cut Medium Hair With Layers Ideas That Are Versatile Enough To Suit Any Style\" rel=\"nofollow noopener\" target=\"_blank\"> <\/a><\/div><\/div><figcaption class=\"wp-element-caption\"><a href=\"https:\/\/www.instagram.com\/hair_by_kayleylight\/\" target=\"_blank\" data-type=\"link\" data-id=\"https:\/\/www.instagram.com\/hair_by_kayleylight\/\" rel=\"noreferrer noopener nofollow\">@hair_by_kayleylight<\/a><\/figcaption><\/figure>\n<\/div>\n\n\n<p>J'aimerais vous montrer une technique pour cr\u00e9er des cheveux doux et ondul\u00e9s qui peuvent \u00eatre utilis\u00e9s pour donner du style. Ces ondulations se marient bien avec toutes les couleurs de cheveux, mais elles s'accordent particuli\u00e8rement bien avec les nuances de bleu. Il s'agit d'une option fiable qui ne manquera pas de rehausser votre look.<\/p>\n\n\n\n<h2 class=\"wp-block-heading\">9. Coupe en V moyenne au chocolat et au champagne<\/h2>\n\n\n<div class=\"wp-block-image\">\n<figure class=\"aligncenter size-full\"><div style=\"position: relative;\"><noscript><img loading=\"lazy\" decoding=\"async\" width=\"1124\" height=\"1393\" src=\"https:\/\/flawlesshair.com\/wp-content\/uploads\/2024\/11\/9.-Chocolate-And-Champagne-Medium-V-Cut.jpg\" alt=\"Coupe en V moyenne au chocolat et au champagne\" class=\"wp-image-78296\" srcset=\"https:\/\/flawlesshair.com\/wp-content\/uploads\/2024\/11\/9.-Chocolate-And-Champagne-Medium-V-Cut.jpg 1124w, https:\/\/flawlesshair.com\/wp-content\/uploads\/2024\/11\/9.-Chocolate-And-Champagne-Medium-V-Cut-242x300.jpg 242w, https:\/\/flawlesshair.com\/wp-content\/uploads\/2024\/11\/9.-Chocolate-And-Champagne-Medium-V-Cut-768x952.jpg 768w, https:\/\/flawlesshair.com\/wp-content\/uploads\/2024\/11\/9.-Chocolate-And-Champagne-Medium-V-Cut-10x12.jpg 10w, https:\/\/flawlesshair.com\/wp-content\/uploads\/2024\/11\/9.-Chocolate-And-Champagne-Medium-V-Cut-775x960.jpg 775w, https:\/\/flawlesshair.com\/wp-content\/uploads\/2024\/11\/9.-Chocolate-And-Champagne-Medium-V-Cut-871x1080.jpg 871w, https:\/\/flawlesshair.com\/wp-content\/uploads\/2024\/11\/9.-Chocolate-And-Champagne-Medium-V-Cut-968x1200.jpg 968w\" sizes=\"auto, (max-width: 760px) calc(100vw - 24px), 720px\"><\/noscript><img loading=\"lazy\" decoding=\"async\" width=\"1124\" height=\"1393\" src=\"https:\/\/flawlesshair.com\/wp-content\/uploads\/2024\/11\/9.-Chocolate-And-Champagne-Medium-V-Cut.jpg\" alt=\"Coupe en V moyenne au chocolat et au champagne\" class=\"wp-image-78296 lazyload\" srcset=\"https:\/\/flawlesshair.com\/wp-content\/uploads\/2024\/11\/9.-Chocolate-And-Champagne-Medium-V-Cut.jpg 1124w, https:\/\/flawlesshair.com\/wp-content\/uploads\/2024\/11\/9.-Chocolate-And-Champagne-Medium-V-Cut-242x300.jpg 242w, https:\/\/flawlesshair.com\/wp-content\/uploads\/2024\/11\/9.-Chocolate-And-Champagne-Medium-V-Cut-768x952.jpg 768w, https:\/\/flawlesshair.com\/wp-content\/uploads\/2024\/11\/9.-Chocolate-And-Champagne-Medium-V-Cut-10x12.jpg 10w, https:\/\/flawlesshair.com\/wp-content\/uploads\/2024\/11\/9.-Chocolate-And-Champagne-Medium-V-Cut-775x960.jpg 775w, https:\/\/flawlesshair.com\/wp-content\/uploads\/2024\/11\/9.-Chocolate-And-Champagne-Medium-V-Cut-871x1080.jpg 871w, https:\/\/flawlesshair.com\/wp-content\/uploads\/2024\/11\/9.-Chocolate-And-Champagne-Medium-V-Cut-968x1200.jpg 968w\" sizes=\"auto, (max-width: 760px) calc(100vw - 24px), 720px\" data-pin-media=\"https:\/\/flawlesshair.com\/wp-content\/uploads\/2024\/11\/9.-Chocolate-And-Champagne-Medium-V-Cut.jpg\" id=\"mv-trellis-img-9\" data-trellis-processed=\"1\"><div style=\"position: absolute; top: 0.5rem; right: 0.75rem;\"> <a href=\"https:\/\/www.pinterest.com\/pin\/create\/button\/\" data-pin-do=\"buttonPin\" data-pin-tall=\"true\" data-pin-url=\"https:\/\/flawlesshair.com\/fr\/coupe-v-cheveux-moyens-avec-degrades\/\" data-pin-media=\"https:\/\/flawlesshair.com\/wp-content\/uploads\/2024\/11\/9.-Chocolate-And-Champagne-Medium-V-Cut.jpg\" data-pin-description=\"10 V Cut Medium Hair With Layers Ideas That Are Versatile Enough To Suit Any Style\" rel=\"nofollow noopener\" target=\"_blank\"> <\/a><\/div><\/div><figcaption class=\"wp-element-caption\"><a href=\"http:\/\/instagram.com\/hairartistrybytawny\/\" target=\"_blank\" data-type=\"link\" data-id=\"instagram.com\/hairartistrybytawny\/\" rel=\"noreferrer noopener nofollow\">@hairartistrybytawny<\/a><\/figcaption><\/figure>\n<\/div>\n\n\n<p>Les tons chocolat et champagne s'accordent \u00e0 merveille avec tous les types de cheveux. J'ai voulu montrer \u00e0 quel point ils peuvent \u00eatre \u00e9blouissants avec une coupe en V. Cette combinaison gagnante ne manquera pas de vous \u00e9merveiller, vous et votre entourage.<\/p>\n\n\n\n<h2 class=\"wp-block-heading\">10. Coupe en V<\/h2>\n\n\n<div class=\"wp-block-image\">\n<figure class=\"aligncenter size-full\"><div style=\"position: relative;\"><noscript><img loading=\"lazy\" decoding=\"async\" width=\"1125\" height=\"1115\" src=\"https:\/\/flawlesshair.com\/wp-content\/uploads\/2024\/11\/10.-Blowout-V-Cut.jpg\" alt=\"Coupe en V\" class=\"wp-image-78298\" srcset=\"https:\/\/flawlesshair.com\/wp-content\/uploads\/2024\/11\/10.-Blowout-V-Cut.jpg 1125w, https:\/\/flawlesshair.com\/wp-content\/uploads\/2024\/11\/10.-Blowout-V-Cut-300x297.jpg 300w, https:\/\/flawlesshair.com\/wp-content\/uploads\/2024\/11\/10.-Blowout-V-Cut-150x150.jpg 150w, https:\/\/flawlesshair.com\/wp-content\/uploads\/2024\/11\/10.-Blowout-V-Cut-768x761.jpg 768w, https:\/\/flawlesshair.com\/wp-content\/uploads\/2024\/11\/10.-Blowout-V-Cut-12x12.jpg 12w, https:\/\/flawlesshair.com\/wp-content\/uploads\/2024\/11\/10.-Blowout-V-Cut-960x951.jpg 960w, https:\/\/flawlesshair.com\/wp-content\/uploads\/2024\/11\/10.-Blowout-V-Cut-1080x1070.jpg 1080w\" sizes=\"auto, (max-width: 760px) calc(100vw - 24px), 720px\"><\/noscript><img loading=\"lazy\" decoding=\"async\" width=\"1125\" height=\"1115\" src=\"https:\/\/flawlesshair.com\/wp-content\/uploads\/2024\/11\/10.-Blowout-V-Cut.jpg\" alt=\"Coupe en V\" class=\"wp-image-78298 lazyload\" srcset=\"https:\/\/flawlesshair.com\/wp-content\/uploads\/2024\/11\/10.-Blowout-V-Cut.jpg 1125w, https:\/\/flawlesshair.com\/wp-content\/uploads\/2024\/11\/10.-Blowout-V-Cut-300x297.jpg 300w, https:\/\/flawlesshair.com\/wp-content\/uploads\/2024\/11\/10.-Blowout-V-Cut-150x150.jpg 150w, https:\/\/flawlesshair.com\/wp-content\/uploads\/2024\/11\/10.-Blowout-V-Cut-768x761.jpg 768w, https:\/\/flawlesshair.com\/wp-content\/uploads\/2024\/11\/10.-Blowout-V-Cut-12x12.jpg 12w, https:\/\/flawlesshair.com\/wp-content\/uploads\/2024\/11\/10.-Blowout-V-Cut-960x951.jpg 960w, https:\/\/flawlesshair.com\/wp-content\/uploads\/2024\/11\/10.-Blowout-V-Cut-1080x1070.jpg 1080w\" sizes=\"auto, (max-width: 760px) calc(100vw - 24px), 720px\" data-pin-media=\"https:\/\/flawlesshair.com\/wp-content\/uploads\/2024\/11\/10.-Blowout-V-Cut.jpg\" id=\"mv-trellis-img-10\" data-trellis-processed=\"1\"><div style=\"position: absolute; top: 0.5rem; right: 0.75rem;\"> <a href=\"https:\/\/www.pinterest.com\/pin\/create\/button\/\" data-pin-do=\"buttonPin\" data-pin-tall=\"true\" data-pin-url=\"https:\/\/flawlesshair.com\/fr\/coupe-v-cheveux-moyens-avec-degrades\/\" data-pin-media=\"https:\/\/flawlesshair.com\/wp-content\/uploads\/2024\/11\/10.-Blowout-V-Cut.jpg\" data-pin-description=\"10 V Cut Medium Hair With Layers Ideas That Are Versatile Enough To Suit Any Style\" rel=\"nofollow noopener\" target=\"_blank\"> <\/a><\/div><\/div><figcaption class=\"wp-element-caption\"><a href=\"https:\/\/www.instagram.com\/moshi.salon\/\" target=\"_blank\" data-type=\"link\" data-id=\"https:\/\/www.instagram.com\/moshi.salon\/\" rel=\"noreferrer noopener nofollow\">@moshi.salon<\/a><\/figcaption><\/figure>\n<\/div>\n\n\n<p>L'un de mes meilleurs choix de coiffure est le magnifique brushing en V. Cette coiffure est parfaite pour les cheveux de longueur moyenne et peut \u00eatre facilement r\u00e9alis\u00e9e. Ce look est parfait pour les cheveux de longueur moyenne et peut \u00eatre facilement r\u00e9alis\u00e9. Que vous sortiez le jour ou la nuit, cette coiffure vous mettra en valeur.<\/p>\n\n\n\n<p><\/p>","protected":false},"excerpt":{"rendered":"<p>Nous voulons toutes une coiffure polyvalente, \u00e9l\u00e9gante et facile \u00e0 entretenir, et la coupe en V des cheveux moyens avec des d\u00e9grad\u00e9s r\u00e9pond \u00e0 ces crit\u00e8res ...<\/p>","protected":false},"author":5,"featured_media":78301,"comment_status":"closed","ping_status":"closed","sticky":false,"template":"","format":"standard","meta":{"syndication_tool_enabled":true,"syndication_tool_title":"","syndication_tool_excerpt":"","syndication_tool_featured_image":0,"syndication_tool_publish_date":"","syndication_tool_schema_types":["gallery"],"syndication_tool_backlink_enable":false,"syndication_tool_ai_disclosure_enable":false,"disable-in-feed":false,"article-schema-type":"","disable-critical-css":false,"footnotes":""},"categories":[25],"tags":[],"class_list":["post-78120","post","type-post","status-publish","format-standard","has-post-thumbnail","hentry","category-cuts"],"_links":{"self":[{"href":"https:\/\/flawlesshair.com\/fr\/wp-json\/wp\/v2\/posts\/78120","targetHints":{"allow":["GET"]}}],"collection":[{"href":"https:\/\/flawlesshair.com\/fr\/wp-json\/wp\/v2\/posts"}],"about":[{"href":"https:\/\/flawlesshair.com\/fr\/wp-json\/wp\/v2\/types\/post"}],"author":[{"embeddable":true,"href":"https:\/\/flawlesshair.com\/fr\/wp-json\/wp\/v2\/users\/5"}],"replies":[{"embeddable":true,"href":"https:\/\/flawlesshair.com\/fr\/wp-json\/wp\/v2\/comments?post=78120"}],"version-history":[{"count":0,"href":"https:\/\/flawlesshair.com\/fr\/wp-json\/wp\/v2\/posts\/78120\/revisions"}],"wp:featuredmedia":[{"embeddable":true,"href":"https:\/\/flawlesshair.com\/fr\/wp-json\/wp\/v2\/media\/78301"}],"wp:attachment":[{"href":"https:\/\/flawlesshair.com\/fr\/wp-json\/wp\/v2\/media?parent=78120"}],"wp:term":[{"taxonomy":"category","embeddable":true,"href":"https:\/\/flawlesshair.com\/fr\/wp-json\/wp\/v2\/categories?post=78120"},{"taxonomy":"post_tag","embeddable":true,"href":"https:\/\/flawlesshair.com\/fr\/wp-json\/wp\/v2\/tags?post=78120"}],"curies":[{"name":"wp","href":"https:\/\/api.w.org\/{rel}","templated":true}]}}