{"id":29220,"date":"2024-12-17T13:00:00","date_gmt":"2024-12-17T12:00:00","guid":{"rendered":"https:\/\/flawlesshair.com\/?p=29220"},"modified":"2024-12-16T22:01:00","modified_gmt":"2024-12-16T21:01:00","slug":"strati-che-incorniciano-il-viso-capelli-lunghi","status":"publish","type":"post","link":"https:\/\/flawlesshair.com\/it\/strati-che-incorniciano-il-viso-capelli-lunghi\/","title":{"rendered":"22 strati per incorniciare il viso da provare per i capelli lunghi"},"content":{"rendered":"<style>img#mv-trellis-img-1::before{padding-top:125%; }img#mv-trellis-img-1{display:block;}img#mv-trellis-img-2::before{padding-top:109.44444444444%; }img#mv-trellis-img-2{display:block;}img#mv-trellis-img-3::before{padding-top:125%; }img#mv-trellis-img-3{display:block;}img#mv-trellis-img-4::before{padding-top:125.09259259259%; }img#mv-trellis-img-4{display:block;}img#mv-trellis-img-5::before{padding-top:125%; }img#mv-trellis-img-5{display:block;}img#mv-trellis-img-6::before{padding-top:124.90740740741%; }img#mv-trellis-img-6{display:block;}img#mv-trellis-img-7::before{padding-top:125%; }img#mv-trellis-img-7{display:block;}img#mv-trellis-img-8::before{padding-top:125%; }img#mv-trellis-img-8{display:block;}img#mv-trellis-img-9::before{padding-top:108.7962962963%; }img#mv-trellis-img-9{display:block;}img#mv-trellis-img-10::before{padding-top:125.09259259259%; }img#mv-trellis-img-10{display:block;}img#mv-trellis-img-11::before{padding-top:125%; }img#mv-trellis-img-11{display:block;}img#mv-trellis-img-12::before{padding-top:107.68518518519%; }img#mv-trellis-img-12{display:block;}img#mv-trellis-img-13::before{padding-top:125%; }img#mv-trellis-img-13{display:block;}img#mv-trellis-img-14::before{padding-top:125.09259259259%; }img#mv-trellis-img-14{display:block;}img#mv-trellis-img-15::before{padding-top:125%; }img#mv-trellis-img-15{display:block;}img#mv-trellis-img-16::before{padding-top:125%; }img#mv-trellis-img-16{display:block;}img#mv-trellis-img-17::before{padding-top:124.90740740741%; }img#mv-trellis-img-17{display:block;}img#mv-trellis-img-18::before{padding-top:125%; }img#mv-trellis-img-18{display:block;}img#mv-trellis-img-19::before{padding-top:75%; }img#mv-trellis-img-19{display:block;}img#mv-trellis-img-20::before{padding-top:125%; }img#mv-trellis-img-20{display:block;}img#mv-trellis-img-21::before{padding-top:124.90740740741%; }img#mv-trellis-img-21{display:block;}img#mv-trellis-img-22::before{padding-top:115.18518518519%; }img#mv-trellis-img-22{display:block;}<\/style>\n<p>Volete fare un'ottima prima impressione? Scegliete strati di capelli lunghi che incorniciano il viso e che sono assolutamente meravigliosi. Perch\u00e9, vi chiederete? Beh, \u00e8 psicologicamente provato che le donne con questa acconciatura appaiono pi\u00f9 amichevoli e avvicinabili. Dall'eleganza senza tempo alle affermazioni pi\u00f9 audaci, questi stili sono realizzati per esaltare i tratti del viso e far risplendere la vostra personalit\u00e0. <\/p>\n\n\n\n<h2 class=\"wp-block-heading\">1. Strati a cascata che incorniciano il viso su capelli lunghissimi<\/h2>\n\n\n<div class=\"wp-block-image\">\n<figure class=\"aligncenter size-full\"><div style=\"position: relative;\"><noscript><img loading=\"lazy\" decoding=\"async\" width=\"1080\" height=\"1350\" src=\"https:\/\/flawlesshair.com\/wp-content\/uploads\/2023\/11\/face-framing-cascading-layers-on-ultra-long-hair.jpg\" alt=\"strati a cascata che incorniciano il viso su capelli lunghissimi\" class=\"wp-image-29317\" srcset=\"https:\/\/flawlesshair.com\/wp-content\/uploads\/2023\/11\/face-framing-cascading-layers-on-ultra-long-hair.jpg 1080w, https:\/\/flawlesshair.com\/wp-content\/uploads\/2023\/11\/face-framing-cascading-layers-on-ultra-long-hair-240x300.jpg 240w, https:\/\/flawlesshair.com\/wp-content\/uploads\/2023\/11\/face-framing-cascading-layers-on-ultra-long-hair-768x960.jpg 768w, https:\/\/flawlesshair.com\/wp-content\/uploads\/2023\/11\/face-framing-cascading-layers-on-ultra-long-hair-10x12.jpg 10w, https:\/\/flawlesshair.com\/wp-content\/uploads\/2023\/11\/face-framing-cascading-layers-on-ultra-long-hair-864x1080.jpg 864w, https:\/\/flawlesshair.com\/wp-content\/uploads\/2023\/11\/face-framing-cascading-layers-on-ultra-long-hair-960x1200.jpg 960w\" sizes=\"auto, (max-width: 760px) calc(100vw - 24px), 720px\"><\/noscript><img loading=\"eager\" decoding=\"async\" width=\"1080\" height=\"1350\" src=\"data:image\/svg+xml,%3Csvg%20xmlns='http:\/\/www.w3.org\/2000\/svg'%20viewBox='0%200%201080%201350'%3E%3Crect%20width='1080'%20height='1350'%20style='fill:%23e3e3e3'\/%3E%3C\/svg%3E\" alt=\"strati a cascata che incorniciano il viso su capelli lunghissimi\" class=\"wp-image-29317 eager-load\" sizes=\"auto, (max-width: 760px) calc(100vw - 24px), 720px\" data-pin-media=\"https:\/\/flawlesshair.com\/wp-content\/uploads\/2023\/11\/face-framing-cascading-layers-on-ultra-long-hair.jpg\" id=\"mv-trellis-img-1\" data-src=\"https:\/\/flawlesshair.com\/wp-content\/uploads\/2023\/11\/face-framing-cascading-layers-on-ultra-long-hair.jpg\" data-srcset=\"https:\/\/flawlesshair.com\/wp-content\/uploads\/2023\/11\/face-framing-cascading-layers-on-ultra-long-hair.jpg 1080w, https:\/\/flawlesshair.com\/wp-content\/uploads\/2023\/11\/face-framing-cascading-layers-on-ultra-long-hair-240x300.jpg 240w, https:\/\/flawlesshair.com\/wp-content\/uploads\/2023\/11\/face-framing-cascading-layers-on-ultra-long-hair-768x960.jpg 768w, https:\/\/flawlesshair.com\/wp-content\/uploads\/2023\/11\/face-framing-cascading-layers-on-ultra-long-hair-10x12.jpg 10w, https:\/\/flawlesshair.com\/wp-content\/uploads\/2023\/11\/face-framing-cascading-layers-on-ultra-long-hair-864x1080.jpg 864w, https:\/\/flawlesshair.com\/wp-content\/uploads\/2023\/11\/face-framing-cascading-layers-on-ultra-long-hair-960x1200.jpg 960w\" data-svg=\"1\" data-trellis-processed=\"1\"><div style=\"position: absolute; top: 0.5rem; right: 0.75rem;\"> <a href=\"https:\/\/www.pinterest.com\/pin\/create\/button\/\" data-pin-do=\"buttonPin\" data-pin-tall=\"true\" data-pin-url=\"https:\/\/flawlesshair.com\/it\/strati-che-incorniciano-il-viso-capelli-lunghi\/\" data-pin-media=\"https:\/\/flawlesshair.com\/wp-content\/uploads\/2023\/11\/face-framing-cascading-layers-on-ultra-long-hair.jpg\" data-pin-description=\"22 Must-Try Face Framing Layers For Long Hair\" rel=\"nofollow noopener\" target=\"_blank\"> <\/a><\/div><\/div><figcaption class=\"wp-element-caption\">@<a href=\"https:\/\/www.instagram.com\/ahappyjustin\/?e=b3d242d5-84c2-47bb-ba38-4eea47740342&amp;g=5\" target=\"_blank\" rel=\"noreferrer noopener nofollow\">ahappyjustin<\/a><\/figcaption><\/figure>\n<\/div>\n\n\n<p>Questo stile anni '90 \u00e8 una scelta meravigliosa per i capelli lunghissimi. La caduta a cascata degli strati aggiunge un tocco di eleganza allo stile ventilato e rende l'intero look molto elegante.<\/p>\n\n\n\n<h2 class=\"wp-block-heading\">2. Illusione in oro rosa <\/h2>\n\n\n<div class=\"wp-block-image\">\n<figure class=\"aligncenter size-full\"><div style=\"position: relative;\"><noscript><img loading=\"lazy\" decoding=\"async\" width=\"1080\" height=\"1182\" src=\"https:\/\/flawlesshair.com\/wp-content\/uploads\/2023\/11\/rose-gold-hair-with-layerd-frames.jpg\" alt=\"capelli oro rosa con montatura a strati\" class=\"wp-image-29320\" srcset=\"https:\/\/flawlesshair.com\/wp-content\/uploads\/2023\/11\/rose-gold-hair-with-layerd-frames.jpg 1080w, https:\/\/flawlesshair.com\/wp-content\/uploads\/2023\/11\/rose-gold-hair-with-layerd-frames-274x300.jpg 274w, https:\/\/flawlesshair.com\/wp-content\/uploads\/2023\/11\/rose-gold-hair-with-layerd-frames-768x841.jpg 768w, https:\/\/flawlesshair.com\/wp-content\/uploads\/2023\/11\/rose-gold-hair-with-layerd-frames-11x12.jpg 11w, https:\/\/flawlesshair.com\/wp-content\/uploads\/2023\/11\/rose-gold-hair-with-layerd-frames-877x960.jpg 877w, https:\/\/flawlesshair.com\/wp-content\/uploads\/2023\/11\/rose-gold-hair-with-layerd-frames-987x1080.jpg 987w\" sizes=\"auto, (max-width: 760px) calc(100vw - 24px), 720px\"><\/noscript><img loading=\"lazy\" decoding=\"async\" width=\"1080\" height=\"1182\" src=\"https:\/\/flawlesshair.com\/wp-content\/uploads\/2023\/11\/rose-gold-hair-with-layerd-frames.jpg\" alt=\"capelli oro rosa con montatura a strati\" class=\"wp-image-29320 lazyload\" srcset=\"https:\/\/flawlesshair.com\/wp-content\/uploads\/2023\/11\/rose-gold-hair-with-layerd-frames.jpg 1080w, https:\/\/flawlesshair.com\/wp-content\/uploads\/2023\/11\/rose-gold-hair-with-layerd-frames-274x300.jpg 274w, https:\/\/flawlesshair.com\/wp-content\/uploads\/2023\/11\/rose-gold-hair-with-layerd-frames-768x841.jpg 768w, https:\/\/flawlesshair.com\/wp-content\/uploads\/2023\/11\/rose-gold-hair-with-layerd-frames-11x12.jpg 11w, https:\/\/flawlesshair.com\/wp-content\/uploads\/2023\/11\/rose-gold-hair-with-layerd-frames-877x960.jpg 877w, https:\/\/flawlesshair.com\/wp-content\/uploads\/2023\/11\/rose-gold-hair-with-layerd-frames-987x1080.jpg 987w\" sizes=\"auto, (max-width: 760px) calc(100vw - 24px), 720px\" data-pin-media=\"https:\/\/flawlesshair.com\/wp-content\/uploads\/2023\/11\/rose-gold-hair-with-layerd-frames.jpg\" id=\"mv-trellis-img-2\" data-trellis-processed=\"1\"><div style=\"position: absolute; top: 0.5rem; right: 0.75rem;\"> <a href=\"https:\/\/www.pinterest.com\/pin\/create\/button\/\" data-pin-do=\"buttonPin\" data-pin-tall=\"true\" data-pin-url=\"https:\/\/flawlesshair.com\/it\/strati-che-incorniciano-il-viso-capelli-lunghi\/\" data-pin-media=\"https:\/\/flawlesshair.com\/wp-content\/uploads\/2023\/11\/rose-gold-hair-with-layerd-frames.jpg\" data-pin-description=\"22 Must-Try Face Framing Layers For Long Hair\" rel=\"nofollow noopener\" target=\"_blank\"> <\/a><\/div><\/div><figcaption class=\"wp-element-caption\">@<a href=\"https:\/\/www.instagram.com\/guy_tang\/?hl=en\" target=\"_blank\" rel=\"noreferrer noopener nofollow\">ragazzo_tang<\/a><\/figcaption><\/figure>\n<\/div>\n\n\n<p>Non c'\u00e8 niente di meglio di una frangia laterale e di onde sciolte per rendere i capelli cos\u00ec splendidi. Aggiungete i toni dell'oro rosa e otterrete un look moderno e di tendenza che suscita invidia.<\/p>\n\n\n\n<h2 class=\"wp-block-heading\">3. Capelli stratificati per il viso <\/h2>\n\n\n<div class=\"wp-block-image\">\n<figure class=\"aligncenter size-full is-resized\"><div style=\"position: relative;\"><noscript><img loading=\"lazy\" decoding=\"async\" width=\"1080\" height=\"1350\" src=\"https:\/\/flawlesshair.com\/wp-content\/uploads\/2023\/11\/brunette-with-face-framing-layers.jpg\" alt=\"bruna con strati che incorniciano il viso\" class=\"wp-image-29331\" style=\"width:840px;height:auto\" srcset=\"https:\/\/flawlesshair.com\/wp-content\/uploads\/2023\/11\/brunette-with-face-framing-layers.jpg 1080w, https:\/\/flawlesshair.com\/wp-content\/uploads\/2023\/11\/brunette-with-face-framing-layers-240x300.jpg 240w, https:\/\/flawlesshair.com\/wp-content\/uploads\/2023\/11\/brunette-with-face-framing-layers-768x960.jpg 768w, https:\/\/flawlesshair.com\/wp-content\/uploads\/2023\/11\/brunette-with-face-framing-layers-10x12.jpg 10w, https:\/\/flawlesshair.com\/wp-content\/uploads\/2023\/11\/brunette-with-face-framing-layers-864x1080.jpg 864w, https:\/\/flawlesshair.com\/wp-content\/uploads\/2023\/11\/brunette-with-face-framing-layers-960x1200.jpg 960w\" sizes=\"auto, (max-width: 760px) calc(100vw - 24px), 720px\"><\/noscript><img loading=\"lazy\" decoding=\"async\" width=\"1080\" height=\"1350\" src=\"https:\/\/flawlesshair.com\/wp-content\/uploads\/2023\/11\/brunette-with-face-framing-layers.jpg\" alt=\"bruna con strati che incorniciano il viso\" class=\"wp-image-29331 lazyload\" style=\"width:840px;height:auto\" srcset=\"https:\/\/flawlesshair.com\/wp-content\/uploads\/2023\/11\/brunette-with-face-framing-layers.jpg 1080w, https:\/\/flawlesshair.com\/wp-content\/uploads\/2023\/11\/brunette-with-face-framing-layers-240x300.jpg 240w, https:\/\/flawlesshair.com\/wp-content\/uploads\/2023\/11\/brunette-with-face-framing-layers-768x960.jpg 768w, https:\/\/flawlesshair.com\/wp-content\/uploads\/2023\/11\/brunette-with-face-framing-layers-10x12.jpg 10w, https:\/\/flawlesshair.com\/wp-content\/uploads\/2023\/11\/brunette-with-face-framing-layers-864x1080.jpg 864w, https:\/\/flawlesshair.com\/wp-content\/uploads\/2023\/11\/brunette-with-face-framing-layers-960x1200.jpg 960w\" sizes=\"auto, (max-width: 760px) calc(100vw - 24px), 720px\" data-pin-media=\"https:\/\/flawlesshair.com\/wp-content\/uploads\/2023\/11\/brunette-with-face-framing-layers.jpg\" id=\"mv-trellis-img-3\" data-trellis-processed=\"1\"><div style=\"position: absolute; top: 0.5rem; right: 0.75rem;\"> <a href=\"https:\/\/www.pinterest.com\/pin\/create\/button\/\" data-pin-do=\"buttonPin\" data-pin-tall=\"true\" data-pin-url=\"https:\/\/flawlesshair.com\/it\/strati-che-incorniciano-il-viso-capelli-lunghi\/\" data-pin-media=\"https:\/\/flawlesshair.com\/wp-content\/uploads\/2023\/11\/brunette-with-face-framing-layers.jpg\" data-pin-description=\"22 Must-Try Face Framing Layers For Long Hair\" rel=\"nofollow noopener\" target=\"_blank\"> <\/a><\/div><\/div><figcaption class=\"wp-element-caption\">@<a href=\"https:\/\/www.instagram.com\/hairbymickk\/?hl=en\" target=\"_blank\" rel=\"noreferrer noopener nofollow\">hairbymickk<\/a><\/figcaption><\/figure>\n<\/div>\n\n\n<p>Questo look \u00e8 un'espressione di una donna attenta allo stile. Gli strati esaltano i tratti naturali del viso, mentre l'incredibile colore bruno crea un grande contrasto con gli occhi.<\/p>\n\n\n\n<h2 class=\"wp-block-heading\">4. Cornice infuocata su rosso rame<\/h2>\n\n\n<div class=\"wp-block-image\">\n<figure class=\"aligncenter size-full\"><div style=\"position: relative;\"><noscript><img loading=\"lazy\" decoding=\"async\" width=\"1080\" height=\"1351\" src=\"https:\/\/flawlesshair.com\/wp-content\/uploads\/2023\/11\/copper-read-framed-and-textured-hair-.jpg\" alt=\"capelli incorniciati e strutturati in rame\" class=\"wp-image-29339\" srcset=\"https:\/\/flawlesshair.com\/wp-content\/uploads\/2023\/11\/copper-read-framed-and-textured-hair-.jpg 1080w, https:\/\/flawlesshair.com\/wp-content\/uploads\/2023\/11\/copper-read-framed-and-textured-hair--240x300.jpg 240w, https:\/\/flawlesshair.com\/wp-content\/uploads\/2023\/11\/copper-read-framed-and-textured-hair--768x961.jpg 768w, https:\/\/flawlesshair.com\/wp-content\/uploads\/2023\/11\/copper-read-framed-and-textured-hair--10x12.jpg 10w, https:\/\/flawlesshair.com\/wp-content\/uploads\/2023\/11\/copper-read-framed-and-textured-hair--767x960.jpg 767w, https:\/\/flawlesshair.com\/wp-content\/uploads\/2023\/11\/copper-read-framed-and-textured-hair--863x1080.jpg 863w, https:\/\/flawlesshair.com\/wp-content\/uploads\/2023\/11\/copper-read-framed-and-textured-hair--959x1200.jpg 959w\" sizes=\"auto, (max-width: 760px) calc(100vw - 24px), 720px\"><\/noscript><img loading=\"lazy\" decoding=\"async\" width=\"1080\" height=\"1351\" src=\"https:\/\/flawlesshair.com\/wp-content\/uploads\/2023\/11\/copper-read-framed-and-textured-hair-.jpg\" alt=\"capelli incorniciati e strutturati in rame\" class=\"wp-image-29339 lazyload\" srcset=\"https:\/\/flawlesshair.com\/wp-content\/uploads\/2023\/11\/copper-read-framed-and-textured-hair-.jpg 1080w, https:\/\/flawlesshair.com\/wp-content\/uploads\/2023\/11\/copper-read-framed-and-textured-hair--240x300.jpg 240w, https:\/\/flawlesshair.com\/wp-content\/uploads\/2023\/11\/copper-read-framed-and-textured-hair--768x961.jpg 768w, https:\/\/flawlesshair.com\/wp-content\/uploads\/2023\/11\/copper-read-framed-and-textured-hair--10x12.jpg 10w, https:\/\/flawlesshair.com\/wp-content\/uploads\/2023\/11\/copper-read-framed-and-textured-hair--767x960.jpg 767w, https:\/\/flawlesshair.com\/wp-content\/uploads\/2023\/11\/copper-read-framed-and-textured-hair--863x1080.jpg 863w, https:\/\/flawlesshair.com\/wp-content\/uploads\/2023\/11\/copper-read-framed-and-textured-hair--959x1200.jpg 959w\" sizes=\"auto, (max-width: 760px) calc(100vw - 24px), 720px\" data-pin-media=\"https:\/\/flawlesshair.com\/wp-content\/uploads\/2023\/11\/copper-read-framed-and-textured-hair-.jpg\" id=\"mv-trellis-img-4\" data-trellis-processed=\"1\"><div style=\"position: absolute; top: 0.5rem; right: 0.75rem;\"> <a href=\"https:\/\/www.pinterest.com\/pin\/create\/button\/\" data-pin-do=\"buttonPin\" data-pin-tall=\"true\" data-pin-url=\"https:\/\/flawlesshair.com\/it\/strati-che-incorniciano-il-viso-capelli-lunghi\/\" data-pin-media=\"https:\/\/flawlesshair.com\/wp-content\/uploads\/2023\/11\/copper-read-framed-and-textured-hair-.jpg\" data-pin-description=\"22 Must-Try Face Framing Layers For Long Hair\" rel=\"nofollow noopener\" target=\"_blank\"> <\/a><\/div><\/div><figcaption class=\"wp-element-caption\">@<a href=\"https:\/\/www.instagram.com\/meaghanmastersonhair\/?hl=en\" target=\"_blank\" rel=\"noreferrer noopener nofollow\">meaghanmastersonhair<\/a><\/figcaption><\/figure>\n<\/div>\n\n\n<p>Una fantasia di capelli rossi: carnagione chiara e tonalit\u00e0 ramata, di gran classe. Le onde sciolte contornano il suo viso in modo meraviglioso. Questo stile \u00e8 uscito direttamente da Vogue!<\/p>\n\n\n\n<h2 class=\"wp-block-heading\">5. Strati laterali <\/h2>\n\n\n<div class=\"wp-block-image\">\n<figure class=\"aligncenter size-full\"><div style=\"position: relative;\"><noscript><img loading=\"lazy\" decoding=\"async\" width=\"1080\" height=\"1350\" src=\"https:\/\/flawlesshair.com\/wp-content\/uploads\/2023\/11\/longer-bangs-framing-the-face.jpg\" alt=\"frangia pi\u00f9 lunga che incornicia il viso\" class=\"wp-image-29341\" srcset=\"https:\/\/flawlesshair.com\/wp-content\/uploads\/2023\/11\/longer-bangs-framing-the-face.jpg 1080w, https:\/\/flawlesshair.com\/wp-content\/uploads\/2023\/11\/longer-bangs-framing-the-face-240x300.jpg 240w, https:\/\/flawlesshair.com\/wp-content\/uploads\/2023\/11\/longer-bangs-framing-the-face-768x960.jpg 768w, https:\/\/flawlesshair.com\/wp-content\/uploads\/2023\/11\/longer-bangs-framing-the-face-10x12.jpg 10w, https:\/\/flawlesshair.com\/wp-content\/uploads\/2023\/11\/longer-bangs-framing-the-face-864x1080.jpg 864w, https:\/\/flawlesshair.com\/wp-content\/uploads\/2023\/11\/longer-bangs-framing-the-face-960x1200.jpg 960w\" sizes=\"auto, (max-width: 760px) calc(100vw - 24px), 720px\"><\/noscript><img loading=\"lazy\" decoding=\"async\" width=\"1080\" height=\"1350\" src=\"https:\/\/flawlesshair.com\/wp-content\/uploads\/2023\/11\/longer-bangs-framing-the-face.jpg\" alt=\"frangia pi\u00f9 lunga che incornicia il viso\" class=\"wp-image-29341 lazyload\" srcset=\"https:\/\/flawlesshair.com\/wp-content\/uploads\/2023\/11\/longer-bangs-framing-the-face.jpg 1080w, https:\/\/flawlesshair.com\/wp-content\/uploads\/2023\/11\/longer-bangs-framing-the-face-240x300.jpg 240w, https:\/\/flawlesshair.com\/wp-content\/uploads\/2023\/11\/longer-bangs-framing-the-face-768x960.jpg 768w, https:\/\/flawlesshair.com\/wp-content\/uploads\/2023\/11\/longer-bangs-framing-the-face-10x12.jpg 10w, https:\/\/flawlesshair.com\/wp-content\/uploads\/2023\/11\/longer-bangs-framing-the-face-864x1080.jpg 864w, https:\/\/flawlesshair.com\/wp-content\/uploads\/2023\/11\/longer-bangs-framing-the-face-960x1200.jpg 960w\" sizes=\"auto, (max-width: 760px) calc(100vw - 24px), 720px\" data-pin-media=\"https:\/\/flawlesshair.com\/wp-content\/uploads\/2023\/11\/longer-bangs-framing-the-face.jpg\" id=\"mv-trellis-img-5\" data-trellis-processed=\"1\"><div style=\"position: absolute; top: 0.5rem; right: 0.75rem;\"> <a href=\"https:\/\/www.pinterest.com\/pin\/create\/button\/\" data-pin-do=\"buttonPin\" data-pin-tall=\"true\" data-pin-url=\"https:\/\/flawlesshair.com\/it\/strati-che-incorniciano-il-viso-capelli-lunghi\/\" data-pin-media=\"https:\/\/flawlesshair.com\/wp-content\/uploads\/2023\/11\/longer-bangs-framing-the-face.jpg\" data-pin-description=\"22 Must-Try Face Framing Layers For Long Hair\" rel=\"nofollow noopener\" target=\"_blank\"> <\/a><\/div><\/div><figcaption class=\"wp-element-caption\">@<a href=\"https:\/\/www.instagram.com\/hairbycamiladiaz\/\" target=\"_blank\" rel=\"noreferrer noopener nofollow\">capellibycamiladiaz<\/a><\/figcaption><\/figure>\n<\/div>\n\n\n<p>Un taglio fresco, con molti strati che accentuano il viso e un'acconciatura abbondantemente cotonata, dona ai capelli un aspetto lucente e sano. Lisci e senza crespo, cosa si pu\u00f2 chiedere di pi\u00f9 ai capelli?!<\/p>\n\n\n\n<h2 class=\"wp-block-heading\">6. Frangetta Brunette Whisper<\/h2>\n\n\n<div class=\"wp-block-image\">\n<figure class=\"aligncenter size-full\"><div style=\"position: relative;\"><noscript><img loading=\"lazy\" decoding=\"async\" width=\"1080\" height=\"1349\" src=\"https:\/\/flawlesshair.com\/wp-content\/uploads\/2023\/11\/framing-up-with-brunette-highlight.jpg\" alt=\"Strati che incorniciano il viso di una donna bruna\" class=\"wp-image-29342\" srcset=\"https:\/\/flawlesshair.com\/wp-content\/uploads\/2023\/11\/framing-up-with-brunette-highlight.jpg 1080w, https:\/\/flawlesshair.com\/wp-content\/uploads\/2023\/11\/framing-up-with-brunette-highlight-240x300.jpg 240w, https:\/\/flawlesshair.com\/wp-content\/uploads\/2023\/11\/framing-up-with-brunette-highlight-768x959.jpg 768w, https:\/\/flawlesshair.com\/wp-content\/uploads\/2023\/11\/framing-up-with-brunette-highlight-10x12.jpg 10w, https:\/\/flawlesshair.com\/wp-content\/uploads\/2023\/11\/framing-up-with-brunette-highlight-769x960.jpg 769w, https:\/\/flawlesshair.com\/wp-content\/uploads\/2023\/11\/framing-up-with-brunette-highlight-865x1080.jpg 865w, https:\/\/flawlesshair.com\/wp-content\/uploads\/2023\/11\/framing-up-with-brunette-highlight-961x1200.jpg 961w\" sizes=\"auto, (max-width: 760px) calc(100vw - 24px), 720px\"><\/noscript><img loading=\"lazy\" decoding=\"async\" width=\"1080\" height=\"1349\" src=\"https:\/\/flawlesshair.com\/wp-content\/uploads\/2023\/11\/framing-up-with-brunette-highlight.jpg\" alt=\"Strati che incorniciano il viso di una donna bruna\" class=\"wp-image-29342 lazyload\" srcset=\"https:\/\/flawlesshair.com\/wp-content\/uploads\/2023\/11\/framing-up-with-brunette-highlight.jpg 1080w, https:\/\/flawlesshair.com\/wp-content\/uploads\/2023\/11\/framing-up-with-brunette-highlight-240x300.jpg 240w, https:\/\/flawlesshair.com\/wp-content\/uploads\/2023\/11\/framing-up-with-brunette-highlight-768x959.jpg 768w, https:\/\/flawlesshair.com\/wp-content\/uploads\/2023\/11\/framing-up-with-brunette-highlight-10x12.jpg 10w, https:\/\/flawlesshair.com\/wp-content\/uploads\/2023\/11\/framing-up-with-brunette-highlight-769x960.jpg 769w, https:\/\/flawlesshair.com\/wp-content\/uploads\/2023\/11\/framing-up-with-brunette-highlight-865x1080.jpg 865w, https:\/\/flawlesshair.com\/wp-content\/uploads\/2023\/11\/framing-up-with-brunette-highlight-961x1200.jpg 961w\" sizes=\"auto, (max-width: 760px) calc(100vw - 24px), 720px\" data-pin-media=\"https:\/\/flawlesshair.com\/wp-content\/uploads\/2023\/11\/framing-up-with-brunette-highlight.jpg\" id=\"mv-trellis-img-6\" data-trellis-processed=\"1\"><div style=\"position: absolute; top: 0.5rem; right: 0.75rem;\"> <a href=\"https:\/\/www.pinterest.com\/pin\/create\/button\/\" data-pin-do=\"buttonPin\" data-pin-tall=\"true\" data-pin-url=\"https:\/\/flawlesshair.com\/it\/strati-che-incorniciano-il-viso-capelli-lunghi\/\" data-pin-media=\"https:\/\/flawlesshair.com\/wp-content\/uploads\/2023\/11\/framing-up-with-brunette-highlight.jpg\" data-pin-description=\"22 Must-Try Face Framing Layers For Long Hair\" rel=\"nofollow noopener\" target=\"_blank\"> <\/a><\/div><\/div><figcaption class=\"wp-element-caption\">@<a href=\"https:\/\/www.instagram.com\/ahappyjustin\/\" target=\"_blank\" rel=\"noreferrer noopener nofollow\">ahappyjustin<\/a><\/figcaption><\/figure>\n<\/div>\n\n\n<p>La frangia irregolare estesa alle guance su un lato incornicia il viso su un lato e attira l'attenzione sui tratti del viso. Un aspetto sicuramente intrigante e lusinghiero.<\/p>\n\n\n\n<h2 class=\"wp-block-heading\">7. Cornici a strati con taglio a farfalla<\/h2>\n\n\n<div class=\"wp-block-image\">\n<figure class=\"aligncenter size-full is-resized\"><div style=\"position: relative;\"><noscript><img loading=\"lazy\" decoding=\"async\" width=\"1080\" height=\"1350\" src=\"https:\/\/flawlesshair.com\/wp-content\/uploads\/2023\/11\/butterfly-cut-for-layered-frames.jpg\" alt=\"taglio a farfalla e cornici a strati su capelli biondi\" class=\"wp-image-29343\" style=\"width:840px;height:auto\" srcset=\"https:\/\/flawlesshair.com\/wp-content\/uploads\/2023\/11\/butterfly-cut-for-layered-frames.jpg 1080w, https:\/\/flawlesshair.com\/wp-content\/uploads\/2023\/11\/butterfly-cut-for-layered-frames-240x300.jpg 240w, https:\/\/flawlesshair.com\/wp-content\/uploads\/2023\/11\/butterfly-cut-for-layered-frames-768x960.jpg 768w, https:\/\/flawlesshair.com\/wp-content\/uploads\/2023\/11\/butterfly-cut-for-layered-frames-10x12.jpg 10w, https:\/\/flawlesshair.com\/wp-content\/uploads\/2023\/11\/butterfly-cut-for-layered-frames-864x1080.jpg 864w, https:\/\/flawlesshair.com\/wp-content\/uploads\/2023\/11\/butterfly-cut-for-layered-frames-960x1200.jpg 960w\" sizes=\"auto, (max-width: 760px) calc(100vw - 24px), 720px\"><\/noscript><img loading=\"lazy\" decoding=\"async\" width=\"1080\" height=\"1350\" src=\"https:\/\/flawlesshair.com\/wp-content\/uploads\/2023\/11\/butterfly-cut-for-layered-frames.jpg\" alt=\"taglio a farfalla e cornici a strati su capelli biondi\" class=\"wp-image-29343 lazyload\" style=\"width:840px;height:auto\" srcset=\"https:\/\/flawlesshair.com\/wp-content\/uploads\/2023\/11\/butterfly-cut-for-layered-frames.jpg 1080w, https:\/\/flawlesshair.com\/wp-content\/uploads\/2023\/11\/butterfly-cut-for-layered-frames-240x300.jpg 240w, https:\/\/flawlesshair.com\/wp-content\/uploads\/2023\/11\/butterfly-cut-for-layered-frames-768x960.jpg 768w, https:\/\/flawlesshair.com\/wp-content\/uploads\/2023\/11\/butterfly-cut-for-layered-frames-10x12.jpg 10w, https:\/\/flawlesshair.com\/wp-content\/uploads\/2023\/11\/butterfly-cut-for-layered-frames-864x1080.jpg 864w, https:\/\/flawlesshair.com\/wp-content\/uploads\/2023\/11\/butterfly-cut-for-layered-frames-960x1200.jpg 960w\" sizes=\"auto, (max-width: 760px) calc(100vw - 24px), 720px\" data-pin-media=\"https:\/\/flawlesshair.com\/wp-content\/uploads\/2023\/11\/butterfly-cut-for-layered-frames.jpg\" id=\"mv-trellis-img-7\" data-trellis-processed=\"1\"><div style=\"position: absolute; top: 0.5rem; right: 0.75rem;\"> <a href=\"https:\/\/www.pinterest.com\/pin\/create\/button\/\" data-pin-do=\"buttonPin\" data-pin-tall=\"true\" data-pin-url=\"https:\/\/flawlesshair.com\/it\/strati-che-incorniciano-il-viso-capelli-lunghi\/\" data-pin-media=\"https:\/\/flawlesshair.com\/wp-content\/uploads\/2023\/11\/butterfly-cut-for-layered-frames.jpg\" data-pin-description=\"22 Must-Try Face Framing Layers For Long Hair\" rel=\"nofollow noopener\" target=\"_blank\"> <\/a><\/div><\/div><figcaption class=\"wp-element-caption\">@<a href=\"https:\/\/www.instagram.com\/hairbycamiladiaz\/\" target=\"_blank\" rel=\"noreferrer noopener nofollow\">capellibycamiladiaz<\/a><\/figcaption><\/figure>\n<\/div>\n\n\n<p>L'intera attaccatura dei capelli viene schiarita per un look audace. La radice \u00e8 sbavata, per una crescita senza soluzione di continuit\u00e0 e un'attenzione alla bassa manutenzione. Inoltre, il taglio a farfalla completa il viso con un movimento senza sforzo. Impeccabile!<\/p>\n\n\n\n<h2 class=\"wp-block-heading\">8. Taglio accogliente e luminoso<\/h2>\n\n\n<div class=\"wp-block-image\">\n<figure class=\"aligncenter size-full is-resized\"><div style=\"position: relative;\"><noscript><img loading=\"lazy\" decoding=\"async\" width=\"1080\" height=\"1350\" src=\"https:\/\/flawlesshair.com\/wp-content\/uploads\/2023\/11\/Vanilla-blonde-face-frame-layering-.jpg\" alt=\"Capelli biondi vaniglia che incorniciano il viso\" class=\"wp-image-29344\" style=\"width:840px;height:auto\" srcset=\"https:\/\/flawlesshair.com\/wp-content\/uploads\/2023\/11\/Vanilla-blonde-face-frame-layering-.jpg 1080w, https:\/\/flawlesshair.com\/wp-content\/uploads\/2023\/11\/Vanilla-blonde-face-frame-layering--240x300.jpg 240w, https:\/\/flawlesshair.com\/wp-content\/uploads\/2023\/11\/Vanilla-blonde-face-frame-layering--768x960.jpg 768w, https:\/\/flawlesshair.com\/wp-content\/uploads\/2023\/11\/Vanilla-blonde-face-frame-layering--10x12.jpg 10w, https:\/\/flawlesshair.com\/wp-content\/uploads\/2023\/11\/Vanilla-blonde-face-frame-layering--864x1080.jpg 864w, https:\/\/flawlesshair.com\/wp-content\/uploads\/2023\/11\/Vanilla-blonde-face-frame-layering--960x1200.jpg 960w\" sizes=\"auto, (max-width: 760px) calc(100vw - 24px), 720px\"><\/noscript><img loading=\"lazy\" decoding=\"async\" width=\"1080\" height=\"1350\" src=\"https:\/\/flawlesshair.com\/wp-content\/uploads\/2023\/11\/Vanilla-blonde-face-frame-layering-.jpg\" alt=\"Capelli biondi vaniglia che incorniciano il viso\" class=\"wp-image-29344 lazyload\" style=\"width:840px;height:auto\" srcset=\"https:\/\/flawlesshair.com\/wp-content\/uploads\/2023\/11\/Vanilla-blonde-face-frame-layering-.jpg 1080w, https:\/\/flawlesshair.com\/wp-content\/uploads\/2023\/11\/Vanilla-blonde-face-frame-layering--240x300.jpg 240w, https:\/\/flawlesshair.com\/wp-content\/uploads\/2023\/11\/Vanilla-blonde-face-frame-layering--768x960.jpg 768w, https:\/\/flawlesshair.com\/wp-content\/uploads\/2023\/11\/Vanilla-blonde-face-frame-layering--10x12.jpg 10w, https:\/\/flawlesshair.com\/wp-content\/uploads\/2023\/11\/Vanilla-blonde-face-frame-layering--864x1080.jpg 864w, https:\/\/flawlesshair.com\/wp-content\/uploads\/2023\/11\/Vanilla-blonde-face-frame-layering--960x1200.jpg 960w\" sizes=\"auto, (max-width: 760px) calc(100vw - 24px), 720px\" data-pin-media=\"https:\/\/flawlesshair.com\/wp-content\/uploads\/2023\/11\/Vanilla-blonde-face-frame-layering-.jpg\" id=\"mv-trellis-img-8\" data-trellis-processed=\"1\"><div style=\"position: absolute; top: 0.5rem; right: 0.75rem;\"> <a href=\"https:\/\/www.pinterest.com\/pin\/create\/button\/\" data-pin-do=\"buttonPin\" data-pin-tall=\"true\" data-pin-url=\"https:\/\/flawlesshair.com\/it\/strati-che-incorniciano-il-viso-capelli-lunghi\/\" data-pin-media=\"https:\/\/flawlesshair.com\/wp-content\/uploads\/2023\/11\/Vanilla-blonde-face-frame-layering-.jpg\" data-pin-description=\"22 Must-Try Face Framing Layers For Long Hair\" rel=\"nofollow noopener\" target=\"_blank\"> <\/a><\/div><\/div><figcaption class=\"wp-element-caption\">@<a href=\"https:\/\/www.instagram.com\/hairbycamiladiaz\/\" target=\"_blank\" rel=\"noreferrer noopener nofollow\">capellibycamiladiaz<\/a><\/figcaption><\/figure>\n<\/div>\n\n\n<p>Una tonalit\u00e0 di biondo pi\u00f9 calda \u00e8 fatta per la stagione autunnale e un taglio perfetto con una stratificazione che definisce. Un look sottile che ammorbidisce i lineamenti e la fa sembrare cos\u00ec coccolosa.<\/p>\n\n\n\n<h2 class=\"wp-block-heading\">9. Incorniciate con frange e strati&nbsp;<\/h2>\n\n\n<div class=\"wp-block-image\">\n<figure class=\"aligncenter size-full\"><div style=\"position: relative;\"><noscript><img loading=\"lazy\" decoding=\"async\" width=\"1080\" height=\"1175\" src=\"https:\/\/flawlesshair.com\/wp-content\/uploads\/2023\/11\/frame-up-with-bangs-and-layers.jpg\" alt=\"incorniciate da frange e strati\" class=\"wp-image-29346\" srcset=\"https:\/\/flawlesshair.com\/wp-content\/uploads\/2023\/11\/frame-up-with-bangs-and-layers.jpg 1080w, https:\/\/flawlesshair.com\/wp-content\/uploads\/2023\/11\/frame-up-with-bangs-and-layers-276x300.jpg 276w, https:\/\/flawlesshair.com\/wp-content\/uploads\/2023\/11\/frame-up-with-bangs-and-layers-768x836.jpg 768w, https:\/\/flawlesshair.com\/wp-content\/uploads\/2023\/11\/frame-up-with-bangs-and-layers-11x12.jpg 11w, https:\/\/flawlesshair.com\/wp-content\/uploads\/2023\/11\/frame-up-with-bangs-and-layers-882x960.jpg 882w, https:\/\/flawlesshair.com\/wp-content\/uploads\/2023\/11\/frame-up-with-bangs-and-layers-993x1080.jpg 993w\" sizes=\"auto, (max-width: 760px) calc(100vw - 24px), 720px\"><\/noscript><img loading=\"lazy\" decoding=\"async\" width=\"1080\" height=\"1175\" src=\"https:\/\/flawlesshair.com\/wp-content\/uploads\/2023\/11\/frame-up-with-bangs-and-layers.jpg\" alt=\"incorniciate da frange e strati\" class=\"wp-image-29346 lazyload\" srcset=\"https:\/\/flawlesshair.com\/wp-content\/uploads\/2023\/11\/frame-up-with-bangs-and-layers.jpg 1080w, https:\/\/flawlesshair.com\/wp-content\/uploads\/2023\/11\/frame-up-with-bangs-and-layers-276x300.jpg 276w, https:\/\/flawlesshair.com\/wp-content\/uploads\/2023\/11\/frame-up-with-bangs-and-layers-768x836.jpg 768w, https:\/\/flawlesshair.com\/wp-content\/uploads\/2023\/11\/frame-up-with-bangs-and-layers-11x12.jpg 11w, https:\/\/flawlesshair.com\/wp-content\/uploads\/2023\/11\/frame-up-with-bangs-and-layers-882x960.jpg 882w, https:\/\/flawlesshair.com\/wp-content\/uploads\/2023\/11\/frame-up-with-bangs-and-layers-993x1080.jpg 993w\" sizes=\"auto, (max-width: 760px) calc(100vw - 24px), 720px\" data-pin-media=\"https:\/\/flawlesshair.com\/wp-content\/uploads\/2023\/11\/frame-up-with-bangs-and-layers.jpg\" id=\"mv-trellis-img-9\" data-trellis-processed=\"1\"><div style=\"position: absolute; top: 0.5rem; right: 0.75rem;\"> <a href=\"https:\/\/www.pinterest.com\/pin\/create\/button\/\" data-pin-do=\"buttonPin\" data-pin-tall=\"true\" data-pin-url=\"https:\/\/flawlesshair.com\/it\/strati-che-incorniciano-il-viso-capelli-lunghi\/\" data-pin-media=\"https:\/\/flawlesshair.com\/wp-content\/uploads\/2023\/11\/frame-up-with-bangs-and-layers.jpg\" data-pin-description=\"22 Must-Try Face Framing Layers For Long Hair\" rel=\"nofollow noopener\" target=\"_blank\"> <\/a><\/div><\/div><figcaption class=\"wp-element-caption\">@<a href=\"https:\/\/www.instagram.com\/angieedoesmyhair\/\" target=\"_blank\" rel=\"noreferrer noopener nofollow\">angieedoesmyhair<\/a><\/figcaption><\/figure>\n<\/div>\n\n\n<p>La morbida stratificazione mette in risalto il viso e conferisce un'atmosfera amichevole e felice. Oh e il <a href=\"https:\/\/flawlesshair.com\/it\/capelli-lunghi-con-frangia\/\">frangia sui capelli lunghi<\/a> sono una cornice evidente ed efficace per il viso. Questa \u00e8 un'acconciatura dorata e stratificata.<\/p>\n\n\n\n<h2 class=\"wp-block-heading\">10. Frange segrete <\/h2>\n\n\n<div class=\"wp-block-image\">\n<figure class=\"aligncenter size-full\"><div style=\"position: relative;\"><noscript><img loading=\"lazy\" decoding=\"async\" width=\"1080\" height=\"1351\" src=\"https:\/\/flawlesshair.com\/wp-content\/uploads\/2023\/11\/hair-covering-the-eye.jpg\" alt=\"contornare gli strati di capelli che coprono l&#039;occhio\" class=\"wp-image-29347\" srcset=\"https:\/\/flawlesshair.com\/wp-content\/uploads\/2023\/11\/hair-covering-the-eye.jpg 1080w, https:\/\/flawlesshair.com\/wp-content\/uploads\/2023\/11\/hair-covering-the-eye-240x300.jpg 240w, https:\/\/flawlesshair.com\/wp-content\/uploads\/2023\/11\/hair-covering-the-eye-768x961.jpg 768w, https:\/\/flawlesshair.com\/wp-content\/uploads\/2023\/11\/hair-covering-the-eye-10x12.jpg 10w, https:\/\/flawlesshair.com\/wp-content\/uploads\/2023\/11\/hair-covering-the-eye-767x960.jpg 767w, https:\/\/flawlesshair.com\/wp-content\/uploads\/2023\/11\/hair-covering-the-eye-863x1080.jpg 863w, https:\/\/flawlesshair.com\/wp-content\/uploads\/2023\/11\/hair-covering-the-eye-959x1200.jpg 959w\" sizes=\"auto, (max-width: 760px) calc(100vw - 24px), 720px\"><\/noscript><img loading=\"lazy\" decoding=\"async\" width=\"1080\" height=\"1351\" src=\"https:\/\/flawlesshair.com\/wp-content\/uploads\/2023\/11\/hair-covering-the-eye.jpg\" alt=\"contornare gli strati di capelli che coprono l&#039;occhio\" class=\"wp-image-29347 lazyload\" srcset=\"https:\/\/flawlesshair.com\/wp-content\/uploads\/2023\/11\/hair-covering-the-eye.jpg 1080w, https:\/\/flawlesshair.com\/wp-content\/uploads\/2023\/11\/hair-covering-the-eye-240x300.jpg 240w, https:\/\/flawlesshair.com\/wp-content\/uploads\/2023\/11\/hair-covering-the-eye-768x961.jpg 768w, https:\/\/flawlesshair.com\/wp-content\/uploads\/2023\/11\/hair-covering-the-eye-10x12.jpg 10w, https:\/\/flawlesshair.com\/wp-content\/uploads\/2023\/11\/hair-covering-the-eye-767x960.jpg 767w, https:\/\/flawlesshair.com\/wp-content\/uploads\/2023\/11\/hair-covering-the-eye-863x1080.jpg 863w, https:\/\/flawlesshair.com\/wp-content\/uploads\/2023\/11\/hair-covering-the-eye-959x1200.jpg 959w\" sizes=\"auto, (max-width: 760px) calc(100vw - 24px), 720px\" data-pin-media=\"https:\/\/flawlesshair.com\/wp-content\/uploads\/2023\/11\/hair-covering-the-eye.jpg\" id=\"mv-trellis-img-10\" data-trellis-processed=\"1\"><div style=\"position: absolute; top: 0.5rem; right: 0.75rem;\"> <a href=\"https:\/\/www.pinterest.com\/pin\/create\/button\/\" data-pin-do=\"buttonPin\" data-pin-tall=\"true\" data-pin-url=\"https:\/\/flawlesshair.com\/it\/strati-che-incorniciano-il-viso-capelli-lunghi\/\" data-pin-media=\"https:\/\/flawlesshair.com\/wp-content\/uploads\/2023\/11\/hair-covering-the-eye.jpg\" data-pin-description=\"22 Must-Try Face Framing Layers For Long Hair\" rel=\"nofollow noopener\" target=\"_blank\"> <\/a><\/div><\/div><figcaption class=\"wp-element-caption\">@<a href=\"https:\/\/www.instagram.com\/meaghanmastersonhair\/?hl=en\" target=\"_blank\" rel=\"noreferrer noopener nofollow\">meaghanmastersonhair<\/a><\/figcaption><\/figure>\n<\/div>\n\n\n<p>Un occhio coperto, il viso incorniciato e il colore rosso sulla pelle chiara danno un effetto di evidenziazione del viso che \u00e8 una vera ispirazione. \u00c8 uno stile che dice: \"Sono bella e non sono per tutti\".<\/p>\n\n\n\n<h2 class=\"wp-block-heading\">11.  Dimensioni morbide <\/h2>\n\n\n<div class=\"wp-block-image\">\n<figure class=\"aligncenter size-full\"><div style=\"position: relative;\"><noscript><img loading=\"lazy\" decoding=\"async\" width=\"1080\" height=\"1350\" src=\"https:\/\/flawlesshair.com\/wp-content\/uploads\/2023\/11\/curtain-bangs-framing.jpg\" alt=\"dimensioni morbide inquadramento del viso \" class=\"wp-image-29387\" srcset=\"https:\/\/flawlesshair.com\/wp-content\/uploads\/2023\/11\/curtain-bangs-framing.jpg 1080w, https:\/\/flawlesshair.com\/wp-content\/uploads\/2023\/11\/curtain-bangs-framing-240x300.jpg 240w, https:\/\/flawlesshair.com\/wp-content\/uploads\/2023\/11\/curtain-bangs-framing-768x960.jpg 768w, https:\/\/flawlesshair.com\/wp-content\/uploads\/2023\/11\/curtain-bangs-framing-10x12.jpg 10w, https:\/\/flawlesshair.com\/wp-content\/uploads\/2023\/11\/curtain-bangs-framing-864x1080.jpg 864w, https:\/\/flawlesshair.com\/wp-content\/uploads\/2023\/11\/curtain-bangs-framing-960x1200.jpg 960w\" sizes=\"auto, (max-width: 760px) calc(100vw - 24px), 720px\"><\/noscript><img loading=\"lazy\" decoding=\"async\" width=\"1080\" height=\"1350\" src=\"https:\/\/flawlesshair.com\/wp-content\/uploads\/2023\/11\/curtain-bangs-framing.jpg\" alt=\"dimensioni morbide inquadramento del viso \" class=\"wp-image-29387 lazyload\" srcset=\"https:\/\/flawlesshair.com\/wp-content\/uploads\/2023\/11\/curtain-bangs-framing.jpg 1080w, https:\/\/flawlesshair.com\/wp-content\/uploads\/2023\/11\/curtain-bangs-framing-240x300.jpg 240w, https:\/\/flawlesshair.com\/wp-content\/uploads\/2023\/11\/curtain-bangs-framing-768x960.jpg 768w, https:\/\/flawlesshair.com\/wp-content\/uploads\/2023\/11\/curtain-bangs-framing-10x12.jpg 10w, https:\/\/flawlesshair.com\/wp-content\/uploads\/2023\/11\/curtain-bangs-framing-864x1080.jpg 864w, https:\/\/flawlesshair.com\/wp-content\/uploads\/2023\/11\/curtain-bangs-framing-960x1200.jpg 960w\" sizes=\"auto, (max-width: 760px) calc(100vw - 24px), 720px\" data-pin-media=\"https:\/\/flawlesshair.com\/wp-content\/uploads\/2023\/11\/curtain-bangs-framing.jpg\" id=\"mv-trellis-img-11\" data-trellis-processed=\"1\"><div style=\"position: absolute; top: 0.5rem; right: 0.75rem;\"> <a href=\"https:\/\/www.pinterest.com\/pin\/create\/button\/\" data-pin-do=\"buttonPin\" data-pin-tall=\"true\" data-pin-url=\"https:\/\/flawlesshair.com\/it\/strati-che-incorniciano-il-viso-capelli-lunghi\/\" data-pin-media=\"https:\/\/flawlesshair.com\/wp-content\/uploads\/2023\/11\/curtain-bangs-framing.jpg\" data-pin-description=\"22 Must-Try Face Framing Layers For Long Hair\" rel=\"nofollow noopener\" target=\"_blank\"> <\/a><\/div><\/div><figcaption class=\"wp-element-caption\">@<a href=\"https:\/\/www.instagram.com\/hairbymickk\/?hl=en\" target=\"_blank\" rel=\"noreferrer noopener nofollow\">hairbymickk<\/a><\/figcaption><\/figure>\n<\/div>\n\n\n<p>I grandi capelli biondi con lunghi strati a cascata tagliati in modo da valorizzare il viso sono davvero un obiettivo per i capelli. Il look non \u00e8 solo bello, ma trasmette anche una vibrazione \"sono accessibile\".<\/p>\n\n\n\n<h2 class=\"wp-block-heading\">12. Colore dei capelli rosso rame e taglio a strati<\/h2>\n\n\n<div class=\"wp-block-image\">\n<figure class=\"aligncenter size-full\"><div style=\"position: relative;\"><noscript><img loading=\"lazy\" decoding=\"async\" width=\"1080\" height=\"1163\" src=\"https:\/\/flawlesshair.com\/wp-content\/uploads\/2023\/11\/layers-on-layers-on-redhead.jpg\" alt=\"colore dei capelli rosso rame e taglio a strati\" class=\"wp-image-29388\" srcset=\"https:\/\/flawlesshair.com\/wp-content\/uploads\/2023\/11\/layers-on-layers-on-redhead.jpg 1080w, https:\/\/flawlesshair.com\/wp-content\/uploads\/2023\/11\/layers-on-layers-on-redhead-279x300.jpg 279w, https:\/\/flawlesshair.com\/wp-content\/uploads\/2023\/11\/layers-on-layers-on-redhead-768x827.jpg 768w, https:\/\/flawlesshair.com\/wp-content\/uploads\/2023\/11\/layers-on-layers-on-redhead-11x12.jpg 11w, https:\/\/flawlesshair.com\/wp-content\/uploads\/2023\/11\/layers-on-layers-on-redhead-891x960.jpg 891w, https:\/\/flawlesshair.com\/wp-content\/uploads\/2023\/11\/layers-on-layers-on-redhead-1003x1080.jpg 1003w\" sizes=\"auto, (max-width: 760px) calc(100vw - 24px), 720px\"><\/noscript><img loading=\"lazy\" decoding=\"async\" width=\"1080\" height=\"1163\" src=\"https:\/\/flawlesshair.com\/wp-content\/uploads\/2023\/11\/layers-on-layers-on-redhead.jpg\" alt=\"colore dei capelli rosso rame e taglio a strati\" class=\"wp-image-29388 lazyload\" srcset=\"https:\/\/flawlesshair.com\/wp-content\/uploads\/2023\/11\/layers-on-layers-on-redhead.jpg 1080w, https:\/\/flawlesshair.com\/wp-content\/uploads\/2023\/11\/layers-on-layers-on-redhead-279x300.jpg 279w, https:\/\/flawlesshair.com\/wp-content\/uploads\/2023\/11\/layers-on-layers-on-redhead-768x827.jpg 768w, https:\/\/flawlesshair.com\/wp-content\/uploads\/2023\/11\/layers-on-layers-on-redhead-11x12.jpg 11w, https:\/\/flawlesshair.com\/wp-content\/uploads\/2023\/11\/layers-on-layers-on-redhead-891x960.jpg 891w, https:\/\/flawlesshair.com\/wp-content\/uploads\/2023\/11\/layers-on-layers-on-redhead-1003x1080.jpg 1003w\" sizes=\"auto, (max-width: 760px) calc(100vw - 24px), 720px\" data-pin-media=\"https:\/\/flawlesshair.com\/wp-content\/uploads\/2023\/11\/layers-on-layers-on-redhead.jpg\" id=\"mv-trellis-img-12\" data-trellis-processed=\"1\"><div style=\"position: absolute; top: 0.5rem; right: 0.75rem;\"> <a href=\"https:\/\/www.pinterest.com\/pin\/create\/button\/\" data-pin-do=\"buttonPin\" data-pin-tall=\"true\" data-pin-url=\"https:\/\/flawlesshair.com\/it\/strati-che-incorniciano-il-viso-capelli-lunghi\/\" data-pin-media=\"https:\/\/flawlesshair.com\/wp-content\/uploads\/2023\/11\/layers-on-layers-on-redhead.jpg\" data-pin-description=\"22 Must-Try Face Framing Layers For Long Hair\" rel=\"nofollow noopener\" target=\"_blank\"> <\/a><\/div><\/div><figcaption class=\"wp-element-caption\">@<a href=\"https:\/\/www.instagram.com\/angieedoesmyhair\/\" target=\"_blank\" rel=\"noreferrer noopener nofollow\">angieedoesmyhair<\/a><\/figcaption><\/figure>\n<\/div>\n\n\n<p>Un'acconciatura che valorizza i tratti del viso. Incredibile! Combinando il flusso naturale dei capelli, <a href=\"https:\/\/flawlesshair.com\/it\/frangia-a-tenda-per-capelli-lunghi\/\">frange di tende a fili sottili<\/a> e la freschezza del rosso rame, si ottiene un look sorprendente.<\/p>\n\n\n\n<h2 class=\"wp-block-heading\">13. Shag biondo fragola&nbsp;<\/h2>\n\n\n<div class=\"wp-block-image\">\n<figure class=\"aligncenter size-full\"><div style=\"position: relative;\"><noscript><img loading=\"lazy\" decoding=\"async\" width=\"1080\" height=\"1350\" src=\"https:\/\/flawlesshair.com\/wp-content\/uploads\/2023\/11\/strawberry-blonde-shag.jpg\" alt=\"shag biondo fragola\" class=\"wp-image-29394\" srcset=\"https:\/\/flawlesshair.com\/wp-content\/uploads\/2023\/11\/strawberry-blonde-shag.jpg 1080w, https:\/\/flawlesshair.com\/wp-content\/uploads\/2023\/11\/strawberry-blonde-shag-240x300.jpg 240w, https:\/\/flawlesshair.com\/wp-content\/uploads\/2023\/11\/strawberry-blonde-shag-768x960.jpg 768w, https:\/\/flawlesshair.com\/wp-content\/uploads\/2023\/11\/strawberry-blonde-shag-10x12.jpg 10w, https:\/\/flawlesshair.com\/wp-content\/uploads\/2023\/11\/strawberry-blonde-shag-864x1080.jpg 864w, https:\/\/flawlesshair.com\/wp-content\/uploads\/2023\/11\/strawberry-blonde-shag-960x1200.jpg 960w\" sizes=\"auto, (max-width: 760px) calc(100vw - 24px), 720px\"><\/noscript><img loading=\"lazy\" decoding=\"async\" width=\"1080\" height=\"1350\" src=\"https:\/\/flawlesshair.com\/wp-content\/uploads\/2023\/11\/strawberry-blonde-shag.jpg\" alt=\"shag biondo fragola\" class=\"wp-image-29394 lazyload\" srcset=\"https:\/\/flawlesshair.com\/wp-content\/uploads\/2023\/11\/strawberry-blonde-shag.jpg 1080w, https:\/\/flawlesshair.com\/wp-content\/uploads\/2023\/11\/strawberry-blonde-shag-240x300.jpg 240w, https:\/\/flawlesshair.com\/wp-content\/uploads\/2023\/11\/strawberry-blonde-shag-768x960.jpg 768w, https:\/\/flawlesshair.com\/wp-content\/uploads\/2023\/11\/strawberry-blonde-shag-10x12.jpg 10w, https:\/\/flawlesshair.com\/wp-content\/uploads\/2023\/11\/strawberry-blonde-shag-864x1080.jpg 864w, https:\/\/flawlesshair.com\/wp-content\/uploads\/2023\/11\/strawberry-blonde-shag-960x1200.jpg 960w\" sizes=\"auto, (max-width: 760px) calc(100vw - 24px), 720px\" data-pin-media=\"https:\/\/flawlesshair.com\/wp-content\/uploads\/2023\/11\/strawberry-blonde-shag.jpg\" id=\"mv-trellis-img-13\" data-trellis-processed=\"1\"><div style=\"position: absolute; top: 0.5rem; right: 0.75rem;\"> <a href=\"https:\/\/www.pinterest.com\/pin\/create\/button\/\" data-pin-do=\"buttonPin\" data-pin-tall=\"true\" data-pin-url=\"https:\/\/flawlesshair.com\/it\/strati-che-incorniciano-il-viso-capelli-lunghi\/\" data-pin-media=\"https:\/\/flawlesshair.com\/wp-content\/uploads\/2023\/11\/strawberry-blonde-shag.jpg\" data-pin-description=\"22 Must-Try Face Framing Layers For Long Hair\" rel=\"nofollow noopener\" target=\"_blank\"> <\/a><\/div><\/div><figcaption class=\"wp-element-caption\">@<a href=\"https:\/\/www.instagram.com\/behindthechair_com\/\" target=\"_blank\" rel=\"noreferrer noopener nofollow\">dietro la sedia_com<\/a><\/figcaption><\/figure>\n<\/div>\n\n\n<p>Tra tutti gli stili che incorniciano il viso, lo shag \u00e8 davvero senza tempo e adattabile. Questo stile ha un'atmosfera boh\u00e9mien, da \"go-with-the-flow\". Oh, e il colore \u00e8 assolutamente stupefacente!<\/p>\n\n\n\n<h2 class=\"wp-block-heading\">14.  Tre strati<\/h2>\n\n\n<div class=\"wp-block-image\">\n<figure class=\"aligncenter size-full\"><div style=\"position: relative;\"><noscript><img loading=\"lazy\" decoding=\"async\" width=\"1080\" height=\"1351\" src=\"https:\/\/flawlesshair.com\/wp-content\/uploads\/2023\/11\/three-layers-haircut.jpg\" alt=\"taglio di capelli a tre strati\" class=\"wp-image-29396\" srcset=\"https:\/\/flawlesshair.com\/wp-content\/uploads\/2023\/11\/three-layers-haircut.jpg 1080w, https:\/\/flawlesshair.com\/wp-content\/uploads\/2023\/11\/three-layers-haircut-240x300.jpg 240w, https:\/\/flawlesshair.com\/wp-content\/uploads\/2023\/11\/three-layers-haircut-768x961.jpg 768w, https:\/\/flawlesshair.com\/wp-content\/uploads\/2023\/11\/three-layers-haircut-10x12.jpg 10w, https:\/\/flawlesshair.com\/wp-content\/uploads\/2023\/11\/three-layers-haircut-767x960.jpg 767w, https:\/\/flawlesshair.com\/wp-content\/uploads\/2023\/11\/three-layers-haircut-863x1080.jpg 863w, https:\/\/flawlesshair.com\/wp-content\/uploads\/2023\/11\/three-layers-haircut-959x1200.jpg 959w\" sizes=\"auto, (max-width: 760px) calc(100vw - 24px), 720px\"><\/noscript><img loading=\"lazy\" decoding=\"async\" width=\"1080\" height=\"1351\" src=\"https:\/\/flawlesshair.com\/wp-content\/uploads\/2023\/11\/three-layers-haircut.jpg\" alt=\"taglio di capelli a tre strati\" class=\"wp-image-29396 lazyload\" srcset=\"https:\/\/flawlesshair.com\/wp-content\/uploads\/2023\/11\/three-layers-haircut.jpg 1080w, https:\/\/flawlesshair.com\/wp-content\/uploads\/2023\/11\/three-layers-haircut-240x300.jpg 240w, https:\/\/flawlesshair.com\/wp-content\/uploads\/2023\/11\/three-layers-haircut-768x961.jpg 768w, https:\/\/flawlesshair.com\/wp-content\/uploads\/2023\/11\/three-layers-haircut-10x12.jpg 10w, https:\/\/flawlesshair.com\/wp-content\/uploads\/2023\/11\/three-layers-haircut-767x960.jpg 767w, https:\/\/flawlesshair.com\/wp-content\/uploads\/2023\/11\/three-layers-haircut-863x1080.jpg 863w, https:\/\/flawlesshair.com\/wp-content\/uploads\/2023\/11\/three-layers-haircut-959x1200.jpg 959w\" sizes=\"auto, (max-width: 760px) calc(100vw - 24px), 720px\" data-pin-media=\"https:\/\/flawlesshair.com\/wp-content\/uploads\/2023\/11\/three-layers-haircut.jpg\" id=\"mv-trellis-img-14\" data-trellis-processed=\"1\"><div style=\"position: absolute; top: 0.5rem; right: 0.75rem;\"> <a href=\"https:\/\/www.pinterest.com\/pin\/create\/button\/\" data-pin-do=\"buttonPin\" data-pin-tall=\"true\" data-pin-url=\"https:\/\/flawlesshair.com\/it\/strati-che-incorniciano-il-viso-capelli-lunghi\/\" data-pin-media=\"https:\/\/flawlesshair.com\/wp-content\/uploads\/2023\/11\/three-layers-haircut.jpg\" data-pin-description=\"22 Must-Try Face Framing Layers For Long Hair\" rel=\"nofollow noopener\" target=\"_blank\"> <\/a><\/div><\/div><figcaption class=\"wp-element-caption\">@<a href=\"https:\/\/www.instagram.com\/meaghanmastersonhair\/?hl=en\" target=\"_blank\" rel=\"noreferrer noopener nofollow\">meaghanmastersonhair<\/a><\/figcaption><\/figure>\n<\/div>\n\n\n<p>Un'acconciatura decisamente alla moda che si fa notare. \u00c8 una versione del taglio \"medusa\". Inoltre, questi colori esaltano l'acconciatura per rendere questo look NEXT LEVEL!<\/p>\n\n\n\n<h2 class=\"wp-block-heading\">15. Taglio a farfalla Miscela fredda beige<\/h2>\n\n\n<div class=\"wp-block-image\">\n<figure class=\"aligncenter size-full\"><div style=\"position: relative;\"><noscript><img loading=\"lazy\" decoding=\"async\" width=\"1080\" height=\"1350\" src=\"https:\/\/flawlesshair.com\/wp-content\/uploads\/2023\/11\/butterfly-cut-cool-beige-blend.jpg\" alt=\"taglio a farfalla colore beige misto\" class=\"wp-image-29397\" srcset=\"https:\/\/flawlesshair.com\/wp-content\/uploads\/2023\/11\/butterfly-cut-cool-beige-blend.jpg 1080w, https:\/\/flawlesshair.com\/wp-content\/uploads\/2023\/11\/butterfly-cut-cool-beige-blend-240x300.jpg 240w, https:\/\/flawlesshair.com\/wp-content\/uploads\/2023\/11\/butterfly-cut-cool-beige-blend-768x960.jpg 768w, https:\/\/flawlesshair.com\/wp-content\/uploads\/2023\/11\/butterfly-cut-cool-beige-blend-10x12.jpg 10w, https:\/\/flawlesshair.com\/wp-content\/uploads\/2023\/11\/butterfly-cut-cool-beige-blend-864x1080.jpg 864w, https:\/\/flawlesshair.com\/wp-content\/uploads\/2023\/11\/butterfly-cut-cool-beige-blend-960x1200.jpg 960w\" sizes=\"auto, (max-width: 760px) calc(100vw - 24px), 720px\"><\/noscript><img loading=\"lazy\" decoding=\"async\" width=\"1080\" height=\"1350\" src=\"https:\/\/flawlesshair.com\/wp-content\/uploads\/2023\/11\/butterfly-cut-cool-beige-blend.jpg\" alt=\"taglio a farfalla colore beige misto\" class=\"wp-image-29397 lazyload\" srcset=\"https:\/\/flawlesshair.com\/wp-content\/uploads\/2023\/11\/butterfly-cut-cool-beige-blend.jpg 1080w, https:\/\/flawlesshair.com\/wp-content\/uploads\/2023\/11\/butterfly-cut-cool-beige-blend-240x300.jpg 240w, https:\/\/flawlesshair.com\/wp-content\/uploads\/2023\/11\/butterfly-cut-cool-beige-blend-768x960.jpg 768w, https:\/\/flawlesshair.com\/wp-content\/uploads\/2023\/11\/butterfly-cut-cool-beige-blend-10x12.jpg 10w, https:\/\/flawlesshair.com\/wp-content\/uploads\/2023\/11\/butterfly-cut-cool-beige-blend-864x1080.jpg 864w, https:\/\/flawlesshair.com\/wp-content\/uploads\/2023\/11\/butterfly-cut-cool-beige-blend-960x1200.jpg 960w\" sizes=\"auto, (max-width: 760px) calc(100vw - 24px), 720px\" data-pin-media=\"https:\/\/flawlesshair.com\/wp-content\/uploads\/2023\/11\/butterfly-cut-cool-beige-blend.jpg\" id=\"mv-trellis-img-15\" data-trellis-processed=\"1\"><div style=\"position: absolute; top: 0.5rem; right: 0.75rem;\"> <a href=\"https:\/\/www.pinterest.com\/pin\/create\/button\/\" data-pin-do=\"buttonPin\" data-pin-tall=\"true\" data-pin-url=\"https:\/\/flawlesshair.com\/it\/strati-che-incorniciano-il-viso-capelli-lunghi\/\" data-pin-media=\"https:\/\/flawlesshair.com\/wp-content\/uploads\/2023\/11\/butterfly-cut-cool-beige-blend.jpg\" data-pin-description=\"22 Must-Try Face Framing Layers For Long Hair\" rel=\"nofollow noopener\" target=\"_blank\"> <\/a><\/div><\/div><figcaption class=\"wp-element-caption\">@<a href=\"https:\/\/www.instagram.com\/hairbycamiladiaz\/\" target=\"_blank\" rel=\"noreferrer noopener nofollow\">capellibycamiladiaz<\/a><\/figcaption><\/figure>\n<\/div>\n\n\n<p>Il taglio a farfalla \u00e8 uno dei pi\u00f9 <a href=\"https:\/\/flawlesshair.com\/it\/taglio-di-capelli-lungo\/\">tagli di capelli lunghi popolari<\/a> e possiamo capire perch\u00e9. D\u00e0 ai capelli pi\u00f9 movimento e volume. Inoltre, il colore \u00e8 un biondo brillante e di grande impatto, ma a bassa manutenzione, proprio come prescritto dal \"dottore dei capelli\".<\/p>\n\n\n\n<h2 class=\"wp-block-heading\">16. Definizione dell'esplosione<\/h2>\n\n\n<div class=\"wp-block-image\">\n<figure class=\"aligncenter size-full\"><div style=\"position: relative;\"><noscript><img loading=\"lazy\" decoding=\"async\" width=\"1080\" height=\"1350\" src=\"https:\/\/flawlesshair.com\/wp-content\/uploads\/2023\/11\/blowout-frames.jpg\" alt=\"cornici per l&#039;esplosione\" class=\"wp-image-29398\" srcset=\"https:\/\/flawlesshair.com\/wp-content\/uploads\/2023\/11\/blowout-frames.jpg 1080w, https:\/\/flawlesshair.com\/wp-content\/uploads\/2023\/11\/blowout-frames-240x300.jpg 240w, https:\/\/flawlesshair.com\/wp-content\/uploads\/2023\/11\/blowout-frames-768x960.jpg 768w, https:\/\/flawlesshair.com\/wp-content\/uploads\/2023\/11\/blowout-frames-10x12.jpg 10w, https:\/\/flawlesshair.com\/wp-content\/uploads\/2023\/11\/blowout-frames-864x1080.jpg 864w, https:\/\/flawlesshair.com\/wp-content\/uploads\/2023\/11\/blowout-frames-960x1200.jpg 960w\" sizes=\"auto, (max-width: 760px) calc(100vw - 24px), 720px\"><\/noscript><img loading=\"lazy\" decoding=\"async\" width=\"1080\" height=\"1350\" src=\"https:\/\/flawlesshair.com\/wp-content\/uploads\/2023\/11\/blowout-frames.jpg\" alt=\"cornici per l&#039;esplosione\" class=\"wp-image-29398 lazyload\" srcset=\"https:\/\/flawlesshair.com\/wp-content\/uploads\/2023\/11\/blowout-frames.jpg 1080w, https:\/\/flawlesshair.com\/wp-content\/uploads\/2023\/11\/blowout-frames-240x300.jpg 240w, https:\/\/flawlesshair.com\/wp-content\/uploads\/2023\/11\/blowout-frames-768x960.jpg 768w, https:\/\/flawlesshair.com\/wp-content\/uploads\/2023\/11\/blowout-frames-10x12.jpg 10w, https:\/\/flawlesshair.com\/wp-content\/uploads\/2023\/11\/blowout-frames-864x1080.jpg 864w, https:\/\/flawlesshair.com\/wp-content\/uploads\/2023\/11\/blowout-frames-960x1200.jpg 960w\" sizes=\"auto, (max-width: 760px) calc(100vw - 24px), 720px\" data-pin-media=\"https:\/\/flawlesshair.com\/wp-content\/uploads\/2023\/11\/blowout-frames.jpg\" id=\"mv-trellis-img-16\" data-trellis-processed=\"1\"><div style=\"position: absolute; top: 0.5rem; right: 0.75rem;\"> <a href=\"https:\/\/www.pinterest.com\/pin\/create\/button\/\" data-pin-do=\"buttonPin\" data-pin-tall=\"true\" data-pin-url=\"https:\/\/flawlesshair.com\/it\/strati-che-incorniciano-il-viso-capelli-lunghi\/\" data-pin-media=\"https:\/\/flawlesshair.com\/wp-content\/uploads\/2023\/11\/blowout-frames.jpg\" data-pin-description=\"22 Must-Try Face Framing Layers For Long Hair\" rel=\"nofollow noopener\" target=\"_blank\"> <\/a><\/div><\/div><figcaption class=\"wp-element-caption\">@<a href=\"https:\/\/www.instagram.com\/mane_ivy\/\" target=\"_blank\" rel=\"noreferrer noopener nofollow\">mane_ivy<\/a><\/figcaption><\/figure>\n<\/div>\n\n\n<p>Dio benedica chi ha inventato il blowout! I capelli appaiono voluminosi e pieni e si adattano a diverse forme di viso incorniciandole magnificamente. <\/p>\n\n\n\n<h2 class=\"wp-block-heading\">17. Polvere di pesca taglio farfalla<\/h2>\n\n\n<div class=\"wp-block-image\">\n<figure class=\"aligncenter size-full\"><div style=\"position: relative;\"><noscript><img loading=\"lazy\" decoding=\"async\" width=\"1080\" height=\"1349\" src=\"https:\/\/flawlesshair.com\/wp-content\/uploads\/2023\/11\/powdered-peach-butterfly-cut.jpg\" alt=\"polvere di pesca tagliata a farfalla\" class=\"wp-image-29399\" srcset=\"https:\/\/flawlesshair.com\/wp-content\/uploads\/2023\/11\/powdered-peach-butterfly-cut.jpg 1080w, https:\/\/flawlesshair.com\/wp-content\/uploads\/2023\/11\/powdered-peach-butterfly-cut-240x300.jpg 240w, https:\/\/flawlesshair.com\/wp-content\/uploads\/2023\/11\/powdered-peach-butterfly-cut-768x959.jpg 768w, https:\/\/flawlesshair.com\/wp-content\/uploads\/2023\/11\/powdered-peach-butterfly-cut-10x12.jpg 10w, https:\/\/flawlesshair.com\/wp-content\/uploads\/2023\/11\/powdered-peach-butterfly-cut-769x960.jpg 769w, https:\/\/flawlesshair.com\/wp-content\/uploads\/2023\/11\/powdered-peach-butterfly-cut-865x1080.jpg 865w, https:\/\/flawlesshair.com\/wp-content\/uploads\/2023\/11\/powdered-peach-butterfly-cut-961x1200.jpg 961w\" sizes=\"auto, (max-width: 760px) calc(100vw - 24px), 720px\"><\/noscript><img loading=\"lazy\" decoding=\"async\" width=\"1080\" height=\"1349\" src=\"https:\/\/flawlesshair.com\/wp-content\/uploads\/2023\/11\/powdered-peach-butterfly-cut.jpg\" alt=\"polvere di pesca tagliata a farfalla\" class=\"wp-image-29399 lazyload\" srcset=\"https:\/\/flawlesshair.com\/wp-content\/uploads\/2023\/11\/powdered-peach-butterfly-cut.jpg 1080w, https:\/\/flawlesshair.com\/wp-content\/uploads\/2023\/11\/powdered-peach-butterfly-cut-240x300.jpg 240w, https:\/\/flawlesshair.com\/wp-content\/uploads\/2023\/11\/powdered-peach-butterfly-cut-768x959.jpg 768w, https:\/\/flawlesshair.com\/wp-content\/uploads\/2023\/11\/powdered-peach-butterfly-cut-10x12.jpg 10w, https:\/\/flawlesshair.com\/wp-content\/uploads\/2023\/11\/powdered-peach-butterfly-cut-769x960.jpg 769w, https:\/\/flawlesshair.com\/wp-content\/uploads\/2023\/11\/powdered-peach-butterfly-cut-865x1080.jpg 865w, https:\/\/flawlesshair.com\/wp-content\/uploads\/2023\/11\/powdered-peach-butterfly-cut-961x1200.jpg 961w\" sizes=\"auto, (max-width: 760px) calc(100vw - 24px), 720px\" data-pin-media=\"https:\/\/flawlesshair.com\/wp-content\/uploads\/2023\/11\/powdered-peach-butterfly-cut.jpg\" id=\"mv-trellis-img-17\" data-trellis-processed=\"1\"><div style=\"position: absolute; top: 0.5rem; right: 0.75rem;\"> <a href=\"https:\/\/www.pinterest.com\/pin\/create\/button\/\" data-pin-do=\"buttonPin\" data-pin-tall=\"true\" data-pin-url=\"https:\/\/flawlesshair.com\/it\/strati-che-incorniciano-il-viso-capelli-lunghi\/\" data-pin-media=\"https:\/\/flawlesshair.com\/wp-content\/uploads\/2023\/11\/powdered-peach-butterfly-cut.jpg\" data-pin-description=\"22 Must-Try Face Framing Layers For Long Hair\" rel=\"nofollow noopener\" target=\"_blank\"> <\/a><\/div><\/div><figcaption class=\"wp-element-caption\">@<a href=\"https:\/\/www.instagram.com\/chrisweberhair\/\" target=\"_blank\" rel=\"noreferrer noopener nofollow\">chrisweberhair<\/a><\/figcaption><\/figure>\n<\/div>\n\n\n<p>Questo taglio a farfalla incornicia perfettamente il viso? Mette in risalto i tratti del viso, e in pi\u00f9 questa tonalit\u00e0 cipria pesca d\u00e0 quel qualcosa di speciale. Vibrazioni da ragazza di classe!<\/p>\n\n\n\n<h2 class=\"wp-block-heading\">18. Contorno allo zenzero<\/h2>\n\n\n<div class=\"wp-block-image\">\n<figure class=\"aligncenter size-full\"><div style=\"position: relative;\"><noscript><img loading=\"lazy\" decoding=\"async\" width=\"1080\" height=\"1350\" src=\"https:\/\/flawlesshair.com\/wp-content\/uploads\/2023\/11\/brunette-with-warm-highlights-and-face-framing-layers.jpg\" alt=\"bruna con riflessi caldi e strati che incorniciano il viso\" class=\"wp-image-29446\" srcset=\"https:\/\/flawlesshair.com\/wp-content\/uploads\/2023\/11\/brunette-with-warm-highlights-and-face-framing-layers.jpg 1080w, https:\/\/flawlesshair.com\/wp-content\/uploads\/2023\/11\/brunette-with-warm-highlights-and-face-framing-layers-240x300.jpg 240w, https:\/\/flawlesshair.com\/wp-content\/uploads\/2023\/11\/brunette-with-warm-highlights-and-face-framing-layers-768x960.jpg 768w, https:\/\/flawlesshair.com\/wp-content\/uploads\/2023\/11\/brunette-with-warm-highlights-and-face-framing-layers-10x12.jpg 10w, https:\/\/flawlesshair.com\/wp-content\/uploads\/2023\/11\/brunette-with-warm-highlights-and-face-framing-layers-864x1080.jpg 864w, https:\/\/flawlesshair.com\/wp-content\/uploads\/2023\/11\/brunette-with-warm-highlights-and-face-framing-layers-960x1200.jpg 960w\" sizes=\"auto, (max-width: 760px) calc(100vw - 24px), 720px\"><\/noscript><img loading=\"lazy\" decoding=\"async\" width=\"1080\" height=\"1350\" src=\"https:\/\/flawlesshair.com\/wp-content\/uploads\/2023\/11\/brunette-with-warm-highlights-and-face-framing-layers.jpg\" alt=\"bruna con riflessi caldi e strati che incorniciano il viso\" class=\"wp-image-29446 lazyload\" srcset=\"https:\/\/flawlesshair.com\/wp-content\/uploads\/2023\/11\/brunette-with-warm-highlights-and-face-framing-layers.jpg 1080w, https:\/\/flawlesshair.com\/wp-content\/uploads\/2023\/11\/brunette-with-warm-highlights-and-face-framing-layers-240x300.jpg 240w, https:\/\/flawlesshair.com\/wp-content\/uploads\/2023\/11\/brunette-with-warm-highlights-and-face-framing-layers-768x960.jpg 768w, https:\/\/flawlesshair.com\/wp-content\/uploads\/2023\/11\/brunette-with-warm-highlights-and-face-framing-layers-10x12.jpg 10w, https:\/\/flawlesshair.com\/wp-content\/uploads\/2023\/11\/brunette-with-warm-highlights-and-face-framing-layers-864x1080.jpg 864w, https:\/\/flawlesshair.com\/wp-content\/uploads\/2023\/11\/brunette-with-warm-highlights-and-face-framing-layers-960x1200.jpg 960w\" sizes=\"auto, (max-width: 760px) calc(100vw - 24px), 720px\" data-pin-media=\"https:\/\/flawlesshair.com\/wp-content\/uploads\/2023\/11\/brunette-with-warm-highlights-and-face-framing-layers.jpg\" id=\"mv-trellis-img-18\" data-trellis-processed=\"1\"><div style=\"position: absolute; top: 0.5rem; right: 0.75rem;\"> <a href=\"https:\/\/www.pinterest.com\/pin\/create\/button\/\" data-pin-do=\"buttonPin\" data-pin-tall=\"true\" data-pin-url=\"https:\/\/flawlesshair.com\/it\/strati-che-incorniciano-il-viso-capelli-lunghi\/\" data-pin-media=\"https:\/\/flawlesshair.com\/wp-content\/uploads\/2023\/11\/brunette-with-warm-highlights-and-face-framing-layers.jpg\" data-pin-description=\"22 Must-Try Face Framing Layers For Long Hair\" rel=\"nofollow noopener\" target=\"_blank\"> <\/a><\/div><\/div><figcaption class=\"wp-element-caption\">@<a href=\"https:\/\/www.instagram.com\/mane_ivy\/\" rel=\"nofollow noopener\" target=\"_blank\">mane_ivy<\/a><\/figcaption><\/figure>\n<\/div>\n\n\n<p>I rossi e le lentiggini hanno qualcosa che li rende irresistibili. Se poi si aggiungono anche alcuni strati modellanti, lo stile \u00e8 di puro fuoco.<\/p>\n\n\n\n<h2 class=\"wp-block-heading\">19. Punti luce che evidenziano il viso<\/h2>\n\n\n<div class=\"wp-block-image\">\n<figure class=\"aligncenter size-full\"><div style=\"position: relative;\"><noscript><img loading=\"lazy\" decoding=\"async\" width=\"1920\" height=\"1440\" src=\"https:\/\/flawlesshair.com\/wp-content\/uploads\/2023\/11\/layered-hair-and-highlights.jpg\" alt=\"capelli a strati e colpi di sole\" class=\"wp-image-29402\" srcset=\"https:\/\/flawlesshair.com\/wp-content\/uploads\/2023\/11\/layered-hair-and-highlights.jpg 1920w, https:\/\/flawlesshair.com\/wp-content\/uploads\/2023\/11\/layered-hair-and-highlights-300x225.jpg 300w, https:\/\/flawlesshair.com\/wp-content\/uploads\/2023\/11\/layered-hair-and-highlights-768x576.jpg 768w, https:\/\/flawlesshair.com\/wp-content\/uploads\/2023\/11\/layered-hair-and-highlights-16x12.jpg 16w, https:\/\/flawlesshair.com\/wp-content\/uploads\/2023\/11\/layered-hair-and-highlights-728x546.jpg 728w, https:\/\/flawlesshair.com\/wp-content\/uploads\/2023\/11\/layered-hair-and-highlights-960x720.jpg 960w, https:\/\/flawlesshair.com\/wp-content\/uploads\/2023\/11\/layered-hair-and-highlights-1080x810.jpg 1080w, https:\/\/flawlesshair.com\/wp-content\/uploads\/2023\/11\/layered-hair-and-highlights-1200x900.jpg 1200w\" sizes=\"auto, (max-width: 760px) calc(100vw - 24px), 720px\"><\/noscript><img loading=\"lazy\" decoding=\"async\" width=\"1920\" height=\"1440\" src=\"https:\/\/flawlesshair.com\/wp-content\/uploads\/2023\/11\/layered-hair-and-highlights.jpg\" alt=\"capelli a strati e colpi di sole\" class=\"wp-image-29402 lazyload\" srcset=\"https:\/\/flawlesshair.com\/wp-content\/uploads\/2023\/11\/layered-hair-and-highlights.jpg 1920w, https:\/\/flawlesshair.com\/wp-content\/uploads\/2023\/11\/layered-hair-and-highlights-300x225.jpg 300w, https:\/\/flawlesshair.com\/wp-content\/uploads\/2023\/11\/layered-hair-and-highlights-768x576.jpg 768w, https:\/\/flawlesshair.com\/wp-content\/uploads\/2023\/11\/layered-hair-and-highlights-16x12.jpg 16w, https:\/\/flawlesshair.com\/wp-content\/uploads\/2023\/11\/layered-hair-and-highlights-728x546.jpg 728w, https:\/\/flawlesshair.com\/wp-content\/uploads\/2023\/11\/layered-hair-and-highlights-960x720.jpg 960w, https:\/\/flawlesshair.com\/wp-content\/uploads\/2023\/11\/layered-hair-and-highlights-1080x810.jpg 1080w, https:\/\/flawlesshair.com\/wp-content\/uploads\/2023\/11\/layered-hair-and-highlights-1200x900.jpg 1200w\" sizes=\"auto, (max-width: 760px) calc(100vw - 24px), 720px\" data-pin-media=\"https:\/\/flawlesshair.com\/wp-content\/uploads\/2023\/11\/layered-hair-and-highlights.jpg\" id=\"mv-trellis-img-19\" data-trellis-processed=\"1\"><div style=\"position: absolute; top: 0.5rem; right: 0.75rem;\"> <a href=\"https:\/\/www.pinterest.com\/pin\/create\/button\/\" data-pin-do=\"buttonPin\" data-pin-tall=\"true\" data-pin-url=\"https:\/\/flawlesshair.com\/it\/strati-che-incorniciano-il-viso-capelli-lunghi\/\" data-pin-media=\"https:\/\/flawlesshair.com\/wp-content\/uploads\/2023\/11\/layered-hair-and-highlights.jpg\" data-pin-description=\"22 Must-Try Face Framing Layers For Long Hair\" rel=\"nofollow noopener\" target=\"_blank\"> <\/a><\/div><\/div><figcaption class=\"wp-element-caption\">@<a href=\"https:\/\/www.instagram.com\/hairbymickk\/?hl=en&amp;e=ec6afd6e-a736-4991-9c1a-2334ab81ac38&amp;g=5\" target=\"_blank\" rel=\"noreferrer noopener nofollow\">hairbymickk<\/a><\/figcaption><\/figure>\n<\/div>\n\n\n<p>Wow, look pazzeschi! \u00c8 incredibile come pochi colpi di sole pi\u00f9 chiari intorno al viso abbiano un impatto cos\u00ec grande. Questo \u00e8 ci\u00f2 che si chiama \"giocare con i capelli\"!<\/p>\n\n\n\n<h2 class=\"wp-block-heading\">20. Accentuazione colorata<\/h2>\n\n\n<div class=\"wp-block-image\">\n<figure class=\"aligncenter size-full\"><div style=\"position: relative;\"><noscript><img loading=\"lazy\" decoding=\"async\" width=\"1080\" height=\"1350\" src=\"https:\/\/flawlesshair.com\/wp-content\/uploads\/2023\/11\/colorful-face-framing-hair.jpg\" alt=\"capelli colorati che incorniciano il viso\" class=\"wp-image-29404\" srcset=\"https:\/\/flawlesshair.com\/wp-content\/uploads\/2023\/11\/colorful-face-framing-hair.jpg 1080w, https:\/\/flawlesshair.com\/wp-content\/uploads\/2023\/11\/colorful-face-framing-hair-240x300.jpg 240w, https:\/\/flawlesshair.com\/wp-content\/uploads\/2023\/11\/colorful-face-framing-hair-768x960.jpg 768w, https:\/\/flawlesshair.com\/wp-content\/uploads\/2023\/11\/colorful-face-framing-hair-10x12.jpg 10w, https:\/\/flawlesshair.com\/wp-content\/uploads\/2023\/11\/colorful-face-framing-hair-864x1080.jpg 864w, https:\/\/flawlesshair.com\/wp-content\/uploads\/2023\/11\/colorful-face-framing-hair-960x1200.jpg 960w\" sizes=\"auto, (max-width: 760px) calc(100vw - 24px), 720px\"><\/noscript><img loading=\"lazy\" decoding=\"async\" width=\"1080\" height=\"1350\" src=\"https:\/\/flawlesshair.com\/wp-content\/uploads\/2023\/11\/colorful-face-framing-hair.jpg\" alt=\"capelli colorati che incorniciano il viso\" class=\"wp-image-29404 lazyload\" srcset=\"https:\/\/flawlesshair.com\/wp-content\/uploads\/2023\/11\/colorful-face-framing-hair.jpg 1080w, https:\/\/flawlesshair.com\/wp-content\/uploads\/2023\/11\/colorful-face-framing-hair-240x300.jpg 240w, https:\/\/flawlesshair.com\/wp-content\/uploads\/2023\/11\/colorful-face-framing-hair-768x960.jpg 768w, https:\/\/flawlesshair.com\/wp-content\/uploads\/2023\/11\/colorful-face-framing-hair-10x12.jpg 10w, https:\/\/flawlesshair.com\/wp-content\/uploads\/2023\/11\/colorful-face-framing-hair-864x1080.jpg 864w, https:\/\/flawlesshair.com\/wp-content\/uploads\/2023\/11\/colorful-face-framing-hair-960x1200.jpg 960w\" sizes=\"auto, (max-width: 760px) calc(100vw - 24px), 720px\" data-pin-media=\"https:\/\/flawlesshair.com\/wp-content\/uploads\/2023\/11\/colorful-face-framing-hair.jpg\" id=\"mv-trellis-img-20\" data-trellis-processed=\"1\"><div style=\"position: absolute; top: 0.5rem; right: 0.75rem;\"> <a href=\"https:\/\/www.pinterest.com\/pin\/create\/button\/\" data-pin-do=\"buttonPin\" data-pin-tall=\"true\" data-pin-url=\"https:\/\/flawlesshair.com\/it\/strati-che-incorniciano-il-viso-capelli-lunghi\/\" data-pin-media=\"https:\/\/flawlesshair.com\/wp-content\/uploads\/2023\/11\/colorful-face-framing-hair.jpg\" data-pin-description=\"22 Must-Try Face Framing Layers For Long Hair\" rel=\"nofollow noopener\" target=\"_blank\"> <\/a><\/div><\/div><figcaption class=\"wp-element-caption\">@<a href=\"https:\/\/www.instagram.com\/meaghanmastersonhair\/?hl=en\" target=\"_blank\" rel=\"noreferrer noopener nofollow\">meaghanmastersonhair<\/a>&nbsp;<\/figcaption><\/figure>\n<\/div>\n\n\n<p>Gli stili che incorniciano il viso ammorbidiscono i tratti del volto, mentre i colori vivaci portano l'intero look in un'altra dimensione. Se siete abbastanza coraggiosi da indossarli, questa \u00e8 una vibrazione di capelli davvero cool.<\/p>\n\n\n\n<h2 class=\"wp-block-heading\">21. Cornice con strati di piume<\/h2>\n\n\n<div class=\"wp-block-image\">\n<figure class=\"aligncenter size-full\"><div style=\"position: relative;\"><noscript><img loading=\"lazy\" decoding=\"async\" width=\"1080\" height=\"1349\" src=\"https:\/\/flawlesshair.com\/wp-content\/uploads\/2023\/11\/face-framing-with-feathered-layers.jpg\" alt=\"incorniciatura del viso con strati di piume\" class=\"wp-image-29405\" srcset=\"https:\/\/flawlesshair.com\/wp-content\/uploads\/2023\/11\/face-framing-with-feathered-layers.jpg 1080w, https:\/\/flawlesshair.com\/wp-content\/uploads\/2023\/11\/face-framing-with-feathered-layers-240x300.jpg 240w, https:\/\/flawlesshair.com\/wp-content\/uploads\/2023\/11\/face-framing-with-feathered-layers-768x959.jpg 768w, https:\/\/flawlesshair.com\/wp-content\/uploads\/2023\/11\/face-framing-with-feathered-layers-10x12.jpg 10w, https:\/\/flawlesshair.com\/wp-content\/uploads\/2023\/11\/face-framing-with-feathered-layers-769x960.jpg 769w, https:\/\/flawlesshair.com\/wp-content\/uploads\/2023\/11\/face-framing-with-feathered-layers-865x1080.jpg 865w, https:\/\/flawlesshair.com\/wp-content\/uploads\/2023\/11\/face-framing-with-feathered-layers-961x1200.jpg 961w\" sizes=\"auto, (max-width: 760px) calc(100vw - 24px), 720px\"><\/noscript><img loading=\"lazy\" decoding=\"async\" width=\"1080\" height=\"1349\" src=\"https:\/\/flawlesshair.com\/wp-content\/uploads\/2023\/11\/face-framing-with-feathered-layers.jpg\" alt=\"incorniciatura del viso con strati di piume\" class=\"wp-image-29405 lazyload\" srcset=\"https:\/\/flawlesshair.com\/wp-content\/uploads\/2023\/11\/face-framing-with-feathered-layers.jpg 1080w, https:\/\/flawlesshair.com\/wp-content\/uploads\/2023\/11\/face-framing-with-feathered-layers-240x300.jpg 240w, https:\/\/flawlesshair.com\/wp-content\/uploads\/2023\/11\/face-framing-with-feathered-layers-768x959.jpg 768w, https:\/\/flawlesshair.com\/wp-content\/uploads\/2023\/11\/face-framing-with-feathered-layers-10x12.jpg 10w, https:\/\/flawlesshair.com\/wp-content\/uploads\/2023\/11\/face-framing-with-feathered-layers-769x960.jpg 769w, https:\/\/flawlesshair.com\/wp-content\/uploads\/2023\/11\/face-framing-with-feathered-layers-865x1080.jpg 865w, https:\/\/flawlesshair.com\/wp-content\/uploads\/2023\/11\/face-framing-with-feathered-layers-961x1200.jpg 961w\" sizes=\"auto, (max-width: 760px) calc(100vw - 24px), 720px\" data-pin-media=\"https:\/\/flawlesshair.com\/wp-content\/uploads\/2023\/11\/face-framing-with-feathered-layers.jpg\" id=\"mv-trellis-img-21\" data-trellis-processed=\"1\"><div style=\"position: absolute; top: 0.5rem; right: 0.75rem;\"> <a href=\"https:\/\/www.pinterest.com\/pin\/create\/button\/\" data-pin-do=\"buttonPin\" data-pin-tall=\"true\" data-pin-url=\"https:\/\/flawlesshair.com\/it\/strati-che-incorniciano-il-viso-capelli-lunghi\/\" data-pin-media=\"https:\/\/flawlesshair.com\/wp-content\/uploads\/2023\/11\/face-framing-with-feathered-layers.jpg\" data-pin-description=\"22 Must-Try Face Framing Layers For Long Hair\" rel=\"nofollow noopener\" target=\"_blank\"> <\/a><\/div><\/div><figcaption class=\"wp-element-caption\">@<a href=\"https:\/\/www.instagram.com\/ahappyjustin\/\" target=\"_blank\" rel=\"noreferrer noopener nofollow\">ahappyjustin<\/a><\/figcaption><\/figure>\n<\/div>\n\n\n<p>Assolutamente ossessionata da questo look. I capelli sono ultra-sani, tagliati in strati piumati che incorniciano il viso nel modo giusto. Oltre la bellezza!<\/p>\n\n\n\n<h2 class=\"wp-block-heading\">22. Taglio voluminoso a farfalla<\/h2>\n\n\n<div class=\"wp-block-image\">\n<figure class=\"aligncenter size-full\"><div style=\"position: relative;\"><noscript><img loading=\"lazy\" decoding=\"async\" width=\"1080\" height=\"1244\" src=\"https:\/\/flawlesshair.com\/wp-content\/uploads\/2023\/11\/voluminous-butterfly-cut.jpg\" alt=\"taglio voluminoso a farfalla\" class=\"wp-image-29406\" srcset=\"https:\/\/flawlesshair.com\/wp-content\/uploads\/2023\/11\/voluminous-butterfly-cut.jpg 1080w, https:\/\/flawlesshair.com\/wp-content\/uploads\/2023\/11\/voluminous-butterfly-cut-260x300.jpg 260w, https:\/\/flawlesshair.com\/wp-content\/uploads\/2023\/11\/voluminous-butterfly-cut-768x885.jpg 768w, https:\/\/flawlesshair.com\/wp-content\/uploads\/2023\/11\/voluminous-butterfly-cut-10x12.jpg 10w, https:\/\/flawlesshair.com\/wp-content\/uploads\/2023\/11\/voluminous-butterfly-cut-833x960.jpg 833w, https:\/\/flawlesshair.com\/wp-content\/uploads\/2023\/11\/voluminous-butterfly-cut-938x1080.jpg 938w, https:\/\/flawlesshair.com\/wp-content\/uploads\/2023\/11\/voluminous-butterfly-cut-1042x1200.jpg 1042w\" sizes=\"auto, (max-width: 760px) calc(100vw - 24px), 720px\"><\/noscript><img loading=\"lazy\" decoding=\"async\" width=\"1080\" height=\"1244\" src=\"https:\/\/flawlesshair.com\/wp-content\/uploads\/2023\/11\/voluminous-butterfly-cut.jpg\" alt=\"taglio voluminoso a farfalla\" class=\"wp-image-29406 lazyload\" srcset=\"https:\/\/flawlesshair.com\/wp-content\/uploads\/2023\/11\/voluminous-butterfly-cut.jpg 1080w, https:\/\/flawlesshair.com\/wp-content\/uploads\/2023\/11\/voluminous-butterfly-cut-260x300.jpg 260w, https:\/\/flawlesshair.com\/wp-content\/uploads\/2023\/11\/voluminous-butterfly-cut-768x885.jpg 768w, https:\/\/flawlesshair.com\/wp-content\/uploads\/2023\/11\/voluminous-butterfly-cut-10x12.jpg 10w, https:\/\/flawlesshair.com\/wp-content\/uploads\/2023\/11\/voluminous-butterfly-cut-833x960.jpg 833w, https:\/\/flawlesshair.com\/wp-content\/uploads\/2023\/11\/voluminous-butterfly-cut-938x1080.jpg 938w, https:\/\/flawlesshair.com\/wp-content\/uploads\/2023\/11\/voluminous-butterfly-cut-1042x1200.jpg 1042w\" sizes=\"auto, (max-width: 760px) calc(100vw - 24px), 720px\" data-pin-media=\"https:\/\/flawlesshair.com\/wp-content\/uploads\/2023\/11\/voluminous-butterfly-cut.jpg\" id=\"mv-trellis-img-22\" data-trellis-processed=\"1\"><div style=\"position: absolute; top: 0.5rem; right: 0.75rem;\"> <a href=\"https:\/\/www.pinterest.com\/pin\/create\/button\/\" data-pin-do=\"buttonPin\" data-pin-tall=\"true\" data-pin-url=\"https:\/\/flawlesshair.com\/it\/strati-che-incorniciano-il-viso-capelli-lunghi\/\" data-pin-media=\"https:\/\/flawlesshair.com\/wp-content\/uploads\/2023\/11\/voluminous-butterfly-cut.jpg\" data-pin-description=\"22 Must-Try Face Framing Layers For Long Hair\" rel=\"nofollow noopener\" target=\"_blank\"> <\/a><\/div><\/div><figcaption class=\"wp-element-caption\">@<a href=\"https:\/\/www.instagram.com\/p\/Cyw8tUqOgnE\/?utm_source=ig_web_copy_link\" target=\"_blank\" rel=\"noreferrer noopener nofollow\">ahappyjustin<\/a><\/figcaption><\/figure>\n<\/div>\n\n\n<p>Il taglio a farfalla \u00e8 decisamente vincente quando si tratta di delineare delicatamente il viso. La frangia acconciata su un lato apre il viso e, con i colpi di sole, \u00e8 un vero e proprio obiettivo per i capelli.<\/p>","protected":false},"excerpt":{"rendered":"<p>Volete fare un'ottima prima impressione? Scegliete strati di capelli lunghi che incorniciano il viso e che sono assolutamente meravigliosi. Perch\u00e9, vi chiederete? Beh, \u00e8 una soluzione psicologicamente ...<\/p>","protected":false},"author":5,"featured_media":96351,"comment_status":"closed","ping_status":"closed","sticky":false,"template":"","format":"standard","meta":{"syndication_tool_enabled":true,"syndication_tool_title":"","syndication_tool_excerpt":"","syndication_tool_featured_image":0,"syndication_tool_publish_date":"","syndication_tool_schema_types":["gallery"],"syndication_tool_backlink_enable":false,"syndication_tool_ai_disclosure_enable":false,"disable-in-feed":false,"article-schema-type":"","disable-critical-css":false,"footnotes":""},"categories":[33],"tags":[],"class_list":["post-29220","post","type-post","status-publish","format-standard","has-post-thumbnail","hentry","category-long"],"_links":{"self":[{"href":"https:\/\/flawlesshair.com\/it\/wp-json\/wp\/v2\/posts\/29220","targetHints":{"allow":["GET"]}}],"collection":[{"href":"https:\/\/flawlesshair.com\/it\/wp-json\/wp\/v2\/posts"}],"about":[{"href":"https:\/\/flawlesshair.com\/it\/wp-json\/wp\/v2\/types\/post"}],"author":[{"embeddable":true,"href":"https:\/\/flawlesshair.com\/it\/wp-json\/wp\/v2\/users\/5"}],"replies":[{"embeddable":true,"href":"https:\/\/flawlesshair.com\/it\/wp-json\/wp\/v2\/comments?post=29220"}],"version-history":[{"count":0,"href":"https:\/\/flawlesshair.com\/it\/wp-json\/wp\/v2\/posts\/29220\/revisions"}],"wp:featuredmedia":[{"embeddable":true,"href":"https:\/\/flawlesshair.com\/it\/wp-json\/wp\/v2\/media\/96351"}],"wp:attachment":[{"href":"https:\/\/flawlesshair.com\/it\/wp-json\/wp\/v2\/media?parent=29220"}],"wp:term":[{"taxonomy":"category","embeddable":true,"href":"https:\/\/flawlesshair.com\/it\/wp-json\/wp\/v2\/categories?post=29220"},{"taxonomy":"post_tag","embeddable":true,"href":"https:\/\/flawlesshair.com\/it\/wp-json\/wp\/v2\/tags?post=29220"}],"curies":[{"name":"wp","href":"https:\/\/api.w.org\/{rel}","templated":true}]}}