{"id":105096,"date":"2025-03-12T19:30:00","date_gmt":"2025-03-12T18:30:00","guid":{"rendered":"https:\/\/flawlesshair.com\/?p=105096"},"modified":"2025-07-02T10:36:05","modified_gmt":"2025-07-02T08:36:05","slug":"penteados-curtos-e-faceis-em-camadas","status":"publish","type":"post","link":"https:\/\/flawlesshair.com\/pt\/penteados-curtos-e-faceis-em-camadas\/","title":{"rendered":"42 Penteados curtos em camadas na moda que est\u00e3o totalmente na moda agora"},"content":{"rendered":"<style>img#mv-trellis-img-1::before{padding-top:100%; }img#mv-trellis-img-1{display:block;}img#mv-trellis-img-2::before{padding-top:100%; }img#mv-trellis-img-2{display:block;}img#mv-trellis-img-3::before{padding-top:100%; }img#mv-trellis-img-3{display:block;}img#mv-trellis-img-4::before{padding-top:100%; }img#mv-trellis-img-4{display:block;}img#mv-trellis-img-5::before{padding-top:100%; }img#mv-trellis-img-5{display:block;}img#mv-trellis-img-6::before{padding-top:100%; }img#mv-trellis-img-6{display:block;}img#mv-trellis-img-7::before{padding-top:100%; }img#mv-trellis-img-7{display:block;}img#mv-trellis-img-8::before{padding-top:100%; }img#mv-trellis-img-8{display:block;}img#mv-trellis-img-9::before{padding-top:100%; }img#mv-trellis-img-9{display:block;}img#mv-trellis-img-10::before{padding-top:100%; }img#mv-trellis-img-10{display:block;}img#mv-trellis-img-11::before{padding-top:100%; }img#mv-trellis-img-11{display:block;}img#mv-trellis-img-12::before{padding-top:100%; }img#mv-trellis-img-12{display:block;}img#mv-trellis-img-13::before{padding-top:100%; }img#mv-trellis-img-13{display:block;}img#mv-trellis-img-14::before{padding-top:100%; }img#mv-trellis-img-14{display:block;}img#mv-trellis-img-15::before{padding-top:100%; }img#mv-trellis-img-15{display:block;}img#mv-trellis-img-16::before{padding-top:100%; }img#mv-trellis-img-16{display:block;}img#mv-trellis-img-17::before{padding-top:100%; }img#mv-trellis-img-17{display:block;}img#mv-trellis-img-18::before{padding-top:100%; }img#mv-trellis-img-18{display:block;}img#mv-trellis-img-19::before{padding-top:100%; }img#mv-trellis-img-19{display:block;}img#mv-trellis-img-20::before{padding-top:100%; }img#mv-trellis-img-20{display:block;}img#mv-trellis-img-21::before{padding-top:100%; }img#mv-trellis-img-21{display:block;}img#mv-trellis-img-22::before{padding-top:100%; }img#mv-trellis-img-22{display:block;}img#mv-trellis-img-23::before{padding-top:100%; }img#mv-trellis-img-23{display:block;}img#mv-trellis-img-24::before{padding-top:100%; }img#mv-trellis-img-24{display:block;}img#mv-trellis-img-25::before{padding-top:100%; }img#mv-trellis-img-25{display:block;}img#mv-trellis-img-26::before{padding-top:100%; }img#mv-trellis-img-26{display:block;}img#mv-trellis-img-27::before{padding-top:100%; }img#mv-trellis-img-27{display:block;}img#mv-trellis-img-28::before{padding-top:100%; }img#mv-trellis-img-28{display:block;}img#mv-trellis-img-29::before{padding-top:125%; }img#mv-trellis-img-29{display:block;}img#mv-trellis-img-30::before{padding-top:100%; }img#mv-trellis-img-30{display:block;}img#mv-trellis-img-31::before{padding-top:100%; }img#mv-trellis-img-31{display:block;}img#mv-trellis-img-32::before{padding-top:100%; }img#mv-trellis-img-32{display:block;}img#mv-trellis-img-33::before{padding-top:100%; }img#mv-trellis-img-33{display:block;}img#mv-trellis-img-34::before{padding-top:100%; }img#mv-trellis-img-34{display:block;}img#mv-trellis-img-35::before{padding-top:100%; }img#mv-trellis-img-35{display:block;}img#mv-trellis-img-36::before{padding-top:100%; }img#mv-trellis-img-36{display:block;}img#mv-trellis-img-37::before{padding-top:100%; }img#mv-trellis-img-37{display:block;}img#mv-trellis-img-38::before{padding-top:100%; }img#mv-trellis-img-38{display:block;}img#mv-trellis-img-39::before{padding-top:100%; }img#mv-trellis-img-39{display:block;}img#mv-trellis-img-40::before{padding-top:100%; }img#mv-trellis-img-40{display:block;}img#mv-trellis-img-41::before{padding-top:100%; }img#mv-trellis-img-41{display:block;}img#mv-trellis-img-42::before{padding-top:100%; }img#mv-trellis-img-42{display:block;}<\/style>\n<p>Short layered hairstyles are having a major moment, and we&rsquo;re here for it! This lineup of trendy cuts is all about fresh, modern styles that keep you looking chic while staying low-maintenance. Get ready to turn heads with your effortlessly cool new look!<\/p>\n\n\n\n<h2 class=\"wp-block-heading\">1. Bob chique<\/h2>\n\n\n<div class=\"wp-block-image\">\n<figure class=\"aligncenter\"><div style=\"position: relative;\"><noscript><img decoding=\"async\" src=\"https:\/\/flawlesshair.com\/wp-content\/uploads\/2025\/01\/Chic-Bob.jpg\" alt=\"Bob chique\"><\/noscript><img decoding=\"async\" src=\"data:image\/svg+xml,%3Csvg%20xmlns='http:\/\/www.w3.org\/2000\/svg'%20viewBox='0%200%20300%20300'%3E%3Crect%20width='300'%20height='300'%20style='fill:%23e3e3e3'\/%3E%3C\/svg%3E\" alt=\"Bob chique\" width=\"300\" height=\"300\" id=\"mv-trellis-img-1\" loading=\"eager\" data-src=\"https:\/\/flawlesshair.com\/wp-content\/uploads\/2025\/01\/Chic-Bob.jpg\" class=\"eager-load\" data-svg=\"1\" data-trellis-processed=\"1\"><div style=\"position: absolute; top: 0.5rem; right: 0.75rem;\"> <a href=\"https:\/\/www.pinterest.com\/pin\/create\/button\/\" data-pin-do=\"buttonPin\" data-pin-tall=\"true\" data-pin-url=\"https:\/\/flawlesshair.com\/pt\/penteados-curtos-e-faceis-em-camadas\/\" data-pin-media=\"https:\/\/flawlesshair.com\/wp-content\/uploads\/2025\/01\/Chic-Bob.jpg\" data-pin-description=\"42 Trendy Short Layered Hairstyles That Are Totally In Right Now\" rel=\"nofollow noopener\" target=\"_blank\"> <\/a><\/div><\/div><figcaption class=\"wp-element-caption\"><a href=\"https:\/\/www.instagram.com\/parisleibeauty\/p\/C6CB2XlLcs7\/\" target=\"_blank\" rel=\"noreferrer noopener nofollow\">\u00a9 parisleibeauty<\/a><\/figcaption><\/figure>\n<\/div>\n\n\n<p>O bob chique \u00e9 intemporal. As suas camadas elegantes acrescentam sofistica\u00e7\u00e3o, tornando-o perfeito para ambientes profissionais. Ideal para quem gosta de um look polido mas quer uma manuten\u00e7\u00e3o f\u00e1cil. Combine-o com brincos arrojados para uma apar\u00eancia marcante. O penteado adapta-se \u00e0 maioria dos formatos de rosto e \u00e9 incrivelmente vers\u00e1til.<\/p>\n\n\n\n<h2 class=\"wp-block-heading\">2. Pixie em camadas<\/h2>\n\n\n<div class=\"wp-block-image\">\n<figure class=\"aligncenter size-full\"><div style=\"position: relative;\"><noscript><img loading=\"lazy\" decoding=\"async\" width=\"1440\" height=\"1440\" src=\"https:\/\/flawlesshair.com\/wp-content\/uploads\/2025\/01\/layered-pixie-50.jpg\" alt=\"\" class=\"wp-image-155169\" srcset=\"https:\/\/flawlesshair.com\/wp-content\/uploads\/2025\/01\/layered-pixie-50.jpg 1440w, https:\/\/flawlesshair.com\/wp-content\/uploads\/2025\/01\/layered-pixie-50-300x300.jpg 300w, https:\/\/flawlesshair.com\/wp-content\/uploads\/2025\/01\/layered-pixie-50-150x150.jpg 150w, https:\/\/flawlesshair.com\/wp-content\/uploads\/2025\/01\/layered-pixie-50-768x768.jpg 768w, https:\/\/flawlesshair.com\/wp-content\/uploads\/2025\/01\/layered-pixie-50-12x12.jpg 12w, https:\/\/flawlesshair.com\/wp-content\/uploads\/2025\/01\/layered-pixie-50-728x728.jpg 728w, https:\/\/flawlesshair.com\/wp-content\/uploads\/2025\/01\/layered-pixie-50-960x960.jpg 960w, https:\/\/flawlesshair.com\/wp-content\/uploads\/2025\/01\/layered-pixie-50-1080x1080.jpg 1080w, https:\/\/flawlesshair.com\/wp-content\/uploads\/2025\/01\/layered-pixie-50-1200x1200.jpg 1200w\" sizes=\"auto, (max-width: 760px) calc(100vw - 24px), 720px\"><\/noscript><img loading=\"lazy\" decoding=\"async\" width=\"1440\" height=\"1440\" src=\"https:\/\/flawlesshair.com\/wp-content\/uploads\/2025\/01\/layered-pixie-50.jpg\" alt=\"\" class=\"wp-image-155169 lazyload\" srcset=\"https:\/\/flawlesshair.com\/wp-content\/uploads\/2025\/01\/layered-pixie-50.jpg 1440w, https:\/\/flawlesshair.com\/wp-content\/uploads\/2025\/01\/layered-pixie-50-300x300.jpg 300w, https:\/\/flawlesshair.com\/wp-content\/uploads\/2025\/01\/layered-pixie-50-150x150.jpg 150w, https:\/\/flawlesshair.com\/wp-content\/uploads\/2025\/01\/layered-pixie-50-768x768.jpg 768w, https:\/\/flawlesshair.com\/wp-content\/uploads\/2025\/01\/layered-pixie-50-12x12.jpg 12w, https:\/\/flawlesshair.com\/wp-content\/uploads\/2025\/01\/layered-pixie-50-728x728.jpg 728w, https:\/\/flawlesshair.com\/wp-content\/uploads\/2025\/01\/layered-pixie-50-960x960.jpg 960w, https:\/\/flawlesshair.com\/wp-content\/uploads\/2025\/01\/layered-pixie-50-1080x1080.jpg 1080w, https:\/\/flawlesshair.com\/wp-content\/uploads\/2025\/01\/layered-pixie-50-1200x1200.jpg 1200w\" sizes=\"auto, (max-width: 760px) calc(100vw - 24px), 720px\" data-pin-media=\"https:\/\/flawlesshair.com\/wp-content\/uploads\/2025\/01\/layered-pixie-50.jpg\" id=\"mv-trellis-img-2\" data-trellis-processed=\"1\"><div style=\"position: absolute; top: 0.5rem; right: 0.75rem;\"> <a href=\"https:\/\/www.pinterest.com\/pin\/create\/button\/\" data-pin-do=\"buttonPin\" data-pin-tall=\"true\" data-pin-url=\"https:\/\/flawlesshair.com\/pt\/penteados-curtos-e-faceis-em-camadas\/\" data-pin-media=\"https:\/\/flawlesshair.com\/wp-content\/uploads\/2025\/01\/layered-pixie-50.jpg\" data-pin-description=\"42 Trendy Short Layered Hairstyles That Are Totally In Right Now\" rel=\"nofollow noopener\" target=\"_blank\"> <\/a><\/div><\/div><figcaption class=\"wp-element-caption\"><a href=\"https:\/\/www.instagram.com\/miaghogho\" target=\"_blank\" rel=\"noreferrer noopener nofollow\">@miaghogho<\/a><\/figcaption><\/figure>\n<\/div>\n\n\n<p>This edgy-meets-elegant pixie cut gets its charm from soft, blended layers that add natural volume. Whether styled smooth or slightly messy, this cut enhances your bone structure beautifully.<\/p>\n\n\n\n<h2 class=\"wp-block-heading\">3. L\u00f3bulo em camadas<\/h2>\n\n\n<div class=\"wp-block-image\">\n<figure class=\"aligncenter\"><div style=\"position: relative;\"><noscript><img decoding=\"async\" src=\"https:\/\/flawlesshair.com\/wp-content\/uploads\/2025\/01\/Layered-Lob.jpg\" alt=\"L\u00f3bulo em camadas\"><\/noscript><img decoding=\"async\" src=\"https:\/\/flawlesshair.com\/wp-content\/uploads\/2025\/01\/Layered-Lob.jpg\" alt=\"L\u00f3bulo em camadas\" width=\"300\" height=\"300\" id=\"mv-trellis-img-3\" loading=\"lazy\" class=\"lazyload\" data-trellis-processed=\"1\"><div style=\"position: absolute; top: 0.5rem; right: 0.75rem;\"> <a href=\"https:\/\/www.pinterest.com\/pin\/create\/button\/\" data-pin-do=\"buttonPin\" data-pin-tall=\"true\" data-pin-url=\"https:\/\/flawlesshair.com\/pt\/penteados-curtos-e-faceis-em-camadas\/\" data-pin-media=\"https:\/\/flawlesshair.com\/wp-content\/uploads\/2025\/01\/Layered-Lob.jpg\" data-pin-description=\"42 Trendy Short Layered Hairstyles That Are Totally In Right Now\" rel=\"nofollow noopener\" target=\"_blank\"> <\/a><\/div><\/div><figcaption class=\"wp-element-caption\"><a href=\"https:\/\/www.instagram.com\/yukistylist\/p\/Co-eBICv6t7\/\" target=\"_blank\" rel=\"noreferrer noopener nofollow\">\u00a9 yukistylist<\/a><\/figcaption><\/figure>\n<\/div>\n\n\n<p>O lob em camadas \u00e9 um toque moderno no cl\u00e1ssico. Ondas subtis e madeixas d\u00e3o-lhe dimens\u00e3o. \u00c9 perfeito para passeios casuais ou para um dia na praia. Use um spray de sal marinho para obter uma textura de praia. Vers\u00e1til e moderno, adapta-se a qualquer ocasi\u00e3o.<\/p>\n\n\n\n<h2 class=\"wp-block-heading\">4. Pano com textura<\/h2>\n\n\n<div class=\"wp-block-image\">\n<figure class=\"aligncenter\"><div style=\"position: relative;\"><noscript><img decoding=\"async\" src=\"https:\/\/flawlesshair.com\/wp-content\/uploads\/2025\/01\/Textured-Shag-1.jpg\" alt=\"Pano texturizado\"><\/noscript><img decoding=\"async\" src=\"https:\/\/flawlesshair.com\/wp-content\/uploads\/2025\/01\/Textured-Shag-1.jpg\" alt=\"Pano texturizado\" width=\"300\" height=\"300\" id=\"mv-trellis-img-4\" loading=\"lazy\" class=\"lazyload\" data-trellis-processed=\"1\"><div style=\"position: absolute; top: 0.5rem; right: 0.75rem;\"> <a href=\"https:\/\/www.pinterest.com\/pin\/create\/button\/\" data-pin-do=\"buttonPin\" data-pin-tall=\"true\" data-pin-url=\"https:\/\/flawlesshair.com\/pt\/penteados-curtos-e-faceis-em-camadas\/\" data-pin-media=\"https:\/\/flawlesshair.com\/wp-content\/uploads\/2025\/01\/Textured-Shag-1.jpg\" data-pin-description=\"42 Trendy Short Layered Hairstyles That Are Totally In Right Now\" rel=\"nofollow noopener\" target=\"_blank\"> <\/a><\/div><\/div><figcaption class=\"wp-element-caption\"><a href=\"https:\/\/www.instagram.com\/jayne_edosalon\/p\/C07BP5Fp9Jk\/\" target=\"_blank\" rel=\"noreferrer noopener nofollow\">\u00a9 jayne_edosalon<\/a><\/figcaption><\/figure>\n<\/div>\n\n\n<p>O pelo texturizado \u00e9 para os ousados. As camadas cortadas d\u00e3o-lhe um toque rebelde. Ideal para os amantes da m\u00fasica e para quem tem um esp\u00edrito rock-and-roll. Combine com couro para um look completo. Sem esfor\u00e7o e com estilo, \u00e9 um penteado de afirma\u00e7\u00e3o.<\/p>\n\n\n\n<h2 class=\"wp-block-heading\">5. Ondas desgrenhadas suaves<\/h2>\n\n\n<div class=\"wp-block-image\">\n<figure class=\"aligncenter\"><div style=\"position: relative;\"><noscript><img decoding=\"async\" src=\"https:\/\/flawlesshair.com\/wp-content\/uploads\/2025\/01\/Soft-Tousled-Waves.jpg\" alt=\"Ondas desgrenhadas suaves\"><\/noscript><img decoding=\"async\" src=\"https:\/\/flawlesshair.com\/wp-content\/uploads\/2025\/01\/Soft-Tousled-Waves.jpg\" alt=\"Ondas desgrenhadas suaves\" width=\"300\" height=\"300\" id=\"mv-trellis-img-5\" loading=\"lazy\" class=\"lazyload\" data-trellis-processed=\"1\"><div style=\"position: absolute; top: 0.5rem; right: 0.75rem;\"> <a href=\"https:\/\/www.pinterest.com\/pin\/create\/button\/\" data-pin-do=\"buttonPin\" data-pin-tall=\"true\" data-pin-url=\"https:\/\/flawlesshair.com\/pt\/penteados-curtos-e-faceis-em-camadas\/\" data-pin-media=\"https:\/\/flawlesshair.com\/wp-content\/uploads\/2025\/01\/Soft-Tousled-Waves.jpg\" data-pin-description=\"42 Trendy Short Layered Hairstyles That Are Totally In Right Now\" rel=\"nofollow noopener\" target=\"_blank\"> <\/a><\/div><\/div><figcaption class=\"wp-element-caption\"><a href=\"https:\/\/www.instagram.com\/naturallycurly\/p\/C6cHHXpPRG_\/\" target=\"_blank\" rel=\"noreferrer noopener nofollow\">\u00a9 naturallycurly<\/a><\/figcaption><\/figure>\n<\/div>\n\n\n<p>As ondas suaves e despenteadas oferecem um charme descontra\u00eddo e sem esfor\u00e7o. Camadas suaves real\u00e7am a textura natural. Perfeito para um fim de semana descontra\u00eddo ou para um dia de passeio informal. \u00c9 f\u00e1cil de pentear e manter. Utilize um creme para carac\u00f3is para aumentar a elasticidade e a suavidade.<\/p>\n\n\n\n<h2 class=\"wp-block-heading\">6. Corte inferior ousado<\/h2>\n\n\n<div class=\"wp-block-image\">\n<figure class=\"aligncenter\"><div style=\"position: relative;\"><noscript><img decoding=\"async\" src=\"https:\/\/flawlesshair.com\/wp-content\/uploads\/2025\/01\/Edgy-Undercut.jpg\" alt=\"Corte inferior ousado\"><\/noscript><img decoding=\"async\" src=\"https:\/\/flawlesshair.com\/wp-content\/uploads\/2025\/01\/Edgy-Undercut.jpg\" alt=\"Corte inferior ousado\" width=\"300\" height=\"300\" id=\"mv-trellis-img-6\" loading=\"lazy\" class=\"lazyload\" data-trellis-processed=\"1\"><div style=\"position: absolute; top: 0.5rem; right: 0.75rem;\"> <a href=\"https:\/\/www.pinterest.com\/pin\/create\/button\/\" data-pin-do=\"buttonPin\" data-pin-tall=\"true\" data-pin-url=\"https:\/\/flawlesshair.com\/pt\/penteados-curtos-e-faceis-em-camadas\/\" data-pin-media=\"https:\/\/flawlesshair.com\/wp-content\/uploads\/2025\/01\/Edgy-Undercut.jpg\" data-pin-description=\"42 Trendy Short Layered Hairstyles That Are Totally In Right Now\" rel=\"nofollow noopener\" target=\"_blank\"> <\/a><\/div><\/div><figcaption class=\"wp-element-caption\"><a href=\"https:\/\/www.instagram.com\/hair.by.kourtney.eva\/p\/CdeIuSvuJHo\/\" target=\"_blank\" rel=\"noreferrer noopener nofollow\">\u00a9 hair.by.kourtney.eva<\/a><\/figcaption><\/figure>\n<\/div>\n\n\n<p>O undercut arrojado \u00e9 ousado e elegante. Os contrastes acentuados conferem-lhe um toque moderno. Perfeito para quem gosta de se destacar. \u00c9 arrojado mas chique, ideal para uma sa\u00edda \u00e0 noite. Use com gel para um acabamento elegante e polido.<\/p>\n\n\n\n<h2 class=\"wp-block-heading\">7. Bob desarrumado com camadas<\/h2>\n\n\n<div class=\"wp-block-image\">\n<figure class=\"aligncenter\"><div style=\"position: relative;\"><noscript><img decoding=\"async\" src=\"https:\/\/flawlesshair.com\/wp-content\/uploads\/2025\/01\/Messy-Layered-Bob.jpg\" alt=\"Cabelo desarrumado com camadas\"><\/noscript><img decoding=\"async\" src=\"https:\/\/flawlesshair.com\/wp-content\/uploads\/2025\/01\/Messy-Layered-Bob.jpg\" alt=\"Cabelo desarrumado com camadas\" width=\"300\" height=\"300\" id=\"mv-trellis-img-7\" loading=\"lazy\" class=\"lazyload\" data-trellis-processed=\"1\"><div style=\"position: absolute; top: 0.5rem; right: 0.75rem;\"> <a href=\"https:\/\/www.pinterest.com\/pin\/create\/button\/\" data-pin-do=\"buttonPin\" data-pin-tall=\"true\" data-pin-url=\"https:\/\/flawlesshair.com\/pt\/penteados-curtos-e-faceis-em-camadas\/\" data-pin-media=\"https:\/\/flawlesshair.com\/wp-content\/uploads\/2025\/01\/Messy-Layered-Bob.jpg\" data-pin-description=\"42 Trendy Short Layered Hairstyles That Are Totally In Right Now\" rel=\"nofollow noopener\" target=\"_blank\"> <\/a><\/div><\/div><figcaption class=\"wp-element-caption\"><a href=\"https:\/\/www.instagram.com\/yukistylist\/p\/CRb9emyB9wf\/\" target=\"_blank\" rel=\"noreferrer noopener nofollow\">\u00a9 yukistylist<\/a><\/figcaption><\/figure>\n<\/div>\n\n\n<p>O bob desarrumado em camadas \u00e9 divertido e despreocupado. As suas camadas d\u00e3o movimento e textura. Perfeito para quem gosta de um look descontra\u00eddo e sem esfor\u00e7o. Combina com qualquer sa\u00edda informal. Utilize um spray texturizante para obter um efeito desgrenhado e praiano.<\/p>\n\n\n\n<h2 class=\"wp-block-heading\">8. Corte curto cl\u00e1ssico<\/h2>\n\n\n<div class=\"wp-block-image\">\n<figure class=\"aligncenter\"><div style=\"position: relative;\"><noscript><img decoding=\"async\" src=\"https:\/\/flawlesshair.com\/wp-content\/uploads\/2025\/01\/Classic-Short-Crop.jpg\" alt=\"Corte curto cl\u00e1ssico\"><\/noscript><img decoding=\"async\" src=\"https:\/\/flawlesshair.com\/wp-content\/uploads\/2025\/01\/Classic-Short-Crop.jpg\" alt=\"Corte curto cl\u00e1ssico\" width=\"300\" height=\"300\" id=\"mv-trellis-img-8\" loading=\"lazy\" class=\"lazyload\" data-trellis-processed=\"1\"><div style=\"position: absolute; top: 0.5rem; right: 0.75rem;\"> <a href=\"https:\/\/www.pinterest.com\/pin\/create\/button\/\" data-pin-do=\"buttonPin\" data-pin-tall=\"true\" data-pin-url=\"https:\/\/flawlesshair.com\/pt\/penteados-curtos-e-faceis-em-camadas\/\" data-pin-media=\"https:\/\/flawlesshair.com\/wp-content\/uploads\/2025\/01\/Classic-Short-Crop.jpg\" data-pin-description=\"42 Trendy Short Layered Hairstyles That Are Totally In Right Now\" rel=\"nofollow noopener\" target=\"_blank\"> <\/a><\/div><\/div><figcaption class=\"wp-element-caption\"><a href=\"https:\/\/www.instagram.com\/latesthair\/p\/C2IcHwlMtYd\/\" target=\"_blank\" rel=\"noreferrer noopener nofollow\">\u00a9 latesthair<\/a><\/figcaption><\/figure>\n<\/div>\n\n\n<p>O corte curto cl\u00e1ssico \u00e9 elegante e requintado. As linhas simples conferem-lhe um aspeto polido. Ideal para ambientes profissionais ou eventos formais. \u00c9 intemporal e vers\u00e1til. Combine-o com j\u00f3ias de destaque para real\u00e7ar a vibra\u00e7\u00e3o sofisticada.<\/p>\n\n\n\n<h2 class=\"wp-block-heading\">9. Corte em camadas encaracolado<\/h2>\n\n\n<div class=\"wp-block-image\">\n<figure class=\"aligncenter\"><div style=\"position: relative;\"><noscript><img decoding=\"async\" src=\"https:\/\/flawlesshair.com\/wp-content\/uploads\/2025\/01\/Curly-Layered-Cut.jpg\" alt=\"Corte em camadas encaracolado\"><\/noscript><img decoding=\"async\" src=\"https:\/\/flawlesshair.com\/wp-content\/uploads\/2025\/01\/Curly-Layered-Cut.jpg\" alt=\"Corte em camadas encaracolado\" width=\"300\" height=\"300\" id=\"mv-trellis-img-9\" loading=\"lazy\" class=\"lazyload\" data-trellis-processed=\"1\"><div style=\"position: absolute; top: 0.5rem; right: 0.75rem;\"> <a href=\"https:\/\/www.pinterest.com\/pin\/create\/button\/\" data-pin-do=\"buttonPin\" data-pin-tall=\"true\" data-pin-url=\"https:\/\/flawlesshair.com\/pt\/penteados-curtos-e-faceis-em-camadas\/\" data-pin-media=\"https:\/\/flawlesshair.com\/wp-content\/uploads\/2025\/01\/Curly-Layered-Cut.jpg\" data-pin-description=\"42 Trendy Short Layered Hairstyles That Are Totally In Right Now\" rel=\"nofollow noopener\" target=\"_blank\"> <\/a><\/div><\/div><figcaption class=\"wp-element-caption\"><a href=\"https:\/\/www.instagram.com\/slickback_buttahtoast\/p\/CXJvJrEvfnY\/\" target=\"_blank\" rel=\"noreferrer noopener nofollow\">\u00a9 slickback_buttahtoast<\/a><\/figcaption><\/figure>\n<\/div>\n\n\n<p>O corte encaracolado em camadas real\u00e7a os carac\u00f3is naturais. As camadas definidas conferem-lhe elasticidade e volume. Perfeito para abra\u00e7ar as texturas encaracoladas. \u00c9 vivo e cheio de personalidade. Utilize um creme definidor de carac\u00f3is para um maior brilho e controlo.<\/p>\n\n\n\n<h2 class=\"wp-block-heading\">10. Bob sem corte com camadas<\/h2>\n\n\n<div class=\"wp-block-image\">\n<figure class=\"aligncenter\"><div style=\"position: relative;\"><noscript><img decoding=\"async\" src=\"https:\/\/flawlesshair.com\/wp-content\/uploads\/2025\/01\/Blunt-Bob-with-Layers.jpg\" alt=\"Bob sem corte com camadas\"><\/noscript><img decoding=\"async\" src=\"https:\/\/flawlesshair.com\/wp-content\/uploads\/2025\/01\/Blunt-Bob-with-Layers.jpg\" alt=\"Bob sem corte com camadas\" width=\"300\" height=\"300\" id=\"mv-trellis-img-10\" loading=\"lazy\" class=\"lazyload\" data-trellis-processed=\"1\"><div style=\"position: absolute; top: 0.5rem; right: 0.75rem;\"> <a href=\"https:\/\/www.pinterest.com\/pin\/create\/button\/\" data-pin-do=\"buttonPin\" data-pin-tall=\"true\" data-pin-url=\"https:\/\/flawlesshair.com\/pt\/penteados-curtos-e-faceis-em-camadas\/\" data-pin-media=\"https:\/\/flawlesshair.com\/wp-content\/uploads\/2025\/01\/Blunt-Bob-with-Layers.jpg\" data-pin-description=\"42 Trendy Short Layered Hairstyles That Are Totally In Right Now\" rel=\"nofollow noopener\" target=\"_blank\"> <\/a><\/div><\/div><figcaption class=\"wp-element-caption\"><a href=\"https:\/\/www.instagram.com\/chrisjones_hair\/p\/CoDxEgONl25\/\" target=\"_blank\" rel=\"noreferrer noopener nofollow\">\u00a9 chrisjones_hair<\/a><\/figcaption><\/figure>\n<\/div>\n\n\n<p>O bob sem corte com camadas \u00e9 elegante e moderno. As camadas subtis d\u00e3o profundidade sem perder a forma. Ideal para quem gosta de estar na moda. \u00c9 chique e sofisticado. Use um ferro de engomar para obter um acabamento brilhante e suave.<\/p>\n\n\n\n<h2 class=\"wp-block-heading\">11. Pixie com penas<\/h2>\n\n\n<div class=\"wp-block-image\">\n<figure class=\"aligncenter\"><div style=\"position: relative;\"><noscript><img decoding=\"async\" src=\"https:\/\/flawlesshair.com\/wp-content\/uploads\/2025\/01\/Feathered-Pixie.jpg\" alt=\"Pixie com penas\"><\/noscript><img decoding=\"async\" src=\"https:\/\/flawlesshair.com\/wp-content\/uploads\/2025\/01\/Feathered-Pixie.jpg\" alt=\"Pixie com penas\" width=\"300\" height=\"300\" id=\"mv-trellis-img-11\" loading=\"lazy\" class=\"lazyload\" data-trellis-processed=\"1\"><div style=\"position: absolute; top: 0.5rem; right: 0.75rem;\"> <a href=\"https:\/\/www.pinterest.com\/pin\/create\/button\/\" data-pin-do=\"buttonPin\" data-pin-tall=\"true\" data-pin-url=\"https:\/\/flawlesshair.com\/pt\/penteados-curtos-e-faceis-em-camadas\/\" data-pin-media=\"https:\/\/flawlesshair.com\/wp-content\/uploads\/2025\/01\/Feathered-Pixie.jpg\" data-pin-description=\"42 Trendy Short Layered Hairstyles That Are Totally In Right Now\" rel=\"nofollow noopener\" target=\"_blank\"> <\/a><\/div><\/div><figcaption class=\"wp-element-caption\"><a href=\"https:\/\/www.instagram.com\/goodhair_day\/p\/Cqa-uICJJcB\/\" target=\"_blank\" rel=\"noreferrer noopener nofollow\">\u00a9 goodhair_day<\/a><\/figcaption><\/figure>\n<\/div>\n\n\n<p>O pixie com penas \u00e9 suave e arejado. As camadas finas criam uma silhueta suave. Ideal para quem gosta de um toque feminino. \u00c9 leve e f\u00e1cil de pentear. Perfeito para reuni\u00f5es ao ar livre e eventos de ver\u00e3o.<\/p>\n\n\n\n<h2 class=\"wp-block-heading\">12. Bob assim\u00e9trico<\/h2>\n\n\n<div class=\"wp-block-image\">\n<figure class=\"aligncenter\"><div style=\"position: relative;\"><noscript><img decoding=\"async\" src=\"https:\/\/flawlesshair.com\/wp-content\/uploads\/2025\/01\/Asymmetrical-Bob-2.jpg\" alt=\"Bob assim\u00e9trico\"><\/noscript><img decoding=\"async\" src=\"https:\/\/flawlesshair.com\/wp-content\/uploads\/2025\/01\/Asymmetrical-Bob-2.jpg\" alt=\"Bob assim\u00e9trico\" width=\"300\" height=\"300\" id=\"mv-trellis-img-12\" loading=\"lazy\" class=\"lazyload\" data-trellis-processed=\"1\"><div style=\"position: absolute; top: 0.5rem; right: 0.75rem;\"> <a href=\"https:\/\/www.pinterest.com\/pin\/create\/button\/\" data-pin-do=\"buttonPin\" data-pin-tall=\"true\" data-pin-url=\"https:\/\/flawlesshair.com\/pt\/penteados-curtos-e-faceis-em-camadas\/\" data-pin-media=\"https:\/\/flawlesshair.com\/wp-content\/uploads\/2025\/01\/Asymmetrical-Bob-2.jpg\" data-pin-description=\"42 Trendy Short Layered Hairstyles That Are Totally In Right Now\" rel=\"nofollow noopener\" target=\"_blank\"> <\/a><\/div><\/div><figcaption class=\"wp-element-caption\"><a href=\"https:\/\/www.instagram.com\/hairbyjade17\/p\/C3Yq5aEPFcD\/?locale=undefined\" target=\"_blank\" rel=\"noreferrer noopener nofollow\">\u00a9 hairbyjade17<\/a><\/figcaption><\/figure>\n<\/div>\n\n\n<p>O bob assim\u00e9trico \u00e9 arrojado e est\u00e1 na moda. Os \u00e2ngulos dram\u00e1ticos oferecem um toque \u00fanico. Perfeito para quem gosta de fazer experi\u00eancias com o estilo. \u00c9 apelativo e moderno. Utilize creme de pentear para obter \u00e2ngulos definidos e elegantes.<\/p>\n\n\n\n<h2 class=\"wp-block-heading\">13. Afro curto com camadas<\/h2>\n\n\n<div class=\"wp-block-image\">\n<figure class=\"aligncenter\"><div style=\"position: relative;\"><noscript><img decoding=\"async\" src=\"https:\/\/flawlesshair.com\/wp-content\/uploads\/2025\/01\/Short-Layered-Afro.jpg\" alt=\"Afro curto com camadas\"><\/noscript><img decoding=\"async\" src=\"https:\/\/flawlesshair.com\/wp-content\/uploads\/2025\/01\/Short-Layered-Afro.jpg\" alt=\"Afro curto com camadas\" width=\"300\" height=\"300\" id=\"mv-trellis-img-13\" loading=\"lazy\" class=\"lazyload\" data-trellis-processed=\"1\"><div style=\"position: absolute; top: 0.5rem; right: 0.75rem;\"> <a href=\"https:\/\/www.pinterest.com\/pin\/create\/button\/\" data-pin-do=\"buttonPin\" data-pin-tall=\"true\" data-pin-url=\"https:\/\/flawlesshair.com\/pt\/penteados-curtos-e-faceis-em-camadas\/\" data-pin-media=\"https:\/\/flawlesshair.com\/wp-content\/uploads\/2025\/01\/Short-Layered-Afro.jpg\" data-pin-description=\"42 Trendy Short Layered Hairstyles That Are Totally In Right Now\" rel=\"nofollow noopener\" target=\"_blank\"> <\/a><\/div><\/div><figcaption class=\"wp-element-caption\"><a href=\"https:\/\/www.instagram.com\/ilikehaircom\/reel\/DCsIvnQIyxA\/\" target=\"_blank\" rel=\"noreferrer noopener nofollow\">\u00a9 ilikehaircom<\/a><\/figcaption><\/figure>\n<\/div>\n\n\n<p>O afro curto com camadas \u00e9 vibrante e din\u00e2mico. Os carac\u00f3is volumosos acrescentam car\u00e1cter e estilo. Ideal para quem gosta de texturas naturais. \u00c9 arrojado e bonito. Use um condicionador sem enxaguamento para hidratar e dar brilho.<\/p>\n\n\n\n<h2 class=\"wp-block-heading\">14. Bob em camadas com franja<\/h2>\n\n\n<div class=\"wp-block-image\">\n<figure class=\"aligncenter\"><div style=\"position: relative;\"><noscript><img decoding=\"async\" src=\"https:\/\/flawlesshair.com\/wp-content\/uploads\/2025\/01\/Layered-Bob-with-Fringe.jpg\" alt=\"Bob em camadas com franja\"><\/noscript><img decoding=\"async\" src=\"https:\/\/flawlesshair.com\/wp-content\/uploads\/2025\/01\/Layered-Bob-with-Fringe.jpg\" alt=\"Bob em camadas com franja\" width=\"300\" height=\"300\" id=\"mv-trellis-img-14\" loading=\"lazy\" class=\"lazyload\" data-trellis-processed=\"1\"><div style=\"position: absolute; top: 0.5rem; right: 0.75rem;\"> <a href=\"https:\/\/www.pinterest.com\/pin\/create\/button\/\" data-pin-do=\"buttonPin\" data-pin-tall=\"true\" data-pin-url=\"https:\/\/flawlesshair.com\/pt\/penteados-curtos-e-faceis-em-camadas\/\" data-pin-media=\"https:\/\/flawlesshair.com\/wp-content\/uploads\/2025\/01\/Layered-Bob-with-Fringe.jpg\" data-pin-description=\"42 Trendy Short Layered Hairstyles That Are Totally In Right Now\" rel=\"nofollow noopener\" target=\"_blank\"> <\/a><\/div><\/div><figcaption class=\"wp-element-caption\"><a href=\"https:\/\/www.instagram.com\/nada__salon\/p\/C0OTzLOxu2G\/\" target=\"_blank\" rel=\"noreferrer noopener nofollow\">\u00a9 nada__salon<\/a><\/figcaption><\/figure>\n<\/div>\n\n\n<p>O bob em camadas com franja \u00e9 chique e divertido. As camadas suaves d\u00e3o volume e movimento. Ideal para quem gosta de um look jovem e moderno. \u00c9 f\u00e1cil de manter e de pentear. Perfeito para o dia a dia ou para passeios casuais.<\/p>\n\n\n\n<h2 class=\"wp-block-heading\">15. Cabelo curto com picos<\/h2>\n\n\n<div class=\"wp-block-image\">\n<figure class=\"aligncenter\"><div style=\"position: relative;\"><noscript><img decoding=\"async\" src=\"https:\/\/flawlesshair.com\/wp-content\/uploads\/2025\/01\/Short-Spiky-Hair.jpg\" alt=\"Cabelo curto espetado\"><\/noscript><img decoding=\"async\" src=\"https:\/\/flawlesshair.com\/wp-content\/uploads\/2025\/01\/Short-Spiky-Hair.jpg\" alt=\"Cabelo curto espetado\" width=\"300\" height=\"300\" id=\"mv-trellis-img-15\" loading=\"lazy\" class=\"lazyload\" data-trellis-processed=\"1\"><div style=\"position: absolute; top: 0.5rem; right: 0.75rem;\"> <a href=\"https:\/\/www.pinterest.com\/pin\/create\/button\/\" data-pin-do=\"buttonPin\" data-pin-tall=\"true\" data-pin-url=\"https:\/\/flawlesshair.com\/pt\/penteados-curtos-e-faceis-em-camadas\/\" data-pin-media=\"https:\/\/flawlesshair.com\/wp-content\/uploads\/2025\/01\/Short-Spiky-Hair.jpg\" data-pin-description=\"42 Trendy Short Layered Hairstyles That Are Totally In Right Now\" rel=\"nofollow noopener\" target=\"_blank\"> <\/a><\/div><\/div><figcaption class=\"wp-element-caption\"><a href=\"https:\/\/www.instagram.com\/hairmakesupbee\/p\/C0zeL_BOaMq\/\" target=\"_blank\" rel=\"noreferrer noopener nofollow\">\u00a9 hairmakesupbee<\/a><\/figcaption><\/figure>\n<\/div>\n\n\n<p>O cabelo curto espetado \u00e9 arrojado e ousado. As camadas afiadas acrescentam atitude e estilo. Perfeito para quem gosta de um look ousado e marcante. \u00c9 en\u00e9rgico e divertido. Utilize gel modelador para manter os picos definidos e polidos.<\/p>\n\n\n\n<h2 class=\"wp-block-heading\">16. Corte elegante em camadas<\/h2>\n\n\n<div class=\"wp-block-image\">\n<figure class=\"aligncenter\"><div style=\"position: relative;\"><noscript><img decoding=\"async\" src=\"https:\/\/flawlesshair.com\/wp-content\/uploads\/2025\/01\/Sleek-Layered-Cut.jpg\" alt=\"Corte elegante em camadas\"><\/noscript><img decoding=\"async\" src=\"https:\/\/flawlesshair.com\/wp-content\/uploads\/2025\/01\/Sleek-Layered-Cut.jpg\" alt=\"Corte elegante em camadas\" width=\"300\" height=\"300\" id=\"mv-trellis-img-16\" loading=\"lazy\" class=\"lazyload\" data-trellis-processed=\"1\"><div style=\"position: absolute; top: 0.5rem; right: 0.75rem;\"> <a href=\"https:\/\/www.pinterest.com\/pin\/create\/button\/\" data-pin-do=\"buttonPin\" data-pin-tall=\"true\" data-pin-url=\"https:\/\/flawlesshair.com\/pt\/penteados-curtos-e-faceis-em-camadas\/\" data-pin-media=\"https:\/\/flawlesshair.com\/wp-content\/uploads\/2025\/01\/Sleek-Layered-Cut.jpg\" data-pin-description=\"42 Trendy Short Layered Hairstyles That Are Totally In Right Now\" rel=\"nofollow noopener\" target=\"_blank\"> <\/a><\/div><\/div><figcaption class=\"wp-element-caption\"><a href=\"https:\/\/www.instagram.com\/styled_by_carolynn\/p\/C6qp4GGtQWQ\/\" target=\"_blank\" rel=\"noreferrer noopener nofollow\">\u00a9 styled_by_carolynn<\/a><\/figcaption><\/figure>\n<\/div>\n\n\n<p>O corte elegante em camadas \u00e9 polido e sofisticado. As camadas suaves oferecem um aspeto requintado. Ideal para eventos formais ou ambientes profissionais. \u00c9 intemporal e elegante. Usar com soro para um look brilhante e elegante.<\/p>\n\n\n\n<h2 class=\"wp-block-heading\">17. Bob ondulado com camadas<\/h2>\n\n\n<div class=\"wp-block-image\">\n<figure class=\"aligncenter\"><div style=\"position: relative;\"><noscript><img decoding=\"async\" src=\"https:\/\/flawlesshair.com\/wp-content\/uploads\/2025\/01\/Wavy-Layered-Bob.jpg\" alt=\"Bob ondulado com camadas\"><\/noscript><img decoding=\"async\" src=\"https:\/\/flawlesshair.com\/wp-content\/uploads\/2025\/01\/Wavy-Layered-Bob.jpg\" alt=\"Bob ondulado com camadas\" width=\"300\" height=\"300\" id=\"mv-trellis-img-17\" loading=\"lazy\" class=\"lazyload\" data-trellis-processed=\"1\"><div style=\"position: absolute; top: 0.5rem; right: 0.75rem;\"> <a href=\"https:\/\/www.pinterest.com\/pin\/create\/button\/\" data-pin-do=\"buttonPin\" data-pin-tall=\"true\" data-pin-url=\"https:\/\/flawlesshair.com\/pt\/penteados-curtos-e-faceis-em-camadas\/\" data-pin-media=\"https:\/\/flawlesshair.com\/wp-content\/uploads\/2025\/01\/Wavy-Layered-Bob.jpg\" data-pin-description=\"42 Trendy Short Layered Hairstyles That Are Totally In Right Now\" rel=\"nofollow noopener\" target=\"_blank\"> <\/a><\/div><\/div><figcaption class=\"wp-element-caption\"><a href=\"https:\/\/www.instagram.com\/latesthair\/p\/C14_WGEPpY4\/\" target=\"_blank\" rel=\"noreferrer noopener nofollow\">\u00a9 latesthair<\/a><\/figcaption><\/figure>\n<\/div>\n\n\n<p>O bob ondulado em camadas \u00e9 casual e chique. As ondas suaves d\u00e3o-lhe um toque descontra\u00eddo. Perfeito para quem gosta de um estilo praiano e despreocupado. \u00c9 f\u00e1cil de manter e vers\u00e1til. Use spray de sal marinho para obter um efeito de onda natural.<\/p>\n\n\n\n<h2 class=\"wp-block-heading\">18. Moicano em miniatura<\/h2>\n\n\n<div class=\"wp-block-image\">\n<figure class=\"aligncenter\"><div style=\"position: relative;\"><noscript><img decoding=\"async\" src=\"https:\/\/flawlesshair.com\/wp-content\/uploads\/2025\/01\/Miniature-Mohawk.jpg\" alt=\"Moicano em miniatura\"><\/noscript><img decoding=\"async\" src=\"https:\/\/flawlesshair.com\/wp-content\/uploads\/2025\/01\/Miniature-Mohawk.jpg\" alt=\"Moicano em miniatura\" width=\"300\" height=\"300\" id=\"mv-trellis-img-18\" loading=\"lazy\" class=\"lazyload\" data-trellis-processed=\"1\"><div style=\"position: absolute; top: 0.5rem; right: 0.75rem;\"> <a href=\"https:\/\/www.pinterest.com\/pin\/create\/button\/\" data-pin-do=\"buttonPin\" data-pin-tall=\"true\" data-pin-url=\"https:\/\/flawlesshair.com\/pt\/penteados-curtos-e-faceis-em-camadas\/\" data-pin-media=\"https:\/\/flawlesshair.com\/wp-content\/uploads\/2025\/01\/Miniature-Mohawk.jpg\" data-pin-description=\"42 Trendy Short Layered Hairstyles That Are Totally In Right Now\" rel=\"nofollow noopener\" target=\"_blank\"> <\/a><\/div><\/div><figcaption class=\"wp-element-caption\"><a href=\"https:\/\/www.instagram.com\/titan_barber\/p\/Cw3EpEvPQE4\/\" target=\"_blank\" rel=\"noreferrer noopener nofollow\">\u00a9 titan_barber<\/a><\/figcaption><\/figure>\n<\/div>\n\n\n<p>O moicano em miniatura \u00e9 ousado e arrojado. As camadas dram\u00e1ticas criam uma pe\u00e7a central impressionante. Ideal para quem tem um toque dram\u00e1tico. \u00c9 de virar a cabe\u00e7a. Use um gel de fixa\u00e7\u00e3o forte para um impacto duradouro.<\/p>\n\n\n\n<h2 class=\"wp-block-heading\">19. L\u00f3bulo em \u00e2ngulo<\/h2>\n\n\n<div class=\"wp-block-image\">\n<figure class=\"aligncenter\"><div style=\"position: relative;\"><noscript><img decoding=\"async\" src=\"https:\/\/flawlesshair.com\/wp-content\/uploads\/2025\/01\/Angled-Lob-1.jpg\" alt=\"L\u00f3bulo angular\"><\/noscript><img decoding=\"async\" src=\"https:\/\/flawlesshair.com\/wp-content\/uploads\/2025\/01\/Angled-Lob-1.jpg\" alt=\"L\u00f3bulo angular\" width=\"300\" height=\"300\" id=\"mv-trellis-img-19\" loading=\"lazy\" class=\"lazyload\" data-trellis-processed=\"1\"><div style=\"position: absolute; top: 0.5rem; right: 0.75rem;\"> <a href=\"https:\/\/www.pinterest.com\/pin\/create\/button\/\" data-pin-do=\"buttonPin\" data-pin-tall=\"true\" data-pin-url=\"https:\/\/flawlesshair.com\/pt\/penteados-curtos-e-faceis-em-camadas\/\" data-pin-media=\"https:\/\/flawlesshair.com\/wp-content\/uploads\/2025\/01\/Angled-Lob-1.jpg\" data-pin-description=\"42 Trendy Short Layered Hairstyles That Are Totally In Right Now\" rel=\"nofollow noopener\" target=\"_blank\"> <\/a><\/div><\/div><figcaption class=\"wp-element-caption\"><a href=\"https:\/\/www.instagram.com\/rambutseries\/p\/Cja1yivpYxI\/\" target=\"_blank\" rel=\"noreferrer noopener nofollow\">\u00a9 rambutseries<\/a><\/figcaption><\/figure>\n<\/div>\n\n\n<p>O lob angular \u00e9 moderno e elegante. Os \u00e2ngulos agudos d\u00e3o-lhe um toque ousado. \u00c9 perfeito para quem gosta de estar na moda. Tem estilo e \u00e9 vers\u00e1til. Combine-o com uma maquilhagem ousada para um look impactante.<\/p>\n\n\n\n<h2 class=\"wp-block-heading\">20. Pixie em camadas com corte inferior<\/h2>\n\n\n<div class=\"wp-block-image\">\n<figure class=\"aligncenter\"><div style=\"position: relative;\"><noscript><img decoding=\"async\" src=\"https:\/\/flawlesshair.com\/wp-content\/uploads\/2025\/01\/Layered-Pixie-with-Undercut.jpg\" alt=\"Pixie em camadas com corte inferior\"><\/noscript><img decoding=\"async\" src=\"https:\/\/flawlesshair.com\/wp-content\/uploads\/2025\/01\/Layered-Pixie-with-Undercut.jpg\" alt=\"Pixie em camadas com corte inferior\" width=\"300\" height=\"300\" id=\"mv-trellis-img-20\" loading=\"lazy\" class=\"lazyload\" data-trellis-processed=\"1\"><div style=\"position: absolute; top: 0.5rem; right: 0.75rem;\"> <a href=\"https:\/\/www.pinterest.com\/pin\/create\/button\/\" data-pin-do=\"buttonPin\" data-pin-tall=\"true\" data-pin-url=\"https:\/\/flawlesshair.com\/pt\/penteados-curtos-e-faceis-em-camadas\/\" data-pin-media=\"https:\/\/flawlesshair.com\/wp-content\/uploads\/2025\/01\/Layered-Pixie-with-Undercut.jpg\" data-pin-description=\"42 Trendy Short Layered Hairstyles That Are Totally In Right Now\" rel=\"nofollow noopener\" target=\"_blank\"> <\/a><\/div><\/div><figcaption class=\"wp-element-caption\"><a href=\"https:\/\/www.instagram.com\/hairpin_me_down85\/p\/ChpquhTOR4t\/\" target=\"_blank\" rel=\"noreferrer noopener nofollow\">\u00a9 hairpin_me_down85<\/a><\/figcaption><\/figure>\n<\/div>\n\n\n<p>O pixie em camadas com undercut \u00e9 \u00fanico e ousado. Os comprimentos contrastantes conferem-lhe um car\u00e1cter dram\u00e1tico. Ideal para os esp\u00edritos art\u00edsticos. \u00c9 ousado e criativo. Utilize um creme texturizante para acentuar as camadas e os contrastes.<\/p>\n\n\n\n<h2 class=\"wp-block-heading\">21. Bob Boho em camadas<\/h2>\n\n\n<div class=\"wp-block-image\">\n<figure class=\"aligncenter\"><div style=\"position: relative;\"><noscript><img decoding=\"async\" src=\"https:\/\/flawlesshair.com\/wp-content\/uploads\/2025\/01\/Boho-Layered-Bob.jpg\" alt=\"Bob Boho em camadas\"><\/noscript><img decoding=\"async\" src=\"https:\/\/flawlesshair.com\/wp-content\/uploads\/2025\/01\/Boho-Layered-Bob.jpg\" alt=\"Bob Boho em camadas\" width=\"300\" height=\"300\" id=\"mv-trellis-img-21\" loading=\"lazy\" class=\"lazyload\" data-trellis-processed=\"1\"><div style=\"position: absolute; top: 0.5rem; right: 0.75rem;\"> <a href=\"https:\/\/www.pinterest.com\/pin\/create\/button\/\" data-pin-do=\"buttonPin\" data-pin-tall=\"true\" data-pin-url=\"https:\/\/flawlesshair.com\/pt\/penteados-curtos-e-faceis-em-camadas\/\" data-pin-media=\"https:\/\/flawlesshair.com\/wp-content\/uploads\/2025\/01\/Boho-Layered-Bob.jpg\" data-pin-description=\"42 Trendy Short Layered Hairstyles That Are Totally In Right Now\" rel=\"nofollow noopener\" target=\"_blank\"> <\/a><\/div><\/div><figcaption class=\"wp-element-caption\"><a href=\"https:\/\/www.instagram.com\/latesthair\/p\/Cz1qyYdKRkq\/\" target=\"_blank\" rel=\"noreferrer noopener nofollow\">\u00a9 latesthair<\/a><\/figcaption><\/figure>\n<\/div>\n\n\n<p>O bob boho em camadas \u00e9 descontra\u00eddo e de esp\u00edrito livre. As camadas despreocupadas acrescentam uma vibra\u00e7\u00e3o sem esfor\u00e7o. Perfeito para as amantes do estilo bo\u00e9mio. \u00c9 chique e descontra\u00eddo. Combine com acess\u00f3rios de flores para um look boho completo.<\/p>\n\n\n\n<h2 class=\"wp-block-heading\">22. Corte curto texturizado<\/h2>\n\n\n<div class=\"wp-block-image\">\n<figure class=\"aligncenter\"><div style=\"position: relative;\"><noscript><img decoding=\"async\" src=\"https:\/\/flawlesshair.com\/wp-content\/uploads\/2025\/01\/Short-Textured-Cut.jpg\" alt=\"Corte curto texturizado\"><\/noscript><img decoding=\"async\" src=\"https:\/\/flawlesshair.com\/wp-content\/uploads\/2025\/01\/Short-Textured-Cut.jpg\" alt=\"Corte curto texturizado\" width=\"300\" height=\"300\" id=\"mv-trellis-img-22\" loading=\"lazy\" class=\"lazyload\" data-trellis-processed=\"1\"><div style=\"position: absolute; top: 0.5rem; right: 0.75rem;\"> <a href=\"https:\/\/www.pinterest.com\/pin\/create\/button\/\" data-pin-do=\"buttonPin\" data-pin-tall=\"true\" data-pin-url=\"https:\/\/flawlesshair.com\/pt\/penteados-curtos-e-faceis-em-camadas\/\" data-pin-media=\"https:\/\/flawlesshair.com\/wp-content\/uploads\/2025\/01\/Short-Textured-Cut.jpg\" data-pin-description=\"42 Trendy Short Layered Hairstyles That Are Totally In Right Now\" rel=\"nofollow noopener\" target=\"_blank\"> <\/a><\/div><\/div><figcaption class=\"wp-element-caption\"><a href=\"https:\/\/www.instagram.com\/joeltorresstyle\/p\/CTmgkNNHups\/\" target=\"_blank\" rel=\"noreferrer noopener nofollow\">\u00a9 joeltorresstyle<\/a><\/figcaption><\/figure>\n<\/div>\n\n\n<p>O corte curto e texturado \u00e9 vivo e divertido. As camadas definidas conferem-lhe um car\u00e1cter l\u00fadico. Ideal para personalidades en\u00e9rgicas. \u00c9 cheio de car\u00e1cter. Utilize uma cera de modela\u00e7\u00e3o ligeira para dar mais textura e movimento.<\/p>\n\n\n\n<h2 class=\"wp-block-heading\">23. Bob cl\u00e1ssico com camadas<\/h2>\n\n\n<div class=\"wp-block-image\">\n<figure class=\"aligncenter\"><div style=\"position: relative;\"><noscript><img decoding=\"async\" src=\"https:\/\/flawlesshair.com\/wp-content\/uploads\/2025\/01\/Classic-Bob-with-Layers.jpg\" alt=\"Bob cl\u00e1ssico com camadas\"><\/noscript><img decoding=\"async\" src=\"https:\/\/flawlesshair.com\/wp-content\/uploads\/2025\/01\/Classic-Bob-with-Layers.jpg\" alt=\"Bob cl\u00e1ssico com camadas\" width=\"300\" height=\"300\" id=\"mv-trellis-img-23\" loading=\"lazy\" class=\"lazyload\" data-trellis-processed=\"1\"><div style=\"position: absolute; top: 0.5rem; right: 0.75rem;\"> <a href=\"https:\/\/www.pinterest.com\/pin\/create\/button\/\" data-pin-do=\"buttonPin\" data-pin-tall=\"true\" data-pin-url=\"https:\/\/flawlesshair.com\/pt\/penteados-curtos-e-faceis-em-camadas\/\" data-pin-media=\"https:\/\/flawlesshair.com\/wp-content\/uploads\/2025\/01\/Classic-Bob-with-Layers.jpg\" data-pin-description=\"42 Trendy Short Layered Hairstyles That Are Totally In Right Now\" rel=\"nofollow noopener\" target=\"_blank\"> <\/a><\/div><\/div><figcaption class=\"wp-element-caption\"><a href=\"https:\/\/www.instagram.com\/dollsnguys\/p\/C1YgMBjgwwa\/\" target=\"_blank\" rel=\"noreferrer noopener nofollow\">\u00a9 dollsnguys<\/a><\/figcaption><\/figure>\n<\/div>\n\n\n<p>O bob cl\u00e1ssico com camadas \u00e9 intemporal e elegante. As linhas elegantes oferecem sofistica\u00e7\u00e3o. Ideal para qualquer ocasi\u00e3o. \u00c9 vers\u00e1til e chique. Use uma escova redonda para um acabamento polido.<\/p>\n\n\n\n<h2 class=\"wp-block-heading\">24. Corte em camadas com franja<\/h2>\n\n\n<div class=\"wp-block-image\">\n<figure class=\"aligncenter\"><div style=\"position: relative;\"><noscript><img decoding=\"async\" src=\"https:\/\/flawlesshair.com\/wp-content\/uploads\/2025\/01\/Layered-Crop-with-Bangs.jpg\" alt=\"Corte em camadas com franja\"><\/noscript><img decoding=\"async\" src=\"https:\/\/flawlesshair.com\/wp-content\/uploads\/2025\/01\/Layered-Crop-with-Bangs.jpg\" alt=\"Corte em camadas com franja\" width=\"300\" height=\"300\" id=\"mv-trellis-img-24\" loading=\"lazy\" class=\"lazyload\" data-trellis-processed=\"1\"><div style=\"position: absolute; top: 0.5rem; right: 0.75rem;\"> <a href=\"https:\/\/www.pinterest.com\/pin\/create\/button\/\" data-pin-do=\"buttonPin\" data-pin-tall=\"true\" data-pin-url=\"https:\/\/flawlesshair.com\/pt\/penteados-curtos-e-faceis-em-camadas\/\" data-pin-media=\"https:\/\/flawlesshair.com\/wp-content\/uploads\/2025\/01\/Layered-Crop-with-Bangs.jpg\" data-pin-description=\"42 Trendy Short Layered Hairstyles That Are Totally In Right Now\" rel=\"nofollow noopener\" target=\"_blank\"> <\/a><\/div><\/div><figcaption class=\"wp-element-caption\"><a href=\"https:\/\/www.instagram.com\/hollygirldoeshair\/p\/Cx6wlzNRGIs\/\" target=\"_blank\" rel=\"noreferrer noopener nofollow\">\u00a9 hollygirldoeshair<\/a><\/figcaption><\/figure>\n<\/div>\n\n\n<p>O corte em camadas com franja \u00e9 divertido e moderno. As camadas suaves conferem movimento. Perfeito para quem gosta de uma sensa\u00e7\u00e3o de juventude. \u00c9 fresco e animado. Utilize um ferro de frisar para real\u00e7ar a franja divertida.<\/p>\n\n\n\n<h2 class=\"wp-block-heading\">25. Ondas curtas em camadas<\/h2>\n\n\n<div class=\"wp-block-image\">\n<figure class=\"aligncenter\"><div style=\"position: relative;\"><noscript><img decoding=\"async\" src=\"https:\/\/flawlesshair.com\/wp-content\/uploads\/2025\/01\/Short-Layered-Waves.jpg\" alt=\"Ondas curtas em camadas\"><\/noscript><img decoding=\"async\" src=\"https:\/\/flawlesshair.com\/wp-content\/uploads\/2025\/01\/Short-Layered-Waves.jpg\" alt=\"Ondas curtas em camadas\" width=\"300\" height=\"300\" id=\"mv-trellis-img-25\" loading=\"lazy\" class=\"lazyload\" data-trellis-processed=\"1\"><div style=\"position: absolute; top: 0.5rem; right: 0.75rem;\"> <a href=\"https:\/\/www.pinterest.com\/pin\/create\/button\/\" data-pin-do=\"buttonPin\" data-pin-tall=\"true\" data-pin-url=\"https:\/\/flawlesshair.com\/pt\/penteados-curtos-e-faceis-em-camadas\/\" data-pin-media=\"https:\/\/flawlesshair.com\/wp-content\/uploads\/2025\/01\/Short-Layered-Waves.jpg\" data-pin-description=\"42 Trendy Short Layered Hairstyles That Are Totally In Right Now\" rel=\"nofollow noopener\" target=\"_blank\"> <\/a><\/div><\/div><figcaption class=\"wp-element-caption\"><a href=\"https:\/\/www.instagram.com\/arthursebastianhairsalon\/p\/CsrlgCxP0CI\/\" target=\"_blank\" rel=\"noreferrer noopener nofollow\">\u00a9 arthursebastianhairsalon<\/a><\/figcaption><\/figure>\n<\/div>\n\n\n<p>As ondas curtas em camadas oferecem um look suave e delicado. As ondas conferem textura e volume. Perfeitas para um estilo rom\u00e2ntico e campestre. \u00c9 f\u00e1cil e descontra\u00eddo. Use uma mousse ligeira para dar mais volume e elasticidade.<\/p>\n\n\n\n<h2 class=\"wp-block-heading\">26. Corte geom\u00e9trico arrojado<\/h2>\n\n\n<div class=\"wp-block-image\">\n<figure class=\"aligncenter\"><div style=\"position: relative;\"><noscript><img decoding=\"async\" src=\"https:\/\/flawlesshair.com\/wp-content\/uploads\/2025\/01\/Bold-Geometric-Cut.jpg\" alt=\"Corte geom\u00e9trico arrojado\"><\/noscript><img decoding=\"async\" src=\"https:\/\/flawlesshair.com\/wp-content\/uploads\/2025\/01\/Bold-Geometric-Cut.jpg\" alt=\"Corte geom\u00e9trico arrojado\" width=\"300\" height=\"300\" id=\"mv-trellis-img-26\" loading=\"lazy\" class=\"lazyload\" data-trellis-processed=\"1\"><div style=\"position: absolute; top: 0.5rem; right: 0.75rem;\"> <a href=\"https:\/\/www.pinterest.com\/pin\/create\/button\/\" data-pin-do=\"buttonPin\" data-pin-tall=\"true\" data-pin-url=\"https:\/\/flawlesshair.com\/pt\/penteados-curtos-e-faceis-em-camadas\/\" data-pin-media=\"https:\/\/flawlesshair.com\/wp-content\/uploads\/2025\/01\/Bold-Geometric-Cut.jpg\" data-pin-description=\"42 Trendy Short Layered Hairstyles That Are Totally In Right Now\" rel=\"nofollow noopener\" target=\"_blank\"> <\/a><\/div><\/div><figcaption class=\"wp-element-caption\"><a href=\"https:\/\/www.instagram.com\/jayne_edosalon\/p\/C0kQmO_yF20\/\" target=\"_blank\" rel=\"noreferrer noopener nofollow\">\u00a9 jayne_edosalon<\/a><\/figcaption><\/figure>\n<\/div>\n\n\n<p>O corte geom\u00e9trico arrojado \u00e9 art\u00edstico e marcante. As linhas n\u00edtidas criam uma silhueta \u00fanica. Ideal para pessoas criativas. \u00c9 uma pe\u00e7a de afirma\u00e7\u00e3o. Utilize gel de modela\u00e7\u00e3o para manter a estrutura e a defini\u00e7\u00e3o.<\/p>\n\n\n\n<h2 class=\"wp-block-heading\">27. Bob emplumado<\/h2>\n\n\n<div class=\"wp-block-image\">\n<figure class=\"aligncenter\"><div style=\"position: relative;\"><noscript><img decoding=\"async\" src=\"https:\/\/flawlesshair.com\/wp-content\/uploads\/2025\/01\/Feathered-Bob.jpg\" alt=\"Bob de Penas\"><\/noscript><img decoding=\"async\" src=\"https:\/\/flawlesshair.com\/wp-content\/uploads\/2025\/01\/Feathered-Bob.jpg\" alt=\"Bob de Penas\" width=\"300\" height=\"300\" id=\"mv-trellis-img-27\" loading=\"lazy\" class=\"lazyload\" data-trellis-processed=\"1\"><div style=\"position: absolute; top: 0.5rem; right: 0.75rem;\"> <a href=\"https:\/\/www.pinterest.com\/pin\/create\/button\/\" data-pin-do=\"buttonPin\" data-pin-tall=\"true\" data-pin-url=\"https:\/\/flawlesshair.com\/pt\/penteados-curtos-e-faceis-em-camadas\/\" data-pin-media=\"https:\/\/flawlesshair.com\/wp-content\/uploads\/2025\/01\/Feathered-Bob.jpg\" data-pin-description=\"42 Trendy Short Layered Hairstyles That Are Totally In Right Now\" rel=\"nofollow noopener\" target=\"_blank\"> <\/a><\/div><\/div><figcaption class=\"wp-element-caption\"><a href=\"https:\/\/www.instagram.com\/ar_experience_\/p\/DB__OI0xhOF\/\" target=\"_blank\" rel=\"noreferrer noopener nofollow\">\u00a9 ar_experience_<\/a><\/figcaption><\/figure>\n<\/div>\n\n\n<p>O bob emplumado \u00e9 suave e gracioso. As camadas delicadas oferecem um fluxo suave. Perfeito para quem gosta de um toque feminino. \u00c9 elegante e intemporal. Use com um s\u00e9rum leve para dar mais brilho.<\/p>\n\n\n\n<h2 class=\"wp-block-heading\">28. Bob encaracolado com camadas<\/h2>\n\n\n<div class=\"wp-block-image\">\n<figure class=\"aligncenter\"><div style=\"position: relative;\"><noscript><img decoding=\"async\" src=\"https:\/\/flawlesshair.com\/wp-content\/uploads\/2025\/01\/Curly-Bob-with-Layers.jpg\" alt=\"Bob encaracolado com camadas\"><\/noscript><img decoding=\"async\" src=\"https:\/\/flawlesshair.com\/wp-content\/uploads\/2025\/01\/Curly-Bob-with-Layers.jpg\" alt=\"Bob encaracolado com camadas\" width=\"300\" height=\"300\" id=\"mv-trellis-img-28\" loading=\"lazy\" class=\"lazyload\" data-trellis-processed=\"1\"><div style=\"position: absolute; top: 0.5rem; right: 0.75rem;\"> <a href=\"https:\/\/www.pinterest.com\/pin\/create\/button\/\" data-pin-do=\"buttonPin\" data-pin-tall=\"true\" data-pin-url=\"https:\/\/flawlesshair.com\/pt\/penteados-curtos-e-faceis-em-camadas\/\" data-pin-media=\"https:\/\/flawlesshair.com\/wp-content\/uploads\/2025\/01\/Curly-Bob-with-Layers.jpg\" data-pin-description=\"42 Trendy Short Layered Hairstyles That Are Totally In Right Now\" rel=\"nofollow noopener\" target=\"_blank\"> <\/a><\/div><\/div><figcaption class=\"wp-element-caption\"><a href=\"https:\/\/www.instagram.com\/drethings\/p\/CzUwbmRNZhW\/\" target=\"_blank\" rel=\"noreferrer noopener nofollow\">\u00a9 drethings<\/a><\/figcaption><\/figure>\n<\/div>\n\n\n<p>O bob encaracolado com camadas \u00e9 vibrante e cheio de vida. Os carac\u00f3is saltitantes d\u00e3o-lhe energia. Ideal para quem gosta de texturas encaracoladas. \u00c9 divertido e animado. Utilize um intensificador de carac\u00f3is para obter carac\u00f3is definidos e saltitantes.<\/p>\n\n\n\n<h2 class=\"wp-block-heading\">29. Short Wolf Cut<\/h2>\n\n\n<div class=\"wp-block-image\">\n<figure class=\"aligncenter size-full\"><div style=\"position: relative;\"><noscript><img loading=\"lazy\" decoding=\"async\" width=\"1440\" height=\"1800\" src=\"https:\/\/flawlesshair.com\/wp-content\/uploads\/2025\/01\/short-wolf-cut-1.jpg\" alt=\"\" class=\"wp-image-155170\" srcset=\"https:\/\/flawlesshair.com\/wp-content\/uploads\/2025\/01\/short-wolf-cut-1.jpg 1440w, https:\/\/flawlesshair.com\/wp-content\/uploads\/2025\/01\/short-wolf-cut-1-240x300.jpg 240w, https:\/\/flawlesshair.com\/wp-content\/uploads\/2025\/01\/short-wolf-cut-1-768x960.jpg 768w, https:\/\/flawlesshair.com\/wp-content\/uploads\/2025\/01\/short-wolf-cut-1-10x12.jpg 10w, https:\/\/flawlesshair.com\/wp-content\/uploads\/2025\/01\/short-wolf-cut-1-864x1080.jpg 864w, https:\/\/flawlesshair.com\/wp-content\/uploads\/2025\/01\/short-wolf-cut-1-960x1200.jpg 960w\" sizes=\"auto, (max-width: 760px) calc(100vw - 24px), 720px\"><\/noscript><img loading=\"lazy\" decoding=\"async\" width=\"1440\" height=\"1800\" src=\"https:\/\/flawlesshair.com\/wp-content\/uploads\/2025\/01\/short-wolf-cut-1.jpg\" alt=\"\" class=\"wp-image-155170 lazyload\" srcset=\"https:\/\/flawlesshair.com\/wp-content\/uploads\/2025\/01\/short-wolf-cut-1.jpg 1440w, https:\/\/flawlesshair.com\/wp-content\/uploads\/2025\/01\/short-wolf-cut-1-240x300.jpg 240w, https:\/\/flawlesshair.com\/wp-content\/uploads\/2025\/01\/short-wolf-cut-1-768x960.jpg 768w, https:\/\/flawlesshair.com\/wp-content\/uploads\/2025\/01\/short-wolf-cut-1-10x12.jpg 10w, https:\/\/flawlesshair.com\/wp-content\/uploads\/2025\/01\/short-wolf-cut-1-864x1080.jpg 864w, https:\/\/flawlesshair.com\/wp-content\/uploads\/2025\/01\/short-wolf-cut-1-960x1200.jpg 960w\" sizes=\"auto, (max-width: 760px) calc(100vw - 24px), 720px\" data-pin-media=\"https:\/\/flawlesshair.com\/wp-content\/uploads\/2025\/01\/short-wolf-cut-1.jpg\" id=\"mv-trellis-img-29\" data-trellis-processed=\"1\"><div style=\"position: absolute; top: 0.5rem; right: 0.75rem;\"> <a href=\"https:\/\/www.pinterest.com\/pin\/create\/button\/\" data-pin-do=\"buttonPin\" data-pin-tall=\"true\" data-pin-url=\"https:\/\/flawlesshair.com\/pt\/penteados-curtos-e-faceis-em-camadas\/\" data-pin-media=\"https:\/\/flawlesshair.com\/wp-content\/uploads\/2025\/01\/short-wolf-cut-1.jpg\" data-pin-description=\"42 Trendy Short Layered Hairstyles That Are Totally In Right Now\" rel=\"nofollow noopener\" target=\"_blank\"> <\/a><\/div><\/div><figcaption class=\"wp-element-caption\"><a href=\"https:\/\/www.instagram.com\/yukistylist\" target=\"_blank\" rel=\"noreferrer noopener nofollow\">@yukistylist<\/a><\/figcaption><\/figure>\n<\/div>\n\n\n<p>This rebellious take on the classic wolf cut brings choppy layers and effortless volume to short hair. The mix of shaggy texture and soft framing around the face makes it bold yet flattering. Tousle it with some texturizing spray for that perfect lived-in look!&nbsp;<\/p>\n\n\n\n<h2 class=\"wp-block-heading\">30. Corte Pixie c\u00f3nico<\/h2>\n\n\n<div class=\"wp-block-image\">\n<figure class=\"aligncenter\"><div style=\"position: relative;\"><noscript><img decoding=\"async\" src=\"https:\/\/flawlesshair.com\/wp-content\/uploads\/2025\/01\/Tapered-Pixie-Cut.jpg\" alt=\"Corte Pixie c\u00f3nico\"><\/noscript><img decoding=\"async\" src=\"https:\/\/flawlesshair.com\/wp-content\/uploads\/2025\/01\/Tapered-Pixie-Cut.jpg\" alt=\"Corte Pixie c\u00f3nico\" width=\"300\" height=\"300\" id=\"mv-trellis-img-30\" loading=\"lazy\" class=\"lazyload\" data-trellis-processed=\"1\"><div style=\"position: absolute; top: 0.5rem; right: 0.75rem;\"> <a href=\"https:\/\/www.pinterest.com\/pin\/create\/button\/\" data-pin-do=\"buttonPin\" data-pin-tall=\"true\" data-pin-url=\"https:\/\/flawlesshair.com\/pt\/penteados-curtos-e-faceis-em-camadas\/\" data-pin-media=\"https:\/\/flawlesshair.com\/wp-content\/uploads\/2025\/01\/Tapered-Pixie-Cut.jpg\" data-pin-description=\"42 Trendy Short Layered Hairstyles That Are Totally In Right Now\" rel=\"nofollow noopener\" target=\"_blank\"> <\/a><\/div><\/div><figcaption class=\"wp-element-caption\"><a href=\"https:\/\/therighthairstyles.com\/spiky-pixie-cuts\/\" target=\"_blank\" rel=\"noreferrer noopener nofollow\">\u00a9 Os penteados certos<\/a><\/figcaption><\/figure>\n<\/div>\n\n\n<p>O corte pixie c\u00f3nico \u00e9 elegante e polido. As camadas c\u00f3nicas acrescentam requinte. Ideal para ambientes profissionais. \u00c9 elegante e chique. Use um creme de alisamento para um acabamento brilhante.<\/p>\n\n\n\n<h2 class=\"wp-block-heading\">31. Penteado despenteado<\/h2>\n\n\n<div class=\"wp-block-image\">\n<figure class=\"aligncenter\"><div style=\"position: relative;\"><noscript><img decoding=\"async\" src=\"https:\/\/flawlesshair.com\/wp-content\/uploads\/2025\/01\/Tousled-Bob.jpg\" alt=\"Penteado despenteado\"><\/noscript><img decoding=\"async\" src=\"https:\/\/flawlesshair.com\/wp-content\/uploads\/2025\/01\/Tousled-Bob.jpg\" alt=\"Penteado despenteado\" width=\"300\" height=\"300\" id=\"mv-trellis-img-31\" loading=\"lazy\" class=\"lazyload\" data-trellis-processed=\"1\"><div style=\"position: absolute; top: 0.5rem; right: 0.75rem;\"> <a href=\"https:\/\/www.pinterest.com\/pin\/create\/button\/\" data-pin-do=\"buttonPin\" data-pin-tall=\"true\" data-pin-url=\"https:\/\/flawlesshair.com\/pt\/penteados-curtos-e-faceis-em-camadas\/\" data-pin-media=\"https:\/\/flawlesshair.com\/wp-content\/uploads\/2025\/01\/Tousled-Bob.jpg\" data-pin-description=\"42 Trendy Short Layered Hairstyles That Are Totally In Right Now\" rel=\"nofollow noopener\" target=\"_blank\"> <\/a><\/div><\/div><figcaption class=\"wp-element-caption\"><a href=\"https:\/\/www.instagram.com\/jayne_edosalon\/p\/C7m7YApSgYe\/\" target=\"_blank\" rel=\"noreferrer noopener nofollow\">\u00a9 jayne_edosalon<\/a><\/figcaption><\/figure>\n<\/div>\n\n\n<p>O bob despenteado \u00e9 descontra\u00eddo e divertido. As camadas acrescentam movimento e textura. Perfeito para ambientes informais. \u00c9 chique e sem esfor\u00e7o. Utilize um spray texturizante para um efeito despenteado e despreocupado.<\/p>\n\n\n\n<h2 class=\"wp-block-heading\">32. Penteado curto em camadas<\/h2>\n\n\n<div class=\"wp-block-image\">\n<figure class=\"aligncenter\"><div style=\"position: relative;\"><noscript><img decoding=\"async\" src=\"https:\/\/flawlesshair.com\/wp-content\/uploads\/2025\/01\/Short-Layered-Shag.jpg\" alt=\"Pano curto em camadas\"><\/noscript><img decoding=\"async\" src=\"https:\/\/flawlesshair.com\/wp-content\/uploads\/2025\/01\/Short-Layered-Shag.jpg\" alt=\"Pano curto em camadas\" width=\"300\" height=\"300\" id=\"mv-trellis-img-32\" loading=\"lazy\" class=\"lazyload\" data-trellis-processed=\"1\"><div style=\"position: absolute; top: 0.5rem; right: 0.75rem;\"> <a href=\"https:\/\/www.pinterest.com\/pin\/create\/button\/\" data-pin-do=\"buttonPin\" data-pin-tall=\"true\" data-pin-url=\"https:\/\/flawlesshair.com\/pt\/penteados-curtos-e-faceis-em-camadas\/\" data-pin-media=\"https:\/\/flawlesshair.com\/wp-content\/uploads\/2025\/01\/Short-Layered-Shag.jpg\" data-pin-description=\"42 Trendy Short Layered Hairstyles That Are Totally In Right Now\" rel=\"nofollow noopener\" target=\"_blank\"> <\/a><\/div><\/div><figcaption class=\"wp-element-caption\"><a href=\"https:\/\/www.instagram.com\/hirohair\/p\/CWrFVZ4hoVd\/\" target=\"_blank\" rel=\"noreferrer noopener nofollow\">\u00a9 hirohair<\/a><\/figcaption><\/figure>\n<\/div>\n\n\n<p>A cabeleira curta em camadas \u00e9 rebelde e ousada. As camadas cortadas acrescentam atitude. Perfeito para quem tem um esp\u00edrito rock-and-roll. \u00c9 ousado e fixe. Utilize uma cera de modela\u00e7\u00e3o para dar mais textura e defini\u00e7\u00e3o.<\/p>\n\n\n\n<h2 class=\"wp-block-heading\">33. Pixie com franjas<\/h2>\n\n\n<div class=\"wp-block-image\">\n<figure class=\"aligncenter\"><div style=\"position: relative;\"><noscript><img decoding=\"async\" src=\"https:\/\/flawlesshair.com\/wp-content\/uploads\/2025\/01\/Fringed-Pixie.jpg\" alt=\"Pixie com franjas\"><\/noscript><img decoding=\"async\" src=\"https:\/\/flawlesshair.com\/wp-content\/uploads\/2025\/01\/Fringed-Pixie.jpg\" alt=\"Pixie com franjas\" width=\"300\" height=\"300\" id=\"mv-trellis-img-33\" loading=\"lazy\" class=\"lazyload\" data-trellis-processed=\"1\"><div style=\"position: absolute; top: 0.5rem; right: 0.75rem;\"> <a href=\"https:\/\/www.pinterest.com\/pin\/create\/button\/\" data-pin-do=\"buttonPin\" data-pin-tall=\"true\" data-pin-url=\"https:\/\/flawlesshair.com\/pt\/penteados-curtos-e-faceis-em-camadas\/\" data-pin-media=\"https:\/\/flawlesshair.com\/wp-content\/uploads\/2025\/01\/Fringed-Pixie.jpg\" data-pin-description=\"42 Trendy Short Layered Hairstyles That Are Totally In Right Now\" rel=\"nofollow noopener\" target=\"_blank\"> <\/a><\/div><\/div><figcaption class=\"wp-element-caption\"><a href=\"https:\/\/www.instagram.com\/joseluissalonboutique\/p\/C2TDtf5J39c\/\" target=\"_blank\" rel=\"noreferrer noopener nofollow\">\u00a9 joseluissalonboutique<\/a><\/figcaption><\/figure>\n<\/div>\n\n\n<p>O pixie com franjas \u00e9 divertido e jovem. As camadas suaves d\u00e3o-lhe movimento. Perfeito para quem gosta de um look fresco. \u00c9 vivo e chique. Use com um pouco de gel para obter uma franja polida.<\/p>\n\n\n\n<h2 class=\"wp-block-heading\">34. Corte curto e despenteado<\/h2>\n\n\n<div class=\"wp-block-image\">\n<figure class=\"aligncenter\"><div style=\"position: relative;\"><noscript><img decoding=\"async\" src=\"https:\/\/flawlesshair.com\/wp-content\/uploads\/2025\/01\/Short-Choppy-Cut.jpg\" alt=\"Corte curto e despenteado\"><\/noscript><img decoding=\"async\" src=\"https:\/\/flawlesshair.com\/wp-content\/uploads\/2025\/01\/Short-Choppy-Cut.jpg\" alt=\"Corte curto e despenteado\" width=\"300\" height=\"300\" id=\"mv-trellis-img-34\" loading=\"lazy\" class=\"lazyload\" data-trellis-processed=\"1\"><div style=\"position: absolute; top: 0.5rem; right: 0.75rem;\"> <a href=\"https:\/\/www.pinterest.com\/pin\/create\/button\/\" data-pin-do=\"buttonPin\" data-pin-tall=\"true\" data-pin-url=\"https:\/\/flawlesshair.com\/pt\/penteados-curtos-e-faceis-em-camadas\/\" data-pin-media=\"https:\/\/flawlesshair.com\/wp-content\/uploads\/2025\/01\/Short-Choppy-Cut.jpg\" data-pin-description=\"42 Trendy Short Layered Hairstyles That Are Totally In Right Now\" rel=\"nofollow noopener\" target=\"_blank\"> <\/a><\/div><\/div><figcaption class=\"wp-element-caption\"><a href=\"https:\/\/www.instagram.com\/john_thewhitebox\/p\/CxFyIMHx6T8\/\" target=\"_blank\" rel=\"noreferrer noopener nofollow\">\u00a9 john_thewhitebox<\/a><\/figcaption><\/figure>\n<\/div>\n\n\n<p>O corte curto e cortado \u00e9 arrojado e aventureiro. As camadas irregulares conferem-lhe um aspeto robusto. Ideal para quem gosta de um estilo arrojado. \u00c9 din\u00e2mico e divertido. Utilize um gel de fixa\u00e7\u00e3o forte para um acabamento espigado e definido.<\/p>\n\n\n\n<h2 class=\"wp-block-heading\">35. Corte em camadas com realces<\/h2>\n\n\n<div class=\"wp-block-image\">\n<figure class=\"aligncenter\"><div style=\"position: relative;\"><noscript><img decoding=\"async\" src=\"https:\/\/flawlesshair.com\/wp-content\/uploads\/2025\/01\/Layered-Crop-with-Highlights.jpg\" alt=\"Corte em camadas com realces\"><\/noscript><img decoding=\"async\" src=\"https:\/\/flawlesshair.com\/wp-content\/uploads\/2025\/01\/Layered-Crop-with-Highlights.jpg\" alt=\"Corte em camadas com realces\" width=\"300\" height=\"300\" id=\"mv-trellis-img-35\" loading=\"lazy\" class=\"lazyload\" data-trellis-processed=\"1\"><div style=\"position: absolute; top: 0.5rem; right: 0.75rem;\"> <a href=\"https:\/\/www.pinterest.com\/pin\/create\/button\/\" data-pin-do=\"buttonPin\" data-pin-tall=\"true\" data-pin-url=\"https:\/\/flawlesshair.com\/pt\/penteados-curtos-e-faceis-em-camadas\/\" data-pin-media=\"https:\/\/flawlesshair.com\/wp-content\/uploads\/2025\/01\/Layered-Crop-with-Highlights.jpg\" data-pin-description=\"42 Trendy Short Layered Hairstyles That Are Totally In Right Now\" rel=\"nofollow noopener\" target=\"_blank\"> <\/a><\/div><\/div><figcaption class=\"wp-element-caption\"><a href=\"https:\/\/www.instagram.com\/marmaladesalon\/p\/CwpxFHzL8L8\/\" target=\"_blank\" rel=\"noreferrer noopener nofollow\">\u00a9 marmaladesalon<\/a><\/figcaption><\/figure>\n<\/div>\n\n\n<p>O corte em camadas com destaques \u00e9 vibrante e fresco. As camadas brilhantes d\u00e3o-lhe dimens\u00e3o. Perfeito para dias de sol. \u00c9 vivo e luminoso. Use um spray volumizador para um look mais cheio e radiante.<\/p>\n\n\n\n<h2 class=\"wp-block-heading\">36. Bob curto em camadas com franja<\/h2>\n\n\n<div class=\"wp-block-image\">\n<figure class=\"aligncenter\"><div style=\"position: relative;\"><noscript><img decoding=\"async\" src=\"https:\/\/flawlesshair.com\/wp-content\/uploads\/2025\/01\/Short-Layered-Bob-with-Bangs.jpg\" alt=\"Bob curto em camadas com franja\"><\/noscript><img decoding=\"async\" src=\"https:\/\/flawlesshair.com\/wp-content\/uploads\/2025\/01\/Short-Layered-Bob-with-Bangs.jpg\" alt=\"Bob curto em camadas com franja\" width=\"300\" height=\"300\" id=\"mv-trellis-img-36\" loading=\"lazy\" class=\"lazyload\" data-trellis-processed=\"1\"><div style=\"position: absolute; top: 0.5rem; right: 0.75rem;\"> <a href=\"https:\/\/www.pinterest.com\/pin\/create\/button\/\" data-pin-do=\"buttonPin\" data-pin-tall=\"true\" data-pin-url=\"https:\/\/flawlesshair.com\/pt\/penteados-curtos-e-faceis-em-camadas\/\" data-pin-media=\"https:\/\/flawlesshair.com\/wp-content\/uploads\/2025\/01\/Short-Layered-Bob-with-Bangs.jpg\" data-pin-description=\"42 Trendy Short Layered Hairstyles That Are Totally In Right Now\" rel=\"nofollow noopener\" target=\"_blank\"> <\/a><\/div><\/div><figcaption class=\"wp-element-caption\"><a href=\"https:\/\/www.instagram.com\/chrisjones_hair\/p\/B7R4xBRJpox\/\" target=\"_blank\" rel=\"noreferrer noopener nofollow\">\u00a9 chrisjones_hair<\/a><\/figcaption><\/figure>\n<\/div>\n\n\n<p>O bob curto em camadas com franja \u00e9 chique e divertido. As camadas suaves d\u00e3o-lhe volume. Perfeito para quem gosta de um look moderno. \u00c9 f\u00e1cil de pentear e manter. Utilize um ferro de frisar para obter uma franja macia e saltitante.<\/p>\n\n\n\n<h2 class=\"wp-block-heading\">37. Pixie esculpido<\/h2>\n\n\n<div class=\"wp-block-image\">\n<figure class=\"aligncenter\"><div style=\"position: relative;\"><noscript><img decoding=\"async\" src=\"https:\/\/flawlesshair.com\/wp-content\/uploads\/2025\/01\/Sculpted-Pixie.jpg\" alt=\"Pixie esculpido\"><\/noscript><img decoding=\"async\" src=\"https:\/\/flawlesshair.com\/wp-content\/uploads\/2025\/01\/Sculpted-Pixie.jpg\" alt=\"Pixie esculpido\" width=\"300\" height=\"300\" id=\"mv-trellis-img-37\" loading=\"lazy\" class=\"lazyload\" data-trellis-processed=\"1\"><div style=\"position: absolute; top: 0.5rem; right: 0.75rem;\"> <a href=\"https:\/\/www.pinterest.com\/pin\/create\/button\/\" data-pin-do=\"buttonPin\" data-pin-tall=\"true\" data-pin-url=\"https:\/\/flawlesshair.com\/pt\/penteados-curtos-e-faceis-em-camadas\/\" data-pin-media=\"https:\/\/flawlesshair.com\/wp-content\/uploads\/2025\/01\/Sculpted-Pixie.jpg\" data-pin-description=\"42 Trendy Short Layered Hairstyles That Are Totally In Right Now\" rel=\"nofollow noopener\" target=\"_blank\"> <\/a><\/div><\/div><figcaption class=\"wp-element-caption\"><a href=\"https:\/\/www.instagram.com\/alteredegosalon\/p\/C0w_v57v5Q9\/\" target=\"_blank\" rel=\"noreferrer noopener nofollow\">\u00a9 alteredegosalon<\/a><\/figcaption><\/figure>\n<\/div>\n\n\n<p>O duende esculpido \u00e9 moderno e art\u00edstico. As camadas precisas d\u00e3o-lhe estrutura. Ideal para os amantes do estilo contempor\u00e2neo. \u00c9 arrojado e requintado. Utilize um gel modelador para manter a sua forma definida.<\/p>\n\n\n\n<h2 class=\"wp-block-heading\">38. Carac\u00f3is suaves em camadas<\/h2>\n\n\n<div class=\"wp-block-image\">\n<figure class=\"aligncenter\"><div style=\"position: relative;\"><noscript><img decoding=\"async\" src=\"https:\/\/flawlesshair.com\/wp-content\/uploads\/2025\/01\/Soft-Layered-Curls.jpg\" alt=\"Carac\u00f3is suaves em camadas\"><\/noscript><img decoding=\"async\" src=\"https:\/\/flawlesshair.com\/wp-content\/uploads\/2025\/01\/Soft-Layered-Curls.jpg\" alt=\"Carac\u00f3is suaves em camadas\" width=\"300\" height=\"300\" id=\"mv-trellis-img-38\" loading=\"lazy\" class=\"lazyload\" data-trellis-processed=\"1\"><div style=\"position: absolute; top: 0.5rem; right: 0.75rem;\"> <a href=\"https:\/\/www.pinterest.com\/pin\/create\/button\/\" data-pin-do=\"buttonPin\" data-pin-tall=\"true\" data-pin-url=\"https:\/\/flawlesshair.com\/pt\/penteados-curtos-e-faceis-em-camadas\/\" data-pin-media=\"https:\/\/flawlesshair.com\/wp-content\/uploads\/2025\/01\/Soft-Layered-Curls.jpg\" data-pin-description=\"42 Trendy Short Layered Hairstyles That Are Totally In Right Now\" rel=\"nofollow noopener\" target=\"_blank\"> <\/a><\/div><\/div><figcaption class=\"wp-element-caption\"><a href=\"https:\/\/www.instagram.com\/jayne_edosalon\/p\/CpO1JZcrIYQ\/\" target=\"_blank\" rel=\"noreferrer noopener nofollow\">\u00a9 jayne_edosalon<\/a><\/figcaption><\/figure>\n<\/div>\n\n\n<p>Os carac\u00f3is suaves em camadas oferecem um aspeto natural e descontra\u00eddo. Os carac\u00f3is suaves d\u00e3o volume e elasticidade. Perfeito para um retiro no campo. \u00c9 f\u00e1cil e despreocupado. Utilize um creme para carac\u00f3is para uma maior defini\u00e7\u00e3o e brilho.<\/p>\n\n\n\n<h2 class=\"wp-block-heading\">39. Bob c\u00f3nico com camadas<\/h2>\n\n\n<div class=\"wp-block-image\">\n<figure class=\"aligncenter\"><div style=\"position: relative;\"><noscript><img decoding=\"async\" src=\"https:\/\/flawlesshair.com\/wp-content\/uploads\/2025\/01\/Layered-Tapered-Bob.jpg\" alt=\"Bob c\u00f3nico com camadas\"><\/noscript><img decoding=\"async\" src=\"https:\/\/flawlesshair.com\/wp-content\/uploads\/2025\/01\/Layered-Tapered-Bob.jpg\" alt=\"Bob c\u00f3nico com camadas\" width=\"300\" height=\"300\" id=\"mv-trellis-img-39\" loading=\"lazy\" class=\"lazyload\" data-trellis-processed=\"1\"><div style=\"position: absolute; top: 0.5rem; right: 0.75rem;\"> <a href=\"https:\/\/www.pinterest.com\/pin\/create\/button\/\" data-pin-do=\"buttonPin\" data-pin-tall=\"true\" data-pin-url=\"https:\/\/flawlesshair.com\/pt\/penteados-curtos-e-faceis-em-camadas\/\" data-pin-media=\"https:\/\/flawlesshair.com\/wp-content\/uploads\/2025\/01\/Layered-Tapered-Bob.jpg\" data-pin-description=\"42 Trendy Short Layered Hairstyles That Are Totally In Right Now\" rel=\"nofollow noopener\" target=\"_blank\"> <\/a><\/div><\/div><figcaption class=\"wp-element-caption\"><a href=\"https:\/\/www.instagram.com\/priscilla_corner\/p\/DCymeVNzfUA\/\" target=\"_blank\" rel=\"noreferrer noopener nofollow\">\u00a9 priscilla_corner<\/a><\/figcaption><\/figure>\n<\/div>\n\n\n<p>O bob c\u00f3nico em camadas \u00e9 elegante e sofisticado. As camadas suaves conferem eleg\u00e2ncia. Ideal para eventos de luxo. \u00c9 polido e tem estilo. Use um ferro de engomar para obter um acabamento elegante e brilhante.<\/p>\n\n\n\n<h2 class=\"wp-block-heading\">40. Pixie com camadas funky<\/h2>\n\n\n<div class=\"wp-block-image\">\n<figure class=\"aligncenter\"><div style=\"position: relative;\"><noscript><img decoding=\"async\" src=\"https:\/\/flawlesshair.com\/wp-content\/uploads\/2025\/01\/Funky-Layered-Pixie.jpg\" alt=\"Pixie com camadas funky\"><\/noscript><img decoding=\"async\" src=\"https:\/\/flawlesshair.com\/wp-content\/uploads\/2025\/01\/Funky-Layered-Pixie.jpg\" alt=\"Pixie com camadas funky\" width=\"300\" height=\"300\" id=\"mv-trellis-img-40\" loading=\"lazy\" class=\"lazyload\" data-trellis-processed=\"1\"><div style=\"position: absolute; top: 0.5rem; right: 0.75rem;\"> <a href=\"https:\/\/www.pinterest.com\/pin\/create\/button\/\" data-pin-do=\"buttonPin\" data-pin-tall=\"true\" data-pin-url=\"https:\/\/flawlesshair.com\/pt\/penteados-curtos-e-faceis-em-camadas\/\" data-pin-media=\"https:\/\/flawlesshair.com\/wp-content\/uploads\/2025\/01\/Funky-Layered-Pixie.jpg\" data-pin-description=\"42 Trendy Short Layered Hairstyles That Are Totally In Right Now\" rel=\"nofollow noopener\" target=\"_blank\"> <\/a><\/div><\/div><figcaption class=\"wp-element-caption\"><a href=\"https:\/\/www.instagram.com\/jayne_edosalon\/p\/CWW75xapUhL\/\" target=\"_blank\" rel=\"noreferrer noopener nofollow\">\u00a9 jayne_edosalon<\/a><\/figcaption><\/figure>\n<\/div>\n\n\n<p>O funky pixie em camadas \u00e9 vibrante e en\u00e9rgico. As camadas divertidas d\u00e3o-lhe movimento. Perfeito para quem gosta de cor. \u00c9 vivo e arrojado. Use spray de cabelo colorido para uma mudan\u00e7a divertida e tempor\u00e1ria.<\/p>\n\n\n\n<h2 class=\"wp-block-heading\">41. Pixie brincalhona<\/h2>\n\n\n<div class=\"wp-block-image\">\n<figure class=\"aligncenter\"><div style=\"position: relative;\"><noscript><img decoding=\"async\" src=\"https:\/\/flawlesshair.com\/wp-content\/uploads\/2025\/01\/Playful-Pixie.jpg\" alt=\"Fada brincalhona\"><\/noscript><img decoding=\"async\" src=\"https:\/\/flawlesshair.com\/wp-content\/uploads\/2025\/01\/Playful-Pixie.jpg\" alt=\"Fada brincalhona\" width=\"300\" height=\"300\" id=\"mv-trellis-img-41\" loading=\"lazy\" class=\"lazyload\" data-trellis-processed=\"1\"><div style=\"position: absolute; top: 0.5rem; right: 0.75rem;\"> <a href=\"https:\/\/www.pinterest.com\/pin\/create\/button\/\" data-pin-do=\"buttonPin\" data-pin-tall=\"true\" data-pin-url=\"https:\/\/flawlesshair.com\/pt\/penteados-curtos-e-faceis-em-camadas\/\" data-pin-media=\"https:\/\/flawlesshair.com\/wp-content\/uploads\/2025\/01\/Playful-Pixie.jpg\" data-pin-description=\"42 Trendy Short Layered Hairstyles That Are Totally In Right Now\" rel=\"nofollow noopener\" target=\"_blank\"> <\/a><\/div><\/div><figcaption class=\"wp-element-caption\"><a href=\"https:\/\/www.instagram.com\/latesthair\/p\/Cj3WfqGSzqM\/\" target=\"_blank\" rel=\"noreferrer noopener nofollow\">\u00a9 latesthair<\/a><\/figcaption><\/figure>\n<\/div>\n\n\n<p>Um duende brincalh\u00e3o oferece uma vibra\u00e7\u00e3o jovem. As camadas texturadas d\u00e3o energia e movimento. \u00c9 perfeito para quem gosta de um estilo arrojado e despreocupado. Com um estilo m\u00ednimo, \u00e9 ideal para estilos de vida ocupados. Adicione um pouco de mousse para dar volume e defini\u00e7\u00e3o.<\/p>\n\n\n\n<h2 class=\"wp-block-heading\">42. Layered Bob with Undercut<\/h2>\n\n\n<div class=\"wp-block-image\">\n<figure class=\"aligncenter\"><div style=\"position: relative;\"><noscript><img decoding=\"async\" src=\"https:\/\/flawlesshair.com\/wp-content\/uploads\/2025\/01\/Layered-Bob-with-Undercut.jpg\" alt=\"Bob em camadas com corte inferior\"><\/noscript><img decoding=\"async\" src=\"https:\/\/flawlesshair.com\/wp-content\/uploads\/2025\/01\/Layered-Bob-with-Undercut.jpg\" alt=\"Bob em camadas com corte inferior\" width=\"300\" height=\"300\" id=\"mv-trellis-img-42\" loading=\"lazy\" class=\"lazyload\" data-trellis-processed=\"1\"><div style=\"position: absolute; top: 0.5rem; right: 0.75rem;\"> <a href=\"https:\/\/www.pinterest.com\/pin\/create\/button\/\" data-pin-do=\"buttonPin\" data-pin-tall=\"true\" data-pin-url=\"https:\/\/flawlesshair.com\/pt\/penteados-curtos-e-faceis-em-camadas\/\" data-pin-media=\"https:\/\/flawlesshair.com\/wp-content\/uploads\/2025\/01\/Layered-Bob-with-Undercut.jpg\" data-pin-description=\"42 Trendy Short Layered Hairstyles That Are Totally In Right Now\" rel=\"nofollow noopener\" target=\"_blank\"> <\/a><\/div><\/div><figcaption class=\"wp-element-caption\"><a href=\"https:\/\/www.instagram.com\/latesthair\/p\/CzuDRGnvrNb\/get-the-best-of-both-a-pixie-and-a-bob-when-opting-for-this-asymmetrical-undercu\/\" target=\"_blank\" rel=\"noreferrer noopener nofollow\">\u00a9 latesthair<\/a><\/figcaption><\/figure>\n<\/div>\n\n\n<p>O bob em camadas com corte inferior \u00e9 ousado e moderno. Os comprimentos contrastantes d\u00e3o um toque de intriga. Perfeito para quem gosta de um look contempor\u00e2neo. \u00c9 arrojado e elegante. Utilize um spray texturizante para dar mais volume e textura.<\/p>","protected":false},"excerpt":{"rendered":"<p>Short layered hairstyles are having a major moment, and we&rsquo;re here for it! This lineup of trendy cuts is all about fresh, modern styles that &hellip;<\/p>","protected":false},"author":29,"featured_media":155168,"comment_status":"closed","ping_status":"closed","sticky":false,"template":"","format":"standard","meta":{"syndication_tool_enabled":true,"syndication_tool_title":"","syndication_tool_excerpt":"","syndication_tool_featured_image":0,"syndication_tool_publish_date":"","syndication_tool_schema_types":["gallery"],"syndication_tool_backlink_enable":false,"syndication_tool_ai_disclosure_enable":false,"disable-in-feed":false,"article-schema-type":"","disable-critical-css":false,"footnotes":""},"categories":[31],"tags":[],"class_list":["post-105096","post","type-post","status-publish","format-standard","has-post-thumbnail","hentry","category-short"],"_links":{"self":[{"href":"https:\/\/flawlesshair.com\/pt\/wp-json\/wp\/v2\/posts\/105096","targetHints":{"allow":["GET"]}}],"collection":[{"href":"https:\/\/flawlesshair.com\/pt\/wp-json\/wp\/v2\/posts"}],"about":[{"href":"https:\/\/flawlesshair.com\/pt\/wp-json\/wp\/v2\/types\/post"}],"author":[{"embeddable":true,"href":"https:\/\/flawlesshair.com\/pt\/wp-json\/wp\/v2\/users\/29"}],"replies":[{"embeddable":true,"href":"https:\/\/flawlesshair.com\/pt\/wp-json\/wp\/v2\/comments?post=105096"}],"version-history":[{"count":0,"href":"https:\/\/flawlesshair.com\/pt\/wp-json\/wp\/v2\/posts\/105096\/revisions"}],"wp:featuredmedia":[{"embeddable":true,"href":"https:\/\/flawlesshair.com\/pt\/wp-json\/wp\/v2\/media\/155168"}],"wp:attachment":[{"href":"https:\/\/flawlesshair.com\/pt\/wp-json\/wp\/v2\/media?parent=105096"}],"wp:term":[{"taxonomy":"category","embeddable":true,"href":"https:\/\/flawlesshair.com\/pt\/wp-json\/wp\/v2\/categories?post=105096"},{"taxonomy":"post_tag","embeddable":true,"href":"https:\/\/flawlesshair.com\/pt\/wp-json\/wp\/v2\/tags?post=105096"}],"curies":[{"name":"wp","href":"https:\/\/api.w.org\/{rel}","templated":true}]}}