{"id":11668,"date":"2024-12-08T23:15:00","date_gmt":"2024-12-08T22:15:00","guid":{"rendered":"https:\/\/flawlesshair.com\/?p=11668"},"modified":"2024-12-08T22:12:47","modified_gmt":"2024-12-08T21:12:47","slug":"bob-assimetrico","status":"publish","type":"post","link":"https:\/\/flawlesshair.com\/pt\/bob-assimetrico\/","title":{"rendered":"60 Cortes de cabelo assim\u00e9tricos que est\u00e3o de volta em 2025"},"content":{"rendered":"<style>img#mv-trellis-img-1::before{padding-top:100%; }img#mv-trellis-img-1{display:block;}img#mv-trellis-img-2::before{padding-top:125%; }img#mv-trellis-img-2{display:block;}img#mv-trellis-img-3::before{padding-top:112.31481481481%; }img#mv-trellis-img-3{display:block;}img#mv-trellis-img-4::before{padding-top:125%; }img#mv-trellis-img-4{display:block;}img#mv-trellis-img-5::before{padding-top:124.62962962963%; }img#mv-trellis-img-5{display:block;}img#mv-trellis-img-6::before{padding-top:124.90740740741%; }img#mv-trellis-img-6{display:block;}img#mv-trellis-img-7::before{padding-top:122.22222222222%; }img#mv-trellis-img-7{display:block;}img#mv-trellis-img-8::before{padding-top:125%; }img#mv-trellis-img-8{display:block;}img#mv-trellis-img-9::before{padding-top:122.64631043257%; }img#mv-trellis-img-9{display:block;}img#mv-trellis-img-10::before{padding-top:100%; }img#mv-trellis-img-10{display:block;}img#mv-trellis-img-11::before{padding-top:103.51851851852%; }img#mv-trellis-img-11{display:block;}img#mv-trellis-img-12::before{padding-top:123.98148148148%; }img#mv-trellis-img-12{display:block;}img#mv-trellis-img-13::before{padding-top:112.64612114772%; }img#mv-trellis-img-13{display:block;}img#mv-trellis-img-14::before{padding-top:125%; }img#mv-trellis-img-14{display:block;}img#mv-trellis-img-15::before{padding-top:124.35185185185%; }img#mv-trellis-img-15{display:block;}img#mv-trellis-img-16::before{padding-top:112.96296296296%; }img#mv-trellis-img-16{display:block;}img#mv-trellis-img-17::before{padding-top:111.94444444444%; }img#mv-trellis-img-17{display:block;}img#mv-trellis-img-18::before{padding-top:100%; }img#mv-trellis-img-18{display:block;}img#mv-trellis-img-19::before{padding-top:125%; }img#mv-trellis-img-19{display:block;}img#mv-trellis-img-20::before{padding-top:125%; }img#mv-trellis-img-20{display:block;}img#mv-trellis-img-21::before{padding-top:125.07433102081%; }img#mv-trellis-img-21{display:block;}img#mv-trellis-img-22::before{padding-top:124.62962962963%; }img#mv-trellis-img-22{display:block;}img#mv-trellis-img-23::before{padding-top:125%; }img#mv-trellis-img-23{display:block;}img#mv-trellis-img-24::before{padding-top:105.55555555556%; }img#mv-trellis-img-24{display:block;}img#mv-trellis-img-25::before{padding-top:125%; }img#mv-trellis-img-25{display:block;}img#mv-trellis-img-26::before{padding-top:100.92592592593%; }img#mv-trellis-img-26{display:block;}img#mv-trellis-img-27::before{padding-top:124.90740740741%; }img#mv-trellis-img-27{display:block;}img#mv-trellis-img-28::before{padding-top:105.46296296296%; }img#mv-trellis-img-28{display:block;}img#mv-trellis-img-29::before{padding-top:125%; }img#mv-trellis-img-29{display:block;}img#mv-trellis-img-30::before{padding-top:100%; }img#mv-trellis-img-30{display:block;}img#mv-trellis-img-31::before{padding-top:125%; }img#mv-trellis-img-31{display:block;}img#mv-trellis-img-32::before{padding-top:125%; }img#mv-trellis-img-32{display:block;}img#mv-trellis-img-33::before{padding-top:125%; }img#mv-trellis-img-33{display:block;}img#mv-trellis-img-34::before{padding-top:125%; }img#mv-trellis-img-34{display:block;}img#mv-trellis-img-35::before{padding-top:123.7962962963%; }img#mv-trellis-img-35{display:block;}img#mv-trellis-img-36::before{padding-top:100%; }img#mv-trellis-img-36{display:block;}img#mv-trellis-img-37::before{padding-top:125%; }img#mv-trellis-img-37{display:block;}img#mv-trellis-img-38::before{padding-top:115.18518518519%; }img#mv-trellis-img-38{display:block;}img#mv-trellis-img-39::before{padding-top:125%; }img#mv-trellis-img-39{display:block;}img#mv-trellis-img-40::before{padding-top:125.04835589942%; }img#mv-trellis-img-40{display:block;}img#mv-trellis-img-41::before{padding-top:115.18518518519%; }img#mv-trellis-img-41{display:block;}img#mv-trellis-img-42::before{padding-top:100%; }img#mv-trellis-img-42{display:block;}img#mv-trellis-img-43::before{padding-top:125%; }img#mv-trellis-img-43{display:block;}img#mv-trellis-img-44::before{padding-top:125%; }img#mv-trellis-img-44{display:block;}img#mv-trellis-img-45::before{padding-top:106.86070686071%; }img#mv-trellis-img-45{display:block;}img#mv-trellis-img-46::before{padding-top:118.51851851852%; }img#mv-trellis-img-46{display:block;}img#mv-trellis-img-47::before{padding-top:116.2962962963%; }img#mv-trellis-img-47{display:block;}img#mv-trellis-img-48::before{padding-top:125%; }img#mv-trellis-img-48{display:block;}img#mv-trellis-img-49::before{padding-top:100.64814814815%; }img#mv-trellis-img-49{display:block;}img#mv-trellis-img-50::before{padding-top:113.14814814815%; }img#mv-trellis-img-50{display:block;}img#mv-trellis-img-51::before{padding-top:125%; }img#mv-trellis-img-51{display:block;}img#mv-trellis-img-52::before{padding-top:125%; }img#mv-trellis-img-52{display:block;}img#mv-trellis-img-53::before{padding-top:100%; }img#mv-trellis-img-53{display:block;}img#mv-trellis-img-54::before{padding-top:122.06047032475%; }img#mv-trellis-img-54{display:block;}img#mv-trellis-img-55::before{padding-top:100%; }img#mv-trellis-img-55{display:block;}img#mv-trellis-img-56::before{padding-top:101.01851851852%; }img#mv-trellis-img-56{display:block;}img#mv-trellis-img-57::before{padding-top:124.62962962963%; }img#mv-trellis-img-57{display:block;}img#mv-trellis-img-58::before{padding-top:125%; }img#mv-trellis-img-58{display:block;}img#mv-trellis-img-59::before{padding-top:125%; }img#mv-trellis-img-59{display:block;}img#mv-trellis-img-60::before{padding-top:119.07407407407%; }img#mv-trellis-img-60{display:block;}<\/style>\n<p>Preparada para um corte de cabelo f\u00e1cil que \u00e9 tudo menos vulgar? O bob assim\u00e9trico est\u00e1 a regressar, com formas que v\u00e3o do sofisticado ao atrevido.<\/p>\n\n\n\n<p>O bob assim\u00e9trico \u00e9 definido por um contorno irregular e diagonal - \u00e9 mais comprido num lado da cabe\u00e7a do que no outro. Dependendo do \u00e2ngulo e do estilo que escolher, pode ser t\u00e3o simples ou t\u00e3o dram\u00e1tico quanto quiser.<\/p>\n\n\n\n<p>Aqui est\u00e3o as formas mais elegantes de usar este corte de cabelo chique e arrojado.<\/p>\n\n\n\n<h2 class=\"wp-block-heading\">1. Bob assim\u00e9trico sem corte m\u00e9dio<\/h2>\n\n\n\n<figure class=\"wp-block-image size-full\"><div style=\"position: relative;\"><noscript><img loading=\"lazy\" decoding=\"async\" width=\"1440\" height=\"1440\" src=\"https:\/\/flawlesshair.com\/wp-content\/uploads\/2023\/04\/1.-medium-blunt-asymmetrical-bob.jpg\" alt=\"bob assim\u00e9trico m\u00e9dio sem corte\" class=\"wp-image-33287\" srcset=\"https:\/\/flawlesshair.com\/wp-content\/uploads\/2023\/04\/1.-medium-blunt-asymmetrical-bob.jpg 1440w, https:\/\/flawlesshair.com\/wp-content\/uploads\/2023\/04\/1.-medium-blunt-asymmetrical-bob-300x300.jpg 300w, https:\/\/flawlesshair.com\/wp-content\/uploads\/2023\/04\/1.-medium-blunt-asymmetrical-bob-150x150.jpg 150w, https:\/\/flawlesshair.com\/wp-content\/uploads\/2023\/04\/1.-medium-blunt-asymmetrical-bob-768x768.jpg 768w, https:\/\/flawlesshair.com\/wp-content\/uploads\/2023\/04\/1.-medium-blunt-asymmetrical-bob-12x12.jpg 12w, https:\/\/flawlesshair.com\/wp-content\/uploads\/2023\/04\/1.-medium-blunt-asymmetrical-bob-728x728.jpg 728w, https:\/\/flawlesshair.com\/wp-content\/uploads\/2023\/04\/1.-medium-blunt-asymmetrical-bob-960x960.jpg 960w, https:\/\/flawlesshair.com\/wp-content\/uploads\/2023\/04\/1.-medium-blunt-asymmetrical-bob-1080x1080.jpg 1080w, https:\/\/flawlesshair.com\/wp-content\/uploads\/2023\/04\/1.-medium-blunt-asymmetrical-bob-1200x1200.jpg 1200w, https:\/\/flawlesshair.com\/wp-content\/uploads\/2023\/04\/1.-medium-blunt-asymmetrical-bob-96x96.jpg 96w\" sizes=\"auto, (max-width: 760px) calc(100vw - 24px), 720px\"><\/noscript><img loading=\"eager\" decoding=\"async\" width=\"1440\" height=\"1440\" src=\"data:image\/svg+xml,%3Csvg%20xmlns='http:\/\/www.w3.org\/2000\/svg'%20viewBox='0%200%201440%201440'%3E%3Crect%20width='1440'%20height='1440'%20style='fill:%23e3e3e3'\/%3E%3C\/svg%3E\" alt=\"bob assim\u00e9trico m\u00e9dio sem corte\" class=\"wp-image-33287 eager-load\" sizes=\"auto, (max-width: 760px) calc(100vw - 24px), 720px\" data-pin-media=\"https:\/\/flawlesshair.com\/wp-content\/uploads\/2023\/04\/1.-medium-blunt-asymmetrical-bob.jpg\" id=\"mv-trellis-img-1\" data-src=\"https:\/\/flawlesshair.com\/wp-content\/uploads\/2023\/04\/1.-medium-blunt-asymmetrical-bob.jpg\" data-srcset=\"https:\/\/flawlesshair.com\/wp-content\/uploads\/2023\/04\/1.-medium-blunt-asymmetrical-bob.jpg 1440w, https:\/\/flawlesshair.com\/wp-content\/uploads\/2023\/04\/1.-medium-blunt-asymmetrical-bob-300x300.jpg 300w, https:\/\/flawlesshair.com\/wp-content\/uploads\/2023\/04\/1.-medium-blunt-asymmetrical-bob-150x150.jpg 150w, https:\/\/flawlesshair.com\/wp-content\/uploads\/2023\/04\/1.-medium-blunt-asymmetrical-bob-768x768.jpg 768w, https:\/\/flawlesshair.com\/wp-content\/uploads\/2023\/04\/1.-medium-blunt-asymmetrical-bob-12x12.jpg 12w, https:\/\/flawlesshair.com\/wp-content\/uploads\/2023\/04\/1.-medium-blunt-asymmetrical-bob-728x728.jpg 728w, https:\/\/flawlesshair.com\/wp-content\/uploads\/2023\/04\/1.-medium-blunt-asymmetrical-bob-960x960.jpg 960w, https:\/\/flawlesshair.com\/wp-content\/uploads\/2023\/04\/1.-medium-blunt-asymmetrical-bob-1080x1080.jpg 1080w, https:\/\/flawlesshair.com\/wp-content\/uploads\/2023\/04\/1.-medium-blunt-asymmetrical-bob-1200x1200.jpg 1200w, https:\/\/flawlesshair.com\/wp-content\/uploads\/2023\/04\/1.-medium-blunt-asymmetrical-bob-96x96.jpg 96w\" data-svg=\"1\" data-trellis-processed=\"1\"><div style=\"position: absolute; top: 0.5rem; right: 0.75rem;\"> <a href=\"https:\/\/www.pinterest.com\/pin\/create\/button\/\" data-pin-do=\"buttonPin\" data-pin-tall=\"true\" data-pin-url=\"https:\/\/flawlesshair.com\/pt\/bob-assimetrico\/\" data-pin-media=\"https:\/\/flawlesshair.com\/wp-content\/uploads\/2023\/04\/1.-medium-blunt-asymmetrical-bob.jpg\" data-pin-description=\"60 Asymmetrical Bob Haircuts Making A Comeback In 2025\" rel=\"nofollow noopener\" target=\"_blank\"> <\/a><\/div><\/div><figcaption class=\"wp-element-caption\"><a href=\"https:\/\/www.instagram.com\/hair_byginam\" target=\"_blank\" rel=\"noreferrer noopener nofollow\">@hair_byginam<\/a><\/figcaption><\/figure>\n\n\n\n<p>Esta \u00e9 uma forma sexy e sensual de usar o bob assim\u00e9trico. O cabelo em cascata sobre um olho \u00e9 sedutor e o lado mais comprido cai bem para l\u00e1 do ombro, dando a impress\u00e3o de um cabelo comprido. Delicioso, mas ainda assim leve!<\/p>\n\n\n\n<h2 class=\"wp-block-heading\">2. Corte de Cabelo Bob Assim\u00e9trico Elegante<\/h2>\n\n\n<div class=\"wp-block-image is-resized\">\n<figure class=\"aligncenter size-full\"><div style=\"position: relative;\"><noscript><img loading=\"lazy\" decoding=\"async\" width=\"1080\" height=\"1350\" src=\"https:\/\/flawlesshair.com\/wp-content\/uploads\/2023\/04\/2.-sleek-asymmetrical-bob-haircut.jpg\" alt=\"corte de cabelo bob assim\u00e9trico elegante\" class=\"wp-image-33288\" srcset=\"https:\/\/flawlesshair.com\/wp-content\/uploads\/2023\/04\/2.-sleek-asymmetrical-bob-haircut.jpg 1080w, https:\/\/flawlesshair.com\/wp-content\/uploads\/2023\/04\/2.-sleek-asymmetrical-bob-haircut-240x300.jpg 240w, https:\/\/flawlesshair.com\/wp-content\/uploads\/2023\/04\/2.-sleek-asymmetrical-bob-haircut-768x960.jpg 768w, https:\/\/flawlesshair.com\/wp-content\/uploads\/2023\/04\/2.-sleek-asymmetrical-bob-haircut-10x12.jpg 10w, https:\/\/flawlesshair.com\/wp-content\/uploads\/2023\/04\/2.-sleek-asymmetrical-bob-haircut-864x1080.jpg 864w, https:\/\/flawlesshair.com\/wp-content\/uploads\/2023\/04\/2.-sleek-asymmetrical-bob-haircut-960x1200.jpg 960w, https:\/\/flawlesshair.com\/wp-content\/uploads\/2023\/04\/2.-sleek-asymmetrical-bob-haircut-150x188.jpg 150w\" sizes=\"auto, (max-width: 760px) calc(100vw - 24px), 720px\"><\/noscript><img loading=\"lazy\" decoding=\"async\" width=\"1080\" height=\"1350\" src=\"https:\/\/flawlesshair.com\/wp-content\/uploads\/2023\/04\/2.-sleek-asymmetrical-bob-haircut.jpg\" alt=\"corte de cabelo bob assim\u00e9trico elegante\" class=\"wp-image-33288 lazyload\" srcset=\"https:\/\/flawlesshair.com\/wp-content\/uploads\/2023\/04\/2.-sleek-asymmetrical-bob-haircut.jpg 1080w, https:\/\/flawlesshair.com\/wp-content\/uploads\/2023\/04\/2.-sleek-asymmetrical-bob-haircut-240x300.jpg 240w, https:\/\/flawlesshair.com\/wp-content\/uploads\/2023\/04\/2.-sleek-asymmetrical-bob-haircut-768x960.jpg 768w, https:\/\/flawlesshair.com\/wp-content\/uploads\/2023\/04\/2.-sleek-asymmetrical-bob-haircut-10x12.jpg 10w, https:\/\/flawlesshair.com\/wp-content\/uploads\/2023\/04\/2.-sleek-asymmetrical-bob-haircut-864x1080.jpg 864w, https:\/\/flawlesshair.com\/wp-content\/uploads\/2023\/04\/2.-sleek-asymmetrical-bob-haircut-960x1200.jpg 960w, https:\/\/flawlesshair.com\/wp-content\/uploads\/2023\/04\/2.-sleek-asymmetrical-bob-haircut-150x188.jpg 150w\" sizes=\"auto, (max-width: 760px) calc(100vw - 24px), 720px\" data-pin-media=\"https:\/\/flawlesshair.com\/wp-content\/uploads\/2023\/04\/2.-sleek-asymmetrical-bob-haircut.jpg\" id=\"mv-trellis-img-2\" data-trellis-processed=\"1\"><div style=\"position: absolute; top: 0.5rem; right: 0.75rem;\"> <a href=\"https:\/\/www.pinterest.com\/pin\/create\/button\/\" data-pin-do=\"buttonPin\" data-pin-tall=\"true\" data-pin-url=\"https:\/\/flawlesshair.com\/pt\/bob-assimetrico\/\" data-pin-media=\"https:\/\/flawlesshair.com\/wp-content\/uploads\/2023\/04\/2.-sleek-asymmetrical-bob-haircut.jpg\" data-pin-description=\"60 Asymmetrical Bob Haircuts Making A Comeback In 2025\" rel=\"nofollow noopener\" target=\"_blank\"> <\/a><\/div><\/div><figcaption class=\"wp-element-caption\"><a href=\"https:\/\/www.instagram.com\/glammedbydiaa\" target=\"_blank\" rel=\"noreferrer noopener nofollow\">@glammedbydiaa<\/a><\/figcaption><\/figure>\n<\/div>\n\n\n<p>Embora um bob assim\u00e9trico possa ter impacto de uma forma dram\u00e1tica e frontal, uma vers\u00e3o elegante e sofisticada deste corte vers\u00e1til \u00e9 igualmente deslumbrante.<\/p>\n\n\n\n<h2 class=\"wp-block-heading\">3. Bob assim\u00e9trico m\u00e9dio com franja<\/h2>\n\n\n\n<figure class=\"wp-block-image size-full\"><div style=\"position: relative;\"><noscript><img loading=\"lazy\" decoding=\"async\" width=\"1080\" height=\"1213\" src=\"https:\/\/flawlesshair.com\/wp-content\/uploads\/2023\/04\/3.-medium-asymmetrical-bob-with-bangs.jpg\" alt=\"bob assim\u00e9trico m\u00e9dio com franja\" class=\"wp-image-33289\" srcset=\"https:\/\/flawlesshair.com\/wp-content\/uploads\/2023\/04\/3.-medium-asymmetrical-bob-with-bangs.jpg 1080w, https:\/\/flawlesshair.com\/wp-content\/uploads\/2023\/04\/3.-medium-asymmetrical-bob-with-bangs-267x300.jpg 267w, https:\/\/flawlesshair.com\/wp-content\/uploads\/2023\/04\/3.-medium-asymmetrical-bob-with-bangs-768x863.jpg 768w, https:\/\/flawlesshair.com\/wp-content\/uploads\/2023\/04\/3.-medium-asymmetrical-bob-with-bangs-11x12.jpg 11w, https:\/\/flawlesshair.com\/wp-content\/uploads\/2023\/04\/3.-medium-asymmetrical-bob-with-bangs-855x960.jpg 855w, https:\/\/flawlesshair.com\/wp-content\/uploads\/2023\/04\/3.-medium-asymmetrical-bob-with-bangs-962x1080.jpg 962w, https:\/\/flawlesshair.com\/wp-content\/uploads\/2023\/04\/3.-medium-asymmetrical-bob-with-bangs-1068x1200.jpg 1068w, https:\/\/flawlesshair.com\/wp-content\/uploads\/2023\/04\/3.-medium-asymmetrical-bob-with-bangs-150x168.jpg 150w\" sizes=\"auto, (max-width: 760px) calc(100vw - 24px), 720px\"><\/noscript><img loading=\"lazy\" decoding=\"async\" width=\"1080\" height=\"1213\" src=\"https:\/\/flawlesshair.com\/wp-content\/uploads\/2023\/04\/3.-medium-asymmetrical-bob-with-bangs.jpg\" alt=\"bob assim\u00e9trico m\u00e9dio com franja\" class=\"wp-image-33289 lazyload\" srcset=\"https:\/\/flawlesshair.com\/wp-content\/uploads\/2023\/04\/3.-medium-asymmetrical-bob-with-bangs.jpg 1080w, https:\/\/flawlesshair.com\/wp-content\/uploads\/2023\/04\/3.-medium-asymmetrical-bob-with-bangs-267x300.jpg 267w, https:\/\/flawlesshair.com\/wp-content\/uploads\/2023\/04\/3.-medium-asymmetrical-bob-with-bangs-768x863.jpg 768w, https:\/\/flawlesshair.com\/wp-content\/uploads\/2023\/04\/3.-medium-asymmetrical-bob-with-bangs-11x12.jpg 11w, https:\/\/flawlesshair.com\/wp-content\/uploads\/2023\/04\/3.-medium-asymmetrical-bob-with-bangs-855x960.jpg 855w, https:\/\/flawlesshair.com\/wp-content\/uploads\/2023\/04\/3.-medium-asymmetrical-bob-with-bangs-962x1080.jpg 962w, https:\/\/flawlesshair.com\/wp-content\/uploads\/2023\/04\/3.-medium-asymmetrical-bob-with-bangs-1068x1200.jpg 1068w, https:\/\/flawlesshair.com\/wp-content\/uploads\/2023\/04\/3.-medium-asymmetrical-bob-with-bangs-150x168.jpg 150w\" sizes=\"auto, (max-width: 760px) calc(100vw - 24px), 720px\" data-pin-media=\"https:\/\/flawlesshair.com\/wp-content\/uploads\/2023\/04\/3.-medium-asymmetrical-bob-with-bangs.jpg\" id=\"mv-trellis-img-3\" data-trellis-processed=\"1\"><div style=\"position: absolute; top: 0.5rem; right: 0.75rem;\"> <a href=\"https:\/\/www.pinterest.com\/pin\/create\/button\/\" data-pin-do=\"buttonPin\" data-pin-tall=\"true\" data-pin-url=\"https:\/\/flawlesshair.com\/pt\/bob-assimetrico\/\" data-pin-media=\"https:\/\/flawlesshair.com\/wp-content\/uploads\/2023\/04\/3.-medium-asymmetrical-bob-with-bangs.jpg\" data-pin-description=\"60 Asymmetrical Bob Haircuts Making A Comeback In 2025\" rel=\"nofollow noopener\" target=\"_blank\"> <\/a><\/div><\/div><figcaption class=\"wp-element-caption\"><a href=\"https:\/\/www.instagram.com\/aliyousha\" target=\"_blank\" rel=\"noreferrer noopener nofollow\">@aliyousha<\/a><\/figcaption><\/figure>\n\n\n\n<p>Se quiser fazer da cor o foco do seu penteado, precisa de um corte de cabelo que n\u00e3o a sobrecarregue. Esta combina\u00e7\u00e3o de verde e amarelo n\u00e9on \u00e9 muito apelativa, por isso o bob assim\u00e9trico reto com franja beb\u00e9 sem corte \u00e9 simples mas suficientemente interessante para a equilibrar.<\/p>\n\n\n\n<h2 class=\"wp-block-heading\">4. Bob Curto Assim\u00e9trico Undercut<\/h2>\n\n\n\n<figure class=\"wp-block-image size-full\"><div style=\"position: relative;\"><noscript><img loading=\"lazy\" decoding=\"async\" width=\"1080\" height=\"1350\" src=\"https:\/\/flawlesshair.com\/wp-content\/uploads\/2023\/04\/4.-undercut-short-asymmetrical-bob.jpg\" alt=\"corte curto assim\u00e9trico\" class=\"wp-image-33290\" srcset=\"https:\/\/flawlesshair.com\/wp-content\/uploads\/2023\/04\/4.-undercut-short-asymmetrical-bob.jpg 1080w, https:\/\/flawlesshair.com\/wp-content\/uploads\/2023\/04\/4.-undercut-short-asymmetrical-bob-240x300.jpg 240w, https:\/\/flawlesshair.com\/wp-content\/uploads\/2023\/04\/4.-undercut-short-asymmetrical-bob-768x960.jpg 768w, https:\/\/flawlesshair.com\/wp-content\/uploads\/2023\/04\/4.-undercut-short-asymmetrical-bob-10x12.jpg 10w, https:\/\/flawlesshair.com\/wp-content\/uploads\/2023\/04\/4.-undercut-short-asymmetrical-bob-864x1080.jpg 864w, https:\/\/flawlesshair.com\/wp-content\/uploads\/2023\/04\/4.-undercut-short-asymmetrical-bob-960x1200.jpg 960w, https:\/\/flawlesshair.com\/wp-content\/uploads\/2023\/04\/4.-undercut-short-asymmetrical-bob-150x188.jpg 150w\" sizes=\"auto, (max-width: 760px) calc(100vw - 24px), 720px\"><\/noscript><img loading=\"lazy\" decoding=\"async\" width=\"1080\" height=\"1350\" src=\"https:\/\/flawlesshair.com\/wp-content\/uploads\/2023\/04\/4.-undercut-short-asymmetrical-bob.jpg\" alt=\"corte curto assim\u00e9trico\" class=\"wp-image-33290 lazyload\" srcset=\"https:\/\/flawlesshair.com\/wp-content\/uploads\/2023\/04\/4.-undercut-short-asymmetrical-bob.jpg 1080w, https:\/\/flawlesshair.com\/wp-content\/uploads\/2023\/04\/4.-undercut-short-asymmetrical-bob-240x300.jpg 240w, https:\/\/flawlesshair.com\/wp-content\/uploads\/2023\/04\/4.-undercut-short-asymmetrical-bob-768x960.jpg 768w, https:\/\/flawlesshair.com\/wp-content\/uploads\/2023\/04\/4.-undercut-short-asymmetrical-bob-10x12.jpg 10w, https:\/\/flawlesshair.com\/wp-content\/uploads\/2023\/04\/4.-undercut-short-asymmetrical-bob-864x1080.jpg 864w, https:\/\/flawlesshair.com\/wp-content\/uploads\/2023\/04\/4.-undercut-short-asymmetrical-bob-960x1200.jpg 960w, https:\/\/flawlesshair.com\/wp-content\/uploads\/2023\/04\/4.-undercut-short-asymmetrical-bob-150x188.jpg 150w\" sizes=\"auto, (max-width: 760px) calc(100vw - 24px), 720px\" data-pin-media=\"https:\/\/flawlesshair.com\/wp-content\/uploads\/2023\/04\/4.-undercut-short-asymmetrical-bob.jpg\" id=\"mv-trellis-img-4\" data-trellis-processed=\"1\"><div style=\"position: absolute; top: 0.5rem; right: 0.75rem;\"> <a href=\"https:\/\/www.pinterest.com\/pin\/create\/button\/\" data-pin-do=\"buttonPin\" data-pin-tall=\"true\" data-pin-url=\"https:\/\/flawlesshair.com\/pt\/bob-assimetrico\/\" data-pin-media=\"https:\/\/flawlesshair.com\/wp-content\/uploads\/2023\/04\/4.-undercut-short-asymmetrical-bob.jpg\" data-pin-description=\"60 Asymmetrical Bob Haircuts Making A Comeback In 2025\" rel=\"nofollow noopener\" target=\"_blank\"> <\/a><\/div><\/div><figcaption class=\"wp-element-caption\"><a href=\"https:\/\/www.instagram.com\/heather_agood\" target=\"_blank\" rel=\"noreferrer noopener nofollow\">@heather_agood<\/a><\/figcaption><\/figure>\n\n\n\n<p>Este seria um bob assim\u00e9trico muito subtil se o lado mais curto n\u00e3o fosse rapado. Em vez disso, este \u00e9 um <a href=\"https:\/\/flawlesshair.com\/pt\/corte-curto\/\">corte curto<\/a> com muitas arestas.<\/p>\n\n\n\n<h2 class=\"wp-block-heading\">5. Bob curto assim\u00e9trico sem corte<\/h2>\n\n\n\n<figure class=\"wp-block-image size-full\"><div style=\"position: relative;\"><noscript><img loading=\"lazy\" decoding=\"async\" width=\"1080\" height=\"1346\" src=\"https:\/\/flawlesshair.com\/wp-content\/uploads\/2023\/04\/5.-blunt-asymmetrical-short-bob.jpg\" alt=\"corte curto assim\u00e9trico sem corte\" class=\"wp-image-33291\" srcset=\"https:\/\/flawlesshair.com\/wp-content\/uploads\/2023\/04\/5.-blunt-asymmetrical-short-bob.jpg 1080w, https:\/\/flawlesshair.com\/wp-content\/uploads\/2023\/04\/5.-blunt-asymmetrical-short-bob-241x300.jpg 241w, https:\/\/flawlesshair.com\/wp-content\/uploads\/2023\/04\/5.-blunt-asymmetrical-short-bob-768x957.jpg 768w, https:\/\/flawlesshair.com\/wp-content\/uploads\/2023\/04\/5.-blunt-asymmetrical-short-bob-10x12.jpg 10w, https:\/\/flawlesshair.com\/wp-content\/uploads\/2023\/04\/5.-blunt-asymmetrical-short-bob-770x960.jpg 770w, https:\/\/flawlesshair.com\/wp-content\/uploads\/2023\/04\/5.-blunt-asymmetrical-short-bob-867x1080.jpg 867w, https:\/\/flawlesshair.com\/wp-content\/uploads\/2023\/04\/5.-blunt-asymmetrical-short-bob-963x1200.jpg 963w, https:\/\/flawlesshair.com\/wp-content\/uploads\/2023\/04\/5.-blunt-asymmetrical-short-bob-150x187.jpg 150w\" sizes=\"auto, (max-width: 760px) calc(100vw - 24px), 720px\"><\/noscript><img loading=\"lazy\" decoding=\"async\" width=\"1080\" height=\"1346\" src=\"https:\/\/flawlesshair.com\/wp-content\/uploads\/2023\/04\/5.-blunt-asymmetrical-short-bob.jpg\" alt=\"corte curto assim\u00e9trico sem corte\" class=\"wp-image-33291 lazyload\" srcset=\"https:\/\/flawlesshair.com\/wp-content\/uploads\/2023\/04\/5.-blunt-asymmetrical-short-bob.jpg 1080w, https:\/\/flawlesshair.com\/wp-content\/uploads\/2023\/04\/5.-blunt-asymmetrical-short-bob-241x300.jpg 241w, https:\/\/flawlesshair.com\/wp-content\/uploads\/2023\/04\/5.-blunt-asymmetrical-short-bob-768x957.jpg 768w, https:\/\/flawlesshair.com\/wp-content\/uploads\/2023\/04\/5.-blunt-asymmetrical-short-bob-10x12.jpg 10w, https:\/\/flawlesshair.com\/wp-content\/uploads\/2023\/04\/5.-blunt-asymmetrical-short-bob-770x960.jpg 770w, https:\/\/flawlesshair.com\/wp-content\/uploads\/2023\/04\/5.-blunt-asymmetrical-short-bob-867x1080.jpg 867w, https:\/\/flawlesshair.com\/wp-content\/uploads\/2023\/04\/5.-blunt-asymmetrical-short-bob-963x1200.jpg 963w, https:\/\/flawlesshair.com\/wp-content\/uploads\/2023\/04\/5.-blunt-asymmetrical-short-bob-150x187.jpg 150w\" sizes=\"auto, (max-width: 760px) calc(100vw - 24px), 720px\" data-pin-media=\"https:\/\/flawlesshair.com\/wp-content\/uploads\/2023\/04\/5.-blunt-asymmetrical-short-bob.jpg\" id=\"mv-trellis-img-5\" data-trellis-processed=\"1\"><div style=\"position: absolute; top: 0.5rem; right: 0.75rem;\"> <a href=\"https:\/\/www.pinterest.com\/pin\/create\/button\/\" data-pin-do=\"buttonPin\" data-pin-tall=\"true\" data-pin-url=\"https:\/\/flawlesshair.com\/pt\/bob-assimetrico\/\" data-pin-media=\"https:\/\/flawlesshair.com\/wp-content\/uploads\/2023\/04\/5.-blunt-asymmetrical-short-bob.jpg\" data-pin-description=\"60 Asymmetrical Bob Haircuts Making A Comeback In 2025\" rel=\"nofollow noopener\" target=\"_blank\"> <\/a><\/div><\/div><figcaption class=\"wp-element-caption\"><a href=\"https:\/\/www.instagram.com\/anastasiiia_korzhova\" target=\"_blank\" rel=\"noreferrer noopener nofollow\">@anastasiiia_korzhova<\/a><\/figcaption><\/figure>\n\n\n\n<p>Uma coisa sem corte <a href=\"https:\/\/flawlesshair.com\/pt\/bob-de-um-comprimento\/\">bob de um comprimento<\/a> \u00e9 um dos cortes de cabelo mais elegantes que nunca passa de moda. Uma ligeira assimetria eleva-o e torna-o mais interessante sem alterar a impress\u00e3o cl\u00e1ssica geral.<\/p>\n\n\n\n<h2 class=\"wp-block-heading\">6. L\u00f3bulo assim\u00e9trico sem corte<\/h2>\n\n\n\n<figure class=\"wp-block-image size-full\"><div style=\"position: relative;\"><noscript><img loading=\"lazy\" decoding=\"async\" width=\"1080\" height=\"1349\" src=\"https:\/\/flawlesshair.com\/wp-content\/uploads\/2023\/04\/6.-blunt-asymmetrical-lob.jpg\" alt=\"l\u00f3bulo assim\u00e9trico sem corte\" class=\"wp-image-33292\" srcset=\"https:\/\/flawlesshair.com\/wp-content\/uploads\/2023\/04\/6.-blunt-asymmetrical-lob.jpg 1080w, https:\/\/flawlesshair.com\/wp-content\/uploads\/2023\/04\/6.-blunt-asymmetrical-lob-240x300.jpg 240w, https:\/\/flawlesshair.com\/wp-content\/uploads\/2023\/04\/6.-blunt-asymmetrical-lob-768x959.jpg 768w, https:\/\/flawlesshair.com\/wp-content\/uploads\/2023\/04\/6.-blunt-asymmetrical-lob-10x12.jpg 10w, https:\/\/flawlesshair.com\/wp-content\/uploads\/2023\/04\/6.-blunt-asymmetrical-lob-769x960.jpg 769w, https:\/\/flawlesshair.com\/wp-content\/uploads\/2023\/04\/6.-blunt-asymmetrical-lob-865x1080.jpg 865w, https:\/\/flawlesshair.com\/wp-content\/uploads\/2023\/04\/6.-blunt-asymmetrical-lob-961x1200.jpg 961w, https:\/\/flawlesshair.com\/wp-content\/uploads\/2023\/04\/6.-blunt-asymmetrical-lob-150x187.jpg 150w\" sizes=\"auto, (max-width: 760px) calc(100vw - 24px), 720px\"><\/noscript><img loading=\"lazy\" decoding=\"async\" width=\"1080\" height=\"1349\" src=\"https:\/\/flawlesshair.com\/wp-content\/uploads\/2023\/04\/6.-blunt-asymmetrical-lob.jpg\" alt=\"l\u00f3bulo assim\u00e9trico sem corte\" class=\"wp-image-33292 lazyload\" srcset=\"https:\/\/flawlesshair.com\/wp-content\/uploads\/2023\/04\/6.-blunt-asymmetrical-lob.jpg 1080w, https:\/\/flawlesshair.com\/wp-content\/uploads\/2023\/04\/6.-blunt-asymmetrical-lob-240x300.jpg 240w, https:\/\/flawlesshair.com\/wp-content\/uploads\/2023\/04\/6.-blunt-asymmetrical-lob-768x959.jpg 768w, https:\/\/flawlesshair.com\/wp-content\/uploads\/2023\/04\/6.-blunt-asymmetrical-lob-10x12.jpg 10w, https:\/\/flawlesshair.com\/wp-content\/uploads\/2023\/04\/6.-blunt-asymmetrical-lob-769x960.jpg 769w, https:\/\/flawlesshair.com\/wp-content\/uploads\/2023\/04\/6.-blunt-asymmetrical-lob-865x1080.jpg 865w, https:\/\/flawlesshair.com\/wp-content\/uploads\/2023\/04\/6.-blunt-asymmetrical-lob-961x1200.jpg 961w, https:\/\/flawlesshair.com\/wp-content\/uploads\/2023\/04\/6.-blunt-asymmetrical-lob-150x187.jpg 150w\" sizes=\"auto, (max-width: 760px) calc(100vw - 24px), 720px\" data-pin-media=\"https:\/\/flawlesshair.com\/wp-content\/uploads\/2023\/04\/6.-blunt-asymmetrical-lob.jpg\" id=\"mv-trellis-img-6\" data-trellis-processed=\"1\"><div style=\"position: absolute; top: 0.5rem; right: 0.75rem;\"> <a href=\"https:\/\/www.pinterest.com\/pin\/create\/button\/\" data-pin-do=\"buttonPin\" data-pin-tall=\"true\" data-pin-url=\"https:\/\/flawlesshair.com\/pt\/bob-assimetrico\/\" data-pin-media=\"https:\/\/flawlesshair.com\/wp-content\/uploads\/2023\/04\/6.-blunt-asymmetrical-lob.jpg\" data-pin-description=\"60 Asymmetrical Bob Haircuts Making A Comeback In 2025\" rel=\"nofollow noopener\" target=\"_blank\"> <\/a><\/div><\/div><figcaption class=\"wp-element-caption\"><a href=\"https:\/\/www.instagram.com\/kimberlytayhair\" target=\"_blank\" rel=\"noreferrer noopener nofollow\">@kimberlytayhair<\/a><\/figcaption><\/figure>\n\n\n\n<p>Sejamos realistas: o lob ondulado tem sido o corte de cabelo preferido de toda a gente h\u00e1 j\u00e1 algum tempo e, mesmo que goste dele, pode tornar-se um pouco repetitivo. O contorno irregular torna-o mais interessante e pessoal.<\/p>\n\n\n\n<h2 class=\"wp-block-heading\">7. Bob comprido invertido choppy<\/h2>\n\n\n\n<figure class=\"wp-block-image size-full\"><div style=\"position: relative;\"><noscript><img loading=\"lazy\" decoding=\"async\" width=\"1080\" height=\"1320\" src=\"https:\/\/flawlesshair.com\/wp-content\/uploads\/2023\/04\/7.-choppy-long-inverted-bob.jpg\" alt=\"bob longo invertido choppy\" class=\"wp-image-33293\" srcset=\"https:\/\/flawlesshair.com\/wp-content\/uploads\/2023\/04\/7.-choppy-long-inverted-bob.jpg 1080w, https:\/\/flawlesshair.com\/wp-content\/uploads\/2023\/04\/7.-choppy-long-inverted-bob-245x300.jpg 245w, https:\/\/flawlesshair.com\/wp-content\/uploads\/2023\/04\/7.-choppy-long-inverted-bob-768x939.jpg 768w, https:\/\/flawlesshair.com\/wp-content\/uploads\/2023\/04\/7.-choppy-long-inverted-bob-10x12.jpg 10w, https:\/\/flawlesshair.com\/wp-content\/uploads\/2023\/04\/7.-choppy-long-inverted-bob-785x960.jpg 785w, https:\/\/flawlesshair.com\/wp-content\/uploads\/2023\/04\/7.-choppy-long-inverted-bob-884x1080.jpg 884w, https:\/\/flawlesshair.com\/wp-content\/uploads\/2023\/04\/7.-choppy-long-inverted-bob-982x1200.jpg 982w, https:\/\/flawlesshair.com\/wp-content\/uploads\/2023\/04\/7.-choppy-long-inverted-bob-150x183.jpg 150w\" sizes=\"auto, (max-width: 760px) calc(100vw - 24px), 720px\"><\/noscript><img loading=\"lazy\" decoding=\"async\" width=\"1080\" height=\"1320\" src=\"https:\/\/flawlesshair.com\/wp-content\/uploads\/2023\/04\/7.-choppy-long-inverted-bob.jpg\" alt=\"bob longo invertido choppy\" class=\"wp-image-33293 lazyload\" srcset=\"https:\/\/flawlesshair.com\/wp-content\/uploads\/2023\/04\/7.-choppy-long-inverted-bob.jpg 1080w, https:\/\/flawlesshair.com\/wp-content\/uploads\/2023\/04\/7.-choppy-long-inverted-bob-245x300.jpg 245w, https:\/\/flawlesshair.com\/wp-content\/uploads\/2023\/04\/7.-choppy-long-inverted-bob-768x939.jpg 768w, https:\/\/flawlesshair.com\/wp-content\/uploads\/2023\/04\/7.-choppy-long-inverted-bob-10x12.jpg 10w, https:\/\/flawlesshair.com\/wp-content\/uploads\/2023\/04\/7.-choppy-long-inverted-bob-785x960.jpg 785w, https:\/\/flawlesshair.com\/wp-content\/uploads\/2023\/04\/7.-choppy-long-inverted-bob-884x1080.jpg 884w, https:\/\/flawlesshair.com\/wp-content\/uploads\/2023\/04\/7.-choppy-long-inverted-bob-982x1200.jpg 982w, https:\/\/flawlesshair.com\/wp-content\/uploads\/2023\/04\/7.-choppy-long-inverted-bob-150x183.jpg 150w\" sizes=\"auto, (max-width: 760px) calc(100vw - 24px), 720px\" data-pin-media=\"https:\/\/flawlesshair.com\/wp-content\/uploads\/2023\/04\/7.-choppy-long-inverted-bob.jpg\" id=\"mv-trellis-img-7\" data-trellis-processed=\"1\"><div style=\"position: absolute; top: 0.5rem; right: 0.75rem;\"> <a href=\"https:\/\/www.pinterest.com\/pin\/create\/button\/\" data-pin-do=\"buttonPin\" data-pin-tall=\"true\" data-pin-url=\"https:\/\/flawlesshair.com\/pt\/bob-assimetrico\/\" data-pin-media=\"https:\/\/flawlesshair.com\/wp-content\/uploads\/2023\/04\/7.-choppy-long-inverted-bob.jpg\" data-pin-description=\"60 Asymmetrical Bob Haircuts Making A Comeback In 2025\" rel=\"nofollow noopener\" target=\"_blank\"> <\/a><\/div><\/div><figcaption class=\"wp-element-caption\"><a href=\"https:\/\/www.instagram.com\/anhcotran\" target=\"_blank\" rel=\"noreferrer noopener nofollow\">@anhcotran<\/a><\/figcaption><\/figure>\n\n\n\n<p>As madeixas compridas de um lado do rosto s\u00e3o exatamente o que este <a href=\"https:\/\/flawlesshair.com\/pt\/bob-choppy\/\">bob choppy<\/a> decorada com ondas suaves necess\u00e1rias para lhe dar um toque especial. As ra\u00edzes escuras e as madeixas caramelo s\u00e3o muito bonitas e f\u00e1ceis de manter.<\/p>\n\n\n\n<h2 class=\"wp-block-heading\">8. Bob comprido assim\u00e9trico<\/h2>\n\n\n\n<figure class=\"wp-block-image size-full\"><div style=\"position: relative;\"><noscript><img loading=\"lazy\" decoding=\"async\" width=\"1080\" height=\"1350\" src=\"https:\/\/flawlesshair.com\/wp-content\/uploads\/2023\/04\/8.-asymmetrical-long-bob.jpg\" alt=\"bob longo assim\u00e9trico\" class=\"wp-image-33294\" srcset=\"https:\/\/flawlesshair.com\/wp-content\/uploads\/2023\/04\/8.-asymmetrical-long-bob.jpg 1080w, https:\/\/flawlesshair.com\/wp-content\/uploads\/2023\/04\/8.-asymmetrical-long-bob-240x300.jpg 240w, https:\/\/flawlesshair.com\/wp-content\/uploads\/2023\/04\/8.-asymmetrical-long-bob-768x960.jpg 768w, https:\/\/flawlesshair.com\/wp-content\/uploads\/2023\/04\/8.-asymmetrical-long-bob-10x12.jpg 10w, https:\/\/flawlesshair.com\/wp-content\/uploads\/2023\/04\/8.-asymmetrical-long-bob-864x1080.jpg 864w, https:\/\/flawlesshair.com\/wp-content\/uploads\/2023\/04\/8.-asymmetrical-long-bob-960x1200.jpg 960w, https:\/\/flawlesshair.com\/wp-content\/uploads\/2023\/04\/8.-asymmetrical-long-bob-150x188.jpg 150w\" sizes=\"auto, (max-width: 760px) calc(100vw - 24px), 720px\"><\/noscript><img loading=\"lazy\" decoding=\"async\" width=\"1080\" height=\"1350\" src=\"https:\/\/flawlesshair.com\/wp-content\/uploads\/2023\/04\/8.-asymmetrical-long-bob.jpg\" alt=\"bob longo assim\u00e9trico\" class=\"wp-image-33294 lazyload\" srcset=\"https:\/\/flawlesshair.com\/wp-content\/uploads\/2023\/04\/8.-asymmetrical-long-bob.jpg 1080w, https:\/\/flawlesshair.com\/wp-content\/uploads\/2023\/04\/8.-asymmetrical-long-bob-240x300.jpg 240w, https:\/\/flawlesshair.com\/wp-content\/uploads\/2023\/04\/8.-asymmetrical-long-bob-768x960.jpg 768w, https:\/\/flawlesshair.com\/wp-content\/uploads\/2023\/04\/8.-asymmetrical-long-bob-10x12.jpg 10w, https:\/\/flawlesshair.com\/wp-content\/uploads\/2023\/04\/8.-asymmetrical-long-bob-864x1080.jpg 864w, https:\/\/flawlesshair.com\/wp-content\/uploads\/2023\/04\/8.-asymmetrical-long-bob-960x1200.jpg 960w, https:\/\/flawlesshair.com\/wp-content\/uploads\/2023\/04\/8.-asymmetrical-long-bob-150x188.jpg 150w\" sizes=\"auto, (max-width: 760px) calc(100vw - 24px), 720px\" data-pin-media=\"https:\/\/flawlesshair.com\/wp-content\/uploads\/2023\/04\/8.-asymmetrical-long-bob.jpg\" id=\"mv-trellis-img-8\" data-trellis-processed=\"1\"><div style=\"position: absolute; top: 0.5rem; right: 0.75rem;\"> <a href=\"https:\/\/www.pinterest.com\/pin\/create\/button\/\" data-pin-do=\"buttonPin\" data-pin-tall=\"true\" data-pin-url=\"https:\/\/flawlesshair.com\/pt\/bob-assimetrico\/\" data-pin-media=\"https:\/\/flawlesshair.com\/wp-content\/uploads\/2023\/04\/8.-asymmetrical-long-bob.jpg\" data-pin-description=\"60 Asymmetrical Bob Haircuts Making A Comeback In 2025\" rel=\"nofollow noopener\" target=\"_blank\"> <\/a><\/div><\/div><figcaption class=\"wp-element-caption\"><a href=\"https:\/\/www.instagram.com\/jammedbysham\" target=\"_blank\" rel=\"noreferrer noopener nofollow\">@jammedbysham<\/a><\/figcaption><\/figure>\n\n\n\n<p>Branquear as pontas das pe\u00e7as mais compridas deste bob assim\u00e9trico \u00e9 uma escolha brilhante: o grande contraste chama a aten\u00e7\u00e3o para a forma e faz sobressair todo o estilo.<\/p>\n\n\n\n<h2 class=\"wp-block-heading\">9. Bob assim\u00e9trico m\u00e9dio<\/h2>\n\n\n\n<figure class=\"wp-block-image size-full\"><div style=\"position: relative;\"><noscript><img loading=\"lazy\" decoding=\"async\" width=\"786\" height=\"964\" src=\"https:\/\/flawlesshair.com\/wp-content\/uploads\/2023\/04\/9.-medium-asymmetrical-bob.jpg\" alt=\"bob assim\u00e9trico m\u00e9dio\" class=\"wp-image-33295\" srcset=\"https:\/\/flawlesshair.com\/wp-content\/uploads\/2023\/04\/9.-medium-asymmetrical-bob.jpg 786w, https:\/\/flawlesshair.com\/wp-content\/uploads\/2023\/04\/9.-medium-asymmetrical-bob-245x300.jpg 245w, https:\/\/flawlesshair.com\/wp-content\/uploads\/2023\/04\/9.-medium-asymmetrical-bob-768x942.jpg 768w, https:\/\/flawlesshair.com\/wp-content\/uploads\/2023\/04\/9.-medium-asymmetrical-bob-10x12.jpg 10w, https:\/\/flawlesshair.com\/wp-content\/uploads\/2023\/04\/9.-medium-asymmetrical-bob-783x960.jpg 783w, https:\/\/flawlesshair.com\/wp-content\/uploads\/2023\/04\/9.-medium-asymmetrical-bob-150x184.jpg 150w\" sizes=\"auto, (max-width: 760px) calc(100vw - 24px), 720px\"><\/noscript><img loading=\"lazy\" decoding=\"async\" width=\"786\" height=\"964\" src=\"https:\/\/flawlesshair.com\/wp-content\/uploads\/2023\/04\/9.-medium-asymmetrical-bob.jpg\" alt=\"bob assim\u00e9trico m\u00e9dio\" class=\"wp-image-33295 lazyload\" srcset=\"https:\/\/flawlesshair.com\/wp-content\/uploads\/2023\/04\/9.-medium-asymmetrical-bob.jpg 786w, https:\/\/flawlesshair.com\/wp-content\/uploads\/2023\/04\/9.-medium-asymmetrical-bob-245x300.jpg 245w, https:\/\/flawlesshair.com\/wp-content\/uploads\/2023\/04\/9.-medium-asymmetrical-bob-768x942.jpg 768w, https:\/\/flawlesshair.com\/wp-content\/uploads\/2023\/04\/9.-medium-asymmetrical-bob-10x12.jpg 10w, https:\/\/flawlesshair.com\/wp-content\/uploads\/2023\/04\/9.-medium-asymmetrical-bob-783x960.jpg 783w, https:\/\/flawlesshair.com\/wp-content\/uploads\/2023\/04\/9.-medium-asymmetrical-bob-150x184.jpg 150w\" sizes=\"auto, (max-width: 760px) calc(100vw - 24px), 720px\" data-pin-media=\"https:\/\/flawlesshair.com\/wp-content\/uploads\/2023\/04\/9.-medium-asymmetrical-bob.jpg\" id=\"mv-trellis-img-9\" data-trellis-processed=\"1\"><div style=\"position: absolute; top: 0.5rem; right: 0.75rem;\"> <a href=\"https:\/\/www.pinterest.com\/pin\/create\/button\/\" data-pin-do=\"buttonPin\" data-pin-tall=\"true\" data-pin-url=\"https:\/\/flawlesshair.com\/pt\/bob-assimetrico\/\" data-pin-media=\"https:\/\/flawlesshair.com\/wp-content\/uploads\/2023\/04\/9.-medium-asymmetrical-bob.jpg\" data-pin-description=\"60 Asymmetrical Bob Haircuts Making A Comeback In 2025\" rel=\"nofollow noopener\" target=\"_blank\"> <\/a><\/div><\/div><figcaption class=\"wp-element-caption\"><a href=\"https:\/\/www.instagram.com\/poppyandrodhairparlour\" target=\"_blank\" rel=\"noreferrer noopener nofollow\">@poppyandrodhairparlour<\/a><\/figcaption><\/figure>\n\n\n\n<p>A ligeira curvatura ao n\u00edvel das ma\u00e7\u00e3s do rosto evita que este bob assim\u00e9trico seja completamente direito e demasiado s\u00e9rio, enquanto que colocar o lado mais curto atr\u00e1s da orelha \u00e9 uma forma encantadora de abrir o rosto.<\/p>\n\n\n\n<h2 class=\"wp-block-heading\">10. Bob assim\u00e9trico com risca ao lado<\/h2>\n\n\n\n<figure class=\"wp-block-image size-full\"><div style=\"position: relative;\"><noscript><img loading=\"lazy\" decoding=\"async\" width=\"1080\" height=\"1080\" src=\"https:\/\/flawlesshair.com\/wp-content\/uploads\/2023\/04\/10.-asymmetrical-bob-with-side-part.jpg\" alt=\"bob assim\u00e9trico com parte lateral\" class=\"wp-image-33296\" srcset=\"https:\/\/flawlesshair.com\/wp-content\/uploads\/2023\/04\/10.-asymmetrical-bob-with-side-part.jpg 1080w, https:\/\/flawlesshair.com\/wp-content\/uploads\/2023\/04\/10.-asymmetrical-bob-with-side-part-300x300.jpg 300w, https:\/\/flawlesshair.com\/wp-content\/uploads\/2023\/04\/10.-asymmetrical-bob-with-side-part-150x150.jpg 150w, https:\/\/flawlesshair.com\/wp-content\/uploads\/2023\/04\/10.-asymmetrical-bob-with-side-part-768x768.jpg 768w, https:\/\/flawlesshair.com\/wp-content\/uploads\/2023\/04\/10.-asymmetrical-bob-with-side-part-12x12.jpg 12w, https:\/\/flawlesshair.com\/wp-content\/uploads\/2023\/04\/10.-asymmetrical-bob-with-side-part-728x728.jpg 728w, https:\/\/flawlesshair.com\/wp-content\/uploads\/2023\/04\/10.-asymmetrical-bob-with-side-part-960x960.jpg 960w, https:\/\/flawlesshair.com\/wp-content\/uploads\/2023\/04\/10.-asymmetrical-bob-with-side-part-96x96.jpg 96w\" sizes=\"auto, (max-width: 760px) calc(100vw - 24px), 720px\"><\/noscript><img loading=\"lazy\" decoding=\"async\" width=\"1080\" height=\"1080\" src=\"https:\/\/flawlesshair.com\/wp-content\/uploads\/2023\/04\/10.-asymmetrical-bob-with-side-part.jpg\" alt=\"bob assim\u00e9trico com parte lateral\" class=\"wp-image-33296 lazyload\" srcset=\"https:\/\/flawlesshair.com\/wp-content\/uploads\/2023\/04\/10.-asymmetrical-bob-with-side-part.jpg 1080w, https:\/\/flawlesshair.com\/wp-content\/uploads\/2023\/04\/10.-asymmetrical-bob-with-side-part-300x300.jpg 300w, https:\/\/flawlesshair.com\/wp-content\/uploads\/2023\/04\/10.-asymmetrical-bob-with-side-part-150x150.jpg 150w, https:\/\/flawlesshair.com\/wp-content\/uploads\/2023\/04\/10.-asymmetrical-bob-with-side-part-768x768.jpg 768w, https:\/\/flawlesshair.com\/wp-content\/uploads\/2023\/04\/10.-asymmetrical-bob-with-side-part-12x12.jpg 12w, https:\/\/flawlesshair.com\/wp-content\/uploads\/2023\/04\/10.-asymmetrical-bob-with-side-part-728x728.jpg 728w, https:\/\/flawlesshair.com\/wp-content\/uploads\/2023\/04\/10.-asymmetrical-bob-with-side-part-960x960.jpg 960w, https:\/\/flawlesshair.com\/wp-content\/uploads\/2023\/04\/10.-asymmetrical-bob-with-side-part-96x96.jpg 96w\" sizes=\"auto, (max-width: 760px) calc(100vw - 24px), 720px\" data-pin-media=\"https:\/\/flawlesshair.com\/wp-content\/uploads\/2023\/04\/10.-asymmetrical-bob-with-side-part.jpg\" id=\"mv-trellis-img-10\" data-trellis-processed=\"1\"><div style=\"position: absolute; top: 0.5rem; right: 0.75rem;\"> <a href=\"https:\/\/www.pinterest.com\/pin\/create\/button\/\" data-pin-do=\"buttonPin\" data-pin-tall=\"true\" data-pin-url=\"https:\/\/flawlesshair.com\/pt\/bob-assimetrico\/\" data-pin-media=\"https:\/\/flawlesshair.com\/wp-content\/uploads\/2023\/04\/10.-asymmetrical-bob-with-side-part.jpg\" data-pin-description=\"60 Asymmetrical Bob Haircuts Making A Comeback In 2025\" rel=\"nofollow noopener\" target=\"_blank\"> <\/a><\/div><\/div><figcaption class=\"wp-element-caption\"><a href=\"https:\/\/www.instagram.com\/hair_by_loppas\" target=\"_blank\" rel=\"noreferrer noopener nofollow\">@hair_by_loppas<\/a><\/figcaption><\/figure>\n\n\n\n<p>Qual \u00e9 o segredo para manter um estilo simples como este elegante bob assim\u00e9trico com bom aspeto? Nutrir o seu cabelo para que se mantenha saud\u00e1vel e hidratado. Aparar o cabelo regularmente e utilizar um protetor t\u00e9rmico quando encaracolar ou alisar o seu cabelo deve ser suficiente.<\/p>\n\n\n\n<h2 class=\"wp-block-heading\">11. Bob assim\u00e9trico cor-de-rosa<\/h2>\n\n\n\n<figure class=\"wp-block-image size-full\"><div style=\"position: relative;\"><noscript><img loading=\"lazy\" decoding=\"async\" width=\"1080\" height=\"1118\" src=\"https:\/\/flawlesshair.com\/wp-content\/uploads\/2023\/04\/11.-pink-asymmetrical-bob.jpg\" alt=\"bob assim\u00e9trico cor-de-rosa\" class=\"wp-image-33297\" srcset=\"https:\/\/flawlesshair.com\/wp-content\/uploads\/2023\/04\/11.-pink-asymmetrical-bob.jpg 1080w, https:\/\/flawlesshair.com\/wp-content\/uploads\/2023\/04\/11.-pink-asymmetrical-bob-290x300.jpg 290w, https:\/\/flawlesshair.com\/wp-content\/uploads\/2023\/04\/11.-pink-asymmetrical-bob-768x795.jpg 768w, https:\/\/flawlesshair.com\/wp-content\/uploads\/2023\/04\/11.-pink-asymmetrical-bob-12x12.jpg 12w, https:\/\/flawlesshair.com\/wp-content\/uploads\/2023\/04\/11.-pink-asymmetrical-bob-927x960.jpg 927w, https:\/\/flawlesshair.com\/wp-content\/uploads\/2023\/04\/11.-pink-asymmetrical-bob-1043x1080.jpg 1043w, https:\/\/flawlesshair.com\/wp-content\/uploads\/2023\/04\/11.-pink-asymmetrical-bob-150x155.jpg 150w\" sizes=\"auto, (max-width: 760px) calc(100vw - 24px), 720px\"><\/noscript><img loading=\"lazy\" decoding=\"async\" width=\"1080\" height=\"1118\" src=\"https:\/\/flawlesshair.com\/wp-content\/uploads\/2023\/04\/11.-pink-asymmetrical-bob.jpg\" alt=\"bob assim\u00e9trico cor-de-rosa\" class=\"wp-image-33297 lazyload\" srcset=\"https:\/\/flawlesshair.com\/wp-content\/uploads\/2023\/04\/11.-pink-asymmetrical-bob.jpg 1080w, https:\/\/flawlesshair.com\/wp-content\/uploads\/2023\/04\/11.-pink-asymmetrical-bob-290x300.jpg 290w, https:\/\/flawlesshair.com\/wp-content\/uploads\/2023\/04\/11.-pink-asymmetrical-bob-768x795.jpg 768w, https:\/\/flawlesshair.com\/wp-content\/uploads\/2023\/04\/11.-pink-asymmetrical-bob-12x12.jpg 12w, https:\/\/flawlesshair.com\/wp-content\/uploads\/2023\/04\/11.-pink-asymmetrical-bob-927x960.jpg 927w, https:\/\/flawlesshair.com\/wp-content\/uploads\/2023\/04\/11.-pink-asymmetrical-bob-1043x1080.jpg 1043w, https:\/\/flawlesshair.com\/wp-content\/uploads\/2023\/04\/11.-pink-asymmetrical-bob-150x155.jpg 150w\" sizes=\"auto, (max-width: 760px) calc(100vw - 24px), 720px\" data-pin-media=\"https:\/\/flawlesshair.com\/wp-content\/uploads\/2023\/04\/11.-pink-asymmetrical-bob.jpg\" id=\"mv-trellis-img-11\" data-trellis-processed=\"1\"><div style=\"position: absolute; top: 0.5rem; right: 0.75rem;\"> <a href=\"https:\/\/www.pinterest.com\/pin\/create\/button\/\" data-pin-do=\"buttonPin\" data-pin-tall=\"true\" data-pin-url=\"https:\/\/flawlesshair.com\/pt\/bob-assimetrico\/\" data-pin-media=\"https:\/\/flawlesshair.com\/wp-content\/uploads\/2023\/04\/11.-pink-asymmetrical-bob.jpg\" data-pin-description=\"60 Asymmetrical Bob Haircuts Making A Comeback In 2025\" rel=\"nofollow noopener\" target=\"_blank\"> <\/a><\/div><\/div><figcaption class=\"wp-element-caption\"><a href=\"https:\/\/www.instagram.com\/kuaforsuleymanyalman\" target=\"_blank\" rel=\"noreferrer noopener nofollow\">@kuaforsuleymanyalman<\/a><\/figcaption><\/figure>\n\n\n\n<p>As partes mais compridas deste bob assim\u00e9trico n\u00e3o s\u00f3 d\u00e3o um toque especial, como tamb\u00e9m criam uma moldura lisonjeira para o rosto.<\/p>\n\n\n\n<h2 class=\"wp-block-heading\">12. Bob assim\u00e9trico ondulado<\/h2>\n\n\n\n<figure class=\"wp-block-image size-full\"><div style=\"position: relative;\"><noscript><img loading=\"lazy\" decoding=\"async\" width=\"1080\" height=\"1339\" src=\"https:\/\/flawlesshair.com\/wp-content\/uploads\/2023\/04\/12.-wavy-asymmetrical-bob.jpg\" alt=\"bob assim\u00e9trico ondulado\" class=\"wp-image-33298\" srcset=\"https:\/\/flawlesshair.com\/wp-content\/uploads\/2023\/04\/12.-wavy-asymmetrical-bob.jpg 1080w, https:\/\/flawlesshair.com\/wp-content\/uploads\/2023\/04\/12.-wavy-asymmetrical-bob-242x300.jpg 242w, https:\/\/flawlesshair.com\/wp-content\/uploads\/2023\/04\/12.-wavy-asymmetrical-bob-768x952.jpg 768w, https:\/\/flawlesshair.com\/wp-content\/uploads\/2023\/04\/12.-wavy-asymmetrical-bob-10x12.jpg 10w, https:\/\/flawlesshair.com\/wp-content\/uploads\/2023\/04\/12.-wavy-asymmetrical-bob-774x960.jpg 774w, https:\/\/flawlesshair.com\/wp-content\/uploads\/2023\/04\/12.-wavy-asymmetrical-bob-871x1080.jpg 871w, https:\/\/flawlesshair.com\/wp-content\/uploads\/2023\/04\/12.-wavy-asymmetrical-bob-968x1200.jpg 968w, https:\/\/flawlesshair.com\/wp-content\/uploads\/2023\/04\/12.-wavy-asymmetrical-bob-150x186.jpg 150w\" sizes=\"auto, (max-width: 760px) calc(100vw - 24px), 720px\"><\/noscript><img loading=\"lazy\" decoding=\"async\" width=\"1080\" height=\"1339\" src=\"https:\/\/flawlesshair.com\/wp-content\/uploads\/2023\/04\/12.-wavy-asymmetrical-bob.jpg\" alt=\"bob assim\u00e9trico ondulado\" class=\"wp-image-33298 lazyload\" srcset=\"https:\/\/flawlesshair.com\/wp-content\/uploads\/2023\/04\/12.-wavy-asymmetrical-bob.jpg 1080w, https:\/\/flawlesshair.com\/wp-content\/uploads\/2023\/04\/12.-wavy-asymmetrical-bob-242x300.jpg 242w, https:\/\/flawlesshair.com\/wp-content\/uploads\/2023\/04\/12.-wavy-asymmetrical-bob-768x952.jpg 768w, https:\/\/flawlesshair.com\/wp-content\/uploads\/2023\/04\/12.-wavy-asymmetrical-bob-10x12.jpg 10w, https:\/\/flawlesshair.com\/wp-content\/uploads\/2023\/04\/12.-wavy-asymmetrical-bob-774x960.jpg 774w, https:\/\/flawlesshair.com\/wp-content\/uploads\/2023\/04\/12.-wavy-asymmetrical-bob-871x1080.jpg 871w, https:\/\/flawlesshair.com\/wp-content\/uploads\/2023\/04\/12.-wavy-asymmetrical-bob-968x1200.jpg 968w, https:\/\/flawlesshair.com\/wp-content\/uploads\/2023\/04\/12.-wavy-asymmetrical-bob-150x186.jpg 150w\" sizes=\"auto, (max-width: 760px) calc(100vw - 24px), 720px\" data-pin-media=\"https:\/\/flawlesshair.com\/wp-content\/uploads\/2023\/04\/12.-wavy-asymmetrical-bob.jpg\" id=\"mv-trellis-img-12\" data-trellis-processed=\"1\"><div style=\"position: absolute; top: 0.5rem; right: 0.75rem;\"> <a href=\"https:\/\/www.pinterest.com\/pin\/create\/button\/\" data-pin-do=\"buttonPin\" data-pin-tall=\"true\" data-pin-url=\"https:\/\/flawlesshair.com\/pt\/bob-assimetrico\/\" data-pin-media=\"https:\/\/flawlesshair.com\/wp-content\/uploads\/2023\/04\/12.-wavy-asymmetrical-bob.jpg\" data-pin-description=\"60 Asymmetrical Bob Haircuts Making A Comeback In 2025\" rel=\"nofollow noopener\" target=\"_blank\"> <\/a><\/div><\/div><figcaption class=\"wp-element-caption\"><a href=\"https:\/\/www.instagram.com\/beautylaunchpad\" target=\"_blank\" rel=\"noreferrer noopener nofollow\">@beautylaunchpad<\/a><\/figcaption><\/figure>\n\n\n\n<p>As ondas grossas e volumosas cortadas de forma irregular com pontas rombas t\u00eam um aspeto glamoroso e moderno. O castanho avel\u00e3 super brilhante torna-o de deslumbrante a impressionante.<\/p>\n\n\n\n<h2 class=\"wp-block-heading\">13. Bob assim\u00e9trico elegante<\/h2>\n\n\n\n<figure class=\"wp-block-image size-full\"><div style=\"position: relative;\"><noscript><img loading=\"lazy\" decoding=\"async\" width=\"941\" height=\"1060\" src=\"https:\/\/flawlesshair.com\/wp-content\/uploads\/2023\/04\/13.-edgy-asymmetrical-bob.jpg\" alt=\"bob assim\u00e9trico ousado\" class=\"wp-image-33299\" srcset=\"https:\/\/flawlesshair.com\/wp-content\/uploads\/2023\/04\/13.-edgy-asymmetrical-bob.jpg 941w, https:\/\/flawlesshair.com\/wp-content\/uploads\/2023\/04\/13.-edgy-asymmetrical-bob-266x300.jpg 266w, https:\/\/flawlesshair.com\/wp-content\/uploads\/2023\/04\/13.-edgy-asymmetrical-bob-768x865.jpg 768w, https:\/\/flawlesshair.com\/wp-content\/uploads\/2023\/04\/13.-edgy-asymmetrical-bob-11x12.jpg 11w, https:\/\/flawlesshair.com\/wp-content\/uploads\/2023\/04\/13.-edgy-asymmetrical-bob-852x960.jpg 852w, https:\/\/flawlesshair.com\/wp-content\/uploads\/2023\/04\/13.-edgy-asymmetrical-bob-150x169.jpg 150w\" sizes=\"auto, (max-width: 760px) calc(100vw - 24px), 720px\"><\/noscript><img loading=\"lazy\" decoding=\"async\" width=\"941\" height=\"1060\" src=\"https:\/\/flawlesshair.com\/wp-content\/uploads\/2023\/04\/13.-edgy-asymmetrical-bob.jpg\" alt=\"bob assim\u00e9trico ousado\" class=\"wp-image-33299 lazyload\" srcset=\"https:\/\/flawlesshair.com\/wp-content\/uploads\/2023\/04\/13.-edgy-asymmetrical-bob.jpg 941w, https:\/\/flawlesshair.com\/wp-content\/uploads\/2023\/04\/13.-edgy-asymmetrical-bob-266x300.jpg 266w, https:\/\/flawlesshair.com\/wp-content\/uploads\/2023\/04\/13.-edgy-asymmetrical-bob-768x865.jpg 768w, https:\/\/flawlesshair.com\/wp-content\/uploads\/2023\/04\/13.-edgy-asymmetrical-bob-11x12.jpg 11w, https:\/\/flawlesshair.com\/wp-content\/uploads\/2023\/04\/13.-edgy-asymmetrical-bob-852x960.jpg 852w, https:\/\/flawlesshair.com\/wp-content\/uploads\/2023\/04\/13.-edgy-asymmetrical-bob-150x169.jpg 150w\" sizes=\"auto, (max-width: 760px) calc(100vw - 24px), 720px\" data-pin-media=\"https:\/\/flawlesshair.com\/wp-content\/uploads\/2023\/04\/13.-edgy-asymmetrical-bob.jpg\" id=\"mv-trellis-img-13\" data-trellis-processed=\"1\"><div style=\"position: absolute; top: 0.5rem; right: 0.75rem;\"> <a href=\"https:\/\/www.pinterest.com\/pin\/create\/button\/\" data-pin-do=\"buttonPin\" data-pin-tall=\"true\" data-pin-url=\"https:\/\/flawlesshair.com\/pt\/bob-assimetrico\/\" data-pin-media=\"https:\/\/flawlesshair.com\/wp-content\/uploads\/2023\/04\/13.-edgy-asymmetrical-bob.jpg\" data-pin-description=\"60 Asymmetrical Bob Haircuts Making A Comeback In 2025\" rel=\"nofollow noopener\" target=\"_blank\"> <\/a><\/div><\/div><figcaption class=\"wp-element-caption\"><a href=\"https:\/\/www.instagram.com\/fleekyhaircompany\" target=\"_blank\" rel=\"noreferrer noopener nofollow\">@fleekyhaircompany<\/a><\/figcaption><\/figure>\n\n\n\n<p>Este penteado espantoso tem tudo: um contorno assim\u00e9trico, uma risca criativa, uma cor viva e invulgar e \u00e9 t\u00e3o elegante quanto poss\u00edvel. Um verdadeiro espet\u00e1culo.<\/p>\n\n\n\n<h2 class=\"wp-block-heading\">14. Bob assim\u00e9trico comprido e fofo<\/h2>\n\n\n\n<figure class=\"wp-block-image size-full\"><div style=\"position: relative;\"><noscript><img loading=\"lazy\" decoding=\"async\" width=\"1080\" height=\"1350\" src=\"https:\/\/flawlesshair.com\/wp-content\/uploads\/2023\/04\/14.-fluffy-long-asymmetrical-bob.jpg\" alt=\"bob assim\u00e9trico comprido e fofo\" class=\"wp-image-33300\" srcset=\"https:\/\/flawlesshair.com\/wp-content\/uploads\/2023\/04\/14.-fluffy-long-asymmetrical-bob.jpg 1080w, https:\/\/flawlesshair.com\/wp-content\/uploads\/2023\/04\/14.-fluffy-long-asymmetrical-bob-240x300.jpg 240w, https:\/\/flawlesshair.com\/wp-content\/uploads\/2023\/04\/14.-fluffy-long-asymmetrical-bob-768x960.jpg 768w, https:\/\/flawlesshair.com\/wp-content\/uploads\/2023\/04\/14.-fluffy-long-asymmetrical-bob-10x12.jpg 10w, https:\/\/flawlesshair.com\/wp-content\/uploads\/2023\/04\/14.-fluffy-long-asymmetrical-bob-864x1080.jpg 864w, https:\/\/flawlesshair.com\/wp-content\/uploads\/2023\/04\/14.-fluffy-long-asymmetrical-bob-960x1200.jpg 960w, https:\/\/flawlesshair.com\/wp-content\/uploads\/2023\/04\/14.-fluffy-long-asymmetrical-bob-150x188.jpg 150w\" sizes=\"auto, (max-width: 760px) calc(100vw - 24px), 720px\"><\/noscript><img loading=\"lazy\" decoding=\"async\" width=\"1080\" height=\"1350\" src=\"https:\/\/flawlesshair.com\/wp-content\/uploads\/2023\/04\/14.-fluffy-long-asymmetrical-bob.jpg\" alt=\"bob assim\u00e9trico comprido e fofo\" class=\"wp-image-33300 lazyload\" srcset=\"https:\/\/flawlesshair.com\/wp-content\/uploads\/2023\/04\/14.-fluffy-long-asymmetrical-bob.jpg 1080w, https:\/\/flawlesshair.com\/wp-content\/uploads\/2023\/04\/14.-fluffy-long-asymmetrical-bob-240x300.jpg 240w, https:\/\/flawlesshair.com\/wp-content\/uploads\/2023\/04\/14.-fluffy-long-asymmetrical-bob-768x960.jpg 768w, https:\/\/flawlesshair.com\/wp-content\/uploads\/2023\/04\/14.-fluffy-long-asymmetrical-bob-10x12.jpg 10w, https:\/\/flawlesshair.com\/wp-content\/uploads\/2023\/04\/14.-fluffy-long-asymmetrical-bob-864x1080.jpg 864w, https:\/\/flawlesshair.com\/wp-content\/uploads\/2023\/04\/14.-fluffy-long-asymmetrical-bob-960x1200.jpg 960w, https:\/\/flawlesshair.com\/wp-content\/uploads\/2023\/04\/14.-fluffy-long-asymmetrical-bob-150x188.jpg 150w\" sizes=\"auto, (max-width: 760px) calc(100vw - 24px), 720px\" data-pin-media=\"https:\/\/flawlesshair.com\/wp-content\/uploads\/2023\/04\/14.-fluffy-long-asymmetrical-bob.jpg\" id=\"mv-trellis-img-14\" data-trellis-processed=\"1\"><div style=\"position: absolute; top: 0.5rem; right: 0.75rem;\"> <a href=\"https:\/\/www.pinterest.com\/pin\/create\/button\/\" data-pin-do=\"buttonPin\" data-pin-tall=\"true\" data-pin-url=\"https:\/\/flawlesshair.com\/pt\/bob-assimetrico\/\" data-pin-media=\"https:\/\/flawlesshair.com\/wp-content\/uploads\/2023\/04\/14.-fluffy-long-asymmetrical-bob.jpg\" data-pin-description=\"60 Asymmetrical Bob Haircuts Making A Comeback In 2025\" rel=\"nofollow noopener\" target=\"_blank\"> <\/a><\/div><\/div><figcaption class=\"wp-element-caption\"><a href=\"https:\/\/www.instagram.com\/ambermcmahen\" target=\"_blank\" rel=\"noreferrer noopener nofollow\">@ambermcmahen<\/a><\/figcaption><\/figure>\n\n\n\n<p>Este <a href=\"https:\/\/flawlesshair.com\/pt\/penteados-bob\/\">penteado bob<\/a> \u00e9 muito inteligente e pode ser usado de v\u00e1rias formas. Toda a zona da franja \u00e9 muito mais comprida do que os lados e a parte de tr\u00e1s, o que significa que, quando \u00e9 dividida de ambos os lados, cria um look assim\u00e9trico e, quando \u00e9 dividida ao meio, torna-se num bob em linha A.<\/p>\n\n\n\n<h2 class=\"wp-block-heading\">15. Corte de cabelo comprido assim\u00e9trico<\/h2>\n\n\n\n<figure class=\"wp-block-image size-full\"><div style=\"position: relative;\"><noscript><img loading=\"lazy\" decoding=\"async\" width=\"1080\" height=\"1343\" src=\"https:\/\/flawlesshair.com\/wp-content\/uploads\/2023\/04\/15.-asymmetrical-long-bob-haircut.jpg\" alt=\"corte de cabelo comprido assim\u00e9trico\" class=\"wp-image-33301\" srcset=\"https:\/\/flawlesshair.com\/wp-content\/uploads\/2023\/04\/15.-asymmetrical-long-bob-haircut.jpg 1080w, https:\/\/flawlesshair.com\/wp-content\/uploads\/2023\/04\/15.-asymmetrical-long-bob-haircut-241x300.jpg 241w, https:\/\/flawlesshair.com\/wp-content\/uploads\/2023\/04\/15.-asymmetrical-long-bob-haircut-768x955.jpg 768w, https:\/\/flawlesshair.com\/wp-content\/uploads\/2023\/04\/15.-asymmetrical-long-bob-haircut-10x12.jpg 10w, https:\/\/flawlesshair.com\/wp-content\/uploads\/2023\/04\/15.-asymmetrical-long-bob-haircut-772x960.jpg 772w, https:\/\/flawlesshair.com\/wp-content\/uploads\/2023\/04\/15.-asymmetrical-long-bob-haircut-869x1080.jpg 869w, https:\/\/flawlesshair.com\/wp-content\/uploads\/2023\/04\/15.-asymmetrical-long-bob-haircut-965x1200.jpg 965w, https:\/\/flawlesshair.com\/wp-content\/uploads\/2023\/04\/15.-asymmetrical-long-bob-haircut-150x187.jpg 150w\" sizes=\"auto, (max-width: 760px) calc(100vw - 24px), 720px\"><\/noscript><img loading=\"lazy\" decoding=\"async\" width=\"1080\" height=\"1343\" src=\"https:\/\/flawlesshair.com\/wp-content\/uploads\/2023\/04\/15.-asymmetrical-long-bob-haircut.jpg\" alt=\"corte de cabelo comprido assim\u00e9trico\" class=\"wp-image-33301 lazyload\" srcset=\"https:\/\/flawlesshair.com\/wp-content\/uploads\/2023\/04\/15.-asymmetrical-long-bob-haircut.jpg 1080w, https:\/\/flawlesshair.com\/wp-content\/uploads\/2023\/04\/15.-asymmetrical-long-bob-haircut-241x300.jpg 241w, https:\/\/flawlesshair.com\/wp-content\/uploads\/2023\/04\/15.-asymmetrical-long-bob-haircut-768x955.jpg 768w, https:\/\/flawlesshair.com\/wp-content\/uploads\/2023\/04\/15.-asymmetrical-long-bob-haircut-10x12.jpg 10w, https:\/\/flawlesshair.com\/wp-content\/uploads\/2023\/04\/15.-asymmetrical-long-bob-haircut-772x960.jpg 772w, https:\/\/flawlesshair.com\/wp-content\/uploads\/2023\/04\/15.-asymmetrical-long-bob-haircut-869x1080.jpg 869w, https:\/\/flawlesshair.com\/wp-content\/uploads\/2023\/04\/15.-asymmetrical-long-bob-haircut-965x1200.jpg 965w, https:\/\/flawlesshair.com\/wp-content\/uploads\/2023\/04\/15.-asymmetrical-long-bob-haircut-150x187.jpg 150w\" sizes=\"auto, (max-width: 760px) calc(100vw - 24px), 720px\" data-pin-media=\"https:\/\/flawlesshair.com\/wp-content\/uploads\/2023\/04\/15.-asymmetrical-long-bob-haircut.jpg\" id=\"mv-trellis-img-15\" data-trellis-processed=\"1\"><div style=\"position: absolute; top: 0.5rem; right: 0.75rem;\"> <a href=\"https:\/\/www.pinterest.com\/pin\/create\/button\/\" data-pin-do=\"buttonPin\" data-pin-tall=\"true\" data-pin-url=\"https:\/\/flawlesshair.com\/pt\/bob-assimetrico\/\" data-pin-media=\"https:\/\/flawlesshair.com\/wp-content\/uploads\/2023\/04\/15.-asymmetrical-long-bob-haircut.jpg\" data-pin-description=\"60 Asymmetrical Bob Haircuts Making A Comeback In 2025\" rel=\"nofollow noopener\" target=\"_blank\"> <\/a><\/div><\/div><figcaption class=\"wp-element-caption\"><a href=\"https:\/\/www.instagram.com\/chrisjones_hair\" target=\"_blank\" rel=\"noreferrer noopener nofollow\">@chrisjones_hair<\/a><\/figcaption><\/figure>\n\n\n\n<p>Gra\u00e7as \u00e0s ondas longas e \u00e0 cor rica, este lob \u00e9 simultaneamente glamoroso e casual. A vibra\u00e7\u00e3o que quer mostrar ser\u00e1 influenciada pelo resto do seu estilo.<\/p>\n\n\n\n<h2 class=\"wp-block-heading\">16. Bob assim\u00e9trico subtil<\/h2>\n\n\n\n<figure class=\"wp-block-image size-full\"><div style=\"position: relative;\"><noscript><img loading=\"lazy\" decoding=\"async\" width=\"1080\" height=\"1220\" src=\"https:\/\/flawlesshair.com\/wp-content\/uploads\/2023\/04\/16.-subtle-asymmetrical-bob.jpg\" alt=\"bob assim\u00e9trico subtil\" class=\"wp-image-33302\" srcset=\"https:\/\/flawlesshair.com\/wp-content\/uploads\/2023\/04\/16.-subtle-asymmetrical-bob.jpg 1080w, https:\/\/flawlesshair.com\/wp-content\/uploads\/2023\/04\/16.-subtle-asymmetrical-bob-266x300.jpg 266w, https:\/\/flawlesshair.com\/wp-content\/uploads\/2023\/04\/16.-subtle-asymmetrical-bob-768x868.jpg 768w, https:\/\/flawlesshair.com\/wp-content\/uploads\/2023\/04\/16.-subtle-asymmetrical-bob-11x12.jpg 11w, https:\/\/flawlesshair.com\/wp-content\/uploads\/2023\/04\/16.-subtle-asymmetrical-bob-850x960.jpg 850w, https:\/\/flawlesshair.com\/wp-content\/uploads\/2023\/04\/16.-subtle-asymmetrical-bob-956x1080.jpg 956w, https:\/\/flawlesshair.com\/wp-content\/uploads\/2023\/04\/16.-subtle-asymmetrical-bob-1062x1200.jpg 1062w, https:\/\/flawlesshair.com\/wp-content\/uploads\/2023\/04\/16.-subtle-asymmetrical-bob-150x169.jpg 150w\" sizes=\"auto, (max-width: 760px) calc(100vw - 24px), 720px\"><\/noscript><img loading=\"lazy\" decoding=\"async\" width=\"1080\" height=\"1220\" src=\"https:\/\/flawlesshair.com\/wp-content\/uploads\/2023\/04\/16.-subtle-asymmetrical-bob.jpg\" alt=\"bob assim\u00e9trico subtil\" class=\"wp-image-33302 lazyload\" srcset=\"https:\/\/flawlesshair.com\/wp-content\/uploads\/2023\/04\/16.-subtle-asymmetrical-bob.jpg 1080w, https:\/\/flawlesshair.com\/wp-content\/uploads\/2023\/04\/16.-subtle-asymmetrical-bob-266x300.jpg 266w, https:\/\/flawlesshair.com\/wp-content\/uploads\/2023\/04\/16.-subtle-asymmetrical-bob-768x868.jpg 768w, https:\/\/flawlesshair.com\/wp-content\/uploads\/2023\/04\/16.-subtle-asymmetrical-bob-11x12.jpg 11w, https:\/\/flawlesshair.com\/wp-content\/uploads\/2023\/04\/16.-subtle-asymmetrical-bob-850x960.jpg 850w, https:\/\/flawlesshair.com\/wp-content\/uploads\/2023\/04\/16.-subtle-asymmetrical-bob-956x1080.jpg 956w, https:\/\/flawlesshair.com\/wp-content\/uploads\/2023\/04\/16.-subtle-asymmetrical-bob-1062x1200.jpg 1062w, https:\/\/flawlesshair.com\/wp-content\/uploads\/2023\/04\/16.-subtle-asymmetrical-bob-150x169.jpg 150w\" sizes=\"auto, (max-width: 760px) calc(100vw - 24px), 720px\" data-pin-media=\"https:\/\/flawlesshair.com\/wp-content\/uploads\/2023\/04\/16.-subtle-asymmetrical-bob.jpg\" id=\"mv-trellis-img-16\" data-trellis-processed=\"1\"><div style=\"position: absolute; top: 0.5rem; right: 0.75rem;\"> <a href=\"https:\/\/www.pinterest.com\/pin\/create\/button\/\" data-pin-do=\"buttonPin\" data-pin-tall=\"true\" data-pin-url=\"https:\/\/flawlesshair.com\/pt\/bob-assimetrico\/\" data-pin-media=\"https:\/\/flawlesshair.com\/wp-content\/uploads\/2023\/04\/16.-subtle-asymmetrical-bob.jpg\" data-pin-description=\"60 Asymmetrical Bob Haircuts Making A Comeback In 2025\" rel=\"nofollow noopener\" target=\"_blank\"> <\/a><\/div><\/div><figcaption class=\"wp-element-caption\"><a href=\"https:\/\/www.instagram.com\/anastasiiia_korzhova\" target=\"_blank\" rel=\"noreferrer noopener nofollow\">@anastasiiia_korzhova<\/a><\/figcaption><\/figure>\n\n\n\n<p>Se n\u00e3o tem a certeza se o look irregular \u00e9 para si, comece devagar. Aqui, \u00e9 adicionada uma assimetria subtil a um bob cl\u00e1ssico para o tornar mais apelativo \u00e0 volta do rosto.<\/p>\n\n\n\n<h2 class=\"wp-block-heading\">17. Bob assim\u00e9trico despenteado<\/h2>\n\n\n\n<figure class=\"wp-block-image size-full\"><div style=\"position: relative;\"><noscript><img loading=\"lazy\" decoding=\"async\" width=\"1080\" height=\"1209\" src=\"https:\/\/flawlesshair.com\/wp-content\/uploads\/2023\/04\/17.-choppy-asymmetrical-bob.jpg\" alt=\"bob assim\u00e9trico cortado\" class=\"wp-image-33303\" srcset=\"https:\/\/flawlesshair.com\/wp-content\/uploads\/2023\/04\/17.-choppy-asymmetrical-bob.jpg 1080w, https:\/\/flawlesshair.com\/wp-content\/uploads\/2023\/04\/17.-choppy-asymmetrical-bob-268x300.jpg 268w, https:\/\/flawlesshair.com\/wp-content\/uploads\/2023\/04\/17.-choppy-asymmetrical-bob-768x860.jpg 768w, https:\/\/flawlesshair.com\/wp-content\/uploads\/2023\/04\/17.-choppy-asymmetrical-bob-11x12.jpg 11w, https:\/\/flawlesshair.com\/wp-content\/uploads\/2023\/04\/17.-choppy-asymmetrical-bob-858x960.jpg 858w, https:\/\/flawlesshair.com\/wp-content\/uploads\/2023\/04\/17.-choppy-asymmetrical-bob-965x1080.jpg 965w, https:\/\/flawlesshair.com\/wp-content\/uploads\/2023\/04\/17.-choppy-asymmetrical-bob-1072x1200.jpg 1072w, https:\/\/flawlesshair.com\/wp-content\/uploads\/2023\/04\/17.-choppy-asymmetrical-bob-150x168.jpg 150w\" sizes=\"auto, (max-width: 760px) calc(100vw - 24px), 720px\"><\/noscript><img loading=\"lazy\" decoding=\"async\" width=\"1080\" height=\"1209\" src=\"https:\/\/flawlesshair.com\/wp-content\/uploads\/2023\/04\/17.-choppy-asymmetrical-bob.jpg\" alt=\"bob assim\u00e9trico cortado\" class=\"wp-image-33303 lazyload\" srcset=\"https:\/\/flawlesshair.com\/wp-content\/uploads\/2023\/04\/17.-choppy-asymmetrical-bob.jpg 1080w, https:\/\/flawlesshair.com\/wp-content\/uploads\/2023\/04\/17.-choppy-asymmetrical-bob-268x300.jpg 268w, https:\/\/flawlesshair.com\/wp-content\/uploads\/2023\/04\/17.-choppy-asymmetrical-bob-768x860.jpg 768w, https:\/\/flawlesshair.com\/wp-content\/uploads\/2023\/04\/17.-choppy-asymmetrical-bob-11x12.jpg 11w, https:\/\/flawlesshair.com\/wp-content\/uploads\/2023\/04\/17.-choppy-asymmetrical-bob-858x960.jpg 858w, https:\/\/flawlesshair.com\/wp-content\/uploads\/2023\/04\/17.-choppy-asymmetrical-bob-965x1080.jpg 965w, https:\/\/flawlesshair.com\/wp-content\/uploads\/2023\/04\/17.-choppy-asymmetrical-bob-1072x1200.jpg 1072w, https:\/\/flawlesshair.com\/wp-content\/uploads\/2023\/04\/17.-choppy-asymmetrical-bob-150x168.jpg 150w\" sizes=\"auto, (max-width: 760px) calc(100vw - 24px), 720px\" data-pin-media=\"https:\/\/flawlesshair.com\/wp-content\/uploads\/2023\/04\/17.-choppy-asymmetrical-bob.jpg\" id=\"mv-trellis-img-17\" data-trellis-processed=\"1\"><div style=\"position: absolute; top: 0.5rem; right: 0.75rem;\"> <a href=\"https:\/\/www.pinterest.com\/pin\/create\/button\/\" data-pin-do=\"buttonPin\" data-pin-tall=\"true\" data-pin-url=\"https:\/\/flawlesshair.com\/pt\/bob-assimetrico\/\" data-pin-media=\"https:\/\/flawlesshair.com\/wp-content\/uploads\/2023\/04\/17.-choppy-asymmetrical-bob.jpg\" data-pin-description=\"60 Asymmetrical Bob Haircuts Making A Comeback In 2025\" rel=\"nofollow noopener\" target=\"_blank\"> <\/a><\/div><\/div><figcaption class=\"wp-element-caption\"><a href=\"https:\/\/www.instagram.com\/karahurston\" target=\"_blank\" rel=\"noreferrer noopener nofollow\">@karahurston<\/a><\/figcaption><\/figure>\n\n\n\n<p><a href=\"https:\/\/flawlesshair.com\/pt\/cortes-de-cabelo-curtos-e-cortados\/\">Cortes de cabelo curtos e cortados<\/a> s\u00e3o sempre uma \u00f3ptima escolha se quiser fazer com que o cabelo fino pare\u00e7a mais cheio. Al\u00e9m disso, combinam muito bem com um corte assim\u00e9trico, criando mais dimens\u00e3o.<\/p>\n\n\n\n<h2 class=\"wp-block-heading\">18. Bob assim\u00e9trico curto e arredondado<\/h2>\n\n\n\n<figure class=\"wp-block-image size-full\"><div style=\"position: relative;\"><noscript><img loading=\"lazy\" decoding=\"async\" width=\"1080\" height=\"1080\" src=\"https:\/\/flawlesshair.com\/wp-content\/uploads\/2023\/04\/18.-short-rounded-asymmetrical-bob.jpg\" alt=\"corte curto assim\u00e9trico e arredondado\" class=\"wp-image-33304\" srcset=\"https:\/\/flawlesshair.com\/wp-content\/uploads\/2023\/04\/18.-short-rounded-asymmetrical-bob.jpg 1080w, https:\/\/flawlesshair.com\/wp-content\/uploads\/2023\/04\/18.-short-rounded-asymmetrical-bob-300x300.jpg 300w, https:\/\/flawlesshair.com\/wp-content\/uploads\/2023\/04\/18.-short-rounded-asymmetrical-bob-150x150.jpg 150w, https:\/\/flawlesshair.com\/wp-content\/uploads\/2023\/04\/18.-short-rounded-asymmetrical-bob-768x768.jpg 768w, https:\/\/flawlesshair.com\/wp-content\/uploads\/2023\/04\/18.-short-rounded-asymmetrical-bob-12x12.jpg 12w, https:\/\/flawlesshair.com\/wp-content\/uploads\/2023\/04\/18.-short-rounded-asymmetrical-bob-728x728.jpg 728w, https:\/\/flawlesshair.com\/wp-content\/uploads\/2023\/04\/18.-short-rounded-asymmetrical-bob-960x960.jpg 960w, https:\/\/flawlesshair.com\/wp-content\/uploads\/2023\/04\/18.-short-rounded-asymmetrical-bob-96x96.jpg 96w\" sizes=\"auto, (max-width: 760px) calc(100vw - 24px), 720px\"><\/noscript><img loading=\"lazy\" decoding=\"async\" width=\"1080\" height=\"1080\" src=\"https:\/\/flawlesshair.com\/wp-content\/uploads\/2023\/04\/18.-short-rounded-asymmetrical-bob.jpg\" alt=\"corte curto assim\u00e9trico e arredondado\" class=\"wp-image-33304 lazyload\" srcset=\"https:\/\/flawlesshair.com\/wp-content\/uploads\/2023\/04\/18.-short-rounded-asymmetrical-bob.jpg 1080w, https:\/\/flawlesshair.com\/wp-content\/uploads\/2023\/04\/18.-short-rounded-asymmetrical-bob-300x300.jpg 300w, https:\/\/flawlesshair.com\/wp-content\/uploads\/2023\/04\/18.-short-rounded-asymmetrical-bob-150x150.jpg 150w, https:\/\/flawlesshair.com\/wp-content\/uploads\/2023\/04\/18.-short-rounded-asymmetrical-bob-768x768.jpg 768w, https:\/\/flawlesshair.com\/wp-content\/uploads\/2023\/04\/18.-short-rounded-asymmetrical-bob-12x12.jpg 12w, https:\/\/flawlesshair.com\/wp-content\/uploads\/2023\/04\/18.-short-rounded-asymmetrical-bob-728x728.jpg 728w, https:\/\/flawlesshair.com\/wp-content\/uploads\/2023\/04\/18.-short-rounded-asymmetrical-bob-960x960.jpg 960w, https:\/\/flawlesshair.com\/wp-content\/uploads\/2023\/04\/18.-short-rounded-asymmetrical-bob-96x96.jpg 96w\" sizes=\"auto, (max-width: 760px) calc(100vw - 24px), 720px\" data-pin-media=\"https:\/\/flawlesshair.com\/wp-content\/uploads\/2023\/04\/18.-short-rounded-asymmetrical-bob.jpg\" id=\"mv-trellis-img-18\" data-trellis-processed=\"1\"><div style=\"position: absolute; top: 0.5rem; right: 0.75rem;\"> <a href=\"https:\/\/www.pinterest.com\/pin\/create\/button\/\" data-pin-do=\"buttonPin\" data-pin-tall=\"true\" data-pin-url=\"https:\/\/flawlesshair.com\/pt\/bob-assimetrico\/\" data-pin-media=\"https:\/\/flawlesshair.com\/wp-content\/uploads\/2023\/04\/18.-short-rounded-asymmetrical-bob.jpg\" data-pin-description=\"60 Asymmetrical Bob Haircuts Making A Comeback In 2025\" rel=\"nofollow noopener\" target=\"_blank\"> <\/a><\/div><\/div><figcaption class=\"wp-element-caption\"><a href=\"https:\/\/www.instagram.com\/allthingsronand\" target=\"_blank\" rel=\"noreferrer noopener nofollow\">@todososronos<\/a><\/figcaption><\/figure>\n\n\n\n<p>A ro\u00e7ar a clav\u00edcula de um lado e \u00e0 altura do maxilar do outro, este bob graduado \u00e9 elegante e divertido ao mesmo tempo. Para finalizar, a parte lateral profunda d\u00e1-lhe um toque de sedu\u00e7\u00e3o.<\/p>\n\n\n\n<h2 class=\"wp-block-heading\">19. Bob assim\u00e9trico curto arco-\u00edris<\/h2>\n\n\n\n<figure class=\"wp-block-image size-full\"><div style=\"position: relative;\"><noscript><img loading=\"lazy\" decoding=\"async\" width=\"1080\" height=\"1350\" src=\"https:\/\/flawlesshair.com\/wp-content\/uploads\/2023\/04\/19.-rainbow-short-asymmetrical-bob.jpg\" alt=\"bob curto assim\u00e9trico arco-\u00edris\" class=\"wp-image-33305\" srcset=\"https:\/\/flawlesshair.com\/wp-content\/uploads\/2023\/04\/19.-rainbow-short-asymmetrical-bob.jpg 1080w, https:\/\/flawlesshair.com\/wp-content\/uploads\/2023\/04\/19.-rainbow-short-asymmetrical-bob-240x300.jpg 240w, https:\/\/flawlesshair.com\/wp-content\/uploads\/2023\/04\/19.-rainbow-short-asymmetrical-bob-768x960.jpg 768w, https:\/\/flawlesshair.com\/wp-content\/uploads\/2023\/04\/19.-rainbow-short-asymmetrical-bob-10x12.jpg 10w, https:\/\/flawlesshair.com\/wp-content\/uploads\/2023\/04\/19.-rainbow-short-asymmetrical-bob-864x1080.jpg 864w, https:\/\/flawlesshair.com\/wp-content\/uploads\/2023\/04\/19.-rainbow-short-asymmetrical-bob-960x1200.jpg 960w, https:\/\/flawlesshair.com\/wp-content\/uploads\/2023\/04\/19.-rainbow-short-asymmetrical-bob-150x188.jpg 150w\" sizes=\"auto, (max-width: 760px) calc(100vw - 24px), 720px\"><\/noscript><img loading=\"lazy\" decoding=\"async\" width=\"1080\" height=\"1350\" src=\"https:\/\/flawlesshair.com\/wp-content\/uploads\/2023\/04\/19.-rainbow-short-asymmetrical-bob.jpg\" alt=\"bob curto assim\u00e9trico arco-\u00edris\" class=\"wp-image-33305 lazyload\" srcset=\"https:\/\/flawlesshair.com\/wp-content\/uploads\/2023\/04\/19.-rainbow-short-asymmetrical-bob.jpg 1080w, https:\/\/flawlesshair.com\/wp-content\/uploads\/2023\/04\/19.-rainbow-short-asymmetrical-bob-240x300.jpg 240w, https:\/\/flawlesshair.com\/wp-content\/uploads\/2023\/04\/19.-rainbow-short-asymmetrical-bob-768x960.jpg 768w, https:\/\/flawlesshair.com\/wp-content\/uploads\/2023\/04\/19.-rainbow-short-asymmetrical-bob-10x12.jpg 10w, https:\/\/flawlesshair.com\/wp-content\/uploads\/2023\/04\/19.-rainbow-short-asymmetrical-bob-864x1080.jpg 864w, https:\/\/flawlesshair.com\/wp-content\/uploads\/2023\/04\/19.-rainbow-short-asymmetrical-bob-960x1200.jpg 960w, https:\/\/flawlesshair.com\/wp-content\/uploads\/2023\/04\/19.-rainbow-short-asymmetrical-bob-150x188.jpg 150w\" sizes=\"auto, (max-width: 760px) calc(100vw - 24px), 720px\" data-pin-media=\"https:\/\/flawlesshair.com\/wp-content\/uploads\/2023\/04\/19.-rainbow-short-asymmetrical-bob.jpg\" id=\"mv-trellis-img-19\" data-trellis-processed=\"1\"><div style=\"position: absolute; top: 0.5rem; right: 0.75rem;\"> <a href=\"https:\/\/www.pinterest.com\/pin\/create\/button\/\" data-pin-do=\"buttonPin\" data-pin-tall=\"true\" data-pin-url=\"https:\/\/flawlesshair.com\/pt\/bob-assimetrico\/\" data-pin-media=\"https:\/\/flawlesshair.com\/wp-content\/uploads\/2023\/04\/19.-rainbow-short-asymmetrical-bob.jpg\" data-pin-description=\"60 Asymmetrical Bob Haircuts Making A Comeback In 2025\" rel=\"nofollow noopener\" target=\"_blank\"> <\/a><\/div><\/div><figcaption class=\"wp-element-caption\"><a href=\"https:\/\/www.instagram.com\/aliyousha\" target=\"_blank\" rel=\"noreferrer noopener nofollow\">@aliyousha<\/a><\/figcaption><\/figure>\n\n\n\n<p>Este trabalho de colora\u00e7\u00e3o \u00e9 demasiado extraordin\u00e1rio para ser nada menos do que o ponto focal do estilo, e um bob elegante \u00e9 sempre uma escolha infal\u00edvel quando precisa de algo neutro. A forma assim\u00e9trica significa mais espa\u00e7o para brincar!<\/p>\n\n\n\n<h2 class=\"wp-block-heading\">20. Bob assim\u00e9trico em camadas de comprimento m\u00e9dio<\/h2>\n\n\n\n<figure class=\"wp-block-image size-full\"><div style=\"position: relative;\"><noscript><img loading=\"lazy\" decoding=\"async\" width=\"1080\" height=\"1350\" src=\"https:\/\/flawlesshair.com\/wp-content\/uploads\/2023\/04\/20.-medium-length-layered-asymmetrical-bob.jpg\" alt=\"cabelo assim\u00e9trico em camadas de comprimento m\u00e9dio\" class=\"wp-image-33306\" srcset=\"https:\/\/flawlesshair.com\/wp-content\/uploads\/2023\/04\/20.-medium-length-layered-asymmetrical-bob.jpg 1080w, https:\/\/flawlesshair.com\/wp-content\/uploads\/2023\/04\/20.-medium-length-layered-asymmetrical-bob-240x300.jpg 240w, https:\/\/flawlesshair.com\/wp-content\/uploads\/2023\/04\/20.-medium-length-layered-asymmetrical-bob-768x960.jpg 768w, https:\/\/flawlesshair.com\/wp-content\/uploads\/2023\/04\/20.-medium-length-layered-asymmetrical-bob-10x12.jpg 10w, https:\/\/flawlesshair.com\/wp-content\/uploads\/2023\/04\/20.-medium-length-layered-asymmetrical-bob-864x1080.jpg 864w, https:\/\/flawlesshair.com\/wp-content\/uploads\/2023\/04\/20.-medium-length-layered-asymmetrical-bob-960x1200.jpg 960w, https:\/\/flawlesshair.com\/wp-content\/uploads\/2023\/04\/20.-medium-length-layered-asymmetrical-bob-150x188.jpg 150w\" sizes=\"auto, (max-width: 760px) calc(100vw - 24px), 720px\"><\/noscript><img loading=\"lazy\" decoding=\"async\" width=\"1080\" height=\"1350\" src=\"https:\/\/flawlesshair.com\/wp-content\/uploads\/2023\/04\/20.-medium-length-layered-asymmetrical-bob.jpg\" alt=\"cabelo assim\u00e9trico em camadas de comprimento m\u00e9dio\" class=\"wp-image-33306 lazyload\" srcset=\"https:\/\/flawlesshair.com\/wp-content\/uploads\/2023\/04\/20.-medium-length-layered-asymmetrical-bob.jpg 1080w, https:\/\/flawlesshair.com\/wp-content\/uploads\/2023\/04\/20.-medium-length-layered-asymmetrical-bob-240x300.jpg 240w, https:\/\/flawlesshair.com\/wp-content\/uploads\/2023\/04\/20.-medium-length-layered-asymmetrical-bob-768x960.jpg 768w, https:\/\/flawlesshair.com\/wp-content\/uploads\/2023\/04\/20.-medium-length-layered-asymmetrical-bob-10x12.jpg 10w, https:\/\/flawlesshair.com\/wp-content\/uploads\/2023\/04\/20.-medium-length-layered-asymmetrical-bob-864x1080.jpg 864w, https:\/\/flawlesshair.com\/wp-content\/uploads\/2023\/04\/20.-medium-length-layered-asymmetrical-bob-960x1200.jpg 960w, https:\/\/flawlesshair.com\/wp-content\/uploads\/2023\/04\/20.-medium-length-layered-asymmetrical-bob-150x188.jpg 150w\" sizes=\"auto, (max-width: 760px) calc(100vw - 24px), 720px\" data-pin-media=\"https:\/\/flawlesshair.com\/wp-content\/uploads\/2023\/04\/20.-medium-length-layered-asymmetrical-bob.jpg\" id=\"mv-trellis-img-20\" data-trellis-processed=\"1\"><div style=\"position: absolute; top: 0.5rem; right: 0.75rem;\"> <a href=\"https:\/\/www.pinterest.com\/pin\/create\/button\/\" data-pin-do=\"buttonPin\" data-pin-tall=\"true\" data-pin-url=\"https:\/\/flawlesshair.com\/pt\/bob-assimetrico\/\" data-pin-media=\"https:\/\/flawlesshair.com\/wp-content\/uploads\/2023\/04\/20.-medium-length-layered-asymmetrical-bob.jpg\" data-pin-description=\"60 Asymmetrical Bob Haircuts Making A Comeback In 2025\" rel=\"nofollow noopener\" target=\"_blank\"> <\/a><\/div><\/div><figcaption class=\"wp-element-caption\"><a href=\"https:\/\/www.instagram.com\/se_augusto\" target=\"_blank\" rel=\"noreferrer noopener nofollow\">@se_augusto<\/a><\/figcaption><\/figure>\n\n\n\n<p>Este <a href=\"https:\/\/flawlesshair.com\/pt\/bob-em-camadas-com-franja\/\">bob em camadas com franja<\/a> \u00e9 cheio de movimento e de balan\u00e7o e, gra\u00e7as ao contorno assim\u00e9trico, tem uma forma divertida e sedutora.<\/p>\n\n\n\n<h2 class=\"wp-block-heading\">21. Bob comprido assim\u00e9trico<\/h2>\n\n\n\n<figure class=\"wp-block-image size-full\"><div style=\"position: relative;\"><noscript><img loading=\"lazy\" decoding=\"async\" width=\"1009\" height=\"1262\" src=\"https:\/\/flawlesshair.com\/wp-content\/uploads\/2023\/04\/21.-long-asymmetrical-bob.jpg\" alt=\"bob longo assim\u00e9trico\" class=\"wp-image-33309\" srcset=\"https:\/\/flawlesshair.com\/wp-content\/uploads\/2023\/04\/21.-long-asymmetrical-bob.jpg 1009w, https:\/\/flawlesshair.com\/wp-content\/uploads\/2023\/04\/21.-long-asymmetrical-bob-240x300.jpg 240w, https:\/\/flawlesshair.com\/wp-content\/uploads\/2023\/04\/21.-long-asymmetrical-bob-768x960.jpg 768w, https:\/\/flawlesshair.com\/wp-content\/uploads\/2023\/04\/21.-long-asymmetrical-bob-10x12.jpg 10w, https:\/\/flawlesshair.com\/wp-content\/uploads\/2023\/04\/21.-long-asymmetrical-bob-863x1080.jpg 863w, https:\/\/flawlesshair.com\/wp-content\/uploads\/2023\/04\/21.-long-asymmetrical-bob-959x1200.jpg 959w, https:\/\/flawlesshair.com\/wp-content\/uploads\/2023\/04\/21.-long-asymmetrical-bob-150x188.jpg 150w\" sizes=\"auto, (max-width: 760px) calc(100vw - 24px), 720px\"><\/noscript><img loading=\"lazy\" decoding=\"async\" width=\"1009\" height=\"1262\" src=\"https:\/\/flawlesshair.com\/wp-content\/uploads\/2023\/04\/21.-long-asymmetrical-bob.jpg\" alt=\"bob longo assim\u00e9trico\" class=\"wp-image-33309 lazyload\" srcset=\"https:\/\/flawlesshair.com\/wp-content\/uploads\/2023\/04\/21.-long-asymmetrical-bob.jpg 1009w, https:\/\/flawlesshair.com\/wp-content\/uploads\/2023\/04\/21.-long-asymmetrical-bob-240x300.jpg 240w, https:\/\/flawlesshair.com\/wp-content\/uploads\/2023\/04\/21.-long-asymmetrical-bob-768x960.jpg 768w, https:\/\/flawlesshair.com\/wp-content\/uploads\/2023\/04\/21.-long-asymmetrical-bob-10x12.jpg 10w, https:\/\/flawlesshair.com\/wp-content\/uploads\/2023\/04\/21.-long-asymmetrical-bob-863x1080.jpg 863w, https:\/\/flawlesshair.com\/wp-content\/uploads\/2023\/04\/21.-long-asymmetrical-bob-959x1200.jpg 959w, https:\/\/flawlesshair.com\/wp-content\/uploads\/2023\/04\/21.-long-asymmetrical-bob-150x188.jpg 150w\" sizes=\"auto, (max-width: 760px) calc(100vw - 24px), 720px\" data-pin-media=\"https:\/\/flawlesshair.com\/wp-content\/uploads\/2023\/04\/21.-long-asymmetrical-bob.jpg\" id=\"mv-trellis-img-21\" data-trellis-processed=\"1\"><div style=\"position: absolute; top: 0.5rem; right: 0.75rem;\"> <a href=\"https:\/\/www.pinterest.com\/pin\/create\/button\/\" data-pin-do=\"buttonPin\" data-pin-tall=\"true\" data-pin-url=\"https:\/\/flawlesshair.com\/pt\/bob-assimetrico\/\" data-pin-media=\"https:\/\/flawlesshair.com\/wp-content\/uploads\/2023\/04\/21.-long-asymmetrical-bob.jpg\" data-pin-description=\"60 Asymmetrical Bob Haircuts Making A Comeback In 2025\" rel=\"nofollow noopener\" target=\"_blank\"> <\/a><\/div><\/div><figcaption class=\"wp-element-caption\"><a href=\"https:\/\/www.instagram.com\/teagancousins.hair\" target=\"_blank\" rel=\"noreferrer noopener nofollow\">@teagancousins.hair<\/a><\/figcaption><\/figure>\n\n\n\n<p>Toda a gente sabe que as pe\u00e7as mais claras \u00e0 frente iluminam o rosto e fazem sobressair as fei\u00e7\u00f5es - as madeixas mais compridas de um bob assim\u00e9trico proporcionam uma moldura completa para lan\u00e7ar uma luz \u00e0 volta do rosto. <\/p>\n\n\n\n<h2 class=\"wp-block-heading\">22. Bob ondulado assim\u00e9trico<\/h2>\n\n\n\n<figure class=\"wp-block-image size-full\"><div style=\"position: relative;\"><noscript><img loading=\"lazy\" decoding=\"async\" width=\"1080\" height=\"1346\" src=\"https:\/\/flawlesshair.com\/wp-content\/uploads\/2023\/04\/22.-asymmetrical-wavy-bob.jpg\" alt=\"bob ondulado assim\u00e9trico\" class=\"wp-image-33310\" srcset=\"https:\/\/flawlesshair.com\/wp-content\/uploads\/2023\/04\/22.-asymmetrical-wavy-bob.jpg 1080w, https:\/\/flawlesshair.com\/wp-content\/uploads\/2023\/04\/22.-asymmetrical-wavy-bob-241x300.jpg 241w, https:\/\/flawlesshair.com\/wp-content\/uploads\/2023\/04\/22.-asymmetrical-wavy-bob-768x957.jpg 768w, https:\/\/flawlesshair.com\/wp-content\/uploads\/2023\/04\/22.-asymmetrical-wavy-bob-10x12.jpg 10w, https:\/\/flawlesshair.com\/wp-content\/uploads\/2023\/04\/22.-asymmetrical-wavy-bob-770x960.jpg 770w, https:\/\/flawlesshair.com\/wp-content\/uploads\/2023\/04\/22.-asymmetrical-wavy-bob-867x1080.jpg 867w, https:\/\/flawlesshair.com\/wp-content\/uploads\/2023\/04\/22.-asymmetrical-wavy-bob-963x1200.jpg 963w, https:\/\/flawlesshair.com\/wp-content\/uploads\/2023\/04\/22.-asymmetrical-wavy-bob-150x187.jpg 150w\" sizes=\"auto, (max-width: 760px) calc(100vw - 24px), 720px\"><\/noscript><img loading=\"lazy\" decoding=\"async\" width=\"1080\" height=\"1346\" src=\"https:\/\/flawlesshair.com\/wp-content\/uploads\/2023\/04\/22.-asymmetrical-wavy-bob.jpg\" alt=\"bob ondulado assim\u00e9trico\" class=\"wp-image-33310 lazyload\" srcset=\"https:\/\/flawlesshair.com\/wp-content\/uploads\/2023\/04\/22.-asymmetrical-wavy-bob.jpg 1080w, https:\/\/flawlesshair.com\/wp-content\/uploads\/2023\/04\/22.-asymmetrical-wavy-bob-241x300.jpg 241w, https:\/\/flawlesshair.com\/wp-content\/uploads\/2023\/04\/22.-asymmetrical-wavy-bob-768x957.jpg 768w, https:\/\/flawlesshair.com\/wp-content\/uploads\/2023\/04\/22.-asymmetrical-wavy-bob-10x12.jpg 10w, https:\/\/flawlesshair.com\/wp-content\/uploads\/2023\/04\/22.-asymmetrical-wavy-bob-770x960.jpg 770w, https:\/\/flawlesshair.com\/wp-content\/uploads\/2023\/04\/22.-asymmetrical-wavy-bob-867x1080.jpg 867w, https:\/\/flawlesshair.com\/wp-content\/uploads\/2023\/04\/22.-asymmetrical-wavy-bob-963x1200.jpg 963w, https:\/\/flawlesshair.com\/wp-content\/uploads\/2023\/04\/22.-asymmetrical-wavy-bob-150x187.jpg 150w\" sizes=\"auto, (max-width: 760px) calc(100vw - 24px), 720px\" data-pin-media=\"https:\/\/flawlesshair.com\/wp-content\/uploads\/2023\/04\/22.-asymmetrical-wavy-bob.jpg\" id=\"mv-trellis-img-22\" data-trellis-processed=\"1\"><div style=\"position: absolute; top: 0.5rem; right: 0.75rem;\"> <a href=\"https:\/\/www.pinterest.com\/pin\/create\/button\/\" data-pin-do=\"buttonPin\" data-pin-tall=\"true\" data-pin-url=\"https:\/\/flawlesshair.com\/pt\/bob-assimetrico\/\" data-pin-media=\"https:\/\/flawlesshair.com\/wp-content\/uploads\/2023\/04\/22.-asymmetrical-wavy-bob.jpg\" data-pin-description=\"60 Asymmetrical Bob Haircuts Making A Comeback In 2025\" rel=\"nofollow noopener\" target=\"_blank\"> <\/a><\/div><\/div><figcaption class=\"wp-element-caption\"><a href=\"https:\/\/www.instagram.com\/shannon_love_hair\" target=\"_blank\" rel=\"noreferrer noopener nofollow\">@shannon_love_hair<\/a><\/figcaption><\/figure>\n\n\n\n<p>Este bob assim\u00e9trico ondulado \u00e0 altura do queixo j\u00e1 seria suficientemente fixe, mas o <a href=\"https:\/\/flawlesshair.com\/pt\/corte-inferior-oculto\/\">corte inferior oculto<\/a> no lado curto torna-o super arrojado.<\/p>\n\n\n\n<h2 class=\"wp-block-heading\">23. Corte undercut assim\u00e9trico de comprimento m\u00e9dio<\/h2>\n\n\n\n<figure class=\"wp-block-image size-full\"><div style=\"position: relative;\"><noscript><img loading=\"lazy\" decoding=\"async\" width=\"1080\" height=\"1350\" src=\"https:\/\/flawlesshair.com\/wp-content\/uploads\/2023\/04\/23.-asymmetrical-medium-length-undercut-bob.jpg\" alt=\"corte undercut assim\u00e9trico de comprimento m\u00e9dio\" class=\"wp-image-33311\" srcset=\"https:\/\/flawlesshair.com\/wp-content\/uploads\/2023\/04\/23.-asymmetrical-medium-length-undercut-bob.jpg 1080w, https:\/\/flawlesshair.com\/wp-content\/uploads\/2023\/04\/23.-asymmetrical-medium-length-undercut-bob-240x300.jpg 240w, https:\/\/flawlesshair.com\/wp-content\/uploads\/2023\/04\/23.-asymmetrical-medium-length-undercut-bob-768x960.jpg 768w, https:\/\/flawlesshair.com\/wp-content\/uploads\/2023\/04\/23.-asymmetrical-medium-length-undercut-bob-10x12.jpg 10w, https:\/\/flawlesshair.com\/wp-content\/uploads\/2023\/04\/23.-asymmetrical-medium-length-undercut-bob-864x1080.jpg 864w, https:\/\/flawlesshair.com\/wp-content\/uploads\/2023\/04\/23.-asymmetrical-medium-length-undercut-bob-960x1200.jpg 960w, https:\/\/flawlesshair.com\/wp-content\/uploads\/2023\/04\/23.-asymmetrical-medium-length-undercut-bob-150x188.jpg 150w\" sizes=\"auto, (max-width: 760px) calc(100vw - 24px), 720px\"><\/noscript><img loading=\"lazy\" decoding=\"async\" width=\"1080\" height=\"1350\" src=\"https:\/\/flawlesshair.com\/wp-content\/uploads\/2023\/04\/23.-asymmetrical-medium-length-undercut-bob.jpg\" alt=\"corte undercut assim\u00e9trico de comprimento m\u00e9dio\" class=\"wp-image-33311 lazyload\" srcset=\"https:\/\/flawlesshair.com\/wp-content\/uploads\/2023\/04\/23.-asymmetrical-medium-length-undercut-bob.jpg 1080w, https:\/\/flawlesshair.com\/wp-content\/uploads\/2023\/04\/23.-asymmetrical-medium-length-undercut-bob-240x300.jpg 240w, https:\/\/flawlesshair.com\/wp-content\/uploads\/2023\/04\/23.-asymmetrical-medium-length-undercut-bob-768x960.jpg 768w, https:\/\/flawlesshair.com\/wp-content\/uploads\/2023\/04\/23.-asymmetrical-medium-length-undercut-bob-10x12.jpg 10w, https:\/\/flawlesshair.com\/wp-content\/uploads\/2023\/04\/23.-asymmetrical-medium-length-undercut-bob-864x1080.jpg 864w, https:\/\/flawlesshair.com\/wp-content\/uploads\/2023\/04\/23.-asymmetrical-medium-length-undercut-bob-960x1200.jpg 960w, https:\/\/flawlesshair.com\/wp-content\/uploads\/2023\/04\/23.-asymmetrical-medium-length-undercut-bob-150x188.jpg 150w\" sizes=\"auto, (max-width: 760px) calc(100vw - 24px), 720px\" data-pin-media=\"https:\/\/flawlesshair.com\/wp-content\/uploads\/2023\/04\/23.-asymmetrical-medium-length-undercut-bob.jpg\" id=\"mv-trellis-img-23\" data-trellis-processed=\"1\"><div style=\"position: absolute; top: 0.5rem; right: 0.75rem;\"> <a href=\"https:\/\/www.pinterest.com\/pin\/create\/button\/\" data-pin-do=\"buttonPin\" data-pin-tall=\"true\" data-pin-url=\"https:\/\/flawlesshair.com\/pt\/bob-assimetrico\/\" data-pin-media=\"https:\/\/flawlesshair.com\/wp-content\/uploads\/2023\/04\/23.-asymmetrical-medium-length-undercut-bob.jpg\" data-pin-description=\"60 Asymmetrical Bob Haircuts Making A Comeback In 2025\" rel=\"nofollow noopener\" target=\"_blank\"> <\/a><\/div><\/div><figcaption class=\"wp-element-caption\"><a href=\"https:\/\/www.instagram.com\/kuaforsuleymanyalman\" target=\"_blank\" rel=\"noreferrer noopener nofollow\">@kuaforsuleymanyalman<\/a><\/figcaption><\/figure>\n\n\n\n<p>O cabelo fino tem tend\u00eancia a ficar liso, por isso um produto texturizante \u00e9 obrigat\u00f3rio, mesmo que o use liso. Se n\u00e3o sabe bem por onde come\u00e7ar, experimente usar champ\u00f4 seco nas ra\u00edzes para levantar e domar instantaneamente os cabelos rebeldes.<\/p>\n\n\n\n<h2 class=\"wp-block-heading\">24. Bob comprido assim\u00e9trico com corte inferior<\/h2>\n\n\n\n<figure class=\"wp-block-image size-full\"><div style=\"position: relative;\"><noscript><img loading=\"lazy\" decoding=\"async\" width=\"1080\" height=\"1140\" src=\"https:\/\/flawlesshair.com\/wp-content\/uploads\/2023\/04\/24.-undercut-asymmetrical-long-bob.jpg\" alt=\"corte inferior assim\u00e9trico longo\" class=\"wp-image-33312\" srcset=\"https:\/\/flawlesshair.com\/wp-content\/uploads\/2023\/04\/24.-undercut-asymmetrical-long-bob.jpg 1080w, https:\/\/flawlesshair.com\/wp-content\/uploads\/2023\/04\/24.-undercut-asymmetrical-long-bob-284x300.jpg 284w, https:\/\/flawlesshair.com\/wp-content\/uploads\/2023\/04\/24.-undercut-asymmetrical-long-bob-768x811.jpg 768w, https:\/\/flawlesshair.com\/wp-content\/uploads\/2023\/04\/24.-undercut-asymmetrical-long-bob-11x12.jpg 11w, https:\/\/flawlesshair.com\/wp-content\/uploads\/2023\/04\/24.-undercut-asymmetrical-long-bob-909x960.jpg 909w, https:\/\/flawlesshair.com\/wp-content\/uploads\/2023\/04\/24.-undercut-asymmetrical-long-bob-1023x1080.jpg 1023w, https:\/\/flawlesshair.com\/wp-content\/uploads\/2023\/04\/24.-undercut-asymmetrical-long-bob-150x158.jpg 150w\" sizes=\"auto, (max-width: 760px) calc(100vw - 24px), 720px\"><\/noscript><img loading=\"lazy\" decoding=\"async\" width=\"1080\" height=\"1140\" src=\"https:\/\/flawlesshair.com\/wp-content\/uploads\/2023\/04\/24.-undercut-asymmetrical-long-bob.jpg\" alt=\"corte inferior assim\u00e9trico longo\" class=\"wp-image-33312 lazyload\" srcset=\"https:\/\/flawlesshair.com\/wp-content\/uploads\/2023\/04\/24.-undercut-asymmetrical-long-bob.jpg 1080w, https:\/\/flawlesshair.com\/wp-content\/uploads\/2023\/04\/24.-undercut-asymmetrical-long-bob-284x300.jpg 284w, https:\/\/flawlesshair.com\/wp-content\/uploads\/2023\/04\/24.-undercut-asymmetrical-long-bob-768x811.jpg 768w, https:\/\/flawlesshair.com\/wp-content\/uploads\/2023\/04\/24.-undercut-asymmetrical-long-bob-11x12.jpg 11w, https:\/\/flawlesshair.com\/wp-content\/uploads\/2023\/04\/24.-undercut-asymmetrical-long-bob-909x960.jpg 909w, https:\/\/flawlesshair.com\/wp-content\/uploads\/2023\/04\/24.-undercut-asymmetrical-long-bob-1023x1080.jpg 1023w, https:\/\/flawlesshair.com\/wp-content\/uploads\/2023\/04\/24.-undercut-asymmetrical-long-bob-150x158.jpg 150w\" sizes=\"auto, (max-width: 760px) calc(100vw - 24px), 720px\" data-pin-media=\"https:\/\/flawlesshair.com\/wp-content\/uploads\/2023\/04\/24.-undercut-asymmetrical-long-bob.jpg\" id=\"mv-trellis-img-24\" data-trellis-processed=\"1\"><div style=\"position: absolute; top: 0.5rem; right: 0.75rem;\"> <a href=\"https:\/\/www.pinterest.com\/pin\/create\/button\/\" data-pin-do=\"buttonPin\" data-pin-tall=\"true\" data-pin-url=\"https:\/\/flawlesshair.com\/pt\/bob-assimetrico\/\" data-pin-media=\"https:\/\/flawlesshair.com\/wp-content\/uploads\/2023\/04\/24.-undercut-asymmetrical-long-bob.jpg\" data-pin-description=\"60 Asymmetrical Bob Haircuts Making A Comeback In 2025\" rel=\"nofollow noopener\" target=\"_blank\"> <\/a><\/div><\/div><figcaption class=\"wp-element-caption\"><a href=\"https:\/\/www.instagram.com\/theo__hair\" target=\"_blank\" rel=\"noreferrer noopener nofollow\">@theo__hair<\/a><\/figcaption><\/figure>\n\n\n\n<p>Este lob assim\u00e9trico com um corte inferior que pode ser escondido com uma risca ao meio \u00e9 bonito e arrojado ao mesmo tempo.<\/p>\n\n\n\n<h2 class=\"wp-block-heading\">25. Bob Assim\u00e9trico Reto e Sem Corte<\/h2>\n\n\n\n<figure class=\"wp-block-image size-full\"><div style=\"position: relative;\"><noscript><img loading=\"lazy\" decoding=\"async\" width=\"1080\" height=\"1350\" src=\"https:\/\/flawlesshair.com\/wp-content\/uploads\/2023\/04\/25.-straight-blunt-asymmetrical-bob.jpg\" alt=\"bob assim\u00e9trico sem corte reto\" class=\"wp-image-33313\" srcset=\"https:\/\/flawlesshair.com\/wp-content\/uploads\/2023\/04\/25.-straight-blunt-asymmetrical-bob.jpg 1080w, https:\/\/flawlesshair.com\/wp-content\/uploads\/2023\/04\/25.-straight-blunt-asymmetrical-bob-240x300.jpg 240w, https:\/\/flawlesshair.com\/wp-content\/uploads\/2023\/04\/25.-straight-blunt-asymmetrical-bob-768x960.jpg 768w, https:\/\/flawlesshair.com\/wp-content\/uploads\/2023\/04\/25.-straight-blunt-asymmetrical-bob-10x12.jpg 10w, https:\/\/flawlesshair.com\/wp-content\/uploads\/2023\/04\/25.-straight-blunt-asymmetrical-bob-864x1080.jpg 864w, https:\/\/flawlesshair.com\/wp-content\/uploads\/2023\/04\/25.-straight-blunt-asymmetrical-bob-960x1200.jpg 960w, https:\/\/flawlesshair.com\/wp-content\/uploads\/2023\/04\/25.-straight-blunt-asymmetrical-bob-150x188.jpg 150w\" sizes=\"auto, (max-width: 760px) calc(100vw - 24px), 720px\"><\/noscript><img loading=\"lazy\" decoding=\"async\" width=\"1080\" height=\"1350\" src=\"https:\/\/flawlesshair.com\/wp-content\/uploads\/2023\/04\/25.-straight-blunt-asymmetrical-bob.jpg\" alt=\"bob assim\u00e9trico sem corte reto\" class=\"wp-image-33313 lazyload\" srcset=\"https:\/\/flawlesshair.com\/wp-content\/uploads\/2023\/04\/25.-straight-blunt-asymmetrical-bob.jpg 1080w, https:\/\/flawlesshair.com\/wp-content\/uploads\/2023\/04\/25.-straight-blunt-asymmetrical-bob-240x300.jpg 240w, https:\/\/flawlesshair.com\/wp-content\/uploads\/2023\/04\/25.-straight-blunt-asymmetrical-bob-768x960.jpg 768w, https:\/\/flawlesshair.com\/wp-content\/uploads\/2023\/04\/25.-straight-blunt-asymmetrical-bob-10x12.jpg 10w, https:\/\/flawlesshair.com\/wp-content\/uploads\/2023\/04\/25.-straight-blunt-asymmetrical-bob-864x1080.jpg 864w, https:\/\/flawlesshair.com\/wp-content\/uploads\/2023\/04\/25.-straight-blunt-asymmetrical-bob-960x1200.jpg 960w, https:\/\/flawlesshair.com\/wp-content\/uploads\/2023\/04\/25.-straight-blunt-asymmetrical-bob-150x188.jpg 150w\" sizes=\"auto, (max-width: 760px) calc(100vw - 24px), 720px\" data-pin-media=\"https:\/\/flawlesshair.com\/wp-content\/uploads\/2023\/04\/25.-straight-blunt-asymmetrical-bob.jpg\" id=\"mv-trellis-img-25\" data-trellis-processed=\"1\"><div style=\"position: absolute; top: 0.5rem; right: 0.75rem;\"> <a href=\"https:\/\/www.pinterest.com\/pin\/create\/button\/\" data-pin-do=\"buttonPin\" data-pin-tall=\"true\" data-pin-url=\"https:\/\/flawlesshair.com\/pt\/bob-assimetrico\/\" data-pin-media=\"https:\/\/flawlesshair.com\/wp-content\/uploads\/2023\/04\/25.-straight-blunt-asymmetrical-bob.jpg\" data-pin-description=\"60 Asymmetrical Bob Haircuts Making A Comeback In 2025\" rel=\"nofollow noopener\" target=\"_blank\"> <\/a><\/div><\/div><figcaption class=\"wp-element-caption\"><a href=\"https:\/\/www.instagram.com\/hairbymj_\" target=\"_blank\" rel=\"noreferrer noopener nofollow\">@hairbymj_<\/a><\/figcaption><\/figure>\n\n\n\n<p>Elegante e brilhante, este modelo \u00e9 glamoroso, enquanto que o seu bonito estilo de rebordo acrescenta um toque rom\u00e2ntico. O contorno assim\u00e9trico completa o visual.<\/p>\n\n\n\n<h2 class=\"wp-block-heading\">26. Corte de Cabelo Bob Desigual Sem Corte<\/h2>\n\n\n\n<figure class=\"wp-block-image size-full\"><div style=\"position: relative;\"><noscript><img loading=\"lazy\" decoding=\"async\" width=\"1080\" height=\"1090\" src=\"https:\/\/flawlesshair.com\/wp-content\/uploads\/2023\/04\/26.-blunt-uneven-bob-haircut.jpg\" alt=\"corte de cabelo bob irregular e sem corte\" class=\"wp-image-33314\" srcset=\"https:\/\/flawlesshair.com\/wp-content\/uploads\/2023\/04\/26.-blunt-uneven-bob-haircut.jpg 1080w, https:\/\/flawlesshair.com\/wp-content\/uploads\/2023\/04\/26.-blunt-uneven-bob-haircut-297x300.jpg 297w, https:\/\/flawlesshair.com\/wp-content\/uploads\/2023\/04\/26.-blunt-uneven-bob-haircut-150x151.jpg 150w, https:\/\/flawlesshair.com\/wp-content\/uploads\/2023\/04\/26.-blunt-uneven-bob-haircut-768x775.jpg 768w, https:\/\/flawlesshair.com\/wp-content\/uploads\/2023\/04\/26.-blunt-uneven-bob-haircut-12x12.jpg 12w, https:\/\/flawlesshair.com\/wp-content\/uploads\/2023\/04\/26.-blunt-uneven-bob-haircut-951x960.jpg 951w, https:\/\/flawlesshair.com\/wp-content\/uploads\/2023\/04\/26.-blunt-uneven-bob-haircut-1070x1080.jpg 1070w, https:\/\/flawlesshair.com\/wp-content\/uploads\/2023\/04\/26.-blunt-uneven-bob-haircut-96x96.jpg 96w\" sizes=\"auto, (max-width: 760px) calc(100vw - 24px), 720px\"><\/noscript><img loading=\"lazy\" decoding=\"async\" width=\"1080\" height=\"1090\" src=\"https:\/\/flawlesshair.com\/wp-content\/uploads\/2023\/04\/26.-blunt-uneven-bob-haircut.jpg\" alt=\"corte de cabelo bob irregular e sem corte\" class=\"wp-image-33314 lazyload\" srcset=\"https:\/\/flawlesshair.com\/wp-content\/uploads\/2023\/04\/26.-blunt-uneven-bob-haircut.jpg 1080w, https:\/\/flawlesshair.com\/wp-content\/uploads\/2023\/04\/26.-blunt-uneven-bob-haircut-297x300.jpg 297w, https:\/\/flawlesshair.com\/wp-content\/uploads\/2023\/04\/26.-blunt-uneven-bob-haircut-150x151.jpg 150w, https:\/\/flawlesshair.com\/wp-content\/uploads\/2023\/04\/26.-blunt-uneven-bob-haircut-768x775.jpg 768w, https:\/\/flawlesshair.com\/wp-content\/uploads\/2023\/04\/26.-blunt-uneven-bob-haircut-12x12.jpg 12w, https:\/\/flawlesshair.com\/wp-content\/uploads\/2023\/04\/26.-blunt-uneven-bob-haircut-951x960.jpg 951w, https:\/\/flawlesshair.com\/wp-content\/uploads\/2023\/04\/26.-blunt-uneven-bob-haircut-1070x1080.jpg 1070w, https:\/\/flawlesshair.com\/wp-content\/uploads\/2023\/04\/26.-blunt-uneven-bob-haircut-96x96.jpg 96w\" sizes=\"auto, (max-width: 760px) calc(100vw - 24px), 720px\" data-pin-media=\"https:\/\/flawlesshair.com\/wp-content\/uploads\/2023\/04\/26.-blunt-uneven-bob-haircut.jpg\" id=\"mv-trellis-img-26\" data-trellis-processed=\"1\"><div style=\"position: absolute; top: 0.5rem; right: 0.75rem;\"> <a href=\"https:\/\/www.pinterest.com\/pin\/create\/button\/\" data-pin-do=\"buttonPin\" data-pin-tall=\"true\" data-pin-url=\"https:\/\/flawlesshair.com\/pt\/bob-assimetrico\/\" data-pin-media=\"https:\/\/flawlesshair.com\/wp-content\/uploads\/2023\/04\/26.-blunt-uneven-bob-haircut.jpg\" data-pin-description=\"60 Asymmetrical Bob Haircuts Making A Comeback In 2025\" rel=\"nofollow noopener\" target=\"_blank\"> <\/a><\/div><\/div><figcaption class=\"wp-element-caption\"><a href=\"https:\/\/www.instagram.com\/lauraleighhairbeauty\" target=\"_blank\" rel=\"noreferrer noopener nofollow\">@lauraleighhairbeauty<\/a><\/figcaption><\/figure>\n\n\n\n<p>Este modelo assim\u00e9trico discreto <a href=\"https:\/\/flawlesshair.com\/pt\/bob-com-franja-lateral\/\">bob com franja lateral<\/a> varrido para o lado \u00e9 casual, mas n\u00e3o vulgar. Um look que \u00e9 simultaneamente elegante e f\u00e1cil.<\/p>\n\n\n\n<h2 class=\"wp-block-heading\">27. Rabo de cavalo assim\u00e9trico com corte inferior<\/h2>\n\n\n\n<figure class=\"wp-block-image size-full\"><div style=\"position: relative;\"><noscript><img loading=\"lazy\" decoding=\"async\" width=\"1080\" height=\"1349\" src=\"https:\/\/flawlesshair.com\/wp-content\/uploads\/2023\/04\/27.-asymmetrical-pixie-bob-with-undercut.jpg\" alt=\"corte assim\u00e9trico pixie bob com undercut\" class=\"wp-image-33315\" srcset=\"https:\/\/flawlesshair.com\/wp-content\/uploads\/2023\/04\/27.-asymmetrical-pixie-bob-with-undercut.jpg 1080w, https:\/\/flawlesshair.com\/wp-content\/uploads\/2023\/04\/27.-asymmetrical-pixie-bob-with-undercut-240x300.jpg 240w, https:\/\/flawlesshair.com\/wp-content\/uploads\/2023\/04\/27.-asymmetrical-pixie-bob-with-undercut-768x959.jpg 768w, https:\/\/flawlesshair.com\/wp-content\/uploads\/2023\/04\/27.-asymmetrical-pixie-bob-with-undercut-10x12.jpg 10w, https:\/\/flawlesshair.com\/wp-content\/uploads\/2023\/04\/27.-asymmetrical-pixie-bob-with-undercut-769x960.jpg 769w, https:\/\/flawlesshair.com\/wp-content\/uploads\/2023\/04\/27.-asymmetrical-pixie-bob-with-undercut-865x1080.jpg 865w, https:\/\/flawlesshair.com\/wp-content\/uploads\/2023\/04\/27.-asymmetrical-pixie-bob-with-undercut-961x1200.jpg 961w, https:\/\/flawlesshair.com\/wp-content\/uploads\/2023\/04\/27.-asymmetrical-pixie-bob-with-undercut-150x187.jpg 150w\" sizes=\"auto, (max-width: 760px) calc(100vw - 24px), 720px\"><\/noscript><img loading=\"lazy\" decoding=\"async\" width=\"1080\" height=\"1349\" src=\"https:\/\/flawlesshair.com\/wp-content\/uploads\/2023\/04\/27.-asymmetrical-pixie-bob-with-undercut.jpg\" alt=\"corte assim\u00e9trico pixie bob com undercut\" class=\"wp-image-33315 lazyload\" srcset=\"https:\/\/flawlesshair.com\/wp-content\/uploads\/2023\/04\/27.-asymmetrical-pixie-bob-with-undercut.jpg 1080w, https:\/\/flawlesshair.com\/wp-content\/uploads\/2023\/04\/27.-asymmetrical-pixie-bob-with-undercut-240x300.jpg 240w, https:\/\/flawlesshair.com\/wp-content\/uploads\/2023\/04\/27.-asymmetrical-pixie-bob-with-undercut-768x959.jpg 768w, https:\/\/flawlesshair.com\/wp-content\/uploads\/2023\/04\/27.-asymmetrical-pixie-bob-with-undercut-10x12.jpg 10w, https:\/\/flawlesshair.com\/wp-content\/uploads\/2023\/04\/27.-asymmetrical-pixie-bob-with-undercut-769x960.jpg 769w, https:\/\/flawlesshair.com\/wp-content\/uploads\/2023\/04\/27.-asymmetrical-pixie-bob-with-undercut-865x1080.jpg 865w, https:\/\/flawlesshair.com\/wp-content\/uploads\/2023\/04\/27.-asymmetrical-pixie-bob-with-undercut-961x1200.jpg 961w, https:\/\/flawlesshair.com\/wp-content\/uploads\/2023\/04\/27.-asymmetrical-pixie-bob-with-undercut-150x187.jpg 150w\" sizes=\"auto, (max-width: 760px) calc(100vw - 24px), 720px\" data-pin-media=\"https:\/\/flawlesshair.com\/wp-content\/uploads\/2023\/04\/27.-asymmetrical-pixie-bob-with-undercut.jpg\" id=\"mv-trellis-img-27\" data-trellis-processed=\"1\"><div style=\"position: absolute; top: 0.5rem; right: 0.75rem;\"> <a href=\"https:\/\/www.pinterest.com\/pin\/create\/button\/\" data-pin-do=\"buttonPin\" data-pin-tall=\"true\" data-pin-url=\"https:\/\/flawlesshair.com\/pt\/bob-assimetrico\/\" data-pin-media=\"https:\/\/flawlesshair.com\/wp-content\/uploads\/2023\/04\/27.-asymmetrical-pixie-bob-with-undercut.jpg\" data-pin-description=\"60 Asymmetrical Bob Haircuts Making A Comeback In 2025\" rel=\"nofollow noopener\" target=\"_blank\"> <\/a><\/div><\/div><figcaption class=\"wp-element-caption\"><a href=\"https:\/\/www.instagram.com\/ernestomeneses\" target=\"_blank\" rel=\"noreferrer noopener nofollow\">@ernestomeneses<\/a><\/figcaption><\/figure>\n\n\n\n<p>Corte inferior, madeixas brancas volumosas e uma forma extremamente assim\u00e9trica: cada uma destas caracter\u00edsticas \u00e9 suficientemente ousada por si s\u00f3, mas combinadas num s\u00f3 penteado, o resultado final \u00e9 algo apenas para os ousados.<\/p>\n\n\n\n<h2 class=\"wp-block-heading\">28. Lob assim\u00e9trico invertido<\/h2>\n\n\n\n<figure class=\"wp-block-image size-full\"><div style=\"position: relative;\"><noscript><img loading=\"lazy\" decoding=\"async\" width=\"1080\" height=\"1139\" src=\"https:\/\/flawlesshair.com\/wp-content\/uploads\/2023\/04\/28.-inverted-asymmetrical-lob.jpg\" alt=\"l\u00f3bulo assim\u00e9trico invertido\" class=\"wp-image-33316\" srcset=\"https:\/\/flawlesshair.com\/wp-content\/uploads\/2023\/04\/28.-inverted-asymmetrical-lob.jpg 1080w, https:\/\/flawlesshair.com\/wp-content\/uploads\/2023\/04\/28.-inverted-asymmetrical-lob-284x300.jpg 284w, https:\/\/flawlesshair.com\/wp-content\/uploads\/2023\/04\/28.-inverted-asymmetrical-lob-768x810.jpg 768w, https:\/\/flawlesshair.com\/wp-content\/uploads\/2023\/04\/28.-inverted-asymmetrical-lob-11x12.jpg 11w, https:\/\/flawlesshair.com\/wp-content\/uploads\/2023\/04\/28.-inverted-asymmetrical-lob-910x960.jpg 910w, https:\/\/flawlesshair.com\/wp-content\/uploads\/2023\/04\/28.-inverted-asymmetrical-lob-1024x1080.jpg 1024w, https:\/\/flawlesshair.com\/wp-content\/uploads\/2023\/04\/28.-inverted-asymmetrical-lob-150x158.jpg 150w\" sizes=\"auto, (max-width: 760px) calc(100vw - 24px), 720px\"><\/noscript><img loading=\"lazy\" decoding=\"async\" width=\"1080\" height=\"1139\" src=\"https:\/\/flawlesshair.com\/wp-content\/uploads\/2023\/04\/28.-inverted-asymmetrical-lob.jpg\" alt=\"l\u00f3bulo assim\u00e9trico invertido\" class=\"wp-image-33316 lazyload\" srcset=\"https:\/\/flawlesshair.com\/wp-content\/uploads\/2023\/04\/28.-inverted-asymmetrical-lob.jpg 1080w, https:\/\/flawlesshair.com\/wp-content\/uploads\/2023\/04\/28.-inverted-asymmetrical-lob-284x300.jpg 284w, https:\/\/flawlesshair.com\/wp-content\/uploads\/2023\/04\/28.-inverted-asymmetrical-lob-768x810.jpg 768w, https:\/\/flawlesshair.com\/wp-content\/uploads\/2023\/04\/28.-inverted-asymmetrical-lob-11x12.jpg 11w, https:\/\/flawlesshair.com\/wp-content\/uploads\/2023\/04\/28.-inverted-asymmetrical-lob-910x960.jpg 910w, https:\/\/flawlesshair.com\/wp-content\/uploads\/2023\/04\/28.-inverted-asymmetrical-lob-1024x1080.jpg 1024w, https:\/\/flawlesshair.com\/wp-content\/uploads\/2023\/04\/28.-inverted-asymmetrical-lob-150x158.jpg 150w\" sizes=\"auto, (max-width: 760px) calc(100vw - 24px), 720px\" data-pin-media=\"https:\/\/flawlesshair.com\/wp-content\/uploads\/2023\/04\/28.-inverted-asymmetrical-lob.jpg\" id=\"mv-trellis-img-28\" data-trellis-processed=\"1\"><div style=\"position: absolute; top: 0.5rem; right: 0.75rem;\"> <a href=\"https:\/\/www.pinterest.com\/pin\/create\/button\/\" data-pin-do=\"buttonPin\" data-pin-tall=\"true\" data-pin-url=\"https:\/\/flawlesshair.com\/pt\/bob-assimetrico\/\" data-pin-media=\"https:\/\/flawlesshair.com\/wp-content\/uploads\/2023\/04\/28.-inverted-asymmetrical-lob.jpg\" data-pin-description=\"60 Asymmetrical Bob Haircuts Making A Comeback In 2025\" rel=\"nofollow noopener\" target=\"_blank\"> <\/a><\/div><\/div><figcaption class=\"wp-element-caption\"><a href=\"https:\/\/www.instagram.com\/karahurston\" target=\"_blank\" rel=\"noreferrer noopener nofollow\">@karahurston<\/a><\/figcaption><\/figure>\n\n\n\n<p>A assimetria subtil e as ondas subtis criam um estilo natural que \u00e9 quase universalmente lisonjeador.<\/p>\n\n\n\n<h2 class=\"wp-block-heading\">29. Bob assim\u00e9trico empilhado<\/h2>\n\n\n\n<figure class=\"wp-block-image size-full\"><div style=\"position: relative;\"><noscript><img loading=\"lazy\" decoding=\"async\" width=\"1080\" height=\"1350\" src=\"https:\/\/flawlesshair.com\/wp-content\/uploads\/2023\/04\/29.-stacked-asymmetrical-bob.jpg\" alt=\"bob assim\u00e9trico empilhado\" class=\"wp-image-33317\" srcset=\"https:\/\/flawlesshair.com\/wp-content\/uploads\/2023\/04\/29.-stacked-asymmetrical-bob.jpg 1080w, https:\/\/flawlesshair.com\/wp-content\/uploads\/2023\/04\/29.-stacked-asymmetrical-bob-240x300.jpg 240w, https:\/\/flawlesshair.com\/wp-content\/uploads\/2023\/04\/29.-stacked-asymmetrical-bob-768x960.jpg 768w, https:\/\/flawlesshair.com\/wp-content\/uploads\/2023\/04\/29.-stacked-asymmetrical-bob-10x12.jpg 10w, https:\/\/flawlesshair.com\/wp-content\/uploads\/2023\/04\/29.-stacked-asymmetrical-bob-864x1080.jpg 864w, https:\/\/flawlesshair.com\/wp-content\/uploads\/2023\/04\/29.-stacked-asymmetrical-bob-960x1200.jpg 960w, https:\/\/flawlesshair.com\/wp-content\/uploads\/2023\/04\/29.-stacked-asymmetrical-bob-150x188.jpg 150w\" sizes=\"auto, (max-width: 760px) calc(100vw - 24px), 720px\"><\/noscript><img loading=\"lazy\" decoding=\"async\" width=\"1080\" height=\"1350\" src=\"https:\/\/flawlesshair.com\/wp-content\/uploads\/2023\/04\/29.-stacked-asymmetrical-bob.jpg\" alt=\"bob assim\u00e9trico empilhado\" class=\"wp-image-33317 lazyload\" srcset=\"https:\/\/flawlesshair.com\/wp-content\/uploads\/2023\/04\/29.-stacked-asymmetrical-bob.jpg 1080w, https:\/\/flawlesshair.com\/wp-content\/uploads\/2023\/04\/29.-stacked-asymmetrical-bob-240x300.jpg 240w, https:\/\/flawlesshair.com\/wp-content\/uploads\/2023\/04\/29.-stacked-asymmetrical-bob-768x960.jpg 768w, https:\/\/flawlesshair.com\/wp-content\/uploads\/2023\/04\/29.-stacked-asymmetrical-bob-10x12.jpg 10w, https:\/\/flawlesshair.com\/wp-content\/uploads\/2023\/04\/29.-stacked-asymmetrical-bob-864x1080.jpg 864w, https:\/\/flawlesshair.com\/wp-content\/uploads\/2023\/04\/29.-stacked-asymmetrical-bob-960x1200.jpg 960w, https:\/\/flawlesshair.com\/wp-content\/uploads\/2023\/04\/29.-stacked-asymmetrical-bob-150x188.jpg 150w\" sizes=\"auto, (max-width: 760px) calc(100vw - 24px), 720px\" data-pin-media=\"https:\/\/flawlesshair.com\/wp-content\/uploads\/2023\/04\/29.-stacked-asymmetrical-bob.jpg\" id=\"mv-trellis-img-29\" data-trellis-processed=\"1\"><div style=\"position: absolute; top: 0.5rem; right: 0.75rem;\"> <a href=\"https:\/\/www.pinterest.com\/pin\/create\/button\/\" data-pin-do=\"buttonPin\" data-pin-tall=\"true\" data-pin-url=\"https:\/\/flawlesshair.com\/pt\/bob-assimetrico\/\" data-pin-media=\"https:\/\/flawlesshair.com\/wp-content\/uploads\/2023\/04\/29.-stacked-asymmetrical-bob.jpg\" data-pin-description=\"60 Asymmetrical Bob Haircuts Making A Comeback In 2025\" rel=\"nofollow noopener\" target=\"_blank\"> <\/a><\/div><\/div><figcaption class=\"wp-element-caption\"><a href=\"https:\/\/www.instagram.com\/aliyousha\" target=\"_blank\" rel=\"noreferrer noopener nofollow\">@aliyousha<\/a><\/figcaption><\/figure>\n\n\n\n<p>As cores m\u00faltiplas no cabelo curto podem ser complicadas, mas quando se encontra a combina\u00e7\u00e3o certa de corte e cor, \u00e9 m\u00e1gico. <a href=\"https:\/\/flawlesshair.com\/pt\/cortes-de-cabelo-bob-empilhados\/\">Cortes de cabelo bob empilhado<\/a> s\u00e3o feitas para mostrar a cor do cabelo com colora\u00e7\u00e3o dividida e permitem ser realmente criativas.<\/p>\n\n\n\n<h2 class=\"wp-block-heading\">30. L\u00f3bulo assim\u00e9trico ondulado<\/h2>\n\n\n\n<figure class=\"wp-block-image size-full\"><div style=\"position: relative;\"><noscript><img loading=\"lazy\" decoding=\"async\" width=\"1080\" height=\"1080\" src=\"https:\/\/flawlesshair.com\/wp-content\/uploads\/2023\/04\/30.-wavy-asymmetrical-lob.jpg\" alt=\"l\u00f3bulo assim\u00e9trico ondulado\" class=\"wp-image-33318\" srcset=\"https:\/\/flawlesshair.com\/wp-content\/uploads\/2023\/04\/30.-wavy-asymmetrical-lob.jpg 1080w, https:\/\/flawlesshair.com\/wp-content\/uploads\/2023\/04\/30.-wavy-asymmetrical-lob-300x300.jpg 300w, https:\/\/flawlesshair.com\/wp-content\/uploads\/2023\/04\/30.-wavy-asymmetrical-lob-150x150.jpg 150w, https:\/\/flawlesshair.com\/wp-content\/uploads\/2023\/04\/30.-wavy-asymmetrical-lob-768x768.jpg 768w, https:\/\/flawlesshair.com\/wp-content\/uploads\/2023\/04\/30.-wavy-asymmetrical-lob-12x12.jpg 12w, https:\/\/flawlesshair.com\/wp-content\/uploads\/2023\/04\/30.-wavy-asymmetrical-lob-728x728.jpg 728w, https:\/\/flawlesshair.com\/wp-content\/uploads\/2023\/04\/30.-wavy-asymmetrical-lob-960x960.jpg 960w, https:\/\/flawlesshair.com\/wp-content\/uploads\/2023\/04\/30.-wavy-asymmetrical-lob-96x96.jpg 96w\" sizes=\"auto, (max-width: 760px) calc(100vw - 24px), 720px\"><\/noscript><img loading=\"lazy\" decoding=\"async\" width=\"1080\" height=\"1080\" src=\"https:\/\/flawlesshair.com\/wp-content\/uploads\/2023\/04\/30.-wavy-asymmetrical-lob.jpg\" alt=\"l\u00f3bulo assim\u00e9trico ondulado\" class=\"wp-image-33318 lazyload\" srcset=\"https:\/\/flawlesshair.com\/wp-content\/uploads\/2023\/04\/30.-wavy-asymmetrical-lob.jpg 1080w, https:\/\/flawlesshair.com\/wp-content\/uploads\/2023\/04\/30.-wavy-asymmetrical-lob-300x300.jpg 300w, https:\/\/flawlesshair.com\/wp-content\/uploads\/2023\/04\/30.-wavy-asymmetrical-lob-150x150.jpg 150w, https:\/\/flawlesshair.com\/wp-content\/uploads\/2023\/04\/30.-wavy-asymmetrical-lob-768x768.jpg 768w, https:\/\/flawlesshair.com\/wp-content\/uploads\/2023\/04\/30.-wavy-asymmetrical-lob-12x12.jpg 12w, https:\/\/flawlesshair.com\/wp-content\/uploads\/2023\/04\/30.-wavy-asymmetrical-lob-728x728.jpg 728w, https:\/\/flawlesshair.com\/wp-content\/uploads\/2023\/04\/30.-wavy-asymmetrical-lob-960x960.jpg 960w, https:\/\/flawlesshair.com\/wp-content\/uploads\/2023\/04\/30.-wavy-asymmetrical-lob-96x96.jpg 96w\" sizes=\"auto, (max-width: 760px) calc(100vw - 24px), 720px\" data-pin-media=\"https:\/\/flawlesshair.com\/wp-content\/uploads\/2023\/04\/30.-wavy-asymmetrical-lob.jpg\" id=\"mv-trellis-img-30\" data-trellis-processed=\"1\"><div style=\"position: absolute; top: 0.5rem; right: 0.75rem;\"> <a href=\"https:\/\/www.pinterest.com\/pin\/create\/button\/\" data-pin-do=\"buttonPin\" data-pin-tall=\"true\" data-pin-url=\"https:\/\/flawlesshair.com\/pt\/bob-assimetrico\/\" data-pin-media=\"https:\/\/flawlesshair.com\/wp-content\/uploads\/2023\/04\/30.-wavy-asymmetrical-lob.jpg\" data-pin-description=\"60 Asymmetrical Bob Haircuts Making A Comeback In 2025\" rel=\"nofollow noopener\" target=\"_blank\"> <\/a><\/div><\/div><figcaption class=\"wp-element-caption\"><a href=\"https:\/\/www.instagram.com\/hjacksonhair\" target=\"_blank\" rel=\"noreferrer noopener nofollow\">@hjacksonhair<\/a><\/figcaption><\/figure>\n\n\n\n<p>Os penteados simples e casuais s\u00e3o t\u00e3o exigentes como os mais complexos porque, a n\u00e3o ser que sejam perfeitos, podem parecer simples e desinteressantes. Este <a href=\"https:\/\/flawlesshair.com\/pt\/bob-comprido-em-camadas\/\">bob comprido em camadas<\/a> \u00e9 tudo menos isso, gra\u00e7as ao corte, \u00e0 cor e ao estilo perfeitos.<\/p>\n\n\n\n<h2 class=\"wp-block-heading\">31. Corte de cabelo curto assim\u00e9trico<\/h2>\n\n\n\n<figure class=\"wp-block-image size-full\"><div style=\"position: relative;\"><noscript><img loading=\"lazy\" decoding=\"async\" width=\"1080\" height=\"1350\" src=\"https:\/\/flawlesshair.com\/wp-content\/uploads\/2023\/04\/31.-short-asymmetrical-bob-haircut.jpg\" alt=\"corte de cabelo curto assim\u00e9trico\" class=\"wp-image-33319\" srcset=\"https:\/\/flawlesshair.com\/wp-content\/uploads\/2023\/04\/31.-short-asymmetrical-bob-haircut.jpg 1080w, https:\/\/flawlesshair.com\/wp-content\/uploads\/2023\/04\/31.-short-asymmetrical-bob-haircut-240x300.jpg 240w, https:\/\/flawlesshair.com\/wp-content\/uploads\/2023\/04\/31.-short-asymmetrical-bob-haircut-768x960.jpg 768w, https:\/\/flawlesshair.com\/wp-content\/uploads\/2023\/04\/31.-short-asymmetrical-bob-haircut-10x12.jpg 10w, https:\/\/flawlesshair.com\/wp-content\/uploads\/2023\/04\/31.-short-asymmetrical-bob-haircut-864x1080.jpg 864w, https:\/\/flawlesshair.com\/wp-content\/uploads\/2023\/04\/31.-short-asymmetrical-bob-haircut-960x1200.jpg 960w, https:\/\/flawlesshair.com\/wp-content\/uploads\/2023\/04\/31.-short-asymmetrical-bob-haircut-150x188.jpg 150w\" sizes=\"auto, (max-width: 760px) calc(100vw - 24px), 720px\"><\/noscript><img loading=\"lazy\" decoding=\"async\" width=\"1080\" height=\"1350\" src=\"https:\/\/flawlesshair.com\/wp-content\/uploads\/2023\/04\/31.-short-asymmetrical-bob-haircut.jpg\" alt=\"corte de cabelo curto assim\u00e9trico\" class=\"wp-image-33319 lazyload\" srcset=\"https:\/\/flawlesshair.com\/wp-content\/uploads\/2023\/04\/31.-short-asymmetrical-bob-haircut.jpg 1080w, https:\/\/flawlesshair.com\/wp-content\/uploads\/2023\/04\/31.-short-asymmetrical-bob-haircut-240x300.jpg 240w, https:\/\/flawlesshair.com\/wp-content\/uploads\/2023\/04\/31.-short-asymmetrical-bob-haircut-768x960.jpg 768w, https:\/\/flawlesshair.com\/wp-content\/uploads\/2023\/04\/31.-short-asymmetrical-bob-haircut-10x12.jpg 10w, https:\/\/flawlesshair.com\/wp-content\/uploads\/2023\/04\/31.-short-asymmetrical-bob-haircut-864x1080.jpg 864w, https:\/\/flawlesshair.com\/wp-content\/uploads\/2023\/04\/31.-short-asymmetrical-bob-haircut-960x1200.jpg 960w, https:\/\/flawlesshair.com\/wp-content\/uploads\/2023\/04\/31.-short-asymmetrical-bob-haircut-150x188.jpg 150w\" sizes=\"auto, (max-width: 760px) calc(100vw - 24px), 720px\" data-pin-media=\"https:\/\/flawlesshair.com\/wp-content\/uploads\/2023\/04\/31.-short-asymmetrical-bob-haircut.jpg\" id=\"mv-trellis-img-31\" data-trellis-processed=\"1\"><div style=\"position: absolute; top: 0.5rem; right: 0.75rem;\"> <a href=\"https:\/\/www.pinterest.com\/pin\/create\/button\/\" data-pin-do=\"buttonPin\" data-pin-tall=\"true\" data-pin-url=\"https:\/\/flawlesshair.com\/pt\/bob-assimetrico\/\" data-pin-media=\"https:\/\/flawlesshair.com\/wp-content\/uploads\/2023\/04\/31.-short-asymmetrical-bob-haircut.jpg\" data-pin-description=\"60 Asymmetrical Bob Haircuts Making A Comeback In 2025\" rel=\"nofollow noopener\" target=\"_blank\"> <\/a><\/div><\/div><figcaption class=\"wp-element-caption\"><a href=\"https:\/\/www.instagram.com\/mysnugroom\" target=\"_blank\" rel=\"noreferrer noopener nofollow\">@mysnugroom<\/a><\/figcaption><\/figure>\n\n\n\n<p>Curto, afiado e elegante - este bob assim\u00e9trico minimalista \u00e9 a defini\u00e7\u00e3o de \"cool\" sem esfor\u00e7o.<\/p>\n\n\n\n<h2 class=\"wp-block-heading\">32. Bob assim\u00e9trico ondulado com franja<\/h2>\n\n\n\n<figure class=\"wp-block-image size-full\"><div style=\"position: relative;\"><noscript><img loading=\"lazy\" decoding=\"async\" width=\"1080\" height=\"1350\" src=\"https:\/\/flawlesshair.com\/wp-content\/uploads\/2023\/04\/32.-wavy-asymmetrical-bob-with-bangs.jpg\" alt=\"bob assim\u00e9trico ondulado com franja\" class=\"wp-image-33320\" srcset=\"https:\/\/flawlesshair.com\/wp-content\/uploads\/2023\/04\/32.-wavy-asymmetrical-bob-with-bangs.jpg 1080w, https:\/\/flawlesshair.com\/wp-content\/uploads\/2023\/04\/32.-wavy-asymmetrical-bob-with-bangs-240x300.jpg 240w, https:\/\/flawlesshair.com\/wp-content\/uploads\/2023\/04\/32.-wavy-asymmetrical-bob-with-bangs-768x960.jpg 768w, https:\/\/flawlesshair.com\/wp-content\/uploads\/2023\/04\/32.-wavy-asymmetrical-bob-with-bangs-10x12.jpg 10w, https:\/\/flawlesshair.com\/wp-content\/uploads\/2023\/04\/32.-wavy-asymmetrical-bob-with-bangs-864x1080.jpg 864w, https:\/\/flawlesshair.com\/wp-content\/uploads\/2023\/04\/32.-wavy-asymmetrical-bob-with-bangs-960x1200.jpg 960w, https:\/\/flawlesshair.com\/wp-content\/uploads\/2023\/04\/32.-wavy-asymmetrical-bob-with-bangs-150x188.jpg 150w\" sizes=\"auto, (max-width: 760px) calc(100vw - 24px), 720px\"><\/noscript><img loading=\"lazy\" decoding=\"async\" width=\"1080\" height=\"1350\" src=\"https:\/\/flawlesshair.com\/wp-content\/uploads\/2023\/04\/32.-wavy-asymmetrical-bob-with-bangs.jpg\" alt=\"bob assim\u00e9trico ondulado com franja\" class=\"wp-image-33320 lazyload\" srcset=\"https:\/\/flawlesshair.com\/wp-content\/uploads\/2023\/04\/32.-wavy-asymmetrical-bob-with-bangs.jpg 1080w, https:\/\/flawlesshair.com\/wp-content\/uploads\/2023\/04\/32.-wavy-asymmetrical-bob-with-bangs-240x300.jpg 240w, https:\/\/flawlesshair.com\/wp-content\/uploads\/2023\/04\/32.-wavy-asymmetrical-bob-with-bangs-768x960.jpg 768w, https:\/\/flawlesshair.com\/wp-content\/uploads\/2023\/04\/32.-wavy-asymmetrical-bob-with-bangs-10x12.jpg 10w, https:\/\/flawlesshair.com\/wp-content\/uploads\/2023\/04\/32.-wavy-asymmetrical-bob-with-bangs-864x1080.jpg 864w, https:\/\/flawlesshair.com\/wp-content\/uploads\/2023\/04\/32.-wavy-asymmetrical-bob-with-bangs-960x1200.jpg 960w, https:\/\/flawlesshair.com\/wp-content\/uploads\/2023\/04\/32.-wavy-asymmetrical-bob-with-bangs-150x188.jpg 150w\" sizes=\"auto, (max-width: 760px) calc(100vw - 24px), 720px\" data-pin-media=\"https:\/\/flawlesshair.com\/wp-content\/uploads\/2023\/04\/32.-wavy-asymmetrical-bob-with-bangs.jpg\" id=\"mv-trellis-img-32\" data-trellis-processed=\"1\"><div style=\"position: absolute; top: 0.5rem; right: 0.75rem;\"> <a href=\"https:\/\/www.pinterest.com\/pin\/create\/button\/\" data-pin-do=\"buttonPin\" data-pin-tall=\"true\" data-pin-url=\"https:\/\/flawlesshair.com\/pt\/bob-assimetrico\/\" data-pin-media=\"https:\/\/flawlesshair.com\/wp-content\/uploads\/2023\/04\/32.-wavy-asymmetrical-bob-with-bangs.jpg\" data-pin-description=\"60 Asymmetrical Bob Haircuts Making A Comeback In 2025\" rel=\"nofollow noopener\" target=\"_blank\"> <\/a><\/div><\/div><figcaption class=\"wp-element-caption\"><a href=\"https:\/\/www.instagram.com\/exotismos\" target=\"_blank\" rel=\"noreferrer noopener nofollow\">@exotismos<\/a><\/figcaption><\/figure>\n\n\n\n<p>Este bob assim\u00e9trico atinge o equil\u00edbrio perfeito entre o l\u00fadico e o arrojado. As cores de algod\u00e3o doce e a franja fina contrastam com o corte inferior e a pe\u00e7a extra-longa de um lado.<\/p>\n\n\n\n<h2 class=\"wp-block-heading\">33. Bob assim\u00e9trico para cabelos encaracolados<\/h2>\n\n\n\n<figure class=\"wp-block-image size-full\"><div style=\"position: relative;\"><noscript><img loading=\"lazy\" decoding=\"async\" width=\"1080\" height=\"1350\" src=\"https:\/\/flawlesshair.com\/wp-content\/uploads\/2023\/04\/33.-asymmetrical-bob-for-curly-hair.jpg\" alt=\"bob assim\u00e9trico para cabelos encaracolados\" class=\"wp-image-33321\" srcset=\"https:\/\/flawlesshair.com\/wp-content\/uploads\/2023\/04\/33.-asymmetrical-bob-for-curly-hair.jpg 1080w, https:\/\/flawlesshair.com\/wp-content\/uploads\/2023\/04\/33.-asymmetrical-bob-for-curly-hair-240x300.jpg 240w, https:\/\/flawlesshair.com\/wp-content\/uploads\/2023\/04\/33.-asymmetrical-bob-for-curly-hair-768x960.jpg 768w, https:\/\/flawlesshair.com\/wp-content\/uploads\/2023\/04\/33.-asymmetrical-bob-for-curly-hair-10x12.jpg 10w, https:\/\/flawlesshair.com\/wp-content\/uploads\/2023\/04\/33.-asymmetrical-bob-for-curly-hair-864x1080.jpg 864w, https:\/\/flawlesshair.com\/wp-content\/uploads\/2023\/04\/33.-asymmetrical-bob-for-curly-hair-960x1200.jpg 960w, https:\/\/flawlesshair.com\/wp-content\/uploads\/2023\/04\/33.-asymmetrical-bob-for-curly-hair-150x188.jpg 150w\" sizes=\"auto, (max-width: 760px) calc(100vw - 24px), 720px\"><\/noscript><img loading=\"lazy\" decoding=\"async\" width=\"1080\" height=\"1350\" src=\"https:\/\/flawlesshair.com\/wp-content\/uploads\/2023\/04\/33.-asymmetrical-bob-for-curly-hair.jpg\" alt=\"bob assim\u00e9trico para cabelos encaracolados\" class=\"wp-image-33321 lazyload\" srcset=\"https:\/\/flawlesshair.com\/wp-content\/uploads\/2023\/04\/33.-asymmetrical-bob-for-curly-hair.jpg 1080w, https:\/\/flawlesshair.com\/wp-content\/uploads\/2023\/04\/33.-asymmetrical-bob-for-curly-hair-240x300.jpg 240w, https:\/\/flawlesshair.com\/wp-content\/uploads\/2023\/04\/33.-asymmetrical-bob-for-curly-hair-768x960.jpg 768w, https:\/\/flawlesshair.com\/wp-content\/uploads\/2023\/04\/33.-asymmetrical-bob-for-curly-hair-10x12.jpg 10w, https:\/\/flawlesshair.com\/wp-content\/uploads\/2023\/04\/33.-asymmetrical-bob-for-curly-hair-864x1080.jpg 864w, https:\/\/flawlesshair.com\/wp-content\/uploads\/2023\/04\/33.-asymmetrical-bob-for-curly-hair-960x1200.jpg 960w, https:\/\/flawlesshair.com\/wp-content\/uploads\/2023\/04\/33.-asymmetrical-bob-for-curly-hair-150x188.jpg 150w\" sizes=\"auto, (max-width: 760px) calc(100vw - 24px), 720px\" data-pin-media=\"https:\/\/flawlesshair.com\/wp-content\/uploads\/2023\/04\/33.-asymmetrical-bob-for-curly-hair.jpg\" id=\"mv-trellis-img-33\" data-trellis-processed=\"1\"><div style=\"position: absolute; top: 0.5rem; right: 0.75rem;\"> <a href=\"https:\/\/www.pinterest.com\/pin\/create\/button\/\" data-pin-do=\"buttonPin\" data-pin-tall=\"true\" data-pin-url=\"https:\/\/flawlesshair.com\/pt\/bob-assimetrico\/\" data-pin-media=\"https:\/\/flawlesshair.com\/wp-content\/uploads\/2023\/04\/33.-asymmetrical-bob-for-curly-hair.jpg\" data-pin-description=\"60 Asymmetrical Bob Haircuts Making A Comeback In 2025\" rel=\"nofollow noopener\" target=\"_blank\"> <\/a><\/div><\/div><figcaption class=\"wp-element-caption\"><a href=\"https:\/\/www.instagram.com\/ms.hairista\" target=\"_blank\" rel=\"noreferrer noopener nofollow\">@ms.hairista<\/a><\/figcaption><\/figure>\n\n\n\n<p>Este bob assim\u00e9trico \u00e9 cortado numa forma lisonjeira que complementa perfeitamente os carac\u00f3is, tornando-os saltitantes e macios.<\/p>\n\n\n\n<h2 class=\"wp-block-heading\">34. Cabelo M\u00e9dio Fino Bob Assim\u00e9trico<\/h2>\n\n\n\n<figure class=\"wp-block-image size-full\"><div style=\"position: relative;\"><noscript><img loading=\"lazy\" decoding=\"async\" width=\"1080\" height=\"1350\" src=\"https:\/\/flawlesshair.com\/wp-content\/uploads\/2023\/04\/34.-medium-fine-hair-asymmetrical-bob.jpg\" alt=\"cabelo fino m\u00e9dio bob assim\u00e9trico\" class=\"wp-image-33322\" srcset=\"https:\/\/flawlesshair.com\/wp-content\/uploads\/2023\/04\/34.-medium-fine-hair-asymmetrical-bob.jpg 1080w, https:\/\/flawlesshair.com\/wp-content\/uploads\/2023\/04\/34.-medium-fine-hair-asymmetrical-bob-240x300.jpg 240w, https:\/\/flawlesshair.com\/wp-content\/uploads\/2023\/04\/34.-medium-fine-hair-asymmetrical-bob-768x960.jpg 768w, https:\/\/flawlesshair.com\/wp-content\/uploads\/2023\/04\/34.-medium-fine-hair-asymmetrical-bob-10x12.jpg 10w, https:\/\/flawlesshair.com\/wp-content\/uploads\/2023\/04\/34.-medium-fine-hair-asymmetrical-bob-864x1080.jpg 864w, https:\/\/flawlesshair.com\/wp-content\/uploads\/2023\/04\/34.-medium-fine-hair-asymmetrical-bob-960x1200.jpg 960w, https:\/\/flawlesshair.com\/wp-content\/uploads\/2023\/04\/34.-medium-fine-hair-asymmetrical-bob-150x188.jpg 150w\" sizes=\"auto, (max-width: 760px) calc(100vw - 24px), 720px\"><\/noscript><img loading=\"lazy\" decoding=\"async\" width=\"1080\" height=\"1350\" src=\"https:\/\/flawlesshair.com\/wp-content\/uploads\/2023\/04\/34.-medium-fine-hair-asymmetrical-bob.jpg\" alt=\"cabelo fino m\u00e9dio bob assim\u00e9trico\" class=\"wp-image-33322 lazyload\" srcset=\"https:\/\/flawlesshair.com\/wp-content\/uploads\/2023\/04\/34.-medium-fine-hair-asymmetrical-bob.jpg 1080w, https:\/\/flawlesshair.com\/wp-content\/uploads\/2023\/04\/34.-medium-fine-hair-asymmetrical-bob-240x300.jpg 240w, https:\/\/flawlesshair.com\/wp-content\/uploads\/2023\/04\/34.-medium-fine-hair-asymmetrical-bob-768x960.jpg 768w, https:\/\/flawlesshair.com\/wp-content\/uploads\/2023\/04\/34.-medium-fine-hair-asymmetrical-bob-10x12.jpg 10w, https:\/\/flawlesshair.com\/wp-content\/uploads\/2023\/04\/34.-medium-fine-hair-asymmetrical-bob-864x1080.jpg 864w, https:\/\/flawlesshair.com\/wp-content\/uploads\/2023\/04\/34.-medium-fine-hair-asymmetrical-bob-960x1200.jpg 960w, https:\/\/flawlesshair.com\/wp-content\/uploads\/2023\/04\/34.-medium-fine-hair-asymmetrical-bob-150x188.jpg 150w\" sizes=\"auto, (max-width: 760px) calc(100vw - 24px), 720px\" data-pin-media=\"https:\/\/flawlesshair.com\/wp-content\/uploads\/2023\/04\/34.-medium-fine-hair-asymmetrical-bob.jpg\" id=\"mv-trellis-img-34\" data-trellis-processed=\"1\"><div style=\"position: absolute; top: 0.5rem; right: 0.75rem;\"> <a href=\"https:\/\/www.pinterest.com\/pin\/create\/button\/\" data-pin-do=\"buttonPin\" data-pin-tall=\"true\" data-pin-url=\"https:\/\/flawlesshair.com\/pt\/bob-assimetrico\/\" data-pin-media=\"https:\/\/flawlesshair.com\/wp-content\/uploads\/2023\/04\/34.-medium-fine-hair-asymmetrical-bob.jpg\" data-pin-description=\"60 Asymmetrical Bob Haircuts Making A Comeback In 2025\" rel=\"nofollow noopener\" target=\"_blank\"> <\/a><\/div><\/div><figcaption class=\"wp-element-caption\"><a href=\"https:\/\/www.instagram.com\/melissarochehair\" target=\"_blank\" rel=\"noreferrer noopener nofollow\">@melissarochehair<\/a><\/figcaption><\/figure>\n\n\n\n<p>A parte lateral ultra-profunda cria uma franja falsa-longa, que \u00e9 uma forma f\u00e1cil de mudar as coisas sem tomar decis\u00f5es duradouras.<\/p>\n\n\n\n<h2 class=\"wp-block-heading\">35. Bob assim\u00e9trico na altura dos ombros<\/h2>\n\n\n\n<figure class=\"wp-block-image size-full\"><div style=\"position: relative;\"><noscript><img loading=\"lazy\" decoding=\"async\" width=\"1080\" height=\"1337\" src=\"https:\/\/flawlesshair.com\/wp-content\/uploads\/2023\/04\/35.-asymmetrical-shoulder-length-bob.jpg\" alt=\"bob assim\u00e9trico \u00e0 altura dos ombros\" class=\"wp-image-33323\" srcset=\"https:\/\/flawlesshair.com\/wp-content\/uploads\/2023\/04\/35.-asymmetrical-shoulder-length-bob.jpg 1080w, https:\/\/flawlesshair.com\/wp-content\/uploads\/2023\/04\/35.-asymmetrical-shoulder-length-bob-242x300.jpg 242w, https:\/\/flawlesshair.com\/wp-content\/uploads\/2023\/04\/35.-asymmetrical-shoulder-length-bob-768x951.jpg 768w, https:\/\/flawlesshair.com\/wp-content\/uploads\/2023\/04\/35.-asymmetrical-shoulder-length-bob-10x12.jpg 10w, https:\/\/flawlesshair.com\/wp-content\/uploads\/2023\/04\/35.-asymmetrical-shoulder-length-bob-775x960.jpg 775w, https:\/\/flawlesshair.com\/wp-content\/uploads\/2023\/04\/35.-asymmetrical-shoulder-length-bob-872x1080.jpg 872w, https:\/\/flawlesshair.com\/wp-content\/uploads\/2023\/04\/35.-asymmetrical-shoulder-length-bob-969x1200.jpg 969w, https:\/\/flawlesshair.com\/wp-content\/uploads\/2023\/04\/35.-asymmetrical-shoulder-length-bob-150x186.jpg 150w\" sizes=\"auto, (max-width: 760px) calc(100vw - 24px), 720px\"><\/noscript><img loading=\"lazy\" decoding=\"async\" width=\"1080\" height=\"1337\" src=\"https:\/\/flawlesshair.com\/wp-content\/uploads\/2023\/04\/35.-asymmetrical-shoulder-length-bob.jpg\" alt=\"bob assim\u00e9trico \u00e0 altura dos ombros\" class=\"wp-image-33323 lazyload\" srcset=\"https:\/\/flawlesshair.com\/wp-content\/uploads\/2023\/04\/35.-asymmetrical-shoulder-length-bob.jpg 1080w, https:\/\/flawlesshair.com\/wp-content\/uploads\/2023\/04\/35.-asymmetrical-shoulder-length-bob-242x300.jpg 242w, https:\/\/flawlesshair.com\/wp-content\/uploads\/2023\/04\/35.-asymmetrical-shoulder-length-bob-768x951.jpg 768w, https:\/\/flawlesshair.com\/wp-content\/uploads\/2023\/04\/35.-asymmetrical-shoulder-length-bob-10x12.jpg 10w, https:\/\/flawlesshair.com\/wp-content\/uploads\/2023\/04\/35.-asymmetrical-shoulder-length-bob-775x960.jpg 775w, https:\/\/flawlesshair.com\/wp-content\/uploads\/2023\/04\/35.-asymmetrical-shoulder-length-bob-872x1080.jpg 872w, https:\/\/flawlesshair.com\/wp-content\/uploads\/2023\/04\/35.-asymmetrical-shoulder-length-bob-969x1200.jpg 969w, https:\/\/flawlesshair.com\/wp-content\/uploads\/2023\/04\/35.-asymmetrical-shoulder-length-bob-150x186.jpg 150w\" sizes=\"auto, (max-width: 760px) calc(100vw - 24px), 720px\" data-pin-media=\"https:\/\/flawlesshair.com\/wp-content\/uploads\/2023\/04\/35.-asymmetrical-shoulder-length-bob.jpg\" id=\"mv-trellis-img-35\" data-trellis-processed=\"1\"><div style=\"position: absolute; top: 0.5rem; right: 0.75rem;\"> <a href=\"https:\/\/www.pinterest.com\/pin\/create\/button\/\" data-pin-do=\"buttonPin\" data-pin-tall=\"true\" data-pin-url=\"https:\/\/flawlesshair.com\/pt\/bob-assimetrico\/\" data-pin-media=\"https:\/\/flawlesshair.com\/wp-content\/uploads\/2023\/04\/35.-asymmetrical-shoulder-length-bob.jpg\" data-pin-description=\"60 Asymmetrical Bob Haircuts Making A Comeback In 2025\" rel=\"nofollow noopener\" target=\"_blank\"> <\/a><\/div><\/div><figcaption class=\"wp-element-caption\"><a href=\"https:\/\/www.instagram.com\/melissashairgallery\" target=\"_blank\" rel=\"noreferrer noopener nofollow\">@melissashairgallery<\/a><\/figcaption><\/figure>\n\n\n\n<p>Este l\u00f3bulo suave e retil\u00edneo ro\u00e7a o ombro no lado comprido, mas continua a ser fresco e f\u00e1cil como os bobs mais curtos.<\/p>\n\n\n\n<h2 class=\"wp-block-heading\">36. Bob assim\u00e9trico de cabelo fino<\/h2>\n\n\n\n<figure class=\"wp-block-image size-full\"><div style=\"position: relative;\"><noscript><img loading=\"lazy\" decoding=\"async\" width=\"1080\" height=\"1080\" src=\"https:\/\/flawlesshair.com\/wp-content\/uploads\/2023\/04\/36.-fine-hair-asymmetrical-bob.jpg\" alt=\"cabelo fino bob assim\u00e9trico\" class=\"wp-image-33324\" srcset=\"https:\/\/flawlesshair.com\/wp-content\/uploads\/2023\/04\/36.-fine-hair-asymmetrical-bob.jpg 1080w, https:\/\/flawlesshair.com\/wp-content\/uploads\/2023\/04\/36.-fine-hair-asymmetrical-bob-300x300.jpg 300w, https:\/\/flawlesshair.com\/wp-content\/uploads\/2023\/04\/36.-fine-hair-asymmetrical-bob-150x150.jpg 150w, https:\/\/flawlesshair.com\/wp-content\/uploads\/2023\/04\/36.-fine-hair-asymmetrical-bob-768x768.jpg 768w, https:\/\/flawlesshair.com\/wp-content\/uploads\/2023\/04\/36.-fine-hair-asymmetrical-bob-12x12.jpg 12w, https:\/\/flawlesshair.com\/wp-content\/uploads\/2023\/04\/36.-fine-hair-asymmetrical-bob-728x728.jpg 728w, https:\/\/flawlesshair.com\/wp-content\/uploads\/2023\/04\/36.-fine-hair-asymmetrical-bob-960x960.jpg 960w, https:\/\/flawlesshair.com\/wp-content\/uploads\/2023\/04\/36.-fine-hair-asymmetrical-bob-96x96.jpg 96w\" sizes=\"auto, (max-width: 760px) calc(100vw - 24px), 720px\"><\/noscript><img loading=\"lazy\" decoding=\"async\" width=\"1080\" height=\"1080\" src=\"https:\/\/flawlesshair.com\/wp-content\/uploads\/2023\/04\/36.-fine-hair-asymmetrical-bob.jpg\" alt=\"cabelo fino bob assim\u00e9trico\" class=\"wp-image-33324 lazyload\" srcset=\"https:\/\/flawlesshair.com\/wp-content\/uploads\/2023\/04\/36.-fine-hair-asymmetrical-bob.jpg 1080w, https:\/\/flawlesshair.com\/wp-content\/uploads\/2023\/04\/36.-fine-hair-asymmetrical-bob-300x300.jpg 300w, https:\/\/flawlesshair.com\/wp-content\/uploads\/2023\/04\/36.-fine-hair-asymmetrical-bob-150x150.jpg 150w, https:\/\/flawlesshair.com\/wp-content\/uploads\/2023\/04\/36.-fine-hair-asymmetrical-bob-768x768.jpg 768w, https:\/\/flawlesshair.com\/wp-content\/uploads\/2023\/04\/36.-fine-hair-asymmetrical-bob-12x12.jpg 12w, https:\/\/flawlesshair.com\/wp-content\/uploads\/2023\/04\/36.-fine-hair-asymmetrical-bob-728x728.jpg 728w, https:\/\/flawlesshair.com\/wp-content\/uploads\/2023\/04\/36.-fine-hair-asymmetrical-bob-960x960.jpg 960w, https:\/\/flawlesshair.com\/wp-content\/uploads\/2023\/04\/36.-fine-hair-asymmetrical-bob-96x96.jpg 96w\" sizes=\"auto, (max-width: 760px) calc(100vw - 24px), 720px\" data-pin-media=\"https:\/\/flawlesshair.com\/wp-content\/uploads\/2023\/04\/36.-fine-hair-asymmetrical-bob.jpg\" id=\"mv-trellis-img-36\" data-trellis-processed=\"1\"><div style=\"position: absolute; top: 0.5rem; right: 0.75rem;\"> <a href=\"https:\/\/www.pinterest.com\/pin\/create\/button\/\" data-pin-do=\"buttonPin\" data-pin-tall=\"true\" data-pin-url=\"https:\/\/flawlesshair.com\/pt\/bob-assimetrico\/\" data-pin-media=\"https:\/\/flawlesshair.com\/wp-content\/uploads\/2023\/04\/36.-fine-hair-asymmetrical-bob.jpg\" data-pin-description=\"60 Asymmetrical Bob Haircuts Making A Comeback In 2025\" rel=\"nofollow noopener\" target=\"_blank\"> <\/a><\/div><\/div><figcaption class=\"wp-element-caption\"><a href=\"https:\/\/www.instagram.com\/celestialstylist\" target=\"_blank\" rel=\"noreferrer noopener nofollow\">@celestialstylist<\/a><\/figcaption><\/figure>\n\n\n\n<p>Se tem cabelo fino, mas n\u00e3o gosta de camadas, um corte assim\u00e9trico pode acrescentar um pouco de for\u00e7a e movimento sem retirar comprimento. Este <a href=\"https:\/\/flawlesshair.com\/pt\/cabelo-louro-curto\/\">cabelo louro curto<\/a> \u00e9 lisonjeiro e de baixa manuten\u00e7\u00e3o.<\/p>\n\n\n\n<h2 class=\"wp-block-heading\">37. Bob assim\u00e9trico m\u00e9dio subtil<\/h2>\n\n\n\n<figure class=\"wp-block-image size-full\"><div style=\"position: relative;\"><noscript><img loading=\"lazy\" decoding=\"async\" width=\"1080\" height=\"1350\" src=\"https:\/\/flawlesshair.com\/wp-content\/uploads\/2023\/04\/37.-subtle-medium-asymmetrical-bob.jpg\" alt=\"bob assim\u00e9trico m\u00e9dio subtil\" class=\"wp-image-33325\" srcset=\"https:\/\/flawlesshair.com\/wp-content\/uploads\/2023\/04\/37.-subtle-medium-asymmetrical-bob.jpg 1080w, https:\/\/flawlesshair.com\/wp-content\/uploads\/2023\/04\/37.-subtle-medium-asymmetrical-bob-240x300.jpg 240w, https:\/\/flawlesshair.com\/wp-content\/uploads\/2023\/04\/37.-subtle-medium-asymmetrical-bob-768x960.jpg 768w, https:\/\/flawlesshair.com\/wp-content\/uploads\/2023\/04\/37.-subtle-medium-asymmetrical-bob-10x12.jpg 10w, https:\/\/flawlesshair.com\/wp-content\/uploads\/2023\/04\/37.-subtle-medium-asymmetrical-bob-864x1080.jpg 864w, https:\/\/flawlesshair.com\/wp-content\/uploads\/2023\/04\/37.-subtle-medium-asymmetrical-bob-960x1200.jpg 960w, https:\/\/flawlesshair.com\/wp-content\/uploads\/2023\/04\/37.-subtle-medium-asymmetrical-bob-150x188.jpg 150w\" sizes=\"auto, (max-width: 760px) calc(100vw - 24px), 720px\"><\/noscript><img loading=\"lazy\" decoding=\"async\" width=\"1080\" height=\"1350\" src=\"https:\/\/flawlesshair.com\/wp-content\/uploads\/2023\/04\/37.-subtle-medium-asymmetrical-bob.jpg\" alt=\"bob assim\u00e9trico m\u00e9dio subtil\" class=\"wp-image-33325 lazyload\" srcset=\"https:\/\/flawlesshair.com\/wp-content\/uploads\/2023\/04\/37.-subtle-medium-asymmetrical-bob.jpg 1080w, https:\/\/flawlesshair.com\/wp-content\/uploads\/2023\/04\/37.-subtle-medium-asymmetrical-bob-240x300.jpg 240w, https:\/\/flawlesshair.com\/wp-content\/uploads\/2023\/04\/37.-subtle-medium-asymmetrical-bob-768x960.jpg 768w, https:\/\/flawlesshair.com\/wp-content\/uploads\/2023\/04\/37.-subtle-medium-asymmetrical-bob-10x12.jpg 10w, https:\/\/flawlesshair.com\/wp-content\/uploads\/2023\/04\/37.-subtle-medium-asymmetrical-bob-864x1080.jpg 864w, https:\/\/flawlesshair.com\/wp-content\/uploads\/2023\/04\/37.-subtle-medium-asymmetrical-bob-960x1200.jpg 960w, https:\/\/flawlesshair.com\/wp-content\/uploads\/2023\/04\/37.-subtle-medium-asymmetrical-bob-150x188.jpg 150w\" sizes=\"auto, (max-width: 760px) calc(100vw - 24px), 720px\" data-pin-media=\"https:\/\/flawlesshair.com\/wp-content\/uploads\/2023\/04\/37.-subtle-medium-asymmetrical-bob.jpg\" id=\"mv-trellis-img-37\" data-trellis-processed=\"1\"><div style=\"position: absolute; top: 0.5rem; right: 0.75rem;\"> <a href=\"https:\/\/www.pinterest.com\/pin\/create\/button\/\" data-pin-do=\"buttonPin\" data-pin-tall=\"true\" data-pin-url=\"https:\/\/flawlesshair.com\/pt\/bob-assimetrico\/\" data-pin-media=\"https:\/\/flawlesshair.com\/wp-content\/uploads\/2023\/04\/37.-subtle-medium-asymmetrical-bob.jpg\" data-pin-description=\"60 Asymmetrical Bob Haircuts Making A Comeback In 2025\" rel=\"nofollow noopener\" target=\"_blank\"> <\/a><\/div><\/div><figcaption class=\"wp-element-caption\"><a href=\"https:\/\/www.instagram.com\/olgakursitis\" target=\"_blank\" rel=\"noreferrer noopener nofollow\">@olgakursitis<\/a><\/figcaption><\/figure>\n\n\n\n<p>A assimetria subtil combinada com o estilo elegante e a cor profunda e rica \u00e9 a prova de que um simples corte de cabelo bem feito pode ter tanto impacto como algo muito mais complicado.<\/p>\n\n\n\n<h2 class=\"wp-block-heading\">38. Bob assim\u00e9trico comprido na altura dos ombros<\/h2>\n\n\n\n<figure class=\"wp-block-image size-full\"><div style=\"position: relative;\"><noscript><img loading=\"lazy\" decoding=\"async\" width=\"1080\" height=\"1244\" src=\"https:\/\/flawlesshair.com\/wp-content\/uploads\/2023\/04\/38.-shoulder-length-long-asymmetrical-bob.jpg\" alt=\"bob assim\u00e9trico comprido \u00e0 altura dos ombros\" class=\"wp-image-33326\" srcset=\"https:\/\/flawlesshair.com\/wp-content\/uploads\/2023\/04\/38.-shoulder-length-long-asymmetrical-bob.jpg 1080w, https:\/\/flawlesshair.com\/wp-content\/uploads\/2023\/04\/38.-shoulder-length-long-asymmetrical-bob-260x300.jpg 260w, https:\/\/flawlesshair.com\/wp-content\/uploads\/2023\/04\/38.-shoulder-length-long-asymmetrical-bob-768x885.jpg 768w, https:\/\/flawlesshair.com\/wp-content\/uploads\/2023\/04\/38.-shoulder-length-long-asymmetrical-bob-10x12.jpg 10w, https:\/\/flawlesshair.com\/wp-content\/uploads\/2023\/04\/38.-shoulder-length-long-asymmetrical-bob-833x960.jpg 833w, https:\/\/flawlesshair.com\/wp-content\/uploads\/2023\/04\/38.-shoulder-length-long-asymmetrical-bob-938x1080.jpg 938w, https:\/\/flawlesshair.com\/wp-content\/uploads\/2023\/04\/38.-shoulder-length-long-asymmetrical-bob-1042x1200.jpg 1042w, https:\/\/flawlesshair.com\/wp-content\/uploads\/2023\/04\/38.-shoulder-length-long-asymmetrical-bob-150x173.jpg 150w\" sizes=\"auto, (max-width: 760px) calc(100vw - 24px), 720px\"><\/noscript><img loading=\"lazy\" decoding=\"async\" width=\"1080\" height=\"1244\" src=\"https:\/\/flawlesshair.com\/wp-content\/uploads\/2023\/04\/38.-shoulder-length-long-asymmetrical-bob.jpg\" alt=\"bob assim\u00e9trico comprido \u00e0 altura dos ombros\" class=\"wp-image-33326 lazyload\" srcset=\"https:\/\/flawlesshair.com\/wp-content\/uploads\/2023\/04\/38.-shoulder-length-long-asymmetrical-bob.jpg 1080w, https:\/\/flawlesshair.com\/wp-content\/uploads\/2023\/04\/38.-shoulder-length-long-asymmetrical-bob-260x300.jpg 260w, https:\/\/flawlesshair.com\/wp-content\/uploads\/2023\/04\/38.-shoulder-length-long-asymmetrical-bob-768x885.jpg 768w, https:\/\/flawlesshair.com\/wp-content\/uploads\/2023\/04\/38.-shoulder-length-long-asymmetrical-bob-10x12.jpg 10w, https:\/\/flawlesshair.com\/wp-content\/uploads\/2023\/04\/38.-shoulder-length-long-asymmetrical-bob-833x960.jpg 833w, https:\/\/flawlesshair.com\/wp-content\/uploads\/2023\/04\/38.-shoulder-length-long-asymmetrical-bob-938x1080.jpg 938w, https:\/\/flawlesshair.com\/wp-content\/uploads\/2023\/04\/38.-shoulder-length-long-asymmetrical-bob-1042x1200.jpg 1042w, https:\/\/flawlesshair.com\/wp-content\/uploads\/2023\/04\/38.-shoulder-length-long-asymmetrical-bob-150x173.jpg 150w\" sizes=\"auto, (max-width: 760px) calc(100vw - 24px), 720px\" data-pin-media=\"https:\/\/flawlesshair.com\/wp-content\/uploads\/2023\/04\/38.-shoulder-length-long-asymmetrical-bob.jpg\" id=\"mv-trellis-img-38\" data-trellis-processed=\"1\"><div style=\"position: absolute; top: 0.5rem; right: 0.75rem;\"> <a href=\"https:\/\/www.pinterest.com\/pin\/create\/button\/\" data-pin-do=\"buttonPin\" data-pin-tall=\"true\" data-pin-url=\"https:\/\/flawlesshair.com\/pt\/bob-assimetrico\/\" data-pin-media=\"https:\/\/flawlesshair.com\/wp-content\/uploads\/2023\/04\/38.-shoulder-length-long-asymmetrical-bob.jpg\" data-pin-description=\"60 Asymmetrical Bob Haircuts Making A Comeback In 2025\" rel=\"nofollow noopener\" target=\"_blank\"> <\/a><\/div><\/div><figcaption class=\"wp-element-caption\"><a href=\"https:\/\/www.instagram.com\/buzzedandfaded\" target=\"_blank\" rel=\"noreferrer noopener nofollow\">@buzzedandfaded<\/a><\/figcaption><\/figure>\n\n\n\n<p>Com um lado ultra-longo e comprido, este lob tem todas as vantagens do cabelo comprido, mas continua a ser t\u00e3o dram\u00e1tico como s\u00f3 um bob pode ser.<\/p>\n\n\n\n<h2 class=\"wp-block-heading\">39. Bob assim\u00e9trico invertido<\/h2>\n\n\n\n<figure class=\"wp-block-image size-full\"><div style=\"position: relative;\"><noscript><img loading=\"lazy\" decoding=\"async\" width=\"1080\" height=\"1350\" src=\"https:\/\/flawlesshair.com\/wp-content\/uploads\/2023\/04\/39.-asymmetrical-inverted-bob.jpg\" alt=\"bob invertido assim\u00e9trico\" class=\"wp-image-33327\" srcset=\"https:\/\/flawlesshair.com\/wp-content\/uploads\/2023\/04\/39.-asymmetrical-inverted-bob.jpg 1080w, https:\/\/flawlesshair.com\/wp-content\/uploads\/2023\/04\/39.-asymmetrical-inverted-bob-240x300.jpg 240w, https:\/\/flawlesshair.com\/wp-content\/uploads\/2023\/04\/39.-asymmetrical-inverted-bob-768x960.jpg 768w, https:\/\/flawlesshair.com\/wp-content\/uploads\/2023\/04\/39.-asymmetrical-inverted-bob-10x12.jpg 10w, https:\/\/flawlesshair.com\/wp-content\/uploads\/2023\/04\/39.-asymmetrical-inverted-bob-864x1080.jpg 864w, https:\/\/flawlesshair.com\/wp-content\/uploads\/2023\/04\/39.-asymmetrical-inverted-bob-960x1200.jpg 960w, https:\/\/flawlesshair.com\/wp-content\/uploads\/2023\/04\/39.-asymmetrical-inverted-bob-150x188.jpg 150w\" sizes=\"auto, (max-width: 760px) calc(100vw - 24px), 720px\"><\/noscript><img loading=\"lazy\" decoding=\"async\" width=\"1080\" height=\"1350\" src=\"https:\/\/flawlesshair.com\/wp-content\/uploads\/2023\/04\/39.-asymmetrical-inverted-bob.jpg\" alt=\"bob invertido assim\u00e9trico\" class=\"wp-image-33327 lazyload\" srcset=\"https:\/\/flawlesshair.com\/wp-content\/uploads\/2023\/04\/39.-asymmetrical-inverted-bob.jpg 1080w, https:\/\/flawlesshair.com\/wp-content\/uploads\/2023\/04\/39.-asymmetrical-inverted-bob-240x300.jpg 240w, https:\/\/flawlesshair.com\/wp-content\/uploads\/2023\/04\/39.-asymmetrical-inverted-bob-768x960.jpg 768w, https:\/\/flawlesshair.com\/wp-content\/uploads\/2023\/04\/39.-asymmetrical-inverted-bob-10x12.jpg 10w, https:\/\/flawlesshair.com\/wp-content\/uploads\/2023\/04\/39.-asymmetrical-inverted-bob-864x1080.jpg 864w, https:\/\/flawlesshair.com\/wp-content\/uploads\/2023\/04\/39.-asymmetrical-inverted-bob-960x1200.jpg 960w, https:\/\/flawlesshair.com\/wp-content\/uploads\/2023\/04\/39.-asymmetrical-inverted-bob-150x188.jpg 150w\" sizes=\"auto, (max-width: 760px) calc(100vw - 24px), 720px\" data-pin-media=\"https:\/\/flawlesshair.com\/wp-content\/uploads\/2023\/04\/39.-asymmetrical-inverted-bob.jpg\" id=\"mv-trellis-img-39\" data-trellis-processed=\"1\"><div style=\"position: absolute; top: 0.5rem; right: 0.75rem;\"> <a href=\"https:\/\/www.pinterest.com\/pin\/create\/button\/\" data-pin-do=\"buttonPin\" data-pin-tall=\"true\" data-pin-url=\"https:\/\/flawlesshair.com\/pt\/bob-assimetrico\/\" data-pin-media=\"https:\/\/flawlesshair.com\/wp-content\/uploads\/2023\/04\/39.-asymmetrical-inverted-bob.jpg\" data-pin-description=\"60 Asymmetrical Bob Haircuts Making A Comeback In 2025\" rel=\"nofollow noopener\" target=\"_blank\"> <\/a><\/div><\/div><figcaption class=\"wp-element-caption\"><a href=\"https:\/\/www.instagram.com\/haircut_samira\" target=\"_blank\" rel=\"noreferrer noopener nofollow\">@corte_cabelo_samira<\/a><\/figcaption><\/figure>\n\n\n\n<p>O empilhamento subtil na parte de tr\u00e1s d\u00e1 um volume f\u00e1cil e as pe\u00e7as afiadas na frente proporcionam uma bonita moldura para o rosto <a href=\"https:\/\/flawlesshair.com\/pt\/cabelo-castanho-curto\/\">cabelo castanho curto<\/a>.<\/p>\n\n\n\n<h2 class=\"wp-block-heading\">40. Bob ondulado assim\u00e9trico com camadas<\/h2>\n\n\n\n<figure class=\"wp-block-image size-full\"><div style=\"position: relative;\"><noscript><img loading=\"lazy\" decoding=\"async\" width=\"1034\" height=\"1293\" src=\"https:\/\/flawlesshair.com\/wp-content\/uploads\/2023\/04\/40.-wavy-layered-asymmetrical-bob.jpg\" alt=\"cabelo ondulado assim\u00e9trico em camadas\" class=\"wp-image-33328\" srcset=\"https:\/\/flawlesshair.com\/wp-content\/uploads\/2023\/04\/40.-wavy-layered-asymmetrical-bob.jpg 1034w, https:\/\/flawlesshair.com\/wp-content\/uploads\/2023\/04\/40.-wavy-layered-asymmetrical-bob-240x300.jpg 240w, https:\/\/flawlesshair.com\/wp-content\/uploads\/2023\/04\/40.-wavy-layered-asymmetrical-bob-768x960.jpg 768w, https:\/\/flawlesshair.com\/wp-content\/uploads\/2023\/04\/40.-wavy-layered-asymmetrical-bob-10x12.jpg 10w, https:\/\/flawlesshair.com\/wp-content\/uploads\/2023\/04\/40.-wavy-layered-asymmetrical-bob-864x1080.jpg 864w, https:\/\/flawlesshair.com\/wp-content\/uploads\/2023\/04\/40.-wavy-layered-asymmetrical-bob-960x1200.jpg 960w, https:\/\/flawlesshair.com\/wp-content\/uploads\/2023\/04\/40.-wavy-layered-asymmetrical-bob-150x188.jpg 150w\" sizes=\"auto, (max-width: 760px) calc(100vw - 24px), 720px\"><\/noscript><img loading=\"lazy\" decoding=\"async\" width=\"1034\" height=\"1293\" src=\"https:\/\/flawlesshair.com\/wp-content\/uploads\/2023\/04\/40.-wavy-layered-asymmetrical-bob.jpg\" alt=\"cabelo ondulado assim\u00e9trico em camadas\" class=\"wp-image-33328 lazyload\" srcset=\"https:\/\/flawlesshair.com\/wp-content\/uploads\/2023\/04\/40.-wavy-layered-asymmetrical-bob.jpg 1034w, https:\/\/flawlesshair.com\/wp-content\/uploads\/2023\/04\/40.-wavy-layered-asymmetrical-bob-240x300.jpg 240w, https:\/\/flawlesshair.com\/wp-content\/uploads\/2023\/04\/40.-wavy-layered-asymmetrical-bob-768x960.jpg 768w, https:\/\/flawlesshair.com\/wp-content\/uploads\/2023\/04\/40.-wavy-layered-asymmetrical-bob-10x12.jpg 10w, https:\/\/flawlesshair.com\/wp-content\/uploads\/2023\/04\/40.-wavy-layered-asymmetrical-bob-864x1080.jpg 864w, https:\/\/flawlesshair.com\/wp-content\/uploads\/2023\/04\/40.-wavy-layered-asymmetrical-bob-960x1200.jpg 960w, https:\/\/flawlesshair.com\/wp-content\/uploads\/2023\/04\/40.-wavy-layered-asymmetrical-bob-150x188.jpg 150w\" sizes=\"auto, (max-width: 760px) calc(100vw - 24px), 720px\" data-pin-media=\"https:\/\/flawlesshair.com\/wp-content\/uploads\/2023\/04\/40.-wavy-layered-asymmetrical-bob.jpg\" id=\"mv-trellis-img-40\" data-trellis-processed=\"1\"><div style=\"position: absolute; top: 0.5rem; right: 0.75rem;\"> <a href=\"https:\/\/www.pinterest.com\/pin\/create\/button\/\" data-pin-do=\"buttonPin\" data-pin-tall=\"true\" data-pin-url=\"https:\/\/flawlesshair.com\/pt\/bob-assimetrico\/\" data-pin-media=\"https:\/\/flawlesshair.com\/wp-content\/uploads\/2023\/04\/40.-wavy-layered-asymmetrical-bob.jpg\" data-pin-description=\"60 Asymmetrical Bob Haircuts Making A Comeback In 2025\" rel=\"nofollow noopener\" target=\"_blank\"> <\/a><\/div><\/div><figcaption class=\"wp-element-caption\"><a href=\"https:\/\/www.instagram.com\/norikoipod\" target=\"_blank\" rel=\"noreferrer noopener nofollow\">@norikoipod<\/a><\/figcaption><\/figure>\n\n\n\n<p>Este bob assim\u00e9trico cortado \u00e9 moderno e arrojado, mas suficientemente cl\u00e1ssico para ser apropriado para qualquer ocasi\u00e3o.<\/p>\n\n\n\n<h2 class=\"wp-block-heading\">41. Bob curto ondulado assim\u00e9trico<\/h2>\n\n\n\n<figure class=\"wp-block-image size-full\"><div style=\"position: relative;\"><noscript><img loading=\"lazy\" decoding=\"async\" width=\"1080\" height=\"1244\" src=\"https:\/\/flawlesshair.com\/wp-content\/uploads\/2023\/04\/41.-short-wavy-asymmetrical-bob.jpg\" alt=\"cabelo curto ondulado assim\u00e9trico\" class=\"wp-image-33330\" srcset=\"https:\/\/flawlesshair.com\/wp-content\/uploads\/2023\/04\/41.-short-wavy-asymmetrical-bob.jpg 1080w, https:\/\/flawlesshair.com\/wp-content\/uploads\/2023\/04\/41.-short-wavy-asymmetrical-bob-260x300.jpg 260w, https:\/\/flawlesshair.com\/wp-content\/uploads\/2023\/04\/41.-short-wavy-asymmetrical-bob-768x885.jpg 768w, https:\/\/flawlesshair.com\/wp-content\/uploads\/2023\/04\/41.-short-wavy-asymmetrical-bob-10x12.jpg 10w, https:\/\/flawlesshair.com\/wp-content\/uploads\/2023\/04\/41.-short-wavy-asymmetrical-bob-833x960.jpg 833w, https:\/\/flawlesshair.com\/wp-content\/uploads\/2023\/04\/41.-short-wavy-asymmetrical-bob-938x1080.jpg 938w, https:\/\/flawlesshair.com\/wp-content\/uploads\/2023\/04\/41.-short-wavy-asymmetrical-bob-1042x1200.jpg 1042w, https:\/\/flawlesshair.com\/wp-content\/uploads\/2023\/04\/41.-short-wavy-asymmetrical-bob-150x173.jpg 150w\" sizes=\"auto, (max-width: 760px) calc(100vw - 24px), 720px\"><\/noscript><img loading=\"lazy\" decoding=\"async\" width=\"1080\" height=\"1244\" src=\"https:\/\/flawlesshair.com\/wp-content\/uploads\/2023\/04\/41.-short-wavy-asymmetrical-bob.jpg\" alt=\"cabelo curto ondulado assim\u00e9trico\" class=\"wp-image-33330 lazyload\" srcset=\"https:\/\/flawlesshair.com\/wp-content\/uploads\/2023\/04\/41.-short-wavy-asymmetrical-bob.jpg 1080w, https:\/\/flawlesshair.com\/wp-content\/uploads\/2023\/04\/41.-short-wavy-asymmetrical-bob-260x300.jpg 260w, https:\/\/flawlesshair.com\/wp-content\/uploads\/2023\/04\/41.-short-wavy-asymmetrical-bob-768x885.jpg 768w, https:\/\/flawlesshair.com\/wp-content\/uploads\/2023\/04\/41.-short-wavy-asymmetrical-bob-10x12.jpg 10w, https:\/\/flawlesshair.com\/wp-content\/uploads\/2023\/04\/41.-short-wavy-asymmetrical-bob-833x960.jpg 833w, https:\/\/flawlesshair.com\/wp-content\/uploads\/2023\/04\/41.-short-wavy-asymmetrical-bob-938x1080.jpg 938w, https:\/\/flawlesshair.com\/wp-content\/uploads\/2023\/04\/41.-short-wavy-asymmetrical-bob-1042x1200.jpg 1042w, https:\/\/flawlesshair.com\/wp-content\/uploads\/2023\/04\/41.-short-wavy-asymmetrical-bob-150x173.jpg 150w\" sizes=\"auto, (max-width: 760px) calc(100vw - 24px), 720px\" data-pin-media=\"https:\/\/flawlesshair.com\/wp-content\/uploads\/2023\/04\/41.-short-wavy-asymmetrical-bob.jpg\" id=\"mv-trellis-img-41\" data-trellis-processed=\"1\"><div style=\"position: absolute; top: 0.5rem; right: 0.75rem;\"> <a href=\"https:\/\/www.pinterest.com\/pin\/create\/button\/\" data-pin-do=\"buttonPin\" data-pin-tall=\"true\" data-pin-url=\"https:\/\/flawlesshair.com\/pt\/bob-assimetrico\/\" data-pin-media=\"https:\/\/flawlesshair.com\/wp-content\/uploads\/2023\/04\/41.-short-wavy-asymmetrical-bob.jpg\" data-pin-description=\"60 Asymmetrical Bob Haircuts Making A Comeback In 2025\" rel=\"nofollow noopener\" target=\"_blank\"> <\/a><\/div><\/div><figcaption class=\"wp-element-caption\"><a href=\"https:\/\/www.instagram.com\/daniellearnold__\" target=\"_blank\" rel=\"noreferrer noopener nofollow\">@daniellearnold__<\/a><\/figcaption><\/figure>\n\n\n\n<p>O corte natural e sem esfor\u00e7o contrasta com a cor viva e n\u00e3o natural, criando um estilo f\u00e1cil de usar com muito interesse visual.<\/p>\n\n\n\n<h2 class=\"wp-block-heading\">42. Corte de cabelo assim\u00e9trico Pixie Bob<\/h2>\n\n\n\n<figure class=\"wp-block-image size-full\"><div style=\"position: relative;\"><noscript><img loading=\"lazy\" decoding=\"async\" width=\"1080\" height=\"1080\" src=\"https:\/\/flawlesshair.com\/wp-content\/uploads\/2023\/04\/42.-asymmetrical-pixie-bob-haircut.jpg\" alt=\"corte de cabelo pixie bob assim\u00e9trico\" class=\"wp-image-33331\" srcset=\"https:\/\/flawlesshair.com\/wp-content\/uploads\/2023\/04\/42.-asymmetrical-pixie-bob-haircut.jpg 1080w, https:\/\/flawlesshair.com\/wp-content\/uploads\/2023\/04\/42.-asymmetrical-pixie-bob-haircut-300x300.jpg 300w, https:\/\/flawlesshair.com\/wp-content\/uploads\/2023\/04\/42.-asymmetrical-pixie-bob-haircut-150x150.jpg 150w, https:\/\/flawlesshair.com\/wp-content\/uploads\/2023\/04\/42.-asymmetrical-pixie-bob-haircut-768x768.jpg 768w, https:\/\/flawlesshair.com\/wp-content\/uploads\/2023\/04\/42.-asymmetrical-pixie-bob-haircut-12x12.jpg 12w, https:\/\/flawlesshair.com\/wp-content\/uploads\/2023\/04\/42.-asymmetrical-pixie-bob-haircut-728x728.jpg 728w, https:\/\/flawlesshair.com\/wp-content\/uploads\/2023\/04\/42.-asymmetrical-pixie-bob-haircut-960x960.jpg 960w, https:\/\/flawlesshair.com\/wp-content\/uploads\/2023\/04\/42.-asymmetrical-pixie-bob-haircut-96x96.jpg 96w\" sizes=\"auto, (max-width: 760px) calc(100vw - 24px), 720px\"><\/noscript><img loading=\"lazy\" decoding=\"async\" width=\"1080\" height=\"1080\" src=\"https:\/\/flawlesshair.com\/wp-content\/uploads\/2023\/04\/42.-asymmetrical-pixie-bob-haircut.jpg\" alt=\"corte de cabelo pixie bob assim\u00e9trico\" class=\"wp-image-33331 lazyload\" srcset=\"https:\/\/flawlesshair.com\/wp-content\/uploads\/2023\/04\/42.-asymmetrical-pixie-bob-haircut.jpg 1080w, https:\/\/flawlesshair.com\/wp-content\/uploads\/2023\/04\/42.-asymmetrical-pixie-bob-haircut-300x300.jpg 300w, https:\/\/flawlesshair.com\/wp-content\/uploads\/2023\/04\/42.-asymmetrical-pixie-bob-haircut-150x150.jpg 150w, https:\/\/flawlesshair.com\/wp-content\/uploads\/2023\/04\/42.-asymmetrical-pixie-bob-haircut-768x768.jpg 768w, https:\/\/flawlesshair.com\/wp-content\/uploads\/2023\/04\/42.-asymmetrical-pixie-bob-haircut-12x12.jpg 12w, https:\/\/flawlesshair.com\/wp-content\/uploads\/2023\/04\/42.-asymmetrical-pixie-bob-haircut-728x728.jpg 728w, https:\/\/flawlesshair.com\/wp-content\/uploads\/2023\/04\/42.-asymmetrical-pixie-bob-haircut-960x960.jpg 960w, https:\/\/flawlesshair.com\/wp-content\/uploads\/2023\/04\/42.-asymmetrical-pixie-bob-haircut-96x96.jpg 96w\" sizes=\"auto, (max-width: 760px) calc(100vw - 24px), 720px\" data-pin-media=\"https:\/\/flawlesshair.com\/wp-content\/uploads\/2023\/04\/42.-asymmetrical-pixie-bob-haircut.jpg\" id=\"mv-trellis-img-42\" data-trellis-processed=\"1\"><div style=\"position: absolute; top: 0.5rem; right: 0.75rem;\"> <a href=\"https:\/\/www.pinterest.com\/pin\/create\/button\/\" data-pin-do=\"buttonPin\" data-pin-tall=\"true\" data-pin-url=\"https:\/\/flawlesshair.com\/pt\/bob-assimetrico\/\" data-pin-media=\"https:\/\/flawlesshair.com\/wp-content\/uploads\/2023\/04\/42.-asymmetrical-pixie-bob-haircut.jpg\" data-pin-description=\"60 Asymmetrical Bob Haircuts Making A Comeback In 2025\" rel=\"nofollow noopener\" target=\"_blank\"> <\/a><\/div><\/div><figcaption class=\"wp-element-caption\"><a href=\"https:\/\/www.instagram.com\/ernestomeneses\" target=\"_blank\" rel=\"noreferrer noopener nofollow\">@ernestomeneses<\/a><\/figcaption><\/figure>\n\n\n\n<p>Embora este corte de cabelo, que combina um pixie completo atr\u00e1s e peda\u00e7os superlongos \u00e0 frente, n\u00e3o seja f\u00e1cil de manter ou pentear, \u00e9 suficientemente eficaz para que queira fazer um esfor\u00e7o.<\/p>\n\n\n\n<h2 class=\"wp-block-heading\">43. Rabo de cavalo assim\u00e9trico empilhado<\/h2>\n\n\n\n<figure class=\"wp-block-image size-full\"><div style=\"position: relative;\"><noscript><img loading=\"lazy\" decoding=\"async\" width=\"1080\" height=\"1350\" src=\"https:\/\/flawlesshair.com\/wp-content\/uploads\/2023\/04\/43.-stacked-asymmetrical-pixie-bob.jpg\" alt=\"corte pixie assim\u00e9trico empilhado\" class=\"wp-image-33332\" srcset=\"https:\/\/flawlesshair.com\/wp-content\/uploads\/2023\/04\/43.-stacked-asymmetrical-pixie-bob.jpg 1080w, https:\/\/flawlesshair.com\/wp-content\/uploads\/2023\/04\/43.-stacked-asymmetrical-pixie-bob-240x300.jpg 240w, https:\/\/flawlesshair.com\/wp-content\/uploads\/2023\/04\/43.-stacked-asymmetrical-pixie-bob-768x960.jpg 768w, https:\/\/flawlesshair.com\/wp-content\/uploads\/2023\/04\/43.-stacked-asymmetrical-pixie-bob-10x12.jpg 10w, https:\/\/flawlesshair.com\/wp-content\/uploads\/2023\/04\/43.-stacked-asymmetrical-pixie-bob-864x1080.jpg 864w, https:\/\/flawlesshair.com\/wp-content\/uploads\/2023\/04\/43.-stacked-asymmetrical-pixie-bob-960x1200.jpg 960w, https:\/\/flawlesshair.com\/wp-content\/uploads\/2023\/04\/43.-stacked-asymmetrical-pixie-bob-150x188.jpg 150w\" sizes=\"auto, (max-width: 760px) calc(100vw - 24px), 720px\"><\/noscript><img loading=\"lazy\" decoding=\"async\" width=\"1080\" height=\"1350\" src=\"https:\/\/flawlesshair.com\/wp-content\/uploads\/2023\/04\/43.-stacked-asymmetrical-pixie-bob.jpg\" alt=\"corte pixie assim\u00e9trico empilhado\" class=\"wp-image-33332 lazyload\" srcset=\"https:\/\/flawlesshair.com\/wp-content\/uploads\/2023\/04\/43.-stacked-asymmetrical-pixie-bob.jpg 1080w, https:\/\/flawlesshair.com\/wp-content\/uploads\/2023\/04\/43.-stacked-asymmetrical-pixie-bob-240x300.jpg 240w, https:\/\/flawlesshair.com\/wp-content\/uploads\/2023\/04\/43.-stacked-asymmetrical-pixie-bob-768x960.jpg 768w, https:\/\/flawlesshair.com\/wp-content\/uploads\/2023\/04\/43.-stacked-asymmetrical-pixie-bob-10x12.jpg 10w, https:\/\/flawlesshair.com\/wp-content\/uploads\/2023\/04\/43.-stacked-asymmetrical-pixie-bob-864x1080.jpg 864w, https:\/\/flawlesshair.com\/wp-content\/uploads\/2023\/04\/43.-stacked-asymmetrical-pixie-bob-960x1200.jpg 960w, https:\/\/flawlesshair.com\/wp-content\/uploads\/2023\/04\/43.-stacked-asymmetrical-pixie-bob-150x188.jpg 150w\" sizes=\"auto, (max-width: 760px) calc(100vw - 24px), 720px\" data-pin-media=\"https:\/\/flawlesshair.com\/wp-content\/uploads\/2023\/04\/43.-stacked-asymmetrical-pixie-bob.jpg\" id=\"mv-trellis-img-43\" data-trellis-processed=\"1\"><div style=\"position: absolute; top: 0.5rem; right: 0.75rem;\"> <a href=\"https:\/\/www.pinterest.com\/pin\/create\/button\/\" data-pin-do=\"buttonPin\" data-pin-tall=\"true\" data-pin-url=\"https:\/\/flawlesshair.com\/pt\/bob-assimetrico\/\" data-pin-media=\"https:\/\/flawlesshair.com\/wp-content\/uploads\/2023\/04\/43.-stacked-asymmetrical-pixie-bob.jpg\" data-pin-description=\"60 Asymmetrical Bob Haircuts Making A Comeback In 2025\" rel=\"nofollow noopener\" target=\"_blank\"> <\/a><\/div><\/div><figcaption class=\"wp-element-caption\"><a href=\"https:\/\/www.instagram.com\/hairby_abbiekate\" target=\"_blank\" rel=\"noreferrer noopener nofollow\">@hairby_abbiekate<\/a><\/figcaption><\/figure>\n\n\n\n<p>Visto de frente, este estilo parece manso, com os seus subtis reflexos em tons de rosa escuro, mas o f\u00facsia brilhante na parte de tr\u00e1s prova que \u00e9 muito mais ousado do que parece.<\/p>\n\n\n\n<h2 class=\"wp-block-heading\">44. Bob assim\u00e9trico na altura dos ombros<\/h2>\n\n\n\n<figure class=\"wp-block-image size-full\"><div style=\"position: relative;\"><noscript><img loading=\"lazy\" decoding=\"async\" width=\"1080\" height=\"1350\" src=\"https:\/\/flawlesshair.com\/wp-content\/uploads\/2023\/04\/44.-shoulder-length-asymmetrical-bob.jpg\" alt=\"bob assim\u00e9trico \u00e0 altura dos ombros\" class=\"wp-image-33333\" srcset=\"https:\/\/flawlesshair.com\/wp-content\/uploads\/2023\/04\/44.-shoulder-length-asymmetrical-bob.jpg 1080w, https:\/\/flawlesshair.com\/wp-content\/uploads\/2023\/04\/44.-shoulder-length-asymmetrical-bob-240x300.jpg 240w, https:\/\/flawlesshair.com\/wp-content\/uploads\/2023\/04\/44.-shoulder-length-asymmetrical-bob-768x960.jpg 768w, https:\/\/flawlesshair.com\/wp-content\/uploads\/2023\/04\/44.-shoulder-length-asymmetrical-bob-10x12.jpg 10w, https:\/\/flawlesshair.com\/wp-content\/uploads\/2023\/04\/44.-shoulder-length-asymmetrical-bob-864x1080.jpg 864w, https:\/\/flawlesshair.com\/wp-content\/uploads\/2023\/04\/44.-shoulder-length-asymmetrical-bob-960x1200.jpg 960w, https:\/\/flawlesshair.com\/wp-content\/uploads\/2023\/04\/44.-shoulder-length-asymmetrical-bob-150x188.jpg 150w\" sizes=\"auto, (max-width: 760px) calc(100vw - 24px), 720px\"><\/noscript><img loading=\"lazy\" decoding=\"async\" width=\"1080\" height=\"1350\" src=\"https:\/\/flawlesshair.com\/wp-content\/uploads\/2023\/04\/44.-shoulder-length-asymmetrical-bob.jpg\" alt=\"bob assim\u00e9trico \u00e0 altura dos ombros\" class=\"wp-image-33333 lazyload\" srcset=\"https:\/\/flawlesshair.com\/wp-content\/uploads\/2023\/04\/44.-shoulder-length-asymmetrical-bob.jpg 1080w, https:\/\/flawlesshair.com\/wp-content\/uploads\/2023\/04\/44.-shoulder-length-asymmetrical-bob-240x300.jpg 240w, https:\/\/flawlesshair.com\/wp-content\/uploads\/2023\/04\/44.-shoulder-length-asymmetrical-bob-768x960.jpg 768w, https:\/\/flawlesshair.com\/wp-content\/uploads\/2023\/04\/44.-shoulder-length-asymmetrical-bob-10x12.jpg 10w, https:\/\/flawlesshair.com\/wp-content\/uploads\/2023\/04\/44.-shoulder-length-asymmetrical-bob-864x1080.jpg 864w, https:\/\/flawlesshair.com\/wp-content\/uploads\/2023\/04\/44.-shoulder-length-asymmetrical-bob-960x1200.jpg 960w, https:\/\/flawlesshair.com\/wp-content\/uploads\/2023\/04\/44.-shoulder-length-asymmetrical-bob-150x188.jpg 150w\" sizes=\"auto, (max-width: 760px) calc(100vw - 24px), 720px\" data-pin-media=\"https:\/\/flawlesshair.com\/wp-content\/uploads\/2023\/04\/44.-shoulder-length-asymmetrical-bob.jpg\" id=\"mv-trellis-img-44\" data-trellis-processed=\"1\"><div style=\"position: absolute; top: 0.5rem; right: 0.75rem;\"> <a href=\"https:\/\/www.pinterest.com\/pin\/create\/button\/\" data-pin-do=\"buttonPin\" data-pin-tall=\"true\" data-pin-url=\"https:\/\/flawlesshair.com\/pt\/bob-assimetrico\/\" data-pin-media=\"https:\/\/flawlesshair.com\/wp-content\/uploads\/2023\/04\/44.-shoulder-length-asymmetrical-bob.jpg\" data-pin-description=\"60 Asymmetrical Bob Haircuts Making A Comeback In 2025\" rel=\"nofollow noopener\" target=\"_blank\"> <\/a><\/div><\/div><figcaption class=\"wp-element-caption\"><a href=\"https:\/\/www.instagram.com\/hairby_yv0\" target=\"_blank\" rel=\"noreferrer noopener nofollow\">@hairby_yv0<\/a><\/figcaption><\/figure>\n\n\n\n<p>Este lob extra-longo est\u00e1 repleto de reflexos delicados que d\u00e3o ao cabelo um aspeto beijado pelo sol, sem tocar nas ra\u00edzes. Isto significa que pode ter uma cor lisonjeira mesmo que falte a uma marca\u00e7\u00e3o no sal\u00e3o.<\/p>\n\n\n\n<h2 class=\"wp-block-heading\">45. Bob assim\u00e9trico invertido<\/h2>\n\n\n\n<figure class=\"wp-block-image size-full\"><div style=\"position: relative;\"><noscript><img loading=\"lazy\" decoding=\"async\" width=\"962\" height=\"1028\" src=\"https:\/\/flawlesshair.com\/wp-content\/uploads\/2023\/04\/45.-inverted-asymmetrical-bob.jpg\" alt=\"bob assim\u00e9trico invertido\" class=\"wp-image-33334\" srcset=\"https:\/\/flawlesshair.com\/wp-content\/uploads\/2023\/04\/45.-inverted-asymmetrical-bob.jpg 962w, https:\/\/flawlesshair.com\/wp-content\/uploads\/2023\/04\/45.-inverted-asymmetrical-bob-281x300.jpg 281w, https:\/\/flawlesshair.com\/wp-content\/uploads\/2023\/04\/45.-inverted-asymmetrical-bob-768x821.jpg 768w, https:\/\/flawlesshair.com\/wp-content\/uploads\/2023\/04\/45.-inverted-asymmetrical-bob-11x12.jpg 11w, https:\/\/flawlesshair.com\/wp-content\/uploads\/2023\/04\/45.-inverted-asymmetrical-bob-898x960.jpg 898w, https:\/\/flawlesshair.com\/wp-content\/uploads\/2023\/04\/45.-inverted-asymmetrical-bob-150x160.jpg 150w\" sizes=\"auto, (max-width: 760px) calc(100vw - 24px), 720px\"><\/noscript><img loading=\"lazy\" decoding=\"async\" width=\"962\" height=\"1028\" src=\"https:\/\/flawlesshair.com\/wp-content\/uploads\/2023\/04\/45.-inverted-asymmetrical-bob.jpg\" alt=\"bob assim\u00e9trico invertido\" class=\"wp-image-33334 lazyload\" srcset=\"https:\/\/flawlesshair.com\/wp-content\/uploads\/2023\/04\/45.-inverted-asymmetrical-bob.jpg 962w, https:\/\/flawlesshair.com\/wp-content\/uploads\/2023\/04\/45.-inverted-asymmetrical-bob-281x300.jpg 281w, https:\/\/flawlesshair.com\/wp-content\/uploads\/2023\/04\/45.-inverted-asymmetrical-bob-768x821.jpg 768w, https:\/\/flawlesshair.com\/wp-content\/uploads\/2023\/04\/45.-inverted-asymmetrical-bob-11x12.jpg 11w, https:\/\/flawlesshair.com\/wp-content\/uploads\/2023\/04\/45.-inverted-asymmetrical-bob-898x960.jpg 898w, https:\/\/flawlesshair.com\/wp-content\/uploads\/2023\/04\/45.-inverted-asymmetrical-bob-150x160.jpg 150w\" sizes=\"auto, (max-width: 760px) calc(100vw - 24px), 720px\" data-pin-media=\"https:\/\/flawlesshair.com\/wp-content\/uploads\/2023\/04\/45.-inverted-asymmetrical-bob.jpg\" id=\"mv-trellis-img-45\" data-trellis-processed=\"1\"><div style=\"position: absolute; top: 0.5rem; right: 0.75rem;\"> <a href=\"https:\/\/www.pinterest.com\/pin\/create\/button\/\" data-pin-do=\"buttonPin\" data-pin-tall=\"true\" data-pin-url=\"https:\/\/flawlesshair.com\/pt\/bob-assimetrico\/\" data-pin-media=\"https:\/\/flawlesshair.com\/wp-content\/uploads\/2023\/04\/45.-inverted-asymmetrical-bob.jpg\" data-pin-description=\"60 Asymmetrical Bob Haircuts Making A Comeback In 2025\" rel=\"nofollow noopener\" target=\"_blank\"> <\/a><\/div><\/div><figcaption class=\"wp-element-caption\"><a href=\"https:\/\/www.instagram.com\/alessandra_nakamura\" rel=\"nofollow noopener\" target=\"_blank\">@alessandra_nakamura<\/a><\/figcaption><\/figure>\n\n\n\n<p>Um assim\u00e9trico <a href=\"https:\/\/flawlesshair.com\/pt\/bob-invertido-com-franja\/\">bob invertido com franja comprida<\/a> aumenta o volume na parte de tr\u00e1s e emoldura o rosto na parte da frente. Uma vit\u00f3ria para todos!<\/p>\n\n\n\n<h2 class=\"wp-block-heading\">46. Cabelo encaracolado assim\u00e9trico<\/h2>\n\n\n\n<figure class=\"wp-block-image size-full\"><div style=\"position: relative;\"><noscript><img loading=\"lazy\" decoding=\"async\" width=\"1080\" height=\"1280\" src=\"https:\/\/flawlesshair.com\/wp-content\/uploads\/2023\/04\/46.-asymmetrical-curly-bob.jpg\" alt=\"cabelo encaracolado assim\u00e9trico\" class=\"wp-image-33335\" srcset=\"https:\/\/flawlesshair.com\/wp-content\/uploads\/2023\/04\/46.-asymmetrical-curly-bob.jpg 1080w, https:\/\/flawlesshair.com\/wp-content\/uploads\/2023\/04\/46.-asymmetrical-curly-bob-253x300.jpg 253w, https:\/\/flawlesshair.com\/wp-content\/uploads\/2023\/04\/46.-asymmetrical-curly-bob-768x910.jpg 768w, https:\/\/flawlesshair.com\/wp-content\/uploads\/2023\/04\/46.-asymmetrical-curly-bob-10x12.jpg 10w, https:\/\/flawlesshair.com\/wp-content\/uploads\/2023\/04\/46.-asymmetrical-curly-bob-810x960.jpg 810w, https:\/\/flawlesshair.com\/wp-content\/uploads\/2023\/04\/46.-asymmetrical-curly-bob-911x1080.jpg 911w, https:\/\/flawlesshair.com\/wp-content\/uploads\/2023\/04\/46.-asymmetrical-curly-bob-1013x1200.jpg 1013w, https:\/\/flawlesshair.com\/wp-content\/uploads\/2023\/04\/46.-asymmetrical-curly-bob-150x178.jpg 150w\" sizes=\"auto, (max-width: 760px) calc(100vw - 24px), 720px\"><\/noscript><img loading=\"lazy\" decoding=\"async\" width=\"1080\" height=\"1280\" src=\"https:\/\/flawlesshair.com\/wp-content\/uploads\/2023\/04\/46.-asymmetrical-curly-bob.jpg\" alt=\"cabelo encaracolado assim\u00e9trico\" class=\"wp-image-33335 lazyload\" srcset=\"https:\/\/flawlesshair.com\/wp-content\/uploads\/2023\/04\/46.-asymmetrical-curly-bob.jpg 1080w, https:\/\/flawlesshair.com\/wp-content\/uploads\/2023\/04\/46.-asymmetrical-curly-bob-253x300.jpg 253w, https:\/\/flawlesshair.com\/wp-content\/uploads\/2023\/04\/46.-asymmetrical-curly-bob-768x910.jpg 768w, https:\/\/flawlesshair.com\/wp-content\/uploads\/2023\/04\/46.-asymmetrical-curly-bob-10x12.jpg 10w, https:\/\/flawlesshair.com\/wp-content\/uploads\/2023\/04\/46.-asymmetrical-curly-bob-810x960.jpg 810w, https:\/\/flawlesshair.com\/wp-content\/uploads\/2023\/04\/46.-asymmetrical-curly-bob-911x1080.jpg 911w, https:\/\/flawlesshair.com\/wp-content\/uploads\/2023\/04\/46.-asymmetrical-curly-bob-1013x1200.jpg 1013w, https:\/\/flawlesshair.com\/wp-content\/uploads\/2023\/04\/46.-asymmetrical-curly-bob-150x178.jpg 150w\" sizes=\"auto, (max-width: 760px) calc(100vw - 24px), 720px\" data-pin-media=\"https:\/\/flawlesshair.com\/wp-content\/uploads\/2023\/04\/46.-asymmetrical-curly-bob.jpg\" id=\"mv-trellis-img-46\" data-trellis-processed=\"1\"><div style=\"position: absolute; top: 0.5rem; right: 0.75rem;\"> <a href=\"https:\/\/www.pinterest.com\/pin\/create\/button\/\" data-pin-do=\"buttonPin\" data-pin-tall=\"true\" data-pin-url=\"https:\/\/flawlesshair.com\/pt\/bob-assimetrico\/\" data-pin-media=\"https:\/\/flawlesshair.com\/wp-content\/uploads\/2023\/04\/46.-asymmetrical-curly-bob.jpg\" data-pin-description=\"60 Asymmetrical Bob Haircuts Making A Comeback In 2025\" rel=\"nofollow noopener\" target=\"_blank\"> <\/a><\/div><\/div><figcaption class=\"wp-element-caption\"><a href=\"https:\/\/www.instagram.com\/blysssalon\" target=\"_blank\" rel=\"noreferrer noopener nofollow\">@blysssalon<\/a><\/figcaption><\/figure>\n\n\n\n<p>Se tiver um cabelo ondulado, a forma de o pentear \u00e9 um pouco diferente da do cabelo encaracolado - se estiver a seguir um tutorial para cabelos encaracolados, n\u00e3o aplique alguns produtos de modela\u00e7\u00e3o e utilize apenas um. Ao contr\u00e1rio do cabelo encaracolado, o cabelo ondulado \u00e9 facilmente pesado e a sobreposi\u00e7\u00e3o de produtos ir\u00e1 achatar as suas ondas.<\/p>\n\n\n\n<h2 class=\"wp-block-heading\">47. Bob assim\u00e9trico com corte lateral profundo<\/h2>\n\n\n\n<figure class=\"wp-block-image size-full\"><div style=\"position: relative;\"><noscript><img loading=\"lazy\" decoding=\"async\" width=\"1080\" height=\"1256\" src=\"https:\/\/flawlesshair.com\/wp-content\/uploads\/2023\/04\/47.-asymmetrical-deep-side-part-bob.jpg\" alt=\"corte lateral profundo assim\u00e9trico\" class=\"wp-image-33336\" srcset=\"https:\/\/flawlesshair.com\/wp-content\/uploads\/2023\/04\/47.-asymmetrical-deep-side-part-bob.jpg 1080w, https:\/\/flawlesshair.com\/wp-content\/uploads\/2023\/04\/47.-asymmetrical-deep-side-part-bob-258x300.jpg 258w, https:\/\/flawlesshair.com\/wp-content\/uploads\/2023\/04\/47.-asymmetrical-deep-side-part-bob-768x893.jpg 768w, https:\/\/flawlesshair.com\/wp-content\/uploads\/2023\/04\/47.-asymmetrical-deep-side-part-bob-10x12.jpg 10w, https:\/\/flawlesshair.com\/wp-content\/uploads\/2023\/04\/47.-asymmetrical-deep-side-part-bob-825x960.jpg 825w, https:\/\/flawlesshair.com\/wp-content\/uploads\/2023\/04\/47.-asymmetrical-deep-side-part-bob-929x1080.jpg 929w, https:\/\/flawlesshair.com\/wp-content\/uploads\/2023\/04\/47.-asymmetrical-deep-side-part-bob-1032x1200.jpg 1032w, https:\/\/flawlesshair.com\/wp-content\/uploads\/2023\/04\/47.-asymmetrical-deep-side-part-bob-150x174.jpg 150w\" sizes=\"auto, (max-width: 760px) calc(100vw - 24px), 720px\"><\/noscript><img loading=\"lazy\" decoding=\"async\" width=\"1080\" height=\"1256\" src=\"https:\/\/flawlesshair.com\/wp-content\/uploads\/2023\/04\/47.-asymmetrical-deep-side-part-bob.jpg\" alt=\"corte lateral profundo assim\u00e9trico\" class=\"wp-image-33336 lazyload\" srcset=\"https:\/\/flawlesshair.com\/wp-content\/uploads\/2023\/04\/47.-asymmetrical-deep-side-part-bob.jpg 1080w, https:\/\/flawlesshair.com\/wp-content\/uploads\/2023\/04\/47.-asymmetrical-deep-side-part-bob-258x300.jpg 258w, https:\/\/flawlesshair.com\/wp-content\/uploads\/2023\/04\/47.-asymmetrical-deep-side-part-bob-768x893.jpg 768w, https:\/\/flawlesshair.com\/wp-content\/uploads\/2023\/04\/47.-asymmetrical-deep-side-part-bob-10x12.jpg 10w, https:\/\/flawlesshair.com\/wp-content\/uploads\/2023\/04\/47.-asymmetrical-deep-side-part-bob-825x960.jpg 825w, https:\/\/flawlesshair.com\/wp-content\/uploads\/2023\/04\/47.-asymmetrical-deep-side-part-bob-929x1080.jpg 929w, https:\/\/flawlesshair.com\/wp-content\/uploads\/2023\/04\/47.-asymmetrical-deep-side-part-bob-1032x1200.jpg 1032w, https:\/\/flawlesshair.com\/wp-content\/uploads\/2023\/04\/47.-asymmetrical-deep-side-part-bob-150x174.jpg 150w\" sizes=\"auto, (max-width: 760px) calc(100vw - 24px), 720px\" data-pin-media=\"https:\/\/flawlesshair.com\/wp-content\/uploads\/2023\/04\/47.-asymmetrical-deep-side-part-bob.jpg\" id=\"mv-trellis-img-47\" data-trellis-processed=\"1\"><div style=\"position: absolute; top: 0.5rem; right: 0.75rem;\"> <a href=\"https:\/\/www.pinterest.com\/pin\/create\/button\/\" data-pin-do=\"buttonPin\" data-pin-tall=\"true\" data-pin-url=\"https:\/\/flawlesshair.com\/pt\/bob-assimetrico\/\" data-pin-media=\"https:\/\/flawlesshair.com\/wp-content\/uploads\/2023\/04\/47.-asymmetrical-deep-side-part-bob.jpg\" data-pin-description=\"60 Asymmetrical Bob Haircuts Making A Comeback In 2025\" rel=\"nofollow noopener\" target=\"_blank\"> <\/a><\/div><\/div><figcaption class=\"wp-element-caption\"><a href=\"https:\/\/www.instagram.com\/360_hairstudio\" target=\"_blank\" rel=\"noreferrer noopener nofollow\">@360_hairstudio<\/a><\/figcaption><\/figure>\n\n\n\n<p>Tanto as madeixas caramelo como o corte assim\u00e9trico d\u00e3o dimens\u00e3o a um cabelo liso est\u00e1tico.<\/p>\n\n\n\n<h2 class=\"wp-block-heading\">48. Corte de Cabelo Bob Assim\u00e9trico Ondulado<\/h2>\n\n\n\n<figure class=\"wp-block-image size-full\"><div style=\"position: relative;\"><noscript><img loading=\"lazy\" decoding=\"async\" width=\"1080\" height=\"1350\" src=\"https:\/\/flawlesshair.com\/wp-content\/uploads\/2023\/04\/48.-wavy-asymmetrical-bob-haircut.jpg\" alt=\"corte de cabelo bob assim\u00e9trico ondulado\" class=\"wp-image-33337\" srcset=\"https:\/\/flawlesshair.com\/wp-content\/uploads\/2023\/04\/48.-wavy-asymmetrical-bob-haircut.jpg 1080w, https:\/\/flawlesshair.com\/wp-content\/uploads\/2023\/04\/48.-wavy-asymmetrical-bob-haircut-240x300.jpg 240w, https:\/\/flawlesshair.com\/wp-content\/uploads\/2023\/04\/48.-wavy-asymmetrical-bob-haircut-768x960.jpg 768w, https:\/\/flawlesshair.com\/wp-content\/uploads\/2023\/04\/48.-wavy-asymmetrical-bob-haircut-10x12.jpg 10w, https:\/\/flawlesshair.com\/wp-content\/uploads\/2023\/04\/48.-wavy-asymmetrical-bob-haircut-864x1080.jpg 864w, https:\/\/flawlesshair.com\/wp-content\/uploads\/2023\/04\/48.-wavy-asymmetrical-bob-haircut-960x1200.jpg 960w, https:\/\/flawlesshair.com\/wp-content\/uploads\/2023\/04\/48.-wavy-asymmetrical-bob-haircut-150x188.jpg 150w\" sizes=\"auto, (max-width: 760px) calc(100vw - 24px), 720px\"><\/noscript><img loading=\"lazy\" decoding=\"async\" width=\"1080\" height=\"1350\" src=\"https:\/\/flawlesshair.com\/wp-content\/uploads\/2023\/04\/48.-wavy-asymmetrical-bob-haircut.jpg\" alt=\"corte de cabelo bob assim\u00e9trico ondulado\" class=\"wp-image-33337 lazyload\" srcset=\"https:\/\/flawlesshair.com\/wp-content\/uploads\/2023\/04\/48.-wavy-asymmetrical-bob-haircut.jpg 1080w, https:\/\/flawlesshair.com\/wp-content\/uploads\/2023\/04\/48.-wavy-asymmetrical-bob-haircut-240x300.jpg 240w, https:\/\/flawlesshair.com\/wp-content\/uploads\/2023\/04\/48.-wavy-asymmetrical-bob-haircut-768x960.jpg 768w, https:\/\/flawlesshair.com\/wp-content\/uploads\/2023\/04\/48.-wavy-asymmetrical-bob-haircut-10x12.jpg 10w, https:\/\/flawlesshair.com\/wp-content\/uploads\/2023\/04\/48.-wavy-asymmetrical-bob-haircut-864x1080.jpg 864w, https:\/\/flawlesshair.com\/wp-content\/uploads\/2023\/04\/48.-wavy-asymmetrical-bob-haircut-960x1200.jpg 960w, https:\/\/flawlesshair.com\/wp-content\/uploads\/2023\/04\/48.-wavy-asymmetrical-bob-haircut-150x188.jpg 150w\" sizes=\"auto, (max-width: 760px) calc(100vw - 24px), 720px\" data-pin-media=\"https:\/\/flawlesshair.com\/wp-content\/uploads\/2023\/04\/48.-wavy-asymmetrical-bob-haircut.jpg\" id=\"mv-trellis-img-48\" data-trellis-processed=\"1\"><div style=\"position: absolute; top: 0.5rem; right: 0.75rem;\"> <a href=\"https:\/\/www.pinterest.com\/pin\/create\/button\/\" data-pin-do=\"buttonPin\" data-pin-tall=\"true\" data-pin-url=\"https:\/\/flawlesshair.com\/pt\/bob-assimetrico\/\" data-pin-media=\"https:\/\/flawlesshair.com\/wp-content\/uploads\/2023\/04\/48.-wavy-asymmetrical-bob-haircut.jpg\" data-pin-description=\"60 Asymmetrical Bob Haircuts Making A Comeback In 2025\" rel=\"nofollow noopener\" target=\"_blank\"> <\/a><\/div><\/div><figcaption class=\"wp-element-caption\"><a href=\"https:\/\/www.instagram.com\/maddiemarissa\" target=\"_blank\" rel=\"noreferrer noopener nofollow\">@maddiemarissa<\/a><\/figcaption><\/figure>\n\n\n\n<p>As ondas cor-de-rosa despenteadas ficar\u00e3o lindas independentemente do tipo de corte de cabelo - este <a href=\"https:\/\/flawlesshair.com\/pt\/corte-de-cabelo-curto-e-ousado\/\">corte de cabelo curto e ousado<\/a> d\u00e1-lhes um aspeto fresco e bonito.<\/p>\n\n\n\n<h2 class=\"wp-block-heading\">49. Bob assim\u00e9trico de G\u00e9meos<\/h2>\n\n\n\n<figure class=\"wp-block-image size-full\"><div style=\"position: relative;\"><noscript><img loading=\"lazy\" decoding=\"async\" width=\"1080\" height=\"1087\" src=\"https:\/\/flawlesshair.com\/wp-content\/uploads\/2023\/04\/49.-gemini-asymmetrical-bob.jpg\" alt=\"gemini asymmetrical bob\" class=\"wp-image-33338\" srcset=\"https:\/\/flawlesshair.com\/wp-content\/uploads\/2023\/04\/49.-gemini-asymmetrical-bob.jpg 1080w, https:\/\/flawlesshair.com\/wp-content\/uploads\/2023\/04\/49.-gemini-asymmetrical-bob-298x300.jpg 298w, https:\/\/flawlesshair.com\/wp-content\/uploads\/2023\/04\/49.-gemini-asymmetrical-bob-150x151.jpg 150w, https:\/\/flawlesshair.com\/wp-content\/uploads\/2023\/04\/49.-gemini-asymmetrical-bob-768x773.jpg 768w, https:\/\/flawlesshair.com\/wp-content\/uploads\/2023\/04\/49.-gemini-asymmetrical-bob-12x12.jpg 12w, https:\/\/flawlesshair.com\/wp-content\/uploads\/2023\/04\/49.-gemini-asymmetrical-bob-954x960.jpg 954w, https:\/\/flawlesshair.com\/wp-content\/uploads\/2023\/04\/49.-gemini-asymmetrical-bob-1073x1080.jpg 1073w, https:\/\/flawlesshair.com\/wp-content\/uploads\/2023\/04\/49.-gemini-asymmetrical-bob-96x96.jpg 96w\" sizes=\"auto, (max-width: 760px) calc(100vw - 24px), 720px\"><\/noscript><img loading=\"lazy\" decoding=\"async\" width=\"1080\" height=\"1087\" src=\"https:\/\/flawlesshair.com\/wp-content\/uploads\/2023\/04\/49.-gemini-asymmetrical-bob.jpg\" alt=\"gemini asymmetrical bob\" class=\"wp-image-33338 lazyload\" srcset=\"https:\/\/flawlesshair.com\/wp-content\/uploads\/2023\/04\/49.-gemini-asymmetrical-bob.jpg 1080w, https:\/\/flawlesshair.com\/wp-content\/uploads\/2023\/04\/49.-gemini-asymmetrical-bob-298x300.jpg 298w, https:\/\/flawlesshair.com\/wp-content\/uploads\/2023\/04\/49.-gemini-asymmetrical-bob-150x151.jpg 150w, https:\/\/flawlesshair.com\/wp-content\/uploads\/2023\/04\/49.-gemini-asymmetrical-bob-768x773.jpg 768w, https:\/\/flawlesshair.com\/wp-content\/uploads\/2023\/04\/49.-gemini-asymmetrical-bob-12x12.jpg 12w, https:\/\/flawlesshair.com\/wp-content\/uploads\/2023\/04\/49.-gemini-asymmetrical-bob-954x960.jpg 954w, https:\/\/flawlesshair.com\/wp-content\/uploads\/2023\/04\/49.-gemini-asymmetrical-bob-1073x1080.jpg 1073w, https:\/\/flawlesshair.com\/wp-content\/uploads\/2023\/04\/49.-gemini-asymmetrical-bob-96x96.jpg 96w\" sizes=\"auto, (max-width: 760px) calc(100vw - 24px), 720px\" data-pin-media=\"https:\/\/flawlesshair.com\/wp-content\/uploads\/2023\/04\/49.-gemini-asymmetrical-bob.jpg\" id=\"mv-trellis-img-49\" data-trellis-processed=\"1\"><div style=\"position: absolute; top: 0.5rem; right: 0.75rem;\"> <a href=\"https:\/\/www.pinterest.com\/pin\/create\/button\/\" data-pin-do=\"buttonPin\" data-pin-tall=\"true\" data-pin-url=\"https:\/\/flawlesshair.com\/pt\/bob-assimetrico\/\" data-pin-media=\"https:\/\/flawlesshair.com\/wp-content\/uploads\/2023\/04\/49.-gemini-asymmetrical-bob.jpg\" data-pin-description=\"60 Asymmetrical Bob Haircuts Making A Comeback In 2025\" rel=\"nofollow noopener\" target=\"_blank\"> <\/a><\/div><\/div><figcaption class=\"wp-element-caption\"><a href=\"https:\/\/www.instagram.com\/emilydoesyahair\" target=\"_blank\" rel=\"noreferrer noopener nofollow\">@emilydoesyahair<\/a><\/figcaption><\/figure>\n\n\n\n<p>O cabelo com risca de gamb\u00e1 evoca uma vibra\u00e7\u00e3o de vil\u00e3o de um filme fixe, por isso vai parecer fixe independentemente da forma como o usar - o corte assim\u00e9trico torna-o ainda mais ousado.<\/p>\n\n\n\n<h2 class=\"wp-block-heading\">50. Bob assim\u00e9trico despenteado<\/h2>\n\n\n\n<figure class=\"wp-block-image size-full\"><div style=\"position: relative;\"><noscript><img loading=\"lazy\" decoding=\"async\" width=\"1080\" height=\"1222\" src=\"https:\/\/flawlesshair.com\/wp-content\/uploads\/2023\/04\/50.-choppy-asymmetrical-bob.jpg\" alt=\"bob assim\u00e9trico cortado\" class=\"wp-image-33339\" srcset=\"https:\/\/flawlesshair.com\/wp-content\/uploads\/2023\/04\/50.-choppy-asymmetrical-bob.jpg 1080w, https:\/\/flawlesshair.com\/wp-content\/uploads\/2023\/04\/50.-choppy-asymmetrical-bob-265x300.jpg 265w, https:\/\/flawlesshair.com\/wp-content\/uploads\/2023\/04\/50.-choppy-asymmetrical-bob-768x869.jpg 768w, https:\/\/flawlesshair.com\/wp-content\/uploads\/2023\/04\/50.-choppy-asymmetrical-bob-11x12.jpg 11w, https:\/\/flawlesshair.com\/wp-content\/uploads\/2023\/04\/50.-choppy-asymmetrical-bob-848x960.jpg 848w, https:\/\/flawlesshair.com\/wp-content\/uploads\/2023\/04\/50.-choppy-asymmetrical-bob-955x1080.jpg 955w, https:\/\/flawlesshair.com\/wp-content\/uploads\/2023\/04\/50.-choppy-asymmetrical-bob-1061x1200.jpg 1061w, https:\/\/flawlesshair.com\/wp-content\/uploads\/2023\/04\/50.-choppy-asymmetrical-bob-150x170.jpg 150w\" sizes=\"auto, (max-width: 760px) calc(100vw - 24px), 720px\"><\/noscript><img loading=\"lazy\" decoding=\"async\" width=\"1080\" height=\"1222\" src=\"https:\/\/flawlesshair.com\/wp-content\/uploads\/2023\/04\/50.-choppy-asymmetrical-bob.jpg\" alt=\"bob assim\u00e9trico cortado\" class=\"wp-image-33339 lazyload\" srcset=\"https:\/\/flawlesshair.com\/wp-content\/uploads\/2023\/04\/50.-choppy-asymmetrical-bob.jpg 1080w, https:\/\/flawlesshair.com\/wp-content\/uploads\/2023\/04\/50.-choppy-asymmetrical-bob-265x300.jpg 265w, https:\/\/flawlesshair.com\/wp-content\/uploads\/2023\/04\/50.-choppy-asymmetrical-bob-768x869.jpg 768w, https:\/\/flawlesshair.com\/wp-content\/uploads\/2023\/04\/50.-choppy-asymmetrical-bob-11x12.jpg 11w, https:\/\/flawlesshair.com\/wp-content\/uploads\/2023\/04\/50.-choppy-asymmetrical-bob-848x960.jpg 848w, https:\/\/flawlesshair.com\/wp-content\/uploads\/2023\/04\/50.-choppy-asymmetrical-bob-955x1080.jpg 955w, https:\/\/flawlesshair.com\/wp-content\/uploads\/2023\/04\/50.-choppy-asymmetrical-bob-1061x1200.jpg 1061w, https:\/\/flawlesshair.com\/wp-content\/uploads\/2023\/04\/50.-choppy-asymmetrical-bob-150x170.jpg 150w\" sizes=\"auto, (max-width: 760px) calc(100vw - 24px), 720px\" data-pin-media=\"https:\/\/flawlesshair.com\/wp-content\/uploads\/2023\/04\/50.-choppy-asymmetrical-bob.jpg\" id=\"mv-trellis-img-50\" data-trellis-processed=\"1\"><div style=\"position: absolute; top: 0.5rem; right: 0.75rem;\"> <a href=\"https:\/\/www.pinterest.com\/pin\/create\/button\/\" data-pin-do=\"buttonPin\" data-pin-tall=\"true\" data-pin-url=\"https:\/\/flawlesshair.com\/pt\/bob-assimetrico\/\" data-pin-media=\"https:\/\/flawlesshair.com\/wp-content\/uploads\/2023\/04\/50.-choppy-asymmetrical-bob.jpg\" data-pin-description=\"60 Asymmetrical Bob Haircuts Making A Comeback In 2025\" rel=\"nofollow noopener\" target=\"_blank\"> <\/a><\/div><\/div><figcaption class=\"wp-element-caption\"><a href=\"https:\/\/www.instagram.com\/karahurston\" target=\"_blank\" rel=\"noreferrer noopener nofollow\">@karahurston<\/a><\/figcaption><\/figure>\n\n\n\n<p>As camadas cortadas convidam-na a mov\u00ea-las e a deixar o seu cabelo fluir como quiser.<\/p>\n\n\n\n<h2 class=\"wp-block-heading\">51. Bob Pixie assim\u00e9trico com corte inferior<\/h2>\n\n\n\n<figure class=\"wp-block-image size-full\"><div style=\"position: relative;\"><noscript><img loading=\"lazy\" decoding=\"async\" width=\"1080\" height=\"1350\" src=\"https:\/\/flawlesshair.com\/wp-content\/uploads\/2023\/04\/51.-undercut-asymmetrical-pixie-bob.jpg\" alt=\"corte curto assim\u00e9trico pixie bob\" class=\"wp-image-33340\" srcset=\"https:\/\/flawlesshair.com\/wp-content\/uploads\/2023\/04\/51.-undercut-asymmetrical-pixie-bob.jpg 1080w, https:\/\/flawlesshair.com\/wp-content\/uploads\/2023\/04\/51.-undercut-asymmetrical-pixie-bob-240x300.jpg 240w, https:\/\/flawlesshair.com\/wp-content\/uploads\/2023\/04\/51.-undercut-asymmetrical-pixie-bob-768x960.jpg 768w, https:\/\/flawlesshair.com\/wp-content\/uploads\/2023\/04\/51.-undercut-asymmetrical-pixie-bob-10x12.jpg 10w, https:\/\/flawlesshair.com\/wp-content\/uploads\/2023\/04\/51.-undercut-asymmetrical-pixie-bob-864x1080.jpg 864w, https:\/\/flawlesshair.com\/wp-content\/uploads\/2023\/04\/51.-undercut-asymmetrical-pixie-bob-960x1200.jpg 960w, https:\/\/flawlesshair.com\/wp-content\/uploads\/2023\/04\/51.-undercut-asymmetrical-pixie-bob-150x188.jpg 150w\" sizes=\"auto, (max-width: 760px) calc(100vw - 24px), 720px\"><\/noscript><img loading=\"lazy\" decoding=\"async\" width=\"1080\" height=\"1350\" src=\"https:\/\/flawlesshair.com\/wp-content\/uploads\/2023\/04\/51.-undercut-asymmetrical-pixie-bob.jpg\" alt=\"corte curto assim\u00e9trico pixie bob\" class=\"wp-image-33340 lazyload\" srcset=\"https:\/\/flawlesshair.com\/wp-content\/uploads\/2023\/04\/51.-undercut-asymmetrical-pixie-bob.jpg 1080w, https:\/\/flawlesshair.com\/wp-content\/uploads\/2023\/04\/51.-undercut-asymmetrical-pixie-bob-240x300.jpg 240w, https:\/\/flawlesshair.com\/wp-content\/uploads\/2023\/04\/51.-undercut-asymmetrical-pixie-bob-768x960.jpg 768w, https:\/\/flawlesshair.com\/wp-content\/uploads\/2023\/04\/51.-undercut-asymmetrical-pixie-bob-10x12.jpg 10w, https:\/\/flawlesshair.com\/wp-content\/uploads\/2023\/04\/51.-undercut-asymmetrical-pixie-bob-864x1080.jpg 864w, https:\/\/flawlesshair.com\/wp-content\/uploads\/2023\/04\/51.-undercut-asymmetrical-pixie-bob-960x1200.jpg 960w, https:\/\/flawlesshair.com\/wp-content\/uploads\/2023\/04\/51.-undercut-asymmetrical-pixie-bob-150x188.jpg 150w\" sizes=\"auto, (max-width: 760px) calc(100vw - 24px), 720px\" data-pin-media=\"https:\/\/flawlesshair.com\/wp-content\/uploads\/2023\/04\/51.-undercut-asymmetrical-pixie-bob.jpg\" id=\"mv-trellis-img-51\" data-trellis-processed=\"1\"><div style=\"position: absolute; top: 0.5rem; right: 0.75rem;\"> <a href=\"https:\/\/www.pinterest.com\/pin\/create\/button\/\" data-pin-do=\"buttonPin\" data-pin-tall=\"true\" data-pin-url=\"https:\/\/flawlesshair.com\/pt\/bob-assimetrico\/\" data-pin-media=\"https:\/\/flawlesshair.com\/wp-content\/uploads\/2023\/04\/51.-undercut-asymmetrical-pixie-bob.jpg\" data-pin-description=\"60 Asymmetrical Bob Haircuts Making A Comeback In 2025\" rel=\"nofollow noopener\" target=\"_blank\"> <\/a><\/div><\/div><figcaption class=\"wp-element-caption\"><a href=\"https:\/\/www.instagram.com\/clipper.variant\" target=\"_blank\" rel=\"noreferrer noopener nofollow\">@clipper.variant<\/a><\/figcaption><\/figure>\n\n\n\n<p>O corte inferior \u00e9 j\u00e1 um elemento de assimetria e, quanto mais comprido for do outro lado, mais dram\u00e1tico ser\u00e1 o seu aspeto, demonstrando o qu\u00e3o excitante \u00e9 um corte inferior. <a href=\"https:\/\/flawlesshair.com\/pt\/penteados-curtos-e-lisos\/\">penteado curto e liso<\/a> pode ser.<\/p>\n\n\n\n<h2 class=\"wp-block-heading\">52. Bob assim\u00e9trico de comprimento m\u00e9dio<\/h2>\n\n\n\n<figure class=\"wp-block-image size-full\"><div style=\"position: relative;\"><noscript><img loading=\"lazy\" decoding=\"async\" width=\"1080\" height=\"1350\" src=\"https:\/\/flawlesshair.com\/wp-content\/uploads\/2023\/04\/52.-medium-length-asymmetrical-bob.jpg\" alt=\"bob assim\u00e9trico de comprimento m\u00e9dio\" class=\"wp-image-33341\" srcset=\"https:\/\/flawlesshair.com\/wp-content\/uploads\/2023\/04\/52.-medium-length-asymmetrical-bob.jpg 1080w, https:\/\/flawlesshair.com\/wp-content\/uploads\/2023\/04\/52.-medium-length-asymmetrical-bob-240x300.jpg 240w, https:\/\/flawlesshair.com\/wp-content\/uploads\/2023\/04\/52.-medium-length-asymmetrical-bob-768x960.jpg 768w, https:\/\/flawlesshair.com\/wp-content\/uploads\/2023\/04\/52.-medium-length-asymmetrical-bob-10x12.jpg 10w, https:\/\/flawlesshair.com\/wp-content\/uploads\/2023\/04\/52.-medium-length-asymmetrical-bob-864x1080.jpg 864w, https:\/\/flawlesshair.com\/wp-content\/uploads\/2023\/04\/52.-medium-length-asymmetrical-bob-960x1200.jpg 960w, https:\/\/flawlesshair.com\/wp-content\/uploads\/2023\/04\/52.-medium-length-asymmetrical-bob-150x188.jpg 150w\" sizes=\"auto, (max-width: 760px) calc(100vw - 24px), 720px\"><\/noscript><img loading=\"lazy\" decoding=\"async\" width=\"1080\" height=\"1350\" src=\"https:\/\/flawlesshair.com\/wp-content\/uploads\/2023\/04\/52.-medium-length-asymmetrical-bob.jpg\" alt=\"bob assim\u00e9trico de comprimento m\u00e9dio\" class=\"wp-image-33341 lazyload\" srcset=\"https:\/\/flawlesshair.com\/wp-content\/uploads\/2023\/04\/52.-medium-length-asymmetrical-bob.jpg 1080w, https:\/\/flawlesshair.com\/wp-content\/uploads\/2023\/04\/52.-medium-length-asymmetrical-bob-240x300.jpg 240w, https:\/\/flawlesshair.com\/wp-content\/uploads\/2023\/04\/52.-medium-length-asymmetrical-bob-768x960.jpg 768w, https:\/\/flawlesshair.com\/wp-content\/uploads\/2023\/04\/52.-medium-length-asymmetrical-bob-10x12.jpg 10w, https:\/\/flawlesshair.com\/wp-content\/uploads\/2023\/04\/52.-medium-length-asymmetrical-bob-864x1080.jpg 864w, https:\/\/flawlesshair.com\/wp-content\/uploads\/2023\/04\/52.-medium-length-asymmetrical-bob-960x1200.jpg 960w, https:\/\/flawlesshair.com\/wp-content\/uploads\/2023\/04\/52.-medium-length-asymmetrical-bob-150x188.jpg 150w\" sizes=\"auto, (max-width: 760px) calc(100vw - 24px), 720px\" data-pin-media=\"https:\/\/flawlesshair.com\/wp-content\/uploads\/2023\/04\/52.-medium-length-asymmetrical-bob.jpg\" id=\"mv-trellis-img-52\" data-trellis-processed=\"1\"><div style=\"position: absolute; top: 0.5rem; right: 0.75rem;\"> <a href=\"https:\/\/www.pinterest.com\/pin\/create\/button\/\" data-pin-do=\"buttonPin\" data-pin-tall=\"true\" data-pin-url=\"https:\/\/flawlesshair.com\/pt\/bob-assimetrico\/\" data-pin-media=\"https:\/\/flawlesshair.com\/wp-content\/uploads\/2023\/04\/52.-medium-length-asymmetrical-bob.jpg\" data-pin-description=\"60 Asymmetrical Bob Haircuts Making A Comeback In 2025\" rel=\"nofollow noopener\" target=\"_blank\"> <\/a><\/div><\/div><figcaption class=\"wp-element-caption\"><a href=\"https:\/\/www.instagram.com\/kenziepaigehair\" target=\"_blank\" rel=\"noreferrer noopener nofollow\">@kenziepaigehair<\/a><\/figcaption><\/figure>\n\n\n\n<p>Apimente o seu l\u00f3bulo e d\u00ea-lhe movimento fazendo-o assim\u00e9trico - apenas uma ligeira diferen\u00e7a no comprimento em ambos os lados do rosto pode transformar drasticamente o seu visual.<\/p>\n\n\n\n<h2 class=\"wp-block-heading\">53. Bob sem corte com parte lateral profunda<\/h2>\n\n\n\n<figure class=\"wp-block-image size-full\"><div style=\"position: relative;\"><noscript><img loading=\"lazy\" decoding=\"async\" width=\"1080\" height=\"1080\" src=\"https:\/\/flawlesshair.com\/wp-content\/uploads\/2023\/04\/53.-deep-side-part-blunt-bob.jpg\" alt=\"corte lateral profundo sem corte\" class=\"wp-image-33342\" srcset=\"https:\/\/flawlesshair.com\/wp-content\/uploads\/2023\/04\/53.-deep-side-part-blunt-bob.jpg 1080w, https:\/\/flawlesshair.com\/wp-content\/uploads\/2023\/04\/53.-deep-side-part-blunt-bob-300x300.jpg 300w, https:\/\/flawlesshair.com\/wp-content\/uploads\/2023\/04\/53.-deep-side-part-blunt-bob-150x150.jpg 150w, https:\/\/flawlesshair.com\/wp-content\/uploads\/2023\/04\/53.-deep-side-part-blunt-bob-768x768.jpg 768w, https:\/\/flawlesshair.com\/wp-content\/uploads\/2023\/04\/53.-deep-side-part-blunt-bob-12x12.jpg 12w, https:\/\/flawlesshair.com\/wp-content\/uploads\/2023\/04\/53.-deep-side-part-blunt-bob-728x728.jpg 728w, https:\/\/flawlesshair.com\/wp-content\/uploads\/2023\/04\/53.-deep-side-part-blunt-bob-960x960.jpg 960w, https:\/\/flawlesshair.com\/wp-content\/uploads\/2023\/04\/53.-deep-side-part-blunt-bob-96x96.jpg 96w\" sizes=\"auto, (max-width: 760px) calc(100vw - 24px), 720px\"><\/noscript><img loading=\"lazy\" decoding=\"async\" width=\"1080\" height=\"1080\" src=\"https:\/\/flawlesshair.com\/wp-content\/uploads\/2023\/04\/53.-deep-side-part-blunt-bob.jpg\" alt=\"corte lateral profundo sem corte\" class=\"wp-image-33342 lazyload\" srcset=\"https:\/\/flawlesshair.com\/wp-content\/uploads\/2023\/04\/53.-deep-side-part-blunt-bob.jpg 1080w, https:\/\/flawlesshair.com\/wp-content\/uploads\/2023\/04\/53.-deep-side-part-blunt-bob-300x300.jpg 300w, https:\/\/flawlesshair.com\/wp-content\/uploads\/2023\/04\/53.-deep-side-part-blunt-bob-150x150.jpg 150w, https:\/\/flawlesshair.com\/wp-content\/uploads\/2023\/04\/53.-deep-side-part-blunt-bob-768x768.jpg 768w, https:\/\/flawlesshair.com\/wp-content\/uploads\/2023\/04\/53.-deep-side-part-blunt-bob-12x12.jpg 12w, https:\/\/flawlesshair.com\/wp-content\/uploads\/2023\/04\/53.-deep-side-part-blunt-bob-728x728.jpg 728w, https:\/\/flawlesshair.com\/wp-content\/uploads\/2023\/04\/53.-deep-side-part-blunt-bob-960x960.jpg 960w, https:\/\/flawlesshair.com\/wp-content\/uploads\/2023\/04\/53.-deep-side-part-blunt-bob-96x96.jpg 96w\" sizes=\"auto, (max-width: 760px) calc(100vw - 24px), 720px\" data-pin-media=\"https:\/\/flawlesshair.com\/wp-content\/uploads\/2023\/04\/53.-deep-side-part-blunt-bob.jpg\" id=\"mv-trellis-img-53\" data-trellis-processed=\"1\"><div style=\"position: absolute; top: 0.5rem; right: 0.75rem;\"> <a href=\"https:\/\/www.pinterest.com\/pin\/create\/button\/\" data-pin-do=\"buttonPin\" data-pin-tall=\"true\" data-pin-url=\"https:\/\/flawlesshair.com\/pt\/bob-assimetrico\/\" data-pin-media=\"https:\/\/flawlesshair.com\/wp-content\/uploads\/2023\/04\/53.-deep-side-part-blunt-bob.jpg\" data-pin-description=\"60 Asymmetrical Bob Haircuts Making A Comeback In 2025\" rel=\"nofollow noopener\" target=\"_blank\"> <\/a><\/div><\/div><figcaption class=\"wp-element-caption\"><a href=\"https:\/\/www.instagram.com\/hairbychina\" target=\"_blank\" rel=\"noreferrer noopener nofollow\">@hairbychina<\/a><\/figcaption><\/figure>\n\n\n\n<p>A cor real\u00e7a a forma, tornando este <a href=\"https:\/\/flawlesshair.com\/pt\/cortes-de-cabelo-com-corte-angular\/\">corte de cabelo angular<\/a> uma hist\u00f3ria completa. E gra\u00e7as \u00e0 mancha de raiz, o per\u00edodo entre as visitas ao sal\u00e3o pode ser um pouco mais longo.<\/p>\n\n\n\n<h2 class=\"wp-block-heading\">54. Bob M\u00e9dio Assim\u00e9trico<\/h2>\n\n\n\n<figure class=\"wp-block-image size-full\"><div style=\"position: relative;\"><noscript><img loading=\"lazy\" decoding=\"async\" width=\"893\" height=\"1090\" src=\"https:\/\/flawlesshair.com\/wp-content\/uploads\/2023\/04\/54.-asymmetrical-medium-bob.jpg\" alt=\"bob m\u00e9dio assim\u00e9trico\" class=\"wp-image-33343\" srcset=\"https:\/\/flawlesshair.com\/wp-content\/uploads\/2023\/04\/54.-asymmetrical-medium-bob.jpg 893w, https:\/\/flawlesshair.com\/wp-content\/uploads\/2023\/04\/54.-asymmetrical-medium-bob-246x300.jpg 246w, https:\/\/flawlesshair.com\/wp-content\/uploads\/2023\/04\/54.-asymmetrical-medium-bob-768x937.jpg 768w, https:\/\/flawlesshair.com\/wp-content\/uploads\/2023\/04\/54.-asymmetrical-medium-bob-10x12.jpg 10w, https:\/\/flawlesshair.com\/wp-content\/uploads\/2023\/04\/54.-asymmetrical-medium-bob-786x960.jpg 786w, https:\/\/flawlesshair.com\/wp-content\/uploads\/2023\/04\/54.-asymmetrical-medium-bob-885x1080.jpg 885w, https:\/\/flawlesshair.com\/wp-content\/uploads\/2023\/04\/54.-asymmetrical-medium-bob-150x183.jpg 150w\" sizes=\"auto, (max-width: 760px) calc(100vw - 24px), 720px\"><\/noscript><img loading=\"lazy\" decoding=\"async\" width=\"893\" height=\"1090\" src=\"https:\/\/flawlesshair.com\/wp-content\/uploads\/2023\/04\/54.-asymmetrical-medium-bob.jpg\" alt=\"bob m\u00e9dio assim\u00e9trico\" class=\"wp-image-33343 lazyload\" srcset=\"https:\/\/flawlesshair.com\/wp-content\/uploads\/2023\/04\/54.-asymmetrical-medium-bob.jpg 893w, https:\/\/flawlesshair.com\/wp-content\/uploads\/2023\/04\/54.-asymmetrical-medium-bob-246x300.jpg 246w, https:\/\/flawlesshair.com\/wp-content\/uploads\/2023\/04\/54.-asymmetrical-medium-bob-768x937.jpg 768w, https:\/\/flawlesshair.com\/wp-content\/uploads\/2023\/04\/54.-asymmetrical-medium-bob-10x12.jpg 10w, https:\/\/flawlesshair.com\/wp-content\/uploads\/2023\/04\/54.-asymmetrical-medium-bob-786x960.jpg 786w, https:\/\/flawlesshair.com\/wp-content\/uploads\/2023\/04\/54.-asymmetrical-medium-bob-885x1080.jpg 885w, https:\/\/flawlesshair.com\/wp-content\/uploads\/2023\/04\/54.-asymmetrical-medium-bob-150x183.jpg 150w\" sizes=\"auto, (max-width: 760px) calc(100vw - 24px), 720px\" data-pin-media=\"https:\/\/flawlesshair.com\/wp-content\/uploads\/2023\/04\/54.-asymmetrical-medium-bob.jpg\" id=\"mv-trellis-img-54\" data-trellis-processed=\"1\"><div style=\"position: absolute; top: 0.5rem; right: 0.75rem;\"> <a href=\"https:\/\/www.pinterest.com\/pin\/create\/button\/\" data-pin-do=\"buttonPin\" data-pin-tall=\"true\" data-pin-url=\"https:\/\/flawlesshair.com\/pt\/bob-assimetrico\/\" data-pin-media=\"https:\/\/flawlesshair.com\/wp-content\/uploads\/2023\/04\/54.-asymmetrical-medium-bob.jpg\" data-pin-description=\"60 Asymmetrical Bob Haircuts Making A Comeback In 2025\" rel=\"nofollow noopener\" target=\"_blank\"> <\/a><\/div><\/div><figcaption class=\"wp-element-caption\"><a href=\"https:\/\/www.instagram.com\/hair.by.maura\" target=\"_blank\" rel=\"noreferrer noopener nofollow\">@hair.by.maura<\/a><\/figcaption><\/figure>\n\n\n\n<p>Por mais casual que seja o seu bob assim\u00e9trico, ser\u00e1 sempre, pelo menos, um pouco ousado - este corte enganadoramente simples \u00e9 f\u00e1cil, mas definitivamente elegante.<\/p>\n\n\n\n<h2 class=\"wp-block-heading\">55. Bob assim\u00e9trico sem corte<\/h2>\n\n\n\n<figure class=\"wp-block-image size-full\"><div style=\"position: relative;\"><noscript><img loading=\"lazy\" decoding=\"async\" width=\"1080\" height=\"1080\" src=\"https:\/\/flawlesshair.com\/wp-content\/uploads\/2023\/04\/55.-blunt-asymmetrical-bob.jpg\" alt=\"bob assim\u00e9trico sem corte\" class=\"wp-image-33344\" srcset=\"https:\/\/flawlesshair.com\/wp-content\/uploads\/2023\/04\/55.-blunt-asymmetrical-bob.jpg 1080w, https:\/\/flawlesshair.com\/wp-content\/uploads\/2023\/04\/55.-blunt-asymmetrical-bob-300x300.jpg 300w, https:\/\/flawlesshair.com\/wp-content\/uploads\/2023\/04\/55.-blunt-asymmetrical-bob-150x150.jpg 150w, https:\/\/flawlesshair.com\/wp-content\/uploads\/2023\/04\/55.-blunt-asymmetrical-bob-768x768.jpg 768w, https:\/\/flawlesshair.com\/wp-content\/uploads\/2023\/04\/55.-blunt-asymmetrical-bob-12x12.jpg 12w, https:\/\/flawlesshair.com\/wp-content\/uploads\/2023\/04\/55.-blunt-asymmetrical-bob-728x728.jpg 728w, https:\/\/flawlesshair.com\/wp-content\/uploads\/2023\/04\/55.-blunt-asymmetrical-bob-960x960.jpg 960w, https:\/\/flawlesshair.com\/wp-content\/uploads\/2023\/04\/55.-blunt-asymmetrical-bob-96x96.jpg 96w\" sizes=\"auto, (max-width: 760px) calc(100vw - 24px), 720px\"><\/noscript><img loading=\"lazy\" decoding=\"async\" width=\"1080\" height=\"1080\" src=\"https:\/\/flawlesshair.com\/wp-content\/uploads\/2023\/04\/55.-blunt-asymmetrical-bob.jpg\" alt=\"bob assim\u00e9trico sem corte\" class=\"wp-image-33344 lazyload\" srcset=\"https:\/\/flawlesshair.com\/wp-content\/uploads\/2023\/04\/55.-blunt-asymmetrical-bob.jpg 1080w, https:\/\/flawlesshair.com\/wp-content\/uploads\/2023\/04\/55.-blunt-asymmetrical-bob-300x300.jpg 300w, https:\/\/flawlesshair.com\/wp-content\/uploads\/2023\/04\/55.-blunt-asymmetrical-bob-150x150.jpg 150w, https:\/\/flawlesshair.com\/wp-content\/uploads\/2023\/04\/55.-blunt-asymmetrical-bob-768x768.jpg 768w, https:\/\/flawlesshair.com\/wp-content\/uploads\/2023\/04\/55.-blunt-asymmetrical-bob-12x12.jpg 12w, https:\/\/flawlesshair.com\/wp-content\/uploads\/2023\/04\/55.-blunt-asymmetrical-bob-728x728.jpg 728w, https:\/\/flawlesshair.com\/wp-content\/uploads\/2023\/04\/55.-blunt-asymmetrical-bob-960x960.jpg 960w, https:\/\/flawlesshair.com\/wp-content\/uploads\/2023\/04\/55.-blunt-asymmetrical-bob-96x96.jpg 96w\" sizes=\"auto, (max-width: 760px) calc(100vw - 24px), 720px\" data-pin-media=\"https:\/\/flawlesshair.com\/wp-content\/uploads\/2023\/04\/55.-blunt-asymmetrical-bob.jpg\" id=\"mv-trellis-img-55\" data-trellis-processed=\"1\"><div style=\"position: absolute; top: 0.5rem; right: 0.75rem;\"> <a href=\"https:\/\/www.pinterest.com\/pin\/create\/button\/\" data-pin-do=\"buttonPin\" data-pin-tall=\"true\" data-pin-url=\"https:\/\/flawlesshair.com\/pt\/bob-assimetrico\/\" data-pin-media=\"https:\/\/flawlesshair.com\/wp-content\/uploads\/2023\/04\/55.-blunt-asymmetrical-bob.jpg\" data-pin-description=\"60 Asymmetrical Bob Haircuts Making A Comeback In 2025\" rel=\"nofollow noopener\" target=\"_blank\"> <\/a><\/div><\/div><figcaption class=\"wp-element-caption\"><a href=\"https:\/\/www.instagram.com\/styled_by_carolynn\" target=\"_blank\" rel=\"noreferrer noopener nofollow\">@styled_by_carolynn<\/a><\/figcaption><\/figure>\n\n\n\n<p>Cortada, volumosa e rica em textura de peda\u00e7os, esta <a href=\"https:\/\/flawlesshair.com\/pt\/corte-bob-sem-corte\/\">corte bob sem corte<\/a> \u00e9 a defini\u00e7\u00e3o de sem esfor\u00e7o. Pode us\u00e1-lo ao natural ou com um estilo mais pesado - vai ficar bem de qualquer maneira.<\/p>\n\n\n\n<h2 class=\"wp-block-heading\">56. Bob assim\u00e9trico empilhado com franja lateral<\/h2>\n\n\n\n<figure class=\"wp-block-image size-full\"><div style=\"position: relative;\"><noscript><img loading=\"lazy\" decoding=\"async\" width=\"1080\" height=\"1091\" src=\"https:\/\/flawlesshair.com\/wp-content\/uploads\/2023\/04\/56.-asymmetrical-stacked-bob-with-side-bangs.jpg\" alt=\"bob assim\u00e9trico empilhado com franja lateral\" class=\"wp-image-33345\" srcset=\"https:\/\/flawlesshair.com\/wp-content\/uploads\/2023\/04\/56.-asymmetrical-stacked-bob-with-side-bangs.jpg 1080w, https:\/\/flawlesshair.com\/wp-content\/uploads\/2023\/04\/56.-asymmetrical-stacked-bob-with-side-bangs-297x300.jpg 297w, https:\/\/flawlesshair.com\/wp-content\/uploads\/2023\/04\/56.-asymmetrical-stacked-bob-with-side-bangs-768x776.jpg 768w, https:\/\/flawlesshair.com\/wp-content\/uploads\/2023\/04\/56.-asymmetrical-stacked-bob-with-side-bangs-12x12.jpg 12w, https:\/\/flawlesshair.com\/wp-content\/uploads\/2023\/04\/56.-asymmetrical-stacked-bob-with-side-bangs-950x960.jpg 950w, https:\/\/flawlesshair.com\/wp-content\/uploads\/2023\/04\/56.-asymmetrical-stacked-bob-with-side-bangs-1069x1080.jpg 1069w, https:\/\/flawlesshair.com\/wp-content\/uploads\/2023\/04\/56.-asymmetrical-stacked-bob-with-side-bangs-96x96.jpg 96w, https:\/\/flawlesshair.com\/wp-content\/uploads\/2023\/04\/56.-asymmetrical-stacked-bob-with-side-bangs-150x152.jpg 150w\" sizes=\"auto, (max-width: 760px) calc(100vw - 24px), 720px\"><\/noscript><img loading=\"lazy\" decoding=\"async\" width=\"1080\" height=\"1091\" src=\"https:\/\/flawlesshair.com\/wp-content\/uploads\/2023\/04\/56.-asymmetrical-stacked-bob-with-side-bangs.jpg\" alt=\"bob assim\u00e9trico empilhado com franja lateral\" class=\"wp-image-33345 lazyload\" srcset=\"https:\/\/flawlesshair.com\/wp-content\/uploads\/2023\/04\/56.-asymmetrical-stacked-bob-with-side-bangs.jpg 1080w, https:\/\/flawlesshair.com\/wp-content\/uploads\/2023\/04\/56.-asymmetrical-stacked-bob-with-side-bangs-297x300.jpg 297w, https:\/\/flawlesshair.com\/wp-content\/uploads\/2023\/04\/56.-asymmetrical-stacked-bob-with-side-bangs-768x776.jpg 768w, https:\/\/flawlesshair.com\/wp-content\/uploads\/2023\/04\/56.-asymmetrical-stacked-bob-with-side-bangs-12x12.jpg 12w, https:\/\/flawlesshair.com\/wp-content\/uploads\/2023\/04\/56.-asymmetrical-stacked-bob-with-side-bangs-950x960.jpg 950w, https:\/\/flawlesshair.com\/wp-content\/uploads\/2023\/04\/56.-asymmetrical-stacked-bob-with-side-bangs-1069x1080.jpg 1069w, https:\/\/flawlesshair.com\/wp-content\/uploads\/2023\/04\/56.-asymmetrical-stacked-bob-with-side-bangs-96x96.jpg 96w, https:\/\/flawlesshair.com\/wp-content\/uploads\/2023\/04\/56.-asymmetrical-stacked-bob-with-side-bangs-150x152.jpg 150w\" sizes=\"auto, (max-width: 760px) calc(100vw - 24px), 720px\" data-pin-media=\"https:\/\/flawlesshair.com\/wp-content\/uploads\/2023\/04\/56.-asymmetrical-stacked-bob-with-side-bangs.jpg\" id=\"mv-trellis-img-56\" data-trellis-processed=\"1\"><div style=\"position: absolute; top: 0.5rem; right: 0.75rem;\"> <a href=\"https:\/\/www.pinterest.com\/pin\/create\/button\/\" data-pin-do=\"buttonPin\" data-pin-tall=\"true\" data-pin-url=\"https:\/\/flawlesshair.com\/pt\/bob-assimetrico\/\" data-pin-media=\"https:\/\/flawlesshair.com\/wp-content\/uploads\/2023\/04\/56.-asymmetrical-stacked-bob-with-side-bangs.jpg\" data-pin-description=\"60 Asymmetrical Bob Haircuts Making A Comeback In 2025\" rel=\"nofollow noopener\" target=\"_blank\"> <\/a><\/div><\/div><figcaption class=\"wp-element-caption\"><a href=\"https:\/\/www.instagram.com\/hairbossross\" target=\"_blank\" rel=\"noreferrer noopener nofollow\">@hairbossross<\/a><\/figcaption><\/figure>\n\n\n\n<p>O bob assim\u00e9trico pode ser super arrojado e super cl\u00e1ssico, mas estas madeixas toc\u00e1veis e uma cor ador\u00e1vel e suave mostram que tamb\u00e9m pode ser super suave.<\/p>\n\n\n\n<h2 class=\"wp-block-heading\">57. Bob assim\u00e9trico com franja e corte inferior<\/h2>\n\n\n\n<figure class=\"wp-block-image size-full\"><div style=\"position: relative;\"><noscript><img loading=\"lazy\" decoding=\"async\" width=\"1080\" height=\"1346\" src=\"https:\/\/flawlesshair.com\/wp-content\/uploads\/2023\/04\/57.-undercut-asymmetrical-bob-with-bangs.jpg\" alt=\"corte inferior assim\u00e9trico com franja\" class=\"wp-image-33346\" srcset=\"https:\/\/flawlesshair.com\/wp-content\/uploads\/2023\/04\/57.-undercut-asymmetrical-bob-with-bangs.jpg 1080w, https:\/\/flawlesshair.com\/wp-content\/uploads\/2023\/04\/57.-undercut-asymmetrical-bob-with-bangs-241x300.jpg 241w, https:\/\/flawlesshair.com\/wp-content\/uploads\/2023\/04\/57.-undercut-asymmetrical-bob-with-bangs-768x957.jpg 768w, https:\/\/flawlesshair.com\/wp-content\/uploads\/2023\/04\/57.-undercut-asymmetrical-bob-with-bangs-10x12.jpg 10w, https:\/\/flawlesshair.com\/wp-content\/uploads\/2023\/04\/57.-undercut-asymmetrical-bob-with-bangs-770x960.jpg 770w, https:\/\/flawlesshair.com\/wp-content\/uploads\/2023\/04\/57.-undercut-asymmetrical-bob-with-bangs-867x1080.jpg 867w, https:\/\/flawlesshair.com\/wp-content\/uploads\/2023\/04\/57.-undercut-asymmetrical-bob-with-bangs-963x1200.jpg 963w, https:\/\/flawlesshair.com\/wp-content\/uploads\/2023\/04\/57.-undercut-asymmetrical-bob-with-bangs-150x187.jpg 150w\" sizes=\"auto, (max-width: 760px) calc(100vw - 24px), 720px\"><\/noscript><img loading=\"lazy\" decoding=\"async\" width=\"1080\" height=\"1346\" src=\"https:\/\/flawlesshair.com\/wp-content\/uploads\/2023\/04\/57.-undercut-asymmetrical-bob-with-bangs.jpg\" alt=\"corte inferior assim\u00e9trico com franja\" class=\"wp-image-33346 lazyload\" srcset=\"https:\/\/flawlesshair.com\/wp-content\/uploads\/2023\/04\/57.-undercut-asymmetrical-bob-with-bangs.jpg 1080w, https:\/\/flawlesshair.com\/wp-content\/uploads\/2023\/04\/57.-undercut-asymmetrical-bob-with-bangs-241x300.jpg 241w, https:\/\/flawlesshair.com\/wp-content\/uploads\/2023\/04\/57.-undercut-asymmetrical-bob-with-bangs-768x957.jpg 768w, https:\/\/flawlesshair.com\/wp-content\/uploads\/2023\/04\/57.-undercut-asymmetrical-bob-with-bangs-10x12.jpg 10w, https:\/\/flawlesshair.com\/wp-content\/uploads\/2023\/04\/57.-undercut-asymmetrical-bob-with-bangs-770x960.jpg 770w, https:\/\/flawlesshair.com\/wp-content\/uploads\/2023\/04\/57.-undercut-asymmetrical-bob-with-bangs-867x1080.jpg 867w, https:\/\/flawlesshair.com\/wp-content\/uploads\/2023\/04\/57.-undercut-asymmetrical-bob-with-bangs-963x1200.jpg 963w, https:\/\/flawlesshair.com\/wp-content\/uploads\/2023\/04\/57.-undercut-asymmetrical-bob-with-bangs-150x187.jpg 150w\" sizes=\"auto, (max-width: 760px) calc(100vw - 24px), 720px\" data-pin-media=\"https:\/\/flawlesshair.com\/wp-content\/uploads\/2023\/04\/57.-undercut-asymmetrical-bob-with-bangs.jpg\" id=\"mv-trellis-img-57\" data-trellis-processed=\"1\"><div style=\"position: absolute; top: 0.5rem; right: 0.75rem;\"> <a href=\"https:\/\/www.pinterest.com\/pin\/create\/button\/\" data-pin-do=\"buttonPin\" data-pin-tall=\"true\" data-pin-url=\"https:\/\/flawlesshair.com\/pt\/bob-assimetrico\/\" data-pin-media=\"https:\/\/flawlesshair.com\/wp-content\/uploads\/2023\/04\/57.-undercut-asymmetrical-bob-with-bangs.jpg\" data-pin-description=\"60 Asymmetrical Bob Haircuts Making A Comeback In 2025\" rel=\"nofollow noopener\" target=\"_blank\"> <\/a><\/div><\/div><figcaption class=\"wp-element-caption\"><a href=\"https:\/\/www.instagram.com\/micashairhaus\" target=\"_blank\" rel=\"noreferrer noopener nofollow\">@micashairhaus<\/a><\/figcaption><\/figure>\n\n\n\n<p>O contorno do bob n\u00e3o \u00e9 a \u00fanica parte assim\u00e9trica deste <a href=\"https:\/\/flawlesshair.com\/pt\/corte-curto-com-franja-2\/\">corte curto com franja<\/a>A franja inclinada confere um outro n\u00edvel de interesse visual.<\/p>\n\n\n\n<h2 class=\"wp-block-heading\">58. Corte de Cabelo Assim\u00e9trico Edgy de Comprimento M\u00e9dio<\/h2>\n\n\n\n<figure class=\"wp-block-image size-full is-resized\"><div style=\"position: relative;\"><noscript><img loading=\"lazy\" decoding=\"async\" width=\"1080\" height=\"1350\" src=\"https:\/\/flawlesshair.com\/wp-content\/uploads\/2023\/04\/58.-medium-length-edgy-asymmetrical-haircut.jpg\" alt=\"corte de cabelo assim\u00e9trico de comprimento m\u00e9dio e arrojado\" class=\"wp-image-33347\" style=\"width:819px;height:1024px\" srcset=\"https:\/\/flawlesshair.com\/wp-content\/uploads\/2023\/04\/58.-medium-length-edgy-asymmetrical-haircut.jpg 1080w, https:\/\/flawlesshair.com\/wp-content\/uploads\/2023\/04\/58.-medium-length-edgy-asymmetrical-haircut-240x300.jpg 240w, https:\/\/flawlesshair.com\/wp-content\/uploads\/2023\/04\/58.-medium-length-edgy-asymmetrical-haircut-768x960.jpg 768w, https:\/\/flawlesshair.com\/wp-content\/uploads\/2023\/04\/58.-medium-length-edgy-asymmetrical-haircut-10x12.jpg 10w, https:\/\/flawlesshair.com\/wp-content\/uploads\/2023\/04\/58.-medium-length-edgy-asymmetrical-haircut-864x1080.jpg 864w, https:\/\/flawlesshair.com\/wp-content\/uploads\/2023\/04\/58.-medium-length-edgy-asymmetrical-haircut-960x1200.jpg 960w, https:\/\/flawlesshair.com\/wp-content\/uploads\/2023\/04\/58.-medium-length-edgy-asymmetrical-haircut-150x188.jpg 150w\" sizes=\"auto, (max-width: 760px) calc(100vw - 24px), 720px\"><\/noscript><img loading=\"lazy\" decoding=\"async\" width=\"1080\" height=\"1350\" src=\"https:\/\/flawlesshair.com\/wp-content\/uploads\/2023\/04\/58.-medium-length-edgy-asymmetrical-haircut.jpg\" alt=\"corte de cabelo assim\u00e9trico de comprimento m\u00e9dio e arrojado\" class=\"wp-image-33347 lazyload\" style=\"width:819px;height:1024px\" srcset=\"https:\/\/flawlesshair.com\/wp-content\/uploads\/2023\/04\/58.-medium-length-edgy-asymmetrical-haircut.jpg 1080w, https:\/\/flawlesshair.com\/wp-content\/uploads\/2023\/04\/58.-medium-length-edgy-asymmetrical-haircut-240x300.jpg 240w, https:\/\/flawlesshair.com\/wp-content\/uploads\/2023\/04\/58.-medium-length-edgy-asymmetrical-haircut-768x960.jpg 768w, https:\/\/flawlesshair.com\/wp-content\/uploads\/2023\/04\/58.-medium-length-edgy-asymmetrical-haircut-10x12.jpg 10w, https:\/\/flawlesshair.com\/wp-content\/uploads\/2023\/04\/58.-medium-length-edgy-asymmetrical-haircut-864x1080.jpg 864w, https:\/\/flawlesshair.com\/wp-content\/uploads\/2023\/04\/58.-medium-length-edgy-asymmetrical-haircut-960x1200.jpg 960w, https:\/\/flawlesshair.com\/wp-content\/uploads\/2023\/04\/58.-medium-length-edgy-asymmetrical-haircut-150x188.jpg 150w\" sizes=\"auto, (max-width: 760px) calc(100vw - 24px), 720px\" data-pin-media=\"https:\/\/flawlesshair.com\/wp-content\/uploads\/2023\/04\/58.-medium-length-edgy-asymmetrical-haircut.jpg\" id=\"mv-trellis-img-58\" data-trellis-processed=\"1\"><div style=\"position: absolute; top: 0.5rem; right: 0.75rem;\"> <a href=\"https:\/\/www.pinterest.com\/pin\/create\/button\/\" data-pin-do=\"buttonPin\" data-pin-tall=\"true\" data-pin-url=\"https:\/\/flawlesshair.com\/pt\/bob-assimetrico\/\" data-pin-media=\"https:\/\/flawlesshair.com\/wp-content\/uploads\/2023\/04\/58.-medium-length-edgy-asymmetrical-haircut.jpg\" data-pin-description=\"60 Asymmetrical Bob Haircuts Making A Comeback In 2025\" rel=\"nofollow noopener\" target=\"_blank\"> <\/a><\/div><\/div><figcaption class=\"wp-element-caption\"><a href=\"https:\/\/www.instagram.com\/marisasalazar_\" target=\"_blank\" rel=\"noreferrer noopener nofollow\">@marisasalazar_<\/a><\/figcaption><\/figure>\n\n\n\n<p>A combina\u00e7\u00e3o de assimetria dram\u00e1tica e um tom violeta profundo parece menos ousada do que parece, gra\u00e7as ao estilo: ondas suaves de praia tornam tudo mais rom\u00e2ntico.<\/p>\n\n\n\n<h2 class=\"wp-block-heading\">59. Bob assim\u00e9trico empilhado<\/h2>\n\n\n\n<figure class=\"wp-block-image size-full\"><div style=\"position: relative;\"><noscript><img loading=\"lazy\" decoding=\"async\" width=\"1080\" height=\"1350\" src=\"https:\/\/flawlesshair.com\/wp-content\/uploads\/2023\/04\/59.-asymmetrical-stacked-bob.jpg\" alt=\"bob assim\u00e9trico empilhado\" class=\"wp-image-33348\" srcset=\"https:\/\/flawlesshair.com\/wp-content\/uploads\/2023\/04\/59.-asymmetrical-stacked-bob.jpg 1080w, https:\/\/flawlesshair.com\/wp-content\/uploads\/2023\/04\/59.-asymmetrical-stacked-bob-240x300.jpg 240w, https:\/\/flawlesshair.com\/wp-content\/uploads\/2023\/04\/59.-asymmetrical-stacked-bob-768x960.jpg 768w, https:\/\/flawlesshair.com\/wp-content\/uploads\/2023\/04\/59.-asymmetrical-stacked-bob-10x12.jpg 10w, https:\/\/flawlesshair.com\/wp-content\/uploads\/2023\/04\/59.-asymmetrical-stacked-bob-864x1080.jpg 864w, https:\/\/flawlesshair.com\/wp-content\/uploads\/2023\/04\/59.-asymmetrical-stacked-bob-960x1200.jpg 960w, https:\/\/flawlesshair.com\/wp-content\/uploads\/2023\/04\/59.-asymmetrical-stacked-bob-150x188.jpg 150w\" sizes=\"auto, (max-width: 760px) calc(100vw - 24px), 720px\"><\/noscript><img loading=\"lazy\" decoding=\"async\" width=\"1080\" height=\"1350\" src=\"https:\/\/flawlesshair.com\/wp-content\/uploads\/2023\/04\/59.-asymmetrical-stacked-bob.jpg\" alt=\"bob assim\u00e9trico empilhado\" class=\"wp-image-33348 lazyload\" srcset=\"https:\/\/flawlesshair.com\/wp-content\/uploads\/2023\/04\/59.-asymmetrical-stacked-bob.jpg 1080w, https:\/\/flawlesshair.com\/wp-content\/uploads\/2023\/04\/59.-asymmetrical-stacked-bob-240x300.jpg 240w, https:\/\/flawlesshair.com\/wp-content\/uploads\/2023\/04\/59.-asymmetrical-stacked-bob-768x960.jpg 768w, https:\/\/flawlesshair.com\/wp-content\/uploads\/2023\/04\/59.-asymmetrical-stacked-bob-10x12.jpg 10w, https:\/\/flawlesshair.com\/wp-content\/uploads\/2023\/04\/59.-asymmetrical-stacked-bob-864x1080.jpg 864w, https:\/\/flawlesshair.com\/wp-content\/uploads\/2023\/04\/59.-asymmetrical-stacked-bob-960x1200.jpg 960w, https:\/\/flawlesshair.com\/wp-content\/uploads\/2023\/04\/59.-asymmetrical-stacked-bob-150x188.jpg 150w\" sizes=\"auto, (max-width: 760px) calc(100vw - 24px), 720px\" data-pin-media=\"https:\/\/flawlesshair.com\/wp-content\/uploads\/2023\/04\/59.-asymmetrical-stacked-bob.jpg\" id=\"mv-trellis-img-59\" data-trellis-processed=\"1\"><div style=\"position: absolute; top: 0.5rem; right: 0.75rem;\"> <a href=\"https:\/\/www.pinterest.com\/pin\/create\/button\/\" data-pin-do=\"buttonPin\" data-pin-tall=\"true\" data-pin-url=\"https:\/\/flawlesshair.com\/pt\/bob-assimetrico\/\" data-pin-media=\"https:\/\/flawlesshair.com\/wp-content\/uploads\/2023\/04\/59.-asymmetrical-stacked-bob.jpg\" data-pin-description=\"60 Asymmetrical Bob Haircuts Making A Comeback In 2025\" rel=\"nofollow noopener\" target=\"_blank\"> <\/a><\/div><\/div><figcaption class=\"wp-element-caption\"><a href=\"https:\/\/www.instagram.com\/gerilynghaisarzadeh\" target=\"_blank\" rel=\"noreferrer noopener nofollow\">@gerilynghaisarzadeh<\/a><\/figcaption><\/figure>\n\n\n\n<p>A colora\u00e7\u00e3o complexa conta sempre uma hist\u00f3ria que s\u00f3 fica completa quando o corte a complementa - este bob intrigante n\u00e3o \u00e9 diferente.<\/p>\n\n\n\n<h2 class=\"wp-block-heading\">60. Corte assim\u00e9trico lateral<\/h2>\n\n\n\n<figure class=\"wp-block-image size-full\"><div style=\"position: relative;\"><noscript><img loading=\"lazy\" decoding=\"async\" width=\"1080\" height=\"1286\" src=\"https:\/\/flawlesshair.com\/wp-content\/uploads\/2023\/04\/60.-asymmetrical-side-part-bob.jpg\" alt=\"bob assim\u00e9trico com corte lateral\" class=\"wp-image-33349\" srcset=\"https:\/\/flawlesshair.com\/wp-content\/uploads\/2023\/04\/60.-asymmetrical-side-part-bob.jpg 1080w, https:\/\/flawlesshair.com\/wp-content\/uploads\/2023\/04\/60.-asymmetrical-side-part-bob-252x300.jpg 252w, https:\/\/flawlesshair.com\/wp-content\/uploads\/2023\/04\/60.-asymmetrical-side-part-bob-768x914.jpg 768w, https:\/\/flawlesshair.com\/wp-content\/uploads\/2023\/04\/60.-asymmetrical-side-part-bob-10x12.jpg 10w, https:\/\/flawlesshair.com\/wp-content\/uploads\/2023\/04\/60.-asymmetrical-side-part-bob-806x960.jpg 806w, https:\/\/flawlesshair.com\/wp-content\/uploads\/2023\/04\/60.-asymmetrical-side-part-bob-907x1080.jpg 907w, https:\/\/flawlesshair.com\/wp-content\/uploads\/2023\/04\/60.-asymmetrical-side-part-bob-1008x1200.jpg 1008w, https:\/\/flawlesshair.com\/wp-content\/uploads\/2023\/04\/60.-asymmetrical-side-part-bob-150x179.jpg 150w\" sizes=\"auto, (max-width: 760px) calc(100vw - 24px), 720px\"><\/noscript><img loading=\"lazy\" decoding=\"async\" width=\"1080\" height=\"1286\" src=\"https:\/\/flawlesshair.com\/wp-content\/uploads\/2023\/04\/60.-asymmetrical-side-part-bob.jpg\" alt=\"bob assim\u00e9trico com corte lateral\" class=\"wp-image-33349 lazyload\" srcset=\"https:\/\/flawlesshair.com\/wp-content\/uploads\/2023\/04\/60.-asymmetrical-side-part-bob.jpg 1080w, https:\/\/flawlesshair.com\/wp-content\/uploads\/2023\/04\/60.-asymmetrical-side-part-bob-252x300.jpg 252w, https:\/\/flawlesshair.com\/wp-content\/uploads\/2023\/04\/60.-asymmetrical-side-part-bob-768x914.jpg 768w, https:\/\/flawlesshair.com\/wp-content\/uploads\/2023\/04\/60.-asymmetrical-side-part-bob-10x12.jpg 10w, https:\/\/flawlesshair.com\/wp-content\/uploads\/2023\/04\/60.-asymmetrical-side-part-bob-806x960.jpg 806w, https:\/\/flawlesshair.com\/wp-content\/uploads\/2023\/04\/60.-asymmetrical-side-part-bob-907x1080.jpg 907w, https:\/\/flawlesshair.com\/wp-content\/uploads\/2023\/04\/60.-asymmetrical-side-part-bob-1008x1200.jpg 1008w, https:\/\/flawlesshair.com\/wp-content\/uploads\/2023\/04\/60.-asymmetrical-side-part-bob-150x179.jpg 150w\" sizes=\"auto, (max-width: 760px) calc(100vw - 24px), 720px\" data-pin-media=\"https:\/\/flawlesshair.com\/wp-content\/uploads\/2023\/04\/60.-asymmetrical-side-part-bob.jpg\" id=\"mv-trellis-img-60\" data-trellis-processed=\"1\"><div style=\"position: absolute; top: 0.5rem; right: 0.75rem;\"> <a href=\"https:\/\/www.pinterest.com\/pin\/create\/button\/\" data-pin-do=\"buttonPin\" data-pin-tall=\"true\" data-pin-url=\"https:\/\/flawlesshair.com\/pt\/bob-assimetrico\/\" data-pin-media=\"https:\/\/flawlesshair.com\/wp-content\/uploads\/2023\/04\/60.-asymmetrical-side-part-bob.jpg\" data-pin-description=\"60 Asymmetrical Bob Haircuts Making A Comeback In 2025\" rel=\"nofollow noopener\" target=\"_blank\"> <\/a><\/div><\/div><figcaption class=\"wp-element-caption\"><a href=\"https:\/\/www.instagram.com\/hairbymarta414\" target=\"_blank\" rel=\"noreferrer noopener nofollow\">@hairbymarta414<\/a><\/figcaption><\/figure>\n\n\n\n<p>A franja comprida rouba o foco ao contorno irregular e \u00e0 assimetria - empurre-a para tr\u00e1s ou coloque-a atr\u00e1s da orelha para dar a volta \u00e0 situa\u00e7\u00e3o.<\/p>","protected":false},"excerpt":{"rendered":"<p>Preparada para um corte de cabelo f\u00e1cil que \u00e9 tudo menos vulgar? O bob assim\u00e9trico est\u00e1 a regressar, com formas que v\u00e3o do sofisticado ao atrevido. O corte assim\u00e9trico ...<\/p>","protected":false},"author":5,"featured_media":33351,"comment_status":"closed","ping_status":"closed","sticky":false,"template":"","format":"standard","meta":{"syndication_tool_enabled":true,"syndication_tool_title":"","syndication_tool_excerpt":"","syndication_tool_featured_image":0,"syndication_tool_publish_date":"","syndication_tool_schema_types":["gallery"],"syndication_tool_backlink_enable":false,"syndication_tool_ai_disclosure_enable":false,"disable-in-feed":false,"article-schema-type":"","disable-critical-css":false,"footnotes":""},"categories":[35],"tags":[],"class_list":["post-11668","post","type-post","status-publish","format-standard","has-post-thumbnail","hentry","category-bob"],"_links":{"self":[{"href":"https:\/\/flawlesshair.com\/pt\/wp-json\/wp\/v2\/posts\/11668","targetHints":{"allow":["GET"]}}],"collection":[{"href":"https:\/\/flawlesshair.com\/pt\/wp-json\/wp\/v2\/posts"}],"about":[{"href":"https:\/\/flawlesshair.com\/pt\/wp-json\/wp\/v2\/types\/post"}],"author":[{"embeddable":true,"href":"https:\/\/flawlesshair.com\/pt\/wp-json\/wp\/v2\/users\/5"}],"replies":[{"embeddable":true,"href":"https:\/\/flawlesshair.com\/pt\/wp-json\/wp\/v2\/comments?post=11668"}],"version-history":[{"count":0,"href":"https:\/\/flawlesshair.com\/pt\/wp-json\/wp\/v2\/posts\/11668\/revisions"}],"wp:featuredmedia":[{"embeddable":true,"href":"https:\/\/flawlesshair.com\/pt\/wp-json\/wp\/v2\/media\/33351"}],"wp:attachment":[{"href":"https:\/\/flawlesshair.com\/pt\/wp-json\/wp\/v2\/media?parent=11668"}],"wp:term":[{"taxonomy":"category","embeddable":true,"href":"https:\/\/flawlesshair.com\/pt\/wp-json\/wp\/v2\/categories?post=11668"},{"taxonomy":"post_tag","embeddable":true,"href":"https:\/\/flawlesshair.com\/pt\/wp-json\/wp\/v2\/tags?post=11668"}],"curies":[{"name":"wp","href":"https:\/\/api.w.org\/{rel}","templated":true}]}}