{"id":127665,"date":"2025-04-07T16:00:00","date_gmt":"2025-04-07T14:00:00","guid":{"rendered":"https:\/\/flawlesshair.com\/?p=127665"},"modified":"2025-04-04T13:17:13","modified_gmt":"2025-04-04T11:17:13","slug":"cortes-de-cabelo-para-rosto-redondo-2","status":"publish","type":"post","link":"https:\/\/flawlesshair.com\/pt\/cortes-de-cabelo-para-rosto-redondo-2\/","title":{"rendered":"Want To Add Angles? These 2025 Styles Were Made For Round Faces"},"content":{"rendered":"<style>img#mv-trellis-img-1::before{padding-top:125%; }img#mv-trellis-img-1{display:block;}img#mv-trellis-img-2::before{padding-top:100%; }img#mv-trellis-img-2{display:block;}img#mv-trellis-img-3::before{padding-top:100%; }img#mv-trellis-img-3{display:block;}img#mv-trellis-img-4::before{padding-top:100%; }img#mv-trellis-img-4{display:block;}img#mv-trellis-img-5::before{padding-top:100%; }img#mv-trellis-img-5{display:block;}img#mv-trellis-img-6::before{padding-top:100%; }img#mv-trellis-img-6{display:block;}img#mv-trellis-img-7::before{padding-top:100%; }img#mv-trellis-img-7{display:block;}img#mv-trellis-img-8::before{padding-top:100%; }img#mv-trellis-img-8{display:block;}img#mv-trellis-img-9::before{padding-top:100%; }img#mv-trellis-img-9{display:block;}img#mv-trellis-img-10::before{padding-top:100%; }img#mv-trellis-img-10{display:block;}img#mv-trellis-img-11::before{padding-top:100%; }img#mv-trellis-img-11{display:block;}img#mv-trellis-img-12::before{padding-top:100%; }img#mv-trellis-img-12{display:block;}img#mv-trellis-img-13::before{padding-top:100%; }img#mv-trellis-img-13{display:block;}img#mv-trellis-img-14::before{padding-top:100%; }img#mv-trellis-img-14{display:block;}img#mv-trellis-img-15::before{padding-top:100%; }img#mv-trellis-img-15{display:block;}img#mv-trellis-img-16::before{padding-top:100%; }img#mv-trellis-img-16{display:block;}img#mv-trellis-img-17::before{padding-top:100%; }img#mv-trellis-img-17{display:block;}img#mv-trellis-img-18::before{padding-top:100%; }img#mv-trellis-img-18{display:block;}img#mv-trellis-img-19::before{padding-top:100%; }img#mv-trellis-img-19{display:block;}img#mv-trellis-img-20::before{padding-top:100%; }img#mv-trellis-img-20{display:block;}img#mv-trellis-img-21::before{padding-top:100%; }img#mv-trellis-img-21{display:block;}img#mv-trellis-img-22::before{padding-top:100%; }img#mv-trellis-img-22{display:block;}img#mv-trellis-img-23::before{padding-top:100%; }img#mv-trellis-img-23{display:block;}img#mv-trellis-img-24::before{padding-top:100%; }img#mv-trellis-img-24{display:block;}img#mv-trellis-img-25::before{padding-top:100%; }img#mv-trellis-img-25{display:block;}img#mv-trellis-img-26::before{padding-top:100%; }img#mv-trellis-img-26{display:block;}img#mv-trellis-img-27::before{padding-top:100%; }img#mv-trellis-img-27{display:block;}img#mv-trellis-img-28::before{padding-top:100%; }img#mv-trellis-img-28{display:block;}img#mv-trellis-img-29::before{padding-top:100%; }img#mv-trellis-img-29{display:block;}img#mv-trellis-img-30::before{padding-top:100%; }img#mv-trellis-img-30{display:block;}img#mv-trellis-img-31::before{padding-top:100%; }img#mv-trellis-img-31{display:block;}img#mv-trellis-img-32::before{padding-top:100%; }img#mv-trellis-img-32{display:block;}img#mv-trellis-img-33::before{padding-top:100%; }img#mv-trellis-img-33{display:block;}img#mv-trellis-img-34::before{padding-top:100%; }img#mv-trellis-img-34{display:block;}img#mv-trellis-img-35::before{padding-top:100%; }img#mv-trellis-img-35{display:block;}img#mv-trellis-img-36::before{padding-top:100%; }img#mv-trellis-img-36{display:block;}img#mv-trellis-img-37::before{padding-top:100%; }img#mv-trellis-img-37{display:block;}<\/style>\n<p>If you&rsquo;ve got a round face, the right haircut can totally elevate your features. These looks play with length, angles, and volume to add structure and style&mdash;so you can feel confident, chic, and totally you.<\/p>\n\n\n\n<h2 class=\"wp-block-heading\">1. Camadas do enquadramento facial<\/h2>\n\n\n\n<figure class=\"wp-block-image size-full\"><div style=\"position: relative;\"><noscript><img loading=\"lazy\" decoding=\"async\" width=\"1440\" height=\"1800\" src=\"https:\/\/flawlesshair.com\/wp-content\/uploads\/2025\/02\/face-framing-layers-21.jpg\" alt=\"\" class=\"wp-image-169644\" srcset=\"https:\/\/flawlesshair.com\/wp-content\/uploads\/2025\/02\/face-framing-layers-21.jpg 1440w, https:\/\/flawlesshair.com\/wp-content\/uploads\/2025\/02\/face-framing-layers-21-240x300.jpg 240w, https:\/\/flawlesshair.com\/wp-content\/uploads\/2025\/02\/face-framing-layers-21-768x960.jpg 768w, https:\/\/flawlesshair.com\/wp-content\/uploads\/2025\/02\/face-framing-layers-21-10x12.jpg 10w, https:\/\/flawlesshair.com\/wp-content\/uploads\/2025\/02\/face-framing-layers-21-864x1080.jpg 864w, https:\/\/flawlesshair.com\/wp-content\/uploads\/2025\/02\/face-framing-layers-21-960x1200.jpg 960w\" sizes=\"auto, (max-width: 760px) calc(100vw - 24px), 720px\"><\/noscript><img loading=\"eager\" decoding=\"async\" width=\"1440\" height=\"1800\" src=\"data:image\/svg+xml,%3Csvg%20xmlns='http:\/\/www.w3.org\/2000\/svg'%20viewBox='0%200%201440%201800'%3E%3Crect%20width='1440'%20height='1800'%20style='fill:%23e3e3e3'\/%3E%3C\/svg%3E\" alt=\"\" class=\"wp-image-169644 eager-load\" sizes=\"auto, (max-width: 760px) calc(100vw - 24px), 720px\" data-pin-media=\"https:\/\/flawlesshair.com\/wp-content\/uploads\/2025\/02\/face-framing-layers-21.jpg\" id=\"mv-trellis-img-1\" data-src=\"https:\/\/flawlesshair.com\/wp-content\/uploads\/2025\/02\/face-framing-layers-21.jpg\" data-srcset=\"https:\/\/flawlesshair.com\/wp-content\/uploads\/2025\/02\/face-framing-layers-21.jpg 1440w, https:\/\/flawlesshair.com\/wp-content\/uploads\/2025\/02\/face-framing-layers-21-240x300.jpg 240w, https:\/\/flawlesshair.com\/wp-content\/uploads\/2025\/02\/face-framing-layers-21-768x960.jpg 768w, https:\/\/flawlesshair.com\/wp-content\/uploads\/2025\/02\/face-framing-layers-21-10x12.jpg 10w, https:\/\/flawlesshair.com\/wp-content\/uploads\/2025\/02\/face-framing-layers-21-864x1080.jpg 864w, https:\/\/flawlesshair.com\/wp-content\/uploads\/2025\/02\/face-framing-layers-21-960x1200.jpg 960w\" data-svg=\"1\" data-trellis-processed=\"1\"><div style=\"position: absolute; top: 0.5rem; right: 0.75rem;\"> <a href=\"https:\/\/www.pinterest.com\/pin\/create\/button\/\" data-pin-do=\"buttonPin\" data-pin-tall=\"true\" data-pin-url=\"https:\/\/flawlesshair.com\/pt\/cortes-de-cabelo-para-rosto-redondo-2\/\" data-pin-media=\"https:\/\/flawlesshair.com\/wp-content\/uploads\/2025\/02\/face-framing-layers-21.jpg\" data-pin-description=\"Want To Add Angles? These 2025 Styles Were Made For Round Faces\" rel=\"nofollow noopener\" target=\"_blank\"> <\/a><\/div><\/div><figcaption class=\"wp-element-caption\"><a href=\"https:\/\/www.instagram.com\/shay.sullivann\" target=\"_blank\" rel=\"noreferrer noopener nofollow\">@shay.sullivann<\/a><\/figcaption><\/figure>\n\n\n\n<p>I sculpt these layers to create angles and elongate the face. Face-framing cuts work magic on round faces by adding shape and drawing the eye downward. They&rsquo;re flattering, stylish, and incredibly easy to maintain.<\/p>\n\n\n\n<h2 class=\"wp-block-heading\">2. Chunky Lob<\/h2>\n\n\n\n<figure class=\"wp-block-image size-full\"><div style=\"position: relative;\"><noscript><img loading=\"lazy\" decoding=\"async\" width=\"1440\" height=\"1440\" src=\"https:\/\/flawlesshair.com\/wp-content\/uploads\/2025\/02\/chunky-lob.jpg\" alt=\"\" class=\"wp-image-169643\" srcset=\"https:\/\/flawlesshair.com\/wp-content\/uploads\/2025\/02\/chunky-lob.jpg 1440w, https:\/\/flawlesshair.com\/wp-content\/uploads\/2025\/02\/chunky-lob-300x300.jpg 300w, https:\/\/flawlesshair.com\/wp-content\/uploads\/2025\/02\/chunky-lob-150x150.jpg 150w, https:\/\/flawlesshair.com\/wp-content\/uploads\/2025\/02\/chunky-lob-768x768.jpg 768w, https:\/\/flawlesshair.com\/wp-content\/uploads\/2025\/02\/chunky-lob-12x12.jpg 12w, https:\/\/flawlesshair.com\/wp-content\/uploads\/2025\/02\/chunky-lob-728x728.jpg 728w, https:\/\/flawlesshair.com\/wp-content\/uploads\/2025\/02\/chunky-lob-960x960.jpg 960w, https:\/\/flawlesshair.com\/wp-content\/uploads\/2025\/02\/chunky-lob-1080x1080.jpg 1080w, https:\/\/flawlesshair.com\/wp-content\/uploads\/2025\/02\/chunky-lob-1200x1200.jpg 1200w\" sizes=\"auto, (max-width: 760px) calc(100vw - 24px), 720px\"><\/noscript><img loading=\"lazy\" decoding=\"async\" width=\"1440\" height=\"1440\" src=\"https:\/\/flawlesshair.com\/wp-content\/uploads\/2025\/02\/chunky-lob.jpg\" alt=\"\" class=\"wp-image-169643 lazyload\" srcset=\"https:\/\/flawlesshair.com\/wp-content\/uploads\/2025\/02\/chunky-lob.jpg 1440w, https:\/\/flawlesshair.com\/wp-content\/uploads\/2025\/02\/chunky-lob-300x300.jpg 300w, https:\/\/flawlesshair.com\/wp-content\/uploads\/2025\/02\/chunky-lob-150x150.jpg 150w, https:\/\/flawlesshair.com\/wp-content\/uploads\/2025\/02\/chunky-lob-768x768.jpg 768w, https:\/\/flawlesshair.com\/wp-content\/uploads\/2025\/02\/chunky-lob-12x12.jpg 12w, https:\/\/flawlesshair.com\/wp-content\/uploads\/2025\/02\/chunky-lob-728x728.jpg 728w, https:\/\/flawlesshair.com\/wp-content\/uploads\/2025\/02\/chunky-lob-960x960.jpg 960w, https:\/\/flawlesshair.com\/wp-content\/uploads\/2025\/02\/chunky-lob-1080x1080.jpg 1080w, https:\/\/flawlesshair.com\/wp-content\/uploads\/2025\/02\/chunky-lob-1200x1200.jpg 1200w\" sizes=\"auto, (max-width: 760px) calc(100vw - 24px), 720px\" data-pin-media=\"https:\/\/flawlesshair.com\/wp-content\/uploads\/2025\/02\/chunky-lob.jpg\" id=\"mv-trellis-img-2\" data-trellis-processed=\"1\"><div style=\"position: absolute; top: 0.5rem; right: 0.75rem;\"> <a href=\"https:\/\/www.pinterest.com\/pin\/create\/button\/\" data-pin-do=\"buttonPin\" data-pin-tall=\"true\" data-pin-url=\"https:\/\/flawlesshair.com\/pt\/cortes-de-cabelo-para-rosto-redondo-2\/\" data-pin-media=\"https:\/\/flawlesshair.com\/wp-content\/uploads\/2025\/02\/chunky-lob.jpg\" data-pin-description=\"Want To Add Angles? These 2025 Styles Were Made For Round Faces\" rel=\"nofollow noopener\" target=\"_blank\"> <\/a><\/div><\/div><figcaption class=\"wp-element-caption\"><a href=\"https:\/\/www.instagram.com\/dianashin\" target=\"_blank\" rel=\"noreferrer noopener nofollow\">@dianashin<\/a><\/figcaption><\/figure>\n\n\n\n<p>The chunky lob is a secret weapon for round faces&mdash;it hits at just the right length and features bold, piecey ends that give structure. I love adding a middle part for extra slimming power.<\/p>\n\n\n\n<h2 class=\"wp-block-heading\">3. Corte Pixie com volume<\/h2>\n\n\n\n<figure class=\"wp-block-image\"><div style=\"position: relative;\"><noscript><img decoding=\"async\" src=\"https:\/\/flawlesshair.com\/wp-content\/uploads\/2025\/02\/Pixie-Cut-with-Volume-1.jpg\" alt=\"Corte Pixie com volume\"><\/noscript><img decoding=\"async\" src=\"https:\/\/flawlesshair.com\/wp-content\/uploads\/2025\/02\/Pixie-Cut-with-Volume-1.jpg\" alt=\"Corte Pixie com volume\" width=\"300\" height=\"300\" id=\"mv-trellis-img-3\" loading=\"lazy\" class=\"lazyload\" data-trellis-processed=\"1\"><div style=\"position: absolute; top: 0.5rem; right: 0.75rem;\"> <a href=\"https:\/\/www.pinterest.com\/pin\/create\/button\/\" data-pin-do=\"buttonPin\" data-pin-tall=\"true\" data-pin-url=\"https:\/\/flawlesshair.com\/pt\/cortes-de-cabelo-para-rosto-redondo-2\/\" data-pin-media=\"https:\/\/flawlesshair.com\/wp-content\/uploads\/2025\/02\/Pixie-Cut-with-Volume-1.jpg\" data-pin-description=\"Want To Add Angles? These 2025 Styles Were Made For Round Faces\" rel=\"nofollow noopener\" target=\"_blank\"> <\/a><\/div><\/div><figcaption class=\"wp-element-caption\">\n                <a href=\"https:\/\/www.instagram.com\/joeltorresstyle\/p\/CR6NoDpMtdx\/\" target=\"_blank\" rel=\"noreferrer noopener nofollow\">\u00a9 joeltorresstyle<\/a><\/figcaption><\/figure>\n\n\n\n<p>O <a href=\"https:\/\/flawlesshair.com\/pt\/corte-de-cabelo-pixie\/\">corte pixie<\/a> com volume adicional no topo, estica o rosto verticalmente, oferecendo um look arrojado e moderno. Abrace a textura com produtos de styling que levantam as ra\u00edzes. Adequado para quem \u00e9 suficientemente ousado para experimentar algo curto e impactante.<\/p>\n\n\n\n<h2 class=\"wp-block-heading\">4. Bob na altura dos ombros<\/h2>\n\n\n\n<figure class=\"wp-block-image\"><div style=\"position: relative;\"><noscript><img decoding=\"async\" src=\"https:\/\/flawlesshair.com\/wp-content\/uploads\/2025\/02\/Shoulder-Length-Bob-2.jpg\" alt=\"Bob \u00e0 altura dos ombros\"><\/noscript><img decoding=\"async\" src=\"https:\/\/flawlesshair.com\/wp-content\/uploads\/2025\/02\/Shoulder-Length-Bob-2.jpg\" alt=\"Bob \u00e0 altura dos ombros\" width=\"300\" height=\"300\" id=\"mv-trellis-img-4\" loading=\"lazy\" class=\"lazyload\" data-trellis-processed=\"1\"><div style=\"position: absolute; top: 0.5rem; right: 0.75rem;\"> <a href=\"https:\/\/www.pinterest.com\/pin\/create\/button\/\" data-pin-do=\"buttonPin\" data-pin-tall=\"true\" data-pin-url=\"https:\/\/flawlesshair.com\/pt\/cortes-de-cabelo-para-rosto-redondo-2\/\" data-pin-media=\"https:\/\/flawlesshair.com\/wp-content\/uploads\/2025\/02\/Shoulder-Length-Bob-2.jpg\" data-pin-description=\"Want To Add Angles? These 2025 Styles Were Made For Round Faces\" rel=\"nofollow noopener\" target=\"_blank\"> <\/a><\/div><\/div><figcaption class=\"wp-element-caption\">\n                <a href=\"https:\/\/www.instagram.com\/kennethstoddarthair\/p\/Cp8ApHXrrN0\/\" target=\"_blank\" rel=\"noreferrer noopener nofollow\">\u00a9 kennethstoddarthair<\/a><\/figcaption><\/figure>\n\n\n\n<p>Este bob ro\u00e7a os ombros, acrescentando um comprimento subtil a um rosto redondo. O corte reto proporciona uma apar\u00eancia polida e bem cuidada. Uma escolha vers\u00e1til que se adapta facilmente a ambientes profissionais ou casuais. Os acabamentos regulares mant\u00eam as pontas afiadas e com estilo.<\/p>\n\n\n\n<h2 class=\"wp-block-heading\">5. L\u00f3bulo assim\u00e9trico<\/h2>\n\n\n\n<figure class=\"wp-block-image\"><div style=\"position: relative;\"><noscript><img decoding=\"async\" src=\"https:\/\/flawlesshair.com\/wp-content\/uploads\/2025\/02\/Asymmetrical-Lob-3.jpg\" alt=\"Lob assim\u00e9trico\"><\/noscript><img decoding=\"async\" src=\"https:\/\/flawlesshair.com\/wp-content\/uploads\/2025\/02\/Asymmetrical-Lob-3.jpg\" alt=\"Lob assim\u00e9trico\" width=\"300\" height=\"300\" id=\"mv-trellis-img-5\" loading=\"lazy\" class=\"lazyload\" data-trellis-processed=\"1\"><div style=\"position: absolute; top: 0.5rem; right: 0.75rem;\"> <a href=\"https:\/\/www.pinterest.com\/pin\/create\/button\/\" data-pin-do=\"buttonPin\" data-pin-tall=\"true\" data-pin-url=\"https:\/\/flawlesshair.com\/pt\/cortes-de-cabelo-para-rosto-redondo-2\/\" data-pin-media=\"https:\/\/flawlesshair.com\/wp-content\/uploads\/2025\/02\/Asymmetrical-Lob-3.jpg\" data-pin-description=\"Want To Add Angles? These 2025 Styles Were Made For Round Faces\" rel=\"nofollow noopener\" target=\"_blank\"> <\/a><\/div><\/div><figcaption class=\"wp-element-caption\">\n                <a href=\"https:\/\/www.instagram.com\/ivanabhair\/p\/DFdARGKA6or\/\" target=\"_blank\" rel=\"noreferrer noopener nofollow\">\u00a9 ivanabhair<\/a><\/figcaption><\/figure>\n\n\n\n<p>Um lob assim\u00e9trico acrescenta borda e dimens\u00e3o, distraindo da redondeza do rosto. O lado mais comprido alonga o seu perfil, criando um look moderno e din\u00e2mico. Ideal para quem gosta de se destacar com um toque de moda. Combine com uma risca lateral para um toque extra.<\/p>\n\n\n\n<h2 class=\"wp-block-heading\">6. Bob texturizado com franja<\/h2>\n\n\n\n<figure class=\"wp-block-image\"><div style=\"position: relative;\"><noscript><img decoding=\"async\" src=\"https:\/\/flawlesshair.com\/wp-content\/uploads\/2025\/02\/Textured-Bob-with-Bangs-2.jpg\" alt=\"Bob texturizado com franja\"><\/noscript><img decoding=\"async\" src=\"https:\/\/flawlesshair.com\/wp-content\/uploads\/2025\/02\/Textured-Bob-with-Bangs-2.jpg\" alt=\"Bob texturizado com franja\" width=\"300\" height=\"300\" id=\"mv-trellis-img-6\" loading=\"lazy\" class=\"lazyload\" data-trellis-processed=\"1\"><div style=\"position: absolute; top: 0.5rem; right: 0.75rem;\"> <a href=\"https:\/\/www.pinterest.com\/pin\/create\/button\/\" data-pin-do=\"buttonPin\" data-pin-tall=\"true\" data-pin-url=\"https:\/\/flawlesshair.com\/pt\/cortes-de-cabelo-para-rosto-redondo-2\/\" data-pin-media=\"https:\/\/flawlesshair.com\/wp-content\/uploads\/2025\/02\/Textured-Bob-with-Bangs-2.jpg\" data-pin-description=\"Want To Add Angles? These 2025 Styles Were Made For Round Faces\" rel=\"nofollow noopener\" target=\"_blank\"> <\/a><\/div><\/div><figcaption class=\"wp-element-caption\">\n                <a href=\"https:\/\/www.instagram.com\/hirohair\/p\/Ci-xTqdOhVB\/\" target=\"_blank\" rel=\"noreferrer noopener nofollow\">\u00a9 hirohair<\/a><\/figcaption><\/figure>\n\n\n\n<p><a href=\"https:\/\/flawlesshair.com\/pt\/lobulo-texturado\/\">Bobs texturizados<\/a> d\u00e3o volume e movimento, enquanto a franja acrescenta estrutura. Esta combina\u00e7\u00e3o suaviza os rostos redondos e oferece uma vibra\u00e7\u00e3o art\u00edstica. Perfeita para pessoas criativas que adoram experimentar estilos. Utilize um spray texturizante para manter o look fresco.<\/p>\n\n\n\n<h2 class=\"wp-block-heading\">7. Cabelo comprido e liso<\/h2>\n\n\n\n<figure class=\"wp-block-image\"><div style=\"position: relative;\"><noscript><img decoding=\"async\" src=\"https:\/\/flawlesshair.com\/wp-content\/uploads\/2025\/02\/Long-Straight-Hair-1.jpg\" alt=\"Cabelo comprido e liso\"><\/noscript><img decoding=\"async\" src=\"https:\/\/flawlesshair.com\/wp-content\/uploads\/2025\/02\/Long-Straight-Hair-1.jpg\" alt=\"Cabelo comprido e liso\" width=\"300\" height=\"300\" id=\"mv-trellis-img-7\" loading=\"lazy\" class=\"lazyload\" data-trellis-processed=\"1\"><div style=\"position: absolute; top: 0.5rem; right: 0.75rem;\"> <a href=\"https:\/\/www.pinterest.com\/pin\/create\/button\/\" data-pin-do=\"buttonPin\" data-pin-tall=\"true\" data-pin-url=\"https:\/\/flawlesshair.com\/pt\/cortes-de-cabelo-para-rosto-redondo-2\/\" data-pin-media=\"https:\/\/flawlesshair.com\/wp-content\/uploads\/2025\/02\/Long-Straight-Hair-1.jpg\" data-pin-description=\"Want To Add Angles? These 2025 Styles Were Made For Round Faces\" rel=\"nofollow noopener\" target=\"_blank\"> <\/a><\/div><\/div><figcaption class=\"wp-element-caption\">\n                <a href=\"https:\/\/www.instagram.com\/mikihair11o1\/p\/CzSa-yOvSuT\/\" target=\"_blank\" rel=\"noreferrer noopener nofollow\">\u00a9 mikihair11o1<\/a><\/figcaption><\/figure>\n\n\n\n<p>Manter o cabelo comprido e liso ajuda a alongar o rosto, criando uma silhueta elegante. Este estilo cl\u00e1ssico \u00e9 de baixa manuten\u00e7\u00e3o e vers\u00e1til. Adequado para v\u00e1rias ocasi\u00f5es, desde brunches casuais a eventos formais. Utilize um ferro de engomar para obter um acabamento suave.<\/p>\n\n\n\n<h2 class=\"wp-block-heading\">8. Pano encaracolado<\/h2>\n\n\n\n<figure class=\"wp-block-image\"><div style=\"position: relative;\"><noscript><img decoding=\"async\" src=\"https:\/\/flawlesshair.com\/wp-content\/uploads\/2025\/02\/Curly-Shag-8.jpg\" alt=\"Pano encaracolado\"><\/noscript><img decoding=\"async\" src=\"https:\/\/flawlesshair.com\/wp-content\/uploads\/2025\/02\/Curly-Shag-8.jpg\" alt=\"Pano encaracolado\" width=\"300\" height=\"300\" id=\"mv-trellis-img-8\" loading=\"lazy\" class=\"lazyload\" data-trellis-processed=\"1\"><div style=\"position: absolute; top: 0.5rem; right: 0.75rem;\"> <a href=\"https:\/\/www.pinterest.com\/pin\/create\/button\/\" data-pin-do=\"buttonPin\" data-pin-tall=\"true\" data-pin-url=\"https:\/\/flawlesshair.com\/pt\/cortes-de-cabelo-para-rosto-redondo-2\/\" data-pin-media=\"https:\/\/flawlesshair.com\/wp-content\/uploads\/2025\/02\/Curly-Shag-8.jpg\" data-pin-description=\"Want To Add Angles? These 2025 Styles Were Made For Round Faces\" rel=\"nofollow noopener\" target=\"_blank\"> <\/a><\/div><\/div><figcaption class=\"wp-element-caption\">\n                <a href=\"https:\/\/www.instagram.com\/chihairnyc\/p\/Cvn433TNchd\/\" target=\"_blank\" rel=\"noreferrer noopener nofollow\">\u00a9 chihairnyc<\/a><\/figcaption><\/figure>\n\n\n\n<p>Este look vivido acrescenta volume e textura, fazendo com que o seu rosto pare\u00e7a mais longo. Os carac\u00f3is criam uma sensa\u00e7\u00e3o divertida e despreocupada. Os shags s\u00e3o perfeitos para abra\u00e7ar os carac\u00f3is e as ondas naturais. Os cortes em camadas mant\u00eam os carac\u00f3is leves e saltitantes, acrescentando charme ao seu estilo.<\/p>\n\n\n\n<h2 class=\"wp-block-heading\">9. Corte rombudo com risca ao meio<\/h2>\n\n\n\n<figure class=\"wp-block-image\"><div style=\"position: relative;\"><noscript><img decoding=\"async\" src=\"https:\/\/flawlesshair.com\/wp-content\/uploads\/2025\/02\/Blunt-Cut-with-Center-Part-1.jpg\" alt=\"Corte rombudo com risca ao meio\"><\/noscript><img decoding=\"async\" src=\"https:\/\/flawlesshair.com\/wp-content\/uploads\/2025\/02\/Blunt-Cut-with-Center-Part-1.jpg\" alt=\"Corte rombudo com risca ao meio\" width=\"300\" height=\"300\" id=\"mv-trellis-img-9\" loading=\"lazy\" class=\"lazyload\" data-trellis-processed=\"1\"><div style=\"position: absolute; top: 0.5rem; right: 0.75rem;\"> <a href=\"https:\/\/www.pinterest.com\/pin\/create\/button\/\" data-pin-do=\"buttonPin\" data-pin-tall=\"true\" data-pin-url=\"https:\/\/flawlesshair.com\/pt\/cortes-de-cabelo-para-rosto-redondo-2\/\" data-pin-media=\"https:\/\/flawlesshair.com\/wp-content\/uploads\/2025\/02\/Blunt-Cut-with-Center-Part-1.jpg\" data-pin-description=\"Want To Add Angles? These 2025 Styles Were Made For Round Faces\" rel=\"nofollow noopener\" target=\"_blank\"> <\/a><\/div><\/div><figcaption class=\"wp-element-caption\">\n                <a href=\"https:\/\/www.instagram.com\/lovee_brenda\/p\/CcEQGWCrr9S\/\" target=\"_blank\" rel=\"noreferrer noopener nofollow\">\u00a9 lovee_brenda<\/a><\/figcaption><\/figure>\n\n\n\n<p>As partes centradas com um corte rombudo criam simetria, contrastando com os tra\u00e7os redondos. Este estilo \u00e9 elegante e contempor\u00e2neo, ideal para quem gosta de moda minimalista. As pontas rombas proporcionam uma afirma\u00e7\u00e3o arrojada. Lembre-se de fazer uma manuten\u00e7\u00e3o regular com aparas para manter a nitidez.<\/p>\n\n\n\n<h2 class=\"wp-block-heading\">10. Rabo-de-cavalo alto<\/h2>\n\n\n\n<figure class=\"wp-block-image\"><div style=\"position: relative;\"><noscript><img decoding=\"async\" src=\"https:\/\/flawlesshair.com\/wp-content\/uploads\/2025\/02\/High-Ponytail-7.jpg\" alt=\"Rabo-de-cavalo alto\"><\/noscript><img decoding=\"async\" src=\"https:\/\/flawlesshair.com\/wp-content\/uploads\/2025\/02\/High-Ponytail-7.jpg\" alt=\"Rabo-de-cavalo alto\" width=\"300\" height=\"300\" id=\"mv-trellis-img-10\" loading=\"lazy\" class=\"lazyload\" data-trellis-processed=\"1\"><div style=\"position: absolute; top: 0.5rem; right: 0.75rem;\"> <a href=\"https:\/\/www.pinterest.com\/pin\/create\/button\/\" data-pin-do=\"buttonPin\" data-pin-tall=\"true\" data-pin-url=\"https:\/\/flawlesshair.com\/pt\/cortes-de-cabelo-para-rosto-redondo-2\/\" data-pin-media=\"https:\/\/flawlesshair.com\/wp-content\/uploads\/2025\/02\/High-Ponytail-7.jpg\" data-pin-description=\"Want To Add Angles? These 2025 Styles Were Made For Round Faces\" rel=\"nofollow noopener\" target=\"_blank\"> <\/a><\/div><\/div><figcaption class=\"wp-element-caption\">\n                <a href=\"https:\/\/www.instagram.com\/rjstylesco\/p\/CuSYvdPPz4p\/\" target=\"_blank\" rel=\"noreferrer noopener nofollow\">\u00a9 rjstylesco<\/a><\/figcaption><\/figure>\n\n\n\n<p>Um rabo-de-cavalo alto levanta o rosto, acrescentando altura e alongamento. \u00c9 pr\u00e1tico e elegante, especialmente para estilos de vida activos. Este look puxa o olhar para cima, contrariando o car\u00e1cter redondo. Fixe o rabo-de-cavalo com um acabamento elegante utilizando gel ou laca.<\/p>\n\n\n\n<h2 class=\"wp-block-heading\">11. Parte lateral profunda<\/h2>\n\n\n\n<figure class=\"wp-block-image\"><div style=\"position: relative;\"><noscript><img decoding=\"async\" src=\"https:\/\/flawlesshair.com\/wp-content\/uploads\/2025\/02\/Deep-Side-Part-2.jpg\" alt=\"Parte lateral profunda\"><\/noscript><img decoding=\"async\" src=\"https:\/\/flawlesshair.com\/wp-content\/uploads\/2025\/02\/Deep-Side-Part-2.jpg\" alt=\"Parte lateral profunda\" width=\"300\" height=\"300\" id=\"mv-trellis-img-11\" loading=\"lazy\" class=\"lazyload\" data-trellis-processed=\"1\"><div style=\"position: absolute; top: 0.5rem; right: 0.75rem;\"> <a href=\"https:\/\/www.pinterest.com\/pin\/create\/button\/\" data-pin-do=\"buttonPin\" data-pin-tall=\"true\" data-pin-url=\"https:\/\/flawlesshair.com\/pt\/cortes-de-cabelo-para-rosto-redondo-2\/\" data-pin-media=\"https:\/\/flawlesshair.com\/wp-content\/uploads\/2025\/02\/Deep-Side-Part-2.jpg\" data-pin-description=\"Want To Add Angles? These 2025 Styles Were Made For Round Faces\" rel=\"nofollow noopener\" target=\"_blank\"> <\/a><\/div><\/div><figcaption class=\"wp-element-caption\">\n                <a href=\"https:\/\/www.instagram.com\/foreignbeautyinc\/p\/CohvhXZLMeP\/\" target=\"_blank\" rel=\"noreferrer noopener nofollow\">\u00a9 foreignbeautyinc<\/a><\/figcaption><\/figure>\n\n\n\n<p>Criar uma parte lateral profunda acrescenta assimetria, alongando o rosto. Este estilo introduz um toque sofisticado, perfeito para quem procura um look polido. As ondas soltas real\u00e7am a eleg\u00e2ncia geral. Mantenha o cabelo bem condicionado para um aspeto brilhante e saud\u00e1vel.<\/p>\n\n\n\n<h2 class=\"wp-block-heading\">12. Bob na altura do queixo com ondas<\/h2>\n\n\n\n<figure class=\"wp-block-image\"><div style=\"position: relative;\"><noscript><img decoding=\"async\" src=\"https:\/\/flawlesshair.com\/wp-content\/uploads\/2025\/02\/Chin-Length-Bob-with-Waves-1.jpg\" alt=\"Bob na altura do queixo com ondas\"><\/noscript><img decoding=\"async\" src=\"https:\/\/flawlesshair.com\/wp-content\/uploads\/2025\/02\/Chin-Length-Bob-with-Waves-1.jpg\" alt=\"Bob na altura do queixo com ondas\" width=\"300\" height=\"300\" id=\"mv-trellis-img-12\" loading=\"lazy\" class=\"lazyload\" data-trellis-processed=\"1\"><div style=\"position: absolute; top: 0.5rem; right: 0.75rem;\"> <a href=\"https:\/\/www.pinterest.com\/pin\/create\/button\/\" data-pin-do=\"buttonPin\" data-pin-tall=\"true\" data-pin-url=\"https:\/\/flawlesshair.com\/pt\/cortes-de-cabelo-para-rosto-redondo-2\/\" data-pin-media=\"https:\/\/flawlesshair.com\/wp-content\/uploads\/2025\/02\/Chin-Length-Bob-with-Waves-1.jpg\" data-pin-description=\"Want To Add Angles? These 2025 Styles Were Made For Round Faces\" rel=\"nofollow noopener\" target=\"_blank\"> <\/a><\/div><\/div><figcaption class=\"wp-element-caption\">\n                <a href=\"https:\/\/www.instagram.com\/alexusestellehair\/p\/CGcYLJHj1uT\/\" target=\"_blank\" rel=\"noreferrer noopener nofollow\">\u00a9 alexusestellehair<\/a><\/figcaption><\/figure>\n\n\n\n<p>Os bobs \u00e0 altura do queixo com ondas real\u00e7am os tra\u00e7os do rosto sem os sobrecarregar. Este comprimento mant\u00e9m o seu look fresco e moderno. As ondas acrescentam textura, criando uma moldura suave \u00e0 volta do rosto. Ideal para um estilo descontra\u00eddo mas elegante, adequado para qualquer ambiente quotidiano.<\/p>\n\n\n\n<h2 class=\"wp-block-heading\">13. Bob comprido com franja<\/h2>\n\n\n\n<figure class=\"wp-block-image\"><div style=\"position: relative;\"><noscript><img decoding=\"async\" src=\"https:\/\/flawlesshair.com\/wp-content\/uploads\/2025\/02\/Long-Bob-with-Bangs-2.jpg\" alt=\"Bob comprido com franja\"><\/noscript><img decoding=\"async\" src=\"https:\/\/flawlesshair.com\/wp-content\/uploads\/2025\/02\/Long-Bob-with-Bangs-2.jpg\" alt=\"Bob comprido com franja\" width=\"300\" height=\"300\" id=\"mv-trellis-img-13\" loading=\"lazy\" class=\"lazyload\" data-trellis-processed=\"1\"><div style=\"position: absolute; top: 0.5rem; right: 0.75rem;\"> <a href=\"https:\/\/www.pinterest.com\/pin\/create\/button\/\" data-pin-do=\"buttonPin\" data-pin-tall=\"true\" data-pin-url=\"https:\/\/flawlesshair.com\/pt\/cortes-de-cabelo-para-rosto-redondo-2\/\" data-pin-media=\"https:\/\/flawlesshair.com\/wp-content\/uploads\/2025\/02\/Long-Bob-with-Bangs-2.jpg\" data-pin-description=\"Want To Add Angles? These 2025 Styles Were Made For Round Faces\" rel=\"nofollow noopener\" target=\"_blank\"> <\/a><\/div><\/div><figcaption class=\"wp-element-caption\">\n                <a href=\"https:\/\/www.instagram.com\/mustafahairdesign\/p\/CLkVqQwhvJa\/\" target=\"_blank\" rel=\"noreferrer noopener nofollow\">\u00a9 mustafahairdesign<\/a><\/figcaption><\/figure>\n\n\n\n<p>Os bobs compridos combinados com franjas oferecem um equil\u00edbrio entre o comprimento e a estrutura facial. S\u00e3o chiques mas divertidos, adequados para um estilo vers\u00e1til. Este corte complementa os rostos redondos ao adicionar \u00e2ngulos. A franja pode ser afastada ou penteada a direito para looks variados.<\/p>\n\n\n\n<h2 class=\"wp-block-heading\">14. Carac\u00f3is volumosos<\/h2>\n\n\n\n<figure class=\"wp-block-image\"><div style=\"position: relative;\"><noscript><img decoding=\"async\" src=\"https:\/\/flawlesshair.com\/wp-content\/uploads\/2025\/02\/Voluminous-Curls-21.jpg\" alt=\"Carac\u00f3is volumosos\"><\/noscript><img decoding=\"async\" src=\"https:\/\/flawlesshair.com\/wp-content\/uploads\/2025\/02\/Voluminous-Curls-21.jpg\" alt=\"Carac\u00f3is volumosos\" width=\"300\" height=\"300\" id=\"mv-trellis-img-14\" loading=\"lazy\" class=\"lazyload\" data-trellis-processed=\"1\"><div style=\"position: absolute; top: 0.5rem; right: 0.75rem;\"> <a href=\"https:\/\/www.pinterest.com\/pin\/create\/button\/\" data-pin-do=\"buttonPin\" data-pin-tall=\"true\" data-pin-url=\"https:\/\/flawlesshair.com\/pt\/cortes-de-cabelo-para-rosto-redondo-2\/\" data-pin-media=\"https:\/\/flawlesshair.com\/wp-content\/uploads\/2025\/02\/Voluminous-Curls-21.jpg\" data-pin-description=\"Want To Add Angles? These 2025 Styles Were Made For Round Faces\" rel=\"nofollow noopener\" target=\"_blank\"> <\/a><\/div><\/div><figcaption class=\"wp-element-caption\">\n                <a href=\"https:\/\/www.instagram.com\/beautybytaramarie\/p\/C1w8gchOtk7\/\" target=\"_blank\" rel=\"noreferrer noopener nofollow\">\u00a9 beautybytaramarie<\/a><\/figcaption><\/figure>\n\n\n\n<p>Os carac\u00f3is volumosos d\u00e3o um toque dram\u00e1tico e altura, equilibrando as formas redondas do rosto. Este look arrojado \u00e9 ideal para ocasi\u00f5es especiais. Utilize produtos para melhorar os carac\u00f3is para manter a elasticidade e o brilho. Abrace os seus carac\u00f3is naturais com um pouco de mousse de modela\u00e7\u00e3o para um efeito extra.<\/p>\n\n\n\n<h2 class=\"wp-block-heading\">15. Bob em \u00e2ngulo<\/h2>\n\n\n\n<figure class=\"wp-block-image\"><div style=\"position: relative;\"><noscript><img decoding=\"async\" src=\"https:\/\/flawlesshair.com\/wp-content\/uploads\/2025\/02\/Angled-Bob-14.jpg\" alt=\"Bob angular\"><\/noscript><img decoding=\"async\" src=\"https:\/\/flawlesshair.com\/wp-content\/uploads\/2025\/02\/Angled-Bob-14.jpg\" alt=\"Bob angular\" width=\"300\" height=\"300\" id=\"mv-trellis-img-15\" loading=\"lazy\" class=\"lazyload\" data-trellis-processed=\"1\"><div style=\"position: absolute; top: 0.5rem; right: 0.75rem;\"> <a href=\"https:\/\/www.pinterest.com\/pin\/create\/button\/\" data-pin-do=\"buttonPin\" data-pin-tall=\"true\" data-pin-url=\"https:\/\/flawlesshair.com\/pt\/cortes-de-cabelo-para-rosto-redondo-2\/\" data-pin-media=\"https:\/\/flawlesshair.com\/wp-content\/uploads\/2025\/02\/Angled-Bob-14.jpg\" data-pin-description=\"Want To Add Angles? These 2025 Styles Were Made For Round Faces\" rel=\"nofollow noopener\" target=\"_blank\"> <\/a><\/div><\/div><figcaption class=\"wp-element-caption\">\n                <a href=\"https:\/\/www.instagram.com\/sulimays_hair_philly_mnyk\/p\/C8pC_QhOfnV\/\" target=\"_blank\" rel=\"noreferrer noopener nofollow\">\u00a9 sulimays_hair_philly_mnyk<\/a><\/figcaption><\/figure>\n\n\n\n<p>Um bob angular d\u00e1 um toque moderno com as suas linhas e \u00e2ngulos acentuados. Alonga a linha do maxilar, ao mesmo tempo que acrescenta um toque de ousadia \u00e0 apar\u00eancia geral. Este estilo \u00e9 chique e arrojado, concebido para se destacar. Mantenha o \u00e2ngulo com cortes regulares.<\/p>\n\n\n\n<h2 class=\"wp-block-heading\">16. Corte Pixie com camadas<\/h2>\n\n\n\n<figure class=\"wp-block-image\"><div style=\"position: relative;\"><noscript><img decoding=\"async\" src=\"https:\/\/flawlesshair.com\/wp-content\/uploads\/2025\/02\/Layered-Pixie-Cut-3.jpg\" alt=\"Corte Pixie com camadas\"><\/noscript><img decoding=\"async\" src=\"https:\/\/flawlesshair.com\/wp-content\/uploads\/2025\/02\/Layered-Pixie-Cut-3.jpg\" alt=\"Corte Pixie com camadas\" width=\"300\" height=\"300\" id=\"mv-trellis-img-16\" loading=\"lazy\" class=\"lazyload\" data-trellis-processed=\"1\"><div style=\"position: absolute; top: 0.5rem; right: 0.75rem;\"> <a href=\"https:\/\/www.pinterest.com\/pin\/create\/button\/\" data-pin-do=\"buttonPin\" data-pin-tall=\"true\" data-pin-url=\"https:\/\/flawlesshair.com\/pt\/cortes-de-cabelo-para-rosto-redondo-2\/\" data-pin-media=\"https:\/\/flawlesshair.com\/wp-content\/uploads\/2025\/02\/Layered-Pixie-Cut-3.jpg\" data-pin-description=\"Want To Add Angles? These 2025 Styles Were Made For Round Faces\" rel=\"nofollow noopener\" target=\"_blank\"> <\/a><\/div><\/div><figcaption class=\"wp-element-caption\">\n                <a href=\"https:\/\/www.instagram.com\/myguiltycrown\/reel\/C95PFlTu4hv\/\" target=\"_blank\" rel=\"noreferrer noopener nofollow\">\u00a9 myguiltycrown<\/a><\/figcaption><\/figure>\n\n\n\n<p>Os cortes pixie em camadas acrescentam dimens\u00e3o e altura, criando um visual fresco e arejado. Perfeito para quem gosta de estilos de baixa manuten\u00e7\u00e3o com um toque de estilo. Realce as camadas com um produto texturizante. Ideal para pessoas activas que gostam de um penteado despreocupado.<\/p>\n\n\n\n<h2 class=\"wp-block-heading\">17. Penteado baixo elegante<\/h2>\n\n\n\n<figure class=\"wp-block-image\"><div style=\"position: relative;\"><noscript><img decoding=\"async\" src=\"https:\/\/flawlesshair.com\/wp-content\/uploads\/2025\/02\/Sleek-Low-Bun-8.jpg\" alt=\"Penteado baixo elegante\"><\/noscript><img decoding=\"async\" src=\"https:\/\/flawlesshair.com\/wp-content\/uploads\/2025\/02\/Sleek-Low-Bun-8.jpg\" alt=\"Penteado baixo elegante\" width=\"300\" height=\"300\" id=\"mv-trellis-img-17\" loading=\"lazy\" class=\"lazyload\" data-trellis-processed=\"1\"><div style=\"position: absolute; top: 0.5rem; right: 0.75rem;\"> <a href=\"https:\/\/www.pinterest.com\/pin\/create\/button\/\" data-pin-do=\"buttonPin\" data-pin-tall=\"true\" data-pin-url=\"https:\/\/flawlesshair.com\/pt\/cortes-de-cabelo-para-rosto-redondo-2\/\" data-pin-media=\"https:\/\/flawlesshair.com\/wp-content\/uploads\/2025\/02\/Sleek-Low-Bun-8.jpg\" data-pin-description=\"Want To Add Angles? These 2025 Styles Were Made For Round Faces\" rel=\"nofollow noopener\" target=\"_blank\"> <\/a><\/div><\/div><figcaption class=\"wp-element-caption\">\n                <a href=\"https:\/\/www.instagram.com\/messybun_nz\/p\/C5aOADzLyP_\/\" target=\"_blank\" rel=\"noreferrer noopener nofollow\">\u00a9 messybun_nz<\/a><\/figcaption><\/figure>\n\n\n\n<p>Um carrapito baixo elegante oferece eleg\u00e2ncia e sofistica\u00e7\u00e3o, adequado para ambientes profissionais. Puxa o cabelo para tr\u00e1s com firmeza, criando um pesco\u00e7o alongado e um perfil equilibrado. Adicione um toque de soro para dar brilho. Este estilo intemporal combina bem com vestu\u00e1rio formal.<\/p>\n\n\n\n<h2 class=\"wp-block-heading\">18. Carac\u00f3is com madeixas<\/h2>\n\n\n\n<figure class=\"wp-block-image\"><div style=\"position: relative;\"><noscript><img decoding=\"async\" src=\"https:\/\/flawlesshair.com\/wp-content\/uploads\/2025\/02\/Curly-Bob-with-Highlights-4.jpg\" alt=\"Carac\u00f3is com madeixas\"><\/noscript><img decoding=\"async\" src=\"https:\/\/flawlesshair.com\/wp-content\/uploads\/2025\/02\/Curly-Bob-with-Highlights-4.jpg\" alt=\"Carac\u00f3is com madeixas\" width=\"300\" height=\"300\" id=\"mv-trellis-img-18\" loading=\"lazy\" class=\"lazyload\" data-trellis-processed=\"1\"><div style=\"position: absolute; top: 0.5rem; right: 0.75rem;\"> <a href=\"https:\/\/www.pinterest.com\/pin\/create\/button\/\" data-pin-do=\"buttonPin\" data-pin-tall=\"true\" data-pin-url=\"https:\/\/flawlesshair.com\/pt\/cortes-de-cabelo-para-rosto-redondo-2\/\" data-pin-media=\"https:\/\/flawlesshair.com\/wp-content\/uploads\/2025\/02\/Curly-Bob-with-Highlights-4.jpg\" data-pin-description=\"Want To Add Angles? These 2025 Styles Were Made For Round Faces\" rel=\"nofollow noopener\" target=\"_blank\"> <\/a><\/div><\/div><figcaption class=\"wp-element-caption\">\n                <a href=\"https:\/\/www.instagram.com\/hollygirldoeshair\/p\/CJXrBcjDPUu\/\" target=\"_blank\" rel=\"noreferrer noopener nofollow\">\u00a9 hollygirldoeshair<\/a><\/figcaption><\/figure>\n\n\n\n<p>Os bobs encaracolados com madeixas d\u00e3o vida e dimens\u00e3o ao seu estilo. Os carac\u00f3is suavizam os tra\u00e7os faciais, enquanto as madeixas d\u00e3o contraste. Este look divertido \u00e9 perfeito para o ver\u00e3o ou para ocasi\u00f5es festivas. Utilize um produto definidor de carac\u00f3is para obter carac\u00f3is bem formados e el\u00e1sticos.<\/p>\n\n\n\n<h2 class=\"wp-block-heading\">19. Camadas de penas<\/h2>\n\n\n\n<figure class=\"wp-block-image\"><div style=\"position: relative;\"><noscript><img decoding=\"async\" src=\"https:\/\/flawlesshair.com\/wp-content\/uploads\/2025\/02\/Feathered-Layers-30.jpg\" alt=\"Camadas de penas\"><\/noscript><img decoding=\"async\" src=\"https:\/\/flawlesshair.com\/wp-content\/uploads\/2025\/02\/Feathered-Layers-30.jpg\" alt=\"Camadas de penas\" width=\"300\" height=\"300\" id=\"mv-trellis-img-19\" loading=\"lazy\" class=\"lazyload\" data-trellis-processed=\"1\"><div style=\"position: absolute; top: 0.5rem; right: 0.75rem;\"> <a href=\"https:\/\/www.pinterest.com\/pin\/create\/button\/\" data-pin-do=\"buttonPin\" data-pin-tall=\"true\" data-pin-url=\"https:\/\/flawlesshair.com\/pt\/cortes-de-cabelo-para-rosto-redondo-2\/\" data-pin-media=\"https:\/\/flawlesshair.com\/wp-content\/uploads\/2025\/02\/Feathered-Layers-30.jpg\" data-pin-description=\"Want To Add Angles? These 2025 Styles Were Made For Round Faces\" rel=\"nofollow noopener\" target=\"_blank\"> <\/a><\/div><\/div><figcaption class=\"wp-element-caption\">\n                <a href=\"https:\/\/www.instagram.com\/nivthestylist\/p\/C6_1R7wL0gB\/\" target=\"_blank\" rel=\"noreferrer noopener nofollow\">\u00a9 nivthestylist<\/a><\/figcaption><\/figure>\n\n\n\n<p>As camadas de penas criam movimento e leveza, quebrando a redondeza do seu rosto. Perfeito para quem procura um estilo descontra\u00eddo e informal. Este corte real\u00e7a as ondas naturais e d\u00e1 um toque de juventude. Ideal para quem gosta de um look sem esfor\u00e7o.<\/p>\n\n\n\n<h2 class=\"wp-block-heading\">20. Coque desarrumado<\/h2>\n\n\n\n<figure class=\"wp-block-image\"><div style=\"position: relative;\"><noscript><img decoding=\"async\" src=\"https:\/\/flawlesshair.com\/wp-content\/uploads\/2025\/02\/Messy-Bun-16.jpg\" alt=\"Coque desarrumado\"><\/noscript><img decoding=\"async\" src=\"https:\/\/flawlesshair.com\/wp-content\/uploads\/2025\/02\/Messy-Bun-16.jpg\" alt=\"Coque desarrumado\" width=\"300\" height=\"300\" id=\"mv-trellis-img-20\" loading=\"lazy\" class=\"lazyload\" data-trellis-processed=\"1\"><div style=\"position: absolute; top: 0.5rem; right: 0.75rem;\"> <a href=\"https:\/\/www.pinterest.com\/pin\/create\/button\/\" data-pin-do=\"buttonPin\" data-pin-tall=\"true\" data-pin-url=\"https:\/\/flawlesshair.com\/pt\/cortes-de-cabelo-para-rosto-redondo-2\/\" data-pin-media=\"https:\/\/flawlesshair.com\/wp-content\/uploads\/2025\/02\/Messy-Bun-16.jpg\" data-pin-description=\"Want To Add Angles? These 2025 Styles Were Made For Round Faces\" rel=\"nofollow noopener\" target=\"_blank\"> <\/a><\/div><\/div><figcaption class=\"wp-element-caption\">\n                <a href=\"https:\/\/www.instagram.com\/messybun_nz\/p\/C31nA-BrFl5\/\" target=\"_blank\" rel=\"noreferrer noopener nofollow\">\u00a9 messybun_nz<\/a><\/figcaption><\/figure>\n\n\n\n<p>O coque desarrumado \u00e9 chique mas descontra\u00eddo, oferecendo uma vibra\u00e7\u00e3o despreocupada ideal para dias casuais. Acrescenta altura e dimens\u00e3o ao seu rosto, fazendo-o parecer mais oval. Prenda com ganchos para um acabamento solto e divertido. Perfeito para um estilo descontra\u00eddo e quotidiano.<\/p>\n\n\n\n<h2 class=\"wp-block-heading\">21. Coroa entran\u00e7ada<\/h2>\n\n\n\n<figure class=\"wp-block-image\"><div style=\"position: relative;\"><noscript><img decoding=\"async\" src=\"https:\/\/flawlesshair.com\/wp-content\/uploads\/2025\/02\/Braided-Crown-15.jpg\" alt=\"Coroa entran\u00e7ada\"><\/noscript><img decoding=\"async\" src=\"https:\/\/flawlesshair.com\/wp-content\/uploads\/2025\/02\/Braided-Crown-15.jpg\" alt=\"Coroa entran\u00e7ada\" width=\"300\" height=\"300\" id=\"mv-trellis-img-21\" loading=\"lazy\" class=\"lazyload\" data-trellis-processed=\"1\"><div style=\"position: absolute; top: 0.5rem; right: 0.75rem;\"> <a href=\"https:\/\/www.pinterest.com\/pin\/create\/button\/\" data-pin-do=\"buttonPin\" data-pin-tall=\"true\" data-pin-url=\"https:\/\/flawlesshair.com\/pt\/cortes-de-cabelo-para-rosto-redondo-2\/\" data-pin-media=\"https:\/\/flawlesshair.com\/wp-content\/uploads\/2025\/02\/Braided-Crown-15.jpg\" data-pin-description=\"Want To Add Angles? These 2025 Styles Were Made For Round Faces\" rel=\"nofollow noopener\" target=\"_blank\"> <\/a><\/div><\/div><figcaption class=\"wp-element-caption\">\n                <a href=\"https:\/\/www.instagram.com\/hairstylesby_charlotte\/p\/DDjv4ZPRmzC\/\" target=\"_blank\" rel=\"noreferrer noopener nofollow\">\u00a9 hairstylesby_charlotte<\/a><\/figcaption><\/figure>\n\n\n\n<p>Uma coroa entran\u00e7ada cria um look real e et\u00e9reo. Este estilo confere altura e eleg\u00e2ncia, enquadrando na perfei\u00e7\u00e3o um rosto redondo. Ideal para ocasi\u00f5es especiais como casamentos ou festivais. Utilize pequenas flores ou alfinetes decorativos para um toque encantador. Prenda as tran\u00e7as com el\u00e1sticos transparentes.<\/p>\n\n\n\n<h2 class=\"wp-block-heading\">22. L\u00f3bulo com textura<\/h2>\n\n\n\n<figure class=\"wp-block-image\"><div style=\"position: relative;\"><noscript><img decoding=\"async\" src=\"https:\/\/flawlesshair.com\/wp-content\/uploads\/2025\/02\/Textured-Lob-13.jpg\" alt=\"L\u00f3bulo texturizado\"><\/noscript><img decoding=\"async\" src=\"https:\/\/flawlesshair.com\/wp-content\/uploads\/2025\/02\/Textured-Lob-13.jpg\" alt=\"L\u00f3bulo texturizado\" width=\"300\" height=\"300\" id=\"mv-trellis-img-22\" loading=\"lazy\" class=\"lazyload\" data-trellis-processed=\"1\"><div style=\"position: absolute; top: 0.5rem; right: 0.75rem;\"> <a href=\"https:\/\/www.pinterest.com\/pin\/create\/button\/\" data-pin-do=\"buttonPin\" data-pin-tall=\"true\" data-pin-url=\"https:\/\/flawlesshair.com\/pt\/cortes-de-cabelo-para-rosto-redondo-2\/\" data-pin-media=\"https:\/\/flawlesshair.com\/wp-content\/uploads\/2025\/02\/Textured-Lob-13.jpg\" data-pin-description=\"Want To Add Angles? These 2025 Styles Were Made For Round Faces\" rel=\"nofollow noopener\" target=\"_blank\"> <\/a><\/div><\/div><figcaption class=\"wp-element-caption\">\n                <a href=\"https:\/\/www.instagram.com\/hirohair\/p\/Cnz39BePWiA\/\" target=\"_blank\" rel=\"noreferrer noopener nofollow\">\u00a9 hirohair<\/a><\/figcaption><\/figure>\n\n\n\n<p>Os lobs texturados introduzem profundidade e ressalto, alongando o rosto. Este estilo din\u00e2mico \u00e9 \u00f3timo para os amantes da moda contempor\u00e2nea. As ondas podem ser real\u00e7adas com spray de sal marinho para um look mais vivo. Ideal para quem gosta de penteados chiques e sem esfor\u00e7o.<\/p>\n\n\n\n<h2 class=\"wp-block-heading\">23. Meia-volta Meia-baixa<\/h2>\n\n\n\n<figure class=\"wp-block-image\"><div style=\"position: relative;\"><noscript><img decoding=\"async\" src=\"https:\/\/flawlesshair.com\/wp-content\/uploads\/2025\/02\/Half-Up-Half-Down-12.jpg\" alt=\"Metade para cima Metade para baixo\"><\/noscript><img decoding=\"async\" src=\"https:\/\/flawlesshair.com\/wp-content\/uploads\/2025\/02\/Half-Up-Half-Down-12.jpg\" alt=\"Metade para cima Metade para baixo\" width=\"300\" height=\"300\" id=\"mv-trellis-img-23\" loading=\"lazy\" class=\"lazyload\" data-trellis-processed=\"1\"><div style=\"position: absolute; top: 0.5rem; right: 0.75rem;\"> <a href=\"https:\/\/www.pinterest.com\/pin\/create\/button\/\" data-pin-do=\"buttonPin\" data-pin-tall=\"true\" data-pin-url=\"https:\/\/flawlesshair.com\/pt\/cortes-de-cabelo-para-rosto-redondo-2\/\" data-pin-media=\"https:\/\/flawlesshair.com\/wp-content\/uploads\/2025\/02\/Half-Up-Half-Down-12.jpg\" data-pin-description=\"Want To Add Angles? These 2025 Styles Were Made For Round Faces\" rel=\"nofollow noopener\" target=\"_blank\"> <\/a><\/div><\/div><figcaption class=\"wp-element-caption\">\n                <a href=\"https:\/\/www.instagram.com\/kat_reboh\/p\/C3Qk4n3JoSb\/\" target=\"_blank\" rel=\"noreferrer noopener nofollow\">\u00a9 kat_reboh<\/a><\/figcaption><\/figure>\n\n\n\n<p>Os estilos meio para cima meio para baixo s\u00e3o vers\u00e1teis e lisonjeiros para rostos redondos. Acrescentam altura enquanto mant\u00eam o cabelo solto, equilibrando o rosto. Perfeitos para qualquer ocasi\u00e3o, desde encontros casuais a encontros rom\u00e2nticos. Use carac\u00f3is ou ondas suaves para um volume e charme extra.<\/p>\n\n\n\n<h2 class=\"wp-block-heading\">24. Carac\u00f3is cortados<\/h2>\n\n\n\n<figure class=\"wp-block-image\"><div style=\"position: relative;\"><noscript><img decoding=\"async\" src=\"https:\/\/flawlesshair.com\/wp-content\/uploads\/2025\/02\/Cropped-Curls-1.jpg\" alt=\"Carac\u00f3is cortados\"><\/noscript><img decoding=\"async\" src=\"https:\/\/flawlesshair.com\/wp-content\/uploads\/2025\/02\/Cropped-Curls-1.jpg\" alt=\"Carac\u00f3is cortados\" width=\"300\" height=\"300\" id=\"mv-trellis-img-24\" loading=\"lazy\" class=\"lazyload\" data-trellis-processed=\"1\"><div style=\"position: absolute; top: 0.5rem; right: 0.75rem;\"> <a href=\"https:\/\/www.pinterest.com\/pin\/create\/button\/\" data-pin-do=\"buttonPin\" data-pin-tall=\"true\" data-pin-url=\"https:\/\/flawlesshair.com\/pt\/cortes-de-cabelo-para-rosto-redondo-2\/\" data-pin-media=\"https:\/\/flawlesshair.com\/wp-content\/uploads\/2025\/02\/Cropped-Curls-1.jpg\" data-pin-description=\"Want To Add Angles? These 2025 Styles Were Made For Round Faces\" rel=\"nofollow noopener\" target=\"_blank\"> <\/a><\/div><\/div><figcaption class=\"wp-element-caption\">\n                <a href=\"https:\/\/www.instagram.com\/slickback_buttahtoast\/p\/CZFkJpgPRqo\/\" target=\"_blank\" rel=\"noreferrer noopener nofollow\">\u00a9 slickback_buttahtoast<\/a><\/figcaption><\/figure>\n\n\n\n<p>Os carac\u00f3is cortados criam um look jovial e divertido, acrescentando elasticidade e volume ao seu estilo. Este corte \u00e9 perfeito para quem gosta de carac\u00f3is naturais. Mantenha os carac\u00f3is hidratados com produtos hidratantes para obter melhores resultados. Ideal para uma vibra\u00e7\u00e3o divertida e despreocupada.<\/p>\n\n\n\n<h2 class=\"wp-block-heading\">25. Bob cl\u00e1ssico com franja<\/h2>\n\n\n\n<figure class=\"wp-block-image\"><div style=\"position: relative;\"><noscript><img decoding=\"async\" src=\"https:\/\/flawlesshair.com\/wp-content\/uploads\/2025\/02\/Classic-Bob-with-Fringe-1.jpg\" alt=\"Bob cl\u00e1ssico com franja\"><\/noscript><img decoding=\"async\" src=\"https:\/\/flawlesshair.com\/wp-content\/uploads\/2025\/02\/Classic-Bob-with-Fringe-1.jpg\" alt=\"Bob cl\u00e1ssico com franja\" width=\"300\" height=\"300\" id=\"mv-trellis-img-25\" loading=\"lazy\" class=\"lazyload\" data-trellis-processed=\"1\"><div style=\"position: absolute; top: 0.5rem; right: 0.75rem;\"> <a href=\"https:\/\/www.pinterest.com\/pin\/create\/button\/\" data-pin-do=\"buttonPin\" data-pin-tall=\"true\" data-pin-url=\"https:\/\/flawlesshair.com\/pt\/cortes-de-cabelo-para-rosto-redondo-2\/\" data-pin-media=\"https:\/\/flawlesshair.com\/wp-content\/uploads\/2025\/02\/Classic-Bob-with-Fringe-1.jpg\" data-pin-description=\"Want To Add Angles? These 2025 Styles Were Made For Round Faces\" rel=\"nofollow noopener\" target=\"_blank\"> <\/a><\/div><\/div><figcaption class=\"wp-element-caption\">\n                <a href=\"https:\/\/www.instagram.com\/erickinvisible\/p\/CeSD3YFOoU_\/\" target=\"_blank\" rel=\"noreferrer noopener nofollow\">\u00a9 erickinvisible<\/a><\/figcaption><\/figure>\n\n\n\n<p>Um bob cl\u00e1ssico com franja oferece um estilo intemporal que favorece os rostos redondos. A franja quebra a largura do rosto, acrescentando interesse e dimens\u00e3o. Perfeito para ambientes profissionais e casuais. Utilize um alisador para obter madeixas elegantes e polidas.<\/p>\n\n\n\n<h2 class=\"wp-block-heading\">26. Tran\u00e7a lateral<\/h2>\n\n\n\n<figure class=\"wp-block-image\"><div style=\"position: relative;\"><noscript><img decoding=\"async\" src=\"https:\/\/flawlesshair.com\/wp-content\/uploads\/2025\/02\/Side-Braid-5.jpg\" alt=\"Tran\u00e7a lateral\"><\/noscript><img decoding=\"async\" src=\"https:\/\/flawlesshair.com\/wp-content\/uploads\/2025\/02\/Side-Braid-5.jpg\" alt=\"Tran\u00e7a lateral\" width=\"300\" height=\"300\" id=\"mv-trellis-img-26\" loading=\"lazy\" class=\"lazyload\" data-trellis-processed=\"1\"><div style=\"position: absolute; top: 0.5rem; right: 0.75rem;\"> <a href=\"https:\/\/www.pinterest.com\/pin\/create\/button\/\" data-pin-do=\"buttonPin\" data-pin-tall=\"true\" data-pin-url=\"https:\/\/flawlesshair.com\/pt\/cortes-de-cabelo-para-rosto-redondo-2\/\" data-pin-media=\"https:\/\/flawlesshair.com\/wp-content\/uploads\/2025\/02\/Side-Braid-5.jpg\" data-pin-description=\"Want To Add Angles? These 2025 Styles Were Made For Round Faces\" rel=\"nofollow noopener\" target=\"_blank\"> <\/a><\/div><\/div><figcaption class=\"wp-element-caption\">\n                <a href=\"https:\/\/www.instagram.com\/reel\/CyVfCCaSg6e\/\" target=\"_blank\" rel=\"noreferrer noopener nofollow\">\u00a9 kkrriiista<\/a><\/figcaption><\/figure>\n\n\n\n<p>As tran\u00e7as laterais s\u00e3o charmosas e pr\u00e1ticas, dando um toque de capricho ao seu visual. Alongam o aspeto do seu rosto, atraindo o olhar para baixo. Ideal para aventuras ao ar livre ou passeios casuais. Prenda com um pequeno el\u00e1stico para um acabamento perfeito.<\/p>\n\n\n\n<h2 class=\"wp-block-heading\">27. Ondas de praia soltas<\/h2>\n\n\n\n<figure class=\"wp-block-image\"><div style=\"position: relative;\"><noscript><img decoding=\"async\" src=\"https:\/\/flawlesshair.com\/wp-content\/uploads\/2025\/02\/Loose-Beach-Waves-1.jpg\" alt=\"Ondas de praia soltas\"><\/noscript><img decoding=\"async\" src=\"https:\/\/flawlesshair.com\/wp-content\/uploads\/2025\/02\/Loose-Beach-Waves-1.jpg\" alt=\"Ondas de praia soltas\" width=\"300\" height=\"300\" id=\"mv-trellis-img-27\" loading=\"lazy\" class=\"lazyload\" data-trellis-processed=\"1\"><div style=\"position: absolute; top: 0.5rem; right: 0.75rem;\"> <a href=\"https:\/\/www.pinterest.com\/pin\/create\/button\/\" data-pin-do=\"buttonPin\" data-pin-tall=\"true\" data-pin-url=\"https:\/\/flawlesshair.com\/pt\/cortes-de-cabelo-para-rosto-redondo-2\/\" data-pin-media=\"https:\/\/flawlesshair.com\/wp-content\/uploads\/2025\/02\/Loose-Beach-Waves-1.jpg\" data-pin-description=\"Want To Add Angles? These 2025 Styles Were Made For Round Faces\" rel=\"nofollow noopener\" target=\"_blank\"> <\/a><\/div><\/div><figcaption class=\"wp-element-caption\">\n                <a href=\"https:\/\/www.instagram.com\/chelseahaircutters\/p\/CMxuOw5povl\/\" target=\"_blank\" rel=\"noreferrer noopener nofollow\">\u00a9 chelseahaircutters<\/a><\/figcaption><\/figure>\n\n\n\n<p>As beach waves soltas oferecem uma vibra\u00e7\u00e3o bo\u00e9mia e descontra\u00edda que se adequa a rostos redondos. Acrescentam volume e textura, criando um look suave e alongado. Perfeito para o ver\u00e3o ou para ambientes costeiros. Utilize um spray de sal marinho para uma forma\u00e7\u00e3o de ondas e fixa\u00e7\u00e3o sem esfor\u00e7o.<\/p>\n\n\n\n<h2 class=\"wp-block-heading\">28. Camadas compridas com madeixas<\/h2>\n\n\n\n<figure class=\"wp-block-image\"><div style=\"position: relative;\"><noscript><img decoding=\"async\" src=\"https:\/\/flawlesshair.com\/wp-content\/uploads\/2025\/02\/Long-Layers-with-Highlights-1.jpg\" alt=\"Camadas longas com madeixas\"><\/noscript><img decoding=\"async\" src=\"https:\/\/flawlesshair.com\/wp-content\/uploads\/2025\/02\/Long-Layers-with-Highlights-1.jpg\" alt=\"Camadas longas com madeixas\" width=\"300\" height=\"300\" id=\"mv-trellis-img-28\" loading=\"lazy\" class=\"lazyload\" data-trellis-processed=\"1\"><div style=\"position: absolute; top: 0.5rem; right: 0.75rem;\"> <a href=\"https:\/\/www.pinterest.com\/pin\/create\/button\/\" data-pin-do=\"buttonPin\" data-pin-tall=\"true\" data-pin-url=\"https:\/\/flawlesshair.com\/pt\/cortes-de-cabelo-para-rosto-redondo-2\/\" data-pin-media=\"https:\/\/flawlesshair.com\/wp-content\/uploads\/2025\/02\/Long-Layers-with-Highlights-1.jpg\" data-pin-description=\"Want To Add Angles? These 2025 Styles Were Made For Round Faces\" rel=\"nofollow noopener\" target=\"_blank\"> <\/a><\/div><\/div><figcaption class=\"wp-element-caption\">\n                <a href=\"https:\/\/www.instagram.com\/styled_by_selena\/p\/C2utdK6Mcow\/\" target=\"_blank\" rel=\"noreferrer noopener nofollow\">\u00a9 styled_by_selena<\/a><\/figcaption><\/figure>\n\n\n\n<p>Camadas longas combinadas com madeixas conferem profundidade e luminosidade ao seu look. As camadas emolduram o seu rosto, enquanto as madeixas criam um interesse visual din\u00e2mico. Ideal para quem procura um look natural e beijado pelo sol. Utilize um spray condicionador ligeiro para manter a suavidade e o brilho.<\/p>\n\n\n\n<h2 class=\"wp-block-heading\">29. Carac\u00f3is suaves com risca ao lado<\/h2>\n\n\n\n<figure class=\"wp-block-image\"><div style=\"position: relative;\"><noscript><img decoding=\"async\" src=\"https:\/\/flawlesshair.com\/wp-content\/uploads\/2025\/02\/Soft-Curls-with-Side-Part-2.jpg\" alt=\"Carac\u00f3is suaves com risca ao lado\"><\/noscript><img decoding=\"async\" src=\"https:\/\/flawlesshair.com\/wp-content\/uploads\/2025\/02\/Soft-Curls-with-Side-Part-2.jpg\" alt=\"Carac\u00f3is suaves com risca ao lado\" width=\"300\" height=\"300\" id=\"mv-trellis-img-29\" loading=\"lazy\" class=\"lazyload\" data-trellis-processed=\"1\"><div style=\"position: absolute; top: 0.5rem; right: 0.75rem;\"> <a href=\"https:\/\/www.pinterest.com\/pin\/create\/button\/\" data-pin-do=\"buttonPin\" data-pin-tall=\"true\" data-pin-url=\"https:\/\/flawlesshair.com\/pt\/cortes-de-cabelo-para-rosto-redondo-2\/\" data-pin-media=\"https:\/\/flawlesshair.com\/wp-content\/uploads\/2025\/02\/Soft-Curls-with-Side-Part-2.jpg\" data-pin-description=\"Want To Add Angles? These 2025 Styles Were Made For Round Faces\" rel=\"nofollow noopener\" target=\"_blank\"> <\/a><\/div><\/div><figcaption class=\"wp-element-caption\">\n                <a href=\"https:\/\/www.instagram.com\/jenny_borrego\/reel\/CxYZh2kR-Z2\/\" target=\"_blank\" rel=\"noreferrer noopener nofollow\">\u00a9 jenny_borrego<\/a><\/figcaption><\/figure>\n\n\n\n<p>Carac\u00f3is suaves com uma risca ao lado introduzem eleg\u00e2ncia e sofistica\u00e7\u00e3o. Este estilo alonga o rosto, oferecendo uma apar\u00eancia chique e polida. Perfeito para ocasi\u00f5es formais ou sa\u00eddas nocturnas glamorosas. Utilize um ferro de frisar e um spray finalizador para obter carac\u00f3is duradouros.<\/p>\n\n\n\n<h2 class=\"wp-block-heading\">30. Ondas vintage<\/h2>\n\n\n\n<figure class=\"wp-block-image\"><div style=\"position: relative;\"><noscript><img decoding=\"async\" src=\"https:\/\/flawlesshair.com\/wp-content\/uploads\/2025\/02\/Vintage-Waves-4.jpg\" alt=\"Ondas vintage\"><\/noscript><img decoding=\"async\" src=\"https:\/\/flawlesshair.com\/wp-content\/uploads\/2025\/02\/Vintage-Waves-4.jpg\" alt=\"Ondas vintage\" width=\"300\" height=\"300\" id=\"mv-trellis-img-30\" loading=\"lazy\" class=\"lazyload\" data-trellis-processed=\"1\"><div style=\"position: absolute; top: 0.5rem; right: 0.75rem;\"> <a href=\"https:\/\/www.pinterest.com\/pin\/create\/button\/\" data-pin-do=\"buttonPin\" data-pin-tall=\"true\" data-pin-url=\"https:\/\/flawlesshair.com\/pt\/cortes-de-cabelo-para-rosto-redondo-2\/\" data-pin-media=\"https:\/\/flawlesshair.com\/wp-content\/uploads\/2025\/02\/Vintage-Waves-4.jpg\" data-pin-description=\"Want To Add Angles? These 2025 Styles Were Made For Round Faces\" rel=\"nofollow noopener\" target=\"_blank\"> <\/a><\/div><\/div><figcaption class=\"wp-element-caption\">\n                <a href=\"https:\/\/www.instagram.com\/ellasbridalhair\/p\/CdPpRXnP7IU\/\" target=\"_blank\" rel=\"noreferrer noopener nofollow\">\u00a9 ellasbridalhair<\/a><\/figcaption><\/figure>\n\n\n\n<p>As ondas vintage exalam uma eleg\u00e2ncia cl\u00e1ssica, conferindo glamour a qualquer formato de rosto. Alongam suavemente os rostos redondos, criando uma silhueta intemporal. Ideal para eventos tem\u00e1ticos ou reuni\u00f5es formais. Utilize um spray fixador e um pente de dentes largos para obter a onda perfeita.<\/p>\n\n\n\n<h2 class=\"wp-block-heading\">31. Bob com parte lateral<\/h2>\n\n\n\n<figure class=\"wp-block-image\"><div style=\"position: relative;\"><noscript><img decoding=\"async\" src=\"https:\/\/flawlesshair.com\/wp-content\/uploads\/2025\/02\/Bob-with-Side-Part-2.jpg\" alt=\"Bob com corte lateral\"><\/noscript><img decoding=\"async\" src=\"https:\/\/flawlesshair.com\/wp-content\/uploads\/2025\/02\/Bob-with-Side-Part-2.jpg\" alt=\"Bob com corte lateral\" width=\"300\" height=\"300\" id=\"mv-trellis-img-31\" loading=\"lazy\" class=\"lazyload\" data-trellis-processed=\"1\"><div style=\"position: absolute; top: 0.5rem; right: 0.75rem;\"> <a href=\"https:\/\/www.pinterest.com\/pin\/create\/button\/\" data-pin-do=\"buttonPin\" data-pin-tall=\"true\" data-pin-url=\"https:\/\/flawlesshair.com\/pt\/cortes-de-cabelo-para-rosto-redondo-2\/\" data-pin-media=\"https:\/\/flawlesshair.com\/wp-content\/uploads\/2025\/02\/Bob-with-Side-Part-2.jpg\" data-pin-description=\"Want To Add Angles? These 2025 Styles Were Made For Round Faces\" rel=\"nofollow noopener\" target=\"_blank\"> <\/a><\/div><\/div><figcaption class=\"wp-element-caption\">\n                <a href=\"https:\/\/www.instagram.com\/glazestyles_\/p\/CelpbSIOwlw\/\" target=\"_blank\" rel=\"noreferrer noopener nofollow\">\u00a9 glazestyles_<\/a><\/figcaption><\/figure>\n\n\n\n<p>Um bob com uma risca lateral acrescenta sofistica\u00e7\u00e3o e eleg\u00e2ncia, desviando a aten\u00e7\u00e3o da redondeza. Este estilo \u00e9 ideal para quem quer um look refinado e polido. A manuten\u00e7\u00e3o regular mant\u00e9m o corte afiado. Use um pouco de mousse para dar mais volume e textura.<\/p>\n\n\n\n<h2 class=\"wp-block-heading\">32. Corte Pixie Desgrenhado<\/h2>\n\n\n\n<figure class=\"wp-block-image\"><div style=\"position: relative;\"><noscript><img decoding=\"async\" src=\"https:\/\/flawlesshair.com\/wp-content\/uploads\/2025\/02\/Tousled-Pixie-Cut-2.jpg\" alt=\"Corte Pixie despenteado\"><\/noscript><img decoding=\"async\" src=\"https:\/\/flawlesshair.com\/wp-content\/uploads\/2025\/02\/Tousled-Pixie-Cut-2.jpg\" alt=\"Corte Pixie despenteado\" width=\"300\" height=\"300\" id=\"mv-trellis-img-32\" loading=\"lazy\" class=\"lazyload\" data-trellis-processed=\"1\"><div style=\"position: absolute; top: 0.5rem; right: 0.75rem;\"> <a href=\"https:\/\/www.pinterest.com\/pin\/create\/button\/\" data-pin-do=\"buttonPin\" data-pin-tall=\"true\" data-pin-url=\"https:\/\/flawlesshair.com\/pt\/cortes-de-cabelo-para-rosto-redondo-2\/\" data-pin-media=\"https:\/\/flawlesshair.com\/wp-content\/uploads\/2025\/02\/Tousled-Pixie-Cut-2.jpg\" data-pin-description=\"Want To Add Angles? These 2025 Styles Were Made For Round Faces\" rel=\"nofollow noopener\" target=\"_blank\"> <\/a><\/div><\/div><figcaption class=\"wp-element-caption\">\n                <a href=\"https:\/\/www.instagram.com\/cutsbyso\/p\/C9QW4oky0aj\/revamping-a-piece-y-pixie-cut-that-i-did-on-courtney-this-time-we-brought-the-si\/\" target=\"_blank\" rel=\"noreferrer noopener nofollow\">\u00a9 cutsbyso<\/a><\/figcaption><\/figure>\n\n\n\n<p>Um corte pixie despenteado introduz uma vibra\u00e7\u00e3o despreocupada e animada. Acrescenta altura e textura, alongando o rosto. Perfeito para esp\u00edritos aventureiros que gostam de um estilo divertido e f\u00e1cil de manter. Utilize um spray texturizante para real\u00e7ar o efeito despenteado.<\/p>\n\n\n\n<h2 class=\"wp-block-heading\">33. Camadas compridas com carac\u00f3is<\/h2>\n\n\n\n<figure class=\"wp-block-image\"><div style=\"position: relative;\"><noscript><img decoding=\"async\" src=\"https:\/\/flawlesshair.com\/wp-content\/uploads\/2025\/02\/Long-Layers-with-Curls-1.jpg\" alt=\"Camadas longas com carac\u00f3is\"><\/noscript><img decoding=\"async\" src=\"https:\/\/flawlesshair.com\/wp-content\/uploads\/2025\/02\/Long-Layers-with-Curls-1.jpg\" alt=\"Camadas longas com carac\u00f3is\" width=\"300\" height=\"300\" id=\"mv-trellis-img-33\" loading=\"lazy\" class=\"lazyload\" data-trellis-processed=\"1\"><div style=\"position: absolute; top: 0.5rem; right: 0.75rem;\"> <a href=\"https:\/\/www.pinterest.com\/pin\/create\/button\/\" data-pin-do=\"buttonPin\" data-pin-tall=\"true\" data-pin-url=\"https:\/\/flawlesshair.com\/pt\/cortes-de-cabelo-para-rosto-redondo-2\/\" data-pin-media=\"https:\/\/flawlesshair.com\/wp-content\/uploads\/2025\/02\/Long-Layers-with-Curls-1.jpg\" data-pin-description=\"Want To Add Angles? These 2025 Styles Were Made For Round Faces\" rel=\"nofollow noopener\" target=\"_blank\"> <\/a><\/div><\/div><figcaption class=\"wp-element-caption\">\n                <a href=\"https:\/\/www.instagram.com\/sincerehair22\/p\/CwQktCkxsxK\/\" target=\"_blank\" rel=\"noreferrer noopener nofollow\">\u00a9 sincerehair22<\/a><\/figcaption><\/figure>\n\n\n\n<p>As camadas longas com carac\u00f3is oferecem um look rom\u00e2ntico e gracioso. As camadas d\u00e3o dimens\u00e3o, enquanto os carac\u00f3is real\u00e7am a feminilidade. Ideal para ambientes casuais e formais. Utilize um creme definidor de carac\u00f3is para obter carac\u00f3is perfeitamente modelados. Este estilo alonga e emoldura o rosto.<\/p>\n\n\n\n<h2 class=\"wp-block-heading\">34. Penteado alto com franja<\/h2>\n\n\n\n<figure class=\"wp-block-image\"><div style=\"position: relative;\"><noscript><img decoding=\"async\" src=\"https:\/\/flawlesshair.com\/wp-content\/uploads\/2025\/02\/High-Bun-with-Bangs-1.jpg\" alt=\"Penteado alto com franja\"><\/noscript><img decoding=\"async\" src=\"https:\/\/flawlesshair.com\/wp-content\/uploads\/2025\/02\/High-Bun-with-Bangs-1.jpg\" alt=\"Penteado alto com franja\" width=\"300\" height=\"300\" id=\"mv-trellis-img-34\" loading=\"lazy\" class=\"lazyload\" data-trellis-processed=\"1\"><div style=\"position: absolute; top: 0.5rem; right: 0.75rem;\"> <a href=\"https:\/\/www.pinterest.com\/pin\/create\/button\/\" data-pin-do=\"buttonPin\" data-pin-tall=\"true\" data-pin-url=\"https:\/\/flawlesshair.com\/pt\/cortes-de-cabelo-para-rosto-redondo-2\/\" data-pin-media=\"https:\/\/flawlesshair.com\/wp-content\/uploads\/2025\/02\/High-Bun-with-Bangs-1.jpg\" data-pin-description=\"Want To Add Angles? These 2025 Styles Were Made For Round Faces\" rel=\"nofollow noopener\" target=\"_blank\"> <\/a><\/div><\/div><figcaption class=\"wp-element-caption\">\n                <a href=\"https:\/\/www.instagram.com\/shirleyyin_\/p\/C8Y3LmZSeNq\/\" target=\"_blank\" rel=\"noreferrer noopener nofollow\">\u00a9 shirleyyin_<\/a><\/figcaption><\/figure>\n\n\n\n<p>Um carrapito alto com franja proporciona um estilo chique e elegante. O carrapito acrescenta altura, enquanto a franja quebra a redondeza do rosto. Perfeito para ocasi\u00f5es desportivas e formais. Utilize ganchos e laca para uma fixa\u00e7\u00e3o segura. Esta combina\u00e7\u00e3o oferece um perfil equilibrado.<\/p>\n\n\n\n<h2 class=\"wp-block-heading\">35. Franja com cabelo ondulado<\/h2>\n\n\n\n<figure class=\"wp-block-image\"><div style=\"position: relative;\"><noscript><img decoding=\"async\" src=\"https:\/\/flawlesshair.com\/wp-content\/uploads\/2025\/02\/Fringe-with-Wavy-Hair-1.jpg\" alt=\"Franja com cabelo ondulado\"><\/noscript><img decoding=\"async\" src=\"https:\/\/flawlesshair.com\/wp-content\/uploads\/2025\/02\/Fringe-with-Wavy-Hair-1.jpg\" alt=\"Franja com cabelo ondulado\" width=\"300\" height=\"300\" id=\"mv-trellis-img-35\" loading=\"lazy\" class=\"lazyload\" data-trellis-processed=\"1\"><div style=\"position: absolute; top: 0.5rem; right: 0.75rem;\"> <a href=\"https:\/\/www.pinterest.com\/pin\/create\/button\/\" data-pin-do=\"buttonPin\" data-pin-tall=\"true\" data-pin-url=\"https:\/\/flawlesshair.com\/pt\/cortes-de-cabelo-para-rosto-redondo-2\/\" data-pin-media=\"https:\/\/flawlesshair.com\/wp-content\/uploads\/2025\/02\/Fringe-with-Wavy-Hair-1.jpg\" data-pin-description=\"Want To Add Angles? These 2025 Styles Were Made For Round Faces\" rel=\"nofollow noopener\" target=\"_blank\"> <\/a><\/div><\/div><figcaption class=\"wp-element-caption\">\n                <a href=\"https:\/\/www.instagram.com\/florence.hair\/p\/CgMFRriv0My\/\" target=\"_blank\" rel=\"noreferrer noopener nofollow\">\u00a9 florence.hair<\/a><\/figcaption><\/figure>\n\n\n\n<p>A franja combinada com cabelo ondulado cria um look descontra\u00eddo e divertido. As ondas acrescentam suavidade e volume, enquanto a franja acrescenta interesse. Ideal para quem procura uma apar\u00eancia descontra\u00edda mas com estilo. Utilize um spray para aumentar as ondas para obter uma textura e movimento naturais.<\/p>\n\n\n\n<h2 class=\"wp-block-heading\">36. Long Layered Waves<\/h2>\n\n\n\n<figure class=\"wp-block-image\"><div style=\"position: relative;\"><noscript><img decoding=\"async\" src=\"https:\/\/flawlesshair.com\/wp-content\/uploads\/2025\/02\/Long-Layered-Waves-2.jpg\" alt=\"Ondas longas em camadas\"><\/noscript><img decoding=\"async\" src=\"https:\/\/flawlesshair.com\/wp-content\/uploads\/2025\/02\/Long-Layered-Waves-2.jpg\" alt=\"Ondas longas em camadas\" width=\"300\" height=\"300\" id=\"mv-trellis-img-36\" loading=\"lazy\" class=\"lazyload\" data-trellis-processed=\"1\"><div style=\"position: absolute; top: 0.5rem; right: 0.75rem;\"> <a href=\"https:\/\/www.pinterest.com\/pin\/create\/button\/\" data-pin-do=\"buttonPin\" data-pin-tall=\"true\" data-pin-url=\"https:\/\/flawlesshair.com\/pt\/cortes-de-cabelo-para-rosto-redondo-2\/\" data-pin-media=\"https:\/\/flawlesshair.com\/wp-content\/uploads\/2025\/02\/Long-Layered-Waves-2.jpg\" data-pin-description=\"Want To Add Angles? These 2025 Styles Were Made For Round Faces\" rel=\"nofollow noopener\" target=\"_blank\"> <\/a><\/div><\/div><figcaption class=\"wp-element-caption\">\n                <a href=\"https:\/\/www.instagram.com\/victoria.hairart\/p\/CusWFHbP-RT\/\" target=\"_blank\" rel=\"noreferrer noopener nofollow\">\u00a9 victoria.hairart<\/a><\/figcaption><\/figure>\n\n\n\n<p><a href=\"https:\/\/flawlesshair.com\/pt\/cabelo-comprido-em-camadas\/\">Ondas longas em camadas<\/a> As camadas de cabelo d\u00e3o volume e profundidade, fazendo com que o seu rosto pare\u00e7a alongado. As camadas emolduram suavemente as ma\u00e7\u00e3s do rosto, criando um efeito lisonjeiro. Perfeito para quem procura um estilo sem esfor\u00e7o mas chique. Considere a utiliza\u00e7\u00e3o de uma mousse ligeira para real\u00e7ar as ondas naturais.<\/p>\n\n\n\n<h2 class=\"wp-block-heading\">37. Side-Swept Bangs<\/h2>\n\n\n\n<figure class=\"wp-block-image\"><div style=\"position: relative;\"><noscript><img decoding=\"async\" src=\"https:\/\/flawlesshair.com\/wp-content\/uploads\/2025\/02\/Side-Swept-Bangs-24.jpg\" alt=\"Franja lateral\"><\/noscript><img decoding=\"async\" src=\"https:\/\/flawlesshair.com\/wp-content\/uploads\/2025\/02\/Side-Swept-Bangs-24.jpg\" alt=\"Franja lateral\" width=\"300\" height=\"300\" id=\"mv-trellis-img-37\" loading=\"lazy\" class=\"lazyload\" data-trellis-processed=\"1\"><div style=\"position: absolute; top: 0.5rem; right: 0.75rem;\"> <a href=\"https:\/\/www.pinterest.com\/pin\/create\/button\/\" data-pin-do=\"buttonPin\" data-pin-tall=\"true\" data-pin-url=\"https:\/\/flawlesshair.com\/pt\/cortes-de-cabelo-para-rosto-redondo-2\/\" data-pin-media=\"https:\/\/flawlesshair.com\/wp-content\/uploads\/2025\/02\/Side-Swept-Bangs-24.jpg\" data-pin-description=\"Want To Add Angles? These 2025 Styles Were Made For Round Faces\" rel=\"nofollow noopener\" target=\"_blank\"> <\/a><\/div><\/div><figcaption class=\"wp-element-caption\">\n                <a href=\"https:\/\/www.instagram.com\/ashleyb.hair\/p\/C9Q5apNShVc\/\" target=\"_blank\" rel=\"noreferrer noopener nofollow\">\u00a9 ashleyb.hair<\/a><\/figcaption><\/figure>\n\n\n\n<p>As franjas laterais criam uma ilus\u00e3o de comprimento, quebrando a redondeza do seu rosto. Combinada com um cabelo liso ou ligeiramente ondulado, d\u00e1 um toque de sofistica\u00e7\u00e3o. Ideal para um look suave e feminino. Mantenha a franja com cortes regulares para obter o melhor efeito.<\/p>","protected":false},"excerpt":{"rendered":"<p>If you&rsquo;ve got a round face, the right haircut can totally elevate your features. These looks play with length, angles, and volume to add structure &hellip;<\/p>","protected":false},"author":27,"featured_media":169645,"comment_status":"closed","ping_status":"closed","sticky":false,"template":"","format":"standard","meta":{"syndication_tool_enabled":false,"syndication_tool_title":"","syndication_tool_excerpt":"","syndication_tool_featured_image":0,"syndication_tool_publish_date":"","syndication_tool_schema_types":[],"syndication_tool_backlink_enable":false,"syndication_tool_ai_disclosure_enable":false,"disable-in-feed":false,"article-schema-type":"","disable-critical-css":false,"footnotes":""},"categories":[25],"tags":[],"class_list":["post-127665","post","type-post","status-publish","format-standard","has-post-thumbnail","hentry","category-cuts"],"_links":{"self":[{"href":"https:\/\/flawlesshair.com\/pt\/wp-json\/wp\/v2\/posts\/127665","targetHints":{"allow":["GET"]}}],"collection":[{"href":"https:\/\/flawlesshair.com\/pt\/wp-json\/wp\/v2\/posts"}],"about":[{"href":"https:\/\/flawlesshair.com\/pt\/wp-json\/wp\/v2\/types\/post"}],"author":[{"embeddable":true,"href":"https:\/\/flawlesshair.com\/pt\/wp-json\/wp\/v2\/users\/27"}],"replies":[{"embeddable":true,"href":"https:\/\/flawlesshair.com\/pt\/wp-json\/wp\/v2\/comments?post=127665"}],"version-history":[{"count":0,"href":"https:\/\/flawlesshair.com\/pt\/wp-json\/wp\/v2\/posts\/127665\/revisions"}],"wp:featuredmedia":[{"embeddable":true,"href":"https:\/\/flawlesshair.com\/pt\/wp-json\/wp\/v2\/media\/169645"}],"wp:attachment":[{"href":"https:\/\/flawlesshair.com\/pt\/wp-json\/wp\/v2\/media?parent=127665"}],"wp:term":[{"taxonomy":"category","embeddable":true,"href":"https:\/\/flawlesshair.com\/pt\/wp-json\/wp\/v2\/categories?post=127665"},{"taxonomy":"post_tag","embeddable":true,"href":"https:\/\/flawlesshair.com\/pt\/wp-json\/wp\/v2\/tags?post=127665"}],"curies":[{"name":"wp","href":"https:\/\/api.w.org\/{rel}","templated":true}]}}