{"id":13205,"date":"2023-05-17T04:09:24","date_gmt":"2023-05-17T04:09:24","guid":{"rendered":"https:\/\/flawlesshair.com\/?p=13205"},"modified":"2025-01-23T13:47:13","modified_gmt":"2025-01-23T12:47:13","slug":"cortes-de-cabelo-curtos","status":"publish","type":"post","link":"https:\/\/flawlesshair.com\/pt\/cortes-de-cabelo-curtos\/","title":{"rendered":"O melhor guia para os melhores penteados curtos de 2025"},"content":{"rendered":"<style>img#mv-trellis-img-1::before{padding-top:125.03052503053%; }img#mv-trellis-img-1{display:block;}img#mv-trellis-img-2::before{padding-top:125.03052503053%; }img#mv-trellis-img-2{display:block;}img#mv-trellis-img-3::before{padding-top:124.57420924574%; }img#mv-trellis-img-3{display:block;}img#mv-trellis-img-4::before{padding-top:98.6328125%; }img#mv-trellis-img-4{display:block;}img#mv-trellis-img-5::before{padding-top:125.03052503053%; }img#mv-trellis-img-5{display:block;}img#mv-trellis-img-6::before{padding-top:100%; }img#mv-trellis-img-6{display:block;}img#mv-trellis-img-7::before{padding-top:124.57420924574%; }img#mv-trellis-img-7{display:block;}img#mv-trellis-img-8::before{padding-top:124.27184466019%; }img#mv-trellis-img-8{display:block;}img#mv-trellis-img-9::before{padding-top:125.03052503053%; }img#mv-trellis-img-9{display:block;}img#mv-trellis-img-10::before{padding-top:100%; }img#mv-trellis-img-10{display:block;}img#mv-trellis-img-11::before{padding-top:115.96828992072%; }img#mv-trellis-img-11{display:block;}img#mv-trellis-img-12::before{padding-top:125.03052503053%; }img#mv-trellis-img-12{display:block;}img#mv-trellis-img-13::before{padding-top:125.03052503053%; }img#mv-trellis-img-13{display:block;}img#mv-trellis-img-14::before{padding-top:100%; }img#mv-trellis-img-14{display:block;}img#mv-trellis-img-15::before{padding-top:125.03052503053%; }img#mv-trellis-img-15{display:block;}img#mv-trellis-img-16::before{padding-top:100%; }img#mv-trellis-img-16{display:block;}img#mv-trellis-img-17::before{padding-top:125.03052503053%; }img#mv-trellis-img-17{display:block;}img#mv-trellis-img-18::before{padding-top:100%; }img#mv-trellis-img-18{display:block;}img#mv-trellis-img-19::before{padding-top:125.03052503053%; }img#mv-trellis-img-19{display:block;}img#mv-trellis-img-20::before{padding-top:125.03052503053%; }img#mv-trellis-img-20{display:block;}img#mv-trellis-img-21::before{padding-top:119.40298507463%; }img#mv-trellis-img-21{display:block;}img#mv-trellis-img-22::before{padding-top:100%; }img#mv-trellis-img-22{display:block;}img#mv-trellis-img-23::before{padding-top:125.03052503053%; }img#mv-trellis-img-23{display:block;}img#mv-trellis-img-24::before{padding-top:124.12121212121%; }img#mv-trellis-img-24{display:block;}img#mv-trellis-img-25::before{padding-top:125.03052503053%; }img#mv-trellis-img-25{display:block;}img#mv-trellis-img-26::before{padding-top:100%; }img#mv-trellis-img-26{display:block;}img#mv-trellis-img-27::before{padding-top:125.03052503053%; }img#mv-trellis-img-27{display:block;}img#mv-trellis-img-28::before{padding-top:125.03052503053%; }img#mv-trellis-img-28{display:block;}img#mv-trellis-img-29::before{padding-top:100%; }img#mv-trellis-img-29{display:block;}img#mv-trellis-img-30::before{padding-top:100%; }img#mv-trellis-img-30{display:block;}img#mv-trellis-img-31::before{padding-top:100%; }img#mv-trellis-img-31{display:block;}img#mv-trellis-img-32::before{padding-top:125.03052503053%; }img#mv-trellis-img-32{display:block;}img#mv-trellis-img-33::before{padding-top:121.90476190476%; }img#mv-trellis-img-33{display:block;}img#mv-trellis-img-34::before{padding-top:125.03052503053%; }img#mv-trellis-img-34{display:block;}img#mv-trellis-img-35::before{padding-top:100%; }img#mv-trellis-img-35{display:block;}img#mv-trellis-img-36::before{padding-top:125.03052503053%; }img#mv-trellis-img-36{display:block;}img#mv-trellis-img-37::before{padding-top:125.03052503053%; }img#mv-trellis-img-37{display:block;}img#mv-trellis-img-38::before{padding-top:125.03052503053%; }img#mv-trellis-img-38{display:block;}<\/style><div class=\"wp-block-image\">\n<figure class=\"aligncenter size-large\"><div style=\"position: relative;\"><noscript><img loading=\"lazy\" decoding=\"async\" width=\"819\" height=\"1024\" src=\"https:\/\/flawlesshair.com\/wp-content\/uploads\/2023\/05\/blonde-short-hairstyle-819x1024.jpg\" alt=\"penteado curto loiro\" class=\"wp-image-14017\" srcset=\"https:\/\/flawlesshair.com\/wp-content\/uploads\/2023\/05\/blonde-short-hairstyle-819x1024.jpg 819w, https:\/\/flawlesshair.com\/wp-content\/uploads\/2023\/05\/blonde-short-hairstyle-240x300.jpg 240w, https:\/\/flawlesshair.com\/wp-content\/uploads\/2023\/05\/blonde-short-hairstyle-768x961.jpg 768w, https:\/\/flawlesshair.com\/wp-content\/uploads\/2023\/05\/blonde-short-hairstyle-767x960.jpg 767w, https:\/\/flawlesshair.com\/wp-content\/uploads\/2023\/05\/blonde-short-hairstyle-863x1080.jpg 863w, https:\/\/flawlesshair.com\/wp-content\/uploads\/2023\/05\/blonde-short-hairstyle-959x1200.jpg 959w, https:\/\/flawlesshair.com\/wp-content\/uploads\/2023\/05\/blonde-short-hairstyle.jpg 1080w\" sizes=\"auto, (max-width: 760px) calc(100vw - 24px), 720px\"><\/noscript><img loading=\"eager\" decoding=\"async\" width=\"819\" height=\"1024\" src=\"data:image\/svg+xml,%3Csvg%20xmlns='http:\/\/www.w3.org\/2000\/svg'%20viewBox='0%200%20819%201024'%3E%3Crect%20width='819'%20height='1024'%20style='fill:%23e3e3e3'\/%3E%3C\/svg%3E\" alt=\"penteado curto loiro\" class=\"wp-image-14017 eager-load\" sizes=\"auto, (max-width: 760px) calc(100vw - 24px), 720px\" data-pin-media=\"https:\/\/flawlesshair.com\/wp-content\/uploads\/2023\/05\/blonde-short-hairstyle.jpg\" id=\"mv-trellis-img-1\" data-src=\"https:\/\/flawlesshair.com\/wp-content\/uploads\/2023\/05\/blonde-short-hairstyle-819x1024.jpg\" data-srcset=\"https:\/\/flawlesshair.com\/wp-content\/uploads\/2023\/05\/blonde-short-hairstyle-819x1024.jpg 819w, https:\/\/flawlesshair.com\/wp-content\/uploads\/2023\/05\/blonde-short-hairstyle-240x300.jpg 240w, https:\/\/flawlesshair.com\/wp-content\/uploads\/2023\/05\/blonde-short-hairstyle-768x961.jpg 768w, https:\/\/flawlesshair.com\/wp-content\/uploads\/2023\/05\/blonde-short-hairstyle-767x960.jpg 767w, https:\/\/flawlesshair.com\/wp-content\/uploads\/2023\/05\/blonde-short-hairstyle-863x1080.jpg 863w, https:\/\/flawlesshair.com\/wp-content\/uploads\/2023\/05\/blonde-short-hairstyle-959x1200.jpg 959w, https:\/\/flawlesshair.com\/wp-content\/uploads\/2023\/05\/blonde-short-hairstyle.jpg 1080w\" data-svg=\"1\" data-trellis-processed=\"1\"><div style=\"position: absolute; top: 0.5rem; right: 0.75rem;\"> <a href=\"https:\/\/www.pinterest.com\/pin\/create\/button\/\" data-pin-do=\"buttonPin\" data-pin-tall=\"true\" data-pin-url=\"https:\/\/flawlesshair.com\/pt\/cortes-de-cabelo-curtos\/\" data-pin-media=\"https:\/\/flawlesshair.com\/wp-content\/uploads\/2023\/05\/blonde-short-hairstyle-819x1024.jpg\" data-pin-description=\"The Ultimate Guide To The Hottest Short Hairstyles Of 2025\" rel=\"nofollow noopener\" target=\"_blank\"> <\/a><\/div><\/div><figcaption class=\"wp-element-caption\">@<a href=\"https:\/\/www.instagram.com\/bronwenrobins\" target=\"_blank\" rel=\"noreferrer noopener nofollow\">bronwenrobins<\/a><\/figcaption><\/figure>\n<\/div>\n\n\n<p>A \u00fanica forma de parecer feminina \u00e9 ter cabelo comprido, certo? Bem, errado! De facto, esta \u00e9 uma das maiores ideias erradas de todos os tempos. E est\u00e1 bastante desactualizada, al\u00e9m de tudo.<\/p>\n\n\n\n<p>Uma mulher moderna e auto-confiante sabe que pode usar o que quiser e como quiser. Sim, isso tamb\u00e9m se aplica ao seu cabelo. <\/p>\n\n\n\n<p>Mas aqui est\u00e1 o mais importante: pode ficar ainda mais atraente e bonita com o cabelo curto. S\u00f3 h\u00e1 um truque: tem de saber como escolher o penteado curto certo. <\/p>\n\n\n\n<h2 class=\"wp-block-heading\">Tipos de penteados curtos e como us\u00e1-los em 2023<\/h2>\n\n\n\n<p>Como o fazer? Como saber qual o estilo curto que mais a favorece? Qual \u00e9 o melhor para o seu formato de rosto, tipo de cabelo, textura, idade? Como escolher o corte de cabelo perfeito, especialmente quando h\u00e1 tantos por onde escolher?<\/p>\n\n\n\n<p>Bem, \u00e9 por isso que estou aqui: para vos dar uma ajuda e para vos guiar nesta viagem. <\/p>\n\n\n\n<h3 class=\"wp-block-heading\">1. Corte de Bob<\/h3>\n\n\n<div class=\"wp-block-image\">\n<figure class=\"aligncenter size-large\"><div style=\"position: relative;\"><noscript><img loading=\"lazy\" decoding=\"async\" width=\"819\" height=\"1024\" src=\"https:\/\/flawlesshair.com\/wp-content\/uploads\/2023\/05\/bob-cut-819x1024.jpg\" alt=\"corte bob\" class=\"wp-image-13343\" srcset=\"https:\/\/flawlesshair.com\/wp-content\/uploads\/2023\/05\/bob-cut-819x1024.jpg 819w, https:\/\/flawlesshair.com\/wp-content\/uploads\/2023\/05\/bob-cut-240x300.jpg 240w, https:\/\/flawlesshair.com\/wp-content\/uploads\/2023\/05\/bob-cut-768x960.jpg 768w, https:\/\/flawlesshair.com\/wp-content\/uploads\/2023\/05\/bob-cut-864x1080.jpg 864w, https:\/\/flawlesshair.com\/wp-content\/uploads\/2023\/05\/bob-cut-960x1200.jpg 960w, https:\/\/flawlesshair.com\/wp-content\/uploads\/2023\/05\/bob-cut.jpg 1080w\" sizes=\"auto, (max-width: 760px) calc(100vw - 24px), 720px\"><\/noscript><img loading=\"lazy\" decoding=\"async\" width=\"819\" height=\"1024\" src=\"https:\/\/flawlesshair.com\/wp-content\/uploads\/2023\/05\/bob-cut-819x1024.jpg\" alt=\"corte bob\" class=\"wp-image-13343 lazyload\" srcset=\"https:\/\/flawlesshair.com\/wp-content\/uploads\/2023\/05\/bob-cut-819x1024.jpg 819w, https:\/\/flawlesshair.com\/wp-content\/uploads\/2023\/05\/bob-cut-240x300.jpg 240w, https:\/\/flawlesshair.com\/wp-content\/uploads\/2023\/05\/bob-cut-768x960.jpg 768w, https:\/\/flawlesshair.com\/wp-content\/uploads\/2023\/05\/bob-cut-864x1080.jpg 864w, https:\/\/flawlesshair.com\/wp-content\/uploads\/2023\/05\/bob-cut-960x1200.jpg 960w, https:\/\/flawlesshair.com\/wp-content\/uploads\/2023\/05\/bob-cut.jpg 1080w\" sizes=\"auto, (max-width: 760px) calc(100vw - 24px), 720px\" data-pin-media=\"https:\/\/flawlesshair.com\/wp-content\/uploads\/2023\/05\/bob-cut.jpg\" id=\"mv-trellis-img-2\" data-trellis-processed=\"1\"><div style=\"position: absolute; top: 0.5rem; right: 0.75rem;\"> <a href=\"https:\/\/www.pinterest.com\/pin\/create\/button\/\" data-pin-do=\"buttonPin\" data-pin-tall=\"true\" data-pin-url=\"https:\/\/flawlesshair.com\/pt\/cortes-de-cabelo-curtos\/\" data-pin-media=\"https:\/\/flawlesshair.com\/wp-content\/uploads\/2023\/05\/bob-cut-819x1024.jpg\" data-pin-description=\"The Ultimate Guide To The Hottest Short Hairstyles Of 2025\" rel=\"nofollow noopener\" target=\"_blank\"> <\/a><\/div><\/div><figcaption class=\"wp-element-caption\">@<a href=\"https:\/\/www.instagram.com\/olgakursitis\" target=\"_blank\" rel=\"noreferrer noopener nofollow\">olgacursite<\/a><\/figcaption><\/figure>\n<\/div>\n\n\n<p>J\u00e1 reparou que <a href=\"https:\/\/flawlesshair.com\/pt\/penteados-bob\/\">corte bob<\/a> nunca passa de moda? Sim, existem algumas variantes, tais como <a href=\"https:\/\/flawlesshair.com\/pt\/cortes-de-cabelo-com-corte-angular\/\">bob angular<\/a>, <a href=\"https:\/\/flawlesshair.com\/pt\/bob-frances\/\">Bob franc\u00eas<\/a>, <a href=\"https:\/\/flawlesshair.com\/pt\/bob-comprido-com-franja\/\">cabelo comprido<\/a>, <a href=\"https:\/\/flawlesshair.com\/pt\/bob-em-camadas-com-franja\/\">bob em camadas<\/a>, <a href=\"https:\/\/flawlesshair.com\/pt\/corte-curto-com-franja\/\">bobina cega<\/a>, <a href=\"https:\/\/flawlesshair.com\/pt\/cortes-de-cabelo-bob-empilhados\/\">bob empilhado<\/a>, <a href=\"https:\/\/flawlesshair.com\/pt\/corte-curto-com-franja-2\/\">cabelo curto<\/a>, <a href=\"https:\/\/flawlesshair.com\/pt\/bob-invertido-com-franja\/\">bob invertido<\/a>, <a href=\"https:\/\/flawlesshair.com\/pt\/bob-assimetrico\/\">bob assim\u00e9trico<\/a> e assim por diante. Mas, no fim de contas, continuamos a falar do mesmo corte de cabelo.<\/p>\n\n\n\n<p>\u00c9 evidente que o corte bob \u00e9 um dos penteados curtos intemporais, pelo que n\u00e3o pode errar se o escolher para a sua pr\u00f3xima transforma\u00e7\u00e3o. Este corte de cabelo deve ser a sua melhor escolha se quiser manter algum do comprimento do seu cabelo. <\/p>\n\n\n\n<figure class=\"wp-block-gallery has-nested-images columns-default is-cropped wp-block-gallery-1 is-layout-flex wp-block-gallery-is-layout-flex\">\n<figure class=\"wp-block-image size-large\"><div style=\"position: relative;\"><noscript><img loading=\"lazy\" decoding=\"async\" width=\"822\" height=\"1024\" data-id=\"13344\" src=\"https:\/\/flawlesshair.com\/wp-content\/uploads\/2023\/05\/chin-length-bob-cut-822x1024.jpg\" alt=\"corte bob \u00e0 altura do queixo\" class=\"wp-image-13344\" srcset=\"https:\/\/flawlesshair.com\/wp-content\/uploads\/2023\/05\/chin-length-bob-cut-822x1024.jpg 822w, https:\/\/flawlesshair.com\/wp-content\/uploads\/2023\/05\/chin-length-bob-cut-241x300.jpg 241w, https:\/\/flawlesshair.com\/wp-content\/uploads\/2023\/05\/chin-length-bob-cut-768x957.jpg 768w, https:\/\/flawlesshair.com\/wp-content\/uploads\/2023\/05\/chin-length-bob-cut-770x960.jpg 770w, https:\/\/flawlesshair.com\/wp-content\/uploads\/2023\/05\/chin-length-bob-cut-867x1080.jpg 867w, https:\/\/flawlesshair.com\/wp-content\/uploads\/2023\/05\/chin-length-bob-cut-963x1200.jpg 963w, https:\/\/flawlesshair.com\/wp-content\/uploads\/2023\/05\/chin-length-bob-cut.jpg 1080w\" sizes=\"auto, (max-width: 760px) calc(100vw - 24px), 720px\"><\/noscript><img loading=\"lazy\" decoding=\"async\" width=\"822\" height=\"1024\" data-id=\"13344\" src=\"https:\/\/flawlesshair.com\/wp-content\/uploads\/2023\/05\/chin-length-bob-cut-822x1024.jpg\" alt=\"corte bob \u00e0 altura do queixo\" class=\"wp-image-13344 lazyload\" srcset=\"https:\/\/flawlesshair.com\/wp-content\/uploads\/2023\/05\/chin-length-bob-cut-822x1024.jpg 822w, https:\/\/flawlesshair.com\/wp-content\/uploads\/2023\/05\/chin-length-bob-cut-241x300.jpg 241w, https:\/\/flawlesshair.com\/wp-content\/uploads\/2023\/05\/chin-length-bob-cut-768x957.jpg 768w, https:\/\/flawlesshair.com\/wp-content\/uploads\/2023\/05\/chin-length-bob-cut-770x960.jpg 770w, https:\/\/flawlesshair.com\/wp-content\/uploads\/2023\/05\/chin-length-bob-cut-867x1080.jpg 867w, https:\/\/flawlesshair.com\/wp-content\/uploads\/2023\/05\/chin-length-bob-cut-963x1200.jpg 963w, https:\/\/flawlesshair.com\/wp-content\/uploads\/2023\/05\/chin-length-bob-cut.jpg 1080w\" sizes=\"auto, (max-width: 760px) calc(100vw - 24px), 720px\" data-pin-media=\"https:\/\/flawlesshair.com\/wp-content\/uploads\/2023\/05\/chin-length-bob-cut.jpg\" id=\"mv-trellis-img-3\" data-trellis-processed=\"1\"><div style=\"position: absolute; top: 0.5rem; right: 0.75rem;\"> <a href=\"https:\/\/www.pinterest.com\/pin\/create\/button\/\" data-pin-do=\"buttonPin\" data-pin-tall=\"true\" data-pin-url=\"https:\/\/flawlesshair.com\/pt\/cortes-de-cabelo-curtos\/\" data-pin-media=\"https:\/\/flawlesshair.com\/wp-content\/uploads\/2023\/05\/chin-length-bob-cut-822x1024.jpg\" data-pin-description=\"The Ultimate Guide To The Hottest Short Hairstyles Of 2025\" rel=\"nofollow noopener\" target=\"_blank\"> <\/a><\/div><\/div><figcaption class=\"wp-element-caption\">Bob na altura do queixo por <a href=\"https:\/\/www.instagram.com\/hair.khramova\/\" target=\"_blank\" rel=\"noreferrer noopener nofollow\">@hair.khramova<\/a><\/figcaption><\/figure>\n\n\n\n<figure class=\"wp-block-image size-large\"><div style=\"position: relative;\"><noscript><img loading=\"lazy\" decoding=\"async\" width=\"1024\" height=\"1010\" data-id=\"13345\" src=\"https:\/\/flawlesshair.com\/wp-content\/uploads\/2023\/05\/blunt-bob-cut-1024x1010.jpg\" alt=\"corte bob sem corte\" class=\"wp-image-13345\" srcset=\"https:\/\/flawlesshair.com\/wp-content\/uploads\/2023\/05\/blunt-bob-cut-1024x1010.jpg 1024w, https:\/\/flawlesshair.com\/wp-content\/uploads\/2023\/05\/blunt-bob-cut-300x296.jpg 300w, https:\/\/flawlesshair.com\/wp-content\/uploads\/2023\/05\/blunt-bob-cut-768x757.jpg 768w, https:\/\/flawlesshair.com\/wp-content\/uploads\/2023\/05\/blunt-bob-cut-960x947.jpg 960w, https:\/\/flawlesshair.com\/wp-content\/uploads\/2023\/05\/blunt-bob-cut.jpg 1080w\" sizes=\"auto, (max-width: 760px) calc(100vw - 24px), 720px\"><\/noscript><img loading=\"lazy\" decoding=\"async\" width=\"1024\" height=\"1010\" data-id=\"13345\" src=\"https:\/\/flawlesshair.com\/wp-content\/uploads\/2023\/05\/blunt-bob-cut-1024x1010.jpg\" alt=\"corte bob sem corte\" class=\"wp-image-13345 lazyload\" srcset=\"https:\/\/flawlesshair.com\/wp-content\/uploads\/2023\/05\/blunt-bob-cut-1024x1010.jpg 1024w, https:\/\/flawlesshair.com\/wp-content\/uploads\/2023\/05\/blunt-bob-cut-300x296.jpg 300w, https:\/\/flawlesshair.com\/wp-content\/uploads\/2023\/05\/blunt-bob-cut-768x757.jpg 768w, https:\/\/flawlesshair.com\/wp-content\/uploads\/2023\/05\/blunt-bob-cut-960x947.jpg 960w, https:\/\/flawlesshair.com\/wp-content\/uploads\/2023\/05\/blunt-bob-cut.jpg 1080w\" sizes=\"auto, (max-width: 760px) calc(100vw - 24px), 720px\" data-pin-media=\"https:\/\/flawlesshair.com\/wp-content\/uploads\/2023\/05\/blunt-bob-cut.jpg\" id=\"mv-trellis-img-4\" data-trellis-processed=\"1\"><div style=\"position: absolute; top: 0.5rem; right: 0.75rem;\"> <a href=\"https:\/\/www.pinterest.com\/pin\/create\/button\/\" data-pin-do=\"buttonPin\" data-pin-tall=\"true\" data-pin-url=\"https:\/\/flawlesshair.com\/pt\/cortes-de-cabelo-curtos\/\" data-pin-media=\"https:\/\/flawlesshair.com\/wp-content\/uploads\/2023\/05\/blunt-bob-cut-1024x1010.jpg\" data-pin-description=\"The Ultimate Guide To The Hottest Short Hairstyles Of 2025\" rel=\"nofollow noopener\" target=\"_blank\"> <\/a><\/div><\/div><figcaption class=\"wp-element-caption\">Blunt bob por <a href=\"https:\/\/www.instagram.com\/nicolasfloreshair\/\" target=\"_blank\" rel=\"noreferrer noopener nofollow\">@nicolasfloreshair<\/a><\/figcaption><\/figure>\n\n\n\n<figure class=\"wp-block-image size-large\"><div style=\"position: relative;\"><noscript><img loading=\"lazy\" decoding=\"async\" width=\"819\" height=\"1024\" data-id=\"13346\" src=\"https:\/\/flawlesshair.com\/wp-content\/uploads\/2023\/05\/inverted-bob-cut-819x1024.jpg\" alt=\"corte bob invertido\" class=\"wp-image-13346\" srcset=\"https:\/\/flawlesshair.com\/wp-content\/uploads\/2023\/05\/inverted-bob-cut-819x1024.jpg 819w, https:\/\/flawlesshair.com\/wp-content\/uploads\/2023\/05\/inverted-bob-cut-240x300.jpg 240w, https:\/\/flawlesshair.com\/wp-content\/uploads\/2023\/05\/inverted-bob-cut-768x960.jpg 768w, https:\/\/flawlesshair.com\/wp-content\/uploads\/2023\/05\/inverted-bob-cut-864x1080.jpg 864w, https:\/\/flawlesshair.com\/wp-content\/uploads\/2023\/05\/inverted-bob-cut-960x1200.jpg 960w, https:\/\/flawlesshair.com\/wp-content\/uploads\/2023\/05\/inverted-bob-cut.jpg 1080w\" sizes=\"auto, (max-width: 760px) calc(100vw - 24px), 720px\"><\/noscript><img loading=\"lazy\" decoding=\"async\" width=\"819\" height=\"1024\" data-id=\"13346\" src=\"https:\/\/flawlesshair.com\/wp-content\/uploads\/2023\/05\/inverted-bob-cut-819x1024.jpg\" alt=\"corte bob invertido\" class=\"wp-image-13346 lazyload\" srcset=\"https:\/\/flawlesshair.com\/wp-content\/uploads\/2023\/05\/inverted-bob-cut-819x1024.jpg 819w, https:\/\/flawlesshair.com\/wp-content\/uploads\/2023\/05\/inverted-bob-cut-240x300.jpg 240w, https:\/\/flawlesshair.com\/wp-content\/uploads\/2023\/05\/inverted-bob-cut-768x960.jpg 768w, https:\/\/flawlesshair.com\/wp-content\/uploads\/2023\/05\/inverted-bob-cut-864x1080.jpg 864w, https:\/\/flawlesshair.com\/wp-content\/uploads\/2023\/05\/inverted-bob-cut-960x1200.jpg 960w, https:\/\/flawlesshair.com\/wp-content\/uploads\/2023\/05\/inverted-bob-cut.jpg 1080w\" sizes=\"auto, (max-width: 760px) calc(100vw - 24px), 720px\" data-pin-media=\"https:\/\/flawlesshair.com\/wp-content\/uploads\/2023\/05\/inverted-bob-cut.jpg\" id=\"mv-trellis-img-5\" data-trellis-processed=\"1\"><div style=\"position: absolute; top: 0.5rem; right: 0.75rem;\"> <a href=\"https:\/\/www.pinterest.com\/pin\/create\/button\/\" data-pin-do=\"buttonPin\" data-pin-tall=\"true\" data-pin-url=\"https:\/\/flawlesshair.com\/pt\/cortes-de-cabelo-curtos\/\" data-pin-media=\"https:\/\/flawlesshair.com\/wp-content\/uploads\/2023\/05\/inverted-bob-cut-819x1024.jpg\" data-pin-description=\"The Ultimate Guide To The Hottest Short Hairstyles Of 2025\" rel=\"nofollow noopener\" target=\"_blank\"> <\/a><\/div><\/div><figcaption class=\"wp-element-caption\">Bob invertido por <a href=\"https:\/\/www.instagram.com\/susanmatthewsalon\" target=\"_blank\" rel=\"noreferrer noopener nofollow\">@susanmatthewsalon<\/a><\/figcaption><\/figure>\n\n\n\n<figure class=\"wp-block-image size-large\"><div style=\"position: relative;\"><noscript><img loading=\"lazy\" decoding=\"async\" width=\"1024\" height=\"1024\" data-id=\"13348\" src=\"https:\/\/flawlesshair.com\/wp-content\/uploads\/2023\/05\/wavy-bob-cut-1024x1024.jpg\" alt=\"corte bob ondulado\" class=\"wp-image-13348\" srcset=\"https:\/\/flawlesshair.com\/wp-content\/uploads\/2023\/05\/wavy-bob-cut-1024x1024.jpg 1024w, https:\/\/flawlesshair.com\/wp-content\/uploads\/2023\/05\/wavy-bob-cut-300x300.jpg 300w, https:\/\/flawlesshair.com\/wp-content\/uploads\/2023\/05\/wavy-bob-cut-150x150.jpg 150w, https:\/\/flawlesshair.com\/wp-content\/uploads\/2023\/05\/wavy-bob-cut-768x767.jpg 768w, https:\/\/flawlesshair.com\/wp-content\/uploads\/2023\/05\/wavy-bob-cut-728x728.jpg 728w, https:\/\/flawlesshair.com\/wp-content\/uploads\/2023\/05\/wavy-bob-cut-960x960.jpg 960w, https:\/\/flawlesshair.com\/wp-content\/uploads\/2023\/05\/wavy-bob-cut.jpg 1080w\" sizes=\"auto, (max-width: 760px) calc(100vw - 24px), 720px\"><\/noscript><img loading=\"lazy\" decoding=\"async\" width=\"1024\" height=\"1024\" data-id=\"13348\" src=\"https:\/\/flawlesshair.com\/wp-content\/uploads\/2023\/05\/wavy-bob-cut-1024x1024.jpg\" alt=\"corte bob ondulado\" class=\"wp-image-13348 lazyload\" srcset=\"https:\/\/flawlesshair.com\/wp-content\/uploads\/2023\/05\/wavy-bob-cut-1024x1024.jpg 1024w, https:\/\/flawlesshair.com\/wp-content\/uploads\/2023\/05\/wavy-bob-cut-300x300.jpg 300w, https:\/\/flawlesshair.com\/wp-content\/uploads\/2023\/05\/wavy-bob-cut-150x150.jpg 150w, https:\/\/flawlesshair.com\/wp-content\/uploads\/2023\/05\/wavy-bob-cut-768x767.jpg 768w, https:\/\/flawlesshair.com\/wp-content\/uploads\/2023\/05\/wavy-bob-cut-728x728.jpg 728w, https:\/\/flawlesshair.com\/wp-content\/uploads\/2023\/05\/wavy-bob-cut-960x960.jpg 960w, https:\/\/flawlesshair.com\/wp-content\/uploads\/2023\/05\/wavy-bob-cut.jpg 1080w\" sizes=\"auto, (max-width: 760px) calc(100vw - 24px), 720px\" data-pin-media=\"https:\/\/flawlesshair.com\/wp-content\/uploads\/2023\/05\/wavy-bob-cut.jpg\" id=\"mv-trellis-img-6\" data-trellis-processed=\"1\"><div style=\"position: absolute; top: 0.5rem; right: 0.75rem;\"> <a href=\"https:\/\/www.pinterest.com\/pin\/create\/button\/\" data-pin-do=\"buttonPin\" data-pin-tall=\"true\" data-pin-url=\"https:\/\/flawlesshair.com\/pt\/cortes-de-cabelo-curtos\/\" data-pin-media=\"https:\/\/flawlesshair.com\/wp-content\/uploads\/2023\/05\/wavy-bob-cut-1024x1024.jpg\" data-pin-description=\"The Ultimate Guide To The Hottest Short Hairstyles Of 2025\" rel=\"nofollow noopener\" target=\"_blank\"> <\/a><\/div><\/div><figcaption class=\"wp-element-caption\">Bob ondulado por <a href=\"https:\/\/www.instagram.com\/anarabyanalerida\/\" target=\"_blank\" rel=\"noreferrer noopener nofollow\">@anarabyanalerida<\/a><\/figcaption><\/figure>\n\n\n\n<figure class=\"wp-block-image size-large\"><div style=\"position: relative;\"><noscript><img loading=\"lazy\" decoding=\"async\" width=\"822\" height=\"1024\" data-id=\"13350\" src=\"https:\/\/flawlesshair.com\/wp-content\/uploads\/2023\/05\/curly-bob-cut-822x1024.jpg\" alt=\"corte bob encaracolado\" class=\"wp-image-13350\" srcset=\"https:\/\/flawlesshair.com\/wp-content\/uploads\/2023\/05\/curly-bob-cut-822x1024.jpg 822w, https:\/\/flawlesshair.com\/wp-content\/uploads\/2023\/05\/curly-bob-cut-241x300.jpg 241w, https:\/\/flawlesshair.com\/wp-content\/uploads\/2023\/05\/curly-bob-cut-768x957.jpg 768w, https:\/\/flawlesshair.com\/wp-content\/uploads\/2023\/05\/curly-bob-cut-770x960.jpg 770w, https:\/\/flawlesshair.com\/wp-content\/uploads\/2023\/05\/curly-bob-cut-867x1080.jpg 867w, https:\/\/flawlesshair.com\/wp-content\/uploads\/2023\/05\/curly-bob-cut-963x1200.jpg 963w, https:\/\/flawlesshair.com\/wp-content\/uploads\/2023\/05\/curly-bob-cut.jpg 1080w\" sizes=\"auto, (max-width: 760px) calc(100vw - 24px), 720px\"><\/noscript><img loading=\"lazy\" decoding=\"async\" width=\"822\" height=\"1024\" data-id=\"13350\" src=\"https:\/\/flawlesshair.com\/wp-content\/uploads\/2023\/05\/curly-bob-cut-822x1024.jpg\" alt=\"corte bob encaracolado\" class=\"wp-image-13350 lazyload\" srcset=\"https:\/\/flawlesshair.com\/wp-content\/uploads\/2023\/05\/curly-bob-cut-822x1024.jpg 822w, https:\/\/flawlesshair.com\/wp-content\/uploads\/2023\/05\/curly-bob-cut-241x300.jpg 241w, https:\/\/flawlesshair.com\/wp-content\/uploads\/2023\/05\/curly-bob-cut-768x957.jpg 768w, https:\/\/flawlesshair.com\/wp-content\/uploads\/2023\/05\/curly-bob-cut-770x960.jpg 770w, https:\/\/flawlesshair.com\/wp-content\/uploads\/2023\/05\/curly-bob-cut-867x1080.jpg 867w, https:\/\/flawlesshair.com\/wp-content\/uploads\/2023\/05\/curly-bob-cut-963x1200.jpg 963w, https:\/\/flawlesshair.com\/wp-content\/uploads\/2023\/05\/curly-bob-cut.jpg 1080w\" sizes=\"auto, (max-width: 760px) calc(100vw - 24px), 720px\" data-pin-media=\"https:\/\/flawlesshair.com\/wp-content\/uploads\/2023\/05\/curly-bob-cut.jpg\" id=\"mv-trellis-img-7\" data-trellis-processed=\"1\"><div style=\"position: absolute; top: 0.5rem; right: 0.75rem;\"> <a href=\"https:\/\/www.pinterest.com\/pin\/create\/button\/\" data-pin-do=\"buttonPin\" data-pin-tall=\"true\" data-pin-url=\"https:\/\/flawlesshair.com\/pt\/cortes-de-cabelo-curtos\/\" data-pin-media=\"https:\/\/flawlesshair.com\/wp-content\/uploads\/2023\/05\/curly-bob-cut-822x1024.jpg\" data-pin-description=\"The Ultimate Guide To The Hottest Short Hairstyles Of 2025\" rel=\"nofollow noopener\" target=\"_blank\"> <\/a><\/div><\/div><figcaption class=\"wp-element-caption\">Carac\u00f3is por @<a href=\"https:\/\/www.instagram.com\/denisemstylist\" target=\"_blank\" rel=\"noreferrer noopener nofollow\">denisemestilista<\/a><\/figcaption><\/figure>\n\n\n\n<figure class=\"wp-block-image size-large\"><div style=\"position: relative;\"><noscript><img loading=\"lazy\" decoding=\"async\" width=\"824\" height=\"1024\" data-id=\"13351\" src=\"https:\/\/flawlesshair.com\/wp-content\/uploads\/2023\/05\/bob-cut-with-bangs-824x1024.jpg\" alt=\"corte bob com franja\" class=\"wp-image-13351\" srcset=\"https:\/\/flawlesshair.com\/wp-content\/uploads\/2023\/05\/bob-cut-with-bangs-824x1024.jpg 824w, https:\/\/flawlesshair.com\/wp-content\/uploads\/2023\/05\/bob-cut-with-bangs-241x300.jpg 241w, https:\/\/flawlesshair.com\/wp-content\/uploads\/2023\/05\/bob-cut-with-bangs-768x954.jpg 768w, https:\/\/flawlesshair.com\/wp-content\/uploads\/2023\/05\/bob-cut-with-bangs-773x960.jpg 773w, https:\/\/flawlesshair.com\/wp-content\/uploads\/2023\/05\/bob-cut-with-bangs-869x1080.jpg 869w, https:\/\/flawlesshair.com\/wp-content\/uploads\/2023\/05\/bob-cut-with-bangs-966x1200.jpg 966w, https:\/\/flawlesshair.com\/wp-content\/uploads\/2023\/05\/bob-cut-with-bangs.jpg 1080w\" sizes=\"auto, (max-width: 760px) calc(100vw - 24px), 720px\"><\/noscript><img loading=\"lazy\" decoding=\"async\" width=\"824\" height=\"1024\" data-id=\"13351\" src=\"https:\/\/flawlesshair.com\/wp-content\/uploads\/2023\/05\/bob-cut-with-bangs-824x1024.jpg\" alt=\"corte bob com franja\" class=\"wp-image-13351 lazyload\" srcset=\"https:\/\/flawlesshair.com\/wp-content\/uploads\/2023\/05\/bob-cut-with-bangs-824x1024.jpg 824w, https:\/\/flawlesshair.com\/wp-content\/uploads\/2023\/05\/bob-cut-with-bangs-241x300.jpg 241w, https:\/\/flawlesshair.com\/wp-content\/uploads\/2023\/05\/bob-cut-with-bangs-768x954.jpg 768w, https:\/\/flawlesshair.com\/wp-content\/uploads\/2023\/05\/bob-cut-with-bangs-773x960.jpg 773w, https:\/\/flawlesshair.com\/wp-content\/uploads\/2023\/05\/bob-cut-with-bangs-869x1080.jpg 869w, https:\/\/flawlesshair.com\/wp-content\/uploads\/2023\/05\/bob-cut-with-bangs-966x1200.jpg 966w, https:\/\/flawlesshair.com\/wp-content\/uploads\/2023\/05\/bob-cut-with-bangs.jpg 1080w\" sizes=\"auto, (max-width: 760px) calc(100vw - 24px), 720px\" data-pin-media=\"https:\/\/flawlesshair.com\/wp-content\/uploads\/2023\/05\/bob-cut-with-bangs.jpg\" id=\"mv-trellis-img-8\" data-trellis-processed=\"1\"><div style=\"position: absolute; top: 0.5rem; right: 0.75rem;\"> <a href=\"https:\/\/www.pinterest.com\/pin\/create\/button\/\" data-pin-do=\"buttonPin\" data-pin-tall=\"true\" data-pin-url=\"https:\/\/flawlesshair.com\/pt\/cortes-de-cabelo-curtos\/\" data-pin-media=\"https:\/\/flawlesshair.com\/wp-content\/uploads\/2023\/05\/bob-cut-with-bangs-824x1024.jpg\" data-pin-description=\"The Ultimate Guide To The Hottest Short Hairstyles Of 2025\" rel=\"nofollow noopener\" target=\"_blank\"> <\/a><\/div><\/div><figcaption class=\"wp-element-caption\">Bob com franja por <a href=\"https:\/\/www.instagram.com\/a.month.a\/\" target=\"_blank\" rel=\"noreferrer noopener nofollow\">@a.month.a<\/a><\/figcaption><\/figure>\n<\/figure>\n\n\n\n<h3 class=\"wp-block-heading\">2. Corte Pixie<\/h3>\n\n\n<div class=\"wp-block-image\">\n<figure class=\"aligncenter size-large\"><div style=\"position: relative;\"><noscript><img loading=\"lazy\" decoding=\"async\" width=\"819\" height=\"1024\" src=\"https:\/\/flawlesshair.com\/wp-content\/uploads\/2023\/05\/pixie-cut-1-819x1024.jpg\" alt=\"corte pixie\" class=\"wp-image-13352\" srcset=\"https:\/\/flawlesshair.com\/wp-content\/uploads\/2023\/05\/pixie-cut-1-819x1024.jpg 819w, https:\/\/flawlesshair.com\/wp-content\/uploads\/2023\/05\/pixie-cut-1-240x300.jpg 240w, https:\/\/flawlesshair.com\/wp-content\/uploads\/2023\/05\/pixie-cut-1-768x960.jpg 768w, https:\/\/flawlesshair.com\/wp-content\/uploads\/2023\/05\/pixie-cut-1-864x1080.jpg 864w, https:\/\/flawlesshair.com\/wp-content\/uploads\/2023\/05\/pixie-cut-1-960x1200.jpg 960w, https:\/\/flawlesshair.com\/wp-content\/uploads\/2023\/05\/pixie-cut-1.jpg 1080w\" sizes=\"auto, (max-width: 760px) calc(100vw - 24px), 720px\"><\/noscript><img loading=\"lazy\" decoding=\"async\" width=\"819\" height=\"1024\" src=\"https:\/\/flawlesshair.com\/wp-content\/uploads\/2023\/05\/pixie-cut-1-819x1024.jpg\" alt=\"corte pixie\" class=\"wp-image-13352 lazyload\" srcset=\"https:\/\/flawlesshair.com\/wp-content\/uploads\/2023\/05\/pixie-cut-1-819x1024.jpg 819w, https:\/\/flawlesshair.com\/wp-content\/uploads\/2023\/05\/pixie-cut-1-240x300.jpg 240w, https:\/\/flawlesshair.com\/wp-content\/uploads\/2023\/05\/pixie-cut-1-768x960.jpg 768w, https:\/\/flawlesshair.com\/wp-content\/uploads\/2023\/05\/pixie-cut-1-864x1080.jpg 864w, https:\/\/flawlesshair.com\/wp-content\/uploads\/2023\/05\/pixie-cut-1-960x1200.jpg 960w, https:\/\/flawlesshair.com\/wp-content\/uploads\/2023\/05\/pixie-cut-1.jpg 1080w\" sizes=\"auto, (max-width: 760px) calc(100vw - 24px), 720px\" data-pin-media=\"https:\/\/flawlesshair.com\/wp-content\/uploads\/2023\/05\/pixie-cut-1.jpg\" id=\"mv-trellis-img-9\" data-trellis-processed=\"1\"><div style=\"position: absolute; top: 0.5rem; right: 0.75rem;\"> <a href=\"https:\/\/www.pinterest.com\/pin\/create\/button\/\" data-pin-do=\"buttonPin\" data-pin-tall=\"true\" data-pin-url=\"https:\/\/flawlesshair.com\/pt\/cortes-de-cabelo-curtos\/\" data-pin-media=\"https:\/\/flawlesshair.com\/wp-content\/uploads\/2023\/05\/pixie-cut-1-819x1024.jpg\" data-pin-description=\"The Ultimate Guide To The Hottest Short Hairstyles Of 2025\" rel=\"nofollow noopener\" target=\"_blank\"> <\/a><\/div><\/div><figcaption class=\"wp-element-caption\">@<a href=\"https:\/\/www.instagram.com\/loricerqueira\" target=\"_blank\" rel=\"noreferrer noopener nofollow\">loricerqueira<\/a><\/figcaption><\/figure>\n<\/div>\n\n\n<p>Por outro lado, se estiver pronta para uma grande mudan\u00e7a e for suficientemente corajosa para cortar os seus longos cabelos, o corte pixie \u00e9 o seu par perfeito. \u00c9 elegante, fixe e, na maioria dos casos, sem esfor\u00e7o. Que mais pode uma mulher na moda como voc\u00ea desejar? <\/p>\n\n\n\n<p>N\u00e3o se preocupe, tamb\u00e9m aqui tem imensas op\u00e7\u00f5es. Pode escolher entre um <a href=\"https:\/\/flawlesshair.com\/pt\/corte-pixie-longo\/\">duende comprido<\/a>, <a href=\"https:\/\/flawlesshair.com\/pt\/corte-pixie-com-franja\/\">pixie com franja<\/a>, <a href=\"https:\/\/flawlesshair.com\/pt\/corte-pixie-ousado\/\">duende ousado<\/a>, <a href=\"https:\/\/flawlesshair.com\/pt\/cortes-pixie-assimetricos\/\">pixie assim\u00e9trico<\/a>, <a href=\"https:\/\/flawlesshair.com\/pt\/cortes-pixie-de-baixa-manutencao-para-cabelos-finos\/\">pixie de baixa manuten\u00e7\u00e3o<\/a>, <a href=\"https:\/\/flawlesshair.com\/pt\/corte-pixie-curto-para-cabelos-grossos\/\">pixeis cortados<\/a> e muito mais. Tudo o que tem de fazer \u00e9 encontrar o modelo perfeito para si!<\/p>\n\n\n\n<figure class=\"wp-block-gallery has-nested-images columns-default is-cropped wp-block-gallery-2 is-layout-flex wp-block-gallery-is-layout-flex\">\n<figure class=\"wp-block-image size-large\"><div style=\"position: relative;\"><noscript><img loading=\"lazy\" decoding=\"async\" width=\"1024\" height=\"1024\" data-id=\"13353\" src=\"https:\/\/flawlesshair.com\/wp-content\/uploads\/2023\/05\/edgy-pixie-cut-1-1024x1024.jpg\" alt=\"corte pixie ousado\" class=\"wp-image-13353\" srcset=\"https:\/\/flawlesshair.com\/wp-content\/uploads\/2023\/05\/edgy-pixie-cut-1-1024x1024.jpg 1024w, https:\/\/flawlesshair.com\/wp-content\/uploads\/2023\/05\/edgy-pixie-cut-1-300x300.jpg 300w, https:\/\/flawlesshair.com\/wp-content\/uploads\/2023\/05\/edgy-pixie-cut-1-150x150.jpg 150w, https:\/\/flawlesshair.com\/wp-content\/uploads\/2023\/05\/edgy-pixie-cut-1-768x768.jpg 768w, https:\/\/flawlesshair.com\/wp-content\/uploads\/2023\/05\/edgy-pixie-cut-1-728x728.jpg 728w, https:\/\/flawlesshair.com\/wp-content\/uploads\/2023\/05\/edgy-pixie-cut-1-960x960.jpg 960w, https:\/\/flawlesshair.com\/wp-content\/uploads\/2023\/05\/edgy-pixie-cut-1.jpg 1080w\" sizes=\"auto, (max-width: 760px) calc(100vw - 24px), 720px\"><\/noscript><img loading=\"lazy\" decoding=\"async\" width=\"1024\" height=\"1024\" data-id=\"13353\" src=\"https:\/\/flawlesshair.com\/wp-content\/uploads\/2023\/05\/edgy-pixie-cut-1-1024x1024.jpg\" alt=\"corte pixie ousado\" class=\"wp-image-13353 lazyload\" srcset=\"https:\/\/flawlesshair.com\/wp-content\/uploads\/2023\/05\/edgy-pixie-cut-1-1024x1024.jpg 1024w, https:\/\/flawlesshair.com\/wp-content\/uploads\/2023\/05\/edgy-pixie-cut-1-300x300.jpg 300w, https:\/\/flawlesshair.com\/wp-content\/uploads\/2023\/05\/edgy-pixie-cut-1-150x150.jpg 150w, https:\/\/flawlesshair.com\/wp-content\/uploads\/2023\/05\/edgy-pixie-cut-1-768x768.jpg 768w, https:\/\/flawlesshair.com\/wp-content\/uploads\/2023\/05\/edgy-pixie-cut-1-728x728.jpg 728w, https:\/\/flawlesshair.com\/wp-content\/uploads\/2023\/05\/edgy-pixie-cut-1-960x960.jpg 960w, https:\/\/flawlesshair.com\/wp-content\/uploads\/2023\/05\/edgy-pixie-cut-1.jpg 1080w\" sizes=\"auto, (max-width: 760px) calc(100vw - 24px), 720px\" data-pin-media=\"https:\/\/flawlesshair.com\/wp-content\/uploads\/2023\/05\/edgy-pixie-cut-1.jpg\" id=\"mv-trellis-img-10\" data-trellis-processed=\"1\"><div style=\"position: absolute; top: 0.5rem; right: 0.75rem;\"> <a href=\"https:\/\/www.pinterest.com\/pin\/create\/button\/\" data-pin-do=\"buttonPin\" data-pin-tall=\"true\" data-pin-url=\"https:\/\/flawlesshair.com\/pt\/cortes-de-cabelo-curtos\/\" data-pin-media=\"https:\/\/flawlesshair.com\/wp-content\/uploads\/2023\/05\/edgy-pixie-cut-1-1024x1024.jpg\" data-pin-description=\"The Ultimate Guide To The Hottest Short Hairstyles Of 2025\" rel=\"nofollow noopener\" target=\"_blank\"> <\/a><\/div><\/div><figcaption class=\"wp-element-caption\">Corte pixie arrojado por <a href=\"https:\/\/www.instagram.com\/lynngourley_\/\" target=\"_blank\" rel=\"noreferrer noopener nofollow\">@lynngourley_<\/a><\/figcaption><\/figure>\n\n\n\n<figure class=\"wp-block-image size-large\"><div style=\"position: relative;\"><noscript><img loading=\"lazy\" decoding=\"async\" width=\"883\" height=\"1024\" data-id=\"13355\" src=\"https:\/\/flawlesshair.com\/wp-content\/uploads\/2023\/05\/pixie-cut-with-bangs-1-883x1024.jpg\" alt=\"corte pixie com franja\" class=\"wp-image-13355\" srcset=\"https:\/\/flawlesshair.com\/wp-content\/uploads\/2023\/05\/pixie-cut-with-bangs-1-883x1024.jpg 883w, https:\/\/flawlesshair.com\/wp-content\/uploads\/2023\/05\/pixie-cut-with-bangs-1-259x300.jpg 259w, https:\/\/flawlesshair.com\/wp-content\/uploads\/2023\/05\/pixie-cut-with-bangs-1-768x890.jpg 768w, https:\/\/flawlesshair.com\/wp-content\/uploads\/2023\/05\/pixie-cut-with-bangs-1-828x960.jpg 828w, https:\/\/flawlesshair.com\/wp-content\/uploads\/2023\/05\/pixie-cut-with-bangs-1-932x1080.jpg 932w, https:\/\/flawlesshair.com\/wp-content\/uploads\/2023\/05\/pixie-cut-with-bangs-1-1035x1200.jpg 1035w, https:\/\/flawlesshair.com\/wp-content\/uploads\/2023\/05\/pixie-cut-with-bangs-1.jpg 1080w\" sizes=\"auto, (max-width: 760px) calc(100vw - 24px), 720px\"><\/noscript><img loading=\"lazy\" decoding=\"async\" width=\"883\" height=\"1024\" data-id=\"13355\" src=\"https:\/\/flawlesshair.com\/wp-content\/uploads\/2023\/05\/pixie-cut-with-bangs-1-883x1024.jpg\" alt=\"corte pixie com franja\" class=\"wp-image-13355 lazyload\" srcset=\"https:\/\/flawlesshair.com\/wp-content\/uploads\/2023\/05\/pixie-cut-with-bangs-1-883x1024.jpg 883w, https:\/\/flawlesshair.com\/wp-content\/uploads\/2023\/05\/pixie-cut-with-bangs-1-259x300.jpg 259w, https:\/\/flawlesshair.com\/wp-content\/uploads\/2023\/05\/pixie-cut-with-bangs-1-768x890.jpg 768w, https:\/\/flawlesshair.com\/wp-content\/uploads\/2023\/05\/pixie-cut-with-bangs-1-828x960.jpg 828w, https:\/\/flawlesshair.com\/wp-content\/uploads\/2023\/05\/pixie-cut-with-bangs-1-932x1080.jpg 932w, https:\/\/flawlesshair.com\/wp-content\/uploads\/2023\/05\/pixie-cut-with-bangs-1-1035x1200.jpg 1035w, https:\/\/flawlesshair.com\/wp-content\/uploads\/2023\/05\/pixie-cut-with-bangs-1.jpg 1080w\" sizes=\"auto, (max-width: 760px) calc(100vw - 24px), 720px\" data-pin-media=\"https:\/\/flawlesshair.com\/wp-content\/uploads\/2023\/05\/pixie-cut-with-bangs-1.jpg\" id=\"mv-trellis-img-11\" data-trellis-processed=\"1\"><div style=\"position: absolute; top: 0.5rem; right: 0.75rem;\"> <a href=\"https:\/\/www.pinterest.com\/pin\/create\/button\/\" data-pin-do=\"buttonPin\" data-pin-tall=\"true\" data-pin-url=\"https:\/\/flawlesshair.com\/pt\/cortes-de-cabelo-curtos\/\" data-pin-media=\"https:\/\/flawlesshair.com\/wp-content\/uploads\/2023\/05\/pixie-cut-with-bangs-1-883x1024.jpg\" data-pin-description=\"The Ultimate Guide To The Hottest Short Hairstyles Of 2025\" rel=\"nofollow noopener\" target=\"_blank\"> <\/a><\/div><\/div><figcaption class=\"wp-element-caption\">Corte Pixie com franja por <a href=\"https:\/\/www.instagram.com\/dahling_its_danae\/\" target=\"_blank\" rel=\"noreferrer noopener nofollow\">@dahling_its_danae<\/a><\/figcaption><\/figure>\n\n\n\n<figure class=\"wp-block-image size-large\"><div style=\"position: relative;\"><noscript><img loading=\"lazy\" decoding=\"async\" width=\"819\" height=\"1024\" data-id=\"13356\" src=\"https:\/\/flawlesshair.com\/wp-content\/uploads\/2023\/05\/curly-pixie-cut-819x1024.jpg\" alt=\"corte pixie encaracolado\" class=\"wp-image-13356\" srcset=\"https:\/\/flawlesshair.com\/wp-content\/uploads\/2023\/05\/curly-pixie-cut-819x1024.jpg 819w, https:\/\/flawlesshair.com\/wp-content\/uploads\/2023\/05\/curly-pixie-cut-240x300.jpg 240w, https:\/\/flawlesshair.com\/wp-content\/uploads\/2023\/05\/curly-pixie-cut-768x960.jpg 768w, https:\/\/flawlesshair.com\/wp-content\/uploads\/2023\/05\/curly-pixie-cut-864x1080.jpg 864w, https:\/\/flawlesshair.com\/wp-content\/uploads\/2023\/05\/curly-pixie-cut-960x1200.jpg 960w, https:\/\/flawlesshair.com\/wp-content\/uploads\/2023\/05\/curly-pixie-cut.jpg 1080w\" sizes=\"auto, (max-width: 760px) calc(100vw - 24px), 720px\"><\/noscript><img loading=\"lazy\" decoding=\"async\" width=\"819\" height=\"1024\" data-id=\"13356\" src=\"https:\/\/flawlesshair.com\/wp-content\/uploads\/2023\/05\/curly-pixie-cut-819x1024.jpg\" alt=\"corte pixie encaracolado\" class=\"wp-image-13356 lazyload\" srcset=\"https:\/\/flawlesshair.com\/wp-content\/uploads\/2023\/05\/curly-pixie-cut-819x1024.jpg 819w, https:\/\/flawlesshair.com\/wp-content\/uploads\/2023\/05\/curly-pixie-cut-240x300.jpg 240w, https:\/\/flawlesshair.com\/wp-content\/uploads\/2023\/05\/curly-pixie-cut-768x960.jpg 768w, https:\/\/flawlesshair.com\/wp-content\/uploads\/2023\/05\/curly-pixie-cut-864x1080.jpg 864w, https:\/\/flawlesshair.com\/wp-content\/uploads\/2023\/05\/curly-pixie-cut-960x1200.jpg 960w, https:\/\/flawlesshair.com\/wp-content\/uploads\/2023\/05\/curly-pixie-cut.jpg 1080w\" sizes=\"auto, (max-width: 760px) calc(100vw - 24px), 720px\" data-pin-media=\"https:\/\/flawlesshair.com\/wp-content\/uploads\/2023\/05\/curly-pixie-cut.jpg\" id=\"mv-trellis-img-12\" data-trellis-processed=\"1\"><div style=\"position: absolute; top: 0.5rem; right: 0.75rem;\"> <a href=\"https:\/\/www.pinterest.com\/pin\/create\/button\/\" data-pin-do=\"buttonPin\" data-pin-tall=\"true\" data-pin-url=\"https:\/\/flawlesshair.com\/pt\/cortes-de-cabelo-curtos\/\" data-pin-media=\"https:\/\/flawlesshair.com\/wp-content\/uploads\/2023\/05\/curly-pixie-cut-819x1024.jpg\" data-pin-description=\"The Ultimate Guide To The Hottest Short Hairstyles Of 2025\" rel=\"nofollow noopener\" target=\"_blank\"> <\/a><\/div><\/div><figcaption class=\"wp-element-caption\">Corte pixie encaracolado por @<a href=\"https:\/\/www.instagram.com\/deannawilldefinitely\" target=\"_blank\" rel=\"noreferrer noopener nofollow\">deannawilldefinidamente<\/a><\/figcaption><\/figure>\n<\/figure>\n\n\n\n<h3 class=\"wp-block-heading\">3. Corte \u00e0 escovinha<\/h3>\n\n\n<div class=\"wp-block-image\">\n<figure class=\"aligncenter size-large\"><div style=\"position: relative;\"><noscript><img loading=\"lazy\" decoding=\"async\" width=\"819\" height=\"1024\" src=\"https:\/\/flawlesshair.com\/wp-content\/uploads\/2023\/05\/buzz-cut-819x1024.jpg\" alt=\"corte \u00e0 escovinha\" class=\"wp-image-13354\" srcset=\"https:\/\/flawlesshair.com\/wp-content\/uploads\/2023\/05\/buzz-cut-819x1024.jpg 819w, https:\/\/flawlesshair.com\/wp-content\/uploads\/2023\/05\/buzz-cut-240x300.jpg 240w, https:\/\/flawlesshair.com\/wp-content\/uploads\/2023\/05\/buzz-cut-768x961.jpg 768w, https:\/\/flawlesshair.com\/wp-content\/uploads\/2023\/05\/buzz-cut-767x960.jpg 767w, https:\/\/flawlesshair.com\/wp-content\/uploads\/2023\/05\/buzz-cut-863x1080.jpg 863w, https:\/\/flawlesshair.com\/wp-content\/uploads\/2023\/05\/buzz-cut-959x1200.jpg 959w, https:\/\/flawlesshair.com\/wp-content\/uploads\/2023\/05\/buzz-cut.jpg 1080w\" sizes=\"auto, (max-width: 760px) calc(100vw - 24px), 720px\"><\/noscript><img loading=\"lazy\" decoding=\"async\" width=\"819\" height=\"1024\" src=\"https:\/\/flawlesshair.com\/wp-content\/uploads\/2023\/05\/buzz-cut-819x1024.jpg\" alt=\"corte \u00e0 escovinha\" class=\"wp-image-13354 lazyload\" srcset=\"https:\/\/flawlesshair.com\/wp-content\/uploads\/2023\/05\/buzz-cut-819x1024.jpg 819w, https:\/\/flawlesshair.com\/wp-content\/uploads\/2023\/05\/buzz-cut-240x300.jpg 240w, https:\/\/flawlesshair.com\/wp-content\/uploads\/2023\/05\/buzz-cut-768x961.jpg 768w, https:\/\/flawlesshair.com\/wp-content\/uploads\/2023\/05\/buzz-cut-767x960.jpg 767w, https:\/\/flawlesshair.com\/wp-content\/uploads\/2023\/05\/buzz-cut-863x1080.jpg 863w, https:\/\/flawlesshair.com\/wp-content\/uploads\/2023\/05\/buzz-cut-959x1200.jpg 959w, https:\/\/flawlesshair.com\/wp-content\/uploads\/2023\/05\/buzz-cut.jpg 1080w\" sizes=\"auto, (max-width: 760px) calc(100vw - 24px), 720px\" data-pin-media=\"https:\/\/flawlesshair.com\/wp-content\/uploads\/2023\/05\/buzz-cut.jpg\" id=\"mv-trellis-img-13\" data-trellis-processed=\"1\"><div style=\"position: absolute; top: 0.5rem; right: 0.75rem;\"> <a href=\"https:\/\/www.pinterest.com\/pin\/create\/button\/\" data-pin-do=\"buttonPin\" data-pin-tall=\"true\" data-pin-url=\"https:\/\/flawlesshair.com\/pt\/cortes-de-cabelo-curtos\/\" data-pin-media=\"https:\/\/flawlesshair.com\/wp-content\/uploads\/2023\/05\/buzz-cut-819x1024.jpg\" data-pin-description=\"The Ultimate Guide To The Hottest Short Hairstyles Of 2025\" rel=\"nofollow noopener\" target=\"_blank\"> <\/a><\/div><\/div><figcaption class=\"wp-element-caption\"><a href=\"https:\/\/www.instagram.com\/shuntyringfield\/\" target=\"_blank\" rel=\"noreferrer noopener nofollow\">@shuntyringfield<\/a><\/figcaption><\/figure>\n<\/div>\n\n\n<p>\u00c9 suficientemente ousado para ser ousado? Se a resposta for sim, este \u00e9 o sinal para cortares todo o teu cabelo e optares pelo buzz cut. \u00c9 de muito baixa manuten\u00e7\u00e3o e faz de si o centro das aten\u00e7\u00f5es. Esta \u00e9 a melhor forma de expressar a sua individualidade e de mostrar ao mundo o qu\u00e3o confiante \u00e9. <\/p>\n\n\n\n<p>Se quiser dar um ar ainda mais feminino, combine o seu buzz cut com um conjunto de brincos ou com uma maquilhagem mais forte. <\/p>\n\n\n\n<figure class=\"wp-block-gallery has-nested-images columns-default is-cropped wp-block-gallery-3 is-layout-flex wp-block-gallery-is-layout-flex\">\n<figure class=\"wp-block-image size-large\"><div style=\"position: relative;\"><noscript><img loading=\"lazy\" decoding=\"async\" width=\"1024\" height=\"1024\" data-id=\"13358\" src=\"https:\/\/flawlesshair.com\/wp-content\/uploads\/2023\/05\/bald-buzz-cut-1024x1024.jpg\" alt=\"corte careca\" class=\"wp-image-13358\" srcset=\"https:\/\/flawlesshair.com\/wp-content\/uploads\/2023\/05\/bald-buzz-cut-1024x1024.jpg 1024w, https:\/\/flawlesshair.com\/wp-content\/uploads\/2023\/05\/bald-buzz-cut-300x300.jpg 300w, https:\/\/flawlesshair.com\/wp-content\/uploads\/2023\/05\/bald-buzz-cut-150x150.jpg 150w, https:\/\/flawlesshair.com\/wp-content\/uploads\/2023\/05\/bald-buzz-cut-768x768.jpg 768w, https:\/\/flawlesshair.com\/wp-content\/uploads\/2023\/05\/bald-buzz-cut-728x728.jpg 728w, https:\/\/flawlesshair.com\/wp-content\/uploads\/2023\/05\/bald-buzz-cut-960x960.jpg 960w, https:\/\/flawlesshair.com\/wp-content\/uploads\/2023\/05\/bald-buzz-cut.jpg 1080w\" sizes=\"auto, (max-width: 760px) calc(100vw - 24px), 720px\"><\/noscript><img loading=\"lazy\" decoding=\"async\" width=\"1024\" height=\"1024\" data-id=\"13358\" src=\"https:\/\/flawlesshair.com\/wp-content\/uploads\/2023\/05\/bald-buzz-cut-1024x1024.jpg\" alt=\"corte careca\" class=\"wp-image-13358 lazyload\" srcset=\"https:\/\/flawlesshair.com\/wp-content\/uploads\/2023\/05\/bald-buzz-cut-1024x1024.jpg 1024w, https:\/\/flawlesshair.com\/wp-content\/uploads\/2023\/05\/bald-buzz-cut-300x300.jpg 300w, https:\/\/flawlesshair.com\/wp-content\/uploads\/2023\/05\/bald-buzz-cut-150x150.jpg 150w, https:\/\/flawlesshair.com\/wp-content\/uploads\/2023\/05\/bald-buzz-cut-768x768.jpg 768w, https:\/\/flawlesshair.com\/wp-content\/uploads\/2023\/05\/bald-buzz-cut-728x728.jpg 728w, https:\/\/flawlesshair.com\/wp-content\/uploads\/2023\/05\/bald-buzz-cut-960x960.jpg 960w, https:\/\/flawlesshair.com\/wp-content\/uploads\/2023\/05\/bald-buzz-cut.jpg 1080w\" sizes=\"auto, (max-width: 760px) calc(100vw - 24px), 720px\" data-pin-media=\"https:\/\/flawlesshair.com\/wp-content\/uploads\/2023\/05\/bald-buzz-cut.jpg\" id=\"mv-trellis-img-14\" data-trellis-processed=\"1\"><div style=\"position: absolute; top: 0.5rem; right: 0.75rem;\"> <a href=\"https:\/\/www.pinterest.com\/pin\/create\/button\/\" data-pin-do=\"buttonPin\" data-pin-tall=\"true\" data-pin-url=\"https:\/\/flawlesshair.com\/pt\/cortes-de-cabelo-curtos\/\" data-pin-media=\"https:\/\/flawlesshair.com\/wp-content\/uploads\/2023\/05\/bald-buzz-cut-1024x1024.jpg\" data-pin-description=\"The Ultimate Guide To The Hottest Short Hairstyles Of 2025\" rel=\"nofollow noopener\" target=\"_blank\"> <\/a><\/div><\/div><figcaption class=\"wp-element-caption\">Corte careca por @<a href=\"https:\/\/www.instagram.com\/armiidam\" target=\"_blank\" rel=\"noreferrer noopener nofollow\">armiidam<\/a><\/figcaption><\/figure>\n\n\n\n<figure class=\"wp-block-image size-large\"><div style=\"position: relative;\"><noscript><img loading=\"lazy\" decoding=\"async\" width=\"819\" height=\"1024\" data-id=\"13359\" src=\"https:\/\/flawlesshair.com\/wp-content\/uploads\/2023\/05\/funky-colored-buzz-cut-819x1024.jpg\" alt=\"corte \u00e0 escovinha de cor funky\" class=\"wp-image-13359\" srcset=\"https:\/\/flawlesshair.com\/wp-content\/uploads\/2023\/05\/funky-colored-buzz-cut-819x1024.jpg 819w, https:\/\/flawlesshair.com\/wp-content\/uploads\/2023\/05\/funky-colored-buzz-cut-240x300.jpg 240w, https:\/\/flawlesshair.com\/wp-content\/uploads\/2023\/05\/funky-colored-buzz-cut-768x961.jpg 768w, https:\/\/flawlesshair.com\/wp-content\/uploads\/2023\/05\/funky-colored-buzz-cut-767x960.jpg 767w, https:\/\/flawlesshair.com\/wp-content\/uploads\/2023\/05\/funky-colored-buzz-cut-863x1080.jpg 863w, https:\/\/flawlesshair.com\/wp-content\/uploads\/2023\/05\/funky-colored-buzz-cut-959x1200.jpg 959w, https:\/\/flawlesshair.com\/wp-content\/uploads\/2023\/05\/funky-colored-buzz-cut.jpg 1080w\" sizes=\"auto, (max-width: 760px) calc(100vw - 24px), 720px\"><\/noscript><img loading=\"lazy\" decoding=\"async\" width=\"819\" height=\"1024\" data-id=\"13359\" src=\"https:\/\/flawlesshair.com\/wp-content\/uploads\/2023\/05\/funky-colored-buzz-cut-819x1024.jpg\" alt=\"corte \u00e0 escovinha de cor funky\" class=\"wp-image-13359 lazyload\" srcset=\"https:\/\/flawlesshair.com\/wp-content\/uploads\/2023\/05\/funky-colored-buzz-cut-819x1024.jpg 819w, https:\/\/flawlesshair.com\/wp-content\/uploads\/2023\/05\/funky-colored-buzz-cut-240x300.jpg 240w, https:\/\/flawlesshair.com\/wp-content\/uploads\/2023\/05\/funky-colored-buzz-cut-768x961.jpg 768w, https:\/\/flawlesshair.com\/wp-content\/uploads\/2023\/05\/funky-colored-buzz-cut-767x960.jpg 767w, https:\/\/flawlesshair.com\/wp-content\/uploads\/2023\/05\/funky-colored-buzz-cut-863x1080.jpg 863w, https:\/\/flawlesshair.com\/wp-content\/uploads\/2023\/05\/funky-colored-buzz-cut-959x1200.jpg 959w, https:\/\/flawlesshair.com\/wp-content\/uploads\/2023\/05\/funky-colored-buzz-cut.jpg 1080w\" sizes=\"auto, (max-width: 760px) calc(100vw - 24px), 720px\" data-pin-media=\"https:\/\/flawlesshair.com\/wp-content\/uploads\/2023\/05\/funky-colored-buzz-cut.jpg\" id=\"mv-trellis-img-15\" data-trellis-processed=\"1\"><div style=\"position: absolute; top: 0.5rem; right: 0.75rem;\"> <a href=\"https:\/\/www.pinterest.com\/pin\/create\/button\/\" data-pin-do=\"buttonPin\" data-pin-tall=\"true\" data-pin-url=\"https:\/\/flawlesshair.com\/pt\/cortes-de-cabelo-curtos\/\" data-pin-media=\"https:\/\/flawlesshair.com\/wp-content\/uploads\/2023\/05\/funky-colored-buzz-cut-819x1024.jpg\" data-pin-description=\"The Ultimate Guide To The Hottest Short Hairstyles Of 2025\" rel=\"nofollow noopener\" target=\"_blank\"> <\/a><\/div><\/div><figcaption class=\"wp-element-caption\">Corte \u00e0 escovinha de cor funky por @<a href=\"https:\/\/www.instagram.com\/arashcuts2\/\" target=\"_blank\" rel=\"noreferrer noopener nofollow\">arashcuts2<\/a><\/figcaption><\/figure>\n<\/figure>\n\n\n\n<h2 class=\"wp-block-heading\">Os melhores penteados curtos para diferentes formatos de rosto<\/h2>\n\n\n\n<p>Saber qual \u00e9 a forma do seu rosto \u00e9 bastante simples - tudo o que tem de fazer \u00e9 olhar-se ao espelho. Mas determinar o corte de cabelo correto com base na forma do seu rosto \u00e9 um pouco mais dif\u00edcil. <\/p>\n\n\n\n<p>Claro que, se tiver um cabeleireiro experiente, ele aconselh\u00e1-la-\u00e1 sobre o penteado curto perfeito para o seu rosto. No entanto, se n\u00e3o quiser confiar na sua palavra e arriscar-se a estragar todo o seu visual, estou aqui para a ajudar. <\/p>\n\n\n\n<p>O corte de cabelo perfeito est\u00e1 aqui para chamar a aten\u00e7\u00e3o das caracter\u00edsticas faciais de que n\u00e3o se orgulha mais. Ao mesmo tempo, deve acentuar aquelas de que mais gosta. <\/p>\n\n\n\n<h3 class=\"wp-block-heading\">Rosto oval<\/h3>\n\n\n<div class=\"wp-block-image\">\n<figure class=\"aligncenter size-large\"><div style=\"position: relative;\"><noscript><img loading=\"lazy\" decoding=\"async\" width=\"1024\" height=\"1024\" src=\"https:\/\/flawlesshair.com\/wp-content\/uploads\/2023\/05\/short-hairstyle-for-oval-face-1024x1024.jpg\" alt=\"penteado curto para rosto oval\" class=\"wp-image-13477\" srcset=\"https:\/\/flawlesshair.com\/wp-content\/uploads\/2023\/05\/short-hairstyle-for-oval-face-1024x1024.jpg 1024w, https:\/\/flawlesshair.com\/wp-content\/uploads\/2023\/05\/short-hairstyle-for-oval-face-300x300.jpg 300w, https:\/\/flawlesshair.com\/wp-content\/uploads\/2023\/05\/short-hairstyle-for-oval-face-150x150.jpg 150w, https:\/\/flawlesshair.com\/wp-content\/uploads\/2023\/05\/short-hairstyle-for-oval-face-768x768.jpg 768w, https:\/\/flawlesshair.com\/wp-content\/uploads\/2023\/05\/short-hairstyle-for-oval-face-728x728.jpg 728w, https:\/\/flawlesshair.com\/wp-content\/uploads\/2023\/05\/short-hairstyle-for-oval-face-960x960.jpg 960w, https:\/\/flawlesshair.com\/wp-content\/uploads\/2023\/05\/short-hairstyle-for-oval-face.jpg 1080w\" sizes=\"auto, (max-width: 760px) calc(100vw - 24px), 720px\"><\/noscript><img loading=\"lazy\" decoding=\"async\" width=\"1024\" height=\"1024\" src=\"https:\/\/flawlesshair.com\/wp-content\/uploads\/2023\/05\/short-hairstyle-for-oval-face-1024x1024.jpg\" alt=\"penteado curto para rosto oval\" class=\"wp-image-13477 lazyload\" srcset=\"https:\/\/flawlesshair.com\/wp-content\/uploads\/2023\/05\/short-hairstyle-for-oval-face-1024x1024.jpg 1024w, https:\/\/flawlesshair.com\/wp-content\/uploads\/2023\/05\/short-hairstyle-for-oval-face-300x300.jpg 300w, https:\/\/flawlesshair.com\/wp-content\/uploads\/2023\/05\/short-hairstyle-for-oval-face-150x150.jpg 150w, https:\/\/flawlesshair.com\/wp-content\/uploads\/2023\/05\/short-hairstyle-for-oval-face-768x768.jpg 768w, https:\/\/flawlesshair.com\/wp-content\/uploads\/2023\/05\/short-hairstyle-for-oval-face-728x728.jpg 728w, https:\/\/flawlesshair.com\/wp-content\/uploads\/2023\/05\/short-hairstyle-for-oval-face-960x960.jpg 960w, https:\/\/flawlesshair.com\/wp-content\/uploads\/2023\/05\/short-hairstyle-for-oval-face.jpg 1080w\" sizes=\"auto, (max-width: 760px) calc(100vw - 24px), 720px\" data-pin-media=\"https:\/\/flawlesshair.com\/wp-content\/uploads\/2023\/05\/short-hairstyle-for-oval-face.jpg\" id=\"mv-trellis-img-16\" data-trellis-processed=\"1\"><div style=\"position: absolute; top: 0.5rem; right: 0.75rem;\"> <a href=\"https:\/\/www.pinterest.com\/pin\/create\/button\/\" data-pin-do=\"buttonPin\" data-pin-tall=\"true\" data-pin-url=\"https:\/\/flawlesshair.com\/pt\/cortes-de-cabelo-curtos\/\" data-pin-media=\"https:\/\/flawlesshair.com\/wp-content\/uploads\/2023\/05\/short-hairstyle-for-oval-face-1024x1024.jpg\" data-pin-description=\"The Ultimate Guide To The Hottest Short Hairstyles Of 2025\" rel=\"nofollow noopener\" target=\"_blank\"> <\/a><\/div><\/div><figcaption class=\"wp-element-caption\"><a href=\"https:\/\/www.instagram.com\/sharonstone\/\" rel=\"nofollow noopener\" target=\"_blank\">@sharonstone<\/a><\/figcaption><\/figure>\n<\/div>\n\n\n<p>De acordo com os especialistas, o <a href=\"https:\/\/flawlesshair.com\/pt\/corte-pixie-para-rosto-oval\/\">forma oval<\/a> \u00e9, de facto, considerado o formato de rosto mais perfeito. \u00c9 especialmente lisonjeiro para os penteados curtos, uma vez que se pode dar ao luxo de usar um cabelo super curto. <\/p>\n\n\n\n<p>Isso significa que um corte pixie deve ser a sua melhor escolha. \u00c9 mais do que bem-vindo se o combinar com franja para completar todo o look. E a melhor parte \u00e9 que pode escolher o tipo de franja que quiser: cada uma delas ficar\u00e1 bem em si. <\/p>\n\n\n\n<h3 class=\"wp-block-heading\">Face quadrada<\/h3>\n\n\n<div class=\"wp-block-image\">\n<figure class=\"aligncenter size-large\"><div style=\"position: relative;\"><noscript><img loading=\"lazy\" decoding=\"async\" width=\"819\" height=\"1024\" src=\"https:\/\/flawlesshair.com\/wp-content\/uploads\/2023\/05\/short-hairstyle-for-square-face-819x1024.jpg\" alt=\"penteado curto para rosto quadrado\" class=\"wp-image-13481\" srcset=\"https:\/\/flawlesshair.com\/wp-content\/uploads\/2023\/05\/short-hairstyle-for-square-face-819x1024.jpg 819w, https:\/\/flawlesshair.com\/wp-content\/uploads\/2023\/05\/short-hairstyle-for-square-face-240x300.jpg 240w, https:\/\/flawlesshair.com\/wp-content\/uploads\/2023\/05\/short-hairstyle-for-square-face-768x960.jpg 768w, https:\/\/flawlesshair.com\/wp-content\/uploads\/2023\/05\/short-hairstyle-for-square-face-864x1080.jpg 864w, https:\/\/flawlesshair.com\/wp-content\/uploads\/2023\/05\/short-hairstyle-for-square-face-960x1200.jpg 960w, https:\/\/flawlesshair.com\/wp-content\/uploads\/2023\/05\/short-hairstyle-for-square-face.jpg 1080w\" sizes=\"auto, (max-width: 760px) calc(100vw - 24px), 720px\"><\/noscript><img loading=\"lazy\" decoding=\"async\" width=\"819\" height=\"1024\" src=\"https:\/\/flawlesshair.com\/wp-content\/uploads\/2023\/05\/short-hairstyle-for-square-face-819x1024.jpg\" alt=\"penteado curto para rosto quadrado\" class=\"wp-image-13481 lazyload\" srcset=\"https:\/\/flawlesshair.com\/wp-content\/uploads\/2023\/05\/short-hairstyle-for-square-face-819x1024.jpg 819w, https:\/\/flawlesshair.com\/wp-content\/uploads\/2023\/05\/short-hairstyle-for-square-face-240x300.jpg 240w, https:\/\/flawlesshair.com\/wp-content\/uploads\/2023\/05\/short-hairstyle-for-square-face-768x960.jpg 768w, https:\/\/flawlesshair.com\/wp-content\/uploads\/2023\/05\/short-hairstyle-for-square-face-864x1080.jpg 864w, https:\/\/flawlesshair.com\/wp-content\/uploads\/2023\/05\/short-hairstyle-for-square-face-960x1200.jpg 960w, https:\/\/flawlesshair.com\/wp-content\/uploads\/2023\/05\/short-hairstyle-for-square-face.jpg 1080w\" sizes=\"auto, (max-width: 760px) calc(100vw - 24px), 720px\" data-pin-media=\"https:\/\/flawlesshair.com\/wp-content\/uploads\/2023\/05\/short-hairstyle-for-square-face.jpg\" id=\"mv-trellis-img-17\" data-trellis-processed=\"1\"><div style=\"position: absolute; top: 0.5rem; right: 0.75rem;\"> <a href=\"https:\/\/www.pinterest.com\/pin\/create\/button\/\" data-pin-do=\"buttonPin\" data-pin-tall=\"true\" data-pin-url=\"https:\/\/flawlesshair.com\/pt\/cortes-de-cabelo-curtos\/\" data-pin-media=\"https:\/\/flawlesshair.com\/wp-content\/uploads\/2023\/05\/short-hairstyle-for-square-face-819x1024.jpg\" data-pin-description=\"The Ultimate Guide To The Hottest Short Hairstyles Of 2025\" rel=\"nofollow noopener\" target=\"_blank\"> <\/a><\/div><\/div><figcaption class=\"wp-element-caption\">@<a href=\"https:\/\/www.instagram.com\/gabrielemororo\" target=\"_blank\" rel=\"noreferrer noopener nofollow\">gabrielemororo<\/a><\/figcaption><\/figure>\n<\/div>\n\n\n<p>O comprimento do seu rosto \u00e9 igual \u00e0 sua largura? Nesse caso, tem um rosto quadrado, o que faz de si um candidato ideal para um penteado curto. Mas que tipo de cortes de cabelo curto lhe ficam melhor? <\/p>\n\n\n\n<p>Qualquer cabeleireiro experiente dir-lhe-\u00e1 o mesmo: escolha um corte bob com camadas. As camadas dar\u00e3o a ilus\u00e3o de profundidade e movimento ao seu rosto, e \u00e9 exatamente disso que precisa para o equilibrar.<\/p>\n\n\n\n<p>N\u00e3o se esque\u00e7a de escolher um corte de cabelo um pouco mais curto ou mais comprido do que a linha do maxilar, para chamar a aten\u00e7\u00e3o para ela. Se quiser exibir um par de franjas, escolha franjas laterais ou assim\u00e9tricas em vez de curtas. <\/p>\n\n\n\n<h3 class=\"wp-block-heading\">Rosto redondo<\/h3>\n\n\n<div class=\"wp-block-image\">\n<figure class=\"aligncenter size-full\"><div style=\"position: relative;\"><noscript><img loading=\"lazy\" decoding=\"async\" width=\"768\" height=\"768\" src=\"https:\/\/flawlesshair.com\/wp-content\/uploads\/2023\/05\/short-hairstyle-for-round-face.jpg\" alt=\"penteado curto para rosto redondo\" class=\"wp-image-13480\" srcset=\"https:\/\/flawlesshair.com\/wp-content\/uploads\/2023\/05\/short-hairstyle-for-round-face.jpg 768w, https:\/\/flawlesshair.com\/wp-content\/uploads\/2023\/05\/short-hairstyle-for-round-face-300x300.jpg 300w, https:\/\/flawlesshair.com\/wp-content\/uploads\/2023\/05\/short-hairstyle-for-round-face-150x150.jpg 150w, https:\/\/flawlesshair.com\/wp-content\/uploads\/2023\/05\/short-hairstyle-for-round-face-728x728.jpg 728w\" sizes=\"auto, (max-width: 760px) calc(100vw - 24px), 720px\"><\/noscript><img loading=\"lazy\" decoding=\"async\" width=\"768\" height=\"768\" src=\"https:\/\/flawlesshair.com\/wp-content\/uploads\/2023\/05\/short-hairstyle-for-round-face.jpg\" alt=\"penteado curto para rosto redondo\" class=\"wp-image-13480 lazyload\" srcset=\"https:\/\/flawlesshair.com\/wp-content\/uploads\/2023\/05\/short-hairstyle-for-round-face.jpg 768w, https:\/\/flawlesshair.com\/wp-content\/uploads\/2023\/05\/short-hairstyle-for-round-face-300x300.jpg 300w, https:\/\/flawlesshair.com\/wp-content\/uploads\/2023\/05\/short-hairstyle-for-round-face-150x150.jpg 150w, https:\/\/flawlesshair.com\/wp-content\/uploads\/2023\/05\/short-hairstyle-for-round-face-728x728.jpg 728w\" sizes=\"auto, (max-width: 760px) calc(100vw - 24px), 720px\" data-pin-media=\"https:\/\/flawlesshair.com\/wp-content\/uploads\/2023\/05\/short-hairstyle-for-round-face.jpg\" id=\"mv-trellis-img-18\" data-trellis-processed=\"1\"><div style=\"position: absolute; top: 0.5rem; right: 0.75rem;\"> <a href=\"https:\/\/www.pinterest.com\/pin\/create\/button\/\" data-pin-do=\"buttonPin\" data-pin-tall=\"true\" data-pin-url=\"https:\/\/flawlesshair.com\/pt\/cortes-de-cabelo-curtos\/\" data-pin-media=\"https:\/\/flawlesshair.com\/wp-content\/uploads\/2023\/05\/short-hairstyle-for-round-face.jpg\" data-pin-description=\"The Ultimate Guide To The Hottest Short Hairstyles Of 2025\" rel=\"nofollow noopener\" target=\"_blank\"> <\/a><\/div><\/div><figcaption class=\"wp-element-caption\">@<a href=\"https:\/\/www.instagram.com\/matthewalexandershair\" target=\"_blank\" rel=\"noreferrer noopener nofollow\">matthewalexandershair<\/a><\/figcaption><\/figure>\n<\/div>\n\n\n<p>O seu <a href=\"https:\/\/flawlesshair.com\/pt\/corte-pixie-para-rosto-redondo\/\">rosto redondo<\/a> ou rechonchudo? Nesse caso, deve escolher um penteado que o fa\u00e7a parecer mais magro e mais fino. N\u00e3o se preocupe, pode conseguir esse efeito visual com um corte de cabelo curto. <\/p>\n\n\n\n<p>Antes de mais, precisa de algo que cubra a sua testa grande. Ao mesmo tempo, precisa de um corte de cabelo que alongue o seu rosto. E \u00e9 aqui que a franja vem em seu aux\u00edlio, uma vez que faz as duas coisas. <\/p>\n\n\n\n<p>Escolha franjas longas ou laterais se quiser estar no seu melhor. Elas dar\u00e3o ao seu rosto algo de que ele precisa desesperadamente: a ilus\u00e3o de nitidez. <\/p>\n\n\n\n<h3 class=\"wp-block-heading\">Rosto em forma de cora\u00e7\u00e3o<\/h3>\n\n\n<div class=\"wp-block-image\">\n<figure class=\"aligncenter size-large\"><div style=\"position: relative;\"><noscript><img loading=\"lazy\" decoding=\"async\" width=\"819\" height=\"1024\" src=\"https:\/\/flawlesshair.com\/wp-content\/uploads\/2023\/05\/short-hairstyle-for-heart-shaped-face-819x1024.jpg\" alt=\"penteado curto para rosto em forma de cora\u00e7\u00e3o\" class=\"wp-image-13476\" srcset=\"https:\/\/flawlesshair.com\/wp-content\/uploads\/2023\/05\/short-hairstyle-for-heart-shaped-face-819x1024.jpg 819w, https:\/\/flawlesshair.com\/wp-content\/uploads\/2023\/05\/short-hairstyle-for-heart-shaped-face-240x300.jpg 240w, https:\/\/flawlesshair.com\/wp-content\/uploads\/2023\/05\/short-hairstyle-for-heart-shaped-face-768x960.jpg 768w, https:\/\/flawlesshair.com\/wp-content\/uploads\/2023\/05\/short-hairstyle-for-heart-shaped-face-864x1080.jpg 864w, https:\/\/flawlesshair.com\/wp-content\/uploads\/2023\/05\/short-hairstyle-for-heart-shaped-face-960x1200.jpg 960w, https:\/\/flawlesshair.com\/wp-content\/uploads\/2023\/05\/short-hairstyle-for-heart-shaped-face.jpg 1080w\" sizes=\"auto, (max-width: 760px) calc(100vw - 24px), 720px\"><\/noscript><img loading=\"lazy\" decoding=\"async\" width=\"819\" height=\"1024\" src=\"https:\/\/flawlesshair.com\/wp-content\/uploads\/2023\/05\/short-hairstyle-for-heart-shaped-face-819x1024.jpg\" alt=\"penteado curto para rosto em forma de cora\u00e7\u00e3o\" class=\"wp-image-13476 lazyload\" srcset=\"https:\/\/flawlesshair.com\/wp-content\/uploads\/2023\/05\/short-hairstyle-for-heart-shaped-face-819x1024.jpg 819w, https:\/\/flawlesshair.com\/wp-content\/uploads\/2023\/05\/short-hairstyle-for-heart-shaped-face-240x300.jpg 240w, https:\/\/flawlesshair.com\/wp-content\/uploads\/2023\/05\/short-hairstyle-for-heart-shaped-face-768x960.jpg 768w, https:\/\/flawlesshair.com\/wp-content\/uploads\/2023\/05\/short-hairstyle-for-heart-shaped-face-864x1080.jpg 864w, https:\/\/flawlesshair.com\/wp-content\/uploads\/2023\/05\/short-hairstyle-for-heart-shaped-face-960x1200.jpg 960w, https:\/\/flawlesshair.com\/wp-content\/uploads\/2023\/05\/short-hairstyle-for-heart-shaped-face.jpg 1080w\" sizes=\"auto, (max-width: 760px) calc(100vw - 24px), 720px\" data-pin-media=\"https:\/\/flawlesshair.com\/wp-content\/uploads\/2023\/05\/short-hairstyle-for-heart-shaped-face.jpg\" id=\"mv-trellis-img-19\" data-trellis-processed=\"1\"><div style=\"position: absolute; top: 0.5rem; right: 0.75rem;\"> <a href=\"https:\/\/www.pinterest.com\/pin\/create\/button\/\" data-pin-do=\"buttonPin\" data-pin-tall=\"true\" data-pin-url=\"https:\/\/flawlesshair.com\/pt\/cortes-de-cabelo-curtos\/\" data-pin-media=\"https:\/\/flawlesshair.com\/wp-content\/uploads\/2023\/05\/short-hairstyle-for-heart-shaped-face-819x1024.jpg\" data-pin-description=\"The Ultimate Guide To The Hottest Short Hairstyles Of 2025\" rel=\"nofollow noopener\" target=\"_blank\"> <\/a><\/div><\/div><figcaption class=\"wp-element-caption\">@<a href=\"https:\/\/www.instagram.com\/isa.viehh\/\" target=\"_blank\" rel=\"noreferrer noopener nofollow\">isa.viehh<\/a><\/figcaption><\/figure>\n<\/div>\n\n\n<p>O seu rosto \u00e9 mais comprido do que largo? Tem um queixo pontiagudo? A sua testa \u00e9 significativamente mais larga do que a parte inferior do seu rosto? Isso s\u00f3 pode significar uma coisa: tem um rosto em forma de cora\u00e7\u00e3o.<\/p>\n\n\n\n<p>O que precisa \u00e9 de um corte de cabelo curto que acentue os seus olhos e ma\u00e7\u00e3s do rosto. E o que \u00e9 melhor do que um bob ou um lob? <\/p>\n\n\n\n<p>Se optar por uma franja, a franja em cortina deve ser a sua melhor escolha. <\/p>\n\n\n\n<h3 class=\"wp-block-heading\">Rosto em forma de diamante<\/h3>\n\n\n<div class=\"wp-block-image\">\n<figure class=\"aligncenter size-large\"><div style=\"position: relative;\"><noscript><img loading=\"lazy\" decoding=\"async\" width=\"819\" height=\"1024\" src=\"https:\/\/flawlesshair.com\/wp-content\/uploads\/2023\/05\/short-hairstyle-for-diamond-shaped-face-819x1024.jpg\" alt=\"penteado curto para rosto em forma de diamante\" class=\"wp-image-13479\" srcset=\"https:\/\/flawlesshair.com\/wp-content\/uploads\/2023\/05\/short-hairstyle-for-diamond-shaped-face-819x1024.jpg 819w, https:\/\/flawlesshair.com\/wp-content\/uploads\/2023\/05\/short-hairstyle-for-diamond-shaped-face-240x300.jpg 240w, https:\/\/flawlesshair.com\/wp-content\/uploads\/2023\/05\/short-hairstyle-for-diamond-shaped-face-768x960.jpg 768w, https:\/\/flawlesshair.com\/wp-content\/uploads\/2023\/05\/short-hairstyle-for-diamond-shaped-face-864x1080.jpg 864w, https:\/\/flawlesshair.com\/wp-content\/uploads\/2023\/05\/short-hairstyle-for-diamond-shaped-face-960x1200.jpg 960w, https:\/\/flawlesshair.com\/wp-content\/uploads\/2023\/05\/short-hairstyle-for-diamond-shaped-face.jpg 1080w\" sizes=\"auto, (max-width: 760px) calc(100vw - 24px), 720px\"><\/noscript><img loading=\"lazy\" decoding=\"async\" width=\"819\" height=\"1024\" src=\"https:\/\/flawlesshair.com\/wp-content\/uploads\/2023\/05\/short-hairstyle-for-diamond-shaped-face-819x1024.jpg\" alt=\"penteado curto para rosto em forma de diamante\" class=\"wp-image-13479 lazyload\" srcset=\"https:\/\/flawlesshair.com\/wp-content\/uploads\/2023\/05\/short-hairstyle-for-diamond-shaped-face-819x1024.jpg 819w, https:\/\/flawlesshair.com\/wp-content\/uploads\/2023\/05\/short-hairstyle-for-diamond-shaped-face-240x300.jpg 240w, https:\/\/flawlesshair.com\/wp-content\/uploads\/2023\/05\/short-hairstyle-for-diamond-shaped-face-768x960.jpg 768w, https:\/\/flawlesshair.com\/wp-content\/uploads\/2023\/05\/short-hairstyle-for-diamond-shaped-face-864x1080.jpg 864w, https:\/\/flawlesshair.com\/wp-content\/uploads\/2023\/05\/short-hairstyle-for-diamond-shaped-face-960x1200.jpg 960w, https:\/\/flawlesshair.com\/wp-content\/uploads\/2023\/05\/short-hairstyle-for-diamond-shaped-face.jpg 1080w\" sizes=\"auto, (max-width: 760px) calc(100vw - 24px), 720px\" data-pin-media=\"https:\/\/flawlesshair.com\/wp-content\/uploads\/2023\/05\/short-hairstyle-for-diamond-shaped-face.jpg\" id=\"mv-trellis-img-20\" data-trellis-processed=\"1\"><div style=\"position: absolute; top: 0.5rem; right: 0.75rem;\"> <a href=\"https:\/\/www.pinterest.com\/pin\/create\/button\/\" data-pin-do=\"buttonPin\" data-pin-tall=\"true\" data-pin-url=\"https:\/\/flawlesshair.com\/pt\/cortes-de-cabelo-curtos\/\" data-pin-media=\"https:\/\/flawlesshair.com\/wp-content\/uploads\/2023\/05\/short-hairstyle-for-diamond-shaped-face-819x1024.jpg\" data-pin-description=\"The Ultimate Guide To The Hottest Short Hairstyles Of 2025\" rel=\"nofollow noopener\" target=\"_blank\"> <\/a><\/div><\/div><figcaption class=\"wp-element-caption\">@<a href=\"https:\/\/www.instagram.com\/_____bruni\" target=\"_blank\" rel=\"noreferrer noopener nofollow\">_____bruni<\/a><\/figcaption><\/figure>\n<\/div>\n\n\n<p>O que \u00e9 um rosto em forma de diamante? \u00c9 um formato com queixo estreito, testa estreita e ma\u00e7\u00e3s do rosto largas e escondidas. Sejamos realistas: as mulheres submetem-se a cirurgias pl\u00e1sticas para terem as suas ma\u00e7\u00e3s do rosto, por isso, se tem este formato de rosto, pode considerar-se sortuda.<\/p>\n\n\n\n<p>Mas que tipo de penteado curto lhe fica melhor? Bob texturado, bob comprido ou um corte pixie cl\u00e1ssico - a escolha \u00e9 toda sua. O que importa \u00e9 que cada um destes cortes de cabelo curto ir\u00e1 acentuar as suas ma\u00e7\u00e3s do rosto e suavizar visualmente a linha do maxilar. <\/p>\n\n\n\n<h3 class=\"wp-block-heading\">Rosto comprido<\/h3>\n\n\n<div class=\"wp-block-image\">\n<figure class=\"aligncenter size-full\"><div style=\"position: relative;\"><noscript><img loading=\"lazy\" decoding=\"async\" width=\"536\" height=\"640\" src=\"https:\/\/flawlesshair.com\/wp-content\/uploads\/2023\/05\/short-hairstyle-for-long-face.jpg\" alt=\"penteado curto para rosto comprido\" class=\"wp-image-13478\" srcset=\"https:\/\/flawlesshair.com\/wp-content\/uploads\/2023\/05\/short-hairstyle-for-long-face.jpg 536w, https:\/\/flawlesshair.com\/wp-content\/uploads\/2023\/05\/short-hairstyle-for-long-face-251x300.jpg 251w\" sizes=\"auto, (max-width: 536px) 100vw, 536px\"><\/noscript><img loading=\"lazy\" decoding=\"async\" width=\"536\" height=\"640\" src=\"https:\/\/flawlesshair.com\/wp-content\/uploads\/2023\/05\/short-hairstyle-for-long-face.jpg\" alt=\"penteado curto para rosto comprido\" class=\"wp-image-13478 lazyload\" srcset=\"https:\/\/flawlesshair.com\/wp-content\/uploads\/2023\/05\/short-hairstyle-for-long-face.jpg 536w, https:\/\/flawlesshair.com\/wp-content\/uploads\/2023\/05\/short-hairstyle-for-long-face-251x300.jpg 251w\" sizes=\"auto, (max-width: 536px) 100vw, 536px\" data-pin-media=\"https:\/\/flawlesshair.com\/wp-content\/uploads\/2023\/05\/short-hairstyle-for-long-face.jpg\" id=\"mv-trellis-img-21\" data-trellis-processed=\"1\"><div style=\"position: absolute; top: 0.5rem; right: 0.75rem;\"> <a href=\"https:\/\/www.pinterest.com\/pin\/create\/button\/\" data-pin-do=\"buttonPin\" data-pin-tall=\"true\" data-pin-url=\"https:\/\/flawlesshair.com\/pt\/cortes-de-cabelo-curtos\/\" data-pin-media=\"https:\/\/flawlesshair.com\/wp-content\/uploads\/2023\/05\/short-hairstyle-for-long-face.jpg\" data-pin-description=\"The Ultimate Guide To The Hottest Short Hairstyles Of 2025\" rel=\"nofollow noopener\" target=\"_blank\"> <\/a><\/div><\/div><figcaption class=\"wp-element-caption\">@<a href=\"https:\/\/www.instagram.com\/reenatars\/\" target=\"_blank\" rel=\"noreferrer noopener nofollow\">reenatares<\/a><\/figcaption><\/figure>\n<\/div>\n\n\n<p>N\u00e3o, n\u00e3o estou a falar da sua express\u00e3o facial: Estou a falar da forma do seu rosto. Se tem um rosto comprido, \u00e9 prov\u00e1vel que o seu queixo seja pontiagudo e que o seu rosto seja mais comprido do que largo. <\/p>\n\n\n\n<p>Escolher um corte de cabelo comprido para este formato de rosto seria um grande erro, uma vez que alonga ainda mais o seu rosto. \u00c9 por isso que precisa de um corte pixie arredondado ou de um bob redondo - ambos dar\u00e3o ao seu rosto uma forma mais larga. A franja assim\u00e9trica ou redonda tamb\u00e9m favorece os rostos compridos. <\/p>\n\n\n\n<h2 class=\"wp-block-heading\">Os melhores penteados curtos para diferentes faixas et\u00e1rias<\/h2>\n\n\n\n<p>\u00c9 poss\u00edvel ter um penteado curto moderno, mas tamb\u00e9m adequado \u00e0 idade? \u00c9 absolutamente poss\u00edvel. E estes cortes de cabelo s\u00e3o a prova viva disso mesmo. <\/p>\n\n\n\n<h3 class=\"wp-block-heading\">Crian\u00e7as\/adolescentes<\/h3>\n\n\n<div class=\"wp-block-image\">\n<figure class=\"aligncenter size-large\"><div style=\"position: relative;\"><noscript><img loading=\"lazy\" decoding=\"async\" width=\"1024\" height=\"1024\" src=\"https:\/\/flawlesshair.com\/wp-content\/uploads\/2023\/05\/short-hairstyle-for-kids-and-teenagers-1024x1024.jpg\" alt=\"penteado curto para crian\u00e7as e adolescentes\" class=\"wp-image-13347\" srcset=\"https:\/\/flawlesshair.com\/wp-content\/uploads\/2023\/05\/short-hairstyle-for-kids-and-teenagers-1024x1024.jpg 1024w, https:\/\/flawlesshair.com\/wp-content\/uploads\/2023\/05\/short-hairstyle-for-kids-and-teenagers-300x300.jpg 300w, https:\/\/flawlesshair.com\/wp-content\/uploads\/2023\/05\/short-hairstyle-for-kids-and-teenagers-150x150.jpg 150w, https:\/\/flawlesshair.com\/wp-content\/uploads\/2023\/05\/short-hairstyle-for-kids-and-teenagers-768x768.jpg 768w, https:\/\/flawlesshair.com\/wp-content\/uploads\/2023\/05\/short-hairstyle-for-kids-and-teenagers-728x728.jpg 728w, https:\/\/flawlesshair.com\/wp-content\/uploads\/2023\/05\/short-hairstyle-for-kids-and-teenagers-960x960.jpg 960w, https:\/\/flawlesshair.com\/wp-content\/uploads\/2023\/05\/short-hairstyle-for-kids-and-teenagers.jpg 1080w\" sizes=\"auto, (max-width: 760px) calc(100vw - 24px), 720px\"><\/noscript><img loading=\"lazy\" decoding=\"async\" width=\"1024\" height=\"1024\" src=\"https:\/\/flawlesshair.com\/wp-content\/uploads\/2023\/05\/short-hairstyle-for-kids-and-teenagers-1024x1024.jpg\" alt=\"penteado curto para crian\u00e7as e adolescentes\" class=\"wp-image-13347 lazyload\" srcset=\"https:\/\/flawlesshair.com\/wp-content\/uploads\/2023\/05\/short-hairstyle-for-kids-and-teenagers-1024x1024.jpg 1024w, https:\/\/flawlesshair.com\/wp-content\/uploads\/2023\/05\/short-hairstyle-for-kids-and-teenagers-300x300.jpg 300w, https:\/\/flawlesshair.com\/wp-content\/uploads\/2023\/05\/short-hairstyle-for-kids-and-teenagers-150x150.jpg 150w, https:\/\/flawlesshair.com\/wp-content\/uploads\/2023\/05\/short-hairstyle-for-kids-and-teenagers-768x768.jpg 768w, https:\/\/flawlesshair.com\/wp-content\/uploads\/2023\/05\/short-hairstyle-for-kids-and-teenagers-728x728.jpg 728w, https:\/\/flawlesshair.com\/wp-content\/uploads\/2023\/05\/short-hairstyle-for-kids-and-teenagers-960x960.jpg 960w, https:\/\/flawlesshair.com\/wp-content\/uploads\/2023\/05\/short-hairstyle-for-kids-and-teenagers.jpg 1080w\" sizes=\"auto, (max-width: 760px) calc(100vw - 24px), 720px\" data-pin-media=\"https:\/\/flawlesshair.com\/wp-content\/uploads\/2023\/05\/short-hairstyle-for-kids-and-teenagers.jpg\" id=\"mv-trellis-img-22\" data-trellis-processed=\"1\"><div style=\"position: absolute; top: 0.5rem; right: 0.75rem;\"> <a href=\"https:\/\/www.pinterest.com\/pin\/create\/button\/\" data-pin-do=\"buttonPin\" data-pin-tall=\"true\" data-pin-url=\"https:\/\/flawlesshair.com\/pt\/cortes-de-cabelo-curtos\/\" data-pin-media=\"https:\/\/flawlesshair.com\/wp-content\/uploads\/2023\/05\/short-hairstyle-for-kids-and-teenagers-1024x1024.jpg\" data-pin-description=\"The Ultimate Guide To The Hottest Short Hairstyles Of 2025\" rel=\"nofollow noopener\" target=\"_blank\"> <\/a><\/div><\/div><figcaption class=\"wp-element-caption\">@<a href=\"https:\/\/www.instagram.com\/spinsalonmogappair\" target=\"_blank\" rel=\"noreferrer noopener nofollow\">spinsalonmogappair<\/a><\/figcaption><\/figure>\n<\/div>\n\n\n<p>Quem disse que todas as raparigas t\u00eam de ter cabelo comprido? Se a sua filha est\u00e1 farta de tran\u00e7as emaranhadas e quer um corte de cabelo sem esfor\u00e7o, leve-a ao cabeleireiro e pe\u00e7a-lhe um penteado curto.<\/p>\n\n\n\n<p>Embora deva definitivamente respeitar os seus desejos, certifique-se de que o seu penteado n\u00e3o \u00e9 demasiado dif\u00edcil de manter e pentear. Evite franjas assim\u00e9tricas demasiado longas, uma vez que podem incomodar os olhos. Escolha um penteado curto simples mas bonito. <\/p>\n\n\n\n<h3 class=\"wp-block-heading\">Anos 20-30<\/h3>\n\n\n<div class=\"wp-block-image\">\n<figure class=\"aligncenter size-large\"><div style=\"position: relative;\"><noscript><img loading=\"lazy\" decoding=\"async\" width=\"819\" height=\"1024\" src=\"https:\/\/flawlesshair.com\/wp-content\/uploads\/2023\/05\/short-hairstyle-for-women-in-20s-and-30s-819x1024.jpg\" alt=\"penteado curto para mulheres de 20 e 30 anos\" class=\"wp-image-13485\" srcset=\"https:\/\/flawlesshair.com\/wp-content\/uploads\/2023\/05\/short-hairstyle-for-women-in-20s-and-30s-819x1024.jpg 819w, https:\/\/flawlesshair.com\/wp-content\/uploads\/2023\/05\/short-hairstyle-for-women-in-20s-and-30s-240x300.jpg 240w, https:\/\/flawlesshair.com\/wp-content\/uploads\/2023\/05\/short-hairstyle-for-women-in-20s-and-30s-768x961.jpg 768w, https:\/\/flawlesshair.com\/wp-content\/uploads\/2023\/05\/short-hairstyle-for-women-in-20s-and-30s-767x960.jpg 767w, https:\/\/flawlesshair.com\/wp-content\/uploads\/2023\/05\/short-hairstyle-for-women-in-20s-and-30s-863x1080.jpg 863w, https:\/\/flawlesshair.com\/wp-content\/uploads\/2023\/05\/short-hairstyle-for-women-in-20s-and-30s-959x1200.jpg 959w, https:\/\/flawlesshair.com\/wp-content\/uploads\/2023\/05\/short-hairstyle-for-women-in-20s-and-30s.jpg 1080w\" sizes=\"auto, (max-width: 760px) calc(100vw - 24px), 720px\"><\/noscript><img loading=\"lazy\" decoding=\"async\" width=\"819\" height=\"1024\" src=\"https:\/\/flawlesshair.com\/wp-content\/uploads\/2023\/05\/short-hairstyle-for-women-in-20s-and-30s-819x1024.jpg\" alt=\"penteado curto para mulheres de 20 e 30 anos\" class=\"wp-image-13485 lazyload\" srcset=\"https:\/\/flawlesshair.com\/wp-content\/uploads\/2023\/05\/short-hairstyle-for-women-in-20s-and-30s-819x1024.jpg 819w, https:\/\/flawlesshair.com\/wp-content\/uploads\/2023\/05\/short-hairstyle-for-women-in-20s-and-30s-240x300.jpg 240w, https:\/\/flawlesshair.com\/wp-content\/uploads\/2023\/05\/short-hairstyle-for-women-in-20s-and-30s-768x961.jpg 768w, https:\/\/flawlesshair.com\/wp-content\/uploads\/2023\/05\/short-hairstyle-for-women-in-20s-and-30s-767x960.jpg 767w, https:\/\/flawlesshair.com\/wp-content\/uploads\/2023\/05\/short-hairstyle-for-women-in-20s-and-30s-863x1080.jpg 863w, https:\/\/flawlesshair.com\/wp-content\/uploads\/2023\/05\/short-hairstyle-for-women-in-20s-and-30s-959x1200.jpg 959w, https:\/\/flawlesshair.com\/wp-content\/uploads\/2023\/05\/short-hairstyle-for-women-in-20s-and-30s.jpg 1080w\" sizes=\"auto, (max-width: 760px) calc(100vw - 24px), 720px\" data-pin-media=\"https:\/\/flawlesshair.com\/wp-content\/uploads\/2023\/05\/short-hairstyle-for-women-in-20s-and-30s.jpg\" id=\"mv-trellis-img-23\" data-trellis-processed=\"1\"><div style=\"position: absolute; top: 0.5rem; right: 0.75rem;\"> <a href=\"https:\/\/www.pinterest.com\/pin\/create\/button\/\" data-pin-do=\"buttonPin\" data-pin-tall=\"true\" data-pin-url=\"https:\/\/flawlesshair.com\/pt\/cortes-de-cabelo-curtos\/\" data-pin-media=\"https:\/\/flawlesshair.com\/wp-content\/uploads\/2023\/05\/short-hairstyle-for-women-in-20s-and-30s-819x1024.jpg\" data-pin-description=\"The Ultimate Guide To The Hottest Short Hairstyles Of 2025\" rel=\"nofollow noopener\" target=\"_blank\"> <\/a><\/div><\/div><figcaption class=\"wp-element-caption\"><a href=\"https:\/\/www.instagram.com\/liaheleooficial\/\" target=\"_blank\" rel=\"noreferrer noopener nofollow\">@liaheleooficial<\/a><\/figcaption><\/figure>\n<\/div>\n\n\n<p>Os seus 20 e 30 anos s\u00e3o a melhor altura para fazer experi\u00eancias com o seu visual. Esta \u00e9 a idade em que procura o seu pr\u00f3prio estilo pessoal e em que est\u00e1 entre tend\u00eancias, \u00e0 procura da perfeita. <\/p>\n\n\n\n<p>Tudo \u00e9 permitido e nada est\u00e1 fora dos limites! \u00c9 por isso que deve evitar um penteado mon\u00f3tono e cl\u00e1ssico. Em vez disso, escolha algo mais ousado e brinque com o seu cabelo. <\/p>\n\n\n\n<h3 class=\"wp-block-heading\">Mais de 40 anos<\/h3>\n\n\n<div class=\"wp-block-image\">\n<figure class=\"aligncenter size-large\"><div style=\"position: relative;\"><noscript><img loading=\"lazy\" decoding=\"async\" width=\"825\" height=\"1024\" src=\"https:\/\/flawlesshair.com\/wp-content\/uploads\/2023\/05\/short-hairstyle-for-women-over-40-825x1024.jpg\" alt=\"penteado curto para mulheres com mais de 40 anos\" class=\"wp-image-13484\" srcset=\"https:\/\/flawlesshair.com\/wp-content\/uploads\/2023\/05\/short-hairstyle-for-women-over-40-825x1024.jpg 825w, https:\/\/flawlesshair.com\/wp-content\/uploads\/2023\/05\/short-hairstyle-for-women-over-40-242x300.jpg 242w, https:\/\/flawlesshair.com\/wp-content\/uploads\/2023\/05\/short-hairstyle-for-women-over-40-768x954.jpg 768w, https:\/\/flawlesshair.com\/wp-content\/uploads\/2023\/05\/short-hairstyle-for-women-over-40-773x960.jpg 773w, https:\/\/flawlesshair.com\/wp-content\/uploads\/2023\/05\/short-hairstyle-for-women-over-40-870x1080.jpg 870w, https:\/\/flawlesshair.com\/wp-content\/uploads\/2023\/05\/short-hairstyle-for-women-over-40-966x1200.jpg 966w, https:\/\/flawlesshair.com\/wp-content\/uploads\/2023\/05\/short-hairstyle-for-women-over-40.jpg 1080w\" sizes=\"auto, (max-width: 760px) calc(100vw - 24px), 720px\"><\/noscript><img loading=\"lazy\" decoding=\"async\" width=\"825\" height=\"1024\" src=\"https:\/\/flawlesshair.com\/wp-content\/uploads\/2023\/05\/short-hairstyle-for-women-over-40-825x1024.jpg\" alt=\"penteado curto para mulheres com mais de 40 anos\" class=\"wp-image-13484 lazyload\" srcset=\"https:\/\/flawlesshair.com\/wp-content\/uploads\/2023\/05\/short-hairstyle-for-women-over-40-825x1024.jpg 825w, https:\/\/flawlesshair.com\/wp-content\/uploads\/2023\/05\/short-hairstyle-for-women-over-40-242x300.jpg 242w, https:\/\/flawlesshair.com\/wp-content\/uploads\/2023\/05\/short-hairstyle-for-women-over-40-768x954.jpg 768w, https:\/\/flawlesshair.com\/wp-content\/uploads\/2023\/05\/short-hairstyle-for-women-over-40-773x960.jpg 773w, https:\/\/flawlesshair.com\/wp-content\/uploads\/2023\/05\/short-hairstyle-for-women-over-40-870x1080.jpg 870w, https:\/\/flawlesshair.com\/wp-content\/uploads\/2023\/05\/short-hairstyle-for-women-over-40-966x1200.jpg 966w, https:\/\/flawlesshair.com\/wp-content\/uploads\/2023\/05\/short-hairstyle-for-women-over-40.jpg 1080w\" sizes=\"auto, (max-width: 760px) calc(100vw - 24px), 720px\" data-pin-media=\"https:\/\/flawlesshair.com\/wp-content\/uploads\/2023\/05\/short-hairstyle-for-women-over-40.jpg\" id=\"mv-trellis-img-24\" data-trellis-processed=\"1\"><div style=\"position: absolute; top: 0.5rem; right: 0.75rem;\"> <a href=\"https:\/\/www.pinterest.com\/pin\/create\/button\/\" data-pin-do=\"buttonPin\" data-pin-tall=\"true\" data-pin-url=\"https:\/\/flawlesshair.com\/pt\/cortes-de-cabelo-curtos\/\" data-pin-media=\"https:\/\/flawlesshair.com\/wp-content\/uploads\/2023\/05\/short-hairstyle-for-women-over-40-825x1024.jpg\" data-pin-description=\"The Ultimate Guide To The Hottest Short Hairstyles Of 2025\" rel=\"nofollow noopener\" target=\"_blank\"> <\/a><\/div><\/div><figcaption class=\"wp-element-caption\"><a href=\"https:\/\/www.instagram.com\/sharaleesboxofchocolates\/\" target=\"_blank\" rel=\"noreferrer noopener nofollow\">@sharaleesboxofchocolates<\/a><\/figcaption><\/figure>\n<\/div>\n\n\n<p>Se \u00e9 <a href=\"https:\/\/flawlesshair.com\/pt\/cortes-de-cabelo-curtos-para-mulheres-com-mais-de-40-anos\/\">mais de 40<\/a>Quer um penteado que esteja na moda e seja profissional ao mesmo tempo. Mas n\u00e3o quer passar uma vida inteira a pentear o seu cabelo todos os dias. \u00c9 exatamente por isso que deve escolher um corte de cabelo curto com estilo. <\/p>\n\n\n\n<h3 class=\"wp-block-heading\">Mais de 50<\/h3>\n\n\n<div class=\"wp-block-image\">\n<figure class=\"aligncenter size-large\"><div style=\"position: relative;\"><noscript><img loading=\"lazy\" decoding=\"async\" width=\"819\" height=\"1024\" src=\"https:\/\/flawlesshair.com\/wp-content\/uploads\/2023\/05\/short-hairstyle-for-women-over-50-819x1024.jpg\" alt=\"penteado curto para mulheres com mais de 50 anos\" class=\"wp-image-13487\" srcset=\"https:\/\/flawlesshair.com\/wp-content\/uploads\/2023\/05\/short-hairstyle-for-women-over-50-819x1024.jpg 819w, https:\/\/flawlesshair.com\/wp-content\/uploads\/2023\/05\/short-hairstyle-for-women-over-50-240x300.jpg 240w, https:\/\/flawlesshair.com\/wp-content\/uploads\/2023\/05\/short-hairstyle-for-women-over-50-768x960.jpg 768w, https:\/\/flawlesshair.com\/wp-content\/uploads\/2023\/05\/short-hairstyle-for-women-over-50-864x1080.jpg 864w, https:\/\/flawlesshair.com\/wp-content\/uploads\/2023\/05\/short-hairstyle-for-women-over-50-960x1200.jpg 960w, https:\/\/flawlesshair.com\/wp-content\/uploads\/2023\/05\/short-hairstyle-for-women-over-50.jpg 1080w\" sizes=\"auto, (max-width: 760px) calc(100vw - 24px), 720px\"><\/noscript><img loading=\"lazy\" decoding=\"async\" width=\"819\" height=\"1024\" src=\"https:\/\/flawlesshair.com\/wp-content\/uploads\/2023\/05\/short-hairstyle-for-women-over-50-819x1024.jpg\" alt=\"penteado curto para mulheres com mais de 50 anos\" class=\"wp-image-13487 lazyload\" srcset=\"https:\/\/flawlesshair.com\/wp-content\/uploads\/2023\/05\/short-hairstyle-for-women-over-50-819x1024.jpg 819w, https:\/\/flawlesshair.com\/wp-content\/uploads\/2023\/05\/short-hairstyle-for-women-over-50-240x300.jpg 240w, https:\/\/flawlesshair.com\/wp-content\/uploads\/2023\/05\/short-hairstyle-for-women-over-50-768x960.jpg 768w, https:\/\/flawlesshair.com\/wp-content\/uploads\/2023\/05\/short-hairstyle-for-women-over-50-864x1080.jpg 864w, https:\/\/flawlesshair.com\/wp-content\/uploads\/2023\/05\/short-hairstyle-for-women-over-50-960x1200.jpg 960w, https:\/\/flawlesshair.com\/wp-content\/uploads\/2023\/05\/short-hairstyle-for-women-over-50.jpg 1080w\" sizes=\"auto, (max-width: 760px) calc(100vw - 24px), 720px\" data-pin-media=\"https:\/\/flawlesshair.com\/wp-content\/uploads\/2023\/05\/short-hairstyle-for-women-over-50.jpg\" id=\"mv-trellis-img-25\" data-trellis-processed=\"1\"><div style=\"position: absolute; top: 0.5rem; right: 0.75rem;\"> <a href=\"https:\/\/www.pinterest.com\/pin\/create\/button\/\" data-pin-do=\"buttonPin\" data-pin-tall=\"true\" data-pin-url=\"https:\/\/flawlesshair.com\/pt\/cortes-de-cabelo-curtos\/\" data-pin-media=\"https:\/\/flawlesshair.com\/wp-content\/uploads\/2023\/05\/short-hairstyle-for-women-over-50-819x1024.jpg\" data-pin-description=\"The Ultimate Guide To The Hottest Short Hairstyles Of 2025\" rel=\"nofollow noopener\" target=\"_blank\"> <\/a><\/div><\/div><figcaption class=\"wp-element-caption\">@<a href=\"https:\/\/www.instagram.com\/modishsalonpro\" target=\"_blank\" rel=\"noreferrer noopener nofollow\">modishsalonpro<\/a><\/figcaption><\/figure>\n<\/div>\n\n\n<p>Quem disse que n\u00e3o se pode estar na moda com <a href=\"https:\/\/flawlesshair.com\/pt\/cortes-pixie-para-mulheres-com-mais-de-50-anos\/\">os seus 50 anos<\/a>? Em vez de tentar enquadrar-se em algumas normas sociais imagin\u00e1rias, mostre ao mundo que a idade \u00e9 apenas um n\u00famero e arrase com o penteado que quiser. Vai abra\u00e7ar o seu cabelo grisalho ou pintar o seu cabelo? A escolha \u00e9 toda tua! <\/p>\n\n\n\n<h3 class=\"wp-block-heading\">Mais de 60 anos<\/h3>\n\n\n<div class=\"wp-block-image\">\n<figure class=\"aligncenter size-large\"><div style=\"position: relative;\"><noscript><img loading=\"lazy\" decoding=\"async\" width=\"1024\" height=\"1024\" src=\"https:\/\/flawlesshair.com\/wp-content\/uploads\/2023\/05\/short-hairstyle-for-women-over-60-1024x1024.jpg\" alt=\"penteado curto para mulheres com mais de 60 anos\" class=\"wp-image-13491\" srcset=\"https:\/\/flawlesshair.com\/wp-content\/uploads\/2023\/05\/short-hairstyle-for-women-over-60-1024x1024.jpg 1024w, https:\/\/flawlesshair.com\/wp-content\/uploads\/2023\/05\/short-hairstyle-for-women-over-60-300x300.jpg 300w, https:\/\/flawlesshair.com\/wp-content\/uploads\/2023\/05\/short-hairstyle-for-women-over-60-150x150.jpg 150w, https:\/\/flawlesshair.com\/wp-content\/uploads\/2023\/05\/short-hairstyle-for-women-over-60-768x768.jpg 768w, https:\/\/flawlesshair.com\/wp-content\/uploads\/2023\/05\/short-hairstyle-for-women-over-60-728x728.jpg 728w, https:\/\/flawlesshair.com\/wp-content\/uploads\/2023\/05\/short-hairstyle-for-women-over-60-960x960.jpg 960w, https:\/\/flawlesshair.com\/wp-content\/uploads\/2023\/05\/short-hairstyle-for-women-over-60.jpg 1080w\" sizes=\"auto, (max-width: 760px) calc(100vw - 24px), 720px\"><\/noscript><img loading=\"lazy\" decoding=\"async\" width=\"1024\" height=\"1024\" src=\"https:\/\/flawlesshair.com\/wp-content\/uploads\/2023\/05\/short-hairstyle-for-women-over-60-1024x1024.jpg\" alt=\"penteado curto para mulheres com mais de 60 anos\" class=\"wp-image-13491 lazyload\" srcset=\"https:\/\/flawlesshair.com\/wp-content\/uploads\/2023\/05\/short-hairstyle-for-women-over-60-1024x1024.jpg 1024w, https:\/\/flawlesshair.com\/wp-content\/uploads\/2023\/05\/short-hairstyle-for-women-over-60-300x300.jpg 300w, https:\/\/flawlesshair.com\/wp-content\/uploads\/2023\/05\/short-hairstyle-for-women-over-60-150x150.jpg 150w, https:\/\/flawlesshair.com\/wp-content\/uploads\/2023\/05\/short-hairstyle-for-women-over-60-768x768.jpg 768w, https:\/\/flawlesshair.com\/wp-content\/uploads\/2023\/05\/short-hairstyle-for-women-over-60-728x728.jpg 728w, https:\/\/flawlesshair.com\/wp-content\/uploads\/2023\/05\/short-hairstyle-for-women-over-60-960x960.jpg 960w, https:\/\/flawlesshair.com\/wp-content\/uploads\/2023\/05\/short-hairstyle-for-women-over-60.jpg 1080w\" sizes=\"auto, (max-width: 760px) calc(100vw - 24px), 720px\" data-pin-media=\"https:\/\/flawlesshair.com\/wp-content\/uploads\/2023\/05\/short-hairstyle-for-women-over-60.jpg\" id=\"mv-trellis-img-26\" data-trellis-processed=\"1\"><div style=\"position: absolute; top: 0.5rem; right: 0.75rem;\"> <a href=\"https:\/\/www.pinterest.com\/pin\/create\/button\/\" data-pin-do=\"buttonPin\" data-pin-tall=\"true\" data-pin-url=\"https:\/\/flawlesshair.com\/pt\/cortes-de-cabelo-curtos\/\" data-pin-media=\"https:\/\/flawlesshair.com\/wp-content\/uploads\/2023\/05\/short-hairstyle-for-women-over-60-1024x1024.jpg\" data-pin-description=\"The Ultimate Guide To The Hottest Short Hairstyles Of 2025\" rel=\"nofollow noopener\" target=\"_blank\"> <\/a><\/div><\/div><figcaption class=\"wp-element-caption\">@<a href=\"https:\/\/www.instagram.com\/nancy_keune_colorist\/\" target=\"_blank\" rel=\"noreferrer noopener nofollow\">nancy_keune_colorista<\/a><\/figcaption><\/figure>\n<\/div>\n\n\n<p>Quando se chega a uma certa idade, come\u00e7a-se a lidar com o enfraquecimento do cabelo. A pior coisa que se pode fazer quando isto come\u00e7a a acontecer \u00e9 manter o cabelo comprido. Se o fizer, o cabelo fica ainda mais fino e sem vida. <\/p>\n\n\n\n<p>Em vez disso, opte por um penteado mais curto em <a href=\"https:\/\/flawlesshair.com\/pt\/cortes-de-cabelo-curtos-para-mulheres-com-mais-de-60-anos\/\">os seus 60 anos<\/a>. Recomendo vivamente um pixie em camadas, uma vez que tem o poder de fazer com que o seu cabelo pare\u00e7a muito mais espesso. Tudo o resto depende de si! <\/p>\n\n\n\n<h3 class=\"wp-block-heading\">Mais de 70<\/h3>\n\n\n<div class=\"wp-block-image\">\n<figure class=\"aligncenter size-large\"><div style=\"position: relative;\"><noscript><img loading=\"lazy\" decoding=\"async\" width=\"819\" height=\"1024\" src=\"https:\/\/flawlesshair.com\/wp-content\/uploads\/2023\/05\/short-hairstyle-for-women-over-70-819x1024.jpg\" alt=\"penteado curto para mulheres com mais de 70 anos\" class=\"wp-image-13489\" srcset=\"https:\/\/flawlesshair.com\/wp-content\/uploads\/2023\/05\/short-hairstyle-for-women-over-70-819x1024.jpg 819w, https:\/\/flawlesshair.com\/wp-content\/uploads\/2023\/05\/short-hairstyle-for-women-over-70-240x300.jpg 240w, https:\/\/flawlesshair.com\/wp-content\/uploads\/2023\/05\/short-hairstyle-for-women-over-70-768x960.jpg 768w, https:\/\/flawlesshair.com\/wp-content\/uploads\/2023\/05\/short-hairstyle-for-women-over-70-864x1080.jpg 864w, https:\/\/flawlesshair.com\/wp-content\/uploads\/2023\/05\/short-hairstyle-for-women-over-70-960x1200.jpg 960w, https:\/\/flawlesshair.com\/wp-content\/uploads\/2023\/05\/short-hairstyle-for-women-over-70.jpg 1080w\" sizes=\"auto, (max-width: 760px) calc(100vw - 24px), 720px\"><\/noscript><img loading=\"lazy\" decoding=\"async\" width=\"819\" height=\"1024\" src=\"https:\/\/flawlesshair.com\/wp-content\/uploads\/2023\/05\/short-hairstyle-for-women-over-70-819x1024.jpg\" alt=\"penteado curto para mulheres com mais de 70 anos\" class=\"wp-image-13489 lazyload\" srcset=\"https:\/\/flawlesshair.com\/wp-content\/uploads\/2023\/05\/short-hairstyle-for-women-over-70-819x1024.jpg 819w, https:\/\/flawlesshair.com\/wp-content\/uploads\/2023\/05\/short-hairstyle-for-women-over-70-240x300.jpg 240w, https:\/\/flawlesshair.com\/wp-content\/uploads\/2023\/05\/short-hairstyle-for-women-over-70-768x960.jpg 768w, https:\/\/flawlesshair.com\/wp-content\/uploads\/2023\/05\/short-hairstyle-for-women-over-70-864x1080.jpg 864w, https:\/\/flawlesshair.com\/wp-content\/uploads\/2023\/05\/short-hairstyle-for-women-over-70-960x1200.jpg 960w, https:\/\/flawlesshair.com\/wp-content\/uploads\/2023\/05\/short-hairstyle-for-women-over-70.jpg 1080w\" sizes=\"auto, (max-width: 760px) calc(100vw - 24px), 720px\" data-pin-media=\"https:\/\/flawlesshair.com\/wp-content\/uploads\/2023\/05\/short-hairstyle-for-women-over-70.jpg\" id=\"mv-trellis-img-27\" data-trellis-processed=\"1\"><div style=\"position: absolute; top: 0.5rem; right: 0.75rem;\"> <a href=\"https:\/\/www.pinterest.com\/pin\/create\/button\/\" data-pin-do=\"buttonPin\" data-pin-tall=\"true\" data-pin-url=\"https:\/\/flawlesshair.com\/pt\/cortes-de-cabelo-curtos\/\" data-pin-media=\"https:\/\/flawlesshair.com\/wp-content\/uploads\/2023\/05\/short-hairstyle-for-women-over-70-819x1024.jpg\" data-pin-description=\"The Ultimate Guide To The Hottest Short Hairstyles Of 2025\" rel=\"nofollow noopener\" target=\"_blank\"> <\/a><\/div><\/div><figcaption class=\"wp-element-caption\">@<a href=\"https:\/\/www.instagram.com\/nancy_keune_colorist\" target=\"_blank\" rel=\"noreferrer noopener nofollow\">nancy_keune_colorista<\/a><\/figcaption><\/figure>\n<\/div>\n\n\n<p>Passou toda a sua vida a tratar do seu cabelo. \u00c9 por isso que agora, <a href=\"https:\/\/flawlesshair.com\/pt\/penteados-curtos-para-mulheres-com-mais-de-70-anos-com-cabelo-fino\/\">os seus 70 anos<\/a> s\u00e3o a altura perfeita para optar por um penteado curto sem esfor\u00e7o e de baixa manuten\u00e7\u00e3o. Um corte pixie cl\u00e1ssico \u00e9 o melhor corte de cabelo para o efeito. <\/p>\n\n\n\n<p>N\u00e3o te apetece pintar o cabelo? Quem disse que \u00e9 obrigat\u00f3rio? Em vez disso, arrasa com essas madeixas prateadas como uma verdadeira mauzona que \u00e9s. <\/p>\n\n\n\n<h2 class=\"wp-block-heading\">Os melhores penteados curtos para diferentes tipos de cabelo<\/h2>\n\n\n\n<p>O penteado perfeito depende muito do seu tipo de cabelo. Por isso, antes de escolher o corte de cabelo curto para si, determine se tem cabelo liso, encaracolado ou crespo. <\/p>\n\n\n\n<p>Acredite em mim: pode ser mais dif\u00edcil do que pensa, especialmente se tiver o cabelo estragado. \u00c9 por isso que deve seguir estas directrizes. <\/p>\n\n\n\n<h3 class=\"wp-block-heading\">Cabelo liso<\/h3>\n\n\n<div class=\"wp-block-image\">\n<figure class=\"aligncenter size-large\"><div style=\"position: relative;\"><noscript><img loading=\"lazy\" decoding=\"async\" width=\"819\" height=\"1024\" src=\"https:\/\/flawlesshair.com\/wp-content\/uploads\/2023\/05\/short-hairstyle-for-straight-hair-819x1024.jpg\" alt=\"penteado curto para cabelos lisos\" class=\"wp-image-13486\" srcset=\"https:\/\/flawlesshair.com\/wp-content\/uploads\/2023\/05\/short-hairstyle-for-straight-hair-819x1024.jpg 819w, https:\/\/flawlesshair.com\/wp-content\/uploads\/2023\/05\/short-hairstyle-for-straight-hair-240x300.jpg 240w, https:\/\/flawlesshair.com\/wp-content\/uploads\/2023\/05\/short-hairstyle-for-straight-hair-768x960.jpg 768w, https:\/\/flawlesshair.com\/wp-content\/uploads\/2023\/05\/short-hairstyle-for-straight-hair-864x1080.jpg 864w, https:\/\/flawlesshair.com\/wp-content\/uploads\/2023\/05\/short-hairstyle-for-straight-hair-960x1200.jpg 960w, https:\/\/flawlesshair.com\/wp-content\/uploads\/2023\/05\/short-hairstyle-for-straight-hair.jpg 1080w\" sizes=\"auto, (max-width: 760px) calc(100vw - 24px), 720px\"><\/noscript><img loading=\"lazy\" decoding=\"async\" width=\"819\" height=\"1024\" src=\"https:\/\/flawlesshair.com\/wp-content\/uploads\/2023\/05\/short-hairstyle-for-straight-hair-819x1024.jpg\" alt=\"penteado curto para cabelos lisos\" class=\"wp-image-13486 lazyload\" srcset=\"https:\/\/flawlesshair.com\/wp-content\/uploads\/2023\/05\/short-hairstyle-for-straight-hair-819x1024.jpg 819w, https:\/\/flawlesshair.com\/wp-content\/uploads\/2023\/05\/short-hairstyle-for-straight-hair-240x300.jpg 240w, https:\/\/flawlesshair.com\/wp-content\/uploads\/2023\/05\/short-hairstyle-for-straight-hair-768x960.jpg 768w, https:\/\/flawlesshair.com\/wp-content\/uploads\/2023\/05\/short-hairstyle-for-straight-hair-864x1080.jpg 864w, https:\/\/flawlesshair.com\/wp-content\/uploads\/2023\/05\/short-hairstyle-for-straight-hair-960x1200.jpg 960w, https:\/\/flawlesshair.com\/wp-content\/uploads\/2023\/05\/short-hairstyle-for-straight-hair.jpg 1080w\" sizes=\"auto, (max-width: 760px) calc(100vw - 24px), 720px\" data-pin-media=\"https:\/\/flawlesshair.com\/wp-content\/uploads\/2023\/05\/short-hairstyle-for-straight-hair.jpg\" id=\"mv-trellis-img-28\" data-trellis-processed=\"1\"><div style=\"position: absolute; top: 0.5rem; right: 0.75rem;\"> <a href=\"https:\/\/www.pinterest.com\/pin\/create\/button\/\" data-pin-do=\"buttonPin\" data-pin-tall=\"true\" data-pin-url=\"https:\/\/flawlesshair.com\/pt\/cortes-de-cabelo-curtos\/\" data-pin-media=\"https:\/\/flawlesshair.com\/wp-content\/uploads\/2023\/05\/short-hairstyle-for-straight-hair-819x1024.jpg\" data-pin-description=\"The Ultimate Guide To The Hottest Short Hairstyles Of 2025\" rel=\"nofollow noopener\" target=\"_blank\"> <\/a><\/div><\/div><figcaption class=\"wp-element-caption\">@<a href=\"https:\/\/www.instagram.com\/taylorleigh.hair\" target=\"_blank\" rel=\"noreferrer noopener nofollow\">taylorleigh.hair<\/a><\/figcaption><\/figure>\n<\/div>\n\n\n<p><a href=\"https:\/\/flawlesshair.com\/pt\/penteados-curtos-e-lisos\/\">Cabelo liso<\/a> n\u00e3o enrola nem dobra quando seca e \u00e9 um candidato ideal para um corte bob sem corte. A melhor parte \u00e9 que n\u00e3o ter\u00e1 de utilizar um alisador de cabelo para obter o look perfeito. Bastar\u00e1 escovar e secar o cabelo com o secador e voil\u00e1, est\u00e1 com estilo e pronta para sair. <\/p>\n\n\n\n<h3 class=\"wp-block-heading\">Cabelo encaracolado<\/h3>\n\n\n<div class=\"wp-block-image\">\n<figure class=\"aligncenter size-large\"><div style=\"position: relative;\"><noscript><img loading=\"lazy\" decoding=\"async\" width=\"1024\" height=\"1024\" src=\"https:\/\/flawlesshair.com\/wp-content\/uploads\/2023\/05\/short-hairstyle-for-curly-hair-1024x1024.jpg\" alt=\"penteado curto para cabelos encaracolados\" class=\"wp-image-13488\" srcset=\"https:\/\/flawlesshair.com\/wp-content\/uploads\/2023\/05\/short-hairstyle-for-curly-hair-1024x1024.jpg 1024w, https:\/\/flawlesshair.com\/wp-content\/uploads\/2023\/05\/short-hairstyle-for-curly-hair-300x300.jpg 300w, https:\/\/flawlesshair.com\/wp-content\/uploads\/2023\/05\/short-hairstyle-for-curly-hair-150x150.jpg 150w, https:\/\/flawlesshair.com\/wp-content\/uploads\/2023\/05\/short-hairstyle-for-curly-hair-768x768.jpg 768w, https:\/\/flawlesshair.com\/wp-content\/uploads\/2023\/05\/short-hairstyle-for-curly-hair-728x728.jpg 728w, https:\/\/flawlesshair.com\/wp-content\/uploads\/2023\/05\/short-hairstyle-for-curly-hair-960x960.jpg 960w, https:\/\/flawlesshair.com\/wp-content\/uploads\/2023\/05\/short-hairstyle-for-curly-hair.jpg 1080w\" sizes=\"auto, (max-width: 760px) calc(100vw - 24px), 720px\"><\/noscript><img loading=\"lazy\" decoding=\"async\" width=\"1024\" height=\"1024\" src=\"https:\/\/flawlesshair.com\/wp-content\/uploads\/2023\/05\/short-hairstyle-for-curly-hair-1024x1024.jpg\" alt=\"penteado curto para cabelos encaracolados\" class=\"wp-image-13488 lazyload\" srcset=\"https:\/\/flawlesshair.com\/wp-content\/uploads\/2023\/05\/short-hairstyle-for-curly-hair-1024x1024.jpg 1024w, https:\/\/flawlesshair.com\/wp-content\/uploads\/2023\/05\/short-hairstyle-for-curly-hair-300x300.jpg 300w, https:\/\/flawlesshair.com\/wp-content\/uploads\/2023\/05\/short-hairstyle-for-curly-hair-150x150.jpg 150w, https:\/\/flawlesshair.com\/wp-content\/uploads\/2023\/05\/short-hairstyle-for-curly-hair-768x768.jpg 768w, https:\/\/flawlesshair.com\/wp-content\/uploads\/2023\/05\/short-hairstyle-for-curly-hair-728x728.jpg 728w, https:\/\/flawlesshair.com\/wp-content\/uploads\/2023\/05\/short-hairstyle-for-curly-hair-960x960.jpg 960w, https:\/\/flawlesshair.com\/wp-content\/uploads\/2023\/05\/short-hairstyle-for-curly-hair.jpg 1080w\" sizes=\"auto, (max-width: 760px) calc(100vw - 24px), 720px\" data-pin-media=\"https:\/\/flawlesshair.com\/wp-content\/uploads\/2023\/05\/short-hairstyle-for-curly-hair.jpg\" id=\"mv-trellis-img-29\" data-trellis-processed=\"1\"><div style=\"position: absolute; top: 0.5rem; right: 0.75rem;\"> <a href=\"https:\/\/www.pinterest.com\/pin\/create\/button\/\" data-pin-do=\"buttonPin\" data-pin-tall=\"true\" data-pin-url=\"https:\/\/flawlesshair.com\/pt\/cortes-de-cabelo-curtos\/\" data-pin-media=\"https:\/\/flawlesshair.com\/wp-content\/uploads\/2023\/05\/short-hairstyle-for-curly-hair-1024x1024.jpg\" data-pin-description=\"The Ultimate Guide To The Hottest Short Hairstyles Of 2025\" rel=\"nofollow noopener\" target=\"_blank\"> <\/a><\/div><\/div><figcaption class=\"wp-element-caption\">@<a href=\"https:\/\/www.instagram.com\/kassiabarbo\" target=\"_blank\" rel=\"noreferrer noopener nofollow\">kassiabarbo<\/a><\/figcaption><\/figure>\n<\/div>\n\n\n<p>Por outro lado, se as suas madeixas fizerem um padr\u00e3o encaracolado ou em la\u00e7o quando as seca, n\u00e3o h\u00e1 d\u00favida de que tem <a href=\"https:\/\/flawlesshair.com\/pt\/cabelo-curto-encaracolado-com-franja\/\">cabelo encaracolado<\/a> tipo. Nesse caso, um <a href=\"https:\/\/flawlesshair.com\/pt\/corte-pixie-encaracolado\/\">corte pixie<\/a> ou um bob em camadas deve ser a sua melhor escolha. Em vez de danificar o seu cabelo com uma chapinha, deixe os seus carac\u00f3is soltos! <\/p>\n\n\n\n<h3 class=\"wp-block-heading\">Cabelo encaracolado<\/h3>\n\n\n<div class=\"wp-block-image\">\n<figure class=\"aligncenter size-large\"><div style=\"position: relative;\"><noscript><img loading=\"lazy\" decoding=\"async\" width=\"1024\" height=\"1024\" src=\"https:\/\/flawlesshair.com\/wp-content\/uploads\/2023\/05\/short-hairstyle-for-coily-hair-1024x1024.jpg\" alt=\"penteado curto para cabelo encaracolado\" class=\"wp-image-13349\" srcset=\"https:\/\/flawlesshair.com\/wp-content\/uploads\/2023\/05\/short-hairstyle-for-coily-hair-1024x1024.jpg 1024w, https:\/\/flawlesshair.com\/wp-content\/uploads\/2023\/05\/short-hairstyle-for-coily-hair-300x300.jpg 300w, https:\/\/flawlesshair.com\/wp-content\/uploads\/2023\/05\/short-hairstyle-for-coily-hair-150x150.jpg 150w, https:\/\/flawlesshair.com\/wp-content\/uploads\/2023\/05\/short-hairstyle-for-coily-hair-768x768.jpg 768w, https:\/\/flawlesshair.com\/wp-content\/uploads\/2023\/05\/short-hairstyle-for-coily-hair-728x728.jpg 728w, https:\/\/flawlesshair.com\/wp-content\/uploads\/2023\/05\/short-hairstyle-for-coily-hair-960x960.jpg 960w, https:\/\/flawlesshair.com\/wp-content\/uploads\/2023\/05\/short-hairstyle-for-coily-hair.jpg 1080w\" sizes=\"auto, (max-width: 760px) calc(100vw - 24px), 720px\"><\/noscript><img loading=\"lazy\" decoding=\"async\" width=\"1024\" height=\"1024\" src=\"https:\/\/flawlesshair.com\/wp-content\/uploads\/2023\/05\/short-hairstyle-for-coily-hair-1024x1024.jpg\" alt=\"penteado curto para cabelo encaracolado\" class=\"wp-image-13349 lazyload\" srcset=\"https:\/\/flawlesshair.com\/wp-content\/uploads\/2023\/05\/short-hairstyle-for-coily-hair-1024x1024.jpg 1024w, https:\/\/flawlesshair.com\/wp-content\/uploads\/2023\/05\/short-hairstyle-for-coily-hair-300x300.jpg 300w, https:\/\/flawlesshair.com\/wp-content\/uploads\/2023\/05\/short-hairstyle-for-coily-hair-150x150.jpg 150w, https:\/\/flawlesshair.com\/wp-content\/uploads\/2023\/05\/short-hairstyle-for-coily-hair-768x768.jpg 768w, https:\/\/flawlesshair.com\/wp-content\/uploads\/2023\/05\/short-hairstyle-for-coily-hair-728x728.jpg 728w, https:\/\/flawlesshair.com\/wp-content\/uploads\/2023\/05\/short-hairstyle-for-coily-hair-960x960.jpg 960w, https:\/\/flawlesshair.com\/wp-content\/uploads\/2023\/05\/short-hairstyle-for-coily-hair.jpg 1080w\" sizes=\"auto, (max-width: 760px) calc(100vw - 24px), 720px\" data-pin-media=\"https:\/\/flawlesshair.com\/wp-content\/uploads\/2023\/05\/short-hairstyle-for-coily-hair.jpg\" id=\"mv-trellis-img-30\" data-trellis-processed=\"1\"><div style=\"position: absolute; top: 0.5rem; right: 0.75rem;\"> <a href=\"https:\/\/www.pinterest.com\/pin\/create\/button\/\" data-pin-do=\"buttonPin\" data-pin-tall=\"true\" data-pin-url=\"https:\/\/flawlesshair.com\/pt\/cortes-de-cabelo-curtos\/\" data-pin-media=\"https:\/\/flawlesshair.com\/wp-content\/uploads\/2023\/05\/short-hairstyle-for-coily-hair-1024x1024.jpg\" data-pin-description=\"The Ultimate Guide To The Hottest Short Hairstyles Of 2025\" rel=\"nofollow noopener\" target=\"_blank\"> <\/a><\/div><\/div><figcaption class=\"wp-element-caption\">@<a href=\"https:\/\/www.instagram.com\/stil.salon\" target=\"_blank\" rel=\"noreferrer noopener nofollow\">stil.salon<\/a><\/figcaption><\/figure>\n<\/div>\n\n\n<p>A principal diferen\u00e7a entre o cabelo encaracolado e o cabelo crespo reside no volume, uma vez que o cabelo crespo \u00e9 muito mais volumoso. Com este tipo de cabelo, os carac\u00f3is formam normalmente um padr\u00e3o em ziguezague e s\u00e3o densos. <\/p>\n\n\n\n<p>Uma vez que tem muito volume, um corte pixie undercut \u00e9 uma \u00f3ptima ideia para o seu tipo de cabelo. Por outro lado, se quiser um penteado curto mais comprido, opte por um corte bob em camadas. <\/p>\n\n\n\n<h2 class=\"wp-block-heading\">Os melhores penteados curtos para diferentes texturas de cabelo<\/h2>\n\n\n\n<p>E a textura do cabelo? Bem, uma coisa \u00e9 certa: \u00e9 t\u00e3o importante como qualquer outro fator mencionado acima, quando se trata de escolher o penteado curto certo. <\/p>\n\n\n\n<h3 class=\"wp-block-heading\">Cabelos finos<\/h3>\n\n\n<div class=\"wp-block-image\">\n<figure class=\"aligncenter size-large\"><div style=\"position: relative;\"><noscript><img loading=\"lazy\" decoding=\"async\" width=\"1024\" height=\"1024\" src=\"https:\/\/flawlesshair.com\/wp-content\/uploads\/2023\/05\/short-hairstyle-for-thin-hair-1024x1024.jpg\" alt=\"penteado curto para cabelos finos\" class=\"wp-image-13493\" srcset=\"https:\/\/flawlesshair.com\/wp-content\/uploads\/2023\/05\/short-hairstyle-for-thin-hair-1024x1024.jpg 1024w, https:\/\/flawlesshair.com\/wp-content\/uploads\/2023\/05\/short-hairstyle-for-thin-hair-300x300.jpg 300w, https:\/\/flawlesshair.com\/wp-content\/uploads\/2023\/05\/short-hairstyle-for-thin-hair-150x150.jpg 150w, https:\/\/flawlesshair.com\/wp-content\/uploads\/2023\/05\/short-hairstyle-for-thin-hair-768x768.jpg 768w, https:\/\/flawlesshair.com\/wp-content\/uploads\/2023\/05\/short-hairstyle-for-thin-hair-728x728.jpg 728w, https:\/\/flawlesshair.com\/wp-content\/uploads\/2023\/05\/short-hairstyle-for-thin-hair-960x960.jpg 960w, https:\/\/flawlesshair.com\/wp-content\/uploads\/2023\/05\/short-hairstyle-for-thin-hair.jpg 1080w\" sizes=\"auto, (max-width: 760px) calc(100vw - 24px), 720px\"><\/noscript><img loading=\"lazy\" decoding=\"async\" width=\"1024\" height=\"1024\" src=\"https:\/\/flawlesshair.com\/wp-content\/uploads\/2023\/05\/short-hairstyle-for-thin-hair-1024x1024.jpg\" alt=\"penteado curto para cabelos finos\" class=\"wp-image-13493 lazyload\" srcset=\"https:\/\/flawlesshair.com\/wp-content\/uploads\/2023\/05\/short-hairstyle-for-thin-hair-1024x1024.jpg 1024w, https:\/\/flawlesshair.com\/wp-content\/uploads\/2023\/05\/short-hairstyle-for-thin-hair-300x300.jpg 300w, https:\/\/flawlesshair.com\/wp-content\/uploads\/2023\/05\/short-hairstyle-for-thin-hair-150x150.jpg 150w, https:\/\/flawlesshair.com\/wp-content\/uploads\/2023\/05\/short-hairstyle-for-thin-hair-768x768.jpg 768w, https:\/\/flawlesshair.com\/wp-content\/uploads\/2023\/05\/short-hairstyle-for-thin-hair-728x728.jpg 728w, https:\/\/flawlesshair.com\/wp-content\/uploads\/2023\/05\/short-hairstyle-for-thin-hair-960x960.jpg 960w, https:\/\/flawlesshair.com\/wp-content\/uploads\/2023\/05\/short-hairstyle-for-thin-hair.jpg 1080w\" sizes=\"auto, (max-width: 760px) calc(100vw - 24px), 720px\" data-pin-media=\"https:\/\/flawlesshair.com\/wp-content\/uploads\/2023\/05\/short-hairstyle-for-thin-hair.jpg\" id=\"mv-trellis-img-31\" data-trellis-processed=\"1\"><div style=\"position: absolute; top: 0.5rem; right: 0.75rem;\"> <a href=\"https:\/\/www.pinterest.com\/pin\/create\/button\/\" data-pin-do=\"buttonPin\" data-pin-tall=\"true\" data-pin-url=\"https:\/\/flawlesshair.com\/pt\/cortes-de-cabelo-curtos\/\" data-pin-media=\"https:\/\/flawlesshair.com\/wp-content\/uploads\/2023\/05\/short-hairstyle-for-thin-hair-1024x1024.jpg\" data-pin-description=\"The Ultimate Guide To The Hottest Short Hairstyles Of 2025\" rel=\"nofollow noopener\" target=\"_blank\"> <\/a><\/div><\/div><figcaption class=\"wp-element-caption\"><a href=\"https:\/\/www.instagram.com\/sky_eyes_\/\" target=\"_blank\" rel=\"noreferrer noopener nofollow\">@sky_eyes_<\/a><\/figcaption><\/figure>\n<\/div>\n\n\n<p>Ter um <a href=\"https:\/\/flawlesshair.com\/pt\/cortes-pixie-para-cabelos-finos\/\">cabelo fino<\/a> textura significa que n\u00e3o tem demasiados cabelos no seu couro cabeludo. Na verdade, tudo depende da densidade do seu cabelo e da dist\u00e2ncia dos seus fol\u00edculos. Se tem um cabelo fino, um penteado curto \u00e9 exatamente o que precisa, uma vez que os cortes de cabelo mais curtos fingem espessura. <\/p>\n\n\n\n<p>Mas qual \u00e9 o melhor penteado curto para si? Precisa de um corte que torne o seu cabelo visualmente mais espesso e mais cheio. \u00c9 por isso que deve optar sempre por camadas, independentemente da sua escolha. <\/p>\n\n\n\n<h3 class=\"wp-block-heading\">Cabelo espesso<\/h3>\n\n\n<div class=\"wp-block-image\">\n<figure class=\"aligncenter size-large\"><div style=\"position: relative;\"><noscript><img loading=\"lazy\" decoding=\"async\" width=\"819\" height=\"1024\" src=\"https:\/\/flawlesshair.com\/wp-content\/uploads\/2023\/05\/short-hairstyle-for-thick-hair-819x1024.jpg\" alt=\"penteado curto para cabelos grossos\" class=\"wp-image-13490\" srcset=\"https:\/\/flawlesshair.com\/wp-content\/uploads\/2023\/05\/short-hairstyle-for-thick-hair-819x1024.jpg 819w, https:\/\/flawlesshair.com\/wp-content\/uploads\/2023\/05\/short-hairstyle-for-thick-hair-240x300.jpg 240w, https:\/\/flawlesshair.com\/wp-content\/uploads\/2023\/05\/short-hairstyle-for-thick-hair-768x960.jpg 768w, https:\/\/flawlesshair.com\/wp-content\/uploads\/2023\/05\/short-hairstyle-for-thick-hair-864x1080.jpg 864w, https:\/\/flawlesshair.com\/wp-content\/uploads\/2023\/05\/short-hairstyle-for-thick-hair-960x1200.jpg 960w, https:\/\/flawlesshair.com\/wp-content\/uploads\/2023\/05\/short-hairstyle-for-thick-hair.jpg 1080w\" sizes=\"auto, (max-width: 760px) calc(100vw - 24px), 720px\"><\/noscript><img loading=\"lazy\" decoding=\"async\" width=\"819\" height=\"1024\" src=\"https:\/\/flawlesshair.com\/wp-content\/uploads\/2023\/05\/short-hairstyle-for-thick-hair-819x1024.jpg\" alt=\"penteado curto para cabelos grossos\" class=\"wp-image-13490 lazyload\" srcset=\"https:\/\/flawlesshair.com\/wp-content\/uploads\/2023\/05\/short-hairstyle-for-thick-hair-819x1024.jpg 819w, https:\/\/flawlesshair.com\/wp-content\/uploads\/2023\/05\/short-hairstyle-for-thick-hair-240x300.jpg 240w, https:\/\/flawlesshair.com\/wp-content\/uploads\/2023\/05\/short-hairstyle-for-thick-hair-768x960.jpg 768w, https:\/\/flawlesshair.com\/wp-content\/uploads\/2023\/05\/short-hairstyle-for-thick-hair-864x1080.jpg 864w, https:\/\/flawlesshair.com\/wp-content\/uploads\/2023\/05\/short-hairstyle-for-thick-hair-960x1200.jpg 960w, https:\/\/flawlesshair.com\/wp-content\/uploads\/2023\/05\/short-hairstyle-for-thick-hair.jpg 1080w\" sizes=\"auto, (max-width: 760px) calc(100vw - 24px), 720px\" data-pin-media=\"https:\/\/flawlesshair.com\/wp-content\/uploads\/2023\/05\/short-hairstyle-for-thick-hair.jpg\" id=\"mv-trellis-img-32\" data-trellis-processed=\"1\"><div style=\"position: absolute; top: 0.5rem; right: 0.75rem;\"> <a href=\"https:\/\/www.pinterest.com\/pin\/create\/button\/\" data-pin-do=\"buttonPin\" data-pin-tall=\"true\" data-pin-url=\"https:\/\/flawlesshair.com\/pt\/cortes-de-cabelo-curtos\/\" data-pin-media=\"https:\/\/flawlesshair.com\/wp-content\/uploads\/2023\/05\/short-hairstyle-for-thick-hair-819x1024.jpg\" data-pin-description=\"The Ultimate Guide To The Hottest Short Hairstyles Of 2025\" rel=\"nofollow noopener\" target=\"_blank\"> <\/a><\/div><\/div><figcaption class=\"wp-element-caption\">@<a href=\"https:\/\/www.instagram.com\/chica_pixiestyle\" target=\"_blank\" rel=\"noreferrer noopener nofollow\">chica_pixiestyle<\/a><\/figcaption><\/figure>\n<\/div>\n\n\n<p><a href=\"https:\/\/flawlesshair.com\/pt\/penteados-curtos-para-cabelos-grossos\/\">Cabelo espesso<\/a> \u00e9 o completo oposto do cabelo fino: significa que tem muito cabelo no seu couro cabeludo. Pode considerar-se sortudo se tiver esta textura de cabelo, uma vez que pode ser cortado, penteado e moldado como quiser.<\/p>\n\n\n\n<p>No entanto, se optar por penteados curtos, escolha um que retire o peso do seu cabelo. Desta forma, proteger\u00e1 as suas madeixas da quebra e poupar\u00e1 muito tempo e esfor\u00e7o que normalmente desperdi\u00e7a a pente\u00e1-las. Um pixie com um undercut pode ser uma boa escolha para si.  <\/p>\n\n\n\n<h3 class=\"wp-block-heading\">Cabelos finos<\/h3>\n\n\n<div class=\"wp-block-image\">\n<figure class=\"aligncenter size-large\"><div style=\"position: relative;\"><noscript><img loading=\"lazy\" decoding=\"async\" width=\"840\" height=\"1024\" src=\"https:\/\/flawlesshair.com\/wp-content\/uploads\/2023\/05\/short-hairstyle-for-fine-hair-840x1024.jpg\" alt=\"penteado curto para cabelos finos\" class=\"wp-image-13492\" srcset=\"https:\/\/flawlesshair.com\/wp-content\/uploads\/2023\/05\/short-hairstyle-for-fine-hair-840x1024.jpg 840w, https:\/\/flawlesshair.com\/wp-content\/uploads\/2023\/05\/short-hairstyle-for-fine-hair-246x300.jpg 246w, https:\/\/flawlesshair.com\/wp-content\/uploads\/2023\/05\/short-hairstyle-for-fine-hair-768x936.jpg 768w, https:\/\/flawlesshair.com\/wp-content\/uploads\/2023\/05\/short-hairstyle-for-fine-hair-788x960.jpg 788w, https:\/\/flawlesshair.com\/wp-content\/uploads\/2023\/05\/short-hairstyle-for-fine-hair-886x1080.jpg 886w, https:\/\/flawlesshair.com\/wp-content\/uploads\/2023\/05\/short-hairstyle-for-fine-hair-985x1200.jpg 985w, https:\/\/flawlesshair.com\/wp-content\/uploads\/2023\/05\/short-hairstyle-for-fine-hair.jpg 1080w\" sizes=\"auto, (max-width: 760px) calc(100vw - 24px), 720px\"><\/noscript><img loading=\"lazy\" decoding=\"async\" width=\"840\" height=\"1024\" src=\"https:\/\/flawlesshair.com\/wp-content\/uploads\/2023\/05\/short-hairstyle-for-fine-hair-840x1024.jpg\" alt=\"penteado curto para cabelos finos\" class=\"wp-image-13492 lazyload\" srcset=\"https:\/\/flawlesshair.com\/wp-content\/uploads\/2023\/05\/short-hairstyle-for-fine-hair-840x1024.jpg 840w, https:\/\/flawlesshair.com\/wp-content\/uploads\/2023\/05\/short-hairstyle-for-fine-hair-246x300.jpg 246w, https:\/\/flawlesshair.com\/wp-content\/uploads\/2023\/05\/short-hairstyle-for-fine-hair-768x936.jpg 768w, https:\/\/flawlesshair.com\/wp-content\/uploads\/2023\/05\/short-hairstyle-for-fine-hair-788x960.jpg 788w, https:\/\/flawlesshair.com\/wp-content\/uploads\/2023\/05\/short-hairstyle-for-fine-hair-886x1080.jpg 886w, https:\/\/flawlesshair.com\/wp-content\/uploads\/2023\/05\/short-hairstyle-for-fine-hair-985x1200.jpg 985w, https:\/\/flawlesshair.com\/wp-content\/uploads\/2023\/05\/short-hairstyle-for-fine-hair.jpg 1080w\" sizes=\"auto, (max-width: 760px) calc(100vw - 24px), 720px\" data-pin-media=\"https:\/\/flawlesshair.com\/wp-content\/uploads\/2023\/05\/short-hairstyle-for-fine-hair.jpg\" id=\"mv-trellis-img-33\" data-trellis-processed=\"1\"><div style=\"position: absolute; top: 0.5rem; right: 0.75rem;\"> <a href=\"https:\/\/www.pinterest.com\/pin\/create\/button\/\" data-pin-do=\"buttonPin\" data-pin-tall=\"true\" data-pin-url=\"https:\/\/flawlesshair.com\/pt\/cortes-de-cabelo-curtos\/\" data-pin-media=\"https:\/\/flawlesshair.com\/wp-content\/uploads\/2023\/05\/short-hairstyle-for-fine-hair-840x1024.jpg\" data-pin-description=\"The Ultimate Guide To The Hottest Short Hairstyles Of 2025\" rel=\"nofollow noopener\" target=\"_blank\"> <\/a><\/div><\/div><figcaption class=\"wp-element-caption\">@<a href=\"https:\/\/www.instagram.com\/sarahsloanhair\" target=\"_blank\" rel=\"noreferrer noopener nofollow\">sarahsloanhair<\/a><\/figcaption><\/figure>\n<\/div>\n\n\n<p>Sabia que pode ter cabelos finos e espessos ou finos e ralos? <a href=\"https:\/\/flawlesshair.com\/pt\/penteados-curtos-para-cabelos-finos\/\">Cabelos finos<\/a> n\u00e3o tem nada a ver com a quantidade de tran\u00e7as que tem - na verdade, tem a ver com os seus fios de cabelo que t\u00eam um di\u00e2metro pequeno. <\/p>\n\n\n\n<p>As camadas tamb\u00e9m s\u00e3o a sua salva\u00e7\u00e3o neste caso. Elas d\u00e3o ao seu cabelo a ilus\u00e3o de espessura e volume. O que precisa \u00e9 de um corte de cabelo que simule profundidade e movimento. <\/p>\n\n\n\n<h2 class=\"wp-block-heading\">Porque \u00e9 que deve fazer um penteado curto?<\/h2>\n\n\n\n<p>H\u00e1 imensas raz\u00f5es pelas quais optar por um penteado curto \u00e9 a decis\u00e3o que deve tomar o mais rapidamente poss\u00edvel. Se tiver d\u00favidas quanto a cortar as suas longas madeixas, ficar\u00e1 convencida depois de as ler. <\/p>\n\n\n\n<h3 class=\"wp-block-heading\">1. Mais versatilidade<\/h3>\n\n\n<div class=\"wp-block-image\">\n<figure class=\"aligncenter size-large\"><div style=\"position: relative;\"><noscript><img loading=\"lazy\" decoding=\"async\" width=\"819\" height=\"1024\" src=\"https:\/\/flawlesshair.com\/wp-content\/uploads\/2023\/05\/versatility-of-short-hairstyle-819x1024.jpg\" alt=\"versatilidade do penteado curto\" class=\"wp-image-13494\" srcset=\"https:\/\/flawlesshair.com\/wp-content\/uploads\/2023\/05\/versatility-of-short-hairstyle-819x1024.jpg 819w, https:\/\/flawlesshair.com\/wp-content\/uploads\/2023\/05\/versatility-of-short-hairstyle-240x300.jpg 240w, https:\/\/flawlesshair.com\/wp-content\/uploads\/2023\/05\/versatility-of-short-hairstyle-768x960.jpg 768w, https:\/\/flawlesshair.com\/wp-content\/uploads\/2023\/05\/versatility-of-short-hairstyle-864x1080.jpg 864w, https:\/\/flawlesshair.com\/wp-content\/uploads\/2023\/05\/versatility-of-short-hairstyle-960x1200.jpg 960w, https:\/\/flawlesshair.com\/wp-content\/uploads\/2023\/05\/versatility-of-short-hairstyle.jpg 1080w\" sizes=\"auto, (max-width: 760px) calc(100vw - 24px), 720px\"><\/noscript><img loading=\"lazy\" decoding=\"async\" width=\"819\" height=\"1024\" src=\"https:\/\/flawlesshair.com\/wp-content\/uploads\/2023\/05\/versatility-of-short-hairstyle-819x1024.jpg\" alt=\"versatilidade do penteado curto\" class=\"wp-image-13494 lazyload\" srcset=\"https:\/\/flawlesshair.com\/wp-content\/uploads\/2023\/05\/versatility-of-short-hairstyle-819x1024.jpg 819w, https:\/\/flawlesshair.com\/wp-content\/uploads\/2023\/05\/versatility-of-short-hairstyle-240x300.jpg 240w, https:\/\/flawlesshair.com\/wp-content\/uploads\/2023\/05\/versatility-of-short-hairstyle-768x960.jpg 768w, https:\/\/flawlesshair.com\/wp-content\/uploads\/2023\/05\/versatility-of-short-hairstyle-864x1080.jpg 864w, https:\/\/flawlesshair.com\/wp-content\/uploads\/2023\/05\/versatility-of-short-hairstyle-960x1200.jpg 960w, https:\/\/flawlesshair.com\/wp-content\/uploads\/2023\/05\/versatility-of-short-hairstyle.jpg 1080w\" sizes=\"auto, (max-width: 760px) calc(100vw - 24px), 720px\" data-pin-media=\"https:\/\/flawlesshair.com\/wp-content\/uploads\/2023\/05\/versatility-of-short-hairstyle.jpg\" id=\"mv-trellis-img-34\" data-trellis-processed=\"1\"><div style=\"position: absolute; top: 0.5rem; right: 0.75rem;\"> <a href=\"https:\/\/www.pinterest.com\/pin\/create\/button\/\" data-pin-do=\"buttonPin\" data-pin-tall=\"true\" data-pin-url=\"https:\/\/flawlesshair.com\/pt\/cortes-de-cabelo-curtos\/\" data-pin-media=\"https:\/\/flawlesshair.com\/wp-content\/uploads\/2023\/05\/versatility-of-short-hairstyle-819x1024.jpg\" data-pin-description=\"The Ultimate Guide To The Hottest Short Hairstyles Of 2025\" rel=\"nofollow noopener\" target=\"_blank\"> <\/a><\/div><\/div><figcaption class=\"wp-element-caption\"><a href=\"https:\/\/www.instagram.com\/celiofariaoficial\/\" target=\"_blank\" rel=\"noreferrer noopener nofollow\">@celiofariaoficial<\/a><\/figcaption><\/figure>\n<\/div>\n\n\n<p>A vantagem n\u00famero um de um penteado curto \u00e9 a versatilidade que traz para a mesa. Digamos que tem um corte bob assim\u00e9trico. Pode sempre colocar o cabelo atr\u00e1s de uma orelha, fazer um undercut ou simplesmente deixar a franja mais comprida. A quest\u00e3o \u00e9 que o cabelo curto \u00e9 tudo menos aborrecido! Tudo depende da sua imagina\u00e7\u00e3o e coragem. <\/p>\n\n\n\n<h3 class=\"wp-block-heading\">2. \u00c9 uma grande mudan\u00e7a<\/h3>\n\n\n<div class=\"wp-block-image\">\n<figure class=\"aligncenter size-large\"><div style=\"position: relative;\"><noscript><img loading=\"lazy\" decoding=\"async\" width=\"1024\" height=\"1024\" src=\"https:\/\/flawlesshair.com\/wp-content\/uploads\/2023\/05\/before-after-photo-of-long-and-short-hairstyle-1024x1024.jpg\" alt=\"foto de antes e depois de um penteado comprido e curto\" class=\"wp-image-13483\" srcset=\"https:\/\/flawlesshair.com\/wp-content\/uploads\/2023\/05\/before-after-photo-of-long-and-short-hairstyle-1024x1024.jpg 1024w, https:\/\/flawlesshair.com\/wp-content\/uploads\/2023\/05\/before-after-photo-of-long-and-short-hairstyle-300x300.jpg 300w, https:\/\/flawlesshair.com\/wp-content\/uploads\/2023\/05\/before-after-photo-of-long-and-short-hairstyle-150x150.jpg 150w, https:\/\/flawlesshair.com\/wp-content\/uploads\/2023\/05\/before-after-photo-of-long-and-short-hairstyle-768x768.jpg 768w, https:\/\/flawlesshair.com\/wp-content\/uploads\/2023\/05\/before-after-photo-of-long-and-short-hairstyle-728x728.jpg 728w, https:\/\/flawlesshair.com\/wp-content\/uploads\/2023\/05\/before-after-photo-of-long-and-short-hairstyle-960x960.jpg 960w, https:\/\/flawlesshair.com\/wp-content\/uploads\/2023\/05\/before-after-photo-of-long-and-short-hairstyle.jpg 1080w\" sizes=\"auto, (max-width: 760px) calc(100vw - 24px), 720px\"><\/noscript><img loading=\"lazy\" decoding=\"async\" width=\"1024\" height=\"1024\" src=\"https:\/\/flawlesshair.com\/wp-content\/uploads\/2023\/05\/before-after-photo-of-long-and-short-hairstyle-1024x1024.jpg\" alt=\"foto de antes e depois de um penteado comprido e curto\" class=\"wp-image-13483 lazyload\" srcset=\"https:\/\/flawlesshair.com\/wp-content\/uploads\/2023\/05\/before-after-photo-of-long-and-short-hairstyle-1024x1024.jpg 1024w, https:\/\/flawlesshair.com\/wp-content\/uploads\/2023\/05\/before-after-photo-of-long-and-short-hairstyle-300x300.jpg 300w, https:\/\/flawlesshair.com\/wp-content\/uploads\/2023\/05\/before-after-photo-of-long-and-short-hairstyle-150x150.jpg 150w, https:\/\/flawlesshair.com\/wp-content\/uploads\/2023\/05\/before-after-photo-of-long-and-short-hairstyle-768x768.jpg 768w, https:\/\/flawlesshair.com\/wp-content\/uploads\/2023\/05\/before-after-photo-of-long-and-short-hairstyle-728x728.jpg 728w, https:\/\/flawlesshair.com\/wp-content\/uploads\/2023\/05\/before-after-photo-of-long-and-short-hairstyle-960x960.jpg 960w, https:\/\/flawlesshair.com\/wp-content\/uploads\/2023\/05\/before-after-photo-of-long-and-short-hairstyle.jpg 1080w\" sizes=\"auto, (max-width: 760px) calc(100vw - 24px), 720px\" data-pin-media=\"https:\/\/flawlesshair.com\/wp-content\/uploads\/2023\/05\/before-after-photo-of-long-and-short-hairstyle.jpg\" id=\"mv-trellis-img-35\" data-trellis-processed=\"1\"><div style=\"position: absolute; top: 0.5rem; right: 0.75rem;\"> <a href=\"https:\/\/www.pinterest.com\/pin\/create\/button\/\" data-pin-do=\"buttonPin\" data-pin-tall=\"true\" data-pin-url=\"https:\/\/flawlesshair.com\/pt\/cortes-de-cabelo-curtos\/\" data-pin-media=\"https:\/\/flawlesshair.com\/wp-content\/uploads\/2023\/05\/before-after-photo-of-long-and-short-hairstyle-1024x1024.jpg\" data-pin-description=\"The Ultimate Guide To The Hottest Short Hairstyles Of 2025\" rel=\"nofollow noopener\" target=\"_blank\"> <\/a><\/div><\/div><figcaption class=\"wp-element-caption\">@<a href=\"https:\/\/www.instagram.com\/ashleybeecreates\" target=\"_blank\" rel=\"noreferrer noopener nofollow\">ashleybeecreates<\/a><\/figcaption><\/figure>\n<\/div>\n\n\n<p>Sim, cortar o cabelo curto \u00e9 uma grande mudan\u00e7a. Mas porque \u00e9 que continua a ver isso como uma coisa m\u00e1? De facto, se quer desesperadamente algo novo na sua vida, porque n\u00e3o come\u00e7ar pelo seu cabelo?<br>Isto pode parecer superficial, mas acredite em mim: \u00e9 uma \u00f3ptima maneira de come\u00e7ar o processo de sair da sua zona de conforto. A sua confian\u00e7a vai aumentar, vai voltar a apaixonar-se por si pr\u00f3prio e vai sentir-se mais feliz em geral. Al\u00e9m disso, sentir-se-\u00e1 orgulhoso por ter feito uma diferen\u00e7a t\u00e3o grande. <\/p>\n\n\n\n<h3 class=\"wp-block-heading\">3. Cabelo visualmente mais cheio e mais espesso<\/h3>\n\n\n<div class=\"wp-block-image\">\n<figure class=\"aligncenter size-large\"><div style=\"position: relative;\"><noscript><img loading=\"lazy\" decoding=\"async\" width=\"819\" height=\"1024\" src=\"https:\/\/flawlesshair.com\/wp-content\/uploads\/2023\/05\/visually-fuller-and-thicker-short-hairstyle-819x1024.jpg\" alt=\"penteado curto visualmente mais cheio e mais espesso\" class=\"wp-image-13495\" srcset=\"https:\/\/flawlesshair.com\/wp-content\/uploads\/2023\/05\/visually-fuller-and-thicker-short-hairstyle-819x1024.jpg 819w, https:\/\/flawlesshair.com\/wp-content\/uploads\/2023\/05\/visually-fuller-and-thicker-short-hairstyle-240x300.jpg 240w, https:\/\/flawlesshair.com\/wp-content\/uploads\/2023\/05\/visually-fuller-and-thicker-short-hairstyle-768x960.jpg 768w, https:\/\/flawlesshair.com\/wp-content\/uploads\/2023\/05\/visually-fuller-and-thicker-short-hairstyle-864x1080.jpg 864w, https:\/\/flawlesshair.com\/wp-content\/uploads\/2023\/05\/visually-fuller-and-thicker-short-hairstyle-960x1200.jpg 960w, https:\/\/flawlesshair.com\/wp-content\/uploads\/2023\/05\/visually-fuller-and-thicker-short-hairstyle.jpg 1080w\" sizes=\"auto, (max-width: 760px) calc(100vw - 24px), 720px\"><\/noscript><img loading=\"lazy\" decoding=\"async\" width=\"819\" height=\"1024\" src=\"https:\/\/flawlesshair.com\/wp-content\/uploads\/2023\/05\/visually-fuller-and-thicker-short-hairstyle-819x1024.jpg\" alt=\"penteado curto visualmente mais cheio e mais espesso\" class=\"wp-image-13495 lazyload\" srcset=\"https:\/\/flawlesshair.com\/wp-content\/uploads\/2023\/05\/visually-fuller-and-thicker-short-hairstyle-819x1024.jpg 819w, https:\/\/flawlesshair.com\/wp-content\/uploads\/2023\/05\/visually-fuller-and-thicker-short-hairstyle-240x300.jpg 240w, https:\/\/flawlesshair.com\/wp-content\/uploads\/2023\/05\/visually-fuller-and-thicker-short-hairstyle-768x960.jpg 768w, https:\/\/flawlesshair.com\/wp-content\/uploads\/2023\/05\/visually-fuller-and-thicker-short-hairstyle-864x1080.jpg 864w, https:\/\/flawlesshair.com\/wp-content\/uploads\/2023\/05\/visually-fuller-and-thicker-short-hairstyle-960x1200.jpg 960w, https:\/\/flawlesshair.com\/wp-content\/uploads\/2023\/05\/visually-fuller-and-thicker-short-hairstyle.jpg 1080w\" sizes=\"auto, (max-width: 760px) calc(100vw - 24px), 720px\" data-pin-media=\"https:\/\/flawlesshair.com\/wp-content\/uploads\/2023\/05\/visually-fuller-and-thicker-short-hairstyle.jpg\" id=\"mv-trellis-img-36\" data-trellis-processed=\"1\"><div style=\"position: absolute; top: 0.5rem; right: 0.75rem;\"> <a href=\"https:\/\/www.pinterest.com\/pin\/create\/button\/\" data-pin-do=\"buttonPin\" data-pin-tall=\"true\" data-pin-url=\"https:\/\/flawlesshair.com\/pt\/cortes-de-cabelo-curtos\/\" data-pin-media=\"https:\/\/flawlesshair.com\/wp-content\/uploads\/2023\/05\/visually-fuller-and-thicker-short-hairstyle-819x1024.jpg\" data-pin-description=\"The Ultimate Guide To The Hottest Short Hairstyles Of 2025\" rel=\"nofollow noopener\" target=\"_blank\"> <\/a><\/div><\/div><figcaption class=\"wp-element-caption\">@<a href=\"https:\/\/www.instagram.com\/michaelparadiso_arthairstyle\" target=\"_blank\" rel=\"noreferrer noopener nofollow\">michaelparadiso_arthairstyle<\/a><\/figcaption><\/figure>\n<\/div>\n\n\n<p>Um penteado curto \u00e9 o caminho a seguir se tiver problemas com o cabelo fino. O cabelo comprido \u00e9 um grande n\u00e3o, n\u00e3o para as madeixas finas ou delgadas, uma vez que diminui visualmente o volume e faz com que o seu cabelo pare\u00e7a sem vida. Por outro lado, os cortes de cabelo curtos dar\u00e3o \u00e0s suas madeixas a ilus\u00e3o de volume e espessura, especialmente se aprender a escolher o corte certo para si. <\/p>\n\n\n\n<h3 class=\"wp-block-heading\">4. \u00c9 de baixa manuten\u00e7\u00e3o<\/h3>\n\n\n<div class=\"wp-block-image\">\n<figure class=\"aligncenter size-large\"><div style=\"position: relative;\"><noscript><img loading=\"lazy\" decoding=\"async\" width=\"819\" height=\"1024\" src=\"https:\/\/flawlesshair.com\/wp-content\/uploads\/2023\/05\/low-maintenance-short-hairstyle-819x1024.jpg\" alt=\"penteado curto de baixa manuten\u00e7\u00e3o\" class=\"wp-image-13499\" srcset=\"https:\/\/flawlesshair.com\/wp-content\/uploads\/2023\/05\/low-maintenance-short-hairstyle-819x1024.jpg 819w, https:\/\/flawlesshair.com\/wp-content\/uploads\/2023\/05\/low-maintenance-short-hairstyle-240x300.jpg 240w, https:\/\/flawlesshair.com\/wp-content\/uploads\/2023\/05\/low-maintenance-short-hairstyle-768x961.jpg 768w, https:\/\/flawlesshair.com\/wp-content\/uploads\/2023\/05\/low-maintenance-short-hairstyle-767x960.jpg 767w, https:\/\/flawlesshair.com\/wp-content\/uploads\/2023\/05\/low-maintenance-short-hairstyle-863x1080.jpg 863w, https:\/\/flawlesshair.com\/wp-content\/uploads\/2023\/05\/low-maintenance-short-hairstyle-959x1200.jpg 959w, https:\/\/flawlesshair.com\/wp-content\/uploads\/2023\/05\/low-maintenance-short-hairstyle.jpg 1080w\" sizes=\"auto, (max-width: 760px) calc(100vw - 24px), 720px\"><\/noscript><img loading=\"lazy\" decoding=\"async\" width=\"819\" height=\"1024\" src=\"https:\/\/flawlesshair.com\/wp-content\/uploads\/2023\/05\/low-maintenance-short-hairstyle-819x1024.jpg\" alt=\"penteado curto de baixa manuten\u00e7\u00e3o\" class=\"wp-image-13499 lazyload\" srcset=\"https:\/\/flawlesshair.com\/wp-content\/uploads\/2023\/05\/low-maintenance-short-hairstyle-819x1024.jpg 819w, https:\/\/flawlesshair.com\/wp-content\/uploads\/2023\/05\/low-maintenance-short-hairstyle-240x300.jpg 240w, https:\/\/flawlesshair.com\/wp-content\/uploads\/2023\/05\/low-maintenance-short-hairstyle-768x961.jpg 768w, https:\/\/flawlesshair.com\/wp-content\/uploads\/2023\/05\/low-maintenance-short-hairstyle-767x960.jpg 767w, https:\/\/flawlesshair.com\/wp-content\/uploads\/2023\/05\/low-maintenance-short-hairstyle-863x1080.jpg 863w, https:\/\/flawlesshair.com\/wp-content\/uploads\/2023\/05\/low-maintenance-short-hairstyle-959x1200.jpg 959w, https:\/\/flawlesshair.com\/wp-content\/uploads\/2023\/05\/low-maintenance-short-hairstyle.jpg 1080w\" sizes=\"auto, (max-width: 760px) calc(100vw - 24px), 720px\" data-pin-media=\"https:\/\/flawlesshair.com\/wp-content\/uploads\/2023\/05\/low-maintenance-short-hairstyle.jpg\" id=\"mv-trellis-img-37\" data-trellis-processed=\"1\"><div style=\"position: absolute; top: 0.5rem; right: 0.75rem;\"> <a href=\"https:\/\/www.pinterest.com\/pin\/create\/button\/\" data-pin-do=\"buttonPin\" data-pin-tall=\"true\" data-pin-url=\"https:\/\/flawlesshair.com\/pt\/cortes-de-cabelo-curtos\/\" data-pin-media=\"https:\/\/flawlesshair.com\/wp-content\/uploads\/2023\/05\/low-maintenance-short-hairstyle-819x1024.jpg\" data-pin-description=\"The Ultimate Guide To The Hottest Short Hairstyles Of 2025\" rel=\"nofollow noopener\" target=\"_blank\"> <\/a><\/div><\/div><figcaption class=\"wp-element-caption\"><a href=\"https:\/\/www.instagram.com\/shorthairforlife\/\" target=\"_blank\" rel=\"noreferrer noopener nofollow\">@shorthairforlife<\/a><\/figcaption><\/figure>\n<\/div>\n\n\n<p>Aqui est\u00e3o algumas boas not\u00edcias: a maioria dos penteados curtos requerem pouca manuten\u00e7\u00e3o. Digamos que escolhe um corte pixie curto. Tudo o que precisa \u00e9 de um pouco de gel ou creme para o cabelo e est\u00e1 pronto a usar. <\/p>\n\n\n\n<p>Imagine o tempo que pouparia a secar o cabelo de cada vez que o lava. E nem sequer me fa\u00e7a come\u00e7ar a falar da tinta para o cabelo. Acabaram-se as manh\u00e3s intermin\u00e1veis em frente ao espelho ou as visitas dispendiosas aos sal\u00f5es de cabeleireiro. <\/p>\n\n\n\n<h3 class=\"wp-block-heading\">5. Voltar\u00e1 a crescer<\/h3>\n\n\n<div class=\"wp-block-image\">\n<figure class=\"aligncenter size-large\"><div style=\"position: relative;\"><noscript><img loading=\"lazy\" decoding=\"async\" width=\"819\" height=\"1024\" src=\"https:\/\/flawlesshair.com\/wp-content\/uploads\/2023\/05\/short-hairstyle-growing-back-819x1024.jpg\" alt=\"penteado curto que volta a crescer\" class=\"wp-image-13497\" srcset=\"https:\/\/flawlesshair.com\/wp-content\/uploads\/2023\/05\/short-hairstyle-growing-back-819x1024.jpg 819w, https:\/\/flawlesshair.com\/wp-content\/uploads\/2023\/05\/short-hairstyle-growing-back-240x300.jpg 240w, https:\/\/flawlesshair.com\/wp-content\/uploads\/2023\/05\/short-hairstyle-growing-back-768x960.jpg 768w, https:\/\/flawlesshair.com\/wp-content\/uploads\/2023\/05\/short-hairstyle-growing-back-864x1080.jpg 864w, https:\/\/flawlesshair.com\/wp-content\/uploads\/2023\/05\/short-hairstyle-growing-back-960x1200.jpg 960w, https:\/\/flawlesshair.com\/wp-content\/uploads\/2023\/05\/short-hairstyle-growing-back.jpg 1080w\" sizes=\"auto, (max-width: 760px) calc(100vw - 24px), 720px\"><\/noscript><img loading=\"lazy\" decoding=\"async\" width=\"819\" height=\"1024\" src=\"https:\/\/flawlesshair.com\/wp-content\/uploads\/2023\/05\/short-hairstyle-growing-back-819x1024.jpg\" alt=\"penteado curto que volta a crescer\" class=\"wp-image-13497 lazyload\" srcset=\"https:\/\/flawlesshair.com\/wp-content\/uploads\/2023\/05\/short-hairstyle-growing-back-819x1024.jpg 819w, https:\/\/flawlesshair.com\/wp-content\/uploads\/2023\/05\/short-hairstyle-growing-back-240x300.jpg 240w, https:\/\/flawlesshair.com\/wp-content\/uploads\/2023\/05\/short-hairstyle-growing-back-768x960.jpg 768w, https:\/\/flawlesshair.com\/wp-content\/uploads\/2023\/05\/short-hairstyle-growing-back-864x1080.jpg 864w, https:\/\/flawlesshair.com\/wp-content\/uploads\/2023\/05\/short-hairstyle-growing-back-960x1200.jpg 960w, https:\/\/flawlesshair.com\/wp-content\/uploads\/2023\/05\/short-hairstyle-growing-back.jpg 1080w\" sizes=\"auto, (max-width: 760px) calc(100vw - 24px), 720px\" data-pin-media=\"https:\/\/flawlesshair.com\/wp-content\/uploads\/2023\/05\/short-hairstyle-growing-back.jpg\" id=\"mv-trellis-img-38\" data-trellis-processed=\"1\"><div style=\"position: absolute; top: 0.5rem; right: 0.75rem;\"> <a href=\"https:\/\/www.pinterest.com\/pin\/create\/button\/\" data-pin-do=\"buttonPin\" data-pin-tall=\"true\" data-pin-url=\"https:\/\/flawlesshair.com\/pt\/cortes-de-cabelo-curtos\/\" data-pin-media=\"https:\/\/flawlesshair.com\/wp-content\/uploads\/2023\/05\/short-hairstyle-growing-back-819x1024.jpg\" data-pin-description=\"The Ultimate Guide To The Hottest Short Hairstyles Of 2025\" rel=\"nofollow noopener\" target=\"_blank\"> <\/a><\/div><\/div><figcaption class=\"wp-element-caption\"><a href=\"https:\/\/www.instagram.com\/ylenia94riniti\/\" target=\"_blank\" rel=\"noreferrer noopener nofollow\">@ylenia94riniti<\/a><\/figcaption><\/figure>\n<\/div>\n\n\n<p>No final do dia, qual \u00e9 a pior coisa que pode acontecer? N\u00e3o vais gostar? E depois? Voltar\u00e1 a crescer e, desta vez, ser\u00e1 mais saud\u00e1vel. Pelo menos, saber\u00e1 que experimentou! <\/p>","protected":false},"excerpt":{"rendered":"<p>A \u00fanica forma de parecer feminina \u00e9 ter cabelo comprido, certo? Bem, errado! De facto, esta \u00e9 uma das maiores ideias erradas de todas ...<\/p>","protected":false},"author":5,"featured_media":32453,"comment_status":"closed","ping_status":"closed","sticky":false,"template":"","format":"standard","meta":{"syndication_tool_enabled":false,"syndication_tool_title":"","syndication_tool_excerpt":"","syndication_tool_featured_image":0,"syndication_tool_publish_date":"","syndication_tool_schema_types":[],"syndication_tool_backlink_enable":false,"syndication_tool_ai_disclosure_enable":false,"disable-in-feed":false,"article-schema-type":"","disable-critical-css":false,"footnotes":""},"categories":[31],"tags":[],"class_list":["post-13205","post","type-post","status-publish","format-standard","has-post-thumbnail","hentry","category-short"],"_links":{"self":[{"href":"https:\/\/flawlesshair.com\/pt\/wp-json\/wp\/v2\/posts\/13205","targetHints":{"allow":["GET"]}}],"collection":[{"href":"https:\/\/flawlesshair.com\/pt\/wp-json\/wp\/v2\/posts"}],"about":[{"href":"https:\/\/flawlesshair.com\/pt\/wp-json\/wp\/v2\/types\/post"}],"author":[{"embeddable":true,"href":"https:\/\/flawlesshair.com\/pt\/wp-json\/wp\/v2\/users\/5"}],"replies":[{"embeddable":true,"href":"https:\/\/flawlesshair.com\/pt\/wp-json\/wp\/v2\/comments?post=13205"}],"version-history":[{"count":0,"href":"https:\/\/flawlesshair.com\/pt\/wp-json\/wp\/v2\/posts\/13205\/revisions"}],"wp:featuredmedia":[{"embeddable":true,"href":"https:\/\/flawlesshair.com\/pt\/wp-json\/wp\/v2\/media\/32453"}],"wp:attachment":[{"href":"https:\/\/flawlesshair.com\/pt\/wp-json\/wp\/v2\/media?parent=13205"}],"wp:term":[{"taxonomy":"category","embeddable":true,"href":"https:\/\/flawlesshair.com\/pt\/wp-json\/wp\/v2\/categories?post=13205"},{"taxonomy":"post_tag","embeddable":true,"href":"https:\/\/flawlesshair.com\/pt\/wp-json\/wp\/v2\/tags?post=13205"}],"curies":[{"name":"wp","href":"https:\/\/api.w.org\/{rel}","templated":true}]}}