{"id":132599,"date":"2025-02-13T14:30:00","date_gmt":"2025-02-13T13:30:00","guid":{"rendered":"https:\/\/flawlesshair.com\/?p=132599"},"modified":"2025-02-12T17:07:40","modified_gmt":"2025-02-12T16:07:40","slug":"cortes-de-cabelo-leves-e-arejados-que-aumentam-o-volume-do-cabelo-fino","status":"publish","type":"post","link":"https:\/\/flawlesshair.com\/pt\/cortes-de-cabelo-leves-e-arejados-que-aumentam-o-volume-do-cabelo-fino\/","title":{"rendered":"33 Cortes de cabelo leves e arejados que d\u00e3o um impulso de volume ao cabelo fino"},"content":{"rendered":"<style>img#mv-trellis-img-1::before{padding-top:100%; }img#mv-trellis-img-1{display:block;}img#mv-trellis-img-2::before{padding-top:100%; }img#mv-trellis-img-2{display:block;}img#mv-trellis-img-3::before{padding-top:100%; }img#mv-trellis-img-3{display:block;}img#mv-trellis-img-4::before{padding-top:100%; }img#mv-trellis-img-4{display:block;}img#mv-trellis-img-5::before{padding-top:100%; }img#mv-trellis-img-5{display:block;}img#mv-trellis-img-6::before{padding-top:100%; }img#mv-trellis-img-6{display:block;}img#mv-trellis-img-7::before{padding-top:100%; }img#mv-trellis-img-7{display:block;}img#mv-trellis-img-8::before{padding-top:100%; }img#mv-trellis-img-8{display:block;}img#mv-trellis-img-9::before{padding-top:100%; }img#mv-trellis-img-9{display:block;}img#mv-trellis-img-10::before{padding-top:100%; }img#mv-trellis-img-10{display:block;}img#mv-trellis-img-11::before{padding-top:100%; }img#mv-trellis-img-11{display:block;}img#mv-trellis-img-12::before{padding-top:100%; }img#mv-trellis-img-12{display:block;}img#mv-trellis-img-13::before{padding-top:100%; }img#mv-trellis-img-13{display:block;}img#mv-trellis-img-14::before{padding-top:100%; }img#mv-trellis-img-14{display:block;}img#mv-trellis-img-15::before{padding-top:100%; }img#mv-trellis-img-15{display:block;}img#mv-trellis-img-16::before{padding-top:100%; }img#mv-trellis-img-16{display:block;}img#mv-trellis-img-17::before{padding-top:100%; }img#mv-trellis-img-17{display:block;}img#mv-trellis-img-18::before{padding-top:100%; }img#mv-trellis-img-18{display:block;}img#mv-trellis-img-19::before{padding-top:100%; }img#mv-trellis-img-19{display:block;}img#mv-trellis-img-20::before{padding-top:100%; }img#mv-trellis-img-20{display:block;}img#mv-trellis-img-21::before{padding-top:100%; }img#mv-trellis-img-21{display:block;}img#mv-trellis-img-22::before{padding-top:100%; }img#mv-trellis-img-22{display:block;}img#mv-trellis-img-23::before{padding-top:100%; }img#mv-trellis-img-23{display:block;}img#mv-trellis-img-24::before{padding-top:100%; }img#mv-trellis-img-24{display:block;}img#mv-trellis-img-25::before{padding-top:100%; }img#mv-trellis-img-25{display:block;}img#mv-trellis-img-26::before{padding-top:100%; }img#mv-trellis-img-26{display:block;}img#mv-trellis-img-27::before{padding-top:100%; }img#mv-trellis-img-27{display:block;}img#mv-trellis-img-28::before{padding-top:100%; }img#mv-trellis-img-28{display:block;}img#mv-trellis-img-29::before{padding-top:100%; }img#mv-trellis-img-29{display:block;}img#mv-trellis-img-30::before{padding-top:100%; }img#mv-trellis-img-30{display:block;}img#mv-trellis-img-31::before{padding-top:100%; }img#mv-trellis-img-31{display:block;}img#mv-trellis-img-32::before{padding-top:100%; }img#mv-trellis-img-32{display:block;}img#mv-trellis-img-33::before{padding-top:100%; }img#mv-trellis-img-33{display:block;}<\/style>\n<p>Descubra o poder transformador do corte de cabelo correto para dar ao cabelo fino um impulso volumoso. Estes penteados cuidadosamente selecionados oferecem leveza e movimento, fazendo com que o cabelo pare\u00e7a mais cheio e mais espesso. <\/p>\n\n\n\n<p>Quer prefira estilos curtos, m\u00e9dios ou compridos, esta lista de 33 cortes de cabelo claros e arejados ir\u00e1 inspirar a sua pr\u00f3xima visita ao sal\u00e3o.<\/p>\n\n\n\n<h2 class=\"wp-block-heading\">1. Bob com camadas<\/h2>\n\n\n\n<figure class=\"wp-block-image\"><div style=\"position: relative;\"><noscript><img decoding=\"async\" src=\"https:\/\/flawlesshair.com\/wp-content\/uploads\/2025\/02\/Layered-Bob-38.jpg\" alt=\"Bob em camadas\"><\/noscript><img decoding=\"async\" src=\"data:image\/svg+xml,%3Csvg%20xmlns='http:\/\/www.w3.org\/2000\/svg'%20viewBox='0%200%20300%20300'%3E%3Crect%20width='300'%20height='300'%20style='fill:%23e3e3e3'\/%3E%3C\/svg%3E\" alt=\"Bob em camadas\" width=\"300\" height=\"300\" id=\"mv-trellis-img-1\" loading=\"eager\" data-src=\"https:\/\/flawlesshair.com\/wp-content\/uploads\/2025\/02\/Layered-Bob-38.jpg\" class=\"eager-load\" data-svg=\"1\" data-trellis-processed=\"1\"><div style=\"position: absolute; top: 0.5rem; right: 0.75rem;\"> <a href=\"https:\/\/www.pinterest.com\/pin\/create\/button\/\" data-pin-do=\"buttonPin\" data-pin-tall=\"true\" data-pin-url=\"https:\/\/flawlesshair.com\/pt\/cortes-de-cabelo-leves-e-arejados-que-aumentam-o-volume-do-cabelo-fino\/\" data-pin-media=\"https:\/\/flawlesshair.com\/wp-content\/uploads\/2025\/02\/Layered-Bob-38.jpg\" data-pin-description=\"33 Light And Airy Haircuts That Give Thin Hair A Volume Boost\" rel=\"nofollow noopener\" target=\"_blank\"> <\/a><\/div><\/div><figcaption class=\"wp-element-caption\"><a href=\"https:\/\/www.instagram.com\/thecutlife\/reel\/DCK6W6gR_vz\/\" target=\"_blank\" rel=\"noopener noreferrer nofollow\">\u00a9 thecutlife<\/a><\/figcaption><\/figure>\n\n\n\n<p><a href=\"https:\/\/flawlesshair.com\/pt\/bob-curto-em-camadas-com-franja\/\">Um bob em camadas<\/a> oferece a mistura perfeita de leveza e volume, dando movimento ao cabelo fino sem o deixar pesado. <\/p>\n\n\n\n<p>As camadas criam uma ilus\u00e3o de espessura, fazendo com que o seu cabelo pare\u00e7a mais cheio. Ideal para quem gosta de um corte curto mas com estilo, este bob \u00e9 simultaneamente moderno e sem esfor\u00e7o.<\/p>\n\n\n\n<h2 class=\"wp-block-heading\">2. Corte Pixie com franja comprida<\/h2>\n\n\n\n<figure class=\"wp-block-image\"><div style=\"position: relative;\"><noscript><img decoding=\"async\" src=\"https:\/\/flawlesshair.com\/wp-content\/uploads\/2025\/02\/Pixie-Cut-with-Long-Bangs.jpg\" alt=\"Corte Pixie com franja comprida\"><\/noscript><img decoding=\"async\" src=\"https:\/\/flawlesshair.com\/wp-content\/uploads\/2025\/02\/Pixie-Cut-with-Long-Bangs.jpg\" alt=\"Corte Pixie com franja comprida\" width=\"300\" height=\"300\" id=\"mv-trellis-img-2\" loading=\"lazy\" class=\"lazyload\" data-trellis-processed=\"1\"><div style=\"position: absolute; top: 0.5rem; right: 0.75rem;\"> <a href=\"https:\/\/www.pinterest.com\/pin\/create\/button\/\" data-pin-do=\"buttonPin\" data-pin-tall=\"true\" data-pin-url=\"https:\/\/flawlesshair.com\/pt\/cortes-de-cabelo-leves-e-arejados-que-aumentam-o-volume-do-cabelo-fino\/\" data-pin-media=\"https:\/\/flawlesshair.com\/wp-content\/uploads\/2025\/02\/Pixie-Cut-with-Long-Bangs.jpg\" data-pin-description=\"33 Light And Airy Haircuts That Give Thin Hair A Volume Boost\" rel=\"nofollow noopener\" target=\"_blank\"> <\/a><\/div><\/div><figcaption class=\"wp-element-caption\"><a href=\"https:\/\/www.instagram.com\/latesthair\/p\/CcGytPShrpZ\/\" target=\"_blank\" rel=\"noopener noreferrer nofollow\">\u00a9 latesthair<\/a><\/figcaption><\/figure>\n\n\n\n<p>Os cortes pixie podem ser surpreendentemente vers\u00e1teis, especialmente quando combinados com franjas longas e arrebatadoras. O contraste entre os lados cortados e a franja mais comprida acrescenta profundidade e interesse. <\/p>\n\n\n\n<p>Este corte de cabelo n\u00e3o s\u00f3 \u00e9 f\u00e1cil de manter, como tamb\u00e9m oferece uma vibra\u00e7\u00e3o divertida, perfeita para quem quer uma apar\u00eancia fresca e jovem.<\/p>\n\n\n\n<h2 class=\"wp-block-heading\">3. Lob texturizado<\/h2>\n\n\n\n<figure class=\"wp-block-image\"><div style=\"position: relative;\"><noscript><img decoding=\"async\" src=\"https:\/\/flawlesshair.com\/wp-content\/uploads\/2025\/02\/Textured-Lob-41.jpg\" alt=\"L\u00f3bulo texturizado\"><\/noscript><img decoding=\"async\" src=\"https:\/\/flawlesshair.com\/wp-content\/uploads\/2025\/02\/Textured-Lob-41.jpg\" alt=\"L\u00f3bulo texturizado\" width=\"300\" height=\"300\" id=\"mv-trellis-img-3\" loading=\"lazy\" class=\"lazyload\" data-trellis-processed=\"1\"><div style=\"position: absolute; top: 0.5rem; right: 0.75rem;\"> <a href=\"https:\/\/www.pinterest.com\/pin\/create\/button\/\" data-pin-do=\"buttonPin\" data-pin-tall=\"true\" data-pin-url=\"https:\/\/flawlesshair.com\/pt\/cortes-de-cabelo-leves-e-arejados-que-aumentam-o-volume-do-cabelo-fino\/\" data-pin-media=\"https:\/\/flawlesshair.com\/wp-content\/uploads\/2025\/02\/Textured-Lob-41.jpg\" data-pin-description=\"33 Light And Airy Haircuts That Give Thin Hair A Volume Boost\" rel=\"nofollow noopener\" target=\"_blank\"> <\/a><\/div><\/div><figcaption class=\"wp-element-caption\"><a href=\"https:\/\/www.instagram.com\/chrisjones_hair\/p\/CD88D10swpj\/\" target=\"_blank\" rel=\"noopener noreferrer nofollow\">\u00a9 chrisjones_hair<\/a><\/figcaption><\/figure>\n\n\n\n<p><a href=\"https:\/\/flawlesshair.com\/pt\/lobulo-texturado\/\">O lob texturizado<\/a> \u00e9 um bob mais comprido que ro\u00e7a os ombros, proporcionando o equil\u00edbrio perfeito entre cabelo curto e comprido. A textura acrescenta dimens\u00e3o, fazendo com que o cabelo fino pare\u00e7a mais cheio. <\/p>\n\n\n\n<p>\u00c9 uma excelente escolha para quem procura um corte de cabelo que exija o m\u00ednimo de penteados e que, ao mesmo tempo, tenha um aspeto chique e sofisticado.<\/p>\n\n\n\n<h2 class=\"wp-block-heading\">4. Franja frisada<\/h2>\n\n\n\n<figure class=\"wp-block-image\"><div style=\"position: relative;\"><noscript><img decoding=\"async\" src=\"https:\/\/flawlesshair.com\/wp-content\/uploads\/2025\/02\/Wispy-Bangs-31.jpg\" alt=\"Pranchas onduladas\"><\/noscript><img decoding=\"async\" src=\"https:\/\/flawlesshair.com\/wp-content\/uploads\/2025\/02\/Wispy-Bangs-31.jpg\" alt=\"Pranchas onduladas\" width=\"300\" height=\"300\" id=\"mv-trellis-img-4\" loading=\"lazy\" class=\"lazyload\" data-trellis-processed=\"1\"><div style=\"position: absolute; top: 0.5rem; right: 0.75rem;\"> <a href=\"https:\/\/www.pinterest.com\/pin\/create\/button\/\" data-pin-do=\"buttonPin\" data-pin-tall=\"true\" data-pin-url=\"https:\/\/flawlesshair.com\/pt\/cortes-de-cabelo-leves-e-arejados-que-aumentam-o-volume-do-cabelo-fino\/\" data-pin-media=\"https:\/\/flawlesshair.com\/wp-content\/uploads\/2025\/02\/Wispy-Bangs-31.jpg\" data-pin-description=\"33 Light And Airy Haircuts That Give Thin Hair A Volume Boost\" rel=\"nofollow noopener\" target=\"_blank\"> <\/a><\/div><\/div><figcaption class=\"wp-element-caption\"><a href=\"https:\/\/www.instagram.com\/peaceloftandcosalon\/p\/C_oQZ8yy_1L\/\" target=\"_blank\" rel=\"noopener noreferrer nofollow\">\u00a9 peaceloftandcosalon<\/a><\/figcaption><\/figure>\n\n\n\n<p><a href=\"https:\/\/flawlesshair.com\/pt\/cortes-de-cabelo-com-franja-fina\/\">Franja ondulada<\/a> s\u00e3o uma forma fant\u00e1stica de dar volume e interesse ao cabelo fino. Emolduram lindamente o rosto, sem sobrecarregar as suas fei\u00e7\u00f5es. <\/p>\n\n\n\n<p>Este estilo funciona bem com v\u00e1rios comprimentos de cabelo e pode ser facilmente penteado com um secador ou deixado a secar ao ar livre para um look mais descontra\u00eddo.<\/p>\n\n\n\n<h2 class=\"wp-block-heading\">5. Ondas de praia<\/h2>\n\n\n\n<figure class=\"wp-block-image\"><div style=\"position: relative;\"><noscript><img decoding=\"async\" src=\"https:\/\/flawlesshair.com\/wp-content\/uploads\/2025\/02\/Beachy-Waves-24.jpg\" alt=\"Ondas de praia\"><\/noscript><img decoding=\"async\" src=\"https:\/\/flawlesshair.com\/wp-content\/uploads\/2025\/02\/Beachy-Waves-24.jpg\" alt=\"Ondas de praia\" width=\"300\" height=\"300\" id=\"mv-trellis-img-5\" loading=\"lazy\" class=\"lazyload\" data-trellis-processed=\"1\"><div style=\"position: absolute; top: 0.5rem; right: 0.75rem;\"> <a href=\"https:\/\/www.pinterest.com\/pin\/create\/button\/\" data-pin-do=\"buttonPin\" data-pin-tall=\"true\" data-pin-url=\"https:\/\/flawlesshair.com\/pt\/cortes-de-cabelo-leves-e-arejados-que-aumentam-o-volume-do-cabelo-fino\/\" data-pin-media=\"https:\/\/flawlesshair.com\/wp-content\/uploads\/2025\/02\/Beachy-Waves-24.jpg\" data-pin-description=\"33 Light And Airy Haircuts That Give Thin Hair A Volume Boost\" rel=\"nofollow noopener\" target=\"_blank\"> <\/a><\/div><\/div><figcaption class=\"wp-element-caption\"><a href=\"https:\/\/www.instagram.com\/lesteticasalon\/p\/C_Q0_6VO8zQ\/\" target=\"_blank\" rel=\"noopener noreferrer nofollow\">\u00a9 lesteticasalon<\/a><\/figcaption><\/figure>\n\n\n\n<p>As ondas de praia s\u00e3o sin\u00f3nimo de um estilo despreocupado e volumoso que nunca sai de moda. Este look sem esfor\u00e7o pode ser conseguido com um modelador de carac\u00f3is ou entran\u00e7ando o cabelo h\u00famido durante a noite. <\/p>\n\n\n\n<p>\u00c9 perfeito para dar corpo e movimento ao cabelo fino, fazendo-o parecer mais cheio e mais vibrante.<\/p>\n\n\n\n<h2 class=\"wp-block-heading\">6. Camadas desgrenhadas<\/h2>\n\n\n\n<figure class=\"wp-block-image\"><div style=\"position: relative;\"><noscript><img decoding=\"async\" src=\"https:\/\/flawlesshair.com\/wp-content\/uploads\/2025\/02\/Shaggy-Layers-14.jpg\" alt=\"Camadas desgrenhadas\"><\/noscript><img decoding=\"async\" src=\"https:\/\/flawlesshair.com\/wp-content\/uploads\/2025\/02\/Shaggy-Layers-14.jpg\" alt=\"Camadas desgrenhadas\" width=\"300\" height=\"300\" id=\"mv-trellis-img-6\" loading=\"lazy\" class=\"lazyload\" data-trellis-processed=\"1\"><div style=\"position: absolute; top: 0.5rem; right: 0.75rem;\"> <a href=\"https:\/\/www.pinterest.com\/pin\/create\/button\/\" data-pin-do=\"buttonPin\" data-pin-tall=\"true\" data-pin-url=\"https:\/\/flawlesshair.com\/pt\/cortes-de-cabelo-leves-e-arejados-que-aumentam-o-volume-do-cabelo-fino\/\" data-pin-media=\"https:\/\/flawlesshair.com\/wp-content\/uploads\/2025\/02\/Shaggy-Layers-14.jpg\" data-pin-description=\"33 Light And Airy Haircuts That Give Thin Hair A Volume Boost\" rel=\"nofollow noopener\" target=\"_blank\"> <\/a><\/div><\/div><figcaption class=\"wp-element-caption\"><a href=\"https:\/\/www.instagram.com\/nunziosavianosalon\/p\/CZPeLO3OZBx\/\" target=\"_blank\" rel=\"noopener noreferrer nofollow\">\u00a9 nunziosavianosalon<\/a><\/figcaption><\/figure>\n\n\n\n<p>As camadas desgrenhadas oferecem um look de inspira\u00e7\u00e3o retro, mas contempor\u00e2neo, que real\u00e7a a textura natural do cabelo fino. Estas camadas s\u00e3o estrategicamente colocadas para criar volume e elasticidade, dando um aspeto geral arejado e leve. <\/p>\n\n\n\n<h2 class=\"wp-block-heading\">7. Corte com penas<\/h2>\n\n\n\n<figure class=\"wp-block-image\"><div style=\"position: relative;\"><noscript><img decoding=\"async\" src=\"https:\/\/flawlesshair.com\/wp-content\/uploads\/2025\/02\/Feathered-Cut-10.jpg\" alt=\"Corte com penas\"><\/noscript><img decoding=\"async\" src=\"https:\/\/flawlesshair.com\/wp-content\/uploads\/2025\/02\/Feathered-Cut-10.jpg\" alt=\"Corte com penas\" width=\"300\" height=\"300\" id=\"mv-trellis-img-7\" loading=\"lazy\" class=\"lazyload\" data-trellis-processed=\"1\"><div style=\"position: absolute; top: 0.5rem; right: 0.75rem;\"> <a href=\"https:\/\/www.pinterest.com\/pin\/create\/button\/\" data-pin-do=\"buttonPin\" data-pin-tall=\"true\" data-pin-url=\"https:\/\/flawlesshair.com\/pt\/cortes-de-cabelo-leves-e-arejados-que-aumentam-o-volume-do-cabelo-fino\/\" data-pin-media=\"https:\/\/flawlesshair.com\/wp-content\/uploads\/2025\/02\/Feathered-Cut-10.jpg\" data-pin-description=\"33 Light And Airy Haircuts That Give Thin Hair A Volume Boost\" rel=\"nofollow noopener\" target=\"_blank\"> <\/a><\/div><\/div><figcaption class=\"wp-element-caption\"><a href=\"https:\/\/www.instagram.com\/myguiltycrown\/p\/C4Hb3hbOBW0\/\" target=\"_blank\" rel=\"noopener noreferrer nofollow\">\u00a9 myguiltycrown<\/a><\/figcaption><\/figure>\n\n\n\n<p>O corte emplumado \u00e9 uma op\u00e7\u00e3o intemporal para dar volume ao cabelo fino. Este estilo envolve madeixas finamente estratificadas que criam um efeito tipo pena, proporcionando movimento e eleva\u00e7\u00e3o. <\/p>\n\n\n\n<p>\u00c9 um corte vers\u00e1til que funciona bem com diferentes comprimentos e texturas de cabelo, oferecendo uma vibra\u00e7\u00e3o sofisticada mas divertida.<\/p>\n\n\n\n<h2 class=\"wp-block-heading\">8. Bob em \u00e2ngulo<\/h2>\n\n\n\n<figure class=\"wp-block-image\"><div style=\"position: relative;\"><noscript><img decoding=\"async\" src=\"https:\/\/flawlesshair.com\/wp-content\/uploads\/2025\/02\/Angled-Bob-31.jpg\" alt=\"Bob angular\"><\/noscript><img decoding=\"async\" src=\"https:\/\/flawlesshair.com\/wp-content\/uploads\/2025\/02\/Angled-Bob-31.jpg\" alt=\"Bob angular\" width=\"300\" height=\"300\" id=\"mv-trellis-img-8\" loading=\"lazy\" class=\"lazyload\" data-trellis-processed=\"1\"><div style=\"position: absolute; top: 0.5rem; right: 0.75rem;\"> <a href=\"https:\/\/www.pinterest.com\/pin\/create\/button\/\" data-pin-do=\"buttonPin\" data-pin-tall=\"true\" data-pin-url=\"https:\/\/flawlesshair.com\/pt\/cortes-de-cabelo-leves-e-arejados-que-aumentam-o-volume-do-cabelo-fino\/\" data-pin-media=\"https:\/\/flawlesshair.com\/wp-content\/uploads\/2025\/02\/Angled-Bob-31.jpg\" data-pin-description=\"33 Light And Airy Haircuts That Give Thin Hair A Volume Boost\" rel=\"nofollow noopener\" target=\"_blank\"> <\/a><\/div><\/div><figcaption class=\"wp-element-caption\"><a href=\"https:\/\/www.instagram.com\/sulimays_hair_philly_mnyk\/p\/C8pC_QhOfnV\/\" target=\"_blank\" rel=\"noopener noreferrer nofollow\">\u00a9 sulimays_hair_philly_mnyk<\/a><\/figcaption><\/figure>\n\n\n\n<p><a href=\"https:\/\/flawlesshair.com\/pt\/cortes-de-cabelo-angulares-da-moda-inspos\/\">Um bob angular<\/a> apresenta umas costas mais curtas com camadas frontais mais compridas, proporcionando uma silhueta elegante que aumenta o volume. <\/p>\n\n\n\n<p>Este corte ajuda a criar a ilus\u00e3o de plenitude, especialmente para quem tem cabelos mais finos. \u00c9 uma escolha arrojada que exala confian\u00e7a e estilo, adequada a v\u00e1rias formas de rosto.<\/p>\n\n\n\n<h2 class=\"wp-block-heading\">9. Franja de cortina<\/h2>\n\n\n\n<figure class=\"wp-block-image\"><div style=\"position: relative;\"><noscript><img decoding=\"async\" src=\"https:\/\/flawlesshair.com\/wp-content\/uploads\/2025\/02\/Curtain-Bangs-31.jpg\" alt=\"Franjas para cortinas\"><\/noscript><img decoding=\"async\" src=\"https:\/\/flawlesshair.com\/wp-content\/uploads\/2025\/02\/Curtain-Bangs-31.jpg\" alt=\"Franjas para cortinas\" width=\"300\" height=\"300\" id=\"mv-trellis-img-9\" loading=\"lazy\" class=\"lazyload\" data-trellis-processed=\"1\"><div style=\"position: absolute; top: 0.5rem; right: 0.75rem;\"> <a href=\"https:\/\/www.pinterest.com\/pin\/create\/button\/\" data-pin-do=\"buttonPin\" data-pin-tall=\"true\" data-pin-url=\"https:\/\/flawlesshair.com\/pt\/cortes-de-cabelo-leves-e-arejados-que-aumentam-o-volume-do-cabelo-fino\/\" data-pin-media=\"https:\/\/flawlesshair.com\/wp-content\/uploads\/2025\/02\/Curtain-Bangs-31.jpg\" data-pin-description=\"33 Light And Airy Haircuts That Give Thin Hair A Volume Boost\" rel=\"nofollow noopener\" target=\"_blank\"> <\/a><\/div><\/div><figcaption class=\"wp-element-caption\"><a href=\"https:\/\/www.instagram.com\/lindsayshair\/p\/Cj5fsJmrM7R\/\" target=\"_blank\" rel=\"noopener noreferrer nofollow\">\u00a9 lindsayshair<\/a><\/figcaption><\/figure>\n\n\n\n<p><a href=\"https:\/\/flawlesshair.com\/pt\/franja-de-cortina-para-rostos-redondos\/\">Franja de cortina<\/a> s\u00e3o a forma perfeita de adicionar um toque de charme vintage enquanto aumentam o volume. Esta franja \u00e9 dividida ao meio, emoldurando suavemente o rosto e real\u00e7ando o movimento natural. <\/p>\n\n\n\n<p>Combinam na perfei\u00e7\u00e3o com v\u00e1rios cortes de cabelo, o que os torna uma excelente escolha para quem procura atualizar o seu estilo.<\/p>\n\n\n\n<h2 class=\"wp-block-heading\">10. Bob assim\u00e9trico<\/h2>\n\n\n\n<figure class=\"wp-block-image\"><div style=\"position: relative;\"><noscript><img decoding=\"async\" src=\"https:\/\/flawlesshair.com\/wp-content\/uploads\/2025\/02\/Asymmetrical-Bob-67.jpg\" alt=\"Bob assim\u00e9trico\"><\/noscript><img decoding=\"async\" src=\"https:\/\/flawlesshair.com\/wp-content\/uploads\/2025\/02\/Asymmetrical-Bob-67.jpg\" alt=\"Bob assim\u00e9trico\" width=\"300\" height=\"300\" id=\"mv-trellis-img-10\" loading=\"lazy\" class=\"lazyload\" data-trellis-processed=\"1\"><div style=\"position: absolute; top: 0.5rem; right: 0.75rem;\"> <a href=\"https:\/\/www.pinterest.com\/pin\/create\/button\/\" data-pin-do=\"buttonPin\" data-pin-tall=\"true\" data-pin-url=\"https:\/\/flawlesshair.com\/pt\/cortes-de-cabelo-leves-e-arejados-que-aumentam-o-volume-do-cabelo-fino\/\" data-pin-media=\"https:\/\/flawlesshair.com\/wp-content\/uploads\/2025\/02\/Asymmetrical-Bob-67.jpg\" data-pin-description=\"33 Light And Airy Haircuts That Give Thin Hair A Volume Boost\" rel=\"nofollow noopener\" target=\"_blank\"> <\/a><\/div><\/div><figcaption class=\"wp-element-caption\"><a href=\"https:\/\/www.instagram.com\/poojacoofficial\/p\/Cwm7ZZDRm9l\/\" target=\"_blank\" rel=\"noopener noreferrer nofollow\">\u00a9 poojacoofficial<\/a><\/figcaption><\/figure>\n\n\n\n<p>Um bob assim\u00e9trico \u00e9 uma vers\u00e3o arrojada e moderna do bob cl\u00e1ssico. Os comprimentos diferentes criam uma silhueta din\u00e2mica, dando a apar\u00eancia de volume ao cabelo fino. <\/p>\n\n\n\n<p>Este estilo arrojado \u00e9 perfeito para expressar a individualidade e funciona bem com v\u00e1rias texturas de cabelo, oferecendo um toque fresco e contempor\u00e2neo.<\/p>\n\n\n\n<h2 class=\"wp-block-heading\">11. Camadas compridas com madeixas<\/h2>\n\n\n\n<figure class=\"wp-block-image\"><div style=\"position: relative;\"><noscript><img decoding=\"async\" src=\"https:\/\/flawlesshair.com\/wp-content\/uploads\/2025\/02\/Long-Layers-with-Highlights-2.jpg\" alt=\"Camadas longas com madeixas\"><\/noscript><img decoding=\"async\" src=\"https:\/\/flawlesshair.com\/wp-content\/uploads\/2025\/02\/Long-Layers-with-Highlights-2.jpg\" alt=\"Camadas longas com madeixas\" width=\"300\" height=\"300\" id=\"mv-trellis-img-11\" loading=\"lazy\" class=\"lazyload\" data-trellis-processed=\"1\"><div style=\"position: absolute; top: 0.5rem; right: 0.75rem;\"> <a href=\"https:\/\/www.pinterest.com\/pin\/create\/button\/\" data-pin-do=\"buttonPin\" data-pin-tall=\"true\" data-pin-url=\"https:\/\/flawlesshair.com\/pt\/cortes-de-cabelo-leves-e-arejados-que-aumentam-o-volume-do-cabelo-fino\/\" data-pin-media=\"https:\/\/flawlesshair.com\/wp-content\/uploads\/2025\/02\/Long-Layers-with-Highlights-2.jpg\" data-pin-description=\"33 Light And Airy Haircuts That Give Thin Hair A Volume Boost\" rel=\"nofollow noopener\" target=\"_blank\"> <\/a><\/div><\/div><figcaption class=\"wp-element-caption\"><a href=\"https:\/\/www.instagram.com\/londonhaircut\/p\/DCbFSaSN3EK\/\" target=\"_blank\" rel=\"noopener noreferrer nofollow\">\u00a9 londonhaircut<\/a><\/figcaption><\/figure>\n\n\n\n<p>As camadas longas podem transformar o cabelo fino, proporcionando movimento e dimens\u00e3o. Acrescentar madeixas aumenta ainda mais o efeito, criando profundidade e a ilus\u00e3o de volume. <\/p>\n\n\n\n<p>Este estilo \u00e9 ideal para quem quer manter o seu comprimento enquanto desfruta de um look mais cheio, perfeito para qualquer esta\u00e7\u00e3o.<\/p>\n\n\n\n<h2 class=\"wp-block-heading\">12. Bob graduado<\/h2>\n\n\n\n<figure class=\"wp-block-image\"><div style=\"position: relative;\"><noscript><img decoding=\"async\" src=\"https:\/\/flawlesshair.com\/wp-content\/uploads\/2025\/02\/Graduated-Bob-17.jpg\" alt=\"Bob graduado\"><\/noscript><img decoding=\"async\" src=\"https:\/\/flawlesshair.com\/wp-content\/uploads\/2025\/02\/Graduated-Bob-17.jpg\" alt=\"Bob graduado\" width=\"300\" height=\"300\" id=\"mv-trellis-img-12\" loading=\"lazy\" class=\"lazyload\" data-trellis-processed=\"1\"><div style=\"position: absolute; top: 0.5rem; right: 0.75rem;\"> <a href=\"https:\/\/www.pinterest.com\/pin\/create\/button\/\" data-pin-do=\"buttonPin\" data-pin-tall=\"true\" data-pin-url=\"https:\/\/flawlesshair.com\/pt\/cortes-de-cabelo-leves-e-arejados-que-aumentam-o-volume-do-cabelo-fino\/\" data-pin-media=\"https:\/\/flawlesshair.com\/wp-content\/uploads\/2025\/02\/Graduated-Bob-17.jpg\" data-pin-description=\"33 Light And Airy Haircuts That Give Thin Hair A Volume Boost\" rel=\"nofollow noopener\" target=\"_blank\"> <\/a><\/div><\/div><figcaption class=\"wp-element-caption\"><a href=\"https:\/\/www.instagram.com\/chrisjones_hair\/reel\/C8-lwyKOs0n\/\" target=\"_blank\" rel=\"noopener noreferrer nofollow\">\u00a9 chrisjones_hair<\/a><\/figcaption><\/figure>\n\n\n\n<p><a href=\"https:\/\/flawlesshair.com\/pt\/bob-longo-graduado\/\">O bob graduado<\/a> \u00e9 um estilo sofisticado que apresenta camadas empilhadas na parte de tr\u00e1s, alongando-se gradualmente para a frente. <\/p>\n\n\n\n<p>Este corte acrescenta um volume e uma eleva\u00e7\u00e3o significativos, tornando-o ideal para quem tem cabelo fino. Oferece um look polido e chique que \u00e9 simultaneamente moderno e intemporal.<\/p>\n\n\n\n<h2 class=\"wp-block-heading\">13. Fada de cabelo curto<\/h2>\n\n\n\n<figure class=\"wp-block-image\"><div style=\"position: relative;\"><noscript><img decoding=\"async\" src=\"https:\/\/flawlesshair.com\/wp-content\/uploads\/2025\/02\/Choppy-Pixie-10.jpg\" alt=\"Pixie de cabelo curto\"><\/noscript><img decoding=\"async\" src=\"https:\/\/flawlesshair.com\/wp-content\/uploads\/2025\/02\/Choppy-Pixie-10.jpg\" alt=\"Pixie de cabelo curto\" width=\"300\" height=\"300\" id=\"mv-trellis-img-13\" loading=\"lazy\" class=\"lazyload\" data-trellis-processed=\"1\"><div style=\"position: absolute; top: 0.5rem; right: 0.75rem;\"> <a href=\"https:\/\/www.pinterest.com\/pin\/create\/button\/\" data-pin-do=\"buttonPin\" data-pin-tall=\"true\" data-pin-url=\"https:\/\/flawlesshair.com\/pt\/cortes-de-cabelo-leves-e-arejados-que-aumentam-o-volume-do-cabelo-fino\/\" data-pin-media=\"https:\/\/flawlesshair.com\/wp-content\/uploads\/2025\/02\/Choppy-Pixie-10.jpg\" data-pin-description=\"33 Light And Airy Haircuts That Give Thin Hair A Volume Boost\" rel=\"nofollow noopener\" target=\"_blank\"> <\/a><\/div><\/div><figcaption class=\"wp-element-caption\"><a href=\"https:\/\/www.instagram.com\/jayne_edosalon\/p\/CWW75xapUhL\/\" target=\"_blank\" rel=\"noopener noreferrer nofollow\">\u00a9 jayne_edosalon<\/a><\/figcaption><\/figure>\n\n\n\n<p><a href=\"https:\/\/flawlesshair.com\/pt\/corte-pixie-cortado\/\">Um pixie cortado<\/a> \u00e9 perfeito para quem \u00e9 suficientemente ousado para adotar um penteado curto. As camadas cortadas adicionam uma textura divertida, criando volume e movimento. <\/p>\n\n\n\n<p>Este corte de cabelo \u00e9 f\u00e1cil de pentear e manter, oferecendo um visual fresco e arrojado que \u00e9 perfeito para mostrar personalidade e estilo.<\/p>\n\n\n\n<h2 class=\"wp-block-heading\">14. Carac\u00f3is suaves<\/h2>\n\n\n\n<figure class=\"wp-block-image\"><div style=\"position: relative;\"><noscript><img decoding=\"async\" src=\"https:\/\/flawlesshair.com\/wp-content\/uploads\/2025\/02\/Soft-Curls-34.jpg\" alt=\"Carac\u00f3is suaves\"><\/noscript><img decoding=\"async\" src=\"https:\/\/flawlesshair.com\/wp-content\/uploads\/2025\/02\/Soft-Curls-34.jpg\" alt=\"Carac\u00f3is suaves\" width=\"300\" height=\"300\" id=\"mv-trellis-img-14\" loading=\"lazy\" class=\"lazyload\" data-trellis-processed=\"1\"><div style=\"position: absolute; top: 0.5rem; right: 0.75rem;\"> <a href=\"https:\/\/www.pinterest.com\/pin\/create\/button\/\" data-pin-do=\"buttonPin\" data-pin-tall=\"true\" data-pin-url=\"https:\/\/flawlesshair.com\/pt\/cortes-de-cabelo-leves-e-arejados-que-aumentam-o-volume-do-cabelo-fino\/\" data-pin-media=\"https:\/\/flawlesshair.com\/wp-content\/uploads\/2025\/02\/Soft-Curls-34.jpg\" data-pin-description=\"33 Light And Airy Haircuts That Give Thin Hair A Volume Boost\" rel=\"nofollow noopener\" target=\"_blank\"> <\/a><\/div><\/div><figcaption class=\"wp-element-caption\"><a href=\"https:\/\/www.instagram.com\/styledx_naome\/p\/DBMdwxCRYE4\/\" target=\"_blank\" rel=\"noopener noreferrer nofollow\">\u00a9 styledx_naome<\/a><\/figcaption><\/figure>\n\n\n\n<p>Os carac\u00f3is suaves d\u00e3o um toque rom\u00e2ntico e volumoso ao cabelo fino. Podem ser conseguidos utilizando um ferro de frisar ou rolos quentes, proporcionando uma onda suave que aumenta o corpo e o movimento. <\/p>\n\n\n\n<p>Este estilo \u00e9 vers\u00e1til e pode ser vestido para cima ou para baixo, tornando-o adequado para v\u00e1rias ocasi\u00f5es.<\/p>\n\n\n\n<h2 class=\"wp-block-heading\">15. Franja lateral<\/h2>\n\n\n\n<figure class=\"wp-block-image\"><div style=\"position: relative;\"><noscript><img decoding=\"async\" src=\"https:\/\/flawlesshair.com\/wp-content\/uploads\/2025\/02\/Side-Swept-Bangs-53.jpg\" alt=\"Franja lateral\"><\/noscript><img decoding=\"async\" src=\"https:\/\/flawlesshair.com\/wp-content\/uploads\/2025\/02\/Side-Swept-Bangs-53.jpg\" alt=\"Franja lateral\" width=\"300\" height=\"300\" id=\"mv-trellis-img-15\" loading=\"lazy\" class=\"lazyload\" data-trellis-processed=\"1\"><div style=\"position: absolute; top: 0.5rem; right: 0.75rem;\"> <a href=\"https:\/\/www.pinterest.com\/pin\/create\/button\/\" data-pin-do=\"buttonPin\" data-pin-tall=\"true\" data-pin-url=\"https:\/\/flawlesshair.com\/pt\/cortes-de-cabelo-leves-e-arejados-que-aumentam-o-volume-do-cabelo-fino\/\" data-pin-media=\"https:\/\/flawlesshair.com\/wp-content\/uploads\/2025\/02\/Side-Swept-Bangs-53.jpg\" data-pin-description=\"33 Light And Airy Haircuts That Give Thin Hair A Volume Boost\" rel=\"nofollow noopener\" target=\"_blank\"> <\/a><\/div><\/div><figcaption class=\"wp-element-caption\"><a href=\"https:\/\/www.instagram.com\/colourandlashprof\/p\/Coga4grsaDH\/\" target=\"_blank\" rel=\"noopener noreferrer nofollow\">\u00a9 colourandlashprof<\/a><\/figcaption><\/figure>\n\n\n\n<p>A franja lateral \u00e9 uma forma elegante de dar volume e estilo ao cabelo fino. Chamam a aten\u00e7\u00e3o para os olhos e criam uma assimetria divertida. <\/p>\n\n\n\n<p>Este look \u00e9 f\u00e1cil de manter e funciona bem com diferentes comprimentos de cabelo, o que o torna uma \u00f3ptima op\u00e7\u00e3o para quem procura uma mudan\u00e7a subtil mas eficaz.<\/p>\n\n\n\n<h2 class=\"wp-block-heading\">16. Bob com franja<\/h2>\n\n\n\n<figure class=\"wp-block-image\"><div style=\"position: relative;\"><noscript><img decoding=\"async\" src=\"https:\/\/flawlesshair.com\/wp-content\/uploads\/2025\/02\/Bob-with-Fringe-4.jpg\" alt=\"Bob com franja\"><\/noscript><img decoding=\"async\" src=\"https:\/\/flawlesshair.com\/wp-content\/uploads\/2025\/02\/Bob-with-Fringe-4.jpg\" alt=\"Bob com franja\" width=\"300\" height=\"300\" id=\"mv-trellis-img-16\" loading=\"lazy\" class=\"lazyload\" data-trellis-processed=\"1\"><div style=\"position: absolute; top: 0.5rem; right: 0.75rem;\"> <a href=\"https:\/\/www.pinterest.com\/pin\/create\/button\/\" data-pin-do=\"buttonPin\" data-pin-tall=\"true\" data-pin-url=\"https:\/\/flawlesshair.com\/pt\/cortes-de-cabelo-leves-e-arejados-que-aumentam-o-volume-do-cabelo-fino\/\" data-pin-media=\"https:\/\/flawlesshair.com\/wp-content\/uploads\/2025\/02\/Bob-with-Fringe-4.jpg\" data-pin-description=\"33 Light And Airy Haircuts That Give Thin Hair A Volume Boost\" rel=\"nofollow noopener\" target=\"_blank\"> <\/a><\/div><\/div><figcaption class=\"wp-element-caption\"><a href=\"https:\/\/www.instagram.com\/rachelwstylist\/p\/CxnwwXNOMF3\/blowout-blonde-bob-the-stunning-emilyhenry_23-yall-emilys-loving-her-new-cut-and\/\" target=\"_blank\" rel=\"noopener noreferrer nofollow\">\u00a9 rachelwstylist<\/a><\/figcaption><\/figure>\n\n\n\n<p>Um bob combinado com uma franja completa oferece um look arrojado e elegante. A franja acrescenta um ponto focal, real\u00e7ando o rosto, enquanto o bob cria um efeito de volume. <\/p>\n\n\n\n<p>Esta combina\u00e7\u00e3o \u00e9 perfeita para quem quer fazer uma afirma\u00e7\u00e3o com o seu corte de cabelo, oferecendo eleg\u00e2ncia e modernidade.<\/p>\n\n\n\n<h2 class=\"wp-block-heading\">17. Ondas despenteadas<\/h2>\n\n\n\n<figure class=\"wp-block-image\"><div style=\"position: relative;\"><noscript><img decoding=\"async\" src=\"https:\/\/flawlesshair.com\/wp-content\/uploads\/2025\/02\/Tousled-Waves-37.jpg\" alt=\"Ondas despenteadas\"><\/noscript><img decoding=\"async\" src=\"https:\/\/flawlesshair.com\/wp-content\/uploads\/2025\/02\/Tousled-Waves-37.jpg\" alt=\"Ondas despenteadas\" width=\"300\" height=\"300\" id=\"mv-trellis-img-17\" loading=\"lazy\" class=\"lazyload\" data-trellis-processed=\"1\"><div style=\"position: absolute; top: 0.5rem; right: 0.75rem;\"> <a href=\"https:\/\/www.pinterest.com\/pin\/create\/button\/\" data-pin-do=\"buttonPin\" data-pin-tall=\"true\" data-pin-url=\"https:\/\/flawlesshair.com\/pt\/cortes-de-cabelo-leves-e-arejados-que-aumentam-o-volume-do-cabelo-fino\/\" data-pin-media=\"https:\/\/flawlesshair.com\/wp-content\/uploads\/2025\/02\/Tousled-Waves-37.jpg\" data-pin-description=\"33 Light And Airy Haircuts That Give Thin Hair A Volume Boost\" rel=\"nofollow noopener\" target=\"_blank\"> <\/a><\/div><\/div><figcaption class=\"wp-element-caption\"><a href=\"https:\/\/www.instagram.com\/londonhaircut\/p\/DF7bDDmtfZS\/\" target=\"_blank\" rel=\"noopener noreferrer nofollow\">\u00a9 londonhaircut<\/a><\/figcaption><\/figure>\n\n\n\n<p>As ondas despenteadas proporcionam um aspeto descontra\u00eddo e natural, acrescentando volume e textura ao cabelo fino. Este look pode ser conseguido sem esfor\u00e7o com um spray de sal ou amassando o cabelo h\u00famido. <\/p>\n\n\n\n<p>\u00c9 perfeito para quem procura um estilo descontra\u00eddo, cheio de movimento e vida.<\/p>\n\n\n\n<h2 class=\"wp-block-heading\">18. Camadas desconectadas<\/h2>\n\n\n\n<figure class=\"wp-block-image\"><div style=\"position: relative;\"><noscript><img decoding=\"async\" src=\"https:\/\/flawlesshair.com\/wp-content\/uploads\/2025\/02\/Disconnected-Layers-1.jpg\" alt=\"Camadas desconectadas\"><\/noscript><img decoding=\"async\" src=\"https:\/\/flawlesshair.com\/wp-content\/uploads\/2025\/02\/Disconnected-Layers-1.jpg\" alt=\"Camadas desconectadas\" width=\"300\" height=\"300\" id=\"mv-trellis-img-18\" loading=\"lazy\" class=\"lazyload\" data-trellis-processed=\"1\"><div style=\"position: absolute; top: 0.5rem; right: 0.75rem;\"> <a href=\"https:\/\/www.pinterest.com\/pin\/create\/button\/\" data-pin-do=\"buttonPin\" data-pin-tall=\"true\" data-pin-url=\"https:\/\/flawlesshair.com\/pt\/cortes-de-cabelo-leves-e-arejados-que-aumentam-o-volume-do-cabelo-fino\/\" data-pin-media=\"https:\/\/flawlesshair.com\/wp-content\/uploads\/2025\/02\/Disconnected-Layers-1.jpg\" data-pin-description=\"33 Light And Airy Haircuts That Give Thin Hair A Volume Boost\" rel=\"nofollow noopener\" target=\"_blank\"> <\/a><\/div><\/div><figcaption class=\"wp-element-caption\"><a href=\"https:\/\/www.instagram.com\/teagancousins.hair\/p\/C3BVaxkB8z5\/\" target=\"_blank\" rel=\"noopener noreferrer nofollow\">\u00a9 teagancousins.hair<\/a><\/figcaption><\/figure>\n\n\n\n<p>As camadas desconectadas oferecem um look arrojado e din\u00e2mico, criando volume ao variar os comprimentos em todo o cabelo. <\/p>\n\n\n\n<p>Este estilo acrescenta interesse e dimens\u00e3o, perfeito para quem gosta de uma apar\u00eancia arrojada e contempor\u00e2nea. \u00c9 uma op\u00e7\u00e3o vers\u00e1til que pode ser adaptada a v\u00e1rios comprimentos e texturas de cabelo.<\/p>\n\n\n\n<h2 class=\"wp-block-heading\">19. Bob ondulado<\/h2>\n\n\n\n<figure class=\"wp-block-image\"><div style=\"position: relative;\"><noscript><img decoding=\"async\" src=\"https:\/\/flawlesshair.com\/wp-content\/uploads\/2025\/02\/Wavy-Bob-25.jpg\" alt=\"Bob ondulado\"><\/noscript><img decoding=\"async\" src=\"https:\/\/flawlesshair.com\/wp-content\/uploads\/2025\/02\/Wavy-Bob-25.jpg\" alt=\"Bob ondulado\" width=\"300\" height=\"300\" id=\"mv-trellis-img-19\" loading=\"lazy\" class=\"lazyload\" data-trellis-processed=\"1\"><div style=\"position: absolute; top: 0.5rem; right: 0.75rem;\"> <a href=\"https:\/\/www.pinterest.com\/pin\/create\/button\/\" data-pin-do=\"buttonPin\" data-pin-tall=\"true\" data-pin-url=\"https:\/\/flawlesshair.com\/pt\/cortes-de-cabelo-leves-e-arejados-que-aumentam-o-volume-do-cabelo-fino\/\" data-pin-media=\"https:\/\/flawlesshair.com\/wp-content\/uploads\/2025\/02\/Wavy-Bob-25.jpg\" data-pin-description=\"33 Light And Airy Haircuts That Give Thin Hair A Volume Boost\" rel=\"nofollow noopener\" target=\"_blank\"> <\/a><\/div><\/div><figcaption class=\"wp-element-caption\"><a href=\"https:\/\/www.instagram.com\/evanjosephcurls\/p\/CwG-vK0NZit\/\" target=\"_blank\" rel=\"noopener noreferrer nofollow\">\u00a9 evanjosephcurls<\/a><\/figcaption><\/figure>\n\n\n\n<p>Um bob ondulado combina o melhor dos dois mundos - a sofistica\u00e7\u00e3o de um bob com o movimento descontra\u00eddo das ondas. Este estilo aumenta o volume e proporciona um aspeto jovem e moderno. <\/p>\n\n\n\n<p>\u00c9 f\u00e1cil de manter e pode ser penteado com um m\u00ednimo de esfor\u00e7o, o que o torna ideal para pessoas ocupadas.<\/p>\n\n\n\n<h2 class=\"wp-block-heading\">20. Carac\u00f3is saltitantes<\/h2>\n\n\n\n<figure class=\"wp-block-image\"><div style=\"position: relative;\"><noscript><img decoding=\"async\" src=\"https:\/\/flawlesshair.com\/wp-content\/uploads\/2025\/02\/Bouncy-Curls-13.jpg\" alt=\"Carac\u00f3is saltitantes\"><\/noscript><img decoding=\"async\" src=\"https:\/\/flawlesshair.com\/wp-content\/uploads\/2025\/02\/Bouncy-Curls-13.jpg\" alt=\"Carac\u00f3is saltitantes\" width=\"300\" height=\"300\" id=\"mv-trellis-img-20\" loading=\"lazy\" class=\"lazyload\" data-trellis-processed=\"1\"><div style=\"position: absolute; top: 0.5rem; right: 0.75rem;\"> <a href=\"https:\/\/www.pinterest.com\/pin\/create\/button\/\" data-pin-do=\"buttonPin\" data-pin-tall=\"true\" data-pin-url=\"https:\/\/flawlesshair.com\/pt\/cortes-de-cabelo-leves-e-arejados-que-aumentam-o-volume-do-cabelo-fino\/\" data-pin-media=\"https:\/\/flawlesshair.com\/wp-content\/uploads\/2025\/02\/Bouncy-Curls-13.jpg\" data-pin-description=\"33 Light And Airy Haircuts That Give Thin Hair A Volume Boost\" rel=\"nofollow noopener\" target=\"_blank\"> <\/a><\/div><\/div><figcaption class=\"wp-element-caption\"><a href=\"https:\/\/www.instagram.com\/beautybytaramarie\/p\/C1w8gchOtk7\/\" target=\"_blank\" rel=\"noopener noreferrer nofollow\">\u00a9 beautybytaramarie<\/a><\/figcaption><\/figure>\n\n\n\n<p>Os carac\u00f3is saltitantes oferecem o m\u00e1ximo de volume e um aspeto vivo, perfeito para cabelos finos. Podem ser criados com uma varinha de enrolar ou com rolos, proporcionando uma vibra\u00e7\u00e3o divertida e en\u00e9rgica. <\/p>\n\n\n\n<p>Este estilo \u00e9 ideal para quem gosta de um look divertido e exuberante, acrescentando dimens\u00e3o e personalidade.<\/p>\n\n\n\n<h2 class=\"wp-block-heading\">21. Pano em camadas<\/h2>\n\n\n\n<figure class=\"wp-block-image\"><div style=\"position: relative;\"><noscript><img decoding=\"async\" src=\"https:\/\/flawlesshair.com\/wp-content\/uploads\/2025\/02\/Layered-Shag-22.jpg\" alt=\"Pano em camadas\"><\/noscript><img decoding=\"async\" src=\"https:\/\/flawlesshair.com\/wp-content\/uploads\/2025\/02\/Layered-Shag-22.jpg\" alt=\"Pano em camadas\" width=\"300\" height=\"300\" id=\"mv-trellis-img-21\" loading=\"lazy\" class=\"lazyload\" data-trellis-processed=\"1\"><div style=\"position: absolute; top: 0.5rem; right: 0.75rem;\"> <a href=\"https:\/\/www.pinterest.com\/pin\/create\/button\/\" data-pin-do=\"buttonPin\" data-pin-tall=\"true\" data-pin-url=\"https:\/\/flawlesshair.com\/pt\/cortes-de-cabelo-leves-e-arejados-que-aumentam-o-volume-do-cabelo-fino\/\" data-pin-media=\"https:\/\/flawlesshair.com\/wp-content\/uploads\/2025\/02\/Layered-Shag-22.jpg\" data-pin-description=\"33 Light And Airy Haircuts That Give Thin Hair A Volume Boost\" rel=\"nofollow noopener\" target=\"_blank\"> <\/a><\/div><\/div><figcaption class=\"wp-element-caption\"><a href=\"https:\/\/www.instagram.com\/rachelwstylist\/p\/CyllVAXubkV\/\" target=\"_blank\" rel=\"noopener noreferrer nofollow\">\u00a9 rachelwstylist<\/a><\/figcaption><\/figure>\n\n\n\n<p>O shag em camadas \u00e9 uma refer\u00eancia ao estilo dos anos 70 com um toque moderno, proporcionando volume e textura ao cabelo fino. Apresenta camadas de comprimentos variados que criam movimento e uma apar\u00eancia despreocupada. <\/p>\n\n\n\n<p>Este corte de cabelo \u00e9 \u00f3timo para quem gosta de um look descontra\u00eddo, de inspira\u00e7\u00e3o vintage e cheio de car\u00e1cter.<\/p>\n\n\n\n<h2 class=\"wp-block-heading\">22. Bob cl\u00e1ssico com corte inferior<\/h2>\n\n\n\n<figure class=\"wp-block-image\"><div style=\"position: relative;\"><noscript><img decoding=\"async\" src=\"https:\/\/flawlesshair.com\/wp-content\/uploads\/2025\/02\/Classic-Bob-with-Undercut.jpg\" alt=\"Bob cl\u00e1ssico com corte inferior\"><\/noscript><img decoding=\"async\" src=\"https:\/\/flawlesshair.com\/wp-content\/uploads\/2025\/02\/Classic-Bob-with-Undercut.jpg\" alt=\"Bob cl\u00e1ssico com corte inferior\" width=\"300\" height=\"300\" id=\"mv-trellis-img-22\" loading=\"lazy\" class=\"lazyload\" data-trellis-processed=\"1\"><div style=\"position: absolute; top: 0.5rem; right: 0.75rem;\"> <a href=\"https:\/\/www.pinterest.com\/pin\/create\/button\/\" data-pin-do=\"buttonPin\" data-pin-tall=\"true\" data-pin-url=\"https:\/\/flawlesshair.com\/pt\/cortes-de-cabelo-leves-e-arejados-que-aumentam-o-volume-do-cabelo-fino\/\" data-pin-media=\"https:\/\/flawlesshair.com\/wp-content\/uploads\/2025\/02\/Classic-Bob-with-Undercut.jpg\" data-pin-description=\"33 Light And Airy Haircuts That Give Thin Hair A Volume Boost\" rel=\"nofollow noopener\" target=\"_blank\"> <\/a><\/div><\/div><figcaption class=\"wp-element-caption\"><a href=\"https:\/\/www.instagram.com\/chrisjones_hair\/p\/CLE2jceFOg3\/?utm_source=ig_embed&amp;ig_rid=757dd846-52c3-4ed7-b7d6-42eb2a6acb62&amp;ig_mid=73ABA95E-E3E2-45A7-B27E-F1B33742C92E\" target=\"_blank\" rel=\"noopener noreferrer nofollow\">\u00a9 chrisjones_hair<\/a><\/figcaption><\/figure>\n\n\n\n<p>O corte bob cl\u00e1ssico com um undercut \u00e9 uma escolha sofisticada para quem procura dar volume e um toque especial ao cabelo fino. Este estilo envolve aparar o cabelo na nuca mais curto do que as camadas superiores, criando um aspeto mais cheio. <\/p>\n\n\n\n<p>O contraste de comprimentos acrescenta dimens\u00e3o e interesse, tornando-a uma op\u00e7\u00e3o vers\u00e1til para ambientes casuais e formais.<\/p>\n\n\n\n<h2 class=\"wp-block-heading\">23. Ondas vintage<\/h2>\n\n\n\n<figure class=\"wp-block-image\"><div style=\"position: relative;\"><noscript><img decoding=\"async\" src=\"https:\/\/flawlesshair.com\/wp-content\/uploads\/2025\/02\/Vintage-Waves-7.jpg\" alt=\"Ondas vintage\"><\/noscript><img decoding=\"async\" src=\"https:\/\/flawlesshair.com\/wp-content\/uploads\/2025\/02\/Vintage-Waves-7.jpg\" alt=\"Ondas vintage\" width=\"300\" height=\"300\" id=\"mv-trellis-img-23\" loading=\"lazy\" class=\"lazyload\" data-trellis-processed=\"1\"><div style=\"position: absolute; top: 0.5rem; right: 0.75rem;\"> <a href=\"https:\/\/www.pinterest.com\/pin\/create\/button\/\" data-pin-do=\"buttonPin\" data-pin-tall=\"true\" data-pin-url=\"https:\/\/flawlesshair.com\/pt\/cortes-de-cabelo-leves-e-arejados-que-aumentam-o-volume-do-cabelo-fino\/\" data-pin-media=\"https:\/\/flawlesshair.com\/wp-content\/uploads\/2025\/02\/Vintage-Waves-7.jpg\" data-pin-description=\"33 Light And Airy Haircuts That Give Thin Hair A Volume Boost\" rel=\"nofollow noopener\" target=\"_blank\"> <\/a><\/div><\/div><figcaption class=\"wp-element-caption\"><a href=\"https:\/\/www.instagram.com\/jocelynechidiachair\/p\/CNDrkLVhlk0\/\" target=\"_blank\" rel=\"noopener noreferrer nofollow\">\u00a9 jocelynechidiachair<\/a><\/figcaption><\/figure>\n\n\n\n<p>As ondas vintage conferem uma eleg\u00e2ncia cl\u00e1ssica e volume ao cabelo fino, fazendo lembrar o glamour de Hollywood. Estas ondas s\u00e3o tipicamente suaves e estruturadas, proporcionando uma apar\u00eancia intemporal e sofisticada. <\/p>\n\n\n\n<p>Este estilo \u00e9 perfeito para ocasi\u00f5es formais ou quando se pretende dar um toque de charme do velho mundo ao seu visual.<\/p>\n\n\n\n<h2 class=\"wp-block-heading\">24. Pixie texturado com lados c\u00f3nicos<\/h2>\n\n\n\n<figure class=\"wp-block-image\"><div style=\"position: relative;\"><noscript><img decoding=\"async\" src=\"https:\/\/flawlesshair.com\/wp-content\/uploads\/2025\/02\/Textured-Pixie-with-Tapered-Sides.jpg\" alt=\"Pixie texturado com lados c\u00f3nicos\"><\/noscript><img decoding=\"async\" src=\"https:\/\/flawlesshair.com\/wp-content\/uploads\/2025\/02\/Textured-Pixie-with-Tapered-Sides.jpg\" alt=\"Pixie texturado com lados c\u00f3nicos\" width=\"300\" height=\"300\" id=\"mv-trellis-img-24\" loading=\"lazy\" class=\"lazyload\" data-trellis-processed=\"1\"><div style=\"position: absolute; top: 0.5rem; right: 0.75rem;\"> <a href=\"https:\/\/www.pinterest.com\/pin\/create\/button\/\" data-pin-do=\"buttonPin\" data-pin-tall=\"true\" data-pin-url=\"https:\/\/flawlesshair.com\/pt\/cortes-de-cabelo-leves-e-arejados-que-aumentam-o-volume-do-cabelo-fino\/\" data-pin-media=\"https:\/\/flawlesshair.com\/wp-content\/uploads\/2025\/02\/Textured-Pixie-with-Tapered-Sides.jpg\" data-pin-description=\"33 Light And Airy Haircuts That Give Thin Hair A Volume Boost\" rel=\"nofollow noopener\" target=\"_blank\"> <\/a><\/div><\/div><figcaption class=\"wp-element-caption\"><a href=\"https:\/\/www.instagram.com\/latesthair\/p\/C2dCfGlP_EK\/\" target=\"_blank\" rel=\"noopener noreferrer nofollow\">\u00a9 latesthair<\/a><\/figcaption><\/figure>\n\n\n\n<p>Um corte de cabelo pixie texturizado com lados afilados d\u00e1 um toque divertido e jovem ao cabelo fino. Este corte apresenta um cabelo curto e em camadas na parte superior com lados gradualmente mais curtos, oferecendo uma apar\u00eancia chique e elegante. <\/p>\n\n\n\n<p>A texturiza\u00e7\u00e3o acrescenta movimento e volume, tornando-o uma escolha ideal para quem procura um penteado animado e cheio de vida.<\/p>\n\n\n\n<h2 class=\"wp-block-heading\">25. L\u00f3bulo sem corte<\/h2>\n\n\n\n<figure class=\"wp-block-image\"><div style=\"position: relative;\"><noscript><img decoding=\"async\" src=\"https:\/\/flawlesshair.com\/wp-content\/uploads\/2025\/02\/Blunt-Lob-4.jpg\" alt=\"L\u00f3bulo sem corte\"><\/noscript><img decoding=\"async\" src=\"https:\/\/flawlesshair.com\/wp-content\/uploads\/2025\/02\/Blunt-Lob-4.jpg\" alt=\"L\u00f3bulo sem corte\" width=\"300\" height=\"300\" id=\"mv-trellis-img-25\" loading=\"lazy\" class=\"lazyload\" data-trellis-processed=\"1\"><div style=\"position: absolute; top: 0.5rem; right: 0.75rem;\"> <a href=\"https:\/\/www.pinterest.com\/pin\/create\/button\/\" data-pin-do=\"buttonPin\" data-pin-tall=\"true\" data-pin-url=\"https:\/\/flawlesshair.com\/pt\/cortes-de-cabelo-leves-e-arejados-que-aumentam-o-volume-do-cabelo-fino\/\" data-pin-media=\"https:\/\/flawlesshair.com\/wp-content\/uploads\/2025\/02\/Blunt-Lob-4.jpg\" data-pin-description=\"33 Light And Airy Haircuts That Give Thin Hair A Volume Boost\" rel=\"nofollow noopener\" target=\"_blank\"> <\/a><\/div><\/div><figcaption class=\"wp-element-caption\"><a href=\"https:\/\/www.instagram.com\/beautybybrittneydunne\/p\/C5JJA9uLSTs\/?locale=en-GB&amp;hl=en\" target=\"_blank\" rel=\"noopener noreferrer nofollow\">\u00a9 beautybybrittneydunne<\/a><\/figcaption><\/figure>\n\n\n\n<p>Um lob sem corte combina a simplicidade de um corte sem corte com o comprimento de um lob, oferecendo um look elegante e polido. <\/p>\n\n\n\n<p>Este estilo aumenta o volume, mantendo a densidade nas pontas, o que o torna ideal para cabelos finos. \u00c9 um corte de cabelo vers\u00e1til que se adapta a v\u00e1rias formas de rosto, oferecendo eleg\u00e2ncia e modernidade.<\/p>\n\n\n\n<h2 class=\"wp-block-heading\">26. Corte Quiff esculpido<\/h2>\n\n\n\n<figure class=\"wp-block-image\"><div style=\"position: relative;\"><noscript><img decoding=\"async\" src=\"https:\/\/flawlesshair.com\/wp-content\/uploads\/2025\/02\/Sculpted-Quiff-Cut.jpg\" alt=\"Corte Quiff esculpido\"><\/noscript><img decoding=\"async\" src=\"https:\/\/flawlesshair.com\/wp-content\/uploads\/2025\/02\/Sculpted-Quiff-Cut.jpg\" alt=\"Corte Quiff esculpido\" width=\"300\" height=\"300\" id=\"mv-trellis-img-26\" loading=\"lazy\" class=\"lazyload\" data-trellis-processed=\"1\"><div style=\"position: absolute; top: 0.5rem; right: 0.75rem;\"> <a href=\"https:\/\/www.pinterest.com\/pin\/create\/button\/\" data-pin-do=\"buttonPin\" data-pin-tall=\"true\" data-pin-url=\"https:\/\/flawlesshair.com\/pt\/cortes-de-cabelo-leves-e-arejados-que-aumentam-o-volume-do-cabelo-fino\/\" data-pin-media=\"https:\/\/flawlesshair.com\/wp-content\/uploads\/2025\/02\/Sculpted-Quiff-Cut.jpg\" data-pin-description=\"33 Light And Airy Haircuts That Give Thin Hair A Volume Boost\" rel=\"nofollow noopener\" target=\"_blank\"> <\/a><\/div><\/div><figcaption class=\"wp-element-caption\"><a href=\"https:\/\/www.instagram.com\/pivotpointintl\/p\/B8PG1tNJLP1\/\" target=\"_blank\" rel=\"noopener noreferrer nofollow\">\u00a9 pivotpointintl<\/a><\/figcaption><\/figure>\n\n\n\n<p>O corte quiff esculpido oferece um aspeto din\u00e2mico e volumoso, ideal para dar dimens\u00e3o aos cabelos finos. <\/p>\n\n\n\n<p>Este corte de cabelo apresenta um cabelo mais comprido no topo e mais curto nos lados e atr\u00e1s, criando um contraste dram\u00e1tico que chama a aten\u00e7\u00e3o para o volume do topo.<\/p>\n\n\n\n<h2 class=\"wp-block-heading\">27. Bob invertido<\/h2>\n\n\n\n<figure class=\"wp-block-image\"><div style=\"position: relative;\"><noscript><img decoding=\"async\" src=\"https:\/\/flawlesshair.com\/wp-content\/uploads\/2025\/02\/Inverted-Bob-16.jpg\" alt=\"Bob invertido\"><\/noscript><img decoding=\"async\" src=\"https:\/\/flawlesshair.com\/wp-content\/uploads\/2025\/02\/Inverted-Bob-16.jpg\" alt=\"Bob invertido\" width=\"300\" height=\"300\" id=\"mv-trellis-img-27\" loading=\"lazy\" class=\"lazyload\" data-trellis-processed=\"1\"><div style=\"position: absolute; top: 0.5rem; right: 0.75rem;\"> <a href=\"https:\/\/www.pinterest.com\/pin\/create\/button\/\" data-pin-do=\"buttonPin\" data-pin-tall=\"true\" data-pin-url=\"https:\/\/flawlesshair.com\/pt\/cortes-de-cabelo-leves-e-arejados-que-aumentam-o-volume-do-cabelo-fino\/\" data-pin-media=\"https:\/\/flawlesshair.com\/wp-content\/uploads\/2025\/02\/Inverted-Bob-16.jpg\" data-pin-description=\"33 Light And Airy Haircuts That Give Thin Hair A Volume Boost\" rel=\"nofollow noopener\" target=\"_blank\"> <\/a><\/div><\/div><figcaption class=\"wp-element-caption\"><a href=\"https:\/\/www.instagram.com\/unicorn_graffiti\/p\/CuYp0Y-O-v6\/\" target=\"_blank\" rel=\"noopener noreferrer nofollow\">\u00a9 unicorn_graffiti<\/a><\/figcaption><\/figure>\n\n\n\n<p>O bob invertido apresenta camadas frontais mais compridas que encurtam gradualmente para tr\u00e1s, criando uma silhueta chique e volumosa. <\/p>\n\n\n\n<p>Este estilo \u00e9 perfeito para dar profundidade e dimens\u00e3o ao cabelo fino. Oferece um look moderno e sofisticado que \u00e9 simultaneamente elegante e f\u00e1cil de manter, adequado para qualquer ocasi\u00e3o.<\/p>\n\n\n\n<h2 class=\"wp-block-heading\">28. Bob em camadas suave<\/h2>\n\n\n\n<figure class=\"wp-block-image\"><div style=\"position: relative;\"><noscript><img decoding=\"async\" src=\"https:\/\/flawlesshair.com\/wp-content\/uploads\/2025\/02\/Soft-Layered-Bob-6.jpg\" alt=\"Bob em camadas macio\"><\/noscript><img decoding=\"async\" src=\"https:\/\/flawlesshair.com\/wp-content\/uploads\/2025\/02\/Soft-Layered-Bob-6.jpg\" alt=\"Bob em camadas macio\" width=\"300\" height=\"300\" id=\"mv-trellis-img-28\" loading=\"lazy\" class=\"lazyload\" data-trellis-processed=\"1\"><div style=\"position: absolute; top: 0.5rem; right: 0.75rem;\"> <a href=\"https:\/\/www.pinterest.com\/pin\/create\/button\/\" data-pin-do=\"buttonPin\" data-pin-tall=\"true\" data-pin-url=\"https:\/\/flawlesshair.com\/pt\/cortes-de-cabelo-leves-e-arejados-que-aumentam-o-volume-do-cabelo-fino\/\" data-pin-media=\"https:\/\/flawlesshair.com\/wp-content\/uploads\/2025\/02\/Soft-Layered-Bob-6.jpg\" data-pin-description=\"33 Light And Airy Haircuts That Give Thin Hair A Volume Boost\" rel=\"nofollow noopener\" target=\"_blank\"> <\/a><\/div><\/div><figcaption class=\"wp-element-caption\"><a href=\"https:\/\/www.instagram.com\/deladoeshair\/p\/DB_xHSNuL8_\/\" target=\"_blank\" rel=\"noopener noreferrer nofollow\">\u00a9 deladoeshair<\/a><\/figcaption><\/figure>\n\n\n\n<p>O bob com camadas suaves \u00e9 uma escolha intemporal para quem tem cabelo fino. Ao incorporar camadas suaves, este corte de cabelo acrescenta dimens\u00e3o e movimento, fazendo com que o seu cabelo pare\u00e7a mais cheio. <\/p>\n\n\n\n<p>As camadas devem ser subtis, para evitar o risco de parecerem picotadas, mas suficientemente significativas para real\u00e7ar a textura.<\/p>\n\n\n\n<h2 class=\"wp-block-heading\">29. Tainha moderna<\/h2>\n\n\n\n<figure class=\"wp-block-image\"><div style=\"position: relative;\"><noscript><img decoding=\"async\" src=\"https:\/\/flawlesshair.com\/wp-content\/uploads\/2025\/02\/Modern-Mullet-25.jpg\" alt=\"Tainha moderna\"><\/noscript><img decoding=\"async\" src=\"https:\/\/flawlesshair.com\/wp-content\/uploads\/2025\/02\/Modern-Mullet-25.jpg\" alt=\"Tainha moderna\" width=\"300\" height=\"300\" id=\"mv-trellis-img-29\" loading=\"lazy\" class=\"lazyload\" data-trellis-processed=\"1\"><div style=\"position: absolute; top: 0.5rem; right: 0.75rem;\"> <a href=\"https:\/\/www.pinterest.com\/pin\/create\/button\/\" data-pin-do=\"buttonPin\" data-pin-tall=\"true\" data-pin-url=\"https:\/\/flawlesshair.com\/pt\/cortes-de-cabelo-leves-e-arejados-que-aumentam-o-volume-do-cabelo-fino\/\" data-pin-media=\"https:\/\/flawlesshair.com\/wp-content\/uploads\/2025\/02\/Modern-Mullet-25.jpg\" data-pin-description=\"33 Light And Airy Haircuts That Give Thin Hair A Volume Boost\" rel=\"nofollow noopener\" target=\"_blank\"> <\/a><\/div><\/div><figcaption class=\"wp-element-caption\"><a href=\"https:\/\/www.instagram.com\/sapiathebarber\/p\/DDuTPhAxTln\/\" target=\"_blank\" rel=\"noopener noreferrer nofollow\">\u00a9 sapiathebarber<\/a><\/figcaption><\/figure>\n\n\n\n<p>O mullet moderno \u00e9 uma escolha arrojada para quem procura dar volume e personalidade ao seu cabelo fino. Com camadas mais curtas em cima e mais compridas atr\u00e1s, este estilo oferece um look arrojado e \u00fanico. <\/p>\n\n\n\n<p>\u00c9 perfeito para mostrar um estilo individual e abra\u00e7ar uma vibra\u00e7\u00e3o divertida e rebelde.<\/p>\n\n\n\n<h2 class=\"wp-block-heading\">30. Ondas de Hollywood<\/h2>\n\n\n\n<figure class=\"wp-block-image\"><div style=\"position: relative;\"><noscript><img decoding=\"async\" src=\"https:\/\/flawlesshair.com\/wp-content\/uploads\/2025\/02\/Hollywood-Waves-2.jpg\" alt=\"Ondas de Hollywood\"><\/noscript><img decoding=\"async\" src=\"https:\/\/flawlesshair.com\/wp-content\/uploads\/2025\/02\/Hollywood-Waves-2.jpg\" alt=\"Ondas de Hollywood\" width=\"300\" height=\"300\" id=\"mv-trellis-img-30\" loading=\"lazy\" class=\"lazyload\" data-trellis-processed=\"1\"><div style=\"position: absolute; top: 0.5rem; right: 0.75rem;\"> <a href=\"https:\/\/www.pinterest.com\/pin\/create\/button\/\" data-pin-do=\"buttonPin\" data-pin-tall=\"true\" data-pin-url=\"https:\/\/flawlesshair.com\/pt\/cortes-de-cabelo-leves-e-arejados-que-aumentam-o-volume-do-cabelo-fino\/\" data-pin-media=\"https:\/\/flawlesshair.com\/wp-content\/uploads\/2025\/02\/Hollywood-Waves-2.jpg\" data-pin-description=\"33 Light And Airy Haircuts That Give Thin Hair A Volume Boost\" rel=\"nofollow noopener\" target=\"_blank\"> <\/a><\/div><\/div><figcaption class=\"wp-element-caption\"><a href=\"https:\/\/www.instagram.com\/lena_kacho\/p\/CxQQJCRLnJl\/\" target=\"_blank\" rel=\"noopener noreferrer nofollow\">\u00a9 lena_kacho<\/a><\/figcaption><\/figure>\n\n\n\n<p>As ondas de Hollywood s\u00e3o sin\u00f3nimo de glamour e volume, proporcionando um look encorpado ideal para cabelos finos. Estas ondas suaves e estruturadas conferem eleg\u00e2ncia e sofistica\u00e7\u00e3o, sendo perfeitas para eventos formais. <\/p>\n\n\n\n<p>Este estilo intemporal real\u00e7a a beleza natural do cabelo, fazendo com que pare\u00e7a mais espesso e mais volumoso.<\/p>\n\n\n\n<h2 class=\"wp-block-heading\">31. Corte inferior curto<\/h2>\n\n\n\n<figure class=\"wp-block-image\"><div style=\"position: relative;\"><noscript><img decoding=\"async\" src=\"https:\/\/flawlesshair.com\/wp-content\/uploads\/2025\/02\/Short-Undercut-3.jpg\" alt=\"Corte inferior curto\"><\/noscript><img decoding=\"async\" src=\"https:\/\/flawlesshair.com\/wp-content\/uploads\/2025\/02\/Short-Undercut-3.jpg\" alt=\"Corte inferior curto\" width=\"300\" height=\"300\" id=\"mv-trellis-img-31\" loading=\"lazy\" class=\"lazyload\" data-trellis-processed=\"1\"><div style=\"position: absolute; top: 0.5rem; right: 0.75rem;\"> <a href=\"https:\/\/www.pinterest.com\/pin\/create\/button\/\" data-pin-do=\"buttonPin\" data-pin-tall=\"true\" data-pin-url=\"https:\/\/flawlesshair.com\/pt\/cortes-de-cabelo-leves-e-arejados-que-aumentam-o-volume-do-cabelo-fino\/\" data-pin-media=\"https:\/\/flawlesshair.com\/wp-content\/uploads\/2025\/02\/Short-Undercut-3.jpg\" data-pin-description=\"33 Light And Airy Haircuts That Give Thin Hair A Volume Boost\" rel=\"nofollow noopener\" target=\"_blank\"> <\/a><\/div><\/div><figcaption class=\"wp-element-caption\"><a href=\"https:\/\/www.instagram.com\/hairmakesupbee\/p\/CdgRCJdOXqG\/\" target=\"_blank\" rel=\"noopener noreferrer nofollow\">\u00a9 hairmakesupbee<\/a><\/figcaption><\/figure>\n\n\n\n<p>O undercut curto oferece uma op\u00e7\u00e3o ousada e volumosa para cabelos finos. Ao manter os lados curtos e o topo comprido, cria contraste e volume. <\/p>\n\n\n\n<p>Este estilo \u00e9 f\u00e1cil de manter e \u00e9 perfeito para quem procura um visual arrojado e moderno, cheio de car\u00e1cter e de arestas.<\/p>\n\n\n\n<h2 class=\"wp-block-heading\">32. Bob de linha A elegante<\/h2>\n\n\n\n<figure class=\"wp-block-image\"><div style=\"position: relative;\"><noscript><img decoding=\"async\" src=\"https:\/\/flawlesshair.com\/wp-content\/uploads\/2025\/02\/Sleek-A-Line-Bob-4.jpg\" alt=\"Bob de linha A elegante\"><\/noscript><img decoding=\"async\" src=\"https:\/\/flawlesshair.com\/wp-content\/uploads\/2025\/02\/Sleek-A-Line-Bob-4.jpg\" alt=\"Bob de linha A elegante\" width=\"300\" height=\"300\" id=\"mv-trellis-img-32\" loading=\"lazy\" class=\"lazyload\" data-trellis-processed=\"1\"><div style=\"position: absolute; top: 0.5rem; right: 0.75rem;\"> <a href=\"https:\/\/www.pinterest.com\/pin\/create\/button\/\" data-pin-do=\"buttonPin\" data-pin-tall=\"true\" data-pin-url=\"https:\/\/flawlesshair.com\/pt\/cortes-de-cabelo-leves-e-arejados-que-aumentam-o-volume-do-cabelo-fino\/\" data-pin-media=\"https:\/\/flawlesshair.com\/wp-content\/uploads\/2025\/02\/Sleek-A-Line-Bob-4.jpg\" data-pin-description=\"33 Light And Airy Haircuts That Give Thin Hair A Volume Boost\" rel=\"nofollow noopener\" target=\"_blank\"> <\/a><\/div><\/div><figcaption class=\"wp-element-caption\"><a href=\"https:\/\/www.instagram.com\/sai_swathii\/p\/CyqgXXArfI2\/\" target=\"_blank\" rel=\"noopener noreferrer nofollow\">\u00a9 sai_swathii<\/a><\/figcaption><\/figure>\n\n\n\n<p>O elegante corte A-line bob \u00e9 uma escolha intemporal que aumenta o volume com o seu corte estrat\u00e9gico. <\/p>\n\n\n\n<p>Este estilo \u00e9 caracterizado por um cabelo mais comprido \u00e0 frente que se torna gradualmente mais curto para tr\u00e1s, criando uma silhueta angular que favorece v\u00e1rias formas de rosto. <\/p>\n\n\n\n<h2 class=\"wp-block-heading\">33. Corte midi despenteado<\/h2>\n\n\n\n<figure class=\"wp-block-image\"><div style=\"position: relative;\"><noscript><img decoding=\"async\" src=\"https:\/\/flawlesshair.com\/wp-content\/uploads\/2025\/02\/Tousled-Midi-Cut.jpg\" alt=\"Corte midi despenteado\"><\/noscript><img decoding=\"async\" src=\"https:\/\/flawlesshair.com\/wp-content\/uploads\/2025\/02\/Tousled-Midi-Cut.jpg\" alt=\"Corte midi despenteado\" width=\"300\" height=\"300\" id=\"mv-trellis-img-33\" loading=\"lazy\" class=\"lazyload\" data-trellis-processed=\"1\"><div style=\"position: absolute; top: 0.5rem; right: 0.75rem;\"> <a href=\"https:\/\/www.pinterest.com\/pin\/create\/button\/\" data-pin-do=\"buttonPin\" data-pin-tall=\"true\" data-pin-url=\"https:\/\/flawlesshair.com\/pt\/cortes-de-cabelo-leves-e-arejados-que-aumentam-o-volume-do-cabelo-fino\/\" data-pin-media=\"https:\/\/flawlesshair.com\/wp-content\/uploads\/2025\/02\/Tousled-Midi-Cut.jpg\" data-pin-description=\"33 Light And Airy Haircuts That Give Thin Hair A Volume Boost\" rel=\"nofollow noopener\" target=\"_blank\"> <\/a><\/div><\/div><figcaption class=\"wp-element-caption\"><a href=\"https:\/\/www.instagram.com\/marydoesmyhair\/p\/CVv9Nuopx_W\/\" target=\"_blank\" rel=\"noopener noreferrer nofollow\">\u00a9 marydoesmyhair<\/a><\/figcaption><\/figure>\n\n\n\n<p>O corte midi despenteado \u00e9 perfeito para conseguir um estilo despreocupado e sem esfor\u00e7o. Este corte de cabelo de comprimento m\u00e9dio oferece uma est\u00e9tica descontra\u00edda ao mesmo tempo que proporciona bastante volume ao cabelo fino. <\/p>\n\n\n\n<p>O efeito desgrenhado \u00e9 conseguido atrav\u00e9s de camadas estrat\u00e9gicas, dando ao cabelo um aspeto saltitante e vivo.<\/p>","protected":false},"excerpt":{"rendered":"<p>Descubra o poder transformador do corte de cabelo correto para dar ao cabelo fino um impulso volumoso. Estes penteados cuidadosamente selecionados oferecem leveza e movimento, tornando o cabelo ...<\/p>","protected":false},"author":5,"featured_media":132600,"comment_status":"closed","ping_status":"closed","sticky":false,"template":"","format":"standard","meta":{"syndication_tool_enabled":true,"syndication_tool_title":"","syndication_tool_excerpt":"","syndication_tool_featured_image":0,"syndication_tool_publish_date":"","syndication_tool_schema_types":["gallery"],"syndication_tool_backlink_enable":false,"syndication_tool_ai_disclosure_enable":false,"disable-in-feed":false,"article-schema-type":"","disable-critical-css":false,"footnotes":""},"categories":[25],"tags":[],"class_list":["post-132599","post","type-post","status-publish","format-standard","has-post-thumbnail","hentry","category-cuts"],"_links":{"self":[{"href":"https:\/\/flawlesshair.com\/pt\/wp-json\/wp\/v2\/posts\/132599","targetHints":{"allow":["GET"]}}],"collection":[{"href":"https:\/\/flawlesshair.com\/pt\/wp-json\/wp\/v2\/posts"}],"about":[{"href":"https:\/\/flawlesshair.com\/pt\/wp-json\/wp\/v2\/types\/post"}],"author":[{"embeddable":true,"href":"https:\/\/flawlesshair.com\/pt\/wp-json\/wp\/v2\/users\/5"}],"replies":[{"embeddable":true,"href":"https:\/\/flawlesshair.com\/pt\/wp-json\/wp\/v2\/comments?post=132599"}],"version-history":[{"count":0,"href":"https:\/\/flawlesshair.com\/pt\/wp-json\/wp\/v2\/posts\/132599\/revisions"}],"wp:featuredmedia":[{"embeddable":true,"href":"https:\/\/flawlesshair.com\/pt\/wp-json\/wp\/v2\/media\/132600"}],"wp:attachment":[{"href":"https:\/\/flawlesshair.com\/pt\/wp-json\/wp\/v2\/media?parent=132599"}],"wp:term":[{"taxonomy":"category","embeddable":true,"href":"https:\/\/flawlesshair.com\/pt\/wp-json\/wp\/v2\/categories?post=132599"},{"taxonomy":"post_tag","embeddable":true,"href":"https:\/\/flawlesshair.com\/pt\/wp-json\/wp\/v2\/tags?post=132599"}],"curies":[{"name":"wp","href":"https:\/\/api.w.org\/{rel}","templated":true}]}}