{"id":149149,"date":"2025-03-04T23:15:00","date_gmt":"2025-03-04T22:15:00","guid":{"rendered":"https:\/\/flawlesshair.com\/?p=149149"},"modified":"2025-03-04T10:03:06","modified_gmt":"2025-03-04T09:03:06","slug":"cortes-de-cabelo-para-elevar-o-seu-estilo","status":"publish","type":"post","link":"https:\/\/flawlesshair.com\/pt\/cortes-de-cabelo-para-elevar-o-seu-estilo\/","title":{"rendered":"15 cortes de cabelo arrojados que far\u00e3o sobressair o seu lado rebelde e mais alguns que deixar\u00e3o toda a gente sem palavras"},"content":{"rendered":"<style>img#mv-trellis-img-1::before{padding-top:100%; }img#mv-trellis-img-1{display:block;}img#mv-trellis-img-2::before{padding-top:100%; }img#mv-trellis-img-2{display:block;}img#mv-trellis-img-3::before{padding-top:100%; }img#mv-trellis-img-3{display:block;}img#mv-trellis-img-4::before{padding-top:100%; }img#mv-trellis-img-4{display:block;}img#mv-trellis-img-5::before{padding-top:100%; }img#mv-trellis-img-5{display:block;}img#mv-trellis-img-6::before{padding-top:100%; }img#mv-trellis-img-6{display:block;}img#mv-trellis-img-7::before{padding-top:100%; }img#mv-trellis-img-7{display:block;}img#mv-trellis-img-8::before{padding-top:100%; }img#mv-trellis-img-8{display:block;}img#mv-trellis-img-9::before{padding-top:100%; }img#mv-trellis-img-9{display:block;}img#mv-trellis-img-10::before{padding-top:100%; }img#mv-trellis-img-10{display:block;}img#mv-trellis-img-11::before{padding-top:100%; }img#mv-trellis-img-11{display:block;}img#mv-trellis-img-12::before{padding-top:100%; }img#mv-trellis-img-12{display:block;}img#mv-trellis-img-13::before{padding-top:100%; }img#mv-trellis-img-13{display:block;}img#mv-trellis-img-14::before{padding-top:100%; }img#mv-trellis-img-14{display:block;}img#mv-trellis-img-15::before{padding-top:100%; }img#mv-trellis-img-15{display:block;}img#mv-trellis-img-16::before{padding-top:100%; }img#mv-trellis-img-16{display:block;}img#mv-trellis-img-17::before{padding-top:100%; }img#mv-trellis-img-17{display:block;}img#mv-trellis-img-18::before{padding-top:100%; }img#mv-trellis-img-18{display:block;}img#mv-trellis-img-19::before{padding-top:100%; }img#mv-trellis-img-19{display:block;}img#mv-trellis-img-20::before{padding-top:100%; }img#mv-trellis-img-20{display:block;}img#mv-trellis-img-21::before{padding-top:100%; }img#mv-trellis-img-21{display:block;}img#mv-trellis-img-22::before{padding-top:100%; }img#mv-trellis-img-22{display:block;}img#mv-trellis-img-23::before{padding-top:100%; }img#mv-trellis-img-23{display:block;}img#mv-trellis-img-24::before{padding-top:100%; }img#mv-trellis-img-24{display:block;}img#mv-trellis-img-25::before{padding-top:100%; }img#mv-trellis-img-25{display:block;}img#mv-trellis-img-26::before{padding-top:100%; }img#mv-trellis-img-26{display:block;}img#mv-trellis-img-27::before{padding-top:100%; }img#mv-trellis-img-27{display:block;}img#mv-trellis-img-28::before{padding-top:100%; }img#mv-trellis-img-28{display:block;}img#mv-trellis-img-29::before{padding-top:100%; }img#mv-trellis-img-29{display:block;}img#mv-trellis-img-30::before{padding-top:100%; }img#mv-trellis-img-30{display:block;}<\/style>\n<p>Os cortes de cabelo podem transformar o seu aspeto e aumentar a sua confian\u00e7a. Desde cortes cl\u00e1ssicos a estilos modernos, escolher o corte de cabelo certo \u00e9 essencial para expressar a sua personalidade. Explore estes 30 cortes de cabelo diversos para encontrar o estilo perfeito que eleva o seu visual.<\/p>\n\n\n\n<h2 class=\"wp-block-heading\">1. Corte Pixie<\/h2>\n\n\n\n<figure class=\"wp-block-image\"><div style=\"position: relative;\"><noscript><img decoding=\"async\" src=\"https:\/\/flawlesshair.com\/wp-content\/uploads\/2025\/03\/30-Haircuts-To-Elevate-Your-Style-1.jpg\" alt=\"Corte Pixie\"><\/noscript><img decoding=\"async\" src=\"data:image\/svg+xml,%3Csvg%20xmlns='http:\/\/www.w3.org\/2000\/svg'%20viewBox='0%200%20300%20300'%3E%3Crect%20width='300'%20height='300'%20style='fill:%23e3e3e3'\/%3E%3C\/svg%3E\" alt=\"Corte Pixie\" width=\"300\" height=\"300\" id=\"mv-trellis-img-1\" loading=\"eager\" data-src=\"https:\/\/flawlesshair.com\/wp-content\/uploads\/2025\/03\/30-Haircuts-To-Elevate-Your-Style-1.jpg\" class=\"eager-load\" data-svg=\"1\" data-trellis-processed=\"1\"><div style=\"position: absolute; top: 0.5rem; right: 0.75rem;\"> <a href=\"https:\/\/www.pinterest.com\/pin\/create\/button\/\" data-pin-do=\"buttonPin\" data-pin-tall=\"true\" data-pin-url=\"https:\/\/flawlesshair.com\/pt\/cortes-de-cabelo-para-elevar-o-seu-estilo\/\" data-pin-media=\"https:\/\/flawlesshair.com\/wp-content\/uploads\/2025\/03\/30-Haircuts-To-Elevate-Your-Style-1.jpg\" data-pin-description=\"15 Bold Haircuts That Will Bring Out Your Rebellious Side And Some More That&rsquo;ll Leave Everyone Speechless\" rel=\"nofollow noopener\" target=\"_blank\"> <\/a><\/div><\/div><figcaption class=\"wp-element-caption\">\n                <a href=\"https:\/\/www.instagram.com\/passingwhimsies\/p\/CoXiNR4OWjQ\/\" target=\"_blank\" rel=\"noopener noreferrer nofollow\">\u00a9 passingwhimsies<\/a><\/figcaption><\/figure>\n\n\n\n<p>A <a href=\"https:\/\/flawlesshair.com\/pt\/ideias-de-cortes-pixie-chiques-que-estao-a-conquistar-2025\/\" data-type=\"link\" data-id=\"https:\/\/flawlesshair.com\/chic-pixie-cut-ideas-taking-over-2025\/\">corte pixie <\/a>oferece um estilo fresco e arrojado. Perfeito para quem procura uma manuten\u00e7\u00e3o reduzida mas com grande impacto. Penteado com um gel ou com um toque de cera, revela e acentua as carater\u00edsticas faciais de forma magn\u00edfica.<\/p>\n\n\n\n<h2 class=\"wp-block-heading\">2. Corte de Bob<\/h2>\n\n\n\n<figure class=\"wp-block-image\"><div style=\"position: relative;\"><noscript><img decoding=\"async\" src=\"https:\/\/flawlesshair.com\/wp-content\/uploads\/2025\/03\/Pixie-Cut-3.jpg\" alt=\"Bob Cut\"><\/noscript><img decoding=\"async\" src=\"https:\/\/flawlesshair.com\/wp-content\/uploads\/2025\/03\/Pixie-Cut-3.jpg\" alt=\"Bob Cut\" width=\"300\" height=\"300\" id=\"mv-trellis-img-2\" loading=\"lazy\" class=\"lazyload\" data-trellis-processed=\"1\"><div style=\"position: absolute; top: 0.5rem; right: 0.75rem;\"> <a href=\"https:\/\/www.pinterest.com\/pin\/create\/button\/\" data-pin-do=\"buttonPin\" data-pin-tall=\"true\" data-pin-url=\"https:\/\/flawlesshair.com\/pt\/cortes-de-cabelo-para-elevar-o-seu-estilo\/\" data-pin-media=\"https:\/\/flawlesshair.com\/wp-content\/uploads\/2025\/03\/Pixie-Cut-3.jpg\" data-pin-description=\"15 Bold Haircuts That Will Bring Out Your Rebellious Side And Some More That&rsquo;ll Leave Everyone Speechless\" rel=\"nofollow noopener\" target=\"_blank\"> <\/a><\/div><\/div><figcaption class=\"wp-element-caption\">\n                <a href=\"https:\/\/www.instagram.com\/yenedamtew\/p\/CfXvGGIMbgd\/\" target=\"_blank\" rel=\"noopener noreferrer nofollow\">\u00a9 yenedamtew<\/a><\/figcaption><\/figure>\n\n\n\n<p>O<a href=\"https:\/\/flawlesshair.com\/pt\/cortes-bob-modernos-para-mulheres-com-mais-de-40-anos\/\" data-type=\"link\" data-id=\"https:\/\/flawlesshair.com\/modern-bob-cuts-for-women-over-40\/\"> corte bob<\/a> \u00e9 um cl\u00e1ssico intemporal. A sua versatilidade adapta-se a qualquer idade e formato de rosto. Quer seja liso ou ondulado, confere eleg\u00e2ncia e sofistica\u00e7\u00e3o.<\/p>\n\n\n\n<h2 class=\"wp-block-heading\">3. Corte em camadas<\/h2>\n\n\n\n<figure class=\"wp-block-image\"><div style=\"position: relative;\"><noscript><img decoding=\"async\" src=\"https:\/\/flawlesshair.com\/wp-content\/uploads\/2025\/03\/Bob-Cut.jpg\" alt=\"Corte em camadas\"><\/noscript><img decoding=\"async\" src=\"https:\/\/flawlesshair.com\/wp-content\/uploads\/2025\/03\/Bob-Cut.jpg\" alt=\"Corte em camadas\" width=\"300\" height=\"300\" id=\"mv-trellis-img-3\" loading=\"lazy\" class=\"lazyload\" data-trellis-processed=\"1\"><div style=\"position: absolute; top: 0.5rem; right: 0.75rem;\"> <a href=\"https:\/\/www.pinterest.com\/pin\/create\/button\/\" data-pin-do=\"buttonPin\" data-pin-tall=\"true\" data-pin-url=\"https:\/\/flawlesshair.com\/pt\/cortes-de-cabelo-para-elevar-o-seu-estilo\/\" data-pin-media=\"https:\/\/flawlesshair.com\/wp-content\/uploads\/2025\/03\/Bob-Cut.jpg\" data-pin-description=\"15 Bold Haircuts That Will Bring Out Your Rebellious Side And Some More That&rsquo;ll Leave Everyone Speechless\" rel=\"nofollow noopener\" target=\"_blank\"> <\/a><\/div><\/div><figcaption class=\"wp-element-caption\">\n                <a href=\"https:\/\/www.instagram.com\/sintia_la\/p\/C3B-E52LZJx\/\" target=\"_blank\" rel=\"noopener noreferrer nofollow\">\u00a9 sintia_la<\/a><\/figcaption><\/figure>\n\n\n\n<p>As camadas d\u00e3o volume e movimento ao cabelo. Ideal para cabelos finos, cria uma ilus\u00e3o de espessura. As camadas podem emoldurar o rosto, real\u00e7ando as suas melhores carater\u00edsticas.<\/p>\n\n\n\n<h2 class=\"wp-block-heading\">4. Corte inferior<\/h2>\n\n\n\n<figure class=\"wp-block-image\"><div style=\"position: relative;\"><noscript><img decoding=\"async\" src=\"https:\/\/flawlesshair.com\/wp-content\/uploads\/2025\/03\/Layered-Cut.jpg\" alt=\"Corte inferior\"><\/noscript><img decoding=\"async\" src=\"https:\/\/flawlesshair.com\/wp-content\/uploads\/2025\/03\/Layered-Cut.jpg\" alt=\"Corte inferior\" width=\"300\" height=\"300\" id=\"mv-trellis-img-4\" loading=\"lazy\" class=\"lazyload\" data-trellis-processed=\"1\"><div style=\"position: absolute; top: 0.5rem; right: 0.75rem;\"> <a href=\"https:\/\/www.pinterest.com\/pin\/create\/button\/\" data-pin-do=\"buttonPin\" data-pin-tall=\"true\" data-pin-url=\"https:\/\/flawlesshair.com\/pt\/cortes-de-cabelo-para-elevar-o-seu-estilo\/\" data-pin-media=\"https:\/\/flawlesshair.com\/wp-content\/uploads\/2025\/03\/Layered-Cut.jpg\" data-pin-description=\"15 Bold Haircuts That Will Bring Out Your Rebellious Side And Some More That&rsquo;ll Leave Everyone Speechless\" rel=\"nofollow noopener\" target=\"_blank\"> <\/a><\/div><\/div><figcaption class=\"wp-element-caption\">\n                <a href=\"https:\/\/www.instagram.com\/hairbymatt\/p\/CxiL21-rkh-\/\" target=\"_blank\" rel=\"noopener noreferrer nofollow\">\u00a9 hairbymatt<\/a><\/figcaption><\/figure>\n\n\n\n<p>O undercut \u00e9 arrojado e moderno. Os lados raspados e o topo mais comprido oferecem contraste e estilo. F\u00e1cil de manter, adapta-se a qualquer pessoa que se atreva a destacar-se.<\/p>\n\n\n\n<h2 class=\"wp-block-heading\">5. Corte Shag<\/h2>\n\n\n\n<figure class=\"wp-block-image\"><div style=\"position: relative;\"><noscript><img decoding=\"async\" src=\"https:\/\/flawlesshair.com\/wp-content\/uploads\/2025\/03\/Undercut-1.jpg\" alt=\"Corte Shag\"><\/noscript><img decoding=\"async\" src=\"https:\/\/flawlesshair.com\/wp-content\/uploads\/2025\/03\/Undercut-1.jpg\" alt=\"Corte Shag\" width=\"300\" height=\"300\" id=\"mv-trellis-img-5\" loading=\"lazy\" class=\"lazyload\" data-trellis-processed=\"1\"><div style=\"position: absolute; top: 0.5rem; right: 0.75rem;\"> <a href=\"https:\/\/www.pinterest.com\/pin\/create\/button\/\" data-pin-do=\"buttonPin\" data-pin-tall=\"true\" data-pin-url=\"https:\/\/flawlesshair.com\/pt\/cortes-de-cabelo-para-elevar-o-seu-estilo\/\" data-pin-media=\"https:\/\/flawlesshair.com\/wp-content\/uploads\/2025\/03\/Undercut-1.jpg\" data-pin-description=\"15 Bold Haircuts That Will Bring Out Your Rebellious Side And Some More That&rsquo;ll Leave Everyone Speechless\" rel=\"nofollow noopener\" target=\"_blank\"> <\/a><\/div><\/div><figcaption class=\"wp-element-caption\">\n                <a href=\"https:\/\/www.instagram.com\/hirohair\/p\/Cx06Pn-PPTU\/\" target=\"_blank\" rel=\"noopener noreferrer nofollow\">\u00a9 hirohair<\/a><\/figcaption><\/figure>\n\n\n\n<p>O <a href=\"https:\/\/flawlesshair.com\/pt\/cabelo-fino-despenteado\/\" data-type=\"link\" data-id=\"https:\/\/flawlesshair.com\/thin-hair-shag\/\">corte em xadrez<\/a> traz de volta as vibra\u00e7\u00f5es retro. As camadas cortadas e a franja conferem textura e volume. \u00c9 desarrumado mas com estilo, excelente para quem gosta de um look descontra\u00eddo.<\/p>\n\n\n\n<h2 class=\"wp-block-heading\">6. Corte \u00e0 escovinha<\/h2>\n\n\n\n<figure class=\"wp-block-image\"><div style=\"position: relative;\"><noscript><img decoding=\"async\" src=\"https:\/\/flawlesshair.com\/wp-content\/uploads\/2025\/03\/Shag-Cut.jpg\" alt=\"Corte \u00e0 escovinha\"><\/noscript><img decoding=\"async\" src=\"https:\/\/flawlesshair.com\/wp-content\/uploads\/2025\/03\/Shag-Cut.jpg\" alt=\"Corte \u00e0 escovinha\" width=\"300\" height=\"300\" id=\"mv-trellis-img-6\" loading=\"lazy\" class=\"lazyload\" data-trellis-processed=\"1\"><div style=\"position: absolute; top: 0.5rem; right: 0.75rem;\"> <a href=\"https:\/\/www.pinterest.com\/pin\/create\/button\/\" data-pin-do=\"buttonPin\" data-pin-tall=\"true\" data-pin-url=\"https:\/\/flawlesshair.com\/pt\/cortes-de-cabelo-para-elevar-o-seu-estilo\/\" data-pin-media=\"https:\/\/flawlesshair.com\/wp-content\/uploads\/2025\/03\/Shag-Cut.jpg\" data-pin-description=\"15 Bold Haircuts That Will Bring Out Your Rebellious Side And Some More That&rsquo;ll Leave Everyone Speechless\" rel=\"nofollow noopener\" target=\"_blank\"> <\/a><\/div><\/div><figcaption class=\"wp-element-caption\">\n                <a href=\"https:\/\/www.instagram.com\/_chianny_\/p\/Cinl62GJ_Sk\/\" target=\"_blank\" rel=\"noopener noreferrer nofollow\">\u00a9 _chianny_<\/a><\/figcaption><\/figure>\n\n\n\n<p>Simples, elegante, o <a href=\"https:\/\/flawlesshair.com\/pt\/corte-a-escovinha-2\/\" data-type=\"link\" data-id=\"https:\/\/flawlesshair.com\/buzz-cut\/\">corte \u00e0 escovinha<\/a> \u00e9 um estilo sem complica\u00e7\u00f5es. Ideal para o tempo quente ou estilos de vida activos, \u00e9 de baixa manuten\u00e7\u00e3o.<\/p>\n\n\n\n<h2 class=\"wp-block-heading\">7. Pompadour<\/h2>\n\n\n\n<figure class=\"wp-block-image\"><div style=\"position: relative;\"><noscript><img decoding=\"async\" src=\"https:\/\/flawlesshair.com\/wp-content\/uploads\/2025\/03\/Buzz-Cut-2.jpg\" alt=\"Pompadour\"><\/noscript><img decoding=\"async\" src=\"https:\/\/flawlesshair.com\/wp-content\/uploads\/2025\/03\/Buzz-Cut-2.jpg\" alt=\"Pompadour\" width=\"300\" height=\"300\" id=\"mv-trellis-img-7\" loading=\"lazy\" class=\"lazyload\" data-trellis-processed=\"1\"><div style=\"position: absolute; top: 0.5rem; right: 0.75rem;\"> <a href=\"https:\/\/www.pinterest.com\/pin\/create\/button\/\" data-pin-do=\"buttonPin\" data-pin-tall=\"true\" data-pin-url=\"https:\/\/flawlesshair.com\/pt\/cortes-de-cabelo-para-elevar-o-seu-estilo\/\" data-pin-media=\"https:\/\/flawlesshair.com\/wp-content\/uploads\/2025\/03\/Buzz-Cut-2.jpg\" data-pin-description=\"15 Bold Haircuts That Will Bring Out Your Rebellious Side And Some More That&rsquo;ll Leave Everyone Speechless\" rel=\"nofollow noopener\" target=\"_blank\"> <\/a><\/div><\/div><figcaption class=\"wp-element-caption\">\n                <a href=\"https:\/\/www.instagram.com\/ernestomeneses\/p\/C4yZLxAvK5I\/\" target=\"_blank\" rel=\"noopener noreferrer nofollow\">\u00a9 ernestomeneses<\/a><\/figcaption><\/figure>\n\n\n\n<p>O pompadour exala sofistica\u00e7\u00e3o e charme. A parte superior volumosa com lados curtos cria uma silhueta marcante. Adequado para ocasi\u00f5es formais ou passeios casuais, \u00e9 uma escolha vers\u00e1til.<\/p>\n\n\n\n<h2 class=\"wp-block-heading\">8. Franja encaracolada<\/h2>\n\n\n\n<figure class=\"wp-block-image\"><div style=\"position: relative;\"><noscript><img decoding=\"async\" src=\"https:\/\/flawlesshair.com\/wp-content\/uploads\/2025\/03\/Pompadour.jpg\" alt=\"Franja encaracolada\"><\/noscript><img decoding=\"async\" src=\"https:\/\/flawlesshair.com\/wp-content\/uploads\/2025\/03\/Pompadour.jpg\" alt=\"Franja encaracolada\" width=\"300\" height=\"300\" id=\"mv-trellis-img-8\" loading=\"lazy\" class=\"lazyload\" data-trellis-processed=\"1\"><div style=\"position: absolute; top: 0.5rem; right: 0.75rem;\"> <a href=\"https:\/\/www.pinterest.com\/pin\/create\/button\/\" data-pin-do=\"buttonPin\" data-pin-tall=\"true\" data-pin-url=\"https:\/\/flawlesshair.com\/pt\/cortes-de-cabelo-para-elevar-o-seu-estilo\/\" data-pin-media=\"https:\/\/flawlesshair.com\/wp-content\/uploads\/2025\/03\/Pompadour.jpg\" data-pin-description=\"15 Bold Haircuts That Will Bring Out Your Rebellious Side And Some More That&rsquo;ll Leave Everyone Speechless\" rel=\"nofollow noopener\" target=\"_blank\"> <\/a><\/div><\/div><figcaption class=\"wp-element-caption\">\n                <a href=\"https:\/\/www.instagram.com\/hirohair\/p\/Cu7gGQlvqk2\/\" target=\"_blank\" rel=\"noopener noreferrer nofollow\">\u00a9 hirohair<\/a><\/figcaption><\/figure>\n\n\n\n<p>A franja encaracolada d\u00e1 um toque divertido ao cabelo encaracolado. A franja emoldura lindamente o rosto, acrescentando suavidade e charme. \u00c9 um look jovem e sedutor que se adapta a muitas formas de rosto.<\/p>\n\n\n\n<h2 class=\"wp-block-heading\">9. Bob assim\u00e9trico<\/h2>\n\n\n\n<figure class=\"wp-block-image\"><div style=\"position: relative;\"><noscript><img decoding=\"async\" src=\"https:\/\/flawlesshair.com\/wp-content\/uploads\/2025\/03\/Curly-Fringe-1.jpg\" alt=\"Bob assim\u00e9trico\"><\/noscript><img decoding=\"async\" src=\"https:\/\/flawlesshair.com\/wp-content\/uploads\/2025\/03\/Curly-Fringe-1.jpg\" alt=\"Bob assim\u00e9trico\" width=\"300\" height=\"300\" id=\"mv-trellis-img-9\" loading=\"lazy\" class=\"lazyload\" data-trellis-processed=\"1\"><div style=\"position: absolute; top: 0.5rem; right: 0.75rem;\"> <a href=\"https:\/\/www.pinterest.com\/pin\/create\/button\/\" data-pin-do=\"buttonPin\" data-pin-tall=\"true\" data-pin-url=\"https:\/\/flawlesshair.com\/pt\/cortes-de-cabelo-para-elevar-o-seu-estilo\/\" data-pin-media=\"https:\/\/flawlesshair.com\/wp-content\/uploads\/2025\/03\/Curly-Fringe-1.jpg\" data-pin-description=\"15 Bold Haircuts That Will Bring Out Your Rebellious Side And Some More That&rsquo;ll Leave Everyone Speechless\" rel=\"nofollow noopener\" target=\"_blank\"> <\/a><\/div><\/div><figcaption class=\"wp-element-caption\">\n                <a href=\"https:\/\/www.instagram.com\/christen_slaystylist\/p\/CB4gGkwAP7H\/\" target=\"_blank\" rel=\"noopener noreferrer nofollow\">\u00a9 christen_slaystylist<\/a><\/figcaption><\/figure>\n\n\n\n<p>Elegante e cheio de estilo, o <a href=\"https:\/\/flawlesshair.com\/pt\/bob-assimetrico\/\" data-type=\"link\" data-id=\"https:\/\/flawlesshair.com\/asymmetrical-bob\/\">bob assim\u00e9trico<\/a> acrescenta um toque moderno a um corte cl\u00e1ssico. Mais comprido de um lado, cria uma silhueta \u00fanica. Uma escolha arrojada com um toque de eleg\u00e2ncia.<\/p>\n\n\n\n<h2 class=\"wp-block-heading\">10. Corte em ta\u00e7a<\/h2>\n\n\n\n<figure class=\"wp-block-image\"><div style=\"position: relative;\"><noscript><img decoding=\"async\" src=\"https:\/\/flawlesshair.com\/wp-content\/uploads\/2025\/03\/Asymmetrical-Bob-9.jpg\" alt=\"Corte em ta\u00e7a\"><\/noscript><img decoding=\"async\" src=\"https:\/\/flawlesshair.com\/wp-content\/uploads\/2025\/03\/Asymmetrical-Bob-9.jpg\" alt=\"Corte em ta\u00e7a\" width=\"300\" height=\"300\" id=\"mv-trellis-img-10\" loading=\"lazy\" class=\"lazyload\" data-trellis-processed=\"1\"><div style=\"position: absolute; top: 0.5rem; right: 0.75rem;\"> <a href=\"https:\/\/www.pinterest.com\/pin\/create\/button\/\" data-pin-do=\"buttonPin\" data-pin-tall=\"true\" data-pin-url=\"https:\/\/flawlesshair.com\/pt\/cortes-de-cabelo-para-elevar-o-seu-estilo\/\" data-pin-media=\"https:\/\/flawlesshair.com\/wp-content\/uploads\/2025\/03\/Asymmetrical-Bob-9.jpg\" data-pin-description=\"15 Bold Haircuts That Will Bring Out Your Rebellious Side And Some More That&rsquo;ll Leave Everyone Speechless\" rel=\"nofollow noopener\" target=\"_blank\"> <\/a><\/div><\/div><figcaption class=\"wp-element-caption\">\n                <a href=\"https:\/\/www.instagram.com\/kat_leehair\/p\/CCOyZ0ph8bU\/\" target=\"_blank\" rel=\"noopener noreferrer nofollow\">\u00a9 kat_leehair<\/a><\/figcaption><\/figure>\n\n\n\n<p>O corte \u00e0 tigela, outrora retro, est\u00e1 agora de volta com um toque especial. \u00c9 um estilo \u00fanico que se adapta \u00e0s aventureiras. Excelente para quem gosta de fazer experi\u00eancias com o seu visual.<\/p>\n\n\n\n<h2 class=\"wp-block-heading\">11. Parte lateral<\/h2>\n\n\n\n<figure class=\"wp-block-image\"><div style=\"position: relative;\"><noscript><img decoding=\"async\" src=\"https:\/\/flawlesshair.com\/wp-content\/uploads\/2025\/03\/Bowl-Cut.jpg\" alt=\"Parte lateral\"><\/noscript><img decoding=\"async\" src=\"https:\/\/flawlesshair.com\/wp-content\/uploads\/2025\/03\/Bowl-Cut.jpg\" alt=\"Parte lateral\" width=\"300\" height=\"300\" id=\"mv-trellis-img-11\" loading=\"lazy\" class=\"lazyload\" data-trellis-processed=\"1\"><div style=\"position: absolute; top: 0.5rem; right: 0.75rem;\"> <a href=\"https:\/\/www.pinterest.com\/pin\/create\/button\/\" data-pin-do=\"buttonPin\" data-pin-tall=\"true\" data-pin-url=\"https:\/\/flawlesshair.com\/pt\/cortes-de-cabelo-para-elevar-o-seu-estilo\/\" data-pin-media=\"https:\/\/flawlesshair.com\/wp-content\/uploads\/2025\/03\/Bowl-Cut.jpg\" data-pin-description=\"15 Bold Haircuts That Will Bring Out Your Rebellious Side And Some More That&rsquo;ll Leave Everyone Speechless\" rel=\"nofollow noopener\" target=\"_blank\"> <\/a><\/div><\/div><figcaption class=\"wp-element-caption\">\n                <a href=\"https:\/\/www.instagram.com\/tamiastyles\/p\/Cmr1mNMpw2X\/\" target=\"_blank\" rel=\"noopener noreferrer nofollow\">\u00a9 tamiastyles<\/a><\/figcaption><\/figure>\n\n\n\n<p>A risca ao lado \u00e9 intemporal e profissional. Adapta-se a qualquer tipo de cabelo, conferindo-lhe sofistica\u00e7\u00e3o e eleg\u00e2ncia. Adequado para ambientes formais ou para uso di\u00e1rio.<\/p>\n\n\n\n<h2 class=\"wp-block-heading\">12. Corte inferior desligado<\/h2>\n\n\n\n<figure class=\"wp-block-image\"><div style=\"position: relative;\"><noscript><img decoding=\"async\" src=\"https:\/\/flawlesshair.com\/wp-content\/uploads\/2025\/03\/Side-Part.jpg\" alt=\"Corte inferior desligado\"><\/noscript><img decoding=\"async\" src=\"https:\/\/flawlesshair.com\/wp-content\/uploads\/2025\/03\/Side-Part.jpg\" alt=\"Corte inferior desligado\" width=\"300\" height=\"300\" id=\"mv-trellis-img-12\" loading=\"lazy\" class=\"lazyload\" data-trellis-processed=\"1\"><div style=\"position: absolute; top: 0.5rem; right: 0.75rem;\"> <a href=\"https:\/\/www.pinterest.com\/pin\/create\/button\/\" data-pin-do=\"buttonPin\" data-pin-tall=\"true\" data-pin-url=\"https:\/\/flawlesshair.com\/pt\/cortes-de-cabelo-para-elevar-o-seu-estilo\/\" data-pin-media=\"https:\/\/flawlesshair.com\/wp-content\/uploads\/2025\/03\/Side-Part.jpg\" data-pin-description=\"15 Bold Haircuts That Will Bring Out Your Rebellious Side And Some More That&rsquo;ll Leave Everyone Speechless\" rel=\"nofollow noopener\" target=\"_blank\"> <\/a><\/div><\/div><figcaption class=\"wp-element-caption\">\n                <a href=\"https:\/\/www.instagram.com\/egle_bee\/p\/DEiThegyO7O\/\" target=\"_blank\" rel=\"noopener noreferrer nofollow\">\u00a9 egle_bee<\/a><\/figcaption><\/figure>\n\n\n\n<p>Corajosos e ousados, os desconectados <a href=\"https:\/\/flawlesshair.com\/pt\/modelos-de-cortes-inferiores-ousados-para-mulher\/\" data-type=\"link\" data-id=\"https:\/\/flawlesshair.com\/edgy-undercut-designs-for-women\/\">subcotar<\/a> contrasta a parte superior longa com os lados raspados. \u00c9 uma reviravolta moderna nos estilos cl\u00e1ssicos, perfeita para os criadores de tend\u00eancias.<\/p>\n\n\n\n<h2 class=\"wp-block-heading\">13. Cultura texturizada<\/h2>\n\n\n\n<figure class=\"wp-block-image\"><div style=\"position: relative;\"><noscript><img decoding=\"async\" src=\"https:\/\/flawlesshair.com\/wp-content\/uploads\/2025\/03\/Disconnected-Undercut.jpg\" alt=\"Corte texturizado\"><\/noscript><img decoding=\"async\" src=\"https:\/\/flawlesshair.com\/wp-content\/uploads\/2025\/03\/Disconnected-Undercut.jpg\" alt=\"Corte texturizado\" width=\"300\" height=\"300\" id=\"mv-trellis-img-13\" loading=\"lazy\" class=\"lazyload\" data-trellis-processed=\"1\"><div style=\"position: absolute; top: 0.5rem; right: 0.75rem;\"> <a href=\"https:\/\/www.pinterest.com\/pin\/create\/button\/\" data-pin-do=\"buttonPin\" data-pin-tall=\"true\" data-pin-url=\"https:\/\/flawlesshair.com\/pt\/cortes-de-cabelo-para-elevar-o-seu-estilo\/\" data-pin-media=\"https:\/\/flawlesshair.com\/wp-content\/uploads\/2025\/03\/Disconnected-Undercut.jpg\" data-pin-description=\"15 Bold Haircuts That Will Bring Out Your Rebellious Side And Some More That&rsquo;ll Leave Everyone Speechless\" rel=\"nofollow noopener\" target=\"_blank\"> <\/a><\/div><\/div><figcaption class=\"wp-element-caption\">\n                <a href=\"https:\/\/www.instagram.com\/createcollectivehudson\/p\/DGdm8TTxbr_\/\" target=\"_blank\" rel=\"noopener noreferrer nofollow\">\u00a9 createcollectivehudson<\/a><\/figcaption><\/figure>\n\n\n\n<p>O corte texturizado \u00e9 um corte vers\u00e1til e moderno. Curto e em camadas, acrescenta textura e movimento. F\u00e1cil de pentear com o m\u00ednimo de produtos, \u00e9 ideal para manter um look fresco e jovem.<\/p>\n\n\n\n<h2 class=\"wp-block-heading\">14. Tainha<\/h2>\n\n\n\n<figure class=\"wp-block-image\"><div style=\"position: relative;\"><noscript><img decoding=\"async\" src=\"https:\/\/flawlesshair.com\/wp-content\/uploads\/2025\/03\/Textured-Crop.jpg\" alt=\"Tainha\"><\/noscript><img decoding=\"async\" src=\"https:\/\/flawlesshair.com\/wp-content\/uploads\/2025\/03\/Textured-Crop.jpg\" alt=\"Tainha\" width=\"300\" height=\"300\" id=\"mv-trellis-img-14\" loading=\"lazy\" class=\"lazyload\" data-trellis-processed=\"1\"><div style=\"position: absolute; top: 0.5rem; right: 0.75rem;\"> <a href=\"https:\/\/www.pinterest.com\/pin\/create\/button\/\" data-pin-do=\"buttonPin\" data-pin-tall=\"true\" data-pin-url=\"https:\/\/flawlesshair.com\/pt\/cortes-de-cabelo-para-elevar-o-seu-estilo\/\" data-pin-media=\"https:\/\/flawlesshair.com\/wp-content\/uploads\/2025\/03\/Textured-Crop.jpg\" data-pin-description=\"15 Bold Haircuts That Will Bring Out Your Rebellious Side And Some More That&rsquo;ll Leave Everyone Speechless\" rel=\"nofollow noopener\" target=\"_blank\"> <\/a><\/div><\/div><figcaption class=\"wp-element-caption\">\n                <a href=\"https:\/\/www.instagram.com\/devadoeshair\/p\/CrLuM6BLau0\/\" target=\"_blank\" rel=\"noopener noreferrer nofollow\">\u00a9 devadoeshair<\/a><\/figcaption><\/figure>\n\n\n\n<p>O <a href=\"https:\/\/flawlesshair.com\/pt\/corte-de-cabelo-mullet\/\" data-type=\"link\" data-id=\"https:\/\/flawlesshair.com\/mullet-haircut\/\">tainha<\/a> est\u00e1 de volta \u00e0 moda, oferecendo uma vibra\u00e7\u00e3o retro com actualiza\u00e7\u00f5es modernas. Curto \u00e0 frente e comprido atr\u00e1s, \u00e9 arrojado e divertido.<\/p>\n\n\n\n<h2 class=\"wp-block-heading\">15. Moicano<\/h2>\n\n\n\n<figure class=\"wp-block-image\"><div style=\"position: relative;\"><noscript><img decoding=\"async\" src=\"https:\/\/flawlesshair.com\/wp-content\/uploads\/2025\/03\/Mullet.jpg\" alt=\"Moicano\"><\/noscript><img decoding=\"async\" src=\"https:\/\/flawlesshair.com\/wp-content\/uploads\/2025\/03\/Mullet.jpg\" alt=\"Moicano\" width=\"300\" height=\"300\" id=\"mv-trellis-img-15\" loading=\"lazy\" class=\"lazyload\" data-trellis-processed=\"1\"><div style=\"position: absolute; top: 0.5rem; right: 0.75rem;\"> <a href=\"https:\/\/www.pinterest.com\/pin\/create\/button\/\" data-pin-do=\"buttonPin\" data-pin-tall=\"true\" data-pin-url=\"https:\/\/flawlesshair.com\/pt\/cortes-de-cabelo-para-elevar-o-seu-estilo\/\" data-pin-media=\"https:\/\/flawlesshair.com\/wp-content\/uploads\/2025\/03\/Mullet.jpg\" data-pin-description=\"15 Bold Haircuts That Will Bring Out Your Rebellious Side And Some More That&rsquo;ll Leave Everyone Speechless\" rel=\"nofollow noopener\" target=\"_blank\"> <\/a><\/div><\/div><figcaption class=\"wp-element-caption\">\n                <a href=\"https:\/\/www.instagram.com\/p\/B8NKrevpS1K\/\" target=\"_blank\" rel=\"noopener noreferrer nofollow\">\u00a9 dreamcutsbarberlounge<\/a><\/figcaption><\/figure>\n\n\n\n<p>O moicano \u00e9 um corte de cabelo arrojado e arrojado que faz uma afirma\u00e7\u00e3o onde quer que v\u00e1. Este corte de cabelo \u00e9 perfeito para aqueles que querem expressar a sua singularidade e destacar-se da multid\u00e3o.<\/p>\n\n\n\n<h2 class=\"wp-block-heading\">16. Franja de cortina<\/h2>\n\n\n\n<figure class=\"wp-block-image\"><div style=\"position: relative;\"><noscript><img decoding=\"async\" src=\"https:\/\/flawlesshair.com\/wp-content\/uploads\/2025\/03\/Mohawk.jpg\" alt=\"Franjas para cortinas\"><\/noscript><img decoding=\"async\" src=\"https:\/\/flawlesshair.com\/wp-content\/uploads\/2025\/03\/Mohawk.jpg\" alt=\"Franjas para cortinas\" width=\"300\" height=\"300\" id=\"mv-trellis-img-16\" loading=\"lazy\" class=\"lazyload\" data-trellis-processed=\"1\"><div style=\"position: absolute; top: 0.5rem; right: 0.75rem;\"> <a href=\"https:\/\/www.pinterest.com\/pin\/create\/button\/\" data-pin-do=\"buttonPin\" data-pin-tall=\"true\" data-pin-url=\"https:\/\/flawlesshair.com\/pt\/cortes-de-cabelo-para-elevar-o-seu-estilo\/\" data-pin-media=\"https:\/\/flawlesshair.com\/wp-content\/uploads\/2025\/03\/Mohawk.jpg\" data-pin-description=\"15 Bold Haircuts That Will Bring Out Your Rebellious Side And Some More That&rsquo;ll Leave Everyone Speechless\" rel=\"nofollow noopener\" target=\"_blank\"> <\/a><\/div><\/div><figcaption class=\"wp-element-caption\">\n                <a href=\"https:\/\/www.instagram.com\/ishadi_amanda\/p\/C_sNvHxISb1\/\" target=\"_blank\" rel=\"noopener noreferrer nofollow\">\u00a9 ishadi_amanda<\/a><\/figcaption><\/figure>\n\n\n\n<p><a href=\"https:\/\/flawlesshair.com\/pt\/os-penteados-mais-elegantes-com-franja-em-cortina\/\" data-type=\"link\" data-id=\"https:\/\/flawlesshair.com\/most-stylish-hairstyles-with-curtain-bangs\/\">Franja de cortina<\/a> enquadram o rosto de uma forma bonita, conferindo-lhe suavidade e charme. S\u00e3o vers\u00e1teis e adaptam-se a diferentes formas de rosto e tipos de cabelo.<\/p>\n\n\n\n<h2 class=\"wp-block-heading\">17. Fade alto<\/h2>\n\n\n\n<figure class=\"wp-block-image\"><div style=\"position: relative;\"><noscript><img decoding=\"async\" src=\"https:\/\/flawlesshair.com\/wp-content\/uploads\/2025\/03\/Curtain-Bangs-2.jpg\" alt=\"Desvanecimento elevado\"><\/noscript><img decoding=\"async\" src=\"https:\/\/flawlesshair.com\/wp-content\/uploads\/2025\/03\/Curtain-Bangs-2.jpg\" alt=\"Desvanecimento elevado\" width=\"300\" height=\"300\" id=\"mv-trellis-img-17\" loading=\"lazy\" class=\"lazyload\" data-trellis-processed=\"1\"><div style=\"position: absolute; top: 0.5rem; right: 0.75rem;\"> <a href=\"https:\/\/www.pinterest.com\/pin\/create\/button\/\" data-pin-do=\"buttonPin\" data-pin-tall=\"true\" data-pin-url=\"https:\/\/flawlesshair.com\/pt\/cortes-de-cabelo-para-elevar-o-seu-estilo\/\" data-pin-media=\"https:\/\/flawlesshair.com\/wp-content\/uploads\/2025\/03\/Curtain-Bangs-2.jpg\" data-pin-description=\"15 Bold Haircuts That Will Bring Out Your Rebellious Side And Some More That&rsquo;ll Leave Everyone Speechless\" rel=\"nofollow noopener\" target=\"_blank\"> <\/a><\/div><\/div><figcaption class=\"wp-element-caption\">\n                <a href=\"https:\/\/www.instagram.com\/dreamcutsbarberlounge\/p\/CvVhMIcLTBb\/\" target=\"_blank\" rel=\"noopener noreferrer nofollow\">\u00a9 dreamcutsbarberlounge<\/a><\/figcaption><\/figure>\n\n\n\n<p>A descolora\u00e7\u00e3o alta \u00e9 moderna e elegante. A transi\u00e7\u00e3o dram\u00e1tica do longo para o curto acrescenta interesse e vantagem. Adequado para v\u00e1rios estilos, complementa qualquer textura de cabelo.<\/p>\n\n\n\n<h2 class=\"wp-block-heading\">18. Bob encaracolado<\/h2>\n\n\n\n<figure class=\"wp-block-image\"><div style=\"position: relative;\"><noscript><img decoding=\"async\" src=\"https:\/\/flawlesshair.com\/wp-content\/uploads\/2025\/03\/High-Fade.jpg\" alt=\"Bob encaracolado\"><\/noscript><img decoding=\"async\" src=\"https:\/\/flawlesshair.com\/wp-content\/uploads\/2025\/03\/High-Fade.jpg\" alt=\"Bob encaracolado\" width=\"300\" height=\"300\" id=\"mv-trellis-img-18\" loading=\"lazy\" class=\"lazyload\" data-trellis-processed=\"1\"><div style=\"position: absolute; top: 0.5rem; right: 0.75rem;\"> <a href=\"https:\/\/www.pinterest.com\/pin\/create\/button\/\" data-pin-do=\"buttonPin\" data-pin-tall=\"true\" data-pin-url=\"https:\/\/flawlesshair.com\/pt\/cortes-de-cabelo-para-elevar-o-seu-estilo\/\" data-pin-media=\"https:\/\/flawlesshair.com\/wp-content\/uploads\/2025\/03\/High-Fade.jpg\" data-pin-description=\"15 Bold Haircuts That Will Bring Out Your Rebellious Side And Some More That&rsquo;ll Leave Everyone Speechless\" rel=\"nofollow noopener\" target=\"_blank\"> <\/a><\/div><\/div><figcaption class=\"wp-element-caption\">\n                <a href=\"https:\/\/www.instagram.com\/hollygirldoeshair\/p\/CJXrBcjDPUu\/\" target=\"_blank\" rel=\"noopener noreferrer nofollow\">\u00a9 hollygirldoeshair<\/a><\/figcaption><\/figure>\n\n\n\n<p>O <a href=\"https:\/\/flawlesshair.com\/pt\/cabelo-encaracolado-3\/\" data-type=\"link\" data-id=\"https:\/\/flawlesshair.com\/curly-bob\/\">cabelo encaracolado<\/a> \u00e9 divertido e chique. Perfeito para quem tem carac\u00f3is naturais, abra\u00e7a a textura e o movimento.<\/p>\n\n\n\n<h2 class=\"wp-block-heading\">19. Bob sem corte<\/h2>\n\n\n\n<figure class=\"wp-block-image\"><div style=\"position: relative;\"><noscript><img decoding=\"async\" src=\"https:\/\/flawlesshair.com\/wp-content\/uploads\/2025\/03\/Curly-Bob-3.jpg\" alt=\"Bob sem corte\"><\/noscript><img decoding=\"async\" src=\"https:\/\/flawlesshair.com\/wp-content\/uploads\/2025\/03\/Curly-Bob-3.jpg\" alt=\"Bob sem corte\" width=\"300\" height=\"300\" id=\"mv-trellis-img-19\" loading=\"lazy\" class=\"lazyload\" data-trellis-processed=\"1\"><div style=\"position: absolute; top: 0.5rem; right: 0.75rem;\"> <a href=\"https:\/\/www.pinterest.com\/pin\/create\/button\/\" data-pin-do=\"buttonPin\" data-pin-tall=\"true\" data-pin-url=\"https:\/\/flawlesshair.com\/pt\/cortes-de-cabelo-para-elevar-o-seu-estilo\/\" data-pin-media=\"https:\/\/flawlesshair.com\/wp-content\/uploads\/2025\/03\/Curly-Bob-3.jpg\" data-pin-description=\"15 Bold Haircuts That Will Bring Out Your Rebellious Side And Some More That&rsquo;ll Leave Everyone Speechless\" rel=\"nofollow noopener\" target=\"_blank\"> <\/a><\/div><\/div><figcaption class=\"wp-element-caption\">\n                <a href=\"https:\/\/www.instagram.com\/eastonhair\/p\/CsRTcTaJlEW\/\" target=\"_blank\" rel=\"noopener noreferrer nofollow\">\u00a9 eastonhair<\/a><\/figcaption><\/figure>\n\n\n\n<p>O<a href=\"https:\/\/flawlesshair.com\/pt\/corte-bob-sem-corte\/\" data-type=\"link\" data-id=\"https:\/\/flawlesshair.com\/blunt-cut-bob\/\"> bobina cega<\/a> \u00e9 elegante e sofisticado. Com um comprimento igual a toda a volta, cria uma silhueta vincada. Adequado para cabelos lisos ou ligeiramente ondulados, oferece eleg\u00e2ncia e estilo.<\/p>\n\n\n\n<h2 class=\"wp-block-heading\">20. Afro<\/h2>\n\n\n\n<figure class=\"wp-block-image\"><div style=\"position: relative;\"><noscript><img decoding=\"async\" src=\"https:\/\/flawlesshair.com\/wp-content\/uploads\/2025\/03\/Blunt-Bob-2.jpg\" alt=\"Afro\"><\/noscript><img decoding=\"async\" src=\"https:\/\/flawlesshair.com\/wp-content\/uploads\/2025\/03\/Blunt-Bob-2.jpg\" alt=\"Afro\" width=\"300\" height=\"300\" id=\"mv-trellis-img-20\" loading=\"lazy\" class=\"lazyload\" data-trellis-processed=\"1\"><div style=\"position: absolute; top: 0.5rem; right: 0.75rem;\"> <a href=\"https:\/\/www.pinterest.com\/pin\/create\/button\/\" data-pin-do=\"buttonPin\" data-pin-tall=\"true\" data-pin-url=\"https:\/\/flawlesshair.com\/pt\/cortes-de-cabelo-para-elevar-o-seu-estilo\/\" data-pin-media=\"https:\/\/flawlesshair.com\/wp-content\/uploads\/2025\/03\/Blunt-Bob-2.jpg\" data-pin-description=\"15 Bold Haircuts That Will Bring Out Your Rebellious Side And Some More That&rsquo;ll Leave Everyone Speechless\" rel=\"nofollow noopener\" target=\"_blank\"> <\/a><\/div><\/div><figcaption class=\"wp-element-caption\">\n                <a href=\"https:\/\/www.instagram.com\/afroprincesses\/reel\/CyFXTvIOo3o\/\" target=\"_blank\" rel=\"noopener noreferrer nofollow\">\u00a9 afroprincesses<\/a><\/figcaption><\/figure>\n\n\n\n<p>O afro celebra os carac\u00f3is e o volume naturais. Arrojado e bonito, abra\u00e7a a textura e a individualidade. Excelente para quem gosta de se destacar e expressar orgulho no seu cabelo natural.<\/p>\n\n\n\n<h2 class=\"wp-block-heading\">21. Corte com penas<\/h2>\n\n\n\n<figure class=\"wp-block-image\"><div style=\"position: relative;\"><noscript><img decoding=\"async\" src=\"https:\/\/flawlesshair.com\/wp-content\/uploads\/2025\/03\/Afro.jpg\" alt=\"Corte com penas\"><\/noscript><img decoding=\"async\" src=\"https:\/\/flawlesshair.com\/wp-content\/uploads\/2025\/03\/Afro.jpg\" alt=\"Corte com penas\" width=\"300\" height=\"300\" id=\"mv-trellis-img-21\" loading=\"lazy\" class=\"lazyload\" data-trellis-processed=\"1\"><div style=\"position: absolute; top: 0.5rem; right: 0.75rem;\"> <a href=\"https:\/\/www.pinterest.com\/pin\/create\/button\/\" data-pin-do=\"buttonPin\" data-pin-tall=\"true\" data-pin-url=\"https:\/\/flawlesshair.com\/pt\/cortes-de-cabelo-para-elevar-o-seu-estilo\/\" data-pin-media=\"https:\/\/flawlesshair.com\/wp-content\/uploads\/2025\/03\/Afro.jpg\" data-pin-description=\"15 Bold Haircuts That Will Bring Out Your Rebellious Side And Some More That&rsquo;ll Leave Everyone Speechless\" rel=\"nofollow noopener\" target=\"_blank\"> <\/a><\/div><\/div><figcaption class=\"wp-element-caption\">\n                <a href=\"https:\/\/www.instagram.com\/pradeepk171\/p\/COSiGObJDDP\/\" target=\"_blank\" rel=\"noopener noreferrer nofollow\">\u00a9 pradeepk171<\/a><\/figcaption><\/figure>\n\n\n\n<p>O<a href=\"https:\/\/flawlesshair.com\/pt\/22-cortes-de-cabelo-com-penas-para-cabelos-finos\/\" data-type=\"link\" data-id=\"https:\/\/flawlesshair.com\/22-feathered-haircuts-for-thin-hair\/\"> corte com penas<\/a> acrescenta suavidade e textura. As camadas criam volume e movimento, dando uma sensa\u00e7\u00e3o de leveza e arejamento. Ideal para cabelos lisos ou ondulados, oferece um aspeto jovem.<\/p>\n\n\n\n<h2 class=\"wp-block-heading\">22. Cultura francesa<\/h2>\n\n\n\n<figure class=\"wp-block-image\"><div style=\"position: relative;\"><noscript><img decoding=\"async\" src=\"https:\/\/flawlesshair.com\/wp-content\/uploads\/2025\/03\/Feathered-Cut.jpg\" alt=\"Corte franc\u00eas\"><\/noscript><img decoding=\"async\" src=\"https:\/\/flawlesshair.com\/wp-content\/uploads\/2025\/03\/Feathered-Cut.jpg\" alt=\"Corte franc\u00eas\" width=\"300\" height=\"300\" id=\"mv-trellis-img-22\" loading=\"lazy\" class=\"lazyload\" data-trellis-processed=\"1\"><div style=\"position: absolute; top: 0.5rem; right: 0.75rem;\"> <a href=\"https:\/\/www.pinterest.com\/pin\/create\/button\/\" data-pin-do=\"buttonPin\" data-pin-tall=\"true\" data-pin-url=\"https:\/\/flawlesshair.com\/pt\/cortes-de-cabelo-para-elevar-o-seu-estilo\/\" data-pin-media=\"https:\/\/flawlesshair.com\/wp-content\/uploads\/2025\/03\/Feathered-Cut.jpg\" data-pin-description=\"15 Bold Haircuts That Will Bring Out Your Rebellious Side And Some More That&rsquo;ll Leave Everyone Speechless\" rel=\"nofollow noopener\" target=\"_blank\"> <\/a><\/div><\/div><figcaption class=\"wp-element-caption\">\n                <a href=\"https:\/\/www.instagram.com\/joelhiatt_hair\/p\/CzRM-YzumNS\/\" target=\"_blank\" rel=\"noopener noreferrer nofollow\">\u00a9 joelhiatt_hair<\/a><\/figcaption><\/figure>\n\n\n\n<p>O corte franc\u00eas \u00e9 f\u00e1cil de manter, exigindo apenas um penteado r\u00e1pido ou um toque de produto para pentear. \u00c9 uma \u00f3ptima escolha para quem procura combinar estilo com comodidade.<\/p>\n\n\n\n<h2 class=\"wp-block-heading\">23. Camadas compridas<\/h2>\n\n\n\n<figure class=\"wp-block-image\"><div style=\"position: relative;\"><noscript><img decoding=\"async\" src=\"https:\/\/flawlesshair.com\/wp-content\/uploads\/2025\/03\/French-Crop.jpg\" alt=\"Camadas longas\"><\/noscript><img decoding=\"async\" src=\"https:\/\/flawlesshair.com\/wp-content\/uploads\/2025\/03\/French-Crop.jpg\" alt=\"Camadas longas\" width=\"300\" height=\"300\" id=\"mv-trellis-img-23\" loading=\"lazy\" class=\"lazyload\" data-trellis-processed=\"1\"><div style=\"position: absolute; top: 0.5rem; right: 0.75rem;\"> <a href=\"https:\/\/www.pinterest.com\/pin\/create\/button\/\" data-pin-do=\"buttonPin\" data-pin-tall=\"true\" data-pin-url=\"https:\/\/flawlesshair.com\/pt\/cortes-de-cabelo-para-elevar-o-seu-estilo\/\" data-pin-media=\"https:\/\/flawlesshair.com\/wp-content\/uploads\/2025\/03\/French-Crop.jpg\" data-pin-description=\"15 Bold Haircuts That Will Bring Out Your Rebellious Side And Some More That&rsquo;ll Leave Everyone Speechless\" rel=\"nofollow noopener\" target=\"_blank\"> <\/a><\/div><\/div><figcaption class=\"wp-element-caption\">\n                <a href=\"https:\/\/www.instagram.com\/theory_studioforhair\/p\/C5zdbEeJ08I\/\" target=\"_blank\" rel=\"noopener noreferrer nofollow\">\u00a9 theory_studioforhair<\/a><\/figcaption><\/figure>\n\n\n\n<p>As camadas longas d\u00e3o dimens\u00e3o ao cabelo comprido. Criam movimento e fluidez, \u00f3timo para quem adora volume. Crie um penteado com ondas ou mantenha-o liso para diferentes vibra\u00e7\u00f5es.<\/p>\n\n\n\n<h2 class=\"wp-block-heading\">24. L\u00f3bulo ondulado<\/h2>\n\n\n\n<figure class=\"wp-block-image\"><div style=\"position: relative;\"><noscript><img decoding=\"async\" src=\"https:\/\/flawlesshair.com\/wp-content\/uploads\/2025\/03\/Long-Layers-3.jpg\" alt=\"L\u00f3bulo ondulado\"><\/noscript><img decoding=\"async\" src=\"https:\/\/flawlesshair.com\/wp-content\/uploads\/2025\/03\/Long-Layers-3.jpg\" alt=\"L\u00f3bulo ondulado\" width=\"300\" height=\"300\" id=\"mv-trellis-img-24\" loading=\"lazy\" class=\"lazyload\" data-trellis-processed=\"1\"><div style=\"position: absolute; top: 0.5rem; right: 0.75rem;\"> <a href=\"https:\/\/www.pinterest.com\/pin\/create\/button\/\" data-pin-do=\"buttonPin\" data-pin-tall=\"true\" data-pin-url=\"https:\/\/flawlesshair.com\/pt\/cortes-de-cabelo-para-elevar-o-seu-estilo\/\" data-pin-media=\"https:\/\/flawlesshair.com\/wp-content\/uploads\/2025\/03\/Long-Layers-3.jpg\" data-pin-description=\"15 Bold Haircuts That Will Bring Out Your Rebellious Side And Some More That&rsquo;ll Leave Everyone Speechless\" rel=\"nofollow noopener\" target=\"_blank\"> <\/a><\/div><\/div><figcaption class=\"wp-element-caption\">\n                <a href=\"https:\/\/www.instagram.com\/raquelwelchwigs\/p\/C_88OhHpZ2U\/\" target=\"_blank\" rel=\"noopener noreferrer nofollow\">\u00a9 raquelwelchwigs<\/a><\/figcaption><\/figure>\n\n\n\n<p>O <a href=\"https:\/\/flawlesshair.com\/pt\/lobulo-ondulado\/#growSource=search&amp;growReferrer=true\" data-type=\"link\" data-id=\"https:\/\/flawlesshair.com\/wavy-lob\/#growSource=search&amp;growReferrer=true\">l\u00f3bulo ondulado <\/a>\u00e9 um estilo moderno e adapt\u00e1vel. Um bob comprido com ondas oferece um look descontra\u00eddo mas polido. Perfeito para quem gosta de eleg\u00e2ncia sem esfor\u00e7o.<\/p>\n\n\n\n<h2 class=\"wp-block-heading\">25. Bob Franja<\/h2>\n\n\n\n<figure class=\"wp-block-image\"><div style=\"position: relative;\"><noscript><img decoding=\"async\" src=\"https:\/\/flawlesshair.com\/wp-content\/uploads\/2025\/03\/Wavy-Lob-5.jpg\" alt=\"Bob Franja\"><\/noscript><img decoding=\"async\" src=\"https:\/\/flawlesshair.com\/wp-content\/uploads\/2025\/03\/Wavy-Lob-5.jpg\" alt=\"Bob Franja\" width=\"300\" height=\"300\" id=\"mv-trellis-img-25\" loading=\"lazy\" class=\"lazyload\" data-trellis-processed=\"1\"><div style=\"position: absolute; top: 0.5rem; right: 0.75rem;\"> <a href=\"https:\/\/www.pinterest.com\/pin\/create\/button\/\" data-pin-do=\"buttonPin\" data-pin-tall=\"true\" data-pin-url=\"https:\/\/flawlesshair.com\/pt\/cortes-de-cabelo-para-elevar-o-seu-estilo\/\" data-pin-media=\"https:\/\/flawlesshair.com\/wp-content\/uploads\/2025\/03\/Wavy-Lob-5.jpg\" data-pin-description=\"15 Bold Haircuts That Will Bring Out Your Rebellious Side And Some More That&rsquo;ll Leave Everyone Speechless\" rel=\"nofollow noopener\" target=\"_blank\"> <\/a><\/div><\/div><figcaption class=\"wp-element-caption\">\n                <a href=\"https:\/\/www.instagram.com\/chrisjones_hair\/p\/CAOics-J84u\/\" target=\"_blank\" rel=\"noopener noreferrer nofollow\">\u00a9 chrisjones_hair<\/a><\/figcaption><\/figure>\n\n\n\n<p>O bob com franja combina o bob cl\u00e1ssico com franja. Oferece uma est\u00e9tica jovem e divertida. Perfeito para quem procura um corte de cabelo elegante e manej\u00e1vel.<\/p>\n\n\n\n<h2 class=\"wp-block-heading\">26. Corte de pajem<\/h2>\n\n\n\n<figure class=\"wp-block-image\"><div style=\"position: relative;\"><noscript><img decoding=\"async\" src=\"https:\/\/flawlesshair.com\/wp-content\/uploads\/2025\/03\/Fringe-Bob.jpg\" alt=\"Corte \u00e0 rapazola\"><\/noscript><img decoding=\"async\" src=\"https:\/\/flawlesshair.com\/wp-content\/uploads\/2025\/03\/Fringe-Bob.jpg\" alt=\"Corte \u00e0 rapazola\" width=\"300\" height=\"300\" id=\"mv-trellis-img-26\" loading=\"lazy\" class=\"lazyload\" data-trellis-processed=\"1\"><div style=\"position: absolute; top: 0.5rem; right: 0.75rem;\"> <a href=\"https:\/\/www.pinterest.com\/pin\/create\/button\/\" data-pin-do=\"buttonPin\" data-pin-tall=\"true\" data-pin-url=\"https:\/\/flawlesshair.com\/pt\/cortes-de-cabelo-para-elevar-o-seu-estilo\/\" data-pin-media=\"https:\/\/flawlesshair.com\/wp-content\/uploads\/2025\/03\/Fringe-Bob.jpg\" data-pin-description=\"15 Bold Haircuts That Will Bring Out Your Rebellious Side And Some More That&rsquo;ll Leave Everyone Speechless\" rel=\"nofollow noopener\" target=\"_blank\"> <\/a><\/div><\/div><figcaption class=\"wp-element-caption\">\n                <a href=\"https:\/\/www.instagram.com\/leahbillingsby.hair\/p\/CzhAgezuitC\/\" target=\"_blank\" rel=\"noopener noreferrer nofollow\">\u00a9 leahbillingsby.hair<\/a><\/figcaption><\/figure>\n\n\n\n<p>O corte \u00e0 la pageboy \u00e9 um estilo cl\u00e1ssico que regressou com a sua forma redonda e elegante e a sua franja distinta. Este corte de cabelo \u00e9 excelente para quem quer um look manej\u00e1vel mas elegante.<\/p>\n\n\n\n<h2 class=\"wp-block-heading\">27. Extremidades invertidas<\/h2>\n\n\n\n<figure class=\"wp-block-image\"><div style=\"position: relative;\"><noscript><img decoding=\"async\" src=\"https:\/\/flawlesshair.com\/wp-content\/uploads\/2025\/03\/Pageboy-Cut.jpg\" alt=\"Extremidades invertidas\"><\/noscript><img decoding=\"async\" src=\"https:\/\/flawlesshair.com\/wp-content\/uploads\/2025\/03\/Pageboy-Cut.jpg\" alt=\"Extremidades invertidas\" width=\"300\" height=\"300\" id=\"mv-trellis-img-27\" loading=\"lazy\" class=\"lazyload\" data-trellis-processed=\"1\"><div style=\"position: absolute; top: 0.5rem; right: 0.75rem;\"> <a href=\"https:\/\/www.pinterest.com\/pin\/create\/button\/\" data-pin-do=\"buttonPin\" data-pin-tall=\"true\" data-pin-url=\"https:\/\/flawlesshair.com\/pt\/cortes-de-cabelo-para-elevar-o-seu-estilo\/\" data-pin-media=\"https:\/\/flawlesshair.com\/wp-content\/uploads\/2025\/03\/Pageboy-Cut.jpg\" data-pin-description=\"15 Bold Haircuts That Will Bring Out Your Rebellious Side And Some More That&rsquo;ll Leave Everyone Speechless\" rel=\"nofollow noopener\" target=\"_blank\"> <\/a><\/div><\/div><figcaption class=\"wp-element-caption\">\n                <a href=\"https:\/\/www.instagram.com\/fittshair\/p\/CacyyCjrde_\/\" target=\"_blank\" rel=\"noopener noreferrer nofollow\">\u00a9 fittshair<\/a><\/figcaption><\/figure>\n\n\n\n<p>As pontas viradas d\u00e3o um toque l\u00fadico e retro ao seu penteado. Este look \u00e9 uma reminisc\u00eancia dos anos 70 e d\u00e1 um toque de estilo ao cabelo de comprimento m\u00e9dio.<\/p>\n\n\n\n<h2 class=\"wp-block-heading\">28. Corte em V<\/h2>\n\n\n\n<figure class=\"wp-block-image\"><div style=\"position: relative;\"><noscript><img decoding=\"async\" src=\"https:\/\/flawlesshair.com\/wp-content\/uploads\/2025\/03\/Flipped-Ends-1.jpg\" alt=\"Corte em V\"><\/noscript><img decoding=\"async\" src=\"https:\/\/flawlesshair.com\/wp-content\/uploads\/2025\/03\/Flipped-Ends-1.jpg\" alt=\"Corte em V\" width=\"300\" height=\"300\" id=\"mv-trellis-img-28\" loading=\"lazy\" class=\"lazyload\" data-trellis-processed=\"1\"><div style=\"position: absolute; top: 0.5rem; right: 0.75rem;\"> <a href=\"https:\/\/www.pinterest.com\/pin\/create\/button\/\" data-pin-do=\"buttonPin\" data-pin-tall=\"true\" data-pin-url=\"https:\/\/flawlesshair.com\/pt\/cortes-de-cabelo-para-elevar-o-seu-estilo\/\" data-pin-media=\"https:\/\/flawlesshair.com\/wp-content\/uploads\/2025\/03\/Flipped-Ends-1.jpg\" data-pin-description=\"15 Bold Haircuts That Will Bring Out Your Rebellious Side And Some More That&rsquo;ll Leave Everyone Speechless\" rel=\"nofollow noopener\" target=\"_blank\"> <\/a><\/div><\/div><figcaption class=\"wp-element-caption\">\n                <a href=\"https:\/\/www.instagram.com\/hairwithmaria\/p\/C6u1uLqr2fL\/\" target=\"_blank\" rel=\"noopener noreferrer nofollow\">\u00a9 hairwithmaria<\/a><\/figcaption><\/figure>\n\n\n\n<p>O corte em V molda o cabelo num ponto dram\u00e1tico na parte de tr\u00e1s. Acentua lindamente as camadas, criando uma silhueta din\u00e2mica.<\/p>\n\n\n\n<h2 class=\"wp-block-heading\">29. Ondas despenteadas<\/h2>\n\n\n\n<figure class=\"wp-block-image\"><div style=\"position: relative;\"><noscript><img decoding=\"async\" src=\"https:\/\/flawlesshair.com\/wp-content\/uploads\/2025\/03\/V-Cut.jpg\" alt=\"Ondas despenteadas\"><\/noscript><img decoding=\"async\" src=\"https:\/\/flawlesshair.com\/wp-content\/uploads\/2025\/03\/V-Cut.jpg\" alt=\"Ondas despenteadas\" width=\"300\" height=\"300\" id=\"mv-trellis-img-29\" loading=\"lazy\" class=\"lazyload\" data-trellis-processed=\"1\"><div style=\"position: absolute; top: 0.5rem; right: 0.75rem;\"> <a href=\"https:\/\/www.pinterest.com\/pin\/create\/button\/\" data-pin-do=\"buttonPin\" data-pin-tall=\"true\" data-pin-url=\"https:\/\/flawlesshair.com\/pt\/cortes-de-cabelo-para-elevar-o-seu-estilo\/\" data-pin-media=\"https:\/\/flawlesshair.com\/wp-content\/uploads\/2025\/03\/V-Cut.jpg\" data-pin-description=\"15 Bold Haircuts That Will Bring Out Your Rebellious Side And Some More That&rsquo;ll Leave Everyone Speechless\" rel=\"nofollow noopener\" target=\"_blank\"> <\/a><\/div><\/div><figcaption class=\"wp-element-caption\">\n                <a href=\"https:\/\/www.instagram.com\/filomena_toniandguy\/reel\/DFFGLS5zC1L\/\" target=\"_blank\" rel=\"noopener noreferrer nofollow\">\u00a9 filomena_toniandguy<\/a><\/figcaption><\/figure>\n\n\n\n<p>O encanto das ondas despenteadas reside na sua vibra\u00e7\u00e3o chique sem esfor\u00e7o. Este estilo \u00e9 perfeito para quem procura um look descontra\u00eddo mas na moda.<\/p>\n\n\n\n<h2 class=\"wp-block-heading\">30. Cabe\u00e7a rapada<\/h2>\n\n\n\n<figure class=\"wp-block-image\"><div style=\"position: relative;\"><noscript><img decoding=\"async\" src=\"https:\/\/flawlesshair.com\/wp-content\/uploads\/2025\/03\/Tousled-Waves-6.jpg\" alt=\"Cabe\u00e7a rapada\"><\/noscript><img decoding=\"async\" src=\"https:\/\/flawlesshair.com\/wp-content\/uploads\/2025\/03\/Tousled-Waves-6.jpg\" alt=\"Cabe\u00e7a rapada\" width=\"300\" height=\"300\" id=\"mv-trellis-img-30\" loading=\"lazy\" class=\"lazyload\" data-trellis-processed=\"1\"><div style=\"position: absolute; top: 0.5rem; right: 0.75rem;\"> <a href=\"https:\/\/www.pinterest.com\/pin\/create\/button\/\" data-pin-do=\"buttonPin\" data-pin-tall=\"true\" data-pin-url=\"https:\/\/flawlesshair.com\/pt\/cortes-de-cabelo-para-elevar-o-seu-estilo\/\" data-pin-media=\"https:\/\/flawlesshair.com\/wp-content\/uploads\/2025\/03\/Tousled-Waves-6.jpg\" data-pin-description=\"15 Bold Haircuts That Will Bring Out Your Rebellious Side And Some More That&rsquo;ll Leave Everyone Speechless\" rel=\"nofollow noopener\" target=\"_blank\"> <\/a><\/div><\/div><figcaption class=\"wp-element-caption\">\n                <a href=\"https:\/\/www.instagram.com\/victory.gunn\/reel\/CbgGmaKlmRL\/\" target=\"_blank\" rel=\"noopener noreferrer nofollow\">\u00a9 victory.gunn<\/a><\/figcaption><\/figure>\n\n\n\n<p>A cabe\u00e7a rapada \u00e9 ousada e poderosa. Redefine os padr\u00f5es de beleza e real\u00e7a as carater\u00edsticas faciais. Ideal para quem procura simplicidade e for\u00e7a.<\/p>","protected":false},"excerpt":{"rendered":"<p>Os cortes de cabelo podem transformar o seu aspeto e aumentar a sua confian\u00e7a. Desde cortes cl\u00e1ssicos a estilos modernos, escolher o corte de cabelo certo \u00e9 essencial para expressar a sua personalidade. ...<\/p>","protected":false},"author":39,"featured_media":149148,"comment_status":"open","ping_status":"open","sticky":false,"template":"","format":"standard","meta":{"syndication_tool_enabled":true,"syndication_tool_title":"","syndication_tool_excerpt":"","syndication_tool_featured_image":0,"syndication_tool_publish_date":"","syndication_tool_schema_types":["gallery"],"syndication_tool_backlink_enable":false,"syndication_tool_ai_disclosure_enable":false,"disable-in-feed":false,"article-schema-type":"","disable-critical-css":false,"footnotes":""},"categories":[25],"tags":[],"class_list":["post-149149","post","type-post","status-publish","format-standard","has-post-thumbnail","hentry","category-cuts"],"_links":{"self":[{"href":"https:\/\/flawlesshair.com\/pt\/wp-json\/wp\/v2\/posts\/149149","targetHints":{"allow":["GET"]}}],"collection":[{"href":"https:\/\/flawlesshair.com\/pt\/wp-json\/wp\/v2\/posts"}],"about":[{"href":"https:\/\/flawlesshair.com\/pt\/wp-json\/wp\/v2\/types\/post"}],"author":[{"embeddable":true,"href":"https:\/\/flawlesshair.com\/pt\/wp-json\/wp\/v2\/users\/39"}],"replies":[{"embeddable":true,"href":"https:\/\/flawlesshair.com\/pt\/wp-json\/wp\/v2\/comments?post=149149"}],"version-history":[{"count":0,"href":"https:\/\/flawlesshair.com\/pt\/wp-json\/wp\/v2\/posts\/149149\/revisions"}],"wp:featuredmedia":[{"embeddable":true,"href":"https:\/\/flawlesshair.com\/pt\/wp-json\/wp\/v2\/media\/149148"}],"wp:attachment":[{"href":"https:\/\/flawlesshair.com\/pt\/wp-json\/wp\/v2\/media?parent=149149"}],"wp:term":[{"taxonomy":"category","embeddable":true,"href":"https:\/\/flawlesshair.com\/pt\/wp-json\/wp\/v2\/categories?post=149149"},{"taxonomy":"post_tag","embeddable":true,"href":"https:\/\/flawlesshair.com\/pt\/wp-json\/wp\/v2\/tags?post=149149"}],"curies":[{"name":"wp","href":"https:\/\/api.w.org\/{rel}","templated":true}]}}