{"id":23072,"date":"2025-01-24T20:50:00","date_gmt":"2025-01-24T19:50:00","guid":{"rendered":"https:\/\/flawlesshair.com\/?p=23072"},"modified":"2025-01-24T20:41:08","modified_gmt":"2025-01-24T19:41:08","slug":"cabelo-ruivo-e-preto","status":"publish","type":"post","link":"https:\/\/flawlesshair.com\/pt\/cabelo-ruivo-e-preto\/","title":{"rendered":"60 ideias modernas para cabelos ruivos e pretos"},"content":{"rendered":"<style>img#mv-trellis-img-1::before{padding-top:97.314814814815%; }img#mv-trellis-img-1{display:block;}img#mv-trellis-img-2::before{padding-top:125%; }img#mv-trellis-img-2{display:block;}img#mv-trellis-img-3::before{padding-top:125%; }img#mv-trellis-img-3{display:block;}img#mv-trellis-img-4::before{padding-top:125.09259259259%; }img#mv-trellis-img-4{display:block;}img#mv-trellis-img-5::before{padding-top:118.14814814815%; }img#mv-trellis-img-5{display:block;}img#mv-trellis-img-6::before{padding-top:124.35185185185%; }img#mv-trellis-img-6{display:block;}img#mv-trellis-img-7::before{padding-top:125%; }img#mv-trellis-img-7{display:block;}img#mv-trellis-img-8::before{padding-top:125%; }img#mv-trellis-img-8{display:block;}img#mv-trellis-img-9::before{padding-top:125%; }img#mv-trellis-img-9{display:block;}img#mv-trellis-img-10::before{padding-top:125%; }img#mv-trellis-img-10{display:block;}img#mv-trellis-img-11::before{padding-top:117.31481481481%; }img#mv-trellis-img-11{display:block;}img#mv-trellis-img-12::before{padding-top:125%; }img#mv-trellis-img-12{display:block;}img#mv-trellis-img-13::before{padding-top:112.40740740741%; }img#mv-trellis-img-13{display:block;}img#mv-trellis-img-14::before{padding-top:125%; }img#mv-trellis-img-14{display:block;}img#mv-trellis-img-15::before{padding-top:113.61111111111%; }img#mv-trellis-img-15{display:block;}img#mv-trellis-img-16::before{padding-top:125%; }img#mv-trellis-img-16{display:block;}img#mv-trellis-img-17::before{padding-top:100%; }img#mv-trellis-img-17{display:block;}img#mv-trellis-img-18::before{padding-top:124.44444444444%; }img#mv-trellis-img-18{display:block;}img#mv-trellis-img-19::before{padding-top:102.40740740741%; }img#mv-trellis-img-19{display:block;}img#mv-trellis-img-20::before{padding-top:125%; }img#mv-trellis-img-20{display:block;}img#mv-trellis-img-21::before{padding-top:119.25925925926%; }img#mv-trellis-img-21{display:block;}img#mv-trellis-img-22::before{padding-top:125%; }img#mv-trellis-img-22{display:block;}img#mv-trellis-img-23::before{padding-top:111.2962962963%; }img#mv-trellis-img-23{display:block;}img#mv-trellis-img-24::before{padding-top:124.90740740741%; }img#mv-trellis-img-24{display:block;}img#mv-trellis-img-25::before{padding-top:124.62962962963%; }img#mv-trellis-img-25{display:block;}img#mv-trellis-img-26::before{padding-top:125%; }img#mv-trellis-img-26{display:block;}img#mv-trellis-img-27::before{padding-top:110.74074074074%; }img#mv-trellis-img-27{display:block;}img#mv-trellis-img-28::before{padding-top:125%; }img#mv-trellis-img-28{display:block;}img#mv-trellis-img-29::before{padding-top:125%; }img#mv-trellis-img-29{display:block;}img#mv-trellis-img-30::before{padding-top:124.62962962963%; }img#mv-trellis-img-30{display:block;}img#mv-trellis-img-31::before{padding-top:125%; }img#mv-trellis-img-31{display:block;}img#mv-trellis-img-32::before{padding-top:113.24074074074%; }img#mv-trellis-img-32{display:block;}img#mv-trellis-img-33::before{padding-top:123.51851851852%; }img#mv-trellis-img-33{display:block;}img#mv-trellis-img-34::before{padding-top:123.24074074074%; }img#mv-trellis-img-34{display:block;}img#mv-trellis-img-35::before{padding-top:125%; }img#mv-trellis-img-35{display:block;}img#mv-trellis-img-36::before{padding-top:125%; }img#mv-trellis-img-36{display:block;}img#mv-trellis-img-37::before{padding-top:116.57407407407%; }img#mv-trellis-img-37{display:block;}img#mv-trellis-img-38::before{padding-top:119.16666666667%; }img#mv-trellis-img-38{display:block;}img#mv-trellis-img-39::before{padding-top:125%; }img#mv-trellis-img-39{display:block;}img#mv-trellis-img-40::before{padding-top:125%; }img#mv-trellis-img-40{display:block;}img#mv-trellis-img-41::before{padding-top:100%; }img#mv-trellis-img-41{display:block;}img#mv-trellis-img-42::before{padding-top:100%; }img#mv-trellis-img-42{display:block;}img#mv-trellis-img-43::before{padding-top:100%; }img#mv-trellis-img-43{display:block;}img#mv-trellis-img-44::before{padding-top:125%; }img#mv-trellis-img-44{display:block;}img#mv-trellis-img-45::before{padding-top:100%; }img#mv-trellis-img-45{display:block;}img#mv-trellis-img-46::before{padding-top:125%; }img#mv-trellis-img-46{display:block;}img#mv-trellis-img-47::before{padding-top:100%; }img#mv-trellis-img-47{display:block;}img#mv-trellis-img-48::before{padding-top:116.01851851852%; }img#mv-trellis-img-48{display:block;}img#mv-trellis-img-49::before{padding-top:113.51851851852%; }img#mv-trellis-img-49{display:block;}img#mv-trellis-img-50::before{padding-top:123.24074074074%; }img#mv-trellis-img-50{display:block;}img#mv-trellis-img-51::before{padding-top:125%; }img#mv-trellis-img-51{display:block;}img#mv-trellis-img-52::before{padding-top:115.64814814815%; }img#mv-trellis-img-52{display:block;}img#mv-trellis-img-53::before{padding-top:100%; }img#mv-trellis-img-53{display:block;}img#mv-trellis-img-54::before{padding-top:100%; }img#mv-trellis-img-54{display:block;}img#mv-trellis-img-55::before{padding-top:124.90740740741%; }img#mv-trellis-img-55{display:block;}img#mv-trellis-img-56::before{padding-top:125%; }img#mv-trellis-img-56{display:block;}img#mv-trellis-img-57::before{padding-top:125%; }img#mv-trellis-img-57{display:block;}img#mv-trellis-img-58::before{padding-top:100%; }img#mv-trellis-img-58{display:block;}img#mv-trellis-img-59::before{padding-top:125%; }img#mv-trellis-img-59{display:block;}img#mv-trellis-img-60::before{padding-top:125%; }img#mv-trellis-img-60{display:block;}<\/style>\n<p>Est\u00e1 com d\u00favidas e n\u00e3o consegue decidir entre o cabelo ruivo e o cabelo preto? Felizmente, tenho uma solu\u00e7\u00e3o para o seu problema: opte pela combina\u00e7\u00e3o de ambos! Desta forma, conseguir\u00e1 um penteado vers\u00e1til e o melhor das duas tonalidades. <\/p>\n\n\n\n<h2 class=\"wp-block-heading\">1. Cabelo curto preto e ruivo<\/h2>\n\n\n<div class=\"wp-block-image\">\n<figure class=\"aligncenter size-full\"><div style=\"position: relative;\"><noscript><img loading=\"lazy\" decoding=\"async\" width=\"1080\" height=\"1051\" src=\"https:\/\/flawlesshair.com\/wp-content\/uploads\/2023\/09\/black-and-red-short-hair.jpg\" alt=\"cabelo curto preto e ruivo\" class=\"wp-image-23113\" srcset=\"https:\/\/flawlesshair.com\/wp-content\/uploads\/2023\/09\/black-and-red-short-hair.jpg 1080w, https:\/\/flawlesshair.com\/wp-content\/uploads\/2023\/09\/black-and-red-short-hair-300x292.jpg 300w, https:\/\/flawlesshair.com\/wp-content\/uploads\/2023\/09\/black-and-red-short-hair-1024x997.jpg 1024w, https:\/\/flawlesshair.com\/wp-content\/uploads\/2023\/09\/black-and-red-short-hair-768x747.jpg 768w, https:\/\/flawlesshair.com\/wp-content\/uploads\/2023\/09\/black-and-red-short-hair-960x934.jpg 960w\" sizes=\"auto, (max-width: 760px) calc(100vw - 24px), 720px\"><\/noscript><img loading=\"eager\" decoding=\"async\" width=\"1080\" height=\"1051\" src=\"data:image\/svg+xml,%3Csvg%20xmlns='http:\/\/www.w3.org\/2000\/svg'%20viewBox='0%200%201080%201051'%3E%3Crect%20width='1080'%20height='1051'%20style='fill:%23e3e3e3'\/%3E%3C\/svg%3E\" alt=\"cabelo curto preto e ruivo\" class=\"wp-image-23113 eager-load\" sizes=\"auto, (max-width: 760px) calc(100vw - 24px), 720px\" data-pin-media=\"https:\/\/flawlesshair.com\/wp-content\/uploads\/2023\/09\/black-and-red-short-hair.jpg\" id=\"mv-trellis-img-1\" data-src=\"https:\/\/flawlesshair.com\/wp-content\/uploads\/2023\/09\/black-and-red-short-hair.jpg\" data-srcset=\"https:\/\/flawlesshair.com\/wp-content\/uploads\/2023\/09\/black-and-red-short-hair.jpg 1080w, https:\/\/flawlesshair.com\/wp-content\/uploads\/2023\/09\/black-and-red-short-hair-300x292.jpg 300w, https:\/\/flawlesshair.com\/wp-content\/uploads\/2023\/09\/black-and-red-short-hair-1024x997.jpg 1024w, https:\/\/flawlesshair.com\/wp-content\/uploads\/2023\/09\/black-and-red-short-hair-768x747.jpg 768w, https:\/\/flawlesshair.com\/wp-content\/uploads\/2023\/09\/black-and-red-short-hair-960x934.jpg 960w\" data-svg=\"1\" data-trellis-processed=\"1\"><div style=\"position: absolute; top: 0.5rem; right: 0.75rem;\"> <a href=\"https:\/\/www.pinterest.com\/pin\/create\/button\/\" data-pin-do=\"buttonPin\" data-pin-tall=\"true\" data-pin-url=\"https:\/\/flawlesshair.com\/pt\/cabelo-ruivo-e-preto\/\" data-pin-media=\"https:\/\/flawlesshair.com\/wp-content\/uploads\/2023\/09\/black-and-red-short-hair.jpg\" data-pin-description=\"60 Trendy Red And Black Hair Ideas\" rel=\"nofollow noopener\" target=\"_blank\"> <\/a><\/div><\/div><figcaption class=\"wp-element-caption\">@<a href=\"https:\/\/www.instagram.com\/paulahair?e=46c10c40-ce18-4f6f-a1d3-9b16f3fef8ba&amp;g=5\" target=\"_blank\" rel=\"noreferrer noopener nofollow\">paulahair<\/a><\/figcaption><\/figure>\n<\/div>\n\n\n<p><a href=\"https:\/\/flawlesshair.com\/pt\/cortes-de-cabelo-curtos\/\">Cabelo curto<\/a> \u00e9 canja se tivermos imagina\u00e7\u00e3o suficiente. Ou, neste caso, se tiveres a foto de inspira\u00e7\u00e3o certa.  <\/p>\n\n\n\n<h2 class=\"wp-block-heading\">2. Ombre vermelho no cabelo preto<\/h2>\n\n\n<div class=\"wp-block-image\">\n<figure class=\"aligncenter size-full\"><div style=\"position: relative;\"><noscript><img loading=\"lazy\" decoding=\"async\" width=\"1080\" height=\"1350\" src=\"https:\/\/flawlesshair.com\/wp-content\/uploads\/2023\/09\/red-and-black-ombre-hair.jpg\" alt=\"cabelo ombre vermelho e preto\" class=\"wp-image-23114\" srcset=\"https:\/\/flawlesshair.com\/wp-content\/uploads\/2023\/09\/red-and-black-ombre-hair.jpg 1080w, https:\/\/flawlesshair.com\/wp-content\/uploads\/2023\/09\/red-and-black-ombre-hair-240x300.jpg 240w, https:\/\/flawlesshair.com\/wp-content\/uploads\/2023\/09\/red-and-black-ombre-hair-819x1024.jpg 819w, https:\/\/flawlesshair.com\/wp-content\/uploads\/2023\/09\/red-and-black-ombre-hair-768x960.jpg 768w, https:\/\/flawlesshair.com\/wp-content\/uploads\/2023\/09\/red-and-black-ombre-hair-864x1080.jpg 864w, https:\/\/flawlesshair.com\/wp-content\/uploads\/2023\/09\/red-and-black-ombre-hair-960x1200.jpg 960w\" sizes=\"auto, (max-width: 760px) calc(100vw - 24px), 720px\"><\/noscript><img loading=\"lazy\" decoding=\"async\" width=\"1080\" height=\"1350\" src=\"https:\/\/flawlesshair.com\/wp-content\/uploads\/2023\/09\/red-and-black-ombre-hair.jpg\" alt=\"cabelo ombre vermelho e preto\" class=\"wp-image-23114 lazyload\" srcset=\"https:\/\/flawlesshair.com\/wp-content\/uploads\/2023\/09\/red-and-black-ombre-hair.jpg 1080w, https:\/\/flawlesshair.com\/wp-content\/uploads\/2023\/09\/red-and-black-ombre-hair-240x300.jpg 240w, https:\/\/flawlesshair.com\/wp-content\/uploads\/2023\/09\/red-and-black-ombre-hair-819x1024.jpg 819w, https:\/\/flawlesshair.com\/wp-content\/uploads\/2023\/09\/red-and-black-ombre-hair-768x960.jpg 768w, https:\/\/flawlesshair.com\/wp-content\/uploads\/2023\/09\/red-and-black-ombre-hair-864x1080.jpg 864w, https:\/\/flawlesshair.com\/wp-content\/uploads\/2023\/09\/red-and-black-ombre-hair-960x1200.jpg 960w\" sizes=\"auto, (max-width: 760px) calc(100vw - 24px), 720px\" data-pin-media=\"https:\/\/flawlesshair.com\/wp-content\/uploads\/2023\/09\/red-and-black-ombre-hair.jpg\" id=\"mv-trellis-img-2\" data-trellis-processed=\"1\"><div style=\"position: absolute; top: 0.5rem; right: 0.75rem;\"> <a href=\"https:\/\/www.pinterest.com\/pin\/create\/button\/\" data-pin-do=\"buttonPin\" data-pin-tall=\"true\" data-pin-url=\"https:\/\/flawlesshair.com\/pt\/cabelo-ruivo-e-preto\/\" data-pin-media=\"https:\/\/flawlesshair.com\/wp-content\/uploads\/2023\/09\/red-and-black-ombre-hair.jpg\" data-pin-description=\"60 Trendy Red And Black Hair Ideas\" rel=\"nofollow noopener\" target=\"_blank\"> <\/a><\/div><\/div><figcaption class=\"wp-element-caption\">@<a href=\"https:\/\/www.instagram.com\/bellamallspa?e=f3ea1f76-1d5b-4e2e-9ad8-71c7f2ac3fb5&amp;g=5\" target=\"_blank\" rel=\"noreferrer noopener nofollow\">bellamallspa<\/a><\/figcaption><\/figure>\n<\/div>\n\n\n<p>O ombre vermelho no cabelo preto vai fazer com que toda a gente fique a olhar para si. No bom sentido, claro, uma vez que toda a gente vai querer saber onde foi buscar a inspira\u00e7\u00e3o para este penteado \u00fanico. <\/p>\n\n\n\n<h2 class=\"wp-block-heading\">3. Madeixas loiras e vermelhas em cabelos ruivos<\/h2>\n\n\n<div class=\"wp-block-image\">\n<figure class=\"aligncenter size-full\"><div style=\"position: relative;\"><noscript><img loading=\"lazy\" decoding=\"async\" width=\"1080\" height=\"1350\" src=\"https:\/\/flawlesshair.com\/wp-content\/uploads\/2023\/09\/blonde-and-red-higlights-on-dark-hair.jpg\" alt=\"madeixas louras e vermelhas em cabelos escuros\" class=\"wp-image-23115\" srcset=\"https:\/\/flawlesshair.com\/wp-content\/uploads\/2023\/09\/blonde-and-red-higlights-on-dark-hair.jpg 1080w, https:\/\/flawlesshair.com\/wp-content\/uploads\/2023\/09\/blonde-and-red-higlights-on-dark-hair-240x300.jpg 240w, https:\/\/flawlesshair.com\/wp-content\/uploads\/2023\/09\/blonde-and-red-higlights-on-dark-hair-819x1024.jpg 819w, https:\/\/flawlesshair.com\/wp-content\/uploads\/2023\/09\/blonde-and-red-higlights-on-dark-hair-768x960.jpg 768w, https:\/\/flawlesshair.com\/wp-content\/uploads\/2023\/09\/blonde-and-red-higlights-on-dark-hair-864x1080.jpg 864w, https:\/\/flawlesshair.com\/wp-content\/uploads\/2023\/09\/blonde-and-red-higlights-on-dark-hair-960x1200.jpg 960w\" sizes=\"auto, (max-width: 760px) calc(100vw - 24px), 720px\"><\/noscript><img loading=\"lazy\" decoding=\"async\" width=\"1080\" height=\"1350\" src=\"https:\/\/flawlesshair.com\/wp-content\/uploads\/2023\/09\/blonde-and-red-higlights-on-dark-hair.jpg\" alt=\"madeixas louras e vermelhas em cabelos escuros\" class=\"wp-image-23115 lazyload\" srcset=\"https:\/\/flawlesshair.com\/wp-content\/uploads\/2023\/09\/blonde-and-red-higlights-on-dark-hair.jpg 1080w, https:\/\/flawlesshair.com\/wp-content\/uploads\/2023\/09\/blonde-and-red-higlights-on-dark-hair-240x300.jpg 240w, https:\/\/flawlesshair.com\/wp-content\/uploads\/2023\/09\/blonde-and-red-higlights-on-dark-hair-819x1024.jpg 819w, https:\/\/flawlesshair.com\/wp-content\/uploads\/2023\/09\/blonde-and-red-higlights-on-dark-hair-768x960.jpg 768w, https:\/\/flawlesshair.com\/wp-content\/uploads\/2023\/09\/blonde-and-red-higlights-on-dark-hair-864x1080.jpg 864w, https:\/\/flawlesshair.com\/wp-content\/uploads\/2023\/09\/blonde-and-red-higlights-on-dark-hair-960x1200.jpg 960w\" sizes=\"auto, (max-width: 760px) calc(100vw - 24px), 720px\" data-pin-media=\"https:\/\/flawlesshair.com\/wp-content\/uploads\/2023\/09\/blonde-and-red-higlights-on-dark-hair.jpg\" id=\"mv-trellis-img-3\" data-trellis-processed=\"1\"><div style=\"position: absolute; top: 0.5rem; right: 0.75rem;\"> <a href=\"https:\/\/www.pinterest.com\/pin\/create\/button\/\" data-pin-do=\"buttonPin\" data-pin-tall=\"true\" data-pin-url=\"https:\/\/flawlesshair.com\/pt\/cabelo-ruivo-e-preto\/\" data-pin-media=\"https:\/\/flawlesshair.com\/wp-content\/uploads\/2023\/09\/blonde-and-red-higlights-on-dark-hair.jpg\" data-pin-description=\"60 Trendy Red And Black Hair Ideas\" rel=\"nofollow noopener\" target=\"_blank\"> <\/a><\/div><\/div><figcaption class=\"wp-element-caption\">@<a href=\"https:\/\/www.instagram.com\/jessiebeautysalon?e=75b7af3c-1be1-49f4-8672-cefda7bf1816&amp;g=5\" target=\"_blank\" rel=\"noreferrer noopener nofollow\">jessiebeautysalon<\/a><\/figcaption><\/figure>\n<\/div>\n\n\n<p>H\u00e1 muita coisa a acontecer aqui, admito-o. Mas com cada camada, este penteado fica cada vez melhor. <\/p>\n\n\n\n<h2 class=\"wp-block-heading\">4. Cabelo metade ruivo e metade preto<\/h2>\n\n\n<div class=\"wp-block-image\">\n<figure class=\"aligncenter size-full\"><div style=\"position: relative;\"><noscript><img loading=\"lazy\" decoding=\"async\" width=\"1080\" height=\"1351\" src=\"https:\/\/flawlesshair.com\/wp-content\/uploads\/2023\/09\/half-red-and-half-black-hair.jpg\" alt=\"cabelo metade ruivo e metade preto\" class=\"wp-image-23076\" srcset=\"https:\/\/flawlesshair.com\/wp-content\/uploads\/2023\/09\/half-red-and-half-black-hair.jpg 1080w, https:\/\/flawlesshair.com\/wp-content\/uploads\/2023\/09\/half-red-and-half-black-hair-240x300.jpg 240w, https:\/\/flawlesshair.com\/wp-content\/uploads\/2023\/09\/half-red-and-half-black-hair-819x1024.jpg 819w, https:\/\/flawlesshair.com\/wp-content\/uploads\/2023\/09\/half-red-and-half-black-hair-768x961.jpg 768w, https:\/\/flawlesshair.com\/wp-content\/uploads\/2023\/09\/half-red-and-half-black-hair-767x960.jpg 767w, https:\/\/flawlesshair.com\/wp-content\/uploads\/2023\/09\/half-red-and-half-black-hair-863x1080.jpg 863w, https:\/\/flawlesshair.com\/wp-content\/uploads\/2023\/09\/half-red-and-half-black-hair-959x1200.jpg 959w\" sizes=\"auto, (max-width: 760px) calc(100vw - 24px), 720px\"><\/noscript><img loading=\"lazy\" decoding=\"async\" width=\"1080\" height=\"1351\" src=\"https:\/\/flawlesshair.com\/wp-content\/uploads\/2023\/09\/half-red-and-half-black-hair.jpg\" alt=\"cabelo metade ruivo e metade preto\" class=\"wp-image-23076 lazyload\" srcset=\"https:\/\/flawlesshair.com\/wp-content\/uploads\/2023\/09\/half-red-and-half-black-hair.jpg 1080w, https:\/\/flawlesshair.com\/wp-content\/uploads\/2023\/09\/half-red-and-half-black-hair-240x300.jpg 240w, https:\/\/flawlesshair.com\/wp-content\/uploads\/2023\/09\/half-red-and-half-black-hair-819x1024.jpg 819w, https:\/\/flawlesshair.com\/wp-content\/uploads\/2023\/09\/half-red-and-half-black-hair-768x961.jpg 768w, https:\/\/flawlesshair.com\/wp-content\/uploads\/2023\/09\/half-red-and-half-black-hair-767x960.jpg 767w, https:\/\/flawlesshair.com\/wp-content\/uploads\/2023\/09\/half-red-and-half-black-hair-863x1080.jpg 863w, https:\/\/flawlesshair.com\/wp-content\/uploads\/2023\/09\/half-red-and-half-black-hair-959x1200.jpg 959w\" sizes=\"auto, (max-width: 760px) calc(100vw - 24px), 720px\" data-pin-media=\"https:\/\/flawlesshair.com\/wp-content\/uploads\/2023\/09\/half-red-and-half-black-hair.jpg\" id=\"mv-trellis-img-4\" data-trellis-processed=\"1\"><div style=\"position: absolute; top: 0.5rem; right: 0.75rem;\"> <a href=\"https:\/\/www.pinterest.com\/pin\/create\/button\/\" data-pin-do=\"buttonPin\" data-pin-tall=\"true\" data-pin-url=\"https:\/\/flawlesshair.com\/pt\/cabelo-ruivo-e-preto\/\" data-pin-media=\"https:\/\/flawlesshair.com\/wp-content\/uploads\/2023\/09\/half-red-and-half-black-hair.jpg\" data-pin-description=\"60 Trendy Red And Black Hair Ideas\" rel=\"nofollow noopener\" target=\"_blank\"> <\/a><\/div><\/div><figcaption class=\"wp-element-caption\">@<a href=\"https:\/\/www.instagram.com\/lukaspaynehairstylist\/?e=2f6f2daf-58ff-4b5c-8eff-c257cb800c0f&amp;g=5\" target=\"_blank\" rel=\"noreferrer noopener nofollow\">lukaspaynehairstylist<\/a><\/figcaption><\/figure>\n<\/div>\n\n\n<p>N\u00e3o vos vou mentir: o cabelo meio ruivo e meio preto n\u00e3o \u00e9 a coisa mais f\u00e1cil de manter. Mas se acabar por ficar com este aspeto, vale mesmo a pena. <\/p>\n\n\n\n<h2 class=\"wp-block-heading\">5. Cabelo Peekaboo vermelho e preto<\/h2>\n\n\n<div class=\"wp-block-image\">\n<figure class=\"aligncenter size-full\"><div style=\"position: relative;\"><noscript><img loading=\"lazy\" decoding=\"async\" width=\"1080\" height=\"1276\" src=\"https:\/\/flawlesshair.com\/wp-content\/uploads\/2023\/09\/red-and-black-peekaboo-hair.jpg\" alt=\"cabelo peekaboo vermelho e preto\" class=\"wp-image-23117\" srcset=\"https:\/\/flawlesshair.com\/wp-content\/uploads\/2023\/09\/red-and-black-peekaboo-hair.jpg 1080w, https:\/\/flawlesshair.com\/wp-content\/uploads\/2023\/09\/red-and-black-peekaboo-hair-254x300.jpg 254w, https:\/\/flawlesshair.com\/wp-content\/uploads\/2023\/09\/red-and-black-peekaboo-hair-867x1024.jpg 867w, https:\/\/flawlesshair.com\/wp-content\/uploads\/2023\/09\/red-and-black-peekaboo-hair-768x907.jpg 768w, https:\/\/flawlesshair.com\/wp-content\/uploads\/2023\/09\/red-and-black-peekaboo-hair-813x960.jpg 813w, https:\/\/flawlesshair.com\/wp-content\/uploads\/2023\/09\/red-and-black-peekaboo-hair-914x1080.jpg 914w, https:\/\/flawlesshair.com\/wp-content\/uploads\/2023\/09\/red-and-black-peekaboo-hair-1016x1200.jpg 1016w\" sizes=\"auto, (max-width: 760px) calc(100vw - 24px), 720px\"><\/noscript><img loading=\"lazy\" decoding=\"async\" width=\"1080\" height=\"1276\" src=\"https:\/\/flawlesshair.com\/wp-content\/uploads\/2023\/09\/red-and-black-peekaboo-hair.jpg\" alt=\"cabelo peekaboo vermelho e preto\" class=\"wp-image-23117 lazyload\" srcset=\"https:\/\/flawlesshair.com\/wp-content\/uploads\/2023\/09\/red-and-black-peekaboo-hair.jpg 1080w, https:\/\/flawlesshair.com\/wp-content\/uploads\/2023\/09\/red-and-black-peekaboo-hair-254x300.jpg 254w, https:\/\/flawlesshair.com\/wp-content\/uploads\/2023\/09\/red-and-black-peekaboo-hair-867x1024.jpg 867w, https:\/\/flawlesshair.com\/wp-content\/uploads\/2023\/09\/red-and-black-peekaboo-hair-768x907.jpg 768w, https:\/\/flawlesshair.com\/wp-content\/uploads\/2023\/09\/red-and-black-peekaboo-hair-813x960.jpg 813w, https:\/\/flawlesshair.com\/wp-content\/uploads\/2023\/09\/red-and-black-peekaboo-hair-914x1080.jpg 914w, https:\/\/flawlesshair.com\/wp-content\/uploads\/2023\/09\/red-and-black-peekaboo-hair-1016x1200.jpg 1016w\" sizes=\"auto, (max-width: 760px) calc(100vw - 24px), 720px\" data-pin-media=\"https:\/\/flawlesshair.com\/wp-content\/uploads\/2023\/09\/red-and-black-peekaboo-hair.jpg\" id=\"mv-trellis-img-5\" data-trellis-processed=\"1\"><div style=\"position: absolute; top: 0.5rem; right: 0.75rem;\"> <a href=\"https:\/\/www.pinterest.com\/pin\/create\/button\/\" data-pin-do=\"buttonPin\" data-pin-tall=\"true\" data-pin-url=\"https:\/\/flawlesshair.com\/pt\/cabelo-ruivo-e-preto\/\" data-pin-media=\"https:\/\/flawlesshair.com\/wp-content\/uploads\/2023\/09\/red-and-black-peekaboo-hair.jpg\" data-pin-description=\"60 Trendy Red And Black Hair Ideas\" rel=\"nofollow noopener\" target=\"_blank\"> <\/a><\/div><\/div><figcaption class=\"wp-element-caption\">@<a href=\"https:\/\/www.instagram.com\/bloomartistcollective?e=c006fe95-ab12-443f-b22a-571d43c9b91f&amp;g=5\" target=\"_blank\" rel=\"noreferrer noopener nofollow\">bloomartistcollective<\/a><\/figcaption><\/figure>\n<\/div>\n\n\n<p>O cabelo \u00e0 vista tem diferentes formas e feitios. Mas, para ser sincera, esta \u00e9 a minha favorita at\u00e9 \u00e0 data. <\/p>\n\n\n\n<h2 class=\"wp-block-heading\">6. Peda\u00e7o de dinheiro vermelho brilhante e madeixas no cabelo preto<\/h2>\n\n\n<div class=\"wp-block-image\">\n<figure class=\"aligncenter size-full\"><div style=\"position: relative;\"><noscript><img loading=\"lazy\" decoding=\"async\" width=\"1080\" height=\"1343\" src=\"https:\/\/flawlesshair.com\/wp-content\/uploads\/2023\/09\/bright-red-money-piece-and-highlights-on-black-hair.jpg\" alt=\"moeda vermelha brilhante e madeixas no cabelo preto\" class=\"wp-image-23074\" srcset=\"https:\/\/flawlesshair.com\/wp-content\/uploads\/2023\/09\/bright-red-money-piece-and-highlights-on-black-hair.jpg 1080w, https:\/\/flawlesshair.com\/wp-content\/uploads\/2023\/09\/bright-red-money-piece-and-highlights-on-black-hair-241x300.jpg 241w, https:\/\/flawlesshair.com\/wp-content\/uploads\/2023\/09\/bright-red-money-piece-and-highlights-on-black-hair-823x1024.jpg 823w, https:\/\/flawlesshair.com\/wp-content\/uploads\/2023\/09\/bright-red-money-piece-and-highlights-on-black-hair-768x955.jpg 768w, https:\/\/flawlesshair.com\/wp-content\/uploads\/2023\/09\/bright-red-money-piece-and-highlights-on-black-hair-772x960.jpg 772w, https:\/\/flawlesshair.com\/wp-content\/uploads\/2023\/09\/bright-red-money-piece-and-highlights-on-black-hair-869x1080.jpg 869w, https:\/\/flawlesshair.com\/wp-content\/uploads\/2023\/09\/bright-red-money-piece-and-highlights-on-black-hair-965x1200.jpg 965w\" sizes=\"auto, (max-width: 760px) calc(100vw - 24px), 720px\"><\/noscript><img loading=\"lazy\" decoding=\"async\" width=\"1080\" height=\"1343\" src=\"https:\/\/flawlesshair.com\/wp-content\/uploads\/2023\/09\/bright-red-money-piece-and-highlights-on-black-hair.jpg\" alt=\"moeda vermelha brilhante e madeixas no cabelo preto\" class=\"wp-image-23074 lazyload\" srcset=\"https:\/\/flawlesshair.com\/wp-content\/uploads\/2023\/09\/bright-red-money-piece-and-highlights-on-black-hair.jpg 1080w, https:\/\/flawlesshair.com\/wp-content\/uploads\/2023\/09\/bright-red-money-piece-and-highlights-on-black-hair-241x300.jpg 241w, https:\/\/flawlesshair.com\/wp-content\/uploads\/2023\/09\/bright-red-money-piece-and-highlights-on-black-hair-823x1024.jpg 823w, https:\/\/flawlesshair.com\/wp-content\/uploads\/2023\/09\/bright-red-money-piece-and-highlights-on-black-hair-768x955.jpg 768w, https:\/\/flawlesshair.com\/wp-content\/uploads\/2023\/09\/bright-red-money-piece-and-highlights-on-black-hair-772x960.jpg 772w, https:\/\/flawlesshair.com\/wp-content\/uploads\/2023\/09\/bright-red-money-piece-and-highlights-on-black-hair-869x1080.jpg 869w, https:\/\/flawlesshair.com\/wp-content\/uploads\/2023\/09\/bright-red-money-piece-and-highlights-on-black-hair-965x1200.jpg 965w\" sizes=\"auto, (max-width: 760px) calc(100vw - 24px), 720px\" data-pin-media=\"https:\/\/flawlesshair.com\/wp-content\/uploads\/2023\/09\/bright-red-money-piece-and-highlights-on-black-hair.jpg\" id=\"mv-trellis-img-6\" data-trellis-processed=\"1\"><div style=\"position: absolute; top: 0.5rem; right: 0.75rem;\"> <a href=\"https:\/\/www.pinterest.com\/pin\/create\/button\/\" data-pin-do=\"buttonPin\" data-pin-tall=\"true\" data-pin-url=\"https:\/\/flawlesshair.com\/pt\/cabelo-ruivo-e-preto\/\" data-pin-media=\"https:\/\/flawlesshair.com\/wp-content\/uploads\/2023\/09\/bright-red-money-piece-and-highlights-on-black-hair.jpg\" data-pin-description=\"60 Trendy Red And Black Hair Ideas\" rel=\"nofollow noopener\" target=\"_blank\"> <\/a><\/div><\/div><figcaption class=\"wp-element-caption\">@<a href=\"https:\/\/www.instagram.com\/hairstylist_mads?e=6003e7c6-6da5-43e3-acc1-541d54319669&amp;g=5\" target=\"_blank\" rel=\"noreferrer noopener nofollow\">cabeleireiro_mads<\/a><\/figcaption><\/figure>\n<\/div>\n\n\n<p>Qual \u00e9 a cor de base aqui e quais s\u00e3o os destaques? Isso \u00e9 realmente importante? O que \u00e9 importante \u00e9 que est\u00e1 espetacular. <\/p>\n\n\n\n<h2 class=\"wp-block-heading\">7. Ombre preto em cabelo ruivo<\/h2>\n\n\n<div class=\"wp-block-image\">\n<figure class=\"aligncenter size-full\"><div style=\"position: relative;\"><noscript><img loading=\"lazy\" decoding=\"async\" width=\"1080\" height=\"1350\" src=\"https:\/\/flawlesshair.com\/wp-content\/uploads\/2023\/09\/black-ombre-on-red-hair.jpg\" alt=\"ombre preto em cabelo ruivo\" class=\"wp-image-23075\" srcset=\"https:\/\/flawlesshair.com\/wp-content\/uploads\/2023\/09\/black-ombre-on-red-hair.jpg 1080w, https:\/\/flawlesshair.com\/wp-content\/uploads\/2023\/09\/black-ombre-on-red-hair-240x300.jpg 240w, https:\/\/flawlesshair.com\/wp-content\/uploads\/2023\/09\/black-ombre-on-red-hair-819x1024.jpg 819w, https:\/\/flawlesshair.com\/wp-content\/uploads\/2023\/09\/black-ombre-on-red-hair-768x960.jpg 768w, https:\/\/flawlesshair.com\/wp-content\/uploads\/2023\/09\/black-ombre-on-red-hair-864x1080.jpg 864w, https:\/\/flawlesshair.com\/wp-content\/uploads\/2023\/09\/black-ombre-on-red-hair-960x1200.jpg 960w\" sizes=\"auto, (max-width: 760px) calc(100vw - 24px), 720px\"><\/noscript><img loading=\"lazy\" decoding=\"async\" width=\"1080\" height=\"1350\" src=\"https:\/\/flawlesshair.com\/wp-content\/uploads\/2023\/09\/black-ombre-on-red-hair.jpg\" alt=\"ombre preto em cabelo ruivo\" class=\"wp-image-23075 lazyload\" srcset=\"https:\/\/flawlesshair.com\/wp-content\/uploads\/2023\/09\/black-ombre-on-red-hair.jpg 1080w, https:\/\/flawlesshair.com\/wp-content\/uploads\/2023\/09\/black-ombre-on-red-hair-240x300.jpg 240w, https:\/\/flawlesshair.com\/wp-content\/uploads\/2023\/09\/black-ombre-on-red-hair-819x1024.jpg 819w, https:\/\/flawlesshair.com\/wp-content\/uploads\/2023\/09\/black-ombre-on-red-hair-768x960.jpg 768w, https:\/\/flawlesshair.com\/wp-content\/uploads\/2023\/09\/black-ombre-on-red-hair-864x1080.jpg 864w, https:\/\/flawlesshair.com\/wp-content\/uploads\/2023\/09\/black-ombre-on-red-hair-960x1200.jpg 960w\" sizes=\"auto, (max-width: 760px) calc(100vw - 24px), 720px\" data-pin-media=\"https:\/\/flawlesshair.com\/wp-content\/uploads\/2023\/09\/black-ombre-on-red-hair.jpg\" id=\"mv-trellis-img-7\" data-trellis-processed=\"1\"><div style=\"position: absolute; top: 0.5rem; right: 0.75rem;\"> <a href=\"https:\/\/www.pinterest.com\/pin\/create\/button\/\" data-pin-do=\"buttonPin\" data-pin-tall=\"true\" data-pin-url=\"https:\/\/flawlesshair.com\/pt\/cabelo-ruivo-e-preto\/\" data-pin-media=\"https:\/\/flawlesshair.com\/wp-content\/uploads\/2023\/09\/black-ombre-on-red-hair.jpg\" data-pin-description=\"60 Trendy Red And Black Hair Ideas\" rel=\"nofollow noopener\" target=\"_blank\"> <\/a><\/div><\/div><figcaption class=\"wp-element-caption\">@<a href=\"https:\/\/www.instagram.com\/nat.does_hair?e=02ef0f9d-0745-4ab9-9216-9e8f63ca211a&amp;g=5\" target=\"_blank\" rel=\"noreferrer noopener nofollow\">nat.does_hair<\/a><\/figcaption><\/figure>\n<\/div>\n\n\n<p>J\u00e1 viu um ombre vermelho num cabelo preto. Mas e se a situa\u00e7\u00e3o se inverter? Bem, um ombre preto num cabelo ruivo fica igualmente fant\u00e1stico. <\/p>\n\n\n\n<h2 class=\"wp-block-heading\">8. Cabelo vermelho, preto e prateado<\/h2>\n\n\n<div class=\"wp-block-image\">\n<figure class=\"aligncenter size-full\"><div style=\"position: relative;\"><noscript><img loading=\"lazy\" decoding=\"async\" width=\"1080\" height=\"1350\" src=\"https:\/\/flawlesshair.com\/wp-content\/uploads\/2023\/09\/red-black-and-silver-hair.jpg\" alt=\"cabelo ruivo, preto e prateado\" class=\"wp-image-23077\" srcset=\"https:\/\/flawlesshair.com\/wp-content\/uploads\/2023\/09\/red-black-and-silver-hair.jpg 1080w, https:\/\/flawlesshair.com\/wp-content\/uploads\/2023\/09\/red-black-and-silver-hair-240x300.jpg 240w, https:\/\/flawlesshair.com\/wp-content\/uploads\/2023\/09\/red-black-and-silver-hair-819x1024.jpg 819w, https:\/\/flawlesshair.com\/wp-content\/uploads\/2023\/09\/red-black-and-silver-hair-768x960.jpg 768w, https:\/\/flawlesshair.com\/wp-content\/uploads\/2023\/09\/red-black-and-silver-hair-864x1080.jpg 864w, https:\/\/flawlesshair.com\/wp-content\/uploads\/2023\/09\/red-black-and-silver-hair-960x1200.jpg 960w\" sizes=\"auto, (max-width: 760px) calc(100vw - 24px), 720px\"><\/noscript><img loading=\"lazy\" decoding=\"async\" width=\"1080\" height=\"1350\" src=\"https:\/\/flawlesshair.com\/wp-content\/uploads\/2023\/09\/red-black-and-silver-hair.jpg\" alt=\"cabelo ruivo, preto e prateado\" class=\"wp-image-23077 lazyload\" srcset=\"https:\/\/flawlesshair.com\/wp-content\/uploads\/2023\/09\/red-black-and-silver-hair.jpg 1080w, https:\/\/flawlesshair.com\/wp-content\/uploads\/2023\/09\/red-black-and-silver-hair-240x300.jpg 240w, https:\/\/flawlesshair.com\/wp-content\/uploads\/2023\/09\/red-black-and-silver-hair-819x1024.jpg 819w, https:\/\/flawlesshair.com\/wp-content\/uploads\/2023\/09\/red-black-and-silver-hair-768x960.jpg 768w, https:\/\/flawlesshair.com\/wp-content\/uploads\/2023\/09\/red-black-and-silver-hair-864x1080.jpg 864w, https:\/\/flawlesshair.com\/wp-content\/uploads\/2023\/09\/red-black-and-silver-hair-960x1200.jpg 960w\" sizes=\"auto, (max-width: 760px) calc(100vw - 24px), 720px\" data-pin-media=\"https:\/\/flawlesshair.com\/wp-content\/uploads\/2023\/09\/red-black-and-silver-hair.jpg\" id=\"mv-trellis-img-8\" data-trellis-processed=\"1\"><div style=\"position: absolute; top: 0.5rem; right: 0.75rem;\"> <a href=\"https:\/\/www.pinterest.com\/pin\/create\/button\/\" data-pin-do=\"buttonPin\" data-pin-tall=\"true\" data-pin-url=\"https:\/\/flawlesshair.com\/pt\/cabelo-ruivo-e-preto\/\" data-pin-media=\"https:\/\/flawlesshair.com\/wp-content\/uploads\/2023\/09\/red-black-and-silver-hair.jpg\" data-pin-description=\"60 Trendy Red And Black Hair Ideas\" rel=\"nofollow noopener\" target=\"_blank\"> <\/a><\/div><\/div><figcaption class=\"wp-element-caption\">@<a href=\"https:\/\/www.instagram.com\/thegirlnamedwalter?e=d16fc7e7-5050-468e-8f35-00b05bbcdf4f&amp;g=5\" target=\"_blank\" rel=\"noreferrer noopener nofollow\">a rapariga de nomewalter<\/a><\/figcaption><\/figure>\n<\/div>\n\n\n<p>Tem cores louras prateadas, pretas e vermelhas. Parece-me uma combina\u00e7\u00e3o perfeita, n\u00e3o \u00e9? <\/p>\n\n\n\n<h2 class=\"wp-block-heading\">9. Cabelo preto com subcolora\u00e7\u00e3o vermelha<\/h2>\n\n\n<div class=\"wp-block-image\">\n<figure class=\"aligncenter size-full\"><div style=\"position: relative;\"><noscript><img loading=\"lazy\" decoding=\"async\" width=\"1080\" height=\"1350\" src=\"https:\/\/flawlesshair.com\/wp-content\/uploads\/2023\/09\/black-hair-with-red-underdye.jpg\" alt=\"cabelo preto com subcor vermelha\" class=\"wp-image-23078\" srcset=\"https:\/\/flawlesshair.com\/wp-content\/uploads\/2023\/09\/black-hair-with-red-underdye.jpg 1080w, https:\/\/flawlesshair.com\/wp-content\/uploads\/2023\/09\/black-hair-with-red-underdye-240x300.jpg 240w, https:\/\/flawlesshair.com\/wp-content\/uploads\/2023\/09\/black-hair-with-red-underdye-819x1024.jpg 819w, https:\/\/flawlesshair.com\/wp-content\/uploads\/2023\/09\/black-hair-with-red-underdye-768x960.jpg 768w, https:\/\/flawlesshair.com\/wp-content\/uploads\/2023\/09\/black-hair-with-red-underdye-864x1080.jpg 864w, https:\/\/flawlesshair.com\/wp-content\/uploads\/2023\/09\/black-hair-with-red-underdye-960x1200.jpg 960w\" sizes=\"auto, (max-width: 760px) calc(100vw - 24px), 720px\"><\/noscript><img loading=\"lazy\" decoding=\"async\" width=\"1080\" height=\"1350\" src=\"https:\/\/flawlesshair.com\/wp-content\/uploads\/2023\/09\/black-hair-with-red-underdye.jpg\" alt=\"cabelo preto com subcor vermelha\" class=\"wp-image-23078 lazyload\" srcset=\"https:\/\/flawlesshair.com\/wp-content\/uploads\/2023\/09\/black-hair-with-red-underdye.jpg 1080w, https:\/\/flawlesshair.com\/wp-content\/uploads\/2023\/09\/black-hair-with-red-underdye-240x300.jpg 240w, https:\/\/flawlesshair.com\/wp-content\/uploads\/2023\/09\/black-hair-with-red-underdye-819x1024.jpg 819w, https:\/\/flawlesshair.com\/wp-content\/uploads\/2023\/09\/black-hair-with-red-underdye-768x960.jpg 768w, https:\/\/flawlesshair.com\/wp-content\/uploads\/2023\/09\/black-hair-with-red-underdye-864x1080.jpg 864w, https:\/\/flawlesshair.com\/wp-content\/uploads\/2023\/09\/black-hair-with-red-underdye-960x1200.jpg 960w\" sizes=\"auto, (max-width: 760px) calc(100vw - 24px), 720px\" data-pin-media=\"https:\/\/flawlesshair.com\/wp-content\/uploads\/2023\/09\/black-hair-with-red-underdye.jpg\" id=\"mv-trellis-img-9\" data-trellis-processed=\"1\"><div style=\"position: absolute; top: 0.5rem; right: 0.75rem;\"> <a href=\"https:\/\/www.pinterest.com\/pin\/create\/button\/\" data-pin-do=\"buttonPin\" data-pin-tall=\"true\" data-pin-url=\"https:\/\/flawlesshair.com\/pt\/cabelo-ruivo-e-preto\/\" data-pin-media=\"https:\/\/flawlesshair.com\/wp-content\/uploads\/2023\/09\/black-hair-with-red-underdye.jpg\" data-pin-description=\"60 Trendy Red And Black Hair Ideas\" rel=\"nofollow noopener\" target=\"_blank\"> <\/a><\/div><\/div><figcaption class=\"wp-element-caption\">@<a href=\"https:\/\/www.instagram.com\/moonlitharesalon?e=626e15f5-195e-4cec-b490-dfcdd7740b0a&amp;g=5\" target=\"_blank\" rel=\"noreferrer noopener nofollow\">luararesal\u00e3o<\/a><\/figcaption><\/figure>\n<\/div>\n\n\n<p>\u00c0 primeira vista, tem o t\u00edpico e cl\u00e1ssico cabelo preto. Mas depois, voil\u00e1, h\u00e1 uma surpresa \u00e0 espera de toda a gente: uma subcolora\u00e7\u00e3o vermelha. <\/p>\n\n\n\n<h2 class=\"wp-block-heading\">10. Tintura dividida da Harley Quinn<\/h2>\n\n\n<div class=\"wp-block-image\">\n<figure class=\"aligncenter size-full\"><div style=\"position: relative;\"><noscript><img loading=\"lazy\" decoding=\"async\" width=\"1080\" height=\"1350\" src=\"https:\/\/flawlesshair.com\/wp-content\/uploads\/2023\/09\/harley-quinn-split-dye.jpg\" alt=\"harley quinn split dye\" class=\"wp-image-23079\" srcset=\"https:\/\/flawlesshair.com\/wp-content\/uploads\/2023\/09\/harley-quinn-split-dye.jpg 1080w, https:\/\/flawlesshair.com\/wp-content\/uploads\/2023\/09\/harley-quinn-split-dye-240x300.jpg 240w, https:\/\/flawlesshair.com\/wp-content\/uploads\/2023\/09\/harley-quinn-split-dye-819x1024.jpg 819w, https:\/\/flawlesshair.com\/wp-content\/uploads\/2023\/09\/harley-quinn-split-dye-768x960.jpg 768w, https:\/\/flawlesshair.com\/wp-content\/uploads\/2023\/09\/harley-quinn-split-dye-864x1080.jpg 864w, https:\/\/flawlesshair.com\/wp-content\/uploads\/2023\/09\/harley-quinn-split-dye-960x1200.jpg 960w\" sizes=\"auto, (max-width: 760px) calc(100vw - 24px), 720px\"><\/noscript><img loading=\"lazy\" decoding=\"async\" width=\"1080\" height=\"1350\" src=\"https:\/\/flawlesshair.com\/wp-content\/uploads\/2023\/09\/harley-quinn-split-dye.jpg\" alt=\"harley quinn split dye\" class=\"wp-image-23079 lazyload\" srcset=\"https:\/\/flawlesshair.com\/wp-content\/uploads\/2023\/09\/harley-quinn-split-dye.jpg 1080w, https:\/\/flawlesshair.com\/wp-content\/uploads\/2023\/09\/harley-quinn-split-dye-240x300.jpg 240w, https:\/\/flawlesshair.com\/wp-content\/uploads\/2023\/09\/harley-quinn-split-dye-819x1024.jpg 819w, https:\/\/flawlesshair.com\/wp-content\/uploads\/2023\/09\/harley-quinn-split-dye-768x960.jpg 768w, https:\/\/flawlesshair.com\/wp-content\/uploads\/2023\/09\/harley-quinn-split-dye-864x1080.jpg 864w, https:\/\/flawlesshair.com\/wp-content\/uploads\/2023\/09\/harley-quinn-split-dye-960x1200.jpg 960w\" sizes=\"auto, (max-width: 760px) calc(100vw - 24px), 720px\" data-pin-media=\"https:\/\/flawlesshair.com\/wp-content\/uploads\/2023\/09\/harley-quinn-split-dye.jpg\" id=\"mv-trellis-img-10\" data-trellis-processed=\"1\"><div style=\"position: absolute; top: 0.5rem; right: 0.75rem;\"> <a href=\"https:\/\/www.pinterest.com\/pin\/create\/button\/\" data-pin-do=\"buttonPin\" data-pin-tall=\"true\" data-pin-url=\"https:\/\/flawlesshair.com\/pt\/cabelo-ruivo-e-preto\/\" data-pin-media=\"https:\/\/flawlesshair.com\/wp-content\/uploads\/2023\/09\/harley-quinn-split-dye.jpg\" data-pin-description=\"60 Trendy Red And Black Hair Ideas\" rel=\"nofollow noopener\" target=\"_blank\"> <\/a><\/div><\/div><figcaption class=\"wp-element-caption\">@<a href=\"https:\/\/www.instagram.com\/caitlin_hair_room_on_russell?e=e75b92a0-f18f-4d9b-94b2-2f0ce71c5397&amp;g=5\" target=\"_blank\" rel=\"noreferrer noopener nofollow\">caitlin_hair_room_on_russell<\/a><\/figcaption><\/figure>\n<\/div>\n\n\n<p>Finalmente, podes parecer-te com a tua personagem favorita, a Harley Quinn. S\u00f3 precisa de mostrar esta foto de inspira\u00e7\u00e3o ao seu cabeleireiro. <\/p>\n\n\n\n<h2 class=\"wp-block-heading\">11. Cabelo preto com red block<\/h2>\n\n\n<div class=\"wp-block-image\">\n<figure class=\"aligncenter size-full is-resized\"><div style=\"position: relative;\"><noscript><img loading=\"lazy\" decoding=\"async\" width=\"1080\" height=\"1267\" src=\"https:\/\/flawlesshair.com\/wp-content\/uploads\/2023\/09\/black-hair-with-red-block.jpg\" alt=\"cabelo preto com madeixa vermelha\" class=\"wp-image-23080\" style=\"width:840px\" srcset=\"https:\/\/flawlesshair.com\/wp-content\/uploads\/2023\/09\/black-hair-with-red-block.jpg 1080w, https:\/\/flawlesshair.com\/wp-content\/uploads\/2023\/09\/black-hair-with-red-block-256x300.jpg 256w, https:\/\/flawlesshair.com\/wp-content\/uploads\/2023\/09\/black-hair-with-red-block-873x1024.jpg 873w, https:\/\/flawlesshair.com\/wp-content\/uploads\/2023\/09\/black-hair-with-red-block-768x901.jpg 768w, https:\/\/flawlesshair.com\/wp-content\/uploads\/2023\/09\/black-hair-with-red-block-818x960.jpg 818w, https:\/\/flawlesshair.com\/wp-content\/uploads\/2023\/09\/black-hair-with-red-block-921x1080.jpg 921w, https:\/\/flawlesshair.com\/wp-content\/uploads\/2023\/09\/black-hair-with-red-block-1023x1200.jpg 1023w\" sizes=\"auto, (max-width: 760px) calc(100vw - 24px), 720px\"><\/noscript><img loading=\"lazy\" decoding=\"async\" width=\"1080\" height=\"1267\" src=\"https:\/\/flawlesshair.com\/wp-content\/uploads\/2023\/09\/black-hair-with-red-block.jpg\" alt=\"cabelo preto com madeixa vermelha\" class=\"wp-image-23080 lazyload\" style=\"width:840px\" srcset=\"https:\/\/flawlesshair.com\/wp-content\/uploads\/2023\/09\/black-hair-with-red-block.jpg 1080w, https:\/\/flawlesshair.com\/wp-content\/uploads\/2023\/09\/black-hair-with-red-block-256x300.jpg 256w, https:\/\/flawlesshair.com\/wp-content\/uploads\/2023\/09\/black-hair-with-red-block-873x1024.jpg 873w, https:\/\/flawlesshair.com\/wp-content\/uploads\/2023\/09\/black-hair-with-red-block-768x901.jpg 768w, https:\/\/flawlesshair.com\/wp-content\/uploads\/2023\/09\/black-hair-with-red-block-818x960.jpg 818w, https:\/\/flawlesshair.com\/wp-content\/uploads\/2023\/09\/black-hair-with-red-block-921x1080.jpg 921w, https:\/\/flawlesshair.com\/wp-content\/uploads\/2023\/09\/black-hair-with-red-block-1023x1200.jpg 1023w\" sizes=\"auto, (max-width: 760px) calc(100vw - 24px), 720px\" data-pin-media=\"https:\/\/flawlesshair.com\/wp-content\/uploads\/2023\/09\/black-hair-with-red-block.jpg\" id=\"mv-trellis-img-11\" data-trellis-processed=\"1\"><div style=\"position: absolute; top: 0.5rem; right: 0.75rem;\"> <a href=\"https:\/\/www.pinterest.com\/pin\/create\/button\/\" data-pin-do=\"buttonPin\" data-pin-tall=\"true\" data-pin-url=\"https:\/\/flawlesshair.com\/pt\/cabelo-ruivo-e-preto\/\" data-pin-media=\"https:\/\/flawlesshair.com\/wp-content\/uploads\/2023\/09\/black-hair-with-red-block.jpg\" data-pin-description=\"60 Trendy Red And Black Hair Ideas\" rel=\"nofollow noopener\" target=\"_blank\"> <\/a><\/div><\/div><figcaption class=\"wp-element-caption\">@<a href=\"https:\/\/www.instagram.com\/studio__127?e=13e4c49c-7b5e-46c6-98fd-82e7af50843f&amp;g=5\" target=\"_blank\" rel=\"noreferrer noopener nofollow\">est\u00fadio__127<\/a><\/figcaption><\/figure>\n<\/div>\n\n\n<p>O red blocking em cabelos pretos \u00e9 chique e malicioso ao mesmo tempo. Parece um penteado perfeito para uma rapariga como tu. <\/p>\n\n\n\n<h2 class=\"wp-block-heading\">12. Balayage Vermelho em Cabelo Preto<\/h2>\n\n\n<div class=\"wp-block-image\">\n<figure class=\"aligncenter size-full\"><div style=\"position: relative;\"><noscript><img loading=\"lazy\" decoding=\"async\" width=\"1080\" height=\"1350\" src=\"https:\/\/flawlesshair.com\/wp-content\/uploads\/2023\/09\/red-balayage-on-black-hair-1.jpg\" alt=\"balayage vermelho em cabelo preto\" class=\"wp-image-23081\" srcset=\"https:\/\/flawlesshair.com\/wp-content\/uploads\/2023\/09\/red-balayage-on-black-hair-1.jpg 1080w, https:\/\/flawlesshair.com\/wp-content\/uploads\/2023\/09\/red-balayage-on-black-hair-1-240x300.jpg 240w, https:\/\/flawlesshair.com\/wp-content\/uploads\/2023\/09\/red-balayage-on-black-hair-1-819x1024.jpg 819w, https:\/\/flawlesshair.com\/wp-content\/uploads\/2023\/09\/red-balayage-on-black-hair-1-768x960.jpg 768w, https:\/\/flawlesshair.com\/wp-content\/uploads\/2023\/09\/red-balayage-on-black-hair-1-864x1080.jpg 864w, https:\/\/flawlesshair.com\/wp-content\/uploads\/2023\/09\/red-balayage-on-black-hair-1-960x1200.jpg 960w\" sizes=\"auto, (max-width: 760px) calc(100vw - 24px), 720px\"><\/noscript><img loading=\"lazy\" decoding=\"async\" width=\"1080\" height=\"1350\" src=\"https:\/\/flawlesshair.com\/wp-content\/uploads\/2023\/09\/red-balayage-on-black-hair-1.jpg\" alt=\"balayage vermelho em cabelo preto\" class=\"wp-image-23081 lazyload\" srcset=\"https:\/\/flawlesshair.com\/wp-content\/uploads\/2023\/09\/red-balayage-on-black-hair-1.jpg 1080w, https:\/\/flawlesshair.com\/wp-content\/uploads\/2023\/09\/red-balayage-on-black-hair-1-240x300.jpg 240w, https:\/\/flawlesshair.com\/wp-content\/uploads\/2023\/09\/red-balayage-on-black-hair-1-819x1024.jpg 819w, https:\/\/flawlesshair.com\/wp-content\/uploads\/2023\/09\/red-balayage-on-black-hair-1-768x960.jpg 768w, https:\/\/flawlesshair.com\/wp-content\/uploads\/2023\/09\/red-balayage-on-black-hair-1-864x1080.jpg 864w, https:\/\/flawlesshair.com\/wp-content\/uploads\/2023\/09\/red-balayage-on-black-hair-1-960x1200.jpg 960w\" sizes=\"auto, (max-width: 760px) calc(100vw - 24px), 720px\" data-pin-media=\"https:\/\/flawlesshair.com\/wp-content\/uploads\/2023\/09\/red-balayage-on-black-hair-1.jpg\" id=\"mv-trellis-img-12\" data-trellis-processed=\"1\"><div style=\"position: absolute; top: 0.5rem; right: 0.75rem;\"> <a href=\"https:\/\/www.pinterest.com\/pin\/create\/button\/\" data-pin-do=\"buttonPin\" data-pin-tall=\"true\" data-pin-url=\"https:\/\/flawlesshair.com\/pt\/cabelo-ruivo-e-preto\/\" data-pin-media=\"https:\/\/flawlesshair.com\/wp-content\/uploads\/2023\/09\/red-balayage-on-black-hair-1.jpg\" data-pin-description=\"60 Trendy Red And Black Hair Ideas\" rel=\"nofollow noopener\" target=\"_blank\"> <\/a><\/div><\/div><figcaption class=\"wp-element-caption\">@<a href=\"https:\/\/www.instagram.com\/aaashleee?e=adb37f0e-0e16-4bac-ac6a-2f35b284dafc&amp;g=5\" target=\"_blank\" rel=\"noreferrer noopener nofollow\">aaashleee<\/a><\/figcaption><\/figure>\n<\/div>\n\n\n<p><a href=\"https:\/\/flawlesshair.com\/pt\/ideias-para-balayage-loiro\/\">Balayage loiro<\/a> pode ser a t\u00e9cnica de colora\u00e7\u00e3o mais popular neste momento, mas se quiser destacar-se das massas, o balayage vermelho no cabelo preto deve ser a sua escolha. <\/p>\n\n\n\n<h2 class=\"wp-block-heading\">13. Cabelo preto com moeda vermelha<\/h2>\n\n\n<div class=\"wp-block-image\">\n<figure class=\"aligncenter size-full\"><div style=\"position: relative;\"><noscript><img loading=\"lazy\" decoding=\"async\" width=\"1080\" height=\"1214\" src=\"https:\/\/flawlesshair.com\/wp-content\/uploads\/2023\/09\/black-hair-and-red-money-piece.jpg\" alt=\"cabelo preto e moeda vermelha\" class=\"wp-image-23082\" srcset=\"https:\/\/flawlesshair.com\/wp-content\/uploads\/2023\/09\/black-hair-and-red-money-piece.jpg 1080w, https:\/\/flawlesshair.com\/wp-content\/uploads\/2023\/09\/black-hair-and-red-money-piece-267x300.jpg 267w, https:\/\/flawlesshair.com\/wp-content\/uploads\/2023\/09\/black-hair-and-red-money-piece-911x1024.jpg 911w, https:\/\/flawlesshair.com\/wp-content\/uploads\/2023\/09\/black-hair-and-red-money-piece-768x863.jpg 768w, https:\/\/flawlesshair.com\/wp-content\/uploads\/2023\/09\/black-hair-and-red-money-piece-854x960.jpg 854w, https:\/\/flawlesshair.com\/wp-content\/uploads\/2023\/09\/black-hair-and-red-money-piece-961x1080.jpg 961w, https:\/\/flawlesshair.com\/wp-content\/uploads\/2023\/09\/black-hair-and-red-money-piece-1068x1200.jpg 1068w\" sizes=\"auto, (max-width: 760px) calc(100vw - 24px), 720px\"><\/noscript><img loading=\"lazy\" decoding=\"async\" width=\"1080\" height=\"1214\" src=\"https:\/\/flawlesshair.com\/wp-content\/uploads\/2023\/09\/black-hair-and-red-money-piece.jpg\" alt=\"cabelo preto e moeda vermelha\" class=\"wp-image-23082 lazyload\" srcset=\"https:\/\/flawlesshair.com\/wp-content\/uploads\/2023\/09\/black-hair-and-red-money-piece.jpg 1080w, https:\/\/flawlesshair.com\/wp-content\/uploads\/2023\/09\/black-hair-and-red-money-piece-267x300.jpg 267w, https:\/\/flawlesshair.com\/wp-content\/uploads\/2023\/09\/black-hair-and-red-money-piece-911x1024.jpg 911w, https:\/\/flawlesshair.com\/wp-content\/uploads\/2023\/09\/black-hair-and-red-money-piece-768x863.jpg 768w, https:\/\/flawlesshair.com\/wp-content\/uploads\/2023\/09\/black-hair-and-red-money-piece-854x960.jpg 854w, https:\/\/flawlesshair.com\/wp-content\/uploads\/2023\/09\/black-hair-and-red-money-piece-961x1080.jpg 961w, https:\/\/flawlesshair.com\/wp-content\/uploads\/2023\/09\/black-hair-and-red-money-piece-1068x1200.jpg 1068w\" sizes=\"auto, (max-width: 760px) calc(100vw - 24px), 720px\" data-pin-media=\"https:\/\/flawlesshair.com\/wp-content\/uploads\/2023\/09\/black-hair-and-red-money-piece.jpg\" id=\"mv-trellis-img-13\" data-trellis-processed=\"1\"><div style=\"position: absolute; top: 0.5rem; right: 0.75rem;\"> <a href=\"https:\/\/www.pinterest.com\/pin\/create\/button\/\" data-pin-do=\"buttonPin\" data-pin-tall=\"true\" data-pin-url=\"https:\/\/flawlesshair.com\/pt\/cabelo-ruivo-e-preto\/\" data-pin-media=\"https:\/\/flawlesshair.com\/wp-content\/uploads\/2023\/09\/black-hair-and-red-money-piece.jpg\" data-pin-description=\"60 Trendy Red And Black Hair Ideas\" rel=\"nofollow noopener\" target=\"_blank\"> <\/a><\/div><\/div><figcaption class=\"wp-element-caption\">@<a href=\"https:\/\/www.instagram.com\/therealmarcmendez?e=018e236a-ce8f-4c08-8080-eb388d78d41a&amp;g=5\" target=\"_blank\" rel=\"noreferrer noopener nofollow\">therealmarcmendez<\/a><\/figcaption><\/figure>\n<\/div>\n\n\n<p>Esta pe\u00e7a de dinheiro vermelha ir\u00e1 acentuar todos os seus belos tra\u00e7os faciais, fazendo-a parecer mais jovem do que nunca. <\/p>\n\n\n\n<h2 class=\"wp-block-heading\">14. Fios volumosos vermelhos e pretos<\/h2>\n\n\n<div class=\"wp-block-image\">\n<figure class=\"aligncenter size-full\"><div style=\"position: relative;\"><noscript><img loading=\"lazy\" decoding=\"async\" width=\"1080\" height=\"1350\" src=\"https:\/\/flawlesshair.com\/wp-content\/uploads\/2023\/09\/red-and-black-chunky-pieces.jpg\" alt=\"mechas de cabelo vermelhas e pretas\" class=\"wp-image-23083\" srcset=\"https:\/\/flawlesshair.com\/wp-content\/uploads\/2023\/09\/red-and-black-chunky-pieces.jpg 1080w, https:\/\/flawlesshair.com\/wp-content\/uploads\/2023\/09\/red-and-black-chunky-pieces-240x300.jpg 240w, https:\/\/flawlesshair.com\/wp-content\/uploads\/2023\/09\/red-and-black-chunky-pieces-819x1024.jpg 819w, https:\/\/flawlesshair.com\/wp-content\/uploads\/2023\/09\/red-and-black-chunky-pieces-768x960.jpg 768w, https:\/\/flawlesshair.com\/wp-content\/uploads\/2023\/09\/red-and-black-chunky-pieces-864x1080.jpg 864w, https:\/\/flawlesshair.com\/wp-content\/uploads\/2023\/09\/red-and-black-chunky-pieces-960x1200.jpg 960w\" sizes=\"auto, (max-width: 760px) calc(100vw - 24px), 720px\"><\/noscript><img loading=\"lazy\" decoding=\"async\" width=\"1080\" height=\"1350\" src=\"https:\/\/flawlesshair.com\/wp-content\/uploads\/2023\/09\/red-and-black-chunky-pieces.jpg\" alt=\"mechas de cabelo vermelhas e pretas\" class=\"wp-image-23083 lazyload\" srcset=\"https:\/\/flawlesshair.com\/wp-content\/uploads\/2023\/09\/red-and-black-chunky-pieces.jpg 1080w, https:\/\/flawlesshair.com\/wp-content\/uploads\/2023\/09\/red-and-black-chunky-pieces-240x300.jpg 240w, https:\/\/flawlesshair.com\/wp-content\/uploads\/2023\/09\/red-and-black-chunky-pieces-819x1024.jpg 819w, https:\/\/flawlesshair.com\/wp-content\/uploads\/2023\/09\/red-and-black-chunky-pieces-768x960.jpg 768w, https:\/\/flawlesshair.com\/wp-content\/uploads\/2023\/09\/red-and-black-chunky-pieces-864x1080.jpg 864w, https:\/\/flawlesshair.com\/wp-content\/uploads\/2023\/09\/red-and-black-chunky-pieces-960x1200.jpg 960w\" sizes=\"auto, (max-width: 760px) calc(100vw - 24px), 720px\" data-pin-media=\"https:\/\/flawlesshair.com\/wp-content\/uploads\/2023\/09\/red-and-black-chunky-pieces.jpg\" id=\"mv-trellis-img-14\" data-trellis-processed=\"1\"><div style=\"position: absolute; top: 0.5rem; right: 0.75rem;\"> <a href=\"https:\/\/www.pinterest.com\/pin\/create\/button\/\" data-pin-do=\"buttonPin\" data-pin-tall=\"true\" data-pin-url=\"https:\/\/flawlesshair.com\/pt\/cabelo-ruivo-e-preto\/\" data-pin-media=\"https:\/\/flawlesshair.com\/wp-content\/uploads\/2023\/09\/red-and-black-chunky-pieces.jpg\" data-pin-description=\"60 Trendy Red And Black Hair Ideas\" rel=\"nofollow noopener\" target=\"_blank\"> <\/a><\/div><\/div><figcaption class=\"wp-element-caption\">@<a href=\"https:\/\/www.instagram.com\/jess.switzer?e=34f8a508-5332-46e2-97cd-d233865d3aba&amp;g=5\" target=\"_blank\" rel=\"noreferrer noopener nofollow\">jess.switzer<\/a><\/figcaption><\/figure>\n<\/div>\n\n\n<p>Sei que est\u00e1 habituada a madeixas volumosas. Mas isto \u00e9 mais do que simples madeixas; estas madeixas volumosas de cabelo s\u00e3o de outro n\u00edvel. <\/p>\n\n\n\n<h2 class=\"wp-block-heading\">15. Cabelo comprido liso vermelho e preto<\/h2>\n\n\n<div class=\"wp-block-image\">\n<figure class=\"aligncenter size-full\"><div style=\"position: relative;\"><noscript><img loading=\"lazy\" decoding=\"async\" width=\"1080\" height=\"1227\" src=\"https:\/\/flawlesshair.com\/wp-content\/uploads\/2023\/09\/long-and-straight-red-and-black-hair.jpg\" alt=\"cabelo comprido e liso, vermelho e preto\" class=\"wp-image-23084\" srcset=\"https:\/\/flawlesshair.com\/wp-content\/uploads\/2023\/09\/long-and-straight-red-and-black-hair.jpg 1080w, https:\/\/flawlesshair.com\/wp-content\/uploads\/2023\/09\/long-and-straight-red-and-black-hair-264x300.jpg 264w, https:\/\/flawlesshair.com\/wp-content\/uploads\/2023\/09\/long-and-straight-red-and-black-hair-901x1024.jpg 901w, https:\/\/flawlesshair.com\/wp-content\/uploads\/2023\/09\/long-and-straight-red-and-black-hair-768x873.jpg 768w, https:\/\/flawlesshair.com\/wp-content\/uploads\/2023\/09\/long-and-straight-red-and-black-hair-845x960.jpg 845w, https:\/\/flawlesshair.com\/wp-content\/uploads\/2023\/09\/long-and-straight-red-and-black-hair-951x1080.jpg 951w, https:\/\/flawlesshair.com\/wp-content\/uploads\/2023\/09\/long-and-straight-red-and-black-hair-1056x1200.jpg 1056w\" sizes=\"auto, (max-width: 760px) calc(100vw - 24px), 720px\"><\/noscript><img loading=\"lazy\" decoding=\"async\" width=\"1080\" height=\"1227\" src=\"https:\/\/flawlesshair.com\/wp-content\/uploads\/2023\/09\/long-and-straight-red-and-black-hair.jpg\" alt=\"cabelo comprido e liso, vermelho e preto\" class=\"wp-image-23084 lazyload\" srcset=\"https:\/\/flawlesshair.com\/wp-content\/uploads\/2023\/09\/long-and-straight-red-and-black-hair.jpg 1080w, https:\/\/flawlesshair.com\/wp-content\/uploads\/2023\/09\/long-and-straight-red-and-black-hair-264x300.jpg 264w, https:\/\/flawlesshair.com\/wp-content\/uploads\/2023\/09\/long-and-straight-red-and-black-hair-901x1024.jpg 901w, https:\/\/flawlesshair.com\/wp-content\/uploads\/2023\/09\/long-and-straight-red-and-black-hair-768x873.jpg 768w, https:\/\/flawlesshair.com\/wp-content\/uploads\/2023\/09\/long-and-straight-red-and-black-hair-845x960.jpg 845w, https:\/\/flawlesshair.com\/wp-content\/uploads\/2023\/09\/long-and-straight-red-and-black-hair-951x1080.jpg 951w, https:\/\/flawlesshair.com\/wp-content\/uploads\/2023\/09\/long-and-straight-red-and-black-hair-1056x1200.jpg 1056w\" sizes=\"auto, (max-width: 760px) calc(100vw - 24px), 720px\" data-pin-media=\"https:\/\/flawlesshair.com\/wp-content\/uploads\/2023\/09\/long-and-straight-red-and-black-hair.jpg\" id=\"mv-trellis-img-15\" data-trellis-processed=\"1\"><div style=\"position: absolute; top: 0.5rem; right: 0.75rem;\"> <a href=\"https:\/\/www.pinterest.com\/pin\/create\/button\/\" data-pin-do=\"buttonPin\" data-pin-tall=\"true\" data-pin-url=\"https:\/\/flawlesshair.com\/pt\/cabelo-ruivo-e-preto\/\" data-pin-media=\"https:\/\/flawlesshair.com\/wp-content\/uploads\/2023\/09\/long-and-straight-red-and-black-hair.jpg\" data-pin-description=\"60 Trendy Red And Black Hair Ideas\" rel=\"nofollow noopener\" target=\"_blank\"> <\/a><\/div><\/div><figcaption class=\"wp-element-caption\">@<a href=\"https:\/\/www.instagram.com\/vainbeautyworld?e=d0e72280-858f-4f52-a8ce-39f270c2005c&amp;g=5\" target=\"_blank\" rel=\"noreferrer noopener nofollow\">mundo da beleza vaidosa<\/a><\/figcaption><\/figure>\n<\/div>\n\n\n<p>Se n\u00e3o quer estragar o seu corte, mas est\u00e1 com vontade de mudar, opte por um cabelo ruivo e preto. Pode agradecer-me mais tarde. <\/p>\n\n\n\n<h2 class=\"wp-block-heading\">16. De preto a vermelho subtil<\/h2>\n\n\n<div class=\"wp-block-image\">\n<figure class=\"aligncenter size-full\"><div style=\"position: relative;\"><noscript><img loading=\"lazy\" decoding=\"async\" width=\"1080\" height=\"1350\" src=\"https:\/\/flawlesshair.com\/wp-content\/uploads\/2023\/09\/black-to-subtle-red-hair.jpg\" alt=\"cabelo preto a ruivo subtil\" class=\"wp-image-23085\" srcset=\"https:\/\/flawlesshair.com\/wp-content\/uploads\/2023\/09\/black-to-subtle-red-hair.jpg 1080w, https:\/\/flawlesshair.com\/wp-content\/uploads\/2023\/09\/black-to-subtle-red-hair-240x300.jpg 240w, https:\/\/flawlesshair.com\/wp-content\/uploads\/2023\/09\/black-to-subtle-red-hair-819x1024.jpg 819w, https:\/\/flawlesshair.com\/wp-content\/uploads\/2023\/09\/black-to-subtle-red-hair-768x960.jpg 768w, https:\/\/flawlesshair.com\/wp-content\/uploads\/2023\/09\/black-to-subtle-red-hair-864x1080.jpg 864w, https:\/\/flawlesshair.com\/wp-content\/uploads\/2023\/09\/black-to-subtle-red-hair-960x1200.jpg 960w\" sizes=\"auto, (max-width: 760px) calc(100vw - 24px), 720px\"><\/noscript><img loading=\"lazy\" decoding=\"async\" width=\"1080\" height=\"1350\" src=\"https:\/\/flawlesshair.com\/wp-content\/uploads\/2023\/09\/black-to-subtle-red-hair.jpg\" alt=\"cabelo preto a ruivo subtil\" class=\"wp-image-23085 lazyload\" srcset=\"https:\/\/flawlesshair.com\/wp-content\/uploads\/2023\/09\/black-to-subtle-red-hair.jpg 1080w, https:\/\/flawlesshair.com\/wp-content\/uploads\/2023\/09\/black-to-subtle-red-hair-240x300.jpg 240w, https:\/\/flawlesshair.com\/wp-content\/uploads\/2023\/09\/black-to-subtle-red-hair-819x1024.jpg 819w, https:\/\/flawlesshair.com\/wp-content\/uploads\/2023\/09\/black-to-subtle-red-hair-768x960.jpg 768w, https:\/\/flawlesshair.com\/wp-content\/uploads\/2023\/09\/black-to-subtle-red-hair-864x1080.jpg 864w, https:\/\/flawlesshair.com\/wp-content\/uploads\/2023\/09\/black-to-subtle-red-hair-960x1200.jpg 960w\" sizes=\"auto, (max-width: 760px) calc(100vw - 24px), 720px\" data-pin-media=\"https:\/\/flawlesshair.com\/wp-content\/uploads\/2023\/09\/black-to-subtle-red-hair.jpg\" id=\"mv-trellis-img-16\" data-trellis-processed=\"1\"><div style=\"position: absolute; top: 0.5rem; right: 0.75rem;\"> <a href=\"https:\/\/www.pinterest.com\/pin\/create\/button\/\" data-pin-do=\"buttonPin\" data-pin-tall=\"true\" data-pin-url=\"https:\/\/flawlesshair.com\/pt\/cabelo-ruivo-e-preto\/\" data-pin-media=\"https:\/\/flawlesshair.com\/wp-content\/uploads\/2023\/09\/black-to-subtle-red-hair.jpg\" data-pin-description=\"60 Trendy Red And Black Hair Ideas\" rel=\"nofollow noopener\" target=\"_blank\"> <\/a><\/div><\/div><figcaption class=\"wp-element-caption\">@<a href=\"https:\/\/www.instagram.com\/paintsalonseattle?e=356ee616-0b87-4ef9-8ced-9ab7c25820a6&amp;g=5\" target=\"_blank\" rel=\"noreferrer noopener nofollow\">paintsalonseattle<\/a><\/figcaption><\/figure>\n<\/div>\n\n\n<p>Qu\u00e3o elegante \u00e9 este penteado preto a vermelho subtil? Permitir-lhe-\u00e1 ter um aspeto profissional e, ao mesmo tempo, proporcionar diversidade ao seu estilo. <\/p>\n\n\n\n<h2 class=\"wp-block-heading\">17. Corte Bob Preto com Pontas Vermelhas Ardentes<\/h2>\n\n\n<div class=\"wp-block-image\">\n<figure class=\"aligncenter size-full\"><div style=\"position: relative;\"><noscript><img loading=\"lazy\" decoding=\"async\" width=\"1440\" height=\"1440\" src=\"https:\/\/flawlesshair.com\/wp-content\/uploads\/2023\/09\/black-bob-cut-with-fiery-red-tips.jpg\" alt=\"corte bob preto com pontas vermelhas ardentes\" class=\"wp-image-23086\" srcset=\"https:\/\/flawlesshair.com\/wp-content\/uploads\/2023\/09\/black-bob-cut-with-fiery-red-tips.jpg 1440w, https:\/\/flawlesshair.com\/wp-content\/uploads\/2023\/09\/black-bob-cut-with-fiery-red-tips-300x300.jpg 300w, https:\/\/flawlesshair.com\/wp-content\/uploads\/2023\/09\/black-bob-cut-with-fiery-red-tips-1024x1024.jpg 1024w, https:\/\/flawlesshair.com\/wp-content\/uploads\/2023\/09\/black-bob-cut-with-fiery-red-tips-150x150.jpg 150w, https:\/\/flawlesshair.com\/wp-content\/uploads\/2023\/09\/black-bob-cut-with-fiery-red-tips-768x768.jpg 768w, https:\/\/flawlesshair.com\/wp-content\/uploads\/2023\/09\/black-bob-cut-with-fiery-red-tips-728x728.jpg 728w, https:\/\/flawlesshair.com\/wp-content\/uploads\/2023\/09\/black-bob-cut-with-fiery-red-tips-960x960.jpg 960w, https:\/\/flawlesshair.com\/wp-content\/uploads\/2023\/09\/black-bob-cut-with-fiery-red-tips-1080x1080.jpg 1080w, https:\/\/flawlesshair.com\/wp-content\/uploads\/2023\/09\/black-bob-cut-with-fiery-red-tips-1200x1200.jpg 1200w\" sizes=\"auto, (max-width: 760px) calc(100vw - 24px), 720px\"><\/noscript><img loading=\"lazy\" decoding=\"async\" width=\"1440\" height=\"1440\" src=\"https:\/\/flawlesshair.com\/wp-content\/uploads\/2023\/09\/black-bob-cut-with-fiery-red-tips.jpg\" alt=\"corte bob preto com pontas vermelhas ardentes\" class=\"wp-image-23086 lazyload\" srcset=\"https:\/\/flawlesshair.com\/wp-content\/uploads\/2023\/09\/black-bob-cut-with-fiery-red-tips.jpg 1440w, https:\/\/flawlesshair.com\/wp-content\/uploads\/2023\/09\/black-bob-cut-with-fiery-red-tips-300x300.jpg 300w, https:\/\/flawlesshair.com\/wp-content\/uploads\/2023\/09\/black-bob-cut-with-fiery-red-tips-1024x1024.jpg 1024w, https:\/\/flawlesshair.com\/wp-content\/uploads\/2023\/09\/black-bob-cut-with-fiery-red-tips-150x150.jpg 150w, https:\/\/flawlesshair.com\/wp-content\/uploads\/2023\/09\/black-bob-cut-with-fiery-red-tips-768x768.jpg 768w, https:\/\/flawlesshair.com\/wp-content\/uploads\/2023\/09\/black-bob-cut-with-fiery-red-tips-728x728.jpg 728w, https:\/\/flawlesshair.com\/wp-content\/uploads\/2023\/09\/black-bob-cut-with-fiery-red-tips-960x960.jpg 960w, https:\/\/flawlesshair.com\/wp-content\/uploads\/2023\/09\/black-bob-cut-with-fiery-red-tips-1080x1080.jpg 1080w, https:\/\/flawlesshair.com\/wp-content\/uploads\/2023\/09\/black-bob-cut-with-fiery-red-tips-1200x1200.jpg 1200w\" sizes=\"auto, (max-width: 760px) calc(100vw - 24px), 720px\" data-pin-media=\"https:\/\/flawlesshair.com\/wp-content\/uploads\/2023\/09\/black-bob-cut-with-fiery-red-tips.jpg\" id=\"mv-trellis-img-17\" data-trellis-processed=\"1\"><div style=\"position: absolute; top: 0.5rem; right: 0.75rem;\"> <a href=\"https:\/\/www.pinterest.com\/pin\/create\/button\/\" data-pin-do=\"buttonPin\" data-pin-tall=\"true\" data-pin-url=\"https:\/\/flawlesshair.com\/pt\/cabelo-ruivo-e-preto\/\" data-pin-media=\"https:\/\/flawlesshair.com\/wp-content\/uploads\/2023\/09\/black-bob-cut-with-fiery-red-tips.jpg\" data-pin-description=\"60 Trendy Red And Black Hair Ideas\" rel=\"nofollow noopener\" target=\"_blank\"> <\/a><\/div><\/div><figcaption class=\"wp-element-caption\">@<a href=\"https:\/\/www.instagram.com\/hair.theo\/?e=569d91b9-e3a6-4a72-b83b-f77d85d28d44&amp;g=5\" target=\"_blank\" rel=\"noreferrer noopener nofollow\">cabelo.theo<\/a><\/figcaption><\/figure>\n<\/div>\n\n\n<p>As pontas vermelhas ardentes no cabelo preto s\u00e3o a melhor escolha para quem tem medo de prejudicar a sa\u00fade do seu cabelo. De qualquer forma, elas desaparecer\u00e3o rapidamente. <\/p>\n\n\n\n<h2 class=\"wp-block-heading\">18. Cabelo preto, ruivo e acobreado<\/h2>\n\n\n<div class=\"wp-block-image\">\n<figure class=\"aligncenter size-full\"><div style=\"position: relative;\"><noscript><img loading=\"lazy\" decoding=\"async\" width=\"1080\" height=\"1344\" src=\"https:\/\/flawlesshair.com\/wp-content\/uploads\/2023\/09\/black-red-and-copper-hair.jpg\" alt=\"cabelo preto vermelho e acobreado\" class=\"wp-image-23087\" srcset=\"https:\/\/flawlesshair.com\/wp-content\/uploads\/2023\/09\/black-red-and-copper-hair.jpg 1080w, https:\/\/flawlesshair.com\/wp-content\/uploads\/2023\/09\/black-red-and-copper-hair-241x300.jpg 241w, https:\/\/flawlesshair.com\/wp-content\/uploads\/2023\/09\/black-red-and-copper-hair-823x1024.jpg 823w, https:\/\/flawlesshair.com\/wp-content\/uploads\/2023\/09\/black-red-and-copper-hair-768x956.jpg 768w, https:\/\/flawlesshair.com\/wp-content\/uploads\/2023\/09\/black-red-and-copper-hair-771x960.jpg 771w, https:\/\/flawlesshair.com\/wp-content\/uploads\/2023\/09\/black-red-and-copper-hair-868x1080.jpg 868w, https:\/\/flawlesshair.com\/wp-content\/uploads\/2023\/09\/black-red-and-copper-hair-964x1200.jpg 964w\" sizes=\"auto, (max-width: 760px) calc(100vw - 24px), 720px\"><\/noscript><img loading=\"lazy\" decoding=\"async\" width=\"1080\" height=\"1344\" src=\"https:\/\/flawlesshair.com\/wp-content\/uploads\/2023\/09\/black-red-and-copper-hair.jpg\" alt=\"cabelo preto vermelho e acobreado\" class=\"wp-image-23087 lazyload\" srcset=\"https:\/\/flawlesshair.com\/wp-content\/uploads\/2023\/09\/black-red-and-copper-hair.jpg 1080w, https:\/\/flawlesshair.com\/wp-content\/uploads\/2023\/09\/black-red-and-copper-hair-241x300.jpg 241w, https:\/\/flawlesshair.com\/wp-content\/uploads\/2023\/09\/black-red-and-copper-hair-823x1024.jpg 823w, https:\/\/flawlesshair.com\/wp-content\/uploads\/2023\/09\/black-red-and-copper-hair-768x956.jpg 768w, https:\/\/flawlesshair.com\/wp-content\/uploads\/2023\/09\/black-red-and-copper-hair-771x960.jpg 771w, https:\/\/flawlesshair.com\/wp-content\/uploads\/2023\/09\/black-red-and-copper-hair-868x1080.jpg 868w, https:\/\/flawlesshair.com\/wp-content\/uploads\/2023\/09\/black-red-and-copper-hair-964x1200.jpg 964w\" sizes=\"auto, (max-width: 760px) calc(100vw - 24px), 720px\" data-pin-media=\"https:\/\/flawlesshair.com\/wp-content\/uploads\/2023\/09\/black-red-and-copper-hair.jpg\" id=\"mv-trellis-img-18\" data-trellis-processed=\"1\"><div style=\"position: absolute; top: 0.5rem; right: 0.75rem;\"> <a href=\"https:\/\/www.pinterest.com\/pin\/create\/button\/\" data-pin-do=\"buttonPin\" data-pin-tall=\"true\" data-pin-url=\"https:\/\/flawlesshair.com\/pt\/cabelo-ruivo-e-preto\/\" data-pin-media=\"https:\/\/flawlesshair.com\/wp-content\/uploads\/2023\/09\/black-red-and-copper-hair.jpg\" data-pin-description=\"60 Trendy Red And Black Hair Ideas\" rel=\"nofollow noopener\" target=\"_blank\"> <\/a><\/div><\/div><figcaption class=\"wp-element-caption\">@<a href=\"https:\/\/www.instagram.com\/abbeybrookee?e=e5db1c41-089d-4f24-a6f0-325ad8b089fa&amp;g=5\" target=\"_blank\" rel=\"noreferrer noopener nofollow\">abbeybrookee<\/a><\/figcaption><\/figure>\n<\/div>\n\n\n<p>O preto, o vermelho e o cobre s\u00e3o cores a mais nas suas madeixas? Honestamente, para muitos, a resposta \u00e9 sim. Mas se for uma rapariga arrojada, saber\u00e1 como arrasar com este estilo. <\/p>\n\n\n\n<h2 class=\"wp-block-heading\">19. Cabelo vermelho magma e preto<\/h2>\n\n\n<div class=\"wp-block-image\">\n<figure class=\"aligncenter size-full\"><div style=\"position: relative;\"><noscript><img loading=\"lazy\" decoding=\"async\" width=\"1080\" height=\"1106\" src=\"https:\/\/flawlesshair.com\/wp-content\/uploads\/2023\/09\/magma-red-and-black-hair.jpg\" alt=\"cabelo vermelho magma e preto\" class=\"wp-image-23088\" srcset=\"https:\/\/flawlesshair.com\/wp-content\/uploads\/2023\/09\/magma-red-and-black-hair.jpg 1080w, https:\/\/flawlesshair.com\/wp-content\/uploads\/2023\/09\/magma-red-and-black-hair-293x300.jpg 293w, https:\/\/flawlesshair.com\/wp-content\/uploads\/2023\/09\/magma-red-and-black-hair-1000x1024.jpg 1000w, https:\/\/flawlesshair.com\/wp-content\/uploads\/2023\/09\/magma-red-and-black-hair-768x786.jpg 768w, https:\/\/flawlesshair.com\/wp-content\/uploads\/2023\/09\/magma-red-and-black-hair-937x960.jpg 937w, https:\/\/flawlesshair.com\/wp-content\/uploads\/2023\/09\/magma-red-and-black-hair-1055x1080.jpg 1055w\" sizes=\"auto, (max-width: 760px) calc(100vw - 24px), 720px\"><\/noscript><img loading=\"lazy\" decoding=\"async\" width=\"1080\" height=\"1106\" src=\"https:\/\/flawlesshair.com\/wp-content\/uploads\/2023\/09\/magma-red-and-black-hair.jpg\" alt=\"cabelo vermelho magma e preto\" class=\"wp-image-23088 lazyload\" srcset=\"https:\/\/flawlesshair.com\/wp-content\/uploads\/2023\/09\/magma-red-and-black-hair.jpg 1080w, https:\/\/flawlesshair.com\/wp-content\/uploads\/2023\/09\/magma-red-and-black-hair-293x300.jpg 293w, https:\/\/flawlesshair.com\/wp-content\/uploads\/2023\/09\/magma-red-and-black-hair-1000x1024.jpg 1000w, https:\/\/flawlesshair.com\/wp-content\/uploads\/2023\/09\/magma-red-and-black-hair-768x786.jpg 768w, https:\/\/flawlesshair.com\/wp-content\/uploads\/2023\/09\/magma-red-and-black-hair-937x960.jpg 937w, https:\/\/flawlesshair.com\/wp-content\/uploads\/2023\/09\/magma-red-and-black-hair-1055x1080.jpg 1055w\" sizes=\"auto, (max-width: 760px) calc(100vw - 24px), 720px\" data-pin-media=\"https:\/\/flawlesshair.com\/wp-content\/uploads\/2023\/09\/magma-red-and-black-hair.jpg\" id=\"mv-trellis-img-19\" data-trellis-processed=\"1\"><div style=\"position: absolute; top: 0.5rem; right: 0.75rem;\"> <a href=\"https:\/\/www.pinterest.com\/pin\/create\/button\/\" data-pin-do=\"buttonPin\" data-pin-tall=\"true\" data-pin-url=\"https:\/\/flawlesshair.com\/pt\/cabelo-ruivo-e-preto\/\" data-pin-media=\"https:\/\/flawlesshair.com\/wp-content\/uploads\/2023\/09\/magma-red-and-black-hair.jpg\" data-pin-description=\"60 Trendy Red And Black Hair Ideas\" rel=\"nofollow noopener\" target=\"_blank\"> <\/a><\/div><\/div><figcaption class=\"wp-element-caption\">@<a href=\"https:\/\/www.instagram.com\/hairfrommarz\/?e=56cd5c89-64e8-484c-9b6f-657dea44ff56&amp;g=5\" target=\"_blank\" rel=\"noreferrer noopener nofollow\">cabelofrommarz<\/a><\/figcaption><\/figure>\n<\/div>\n\n\n<p>Se \u00e9 ardente e feroz como um magma, esta \u00e9 a combina\u00e7\u00e3o perfeita de tons para si. N\u00e3o se esque\u00e7a de combinar a cor com este corte moderno. <\/p>\n\n\n\n<h2 class=\"wp-block-heading\">20. Cabelo preto com pontas vermelho-rosadas<\/h2>\n\n\n<div class=\"wp-block-image\">\n<figure class=\"aligncenter size-full\"><div style=\"position: relative;\"><noscript><img loading=\"lazy\" decoding=\"async\" width=\"1080\" height=\"1350\" src=\"https:\/\/flawlesshair.com\/wp-content\/uploads\/2023\/09\/black-hair-with-pinkish-red-tips.jpg\" alt=\"cabelo preto com pontas vermelho-rosadas\" class=\"wp-image-23090\" srcset=\"https:\/\/flawlesshair.com\/wp-content\/uploads\/2023\/09\/black-hair-with-pinkish-red-tips.jpg 1080w, https:\/\/flawlesshair.com\/wp-content\/uploads\/2023\/09\/black-hair-with-pinkish-red-tips-240x300.jpg 240w, https:\/\/flawlesshair.com\/wp-content\/uploads\/2023\/09\/black-hair-with-pinkish-red-tips-819x1024.jpg 819w, https:\/\/flawlesshair.com\/wp-content\/uploads\/2023\/09\/black-hair-with-pinkish-red-tips-768x960.jpg 768w, https:\/\/flawlesshair.com\/wp-content\/uploads\/2023\/09\/black-hair-with-pinkish-red-tips-864x1080.jpg 864w, https:\/\/flawlesshair.com\/wp-content\/uploads\/2023\/09\/black-hair-with-pinkish-red-tips-960x1200.jpg 960w\" sizes=\"auto, (max-width: 760px) calc(100vw - 24px), 720px\"><\/noscript><img loading=\"lazy\" decoding=\"async\" width=\"1080\" height=\"1350\" src=\"https:\/\/flawlesshair.com\/wp-content\/uploads\/2023\/09\/black-hair-with-pinkish-red-tips.jpg\" alt=\"cabelo preto com pontas vermelho-rosadas\" class=\"wp-image-23090 lazyload\" srcset=\"https:\/\/flawlesshair.com\/wp-content\/uploads\/2023\/09\/black-hair-with-pinkish-red-tips.jpg 1080w, https:\/\/flawlesshair.com\/wp-content\/uploads\/2023\/09\/black-hair-with-pinkish-red-tips-240x300.jpg 240w, https:\/\/flawlesshair.com\/wp-content\/uploads\/2023\/09\/black-hair-with-pinkish-red-tips-819x1024.jpg 819w, https:\/\/flawlesshair.com\/wp-content\/uploads\/2023\/09\/black-hair-with-pinkish-red-tips-768x960.jpg 768w, https:\/\/flawlesshair.com\/wp-content\/uploads\/2023\/09\/black-hair-with-pinkish-red-tips-864x1080.jpg 864w, https:\/\/flawlesshair.com\/wp-content\/uploads\/2023\/09\/black-hair-with-pinkish-red-tips-960x1200.jpg 960w\" sizes=\"auto, (max-width: 760px) calc(100vw - 24px), 720px\" data-pin-media=\"https:\/\/flawlesshair.com\/wp-content\/uploads\/2023\/09\/black-hair-with-pinkish-red-tips.jpg\" id=\"mv-trellis-img-20\" data-trellis-processed=\"1\"><div style=\"position: absolute; top: 0.5rem; right: 0.75rem;\"> <a href=\"https:\/\/www.pinterest.com\/pin\/create\/button\/\" data-pin-do=\"buttonPin\" data-pin-tall=\"true\" data-pin-url=\"https:\/\/flawlesshair.com\/pt\/cabelo-ruivo-e-preto\/\" data-pin-media=\"https:\/\/flawlesshair.com\/wp-content\/uploads\/2023\/09\/black-hair-with-pinkish-red-tips.jpg\" data-pin-description=\"60 Trendy Red And Black Hair Ideas\" rel=\"nofollow noopener\" target=\"_blank\"> <\/a><\/div><\/div><figcaption class=\"wp-element-caption\">@<a href=\"https:\/\/www.instagram.com\/hairfrommarz?e=1f93475a-dd97-4dac-a807-70e2c935a9e0&amp;g=5\" target=\"_blank\" rel=\"noreferrer noopener nofollow\">cabelofrommarz<\/a><\/figcaption><\/figure>\n<\/div>\n\n\n<p>Quer dar um toque de aventura ao seu visual? Se a resposta for sim, veio ao s\u00edtio certo e encontrou o penteado certo para a ajudar a faz\u00ea-lo. <\/p>\n\n\n\n<h2 class=\"wp-block-heading\">21. Madeixas vermelho-vinho no cabelo preto<\/h2>\n\n\n<div class=\"wp-block-image\">\n<figure class=\"aligncenter size-full\"><div style=\"position: relative;\"><noscript><img loading=\"lazy\" decoding=\"async\" width=\"1080\" height=\"1288\" src=\"https:\/\/flawlesshair.com\/wp-content\/uploads\/2023\/09\/wine-red-highlights-on-black-hair.jpg\" alt=\"madeixas vermelho-vinho em cabelo preto\" class=\"wp-image-23091\" srcset=\"https:\/\/flawlesshair.com\/wp-content\/uploads\/2023\/09\/wine-red-highlights-on-black-hair.jpg 1080w, https:\/\/flawlesshair.com\/wp-content\/uploads\/2023\/09\/wine-red-highlights-on-black-hair-252x300.jpg 252w, https:\/\/flawlesshair.com\/wp-content\/uploads\/2023\/09\/wine-red-highlights-on-black-hair-859x1024.jpg 859w, https:\/\/flawlesshair.com\/wp-content\/uploads\/2023\/09\/wine-red-highlights-on-black-hair-768x916.jpg 768w, https:\/\/flawlesshair.com\/wp-content\/uploads\/2023\/09\/wine-red-highlights-on-black-hair-805x960.jpg 805w, https:\/\/flawlesshair.com\/wp-content\/uploads\/2023\/09\/wine-red-highlights-on-black-hair-906x1080.jpg 906w, https:\/\/flawlesshair.com\/wp-content\/uploads\/2023\/09\/wine-red-highlights-on-black-hair-1006x1200.jpg 1006w\" sizes=\"auto, (max-width: 760px) calc(100vw - 24px), 720px\"><\/noscript><img loading=\"lazy\" decoding=\"async\" width=\"1080\" height=\"1288\" src=\"https:\/\/flawlesshair.com\/wp-content\/uploads\/2023\/09\/wine-red-highlights-on-black-hair.jpg\" alt=\"madeixas vermelho-vinho em cabelo preto\" class=\"wp-image-23091 lazyload\" srcset=\"https:\/\/flawlesshair.com\/wp-content\/uploads\/2023\/09\/wine-red-highlights-on-black-hair.jpg 1080w, https:\/\/flawlesshair.com\/wp-content\/uploads\/2023\/09\/wine-red-highlights-on-black-hair-252x300.jpg 252w, https:\/\/flawlesshair.com\/wp-content\/uploads\/2023\/09\/wine-red-highlights-on-black-hair-859x1024.jpg 859w, https:\/\/flawlesshair.com\/wp-content\/uploads\/2023\/09\/wine-red-highlights-on-black-hair-768x916.jpg 768w, https:\/\/flawlesshair.com\/wp-content\/uploads\/2023\/09\/wine-red-highlights-on-black-hair-805x960.jpg 805w, https:\/\/flawlesshair.com\/wp-content\/uploads\/2023\/09\/wine-red-highlights-on-black-hair-906x1080.jpg 906w, https:\/\/flawlesshair.com\/wp-content\/uploads\/2023\/09\/wine-red-highlights-on-black-hair-1006x1200.jpg 1006w\" sizes=\"auto, (max-width: 760px) calc(100vw - 24px), 720px\" data-pin-media=\"https:\/\/flawlesshair.com\/wp-content\/uploads\/2023\/09\/wine-red-highlights-on-black-hair.jpg\" id=\"mv-trellis-img-21\" data-trellis-processed=\"1\"><div style=\"position: absolute; top: 0.5rem; right: 0.75rem;\"> <a href=\"https:\/\/www.pinterest.com\/pin\/create\/button\/\" data-pin-do=\"buttonPin\" data-pin-tall=\"true\" data-pin-url=\"https:\/\/flawlesshair.com\/pt\/cabelo-ruivo-e-preto\/\" data-pin-media=\"https:\/\/flawlesshair.com\/wp-content\/uploads\/2023\/09\/wine-red-highlights-on-black-hair.jpg\" data-pin-description=\"60 Trendy Red And Black Hair Ideas\" rel=\"nofollow noopener\" target=\"_blank\"> <\/a><\/div><\/div><figcaption class=\"wp-element-caption\">@<a href=\"https:\/\/www.instagram.com\/blondebrunette?e=1262e287-ad9b-470a-87f6-d9d367dfab24&amp;g=5\" target=\"_blank\" rel=\"noreferrer noopener nofollow\">blondebrunette<\/a><\/figcaption><\/figure>\n<\/div>\n\n\n<p>As madeixas vermelho-vinho dar\u00e3o ao seu cabelo um toque de mist\u00e9rio. Esta cor \u00e9 sin\u00f3nimo de luxo e dinheiro antigo. <\/p>\n\n\n\n<h2 class=\"wp-block-heading\">22. Vermelho sangue sobre base preta<\/h2>\n\n\n<div class=\"wp-block-image\">\n<figure class=\"aligncenter size-full\"><div style=\"position: relative;\"><noscript><img loading=\"lazy\" decoding=\"async\" width=\"1080\" height=\"1350\" src=\"https:\/\/flawlesshair.com\/wp-content\/uploads\/2023\/09\/blood-red-hair-on-black-base.jpg\" alt=\"cabelo vermelho-sangue sobre base preta\" class=\"wp-image-23092\" srcset=\"https:\/\/flawlesshair.com\/wp-content\/uploads\/2023\/09\/blood-red-hair-on-black-base.jpg 1080w, https:\/\/flawlesshair.com\/wp-content\/uploads\/2023\/09\/blood-red-hair-on-black-base-240x300.jpg 240w, https:\/\/flawlesshair.com\/wp-content\/uploads\/2023\/09\/blood-red-hair-on-black-base-819x1024.jpg 819w, https:\/\/flawlesshair.com\/wp-content\/uploads\/2023\/09\/blood-red-hair-on-black-base-768x960.jpg 768w, https:\/\/flawlesshair.com\/wp-content\/uploads\/2023\/09\/blood-red-hair-on-black-base-864x1080.jpg 864w, https:\/\/flawlesshair.com\/wp-content\/uploads\/2023\/09\/blood-red-hair-on-black-base-960x1200.jpg 960w\" sizes=\"auto, (max-width: 760px) calc(100vw - 24px), 720px\"><\/noscript><img loading=\"lazy\" decoding=\"async\" width=\"1080\" height=\"1350\" src=\"https:\/\/flawlesshair.com\/wp-content\/uploads\/2023\/09\/blood-red-hair-on-black-base.jpg\" alt=\"cabelo vermelho-sangue sobre base preta\" class=\"wp-image-23092 lazyload\" srcset=\"https:\/\/flawlesshair.com\/wp-content\/uploads\/2023\/09\/blood-red-hair-on-black-base.jpg 1080w, https:\/\/flawlesshair.com\/wp-content\/uploads\/2023\/09\/blood-red-hair-on-black-base-240x300.jpg 240w, https:\/\/flawlesshair.com\/wp-content\/uploads\/2023\/09\/blood-red-hair-on-black-base-819x1024.jpg 819w, https:\/\/flawlesshair.com\/wp-content\/uploads\/2023\/09\/blood-red-hair-on-black-base-768x960.jpg 768w, https:\/\/flawlesshair.com\/wp-content\/uploads\/2023\/09\/blood-red-hair-on-black-base-864x1080.jpg 864w, https:\/\/flawlesshair.com\/wp-content\/uploads\/2023\/09\/blood-red-hair-on-black-base-960x1200.jpg 960w\" sizes=\"auto, (max-width: 760px) calc(100vw - 24px), 720px\" data-pin-media=\"https:\/\/flawlesshair.com\/wp-content\/uploads\/2023\/09\/blood-red-hair-on-black-base.jpg\" id=\"mv-trellis-img-22\" data-trellis-processed=\"1\"><div style=\"position: absolute; top: 0.5rem; right: 0.75rem;\"> <a href=\"https:\/\/www.pinterest.com\/pin\/create\/button\/\" data-pin-do=\"buttonPin\" data-pin-tall=\"true\" data-pin-url=\"https:\/\/flawlesshair.com\/pt\/cabelo-ruivo-e-preto\/\" data-pin-media=\"https:\/\/flawlesshair.com\/wp-content\/uploads\/2023\/09\/blood-red-hair-on-black-base.jpg\" data-pin-description=\"60 Trendy Red And Black Hair Ideas\" rel=\"nofollow noopener\" target=\"_blank\"> <\/a><\/div><\/div><figcaption class=\"wp-element-caption\">@<a href=\"https:\/\/www.instagram.com\/_heyhelena?e=ba282c40-c309-41f9-bf8e-eb6f73fa5a95&amp;g=5\" target=\"_blank\" rel=\"noreferrer noopener nofollow\">_heyhelena<\/a><\/figcaption><\/figure>\n<\/div>\n\n\n<p>Ainda n\u00e3o ouviste falar? A princesa est\u00e1 fora de cena e a bruxa malvada ruiva \u00e9 agora a hero\u00edna mais popular da Disney. <\/p>\n\n\n\n<h2 class=\"wp-block-heading\">23. Balayage Vermelho em Cabelo Preto de Comprimento M\u00e9dio<\/h2>\n\n\n<div class=\"wp-block-image\">\n<figure class=\"aligncenter size-full is-resized\"><div style=\"position: relative;\"><noscript><img loading=\"lazy\" decoding=\"async\" width=\"1080\" height=\"1202\" src=\"https:\/\/flawlesshair.com\/wp-content\/uploads\/2023\/09\/red-balayage-on-black-medium-length-hair.jpg\" alt=\"balayage vermelho em cabelo preto de comprimento m\u00e9dio\" class=\"wp-image-23093\" style=\"width:840px\" srcset=\"https:\/\/flawlesshair.com\/wp-content\/uploads\/2023\/09\/red-balayage-on-black-medium-length-hair.jpg 1080w, https:\/\/flawlesshair.com\/wp-content\/uploads\/2023\/09\/red-balayage-on-black-medium-length-hair-270x300.jpg 270w, https:\/\/flawlesshair.com\/wp-content\/uploads\/2023\/09\/red-balayage-on-black-medium-length-hair-920x1024.jpg 920w, https:\/\/flawlesshair.com\/wp-content\/uploads\/2023\/09\/red-balayage-on-black-medium-length-hair-768x855.jpg 768w, https:\/\/flawlesshair.com\/wp-content\/uploads\/2023\/09\/red-balayage-on-black-medium-length-hair-863x960.jpg 863w, https:\/\/flawlesshair.com\/wp-content\/uploads\/2023\/09\/red-balayage-on-black-medium-length-hair-970x1080.jpg 970w, https:\/\/flawlesshair.com\/wp-content\/uploads\/2023\/09\/red-balayage-on-black-medium-length-hair-1078x1200.jpg 1078w\" sizes=\"auto, (max-width: 760px) calc(100vw - 24px), 720px\"><\/noscript><img loading=\"lazy\" decoding=\"async\" width=\"1080\" height=\"1202\" src=\"https:\/\/flawlesshair.com\/wp-content\/uploads\/2023\/09\/red-balayage-on-black-medium-length-hair.jpg\" alt=\"balayage vermelho em cabelo preto de comprimento m\u00e9dio\" class=\"wp-image-23093 lazyload\" style=\"width:840px\" srcset=\"https:\/\/flawlesshair.com\/wp-content\/uploads\/2023\/09\/red-balayage-on-black-medium-length-hair.jpg 1080w, https:\/\/flawlesshair.com\/wp-content\/uploads\/2023\/09\/red-balayage-on-black-medium-length-hair-270x300.jpg 270w, https:\/\/flawlesshair.com\/wp-content\/uploads\/2023\/09\/red-balayage-on-black-medium-length-hair-920x1024.jpg 920w, https:\/\/flawlesshair.com\/wp-content\/uploads\/2023\/09\/red-balayage-on-black-medium-length-hair-768x855.jpg 768w, https:\/\/flawlesshair.com\/wp-content\/uploads\/2023\/09\/red-balayage-on-black-medium-length-hair-863x960.jpg 863w, https:\/\/flawlesshair.com\/wp-content\/uploads\/2023\/09\/red-balayage-on-black-medium-length-hair-970x1080.jpg 970w, https:\/\/flawlesshair.com\/wp-content\/uploads\/2023\/09\/red-balayage-on-black-medium-length-hair-1078x1200.jpg 1078w\" sizes=\"auto, (max-width: 760px) calc(100vw - 24px), 720px\" data-pin-media=\"https:\/\/flawlesshair.com\/wp-content\/uploads\/2023\/09\/red-balayage-on-black-medium-length-hair.jpg\" id=\"mv-trellis-img-23\" data-trellis-processed=\"1\"><div style=\"position: absolute; top: 0.5rem; right: 0.75rem;\"> <a href=\"https:\/\/www.pinterest.com\/pin\/create\/button\/\" data-pin-do=\"buttonPin\" data-pin-tall=\"true\" data-pin-url=\"https:\/\/flawlesshair.com\/pt\/cabelo-ruivo-e-preto\/\" data-pin-media=\"https:\/\/flawlesshair.com\/wp-content\/uploads\/2023\/09\/red-balayage-on-black-medium-length-hair.jpg\" data-pin-description=\"60 Trendy Red And Black Hair Ideas\" rel=\"nofollow noopener\" target=\"_blank\"> <\/a><\/div><\/div><figcaption class=\"wp-element-caption\">@<a href=\"https:\/\/www.instagram.com\/_heyhelena?e=b17f48fa-a511-4403-a539-0e8b84acd3f0&amp;g=5\" target=\"_blank\" rel=\"noreferrer noopener nofollow\">_heyhelena<\/a><\/figcaption><\/figure>\n<\/div>\n\n\n<p>Uma coisa \u00e9 certa: a balayage vermelha num cabelo preto de comprimento m\u00e9dio \u00e9 uma verdadeira reviravolta. Todos se v\u00e3o apaixonar pelo seu cabelo assim que o virem. <\/p>\n\n\n\n<h2 class=\"wp-block-heading\">24. Vermelho cereja sobre base preta<\/h2>\n\n\n<div class=\"wp-block-image\">\n<figure class=\"aligncenter size-full\"><div style=\"position: relative;\"><noscript><img loading=\"lazy\" decoding=\"async\" width=\"1080\" height=\"1349\" src=\"https:\/\/flawlesshair.com\/wp-content\/uploads\/2023\/09\/cherry-red-hair-on-black-base.jpg\" alt=\"cabelo vermelho cereja sobre base preta\" class=\"wp-image-23094\" srcset=\"https:\/\/flawlesshair.com\/wp-content\/uploads\/2023\/09\/cherry-red-hair-on-black-base.jpg 1080w, https:\/\/flawlesshair.com\/wp-content\/uploads\/2023\/09\/cherry-red-hair-on-black-base-240x300.jpg 240w, https:\/\/flawlesshair.com\/wp-content\/uploads\/2023\/09\/cherry-red-hair-on-black-base-820x1024.jpg 820w, https:\/\/flawlesshair.com\/wp-content\/uploads\/2023\/09\/cherry-red-hair-on-black-base-768x959.jpg 768w, https:\/\/flawlesshair.com\/wp-content\/uploads\/2023\/09\/cherry-red-hair-on-black-base-769x960.jpg 769w, https:\/\/flawlesshair.com\/wp-content\/uploads\/2023\/09\/cherry-red-hair-on-black-base-865x1080.jpg 865w, https:\/\/flawlesshair.com\/wp-content\/uploads\/2023\/09\/cherry-red-hair-on-black-base-961x1200.jpg 961w\" sizes=\"auto, (max-width: 760px) calc(100vw - 24px), 720px\"><\/noscript><img loading=\"lazy\" decoding=\"async\" width=\"1080\" height=\"1349\" src=\"https:\/\/flawlesshair.com\/wp-content\/uploads\/2023\/09\/cherry-red-hair-on-black-base.jpg\" alt=\"cabelo vermelho cereja sobre base preta\" class=\"wp-image-23094 lazyload\" srcset=\"https:\/\/flawlesshair.com\/wp-content\/uploads\/2023\/09\/cherry-red-hair-on-black-base.jpg 1080w, https:\/\/flawlesshair.com\/wp-content\/uploads\/2023\/09\/cherry-red-hair-on-black-base-240x300.jpg 240w, https:\/\/flawlesshair.com\/wp-content\/uploads\/2023\/09\/cherry-red-hair-on-black-base-820x1024.jpg 820w, https:\/\/flawlesshair.com\/wp-content\/uploads\/2023\/09\/cherry-red-hair-on-black-base-768x959.jpg 768w, https:\/\/flawlesshair.com\/wp-content\/uploads\/2023\/09\/cherry-red-hair-on-black-base-769x960.jpg 769w, https:\/\/flawlesshair.com\/wp-content\/uploads\/2023\/09\/cherry-red-hair-on-black-base-865x1080.jpg 865w, https:\/\/flawlesshair.com\/wp-content\/uploads\/2023\/09\/cherry-red-hair-on-black-base-961x1200.jpg 961w\" sizes=\"auto, (max-width: 760px) calc(100vw - 24px), 720px\" data-pin-media=\"https:\/\/flawlesshair.com\/wp-content\/uploads\/2023\/09\/cherry-red-hair-on-black-base.jpg\" id=\"mv-trellis-img-24\" data-trellis-processed=\"1\"><div style=\"position: absolute; top: 0.5rem; right: 0.75rem;\"> <a href=\"https:\/\/www.pinterest.com\/pin\/create\/button\/\" data-pin-do=\"buttonPin\" data-pin-tall=\"true\" data-pin-url=\"https:\/\/flawlesshair.com\/pt\/cabelo-ruivo-e-preto\/\" data-pin-media=\"https:\/\/flawlesshair.com\/wp-content\/uploads\/2023\/09\/cherry-red-hair-on-black-base.jpg\" data-pin-description=\"60 Trendy Red And Black Hair Ideas\" rel=\"nofollow noopener\" target=\"_blank\"> <\/a><\/div><\/div><figcaption class=\"wp-element-caption\">@<a href=\"https:\/\/www.instagram.com\/_heyhelena?e=85ec2cfa-6ccf-46a2-b92b-7f2073a8a4e2&amp;g=5\" target=\"_blank\" rel=\"noreferrer noopener nofollow\">_heyhelena<\/a><\/figcaption><\/figure>\n<\/div>\n\n\n<p>O vermelho cereja numa base preta \u00e9 demasiado contrastante? N\u00e3o se gostar de cores vivas para o cabelo e quiser refrescar verdadeiramente o seu estilo. <\/p>\n\n\n\n<h2 class=\"wp-block-heading\">25. Corte de borboleta vermelho e preto<\/h2>\n\n\n<div class=\"wp-block-image\">\n<figure class=\"aligncenter size-full\"><div style=\"position: relative;\"><noscript><img loading=\"lazy\" decoding=\"async\" width=\"1080\" height=\"1346\" src=\"https:\/\/flawlesshair.com\/wp-content\/uploads\/2023\/09\/red-and-black-butterfly-cut.jpg\" alt=\"corte de borboleta vermelha e preta\" class=\"wp-image-23095\" srcset=\"https:\/\/flawlesshair.com\/wp-content\/uploads\/2023\/09\/red-and-black-butterfly-cut.jpg 1080w, https:\/\/flawlesshair.com\/wp-content\/uploads\/2023\/09\/red-and-black-butterfly-cut-241x300.jpg 241w, https:\/\/flawlesshair.com\/wp-content\/uploads\/2023\/09\/red-and-black-butterfly-cut-822x1024.jpg 822w, https:\/\/flawlesshair.com\/wp-content\/uploads\/2023\/09\/red-and-black-butterfly-cut-768x957.jpg 768w, https:\/\/flawlesshair.com\/wp-content\/uploads\/2023\/09\/red-and-black-butterfly-cut-770x960.jpg 770w, https:\/\/flawlesshair.com\/wp-content\/uploads\/2023\/09\/red-and-black-butterfly-cut-867x1080.jpg 867w, https:\/\/flawlesshair.com\/wp-content\/uploads\/2023\/09\/red-and-black-butterfly-cut-963x1200.jpg 963w\" sizes=\"auto, (max-width: 760px) calc(100vw - 24px), 720px\"><\/noscript><img loading=\"lazy\" decoding=\"async\" width=\"1080\" height=\"1346\" src=\"https:\/\/flawlesshair.com\/wp-content\/uploads\/2023\/09\/red-and-black-butterfly-cut.jpg\" alt=\"corte de borboleta vermelha e preta\" class=\"wp-image-23095 lazyload\" srcset=\"https:\/\/flawlesshair.com\/wp-content\/uploads\/2023\/09\/red-and-black-butterfly-cut.jpg 1080w, https:\/\/flawlesshair.com\/wp-content\/uploads\/2023\/09\/red-and-black-butterfly-cut-241x300.jpg 241w, https:\/\/flawlesshair.com\/wp-content\/uploads\/2023\/09\/red-and-black-butterfly-cut-822x1024.jpg 822w, https:\/\/flawlesshair.com\/wp-content\/uploads\/2023\/09\/red-and-black-butterfly-cut-768x957.jpg 768w, https:\/\/flawlesshair.com\/wp-content\/uploads\/2023\/09\/red-and-black-butterfly-cut-770x960.jpg 770w, https:\/\/flawlesshair.com\/wp-content\/uploads\/2023\/09\/red-and-black-butterfly-cut-867x1080.jpg 867w, https:\/\/flawlesshair.com\/wp-content\/uploads\/2023\/09\/red-and-black-butterfly-cut-963x1200.jpg 963w\" sizes=\"auto, (max-width: 760px) calc(100vw - 24px), 720px\" data-pin-media=\"https:\/\/flawlesshair.com\/wp-content\/uploads\/2023\/09\/red-and-black-butterfly-cut.jpg\" id=\"mv-trellis-img-25\" data-trellis-processed=\"1\"><div style=\"position: absolute; top: 0.5rem; right: 0.75rem;\"> <a href=\"https:\/\/www.pinterest.com\/pin\/create\/button\/\" data-pin-do=\"buttonPin\" data-pin-tall=\"true\" data-pin-url=\"https:\/\/flawlesshair.com\/pt\/cabelo-ruivo-e-preto\/\" data-pin-media=\"https:\/\/flawlesshair.com\/wp-content\/uploads\/2023\/09\/red-and-black-butterfly-cut.jpg\" data-pin-description=\"60 Trendy Red And Black Hair Ideas\" rel=\"nofollow noopener\" target=\"_blank\"> <\/a><\/div><\/div><figcaption class=\"wp-element-caption\">@<a href=\"https:\/\/www.instagram.com\/steph_gshair\/?e=25d19ef6-ac30-4375-b939-7927c6c90cb2&amp;g=5\" target=\"_blank\" rel=\"noreferrer noopener nofollow\">steph_gshair<\/a><\/figcaption><\/figure>\n<\/div>\n\n\n<p> Um corte borboleta em camadas far\u00e1 com que o seu cabelo pare\u00e7a mais espesso do que nunca. E se quiser dar-lhe alguma dimens\u00e3o e profundidade, utilize esta combina\u00e7\u00e3o de cores. <\/p>\n\n\n\n<h2 class=\"wp-block-heading\">26. Matiz de cobre no cabelo preto<\/h2>\n\n\n<div class=\"wp-block-image\">\n<figure class=\"aligncenter size-full\"><div style=\"position: relative;\"><noscript><img loading=\"lazy\" decoding=\"async\" width=\"1080\" height=\"1350\" src=\"https:\/\/flawlesshair.com\/wp-content\/uploads\/2023\/09\/copper-color-blocking-on-black-hair.jpg\" alt=\"color blocking cobre em cabelo preto\" class=\"wp-image-23097\" srcset=\"https:\/\/flawlesshair.com\/wp-content\/uploads\/2023\/09\/copper-color-blocking-on-black-hair.jpg 1080w, https:\/\/flawlesshair.com\/wp-content\/uploads\/2023\/09\/copper-color-blocking-on-black-hair-240x300.jpg 240w, https:\/\/flawlesshair.com\/wp-content\/uploads\/2023\/09\/copper-color-blocking-on-black-hair-819x1024.jpg 819w, https:\/\/flawlesshair.com\/wp-content\/uploads\/2023\/09\/copper-color-blocking-on-black-hair-768x960.jpg 768w, https:\/\/flawlesshair.com\/wp-content\/uploads\/2023\/09\/copper-color-blocking-on-black-hair-864x1080.jpg 864w, https:\/\/flawlesshair.com\/wp-content\/uploads\/2023\/09\/copper-color-blocking-on-black-hair-960x1200.jpg 960w\" sizes=\"auto, (max-width: 760px) calc(100vw - 24px), 720px\"><\/noscript><img loading=\"lazy\" decoding=\"async\" width=\"1080\" height=\"1350\" src=\"https:\/\/flawlesshair.com\/wp-content\/uploads\/2023\/09\/copper-color-blocking-on-black-hair.jpg\" alt=\"color blocking cobre em cabelo preto\" class=\"wp-image-23097 lazyload\" srcset=\"https:\/\/flawlesshair.com\/wp-content\/uploads\/2023\/09\/copper-color-blocking-on-black-hair.jpg 1080w, https:\/\/flawlesshair.com\/wp-content\/uploads\/2023\/09\/copper-color-blocking-on-black-hair-240x300.jpg 240w, https:\/\/flawlesshair.com\/wp-content\/uploads\/2023\/09\/copper-color-blocking-on-black-hair-819x1024.jpg 819w, https:\/\/flawlesshair.com\/wp-content\/uploads\/2023\/09\/copper-color-blocking-on-black-hair-768x960.jpg 768w, https:\/\/flawlesshair.com\/wp-content\/uploads\/2023\/09\/copper-color-blocking-on-black-hair-864x1080.jpg 864w, https:\/\/flawlesshair.com\/wp-content\/uploads\/2023\/09\/copper-color-blocking-on-black-hair-960x1200.jpg 960w\" sizes=\"auto, (max-width: 760px) calc(100vw - 24px), 720px\" data-pin-media=\"https:\/\/flawlesshair.com\/wp-content\/uploads\/2023\/09\/copper-color-blocking-on-black-hair.jpg\" id=\"mv-trellis-img-26\" data-trellis-processed=\"1\"><div style=\"position: absolute; top: 0.5rem; right: 0.75rem;\"> <a href=\"https:\/\/www.pinterest.com\/pin\/create\/button\/\" data-pin-do=\"buttonPin\" data-pin-tall=\"true\" data-pin-url=\"https:\/\/flawlesshair.com\/pt\/cabelo-ruivo-e-preto\/\" data-pin-media=\"https:\/\/flawlesshair.com\/wp-content\/uploads\/2023\/09\/copper-color-blocking-on-black-hair.jpg\" data-pin-description=\"60 Trendy Red And Black Hair Ideas\" rel=\"nofollow noopener\" target=\"_blank\"> <\/a><\/div><\/div><figcaption class=\"wp-element-caption\">@<a href=\"https:\/\/www.instagram.com\/stylesbyblackbear?e=29b36093-733d-4df1-b737-b293278e4cb0&amp;g=5\" target=\"_blank\" rel=\"noreferrer noopener nofollow\">stylesbyblackbear<\/a><\/figcaption><\/figure>\n<\/div>\n\n\n<p>O seu cabelo preto nunca ter\u00e1 melhor aspeto do que com o color blocking cobre. Se n\u00e3o acredita em mim, experimente por si pr\u00f3pria. <\/p>\n\n\n\n<h2 class=\"wp-block-heading\">27. Franja vermelha brilhante num corte Hime preto<\/h2>\n\n\n<div class=\"wp-block-image\">\n<figure class=\"aligncenter size-full\"><div style=\"position: relative;\"><noscript><img loading=\"lazy\" decoding=\"async\" width=\"1080\" height=\"1196\" src=\"https:\/\/flawlesshair.com\/wp-content\/uploads\/2023\/09\/bright-red-bangs-on-black-hime-cut.jpg\" alt=\"franja vermelha brilhante num corte hime preto\" class=\"wp-image-23098\" srcset=\"https:\/\/flawlesshair.com\/wp-content\/uploads\/2023\/09\/bright-red-bangs-on-black-hime-cut.jpg 1080w, https:\/\/flawlesshair.com\/wp-content\/uploads\/2023\/09\/bright-red-bangs-on-black-hime-cut-271x300.jpg 271w, https:\/\/flawlesshair.com\/wp-content\/uploads\/2023\/09\/bright-red-bangs-on-black-hime-cut-925x1024.jpg 925w, https:\/\/flawlesshair.com\/wp-content\/uploads\/2023\/09\/bright-red-bangs-on-black-hime-cut-768x850.jpg 768w, https:\/\/flawlesshair.com\/wp-content\/uploads\/2023\/09\/bright-red-bangs-on-black-hime-cut-867x960.jpg 867w, https:\/\/flawlesshair.com\/wp-content\/uploads\/2023\/09\/bright-red-bangs-on-black-hime-cut-975x1080.jpg 975w\" sizes=\"auto, (max-width: 760px) calc(100vw - 24px), 720px\"><\/noscript><img loading=\"lazy\" decoding=\"async\" width=\"1080\" height=\"1196\" src=\"https:\/\/flawlesshair.com\/wp-content\/uploads\/2023\/09\/bright-red-bangs-on-black-hime-cut.jpg\" alt=\"franja vermelha brilhante num corte hime preto\" class=\"wp-image-23098 lazyload\" srcset=\"https:\/\/flawlesshair.com\/wp-content\/uploads\/2023\/09\/bright-red-bangs-on-black-hime-cut.jpg 1080w, https:\/\/flawlesshair.com\/wp-content\/uploads\/2023\/09\/bright-red-bangs-on-black-hime-cut-271x300.jpg 271w, https:\/\/flawlesshair.com\/wp-content\/uploads\/2023\/09\/bright-red-bangs-on-black-hime-cut-925x1024.jpg 925w, https:\/\/flawlesshair.com\/wp-content\/uploads\/2023\/09\/bright-red-bangs-on-black-hime-cut-768x850.jpg 768w, https:\/\/flawlesshair.com\/wp-content\/uploads\/2023\/09\/bright-red-bangs-on-black-hime-cut-867x960.jpg 867w, https:\/\/flawlesshair.com\/wp-content\/uploads\/2023\/09\/bright-red-bangs-on-black-hime-cut-975x1080.jpg 975w\" sizes=\"auto, (max-width: 760px) calc(100vw - 24px), 720px\" data-pin-media=\"https:\/\/flawlesshair.com\/wp-content\/uploads\/2023\/09\/bright-red-bangs-on-black-hime-cut.jpg\" id=\"mv-trellis-img-27\" data-trellis-processed=\"1\"><div style=\"position: absolute; top: 0.5rem; right: 0.75rem;\"> <a href=\"https:\/\/www.pinterest.com\/pin\/create\/button\/\" data-pin-do=\"buttonPin\" data-pin-tall=\"true\" data-pin-url=\"https:\/\/flawlesshair.com\/pt\/cabelo-ruivo-e-preto\/\" data-pin-media=\"https:\/\/flawlesshair.com\/wp-content\/uploads\/2023\/09\/bright-red-bangs-on-black-hime-cut.jpg\" data-pin-description=\"60 Trendy Red And Black Hair Ideas\" rel=\"nofollow noopener\" target=\"_blank\"> <\/a><\/div><\/div><figcaption class=\"wp-element-caption\">@<a href=\"https:\/\/www.instagram.com\/stylesbyblackbear?e=cbd1852e-9a77-4776-aa0f-b6cf69be4ab6&amp;g=5\" target=\"_blank\" rel=\"noreferrer noopener nofollow\">stylesbyblackbear<\/a><\/figcaption><\/figure>\n<\/div>\n\n\n<p>Aqui est\u00e1 um facto interessante: a palavra Hime significa Princesa ou uma mulher nobre. O que \u00e9 que isto tem a ver com um penteado? Bem, este \u00e9 o estilo que as senhoras de nascimento mais elevado usavam durante o per\u00edodo Heian e est\u00e1 na altura de se juntar a elas. <\/p>\n\n\n\n<h2 class=\"wp-block-heading\">28. Cabelo preto e magenta<\/h2>\n\n\n<div class=\"wp-block-image\">\n<figure class=\"aligncenter size-full\"><div style=\"position: relative;\"><noscript><img loading=\"lazy\" decoding=\"async\" width=\"1080\" height=\"1350\" src=\"https:\/\/flawlesshair.com\/wp-content\/uploads\/2023\/09\/black-and-magenta-hair.jpg\" alt=\"cabelo preto e magenta\" class=\"wp-image-23100\" srcset=\"https:\/\/flawlesshair.com\/wp-content\/uploads\/2023\/09\/black-and-magenta-hair.jpg 1080w, https:\/\/flawlesshair.com\/wp-content\/uploads\/2023\/09\/black-and-magenta-hair-240x300.jpg 240w, https:\/\/flawlesshair.com\/wp-content\/uploads\/2023\/09\/black-and-magenta-hair-819x1024.jpg 819w, https:\/\/flawlesshair.com\/wp-content\/uploads\/2023\/09\/black-and-magenta-hair-768x960.jpg 768w, https:\/\/flawlesshair.com\/wp-content\/uploads\/2023\/09\/black-and-magenta-hair-864x1080.jpg 864w, https:\/\/flawlesshair.com\/wp-content\/uploads\/2023\/09\/black-and-magenta-hair-960x1200.jpg 960w\" sizes=\"auto, (max-width: 760px) calc(100vw - 24px), 720px\"><\/noscript><img loading=\"lazy\" decoding=\"async\" width=\"1080\" height=\"1350\" src=\"https:\/\/flawlesshair.com\/wp-content\/uploads\/2023\/09\/black-and-magenta-hair.jpg\" alt=\"cabelo preto e magenta\" class=\"wp-image-23100 lazyload\" srcset=\"https:\/\/flawlesshair.com\/wp-content\/uploads\/2023\/09\/black-and-magenta-hair.jpg 1080w, https:\/\/flawlesshair.com\/wp-content\/uploads\/2023\/09\/black-and-magenta-hair-240x300.jpg 240w, https:\/\/flawlesshair.com\/wp-content\/uploads\/2023\/09\/black-and-magenta-hair-819x1024.jpg 819w, https:\/\/flawlesshair.com\/wp-content\/uploads\/2023\/09\/black-and-magenta-hair-768x960.jpg 768w, https:\/\/flawlesshair.com\/wp-content\/uploads\/2023\/09\/black-and-magenta-hair-864x1080.jpg 864w, https:\/\/flawlesshair.com\/wp-content\/uploads\/2023\/09\/black-and-magenta-hair-960x1200.jpg 960w\" sizes=\"auto, (max-width: 760px) calc(100vw - 24px), 720px\" data-pin-media=\"https:\/\/flawlesshair.com\/wp-content\/uploads\/2023\/09\/black-and-magenta-hair.jpg\" id=\"mv-trellis-img-28\" data-trellis-processed=\"1\"><div style=\"position: absolute; top: 0.5rem; right: 0.75rem;\"> <a href=\"https:\/\/www.pinterest.com\/pin\/create\/button\/\" data-pin-do=\"buttonPin\" data-pin-tall=\"true\" data-pin-url=\"https:\/\/flawlesshair.com\/pt\/cabelo-ruivo-e-preto\/\" data-pin-media=\"https:\/\/flawlesshair.com\/wp-content\/uploads\/2023\/09\/black-and-magenta-hair.jpg\" data-pin-description=\"60 Trendy Red And Black Hair Ideas\" rel=\"nofollow noopener\" target=\"_blank\"> <\/a><\/div><\/div><figcaption class=\"wp-element-caption\">@<a href=\"https:\/\/www.instagram.com\/stylesbyblackbear\/?e=6857e151-6ed6-403e-943f-56eea3b443b9&amp;g=5\" target=\"_blank\" rel=\"noreferrer noopener nofollow\">stylesbyblackbear<\/a><\/figcaption><\/figure>\n<\/div>\n\n\n<p><a href=\"https:\/\/flawlesshair.com\/pt\/cores-de-cabelo-magenta\/\">Cor do cabelo magenta<\/a> \u00e9, sem d\u00favida, a melhor cor de cabelo da esta\u00e7\u00e3o. E fica ainda melhor quando combinada com preto. <\/p>\n\n\n\n<h2 class=\"wp-block-heading\">29. Cabelo ruivo ardente com padr\u00f5es pretos<\/h2>\n\n\n<div class=\"wp-block-image\">\n<figure class=\"aligncenter size-full is-resized\"><div style=\"position: relative;\"><noscript><img loading=\"lazy\" decoding=\"async\" width=\"1440\" height=\"1800\" src=\"https:\/\/flawlesshair.com\/wp-content\/uploads\/2023\/09\/fiery-red-hair-with-black-patterns.jpg\" alt=\"cabelo ruivo ardente com padr\u00f5es pretos\" class=\"wp-image-23101\" style=\"width:819px\" srcset=\"https:\/\/flawlesshair.com\/wp-content\/uploads\/2023\/09\/fiery-red-hair-with-black-patterns.jpg 1440w, https:\/\/flawlesshair.com\/wp-content\/uploads\/2023\/09\/fiery-red-hair-with-black-patterns-240x300.jpg 240w, https:\/\/flawlesshair.com\/wp-content\/uploads\/2023\/09\/fiery-red-hair-with-black-patterns-819x1024.jpg 819w, https:\/\/flawlesshair.com\/wp-content\/uploads\/2023\/09\/fiery-red-hair-with-black-patterns-768x960.jpg 768w, https:\/\/flawlesshair.com\/wp-content\/uploads\/2023\/09\/fiery-red-hair-with-black-patterns-864x1080.jpg 864w, https:\/\/flawlesshair.com\/wp-content\/uploads\/2023\/09\/fiery-red-hair-with-black-patterns-960x1200.jpg 960w\" sizes=\"auto, (max-width: 760px) calc(100vw - 24px), 720px\"><\/noscript><img loading=\"lazy\" decoding=\"async\" width=\"1440\" height=\"1800\" src=\"https:\/\/flawlesshair.com\/wp-content\/uploads\/2023\/09\/fiery-red-hair-with-black-patterns.jpg\" alt=\"cabelo ruivo ardente com padr\u00f5es pretos\" class=\"wp-image-23101 lazyload\" style=\"width:819px\" srcset=\"https:\/\/flawlesshair.com\/wp-content\/uploads\/2023\/09\/fiery-red-hair-with-black-patterns.jpg 1440w, https:\/\/flawlesshair.com\/wp-content\/uploads\/2023\/09\/fiery-red-hair-with-black-patterns-240x300.jpg 240w, https:\/\/flawlesshair.com\/wp-content\/uploads\/2023\/09\/fiery-red-hair-with-black-patterns-819x1024.jpg 819w, https:\/\/flawlesshair.com\/wp-content\/uploads\/2023\/09\/fiery-red-hair-with-black-patterns-768x960.jpg 768w, https:\/\/flawlesshair.com\/wp-content\/uploads\/2023\/09\/fiery-red-hair-with-black-patterns-864x1080.jpg 864w, https:\/\/flawlesshair.com\/wp-content\/uploads\/2023\/09\/fiery-red-hair-with-black-patterns-960x1200.jpg 960w\" sizes=\"auto, (max-width: 760px) calc(100vw - 24px), 720px\" data-pin-media=\"https:\/\/flawlesshair.com\/wp-content\/uploads\/2023\/09\/fiery-red-hair-with-black-patterns.jpg\" id=\"mv-trellis-img-29\" data-trellis-processed=\"1\"><div style=\"position: absolute; top: 0.5rem; right: 0.75rem;\"> <a href=\"https:\/\/www.pinterest.com\/pin\/create\/button\/\" data-pin-do=\"buttonPin\" data-pin-tall=\"true\" data-pin-url=\"https:\/\/flawlesshair.com\/pt\/cabelo-ruivo-e-preto\/\" data-pin-media=\"https:\/\/flawlesshair.com\/wp-content\/uploads\/2023\/09\/fiery-red-hair-with-black-patterns.jpg\" data-pin-description=\"60 Trendy Red And Black Hair Ideas\" rel=\"nofollow noopener\" target=\"_blank\"> <\/a><\/div><\/div><figcaption class=\"wp-element-caption\">@<a href=\"https:\/\/www.instagram.com\/stylesbyblackbear\/?e=491b071e-edb4-4135-851c-77215fe81fb9&amp;g=5\" target=\"_blank\" rel=\"noreferrer noopener nofollow\">stylesbyblackbear<\/a><\/figcaption><\/figure>\n<\/div>\n\n\n<p>S\u00f3 h\u00e1 uma palavra para descrever este penteado vermelho com padr\u00f5es pretos: uau. \u00c9 lisonjeiro para as raparigas g\u00f3ticas que gostam de chamar a aten\u00e7\u00e3o. <\/p>\n\n\n\n<h2 class=\"wp-block-heading\">30. Madeixas vermelhas volumosas no cabelo preto<\/h2>\n\n\n<div class=\"wp-block-image\">\n<figure class=\"aligncenter size-full\"><div style=\"position: relative;\"><noscript><img loading=\"lazy\" decoding=\"async\" width=\"1080\" height=\"1346\" src=\"https:\/\/flawlesshair.com\/wp-content\/uploads\/2023\/09\/chunky-red-highlights-on-black-hair.jpg\" alt=\"madeixas vermelhas volumosas num cabelo preto\" class=\"wp-image-23096\" srcset=\"https:\/\/flawlesshair.com\/wp-content\/uploads\/2023\/09\/chunky-red-highlights-on-black-hair.jpg 1080w, https:\/\/flawlesshair.com\/wp-content\/uploads\/2023\/09\/chunky-red-highlights-on-black-hair-241x300.jpg 241w, https:\/\/flawlesshair.com\/wp-content\/uploads\/2023\/09\/chunky-red-highlights-on-black-hair-822x1024.jpg 822w, https:\/\/flawlesshair.com\/wp-content\/uploads\/2023\/09\/chunky-red-highlights-on-black-hair-768x957.jpg 768w, https:\/\/flawlesshair.com\/wp-content\/uploads\/2023\/09\/chunky-red-highlights-on-black-hair-770x960.jpg 770w, https:\/\/flawlesshair.com\/wp-content\/uploads\/2023\/09\/chunky-red-highlights-on-black-hair-867x1080.jpg 867w, https:\/\/flawlesshair.com\/wp-content\/uploads\/2023\/09\/chunky-red-highlights-on-black-hair-963x1200.jpg 963w\" sizes=\"auto, (max-width: 760px) calc(100vw - 24px), 720px\"><\/noscript><img loading=\"lazy\" decoding=\"async\" width=\"1080\" height=\"1346\" src=\"https:\/\/flawlesshair.com\/wp-content\/uploads\/2023\/09\/chunky-red-highlights-on-black-hair.jpg\" alt=\"madeixas vermelhas volumosas num cabelo preto\" class=\"wp-image-23096 lazyload\" srcset=\"https:\/\/flawlesshair.com\/wp-content\/uploads\/2023\/09\/chunky-red-highlights-on-black-hair.jpg 1080w, https:\/\/flawlesshair.com\/wp-content\/uploads\/2023\/09\/chunky-red-highlights-on-black-hair-241x300.jpg 241w, https:\/\/flawlesshair.com\/wp-content\/uploads\/2023\/09\/chunky-red-highlights-on-black-hair-822x1024.jpg 822w, https:\/\/flawlesshair.com\/wp-content\/uploads\/2023\/09\/chunky-red-highlights-on-black-hair-768x957.jpg 768w, https:\/\/flawlesshair.com\/wp-content\/uploads\/2023\/09\/chunky-red-highlights-on-black-hair-770x960.jpg 770w, https:\/\/flawlesshair.com\/wp-content\/uploads\/2023\/09\/chunky-red-highlights-on-black-hair-867x1080.jpg 867w, https:\/\/flawlesshair.com\/wp-content\/uploads\/2023\/09\/chunky-red-highlights-on-black-hair-963x1200.jpg 963w\" sizes=\"auto, (max-width: 760px) calc(100vw - 24px), 720px\" data-pin-media=\"https:\/\/flawlesshair.com\/wp-content\/uploads\/2023\/09\/chunky-red-highlights-on-black-hair.jpg\" id=\"mv-trellis-img-30\" data-trellis-processed=\"1\"><div style=\"position: absolute; top: 0.5rem; right: 0.75rem;\"> <a href=\"https:\/\/www.pinterest.com\/pin\/create\/button\/\" data-pin-do=\"buttonPin\" data-pin-tall=\"true\" data-pin-url=\"https:\/\/flawlesshair.com\/pt\/cabelo-ruivo-e-preto\/\" data-pin-media=\"https:\/\/flawlesshair.com\/wp-content\/uploads\/2023\/09\/chunky-red-highlights-on-black-hair.jpg\" data-pin-description=\"60 Trendy Red And Black Hair Ideas\" rel=\"nofollow noopener\" target=\"_blank\"> <\/a><\/div><\/div><figcaption class=\"wp-element-caption\">@<a href=\"https:\/\/www.instagram.com\/stylesbyblackbear\/?e=bc58a654-0d74-46c9-92ea-d85350449133&amp;g=5\" target=\"_blank\" rel=\"noreferrer noopener nofollow\">stylesbyblackbear<\/a><\/figcaption><\/figure>\n<\/div>\n\n\n<p>Por falar em aten\u00e7\u00e3o, esta combina\u00e7\u00e3o de cores vai certamente chamar-lhe muita aten\u00e7\u00e3o. Ningu\u00e9m ficar\u00e1 imune a este estilo. <\/p>\n\n\n\n<h2 class=\"wp-block-heading\">31. Cabelo preto com franja vermelha quente<\/h2>\n\n\n<div class=\"wp-block-image\">\n<figure class=\"aligncenter size-full\"><div style=\"position: relative;\"><noscript><img loading=\"lazy\" decoding=\"async\" width=\"1080\" height=\"1350\" src=\"https:\/\/flawlesshair.com\/wp-content\/uploads\/2023\/09\/black-hair-with-hot-red-bangs.jpg\" alt=\"cabelo preto com franja vermelha quente\" class=\"wp-image-23102\" srcset=\"https:\/\/flawlesshair.com\/wp-content\/uploads\/2023\/09\/black-hair-with-hot-red-bangs.jpg 1080w, https:\/\/flawlesshair.com\/wp-content\/uploads\/2023\/09\/black-hair-with-hot-red-bangs-240x300.jpg 240w, https:\/\/flawlesshair.com\/wp-content\/uploads\/2023\/09\/black-hair-with-hot-red-bangs-819x1024.jpg 819w, https:\/\/flawlesshair.com\/wp-content\/uploads\/2023\/09\/black-hair-with-hot-red-bangs-768x960.jpg 768w, https:\/\/flawlesshair.com\/wp-content\/uploads\/2023\/09\/black-hair-with-hot-red-bangs-864x1080.jpg 864w, https:\/\/flawlesshair.com\/wp-content\/uploads\/2023\/09\/black-hair-with-hot-red-bangs-960x1200.jpg 960w\" sizes=\"auto, (max-width: 760px) calc(100vw - 24px), 720px\"><\/noscript><img loading=\"lazy\" decoding=\"async\" width=\"1080\" height=\"1350\" src=\"https:\/\/flawlesshair.com\/wp-content\/uploads\/2023\/09\/black-hair-with-hot-red-bangs.jpg\" alt=\"cabelo preto com franja vermelha quente\" class=\"wp-image-23102 lazyload\" srcset=\"https:\/\/flawlesshair.com\/wp-content\/uploads\/2023\/09\/black-hair-with-hot-red-bangs.jpg 1080w, https:\/\/flawlesshair.com\/wp-content\/uploads\/2023\/09\/black-hair-with-hot-red-bangs-240x300.jpg 240w, https:\/\/flawlesshair.com\/wp-content\/uploads\/2023\/09\/black-hair-with-hot-red-bangs-819x1024.jpg 819w, https:\/\/flawlesshair.com\/wp-content\/uploads\/2023\/09\/black-hair-with-hot-red-bangs-768x960.jpg 768w, https:\/\/flawlesshair.com\/wp-content\/uploads\/2023\/09\/black-hair-with-hot-red-bangs-864x1080.jpg 864w, https:\/\/flawlesshair.com\/wp-content\/uploads\/2023\/09\/black-hair-with-hot-red-bangs-960x1200.jpg 960w\" sizes=\"auto, (max-width: 760px) calc(100vw - 24px), 720px\" data-pin-media=\"https:\/\/flawlesshair.com\/wp-content\/uploads\/2023\/09\/black-hair-with-hot-red-bangs.jpg\" id=\"mv-trellis-img-31\" data-trellis-processed=\"1\"><div style=\"position: absolute; top: 0.5rem; right: 0.75rem;\"> <a href=\"https:\/\/www.pinterest.com\/pin\/create\/button\/\" data-pin-do=\"buttonPin\" data-pin-tall=\"true\" data-pin-url=\"https:\/\/flawlesshair.com\/pt\/cabelo-ruivo-e-preto\/\" data-pin-media=\"https:\/\/flawlesshair.com\/wp-content\/uploads\/2023\/09\/black-hair-with-hot-red-bangs.jpg\" data-pin-description=\"60 Trendy Red And Black Hair Ideas\" rel=\"nofollow noopener\" target=\"_blank\"> <\/a><\/div><\/div><figcaption class=\"wp-element-caption\">@<a href=\"https:\/\/www.instagram.com\/stylesbyblackbear?e=8fa50d97-5749-4db3-9817-0da5b5ba4254&amp;g=5\" target=\"_blank\" rel=\"noreferrer noopener nofollow\">stylesbyblackbear<\/a><\/figcaption><\/figure>\n<\/div>\n\n\n<p>A franja vermelha, em contraste com o cabelo preto, vai acentuar o seu rosto deslumbrante. Este look foi concebido para raparigas com bochechas grandes e fofas. <\/p>\n\n\n\n<h2 class=\"wp-block-heading\">32. Cabelo preto, azul e acobreado<\/h2>\n\n\n<div class=\"wp-block-image\">\n<figure class=\"aligncenter size-full\"><div style=\"position: relative;\"><noscript><img loading=\"lazy\" decoding=\"async\" width=\"1080\" height=\"1223\" src=\"https:\/\/flawlesshair.com\/wp-content\/uploads\/2023\/09\/black-blue-and-copper-hair.jpg\" alt=\"cabelo preto azul e cobre\" class=\"wp-image-23103\" srcset=\"https:\/\/flawlesshair.com\/wp-content\/uploads\/2023\/09\/black-blue-and-copper-hair.jpg 1080w, https:\/\/flawlesshair.com\/wp-content\/uploads\/2023\/09\/black-blue-and-copper-hair-265x300.jpg 265w, https:\/\/flawlesshair.com\/wp-content\/uploads\/2023\/09\/black-blue-and-copper-hair-904x1024.jpg 904w, https:\/\/flawlesshair.com\/wp-content\/uploads\/2023\/09\/black-blue-and-copper-hair-768x870.jpg 768w, https:\/\/flawlesshair.com\/wp-content\/uploads\/2023\/09\/black-blue-and-copper-hair-848x960.jpg 848w, https:\/\/flawlesshair.com\/wp-content\/uploads\/2023\/09\/black-blue-and-copper-hair-954x1080.jpg 954w, https:\/\/flawlesshair.com\/wp-content\/uploads\/2023\/09\/black-blue-and-copper-hair-1060x1200.jpg 1060w\" sizes=\"auto, (max-width: 760px) calc(100vw - 24px), 720px\"><\/noscript><img loading=\"lazy\" decoding=\"async\" width=\"1080\" height=\"1223\" src=\"https:\/\/flawlesshair.com\/wp-content\/uploads\/2023\/09\/black-blue-and-copper-hair.jpg\" alt=\"cabelo preto azul e cobre\" class=\"wp-image-23103 lazyload\" srcset=\"https:\/\/flawlesshair.com\/wp-content\/uploads\/2023\/09\/black-blue-and-copper-hair.jpg 1080w, https:\/\/flawlesshair.com\/wp-content\/uploads\/2023\/09\/black-blue-and-copper-hair-265x300.jpg 265w, https:\/\/flawlesshair.com\/wp-content\/uploads\/2023\/09\/black-blue-and-copper-hair-904x1024.jpg 904w, https:\/\/flawlesshair.com\/wp-content\/uploads\/2023\/09\/black-blue-and-copper-hair-768x870.jpg 768w, https:\/\/flawlesshair.com\/wp-content\/uploads\/2023\/09\/black-blue-and-copper-hair-848x960.jpg 848w, https:\/\/flawlesshair.com\/wp-content\/uploads\/2023\/09\/black-blue-and-copper-hair-954x1080.jpg 954w, https:\/\/flawlesshair.com\/wp-content\/uploads\/2023\/09\/black-blue-and-copper-hair-1060x1200.jpg 1060w\" sizes=\"auto, (max-width: 760px) calc(100vw - 24px), 720px\" data-pin-media=\"https:\/\/flawlesshair.com\/wp-content\/uploads\/2023\/09\/black-blue-and-copper-hair.jpg\" id=\"mv-trellis-img-32\" data-trellis-processed=\"1\"><div style=\"position: absolute; top: 0.5rem; right: 0.75rem;\"> <a href=\"https:\/\/www.pinterest.com\/pin\/create\/button\/\" data-pin-do=\"buttonPin\" data-pin-tall=\"true\" data-pin-url=\"https:\/\/flawlesshair.com\/pt\/cabelo-ruivo-e-preto\/\" data-pin-media=\"https:\/\/flawlesshair.com\/wp-content\/uploads\/2023\/09\/black-blue-and-copper-hair.jpg\" data-pin-description=\"60 Trendy Red And Black Hair Ideas\" rel=\"nofollow noopener\" target=\"_blank\"> <\/a><\/div><\/div><figcaption class=\"wp-element-caption\">@<a href=\"https:\/\/www.instagram.com\/stylesbyblackbear?e=8b91c95b-7637-4f34-9032-2c6f49576f71&amp;g=5\" target=\"_blank\" rel=\"noreferrer noopener nofollow\">stylesbyblackbear<\/a><\/figcaption><\/figure>\n<\/div>\n\n\n<p>Este \u00e9 o momento certo para renovar o seu penteado. Cortar as suas madeixas n\u00e3o \u00e9 suficiente; tamb\u00e9m precisa de renovar a cor. <\/p>\n\n\n\n<h2 class=\"wp-block-heading\">33. Cabelo preto com ra\u00edzes vermelhas<\/h2>\n\n\n<div class=\"wp-block-image\">\n<figure class=\"aligncenter size-full\"><div style=\"position: relative;\"><noscript><img loading=\"lazy\" decoding=\"async\" width=\"1080\" height=\"1334\" src=\"https:\/\/flawlesshair.com\/wp-content\/uploads\/2023\/09\/black-hair-with-red-roots.jpg\" alt=\"cabelo preto com ra\u00edzes vermelhas\" class=\"wp-image-23104\" srcset=\"https:\/\/flawlesshair.com\/wp-content\/uploads\/2023\/09\/black-hair-with-red-roots.jpg 1080w, https:\/\/flawlesshair.com\/wp-content\/uploads\/2023\/09\/black-hair-with-red-roots-243x300.jpg 243w, https:\/\/flawlesshair.com\/wp-content\/uploads\/2023\/09\/black-hair-with-red-roots-829x1024.jpg 829w, https:\/\/flawlesshair.com\/wp-content\/uploads\/2023\/09\/black-hair-with-red-roots-768x949.jpg 768w, https:\/\/flawlesshair.com\/wp-content\/uploads\/2023\/09\/black-hair-with-red-roots-777x960.jpg 777w, https:\/\/flawlesshair.com\/wp-content\/uploads\/2023\/09\/black-hair-with-red-roots-874x1080.jpg 874w, https:\/\/flawlesshair.com\/wp-content\/uploads\/2023\/09\/black-hair-with-red-roots-972x1200.jpg 972w\" sizes=\"auto, (max-width: 760px) calc(100vw - 24px), 720px\"><\/noscript><img loading=\"lazy\" decoding=\"async\" width=\"1080\" height=\"1334\" src=\"https:\/\/flawlesshair.com\/wp-content\/uploads\/2023\/09\/black-hair-with-red-roots.jpg\" alt=\"cabelo preto com ra\u00edzes vermelhas\" class=\"wp-image-23104 lazyload\" srcset=\"https:\/\/flawlesshair.com\/wp-content\/uploads\/2023\/09\/black-hair-with-red-roots.jpg 1080w, https:\/\/flawlesshair.com\/wp-content\/uploads\/2023\/09\/black-hair-with-red-roots-243x300.jpg 243w, https:\/\/flawlesshair.com\/wp-content\/uploads\/2023\/09\/black-hair-with-red-roots-829x1024.jpg 829w, https:\/\/flawlesshair.com\/wp-content\/uploads\/2023\/09\/black-hair-with-red-roots-768x949.jpg 768w, https:\/\/flawlesshair.com\/wp-content\/uploads\/2023\/09\/black-hair-with-red-roots-777x960.jpg 777w, https:\/\/flawlesshair.com\/wp-content\/uploads\/2023\/09\/black-hair-with-red-roots-874x1080.jpg 874w, https:\/\/flawlesshair.com\/wp-content\/uploads\/2023\/09\/black-hair-with-red-roots-972x1200.jpg 972w\" sizes=\"auto, (max-width: 760px) calc(100vw - 24px), 720px\" data-pin-media=\"https:\/\/flawlesshair.com\/wp-content\/uploads\/2023\/09\/black-hair-with-red-roots.jpg\" id=\"mv-trellis-img-33\" data-trellis-processed=\"1\"><div style=\"position: absolute; top: 0.5rem; right: 0.75rem;\"> <a href=\"https:\/\/www.pinterest.com\/pin\/create\/button\/\" data-pin-do=\"buttonPin\" data-pin-tall=\"true\" data-pin-url=\"https:\/\/flawlesshair.com\/pt\/cabelo-ruivo-e-preto\/\" data-pin-media=\"https:\/\/flawlesshair.com\/wp-content\/uploads\/2023\/09\/black-hair-with-red-roots.jpg\" data-pin-description=\"60 Trendy Red And Black Hair Ideas\" rel=\"nofollow noopener\" target=\"_blank\"> <\/a><\/div><\/div><figcaption class=\"wp-element-caption\">@<a href=\"https:\/\/www.instagram.com\/stylesbyblackbear\" target=\"_blank\" rel=\"noreferrer noopener nofollow\">stylesbyblackbear<\/a><\/figcaption><\/figure>\n<\/div>\n\n\n<p>O cabelo preto com ra\u00edzes vermelhas \u00e9 chique, desagrad\u00e1vel, divertido e arrojado. Que mais pode uma mulher ousada como voc\u00ea procurar? <\/p>\n\n\n\n<h2 class=\"wp-block-heading\">34. Corte Black Wolf com madeixas vermelhas<\/h2>\n\n\n<div class=\"wp-block-image\">\n<figure class=\"aligncenter size-full\"><div style=\"position: relative;\"><noscript><img loading=\"lazy\" decoding=\"async\" width=\"1080\" height=\"1331\" src=\"https:\/\/flawlesshair.com\/wp-content\/uploads\/2023\/09\/black-wolf-cut-with-red-highlights.jpg\" alt=\"corte lobo preto com reflexos vermelhos\" class=\"wp-image-23105\" srcset=\"https:\/\/flawlesshair.com\/wp-content\/uploads\/2023\/09\/black-wolf-cut-with-red-highlights.jpg 1080w, https:\/\/flawlesshair.com\/wp-content\/uploads\/2023\/09\/black-wolf-cut-with-red-highlights-243x300.jpg 243w, https:\/\/flawlesshair.com\/wp-content\/uploads\/2023\/09\/black-wolf-cut-with-red-highlights-831x1024.jpg 831w, https:\/\/flawlesshair.com\/wp-content\/uploads\/2023\/09\/black-wolf-cut-with-red-highlights-768x946.jpg 768w, https:\/\/flawlesshair.com\/wp-content\/uploads\/2023\/09\/black-wolf-cut-with-red-highlights-779x960.jpg 779w, https:\/\/flawlesshair.com\/wp-content\/uploads\/2023\/09\/black-wolf-cut-with-red-highlights-876x1080.jpg 876w, https:\/\/flawlesshair.com\/wp-content\/uploads\/2023\/09\/black-wolf-cut-with-red-highlights-974x1200.jpg 974w\" sizes=\"auto, (max-width: 760px) calc(100vw - 24px), 720px\"><\/noscript><img loading=\"lazy\" decoding=\"async\" width=\"1080\" height=\"1331\" src=\"https:\/\/flawlesshair.com\/wp-content\/uploads\/2023\/09\/black-wolf-cut-with-red-highlights.jpg\" alt=\"corte lobo preto com reflexos vermelhos\" class=\"wp-image-23105 lazyload\" srcset=\"https:\/\/flawlesshair.com\/wp-content\/uploads\/2023\/09\/black-wolf-cut-with-red-highlights.jpg 1080w, https:\/\/flawlesshair.com\/wp-content\/uploads\/2023\/09\/black-wolf-cut-with-red-highlights-243x300.jpg 243w, https:\/\/flawlesshair.com\/wp-content\/uploads\/2023\/09\/black-wolf-cut-with-red-highlights-831x1024.jpg 831w, https:\/\/flawlesshair.com\/wp-content\/uploads\/2023\/09\/black-wolf-cut-with-red-highlights-768x946.jpg 768w, https:\/\/flawlesshair.com\/wp-content\/uploads\/2023\/09\/black-wolf-cut-with-red-highlights-779x960.jpg 779w, https:\/\/flawlesshair.com\/wp-content\/uploads\/2023\/09\/black-wolf-cut-with-red-highlights-876x1080.jpg 876w, https:\/\/flawlesshair.com\/wp-content\/uploads\/2023\/09\/black-wolf-cut-with-red-highlights-974x1200.jpg 974w\" sizes=\"auto, (max-width: 760px) calc(100vw - 24px), 720px\" data-pin-media=\"https:\/\/flawlesshair.com\/wp-content\/uploads\/2023\/09\/black-wolf-cut-with-red-highlights.jpg\" id=\"mv-trellis-img-34\" data-trellis-processed=\"1\"><div style=\"position: absolute; top: 0.5rem; right: 0.75rem;\"> <a href=\"https:\/\/www.pinterest.com\/pin\/create\/button\/\" data-pin-do=\"buttonPin\" data-pin-tall=\"true\" data-pin-url=\"https:\/\/flawlesshair.com\/pt\/cabelo-ruivo-e-preto\/\" data-pin-media=\"https:\/\/flawlesshair.com\/wp-content\/uploads\/2023\/09\/black-wolf-cut-with-red-highlights.jpg\" data-pin-description=\"60 Trendy Red And Black Hair Ideas\" rel=\"nofollow noopener\" target=\"_blank\"> <\/a><\/div><\/div><figcaption class=\"wp-element-caption\">@<a href=\"https:\/\/www.instagram.com\/stylesbyblackbear\/?e=4d2a2ab9-5747-49ce-a582-834700468d2f&amp;g=5\" target=\"_blank\" rel=\"noreferrer noopener nofollow\">stylesbyblackbear<\/a><\/figcaption><\/figure>\n<\/div>\n\n\n<p>Est\u00e1 \u00e0 procura de um penteado que reflicta a sua personalidade forte? Bem, encontrou um!<\/p>\n\n\n\n<h2 class=\"wp-block-heading\">35. Cabelo preto com madeixas vermelhas numa s\u00f3 face<\/h2>\n\n\n<div class=\"wp-block-image\">\n<figure class=\"aligncenter size-full\"><div style=\"position: relative;\"><noscript><img loading=\"lazy\" decoding=\"async\" width=\"1080\" height=\"1350\" src=\"https:\/\/flawlesshair.com\/wp-content\/uploads\/2023\/09\/black-hair-with-one-sided-red-highlights.jpg\" alt=\"cabelo preto com madeixas vermelhas numa das faces\" class=\"wp-image-23106\" srcset=\"https:\/\/flawlesshair.com\/wp-content\/uploads\/2023\/09\/black-hair-with-one-sided-red-highlights.jpg 1080w, https:\/\/flawlesshair.com\/wp-content\/uploads\/2023\/09\/black-hair-with-one-sided-red-highlights-240x300.jpg 240w, https:\/\/flawlesshair.com\/wp-content\/uploads\/2023\/09\/black-hair-with-one-sided-red-highlights-819x1024.jpg 819w, https:\/\/flawlesshair.com\/wp-content\/uploads\/2023\/09\/black-hair-with-one-sided-red-highlights-768x960.jpg 768w, https:\/\/flawlesshair.com\/wp-content\/uploads\/2023\/09\/black-hair-with-one-sided-red-highlights-864x1080.jpg 864w, https:\/\/flawlesshair.com\/wp-content\/uploads\/2023\/09\/black-hair-with-one-sided-red-highlights-960x1200.jpg 960w\" sizes=\"auto, (max-width: 760px) calc(100vw - 24px), 720px\"><\/noscript><img loading=\"lazy\" decoding=\"async\" width=\"1080\" height=\"1350\" src=\"https:\/\/flawlesshair.com\/wp-content\/uploads\/2023\/09\/black-hair-with-one-sided-red-highlights.jpg\" alt=\"cabelo preto com madeixas vermelhas numa das faces\" class=\"wp-image-23106 lazyload\" srcset=\"https:\/\/flawlesshair.com\/wp-content\/uploads\/2023\/09\/black-hair-with-one-sided-red-highlights.jpg 1080w, https:\/\/flawlesshair.com\/wp-content\/uploads\/2023\/09\/black-hair-with-one-sided-red-highlights-240x300.jpg 240w, https:\/\/flawlesshair.com\/wp-content\/uploads\/2023\/09\/black-hair-with-one-sided-red-highlights-819x1024.jpg 819w, https:\/\/flawlesshair.com\/wp-content\/uploads\/2023\/09\/black-hair-with-one-sided-red-highlights-768x960.jpg 768w, https:\/\/flawlesshair.com\/wp-content\/uploads\/2023\/09\/black-hair-with-one-sided-red-highlights-864x1080.jpg 864w, https:\/\/flawlesshair.com\/wp-content\/uploads\/2023\/09\/black-hair-with-one-sided-red-highlights-960x1200.jpg 960w\" sizes=\"auto, (max-width: 760px) calc(100vw - 24px), 720px\" data-pin-media=\"https:\/\/flawlesshair.com\/wp-content\/uploads\/2023\/09\/black-hair-with-one-sided-red-highlights.jpg\" id=\"mv-trellis-img-35\" data-trellis-processed=\"1\"><div style=\"position: absolute; top: 0.5rem; right: 0.75rem;\"> <a href=\"https:\/\/www.pinterest.com\/pin\/create\/button\/\" data-pin-do=\"buttonPin\" data-pin-tall=\"true\" data-pin-url=\"https:\/\/flawlesshair.com\/pt\/cabelo-ruivo-e-preto\/\" data-pin-media=\"https:\/\/flawlesshair.com\/wp-content\/uploads\/2023\/09\/black-hair-with-one-sided-red-highlights.jpg\" data-pin-description=\"60 Trendy Red And Black Hair Ideas\" rel=\"nofollow noopener\" target=\"_blank\"> <\/a><\/div><\/div><figcaption class=\"wp-element-caption\">@<a href=\"https:\/\/www.instagram.com\/stylesbyblackbear?e=9f3b965d-8604-46f3-989e-96e43ca7a9c8&amp;g=5\" target=\"_blank\" rel=\"noreferrer noopener nofollow\">stylesbyblackbear<\/a><\/figcaption><\/figure>\n<\/div>\n\n\n<p>O cabelo preto com madeixas vermelhas unilaterais n\u00e3o \u00e9 exatamente a defini\u00e7\u00e3o de feminilidade que a maioria pensaria. Mas \u00e9 definitivamente um estilo que reflecte a sua individualidade. <\/p>\n\n\n\n<h2 class=\"wp-block-heading\">36. Cabelo ruivo quente com ra\u00edzes pretas<\/h2>\n\n\n<div class=\"wp-block-image\">\n<figure class=\"aligncenter size-full\"><div style=\"position: relative;\"><noscript><img loading=\"lazy\" decoding=\"async\" width=\"1080\" height=\"1350\" src=\"https:\/\/flawlesshair.com\/wp-content\/uploads\/2023\/09\/hot-red-hair-with-black-roots.jpg\" alt=\"cabelo ruivo quente com ra\u00edzes pretas\" class=\"wp-image-23108\" srcset=\"https:\/\/flawlesshair.com\/wp-content\/uploads\/2023\/09\/hot-red-hair-with-black-roots.jpg 1080w, https:\/\/flawlesshair.com\/wp-content\/uploads\/2023\/09\/hot-red-hair-with-black-roots-240x300.jpg 240w, https:\/\/flawlesshair.com\/wp-content\/uploads\/2023\/09\/hot-red-hair-with-black-roots-819x1024.jpg 819w, https:\/\/flawlesshair.com\/wp-content\/uploads\/2023\/09\/hot-red-hair-with-black-roots-768x960.jpg 768w, https:\/\/flawlesshair.com\/wp-content\/uploads\/2023\/09\/hot-red-hair-with-black-roots-864x1080.jpg 864w, https:\/\/flawlesshair.com\/wp-content\/uploads\/2023\/09\/hot-red-hair-with-black-roots-960x1200.jpg 960w\" sizes=\"auto, (max-width: 760px) calc(100vw - 24px), 720px\"><\/noscript><img loading=\"lazy\" decoding=\"async\" width=\"1080\" height=\"1350\" src=\"https:\/\/flawlesshair.com\/wp-content\/uploads\/2023\/09\/hot-red-hair-with-black-roots.jpg\" alt=\"cabelo ruivo quente com ra\u00edzes pretas\" class=\"wp-image-23108 lazyload\" srcset=\"https:\/\/flawlesshair.com\/wp-content\/uploads\/2023\/09\/hot-red-hair-with-black-roots.jpg 1080w, https:\/\/flawlesshair.com\/wp-content\/uploads\/2023\/09\/hot-red-hair-with-black-roots-240x300.jpg 240w, https:\/\/flawlesshair.com\/wp-content\/uploads\/2023\/09\/hot-red-hair-with-black-roots-819x1024.jpg 819w, https:\/\/flawlesshair.com\/wp-content\/uploads\/2023\/09\/hot-red-hair-with-black-roots-768x960.jpg 768w, https:\/\/flawlesshair.com\/wp-content\/uploads\/2023\/09\/hot-red-hair-with-black-roots-864x1080.jpg 864w, https:\/\/flawlesshair.com\/wp-content\/uploads\/2023\/09\/hot-red-hair-with-black-roots-960x1200.jpg 960w\" sizes=\"auto, (max-width: 760px) calc(100vw - 24px), 720px\" data-pin-media=\"https:\/\/flawlesshair.com\/wp-content\/uploads\/2023\/09\/hot-red-hair-with-black-roots.jpg\" id=\"mv-trellis-img-36\" data-trellis-processed=\"1\"><div style=\"position: absolute; top: 0.5rem; right: 0.75rem;\"> <a href=\"https:\/\/www.pinterest.com\/pin\/create\/button\/\" data-pin-do=\"buttonPin\" data-pin-tall=\"true\" data-pin-url=\"https:\/\/flawlesshair.com\/pt\/cabelo-ruivo-e-preto\/\" data-pin-media=\"https:\/\/flawlesshair.com\/wp-content\/uploads\/2023\/09\/hot-red-hair-with-black-roots.jpg\" data-pin-description=\"60 Trendy Red And Black Hair Ideas\" rel=\"nofollow noopener\" target=\"_blank\"> <\/a><\/div><\/div><figcaption class=\"wp-element-caption\">@<a href=\"https:\/\/www.instagram.com\/stylesbyblackbear?e=ec13cd39-f50d-4d4c-87f5-1b09ed4bffc8&amp;g=5\" target=\"_blank\" rel=\"noreferrer noopener nofollow\">stylesbyblackbear<\/a><\/figcaption><\/figure>\n<\/div>\n\n\n<p>Este corte de cabelo funky combina na perfei\u00e7\u00e3o com a moderna combina\u00e7\u00e3o de cores vermelho e preto. Ao mesmo tempo, ajuda-o a ter um aspeto jovem e moderno. <\/p>\n\n\n\n<h2 class=\"wp-block-heading\">37. Cabelo Preto e Magenta de Comprimento M\u00e9dio<\/h2>\n\n\n<div class=\"wp-block-image\">\n<figure class=\"aligncenter size-full\"><div style=\"position: relative;\"><noscript><img loading=\"lazy\" decoding=\"async\" width=\"1080\" height=\"1259\" src=\"https:\/\/flawlesshair.com\/wp-content\/uploads\/2023\/09\/black-and-magenta-medium-length-hair.jpg\" alt=\"cabelo preto e magenta de comprimento m\u00e9dio\" class=\"wp-image-23109\" srcset=\"https:\/\/flawlesshair.com\/wp-content\/uploads\/2023\/09\/black-and-magenta-medium-length-hair.jpg 1080w, https:\/\/flawlesshair.com\/wp-content\/uploads\/2023\/09\/black-and-magenta-medium-length-hair-257x300.jpg 257w, https:\/\/flawlesshair.com\/wp-content\/uploads\/2023\/09\/black-and-magenta-medium-length-hair-878x1024.jpg 878w, https:\/\/flawlesshair.com\/wp-content\/uploads\/2023\/09\/black-and-magenta-medium-length-hair-768x895.jpg 768w, https:\/\/flawlesshair.com\/wp-content\/uploads\/2023\/09\/black-and-magenta-medium-length-hair-824x960.jpg 824w, https:\/\/flawlesshair.com\/wp-content\/uploads\/2023\/09\/black-and-magenta-medium-length-hair-926x1080.jpg 926w, https:\/\/flawlesshair.com\/wp-content\/uploads\/2023\/09\/black-and-magenta-medium-length-hair-1029x1200.jpg 1029w\" sizes=\"auto, (max-width: 760px) calc(100vw - 24px), 720px\"><\/noscript><img loading=\"lazy\" decoding=\"async\" width=\"1080\" height=\"1259\" src=\"https:\/\/flawlesshair.com\/wp-content\/uploads\/2023\/09\/black-and-magenta-medium-length-hair.jpg\" alt=\"cabelo preto e magenta de comprimento m\u00e9dio\" class=\"wp-image-23109 lazyload\" srcset=\"https:\/\/flawlesshair.com\/wp-content\/uploads\/2023\/09\/black-and-magenta-medium-length-hair.jpg 1080w, https:\/\/flawlesshair.com\/wp-content\/uploads\/2023\/09\/black-and-magenta-medium-length-hair-257x300.jpg 257w, https:\/\/flawlesshair.com\/wp-content\/uploads\/2023\/09\/black-and-magenta-medium-length-hair-878x1024.jpg 878w, https:\/\/flawlesshair.com\/wp-content\/uploads\/2023\/09\/black-and-magenta-medium-length-hair-768x895.jpg 768w, https:\/\/flawlesshair.com\/wp-content\/uploads\/2023\/09\/black-and-magenta-medium-length-hair-824x960.jpg 824w, https:\/\/flawlesshair.com\/wp-content\/uploads\/2023\/09\/black-and-magenta-medium-length-hair-926x1080.jpg 926w, https:\/\/flawlesshair.com\/wp-content\/uploads\/2023\/09\/black-and-magenta-medium-length-hair-1029x1200.jpg 1029w\" sizes=\"auto, (max-width: 760px) calc(100vw - 24px), 720px\" data-pin-media=\"https:\/\/flawlesshair.com\/wp-content\/uploads\/2023\/09\/black-and-magenta-medium-length-hair.jpg\" id=\"mv-trellis-img-37\" data-trellis-processed=\"1\"><div style=\"position: absolute; top: 0.5rem; right: 0.75rem;\"> <a href=\"https:\/\/www.pinterest.com\/pin\/create\/button\/\" data-pin-do=\"buttonPin\" data-pin-tall=\"true\" data-pin-url=\"https:\/\/flawlesshair.com\/pt\/cabelo-ruivo-e-preto\/\" data-pin-media=\"https:\/\/flawlesshair.com\/wp-content\/uploads\/2023\/09\/black-and-magenta-medium-length-hair.jpg\" data-pin-description=\"60 Trendy Red And Black Hair Ideas\" rel=\"nofollow noopener\" target=\"_blank\"> <\/a><\/div><\/div><figcaption class=\"wp-element-caption\">@<a href=\"https:\/\/www.instagram.com\/stylesbyblackbear?e=932f4c72-f057-417a-ac66-d50243068c6e&amp;g=5\" target=\"_blank\" rel=\"noreferrer noopener nofollow\">stylesbyblackbear<\/a><\/figcaption><\/figure>\n<\/div>\n\n\n<p>Por falar em penteados jovens e modernos, este foi feito para si! \u00c9 um estilo casual moderno que vai adorar para sempre. <\/p>\n\n\n\n<h2 class=\"wp-block-heading\">38. Cor laranja-vermelha no cabelo preto<\/h2>\n\n\n<div class=\"wp-block-image\">\n<figure class=\"aligncenter size-full\"><div style=\"position: relative;\"><noscript><img loading=\"lazy\" decoding=\"async\" width=\"1080\" height=\"1287\" src=\"https:\/\/flawlesshair.com\/wp-content\/uploads\/2023\/09\/orange-red-color-blocking-on-black-hair.jpg\" alt=\"color blocking vermelho-laranja em cabelo preto\" class=\"wp-image-23111\" srcset=\"https:\/\/flawlesshair.com\/wp-content\/uploads\/2023\/09\/orange-red-color-blocking-on-black-hair.jpg 1080w, https:\/\/flawlesshair.com\/wp-content\/uploads\/2023\/09\/orange-red-color-blocking-on-black-hair-252x300.jpg 252w, https:\/\/flawlesshair.com\/wp-content\/uploads\/2023\/09\/orange-red-color-blocking-on-black-hair-859x1024.jpg 859w, https:\/\/flawlesshair.com\/wp-content\/uploads\/2023\/09\/orange-red-color-blocking-on-black-hair-768x915.jpg 768w, https:\/\/flawlesshair.com\/wp-content\/uploads\/2023\/09\/orange-red-color-blocking-on-black-hair-806x960.jpg 806w, https:\/\/flawlesshair.com\/wp-content\/uploads\/2023\/09\/orange-red-color-blocking-on-black-hair-906x1080.jpg 906w, https:\/\/flawlesshair.com\/wp-content\/uploads\/2023\/09\/orange-red-color-blocking-on-black-hair-1007x1200.jpg 1007w\" sizes=\"auto, (max-width: 760px) calc(100vw - 24px), 720px\"><\/noscript><img loading=\"lazy\" decoding=\"async\" width=\"1080\" height=\"1287\" src=\"https:\/\/flawlesshair.com\/wp-content\/uploads\/2023\/09\/orange-red-color-blocking-on-black-hair.jpg\" alt=\"color blocking vermelho-laranja em cabelo preto\" class=\"wp-image-23111 lazyload\" srcset=\"https:\/\/flawlesshair.com\/wp-content\/uploads\/2023\/09\/orange-red-color-blocking-on-black-hair.jpg 1080w, https:\/\/flawlesshair.com\/wp-content\/uploads\/2023\/09\/orange-red-color-blocking-on-black-hair-252x300.jpg 252w, https:\/\/flawlesshair.com\/wp-content\/uploads\/2023\/09\/orange-red-color-blocking-on-black-hair-859x1024.jpg 859w, https:\/\/flawlesshair.com\/wp-content\/uploads\/2023\/09\/orange-red-color-blocking-on-black-hair-768x915.jpg 768w, https:\/\/flawlesshair.com\/wp-content\/uploads\/2023\/09\/orange-red-color-blocking-on-black-hair-806x960.jpg 806w, https:\/\/flawlesshair.com\/wp-content\/uploads\/2023\/09\/orange-red-color-blocking-on-black-hair-906x1080.jpg 906w, https:\/\/flawlesshair.com\/wp-content\/uploads\/2023\/09\/orange-red-color-blocking-on-black-hair-1007x1200.jpg 1007w\" sizes=\"auto, (max-width: 760px) calc(100vw - 24px), 720px\" data-pin-media=\"https:\/\/flawlesshair.com\/wp-content\/uploads\/2023\/09\/orange-red-color-blocking-on-black-hair.jpg\" id=\"mv-trellis-img-38\" data-trellis-processed=\"1\"><div style=\"position: absolute; top: 0.5rem; right: 0.75rem;\"> <a href=\"https:\/\/www.pinterest.com\/pin\/create\/button\/\" data-pin-do=\"buttonPin\" data-pin-tall=\"true\" data-pin-url=\"https:\/\/flawlesshair.com\/pt\/cabelo-ruivo-e-preto\/\" data-pin-media=\"https:\/\/flawlesshair.com\/wp-content\/uploads\/2023\/09\/orange-red-color-blocking-on-black-hair.jpg\" data-pin-description=\"60 Trendy Red And Black Hair Ideas\" rel=\"nofollow noopener\" target=\"_blank\"> <\/a><\/div><\/div><figcaption class=\"wp-element-caption\">@<a href=\"https:\/\/www.instagram.com\/stylesbyblackbear\/?e=e2df54e9-4689-4e74-836c-5695bcee10bf&amp;g=5\" target=\"_blank\" rel=\"noreferrer noopener nofollow\">stylesbyblackbear<\/a><\/figcaption><\/figure>\n<\/div>\n\n\n<p>Este color blocking vermelho-alaranjado num cabelo preto \u00e9 poderoso e coloca-a no topo da moda. N\u00e3o perca este estilo. <\/p>\n\n\n\n<h2 class=\"wp-block-heading\">39. Balayage vermelho em corte de cabelo encaracolado preto<\/h2>\n\n\n<div class=\"wp-block-image\">\n<figure class=\"aligncenter size-full\"><div style=\"position: relative;\"><noscript><img loading=\"lazy\" decoding=\"async\" width=\"1080\" height=\"1350\" src=\"https:\/\/flawlesshair.com\/wp-content\/uploads\/2023\/09\/red-balayage-on-black-curly-bob-cut.jpg\" alt=\"balayage vermelho num corte preto encaracolado\" class=\"wp-image-23112\" srcset=\"https:\/\/flawlesshair.com\/wp-content\/uploads\/2023\/09\/red-balayage-on-black-curly-bob-cut.jpg 1080w, https:\/\/flawlesshair.com\/wp-content\/uploads\/2023\/09\/red-balayage-on-black-curly-bob-cut-240x300.jpg 240w, https:\/\/flawlesshair.com\/wp-content\/uploads\/2023\/09\/red-balayage-on-black-curly-bob-cut-819x1024.jpg 819w, https:\/\/flawlesshair.com\/wp-content\/uploads\/2023\/09\/red-balayage-on-black-curly-bob-cut-768x960.jpg 768w, https:\/\/flawlesshair.com\/wp-content\/uploads\/2023\/09\/red-balayage-on-black-curly-bob-cut-864x1080.jpg 864w, https:\/\/flawlesshair.com\/wp-content\/uploads\/2023\/09\/red-balayage-on-black-curly-bob-cut-960x1200.jpg 960w\" sizes=\"auto, (max-width: 760px) calc(100vw - 24px), 720px\"><\/noscript><img loading=\"lazy\" decoding=\"async\" width=\"1080\" height=\"1350\" src=\"https:\/\/flawlesshair.com\/wp-content\/uploads\/2023\/09\/red-balayage-on-black-curly-bob-cut.jpg\" alt=\"balayage vermelho num corte preto encaracolado\" class=\"wp-image-23112 lazyload\" srcset=\"https:\/\/flawlesshair.com\/wp-content\/uploads\/2023\/09\/red-balayage-on-black-curly-bob-cut.jpg 1080w, https:\/\/flawlesshair.com\/wp-content\/uploads\/2023\/09\/red-balayage-on-black-curly-bob-cut-240x300.jpg 240w, https:\/\/flawlesshair.com\/wp-content\/uploads\/2023\/09\/red-balayage-on-black-curly-bob-cut-819x1024.jpg 819w, https:\/\/flawlesshair.com\/wp-content\/uploads\/2023\/09\/red-balayage-on-black-curly-bob-cut-768x960.jpg 768w, https:\/\/flawlesshair.com\/wp-content\/uploads\/2023\/09\/red-balayage-on-black-curly-bob-cut-864x1080.jpg 864w, https:\/\/flawlesshair.com\/wp-content\/uploads\/2023\/09\/red-balayage-on-black-curly-bob-cut-960x1200.jpg 960w\" sizes=\"auto, (max-width: 760px) calc(100vw - 24px), 720px\" data-pin-media=\"https:\/\/flawlesshair.com\/wp-content\/uploads\/2023\/09\/red-balayage-on-black-curly-bob-cut.jpg\" id=\"mv-trellis-img-39\" data-trellis-processed=\"1\"><div style=\"position: absolute; top: 0.5rem; right: 0.75rem;\"> <a href=\"https:\/\/www.pinterest.com\/pin\/create\/button\/\" data-pin-do=\"buttonPin\" data-pin-tall=\"true\" data-pin-url=\"https:\/\/flawlesshair.com\/pt\/cabelo-ruivo-e-preto\/\" data-pin-media=\"https:\/\/flawlesshair.com\/wp-content\/uploads\/2023\/09\/red-balayage-on-black-curly-bob-cut.jpg\" data-pin-description=\"60 Trendy Red And Black Hair Ideas\" rel=\"nofollow noopener\" target=\"_blank\"> <\/a><\/div><\/div><figcaption class=\"wp-element-caption\">@<a href=\"https:\/\/www.instagram.com\/stylesbyblackbear?e=51a19c50-a553-4459-914d-f10aa6af38bf&amp;g=5\" target=\"_blank\" rel=\"noreferrer noopener nofollow\">stylesbyblackbear<\/a><\/figcaption><\/figure>\n<\/div>\n\n\n<p><a href=\"https:\/\/flawlesshair.com\/pt\/cabelo-comprido-encaracolado-2\/\">Corte bob encaracolado<\/a> est\u00e1 de volta e est\u00e1 melhor do que nunca. Para ser exato, esta \u00e9 a vers\u00e3o nova e actualizada do penteado intemporal. <\/p>\n\n\n\n<h2 class=\"wp-block-heading\">40. Corte n\u00e3o bin\u00e1rio preto e magenta<\/h2>\n\n\n<div class=\"wp-block-image\">\n<figure class=\"aligncenter size-full is-resized\"><div style=\"position: relative;\"><noscript><img loading=\"lazy\" decoding=\"async\" width=\"1080\" height=\"1350\" src=\"https:\/\/flawlesshair.com\/wp-content\/uploads\/2023\/09\/black-and-magenta-non-binary-cut.jpg\" alt=\"corte n\u00e3o bin\u00e1rio preto e magenta\" class=\"wp-image-23110\" style=\"width:819px;height:1024px\" srcset=\"https:\/\/flawlesshair.com\/wp-content\/uploads\/2023\/09\/black-and-magenta-non-binary-cut.jpg 1080w, https:\/\/flawlesshair.com\/wp-content\/uploads\/2023\/09\/black-and-magenta-non-binary-cut-240x300.jpg 240w, https:\/\/flawlesshair.com\/wp-content\/uploads\/2023\/09\/black-and-magenta-non-binary-cut-819x1024.jpg 819w, https:\/\/flawlesshair.com\/wp-content\/uploads\/2023\/09\/black-and-magenta-non-binary-cut-768x960.jpg 768w, https:\/\/flawlesshair.com\/wp-content\/uploads\/2023\/09\/black-and-magenta-non-binary-cut-864x1080.jpg 864w, https:\/\/flawlesshair.com\/wp-content\/uploads\/2023\/09\/black-and-magenta-non-binary-cut-960x1200.jpg 960w\" sizes=\"auto, (max-width: 760px) calc(100vw - 24px), 720px\"><\/noscript><img loading=\"lazy\" decoding=\"async\" width=\"1080\" height=\"1350\" src=\"https:\/\/flawlesshair.com\/wp-content\/uploads\/2023\/09\/black-and-magenta-non-binary-cut.jpg\" alt=\"corte n\u00e3o bin\u00e1rio preto e magenta\" class=\"wp-image-23110 lazyload\" style=\"width:819px;height:1024px\" srcset=\"https:\/\/flawlesshair.com\/wp-content\/uploads\/2023\/09\/black-and-magenta-non-binary-cut.jpg 1080w, https:\/\/flawlesshair.com\/wp-content\/uploads\/2023\/09\/black-and-magenta-non-binary-cut-240x300.jpg 240w, https:\/\/flawlesshair.com\/wp-content\/uploads\/2023\/09\/black-and-magenta-non-binary-cut-819x1024.jpg 819w, https:\/\/flawlesshair.com\/wp-content\/uploads\/2023\/09\/black-and-magenta-non-binary-cut-768x960.jpg 768w, https:\/\/flawlesshair.com\/wp-content\/uploads\/2023\/09\/black-and-magenta-non-binary-cut-864x1080.jpg 864w, https:\/\/flawlesshair.com\/wp-content\/uploads\/2023\/09\/black-and-magenta-non-binary-cut-960x1200.jpg 960w\" sizes=\"auto, (max-width: 760px) calc(100vw - 24px), 720px\" data-pin-media=\"https:\/\/flawlesshair.com\/wp-content\/uploads\/2023\/09\/black-and-magenta-non-binary-cut.jpg\" id=\"mv-trellis-img-40\" data-trellis-processed=\"1\"><div style=\"position: absolute; top: 0.5rem; right: 0.75rem;\"> <a href=\"https:\/\/www.pinterest.com\/pin\/create\/button\/\" data-pin-do=\"buttonPin\" data-pin-tall=\"true\" data-pin-url=\"https:\/\/flawlesshair.com\/pt\/cabelo-ruivo-e-preto\/\" data-pin-media=\"https:\/\/flawlesshair.com\/wp-content\/uploads\/2023\/09\/black-and-magenta-non-binary-cut.jpg\" data-pin-description=\"60 Trendy Red And Black Hair Ideas\" rel=\"nofollow noopener\" target=\"_blank\"> <\/a><\/div><\/div><figcaption class=\"wp-element-caption\">@<a href=\"https:\/\/www.instagram.com\/stylesbyblackbear?e=45035906-dd37-4a13-93cb-9629ddcd13eb&amp;g=5\" target=\"_blank\" rel=\"noreferrer noopener nofollow\">stylesbyblackbear<\/a><\/figcaption><\/figure>\n<\/div>\n\n\n<p>A beleza deste penteado \u00e9 que fica igualmente fant\u00e1stico em todos os g\u00e9neros. \u00c9 uma combina\u00e7\u00e3o \u00fanica de corte e cor que vai dar um toque super moderno ao seu visual. <\/p>\n\n\n\n<h2 class=\"wp-block-heading\">41. Borgonha e preto<\/h2>\n\n\n<div class=\"wp-block-image\">\n<figure class=\"aligncenter size-full\"><div style=\"position: relative;\"><noscript><img loading=\"lazy\" decoding=\"async\" width=\"1080\" height=\"1080\" src=\"https:\/\/flawlesshair.com\/wp-content\/uploads\/2023\/09\/burgundy-and-black-hair.jpg\" alt=\"cabelo cor de vinho e preto\" class=\"wp-image-23120\" srcset=\"https:\/\/flawlesshair.com\/wp-content\/uploads\/2023\/09\/burgundy-and-black-hair.jpg 1080w, https:\/\/flawlesshair.com\/wp-content\/uploads\/2023\/09\/burgundy-and-black-hair-300x300.jpg 300w, https:\/\/flawlesshair.com\/wp-content\/uploads\/2023\/09\/burgundy-and-black-hair-1024x1024.jpg 1024w, https:\/\/flawlesshair.com\/wp-content\/uploads\/2023\/09\/burgundy-and-black-hair-150x150.jpg 150w, https:\/\/flawlesshair.com\/wp-content\/uploads\/2023\/09\/burgundy-and-black-hair-768x768.jpg 768w, https:\/\/flawlesshair.com\/wp-content\/uploads\/2023\/09\/burgundy-and-black-hair-728x728.jpg 728w, https:\/\/flawlesshair.com\/wp-content\/uploads\/2023\/09\/burgundy-and-black-hair-960x960.jpg 960w\" sizes=\"auto, (max-width: 760px) calc(100vw - 24px), 720px\"><\/noscript><img loading=\"lazy\" decoding=\"async\" width=\"1080\" height=\"1080\" src=\"https:\/\/flawlesshair.com\/wp-content\/uploads\/2023\/09\/burgundy-and-black-hair.jpg\" alt=\"cabelo cor de vinho e preto\" class=\"wp-image-23120 lazyload\" srcset=\"https:\/\/flawlesshair.com\/wp-content\/uploads\/2023\/09\/burgundy-and-black-hair.jpg 1080w, https:\/\/flawlesshair.com\/wp-content\/uploads\/2023\/09\/burgundy-and-black-hair-300x300.jpg 300w, https:\/\/flawlesshair.com\/wp-content\/uploads\/2023\/09\/burgundy-and-black-hair-1024x1024.jpg 1024w, https:\/\/flawlesshair.com\/wp-content\/uploads\/2023\/09\/burgundy-and-black-hair-150x150.jpg 150w, https:\/\/flawlesshair.com\/wp-content\/uploads\/2023\/09\/burgundy-and-black-hair-768x768.jpg 768w, https:\/\/flawlesshair.com\/wp-content\/uploads\/2023\/09\/burgundy-and-black-hair-728x728.jpg 728w, https:\/\/flawlesshair.com\/wp-content\/uploads\/2023\/09\/burgundy-and-black-hair-960x960.jpg 960w\" sizes=\"auto, (max-width: 760px) calc(100vw - 24px), 720px\" data-pin-media=\"https:\/\/flawlesshair.com\/wp-content\/uploads\/2023\/09\/burgundy-and-black-hair.jpg\" id=\"mv-trellis-img-41\" data-trellis-processed=\"1\"><div style=\"position: absolute; top: 0.5rem; right: 0.75rem;\"> <a href=\"https:\/\/www.pinterest.com\/pin\/create\/button\/\" data-pin-do=\"buttonPin\" data-pin-tall=\"true\" data-pin-url=\"https:\/\/flawlesshair.com\/pt\/cabelo-ruivo-e-preto\/\" data-pin-media=\"https:\/\/flawlesshair.com\/wp-content\/uploads\/2023\/09\/burgundy-and-black-hair.jpg\" data-pin-description=\"60 Trendy Red And Black Hair Ideas\" rel=\"nofollow noopener\" target=\"_blank\"> <\/a><\/div><\/div><figcaption class=\"wp-element-caption\">@<a href=\"https:\/\/www.instagram.com\/paintedhair?e=3fe10209-e3dc-4905-ad66-d28ec98a0d9b&amp;g=5\" target=\"_blank\" rel=\"noreferrer noopener nofollow\">cabelo pintado<\/a><\/figcaption><\/figure>\n<\/div>\n\n\n<p>Se tem um tom de pele azeitona ou \u00e9bano, encontrou o seu par perfeito. O borgonha e o preto v\u00e3o tirar o melhor partido das suas caracter\u00edsticas!<\/p>\n\n\n\n<h2 class=\"wp-block-heading\">42. Cobre claro e preto<\/h2>\n\n\n<div class=\"wp-block-image\">\n<figure class=\"aligncenter size-full\"><div style=\"position: relative;\"><noscript><img loading=\"lazy\" decoding=\"async\" width=\"1080\" height=\"1080\" src=\"https:\/\/flawlesshair.com\/wp-content\/uploads\/2023\/09\/light-copper-and-black-hair.jpg\" alt=\"cabelo preto e acobreado claro\" class=\"wp-image-23121\" srcset=\"https:\/\/flawlesshair.com\/wp-content\/uploads\/2023\/09\/light-copper-and-black-hair.jpg 1080w, https:\/\/flawlesshair.com\/wp-content\/uploads\/2023\/09\/light-copper-and-black-hair-300x300.jpg 300w, https:\/\/flawlesshair.com\/wp-content\/uploads\/2023\/09\/light-copper-and-black-hair-1024x1024.jpg 1024w, https:\/\/flawlesshair.com\/wp-content\/uploads\/2023\/09\/light-copper-and-black-hair-150x150.jpg 150w, https:\/\/flawlesshair.com\/wp-content\/uploads\/2023\/09\/light-copper-and-black-hair-768x768.jpg 768w, https:\/\/flawlesshair.com\/wp-content\/uploads\/2023\/09\/light-copper-and-black-hair-728x728.jpg 728w, https:\/\/flawlesshair.com\/wp-content\/uploads\/2023\/09\/light-copper-and-black-hair-960x960.jpg 960w\" sizes=\"auto, (max-width: 760px) calc(100vw - 24px), 720px\"><\/noscript><img loading=\"lazy\" decoding=\"async\" width=\"1080\" height=\"1080\" src=\"https:\/\/flawlesshair.com\/wp-content\/uploads\/2023\/09\/light-copper-and-black-hair.jpg\" alt=\"cabelo preto e acobreado claro\" class=\"wp-image-23121 lazyload\" srcset=\"https:\/\/flawlesshair.com\/wp-content\/uploads\/2023\/09\/light-copper-and-black-hair.jpg 1080w, https:\/\/flawlesshair.com\/wp-content\/uploads\/2023\/09\/light-copper-and-black-hair-300x300.jpg 300w, https:\/\/flawlesshair.com\/wp-content\/uploads\/2023\/09\/light-copper-and-black-hair-1024x1024.jpg 1024w, https:\/\/flawlesshair.com\/wp-content\/uploads\/2023\/09\/light-copper-and-black-hair-150x150.jpg 150w, https:\/\/flawlesshair.com\/wp-content\/uploads\/2023\/09\/light-copper-and-black-hair-768x768.jpg 768w, https:\/\/flawlesshair.com\/wp-content\/uploads\/2023\/09\/light-copper-and-black-hair-728x728.jpg 728w, https:\/\/flawlesshair.com\/wp-content\/uploads\/2023\/09\/light-copper-and-black-hair-960x960.jpg 960w\" sizes=\"auto, (max-width: 760px) calc(100vw - 24px), 720px\" data-pin-media=\"https:\/\/flawlesshair.com\/wp-content\/uploads\/2023\/09\/light-copper-and-black-hair.jpg\" id=\"mv-trellis-img-42\" data-trellis-processed=\"1\"><div style=\"position: absolute; top: 0.5rem; right: 0.75rem;\"> <a href=\"https:\/\/www.pinterest.com\/pin\/create\/button\/\" data-pin-do=\"buttonPin\" data-pin-tall=\"true\" data-pin-url=\"https:\/\/flawlesshair.com\/pt\/cabelo-ruivo-e-preto\/\" data-pin-media=\"https:\/\/flawlesshair.com\/wp-content\/uploads\/2023\/09\/light-copper-and-black-hair.jpg\" data-pin-description=\"60 Trendy Red And Black Hair Ideas\" rel=\"nofollow noopener\" target=\"_blank\"> <\/a><\/div><\/div><figcaption class=\"wp-element-caption\">@<a href=\"https:\/\/www.instagram.com\/paintedhair?e=de8b3c65-f310-4d7c-a488-e553101a63ba&amp;g=5\" target=\"_blank\" rel=\"noreferrer noopener nofollow\">cabelo pintado<\/a><\/figcaption><\/figure>\n<\/div>\n\n\n<p>Se todas estas fotografias de inspira\u00e7\u00e3o n\u00e3o a convenceram a pedir ao seu pintor um cabelo ruivo e preto, eu sei o que vai convencer: uma transforma\u00e7\u00e3o de preto em vermelho e preto!<\/p>\n\n\n\n<h2 class=\"wp-block-heading\">43. Ouro picante rosa e preto<\/h2>\n\n\n<div class=\"wp-block-image\">\n<figure class=\"aligncenter size-full\"><div style=\"position: relative;\"><noscript><img loading=\"lazy\" decoding=\"async\" width=\"1080\" height=\"1080\" src=\"https:\/\/flawlesshair.com\/wp-content\/uploads\/2023\/09\/spicy-gold-red-and-black-hair.jpg\" alt=\"cabelo preto e vermelho dourado picante\" class=\"wp-image-23122\" srcset=\"https:\/\/flawlesshair.com\/wp-content\/uploads\/2023\/09\/spicy-gold-red-and-black-hair.jpg 1080w, https:\/\/flawlesshair.com\/wp-content\/uploads\/2023\/09\/spicy-gold-red-and-black-hair-300x300.jpg 300w, https:\/\/flawlesshair.com\/wp-content\/uploads\/2023\/09\/spicy-gold-red-and-black-hair-1024x1024.jpg 1024w, https:\/\/flawlesshair.com\/wp-content\/uploads\/2023\/09\/spicy-gold-red-and-black-hair-150x150.jpg 150w, https:\/\/flawlesshair.com\/wp-content\/uploads\/2023\/09\/spicy-gold-red-and-black-hair-768x768.jpg 768w, https:\/\/flawlesshair.com\/wp-content\/uploads\/2023\/09\/spicy-gold-red-and-black-hair-728x728.jpg 728w, https:\/\/flawlesshair.com\/wp-content\/uploads\/2023\/09\/spicy-gold-red-and-black-hair-960x960.jpg 960w\" sizes=\"auto, (max-width: 760px) calc(100vw - 24px), 720px\"><\/noscript><img loading=\"lazy\" decoding=\"async\" width=\"1080\" height=\"1080\" src=\"https:\/\/flawlesshair.com\/wp-content\/uploads\/2023\/09\/spicy-gold-red-and-black-hair.jpg\" alt=\"cabelo preto e vermelho dourado picante\" class=\"wp-image-23122 lazyload\" srcset=\"https:\/\/flawlesshair.com\/wp-content\/uploads\/2023\/09\/spicy-gold-red-and-black-hair.jpg 1080w, https:\/\/flawlesshair.com\/wp-content\/uploads\/2023\/09\/spicy-gold-red-and-black-hair-300x300.jpg 300w, https:\/\/flawlesshair.com\/wp-content\/uploads\/2023\/09\/spicy-gold-red-and-black-hair-1024x1024.jpg 1024w, https:\/\/flawlesshair.com\/wp-content\/uploads\/2023\/09\/spicy-gold-red-and-black-hair-150x150.jpg 150w, https:\/\/flawlesshair.com\/wp-content\/uploads\/2023\/09\/spicy-gold-red-and-black-hair-768x768.jpg 768w, https:\/\/flawlesshair.com\/wp-content\/uploads\/2023\/09\/spicy-gold-red-and-black-hair-728x728.jpg 728w, https:\/\/flawlesshair.com\/wp-content\/uploads\/2023\/09\/spicy-gold-red-and-black-hair-960x960.jpg 960w\" sizes=\"auto, (max-width: 760px) calc(100vw - 24px), 720px\" data-pin-media=\"https:\/\/flawlesshair.com\/wp-content\/uploads\/2023\/09\/spicy-gold-red-and-black-hair.jpg\" id=\"mv-trellis-img-43\" data-trellis-processed=\"1\"><div style=\"position: absolute; top: 0.5rem; right: 0.75rem;\"> <a href=\"https:\/\/www.pinterest.com\/pin\/create\/button\/\" data-pin-do=\"buttonPin\" data-pin-tall=\"true\" data-pin-url=\"https:\/\/flawlesshair.com\/pt\/cabelo-ruivo-e-preto\/\" data-pin-media=\"https:\/\/flawlesshair.com\/wp-content\/uploads\/2023\/09\/spicy-gold-red-and-black-hair.jpg\" data-pin-description=\"60 Trendy Red And Black Hair Ideas\" rel=\"nofollow noopener\" target=\"_blank\"> <\/a><\/div><\/div><figcaption class=\"wp-element-caption\">@<a href=\"https:\/\/www.instagram.com\/paintedhair?e=b09fae1f-b413-4f56-8998-4c16f8d31d95&amp;g=5\" target=\"_blank\" rel=\"noreferrer noopener nofollow\">cabelo pintado<\/a><\/figcaption><\/figure>\n<\/div>\n\n\n<p>O rosa dourado picante d\u00e1-lhe uma vibra\u00e7\u00e3o rock, mantendo-se elegante e com classe. Uma combina\u00e7\u00e3o de arrasar, eu sei. <\/p>\n\n\n\n<h2 class=\"wp-block-heading\">44. Mullet vermelho e preto elegante<\/h2>\n\n\n<div class=\"wp-block-image\">\n<figure class=\"aligncenter size-full\"><div style=\"position: relative;\"><noscript><img loading=\"lazy\" decoding=\"async\" width=\"1080\" height=\"1350\" src=\"https:\/\/flawlesshair.com\/wp-content\/uploads\/2023\/09\/edgy-red-and-black-pixie-mullet.jpg\" alt=\"mullet vermelho e preto de pixie\" class=\"wp-image-23123\" srcset=\"https:\/\/flawlesshair.com\/wp-content\/uploads\/2023\/09\/edgy-red-and-black-pixie-mullet.jpg 1080w, https:\/\/flawlesshair.com\/wp-content\/uploads\/2023\/09\/edgy-red-and-black-pixie-mullet-240x300.jpg 240w, https:\/\/flawlesshair.com\/wp-content\/uploads\/2023\/09\/edgy-red-and-black-pixie-mullet-819x1024.jpg 819w, https:\/\/flawlesshair.com\/wp-content\/uploads\/2023\/09\/edgy-red-and-black-pixie-mullet-768x960.jpg 768w, https:\/\/flawlesshair.com\/wp-content\/uploads\/2023\/09\/edgy-red-and-black-pixie-mullet-864x1080.jpg 864w, https:\/\/flawlesshair.com\/wp-content\/uploads\/2023\/09\/edgy-red-and-black-pixie-mullet-960x1200.jpg 960w\" sizes=\"auto, (max-width: 760px) calc(100vw - 24px), 720px\"><\/noscript><img loading=\"lazy\" decoding=\"async\" width=\"1080\" height=\"1350\" src=\"https:\/\/flawlesshair.com\/wp-content\/uploads\/2023\/09\/edgy-red-and-black-pixie-mullet.jpg\" alt=\"mullet vermelho e preto de pixie\" class=\"wp-image-23123 lazyload\" srcset=\"https:\/\/flawlesshair.com\/wp-content\/uploads\/2023\/09\/edgy-red-and-black-pixie-mullet.jpg 1080w, https:\/\/flawlesshair.com\/wp-content\/uploads\/2023\/09\/edgy-red-and-black-pixie-mullet-240x300.jpg 240w, https:\/\/flawlesshair.com\/wp-content\/uploads\/2023\/09\/edgy-red-and-black-pixie-mullet-819x1024.jpg 819w, https:\/\/flawlesshair.com\/wp-content\/uploads\/2023\/09\/edgy-red-and-black-pixie-mullet-768x960.jpg 768w, https:\/\/flawlesshair.com\/wp-content\/uploads\/2023\/09\/edgy-red-and-black-pixie-mullet-864x1080.jpg 864w, https:\/\/flawlesshair.com\/wp-content\/uploads\/2023\/09\/edgy-red-and-black-pixie-mullet-960x1200.jpg 960w\" sizes=\"auto, (max-width: 760px) calc(100vw - 24px), 720px\" data-pin-media=\"https:\/\/flawlesshair.com\/wp-content\/uploads\/2023\/09\/edgy-red-and-black-pixie-mullet.jpg\" id=\"mv-trellis-img-44\" data-trellis-processed=\"1\"><div style=\"position: absolute; top: 0.5rem; right: 0.75rem;\"> <a href=\"https:\/\/www.pinterest.com\/pin\/create\/button\/\" data-pin-do=\"buttonPin\" data-pin-tall=\"true\" data-pin-url=\"https:\/\/flawlesshair.com\/pt\/cabelo-ruivo-e-preto\/\" data-pin-media=\"https:\/\/flawlesshair.com\/wp-content\/uploads\/2023\/09\/edgy-red-and-black-pixie-mullet.jpg\" data-pin-description=\"60 Trendy Red And Black Hair Ideas\" rel=\"nofollow noopener\" target=\"_blank\"> <\/a><\/div><\/div><figcaption class=\"wp-element-caption\">@<a href=\"https:\/\/www.instagram.com\/unitedbyshorthair\/?e=a7bb0dfc-9c6b-4a43-b08b-490942f7bea2&amp;g=5\" target=\"_blank\" rel=\"noreferrer noopener nofollow\">unitedbyshorthair<\/a><\/figcaption><\/figure>\n<\/div>\n\n\n<p>Este mullet \u00e9 um corte arrojado mesmo quando o seu cabelo \u00e9 pintado num dos tons \"cl\u00e1ssicos\". Mas quando adiciona uma pitada de vermelho \u00e0 sua base preta, obt\u00e9m um efeito surpreendente. <\/p>\n\n\n\n<h2 class=\"wp-block-heading\">45. Cabelo mogno e preto<\/h2>\n\n\n<div class=\"wp-block-image\">\n<figure class=\"aligncenter size-full\"><div style=\"position: relative;\"><noscript><img loading=\"lazy\" decoding=\"async\" width=\"1080\" height=\"1080\" src=\"https:\/\/flawlesshair.com\/wp-content\/uploads\/2023\/09\/mahogany-and-black-hair.jpg\" alt=\"cabelo mogno e preto\" class=\"wp-image-23119\" srcset=\"https:\/\/flawlesshair.com\/wp-content\/uploads\/2023\/09\/mahogany-and-black-hair.jpg 1080w, https:\/\/flawlesshair.com\/wp-content\/uploads\/2023\/09\/mahogany-and-black-hair-300x300.jpg 300w, https:\/\/flawlesshair.com\/wp-content\/uploads\/2023\/09\/mahogany-and-black-hair-1024x1024.jpg 1024w, https:\/\/flawlesshair.com\/wp-content\/uploads\/2023\/09\/mahogany-and-black-hair-150x150.jpg 150w, https:\/\/flawlesshair.com\/wp-content\/uploads\/2023\/09\/mahogany-and-black-hair-768x768.jpg 768w, https:\/\/flawlesshair.com\/wp-content\/uploads\/2023\/09\/mahogany-and-black-hair-728x728.jpg 728w, https:\/\/flawlesshair.com\/wp-content\/uploads\/2023\/09\/mahogany-and-black-hair-960x960.jpg 960w\" sizes=\"auto, (max-width: 760px) calc(100vw - 24px), 720px\"><\/noscript><img loading=\"lazy\" decoding=\"async\" width=\"1080\" height=\"1080\" src=\"https:\/\/flawlesshair.com\/wp-content\/uploads\/2023\/09\/mahogany-and-black-hair.jpg\" alt=\"cabelo mogno e preto\" class=\"wp-image-23119 lazyload\" srcset=\"https:\/\/flawlesshair.com\/wp-content\/uploads\/2023\/09\/mahogany-and-black-hair.jpg 1080w, https:\/\/flawlesshair.com\/wp-content\/uploads\/2023\/09\/mahogany-and-black-hair-300x300.jpg 300w, https:\/\/flawlesshair.com\/wp-content\/uploads\/2023\/09\/mahogany-and-black-hair-1024x1024.jpg 1024w, https:\/\/flawlesshair.com\/wp-content\/uploads\/2023\/09\/mahogany-and-black-hair-150x150.jpg 150w, https:\/\/flawlesshair.com\/wp-content\/uploads\/2023\/09\/mahogany-and-black-hair-768x768.jpg 768w, https:\/\/flawlesshair.com\/wp-content\/uploads\/2023\/09\/mahogany-and-black-hair-728x728.jpg 728w, https:\/\/flawlesshair.com\/wp-content\/uploads\/2023\/09\/mahogany-and-black-hair-960x960.jpg 960w\" sizes=\"auto, (max-width: 760px) calc(100vw - 24px), 720px\" data-pin-media=\"https:\/\/flawlesshair.com\/wp-content\/uploads\/2023\/09\/mahogany-and-black-hair.jpg\" id=\"mv-trellis-img-45\" data-trellis-processed=\"1\"><div style=\"position: absolute; top: 0.5rem; right: 0.75rem;\"> <a href=\"https:\/\/www.pinterest.com\/pin\/create\/button\/\" data-pin-do=\"buttonPin\" data-pin-tall=\"true\" data-pin-url=\"https:\/\/flawlesshair.com\/pt\/cabelo-ruivo-e-preto\/\" data-pin-media=\"https:\/\/flawlesshair.com\/wp-content\/uploads\/2023\/09\/mahogany-and-black-hair.jpg\" data-pin-description=\"60 Trendy Red And Black Hair Ideas\" rel=\"nofollow noopener\" target=\"_blank\"> <\/a><\/div><\/div><figcaption class=\"wp-element-caption\">@<a href=\"https:\/\/www.instagram.com\/therealdavinajoy510\/?e=65d45a10-a7c2-4c68-9fe8-9a6ca3a095ab&amp;g=5\" target=\"_blank\" rel=\"noreferrer noopener nofollow\">therealdavinajoy510<\/a><\/figcaption><\/figure>\n<\/div>\n\n\n<p>A melhor forma de descrever a cor de cabelo mogno \u00e9 chamar-lhe um tom castanho avermelhado p\u00farpura. Adicione-a ao seu cabelo preto e d\u00ea asas \u00e0 criatividade do seu pintor. <\/p>\n\n\n\n<h2 class=\"wp-block-heading\">46. Penteado punk vermelho e preto com corte inferior<\/h2>\n\n\n<div class=\"wp-block-image\">\n<figure class=\"aligncenter size-full\"><div style=\"position: relative;\"><noscript><img loading=\"lazy\" decoding=\"async\" width=\"960\" height=\"1200\" src=\"https:\/\/flawlesshair.com\/wp-content\/uploads\/2023\/09\/red-and-black-punk-hairstyle-with-undercut.jpg\" alt=\"penteado punk vermelho e preto com corte inferior\" class=\"wp-image-23125\" srcset=\"https:\/\/flawlesshair.com\/wp-content\/uploads\/2023\/09\/red-and-black-punk-hairstyle-with-undercut.jpg 960w, https:\/\/flawlesshair.com\/wp-content\/uploads\/2023\/09\/red-and-black-punk-hairstyle-with-undercut-240x300.jpg 240w, https:\/\/flawlesshair.com\/wp-content\/uploads\/2023\/09\/red-and-black-punk-hairstyle-with-undercut-819x1024.jpg 819w, https:\/\/flawlesshair.com\/wp-content\/uploads\/2023\/09\/red-and-black-punk-hairstyle-with-undercut-768x960.jpg 768w, https:\/\/flawlesshair.com\/wp-content\/uploads\/2023\/09\/red-and-black-punk-hairstyle-with-undercut-864x1080.jpg 864w\" sizes=\"auto, (max-width: 760px) calc(100vw - 24px), 720px\"><\/noscript><img loading=\"lazy\" decoding=\"async\" width=\"960\" height=\"1200\" src=\"https:\/\/flawlesshair.com\/wp-content\/uploads\/2023\/09\/red-and-black-punk-hairstyle-with-undercut.jpg\" alt=\"penteado punk vermelho e preto com corte inferior\" class=\"wp-image-23125 lazyload\" srcset=\"https:\/\/flawlesshair.com\/wp-content\/uploads\/2023\/09\/red-and-black-punk-hairstyle-with-undercut.jpg 960w, https:\/\/flawlesshair.com\/wp-content\/uploads\/2023\/09\/red-and-black-punk-hairstyle-with-undercut-240x300.jpg 240w, https:\/\/flawlesshair.com\/wp-content\/uploads\/2023\/09\/red-and-black-punk-hairstyle-with-undercut-819x1024.jpg 819w, https:\/\/flawlesshair.com\/wp-content\/uploads\/2023\/09\/red-and-black-punk-hairstyle-with-undercut-768x960.jpg 768w, https:\/\/flawlesshair.com\/wp-content\/uploads\/2023\/09\/red-and-black-punk-hairstyle-with-undercut-864x1080.jpg 864w\" sizes=\"auto, (max-width: 760px) calc(100vw - 24px), 720px\" data-pin-media=\"https:\/\/flawlesshair.com\/wp-content\/uploads\/2023\/09\/red-and-black-punk-hairstyle-with-undercut.jpg\" id=\"mv-trellis-img-46\" data-trellis-processed=\"1\"><div style=\"position: absolute; top: 0.5rem; right: 0.75rem;\"> <a href=\"https:\/\/www.pinterest.com\/pin\/create\/button\/\" data-pin-do=\"buttonPin\" data-pin-tall=\"true\" data-pin-url=\"https:\/\/flawlesshair.com\/pt\/cabelo-ruivo-e-preto\/\" data-pin-media=\"https:\/\/flawlesshair.com\/wp-content\/uploads\/2023\/09\/red-and-black-punk-hairstyle-with-undercut.jpg\" data-pin-description=\"60 Trendy Red And Black Hair Ideas\" rel=\"nofollow noopener\" target=\"_blank\"> <\/a><\/div><\/div><figcaption class=\"wp-element-caption\">@<a href=\"https:\/\/www.instagram.com\/wildrawbean?e=2405c222-93a7-4216-a6d6-7a896558fe8d&amp;g=5\" target=\"_blank\" rel=\"noreferrer noopener nofollow\">feij\u00e3o bravo<\/a><\/figcaption><\/figure>\n<\/div>\n\n\n<p>Est\u00e1s pronto para despertar a estrela punk rock que tens dentro de ti? Se a resposta for sim, aqui est\u00e1 a melhor maneira de o fazer. <\/p>\n\n\n\n<h2 class=\"wp-block-heading\">47. Corte Pixie Preto e Magenta<\/h2>\n\n\n<div class=\"wp-block-image\">\n<figure class=\"aligncenter size-full\"><div style=\"position: relative;\"><noscript><img loading=\"lazy\" decoding=\"async\" width=\"991\" height=\"991\" src=\"https:\/\/flawlesshair.com\/wp-content\/uploads\/2023\/09\/black-and-magenta-pixie-cut.jpg\" alt=\"corte pixie preto e magenta\" class=\"wp-image-23126\" srcset=\"https:\/\/flawlesshair.com\/wp-content\/uploads\/2023\/09\/black-and-magenta-pixie-cut.jpg 991w, https:\/\/flawlesshair.com\/wp-content\/uploads\/2023\/09\/black-and-magenta-pixie-cut-300x300.jpg 300w, https:\/\/flawlesshair.com\/wp-content\/uploads\/2023\/09\/black-and-magenta-pixie-cut-150x150.jpg 150w, https:\/\/flawlesshair.com\/wp-content\/uploads\/2023\/09\/black-and-magenta-pixie-cut-768x768.jpg 768w, https:\/\/flawlesshair.com\/wp-content\/uploads\/2023\/09\/black-and-magenta-pixie-cut-728x728.jpg 728w, https:\/\/flawlesshair.com\/wp-content\/uploads\/2023\/09\/black-and-magenta-pixie-cut-960x960.jpg 960w\" sizes=\"auto, (max-width: 760px) calc(100vw - 24px), 720px\"><\/noscript><img loading=\"lazy\" decoding=\"async\" width=\"991\" height=\"991\" src=\"https:\/\/flawlesshair.com\/wp-content\/uploads\/2023\/09\/black-and-magenta-pixie-cut.jpg\" alt=\"corte pixie preto e magenta\" class=\"wp-image-23126 lazyload\" srcset=\"https:\/\/flawlesshair.com\/wp-content\/uploads\/2023\/09\/black-and-magenta-pixie-cut.jpg 991w, https:\/\/flawlesshair.com\/wp-content\/uploads\/2023\/09\/black-and-magenta-pixie-cut-300x300.jpg 300w, https:\/\/flawlesshair.com\/wp-content\/uploads\/2023\/09\/black-and-magenta-pixie-cut-150x150.jpg 150w, https:\/\/flawlesshair.com\/wp-content\/uploads\/2023\/09\/black-and-magenta-pixie-cut-768x768.jpg 768w, https:\/\/flawlesshair.com\/wp-content\/uploads\/2023\/09\/black-and-magenta-pixie-cut-728x728.jpg 728w, https:\/\/flawlesshair.com\/wp-content\/uploads\/2023\/09\/black-and-magenta-pixie-cut-960x960.jpg 960w\" sizes=\"auto, (max-width: 760px) calc(100vw - 24px), 720px\" data-pin-media=\"https:\/\/flawlesshair.com\/wp-content\/uploads\/2023\/09\/black-and-magenta-pixie-cut.jpg\" id=\"mv-trellis-img-47\" data-trellis-processed=\"1\"><div style=\"position: absolute; top: 0.5rem; right: 0.75rem;\"> <a href=\"https:\/\/www.pinterest.com\/pin\/create\/button\/\" data-pin-do=\"buttonPin\" data-pin-tall=\"true\" data-pin-url=\"https:\/\/flawlesshair.com\/pt\/cabelo-ruivo-e-preto\/\" data-pin-media=\"https:\/\/flawlesshair.com\/wp-content\/uploads\/2023\/09\/black-and-magenta-pixie-cut.jpg\" data-pin-description=\"60 Trendy Red And Black Hair Ideas\" rel=\"nofollow noopener\" target=\"_blank\"> <\/a><\/div><\/div><figcaption class=\"wp-element-caption\">@<a href=\"https:\/\/www.instagram.com\/paulahair?e=4b9ddf94-36ca-448d-800c-acb9f1f5af9e&amp;g=5\" target=\"_blank\" rel=\"noreferrer noopener nofollow\">paulahair<\/a><\/figcaption><\/figure>\n<\/div>\n\n\n<p>J\u00e1 estabelecemos uma coisa: o preto e o magenta ficam extremamente bem juntos. Mas o que n\u00e3o sab\u00edamos \u00e9 que ficam t\u00e3o bem num <a href=\"https:\/\/flawlesshair.com\/pt\/corte-de-cabelo-pixie\/\">corte pixie<\/a>. <\/p>\n\n\n\n<h2 class=\"wp-block-heading\">48. Mullet vermelho e preto elegante<\/h2>\n\n\n<div class=\"wp-block-image\">\n<figure class=\"aligncenter size-full\"><div style=\"position: relative;\"><noscript><img loading=\"lazy\" decoding=\"async\" width=\"1080\" height=\"1253\" src=\"https:\/\/flawlesshair.com\/wp-content\/uploads\/2023\/09\/edgy-red-and-black-mullet.jpg\" alt=\"mullet vermelho e preto ousado\" class=\"wp-image-23127\" srcset=\"https:\/\/flawlesshair.com\/wp-content\/uploads\/2023\/09\/edgy-red-and-black-mullet.jpg 1080w, https:\/\/flawlesshair.com\/wp-content\/uploads\/2023\/09\/edgy-red-and-black-mullet-259x300.jpg 259w, https:\/\/flawlesshair.com\/wp-content\/uploads\/2023\/09\/edgy-red-and-black-mullet-883x1024.jpg 883w, https:\/\/flawlesshair.com\/wp-content\/uploads\/2023\/09\/edgy-red-and-black-mullet-768x891.jpg 768w, https:\/\/flawlesshair.com\/wp-content\/uploads\/2023\/09\/edgy-red-and-black-mullet-827x960.jpg 827w, https:\/\/flawlesshair.com\/wp-content\/uploads\/2023\/09\/edgy-red-and-black-mullet-931x1080.jpg 931w, https:\/\/flawlesshair.com\/wp-content\/uploads\/2023\/09\/edgy-red-and-black-mullet-1034x1200.jpg 1034w\" sizes=\"auto, (max-width: 760px) calc(100vw - 24px), 720px\"><\/noscript><img loading=\"lazy\" decoding=\"async\" width=\"1080\" height=\"1253\" src=\"https:\/\/flawlesshair.com\/wp-content\/uploads\/2023\/09\/edgy-red-and-black-mullet.jpg\" alt=\"mullet vermelho e preto ousado\" class=\"wp-image-23127 lazyload\" srcset=\"https:\/\/flawlesshair.com\/wp-content\/uploads\/2023\/09\/edgy-red-and-black-mullet.jpg 1080w, https:\/\/flawlesshair.com\/wp-content\/uploads\/2023\/09\/edgy-red-and-black-mullet-259x300.jpg 259w, https:\/\/flawlesshair.com\/wp-content\/uploads\/2023\/09\/edgy-red-and-black-mullet-883x1024.jpg 883w, https:\/\/flawlesshair.com\/wp-content\/uploads\/2023\/09\/edgy-red-and-black-mullet-768x891.jpg 768w, https:\/\/flawlesshair.com\/wp-content\/uploads\/2023\/09\/edgy-red-and-black-mullet-827x960.jpg 827w, https:\/\/flawlesshair.com\/wp-content\/uploads\/2023\/09\/edgy-red-and-black-mullet-931x1080.jpg 931w, https:\/\/flawlesshair.com\/wp-content\/uploads\/2023\/09\/edgy-red-and-black-mullet-1034x1200.jpg 1034w\" sizes=\"auto, (max-width: 760px) calc(100vw - 24px), 720px\" data-pin-media=\"https:\/\/flawlesshair.com\/wp-content\/uploads\/2023\/09\/edgy-red-and-black-mullet.jpg\" id=\"mv-trellis-img-48\" data-trellis-processed=\"1\"><div style=\"position: absolute; top: 0.5rem; right: 0.75rem;\"> <a href=\"https:\/\/www.pinterest.com\/pin\/create\/button\/\" data-pin-do=\"buttonPin\" data-pin-tall=\"true\" data-pin-url=\"https:\/\/flawlesshair.com\/pt\/cabelo-ruivo-e-preto\/\" data-pin-media=\"https:\/\/flawlesshair.com\/wp-content\/uploads\/2023\/09\/edgy-red-and-black-mullet.jpg\" data-pin-description=\"60 Trendy Red And Black Hair Ideas\" rel=\"nofollow noopener\" target=\"_blank\"> <\/a><\/div><\/div><figcaption class=\"wp-element-caption\">@<a href=\"https:\/\/www.instagram.com\/hairbrained_official?e=f2fff0b1-0f96-4d50-adc1-a21fdaae3b13&amp;g=5\" target=\"_blank\" rel=\"noreferrer noopener nofollow\">hairbrained_official<\/a><\/figcaption><\/figure>\n<\/div>\n\n\n<p>N\u00e3o est\u00e1s preparado para isto <a href=\"https:\/\/flawlesshair.com\/pt\/cabelo-vermelho-vivo\/\">vermelho vivo<\/a> e mullet pixie preto. \u00c9 um look espetacular com uma qualidade estrutural e \u00e9 isso que o torna t\u00e3o fant\u00e1stico. <\/p>\n\n\n\n<h2 class=\"wp-block-heading\">49. Tran\u00e7as pretas com madeixas vermelhas<\/h2>\n\n\n<div class=\"wp-block-image\">\n<figure class=\"aligncenter size-full\"><div style=\"position: relative;\"><noscript><img loading=\"lazy\" decoding=\"async\" width=\"1080\" height=\"1226\" src=\"https:\/\/flawlesshair.com\/wp-content\/uploads\/2023\/09\/black-braids-with-red-strands.jpg\" alt=\"tran\u00e7as pretas com madeixas vermelhas\" class=\"wp-image-23128\" srcset=\"https:\/\/flawlesshair.com\/wp-content\/uploads\/2023\/09\/black-braids-with-red-strands.jpg 1080w, https:\/\/flawlesshair.com\/wp-content\/uploads\/2023\/09\/black-braids-with-red-strands-264x300.jpg 264w, https:\/\/flawlesshair.com\/wp-content\/uploads\/2023\/09\/black-braids-with-red-strands-902x1024.jpg 902w, https:\/\/flawlesshair.com\/wp-content\/uploads\/2023\/09\/black-braids-with-red-strands-768x872.jpg 768w, https:\/\/flawlesshair.com\/wp-content\/uploads\/2023\/09\/black-braids-with-red-strands-846x960.jpg 846w, https:\/\/flawlesshair.com\/wp-content\/uploads\/2023\/09\/black-braids-with-red-strands-951x1080.jpg 951w, https:\/\/flawlesshair.com\/wp-content\/uploads\/2023\/09\/black-braids-with-red-strands-1057x1200.jpg 1057w\" sizes=\"auto, (max-width: 760px) calc(100vw - 24px), 720px\"><\/noscript><img loading=\"lazy\" decoding=\"async\" width=\"1080\" height=\"1226\" src=\"https:\/\/flawlesshair.com\/wp-content\/uploads\/2023\/09\/black-braids-with-red-strands.jpg\" alt=\"tran\u00e7as pretas com madeixas vermelhas\" class=\"wp-image-23128 lazyload\" srcset=\"https:\/\/flawlesshair.com\/wp-content\/uploads\/2023\/09\/black-braids-with-red-strands.jpg 1080w, https:\/\/flawlesshair.com\/wp-content\/uploads\/2023\/09\/black-braids-with-red-strands-264x300.jpg 264w, https:\/\/flawlesshair.com\/wp-content\/uploads\/2023\/09\/black-braids-with-red-strands-902x1024.jpg 902w, https:\/\/flawlesshair.com\/wp-content\/uploads\/2023\/09\/black-braids-with-red-strands-768x872.jpg 768w, https:\/\/flawlesshair.com\/wp-content\/uploads\/2023\/09\/black-braids-with-red-strands-846x960.jpg 846w, https:\/\/flawlesshair.com\/wp-content\/uploads\/2023\/09\/black-braids-with-red-strands-951x1080.jpg 951w, https:\/\/flawlesshair.com\/wp-content\/uploads\/2023\/09\/black-braids-with-red-strands-1057x1200.jpg 1057w\" sizes=\"auto, (max-width: 760px) calc(100vw - 24px), 720px\" data-pin-media=\"https:\/\/flawlesshair.com\/wp-content\/uploads\/2023\/09\/black-braids-with-red-strands.jpg\" id=\"mv-trellis-img-49\" data-trellis-processed=\"1\"><div style=\"position: absolute; top: 0.5rem; right: 0.75rem;\"> <a href=\"https:\/\/www.pinterest.com\/pin\/create\/button\/\" data-pin-do=\"buttonPin\" data-pin-tall=\"true\" data-pin-url=\"https:\/\/flawlesshair.com\/pt\/cabelo-ruivo-e-preto\/\" data-pin-media=\"https:\/\/flawlesshair.com\/wp-content\/uploads\/2023\/09\/black-braids-with-red-strands.jpg\" data-pin-description=\"60 Trendy Red And Black Hair Ideas\" rel=\"nofollow noopener\" target=\"_blank\"> <\/a><\/div><\/div><figcaption class=\"wp-element-caption\">@<a href=\"https:\/\/www.instagram.com\/freshly_styled?e=f4c1e1ac-ae19-4aa6-8550-30655247c4db&amp;g=5\" target=\"_blank\" rel=\"noreferrer noopener nofollow\">rec\u00e9m-estilizado<\/a><\/figcaption><\/figure>\n<\/div>\n\n\n<p>Bem-vinda ao mundo das espectaculares box braids. Tem de admitir que esta combina\u00e7\u00e3o de cores neste estilo \u00e9 espetacular. <\/p>\n\n\n\n<h2 class=\"wp-block-heading\">50. Tran\u00e7as de Caixa Vermelhas com Ra\u00edzes Pretas<\/h2>\n\n\n<div class=\"wp-block-image\">\n<figure class=\"aligncenter size-full\"><div style=\"position: relative;\"><noscript><img loading=\"lazy\" decoding=\"async\" width=\"1080\" height=\"1331\" src=\"https:\/\/flawlesshair.com\/wp-content\/uploads\/2023\/09\/red-box-braids-with-black-roots.jpg\" alt=\"tran\u00e7as box braids vermelhas com ra\u00edzes pretas\" class=\"wp-image-23129\" srcset=\"https:\/\/flawlesshair.com\/wp-content\/uploads\/2023\/09\/red-box-braids-with-black-roots.jpg 1080w, https:\/\/flawlesshair.com\/wp-content\/uploads\/2023\/09\/red-box-braids-with-black-roots-243x300.jpg 243w, https:\/\/flawlesshair.com\/wp-content\/uploads\/2023\/09\/red-box-braids-with-black-roots-831x1024.jpg 831w, https:\/\/flawlesshair.com\/wp-content\/uploads\/2023\/09\/red-box-braids-with-black-roots-768x946.jpg 768w, https:\/\/flawlesshair.com\/wp-content\/uploads\/2023\/09\/red-box-braids-with-black-roots-779x960.jpg 779w, https:\/\/flawlesshair.com\/wp-content\/uploads\/2023\/09\/red-box-braids-with-black-roots-876x1080.jpg 876w, https:\/\/flawlesshair.com\/wp-content\/uploads\/2023\/09\/red-box-braids-with-black-roots-974x1200.jpg 974w\" sizes=\"auto, (max-width: 760px) calc(100vw - 24px), 720px\"><\/noscript><img loading=\"lazy\" decoding=\"async\" width=\"1080\" height=\"1331\" src=\"https:\/\/flawlesshair.com\/wp-content\/uploads\/2023\/09\/red-box-braids-with-black-roots.jpg\" alt=\"tran\u00e7as box braids vermelhas com ra\u00edzes pretas\" class=\"wp-image-23129 lazyload\" srcset=\"https:\/\/flawlesshair.com\/wp-content\/uploads\/2023\/09\/red-box-braids-with-black-roots.jpg 1080w, https:\/\/flawlesshair.com\/wp-content\/uploads\/2023\/09\/red-box-braids-with-black-roots-243x300.jpg 243w, https:\/\/flawlesshair.com\/wp-content\/uploads\/2023\/09\/red-box-braids-with-black-roots-831x1024.jpg 831w, https:\/\/flawlesshair.com\/wp-content\/uploads\/2023\/09\/red-box-braids-with-black-roots-768x946.jpg 768w, https:\/\/flawlesshair.com\/wp-content\/uploads\/2023\/09\/red-box-braids-with-black-roots-779x960.jpg 779w, https:\/\/flawlesshair.com\/wp-content\/uploads\/2023\/09\/red-box-braids-with-black-roots-876x1080.jpg 876w, https:\/\/flawlesshair.com\/wp-content\/uploads\/2023\/09\/red-box-braids-with-black-roots-974x1200.jpg 974w\" sizes=\"auto, (max-width: 760px) calc(100vw - 24px), 720px\" data-pin-media=\"https:\/\/flawlesshair.com\/wp-content\/uploads\/2023\/09\/red-box-braids-with-black-roots.jpg\" id=\"mv-trellis-img-50\" data-trellis-processed=\"1\"><div style=\"position: absolute; top: 0.5rem; right: 0.75rem;\"> <a href=\"https:\/\/www.pinterest.com\/pin\/create\/button\/\" data-pin-do=\"buttonPin\" data-pin-tall=\"true\" data-pin-url=\"https:\/\/flawlesshair.com\/pt\/cabelo-ruivo-e-preto\/\" data-pin-media=\"https:\/\/flawlesshair.com\/wp-content\/uploads\/2023\/09\/red-box-braids-with-black-roots.jpg\" data-pin-description=\"60 Trendy Red And Black Hair Ideas\" rel=\"nofollow noopener\" target=\"_blank\"> <\/a><\/div><\/div><figcaption class=\"wp-element-caption\">@<a href=\"https:\/\/www.instagram.com\/black_hair_court\/?e=123b0469-0b00-477e-b2ca-f4cede3d4fdb&amp;g=5\" target=\"_blank\" rel=\"noreferrer noopener nofollow\">tribunal_de_cabelo_preto<\/a><\/figcaption><\/figure>\n<\/div>\n\n\n<p>Claro que ainda n\u00e3o acab\u00e1mos com as box braids pretas e vermelhas. Basta olhar para este estilo de cortar a respira\u00e7\u00e3o e perceber\u00e1 porqu\u00ea. <\/p>\n\n\n\n<h2 class=\"wp-block-heading\">51. Tran\u00e7as metade vermelhas, metade pretas<\/h2>\n\n\n<div class=\"wp-block-image\">\n<figure class=\"aligncenter size-full\"><div style=\"position: relative;\"><noscript><img loading=\"lazy\" decoding=\"async\" width=\"960\" height=\"1200\" src=\"https:\/\/flawlesshair.com\/wp-content\/uploads\/2023\/09\/half-black-half-red-box-braids.jpg\" alt=\"tran\u00e7as em caixa metade pretas metade vermelhas\" class=\"wp-image-23130\" srcset=\"https:\/\/flawlesshair.com\/wp-content\/uploads\/2023\/09\/half-black-half-red-box-braids.jpg 960w, https:\/\/flawlesshair.com\/wp-content\/uploads\/2023\/09\/half-black-half-red-box-braids-240x300.jpg 240w, https:\/\/flawlesshair.com\/wp-content\/uploads\/2023\/09\/half-black-half-red-box-braids-819x1024.jpg 819w, https:\/\/flawlesshair.com\/wp-content\/uploads\/2023\/09\/half-black-half-red-box-braids-768x960.jpg 768w, https:\/\/flawlesshair.com\/wp-content\/uploads\/2023\/09\/half-black-half-red-box-braids-864x1080.jpg 864w\" sizes=\"auto, (max-width: 760px) calc(100vw - 24px), 720px\"><\/noscript><img loading=\"lazy\" decoding=\"async\" width=\"960\" height=\"1200\" src=\"https:\/\/flawlesshair.com\/wp-content\/uploads\/2023\/09\/half-black-half-red-box-braids.jpg\" alt=\"tran\u00e7as em caixa metade pretas metade vermelhas\" class=\"wp-image-23130 lazyload\" srcset=\"https:\/\/flawlesshair.com\/wp-content\/uploads\/2023\/09\/half-black-half-red-box-braids.jpg 960w, https:\/\/flawlesshair.com\/wp-content\/uploads\/2023\/09\/half-black-half-red-box-braids-240x300.jpg 240w, https:\/\/flawlesshair.com\/wp-content\/uploads\/2023\/09\/half-black-half-red-box-braids-819x1024.jpg 819w, https:\/\/flawlesshair.com\/wp-content\/uploads\/2023\/09\/half-black-half-red-box-braids-768x960.jpg 768w, https:\/\/flawlesshair.com\/wp-content\/uploads\/2023\/09\/half-black-half-red-box-braids-864x1080.jpg 864w\" sizes=\"auto, (max-width: 760px) calc(100vw - 24px), 720px\" data-pin-media=\"https:\/\/flawlesshair.com\/wp-content\/uploads\/2023\/09\/half-black-half-red-box-braids.jpg\" id=\"mv-trellis-img-51\" data-trellis-processed=\"1\"><div style=\"position: absolute; top: 0.5rem; right: 0.75rem;\"> <a href=\"https:\/\/www.pinterest.com\/pin\/create\/button\/\" data-pin-do=\"buttonPin\" data-pin-tall=\"true\" data-pin-url=\"https:\/\/flawlesshair.com\/pt\/cabelo-ruivo-e-preto\/\" data-pin-media=\"https:\/\/flawlesshair.com\/wp-content\/uploads\/2023\/09\/half-black-half-red-box-braids.jpg\" data-pin-description=\"60 Trendy Red And Black Hair Ideas\" rel=\"nofollow noopener\" target=\"_blank\"> <\/a><\/div><\/div><figcaption class=\"wp-element-caption\">@<a href=\"https:\/\/www.instagram.com\/galaxy_parlour001?e=50381f82-b917-455d-9a52-0de431eadfdb&amp;g=5\" target=\"_blank\" rel=\"noreferrer noopener nofollow\">gal\u00e1xia_parlour001<\/a><\/figcaption><\/figure>\n<\/div>\n\n\n<p>A colora\u00e7\u00e3o dividida \u00e9 um must-have nesta esta\u00e7\u00e3o. E as tran\u00e7as s\u00e3o um penteado intemporal que nunca passa de moda. Combine as duas tend\u00eancias! <\/p>\n\n\n\n<h2 class=\"wp-block-heading\">52. Cabelo vermelho e preto emo<\/h2>\n\n\n<div class=\"wp-block-image\">\n<figure class=\"aligncenter size-full\"><div style=\"position: relative;\"><noscript><img loading=\"lazy\" decoding=\"async\" width=\"1080\" height=\"1249\" src=\"https:\/\/flawlesshair.com\/wp-content\/uploads\/2023\/09\/emo-red-and-black-hair.jpg\" alt=\"cabelo vermelho e preto emo\" class=\"wp-image-23132\" srcset=\"https:\/\/flawlesshair.com\/wp-content\/uploads\/2023\/09\/emo-red-and-black-hair.jpg 1080w, https:\/\/flawlesshair.com\/wp-content\/uploads\/2023\/09\/emo-red-and-black-hair-259x300.jpg 259w, https:\/\/flawlesshair.com\/wp-content\/uploads\/2023\/09\/emo-red-and-black-hair-885x1024.jpg 885w, https:\/\/flawlesshair.com\/wp-content\/uploads\/2023\/09\/emo-red-and-black-hair-768x888.jpg 768w, https:\/\/flawlesshair.com\/wp-content\/uploads\/2023\/09\/emo-red-and-black-hair-830x960.jpg 830w, https:\/\/flawlesshair.com\/wp-content\/uploads\/2023\/09\/emo-red-and-black-hair-934x1080.jpg 934w, https:\/\/flawlesshair.com\/wp-content\/uploads\/2023\/09\/emo-red-and-black-hair-1038x1200.jpg 1038w\" sizes=\"auto, (max-width: 760px) calc(100vw - 24px), 720px\"><\/noscript><img loading=\"lazy\" decoding=\"async\" width=\"1080\" height=\"1249\" src=\"https:\/\/flawlesshair.com\/wp-content\/uploads\/2023\/09\/emo-red-and-black-hair.jpg\" alt=\"cabelo vermelho e preto emo\" class=\"wp-image-23132 lazyload\" srcset=\"https:\/\/flawlesshair.com\/wp-content\/uploads\/2023\/09\/emo-red-and-black-hair.jpg 1080w, https:\/\/flawlesshair.com\/wp-content\/uploads\/2023\/09\/emo-red-and-black-hair-259x300.jpg 259w, https:\/\/flawlesshair.com\/wp-content\/uploads\/2023\/09\/emo-red-and-black-hair-885x1024.jpg 885w, https:\/\/flawlesshair.com\/wp-content\/uploads\/2023\/09\/emo-red-and-black-hair-768x888.jpg 768w, https:\/\/flawlesshair.com\/wp-content\/uploads\/2023\/09\/emo-red-and-black-hair-830x960.jpg 830w, https:\/\/flawlesshair.com\/wp-content\/uploads\/2023\/09\/emo-red-and-black-hair-934x1080.jpg 934w, https:\/\/flawlesshair.com\/wp-content\/uploads\/2023\/09\/emo-red-and-black-hair-1038x1200.jpg 1038w\" sizes=\"auto, (max-width: 760px) calc(100vw - 24px), 720px\" data-pin-media=\"https:\/\/flawlesshair.com\/wp-content\/uploads\/2023\/09\/emo-red-and-black-hair.jpg\" id=\"mv-trellis-img-52\" data-trellis-processed=\"1\"><div style=\"position: absolute; top: 0.5rem; right: 0.75rem;\"> <a href=\"https:\/\/www.pinterest.com\/pin\/create\/button\/\" data-pin-do=\"buttonPin\" data-pin-tall=\"true\" data-pin-url=\"https:\/\/flawlesshair.com\/pt\/cabelo-ruivo-e-preto\/\" data-pin-media=\"https:\/\/flawlesshair.com\/wp-content\/uploads\/2023\/09\/emo-red-and-black-hair.jpg\" data-pin-description=\"60 Trendy Red And Black Hair Ideas\" rel=\"nofollow noopener\" target=\"_blank\"> <\/a><\/div><\/div><figcaption class=\"wp-element-caption\">@<a href=\"https:\/\/www.instagram.com\/doubleq_chris\/?e=92882865-9a34-4e0a-aa31-f6046e6959a4&amp;g=5\" target=\"_blank\" rel=\"noreferrer noopener nofollow\">doubleq_chris<\/a><\/figcaption><\/figure>\n<\/div>\n\n\n<p>A era emo j\u00e1 acabou h\u00e1 muito tempo. Ou ser\u00e1 que est\u00e1 mesmo? Aqui est\u00e1 uma vers\u00e3o actualizada, nova e melhorada do visual nunca esquecido. <\/p>\n\n\n\n<h2 class=\"wp-block-heading\">53. Franja de beb\u00e9 vermelha em cabelo preto<\/h2>\n\n\n<div class=\"wp-block-image\">\n<figure class=\"aligncenter size-full\"><div style=\"position: relative;\"><noscript><img loading=\"lazy\" decoding=\"async\" width=\"1080\" height=\"1080\" src=\"https:\/\/flawlesshair.com\/wp-content\/uploads\/2023\/09\/red-baby-bangs-on-black-hair.jpg\" alt=\"franja de beb\u00e9 vermelha em cabelo preto\" class=\"wp-image-23136\" srcset=\"https:\/\/flawlesshair.com\/wp-content\/uploads\/2023\/09\/red-baby-bangs-on-black-hair.jpg 1080w, https:\/\/flawlesshair.com\/wp-content\/uploads\/2023\/09\/red-baby-bangs-on-black-hair-300x300.jpg 300w, https:\/\/flawlesshair.com\/wp-content\/uploads\/2023\/09\/red-baby-bangs-on-black-hair-1024x1024.jpg 1024w, https:\/\/flawlesshair.com\/wp-content\/uploads\/2023\/09\/red-baby-bangs-on-black-hair-150x150.jpg 150w, https:\/\/flawlesshair.com\/wp-content\/uploads\/2023\/09\/red-baby-bangs-on-black-hair-768x768.jpg 768w, https:\/\/flawlesshair.com\/wp-content\/uploads\/2023\/09\/red-baby-bangs-on-black-hair-728x728.jpg 728w, https:\/\/flawlesshair.com\/wp-content\/uploads\/2023\/09\/red-baby-bangs-on-black-hair-960x960.jpg 960w\" sizes=\"auto, (max-width: 760px) calc(100vw - 24px), 720px\"><\/noscript><img loading=\"lazy\" decoding=\"async\" width=\"1080\" height=\"1080\" src=\"https:\/\/flawlesshair.com\/wp-content\/uploads\/2023\/09\/red-baby-bangs-on-black-hair.jpg\" alt=\"franja de beb\u00e9 vermelha em cabelo preto\" class=\"wp-image-23136 lazyload\" srcset=\"https:\/\/flawlesshair.com\/wp-content\/uploads\/2023\/09\/red-baby-bangs-on-black-hair.jpg 1080w, https:\/\/flawlesshair.com\/wp-content\/uploads\/2023\/09\/red-baby-bangs-on-black-hair-300x300.jpg 300w, https:\/\/flawlesshair.com\/wp-content\/uploads\/2023\/09\/red-baby-bangs-on-black-hair-1024x1024.jpg 1024w, https:\/\/flawlesshair.com\/wp-content\/uploads\/2023\/09\/red-baby-bangs-on-black-hair-150x150.jpg 150w, https:\/\/flawlesshair.com\/wp-content\/uploads\/2023\/09\/red-baby-bangs-on-black-hair-768x768.jpg 768w, https:\/\/flawlesshair.com\/wp-content\/uploads\/2023\/09\/red-baby-bangs-on-black-hair-728x728.jpg 728w, https:\/\/flawlesshair.com\/wp-content\/uploads\/2023\/09\/red-baby-bangs-on-black-hair-960x960.jpg 960w\" sizes=\"auto, (max-width: 760px) calc(100vw - 24px), 720px\" data-pin-media=\"https:\/\/flawlesshair.com\/wp-content\/uploads\/2023\/09\/red-baby-bangs-on-black-hair.jpg\" id=\"mv-trellis-img-53\" data-trellis-processed=\"1\"><div style=\"position: absolute; top: 0.5rem; right: 0.75rem;\"> <a href=\"https:\/\/www.pinterest.com\/pin\/create\/button\/\" data-pin-do=\"buttonPin\" data-pin-tall=\"true\" data-pin-url=\"https:\/\/flawlesshair.com\/pt\/cabelo-ruivo-e-preto\/\" data-pin-media=\"https:\/\/flawlesshair.com\/wp-content\/uploads\/2023\/09\/red-baby-bangs-on-black-hair.jpg\" data-pin-description=\"60 Trendy Red And Black Hair Ideas\" rel=\"nofollow noopener\" target=\"_blank\"> <\/a><\/div><\/div><figcaption class=\"wp-element-caption\">@<a href=\"https:\/\/www.instagram.com\/_curseica_\/?e=cd233e7b-1cda-449d-91b1-b680cd365429&amp;g=5\" target=\"_blank\" rel=\"noreferrer noopener nofollow\">_curseica_<\/a><\/figcaption><\/figure>\n<\/div>\n\n\n<p>Aqui fica uma dica profissional: as baby bangs s\u00e3o perfeitas para rostos ovais, uma vez que tornam o rosto mais angular. <\/p>\n\n\n\n<h2 class=\"wp-block-heading\">54. Franja vermelha e preta em cabelo preto<\/h2>\n\n\n<div class=\"wp-block-image\">\n<figure class=\"aligncenter size-full\"><div style=\"position: relative;\"><noscript><img loading=\"lazy\" decoding=\"async\" width=\"1080\" height=\"1080\" src=\"https:\/\/flawlesshair.com\/wp-content\/uploads\/2023\/09\/red-and-black-bangs-on-black-hair.jpg\" alt=\"franja vermelha e preta em cabelo preto\" class=\"wp-image-23137\" srcset=\"https:\/\/flawlesshair.com\/wp-content\/uploads\/2023\/09\/red-and-black-bangs-on-black-hair.jpg 1080w, https:\/\/flawlesshair.com\/wp-content\/uploads\/2023\/09\/red-and-black-bangs-on-black-hair-300x300.jpg 300w, https:\/\/flawlesshair.com\/wp-content\/uploads\/2023\/09\/red-and-black-bangs-on-black-hair-1024x1024.jpg 1024w, https:\/\/flawlesshair.com\/wp-content\/uploads\/2023\/09\/red-and-black-bangs-on-black-hair-150x150.jpg 150w, https:\/\/flawlesshair.com\/wp-content\/uploads\/2023\/09\/red-and-black-bangs-on-black-hair-768x768.jpg 768w, https:\/\/flawlesshair.com\/wp-content\/uploads\/2023\/09\/red-and-black-bangs-on-black-hair-728x728.jpg 728w, https:\/\/flawlesshair.com\/wp-content\/uploads\/2023\/09\/red-and-black-bangs-on-black-hair-960x960.jpg 960w\" sizes=\"auto, (max-width: 760px) calc(100vw - 24px), 720px\"><\/noscript><img loading=\"lazy\" decoding=\"async\" width=\"1080\" height=\"1080\" src=\"https:\/\/flawlesshair.com\/wp-content\/uploads\/2023\/09\/red-and-black-bangs-on-black-hair.jpg\" alt=\"franja vermelha e preta em cabelo preto\" class=\"wp-image-23137 lazyload\" srcset=\"https:\/\/flawlesshair.com\/wp-content\/uploads\/2023\/09\/red-and-black-bangs-on-black-hair.jpg 1080w, https:\/\/flawlesshair.com\/wp-content\/uploads\/2023\/09\/red-and-black-bangs-on-black-hair-300x300.jpg 300w, https:\/\/flawlesshair.com\/wp-content\/uploads\/2023\/09\/red-and-black-bangs-on-black-hair-1024x1024.jpg 1024w, https:\/\/flawlesshair.com\/wp-content\/uploads\/2023\/09\/red-and-black-bangs-on-black-hair-150x150.jpg 150w, https:\/\/flawlesshair.com\/wp-content\/uploads\/2023\/09\/red-and-black-bangs-on-black-hair-768x768.jpg 768w, https:\/\/flawlesshair.com\/wp-content\/uploads\/2023\/09\/red-and-black-bangs-on-black-hair-728x728.jpg 728w, https:\/\/flawlesshair.com\/wp-content\/uploads\/2023\/09\/red-and-black-bangs-on-black-hair-960x960.jpg 960w\" sizes=\"auto, (max-width: 760px) calc(100vw - 24px), 720px\" data-pin-media=\"https:\/\/flawlesshair.com\/wp-content\/uploads\/2023\/09\/red-and-black-bangs-on-black-hair.jpg\" id=\"mv-trellis-img-54\" data-trellis-processed=\"1\"><div style=\"position: absolute; top: 0.5rem; right: 0.75rem;\"> <a href=\"https:\/\/www.pinterest.com\/pin\/create\/button\/\" data-pin-do=\"buttonPin\" data-pin-tall=\"true\" data-pin-url=\"https:\/\/flawlesshair.com\/pt\/cabelo-ruivo-e-preto\/\" data-pin-media=\"https:\/\/flawlesshair.com\/wp-content\/uploads\/2023\/09\/red-and-black-bangs-on-black-hair.jpg\" data-pin-description=\"60 Trendy Red And Black Hair Ideas\" rel=\"nofollow noopener\" target=\"_blank\"> <\/a><\/div><\/div><figcaption class=\"wp-element-caption\">@<a href=\"https:\/\/www.instagram.com\/stacylaurenwalker?e=1a11d93b-d51d-41c3-b6d0-d206a4d719b7&amp;g=5\" target=\"_blank\" rel=\"noreferrer noopener nofollow\">stacylaurenwalker<\/a><\/figcaption><\/figure>\n<\/div>\n\n\n<p>Franja de duas cores? Por que n\u00e3o? O que \u00e9 que a impede exatamente de ter este penteado fant\u00e1stico?<\/p>\n\n\n\n<h2 class=\"wp-block-heading\">55. Cowboy Cobre e Preto Split Dye<\/h2>\n\n\n<div class=\"wp-block-image\">\n<figure class=\"aligncenter size-full\"><div style=\"position: relative;\"><noscript><img loading=\"lazy\" decoding=\"async\" width=\"1080\" height=\"1349\" src=\"https:\/\/flawlesshair.com\/wp-content\/uploads\/2023\/09\/cowboy-copper-and-black-split-dye.jpg\" alt=\"tinta de cowboy em cobre e preto\" class=\"wp-image-23141\" srcset=\"https:\/\/flawlesshair.com\/wp-content\/uploads\/2023\/09\/cowboy-copper-and-black-split-dye.jpg 1080w, https:\/\/flawlesshair.com\/wp-content\/uploads\/2023\/09\/cowboy-copper-and-black-split-dye-240x300.jpg 240w, https:\/\/flawlesshair.com\/wp-content\/uploads\/2023\/09\/cowboy-copper-and-black-split-dye-820x1024.jpg 820w, https:\/\/flawlesshair.com\/wp-content\/uploads\/2023\/09\/cowboy-copper-and-black-split-dye-768x959.jpg 768w, https:\/\/flawlesshair.com\/wp-content\/uploads\/2023\/09\/cowboy-copper-and-black-split-dye-769x960.jpg 769w, https:\/\/flawlesshair.com\/wp-content\/uploads\/2023\/09\/cowboy-copper-and-black-split-dye-865x1080.jpg 865w, https:\/\/flawlesshair.com\/wp-content\/uploads\/2023\/09\/cowboy-copper-and-black-split-dye-961x1200.jpg 961w\" sizes=\"auto, (max-width: 760px) calc(100vw - 24px), 720px\"><\/noscript><img loading=\"lazy\" decoding=\"async\" width=\"1080\" height=\"1349\" src=\"https:\/\/flawlesshair.com\/wp-content\/uploads\/2023\/09\/cowboy-copper-and-black-split-dye.jpg\" alt=\"tinta de cowboy em cobre e preto\" class=\"wp-image-23141 lazyload\" srcset=\"https:\/\/flawlesshair.com\/wp-content\/uploads\/2023\/09\/cowboy-copper-and-black-split-dye.jpg 1080w, https:\/\/flawlesshair.com\/wp-content\/uploads\/2023\/09\/cowboy-copper-and-black-split-dye-240x300.jpg 240w, https:\/\/flawlesshair.com\/wp-content\/uploads\/2023\/09\/cowboy-copper-and-black-split-dye-820x1024.jpg 820w, https:\/\/flawlesshair.com\/wp-content\/uploads\/2023\/09\/cowboy-copper-and-black-split-dye-768x959.jpg 768w, https:\/\/flawlesshair.com\/wp-content\/uploads\/2023\/09\/cowboy-copper-and-black-split-dye-769x960.jpg 769w, https:\/\/flawlesshair.com\/wp-content\/uploads\/2023\/09\/cowboy-copper-and-black-split-dye-865x1080.jpg 865w, https:\/\/flawlesshair.com\/wp-content\/uploads\/2023\/09\/cowboy-copper-and-black-split-dye-961x1200.jpg 961w\" sizes=\"auto, (max-width: 760px) calc(100vw - 24px), 720px\" data-pin-media=\"https:\/\/flawlesshair.com\/wp-content\/uploads\/2023\/09\/cowboy-copper-and-black-split-dye.jpg\" id=\"mv-trellis-img-55\" data-trellis-processed=\"1\"><div style=\"position: absolute; top: 0.5rem; right: 0.75rem;\"> <a href=\"https:\/\/www.pinterest.com\/pin\/create\/button\/\" data-pin-do=\"buttonPin\" data-pin-tall=\"true\" data-pin-url=\"https:\/\/flawlesshair.com\/pt\/cabelo-ruivo-e-preto\/\" data-pin-media=\"https:\/\/flawlesshair.com\/wp-content\/uploads\/2023\/09\/cowboy-copper-and-black-split-dye.jpg\" data-pin-description=\"60 Trendy Red And Black Hair Ideas\" rel=\"nofollow noopener\" target=\"_blank\"> <\/a><\/div><\/div><figcaption class=\"wp-element-caption\">@<a href=\"https:\/\/www.instagram.com\/maddiemarissa?e=2409fa29-46e6-4231-9971-e64017bc52bd&amp;g=5\" target=\"_blank\" rel=\"noreferrer noopener nofollow\">maddiemarissa<\/a><\/figcaption><\/figure>\n<\/div>\n\n\n<p>Se quiser ter uma cor \u00fanica pela qual todos ficar\u00e3o loucos, opte por uma colora\u00e7\u00e3o cobre cowboy e uma divis\u00e3o de tinta preta para um look selvagem. <\/p>\n\n\n\n<h2 class=\"wp-block-heading\">56. Cabelo castanho-avermelhado com ra\u00edzes pretas<\/h2>\n\n\n<div class=\"wp-block-image\">\n<figure class=\"aligncenter size-full\"><div style=\"position: relative;\"><noscript><img loading=\"lazy\" decoding=\"async\" width=\"1080\" height=\"1350\" src=\"https:\/\/flawlesshair.com\/wp-content\/uploads\/2023\/09\/auburn-hair-with-black-roots.jpg\" alt=\"cabelo ruivo com ra\u00edzes pretas\" class=\"wp-image-23142\" srcset=\"https:\/\/flawlesshair.com\/wp-content\/uploads\/2023\/09\/auburn-hair-with-black-roots.jpg 1080w, https:\/\/flawlesshair.com\/wp-content\/uploads\/2023\/09\/auburn-hair-with-black-roots-240x300.jpg 240w, https:\/\/flawlesshair.com\/wp-content\/uploads\/2023\/09\/auburn-hair-with-black-roots-819x1024.jpg 819w, https:\/\/flawlesshair.com\/wp-content\/uploads\/2023\/09\/auburn-hair-with-black-roots-768x960.jpg 768w, https:\/\/flawlesshair.com\/wp-content\/uploads\/2023\/09\/auburn-hair-with-black-roots-864x1080.jpg 864w, https:\/\/flawlesshair.com\/wp-content\/uploads\/2023\/09\/auburn-hair-with-black-roots-960x1200.jpg 960w\" sizes=\"auto, (max-width: 760px) calc(100vw - 24px), 720px\"><\/noscript><img loading=\"lazy\" decoding=\"async\" width=\"1080\" height=\"1350\" src=\"https:\/\/flawlesshair.com\/wp-content\/uploads\/2023\/09\/auburn-hair-with-black-roots.jpg\" alt=\"cabelo ruivo com ra\u00edzes pretas\" class=\"wp-image-23142 lazyload\" srcset=\"https:\/\/flawlesshair.com\/wp-content\/uploads\/2023\/09\/auburn-hair-with-black-roots.jpg 1080w, https:\/\/flawlesshair.com\/wp-content\/uploads\/2023\/09\/auburn-hair-with-black-roots-240x300.jpg 240w, https:\/\/flawlesshair.com\/wp-content\/uploads\/2023\/09\/auburn-hair-with-black-roots-819x1024.jpg 819w, https:\/\/flawlesshair.com\/wp-content\/uploads\/2023\/09\/auburn-hair-with-black-roots-768x960.jpg 768w, https:\/\/flawlesshair.com\/wp-content\/uploads\/2023\/09\/auburn-hair-with-black-roots-864x1080.jpg 864w, https:\/\/flawlesshair.com\/wp-content\/uploads\/2023\/09\/auburn-hair-with-black-roots-960x1200.jpg 960w\" sizes=\"auto, (max-width: 760px) calc(100vw - 24px), 720px\" data-pin-media=\"https:\/\/flawlesshair.com\/wp-content\/uploads\/2023\/09\/auburn-hair-with-black-roots.jpg\" id=\"mv-trellis-img-56\" data-trellis-processed=\"1\"><div style=\"position: absolute; top: 0.5rem; right: 0.75rem;\"> <a href=\"https:\/\/www.pinterest.com\/pin\/create\/button\/\" data-pin-do=\"buttonPin\" data-pin-tall=\"true\" data-pin-url=\"https:\/\/flawlesshair.com\/pt\/cabelo-ruivo-e-preto\/\" data-pin-media=\"https:\/\/flawlesshair.com\/wp-content\/uploads\/2023\/09\/auburn-hair-with-black-roots.jpg\" data-pin-description=\"60 Trendy Red And Black Hair Ideas\" rel=\"nofollow noopener\" target=\"_blank\"> <\/a><\/div><\/div><figcaption class=\"wp-element-caption\">@<a href=\"https:\/\/www.instagram.com\/outofthecorner\/?e=b60307ef-e841-4aed-b67e-e971b6aa1296&amp;g=5\" target=\"_blank\" rel=\"noreferrer noopener nofollow\">fora da esquina<\/a><\/figcaption><\/figure>\n<\/div>\n\n\n<p>N\u00e3o, este estilo n\u00e3o requer um retoque de cor. As ra\u00edzes pretas est\u00e3o aqui com um objetivo: criar um look mais interessante. <\/p>\n\n\n\n<h2 class=\"wp-block-heading\">57. Madeixas vermelhas castanhas no cabelo preto<\/h2>\n\n\n<div class=\"wp-block-image\">\n<figure class=\"aligncenter size-full\"><div style=\"position: relative;\"><noscript><img loading=\"lazy\" decoding=\"async\" width=\"1080\" height=\"1350\" src=\"https:\/\/flawlesshair.com\/wp-content\/uploads\/2023\/09\/maroon-red-highlights-on-black-hair.jpg\" alt=\"madeixas vermelhas castanhas em cabelos pretos\" class=\"wp-image-23143\" srcset=\"https:\/\/flawlesshair.com\/wp-content\/uploads\/2023\/09\/maroon-red-highlights-on-black-hair.jpg 1080w, https:\/\/flawlesshair.com\/wp-content\/uploads\/2023\/09\/maroon-red-highlights-on-black-hair-240x300.jpg 240w, https:\/\/flawlesshair.com\/wp-content\/uploads\/2023\/09\/maroon-red-highlights-on-black-hair-819x1024.jpg 819w, https:\/\/flawlesshair.com\/wp-content\/uploads\/2023\/09\/maroon-red-highlights-on-black-hair-768x960.jpg 768w, https:\/\/flawlesshair.com\/wp-content\/uploads\/2023\/09\/maroon-red-highlights-on-black-hair-864x1080.jpg 864w, https:\/\/flawlesshair.com\/wp-content\/uploads\/2023\/09\/maroon-red-highlights-on-black-hair-960x1200.jpg 960w\" sizes=\"auto, (max-width: 760px) calc(100vw - 24px), 720px\"><\/noscript><img loading=\"lazy\" decoding=\"async\" width=\"1080\" height=\"1350\" src=\"https:\/\/flawlesshair.com\/wp-content\/uploads\/2023\/09\/maroon-red-highlights-on-black-hair.jpg\" alt=\"madeixas vermelhas castanhas em cabelos pretos\" class=\"wp-image-23143 lazyload\" srcset=\"https:\/\/flawlesshair.com\/wp-content\/uploads\/2023\/09\/maroon-red-highlights-on-black-hair.jpg 1080w, https:\/\/flawlesshair.com\/wp-content\/uploads\/2023\/09\/maroon-red-highlights-on-black-hair-240x300.jpg 240w, https:\/\/flawlesshair.com\/wp-content\/uploads\/2023\/09\/maroon-red-highlights-on-black-hair-819x1024.jpg 819w, https:\/\/flawlesshair.com\/wp-content\/uploads\/2023\/09\/maroon-red-highlights-on-black-hair-768x960.jpg 768w, https:\/\/flawlesshair.com\/wp-content\/uploads\/2023\/09\/maroon-red-highlights-on-black-hair-864x1080.jpg 864w, https:\/\/flawlesshair.com\/wp-content\/uploads\/2023\/09\/maroon-red-highlights-on-black-hair-960x1200.jpg 960w\" sizes=\"auto, (max-width: 760px) calc(100vw - 24px), 720px\" data-pin-media=\"https:\/\/flawlesshair.com\/wp-content\/uploads\/2023\/09\/maroon-red-highlights-on-black-hair.jpg\" id=\"mv-trellis-img-57\" data-trellis-processed=\"1\"><div style=\"position: absolute; top: 0.5rem; right: 0.75rem;\"> <a href=\"https:\/\/www.pinterest.com\/pin\/create\/button\/\" data-pin-do=\"buttonPin\" data-pin-tall=\"true\" data-pin-url=\"https:\/\/flawlesshair.com\/pt\/cabelo-ruivo-e-preto\/\" data-pin-media=\"https:\/\/flawlesshair.com\/wp-content\/uploads\/2023\/09\/maroon-red-highlights-on-black-hair.jpg\" data-pin-description=\"60 Trendy Red And Black Hair Ideas\" rel=\"nofollow noopener\" target=\"_blank\"> <\/a><\/div><\/div><figcaption class=\"wp-element-caption\">@<a href=\"https:\/\/www.instagram.com\/ziggyshairla\/?e=961dec58-b6f6-492c-a198-560ba0fbba12&amp;g=5\" target=\"_blank\" rel=\"noreferrer noopener nofollow\">ziggyshairla<\/a><\/figcaption><\/figure>\n<\/div>\n\n\n<p>Quer que o seu cabelo tenha alguma atitude? Fa\u00e7a umas madeixas vermelho-marrom numa cor de base preta. <\/p>\n\n\n\n<h2 class=\"wp-block-heading\">58. Toque de vermelho num l\u00f3bulo com penas<\/h2>\n\n\n<div class=\"wp-block-image\">\n<figure class=\"aligncenter size-full\"><div style=\"position: relative;\"><noscript><img loading=\"lazy\" decoding=\"async\" width=\"1080\" height=\"1080\" src=\"https:\/\/flawlesshair.com\/wp-content\/uploads\/2023\/09\/touch-of-red-on-black-feathered-lob.jpg\" alt=\"toque de vermelho no l\u00f3bulo de penas pretas\" class=\"wp-image-23144\" srcset=\"https:\/\/flawlesshair.com\/wp-content\/uploads\/2023\/09\/touch-of-red-on-black-feathered-lob.jpg 1080w, https:\/\/flawlesshair.com\/wp-content\/uploads\/2023\/09\/touch-of-red-on-black-feathered-lob-300x300.jpg 300w, https:\/\/flawlesshair.com\/wp-content\/uploads\/2023\/09\/touch-of-red-on-black-feathered-lob-1024x1024.jpg 1024w, https:\/\/flawlesshair.com\/wp-content\/uploads\/2023\/09\/touch-of-red-on-black-feathered-lob-150x150.jpg 150w, https:\/\/flawlesshair.com\/wp-content\/uploads\/2023\/09\/touch-of-red-on-black-feathered-lob-768x768.jpg 768w, https:\/\/flawlesshair.com\/wp-content\/uploads\/2023\/09\/touch-of-red-on-black-feathered-lob-728x728.jpg 728w, https:\/\/flawlesshair.com\/wp-content\/uploads\/2023\/09\/touch-of-red-on-black-feathered-lob-960x960.jpg 960w\" sizes=\"auto, (max-width: 760px) calc(100vw - 24px), 720px\"><\/noscript><img loading=\"lazy\" decoding=\"async\" width=\"1080\" height=\"1080\" src=\"https:\/\/flawlesshair.com\/wp-content\/uploads\/2023\/09\/touch-of-red-on-black-feathered-lob.jpg\" alt=\"toque de vermelho no l\u00f3bulo de penas pretas\" class=\"wp-image-23144 lazyload\" srcset=\"https:\/\/flawlesshair.com\/wp-content\/uploads\/2023\/09\/touch-of-red-on-black-feathered-lob.jpg 1080w, https:\/\/flawlesshair.com\/wp-content\/uploads\/2023\/09\/touch-of-red-on-black-feathered-lob-300x300.jpg 300w, https:\/\/flawlesshair.com\/wp-content\/uploads\/2023\/09\/touch-of-red-on-black-feathered-lob-1024x1024.jpg 1024w, https:\/\/flawlesshair.com\/wp-content\/uploads\/2023\/09\/touch-of-red-on-black-feathered-lob-150x150.jpg 150w, https:\/\/flawlesshair.com\/wp-content\/uploads\/2023\/09\/touch-of-red-on-black-feathered-lob-768x768.jpg 768w, https:\/\/flawlesshair.com\/wp-content\/uploads\/2023\/09\/touch-of-red-on-black-feathered-lob-728x728.jpg 728w, https:\/\/flawlesshair.com\/wp-content\/uploads\/2023\/09\/touch-of-red-on-black-feathered-lob-960x960.jpg 960w\" sizes=\"auto, (max-width: 760px) calc(100vw - 24px), 720px\" data-pin-media=\"https:\/\/flawlesshair.com\/wp-content\/uploads\/2023\/09\/touch-of-red-on-black-feathered-lob.jpg\" id=\"mv-trellis-img-58\" data-trellis-processed=\"1\"><div style=\"position: absolute; top: 0.5rem; right: 0.75rem;\"> <a href=\"https:\/\/www.pinterest.com\/pin\/create\/button\/\" data-pin-do=\"buttonPin\" data-pin-tall=\"true\" data-pin-url=\"https:\/\/flawlesshair.com\/pt\/cabelo-ruivo-e-preto\/\" data-pin-media=\"https:\/\/flawlesshair.com\/wp-content\/uploads\/2023\/09\/touch-of-red-on-black-feathered-lob.jpg\" data-pin-description=\"60 Trendy Red And Black Hair Ideas\" rel=\"nofollow noopener\" target=\"_blank\"> <\/a><\/div><\/div><figcaption class=\"wp-element-caption\">@<a href=\"https:\/\/www.instagram.com\/ziggyshairla?e=ab423926-9bf7-43fa-bdac-b0dcaa24b951&amp;g=5\" target=\"_blank\" rel=\"noreferrer noopener nofollow\">ziggyshairla<\/a><\/figcaption><\/figure>\n<\/div>\n\n\n<p>Um bob comprido \u00e9 um dos penteados de comprimento m\u00e9dio mais modernos e elegantes. Mas um lob emplumado de duas cores \u00e9 algo de outro mundo! <\/p>\n\n\n\n<h2 class=\"wp-block-heading\">59. Tintura dividida em vermelho vivo e preto azeviche<\/h2>\n\n\n<div class=\"wp-block-image\">\n<figure class=\"aligncenter size-full\"><div style=\"position: relative;\"><noscript><img loading=\"lazy\" decoding=\"async\" width=\"1080\" height=\"1350\" src=\"https:\/\/flawlesshair.com\/wp-content\/uploads\/2023\/09\/bright-red-and-jet-black-split-dye.jpg\" alt=\"tintura vermelha brilhante e preta\" class=\"wp-image-23145\" srcset=\"https:\/\/flawlesshair.com\/wp-content\/uploads\/2023\/09\/bright-red-and-jet-black-split-dye.jpg 1080w, https:\/\/flawlesshair.com\/wp-content\/uploads\/2023\/09\/bright-red-and-jet-black-split-dye-240x300.jpg 240w, https:\/\/flawlesshair.com\/wp-content\/uploads\/2023\/09\/bright-red-and-jet-black-split-dye-819x1024.jpg 819w, https:\/\/flawlesshair.com\/wp-content\/uploads\/2023\/09\/bright-red-and-jet-black-split-dye-768x960.jpg 768w, https:\/\/flawlesshair.com\/wp-content\/uploads\/2023\/09\/bright-red-and-jet-black-split-dye-864x1080.jpg 864w, https:\/\/flawlesshair.com\/wp-content\/uploads\/2023\/09\/bright-red-and-jet-black-split-dye-960x1200.jpg 960w\" sizes=\"auto, (max-width: 760px) calc(100vw - 24px), 720px\"><\/noscript><img loading=\"lazy\" decoding=\"async\" width=\"1080\" height=\"1350\" src=\"https:\/\/flawlesshair.com\/wp-content\/uploads\/2023\/09\/bright-red-and-jet-black-split-dye.jpg\" alt=\"tintura vermelha brilhante e preta\" class=\"wp-image-23145 lazyload\" srcset=\"https:\/\/flawlesshair.com\/wp-content\/uploads\/2023\/09\/bright-red-and-jet-black-split-dye.jpg 1080w, https:\/\/flawlesshair.com\/wp-content\/uploads\/2023\/09\/bright-red-and-jet-black-split-dye-240x300.jpg 240w, https:\/\/flawlesshair.com\/wp-content\/uploads\/2023\/09\/bright-red-and-jet-black-split-dye-819x1024.jpg 819w, https:\/\/flawlesshair.com\/wp-content\/uploads\/2023\/09\/bright-red-and-jet-black-split-dye-768x960.jpg 768w, https:\/\/flawlesshair.com\/wp-content\/uploads\/2023\/09\/bright-red-and-jet-black-split-dye-864x1080.jpg 864w, https:\/\/flawlesshair.com\/wp-content\/uploads\/2023\/09\/bright-red-and-jet-black-split-dye-960x1200.jpg 960w\" sizes=\"auto, (max-width: 760px) calc(100vw - 24px), 720px\" data-pin-media=\"https:\/\/flawlesshair.com\/wp-content\/uploads\/2023\/09\/bright-red-and-jet-black-split-dye.jpg\" id=\"mv-trellis-img-59\" data-trellis-processed=\"1\"><div style=\"position: absolute; top: 0.5rem; right: 0.75rem;\"> <a href=\"https:\/\/www.pinterest.com\/pin\/create\/button\/\" data-pin-do=\"buttonPin\" data-pin-tall=\"true\" data-pin-url=\"https:\/\/flawlesshair.com\/pt\/cabelo-ruivo-e-preto\/\" data-pin-media=\"https:\/\/flawlesshair.com\/wp-content\/uploads\/2023\/09\/bright-red-and-jet-black-split-dye.jpg\" data-pin-description=\"60 Trendy Red And Black Hair Ideas\" rel=\"nofollow noopener\" target=\"_blank\"> <\/a><\/div><\/div><figcaption class=\"wp-element-caption\">@<a href=\"https:\/\/www.instagram.com\/miamihairmel\/?e=b4c0223e-7742-4078-99e2-6e2a023ae6f5&amp;g=5\" target=\"_blank\" rel=\"noreferrer noopener nofollow\">miamihairmel<\/a><\/figcaption><\/figure>\n<\/div>\n\n\n<p>J\u00e1 chega de penteados com pinturas divididas? N\u00e3o at\u00e9 veres esta beleza!<\/p>\n\n\n\n<h2 class=\"wp-block-heading\">60. Cabelo encaracolado vermelho e preto<\/h2>\n\n\n<div class=\"wp-block-image\">\n<figure class=\"aligncenter size-full\"><div style=\"position: relative;\"><noscript><img loading=\"lazy\" decoding=\"async\" width=\"1080\" height=\"1350\" src=\"https:\/\/flawlesshair.com\/wp-content\/uploads\/2023\/09\/red-and-black-curly-hair.jpg\" alt=\"cabelo encaracolado vermelho e preto\" class=\"wp-image-23146\" srcset=\"https:\/\/flawlesshair.com\/wp-content\/uploads\/2023\/09\/red-and-black-curly-hair.jpg 1080w, https:\/\/flawlesshair.com\/wp-content\/uploads\/2023\/09\/red-and-black-curly-hair-240x300.jpg 240w, https:\/\/flawlesshair.com\/wp-content\/uploads\/2023\/09\/red-and-black-curly-hair-819x1024.jpg 819w, https:\/\/flawlesshair.com\/wp-content\/uploads\/2023\/09\/red-and-black-curly-hair-768x960.jpg 768w, https:\/\/flawlesshair.com\/wp-content\/uploads\/2023\/09\/red-and-black-curly-hair-864x1080.jpg 864w, https:\/\/flawlesshair.com\/wp-content\/uploads\/2023\/09\/red-and-black-curly-hair-960x1200.jpg 960w\" sizes=\"auto, (max-width: 760px) calc(100vw - 24px), 720px\"><\/noscript><img loading=\"lazy\" decoding=\"async\" width=\"1080\" height=\"1350\" src=\"https:\/\/flawlesshair.com\/wp-content\/uploads\/2023\/09\/red-and-black-curly-hair.jpg\" alt=\"cabelo encaracolado vermelho e preto\" class=\"wp-image-23146 lazyload\" srcset=\"https:\/\/flawlesshair.com\/wp-content\/uploads\/2023\/09\/red-and-black-curly-hair.jpg 1080w, https:\/\/flawlesshair.com\/wp-content\/uploads\/2023\/09\/red-and-black-curly-hair-240x300.jpg 240w, https:\/\/flawlesshair.com\/wp-content\/uploads\/2023\/09\/red-and-black-curly-hair-819x1024.jpg 819w, https:\/\/flawlesshair.com\/wp-content\/uploads\/2023\/09\/red-and-black-curly-hair-768x960.jpg 768w, https:\/\/flawlesshair.com\/wp-content\/uploads\/2023\/09\/red-and-black-curly-hair-864x1080.jpg 864w, https:\/\/flawlesshair.com\/wp-content\/uploads\/2023\/09\/red-and-black-curly-hair-960x1200.jpg 960w\" sizes=\"auto, (max-width: 760px) calc(100vw - 24px), 720px\" data-pin-media=\"https:\/\/flawlesshair.com\/wp-content\/uploads\/2023\/09\/red-and-black-curly-hair.jpg\" id=\"mv-trellis-img-60\" data-trellis-processed=\"1\"><div style=\"position: absolute; top: 0.5rem; right: 0.75rem;\"> <a href=\"https:\/\/www.pinterest.com\/pin\/create\/button\/\" data-pin-do=\"buttonPin\" data-pin-tall=\"true\" data-pin-url=\"https:\/\/flawlesshair.com\/pt\/cabelo-ruivo-e-preto\/\" data-pin-media=\"https:\/\/flawlesshair.com\/wp-content\/uploads\/2023\/09\/red-and-black-curly-hair.jpg\" data-pin-description=\"60 Trendy Red And Black Hair Ideas\" rel=\"nofollow noopener\" target=\"_blank\"> <\/a><\/div><\/div><figcaption class=\"wp-element-caption\">@<a href=\"https:\/\/www.instagram.com\/meerkatmakebelieve?e=68cd84e5-19ae-4ca0-9740-aab873a2718e&amp;g=5\" rel=\"nofollow noopener\" target=\"_blank\">suricatafaz-de-conta<\/a><\/figcaption><\/figure>\n<\/div>\n\n\n<p>Os carac\u00f3is e as camadas permitem que os tons vermelhos e pretos se misturem na perfei\u00e7\u00e3o. E n\u00e3o nos esque\u00e7amos da versatilidade que estes tons conferem \u00e0s suas madeixas.  <\/p>","protected":false},"excerpt":{"rendered":"<p>Est\u00e1 com d\u00favidas e n\u00e3o consegue decidir entre o cabelo ruivo e o cabelo preto? Felizmente, tenho uma solu\u00e7\u00e3o para o seu problema: obter a combina\u00e7\u00e3o de ambos! ...<\/p>","protected":false},"author":7,"featured_media":23149,"comment_status":"closed","ping_status":"closed","sticky":false,"template":"","format":"standard","meta":{"syndication_tool_enabled":true,"syndication_tool_title":"","syndication_tool_excerpt":"","syndication_tool_featured_image":0,"syndication_tool_publish_date":"","syndication_tool_schema_types":["gallery"],"syndication_tool_backlink_enable":false,"syndication_tool_ai_disclosure_enable":false,"disable-in-feed":false,"article-schema-type":"","disable-critical-css":false,"footnotes":""},"categories":[29],"tags":[],"class_list":["post-23072","post","type-post","status-publish","format-standard","has-post-thumbnail","hentry","category-trends"],"_links":{"self":[{"href":"https:\/\/flawlesshair.com\/pt\/wp-json\/wp\/v2\/posts\/23072","targetHints":{"allow":["GET"]}}],"collection":[{"href":"https:\/\/flawlesshair.com\/pt\/wp-json\/wp\/v2\/posts"}],"about":[{"href":"https:\/\/flawlesshair.com\/pt\/wp-json\/wp\/v2\/types\/post"}],"author":[{"embeddable":true,"href":"https:\/\/flawlesshair.com\/pt\/wp-json\/wp\/v2\/users\/7"}],"replies":[{"embeddable":true,"href":"https:\/\/flawlesshair.com\/pt\/wp-json\/wp\/v2\/comments?post=23072"}],"version-history":[{"count":0,"href":"https:\/\/flawlesshair.com\/pt\/wp-json\/wp\/v2\/posts\/23072\/revisions"}],"wp:featuredmedia":[{"embeddable":true,"href":"https:\/\/flawlesshair.com\/pt\/wp-json\/wp\/v2\/media\/23149"}],"wp:attachment":[{"href":"https:\/\/flawlesshair.com\/pt\/wp-json\/wp\/v2\/media?parent=23072"}],"wp:term":[{"taxonomy":"category","embeddable":true,"href":"https:\/\/flawlesshair.com\/pt\/wp-json\/wp\/v2\/categories?post=23072"},{"taxonomy":"post_tag","embeddable":true,"href":"https:\/\/flawlesshair.com\/pt\/wp-json\/wp\/v2\/tags?post=23072"}],"curies":[{"name":"wp","href":"https:\/\/api.w.org\/{rel}","templated":true}]}}