{"id":23773,"date":"2023-10-05T08:08:02","date_gmt":"2023-10-05T08:08:02","guid":{"rendered":"https:\/\/flawlesshair.com\/?p=23773"},"modified":"2025-01-23T12:51:12","modified_gmt":"2025-01-23T11:51:12","slug":"cabelo-louro-de-comprimento-medio","status":"publish","type":"post","link":"https:\/\/flawlesshair.com\/pt\/cabelo-louro-de-comprimento-medio\/","title":{"rendered":"45 Tend\u00eancias de cabelo louro de comprimento m\u00e9dio para 2025"},"content":{"rendered":"<style>img#mv-trellis-img-1::before{padding-top:125.03052503053%; }img#mv-trellis-img-1{display:block;}img#mv-trellis-img-2::before{padding-top:100%; }img#mv-trellis-img-2{display:block;}img#mv-trellis-img-3::before{padding-top:125.03052503053%; }img#mv-trellis-img-3{display:block;}img#mv-trellis-img-4::before{padding-top:125.03052503053%; }img#mv-trellis-img-4{display:block;}img#mv-trellis-img-5::before{padding-top:125.03052503053%; }img#mv-trellis-img-5{display:block;}img#mv-trellis-img-6::before{padding-top:112.28070175439%; }img#mv-trellis-img-6{display:block;}img#mv-trellis-img-7::before{padding-top:125.03052503053%; }img#mv-trellis-img-7{display:block;}img#mv-trellis-img-8::before{padding-top:125.03052503053%; }img#mv-trellis-img-8{display:block;}img#mv-trellis-img-9::before{padding-top:100%; }img#mv-trellis-img-9{display:block;}img#mv-trellis-img-10::before{padding-top:124.87804878049%; }img#mv-trellis-img-10{display:block;}img#mv-trellis-img-11::before{padding-top:125.03052503053%; }img#mv-trellis-img-11{display:block;}img#mv-trellis-img-12::before{padding-top:103.53892821031%; }img#mv-trellis-img-12{display:block;}img#mv-trellis-img-13::before{padding-top:125.03052503053%; }img#mv-trellis-img-13{display:block;}img#mv-trellis-img-14::before{padding-top:108.01687763713%; }img#mv-trellis-img-14{display:block;}img#mv-trellis-img-15::before{padding-top:100%; }img#mv-trellis-img-15{display:block;}img#mv-trellis-img-16::before{padding-top:125.03052503053%; }img#mv-trellis-img-16{display:block;}img#mv-trellis-img-17::before{padding-top:100%; }img#mv-trellis-img-17{display:block;}img#mv-trellis-img-18::before{padding-top:125.03052503053%; }img#mv-trellis-img-18{display:block;}img#mv-trellis-img-19::before{padding-top:124.87804878049%; }img#mv-trellis-img-19{display:block;}img#mv-trellis-img-20::before{padding-top:125.03052503053%; }img#mv-trellis-img-20{display:block;}img#mv-trellis-img-21::before{padding-top:100%; }img#mv-trellis-img-21{display:block;}img#mv-trellis-img-22::before{padding-top:125.03052503053%; }img#mv-trellis-img-22{display:block;}img#mv-trellis-img-23::before{padding-top:100.33222591362%; }img#mv-trellis-img-23{display:block;}img#mv-trellis-img-24::before{padding-top:125.03052503053%; }img#mv-trellis-img-24{display:block;}img#mv-trellis-img-25::before{padding-top:125.03052503053%; }img#mv-trellis-img-25{display:block;}img#mv-trellis-img-26::before{padding-top:125.03052503053%; }img#mv-trellis-img-26{display:block;}img#mv-trellis-img-27::before{padding-top:125.03052503053%; }img#mv-trellis-img-27{display:block;}img#mv-trellis-img-28::before{padding-top:100%; }img#mv-trellis-img-28{display:block;}img#mv-trellis-img-29::before{padding-top:125.03052503053%; }img#mv-trellis-img-29{display:block;}img#mv-trellis-img-30::before{padding-top:110.10752688172%; }img#mv-trellis-img-30{display:block;}img#mv-trellis-img-31::before{padding-top:100%; }img#mv-trellis-img-31{display:block;}img#mv-trellis-img-32::before{padding-top:125.03052503053%; }img#mv-trellis-img-32{display:block;}img#mv-trellis-img-33::before{padding-top:125.03052503053%; }img#mv-trellis-img-33{display:block;}img#mv-trellis-img-34::before{padding-top:100%; }img#mv-trellis-img-34{display:block;}img#mv-trellis-img-35::before{padding-top:124.57420924574%; }img#mv-trellis-img-35{display:block;}img#mv-trellis-img-36::before{padding-top:125.03052503053%; }img#mv-trellis-img-36{display:block;}img#mv-trellis-img-37::before{padding-top:125.03052503053%; }img#mv-trellis-img-37{display:block;}img#mv-trellis-img-38::before{padding-top:100%; }img#mv-trellis-img-38{display:block;}img#mv-trellis-img-39::before{padding-top:100%; }img#mv-trellis-img-39{display:block;}img#mv-trellis-img-40::before{padding-top:125.03052503053%; }img#mv-trellis-img-40{display:block;}img#mv-trellis-img-41::before{padding-top:124.57420924574%; }img#mv-trellis-img-41{display:block;}img#mv-trellis-img-42::before{padding-top:125.03052503053%; }img#mv-trellis-img-42{display:block;}img#mv-trellis-img-43::before{padding-top:100%; }img#mv-trellis-img-43{display:block;}img#mv-trellis-img-44::before{padding-top:125.03052503053%; }img#mv-trellis-img-44{display:block;}img#mv-trellis-img-45::before{padding-top:125.33659730722%; }img#mv-trellis-img-45{display:block;}<\/style>\n<p>Quer queiramos quer n\u00e3o, \u00e9 um facto que o cabelo louro n\u00e3o \u00e9 f\u00e1cil de manter. Mas sabe o que se diz, a beleza tem sempre um pre\u00e7o. <\/p>\n\n\n\n<p>Reuni as maravilhosas imagens de cabelo louro de comprimento m\u00e9dio abaixo para provar que o esfor\u00e7o vale a pena. E sim, bem-vinda ao clube das loiras, porque tenho a certeza de que se vai tornar numa loira depois deste artigo. <\/p>\n\n\n\n<h2 class=\"wp-block-heading\">1. Cabelo ondulado louro bege <\/h2>\n\n\n<div class=\"wp-block-image\">\n<figure class=\"aligncenter size-large\"><div style=\"position: relative;\"><noscript><img loading=\"lazy\" decoding=\"async\" width=\"819\" height=\"1024\" src=\"https:\/\/flawlesshair.com\/wp-content\/uploads\/2023\/09\/Beige-Blonde-Wavy-Hair-819x1024.jpg\" alt=\"Cabelo ondulado louro bege \" class=\"wp-image-23788\" srcset=\"https:\/\/flawlesshair.com\/wp-content\/uploads\/2023\/09\/Beige-Blonde-Wavy-Hair-819x1024.jpg 819w, https:\/\/flawlesshair.com\/wp-content\/uploads\/2023\/09\/Beige-Blonde-Wavy-Hair-240x300.jpg 240w, https:\/\/flawlesshair.com\/wp-content\/uploads\/2023\/09\/Beige-Blonde-Wavy-Hair-768x960.jpg 768w, https:\/\/flawlesshair.com\/wp-content\/uploads\/2023\/09\/Beige-Blonde-Wavy-Hair-864x1080.jpg 864w, https:\/\/flawlesshair.com\/wp-content\/uploads\/2023\/09\/Beige-Blonde-Wavy-Hair-960x1200.jpg 960w, https:\/\/flawlesshair.com\/wp-content\/uploads\/2023\/09\/Beige-Blonde-Wavy-Hair.jpg 1080w\" sizes=\"auto, (max-width: 760px) calc(100vw - 24px), 720px\"><\/noscript><img loading=\"eager\" decoding=\"async\" width=\"819\" height=\"1024\" src=\"data:image\/svg+xml,%3Csvg%20xmlns='http:\/\/www.w3.org\/2000\/svg'%20viewBox='0%200%20819%201024'%3E%3Crect%20width='819'%20height='1024'%20style='fill:%23e3e3e3'\/%3E%3C\/svg%3E\" alt=\"Cabelo ondulado louro bege \" class=\"wp-image-23788 eager-load\" sizes=\"auto, (max-width: 760px) calc(100vw - 24px), 720px\" data-pin-media=\"https:\/\/flawlesshair.com\/wp-content\/uploads\/2023\/09\/Beige-Blonde-Wavy-Hair.jpg\" id=\"mv-trellis-img-1\" data-src=\"https:\/\/flawlesshair.com\/wp-content\/uploads\/2023\/09\/Beige-Blonde-Wavy-Hair-819x1024.jpg\" data-srcset=\"https:\/\/flawlesshair.com\/wp-content\/uploads\/2023\/09\/Beige-Blonde-Wavy-Hair-819x1024.jpg 819w, https:\/\/flawlesshair.com\/wp-content\/uploads\/2023\/09\/Beige-Blonde-Wavy-Hair-240x300.jpg 240w, https:\/\/flawlesshair.com\/wp-content\/uploads\/2023\/09\/Beige-Blonde-Wavy-Hair-768x960.jpg 768w, https:\/\/flawlesshair.com\/wp-content\/uploads\/2023\/09\/Beige-Blonde-Wavy-Hair-864x1080.jpg 864w, https:\/\/flawlesshair.com\/wp-content\/uploads\/2023\/09\/Beige-Blonde-Wavy-Hair-960x1200.jpg 960w, https:\/\/flawlesshair.com\/wp-content\/uploads\/2023\/09\/Beige-Blonde-Wavy-Hair.jpg 1080w\" data-svg=\"1\" data-trellis-processed=\"1\"><div style=\"position: absolute; top: 0.5rem; right: 0.75rem;\"> <a href=\"https:\/\/www.pinterest.com\/pin\/create\/button\/\" data-pin-do=\"buttonPin\" data-pin-tall=\"true\" data-pin-url=\"https:\/\/flawlesshair.com\/pt\/cabelo-louro-de-comprimento-medio\/\" data-pin-media=\"https:\/\/flawlesshair.com\/wp-content\/uploads\/2023\/09\/Beige-Blonde-Wavy-Hair-819x1024.jpg\" data-pin-description=\"45 Stunning Medium-Length Blonde Hair Trends For 2025\" rel=\"nofollow noopener\" target=\"_blank\"> <\/a><\/div><\/div><figcaption class=\"wp-element-caption\">@<a href=\"https:\/\/www.instagram.com\/cherylhuddhair\/\" target=\"_blank\" rel=\"noreferrer noopener nofollow\">cherylhuddhair<\/a><\/figcaption><\/figure>\n<\/div>\n\n\n<p>Vamos come\u00e7ar devagar, com um neutro <a href=\"https:\/\/flawlesshair.com\/pt\/ideias-para-balayage-loiro\/\">cabelo loiro balayage<\/a>. Os tons neutros n\u00e3o s\u00e3o assim t\u00e3o dif\u00edceis de manter, desde que se evite que se tornem acastanhados. <\/p>\n\n\n\n<p>Use um champ\u00f4 roxo para o combater e ter\u00e1 de fazer um retoque a cada 6 a 8 semanas.<\/p>\n\n\n\n<h2 class=\"wp-block-heading\">2. Louro cogumelo <\/h2>\n\n\n<div class=\"wp-block-image\">\n<figure class=\"aligncenter size-large\"><div style=\"position: relative;\"><noscript><img loading=\"lazy\" decoding=\"async\" width=\"1024\" height=\"1024\" src=\"https:\/\/flawlesshair.com\/wp-content\/uploads\/2023\/10\/Mushroom-Blonde-1024x1024.jpg\" alt=\"Cabelo louro cogumelo de comprimento m\u00e9dio \" class=\"wp-image-23873\" srcset=\"https:\/\/flawlesshair.com\/wp-content\/uploads\/2023\/10\/Mushroom-Blonde-1024x1024.jpg 1024w, https:\/\/flawlesshair.com\/wp-content\/uploads\/2023\/10\/Mushroom-Blonde-300x300.jpg 300w, https:\/\/flawlesshair.com\/wp-content\/uploads\/2023\/10\/Mushroom-Blonde-150x150.jpg 150w, https:\/\/flawlesshair.com\/wp-content\/uploads\/2023\/10\/Mushroom-Blonde-768x768.jpg 768w, https:\/\/flawlesshair.com\/wp-content\/uploads\/2023\/10\/Mushroom-Blonde-728x728.jpg 728w, https:\/\/flawlesshair.com\/wp-content\/uploads\/2023\/10\/Mushroom-Blonde-960x960.jpg 960w, https:\/\/flawlesshair.com\/wp-content\/uploads\/2023\/10\/Mushroom-Blonde.jpg 1080w\" sizes=\"auto, (max-width: 760px) calc(100vw - 24px), 720px\"><\/noscript><img loading=\"lazy\" decoding=\"async\" width=\"1024\" height=\"1024\" src=\"https:\/\/flawlesshair.com\/wp-content\/uploads\/2023\/10\/Mushroom-Blonde-1024x1024.jpg\" alt=\"Cabelo louro cogumelo de comprimento m\u00e9dio \" class=\"wp-image-23873 lazyload\" srcset=\"https:\/\/flawlesshair.com\/wp-content\/uploads\/2023\/10\/Mushroom-Blonde-1024x1024.jpg 1024w, https:\/\/flawlesshair.com\/wp-content\/uploads\/2023\/10\/Mushroom-Blonde-300x300.jpg 300w, https:\/\/flawlesshair.com\/wp-content\/uploads\/2023\/10\/Mushroom-Blonde-150x150.jpg 150w, https:\/\/flawlesshair.com\/wp-content\/uploads\/2023\/10\/Mushroom-Blonde-768x768.jpg 768w, https:\/\/flawlesshair.com\/wp-content\/uploads\/2023\/10\/Mushroom-Blonde-728x728.jpg 728w, https:\/\/flawlesshair.com\/wp-content\/uploads\/2023\/10\/Mushroom-Blonde-960x960.jpg 960w, https:\/\/flawlesshair.com\/wp-content\/uploads\/2023\/10\/Mushroom-Blonde.jpg 1080w\" sizes=\"auto, (max-width: 760px) calc(100vw - 24px), 720px\" data-pin-media=\"https:\/\/flawlesshair.com\/wp-content\/uploads\/2023\/10\/Mushroom-Blonde.jpg\" id=\"mv-trellis-img-2\" data-trellis-processed=\"1\"><div style=\"position: absolute; top: 0.5rem; right: 0.75rem;\"> <a href=\"https:\/\/www.pinterest.com\/pin\/create\/button\/\" data-pin-do=\"buttonPin\" data-pin-tall=\"true\" data-pin-url=\"https:\/\/flawlesshair.com\/pt\/cabelo-louro-de-comprimento-medio\/\" data-pin-media=\"https:\/\/flawlesshair.com\/wp-content\/uploads\/2023\/10\/Mushroom-Blonde-1024x1024.jpg\" data-pin-description=\"45 Stunning Medium-Length Blonde Hair Trends For 2025\" rel=\"nofollow noopener\" target=\"_blank\"> <\/a><\/div><\/div><figcaption class=\"wp-element-caption\">@<a href=\"https:\/\/www.instagram.com\/colors.by.daiana\/\" target=\"_blank\" rel=\"noreferrer noopener nofollow\">cores.por.daiana<\/a><\/figcaption><\/figure>\n<\/div>\n\n\n<p>Para obter este tom de loiro de cortar a respira\u00e7\u00e3o, pode pedir um loiro bege acinzentado frio. Fica bem em mulheres com pele de tom frio. <\/p>\n\n\n\n<h2 class=\"wp-block-heading\">3. Louro cremoso dimensional <\/h2>\n\n\n<div class=\"wp-block-image\">\n<figure class=\"aligncenter size-large\"><div style=\"position: relative;\"><noscript><img loading=\"lazy\" decoding=\"async\" width=\"819\" height=\"1024\" src=\"https:\/\/flawlesshair.com\/wp-content\/uploads\/2023\/09\/Dimensional-Creamy-Blonde-819x1024.jpg\" alt=\"Louro cremoso dimensional \" class=\"wp-image-23835\" srcset=\"https:\/\/flawlesshair.com\/wp-content\/uploads\/2023\/09\/Dimensional-Creamy-Blonde-819x1024.jpg 819w, https:\/\/flawlesshair.com\/wp-content\/uploads\/2023\/09\/Dimensional-Creamy-Blonde-240x300.jpg 240w, https:\/\/flawlesshair.com\/wp-content\/uploads\/2023\/09\/Dimensional-Creamy-Blonde-768x960.jpg 768w, https:\/\/flawlesshair.com\/wp-content\/uploads\/2023\/09\/Dimensional-Creamy-Blonde-864x1080.jpg 864w, https:\/\/flawlesshair.com\/wp-content\/uploads\/2023\/09\/Dimensional-Creamy-Blonde-960x1200.jpg 960w, https:\/\/flawlesshair.com\/wp-content\/uploads\/2023\/09\/Dimensional-Creamy-Blonde.jpg 1080w\" sizes=\"auto, (max-width: 760px) calc(100vw - 24px), 720px\"><\/noscript><img loading=\"lazy\" decoding=\"async\" width=\"819\" height=\"1024\" src=\"https:\/\/flawlesshair.com\/wp-content\/uploads\/2023\/09\/Dimensional-Creamy-Blonde-819x1024.jpg\" alt=\"Louro cremoso dimensional \" class=\"wp-image-23835 lazyload\" srcset=\"https:\/\/flawlesshair.com\/wp-content\/uploads\/2023\/09\/Dimensional-Creamy-Blonde-819x1024.jpg 819w, https:\/\/flawlesshair.com\/wp-content\/uploads\/2023\/09\/Dimensional-Creamy-Blonde-240x300.jpg 240w, https:\/\/flawlesshair.com\/wp-content\/uploads\/2023\/09\/Dimensional-Creamy-Blonde-768x960.jpg 768w, https:\/\/flawlesshair.com\/wp-content\/uploads\/2023\/09\/Dimensional-Creamy-Blonde-864x1080.jpg 864w, https:\/\/flawlesshair.com\/wp-content\/uploads\/2023\/09\/Dimensional-Creamy-Blonde-960x1200.jpg 960w, https:\/\/flawlesshair.com\/wp-content\/uploads\/2023\/09\/Dimensional-Creamy-Blonde.jpg 1080w\" sizes=\"auto, (max-width: 760px) calc(100vw - 24px), 720px\" data-pin-media=\"https:\/\/flawlesshair.com\/wp-content\/uploads\/2023\/09\/Dimensional-Creamy-Blonde.jpg\" id=\"mv-trellis-img-3\" data-trellis-processed=\"1\"><div style=\"position: absolute; top: 0.5rem; right: 0.75rem;\"> <a href=\"https:\/\/www.pinterest.com\/pin\/create\/button\/\" data-pin-do=\"buttonPin\" data-pin-tall=\"true\" data-pin-url=\"https:\/\/flawlesshair.com\/pt\/cabelo-louro-de-comprimento-medio\/\" data-pin-media=\"https:\/\/flawlesshair.com\/wp-content\/uploads\/2023\/09\/Dimensional-Creamy-Blonde-819x1024.jpg\" data-pin-description=\"45 Stunning Medium-Length Blonde Hair Trends For 2025\" rel=\"nofollow noopener\" target=\"_blank\"> <\/a><\/div><\/div><figcaption class=\"wp-element-caption\">@<a href=\"https:\/\/www.instagram.com\/manepainters\/\" target=\"_blank\" rel=\"noreferrer noopener nofollow\">pintores<\/a><\/figcaption><\/figure>\n<\/div>\n\n\n<p>Consegue decidir o que \u00e9 mais bonito, o tom louro cremoso ou o contraste das madeixas mais claras e mais escuras? Eu tamb\u00e9m n\u00e3o. <\/p>\n\n\n\n<h2 class=\"wp-block-heading\">4. Cabelo louro com madeixas lisas<\/h2>\n\n\n<div class=\"wp-block-image\">\n<figure class=\"aligncenter size-large\"><div style=\"position: relative;\"><noscript><img loading=\"lazy\" decoding=\"async\" width=\"819\" height=\"1024\" src=\"https:\/\/flawlesshair.com\/wp-content\/uploads\/2023\/09\/Full-Foil-Highlights-Blonde-Hair-819x1024.jpg\" alt=\"Lumin\u00e1rias Full Foil Cabelo Loiro\" class=\"wp-image-23785\" srcset=\"https:\/\/flawlesshair.com\/wp-content\/uploads\/2023\/09\/Full-Foil-Highlights-Blonde-Hair-819x1024.jpg 819w, https:\/\/flawlesshair.com\/wp-content\/uploads\/2023\/09\/Full-Foil-Highlights-Blonde-Hair-240x300.jpg 240w, https:\/\/flawlesshair.com\/wp-content\/uploads\/2023\/09\/Full-Foil-Highlights-Blonde-Hair-768x960.jpg 768w, https:\/\/flawlesshair.com\/wp-content\/uploads\/2023\/09\/Full-Foil-Highlights-Blonde-Hair-864x1080.jpg 864w, https:\/\/flawlesshair.com\/wp-content\/uploads\/2023\/09\/Full-Foil-Highlights-Blonde-Hair-960x1200.jpg 960w, https:\/\/flawlesshair.com\/wp-content\/uploads\/2023\/09\/Full-Foil-Highlights-Blonde-Hair.jpg 1080w\" sizes=\"auto, (max-width: 760px) calc(100vw - 24px), 720px\"><\/noscript><img loading=\"lazy\" decoding=\"async\" width=\"819\" height=\"1024\" src=\"https:\/\/flawlesshair.com\/wp-content\/uploads\/2023\/09\/Full-Foil-Highlights-Blonde-Hair-819x1024.jpg\" alt=\"Lumin\u00e1rias Full Foil Cabelo Loiro\" class=\"wp-image-23785 lazyload\" srcset=\"https:\/\/flawlesshair.com\/wp-content\/uploads\/2023\/09\/Full-Foil-Highlights-Blonde-Hair-819x1024.jpg 819w, https:\/\/flawlesshair.com\/wp-content\/uploads\/2023\/09\/Full-Foil-Highlights-Blonde-Hair-240x300.jpg 240w, https:\/\/flawlesshair.com\/wp-content\/uploads\/2023\/09\/Full-Foil-Highlights-Blonde-Hair-768x960.jpg 768w, https:\/\/flawlesshair.com\/wp-content\/uploads\/2023\/09\/Full-Foil-Highlights-Blonde-Hair-864x1080.jpg 864w, https:\/\/flawlesshair.com\/wp-content\/uploads\/2023\/09\/Full-Foil-Highlights-Blonde-Hair-960x1200.jpg 960w, https:\/\/flawlesshair.com\/wp-content\/uploads\/2023\/09\/Full-Foil-Highlights-Blonde-Hair.jpg 1080w\" sizes=\"auto, (max-width: 760px) calc(100vw - 24px), 720px\" data-pin-media=\"https:\/\/flawlesshair.com\/wp-content\/uploads\/2023\/09\/Full-Foil-Highlights-Blonde-Hair.jpg\" id=\"mv-trellis-img-4\" data-trellis-processed=\"1\"><div style=\"position: absolute; top: 0.5rem; right: 0.75rem;\"> <a href=\"https:\/\/www.pinterest.com\/pin\/create\/button\/\" data-pin-do=\"buttonPin\" data-pin-tall=\"true\" data-pin-url=\"https:\/\/flawlesshair.com\/pt\/cabelo-louro-de-comprimento-medio\/\" data-pin-media=\"https:\/\/flawlesshair.com\/wp-content\/uploads\/2023\/09\/Full-Foil-Highlights-Blonde-Hair-819x1024.jpg\" data-pin-description=\"45 Stunning Medium-Length Blonde Hair Trends For 2025\" rel=\"nofollow noopener\" target=\"_blank\"> <\/a><\/div><\/div><figcaption class=\"wp-element-caption\">@<a href=\"https:\/\/www.instagram.com\/hairbylollyjaye\/\" target=\"_blank\" rel=\"noreferrer noopener nofollow\">hairbylollyjaye<\/a><\/figcaption><\/figure>\n<\/div>\n\n\n<p>Se usa o seu cabelo apanhado a maior parte do tempo, opte sempre por madeixas totalmente em folha em vez de uma balayage ou madeixas parciais. No entanto, estas requerem mais manuten\u00e7\u00e3o e visitas mais frequentes ao sal\u00e3o. <\/p>\n\n\n\n<h2 class=\"wp-block-heading\">5. Balayage louro avel\u00e3 <\/h2>\n\n\n<div class=\"wp-block-image\">\n<figure class=\"aligncenter size-large\"><div style=\"position: relative;\"><noscript><img loading=\"lazy\" decoding=\"async\" width=\"819\" height=\"1024\" src=\"https:\/\/flawlesshair.com\/wp-content\/uploads\/2023\/09\/Hazelnut-Blonde-Balayage-819x1024.jpg\" alt=\"Balayage Louro Avel\u00e3 \" class=\"wp-image-23790\" srcset=\"https:\/\/flawlesshair.com\/wp-content\/uploads\/2023\/09\/Hazelnut-Blonde-Balayage-819x1024.jpg 819w, https:\/\/flawlesshair.com\/wp-content\/uploads\/2023\/09\/Hazelnut-Blonde-Balayage-240x300.jpg 240w, https:\/\/flawlesshair.com\/wp-content\/uploads\/2023\/09\/Hazelnut-Blonde-Balayage-768x961.jpg 768w, https:\/\/flawlesshair.com\/wp-content\/uploads\/2023\/09\/Hazelnut-Blonde-Balayage-767x960.jpg 767w, https:\/\/flawlesshair.com\/wp-content\/uploads\/2023\/09\/Hazelnut-Blonde-Balayage-863x1080.jpg 863w, https:\/\/flawlesshair.com\/wp-content\/uploads\/2023\/09\/Hazelnut-Blonde-Balayage-959x1200.jpg 959w, https:\/\/flawlesshair.com\/wp-content\/uploads\/2023\/09\/Hazelnut-Blonde-Balayage.jpg 1080w\" sizes=\"auto, (max-width: 760px) calc(100vw - 24px), 720px\"><\/noscript><img loading=\"lazy\" decoding=\"async\" width=\"819\" height=\"1024\" src=\"https:\/\/flawlesshair.com\/wp-content\/uploads\/2023\/09\/Hazelnut-Blonde-Balayage-819x1024.jpg\" alt=\"Balayage Louro Avel\u00e3 \" class=\"wp-image-23790 lazyload\" srcset=\"https:\/\/flawlesshair.com\/wp-content\/uploads\/2023\/09\/Hazelnut-Blonde-Balayage-819x1024.jpg 819w, https:\/\/flawlesshair.com\/wp-content\/uploads\/2023\/09\/Hazelnut-Blonde-Balayage-240x300.jpg 240w, https:\/\/flawlesshair.com\/wp-content\/uploads\/2023\/09\/Hazelnut-Blonde-Balayage-768x961.jpg 768w, https:\/\/flawlesshair.com\/wp-content\/uploads\/2023\/09\/Hazelnut-Blonde-Balayage-767x960.jpg 767w, https:\/\/flawlesshair.com\/wp-content\/uploads\/2023\/09\/Hazelnut-Blonde-Balayage-863x1080.jpg 863w, https:\/\/flawlesshair.com\/wp-content\/uploads\/2023\/09\/Hazelnut-Blonde-Balayage-959x1200.jpg 959w, https:\/\/flawlesshair.com\/wp-content\/uploads\/2023\/09\/Hazelnut-Blonde-Balayage.jpg 1080w\" sizes=\"auto, (max-width: 760px) calc(100vw - 24px), 720px\" data-pin-media=\"https:\/\/flawlesshair.com\/wp-content\/uploads\/2023\/09\/Hazelnut-Blonde-Balayage.jpg\" id=\"mv-trellis-img-5\" data-trellis-processed=\"1\"><div style=\"position: absolute; top: 0.5rem; right: 0.75rem;\"> <a href=\"https:\/\/www.pinterest.com\/pin\/create\/button\/\" data-pin-do=\"buttonPin\" data-pin-tall=\"true\" data-pin-url=\"https:\/\/flawlesshair.com\/pt\/cabelo-louro-de-comprimento-medio\/\" data-pin-media=\"https:\/\/flawlesshair.com\/wp-content\/uploads\/2023\/09\/Hazelnut-Blonde-Balayage-819x1024.jpg\" data-pin-description=\"45 Stunning Medium-Length Blonde Hair Trends For 2025\" rel=\"nofollow noopener\" target=\"_blank\"> <\/a><\/div><\/div><figcaption class=\"wp-element-caption\">@<a href=\"https:\/\/www.instagram.com\/afhairstylist\/\" target=\"_blank\" rel=\"noreferrer noopener nofollow\">afhairstylist<\/a><\/figcaption><\/figure>\n<\/div>\n\n\n<p>Se ainda n\u00e3o tem a certeza se quer ficar totalmente loira, comece com um balayage loiro. Pode ajud\u00e1-la a decidir se est\u00e1 na altura de despertar a sua loira interior ou n\u00e3o. <\/p>\n\n\n\n<h2 class=\"wp-block-heading\">6. Loira do sol <\/h2>\n\n\n<div class=\"wp-block-image\">\n<figure class=\"aligncenter size-large\"><div style=\"position: relative;\"><noscript><img loading=\"lazy\" decoding=\"async\" width=\"912\" height=\"1024\" src=\"https:\/\/flawlesshair.com\/wp-content\/uploads\/2023\/10\/Sunshine-Blonde-912x1024.jpg\" alt=\"Louro Sol \" class=\"wp-image-23949\" srcset=\"https:\/\/flawlesshair.com\/wp-content\/uploads\/2023\/10\/Sunshine-Blonde-912x1024.jpg 912w, https:\/\/flawlesshair.com\/wp-content\/uploads\/2023\/10\/Sunshine-Blonde-267x300.jpg 267w, https:\/\/flawlesshair.com\/wp-content\/uploads\/2023\/10\/Sunshine-Blonde-768x863.jpg 768w, https:\/\/flawlesshair.com\/wp-content\/uploads\/2023\/10\/Sunshine-Blonde-855x960.jpg 855w, https:\/\/flawlesshair.com\/wp-content\/uploads\/2023\/10\/Sunshine-Blonde-962x1080.jpg 962w, https:\/\/flawlesshair.com\/wp-content\/uploads\/2023\/10\/Sunshine-Blonde-1068x1200.jpg 1068w, https:\/\/flawlesshair.com\/wp-content\/uploads\/2023\/10\/Sunshine-Blonde.jpg 1080w\" sizes=\"auto, (max-width: 760px) calc(100vw - 24px), 720px\"><\/noscript><img loading=\"lazy\" decoding=\"async\" width=\"912\" height=\"1024\" src=\"https:\/\/flawlesshair.com\/wp-content\/uploads\/2023\/10\/Sunshine-Blonde-912x1024.jpg\" alt=\"Louro Sol \" class=\"wp-image-23949 lazyload\" srcset=\"https:\/\/flawlesshair.com\/wp-content\/uploads\/2023\/10\/Sunshine-Blonde-912x1024.jpg 912w, https:\/\/flawlesshair.com\/wp-content\/uploads\/2023\/10\/Sunshine-Blonde-267x300.jpg 267w, https:\/\/flawlesshair.com\/wp-content\/uploads\/2023\/10\/Sunshine-Blonde-768x863.jpg 768w, https:\/\/flawlesshair.com\/wp-content\/uploads\/2023\/10\/Sunshine-Blonde-855x960.jpg 855w, https:\/\/flawlesshair.com\/wp-content\/uploads\/2023\/10\/Sunshine-Blonde-962x1080.jpg 962w, https:\/\/flawlesshair.com\/wp-content\/uploads\/2023\/10\/Sunshine-Blonde-1068x1200.jpg 1068w, https:\/\/flawlesshair.com\/wp-content\/uploads\/2023\/10\/Sunshine-Blonde.jpg 1080w\" sizes=\"auto, (max-width: 760px) calc(100vw - 24px), 720px\" data-pin-media=\"https:\/\/flawlesshair.com\/wp-content\/uploads\/2023\/10\/Sunshine-Blonde.jpg\" id=\"mv-trellis-img-6\" data-trellis-processed=\"1\"><div style=\"position: absolute; top: 0.5rem; right: 0.75rem;\"> <a href=\"https:\/\/www.pinterest.com\/pin\/create\/button\/\" data-pin-do=\"buttonPin\" data-pin-tall=\"true\" data-pin-url=\"https:\/\/flawlesshair.com\/pt\/cabelo-louro-de-comprimento-medio\/\" data-pin-media=\"https:\/\/flawlesshair.com\/wp-content\/uploads\/2023\/10\/Sunshine-Blonde-912x1024.jpg\" data-pin-description=\"45 Stunning Medium-Length Blonde Hair Trends For 2025\" rel=\"nofollow noopener\" target=\"_blank\"> <\/a><\/div><\/div><figcaption class=\"wp-element-caption\">@<a href=\"https:\/\/www.instagram.com\/carla_stonethestudio\/\" target=\"_blank\" rel=\"noreferrer noopener nofollow\">carla_stonethestudio<\/a><\/figcaption><\/figure>\n<\/div>\n\n\n<p>Todos os subtons de pele podem obter este maravilhoso tom de louro. Isso deve-se principalmente aos tons loiros neutros dominantes.<\/p>\n\n\n\n<h2 class=\"wp-block-heading\">7. Barbie Loira <\/h2>\n\n\n<div class=\"wp-block-image\">\n<figure class=\"aligncenter size-large\"><div style=\"position: relative;\"><noscript><img loading=\"lazy\" decoding=\"async\" width=\"819\" height=\"1024\" src=\"https:\/\/flawlesshair.com\/wp-content\/uploads\/2023\/10\/Barbie-Blonde-819x1024.jpg\" alt=\"Barbie Loira \" class=\"wp-image-23906\" srcset=\"https:\/\/flawlesshair.com\/wp-content\/uploads\/2023\/10\/Barbie-Blonde-819x1024.jpg 819w, https:\/\/flawlesshair.com\/wp-content\/uploads\/2023\/10\/Barbie-Blonde-240x300.jpg 240w, https:\/\/flawlesshair.com\/wp-content\/uploads\/2023\/10\/Barbie-Blonde-768x960.jpg 768w, https:\/\/flawlesshair.com\/wp-content\/uploads\/2023\/10\/Barbie-Blonde-864x1080.jpg 864w, https:\/\/flawlesshair.com\/wp-content\/uploads\/2023\/10\/Barbie-Blonde-960x1200.jpg 960w, https:\/\/flawlesshair.com\/wp-content\/uploads\/2023\/10\/Barbie-Blonde.jpg 1080w\" sizes=\"auto, (max-width: 760px) calc(100vw - 24px), 720px\"><\/noscript><img loading=\"lazy\" decoding=\"async\" width=\"819\" height=\"1024\" src=\"https:\/\/flawlesshair.com\/wp-content\/uploads\/2023\/10\/Barbie-Blonde-819x1024.jpg\" alt=\"Barbie Loira \" class=\"wp-image-23906 lazyload\" srcset=\"https:\/\/flawlesshair.com\/wp-content\/uploads\/2023\/10\/Barbie-Blonde-819x1024.jpg 819w, https:\/\/flawlesshair.com\/wp-content\/uploads\/2023\/10\/Barbie-Blonde-240x300.jpg 240w, https:\/\/flawlesshair.com\/wp-content\/uploads\/2023\/10\/Barbie-Blonde-768x960.jpg 768w, https:\/\/flawlesshair.com\/wp-content\/uploads\/2023\/10\/Barbie-Blonde-864x1080.jpg 864w, https:\/\/flawlesshair.com\/wp-content\/uploads\/2023\/10\/Barbie-Blonde-960x1200.jpg 960w, https:\/\/flawlesshair.com\/wp-content\/uploads\/2023\/10\/Barbie-Blonde.jpg 1080w\" sizes=\"auto, (max-width: 760px) calc(100vw - 24px), 720px\" data-pin-media=\"https:\/\/flawlesshair.com\/wp-content\/uploads\/2023\/10\/Barbie-Blonde.jpg\" id=\"mv-trellis-img-7\" data-trellis-processed=\"1\"><div style=\"position: absolute; top: 0.5rem; right: 0.75rem;\"> <a href=\"https:\/\/www.pinterest.com\/pin\/create\/button\/\" data-pin-do=\"buttonPin\" data-pin-tall=\"true\" data-pin-url=\"https:\/\/flawlesshair.com\/pt\/cabelo-louro-de-comprimento-medio\/\" data-pin-media=\"https:\/\/flawlesshair.com\/wp-content\/uploads\/2023\/10\/Barbie-Blonde-819x1024.jpg\" data-pin-description=\"45 Stunning Medium-Length Blonde Hair Trends For 2025\" rel=\"nofollow noopener\" target=\"_blank\"> <\/a><\/div><\/div><figcaption class=\"wp-element-caption\">@<a href=\"https:\/\/www.instagram.com\/phoebelouisehair\/\" target=\"_blank\" rel=\"noreferrer noopener nofollow\">phoebelouisehair<\/a><\/figcaption><\/figure>\n<\/div>\n\n\n<p>O loiro Barbie \u00e9, sem d\u00favida, um daqueles tons que nunca ser\u00e3o aborrecidos ou esquecidos. A \u00fanica desvantagem \u00e9 que requer muita manuten\u00e7\u00e3o e retoques frequentes. <\/p>\n\n\n\n<h2 class=\"wp-block-heading\">8. Cabelo louro fixe<\/h2>\n\n\n<div class=\"wp-block-image\">\n<figure class=\"aligncenter size-large\"><div style=\"position: relative;\"><noscript><img loading=\"lazy\" decoding=\"async\" width=\"819\" height=\"1024\" src=\"https:\/\/flawlesshair.com\/wp-content\/uploads\/2023\/10\/Cool-Blonde-Hair-819x1024.jpg\" alt=\"Cabelo Loiro Fixe\" class=\"wp-image-23865\" srcset=\"https:\/\/flawlesshair.com\/wp-content\/uploads\/2023\/10\/Cool-Blonde-Hair-819x1024.jpg 819w, https:\/\/flawlesshair.com\/wp-content\/uploads\/2023\/10\/Cool-Blonde-Hair-240x300.jpg 240w, https:\/\/flawlesshair.com\/wp-content\/uploads\/2023\/10\/Cool-Blonde-Hair-768x960.jpg 768w, https:\/\/flawlesshair.com\/wp-content\/uploads\/2023\/10\/Cool-Blonde-Hair-864x1080.jpg 864w, https:\/\/flawlesshair.com\/wp-content\/uploads\/2023\/10\/Cool-Blonde-Hair-960x1200.jpg 960w, https:\/\/flawlesshair.com\/wp-content\/uploads\/2023\/10\/Cool-Blonde-Hair.jpg 1080w\" sizes=\"auto, (max-width: 760px) calc(100vw - 24px), 720px\"><\/noscript><img loading=\"lazy\" decoding=\"async\" width=\"819\" height=\"1024\" src=\"https:\/\/flawlesshair.com\/wp-content\/uploads\/2023\/10\/Cool-Blonde-Hair-819x1024.jpg\" alt=\"Cabelo Loiro Fixe\" class=\"wp-image-23865 lazyload\" srcset=\"https:\/\/flawlesshair.com\/wp-content\/uploads\/2023\/10\/Cool-Blonde-Hair-819x1024.jpg 819w, https:\/\/flawlesshair.com\/wp-content\/uploads\/2023\/10\/Cool-Blonde-Hair-240x300.jpg 240w, https:\/\/flawlesshair.com\/wp-content\/uploads\/2023\/10\/Cool-Blonde-Hair-768x960.jpg 768w, https:\/\/flawlesshair.com\/wp-content\/uploads\/2023\/10\/Cool-Blonde-Hair-864x1080.jpg 864w, https:\/\/flawlesshair.com\/wp-content\/uploads\/2023\/10\/Cool-Blonde-Hair-960x1200.jpg 960w, https:\/\/flawlesshair.com\/wp-content\/uploads\/2023\/10\/Cool-Blonde-Hair.jpg 1080w\" sizes=\"auto, (max-width: 760px) calc(100vw - 24px), 720px\" data-pin-media=\"https:\/\/flawlesshair.com\/wp-content\/uploads\/2023\/10\/Cool-Blonde-Hair.jpg\" id=\"mv-trellis-img-8\" data-trellis-processed=\"1\"><div style=\"position: absolute; top: 0.5rem; right: 0.75rem;\"> <a href=\"https:\/\/www.pinterest.com\/pin\/create\/button\/\" data-pin-do=\"buttonPin\" data-pin-tall=\"true\" data-pin-url=\"https:\/\/flawlesshair.com\/pt\/cabelo-louro-de-comprimento-medio\/\" data-pin-media=\"https:\/\/flawlesshair.com\/wp-content\/uploads\/2023\/10\/Cool-Blonde-Hair-819x1024.jpg\" data-pin-description=\"45 Stunning Medium-Length Blonde Hair Trends For 2025\" rel=\"nofollow noopener\" target=\"_blank\"> <\/a><\/div><\/div><figcaption class=\"wp-element-caption\">@<a href=\"https:\/\/www.instagram.com\/atomicblondebylauren\/\" target=\"_blank\" rel=\"noreferrer noopener nofollow\">loira at\u00f3mica porlauren<\/a><\/figcaption><\/figure>\n<\/div>\n\n\n<p>O nome diz tudo, uma cor de cabelo muito fixe. Esta tonalidade \u00e9 uma combina\u00e7\u00e3o de cinza, champanhe e <a href=\"https:\/\/flawlesshair.com\/pt\/cabelo-louro-platinado\/\">loira platinada.<\/a><\/p>\n\n\n\n<h2 class=\"wp-block-heading\">9. Cabelo louro com camadas <\/h2>\n\n\n<div class=\"wp-block-image\">\n<figure class=\"aligncenter size-large\"><div style=\"position: relative;\"><noscript><img loading=\"lazy\" decoding=\"async\" width=\"1024\" height=\"1024\" src=\"https:\/\/flawlesshair.com\/wp-content\/uploads\/2023\/09\/Blonde-Layered-Hair-1024x1024.jpg\" alt=\"Cabelo louro com camadas \" class=\"wp-image-23845\" srcset=\"https:\/\/flawlesshair.com\/wp-content\/uploads\/2023\/09\/Blonde-Layered-Hair-1024x1024.jpg 1024w, https:\/\/flawlesshair.com\/wp-content\/uploads\/2023\/09\/Blonde-Layered-Hair-300x300.jpg 300w, https:\/\/flawlesshair.com\/wp-content\/uploads\/2023\/09\/Blonde-Layered-Hair-150x150.jpg 150w, https:\/\/flawlesshair.com\/wp-content\/uploads\/2023\/09\/Blonde-Layered-Hair-768x768.jpg 768w, https:\/\/flawlesshair.com\/wp-content\/uploads\/2023\/09\/Blonde-Layered-Hair-728x728.jpg 728w, https:\/\/flawlesshair.com\/wp-content\/uploads\/2023\/09\/Blonde-Layered-Hair-960x960.jpg 960w, https:\/\/flawlesshair.com\/wp-content\/uploads\/2023\/09\/Blonde-Layered-Hair.jpg 1080w\" sizes=\"auto, (max-width: 760px) calc(100vw - 24px), 720px\"><\/noscript><img loading=\"lazy\" decoding=\"async\" width=\"1024\" height=\"1024\" src=\"https:\/\/flawlesshair.com\/wp-content\/uploads\/2023\/09\/Blonde-Layered-Hair-1024x1024.jpg\" alt=\"Cabelo louro com camadas \" class=\"wp-image-23845 lazyload\" srcset=\"https:\/\/flawlesshair.com\/wp-content\/uploads\/2023\/09\/Blonde-Layered-Hair-1024x1024.jpg 1024w, https:\/\/flawlesshair.com\/wp-content\/uploads\/2023\/09\/Blonde-Layered-Hair-300x300.jpg 300w, https:\/\/flawlesshair.com\/wp-content\/uploads\/2023\/09\/Blonde-Layered-Hair-150x150.jpg 150w, https:\/\/flawlesshair.com\/wp-content\/uploads\/2023\/09\/Blonde-Layered-Hair-768x768.jpg 768w, https:\/\/flawlesshair.com\/wp-content\/uploads\/2023\/09\/Blonde-Layered-Hair-728x728.jpg 728w, https:\/\/flawlesshair.com\/wp-content\/uploads\/2023\/09\/Blonde-Layered-Hair-960x960.jpg 960w, https:\/\/flawlesshair.com\/wp-content\/uploads\/2023\/09\/Blonde-Layered-Hair.jpg 1080w\" sizes=\"auto, (max-width: 760px) calc(100vw - 24px), 720px\" data-pin-media=\"https:\/\/flawlesshair.com\/wp-content\/uploads\/2023\/09\/Blonde-Layered-Hair.jpg\" id=\"mv-trellis-img-9\" data-trellis-processed=\"1\"><div style=\"position: absolute; top: 0.5rem; right: 0.75rem;\"> <a href=\"https:\/\/www.pinterest.com\/pin\/create\/button\/\" data-pin-do=\"buttonPin\" data-pin-tall=\"true\" data-pin-url=\"https:\/\/flawlesshair.com\/pt\/cabelo-louro-de-comprimento-medio\/\" data-pin-media=\"https:\/\/flawlesshair.com\/wp-content\/uploads\/2023\/09\/Blonde-Layered-Hair-1024x1024.jpg\" data-pin-description=\"45 Stunning Medium-Length Blonde Hair Trends For 2025\" rel=\"nofollow noopener\" target=\"_blank\"> <\/a><\/div><\/div><figcaption class=\"wp-element-caption\">@<a href=\"https:\/\/www.instagram.com\/nicoletta_marie\/\" target=\"_blank\" rel=\"noreferrer noopener nofollow\">nicoletta_marie<\/a><\/figcaption><\/figure>\n<\/div>\n\n\n<p>As camadas real\u00e7am as suas melhores caracter\u00edsticas faciais e este <a href=\"https:\/\/flawlesshair.com\/pt\/cabelo-loiro-quente\/\">tom quente de louro<\/a> d\u00e1 ao seu cabelo um impulso instant\u00e2neo de brilho e luminosidade. N\u00e3o h\u00e1 nada melhor do que isso, certo? <\/p>\n\n\n\n<h2 class=\"wp-block-heading\">10. Louro escuro <\/h2>\n\n\n<div class=\"wp-block-image\">\n<figure class=\"aligncenter size-large\"><div style=\"position: relative;\"><noscript><img loading=\"lazy\" decoding=\"async\" width=\"820\" height=\"1024\" src=\"https:\/\/flawlesshair.com\/wp-content\/uploads\/2023\/10\/Dark-Blonde-820x1024.jpg\" alt=\"Louro escuro \" class=\"wp-image-23885\" srcset=\"https:\/\/flawlesshair.com\/wp-content\/uploads\/2023\/10\/Dark-Blonde-820x1024.jpg 820w, https:\/\/flawlesshair.com\/wp-content\/uploads\/2023\/10\/Dark-Blonde-240x300.jpg 240w, https:\/\/flawlesshair.com\/wp-content\/uploads\/2023\/10\/Dark-Blonde-768x959.jpg 768w, https:\/\/flawlesshair.com\/wp-content\/uploads\/2023\/10\/Dark-Blonde-769x960.jpg 769w, https:\/\/flawlesshair.com\/wp-content\/uploads\/2023\/10\/Dark-Blonde-865x1080.jpg 865w, https:\/\/flawlesshair.com\/wp-content\/uploads\/2023\/10\/Dark-Blonde-961x1200.jpg 961w, https:\/\/flawlesshair.com\/wp-content\/uploads\/2023\/10\/Dark-Blonde.jpg 1080w\" sizes=\"auto, (max-width: 760px) calc(100vw - 24px), 720px\"><\/noscript><img loading=\"lazy\" decoding=\"async\" width=\"820\" height=\"1024\" src=\"https:\/\/flawlesshair.com\/wp-content\/uploads\/2023\/10\/Dark-Blonde-820x1024.jpg\" alt=\"Louro escuro \" class=\"wp-image-23885 lazyload\" srcset=\"https:\/\/flawlesshair.com\/wp-content\/uploads\/2023\/10\/Dark-Blonde-820x1024.jpg 820w, https:\/\/flawlesshair.com\/wp-content\/uploads\/2023\/10\/Dark-Blonde-240x300.jpg 240w, https:\/\/flawlesshair.com\/wp-content\/uploads\/2023\/10\/Dark-Blonde-768x959.jpg 768w, https:\/\/flawlesshair.com\/wp-content\/uploads\/2023\/10\/Dark-Blonde-769x960.jpg 769w, https:\/\/flawlesshair.com\/wp-content\/uploads\/2023\/10\/Dark-Blonde-865x1080.jpg 865w, https:\/\/flawlesshair.com\/wp-content\/uploads\/2023\/10\/Dark-Blonde-961x1200.jpg 961w, https:\/\/flawlesshair.com\/wp-content\/uploads\/2023\/10\/Dark-Blonde.jpg 1080w\" sizes=\"auto, (max-width: 760px) calc(100vw - 24px), 720px\" data-pin-media=\"https:\/\/flawlesshair.com\/wp-content\/uploads\/2023\/10\/Dark-Blonde.jpg\" id=\"mv-trellis-img-10\" data-trellis-processed=\"1\"><div style=\"position: absolute; top: 0.5rem; right: 0.75rem;\"> <a href=\"https:\/\/www.pinterest.com\/pin\/create\/button\/\" data-pin-do=\"buttonPin\" data-pin-tall=\"true\" data-pin-url=\"https:\/\/flawlesshair.com\/pt\/cabelo-louro-de-comprimento-medio\/\" data-pin-media=\"https:\/\/flawlesshair.com\/wp-content\/uploads\/2023\/10\/Dark-Blonde-820x1024.jpg\" data-pin-description=\"45 Stunning Medium-Length Blonde Hair Trends For 2025\" rel=\"nofollow noopener\" target=\"_blank\"> <\/a><\/div><\/div><figcaption class=\"wp-element-caption\">@<a href=\"https:\/\/www.instagram.com\/havenhairbne\/\" target=\"_blank\" rel=\"noreferrer noopener nofollow\">havenhairbne<\/a><\/figcaption><\/figure>\n<\/div>\n\n\n<p>O louro escuro \u00e9 um dos tons de louro mais f\u00e1ceis de manter, o que faz dele a escolha perfeita para todas as mulheres que n\u00e3o t\u00eam tempo para retoques frequentes. Al\u00e9m disso, favorece os tons de pele p\u00e1lidos, m\u00e9dios e escuros. <\/p>\n\n\n\n<h2 class=\"wp-block-heading\">11. Louro brilhante de comprimento m\u00e9dio <\/h2>\n\n\n<div class=\"wp-block-image\">\n<figure class=\"aligncenter size-large\"><div style=\"position: relative;\"><noscript><img loading=\"lazy\" decoding=\"async\" width=\"819\" height=\"1024\" src=\"https:\/\/flawlesshair.com\/wp-content\/uploads\/2023\/10\/Bright-Mid-Length-Blonde-819x1024.jpg\" alt=\"Louro brilhante de comprimento m\u00e9dio \" class=\"wp-image-23910\" srcset=\"https:\/\/flawlesshair.com\/wp-content\/uploads\/2023\/10\/Bright-Mid-Length-Blonde-819x1024.jpg 819w, https:\/\/flawlesshair.com\/wp-content\/uploads\/2023\/10\/Bright-Mid-Length-Blonde-240x300.jpg 240w, https:\/\/flawlesshair.com\/wp-content\/uploads\/2023\/10\/Bright-Mid-Length-Blonde-768x960.jpg 768w, https:\/\/flawlesshair.com\/wp-content\/uploads\/2023\/10\/Bright-Mid-Length-Blonde-864x1080.jpg 864w, https:\/\/flawlesshair.com\/wp-content\/uploads\/2023\/10\/Bright-Mid-Length-Blonde-960x1200.jpg 960w, https:\/\/flawlesshair.com\/wp-content\/uploads\/2023\/10\/Bright-Mid-Length-Blonde.jpg 1080w\" sizes=\"auto, (max-width: 760px) calc(100vw - 24px), 720px\"><\/noscript><img loading=\"lazy\" decoding=\"async\" width=\"819\" height=\"1024\" src=\"https:\/\/flawlesshair.com\/wp-content\/uploads\/2023\/10\/Bright-Mid-Length-Blonde-819x1024.jpg\" alt=\"Louro brilhante de comprimento m\u00e9dio \" class=\"wp-image-23910 lazyload\" srcset=\"https:\/\/flawlesshair.com\/wp-content\/uploads\/2023\/10\/Bright-Mid-Length-Blonde-819x1024.jpg 819w, https:\/\/flawlesshair.com\/wp-content\/uploads\/2023\/10\/Bright-Mid-Length-Blonde-240x300.jpg 240w, https:\/\/flawlesshair.com\/wp-content\/uploads\/2023\/10\/Bright-Mid-Length-Blonde-768x960.jpg 768w, https:\/\/flawlesshair.com\/wp-content\/uploads\/2023\/10\/Bright-Mid-Length-Blonde-864x1080.jpg 864w, https:\/\/flawlesshair.com\/wp-content\/uploads\/2023\/10\/Bright-Mid-Length-Blonde-960x1200.jpg 960w, https:\/\/flawlesshair.com\/wp-content\/uploads\/2023\/10\/Bright-Mid-Length-Blonde.jpg 1080w\" sizes=\"auto, (max-width: 760px) calc(100vw - 24px), 720px\" data-pin-media=\"https:\/\/flawlesshair.com\/wp-content\/uploads\/2023\/10\/Bright-Mid-Length-Blonde.jpg\" id=\"mv-trellis-img-11\" data-trellis-processed=\"1\"><div style=\"position: absolute; top: 0.5rem; right: 0.75rem;\"> <a href=\"https:\/\/www.pinterest.com\/pin\/create\/button\/\" data-pin-do=\"buttonPin\" data-pin-tall=\"true\" data-pin-url=\"https:\/\/flawlesshair.com\/pt\/cabelo-louro-de-comprimento-medio\/\" data-pin-media=\"https:\/\/flawlesshair.com\/wp-content\/uploads\/2023\/10\/Bright-Mid-Length-Blonde-819x1024.jpg\" data-pin-description=\"45 Stunning Medium-Length Blonde Hair Trends For 2025\" rel=\"nofollow noopener\" target=\"_blank\"> <\/a><\/div><\/div><figcaption class=\"wp-element-caption\">@<a href=\"https:\/\/www.instagram.com\/daisy_goord\/\" target=\"_blank\" rel=\"noreferrer noopener nofollow\">daisy_goord<\/a><\/figcaption><\/figure>\n<\/div>\n\n\n<p>Se o seu objetivo \u00e9 atualizar o seu <a href=\"https:\/\/flawlesshair.com\/pt\/cor-de-cabelo-loiro\/\">cabelo loiro<\/a>Se o seu cabelo for mais claro, deve tonific\u00e1-lo e ilumin\u00e1-lo um pouco. Embora seja verdade que quanto mais clara for a cor, mais dif\u00edcil ser\u00e1 mant\u00ea-la. <\/p>\n\n\n\n<h2 class=\"wp-block-heading\">12. Cabelo louro morango m\u00e9dio <\/h2>\n\n\n<div class=\"wp-block-image\">\n<figure class=\"aligncenter size-large\"><div style=\"position: relative;\"><noscript><img loading=\"lazy\" decoding=\"async\" width=\"989\" height=\"1024\" src=\"https:\/\/flawlesshair.com\/wp-content\/uploads\/2023\/09\/Strawberry-Blonde-Medium-Hair-989x1024.jpg\" alt=\"Cabelo louro morango m\u00e9dio \" class=\"wp-image-23852\" srcset=\"https:\/\/flawlesshair.com\/wp-content\/uploads\/2023\/09\/Strawberry-Blonde-Medium-Hair-989x1024.jpg 989w, https:\/\/flawlesshair.com\/wp-content\/uploads\/2023\/09\/Strawberry-Blonde-Medium-Hair-290x300.jpg 290w, https:\/\/flawlesshair.com\/wp-content\/uploads\/2023\/09\/Strawberry-Blonde-Medium-Hair-768x795.jpg 768w, https:\/\/flawlesshair.com\/wp-content\/uploads\/2023\/09\/Strawberry-Blonde-Medium-Hair-927x960.jpg 927w, https:\/\/flawlesshair.com\/wp-content\/uploads\/2023\/09\/Strawberry-Blonde-Medium-Hair-1043x1080.jpg 1043w, https:\/\/flawlesshair.com\/wp-content\/uploads\/2023\/09\/Strawberry-Blonde-Medium-Hair.jpg 1080w\" sizes=\"auto, (max-width: 760px) calc(100vw - 24px), 720px\"><\/noscript><img loading=\"lazy\" decoding=\"async\" width=\"989\" height=\"1024\" src=\"https:\/\/flawlesshair.com\/wp-content\/uploads\/2023\/09\/Strawberry-Blonde-Medium-Hair-989x1024.jpg\" alt=\"Cabelo louro morango m\u00e9dio \" class=\"wp-image-23852 lazyload\" srcset=\"https:\/\/flawlesshair.com\/wp-content\/uploads\/2023\/09\/Strawberry-Blonde-Medium-Hair-989x1024.jpg 989w, https:\/\/flawlesshair.com\/wp-content\/uploads\/2023\/09\/Strawberry-Blonde-Medium-Hair-290x300.jpg 290w, https:\/\/flawlesshair.com\/wp-content\/uploads\/2023\/09\/Strawberry-Blonde-Medium-Hair-768x795.jpg 768w, https:\/\/flawlesshair.com\/wp-content\/uploads\/2023\/09\/Strawberry-Blonde-Medium-Hair-927x960.jpg 927w, https:\/\/flawlesshair.com\/wp-content\/uploads\/2023\/09\/Strawberry-Blonde-Medium-Hair-1043x1080.jpg 1043w, https:\/\/flawlesshair.com\/wp-content\/uploads\/2023\/09\/Strawberry-Blonde-Medium-Hair.jpg 1080w\" sizes=\"auto, (max-width: 760px) calc(100vw - 24px), 720px\" data-pin-media=\"https:\/\/flawlesshair.com\/wp-content\/uploads\/2023\/09\/Strawberry-Blonde-Medium-Hair.jpg\" id=\"mv-trellis-img-12\" data-trellis-processed=\"1\"><div style=\"position: absolute; top: 0.5rem; right: 0.75rem;\"> <a href=\"https:\/\/www.pinterest.com\/pin\/create\/button\/\" data-pin-do=\"buttonPin\" data-pin-tall=\"true\" data-pin-url=\"https:\/\/flawlesshair.com\/pt\/cabelo-louro-de-comprimento-medio\/\" data-pin-media=\"https:\/\/flawlesshair.com\/wp-content\/uploads\/2023\/09\/Strawberry-Blonde-Medium-Hair-989x1024.jpg\" data-pin-description=\"45 Stunning Medium-Length Blonde Hair Trends For 2025\" rel=\"nofollow noopener\" target=\"_blank\"> <\/a><\/div><\/div><figcaption class=\"wp-element-caption\">@<a href=\"https:\/\/www.instagram.com\/wildroots.waco\/\" target=\"_blank\" rel=\"noreferrer noopener nofollow\">wildroots.waco<\/a><\/figcaption><\/figure>\n<\/div>\n\n\n<p>Tenho a certeza de que est\u00e1 e estar\u00e1 a ver esta cor de cabelo em todo o lado porque tem sido popular nos \u00faltimos anos. Ao contr\u00e1rio da cor de cabelo ruivo, <a href=\"https:\/\/flawlesshair.com\/pt\/cabelo-louro-morango\/\">louro morango<\/a> \u00e9 suave, leve e funciona muito bem com praticamente todos os tons de pele. <\/p>\n\n\n\n<h2 class=\"wp-block-heading\">13. Louro bambu <\/h2>\n\n\n<div class=\"wp-block-image\">\n<figure class=\"aligncenter size-large\"><div style=\"position: relative;\"><noscript><img loading=\"lazy\" decoding=\"async\" width=\"819\" height=\"1024\" src=\"https:\/\/flawlesshair.com\/wp-content\/uploads\/2023\/10\/Bamboo-Blonde-819x1024.jpg\" alt=\"Louro bambu \" class=\"wp-image-23896\" srcset=\"https:\/\/flawlesshair.com\/wp-content\/uploads\/2023\/10\/Bamboo-Blonde-819x1024.jpg 819w, https:\/\/flawlesshair.com\/wp-content\/uploads\/2023\/10\/Bamboo-Blonde-240x300.jpg 240w, https:\/\/flawlesshair.com\/wp-content\/uploads\/2023\/10\/Bamboo-Blonde-768x960.jpg 768w, https:\/\/flawlesshair.com\/wp-content\/uploads\/2023\/10\/Bamboo-Blonde-864x1080.jpg 864w, https:\/\/flawlesshair.com\/wp-content\/uploads\/2023\/10\/Bamboo-Blonde-960x1200.jpg 960w, https:\/\/flawlesshair.com\/wp-content\/uploads\/2023\/10\/Bamboo-Blonde.jpg 1080w\" sizes=\"auto, (max-width: 760px) calc(100vw - 24px), 720px\"><\/noscript><img loading=\"lazy\" decoding=\"async\" width=\"819\" height=\"1024\" src=\"https:\/\/flawlesshair.com\/wp-content\/uploads\/2023\/10\/Bamboo-Blonde-819x1024.jpg\" alt=\"Louro bambu \" class=\"wp-image-23896 lazyload\" srcset=\"https:\/\/flawlesshair.com\/wp-content\/uploads\/2023\/10\/Bamboo-Blonde-819x1024.jpg 819w, https:\/\/flawlesshair.com\/wp-content\/uploads\/2023\/10\/Bamboo-Blonde-240x300.jpg 240w, https:\/\/flawlesshair.com\/wp-content\/uploads\/2023\/10\/Bamboo-Blonde-768x960.jpg 768w, https:\/\/flawlesshair.com\/wp-content\/uploads\/2023\/10\/Bamboo-Blonde-864x1080.jpg 864w, https:\/\/flawlesshair.com\/wp-content\/uploads\/2023\/10\/Bamboo-Blonde-960x1200.jpg 960w, https:\/\/flawlesshair.com\/wp-content\/uploads\/2023\/10\/Bamboo-Blonde.jpg 1080w\" sizes=\"auto, (max-width: 760px) calc(100vw - 24px), 720px\" data-pin-media=\"https:\/\/flawlesshair.com\/wp-content\/uploads\/2023\/10\/Bamboo-Blonde.jpg\" id=\"mv-trellis-img-13\" data-trellis-processed=\"1\"><div style=\"position: absolute; top: 0.5rem; right: 0.75rem;\"> <a href=\"https:\/\/www.pinterest.com\/pin\/create\/button\/\" data-pin-do=\"buttonPin\" data-pin-tall=\"true\" data-pin-url=\"https:\/\/flawlesshair.com\/pt\/cabelo-louro-de-comprimento-medio\/\" data-pin-media=\"https:\/\/flawlesshair.com\/wp-content\/uploads\/2023\/10\/Bamboo-Blonde-819x1024.jpg\" data-pin-description=\"45 Stunning Medium-Length Blonde Hair Trends For 2025\" rel=\"nofollow noopener\" target=\"_blank\"> <\/a><\/div><\/div><figcaption class=\"wp-element-caption\">@<a href=\"https:\/\/www.instagram.com\/cosmohairstyling\/\" target=\"_blank\" rel=\"noreferrer noopener nofollow\">cosmohairstyling<\/a><\/figcaption><\/figure>\n<\/div>\n\n\n<p>Tons quentes como este dar\u00e3o instantaneamente \u00e0 sua pele um brilho especial. N\u00e3o \u00e9 de admirar que o bambu seja a principal tend\u00eancia no que diz respeito a tons de loiro este ano. <\/p>\n\n\n\n<h2 class=\"wp-block-heading\">14. Louro p\u00eassego de sonho <\/h2>\n\n\n<div class=\"wp-block-image\">\n<figure class=\"aligncenter size-large\"><div style=\"position: relative;\"><noscript><img loading=\"lazy\" decoding=\"async\" width=\"948\" height=\"1024\" src=\"https:\/\/flawlesshair.com\/wp-content\/uploads\/2023\/10\/Dreamy-Peachy-Blonde-948x1024.jpg\" alt=\"Louro p\u00eassego de sonho \" class=\"wp-image-23970\" srcset=\"https:\/\/flawlesshair.com\/wp-content\/uploads\/2023\/10\/Dreamy-Peachy-Blonde-948x1024.jpg 948w, https:\/\/flawlesshair.com\/wp-content\/uploads\/2023\/10\/Dreamy-Peachy-Blonde-278x300.jpg 278w, https:\/\/flawlesshair.com\/wp-content\/uploads\/2023\/10\/Dreamy-Peachy-Blonde-768x830.jpg 768w, https:\/\/flawlesshair.com\/wp-content\/uploads\/2023\/10\/Dreamy-Peachy-Blonde-888x960.jpg 888w, https:\/\/flawlesshair.com\/wp-content\/uploads\/2023\/10\/Dreamy-Peachy-Blonde-999x1080.jpg 999w, https:\/\/flawlesshair.com\/wp-content\/uploads\/2023\/10\/Dreamy-Peachy-Blonde.jpg 1080w\" sizes=\"auto, (max-width: 760px) calc(100vw - 24px), 720px\"><\/noscript><img loading=\"lazy\" decoding=\"async\" width=\"948\" height=\"1024\" src=\"https:\/\/flawlesshair.com\/wp-content\/uploads\/2023\/10\/Dreamy-Peachy-Blonde-948x1024.jpg\" alt=\"Louro p\u00eassego de sonho \" class=\"wp-image-23970 lazyload\" srcset=\"https:\/\/flawlesshair.com\/wp-content\/uploads\/2023\/10\/Dreamy-Peachy-Blonde-948x1024.jpg 948w, https:\/\/flawlesshair.com\/wp-content\/uploads\/2023\/10\/Dreamy-Peachy-Blonde-278x300.jpg 278w, https:\/\/flawlesshair.com\/wp-content\/uploads\/2023\/10\/Dreamy-Peachy-Blonde-768x830.jpg 768w, https:\/\/flawlesshair.com\/wp-content\/uploads\/2023\/10\/Dreamy-Peachy-Blonde-888x960.jpg 888w, https:\/\/flawlesshair.com\/wp-content\/uploads\/2023\/10\/Dreamy-Peachy-Blonde-999x1080.jpg 999w, https:\/\/flawlesshair.com\/wp-content\/uploads\/2023\/10\/Dreamy-Peachy-Blonde.jpg 1080w\" sizes=\"auto, (max-width: 760px) calc(100vw - 24px), 720px\" data-pin-media=\"https:\/\/flawlesshair.com\/wp-content\/uploads\/2023\/10\/Dreamy-Peachy-Blonde.jpg\" id=\"mv-trellis-img-14\" data-trellis-processed=\"1\"><div style=\"position: absolute; top: 0.5rem; right: 0.75rem;\"> <a href=\"https:\/\/www.pinterest.com\/pin\/create\/button\/\" data-pin-do=\"buttonPin\" data-pin-tall=\"true\" data-pin-url=\"https:\/\/flawlesshair.com\/pt\/cabelo-louro-de-comprimento-medio\/\" data-pin-media=\"https:\/\/flawlesshair.com\/wp-content\/uploads\/2023\/10\/Dreamy-Peachy-Blonde-948x1024.jpg\" data-pin-description=\"45 Stunning Medium-Length Blonde Hair Trends For 2025\" rel=\"nofollow noopener\" target=\"_blank\"> <\/a><\/div><\/div><figcaption class=\"wp-element-caption\">@<a href=\"https:\/\/www.instagram.com\/bethrogers_hairdressing\/\" target=\"_blank\" rel=\"noreferrer noopener nofollow\">bethrogers_hairdressing<\/a><\/figcaption><\/figure>\n<\/div>\n\n\n<p>O loiro p\u00eassego n\u00e3o s\u00f3 a far\u00e1 parecer mais jovem, como tamb\u00e9m a ajudar\u00e1 a projetar uma imagem mais quente e luminosa. <\/p>\n\n\n\n<h2 class=\"wp-block-heading\">15. Louro Acinzentado Misturado em Cabelo Encaracolado <\/h2>\n\n\n<div class=\"wp-block-image\">\n<figure class=\"aligncenter size-large\"><div style=\"position: relative;\"><noscript><img loading=\"lazy\" decoding=\"async\" width=\"1024\" height=\"1024\" src=\"https:\/\/flawlesshair.com\/wp-content\/uploads\/2023\/09\/Blended-Ash-Blonde-On-Curly-Hair-1024x1024.jpg\" alt=\"Louro cinzento misturado em cabelo encaracolado \" class=\"wp-image-23793\" srcset=\"https:\/\/flawlesshair.com\/wp-content\/uploads\/2023\/09\/Blended-Ash-Blonde-On-Curly-Hair-1024x1024.jpg 1024w, https:\/\/flawlesshair.com\/wp-content\/uploads\/2023\/09\/Blended-Ash-Blonde-On-Curly-Hair-300x300.jpg 300w, https:\/\/flawlesshair.com\/wp-content\/uploads\/2023\/09\/Blended-Ash-Blonde-On-Curly-Hair-150x150.jpg 150w, https:\/\/flawlesshair.com\/wp-content\/uploads\/2023\/09\/Blended-Ash-Blonde-On-Curly-Hair-768x768.jpg 768w, https:\/\/flawlesshair.com\/wp-content\/uploads\/2023\/09\/Blended-Ash-Blonde-On-Curly-Hair-728x728.jpg 728w, https:\/\/flawlesshair.com\/wp-content\/uploads\/2023\/09\/Blended-Ash-Blonde-On-Curly-Hair-960x960.jpg 960w, https:\/\/flawlesshair.com\/wp-content\/uploads\/2023\/09\/Blended-Ash-Blonde-On-Curly-Hair.jpg 1080w\" sizes=\"auto, (max-width: 760px) calc(100vw - 24px), 720px\"><\/noscript><img loading=\"lazy\" decoding=\"async\" width=\"1024\" height=\"1024\" src=\"https:\/\/flawlesshair.com\/wp-content\/uploads\/2023\/09\/Blended-Ash-Blonde-On-Curly-Hair-1024x1024.jpg\" alt=\"Louro cinzento misturado em cabelo encaracolado \" class=\"wp-image-23793 lazyload\" srcset=\"https:\/\/flawlesshair.com\/wp-content\/uploads\/2023\/09\/Blended-Ash-Blonde-On-Curly-Hair-1024x1024.jpg 1024w, https:\/\/flawlesshair.com\/wp-content\/uploads\/2023\/09\/Blended-Ash-Blonde-On-Curly-Hair-300x300.jpg 300w, https:\/\/flawlesshair.com\/wp-content\/uploads\/2023\/09\/Blended-Ash-Blonde-On-Curly-Hair-150x150.jpg 150w, https:\/\/flawlesshair.com\/wp-content\/uploads\/2023\/09\/Blended-Ash-Blonde-On-Curly-Hair-768x768.jpg 768w, https:\/\/flawlesshair.com\/wp-content\/uploads\/2023\/09\/Blended-Ash-Blonde-On-Curly-Hair-728x728.jpg 728w, https:\/\/flawlesshair.com\/wp-content\/uploads\/2023\/09\/Blended-Ash-Blonde-On-Curly-Hair-960x960.jpg 960w, https:\/\/flawlesshair.com\/wp-content\/uploads\/2023\/09\/Blended-Ash-Blonde-On-Curly-Hair.jpg 1080w\" sizes=\"auto, (max-width: 760px) calc(100vw - 24px), 720px\" data-pin-media=\"https:\/\/flawlesshair.com\/wp-content\/uploads\/2023\/09\/Blended-Ash-Blonde-On-Curly-Hair.jpg\" id=\"mv-trellis-img-15\" data-trellis-processed=\"1\"><div style=\"position: absolute; top: 0.5rem; right: 0.75rem;\"> <a href=\"https:\/\/www.pinterest.com\/pin\/create\/button\/\" data-pin-do=\"buttonPin\" data-pin-tall=\"true\" data-pin-url=\"https:\/\/flawlesshair.com\/pt\/cabelo-louro-de-comprimento-medio\/\" data-pin-media=\"https:\/\/flawlesshair.com\/wp-content\/uploads\/2023\/09\/Blended-Ash-Blonde-On-Curly-Hair-1024x1024.jpg\" data-pin-description=\"45 Stunning Medium-Length Blonde Hair Trends For 2025\" rel=\"nofollow noopener\" target=\"_blank\"> <\/a><\/div><\/div><figcaption class=\"wp-element-caption\">@<a href=\"https:\/\/www.instagram.com\/wyatthair_\/\" target=\"_blank\" rel=\"noreferrer noopener nofollow\">wyatthair_<\/a><\/figcaption><\/figure>\n<\/div>\n\n\n<p>As mulheres com cabelo louro encaracolado ter\u00e3o sempre um lugar especial no meu cora\u00e7\u00e3o de cabeleireira. <\/p>\n\n\n\n<p>A combina\u00e7\u00e3o de v\u00e1rios tons de louro d\u00e1 ao cabelo um aspeto natural. Com os seus carac\u00f3is e uma cor perfeitamente misturada, ningu\u00e9m ser\u00e1 capaz de perceber se \u00e9 ou n\u00e3o uma loira natural. <\/p>\n\n\n\n<h2 class=\"wp-block-heading\">16. Cabelo louro platinado m\u00e9dio<\/h2>\n\n\n<div class=\"wp-block-image\">\n<figure class=\"aligncenter size-large\"><div style=\"position: relative;\"><noscript><img loading=\"lazy\" decoding=\"async\" width=\"819\" height=\"1024\" src=\"https:\/\/flawlesshair.com\/wp-content\/uploads\/2023\/09\/Platinum-Blonde-Medium-Hair-819x1024.jpg\" alt=\"Cabelo louro platinado m\u00e9dio\" class=\"wp-image-23849\" srcset=\"https:\/\/flawlesshair.com\/wp-content\/uploads\/2023\/09\/Platinum-Blonde-Medium-Hair-819x1024.jpg 819w, https:\/\/flawlesshair.com\/wp-content\/uploads\/2023\/09\/Platinum-Blonde-Medium-Hair-240x300.jpg 240w, https:\/\/flawlesshair.com\/wp-content\/uploads\/2023\/09\/Platinum-Blonde-Medium-Hair-768x960.jpg 768w, https:\/\/flawlesshair.com\/wp-content\/uploads\/2023\/09\/Platinum-Blonde-Medium-Hair-864x1080.jpg 864w, https:\/\/flawlesshair.com\/wp-content\/uploads\/2023\/09\/Platinum-Blonde-Medium-Hair-960x1200.jpg 960w, https:\/\/flawlesshair.com\/wp-content\/uploads\/2023\/09\/Platinum-Blonde-Medium-Hair.jpg 1080w\" sizes=\"auto, (max-width: 760px) calc(100vw - 24px), 720px\"><\/noscript><img loading=\"lazy\" decoding=\"async\" width=\"819\" height=\"1024\" src=\"https:\/\/flawlesshair.com\/wp-content\/uploads\/2023\/09\/Platinum-Blonde-Medium-Hair-819x1024.jpg\" alt=\"Cabelo louro platinado m\u00e9dio\" class=\"wp-image-23849 lazyload\" srcset=\"https:\/\/flawlesshair.com\/wp-content\/uploads\/2023\/09\/Platinum-Blonde-Medium-Hair-819x1024.jpg 819w, https:\/\/flawlesshair.com\/wp-content\/uploads\/2023\/09\/Platinum-Blonde-Medium-Hair-240x300.jpg 240w, https:\/\/flawlesshair.com\/wp-content\/uploads\/2023\/09\/Platinum-Blonde-Medium-Hair-768x960.jpg 768w, https:\/\/flawlesshair.com\/wp-content\/uploads\/2023\/09\/Platinum-Blonde-Medium-Hair-864x1080.jpg 864w, https:\/\/flawlesshair.com\/wp-content\/uploads\/2023\/09\/Platinum-Blonde-Medium-Hair-960x1200.jpg 960w, https:\/\/flawlesshair.com\/wp-content\/uploads\/2023\/09\/Platinum-Blonde-Medium-Hair.jpg 1080w\" sizes=\"auto, (max-width: 760px) calc(100vw - 24px), 720px\" data-pin-media=\"https:\/\/flawlesshair.com\/wp-content\/uploads\/2023\/09\/Platinum-Blonde-Medium-Hair.jpg\" id=\"mv-trellis-img-16\" data-trellis-processed=\"1\"><div style=\"position: absolute; top: 0.5rem; right: 0.75rem;\"> <a href=\"https:\/\/www.pinterest.com\/pin\/create\/button\/\" data-pin-do=\"buttonPin\" data-pin-tall=\"true\" data-pin-url=\"https:\/\/flawlesshair.com\/pt\/cabelo-louro-de-comprimento-medio\/\" data-pin-media=\"https:\/\/flawlesshair.com\/wp-content\/uploads\/2023\/09\/Platinum-Blonde-Medium-Hair-819x1024.jpg\" data-pin-description=\"45 Stunning Medium-Length Blonde Hair Trends For 2025\" rel=\"nofollow noopener\" target=\"_blank\"> <\/a><\/div><\/div><figcaption class=\"wp-element-caption\">@<a href=\"https:\/\/www.instagram.com\/abigailbazzoli\/\" target=\"_blank\" rel=\"noreferrer noopener nofollow\">abigailbazzoli<\/a><\/figcaption><\/figure>\n<\/div>\n\n\n<p>Se tem uma pele clara e olhos verdes, este \u00e9 o tom de louro perfeito para si: far\u00e1 sobressair a bela cor dos seus olhos. No entanto, esta tonalidade pode ser um pouco agressiva para o seu cabelo e ter\u00e1 de a tratar com extrema cautela. <\/p>\n\n\n\n<h2 class=\"wp-block-heading\">17. Fitas louras e volumosas <\/h2>\n\n\n<div class=\"wp-block-image\">\n<figure class=\"aligncenter size-large\"><div style=\"position: relative;\"><noscript><img loading=\"lazy\" decoding=\"async\" width=\"1024\" height=\"1024\" src=\"https:\/\/flawlesshair.com\/wp-content\/uploads\/2023\/09\/Blonde-Chunky-Ribbons-1024x1024.jpg\" alt=\"Fitas louras e volumosas \" class=\"wp-image-23837\" srcset=\"https:\/\/flawlesshair.com\/wp-content\/uploads\/2023\/09\/Blonde-Chunky-Ribbons-1024x1024.jpg 1024w, https:\/\/flawlesshair.com\/wp-content\/uploads\/2023\/09\/Blonde-Chunky-Ribbons-300x300.jpg 300w, https:\/\/flawlesshair.com\/wp-content\/uploads\/2023\/09\/Blonde-Chunky-Ribbons-150x150.jpg 150w, https:\/\/flawlesshair.com\/wp-content\/uploads\/2023\/09\/Blonde-Chunky-Ribbons-768x768.jpg 768w, https:\/\/flawlesshair.com\/wp-content\/uploads\/2023\/09\/Blonde-Chunky-Ribbons-728x728.jpg 728w, https:\/\/flawlesshair.com\/wp-content\/uploads\/2023\/09\/Blonde-Chunky-Ribbons-960x960.jpg 960w, https:\/\/flawlesshair.com\/wp-content\/uploads\/2023\/09\/Blonde-Chunky-Ribbons.jpg 1080w\" sizes=\"auto, (max-width: 760px) calc(100vw - 24px), 720px\"><\/noscript><img loading=\"lazy\" decoding=\"async\" width=\"1024\" height=\"1024\" src=\"https:\/\/flawlesshair.com\/wp-content\/uploads\/2023\/09\/Blonde-Chunky-Ribbons-1024x1024.jpg\" alt=\"Fitas louras e volumosas \" class=\"wp-image-23837 lazyload\" srcset=\"https:\/\/flawlesshair.com\/wp-content\/uploads\/2023\/09\/Blonde-Chunky-Ribbons-1024x1024.jpg 1024w, https:\/\/flawlesshair.com\/wp-content\/uploads\/2023\/09\/Blonde-Chunky-Ribbons-300x300.jpg 300w, https:\/\/flawlesshair.com\/wp-content\/uploads\/2023\/09\/Blonde-Chunky-Ribbons-150x150.jpg 150w, https:\/\/flawlesshair.com\/wp-content\/uploads\/2023\/09\/Blonde-Chunky-Ribbons-768x768.jpg 768w, https:\/\/flawlesshair.com\/wp-content\/uploads\/2023\/09\/Blonde-Chunky-Ribbons-728x728.jpg 728w, https:\/\/flawlesshair.com\/wp-content\/uploads\/2023\/09\/Blonde-Chunky-Ribbons-960x960.jpg 960w, https:\/\/flawlesshair.com\/wp-content\/uploads\/2023\/09\/Blonde-Chunky-Ribbons.jpg 1080w\" sizes=\"auto, (max-width: 760px) calc(100vw - 24px), 720px\" data-pin-media=\"https:\/\/flawlesshair.com\/wp-content\/uploads\/2023\/09\/Blonde-Chunky-Ribbons.jpg\" id=\"mv-trellis-img-17\" data-trellis-processed=\"1\"><div style=\"position: absolute; top: 0.5rem; right: 0.75rem;\"> <a href=\"https:\/\/www.pinterest.com\/pin\/create\/button\/\" data-pin-do=\"buttonPin\" data-pin-tall=\"true\" data-pin-url=\"https:\/\/flawlesshair.com\/pt\/cabelo-louro-de-comprimento-medio\/\" data-pin-media=\"https:\/\/flawlesshair.com\/wp-content\/uploads\/2023\/09\/Blonde-Chunky-Ribbons-1024x1024.jpg\" data-pin-description=\"45 Stunning Medium-Length Blonde Hair Trends For 2025\" rel=\"nofollow noopener\" target=\"_blank\"> <\/a><\/div><\/div><figcaption class=\"wp-element-caption\">@<a href=\"https:\/\/www.instagram.com\/elijahvane_\/\" target=\"_blank\" rel=\"noreferrer noopener nofollow\">elijahvane_<\/a><\/figcaption><\/figure>\n<\/div>\n\n\n<p>As madeixas volumosas s\u00e3o uma daquelas tend\u00eancias dos anos 90 que regressaram em for\u00e7a nos \u00faltimos tempos, mas aqui s\u00e3o combinadas com luzes de beb\u00e9 que criam uma mistura natural de cores. <\/p>\n\n\n\n<h2 class=\"wp-block-heading\">18. Balayage louro champanhe<\/h2>\n\n\n<div class=\"wp-block-image\">\n<figure class=\"aligncenter size-large\"><div style=\"position: relative;\"><noscript><img loading=\"lazy\" decoding=\"async\" width=\"819\" height=\"1024\" src=\"https:\/\/flawlesshair.com\/wp-content\/uploads\/2023\/09\/Champagne-blonde-balayage-819x1024.jpg\" alt=\"Balayage louro champanhe \" class=\"wp-image-23833\" srcset=\"https:\/\/flawlesshair.com\/wp-content\/uploads\/2023\/09\/Champagne-blonde-balayage-819x1024.jpg 819w, https:\/\/flawlesshair.com\/wp-content\/uploads\/2023\/09\/Champagne-blonde-balayage-240x300.jpg 240w, https:\/\/flawlesshair.com\/wp-content\/uploads\/2023\/09\/Champagne-blonde-balayage-768x960.jpg 768w, https:\/\/flawlesshair.com\/wp-content\/uploads\/2023\/09\/Champagne-blonde-balayage-864x1080.jpg 864w, https:\/\/flawlesshair.com\/wp-content\/uploads\/2023\/09\/Champagne-blonde-balayage.jpg 960w\" sizes=\"auto, (max-width: 760px) calc(100vw - 24px), 720px\"><\/noscript><img loading=\"lazy\" decoding=\"async\" width=\"819\" height=\"1024\" src=\"https:\/\/flawlesshair.com\/wp-content\/uploads\/2023\/09\/Champagne-blonde-balayage-819x1024.jpg\" alt=\"Balayage louro champanhe \" class=\"wp-image-23833 lazyload\" srcset=\"https:\/\/flawlesshair.com\/wp-content\/uploads\/2023\/09\/Champagne-blonde-balayage-819x1024.jpg 819w, https:\/\/flawlesshair.com\/wp-content\/uploads\/2023\/09\/Champagne-blonde-balayage-240x300.jpg 240w, https:\/\/flawlesshair.com\/wp-content\/uploads\/2023\/09\/Champagne-blonde-balayage-768x960.jpg 768w, https:\/\/flawlesshair.com\/wp-content\/uploads\/2023\/09\/Champagne-blonde-balayage-864x1080.jpg 864w, https:\/\/flawlesshair.com\/wp-content\/uploads\/2023\/09\/Champagne-blonde-balayage.jpg 960w\" sizes=\"auto, (max-width: 760px) calc(100vw - 24px), 720px\" data-pin-media=\"https:\/\/flawlesshair.com\/wp-content\/uploads\/2023\/09\/Champagne-blonde-balayage.jpg\" id=\"mv-trellis-img-18\" data-trellis-processed=\"1\"><div style=\"position: absolute; top: 0.5rem; right: 0.75rem;\"> <a href=\"https:\/\/www.pinterest.com\/pin\/create\/button\/\" data-pin-do=\"buttonPin\" data-pin-tall=\"true\" data-pin-url=\"https:\/\/flawlesshair.com\/pt\/cabelo-louro-de-comprimento-medio\/\" data-pin-media=\"https:\/\/flawlesshair.com\/wp-content\/uploads\/2023\/09\/Champagne-blonde-balayage-819x1024.jpg\" data-pin-description=\"45 Stunning Medium-Length Blonde Hair Trends For 2025\" rel=\"nofollow noopener\" target=\"_blank\"> <\/a><\/div><\/div><figcaption class=\"wp-element-caption\">@<a href=\"https:\/\/www.instagram.com\/shearblissnyc\/\" target=\"_blank\" rel=\"noreferrer noopener nofollow\">tosquiadeira<\/a><\/figcaption><\/figure>\n<\/div>\n\n\n<p>Se quiser iluminar o seu rosto com um tom louro, considere este balayage louro champanhe com ra\u00edzes sombreadas. \u00c9 uma op\u00e7\u00e3o muito mais saud\u00e1vel do que a cor total, porque o descolorante fica cerca de 5 cm abaixo das ra\u00edzes. <\/p>\n\n\n\n<h2 class=\"wp-block-heading\">19. Cabelo louro dourado<\/h2>\n\n\n<div class=\"wp-block-image\">\n<figure class=\"aligncenter size-large\"><div style=\"position: relative;\"><noscript><img loading=\"lazy\" decoding=\"async\" width=\"820\" height=\"1024\" src=\"https:\/\/flawlesshair.com\/wp-content\/uploads\/2023\/10\/Atomic-Blonde-Hair-820x1024.jpg\" alt=\"Cabelo louro at\u00f3mico\" class=\"wp-image-23867\" srcset=\"https:\/\/flawlesshair.com\/wp-content\/uploads\/2023\/10\/Atomic-Blonde-Hair-820x1024.jpg 820w, https:\/\/flawlesshair.com\/wp-content\/uploads\/2023\/10\/Atomic-Blonde-Hair-240x300.jpg 240w, https:\/\/flawlesshair.com\/wp-content\/uploads\/2023\/10\/Atomic-Blonde-Hair-768x959.jpg 768w, https:\/\/flawlesshair.com\/wp-content\/uploads\/2023\/10\/Atomic-Blonde-Hair-769x960.jpg 769w, https:\/\/flawlesshair.com\/wp-content\/uploads\/2023\/10\/Atomic-Blonde-Hair-865x1080.jpg 865w, https:\/\/flawlesshair.com\/wp-content\/uploads\/2023\/10\/Atomic-Blonde-Hair-961x1200.jpg 961w, https:\/\/flawlesshair.com\/wp-content\/uploads\/2023\/10\/Atomic-Blonde-Hair.jpg 1080w\" sizes=\"auto, (max-width: 760px) calc(100vw - 24px), 720px\"><\/noscript><img loading=\"lazy\" decoding=\"async\" width=\"820\" height=\"1024\" src=\"https:\/\/flawlesshair.com\/wp-content\/uploads\/2023\/10\/Atomic-Blonde-Hair-820x1024.jpg\" alt=\"Cabelo louro at\u00f3mico\" class=\"wp-image-23867 lazyload\" srcset=\"https:\/\/flawlesshair.com\/wp-content\/uploads\/2023\/10\/Atomic-Blonde-Hair-820x1024.jpg 820w, https:\/\/flawlesshair.com\/wp-content\/uploads\/2023\/10\/Atomic-Blonde-Hair-240x300.jpg 240w, https:\/\/flawlesshair.com\/wp-content\/uploads\/2023\/10\/Atomic-Blonde-Hair-768x959.jpg 768w, https:\/\/flawlesshair.com\/wp-content\/uploads\/2023\/10\/Atomic-Blonde-Hair-769x960.jpg 769w, https:\/\/flawlesshair.com\/wp-content\/uploads\/2023\/10\/Atomic-Blonde-Hair-865x1080.jpg 865w, https:\/\/flawlesshair.com\/wp-content\/uploads\/2023\/10\/Atomic-Blonde-Hair-961x1200.jpg 961w, https:\/\/flawlesshair.com\/wp-content\/uploads\/2023\/10\/Atomic-Blonde-Hair.jpg 1080w\" sizes=\"auto, (max-width: 760px) calc(100vw - 24px), 720px\" data-pin-media=\"https:\/\/flawlesshair.com\/wp-content\/uploads\/2023\/10\/Atomic-Blonde-Hair.jpg\" id=\"mv-trellis-img-19\" data-trellis-processed=\"1\"><div style=\"position: absolute; top: 0.5rem; right: 0.75rem;\"> <a href=\"https:\/\/www.pinterest.com\/pin\/create\/button\/\" data-pin-do=\"buttonPin\" data-pin-tall=\"true\" data-pin-url=\"https:\/\/flawlesshair.com\/pt\/cabelo-louro-de-comprimento-medio\/\" data-pin-media=\"https:\/\/flawlesshair.com\/wp-content\/uploads\/2023\/10\/Atomic-Blonde-Hair-820x1024.jpg\" data-pin-description=\"45 Stunning Medium-Length Blonde Hair Trends For 2025\" rel=\"nofollow noopener\" target=\"_blank\"> <\/a><\/div><\/div><figcaption class=\"wp-element-caption\">@<a href=\"https:\/\/www.instagram.com\/bryceariell\/\" target=\"_blank\" rel=\"noreferrer noopener nofollow\">bryceariell<\/a><\/figcaption><\/figure>\n<\/div>\n\n\n<p>O louro dourado \u00e9 feito para todas as mulheres que querem que o seu cabelo diga a toda a gente \u00e0 sua volta o qu\u00e3o arrojadas e ferozes s\u00e3o. <\/p>\n\n\n\n<h2 class=\"wp-block-heading\">20. Loiro beb\u00e9 com franja cortina<\/h2>\n\n\n<div class=\"wp-block-image\">\n<figure class=\"aligncenter size-large\"><div style=\"position: relative;\"><noscript><img loading=\"lazy\" decoding=\"async\" width=\"819\" height=\"1024\" src=\"https:\/\/flawlesshair.com\/wp-content\/uploads\/2023\/09\/Baby-Blonde-With-Curtain-Bangs-819x1024.jpg\" alt=\"Loiro beb\u00e9 com franja cortina\" class=\"wp-image-23860\" srcset=\"https:\/\/flawlesshair.com\/wp-content\/uploads\/2023\/09\/Baby-Blonde-With-Curtain-Bangs-819x1024.jpg 819w, https:\/\/flawlesshair.com\/wp-content\/uploads\/2023\/09\/Baby-Blonde-With-Curtain-Bangs-240x300.jpg 240w, https:\/\/flawlesshair.com\/wp-content\/uploads\/2023\/09\/Baby-Blonde-With-Curtain-Bangs-768x960.jpg 768w, https:\/\/flawlesshair.com\/wp-content\/uploads\/2023\/09\/Baby-Blonde-With-Curtain-Bangs-864x1080.jpg 864w, https:\/\/flawlesshair.com\/wp-content\/uploads\/2023\/09\/Baby-Blonde-With-Curtain-Bangs-960x1200.jpg 960w, https:\/\/flawlesshair.com\/wp-content\/uploads\/2023\/09\/Baby-Blonde-With-Curtain-Bangs.jpg 1080w\" sizes=\"auto, (max-width: 760px) calc(100vw - 24px), 720px\"><\/noscript><img loading=\"lazy\" decoding=\"async\" width=\"819\" height=\"1024\" src=\"https:\/\/flawlesshair.com\/wp-content\/uploads\/2023\/09\/Baby-Blonde-With-Curtain-Bangs-819x1024.jpg\" alt=\"Loiro beb\u00e9 com franja cortina\" class=\"wp-image-23860 lazyload\" srcset=\"https:\/\/flawlesshair.com\/wp-content\/uploads\/2023\/09\/Baby-Blonde-With-Curtain-Bangs-819x1024.jpg 819w, https:\/\/flawlesshair.com\/wp-content\/uploads\/2023\/09\/Baby-Blonde-With-Curtain-Bangs-240x300.jpg 240w, https:\/\/flawlesshair.com\/wp-content\/uploads\/2023\/09\/Baby-Blonde-With-Curtain-Bangs-768x960.jpg 768w, https:\/\/flawlesshair.com\/wp-content\/uploads\/2023\/09\/Baby-Blonde-With-Curtain-Bangs-864x1080.jpg 864w, https:\/\/flawlesshair.com\/wp-content\/uploads\/2023\/09\/Baby-Blonde-With-Curtain-Bangs-960x1200.jpg 960w, https:\/\/flawlesshair.com\/wp-content\/uploads\/2023\/09\/Baby-Blonde-With-Curtain-Bangs.jpg 1080w\" sizes=\"auto, (max-width: 760px) calc(100vw - 24px), 720px\" data-pin-media=\"https:\/\/flawlesshair.com\/wp-content\/uploads\/2023\/09\/Baby-Blonde-With-Curtain-Bangs.jpg\" id=\"mv-trellis-img-20\" data-trellis-processed=\"1\"><div style=\"position: absolute; top: 0.5rem; right: 0.75rem;\"> <a href=\"https:\/\/www.pinterest.com\/pin\/create\/button\/\" data-pin-do=\"buttonPin\" data-pin-tall=\"true\" data-pin-url=\"https:\/\/flawlesshair.com\/pt\/cabelo-louro-de-comprimento-medio\/\" data-pin-media=\"https:\/\/flawlesshair.com\/wp-content\/uploads\/2023\/09\/Baby-Blonde-With-Curtain-Bangs-819x1024.jpg\" data-pin-description=\"45 Stunning Medium-Length Blonde Hair Trends For 2025\" rel=\"nofollow noopener\" target=\"_blank\"> <\/a><\/div><\/div><figcaption class=\"wp-element-caption\">@<a href=\"https:\/\/www.instagram.com\/aprilmarie.beauty\/\" target=\"_blank\" rel=\"noreferrer noopener nofollow\">aprilmarie.beauty<\/a><\/figcaption><\/figure>\n<\/div>\n\n\n<p>Penso que todas concordamos que estes tons de louro suaves e brilhantes s\u00e3o dos mais bonitos. Infelizmente, s\u00e3o tamb\u00e9m os mais propensos a ficarem acobreados. A \u00fanica forma de evitar esse cen\u00e1rio \u00e9 lavar o cabelo com champ\u00f4 e amaciador roxos e aplicar m\u00e1scaras adequadas. <\/p>\n\n\n\n<h2 class=\"wp-block-heading\">21. Loira At\u00f3mica <\/h2>\n\n\n<div class=\"wp-block-image\">\n<figure class=\"aligncenter size-full\"><div style=\"position: relative;\"><noscript><img loading=\"lazy\" decoding=\"async\" width=\"929\" height=\"929\" src=\"https:\/\/flawlesshair.com\/wp-content\/uploads\/2023\/10\/Frozen-Blonde.jpg\" alt=\"Loira At\u00f3mica Gelada \" class=\"wp-image-23900\" srcset=\"https:\/\/flawlesshair.com\/wp-content\/uploads\/2023\/10\/Frozen-Blonde.jpg 929w, https:\/\/flawlesshair.com\/wp-content\/uploads\/2023\/10\/Frozen-Blonde-300x300.jpg 300w, https:\/\/flawlesshair.com\/wp-content\/uploads\/2023\/10\/Frozen-Blonde-150x150.jpg 150w, https:\/\/flawlesshair.com\/wp-content\/uploads\/2023\/10\/Frozen-Blonde-768x768.jpg 768w, https:\/\/flawlesshair.com\/wp-content\/uploads\/2023\/10\/Frozen-Blonde-728x728.jpg 728w\" sizes=\"auto, (max-width: 760px) calc(100vw - 24px), 720px\"><\/noscript><img loading=\"lazy\" decoding=\"async\" width=\"929\" height=\"929\" src=\"https:\/\/flawlesshair.com\/wp-content\/uploads\/2023\/10\/Frozen-Blonde.jpg\" alt=\"Loira At\u00f3mica Gelada \" class=\"wp-image-23900 lazyload\" srcset=\"https:\/\/flawlesshair.com\/wp-content\/uploads\/2023\/10\/Frozen-Blonde.jpg 929w, https:\/\/flawlesshair.com\/wp-content\/uploads\/2023\/10\/Frozen-Blonde-300x300.jpg 300w, https:\/\/flawlesshair.com\/wp-content\/uploads\/2023\/10\/Frozen-Blonde-150x150.jpg 150w, https:\/\/flawlesshair.com\/wp-content\/uploads\/2023\/10\/Frozen-Blonde-768x768.jpg 768w, https:\/\/flawlesshair.com\/wp-content\/uploads\/2023\/10\/Frozen-Blonde-728x728.jpg 728w\" sizes=\"auto, (max-width: 760px) calc(100vw - 24px), 720px\" data-pin-media=\"https:\/\/flawlesshair.com\/wp-content\/uploads\/2023\/10\/Frozen-Blonde.jpg\" id=\"mv-trellis-img-21\" data-trellis-processed=\"1\"><div style=\"position: absolute; top: 0.5rem; right: 0.75rem;\"> <a href=\"https:\/\/www.pinterest.com\/pin\/create\/button\/\" data-pin-do=\"buttonPin\" data-pin-tall=\"true\" data-pin-url=\"https:\/\/flawlesshair.com\/pt\/cabelo-louro-de-comprimento-medio\/\" data-pin-media=\"https:\/\/flawlesshair.com\/wp-content\/uploads\/2023\/10\/Frozen-Blonde.jpg\" data-pin-description=\"45 Stunning Medium-Length Blonde Hair Trends For 2025\" rel=\"nofollow noopener\" target=\"_blank\"> <\/a><\/div><\/div><figcaption class=\"wp-element-caption\">@<a href=\"https:\/\/www.instagram.com\/wellahair\/\" target=\"_blank\" rel=\"noreferrer noopener nofollow\">bem-hair<\/a><\/figcaption><\/figure>\n<\/div>\n\n\n<p>O loiro at\u00f3mico gelado nunca falha nas redes sociais. Esta tonalidade de louro \u00e9 apenas para as ousadas e para aquelas que n\u00e3o t\u00eam medo de clarear o cabelo para al\u00e9m do platinado e se esfor\u00e7am por o manter assim. <\/p>\n\n\n\n<h2 class=\"wp-block-heading\">22. Balayage Loiro em Cabelo Liso<\/h2>\n\n\n<div class=\"wp-block-image\">\n<figure class=\"aligncenter size-large\"><div style=\"position: relative;\"><noscript><img loading=\"lazy\" decoding=\"async\" width=\"819\" height=\"1024\" src=\"https:\/\/flawlesshair.com\/wp-content\/uploads\/2023\/09\/blonde-balayage-straight-hair-819x1024.jpg\" alt=\"balayage loiro cabelo liso\" class=\"wp-image-23839\" srcset=\"https:\/\/flawlesshair.com\/wp-content\/uploads\/2023\/09\/blonde-balayage-straight-hair-819x1024.jpg 819w, https:\/\/flawlesshair.com\/wp-content\/uploads\/2023\/09\/blonde-balayage-straight-hair-240x300.jpg 240w, https:\/\/flawlesshair.com\/wp-content\/uploads\/2023\/09\/blonde-balayage-straight-hair-768x960.jpg 768w, https:\/\/flawlesshair.com\/wp-content\/uploads\/2023\/09\/blonde-balayage-straight-hair-864x1080.jpg 864w, https:\/\/flawlesshair.com\/wp-content\/uploads\/2023\/09\/blonde-balayage-straight-hair-960x1200.jpg 960w, https:\/\/flawlesshair.com\/wp-content\/uploads\/2023\/09\/blonde-balayage-straight-hair.jpg 1080w\" sizes=\"auto, (max-width: 760px) calc(100vw - 24px), 720px\"><\/noscript><img loading=\"lazy\" decoding=\"async\" width=\"819\" height=\"1024\" src=\"https:\/\/flawlesshair.com\/wp-content\/uploads\/2023\/09\/blonde-balayage-straight-hair-819x1024.jpg\" alt=\"balayage loiro cabelo liso\" class=\"wp-image-23839 lazyload\" srcset=\"https:\/\/flawlesshair.com\/wp-content\/uploads\/2023\/09\/blonde-balayage-straight-hair-819x1024.jpg 819w, https:\/\/flawlesshair.com\/wp-content\/uploads\/2023\/09\/blonde-balayage-straight-hair-240x300.jpg 240w, https:\/\/flawlesshair.com\/wp-content\/uploads\/2023\/09\/blonde-balayage-straight-hair-768x960.jpg 768w, https:\/\/flawlesshair.com\/wp-content\/uploads\/2023\/09\/blonde-balayage-straight-hair-864x1080.jpg 864w, https:\/\/flawlesshair.com\/wp-content\/uploads\/2023\/09\/blonde-balayage-straight-hair-960x1200.jpg 960w, https:\/\/flawlesshair.com\/wp-content\/uploads\/2023\/09\/blonde-balayage-straight-hair.jpg 1080w\" sizes=\"auto, (max-width: 760px) calc(100vw - 24px), 720px\" data-pin-media=\"https:\/\/flawlesshair.com\/wp-content\/uploads\/2023\/09\/blonde-balayage-straight-hair.jpg\" id=\"mv-trellis-img-22\" data-trellis-processed=\"1\"><div style=\"position: absolute; top: 0.5rem; right: 0.75rem;\"> <a href=\"https:\/\/www.pinterest.com\/pin\/create\/button\/\" data-pin-do=\"buttonPin\" data-pin-tall=\"true\" data-pin-url=\"https:\/\/flawlesshair.com\/pt\/cabelo-louro-de-comprimento-medio\/\" data-pin-media=\"https:\/\/flawlesshair.com\/wp-content\/uploads\/2023\/09\/blonde-balayage-straight-hair-819x1024.jpg\" data-pin-description=\"45 Stunning Medium-Length Blonde Hair Trends For 2025\" rel=\"nofollow noopener\" target=\"_blank\"> <\/a><\/div><\/div><figcaption class=\"wp-element-caption\">@<a href=\"https:\/\/www.instagram.com\/emma_hair_and_beauty\/\" target=\"_blank\" rel=\"noreferrer noopener nofollow\">emma_hair_and_beauty<\/a><\/figcaption><\/figure>\n<\/div>\n\n\n<p>Todas as mulheres que ainda n\u00e3o est\u00e3o prontas para se comprometerem a ser loiras a tempo inteiro devem considerar a balayage. \u00c9 a melhor op\u00e7\u00e3o se quiser fazer um teste ao cabelo loiro. <\/p>\n\n\n\n<h2 class=\"wp-block-heading\">23. Cabelo louro p\u00e9rola <\/h2>\n\n\n<div class=\"wp-block-image\">\n<figure class=\"aligncenter size-full\"><div style=\"position: relative;\"><noscript><img loading=\"lazy\" decoding=\"async\" width=\"903\" height=\"906\" src=\"https:\/\/flawlesshair.com\/wp-content\/uploads\/2023\/10\/Pearl-Blonde-Hair.jpg\" alt=\"Cabelo louro p\u00e9rola \" class=\"wp-image-23869\" srcset=\"https:\/\/flawlesshair.com\/wp-content\/uploads\/2023\/10\/Pearl-Blonde-Hair.jpg 903w, https:\/\/flawlesshair.com\/wp-content\/uploads\/2023\/10\/Pearl-Blonde-Hair-300x300.jpg 300w, https:\/\/flawlesshair.com\/wp-content\/uploads\/2023\/10\/Pearl-Blonde-Hair-150x150.jpg 150w, https:\/\/flawlesshair.com\/wp-content\/uploads\/2023\/10\/Pearl-Blonde-Hair-768x771.jpg 768w\" sizes=\"auto, (max-width: 760px) calc(100vw - 24px), 720px\"><\/noscript><img loading=\"lazy\" decoding=\"async\" width=\"903\" height=\"906\" src=\"https:\/\/flawlesshair.com\/wp-content\/uploads\/2023\/10\/Pearl-Blonde-Hair.jpg\" alt=\"Cabelo louro p\u00e9rola \" class=\"wp-image-23869 lazyload\" srcset=\"https:\/\/flawlesshair.com\/wp-content\/uploads\/2023\/10\/Pearl-Blonde-Hair.jpg 903w, https:\/\/flawlesshair.com\/wp-content\/uploads\/2023\/10\/Pearl-Blonde-Hair-300x300.jpg 300w, https:\/\/flawlesshair.com\/wp-content\/uploads\/2023\/10\/Pearl-Blonde-Hair-150x150.jpg 150w, https:\/\/flawlesshair.com\/wp-content\/uploads\/2023\/10\/Pearl-Blonde-Hair-768x771.jpg 768w\" sizes=\"auto, (max-width: 760px) calc(100vw - 24px), 720px\" data-pin-media=\"https:\/\/flawlesshair.com\/wp-content\/uploads\/2023\/10\/Pearl-Blonde-Hair.jpg\" id=\"mv-trellis-img-23\" data-trellis-processed=\"1\"><div style=\"position: absolute; top: 0.5rem; right: 0.75rem;\"> <a href=\"https:\/\/www.pinterest.com\/pin\/create\/button\/\" data-pin-do=\"buttonPin\" data-pin-tall=\"true\" data-pin-url=\"https:\/\/flawlesshair.com\/pt\/cabelo-louro-de-comprimento-medio\/\" data-pin-media=\"https:\/\/flawlesshair.com\/wp-content\/uploads\/2023\/10\/Pearl-Blonde-Hair.jpg\" data-pin-description=\"45 Stunning Medium-Length Blonde Hair Trends For 2025\" rel=\"nofollow noopener\" target=\"_blank\"> <\/a><\/div><\/div><figcaption class=\"wp-element-caption\">@<a href=\"https:\/\/www.instagram.com\/pearl.blonde\/\" target=\"_blank\" rel=\"noreferrer noopener nofollow\">p\u00e9rola.loira<\/a><\/figcaption><\/figure>\n<\/div>\n\n\n<p>O tom louro p\u00e9rola cont\u00e9m toques de prata, branco, platina e amarelo e \u00e9 uma das cores de cabelo mais elegantes que existem. <\/p>\n\n\n\n<h2 class=\"wp-block-heading\">24. Cabelo louro com madeixas<\/h2>\n\n\n<div class=\"wp-block-image\">\n<figure class=\"aligncenter size-large\"><div style=\"position: relative;\"><noscript><img loading=\"lazy\" decoding=\"async\" width=\"819\" height=\"1024\" src=\"https:\/\/flawlesshair.com\/wp-content\/uploads\/2023\/09\/Blonde-Hair-With-Lowlights-819x1024.jpg\" alt=\"Cabelo louro com madeixas\" class=\"wp-image-23851\" srcset=\"https:\/\/flawlesshair.com\/wp-content\/uploads\/2023\/09\/Blonde-Hair-With-Lowlights-819x1024.jpg 819w, https:\/\/flawlesshair.com\/wp-content\/uploads\/2023\/09\/Blonde-Hair-With-Lowlights-240x300.jpg 240w, https:\/\/flawlesshair.com\/wp-content\/uploads\/2023\/09\/Blonde-Hair-With-Lowlights-768x961.jpg 768w, https:\/\/flawlesshair.com\/wp-content\/uploads\/2023\/09\/Blonde-Hair-With-Lowlights-767x960.jpg 767w, https:\/\/flawlesshair.com\/wp-content\/uploads\/2023\/09\/Blonde-Hair-With-Lowlights-863x1080.jpg 863w, https:\/\/flawlesshair.com\/wp-content\/uploads\/2023\/09\/Blonde-Hair-With-Lowlights-959x1200.jpg 959w, https:\/\/flawlesshair.com\/wp-content\/uploads\/2023\/09\/Blonde-Hair-With-Lowlights.jpg 1080w\" sizes=\"auto, (max-width: 760px) calc(100vw - 24px), 720px\"><\/noscript><img loading=\"lazy\" decoding=\"async\" width=\"819\" height=\"1024\" src=\"https:\/\/flawlesshair.com\/wp-content\/uploads\/2023\/09\/Blonde-Hair-With-Lowlights-819x1024.jpg\" alt=\"Cabelo louro com madeixas\" class=\"wp-image-23851 lazyload\" srcset=\"https:\/\/flawlesshair.com\/wp-content\/uploads\/2023\/09\/Blonde-Hair-With-Lowlights-819x1024.jpg 819w, https:\/\/flawlesshair.com\/wp-content\/uploads\/2023\/09\/Blonde-Hair-With-Lowlights-240x300.jpg 240w, https:\/\/flawlesshair.com\/wp-content\/uploads\/2023\/09\/Blonde-Hair-With-Lowlights-768x961.jpg 768w, https:\/\/flawlesshair.com\/wp-content\/uploads\/2023\/09\/Blonde-Hair-With-Lowlights-767x960.jpg 767w, https:\/\/flawlesshair.com\/wp-content\/uploads\/2023\/09\/Blonde-Hair-With-Lowlights-863x1080.jpg 863w, https:\/\/flawlesshair.com\/wp-content\/uploads\/2023\/09\/Blonde-Hair-With-Lowlights-959x1200.jpg 959w, https:\/\/flawlesshair.com\/wp-content\/uploads\/2023\/09\/Blonde-Hair-With-Lowlights.jpg 1080w\" sizes=\"auto, (max-width: 760px) calc(100vw - 24px), 720px\" data-pin-media=\"https:\/\/flawlesshair.com\/wp-content\/uploads\/2023\/09\/Blonde-Hair-With-Lowlights.jpg\" id=\"mv-trellis-img-24\" data-trellis-processed=\"1\"><div style=\"position: absolute; top: 0.5rem; right: 0.75rem;\"> <a href=\"https:\/\/www.pinterest.com\/pin\/create\/button\/\" data-pin-do=\"buttonPin\" data-pin-tall=\"true\" data-pin-url=\"https:\/\/flawlesshair.com\/pt\/cabelo-louro-de-comprimento-medio\/\" data-pin-media=\"https:\/\/flawlesshair.com\/wp-content\/uploads\/2023\/09\/Blonde-Hair-With-Lowlights-819x1024.jpg\" data-pin-description=\"45 Stunning Medium-Length Blonde Hair Trends For 2025\" rel=\"nofollow noopener\" target=\"_blank\"> <\/a><\/div><\/div><figcaption class=\"wp-element-caption\">@<a href=\"https:\/\/www.instagram.com\/hairbysarabliss\/\" target=\"_blank\" rel=\"noreferrer noopener nofollow\">hairbysarabliss<\/a><\/figcaption><\/figure>\n<\/div>\n\n\n<p>Tem <a href=\"https:\/\/flawlesshair.com\/pt\/guia-para-cabelos-finos\/\">cabelo fino<\/a> e a cor loira faz com que os fios pare\u00e7am ainda mais fracos? Fazer madeixas baixas vai instantaneamente fazer com que pare\u00e7am mais espessas. <\/p>\n\n\n\n<h2 class=\"wp-block-heading\">25. Louro ondulado dourado <\/h2>\n\n\n<div class=\"wp-block-image\">\n<figure class=\"aligncenter size-large\"><div style=\"position: relative;\"><noscript><img loading=\"lazy\" decoding=\"async\" width=\"819\" height=\"1024\" src=\"https:\/\/flawlesshair.com\/wp-content\/uploads\/2023\/10\/Golden-Wavy-Blonde-819x1024.jpg\" alt=\"Louro ondulado dourado \" class=\"wp-image-23883\" srcset=\"https:\/\/flawlesshair.com\/wp-content\/uploads\/2023\/10\/Golden-Wavy-Blonde-819x1024.jpg 819w, https:\/\/flawlesshair.com\/wp-content\/uploads\/2023\/10\/Golden-Wavy-Blonde-240x300.jpg 240w, https:\/\/flawlesshair.com\/wp-content\/uploads\/2023\/10\/Golden-Wavy-Blonde-768x960.jpg 768w, https:\/\/flawlesshair.com\/wp-content\/uploads\/2023\/10\/Golden-Wavy-Blonde-864x1080.jpg 864w, https:\/\/flawlesshair.com\/wp-content\/uploads\/2023\/10\/Golden-Wavy-Blonde.jpg 959w\" sizes=\"auto, (max-width: 760px) calc(100vw - 24px), 720px\"><\/noscript><img loading=\"lazy\" decoding=\"async\" width=\"819\" height=\"1024\" src=\"https:\/\/flawlesshair.com\/wp-content\/uploads\/2023\/10\/Golden-Wavy-Blonde-819x1024.jpg\" alt=\"Louro ondulado dourado \" class=\"wp-image-23883 lazyload\" srcset=\"https:\/\/flawlesshair.com\/wp-content\/uploads\/2023\/10\/Golden-Wavy-Blonde-819x1024.jpg 819w, https:\/\/flawlesshair.com\/wp-content\/uploads\/2023\/10\/Golden-Wavy-Blonde-240x300.jpg 240w, https:\/\/flawlesshair.com\/wp-content\/uploads\/2023\/10\/Golden-Wavy-Blonde-768x960.jpg 768w, https:\/\/flawlesshair.com\/wp-content\/uploads\/2023\/10\/Golden-Wavy-Blonde-864x1080.jpg 864w, https:\/\/flawlesshair.com\/wp-content\/uploads\/2023\/10\/Golden-Wavy-Blonde.jpg 959w\" sizes=\"auto, (max-width: 760px) calc(100vw - 24px), 720px\" data-pin-media=\"https:\/\/flawlesshair.com\/wp-content\/uploads\/2023\/10\/Golden-Wavy-Blonde.jpg\" id=\"mv-trellis-img-25\" data-trellis-processed=\"1\"><div style=\"position: absolute; top: 0.5rem; right: 0.75rem;\"> <a href=\"https:\/\/www.pinterest.com\/pin\/create\/button\/\" data-pin-do=\"buttonPin\" data-pin-tall=\"true\" data-pin-url=\"https:\/\/flawlesshair.com\/pt\/cabelo-louro-de-comprimento-medio\/\" data-pin-media=\"https:\/\/flawlesshair.com\/wp-content\/uploads\/2023\/10\/Golden-Wavy-Blonde-819x1024.jpg\" data-pin-description=\"45 Stunning Medium-Length Blonde Hair Trends For 2025\" rel=\"nofollow noopener\" target=\"_blank\"> <\/a><\/div><\/div><figcaption class=\"wp-element-caption\">@<a href=\"https:\/\/www.instagram.com\/seanhannasalons\/\" target=\"_blank\" rel=\"noreferrer noopener nofollow\">seanhannasalons<\/a><\/figcaption><\/figure>\n<\/div>\n\n\n<p>Com este tom de loiro multi-tonal, o seu cabelo nunca ficar\u00e1 sem brilho. Outra raz\u00e3o para se apaixonar por este tom dourado \u00e9 o facto de dar \u00e0 sua pele aquele efeito luminoso. <\/p>\n\n\n\n<h2 class=\"wp-block-heading\">26. Cabelo louro gelado <\/h2>\n\n\n<div class=\"wp-block-image\">\n<figure class=\"aligncenter size-large\"><div style=\"position: relative;\"><noscript><img loading=\"lazy\" decoding=\"async\" width=\"819\" height=\"1024\" src=\"https:\/\/flawlesshair.com\/wp-content\/uploads\/2023\/09\/Icy-Blonde-Hair-819x1024.jpg\" alt=\"Cabelo louro gelado \" class=\"wp-image-23856\" srcset=\"https:\/\/flawlesshair.com\/wp-content\/uploads\/2023\/09\/Icy-Blonde-Hair-819x1024.jpg 819w, https:\/\/flawlesshair.com\/wp-content\/uploads\/2023\/09\/Icy-Blonde-Hair-240x300.jpg 240w, https:\/\/flawlesshair.com\/wp-content\/uploads\/2023\/09\/Icy-Blonde-Hair-768x960.jpg 768w, https:\/\/flawlesshair.com\/wp-content\/uploads\/2023\/09\/Icy-Blonde-Hair-864x1080.jpg 864w, https:\/\/flawlesshair.com\/wp-content\/uploads\/2023\/09\/Icy-Blonde-Hair-960x1200.jpg 960w, https:\/\/flawlesshair.com\/wp-content\/uploads\/2023\/09\/Icy-Blonde-Hair.jpg 1080w\" sizes=\"auto, (max-width: 760px) calc(100vw - 24px), 720px\"><\/noscript><img loading=\"lazy\" decoding=\"async\" width=\"819\" height=\"1024\" src=\"https:\/\/flawlesshair.com\/wp-content\/uploads\/2023\/09\/Icy-Blonde-Hair-819x1024.jpg\" alt=\"Cabelo louro gelado \" class=\"wp-image-23856 lazyload\" srcset=\"https:\/\/flawlesshair.com\/wp-content\/uploads\/2023\/09\/Icy-Blonde-Hair-819x1024.jpg 819w, https:\/\/flawlesshair.com\/wp-content\/uploads\/2023\/09\/Icy-Blonde-Hair-240x300.jpg 240w, https:\/\/flawlesshair.com\/wp-content\/uploads\/2023\/09\/Icy-Blonde-Hair-768x960.jpg 768w, https:\/\/flawlesshair.com\/wp-content\/uploads\/2023\/09\/Icy-Blonde-Hair-864x1080.jpg 864w, https:\/\/flawlesshair.com\/wp-content\/uploads\/2023\/09\/Icy-Blonde-Hair-960x1200.jpg 960w, https:\/\/flawlesshair.com\/wp-content\/uploads\/2023\/09\/Icy-Blonde-Hair.jpg 1080w\" sizes=\"auto, (max-width: 760px) calc(100vw - 24px), 720px\" data-pin-media=\"https:\/\/flawlesshair.com\/wp-content\/uploads\/2023\/09\/Icy-Blonde-Hair.jpg\" id=\"mv-trellis-img-26\" data-trellis-processed=\"1\"><div style=\"position: absolute; top: 0.5rem; right: 0.75rem;\"> <a href=\"https:\/\/www.pinterest.com\/pin\/create\/button\/\" data-pin-do=\"buttonPin\" data-pin-tall=\"true\" data-pin-url=\"https:\/\/flawlesshair.com\/pt\/cabelo-louro-de-comprimento-medio\/\" data-pin-media=\"https:\/\/flawlesshair.com\/wp-content\/uploads\/2023\/09\/Icy-Blonde-Hair-819x1024.jpg\" data-pin-description=\"45 Stunning Medium-Length Blonde Hair Trends For 2025\" rel=\"nofollow noopener\" target=\"_blank\"> <\/a><\/div><\/div><figcaption class=\"wp-element-caption\">@<a href=\"https:\/\/www.instagram.com\/misssamanthadoeshair\/\" target=\"_blank\" rel=\"noreferrer noopener nofollow\">misssamanthadoeshair<\/a><\/figcaption><\/figure>\n<\/div>\n\n\n<p>Se j\u00e1 tem uma juba loira, obter e manter o tom loiro gelado ser\u00e1 muito f\u00e1cil. Por outro lado, com uma base mais escura, ser\u00e1 um verdadeiro desafio conseguir esta tonalidade. <\/p>\n\n\n\n<p>\u00c9 preciso ter paci\u00eancia mas, acredite, quando vir o resultado final, vai perceber que valeu a pena. <\/p>\n\n\n\n<h2 class=\"wp-block-heading\">27. Louro camomila<\/h2>\n\n\n<div class=\"wp-block-image\">\n<figure class=\"aligncenter size-large\"><div style=\"position: relative;\"><noscript><img loading=\"lazy\" decoding=\"async\" width=\"819\" height=\"1024\" src=\"https:\/\/flawlesshair.com\/wp-content\/uploads\/2023\/10\/Chamomile-Blonde-819x1024.jpg\" alt=\"Louro camomila\" class=\"wp-image-23974\" srcset=\"https:\/\/flawlesshair.com\/wp-content\/uploads\/2023\/10\/Chamomile-Blonde-819x1024.jpg 819w, https:\/\/flawlesshair.com\/wp-content\/uploads\/2023\/10\/Chamomile-Blonde-240x300.jpg 240w, https:\/\/flawlesshair.com\/wp-content\/uploads\/2023\/10\/Chamomile-Blonde-768x960.jpg 768w, https:\/\/flawlesshair.com\/wp-content\/uploads\/2023\/10\/Chamomile-Blonde-864x1080.jpg 864w, https:\/\/flawlesshair.com\/wp-content\/uploads\/2023\/10\/Chamomile-Blonde-960x1200.jpg 960w, https:\/\/flawlesshair.com\/wp-content\/uploads\/2023\/10\/Chamomile-Blonde.jpg 1080w\" sizes=\"auto, (max-width: 760px) calc(100vw - 24px), 720px\"><\/noscript><img loading=\"lazy\" decoding=\"async\" width=\"819\" height=\"1024\" src=\"https:\/\/flawlesshair.com\/wp-content\/uploads\/2023\/10\/Chamomile-Blonde-819x1024.jpg\" alt=\"Louro camomila\" class=\"wp-image-23974 lazyload\" srcset=\"https:\/\/flawlesshair.com\/wp-content\/uploads\/2023\/10\/Chamomile-Blonde-819x1024.jpg 819w, https:\/\/flawlesshair.com\/wp-content\/uploads\/2023\/10\/Chamomile-Blonde-240x300.jpg 240w, https:\/\/flawlesshair.com\/wp-content\/uploads\/2023\/10\/Chamomile-Blonde-768x960.jpg 768w, https:\/\/flawlesshair.com\/wp-content\/uploads\/2023\/10\/Chamomile-Blonde-864x1080.jpg 864w, https:\/\/flawlesshair.com\/wp-content\/uploads\/2023\/10\/Chamomile-Blonde-960x1200.jpg 960w, https:\/\/flawlesshair.com\/wp-content\/uploads\/2023\/10\/Chamomile-Blonde.jpg 1080w\" sizes=\"auto, (max-width: 760px) calc(100vw - 24px), 720px\" data-pin-media=\"https:\/\/flawlesshair.com\/wp-content\/uploads\/2023\/10\/Chamomile-Blonde.jpg\" id=\"mv-trellis-img-27\" data-trellis-processed=\"1\"><div style=\"position: absolute; top: 0.5rem; right: 0.75rem;\"> <a href=\"https:\/\/www.pinterest.com\/pin\/create\/button\/\" data-pin-do=\"buttonPin\" data-pin-tall=\"true\" data-pin-url=\"https:\/\/flawlesshair.com\/pt\/cabelo-louro-de-comprimento-medio\/\" data-pin-media=\"https:\/\/flawlesshair.com\/wp-content\/uploads\/2023\/10\/Chamomile-Blonde-819x1024.jpg\" data-pin-description=\"45 Stunning Medium-Length Blonde Hair Trends For 2025\" rel=\"nofollow noopener\" target=\"_blank\"> <\/a><\/div><\/div><figcaption class=\"wp-element-caption\">@<a href=\"https:\/\/www.instagram.com\/jessiegbeauty\/\" target=\"_blank\" rel=\"noreferrer noopener nofollow\">jessiegbeauty<\/a><\/figcaption><\/figure>\n<\/div>\n\n\n<p>O loiro camomila pertence ao grupo dos loiros platinados. No entanto, \u00e9 muito mais quente do que outros tons platinados e \u00e9 especialmente bom para a cobertura de cabelos grisalhos. <\/p>\n\n\n\n<h2 class=\"wp-block-heading\">28. Cabelo louro mel <\/h2>\n\n\n<div class=\"wp-block-image\">\n<figure class=\"aligncenter size-large\"><div style=\"position: relative;\"><noscript><img loading=\"lazy\" decoding=\"async\" width=\"1024\" height=\"1024\" src=\"https:\/\/flawlesshair.com\/wp-content\/uploads\/2023\/09\/honey-blonde-hair-1024x1024.jpg\" alt=\"cabelo louro mel\" class=\"wp-image-23858\" srcset=\"https:\/\/flawlesshair.com\/wp-content\/uploads\/2023\/09\/honey-blonde-hair-1024x1024.jpg 1024w, https:\/\/flawlesshair.com\/wp-content\/uploads\/2023\/09\/honey-blonde-hair-300x300.jpg 300w, https:\/\/flawlesshair.com\/wp-content\/uploads\/2023\/09\/honey-blonde-hair-150x150.jpg 150w, https:\/\/flawlesshair.com\/wp-content\/uploads\/2023\/09\/honey-blonde-hair-768x768.jpg 768w, https:\/\/flawlesshair.com\/wp-content\/uploads\/2023\/09\/honey-blonde-hair-728x728.jpg 728w, https:\/\/flawlesshair.com\/wp-content\/uploads\/2023\/09\/honey-blonde-hair-960x960.jpg 960w, https:\/\/flawlesshair.com\/wp-content\/uploads\/2023\/09\/honey-blonde-hair.jpg 1080w\" sizes=\"auto, (max-width: 760px) calc(100vw - 24px), 720px\"><\/noscript><img loading=\"lazy\" decoding=\"async\" width=\"1024\" height=\"1024\" src=\"https:\/\/flawlesshair.com\/wp-content\/uploads\/2023\/09\/honey-blonde-hair-1024x1024.jpg\" alt=\"cabelo louro mel\" class=\"wp-image-23858 lazyload\" srcset=\"https:\/\/flawlesshair.com\/wp-content\/uploads\/2023\/09\/honey-blonde-hair-1024x1024.jpg 1024w, https:\/\/flawlesshair.com\/wp-content\/uploads\/2023\/09\/honey-blonde-hair-300x300.jpg 300w, https:\/\/flawlesshair.com\/wp-content\/uploads\/2023\/09\/honey-blonde-hair-150x150.jpg 150w, https:\/\/flawlesshair.com\/wp-content\/uploads\/2023\/09\/honey-blonde-hair-768x768.jpg 768w, https:\/\/flawlesshair.com\/wp-content\/uploads\/2023\/09\/honey-blonde-hair-728x728.jpg 728w, https:\/\/flawlesshair.com\/wp-content\/uploads\/2023\/09\/honey-blonde-hair-960x960.jpg 960w, https:\/\/flawlesshair.com\/wp-content\/uploads\/2023\/09\/honey-blonde-hair.jpg 1080w\" sizes=\"auto, (max-width: 760px) calc(100vw - 24px), 720px\" data-pin-media=\"https:\/\/flawlesshair.com\/wp-content\/uploads\/2023\/09\/honey-blonde-hair.jpg\" id=\"mv-trellis-img-28\" data-trellis-processed=\"1\"><div style=\"position: absolute; top: 0.5rem; right: 0.75rem;\"> <a href=\"https:\/\/www.pinterest.com\/pin\/create\/button\/\" data-pin-do=\"buttonPin\" data-pin-tall=\"true\" data-pin-url=\"https:\/\/flawlesshair.com\/pt\/cabelo-louro-de-comprimento-medio\/\" data-pin-media=\"https:\/\/flawlesshair.com\/wp-content\/uploads\/2023\/09\/honey-blonde-hair-1024x1024.jpg\" data-pin-description=\"45 Stunning Medium-Length Blonde Hair Trends For 2025\" rel=\"nofollow noopener\" target=\"_blank\"> <\/a><\/div><\/div><figcaption class=\"wp-element-caption\">@<a href=\"https:\/\/www.instagram.com\/voiceofhair\/\" target=\"_blank\" rel=\"noreferrer noopener nofollow\">voz do cabelo<\/a><\/figcaption><\/figure>\n<\/div>\n\n\n<p>A maioria dos cabeleireiros diz que o calor do seu tom de pele complementa o calor do seu cabelo e, embora eu nem sempre concorde com isso, neste caso, \u00e9 mesmo verdade. <a href=\"https:\/\/flawlesshair.com\/pt\/cabelo-louro-mel\/\">Louro mel<\/a> A cor favorece a maioria das mulheres com tons de pele quentes, como o vermelho e o amarelo. <\/p>\n\n\n\n<h2 class=\"wp-block-heading\">29. Cabelo louro de comprimento m\u00e9dio com franja<\/h2>\n\n\n<div class=\"wp-block-image\">\n<figure class=\"aligncenter size-large\"><div style=\"position: relative;\"><noscript><img loading=\"lazy\" decoding=\"async\" width=\"819\" height=\"1024\" src=\"https:\/\/flawlesshair.com\/wp-content\/uploads\/2023\/09\/Medium-Length-Blonde-Hair-With-Bangs-819x1024.jpg\" alt=\"Cabelo louro de comprimento m\u00e9dio com franja\" class=\"wp-image-23786\" srcset=\"https:\/\/flawlesshair.com\/wp-content\/uploads\/2023\/09\/Medium-Length-Blonde-Hair-With-Bangs-819x1024.jpg 819w, https:\/\/flawlesshair.com\/wp-content\/uploads\/2023\/09\/Medium-Length-Blonde-Hair-With-Bangs-240x300.jpg 240w, https:\/\/flawlesshair.com\/wp-content\/uploads\/2023\/09\/Medium-Length-Blonde-Hair-With-Bangs-768x960.jpg 768w, https:\/\/flawlesshair.com\/wp-content\/uploads\/2023\/09\/Medium-Length-Blonde-Hair-With-Bangs-864x1080.jpg 864w, https:\/\/flawlesshair.com\/wp-content\/uploads\/2023\/09\/Medium-Length-Blonde-Hair-With-Bangs-960x1200.jpg 960w, https:\/\/flawlesshair.com\/wp-content\/uploads\/2023\/09\/Medium-Length-Blonde-Hair-With-Bangs.jpg 1080w\" sizes=\"auto, (max-width: 760px) calc(100vw - 24px), 720px\"><\/noscript><img loading=\"lazy\" decoding=\"async\" width=\"819\" height=\"1024\" src=\"https:\/\/flawlesshair.com\/wp-content\/uploads\/2023\/09\/Medium-Length-Blonde-Hair-With-Bangs-819x1024.jpg\" alt=\"Cabelo louro de comprimento m\u00e9dio com franja\" class=\"wp-image-23786 lazyload\" srcset=\"https:\/\/flawlesshair.com\/wp-content\/uploads\/2023\/09\/Medium-Length-Blonde-Hair-With-Bangs-819x1024.jpg 819w, https:\/\/flawlesshair.com\/wp-content\/uploads\/2023\/09\/Medium-Length-Blonde-Hair-With-Bangs-240x300.jpg 240w, https:\/\/flawlesshair.com\/wp-content\/uploads\/2023\/09\/Medium-Length-Blonde-Hair-With-Bangs-768x960.jpg 768w, https:\/\/flawlesshair.com\/wp-content\/uploads\/2023\/09\/Medium-Length-Blonde-Hair-With-Bangs-864x1080.jpg 864w, https:\/\/flawlesshair.com\/wp-content\/uploads\/2023\/09\/Medium-Length-Blonde-Hair-With-Bangs-960x1200.jpg 960w, https:\/\/flawlesshair.com\/wp-content\/uploads\/2023\/09\/Medium-Length-Blonde-Hair-With-Bangs.jpg 1080w\" sizes=\"auto, (max-width: 760px) calc(100vw - 24px), 720px\" data-pin-media=\"https:\/\/flawlesshair.com\/wp-content\/uploads\/2023\/09\/Medium-Length-Blonde-Hair-With-Bangs.jpg\" id=\"mv-trellis-img-29\" data-trellis-processed=\"1\"><div style=\"position: absolute; top: 0.5rem; right: 0.75rem;\"> <a href=\"https:\/\/www.pinterest.com\/pin\/create\/button\/\" data-pin-do=\"buttonPin\" data-pin-tall=\"true\" data-pin-url=\"https:\/\/flawlesshair.com\/pt\/cabelo-louro-de-comprimento-medio\/\" data-pin-media=\"https:\/\/flawlesshair.com\/wp-content\/uploads\/2023\/09\/Medium-Length-Blonde-Hair-With-Bangs-819x1024.jpg\" data-pin-description=\"45 Stunning Medium-Length Blonde Hair Trends For 2025\" rel=\"nofollow noopener\" target=\"_blank\"> <\/a><\/div><\/div><figcaption class=\"wp-element-caption\">@<a href=\"https:\/\/www.instagram.com\/allinanney\/\" target=\"_blank\" rel=\"noreferrer noopener nofollow\">allinanney<\/a><\/figcaption><\/figure>\n<\/div>\n\n\n<p>As franjas s\u00e3o sempre uma \u00f3ptima ideia para apimentar o seu penteado. Se o seu cabelo \u00e9 fino e parece um pouco estragado depois da descolora\u00e7\u00e3o, arranje uma franja porque ela tem realmente o poder de fazer com que o cabelo pare\u00e7a mais cheio e saud\u00e1vel.  <\/p>\n\n\n\n<h2 class=\"wp-block-heading\">30. Madeixas loiras e luzes baixas em cabelo castanho <\/h2>\n\n\n<div class=\"wp-block-image\">\n<figure class=\"aligncenter size-large\"><div style=\"position: relative;\"><noscript><img loading=\"lazy\" decoding=\"async\" width=\"930\" height=\"1024\" src=\"https:\/\/flawlesshair.com\/wp-content\/uploads\/2023\/09\/Blonde-Highlights-And-Lowlights-On-Brown-Hair-930x1024.jpg\" alt=\"Madeixas loiras e madeixas baixas em cabelo castanho \" class=\"wp-image-23784\" srcset=\"https:\/\/flawlesshair.com\/wp-content\/uploads\/2023\/09\/Blonde-Highlights-And-Lowlights-On-Brown-Hair-930x1024.jpg 930w, https:\/\/flawlesshair.com\/wp-content\/uploads\/2023\/09\/Blonde-Highlights-And-Lowlights-On-Brown-Hair-272x300.jpg 272w, https:\/\/flawlesshair.com\/wp-content\/uploads\/2023\/09\/Blonde-Highlights-And-Lowlights-On-Brown-Hair-768x846.jpg 768w, https:\/\/flawlesshair.com\/wp-content\/uploads\/2023\/09\/Blonde-Highlights-And-Lowlights-On-Brown-Hair-872x960.jpg 872w, https:\/\/flawlesshair.com\/wp-content\/uploads\/2023\/09\/Blonde-Highlights-And-Lowlights-On-Brown-Hair-981x1080.jpg 981w, https:\/\/flawlesshair.com\/wp-content\/uploads\/2023\/09\/Blonde-Highlights-And-Lowlights-On-Brown-Hair.jpg 1080w\" sizes=\"auto, (max-width: 760px) calc(100vw - 24px), 720px\"><\/noscript><img loading=\"lazy\" decoding=\"async\" width=\"930\" height=\"1024\" src=\"https:\/\/flawlesshair.com\/wp-content\/uploads\/2023\/09\/Blonde-Highlights-And-Lowlights-On-Brown-Hair-930x1024.jpg\" alt=\"Madeixas loiras e madeixas baixas em cabelo castanho \" class=\"wp-image-23784 lazyload\" srcset=\"https:\/\/flawlesshair.com\/wp-content\/uploads\/2023\/09\/Blonde-Highlights-And-Lowlights-On-Brown-Hair-930x1024.jpg 930w, https:\/\/flawlesshair.com\/wp-content\/uploads\/2023\/09\/Blonde-Highlights-And-Lowlights-On-Brown-Hair-272x300.jpg 272w, https:\/\/flawlesshair.com\/wp-content\/uploads\/2023\/09\/Blonde-Highlights-And-Lowlights-On-Brown-Hair-768x846.jpg 768w, https:\/\/flawlesshair.com\/wp-content\/uploads\/2023\/09\/Blonde-Highlights-And-Lowlights-On-Brown-Hair-872x960.jpg 872w, https:\/\/flawlesshair.com\/wp-content\/uploads\/2023\/09\/Blonde-Highlights-And-Lowlights-On-Brown-Hair-981x1080.jpg 981w, https:\/\/flawlesshair.com\/wp-content\/uploads\/2023\/09\/Blonde-Highlights-And-Lowlights-On-Brown-Hair.jpg 1080w\" sizes=\"auto, (max-width: 760px) calc(100vw - 24px), 720px\" data-pin-media=\"https:\/\/flawlesshair.com\/wp-content\/uploads\/2023\/09\/Blonde-Highlights-And-Lowlights-On-Brown-Hair.jpg\" id=\"mv-trellis-img-30\" data-trellis-processed=\"1\"><div style=\"position: absolute; top: 0.5rem; right: 0.75rem;\"> <a href=\"https:\/\/www.pinterest.com\/pin\/create\/button\/\" data-pin-do=\"buttonPin\" data-pin-tall=\"true\" data-pin-url=\"https:\/\/flawlesshair.com\/pt\/cabelo-louro-de-comprimento-medio\/\" data-pin-media=\"https:\/\/flawlesshair.com\/wp-content\/uploads\/2023\/09\/Blonde-Highlights-And-Lowlights-On-Brown-Hair-930x1024.jpg\" data-pin-description=\"45 Stunning Medium-Length Blonde Hair Trends For 2025\" rel=\"nofollow noopener\" target=\"_blank\"> <\/a><\/div><\/div><figcaption class=\"wp-element-caption\">@<a href=\"https:\/\/www.instagram.com\/hairstudio_madame_belma\/\" target=\"_blank\" rel=\"noreferrer noopener nofollow\">cabeleireiro_madame_belma<\/a><\/figcaption><\/figure>\n<\/div>\n\n\n<p>Se \u00e9 morena, a forma mais segura de melhorar a textura do seu cabelo <a href=\"https:\/\/flawlesshair.com\/pt\/cabelo-castanho-com-madeixas-louras-2\/\">o cabelo castanho \u00e9 atrav\u00e9s de madeixas loiras<\/a>. Al\u00e9m disso, se quiser enriquecer realmente o seu cabelo, adicionar-lhe algumas luzes baixas criar\u00e1 uma profundidade que aumentar\u00e1 instantaneamente o volume do seu cabelo. <\/p>\n\n\n\n<h2 class=\"wp-block-heading\">31. Cabelo M\u00e9dio Louro Sujo <\/h2>\n\n\n<div class=\"wp-block-image\">\n<figure class=\"aligncenter size-large\"><div style=\"position: relative;\"><noscript><img loading=\"lazy\" decoding=\"async\" width=\"1024\" height=\"1024\" src=\"https:\/\/flawlesshair.com\/wp-content\/uploads\/2023\/09\/dirty-blonde-medium-hair-1024x1024.jpg\" alt=\"cabelo m\u00e9dio louro sujo\" class=\"wp-image-23847\" srcset=\"https:\/\/flawlesshair.com\/wp-content\/uploads\/2023\/09\/dirty-blonde-medium-hair-1024x1024.jpg 1024w, https:\/\/flawlesshair.com\/wp-content\/uploads\/2023\/09\/dirty-blonde-medium-hair-300x300.jpg 300w, https:\/\/flawlesshair.com\/wp-content\/uploads\/2023\/09\/dirty-blonde-medium-hair-150x150.jpg 150w, https:\/\/flawlesshair.com\/wp-content\/uploads\/2023\/09\/dirty-blonde-medium-hair-768x768.jpg 768w, https:\/\/flawlesshair.com\/wp-content\/uploads\/2023\/09\/dirty-blonde-medium-hair-728x728.jpg 728w, https:\/\/flawlesshair.com\/wp-content\/uploads\/2023\/09\/dirty-blonde-medium-hair-960x960.jpg 960w, https:\/\/flawlesshair.com\/wp-content\/uploads\/2023\/09\/dirty-blonde-medium-hair.jpg 1080w\" sizes=\"auto, (max-width: 760px) calc(100vw - 24px), 720px\"><\/noscript><img loading=\"lazy\" decoding=\"async\" width=\"1024\" height=\"1024\" src=\"https:\/\/flawlesshair.com\/wp-content\/uploads\/2023\/09\/dirty-blonde-medium-hair-1024x1024.jpg\" alt=\"cabelo m\u00e9dio louro sujo\" class=\"wp-image-23847 lazyload\" srcset=\"https:\/\/flawlesshair.com\/wp-content\/uploads\/2023\/09\/dirty-blonde-medium-hair-1024x1024.jpg 1024w, https:\/\/flawlesshair.com\/wp-content\/uploads\/2023\/09\/dirty-blonde-medium-hair-300x300.jpg 300w, https:\/\/flawlesshair.com\/wp-content\/uploads\/2023\/09\/dirty-blonde-medium-hair-150x150.jpg 150w, https:\/\/flawlesshair.com\/wp-content\/uploads\/2023\/09\/dirty-blonde-medium-hair-768x768.jpg 768w, https:\/\/flawlesshair.com\/wp-content\/uploads\/2023\/09\/dirty-blonde-medium-hair-728x728.jpg 728w, https:\/\/flawlesshair.com\/wp-content\/uploads\/2023\/09\/dirty-blonde-medium-hair-960x960.jpg 960w, https:\/\/flawlesshair.com\/wp-content\/uploads\/2023\/09\/dirty-blonde-medium-hair.jpg 1080w\" sizes=\"auto, (max-width: 760px) calc(100vw - 24px), 720px\" data-pin-media=\"https:\/\/flawlesshair.com\/wp-content\/uploads\/2023\/09\/dirty-blonde-medium-hair.jpg\" id=\"mv-trellis-img-31\" data-trellis-processed=\"1\"><div style=\"position: absolute; top: 0.5rem; right: 0.75rem;\"> <a href=\"https:\/\/www.pinterest.com\/pin\/create\/button\/\" data-pin-do=\"buttonPin\" data-pin-tall=\"true\" data-pin-url=\"https:\/\/flawlesshair.com\/pt\/cabelo-louro-de-comprimento-medio\/\" data-pin-media=\"https:\/\/flawlesshair.com\/wp-content\/uploads\/2023\/09\/dirty-blonde-medium-hair-1024x1024.jpg\" data-pin-description=\"45 Stunning Medium-Length Blonde Hair Trends For 2025\" rel=\"nofollow noopener\" target=\"_blank\"> <\/a><\/div><\/div><figcaption class=\"wp-element-caption\">@<a href=\"https:\/\/www.instagram.com\/bryonycairnscolour\/\" target=\"_blank\" rel=\"noreferrer noopener nofollow\">bryonycairnscolour<\/a><\/figcaption><\/figure>\n<\/div>\n\n\n<p><a href=\"https:\/\/flawlesshair.com\/pt\/cabelo-loiro-sujo\/\">Loira suja<\/a> \u00e9 o meu tom de loiro preferido e quer saber porqu\u00ea? \u00c9 geralmente um tom que requer pouca manuten\u00e7\u00e3o, favorece todos os tons de pele e funciona perfeitamente como cobertura para cabelos grisalhos. <\/p>\n\n\n\n<h2 class=\"wp-block-heading\">32. Loira dos anos 90 <\/h2>\n\n\n<div class=\"wp-block-image\">\n<figure class=\"aligncenter size-large\"><div style=\"position: relative;\"><noscript><img loading=\"lazy\" decoding=\"async\" width=\"819\" height=\"1024\" src=\"https:\/\/flawlesshair.com\/wp-content\/uploads\/2023\/09\/the-90s-blonde-819x1024.jpg\" alt=\"a loira dos anos 90\" class=\"wp-image-23843\" srcset=\"https:\/\/flawlesshair.com\/wp-content\/uploads\/2023\/09\/the-90s-blonde-819x1024.jpg 819w, https:\/\/flawlesshair.com\/wp-content\/uploads\/2023\/09\/the-90s-blonde-240x300.jpg 240w, https:\/\/flawlesshair.com\/wp-content\/uploads\/2023\/09\/the-90s-blonde-768x960.jpg 768w, https:\/\/flawlesshair.com\/wp-content\/uploads\/2023\/09\/the-90s-blonde-864x1080.jpg 864w, https:\/\/flawlesshair.com\/wp-content\/uploads\/2023\/09\/the-90s-blonde-960x1200.jpg 960w, https:\/\/flawlesshair.com\/wp-content\/uploads\/2023\/09\/the-90s-blonde.jpg 1080w\" sizes=\"auto, (max-width: 760px) calc(100vw - 24px), 720px\"><\/noscript><img loading=\"lazy\" decoding=\"async\" width=\"819\" height=\"1024\" src=\"https:\/\/flawlesshair.com\/wp-content\/uploads\/2023\/09\/the-90s-blonde-819x1024.jpg\" alt=\"a loira dos anos 90\" class=\"wp-image-23843 lazyload\" srcset=\"https:\/\/flawlesshair.com\/wp-content\/uploads\/2023\/09\/the-90s-blonde-819x1024.jpg 819w, https:\/\/flawlesshair.com\/wp-content\/uploads\/2023\/09\/the-90s-blonde-240x300.jpg 240w, https:\/\/flawlesshair.com\/wp-content\/uploads\/2023\/09\/the-90s-blonde-768x960.jpg 768w, https:\/\/flawlesshair.com\/wp-content\/uploads\/2023\/09\/the-90s-blonde-864x1080.jpg 864w, https:\/\/flawlesshair.com\/wp-content\/uploads\/2023\/09\/the-90s-blonde-960x1200.jpg 960w, https:\/\/flawlesshair.com\/wp-content\/uploads\/2023\/09\/the-90s-blonde.jpg 1080w\" sizes=\"auto, (max-width: 760px) calc(100vw - 24px), 720px\" data-pin-media=\"https:\/\/flawlesshair.com\/wp-content\/uploads\/2023\/09\/the-90s-blonde.jpg\" id=\"mv-trellis-img-32\" data-trellis-processed=\"1\"><div style=\"position: absolute; top: 0.5rem; right: 0.75rem;\"> <a href=\"https:\/\/www.pinterest.com\/pin\/create\/button\/\" data-pin-do=\"buttonPin\" data-pin-tall=\"true\" data-pin-url=\"https:\/\/flawlesshair.com\/pt\/cabelo-louro-de-comprimento-medio\/\" data-pin-media=\"https:\/\/flawlesshair.com\/wp-content\/uploads\/2023\/09\/the-90s-blonde-819x1024.jpg\" data-pin-description=\"45 Stunning Medium-Length Blonde Hair Trends For 2025\" rel=\"nofollow noopener\" target=\"_blank\"> <\/a><\/div><\/div><figcaption class=\"wp-element-caption\">@<a href=\"https:\/\/www.instagram.com\/hairbylc_\/\" target=\"_blank\" rel=\"noreferrer noopener nofollow\">hairbylc_<\/a><\/figcaption><\/figure>\n<\/div>\n\n\n<p>O cabelo loiro fofo dos anos 90 est\u00e1 de volta e estou muito feliz com isso. Esta cor \u00e9 uma mistura de louro mel e louro praia e tem um aspeto muito elegante e cheio de estilo. <\/p>\n\n\n\n<h2 class=\"wp-block-heading\">33. Cabelo loiro acinzentado <\/h2>\n\n\n<div class=\"wp-block-image\">\n<figure class=\"aligncenter size-large\"><div style=\"position: relative;\"><noscript><img loading=\"lazy\" decoding=\"async\" width=\"819\" height=\"1024\" src=\"https:\/\/flawlesshair.com\/wp-content\/uploads\/2023\/10\/Ash-Blonde-Hair-819x1024.jpg\" alt=\"Cabelo louro acinzentado \" class=\"wp-image-23875\" srcset=\"https:\/\/flawlesshair.com\/wp-content\/uploads\/2023\/10\/Ash-Blonde-Hair-819x1024.jpg 819w, https:\/\/flawlesshair.com\/wp-content\/uploads\/2023\/10\/Ash-Blonde-Hair-240x300.jpg 240w, https:\/\/flawlesshair.com\/wp-content\/uploads\/2023\/10\/Ash-Blonde-Hair-768x960.jpg 768w, https:\/\/flawlesshair.com\/wp-content\/uploads\/2023\/10\/Ash-Blonde-Hair-864x1080.jpg 864w, https:\/\/flawlesshair.com\/wp-content\/uploads\/2023\/10\/Ash-Blonde-Hair-960x1200.jpg 960w, https:\/\/flawlesshair.com\/wp-content\/uploads\/2023\/10\/Ash-Blonde-Hair.jpg 1080w\" sizes=\"auto, (max-width: 760px) calc(100vw - 24px), 720px\"><\/noscript><img loading=\"lazy\" decoding=\"async\" width=\"819\" height=\"1024\" src=\"https:\/\/flawlesshair.com\/wp-content\/uploads\/2023\/10\/Ash-Blonde-Hair-819x1024.jpg\" alt=\"Cabelo louro acinzentado \" class=\"wp-image-23875 lazyload\" srcset=\"https:\/\/flawlesshair.com\/wp-content\/uploads\/2023\/10\/Ash-Blonde-Hair-819x1024.jpg 819w, https:\/\/flawlesshair.com\/wp-content\/uploads\/2023\/10\/Ash-Blonde-Hair-240x300.jpg 240w, https:\/\/flawlesshair.com\/wp-content\/uploads\/2023\/10\/Ash-Blonde-Hair-768x960.jpg 768w, https:\/\/flawlesshair.com\/wp-content\/uploads\/2023\/10\/Ash-Blonde-Hair-864x1080.jpg 864w, https:\/\/flawlesshair.com\/wp-content\/uploads\/2023\/10\/Ash-Blonde-Hair-960x1200.jpg 960w, https:\/\/flawlesshair.com\/wp-content\/uploads\/2023\/10\/Ash-Blonde-Hair.jpg 1080w\" sizes=\"auto, (max-width: 760px) calc(100vw - 24px), 720px\" data-pin-media=\"https:\/\/flawlesshair.com\/wp-content\/uploads\/2023\/10\/Ash-Blonde-Hair.jpg\" id=\"mv-trellis-img-33\" data-trellis-processed=\"1\"><div style=\"position: absolute; top: 0.5rem; right: 0.75rem;\"> <a href=\"https:\/\/www.pinterest.com\/pin\/create\/button\/\" data-pin-do=\"buttonPin\" data-pin-tall=\"true\" data-pin-url=\"https:\/\/flawlesshair.com\/pt\/cabelo-louro-de-comprimento-medio\/\" data-pin-media=\"https:\/\/flawlesshair.com\/wp-content\/uploads\/2023\/10\/Ash-Blonde-Hair-819x1024.jpg\" data-pin-description=\"45 Stunning Medium-Length Blonde Hair Trends For 2025\" rel=\"nofollow noopener\" target=\"_blank\"> <\/a><\/div><\/div><figcaption class=\"wp-element-caption\">@<a href=\"https:\/\/www.instagram.com\/damahairstudio\/\" target=\"_blank\" rel=\"noreferrer noopener nofollow\">damahairstudio<\/a><\/figcaption><\/figure>\n<\/div>\n\n\n<p>Se tem um tom laranja natural, deve optar por <a href=\"https:\/\/flawlesshair.com\/pt\/cabelo-louro-acinzentado\/\">o tom cinza do louro<\/a> porque tem o poder de neutralizar esses tons indesejados. <\/p>\n\n\n\n<h2 class=\"wp-block-heading\">34. Sandy Blonde <\/h2>\n\n\n<div class=\"wp-block-image\">\n<figure class=\"aligncenter size-large\"><div style=\"position: relative;\"><noscript><img loading=\"lazy\" decoding=\"async\" width=\"1024\" height=\"1024\" src=\"https:\/\/flawlesshair.com\/wp-content\/uploads\/2023\/10\/Sandy-Blonde-1024x1024.jpg\" alt=\"Sandy Blonde \" class=\"wp-image-23952\" srcset=\"https:\/\/flawlesshair.com\/wp-content\/uploads\/2023\/10\/Sandy-Blonde-1024x1024.jpg 1024w, https:\/\/flawlesshair.com\/wp-content\/uploads\/2023\/10\/Sandy-Blonde-300x300.jpg 300w, https:\/\/flawlesshair.com\/wp-content\/uploads\/2023\/10\/Sandy-Blonde-150x150.jpg 150w, https:\/\/flawlesshair.com\/wp-content\/uploads\/2023\/10\/Sandy-Blonde-768x768.jpg 768w, https:\/\/flawlesshair.com\/wp-content\/uploads\/2023\/10\/Sandy-Blonde-728x728.jpg 728w, https:\/\/flawlesshair.com\/wp-content\/uploads\/2023\/10\/Sandy-Blonde-960x960.jpg 960w, https:\/\/flawlesshair.com\/wp-content\/uploads\/2023\/10\/Sandy-Blonde.jpg 1080w\" sizes=\"auto, (max-width: 760px) calc(100vw - 24px), 720px\"><\/noscript><img loading=\"lazy\" decoding=\"async\" width=\"1024\" height=\"1024\" src=\"https:\/\/flawlesshair.com\/wp-content\/uploads\/2023\/10\/Sandy-Blonde-1024x1024.jpg\" alt=\"Sandy Blonde \" class=\"wp-image-23952 lazyload\" srcset=\"https:\/\/flawlesshair.com\/wp-content\/uploads\/2023\/10\/Sandy-Blonde-1024x1024.jpg 1024w, https:\/\/flawlesshair.com\/wp-content\/uploads\/2023\/10\/Sandy-Blonde-300x300.jpg 300w, https:\/\/flawlesshair.com\/wp-content\/uploads\/2023\/10\/Sandy-Blonde-150x150.jpg 150w, https:\/\/flawlesshair.com\/wp-content\/uploads\/2023\/10\/Sandy-Blonde-768x768.jpg 768w, https:\/\/flawlesshair.com\/wp-content\/uploads\/2023\/10\/Sandy-Blonde-728x728.jpg 728w, https:\/\/flawlesshair.com\/wp-content\/uploads\/2023\/10\/Sandy-Blonde-960x960.jpg 960w, https:\/\/flawlesshair.com\/wp-content\/uploads\/2023\/10\/Sandy-Blonde.jpg 1080w\" sizes=\"auto, (max-width: 760px) calc(100vw - 24px), 720px\" data-pin-media=\"https:\/\/flawlesshair.com\/wp-content\/uploads\/2023\/10\/Sandy-Blonde.jpg\" id=\"mv-trellis-img-34\" data-trellis-processed=\"1\"><div style=\"position: absolute; top: 0.5rem; right: 0.75rem;\"> <a href=\"https:\/\/www.pinterest.com\/pin\/create\/button\/\" data-pin-do=\"buttonPin\" data-pin-tall=\"true\" data-pin-url=\"https:\/\/flawlesshair.com\/pt\/cabelo-louro-de-comprimento-medio\/\" data-pin-media=\"https:\/\/flawlesshair.com\/wp-content\/uploads\/2023\/10\/Sandy-Blonde-1024x1024.jpg\" data-pin-description=\"45 Stunning Medium-Length Blonde Hair Trends For 2025\" rel=\"nofollow noopener\" target=\"_blank\"> <\/a><\/div><\/div><figcaption class=\"wp-element-caption\">@<a href=\"https:\/\/www.instagram.com\/brittanydanaehair\/\" target=\"_blank\" rel=\"noreferrer noopener nofollow\">brittanydanaehair<\/a><\/figcaption><\/figure>\n<\/div>\n\n\n<p>Na minha opini\u00e3o, \u00e9 o tom de loiro mais bonito. Al\u00e9m disso, vou contar-te um segredo, shh... O loiro sujo pode fazer com que a tua pele pare\u00e7a bronzeada. <\/p>\n\n\n\n<h2 class=\"wp-block-heading\">35. Cabelo Louro Prateado Gelado&nbsp;<\/h2>\n\n\n<div class=\"wp-block-image\">\n<figure class=\"aligncenter size-large\"><div style=\"position: relative;\"><noscript><img loading=\"lazy\" decoding=\"async\" width=\"822\" height=\"1024\" src=\"https:\/\/flawlesshair.com\/wp-content\/uploads\/2023\/09\/Icy-silver-blonde-hair-822x1024.jpg\" alt=\"Cabelo louro-prateado gelado \" class=\"wp-image-23854\" srcset=\"https:\/\/flawlesshair.com\/wp-content\/uploads\/2023\/09\/Icy-silver-blonde-hair-822x1024.jpg 822w, https:\/\/flawlesshair.com\/wp-content\/uploads\/2023\/09\/Icy-silver-blonde-hair-241x300.jpg 241w, https:\/\/flawlesshair.com\/wp-content\/uploads\/2023\/09\/Icy-silver-blonde-hair-768x957.jpg 768w, https:\/\/flawlesshair.com\/wp-content\/uploads\/2023\/09\/Icy-silver-blonde-hair-770x960.jpg 770w, https:\/\/flawlesshair.com\/wp-content\/uploads\/2023\/09\/Icy-silver-blonde-hair-867x1080.jpg 867w, https:\/\/flawlesshair.com\/wp-content\/uploads\/2023\/09\/Icy-silver-blonde-hair-963x1200.jpg 963w, https:\/\/flawlesshair.com\/wp-content\/uploads\/2023\/09\/Icy-silver-blonde-hair.jpg 1080w\" sizes=\"auto, (max-width: 760px) calc(100vw - 24px), 720px\"><\/noscript><img loading=\"lazy\" decoding=\"async\" width=\"822\" height=\"1024\" src=\"https:\/\/flawlesshair.com\/wp-content\/uploads\/2023\/09\/Icy-silver-blonde-hair-822x1024.jpg\" alt=\"Cabelo louro-prateado gelado \" class=\"wp-image-23854 lazyload\" srcset=\"https:\/\/flawlesshair.com\/wp-content\/uploads\/2023\/09\/Icy-silver-blonde-hair-822x1024.jpg 822w, https:\/\/flawlesshair.com\/wp-content\/uploads\/2023\/09\/Icy-silver-blonde-hair-241x300.jpg 241w, https:\/\/flawlesshair.com\/wp-content\/uploads\/2023\/09\/Icy-silver-blonde-hair-768x957.jpg 768w, https:\/\/flawlesshair.com\/wp-content\/uploads\/2023\/09\/Icy-silver-blonde-hair-770x960.jpg 770w, https:\/\/flawlesshair.com\/wp-content\/uploads\/2023\/09\/Icy-silver-blonde-hair-867x1080.jpg 867w, https:\/\/flawlesshair.com\/wp-content\/uploads\/2023\/09\/Icy-silver-blonde-hair-963x1200.jpg 963w, https:\/\/flawlesshair.com\/wp-content\/uploads\/2023\/09\/Icy-silver-blonde-hair.jpg 1080w\" sizes=\"auto, (max-width: 760px) calc(100vw - 24px), 720px\" data-pin-media=\"https:\/\/flawlesshair.com\/wp-content\/uploads\/2023\/09\/Icy-silver-blonde-hair.jpg\" id=\"mv-trellis-img-35\" data-trellis-processed=\"1\"><div style=\"position: absolute; top: 0.5rem; right: 0.75rem;\"> <a href=\"https:\/\/www.pinterest.com\/pin\/create\/button\/\" data-pin-do=\"buttonPin\" data-pin-tall=\"true\" data-pin-url=\"https:\/\/flawlesshair.com\/pt\/cabelo-louro-de-comprimento-medio\/\" data-pin-media=\"https:\/\/flawlesshair.com\/wp-content\/uploads\/2023\/09\/Icy-silver-blonde-hair-822x1024.jpg\" data-pin-description=\"45 Stunning Medium-Length Blonde Hair Trends For 2025\" rel=\"nofollow noopener\" target=\"_blank\"> <\/a><\/div><\/div><figcaption class=\"wp-element-caption\">@<a href=\"https:\/\/www.instagram.com\/indola\/\" target=\"_blank\" rel=\"noreferrer noopener nofollow\">\u00edndola<\/a><\/figcaption><\/figure>\n<\/div>\n\n\n<p>Embora esta tonalidade a fa\u00e7a parecer uma fada, exige uma boa dose de manuten\u00e7\u00e3o. O louro prateado gelado \u00e9 propenso a tons acastanhados, o que significa que o champ\u00f4 roxo \u00e9 OBRIGAT\u00d3RIO e precisa de ser tonificado a cada 2-3 semanas.<\/p>\n\n\n\n<h2 class=\"wp-block-heading\">36. Loiro amanteigado <\/h2>\n\n\n<div class=\"wp-block-image\">\n<figure class=\"aligncenter size-large\"><div style=\"position: relative;\"><noscript><img loading=\"lazy\" decoding=\"async\" width=\"819\" height=\"1024\" src=\"https:\/\/flawlesshair.com\/wp-content\/uploads\/2023\/10\/Buttery-Blonde-819x1024.jpg\" alt=\"Louro amanteigado \" class=\"wp-image-23955\" srcset=\"https:\/\/flawlesshair.com\/wp-content\/uploads\/2023\/10\/Buttery-Blonde-819x1024.jpg 819w, https:\/\/flawlesshair.com\/wp-content\/uploads\/2023\/10\/Buttery-Blonde-240x300.jpg 240w, https:\/\/flawlesshair.com\/wp-content\/uploads\/2023\/10\/Buttery-Blonde-768x960.jpg 768w, https:\/\/flawlesshair.com\/wp-content\/uploads\/2023\/10\/Buttery-Blonde-864x1080.jpg 864w, https:\/\/flawlesshair.com\/wp-content\/uploads\/2023\/10\/Buttery-Blonde-960x1200.jpg 960w, https:\/\/flawlesshair.com\/wp-content\/uploads\/2023\/10\/Buttery-Blonde.jpg 1080w\" sizes=\"auto, (max-width: 760px) calc(100vw - 24px), 720px\"><\/noscript><img loading=\"lazy\" decoding=\"async\" width=\"819\" height=\"1024\" src=\"https:\/\/flawlesshair.com\/wp-content\/uploads\/2023\/10\/Buttery-Blonde-819x1024.jpg\" alt=\"Louro amanteigado \" class=\"wp-image-23955 lazyload\" srcset=\"https:\/\/flawlesshair.com\/wp-content\/uploads\/2023\/10\/Buttery-Blonde-819x1024.jpg 819w, https:\/\/flawlesshair.com\/wp-content\/uploads\/2023\/10\/Buttery-Blonde-240x300.jpg 240w, https:\/\/flawlesshair.com\/wp-content\/uploads\/2023\/10\/Buttery-Blonde-768x960.jpg 768w, https:\/\/flawlesshair.com\/wp-content\/uploads\/2023\/10\/Buttery-Blonde-864x1080.jpg 864w, https:\/\/flawlesshair.com\/wp-content\/uploads\/2023\/10\/Buttery-Blonde-960x1200.jpg 960w, https:\/\/flawlesshair.com\/wp-content\/uploads\/2023\/10\/Buttery-Blonde.jpg 1080w\" sizes=\"auto, (max-width: 760px) calc(100vw - 24px), 720px\" data-pin-media=\"https:\/\/flawlesshair.com\/wp-content\/uploads\/2023\/10\/Buttery-Blonde.jpg\" id=\"mv-trellis-img-36\" data-trellis-processed=\"1\"><div style=\"position: absolute; top: 0.5rem; right: 0.75rem;\"> <a href=\"https:\/\/www.pinterest.com\/pin\/create\/button\/\" data-pin-do=\"buttonPin\" data-pin-tall=\"true\" data-pin-url=\"https:\/\/flawlesshair.com\/pt\/cabelo-louro-de-comprimento-medio\/\" data-pin-media=\"https:\/\/flawlesshair.com\/wp-content\/uploads\/2023\/10\/Buttery-Blonde-819x1024.jpg\" data-pin-description=\"45 Stunning Medium-Length Blonde Hair Trends For 2025\" rel=\"nofollow noopener\" target=\"_blank\"> <\/a><\/div><\/div><figcaption class=\"wp-element-caption\">@<a href=\"https:\/\/www.instagram.com\/hairby_emmasinger\/\" target=\"_blank\" rel=\"noreferrer noopener nofollow\">cabelo por_emmascarar<\/a><\/figcaption><\/figure>\n<\/div>\n\n\n<p>Devido \u00e0 mistura de tons quentes e frios, o louro amanteigado \u00e9 um dos tons de louro com aspeto mais natural. <\/p>\n\n\n\n<h2 class=\"wp-block-heading\">37. Loiro de trigo <\/h2>\n\n\n<div class=\"wp-block-image\">\n<figure class=\"aligncenter size-large\"><div style=\"position: relative;\"><noscript><img loading=\"lazy\" decoding=\"async\" width=\"819\" height=\"1024\" src=\"https:\/\/flawlesshair.com\/wp-content\/uploads\/2023\/10\/Wheat-Blonde-819x1024.jpg\" alt=\"Loiro de trigo \" class=\"wp-image-23871\" srcset=\"https:\/\/flawlesshair.com\/wp-content\/uploads\/2023\/10\/Wheat-Blonde-819x1024.jpg 819w, https:\/\/flawlesshair.com\/wp-content\/uploads\/2023\/10\/Wheat-Blonde-240x300.jpg 240w, https:\/\/flawlesshair.com\/wp-content\/uploads\/2023\/10\/Wheat-Blonde-768x960.jpg 768w, https:\/\/flawlesshair.com\/wp-content\/uploads\/2023\/10\/Wheat-Blonde-864x1080.jpg 864w, https:\/\/flawlesshair.com\/wp-content\/uploads\/2023\/10\/Wheat-Blonde-960x1200.jpg 960w, https:\/\/flawlesshair.com\/wp-content\/uploads\/2023\/10\/Wheat-Blonde.jpg 1080w\" sizes=\"auto, (max-width: 760px) calc(100vw - 24px), 720px\"><\/noscript><img loading=\"lazy\" decoding=\"async\" width=\"819\" height=\"1024\" src=\"https:\/\/flawlesshair.com\/wp-content\/uploads\/2023\/10\/Wheat-Blonde-819x1024.jpg\" alt=\"Loiro de trigo \" class=\"wp-image-23871 lazyload\" srcset=\"https:\/\/flawlesshair.com\/wp-content\/uploads\/2023\/10\/Wheat-Blonde-819x1024.jpg 819w, https:\/\/flawlesshair.com\/wp-content\/uploads\/2023\/10\/Wheat-Blonde-240x300.jpg 240w, https:\/\/flawlesshair.com\/wp-content\/uploads\/2023\/10\/Wheat-Blonde-768x960.jpg 768w, https:\/\/flawlesshair.com\/wp-content\/uploads\/2023\/10\/Wheat-Blonde-864x1080.jpg 864w, https:\/\/flawlesshair.com\/wp-content\/uploads\/2023\/10\/Wheat-Blonde-960x1200.jpg 960w, https:\/\/flawlesshair.com\/wp-content\/uploads\/2023\/10\/Wheat-Blonde.jpg 1080w\" sizes=\"auto, (max-width: 760px) calc(100vw - 24px), 720px\" data-pin-media=\"https:\/\/flawlesshair.com\/wp-content\/uploads\/2023\/10\/Wheat-Blonde.jpg\" id=\"mv-trellis-img-37\" data-trellis-processed=\"1\"><div style=\"position: absolute; top: 0.5rem; right: 0.75rem;\"> <a href=\"https:\/\/www.pinterest.com\/pin\/create\/button\/\" data-pin-do=\"buttonPin\" data-pin-tall=\"true\" data-pin-url=\"https:\/\/flawlesshair.com\/pt\/cabelo-louro-de-comprimento-medio\/\" data-pin-media=\"https:\/\/flawlesshair.com\/wp-content\/uploads\/2023\/10\/Wheat-Blonde-819x1024.jpg\" data-pin-description=\"45 Stunning Medium-Length Blonde Hair Trends For 2025\" rel=\"nofollow noopener\" target=\"_blank\"> <\/a><\/div><\/div><figcaption class=\"wp-element-caption\">@<a href=\"https:\/\/www.instagram.com\/__novova_yana__\/\" target=\"_blank\" rel=\"noreferrer noopener nofollow\">__novova_yana__<\/a><\/figcaption><\/figure>\n<\/div>\n\n\n<p>A mistura de bege e louro amanteigado d\u00e1-lhe este fant\u00e1stico tom de trigo quente. \u00c9 o come\u00e7o perfeito para todas as futuras loiras indecisas. <\/p>\n\n\n\n<h2 class=\"wp-block-heading\">38. Louro Violeta Acinzentado <\/h2>\n\n\n<div class=\"wp-block-image\">\n<figure class=\"aligncenter size-large\"><div style=\"position: relative;\"><noscript><img loading=\"lazy\" decoding=\"async\" width=\"1024\" height=\"1024\" src=\"https:\/\/flawlesshair.com\/wp-content\/uploads\/2023\/10\/Ash-Violet-Blonde-1024x1024.jpg\" alt=\"Louro Violeta Acinzentado \" class=\"wp-image-23903\" srcset=\"https:\/\/flawlesshair.com\/wp-content\/uploads\/2023\/10\/Ash-Violet-Blonde-1024x1024.jpg 1024w, https:\/\/flawlesshair.com\/wp-content\/uploads\/2023\/10\/Ash-Violet-Blonde-300x300.jpg 300w, https:\/\/flawlesshair.com\/wp-content\/uploads\/2023\/10\/Ash-Violet-Blonde-150x150.jpg 150w, https:\/\/flawlesshair.com\/wp-content\/uploads\/2023\/10\/Ash-Violet-Blonde-768x768.jpg 768w, https:\/\/flawlesshair.com\/wp-content\/uploads\/2023\/10\/Ash-Violet-Blonde-728x728.jpg 728w, https:\/\/flawlesshair.com\/wp-content\/uploads\/2023\/10\/Ash-Violet-Blonde-960x960.jpg 960w, https:\/\/flawlesshair.com\/wp-content\/uploads\/2023\/10\/Ash-Violet-Blonde.jpg 1080w\" sizes=\"auto, (max-width: 760px) calc(100vw - 24px), 720px\"><\/noscript><img loading=\"lazy\" decoding=\"async\" width=\"1024\" height=\"1024\" src=\"https:\/\/flawlesshair.com\/wp-content\/uploads\/2023\/10\/Ash-Violet-Blonde-1024x1024.jpg\" alt=\"Louro Violeta Acinzentado \" class=\"wp-image-23903 lazyload\" srcset=\"https:\/\/flawlesshair.com\/wp-content\/uploads\/2023\/10\/Ash-Violet-Blonde-1024x1024.jpg 1024w, https:\/\/flawlesshair.com\/wp-content\/uploads\/2023\/10\/Ash-Violet-Blonde-300x300.jpg 300w, https:\/\/flawlesshair.com\/wp-content\/uploads\/2023\/10\/Ash-Violet-Blonde-150x150.jpg 150w, https:\/\/flawlesshair.com\/wp-content\/uploads\/2023\/10\/Ash-Violet-Blonde-768x768.jpg 768w, https:\/\/flawlesshair.com\/wp-content\/uploads\/2023\/10\/Ash-Violet-Blonde-728x728.jpg 728w, https:\/\/flawlesshair.com\/wp-content\/uploads\/2023\/10\/Ash-Violet-Blonde-960x960.jpg 960w, https:\/\/flawlesshair.com\/wp-content\/uploads\/2023\/10\/Ash-Violet-Blonde.jpg 1080w\" sizes=\"auto, (max-width: 760px) calc(100vw - 24px), 720px\" data-pin-media=\"https:\/\/flawlesshair.com\/wp-content\/uploads\/2023\/10\/Ash-Violet-Blonde.jpg\" id=\"mv-trellis-img-38\" data-trellis-processed=\"1\"><div style=\"position: absolute; top: 0.5rem; right: 0.75rem;\"> <a href=\"https:\/\/www.pinterest.com\/pin\/create\/button\/\" data-pin-do=\"buttonPin\" data-pin-tall=\"true\" data-pin-url=\"https:\/\/flawlesshair.com\/pt\/cabelo-louro-de-comprimento-medio\/\" data-pin-media=\"https:\/\/flawlesshair.com\/wp-content\/uploads\/2023\/10\/Ash-Violet-Blonde-1024x1024.jpg\" data-pin-description=\"45 Stunning Medium-Length Blonde Hair Trends For 2025\" rel=\"nofollow noopener\" target=\"_blank\"> <\/a><\/div><\/div><figcaption class=\"wp-element-caption\">@<a href=\"https:\/\/www.instagram.com\/studiodijanas\/\" target=\"_blank\" rel=\"noreferrer noopener nofollow\">studiodijanas<\/a><\/figcaption><\/figure>\n<\/div>\n\n\n<p>Se os seus fios grisalhos est\u00e3o a tornar-se cada vez mais vis\u00edveis e ainda n\u00e3o se sente preparada para os abra\u00e7ar, pode cobri-los com este tom de loiro. <\/p>\n\n\n\n<h2 class=\"wp-block-heading\">39. Cabelo Loiro com Gelo de Mirtilo <\/h2>\n\n\n<div class=\"wp-block-image\">\n<figure class=\"aligncenter size-large\"><div style=\"position: relative;\"><noscript><img loading=\"lazy\" decoding=\"async\" width=\"1024\" height=\"1024\" src=\"https:\/\/flawlesshair.com\/wp-content\/uploads\/2023\/10\/Blueberry-Ice-Blonde-Hair-1024x1024.jpg\" alt=\"Cabelo louro Blueberry Ice \" class=\"wp-image-23948\" srcset=\"https:\/\/flawlesshair.com\/wp-content\/uploads\/2023\/10\/Blueberry-Ice-Blonde-Hair-1024x1024.jpg 1024w, https:\/\/flawlesshair.com\/wp-content\/uploads\/2023\/10\/Blueberry-Ice-Blonde-Hair-300x300.jpg 300w, https:\/\/flawlesshair.com\/wp-content\/uploads\/2023\/10\/Blueberry-Ice-Blonde-Hair-150x150.jpg 150w, https:\/\/flawlesshair.com\/wp-content\/uploads\/2023\/10\/Blueberry-Ice-Blonde-Hair-768x768.jpg 768w, https:\/\/flawlesshair.com\/wp-content\/uploads\/2023\/10\/Blueberry-Ice-Blonde-Hair-728x728.jpg 728w, https:\/\/flawlesshair.com\/wp-content\/uploads\/2023\/10\/Blueberry-Ice-Blonde-Hair-960x960.jpg 960w, https:\/\/flawlesshair.com\/wp-content\/uploads\/2023\/10\/Blueberry-Ice-Blonde-Hair.jpg 1080w\" sizes=\"auto, (max-width: 760px) calc(100vw - 24px), 720px\"><\/noscript><img loading=\"lazy\" decoding=\"async\" width=\"1024\" height=\"1024\" src=\"https:\/\/flawlesshair.com\/wp-content\/uploads\/2023\/10\/Blueberry-Ice-Blonde-Hair-1024x1024.jpg\" alt=\"Cabelo louro Blueberry Ice \" class=\"wp-image-23948 lazyload\" srcset=\"https:\/\/flawlesshair.com\/wp-content\/uploads\/2023\/10\/Blueberry-Ice-Blonde-Hair-1024x1024.jpg 1024w, https:\/\/flawlesshair.com\/wp-content\/uploads\/2023\/10\/Blueberry-Ice-Blonde-Hair-300x300.jpg 300w, https:\/\/flawlesshair.com\/wp-content\/uploads\/2023\/10\/Blueberry-Ice-Blonde-Hair-150x150.jpg 150w, https:\/\/flawlesshair.com\/wp-content\/uploads\/2023\/10\/Blueberry-Ice-Blonde-Hair-768x768.jpg 768w, https:\/\/flawlesshair.com\/wp-content\/uploads\/2023\/10\/Blueberry-Ice-Blonde-Hair-728x728.jpg 728w, https:\/\/flawlesshair.com\/wp-content\/uploads\/2023\/10\/Blueberry-Ice-Blonde-Hair-960x960.jpg 960w, https:\/\/flawlesshair.com\/wp-content\/uploads\/2023\/10\/Blueberry-Ice-Blonde-Hair.jpg 1080w\" sizes=\"auto, (max-width: 760px) calc(100vw - 24px), 720px\" data-pin-media=\"https:\/\/flawlesshair.com\/wp-content\/uploads\/2023\/10\/Blueberry-Ice-Blonde-Hair.jpg\" id=\"mv-trellis-img-39\" data-trellis-processed=\"1\"><div style=\"position: absolute; top: 0.5rem; right: 0.75rem;\"> <a href=\"https:\/\/www.pinterest.com\/pin\/create\/button\/\" data-pin-do=\"buttonPin\" data-pin-tall=\"true\" data-pin-url=\"https:\/\/flawlesshair.com\/pt\/cabelo-louro-de-comprimento-medio\/\" data-pin-media=\"https:\/\/flawlesshair.com\/wp-content\/uploads\/2023\/10\/Blueberry-Ice-Blonde-Hair-1024x1024.jpg\" data-pin-description=\"45 Stunning Medium-Length Blonde Hair Trends For 2025\" rel=\"nofollow noopener\" target=\"_blank\"> <\/a><\/div><\/div><figcaption class=\"wp-element-caption\">@<a href=\"https:\/\/www.instagram.com\/hairbylizzielane\/\" target=\"_blank\" rel=\"noreferrer noopener nofollow\">cabelobylizzielane<\/a><\/figcaption><\/figure>\n<\/div>\n\n\n<p>Se est\u00e1 \u00e0 procura de um tom de louro que a fa\u00e7a parecer mais jovem, este \u00e9 sem d\u00favida o mais indicado. Fica especialmente bem em mulheres com pele clara e olhos azuis. <\/p>\n\n\n\n<h2 class=\"wp-block-heading\">40. Penteado louro com l\u00f3bulo <\/h2>\n\n\n<div class=\"wp-block-image\">\n<figure class=\"aligncenter size-large\"><div style=\"position: relative;\"><noscript><img loading=\"lazy\" decoding=\"async\" width=\"819\" height=\"1024\" src=\"https:\/\/flawlesshair.com\/wp-content\/uploads\/2023\/10\/Blonde-Lob-Hairstyle-819x1024.jpg\" alt=\"Penteado louro com l\u00f3bulo \" class=\"wp-image-23959\" srcset=\"https:\/\/flawlesshair.com\/wp-content\/uploads\/2023\/10\/Blonde-Lob-Hairstyle-819x1024.jpg 819w, https:\/\/flawlesshair.com\/wp-content\/uploads\/2023\/10\/Blonde-Lob-Hairstyle-240x300.jpg 240w, https:\/\/flawlesshair.com\/wp-content\/uploads\/2023\/10\/Blonde-Lob-Hairstyle-768x960.jpg 768w, https:\/\/flawlesshair.com\/wp-content\/uploads\/2023\/10\/Blonde-Lob-Hairstyle-864x1080.jpg 864w, https:\/\/flawlesshair.com\/wp-content\/uploads\/2023\/10\/Blonde-Lob-Hairstyle-960x1200.jpg 960w, https:\/\/flawlesshair.com\/wp-content\/uploads\/2023\/10\/Blonde-Lob-Hairstyle.jpg 1080w\" sizes=\"auto, (max-width: 760px) calc(100vw - 24px), 720px\"><\/noscript><img loading=\"lazy\" decoding=\"async\" width=\"819\" height=\"1024\" src=\"https:\/\/flawlesshair.com\/wp-content\/uploads\/2023\/10\/Blonde-Lob-Hairstyle-819x1024.jpg\" alt=\"Penteado louro com l\u00f3bulo \" class=\"wp-image-23959 lazyload\" srcset=\"https:\/\/flawlesshair.com\/wp-content\/uploads\/2023\/10\/Blonde-Lob-Hairstyle-819x1024.jpg 819w, https:\/\/flawlesshair.com\/wp-content\/uploads\/2023\/10\/Blonde-Lob-Hairstyle-240x300.jpg 240w, https:\/\/flawlesshair.com\/wp-content\/uploads\/2023\/10\/Blonde-Lob-Hairstyle-768x960.jpg 768w, https:\/\/flawlesshair.com\/wp-content\/uploads\/2023\/10\/Blonde-Lob-Hairstyle-864x1080.jpg 864w, https:\/\/flawlesshair.com\/wp-content\/uploads\/2023\/10\/Blonde-Lob-Hairstyle-960x1200.jpg 960w, https:\/\/flawlesshair.com\/wp-content\/uploads\/2023\/10\/Blonde-Lob-Hairstyle.jpg 1080w\" sizes=\"auto, (max-width: 760px) calc(100vw - 24px), 720px\" data-pin-media=\"https:\/\/flawlesshair.com\/wp-content\/uploads\/2023\/10\/Blonde-Lob-Hairstyle.jpg\" id=\"mv-trellis-img-40\" data-trellis-processed=\"1\"><div style=\"position: absolute; top: 0.5rem; right: 0.75rem;\"> <a href=\"https:\/\/www.pinterest.com\/pin\/create\/button\/\" data-pin-do=\"buttonPin\" data-pin-tall=\"true\" data-pin-url=\"https:\/\/flawlesshair.com\/pt\/cabelo-louro-de-comprimento-medio\/\" data-pin-media=\"https:\/\/flawlesshair.com\/wp-content\/uploads\/2023\/10\/Blonde-Lob-Hairstyle-819x1024.jpg\" data-pin-description=\"45 Stunning Medium-Length Blonde Hair Trends For 2025\" rel=\"nofollow noopener\" target=\"_blank\"> <\/a><\/div><\/div><figcaption class=\"wp-element-caption\">@<a href=\"https:\/\/www.instagram.com\/lavenderblondehair\/\" target=\"_blank\" rel=\"noreferrer noopener nofollow\">cabelo louro-lavanda<\/a><\/figcaption><\/figure>\n<\/div>\n\n\n<p>Se tem medo de cortar o cabelo demasiado curto mas gosta de cortes de cabelo bob, deve um grande agradecimento a quem criou os lobs. Escolha o tom de louro que mais lhe agrada, penteie o seu cabelo em ondas soltas e voil\u00e1... Obt\u00e9m um penteado que \u00e9 feito para todas as ocasi\u00f5es. <\/p>\n\n\n\n<h2 class=\"wp-block-heading\">41. Cabelo loiro com painel preto por baixo<\/h2>\n\n\n<div class=\"wp-block-image\">\n<figure class=\"aligncenter size-large\"><div style=\"position: relative;\"><noscript><img loading=\"lazy\" decoding=\"async\" width=\"822\" height=\"1024\" src=\"https:\/\/flawlesshair.com\/wp-content\/uploads\/2023\/10\/Blonde-Hair-With-Black-Panel-Underneath-822x1024.jpg\" alt=\"Cabelo louro com painel preto por baixo\" class=\"wp-image-23962\" srcset=\"https:\/\/flawlesshair.com\/wp-content\/uploads\/2023\/10\/Blonde-Hair-With-Black-Panel-Underneath-822x1024.jpg 822w, https:\/\/flawlesshair.com\/wp-content\/uploads\/2023\/10\/Blonde-Hair-With-Black-Panel-Underneath-241x300.jpg 241w, https:\/\/flawlesshair.com\/wp-content\/uploads\/2023\/10\/Blonde-Hair-With-Black-Panel-Underneath-768x957.jpg 768w, https:\/\/flawlesshair.com\/wp-content\/uploads\/2023\/10\/Blonde-Hair-With-Black-Panel-Underneath-770x960.jpg 770w, https:\/\/flawlesshair.com\/wp-content\/uploads\/2023\/10\/Blonde-Hair-With-Black-Panel-Underneath-867x1080.jpg 867w, https:\/\/flawlesshair.com\/wp-content\/uploads\/2023\/10\/Blonde-Hair-With-Black-Panel-Underneath-963x1200.jpg 963w, https:\/\/flawlesshair.com\/wp-content\/uploads\/2023\/10\/Blonde-Hair-With-Black-Panel-Underneath.jpg 1080w\" sizes=\"auto, (max-width: 760px) calc(100vw - 24px), 720px\"><\/noscript><img loading=\"lazy\" decoding=\"async\" width=\"822\" height=\"1024\" src=\"https:\/\/flawlesshair.com\/wp-content\/uploads\/2023\/10\/Blonde-Hair-With-Black-Panel-Underneath-822x1024.jpg\" alt=\"Cabelo louro com painel preto por baixo\" class=\"wp-image-23962 lazyload\" srcset=\"https:\/\/flawlesshair.com\/wp-content\/uploads\/2023\/10\/Blonde-Hair-With-Black-Panel-Underneath-822x1024.jpg 822w, https:\/\/flawlesshair.com\/wp-content\/uploads\/2023\/10\/Blonde-Hair-With-Black-Panel-Underneath-241x300.jpg 241w, https:\/\/flawlesshair.com\/wp-content\/uploads\/2023\/10\/Blonde-Hair-With-Black-Panel-Underneath-768x957.jpg 768w, https:\/\/flawlesshair.com\/wp-content\/uploads\/2023\/10\/Blonde-Hair-With-Black-Panel-Underneath-770x960.jpg 770w, https:\/\/flawlesshair.com\/wp-content\/uploads\/2023\/10\/Blonde-Hair-With-Black-Panel-Underneath-867x1080.jpg 867w, https:\/\/flawlesshair.com\/wp-content\/uploads\/2023\/10\/Blonde-Hair-With-Black-Panel-Underneath-963x1200.jpg 963w, https:\/\/flawlesshair.com\/wp-content\/uploads\/2023\/10\/Blonde-Hair-With-Black-Panel-Underneath.jpg 1080w\" sizes=\"auto, (max-width: 760px) calc(100vw - 24px), 720px\" data-pin-media=\"https:\/\/flawlesshair.com\/wp-content\/uploads\/2023\/10\/Blonde-Hair-With-Black-Panel-Underneath.jpg\" id=\"mv-trellis-img-41\" data-trellis-processed=\"1\"><div style=\"position: absolute; top: 0.5rem; right: 0.75rem;\"> <a href=\"https:\/\/www.pinterest.com\/pin\/create\/button\/\" data-pin-do=\"buttonPin\" data-pin-tall=\"true\" data-pin-url=\"https:\/\/flawlesshair.com\/pt\/cabelo-louro-de-comprimento-medio\/\" data-pin-media=\"https:\/\/flawlesshair.com\/wp-content\/uploads\/2023\/10\/Blonde-Hair-With-Black-Panel-Underneath-822x1024.jpg\" data-pin-description=\"45 Stunning Medium-Length Blonde Hair Trends For 2025\" rel=\"nofollow noopener\" target=\"_blank\"> <\/a><\/div><\/div><figcaption class=\"wp-element-caption\">@<a href=\"https:\/\/www.instagram.com\/nicole.kelly.hair\/\" target=\"_blank\" rel=\"noreferrer noopener nofollow\">nicole.kelly.hair<\/a><\/figcaption><\/figure>\n<\/div>\n\n\n<p>Preto e branco \u00e9 uma das combina\u00e7\u00f5es de cabelo mais ferozes devido ao elevado contraste. S\u00e3o as chamadas madeixas peekaboo e s\u00f3 podem ser usadas por mulheres corajosas que n\u00e3o t\u00eam medo de grandes mudan\u00e7as. <\/p>\n\n\n\n<h2 class=\"wp-block-heading\">42. Tons e Ondas Loiro Praia <\/h2>\n\n\n<div class=\"wp-block-image\">\n<figure class=\"aligncenter size-large\"><div style=\"position: relative;\"><noscript><img loading=\"lazy\" decoding=\"async\" width=\"819\" height=\"1024\" src=\"https:\/\/flawlesshair.com\/wp-content\/uploads\/2023\/10\/Beachy-Blonde-Tones-And-Waves-819x1024.jpg\" alt=\"Tons de loiro e ondas de praia \" class=\"wp-image-23969\" srcset=\"https:\/\/flawlesshair.com\/wp-content\/uploads\/2023\/10\/Beachy-Blonde-Tones-And-Waves-819x1024.jpg 819w, https:\/\/flawlesshair.com\/wp-content\/uploads\/2023\/10\/Beachy-Blonde-Tones-And-Waves-240x300.jpg 240w, https:\/\/flawlesshair.com\/wp-content\/uploads\/2023\/10\/Beachy-Blonde-Tones-And-Waves-768x960.jpg 768w, https:\/\/flawlesshair.com\/wp-content\/uploads\/2023\/10\/Beachy-Blonde-Tones-And-Waves-864x1080.jpg 864w, https:\/\/flawlesshair.com\/wp-content\/uploads\/2023\/10\/Beachy-Blonde-Tones-And-Waves-960x1200.jpg 960w, https:\/\/flawlesshair.com\/wp-content\/uploads\/2023\/10\/Beachy-Blonde-Tones-And-Waves.jpg 1080w\" sizes=\"auto, (max-width: 760px) calc(100vw - 24px), 720px\"><\/noscript><img loading=\"lazy\" decoding=\"async\" width=\"819\" height=\"1024\" src=\"https:\/\/flawlesshair.com\/wp-content\/uploads\/2023\/10\/Beachy-Blonde-Tones-And-Waves-819x1024.jpg\" alt=\"Tons de loiro e ondas de praia \" class=\"wp-image-23969 lazyload\" srcset=\"https:\/\/flawlesshair.com\/wp-content\/uploads\/2023\/10\/Beachy-Blonde-Tones-And-Waves-819x1024.jpg 819w, https:\/\/flawlesshair.com\/wp-content\/uploads\/2023\/10\/Beachy-Blonde-Tones-And-Waves-240x300.jpg 240w, https:\/\/flawlesshair.com\/wp-content\/uploads\/2023\/10\/Beachy-Blonde-Tones-And-Waves-768x960.jpg 768w, https:\/\/flawlesshair.com\/wp-content\/uploads\/2023\/10\/Beachy-Blonde-Tones-And-Waves-864x1080.jpg 864w, https:\/\/flawlesshair.com\/wp-content\/uploads\/2023\/10\/Beachy-Blonde-Tones-And-Waves-960x1200.jpg 960w, https:\/\/flawlesshair.com\/wp-content\/uploads\/2023\/10\/Beachy-Blonde-Tones-And-Waves.jpg 1080w\" sizes=\"auto, (max-width: 760px) calc(100vw - 24px), 720px\" data-pin-media=\"https:\/\/flawlesshair.com\/wp-content\/uploads\/2023\/10\/Beachy-Blonde-Tones-And-Waves.jpg\" id=\"mv-trellis-img-42\" data-trellis-processed=\"1\"><div style=\"position: absolute; top: 0.5rem; right: 0.75rem;\"> <a href=\"https:\/\/www.pinterest.com\/pin\/create\/button\/\" data-pin-do=\"buttonPin\" data-pin-tall=\"true\" data-pin-url=\"https:\/\/flawlesshair.com\/pt\/cabelo-louro-de-comprimento-medio\/\" data-pin-media=\"https:\/\/flawlesshair.com\/wp-content\/uploads\/2023\/10\/Beachy-Blonde-Tones-And-Waves-819x1024.jpg\" data-pin-description=\"45 Stunning Medium-Length Blonde Hair Trends For 2025\" rel=\"nofollow noopener\" target=\"_blank\"> <\/a><\/div><\/div><figcaption class=\"wp-element-caption\">@<a href=\"https:\/\/www.instagram.com\/darcy_hairbyjesslewis\/\" target=\"_blank\" rel=\"noreferrer noopener nofollow\">darcy_hairbyjesslewis<\/a><\/figcaption><\/figure>\n<\/div>\n\n\n<p>Um tom de loiro que \u00e9 perfeito para todas n\u00f3s, grandes amantes do ver\u00e3o. E se tiver uma base de louro escuro natural, n\u00e3o \u00e9 assim t\u00e3o dif\u00edcil obter e manter um louro de praia.<\/p>\n\n\n\n<h2 class=\"wp-block-heading\">43. Louro brilhante com acess\u00f3rios e tran\u00e7as <\/h2>\n\n\n<div class=\"wp-block-image\">\n<figure class=\"aligncenter size-full\"><div style=\"position: relative;\"><noscript><img loading=\"lazy\" decoding=\"async\" width=\"720\" height=\"720\" src=\"https:\/\/flawlesshair.com\/wp-content\/uploads\/2023\/10\/Accessorized-And-Braided-Bright-Blonde.jpg\" alt=\"Louro brilhante com acess\u00f3rios e tran\u00e7as \" class=\"wp-image-23899\" srcset=\"https:\/\/flawlesshair.com\/wp-content\/uploads\/2023\/10\/Accessorized-And-Braided-Bright-Blonde.jpg 720w, https:\/\/flawlesshair.com\/wp-content\/uploads\/2023\/10\/Accessorized-And-Braided-Bright-Blonde-300x300.jpg 300w, https:\/\/flawlesshair.com\/wp-content\/uploads\/2023\/10\/Accessorized-And-Braided-Bright-Blonde-150x150.jpg 150w\" sizes=\"auto, (max-width: 720px) 100vw, 720px\"><\/noscript><img loading=\"lazy\" decoding=\"async\" width=\"720\" height=\"720\" src=\"https:\/\/flawlesshair.com\/wp-content\/uploads\/2023\/10\/Accessorized-And-Braided-Bright-Blonde.jpg\" alt=\"Louro brilhante com acess\u00f3rios e tran\u00e7as \" class=\"wp-image-23899 lazyload\" srcset=\"https:\/\/flawlesshair.com\/wp-content\/uploads\/2023\/10\/Accessorized-And-Braided-Bright-Blonde.jpg 720w, https:\/\/flawlesshair.com\/wp-content\/uploads\/2023\/10\/Accessorized-And-Braided-Bright-Blonde-300x300.jpg 300w, https:\/\/flawlesshair.com\/wp-content\/uploads\/2023\/10\/Accessorized-And-Braided-Bright-Blonde-150x150.jpg 150w\" sizes=\"auto, (max-width: 720px) 100vw, 720px\" data-pin-media=\"https:\/\/flawlesshair.com\/wp-content\/uploads\/2023\/10\/Accessorized-And-Braided-Bright-Blonde.jpg\" id=\"mv-trellis-img-43\" data-trellis-processed=\"1\"><div style=\"position: absolute; top: 0.5rem; right: 0.75rem;\"> <a href=\"https:\/\/www.pinterest.com\/pin\/create\/button\/\" data-pin-do=\"buttonPin\" data-pin-tall=\"true\" data-pin-url=\"https:\/\/flawlesshair.com\/pt\/cabelo-louro-de-comprimento-medio\/\" data-pin-media=\"https:\/\/flawlesshair.com\/wp-content\/uploads\/2023\/10\/Accessorized-And-Braided-Bright-Blonde.jpg\" data-pin-description=\"45 Stunning Medium-Length Blonde Hair Trends For 2025\" rel=\"nofollow noopener\" target=\"_blank\"> <\/a><\/div><\/div><figcaption class=\"wp-element-caption\">@<a href=\"https:\/\/www.instagram.com\/wellahair\/\" target=\"_blank\" rel=\"noreferrer noopener nofollow\">bem-hair<\/a><\/figcaption><\/figure>\n<\/div>\n\n\n<p>As tran\u00e7as e os p\u00e3ezinhos s\u00e3o bons para os looks do dia a dia, no entanto, adicionar um simples acess\u00f3rio de cabelo pode levar todo o look para o pr\u00f3ximo n\u00edvel. <\/p>\n\n\n\n<h2 class=\"wp-block-heading\">&nbsp;44. Penteado loiro para cabelos grossos<\/h2>\n\n\n<div class=\"wp-block-image\">\n<figure class=\"aligncenter size-large\"><div style=\"position: relative;\"><noscript><img loading=\"lazy\" decoding=\"async\" width=\"819\" height=\"1024\" src=\"https:\/\/flawlesshair.com\/wp-content\/uploads\/2023\/10\/blonde-shag-for-thick-hair-819x1024.jpg\" alt=\"cabeleira loira para cabelos grossos \" class=\"wp-image-24273\" srcset=\"https:\/\/flawlesshair.com\/wp-content\/uploads\/2023\/10\/blonde-shag-for-thick-hair-819x1024.jpg 819w, https:\/\/flawlesshair.com\/wp-content\/uploads\/2023\/10\/blonde-shag-for-thick-hair-240x300.jpg 240w, https:\/\/flawlesshair.com\/wp-content\/uploads\/2023\/10\/blonde-shag-for-thick-hair-768x960.jpg 768w, https:\/\/flawlesshair.com\/wp-content\/uploads\/2023\/10\/blonde-shag-for-thick-hair-864x1080.jpg 864w, https:\/\/flawlesshair.com\/wp-content\/uploads\/2023\/10\/blonde-shag-for-thick-hair-960x1200.jpg 960w, https:\/\/flawlesshair.com\/wp-content\/uploads\/2023\/10\/blonde-shag-for-thick-hair.jpg 1080w\" sizes=\"auto, (max-width: 760px) calc(100vw - 24px), 720px\"><\/noscript><img loading=\"lazy\" decoding=\"async\" width=\"819\" height=\"1024\" src=\"https:\/\/flawlesshair.com\/wp-content\/uploads\/2023\/10\/blonde-shag-for-thick-hair-819x1024.jpg\" alt=\"cabeleira loira para cabelos grossos \" class=\"wp-image-24273 lazyload\" srcset=\"https:\/\/flawlesshair.com\/wp-content\/uploads\/2023\/10\/blonde-shag-for-thick-hair-819x1024.jpg 819w, https:\/\/flawlesshair.com\/wp-content\/uploads\/2023\/10\/blonde-shag-for-thick-hair-240x300.jpg 240w, https:\/\/flawlesshair.com\/wp-content\/uploads\/2023\/10\/blonde-shag-for-thick-hair-768x960.jpg 768w, https:\/\/flawlesshair.com\/wp-content\/uploads\/2023\/10\/blonde-shag-for-thick-hair-864x1080.jpg 864w, https:\/\/flawlesshair.com\/wp-content\/uploads\/2023\/10\/blonde-shag-for-thick-hair-960x1200.jpg 960w, https:\/\/flawlesshair.com\/wp-content\/uploads\/2023\/10\/blonde-shag-for-thick-hair.jpg 1080w\" sizes=\"auto, (max-width: 760px) calc(100vw - 24px), 720px\" data-pin-media=\"https:\/\/flawlesshair.com\/wp-content\/uploads\/2023\/10\/blonde-shag-for-thick-hair.jpg\" id=\"mv-trellis-img-44\" data-trellis-processed=\"1\"><div style=\"position: absolute; top: 0.5rem; right: 0.75rem;\"> <a href=\"https:\/\/www.pinterest.com\/pin\/create\/button\/\" data-pin-do=\"buttonPin\" data-pin-tall=\"true\" data-pin-url=\"https:\/\/flawlesshair.com\/pt\/cabelo-louro-de-comprimento-medio\/\" data-pin-media=\"https:\/\/flawlesshair.com\/wp-content\/uploads\/2023\/10\/blonde-shag-for-thick-hair-819x1024.jpg\" data-pin-description=\"45 Stunning Medium-Length Blonde Hair Trends For 2025\" rel=\"nofollow noopener\" target=\"_blank\"> <\/a><\/div><\/div><figcaption class=\"wp-element-caption\">@<a href=\"https:\/\/www.instagram.com\/rachelwstylist\/\" target=\"_blank\" rel=\"noreferrer noopener nofollow\">rachelwstylist<\/a><\/figcaption><\/figure>\n<\/div>\n\n\n<p>Se quiser dar ao seu cabelo espesso um aspeto mais leve, deve optar por tons mais claros e cortes desgrenhados. <\/p>\n\n\n\n<p>A regra b\u00e1sica \u00e9 que o cabelo louro parece mais fino do que o escuro. <a href=\"https:\/\/flawlesshair.com\/pt\/cortes-de-cabelo-desgrenhado-de-comprimento-medio\/\">Cortes de cabelo desgrenhados<\/a> s\u00e3o feitas por camadas e desbaste das pontas do cabelo, o que ajuda a remover todo o peso extra. <\/p>\n\n\n\n<h2 class=\"wp-block-heading\">45. Loiro com canela e ma\u00e7\u00e3<\/h2>\n\n\n<div class=\"wp-block-image\">\n<figure class=\"aligncenter size-large\"><div style=\"position: relative;\"><noscript><img loading=\"lazy\" decoding=\"async\" width=\"817\" height=\"1024\" src=\"https:\/\/flawlesshair.com\/wp-content\/uploads\/2023\/09\/Apple-Cinnamon-Blonde-817x1024.jpg\" alt=\"Loiro com canela de ma\u00e7\u00e3\" class=\"wp-image-23841\" srcset=\"https:\/\/flawlesshair.com\/wp-content\/uploads\/2023\/09\/Apple-Cinnamon-Blonde-817x1024.jpg 817w, https:\/\/flawlesshair.com\/wp-content\/uploads\/2023\/09\/Apple-Cinnamon-Blonde-239x300.jpg 239w, https:\/\/flawlesshair.com\/wp-content\/uploads\/2023\/09\/Apple-Cinnamon-Blonde-768x962.jpg 768w, https:\/\/flawlesshair.com\/wp-content\/uploads\/2023\/09\/Apple-Cinnamon-Blonde-766x960.jpg 766w, https:\/\/flawlesshair.com\/wp-content\/uploads\/2023\/09\/Apple-Cinnamon-Blonde-862x1080.jpg 862w, https:\/\/flawlesshair.com\/wp-content\/uploads\/2023\/09\/Apple-Cinnamon-Blonde-958x1200.jpg 958w, https:\/\/flawlesshair.com\/wp-content\/uploads\/2023\/09\/Apple-Cinnamon-Blonde.jpg 1080w\" sizes=\"auto, (max-width: 760px) calc(100vw - 24px), 720px\"><\/noscript><img loading=\"lazy\" decoding=\"async\" width=\"817\" height=\"1024\" src=\"https:\/\/flawlesshair.com\/wp-content\/uploads\/2023\/09\/Apple-Cinnamon-Blonde-817x1024.jpg\" alt=\"Loiro com canela de ma\u00e7\u00e3\" class=\"wp-image-23841 lazyload\" srcset=\"https:\/\/flawlesshair.com\/wp-content\/uploads\/2023\/09\/Apple-Cinnamon-Blonde-817x1024.jpg 817w, https:\/\/flawlesshair.com\/wp-content\/uploads\/2023\/09\/Apple-Cinnamon-Blonde-239x300.jpg 239w, https:\/\/flawlesshair.com\/wp-content\/uploads\/2023\/09\/Apple-Cinnamon-Blonde-768x962.jpg 768w, https:\/\/flawlesshair.com\/wp-content\/uploads\/2023\/09\/Apple-Cinnamon-Blonde-766x960.jpg 766w, https:\/\/flawlesshair.com\/wp-content\/uploads\/2023\/09\/Apple-Cinnamon-Blonde-862x1080.jpg 862w, https:\/\/flawlesshair.com\/wp-content\/uploads\/2023\/09\/Apple-Cinnamon-Blonde-958x1200.jpg 958w, https:\/\/flawlesshair.com\/wp-content\/uploads\/2023\/09\/Apple-Cinnamon-Blonde.jpg 1080w\" sizes=\"auto, (max-width: 760px) calc(100vw - 24px), 720px\" data-pin-media=\"https:\/\/flawlesshair.com\/wp-content\/uploads\/2023\/09\/Apple-Cinnamon-Blonde.jpg\" id=\"mv-trellis-img-45\" data-trellis-processed=\"1\"><div style=\"position: absolute; top: 0.5rem; right: 0.75rem;\"> <a href=\"https:\/\/www.pinterest.com\/pin\/create\/button\/\" data-pin-do=\"buttonPin\" data-pin-tall=\"true\" data-pin-url=\"https:\/\/flawlesshair.com\/pt\/cabelo-louro-de-comprimento-medio\/\" data-pin-media=\"https:\/\/flawlesshair.com\/wp-content\/uploads\/2023\/09\/Apple-Cinnamon-Blonde-817x1024.jpg\" data-pin-description=\"45 Stunning Medium-Length Blonde Hair Trends For 2025\" rel=\"nofollow noopener\" target=\"_blank\"> <\/a><\/div><\/div><figcaption class=\"wp-element-caption\">@<a href=\"https:\/\/www.instagram.com\/bittzbittzhair\/\" target=\"_blank\" rel=\"noreferrer noopener nofollow\">bittzbittzhair<\/a><\/figcaption><\/figure>\n<\/div>\n\n\n<p>Este tom de loiro mais escuro tem \"outono\" escrito por todo o lado. Updos, tran\u00e7as, lisos, carac\u00f3is... Seja qual for a forma como gosta de pentear o seu cabelo, o louro ma\u00e7\u00e3 canela adaptar-se-\u00e1 e ficar\u00e1 lindo em todos os looks. <\/p>","protected":false},"excerpt":{"rendered":"<p>Quer queiramos quer n\u00e3o, \u00e9 um facto que o cabelo louro n\u00e3o \u00e9 f\u00e1cil de manter. Mas sabe o que se diz, a beleza vem sempre ...<\/p>","protected":false},"author":7,"featured_media":31647,"comment_status":"closed","ping_status":"closed","sticky":false,"template":"","format":"standard","meta":{"syndication_tool_enabled":false,"syndication_tool_title":"","syndication_tool_excerpt":"","syndication_tool_featured_image":0,"syndication_tool_publish_date":"","syndication_tool_schema_types":[],"syndication_tool_backlink_enable":false,"syndication_tool_ai_disclosure_enable":false,"disable-in-feed":false,"article-schema-type":"","disable-critical-css":false,"footnotes":""},"categories":[36],"tags":[],"class_list":["post-23773","post","type-post","status-publish","format-standard","has-post-thumbnail","hentry","category-blonde"],"_links":{"self":[{"href":"https:\/\/flawlesshair.com\/pt\/wp-json\/wp\/v2\/posts\/23773","targetHints":{"allow":["GET"]}}],"collection":[{"href":"https:\/\/flawlesshair.com\/pt\/wp-json\/wp\/v2\/posts"}],"about":[{"href":"https:\/\/flawlesshair.com\/pt\/wp-json\/wp\/v2\/types\/post"}],"author":[{"embeddable":true,"href":"https:\/\/flawlesshair.com\/pt\/wp-json\/wp\/v2\/users\/7"}],"replies":[{"embeddable":true,"href":"https:\/\/flawlesshair.com\/pt\/wp-json\/wp\/v2\/comments?post=23773"}],"version-history":[{"count":0,"href":"https:\/\/flawlesshair.com\/pt\/wp-json\/wp\/v2\/posts\/23773\/revisions"}],"wp:featuredmedia":[{"embeddable":true,"href":"https:\/\/flawlesshair.com\/pt\/wp-json\/wp\/v2\/media\/31647"}],"wp:attachment":[{"href":"https:\/\/flawlesshair.com\/pt\/wp-json\/wp\/v2\/media?parent=23773"}],"wp:term":[{"taxonomy":"category","embeddable":true,"href":"https:\/\/flawlesshair.com\/pt\/wp-json\/wp\/v2\/categories?post=23773"},{"taxonomy":"post_tag","embeddable":true,"href":"https:\/\/flawlesshair.com\/pt\/wp-json\/wp\/v2\/tags?post=23773"}],"curies":[{"name":"wp","href":"https:\/\/api.w.org\/{rel}","templated":true}]}}