{"id":26835,"date":"2023-10-28T08:03:43","date_gmt":"2023-10-28T08:03:43","guid":{"rendered":"https:\/\/flawlesshair.com\/?p=26835"},"modified":"2023-12-13T08:16:11","modified_gmt":"2023-12-13T08:16:11","slug":"camadas-para-emoldurar-o-rosto-cabelo-de-comprimento-medio","status":"publish","type":"post","link":"https:\/\/flawlesshair.com\/pt\/camadas-para-emoldurar-o-rosto-cabelo-de-comprimento-medio\/","title":{"rendered":"30 Camadas atractivas para o rosto para cabelos de comprimento m\u00e9dio"},"content":{"rendered":"<style>img#mv-trellis-img-1::before{padding-top:100%; }img#mv-trellis-img-1{display:block;}img#mv-trellis-img-2::before{padding-top:125%; }img#mv-trellis-img-2{display:block;}img#mv-trellis-img-3::before{padding-top:69.074074074074%; }img#mv-trellis-img-3{display:block;}img#mv-trellis-img-4::before{padding-top:124.62962962963%; }img#mv-trellis-img-4{display:block;}img#mv-trellis-img-5::before{padding-top:100%; }img#mv-trellis-img-5{display:block;}img#mv-trellis-img-6::before{padding-top:124.35185185185%; }img#mv-trellis-img-6{display:block;}img#mv-trellis-img-7::before{padding-top:109.44444444444%; }img#mv-trellis-img-7{display:block;}img#mv-trellis-img-8::before{padding-top:100%; }img#mv-trellis-img-8{display:block;}img#mv-trellis-img-9::before{padding-top:100%; }img#mv-trellis-img-9{display:block;}img#mv-trellis-img-10::before{padding-top:100%; }img#mv-trellis-img-10{display:block;}img#mv-trellis-img-11::before{padding-top:125%; }img#mv-trellis-img-11{display:block;}img#mv-trellis-img-12::before{padding-top:100%; }img#mv-trellis-img-12{display:block;}img#mv-trellis-img-13::before{padding-top:125%; }img#mv-trellis-img-13{display:block;}img#mv-trellis-img-14::before{padding-top:124.72222222222%; }img#mv-trellis-img-14{display:block;}img#mv-trellis-img-15::before{padding-top:100%; }img#mv-trellis-img-15{display:block;}img#mv-trellis-img-16::before{padding-top:125%; }img#mv-trellis-img-16{display:block;}img#mv-trellis-img-17::before{padding-top:102.87037037037%; }img#mv-trellis-img-17{display:block;}img#mv-trellis-img-18::before{padding-top:125%; }img#mv-trellis-img-18{display:block;}img#mv-trellis-img-19::before{padding-top:100%; }img#mv-trellis-img-19{display:block;}img#mv-trellis-img-20::before{padding-top:100%; }img#mv-trellis-img-20{display:block;}img#mv-trellis-img-21::before{padding-top:125%; }img#mv-trellis-img-21{display:block;}img#mv-trellis-img-22::before{padding-top:125%; }img#mv-trellis-img-22{display:block;}img#mv-trellis-img-23::before{padding-top:100%; }img#mv-trellis-img-23{display:block;}img#mv-trellis-img-24::before{padding-top:108.51851851852%; }img#mv-trellis-img-24{display:block;}img#mv-trellis-img-25::before{padding-top:125%; }img#mv-trellis-img-25{display:block;}img#mv-trellis-img-26::before{padding-top:125%; }img#mv-trellis-img-26{display:block;}img#mv-trellis-img-27::before{padding-top:109.83009708738%; }img#mv-trellis-img-27{display:block;}img#mv-trellis-img-28::before{padding-top:100%; }img#mv-trellis-img-28{display:block;}img#mv-trellis-img-29::before{padding-top:124.62962962963%; }img#mv-trellis-img-29{display:block;}img#mv-trellis-img-30::before{padding-top:104.16666666667%; }img#mv-trellis-img-30{display:block;}<\/style>\n<p>Tenho a certeza de que a primeira pergunta que tem sobre as camadas que emolduram o rosto \u00e9 se elas se adequam \u00e0 textura do seu cabelo ou ao formato do seu rosto. Nesse caso, n\u00e3o tem nada com que se preocupar porque estas camadas ficam bem a toda a gente. <\/p>\n\n\n\n<p>Nesta cole\u00e7\u00e3o de camadas modeladoras para cabelos de comprimento m\u00e9dio, ir\u00e1 descobrir todas as vantagens deste corte. As mais importantes s\u00e3o a cria\u00e7\u00e3o de um look mais suave, a eleva\u00e7\u00e3o de caracter\u00edsticas faciais atractivas e a possibilidade de maior movimento do cabelo. <\/p>\n\n\n\n<h2 class=\"wp-block-heading\">1. Secador de cabelo com efeito de pelo <\/h2>\n\n\n<div class=\"wp-block-image\">\n<figure class=\"aligncenter size-full\"><div style=\"position: relative;\"><noscript><img loading=\"lazy\" decoding=\"async\" width=\"1080\" height=\"1080\" src=\"https:\/\/flawlesshair.com\/wp-content\/uploads\/2023\/10\/Bouncy-Blowdry.jpg\" alt=\"Secador de cabelo com pelo \" class=\"wp-image-26888\" srcset=\"https:\/\/flawlesshair.com\/wp-content\/uploads\/2023\/10\/Bouncy-Blowdry.jpg 1080w, https:\/\/flawlesshair.com\/wp-content\/uploads\/2023\/10\/Bouncy-Blowdry-300x300.jpg 300w, https:\/\/flawlesshair.com\/wp-content\/uploads\/2023\/10\/Bouncy-Blowdry-150x150.jpg 150w, https:\/\/flawlesshair.com\/wp-content\/uploads\/2023\/10\/Bouncy-Blowdry-768x768.jpg 768w, https:\/\/flawlesshair.com\/wp-content\/uploads\/2023\/10\/Bouncy-Blowdry-728x728.jpg 728w, https:\/\/flawlesshair.com\/wp-content\/uploads\/2023\/10\/Bouncy-Blowdry-960x960.jpg 960w\" sizes=\"auto, (max-width: 760px) calc(100vw - 24px), 720px\"><\/noscript><img loading=\"eager\" decoding=\"async\" width=\"1080\" height=\"1080\" src=\"data:image\/svg+xml,%3Csvg%20xmlns='http:\/\/www.w3.org\/2000\/svg'%20viewBox='0%200%201080%201080'%3E%3Crect%20width='1080'%20height='1080'%20style='fill:%23e3e3e3'\/%3E%3C\/svg%3E\" alt=\"Secador de cabelo com pelo \" class=\"wp-image-26888 eager-load\" sizes=\"auto, (max-width: 760px) calc(100vw - 24px), 720px\" data-pin-media=\"https:\/\/flawlesshair.com\/wp-content\/uploads\/2023\/10\/Bouncy-Blowdry.jpg\" id=\"mv-trellis-img-1\" data-src=\"https:\/\/flawlesshair.com\/wp-content\/uploads\/2023\/10\/Bouncy-Blowdry.jpg\" data-srcset=\"https:\/\/flawlesshair.com\/wp-content\/uploads\/2023\/10\/Bouncy-Blowdry.jpg 1080w, https:\/\/flawlesshair.com\/wp-content\/uploads\/2023\/10\/Bouncy-Blowdry-300x300.jpg 300w, https:\/\/flawlesshair.com\/wp-content\/uploads\/2023\/10\/Bouncy-Blowdry-150x150.jpg 150w, https:\/\/flawlesshair.com\/wp-content\/uploads\/2023\/10\/Bouncy-Blowdry-768x768.jpg 768w, https:\/\/flawlesshair.com\/wp-content\/uploads\/2023\/10\/Bouncy-Blowdry-728x728.jpg 728w, https:\/\/flawlesshair.com\/wp-content\/uploads\/2023\/10\/Bouncy-Blowdry-960x960.jpg 960w\" data-svg=\"1\" data-trellis-processed=\"1\"><div style=\"position: absolute; top: 0.5rem; right: 0.75rem;\"> <a href=\"https:\/\/www.pinterest.com\/pin\/create\/button\/\" data-pin-do=\"buttonPin\" data-pin-tall=\"true\" data-pin-url=\"https:\/\/flawlesshair.com\/pt\/camadas-para-emoldurar-o-rosto-cabelo-de-comprimento-medio\/\" data-pin-media=\"https:\/\/flawlesshair.com\/wp-content\/uploads\/2023\/10\/Bouncy-Blowdry.jpg\" data-pin-description=\"30 Attractive Face-Framing Layers For Medium-Length Hair\" rel=\"nofollow noopener\" target=\"_blank\"> <\/a><\/div><\/div><figcaption class=\"wp-element-caption\">@<a href=\"https:\/\/www.instagram.com\/lizzykirbyhair\/\" target=\"_blank\" rel=\"noreferrer noopener nofollow\">lizzykirbyhair<\/a><\/figcaption><\/figure>\n<\/div>\n\n\n<p>Este \u00e9 o exemplo perfeito de um penteado para todas as ocasi\u00f5es! \u00c9 formal, elegante, chique e lisonjeiro. O secador d\u00e1 volume adicional ao cabelo, enquanto as camadas o mant\u00eam unido e fazem com que o look dure mais tempo. <\/p>\n\n\n\n<h2 class=\"wp-block-heading\">2. Cabelo volumoso com camadas <\/h2>\n\n\n<div class=\"wp-block-image\">\n<figure class=\"aligncenter size-full\"><div style=\"position: relative;\"><noscript><img loading=\"lazy\" decoding=\"async\" width=\"1080\" height=\"1350\" src=\"https:\/\/flawlesshair.com\/wp-content\/uploads\/2023\/10\/Voluminous-Layered-Hair.jpg\" alt=\"Cabelo volumoso com camadas \" class=\"wp-image-26885\" srcset=\"https:\/\/flawlesshair.com\/wp-content\/uploads\/2023\/10\/Voluminous-Layered-Hair.jpg 1080w, https:\/\/flawlesshair.com\/wp-content\/uploads\/2023\/10\/Voluminous-Layered-Hair-240x300.jpg 240w, https:\/\/flawlesshair.com\/wp-content\/uploads\/2023\/10\/Voluminous-Layered-Hair-768x960.jpg 768w, https:\/\/flawlesshair.com\/wp-content\/uploads\/2023\/10\/Voluminous-Layered-Hair-864x1080.jpg 864w, https:\/\/flawlesshair.com\/wp-content\/uploads\/2023\/10\/Voluminous-Layered-Hair-960x1200.jpg 960w\" sizes=\"auto, (max-width: 760px) calc(100vw - 24px), 720px\"><\/noscript><img loading=\"lazy\" decoding=\"async\" width=\"1080\" height=\"1350\" src=\"https:\/\/flawlesshair.com\/wp-content\/uploads\/2023\/10\/Voluminous-Layered-Hair.jpg\" alt=\"Cabelo volumoso com camadas \" class=\"wp-image-26885 lazyload\" srcset=\"https:\/\/flawlesshair.com\/wp-content\/uploads\/2023\/10\/Voluminous-Layered-Hair.jpg 1080w, https:\/\/flawlesshair.com\/wp-content\/uploads\/2023\/10\/Voluminous-Layered-Hair-240x300.jpg 240w, https:\/\/flawlesshair.com\/wp-content\/uploads\/2023\/10\/Voluminous-Layered-Hair-768x960.jpg 768w, https:\/\/flawlesshair.com\/wp-content\/uploads\/2023\/10\/Voluminous-Layered-Hair-864x1080.jpg 864w, https:\/\/flawlesshair.com\/wp-content\/uploads\/2023\/10\/Voluminous-Layered-Hair-960x1200.jpg 960w\" sizes=\"auto, (max-width: 760px) calc(100vw - 24px), 720px\" data-pin-media=\"https:\/\/flawlesshair.com\/wp-content\/uploads\/2023\/10\/Voluminous-Layered-Hair.jpg\" id=\"mv-trellis-img-2\" data-trellis-processed=\"1\"><div style=\"position: absolute; top: 0.5rem; right: 0.75rem;\"> <a href=\"https:\/\/www.pinterest.com\/pin\/create\/button\/\" data-pin-do=\"buttonPin\" data-pin-tall=\"true\" data-pin-url=\"https:\/\/flawlesshair.com\/pt\/camadas-para-emoldurar-o-rosto-cabelo-de-comprimento-medio\/\" data-pin-media=\"https:\/\/flawlesshair.com\/wp-content\/uploads\/2023\/10\/Voluminous-Layered-Hair.jpg\" data-pin-description=\"30 Attractive Face-Framing Layers For Medium-Length Hair\" rel=\"nofollow noopener\" target=\"_blank\"> <\/a><\/div><\/div><figcaption class=\"wp-element-caption\">@<a href=\"https:\/\/www.instagram.com\/foxyroxhair\/\" target=\"_blank\" rel=\"noreferrer noopener nofollow\">foxyroxhair<\/a><\/figcaption><\/figure>\n<\/div>\n\n\n<p>Longo <a href=\"https:\/\/flawlesshair.com\/pt\/penteados-com-franja-cortina\/\">franja de cortina<\/a> + camadas que emolduram o rosto + pontas com penas representam uma combina\u00e7\u00e3o perfeita. A forma como se misturam e complementam \u00e9 espetacular. <\/p>\n\n\n\n<h2 class=\"wp-block-heading\">3. Camadas de enquadramento facial para textura encaracolada <\/h2>\n\n\n<div class=\"wp-block-image\">\n<figure class=\"aligncenter size-full is-resized\"><div style=\"position: relative;\"><noscript><img loading=\"lazy\" decoding=\"async\" width=\"1080\" height=\"746\" src=\"https:\/\/flawlesshair.com\/wp-content\/uploads\/2023\/10\/Face-Framing-Layers-For-Curly-Texture.jpg\" alt=\"Camadas para o rosto para uma textura encaracolada \" class=\"wp-image-27009\" style=\"aspect-ratio:1.447721179624665;width:840px;height:auto\" srcset=\"https:\/\/flawlesshair.com\/wp-content\/uploads\/2023\/10\/Face-Framing-Layers-For-Curly-Texture.jpg 1080w, https:\/\/flawlesshair.com\/wp-content\/uploads\/2023\/10\/Face-Framing-Layers-For-Curly-Texture-300x207.jpg 300w, https:\/\/flawlesshair.com\/wp-content\/uploads\/2023\/10\/Face-Framing-Layers-For-Curly-Texture-768x530.jpg 768w, https:\/\/flawlesshair.com\/wp-content\/uploads\/2023\/10\/Face-Framing-Layers-For-Curly-Texture-960x663.jpg 960w\" sizes=\"auto, (max-width: 760px) calc(100vw - 24px), 720px\"><\/noscript><img loading=\"lazy\" decoding=\"async\" width=\"1080\" height=\"746\" src=\"https:\/\/flawlesshair.com\/wp-content\/uploads\/2023\/10\/Face-Framing-Layers-For-Curly-Texture.jpg\" alt=\"Camadas para o rosto para uma textura encaracolada \" class=\"wp-image-27009 lazyload\" style=\"aspect-ratio:1.447721179624665;width:840px;height:auto\" srcset=\"https:\/\/flawlesshair.com\/wp-content\/uploads\/2023\/10\/Face-Framing-Layers-For-Curly-Texture.jpg 1080w, https:\/\/flawlesshair.com\/wp-content\/uploads\/2023\/10\/Face-Framing-Layers-For-Curly-Texture-300x207.jpg 300w, https:\/\/flawlesshair.com\/wp-content\/uploads\/2023\/10\/Face-Framing-Layers-For-Curly-Texture-768x530.jpg 768w, https:\/\/flawlesshair.com\/wp-content\/uploads\/2023\/10\/Face-Framing-Layers-For-Curly-Texture-960x663.jpg 960w\" sizes=\"auto, (max-width: 760px) calc(100vw - 24px), 720px\" data-pin-media=\"https:\/\/flawlesshair.com\/wp-content\/uploads\/2023\/10\/Face-Framing-Layers-For-Curly-Texture.jpg\" id=\"mv-trellis-img-3\" data-trellis-processed=\"1\"><div style=\"position: absolute; top: 0.5rem; right: 0.75rem;\"> <a href=\"https:\/\/www.pinterest.com\/pin\/create\/button\/\" data-pin-do=\"buttonPin\" data-pin-tall=\"true\" data-pin-url=\"https:\/\/flawlesshair.com\/pt\/camadas-para-emoldurar-o-rosto-cabelo-de-comprimento-medio\/\" data-pin-media=\"https:\/\/flawlesshair.com\/wp-content\/uploads\/2023\/10\/Face-Framing-Layers-For-Curly-Texture.jpg\" data-pin-description=\"30 Attractive Face-Framing Layers For Medium-Length Hair\" rel=\"nofollow noopener\" target=\"_blank\"> <\/a><\/div><\/div><figcaption class=\"wp-element-caption\">@<a href=\"https:\/\/www.instagram.com\/slickback_buttahtoast\/\" target=\"_blank\" rel=\"noreferrer noopener nofollow\">slickback_buttahtoast<\/a><\/figcaption><\/figure>\n<\/div>\n\n\n<p>Sim, as camadas que emolduram o rosto tamb\u00e9m podem funcionar para a textura encaracolada. Pode ver como o cabelo fica muito mais saud\u00e1vel e conservado depois de o colocar em camadas. Os carac\u00f3is tamb\u00e9m s\u00e3o mais volumosos e definidos, e o cabelo tem definitivamente mais movimento. <\/p>\n\n\n\n<h2 class=\"wp-block-heading\">4. Camadas de enquadramento facial dos anos 90 <\/h2>\n\n\n<div class=\"wp-block-image\">\n<figure class=\"aligncenter size-full\"><div style=\"position: relative;\"><noscript><img loading=\"lazy\" decoding=\"async\" width=\"1080\" height=\"1346\" src=\"https:\/\/flawlesshair.com\/wp-content\/uploads\/2023\/10\/90s-Face-Framing-Layers.jpg\" alt=\"Camadas de molduras de rosto dos anos 90 \" class=\"wp-image-26891\" srcset=\"https:\/\/flawlesshair.com\/wp-content\/uploads\/2023\/10\/90s-Face-Framing-Layers.jpg 1080w, https:\/\/flawlesshair.com\/wp-content\/uploads\/2023\/10\/90s-Face-Framing-Layers-241x300.jpg 241w, https:\/\/flawlesshair.com\/wp-content\/uploads\/2023\/10\/90s-Face-Framing-Layers-768x957.jpg 768w, https:\/\/flawlesshair.com\/wp-content\/uploads\/2023\/10\/90s-Face-Framing-Layers-770x960.jpg 770w, https:\/\/flawlesshair.com\/wp-content\/uploads\/2023\/10\/90s-Face-Framing-Layers-867x1080.jpg 867w, https:\/\/flawlesshair.com\/wp-content\/uploads\/2023\/10\/90s-Face-Framing-Layers-963x1200.jpg 963w\" sizes=\"auto, (max-width: 760px) calc(100vw - 24px), 720px\"><\/noscript><img loading=\"lazy\" decoding=\"async\" width=\"1080\" height=\"1346\" src=\"https:\/\/flawlesshair.com\/wp-content\/uploads\/2023\/10\/90s-Face-Framing-Layers.jpg\" alt=\"Camadas de molduras de rosto dos anos 90 \" class=\"wp-image-26891 lazyload\" srcset=\"https:\/\/flawlesshair.com\/wp-content\/uploads\/2023\/10\/90s-Face-Framing-Layers.jpg 1080w, https:\/\/flawlesshair.com\/wp-content\/uploads\/2023\/10\/90s-Face-Framing-Layers-241x300.jpg 241w, https:\/\/flawlesshair.com\/wp-content\/uploads\/2023\/10\/90s-Face-Framing-Layers-768x957.jpg 768w, https:\/\/flawlesshair.com\/wp-content\/uploads\/2023\/10\/90s-Face-Framing-Layers-770x960.jpg 770w, https:\/\/flawlesshair.com\/wp-content\/uploads\/2023\/10\/90s-Face-Framing-Layers-867x1080.jpg 867w, https:\/\/flawlesshair.com\/wp-content\/uploads\/2023\/10\/90s-Face-Framing-Layers-963x1200.jpg 963w\" sizes=\"auto, (max-width: 760px) calc(100vw - 24px), 720px\" data-pin-media=\"https:\/\/flawlesshair.com\/wp-content\/uploads\/2023\/10\/90s-Face-Framing-Layers.jpg\" id=\"mv-trellis-img-4\" data-trellis-processed=\"1\"><div style=\"position: absolute; top: 0.5rem; right: 0.75rem;\"> <a href=\"https:\/\/www.pinterest.com\/pin\/create\/button\/\" data-pin-do=\"buttonPin\" data-pin-tall=\"true\" data-pin-url=\"https:\/\/flawlesshair.com\/pt\/camadas-para-emoldurar-o-rosto-cabelo-de-comprimento-medio\/\" data-pin-media=\"https:\/\/flawlesshair.com\/wp-content\/uploads\/2023\/10\/90s-Face-Framing-Layers.jpg\" data-pin-description=\"30 Attractive Face-Framing Layers For Medium-Length Hair\" rel=\"nofollow noopener\" target=\"_blank\"> <\/a><\/div><\/div><figcaption class=\"wp-element-caption\">@<a href=\"https:\/\/www.instagram.com\/sarasison_hairs_kill\/\" target=\"_blank\" rel=\"noreferrer noopener nofollow\">sarasison_hairs_kill<\/a><\/figcaption><\/figure>\n<\/div>\n\n\n<p>O cabelo dos anos 90 era todo feito de mega volume e camadas que emolduravam o rosto. Veja s\u00f3 como estas camadas real\u00e7am e destacam os seus olhos. <\/p>\n\n\n\n<h2 class=\"wp-block-heading\">5. Fio de cabelo cortado \u00e0 navalha <\/h2>\n\n\n<div class=\"wp-block-image\">\n<figure class=\"aligncenter size-full\"><div style=\"position: relative;\"><noscript><img loading=\"lazy\" decoding=\"async\" width=\"1080\" height=\"1080\" src=\"https:\/\/flawlesshair.com\/wp-content\/uploads\/2023\/10\/Razor-Cut-Shag.jpg\" alt=\"Fio de cabelo cortado \u00e0 navalha \" class=\"wp-image-26881\" srcset=\"https:\/\/flawlesshair.com\/wp-content\/uploads\/2023\/10\/Razor-Cut-Shag.jpg 1080w, https:\/\/flawlesshair.com\/wp-content\/uploads\/2023\/10\/Razor-Cut-Shag-300x300.jpg 300w, https:\/\/flawlesshair.com\/wp-content\/uploads\/2023\/10\/Razor-Cut-Shag-150x150.jpg 150w, https:\/\/flawlesshair.com\/wp-content\/uploads\/2023\/10\/Razor-Cut-Shag-768x768.jpg 768w, https:\/\/flawlesshair.com\/wp-content\/uploads\/2023\/10\/Razor-Cut-Shag-728x728.jpg 728w, https:\/\/flawlesshair.com\/wp-content\/uploads\/2023\/10\/Razor-Cut-Shag-960x960.jpg 960w\" sizes=\"auto, (max-width: 760px) calc(100vw - 24px), 720px\"><\/noscript><img loading=\"lazy\" decoding=\"async\" width=\"1080\" height=\"1080\" src=\"https:\/\/flawlesshair.com\/wp-content\/uploads\/2023\/10\/Razor-Cut-Shag.jpg\" alt=\"Fio de cabelo cortado \u00e0 navalha \" class=\"wp-image-26881 lazyload\" srcset=\"https:\/\/flawlesshair.com\/wp-content\/uploads\/2023\/10\/Razor-Cut-Shag.jpg 1080w, https:\/\/flawlesshair.com\/wp-content\/uploads\/2023\/10\/Razor-Cut-Shag-300x300.jpg 300w, https:\/\/flawlesshair.com\/wp-content\/uploads\/2023\/10\/Razor-Cut-Shag-150x150.jpg 150w, https:\/\/flawlesshair.com\/wp-content\/uploads\/2023\/10\/Razor-Cut-Shag-768x768.jpg 768w, https:\/\/flawlesshair.com\/wp-content\/uploads\/2023\/10\/Razor-Cut-Shag-728x728.jpg 728w, https:\/\/flawlesshair.com\/wp-content\/uploads\/2023\/10\/Razor-Cut-Shag-960x960.jpg 960w\" sizes=\"auto, (max-width: 760px) calc(100vw - 24px), 720px\" data-pin-media=\"https:\/\/flawlesshair.com\/wp-content\/uploads\/2023\/10\/Razor-Cut-Shag.jpg\" id=\"mv-trellis-img-5\" data-trellis-processed=\"1\"><div style=\"position: absolute; top: 0.5rem; right: 0.75rem;\"> <a href=\"https:\/\/www.pinterest.com\/pin\/create\/button\/\" data-pin-do=\"buttonPin\" data-pin-tall=\"true\" data-pin-url=\"https:\/\/flawlesshair.com\/pt\/camadas-para-emoldurar-o-rosto-cabelo-de-comprimento-medio\/\" data-pin-media=\"https:\/\/flawlesshair.com\/wp-content\/uploads\/2023\/10\/Razor-Cut-Shag.jpg\" data-pin-description=\"30 Attractive Face-Framing Layers For Medium-Length Hair\" rel=\"nofollow noopener\" target=\"_blank\"> <\/a><\/div><\/div><figcaption class=\"wp-element-caption\">@<a href=\"https:\/\/www.instagram.com\/ellienorski\/\" target=\"_blank\" rel=\"noreferrer noopener nofollow\">ellienorski<\/a><\/figcaption><\/figure>\n<\/div>\n\n\n<p>O corte com l\u00e2mina, que emoldura o rosto, \u00e9 perfeito para quem quer dar um pouco de volume \u00e0 coroa e enriquecer o movimento do cabelo. No entanto, n\u00e3o recomendo esta t\u00e9cnica de corte se tiver <a href=\"https:\/\/flawlesshair.com\/pt\/guia-para-cabelos-frisados\/\">cabelo frisado<\/a> ou as pontas danificadas e espigadas, porque um corte com a l\u00e2mina de barbear provoca ainda mais rupturas. <\/p>\n\n\n\n<h2 class=\"wp-block-heading\">6. Ondas subtis no rosto<\/h2>\n\n\n<div class=\"wp-block-image\">\n<figure class=\"aligncenter size-full\"><div style=\"position: relative;\"><noscript><img loading=\"lazy\" decoding=\"async\" width=\"1080\" height=\"1343\" src=\"https:\/\/flawlesshair.com\/wp-content\/uploads\/2023\/10\/Subtle-Face-Framing-Waves.jpg\" alt=\"Ondas subtis que emolduram o rosto \" class=\"wp-image-26944\" srcset=\"https:\/\/flawlesshair.com\/wp-content\/uploads\/2023\/10\/Subtle-Face-Framing-Waves.jpg 1080w, https:\/\/flawlesshair.com\/wp-content\/uploads\/2023\/10\/Subtle-Face-Framing-Waves-241x300.jpg 241w, https:\/\/flawlesshair.com\/wp-content\/uploads\/2023\/10\/Subtle-Face-Framing-Waves-768x955.jpg 768w, https:\/\/flawlesshair.com\/wp-content\/uploads\/2023\/10\/Subtle-Face-Framing-Waves-772x960.jpg 772w, https:\/\/flawlesshair.com\/wp-content\/uploads\/2023\/10\/Subtle-Face-Framing-Waves-869x1080.jpg 869w, https:\/\/flawlesshair.com\/wp-content\/uploads\/2023\/10\/Subtle-Face-Framing-Waves-965x1200.jpg 965w\" sizes=\"auto, (max-width: 760px) calc(100vw - 24px), 720px\"><\/noscript><img loading=\"lazy\" decoding=\"async\" width=\"1080\" height=\"1343\" src=\"https:\/\/flawlesshair.com\/wp-content\/uploads\/2023\/10\/Subtle-Face-Framing-Waves.jpg\" alt=\"Ondas subtis que emolduram o rosto \" class=\"wp-image-26944 lazyload\" srcset=\"https:\/\/flawlesshair.com\/wp-content\/uploads\/2023\/10\/Subtle-Face-Framing-Waves.jpg 1080w, https:\/\/flawlesshair.com\/wp-content\/uploads\/2023\/10\/Subtle-Face-Framing-Waves-241x300.jpg 241w, https:\/\/flawlesshair.com\/wp-content\/uploads\/2023\/10\/Subtle-Face-Framing-Waves-768x955.jpg 768w, https:\/\/flawlesshair.com\/wp-content\/uploads\/2023\/10\/Subtle-Face-Framing-Waves-772x960.jpg 772w, https:\/\/flawlesshair.com\/wp-content\/uploads\/2023\/10\/Subtle-Face-Framing-Waves-869x1080.jpg 869w, https:\/\/flawlesshair.com\/wp-content\/uploads\/2023\/10\/Subtle-Face-Framing-Waves-965x1200.jpg 965w\" sizes=\"auto, (max-width: 760px) calc(100vw - 24px), 720px\" data-pin-media=\"https:\/\/flawlesshair.com\/wp-content\/uploads\/2023\/10\/Subtle-Face-Framing-Waves.jpg\" id=\"mv-trellis-img-6\" data-trellis-processed=\"1\"><div style=\"position: absolute; top: 0.5rem; right: 0.75rem;\"> <a href=\"https:\/\/www.pinterest.com\/pin\/create\/button\/\" data-pin-do=\"buttonPin\" data-pin-tall=\"true\" data-pin-url=\"https:\/\/flawlesshair.com\/pt\/camadas-para-emoldurar-o-rosto-cabelo-de-comprimento-medio\/\" data-pin-media=\"https:\/\/flawlesshair.com\/wp-content\/uploads\/2023\/10\/Subtle-Face-Framing-Waves.jpg\" data-pin-description=\"30 Attractive Face-Framing Layers For Medium-Length Hair\" rel=\"nofollow noopener\" target=\"_blank\"> <\/a><\/div><\/div><figcaption class=\"wp-element-caption\">@<a href=\"https:\/\/www.instagram.com\/hirohair\/\" target=\"_blank\" rel=\"noreferrer noopener nofollow\">hirohair<\/a><\/figcaption><\/figure>\n<\/div>\n\n\n<p>Quando se combina <a href=\"https:\/\/flawlesshair.com\/pt\/10-maneiras-faceis-de-obter-um-cabelo-ondulado-sem-calor\/\">cabelo ondulado<\/a> e camadas que emolduram o rosto, obt\u00e9m um penteado que \u00e9 conveniente para todas as ocasi\u00f5es. As ondas funcionam para todos os comprimentos de cabelo e acrescentam sempre aquele toque de eleg\u00e2ncia casual ao seu look. <\/p>\n\n\n\n<h2 class=\"wp-block-heading\">7. Divis\u00e3o em preto e platina <\/h2>\n\n\n<div class=\"wp-block-image\">\n<figure class=\"aligncenter size-full\"><div style=\"position: relative;\"><noscript><img loading=\"lazy\" decoding=\"async\" width=\"1080\" height=\"1182\" src=\"https:\/\/flawlesshair.com\/wp-content\/uploads\/2023\/10\/Black-And-Platinum-Split.jpg\" alt=\"Divis\u00e3o em preto e platina\" class=\"wp-image-26946\" srcset=\"https:\/\/flawlesshair.com\/wp-content\/uploads\/2023\/10\/Black-And-Platinum-Split.jpg 1080w, https:\/\/flawlesshair.com\/wp-content\/uploads\/2023\/10\/Black-And-Platinum-Split-274x300.jpg 274w, https:\/\/flawlesshair.com\/wp-content\/uploads\/2023\/10\/Black-And-Platinum-Split-768x841.jpg 768w, https:\/\/flawlesshair.com\/wp-content\/uploads\/2023\/10\/Black-And-Platinum-Split-877x960.jpg 877w, https:\/\/flawlesshair.com\/wp-content\/uploads\/2023\/10\/Black-And-Platinum-Split-987x1080.jpg 987w\" sizes=\"auto, (max-width: 760px) calc(100vw - 24px), 720px\"><\/noscript><img loading=\"lazy\" decoding=\"async\" width=\"1080\" height=\"1182\" src=\"https:\/\/flawlesshair.com\/wp-content\/uploads\/2023\/10\/Black-And-Platinum-Split.jpg\" alt=\"Divis\u00e3o em preto e platina\" class=\"wp-image-26946 lazyload\" srcset=\"https:\/\/flawlesshair.com\/wp-content\/uploads\/2023\/10\/Black-And-Platinum-Split.jpg 1080w, https:\/\/flawlesshair.com\/wp-content\/uploads\/2023\/10\/Black-And-Platinum-Split-274x300.jpg 274w, https:\/\/flawlesshair.com\/wp-content\/uploads\/2023\/10\/Black-And-Platinum-Split-768x841.jpg 768w, https:\/\/flawlesshair.com\/wp-content\/uploads\/2023\/10\/Black-And-Platinum-Split-877x960.jpg 877w, https:\/\/flawlesshair.com\/wp-content\/uploads\/2023\/10\/Black-And-Platinum-Split-987x1080.jpg 987w\" sizes=\"auto, (max-width: 760px) calc(100vw - 24px), 720px\" data-pin-media=\"https:\/\/flawlesshair.com\/wp-content\/uploads\/2023\/10\/Black-And-Platinum-Split.jpg\" id=\"mv-trellis-img-7\" data-trellis-processed=\"1\"><div style=\"position: absolute; top: 0.5rem; right: 0.75rem;\"> <a href=\"https:\/\/www.pinterest.com\/pin\/create\/button\/\" data-pin-do=\"buttonPin\" data-pin-tall=\"true\" data-pin-url=\"https:\/\/flawlesshair.com\/pt\/camadas-para-emoldurar-o-rosto-cabelo-de-comprimento-medio\/\" data-pin-media=\"https:\/\/flawlesshair.com\/wp-content\/uploads\/2023\/10\/Black-And-Platinum-Split.jpg\" data-pin-description=\"30 Attractive Face-Framing Layers For Medium-Length Hair\" rel=\"nofollow noopener\" target=\"_blank\"> <\/a><\/div><\/div><figcaption class=\"wp-element-caption\">@<a href=\"https:\/\/www.instagram.com\/manemisfit\/\" target=\"_blank\" rel=\"noreferrer noopener nofollow\">manemisfit<\/a><\/figcaption><\/figure>\n<\/div>\n\n\n<p>Esta combina\u00e7\u00e3o preto-platina \u00e9 espetacular, n\u00e3o h\u00e1 d\u00favida. Queria chamar a aten\u00e7\u00e3o para estas camadas que emolduram o rosto e para a forma como fazem sobressair os seus olhos. Simplesmente lindo!<\/p>\n\n\n\n<h2 class=\"wp-block-heading\">8. Corte em borboleta com moldura facial <\/h2>\n\n\n<div class=\"wp-block-image\">\n<figure class=\"aligncenter size-full\"><div style=\"position: relative;\"><noscript><img loading=\"lazy\" decoding=\"async\" width=\"1080\" height=\"1080\" src=\"https:\/\/flawlesshair.com\/wp-content\/uploads\/2023\/10\/Face-Framing-Butterfly-Cut.jpg\" alt=\"Corte de borboleta com moldura facial \" class=\"wp-image-27022\" srcset=\"https:\/\/flawlesshair.com\/wp-content\/uploads\/2023\/10\/Face-Framing-Butterfly-Cut.jpg 1080w, https:\/\/flawlesshair.com\/wp-content\/uploads\/2023\/10\/Face-Framing-Butterfly-Cut-300x300.jpg 300w, https:\/\/flawlesshair.com\/wp-content\/uploads\/2023\/10\/Face-Framing-Butterfly-Cut-150x150.jpg 150w, https:\/\/flawlesshair.com\/wp-content\/uploads\/2023\/10\/Face-Framing-Butterfly-Cut-768x768.jpg 768w, https:\/\/flawlesshair.com\/wp-content\/uploads\/2023\/10\/Face-Framing-Butterfly-Cut-728x728.jpg 728w, https:\/\/flawlesshair.com\/wp-content\/uploads\/2023\/10\/Face-Framing-Butterfly-Cut-960x960.jpg 960w\" sizes=\"auto, (max-width: 760px) calc(100vw - 24px), 720px\"><\/noscript><img loading=\"lazy\" decoding=\"async\" width=\"1080\" height=\"1080\" src=\"https:\/\/flawlesshair.com\/wp-content\/uploads\/2023\/10\/Face-Framing-Butterfly-Cut.jpg\" alt=\"Corte de borboleta com moldura facial \" class=\"wp-image-27022 lazyload\" srcset=\"https:\/\/flawlesshair.com\/wp-content\/uploads\/2023\/10\/Face-Framing-Butterfly-Cut.jpg 1080w, https:\/\/flawlesshair.com\/wp-content\/uploads\/2023\/10\/Face-Framing-Butterfly-Cut-300x300.jpg 300w, https:\/\/flawlesshair.com\/wp-content\/uploads\/2023\/10\/Face-Framing-Butterfly-Cut-150x150.jpg 150w, https:\/\/flawlesshair.com\/wp-content\/uploads\/2023\/10\/Face-Framing-Butterfly-Cut-768x768.jpg 768w, https:\/\/flawlesshair.com\/wp-content\/uploads\/2023\/10\/Face-Framing-Butterfly-Cut-728x728.jpg 728w, https:\/\/flawlesshair.com\/wp-content\/uploads\/2023\/10\/Face-Framing-Butterfly-Cut-960x960.jpg 960w\" sizes=\"auto, (max-width: 760px) calc(100vw - 24px), 720px\" data-pin-media=\"https:\/\/flawlesshair.com\/wp-content\/uploads\/2023\/10\/Face-Framing-Butterfly-Cut.jpg\" id=\"mv-trellis-img-8\" data-trellis-processed=\"1\"><div style=\"position: absolute; top: 0.5rem; right: 0.75rem;\"> <a href=\"https:\/\/www.pinterest.com\/pin\/create\/button\/\" data-pin-do=\"buttonPin\" data-pin-tall=\"true\" data-pin-url=\"https:\/\/flawlesshair.com\/pt\/camadas-para-emoldurar-o-rosto-cabelo-de-comprimento-medio\/\" data-pin-media=\"https:\/\/flawlesshair.com\/wp-content\/uploads\/2023\/10\/Face-Framing-Butterfly-Cut.jpg\" data-pin-description=\"30 Attractive Face-Framing Layers For Medium-Length Hair\" rel=\"nofollow noopener\" target=\"_blank\"> <\/a><\/div><\/div><figcaption class=\"wp-element-caption\">@<a href=\"https:\/\/www.instagram.com\/kayla__bennett\/\" target=\"_blank\" rel=\"noreferrer noopener nofollow\">kayla__bennett<\/a><\/figcaption><\/figure>\n<\/div>\n\n\n<p>O maior objetivo de um <a href=\"https:\/\/flawlesshair.com\/pt\/corte-de-cabelo-borboleta\/\">corte borboleta<\/a> \u00e9 retirar todo o peso excessivo do cabelo. As camadas com penas d\u00e3o movimento ao cabelo e criam um look fluido e super chique. <\/p>\n\n\n\n<h2 class=\"wp-block-heading\">9. Camadas que emolduram o rosto para cabelos espessos <\/h2>\n\n\n<div class=\"wp-block-image\">\n<figure class=\"aligncenter size-full\"><div style=\"position: relative;\"><noscript><img loading=\"lazy\" decoding=\"async\" width=\"1080\" height=\"1080\" src=\"https:\/\/flawlesshair.com\/wp-content\/uploads\/2023\/10\/Face-Framing-Layers-For-Thick-Hair.jpg\" alt=\"Camadas para Enquadrar o Rosto para Cabelo Espesso \" class=\"wp-image-26992\" srcset=\"https:\/\/flawlesshair.com\/wp-content\/uploads\/2023\/10\/Face-Framing-Layers-For-Thick-Hair.jpg 1080w, https:\/\/flawlesshair.com\/wp-content\/uploads\/2023\/10\/Face-Framing-Layers-For-Thick-Hair-300x300.jpg 300w, https:\/\/flawlesshair.com\/wp-content\/uploads\/2023\/10\/Face-Framing-Layers-For-Thick-Hair-150x150.jpg 150w, https:\/\/flawlesshair.com\/wp-content\/uploads\/2023\/10\/Face-Framing-Layers-For-Thick-Hair-768x768.jpg 768w, https:\/\/flawlesshair.com\/wp-content\/uploads\/2023\/10\/Face-Framing-Layers-For-Thick-Hair-728x728.jpg 728w, https:\/\/flawlesshair.com\/wp-content\/uploads\/2023\/10\/Face-Framing-Layers-For-Thick-Hair-960x960.jpg 960w\" sizes=\"auto, (max-width: 760px) calc(100vw - 24px), 720px\"><\/noscript><img loading=\"lazy\" decoding=\"async\" width=\"1080\" height=\"1080\" src=\"https:\/\/flawlesshair.com\/wp-content\/uploads\/2023\/10\/Face-Framing-Layers-For-Thick-Hair.jpg\" alt=\"Camadas para Enquadrar o Rosto para Cabelo Espesso \" class=\"wp-image-26992 lazyload\" srcset=\"https:\/\/flawlesshair.com\/wp-content\/uploads\/2023\/10\/Face-Framing-Layers-For-Thick-Hair.jpg 1080w, https:\/\/flawlesshair.com\/wp-content\/uploads\/2023\/10\/Face-Framing-Layers-For-Thick-Hair-300x300.jpg 300w, https:\/\/flawlesshair.com\/wp-content\/uploads\/2023\/10\/Face-Framing-Layers-For-Thick-Hair-150x150.jpg 150w, https:\/\/flawlesshair.com\/wp-content\/uploads\/2023\/10\/Face-Framing-Layers-For-Thick-Hair-768x768.jpg 768w, https:\/\/flawlesshair.com\/wp-content\/uploads\/2023\/10\/Face-Framing-Layers-For-Thick-Hair-728x728.jpg 728w, https:\/\/flawlesshair.com\/wp-content\/uploads\/2023\/10\/Face-Framing-Layers-For-Thick-Hair-960x960.jpg 960w\" sizes=\"auto, (max-width: 760px) calc(100vw - 24px), 720px\" data-pin-media=\"https:\/\/flawlesshair.com\/wp-content\/uploads\/2023\/10\/Face-Framing-Layers-For-Thick-Hair.jpg\" id=\"mv-trellis-img-9\" data-trellis-processed=\"1\"><div style=\"position: absolute; top: 0.5rem; right: 0.75rem;\"> <a href=\"https:\/\/www.pinterest.com\/pin\/create\/button\/\" data-pin-do=\"buttonPin\" data-pin-tall=\"true\" data-pin-url=\"https:\/\/flawlesshair.com\/pt\/camadas-para-emoldurar-o-rosto-cabelo-de-comprimento-medio\/\" data-pin-media=\"https:\/\/flawlesshair.com\/wp-content\/uploads\/2023\/10\/Face-Framing-Layers-For-Thick-Hair.jpg\" data-pin-description=\"30 Attractive Face-Framing Layers For Medium-Length Hair\" rel=\"nofollow noopener\" target=\"_blank\"> <\/a><\/div><\/div><figcaption class=\"wp-element-caption\">@<a href=\"https:\/\/www.instagram.com\/shear_sorceress\/\" target=\"_blank\" rel=\"noreferrer noopener nofollow\">feiticeira<\/a><\/figcaption><\/figure>\n<\/div>\n\n\n<p>D\u00ea uma boa olhadela a esta fotografia e veja o quanto algumas camadas que emolduram o rosto podem refrescar o seu rosto e faz\u00ea-la parecer mais jovem. As camadas podem dar a impress\u00e3o de um cabelo mais fino, mantendo o volume do cabelo e, o que \u00e9 mais importante, sem o danificar.  <\/p>\n\n\n\n<h2 class=\"wp-block-heading\">10. Estilo bo\u00e9mio <\/h2>\n\n\n<div class=\"wp-block-image\">\n<figure class=\"aligncenter size-full\"><div style=\"position: relative;\"><noscript><img loading=\"lazy\" decoding=\"async\" width=\"1080\" height=\"1080\" src=\"https:\/\/flawlesshair.com\/wp-content\/uploads\/2023\/10\/Bohemian-Style.jpg\" alt=\"Estilo bo\u00e9mio \" class=\"wp-image-27034\" srcset=\"https:\/\/flawlesshair.com\/wp-content\/uploads\/2023\/10\/Bohemian-Style.jpg 1080w, https:\/\/flawlesshair.com\/wp-content\/uploads\/2023\/10\/Bohemian-Style-300x300.jpg 300w, https:\/\/flawlesshair.com\/wp-content\/uploads\/2023\/10\/Bohemian-Style-150x150.jpg 150w, https:\/\/flawlesshair.com\/wp-content\/uploads\/2023\/10\/Bohemian-Style-768x768.jpg 768w, https:\/\/flawlesshair.com\/wp-content\/uploads\/2023\/10\/Bohemian-Style-728x728.jpg 728w, https:\/\/flawlesshair.com\/wp-content\/uploads\/2023\/10\/Bohemian-Style-960x960.jpg 960w\" sizes=\"auto, (max-width: 760px) calc(100vw - 24px), 720px\"><\/noscript><img loading=\"lazy\" decoding=\"async\" width=\"1080\" height=\"1080\" src=\"https:\/\/flawlesshair.com\/wp-content\/uploads\/2023\/10\/Bohemian-Style.jpg\" alt=\"Estilo bo\u00e9mio \" class=\"wp-image-27034 lazyload\" srcset=\"https:\/\/flawlesshair.com\/wp-content\/uploads\/2023\/10\/Bohemian-Style.jpg 1080w, https:\/\/flawlesshair.com\/wp-content\/uploads\/2023\/10\/Bohemian-Style-300x300.jpg 300w, https:\/\/flawlesshair.com\/wp-content\/uploads\/2023\/10\/Bohemian-Style-150x150.jpg 150w, https:\/\/flawlesshair.com\/wp-content\/uploads\/2023\/10\/Bohemian-Style-768x768.jpg 768w, https:\/\/flawlesshair.com\/wp-content\/uploads\/2023\/10\/Bohemian-Style-728x728.jpg 728w, https:\/\/flawlesshair.com\/wp-content\/uploads\/2023\/10\/Bohemian-Style-960x960.jpg 960w\" sizes=\"auto, (max-width: 760px) calc(100vw - 24px), 720px\" data-pin-media=\"https:\/\/flawlesshair.com\/wp-content\/uploads\/2023\/10\/Bohemian-Style.jpg\" id=\"mv-trellis-img-10\" data-trellis-processed=\"1\"><div style=\"position: absolute; top: 0.5rem; right: 0.75rem;\"> <a href=\"https:\/\/www.pinterest.com\/pin\/create\/button\/\" data-pin-do=\"buttonPin\" data-pin-tall=\"true\" data-pin-url=\"https:\/\/flawlesshair.com\/pt\/camadas-para-emoldurar-o-rosto-cabelo-de-comprimento-medio\/\" data-pin-media=\"https:\/\/flawlesshair.com\/wp-content\/uploads\/2023\/10\/Bohemian-Style.jpg\" data-pin-description=\"30 Attractive Face-Framing Layers For Medium-Length Hair\" rel=\"nofollow noopener\" target=\"_blank\"> <\/a><\/div><\/div><figcaption class=\"wp-element-caption\">@<a href=\"https:\/\/www.instagram.com\/hollygirldoeshair\/\" target=\"_blank\" rel=\"noreferrer noopener nofollow\">hollygirldoeshair<\/a><\/figcaption><\/figure>\n<\/div>\n\n\n<p>As camadas enroladas que emolduram o rosto s\u00e3o um dos penteados boho mais cl\u00e1ssicos. \u00c9 ligeiramente desarrumado, mas continua a ter aquelas vibra\u00e7\u00f5es rom\u00e2nticas e femininas. <\/p>\n\n\n\n<h2 class=\"wp-block-heading\">11. Camadas suaves do enquadramento facial <\/h2>\n\n\n<div class=\"wp-block-image\">\n<figure class=\"aligncenter size-full\"><div style=\"position: relative;\"><noscript><img loading=\"lazy\" decoding=\"async\" width=\"1080\" height=\"1350\" src=\"https:\/\/flawlesshair.com\/wp-content\/uploads\/2023\/10\/Soft-Face-Framing-Layers.jpg\" alt=\"Camadas suaves de moldura de rosto \" class=\"wp-image-26886\" srcset=\"https:\/\/flawlesshair.com\/wp-content\/uploads\/2023\/10\/Soft-Face-Framing-Layers.jpg 1080w, https:\/\/flawlesshair.com\/wp-content\/uploads\/2023\/10\/Soft-Face-Framing-Layers-240x300.jpg 240w, https:\/\/flawlesshair.com\/wp-content\/uploads\/2023\/10\/Soft-Face-Framing-Layers-768x960.jpg 768w, https:\/\/flawlesshair.com\/wp-content\/uploads\/2023\/10\/Soft-Face-Framing-Layers-864x1080.jpg 864w, https:\/\/flawlesshair.com\/wp-content\/uploads\/2023\/10\/Soft-Face-Framing-Layers-960x1200.jpg 960w\" sizes=\"auto, (max-width: 760px) calc(100vw - 24px), 720px\"><\/noscript><img loading=\"lazy\" decoding=\"async\" width=\"1080\" height=\"1350\" src=\"https:\/\/flawlesshair.com\/wp-content\/uploads\/2023\/10\/Soft-Face-Framing-Layers.jpg\" alt=\"Camadas suaves de moldura de rosto \" class=\"wp-image-26886 lazyload\" srcset=\"https:\/\/flawlesshair.com\/wp-content\/uploads\/2023\/10\/Soft-Face-Framing-Layers.jpg 1080w, https:\/\/flawlesshair.com\/wp-content\/uploads\/2023\/10\/Soft-Face-Framing-Layers-240x300.jpg 240w, https:\/\/flawlesshair.com\/wp-content\/uploads\/2023\/10\/Soft-Face-Framing-Layers-768x960.jpg 768w, https:\/\/flawlesshair.com\/wp-content\/uploads\/2023\/10\/Soft-Face-Framing-Layers-864x1080.jpg 864w, https:\/\/flawlesshair.com\/wp-content\/uploads\/2023\/10\/Soft-Face-Framing-Layers-960x1200.jpg 960w\" sizes=\"auto, (max-width: 760px) calc(100vw - 24px), 720px\" data-pin-media=\"https:\/\/flawlesshair.com\/wp-content\/uploads\/2023\/10\/Soft-Face-Framing-Layers.jpg\" id=\"mv-trellis-img-11\" data-trellis-processed=\"1\"><div style=\"position: absolute; top: 0.5rem; right: 0.75rem;\"> <a href=\"https:\/\/www.pinterest.com\/pin\/create\/button\/\" data-pin-do=\"buttonPin\" data-pin-tall=\"true\" data-pin-url=\"https:\/\/flawlesshair.com\/pt\/camadas-para-emoldurar-o-rosto-cabelo-de-comprimento-medio\/\" data-pin-media=\"https:\/\/flawlesshair.com\/wp-content\/uploads\/2023\/10\/Soft-Face-Framing-Layers.jpg\" data-pin-description=\"30 Attractive Face-Framing Layers For Medium-Length Hair\" rel=\"nofollow noopener\" target=\"_blank\"> <\/a><\/div><\/div><figcaption class=\"wp-element-caption\">@<a href=\"https:\/\/www.instagram.com\/jisu_sunny\/\" target=\"_blank\" rel=\"noreferrer noopener nofollow\">jisu_sunny<\/a><\/figcaption><\/figure>\n<\/div>\n\n\n<p>Se n\u00e3o \u00e9 do tipo de rapariga que gosta de muitas camadas, aqui est\u00e1 algo de que vai gostar. Estes <a href=\"https:\/\/flawlesshair.com\/pt\/penteados-com-franja-cortina\/\">franja de cortina<\/a> e camadas simples s\u00e3o suficientes para enquadrar o rosto e suavizar alguns tra\u00e7os faciais mais acentuados. <\/p>\n\n\n\n<h2 class=\"wp-block-heading\">12. Camadas compridas <\/h2>\n\n\n<div class=\"wp-block-image\">\n<figure class=\"aligncenter size-full\"><div style=\"position: relative;\"><noscript><img loading=\"lazy\" decoding=\"async\" width=\"1080\" height=\"1080\" src=\"https:\/\/flawlesshair.com\/wp-content\/uploads\/2023\/10\/long-layers.jpg\" alt=\"camadas longas\" class=\"wp-image-26889\" srcset=\"https:\/\/flawlesshair.com\/wp-content\/uploads\/2023\/10\/long-layers.jpg 1080w, https:\/\/flawlesshair.com\/wp-content\/uploads\/2023\/10\/long-layers-300x300.jpg 300w, https:\/\/flawlesshair.com\/wp-content\/uploads\/2023\/10\/long-layers-150x150.jpg 150w, https:\/\/flawlesshair.com\/wp-content\/uploads\/2023\/10\/long-layers-768x768.jpg 768w, https:\/\/flawlesshair.com\/wp-content\/uploads\/2023\/10\/long-layers-728x728.jpg 728w, https:\/\/flawlesshair.com\/wp-content\/uploads\/2023\/10\/long-layers-960x960.jpg 960w\" sizes=\"auto, (max-width: 760px) calc(100vw - 24px), 720px\"><\/noscript><img loading=\"lazy\" decoding=\"async\" width=\"1080\" height=\"1080\" src=\"https:\/\/flawlesshair.com\/wp-content\/uploads\/2023\/10\/long-layers.jpg\" alt=\"camadas longas\" class=\"wp-image-26889 lazyload\" srcset=\"https:\/\/flawlesshair.com\/wp-content\/uploads\/2023\/10\/long-layers.jpg 1080w, https:\/\/flawlesshair.com\/wp-content\/uploads\/2023\/10\/long-layers-300x300.jpg 300w, https:\/\/flawlesshair.com\/wp-content\/uploads\/2023\/10\/long-layers-150x150.jpg 150w, https:\/\/flawlesshair.com\/wp-content\/uploads\/2023\/10\/long-layers-768x768.jpg 768w, https:\/\/flawlesshair.com\/wp-content\/uploads\/2023\/10\/long-layers-728x728.jpg 728w, https:\/\/flawlesshair.com\/wp-content\/uploads\/2023\/10\/long-layers-960x960.jpg 960w\" sizes=\"auto, (max-width: 760px) calc(100vw - 24px), 720px\" data-pin-media=\"https:\/\/flawlesshair.com\/wp-content\/uploads\/2023\/10\/long-layers.jpg\" id=\"mv-trellis-img-12\" data-trellis-processed=\"1\"><div style=\"position: absolute; top: 0.5rem; right: 0.75rem;\"> <a href=\"https:\/\/www.pinterest.com\/pin\/create\/button\/\" data-pin-do=\"buttonPin\" data-pin-tall=\"true\" data-pin-url=\"https:\/\/flawlesshair.com\/pt\/camadas-para-emoldurar-o-rosto-cabelo-de-comprimento-medio\/\" data-pin-media=\"https:\/\/flawlesshair.com\/wp-content\/uploads\/2023\/10\/long-layers.jpg\" data-pin-description=\"30 Attractive Face-Framing Layers For Medium-Length Hair\" rel=\"nofollow noopener\" target=\"_blank\"> <\/a><\/div><\/div><figcaption class=\"wp-element-caption\">@<a href=\"https:\/\/www.instagram.com\/glamgirlgabi\/\" target=\"_blank\" rel=\"noreferrer noopener nofollow\">glamgirlgabi<\/a><\/figcaption><\/figure>\n<\/div>\n\n\n<p>Estas camadas que emolduram o rosto, sem esfor\u00e7o e quase impercept\u00edveis, s\u00e3o um \u00f3timo truque para contornar o seu rosto e faz\u00ea-lo parecer mais magro. Misturam-se com o cabelo lob t\u00e3o naturalmente e favorecem sobretudo as mulheres com <a href=\"https:\/\/flawlesshair.com\/pt\/franja-para-rosto-oval\/\">formas ovais do rosto<\/a>. <\/p>\n\n\n\n<h2 class=\"wp-block-heading\">13. Loiro com madeixa lavanda<\/h2>\n\n\n<div class=\"wp-block-image\">\n<figure class=\"aligncenter size-full\"><div style=\"position: relative;\"><noscript><img loading=\"lazy\" decoding=\"async\" width=\"1080\" height=\"1350\" src=\"https:\/\/flawlesshair.com\/wp-content\/uploads\/2023\/10\/Blonde-Lob-With-Lavender-Freak-Streak.jpg\" alt=\"Loiro com madeixas de lavanda\" class=\"wp-image-26883\" srcset=\"https:\/\/flawlesshair.com\/wp-content\/uploads\/2023\/10\/Blonde-Lob-With-Lavender-Freak-Streak.jpg 1080w, https:\/\/flawlesshair.com\/wp-content\/uploads\/2023\/10\/Blonde-Lob-With-Lavender-Freak-Streak-240x300.jpg 240w, https:\/\/flawlesshair.com\/wp-content\/uploads\/2023\/10\/Blonde-Lob-With-Lavender-Freak-Streak-768x960.jpg 768w, https:\/\/flawlesshair.com\/wp-content\/uploads\/2023\/10\/Blonde-Lob-With-Lavender-Freak-Streak-864x1080.jpg 864w, https:\/\/flawlesshair.com\/wp-content\/uploads\/2023\/10\/Blonde-Lob-With-Lavender-Freak-Streak-960x1200.jpg 960w\" sizes=\"auto, (max-width: 760px) calc(100vw - 24px), 720px\"><\/noscript><img loading=\"lazy\" decoding=\"async\" width=\"1080\" height=\"1350\" src=\"https:\/\/flawlesshair.com\/wp-content\/uploads\/2023\/10\/Blonde-Lob-With-Lavender-Freak-Streak.jpg\" alt=\"Loiro com madeixas de lavanda\" class=\"wp-image-26883 lazyload\" srcset=\"https:\/\/flawlesshair.com\/wp-content\/uploads\/2023\/10\/Blonde-Lob-With-Lavender-Freak-Streak.jpg 1080w, https:\/\/flawlesshair.com\/wp-content\/uploads\/2023\/10\/Blonde-Lob-With-Lavender-Freak-Streak-240x300.jpg 240w, https:\/\/flawlesshair.com\/wp-content\/uploads\/2023\/10\/Blonde-Lob-With-Lavender-Freak-Streak-768x960.jpg 768w, https:\/\/flawlesshair.com\/wp-content\/uploads\/2023\/10\/Blonde-Lob-With-Lavender-Freak-Streak-864x1080.jpg 864w, https:\/\/flawlesshair.com\/wp-content\/uploads\/2023\/10\/Blonde-Lob-With-Lavender-Freak-Streak-960x1200.jpg 960w\" sizes=\"auto, (max-width: 760px) calc(100vw - 24px), 720px\" data-pin-media=\"https:\/\/flawlesshair.com\/wp-content\/uploads\/2023\/10\/Blonde-Lob-With-Lavender-Freak-Streak.jpg\" id=\"mv-trellis-img-13\" data-trellis-processed=\"1\"><div style=\"position: absolute; top: 0.5rem; right: 0.75rem;\"> <a href=\"https:\/\/www.pinterest.com\/pin\/create\/button\/\" data-pin-do=\"buttonPin\" data-pin-tall=\"true\" data-pin-url=\"https:\/\/flawlesshair.com\/pt\/camadas-para-emoldurar-o-rosto-cabelo-de-comprimento-medio\/\" data-pin-media=\"https:\/\/flawlesshair.com\/wp-content\/uploads\/2023\/10\/Blonde-Lob-With-Lavender-Freak-Streak.jpg\" data-pin-description=\"30 Attractive Face-Framing Layers For Medium-Length Hair\" rel=\"nofollow noopener\" target=\"_blank\"> <\/a><\/div><\/div><figcaption class=\"wp-element-caption\">@<a href=\"https:\/\/www.instagram.com\/cutloosebk\/\" target=\"_blank\" rel=\"noreferrer noopener nofollow\">cutloosebk<\/a><\/figcaption><\/figure>\n<\/div>\n\n\n<p>Estes penteados E-girl s\u00e3o uma das \u00faltimas tend\u00eancias do TikTok e do Instagram. A franja pintada e as camadas frontais t\u00eam aquela vibra\u00e7\u00e3o jovem e ficam bem em toda a gente. Agora, cabe-te a ti decidir se tens coragem suficiente para seguir esta tend\u00eancia.  <\/p>\n\n\n\n<h2 class=\"wp-block-heading\">14. Corte de cabelo curvo que emoldura o rosto <\/h2>\n\n\n<div class=\"wp-block-image\">\n<figure class=\"aligncenter size-full\"><div style=\"position: relative;\"><noscript><img loading=\"lazy\" decoding=\"async\" width=\"1080\" height=\"1347\" src=\"https:\/\/flawlesshair.com\/wp-content\/uploads\/2023\/10\/Face-Framing-Curve-Haircut.jpg\" alt=\"Corte de cabelo curvo que emoldura o rosto \" class=\"wp-image-26996\" srcset=\"https:\/\/flawlesshair.com\/wp-content\/uploads\/2023\/10\/Face-Framing-Curve-Haircut.jpg 1080w, https:\/\/flawlesshair.com\/wp-content\/uploads\/2023\/10\/Face-Framing-Curve-Haircut-241x300.jpg 241w, https:\/\/flawlesshair.com\/wp-content\/uploads\/2023\/10\/Face-Framing-Curve-Haircut-768x958.jpg 768w, https:\/\/flawlesshair.com\/wp-content\/uploads\/2023\/10\/Face-Framing-Curve-Haircut-770x960.jpg 770w, https:\/\/flawlesshair.com\/wp-content\/uploads\/2023\/10\/Face-Framing-Curve-Haircut-866x1080.jpg 866w, https:\/\/flawlesshair.com\/wp-content\/uploads\/2023\/10\/Face-Framing-Curve-Haircut-962x1200.jpg 962w\" sizes=\"auto, (max-width: 760px) calc(100vw - 24px), 720px\"><\/noscript><img loading=\"lazy\" decoding=\"async\" width=\"1080\" height=\"1347\" src=\"https:\/\/flawlesshair.com\/wp-content\/uploads\/2023\/10\/Face-Framing-Curve-Haircut.jpg\" alt=\"Corte de cabelo curvo que emoldura o rosto \" class=\"wp-image-26996 lazyload\" srcset=\"https:\/\/flawlesshair.com\/wp-content\/uploads\/2023\/10\/Face-Framing-Curve-Haircut.jpg 1080w, https:\/\/flawlesshair.com\/wp-content\/uploads\/2023\/10\/Face-Framing-Curve-Haircut-241x300.jpg 241w, https:\/\/flawlesshair.com\/wp-content\/uploads\/2023\/10\/Face-Framing-Curve-Haircut-768x958.jpg 768w, https:\/\/flawlesshair.com\/wp-content\/uploads\/2023\/10\/Face-Framing-Curve-Haircut-770x960.jpg 770w, https:\/\/flawlesshair.com\/wp-content\/uploads\/2023\/10\/Face-Framing-Curve-Haircut-866x1080.jpg 866w, https:\/\/flawlesshair.com\/wp-content\/uploads\/2023\/10\/Face-Framing-Curve-Haircut-962x1200.jpg 962w\" sizes=\"auto, (max-width: 760px) calc(100vw - 24px), 720px\" data-pin-media=\"https:\/\/flawlesshair.com\/wp-content\/uploads\/2023\/10\/Face-Framing-Curve-Haircut.jpg\" id=\"mv-trellis-img-14\" data-trellis-processed=\"1\"><div style=\"position: absolute; top: 0.5rem; right: 0.75rem;\"> <a href=\"https:\/\/www.pinterest.com\/pin\/create\/button\/\" data-pin-do=\"buttonPin\" data-pin-tall=\"true\" data-pin-url=\"https:\/\/flawlesshair.com\/pt\/camadas-para-emoldurar-o-rosto-cabelo-de-comprimento-medio\/\" data-pin-media=\"https:\/\/flawlesshair.com\/wp-content\/uploads\/2023\/10\/Face-Framing-Curve-Haircut.jpg\" data-pin-description=\"30 Attractive Face-Framing Layers For Medium-Length Hair\" rel=\"nofollow noopener\" target=\"_blank\"> <\/a><\/div><\/div><figcaption class=\"wp-element-caption\">@<a href=\"https:\/\/www.instagram.com\/hairwithmaria\/\" target=\"_blank\" rel=\"noreferrer noopener nofollow\">cabelocommaria<\/a><\/figcaption><\/figure>\n<\/div>\n\n\n<p>O corte em C \u00e9 provavelmente o corte mais lisonjeiro quando se trata de camadas que emolduram o rosto para <a href=\"https:\/\/flawlesshair.com\/pt\/corte-de-cabelo-de-comprimento-medio\/\">cabelo m\u00e9dio<\/a>. Fica bem a toda a gente, mas funciona melhor em cabelos finos devido ao volume que as camadas proporcionam. Quanto mais volume acrescentar ao seu cabelo, mais espesso ele parecer\u00e1. <\/p>\n\n\n\n<h2 class=\"wp-block-heading\">15. Parte lateral Lob<\/h2>\n\n\n<div class=\"wp-block-image\">\n<figure class=\"aligncenter size-full\"><div style=\"position: relative;\"><noscript><img loading=\"lazy\" decoding=\"async\" width=\"1080\" height=\"1080\" src=\"https:\/\/flawlesshair.com\/wp-content\/uploads\/2023\/10\/side-part-lob.jpg\" alt=\"parte lateral lob\" class=\"wp-image-26879\" srcset=\"https:\/\/flawlesshair.com\/wp-content\/uploads\/2023\/10\/side-part-lob.jpg 1080w, https:\/\/flawlesshair.com\/wp-content\/uploads\/2023\/10\/side-part-lob-300x300.jpg 300w, https:\/\/flawlesshair.com\/wp-content\/uploads\/2023\/10\/side-part-lob-150x150.jpg 150w, https:\/\/flawlesshair.com\/wp-content\/uploads\/2023\/10\/side-part-lob-768x768.jpg 768w, https:\/\/flawlesshair.com\/wp-content\/uploads\/2023\/10\/side-part-lob-728x728.jpg 728w, https:\/\/flawlesshair.com\/wp-content\/uploads\/2023\/10\/side-part-lob-960x960.jpg 960w\" sizes=\"auto, (max-width: 760px) calc(100vw - 24px), 720px\"><\/noscript><img loading=\"lazy\" decoding=\"async\" width=\"1080\" height=\"1080\" src=\"https:\/\/flawlesshair.com\/wp-content\/uploads\/2023\/10\/side-part-lob.jpg\" alt=\"parte lateral lob\" class=\"wp-image-26879 lazyload\" srcset=\"https:\/\/flawlesshair.com\/wp-content\/uploads\/2023\/10\/side-part-lob.jpg 1080w, https:\/\/flawlesshair.com\/wp-content\/uploads\/2023\/10\/side-part-lob-300x300.jpg 300w, https:\/\/flawlesshair.com\/wp-content\/uploads\/2023\/10\/side-part-lob-150x150.jpg 150w, https:\/\/flawlesshair.com\/wp-content\/uploads\/2023\/10\/side-part-lob-768x768.jpg 768w, https:\/\/flawlesshair.com\/wp-content\/uploads\/2023\/10\/side-part-lob-728x728.jpg 728w, https:\/\/flawlesshair.com\/wp-content\/uploads\/2023\/10\/side-part-lob-960x960.jpg 960w\" sizes=\"auto, (max-width: 760px) calc(100vw - 24px), 720px\" data-pin-media=\"https:\/\/flawlesshair.com\/wp-content\/uploads\/2023\/10\/side-part-lob.jpg\" id=\"mv-trellis-img-15\" data-trellis-processed=\"1\"><div style=\"position: absolute; top: 0.5rem; right: 0.75rem;\"> <a href=\"https:\/\/www.pinterest.com\/pin\/create\/button\/\" data-pin-do=\"buttonPin\" data-pin-tall=\"true\" data-pin-url=\"https:\/\/flawlesshair.com\/pt\/camadas-para-emoldurar-o-rosto-cabelo-de-comprimento-medio\/\" data-pin-media=\"https:\/\/flawlesshair.com\/wp-content\/uploads\/2023\/10\/side-part-lob.jpg\" data-pin-description=\"30 Attractive Face-Framing Layers For Medium-Length Hair\" rel=\"nofollow noopener\" target=\"_blank\"> <\/a><\/div><\/div><figcaption class=\"wp-element-caption\">@<a href=\"https:\/\/www.instagram.com\/thehairferi\/\" target=\"_blank\" rel=\"noreferrer noopener nofollow\">ohairferi<\/a><\/figcaption><\/figure>\n<\/div>\n\n\n<p>As camadas laterais que emolduram o rosto fazem maravilhas para as mulheres com formas de rosto ovais, porque fazem com que a testa pare\u00e7a mais curta e o rosto mais esculpido. <\/p>\n\n\n\n<h2 class=\"wp-block-heading\">16. Camadas de fios finos e finos<\/h2>\n\n\n<div class=\"wp-block-image\">\n<figure class=\"aligncenter size-full\"><div style=\"position: relative;\"><noscript><img loading=\"lazy\" decoding=\"async\" width=\"1080\" height=\"1350\" src=\"https:\/\/flawlesshair.com\/wp-content\/uploads\/2023\/10\/Cute-Flippy-Wispy-Layers.jpg\" alt=\"Camadas de fios finos e finos\" class=\"wp-image-26950\" srcset=\"https:\/\/flawlesshair.com\/wp-content\/uploads\/2023\/10\/Cute-Flippy-Wispy-Layers.jpg 1080w, https:\/\/flawlesshair.com\/wp-content\/uploads\/2023\/10\/Cute-Flippy-Wispy-Layers-240x300.jpg 240w, https:\/\/flawlesshair.com\/wp-content\/uploads\/2023\/10\/Cute-Flippy-Wispy-Layers-768x960.jpg 768w, https:\/\/flawlesshair.com\/wp-content\/uploads\/2023\/10\/Cute-Flippy-Wispy-Layers-864x1080.jpg 864w, https:\/\/flawlesshair.com\/wp-content\/uploads\/2023\/10\/Cute-Flippy-Wispy-Layers-960x1200.jpg 960w\" sizes=\"auto, (max-width: 760px) calc(100vw - 24px), 720px\"><\/noscript><img loading=\"lazy\" decoding=\"async\" width=\"1080\" height=\"1350\" src=\"https:\/\/flawlesshair.com\/wp-content\/uploads\/2023\/10\/Cute-Flippy-Wispy-Layers.jpg\" alt=\"Camadas de fios finos e finos\" class=\"wp-image-26950 lazyload\" srcset=\"https:\/\/flawlesshair.com\/wp-content\/uploads\/2023\/10\/Cute-Flippy-Wispy-Layers.jpg 1080w, https:\/\/flawlesshair.com\/wp-content\/uploads\/2023\/10\/Cute-Flippy-Wispy-Layers-240x300.jpg 240w, https:\/\/flawlesshair.com\/wp-content\/uploads\/2023\/10\/Cute-Flippy-Wispy-Layers-768x960.jpg 768w, https:\/\/flawlesshair.com\/wp-content\/uploads\/2023\/10\/Cute-Flippy-Wispy-Layers-864x1080.jpg 864w, https:\/\/flawlesshair.com\/wp-content\/uploads\/2023\/10\/Cute-Flippy-Wispy-Layers-960x1200.jpg 960w\" sizes=\"auto, (max-width: 760px) calc(100vw - 24px), 720px\" data-pin-media=\"https:\/\/flawlesshair.com\/wp-content\/uploads\/2023\/10\/Cute-Flippy-Wispy-Layers.jpg\" id=\"mv-trellis-img-16\" data-trellis-processed=\"1\"><div style=\"position: absolute; top: 0.5rem; right: 0.75rem;\"> <a href=\"https:\/\/www.pinterest.com\/pin\/create\/button\/\" data-pin-do=\"buttonPin\" data-pin-tall=\"true\" data-pin-url=\"https:\/\/flawlesshair.com\/pt\/camadas-para-emoldurar-o-rosto-cabelo-de-comprimento-medio\/\" data-pin-media=\"https:\/\/flawlesshair.com\/wp-content\/uploads\/2023\/10\/Cute-Flippy-Wispy-Layers.jpg\" data-pin-description=\"30 Attractive Face-Framing Layers For Medium-Length Hair\" rel=\"nofollow noopener\" target=\"_blank\"> <\/a><\/div><\/div><figcaption class=\"wp-element-caption\">@<a href=\"https:\/\/www.instagram.com\/ashleyb.hair\/\" target=\"_blank\" rel=\"noreferrer noopener nofollow\">ashleyb.hair<\/a><\/figcaption><\/figure>\n<\/div>\n\n\n<p>As camadas invertidas foram a moda dos anos 90, mas \u00e9 uma tend\u00eancia que, de alguma forma, regressa sempre \u00e0 moda. Para al\u00e9m de criar volume, as pontas em camadas invertidas dar\u00e3o um acabamento elegante ao seu cabelo. <\/p>\n\n\n\n<h2 class=\"wp-block-heading\">17. Camadas mais curtas do enquadramento facial<\/h2>\n\n\n<div class=\"wp-block-image\">\n<figure class=\"aligncenter size-full\"><div style=\"position: relative;\"><noscript><img loading=\"lazy\" decoding=\"async\" width=\"1080\" height=\"1111\" src=\"https:\/\/flawlesshair.com\/wp-content\/uploads\/2023\/10\/Shorter-Face-Framing-Layered-Blowout.jpg\" alt=\"Penteado em camadas para um rosto mais curto\" class=\"wp-image-27013\" srcset=\"https:\/\/flawlesshair.com\/wp-content\/uploads\/2023\/10\/Shorter-Face-Framing-Layered-Blowout.jpg 1080w, https:\/\/flawlesshair.com\/wp-content\/uploads\/2023\/10\/Shorter-Face-Framing-Layered-Blowout-292x300.jpg 292w, https:\/\/flawlesshair.com\/wp-content\/uploads\/2023\/10\/Shorter-Face-Framing-Layered-Blowout-768x790.jpg 768w, https:\/\/flawlesshair.com\/wp-content\/uploads\/2023\/10\/Shorter-Face-Framing-Layered-Blowout-933x960.jpg 933w, https:\/\/flawlesshair.com\/wp-content\/uploads\/2023\/10\/Shorter-Face-Framing-Layered-Blowout-1050x1080.jpg 1050w\" sizes=\"auto, (max-width: 760px) calc(100vw - 24px), 720px\"><\/noscript><img loading=\"lazy\" decoding=\"async\" width=\"1080\" height=\"1111\" src=\"https:\/\/flawlesshair.com\/wp-content\/uploads\/2023\/10\/Shorter-Face-Framing-Layered-Blowout.jpg\" alt=\"Penteado em camadas para um rosto mais curto\" class=\"wp-image-27013 lazyload\" srcset=\"https:\/\/flawlesshair.com\/wp-content\/uploads\/2023\/10\/Shorter-Face-Framing-Layered-Blowout.jpg 1080w, https:\/\/flawlesshair.com\/wp-content\/uploads\/2023\/10\/Shorter-Face-Framing-Layered-Blowout-292x300.jpg 292w, https:\/\/flawlesshair.com\/wp-content\/uploads\/2023\/10\/Shorter-Face-Framing-Layered-Blowout-768x790.jpg 768w, https:\/\/flawlesshair.com\/wp-content\/uploads\/2023\/10\/Shorter-Face-Framing-Layered-Blowout-933x960.jpg 933w, https:\/\/flawlesshair.com\/wp-content\/uploads\/2023\/10\/Shorter-Face-Framing-Layered-Blowout-1050x1080.jpg 1050w\" sizes=\"auto, (max-width: 760px) calc(100vw - 24px), 720px\" data-pin-media=\"https:\/\/flawlesshair.com\/wp-content\/uploads\/2023\/10\/Shorter-Face-Framing-Layered-Blowout.jpg\" id=\"mv-trellis-img-17\" data-trellis-processed=\"1\"><div style=\"position: absolute; top: 0.5rem; right: 0.75rem;\"> <a href=\"https:\/\/www.pinterest.com\/pin\/create\/button\/\" data-pin-do=\"buttonPin\" data-pin-tall=\"true\" data-pin-url=\"https:\/\/flawlesshair.com\/pt\/camadas-para-emoldurar-o-rosto-cabelo-de-comprimento-medio\/\" data-pin-media=\"https:\/\/flawlesshair.com\/wp-content\/uploads\/2023\/10\/Shorter-Face-Framing-Layered-Blowout.jpg\" data-pin-description=\"30 Attractive Face-Framing Layers For Medium-Length Hair\" rel=\"nofollow noopener\" target=\"_blank\"> <\/a><\/div><\/div><figcaption class=\"wp-element-caption\">@<a href=\"https:\/\/www.instagram.com\/michellezaffran\/\" target=\"_blank\" rel=\"noreferrer noopener nofollow\">michellezaffran<\/a><\/figcaption><\/figure>\n<\/div>\n\n\n<p>Se quiser afinar o seu cabelo espesso, esta pode ser a solu\u00e7\u00e3o perfeita para si. Deixe algumas madeixas de camadas mais curtas, que emolduram o rosto, \u00e0 frente e puxe suavemente o resto do cabelo para baixo. <\/p>\n\n\n\n<h2 class=\"wp-block-heading\">18. Cabelo escuro em camadas <\/h2>\n\n\n<div class=\"wp-block-image\">\n<figure class=\"aligncenter size-full\"><div style=\"position: relative;\"><noscript><img loading=\"lazy\" decoding=\"async\" width=\"1080\" height=\"1350\" src=\"https:\/\/flawlesshair.com\/wp-content\/uploads\/2023\/10\/Dark-Layered-Hair-Blowout.jpg\" alt=\"Penteado para cabelo escuro com camadas \" class=\"wp-image-26893\" srcset=\"https:\/\/flawlesshair.com\/wp-content\/uploads\/2023\/10\/Dark-Layered-Hair-Blowout.jpg 1080w, https:\/\/flawlesshair.com\/wp-content\/uploads\/2023\/10\/Dark-Layered-Hair-Blowout-240x300.jpg 240w, https:\/\/flawlesshair.com\/wp-content\/uploads\/2023\/10\/Dark-Layered-Hair-Blowout-768x960.jpg 768w, https:\/\/flawlesshair.com\/wp-content\/uploads\/2023\/10\/Dark-Layered-Hair-Blowout-864x1080.jpg 864w, https:\/\/flawlesshair.com\/wp-content\/uploads\/2023\/10\/Dark-Layered-Hair-Blowout-960x1200.jpg 960w\" sizes=\"auto, (max-width: 760px) calc(100vw - 24px), 720px\"><\/noscript><img loading=\"lazy\" decoding=\"async\" width=\"1080\" height=\"1350\" src=\"https:\/\/flawlesshair.com\/wp-content\/uploads\/2023\/10\/Dark-Layered-Hair-Blowout.jpg\" alt=\"Penteado para cabelo escuro com camadas \" class=\"wp-image-26893 lazyload\" srcset=\"https:\/\/flawlesshair.com\/wp-content\/uploads\/2023\/10\/Dark-Layered-Hair-Blowout.jpg 1080w, https:\/\/flawlesshair.com\/wp-content\/uploads\/2023\/10\/Dark-Layered-Hair-Blowout-240x300.jpg 240w, https:\/\/flawlesshair.com\/wp-content\/uploads\/2023\/10\/Dark-Layered-Hair-Blowout-768x960.jpg 768w, https:\/\/flawlesshair.com\/wp-content\/uploads\/2023\/10\/Dark-Layered-Hair-Blowout-864x1080.jpg 864w, https:\/\/flawlesshair.com\/wp-content\/uploads\/2023\/10\/Dark-Layered-Hair-Blowout-960x1200.jpg 960w\" sizes=\"auto, (max-width: 760px) calc(100vw - 24px), 720px\" data-pin-media=\"https:\/\/flawlesshair.com\/wp-content\/uploads\/2023\/10\/Dark-Layered-Hair-Blowout.jpg\" id=\"mv-trellis-img-18\" data-trellis-processed=\"1\"><div style=\"position: absolute; top: 0.5rem; right: 0.75rem;\"> <a href=\"https:\/\/www.pinterest.com\/pin\/create\/button\/\" data-pin-do=\"buttonPin\" data-pin-tall=\"true\" data-pin-url=\"https:\/\/flawlesshair.com\/pt\/camadas-para-emoldurar-o-rosto-cabelo-de-comprimento-medio\/\" data-pin-media=\"https:\/\/flawlesshair.com\/wp-content\/uploads\/2023\/10\/Dark-Layered-Hair-Blowout.jpg\" data-pin-description=\"30 Attractive Face-Framing Layers For Medium-Length Hair\" rel=\"nofollow noopener\" target=\"_blank\"> <\/a><\/div><\/div><figcaption class=\"wp-element-caption\">@<a href=\"https:\/\/www.instagram.com\/christinejoartistry\/\" target=\"_blank\" rel=\"noreferrer noopener nofollow\">christinejoartistry<\/a><\/figcaption><\/figure>\n<\/div>\n\n\n<p>Se gosta de manter o seu cabelo simples mas com classe, estas camadas longas e rectas devem ser o seu penteado de elei\u00e7\u00e3o. Elas criar\u00e3o o m\u00e1ximo de movimento poss\u00edvel e dar\u00e3o vida \u00e0s suas madeixas. <\/p>\n\n\n\n<h2 class=\"wp-block-heading\">19. Corte de cabelo redondo <\/h2>\n\n\n<div class=\"wp-block-image\">\n<figure class=\"aligncenter size-full\"><div style=\"position: relative;\"><noscript><img loading=\"lazy\" decoding=\"async\" width=\"1080\" height=\"1080\" src=\"https:\/\/flawlesshair.com\/wp-content\/uploads\/2023\/10\/Round-Haircut.jpg\" alt=\"Corte de cabelo redondo \" class=\"wp-image-27036\" srcset=\"https:\/\/flawlesshair.com\/wp-content\/uploads\/2023\/10\/Round-Haircut.jpg 1080w, https:\/\/flawlesshair.com\/wp-content\/uploads\/2023\/10\/Round-Haircut-300x300.jpg 300w, https:\/\/flawlesshair.com\/wp-content\/uploads\/2023\/10\/Round-Haircut-150x150.jpg 150w, https:\/\/flawlesshair.com\/wp-content\/uploads\/2023\/10\/Round-Haircut-768x768.jpg 768w, https:\/\/flawlesshair.com\/wp-content\/uploads\/2023\/10\/Round-Haircut-728x728.jpg 728w, https:\/\/flawlesshair.com\/wp-content\/uploads\/2023\/10\/Round-Haircut-960x960.jpg 960w\" sizes=\"auto, (max-width: 760px) calc(100vw - 24px), 720px\"><\/noscript><img loading=\"lazy\" decoding=\"async\" width=\"1080\" height=\"1080\" src=\"https:\/\/flawlesshair.com\/wp-content\/uploads\/2023\/10\/Round-Haircut.jpg\" alt=\"Corte de cabelo redondo \" class=\"wp-image-27036 lazyload\" srcset=\"https:\/\/flawlesshair.com\/wp-content\/uploads\/2023\/10\/Round-Haircut.jpg 1080w, https:\/\/flawlesshair.com\/wp-content\/uploads\/2023\/10\/Round-Haircut-300x300.jpg 300w, https:\/\/flawlesshair.com\/wp-content\/uploads\/2023\/10\/Round-Haircut-150x150.jpg 150w, https:\/\/flawlesshair.com\/wp-content\/uploads\/2023\/10\/Round-Haircut-768x768.jpg 768w, https:\/\/flawlesshair.com\/wp-content\/uploads\/2023\/10\/Round-Haircut-728x728.jpg 728w, https:\/\/flawlesshair.com\/wp-content\/uploads\/2023\/10\/Round-Haircut-960x960.jpg 960w\" sizes=\"auto, (max-width: 760px) calc(100vw - 24px), 720px\" data-pin-media=\"https:\/\/flawlesshair.com\/wp-content\/uploads\/2023\/10\/Round-Haircut.jpg\" id=\"mv-trellis-img-19\" data-trellis-processed=\"1\"><div style=\"position: absolute; top: 0.5rem; right: 0.75rem;\"> <a href=\"https:\/\/www.pinterest.com\/pin\/create\/button\/\" data-pin-do=\"buttonPin\" data-pin-tall=\"true\" data-pin-url=\"https:\/\/flawlesshair.com\/pt\/camadas-para-emoldurar-o-rosto-cabelo-de-comprimento-medio\/\" data-pin-media=\"https:\/\/flawlesshair.com\/wp-content\/uploads\/2023\/10\/Round-Haircut.jpg\" data-pin-description=\"30 Attractive Face-Framing Layers For Medium-Length Hair\" rel=\"nofollow noopener\" target=\"_blank\"> <\/a><\/div><\/div><figcaption class=\"wp-element-caption\">@<a href=\"https:\/\/www.instagram.com\/beautiful_by_natalie\/\" target=\"_blank\" rel=\"noreferrer noopener nofollow\">bonito_por_natalie<\/a><\/figcaption><\/figure>\n<\/div>\n\n\n<p>Tamb\u00e9m conhecidas como camadas uniformes, estas camadas redondas funcionam para rostos redondos porque podem alongar o rosto dando a apar\u00eancia de um pesco\u00e7o mais grosso.<\/p>\n\n\n\n<h2 class=\"wp-block-heading\">20. Dimens\u00e3o da luz solar <\/h2>\n\n\n<div class=\"wp-block-image\">\n<figure class=\"aligncenter size-full\"><div style=\"position: relative;\"><noscript><img loading=\"lazy\" decoding=\"async\" width=\"1080\" height=\"1080\" src=\"https:\/\/flawlesshair.com\/wp-content\/uploads\/2023\/10\/Sunlight-Dimension.jpg\" alt=\"Dimens\u00e3o da luz solar \" class=\"wp-image-27027\" srcset=\"https:\/\/flawlesshair.com\/wp-content\/uploads\/2023\/10\/Sunlight-Dimension.jpg 1080w, https:\/\/flawlesshair.com\/wp-content\/uploads\/2023\/10\/Sunlight-Dimension-300x300.jpg 300w, https:\/\/flawlesshair.com\/wp-content\/uploads\/2023\/10\/Sunlight-Dimension-150x150.jpg 150w, https:\/\/flawlesshair.com\/wp-content\/uploads\/2023\/10\/Sunlight-Dimension-768x768.jpg 768w, https:\/\/flawlesshair.com\/wp-content\/uploads\/2023\/10\/Sunlight-Dimension-728x728.jpg 728w, https:\/\/flawlesshair.com\/wp-content\/uploads\/2023\/10\/Sunlight-Dimension-960x960.jpg 960w\" sizes=\"auto, (max-width: 760px) calc(100vw - 24px), 720px\"><\/noscript><img loading=\"lazy\" decoding=\"async\" width=\"1080\" height=\"1080\" src=\"https:\/\/flawlesshair.com\/wp-content\/uploads\/2023\/10\/Sunlight-Dimension.jpg\" alt=\"Dimens\u00e3o da luz solar \" class=\"wp-image-27027 lazyload\" srcset=\"https:\/\/flawlesshair.com\/wp-content\/uploads\/2023\/10\/Sunlight-Dimension.jpg 1080w, https:\/\/flawlesshair.com\/wp-content\/uploads\/2023\/10\/Sunlight-Dimension-300x300.jpg 300w, https:\/\/flawlesshair.com\/wp-content\/uploads\/2023\/10\/Sunlight-Dimension-150x150.jpg 150w, https:\/\/flawlesshair.com\/wp-content\/uploads\/2023\/10\/Sunlight-Dimension-768x768.jpg 768w, https:\/\/flawlesshair.com\/wp-content\/uploads\/2023\/10\/Sunlight-Dimension-728x728.jpg 728w, https:\/\/flawlesshair.com\/wp-content\/uploads\/2023\/10\/Sunlight-Dimension-960x960.jpg 960w\" sizes=\"auto, (max-width: 760px) calc(100vw - 24px), 720px\" data-pin-media=\"https:\/\/flawlesshair.com\/wp-content\/uploads\/2023\/10\/Sunlight-Dimension.jpg\" id=\"mv-trellis-img-20\" data-trellis-processed=\"1\"><div style=\"position: absolute; top: 0.5rem; right: 0.75rem;\"> <a href=\"https:\/\/www.pinterest.com\/pin\/create\/button\/\" data-pin-do=\"buttonPin\" data-pin-tall=\"true\" data-pin-url=\"https:\/\/flawlesshair.com\/pt\/camadas-para-emoldurar-o-rosto-cabelo-de-comprimento-medio\/\" data-pin-media=\"https:\/\/flawlesshair.com\/wp-content\/uploads\/2023\/10\/Sunlight-Dimension.jpg\" data-pin-description=\"30 Attractive Face-Framing Layers For Medium-Length Hair\" rel=\"nofollow noopener\" target=\"_blank\"> <\/a><\/div><\/div><figcaption class=\"wp-element-caption\">@<a href=\"https:\/\/www.instagram.com\/permanaveda\/\" target=\"_blank\" rel=\"noreferrer noopener nofollow\">permanaveda<\/a><\/figcaption><\/figure>\n<\/div>\n\n\n<p>Estas madeixas dimensionais requerem muito pouca manuten\u00e7\u00e3o e adequam-se a todos os tons de pele. As camadas que emolduram o rosto e algumas sec\u00e7\u00f5es do cabelo s\u00e3o mais claras, o que suaviza alguns tra\u00e7os faciais mais duros e ilumina o rosto.  <\/p>\n\n\n\n<h2 class=\"wp-block-heading\">21. Camadas de moldura para rosto redondo <\/h2>\n\n\n<div class=\"wp-block-image\">\n<figure class=\"aligncenter size-full\"><div style=\"position: relative;\"><noscript><img loading=\"lazy\" decoding=\"async\" width=\"1080\" height=\"1350\" src=\"https:\/\/flawlesshair.com\/wp-content\/uploads\/2023\/10\/Face-Framing-Layers-For-Round-Face-Shape.jpg\" alt=\"Camadas para o formato de rosto redondo \" class=\"wp-image-26895\" srcset=\"https:\/\/flawlesshair.com\/wp-content\/uploads\/2023\/10\/Face-Framing-Layers-For-Round-Face-Shape.jpg 1080w, https:\/\/flawlesshair.com\/wp-content\/uploads\/2023\/10\/Face-Framing-Layers-For-Round-Face-Shape-240x300.jpg 240w, https:\/\/flawlesshair.com\/wp-content\/uploads\/2023\/10\/Face-Framing-Layers-For-Round-Face-Shape-768x960.jpg 768w, https:\/\/flawlesshair.com\/wp-content\/uploads\/2023\/10\/Face-Framing-Layers-For-Round-Face-Shape-864x1080.jpg 864w, https:\/\/flawlesshair.com\/wp-content\/uploads\/2023\/10\/Face-Framing-Layers-For-Round-Face-Shape-960x1200.jpg 960w\" sizes=\"auto, (max-width: 760px) calc(100vw - 24px), 720px\"><\/noscript><img loading=\"lazy\" decoding=\"async\" width=\"1080\" height=\"1350\" src=\"https:\/\/flawlesshair.com\/wp-content\/uploads\/2023\/10\/Face-Framing-Layers-For-Round-Face-Shape.jpg\" alt=\"Camadas para o formato de rosto redondo \" class=\"wp-image-26895 lazyload\" srcset=\"https:\/\/flawlesshair.com\/wp-content\/uploads\/2023\/10\/Face-Framing-Layers-For-Round-Face-Shape.jpg 1080w, https:\/\/flawlesshair.com\/wp-content\/uploads\/2023\/10\/Face-Framing-Layers-For-Round-Face-Shape-240x300.jpg 240w, https:\/\/flawlesshair.com\/wp-content\/uploads\/2023\/10\/Face-Framing-Layers-For-Round-Face-Shape-768x960.jpg 768w, https:\/\/flawlesshair.com\/wp-content\/uploads\/2023\/10\/Face-Framing-Layers-For-Round-Face-Shape-864x1080.jpg 864w, https:\/\/flawlesshair.com\/wp-content\/uploads\/2023\/10\/Face-Framing-Layers-For-Round-Face-Shape-960x1200.jpg 960w\" sizes=\"auto, (max-width: 760px) calc(100vw - 24px), 720px\" data-pin-media=\"https:\/\/flawlesshair.com\/wp-content\/uploads\/2023\/10\/Face-Framing-Layers-For-Round-Face-Shape.jpg\" id=\"mv-trellis-img-21\" data-trellis-processed=\"1\"><div style=\"position: absolute; top: 0.5rem; right: 0.75rem;\"> <a href=\"https:\/\/www.pinterest.com\/pin\/create\/button\/\" data-pin-do=\"buttonPin\" data-pin-tall=\"true\" data-pin-url=\"https:\/\/flawlesshair.com\/pt\/camadas-para-emoldurar-o-rosto-cabelo-de-comprimento-medio\/\" data-pin-media=\"https:\/\/flawlesshair.com\/wp-content\/uploads\/2023\/10\/Face-Framing-Layers-For-Round-Face-Shape.jpg\" data-pin-description=\"30 Attractive Face-Framing Layers For Medium-Length Hair\" rel=\"nofollow noopener\" target=\"_blank\"> <\/a><\/div><\/div><figcaption class=\"wp-element-caption\">@<a href=\"https:\/\/www.instagram.com\/ashleyb.hair\/\" target=\"_blank\" rel=\"noreferrer noopener nofollow\">ashleyb.hair<\/a><\/figcaption><\/figure>\n<\/div>\n\n\n<p>Se quiser limitar a sua <a href=\"https:\/\/flawlesshair.com\/pt\/franja-para-rosto-redondo\/\">rosto redondo<\/a>deve optar por um corte de cabelo em camadas de comprimento m\u00e9dio. Ou, para ser mais exacta, um corte que enquadre o rosto. <\/p>\n\n\n\n<p>As camadas alongam o pesco\u00e7o e escondem o queixo, o que lhe dar\u00e1 o efeito de emagrecimento desejado. Combine as camadas com franjas em cortina porque s\u00e3o a melhor escolha para um rosto redondo. <\/p>\n\n\n\n<h2 class=\"wp-block-heading\">22. Penteado ousado com moldura facial <\/h2>\n\n\n<div class=\"wp-block-image\">\n<figure class=\"aligncenter size-full\"><div style=\"position: relative;\"><noscript><img loading=\"lazy\" decoding=\"async\" width=\"1080\" height=\"1350\" src=\"https:\/\/flawlesshair.com\/wp-content\/uploads\/2023\/10\/edgy-face-framing-shag.jpg\" alt=\"Cabeleira de rosto arrojado\" class=\"wp-image-26941\" srcset=\"https:\/\/flawlesshair.com\/wp-content\/uploads\/2023\/10\/edgy-face-framing-shag.jpg 1080w, https:\/\/flawlesshair.com\/wp-content\/uploads\/2023\/10\/edgy-face-framing-shag-240x300.jpg 240w, https:\/\/flawlesshair.com\/wp-content\/uploads\/2023\/10\/edgy-face-framing-shag-768x960.jpg 768w, https:\/\/flawlesshair.com\/wp-content\/uploads\/2023\/10\/edgy-face-framing-shag-864x1080.jpg 864w, https:\/\/flawlesshair.com\/wp-content\/uploads\/2023\/10\/edgy-face-framing-shag-960x1200.jpg 960w\" sizes=\"auto, (max-width: 760px) calc(100vw - 24px), 720px\"><\/noscript><img loading=\"lazy\" decoding=\"async\" width=\"1080\" height=\"1350\" src=\"https:\/\/flawlesshair.com\/wp-content\/uploads\/2023\/10\/edgy-face-framing-shag.jpg\" alt=\"Cabeleira de rosto arrojado\" class=\"wp-image-26941 lazyload\" srcset=\"https:\/\/flawlesshair.com\/wp-content\/uploads\/2023\/10\/edgy-face-framing-shag.jpg 1080w, https:\/\/flawlesshair.com\/wp-content\/uploads\/2023\/10\/edgy-face-framing-shag-240x300.jpg 240w, https:\/\/flawlesshair.com\/wp-content\/uploads\/2023\/10\/edgy-face-framing-shag-768x960.jpg 768w, https:\/\/flawlesshair.com\/wp-content\/uploads\/2023\/10\/edgy-face-framing-shag-864x1080.jpg 864w, https:\/\/flawlesshair.com\/wp-content\/uploads\/2023\/10\/edgy-face-framing-shag-960x1200.jpg 960w\" sizes=\"auto, (max-width: 760px) calc(100vw - 24px), 720px\" data-pin-media=\"https:\/\/flawlesshair.com\/wp-content\/uploads\/2023\/10\/edgy-face-framing-shag.jpg\" id=\"mv-trellis-img-22\" data-trellis-processed=\"1\"><div style=\"position: absolute; top: 0.5rem; right: 0.75rem;\"> <a href=\"https:\/\/www.pinterest.com\/pin\/create\/button\/\" data-pin-do=\"buttonPin\" data-pin-tall=\"true\" data-pin-url=\"https:\/\/flawlesshair.com\/pt\/camadas-para-emoldurar-o-rosto-cabelo-de-comprimento-medio\/\" data-pin-media=\"https:\/\/flawlesshair.com\/wp-content\/uploads\/2023\/10\/edgy-face-framing-shag.jpg\" data-pin-description=\"30 Attractive Face-Framing Layers For Medium-Length Hair\" rel=\"nofollow noopener\" target=\"_blank\"> <\/a><\/div><\/div><figcaption class=\"wp-element-caption\">@<a href=\"https:\/\/www.instagram.com\/hairbyelvisp\/\" target=\"_blank\" rel=\"noreferrer noopener nofollow\">@hairbyelvisp<\/a><\/figcaption><\/figure>\n<\/div>\n\n\n<p>Quer real\u00e7ar a sua personalidade arrojada? Deixe que o seu penteado fa\u00e7a esse trabalho por si. Este cabelo despenteado d\u00e1 aquele aspeto \"desarrumado mas com estilo\" e, mais importante ainda, funciona para todos os tipos de cabelo. <\/p>\n\n\n\n<h2 class=\"wp-block-heading\">23. Camadas de um comprimento para o enquadramento da face <\/h2>\n\n\n<div class=\"wp-block-image\">\n<figure class=\"aligncenter size-full\"><div style=\"position: relative;\"><noscript><img loading=\"lazy\" decoding=\"async\" width=\"1080\" height=\"1080\" src=\"https:\/\/flawlesshair.com\/wp-content\/uploads\/2023\/10\/One-Length-Face-Framing-Layers.jpg\" alt=\"Camadas de um comprimento para o enquadramento da face \" class=\"wp-image-26990\" srcset=\"https:\/\/flawlesshair.com\/wp-content\/uploads\/2023\/10\/One-Length-Face-Framing-Layers.jpg 1080w, https:\/\/flawlesshair.com\/wp-content\/uploads\/2023\/10\/One-Length-Face-Framing-Layers-300x300.jpg 300w, https:\/\/flawlesshair.com\/wp-content\/uploads\/2023\/10\/One-Length-Face-Framing-Layers-150x150.jpg 150w, https:\/\/flawlesshair.com\/wp-content\/uploads\/2023\/10\/One-Length-Face-Framing-Layers-768x768.jpg 768w, https:\/\/flawlesshair.com\/wp-content\/uploads\/2023\/10\/One-Length-Face-Framing-Layers-728x728.jpg 728w, https:\/\/flawlesshair.com\/wp-content\/uploads\/2023\/10\/One-Length-Face-Framing-Layers-960x960.jpg 960w\" sizes=\"auto, (max-width: 760px) calc(100vw - 24px), 720px\"><\/noscript><img loading=\"lazy\" decoding=\"async\" width=\"1080\" height=\"1080\" src=\"https:\/\/flawlesshair.com\/wp-content\/uploads\/2023\/10\/One-Length-Face-Framing-Layers.jpg\" alt=\"Camadas de um comprimento para o enquadramento da face \" class=\"wp-image-26990 lazyload\" srcset=\"https:\/\/flawlesshair.com\/wp-content\/uploads\/2023\/10\/One-Length-Face-Framing-Layers.jpg 1080w, https:\/\/flawlesshair.com\/wp-content\/uploads\/2023\/10\/One-Length-Face-Framing-Layers-300x300.jpg 300w, https:\/\/flawlesshair.com\/wp-content\/uploads\/2023\/10\/One-Length-Face-Framing-Layers-150x150.jpg 150w, https:\/\/flawlesshair.com\/wp-content\/uploads\/2023\/10\/One-Length-Face-Framing-Layers-768x768.jpg 768w, https:\/\/flawlesshair.com\/wp-content\/uploads\/2023\/10\/One-Length-Face-Framing-Layers-728x728.jpg 728w, https:\/\/flawlesshair.com\/wp-content\/uploads\/2023\/10\/One-Length-Face-Framing-Layers-960x960.jpg 960w\" sizes=\"auto, (max-width: 760px) calc(100vw - 24px), 720px\" data-pin-media=\"https:\/\/flawlesshair.com\/wp-content\/uploads\/2023\/10\/One-Length-Face-Framing-Layers.jpg\" id=\"mv-trellis-img-23\" data-trellis-processed=\"1\"><div style=\"position: absolute; top: 0.5rem; right: 0.75rem;\"> <a href=\"https:\/\/www.pinterest.com\/pin\/create\/button\/\" data-pin-do=\"buttonPin\" data-pin-tall=\"true\" data-pin-url=\"https:\/\/flawlesshair.com\/pt\/camadas-para-emoldurar-o-rosto-cabelo-de-comprimento-medio\/\" data-pin-media=\"https:\/\/flawlesshair.com\/wp-content\/uploads\/2023\/10\/One-Length-Face-Framing-Layers.jpg\" data-pin-description=\"30 Attractive Face-Framing Layers For Medium-Length Hair\" rel=\"nofollow noopener\" target=\"_blank\"> <\/a><\/div><\/div><figcaption class=\"wp-element-caption\">@<a href=\"https:\/\/www.instagram.com\/lonestylist\/\" target=\"_blank\" rel=\"noreferrer noopener nofollow\">lista telef\u00f3nica<\/a><\/figcaption><\/figure>\n<\/div>\n\n\n<p>\u00c9 um corte de cabelo cl\u00e1ssico, mas n\u00e3o \u00e9 assim t\u00e3o f\u00e1cil conseguir o corte de um s\u00f3 comprimento e \u00e9 por isso que s\u00f3 deve deixar que um profissional o fa\u00e7a. As camadas que emolduram o rosto proporcionam movimento e volume, caso contr\u00e1rio, sem elas, seria de facto um penteado aborrecido. <\/p>\n\n\n\n<h2 class=\"wp-block-heading\">24. Cobre com subcolora\u00e7\u00e3o loura <\/h2>\n\n\n<div class=\"wp-block-image\">\n<figure class=\"aligncenter size-full\"><div style=\"position: relative;\"><noscript><img loading=\"lazy\" decoding=\"async\" width=\"1080\" height=\"1172\" src=\"https:\/\/flawlesshair.com\/wp-content\/uploads\/2023\/10\/Copper-With-Blonde-Underdye.jpg\" alt=\"Cobre com subcolora\u00e7\u00e3o loura \" class=\"wp-image-27040\" srcset=\"https:\/\/flawlesshair.com\/wp-content\/uploads\/2023\/10\/Copper-With-Blonde-Underdye.jpg 1080w, https:\/\/flawlesshair.com\/wp-content\/uploads\/2023\/10\/Copper-With-Blonde-Underdye-276x300.jpg 276w, https:\/\/flawlesshair.com\/wp-content\/uploads\/2023\/10\/Copper-With-Blonde-Underdye-768x833.jpg 768w, https:\/\/flawlesshair.com\/wp-content\/uploads\/2023\/10\/Copper-With-Blonde-Underdye-885x960.jpg 885w, https:\/\/flawlesshair.com\/wp-content\/uploads\/2023\/10\/Copper-With-Blonde-Underdye-995x1080.jpg 995w\" sizes=\"auto, (max-width: 760px) calc(100vw - 24px), 720px\"><\/noscript><img loading=\"lazy\" decoding=\"async\" width=\"1080\" height=\"1172\" src=\"https:\/\/flawlesshair.com\/wp-content\/uploads\/2023\/10\/Copper-With-Blonde-Underdye.jpg\" alt=\"Cobre com subcolora\u00e7\u00e3o loura \" class=\"wp-image-27040 lazyload\" srcset=\"https:\/\/flawlesshair.com\/wp-content\/uploads\/2023\/10\/Copper-With-Blonde-Underdye.jpg 1080w, https:\/\/flawlesshair.com\/wp-content\/uploads\/2023\/10\/Copper-With-Blonde-Underdye-276x300.jpg 276w, https:\/\/flawlesshair.com\/wp-content\/uploads\/2023\/10\/Copper-With-Blonde-Underdye-768x833.jpg 768w, https:\/\/flawlesshair.com\/wp-content\/uploads\/2023\/10\/Copper-With-Blonde-Underdye-885x960.jpg 885w, https:\/\/flawlesshair.com\/wp-content\/uploads\/2023\/10\/Copper-With-Blonde-Underdye-995x1080.jpg 995w\" sizes=\"auto, (max-width: 760px) calc(100vw - 24px), 720px\" data-pin-media=\"https:\/\/flawlesshair.com\/wp-content\/uploads\/2023\/10\/Copper-With-Blonde-Underdye.jpg\" id=\"mv-trellis-img-24\" data-trellis-processed=\"1\"><div style=\"position: absolute; top: 0.5rem; right: 0.75rem;\"> <a href=\"https:\/\/www.pinterest.com\/pin\/create\/button\/\" data-pin-do=\"buttonPin\" data-pin-tall=\"true\" data-pin-url=\"https:\/\/flawlesshair.com\/pt\/camadas-para-emoldurar-o-rosto-cabelo-de-comprimento-medio\/\" data-pin-media=\"https:\/\/flawlesshair.com\/wp-content\/uploads\/2023\/10\/Copper-With-Blonde-Underdye.jpg\" data-pin-description=\"30 Attractive Face-Framing Layers For Medium-Length Hair\" rel=\"nofollow noopener\" target=\"_blank\"> <\/a><\/div><\/div><figcaption class=\"wp-element-caption\">@<a href=\"https:\/\/www.instagram.com\/kimmm_muro\/\" target=\"_blank\" rel=\"noreferrer noopener nofollow\">kimmm_muro<\/a><\/figcaption><\/figure>\n<\/div>\n\n\n<p>Os tons acobreados s\u00e3o as cores de cabelo mais rom\u00e2nticas e precisamos de p\u00f4r um ponto final aqui mesmo. No entanto, s\u00e3o estas camadas louras que tornam este look t\u00e3o \u00fanico e elegante. Acrescentam profundidade e, juntamente com as camadas volumosas, o seu cabelo parecer\u00e1 mais espesso do que nunca. <\/p>\n\n\n\n<h2 class=\"wp-block-heading\">25. Corte de cabelo com colarinho <\/h2>\n\n\n<div class=\"wp-block-image\">\n<figure class=\"aligncenter size-full\"><div style=\"position: relative;\"><noscript><img loading=\"lazy\" decoding=\"async\" width=\"868\" height=\"1085\" src=\"https:\/\/flawlesshair.com\/wp-content\/uploads\/2023\/10\/Collarbone-Grazing-Haircut.jpg\" alt=\"Corte de cabelo com colarinho \" class=\"wp-image-27000\" srcset=\"https:\/\/flawlesshair.com\/wp-content\/uploads\/2023\/10\/Collarbone-Grazing-Haircut.jpg 868w, https:\/\/flawlesshair.com\/wp-content\/uploads\/2023\/10\/Collarbone-Grazing-Haircut-240x300.jpg 240w, https:\/\/flawlesshair.com\/wp-content\/uploads\/2023\/10\/Collarbone-Grazing-Haircut-768x960.jpg 768w, https:\/\/flawlesshair.com\/wp-content\/uploads\/2023\/10\/Collarbone-Grazing-Haircut-864x1080.jpg 864w\" sizes=\"auto, (max-width: 760px) calc(100vw - 24px), 720px\"><\/noscript><img loading=\"lazy\" decoding=\"async\" width=\"868\" height=\"1085\" src=\"https:\/\/flawlesshair.com\/wp-content\/uploads\/2023\/10\/Collarbone-Grazing-Haircut.jpg\" alt=\"Corte de cabelo com colarinho \" class=\"wp-image-27000 lazyload\" srcset=\"https:\/\/flawlesshair.com\/wp-content\/uploads\/2023\/10\/Collarbone-Grazing-Haircut.jpg 868w, https:\/\/flawlesshair.com\/wp-content\/uploads\/2023\/10\/Collarbone-Grazing-Haircut-240x300.jpg 240w, https:\/\/flawlesshair.com\/wp-content\/uploads\/2023\/10\/Collarbone-Grazing-Haircut-768x960.jpg 768w, https:\/\/flawlesshair.com\/wp-content\/uploads\/2023\/10\/Collarbone-Grazing-Haircut-864x1080.jpg 864w\" sizes=\"auto, (max-width: 760px) calc(100vw - 24px), 720px\" data-pin-media=\"https:\/\/flawlesshair.com\/wp-content\/uploads\/2023\/10\/Collarbone-Grazing-Haircut.jpg\" id=\"mv-trellis-img-25\" data-trellis-processed=\"1\"><div style=\"position: absolute; top: 0.5rem; right: 0.75rem;\"> <a href=\"https:\/\/www.pinterest.com\/pin\/create\/button\/\" data-pin-do=\"buttonPin\" data-pin-tall=\"true\" data-pin-url=\"https:\/\/flawlesshair.com\/pt\/camadas-para-emoldurar-o-rosto-cabelo-de-comprimento-medio\/\" data-pin-media=\"https:\/\/flawlesshair.com\/wp-content\/uploads\/2023\/10\/Collarbone-Grazing-Haircut.jpg\" data-pin-description=\"30 Attractive Face-Framing Layers For Medium-Length Hair\" rel=\"nofollow noopener\" target=\"_blank\"> <\/a><\/div><\/div><figcaption class=\"wp-element-caption\">@<a href=\"https:\/\/www.instagram.com\/patriziamanias\/\" target=\"_blank\" rel=\"noreferrer noopener nofollow\">patriziamanias<\/a><\/figcaption><\/figure>\n<\/div>\n\n\n<p>Os cortes de cabelo com gola s\u00e3o considerados um dos cortes de cabelo mais atraentes e femininos. Estas camadas secas at\u00e9 \u00e0 perfei\u00e7\u00e3o podem realmente fazer com que chame o seu cabeleireiro o mais depressa poss\u00edvel. <\/p>\n\n\n\n<h2 class=\"wp-block-heading\">26. Destaques em louro-cobre ardente<\/h2>\n\n\n<div class=\"wp-block-image\">\n<figure class=\"aligncenter size-full\"><div style=\"position: relative;\"><noscript><img loading=\"lazy\" decoding=\"async\" width=\"1080\" height=\"1350\" src=\"https:\/\/flawlesshair.com\/wp-content\/uploads\/2023\/10\/Fiery-Copper-Blonde-Highlights.jpg\" alt=\"Madeixas de cobre ardente-louro\" class=\"wp-image-27003\" srcset=\"https:\/\/flawlesshair.com\/wp-content\/uploads\/2023\/10\/Fiery-Copper-Blonde-Highlights.jpg 1080w, https:\/\/flawlesshair.com\/wp-content\/uploads\/2023\/10\/Fiery-Copper-Blonde-Highlights-240x300.jpg 240w, https:\/\/flawlesshair.com\/wp-content\/uploads\/2023\/10\/Fiery-Copper-Blonde-Highlights-768x960.jpg 768w, https:\/\/flawlesshair.com\/wp-content\/uploads\/2023\/10\/Fiery-Copper-Blonde-Highlights-864x1080.jpg 864w, https:\/\/flawlesshair.com\/wp-content\/uploads\/2023\/10\/Fiery-Copper-Blonde-Highlights-960x1200.jpg 960w\" sizes=\"auto, (max-width: 760px) calc(100vw - 24px), 720px\"><\/noscript><img loading=\"lazy\" decoding=\"async\" width=\"1080\" height=\"1350\" src=\"https:\/\/flawlesshair.com\/wp-content\/uploads\/2023\/10\/Fiery-Copper-Blonde-Highlights.jpg\" alt=\"Madeixas de cobre ardente-louro\" class=\"wp-image-27003 lazyload\" srcset=\"https:\/\/flawlesshair.com\/wp-content\/uploads\/2023\/10\/Fiery-Copper-Blonde-Highlights.jpg 1080w, https:\/\/flawlesshair.com\/wp-content\/uploads\/2023\/10\/Fiery-Copper-Blonde-Highlights-240x300.jpg 240w, https:\/\/flawlesshair.com\/wp-content\/uploads\/2023\/10\/Fiery-Copper-Blonde-Highlights-768x960.jpg 768w, https:\/\/flawlesshair.com\/wp-content\/uploads\/2023\/10\/Fiery-Copper-Blonde-Highlights-864x1080.jpg 864w, https:\/\/flawlesshair.com\/wp-content\/uploads\/2023\/10\/Fiery-Copper-Blonde-Highlights-960x1200.jpg 960w\" sizes=\"auto, (max-width: 760px) calc(100vw - 24px), 720px\" data-pin-media=\"https:\/\/flawlesshair.com\/wp-content\/uploads\/2023\/10\/Fiery-Copper-Blonde-Highlights.jpg\" id=\"mv-trellis-img-26\" data-trellis-processed=\"1\"><div style=\"position: absolute; top: 0.5rem; right: 0.75rem;\"> <a href=\"https:\/\/www.pinterest.com\/pin\/create\/button\/\" data-pin-do=\"buttonPin\" data-pin-tall=\"true\" data-pin-url=\"https:\/\/flawlesshair.com\/pt\/camadas-para-emoldurar-o-rosto-cabelo-de-comprimento-medio\/\" data-pin-media=\"https:\/\/flawlesshair.com\/wp-content\/uploads\/2023\/10\/Fiery-Copper-Blonde-Highlights.jpg\" data-pin-description=\"30 Attractive Face-Framing Layers For Medium-Length Hair\" rel=\"nofollow noopener\" target=\"_blank\"> <\/a><\/div><\/div><figcaption class=\"wp-element-caption\">@<a href=\"https:\/\/www.instagram.com\/thelostfox_\/\" target=\"_blank\" rel=\"noreferrer noopener nofollow\">thelostfox_<\/a><\/figcaption><\/figure>\n<\/div>\n\n\n<p>Os tons louro-acobreados favorecem as mulheres com tons de pele neutros ou quentes. Combinados com estas camadas que emolduram o rosto e com a textura ondulada, criam um look harmonioso e chique. <\/p>\n\n\n\n<h2 class=\"wp-block-heading\">27. Corte com l\u00e2mina de barbear e o corte na orelha <\/h2>\n\n\n<div class=\"wp-block-image\">\n<figure class=\"aligncenter size-full\"><div style=\"position: relative;\"><noscript><img loading=\"lazy\" decoding=\"async\" width=\"824\" height=\"905\" src=\"https:\/\/flawlesshair.com\/wp-content\/uploads\/2023\/10\/Razor-Cut-And-The-Ear-Tuck.jpg\" alt=\"Corte com l\u00e2mina de barbear e o corte na orelha \" class=\"wp-image-27015\" srcset=\"https:\/\/flawlesshair.com\/wp-content\/uploads\/2023\/10\/Razor-Cut-And-The-Ear-Tuck.jpg 824w, https:\/\/flawlesshair.com\/wp-content\/uploads\/2023\/10\/Razor-Cut-And-The-Ear-Tuck-273x300.jpg 273w, https:\/\/flawlesshair.com\/wp-content\/uploads\/2023\/10\/Razor-Cut-And-The-Ear-Tuck-768x843.jpg 768w\" sizes=\"auto, (max-width: 760px) calc(100vw - 24px), 720px\"><\/noscript><img loading=\"lazy\" decoding=\"async\" width=\"824\" height=\"905\" src=\"https:\/\/flawlesshair.com\/wp-content\/uploads\/2023\/10\/Razor-Cut-And-The-Ear-Tuck.jpg\" alt=\"Corte com l\u00e2mina de barbear e o corte na orelha \" class=\"wp-image-27015 lazyload\" srcset=\"https:\/\/flawlesshair.com\/wp-content\/uploads\/2023\/10\/Razor-Cut-And-The-Ear-Tuck.jpg 824w, https:\/\/flawlesshair.com\/wp-content\/uploads\/2023\/10\/Razor-Cut-And-The-Ear-Tuck-273x300.jpg 273w, https:\/\/flawlesshair.com\/wp-content\/uploads\/2023\/10\/Razor-Cut-And-The-Ear-Tuck-768x843.jpg 768w\" sizes=\"auto, (max-width: 760px) calc(100vw - 24px), 720px\" data-pin-media=\"https:\/\/flawlesshair.com\/wp-content\/uploads\/2023\/10\/Razor-Cut-And-The-Ear-Tuck.jpg\" id=\"mv-trellis-img-27\" data-trellis-processed=\"1\"><div style=\"position: absolute; top: 0.5rem; right: 0.75rem;\"> <a href=\"https:\/\/www.pinterest.com\/pin\/create\/button\/\" data-pin-do=\"buttonPin\" data-pin-tall=\"true\" data-pin-url=\"https:\/\/flawlesshair.com\/pt\/camadas-para-emoldurar-o-rosto-cabelo-de-comprimento-medio\/\" data-pin-media=\"https:\/\/flawlesshair.com\/wp-content\/uploads\/2023\/10\/Razor-Cut-And-The-Ear-Tuck.jpg\" data-pin-description=\"30 Attractive Face-Framing Layers For Medium-Length Hair\" rel=\"nofollow noopener\" target=\"_blank\"> <\/a><\/div><\/div><figcaption class=\"wp-element-caption\">@<a href=\"https:\/\/www.instagram.com\/ceremonyportland\/\" target=\"_blank\" rel=\"noreferrer noopener nofollow\">cerim\u00f3niaportland<\/a><\/figcaption><\/figure>\n<\/div>\n\n\n<p>O penteado sem esfor\u00e7o para as orelhas \u00e9 para mulheres que gostam de looks simples com um pouco de vibra\u00e7\u00e3o nerd. Estas madeixas que emolduram o rosto, deixadas \u00e0 frente, est\u00e3o cheias de saltos sedutores. <\/p>\n\n\n\n<h2 class=\"wp-block-heading\">28. Camadas de penas para o enquadramento facial<\/h2>\n\n\n<div class=\"wp-block-image\">\n<figure class=\"aligncenter size-full\"><div style=\"position: relative;\"><noscript><img loading=\"lazy\" decoding=\"async\" width=\"828\" height=\"828\" src=\"https:\/\/flawlesshair.com\/wp-content\/uploads\/2023\/10\/Feathered-face-framing-layers.jpg\" alt=\"Camadas de penas para emoldurar o rosto\" class=\"wp-image-27024\" srcset=\"https:\/\/flawlesshair.com\/wp-content\/uploads\/2023\/10\/Feathered-face-framing-layers.jpg 828w, https:\/\/flawlesshair.com\/wp-content\/uploads\/2023\/10\/Feathered-face-framing-layers-300x300.jpg 300w, https:\/\/flawlesshair.com\/wp-content\/uploads\/2023\/10\/Feathered-face-framing-layers-150x150.jpg 150w, https:\/\/flawlesshair.com\/wp-content\/uploads\/2023\/10\/Feathered-face-framing-layers-768x768.jpg 768w, https:\/\/flawlesshair.com\/wp-content\/uploads\/2023\/10\/Feathered-face-framing-layers-728x728.jpg 728w\" sizes=\"auto, (max-width: 760px) calc(100vw - 24px), 720px\"><\/noscript><img loading=\"lazy\" decoding=\"async\" width=\"828\" height=\"828\" src=\"https:\/\/flawlesshair.com\/wp-content\/uploads\/2023\/10\/Feathered-face-framing-layers.jpg\" alt=\"Camadas de penas para emoldurar o rosto\" class=\"wp-image-27024 lazyload\" srcset=\"https:\/\/flawlesshair.com\/wp-content\/uploads\/2023\/10\/Feathered-face-framing-layers.jpg 828w, https:\/\/flawlesshair.com\/wp-content\/uploads\/2023\/10\/Feathered-face-framing-layers-300x300.jpg 300w, https:\/\/flawlesshair.com\/wp-content\/uploads\/2023\/10\/Feathered-face-framing-layers-150x150.jpg 150w, https:\/\/flawlesshair.com\/wp-content\/uploads\/2023\/10\/Feathered-face-framing-layers-768x768.jpg 768w, https:\/\/flawlesshair.com\/wp-content\/uploads\/2023\/10\/Feathered-face-framing-layers-728x728.jpg 728w\" sizes=\"auto, (max-width: 760px) calc(100vw - 24px), 720px\" data-pin-media=\"https:\/\/flawlesshair.com\/wp-content\/uploads\/2023\/10\/Feathered-face-framing-layers.jpg\" id=\"mv-trellis-img-28\" data-trellis-processed=\"1\"><div style=\"position: absolute; top: 0.5rem; right: 0.75rem;\"> <a href=\"https:\/\/www.pinterest.com\/pin\/create\/button\/\" data-pin-do=\"buttonPin\" data-pin-tall=\"true\" data-pin-url=\"https:\/\/flawlesshair.com\/pt\/camadas-para-emoldurar-o-rosto-cabelo-de-comprimento-medio\/\" data-pin-media=\"https:\/\/flawlesshair.com\/wp-content\/uploads\/2023\/10\/Feathered-face-framing-layers.jpg\" data-pin-description=\"30 Attractive Face-Framing Layers For Medium-Length Hair\" rel=\"nofollow noopener\" target=\"_blank\"> <\/a><\/div><\/div><figcaption class=\"wp-element-caption\">@<a href=\"https:\/\/www.instagram.com\/thiyaguraj_official\/\" target=\"_blank\" rel=\"noreferrer noopener nofollow\">thiyaguraj_official<\/a><\/figcaption><\/figure>\n<\/div>\n\n\n<p>A maior vantagem das camadas com penas \u00e9 o facto de definirem a textura do cabelo. Se o seu cabelo for ondulado ou encaracolado, vai moldar o final das suas madeixas. Por outro lado, se o seu cabelo for liso, vai colocar os fios uns sobre os outros e dar mais movimento. <\/p>\n\n\n\n<h2 class=\"wp-block-heading\">29. Camadas de caramelo de castanha <\/h2>\n\n\n<div class=\"wp-block-image\">\n<figure class=\"aligncenter size-full\"><div style=\"position: relative;\"><noscript><img loading=\"lazy\" decoding=\"async\" width=\"1080\" height=\"1346\" src=\"https:\/\/flawlesshair.com\/wp-content\/uploads\/2023\/10\/Chestnut-Caramel-Layers.jpg\" alt=\"Camadas de caramelo de castanha \" class=\"wp-image-27031\" srcset=\"https:\/\/flawlesshair.com\/wp-content\/uploads\/2023\/10\/Chestnut-Caramel-Layers.jpg 1080w, https:\/\/flawlesshair.com\/wp-content\/uploads\/2023\/10\/Chestnut-Caramel-Layers-241x300.jpg 241w, https:\/\/flawlesshair.com\/wp-content\/uploads\/2023\/10\/Chestnut-Caramel-Layers-768x957.jpg 768w, https:\/\/flawlesshair.com\/wp-content\/uploads\/2023\/10\/Chestnut-Caramel-Layers-770x960.jpg 770w, https:\/\/flawlesshair.com\/wp-content\/uploads\/2023\/10\/Chestnut-Caramel-Layers-867x1080.jpg 867w, https:\/\/flawlesshair.com\/wp-content\/uploads\/2023\/10\/Chestnut-Caramel-Layers-963x1200.jpg 963w\" sizes=\"auto, (max-width: 760px) calc(100vw - 24px), 720px\"><\/noscript><img loading=\"lazy\" decoding=\"async\" width=\"1080\" height=\"1346\" src=\"https:\/\/flawlesshair.com\/wp-content\/uploads\/2023\/10\/Chestnut-Caramel-Layers.jpg\" alt=\"Camadas de caramelo de castanha \" class=\"wp-image-27031 lazyload\" srcset=\"https:\/\/flawlesshair.com\/wp-content\/uploads\/2023\/10\/Chestnut-Caramel-Layers.jpg 1080w, https:\/\/flawlesshair.com\/wp-content\/uploads\/2023\/10\/Chestnut-Caramel-Layers-241x300.jpg 241w, https:\/\/flawlesshair.com\/wp-content\/uploads\/2023\/10\/Chestnut-Caramel-Layers-768x957.jpg 768w, https:\/\/flawlesshair.com\/wp-content\/uploads\/2023\/10\/Chestnut-Caramel-Layers-770x960.jpg 770w, https:\/\/flawlesshair.com\/wp-content\/uploads\/2023\/10\/Chestnut-Caramel-Layers-867x1080.jpg 867w, https:\/\/flawlesshair.com\/wp-content\/uploads\/2023\/10\/Chestnut-Caramel-Layers-963x1200.jpg 963w\" sizes=\"auto, (max-width: 760px) calc(100vw - 24px), 720px\" data-pin-media=\"https:\/\/flawlesshair.com\/wp-content\/uploads\/2023\/10\/Chestnut-Caramel-Layers.jpg\" id=\"mv-trellis-img-29\" data-trellis-processed=\"1\"><div style=\"position: absolute; top: 0.5rem; right: 0.75rem;\"> <a href=\"https:\/\/www.pinterest.com\/pin\/create\/button\/\" data-pin-do=\"buttonPin\" data-pin-tall=\"true\" data-pin-url=\"https:\/\/flawlesshair.com\/pt\/camadas-para-emoldurar-o-rosto-cabelo-de-comprimento-medio\/\" data-pin-media=\"https:\/\/flawlesshair.com\/wp-content\/uploads\/2023\/10\/Chestnut-Caramel-Layers.jpg\" data-pin-description=\"30 Attractive Face-Framing Layers For Medium-Length Hair\" rel=\"nofollow noopener\" target=\"_blank\"> <\/a><\/div><\/div><figcaption class=\"wp-element-caption\">@<a href=\"https:\/\/www.instagram.com\/shami_audo_k\/\" target=\"_blank\" rel=\"noreferrer noopener nofollow\">shami_audo_k<\/a><\/figcaption><\/figure>\n<\/div>\n\n\n<p>Esta cor de outono tem um aspeto t\u00e3o natural e \u00e9 bastante f\u00e1cil de manter. No entanto, se tiver um tom de pele mais escuro, deve evitar estas tonalidades castanho-avermelhadas, porque o baixo contraste vai fazer com que fique desbotada. <\/p>\n\n\n\n<h2 class=\"wp-block-heading\">30. Franja Bardot com tran\u00e7as para emoldurar o rosto <\/h2>\n\n\n<div class=\"wp-block-image\">\n<figure class=\"aligncenter size-full\"><div style=\"position: relative;\"><noscript><img loading=\"lazy\" decoding=\"async\" width=\"1080\" height=\"1125\" src=\"https:\/\/flawlesshair.com\/wp-content\/uploads\/2023\/10\/Face-Framing-Bardot-Bangs-And-Braids.jpg\" alt=\"Franja Bardot e tran\u00e7as para emoldurar o rosto \" class=\"wp-image-27007\" srcset=\"https:\/\/flawlesshair.com\/wp-content\/uploads\/2023\/10\/Face-Framing-Bardot-Bangs-And-Braids.jpg 1080w, https:\/\/flawlesshair.com\/wp-content\/uploads\/2023\/10\/Face-Framing-Bardot-Bangs-And-Braids-288x300.jpg 288w, https:\/\/flawlesshair.com\/wp-content\/uploads\/2023\/10\/Face-Framing-Bardot-Bangs-And-Braids-768x800.jpg 768w, https:\/\/flawlesshair.com\/wp-content\/uploads\/2023\/10\/Face-Framing-Bardot-Bangs-And-Braids-922x960.jpg 922w, https:\/\/flawlesshair.com\/wp-content\/uploads\/2023\/10\/Face-Framing-Bardot-Bangs-And-Braids-1037x1080.jpg 1037w\" sizes=\"auto, (max-width: 760px) calc(100vw - 24px), 720px\"><\/noscript><img loading=\"lazy\" decoding=\"async\" width=\"1080\" height=\"1125\" src=\"https:\/\/flawlesshair.com\/wp-content\/uploads\/2023\/10\/Face-Framing-Bardot-Bangs-And-Braids.jpg\" alt=\"Franja Bardot e tran\u00e7as para emoldurar o rosto \" class=\"wp-image-27007 lazyload\" srcset=\"https:\/\/flawlesshair.com\/wp-content\/uploads\/2023\/10\/Face-Framing-Bardot-Bangs-And-Braids.jpg 1080w, https:\/\/flawlesshair.com\/wp-content\/uploads\/2023\/10\/Face-Framing-Bardot-Bangs-And-Braids-288x300.jpg 288w, https:\/\/flawlesshair.com\/wp-content\/uploads\/2023\/10\/Face-Framing-Bardot-Bangs-And-Braids-768x800.jpg 768w, https:\/\/flawlesshair.com\/wp-content\/uploads\/2023\/10\/Face-Framing-Bardot-Bangs-And-Braids-922x960.jpg 922w, https:\/\/flawlesshair.com\/wp-content\/uploads\/2023\/10\/Face-Framing-Bardot-Bangs-And-Braids-1037x1080.jpg 1037w\" sizes=\"auto, (max-width: 760px) calc(100vw - 24px), 720px\" data-pin-media=\"https:\/\/flawlesshair.com\/wp-content\/uploads\/2023\/10\/Face-Framing-Bardot-Bangs-And-Braids.jpg\" id=\"mv-trellis-img-30\" data-trellis-processed=\"1\"><div style=\"position: absolute; top: 0.5rem; right: 0.75rem;\"> <a href=\"https:\/\/www.pinterest.com\/pin\/create\/button\/\" data-pin-do=\"buttonPin\" data-pin-tall=\"true\" data-pin-url=\"https:\/\/flawlesshair.com\/pt\/camadas-para-emoldurar-o-rosto-cabelo-de-comprimento-medio\/\" data-pin-media=\"https:\/\/flawlesshair.com\/wp-content\/uploads\/2023\/10\/Face-Framing-Bardot-Bangs-And-Braids.jpg\" data-pin-description=\"30 Attractive Face-Framing Layers For Medium-Length Hair\" rel=\"nofollow noopener\" target=\"_blank\"> <\/a><\/div><\/div><figcaption class=\"wp-element-caption\">@<a href=\"https:\/\/www.instagram.com\/hollygirldoeshair\/\" target=\"_blank\" rel=\"noreferrer noopener nofollow\">hollygirldoeshair<\/a><\/figcaption><\/figure>\n<\/div>\n\n\n<p>A franja Bardot \u00e9 muito semelhante \u00e0 franja cortina, exceto que tem aquela parte central suave que d\u00e1 um ar mais sofisticado e elegante. Como pode ver, tamb\u00e9m combinam na perfei\u00e7\u00e3o com estas camadas que emolduram o rosto. Quando se trata destas tran\u00e7as, elas simplesmente acrescentam um toque jovem e elegante a todo o look. <\/p>","protected":false},"excerpt":{"rendered":"<p>Tenho a certeza de que a primeira pergunta que tem sobre as camadas que emolduram o rosto \u00e9 se elas se adequam \u00e0 textura do seu cabelo ou ao formato do seu rosto. Nesse caso, tem ...<\/p>","protected":false},"author":5,"featured_media":27020,"comment_status":"closed","ping_status":"closed","sticky":false,"template":"","format":"standard","meta":{"syndication_tool_enabled":false,"syndication_tool_title":"","syndication_tool_excerpt":"","syndication_tool_featured_image":0,"syndication_tool_publish_date":"","syndication_tool_schema_types":[],"syndication_tool_backlink_enable":false,"syndication_tool_ai_disclosure_enable":false,"disable-in-feed":false,"article-schema-type":"","disable-critical-css":false,"footnotes":""},"categories":[32],"tags":[],"class_list":["post-26835","post","type-post","status-publish","format-standard","has-post-thumbnail","hentry","category-medium"],"_links":{"self":[{"href":"https:\/\/flawlesshair.com\/pt\/wp-json\/wp\/v2\/posts\/26835","targetHints":{"allow":["GET"]}}],"collection":[{"href":"https:\/\/flawlesshair.com\/pt\/wp-json\/wp\/v2\/posts"}],"about":[{"href":"https:\/\/flawlesshair.com\/pt\/wp-json\/wp\/v2\/types\/post"}],"author":[{"embeddable":true,"href":"https:\/\/flawlesshair.com\/pt\/wp-json\/wp\/v2\/users\/5"}],"replies":[{"embeddable":true,"href":"https:\/\/flawlesshair.com\/pt\/wp-json\/wp\/v2\/comments?post=26835"}],"version-history":[{"count":0,"href":"https:\/\/flawlesshair.com\/pt\/wp-json\/wp\/v2\/posts\/26835\/revisions"}],"wp:featuredmedia":[{"embeddable":true,"href":"https:\/\/flawlesshair.com\/pt\/wp-json\/wp\/v2\/media\/27020"}],"wp:attachment":[{"href":"https:\/\/flawlesshair.com\/pt\/wp-json\/wp\/v2\/media?parent=26835"}],"wp:term":[{"taxonomy":"category","embeddable":true,"href":"https:\/\/flawlesshair.com\/pt\/wp-json\/wp\/v2\/categories?post=26835"},{"taxonomy":"post_tag","embeddable":true,"href":"https:\/\/flawlesshair.com\/pt\/wp-json\/wp\/v2\/tags?post=26835"}],"curies":[{"name":"wp","href":"https:\/\/api.w.org\/{rel}","templated":true}]}}