{"id":29964,"date":"2025-01-09T13:00:00","date_gmt":"2025-01-09T12:00:00","guid":{"rendered":"https:\/\/flawlesshair.com\/?p=29964"},"modified":"2025-01-16T15:45:37","modified_gmt":"2025-01-16T14:45:37","slug":"ideias-para-cabelos-encaracolados","status":"publish","type":"post","link":"https:\/\/flawlesshair.com\/pt\/ideias-para-cabelos-encaracolados\/","title":{"rendered":"Obtenha carac\u00f3is perfeitos com estas dicas e estilos de cabelo encaracolado geniais"},"content":{"rendered":"<style>img#mv-trellis-img-1::before{padding-top:52.5%; }img#mv-trellis-img-1{display:block;}img#mv-trellis-img-2::before{padding-top:52.5%; }img#mv-trellis-img-2{display:block;}img#mv-trellis-img-3::before{padding-top:52.5%; }img#mv-trellis-img-3{display:block;}img#mv-trellis-img-4::before{padding-top:100%; }img#mv-trellis-img-4{display:block;}img#mv-trellis-img-5::before{padding-top:100%; }img#mv-trellis-img-5{display:block;}img#mv-trellis-img-6::before{padding-top:100%; }img#mv-trellis-img-6{display:block;}img#mv-trellis-img-7::before{padding-top:100%; }img#mv-trellis-img-7{display:block;}img#mv-trellis-img-8::before{padding-top:100%; }img#mv-trellis-img-8{display:block;}img#mv-trellis-img-9::before{padding-top:100%; }img#mv-trellis-img-9{display:block;}img#mv-trellis-img-10::before{padding-top:100%; }img#mv-trellis-img-10{display:block;}img#mv-trellis-img-11::before{padding-top:100%; }img#mv-trellis-img-11{display:block;}img#mv-trellis-img-12::before{padding-top:100%; }img#mv-trellis-img-12{display:block;}img#mv-trellis-img-13::before{padding-top:100%; }img#mv-trellis-img-13{display:block;}img#mv-trellis-img-14::before{padding-top:100%; }img#mv-trellis-img-14{display:block;}img#mv-trellis-img-15::before{padding-top:125%; }img#mv-trellis-img-15{display:block;}img#mv-trellis-img-16::before{padding-top:100%; }img#mv-trellis-img-16{display:block;}img#mv-trellis-img-17::before{padding-top:110.46296296296%; }img#mv-trellis-img-17{display:block;}img#mv-trellis-img-18::before{padding-top:125%; }img#mv-trellis-img-18{display:block;}img#mv-trellis-img-19::before{padding-top:125%; }img#mv-trellis-img-19{display:block;}img#mv-trellis-img-20::before{padding-top:125%; }img#mv-trellis-img-20{display:block;}img#mv-trellis-img-21::before{padding-top:100%; }img#mv-trellis-img-21{display:block;}img#mv-trellis-img-22::before{padding-top:112.40740740741%; }img#mv-trellis-img-22{display:block;}img#mv-trellis-img-23::before{padding-top:100%; }img#mv-trellis-img-23{display:block;}img#mv-trellis-img-24::before{padding-top:125%; }img#mv-trellis-img-24{display:block;}img#mv-trellis-img-25::before{padding-top:125%; }img#mv-trellis-img-25{display:block;}img#mv-trellis-img-26::before{padding-top:125%; }img#mv-trellis-img-26{display:block;}img#mv-trellis-img-27::before{padding-top:125%; }img#mv-trellis-img-27{display:block;}img#mv-trellis-img-28::before{padding-top:125%; }img#mv-trellis-img-28{display:block;}img#mv-trellis-img-29::before{padding-top:125%; }img#mv-trellis-img-29{display:block;}img#mv-trellis-img-30::before{padding-top:98.796296296296%; }img#mv-trellis-img-30{display:block;}img#mv-trellis-img-31::before{padding-top:125%; }img#mv-trellis-img-31{display:block;}img#mv-trellis-img-32::before{padding-top:125%; }img#mv-trellis-img-32{display:block;}img#mv-trellis-img-33::before{padding-top:99.907407407407%; }img#mv-trellis-img-33{display:block;}img#mv-trellis-img-34::before{padding-top:126.2962962963%; }img#mv-trellis-img-34{display:block;}img#mv-trellis-img-35::before{padding-top:125%; }img#mv-trellis-img-35{display:block;}img#mv-trellis-img-36::before{padding-top:125%; }img#mv-trellis-img-36{display:block;}img#mv-trellis-img-37::before{padding-top:124.53703703704%; }img#mv-trellis-img-37{display:block;}img#mv-trellis-img-38::before{padding-top:125%; }img#mv-trellis-img-38{display:block;}img#mv-trellis-img-39::before{padding-top:124.90740740741%; }img#mv-trellis-img-39{display:block;}img#mv-trellis-img-40::before{padding-top:100%; }img#mv-trellis-img-40{display:block;}img#mv-trellis-img-41::before{padding-top:125%; }img#mv-trellis-img-41{display:block;}img#mv-trellis-img-42::before{padding-top:124.62962962963%; }img#mv-trellis-img-42{display:block;}img#mv-trellis-img-43::before{padding-top:100%; }img#mv-trellis-img-43{display:block;}img#mv-trellis-img-44::before{padding-top:100%; }img#mv-trellis-img-44{display:block;}img#mv-trellis-img-45::before{padding-top:115.46296296296%; }img#mv-trellis-img-45{display:block;}img#mv-trellis-img-46::before{padding-top:124.90740740741%; }img#mv-trellis-img-46{display:block;}img#mv-trellis-img-47::before{padding-top:111.2962962963%; }img#mv-trellis-img-47{display:block;}img#mv-trellis-img-48::before{padding-top:125%; }img#mv-trellis-img-48{display:block;}img#mv-trellis-img-49::before{padding-top:125%; }img#mv-trellis-img-49{display:block;}img#mv-trellis-img-50::before{padding-top:100%; }img#mv-trellis-img-50{display:block;}img#mv-trellis-img-51::before{padding-top:117.68518518519%; }img#mv-trellis-img-51{display:block;}img#mv-trellis-img-52::before{padding-top:125%; }img#mv-trellis-img-52{display:block;}img#mv-trellis-img-53::before{padding-top:100%; }img#mv-trellis-img-53{display:block;}img#mv-trellis-img-54::before{padding-top:100%; }img#mv-trellis-img-54{display:block;}img#mv-trellis-img-55::before{padding-top:124.95029821074%; }img#mv-trellis-img-55{display:block;}img#mv-trellis-img-56::before{padding-top:100%; }img#mv-trellis-img-56{display:block;}img#mv-trellis-img-57::before{padding-top:125%; }img#mv-trellis-img-57{display:block;}img#mv-trellis-img-58::before{padding-top:100%; }img#mv-trellis-img-58{display:block;}img#mv-trellis-img-59::before{padding-top:125%; }img#mv-trellis-img-59{display:block;}img#mv-trellis-img-60::before{padding-top:124.62962962963%; }img#mv-trellis-img-60{display:block;}img#mv-trellis-img-61::before{padding-top:112.31481481481%; }img#mv-trellis-img-61{display:block;}img#mv-trellis-img-62::before{padding-top:124.90740740741%; }img#mv-trellis-img-62{display:block;}<\/style>\n<p>Sejamos realistas. Cuidar corretamente do cabelo encaracolado \u00e9 como se fosse um segundo emprego. Os carac\u00f3is podem ser imprevis\u00edveis (tal como a pr\u00f3pria vida) e h\u00e1 uma grande variedade de compet\u00eancias que precisa de dominar para conseguir \"um bom dia de cabelo\". <\/p>\n\n\n\n<p><strong>O cabelo encaracolado tem tr\u00eas categorias diferentes, enquanto o cabelo liso tem apenas uma. <\/strong>Al\u00e9m disso, diferentes tipos de carac\u00f3is requerem diferentes cuidados, cortes e m\u00e9todos de modela\u00e7\u00e3o, e Aquele-Que-N\u00e3o-Deve-Ser-Nomeado (referindo-se ao frisado) \u00e9 um dos seus maiores inimigos.   <\/p>\n\n\n\n<p>Mas apesar de todos estes desafios e \"situa\u00e7\u00f5es de frisado\", ter cabelo encaracolado vale TOTALMENTE a pena porque raramente as texturas de cabelo podem ficar t\u00e3o bem com diferentes tons e penteados. Yasss!  <\/p>\n\n\n\n<p>Eis, portanto, a minha conclus\u00e3o introdut\u00f3ria:<strong> Aprender a cuidar corretamente da sua cabeleira encaracolada e a estiliz\u00e1-la \u00e9 um pr\u00e9-requisito se quiser libertar o m\u00e1ximo potencial dos seus carac\u00f3is. <\/strong><\/p>\n\n\n\n<p><em>Um bom dia de cabelo est\u00e1 apenas a alguns par\u00e1grafos de dist\u00e2ncia! <\/em> <\/p>\n\n\n\n<h2 class=\"wp-block-heading\">Encontre o seu tipo de carac\u00f3is: 9 tipos de cabelo encaracolado<\/h2>\n\n\n\n<p>O seu tipo de carac\u00f3is \u00e9 determinado pela forma do fol\u00edculo a partir do qual o seu cabelo cresce no couro cabeludo. Por exemplo, se tiver um fol\u00edculo mais plano ou oval, o seu cabelo ser\u00e1 mais encaracolado. <\/p>\n\n\n\n<p><strong>Existem tr\u00eas tipos principais de cabelo encaracolado, que s\u00e3o<\/strong> <strong>ondulado, encaracolado e crespo.<\/strong> Cada tipo tem tr\u00eas subtipos de acordo com a espessura, a textura e outras caracter\u00edsticas do cabelo. Vejamos: <\/p>\n\n\n\n<h3 class=\"wp-block-heading\">1. Cabelo ondulado<\/h3>\n\n\n\n<figure class=\"wp-block-image size-full\"><div style=\"position: relative;\"><noscript><img loading=\"lazy\" decoding=\"async\" width=\"1200\" height=\"630\" src=\"https:\/\/flawlesshair.com\/wp-content\/uploads\/2023\/11\/Copy-of-@___tasha__bugatti___-5.jpg\" alt=\"Emma Stone e Jennifer Lawrence com penteados ondulados\" class=\"wp-image-30208\" srcset=\"https:\/\/flawlesshair.com\/wp-content\/uploads\/2023\/11\/Copy-of-@___tasha__bugatti___-5.jpg 1200w, https:\/\/flawlesshair.com\/wp-content\/uploads\/2023\/11\/Copy-of-@___tasha__bugatti___-5-300x158.jpg 300w, https:\/\/flawlesshair.com\/wp-content\/uploads\/2023\/11\/Copy-of-@___tasha__bugatti___-5-768x403.jpg 768w, https:\/\/flawlesshair.com\/wp-content\/uploads\/2023\/11\/Copy-of-@___tasha__bugatti___-5-18x9.jpg 18w, https:\/\/flawlesshair.com\/wp-content\/uploads\/2023\/11\/Copy-of-@___tasha__bugatti___-5-960x504.jpg 960w, https:\/\/flawlesshair.com\/wp-content\/uploads\/2023\/11\/Copy-of-@___tasha__bugatti___-5-1080x567.jpg 1080w, https:\/\/flawlesshair.com\/wp-content\/uploads\/2023\/11\/Copy-of-@___tasha__bugatti___-5-150x79.jpg 150w\" sizes=\"auto, (max-width: 760px) calc(100vw - 24px), 720px\"><\/noscript><img loading=\"eager\" decoding=\"async\" width=\"1200\" height=\"630\" src=\"data:image\/svg+xml,%3Csvg%20xmlns='http:\/\/www.w3.org\/2000\/svg'%20viewBox='0%200%201200%20630'%3E%3Crect%20width='1200'%20height='630'%20style='fill:%23e3e3e3'\/%3E%3C\/svg%3E\" alt=\"Emma Stone e Jennifer Lawrence com penteados ondulados\" class=\"wp-image-30208 eager-load\" sizes=\"auto, (max-width: 760px) calc(100vw - 24px), 720px\" data-pin-media=\"https:\/\/flawlesshair.com\/wp-content\/uploads\/2023\/11\/Copy-of-@___tasha__bugatti___-5.jpg\" id=\"mv-trellis-img-1\" data-src=\"https:\/\/flawlesshair.com\/wp-content\/uploads\/2023\/11\/Copy-of-@___tasha__bugatti___-5.jpg\" data-srcset=\"https:\/\/flawlesshair.com\/wp-content\/uploads\/2023\/11\/Copy-of-@___tasha__bugatti___-5.jpg 1200w, https:\/\/flawlesshair.com\/wp-content\/uploads\/2023\/11\/Copy-of-@___tasha__bugatti___-5-300x158.jpg 300w, https:\/\/flawlesshair.com\/wp-content\/uploads\/2023\/11\/Copy-of-@___tasha__bugatti___-5-768x403.jpg 768w, https:\/\/flawlesshair.com\/wp-content\/uploads\/2023\/11\/Copy-of-@___tasha__bugatti___-5-18x9.jpg 18w, https:\/\/flawlesshair.com\/wp-content\/uploads\/2023\/11\/Copy-of-@___tasha__bugatti___-5-960x504.jpg 960w, https:\/\/flawlesshair.com\/wp-content\/uploads\/2023\/11\/Copy-of-@___tasha__bugatti___-5-1080x567.jpg 1080w, https:\/\/flawlesshair.com\/wp-content\/uploads\/2023\/11\/Copy-of-@___tasha__bugatti___-5-150x79.jpg 150w\" data-svg=\"1\" data-trellis-processed=\"1\"><div style=\"position: absolute; top: 0.5rem; right: 0.75rem;\"> <a href=\"https:\/\/www.pinterest.com\/pin\/create\/button\/\" data-pin-do=\"buttonPin\" data-pin-tall=\"true\" data-pin-url=\"https:\/\/flawlesshair.com\/pt\/ideias-para-cabelos-encaracolados\/\" data-pin-media=\"https:\/\/flawlesshair.com\/wp-content\/uploads\/2023\/11\/Copy-of-@___tasha__bugatti___-5.jpg\" data-pin-description=\"Get Perfect Curls With These Genius Curly Hair Tips And Styles\" rel=\"nofollow noopener\" target=\"_blank\"> <\/a><\/div><\/div><\/figure>\n\n\n\n<p>O cabelo ondulado tem uma espessura de cabelo fina a m\u00e9dia e uma forma el\u00e1stica em que o padr\u00e3o de ondula\u00e7\u00e3o em forma de S se encontra mais pr\u00f3ximo da cabe\u00e7a. Eis os subtipos de cabelo ondulado:<\/p>\n\n\n\n<p><strong>- Tipo 2A (ondas luminosas e esticadas)<\/strong><\/p>\n\n\n\n<p>O cabelo ondulado 2A tem tudo a ver com textura fina e falta de volume na raiz. Deve evitar utilizar produtos de modela\u00e7\u00e3o pesados se n\u00e3o quiser que os seus fios fiquem pesados e com um aspeto ba\u00e7o.<\/p>\n\n\n\n<p><strong>- Tipo 2B (ondas suaves com mais defini\u00e7\u00e3o<\/strong>)<\/p>\n\n\n\n<p>O cabelo ondulado 2B \u00e9 mais liso na coroa e tem ondas mais definidas. Para real\u00e7ar o melhor do seu tipo de carac\u00f3is, sugiro a utiliza\u00e7\u00e3o de sprays hidratantes enriquecidos com prote\u00ednas. <\/p>\n\n\n\n<p><strong>- Tipo 2C (ondas definidas em forma de S)<\/strong>)<\/p>\n\n\n\n<p>O cabelo ondulado 2C apresenta ondas bem definidas em forma de S com uma textura espessa. Os produtos sem sulfatos s\u00e3o ben\u00e9ficos para todos os tipos de carac\u00f3is, mas especialmente para este, uma vez que evitam retirar a humidade essencial dos seus fios.  <\/p>\n\n\n\n<h3 class=\"wp-block-heading\">2. Cabelo encaracolado<\/h3>\n\n\n\n<figure class=\"wp-block-image size-full\"><div style=\"position: relative;\"><noscript><img loading=\"lazy\" decoding=\"async\" width=\"1200\" height=\"630\" src=\"https:\/\/flawlesshair.com\/wp-content\/uploads\/2023\/11\/Copy-of-@___tasha__bugatti___-7.jpg\" alt=\"Shakira e Rihanna com cabelo encaracolado\" class=\"wp-image-30210\" srcset=\"https:\/\/flawlesshair.com\/wp-content\/uploads\/2023\/11\/Copy-of-@___tasha__bugatti___-7.jpg 1200w, https:\/\/flawlesshair.com\/wp-content\/uploads\/2023\/11\/Copy-of-@___tasha__bugatti___-7-300x158.jpg 300w, https:\/\/flawlesshair.com\/wp-content\/uploads\/2023\/11\/Copy-of-@___tasha__bugatti___-7-768x403.jpg 768w, https:\/\/flawlesshair.com\/wp-content\/uploads\/2023\/11\/Copy-of-@___tasha__bugatti___-7-18x9.jpg 18w, https:\/\/flawlesshair.com\/wp-content\/uploads\/2023\/11\/Copy-of-@___tasha__bugatti___-7-960x504.jpg 960w, https:\/\/flawlesshair.com\/wp-content\/uploads\/2023\/11\/Copy-of-@___tasha__bugatti___-7-1080x567.jpg 1080w, https:\/\/flawlesshair.com\/wp-content\/uploads\/2023\/11\/Copy-of-@___tasha__bugatti___-7-150x79.jpg 150w\" sizes=\"auto, (max-width: 760px) calc(100vw - 24px), 720px\"><\/noscript><img loading=\"lazy\" decoding=\"async\" width=\"1200\" height=\"630\" src=\"https:\/\/flawlesshair.com\/wp-content\/uploads\/2023\/11\/Copy-of-@___tasha__bugatti___-7.jpg\" alt=\"Shakira e Rihanna com cabelo encaracolado\" class=\"wp-image-30210 lazyload\" srcset=\"https:\/\/flawlesshair.com\/wp-content\/uploads\/2023\/11\/Copy-of-@___tasha__bugatti___-7.jpg 1200w, https:\/\/flawlesshair.com\/wp-content\/uploads\/2023\/11\/Copy-of-@___tasha__bugatti___-7-300x158.jpg 300w, https:\/\/flawlesshair.com\/wp-content\/uploads\/2023\/11\/Copy-of-@___tasha__bugatti___-7-768x403.jpg 768w, https:\/\/flawlesshair.com\/wp-content\/uploads\/2023\/11\/Copy-of-@___tasha__bugatti___-7-18x9.jpg 18w, https:\/\/flawlesshair.com\/wp-content\/uploads\/2023\/11\/Copy-of-@___tasha__bugatti___-7-960x504.jpg 960w, https:\/\/flawlesshair.com\/wp-content\/uploads\/2023\/11\/Copy-of-@___tasha__bugatti___-7-1080x567.jpg 1080w, https:\/\/flawlesshair.com\/wp-content\/uploads\/2023\/11\/Copy-of-@___tasha__bugatti___-7-150x79.jpg 150w\" sizes=\"auto, (max-width: 760px) calc(100vw - 24px), 720px\" data-pin-media=\"https:\/\/flawlesshair.com\/wp-content\/uploads\/2023\/11\/Copy-of-@___tasha__bugatti___-7.jpg\" id=\"mv-trellis-img-2\" data-trellis-processed=\"1\"><div style=\"position: absolute; top: 0.5rem; right: 0.75rem;\"> <a href=\"https:\/\/www.pinterest.com\/pin\/create\/button\/\" data-pin-do=\"buttonPin\" data-pin-tall=\"true\" data-pin-url=\"https:\/\/flawlesshair.com\/pt\/ideias-para-cabelos-encaracolados\/\" data-pin-media=\"https:\/\/flawlesshair.com\/wp-content\/uploads\/2023\/11\/Copy-of-@___tasha__bugatti___-7.jpg\" data-pin-description=\"Get Perfect Curls With These Genius Curly Hair Tips And Styles\" rel=\"nofollow noopener\" target=\"_blank\"> <\/a><\/div><\/div><\/figure>\n\n\n\n<p>O cabelo encaracolado varia de carac\u00f3is grandes e soltos a saca-rolhas apertados, e o frisado \u00e9 o seu maior inimigo. Os subtipos de cabelo encaracolado incluem os seguintes:<\/p>\n\n\n\n<p><strong>- Tipo 3A (carac\u00f3is grandes e soltos)<\/strong><\/p>\n\n\n\n<p>O cabelo encaracolado 3A apresenta carac\u00f3is grandes e soltos que est\u00e3o a gritar por um creme para carac\u00f3is para lhes dar mais defini\u00e7\u00e3o. Dica: utilize regularmente cremes para carac\u00f3is e os seus carac\u00f3is ficar-lhe-\u00e3o gratos.<\/p>\n\n\n\n<p><strong>- Tipo 3B (an\u00e9is saltitantes)<\/strong><\/p>\n\n\n\n<p>O cabelo encaracolado 3B tem an\u00e9is bonitos que ficam melhor com gel para penteados. Certifique-se apenas de que aplica o gel de cabelo no seu cabelo molhado para evitar o frisado. <\/p>\n\n\n\n<p><strong>- Tipo 3C (saca-rolhas com mola)<\/strong><\/p>\n\n\n\n<p><a href=\"https:\/\/flawlesshair.com\/pt\/cabelo-encaracolado-3c\/\">Cabelo encaracolado 3C<\/a> tem saca-rolhas apertados que variam entre um canudo e um l\u00e1pis em termos de forma. Este tipo de carac\u00f3is tem muito volume natural e o melhor m\u00e9todo de modela\u00e7\u00e3o \u00e9 uma combina\u00e7\u00e3o de mousse e creme para pentear.<\/p>\n\n\n\n<h3 class=\"wp-block-heading\">3. Cabelo encaracolado<\/h3>\n\n\n\n<figure class=\"wp-block-image size-full\"><div style=\"position: relative;\"><noscript><img loading=\"lazy\" decoding=\"async\" width=\"1200\" height=\"630\" src=\"https:\/\/flawlesshair.com\/wp-content\/uploads\/2023\/11\/Copy-of-@___tasha__bugatti___-8-1.jpg\" alt=\"Yara Shahidi e Kerry Washington com cabelo encaracolado\" class=\"wp-image-30212\" srcset=\"https:\/\/flawlesshair.com\/wp-content\/uploads\/2023\/11\/Copy-of-@___tasha__bugatti___-8-1.jpg 1200w, https:\/\/flawlesshair.com\/wp-content\/uploads\/2023\/11\/Copy-of-@___tasha__bugatti___-8-1-300x158.jpg 300w, https:\/\/flawlesshair.com\/wp-content\/uploads\/2023\/11\/Copy-of-@___tasha__bugatti___-8-1-768x403.jpg 768w, https:\/\/flawlesshair.com\/wp-content\/uploads\/2023\/11\/Copy-of-@___tasha__bugatti___-8-1-18x9.jpg 18w, https:\/\/flawlesshair.com\/wp-content\/uploads\/2023\/11\/Copy-of-@___tasha__bugatti___-8-1-960x504.jpg 960w, https:\/\/flawlesshair.com\/wp-content\/uploads\/2023\/11\/Copy-of-@___tasha__bugatti___-8-1-1080x567.jpg 1080w, https:\/\/flawlesshair.com\/wp-content\/uploads\/2023\/11\/Copy-of-@___tasha__bugatti___-8-1-150x79.jpg 150w\" sizes=\"auto, (max-width: 760px) calc(100vw - 24px), 720px\"><\/noscript><img loading=\"lazy\" decoding=\"async\" width=\"1200\" height=\"630\" src=\"https:\/\/flawlesshair.com\/wp-content\/uploads\/2023\/11\/Copy-of-@___tasha__bugatti___-8-1.jpg\" alt=\"Yara Shahidi e Kerry Washington com cabelo encaracolado\" class=\"wp-image-30212 lazyload\" srcset=\"https:\/\/flawlesshair.com\/wp-content\/uploads\/2023\/11\/Copy-of-@___tasha__bugatti___-8-1.jpg 1200w, https:\/\/flawlesshair.com\/wp-content\/uploads\/2023\/11\/Copy-of-@___tasha__bugatti___-8-1-300x158.jpg 300w, https:\/\/flawlesshair.com\/wp-content\/uploads\/2023\/11\/Copy-of-@___tasha__bugatti___-8-1-768x403.jpg 768w, https:\/\/flawlesshair.com\/wp-content\/uploads\/2023\/11\/Copy-of-@___tasha__bugatti___-8-1-18x9.jpg 18w, https:\/\/flawlesshair.com\/wp-content\/uploads\/2023\/11\/Copy-of-@___tasha__bugatti___-8-1-960x504.jpg 960w, https:\/\/flawlesshair.com\/wp-content\/uploads\/2023\/11\/Copy-of-@___tasha__bugatti___-8-1-1080x567.jpg 1080w, https:\/\/flawlesshair.com\/wp-content\/uploads\/2023\/11\/Copy-of-@___tasha__bugatti___-8-1-150x79.jpg 150w\" sizes=\"auto, (max-width: 760px) calc(100vw - 24px), 720px\" data-pin-media=\"https:\/\/flawlesshair.com\/wp-content\/uploads\/2023\/11\/Copy-of-@___tasha__bugatti___-8-1.jpg\" id=\"mv-trellis-img-3\" data-trellis-processed=\"1\"><div style=\"position: absolute; top: 0.5rem; right: 0.75rem;\"> <a href=\"https:\/\/www.pinterest.com\/pin\/create\/button\/\" data-pin-do=\"buttonPin\" data-pin-tall=\"true\" data-pin-url=\"https:\/\/flawlesshair.com\/pt\/ideias-para-cabelos-encaracolados\/\" data-pin-media=\"https:\/\/flawlesshair.com\/wp-content\/uploads\/2023\/11\/Copy-of-@___tasha__bugatti___-8-1.jpg\" data-pin-description=\"Get Perfect Curls With These Genius Curly Hair Tips And Styles\" rel=\"nofollow noopener\" target=\"_blank\"> <\/a><\/div><\/div><\/figure>\n\n\n\n<p>O cabelo encaracolado tem os carac\u00f3is mais apertados de todos os tipos de cabelo encaracolado. Este tipo de cabelo tem uma elevada densidade capilar e uma textura mais seca. Vejamos os subtipos de cabelo encaracolado:  <\/p>\n\n\n\n<p><strong>- Tipo 4A (bobinas apertadas, em forma de S)<\/strong><\/p>\n\n\n\n<p>O cabelo encaracolado 4A tem carac\u00f3is densos, com padr\u00e3o em S, que requerem mais penteados para manter uma textura encaracolada bem definida. Um creme para carac\u00f3is combinado com um hidratante sem enxaguamento \u00e9 uma d\u00e1diva de Deus para quem tem carac\u00f3is 4A.<\/p>\n\n\n\n<p><strong>- Tipo 4B (bobinas densamente compactadas)<\/strong><\/p>\n\n\n\n<p>O cabelo encaracolado 4B tem frequentemente um padr\u00e3o em Z e pode ser penteado de v\u00e1rias formas. Este tipo de carac\u00f3is tem uma textura mais espessa e \u00e9 melhor penteado com cremes de pentear hidratantes. <\/p>\n\n\n\n<p><strong>- Tipo 4C (bobinas com padr\u00e3o Z fortemente torcidas)<\/strong><\/p>\n\n\n\n<p>O cabelo encaracolado 4C tem fios mais fr\u00e1geis e enrolados que s\u00e3o propensos \u00e0 secura e ao encolhimento. Hidratar os seus carac\u00f3is com um hidratante sem enxaguamento \u00e0 base de \u00f3leo pode fazer uma grande diferen\u00e7a.  <\/p>\n\n\n\n<h2 class=\"wp-block-heading\">Cuidados a ter com o cabelo encaracolado<\/h2>\n\n\n\n<figure class=\"wp-block-image size-full\"><div style=\"position: relative;\"><noscript><img loading=\"lazy\" decoding=\"async\" width=\"1080\" height=\"1080\" src=\"https:\/\/flawlesshair.com\/wp-content\/uploads\/2023\/11\/Untitled-Instagram-Post-2.jpg\" alt=\"uma mulher a tratar do cabelo encaracolado \" class=\"wp-image-30240\" srcset=\"https:\/\/flawlesshair.com\/wp-content\/uploads\/2023\/11\/Untitled-Instagram-Post-2.jpg 1080w, https:\/\/flawlesshair.com\/wp-content\/uploads\/2023\/11\/Untitled-Instagram-Post-2-300x300.jpg 300w, https:\/\/flawlesshair.com\/wp-content\/uploads\/2023\/11\/Untitled-Instagram-Post-2-150x150.jpg 150w, https:\/\/flawlesshair.com\/wp-content\/uploads\/2023\/11\/Untitled-Instagram-Post-2-768x768.jpg 768w, https:\/\/flawlesshair.com\/wp-content\/uploads\/2023\/11\/Untitled-Instagram-Post-2-12x12.jpg 12w, https:\/\/flawlesshair.com\/wp-content\/uploads\/2023\/11\/Untitled-Instagram-Post-2-728x728.jpg 728w, https:\/\/flawlesshair.com\/wp-content\/uploads\/2023\/11\/Untitled-Instagram-Post-2-960x960.jpg 960w, https:\/\/flawlesshair.com\/wp-content\/uploads\/2023\/11\/Untitled-Instagram-Post-2-96x96.jpg 96w\" sizes=\"auto, (max-width: 760px) calc(100vw - 24px), 720px\"><\/noscript><img loading=\"lazy\" decoding=\"async\" width=\"1080\" height=\"1080\" src=\"https:\/\/flawlesshair.com\/wp-content\/uploads\/2023\/11\/Untitled-Instagram-Post-2.jpg\" alt=\"uma mulher a tratar do cabelo encaracolado \" class=\"wp-image-30240 lazyload\" srcset=\"https:\/\/flawlesshair.com\/wp-content\/uploads\/2023\/11\/Untitled-Instagram-Post-2.jpg 1080w, https:\/\/flawlesshair.com\/wp-content\/uploads\/2023\/11\/Untitled-Instagram-Post-2-300x300.jpg 300w, https:\/\/flawlesshair.com\/wp-content\/uploads\/2023\/11\/Untitled-Instagram-Post-2-150x150.jpg 150w, https:\/\/flawlesshair.com\/wp-content\/uploads\/2023\/11\/Untitled-Instagram-Post-2-768x768.jpg 768w, https:\/\/flawlesshair.com\/wp-content\/uploads\/2023\/11\/Untitled-Instagram-Post-2-12x12.jpg 12w, https:\/\/flawlesshair.com\/wp-content\/uploads\/2023\/11\/Untitled-Instagram-Post-2-728x728.jpg 728w, https:\/\/flawlesshair.com\/wp-content\/uploads\/2023\/11\/Untitled-Instagram-Post-2-960x960.jpg 960w, https:\/\/flawlesshair.com\/wp-content\/uploads\/2023\/11\/Untitled-Instagram-Post-2-96x96.jpg 96w\" sizes=\"auto, (max-width: 760px) calc(100vw - 24px), 720px\" data-pin-media=\"https:\/\/flawlesshair.com\/wp-content\/uploads\/2023\/11\/Untitled-Instagram-Post-2.jpg\" id=\"mv-trellis-img-4\" data-trellis-processed=\"1\"><div style=\"position: absolute; top: 0.5rem; right: 0.75rem;\"> <a href=\"https:\/\/www.pinterest.com\/pin\/create\/button\/\" data-pin-do=\"buttonPin\" data-pin-tall=\"true\" data-pin-url=\"https:\/\/flawlesshair.com\/pt\/ideias-para-cabelos-encaracolados\/\" data-pin-media=\"https:\/\/flawlesshair.com\/wp-content\/uploads\/2023\/11\/Untitled-Instagram-Post-2.jpg\" data-pin-description=\"Get Perfect Curls With These Genius Curly Hair Tips And Styles\" rel=\"nofollow noopener\" target=\"_blank\"> <\/a><\/div><\/div><\/figure>\n\n\n\n<p>Cuidar do cabelo encaracolado n\u00e3o \u00e9 uma tarefa f\u00e1cil, mas as coisas tornam-se muito mais f\u00e1ceis quando se aprende o que os seus carac\u00f3is desejam ou desprezam. Embora cada cabelo encaracolado seja \u00fanico, existem alguns princ\u00edpios universais sobre como cuidar corretamente do seu cabelo encaracolado:   <\/p>\n\n\n\n<h3 class=\"wp-block-heading\">1. N\u00e3o lave o seu cabelo com demasiada frequ\u00eancia <\/h3>\n\n\n\n<p>Eu digo sempre que quem lava o cabelo encaracolado todos os dias est\u00e1 a cometer o maior crime da hist\u00f3ria do cabelo sem sequer saber. Porqu\u00ea? Porque se lavar o seu cabelo encaracolado com demasiada frequ\u00eancia, este pode ficar seco e frisado. Deixe-me explicar melhor.<\/p>\n\n\n\n<p><strong>DEMASIADO FREQUENTEMENTE<\/strong> <strong>= lavar o cabelo todos os dias, cinco, quatro ou tr\u00eas vezes por semana.<\/strong> \u00c9 prefer\u00edvel lavar o cabelo uma vez por semana ou duas vezes por semana (se for mesmo necess\u00e1rio). Desta forma, garante que os seus carac\u00f3is se mant\u00eam hidratados entre lavagens. <\/p>\n\n\n\n<h3 class=\"wp-block-heading\">2. Aplicar o champ\u00f4 apenas no couro cabeludo <\/h3>\n\n\n\n<p>O segundo maior erro na hist\u00f3ria do cabelo encaracolado \u00e9 lavar o cabelo todo com champ\u00f4, o que pode secar os seus carac\u00f3is. O champ\u00f4 s\u00f3 deve ser utilizado para limpar o couro cabeludo, por isso, quando enxaguar o cabelo, a espuma ser\u00e1 distribu\u00edda por todo o comprimento do cabelo. Quanto mais souberes!<\/p>\n\n\n\n<h3 class=\"wp-block-heading\">3. Pentear sempre o cabelo de baixo para cima (depois de aplicar o amaciador)<\/h3>\n\n\n\n<figure class=\"wp-block-image size-full\"><div style=\"position: relative;\"><noscript><img loading=\"lazy\" decoding=\"async\" width=\"1080\" height=\"1080\" src=\"https:\/\/flawlesshair.com\/wp-content\/uploads\/2023\/11\/Untitled-Instagram-Post-1.jpg\" alt=\"uma mulher que se penteia de baixo para cima\" class=\"wp-image-30239\" srcset=\"https:\/\/flawlesshair.com\/wp-content\/uploads\/2023\/11\/Untitled-Instagram-Post-1.jpg 1080w, https:\/\/flawlesshair.com\/wp-content\/uploads\/2023\/11\/Untitled-Instagram-Post-1-300x300.jpg 300w, https:\/\/flawlesshair.com\/wp-content\/uploads\/2023\/11\/Untitled-Instagram-Post-1-150x150.jpg 150w, https:\/\/flawlesshair.com\/wp-content\/uploads\/2023\/11\/Untitled-Instagram-Post-1-768x768.jpg 768w, https:\/\/flawlesshair.com\/wp-content\/uploads\/2023\/11\/Untitled-Instagram-Post-1-12x12.jpg 12w, https:\/\/flawlesshair.com\/wp-content\/uploads\/2023\/11\/Untitled-Instagram-Post-1-728x728.jpg 728w, https:\/\/flawlesshair.com\/wp-content\/uploads\/2023\/11\/Untitled-Instagram-Post-1-960x960.jpg 960w, https:\/\/flawlesshair.com\/wp-content\/uploads\/2023\/11\/Untitled-Instagram-Post-1-96x96.jpg 96w\" sizes=\"auto, (max-width: 760px) calc(100vw - 24px), 720px\"><\/noscript><img loading=\"lazy\" decoding=\"async\" width=\"1080\" height=\"1080\" src=\"https:\/\/flawlesshair.com\/wp-content\/uploads\/2023\/11\/Untitled-Instagram-Post-1.jpg\" alt=\"uma mulher que se penteia de baixo para cima\" class=\"wp-image-30239 lazyload\" srcset=\"https:\/\/flawlesshair.com\/wp-content\/uploads\/2023\/11\/Untitled-Instagram-Post-1.jpg 1080w, https:\/\/flawlesshair.com\/wp-content\/uploads\/2023\/11\/Untitled-Instagram-Post-1-300x300.jpg 300w, https:\/\/flawlesshair.com\/wp-content\/uploads\/2023\/11\/Untitled-Instagram-Post-1-150x150.jpg 150w, https:\/\/flawlesshair.com\/wp-content\/uploads\/2023\/11\/Untitled-Instagram-Post-1-768x768.jpg 768w, https:\/\/flawlesshair.com\/wp-content\/uploads\/2023\/11\/Untitled-Instagram-Post-1-12x12.jpg 12w, https:\/\/flawlesshair.com\/wp-content\/uploads\/2023\/11\/Untitled-Instagram-Post-1-728x728.jpg 728w, https:\/\/flawlesshair.com\/wp-content\/uploads\/2023\/11\/Untitled-Instagram-Post-1-960x960.jpg 960w, https:\/\/flawlesshair.com\/wp-content\/uploads\/2023\/11\/Untitled-Instagram-Post-1-96x96.jpg 96w\" sizes=\"auto, (max-width: 760px) calc(100vw - 24px), 720px\" data-pin-media=\"https:\/\/flawlesshair.com\/wp-content\/uploads\/2023\/11\/Untitled-Instagram-Post-1.jpg\" id=\"mv-trellis-img-5\" data-trellis-processed=\"1\"><div style=\"position: absolute; top: 0.5rem; right: 0.75rem;\"> <a href=\"https:\/\/www.pinterest.com\/pin\/create\/button\/\" data-pin-do=\"buttonPin\" data-pin-tall=\"true\" data-pin-url=\"https:\/\/flawlesshair.com\/pt\/ideias-para-cabelos-encaracolados\/\" data-pin-media=\"https:\/\/flawlesshair.com\/wp-content\/uploads\/2023\/11\/Untitled-Instagram-Post-1.jpg\" data-pin-description=\"Get Perfect Curls With These Genius Curly Hair Tips And Styles\" rel=\"nofollow noopener\" target=\"_blank\"> <\/a><\/div><\/div><\/figure>\n\n\n\n<p>Primeiro, tem de desembara\u00e7ar cada n\u00f3 na parte inferior e depois continuar a desembara\u00e7ar as sec\u00e7\u00f5es superiores do seu cabelo. <strong>As escovas especialmente concebidas para o efeito ou os pentes de dentes largos s\u00e3o verdadeiros salvadores de vidas! <\/strong>E sim, desembara\u00e7ar sempre o cabelo depois de aplicar o amaciador, porque isso proteger\u00e1 o seu cabelo de se partir enquanto o desembara\u00e7a. <\/p>\n\n\n\n<h3 class=\"wp-block-heading\">4. Nunca desembara\u00e7ar os carac\u00f3is quando est\u00e3o secos<\/h3>\n\n\n\n<p>Se n\u00e3o quiser perturbar o seu padr\u00e3o de carac\u00f3is e arriscar a quebra do cabelo, ent\u00e3o NUNCA deve desembara\u00e7ar os seus carac\u00f3is quando est\u00e3o secos. <\/p>\n\n\n\n<h3 class=\"wp-block-heading\">5. Fazer cortes regulares<\/h3>\n\n\n\n<p>Os carac\u00f3is saud\u00e1veis e saltitantes n\u00e3o s\u00e3o apenas o resultado de bons m\u00e9todos de modela\u00e7\u00e3o, mas tamb\u00e9m de cortes frequentes. <strong>Recomenda-se que apare o cabelo a cada 6 a 8 semanas. <\/strong>Al\u00e9m disso, lembre-se de aparar o cabelo dois ou tr\u00eas dias depois de o lavar, para que possa voltar ao seu estado natural. <\/p>\n\n\n\n<h3 class=\"wp-block-heading\">6. Manter o cabelo hidratado <\/h3>\n\n\n\n<figure class=\"wp-block-image size-full\"><div style=\"position: relative;\"><noscript><img loading=\"lazy\" decoding=\"async\" width=\"1080\" height=\"1080\" src=\"https:\/\/flawlesshair.com\/wp-content\/uploads\/2023\/11\/Untitled-Instagram-Post.jpg\" alt=\"uma mulher a aplicar \u00f3leo no seu cabelo encaracolado \" class=\"wp-image-30238\" srcset=\"https:\/\/flawlesshair.com\/wp-content\/uploads\/2023\/11\/Untitled-Instagram-Post.jpg 1080w, https:\/\/flawlesshair.com\/wp-content\/uploads\/2023\/11\/Untitled-Instagram-Post-300x300.jpg 300w, https:\/\/flawlesshair.com\/wp-content\/uploads\/2023\/11\/Untitled-Instagram-Post-150x150.jpg 150w, https:\/\/flawlesshair.com\/wp-content\/uploads\/2023\/11\/Untitled-Instagram-Post-768x768.jpg 768w, https:\/\/flawlesshair.com\/wp-content\/uploads\/2023\/11\/Untitled-Instagram-Post-12x12.jpg 12w, https:\/\/flawlesshair.com\/wp-content\/uploads\/2023\/11\/Untitled-Instagram-Post-728x728.jpg 728w, https:\/\/flawlesshair.com\/wp-content\/uploads\/2023\/11\/Untitled-Instagram-Post-960x960.jpg 960w, https:\/\/flawlesshair.com\/wp-content\/uploads\/2023\/11\/Untitled-Instagram-Post-96x96.jpg 96w\" sizes=\"auto, (max-width: 760px) calc(100vw - 24px), 720px\"><\/noscript><img loading=\"lazy\" decoding=\"async\" width=\"1080\" height=\"1080\" src=\"https:\/\/flawlesshair.com\/wp-content\/uploads\/2023\/11\/Untitled-Instagram-Post.jpg\" alt=\"uma mulher a aplicar \u00f3leo no seu cabelo encaracolado \" class=\"wp-image-30238 lazyload\" srcset=\"https:\/\/flawlesshair.com\/wp-content\/uploads\/2023\/11\/Untitled-Instagram-Post.jpg 1080w, https:\/\/flawlesshair.com\/wp-content\/uploads\/2023\/11\/Untitled-Instagram-Post-300x300.jpg 300w, https:\/\/flawlesshair.com\/wp-content\/uploads\/2023\/11\/Untitled-Instagram-Post-150x150.jpg 150w, https:\/\/flawlesshair.com\/wp-content\/uploads\/2023\/11\/Untitled-Instagram-Post-768x768.jpg 768w, https:\/\/flawlesshair.com\/wp-content\/uploads\/2023\/11\/Untitled-Instagram-Post-12x12.jpg 12w, https:\/\/flawlesshair.com\/wp-content\/uploads\/2023\/11\/Untitled-Instagram-Post-728x728.jpg 728w, https:\/\/flawlesshair.com\/wp-content\/uploads\/2023\/11\/Untitled-Instagram-Post-960x960.jpg 960w, https:\/\/flawlesshair.com\/wp-content\/uploads\/2023\/11\/Untitled-Instagram-Post-96x96.jpg 96w\" sizes=\"auto, (max-width: 760px) calc(100vw - 24px), 720px\" data-pin-media=\"https:\/\/flawlesshair.com\/wp-content\/uploads\/2023\/11\/Untitled-Instagram-Post.jpg\" id=\"mv-trellis-img-6\" data-trellis-processed=\"1\"><div style=\"position: absolute; top: 0.5rem; right: 0.75rem;\"> <a href=\"https:\/\/www.pinterest.com\/pin\/create\/button\/\" data-pin-do=\"buttonPin\" data-pin-tall=\"true\" data-pin-url=\"https:\/\/flawlesshair.com\/pt\/ideias-para-cabelos-encaracolados\/\" data-pin-media=\"https:\/\/flawlesshair.com\/wp-content\/uploads\/2023\/11\/Untitled-Instagram-Post.jpg\" data-pin-description=\"Get Perfect Curls With These Genius Curly Hair Tips And Styles\" rel=\"nofollow noopener\" target=\"_blank\"> <\/a><\/div><\/div><\/figure>\n\n\n\n<p>\u00c9 universalmente reconhecido que o cabelo encaracolado \u00e9 seco por defeito, porque \u00e9 mais dif\u00edcil para os \u00f3leos naturais do couro cabeludo revestirem os fios da raiz at\u00e9 \u00e0s pontas. \u00c9 por isso que deve certificar-se de que o seu cabelo est\u00e1 devidamente hidratado. Pode utilizar amaciadores, amaciadores sem enxaguamento, \u00f3leos (\u00f3leo de coco, azeite), mel, alo\u00e9 vera e rem\u00e9dios semelhantes. <\/p>\n\n\n\n<h3 class=\"wp-block-heading\">7. Minimizar os danos causados pelo calor<\/h3>\n\n\n\n<p><strong>Cabelo encaracolado + calor = um grande N\u00c3O-N\u00c3O.<\/strong> O calor do sol pode secar os seus carac\u00f3is, pelo que se recomenda a utiliza\u00e7\u00e3o de chap\u00e9us. O calor dos ferros de frisar e dos alisadores tamb\u00e9m pode secar e danificar o seu cabelo, por isso, considere a utiliza\u00e7\u00e3o pr\u00e9via de um spray protetor contra o calor. Mais vale prevenir do que remediar, certo?<\/p>\n\n\n\n<h3 class=\"wp-block-heading\">8. Proteger os carac\u00f3is durante o sono<\/h3>\n\n\n\n<p>Porque ter carac\u00f3is significa cuidar bem deles mesmo quando se dorme! <strong>Para ajudar os seus carac\u00f3is a manterem-se hidratados durante a noite, sugiro que invista em fronhas de seda ou de cetim.<\/strong> Isto tamb\u00e9m ajudar\u00e1 os seus carac\u00f3is a manterem-se definidos durante mais tempo e a reduzir as \"situa\u00e7\u00f5es de frisado\". <\/p>\n\n\n\n<h2 class=\"wp-block-heading\">Pentear o cabelo encaracolado da forma correcta<\/h2>\n\n\n\n<figure class=\"wp-block-image size-full\"><div style=\"position: relative;\"><noscript><img loading=\"lazy\" decoding=\"async\" width=\"1080\" height=\"1080\" src=\"https:\/\/flawlesshair.com\/wp-content\/uploads\/2023\/11\/Untitled-Instagram-Post-5.jpg\" alt=\"uma mulher a pentear o cabelo encaracolado \" class=\"wp-image-30245\" srcset=\"https:\/\/flawlesshair.com\/wp-content\/uploads\/2023\/11\/Untitled-Instagram-Post-5.jpg 1080w, https:\/\/flawlesshair.com\/wp-content\/uploads\/2023\/11\/Untitled-Instagram-Post-5-300x300.jpg 300w, https:\/\/flawlesshair.com\/wp-content\/uploads\/2023\/11\/Untitled-Instagram-Post-5-150x150.jpg 150w, https:\/\/flawlesshair.com\/wp-content\/uploads\/2023\/11\/Untitled-Instagram-Post-5-768x768.jpg 768w, https:\/\/flawlesshair.com\/wp-content\/uploads\/2023\/11\/Untitled-Instagram-Post-5-12x12.jpg 12w, https:\/\/flawlesshair.com\/wp-content\/uploads\/2023\/11\/Untitled-Instagram-Post-5-728x728.jpg 728w, https:\/\/flawlesshair.com\/wp-content\/uploads\/2023\/11\/Untitled-Instagram-Post-5-960x960.jpg 960w, https:\/\/flawlesshair.com\/wp-content\/uploads\/2023\/11\/Untitled-Instagram-Post-5-96x96.jpg 96w\" sizes=\"auto, (max-width: 760px) calc(100vw - 24px), 720px\"><\/noscript><img loading=\"lazy\" decoding=\"async\" width=\"1080\" height=\"1080\" src=\"https:\/\/flawlesshair.com\/wp-content\/uploads\/2023\/11\/Untitled-Instagram-Post-5.jpg\" alt=\"uma mulher a pentear o cabelo encaracolado \" class=\"wp-image-30245 lazyload\" srcset=\"https:\/\/flawlesshair.com\/wp-content\/uploads\/2023\/11\/Untitled-Instagram-Post-5.jpg 1080w, https:\/\/flawlesshair.com\/wp-content\/uploads\/2023\/11\/Untitled-Instagram-Post-5-300x300.jpg 300w, https:\/\/flawlesshair.com\/wp-content\/uploads\/2023\/11\/Untitled-Instagram-Post-5-150x150.jpg 150w, https:\/\/flawlesshair.com\/wp-content\/uploads\/2023\/11\/Untitled-Instagram-Post-5-768x768.jpg 768w, https:\/\/flawlesshair.com\/wp-content\/uploads\/2023\/11\/Untitled-Instagram-Post-5-12x12.jpg 12w, https:\/\/flawlesshair.com\/wp-content\/uploads\/2023\/11\/Untitled-Instagram-Post-5-728x728.jpg 728w, https:\/\/flawlesshair.com\/wp-content\/uploads\/2023\/11\/Untitled-Instagram-Post-5-960x960.jpg 960w, https:\/\/flawlesshair.com\/wp-content\/uploads\/2023\/11\/Untitled-Instagram-Post-5-96x96.jpg 96w\" sizes=\"auto, (max-width: 760px) calc(100vw - 24px), 720px\" data-pin-media=\"https:\/\/flawlesshair.com\/wp-content\/uploads\/2023\/11\/Untitled-Instagram-Post-5.jpg\" id=\"mv-trellis-img-7\" data-trellis-processed=\"1\"><div style=\"position: absolute; top: 0.5rem; right: 0.75rem;\"> <a href=\"https:\/\/www.pinterest.com\/pin\/create\/button\/\" data-pin-do=\"buttonPin\" data-pin-tall=\"true\" data-pin-url=\"https:\/\/flawlesshair.com\/pt\/ideias-para-cabelos-encaracolados\/\" data-pin-media=\"https:\/\/flawlesshair.com\/wp-content\/uploads\/2023\/11\/Untitled-Instagram-Post-5.jpg\" data-pin-description=\"Get Perfect Curls With These Genius Curly Hair Tips And Styles\" rel=\"nofollow noopener\" target=\"_blank\"> <\/a><\/div><\/div><\/figure>\n\n\n\n<p>Se quer desfrutar de carac\u00f3is lindamente definidos e brilhantes, ent\u00e3o tamb\u00e9m precisa de aprender a pentear o seu cabelo encaracolado da forma correcta. Eis o que deve e o que n\u00e3o deve fazer ao pentear o seu cabelo: <\/p>\n\n\n\n<h3 class=\"wp-block-heading\">1. Pentear o cabelo quando est\u00e1 encharcado<\/h3>\n\n\n\n<p>J\u00e1 estabelecemos que o cabelo encaracolado precisa de humidade, por isso, se o seu cabelo n\u00e3o estiver molhado quando o estiver a pentear, \u00e9 prov\u00e1vel que acabe com carac\u00f3is frisados e indefinidos. <strong>Pentear o seu cabelo quando est\u00e1 encharcado define os seus carac\u00f3is e ajuda a manter a humidade.<\/strong> \u00c9 t\u00e3o simples quanto isso.<\/p>\n\n\n\n<h3 class=\"wp-block-heading\">2. Escolha o produto de modela\u00e7\u00e3o certo para o seu tipo de cabelo, textura e porosidade<\/h3>\n\n\n\n<p><strong>-<\/strong> <strong>Tipo de cabelo: <\/strong>Os carac\u00f3is mais apertados (3B, 3C e cabelo encaracolado) requerem produtos de modela\u00e7\u00e3o mais pesados, como cremes e g\u00e9is, para ajudar a definir o cabelo e controlar o volume. Os carac\u00f3is mais soltos, como o cabelo ondulado, s\u00e3o melhor modelados com mousses e espumas para evitar que o cabelo fique pesado. <\/p>\n\n\n\n<p><strong>-<\/strong> <strong>Textura:<\/strong> As texturas de cabelo grossas e espessas requerem quantidades maiores e mais pesadas de produtos para pentear, enquanto as texturas de cabelo finas e m\u00e9dias s\u00e3o melhor modeladas com quantidades menores de produtos leves para pentear. <\/p>\n\n\n\n<p id=\"mntl-sc-block_1-0-49\"><strong>-<\/strong> <strong>Porosidade:<\/strong> Em poucas palavras, a porosidade do cabelo indica a capacidade do cabelo para absorver \u00e1gua. Existem 3 n\u00edveis de porosidade: baixa, m\u00e9dia e alta. O cabelo com uma porosidade mais baixa tem dificuldade em absorver os produtos, pelo que a melhor op\u00e7\u00e3o \u00e9 utilizar produtos leves, como espumas e mousses. O cabelo com maior porosidade tem dificuldade em reter a humidade, pelo que se recomenda a utiliza\u00e7\u00e3o de produtos mais pesados, como g\u00e9is e cremes. <\/p>\n\n\n\n<h3 class=\"wp-block-heading\">3. N\u00e3o sobrecarregue os carac\u00f3is com uma tonelada de produtos para pentear<\/h3>\n\n\n\n<figure class=\"wp-block-image size-full\"><div style=\"position: relative;\"><noscript><img loading=\"lazy\" decoding=\"async\" width=\"1080\" height=\"1080\" src=\"https:\/\/flawlesshair.com\/wp-content\/uploads\/2023\/11\/Untitled-Instagram-Post-3.jpg\" alt=\"aplicar a mousse no cabelo encaracolado h\u00famido \" class=\"wp-image-30242\" srcset=\"https:\/\/flawlesshair.com\/wp-content\/uploads\/2023\/11\/Untitled-Instagram-Post-3.jpg 1080w, https:\/\/flawlesshair.com\/wp-content\/uploads\/2023\/11\/Untitled-Instagram-Post-3-300x300.jpg 300w, https:\/\/flawlesshair.com\/wp-content\/uploads\/2023\/11\/Untitled-Instagram-Post-3-150x150.jpg 150w, https:\/\/flawlesshair.com\/wp-content\/uploads\/2023\/11\/Untitled-Instagram-Post-3-768x768.jpg 768w, https:\/\/flawlesshair.com\/wp-content\/uploads\/2023\/11\/Untitled-Instagram-Post-3-12x12.jpg 12w, https:\/\/flawlesshair.com\/wp-content\/uploads\/2023\/11\/Untitled-Instagram-Post-3-728x728.jpg 728w, https:\/\/flawlesshair.com\/wp-content\/uploads\/2023\/11\/Untitled-Instagram-Post-3-960x960.jpg 960w, https:\/\/flawlesshair.com\/wp-content\/uploads\/2023\/11\/Untitled-Instagram-Post-3-96x96.jpg 96w\" sizes=\"auto, (max-width: 760px) calc(100vw - 24px), 720px\"><\/noscript><img loading=\"lazy\" decoding=\"async\" width=\"1080\" height=\"1080\" src=\"https:\/\/flawlesshair.com\/wp-content\/uploads\/2023\/11\/Untitled-Instagram-Post-3.jpg\" alt=\"aplicar a mousse no cabelo encaracolado h\u00famido \" class=\"wp-image-30242 lazyload\" srcset=\"https:\/\/flawlesshair.com\/wp-content\/uploads\/2023\/11\/Untitled-Instagram-Post-3.jpg 1080w, https:\/\/flawlesshair.com\/wp-content\/uploads\/2023\/11\/Untitled-Instagram-Post-3-300x300.jpg 300w, https:\/\/flawlesshair.com\/wp-content\/uploads\/2023\/11\/Untitled-Instagram-Post-3-150x150.jpg 150w, https:\/\/flawlesshair.com\/wp-content\/uploads\/2023\/11\/Untitled-Instagram-Post-3-768x768.jpg 768w, https:\/\/flawlesshair.com\/wp-content\/uploads\/2023\/11\/Untitled-Instagram-Post-3-12x12.jpg 12w, https:\/\/flawlesshair.com\/wp-content\/uploads\/2023\/11\/Untitled-Instagram-Post-3-728x728.jpg 728w, https:\/\/flawlesshair.com\/wp-content\/uploads\/2023\/11\/Untitled-Instagram-Post-3-960x960.jpg 960w, https:\/\/flawlesshair.com\/wp-content\/uploads\/2023\/11\/Untitled-Instagram-Post-3-96x96.jpg 96w\" sizes=\"auto, (max-width: 760px) calc(100vw - 24px), 720px\" data-pin-media=\"https:\/\/flawlesshair.com\/wp-content\/uploads\/2023\/11\/Untitled-Instagram-Post-3.jpg\" id=\"mv-trellis-img-8\" data-trellis-processed=\"1\"><div style=\"position: absolute; top: 0.5rem; right: 0.75rem;\"> <a href=\"https:\/\/www.pinterest.com\/pin\/create\/button\/\" data-pin-do=\"buttonPin\" data-pin-tall=\"true\" data-pin-url=\"https:\/\/flawlesshair.com\/pt\/ideias-para-cabelos-encaracolados\/\" data-pin-media=\"https:\/\/flawlesshair.com\/wp-content\/uploads\/2023\/11\/Untitled-Instagram-Post-3.jpg\" data-pin-description=\"Get Perfect Curls With These Genius Curly Hair Tips And Styles\" rel=\"nofollow noopener\" target=\"_blank\"> <\/a><\/div><\/div><\/figure>\n\n\n\n<p>Porque menos \u00e9 mais! \u00c9 claro que h\u00e1 alturas em que a aplica\u00e7\u00e3o de muito creme ou gel para carac\u00f3is \u00e9 totalmente justificada, mas, na maioria das vezes, n\u00e3o deve exagerar, porque corre o risco de tornar os seus carac\u00f3is mais pesados. Deve ter especial cuidado com isto se o seu cabelo for muito seco e ba\u00e7o. <\/p>\n\n\n\n<h3 class=\"wp-block-heading\">4. Nunca secar ou amassar os carac\u00f3is com uma toalha normal<\/h3>\n\n\n\n<p>Utilizar uma toalha normal no cabelo encaracolado ir\u00e1 causar frisado e perturbar o padr\u00e3o dos carac\u00f3is.<strong> O cabelo encaracolado \u00e9 fr\u00e1gil por natureza, pelo que deve ser delicado ao sec\u00e1-lo. <\/strong>Em vez de utilizar uma toalha normal, deve utilizar uma toalha de microfibras para espremer suavemente o excesso de produto do seu cabelo depois de o pentear. O seu cabelo agradecer-lhe-\u00e1 mais tarde. <\/p>\n\n\n\n<h3 class=\"wp-block-heading\">5. N\u00e3o toque no seu cabelo at\u00e9 este estar completamente seco<\/h3>\n\n\n\n<p>Uma das formas mais f\u00e1ceis de perturbar o seu padr\u00e3o de carac\u00f3is e causar frisado \u00e9 tocar frequentemente no seu cabelo seco depois de o pentear. N\u00e3o o fa\u00e7a. N\u00e3o toque no seu cabelo at\u00e9 estar completamente seco porque os seus dedos atraem a humidade e o produto do seu cabelo, o que pode criar uma \"situa\u00e7\u00e3o frisada\". <\/p>\n\n\n\n<h3 class=\"wp-block-heading\">6. Utilizar um difusor<\/h3>\n\n\n\n<figure class=\"wp-block-image size-full\"><div style=\"position: relative;\"><noscript><img loading=\"lazy\" decoding=\"async\" width=\"1080\" height=\"1080\" src=\"https:\/\/flawlesshair.com\/wp-content\/uploads\/2023\/11\/Untitled-Instagram-Post-6.jpg\" alt=\"uma mulher a secar o cabelo com um difusor\" class=\"wp-image-30246\" srcset=\"https:\/\/flawlesshair.com\/wp-content\/uploads\/2023\/11\/Untitled-Instagram-Post-6.jpg 1080w, https:\/\/flawlesshair.com\/wp-content\/uploads\/2023\/11\/Untitled-Instagram-Post-6-300x300.jpg 300w, https:\/\/flawlesshair.com\/wp-content\/uploads\/2023\/11\/Untitled-Instagram-Post-6-150x150.jpg 150w, https:\/\/flawlesshair.com\/wp-content\/uploads\/2023\/11\/Untitled-Instagram-Post-6-768x768.jpg 768w, https:\/\/flawlesshair.com\/wp-content\/uploads\/2023\/11\/Untitled-Instagram-Post-6-12x12.jpg 12w, https:\/\/flawlesshair.com\/wp-content\/uploads\/2023\/11\/Untitled-Instagram-Post-6-728x728.jpg 728w, https:\/\/flawlesshair.com\/wp-content\/uploads\/2023\/11\/Untitled-Instagram-Post-6-960x960.jpg 960w, https:\/\/flawlesshair.com\/wp-content\/uploads\/2023\/11\/Untitled-Instagram-Post-6-96x96.jpg 96w\" sizes=\"auto, (max-width: 760px) calc(100vw - 24px), 720px\"><\/noscript><img loading=\"lazy\" decoding=\"async\" width=\"1080\" height=\"1080\" src=\"https:\/\/flawlesshair.com\/wp-content\/uploads\/2023\/11\/Untitled-Instagram-Post-6.jpg\" alt=\"uma mulher a secar o cabelo com um difusor\" class=\"wp-image-30246 lazyload\" srcset=\"https:\/\/flawlesshair.com\/wp-content\/uploads\/2023\/11\/Untitled-Instagram-Post-6.jpg 1080w, https:\/\/flawlesshair.com\/wp-content\/uploads\/2023\/11\/Untitled-Instagram-Post-6-300x300.jpg 300w, https:\/\/flawlesshair.com\/wp-content\/uploads\/2023\/11\/Untitled-Instagram-Post-6-150x150.jpg 150w, https:\/\/flawlesshair.com\/wp-content\/uploads\/2023\/11\/Untitled-Instagram-Post-6-768x768.jpg 768w, https:\/\/flawlesshair.com\/wp-content\/uploads\/2023\/11\/Untitled-Instagram-Post-6-12x12.jpg 12w, https:\/\/flawlesshair.com\/wp-content\/uploads\/2023\/11\/Untitled-Instagram-Post-6-728x728.jpg 728w, https:\/\/flawlesshair.com\/wp-content\/uploads\/2023\/11\/Untitled-Instagram-Post-6-960x960.jpg 960w, https:\/\/flawlesshair.com\/wp-content\/uploads\/2023\/11\/Untitled-Instagram-Post-6-96x96.jpg 96w\" sizes=\"auto, (max-width: 760px) calc(100vw - 24px), 720px\" data-pin-media=\"https:\/\/flawlesshair.com\/wp-content\/uploads\/2023\/11\/Untitled-Instagram-Post-6.jpg\" id=\"mv-trellis-img-9\" data-trellis-processed=\"1\"><div style=\"position: absolute; top: 0.5rem; right: 0.75rem;\"> <a href=\"https:\/\/www.pinterest.com\/pin\/create\/button\/\" data-pin-do=\"buttonPin\" data-pin-tall=\"true\" data-pin-url=\"https:\/\/flawlesshair.com\/pt\/ideias-para-cabelos-encaracolados\/\" data-pin-media=\"https:\/\/flawlesshair.com\/wp-content\/uploads\/2023\/11\/Untitled-Instagram-Post-6.jpg\" data-pin-description=\"Get Perfect Curls With These Genius Curly Hair Tips And Styles\" rel=\"nofollow noopener\" target=\"_blank\"> <\/a><\/div><\/div><\/figure>\n\n\n\n<p>Claro que pode deixar o seu cabelo encaracolado secar naturalmente, mas \u00e9 prov\u00e1vel que os seus carac\u00f3is n\u00e3o fiquem t\u00e3o volumosos e ricos como quando seca o seu cabelo com um difusor. Para obter um mega volume, seque sempre o seu cabelo de cabe\u00e7a para baixo com um difusor depois de o ter penteado e amassado com uma toalha de microfibras. <\/p>\n\n\n\n<h3 class=\"wp-block-heading\">7. Manter os carac\u00f3is definidos durante a noite<\/h3>\n\n\n\n<p>Para manter os carac\u00f3is definidos durante a noite, <strong>Sugiro que envolva os seus carac\u00f3is com um len\u00e7o de seda ou de cetim ou que coloque uma touca.<\/strong> Ajuntar o cabelo solto no ponto mais alto (\"abacaxi\") tamb\u00e9m \u00e9 uma \u00f3ptima t\u00e9cnica para proteger os seus carac\u00f3is enquanto dorme. <\/p>\n\n\n\n<h3 class=\"wp-block-heading\">8. Usar uma touca de banho quando tomar banho<\/h3>\n\n\n\n<p>Quando h\u00e1 demasiada humidade no ar, os seus carac\u00f3is ficam frisados. A utiliza\u00e7\u00e3o de uma touca de banho durante o banho ajudar\u00e1 a proteger os seus carac\u00f3is da humidade extra. Viva!<\/p>\n\n\n\n<h2 class=\"wp-block-heading\">O M\u00e9todo da Rapariga Encaracolada (MCG): 7 Regras de Ouro<\/h2>\n\n\n\n<figure class=\"wp-block-image size-full\"><div style=\"position: relative;\"><noscript><img loading=\"lazy\" decoding=\"async\" width=\"1080\" height=\"1080\" src=\"https:\/\/flawlesshair.com\/wp-content\/uploads\/2023\/11\/Untitled-Instagram-Post-7.jpg\" alt=\"uma mulher que cuida do seu cabelo encaracolado seguindo o m\u00e9todo da rapariga encaracolada\" class=\"wp-image-30272\" srcset=\"https:\/\/flawlesshair.com\/wp-content\/uploads\/2023\/11\/Untitled-Instagram-Post-7.jpg 1080w, https:\/\/flawlesshair.com\/wp-content\/uploads\/2023\/11\/Untitled-Instagram-Post-7-300x300.jpg 300w, https:\/\/flawlesshair.com\/wp-content\/uploads\/2023\/11\/Untitled-Instagram-Post-7-150x150.jpg 150w, https:\/\/flawlesshair.com\/wp-content\/uploads\/2023\/11\/Untitled-Instagram-Post-7-768x768.jpg 768w, https:\/\/flawlesshair.com\/wp-content\/uploads\/2023\/11\/Untitled-Instagram-Post-7-12x12.jpg 12w, https:\/\/flawlesshair.com\/wp-content\/uploads\/2023\/11\/Untitled-Instagram-Post-7-728x728.jpg 728w, https:\/\/flawlesshair.com\/wp-content\/uploads\/2023\/11\/Untitled-Instagram-Post-7-960x960.jpg 960w, https:\/\/flawlesshair.com\/wp-content\/uploads\/2023\/11\/Untitled-Instagram-Post-7-96x96.jpg 96w\" sizes=\"auto, (max-width: 760px) calc(100vw - 24px), 720px\"><\/noscript><img loading=\"lazy\" decoding=\"async\" width=\"1080\" height=\"1080\" src=\"https:\/\/flawlesshair.com\/wp-content\/uploads\/2023\/11\/Untitled-Instagram-Post-7.jpg\" alt=\"uma mulher que cuida do seu cabelo encaracolado seguindo o m\u00e9todo da rapariga encaracolada\" class=\"wp-image-30272 lazyload\" srcset=\"https:\/\/flawlesshair.com\/wp-content\/uploads\/2023\/11\/Untitled-Instagram-Post-7.jpg 1080w, https:\/\/flawlesshair.com\/wp-content\/uploads\/2023\/11\/Untitled-Instagram-Post-7-300x300.jpg 300w, https:\/\/flawlesshair.com\/wp-content\/uploads\/2023\/11\/Untitled-Instagram-Post-7-150x150.jpg 150w, https:\/\/flawlesshair.com\/wp-content\/uploads\/2023\/11\/Untitled-Instagram-Post-7-768x768.jpg 768w, https:\/\/flawlesshair.com\/wp-content\/uploads\/2023\/11\/Untitled-Instagram-Post-7-12x12.jpg 12w, https:\/\/flawlesshair.com\/wp-content\/uploads\/2023\/11\/Untitled-Instagram-Post-7-728x728.jpg 728w, https:\/\/flawlesshair.com\/wp-content\/uploads\/2023\/11\/Untitled-Instagram-Post-7-960x960.jpg 960w, https:\/\/flawlesshair.com\/wp-content\/uploads\/2023\/11\/Untitled-Instagram-Post-7-96x96.jpg 96w\" sizes=\"auto, (max-width: 760px) calc(100vw - 24px), 720px\" data-pin-media=\"https:\/\/flawlesshair.com\/wp-content\/uploads\/2023\/11\/Untitled-Instagram-Post-7.jpg\" id=\"mv-trellis-img-10\" data-trellis-processed=\"1\"><div style=\"position: absolute; top: 0.5rem; right: 0.75rem;\"> <a href=\"https:\/\/www.pinterest.com\/pin\/create\/button\/\" data-pin-do=\"buttonPin\" data-pin-tall=\"true\" data-pin-url=\"https:\/\/flawlesshair.com\/pt\/ideias-para-cabelos-encaracolados\/\" data-pin-media=\"https:\/\/flawlesshair.com\/wp-content\/uploads\/2023\/11\/Untitled-Instagram-Post-7.jpg\" data-pin-description=\"Get Perfect Curls With These Genius Curly Hair Tips And Styles\" rel=\"nofollow noopener\" target=\"_blank\"> <\/a><\/div><\/div><\/figure>\n\n\n\n<p>Uma cabeleireira, Lorraine Massey, introduziu o M\u00e9todo da Rapariga Encaracolada no seu livro bestseller, <em>Rapariga de cabelo encaracolado: o manual<\/em> em 2001. Desde ent\u00e3o, o CGM tornou-se uma forma de B\u00edblia para as pessoas de cabelo encaracolado. <\/p>\n\n\n\n<p><strong>O m\u00e9todo da rapariga encaracolada<\/strong> gira em torno de real\u00e7ar a beleza natural do cabelo encaracolado, evitando certos ingredientes (como sulfatos ou silicones), concentrando-se nos melhores produtos para carac\u00f3is e utilizando m\u00e9todos espec\u00edficos para modelar o cabelo encaracolado. Eis as directrizes b\u00e1sicas do MGC:<\/p>\n\n\n\n<h3 class=\"wp-block-heading\"><strong>1. Dizer n\u00e3o aos produtos que cont\u00eam ingredientes nocivos.<\/strong><\/h3>\n\n\n\n<p>Produtos que cont\u00eam <strong>sulfatos, silicones, \u00f3leos minerais, cera, perfumes e \u00e1lcool<\/strong> deve ser evitado.<br>Estes ingredientes podem causar frizz e secura, e n\u00e3o podem ser removidos do seu cabelo sem utilizar champ\u00f4s \u00e0 base de sulfatos (que tamb\u00e9m deve evitar). <\/p>\n\n\n\n<h3 class=\"wp-block-heading\"><strong>2. Determinar quais os nutrientes\/produtos que ir\u00e3o beneficiar o seu cabelo. <\/strong><\/h3>\n\n\n\n<p>Se tem cabelo grosso e espesso, com elevada porosidade e carac\u00f3is mais apertados, ent\u00e3o deve utilizar produtos mais pesados (\u00e0 base de \u00f3leo), como cremes, g\u00e9is, \u00f3leo de coco e \u00f3leo de arg\u00e3o. <\/p>\n\n\n\n<p>Se tem um cabelo fino\/m\u00e9dio com baixa porosidade e carac\u00f3is mais soltos, ent\u00e3o deve utilizar espumas, mousses ou produtos sem enxaguamento leves (\u00e0 base de \u00e1gua). Al\u00e9m disso, o cabelo com baixa porosidade deve evitar produtos \u00e0 base de prote\u00ednas. <\/p>\n\n\n\n<h3 class=\"wp-block-heading\"><strong>3. Lavar o cabelo em conjunto e utilizar um champ\u00f4 clarificante (de vez em quando). <\/strong><\/h3>\n\n\n\n<figure class=\"wp-block-image size-full\"><div style=\"position: relative;\"><noscript><img loading=\"lazy\" decoding=\"async\" width=\"1080\" height=\"1080\" src=\"https:\/\/flawlesshair.com\/wp-content\/uploads\/2023\/11\/Untitled-Instagram-Post-8.jpg\" alt=\"uma mulher que lava o seu cabelo encaracolado com um co-wash e um champ\u00f4 clarificante\" class=\"wp-image-30289\" srcset=\"https:\/\/flawlesshair.com\/wp-content\/uploads\/2023\/11\/Untitled-Instagram-Post-8.jpg 1080w, https:\/\/flawlesshair.com\/wp-content\/uploads\/2023\/11\/Untitled-Instagram-Post-8-300x300.jpg 300w, https:\/\/flawlesshair.com\/wp-content\/uploads\/2023\/11\/Untitled-Instagram-Post-8-150x150.jpg 150w, https:\/\/flawlesshair.com\/wp-content\/uploads\/2023\/11\/Untitled-Instagram-Post-8-768x768.jpg 768w, https:\/\/flawlesshair.com\/wp-content\/uploads\/2023\/11\/Untitled-Instagram-Post-8-12x12.jpg 12w, https:\/\/flawlesshair.com\/wp-content\/uploads\/2023\/11\/Untitled-Instagram-Post-8-728x728.jpg 728w, https:\/\/flawlesshair.com\/wp-content\/uploads\/2023\/11\/Untitled-Instagram-Post-8-960x960.jpg 960w, https:\/\/flawlesshair.com\/wp-content\/uploads\/2023\/11\/Untitled-Instagram-Post-8-96x96.jpg 96w\" sizes=\"auto, (max-width: 760px) calc(100vw - 24px), 720px\"><\/noscript><img loading=\"lazy\" decoding=\"async\" width=\"1080\" height=\"1080\" src=\"https:\/\/flawlesshair.com\/wp-content\/uploads\/2023\/11\/Untitled-Instagram-Post-8.jpg\" alt=\"uma mulher que lava o seu cabelo encaracolado com um co-wash e um champ\u00f4 clarificante\" class=\"wp-image-30289 lazyload\" srcset=\"https:\/\/flawlesshair.com\/wp-content\/uploads\/2023\/11\/Untitled-Instagram-Post-8.jpg 1080w, https:\/\/flawlesshair.com\/wp-content\/uploads\/2023\/11\/Untitled-Instagram-Post-8-300x300.jpg 300w, https:\/\/flawlesshair.com\/wp-content\/uploads\/2023\/11\/Untitled-Instagram-Post-8-150x150.jpg 150w, https:\/\/flawlesshair.com\/wp-content\/uploads\/2023\/11\/Untitled-Instagram-Post-8-768x768.jpg 768w, https:\/\/flawlesshair.com\/wp-content\/uploads\/2023\/11\/Untitled-Instagram-Post-8-12x12.jpg 12w, https:\/\/flawlesshair.com\/wp-content\/uploads\/2023\/11\/Untitled-Instagram-Post-8-728x728.jpg 728w, https:\/\/flawlesshair.com\/wp-content\/uploads\/2023\/11\/Untitled-Instagram-Post-8-960x960.jpg 960w, https:\/\/flawlesshair.com\/wp-content\/uploads\/2023\/11\/Untitled-Instagram-Post-8-96x96.jpg 96w\" sizes=\"auto, (max-width: 760px) calc(100vw - 24px), 720px\" data-pin-media=\"https:\/\/flawlesshair.com\/wp-content\/uploads\/2023\/11\/Untitled-Instagram-Post-8.jpg\" id=\"mv-trellis-img-11\" data-trellis-processed=\"1\"><div style=\"position: absolute; top: 0.5rem; right: 0.75rem;\"> <a href=\"https:\/\/www.pinterest.com\/pin\/create\/button\/\" data-pin-do=\"buttonPin\" data-pin-tall=\"true\" data-pin-url=\"https:\/\/flawlesshair.com\/pt\/ideias-para-cabelos-encaracolados\/\" data-pin-media=\"https:\/\/flawlesshair.com\/wp-content\/uploads\/2023\/11\/Untitled-Instagram-Post-8.jpg\" data-pin-description=\"Get Perfect Curls With These Genius Curly Hair Tips And Styles\" rel=\"nofollow noopener\" target=\"_blank\"> <\/a><\/div><\/div><\/figure>\n\n\n\n<p>Lavar o cabelo em conjunto significa lavar o cabelo apenas com um amaciador, o que \u00e9 fortemente recomendado para cabelos encaracolados. Existem tamb\u00e9m muitos produtos de limpeza naturais para co-lavagem no mercado. <\/p>\n\n\n\n<p>Os champ\u00f4s aclaradores s\u00e3o produtos de limpeza profunda que deve utilizar de vez em quando para eliminar os res\u00edduos de produtos e limpar profundamente o couro cabeludo. \u00c9 como um rein\u00edcio para os seus carac\u00f3is. <\/p>\n\n\n\n<h3 class=\"wp-block-heading\"><strong>4. Evitar o calor das ferramentas de modela\u00e7\u00e3o<\/strong> <strong>e deixe o seu cabelo secar naturalmente.<\/strong><\/h3>\n\n\n\n<p>Utiliza\u00e7\u00e3o repetida de alisadores, ferros de frisar e <strong>Os secadores de cabelo podem danificar os seus carac\u00f3is e, por vezes, pode demorar muitos anos a reparar o seu cabelo. <\/strong>Por isso, o M\u00e9todo Curly Girl promove deixar o seu cabelo encaracolado secar naturalmente ou (se tiver mesmo de o fazer) usar um secador com difusor numa defini\u00e7\u00e3o de baixa temperatura. <\/p>\n\n\n\n<h3 class=\"wp-block-heading\"><strong>5. Diga n\u00e3o aos pentes, escovas e toalhas de banho normais.<\/strong><\/h3>\n\n\n\n<p>Os pentes, as escovas e as toalhas normais podem causar frisado, danos e falta de hidrata\u00e7\u00e3o. O CGM sugere a utiliza\u00e7\u00e3o de uma toalha de microfibras e a utiliza\u00e7\u00e3o dos dedos para desembara\u00e7ar os carac\u00f3is.<\/p>\n\n\n\n<h3 class=\"wp-block-heading\"><strong>6. Utilizar as t\u00e9cnicas do M\u00e9todo da Rapariga Encaracolada<\/strong> <strong>para lavar e pentear.<\/strong><\/h3>\n\n\n\n<figure class=\"wp-block-image size-full\"><div style=\"position: relative;\"><noscript><img loading=\"lazy\" decoding=\"async\" width=\"1080\" height=\"1080\" src=\"https:\/\/flawlesshair.com\/wp-content\/uploads\/2023\/11\/Untitled-Instagram-Post-9.jpg\" alt=\"uma mulher a amassar o seu cabelo encaracolado molhado utilizando as t\u00e9cnicas do m\u00e9todo Curly Girl\" class=\"wp-image-30291\" srcset=\"https:\/\/flawlesshair.com\/wp-content\/uploads\/2023\/11\/Untitled-Instagram-Post-9.jpg 1080w, https:\/\/flawlesshair.com\/wp-content\/uploads\/2023\/11\/Untitled-Instagram-Post-9-300x300.jpg 300w, https:\/\/flawlesshair.com\/wp-content\/uploads\/2023\/11\/Untitled-Instagram-Post-9-150x150.jpg 150w, https:\/\/flawlesshair.com\/wp-content\/uploads\/2023\/11\/Untitled-Instagram-Post-9-768x768.jpg 768w, https:\/\/flawlesshair.com\/wp-content\/uploads\/2023\/11\/Untitled-Instagram-Post-9-12x12.jpg 12w, https:\/\/flawlesshair.com\/wp-content\/uploads\/2023\/11\/Untitled-Instagram-Post-9-728x728.jpg 728w, https:\/\/flawlesshair.com\/wp-content\/uploads\/2023\/11\/Untitled-Instagram-Post-9-960x960.jpg 960w, https:\/\/flawlesshair.com\/wp-content\/uploads\/2023\/11\/Untitled-Instagram-Post-9-96x96.jpg 96w\" sizes=\"auto, (max-width: 760px) calc(100vw - 24px), 720px\"><\/noscript><img loading=\"lazy\" decoding=\"async\" width=\"1080\" height=\"1080\" src=\"https:\/\/flawlesshair.com\/wp-content\/uploads\/2023\/11\/Untitled-Instagram-Post-9.jpg\" alt=\"uma mulher a amassar o seu cabelo encaracolado molhado utilizando as t\u00e9cnicas do m\u00e9todo Curly Girl\" class=\"wp-image-30291 lazyload\" srcset=\"https:\/\/flawlesshair.com\/wp-content\/uploads\/2023\/11\/Untitled-Instagram-Post-9.jpg 1080w, https:\/\/flawlesshair.com\/wp-content\/uploads\/2023\/11\/Untitled-Instagram-Post-9-300x300.jpg 300w, https:\/\/flawlesshair.com\/wp-content\/uploads\/2023\/11\/Untitled-Instagram-Post-9-150x150.jpg 150w, https:\/\/flawlesshair.com\/wp-content\/uploads\/2023\/11\/Untitled-Instagram-Post-9-768x768.jpg 768w, https:\/\/flawlesshair.com\/wp-content\/uploads\/2023\/11\/Untitled-Instagram-Post-9-12x12.jpg 12w, https:\/\/flawlesshair.com\/wp-content\/uploads\/2023\/11\/Untitled-Instagram-Post-9-728x728.jpg 728w, https:\/\/flawlesshair.com\/wp-content\/uploads\/2023\/11\/Untitled-Instagram-Post-9-960x960.jpg 960w, https:\/\/flawlesshair.com\/wp-content\/uploads\/2023\/11\/Untitled-Instagram-Post-9-96x96.jpg 96w\" sizes=\"auto, (max-width: 760px) calc(100vw - 24px), 720px\" data-pin-media=\"https:\/\/flawlesshair.com\/wp-content\/uploads\/2023\/11\/Untitled-Instagram-Post-9.jpg\" id=\"mv-trellis-img-12\" data-trellis-processed=\"1\"><div style=\"position: absolute; top: 0.5rem; right: 0.75rem;\"> <a href=\"https:\/\/www.pinterest.com\/pin\/create\/button\/\" data-pin-do=\"buttonPin\" data-pin-tall=\"true\" data-pin-url=\"https:\/\/flawlesshair.com\/pt\/ideias-para-cabelos-encaracolados\/\" data-pin-media=\"https:\/\/flawlesshair.com\/wp-content\/uploads\/2023\/11\/Untitled-Instagram-Post-9.jpg\" data-pin-description=\"Get Perfect Curls With These Genius Curly Hair Tips And Styles\" rel=\"nofollow noopener\" target=\"_blank\"> <\/a><\/div><\/div><\/figure>\n\n\n\n<p>Pode utilizar diferentes m\u00e9todos ao lavar, limpar e pentear o seu cabelo para criar carac\u00f3is deslumbrantes e ajudar a reduzir o frisado.<\/p>\n\n\n\n<p><strong>LAVAGEM<\/strong> <strong>E LIMPEZA<\/strong><\/p>\n\n\n\n<p><strong>- Pr\u00e9-Poo:<\/strong> Aplique amaciador ou \u00f3leo no seu cabelo algumas horas antes de o lavar. Isto ajudar\u00e1 a desembara\u00e7ar o cabelo e encorajar\u00e1 a forma\u00e7\u00e3o de carac\u00f3is grandes e saltitantes. <\/p>\n\n\n\n<p><strong>- M\u00e9todo da corda: <\/strong>Esta t\u00e9cnica inclui a aplica\u00e7\u00e3o de uma mistura de \u00e1gua e amaciador das ra\u00edzes at\u00e9 \u00e0s pontas, utilizando um movimento de m\u00e3o que se assemelha \u00e0 ordenha de uma vaca. <\/p>\n\n\n\n<p><strong>- M\u00e9todo da ta\u00e7a:<\/strong> Este m\u00e9todo consiste em mergulhar o cabelo v\u00e1rias vezes na ta\u00e7a com \u00e1gua e amaciador. <\/p>\n\n\n\n<p><strong>- Esmagar para condimentar:<\/strong> Esprema o co-wash ou o amaciador no cabelo com \u00e1gua. Esta t\u00e9cnica resultar\u00e1 numa hidrata\u00e7\u00e3o extra e em carac\u00f3is perfeitamente definidos. <\/p>\n\n\n\n<p><strong>ESTILO<\/strong><\/p>\n\n\n\n<p><strong>- Amassar: <\/strong>Depois de aplicar os produtos para pentear (cremes, g\u00e9is ou mousse para carac\u00f3is), junte os carac\u00f3is e enrole-os para cima em dire\u00e7\u00e3o ao couro cabeludo. <\/p>\n\n\n\n<p><strong>- Ancinho: <\/strong>Com as m\u00e3os, distribua os produtos para pentear pelo cabelo, uma sec\u00e7\u00e3o de cada vez.<\/p>\n\n\n\n<p><strong>- Varrer e agitar:<\/strong> Utilize as suas m\u00e3os para distribuir os produtos para pentear pelas sec\u00e7\u00f5es do seu cabelo. Quando chegar ao fim de cada sec\u00e7\u00e3o de cabelo, agite a m\u00e3o para soltar os fios de cabelo e ajudar a formar os carac\u00f3is.<\/p>\n\n\n\n<p><strong>- M\u00e3os que rezam: <\/strong>Este m\u00e9todo inclui a aplica\u00e7\u00e3o de produtos para pentear no seu cabelo num movimento de ora\u00e7\u00e3o. <\/p>\n\n\n\n<p><strong>- Micro-plopping:<\/strong> Utilize uma toalha de microfibras ou uma t-shirt de algod\u00e3o para esmagar os carac\u00f3is em dire\u00e7\u00e3o \u00e0 cabe\u00e7a e ao pulso. Utilize esta t\u00e9cnica antes ou depois de criar o penteado. <\/p>\n\n\n\n<p><strong>- Plopping: <\/strong>Utilize uma toalha de microfibras ou uma t-shirt de algod\u00e3o para esmagar os carac\u00f3is na dire\u00e7\u00e3o da cabe\u00e7a e depois prenda-os. Isto reduzir\u00e1 o tempo de secagem e criar\u00e1 carac\u00f3is bonitos.<\/p>\n\n\n\n<p><strong>- Enrolamento dos dedos:<\/strong> Enrole sec\u00e7\u00f5es do seu cabelo molhado \u00e0 volta do dedo e amasse-o em dire\u00e7\u00e3o ao couro cabeludo. <\/p>\n\n\n\n<p><strong>- Estilo da escova: <\/strong>Utilize uma escova para pentear, como a escova Denman, para ampliar os carac\u00f3is e as espirais e aumentar a defini\u00e7\u00e3o. <\/p>\n\n\n\n<h3 class=\"wp-block-heading\"><strong>7. Refresque os seus carac\u00f3is entre as suas (co)lavagens. <\/strong><\/h3>\n\n\n\n<p>Para refrescar os seus carac\u00f3is entre lavagens ou (co)lavagens, tem de encher um frasco de spray com \u00e1gua e um amaciador sem enxaguamento. Pulverize esta mistura hidratante nos seus carac\u00f3is e aplique os produtos de modela\u00e7\u00e3o habituais. N\u00e3o se esque\u00e7a de amassar o cabelo!<\/p>\n\n\n\n<h2 class=\"wp-block-heading\">50 Estilos e Cortes Deslumbrantes para Cabelos Encaracolados <\/h2>\n\n\n\n<p>Estes penteados e cortes de cabelo da moda s\u00e3o tudo o que precisa para real\u00e7ar o melhor da sua juba ondulada, encaracolada ou encaracolada! <\/p>\n\n\n\n<h3 class=\"wp-block-heading\">1. Carac\u00f3is grandes e volumosos<\/h3>\n\n\n<div class=\"wp-block-image\">\n<figure class=\"aligncenter size-full\"><div style=\"position: relative;\"><noscript><img loading=\"lazy\" decoding=\"async\" width=\"1080\" height=\"1080\" src=\"https:\/\/flawlesshair.com\/wp-content\/uploads\/2023\/11\/ultra-big-curls.jpg\" alt=\"cabelo encaracolado grande e volumoso\" class=\"wp-image-30375\" srcset=\"https:\/\/flawlesshair.com\/wp-content\/uploads\/2023\/11\/ultra-big-curls.jpg 1080w, https:\/\/flawlesshair.com\/wp-content\/uploads\/2023\/11\/ultra-big-curls-300x300.jpg 300w, https:\/\/flawlesshair.com\/wp-content\/uploads\/2023\/11\/ultra-big-curls-150x150.jpg 150w, https:\/\/flawlesshair.com\/wp-content\/uploads\/2023\/11\/ultra-big-curls-768x768.jpg 768w, https:\/\/flawlesshair.com\/wp-content\/uploads\/2023\/11\/ultra-big-curls-12x12.jpg 12w, https:\/\/flawlesshair.com\/wp-content\/uploads\/2023\/11\/ultra-big-curls-728x728.jpg 728w, https:\/\/flawlesshair.com\/wp-content\/uploads\/2023\/11\/ultra-big-curls-960x960.jpg 960w, https:\/\/flawlesshair.com\/wp-content\/uploads\/2023\/11\/ultra-big-curls-96x96.jpg 96w\" sizes=\"auto, (max-width: 760px) calc(100vw - 24px), 720px\"><\/noscript><img loading=\"lazy\" decoding=\"async\" width=\"1080\" height=\"1080\" src=\"https:\/\/flawlesshair.com\/wp-content\/uploads\/2023\/11\/ultra-big-curls.jpg\" alt=\"cabelo encaracolado grande e volumoso\" class=\"wp-image-30375 lazyload\" srcset=\"https:\/\/flawlesshair.com\/wp-content\/uploads\/2023\/11\/ultra-big-curls.jpg 1080w, https:\/\/flawlesshair.com\/wp-content\/uploads\/2023\/11\/ultra-big-curls-300x300.jpg 300w, https:\/\/flawlesshair.com\/wp-content\/uploads\/2023\/11\/ultra-big-curls-150x150.jpg 150w, https:\/\/flawlesshair.com\/wp-content\/uploads\/2023\/11\/ultra-big-curls-768x768.jpg 768w, https:\/\/flawlesshair.com\/wp-content\/uploads\/2023\/11\/ultra-big-curls-12x12.jpg 12w, https:\/\/flawlesshair.com\/wp-content\/uploads\/2023\/11\/ultra-big-curls-728x728.jpg 728w, https:\/\/flawlesshair.com\/wp-content\/uploads\/2023\/11\/ultra-big-curls-960x960.jpg 960w, https:\/\/flawlesshair.com\/wp-content\/uploads\/2023\/11\/ultra-big-curls-96x96.jpg 96w\" sizes=\"auto, (max-width: 760px) calc(100vw - 24px), 720px\" data-pin-media=\"https:\/\/flawlesshair.com\/wp-content\/uploads\/2023\/11\/ultra-big-curls.jpg\" id=\"mv-trellis-img-13\" data-trellis-processed=\"1\"><div style=\"position: absolute; top: 0.5rem; right: 0.75rem;\"> <a href=\"https:\/\/www.pinterest.com\/pin\/create\/button\/\" data-pin-do=\"buttonPin\" data-pin-tall=\"true\" data-pin-url=\"https:\/\/flawlesshair.com\/pt\/ideias-para-cabelos-encaracolados\/\" data-pin-media=\"https:\/\/flawlesshair.com\/wp-content\/uploads\/2023\/11\/ultra-big-curls.jpg\" data-pin-description=\"Get Perfect Curls With These Genius Curly Hair Tips And Styles\" rel=\"nofollow noopener\" target=\"_blank\"> <\/a><\/div><\/div><figcaption class=\"wp-element-caption\">@<a href=\"https:\/\/www.instagram.com\/curlswithalexa\/\" target=\"_blank\" rel=\"noreferrer noopener nofollow\">curlswithalexa<\/a><\/figcaption><\/figure>\n<\/div>\n\n\n<p>Todas n\u00f3s sabemos que os carac\u00f3is grandes e volumosos n\u00e3o crescem nas \u00e1rvores. Se quiser fazer este penteado deslumbrante, sugiro que aplique amaciador ou \u00f3leo no seu cabelo algumas horas antes de o lavar. Depois de lavar o cabelo, aplique creme para carac\u00f3is e um pouco de gel. Esmague os carac\u00f3is com uma toalha de microfibras e seque-os com um difusor. Para terminar, aplique um pouco de s\u00e9rum ou \u00f3leo no seu cabelo. <\/p>\n\n\n\n<h3 class=\"wp-block-heading\">2. Penteado encaracolado desarrumado para cabelos naturalmente encaracolados<\/h3>\n\n\n<div class=\"wp-block-image\">\n<figure class=\"aligncenter size-full\"><div style=\"position: relative;\"><noscript><img loading=\"lazy\" decoding=\"async\" width=\"1080\" height=\"1080\" src=\"https:\/\/flawlesshair.com\/wp-content\/uploads\/2023\/11\/elegant-curly-updo.jpg\" alt=\"Rita Ora, penteado encaracolado e desarrumado\" class=\"wp-image-30362\" srcset=\"https:\/\/flawlesshair.com\/wp-content\/uploads\/2023\/11\/elegant-curly-updo.jpg 1080w, https:\/\/flawlesshair.com\/wp-content\/uploads\/2023\/11\/elegant-curly-updo-300x300.jpg 300w, https:\/\/flawlesshair.com\/wp-content\/uploads\/2023\/11\/elegant-curly-updo-150x150.jpg 150w, https:\/\/flawlesshair.com\/wp-content\/uploads\/2023\/11\/elegant-curly-updo-768x768.jpg 768w, https:\/\/flawlesshair.com\/wp-content\/uploads\/2023\/11\/elegant-curly-updo-12x12.jpg 12w, https:\/\/flawlesshair.com\/wp-content\/uploads\/2023\/11\/elegant-curly-updo-728x728.jpg 728w, https:\/\/flawlesshair.com\/wp-content\/uploads\/2023\/11\/elegant-curly-updo-960x960.jpg 960w, https:\/\/flawlesshair.com\/wp-content\/uploads\/2023\/11\/elegant-curly-updo-96x96.jpg 96w\" sizes=\"auto, (max-width: 760px) calc(100vw - 24px), 720px\"><\/noscript><img loading=\"lazy\" decoding=\"async\" width=\"1080\" height=\"1080\" src=\"https:\/\/flawlesshair.com\/wp-content\/uploads\/2023\/11\/elegant-curly-updo.jpg\" alt=\"Rita Ora, penteado encaracolado e desarrumado\" class=\"wp-image-30362 lazyload\" srcset=\"https:\/\/flawlesshair.com\/wp-content\/uploads\/2023\/11\/elegant-curly-updo.jpg 1080w, https:\/\/flawlesshair.com\/wp-content\/uploads\/2023\/11\/elegant-curly-updo-300x300.jpg 300w, https:\/\/flawlesshair.com\/wp-content\/uploads\/2023\/11\/elegant-curly-updo-150x150.jpg 150w, https:\/\/flawlesshair.com\/wp-content\/uploads\/2023\/11\/elegant-curly-updo-768x768.jpg 768w, https:\/\/flawlesshair.com\/wp-content\/uploads\/2023\/11\/elegant-curly-updo-12x12.jpg 12w, https:\/\/flawlesshair.com\/wp-content\/uploads\/2023\/11\/elegant-curly-updo-728x728.jpg 728w, https:\/\/flawlesshair.com\/wp-content\/uploads\/2023\/11\/elegant-curly-updo-960x960.jpg 960w, https:\/\/flawlesshair.com\/wp-content\/uploads\/2023\/11\/elegant-curly-updo-96x96.jpg 96w\" sizes=\"auto, (max-width: 760px) calc(100vw - 24px), 720px\" data-pin-media=\"https:\/\/flawlesshair.com\/wp-content\/uploads\/2023\/11\/elegant-curly-updo.jpg\" id=\"mv-trellis-img-14\" data-trellis-processed=\"1\"><div style=\"position: absolute; top: 0.5rem; right: 0.75rem;\"> <a href=\"https:\/\/www.pinterest.com\/pin\/create\/button\/\" data-pin-do=\"buttonPin\" data-pin-tall=\"true\" data-pin-url=\"https:\/\/flawlesshair.com\/pt\/ideias-para-cabelos-encaracolados\/\" data-pin-media=\"https:\/\/flawlesshair.com\/wp-content\/uploads\/2023\/11\/elegant-curly-updo.jpg\" data-pin-description=\"Get Perfect Curls With These Genius Curly Hair Tips And Styles\" rel=\"nofollow noopener\" target=\"_blank\"> <\/a><\/div><\/div><figcaption class=\"wp-element-caption\">@<a href=\"https:\/\/www.instagram.com\/curlyupdos\/\" target=\"_blank\" rel=\"noreferrer noopener nofollow\">curlyupdos<\/a><\/figcaption><\/figure>\n<\/div>\n\n\n<p>H\u00e1 tantas varia\u00e7\u00f5es de desarruma\u00e7\u00e3o <a href=\"https:\/\/flawlesshair.com\/pt\/penteados-para-cabelos-encaracolados-updo\/\">penteados com carac\u00f3is<\/a> e Rita Ora elevou certamente a fasquia demasiado alto com estes impressionantes updos. Para uma vers\u00e3o mais descontra\u00edda do updo encaracolado, opte por uma franja fina. Se quiser uma vers\u00e3o mais elegante com caracter\u00edsticas acentuadas, ent\u00e3o a franja lateral \u00e9 a melhor aposta!<\/p>\n\n\n\n<h3 class=\"wp-block-heading\">3. Penteado elegante e desarrumado com ganchos<\/h3>\n\n\n<div class=\"wp-block-image\">\n<figure class=\"aligncenter size-full\"><div style=\"position: relative;\"><noscript><img loading=\"lazy\" decoding=\"async\" width=\"1080\" height=\"1350\" src=\"https:\/\/flawlesshair.com\/wp-content\/uploads\/2023\/11\/sleek-messy-bun-with-snap-on-clips.jpg\" alt=\"Penteado elegante e desarrumado com molas de press\u00e3o\" class=\"wp-image-30372\" srcset=\"https:\/\/flawlesshair.com\/wp-content\/uploads\/2023\/11\/sleek-messy-bun-with-snap-on-clips.jpg 1080w, https:\/\/flawlesshair.com\/wp-content\/uploads\/2023\/11\/sleek-messy-bun-with-snap-on-clips-240x300.jpg 240w, https:\/\/flawlesshair.com\/wp-content\/uploads\/2023\/11\/sleek-messy-bun-with-snap-on-clips-768x960.jpg 768w, https:\/\/flawlesshair.com\/wp-content\/uploads\/2023\/11\/sleek-messy-bun-with-snap-on-clips-10x12.jpg 10w, https:\/\/flawlesshair.com\/wp-content\/uploads\/2023\/11\/sleek-messy-bun-with-snap-on-clips-864x1080.jpg 864w, https:\/\/flawlesshair.com\/wp-content\/uploads\/2023\/11\/sleek-messy-bun-with-snap-on-clips-960x1200.jpg 960w, https:\/\/flawlesshair.com\/wp-content\/uploads\/2023\/11\/sleek-messy-bun-with-snap-on-clips-150x188.jpg 150w\" sizes=\"auto, (max-width: 760px) calc(100vw - 24px), 720px\"><\/noscript><img loading=\"lazy\" decoding=\"async\" width=\"1080\" height=\"1350\" src=\"https:\/\/flawlesshair.com\/wp-content\/uploads\/2023\/11\/sleek-messy-bun-with-snap-on-clips.jpg\" alt=\"Penteado elegante e desarrumado com molas de press\u00e3o\" class=\"wp-image-30372 lazyload\" srcset=\"https:\/\/flawlesshair.com\/wp-content\/uploads\/2023\/11\/sleek-messy-bun-with-snap-on-clips.jpg 1080w, https:\/\/flawlesshair.com\/wp-content\/uploads\/2023\/11\/sleek-messy-bun-with-snap-on-clips-240x300.jpg 240w, https:\/\/flawlesshair.com\/wp-content\/uploads\/2023\/11\/sleek-messy-bun-with-snap-on-clips-768x960.jpg 768w, https:\/\/flawlesshair.com\/wp-content\/uploads\/2023\/11\/sleek-messy-bun-with-snap-on-clips-10x12.jpg 10w, https:\/\/flawlesshair.com\/wp-content\/uploads\/2023\/11\/sleek-messy-bun-with-snap-on-clips-864x1080.jpg 864w, https:\/\/flawlesshair.com\/wp-content\/uploads\/2023\/11\/sleek-messy-bun-with-snap-on-clips-960x1200.jpg 960w, https:\/\/flawlesshair.com\/wp-content\/uploads\/2023\/11\/sleek-messy-bun-with-snap-on-clips-150x188.jpg 150w\" sizes=\"auto, (max-width: 760px) calc(100vw - 24px), 720px\" data-pin-media=\"https:\/\/flawlesshair.com\/wp-content\/uploads\/2023\/11\/sleek-messy-bun-with-snap-on-clips.jpg\" id=\"mv-trellis-img-15\" data-trellis-processed=\"1\"><div style=\"position: absolute; top: 0.5rem; right: 0.75rem;\"> <a href=\"https:\/\/www.pinterest.com\/pin\/create\/button\/\" data-pin-do=\"buttonPin\" data-pin-tall=\"true\" data-pin-url=\"https:\/\/flawlesshair.com\/pt\/ideias-para-cabelos-encaracolados\/\" data-pin-media=\"https:\/\/flawlesshair.com\/wp-content\/uploads\/2023\/11\/sleek-messy-bun-with-snap-on-clips.jpg\" data-pin-description=\"Get Perfect Curls With These Genius Curly Hair Tips And Styles\" rel=\"nofollow noopener\" target=\"_blank\"> <\/a><\/div><\/div><figcaption class=\"wp-element-caption\">@<a href=\"https:\/\/www.instagram.com\/oliviacalabio\/\" target=\"_blank\" rel=\"noreferrer noopener nofollow\">oliviacalabio<\/a><\/figcaption><\/figure>\n<\/div>\n\n\n<p>Um carrapito encaracolado cl\u00e1ssico e elegante \u00e9 facilmente transformado numa vers\u00e3o mais elegante com ganchos de press\u00e3o. Pode fazer este penteado em apenas alguns minutos: aplique creme para pentear e, em seguida, alise as partes da frente do cabelo com uma escova de cerdas. Prenda os carac\u00f3is com um el\u00e1stico, formando um rabo-de-cavalo, e utilize ganchos para formar um caracol desarrumado. E j\u00e1 est\u00e1! <\/p>\n\n\n\n<h3 class=\"wp-block-heading\">4. Balayage Loiro Para Cabelo Comprido Encaracolado<\/h3>\n\n\n<div class=\"wp-block-image\">\n<figure class=\"aligncenter size-full\"><div style=\"position: relative;\"><noscript><img loading=\"lazy\" decoding=\"async\" width=\"1080\" height=\"1080\" src=\"https:\/\/flawlesshair.com\/wp-content\/uploads\/2023\/11\/long-curly-hair-with-bronde-balayage.jpg\" alt=\"cabelo comprido encaracolado com balayage louro\" class=\"wp-image-30366\" srcset=\"https:\/\/flawlesshair.com\/wp-content\/uploads\/2023\/11\/long-curly-hair-with-bronde-balayage.jpg 1080w, https:\/\/flawlesshair.com\/wp-content\/uploads\/2023\/11\/long-curly-hair-with-bronde-balayage-300x300.jpg 300w, https:\/\/flawlesshair.com\/wp-content\/uploads\/2023\/11\/long-curly-hair-with-bronde-balayage-150x150.jpg 150w, https:\/\/flawlesshair.com\/wp-content\/uploads\/2023\/11\/long-curly-hair-with-bronde-balayage-768x768.jpg 768w, https:\/\/flawlesshair.com\/wp-content\/uploads\/2023\/11\/long-curly-hair-with-bronde-balayage-12x12.jpg 12w, https:\/\/flawlesshair.com\/wp-content\/uploads\/2023\/11\/long-curly-hair-with-bronde-balayage-728x728.jpg 728w, https:\/\/flawlesshair.com\/wp-content\/uploads\/2023\/11\/long-curly-hair-with-bronde-balayage-960x960.jpg 960w, https:\/\/flawlesshair.com\/wp-content\/uploads\/2023\/11\/long-curly-hair-with-bronde-balayage-96x96.jpg 96w\" sizes=\"auto, (max-width: 760px) calc(100vw - 24px), 720px\"><\/noscript><img loading=\"lazy\" decoding=\"async\" width=\"1080\" height=\"1080\" src=\"https:\/\/flawlesshair.com\/wp-content\/uploads\/2023\/11\/long-curly-hair-with-bronde-balayage.jpg\" alt=\"cabelo comprido encaracolado com balayage louro\" class=\"wp-image-30366 lazyload\" srcset=\"https:\/\/flawlesshair.com\/wp-content\/uploads\/2023\/11\/long-curly-hair-with-bronde-balayage.jpg 1080w, https:\/\/flawlesshair.com\/wp-content\/uploads\/2023\/11\/long-curly-hair-with-bronde-balayage-300x300.jpg 300w, https:\/\/flawlesshair.com\/wp-content\/uploads\/2023\/11\/long-curly-hair-with-bronde-balayage-150x150.jpg 150w, https:\/\/flawlesshair.com\/wp-content\/uploads\/2023\/11\/long-curly-hair-with-bronde-balayage-768x768.jpg 768w, https:\/\/flawlesshair.com\/wp-content\/uploads\/2023\/11\/long-curly-hair-with-bronde-balayage-12x12.jpg 12w, https:\/\/flawlesshair.com\/wp-content\/uploads\/2023\/11\/long-curly-hair-with-bronde-balayage-728x728.jpg 728w, https:\/\/flawlesshair.com\/wp-content\/uploads\/2023\/11\/long-curly-hair-with-bronde-balayage-960x960.jpg 960w, https:\/\/flawlesshair.com\/wp-content\/uploads\/2023\/11\/long-curly-hair-with-bronde-balayage-96x96.jpg 96w\" sizes=\"auto, (max-width: 760px) calc(100vw - 24px), 720px\" data-pin-media=\"https:\/\/flawlesshair.com\/wp-content\/uploads\/2023\/11\/long-curly-hair-with-bronde-balayage.jpg\" id=\"mv-trellis-img-16\" data-trellis-processed=\"1\"><div style=\"position: absolute; top: 0.5rem; right: 0.75rem;\"> <a href=\"https:\/\/www.pinterest.com\/pin\/create\/button\/\" data-pin-do=\"buttonPin\" data-pin-tall=\"true\" data-pin-url=\"https:\/\/flawlesshair.com\/pt\/ideias-para-cabelos-encaracolados\/\" data-pin-media=\"https:\/\/flawlesshair.com\/wp-content\/uploads\/2023\/11\/long-curly-hair-with-bronde-balayage.jpg\" data-pin-description=\"Get Perfect Curls With These Genius Curly Hair Tips And Styles\" rel=\"nofollow noopener\" target=\"_blank\"> <\/a><\/div><\/div><figcaption class=\"wp-element-caption\">@<a href=\"https:\/\/www.instagram.com\/desertcurlsstudio\/\" target=\"_blank\" rel=\"noreferrer noopener nofollow\">desertcurlsstudio<\/a><\/figcaption><\/figure>\n<\/div>\n\n\n<p>Colocar estrategicamente madeixas louras beijadas pelo sol em comprimentos morenos dar\u00e1 dimens\u00e3o e profundidade ao seu cabelo comprido e encaracolado. O melhor de tudo \u00e9 que o balayage louro tem um aspeto t\u00e3o natural e deslumbrante mesmo com um crescimento, o que minimizar\u00e1 as suas visitas ao cabeleireiro.<\/p>\n\n\n\n<h3 class=\"wp-block-heading\">5. Bob A-Line para Cabelo Encaracolado Fino<\/h3>\n\n\n<div class=\"wp-block-image\">\n<figure class=\"aligncenter size-full\"><div style=\"position: relative;\"><noscript><img loading=\"lazy\" decoding=\"async\" width=\"1080\" height=\"1193\" src=\"https:\/\/flawlesshair.com\/wp-content\/uploads\/2023\/11\/A-line-curly-bob-2.jpg\" alt=\"Carac\u00f3is em linha reta\" class=\"wp-image-30353\" srcset=\"https:\/\/flawlesshair.com\/wp-content\/uploads\/2023\/11\/A-line-curly-bob-2.jpg 1080w, https:\/\/flawlesshair.com\/wp-content\/uploads\/2023\/11\/A-line-curly-bob-2-272x300.jpg 272w, https:\/\/flawlesshair.com\/wp-content\/uploads\/2023\/11\/A-line-curly-bob-2-768x848.jpg 768w, https:\/\/flawlesshair.com\/wp-content\/uploads\/2023\/11\/A-line-curly-bob-2-11x12.jpg 11w, https:\/\/flawlesshair.com\/wp-content\/uploads\/2023\/11\/A-line-curly-bob-2-869x960.jpg 869w, https:\/\/flawlesshair.com\/wp-content\/uploads\/2023\/11\/A-line-curly-bob-2-978x1080.jpg 978w, https:\/\/flawlesshair.com\/wp-content\/uploads\/2023\/11\/A-line-curly-bob-2-150x166.jpg 150w\" sizes=\"auto, (max-width: 760px) calc(100vw - 24px), 720px\"><\/noscript><img loading=\"lazy\" decoding=\"async\" width=\"1080\" height=\"1193\" src=\"https:\/\/flawlesshair.com\/wp-content\/uploads\/2023\/11\/A-line-curly-bob-2.jpg\" alt=\"Carac\u00f3is em linha reta\" class=\"wp-image-30353 lazyload\" srcset=\"https:\/\/flawlesshair.com\/wp-content\/uploads\/2023\/11\/A-line-curly-bob-2.jpg 1080w, https:\/\/flawlesshair.com\/wp-content\/uploads\/2023\/11\/A-line-curly-bob-2-272x300.jpg 272w, https:\/\/flawlesshair.com\/wp-content\/uploads\/2023\/11\/A-line-curly-bob-2-768x848.jpg 768w, https:\/\/flawlesshair.com\/wp-content\/uploads\/2023\/11\/A-line-curly-bob-2-11x12.jpg 11w, https:\/\/flawlesshair.com\/wp-content\/uploads\/2023\/11\/A-line-curly-bob-2-869x960.jpg 869w, https:\/\/flawlesshair.com\/wp-content\/uploads\/2023\/11\/A-line-curly-bob-2-978x1080.jpg 978w, https:\/\/flawlesshair.com\/wp-content\/uploads\/2023\/11\/A-line-curly-bob-2-150x166.jpg 150w\" sizes=\"auto, (max-width: 760px) calc(100vw - 24px), 720px\" data-pin-media=\"https:\/\/flawlesshair.com\/wp-content\/uploads\/2023\/11\/A-line-curly-bob-2.jpg\" id=\"mv-trellis-img-17\" data-trellis-processed=\"1\"><div style=\"position: absolute; top: 0.5rem; right: 0.75rem;\"> <a href=\"https:\/\/www.pinterest.com\/pin\/create\/button\/\" data-pin-do=\"buttonPin\" data-pin-tall=\"true\" data-pin-url=\"https:\/\/flawlesshair.com\/pt\/ideias-para-cabelos-encaracolados\/\" data-pin-media=\"https:\/\/flawlesshair.com\/wp-content\/uploads\/2023\/11\/A-line-curly-bob-2.jpg\" data-pin-description=\"Get Perfect Curls With These Genius Curly Hair Tips And Styles\" rel=\"nofollow noopener\" target=\"_blank\"> <\/a><\/div><\/div><figcaption class=\"wp-element-caption\">@<a href=\"https:\/\/www.instagram.com\/laurensteelehair\/\" target=\"_blank\" rel=\"noreferrer noopener nofollow\">laurensteelehair<\/a><\/figcaption><\/figure>\n<\/div>\n\n\n<p>Diga ol\u00e1 ao corte A-line bob que d\u00e1 mais textura e volume aos cabelos encaracolados finos e delicados! Este corte de cabelo angular apresenta camadas mais compridas \u00e0 frente do que atr\u00e1s, e pode tornar o \u00e2ngulo t\u00e3o ousado quanto quiser. Viva!<\/p>\n\n\n\n<h3 class=\"wp-block-heading\">6. Corte Rezo para Cabelo Encaracolado 3C<\/h3>\n\n\n<div class=\"wp-block-image\">\n<figure class=\"aligncenter size-full\"><div style=\"position: relative;\"><noscript><img loading=\"lazy\" decoding=\"async\" width=\"1080\" height=\"1350\" src=\"https:\/\/flawlesshair.com\/wp-content\/uploads\/2023\/11\/3C-curls.jpg\" alt=\"3c cabelo encaracolado castanho\" class=\"wp-image-30351\" srcset=\"https:\/\/flawlesshair.com\/wp-content\/uploads\/2023\/11\/3C-curls.jpg 1080w, https:\/\/flawlesshair.com\/wp-content\/uploads\/2023\/11\/3C-curls-240x300.jpg 240w, https:\/\/flawlesshair.com\/wp-content\/uploads\/2023\/11\/3C-curls-768x960.jpg 768w, https:\/\/flawlesshair.com\/wp-content\/uploads\/2023\/11\/3C-curls-10x12.jpg 10w, https:\/\/flawlesshair.com\/wp-content\/uploads\/2023\/11\/3C-curls-864x1080.jpg 864w, https:\/\/flawlesshair.com\/wp-content\/uploads\/2023\/11\/3C-curls-960x1200.jpg 960w, https:\/\/flawlesshair.com\/wp-content\/uploads\/2023\/11\/3C-curls-150x188.jpg 150w\" sizes=\"auto, (max-width: 760px) calc(100vw - 24px), 720px\"><\/noscript><img loading=\"lazy\" decoding=\"async\" width=\"1080\" height=\"1350\" src=\"https:\/\/flawlesshair.com\/wp-content\/uploads\/2023\/11\/3C-curls.jpg\" alt=\"3c cabelo encaracolado castanho\" class=\"wp-image-30351 lazyload\" srcset=\"https:\/\/flawlesshair.com\/wp-content\/uploads\/2023\/11\/3C-curls.jpg 1080w, https:\/\/flawlesshair.com\/wp-content\/uploads\/2023\/11\/3C-curls-240x300.jpg 240w, https:\/\/flawlesshair.com\/wp-content\/uploads\/2023\/11\/3C-curls-768x960.jpg 768w, https:\/\/flawlesshair.com\/wp-content\/uploads\/2023\/11\/3C-curls-10x12.jpg 10w, https:\/\/flawlesshair.com\/wp-content\/uploads\/2023\/11\/3C-curls-864x1080.jpg 864w, https:\/\/flawlesshair.com\/wp-content\/uploads\/2023\/11\/3C-curls-960x1200.jpg 960w, https:\/\/flawlesshair.com\/wp-content\/uploads\/2023\/11\/3C-curls-150x188.jpg 150w\" sizes=\"auto, (max-width: 760px) calc(100vw - 24px), 720px\" data-pin-media=\"https:\/\/flawlesshair.com\/wp-content\/uploads\/2023\/11\/3C-curls.jpg\" id=\"mv-trellis-img-18\" data-trellis-processed=\"1\"><div style=\"position: absolute; top: 0.5rem; right: 0.75rem;\"> <a href=\"https:\/\/www.pinterest.com\/pin\/create\/button\/\" data-pin-do=\"buttonPin\" data-pin-tall=\"true\" data-pin-url=\"https:\/\/flawlesshair.com\/pt\/ideias-para-cabelos-encaracolados\/\" data-pin-media=\"https:\/\/flawlesshair.com\/wp-content\/uploads\/2023\/11\/3C-curls.jpg\" data-pin-description=\"Get Perfect Curls With These Genius Curly Hair Tips And Styles\" rel=\"nofollow noopener\" target=\"_blank\"> <\/a><\/div><\/div><figcaption class=\"wp-element-caption\">@<a href=\"https:\/\/www.instagram.com\/nubiarezo\/\" target=\"_blank\" rel=\"noreferrer noopener nofollow\">nubiarezo<\/a><\/figcaption><\/figure>\n<\/div>\n\n\n<p>Provavelmente reconhecem esta jovem da popular s\u00e9rie Ginny &amp; Georgia. Devo dizer que fiquei momentaneamente hipnotizado pela sua bela <a href=\"https:\/\/flawlesshair.com\/pt\/penteados-encaracolados-3c\/\">Penteado encaracolado 3C<\/a> desde o momento em que comecei a ver esta s\u00e9rie. O segredo do seu cabelo encaracolado com uma textura bonita est\u00e1 no corte Rezo. Este tipo de corte mant\u00e9m um comprimento encaracolado uniforme em toda a sua base. Retira o peso do seu cabelo na zona da raiz para que os seus carac\u00f3is tenham mais movimento e espa\u00e7o para se expressarem. <\/p>\n\n\n\n<h3 class=\"wp-block-heading\">7. Lindos carac\u00f3is em forma de anel<\/h3>\n\n\n<div class=\"wp-block-image\">\n<figure class=\"aligncenter size-full\"><div style=\"position: relative;\"><noscript><img loading=\"lazy\" decoding=\"async\" width=\"1080\" height=\"1350\" src=\"https:\/\/flawlesshair.com\/wp-content\/uploads\/2023\/11\/long-curly-ringlets.jpg\" alt=\"cachos longos e encaracolados\" class=\"wp-image-30368\" srcset=\"https:\/\/flawlesshair.com\/wp-content\/uploads\/2023\/11\/long-curly-ringlets.jpg 1080w, https:\/\/flawlesshair.com\/wp-content\/uploads\/2023\/11\/long-curly-ringlets-240x300.jpg 240w, https:\/\/flawlesshair.com\/wp-content\/uploads\/2023\/11\/long-curly-ringlets-768x960.jpg 768w, https:\/\/flawlesshair.com\/wp-content\/uploads\/2023\/11\/long-curly-ringlets-10x12.jpg 10w, https:\/\/flawlesshair.com\/wp-content\/uploads\/2023\/11\/long-curly-ringlets-864x1080.jpg 864w, https:\/\/flawlesshair.com\/wp-content\/uploads\/2023\/11\/long-curly-ringlets-960x1200.jpg 960w, https:\/\/flawlesshair.com\/wp-content\/uploads\/2023\/11\/long-curly-ringlets-150x188.jpg 150w\" sizes=\"auto, (max-width: 760px) calc(100vw - 24px), 720px\"><\/noscript><img loading=\"lazy\" decoding=\"async\" width=\"1080\" height=\"1350\" src=\"https:\/\/flawlesshair.com\/wp-content\/uploads\/2023\/11\/long-curly-ringlets.jpg\" alt=\"cachos longos e encaracolados\" class=\"wp-image-30368 lazyload\" srcset=\"https:\/\/flawlesshair.com\/wp-content\/uploads\/2023\/11\/long-curly-ringlets.jpg 1080w, https:\/\/flawlesshair.com\/wp-content\/uploads\/2023\/11\/long-curly-ringlets-240x300.jpg 240w, https:\/\/flawlesshair.com\/wp-content\/uploads\/2023\/11\/long-curly-ringlets-768x960.jpg 768w, https:\/\/flawlesshair.com\/wp-content\/uploads\/2023\/11\/long-curly-ringlets-10x12.jpg 10w, https:\/\/flawlesshair.com\/wp-content\/uploads\/2023\/11\/long-curly-ringlets-864x1080.jpg 864w, https:\/\/flawlesshair.com\/wp-content\/uploads\/2023\/11\/long-curly-ringlets-960x1200.jpg 960w, https:\/\/flawlesshair.com\/wp-content\/uploads\/2023\/11\/long-curly-ringlets-150x188.jpg 150w\" sizes=\"auto, (max-width: 760px) calc(100vw - 24px), 720px\" data-pin-media=\"https:\/\/flawlesshair.com\/wp-content\/uploads\/2023\/11\/long-curly-ringlets.jpg\" id=\"mv-trellis-img-19\" data-trellis-processed=\"1\"><div style=\"position: absolute; top: 0.5rem; right: 0.75rem;\"> <a href=\"https:\/\/www.pinterest.com\/pin\/create\/button\/\" data-pin-do=\"buttonPin\" data-pin-tall=\"true\" data-pin-url=\"https:\/\/flawlesshair.com\/pt\/ideias-para-cabelos-encaracolados\/\" data-pin-media=\"https:\/\/flawlesshair.com\/wp-content\/uploads\/2023\/11\/long-curly-ringlets.jpg\" data-pin-description=\"Get Perfect Curls With These Genius Curly Hair Tips And Styles\" rel=\"nofollow noopener\" target=\"_blank\"> <\/a><\/div><\/div><figcaption class=\"wp-element-caption\">@<a href=\"https:\/\/www.instagram.com\/oliviacalabio\/\" target=\"_blank\" rel=\"noreferrer noopener nofollow\">oliviacalabio<\/a><\/figcaption><\/figure>\n<\/div>\n\n\n<p>Todas n\u00f3s gostamos de belos carac\u00f3is anelados e atrevo-me a dizer que s\u00e3o, de facto, o ep\u00edtome do cabelo encaracolado. Para conseguir carac\u00f3is anelados, pode utilizar rolos de espuma para carac\u00f3is sem calor ou pode torcer sec\u00e7\u00f5es do seu cabelo molhado \u00e0 volta do seu dedo e depois deix\u00e1-lo secar ao ar. Esta \u00faltima t\u00e9cnica \u00e9 conhecida como enrolar com os dedos. <\/p>\n\n\n\n<h3 class=\"wp-block-heading\">8. Coque grande e desarrumado para cabelo enrolado<\/h3>\n\n\n<div class=\"wp-block-image\">\n<figure class=\"aligncenter size-full\"><div style=\"position: relative;\"><noscript><img loading=\"lazy\" decoding=\"async\" width=\"1080\" height=\"1350\" src=\"https:\/\/flawlesshair.com\/wp-content\/uploads\/2023\/11\/big-messy-bun-for-coily-hair.jpg\" alt=\"coque grande e desarrumado para cabelo encaracolado\" class=\"wp-image-30355\" srcset=\"https:\/\/flawlesshair.com\/wp-content\/uploads\/2023\/11\/big-messy-bun-for-coily-hair.jpg 1080w, https:\/\/flawlesshair.com\/wp-content\/uploads\/2023\/11\/big-messy-bun-for-coily-hair-240x300.jpg 240w, https:\/\/flawlesshair.com\/wp-content\/uploads\/2023\/11\/big-messy-bun-for-coily-hair-768x960.jpg 768w, https:\/\/flawlesshair.com\/wp-content\/uploads\/2023\/11\/big-messy-bun-for-coily-hair-10x12.jpg 10w, https:\/\/flawlesshair.com\/wp-content\/uploads\/2023\/11\/big-messy-bun-for-coily-hair-864x1080.jpg 864w, https:\/\/flawlesshair.com\/wp-content\/uploads\/2023\/11\/big-messy-bun-for-coily-hair-960x1200.jpg 960w, https:\/\/flawlesshair.com\/wp-content\/uploads\/2023\/11\/big-messy-bun-for-coily-hair-150x188.jpg 150w\" sizes=\"auto, (max-width: 760px) calc(100vw - 24px), 720px\"><\/noscript><img loading=\"lazy\" decoding=\"async\" width=\"1080\" height=\"1350\" src=\"https:\/\/flawlesshair.com\/wp-content\/uploads\/2023\/11\/big-messy-bun-for-coily-hair.jpg\" alt=\"coque grande e desarrumado para cabelo encaracolado\" class=\"wp-image-30355 lazyload\" srcset=\"https:\/\/flawlesshair.com\/wp-content\/uploads\/2023\/11\/big-messy-bun-for-coily-hair.jpg 1080w, https:\/\/flawlesshair.com\/wp-content\/uploads\/2023\/11\/big-messy-bun-for-coily-hair-240x300.jpg 240w, https:\/\/flawlesshair.com\/wp-content\/uploads\/2023\/11\/big-messy-bun-for-coily-hair-768x960.jpg 768w, https:\/\/flawlesshair.com\/wp-content\/uploads\/2023\/11\/big-messy-bun-for-coily-hair-10x12.jpg 10w, https:\/\/flawlesshair.com\/wp-content\/uploads\/2023\/11\/big-messy-bun-for-coily-hair-864x1080.jpg 864w, https:\/\/flawlesshair.com\/wp-content\/uploads\/2023\/11\/big-messy-bun-for-coily-hair-960x1200.jpg 960w, https:\/\/flawlesshair.com\/wp-content\/uploads\/2023\/11\/big-messy-bun-for-coily-hair-150x188.jpg 150w\" sizes=\"auto, (max-width: 760px) calc(100vw - 24px), 720px\" data-pin-media=\"https:\/\/flawlesshair.com\/wp-content\/uploads\/2023\/11\/big-messy-bun-for-coily-hair.jpg\" id=\"mv-trellis-img-20\" data-trellis-processed=\"1\"><div style=\"position: absolute; top: 0.5rem; right: 0.75rem;\"> <a href=\"https:\/\/www.pinterest.com\/pin\/create\/button\/\" data-pin-do=\"buttonPin\" data-pin-tall=\"true\" data-pin-url=\"https:\/\/flawlesshair.com\/pt\/ideias-para-cabelos-encaracolados\/\" data-pin-media=\"https:\/\/flawlesshair.com\/wp-content\/uploads\/2023\/11\/big-messy-bun-for-coily-hair.jpg\" data-pin-description=\"Get Perfect Curls With These Genius Curly Hair Tips And Styles\" rel=\"nofollow noopener\" target=\"_blank\"> <\/a><\/div><\/div><figcaption class=\"wp-element-caption\">@<a href=\"https:\/\/www.instagram.com\/mandy_jacobz\/\" target=\"_blank\" rel=\"noreferrer noopener nofollow\">mandy_jacobz<\/a><\/figcaption><\/figure>\n<\/div>\n\n\n<p>Quem disse que o cabelo encaracolado n\u00e3o \u00e9 divertido de pentear? Um carrapito maci\u00e7o e fofo vai certamente merecer toneladas de elogios e fazer com que os seus carac\u00f3is pare\u00e7am ainda mais texturados e volumosos. Chamo-lhe uma situa\u00e7\u00e3o em que todos ganham! <\/p>\n\n\n\n<h3 class=\"wp-block-heading\">9. Penteado com textura para cabelos ondulados soltos<\/h3>\n\n\n<div class=\"wp-block-image\">\n<figure class=\"aligncenter size-full\"><div style=\"position: relative;\"><noscript><img loading=\"lazy\" decoding=\"async\" width=\"1080\" height=\"1080\" src=\"https:\/\/flawlesshair.com\/wp-content\/uploads\/2023\/11\/textured-curly-shag.jpg\" alt=\"Penteado texturado para cabelos ondulados soltos\" class=\"wp-image-30374\" srcset=\"https:\/\/flawlesshair.com\/wp-content\/uploads\/2023\/11\/textured-curly-shag.jpg 1080w, https:\/\/flawlesshair.com\/wp-content\/uploads\/2023\/11\/textured-curly-shag-300x300.jpg 300w, https:\/\/flawlesshair.com\/wp-content\/uploads\/2023\/11\/textured-curly-shag-150x150.jpg 150w, https:\/\/flawlesshair.com\/wp-content\/uploads\/2023\/11\/textured-curly-shag-768x768.jpg 768w, https:\/\/flawlesshair.com\/wp-content\/uploads\/2023\/11\/textured-curly-shag-12x12.jpg 12w, https:\/\/flawlesshair.com\/wp-content\/uploads\/2023\/11\/textured-curly-shag-728x728.jpg 728w, https:\/\/flawlesshair.com\/wp-content\/uploads\/2023\/11\/textured-curly-shag-960x960.jpg 960w, https:\/\/flawlesshair.com\/wp-content\/uploads\/2023\/11\/textured-curly-shag-96x96.jpg 96w\" sizes=\"auto, (max-width: 760px) calc(100vw - 24px), 720px\"><\/noscript><img loading=\"lazy\" decoding=\"async\" width=\"1080\" height=\"1080\" src=\"https:\/\/flawlesshair.com\/wp-content\/uploads\/2023\/11\/textured-curly-shag.jpg\" alt=\"Penteado texturado para cabelos ondulados soltos\" class=\"wp-image-30374 lazyload\" srcset=\"https:\/\/flawlesshair.com\/wp-content\/uploads\/2023\/11\/textured-curly-shag.jpg 1080w, https:\/\/flawlesshair.com\/wp-content\/uploads\/2023\/11\/textured-curly-shag-300x300.jpg 300w, https:\/\/flawlesshair.com\/wp-content\/uploads\/2023\/11\/textured-curly-shag-150x150.jpg 150w, https:\/\/flawlesshair.com\/wp-content\/uploads\/2023\/11\/textured-curly-shag-768x768.jpg 768w, https:\/\/flawlesshair.com\/wp-content\/uploads\/2023\/11\/textured-curly-shag-12x12.jpg 12w, https:\/\/flawlesshair.com\/wp-content\/uploads\/2023\/11\/textured-curly-shag-728x728.jpg 728w, https:\/\/flawlesshair.com\/wp-content\/uploads\/2023\/11\/textured-curly-shag-960x960.jpg 960w, https:\/\/flawlesshair.com\/wp-content\/uploads\/2023\/11\/textured-curly-shag-96x96.jpg 96w\" sizes=\"auto, (max-width: 760px) calc(100vw - 24px), 720px\" data-pin-media=\"https:\/\/flawlesshair.com\/wp-content\/uploads\/2023\/11\/textured-curly-shag.jpg\" id=\"mv-trellis-img-21\" data-trellis-processed=\"1\"><div style=\"position: absolute; top: 0.5rem; right: 0.75rem;\"> <a href=\"https:\/\/www.pinterest.com\/pin\/create\/button\/\" data-pin-do=\"buttonPin\" data-pin-tall=\"true\" data-pin-url=\"https:\/\/flawlesshair.com\/pt\/ideias-para-cabelos-encaracolados\/\" data-pin-media=\"https:\/\/flawlesshair.com\/wp-content\/uploads\/2023\/11\/textured-curly-shag.jpg\" data-pin-description=\"Get Perfect Curls With These Genius Curly Hair Tips And Styles\" rel=\"nofollow noopener\" target=\"_blank\"> <\/a><\/div><\/div><figcaption class=\"wp-element-caption\">@<a href=\"https:\/\/www.instagram.com\/jataifeather\/\" target=\"_blank\" rel=\"noreferrer noopener nofollow\">jataifeather<\/a><\/figcaption><\/figure>\n<\/div>\n\n\n<p>S\u00f3 o shag texturado consegue transformar o cabelo ondulado solto numa juba encaracolada rica e texturada. Se \u00e9 f\u00e3 de um look desgrenhado e sem esfor\u00e7o, ent\u00e3o este corte de cabelo \u00e9 para si! <\/p>\n\n\n\n<h3 class=\"wp-block-heading\">10. Penteado 4A com carac\u00f3is desarrumados<\/h3>\n\n\n<div class=\"wp-block-image\">\n<figure class=\"aligncenter size-full\"><div style=\"position: relative;\"><noscript><img loading=\"lazy\" decoding=\"async\" width=\"1080\" height=\"1214\" src=\"https:\/\/flawlesshair.com\/wp-content\/uploads\/2023\/11\/4C-messy-curly-hair.jpg\" alt=\"4Um cabelo encaracolado desarrumado\" class=\"wp-image-30352\" srcset=\"https:\/\/flawlesshair.com\/wp-content\/uploads\/2023\/11\/4C-messy-curly-hair.jpg 1080w, https:\/\/flawlesshair.com\/wp-content\/uploads\/2023\/11\/4C-messy-curly-hair-267x300.jpg 267w, https:\/\/flawlesshair.com\/wp-content\/uploads\/2023\/11\/4C-messy-curly-hair-768x863.jpg 768w, https:\/\/flawlesshair.com\/wp-content\/uploads\/2023\/11\/4C-messy-curly-hair-11x12.jpg 11w, https:\/\/flawlesshair.com\/wp-content\/uploads\/2023\/11\/4C-messy-curly-hair-854x960.jpg 854w, https:\/\/flawlesshair.com\/wp-content\/uploads\/2023\/11\/4C-messy-curly-hair-961x1080.jpg 961w, https:\/\/flawlesshair.com\/wp-content\/uploads\/2023\/11\/4C-messy-curly-hair-1068x1200.jpg 1068w, https:\/\/flawlesshair.com\/wp-content\/uploads\/2023\/11\/4C-messy-curly-hair-150x169.jpg 150w\" sizes=\"auto, (max-width: 760px) calc(100vw - 24px), 720px\"><\/noscript><img loading=\"lazy\" decoding=\"async\" width=\"1080\" height=\"1214\" src=\"https:\/\/flawlesshair.com\/wp-content\/uploads\/2023\/11\/4C-messy-curly-hair.jpg\" alt=\"4Um cabelo encaracolado desarrumado\" class=\"wp-image-30352 lazyload\" srcset=\"https:\/\/flawlesshair.com\/wp-content\/uploads\/2023\/11\/4C-messy-curly-hair.jpg 1080w, https:\/\/flawlesshair.com\/wp-content\/uploads\/2023\/11\/4C-messy-curly-hair-267x300.jpg 267w, https:\/\/flawlesshair.com\/wp-content\/uploads\/2023\/11\/4C-messy-curly-hair-768x863.jpg 768w, https:\/\/flawlesshair.com\/wp-content\/uploads\/2023\/11\/4C-messy-curly-hair-11x12.jpg 11w, https:\/\/flawlesshair.com\/wp-content\/uploads\/2023\/11\/4C-messy-curly-hair-854x960.jpg 854w, https:\/\/flawlesshair.com\/wp-content\/uploads\/2023\/11\/4C-messy-curly-hair-961x1080.jpg 961w, https:\/\/flawlesshair.com\/wp-content\/uploads\/2023\/11\/4C-messy-curly-hair-1068x1200.jpg 1068w, https:\/\/flawlesshair.com\/wp-content\/uploads\/2023\/11\/4C-messy-curly-hair-150x169.jpg 150w\" sizes=\"auto, (max-width: 760px) calc(100vw - 24px), 720px\" data-pin-media=\"https:\/\/flawlesshair.com\/wp-content\/uploads\/2023\/11\/4C-messy-curly-hair.jpg\" id=\"mv-trellis-img-22\" data-trellis-processed=\"1\"><div style=\"position: absolute; top: 0.5rem; right: 0.75rem;\"> <a href=\"https:\/\/www.pinterest.com\/pin\/create\/button\/\" data-pin-do=\"buttonPin\" data-pin-tall=\"true\" data-pin-url=\"https:\/\/flawlesshair.com\/pt\/ideias-para-cabelos-encaracolados\/\" data-pin-media=\"https:\/\/flawlesshair.com\/wp-content\/uploads\/2023\/11\/4C-messy-curly-hair.jpg\" data-pin-description=\"Get Perfect Curls With These Genius Curly Hair Tips And Styles\" rel=\"nofollow noopener\" target=\"_blank\"> <\/a><\/div><\/div><figcaption class=\"wp-element-caption\">@<a href=\"https:\/\/www.instagram.com\/curlyideia\/\" target=\"_blank\" rel=\"noreferrer noopener nofollow\">curlyideia<\/a><\/figcaption><\/figure>\n<\/div>\n\n\n<p>Porque os carac\u00f3is desarrumados s\u00e3o os carac\u00f3is com mais estilo! J\u00e1 alguma vez reparou que quanto mais tenta pentear o seu cabelo encaracolado, menos satisfeita fica com o resultado final? Quando se cansar de domar a sua juba encaracolada 4A, ent\u00e3o j\u00e1 sabe que est\u00e1 na altura de fazer um penteado encaracolado desarrumado de baixo esfor\u00e7o! <\/p>\n\n\n\n<h3 class=\"wp-block-heading\">11. Rabo de cavalo com acess\u00f3rios para cabelo encaracolado 4C<\/h3>\n\n\n<div class=\"wp-block-image\">\n<figure class=\"aligncenter size-full\"><div style=\"position: relative;\"><noscript><img loading=\"lazy\" decoding=\"async\" width=\"1080\" height=\"1080\" src=\"https:\/\/flawlesshair.com\/wp-content\/uploads\/2023\/11\/accessorized-bunhawk.jpg\" alt=\"bunhawk com acess\u00f3rio para cabelo encaracolado 4C\" class=\"wp-image-30354\" srcset=\"https:\/\/flawlesshair.com\/wp-content\/uploads\/2023\/11\/accessorized-bunhawk.jpg 1080w, https:\/\/flawlesshair.com\/wp-content\/uploads\/2023\/11\/accessorized-bunhawk-300x300.jpg 300w, https:\/\/flawlesshair.com\/wp-content\/uploads\/2023\/11\/accessorized-bunhawk-150x150.jpg 150w, https:\/\/flawlesshair.com\/wp-content\/uploads\/2023\/11\/accessorized-bunhawk-768x768.jpg 768w, https:\/\/flawlesshair.com\/wp-content\/uploads\/2023\/11\/accessorized-bunhawk-12x12.jpg 12w, https:\/\/flawlesshair.com\/wp-content\/uploads\/2023\/11\/accessorized-bunhawk-728x728.jpg 728w, https:\/\/flawlesshair.com\/wp-content\/uploads\/2023\/11\/accessorized-bunhawk-960x960.jpg 960w, https:\/\/flawlesshair.com\/wp-content\/uploads\/2023\/11\/accessorized-bunhawk-96x96.jpg 96w\" sizes=\"auto, (max-width: 760px) calc(100vw - 24px), 720px\"><\/noscript><img loading=\"lazy\" decoding=\"async\" width=\"1080\" height=\"1080\" src=\"https:\/\/flawlesshair.com\/wp-content\/uploads\/2023\/11\/accessorized-bunhawk.jpg\" alt=\"bunhawk com acess\u00f3rio para cabelo encaracolado 4C\" class=\"wp-image-30354 lazyload\" srcset=\"https:\/\/flawlesshair.com\/wp-content\/uploads\/2023\/11\/accessorized-bunhawk.jpg 1080w, https:\/\/flawlesshair.com\/wp-content\/uploads\/2023\/11\/accessorized-bunhawk-300x300.jpg 300w, https:\/\/flawlesshair.com\/wp-content\/uploads\/2023\/11\/accessorized-bunhawk-150x150.jpg 150w, https:\/\/flawlesshair.com\/wp-content\/uploads\/2023\/11\/accessorized-bunhawk-768x768.jpg 768w, https:\/\/flawlesshair.com\/wp-content\/uploads\/2023\/11\/accessorized-bunhawk-12x12.jpg 12w, https:\/\/flawlesshair.com\/wp-content\/uploads\/2023\/11\/accessorized-bunhawk-728x728.jpg 728w, https:\/\/flawlesshair.com\/wp-content\/uploads\/2023\/11\/accessorized-bunhawk-960x960.jpg 960w, https:\/\/flawlesshair.com\/wp-content\/uploads\/2023\/11\/accessorized-bunhawk-96x96.jpg 96w\" sizes=\"auto, (max-width: 760px) calc(100vw - 24px), 720px\" data-pin-media=\"https:\/\/flawlesshair.com\/wp-content\/uploads\/2023\/11\/accessorized-bunhawk.jpg\" id=\"mv-trellis-img-23\" data-trellis-processed=\"1\"><div style=\"position: absolute; top: 0.5rem; right: 0.75rem;\"> <a href=\"https:\/\/www.pinterest.com\/pin\/create\/button\/\" data-pin-do=\"buttonPin\" data-pin-tall=\"true\" data-pin-url=\"https:\/\/flawlesshair.com\/pt\/ideias-para-cabelos-encaracolados\/\" data-pin-media=\"https:\/\/flawlesshair.com\/wp-content\/uploads\/2023\/11\/accessorized-bunhawk.jpg\" data-pin-description=\"Get Perfect Curls With These Genius Curly Hair Tips And Styles\" rel=\"nofollow noopener\" target=\"_blank\"> <\/a><\/div><\/div><figcaption class=\"wp-element-caption\">@<a href=\"https:\/\/www.instagram.com\/curlyupdos\/\" target=\"_blank\" rel=\"noreferrer noopener nofollow\">curlyupdos<\/a><\/figcaption><\/figure>\n<\/div>\n\n\n<p>Embora o bunhawk pare\u00e7a complicado, \u00e9, na verdade, um dos penteados mais f\u00e1ceis que existem! Tudo o que precisa de fazer \u00e9 dividir o seu cabelo em 4 ou mais sec\u00e7\u00f5es (dependendo da espessura do seu cabelo). Depois de aplicar o creme de pentear e um pouco de gel, alise e junte cada sec\u00e7\u00e3o com uma escova de cerdas. Prenda as sec\u00e7\u00f5es do seu cabelo com um el\u00e1stico, formando 4 ou mais rabos-de-cavalo. Parab\u00e9ns!<\/p>\n\n\n\n<h3 class=\"wp-block-heading\">12. Carac\u00f3is cor de mogno com franja cortada<\/h3>\n\n\n<div class=\"wp-block-image\">\n<figure class=\"aligncenter size-full\"><div style=\"position: relative;\"><noscript><img loading=\"lazy\" decoding=\"async\" width=\"1080\" height=\"1350\" src=\"https:\/\/flawlesshair.com\/wp-content\/uploads\/2023\/11\/red-3c-curls.jpg\" alt=\"cabelo encaracolado 3c mogno com franja cortada \" class=\"wp-image-30369\" srcset=\"https:\/\/flawlesshair.com\/wp-content\/uploads\/2023\/11\/red-3c-curls.jpg 1080w, https:\/\/flawlesshair.com\/wp-content\/uploads\/2023\/11\/red-3c-curls-240x300.jpg 240w, https:\/\/flawlesshair.com\/wp-content\/uploads\/2023\/11\/red-3c-curls-768x960.jpg 768w, https:\/\/flawlesshair.com\/wp-content\/uploads\/2023\/11\/red-3c-curls-10x12.jpg 10w, https:\/\/flawlesshair.com\/wp-content\/uploads\/2023\/11\/red-3c-curls-864x1080.jpg 864w, https:\/\/flawlesshair.com\/wp-content\/uploads\/2023\/11\/red-3c-curls-960x1200.jpg 960w, https:\/\/flawlesshair.com\/wp-content\/uploads\/2023\/11\/red-3c-curls-150x188.jpg 150w\" sizes=\"auto, (max-width: 760px) calc(100vw - 24px), 720px\"><\/noscript><img loading=\"lazy\" decoding=\"async\" width=\"1080\" height=\"1350\" src=\"https:\/\/flawlesshair.com\/wp-content\/uploads\/2023\/11\/red-3c-curls.jpg\" alt=\"cabelo encaracolado 3c mogno com franja cortada \" class=\"wp-image-30369 lazyload\" srcset=\"https:\/\/flawlesshair.com\/wp-content\/uploads\/2023\/11\/red-3c-curls.jpg 1080w, https:\/\/flawlesshair.com\/wp-content\/uploads\/2023\/11\/red-3c-curls-240x300.jpg 240w, https:\/\/flawlesshair.com\/wp-content\/uploads\/2023\/11\/red-3c-curls-768x960.jpg 768w, https:\/\/flawlesshair.com\/wp-content\/uploads\/2023\/11\/red-3c-curls-10x12.jpg 10w, https:\/\/flawlesshair.com\/wp-content\/uploads\/2023\/11\/red-3c-curls-864x1080.jpg 864w, https:\/\/flawlesshair.com\/wp-content\/uploads\/2023\/11\/red-3c-curls-960x1200.jpg 960w, https:\/\/flawlesshair.com\/wp-content\/uploads\/2023\/11\/red-3c-curls-150x188.jpg 150w\" sizes=\"auto, (max-width: 760px) calc(100vw - 24px), 720px\" data-pin-media=\"https:\/\/flawlesshair.com\/wp-content\/uploads\/2023\/11\/red-3c-curls.jpg\" id=\"mv-trellis-img-24\" data-trellis-processed=\"1\"><div style=\"position: absolute; top: 0.5rem; right: 0.75rem;\"> <a href=\"https:\/\/www.pinterest.com\/pin\/create\/button\/\" data-pin-do=\"buttonPin\" data-pin-tall=\"true\" data-pin-url=\"https:\/\/flawlesshair.com\/pt\/ideias-para-cabelos-encaracolados\/\" data-pin-media=\"https:\/\/flawlesshair.com\/wp-content\/uploads\/2023\/11\/red-3c-curls.jpg\" data-pin-description=\"Get Perfect Curls With These Genius Curly Hair Tips And Styles\" rel=\"nofollow noopener\" target=\"_blank\"> <\/a><\/div><\/div><figcaption class=\"wp-element-caption\">@<a href=\"https:\/\/www.instagram.com\/michellethompsonhair\/\" target=\"_blank\" rel=\"noreferrer noopener nofollow\">michellethompsonhair<\/a><\/figcaption><\/figure>\n<\/div>\n\n\n<p>O cabelo mogno fica bem em todos os tons de pele, e tudo o que precisa de fazer \u00e9 encontrar o tom certo. Se tem um tom de pele dourado e cor de azeitona, ent\u00e3o deve optar por tons de mogno mais frios. No entanto, se tiver uma pele clara, os tons de mogno mais quentes s\u00e3o uma melhor op\u00e7\u00e3o.<\/p>\n\n\n\n<h3 class=\"wp-block-heading\">13. Carac\u00f3is pretos ultra-longos com camadas a emoldurar o rosto<\/h3>\n\n\n<div class=\"wp-block-image\">\n<figure class=\"aligncenter size-full\"><div style=\"position: relative;\"><noscript><img loading=\"lazy\" decoding=\"async\" width=\"1080\" height=\"1350\" src=\"https:\/\/flawlesshair.com\/wp-content\/uploads\/2023\/11\/long-curly-hair-with-face-framing-layers.jpg\" alt=\"cabelo encaracolado preto ultra longo com camadas que emolduram o rosto\" class=\"wp-image-30367\" srcset=\"https:\/\/flawlesshair.com\/wp-content\/uploads\/2023\/11\/long-curly-hair-with-face-framing-layers.jpg 1080w, https:\/\/flawlesshair.com\/wp-content\/uploads\/2023\/11\/long-curly-hair-with-face-framing-layers-240x300.jpg 240w, https:\/\/flawlesshair.com\/wp-content\/uploads\/2023\/11\/long-curly-hair-with-face-framing-layers-768x960.jpg 768w, https:\/\/flawlesshair.com\/wp-content\/uploads\/2023\/11\/long-curly-hair-with-face-framing-layers-10x12.jpg 10w, https:\/\/flawlesshair.com\/wp-content\/uploads\/2023\/11\/long-curly-hair-with-face-framing-layers-864x1080.jpg 864w, https:\/\/flawlesshair.com\/wp-content\/uploads\/2023\/11\/long-curly-hair-with-face-framing-layers-960x1200.jpg 960w, https:\/\/flawlesshair.com\/wp-content\/uploads\/2023\/11\/long-curly-hair-with-face-framing-layers-150x188.jpg 150w\" sizes=\"auto, (max-width: 760px) calc(100vw - 24px), 720px\"><\/noscript><img loading=\"lazy\" decoding=\"async\" width=\"1080\" height=\"1350\" src=\"https:\/\/flawlesshair.com\/wp-content\/uploads\/2023\/11\/long-curly-hair-with-face-framing-layers.jpg\" alt=\"cabelo encaracolado preto ultra longo com camadas que emolduram o rosto\" class=\"wp-image-30367 lazyload\" srcset=\"https:\/\/flawlesshair.com\/wp-content\/uploads\/2023\/11\/long-curly-hair-with-face-framing-layers.jpg 1080w, https:\/\/flawlesshair.com\/wp-content\/uploads\/2023\/11\/long-curly-hair-with-face-framing-layers-240x300.jpg 240w, https:\/\/flawlesshair.com\/wp-content\/uploads\/2023\/11\/long-curly-hair-with-face-framing-layers-768x960.jpg 768w, https:\/\/flawlesshair.com\/wp-content\/uploads\/2023\/11\/long-curly-hair-with-face-framing-layers-10x12.jpg 10w, https:\/\/flawlesshair.com\/wp-content\/uploads\/2023\/11\/long-curly-hair-with-face-framing-layers-864x1080.jpg 864w, https:\/\/flawlesshair.com\/wp-content\/uploads\/2023\/11\/long-curly-hair-with-face-framing-layers-960x1200.jpg 960w, https:\/\/flawlesshair.com\/wp-content\/uploads\/2023\/11\/long-curly-hair-with-face-framing-layers-150x188.jpg 150w\" sizes=\"auto, (max-width: 760px) calc(100vw - 24px), 720px\" data-pin-media=\"https:\/\/flawlesshair.com\/wp-content\/uploads\/2023\/11\/long-curly-hair-with-face-framing-layers.jpg\" id=\"mv-trellis-img-25\" data-trellis-processed=\"1\"><div style=\"position: absolute; top: 0.5rem; right: 0.75rem;\"> <a href=\"https:\/\/www.pinterest.com\/pin\/create\/button\/\" data-pin-do=\"buttonPin\" data-pin-tall=\"true\" data-pin-url=\"https:\/\/flawlesshair.com\/pt\/ideias-para-cabelos-encaracolados\/\" data-pin-media=\"https:\/\/flawlesshair.com\/wp-content\/uploads\/2023\/11\/long-curly-hair-with-face-framing-layers.jpg\" data-pin-description=\"Get Perfect Curls With These Genius Curly Hair Tips And Styles\" rel=\"nofollow noopener\" target=\"_blank\"> <\/a><\/div><\/div><figcaption class=\"wp-element-caption\">@<a href=\"https:\/\/www.instagram.com\/curlyvirals\/\" target=\"_blank\" rel=\"noreferrer noopener nofollow\">curlyvirals<\/a><\/figcaption><\/figure>\n<\/div>\n\n\n<p>As camadas que emolduram o rosto s\u00e3o peda\u00e7os de cabelo mais curtos \u00e0 volta do rosto. Estas camadas lisonjeiras ajudam a acentuar ou a suavizar as suas caracter\u00edsticas e podem at\u00e9 ajudar a contornar o seu rosto. <\/p>\n\n\n\n<h3 class=\"wp-block-heading\">14. P\u00e3ezinhos espaciais encaracolados<\/h3>\n\n\n<div class=\"wp-block-image\">\n<figure class=\"aligncenter size-full\"><div style=\"position: relative;\"><noscript><img loading=\"lazy\" decoding=\"async\" width=\"1080\" height=\"1350\" src=\"https:\/\/flawlesshair.com\/wp-content\/uploads\/2023\/11\/space-buns.jpg\" alt=\"p\u00e3ezinhos espaciais em cabelos encaracolados\" class=\"wp-image-30373\" srcset=\"https:\/\/flawlesshair.com\/wp-content\/uploads\/2023\/11\/space-buns.jpg 1080w, https:\/\/flawlesshair.com\/wp-content\/uploads\/2023\/11\/space-buns-240x300.jpg 240w, https:\/\/flawlesshair.com\/wp-content\/uploads\/2023\/11\/space-buns-768x960.jpg 768w, https:\/\/flawlesshair.com\/wp-content\/uploads\/2023\/11\/space-buns-10x12.jpg 10w, https:\/\/flawlesshair.com\/wp-content\/uploads\/2023\/11\/space-buns-864x1080.jpg 864w, https:\/\/flawlesshair.com\/wp-content\/uploads\/2023\/11\/space-buns-960x1200.jpg 960w, https:\/\/flawlesshair.com\/wp-content\/uploads\/2023\/11\/space-buns-150x188.jpg 150w\" sizes=\"auto, (max-width: 760px) calc(100vw - 24px), 720px\"><\/noscript><img loading=\"lazy\" decoding=\"async\" width=\"1080\" height=\"1350\" src=\"https:\/\/flawlesshair.com\/wp-content\/uploads\/2023\/11\/space-buns.jpg\" alt=\"p\u00e3ezinhos espaciais em cabelos encaracolados\" class=\"wp-image-30373 lazyload\" srcset=\"https:\/\/flawlesshair.com\/wp-content\/uploads\/2023\/11\/space-buns.jpg 1080w, https:\/\/flawlesshair.com\/wp-content\/uploads\/2023\/11\/space-buns-240x300.jpg 240w, https:\/\/flawlesshair.com\/wp-content\/uploads\/2023\/11\/space-buns-768x960.jpg 768w, https:\/\/flawlesshair.com\/wp-content\/uploads\/2023\/11\/space-buns-10x12.jpg 10w, https:\/\/flawlesshair.com\/wp-content\/uploads\/2023\/11\/space-buns-864x1080.jpg 864w, https:\/\/flawlesshair.com\/wp-content\/uploads\/2023\/11\/space-buns-960x1200.jpg 960w, https:\/\/flawlesshair.com\/wp-content\/uploads\/2023\/11\/space-buns-150x188.jpg 150w\" sizes=\"auto, (max-width: 760px) calc(100vw - 24px), 720px\" data-pin-media=\"https:\/\/flawlesshair.com\/wp-content\/uploads\/2023\/11\/space-buns.jpg\" id=\"mv-trellis-img-26\" data-trellis-processed=\"1\"><div style=\"position: absolute; top: 0.5rem; right: 0.75rem;\"> <a href=\"https:\/\/www.pinterest.com\/pin\/create\/button\/\" data-pin-do=\"buttonPin\" data-pin-tall=\"true\" data-pin-url=\"https:\/\/flawlesshair.com\/pt\/ideias-para-cabelos-encaracolados\/\" data-pin-media=\"https:\/\/flawlesshair.com\/wp-content\/uploads\/2023\/11\/space-buns.jpg\" data-pin-description=\"Get Perfect Curls With These Genius Curly Hair Tips And Styles\" rel=\"nofollow noopener\" target=\"_blank\"> <\/a><\/div><\/div><figcaption class=\"wp-element-caption\">@<a href=\"https:\/\/www.instagram.com\/curlyupdos\/\" target=\"_blank\" rel=\"noreferrer noopener nofollow\">curlyupdos<\/a><\/figcaption><\/figure>\n<\/div>\n\n\n<p>Porque dois p\u00e3ezinhos s\u00e3o mais giros do que um! Todas as mulheres encaracoladas sabem que os p\u00e3ezinhos espaciais s\u00e3o um verdadeiro salva-vidas naqueles dias de cabelo n\u00e3o t\u00e3o bom. Um brinde a isso! <\/p>\n\n\n\n<h3 class=\"wp-block-heading\">15. Cabelo comprido louro e ondulado<\/h3>\n\n\n<div class=\"wp-block-image\">\n<figure class=\"aligncenter size-full\"><div style=\"position: relative;\"><noscript><img loading=\"lazy\" decoding=\"async\" width=\"1080\" height=\"1350\" src=\"https:\/\/flawlesshair.com\/wp-content\/uploads\/2023\/11\/blonde-wavy-hair.jpg\" alt=\"cabelo ondulado louro comprido\" class=\"wp-image-30357\" srcset=\"https:\/\/flawlesshair.com\/wp-content\/uploads\/2023\/11\/blonde-wavy-hair.jpg 1080w, https:\/\/flawlesshair.com\/wp-content\/uploads\/2023\/11\/blonde-wavy-hair-240x300.jpg 240w, https:\/\/flawlesshair.com\/wp-content\/uploads\/2023\/11\/blonde-wavy-hair-768x960.jpg 768w, https:\/\/flawlesshair.com\/wp-content\/uploads\/2023\/11\/blonde-wavy-hair-10x12.jpg 10w, https:\/\/flawlesshair.com\/wp-content\/uploads\/2023\/11\/blonde-wavy-hair-864x1080.jpg 864w, https:\/\/flawlesshair.com\/wp-content\/uploads\/2023\/11\/blonde-wavy-hair-960x1200.jpg 960w, https:\/\/flawlesshair.com\/wp-content\/uploads\/2023\/11\/blonde-wavy-hair-150x188.jpg 150w\" sizes=\"auto, (max-width: 760px) calc(100vw - 24px), 720px\"><\/noscript><img loading=\"lazy\" decoding=\"async\" width=\"1080\" height=\"1350\" src=\"https:\/\/flawlesshair.com\/wp-content\/uploads\/2023\/11\/blonde-wavy-hair.jpg\" alt=\"cabelo ondulado louro comprido\" class=\"wp-image-30357 lazyload\" srcset=\"https:\/\/flawlesshair.com\/wp-content\/uploads\/2023\/11\/blonde-wavy-hair.jpg 1080w, https:\/\/flawlesshair.com\/wp-content\/uploads\/2023\/11\/blonde-wavy-hair-240x300.jpg 240w, https:\/\/flawlesshair.com\/wp-content\/uploads\/2023\/11\/blonde-wavy-hair-768x960.jpg 768w, https:\/\/flawlesshair.com\/wp-content\/uploads\/2023\/11\/blonde-wavy-hair-10x12.jpg 10w, https:\/\/flawlesshair.com\/wp-content\/uploads\/2023\/11\/blonde-wavy-hair-864x1080.jpg 864w, https:\/\/flawlesshair.com\/wp-content\/uploads\/2023\/11\/blonde-wavy-hair-960x1200.jpg 960w, https:\/\/flawlesshair.com\/wp-content\/uploads\/2023\/11\/blonde-wavy-hair-150x188.jpg 150w\" sizes=\"auto, (max-width: 760px) calc(100vw - 24px), 720px\" data-pin-media=\"https:\/\/flawlesshair.com\/wp-content\/uploads\/2023\/11\/blonde-wavy-hair.jpg\" id=\"mv-trellis-img-27\" data-trellis-processed=\"1\"><div style=\"position: absolute; top: 0.5rem; right: 0.75rem;\"> <a href=\"https:\/\/www.pinterest.com\/pin\/create\/button\/\" data-pin-do=\"buttonPin\" data-pin-tall=\"true\" data-pin-url=\"https:\/\/flawlesshair.com\/pt\/ideias-para-cabelos-encaracolados\/\" data-pin-media=\"https:\/\/flawlesshair.com\/wp-content\/uploads\/2023\/11\/blonde-wavy-hair.jpg\" data-pin-description=\"Get Perfect Curls With These Genius Curly Hair Tips And Styles\" rel=\"nofollow noopener\" target=\"_blank\"> <\/a><\/div><\/div><figcaption class=\"wp-element-caption\">@<a href=\"https:\/\/www.instagram.com\/evanjosephcurls\/\" target=\"_blank\" rel=\"noreferrer noopener nofollow\">evanjosephcurls<\/a><\/figcaption><\/figure>\n<\/div>\n\n\n<p>Se tem cabelo ondulado, deve evitar produtos para pentear pesados e \u00e0 base de \u00f3leo, como cremes e g\u00e9is. Em vez disso, utilize produtos de modela\u00e7\u00e3o leves, como mousses e espumas, para evitar que o cabelo fique pesado. <\/p>\n\n\n\n<h3 class=\"wp-block-heading\">16. Rabo de cavalo com fonte elegante<\/h3>\n\n\n<div class=\"wp-block-image\">\n<figure class=\"aligncenter size-full\"><div style=\"position: relative;\"><noscript><img loading=\"lazy\" decoding=\"async\" width=\"1080\" height=\"1350\" src=\"https:\/\/flawlesshair.com\/wp-content\/uploads\/2023\/11\/sleek-fountain-ponytail.jpg\" alt=\"rabo-de-cavalo de fonte elegante em cabelo comprido encaracolado\" class=\"wp-image-30371\" srcset=\"https:\/\/flawlesshair.com\/wp-content\/uploads\/2023\/11\/sleek-fountain-ponytail.jpg 1080w, https:\/\/flawlesshair.com\/wp-content\/uploads\/2023\/11\/sleek-fountain-ponytail-240x300.jpg 240w, https:\/\/flawlesshair.com\/wp-content\/uploads\/2023\/11\/sleek-fountain-ponytail-768x960.jpg 768w, https:\/\/flawlesshair.com\/wp-content\/uploads\/2023\/11\/sleek-fountain-ponytail-10x12.jpg 10w, https:\/\/flawlesshair.com\/wp-content\/uploads\/2023\/11\/sleek-fountain-ponytail-864x1080.jpg 864w, https:\/\/flawlesshair.com\/wp-content\/uploads\/2023\/11\/sleek-fountain-ponytail-960x1200.jpg 960w, https:\/\/flawlesshair.com\/wp-content\/uploads\/2023\/11\/sleek-fountain-ponytail-150x188.jpg 150w\" sizes=\"auto, (max-width: 760px) calc(100vw - 24px), 720px\"><\/noscript><img loading=\"lazy\" decoding=\"async\" width=\"1080\" height=\"1350\" src=\"https:\/\/flawlesshair.com\/wp-content\/uploads\/2023\/11\/sleek-fountain-ponytail.jpg\" alt=\"rabo-de-cavalo de fonte elegante em cabelo comprido encaracolado\" class=\"wp-image-30371 lazyload\" srcset=\"https:\/\/flawlesshair.com\/wp-content\/uploads\/2023\/11\/sleek-fountain-ponytail.jpg 1080w, https:\/\/flawlesshair.com\/wp-content\/uploads\/2023\/11\/sleek-fountain-ponytail-240x300.jpg 240w, https:\/\/flawlesshair.com\/wp-content\/uploads\/2023\/11\/sleek-fountain-ponytail-768x960.jpg 768w, https:\/\/flawlesshair.com\/wp-content\/uploads\/2023\/11\/sleek-fountain-ponytail-10x12.jpg 10w, https:\/\/flawlesshair.com\/wp-content\/uploads\/2023\/11\/sleek-fountain-ponytail-864x1080.jpg 864w, https:\/\/flawlesshair.com\/wp-content\/uploads\/2023\/11\/sleek-fountain-ponytail-960x1200.jpg 960w, https:\/\/flawlesshair.com\/wp-content\/uploads\/2023\/11\/sleek-fountain-ponytail-150x188.jpg 150w\" sizes=\"auto, (max-width: 760px) calc(100vw - 24px), 720px\" data-pin-media=\"https:\/\/flawlesshair.com\/wp-content\/uploads\/2023\/11\/sleek-fountain-ponytail.jpg\" id=\"mv-trellis-img-28\" data-trellis-processed=\"1\"><div style=\"position: absolute; top: 0.5rem; right: 0.75rem;\"> <a href=\"https:\/\/www.pinterest.com\/pin\/create\/button\/\" data-pin-do=\"buttonPin\" data-pin-tall=\"true\" data-pin-url=\"https:\/\/flawlesshair.com\/pt\/ideias-para-cabelos-encaracolados\/\" data-pin-media=\"https:\/\/flawlesshair.com\/wp-content\/uploads\/2023\/11\/sleek-fountain-ponytail.jpg\" data-pin-description=\"Get Perfect Curls With These Genius Curly Hair Tips And Styles\" rel=\"nofollow noopener\" target=\"_blank\"> <\/a><\/div><\/div><figcaption class=\"wp-element-caption\">@<a href=\"https:\/\/www.instagram.com\/rizadasalpoder\/\" target=\"_blank\" rel=\"noreferrer noopener nofollow\">rizadasalpoder<\/a><\/figcaption><\/figure>\n<\/div>\n\n\n<p>O rabo-de-cavalo \"A fonte da juventude\" no topo da cabe\u00e7a n\u00e3o s\u00f3 mant\u00e9m os seus carac\u00f3is da forma mais elegante, como tamb\u00e9m lhe d\u00e1 um mini lifting facial. Como conseguir este look: aplique creme de pentear e utilize uma escova de cerdas para juntar a metade superior do seu cabelo num rabo-de-cavalo. Prenda-o com um el\u00e1stico. Apimente o seu penteado com elegantes gavinhas que emolduram o rosto.<\/p>\n\n\n\n<h3 class=\"wp-block-heading\">17. Carac\u00f3is Louro Mel Para Mulheres Com Mais de 50 Anos<\/h3>\n\n\n<div class=\"wp-block-image\">\n<figure class=\"aligncenter size-full\"><div style=\"position: relative;\"><noscript><img loading=\"lazy\" decoding=\"async\" width=\"1080\" height=\"1350\" src=\"https:\/\/flawlesshair.com\/wp-content\/uploads\/2023\/11\/honey-blonde-curls-for-women-over-50.jpg\" alt=\"carac\u00f3is louros mel para mulheres com mais de 50 anos\" class=\"wp-image-30363\" srcset=\"https:\/\/flawlesshair.com\/wp-content\/uploads\/2023\/11\/honey-blonde-curls-for-women-over-50.jpg 1080w, https:\/\/flawlesshair.com\/wp-content\/uploads\/2023\/11\/honey-blonde-curls-for-women-over-50-240x300.jpg 240w, https:\/\/flawlesshair.com\/wp-content\/uploads\/2023\/11\/honey-blonde-curls-for-women-over-50-768x960.jpg 768w, https:\/\/flawlesshair.com\/wp-content\/uploads\/2023\/11\/honey-blonde-curls-for-women-over-50-10x12.jpg 10w, https:\/\/flawlesshair.com\/wp-content\/uploads\/2023\/11\/honey-blonde-curls-for-women-over-50-864x1080.jpg 864w, https:\/\/flawlesshair.com\/wp-content\/uploads\/2023\/11\/honey-blonde-curls-for-women-over-50-960x1200.jpg 960w, https:\/\/flawlesshair.com\/wp-content\/uploads\/2023\/11\/honey-blonde-curls-for-women-over-50-150x188.jpg 150w\" sizes=\"auto, (max-width: 760px) calc(100vw - 24px), 720px\"><\/noscript><img loading=\"lazy\" decoding=\"async\" width=\"1080\" height=\"1350\" src=\"https:\/\/flawlesshair.com\/wp-content\/uploads\/2023\/11\/honey-blonde-curls-for-women-over-50.jpg\" alt=\"carac\u00f3is louros mel para mulheres com mais de 50 anos\" class=\"wp-image-30363 lazyload\" srcset=\"https:\/\/flawlesshair.com\/wp-content\/uploads\/2023\/11\/honey-blonde-curls-for-women-over-50.jpg 1080w, https:\/\/flawlesshair.com\/wp-content\/uploads\/2023\/11\/honey-blonde-curls-for-women-over-50-240x300.jpg 240w, https:\/\/flawlesshair.com\/wp-content\/uploads\/2023\/11\/honey-blonde-curls-for-women-over-50-768x960.jpg 768w, https:\/\/flawlesshair.com\/wp-content\/uploads\/2023\/11\/honey-blonde-curls-for-women-over-50-10x12.jpg 10w, https:\/\/flawlesshair.com\/wp-content\/uploads\/2023\/11\/honey-blonde-curls-for-women-over-50-864x1080.jpg 864w, https:\/\/flawlesshair.com\/wp-content\/uploads\/2023\/11\/honey-blonde-curls-for-women-over-50-960x1200.jpg 960w, https:\/\/flawlesshair.com\/wp-content\/uploads\/2023\/11\/honey-blonde-curls-for-women-over-50-150x188.jpg 150w\" sizes=\"auto, (max-width: 760px) calc(100vw - 24px), 720px\" data-pin-media=\"https:\/\/flawlesshair.com\/wp-content\/uploads\/2023\/11\/honey-blonde-curls-for-women-over-50.jpg\" id=\"mv-trellis-img-29\" data-trellis-processed=\"1\"><div style=\"position: absolute; top: 0.5rem; right: 0.75rem;\"> <a href=\"https:\/\/www.pinterest.com\/pin\/create\/button\/\" data-pin-do=\"buttonPin\" data-pin-tall=\"true\" data-pin-url=\"https:\/\/flawlesshair.com\/pt\/ideias-para-cabelos-encaracolados\/\" data-pin-media=\"https:\/\/flawlesshair.com\/wp-content\/uploads\/2023\/11\/honey-blonde-curls-for-women-over-50.jpg\" data-pin-description=\"Get Perfect Curls With These Genius Curly Hair Tips And Styles\" rel=\"nofollow noopener\" target=\"_blank\"> <\/a><\/div><\/div><figcaption class=\"wp-element-caption\">@<a href=\"https:\/\/www.instagram.com\/novaperruquers\/\" target=\"_blank\" rel=\"noreferrer noopener nofollow\">novosperruques<\/a><\/figcaption><\/figure>\n<\/div>\n\n\n<p>Raramente as cores de cabelo podem exalar uma vibra\u00e7\u00e3o t\u00e3o jovem em senhoras encaracoladas mais velhas. Se quiser refrescar os seus carac\u00f3is maduros, o louro mel \u00e9 o ideal! Este tom rico e quente vai aquecer a sua tez e ajud\u00e1-la a envelhecer como um bom vinho. <\/p>\n\n\n\n<h3 class=\"wp-block-heading\">18. Penteados chiques para cabelos encaracolados<\/h3>\n\n\n<div class=\"wp-block-image\">\n<figure class=\"aligncenter size-full\"><div style=\"position: relative;\"><noscript><img loading=\"lazy\" decoding=\"async\" width=\"1080\" height=\"1067\" src=\"https:\/\/flawlesshair.com\/wp-content\/uploads\/2023\/11\/different-hairstyles-1.jpg\" alt=\"penteados para cabelos encaracolados com pin\u00e7as, tran\u00e7as e p\u00e3ezinhos\" class=\"wp-image-30361\" srcset=\"https:\/\/flawlesshair.com\/wp-content\/uploads\/2023\/11\/different-hairstyles-1.jpg 1080w, https:\/\/flawlesshair.com\/wp-content\/uploads\/2023\/11\/different-hairstyles-1-300x296.jpg 300w, https:\/\/flawlesshair.com\/wp-content\/uploads\/2023\/11\/different-hairstyles-1-768x759.jpg 768w, https:\/\/flawlesshair.com\/wp-content\/uploads\/2023\/11\/different-hairstyles-1-12x12.jpg 12w, https:\/\/flawlesshair.com\/wp-content\/uploads\/2023\/11\/different-hairstyles-1-960x948.jpg 960w, https:\/\/flawlesshair.com\/wp-content\/uploads\/2023\/11\/different-hairstyles-1-96x96.jpg 96w, https:\/\/flawlesshair.com\/wp-content\/uploads\/2023\/11\/different-hairstyles-1-150x148.jpg 150w\" sizes=\"auto, (max-width: 760px) calc(100vw - 24px), 720px\"><\/noscript><img loading=\"lazy\" decoding=\"async\" width=\"1080\" height=\"1067\" src=\"https:\/\/flawlesshair.com\/wp-content\/uploads\/2023\/11\/different-hairstyles-1.jpg\" alt=\"penteados para cabelos encaracolados com pin\u00e7as, tran\u00e7as e p\u00e3ezinhos\" class=\"wp-image-30361 lazyload\" srcset=\"https:\/\/flawlesshair.com\/wp-content\/uploads\/2023\/11\/different-hairstyles-1.jpg 1080w, https:\/\/flawlesshair.com\/wp-content\/uploads\/2023\/11\/different-hairstyles-1-300x296.jpg 300w, https:\/\/flawlesshair.com\/wp-content\/uploads\/2023\/11\/different-hairstyles-1-768x759.jpg 768w, https:\/\/flawlesshair.com\/wp-content\/uploads\/2023\/11\/different-hairstyles-1-12x12.jpg 12w, https:\/\/flawlesshair.com\/wp-content\/uploads\/2023\/11\/different-hairstyles-1-960x948.jpg 960w, https:\/\/flawlesshair.com\/wp-content\/uploads\/2023\/11\/different-hairstyles-1-96x96.jpg 96w, https:\/\/flawlesshair.com\/wp-content\/uploads\/2023\/11\/different-hairstyles-1-150x148.jpg 150w\" sizes=\"auto, (max-width: 760px) calc(100vw - 24px), 720px\" data-pin-media=\"https:\/\/flawlesshair.com\/wp-content\/uploads\/2023\/11\/different-hairstyles-1.jpg\" id=\"mv-trellis-img-30\" data-trellis-processed=\"1\"><div style=\"position: absolute; top: 0.5rem; right: 0.75rem;\"> <a href=\"https:\/\/www.pinterest.com\/pin\/create\/button\/\" data-pin-do=\"buttonPin\" data-pin-tall=\"true\" data-pin-url=\"https:\/\/flawlesshair.com\/pt\/ideias-para-cabelos-encaracolados\/\" data-pin-media=\"https:\/\/flawlesshair.com\/wp-content\/uploads\/2023\/11\/different-hairstyles-1.jpg\" data-pin-description=\"Get Perfect Curls With These Genius Curly Hair Tips And Styles\" rel=\"nofollow noopener\" target=\"_blank\"> <\/a><\/div><\/div><figcaption class=\"wp-element-caption\">@<a href=\"https:\/\/www.instagram.com\/mailayaa\/\" target=\"_blank\" rel=\"noreferrer noopener nofollow\">mailayaa<\/a><\/figcaption><\/figure>\n<\/div>\n\n\n<p>Preparem-se porque os penteados para cabelos encaracolados com tran\u00e7as, ganchos, partes elegantes e p\u00e3es desarrumados est\u00e3o a voltar em for\u00e7a! De looks giros a looks mais elegantes, estes penteados deslumbrantes s\u00e3o adequados para todas as ocasi\u00f5es.<\/p>\n\n\n\n<h3 class=\"wp-block-heading\">19. Bob encaracolado cl\u00e1ssico com franja<\/h3>\n\n\n<div class=\"wp-block-image\">\n<figure class=\"aligncenter size-full\"><div style=\"position: relative;\"><noscript><img loading=\"lazy\" decoding=\"async\" width=\"1080\" height=\"1350\" src=\"https:\/\/flawlesshair.com\/wp-content\/uploads\/2023\/11\/curly-bob-with-bangs.jpg\" alt=\"cabelo encaracolado com franja\" class=\"wp-image-30358\" srcset=\"https:\/\/flawlesshair.com\/wp-content\/uploads\/2023\/11\/curly-bob-with-bangs.jpg 1080w, https:\/\/flawlesshair.com\/wp-content\/uploads\/2023\/11\/curly-bob-with-bangs-240x300.jpg 240w, https:\/\/flawlesshair.com\/wp-content\/uploads\/2023\/11\/curly-bob-with-bangs-768x960.jpg 768w, https:\/\/flawlesshair.com\/wp-content\/uploads\/2023\/11\/curly-bob-with-bangs-10x12.jpg 10w, https:\/\/flawlesshair.com\/wp-content\/uploads\/2023\/11\/curly-bob-with-bangs-864x1080.jpg 864w, https:\/\/flawlesshair.com\/wp-content\/uploads\/2023\/11\/curly-bob-with-bangs-960x1200.jpg 960w, https:\/\/flawlesshair.com\/wp-content\/uploads\/2023\/11\/curly-bob-with-bangs-150x188.jpg 150w\" sizes=\"auto, (max-width: 760px) calc(100vw - 24px), 720px\"><\/noscript><img loading=\"lazy\" decoding=\"async\" width=\"1080\" height=\"1350\" src=\"https:\/\/flawlesshair.com\/wp-content\/uploads\/2023\/11\/curly-bob-with-bangs.jpg\" alt=\"cabelo encaracolado com franja\" class=\"wp-image-30358 lazyload\" srcset=\"https:\/\/flawlesshair.com\/wp-content\/uploads\/2023\/11\/curly-bob-with-bangs.jpg 1080w, https:\/\/flawlesshair.com\/wp-content\/uploads\/2023\/11\/curly-bob-with-bangs-240x300.jpg 240w, https:\/\/flawlesshair.com\/wp-content\/uploads\/2023\/11\/curly-bob-with-bangs-768x960.jpg 768w, https:\/\/flawlesshair.com\/wp-content\/uploads\/2023\/11\/curly-bob-with-bangs-10x12.jpg 10w, https:\/\/flawlesshair.com\/wp-content\/uploads\/2023\/11\/curly-bob-with-bangs-864x1080.jpg 864w, https:\/\/flawlesshair.com\/wp-content\/uploads\/2023\/11\/curly-bob-with-bangs-960x1200.jpg 960w, https:\/\/flawlesshair.com\/wp-content\/uploads\/2023\/11\/curly-bob-with-bangs-150x188.jpg 150w\" sizes=\"auto, (max-width: 760px) calc(100vw - 24px), 720px\" data-pin-media=\"https:\/\/flawlesshair.com\/wp-content\/uploads\/2023\/11\/curly-bob-with-bangs.jpg\" id=\"mv-trellis-img-31\" data-trellis-processed=\"1\"><div style=\"position: absolute; top: 0.5rem; right: 0.75rem;\"> <a href=\"https:\/\/www.pinterest.com\/pin\/create\/button\/\" data-pin-do=\"buttonPin\" data-pin-tall=\"true\" data-pin-url=\"https:\/\/flawlesshair.com\/pt\/ideias-para-cabelos-encaracolados\/\" data-pin-media=\"https:\/\/flawlesshair.com\/wp-content\/uploads\/2023\/11\/curly-bob-with-bangs.jpg\" data-pin-description=\"Get Perfect Curls With These Genius Curly Hair Tips And Styles\" rel=\"nofollow noopener\" target=\"_blank\"> <\/a><\/div><\/div><figcaption class=\"wp-element-caption\">@<a href=\"https:\/\/www.instagram.com\/slickback_buttahtoast\/\" target=\"_blank\" rel=\"noreferrer noopener nofollow\">slickback_buttahtoast<\/a><\/figcaption><\/figure>\n<\/div>\n\n\n<p>Se eu tivesse que descrever este penteado em tr\u00eas palavras, seria: Simples. Elegante. Atrevido. O bob encaracolado com franja \u00e9 uma combina\u00e7\u00e3o feita no c\u00e9u e real\u00e7a o melhor do cabelo encaracolado fino. <\/p>\n\n\n\n<h3 class=\"wp-block-heading\">20. Penteado para cabelo encaracolado com franja cortina<\/h3>\n\n\n<div class=\"wp-block-image\">\n<figure class=\"aligncenter size-full\"><div style=\"position: relative;\"><noscript><img loading=\"lazy\" decoding=\"async\" width=\"1080\" height=\"1350\" src=\"https:\/\/flawlesshair.com\/wp-content\/uploads\/2023\/11\/curly-messy-updo-with-curtain-bangs.jpg\" alt=\"Penteado encaracolado e desarrumado com franja de cortina\" class=\"wp-image-30359\" srcset=\"https:\/\/flawlesshair.com\/wp-content\/uploads\/2023\/11\/curly-messy-updo-with-curtain-bangs.jpg 1080w, https:\/\/flawlesshair.com\/wp-content\/uploads\/2023\/11\/curly-messy-updo-with-curtain-bangs-240x300.jpg 240w, https:\/\/flawlesshair.com\/wp-content\/uploads\/2023\/11\/curly-messy-updo-with-curtain-bangs-768x960.jpg 768w, https:\/\/flawlesshair.com\/wp-content\/uploads\/2023\/11\/curly-messy-updo-with-curtain-bangs-10x12.jpg 10w, https:\/\/flawlesshair.com\/wp-content\/uploads\/2023\/11\/curly-messy-updo-with-curtain-bangs-864x1080.jpg 864w, https:\/\/flawlesshair.com\/wp-content\/uploads\/2023\/11\/curly-messy-updo-with-curtain-bangs-960x1200.jpg 960w, https:\/\/flawlesshair.com\/wp-content\/uploads\/2023\/11\/curly-messy-updo-with-curtain-bangs-150x188.jpg 150w\" sizes=\"auto, (max-width: 760px) calc(100vw - 24px), 720px\"><\/noscript><img loading=\"lazy\" decoding=\"async\" width=\"1080\" height=\"1350\" src=\"https:\/\/flawlesshair.com\/wp-content\/uploads\/2023\/11\/curly-messy-updo-with-curtain-bangs.jpg\" alt=\"Penteado encaracolado e desarrumado com franja de cortina\" class=\"wp-image-30359 lazyload\" srcset=\"https:\/\/flawlesshair.com\/wp-content\/uploads\/2023\/11\/curly-messy-updo-with-curtain-bangs.jpg 1080w, https:\/\/flawlesshair.com\/wp-content\/uploads\/2023\/11\/curly-messy-updo-with-curtain-bangs-240x300.jpg 240w, https:\/\/flawlesshair.com\/wp-content\/uploads\/2023\/11\/curly-messy-updo-with-curtain-bangs-768x960.jpg 768w, https:\/\/flawlesshair.com\/wp-content\/uploads\/2023\/11\/curly-messy-updo-with-curtain-bangs-10x12.jpg 10w, https:\/\/flawlesshair.com\/wp-content\/uploads\/2023\/11\/curly-messy-updo-with-curtain-bangs-864x1080.jpg 864w, https:\/\/flawlesshair.com\/wp-content\/uploads\/2023\/11\/curly-messy-updo-with-curtain-bangs-960x1200.jpg 960w, https:\/\/flawlesshair.com\/wp-content\/uploads\/2023\/11\/curly-messy-updo-with-curtain-bangs-150x188.jpg 150w\" sizes=\"auto, (max-width: 760px) calc(100vw - 24px), 720px\" data-pin-media=\"https:\/\/flawlesshair.com\/wp-content\/uploads\/2023\/11\/curly-messy-updo-with-curtain-bangs.jpg\" id=\"mv-trellis-img-32\" data-trellis-processed=\"1\"><div style=\"position: absolute; top: 0.5rem; right: 0.75rem;\"> <a href=\"https:\/\/www.pinterest.com\/pin\/create\/button\/\" data-pin-do=\"buttonPin\" data-pin-tall=\"true\" data-pin-url=\"https:\/\/flawlesshair.com\/pt\/ideias-para-cabelos-encaracolados\/\" data-pin-media=\"https:\/\/flawlesshair.com\/wp-content\/uploads\/2023\/11\/curly-messy-updo-with-curtain-bangs.jpg\" data-pin-description=\"Get Perfect Curls With These Genius Curly Hair Tips And Styles\" rel=\"nofollow noopener\" target=\"_blank\"> <\/a><\/div><\/div><figcaption class=\"wp-element-caption\">@<a href=\"https:\/\/www.instagram.com\/vvvanel\/\" target=\"_blank\" rel=\"noreferrer noopener nofollow\">vvvanel<\/a><\/figcaption><\/figure>\n<\/div>\n\n\n<p>Os apanhados desarrumados s\u00e3o uma d\u00e1diva de Deus para o cabelo encaracolado do 3\u00ba ou 4\u00ba dia e <a href=\"https:\/\/flawlesshair.com\/pt\/cabelo-encaracolado-com-franja\/\">carac\u00f3is com franja<\/a>. Lembre-se apenas de refrescar os seus carac\u00f3is antes: encha um frasco de spray com \u00e1gua e um amaciador sem enxaguamento. Pulverize esta mistura nos seus carac\u00f3is e, em seguida, aplique os seus produtos de styling habituais. <\/p>\n\n\n\n<h3 class=\"wp-block-heading\">21. Carac\u00f3is compridos brilhantes com madeixas louras<\/h3>\n\n\n<div class=\"wp-block-image\">\n<figure class=\"aligncenter size-full\"><div style=\"position: relative;\"><noscript><img loading=\"lazy\" decoding=\"async\" width=\"1080\" height=\"1079\" src=\"https:\/\/flawlesshair.com\/wp-content\/uploads\/2023\/11\/long-curly-hair-with-blonde-highlights.jpg\" alt=\"cabelo comprido encaracolado com madeixas loiras\" class=\"wp-image-30365\" srcset=\"https:\/\/flawlesshair.com\/wp-content\/uploads\/2023\/11\/long-curly-hair-with-blonde-highlights.jpg 1080w, https:\/\/flawlesshair.com\/wp-content\/uploads\/2023\/11\/long-curly-hair-with-blonde-highlights-300x300.jpg 300w, https:\/\/flawlesshair.com\/wp-content\/uploads\/2023\/11\/long-curly-hair-with-blonde-highlights-150x150.jpg 150w, https:\/\/flawlesshair.com\/wp-content\/uploads\/2023\/11\/long-curly-hair-with-blonde-highlights-768x767.jpg 768w, https:\/\/flawlesshair.com\/wp-content\/uploads\/2023\/11\/long-curly-hair-with-blonde-highlights-12x12.jpg 12w, https:\/\/flawlesshair.com\/wp-content\/uploads\/2023\/11\/long-curly-hair-with-blonde-highlights-728x728.jpg 728w, https:\/\/flawlesshair.com\/wp-content\/uploads\/2023\/11\/long-curly-hair-with-blonde-highlights-960x960.jpg 960w, https:\/\/flawlesshair.com\/wp-content\/uploads\/2023\/11\/long-curly-hair-with-blonde-highlights-96x96.jpg 96w\" sizes=\"auto, (max-width: 760px) calc(100vw - 24px), 720px\"><\/noscript><img loading=\"lazy\" decoding=\"async\" width=\"1080\" height=\"1079\" src=\"https:\/\/flawlesshair.com\/wp-content\/uploads\/2023\/11\/long-curly-hair-with-blonde-highlights.jpg\" alt=\"cabelo comprido encaracolado com madeixas loiras\" class=\"wp-image-30365 lazyload\" srcset=\"https:\/\/flawlesshair.com\/wp-content\/uploads\/2023\/11\/long-curly-hair-with-blonde-highlights.jpg 1080w, https:\/\/flawlesshair.com\/wp-content\/uploads\/2023\/11\/long-curly-hair-with-blonde-highlights-300x300.jpg 300w, https:\/\/flawlesshair.com\/wp-content\/uploads\/2023\/11\/long-curly-hair-with-blonde-highlights-150x150.jpg 150w, https:\/\/flawlesshair.com\/wp-content\/uploads\/2023\/11\/long-curly-hair-with-blonde-highlights-768x767.jpg 768w, https:\/\/flawlesshair.com\/wp-content\/uploads\/2023\/11\/long-curly-hair-with-blonde-highlights-12x12.jpg 12w, https:\/\/flawlesshair.com\/wp-content\/uploads\/2023\/11\/long-curly-hair-with-blonde-highlights-728x728.jpg 728w, https:\/\/flawlesshair.com\/wp-content\/uploads\/2023\/11\/long-curly-hair-with-blonde-highlights-960x960.jpg 960w, https:\/\/flawlesshair.com\/wp-content\/uploads\/2023\/11\/long-curly-hair-with-blonde-highlights-96x96.jpg 96w\" sizes=\"auto, (max-width: 760px) calc(100vw - 24px), 720px\" data-pin-media=\"https:\/\/flawlesshair.com\/wp-content\/uploads\/2023\/11\/long-curly-hair-with-blonde-highlights.jpg\" id=\"mv-trellis-img-33\" data-trellis-processed=\"1\"><div style=\"position: absolute; top: 0.5rem; right: 0.75rem;\"> <a href=\"https:\/\/www.pinterest.com\/pin\/create\/button\/\" data-pin-do=\"buttonPin\" data-pin-tall=\"true\" data-pin-url=\"https:\/\/flawlesshair.com\/pt\/ideias-para-cabelos-encaracolados\/\" data-pin-media=\"https:\/\/flawlesshair.com\/wp-content\/uploads\/2023\/11\/long-curly-hair-with-blonde-highlights.jpg\" data-pin-description=\"Get Perfect Curls With These Genius Curly Hair Tips And Styles\" rel=\"nofollow noopener\" target=\"_blank\"> <\/a><\/div><\/div><figcaption class=\"wp-element-caption\">@<a href=\"https:\/\/www.instagram.com\/nualamoreysalon\/\" target=\"_blank\" rel=\"noreferrer noopener nofollow\">nualamoreysalon<\/a><\/figcaption><\/figure>\n<\/div>\n\n\n<p>Um cabelo encaracolado brilhante est\u00e1 devidamente hidratado e nutrido. Para obter madeixas brilhantes, utilize um amaciador rico e hidratante ou um amaciador sem enxaguamento. Al\u00e9m disso, utilize uma touca de seda ou cetim quando dorme para manter os carac\u00f3is hidratados e definidos. <\/p>\n\n\n\n<h3 class=\"wp-block-heading\">22. Bob encaracolado em camadas para mulheres mais velhas<\/h3>\n\n\n<div class=\"wp-block-image\">\n<figure class=\"aligncenter size-full\"><div style=\"position: relative;\"><noscript><img loading=\"lazy\" decoding=\"async\" width=\"1080\" height=\"1364\" src=\"https:\/\/flawlesshair.com\/wp-content\/uploads\/2023\/11\/layered-curly-bob-for-older-women.jpg\" alt=\"cabelo encaracolado em camadas para mulheres mais velhas\" class=\"wp-image-30364\" srcset=\"https:\/\/flawlesshair.com\/wp-content\/uploads\/2023\/11\/layered-curly-bob-for-older-women.jpg 1080w, https:\/\/flawlesshair.com\/wp-content\/uploads\/2023\/11\/layered-curly-bob-for-older-women-238x300.jpg 238w, https:\/\/flawlesshair.com\/wp-content\/uploads\/2023\/11\/layered-curly-bob-for-older-women-768x970.jpg 768w, https:\/\/flawlesshair.com\/wp-content\/uploads\/2023\/11\/layered-curly-bob-for-older-women-10x12.jpg 10w, https:\/\/flawlesshair.com\/wp-content\/uploads\/2023\/11\/layered-curly-bob-for-older-women-760x960.jpg 760w, https:\/\/flawlesshair.com\/wp-content\/uploads\/2023\/11\/layered-curly-bob-for-older-women-855x1080.jpg 855w, https:\/\/flawlesshair.com\/wp-content\/uploads\/2023\/11\/layered-curly-bob-for-older-women-950x1200.jpg 950w, https:\/\/flawlesshair.com\/wp-content\/uploads\/2023\/11\/layered-curly-bob-for-older-women-150x189.jpg 150w\" sizes=\"auto, (max-width: 760px) calc(100vw - 24px), 720px\"><\/noscript><img loading=\"lazy\" decoding=\"async\" width=\"1080\" height=\"1364\" src=\"https:\/\/flawlesshair.com\/wp-content\/uploads\/2023\/11\/layered-curly-bob-for-older-women.jpg\" alt=\"cabelo encaracolado em camadas para mulheres mais velhas\" class=\"wp-image-30364 lazyload\" srcset=\"https:\/\/flawlesshair.com\/wp-content\/uploads\/2023\/11\/layered-curly-bob-for-older-women.jpg 1080w, https:\/\/flawlesshair.com\/wp-content\/uploads\/2023\/11\/layered-curly-bob-for-older-women-238x300.jpg 238w, https:\/\/flawlesshair.com\/wp-content\/uploads\/2023\/11\/layered-curly-bob-for-older-women-768x970.jpg 768w, https:\/\/flawlesshair.com\/wp-content\/uploads\/2023\/11\/layered-curly-bob-for-older-women-10x12.jpg 10w, https:\/\/flawlesshair.com\/wp-content\/uploads\/2023\/11\/layered-curly-bob-for-older-women-760x960.jpg 760w, https:\/\/flawlesshair.com\/wp-content\/uploads\/2023\/11\/layered-curly-bob-for-older-women-855x1080.jpg 855w, https:\/\/flawlesshair.com\/wp-content\/uploads\/2023\/11\/layered-curly-bob-for-older-women-950x1200.jpg 950w, https:\/\/flawlesshair.com\/wp-content\/uploads\/2023\/11\/layered-curly-bob-for-older-women-150x189.jpg 150w\" sizes=\"auto, (max-width: 760px) calc(100vw - 24px), 720px\" data-pin-media=\"https:\/\/flawlesshair.com\/wp-content\/uploads\/2023\/11\/layered-curly-bob-for-older-women.jpg\" id=\"mv-trellis-img-34\" data-trellis-processed=\"1\"><div style=\"position: absolute; top: 0.5rem; right: 0.75rem;\"> <a href=\"https:\/\/www.pinterest.com\/pin\/create\/button\/\" data-pin-do=\"buttonPin\" data-pin-tall=\"true\" data-pin-url=\"https:\/\/flawlesshair.com\/pt\/ideias-para-cabelos-encaracolados\/\" data-pin-media=\"https:\/\/flawlesshair.com\/wp-content\/uploads\/2023\/11\/layered-curly-bob-for-older-women.jpg\" data-pin-description=\"Get Perfect Curls With These Genius Curly Hair Tips And Styles\" rel=\"nofollow noopener\" target=\"_blank\"> <\/a><\/div><\/div><figcaption class=\"wp-element-caption\">@<a href=\"https:\/\/www.instagram.com\/novaperruquers\/\" target=\"_blank\" rel=\"noreferrer noopener nofollow\">novosperruques<\/a><\/figcaption><\/figure>\n<\/div>\n\n\n<p>Diga ol\u00e1 \u00e0s vibra\u00e7\u00f5es divertidas! As franjas em peda\u00e7os em bobs encaracolados em camadas fazem com que o seu cabelo pare\u00e7a mais texturado e personalizado. \u00c9 um dos penteados mais lisonjeiros&nbsp;<a href=\"https:\/\/flawlesshair.com\/pt\/cabelo-encaracolado-curto\/\">penteados curtos e encaracolados<\/a> para senhoras mais velhas.<\/p>\n\n\n\n<h3 class=\"wp-block-heading\">23. Cabelo encaracolado e fofo<\/h3>\n\n\n<div class=\"wp-block-image\">\n<figure class=\"aligncenter size-full is-resized\"><div style=\"position: relative;\"><noscript><img loading=\"lazy\" decoding=\"async\" width=\"1080\" height=\"1350\" src=\"https:\/\/flawlesshair.com\/wp-content\/uploads\/2023\/11\/curly-shag-for-4C-curls.jpg\" alt=\"Cabelo encaracolado fofo para carac\u00f3is 4c\" class=\"wp-image-30360\" style=\"width:840px;height:auto\" srcset=\"https:\/\/flawlesshair.com\/wp-content\/uploads\/2023\/11\/curly-shag-for-4C-curls.jpg 1080w, https:\/\/flawlesshair.com\/wp-content\/uploads\/2023\/11\/curly-shag-for-4C-curls-240x300.jpg 240w, https:\/\/flawlesshair.com\/wp-content\/uploads\/2023\/11\/curly-shag-for-4C-curls-768x960.jpg 768w, https:\/\/flawlesshair.com\/wp-content\/uploads\/2023\/11\/curly-shag-for-4C-curls-10x12.jpg 10w, https:\/\/flawlesshair.com\/wp-content\/uploads\/2023\/11\/curly-shag-for-4C-curls-864x1080.jpg 864w, https:\/\/flawlesshair.com\/wp-content\/uploads\/2023\/11\/curly-shag-for-4C-curls-960x1200.jpg 960w, https:\/\/flawlesshair.com\/wp-content\/uploads\/2023\/11\/curly-shag-for-4C-curls-150x188.jpg 150w\" sizes=\"auto, (max-width: 760px) calc(100vw - 24px), 720px\"><\/noscript><img loading=\"lazy\" decoding=\"async\" width=\"1080\" height=\"1350\" src=\"https:\/\/flawlesshair.com\/wp-content\/uploads\/2023\/11\/curly-shag-for-4C-curls.jpg\" alt=\"Cabelo encaracolado fofo para carac\u00f3is 4c\" class=\"wp-image-30360 lazyload\" style=\"width:840px;height:auto\" srcset=\"https:\/\/flawlesshair.com\/wp-content\/uploads\/2023\/11\/curly-shag-for-4C-curls.jpg 1080w, https:\/\/flawlesshair.com\/wp-content\/uploads\/2023\/11\/curly-shag-for-4C-curls-240x300.jpg 240w, https:\/\/flawlesshair.com\/wp-content\/uploads\/2023\/11\/curly-shag-for-4C-curls-768x960.jpg 768w, https:\/\/flawlesshair.com\/wp-content\/uploads\/2023\/11\/curly-shag-for-4C-curls-10x12.jpg 10w, https:\/\/flawlesshair.com\/wp-content\/uploads\/2023\/11\/curly-shag-for-4C-curls-864x1080.jpg 864w, https:\/\/flawlesshair.com\/wp-content\/uploads\/2023\/11\/curly-shag-for-4C-curls-960x1200.jpg 960w, https:\/\/flawlesshair.com\/wp-content\/uploads\/2023\/11\/curly-shag-for-4C-curls-150x188.jpg 150w\" sizes=\"auto, (max-width: 760px) calc(100vw - 24px), 720px\" data-pin-media=\"https:\/\/flawlesshair.com\/wp-content\/uploads\/2023\/11\/curly-shag-for-4C-curls.jpg\" id=\"mv-trellis-img-35\" data-trellis-processed=\"1\"><div style=\"position: absolute; top: 0.5rem; right: 0.75rem;\"> <a href=\"https:\/\/www.pinterest.com\/pin\/create\/button\/\" data-pin-do=\"buttonPin\" data-pin-tall=\"true\" data-pin-url=\"https:\/\/flawlesshair.com\/pt\/ideias-para-cabelos-encaracolados\/\" data-pin-media=\"https:\/\/flawlesshair.com\/wp-content\/uploads\/2023\/11\/curly-shag-for-4C-curls.jpg\" data-pin-description=\"Get Perfect Curls With These Genius Curly Hair Tips And Styles\" rel=\"nofollow noopener\" target=\"_blank\"> <\/a><\/div><\/div><figcaption class=\"wp-element-caption\">@<a href=\"https:\/\/www.instagram.com\/amaka.ae\/\" target=\"_blank\" rel=\"noreferrer noopener nofollow\">amaka.ae<\/a><\/figcaption><\/figure>\n<\/div>\n\n\n<p>Um bom e velho shag encaracolado torna o cabelo cheio \u00e0 volta da coroa e mais fino \u00e0 volta das extremidades e ao longo das pontas. \u00c9 perfeito para quem tem cabelo m\u00e9dio a espesso, porque este corte de cabelo requer muitas camadas. <\/p>\n\n\n\n<h3 class=\"wp-block-heading\">24. Tran\u00e7a solta rom\u00e2ntica para cabelos ondulados<\/h3>\n\n\n<div class=\"wp-block-image\">\n<figure class=\"aligncenter size-full\"><div style=\"position: relative;\"><noscript><img loading=\"lazy\" decoding=\"async\" width=\"1080\" height=\"1350\" src=\"https:\/\/flawlesshair.com\/wp-content\/uploads\/2023\/11\/romantic-loose-braid-for-wavy-hair.jpg\" alt=\"tran\u00e7a solta rom\u00e2ntica para cabelos ondulados\" class=\"wp-image-30370\" srcset=\"https:\/\/flawlesshair.com\/wp-content\/uploads\/2023\/11\/romantic-loose-braid-for-wavy-hair.jpg 1080w, https:\/\/flawlesshair.com\/wp-content\/uploads\/2023\/11\/romantic-loose-braid-for-wavy-hair-240x300.jpg 240w, https:\/\/flawlesshair.com\/wp-content\/uploads\/2023\/11\/romantic-loose-braid-for-wavy-hair-768x960.jpg 768w, https:\/\/flawlesshair.com\/wp-content\/uploads\/2023\/11\/romantic-loose-braid-for-wavy-hair-10x12.jpg 10w, https:\/\/flawlesshair.com\/wp-content\/uploads\/2023\/11\/romantic-loose-braid-for-wavy-hair-864x1080.jpg 864w, https:\/\/flawlesshair.com\/wp-content\/uploads\/2023\/11\/romantic-loose-braid-for-wavy-hair-960x1200.jpg 960w, https:\/\/flawlesshair.com\/wp-content\/uploads\/2023\/11\/romantic-loose-braid-for-wavy-hair-150x188.jpg 150w\" sizes=\"auto, (max-width: 760px) calc(100vw - 24px), 720px\"><\/noscript><img loading=\"lazy\" decoding=\"async\" width=\"1080\" height=\"1350\" src=\"https:\/\/flawlesshair.com\/wp-content\/uploads\/2023\/11\/romantic-loose-braid-for-wavy-hair.jpg\" alt=\"tran\u00e7a solta rom\u00e2ntica para cabelos ondulados\" class=\"wp-image-30370 lazyload\" srcset=\"https:\/\/flawlesshair.com\/wp-content\/uploads\/2023\/11\/romantic-loose-braid-for-wavy-hair.jpg 1080w, https:\/\/flawlesshair.com\/wp-content\/uploads\/2023\/11\/romantic-loose-braid-for-wavy-hair-240x300.jpg 240w, https:\/\/flawlesshair.com\/wp-content\/uploads\/2023\/11\/romantic-loose-braid-for-wavy-hair-768x960.jpg 768w, https:\/\/flawlesshair.com\/wp-content\/uploads\/2023\/11\/romantic-loose-braid-for-wavy-hair-10x12.jpg 10w, https:\/\/flawlesshair.com\/wp-content\/uploads\/2023\/11\/romantic-loose-braid-for-wavy-hair-864x1080.jpg 864w, https:\/\/flawlesshair.com\/wp-content\/uploads\/2023\/11\/romantic-loose-braid-for-wavy-hair-960x1200.jpg 960w, https:\/\/flawlesshair.com\/wp-content\/uploads\/2023\/11\/romantic-loose-braid-for-wavy-hair-150x188.jpg 150w\" sizes=\"auto, (max-width: 760px) calc(100vw - 24px), 720px\" data-pin-media=\"https:\/\/flawlesshair.com\/wp-content\/uploads\/2023\/11\/romantic-loose-braid-for-wavy-hair.jpg\" id=\"mv-trellis-img-36\" data-trellis-processed=\"1\"><div style=\"position: absolute; top: 0.5rem; right: 0.75rem;\"> <a href=\"https:\/\/www.pinterest.com\/pin\/create\/button\/\" data-pin-do=\"buttonPin\" data-pin-tall=\"true\" data-pin-url=\"https:\/\/flawlesshair.com\/pt\/ideias-para-cabelos-encaracolados\/\" data-pin-media=\"https:\/\/flawlesshair.com\/wp-content\/uploads\/2023\/11\/romantic-loose-braid-for-wavy-hair.jpg\" data-pin-description=\"Get Perfect Curls With These Genius Curly Hair Tips And Styles\" rel=\"nofollow noopener\" target=\"_blank\"> <\/a><\/div><\/div><figcaption class=\"wp-element-caption\">@<a href=\"https:\/\/www.instagram.com\/reneemarieacademy\/\" target=\"_blank\" rel=\"noreferrer noopener nofollow\">reneemarieacademy<\/a><\/figcaption><\/figure>\n<\/div>\n\n\n<p>Este penteado de outro mundo \u00e9 uma verdadeira obra de arte e \u00e9 realmente f\u00e1cil de pentear! Puxar cada la\u00e7o de uma tran\u00e7a cl\u00e1ssica de 3 fios far\u00e1 com que a tran\u00e7a pare\u00e7a mais grossa e solta. Decore a sua tran\u00e7a solta com flores e outros acess\u00f3rios ao seu gosto. <\/p>\n\n\n\n<h3 class=\"wp-block-heading\">25. Cabelo Louro Encaracolado com Crescimento<\/h3>\n\n\n<div class=\"wp-block-image\">\n<figure class=\"aligncenter size-full\"><div style=\"position: relative;\"><noscript><img loading=\"lazy\" decoding=\"async\" width=\"1080\" height=\"1345\" src=\"https:\/\/flawlesshair.com\/wp-content\/uploads\/2023\/11\/blonde-curls-with-a-grow-out.jpg\" alt=\"cabelo louro encaracolado com um crescimento\" class=\"wp-image-30356\" srcset=\"https:\/\/flawlesshair.com\/wp-content\/uploads\/2023\/11\/blonde-curls-with-a-grow-out.jpg 1080w, https:\/\/flawlesshair.com\/wp-content\/uploads\/2023\/11\/blonde-curls-with-a-grow-out-241x300.jpg 241w, https:\/\/flawlesshair.com\/wp-content\/uploads\/2023\/11\/blonde-curls-with-a-grow-out-768x956.jpg 768w, https:\/\/flawlesshair.com\/wp-content\/uploads\/2023\/11\/blonde-curls-with-a-grow-out-10x12.jpg 10w, https:\/\/flawlesshair.com\/wp-content\/uploads\/2023\/11\/blonde-curls-with-a-grow-out-771x960.jpg 771w, https:\/\/flawlesshair.com\/wp-content\/uploads\/2023\/11\/blonde-curls-with-a-grow-out-867x1080.jpg 867w, https:\/\/flawlesshair.com\/wp-content\/uploads\/2023\/11\/blonde-curls-with-a-grow-out-964x1200.jpg 964w, https:\/\/flawlesshair.com\/wp-content\/uploads\/2023\/11\/blonde-curls-with-a-grow-out-150x187.jpg 150w\" sizes=\"auto, (max-width: 760px) calc(100vw - 24px), 720px\"><\/noscript><img loading=\"lazy\" decoding=\"async\" width=\"1080\" height=\"1345\" src=\"https:\/\/flawlesshair.com\/wp-content\/uploads\/2023\/11\/blonde-curls-with-a-grow-out.jpg\" alt=\"cabelo louro encaracolado com um crescimento\" class=\"wp-image-30356 lazyload\" srcset=\"https:\/\/flawlesshair.com\/wp-content\/uploads\/2023\/11\/blonde-curls-with-a-grow-out.jpg 1080w, https:\/\/flawlesshair.com\/wp-content\/uploads\/2023\/11\/blonde-curls-with-a-grow-out-241x300.jpg 241w, https:\/\/flawlesshair.com\/wp-content\/uploads\/2023\/11\/blonde-curls-with-a-grow-out-768x956.jpg 768w, https:\/\/flawlesshair.com\/wp-content\/uploads\/2023\/11\/blonde-curls-with-a-grow-out-10x12.jpg 10w, https:\/\/flawlesshair.com\/wp-content\/uploads\/2023\/11\/blonde-curls-with-a-grow-out-771x960.jpg 771w, https:\/\/flawlesshair.com\/wp-content\/uploads\/2023\/11\/blonde-curls-with-a-grow-out-867x1080.jpg 867w, https:\/\/flawlesshair.com\/wp-content\/uploads\/2023\/11\/blonde-curls-with-a-grow-out-964x1200.jpg 964w, https:\/\/flawlesshair.com\/wp-content\/uploads\/2023\/11\/blonde-curls-with-a-grow-out-150x187.jpg 150w\" sizes=\"auto, (max-width: 760px) calc(100vw - 24px), 720px\" data-pin-media=\"https:\/\/flawlesshair.com\/wp-content\/uploads\/2023\/11\/blonde-curls-with-a-grow-out.jpg\" id=\"mv-trellis-img-37\" data-trellis-processed=\"1\"><div style=\"position: absolute; top: 0.5rem; right: 0.75rem;\"> <a href=\"https:\/\/www.pinterest.com\/pin\/create\/button\/\" data-pin-do=\"buttonPin\" data-pin-tall=\"true\" data-pin-url=\"https:\/\/flawlesshair.com\/pt\/ideias-para-cabelos-encaracolados\/\" data-pin-media=\"https:\/\/flawlesshair.com\/wp-content\/uploads\/2023\/11\/blonde-curls-with-a-grow-out.jpg\" data-pin-description=\"Get Perfect Curls With These Genius Curly Hair Tips And Styles\" rel=\"nofollow noopener\" target=\"_blank\"> <\/a><\/div><\/div><figcaption class=\"wp-element-caption\">@<a href=\"https:\/\/www.instagram.com\/curlytours\/\" target=\"_blank\" rel=\"noreferrer noopener nofollow\">curlytours<\/a><\/figcaption><\/figure>\n<\/div>\n\n\n<p>Longe v\u00e3o os dias em que os crescimentos naturais em <a href=\"https:\/\/flawlesshair.com\/pt\/ideias-para-cabelos-encaracolados-pintados\/\">penteados para cabelos encaracolados pintados<\/a> eram t\u00e3o subestimados e desprezados. Sinta-se \u00e0 vontade para apreciar o contraste entre o seu crescimento natural escuro e os carac\u00f3is louros (porque voc\u00ea e o seu cabelo merecem-no).  <\/p>\n\n\n\n<h3 class=\"wp-block-heading\">26. Penteado m\u00e9dio encaracolado com tran\u00e7as laterais<\/h3>\n\n\n<div class=\"wp-block-image\">\n<figure class=\"aligncenter size-full\"><div style=\"position: relative;\"><noscript><img loading=\"lazy\" decoding=\"async\" width=\"1080\" height=\"1350\" src=\"https:\/\/flawlesshair.com\/wp-content\/uploads\/2023\/11\/medium-length-curly-hairstyle-with-side-cornrows.jpg\" alt=\"penteado encaracolado de comprimento m\u00e9dio com tran\u00e7as laterais\" class=\"wp-image-30656\" srcset=\"https:\/\/flawlesshair.com\/wp-content\/uploads\/2023\/11\/medium-length-curly-hairstyle-with-side-cornrows.jpg 1080w, https:\/\/flawlesshair.com\/wp-content\/uploads\/2023\/11\/medium-length-curly-hairstyle-with-side-cornrows-240x300.jpg 240w, https:\/\/flawlesshair.com\/wp-content\/uploads\/2023\/11\/medium-length-curly-hairstyle-with-side-cornrows-768x960.jpg 768w, https:\/\/flawlesshair.com\/wp-content\/uploads\/2023\/11\/medium-length-curly-hairstyle-with-side-cornrows-10x12.jpg 10w, https:\/\/flawlesshair.com\/wp-content\/uploads\/2023\/11\/medium-length-curly-hairstyle-with-side-cornrows-864x1080.jpg 864w, https:\/\/flawlesshair.com\/wp-content\/uploads\/2023\/11\/medium-length-curly-hairstyle-with-side-cornrows-960x1200.jpg 960w, https:\/\/flawlesshair.com\/wp-content\/uploads\/2023\/11\/medium-length-curly-hairstyle-with-side-cornrows-150x188.jpg 150w\" sizes=\"auto, (max-width: 760px) calc(100vw - 24px), 720px\"><\/noscript><img loading=\"lazy\" decoding=\"async\" width=\"1080\" height=\"1350\" src=\"https:\/\/flawlesshair.com\/wp-content\/uploads\/2023\/11\/medium-length-curly-hairstyle-with-side-cornrows.jpg\" alt=\"penteado encaracolado de comprimento m\u00e9dio com tran\u00e7as laterais\" class=\"wp-image-30656 lazyload\" srcset=\"https:\/\/flawlesshair.com\/wp-content\/uploads\/2023\/11\/medium-length-curly-hairstyle-with-side-cornrows.jpg 1080w, https:\/\/flawlesshair.com\/wp-content\/uploads\/2023\/11\/medium-length-curly-hairstyle-with-side-cornrows-240x300.jpg 240w, https:\/\/flawlesshair.com\/wp-content\/uploads\/2023\/11\/medium-length-curly-hairstyle-with-side-cornrows-768x960.jpg 768w, https:\/\/flawlesshair.com\/wp-content\/uploads\/2023\/11\/medium-length-curly-hairstyle-with-side-cornrows-10x12.jpg 10w, https:\/\/flawlesshair.com\/wp-content\/uploads\/2023\/11\/medium-length-curly-hairstyle-with-side-cornrows-864x1080.jpg 864w, https:\/\/flawlesshair.com\/wp-content\/uploads\/2023\/11\/medium-length-curly-hairstyle-with-side-cornrows-960x1200.jpg 960w, https:\/\/flawlesshair.com\/wp-content\/uploads\/2023\/11\/medium-length-curly-hairstyle-with-side-cornrows-150x188.jpg 150w\" sizes=\"auto, (max-width: 760px) calc(100vw - 24px), 720px\" data-pin-media=\"https:\/\/flawlesshair.com\/wp-content\/uploads\/2023\/11\/medium-length-curly-hairstyle-with-side-cornrows.jpg\" id=\"mv-trellis-img-38\" data-trellis-processed=\"1\"><div style=\"position: absolute; top: 0.5rem; right: 0.75rem;\"> <a href=\"https:\/\/www.pinterest.com\/pin\/create\/button\/\" data-pin-do=\"buttonPin\" data-pin-tall=\"true\" data-pin-url=\"https:\/\/flawlesshair.com\/pt\/ideias-para-cabelos-encaracolados\/\" data-pin-media=\"https:\/\/flawlesshair.com\/wp-content\/uploads\/2023\/11\/medium-length-curly-hairstyle-with-side-cornrows.jpg\" data-pin-description=\"Get Perfect Curls With These Genius Curly Hair Tips And Styles\" rel=\"nofollow noopener\" target=\"_blank\"> <\/a><\/div><\/div><figcaption class=\"wp-element-caption\">@<a href=\"https:\/\/www.instagram.com\/novaperruquers\/\" target=\"_blank\" rel=\"noreferrer noopener nofollow\">novosperruques<\/a><\/figcaption><\/figure>\n<\/div>\n\n\n<p>As tran\u00e7as s\u00e3o tran\u00e7as protectoras e elegantes, perfeitas para os dias de ver\u00e3o. Agora, se n\u00e3o quiser fazer tran\u00e7as em todo o cabelo, as tran\u00e7as laterais s\u00e3o a alternativa perfeita para apimentar o seu penteado atual. <\/p>\n\n\n\n<h3 class=\"wp-block-heading\">27. Cabelo comprido encaracolado com risca ao lado<\/h3>\n\n\n<div class=\"wp-block-image\">\n<figure class=\"aligncenter size-full\"><div style=\"position: relative;\"><noscript><img loading=\"lazy\" decoding=\"async\" width=\"1080\" height=\"1349\" src=\"https:\/\/flawlesshair.com\/wp-content\/uploads\/2023\/11\/long-curly-hair-with-a-deep-side-part.jpg\" alt=\"cabelo comprido encaracolado com risca lateral profunda\" class=\"wp-image-30652\" srcset=\"https:\/\/flawlesshair.com\/wp-content\/uploads\/2023\/11\/long-curly-hair-with-a-deep-side-part.jpg 1080w, https:\/\/flawlesshair.com\/wp-content\/uploads\/2023\/11\/long-curly-hair-with-a-deep-side-part-240x300.jpg 240w, https:\/\/flawlesshair.com\/wp-content\/uploads\/2023\/11\/long-curly-hair-with-a-deep-side-part-768x959.jpg 768w, https:\/\/flawlesshair.com\/wp-content\/uploads\/2023\/11\/long-curly-hair-with-a-deep-side-part-10x12.jpg 10w, https:\/\/flawlesshair.com\/wp-content\/uploads\/2023\/11\/long-curly-hair-with-a-deep-side-part-769x960.jpg 769w, https:\/\/flawlesshair.com\/wp-content\/uploads\/2023\/11\/long-curly-hair-with-a-deep-side-part-865x1080.jpg 865w, https:\/\/flawlesshair.com\/wp-content\/uploads\/2023\/11\/long-curly-hair-with-a-deep-side-part-961x1200.jpg 961w, https:\/\/flawlesshair.com\/wp-content\/uploads\/2023\/11\/long-curly-hair-with-a-deep-side-part-150x187.jpg 150w\" sizes=\"auto, (max-width: 760px) calc(100vw - 24px), 720px\"><\/noscript><img loading=\"lazy\" decoding=\"async\" width=\"1080\" height=\"1349\" src=\"https:\/\/flawlesshair.com\/wp-content\/uploads\/2023\/11\/long-curly-hair-with-a-deep-side-part.jpg\" alt=\"cabelo comprido encaracolado com risca lateral profunda\" class=\"wp-image-30652 lazyload\" srcset=\"https:\/\/flawlesshair.com\/wp-content\/uploads\/2023\/11\/long-curly-hair-with-a-deep-side-part.jpg 1080w, https:\/\/flawlesshair.com\/wp-content\/uploads\/2023\/11\/long-curly-hair-with-a-deep-side-part-240x300.jpg 240w, https:\/\/flawlesshair.com\/wp-content\/uploads\/2023\/11\/long-curly-hair-with-a-deep-side-part-768x959.jpg 768w, https:\/\/flawlesshair.com\/wp-content\/uploads\/2023\/11\/long-curly-hair-with-a-deep-side-part-10x12.jpg 10w, https:\/\/flawlesshair.com\/wp-content\/uploads\/2023\/11\/long-curly-hair-with-a-deep-side-part-769x960.jpg 769w, https:\/\/flawlesshair.com\/wp-content\/uploads\/2023\/11\/long-curly-hair-with-a-deep-side-part-865x1080.jpg 865w, https:\/\/flawlesshair.com\/wp-content\/uploads\/2023\/11\/long-curly-hair-with-a-deep-side-part-961x1200.jpg 961w, https:\/\/flawlesshair.com\/wp-content\/uploads\/2023\/11\/long-curly-hair-with-a-deep-side-part-150x187.jpg 150w\" sizes=\"auto, (max-width: 760px) calc(100vw - 24px), 720px\" data-pin-media=\"https:\/\/flawlesshair.com\/wp-content\/uploads\/2023\/11\/long-curly-hair-with-a-deep-side-part.jpg\" id=\"mv-trellis-img-39\" data-trellis-processed=\"1\"><div style=\"position: absolute; top: 0.5rem; right: 0.75rem;\"> <a href=\"https:\/\/www.pinterest.com\/pin\/create\/button\/\" data-pin-do=\"buttonPin\" data-pin-tall=\"true\" data-pin-url=\"https:\/\/flawlesshair.com\/pt\/ideias-para-cabelos-encaracolados\/\" data-pin-media=\"https:\/\/flawlesshair.com\/wp-content\/uploads\/2023\/11\/long-curly-hair-with-a-deep-side-part.jpg\" data-pin-description=\"Get Perfect Curls With These Genius Curly Hair Tips And Styles\" rel=\"nofollow noopener\" target=\"_blank\"> <\/a><\/div><\/div><figcaption class=\"wp-element-caption\">@<a href=\"https:\/\/www.instagram.com\/oliviacalabio\/\" target=\"_blank\" rel=\"noreferrer noopener nofollow\">oliviacalabio<\/a><\/figcaption><\/figure>\n<\/div>\n\n\n<p>Uma parte profunda \u00e9 uma das formas mais f\u00e1ceis de dar ao seu <a href=\"https:\/\/flawlesshair.com\/pt\/cabelo-comprido-encaracolado\/\">penteado comprido encaracolado<\/a> um mega impulso. Al\u00e9m disso, a separa\u00e7\u00e3o lateral ajuda a suavizar a linha do maxilar e as ma\u00e7\u00e3s do rosto em rostos em forma de diamante, quadrados e em forma de cora\u00e7\u00e3o. Incr\u00edvel, n\u00e3o \u00e9?<\/p>\n\n\n\n<h3 class=\"wp-block-heading\">28. Penteado encaracolado elegante <\/h3>\n\n\n<div class=\"wp-block-image\">\n<figure class=\"aligncenter size-full\"><div style=\"position: relative;\"><noscript><img loading=\"lazy\" decoding=\"async\" width=\"1080\" height=\"1080\" src=\"https:\/\/flawlesshair.com\/wp-content\/uploads\/2023\/11\/romantic-curly-updo.jpg\" alt=\"penteado louro elegante e encaracolado\" class=\"wp-image-30660\" srcset=\"https:\/\/flawlesshair.com\/wp-content\/uploads\/2023\/11\/romantic-curly-updo.jpg 1080w, https:\/\/flawlesshair.com\/wp-content\/uploads\/2023\/11\/romantic-curly-updo-300x300.jpg 300w, https:\/\/flawlesshair.com\/wp-content\/uploads\/2023\/11\/romantic-curly-updo-150x150.jpg 150w, https:\/\/flawlesshair.com\/wp-content\/uploads\/2023\/11\/romantic-curly-updo-768x768.jpg 768w, https:\/\/flawlesshair.com\/wp-content\/uploads\/2023\/11\/romantic-curly-updo-12x12.jpg 12w, https:\/\/flawlesshair.com\/wp-content\/uploads\/2023\/11\/romantic-curly-updo-728x728.jpg 728w, https:\/\/flawlesshair.com\/wp-content\/uploads\/2023\/11\/romantic-curly-updo-960x960.jpg 960w, https:\/\/flawlesshair.com\/wp-content\/uploads\/2023\/11\/romantic-curly-updo-96x96.jpg 96w\" sizes=\"auto, (max-width: 760px) calc(100vw - 24px), 720px\"><\/noscript><img loading=\"lazy\" decoding=\"async\" width=\"1080\" height=\"1080\" src=\"https:\/\/flawlesshair.com\/wp-content\/uploads\/2023\/11\/romantic-curly-updo.jpg\" alt=\"penteado louro elegante e encaracolado\" class=\"wp-image-30660 lazyload\" srcset=\"https:\/\/flawlesshair.com\/wp-content\/uploads\/2023\/11\/romantic-curly-updo.jpg 1080w, https:\/\/flawlesshair.com\/wp-content\/uploads\/2023\/11\/romantic-curly-updo-300x300.jpg 300w, https:\/\/flawlesshair.com\/wp-content\/uploads\/2023\/11\/romantic-curly-updo-150x150.jpg 150w, https:\/\/flawlesshair.com\/wp-content\/uploads\/2023\/11\/romantic-curly-updo-768x768.jpg 768w, https:\/\/flawlesshair.com\/wp-content\/uploads\/2023\/11\/romantic-curly-updo-12x12.jpg 12w, https:\/\/flawlesshair.com\/wp-content\/uploads\/2023\/11\/romantic-curly-updo-728x728.jpg 728w, https:\/\/flawlesshair.com\/wp-content\/uploads\/2023\/11\/romantic-curly-updo-960x960.jpg 960w, https:\/\/flawlesshair.com\/wp-content\/uploads\/2023\/11\/romantic-curly-updo-96x96.jpg 96w\" sizes=\"auto, (max-width: 760px) calc(100vw - 24px), 720px\" data-pin-media=\"https:\/\/flawlesshair.com\/wp-content\/uploads\/2023\/11\/romantic-curly-updo.jpg\" id=\"mv-trellis-img-40\" data-trellis-processed=\"1\"><div style=\"position: absolute; top: 0.5rem; right: 0.75rem;\"> <a href=\"https:\/\/www.pinterest.com\/pin\/create\/button\/\" data-pin-do=\"buttonPin\" data-pin-tall=\"true\" data-pin-url=\"https:\/\/flawlesshair.com\/pt\/ideias-para-cabelos-encaracolados\/\" data-pin-media=\"https:\/\/flawlesshair.com\/wp-content\/uploads\/2023\/11\/romantic-curly-updo.jpg\" data-pin-description=\"Get Perfect Curls With These Genius Curly Hair Tips And Styles\" rel=\"nofollow noopener\" target=\"_blank\"> <\/a><\/div><\/div><figcaption class=\"wp-element-caption\">@<a href=\"https:\/\/www.instagram.com\/curlyupdos\/\" target=\"_blank\" rel=\"noreferrer noopener nofollow\">curlyupdos<\/a><\/figcaption><\/figure>\n<\/div>\n\n\n<p>Se est\u00e1 \u00e0 procura de um penteado elegante, nunca pode errar com p\u00e3ezinhos desarrumados. Gosto da forma como estes p\u00e3es desarrumados em carac\u00f3is parecem flores feitas de cabelo. Al\u00e9m disso, n\u00e3o se esque\u00e7a de puxar algumas pe\u00e7as \u00e0 volta da linha do cabelo. <\/p>\n\n\n\n<h3 class=\"wp-block-heading\">29. Carac\u00f3is prateados para mulheres com mais de 50 anos<\/h3>\n\n\n<div class=\"wp-block-image\">\n<figure class=\"aligncenter size-full\"><div style=\"position: relative;\"><noscript><img loading=\"lazy\" decoding=\"async\" width=\"1080\" height=\"1350\" src=\"https:\/\/flawlesshair.com\/wp-content\/uploads\/2023\/11\/silver-curls-for-women-over-50.jpg\" alt=\"carac\u00f3is prateados para mulheres com mais de 50 anos\" class=\"wp-image-30663\" srcset=\"https:\/\/flawlesshair.com\/wp-content\/uploads\/2023\/11\/silver-curls-for-women-over-50.jpg 1080w, https:\/\/flawlesshair.com\/wp-content\/uploads\/2023\/11\/silver-curls-for-women-over-50-240x300.jpg 240w, https:\/\/flawlesshair.com\/wp-content\/uploads\/2023\/11\/silver-curls-for-women-over-50-768x960.jpg 768w, https:\/\/flawlesshair.com\/wp-content\/uploads\/2023\/11\/silver-curls-for-women-over-50-10x12.jpg 10w, https:\/\/flawlesshair.com\/wp-content\/uploads\/2023\/11\/silver-curls-for-women-over-50-864x1080.jpg 864w, https:\/\/flawlesshair.com\/wp-content\/uploads\/2023\/11\/silver-curls-for-women-over-50-960x1200.jpg 960w, https:\/\/flawlesshair.com\/wp-content\/uploads\/2023\/11\/silver-curls-for-women-over-50-150x188.jpg 150w\" sizes=\"auto, (max-width: 760px) calc(100vw - 24px), 720px\"><\/noscript><img loading=\"lazy\" decoding=\"async\" width=\"1080\" height=\"1350\" src=\"https:\/\/flawlesshair.com\/wp-content\/uploads\/2023\/11\/silver-curls-for-women-over-50.jpg\" alt=\"carac\u00f3is prateados para mulheres com mais de 50 anos\" class=\"wp-image-30663 lazyload\" srcset=\"https:\/\/flawlesshair.com\/wp-content\/uploads\/2023\/11\/silver-curls-for-women-over-50.jpg 1080w, https:\/\/flawlesshair.com\/wp-content\/uploads\/2023\/11\/silver-curls-for-women-over-50-240x300.jpg 240w, https:\/\/flawlesshair.com\/wp-content\/uploads\/2023\/11\/silver-curls-for-women-over-50-768x960.jpg 768w, https:\/\/flawlesshair.com\/wp-content\/uploads\/2023\/11\/silver-curls-for-women-over-50-10x12.jpg 10w, https:\/\/flawlesshair.com\/wp-content\/uploads\/2023\/11\/silver-curls-for-women-over-50-864x1080.jpg 864w, https:\/\/flawlesshair.com\/wp-content\/uploads\/2023\/11\/silver-curls-for-women-over-50-960x1200.jpg 960w, https:\/\/flawlesshair.com\/wp-content\/uploads\/2023\/11\/silver-curls-for-women-over-50-150x188.jpg 150w\" sizes=\"auto, (max-width: 760px) calc(100vw - 24px), 720px\" data-pin-media=\"https:\/\/flawlesshair.com\/wp-content\/uploads\/2023\/11\/silver-curls-for-women-over-50.jpg\" id=\"mv-trellis-img-41\" data-trellis-processed=\"1\"><div style=\"position: absolute; top: 0.5rem; right: 0.75rem;\"> <a href=\"https:\/\/www.pinterest.com\/pin\/create\/button\/\" data-pin-do=\"buttonPin\" data-pin-tall=\"true\" data-pin-url=\"https:\/\/flawlesshair.com\/pt\/ideias-para-cabelos-encaracolados\/\" data-pin-media=\"https:\/\/flawlesshair.com\/wp-content\/uploads\/2023\/11\/silver-curls-for-women-over-50.jpg\" data-pin-description=\"Get Perfect Curls With These Genius Curly Hair Tips And Styles\" rel=\"nofollow noopener\" target=\"_blank\"> <\/a><\/div><\/div><figcaption class=\"wp-element-caption\">@<a href=\"https:\/\/www.instagram.com\/novaperruquers\/\" target=\"_blank\" rel=\"noreferrer noopener nofollow\">novosperruques<\/a><\/figcaption><\/figure>\n<\/div>\n\n\n<p>O tom prateado \u00e9 um dos melhores <a href=\"https:\/\/flawlesshair.com\/pt\/cabelo-encaracolado-mulheres-com-mais-de-50-anos\/\">penteados encaracolados para mulheres com mais de 50 anos<\/a> porque combina na perfei\u00e7\u00e3o com o cabelo grisalho, ao mesmo tempo que lhe d\u00e1 aquele ar et\u00e9reo. Para al\u00e9m disso, pode exibir um crescimento de aspeto natural literalmente para sempre. <\/p>\n\n\n\n<h3 class=\"wp-block-heading\">30. Tran\u00e7as sem n\u00f3 com carac\u00f3is <\/h3>\n\n\n<div class=\"wp-block-image\">\n<figure class=\"aligncenter size-full\"><div style=\"position: relative;\"><noscript><img loading=\"lazy\" decoding=\"async\" width=\"1080\" height=\"1346\" src=\"https:\/\/flawlesshair.com\/wp-content\/uploads\/2023\/11\/knotless-braid-hairstyle.jpg\" alt=\"penteado com tran\u00e7a sem n\u00f3\" class=\"wp-image-30651\" srcset=\"https:\/\/flawlesshair.com\/wp-content\/uploads\/2023\/11\/knotless-braid-hairstyle.jpg 1080w, https:\/\/flawlesshair.com\/wp-content\/uploads\/2023\/11\/knotless-braid-hairstyle-241x300.jpg 241w, https:\/\/flawlesshair.com\/wp-content\/uploads\/2023\/11\/knotless-braid-hairstyle-768x957.jpg 768w, https:\/\/flawlesshair.com\/wp-content\/uploads\/2023\/11\/knotless-braid-hairstyle-10x12.jpg 10w, https:\/\/flawlesshair.com\/wp-content\/uploads\/2023\/11\/knotless-braid-hairstyle-770x960.jpg 770w, https:\/\/flawlesshair.com\/wp-content\/uploads\/2023\/11\/knotless-braid-hairstyle-867x1080.jpg 867w, https:\/\/flawlesshair.com\/wp-content\/uploads\/2023\/11\/knotless-braid-hairstyle-963x1200.jpg 963w, https:\/\/flawlesshair.com\/wp-content\/uploads\/2023\/11\/knotless-braid-hairstyle-150x187.jpg 150w\" sizes=\"auto, (max-width: 760px) calc(100vw - 24px), 720px\"><\/noscript><img loading=\"lazy\" decoding=\"async\" width=\"1080\" height=\"1346\" src=\"https:\/\/flawlesshair.com\/wp-content\/uploads\/2023\/11\/knotless-braid-hairstyle.jpg\" alt=\"penteado com tran\u00e7a sem n\u00f3\" class=\"wp-image-30651 lazyload\" srcset=\"https:\/\/flawlesshair.com\/wp-content\/uploads\/2023\/11\/knotless-braid-hairstyle.jpg 1080w, https:\/\/flawlesshair.com\/wp-content\/uploads\/2023\/11\/knotless-braid-hairstyle-241x300.jpg 241w, https:\/\/flawlesshair.com\/wp-content\/uploads\/2023\/11\/knotless-braid-hairstyle-768x957.jpg 768w, https:\/\/flawlesshair.com\/wp-content\/uploads\/2023\/11\/knotless-braid-hairstyle-10x12.jpg 10w, https:\/\/flawlesshair.com\/wp-content\/uploads\/2023\/11\/knotless-braid-hairstyle-770x960.jpg 770w, https:\/\/flawlesshair.com\/wp-content\/uploads\/2023\/11\/knotless-braid-hairstyle-867x1080.jpg 867w, https:\/\/flawlesshair.com\/wp-content\/uploads\/2023\/11\/knotless-braid-hairstyle-963x1200.jpg 963w, https:\/\/flawlesshair.com\/wp-content\/uploads\/2023\/11\/knotless-braid-hairstyle-150x187.jpg 150w\" sizes=\"auto, (max-width: 760px) calc(100vw - 24px), 720px\" data-pin-media=\"https:\/\/flawlesshair.com\/wp-content\/uploads\/2023\/11\/knotless-braid-hairstyle.jpg\" id=\"mv-trellis-img-42\" data-trellis-processed=\"1\"><div style=\"position: absolute; top: 0.5rem; right: 0.75rem;\"> <a href=\"https:\/\/www.pinterest.com\/pin\/create\/button\/\" data-pin-do=\"buttonPin\" data-pin-tall=\"true\" data-pin-url=\"https:\/\/flawlesshair.com\/pt\/ideias-para-cabelos-encaracolados\/\" data-pin-media=\"https:\/\/flawlesshair.com\/wp-content\/uploads\/2023\/11\/knotless-braid-hairstyle.jpg\" data-pin-description=\"Get Perfect Curls With These Genius Curly Hair Tips And Styles\" rel=\"nofollow noopener\" target=\"_blank\"> <\/a><\/div><\/div><figcaption class=\"wp-element-caption\">@<a href=\"https:\/\/www.instagram.com\/africansbraid\/\" target=\"_blank\" rel=\"noreferrer noopener nofollow\">tran\u00e7a africana<\/a><\/figcaption><\/figure>\n<\/div>\n\n\n<p>As tran\u00e7as sem n\u00f3s s\u00e3o basicamente tran\u00e7as em caixa instaladas utilizando uma t\u00e9cnica diferente para diminuir a tens\u00e3o no couro cabeludo. A tran\u00e7a sem n\u00f3s come\u00e7a na raiz com o seu cabelo natural e \u00e9 gradualmente misturada com a extens\u00e3o de cabelo \u00e0 medida que a tran\u00e7a continua. O resultado \u00e9 um penteado entran\u00e7ado elegante e de aspeto natural!  <\/p>\n\n\n\n<h3 class=\"wp-block-heading\">31. Cabelo encaracolado solto com camadas de sereia em cascata<\/h3>\n\n\n<div class=\"wp-block-image\">\n<figure class=\"aligncenter size-full\"><div style=\"position: relative;\"><noscript><img loading=\"lazy\" decoding=\"async\" width=\"1080\" height=\"1080\" src=\"https:\/\/flawlesshair.com\/wp-content\/uploads\/2023\/11\/wavy-hair-with-cascading-mermaid-layers.jpg\" alt=\"cabelo ondulado com camadas sereia em cascata\" class=\"wp-image-30666\" srcset=\"https:\/\/flawlesshair.com\/wp-content\/uploads\/2023\/11\/wavy-hair-with-cascading-mermaid-layers.jpg 1080w, https:\/\/flawlesshair.com\/wp-content\/uploads\/2023\/11\/wavy-hair-with-cascading-mermaid-layers-300x300.jpg 300w, https:\/\/flawlesshair.com\/wp-content\/uploads\/2023\/11\/wavy-hair-with-cascading-mermaid-layers-150x150.jpg 150w, https:\/\/flawlesshair.com\/wp-content\/uploads\/2023\/11\/wavy-hair-with-cascading-mermaid-layers-768x768.jpg 768w, https:\/\/flawlesshair.com\/wp-content\/uploads\/2023\/11\/wavy-hair-with-cascading-mermaid-layers-12x12.jpg 12w, https:\/\/flawlesshair.com\/wp-content\/uploads\/2023\/11\/wavy-hair-with-cascading-mermaid-layers-728x728.jpg 728w, https:\/\/flawlesshair.com\/wp-content\/uploads\/2023\/11\/wavy-hair-with-cascading-mermaid-layers-960x960.jpg 960w, https:\/\/flawlesshair.com\/wp-content\/uploads\/2023\/11\/wavy-hair-with-cascading-mermaid-layers-96x96.jpg 96w\" sizes=\"auto, (max-width: 760px) calc(100vw - 24px), 720px\"><\/noscript><img loading=\"lazy\" decoding=\"async\" width=\"1080\" height=\"1080\" src=\"https:\/\/flawlesshair.com\/wp-content\/uploads\/2023\/11\/wavy-hair-with-cascading-mermaid-layers.jpg\" alt=\"cabelo ondulado com camadas sereia em cascata\" class=\"wp-image-30666 lazyload\" srcset=\"https:\/\/flawlesshair.com\/wp-content\/uploads\/2023\/11\/wavy-hair-with-cascading-mermaid-layers.jpg 1080w, https:\/\/flawlesshair.com\/wp-content\/uploads\/2023\/11\/wavy-hair-with-cascading-mermaid-layers-300x300.jpg 300w, https:\/\/flawlesshair.com\/wp-content\/uploads\/2023\/11\/wavy-hair-with-cascading-mermaid-layers-150x150.jpg 150w, https:\/\/flawlesshair.com\/wp-content\/uploads\/2023\/11\/wavy-hair-with-cascading-mermaid-layers-768x768.jpg 768w, https:\/\/flawlesshair.com\/wp-content\/uploads\/2023\/11\/wavy-hair-with-cascading-mermaid-layers-12x12.jpg 12w, https:\/\/flawlesshair.com\/wp-content\/uploads\/2023\/11\/wavy-hair-with-cascading-mermaid-layers-728x728.jpg 728w, https:\/\/flawlesshair.com\/wp-content\/uploads\/2023\/11\/wavy-hair-with-cascading-mermaid-layers-960x960.jpg 960w, https:\/\/flawlesshair.com\/wp-content\/uploads\/2023\/11\/wavy-hair-with-cascading-mermaid-layers-96x96.jpg 96w\" sizes=\"auto, (max-width: 760px) calc(100vw - 24px), 720px\" data-pin-media=\"https:\/\/flawlesshair.com\/wp-content\/uploads\/2023\/11\/wavy-hair-with-cascading-mermaid-layers.jpg\" id=\"mv-trellis-img-43\" data-trellis-processed=\"1\"><div style=\"position: absolute; top: 0.5rem; right: 0.75rem;\"> <a href=\"https:\/\/www.pinterest.com\/pin\/create\/button\/\" data-pin-do=\"buttonPin\" data-pin-tall=\"true\" data-pin-url=\"https:\/\/flawlesshair.com\/pt\/ideias-para-cabelos-encaracolados\/\" data-pin-media=\"https:\/\/flawlesshair.com\/wp-content\/uploads\/2023\/11\/wavy-hair-with-cascading-mermaid-layers.jpg\" data-pin-description=\"Get Perfect Curls With These Genius Curly Hair Tips And Styles\" rel=\"nofollow noopener\" target=\"_blank\"> <\/a><\/div><\/div><figcaption class=\"wp-element-caption\">@<a href=\"https:\/\/www.instagram.com\/victoria.hairart\/\" target=\"_blank\" rel=\"noreferrer noopener nofollow\">victoria.hairart<\/a><\/figcaption><\/figure>\n<\/div>\n\n\n<p>Os cortes de cabelo em camadas podem fazer maravilhas aos cabelos finos e magros <a href=\"https:\/\/flawlesshair.com\/pt\/penteados-compridos-e-encaracolados\/\">penteados compridos e encaracolados<\/a>. Estas camadas sereias em cascata criam uma ilus\u00e3o de cabelo mais cheio e fazem lembrar o look de praia e despreocupado.<\/p>\n\n\n\n<h3 class=\"wp-block-heading\">32. Carac\u00f3is encaracolados<\/h3>\n\n\n<div class=\"wp-block-image\">\n<figure class=\"aligncenter size-full\"><div style=\"position: relative;\"><noscript><img loading=\"lazy\" decoding=\"async\" width=\"1080\" height=\"1080\" src=\"https:\/\/flawlesshair.com\/wp-content\/uploads\/2023\/11\/sleek-n-curly-hairstyle.jpg\" alt=\"cabelo encaracolado\" class=\"wp-image-30664\" srcset=\"https:\/\/flawlesshair.com\/wp-content\/uploads\/2023\/11\/sleek-n-curly-hairstyle.jpg 1080w, https:\/\/flawlesshair.com\/wp-content\/uploads\/2023\/11\/sleek-n-curly-hairstyle-300x300.jpg 300w, https:\/\/flawlesshair.com\/wp-content\/uploads\/2023\/11\/sleek-n-curly-hairstyle-150x150.jpg 150w, https:\/\/flawlesshair.com\/wp-content\/uploads\/2023\/11\/sleek-n-curly-hairstyle-768x768.jpg 768w, https:\/\/flawlesshair.com\/wp-content\/uploads\/2023\/11\/sleek-n-curly-hairstyle-12x12.jpg 12w, https:\/\/flawlesshair.com\/wp-content\/uploads\/2023\/11\/sleek-n-curly-hairstyle-728x728.jpg 728w, https:\/\/flawlesshair.com\/wp-content\/uploads\/2023\/11\/sleek-n-curly-hairstyle-960x960.jpg 960w, https:\/\/flawlesshair.com\/wp-content\/uploads\/2023\/11\/sleek-n-curly-hairstyle-96x96.jpg 96w\" sizes=\"auto, (max-width: 760px) calc(100vw - 24px), 720px\"><\/noscript><img loading=\"lazy\" decoding=\"async\" width=\"1080\" height=\"1080\" src=\"https:\/\/flawlesshair.com\/wp-content\/uploads\/2023\/11\/sleek-n-curly-hairstyle.jpg\" alt=\"cabelo encaracolado\" class=\"wp-image-30664 lazyload\" srcset=\"https:\/\/flawlesshair.com\/wp-content\/uploads\/2023\/11\/sleek-n-curly-hairstyle.jpg 1080w, https:\/\/flawlesshair.com\/wp-content\/uploads\/2023\/11\/sleek-n-curly-hairstyle-300x300.jpg 300w, https:\/\/flawlesshair.com\/wp-content\/uploads\/2023\/11\/sleek-n-curly-hairstyle-150x150.jpg 150w, https:\/\/flawlesshair.com\/wp-content\/uploads\/2023\/11\/sleek-n-curly-hairstyle-768x768.jpg 768w, https:\/\/flawlesshair.com\/wp-content\/uploads\/2023\/11\/sleek-n-curly-hairstyle-12x12.jpg 12w, https:\/\/flawlesshair.com\/wp-content\/uploads\/2023\/11\/sleek-n-curly-hairstyle-728x728.jpg 728w, https:\/\/flawlesshair.com\/wp-content\/uploads\/2023\/11\/sleek-n-curly-hairstyle-960x960.jpg 960w, https:\/\/flawlesshair.com\/wp-content\/uploads\/2023\/11\/sleek-n-curly-hairstyle-96x96.jpg 96w\" sizes=\"auto, (max-width: 760px) calc(100vw - 24px), 720px\" data-pin-media=\"https:\/\/flawlesshair.com\/wp-content\/uploads\/2023\/11\/sleek-n-curly-hairstyle.jpg\" id=\"mv-trellis-img-44\" data-trellis-processed=\"1\"><div style=\"position: absolute; top: 0.5rem; right: 0.75rem;\"> <a href=\"https:\/\/www.pinterest.com\/pin\/create\/button\/\" data-pin-do=\"buttonPin\" data-pin-tall=\"true\" data-pin-url=\"https:\/\/flawlesshair.com\/pt\/ideias-para-cabelos-encaracolados\/\" data-pin-media=\"https:\/\/flawlesshair.com\/wp-content\/uploads\/2023\/11\/sleek-n-curly-hairstyle.jpg\" data-pin-description=\"Get Perfect Curls With These Genius Curly Hair Tips And Styles\" rel=\"nofollow noopener\" target=\"_blank\"> <\/a><\/div><\/div><figcaption class=\"wp-element-caption\">@<a href=\"https:\/\/www.instagram.com\/katahlia.blue\/\" target=\"_blank\" rel=\"noreferrer noopener nofollow\">katahlia.blue<\/a><\/figcaption><\/figure>\n<\/div>\n\n\n<p>Tal como o nome indica, um frohawk \u00e9 um tipo de penteado moicano com cabelo de textura afro. A parte elegante deste penteado \u00fanico ajuda a criar ainda mais volume e acentua a textura dos carac\u00f3is. <\/p>\n\n\n\n<h3 class=\"wp-block-heading\">33. Meio-cabe\u00e7a e meio-cabe\u00e7a encaracolado e elegante<\/h3>\n\n\n<div class=\"wp-block-image\">\n<figure class=\"aligncenter size-full\"><div style=\"position: relative;\"><noscript><img loading=\"lazy\" decoding=\"async\" width=\"1080\" height=\"1247\" src=\"https:\/\/flawlesshair.com\/wp-content\/uploads\/2023\/11\/sleek-n-curly-half-up-half-down.jpg\" alt=\"elegante e encaracolado meio para cima meio para baixo\" class=\"wp-image-30665\" srcset=\"https:\/\/flawlesshair.com\/wp-content\/uploads\/2023\/11\/sleek-n-curly-half-up-half-down.jpg 1080w, https:\/\/flawlesshair.com\/wp-content\/uploads\/2023\/11\/sleek-n-curly-half-up-half-down-260x300.jpg 260w, https:\/\/flawlesshair.com\/wp-content\/uploads\/2023\/11\/sleek-n-curly-half-up-half-down-768x887.jpg 768w, https:\/\/flawlesshair.com\/wp-content\/uploads\/2023\/11\/sleek-n-curly-half-up-half-down-10x12.jpg 10w, https:\/\/flawlesshair.com\/wp-content\/uploads\/2023\/11\/sleek-n-curly-half-up-half-down-831x960.jpg 831w, https:\/\/flawlesshair.com\/wp-content\/uploads\/2023\/11\/sleek-n-curly-half-up-half-down-935x1080.jpg 935w, https:\/\/flawlesshair.com\/wp-content\/uploads\/2023\/11\/sleek-n-curly-half-up-half-down-1039x1200.jpg 1039w, https:\/\/flawlesshair.com\/wp-content\/uploads\/2023\/11\/sleek-n-curly-half-up-half-down-150x173.jpg 150w\" sizes=\"auto, (max-width: 760px) calc(100vw - 24px), 720px\"><\/noscript><img loading=\"lazy\" decoding=\"async\" width=\"1080\" height=\"1247\" src=\"https:\/\/flawlesshair.com\/wp-content\/uploads\/2023\/11\/sleek-n-curly-half-up-half-down.jpg\" alt=\"elegante e encaracolado meio para cima meio para baixo\" class=\"wp-image-30665 lazyload\" srcset=\"https:\/\/flawlesshair.com\/wp-content\/uploads\/2023\/11\/sleek-n-curly-half-up-half-down.jpg 1080w, https:\/\/flawlesshair.com\/wp-content\/uploads\/2023\/11\/sleek-n-curly-half-up-half-down-260x300.jpg 260w, https:\/\/flawlesshair.com\/wp-content\/uploads\/2023\/11\/sleek-n-curly-half-up-half-down-768x887.jpg 768w, https:\/\/flawlesshair.com\/wp-content\/uploads\/2023\/11\/sleek-n-curly-half-up-half-down-10x12.jpg 10w, https:\/\/flawlesshair.com\/wp-content\/uploads\/2023\/11\/sleek-n-curly-half-up-half-down-831x960.jpg 831w, https:\/\/flawlesshair.com\/wp-content\/uploads\/2023\/11\/sleek-n-curly-half-up-half-down-935x1080.jpg 935w, https:\/\/flawlesshair.com\/wp-content\/uploads\/2023\/11\/sleek-n-curly-half-up-half-down-1039x1200.jpg 1039w, https:\/\/flawlesshair.com\/wp-content\/uploads\/2023\/11\/sleek-n-curly-half-up-half-down-150x173.jpg 150w\" sizes=\"auto, (max-width: 760px) calc(100vw - 24px), 720px\" data-pin-media=\"https:\/\/flawlesshair.com\/wp-content\/uploads\/2023\/11\/sleek-n-curly-half-up-half-down.jpg\" id=\"mv-trellis-img-45\" data-trellis-processed=\"1\"><div style=\"position: absolute; top: 0.5rem; right: 0.75rem;\"> <a href=\"https:\/\/www.pinterest.com\/pin\/create\/button\/\" data-pin-do=\"buttonPin\" data-pin-tall=\"true\" data-pin-url=\"https:\/\/flawlesshair.com\/pt\/ideias-para-cabelos-encaracolados\/\" data-pin-media=\"https:\/\/flawlesshair.com\/wp-content\/uploads\/2023\/11\/sleek-n-curly-half-up-half-down.jpg\" data-pin-description=\"Get Perfect Curls With These Genius Curly Hair Tips And Styles\" rel=\"nofollow noopener\" target=\"_blank\"> <\/a><\/div><\/div><figcaption class=\"wp-element-caption\">@<a href=\"https:\/\/www.instagram.com\/curly_bliss\/\" target=\"_blank\" rel=\"noreferrer noopener nofollow\">felicidade_cacheada<\/a><\/figcaption><\/figure>\n<\/div>\n\n\n<p>Dividida entre elegante e encaracolado? Bem, pode sempre escolher elegante e encaracolado! A parte lisa do seu cabelo acentuar\u00e1 as suas fei\u00e7\u00f5es e far\u00e1 com que a parte encaracolada pare\u00e7a mais sofisticada. Que del\u00edcia!<\/p>\n\n\n\n<h3 class=\"wp-block-heading\">34. Carac\u00f3is de Bronde<\/h3>\n\n\n<div class=\"wp-block-image\">\n<figure class=\"aligncenter size-full\"><div style=\"position: relative;\"><noscript><img loading=\"lazy\" decoding=\"async\" width=\"1080\" height=\"1349\" src=\"https:\/\/flawlesshair.com\/wp-content\/uploads\/2023\/11\/blonde-hair.jpg\" alt=\"cabelo castanho louro encaracolado\" class=\"wp-image-30643\" srcset=\"https:\/\/flawlesshair.com\/wp-content\/uploads\/2023\/11\/blonde-hair.jpg 1080w, https:\/\/flawlesshair.com\/wp-content\/uploads\/2023\/11\/blonde-hair-240x300.jpg 240w, https:\/\/flawlesshair.com\/wp-content\/uploads\/2023\/11\/blonde-hair-768x959.jpg 768w, https:\/\/flawlesshair.com\/wp-content\/uploads\/2023\/11\/blonde-hair-10x12.jpg 10w, https:\/\/flawlesshair.com\/wp-content\/uploads\/2023\/11\/blonde-hair-769x960.jpg 769w, https:\/\/flawlesshair.com\/wp-content\/uploads\/2023\/11\/blonde-hair-865x1080.jpg 865w, https:\/\/flawlesshair.com\/wp-content\/uploads\/2023\/11\/blonde-hair-961x1200.jpg 961w, https:\/\/flawlesshair.com\/wp-content\/uploads\/2023\/11\/blonde-hair-150x187.jpg 150w\" sizes=\"auto, (max-width: 760px) calc(100vw - 24px), 720px\"><\/noscript><img loading=\"lazy\" decoding=\"async\" width=\"1080\" height=\"1349\" src=\"https:\/\/flawlesshair.com\/wp-content\/uploads\/2023\/11\/blonde-hair.jpg\" alt=\"cabelo castanho louro encaracolado\" class=\"wp-image-30643 lazyload\" srcset=\"https:\/\/flawlesshair.com\/wp-content\/uploads\/2023\/11\/blonde-hair.jpg 1080w, https:\/\/flawlesshair.com\/wp-content\/uploads\/2023\/11\/blonde-hair-240x300.jpg 240w, https:\/\/flawlesshair.com\/wp-content\/uploads\/2023\/11\/blonde-hair-768x959.jpg 768w, https:\/\/flawlesshair.com\/wp-content\/uploads\/2023\/11\/blonde-hair-10x12.jpg 10w, https:\/\/flawlesshair.com\/wp-content\/uploads\/2023\/11\/blonde-hair-769x960.jpg 769w, https:\/\/flawlesshair.com\/wp-content\/uploads\/2023\/11\/blonde-hair-865x1080.jpg 865w, https:\/\/flawlesshair.com\/wp-content\/uploads\/2023\/11\/blonde-hair-961x1200.jpg 961w, https:\/\/flawlesshair.com\/wp-content\/uploads\/2023\/11\/blonde-hair-150x187.jpg 150w\" sizes=\"auto, (max-width: 760px) calc(100vw - 24px), 720px\" data-pin-media=\"https:\/\/flawlesshair.com\/wp-content\/uploads\/2023\/11\/blonde-hair.jpg\" id=\"mv-trellis-img-46\" data-trellis-processed=\"1\"><div style=\"position: absolute; top: 0.5rem; right: 0.75rem;\"> <a href=\"https:\/\/www.pinterest.com\/pin\/create\/button\/\" data-pin-do=\"buttonPin\" data-pin-tall=\"true\" data-pin-url=\"https:\/\/flawlesshair.com\/pt\/ideias-para-cabelos-encaracolados\/\" data-pin-media=\"https:\/\/flawlesshair.com\/wp-content\/uploads\/2023\/11\/blonde-hair.jpg\" data-pin-description=\"Get Perfect Curls With These Genius Curly Hair Tips And Styles\" rel=\"nofollow noopener\" target=\"_blank\"> <\/a><\/div><\/div><figcaption class=\"wp-element-caption\">@<a href=\"https:\/\/www.instagram.com\/lolowood_\/\" target=\"_blank\" rel=\"noreferrer noopener nofollow\">lolowood_<\/a><\/figcaption><\/figure>\n<\/div>\n\n\n<p>Bronde \u00e9 a nova loira! Tamb\u00e9m conhecido como loiro acastanhado, o bronde \u00e9 um tom loiro quente que fica melhor em tons de pele claros e m\u00e9dios. Esta tonalidade et\u00e9rea faz justi\u00e7a ao cabelo encaracolado. <\/p>\n\n\n\n<h3 class=\"wp-block-heading\">35. Carac\u00f3is loiros suaves com madeixas cor-de-rosa pastel<\/h3>\n\n\n<div class=\"wp-block-image\">\n<figure class=\"aligncenter size-full\"><div style=\"position: relative;\"><noscript><img loading=\"lazy\" decoding=\"async\" width=\"1080\" height=\"1202\" src=\"https:\/\/flawlesshair.com\/wp-content\/uploads\/2023\/11\/short-blonde-hair-with-pastel-pink-highlights.jpg\" alt=\"cabelo louro encaracolado curto com madeixas cor-de-rosa pastel\" class=\"wp-image-30662\" srcset=\"https:\/\/flawlesshair.com\/wp-content\/uploads\/2023\/11\/short-blonde-hair-with-pastel-pink-highlights.jpg 1080w, https:\/\/flawlesshair.com\/wp-content\/uploads\/2023\/11\/short-blonde-hair-with-pastel-pink-highlights-270x300.jpg 270w, https:\/\/flawlesshair.com\/wp-content\/uploads\/2023\/11\/short-blonde-hair-with-pastel-pink-highlights-768x855.jpg 768w, https:\/\/flawlesshair.com\/wp-content\/uploads\/2023\/11\/short-blonde-hair-with-pastel-pink-highlights-11x12.jpg 11w, https:\/\/flawlesshair.com\/wp-content\/uploads\/2023\/11\/short-blonde-hair-with-pastel-pink-highlights-863x960.jpg 863w, https:\/\/flawlesshair.com\/wp-content\/uploads\/2023\/11\/short-blonde-hair-with-pastel-pink-highlights-970x1080.jpg 970w, https:\/\/flawlesshair.com\/wp-content\/uploads\/2023\/11\/short-blonde-hair-with-pastel-pink-highlights-1078x1200.jpg 1078w, https:\/\/flawlesshair.com\/wp-content\/uploads\/2023\/11\/short-blonde-hair-with-pastel-pink-highlights-150x167.jpg 150w\" sizes=\"auto, (max-width: 760px) calc(100vw - 24px), 720px\"><\/noscript><img loading=\"lazy\" decoding=\"async\" width=\"1080\" height=\"1202\" src=\"https:\/\/flawlesshair.com\/wp-content\/uploads\/2023\/11\/short-blonde-hair-with-pastel-pink-highlights.jpg\" alt=\"cabelo louro encaracolado curto com madeixas cor-de-rosa pastel\" class=\"wp-image-30662 lazyload\" srcset=\"https:\/\/flawlesshair.com\/wp-content\/uploads\/2023\/11\/short-blonde-hair-with-pastel-pink-highlights.jpg 1080w, https:\/\/flawlesshair.com\/wp-content\/uploads\/2023\/11\/short-blonde-hair-with-pastel-pink-highlights-270x300.jpg 270w, https:\/\/flawlesshair.com\/wp-content\/uploads\/2023\/11\/short-blonde-hair-with-pastel-pink-highlights-768x855.jpg 768w, https:\/\/flawlesshair.com\/wp-content\/uploads\/2023\/11\/short-blonde-hair-with-pastel-pink-highlights-11x12.jpg 11w, https:\/\/flawlesshair.com\/wp-content\/uploads\/2023\/11\/short-blonde-hair-with-pastel-pink-highlights-863x960.jpg 863w, https:\/\/flawlesshair.com\/wp-content\/uploads\/2023\/11\/short-blonde-hair-with-pastel-pink-highlights-970x1080.jpg 970w, https:\/\/flawlesshair.com\/wp-content\/uploads\/2023\/11\/short-blonde-hair-with-pastel-pink-highlights-1078x1200.jpg 1078w, https:\/\/flawlesshair.com\/wp-content\/uploads\/2023\/11\/short-blonde-hair-with-pastel-pink-highlights-150x167.jpg 150w\" sizes=\"auto, (max-width: 760px) calc(100vw - 24px), 720px\" data-pin-media=\"https:\/\/flawlesshair.com\/wp-content\/uploads\/2023\/11\/short-blonde-hair-with-pastel-pink-highlights.jpg\" id=\"mv-trellis-img-47\" data-trellis-processed=\"1\"><div style=\"position: absolute; top: 0.5rem; right: 0.75rem;\"> <a href=\"https:\/\/www.pinterest.com\/pin\/create\/button\/\" data-pin-do=\"buttonPin\" data-pin-tall=\"true\" data-pin-url=\"https:\/\/flawlesshair.com\/pt\/ideias-para-cabelos-encaracolados\/\" data-pin-media=\"https:\/\/flawlesshair.com\/wp-content\/uploads\/2023\/11\/short-blonde-hair-with-pastel-pink-highlights.jpg\" data-pin-description=\"Get Perfect Curls With These Genius Curly Hair Tips And Styles\" rel=\"nofollow noopener\" target=\"_blank\"> <\/a><\/div><\/div><figcaption class=\"wp-element-caption\">@<a href=\"https:\/\/www.instagram.com\/styled_by_carolynn\/\" target=\"_blank\" rel=\"noreferrer noopener nofollow\">por_carolynn<\/a><\/figcaption><\/figure>\n<\/div>\n\n\n<p>Est\u00e1 a sentir-se art\u00edstica? As madeixas cor-de-rosa pastel criam a ilus\u00e3o de mais profundidade e volume num cabelo louro. Esta \u00e9 uma das combina\u00e7\u00f5es art\u00edsticas mais impressionantes que existem!<\/p>\n\n\n\n<h3 class=\"wp-block-heading\">36. Bob empilhado cobre intenso<\/h3>\n\n\n<div class=\"wp-block-image\">\n<figure class=\"aligncenter size-full is-resized\"><div style=\"position: relative;\"><noscript><img loading=\"lazy\" decoding=\"async\" width=\"1080\" height=\"1350\" src=\"https:\/\/flawlesshair.com\/wp-content\/uploads\/2023\/11\/intense-copper-stacked-bob.jpg\" alt=\"bob empilhado em cobre intenso\" class=\"wp-image-30649\" style=\"width:840px;height:auto\" srcset=\"https:\/\/flawlesshair.com\/wp-content\/uploads\/2023\/11\/intense-copper-stacked-bob.jpg 1080w, https:\/\/flawlesshair.com\/wp-content\/uploads\/2023\/11\/intense-copper-stacked-bob-240x300.jpg 240w, https:\/\/flawlesshair.com\/wp-content\/uploads\/2023\/11\/intense-copper-stacked-bob-768x960.jpg 768w, https:\/\/flawlesshair.com\/wp-content\/uploads\/2023\/11\/intense-copper-stacked-bob-10x12.jpg 10w, https:\/\/flawlesshair.com\/wp-content\/uploads\/2023\/11\/intense-copper-stacked-bob-864x1080.jpg 864w, https:\/\/flawlesshair.com\/wp-content\/uploads\/2023\/11\/intense-copper-stacked-bob-960x1200.jpg 960w, https:\/\/flawlesshair.com\/wp-content\/uploads\/2023\/11\/intense-copper-stacked-bob-150x188.jpg 150w\" sizes=\"auto, (max-width: 760px) calc(100vw - 24px), 720px\"><\/noscript><img loading=\"lazy\" decoding=\"async\" width=\"1080\" height=\"1350\" src=\"https:\/\/flawlesshair.com\/wp-content\/uploads\/2023\/11\/intense-copper-stacked-bob.jpg\" alt=\"bob empilhado em cobre intenso\" class=\"wp-image-30649 lazyload\" style=\"width:840px;height:auto\" srcset=\"https:\/\/flawlesshair.com\/wp-content\/uploads\/2023\/11\/intense-copper-stacked-bob.jpg 1080w, https:\/\/flawlesshair.com\/wp-content\/uploads\/2023\/11\/intense-copper-stacked-bob-240x300.jpg 240w, https:\/\/flawlesshair.com\/wp-content\/uploads\/2023\/11\/intense-copper-stacked-bob-768x960.jpg 768w, https:\/\/flawlesshair.com\/wp-content\/uploads\/2023\/11\/intense-copper-stacked-bob-10x12.jpg 10w, https:\/\/flawlesshair.com\/wp-content\/uploads\/2023\/11\/intense-copper-stacked-bob-864x1080.jpg 864w, https:\/\/flawlesshair.com\/wp-content\/uploads\/2023\/11\/intense-copper-stacked-bob-960x1200.jpg 960w, https:\/\/flawlesshair.com\/wp-content\/uploads\/2023\/11\/intense-copper-stacked-bob-150x188.jpg 150w\" sizes=\"auto, (max-width: 760px) calc(100vw - 24px), 720px\" data-pin-media=\"https:\/\/flawlesshair.com\/wp-content\/uploads\/2023\/11\/intense-copper-stacked-bob.jpg\" id=\"mv-trellis-img-48\" data-trellis-processed=\"1\"><div style=\"position: absolute; top: 0.5rem; right: 0.75rem;\"> <a href=\"https:\/\/www.pinterest.com\/pin\/create\/button\/\" data-pin-do=\"buttonPin\" data-pin-tall=\"true\" data-pin-url=\"https:\/\/flawlesshair.com\/pt\/ideias-para-cabelos-encaracolados\/\" data-pin-media=\"https:\/\/flawlesshair.com\/wp-content\/uploads\/2023\/11\/intense-copper-stacked-bob.jpg\" data-pin-description=\"Get Perfect Curls With These Genius Curly Hair Tips And Styles\" rel=\"nofollow noopener\" target=\"_blank\"> <\/a><\/div><\/div><figcaption class=\"wp-element-caption\">@<a href=\"https:\/\/www.instagram.com\/curlologybymarilyn\/\" target=\"_blank\" rel=\"noreferrer noopener nofollow\">curlologybymarilyn<\/a><\/figcaption><\/figure>\n<\/div>\n\n\n<p>Diga sim ao cabelo encaracolado curto! Tamb\u00e9m conhecido como bob graduado, o bob encaracolado empilhado apresenta camadas angulares na parte de tr\u00e1s que criam um aspeto graduado. Dica profissional: opte por um cobre intenso se quiser real\u00e7ar o seu padr\u00e3o de carac\u00f3is.<\/p>\n\n\n\n<h3 class=\"wp-block-heading\">37. An\u00e9is de cabelo encaracolado preto a jato <\/h3>\n\n\n<div class=\"wp-block-image\">\n<figure class=\"aligncenter size-full\"><div style=\"position: relative;\"><noscript><img loading=\"lazy\" decoding=\"async\" width=\"1080\" height=\"1350\" src=\"https:\/\/flawlesshair.com\/wp-content\/uploads\/2023\/11\/jet-black-curly-ringlets.jpg\" alt=\"an\u00e9is encaracolados pretos\" class=\"wp-image-30650\" srcset=\"https:\/\/flawlesshair.com\/wp-content\/uploads\/2023\/11\/jet-black-curly-ringlets.jpg 1080w, https:\/\/flawlesshair.com\/wp-content\/uploads\/2023\/11\/jet-black-curly-ringlets-240x300.jpg 240w, https:\/\/flawlesshair.com\/wp-content\/uploads\/2023\/11\/jet-black-curly-ringlets-768x960.jpg 768w, https:\/\/flawlesshair.com\/wp-content\/uploads\/2023\/11\/jet-black-curly-ringlets-10x12.jpg 10w, https:\/\/flawlesshair.com\/wp-content\/uploads\/2023\/11\/jet-black-curly-ringlets-864x1080.jpg 864w, https:\/\/flawlesshair.com\/wp-content\/uploads\/2023\/11\/jet-black-curly-ringlets-960x1200.jpg 960w, https:\/\/flawlesshair.com\/wp-content\/uploads\/2023\/11\/jet-black-curly-ringlets-150x188.jpg 150w\" sizes=\"auto, (max-width: 760px) calc(100vw - 24px), 720px\"><\/noscript><img loading=\"lazy\" decoding=\"async\" width=\"1080\" height=\"1350\" src=\"https:\/\/flawlesshair.com\/wp-content\/uploads\/2023\/11\/jet-black-curly-ringlets.jpg\" alt=\"an\u00e9is encaracolados pretos\" class=\"wp-image-30650 lazyload\" srcset=\"https:\/\/flawlesshair.com\/wp-content\/uploads\/2023\/11\/jet-black-curly-ringlets.jpg 1080w, https:\/\/flawlesshair.com\/wp-content\/uploads\/2023\/11\/jet-black-curly-ringlets-240x300.jpg 240w, https:\/\/flawlesshair.com\/wp-content\/uploads\/2023\/11\/jet-black-curly-ringlets-768x960.jpg 768w, https:\/\/flawlesshair.com\/wp-content\/uploads\/2023\/11\/jet-black-curly-ringlets-10x12.jpg 10w, https:\/\/flawlesshair.com\/wp-content\/uploads\/2023\/11\/jet-black-curly-ringlets-864x1080.jpg 864w, https:\/\/flawlesshair.com\/wp-content\/uploads\/2023\/11\/jet-black-curly-ringlets-960x1200.jpg 960w, https:\/\/flawlesshair.com\/wp-content\/uploads\/2023\/11\/jet-black-curly-ringlets-150x188.jpg 150w\" sizes=\"auto, (max-width: 760px) calc(100vw - 24px), 720px\" data-pin-media=\"https:\/\/flawlesshair.com\/wp-content\/uploads\/2023\/11\/jet-black-curly-ringlets.jpg\" id=\"mv-trellis-img-49\" data-trellis-processed=\"1\"><div style=\"position: absolute; top: 0.5rem; right: 0.75rem;\"> <a href=\"https:\/\/www.pinterest.com\/pin\/create\/button\/\" data-pin-do=\"buttonPin\" data-pin-tall=\"true\" data-pin-url=\"https:\/\/flawlesshair.com\/pt\/ideias-para-cabelos-encaracolados\/\" data-pin-media=\"https:\/\/flawlesshair.com\/wp-content\/uploads\/2023\/11\/jet-black-curly-ringlets.jpg\" data-pin-description=\"Get Perfect Curls With These Genius Curly Hair Tips And Styles\" rel=\"nofollow noopener\" target=\"_blank\"> <\/a><\/div><\/div><figcaption class=\"wp-element-caption\">@<a href=\"https:\/\/www.instagram.com\/jesseniaspallet\/\" target=\"_blank\" rel=\"noreferrer noopener nofollow\">jesseniaspallet<\/a><\/figcaption><\/figure>\n<\/div>\n\n\n<p>Imagine o tom mais profundo e escuro de preto. Bem, essa cor \u00e9 conhecida como jet black, e fica fant\u00e1stica em tons de pele claros devido ao belo contraste de extrema escurid\u00e3o e luminosidade. <\/p>\n\n\n\n<h3 class=\"wp-block-heading\">38. Madeixas ruivas brilhantes com madeixas louras<\/h3>\n\n\n<div class=\"wp-block-image\">\n<figure class=\"aligncenter size-full\"><div style=\"position: relative;\"><noscript><img loading=\"lazy\" decoding=\"async\" width=\"1080\" height=\"1080\" src=\"https:\/\/flawlesshair.com\/wp-content\/uploads\/2023\/11\/shiny-red-locks-with-blonde-highlights.jpg\" alt=\"madeixas ruivas brilhantes com madeixas louras\" class=\"wp-image-30661\" srcset=\"https:\/\/flawlesshair.com\/wp-content\/uploads\/2023\/11\/shiny-red-locks-with-blonde-highlights.jpg 1080w, https:\/\/flawlesshair.com\/wp-content\/uploads\/2023\/11\/shiny-red-locks-with-blonde-highlights-300x300.jpg 300w, https:\/\/flawlesshair.com\/wp-content\/uploads\/2023\/11\/shiny-red-locks-with-blonde-highlights-150x150.jpg 150w, https:\/\/flawlesshair.com\/wp-content\/uploads\/2023\/11\/shiny-red-locks-with-blonde-highlights-768x768.jpg 768w, https:\/\/flawlesshair.com\/wp-content\/uploads\/2023\/11\/shiny-red-locks-with-blonde-highlights-12x12.jpg 12w, https:\/\/flawlesshair.com\/wp-content\/uploads\/2023\/11\/shiny-red-locks-with-blonde-highlights-728x728.jpg 728w, https:\/\/flawlesshair.com\/wp-content\/uploads\/2023\/11\/shiny-red-locks-with-blonde-highlights-960x960.jpg 960w, https:\/\/flawlesshair.com\/wp-content\/uploads\/2023\/11\/shiny-red-locks-with-blonde-highlights-96x96.jpg 96w\" sizes=\"auto, (max-width: 760px) calc(100vw - 24px), 720px\"><\/noscript><img loading=\"lazy\" decoding=\"async\" width=\"1080\" height=\"1080\" src=\"https:\/\/flawlesshair.com\/wp-content\/uploads\/2023\/11\/shiny-red-locks-with-blonde-highlights.jpg\" alt=\"madeixas ruivas brilhantes com madeixas louras\" class=\"wp-image-30661 lazyload\" srcset=\"https:\/\/flawlesshair.com\/wp-content\/uploads\/2023\/11\/shiny-red-locks-with-blonde-highlights.jpg 1080w, https:\/\/flawlesshair.com\/wp-content\/uploads\/2023\/11\/shiny-red-locks-with-blonde-highlights-300x300.jpg 300w, https:\/\/flawlesshair.com\/wp-content\/uploads\/2023\/11\/shiny-red-locks-with-blonde-highlights-150x150.jpg 150w, https:\/\/flawlesshair.com\/wp-content\/uploads\/2023\/11\/shiny-red-locks-with-blonde-highlights-768x768.jpg 768w, https:\/\/flawlesshair.com\/wp-content\/uploads\/2023\/11\/shiny-red-locks-with-blonde-highlights-12x12.jpg 12w, https:\/\/flawlesshair.com\/wp-content\/uploads\/2023\/11\/shiny-red-locks-with-blonde-highlights-728x728.jpg 728w, https:\/\/flawlesshair.com\/wp-content\/uploads\/2023\/11\/shiny-red-locks-with-blonde-highlights-960x960.jpg 960w, https:\/\/flawlesshair.com\/wp-content\/uploads\/2023\/11\/shiny-red-locks-with-blonde-highlights-96x96.jpg 96w\" sizes=\"auto, (max-width: 760px) calc(100vw - 24px), 720px\" data-pin-media=\"https:\/\/flawlesshair.com\/wp-content\/uploads\/2023\/11\/shiny-red-locks-with-blonde-highlights.jpg\" id=\"mv-trellis-img-50\" data-trellis-processed=\"1\"><div style=\"position: absolute; top: 0.5rem; right: 0.75rem;\"> <a href=\"https:\/\/www.pinterest.com\/pin\/create\/button\/\" data-pin-do=\"buttonPin\" data-pin-tall=\"true\" data-pin-url=\"https:\/\/flawlesshair.com\/pt\/ideias-para-cabelos-encaracolados\/\" data-pin-media=\"https:\/\/flawlesshair.com\/wp-content\/uploads\/2023\/11\/shiny-red-locks-with-blonde-highlights.jpg\" data-pin-description=\"Get Perfect Curls With These Genius Curly Hair Tips And Styles\" rel=\"nofollow noopener\" target=\"_blank\"> <\/a><\/div><\/div><figcaption class=\"wp-element-caption\">@<a href=\"https:\/\/www.instagram.com\/nualamoreysalon\/\" target=\"_blank\" rel=\"noreferrer noopener nofollow\">nualamoreysalon<\/a><\/figcaption><\/figure>\n<\/div>\n\n\n<p>Se n\u00e3o estiver preparada para mudan\u00e7as dr\u00e1sticas, mas quiser dar um toque especial aos seus carac\u00f3is ruivos, sugiro que adicione madeixas louras para criar profundidade e volume. N\u00e3o se esque\u00e7a de secar o seu cabelo com um difusor para obter carac\u00f3is mais saltitantes!<\/p>\n\n\n\n<h3 class=\"wp-block-heading\">39. Carac\u00f3is altos e maci\u00e7os<\/h3>\n\n\n<div class=\"wp-block-image\">\n<figure class=\"aligncenter size-full\"><div style=\"position: relative;\"><noscript><img loading=\"lazy\" decoding=\"async\" width=\"1080\" height=\"1271\" src=\"https:\/\/flawlesshair.com\/wp-content\/uploads\/2023\/11\/massive-curly-bun.jpg\" alt=\"carrapito alto e maci\u00e7o\" class=\"wp-image-30654\" srcset=\"https:\/\/flawlesshair.com\/wp-content\/uploads\/2023\/11\/massive-curly-bun.jpg 1080w, https:\/\/flawlesshair.com\/wp-content\/uploads\/2023\/11\/massive-curly-bun-255x300.jpg 255w, https:\/\/flawlesshair.com\/wp-content\/uploads\/2023\/11\/massive-curly-bun-768x904.jpg 768w, https:\/\/flawlesshair.com\/wp-content\/uploads\/2023\/11\/massive-curly-bun-10x12.jpg 10w, https:\/\/flawlesshair.com\/wp-content\/uploads\/2023\/11\/massive-curly-bun-816x960.jpg 816w, https:\/\/flawlesshair.com\/wp-content\/uploads\/2023\/11\/massive-curly-bun-918x1080.jpg 918w, https:\/\/flawlesshair.com\/wp-content\/uploads\/2023\/11\/massive-curly-bun-1020x1200.jpg 1020w, https:\/\/flawlesshair.com\/wp-content\/uploads\/2023\/11\/massive-curly-bun-150x177.jpg 150w\" sizes=\"auto, (max-width: 760px) calc(100vw - 24px), 720px\"><\/noscript><img loading=\"lazy\" decoding=\"async\" width=\"1080\" height=\"1271\" src=\"https:\/\/flawlesshair.com\/wp-content\/uploads\/2023\/11\/massive-curly-bun.jpg\" alt=\"carrapito alto e maci\u00e7o\" class=\"wp-image-30654 lazyload\" srcset=\"https:\/\/flawlesshair.com\/wp-content\/uploads\/2023\/11\/massive-curly-bun.jpg 1080w, https:\/\/flawlesshair.com\/wp-content\/uploads\/2023\/11\/massive-curly-bun-255x300.jpg 255w, https:\/\/flawlesshair.com\/wp-content\/uploads\/2023\/11\/massive-curly-bun-768x904.jpg 768w, https:\/\/flawlesshair.com\/wp-content\/uploads\/2023\/11\/massive-curly-bun-10x12.jpg 10w, https:\/\/flawlesshair.com\/wp-content\/uploads\/2023\/11\/massive-curly-bun-816x960.jpg 816w, https:\/\/flawlesshair.com\/wp-content\/uploads\/2023\/11\/massive-curly-bun-918x1080.jpg 918w, https:\/\/flawlesshair.com\/wp-content\/uploads\/2023\/11\/massive-curly-bun-1020x1200.jpg 1020w, https:\/\/flawlesshair.com\/wp-content\/uploads\/2023\/11\/massive-curly-bun-150x177.jpg 150w\" sizes=\"auto, (max-width: 760px) calc(100vw - 24px), 720px\" data-pin-media=\"https:\/\/flawlesshair.com\/wp-content\/uploads\/2023\/11\/massive-curly-bun.jpg\" id=\"mv-trellis-img-51\" data-trellis-processed=\"1\"><div style=\"position: absolute; top: 0.5rem; right: 0.75rem;\"> <a href=\"https:\/\/www.pinterest.com\/pin\/create\/button\/\" data-pin-do=\"buttonPin\" data-pin-tall=\"true\" data-pin-url=\"https:\/\/flawlesshair.com\/pt\/ideias-para-cabelos-encaracolados\/\" data-pin-media=\"https:\/\/flawlesshair.com\/wp-content\/uploads\/2023\/11\/massive-curly-bun.jpg\" data-pin-description=\"Get Perfect Curls With These Genius Curly Hair Tips And Styles\" rel=\"nofollow noopener\" target=\"_blank\"> <\/a><\/div><\/div><figcaption class=\"wp-element-caption\">@<a href=\"https:\/\/www.instagram.com\/thenaturalslife\/\" target=\"_blank\" rel=\"noreferrer noopener nofollow\">a vida natural<\/a><\/figcaption><\/figure>\n<\/div>\n\n\n<p>Este enorme carrapito alto est\u00e1 reservado para quem tem cabelo encaracolado comprido e espesso. \u00c9 uma das melhores formas de prender as suas madeixas e exalar aquele ar de supermodelo sem se esfor\u00e7ar demasiado. A perfei\u00e7\u00e3o.<\/p>\n\n\n\n<h2 class=\"wp-block-heading\">40. Penteado baixo encaracolado com madeixas louras<\/h2>\n\n\n<div class=\"wp-block-image\">\n<figure class=\"aligncenter size-full\"><div style=\"position: relative;\"><noscript><img loading=\"lazy\" decoding=\"async\" width=\"1080\" height=\"1350\" src=\"https:\/\/flawlesshair.com\/wp-content\/uploads\/2023\/11\/low-curly-bun.jpg\" alt=\"carrapito baixo encaracolado com madeixas louras\" class=\"wp-image-30653\" srcset=\"https:\/\/flawlesshair.com\/wp-content\/uploads\/2023\/11\/low-curly-bun.jpg 1080w, https:\/\/flawlesshair.com\/wp-content\/uploads\/2023\/11\/low-curly-bun-240x300.jpg 240w, https:\/\/flawlesshair.com\/wp-content\/uploads\/2023\/11\/low-curly-bun-768x960.jpg 768w, https:\/\/flawlesshair.com\/wp-content\/uploads\/2023\/11\/low-curly-bun-10x12.jpg 10w, https:\/\/flawlesshair.com\/wp-content\/uploads\/2023\/11\/low-curly-bun-864x1080.jpg 864w, https:\/\/flawlesshair.com\/wp-content\/uploads\/2023\/11\/low-curly-bun-960x1200.jpg 960w, https:\/\/flawlesshair.com\/wp-content\/uploads\/2023\/11\/low-curly-bun-150x188.jpg 150w\" sizes=\"auto, (max-width: 760px) calc(100vw - 24px), 720px\"><\/noscript><img loading=\"lazy\" decoding=\"async\" width=\"1080\" height=\"1350\" src=\"https:\/\/flawlesshair.com\/wp-content\/uploads\/2023\/11\/low-curly-bun.jpg\" alt=\"carrapito baixo encaracolado com madeixas louras\" class=\"wp-image-30653 lazyload\" srcset=\"https:\/\/flawlesshair.com\/wp-content\/uploads\/2023\/11\/low-curly-bun.jpg 1080w, https:\/\/flawlesshair.com\/wp-content\/uploads\/2023\/11\/low-curly-bun-240x300.jpg 240w, https:\/\/flawlesshair.com\/wp-content\/uploads\/2023\/11\/low-curly-bun-768x960.jpg 768w, https:\/\/flawlesshair.com\/wp-content\/uploads\/2023\/11\/low-curly-bun-10x12.jpg 10w, https:\/\/flawlesshair.com\/wp-content\/uploads\/2023\/11\/low-curly-bun-864x1080.jpg 864w, https:\/\/flawlesshair.com\/wp-content\/uploads\/2023\/11\/low-curly-bun-960x1200.jpg 960w, https:\/\/flawlesshair.com\/wp-content\/uploads\/2023\/11\/low-curly-bun-150x188.jpg 150w\" sizes=\"auto, (max-width: 760px) calc(100vw - 24px), 720px\" data-pin-media=\"https:\/\/flawlesshair.com\/wp-content\/uploads\/2023\/11\/low-curly-bun.jpg\" id=\"mv-trellis-img-52\" data-trellis-processed=\"1\"><div style=\"position: absolute; top: 0.5rem; right: 0.75rem;\"> <a href=\"https:\/\/www.pinterest.com\/pin\/create\/button\/\" data-pin-do=\"buttonPin\" data-pin-tall=\"true\" data-pin-url=\"https:\/\/flawlesshair.com\/pt\/ideias-para-cabelos-encaracolados\/\" data-pin-media=\"https:\/\/flawlesshair.com\/wp-content\/uploads\/2023\/11\/low-curly-bun.jpg\" data-pin-description=\"Get Perfect Curls With These Genius Curly Hair Tips And Styles\" rel=\"nofollow noopener\" target=\"_blank\"> <\/a><\/div><\/div><figcaption class=\"wp-element-caption\">@<a href=\"https:\/\/www.instagram.com\/mariiahairstylist\/\" target=\"_blank\" rel=\"noreferrer noopener nofollow\">mariiahairstylist<\/a><\/figcaption><\/figure>\n<\/div>\n\n\n<p>Os p\u00e3ezinhos s\u00e3o um dos mais pr\u00e1ticos e vers\u00e1teis <a href=\"https:\/\/flawlesshair.com\/pt\/penteados-para-cabelos-encaracolados\/\">penteados para cabelos encaracolados<\/a> e \u00e9 por isso que os adoramos. Um carrapito baixo e encaracolado ir\u00e1 garantir que os seus carac\u00f3is ficam seguros e no lugar. N\u00e3o se esque\u00e7a de puxar para baixo algumas pe\u00e7as da frente para um look mais polido. <\/p>\n\n\n\n<h3 class=\"wp-block-heading\">41. Tran\u00e7as em caixa<\/h3>\n\n\n<div class=\"wp-block-image\">\n<figure class=\"aligncenter size-full\"><div style=\"position: relative;\"><noscript><img loading=\"lazy\" decoding=\"async\" width=\"1080\" height=\"1080\" src=\"https:\/\/flawlesshair.com\/wp-content\/uploads\/2023\/11\/classy-braids.jpg\" alt=\"tran\u00e7as em caixa\" class=\"wp-image-30644\" srcset=\"https:\/\/flawlesshair.com\/wp-content\/uploads\/2023\/11\/classy-braids.jpg 1080w, https:\/\/flawlesshair.com\/wp-content\/uploads\/2023\/11\/classy-braids-300x300.jpg 300w, https:\/\/flawlesshair.com\/wp-content\/uploads\/2023\/11\/classy-braids-150x150.jpg 150w, https:\/\/flawlesshair.com\/wp-content\/uploads\/2023\/11\/classy-braids-768x768.jpg 768w, https:\/\/flawlesshair.com\/wp-content\/uploads\/2023\/11\/classy-braids-12x12.jpg 12w, https:\/\/flawlesshair.com\/wp-content\/uploads\/2023\/11\/classy-braids-728x728.jpg 728w, https:\/\/flawlesshair.com\/wp-content\/uploads\/2023\/11\/classy-braids-960x960.jpg 960w, https:\/\/flawlesshair.com\/wp-content\/uploads\/2023\/11\/classy-braids-96x96.jpg 96w\" sizes=\"auto, (max-width: 760px) calc(100vw - 24px), 720px\"><\/noscript><img loading=\"lazy\" decoding=\"async\" width=\"1080\" height=\"1080\" src=\"https:\/\/flawlesshair.com\/wp-content\/uploads\/2023\/11\/classy-braids.jpg\" alt=\"tran\u00e7as em caixa\" class=\"wp-image-30644 lazyload\" srcset=\"https:\/\/flawlesshair.com\/wp-content\/uploads\/2023\/11\/classy-braids.jpg 1080w, https:\/\/flawlesshair.com\/wp-content\/uploads\/2023\/11\/classy-braids-300x300.jpg 300w, https:\/\/flawlesshair.com\/wp-content\/uploads\/2023\/11\/classy-braids-150x150.jpg 150w, https:\/\/flawlesshair.com\/wp-content\/uploads\/2023\/11\/classy-braids-768x768.jpg 768w, https:\/\/flawlesshair.com\/wp-content\/uploads\/2023\/11\/classy-braids-12x12.jpg 12w, https:\/\/flawlesshair.com\/wp-content\/uploads\/2023\/11\/classy-braids-728x728.jpg 728w, https:\/\/flawlesshair.com\/wp-content\/uploads\/2023\/11\/classy-braids-960x960.jpg 960w, https:\/\/flawlesshair.com\/wp-content\/uploads\/2023\/11\/classy-braids-96x96.jpg 96w\" sizes=\"auto, (max-width: 760px) calc(100vw - 24px), 720px\" data-pin-media=\"https:\/\/flawlesshair.com\/wp-content\/uploads\/2023\/11\/classy-braids.jpg\" id=\"mv-trellis-img-53\" data-trellis-processed=\"1\"><div style=\"position: absolute; top: 0.5rem; right: 0.75rem;\"> <a href=\"https:\/\/www.pinterest.com\/pin\/create\/button\/\" data-pin-do=\"buttonPin\" data-pin-tall=\"true\" data-pin-url=\"https:\/\/flawlesshair.com\/pt\/ideias-para-cabelos-encaracolados\/\" data-pin-media=\"https:\/\/flawlesshair.com\/wp-content\/uploads\/2023\/11\/classy-braids.jpg\" data-pin-description=\"Get Perfect Curls With These Genius Curly Hair Tips And Styles\" rel=\"nofollow noopener\" target=\"_blank\"> <\/a><\/div><\/div><figcaption class=\"wp-element-caption\">@<a href=\"https:\/\/www.instagram.com\/9jabraider\/\" target=\"_blank\" rel=\"noreferrer noopener nofollow\">9jabraider<\/a><\/figcaption><\/figure>\n<\/div>\n\n\n<p>Quer tenha tran\u00e7as em caixa ou tran\u00e7as sem n\u00f3s, cobrir a cabe\u00e7a com um gorro ou envolver as tran\u00e7as com um len\u00e7o de seda ajudar\u00e1 a evitar a fric\u00e7\u00e3o durante o sono. Al\u00e9m disso, considere hidratar as suas ra\u00edzes com sprays ou \u00f3leos para tran\u00e7as antes de dormir.<\/p>\n\n\n\n<h3 class=\"wp-block-heading\">42. Penteado encaracolado com madeixa m\u00e9dia borgonha<\/h3>\n\n\n<div class=\"wp-block-image\">\n<figure class=\"aligncenter size-full\"><div style=\"position: relative;\"><noscript><img loading=\"lazy\" decoding=\"async\" width=\"1080\" height=\"1080\" src=\"https:\/\/flawlesshair.com\/wp-content\/uploads\/2023\/11\/medium-length-burgundy-curls.jpg\" alt=\"carac\u00f3is cor de vinho de comprimento m\u00e9dio\" class=\"wp-image-30655\" srcset=\"https:\/\/flawlesshair.com\/wp-content\/uploads\/2023\/11\/medium-length-burgundy-curls.jpg 1080w, https:\/\/flawlesshair.com\/wp-content\/uploads\/2023\/11\/medium-length-burgundy-curls-300x300.jpg 300w, https:\/\/flawlesshair.com\/wp-content\/uploads\/2023\/11\/medium-length-burgundy-curls-150x150.jpg 150w, https:\/\/flawlesshair.com\/wp-content\/uploads\/2023\/11\/medium-length-burgundy-curls-768x768.jpg 768w, https:\/\/flawlesshair.com\/wp-content\/uploads\/2023\/11\/medium-length-burgundy-curls-12x12.jpg 12w, https:\/\/flawlesshair.com\/wp-content\/uploads\/2023\/11\/medium-length-burgundy-curls-728x728.jpg 728w, https:\/\/flawlesshair.com\/wp-content\/uploads\/2023\/11\/medium-length-burgundy-curls-960x960.jpg 960w, https:\/\/flawlesshair.com\/wp-content\/uploads\/2023\/11\/medium-length-burgundy-curls-96x96.jpg 96w\" sizes=\"auto, (max-width: 760px) calc(100vw - 24px), 720px\"><\/noscript><img loading=\"lazy\" decoding=\"async\" width=\"1080\" height=\"1080\" src=\"https:\/\/flawlesshair.com\/wp-content\/uploads\/2023\/11\/medium-length-burgundy-curls.jpg\" alt=\"carac\u00f3is cor de vinho de comprimento m\u00e9dio\" class=\"wp-image-30655 lazyload\" srcset=\"https:\/\/flawlesshair.com\/wp-content\/uploads\/2023\/11\/medium-length-burgundy-curls.jpg 1080w, https:\/\/flawlesshair.com\/wp-content\/uploads\/2023\/11\/medium-length-burgundy-curls-300x300.jpg 300w, https:\/\/flawlesshair.com\/wp-content\/uploads\/2023\/11\/medium-length-burgundy-curls-150x150.jpg 150w, https:\/\/flawlesshair.com\/wp-content\/uploads\/2023\/11\/medium-length-burgundy-curls-768x768.jpg 768w, https:\/\/flawlesshair.com\/wp-content\/uploads\/2023\/11\/medium-length-burgundy-curls-12x12.jpg 12w, https:\/\/flawlesshair.com\/wp-content\/uploads\/2023\/11\/medium-length-burgundy-curls-728x728.jpg 728w, https:\/\/flawlesshair.com\/wp-content\/uploads\/2023\/11\/medium-length-burgundy-curls-960x960.jpg 960w, https:\/\/flawlesshair.com\/wp-content\/uploads\/2023\/11\/medium-length-burgundy-curls-96x96.jpg 96w\" sizes=\"auto, (max-width: 760px) calc(100vw - 24px), 720px\" data-pin-media=\"https:\/\/flawlesshair.com\/wp-content\/uploads\/2023\/11\/medium-length-burgundy-curls.jpg\" id=\"mv-trellis-img-54\" data-trellis-processed=\"1\"><div style=\"position: absolute; top: 0.5rem; right: 0.75rem;\"> <a href=\"https:\/\/www.pinterest.com\/pin\/create\/button\/\" data-pin-do=\"buttonPin\" data-pin-tall=\"true\" data-pin-url=\"https:\/\/flawlesshair.com\/pt\/ideias-para-cabelos-encaracolados\/\" data-pin-media=\"https:\/\/flawlesshair.com\/wp-content\/uploads\/2023\/11\/medium-length-burgundy-curls.jpg\" data-pin-description=\"Get Perfect Curls With These Genius Curly Hair Tips And Styles\" rel=\"nofollow noopener\" target=\"_blank\"> <\/a><\/div><\/div><figcaption class=\"wp-element-caption\">@<a href=\"https:\/\/www.instagram.com\/styledbysabrina\/\" target=\"_blank\" rel=\"noreferrer noopener nofollow\">styledbysabrina<\/a><\/figcaption><\/figure>\n<\/div>\n\n\n<p>Uma risca ao meio cria a ilus\u00e3o de comprimento e simetria perfeita para o seu rosto. Este tipo de divis\u00e3o do cabelo fica extremamente bem em rostos redondos, ovais, em forma de diamante e em forma de cora\u00e7\u00e3o.<\/p>\n\n\n\n<h3 class=\"wp-block-heading\">43. Penteado Pin-Up Bandana<\/h3>\n\n\n<div class=\"wp-block-image\">\n<figure class=\"aligncenter size-full\"><div style=\"position: relative;\"><noscript><img loading=\"lazy\" decoding=\"async\" width=\"1006\" height=\"1257\" src=\"https:\/\/flawlesshair.com\/wp-content\/uploads\/2023\/11\/pin-up-hairstyle-with-a-scarf.jpg\" alt=\"penteado apanhado com um len\u00e7o\" class=\"wp-image-30658\" srcset=\"https:\/\/flawlesshair.com\/wp-content\/uploads\/2023\/11\/pin-up-hairstyle-with-a-scarf.jpg 1006w, https:\/\/flawlesshair.com\/wp-content\/uploads\/2023\/11\/pin-up-hairstyle-with-a-scarf-240x300.jpg 240w, https:\/\/flawlesshair.com\/wp-content\/uploads\/2023\/11\/pin-up-hairstyle-with-a-scarf-768x960.jpg 768w, https:\/\/flawlesshair.com\/wp-content\/uploads\/2023\/11\/pin-up-hairstyle-with-a-scarf-10x12.jpg 10w, https:\/\/flawlesshair.com\/wp-content\/uploads\/2023\/11\/pin-up-hairstyle-with-a-scarf-864x1080.jpg 864w, https:\/\/flawlesshair.com\/wp-content\/uploads\/2023\/11\/pin-up-hairstyle-with-a-scarf-960x1200.jpg 960w, https:\/\/flawlesshair.com\/wp-content\/uploads\/2023\/11\/pin-up-hairstyle-with-a-scarf-150x187.jpg 150w\" sizes=\"auto, (max-width: 760px) calc(100vw - 24px), 720px\"><\/noscript><img loading=\"lazy\" decoding=\"async\" width=\"1006\" height=\"1257\" src=\"https:\/\/flawlesshair.com\/wp-content\/uploads\/2023\/11\/pin-up-hairstyle-with-a-scarf.jpg\" alt=\"penteado apanhado com um len\u00e7o\" class=\"wp-image-30658 lazyload\" srcset=\"https:\/\/flawlesshair.com\/wp-content\/uploads\/2023\/11\/pin-up-hairstyle-with-a-scarf.jpg 1006w, https:\/\/flawlesshair.com\/wp-content\/uploads\/2023\/11\/pin-up-hairstyle-with-a-scarf-240x300.jpg 240w, https:\/\/flawlesshair.com\/wp-content\/uploads\/2023\/11\/pin-up-hairstyle-with-a-scarf-768x960.jpg 768w, https:\/\/flawlesshair.com\/wp-content\/uploads\/2023\/11\/pin-up-hairstyle-with-a-scarf-10x12.jpg 10w, https:\/\/flawlesshair.com\/wp-content\/uploads\/2023\/11\/pin-up-hairstyle-with-a-scarf-864x1080.jpg 864w, https:\/\/flawlesshair.com\/wp-content\/uploads\/2023\/11\/pin-up-hairstyle-with-a-scarf-960x1200.jpg 960w, https:\/\/flawlesshair.com\/wp-content\/uploads\/2023\/11\/pin-up-hairstyle-with-a-scarf-150x187.jpg 150w\" sizes=\"auto, (max-width: 760px) calc(100vw - 24px), 720px\" data-pin-media=\"https:\/\/flawlesshair.com\/wp-content\/uploads\/2023\/11\/pin-up-hairstyle-with-a-scarf.jpg\" id=\"mv-trellis-img-55\" data-trellis-processed=\"1\"><div style=\"position: absolute; top: 0.5rem; right: 0.75rem;\"> <a href=\"https:\/\/www.pinterest.com\/pin\/create\/button\/\" data-pin-do=\"buttonPin\" data-pin-tall=\"true\" data-pin-url=\"https:\/\/flawlesshair.com\/pt\/ideias-para-cabelos-encaracolados\/\" data-pin-media=\"https:\/\/flawlesshair.com\/wp-content\/uploads\/2023\/11\/pin-up-hairstyle-with-a-scarf.jpg\" data-pin-description=\"Get Perfect Curls With These Genius Curly Hair Tips And Styles\" rel=\"nofollow noopener\" target=\"_blank\"> <\/a><\/div><\/div><figcaption class=\"wp-element-caption\">@<a href=\"https:\/\/www.instagram.com\/curlyupdos\/\" target=\"_blank\" rel=\"noreferrer noopener nofollow\">curlyupdos<\/a><\/figcaption><\/figure>\n<\/div>\n\n\n<p>Ol\u00e1, senhora pin-up! Os top knots s\u00e3o perfeitos para o trabalho, festas e para relaxar em casa. Acrescentar uma bandana ou um len\u00e7o ao top knot tornar\u00e1 o seu estilo mais fashion. <\/p>\n\n\n\n<h3 class=\"wp-block-heading\">44. P\u00e3ezinhos encaracolados com acess\u00f3rios<\/h3>\n\n\n<div class=\"wp-block-image\">\n<figure class=\"aligncenter size-full\"><div style=\"position: relative;\"><noscript><img loading=\"lazy\" decoding=\"async\" width=\"1080\" height=\"1080\" src=\"https:\/\/flawlesshair.com\/wp-content\/uploads\/2023\/11\/accessorized-curly-hairstyles-1.jpg\" alt=\"p\u00e3ezinhos encaracolados com acess\u00f3rios\" class=\"wp-image-30642\" srcset=\"https:\/\/flawlesshair.com\/wp-content\/uploads\/2023\/11\/accessorized-curly-hairstyles-1.jpg 1080w, https:\/\/flawlesshair.com\/wp-content\/uploads\/2023\/11\/accessorized-curly-hairstyles-1-300x300.jpg 300w, https:\/\/flawlesshair.com\/wp-content\/uploads\/2023\/11\/accessorized-curly-hairstyles-1-150x150.jpg 150w, https:\/\/flawlesshair.com\/wp-content\/uploads\/2023\/11\/accessorized-curly-hairstyles-1-768x768.jpg 768w, https:\/\/flawlesshair.com\/wp-content\/uploads\/2023\/11\/accessorized-curly-hairstyles-1-12x12.jpg 12w, https:\/\/flawlesshair.com\/wp-content\/uploads\/2023\/11\/accessorized-curly-hairstyles-1-728x728.jpg 728w, https:\/\/flawlesshair.com\/wp-content\/uploads\/2023\/11\/accessorized-curly-hairstyles-1-960x960.jpg 960w, https:\/\/flawlesshair.com\/wp-content\/uploads\/2023\/11\/accessorized-curly-hairstyles-1-96x96.jpg 96w\" sizes=\"auto, (max-width: 760px) calc(100vw - 24px), 720px\"><\/noscript><img loading=\"lazy\" decoding=\"async\" width=\"1080\" height=\"1080\" src=\"https:\/\/flawlesshair.com\/wp-content\/uploads\/2023\/11\/accessorized-curly-hairstyles-1.jpg\" alt=\"p\u00e3ezinhos encaracolados com acess\u00f3rios\" class=\"wp-image-30642 lazyload\" srcset=\"https:\/\/flawlesshair.com\/wp-content\/uploads\/2023\/11\/accessorized-curly-hairstyles-1.jpg 1080w, https:\/\/flawlesshair.com\/wp-content\/uploads\/2023\/11\/accessorized-curly-hairstyles-1-300x300.jpg 300w, https:\/\/flawlesshair.com\/wp-content\/uploads\/2023\/11\/accessorized-curly-hairstyles-1-150x150.jpg 150w, https:\/\/flawlesshair.com\/wp-content\/uploads\/2023\/11\/accessorized-curly-hairstyles-1-768x768.jpg 768w, https:\/\/flawlesshair.com\/wp-content\/uploads\/2023\/11\/accessorized-curly-hairstyles-1-12x12.jpg 12w, https:\/\/flawlesshair.com\/wp-content\/uploads\/2023\/11\/accessorized-curly-hairstyles-1-728x728.jpg 728w, https:\/\/flawlesshair.com\/wp-content\/uploads\/2023\/11\/accessorized-curly-hairstyles-1-960x960.jpg 960w, https:\/\/flawlesshair.com\/wp-content\/uploads\/2023\/11\/accessorized-curly-hairstyles-1-96x96.jpg 96w\" sizes=\"auto, (max-width: 760px) calc(100vw - 24px), 720px\" data-pin-media=\"https:\/\/flawlesshair.com\/wp-content\/uploads\/2023\/11\/accessorized-curly-hairstyles-1.jpg\" id=\"mv-trellis-img-56\" data-trellis-processed=\"1\"><div style=\"position: absolute; top: 0.5rem; right: 0.75rem;\"> <a href=\"https:\/\/www.pinterest.com\/pin\/create\/button\/\" data-pin-do=\"buttonPin\" data-pin-tall=\"true\" data-pin-url=\"https:\/\/flawlesshair.com\/pt\/ideias-para-cabelos-encaracolados\/\" data-pin-media=\"https:\/\/flawlesshair.com\/wp-content\/uploads\/2023\/11\/accessorized-curly-hairstyles-1.jpg\" data-pin-description=\"Get Perfect Curls With These Genius Curly Hair Tips And Styles\" rel=\"nofollow noopener\" target=\"_blank\"> <\/a><\/div><\/div><figcaption class=\"wp-element-caption\">@<a href=\"https:\/\/www.instagram.com\/curl.culture\/\" target=\"_blank\" rel=\"noreferrer noopener nofollow\">curl.culture<\/a><\/figcaption><\/figure>\n<\/div>\n\n\n<p>A \u00fanica coisa melhor do que os penteados encaracolados s\u00e3o os seus acess\u00f3rios! Apimente as suas tran\u00e7as, p\u00e3ezinhos espaciais ou n\u00f3s de topo com missangas, punhos, molas de arame ou molas de p\u00e9rolas. Como sempre, a escolha \u00e9 sua!<\/p>\n\n\n\n<h3 class=\"wp-block-heading\">45. Carac\u00f3is de cobre \u00e0 cowboy<\/h3>\n\n\n<div class=\"wp-block-image\">\n<figure class=\"aligncenter size-full\"><div style=\"position: relative;\"><noscript><img loading=\"lazy\" decoding=\"async\" width=\"1080\" height=\"1350\" src=\"https:\/\/flawlesshair.com\/wp-content\/uploads\/2023\/11\/cowboy-copper.jpg\" alt=\"cobre cowboy\" class=\"wp-image-30645\" srcset=\"https:\/\/flawlesshair.com\/wp-content\/uploads\/2023\/11\/cowboy-copper.jpg 1080w, https:\/\/flawlesshair.com\/wp-content\/uploads\/2023\/11\/cowboy-copper-240x300.jpg 240w, https:\/\/flawlesshair.com\/wp-content\/uploads\/2023\/11\/cowboy-copper-768x960.jpg 768w, https:\/\/flawlesshair.com\/wp-content\/uploads\/2023\/11\/cowboy-copper-10x12.jpg 10w, https:\/\/flawlesshair.com\/wp-content\/uploads\/2023\/11\/cowboy-copper-864x1080.jpg 864w, https:\/\/flawlesshair.com\/wp-content\/uploads\/2023\/11\/cowboy-copper-960x1200.jpg 960w, https:\/\/flawlesshair.com\/wp-content\/uploads\/2023\/11\/cowboy-copper-150x188.jpg 150w\" sizes=\"auto, (max-width: 760px) calc(100vw - 24px), 720px\"><\/noscript><img loading=\"lazy\" decoding=\"async\" width=\"1080\" height=\"1350\" src=\"https:\/\/flawlesshair.com\/wp-content\/uploads\/2023\/11\/cowboy-copper.jpg\" alt=\"cobre cowboy\" class=\"wp-image-30645 lazyload\" srcset=\"https:\/\/flawlesshair.com\/wp-content\/uploads\/2023\/11\/cowboy-copper.jpg 1080w, https:\/\/flawlesshair.com\/wp-content\/uploads\/2023\/11\/cowboy-copper-240x300.jpg 240w, https:\/\/flawlesshair.com\/wp-content\/uploads\/2023\/11\/cowboy-copper-768x960.jpg 768w, https:\/\/flawlesshair.com\/wp-content\/uploads\/2023\/11\/cowboy-copper-10x12.jpg 10w, https:\/\/flawlesshair.com\/wp-content\/uploads\/2023\/11\/cowboy-copper-864x1080.jpg 864w, https:\/\/flawlesshair.com\/wp-content\/uploads\/2023\/11\/cowboy-copper-960x1200.jpg 960w, https:\/\/flawlesshair.com\/wp-content\/uploads\/2023\/11\/cowboy-copper-150x188.jpg 150w\" sizes=\"auto, (max-width: 760px) calc(100vw - 24px), 720px\" data-pin-media=\"https:\/\/flawlesshair.com\/wp-content\/uploads\/2023\/11\/cowboy-copper.jpg\" id=\"mv-trellis-img-57\" data-trellis-processed=\"1\"><div style=\"position: absolute; top: 0.5rem; right: 0.75rem;\"> <a href=\"https:\/\/www.pinterest.com\/pin\/create\/button\/\" data-pin-do=\"buttonPin\" data-pin-tall=\"true\" data-pin-url=\"https:\/\/flawlesshair.com\/pt\/ideias-para-cabelos-encaracolados\/\" data-pin-media=\"https:\/\/flawlesshair.com\/wp-content\/uploads\/2023\/11\/cowboy-copper.jpg\" data-pin-description=\"Get Perfect Curls With These Genius Curly Hair Tips And Styles\" rel=\"nofollow noopener\" target=\"_blank\"> <\/a><\/div><\/div><figcaption class=\"wp-element-caption\">@<a href=\"https:\/\/www.instagram.com\/jesseniaspallet\/\" target=\"_blank\" rel=\"noreferrer noopener nofollow\">jesseniaspallet<\/a><\/figcaption><\/figure>\n<\/div>\n\n\n<p>O cobre cowboy \u00e9 uma mistura entre o castanho quente e o cobre, que \u00e9 a principal raz\u00e3o pela qual esta tonalidade popular parece t\u00e3o natural. Se tem tend\u00eancia para estilos ruivos naturais e encaracolados, ent\u00e3o este&nbsp;<a href=\"https:\/\/flawlesshair.com\/pt\/cores-de-cabelo-de-outono\/\">tend\u00eancia de cores para o outono<\/a>&nbsp;\u00e9 para si!<\/p>\n\n\n\n<h3 class=\"wp-block-heading\">46. Bob vermelho intenso com camadas<\/h3>\n\n\n<div class=\"wp-block-image\">\n<figure class=\"aligncenter size-full\"><div style=\"position: relative;\"><noscript><img loading=\"lazy\" decoding=\"async\" width=\"1080\" height=\"1080\" src=\"https:\/\/flawlesshair.com\/wp-content\/uploads\/2023\/11\/red-layered-bob.jpg\" alt=\"bob vermelho em camadas\" class=\"wp-image-30659\" srcset=\"https:\/\/flawlesshair.com\/wp-content\/uploads\/2023\/11\/red-layered-bob.jpg 1080w, https:\/\/flawlesshair.com\/wp-content\/uploads\/2023\/11\/red-layered-bob-300x300.jpg 300w, https:\/\/flawlesshair.com\/wp-content\/uploads\/2023\/11\/red-layered-bob-150x150.jpg 150w, https:\/\/flawlesshair.com\/wp-content\/uploads\/2023\/11\/red-layered-bob-768x768.jpg 768w, https:\/\/flawlesshair.com\/wp-content\/uploads\/2023\/11\/red-layered-bob-12x12.jpg 12w, https:\/\/flawlesshair.com\/wp-content\/uploads\/2023\/11\/red-layered-bob-728x728.jpg 728w, https:\/\/flawlesshair.com\/wp-content\/uploads\/2023\/11\/red-layered-bob-960x960.jpg 960w, https:\/\/flawlesshair.com\/wp-content\/uploads\/2023\/11\/red-layered-bob-96x96.jpg 96w\" sizes=\"auto, (max-width: 760px) calc(100vw - 24px), 720px\"><\/noscript><img loading=\"lazy\" decoding=\"async\" width=\"1080\" height=\"1080\" src=\"https:\/\/flawlesshair.com\/wp-content\/uploads\/2023\/11\/red-layered-bob.jpg\" alt=\"bob vermelho em camadas\" class=\"wp-image-30659 lazyload\" srcset=\"https:\/\/flawlesshair.com\/wp-content\/uploads\/2023\/11\/red-layered-bob.jpg 1080w, https:\/\/flawlesshair.com\/wp-content\/uploads\/2023\/11\/red-layered-bob-300x300.jpg 300w, https:\/\/flawlesshair.com\/wp-content\/uploads\/2023\/11\/red-layered-bob-150x150.jpg 150w, https:\/\/flawlesshair.com\/wp-content\/uploads\/2023\/11\/red-layered-bob-768x768.jpg 768w, https:\/\/flawlesshair.com\/wp-content\/uploads\/2023\/11\/red-layered-bob-12x12.jpg 12w, https:\/\/flawlesshair.com\/wp-content\/uploads\/2023\/11\/red-layered-bob-728x728.jpg 728w, https:\/\/flawlesshair.com\/wp-content\/uploads\/2023\/11\/red-layered-bob-960x960.jpg 960w, https:\/\/flawlesshair.com\/wp-content\/uploads\/2023\/11\/red-layered-bob-96x96.jpg 96w\" sizes=\"auto, (max-width: 760px) calc(100vw - 24px), 720px\" data-pin-media=\"https:\/\/flawlesshair.com\/wp-content\/uploads\/2023\/11\/red-layered-bob.jpg\" id=\"mv-trellis-img-58\" data-trellis-processed=\"1\"><div style=\"position: absolute; top: 0.5rem; right: 0.75rem;\"> <a href=\"https:\/\/www.pinterest.com\/pin\/create\/button\/\" data-pin-do=\"buttonPin\" data-pin-tall=\"true\" data-pin-url=\"https:\/\/flawlesshair.com\/pt\/ideias-para-cabelos-encaracolados\/\" data-pin-media=\"https:\/\/flawlesshair.com\/wp-content\/uploads\/2023\/11\/red-layered-bob.jpg\" data-pin-description=\"Get Perfect Curls With These Genius Curly Hair Tips And Styles\" rel=\"nofollow noopener\" target=\"_blank\"> <\/a><\/div><\/div><figcaption class=\"wp-element-caption\">@<a href=\"https:\/\/www.instagram.com\/curly_hair_london\/\" target=\"_blank\" rel=\"noreferrer noopener nofollow\">cabelo_cacheado_londres<\/a><\/figcaption><\/figure>\n<\/div>\n\n\n<p>O bob encaracolado em camadas \u00e9 uma vers\u00e3o divertida e expressiva de um bob cl\u00e1ssico. Para apimentar este <a href=\"https:\/\/flawlesshair.com\/pt\/penteados-encaracolados-curtos\/\">penteado curto e encaracolado<\/a>Sugiro que crie carac\u00f3is soltos enrolando madeixas grandes e grossas do seu cabelo \u00e0 volta do ferro de frisar. <\/p>\n\n\n\n<h3 class=\"wp-block-heading\">47. Bob encaracolado com franja para mulheres mais velhas<\/h3>\n\n\n<div class=\"wp-block-image\">\n<figure class=\"aligncenter size-full\"><div style=\"position: relative;\"><noscript><img loading=\"lazy\" decoding=\"async\" width=\"1080\" height=\"1350\" src=\"https:\/\/flawlesshair.com\/wp-content\/uploads\/2023\/11\/curly-bob-with-bangs-for-older-women.jpg\" alt=\"cabelo encaracolado com franja para mulheres mais velhas\" class=\"wp-image-30646\" srcset=\"https:\/\/flawlesshair.com\/wp-content\/uploads\/2023\/11\/curly-bob-with-bangs-for-older-women.jpg 1080w, https:\/\/flawlesshair.com\/wp-content\/uploads\/2023\/11\/curly-bob-with-bangs-for-older-women-240x300.jpg 240w, https:\/\/flawlesshair.com\/wp-content\/uploads\/2023\/11\/curly-bob-with-bangs-for-older-women-768x960.jpg 768w, https:\/\/flawlesshair.com\/wp-content\/uploads\/2023\/11\/curly-bob-with-bangs-for-older-women-10x12.jpg 10w, https:\/\/flawlesshair.com\/wp-content\/uploads\/2023\/11\/curly-bob-with-bangs-for-older-women-864x1080.jpg 864w, https:\/\/flawlesshair.com\/wp-content\/uploads\/2023\/11\/curly-bob-with-bangs-for-older-women-960x1200.jpg 960w, https:\/\/flawlesshair.com\/wp-content\/uploads\/2023\/11\/curly-bob-with-bangs-for-older-women-150x188.jpg 150w\" sizes=\"auto, (max-width: 760px) calc(100vw - 24px), 720px\"><\/noscript><img loading=\"lazy\" decoding=\"async\" width=\"1080\" height=\"1350\" src=\"https:\/\/flawlesshair.com\/wp-content\/uploads\/2023\/11\/curly-bob-with-bangs-for-older-women.jpg\" alt=\"cabelo encaracolado com franja para mulheres mais velhas\" class=\"wp-image-30646 lazyload\" srcset=\"https:\/\/flawlesshair.com\/wp-content\/uploads\/2023\/11\/curly-bob-with-bangs-for-older-women.jpg 1080w, https:\/\/flawlesshair.com\/wp-content\/uploads\/2023\/11\/curly-bob-with-bangs-for-older-women-240x300.jpg 240w, https:\/\/flawlesshair.com\/wp-content\/uploads\/2023\/11\/curly-bob-with-bangs-for-older-women-768x960.jpg 768w, https:\/\/flawlesshair.com\/wp-content\/uploads\/2023\/11\/curly-bob-with-bangs-for-older-women-10x12.jpg 10w, https:\/\/flawlesshair.com\/wp-content\/uploads\/2023\/11\/curly-bob-with-bangs-for-older-women-864x1080.jpg 864w, https:\/\/flawlesshair.com\/wp-content\/uploads\/2023\/11\/curly-bob-with-bangs-for-older-women-960x1200.jpg 960w, https:\/\/flawlesshair.com\/wp-content\/uploads\/2023\/11\/curly-bob-with-bangs-for-older-women-150x188.jpg 150w\" sizes=\"auto, (max-width: 760px) calc(100vw - 24px), 720px\" data-pin-media=\"https:\/\/flawlesshair.com\/wp-content\/uploads\/2023\/11\/curly-bob-with-bangs-for-older-women.jpg\" id=\"mv-trellis-img-59\" data-trellis-processed=\"1\"><div style=\"position: absolute; top: 0.5rem; right: 0.75rem;\"> <a href=\"https:\/\/www.pinterest.com\/pin\/create\/button\/\" data-pin-do=\"buttonPin\" data-pin-tall=\"true\" data-pin-url=\"https:\/\/flawlesshair.com\/pt\/ideias-para-cabelos-encaracolados\/\" data-pin-media=\"https:\/\/flawlesshair.com\/wp-content\/uploads\/2023\/11\/curly-bob-with-bangs-for-older-women.jpg\" data-pin-description=\"Get Perfect Curls With These Genius Curly Hair Tips And Styles\" rel=\"nofollow noopener\" target=\"_blank\"> <\/a><\/div><\/div><figcaption class=\"wp-element-caption\">@<a href=\"https:\/\/www.instagram.com\/novaperruquers\/\" target=\"_blank\" rel=\"noreferrer noopener nofollow\">novosperruques<\/a><\/figcaption><\/figure>\n<\/div>\n\n\n<p>Pronta para desbloquear essas vibra\u00e7\u00f5es juvenis? A franja em peda\u00e7os exala uma vibra\u00e7\u00e3o descontra\u00edda e divertida em todos os tipos de penteados, incluindo <a href=\"https:\/\/flawlesshair.com\/pt\/caracois-para-mulheres-mais-velhas\/\">bobs encaracolados para carac\u00f3is maduros<\/a>! <\/p>\n\n\n\n<h3 class=\"wp-block-heading\">48. Corte Pixie encaracolado<\/h3>\n\n\n<div class=\"wp-block-image\">\n<figure class=\"aligncenter size-full\"><div style=\"position: relative;\"><noscript><img loading=\"lazy\" decoding=\"async\" width=\"1080\" height=\"1346\" src=\"https:\/\/flawlesshair.com\/wp-content\/uploads\/2023\/11\/curly-pixie-cut.jpg\" alt=\"corte pixie encaracolado\" class=\"wp-image-30647\" srcset=\"https:\/\/flawlesshair.com\/wp-content\/uploads\/2023\/11\/curly-pixie-cut.jpg 1080w, https:\/\/flawlesshair.com\/wp-content\/uploads\/2023\/11\/curly-pixie-cut-241x300.jpg 241w, https:\/\/flawlesshair.com\/wp-content\/uploads\/2023\/11\/curly-pixie-cut-768x957.jpg 768w, https:\/\/flawlesshair.com\/wp-content\/uploads\/2023\/11\/curly-pixie-cut-10x12.jpg 10w, https:\/\/flawlesshair.com\/wp-content\/uploads\/2023\/11\/curly-pixie-cut-770x960.jpg 770w, https:\/\/flawlesshair.com\/wp-content\/uploads\/2023\/11\/curly-pixie-cut-867x1080.jpg 867w, https:\/\/flawlesshair.com\/wp-content\/uploads\/2023\/11\/curly-pixie-cut-963x1200.jpg 963w, https:\/\/flawlesshair.com\/wp-content\/uploads\/2023\/11\/curly-pixie-cut-150x187.jpg 150w\" sizes=\"auto, (max-width: 760px) calc(100vw - 24px), 720px\"><\/noscript><img loading=\"lazy\" decoding=\"async\" width=\"1080\" height=\"1346\" src=\"https:\/\/flawlesshair.com\/wp-content\/uploads\/2023\/11\/curly-pixie-cut.jpg\" alt=\"corte pixie encaracolado\" class=\"wp-image-30647 lazyload\" srcset=\"https:\/\/flawlesshair.com\/wp-content\/uploads\/2023\/11\/curly-pixie-cut.jpg 1080w, https:\/\/flawlesshair.com\/wp-content\/uploads\/2023\/11\/curly-pixie-cut-241x300.jpg 241w, https:\/\/flawlesshair.com\/wp-content\/uploads\/2023\/11\/curly-pixie-cut-768x957.jpg 768w, https:\/\/flawlesshair.com\/wp-content\/uploads\/2023\/11\/curly-pixie-cut-10x12.jpg 10w, https:\/\/flawlesshair.com\/wp-content\/uploads\/2023\/11\/curly-pixie-cut-770x960.jpg 770w, https:\/\/flawlesshair.com\/wp-content\/uploads\/2023\/11\/curly-pixie-cut-867x1080.jpg 867w, https:\/\/flawlesshair.com\/wp-content\/uploads\/2023\/11\/curly-pixie-cut-963x1200.jpg 963w, https:\/\/flawlesshair.com\/wp-content\/uploads\/2023\/11\/curly-pixie-cut-150x187.jpg 150w\" sizes=\"auto, (max-width: 760px) calc(100vw - 24px), 720px\" data-pin-media=\"https:\/\/flawlesshair.com\/wp-content\/uploads\/2023\/11\/curly-pixie-cut.jpg\" id=\"mv-trellis-img-60\" data-trellis-processed=\"1\"><div style=\"position: absolute; top: 0.5rem; right: 0.75rem;\"> <a href=\"https:\/\/www.pinterest.com\/pin\/create\/button\/\" data-pin-do=\"buttonPin\" data-pin-tall=\"true\" data-pin-url=\"https:\/\/flawlesshair.com\/pt\/ideias-para-cabelos-encaracolados\/\" data-pin-media=\"https:\/\/flawlesshair.com\/wp-content\/uploads\/2023\/11\/curly-pixie-cut.jpg\" data-pin-description=\"Get Perfect Curls With These Genius Curly Hair Tips And Styles\" rel=\"nofollow noopener\" target=\"_blank\"> <\/a><\/div><\/div><figcaption class=\"wp-element-caption\">@<a href=\"https:\/\/www.instagram.com\/kiarra_storm\/\" target=\"_blank\" rel=\"noreferrer noopener nofollow\">kiarra_storm<\/a><\/figcaption><\/figure>\n<\/div>\n\n\n<p>O corte pixie encaracolado \u00e9, sem d\u00favida, um dos mais originais e ousados <a href=\"https:\/\/flawlesshair.com\/pt\/penteados-encaracolados-baddie\/\">penteados encaracolados baddie<\/a>! Este estilo grita liberdade e exala vibra\u00e7\u00f5es f\u00e1ceis e descontra\u00eddas da forma mais f\u00e1cil poss\u00edvel. <\/p>\n\n\n\n<h3 class=\"wp-block-heading\">49. Rabo-de-cavalo alto e elegante<\/h3>\n\n\n<div class=\"wp-block-image\">\n<figure class=\"aligncenter size-full\"><div style=\"position: relative;\"><noscript><img loading=\"lazy\" decoding=\"async\" width=\"1080\" height=\"1213\" src=\"https:\/\/flawlesshair.com\/wp-content\/uploads\/2023\/11\/mega-ponytail.jpg\" alt=\"rabo-de-cavalo alto e elegante\" class=\"wp-image-30657\" srcset=\"https:\/\/flawlesshair.com\/wp-content\/uploads\/2023\/11\/mega-ponytail.jpg 1080w, https:\/\/flawlesshair.com\/wp-content\/uploads\/2023\/11\/mega-ponytail-267x300.jpg 267w, https:\/\/flawlesshair.com\/wp-content\/uploads\/2023\/11\/mega-ponytail-768x863.jpg 768w, https:\/\/flawlesshair.com\/wp-content\/uploads\/2023\/11\/mega-ponytail-11x12.jpg 11w, https:\/\/flawlesshair.com\/wp-content\/uploads\/2023\/11\/mega-ponytail-855x960.jpg 855w, https:\/\/flawlesshair.com\/wp-content\/uploads\/2023\/11\/mega-ponytail-962x1080.jpg 962w, https:\/\/flawlesshair.com\/wp-content\/uploads\/2023\/11\/mega-ponytail-1068x1200.jpg 1068w, https:\/\/flawlesshair.com\/wp-content\/uploads\/2023\/11\/mega-ponytail-150x168.jpg 150w\" sizes=\"auto, (max-width: 760px) calc(100vw - 24px), 720px\"><\/noscript><img loading=\"lazy\" decoding=\"async\" width=\"1080\" height=\"1213\" src=\"https:\/\/flawlesshair.com\/wp-content\/uploads\/2023\/11\/mega-ponytail.jpg\" alt=\"rabo-de-cavalo alto e elegante\" class=\"wp-image-30657 lazyload\" srcset=\"https:\/\/flawlesshair.com\/wp-content\/uploads\/2023\/11\/mega-ponytail.jpg 1080w, https:\/\/flawlesshair.com\/wp-content\/uploads\/2023\/11\/mega-ponytail-267x300.jpg 267w, https:\/\/flawlesshair.com\/wp-content\/uploads\/2023\/11\/mega-ponytail-768x863.jpg 768w, https:\/\/flawlesshair.com\/wp-content\/uploads\/2023\/11\/mega-ponytail-11x12.jpg 11w, https:\/\/flawlesshair.com\/wp-content\/uploads\/2023\/11\/mega-ponytail-855x960.jpg 855w, https:\/\/flawlesshair.com\/wp-content\/uploads\/2023\/11\/mega-ponytail-962x1080.jpg 962w, https:\/\/flawlesshair.com\/wp-content\/uploads\/2023\/11\/mega-ponytail-1068x1200.jpg 1068w, https:\/\/flawlesshair.com\/wp-content\/uploads\/2023\/11\/mega-ponytail-150x168.jpg 150w\" sizes=\"auto, (max-width: 760px) calc(100vw - 24px), 720px\" data-pin-media=\"https:\/\/flawlesshair.com\/wp-content\/uploads\/2023\/11\/mega-ponytail.jpg\" id=\"mv-trellis-img-61\" data-trellis-processed=\"1\"><div style=\"position: absolute; top: 0.5rem; right: 0.75rem;\"> <a href=\"https:\/\/www.pinterest.com\/pin\/create\/button\/\" data-pin-do=\"buttonPin\" data-pin-tall=\"true\" data-pin-url=\"https:\/\/flawlesshair.com\/pt\/ideias-para-cabelos-encaracolados\/\" data-pin-media=\"https:\/\/flawlesshair.com\/wp-content\/uploads\/2023\/11\/mega-ponytail.jpg\" data-pin-description=\"Get Perfect Curls With These Genius Curly Hair Tips And Styles\" rel=\"nofollow noopener\" target=\"_blank\"> <\/a><\/div><\/div><figcaption class=\"wp-element-caption\">@<a href=\"https:\/\/www.instagram.com\/curlyupdos\/\" target=\"_blank\" rel=\"noreferrer noopener nofollow\">curlyupdos<\/a><\/figcaption><\/figure>\n<\/div>\n\n\n<p>Um rabo-de-cavalo invulgarmente alto que desafia a gravidade \u00e9 um dos penteados para carac\u00f3is MAIS GOSTOSOS de sempre! Ponto final.  <\/p>\n\n\n\n<h3 class=\"wp-block-heading\">50. Rabo de cavalo com tran\u00e7as \u00e0 frente<\/h3>\n\n\n<div class=\"wp-block-image\">\n<figure class=\"aligncenter size-full\"><div style=\"position: relative;\"><noscript><img loading=\"lazy\" decoding=\"async\" width=\"1080\" height=\"1349\" src=\"https:\/\/flawlesshair.com\/wp-content\/uploads\/2023\/11\/fountain-ponytail-with-braids.jpg\" alt=\"rabo-de-cavalo de fonte com tran\u00e7as \u00e0 frente\" class=\"wp-image-30648\" srcset=\"https:\/\/flawlesshair.com\/wp-content\/uploads\/2023\/11\/fountain-ponytail-with-braids.jpg 1080w, https:\/\/flawlesshair.com\/wp-content\/uploads\/2023\/11\/fountain-ponytail-with-braids-240x300.jpg 240w, https:\/\/flawlesshair.com\/wp-content\/uploads\/2023\/11\/fountain-ponytail-with-braids-768x959.jpg 768w, https:\/\/flawlesshair.com\/wp-content\/uploads\/2023\/11\/fountain-ponytail-with-braids-10x12.jpg 10w, https:\/\/flawlesshair.com\/wp-content\/uploads\/2023\/11\/fountain-ponytail-with-braids-769x960.jpg 769w, https:\/\/flawlesshair.com\/wp-content\/uploads\/2023\/11\/fountain-ponytail-with-braids-865x1080.jpg 865w, https:\/\/flawlesshair.com\/wp-content\/uploads\/2023\/11\/fountain-ponytail-with-braids-961x1200.jpg 961w, https:\/\/flawlesshair.com\/wp-content\/uploads\/2023\/11\/fountain-ponytail-with-braids-150x187.jpg 150w\" sizes=\"auto, (max-width: 760px) calc(100vw - 24px), 720px\"><\/noscript><img loading=\"lazy\" decoding=\"async\" width=\"1080\" height=\"1349\" src=\"https:\/\/flawlesshair.com\/wp-content\/uploads\/2023\/11\/fountain-ponytail-with-braids.jpg\" alt=\"rabo-de-cavalo de fonte com tran\u00e7as \u00e0 frente\" class=\"wp-image-30648 lazyload\" srcset=\"https:\/\/flawlesshair.com\/wp-content\/uploads\/2023\/11\/fountain-ponytail-with-braids.jpg 1080w, https:\/\/flawlesshair.com\/wp-content\/uploads\/2023\/11\/fountain-ponytail-with-braids-240x300.jpg 240w, https:\/\/flawlesshair.com\/wp-content\/uploads\/2023\/11\/fountain-ponytail-with-braids-768x959.jpg 768w, https:\/\/flawlesshair.com\/wp-content\/uploads\/2023\/11\/fountain-ponytail-with-braids-10x12.jpg 10w, https:\/\/flawlesshair.com\/wp-content\/uploads\/2023\/11\/fountain-ponytail-with-braids-769x960.jpg 769w, https:\/\/flawlesshair.com\/wp-content\/uploads\/2023\/11\/fountain-ponytail-with-braids-865x1080.jpg 865w, https:\/\/flawlesshair.com\/wp-content\/uploads\/2023\/11\/fountain-ponytail-with-braids-961x1200.jpg 961w, https:\/\/flawlesshair.com\/wp-content\/uploads\/2023\/11\/fountain-ponytail-with-braids-150x187.jpg 150w\" sizes=\"auto, (max-width: 760px) calc(100vw - 24px), 720px\" data-pin-media=\"https:\/\/flawlesshair.com\/wp-content\/uploads\/2023\/11\/fountain-ponytail-with-braids.jpg\" id=\"mv-trellis-img-62\" data-trellis-processed=\"1\"><div style=\"position: absolute; top: 0.5rem; right: 0.75rem;\"> <a href=\"https:\/\/www.pinterest.com\/pin\/create\/button\/\" data-pin-do=\"buttonPin\" data-pin-tall=\"true\" data-pin-url=\"https:\/\/flawlesshair.com\/pt\/ideias-para-cabelos-encaracolados\/\" data-pin-media=\"https:\/\/flawlesshair.com\/wp-content\/uploads\/2023\/11\/fountain-ponytail-with-braids.jpg\" data-pin-description=\"Get Perfect Curls With These Genius Curly Hair Tips And Styles\" rel=\"nofollow noopener\" target=\"_blank\"> <\/a><\/div><\/div><figcaption class=\"wp-element-caption\">@<a href=\"https:\/\/www.instagram.com\/style_cupid\/\" target=\"_blank\" rel=\"noreferrer noopener nofollow\">estilo_ocupado<\/a><\/figcaption><\/figure>\n<\/div>\n\n\n<p>Se est\u00e1 farta e cansada dos cl\u00e1ssicos rabos-de-cavalo de fonte, ent\u00e3o sabe que est\u00e1 na altura de adicionar algumas tran\u00e7as frontais \u00e0 equa\u00e7\u00e3o. Certifique-se apenas de que n\u00e3o mant\u00e9m as suas tran\u00e7as durante mais de 6 semanas para evitar a quebra do cabelo, a secura e o emaranhamento.<\/p>\n\n\n\n<h2 class=\"wp-block-heading\">Lembre-se de cuidar do seu cabelo encaracolado! <\/h2>\n\n\n\n<p>Os bons e os maus dias de cabelo s\u00e3o garantidos, mas se cuidar bem do seu cabelo encaracolado (e aparar regularmente as pontas duplas), n\u00e3o h\u00e1 nada com que se deva preocupar. Apesar de todos os desafios que adv\u00eam da manuten\u00e7\u00e3o da juba encaracolada, acho que a vida \u00e9 demasiado curta para ter um cabelo liso. Quantas de v\u00f3s se identificam com isto?<\/p>","protected":false},"excerpt":{"rendered":"<p>Sejamos realistas. Cuidar corretamente do cabelo encaracolado \u00e9 como se fosse um segundo emprego. Os carac\u00f3is podem ser imprevis\u00edveis (tal como a pr\u00f3pria vida) e h\u00e1 um ...<\/p>","protected":false},"author":6,"featured_media":103807,"comment_status":"closed","ping_status":"closed","sticky":false,"template":"","format":"standard","meta":{"syndication_tool_enabled":false,"syndication_tool_title":"","syndication_tool_excerpt":"","syndication_tool_featured_image":0,"syndication_tool_publish_date":"","syndication_tool_schema_types":[],"syndication_tool_backlink_enable":false,"syndication_tool_ai_disclosure_enable":false,"disable-in-feed":false,"article-schema-type":"","disable-critical-css":false,"footnotes":""},"categories":[30],"tags":[],"class_list":["post-29964","post","type-post","status-publish","format-standard","has-post-thumbnail","hentry","category-advice"],"_links":{"self":[{"href":"https:\/\/flawlesshair.com\/pt\/wp-json\/wp\/v2\/posts\/29964","targetHints":{"allow":["GET"]}}],"collection":[{"href":"https:\/\/flawlesshair.com\/pt\/wp-json\/wp\/v2\/posts"}],"about":[{"href":"https:\/\/flawlesshair.com\/pt\/wp-json\/wp\/v2\/types\/post"}],"author":[{"embeddable":true,"href":"https:\/\/flawlesshair.com\/pt\/wp-json\/wp\/v2\/users\/6"}],"replies":[{"embeddable":true,"href":"https:\/\/flawlesshair.com\/pt\/wp-json\/wp\/v2\/comments?post=29964"}],"version-history":[{"count":0,"href":"https:\/\/flawlesshair.com\/pt\/wp-json\/wp\/v2\/posts\/29964\/revisions"}],"wp:featuredmedia":[{"embeddable":true,"href":"https:\/\/flawlesshair.com\/pt\/wp-json\/wp\/v2\/media\/103807"}],"wp:attachment":[{"href":"https:\/\/flawlesshair.com\/pt\/wp-json\/wp\/v2\/media?parent=29964"}],"wp:term":[{"taxonomy":"category","embeddable":true,"href":"https:\/\/flawlesshair.com\/pt\/wp-json\/wp\/v2\/categories?post=29964"},{"taxonomy":"post_tag","embeddable":true,"href":"https:\/\/flawlesshair.com\/pt\/wp-json\/wp\/v2\/tags?post=29964"}],"curies":[{"name":"wp","href":"https:\/\/api.w.org\/{rel}","templated":true}]}}