{"id":44049,"date":"2024-12-09T23:45:00","date_gmt":"2024-12-09T22:45:00","guid":{"rendered":"https:\/\/flawlesshair.com\/?p=44049"},"modified":"2024-12-06T14:22:05","modified_gmt":"2024-12-06T13:22:05","slug":"penteado-com-moldura-para-o-rosto","status":"publish","type":"post","link":"https:\/\/flawlesshair.com\/pt\/penteado-com-moldura-para-o-rosto\/","title":{"rendered":"Estes cortes de cabelo que emolduram o rosto t\u00eam de estar no seu quadro de humor"},"content":{"rendered":"<style>img#mv-trellis-img-1::before{padding-top:118.19444444444%; }img#mv-trellis-img-1{display:block;}img#mv-trellis-img-2::before{padding-top:125%; }img#mv-trellis-img-2{display:block;}img#mv-trellis-img-3::before{padding-top:125%; }img#mv-trellis-img-3{display:block;}img#mv-trellis-img-4::before{padding-top:124.375%; }img#mv-trellis-img-4{display:block;}img#mv-trellis-img-5::before{padding-top:117.64705882353%; }img#mv-trellis-img-5{display:block;}img#mv-trellis-img-6::before{padding-top:125%; }img#mv-trellis-img-6{display:block;}img#mv-trellis-img-7::before{padding-top:100%; }img#mv-trellis-img-7{display:block;}img#mv-trellis-img-8::before{padding-top:115.02145922747%; }img#mv-trellis-img-8{display:block;}img#mv-trellis-img-9::before{padding-top:125%; }img#mv-trellis-img-9{display:block;}img#mv-trellis-img-10::before{padding-top:125%; }img#mv-trellis-img-10{display:block;}img#mv-trellis-img-11::before{padding-top:124.23611111111%; }img#mv-trellis-img-11{display:block;}img#mv-trellis-img-12::before{padding-top:125%; }img#mv-trellis-img-12{display:block;}img#mv-trellis-img-13::before{padding-top:125%; }img#mv-trellis-img-13{display:block;}img#mv-trellis-img-14::before{padding-top:125%; }img#mv-trellis-img-14{display:block;}img#mv-trellis-img-15::before{padding-top:122.98611111111%; }img#mv-trellis-img-15{display:block;}img#mv-trellis-img-16::before{padding-top:125%; }img#mv-trellis-img-16{display:block;}img#mv-trellis-img-17::before{padding-top:125%; }img#mv-trellis-img-17{display:block;}img#mv-trellis-img-18::before{padding-top:125%; }img#mv-trellis-img-18{display:block;}img#mv-trellis-img-19::before{padding-top:123.72393961179%; }img#mv-trellis-img-19{display:block;}img#mv-trellis-img-20::before{padding-top:125%; }img#mv-trellis-img-20{display:block;}img#mv-trellis-img-21::before{padding-top:125%; }img#mv-trellis-img-21{display:block;}img#mv-trellis-img-22::before{padding-top:125%; }img#mv-trellis-img-22{display:block;}img#mv-trellis-img-23::before{padding-top:124.86111111111%; }img#mv-trellis-img-23{display:block;}img#mv-trellis-img-24::before{padding-top:124.79166666667%; }img#mv-trellis-img-24{display:block;}img#mv-trellis-img-25::before{padding-top:124.35185185185%; }img#mv-trellis-img-25{display:block;}img#mv-trellis-img-26::before{padding-top:125%; }img#mv-trellis-img-26{display:block;}img#mv-trellis-img-27::before{padding-top:125%; }img#mv-trellis-img-27{display:block;}img#mv-trellis-img-28::before{padding-top:125%; }img#mv-trellis-img-28{display:block;}img#mv-trellis-img-29::before{padding-top:125%; }img#mv-trellis-img-29{display:block;}img#mv-trellis-img-30::before{padding-top:125%; }img#mv-trellis-img-30{display:block;}img#mv-trellis-img-31::before{padding-top:110.01615508885%; }img#mv-trellis-img-31{display:block;}img#mv-trellis-img-32::before{padding-top:114.51388888889%; }img#mv-trellis-img-32{display:block;}img#mv-trellis-img-33::before{padding-top:124.93055555556%; }img#mv-trellis-img-33{display:block;}img#mv-trellis-img-34::before{padding-top:125%; }img#mv-trellis-img-34{display:block;}img#mv-trellis-img-35::before{padding-top:124.86111111111%; }img#mv-trellis-img-35{display:block;}img#mv-trellis-img-36::before{padding-top:108.47222222222%; }img#mv-trellis-img-36{display:block;}img#mv-trellis-img-37::before{padding-top:125%; }img#mv-trellis-img-37{display:block;}img#mv-trellis-img-38::before{padding-top:125%; }img#mv-trellis-img-38{display:block;}img#mv-trellis-img-39::before{padding-top:125%; }img#mv-trellis-img-39{display:block;}img#mv-trellis-img-40::before{padding-top:100%; }img#mv-trellis-img-40{display:block;}img#mv-trellis-img-41::before{padding-top:125%; }img#mv-trellis-img-41{display:block;}img#mv-trellis-img-42::before{padding-top:125%; }img#mv-trellis-img-42{display:block;}img#mv-trellis-img-43::before{padding-top:125%; }img#mv-trellis-img-43{display:block;}img#mv-trellis-img-44::before{padding-top:125%; }img#mv-trellis-img-44{display:block;}img#mv-trellis-img-45::before{padding-top:125%; }img#mv-trellis-img-45{display:block;}<\/style>\n<p>Vamos falar de enquadramento facial. <\/p>\n\n\n\n<p>Embora a franja possa fazer parte de um corte de cabelo que enquadra o rosto, n\u00e3o \u00e9 necess\u00e1ria: camadas subtis \u00e0 volta do rosto podem fazer a maior parte do trabalho \u00e1rduo por si s\u00f3. Em vez de serem uma carater\u00edstica que se destaca, as camadas que emolduram o rosto fazem com que um corte de cabelo se adapte melhor a si sem roubar o espet\u00e1culo.<\/p>\n\n\n\n<p>Enquanto a franja chama a aten\u00e7\u00e3o, as camadas que emolduram o rosto s\u00e3o discretas, levando subtilmente o seu penteado de bom a fant\u00e1stico. E juntas, podem fazer maravilhas.<\/p>\n\n\n\n<p>Pronta para dar o salto? Temos todas as informa\u00e7\u00f5es: desde fotos de inspira\u00e7\u00e3o deslumbrantes que precisa de fixar a dicas \u00fateis para encontrar o corte de cabelo perfeito para emoldurar o rosto.<\/p>\n\n\n\n<h2 class=\"wp-block-heading\">O que \u00e9 o enquadramento facial?<\/h2>\n\n\n\n<figure class=\"wp-block-image size-full\"><div style=\"position: relative;\"><noscript><img loading=\"lazy\" decoding=\"async\" width=\"1440\" height=\"1702\" src=\"https:\/\/flawlesshair.com\/wp-content\/uploads\/2024\/03\/1.-face-framing-haircut-with-bangs.jpg\" alt=\"corte de cabelo com franja para emoldurar o rosto\" class=\"wp-image-44057\" srcset=\"https:\/\/flawlesshair.com\/wp-content\/uploads\/2024\/03\/1.-face-framing-haircut-with-bangs.jpg 1440w, https:\/\/flawlesshair.com\/wp-content\/uploads\/2024\/03\/1.-face-framing-haircut-with-bangs-254x300.jpg 254w, https:\/\/flawlesshair.com\/wp-content\/uploads\/2024\/03\/1.-face-framing-haircut-with-bangs-768x908.jpg 768w, https:\/\/flawlesshair.com\/wp-content\/uploads\/2024\/03\/1.-face-framing-haircut-with-bangs-10x12.jpg 10w, https:\/\/flawlesshair.com\/wp-content\/uploads\/2024\/03\/1.-face-framing-haircut-with-bangs-812x960.jpg 812w, https:\/\/flawlesshair.com\/wp-content\/uploads\/2024\/03\/1.-face-framing-haircut-with-bangs-914x1080.jpg 914w, https:\/\/flawlesshair.com\/wp-content\/uploads\/2024\/03\/1.-face-framing-haircut-with-bangs-1015x1200.jpg 1015w, https:\/\/flawlesshair.com\/wp-content\/uploads\/2024\/03\/1.-face-framing-haircut-with-bangs-150x177.jpg 150w\" sizes=\"auto, (max-width: 760px) calc(100vw - 24px), 720px\"><\/noscript><img loading=\"eager\" decoding=\"async\" width=\"1440\" height=\"1702\" src=\"data:image\/svg+xml,%3Csvg%20xmlns='http:\/\/www.w3.org\/2000\/svg'%20viewBox='0%200%201440%201702'%3E%3Crect%20width='1440'%20height='1702'%20style='fill:%23e3e3e3'\/%3E%3C\/svg%3E\" alt=\"corte de cabelo com franja para emoldurar o rosto\" class=\"wp-image-44057 eager-load\" sizes=\"auto, (max-width: 760px) calc(100vw - 24px), 720px\" data-pin-media=\"https:\/\/flawlesshair.com\/wp-content\/uploads\/2024\/03\/1.-face-framing-haircut-with-bangs.jpg\" id=\"mv-trellis-img-1\" data-src=\"https:\/\/flawlesshair.com\/wp-content\/uploads\/2024\/03\/1.-face-framing-haircut-with-bangs.jpg\" data-srcset=\"https:\/\/flawlesshair.com\/wp-content\/uploads\/2024\/03\/1.-face-framing-haircut-with-bangs.jpg 1440w, https:\/\/flawlesshair.com\/wp-content\/uploads\/2024\/03\/1.-face-framing-haircut-with-bangs-254x300.jpg 254w, https:\/\/flawlesshair.com\/wp-content\/uploads\/2024\/03\/1.-face-framing-haircut-with-bangs-768x908.jpg 768w, https:\/\/flawlesshair.com\/wp-content\/uploads\/2024\/03\/1.-face-framing-haircut-with-bangs-10x12.jpg 10w, https:\/\/flawlesshair.com\/wp-content\/uploads\/2024\/03\/1.-face-framing-haircut-with-bangs-812x960.jpg 812w, https:\/\/flawlesshair.com\/wp-content\/uploads\/2024\/03\/1.-face-framing-haircut-with-bangs-914x1080.jpg 914w, https:\/\/flawlesshair.com\/wp-content\/uploads\/2024\/03\/1.-face-framing-haircut-with-bangs-1015x1200.jpg 1015w, https:\/\/flawlesshair.com\/wp-content\/uploads\/2024\/03\/1.-face-framing-haircut-with-bangs-150x177.jpg 150w\" data-svg=\"1\" data-trellis-processed=\"1\"><div style=\"position: absolute; top: 0.5rem; right: 0.75rem;\"> <a href=\"https:\/\/www.pinterest.com\/pin\/create\/button\/\" data-pin-do=\"buttonPin\" data-pin-tall=\"true\" data-pin-url=\"https:\/\/flawlesshair.com\/pt\/penteado-com-moldura-para-o-rosto\/\" data-pin-media=\"https:\/\/flawlesshair.com\/wp-content\/uploads\/2024\/03\/1.-face-framing-haircut-with-bangs.jpg\" data-pin-description=\"These Face-Framing Haircuts Need To Be On Your Mood Board\" rel=\"nofollow noopener\" target=\"_blank\"> <\/a><\/div><\/div><figcaption class=\"wp-element-caption\"><a href=\"https:\/\/www.instagram.com\/britt_doeshair\" target=\"_blank\" rel=\"noreferrer noopener nofollow\">@britt_doeshair<\/a><\/figcaption><\/figure>\n\n\n\n<p>J\u00e1 deve ter ouvido este termo muitas vezes, mas o que \u00e9 que ele significa realmente? <\/p>\n\n\n\n<p>Na verdade, \u00e9 bastante simples: a ideia \u00e9 criar uma moldura para o seu rosto. <strong>As sec\u00e7\u00f5es de cabelo \u00e0 frente s\u00e3o colocadas em camadas, real\u00e7adas ou estilizadas para ca\u00edrem sobre o seu rosto de uma forma que equilibre as suas caracter\u00edsticas.<\/strong><\/p>\n\n\n\n<p>Como a moldura do rosto \u00e9 t\u00e3o individual, h\u00e1 muita personaliza\u00e7\u00e3o envolvida. Para criar uma moldura de rosto que funcione para as suas caracter\u00edsticas \u00fanicas, o seu cabeleireiro tem de decidir cuidadosamente a coloca\u00e7\u00e3o de madeixas e camadas e utilizar v\u00e1rias t\u00e9cnicas de corte e de madeixas para conseguir um look que lhe agrade.<\/p>\n\n\n\n<p>Normalmente, utilizam uma ou mais das seguintes op\u00e7\u00f5es:<\/p>\n\n\n\n<ul class=\"wp-block-list\">\n<li><strong>Camadas<\/strong>: V\u00e1rios comprimentos de cabelo que criam movimento e emolduram o rosto ser\u00e3o colocados em determinados pontos para acentuar as suas caracter\u00edsticas.<\/li>\n\n\n\n<li><strong>Pancadas<\/strong>: A <a href=\"https:\/\/flawlesshair.com\/pt\/tipos-de-franja\/\">tipo de franja<\/a> que funciona especificamente para emoldurar o seu rosto pode ser inclu\u00eddo, chamando a aten\u00e7\u00e3o para os seus olhos e ma\u00e7\u00e3s do rosto.<\/li>\n\n\n\n<li><strong>Balayage<\/strong>: Para iluminar o seu rosto, o seu cabeleireiro pode utilizar esta t\u00e9cnica de madeixas \u00e0 m\u00e3o livre para um efeito natural.<\/li>\n\n\n\n<li><strong>Destaques em folha<\/strong>: Se pretender um look espec\u00edfico, as sec\u00e7\u00f5es de cabelo s\u00e3o separadas e embrulhadas em papel de alum\u00ednio, permitindo uma coloca\u00e7\u00e3o precisa da cor.<\/li>\n<\/ul>\n\n\n\n<h2 class=\"wp-block-heading\">Porqu\u00ea o Face-Framing?<\/h2>\n\n\n\n<figure class=\"wp-block-image size-full\"><div style=\"position: relative;\"><noscript><img loading=\"lazy\" decoding=\"async\" width=\"1440\" height=\"1800\" src=\"https:\/\/flawlesshair.com\/wp-content\/uploads\/2024\/03\/2.-long-hair-with-subtle-layers.jpg\" alt=\"cabelo comprido com camadas subtis\" class=\"wp-image-44058\" srcset=\"https:\/\/flawlesshair.com\/wp-content\/uploads\/2024\/03\/2.-long-hair-with-subtle-layers.jpg 1440w, https:\/\/flawlesshair.com\/wp-content\/uploads\/2024\/03\/2.-long-hair-with-subtle-layers-240x300.jpg 240w, https:\/\/flawlesshair.com\/wp-content\/uploads\/2024\/03\/2.-long-hair-with-subtle-layers-768x960.jpg 768w, https:\/\/flawlesshair.com\/wp-content\/uploads\/2024\/03\/2.-long-hair-with-subtle-layers-10x12.jpg 10w, https:\/\/flawlesshair.com\/wp-content\/uploads\/2024\/03\/2.-long-hair-with-subtle-layers-864x1080.jpg 864w, https:\/\/flawlesshair.com\/wp-content\/uploads\/2024\/03\/2.-long-hair-with-subtle-layers-960x1200.jpg 960w, https:\/\/flawlesshair.com\/wp-content\/uploads\/2024\/03\/2.-long-hair-with-subtle-layers-150x188.jpg 150w\" sizes=\"auto, (max-width: 760px) calc(100vw - 24px), 720px\"><\/noscript><img loading=\"lazy\" decoding=\"async\" width=\"1440\" height=\"1800\" src=\"https:\/\/flawlesshair.com\/wp-content\/uploads\/2024\/03\/2.-long-hair-with-subtle-layers.jpg\" alt=\"cabelo comprido com camadas subtis\" class=\"wp-image-44058 lazyload\" srcset=\"https:\/\/flawlesshair.com\/wp-content\/uploads\/2024\/03\/2.-long-hair-with-subtle-layers.jpg 1440w, https:\/\/flawlesshair.com\/wp-content\/uploads\/2024\/03\/2.-long-hair-with-subtle-layers-240x300.jpg 240w, https:\/\/flawlesshair.com\/wp-content\/uploads\/2024\/03\/2.-long-hair-with-subtle-layers-768x960.jpg 768w, https:\/\/flawlesshair.com\/wp-content\/uploads\/2024\/03\/2.-long-hair-with-subtle-layers-10x12.jpg 10w, https:\/\/flawlesshair.com\/wp-content\/uploads\/2024\/03\/2.-long-hair-with-subtle-layers-864x1080.jpg 864w, https:\/\/flawlesshair.com\/wp-content\/uploads\/2024\/03\/2.-long-hair-with-subtle-layers-960x1200.jpg 960w, https:\/\/flawlesshair.com\/wp-content\/uploads\/2024\/03\/2.-long-hair-with-subtle-layers-150x188.jpg 150w\" sizes=\"auto, (max-width: 760px) calc(100vw - 24px), 720px\" data-pin-media=\"https:\/\/flawlesshair.com\/wp-content\/uploads\/2024\/03\/2.-long-hair-with-subtle-layers.jpg\" id=\"mv-trellis-img-2\" data-trellis-processed=\"1\"><div style=\"position: absolute; top: 0.5rem; right: 0.75rem;\"> <a href=\"https:\/\/www.pinterest.com\/pin\/create\/button\/\" data-pin-do=\"buttonPin\" data-pin-tall=\"true\" data-pin-url=\"https:\/\/flawlesshair.com\/pt\/penteado-com-moldura-para-o-rosto\/\" data-pin-media=\"https:\/\/flawlesshair.com\/wp-content\/uploads\/2024\/03\/2.-long-hair-with-subtle-layers.jpg\" data-pin-description=\"These Face-Framing Haircuts Need To Be On Your Mood Board\" rel=\"nofollow noopener\" target=\"_blank\"> <\/a><\/div><\/div><figcaption class=\"wp-element-caption\"><a href=\"https:\/\/www.instagram.com\/kultura_moscow\" target=\"_blank\" rel=\"noreferrer noopener nofollow\">@kultura_moscow<\/a><\/figcaption><\/figure>\n\n\n\n<p>N\u00e3o h\u00e1, literalmente, quaisquer contras num corte de cabelo que enquadre o rosto, porque quem \u00e9 que n\u00e3o quer um penteado lisonjeiro? Aqui est\u00e3o mais algumas raz\u00f5es pelas quais deve fazer um corte de cabelo o mais rapidamente poss\u00edvel.<\/p>\n\n\n\n<ul class=\"wp-block-list\">\n<li><strong>Equil\u00edbrio<\/strong>. O enquadramento facial \u00e9 adaptado e concebido para real\u00e7ar as suas caracter\u00edsticas espec\u00edficas e fazer com que o seu rosto pare\u00e7a mais harmonioso. Por exemplo, pode fazer sobressair as ma\u00e7\u00e3s do rosto ou chamar a aten\u00e7\u00e3o para os olhos.<\/li>\n\n\n\n<li><strong>Estrutura<\/strong>. As camadas de enquadramento do rosto criam suavidade ou \u00e2ngulos, dependendo do que se adequa melhor \u00e0 forma do seu rosto: podem suavizar a linha do maxilar ou fazer com que o seu rosto pare\u00e7a mais estreito ao adicionar volume.<\/li>\n\n\n\n<li><strong>Movimento<\/strong>. A moldura facial acrescenta movimento ao cabelo, o que far\u00e1 com que o seu penteado pare\u00e7a mais solto e sem esfor\u00e7o.<\/li>\n\n\n\n<li><strong>Adaptabilidade<\/strong>. A moldura facial funciona com qualquer comprimento, textura e tipo de cabelo. Independentemente de o seu cabelo ser comprido, curto, encaracolado ou liso, a t\u00e9cnica pode ser personalizada para se adequar a si.<\/li>\n\n\n\n<li><strong>Versatilidade<\/strong>. Uma arma\u00e7\u00e3o para o rosto permite-lhe usar o seu cabelo de mais formas e experimentar diferentes cortes.<\/li>\n<\/ul>\n\n\n\n<h2 class=\"wp-block-heading\">Escolher o corte e a cor certos<\/h2>\n\n\n\n<figure class=\"wp-block-image size-full\"><div style=\"position: relative;\"><noscript><img loading=\"lazy\" decoding=\"async\" width=\"1440\" height=\"1800\" src=\"https:\/\/flawlesshair.com\/wp-content\/uploads\/2024\/03\/4.-mini-wolf-cut.jpg\" alt=\"corte de mini lobo\" class=\"wp-image-44061\" srcset=\"https:\/\/flawlesshair.com\/wp-content\/uploads\/2024\/03\/4.-mini-wolf-cut.jpg 1440w, https:\/\/flawlesshair.com\/wp-content\/uploads\/2024\/03\/4.-mini-wolf-cut-240x300.jpg 240w, https:\/\/flawlesshair.com\/wp-content\/uploads\/2024\/03\/4.-mini-wolf-cut-768x960.jpg 768w, https:\/\/flawlesshair.com\/wp-content\/uploads\/2024\/03\/4.-mini-wolf-cut-10x12.jpg 10w, https:\/\/flawlesshair.com\/wp-content\/uploads\/2024\/03\/4.-mini-wolf-cut-864x1080.jpg 864w, https:\/\/flawlesshair.com\/wp-content\/uploads\/2024\/03\/4.-mini-wolf-cut-960x1200.jpg 960w, https:\/\/flawlesshair.com\/wp-content\/uploads\/2024\/03\/4.-mini-wolf-cut-150x188.jpg 150w\" sizes=\"auto, (max-width: 760px) calc(100vw - 24px), 720px\"><\/noscript><img loading=\"lazy\" decoding=\"async\" width=\"1440\" height=\"1800\" src=\"https:\/\/flawlesshair.com\/wp-content\/uploads\/2024\/03\/4.-mini-wolf-cut.jpg\" alt=\"corte de mini lobo\" class=\"wp-image-44061 lazyload\" srcset=\"https:\/\/flawlesshair.com\/wp-content\/uploads\/2024\/03\/4.-mini-wolf-cut.jpg 1440w, https:\/\/flawlesshair.com\/wp-content\/uploads\/2024\/03\/4.-mini-wolf-cut-240x300.jpg 240w, https:\/\/flawlesshair.com\/wp-content\/uploads\/2024\/03\/4.-mini-wolf-cut-768x960.jpg 768w, https:\/\/flawlesshair.com\/wp-content\/uploads\/2024\/03\/4.-mini-wolf-cut-10x12.jpg 10w, https:\/\/flawlesshair.com\/wp-content\/uploads\/2024\/03\/4.-mini-wolf-cut-864x1080.jpg 864w, https:\/\/flawlesshair.com\/wp-content\/uploads\/2024\/03\/4.-mini-wolf-cut-960x1200.jpg 960w, https:\/\/flawlesshair.com\/wp-content\/uploads\/2024\/03\/4.-mini-wolf-cut-150x188.jpg 150w\" sizes=\"auto, (max-width: 760px) calc(100vw - 24px), 720px\" data-pin-media=\"https:\/\/flawlesshair.com\/wp-content\/uploads\/2024\/03\/4.-mini-wolf-cut.jpg\" id=\"mv-trellis-img-3\" data-trellis-processed=\"1\"><div style=\"position: absolute; top: 0.5rem; right: 0.75rem;\"> <a href=\"https:\/\/www.pinterest.com\/pin\/create\/button\/\" data-pin-do=\"buttonPin\" data-pin-tall=\"true\" data-pin-url=\"https:\/\/flawlesshair.com\/pt\/penteado-com-moldura-para-o-rosto\/\" data-pin-media=\"https:\/\/flawlesshair.com\/wp-content\/uploads\/2024\/03\/4.-mini-wolf-cut.jpg\" data-pin-description=\"These Face-Framing Haircuts Need To Be On Your Mood Board\" rel=\"nofollow noopener\" target=\"_blank\"> <\/a><\/div><\/div><figcaption class=\"wp-element-caption\"><a href=\"https:\/\/www.instagram.com\/seiyaamano_salonwork\" target=\"_blank\" rel=\"noreferrer noopener nofollow\">@seiyaamano_salonwork<\/a><\/figcaption><\/figure>\n\n\n\n<p>Escolher o corte de cabelo adequado para emoldurar o rosto n\u00e3o \u00e9 diferente de escolher qualquer outro penteado: comece por restringir o que gosta. <\/p>\n\n\n\n<p>Em seguida, consulte um cabeleireiro profissional da sua confian\u00e7a para obter os melhores resultados. Este fornecer\u00e1 recomenda\u00e7\u00f5es personalizadas com base em factores como a forma do rosto, o tipo de cabelo e o estilo de vida.<\/p>\n\n\n\n<h3 class=\"wp-block-heading\">O formato do rosto \u00e9 importante<\/h3>\n\n\n\n<figure class=\"wp-block-image size-full\"><div style=\"position: relative;\"><noscript><img loading=\"lazy\" decoding=\"async\" width=\"1440\" height=\"1791\" src=\"https:\/\/flawlesshair.com\/wp-content\/uploads\/2024\/03\/4.-haircut-with-face-framing-layers.jpg\" alt=\"corte de cabelo com camadas que emolduram o rosto\" class=\"wp-image-44060\" srcset=\"https:\/\/flawlesshair.com\/wp-content\/uploads\/2024\/03\/4.-haircut-with-face-framing-layers.jpg 1440w, https:\/\/flawlesshair.com\/wp-content\/uploads\/2024\/03\/4.-haircut-with-face-framing-layers-241x300.jpg 241w, https:\/\/flawlesshair.com\/wp-content\/uploads\/2024\/03\/4.-haircut-with-face-framing-layers-768x955.jpg 768w, https:\/\/flawlesshair.com\/wp-content\/uploads\/2024\/03\/4.-haircut-with-face-framing-layers-10x12.jpg 10w, https:\/\/flawlesshair.com\/wp-content\/uploads\/2024\/03\/4.-haircut-with-face-framing-layers-772x960.jpg 772w, https:\/\/flawlesshair.com\/wp-content\/uploads\/2024\/03\/4.-haircut-with-face-framing-layers-868x1080.jpg 868w, https:\/\/flawlesshair.com\/wp-content\/uploads\/2024\/03\/4.-haircut-with-face-framing-layers-965x1200.jpg 965w, https:\/\/flawlesshair.com\/wp-content\/uploads\/2024\/03\/4.-haircut-with-face-framing-layers-150x187.jpg 150w\" sizes=\"auto, (max-width: 760px) calc(100vw - 24px), 720px\"><\/noscript><img loading=\"lazy\" decoding=\"async\" width=\"1440\" height=\"1791\" src=\"https:\/\/flawlesshair.com\/wp-content\/uploads\/2024\/03\/4.-haircut-with-face-framing-layers.jpg\" alt=\"corte de cabelo com camadas que emolduram o rosto\" class=\"wp-image-44060 lazyload\" srcset=\"https:\/\/flawlesshair.com\/wp-content\/uploads\/2024\/03\/4.-haircut-with-face-framing-layers.jpg 1440w, https:\/\/flawlesshair.com\/wp-content\/uploads\/2024\/03\/4.-haircut-with-face-framing-layers-241x300.jpg 241w, https:\/\/flawlesshair.com\/wp-content\/uploads\/2024\/03\/4.-haircut-with-face-framing-layers-768x955.jpg 768w, https:\/\/flawlesshair.com\/wp-content\/uploads\/2024\/03\/4.-haircut-with-face-framing-layers-10x12.jpg 10w, https:\/\/flawlesshair.com\/wp-content\/uploads\/2024\/03\/4.-haircut-with-face-framing-layers-772x960.jpg 772w, https:\/\/flawlesshair.com\/wp-content\/uploads\/2024\/03\/4.-haircut-with-face-framing-layers-868x1080.jpg 868w, https:\/\/flawlesshair.com\/wp-content\/uploads\/2024\/03\/4.-haircut-with-face-framing-layers-965x1200.jpg 965w, https:\/\/flawlesshair.com\/wp-content\/uploads\/2024\/03\/4.-haircut-with-face-framing-layers-150x187.jpg 150w\" sizes=\"auto, (max-width: 760px) calc(100vw - 24px), 720px\" data-pin-media=\"https:\/\/flawlesshair.com\/wp-content\/uploads\/2024\/03\/4.-haircut-with-face-framing-layers.jpg\" id=\"mv-trellis-img-4\" data-trellis-processed=\"1\"><div style=\"position: absolute; top: 0.5rem; right: 0.75rem;\"> <a href=\"https:\/\/www.pinterest.com\/pin\/create\/button\/\" data-pin-do=\"buttonPin\" data-pin-tall=\"true\" data-pin-url=\"https:\/\/flawlesshair.com\/pt\/penteado-com-moldura-para-o-rosto\/\" data-pin-media=\"https:\/\/flawlesshair.com\/wp-content\/uploads\/2024\/03\/4.-haircut-with-face-framing-layers.jpg\" data-pin-description=\"These Face-Framing Haircuts Need To Be On Your Mood Board\" rel=\"nofollow noopener\" target=\"_blank\"> <\/a><\/div><\/div><figcaption class=\"wp-element-caption\"><a href=\"https:\/\/www.instagram.com\/thebangsbabe\" target=\"_blank\" rel=\"noreferrer noopener nofollow\">@thebangsbabe<\/a><\/figcaption><\/figure>\n\n\n\n<p>As diferentes formas do rosto influenciam a escolha da t\u00e9cnica de enquadramento do rosto. Para obter um penteado que a favore\u00e7a mais, concentre-se em criar equil\u00edbrio.<\/p>\n\n\n\n<p><strong>FACE OVAL<\/strong><br>Os rostos ovais j\u00e1 s\u00e3o equilibrados, por isso s\u00e3o os mais vers\u00e1teis - quase todos os penteados favorecem esta forma. Isto d\u00e1-lhe a liberdade de experimentar e brincar com diferentes comprimentos e texturas. Experimente camadas longas, <a href=\"https:\/\/flawlesshair.com\/pt\/franja-para-rosto-oval\/\">um bob moderno com franja<\/a> ou um duende comprido e masculino.<\/p>\n\n\n\n<p><strong>ROSCA REDONDA<\/strong><br>Os rostos redondos beneficiam da cria\u00e7\u00e3o de \u00e2ngulos e do alongamento. Opte por camadas mais compridas que acrescentem linhas verticais e evite cortes arredondados. A franja lateral e as camadas cortadas que caem abaixo do queixo s\u00e3o uma \u00f3ptima escolha.<\/p>\n\n\n\n<p><strong>FACE QUADRADA<\/strong><br>Os rostos quadrados t\u00eam maxilares fortes e caracter\u00edsticas angulares, por isso, para criar equil\u00edbrio, pode suavizar os \u00e2ngulos com camadas que enquadrem o rosto. As camadas que come\u00e7am perto das ma\u00e7\u00e3s do rosto ou do queixo s\u00e3o lisonjeiras, e os estilos com cortes laterais, ondas e camadas texturadas ir\u00e3o suavizar a forma quadrada.<\/p>\n\n\n\n<p><strong>ROSTO EM FORMA DE CORA\u00c7\u00c3O<\/strong><br>Os rostos em forma de cora\u00e7\u00e3o t\u00eam testas mais largas e queixos mais estreitos, por isso, para criar equil\u00edbrio, desvie a aten\u00e7\u00e3o da testa. Experimente camadas longas que enquadrem o rosto ou <a href=\"https:\/\/flawlesshair.com\/pt\/franja-fina\/\">franja fina<\/a>Se o seu cabelo for muito volumoso, adicione volume ao n\u00edvel do queixo e evite camadas pesadas na coroa.<\/p>\n\n\n\n<p><strong>FACE DE DIAMANTE<\/strong><br>Os rostos de diamante s\u00e3o bastante equilibrados e t\u00eam ma\u00e7\u00e3s do rosto largas que se destacam. Suavize os \u00e2ngulos com camadas de comprimento m\u00e9dio que come\u00e7am na linha do maxilar ou longas, <a href=\"https:\/\/flawlesshair.com\/pt\/bob-com-franja-lateral\/\">franja lateral<\/a>.<\/p>\n\n\n\n<p><strong>ROSTO OBLONGO<\/strong><br>Os rostos oblongos ficam melhor quando se acrescenta largura: escolha estilos mais curtos ou camadas com bastante volume. As franjas curtas ou grossas podem funcionar bem. Os carac\u00f3is e as camadas texturadas acrescentam plenitude na horizontal.<\/p>\n\n\n\n<h3 class=\"wp-block-heading\">Sele\u00e7\u00e3o de cores<\/h3>\n\n\n\n<figure class=\"wp-block-image size-full\"><div style=\"position: relative;\"><noscript><img loading=\"lazy\" decoding=\"async\" width=\"1377\" height=\"1620\" src=\"https:\/\/flawlesshair.com\/wp-content\/uploads\/2024\/03\/5.-face-framing-highlights-on-dark-hair.jpg\" alt=\"madeixas que emolduram o rosto em cabelos escuros\" class=\"wp-image-44062\" srcset=\"https:\/\/flawlesshair.com\/wp-content\/uploads\/2024\/03\/5.-face-framing-highlights-on-dark-hair.jpg 1377w, https:\/\/flawlesshair.com\/wp-content\/uploads\/2024\/03\/5.-face-framing-highlights-on-dark-hair-255x300.jpg 255w, https:\/\/flawlesshair.com\/wp-content\/uploads\/2024\/03\/5.-face-framing-highlights-on-dark-hair-768x904.jpg 768w, https:\/\/flawlesshair.com\/wp-content\/uploads\/2024\/03\/5.-face-framing-highlights-on-dark-hair-10x12.jpg 10w, https:\/\/flawlesshair.com\/wp-content\/uploads\/2024\/03\/5.-face-framing-highlights-on-dark-hair-816x960.jpg 816w, https:\/\/flawlesshair.com\/wp-content\/uploads\/2024\/03\/5.-face-framing-highlights-on-dark-hair-918x1080.jpg 918w, https:\/\/flawlesshair.com\/wp-content\/uploads\/2024\/03\/5.-face-framing-highlights-on-dark-hair-1020x1200.jpg 1020w, https:\/\/flawlesshair.com\/wp-content\/uploads\/2024\/03\/5.-face-framing-highlights-on-dark-hair-150x176.jpg 150w\" sizes=\"auto, (max-width: 760px) calc(100vw - 24px), 720px\"><\/noscript><img loading=\"lazy\" decoding=\"async\" width=\"1377\" height=\"1620\" src=\"https:\/\/flawlesshair.com\/wp-content\/uploads\/2024\/03\/5.-face-framing-highlights-on-dark-hair.jpg\" alt=\"madeixas que emolduram o rosto em cabelos escuros\" class=\"wp-image-44062 lazyload\" srcset=\"https:\/\/flawlesshair.com\/wp-content\/uploads\/2024\/03\/5.-face-framing-highlights-on-dark-hair.jpg 1377w, https:\/\/flawlesshair.com\/wp-content\/uploads\/2024\/03\/5.-face-framing-highlights-on-dark-hair-255x300.jpg 255w, https:\/\/flawlesshair.com\/wp-content\/uploads\/2024\/03\/5.-face-framing-highlights-on-dark-hair-768x904.jpg 768w, https:\/\/flawlesshair.com\/wp-content\/uploads\/2024\/03\/5.-face-framing-highlights-on-dark-hair-10x12.jpg 10w, https:\/\/flawlesshair.com\/wp-content\/uploads\/2024\/03\/5.-face-framing-highlights-on-dark-hair-816x960.jpg 816w, https:\/\/flawlesshair.com\/wp-content\/uploads\/2024\/03\/5.-face-framing-highlights-on-dark-hair-918x1080.jpg 918w, https:\/\/flawlesshair.com\/wp-content\/uploads\/2024\/03\/5.-face-framing-highlights-on-dark-hair-1020x1200.jpg 1020w, https:\/\/flawlesshair.com\/wp-content\/uploads\/2024\/03\/5.-face-framing-highlights-on-dark-hair-150x176.jpg 150w\" sizes=\"auto, (max-width: 760px) calc(100vw - 24px), 720px\" data-pin-media=\"https:\/\/flawlesshair.com\/wp-content\/uploads\/2024\/03\/5.-face-framing-highlights-on-dark-hair.jpg\" id=\"mv-trellis-img-5\" data-trellis-processed=\"1\"><div style=\"position: absolute; top: 0.5rem; right: 0.75rem;\"> <a href=\"https:\/\/www.pinterest.com\/pin\/create\/button\/\" data-pin-do=\"buttonPin\" data-pin-tall=\"true\" data-pin-url=\"https:\/\/flawlesshair.com\/pt\/penteado-com-moldura-para-o-rosto\/\" data-pin-media=\"https:\/\/flawlesshair.com\/wp-content\/uploads\/2024\/03\/5.-face-framing-highlights-on-dark-hair.jpg\" data-pin-description=\"These Face-Framing Haircuts Need To Be On Your Mood Board\" rel=\"nofollow noopener\" target=\"_blank\"> <\/a><\/div><\/div><figcaption class=\"wp-element-caption\"><a href=\"https:\/\/www.instagram.com\/colorbymarina\" target=\"_blank\" rel=\"noreferrer noopener nofollow\">@colorbymarina<\/a><\/figcaption><\/figure>\n\n\n\n<p>A escolha da cor das madeixas que emolduram o rosto depende da cor natural do seu cabelo, do tom da sua pele, do seu estilo pessoal e do que pretende alcan\u00e7ar. Eis algumas dicas para a ajudar a decidir:<\/p>\n\n\n\n<p><strong>COR DE BASE<\/strong><br>Para um aspeto natural, escolha uma tonalidade de realce que complemente a sua cor de base ou uma tonalidade contrastante para dar dimens\u00e3o e profundidade. Por exemplo, <a href=\"https:\/\/flawlesshair.com\/pt\/cabelo-castanho-com-madeixas-caramelo\/\">madeixas caramelo em cabelo castanho escuro<\/a> criam um aspeto beijado pelo sol, enquanto a platina acrescenta um elevado contraste e um toque especial.<\/p>\n\n\n\n<p><strong>TOM DE PELE<\/strong><br>Tenha em conta o seu tom de pele quando selecionar os tons de realce. Tons mais quentes como <a href=\"https:\/\/flawlesshair.com\/pt\/cabelo-castanho-mel-com-madeixas\/\">castanho mel<\/a> ou acobreados complementam os tons de pele mais quentes, enquanto os tons mais frios, como o cinza ou o platinado, ficam bem com tons de pele frios.<\/p>\n\n\n\n<p><strong>COLOCA\u00c7\u00c3O<\/strong><br>Decida onde quer que as madeixas do rosto sejam colocadas com base no efeito que pretende obter. As madeixas subtis \u00e0 volta do rosto podem iluminar a sua tez e chamar a aten\u00e7\u00e3o para as suas fei\u00e7\u00f5es, enquanto as madeixas volumosas lhe dar\u00e3o um aspeto mais dram\u00e1tico.<\/p>\n\n\n\n<p><strong>ESTILO DE VIDA<\/strong><br>A manuten\u00e7\u00e3o e a conserva\u00e7\u00e3o s\u00e3o um fator importante quando se escolhe a cor das madeixas que emolduram o rosto. Por exemplo, os tons mais claros tornam-se acastanhados, pelo que necessitam de tratamentos de tonifica\u00e7\u00e3o regulares, e as madeixas platinadas n\u00e3o parecem t\u00e3o perfeitas \u00e0 medida que crescem <a href=\"https:\/\/flawlesshair.com\/pt\/balayage-morena\/\">balayage morena<\/a> faz.<\/p>\n\n\n\n<h3 class=\"wp-block-heading\">Consulte o seu estilista<\/h3>\n\n\n\n<figure class=\"wp-block-image size-full\"><div style=\"position: relative;\"><noscript><img loading=\"lazy\" decoding=\"async\" width=\"1440\" height=\"1800\" src=\"https:\/\/flawlesshair.com\/wp-content\/uploads\/2024\/03\/6.-medium-hair-with-face-framing.jpg\" alt=\"cabelo m\u00e9dio com rosto emoldurado\" class=\"wp-image-44063\" srcset=\"https:\/\/flawlesshair.com\/wp-content\/uploads\/2024\/03\/6.-medium-hair-with-face-framing.jpg 1440w, https:\/\/flawlesshair.com\/wp-content\/uploads\/2024\/03\/6.-medium-hair-with-face-framing-240x300.jpg 240w, https:\/\/flawlesshair.com\/wp-content\/uploads\/2024\/03\/6.-medium-hair-with-face-framing-768x960.jpg 768w, https:\/\/flawlesshair.com\/wp-content\/uploads\/2024\/03\/6.-medium-hair-with-face-framing-10x12.jpg 10w, https:\/\/flawlesshair.com\/wp-content\/uploads\/2024\/03\/6.-medium-hair-with-face-framing-864x1080.jpg 864w, https:\/\/flawlesshair.com\/wp-content\/uploads\/2024\/03\/6.-medium-hair-with-face-framing-960x1200.jpg 960w, https:\/\/flawlesshair.com\/wp-content\/uploads\/2024\/03\/6.-medium-hair-with-face-framing-150x188.jpg 150w\" sizes=\"auto, (max-width: 760px) calc(100vw - 24px), 720px\"><\/noscript><img loading=\"lazy\" decoding=\"async\" width=\"1440\" height=\"1800\" src=\"https:\/\/flawlesshair.com\/wp-content\/uploads\/2024\/03\/6.-medium-hair-with-face-framing.jpg\" alt=\"cabelo m\u00e9dio com rosto emoldurado\" class=\"wp-image-44063 lazyload\" srcset=\"https:\/\/flawlesshair.com\/wp-content\/uploads\/2024\/03\/6.-medium-hair-with-face-framing.jpg 1440w, https:\/\/flawlesshair.com\/wp-content\/uploads\/2024\/03\/6.-medium-hair-with-face-framing-240x300.jpg 240w, https:\/\/flawlesshair.com\/wp-content\/uploads\/2024\/03\/6.-medium-hair-with-face-framing-768x960.jpg 768w, https:\/\/flawlesshair.com\/wp-content\/uploads\/2024\/03\/6.-medium-hair-with-face-framing-10x12.jpg 10w, https:\/\/flawlesshair.com\/wp-content\/uploads\/2024\/03\/6.-medium-hair-with-face-framing-864x1080.jpg 864w, https:\/\/flawlesshair.com\/wp-content\/uploads\/2024\/03\/6.-medium-hair-with-face-framing-960x1200.jpg 960w, https:\/\/flawlesshair.com\/wp-content\/uploads\/2024\/03\/6.-medium-hair-with-face-framing-150x188.jpg 150w\" sizes=\"auto, (max-width: 760px) calc(100vw - 24px), 720px\" data-pin-media=\"https:\/\/flawlesshair.com\/wp-content\/uploads\/2024\/03\/6.-medium-hair-with-face-framing.jpg\" id=\"mv-trellis-img-6\" data-trellis-processed=\"1\"><div style=\"position: absolute; top: 0.5rem; right: 0.75rem;\"> <a href=\"https:\/\/www.pinterest.com\/pin\/create\/button\/\" data-pin-do=\"buttonPin\" data-pin-tall=\"true\" data-pin-url=\"https:\/\/flawlesshair.com\/pt\/penteado-com-moldura-para-o-rosto\/\" data-pin-media=\"https:\/\/flawlesshair.com\/wp-content\/uploads\/2024\/03\/6.-medium-hair-with-face-framing.jpg\" data-pin-description=\"These Face-Framing Haircuts Need To Be On Your Mood Board\" rel=\"nofollow noopener\" target=\"_blank\"> <\/a><\/div><\/div><figcaption class=\"wp-element-caption\"><a href=\"https:\/\/www.instagram.com\/stebunovhair\" target=\"_blank\" rel=\"noreferrer noopener nofollow\">@stebunovhair<\/a><\/figcaption><\/figure>\n\n\n\n<p>Sejamos realistas: o cabeleireiro certo \u00e9 o que mais importa se quiser adorar o seu corte de cabelo - \u00e9 crucial que fa\u00e7a o clique. <\/p>\n\n\n\n<p>Pode levar uma tonelada de fotografias de inspira\u00e7\u00e3o para o sal\u00e3o e descrever em pormenor o que pretende obter, mas se o seu estilista n\u00e3o compreender o seu tipo de cabelo e formato do rosto, n\u00e3o conseguir\u00e1 obter o que pretende. <\/p>\n\n\n\n<p>Saber\u00e1 que as coisas v\u00e3o correr bem se<\/p>\n\n\n\n<ul class=\"wp-block-list\">\n<li>s\u00e3o pormenorizados durante as consultas,<\/li>\n\n\n\n<li>ter em conta a forma da cabe\u00e7a e do rosto,<\/li>\n\n\n\n<li>ter em conta o aspeto seco do seu cabelo,<\/li>\n\n\n\n<li>conhecer os seus h\u00e1bitos de estilo,<\/li>\n\n\n\n<li>prestar aten\u00e7\u00e3o \u00e0s suas preocupa\u00e7\u00f5es espec\u00edficas.<\/li>\n<\/ul>\n\n\n\n<p>Se tem confian\u00e7a no seu cabeleireiro, ou\u00e7a o que ele lhe diz e esteja aberta a sugest\u00f5es. Utilize fotografias como inspira\u00e7\u00e3o em vez de tentar obter uma c\u00f3pia exacta de um penteado.<\/p>\n\n\n\n<h2 class=\"wp-block-heading\">Tipos de cortes de cabelo para emoldurar o rosto<\/h2>\n\n\n\n<figure class=\"wp-block-image size-full\"><div style=\"position: relative;\"><noscript><img loading=\"lazy\" decoding=\"async\" width=\"1080\" height=\"1080\" src=\"https:\/\/flawlesshair.com\/wp-content\/uploads\/2024\/03\/3.-layered-bob.jpg\" alt=\"bob em camadas\" class=\"wp-image-44059\" srcset=\"https:\/\/flawlesshair.com\/wp-content\/uploads\/2024\/03\/3.-layered-bob.jpg 1080w, https:\/\/flawlesshair.com\/wp-content\/uploads\/2024\/03\/3.-layered-bob-300x300.jpg 300w, https:\/\/flawlesshair.com\/wp-content\/uploads\/2024\/03\/3.-layered-bob-150x150.jpg 150w, https:\/\/flawlesshair.com\/wp-content\/uploads\/2024\/03\/3.-layered-bob-768x768.jpg 768w, https:\/\/flawlesshair.com\/wp-content\/uploads\/2024\/03\/3.-layered-bob-12x12.jpg 12w, https:\/\/flawlesshair.com\/wp-content\/uploads\/2024\/03\/3.-layered-bob-728x728.jpg 728w, https:\/\/flawlesshair.com\/wp-content\/uploads\/2024\/03\/3.-layered-bob-960x960.jpg 960w, https:\/\/flawlesshair.com\/wp-content\/uploads\/2024\/03\/3.-layered-bob-96x96.jpg 96w\" sizes=\"auto, (max-width: 760px) calc(100vw - 24px), 720px\"><\/noscript><img loading=\"lazy\" decoding=\"async\" width=\"1080\" height=\"1080\" src=\"https:\/\/flawlesshair.com\/wp-content\/uploads\/2024\/03\/3.-layered-bob.jpg\" alt=\"bob em camadas\" class=\"wp-image-44059 lazyload\" srcset=\"https:\/\/flawlesshair.com\/wp-content\/uploads\/2024\/03\/3.-layered-bob.jpg 1080w, https:\/\/flawlesshair.com\/wp-content\/uploads\/2024\/03\/3.-layered-bob-300x300.jpg 300w, https:\/\/flawlesshair.com\/wp-content\/uploads\/2024\/03\/3.-layered-bob-150x150.jpg 150w, https:\/\/flawlesshair.com\/wp-content\/uploads\/2024\/03\/3.-layered-bob-768x768.jpg 768w, https:\/\/flawlesshair.com\/wp-content\/uploads\/2024\/03\/3.-layered-bob-12x12.jpg 12w, https:\/\/flawlesshair.com\/wp-content\/uploads\/2024\/03\/3.-layered-bob-728x728.jpg 728w, https:\/\/flawlesshair.com\/wp-content\/uploads\/2024\/03\/3.-layered-bob-960x960.jpg 960w, https:\/\/flawlesshair.com\/wp-content\/uploads\/2024\/03\/3.-layered-bob-96x96.jpg 96w\" sizes=\"auto, (max-width: 760px) calc(100vw - 24px), 720px\" data-pin-media=\"https:\/\/flawlesshair.com\/wp-content\/uploads\/2024\/03\/3.-layered-bob.jpg\" id=\"mv-trellis-img-7\" data-trellis-processed=\"1\"><div style=\"position: absolute; top: 0.5rem; right: 0.75rem;\"> <a href=\"https:\/\/www.pinterest.com\/pin\/create\/button\/\" data-pin-do=\"buttonPin\" data-pin-tall=\"true\" data-pin-url=\"https:\/\/flawlesshair.com\/pt\/penteado-com-moldura-para-o-rosto\/\" data-pin-media=\"https:\/\/flawlesshair.com\/wp-content\/uploads\/2024\/03\/3.-layered-bob.jpg\" data-pin-description=\"These Face-Framing Haircuts Need To Be On Your Mood Board\" rel=\"nofollow noopener\" target=\"_blank\"> <\/a><\/div><\/div><figcaption class=\"wp-element-caption\"><a href=\"https:\/\/www.instagram.com\/ghdmalaysia\" target=\"_blank\" rel=\"noreferrer noopener nofollow\">@ghdmalaysia<\/a><\/figcaption><\/figure>\n\n\n\n<p>Aqui est\u00e1 a parte emocionante: as camadas que emolduram o rosto n\u00e3o est\u00e3o reservadas apenas para cortes de cabelo ou formatos de rosto espec\u00edficos: podem ser personalizadas para funcionar com praticamente qualquer corte de cabelo. Mesmo que goste apenas de cortes rombos de um s\u00f3 comprimento, algumas camadas subtis e invis\u00edveis junto ao rosto podem dar-lhe um aspeto cem vezes melhor.<\/p>\n\n\n\n<p>Qualquer que seja a sua prefer\u00eancia, comprimento ou tipo de cabelo, um corte de cabelo bem executado que enquadre o rosto tem o poder de transformar completamente o seu visual. Vamos ver o que h\u00e1 por a\u00ed.<\/p>\n\n\n\n<h2 class=\"wp-block-heading\">Cortes de cabelo compridos que emolduram o rosto<\/h2>\n\n\n\n<p>Quando se trata de cabelo comprido, as camadas s\u00e3o uma obriga\u00e7\u00e3o se quiser evitar madeixas lisas e sem brilho. Adicionar camadas que emolduram o rosto ao cabelo comprido n\u00e3o s\u00f3 favorece as fei\u00e7\u00f5es, como tamb\u00e9m cria movimento, volume e forma.<\/p>\n\n\n\n<h3 class=\"wp-block-heading\">1. Corte de cabelo comprido a emoldurar o rosto<\/h3>\n\n\n\n<figure class=\"wp-block-image size-full\"><div style=\"position: relative;\"><noscript><img loading=\"lazy\" decoding=\"async\" width=\"1398\" height=\"1608\" src=\"https:\/\/flawlesshair.com\/wp-content\/uploads\/2024\/03\/1.-long-face-framing-haircut.jpg\" alt=\"corte de cabelo comprido para emoldurar o rosto\" class=\"wp-image-44065\" srcset=\"https:\/\/flawlesshair.com\/wp-content\/uploads\/2024\/03\/1.-long-face-framing-haircut.jpg 1398w, https:\/\/flawlesshair.com\/wp-content\/uploads\/2024\/03\/1.-long-face-framing-haircut-261x300.jpg 261w, https:\/\/flawlesshair.com\/wp-content\/uploads\/2024\/03\/1.-long-face-framing-haircut-768x883.jpg 768w, https:\/\/flawlesshair.com\/wp-content\/uploads\/2024\/03\/1.-long-face-framing-haircut-10x12.jpg 10w, https:\/\/flawlesshair.com\/wp-content\/uploads\/2024\/03\/1.-long-face-framing-haircut-835x960.jpg 835w, https:\/\/flawlesshair.com\/wp-content\/uploads\/2024\/03\/1.-long-face-framing-haircut-939x1080.jpg 939w, https:\/\/flawlesshair.com\/wp-content\/uploads\/2024\/03\/1.-long-face-framing-haircut-1043x1200.jpg 1043w, https:\/\/flawlesshair.com\/wp-content\/uploads\/2024\/03\/1.-long-face-framing-haircut-150x173.jpg 150w\" sizes=\"auto, (max-width: 760px) calc(100vw - 24px), 720px\"><\/noscript><img loading=\"lazy\" decoding=\"async\" width=\"1398\" height=\"1608\" src=\"https:\/\/flawlesshair.com\/wp-content\/uploads\/2024\/03\/1.-long-face-framing-haircut.jpg\" alt=\"corte de cabelo comprido para emoldurar o rosto\" class=\"wp-image-44065 lazyload\" srcset=\"https:\/\/flawlesshair.com\/wp-content\/uploads\/2024\/03\/1.-long-face-framing-haircut.jpg 1398w, https:\/\/flawlesshair.com\/wp-content\/uploads\/2024\/03\/1.-long-face-framing-haircut-261x300.jpg 261w, https:\/\/flawlesshair.com\/wp-content\/uploads\/2024\/03\/1.-long-face-framing-haircut-768x883.jpg 768w, https:\/\/flawlesshair.com\/wp-content\/uploads\/2024\/03\/1.-long-face-framing-haircut-10x12.jpg 10w, https:\/\/flawlesshair.com\/wp-content\/uploads\/2024\/03\/1.-long-face-framing-haircut-835x960.jpg 835w, https:\/\/flawlesshair.com\/wp-content\/uploads\/2024\/03\/1.-long-face-framing-haircut-939x1080.jpg 939w, https:\/\/flawlesshair.com\/wp-content\/uploads\/2024\/03\/1.-long-face-framing-haircut-1043x1200.jpg 1043w, https:\/\/flawlesshair.com\/wp-content\/uploads\/2024\/03\/1.-long-face-framing-haircut-150x173.jpg 150w\" sizes=\"auto, (max-width: 760px) calc(100vw - 24px), 720px\" data-pin-media=\"https:\/\/flawlesshair.com\/wp-content\/uploads\/2024\/03\/1.-long-face-framing-haircut.jpg\" id=\"mv-trellis-img-8\" data-trellis-processed=\"1\"><div style=\"position: absolute; top: 0.5rem; right: 0.75rem;\"> <a href=\"https:\/\/www.pinterest.com\/pin\/create\/button\/\" data-pin-do=\"buttonPin\" data-pin-tall=\"true\" data-pin-url=\"https:\/\/flawlesshair.com\/pt\/penteado-com-moldura-para-o-rosto\/\" data-pin-media=\"https:\/\/flawlesshair.com\/wp-content\/uploads\/2024\/03\/1.-long-face-framing-haircut.jpg\" data-pin-description=\"These Face-Framing Haircuts Need To Be On Your Mood Board\" rel=\"nofollow noopener\" target=\"_blank\"> <\/a><\/div><\/div><figcaption class=\"wp-element-caption\"><a href=\"https:\/\/www.instagram.com\/the.mane.collective\" target=\"_blank\" rel=\"noreferrer noopener nofollow\">@the.mane.collective<\/a><\/figcaption><\/figure>\n\n\n\n<p>Pe\u00e7as longas e volumosas que emolduram o rosto suavizam o rosto e animam o cabelo comprido, e o seu par perfeito? Estas camadas arejadas e saltitantes, cheias de movimento. Nunca mais tenha um cabelo liso e sem brilho.<\/p>\n\n\n\n<h3 class=\"wp-block-heading\">2. Corte de cabelo borboleta<\/h3>\n\n\n\n<figure class=\"wp-block-image size-full\"><div style=\"position: relative;\"><noscript><img loading=\"lazy\" decoding=\"async\" width=\"1440\" height=\"1800\" src=\"https:\/\/flawlesshair.com\/wp-content\/uploads\/2024\/03\/2.-butterfly-haircut.jpg\" alt=\"corte de cabelo borboleta\" class=\"wp-image-44066\" srcset=\"https:\/\/flawlesshair.com\/wp-content\/uploads\/2024\/03\/2.-butterfly-haircut.jpg 1440w, https:\/\/flawlesshair.com\/wp-content\/uploads\/2024\/03\/2.-butterfly-haircut-240x300.jpg 240w, https:\/\/flawlesshair.com\/wp-content\/uploads\/2024\/03\/2.-butterfly-haircut-768x960.jpg 768w, https:\/\/flawlesshair.com\/wp-content\/uploads\/2024\/03\/2.-butterfly-haircut-10x12.jpg 10w, https:\/\/flawlesshair.com\/wp-content\/uploads\/2024\/03\/2.-butterfly-haircut-864x1080.jpg 864w, https:\/\/flawlesshair.com\/wp-content\/uploads\/2024\/03\/2.-butterfly-haircut-960x1200.jpg 960w, https:\/\/flawlesshair.com\/wp-content\/uploads\/2024\/03\/2.-butterfly-haircut-150x188.jpg 150w\" sizes=\"auto, (max-width: 760px) calc(100vw - 24px), 720px\"><\/noscript><img loading=\"lazy\" decoding=\"async\" width=\"1440\" height=\"1800\" src=\"https:\/\/flawlesshair.com\/wp-content\/uploads\/2024\/03\/2.-butterfly-haircut.jpg\" alt=\"corte de cabelo borboleta\" class=\"wp-image-44066 lazyload\" srcset=\"https:\/\/flawlesshair.com\/wp-content\/uploads\/2024\/03\/2.-butterfly-haircut.jpg 1440w, https:\/\/flawlesshair.com\/wp-content\/uploads\/2024\/03\/2.-butterfly-haircut-240x300.jpg 240w, https:\/\/flawlesshair.com\/wp-content\/uploads\/2024\/03\/2.-butterfly-haircut-768x960.jpg 768w, https:\/\/flawlesshair.com\/wp-content\/uploads\/2024\/03\/2.-butterfly-haircut-10x12.jpg 10w, https:\/\/flawlesshair.com\/wp-content\/uploads\/2024\/03\/2.-butterfly-haircut-864x1080.jpg 864w, https:\/\/flawlesshair.com\/wp-content\/uploads\/2024\/03\/2.-butterfly-haircut-960x1200.jpg 960w, https:\/\/flawlesshair.com\/wp-content\/uploads\/2024\/03\/2.-butterfly-haircut-150x188.jpg 150w\" sizes=\"auto, (max-width: 760px) calc(100vw - 24px), 720px\" data-pin-media=\"https:\/\/flawlesshair.com\/wp-content\/uploads\/2024\/03\/2.-butterfly-haircut.jpg\" id=\"mv-trellis-img-9\" data-trellis-processed=\"1\"><div style=\"position: absolute; top: 0.5rem; right: 0.75rem;\"> <a href=\"https:\/\/www.pinterest.com\/pin\/create\/button\/\" data-pin-do=\"buttonPin\" data-pin-tall=\"true\" data-pin-url=\"https:\/\/flawlesshair.com\/pt\/penteado-com-moldura-para-o-rosto\/\" data-pin-media=\"https:\/\/flawlesshair.com\/wp-content\/uploads\/2024\/03\/2.-butterfly-haircut.jpg\" data-pin-description=\"These Face-Framing Haircuts Need To Be On Your Mood Board\" rel=\"nofollow noopener\" target=\"_blank\"> <\/a><\/div><\/div><figcaption class=\"wp-element-caption\"><a href=\"https:\/\/www.instagram.com\/ryennesnow.hair\" target=\"_blank\" rel=\"noreferrer noopener nofollow\">@ryennesnow.hair<\/a><\/figcaption><\/figure>\n\n\n\n<p>Vai adorar o <a href=\"ttps:\/\/flawlesshair.com\/butterfly-haircut\/\">corte de cabelo borboleta<\/a> se adora passar os dedos pelo seu cabelo. N\u00e3o se preocupe com a franja e com as camadas que emolduram o rosto - elas acabar\u00e3o por cair sempre corretamente sobre o seu rosto.<\/p>\n\n\n\n<h3 class=\"wp-block-heading\">3. Corte de cabelo moderno em estilo shag<\/h3>\n\n\n\n<figure class=\"wp-block-image size-full\"><div style=\"position: relative;\"><noscript><img loading=\"lazy\" decoding=\"async\" width=\"1440\" height=\"1800\" src=\"https:\/\/flawlesshair.com\/wp-content\/uploads\/2024\/03\/3.-modern-shag-haircut.jpg\" alt=\"corte de cabelo moderno\" class=\"wp-image-44067\" srcset=\"https:\/\/flawlesshair.com\/wp-content\/uploads\/2024\/03\/3.-modern-shag-haircut.jpg 1440w, https:\/\/flawlesshair.com\/wp-content\/uploads\/2024\/03\/3.-modern-shag-haircut-240x300.jpg 240w, https:\/\/flawlesshair.com\/wp-content\/uploads\/2024\/03\/3.-modern-shag-haircut-768x960.jpg 768w, https:\/\/flawlesshair.com\/wp-content\/uploads\/2024\/03\/3.-modern-shag-haircut-10x12.jpg 10w, https:\/\/flawlesshair.com\/wp-content\/uploads\/2024\/03\/3.-modern-shag-haircut-864x1080.jpg 864w, https:\/\/flawlesshair.com\/wp-content\/uploads\/2024\/03\/3.-modern-shag-haircut-960x1200.jpg 960w, https:\/\/flawlesshair.com\/wp-content\/uploads\/2024\/03\/3.-modern-shag-haircut-150x188.jpg 150w\" sizes=\"auto, (max-width: 760px) calc(100vw - 24px), 720px\"><\/noscript><img loading=\"lazy\" decoding=\"async\" width=\"1440\" height=\"1800\" src=\"https:\/\/flawlesshair.com\/wp-content\/uploads\/2024\/03\/3.-modern-shag-haircut.jpg\" alt=\"corte de cabelo moderno\" class=\"wp-image-44067 lazyload\" srcset=\"https:\/\/flawlesshair.com\/wp-content\/uploads\/2024\/03\/3.-modern-shag-haircut.jpg 1440w, https:\/\/flawlesshair.com\/wp-content\/uploads\/2024\/03\/3.-modern-shag-haircut-240x300.jpg 240w, https:\/\/flawlesshair.com\/wp-content\/uploads\/2024\/03\/3.-modern-shag-haircut-768x960.jpg 768w, https:\/\/flawlesshair.com\/wp-content\/uploads\/2024\/03\/3.-modern-shag-haircut-10x12.jpg 10w, https:\/\/flawlesshair.com\/wp-content\/uploads\/2024\/03\/3.-modern-shag-haircut-864x1080.jpg 864w, https:\/\/flawlesshair.com\/wp-content\/uploads\/2024\/03\/3.-modern-shag-haircut-960x1200.jpg 960w, https:\/\/flawlesshair.com\/wp-content\/uploads\/2024\/03\/3.-modern-shag-haircut-150x188.jpg 150w\" sizes=\"auto, (max-width: 760px) calc(100vw - 24px), 720px\" data-pin-media=\"https:\/\/flawlesshair.com\/wp-content\/uploads\/2024\/03\/3.-modern-shag-haircut.jpg\" id=\"mv-trellis-img-10\" data-trellis-processed=\"1\"><div style=\"position: absolute; top: 0.5rem; right: 0.75rem;\"> <a href=\"https:\/\/www.pinterest.com\/pin\/create\/button\/\" data-pin-do=\"buttonPin\" data-pin-tall=\"true\" data-pin-url=\"https:\/\/flawlesshair.com\/pt\/penteado-com-moldura-para-o-rosto\/\" data-pin-media=\"https:\/\/flawlesshair.com\/wp-content\/uploads\/2024\/03\/3.-modern-shag-haircut.jpg\" data-pin-description=\"These Face-Framing Haircuts Need To Be On Your Mood Board\" rel=\"nofollow noopener\" target=\"_blank\"> <\/a><\/div><\/div><figcaption class=\"wp-element-caption\"><a href=\"https:\/\/www.instagram.com\/salsalhair\" target=\"_blank\" rel=\"noreferrer noopener nofollow\">@salsalhair<\/a><\/figcaption><\/figure>\n\n\n\n<p>O corte de cabelo curto moderno emoldura perfeitamente o rosto e \u00e9 super f\u00e1cil de pentear. Fica ainda melhor quando se salta a maquilhagem e se deixa transparecer a sua textura natural. Fica especialmente bem em formas de rosto angulares.<\/p>\n\n\n\n<h3 class=\"wp-block-heading\">4. Camadas longas para emoldurar o rosto<\/h3>\n\n\n\n<figure class=\"wp-block-image size-full\"><div style=\"position: relative;\"><noscript><img loading=\"lazy\" decoding=\"async\" width=\"1440\" height=\"1789\" src=\"https:\/\/flawlesshair.com\/wp-content\/uploads\/2024\/03\/4.-long-face-framing-layers.jpg\" alt=\"camadas longas para emoldurar o rosto\" class=\"wp-image-44068\" srcset=\"https:\/\/flawlesshair.com\/wp-content\/uploads\/2024\/03\/4.-long-face-framing-layers.jpg 1440w, https:\/\/flawlesshair.com\/wp-content\/uploads\/2024\/03\/4.-long-face-framing-layers-241x300.jpg 241w, https:\/\/flawlesshair.com\/wp-content\/uploads\/2024\/03\/4.-long-face-framing-layers-768x954.jpg 768w, https:\/\/flawlesshair.com\/wp-content\/uploads\/2024\/03\/4.-long-face-framing-layers-10x12.jpg 10w, https:\/\/flawlesshair.com\/wp-content\/uploads\/2024\/03\/4.-long-face-framing-layers-773x960.jpg 773w, https:\/\/flawlesshair.com\/wp-content\/uploads\/2024\/03\/4.-long-face-framing-layers-869x1080.jpg 869w, https:\/\/flawlesshair.com\/wp-content\/uploads\/2024\/03\/4.-long-face-framing-layers-966x1200.jpg 966w, https:\/\/flawlesshair.com\/wp-content\/uploads\/2024\/03\/4.-long-face-framing-layers-150x186.jpg 150w\" sizes=\"auto, (max-width: 760px) calc(100vw - 24px), 720px\"><\/noscript><img loading=\"lazy\" decoding=\"async\" width=\"1440\" height=\"1789\" src=\"https:\/\/flawlesshair.com\/wp-content\/uploads\/2024\/03\/4.-long-face-framing-layers.jpg\" alt=\"camadas longas para emoldurar o rosto\" class=\"wp-image-44068 lazyload\" srcset=\"https:\/\/flawlesshair.com\/wp-content\/uploads\/2024\/03\/4.-long-face-framing-layers.jpg 1440w, https:\/\/flawlesshair.com\/wp-content\/uploads\/2024\/03\/4.-long-face-framing-layers-241x300.jpg 241w, https:\/\/flawlesshair.com\/wp-content\/uploads\/2024\/03\/4.-long-face-framing-layers-768x954.jpg 768w, https:\/\/flawlesshair.com\/wp-content\/uploads\/2024\/03\/4.-long-face-framing-layers-10x12.jpg 10w, https:\/\/flawlesshair.com\/wp-content\/uploads\/2024\/03\/4.-long-face-framing-layers-773x960.jpg 773w, https:\/\/flawlesshair.com\/wp-content\/uploads\/2024\/03\/4.-long-face-framing-layers-869x1080.jpg 869w, https:\/\/flawlesshair.com\/wp-content\/uploads\/2024\/03\/4.-long-face-framing-layers-966x1200.jpg 966w, https:\/\/flawlesshair.com\/wp-content\/uploads\/2024\/03\/4.-long-face-framing-layers-150x186.jpg 150w\" sizes=\"auto, (max-width: 760px) calc(100vw - 24px), 720px\" data-pin-media=\"https:\/\/flawlesshair.com\/wp-content\/uploads\/2024\/03\/4.-long-face-framing-layers.jpg\" id=\"mv-trellis-img-11\" data-trellis-processed=\"1\"><div style=\"position: absolute; top: 0.5rem; right: 0.75rem;\"> <a href=\"https:\/\/www.pinterest.com\/pin\/create\/button\/\" data-pin-do=\"buttonPin\" data-pin-tall=\"true\" data-pin-url=\"https:\/\/flawlesshair.com\/pt\/penteado-com-moldura-para-o-rosto\/\" data-pin-media=\"https:\/\/flawlesshair.com\/wp-content\/uploads\/2024\/03\/4.-long-face-framing-layers.jpg\" data-pin-description=\"These Face-Framing Haircuts Need To Be On Your Mood Board\" rel=\"nofollow noopener\" target=\"_blank\"> <\/a><\/div><\/div><figcaption class=\"wp-element-caption\"><a href=\"https:\/\/www.instagram.com\/onurekerofficial\" target=\"_blank\" rel=\"noreferrer noopener nofollow\">@onurekerofficial<\/a><\/figcaption><\/figure>\n\n\n\n<p>N\u00e3o precisa de ter franja ou camadas curtas para ter uma moldura de rosto. As camadas longas eliminam o volume, dando movimento ao seu cabelo sem reduzir o comprimento e a espessura. \u00c9 uma \u00f3ptima escolha se tiver um formato de rosto redondo.<\/p>\n\n\n\n<h3 class=\"wp-block-heading\">5. Corte de cabelo que emoldura o rosto com franja em cortina<\/h3>\n\n\n\n<figure class=\"wp-block-image size-full\"><div style=\"position: relative;\"><noscript><img loading=\"lazy\" decoding=\"async\" width=\"1440\" height=\"1800\" src=\"https:\/\/flawlesshair.com\/wp-content\/uploads\/2024\/03\/5.-face-framing-haircut-with-curtain-bangs.jpg\" alt=\"corte de cabelo para emoldurar o rosto com franja em cortina\" class=\"wp-image-44069\" srcset=\"https:\/\/flawlesshair.com\/wp-content\/uploads\/2024\/03\/5.-face-framing-haircut-with-curtain-bangs.jpg 1440w, https:\/\/flawlesshair.com\/wp-content\/uploads\/2024\/03\/5.-face-framing-haircut-with-curtain-bangs-240x300.jpg 240w, https:\/\/flawlesshair.com\/wp-content\/uploads\/2024\/03\/5.-face-framing-haircut-with-curtain-bangs-768x960.jpg 768w, https:\/\/flawlesshair.com\/wp-content\/uploads\/2024\/03\/5.-face-framing-haircut-with-curtain-bangs-10x12.jpg 10w, https:\/\/flawlesshair.com\/wp-content\/uploads\/2024\/03\/5.-face-framing-haircut-with-curtain-bangs-864x1080.jpg 864w, https:\/\/flawlesshair.com\/wp-content\/uploads\/2024\/03\/5.-face-framing-haircut-with-curtain-bangs-960x1200.jpg 960w, https:\/\/flawlesshair.com\/wp-content\/uploads\/2024\/03\/5.-face-framing-haircut-with-curtain-bangs-150x188.jpg 150w\" sizes=\"auto, (max-width: 760px) calc(100vw - 24px), 720px\"><\/noscript><img loading=\"lazy\" decoding=\"async\" width=\"1440\" height=\"1800\" src=\"https:\/\/flawlesshair.com\/wp-content\/uploads\/2024\/03\/5.-face-framing-haircut-with-curtain-bangs.jpg\" alt=\"corte de cabelo para emoldurar o rosto com franja em cortina\" class=\"wp-image-44069 lazyload\" srcset=\"https:\/\/flawlesshair.com\/wp-content\/uploads\/2024\/03\/5.-face-framing-haircut-with-curtain-bangs.jpg 1440w, https:\/\/flawlesshair.com\/wp-content\/uploads\/2024\/03\/5.-face-framing-haircut-with-curtain-bangs-240x300.jpg 240w, https:\/\/flawlesshair.com\/wp-content\/uploads\/2024\/03\/5.-face-framing-haircut-with-curtain-bangs-768x960.jpg 768w, https:\/\/flawlesshair.com\/wp-content\/uploads\/2024\/03\/5.-face-framing-haircut-with-curtain-bangs-10x12.jpg 10w, https:\/\/flawlesshair.com\/wp-content\/uploads\/2024\/03\/5.-face-framing-haircut-with-curtain-bangs-864x1080.jpg 864w, https:\/\/flawlesshair.com\/wp-content\/uploads\/2024\/03\/5.-face-framing-haircut-with-curtain-bangs-960x1200.jpg 960w, https:\/\/flawlesshair.com\/wp-content\/uploads\/2024\/03\/5.-face-framing-haircut-with-curtain-bangs-150x188.jpg 150w\" sizes=\"auto, (max-width: 760px) calc(100vw - 24px), 720px\" data-pin-media=\"https:\/\/flawlesshair.com\/wp-content\/uploads\/2024\/03\/5.-face-framing-haircut-with-curtain-bangs.jpg\" id=\"mv-trellis-img-12\" data-trellis-processed=\"1\"><div style=\"position: absolute; top: 0.5rem; right: 0.75rem;\"> <a href=\"https:\/\/www.pinterest.com\/pin\/create\/button\/\" data-pin-do=\"buttonPin\" data-pin-tall=\"true\" data-pin-url=\"https:\/\/flawlesshair.com\/pt\/penteado-com-moldura-para-o-rosto\/\" data-pin-media=\"https:\/\/flawlesshair.com\/wp-content\/uploads\/2024\/03\/5.-face-framing-haircut-with-curtain-bangs.jpg\" data-pin-description=\"These Face-Framing Haircuts Need To Be On Your Mood Board\" rel=\"nofollow noopener\" target=\"_blank\"> <\/a><\/div><\/div><figcaption class=\"wp-element-caption\"><a href=\"https:\/\/www.instagram.com\/daniloherbert\" target=\"_blank\" rel=\"noreferrer noopener nofollow\">@daniloherbert<\/a><\/figcaption><\/figure>\n\n\n\n<p>Se est\u00e1 a come\u00e7ar a usar camadas que emolduram o rosto, este \u00e9 o corte de cabelo perfeito: fica bem a toda a gente. Camadas subtis e longas e finas <a href=\"https:\/\/flawlesshair.com\/pt\/franja-de-cortina-para-emoldurar-o-rosto\/\">franja de cortina para emoldurar o rosto<\/a> s\u00e3o uma forma lisonjeira e f\u00e1cil de dar textura e corpo ao cabelo comprido.<\/p>\n\n\n\n<h3 class=\"wp-block-heading\">6. Corte de cabelo coreano em camadas<\/h3>\n\n\n\n<figure class=\"wp-block-image size-full\"><div style=\"position: relative;\"><noscript><img loading=\"lazy\" decoding=\"async\" width=\"1080\" height=\"1350\" src=\"https:\/\/flawlesshair.com\/wp-content\/uploads\/2024\/03\/6.-korean-layered-haircut.jpg\" alt=\"corte de cabelo coreano em camadas\" class=\"wp-image-44070\" srcset=\"https:\/\/flawlesshair.com\/wp-content\/uploads\/2024\/03\/6.-korean-layered-haircut.jpg 1080w, https:\/\/flawlesshair.com\/wp-content\/uploads\/2024\/03\/6.-korean-layered-haircut-240x300.jpg 240w, https:\/\/flawlesshair.com\/wp-content\/uploads\/2024\/03\/6.-korean-layered-haircut-768x960.jpg 768w, https:\/\/flawlesshair.com\/wp-content\/uploads\/2024\/03\/6.-korean-layered-haircut-10x12.jpg 10w, https:\/\/flawlesshair.com\/wp-content\/uploads\/2024\/03\/6.-korean-layered-haircut-864x1080.jpg 864w, https:\/\/flawlesshair.com\/wp-content\/uploads\/2024\/03\/6.-korean-layered-haircut-960x1200.jpg 960w, https:\/\/flawlesshair.com\/wp-content\/uploads\/2024\/03\/6.-korean-layered-haircut-150x188.jpg 150w\" sizes=\"auto, (max-width: 760px) calc(100vw - 24px), 720px\"><\/noscript><img loading=\"lazy\" decoding=\"async\" width=\"1080\" height=\"1350\" src=\"https:\/\/flawlesshair.com\/wp-content\/uploads\/2024\/03\/6.-korean-layered-haircut.jpg\" alt=\"corte de cabelo coreano em camadas\" class=\"wp-image-44070 lazyload\" srcset=\"https:\/\/flawlesshair.com\/wp-content\/uploads\/2024\/03\/6.-korean-layered-haircut.jpg 1080w, https:\/\/flawlesshair.com\/wp-content\/uploads\/2024\/03\/6.-korean-layered-haircut-240x300.jpg 240w, https:\/\/flawlesshair.com\/wp-content\/uploads\/2024\/03\/6.-korean-layered-haircut-768x960.jpg 768w, https:\/\/flawlesshair.com\/wp-content\/uploads\/2024\/03\/6.-korean-layered-haircut-10x12.jpg 10w, https:\/\/flawlesshair.com\/wp-content\/uploads\/2024\/03\/6.-korean-layered-haircut-864x1080.jpg 864w, https:\/\/flawlesshair.com\/wp-content\/uploads\/2024\/03\/6.-korean-layered-haircut-960x1200.jpg 960w, https:\/\/flawlesshair.com\/wp-content\/uploads\/2024\/03\/6.-korean-layered-haircut-150x188.jpg 150w\" sizes=\"auto, (max-width: 760px) calc(100vw - 24px), 720px\" data-pin-media=\"https:\/\/flawlesshair.com\/wp-content\/uploads\/2024\/03\/6.-korean-layered-haircut.jpg\" id=\"mv-trellis-img-13\" data-trellis-processed=\"1\"><div style=\"position: absolute; top: 0.5rem; right: 0.75rem;\"> <a href=\"https:\/\/www.pinterest.com\/pin\/create\/button\/\" data-pin-do=\"buttonPin\" data-pin-tall=\"true\" data-pin-url=\"https:\/\/flawlesshair.com\/pt\/penteado-com-moldura-para-o-rosto\/\" data-pin-media=\"https:\/\/flawlesshair.com\/wp-content\/uploads\/2024\/03\/6.-korean-layered-haircut.jpg\" data-pin-description=\"These Face-Framing Haircuts Need To Be On Your Mood Board\" rel=\"nofollow noopener\" target=\"_blank\"> <\/a><\/div><\/div><figcaption class=\"wp-element-caption\"><a href=\"https:\/\/www.instagram.com\/chahong_official\" target=\"_blank\" rel=\"noreferrer noopener nofollow\">@chahong_official<\/a><\/figcaption><\/figure>\n\n\n\n<p>Obtenha as madeixas deliciosas e saltitantes como as suas actrizes de K-drama favoritas: camadas que emolduram o rosto at\u00e9 ao queixo que combinam perfeitamente com uma franja fina.<\/p>\n\n\n\n<h2 class=\"wp-block-heading\">Cortes de cabelo com moldura para rosto m\u00e9dio<\/h2>\n\n\n\n<p>Se gosta de experimentar estilos e tend\u00eancias, o cabelo de comprimento m\u00e9dio \u00e9 o ideal. Tem versatilidade sem a manuten\u00e7\u00e3o de um cabelo comprido. As camadas que emolduram o rosto real\u00e7am as suas melhores caracter\u00edsticas: realce os seus olhos ou bochechas com estas camadas lisonjeiras.<\/p>\n\n\n\n<h3 class=\"wp-block-heading\">1. Penteado despenteado<\/h3>\n\n\n\n<figure class=\"wp-block-image size-full\"><div style=\"position: relative;\"><noscript><img loading=\"lazy\" decoding=\"async\" width=\"1440\" height=\"1800\" src=\"https:\/\/flawlesshair.com\/wp-content\/uploads\/2024\/03\/1.-choppy-shag.jpg\" alt=\"cabelo despenteado\" class=\"wp-image-44072\" srcset=\"https:\/\/flawlesshair.com\/wp-content\/uploads\/2024\/03\/1.-choppy-shag.jpg 1440w, https:\/\/flawlesshair.com\/wp-content\/uploads\/2024\/03\/1.-choppy-shag-240x300.jpg 240w, https:\/\/flawlesshair.com\/wp-content\/uploads\/2024\/03\/1.-choppy-shag-768x960.jpg 768w, https:\/\/flawlesshair.com\/wp-content\/uploads\/2024\/03\/1.-choppy-shag-10x12.jpg 10w, https:\/\/flawlesshair.com\/wp-content\/uploads\/2024\/03\/1.-choppy-shag-864x1080.jpg 864w, https:\/\/flawlesshair.com\/wp-content\/uploads\/2024\/03\/1.-choppy-shag-960x1200.jpg 960w, https:\/\/flawlesshair.com\/wp-content\/uploads\/2024\/03\/1.-choppy-shag-150x188.jpg 150w\" sizes=\"auto, (max-width: 760px) calc(100vw - 24px), 720px\"><\/noscript><img loading=\"lazy\" decoding=\"async\" width=\"1440\" height=\"1800\" src=\"https:\/\/flawlesshair.com\/wp-content\/uploads\/2024\/03\/1.-choppy-shag.jpg\" alt=\"cabelo despenteado\" class=\"wp-image-44072 lazyload\" srcset=\"https:\/\/flawlesshair.com\/wp-content\/uploads\/2024\/03\/1.-choppy-shag.jpg 1440w, https:\/\/flawlesshair.com\/wp-content\/uploads\/2024\/03\/1.-choppy-shag-240x300.jpg 240w, https:\/\/flawlesshair.com\/wp-content\/uploads\/2024\/03\/1.-choppy-shag-768x960.jpg 768w, https:\/\/flawlesshair.com\/wp-content\/uploads\/2024\/03\/1.-choppy-shag-10x12.jpg 10w, https:\/\/flawlesshair.com\/wp-content\/uploads\/2024\/03\/1.-choppy-shag-864x1080.jpg 864w, https:\/\/flawlesshair.com\/wp-content\/uploads\/2024\/03\/1.-choppy-shag-960x1200.jpg 960w, https:\/\/flawlesshair.com\/wp-content\/uploads\/2024\/03\/1.-choppy-shag-150x188.jpg 150w\" sizes=\"auto, (max-width: 760px) calc(100vw - 24px), 720px\" data-pin-media=\"https:\/\/flawlesshair.com\/wp-content\/uploads\/2024\/03\/1.-choppy-shag.jpg\" id=\"mv-trellis-img-14\" data-trellis-processed=\"1\"><div style=\"position: absolute; top: 0.5rem; right: 0.75rem;\"> <a href=\"https:\/\/www.pinterest.com\/pin\/create\/button\/\" data-pin-do=\"buttonPin\" data-pin-tall=\"true\" data-pin-url=\"https:\/\/flawlesshair.com\/pt\/penteado-com-moldura-para-o-rosto\/\" data-pin-media=\"https:\/\/flawlesshair.com\/wp-content\/uploads\/2024\/03\/1.-choppy-shag.jpg\" data-pin-description=\"These Face-Framing Haircuts Need To Be On Your Mood Board\" rel=\"nofollow noopener\" target=\"_blank\"> <\/a><\/div><\/div><figcaption class=\"wp-element-caption\"><a href=\"https:\/\/www.instagram.com\/bel_pipsqueekinsaigon\" target=\"_blank\" rel=\"noreferrer noopener nofollow\">@bel_pipsqueekinsaigon<\/a><\/figcaption><\/figure>\n\n\n\n<p>N\u00e3o adorme\u00e7a o penteado curto. \u00c9 arrojado e moderno, mas tamb\u00e9m incrivelmente vers\u00e1til: transforma-se em algo suave e rom\u00e2ntico com um brushing, e a moldura do rosto fica fant\u00e1stica quando se usa o cabelo apanhado.<\/p>\n\n\n\n<h3 class=\"wp-block-heading\">2. O corte de sil\u00eancio<\/h3>\n\n\n\n<figure class=\"wp-block-image size-full\"><div style=\"position: relative;\"><noscript><img loading=\"lazy\" decoding=\"async\" width=\"1440\" height=\"1771\" src=\"https:\/\/flawlesshair.com\/wp-content\/uploads\/2024\/03\/2.-hush-cut.jpg\" alt=\"corte hush\" class=\"wp-image-44073\" srcset=\"https:\/\/flawlesshair.com\/wp-content\/uploads\/2024\/03\/2.-hush-cut.jpg 1440w, https:\/\/flawlesshair.com\/wp-content\/uploads\/2024\/03\/2.-hush-cut-244x300.jpg 244w, https:\/\/flawlesshair.com\/wp-content\/uploads\/2024\/03\/2.-hush-cut-768x945.jpg 768w, https:\/\/flawlesshair.com\/wp-content\/uploads\/2024\/03\/2.-hush-cut-10x12.jpg 10w, https:\/\/flawlesshair.com\/wp-content\/uploads\/2024\/03\/2.-hush-cut-781x960.jpg 781w, https:\/\/flawlesshair.com\/wp-content\/uploads\/2024\/03\/2.-hush-cut-878x1080.jpg 878w, https:\/\/flawlesshair.com\/wp-content\/uploads\/2024\/03\/2.-hush-cut-976x1200.jpg 976w, https:\/\/flawlesshair.com\/wp-content\/uploads\/2024\/03\/2.-hush-cut-150x184.jpg 150w\" sizes=\"auto, (max-width: 760px) calc(100vw - 24px), 720px\"><\/noscript><img loading=\"lazy\" decoding=\"async\" width=\"1440\" height=\"1771\" src=\"https:\/\/flawlesshair.com\/wp-content\/uploads\/2024\/03\/2.-hush-cut.jpg\" alt=\"corte hush\" class=\"wp-image-44073 lazyload\" srcset=\"https:\/\/flawlesshair.com\/wp-content\/uploads\/2024\/03\/2.-hush-cut.jpg 1440w, https:\/\/flawlesshair.com\/wp-content\/uploads\/2024\/03\/2.-hush-cut-244x300.jpg 244w, https:\/\/flawlesshair.com\/wp-content\/uploads\/2024\/03\/2.-hush-cut-768x945.jpg 768w, https:\/\/flawlesshair.com\/wp-content\/uploads\/2024\/03\/2.-hush-cut-10x12.jpg 10w, https:\/\/flawlesshair.com\/wp-content\/uploads\/2024\/03\/2.-hush-cut-781x960.jpg 781w, https:\/\/flawlesshair.com\/wp-content\/uploads\/2024\/03\/2.-hush-cut-878x1080.jpg 878w, https:\/\/flawlesshair.com\/wp-content\/uploads\/2024\/03\/2.-hush-cut-976x1200.jpg 976w, https:\/\/flawlesshair.com\/wp-content\/uploads\/2024\/03\/2.-hush-cut-150x184.jpg 150w\" sizes=\"auto, (max-width: 760px) calc(100vw - 24px), 720px\" data-pin-media=\"https:\/\/flawlesshair.com\/wp-content\/uploads\/2024\/03\/2.-hush-cut.jpg\" id=\"mv-trellis-img-15\" data-trellis-processed=\"1\"><div style=\"position: absolute; top: 0.5rem; right: 0.75rem;\"> <a href=\"https:\/\/www.pinterest.com\/pin\/create\/button\/\" data-pin-do=\"buttonPin\" data-pin-tall=\"true\" data-pin-url=\"https:\/\/flawlesshair.com\/pt\/penteado-com-moldura-para-o-rosto\/\" data-pin-media=\"https:\/\/flawlesshair.com\/wp-content\/uploads\/2024\/03\/2.-hush-cut.jpg\" data-pin-description=\"These Face-Framing Haircuts Need To Be On Your Mood Board\" rel=\"nofollow noopener\" target=\"_blank\"> <\/a><\/div><\/div><figcaption class=\"wp-element-caption\"><a href=\"https:\/\/www.instagram.com\/yukistylist\" target=\"_blank\" rel=\"noreferrer noopener nofollow\">@yukistylist<\/a><\/figcaption><\/figure>\n\n\n\n<p>O corte hush \u00e9 o primo mais giro do corte wolf. Igualmente sem esfor\u00e7o e fresco, mas mais suave e rom\u00e2ntico. Perfeito se adora ter franja e gosta de um estilo de baixa manuten\u00e7\u00e3o.<\/p>\n\n\n\n<h3 class=\"wp-block-heading\">3. Corte de cabelo borboleta m\u00e9dio<\/h3>\n\n\n\n<figure class=\"wp-block-image size-full\"><div style=\"position: relative;\"><noscript><img loading=\"lazy\" decoding=\"async\" width=\"1440\" height=\"1800\" src=\"https:\/\/flawlesshair.com\/wp-content\/uploads\/2024\/03\/3.-medium-butterfly-haircut.jpg\" alt=\"corte de cabelo borboleta m\u00e9dio\" class=\"wp-image-44074\" srcset=\"https:\/\/flawlesshair.com\/wp-content\/uploads\/2024\/03\/3.-medium-butterfly-haircut.jpg 1440w, https:\/\/flawlesshair.com\/wp-content\/uploads\/2024\/03\/3.-medium-butterfly-haircut-240x300.jpg 240w, https:\/\/flawlesshair.com\/wp-content\/uploads\/2024\/03\/3.-medium-butterfly-haircut-768x960.jpg 768w, https:\/\/flawlesshair.com\/wp-content\/uploads\/2024\/03\/3.-medium-butterfly-haircut-10x12.jpg 10w, https:\/\/flawlesshair.com\/wp-content\/uploads\/2024\/03\/3.-medium-butterfly-haircut-864x1080.jpg 864w, https:\/\/flawlesshair.com\/wp-content\/uploads\/2024\/03\/3.-medium-butterfly-haircut-960x1200.jpg 960w, https:\/\/flawlesshair.com\/wp-content\/uploads\/2024\/03\/3.-medium-butterfly-haircut-150x188.jpg 150w\" sizes=\"auto, (max-width: 760px) calc(100vw - 24px), 720px\"><\/noscript><img loading=\"lazy\" decoding=\"async\" width=\"1440\" height=\"1800\" src=\"https:\/\/flawlesshair.com\/wp-content\/uploads\/2024\/03\/3.-medium-butterfly-haircut.jpg\" alt=\"corte de cabelo borboleta m\u00e9dio\" class=\"wp-image-44074 lazyload\" srcset=\"https:\/\/flawlesshair.com\/wp-content\/uploads\/2024\/03\/3.-medium-butterfly-haircut.jpg 1440w, https:\/\/flawlesshair.com\/wp-content\/uploads\/2024\/03\/3.-medium-butterfly-haircut-240x300.jpg 240w, https:\/\/flawlesshair.com\/wp-content\/uploads\/2024\/03\/3.-medium-butterfly-haircut-768x960.jpg 768w, https:\/\/flawlesshair.com\/wp-content\/uploads\/2024\/03\/3.-medium-butterfly-haircut-10x12.jpg 10w, https:\/\/flawlesshair.com\/wp-content\/uploads\/2024\/03\/3.-medium-butterfly-haircut-864x1080.jpg 864w, https:\/\/flawlesshair.com\/wp-content\/uploads\/2024\/03\/3.-medium-butterfly-haircut-960x1200.jpg 960w, https:\/\/flawlesshair.com\/wp-content\/uploads\/2024\/03\/3.-medium-butterfly-haircut-150x188.jpg 150w\" sizes=\"auto, (max-width: 760px) calc(100vw - 24px), 720px\" data-pin-media=\"https:\/\/flawlesshair.com\/wp-content\/uploads\/2024\/03\/3.-medium-butterfly-haircut.jpg\" id=\"mv-trellis-img-16\" data-trellis-processed=\"1\"><div style=\"position: absolute; top: 0.5rem; right: 0.75rem;\"> <a href=\"https:\/\/www.pinterest.com\/pin\/create\/button\/\" data-pin-do=\"buttonPin\" data-pin-tall=\"true\" data-pin-url=\"https:\/\/flawlesshair.com\/pt\/penteado-com-moldura-para-o-rosto\/\" data-pin-media=\"https:\/\/flawlesshair.com\/wp-content\/uploads\/2024\/03\/3.-medium-butterfly-haircut.jpg\" data-pin-description=\"These Face-Framing Haircuts Need To Be On Your Mood Board\" rel=\"nofollow noopener\" target=\"_blank\"> <\/a><\/div><\/div><figcaption class=\"wp-element-caption\"><a href=\"https:\/\/www.instagram.com\/shay.sullivann\" target=\"_blank\" rel=\"noreferrer noopener nofollow\">@shay.sullivann<\/a><\/figcaption><\/figure>\n\n\n\n<p>Este corte de cabelo deslumbrante tem tudo a ver com personaliza\u00e7\u00e3o: a franja e os comprimentos das camadas atingem o ponto perfeito para serem mais lisonjeiros, ao mesmo tempo que criam um look moderno e sem esfor\u00e7o.<\/p>\n\n\n\n<h3 class=\"wp-block-heading\">4. Cabelo em camadas com franja<\/h3>\n\n\n\n<figure class=\"wp-block-image size-full\"><div style=\"position: relative;\"><noscript><img loading=\"lazy\" decoding=\"async\" width=\"1080\" height=\"1350\" src=\"https:\/\/flawlesshair.com\/wp-content\/uploads\/2024\/03\/4.-layered-hair-with-bangs.jpg\" alt=\"cabelo em camadas com franja\" class=\"wp-image-44075\" srcset=\"https:\/\/flawlesshair.com\/wp-content\/uploads\/2024\/03\/4.-layered-hair-with-bangs.jpg 1080w, https:\/\/flawlesshair.com\/wp-content\/uploads\/2024\/03\/4.-layered-hair-with-bangs-240x300.jpg 240w, https:\/\/flawlesshair.com\/wp-content\/uploads\/2024\/03\/4.-layered-hair-with-bangs-768x960.jpg 768w, https:\/\/flawlesshair.com\/wp-content\/uploads\/2024\/03\/4.-layered-hair-with-bangs-10x12.jpg 10w, https:\/\/flawlesshair.com\/wp-content\/uploads\/2024\/03\/4.-layered-hair-with-bangs-864x1080.jpg 864w, https:\/\/flawlesshair.com\/wp-content\/uploads\/2024\/03\/4.-layered-hair-with-bangs-960x1200.jpg 960w, https:\/\/flawlesshair.com\/wp-content\/uploads\/2024\/03\/4.-layered-hair-with-bangs-150x188.jpg 150w\" sizes=\"auto, (max-width: 760px) calc(100vw - 24px), 720px\"><\/noscript><img loading=\"lazy\" decoding=\"async\" width=\"1080\" height=\"1350\" src=\"https:\/\/flawlesshair.com\/wp-content\/uploads\/2024\/03\/4.-layered-hair-with-bangs.jpg\" alt=\"cabelo em camadas com franja\" class=\"wp-image-44075 lazyload\" srcset=\"https:\/\/flawlesshair.com\/wp-content\/uploads\/2024\/03\/4.-layered-hair-with-bangs.jpg 1080w, https:\/\/flawlesshair.com\/wp-content\/uploads\/2024\/03\/4.-layered-hair-with-bangs-240x300.jpg 240w, https:\/\/flawlesshair.com\/wp-content\/uploads\/2024\/03\/4.-layered-hair-with-bangs-768x960.jpg 768w, https:\/\/flawlesshair.com\/wp-content\/uploads\/2024\/03\/4.-layered-hair-with-bangs-10x12.jpg 10w, https:\/\/flawlesshair.com\/wp-content\/uploads\/2024\/03\/4.-layered-hair-with-bangs-864x1080.jpg 864w, https:\/\/flawlesshair.com\/wp-content\/uploads\/2024\/03\/4.-layered-hair-with-bangs-960x1200.jpg 960w, https:\/\/flawlesshair.com\/wp-content\/uploads\/2024\/03\/4.-layered-hair-with-bangs-150x188.jpg 150w\" sizes=\"auto, (max-width: 760px) calc(100vw - 24px), 720px\" data-pin-media=\"https:\/\/flawlesshair.com\/wp-content\/uploads\/2024\/03\/4.-layered-hair-with-bangs.jpg\" id=\"mv-trellis-img-17\" data-trellis-processed=\"1\"><div style=\"position: absolute; top: 0.5rem; right: 0.75rem;\"> <a href=\"https:\/\/www.pinterest.com\/pin\/create\/button\/\" data-pin-do=\"buttonPin\" data-pin-tall=\"true\" data-pin-url=\"https:\/\/flawlesshair.com\/pt\/penteado-com-moldura-para-o-rosto\/\" data-pin-media=\"https:\/\/flawlesshair.com\/wp-content\/uploads\/2024\/03\/4.-layered-hair-with-bangs.jpg\" data-pin-description=\"These Face-Framing Haircuts Need To Be On Your Mood Board\" rel=\"nofollow noopener\" target=\"_blank\"> <\/a><\/div><\/div><figcaption class=\"wp-element-caption\"><a href=\"https:\/\/www.instagram.com\/stanleyman001\" target=\"_blank\" rel=\"noreferrer noopener nofollow\">@stanleyman001<\/a><\/figcaption><\/figure>\n\n\n\n<p>Um shag elegante e com muitas camadas - por vezes chamado de corte polvo - \u00e9 \u00f3timo se estiver \u00e0 procura de um formato de rosto redondo. As camadas curtas adicionam muito volume na coroa e o comprimento semelhante a uma tainha alonga visualmente o rosto.<\/p>\n\n\n\n<h3 class=\"wp-block-heading\">5. Corte de cabelo m\u00e9dio em camadas<\/h3>\n\n\n\n<figure class=\"wp-block-image size-full\"><div style=\"position: relative;\"><noscript><img loading=\"lazy\" decoding=\"async\" width=\"1080\" height=\"1350\" src=\"https:\/\/flawlesshair.com\/wp-content\/uploads\/2024\/03\/5.-medium-layered-haircut.jpg\" alt=\"corte de cabelo m\u00e9dio em camadas\" class=\"wp-image-44076\" srcset=\"https:\/\/flawlesshair.com\/wp-content\/uploads\/2024\/03\/5.-medium-layered-haircut.jpg 1080w, https:\/\/flawlesshair.com\/wp-content\/uploads\/2024\/03\/5.-medium-layered-haircut-240x300.jpg 240w, https:\/\/flawlesshair.com\/wp-content\/uploads\/2024\/03\/5.-medium-layered-haircut-768x960.jpg 768w, https:\/\/flawlesshair.com\/wp-content\/uploads\/2024\/03\/5.-medium-layered-haircut-10x12.jpg 10w, https:\/\/flawlesshair.com\/wp-content\/uploads\/2024\/03\/5.-medium-layered-haircut-864x1080.jpg 864w, https:\/\/flawlesshair.com\/wp-content\/uploads\/2024\/03\/5.-medium-layered-haircut-960x1200.jpg 960w, https:\/\/flawlesshair.com\/wp-content\/uploads\/2024\/03\/5.-medium-layered-haircut-150x188.jpg 150w\" sizes=\"auto, (max-width: 760px) calc(100vw - 24px), 720px\"><\/noscript><img loading=\"lazy\" decoding=\"async\" width=\"1080\" height=\"1350\" src=\"https:\/\/flawlesshair.com\/wp-content\/uploads\/2024\/03\/5.-medium-layered-haircut.jpg\" alt=\"corte de cabelo m\u00e9dio em camadas\" class=\"wp-image-44076 lazyload\" srcset=\"https:\/\/flawlesshair.com\/wp-content\/uploads\/2024\/03\/5.-medium-layered-haircut.jpg 1080w, https:\/\/flawlesshair.com\/wp-content\/uploads\/2024\/03\/5.-medium-layered-haircut-240x300.jpg 240w, https:\/\/flawlesshair.com\/wp-content\/uploads\/2024\/03\/5.-medium-layered-haircut-768x960.jpg 768w, https:\/\/flawlesshair.com\/wp-content\/uploads\/2024\/03\/5.-medium-layered-haircut-10x12.jpg 10w, https:\/\/flawlesshair.com\/wp-content\/uploads\/2024\/03\/5.-medium-layered-haircut-864x1080.jpg 864w, https:\/\/flawlesshair.com\/wp-content\/uploads\/2024\/03\/5.-medium-layered-haircut-960x1200.jpg 960w, https:\/\/flawlesshair.com\/wp-content\/uploads\/2024\/03\/5.-medium-layered-haircut-150x188.jpg 150w\" sizes=\"auto, (max-width: 760px) calc(100vw - 24px), 720px\" data-pin-media=\"https:\/\/flawlesshair.com\/wp-content\/uploads\/2024\/03\/5.-medium-layered-haircut.jpg\" id=\"mv-trellis-img-18\" data-trellis-processed=\"1\"><div style=\"position: absolute; top: 0.5rem; right: 0.75rem;\"> <a href=\"https:\/\/www.pinterest.com\/pin\/create\/button\/\" data-pin-do=\"buttonPin\" data-pin-tall=\"true\" data-pin-url=\"https:\/\/flawlesshair.com\/pt\/penteado-com-moldura-para-o-rosto\/\" data-pin-media=\"https:\/\/flawlesshair.com\/wp-content\/uploads\/2024\/03\/5.-medium-layered-haircut.jpg\" data-pin-description=\"These Face-Framing Haircuts Need To Be On Your Mood Board\" rel=\"nofollow noopener\" target=\"_blank\"> <\/a><\/div><\/div><figcaption class=\"wp-element-caption\"><a href=\"https:\/\/www.instagram.com\/chahong_official\" target=\"_blank\" rel=\"noreferrer noopener nofollow\">@chahong_official<\/a><\/figcaption><\/figure>\n\n\n\n<p>Este corte cl\u00e1ssico em camadas \u00e9 melhor descrito com uma palavra: saltitante, porque \u00e9 exatamente isso que traz ao cabelo. As camadas que emolduram o rosto deste estilo leve mas volumoso ficam fant\u00e1sticas em formas de rosto em diamante.<\/p>\n\n\n\n<h3 class=\"wp-block-heading\">6. Corte de cabelo m\u00e9dio que enquadra o rosto<\/h3>\n\n\n\n<figure class=\"wp-block-image size-full\"><div style=\"position: relative;\"><noscript><img loading=\"lazy\" decoding=\"async\" width=\"1391\" height=\"1721\" src=\"https:\/\/flawlesshair.com\/wp-content\/uploads\/2024\/03\/6.-medium-face-framing-haircut.jpg\" alt=\"corte de cabelo m\u00e9dio para emoldurar o rosto\" class=\"wp-image-44077\" srcset=\"https:\/\/flawlesshair.com\/wp-content\/uploads\/2024\/03\/6.-medium-face-framing-haircut.jpg 1391w, https:\/\/flawlesshair.com\/wp-content\/uploads\/2024\/03\/6.-medium-face-framing-haircut-242x300.jpg 242w, https:\/\/flawlesshair.com\/wp-content\/uploads\/2024\/03\/6.-medium-face-framing-haircut-768x950.jpg 768w, https:\/\/flawlesshair.com\/wp-content\/uploads\/2024\/03\/6.-medium-face-framing-haircut-10x12.jpg 10w, https:\/\/flawlesshair.com\/wp-content\/uploads\/2024\/03\/6.-medium-face-framing-haircut-776x960.jpg 776w, https:\/\/flawlesshair.com\/wp-content\/uploads\/2024\/03\/6.-medium-face-framing-haircut-873x1080.jpg 873w, https:\/\/flawlesshair.com\/wp-content\/uploads\/2024\/03\/6.-medium-face-framing-haircut-970x1200.jpg 970w, https:\/\/flawlesshair.com\/wp-content\/uploads\/2024\/03\/6.-medium-face-framing-haircut-150x186.jpg 150w\" sizes=\"auto, (max-width: 760px) calc(100vw - 24px), 720px\"><\/noscript><img loading=\"lazy\" decoding=\"async\" width=\"1391\" height=\"1721\" src=\"https:\/\/flawlesshair.com\/wp-content\/uploads\/2024\/03\/6.-medium-face-framing-haircut.jpg\" alt=\"corte de cabelo m\u00e9dio para emoldurar o rosto\" class=\"wp-image-44077 lazyload\" srcset=\"https:\/\/flawlesshair.com\/wp-content\/uploads\/2024\/03\/6.-medium-face-framing-haircut.jpg 1391w, https:\/\/flawlesshair.com\/wp-content\/uploads\/2024\/03\/6.-medium-face-framing-haircut-242x300.jpg 242w, https:\/\/flawlesshair.com\/wp-content\/uploads\/2024\/03\/6.-medium-face-framing-haircut-768x950.jpg 768w, https:\/\/flawlesshair.com\/wp-content\/uploads\/2024\/03\/6.-medium-face-framing-haircut-10x12.jpg 10w, https:\/\/flawlesshair.com\/wp-content\/uploads\/2024\/03\/6.-medium-face-framing-haircut-776x960.jpg 776w, https:\/\/flawlesshair.com\/wp-content\/uploads\/2024\/03\/6.-medium-face-framing-haircut-873x1080.jpg 873w, https:\/\/flawlesshair.com\/wp-content\/uploads\/2024\/03\/6.-medium-face-framing-haircut-970x1200.jpg 970w, https:\/\/flawlesshair.com\/wp-content\/uploads\/2024\/03\/6.-medium-face-framing-haircut-150x186.jpg 150w\" sizes=\"auto, (max-width: 760px) calc(100vw - 24px), 720px\" data-pin-media=\"https:\/\/flawlesshair.com\/wp-content\/uploads\/2024\/03\/6.-medium-face-framing-haircut.jpg\" id=\"mv-trellis-img-19\" data-trellis-processed=\"1\"><div style=\"position: absolute; top: 0.5rem; right: 0.75rem;\"> <a href=\"https:\/\/www.pinterest.com\/pin\/create\/button\/\" data-pin-do=\"buttonPin\" data-pin-tall=\"true\" data-pin-url=\"https:\/\/flawlesshair.com\/pt\/penteado-com-moldura-para-o-rosto\/\" data-pin-media=\"https:\/\/flawlesshair.com\/wp-content\/uploads\/2024\/03\/6.-medium-face-framing-haircut.jpg\" data-pin-description=\"These Face-Framing Haircuts Need To Be On Your Mood Board\" rel=\"nofollow noopener\" target=\"_blank\"> <\/a><\/div><\/div><figcaption class=\"wp-element-caption\"><a href=\"https:\/\/www.instagram.com\/suphitunbull\" target=\"_blank\" rel=\"noreferrer noopener nofollow\">@suphitunbull<\/a><\/figcaption><\/figure>\n\n\n\n<p>\u00c0 altura dos ombros com camadas de penas - o corte de cabelo da Rachel das esta\u00e7\u00f5es tardias - \u00e9 o melhor corte para emoldurar o rosto se n\u00e3o for f\u00e3 de franja. Gra\u00e7as \u00e0 quantidade de volume perto da linha do maxilar, esta \u00e9 uma excelente escolha se tiver um rosto em forma de cora\u00e7\u00e3o.<\/p>\n\n\n\n<h2 class=\"wp-block-heading\">Cortes de cabelo curtos para emoldurar o rosto<\/h2>\n\n\n\n<p>O cabelo curto requer pouca manuten\u00e7\u00e3o e \u00e9 mais vers\u00e1til do que possa pensar. Desde cortes \"baby wolf\" a pixies longos e despenteados, <a href=\"https:\/\/flawlesshair.com\/pt\/camadas-para-emoldurar-o-rosto-cabelo-curto\/\">cabelo curto com camadas que emolduram o rosto<\/a> podem adelga\u00e7ar o seu rosto ou dar volume, dependendo do estilo. Estas camadas acrescentam textura e movimento para tornar o cabelo curto t\u00e3o lisonjeiro e vers\u00e1til como os cortes de cabelo mais compridos.<\/p>\n\n\n\n<h3 class=\"wp-block-heading\">1. Corte pixie comprido em camadas<\/h3>\n\n\n\n<figure class=\"wp-block-image size-full\"><div style=\"position: relative;\"><noscript><img loading=\"lazy\" decoding=\"async\" width=\"1440\" height=\"1800\" src=\"https:\/\/flawlesshair.com\/wp-content\/uploads\/2024\/03\/1.-long-layered-pixie-cut.jpg\" alt=\"corte pixie longo em camadas\" class=\"wp-image-44079\" srcset=\"https:\/\/flawlesshair.com\/wp-content\/uploads\/2024\/03\/1.-long-layered-pixie-cut.jpg 1440w, https:\/\/flawlesshair.com\/wp-content\/uploads\/2024\/03\/1.-long-layered-pixie-cut-240x300.jpg 240w, https:\/\/flawlesshair.com\/wp-content\/uploads\/2024\/03\/1.-long-layered-pixie-cut-768x960.jpg 768w, https:\/\/flawlesshair.com\/wp-content\/uploads\/2024\/03\/1.-long-layered-pixie-cut-10x12.jpg 10w, https:\/\/flawlesshair.com\/wp-content\/uploads\/2024\/03\/1.-long-layered-pixie-cut-864x1080.jpg 864w, https:\/\/flawlesshair.com\/wp-content\/uploads\/2024\/03\/1.-long-layered-pixie-cut-960x1200.jpg 960w, https:\/\/flawlesshair.com\/wp-content\/uploads\/2024\/03\/1.-long-layered-pixie-cut-150x188.jpg 150w\" sizes=\"auto, (max-width: 760px) calc(100vw - 24px), 720px\"><\/noscript><img loading=\"lazy\" decoding=\"async\" width=\"1440\" height=\"1800\" src=\"https:\/\/flawlesshair.com\/wp-content\/uploads\/2024\/03\/1.-long-layered-pixie-cut.jpg\" alt=\"corte pixie longo em camadas\" class=\"wp-image-44079 lazyload\" srcset=\"https:\/\/flawlesshair.com\/wp-content\/uploads\/2024\/03\/1.-long-layered-pixie-cut.jpg 1440w, https:\/\/flawlesshair.com\/wp-content\/uploads\/2024\/03\/1.-long-layered-pixie-cut-240x300.jpg 240w, https:\/\/flawlesshair.com\/wp-content\/uploads\/2024\/03\/1.-long-layered-pixie-cut-768x960.jpg 768w, https:\/\/flawlesshair.com\/wp-content\/uploads\/2024\/03\/1.-long-layered-pixie-cut-10x12.jpg 10w, https:\/\/flawlesshair.com\/wp-content\/uploads\/2024\/03\/1.-long-layered-pixie-cut-864x1080.jpg 864w, https:\/\/flawlesshair.com\/wp-content\/uploads\/2024\/03\/1.-long-layered-pixie-cut-960x1200.jpg 960w, https:\/\/flawlesshair.com\/wp-content\/uploads\/2024\/03\/1.-long-layered-pixie-cut-150x188.jpg 150w\" sizes=\"auto, (max-width: 760px) calc(100vw - 24px), 720px\" data-pin-media=\"https:\/\/flawlesshair.com\/wp-content\/uploads\/2024\/03\/1.-long-layered-pixie-cut.jpg\" id=\"mv-trellis-img-20\" data-trellis-processed=\"1\"><div style=\"position: absolute; top: 0.5rem; right: 0.75rem;\"> <a href=\"https:\/\/www.pinterest.com\/pin\/create\/button\/\" data-pin-do=\"buttonPin\" data-pin-tall=\"true\" data-pin-url=\"https:\/\/flawlesshair.com\/pt\/penteado-com-moldura-para-o-rosto\/\" data-pin-media=\"https:\/\/flawlesshair.com\/wp-content\/uploads\/2024\/03\/1.-long-layered-pixie-cut.jpg\" data-pin-description=\"These Face-Framing Haircuts Need To Be On Your Mood Board\" rel=\"nofollow noopener\" target=\"_blank\"> <\/a><\/div><\/div><figcaption class=\"wp-element-caption\"><a href=\"https:\/\/www.instagram.com\/stanleyman001\" target=\"_blank\" rel=\"noreferrer noopener nofollow\">@stanleyman001<\/a><\/figcaption><\/figure>\n\n\n\n<p>Este duende comprido pode ser penteado de v\u00e1rias formas para lhe dar um look completamente diferente. Brinque com o comprimento das camadas mais compridas para encontrar o posicionamento mais lisonjeiro.<\/p>\n\n\n\n<h3 class=\"wp-block-heading\">2. Pixie comprido e cortado<\/h3>\n\n\n\n<figure class=\"wp-block-image size-full\"><div style=\"position: relative;\"><noscript><img loading=\"lazy\" decoding=\"async\" width=\"1440\" height=\"1800\" src=\"https:\/\/flawlesshair.com\/wp-content\/uploads\/2024\/03\/2.-long-choppy-pixie.jpg\" alt=\"pixie comprido e despenteado\" class=\"wp-image-44080\" srcset=\"https:\/\/flawlesshair.com\/wp-content\/uploads\/2024\/03\/2.-long-choppy-pixie.jpg 1440w, https:\/\/flawlesshair.com\/wp-content\/uploads\/2024\/03\/2.-long-choppy-pixie-240x300.jpg 240w, https:\/\/flawlesshair.com\/wp-content\/uploads\/2024\/03\/2.-long-choppy-pixie-768x960.jpg 768w, https:\/\/flawlesshair.com\/wp-content\/uploads\/2024\/03\/2.-long-choppy-pixie-10x12.jpg 10w, https:\/\/flawlesshair.com\/wp-content\/uploads\/2024\/03\/2.-long-choppy-pixie-864x1080.jpg 864w, https:\/\/flawlesshair.com\/wp-content\/uploads\/2024\/03\/2.-long-choppy-pixie-960x1200.jpg 960w, https:\/\/flawlesshair.com\/wp-content\/uploads\/2024\/03\/2.-long-choppy-pixie-150x188.jpg 150w\" sizes=\"auto, (max-width: 760px) calc(100vw - 24px), 720px\"><\/noscript><img loading=\"lazy\" decoding=\"async\" width=\"1440\" height=\"1800\" src=\"https:\/\/flawlesshair.com\/wp-content\/uploads\/2024\/03\/2.-long-choppy-pixie.jpg\" alt=\"pixie comprido e despenteado\" class=\"wp-image-44080 lazyload\" srcset=\"https:\/\/flawlesshair.com\/wp-content\/uploads\/2024\/03\/2.-long-choppy-pixie.jpg 1440w, https:\/\/flawlesshair.com\/wp-content\/uploads\/2024\/03\/2.-long-choppy-pixie-240x300.jpg 240w, https:\/\/flawlesshair.com\/wp-content\/uploads\/2024\/03\/2.-long-choppy-pixie-768x960.jpg 768w, https:\/\/flawlesshair.com\/wp-content\/uploads\/2024\/03\/2.-long-choppy-pixie-10x12.jpg 10w, https:\/\/flawlesshair.com\/wp-content\/uploads\/2024\/03\/2.-long-choppy-pixie-864x1080.jpg 864w, https:\/\/flawlesshair.com\/wp-content\/uploads\/2024\/03\/2.-long-choppy-pixie-960x1200.jpg 960w, https:\/\/flawlesshair.com\/wp-content\/uploads\/2024\/03\/2.-long-choppy-pixie-150x188.jpg 150w\" sizes=\"auto, (max-width: 760px) calc(100vw - 24px), 720px\" data-pin-media=\"https:\/\/flawlesshair.com\/wp-content\/uploads\/2024\/03\/2.-long-choppy-pixie.jpg\" id=\"mv-trellis-img-21\" data-trellis-processed=\"1\"><div style=\"position: absolute; top: 0.5rem; right: 0.75rem;\"> <a href=\"https:\/\/www.pinterest.com\/pin\/create\/button\/\" data-pin-do=\"buttonPin\" data-pin-tall=\"true\" data-pin-url=\"https:\/\/flawlesshair.com\/pt\/penteado-com-moldura-para-o-rosto\/\" data-pin-media=\"https:\/\/flawlesshair.com\/wp-content\/uploads\/2024\/03\/2.-long-choppy-pixie.jpg\" data-pin-description=\"These Face-Framing Haircuts Need To Be On Your Mood Board\" rel=\"nofollow noopener\" target=\"_blank\"> <\/a><\/div><\/div><figcaption class=\"wp-element-caption\"><a href=\"https:\/\/www.instagram.com\/marco_firriolo\" target=\"_blank\" rel=\"noreferrer noopener nofollow\">@marco_firriolo<\/a><\/figcaption><\/figure>\n\n\n\n<p>Para al\u00e9m de ser incrivelmente giro, este h\u00edbrido de pixie comprido\/mullet pequeno \u00e9 tamb\u00e9m super us\u00e1vel e de baixa manuten\u00e7\u00e3o - \u00e0 medida que cresce, muda mas n\u00e3o se torna menos atraente.<\/p>\n\n\n\n<h3 class=\"wp-block-heading\">3. Bob com camadas cortadas<\/h3>\n\n\n\n<figure class=\"wp-block-image size-full\"><div style=\"position: relative;\"><noscript><img loading=\"lazy\" decoding=\"async\" width=\"1440\" height=\"1800\" src=\"https:\/\/flawlesshair.com\/wp-content\/uploads\/2024\/03\/3.-bob-with-choppy-layers.jpg\" alt=\"bob com camadas cortadas\" class=\"wp-image-44081\" srcset=\"https:\/\/flawlesshair.com\/wp-content\/uploads\/2024\/03\/3.-bob-with-choppy-layers.jpg 1440w, https:\/\/flawlesshair.com\/wp-content\/uploads\/2024\/03\/3.-bob-with-choppy-layers-240x300.jpg 240w, https:\/\/flawlesshair.com\/wp-content\/uploads\/2024\/03\/3.-bob-with-choppy-layers-768x960.jpg 768w, https:\/\/flawlesshair.com\/wp-content\/uploads\/2024\/03\/3.-bob-with-choppy-layers-10x12.jpg 10w, https:\/\/flawlesshair.com\/wp-content\/uploads\/2024\/03\/3.-bob-with-choppy-layers-864x1080.jpg 864w, https:\/\/flawlesshair.com\/wp-content\/uploads\/2024\/03\/3.-bob-with-choppy-layers-960x1200.jpg 960w, https:\/\/flawlesshair.com\/wp-content\/uploads\/2024\/03\/3.-bob-with-choppy-layers-150x188.jpg 150w\" sizes=\"auto, (max-width: 760px) calc(100vw - 24px), 720px\"><\/noscript><img loading=\"lazy\" decoding=\"async\" width=\"1440\" height=\"1800\" src=\"https:\/\/flawlesshair.com\/wp-content\/uploads\/2024\/03\/3.-bob-with-choppy-layers.jpg\" alt=\"bob com camadas cortadas\" class=\"wp-image-44081 lazyload\" srcset=\"https:\/\/flawlesshair.com\/wp-content\/uploads\/2024\/03\/3.-bob-with-choppy-layers.jpg 1440w, https:\/\/flawlesshair.com\/wp-content\/uploads\/2024\/03\/3.-bob-with-choppy-layers-240x300.jpg 240w, https:\/\/flawlesshair.com\/wp-content\/uploads\/2024\/03\/3.-bob-with-choppy-layers-768x960.jpg 768w, https:\/\/flawlesshair.com\/wp-content\/uploads\/2024\/03\/3.-bob-with-choppy-layers-10x12.jpg 10w, https:\/\/flawlesshair.com\/wp-content\/uploads\/2024\/03\/3.-bob-with-choppy-layers-864x1080.jpg 864w, https:\/\/flawlesshair.com\/wp-content\/uploads\/2024\/03\/3.-bob-with-choppy-layers-960x1200.jpg 960w, https:\/\/flawlesshair.com\/wp-content\/uploads\/2024\/03\/3.-bob-with-choppy-layers-150x188.jpg 150w\" sizes=\"auto, (max-width: 760px) calc(100vw - 24px), 720px\" data-pin-media=\"https:\/\/flawlesshair.com\/wp-content\/uploads\/2024\/03\/3.-bob-with-choppy-layers.jpg\" id=\"mv-trellis-img-22\" data-trellis-processed=\"1\"><div style=\"position: absolute; top: 0.5rem; right: 0.75rem;\"> <a href=\"https:\/\/www.pinterest.com\/pin\/create\/button\/\" data-pin-do=\"buttonPin\" data-pin-tall=\"true\" data-pin-url=\"https:\/\/flawlesshair.com\/pt\/penteado-com-moldura-para-o-rosto\/\" data-pin-media=\"https:\/\/flawlesshair.com\/wp-content\/uploads\/2024\/03\/3.-bob-with-choppy-layers.jpg\" data-pin-description=\"These Face-Framing Haircuts Need To Be On Your Mood Board\" rel=\"nofollow noopener\" target=\"_blank\"> <\/a><\/div><\/div><figcaption class=\"wp-element-caption\"><a href=\"https:\/\/www.instagram.com\/rodrigues_ricardo\" target=\"_blank\" rel=\"noreferrer noopener nofollow\">@rodrigues_ricardo<\/a><\/figcaption><\/figure>\n\n\n\n<p>Uma coisa sem corte <a href=\"https:\/\/flawlesshair.com\/pt\/corte-de-cabelo-bob-emoldurando-o-rosto\/\">bob com moldura para o rosto<\/a> com franja cortada e camadas que emolduram o rosto \u00e9 perfeita para dar textura e um toque ousado.<\/p>\n\n\n\n<h3 class=\"wp-block-heading\">4. Corte curto do lobo<\/h3>\n\n\n\n<figure class=\"wp-block-image size-full\"><div style=\"position: relative;\"><noscript><img loading=\"lazy\" decoding=\"async\" width=\"1440\" height=\"1798\" src=\"https:\/\/flawlesshair.com\/wp-content\/uploads\/2024\/03\/4.-short-wolf-cut.jpg\" alt=\"corte curto do lobo\" class=\"wp-image-44082\" srcset=\"https:\/\/flawlesshair.com\/wp-content\/uploads\/2024\/03\/4.-short-wolf-cut.jpg 1440w, https:\/\/flawlesshair.com\/wp-content\/uploads\/2024\/03\/4.-short-wolf-cut-240x300.jpg 240w, https:\/\/flawlesshair.com\/wp-content\/uploads\/2024\/03\/4.-short-wolf-cut-768x959.jpg 768w, https:\/\/flawlesshair.com\/wp-content\/uploads\/2024\/03\/4.-short-wolf-cut-10x12.jpg 10w, https:\/\/flawlesshair.com\/wp-content\/uploads\/2024\/03\/4.-short-wolf-cut-769x960.jpg 769w, https:\/\/flawlesshair.com\/wp-content\/uploads\/2024\/03\/4.-short-wolf-cut-865x1080.jpg 865w, https:\/\/flawlesshair.com\/wp-content\/uploads\/2024\/03\/4.-short-wolf-cut-961x1200.jpg 961w, https:\/\/flawlesshair.com\/wp-content\/uploads\/2024\/03\/4.-short-wolf-cut-150x187.jpg 150w\" sizes=\"auto, (max-width: 760px) calc(100vw - 24px), 720px\"><\/noscript><img loading=\"lazy\" decoding=\"async\" width=\"1440\" height=\"1798\" src=\"https:\/\/flawlesshair.com\/wp-content\/uploads\/2024\/03\/4.-short-wolf-cut.jpg\" alt=\"corte curto do lobo\" class=\"wp-image-44082 lazyload\" srcset=\"https:\/\/flawlesshair.com\/wp-content\/uploads\/2024\/03\/4.-short-wolf-cut.jpg 1440w, https:\/\/flawlesshair.com\/wp-content\/uploads\/2024\/03\/4.-short-wolf-cut-240x300.jpg 240w, https:\/\/flawlesshair.com\/wp-content\/uploads\/2024\/03\/4.-short-wolf-cut-768x959.jpg 768w, https:\/\/flawlesshair.com\/wp-content\/uploads\/2024\/03\/4.-short-wolf-cut-10x12.jpg 10w, https:\/\/flawlesshair.com\/wp-content\/uploads\/2024\/03\/4.-short-wolf-cut-769x960.jpg 769w, https:\/\/flawlesshair.com\/wp-content\/uploads\/2024\/03\/4.-short-wolf-cut-865x1080.jpg 865w, https:\/\/flawlesshair.com\/wp-content\/uploads\/2024\/03\/4.-short-wolf-cut-961x1200.jpg 961w, https:\/\/flawlesshair.com\/wp-content\/uploads\/2024\/03\/4.-short-wolf-cut-150x187.jpg 150w\" sizes=\"auto, (max-width: 760px) calc(100vw - 24px), 720px\" data-pin-media=\"https:\/\/flawlesshair.com\/wp-content\/uploads\/2024\/03\/4.-short-wolf-cut.jpg\" id=\"mv-trellis-img-23\" data-trellis-processed=\"1\"><div style=\"position: absolute; top: 0.5rem; right: 0.75rem;\"> <a href=\"https:\/\/www.pinterest.com\/pin\/create\/button\/\" data-pin-do=\"buttonPin\" data-pin-tall=\"true\" data-pin-url=\"https:\/\/flawlesshair.com\/pt\/penteado-com-moldura-para-o-rosto\/\" data-pin-media=\"https:\/\/flawlesshair.com\/wp-content\/uploads\/2024\/03\/4.-short-wolf-cut.jpg\" data-pin-description=\"These Face-Framing Haircuts Need To Be On Your Mood Board\" rel=\"nofollow noopener\" target=\"_blank\"> <\/a><\/div><\/div><figcaption class=\"wp-element-caption\"><a href=\"https:\/\/www.instagram.com\/local_honey\" target=\"_blank\" rel=\"noreferrer noopener nofollow\">@local_honey<\/a><\/figcaption><\/figure>\n\n\n\n<p>Se quiser um estilo verdadeiramente sem esfor\u00e7o que n\u00e3o tenha de perder tempo a pentear, um estilo curto em camadas que funcione com a sua textura natural \u00e9 o que procura. Por exemplo, este corte de lobo fixe e bonito.<\/p>\n\n\n\n<h3 class=\"wp-block-heading\">5. Bob barroco<\/h3>\n\n\n\n<figure class=\"wp-block-image size-full\"><div style=\"position: relative;\"><noscript><img loading=\"lazy\" decoding=\"async\" width=\"1440\" height=\"1797\" src=\"https:\/\/flawlesshair.com\/wp-content\/uploads\/2024\/03\/5.-baroque-bob.jpg\" alt=\"bob barroco\" class=\"wp-image-44083\" srcset=\"https:\/\/flawlesshair.com\/wp-content\/uploads\/2024\/03\/5.-baroque-bob.jpg 1440w, https:\/\/flawlesshair.com\/wp-content\/uploads\/2024\/03\/5.-baroque-bob-240x300.jpg 240w, https:\/\/flawlesshair.com\/wp-content\/uploads\/2024\/03\/5.-baroque-bob-768x958.jpg 768w, https:\/\/flawlesshair.com\/wp-content\/uploads\/2024\/03\/5.-baroque-bob-10x12.jpg 10w, https:\/\/flawlesshair.com\/wp-content\/uploads\/2024\/03\/5.-baroque-bob-769x960.jpg 769w, https:\/\/flawlesshair.com\/wp-content\/uploads\/2024\/03\/5.-baroque-bob-865x1080.jpg 865w, https:\/\/flawlesshair.com\/wp-content\/uploads\/2024\/03\/5.-baroque-bob-962x1200.jpg 962w, https:\/\/flawlesshair.com\/wp-content\/uploads\/2024\/03\/5.-baroque-bob-150x187.jpg 150w\" sizes=\"auto, (max-width: 760px) calc(100vw - 24px), 720px\"><\/noscript><img loading=\"lazy\" decoding=\"async\" width=\"1440\" height=\"1797\" src=\"https:\/\/flawlesshair.com\/wp-content\/uploads\/2024\/03\/5.-baroque-bob.jpg\" alt=\"bob barroco\" class=\"wp-image-44083 lazyload\" srcset=\"https:\/\/flawlesshair.com\/wp-content\/uploads\/2024\/03\/5.-baroque-bob.jpg 1440w, https:\/\/flawlesshair.com\/wp-content\/uploads\/2024\/03\/5.-baroque-bob-240x300.jpg 240w, https:\/\/flawlesshair.com\/wp-content\/uploads\/2024\/03\/5.-baroque-bob-768x958.jpg 768w, https:\/\/flawlesshair.com\/wp-content\/uploads\/2024\/03\/5.-baroque-bob-10x12.jpg 10w, https:\/\/flawlesshair.com\/wp-content\/uploads\/2024\/03\/5.-baroque-bob-769x960.jpg 769w, https:\/\/flawlesshair.com\/wp-content\/uploads\/2024\/03\/5.-baroque-bob-865x1080.jpg 865w, https:\/\/flawlesshair.com\/wp-content\/uploads\/2024\/03\/5.-baroque-bob-962x1200.jpg 962w, https:\/\/flawlesshair.com\/wp-content\/uploads\/2024\/03\/5.-baroque-bob-150x187.jpg 150w\" sizes=\"auto, (max-width: 760px) calc(100vw - 24px), 720px\" data-pin-media=\"https:\/\/flawlesshair.com\/wp-content\/uploads\/2024\/03\/5.-baroque-bob.jpg\" id=\"mv-trellis-img-24\" data-trellis-processed=\"1\"><div style=\"position: absolute; top: 0.5rem; right: 0.75rem;\"> <a href=\"https:\/\/www.pinterest.com\/pin\/create\/button\/\" data-pin-do=\"buttonPin\" data-pin-tall=\"true\" data-pin-url=\"https:\/\/flawlesshair.com\/pt\/penteado-com-moldura-para-o-rosto\/\" data-pin-media=\"https:\/\/flawlesshair.com\/wp-content\/uploads\/2024\/03\/5.-baroque-bob.jpg\" data-pin-description=\"These Face-Framing Haircuts Need To Be On Your Mood Board\" rel=\"nofollow noopener\" target=\"_blank\"> <\/a><\/div><\/div><figcaption class=\"wp-element-caption\"><a href=\"https:\/\/www.instagram.com\/kultura_moscow\" target=\"_blank\" rel=\"noreferrer noopener nofollow\">@kultura_moscow<\/a><\/figcaption><\/figure>\n\n\n\n<p>Com uma subtil <a href=\"https:\/\/flawlesshair.com\/pt\/camadas-de-enquadramento-facial-parte-lateral\/\">camadas para emoldurar o rosto com uma parte lateral<\/a>Este bob da moda \u00e9 refinado, lisonjeiro e combina na perfei\u00e7\u00e3o com a est\u00e9tica do luxo tranquilo.<\/p>\n\n\n\n<h3 class=\"wp-block-heading\">6. L\u00f3bulo com textura<\/h3>\n\n\n\n<figure class=\"wp-block-image size-full\"><div style=\"position: relative;\"><noscript><img loading=\"lazy\" decoding=\"async\" width=\"1080\" height=\"1343\" src=\"https:\/\/flawlesshair.com\/wp-content\/uploads\/2024\/03\/6.-textured-bob.jpg\" alt=\"bob texturizado\" class=\"wp-image-44084\" srcset=\"https:\/\/flawlesshair.com\/wp-content\/uploads\/2024\/03\/6.-textured-bob.jpg 1080w, https:\/\/flawlesshair.com\/wp-content\/uploads\/2024\/03\/6.-textured-bob-241x300.jpg 241w, https:\/\/flawlesshair.com\/wp-content\/uploads\/2024\/03\/6.-textured-bob-768x955.jpg 768w, https:\/\/flawlesshair.com\/wp-content\/uploads\/2024\/03\/6.-textured-bob-10x12.jpg 10w, https:\/\/flawlesshair.com\/wp-content\/uploads\/2024\/03\/6.-textured-bob-772x960.jpg 772w, https:\/\/flawlesshair.com\/wp-content\/uploads\/2024\/03\/6.-textured-bob-869x1080.jpg 869w, https:\/\/flawlesshair.com\/wp-content\/uploads\/2024\/03\/6.-textured-bob-965x1200.jpg 965w, https:\/\/flawlesshair.com\/wp-content\/uploads\/2024\/03\/6.-textured-bob-150x187.jpg 150w\" sizes=\"auto, (max-width: 760px) calc(100vw - 24px), 720px\"><\/noscript><img loading=\"lazy\" decoding=\"async\" width=\"1080\" height=\"1343\" src=\"https:\/\/flawlesshair.com\/wp-content\/uploads\/2024\/03\/6.-textured-bob.jpg\" alt=\"bob texturizado\" class=\"wp-image-44084 lazyload\" srcset=\"https:\/\/flawlesshair.com\/wp-content\/uploads\/2024\/03\/6.-textured-bob.jpg 1080w, https:\/\/flawlesshair.com\/wp-content\/uploads\/2024\/03\/6.-textured-bob-241x300.jpg 241w, https:\/\/flawlesshair.com\/wp-content\/uploads\/2024\/03\/6.-textured-bob-768x955.jpg 768w, https:\/\/flawlesshair.com\/wp-content\/uploads\/2024\/03\/6.-textured-bob-10x12.jpg 10w, https:\/\/flawlesshair.com\/wp-content\/uploads\/2024\/03\/6.-textured-bob-772x960.jpg 772w, https:\/\/flawlesshair.com\/wp-content\/uploads\/2024\/03\/6.-textured-bob-869x1080.jpg 869w, https:\/\/flawlesshair.com\/wp-content\/uploads\/2024\/03\/6.-textured-bob-965x1200.jpg 965w, https:\/\/flawlesshair.com\/wp-content\/uploads\/2024\/03\/6.-textured-bob-150x187.jpg 150w\" sizes=\"auto, (max-width: 760px) calc(100vw - 24px), 720px\" data-pin-media=\"https:\/\/flawlesshair.com\/wp-content\/uploads\/2024\/03\/6.-textured-bob.jpg\" id=\"mv-trellis-img-25\" data-trellis-processed=\"1\"><div style=\"position: absolute; top: 0.5rem; right: 0.75rem;\"> <a href=\"https:\/\/www.pinterest.com\/pin\/create\/button\/\" data-pin-do=\"buttonPin\" data-pin-tall=\"true\" data-pin-url=\"https:\/\/flawlesshair.com\/pt\/penteado-com-moldura-para-o-rosto\/\" data-pin-media=\"https:\/\/flawlesshair.com\/wp-content\/uploads\/2024\/03\/6.-textured-bob.jpg\" data-pin-description=\"These Face-Framing Haircuts Need To Be On Your Mood Board\" rel=\"nofollow noopener\" target=\"_blank\"> <\/a><\/div><\/div><figcaption class=\"wp-element-caption\"><a href=\"https:\/\/www.instagram.com\/hirohair\" target=\"_blank\" rel=\"noreferrer noopener nofollow\">@hirohair<\/a><\/figcaption><\/figure>\n\n\n\n<p>A tend\u00eancia de sempre <a href=\"https:\/\/flawlesshair.com\/pt\/lobulo-texturado\/\">l\u00f3bulo texturado<\/a> \u00e9 f\u00e1cil de pentear e pode ser adaptado a qualquer rosto. Combinado com uma subtil moldura do rosto e uma franja pouco vis\u00edvel, \u00e9 uma forma de usar um corte rombudo com um rosto angular.<\/p>\n\n\n\n<h2 class=\"wp-block-heading\">Camadas que emolduram o rosto para cabelos lisos<\/h2>\n\n\n\n<p>O cabelo liso \u00e9 f\u00e1cil de cuidar mas n\u00e3o tem volume. As camadas d\u00e3o forma, corpo e textura e facilitam a cria\u00e7\u00e3o de penteados.<\/p>\n\n\n\n<h3 class=\"wp-block-heading\">1. Cabelo liso com corte rombudo<\/h3>\n\n\n\n<figure class=\"wp-block-image size-full\"><div style=\"position: relative;\"><noscript><img loading=\"lazy\" decoding=\"async\" width=\"1440\" height=\"1800\" src=\"https:\/\/flawlesshair.com\/wp-content\/uploads\/2024\/03\/1.-blunt-cut-straight-hair.jpg\" alt=\"cabelo liso com corte curto\" class=\"wp-image-44085\" srcset=\"https:\/\/flawlesshair.com\/wp-content\/uploads\/2024\/03\/1.-blunt-cut-straight-hair.jpg 1440w, https:\/\/flawlesshair.com\/wp-content\/uploads\/2024\/03\/1.-blunt-cut-straight-hair-240x300.jpg 240w, https:\/\/flawlesshair.com\/wp-content\/uploads\/2024\/03\/1.-blunt-cut-straight-hair-768x960.jpg 768w, https:\/\/flawlesshair.com\/wp-content\/uploads\/2024\/03\/1.-blunt-cut-straight-hair-10x12.jpg 10w, https:\/\/flawlesshair.com\/wp-content\/uploads\/2024\/03\/1.-blunt-cut-straight-hair-864x1080.jpg 864w, https:\/\/flawlesshair.com\/wp-content\/uploads\/2024\/03\/1.-blunt-cut-straight-hair-960x1200.jpg 960w, https:\/\/flawlesshair.com\/wp-content\/uploads\/2024\/03\/1.-blunt-cut-straight-hair-150x188.jpg 150w\" sizes=\"auto, (max-width: 760px) calc(100vw - 24px), 720px\"><\/noscript><img loading=\"lazy\" decoding=\"async\" width=\"1440\" height=\"1800\" src=\"https:\/\/flawlesshair.com\/wp-content\/uploads\/2024\/03\/1.-blunt-cut-straight-hair.jpg\" alt=\"cabelo liso com corte curto\" class=\"wp-image-44085 lazyload\" srcset=\"https:\/\/flawlesshair.com\/wp-content\/uploads\/2024\/03\/1.-blunt-cut-straight-hair.jpg 1440w, https:\/\/flawlesshair.com\/wp-content\/uploads\/2024\/03\/1.-blunt-cut-straight-hair-240x300.jpg 240w, https:\/\/flawlesshair.com\/wp-content\/uploads\/2024\/03\/1.-blunt-cut-straight-hair-768x960.jpg 768w, https:\/\/flawlesshair.com\/wp-content\/uploads\/2024\/03\/1.-blunt-cut-straight-hair-10x12.jpg 10w, https:\/\/flawlesshair.com\/wp-content\/uploads\/2024\/03\/1.-blunt-cut-straight-hair-864x1080.jpg 864w, https:\/\/flawlesshair.com\/wp-content\/uploads\/2024\/03\/1.-blunt-cut-straight-hair-960x1200.jpg 960w, https:\/\/flawlesshair.com\/wp-content\/uploads\/2024\/03\/1.-blunt-cut-straight-hair-150x188.jpg 150w\" sizes=\"auto, (max-width: 760px) calc(100vw - 24px), 720px\" data-pin-media=\"https:\/\/flawlesshair.com\/wp-content\/uploads\/2024\/03\/1.-blunt-cut-straight-hair.jpg\" id=\"mv-trellis-img-26\" data-trellis-processed=\"1\"><div style=\"position: absolute; top: 0.5rem; right: 0.75rem;\"> <a href=\"https:\/\/www.pinterest.com\/pin\/create\/button\/\" data-pin-do=\"buttonPin\" data-pin-tall=\"true\" data-pin-url=\"https:\/\/flawlesshair.com\/pt\/penteado-com-moldura-para-o-rosto\/\" data-pin-media=\"https:\/\/flawlesshair.com\/wp-content\/uploads\/2024\/03\/1.-blunt-cut-straight-hair.jpg\" data-pin-description=\"These Face-Framing Haircuts Need To Be On Your Mood Board\" rel=\"nofollow noopener\" target=\"_blank\"> <\/a><\/div><\/div><figcaption class=\"wp-element-caption\"><a href=\"https:\/\/www.instagram.com\/the.mane.collective\" target=\"_blank\" rel=\"noreferrer noopener nofollow\">@the.mane.collective<\/a><\/figcaption><\/figure>\n\n\n\n<p>O cabelo liso precisa de camadas internas e que enquadrem o rosto para evitar parecer em blocos e cair no ch\u00e3o. Ter um aspeto natural e elegante e volume <em>\u00e9<\/em> poss\u00edvel!<\/p>\n\n\n\n<h3 class=\"wp-block-heading\">2. Cabelo liso em camadas<\/h3>\n\n\n\n<figure class=\"wp-block-image size-full\"><div style=\"position: relative;\"><noscript><img loading=\"lazy\" decoding=\"async\" width=\"1440\" height=\"1800\" src=\"https:\/\/flawlesshair.com\/wp-content\/uploads\/2024\/03\/2.-layered-straight-hair.jpg\" alt=\"cabelo liso em camadas\" class=\"wp-image-44086\" srcset=\"https:\/\/flawlesshair.com\/wp-content\/uploads\/2024\/03\/2.-layered-straight-hair.jpg 1440w, https:\/\/flawlesshair.com\/wp-content\/uploads\/2024\/03\/2.-layered-straight-hair-240x300.jpg 240w, https:\/\/flawlesshair.com\/wp-content\/uploads\/2024\/03\/2.-layered-straight-hair-768x960.jpg 768w, https:\/\/flawlesshair.com\/wp-content\/uploads\/2024\/03\/2.-layered-straight-hair-10x12.jpg 10w, https:\/\/flawlesshair.com\/wp-content\/uploads\/2024\/03\/2.-layered-straight-hair-864x1080.jpg 864w, https:\/\/flawlesshair.com\/wp-content\/uploads\/2024\/03\/2.-layered-straight-hair-960x1200.jpg 960w, https:\/\/flawlesshair.com\/wp-content\/uploads\/2024\/03\/2.-layered-straight-hair-150x188.jpg 150w\" sizes=\"auto, (max-width: 760px) calc(100vw - 24px), 720px\"><\/noscript><img loading=\"lazy\" decoding=\"async\" width=\"1440\" height=\"1800\" src=\"https:\/\/flawlesshair.com\/wp-content\/uploads\/2024\/03\/2.-layered-straight-hair.jpg\" alt=\"cabelo liso em camadas\" class=\"wp-image-44086 lazyload\" srcset=\"https:\/\/flawlesshair.com\/wp-content\/uploads\/2024\/03\/2.-layered-straight-hair.jpg 1440w, https:\/\/flawlesshair.com\/wp-content\/uploads\/2024\/03\/2.-layered-straight-hair-240x300.jpg 240w, https:\/\/flawlesshair.com\/wp-content\/uploads\/2024\/03\/2.-layered-straight-hair-768x960.jpg 768w, https:\/\/flawlesshair.com\/wp-content\/uploads\/2024\/03\/2.-layered-straight-hair-10x12.jpg 10w, https:\/\/flawlesshair.com\/wp-content\/uploads\/2024\/03\/2.-layered-straight-hair-864x1080.jpg 864w, https:\/\/flawlesshair.com\/wp-content\/uploads\/2024\/03\/2.-layered-straight-hair-960x1200.jpg 960w, https:\/\/flawlesshair.com\/wp-content\/uploads\/2024\/03\/2.-layered-straight-hair-150x188.jpg 150w\" sizes=\"auto, (max-width: 760px) calc(100vw - 24px), 720px\" data-pin-media=\"https:\/\/flawlesshair.com\/wp-content\/uploads\/2024\/03\/2.-layered-straight-hair.jpg\" id=\"mv-trellis-img-27\" data-trellis-processed=\"1\"><div style=\"position: absolute; top: 0.5rem; right: 0.75rem;\"> <a href=\"https:\/\/www.pinterest.com\/pin\/create\/button\/\" data-pin-do=\"buttonPin\" data-pin-tall=\"true\" data-pin-url=\"https:\/\/flawlesshair.com\/pt\/penteado-com-moldura-para-o-rosto\/\" data-pin-media=\"https:\/\/flawlesshair.com\/wp-content\/uploads\/2024\/03\/2.-layered-straight-hair.jpg\" data-pin-description=\"These Face-Framing Haircuts Need To Be On Your Mood Board\" rel=\"nofollow noopener\" target=\"_blank\"> <\/a><\/div><\/div><figcaption class=\"wp-element-caption\"><a href=\"https:\/\/www.instagram.com\/john_thewhitebox\" target=\"_blank\" rel=\"noreferrer noopener nofollow\">@john_thewhitebox<\/a><\/figcaption><\/figure>\n\n\n\n<p>Muito <a href=\"https:\/\/flawlesshair.com\/pt\/cabelo-liso-em-camadas\/\">cabelo liso em camadas<\/a> parece mais cheio e mais espesso em qualquer comprimento. Se tiver um rosto oblongo, opte por camadas mais curtas que enquadrem o rosto para dar volume nos lados.<\/p>\n\n\n\n<h3 class=\"wp-block-heading\">3. Bob sem corte com franja<\/h3>\n\n\n\n<figure class=\"wp-block-image size-full\"><div style=\"position: relative;\"><noscript><img loading=\"lazy\" decoding=\"async\" width=\"1080\" height=\"1350\" src=\"https:\/\/flawlesshair.com\/wp-content\/uploads\/2024\/03\/3.-blunt-bob-with-bangs.jpg\" alt=\"corte curto com franja\" class=\"wp-image-44087\" srcset=\"https:\/\/flawlesshair.com\/wp-content\/uploads\/2024\/03\/3.-blunt-bob-with-bangs.jpg 1080w, https:\/\/flawlesshair.com\/wp-content\/uploads\/2024\/03\/3.-blunt-bob-with-bangs-240x300.jpg 240w, https:\/\/flawlesshair.com\/wp-content\/uploads\/2024\/03\/3.-blunt-bob-with-bangs-768x960.jpg 768w, https:\/\/flawlesshair.com\/wp-content\/uploads\/2024\/03\/3.-blunt-bob-with-bangs-10x12.jpg 10w, https:\/\/flawlesshair.com\/wp-content\/uploads\/2024\/03\/3.-blunt-bob-with-bangs-864x1080.jpg 864w, https:\/\/flawlesshair.com\/wp-content\/uploads\/2024\/03\/3.-blunt-bob-with-bangs-960x1200.jpg 960w, https:\/\/flawlesshair.com\/wp-content\/uploads\/2024\/03\/3.-blunt-bob-with-bangs-150x188.jpg 150w\" sizes=\"auto, (max-width: 760px) calc(100vw - 24px), 720px\"><\/noscript><img loading=\"lazy\" decoding=\"async\" width=\"1080\" height=\"1350\" src=\"https:\/\/flawlesshair.com\/wp-content\/uploads\/2024\/03\/3.-blunt-bob-with-bangs.jpg\" alt=\"corte curto com franja\" class=\"wp-image-44087 lazyload\" srcset=\"https:\/\/flawlesshair.com\/wp-content\/uploads\/2024\/03\/3.-blunt-bob-with-bangs.jpg 1080w, https:\/\/flawlesshair.com\/wp-content\/uploads\/2024\/03\/3.-blunt-bob-with-bangs-240x300.jpg 240w, https:\/\/flawlesshair.com\/wp-content\/uploads\/2024\/03\/3.-blunt-bob-with-bangs-768x960.jpg 768w, https:\/\/flawlesshair.com\/wp-content\/uploads\/2024\/03\/3.-blunt-bob-with-bangs-10x12.jpg 10w, https:\/\/flawlesshair.com\/wp-content\/uploads\/2024\/03\/3.-blunt-bob-with-bangs-864x1080.jpg 864w, https:\/\/flawlesshair.com\/wp-content\/uploads\/2024\/03\/3.-blunt-bob-with-bangs-960x1200.jpg 960w, https:\/\/flawlesshair.com\/wp-content\/uploads\/2024\/03\/3.-blunt-bob-with-bangs-150x188.jpg 150w\" sizes=\"auto, (max-width: 760px) calc(100vw - 24px), 720px\" data-pin-media=\"https:\/\/flawlesshair.com\/wp-content\/uploads\/2024\/03\/3.-blunt-bob-with-bangs.jpg\" id=\"mv-trellis-img-28\" data-trellis-processed=\"1\"><div style=\"position: absolute; top: 0.5rem; right: 0.75rem;\"> <a href=\"https:\/\/www.pinterest.com\/pin\/create\/button\/\" data-pin-do=\"buttonPin\" data-pin-tall=\"true\" data-pin-url=\"https:\/\/flawlesshair.com\/pt\/penteado-com-moldura-para-o-rosto\/\" data-pin-media=\"https:\/\/flawlesshair.com\/wp-content\/uploads\/2024\/03\/3.-blunt-bob-with-bangs.jpg\" data-pin-description=\"These Face-Framing Haircuts Need To Be On Your Mood Board\" rel=\"nofollow noopener\" target=\"_blank\"> <\/a><\/div><\/div><figcaption class=\"wp-element-caption\"><a href=\"https:\/\/www.instagram.com\/pipsqueekinsaigon\" target=\"_blank\" rel=\"noreferrer noopener nofollow\">@pipsqueekinsaigon<\/a><\/figcaption><\/figure>\n\n\n\n<p>Um bob direito e sem corte pode parecer muito severo e pouco lisonjeiro em muitos formatos de rosto, mas algumas camadas subtis que enquadrem o rosto e uma franja cortada dar\u00e3o a volta \u00e0 situa\u00e7\u00e3o.<\/p>\n\n\n\n<h3 class=\"wp-block-heading\">4. Cabelo liso comprido em camadas<\/h3>\n\n\n\n<figure class=\"wp-block-image size-full\"><div style=\"position: relative;\"><noscript><img loading=\"lazy\" decoding=\"async\" width=\"1440\" height=\"1800\" src=\"https:\/\/flawlesshair.com\/wp-content\/uploads\/2024\/03\/4.-long-layered-straight-hair.jpg\" alt=\"cabelo comprido liso em camadas\" class=\"wp-image-44088\" srcset=\"https:\/\/flawlesshair.com\/wp-content\/uploads\/2024\/03\/4.-long-layered-straight-hair.jpg 1440w, https:\/\/flawlesshair.com\/wp-content\/uploads\/2024\/03\/4.-long-layered-straight-hair-240x300.jpg 240w, https:\/\/flawlesshair.com\/wp-content\/uploads\/2024\/03\/4.-long-layered-straight-hair-768x960.jpg 768w, https:\/\/flawlesshair.com\/wp-content\/uploads\/2024\/03\/4.-long-layered-straight-hair-10x12.jpg 10w, https:\/\/flawlesshair.com\/wp-content\/uploads\/2024\/03\/4.-long-layered-straight-hair-864x1080.jpg 864w, https:\/\/flawlesshair.com\/wp-content\/uploads\/2024\/03\/4.-long-layered-straight-hair-960x1200.jpg 960w, https:\/\/flawlesshair.com\/wp-content\/uploads\/2024\/03\/4.-long-layered-straight-hair-150x188.jpg 150w\" sizes=\"auto, (max-width: 760px) calc(100vw - 24px), 720px\"><\/noscript><img loading=\"lazy\" decoding=\"async\" width=\"1440\" height=\"1800\" src=\"https:\/\/flawlesshair.com\/wp-content\/uploads\/2024\/03\/4.-long-layered-straight-hair.jpg\" alt=\"cabelo comprido liso em camadas\" class=\"wp-image-44088 lazyload\" srcset=\"https:\/\/flawlesshair.com\/wp-content\/uploads\/2024\/03\/4.-long-layered-straight-hair.jpg 1440w, https:\/\/flawlesshair.com\/wp-content\/uploads\/2024\/03\/4.-long-layered-straight-hair-240x300.jpg 240w, https:\/\/flawlesshair.com\/wp-content\/uploads\/2024\/03\/4.-long-layered-straight-hair-768x960.jpg 768w, https:\/\/flawlesshair.com\/wp-content\/uploads\/2024\/03\/4.-long-layered-straight-hair-10x12.jpg 10w, https:\/\/flawlesshair.com\/wp-content\/uploads\/2024\/03\/4.-long-layered-straight-hair-864x1080.jpg 864w, https:\/\/flawlesshair.com\/wp-content\/uploads\/2024\/03\/4.-long-layered-straight-hair-960x1200.jpg 960w, https:\/\/flawlesshair.com\/wp-content\/uploads\/2024\/03\/4.-long-layered-straight-hair-150x188.jpg 150w\" sizes=\"auto, (max-width: 760px) calc(100vw - 24px), 720px\" data-pin-media=\"https:\/\/flawlesshair.com\/wp-content\/uploads\/2024\/03\/4.-long-layered-straight-hair.jpg\" id=\"mv-trellis-img-29\" data-trellis-processed=\"1\"><div style=\"position: absolute; top: 0.5rem; right: 0.75rem;\"> <a href=\"https:\/\/www.pinterest.com\/pin\/create\/button\/\" data-pin-do=\"buttonPin\" data-pin-tall=\"true\" data-pin-url=\"https:\/\/flawlesshair.com\/pt\/penteado-com-moldura-para-o-rosto\/\" data-pin-media=\"https:\/\/flawlesshair.com\/wp-content\/uploads\/2024\/03\/4.-long-layered-straight-hair.jpg\" data-pin-description=\"These Face-Framing Haircuts Need To Be On Your Mood Board\" rel=\"nofollow noopener\" target=\"_blank\"> <\/a><\/div><\/div><figcaption class=\"wp-element-caption\"><a href=\"https:\/\/www.instagram.com\/annie_austen\" target=\"_blank\" rel=\"noreferrer noopener nofollow\">@annie_austen<\/a><\/figcaption><\/figure>\n\n\n\n<p> Ao remover o peso, as camadas transformam o cabelo liso e volumoso, que n\u00e3o consegue manter a forma, numa del\u00edcia saltitante e fluida.<\/p>\n\n\n\n<h2 class=\"wp-block-heading\">Camadas para emoldurar o rosto para cabelos encaracolados<\/h2>\n\n\n\n<p>As camadas que emolduram o rosto ajudam a definir e a moldar os seus carac\u00f3is, dando-lhes um aspeto mais estruturado. Ao remover algum peso \u00e0 volta do rosto, os seus carac\u00f3is podem crescer e emoldurar as suas fei\u00e7\u00f5es, chamando a aten\u00e7\u00e3o para os seus olhos.<\/p>\n\n\n\n<h3 class=\"wp-block-heading\">1. Cabelo encaracolado m\u00e9dio com camadas<\/h3>\n\n\n\n<figure class=\"wp-block-image size-full\"><div style=\"position: relative;\"><noscript><img loading=\"lazy\" decoding=\"async\" width=\"1440\" height=\"1800\" src=\"https:\/\/flawlesshair.com\/wp-content\/uploads\/2024\/03\/1.-medium-curly-hair-with-layers.jpg\" alt=\"cabelo encaracolado m\u00e9dio com camadas\" class=\"wp-image-44089\" srcset=\"https:\/\/flawlesshair.com\/wp-content\/uploads\/2024\/03\/1.-medium-curly-hair-with-layers.jpg 1440w, https:\/\/flawlesshair.com\/wp-content\/uploads\/2024\/03\/1.-medium-curly-hair-with-layers-240x300.jpg 240w, https:\/\/flawlesshair.com\/wp-content\/uploads\/2024\/03\/1.-medium-curly-hair-with-layers-768x960.jpg 768w, https:\/\/flawlesshair.com\/wp-content\/uploads\/2024\/03\/1.-medium-curly-hair-with-layers-10x12.jpg 10w, https:\/\/flawlesshair.com\/wp-content\/uploads\/2024\/03\/1.-medium-curly-hair-with-layers-864x1080.jpg 864w, https:\/\/flawlesshair.com\/wp-content\/uploads\/2024\/03\/1.-medium-curly-hair-with-layers-960x1200.jpg 960w, https:\/\/flawlesshair.com\/wp-content\/uploads\/2024\/03\/1.-medium-curly-hair-with-layers-150x188.jpg 150w\" sizes=\"auto, (max-width: 760px) calc(100vw - 24px), 720px\"><\/noscript><img loading=\"lazy\" decoding=\"async\" width=\"1440\" height=\"1800\" src=\"https:\/\/flawlesshair.com\/wp-content\/uploads\/2024\/03\/1.-medium-curly-hair-with-layers.jpg\" alt=\"cabelo encaracolado m\u00e9dio com camadas\" class=\"wp-image-44089 lazyload\" srcset=\"https:\/\/flawlesshair.com\/wp-content\/uploads\/2024\/03\/1.-medium-curly-hair-with-layers.jpg 1440w, https:\/\/flawlesshair.com\/wp-content\/uploads\/2024\/03\/1.-medium-curly-hair-with-layers-240x300.jpg 240w, https:\/\/flawlesshair.com\/wp-content\/uploads\/2024\/03\/1.-medium-curly-hair-with-layers-768x960.jpg 768w, https:\/\/flawlesshair.com\/wp-content\/uploads\/2024\/03\/1.-medium-curly-hair-with-layers-10x12.jpg 10w, https:\/\/flawlesshair.com\/wp-content\/uploads\/2024\/03\/1.-medium-curly-hair-with-layers-864x1080.jpg 864w, https:\/\/flawlesshair.com\/wp-content\/uploads\/2024\/03\/1.-medium-curly-hair-with-layers-960x1200.jpg 960w, https:\/\/flawlesshair.com\/wp-content\/uploads\/2024\/03\/1.-medium-curly-hair-with-layers-150x188.jpg 150w\" sizes=\"auto, (max-width: 760px) calc(100vw - 24px), 720px\" data-pin-media=\"https:\/\/flawlesshair.com\/wp-content\/uploads\/2024\/03\/1.-medium-curly-hair-with-layers.jpg\" id=\"mv-trellis-img-30\" data-trellis-processed=\"1\"><div style=\"position: absolute; top: 0.5rem; right: 0.75rem;\"> <a href=\"https:\/\/www.pinterest.com\/pin\/create\/button\/\" data-pin-do=\"buttonPin\" data-pin-tall=\"true\" data-pin-url=\"https:\/\/flawlesshair.com\/pt\/penteado-com-moldura-para-o-rosto\/\" data-pin-media=\"https:\/\/flawlesshair.com\/wp-content\/uploads\/2024\/03\/1.-medium-curly-hair-with-layers.jpg\" data-pin-description=\"These Face-Framing Haircuts Need To Be On Your Mood Board\" rel=\"nofollow noopener\" target=\"_blank\"> <\/a><\/div><\/div><figcaption class=\"wp-element-caption\"><a href=\"https:\/\/www.instagram.com\/hirohair\" target=\"_blank\" rel=\"noreferrer noopener nofollow\">@hirohair<\/a><\/figcaption><\/figure>\n\n\n\n<p>A franja e as camadas que emolduram o rosto juntam-se para dar ao seu cabelo um impulso extra de volume. \u00c9 como se tivessem sido feitas uma para a outra!<\/p>\n\n\n\n<h3 class=\"wp-block-heading\">2. Bob encaracolado com franja<\/h3>\n\n\n\n<figure class=\"wp-block-image size-full\"><div style=\"position: relative;\"><noscript><img loading=\"lazy\" decoding=\"async\" width=\"1238\" height=\"1362\" src=\"https:\/\/flawlesshair.com\/wp-content\/uploads\/2024\/03\/2.-curly-bob-with-bangs.jpg\" alt=\"cabelo encaracolado com franja\" class=\"wp-image-44090\" srcset=\"https:\/\/flawlesshair.com\/wp-content\/uploads\/2024\/03\/2.-curly-bob-with-bangs.jpg 1238w, https:\/\/flawlesshair.com\/wp-content\/uploads\/2024\/03\/2.-curly-bob-with-bangs-273x300.jpg 273w, https:\/\/flawlesshair.com\/wp-content\/uploads\/2024\/03\/2.-curly-bob-with-bangs-768x845.jpg 768w, https:\/\/flawlesshair.com\/wp-content\/uploads\/2024\/03\/2.-curly-bob-with-bangs-11x12.jpg 11w, https:\/\/flawlesshair.com\/wp-content\/uploads\/2024\/03\/2.-curly-bob-with-bangs-873x960.jpg 873w, https:\/\/flawlesshair.com\/wp-content\/uploads\/2024\/03\/2.-curly-bob-with-bangs-982x1080.jpg 982w, https:\/\/flawlesshair.com\/wp-content\/uploads\/2024\/03\/2.-curly-bob-with-bangs-1091x1200.jpg 1091w, https:\/\/flawlesshair.com\/wp-content\/uploads\/2024\/03\/2.-curly-bob-with-bangs-150x165.jpg 150w\" sizes=\"auto, (max-width: 760px) calc(100vw - 24px), 720px\"><\/noscript><img loading=\"lazy\" decoding=\"async\" width=\"1238\" height=\"1362\" src=\"https:\/\/flawlesshair.com\/wp-content\/uploads\/2024\/03\/2.-curly-bob-with-bangs.jpg\" alt=\"cabelo encaracolado com franja\" class=\"wp-image-44090 lazyload\" srcset=\"https:\/\/flawlesshair.com\/wp-content\/uploads\/2024\/03\/2.-curly-bob-with-bangs.jpg 1238w, https:\/\/flawlesshair.com\/wp-content\/uploads\/2024\/03\/2.-curly-bob-with-bangs-273x300.jpg 273w, https:\/\/flawlesshair.com\/wp-content\/uploads\/2024\/03\/2.-curly-bob-with-bangs-768x845.jpg 768w, https:\/\/flawlesshair.com\/wp-content\/uploads\/2024\/03\/2.-curly-bob-with-bangs-11x12.jpg 11w, https:\/\/flawlesshair.com\/wp-content\/uploads\/2024\/03\/2.-curly-bob-with-bangs-873x960.jpg 873w, https:\/\/flawlesshair.com\/wp-content\/uploads\/2024\/03\/2.-curly-bob-with-bangs-982x1080.jpg 982w, https:\/\/flawlesshair.com\/wp-content\/uploads\/2024\/03\/2.-curly-bob-with-bangs-1091x1200.jpg 1091w, https:\/\/flawlesshair.com\/wp-content\/uploads\/2024\/03\/2.-curly-bob-with-bangs-150x165.jpg 150w\" sizes=\"auto, (max-width: 760px) calc(100vw - 24px), 720px\" data-pin-media=\"https:\/\/flawlesshair.com\/wp-content\/uploads\/2024\/03\/2.-curly-bob-with-bangs.jpg\" id=\"mv-trellis-img-31\" data-trellis-processed=\"1\"><div style=\"position: absolute; top: 0.5rem; right: 0.75rem;\"> <a href=\"https:\/\/www.pinterest.com\/pin\/create\/button\/\" data-pin-do=\"buttonPin\" data-pin-tall=\"true\" data-pin-url=\"https:\/\/flawlesshair.com\/pt\/penteado-com-moldura-para-o-rosto\/\" data-pin-media=\"https:\/\/flawlesshair.com\/wp-content\/uploads\/2024\/03\/2.-curly-bob-with-bangs.jpg\" data-pin-description=\"These Face-Framing Haircuts Need To Be On Your Mood Board\" rel=\"nofollow noopener\" target=\"_blank\"> <\/a><\/div><\/div><figcaption class=\"wp-element-caption\"><a href=\"https:\/\/www.instagram.com\/randco\" target=\"_blank\" rel=\"noreferrer noopener nofollow\">@randco<\/a><\/figcaption><\/figure>\n\n\n\n<p>Este fant\u00e1stico bob encaracolado \u00e9 fofo e espesso sem ser demasiado volumoso, gra\u00e7as \u00e0s camadas perfeitamente colocadas para emoldurar o rosto.<\/p>\n\n\n\n<h3 class=\"wp-block-heading\">3. Cabelo comprido encaracolado com moldura para o rosto<\/h3>\n\n\n\n<figure class=\"wp-block-image size-full\"><div style=\"position: relative;\"><noscript><img loading=\"lazy\" decoding=\"async\" width=\"1440\" height=\"1649\" src=\"https:\/\/flawlesshair.com\/wp-content\/uploads\/2024\/03\/3.-long-curly-hair-with-face-framing.jpg\" alt=\"cabelo comprido encaracolado com moldura para o rosto\" class=\"wp-image-44091\" srcset=\"https:\/\/flawlesshair.com\/wp-content\/uploads\/2024\/03\/3.-long-curly-hair-with-face-framing.jpg 1440w, https:\/\/flawlesshair.com\/wp-content\/uploads\/2024\/03\/3.-long-curly-hair-with-face-framing-262x300.jpg 262w, https:\/\/flawlesshair.com\/wp-content\/uploads\/2024\/03\/3.-long-curly-hair-with-face-framing-768x879.jpg 768w, https:\/\/flawlesshair.com\/wp-content\/uploads\/2024\/03\/3.-long-curly-hair-with-face-framing-10x12.jpg 10w, https:\/\/flawlesshair.com\/wp-content\/uploads\/2024\/03\/3.-long-curly-hair-with-face-framing-838x960.jpg 838w, https:\/\/flawlesshair.com\/wp-content\/uploads\/2024\/03\/3.-long-curly-hair-with-face-framing-943x1080.jpg 943w, https:\/\/flawlesshair.com\/wp-content\/uploads\/2024\/03\/3.-long-curly-hair-with-face-framing-1048x1200.jpg 1048w, https:\/\/flawlesshair.com\/wp-content\/uploads\/2024\/03\/3.-long-curly-hair-with-face-framing-150x172.jpg 150w\" sizes=\"auto, (max-width: 760px) calc(100vw - 24px), 720px\"><\/noscript><img loading=\"lazy\" decoding=\"async\" width=\"1440\" height=\"1649\" src=\"https:\/\/flawlesshair.com\/wp-content\/uploads\/2024\/03\/3.-long-curly-hair-with-face-framing.jpg\" alt=\"cabelo comprido encaracolado com moldura para o rosto\" class=\"wp-image-44091 lazyload\" srcset=\"https:\/\/flawlesshair.com\/wp-content\/uploads\/2024\/03\/3.-long-curly-hair-with-face-framing.jpg 1440w, https:\/\/flawlesshair.com\/wp-content\/uploads\/2024\/03\/3.-long-curly-hair-with-face-framing-262x300.jpg 262w, https:\/\/flawlesshair.com\/wp-content\/uploads\/2024\/03\/3.-long-curly-hair-with-face-framing-768x879.jpg 768w, https:\/\/flawlesshair.com\/wp-content\/uploads\/2024\/03\/3.-long-curly-hair-with-face-framing-10x12.jpg 10w, https:\/\/flawlesshair.com\/wp-content\/uploads\/2024\/03\/3.-long-curly-hair-with-face-framing-838x960.jpg 838w, https:\/\/flawlesshair.com\/wp-content\/uploads\/2024\/03\/3.-long-curly-hair-with-face-framing-943x1080.jpg 943w, https:\/\/flawlesshair.com\/wp-content\/uploads\/2024\/03\/3.-long-curly-hair-with-face-framing-1048x1200.jpg 1048w, https:\/\/flawlesshair.com\/wp-content\/uploads\/2024\/03\/3.-long-curly-hair-with-face-framing-150x172.jpg 150w\" sizes=\"auto, (max-width: 760px) calc(100vw - 24px), 720px\" data-pin-media=\"https:\/\/flawlesshair.com\/wp-content\/uploads\/2024\/03\/3.-long-curly-hair-with-face-framing.jpg\" id=\"mv-trellis-img-32\" data-trellis-processed=\"1\"><div style=\"position: absolute; top: 0.5rem; right: 0.75rem;\"> <a href=\"https:\/\/www.pinterest.com\/pin\/create\/button\/\" data-pin-do=\"buttonPin\" data-pin-tall=\"true\" data-pin-url=\"https:\/\/flawlesshair.com\/pt\/penteado-com-moldura-para-o-rosto\/\" data-pin-media=\"https:\/\/flawlesshair.com\/wp-content\/uploads\/2024\/03\/3.-long-curly-hair-with-face-framing.jpg\" data-pin-description=\"These Face-Framing Haircuts Need To Be On Your Mood Board\" rel=\"nofollow noopener\" target=\"_blank\"> <\/a><\/div><\/div><figcaption class=\"wp-element-caption\"><a href=\"https:\/\/www.instagram.com\/nieseyshair\" target=\"_blank\" rel=\"noreferrer noopener nofollow\">@nieseyshair<\/a><\/figcaption><\/figure>\n\n\n\n<p>Este <a href=\"https:\/\/flawlesshair.com\/pt\/cabelo-encaracolado-em-camadas-longas-emoldurando-o-rosto\/\">cabelo comprido encaracolado com moldura para o rosto<\/a> far\u00e1 de si o centro das aten\u00e7\u00f5es. A forma e a defini\u00e7\u00e3o perfeitas destes belos carac\u00f3is foram conseguidas com a ajuda de camadas.<\/p>\n\n\n\n<h3 class=\"wp-block-heading\">4. Penteado encaracolado<\/h3>\n\n\n\n<figure class=\"wp-block-image size-full\"><div style=\"position: relative;\"><noscript><img loading=\"lazy\" decoding=\"async\" width=\"1440\" height=\"1799\" src=\"https:\/\/flawlesshair.com\/wp-content\/uploads\/2024\/03\/4.-curly-shag.jpg\" alt=\"cabelo encaracolado\" class=\"wp-image-44092\" srcset=\"https:\/\/flawlesshair.com\/wp-content\/uploads\/2024\/03\/4.-curly-shag.jpg 1440w, https:\/\/flawlesshair.com\/wp-content\/uploads\/2024\/03\/4.-curly-shag-240x300.jpg 240w, https:\/\/flawlesshair.com\/wp-content\/uploads\/2024\/03\/4.-curly-shag-768x960.jpg 768w, https:\/\/flawlesshair.com\/wp-content\/uploads\/2024\/03\/4.-curly-shag-10x12.jpg 10w, https:\/\/flawlesshair.com\/wp-content\/uploads\/2024\/03\/4.-curly-shag-864x1080.jpg 864w, https:\/\/flawlesshair.com\/wp-content\/uploads\/2024\/03\/4.-curly-shag-961x1200.jpg 961w, https:\/\/flawlesshair.com\/wp-content\/uploads\/2024\/03\/4.-curly-shag-150x187.jpg 150w\" sizes=\"auto, (max-width: 760px) calc(100vw - 24px), 720px\"><\/noscript><img loading=\"lazy\" decoding=\"async\" width=\"1440\" height=\"1799\" src=\"https:\/\/flawlesshair.com\/wp-content\/uploads\/2024\/03\/4.-curly-shag.jpg\" alt=\"cabelo encaracolado\" class=\"wp-image-44092 lazyload\" srcset=\"https:\/\/flawlesshair.com\/wp-content\/uploads\/2024\/03\/4.-curly-shag.jpg 1440w, https:\/\/flawlesshair.com\/wp-content\/uploads\/2024\/03\/4.-curly-shag-240x300.jpg 240w, https:\/\/flawlesshair.com\/wp-content\/uploads\/2024\/03\/4.-curly-shag-768x960.jpg 768w, https:\/\/flawlesshair.com\/wp-content\/uploads\/2024\/03\/4.-curly-shag-10x12.jpg 10w, https:\/\/flawlesshair.com\/wp-content\/uploads\/2024\/03\/4.-curly-shag-864x1080.jpg 864w, https:\/\/flawlesshair.com\/wp-content\/uploads\/2024\/03\/4.-curly-shag-961x1200.jpg 961w, https:\/\/flawlesshair.com\/wp-content\/uploads\/2024\/03\/4.-curly-shag-150x187.jpg 150w\" sizes=\"auto, (max-width: 760px) calc(100vw - 24px), 720px\" data-pin-media=\"https:\/\/flawlesshair.com\/wp-content\/uploads\/2024\/03\/4.-curly-shag.jpg\" id=\"mv-trellis-img-33\" data-trellis-processed=\"1\"><div style=\"position: absolute; top: 0.5rem; right: 0.75rem;\"> <a href=\"https:\/\/www.pinterest.com\/pin\/create\/button\/\" data-pin-do=\"buttonPin\" data-pin-tall=\"true\" data-pin-url=\"https:\/\/flawlesshair.com\/pt\/penteado-com-moldura-para-o-rosto\/\" data-pin-media=\"https:\/\/flawlesshair.com\/wp-content\/uploads\/2024\/03\/4.-curly-shag.jpg\" data-pin-description=\"These Face-Framing Haircuts Need To Be On Your Mood Board\" rel=\"nofollow noopener\" target=\"_blank\"> <\/a><\/div><\/div><figcaption class=\"wp-element-caption\"><a href=\"https:\/\/www.instagram.com\/salsalhair\" target=\"_blank\" rel=\"noreferrer noopener nofollow\">@salsalhair<\/a><\/figcaption><\/figure>\n\n\n\n<p>Um cabelo despenteado fica melhor quando complementa a sua textura natural, por isso \u00e9 ideal para o cabelo encaracolado. As camadas ajudam a definir os carac\u00f3is e o penteado \u00e9 f\u00e1cil: condicionar, secar ao ar e pronto.<\/p>\n\n\n\n<h2 class=\"wp-block-heading\">Camadas para Enquadrar o Rosto para Cabelo Espesso<\/h2>\n\n\n\n<p>O cabelo espesso pode parecer pesado e avassalador, especialmente \u00e0 volta do rosto. As camadas que emolduram o rosto ajudam a remover algum do peso, criando um penteado mais manej\u00e1vel, com defini\u00e7\u00e3o e forma.<\/p>\n\n\n\n<h3 class=\"wp-block-heading\">1. Cabelo com camadas m\u00e9dias<\/h3>\n\n\n\n<figure class=\"wp-block-image size-full\"><div style=\"position: relative;\"><noscript><img loading=\"lazy\" decoding=\"async\" width=\"1440\" height=\"1800\" src=\"https:\/\/flawlesshair.com\/wp-content\/uploads\/2024\/03\/1.-medium-layered-hair.jpg\" alt=\"cabelo com camadas m\u00e9dias\" class=\"wp-image-44093\" srcset=\"https:\/\/flawlesshair.com\/wp-content\/uploads\/2024\/03\/1.-medium-layered-hair.jpg 1440w, https:\/\/flawlesshair.com\/wp-content\/uploads\/2024\/03\/1.-medium-layered-hair-240x300.jpg 240w, https:\/\/flawlesshair.com\/wp-content\/uploads\/2024\/03\/1.-medium-layered-hair-768x960.jpg 768w, https:\/\/flawlesshair.com\/wp-content\/uploads\/2024\/03\/1.-medium-layered-hair-10x12.jpg 10w, https:\/\/flawlesshair.com\/wp-content\/uploads\/2024\/03\/1.-medium-layered-hair-864x1080.jpg 864w, https:\/\/flawlesshair.com\/wp-content\/uploads\/2024\/03\/1.-medium-layered-hair-960x1200.jpg 960w, https:\/\/flawlesshair.com\/wp-content\/uploads\/2024\/03\/1.-medium-layered-hair-150x188.jpg 150w\" sizes=\"auto, (max-width: 760px) calc(100vw - 24px), 720px\"><\/noscript><img loading=\"lazy\" decoding=\"async\" width=\"1440\" height=\"1800\" src=\"https:\/\/flawlesshair.com\/wp-content\/uploads\/2024\/03\/1.-medium-layered-hair.jpg\" alt=\"cabelo com camadas m\u00e9dias\" class=\"wp-image-44093 lazyload\" srcset=\"https:\/\/flawlesshair.com\/wp-content\/uploads\/2024\/03\/1.-medium-layered-hair.jpg 1440w, https:\/\/flawlesshair.com\/wp-content\/uploads\/2024\/03\/1.-medium-layered-hair-240x300.jpg 240w, https:\/\/flawlesshair.com\/wp-content\/uploads\/2024\/03\/1.-medium-layered-hair-768x960.jpg 768w, https:\/\/flawlesshair.com\/wp-content\/uploads\/2024\/03\/1.-medium-layered-hair-10x12.jpg 10w, https:\/\/flawlesshair.com\/wp-content\/uploads\/2024\/03\/1.-medium-layered-hair-864x1080.jpg 864w, https:\/\/flawlesshair.com\/wp-content\/uploads\/2024\/03\/1.-medium-layered-hair-960x1200.jpg 960w, https:\/\/flawlesshair.com\/wp-content\/uploads\/2024\/03\/1.-medium-layered-hair-150x188.jpg 150w\" sizes=\"auto, (max-width: 760px) calc(100vw - 24px), 720px\" data-pin-media=\"https:\/\/flawlesshair.com\/wp-content\/uploads\/2024\/03\/1.-medium-layered-hair.jpg\" id=\"mv-trellis-img-34\" data-trellis-processed=\"1\"><div style=\"position: absolute; top: 0.5rem; right: 0.75rem;\"> <a href=\"https:\/\/www.pinterest.com\/pin\/create\/button\/\" data-pin-do=\"buttonPin\" data-pin-tall=\"true\" data-pin-url=\"https:\/\/flawlesshair.com\/pt\/penteado-com-moldura-para-o-rosto\/\" data-pin-media=\"https:\/\/flawlesshair.com\/wp-content\/uploads\/2024\/03\/1.-medium-layered-hair.jpg\" data-pin-description=\"These Face-Framing Haircuts Need To Be On Your Mood Board\" rel=\"nofollow noopener\" target=\"_blank\"> <\/a><\/div><\/div><figcaption class=\"wp-element-caption\"><a href=\"https:\/\/www.instagram.com\/xeniaclaudethsalon\" target=\"_blank\" rel=\"noreferrer noopener nofollow\">@xeniaclaudethsalon<\/a><\/figcaption><\/figure>\n\n\n\n<p>\u00c9 \u00f3bvio que o cabelo espesso se torna mais manej\u00e1vel com a adi\u00e7\u00e3o de camadas, mas n\u00e3o se concentre apenas na parte volumosa atr\u00e1s: apenas um par de pe\u00e7as que emolduram o rosto tamb\u00e9m o tornar\u00e3o muito mais lisonjeiro \u00e0 volta do rosto.<\/p>\n\n\n\n<h3 class=\"wp-block-heading\">2. Dinheiro antigo<\/h3>\n\n\n\n<figure class=\"wp-block-image size-full\"><div style=\"position: relative;\"><noscript><img loading=\"lazy\" decoding=\"async\" width=\"1440\" height=\"1798\" src=\"https:\/\/flawlesshair.com\/wp-content\/uploads\/2024\/03\/2.-old-money-bob.jpg\" alt=\"bob old money\" class=\"wp-image-44094\" srcset=\"https:\/\/flawlesshair.com\/wp-content\/uploads\/2024\/03\/2.-old-money-bob.jpg 1440w, https:\/\/flawlesshair.com\/wp-content\/uploads\/2024\/03\/2.-old-money-bob-240x300.jpg 240w, https:\/\/flawlesshair.com\/wp-content\/uploads\/2024\/03\/2.-old-money-bob-768x959.jpg 768w, https:\/\/flawlesshair.com\/wp-content\/uploads\/2024\/03\/2.-old-money-bob-10x12.jpg 10w, https:\/\/flawlesshair.com\/wp-content\/uploads\/2024\/03\/2.-old-money-bob-769x960.jpg 769w, https:\/\/flawlesshair.com\/wp-content\/uploads\/2024\/03\/2.-old-money-bob-865x1080.jpg 865w, https:\/\/flawlesshair.com\/wp-content\/uploads\/2024\/03\/2.-old-money-bob-961x1200.jpg 961w, https:\/\/flawlesshair.com\/wp-content\/uploads\/2024\/03\/2.-old-money-bob-150x187.jpg 150w\" sizes=\"auto, (max-width: 760px) calc(100vw - 24px), 720px\"><\/noscript><img loading=\"lazy\" decoding=\"async\" width=\"1440\" height=\"1798\" src=\"https:\/\/flawlesshair.com\/wp-content\/uploads\/2024\/03\/2.-old-money-bob.jpg\" alt=\"bob old money\" class=\"wp-image-44094 lazyload\" srcset=\"https:\/\/flawlesshair.com\/wp-content\/uploads\/2024\/03\/2.-old-money-bob.jpg 1440w, https:\/\/flawlesshair.com\/wp-content\/uploads\/2024\/03\/2.-old-money-bob-240x300.jpg 240w, https:\/\/flawlesshair.com\/wp-content\/uploads\/2024\/03\/2.-old-money-bob-768x959.jpg 768w, https:\/\/flawlesshair.com\/wp-content\/uploads\/2024\/03\/2.-old-money-bob-10x12.jpg 10w, https:\/\/flawlesshair.com\/wp-content\/uploads\/2024\/03\/2.-old-money-bob-769x960.jpg 769w, https:\/\/flawlesshair.com\/wp-content\/uploads\/2024\/03\/2.-old-money-bob-865x1080.jpg 865w, https:\/\/flawlesshair.com\/wp-content\/uploads\/2024\/03\/2.-old-money-bob-961x1200.jpg 961w, https:\/\/flawlesshair.com\/wp-content\/uploads\/2024\/03\/2.-old-money-bob-150x187.jpg 150w\" sizes=\"auto, (max-width: 760px) calc(100vw - 24px), 720px\" data-pin-media=\"https:\/\/flawlesshair.com\/wp-content\/uploads\/2024\/03\/2.-old-money-bob.jpg\" id=\"mv-trellis-img-35\" data-trellis-processed=\"1\"><div style=\"position: absolute; top: 0.5rem; right: 0.75rem;\"> <a href=\"https:\/\/www.pinterest.com\/pin\/create\/button\/\" data-pin-do=\"buttonPin\" data-pin-tall=\"true\" data-pin-url=\"https:\/\/flawlesshair.com\/pt\/penteado-com-moldura-para-o-rosto\/\" data-pin-media=\"https:\/\/flawlesshair.com\/wp-content\/uploads\/2024\/03\/2.-old-money-bob.jpg\" data-pin-description=\"These Face-Framing Haircuts Need To Be On Your Mood Board\" rel=\"nofollow noopener\" target=\"_blank\"> <\/a><\/div><\/div><figcaption class=\"wp-element-caption\"><a href=\"https:\/\/www.instagram.com\/hair.by.suzi\" target=\"_blank\" rel=\"noreferrer noopener nofollow\">@hair.by.suzi<\/a><\/figcaption><\/figure>\n\n\n\n<p>As tend\u00eancias do bob nos \u00faltimos anos inclu\u00edram todas um contorno forte, mas para que estes estilos funcionem, s\u00e3o necess\u00e1rias camadas para adicionar movimento se tiver cabelo espesso. Este \u00faltimo estilo de bob incorpora franjas longas e subtis que emolduram o rosto sem esfor\u00e7o e suavizam todo o visual.<\/p>\n\n\n\n<h3 class=\"wp-block-heading\">3. Cabelo encaracolado em camadas<\/h3>\n\n\n\n<figure class=\"wp-block-image size-full\"><div style=\"position: relative;\"><noscript><img loading=\"lazy\" decoding=\"async\" width=\"1440\" height=\"1562\" src=\"https:\/\/flawlesshair.com\/wp-content\/uploads\/2024\/03\/3.-layered-curly-hair.jpg\" alt=\"cabelo encaracolado em camadas\" class=\"wp-image-44095\" srcset=\"https:\/\/flawlesshair.com\/wp-content\/uploads\/2024\/03\/3.-layered-curly-hair.jpg 1440w, https:\/\/flawlesshair.com\/wp-content\/uploads\/2024\/03\/3.-layered-curly-hair-277x300.jpg 277w, https:\/\/flawlesshair.com\/wp-content\/uploads\/2024\/03\/3.-layered-curly-hair-768x833.jpg 768w, https:\/\/flawlesshair.com\/wp-content\/uploads\/2024\/03\/3.-layered-curly-hair-11x12.jpg 11w, https:\/\/flawlesshair.com\/wp-content\/uploads\/2024\/03\/3.-layered-curly-hair-885x960.jpg 885w, https:\/\/flawlesshair.com\/wp-content\/uploads\/2024\/03\/3.-layered-curly-hair-996x1080.jpg 996w, https:\/\/flawlesshair.com\/wp-content\/uploads\/2024\/03\/3.-layered-curly-hair-1106x1200.jpg 1106w, https:\/\/flawlesshair.com\/wp-content\/uploads\/2024\/03\/3.-layered-curly-hair-150x163.jpg 150w\" sizes=\"auto, (max-width: 760px) calc(100vw - 24px), 720px\"><\/noscript><img loading=\"lazy\" decoding=\"async\" width=\"1440\" height=\"1562\" src=\"https:\/\/flawlesshair.com\/wp-content\/uploads\/2024\/03\/3.-layered-curly-hair.jpg\" alt=\"cabelo encaracolado em camadas\" class=\"wp-image-44095 lazyload\" srcset=\"https:\/\/flawlesshair.com\/wp-content\/uploads\/2024\/03\/3.-layered-curly-hair.jpg 1440w, https:\/\/flawlesshair.com\/wp-content\/uploads\/2024\/03\/3.-layered-curly-hair-277x300.jpg 277w, https:\/\/flawlesshair.com\/wp-content\/uploads\/2024\/03\/3.-layered-curly-hair-768x833.jpg 768w, https:\/\/flawlesshair.com\/wp-content\/uploads\/2024\/03\/3.-layered-curly-hair-11x12.jpg 11w, https:\/\/flawlesshair.com\/wp-content\/uploads\/2024\/03\/3.-layered-curly-hair-885x960.jpg 885w, https:\/\/flawlesshair.com\/wp-content\/uploads\/2024\/03\/3.-layered-curly-hair-996x1080.jpg 996w, https:\/\/flawlesshair.com\/wp-content\/uploads\/2024\/03\/3.-layered-curly-hair-1106x1200.jpg 1106w, https:\/\/flawlesshair.com\/wp-content\/uploads\/2024\/03\/3.-layered-curly-hair-150x163.jpg 150w\" sizes=\"auto, (max-width: 760px) calc(100vw - 24px), 720px\" data-pin-media=\"https:\/\/flawlesshair.com\/wp-content\/uploads\/2024\/03\/3.-layered-curly-hair.jpg\" id=\"mv-trellis-img-36\" data-trellis-processed=\"1\"><div style=\"position: absolute; top: 0.5rem; right: 0.75rem;\"> <a href=\"https:\/\/www.pinterest.com\/pin\/create\/button\/\" data-pin-do=\"buttonPin\" data-pin-tall=\"true\" data-pin-url=\"https:\/\/flawlesshair.com\/pt\/penteado-com-moldura-para-o-rosto\/\" data-pin-media=\"https:\/\/flawlesshair.com\/wp-content\/uploads\/2024\/03\/3.-layered-curly-hair.jpg\" data-pin-description=\"These Face-Framing Haircuts Need To Be On Your Mood Board\" rel=\"nofollow noopener\" target=\"_blank\"> <\/a><\/div><\/div><figcaption class=\"wp-element-caption\"><a href=\"https:\/\/www.instagram.com\/nieseyshair\" target=\"_blank\" rel=\"noreferrer noopener nofollow\">@nieseyshair<\/a><\/figcaption><\/figure>\n\n\n\n<p>O cabelo espesso e encaracolado pode ser muito dif\u00edcil de gerir, mas o corte certo pode resolver 99 dos seus problemas. Pe\u00e7a camadas ao longo e perto do rosto para obter esta forma alongada.<\/p>\n\n\n\n<h3 class=\"wp-block-heading\">4. Cabelo comprido com franja<\/h3>\n\n\n\n<figure class=\"wp-block-image size-full\"><div style=\"position: relative;\"><noscript><img loading=\"lazy\" decoding=\"async\" width=\"1440\" height=\"1800\" src=\"https:\/\/flawlesshair.com\/wp-content\/uploads\/2024\/03\/4.-long-hair-with-bangs.jpg\" alt=\"cabelo comprido com franja\" class=\"wp-image-44096\" srcset=\"https:\/\/flawlesshair.com\/wp-content\/uploads\/2024\/03\/4.-long-hair-with-bangs.jpg 1440w, https:\/\/flawlesshair.com\/wp-content\/uploads\/2024\/03\/4.-long-hair-with-bangs-240x300.jpg 240w, https:\/\/flawlesshair.com\/wp-content\/uploads\/2024\/03\/4.-long-hair-with-bangs-768x960.jpg 768w, https:\/\/flawlesshair.com\/wp-content\/uploads\/2024\/03\/4.-long-hair-with-bangs-10x12.jpg 10w, https:\/\/flawlesshair.com\/wp-content\/uploads\/2024\/03\/4.-long-hair-with-bangs-864x1080.jpg 864w, https:\/\/flawlesshair.com\/wp-content\/uploads\/2024\/03\/4.-long-hair-with-bangs-960x1200.jpg 960w, https:\/\/flawlesshair.com\/wp-content\/uploads\/2024\/03\/4.-long-hair-with-bangs-150x188.jpg 150w\" sizes=\"auto, (max-width: 760px) calc(100vw - 24px), 720px\"><\/noscript><img loading=\"lazy\" decoding=\"async\" width=\"1440\" height=\"1800\" src=\"https:\/\/flawlesshair.com\/wp-content\/uploads\/2024\/03\/4.-long-hair-with-bangs.jpg\" alt=\"cabelo comprido com franja\" class=\"wp-image-44096 lazyload\" srcset=\"https:\/\/flawlesshair.com\/wp-content\/uploads\/2024\/03\/4.-long-hair-with-bangs.jpg 1440w, https:\/\/flawlesshair.com\/wp-content\/uploads\/2024\/03\/4.-long-hair-with-bangs-240x300.jpg 240w, https:\/\/flawlesshair.com\/wp-content\/uploads\/2024\/03\/4.-long-hair-with-bangs-768x960.jpg 768w, https:\/\/flawlesshair.com\/wp-content\/uploads\/2024\/03\/4.-long-hair-with-bangs-10x12.jpg 10w, https:\/\/flawlesshair.com\/wp-content\/uploads\/2024\/03\/4.-long-hair-with-bangs-864x1080.jpg 864w, https:\/\/flawlesshair.com\/wp-content\/uploads\/2024\/03\/4.-long-hair-with-bangs-960x1200.jpg 960w, https:\/\/flawlesshair.com\/wp-content\/uploads\/2024\/03\/4.-long-hair-with-bangs-150x188.jpg 150w\" sizes=\"auto, (max-width: 760px) calc(100vw - 24px), 720px\" data-pin-media=\"https:\/\/flawlesshair.com\/wp-content\/uploads\/2024\/03\/4.-long-hair-with-bangs.jpg\" id=\"mv-trellis-img-37\" data-trellis-processed=\"1\"><div style=\"position: absolute; top: 0.5rem; right: 0.75rem;\"> <a href=\"https:\/\/www.pinterest.com\/pin\/create\/button\/\" data-pin-do=\"buttonPin\" data-pin-tall=\"true\" data-pin-url=\"https:\/\/flawlesshair.com\/pt\/penteado-com-moldura-para-o-rosto\/\" data-pin-media=\"https:\/\/flawlesshair.com\/wp-content\/uploads\/2024\/03\/4.-long-hair-with-bangs.jpg\" data-pin-description=\"These Face-Framing Haircuts Need To Be On Your Mood Board\" rel=\"nofollow noopener\" target=\"_blank\"> <\/a><\/div><\/div><figcaption class=\"wp-element-caption\"><a href=\"https:\/\/www.instagram.com\/nunzio_nyc1\" target=\"_blank\" rel=\"noreferrer noopener nofollow\">@nunzio_nyc1<\/a><\/figcaption><\/figure>\n\n\n\n<p>Se o seu cabelo for comprido e espesso, evite um look desatualizado adicionando muitas camadas compridas para lhe dar vivacidade e movimento. D\u00ea um passo em frente com um estilo de franja que favore\u00e7a o seu rosto.<\/p>\n\n\n\n<h2 class=\"wp-block-heading\">Camadas para Enquadrar o Rosto para Cabelo Fino<\/h2>\n\n\n\n<p>As camadas que emolduram o rosto podem acrescentar textura e dimens\u00e3o ao cabelo fino, dando-lhe um aspeto mais din\u00e2mico. Criando movimento e corpo, evitam que o cabelo fino pare\u00e7a achatado e sem vida.<\/p>\n\n\n\n<h3 class=\"wp-block-heading\">1. Corte do lobo<\/h3>\n\n\n\n<figure class=\"wp-block-image size-full\"><div style=\"position: relative;\"><noscript><img loading=\"lazy\" decoding=\"async\" width=\"1440\" height=\"1800\" src=\"https:\/\/flawlesshair.com\/wp-content\/uploads\/2024\/03\/1.-wolf-cut.jpg\" alt=\"corte do lobo\" class=\"wp-image-44097\" srcset=\"https:\/\/flawlesshair.com\/wp-content\/uploads\/2024\/03\/1.-wolf-cut.jpg 1440w, https:\/\/flawlesshair.com\/wp-content\/uploads\/2024\/03\/1.-wolf-cut-240x300.jpg 240w, https:\/\/flawlesshair.com\/wp-content\/uploads\/2024\/03\/1.-wolf-cut-768x960.jpg 768w, https:\/\/flawlesshair.com\/wp-content\/uploads\/2024\/03\/1.-wolf-cut-10x12.jpg 10w, https:\/\/flawlesshair.com\/wp-content\/uploads\/2024\/03\/1.-wolf-cut-864x1080.jpg 864w, https:\/\/flawlesshair.com\/wp-content\/uploads\/2024\/03\/1.-wolf-cut-960x1200.jpg 960w, https:\/\/flawlesshair.com\/wp-content\/uploads\/2024\/03\/1.-wolf-cut-150x188.jpg 150w\" sizes=\"auto, (max-width: 760px) calc(100vw - 24px), 720px\"><\/noscript><img loading=\"lazy\" decoding=\"async\" width=\"1440\" height=\"1800\" src=\"https:\/\/flawlesshair.com\/wp-content\/uploads\/2024\/03\/1.-wolf-cut.jpg\" alt=\"corte do lobo\" class=\"wp-image-44097 lazyload\" srcset=\"https:\/\/flawlesshair.com\/wp-content\/uploads\/2024\/03\/1.-wolf-cut.jpg 1440w, https:\/\/flawlesshair.com\/wp-content\/uploads\/2024\/03\/1.-wolf-cut-240x300.jpg 240w, https:\/\/flawlesshair.com\/wp-content\/uploads\/2024\/03\/1.-wolf-cut-768x960.jpg 768w, https:\/\/flawlesshair.com\/wp-content\/uploads\/2024\/03\/1.-wolf-cut-10x12.jpg 10w, https:\/\/flawlesshair.com\/wp-content\/uploads\/2024\/03\/1.-wolf-cut-864x1080.jpg 864w, https:\/\/flawlesshair.com\/wp-content\/uploads\/2024\/03\/1.-wolf-cut-960x1200.jpg 960w, https:\/\/flawlesshair.com\/wp-content\/uploads\/2024\/03\/1.-wolf-cut-150x188.jpg 150w\" sizes=\"auto, (max-width: 760px) calc(100vw - 24px), 720px\" data-pin-media=\"https:\/\/flawlesshair.com\/wp-content\/uploads\/2024\/03\/1.-wolf-cut.jpg\" id=\"mv-trellis-img-38\" data-trellis-processed=\"1\"><div style=\"position: absolute; top: 0.5rem; right: 0.75rem;\"> <a href=\"https:\/\/www.pinterest.com\/pin\/create\/button\/\" data-pin-do=\"buttonPin\" data-pin-tall=\"true\" data-pin-url=\"https:\/\/flawlesshair.com\/pt\/penteado-com-moldura-para-o-rosto\/\" data-pin-media=\"https:\/\/flawlesshair.com\/wp-content\/uploads\/2024\/03\/1.-wolf-cut.jpg\" data-pin-description=\"These Face-Framing Haircuts Need To Be On Your Mood Board\" rel=\"nofollow noopener\" target=\"_blank\"> <\/a><\/div><\/div><figcaption class=\"wp-element-caption\"><a href=\"https:\/\/www.instagram.com\/stanleyman001\" target=\"_blank\" rel=\"noreferrer noopener nofollow\">@stanleyman001<\/a><\/figcaption><\/figure>\n\n\n\n<p>O cabelo fino parece mais volumoso se tiver textura, e as camadas cortadas proporcionam exatamente isso. O corte wolf est\u00e1 na moda e \u00e9 uma escolha perfeita se estiver \u00e0 procura de mais volume.<\/p>\n\n\n\n<h3 class=\"wp-block-heading\">2. Cabelo comprido em camadas com franja em cortina<\/h3>\n\n\n\n<figure class=\"wp-block-image size-full\"><div style=\"position: relative;\"><noscript><img loading=\"lazy\" decoding=\"async\" width=\"1440\" height=\"1800\" src=\"https:\/\/flawlesshair.com\/wp-content\/uploads\/2024\/03\/2.-long-layered-hair-with-curtain-bangs.jpg\" alt=\"cabelo comprido em camadas com franja em cortina\" class=\"wp-image-44098\" srcset=\"https:\/\/flawlesshair.com\/wp-content\/uploads\/2024\/03\/2.-long-layered-hair-with-curtain-bangs.jpg 1440w, https:\/\/flawlesshair.com\/wp-content\/uploads\/2024\/03\/2.-long-layered-hair-with-curtain-bangs-240x300.jpg 240w, https:\/\/flawlesshair.com\/wp-content\/uploads\/2024\/03\/2.-long-layered-hair-with-curtain-bangs-768x960.jpg 768w, https:\/\/flawlesshair.com\/wp-content\/uploads\/2024\/03\/2.-long-layered-hair-with-curtain-bangs-10x12.jpg 10w, https:\/\/flawlesshair.com\/wp-content\/uploads\/2024\/03\/2.-long-layered-hair-with-curtain-bangs-864x1080.jpg 864w, https:\/\/flawlesshair.com\/wp-content\/uploads\/2024\/03\/2.-long-layered-hair-with-curtain-bangs-960x1200.jpg 960w, https:\/\/flawlesshair.com\/wp-content\/uploads\/2024\/03\/2.-long-layered-hair-with-curtain-bangs-150x188.jpg 150w\" sizes=\"auto, (max-width: 760px) calc(100vw - 24px), 720px\"><\/noscript><img loading=\"lazy\" decoding=\"async\" width=\"1440\" height=\"1800\" src=\"https:\/\/flawlesshair.com\/wp-content\/uploads\/2024\/03\/2.-long-layered-hair-with-curtain-bangs.jpg\" alt=\"cabelo comprido em camadas com franja em cortina\" class=\"wp-image-44098 lazyload\" srcset=\"https:\/\/flawlesshair.com\/wp-content\/uploads\/2024\/03\/2.-long-layered-hair-with-curtain-bangs.jpg 1440w, https:\/\/flawlesshair.com\/wp-content\/uploads\/2024\/03\/2.-long-layered-hair-with-curtain-bangs-240x300.jpg 240w, https:\/\/flawlesshair.com\/wp-content\/uploads\/2024\/03\/2.-long-layered-hair-with-curtain-bangs-768x960.jpg 768w, https:\/\/flawlesshair.com\/wp-content\/uploads\/2024\/03\/2.-long-layered-hair-with-curtain-bangs-10x12.jpg 10w, https:\/\/flawlesshair.com\/wp-content\/uploads\/2024\/03\/2.-long-layered-hair-with-curtain-bangs-864x1080.jpg 864w, https:\/\/flawlesshair.com\/wp-content\/uploads\/2024\/03\/2.-long-layered-hair-with-curtain-bangs-960x1200.jpg 960w, https:\/\/flawlesshair.com\/wp-content\/uploads\/2024\/03\/2.-long-layered-hair-with-curtain-bangs-150x188.jpg 150w\" sizes=\"auto, (max-width: 760px) calc(100vw - 24px), 720px\" data-pin-media=\"https:\/\/flawlesshair.com\/wp-content\/uploads\/2024\/03\/2.-long-layered-hair-with-curtain-bangs.jpg\" id=\"mv-trellis-img-39\" data-trellis-processed=\"1\"><div style=\"position: absolute; top: 0.5rem; right: 0.75rem;\"> <a href=\"https:\/\/www.pinterest.com\/pin\/create\/button\/\" data-pin-do=\"buttonPin\" data-pin-tall=\"true\" data-pin-url=\"https:\/\/flawlesshair.com\/pt\/penteado-com-moldura-para-o-rosto\/\" data-pin-media=\"https:\/\/flawlesshair.com\/wp-content\/uploads\/2024\/03\/2.-long-layered-hair-with-curtain-bangs.jpg\" data-pin-description=\"These Face-Framing Haircuts Need To Be On Your Mood Board\" rel=\"nofollow noopener\" target=\"_blank\"> <\/a><\/div><\/div><figcaption class=\"wp-element-caption\"><a href=\"https:\/\/www.instagram.com\/ashleenormanhair\" target=\"_blank\" rel=\"noreferrer noopener nofollow\">@ashleenormanhair<\/a><\/figcaption><\/figure>\n\n\n\n<p>Se deixar crescer o seu cabelo fino, este pode parecer ainda mais fino. Para contrariar este efeito, adicione bastantes camadas, especialmente junto ao rosto, para dar balan\u00e7o e movimento, o que faz com que pare\u00e7a mais cheio.<\/p>\n\n\n\n<h3 class=\"wp-block-heading\">3. Penteado com franja rasgada<\/h3>\n\n\n\n<figure class=\"wp-block-image size-full\"><div style=\"position: relative;\"><noscript><img loading=\"lazy\" decoding=\"async\" width=\"1079\" height=\"1079\" src=\"https:\/\/flawlesshair.com\/wp-content\/uploads\/2024\/03\/3.-shag-with-razored-bangs.jpg\" alt=\"cabelo despenteado com franja raspada\" class=\"wp-image-44099\" srcset=\"https:\/\/flawlesshair.com\/wp-content\/uploads\/2024\/03\/3.-shag-with-razored-bangs.jpg 1079w, https:\/\/flawlesshair.com\/wp-content\/uploads\/2024\/03\/3.-shag-with-razored-bangs-300x300.jpg 300w, https:\/\/flawlesshair.com\/wp-content\/uploads\/2024\/03\/3.-shag-with-razored-bangs-150x150.jpg 150w, https:\/\/flawlesshair.com\/wp-content\/uploads\/2024\/03\/3.-shag-with-razored-bangs-768x768.jpg 768w, https:\/\/flawlesshair.com\/wp-content\/uploads\/2024\/03\/3.-shag-with-razored-bangs-12x12.jpg 12w, https:\/\/flawlesshair.com\/wp-content\/uploads\/2024\/03\/3.-shag-with-razored-bangs-728x728.jpg 728w, https:\/\/flawlesshair.com\/wp-content\/uploads\/2024\/03\/3.-shag-with-razored-bangs-960x960.jpg 960w, https:\/\/flawlesshair.com\/wp-content\/uploads\/2024\/03\/3.-shag-with-razored-bangs-96x96.jpg 96w\" sizes=\"auto, (max-width: 760px) calc(100vw - 24px), 720px\"><\/noscript><img loading=\"lazy\" decoding=\"async\" width=\"1079\" height=\"1079\" src=\"https:\/\/flawlesshair.com\/wp-content\/uploads\/2024\/03\/3.-shag-with-razored-bangs.jpg\" alt=\"cabelo despenteado com franja raspada\" class=\"wp-image-44099 lazyload\" srcset=\"https:\/\/flawlesshair.com\/wp-content\/uploads\/2024\/03\/3.-shag-with-razored-bangs.jpg 1079w, https:\/\/flawlesshair.com\/wp-content\/uploads\/2024\/03\/3.-shag-with-razored-bangs-300x300.jpg 300w, https:\/\/flawlesshair.com\/wp-content\/uploads\/2024\/03\/3.-shag-with-razored-bangs-150x150.jpg 150w, https:\/\/flawlesshair.com\/wp-content\/uploads\/2024\/03\/3.-shag-with-razored-bangs-768x768.jpg 768w, https:\/\/flawlesshair.com\/wp-content\/uploads\/2024\/03\/3.-shag-with-razored-bangs-12x12.jpg 12w, https:\/\/flawlesshair.com\/wp-content\/uploads\/2024\/03\/3.-shag-with-razored-bangs-728x728.jpg 728w, https:\/\/flawlesshair.com\/wp-content\/uploads\/2024\/03\/3.-shag-with-razored-bangs-960x960.jpg 960w, https:\/\/flawlesshair.com\/wp-content\/uploads\/2024\/03\/3.-shag-with-razored-bangs-96x96.jpg 96w\" sizes=\"auto, (max-width: 760px) calc(100vw - 24px), 720px\" data-pin-media=\"https:\/\/flawlesshair.com\/wp-content\/uploads\/2024\/03\/3.-shag-with-razored-bangs.jpg\" id=\"mv-trellis-img-40\" data-trellis-processed=\"1\"><div style=\"position: absolute; top: 0.5rem; right: 0.75rem;\"> <a href=\"https:\/\/www.pinterest.com\/pin\/create\/button\/\" data-pin-do=\"buttonPin\" data-pin-tall=\"true\" data-pin-url=\"https:\/\/flawlesshair.com\/pt\/penteado-com-moldura-para-o-rosto\/\" data-pin-media=\"https:\/\/flawlesshair.com\/wp-content\/uploads\/2024\/03\/3.-shag-with-razored-bangs.jpg\" data-pin-description=\"These Face-Framing Haircuts Need To Be On Your Mood Board\" rel=\"nofollow noopener\" target=\"_blank\"> <\/a><\/div><\/div><figcaption class=\"wp-element-caption\"><a href=\"https:\/\/www.instagram.com\/hollygirldoeshair\" target=\"_blank\" rel=\"noreferrer noopener nofollow\">@hollygirldoeshair<\/a><\/figcaption><\/figure>\n\n\n\n<p>As camadas cortadas s\u00e3o ideais para cabelos finos e delicados porque acrescentam muita textura, fazendo com que o cabelo pare\u00e7a mais espesso e cheio.<\/p>\n\n\n\n<h3 class=\"wp-block-heading\">4. Camadas longas e franjas<\/h3>\n\n\n\n<figure class=\"wp-block-image size-full\"><div style=\"position: relative;\"><noscript><img loading=\"lazy\" decoding=\"async\" width=\"1440\" height=\"1800\" src=\"https:\/\/flawlesshair.com\/wp-content\/uploads\/2024\/03\/4.-long-layers-and-bangs.jpg\" alt=\"camadas longas e franja\" class=\"wp-image-44100\" srcset=\"https:\/\/flawlesshair.com\/wp-content\/uploads\/2024\/03\/4.-long-layers-and-bangs.jpg 1440w, https:\/\/flawlesshair.com\/wp-content\/uploads\/2024\/03\/4.-long-layers-and-bangs-240x300.jpg 240w, https:\/\/flawlesshair.com\/wp-content\/uploads\/2024\/03\/4.-long-layers-and-bangs-768x960.jpg 768w, https:\/\/flawlesshair.com\/wp-content\/uploads\/2024\/03\/4.-long-layers-and-bangs-10x12.jpg 10w, https:\/\/flawlesshair.com\/wp-content\/uploads\/2024\/03\/4.-long-layers-and-bangs-864x1080.jpg 864w, https:\/\/flawlesshair.com\/wp-content\/uploads\/2024\/03\/4.-long-layers-and-bangs-960x1200.jpg 960w, https:\/\/flawlesshair.com\/wp-content\/uploads\/2024\/03\/4.-long-layers-and-bangs-150x188.jpg 150w\" sizes=\"auto, (max-width: 760px) calc(100vw - 24px), 720px\"><\/noscript><img loading=\"lazy\" decoding=\"async\" width=\"1440\" height=\"1800\" src=\"https:\/\/flawlesshair.com\/wp-content\/uploads\/2024\/03\/4.-long-layers-and-bangs.jpg\" alt=\"camadas longas e franja\" class=\"wp-image-44100 lazyload\" srcset=\"https:\/\/flawlesshair.com\/wp-content\/uploads\/2024\/03\/4.-long-layers-and-bangs.jpg 1440w, https:\/\/flawlesshair.com\/wp-content\/uploads\/2024\/03\/4.-long-layers-and-bangs-240x300.jpg 240w, https:\/\/flawlesshair.com\/wp-content\/uploads\/2024\/03\/4.-long-layers-and-bangs-768x960.jpg 768w, https:\/\/flawlesshair.com\/wp-content\/uploads\/2024\/03\/4.-long-layers-and-bangs-10x12.jpg 10w, https:\/\/flawlesshair.com\/wp-content\/uploads\/2024\/03\/4.-long-layers-and-bangs-864x1080.jpg 864w, https:\/\/flawlesshair.com\/wp-content\/uploads\/2024\/03\/4.-long-layers-and-bangs-960x1200.jpg 960w, https:\/\/flawlesshair.com\/wp-content\/uploads\/2024\/03\/4.-long-layers-and-bangs-150x188.jpg 150w\" sizes=\"auto, (max-width: 760px) calc(100vw - 24px), 720px\" data-pin-media=\"https:\/\/flawlesshair.com\/wp-content\/uploads\/2024\/03\/4.-long-layers-and-bangs.jpg\" id=\"mv-trellis-img-41\" data-trellis-processed=\"1\"><div style=\"position: absolute; top: 0.5rem; right: 0.75rem;\"> <a href=\"https:\/\/www.pinterest.com\/pin\/create\/button\/\" data-pin-do=\"buttonPin\" data-pin-tall=\"true\" data-pin-url=\"https:\/\/flawlesshair.com\/pt\/penteado-com-moldura-para-o-rosto\/\" data-pin-media=\"https:\/\/flawlesshair.com\/wp-content\/uploads\/2024\/03\/4.-long-layers-and-bangs.jpg\" data-pin-description=\"These Face-Framing Haircuts Need To Be On Your Mood Board\" rel=\"nofollow noopener\" target=\"_blank\"> <\/a><\/div><\/div><figcaption class=\"wp-element-caption\"><a href=\"https:\/\/www.instagram.com\/thebangsbabe\" target=\"_blank\" rel=\"noreferrer noopener nofollow\">@thebangsbabe<\/a><\/figcaption><\/figure>\n\n\n\n<p>Quando o seu cabelo \u00e9 fino mas tem muito cabelo, as camadas ajudam-na a tirar o melhor partido dele, separando as madeixas e acrescentando textura.<\/p>\n\n\n\n<h2 class=\"wp-block-heading\">Destaques do enquadramento facial<\/h2>\n\n\n\n<p><a href=\"https:\/\/flawlesshair.com\/pt\/destaques-do-enquadramento-facial\/\">Destaques do enquadramento facial<\/a> s\u00e3o colocados \u00e0 volta do rosto para dar brilho e dimens\u00e3o. Os tons mais claros perto da frente chamam a aten\u00e7\u00e3o para as caracter\u00edsticas e fazem-na brilhar.<\/p>\n\n\n\n<h3 class=\"wp-block-heading\">1. Balayage loiro em cabelo castanho claro<\/h3>\n\n\n\n<figure class=\"wp-block-image size-full\"><div style=\"position: relative;\"><noscript><img loading=\"lazy\" decoding=\"async\" width=\"1080\" height=\"1350\" src=\"https:\/\/flawlesshair.com\/wp-content\/uploads\/2024\/03\/1.-blonde-balayge-on-light-brown-hair.jpg\" alt=\"balayage loira em cabelo castanho claro\" class=\"wp-image-44101\" srcset=\"https:\/\/flawlesshair.com\/wp-content\/uploads\/2024\/03\/1.-blonde-balayge-on-light-brown-hair.jpg 1080w, https:\/\/flawlesshair.com\/wp-content\/uploads\/2024\/03\/1.-blonde-balayge-on-light-brown-hair-240x300.jpg 240w, https:\/\/flawlesshair.com\/wp-content\/uploads\/2024\/03\/1.-blonde-balayge-on-light-brown-hair-768x960.jpg 768w, https:\/\/flawlesshair.com\/wp-content\/uploads\/2024\/03\/1.-blonde-balayge-on-light-brown-hair-10x12.jpg 10w, https:\/\/flawlesshair.com\/wp-content\/uploads\/2024\/03\/1.-blonde-balayge-on-light-brown-hair-864x1080.jpg 864w, https:\/\/flawlesshair.com\/wp-content\/uploads\/2024\/03\/1.-blonde-balayge-on-light-brown-hair-960x1200.jpg 960w, https:\/\/flawlesshair.com\/wp-content\/uploads\/2024\/03\/1.-blonde-balayge-on-light-brown-hair-150x188.jpg 150w\" sizes=\"auto, (max-width: 760px) calc(100vw - 24px), 720px\"><\/noscript><img loading=\"lazy\" decoding=\"async\" width=\"1080\" height=\"1350\" src=\"https:\/\/flawlesshair.com\/wp-content\/uploads\/2024\/03\/1.-blonde-balayge-on-light-brown-hair.jpg\" alt=\"balayage loira em cabelo castanho claro\" class=\"wp-image-44101 lazyload\" srcset=\"https:\/\/flawlesshair.com\/wp-content\/uploads\/2024\/03\/1.-blonde-balayge-on-light-brown-hair.jpg 1080w, https:\/\/flawlesshair.com\/wp-content\/uploads\/2024\/03\/1.-blonde-balayge-on-light-brown-hair-240x300.jpg 240w, https:\/\/flawlesshair.com\/wp-content\/uploads\/2024\/03\/1.-blonde-balayge-on-light-brown-hair-768x960.jpg 768w, https:\/\/flawlesshair.com\/wp-content\/uploads\/2024\/03\/1.-blonde-balayge-on-light-brown-hair-10x12.jpg 10w, https:\/\/flawlesshair.com\/wp-content\/uploads\/2024\/03\/1.-blonde-balayge-on-light-brown-hair-864x1080.jpg 864w, https:\/\/flawlesshair.com\/wp-content\/uploads\/2024\/03\/1.-blonde-balayge-on-light-brown-hair-960x1200.jpg 960w, https:\/\/flawlesshair.com\/wp-content\/uploads\/2024\/03\/1.-blonde-balayge-on-light-brown-hair-150x188.jpg 150w\" sizes=\"auto, (max-width: 760px) calc(100vw - 24px), 720px\" data-pin-media=\"https:\/\/flawlesshair.com\/wp-content\/uploads\/2024\/03\/1.-blonde-balayge-on-light-brown-hair.jpg\" id=\"mv-trellis-img-42\" data-trellis-processed=\"1\"><div style=\"position: absolute; top: 0.5rem; right: 0.75rem;\"> <a href=\"https:\/\/www.pinterest.com\/pin\/create\/button\/\" data-pin-do=\"buttonPin\" data-pin-tall=\"true\" data-pin-url=\"https:\/\/flawlesshair.com\/pt\/penteado-com-moldura-para-o-rosto\/\" data-pin-media=\"https:\/\/flawlesshair.com\/wp-content\/uploads\/2024\/03\/1.-blonde-balayge-on-light-brown-hair.jpg\" data-pin-description=\"These Face-Framing Haircuts Need To Be On Your Mood Board\" rel=\"nofollow noopener\" target=\"_blank\"> <\/a><\/div><\/div><figcaption class=\"wp-element-caption\"><a href=\"https:\/\/www.instagram.com\/dvcolour\" target=\"_blank\" rel=\"noreferrer noopener nofollow\">@dvcolour<\/a><\/figcaption><\/figure>\n\n\n\n<p>A balayage \u00e9 a t\u00e9cnica ideal para emoldurar o rosto se procura obter um aspeto natural e beijado pelo sol que ilumina o seu rosto.<\/p>\n\n\n\n<h3 class=\"wp-block-heading\">2. Realces mistos para o rosto<\/h3>\n\n\n\n<figure class=\"wp-block-image size-full\"><div style=\"position: relative;\"><noscript><img loading=\"lazy\" decoding=\"async\" width=\"1440\" height=\"1800\" src=\"https:\/\/flawlesshair.com\/wp-content\/uploads\/2024\/03\/2.-blended-face-framing-highlights.jpg\" alt=\"madeixas de rosto misturadas\" class=\"wp-image-44102\" srcset=\"https:\/\/flawlesshair.com\/wp-content\/uploads\/2024\/03\/2.-blended-face-framing-highlights.jpg 1440w, https:\/\/flawlesshair.com\/wp-content\/uploads\/2024\/03\/2.-blended-face-framing-highlights-240x300.jpg 240w, https:\/\/flawlesshair.com\/wp-content\/uploads\/2024\/03\/2.-blended-face-framing-highlights-768x960.jpg 768w, https:\/\/flawlesshair.com\/wp-content\/uploads\/2024\/03\/2.-blended-face-framing-highlights-10x12.jpg 10w, https:\/\/flawlesshair.com\/wp-content\/uploads\/2024\/03\/2.-blended-face-framing-highlights-864x1080.jpg 864w, https:\/\/flawlesshair.com\/wp-content\/uploads\/2024\/03\/2.-blended-face-framing-highlights-960x1200.jpg 960w, https:\/\/flawlesshair.com\/wp-content\/uploads\/2024\/03\/2.-blended-face-framing-highlights-150x188.jpg 150w\" sizes=\"auto, (max-width: 760px) calc(100vw - 24px), 720px\"><\/noscript><img loading=\"lazy\" decoding=\"async\" width=\"1440\" height=\"1800\" src=\"https:\/\/flawlesshair.com\/wp-content\/uploads\/2024\/03\/2.-blended-face-framing-highlights.jpg\" alt=\"madeixas de rosto misturadas\" class=\"wp-image-44102 lazyload\" srcset=\"https:\/\/flawlesshair.com\/wp-content\/uploads\/2024\/03\/2.-blended-face-framing-highlights.jpg 1440w, https:\/\/flawlesshair.com\/wp-content\/uploads\/2024\/03\/2.-blended-face-framing-highlights-240x300.jpg 240w, https:\/\/flawlesshair.com\/wp-content\/uploads\/2024\/03\/2.-blended-face-framing-highlights-768x960.jpg 768w, https:\/\/flawlesshair.com\/wp-content\/uploads\/2024\/03\/2.-blended-face-framing-highlights-10x12.jpg 10w, https:\/\/flawlesshair.com\/wp-content\/uploads\/2024\/03\/2.-blended-face-framing-highlights-864x1080.jpg 864w, https:\/\/flawlesshair.com\/wp-content\/uploads\/2024\/03\/2.-blended-face-framing-highlights-960x1200.jpg 960w, https:\/\/flawlesshair.com\/wp-content\/uploads\/2024\/03\/2.-blended-face-framing-highlights-150x188.jpg 150w\" sizes=\"auto, (max-width: 760px) calc(100vw - 24px), 720px\" data-pin-media=\"https:\/\/flawlesshair.com\/wp-content\/uploads\/2024\/03\/2.-blended-face-framing-highlights.jpg\" id=\"mv-trellis-img-43\" data-trellis-processed=\"1\"><div style=\"position: absolute; top: 0.5rem; right: 0.75rem;\"> <a href=\"https:\/\/www.pinterest.com\/pin\/create\/button\/\" data-pin-do=\"buttonPin\" data-pin-tall=\"true\" data-pin-url=\"https:\/\/flawlesshair.com\/pt\/penteado-com-moldura-para-o-rosto\/\" data-pin-media=\"https:\/\/flawlesshair.com\/wp-content\/uploads\/2024\/03\/2.-blended-face-framing-highlights.jpg\" data-pin-description=\"These Face-Framing Haircuts Need To Be On Your Mood Board\" rel=\"nofollow noopener\" target=\"_blank\"> <\/a><\/div><\/div><figcaption class=\"wp-element-caption\"><a href=\"https:\/\/www.instagram.com\/romeufelipe\" target=\"_blank\" rel=\"noreferrer noopener nofollow\">@romeufelipe<\/a><\/figcaption><\/figure>\n\n\n\n<p>As madeixas que emolduram o rosto, um ou dois tons mais claros do que a sua base, s\u00e3o a forma subtil de real\u00e7ar as suas caracter\u00edsticas sem uma mudan\u00e7a dr\u00e1stica.<\/p>\n\n\n\n<h3 class=\"wp-block-heading\">3. Madeixas volumosas que emolduram o rosto<\/h3>\n\n\n\n<figure class=\"wp-block-image size-full\"><div style=\"position: relative;\"><noscript><img loading=\"lazy\" decoding=\"async\" width=\"1080\" height=\"1350\" src=\"https:\/\/flawlesshair.com\/wp-content\/uploads\/2024\/03\/3.-chunky-face-framing-highlights.jpg\" alt=\"madeixas volumosas que emolduram o rosto\" class=\"wp-image-44103\" srcset=\"https:\/\/flawlesshair.com\/wp-content\/uploads\/2024\/03\/3.-chunky-face-framing-highlights.jpg 1080w, https:\/\/flawlesshair.com\/wp-content\/uploads\/2024\/03\/3.-chunky-face-framing-highlights-240x300.jpg 240w, https:\/\/flawlesshair.com\/wp-content\/uploads\/2024\/03\/3.-chunky-face-framing-highlights-768x960.jpg 768w, https:\/\/flawlesshair.com\/wp-content\/uploads\/2024\/03\/3.-chunky-face-framing-highlights-10x12.jpg 10w, https:\/\/flawlesshair.com\/wp-content\/uploads\/2024\/03\/3.-chunky-face-framing-highlights-864x1080.jpg 864w, https:\/\/flawlesshair.com\/wp-content\/uploads\/2024\/03\/3.-chunky-face-framing-highlights-960x1200.jpg 960w, https:\/\/flawlesshair.com\/wp-content\/uploads\/2024\/03\/3.-chunky-face-framing-highlights-150x188.jpg 150w\" sizes=\"auto, (max-width: 760px) calc(100vw - 24px), 720px\"><\/noscript><img loading=\"lazy\" decoding=\"async\" width=\"1080\" height=\"1350\" src=\"https:\/\/flawlesshair.com\/wp-content\/uploads\/2024\/03\/3.-chunky-face-framing-highlights.jpg\" alt=\"madeixas volumosas que emolduram o rosto\" class=\"wp-image-44103 lazyload\" srcset=\"https:\/\/flawlesshair.com\/wp-content\/uploads\/2024\/03\/3.-chunky-face-framing-highlights.jpg 1080w, https:\/\/flawlesshair.com\/wp-content\/uploads\/2024\/03\/3.-chunky-face-framing-highlights-240x300.jpg 240w, https:\/\/flawlesshair.com\/wp-content\/uploads\/2024\/03\/3.-chunky-face-framing-highlights-768x960.jpg 768w, https:\/\/flawlesshair.com\/wp-content\/uploads\/2024\/03\/3.-chunky-face-framing-highlights-10x12.jpg 10w, https:\/\/flawlesshair.com\/wp-content\/uploads\/2024\/03\/3.-chunky-face-framing-highlights-864x1080.jpg 864w, https:\/\/flawlesshair.com\/wp-content\/uploads\/2024\/03\/3.-chunky-face-framing-highlights-960x1200.jpg 960w, https:\/\/flawlesshair.com\/wp-content\/uploads\/2024\/03\/3.-chunky-face-framing-highlights-150x188.jpg 150w\" sizes=\"auto, (max-width: 760px) calc(100vw - 24px), 720px\" data-pin-media=\"https:\/\/flawlesshair.com\/wp-content\/uploads\/2024\/03\/3.-chunky-face-framing-highlights.jpg\" id=\"mv-trellis-img-44\" data-trellis-processed=\"1\"><div style=\"position: absolute; top: 0.5rem; right: 0.75rem;\"> <a href=\"https:\/\/www.pinterest.com\/pin\/create\/button\/\" data-pin-do=\"buttonPin\" data-pin-tall=\"true\" data-pin-url=\"https:\/\/flawlesshair.com\/pt\/penteado-com-moldura-para-o-rosto\/\" data-pin-media=\"https:\/\/flawlesshair.com\/wp-content\/uploads\/2024\/03\/3.-chunky-face-framing-highlights.jpg\" data-pin-description=\"These Face-Framing Haircuts Need To Be On Your Mood Board\" rel=\"nofollow noopener\" target=\"_blank\"> <\/a><\/div><\/div><figcaption class=\"wp-element-caption\"><a href=\"https:\/\/www.instagram.com\/hairbyjuju\" target=\"_blank\" rel=\"noreferrer noopener nofollow\">@hairbyjuju<\/a><\/figcaption><\/figure>\n\n\n\n<p>As camadas volumosas que emolduram o rosto s\u00e3o um look de afirma\u00e7\u00e3o que \u00e9 t\u00e3o lisonjeiro como os estilos mais subtis, mas muito mais \u00f3bvio e arrojado.<\/p>\n\n\n\n<h3 class=\"wp-block-heading\">4. Realces subtis que enquadram o rosto<\/h3>\n\n\n\n<figure class=\"wp-block-image size-full\"><div style=\"position: relative;\"><noscript><img loading=\"lazy\" decoding=\"async\" width=\"1440\" height=\"1800\" src=\"https:\/\/flawlesshair.com\/wp-content\/uploads\/2024\/03\/4.-subtle-face-framing-highlights.jpg\" alt=\"madeixas subtis que emolduram o rosto\" class=\"wp-image-44104\" srcset=\"https:\/\/flawlesshair.com\/wp-content\/uploads\/2024\/03\/4.-subtle-face-framing-highlights.jpg 1440w, https:\/\/flawlesshair.com\/wp-content\/uploads\/2024\/03\/4.-subtle-face-framing-highlights-240x300.jpg 240w, https:\/\/flawlesshair.com\/wp-content\/uploads\/2024\/03\/4.-subtle-face-framing-highlights-768x960.jpg 768w, https:\/\/flawlesshair.com\/wp-content\/uploads\/2024\/03\/4.-subtle-face-framing-highlights-10x12.jpg 10w, https:\/\/flawlesshair.com\/wp-content\/uploads\/2024\/03\/4.-subtle-face-framing-highlights-864x1080.jpg 864w, https:\/\/flawlesshair.com\/wp-content\/uploads\/2024\/03\/4.-subtle-face-framing-highlights-960x1200.jpg 960w, https:\/\/flawlesshair.com\/wp-content\/uploads\/2024\/03\/4.-subtle-face-framing-highlights-150x188.jpg 150w\" sizes=\"auto, (max-width: 760px) calc(100vw - 24px), 720px\"><\/noscript><img loading=\"lazy\" decoding=\"async\" width=\"1440\" height=\"1800\" src=\"https:\/\/flawlesshair.com\/wp-content\/uploads\/2024\/03\/4.-subtle-face-framing-highlights.jpg\" alt=\"madeixas subtis que emolduram o rosto\" class=\"wp-image-44104 lazyload\" srcset=\"https:\/\/flawlesshair.com\/wp-content\/uploads\/2024\/03\/4.-subtle-face-framing-highlights.jpg 1440w, https:\/\/flawlesshair.com\/wp-content\/uploads\/2024\/03\/4.-subtle-face-framing-highlights-240x300.jpg 240w, https:\/\/flawlesshair.com\/wp-content\/uploads\/2024\/03\/4.-subtle-face-framing-highlights-768x960.jpg 768w, https:\/\/flawlesshair.com\/wp-content\/uploads\/2024\/03\/4.-subtle-face-framing-highlights-10x12.jpg 10w, https:\/\/flawlesshair.com\/wp-content\/uploads\/2024\/03\/4.-subtle-face-framing-highlights-864x1080.jpg 864w, https:\/\/flawlesshair.com\/wp-content\/uploads\/2024\/03\/4.-subtle-face-framing-highlights-960x1200.jpg 960w, https:\/\/flawlesshair.com\/wp-content\/uploads\/2024\/03\/4.-subtle-face-framing-highlights-150x188.jpg 150w\" sizes=\"auto, (max-width: 760px) calc(100vw - 24px), 720px\" data-pin-media=\"https:\/\/flawlesshair.com\/wp-content\/uploads\/2024\/03\/4.-subtle-face-framing-highlights.jpg\" id=\"mv-trellis-img-45\" data-trellis-processed=\"1\"><div style=\"position: absolute; top: 0.5rem; right: 0.75rem;\"> <a href=\"https:\/\/www.pinterest.com\/pin\/create\/button\/\" data-pin-do=\"buttonPin\" data-pin-tall=\"true\" data-pin-url=\"https:\/\/flawlesshair.com\/pt\/penteado-com-moldura-para-o-rosto\/\" data-pin-media=\"https:\/\/flawlesshair.com\/wp-content\/uploads\/2024\/03\/4.-subtle-face-framing-highlights.jpg\" data-pin-description=\"These Face-Framing Haircuts Need To Be On Your Mood Board\" rel=\"nofollow noopener\" target=\"_blank\"> <\/a><\/div><\/div><figcaption class=\"wp-element-caption\"><a href=\"https:\/\/www.instagram.com\/samevewithdastyles\" target=\"_blank\" rel=\"noreferrer noopener nofollow\">@samevewithdastyles<\/a><\/figcaption><\/figure>\n\n\n\n<p>Combinar um corte de cabelo que enquadre o rosto e madeixas que enquadrem o rosto de uma forma que se adapte ao seu rosto dar-lhe-\u00e1 o derradeiro look que enquadra o rosto! Super lisonjeiro e \u00fanico.<\/p>","protected":false},"excerpt":{"rendered":"<p>Falemos de enquadramento do rosto. Embora a franja possa fazer parte de um corte de cabelo que enquadra o rosto, n\u00e3o \u00e9 necess\u00e1ria: camadas subtis \u00e0 volta do rosto podem fazer a maior parte ...<\/p>","protected":false},"author":5,"featured_media":90108,"comment_status":"closed","ping_status":"closed","sticky":false,"template":"","format":"standard","meta":{"syndication_tool_enabled":true,"syndication_tool_title":"","syndication_tool_excerpt":"","syndication_tool_featured_image":0,"syndication_tool_publish_date":"","syndication_tool_schema_types":["gallery"],"syndication_tool_backlink_enable":false,"syndication_tool_ai_disclosure_enable":false,"disable-in-feed":false,"article-schema-type":"","disable-critical-css":false,"footnotes":""},"categories":[47],"tags":[],"class_list":["post-44049","post","type-post","status-publish","format-standard","has-post-thumbnail","hentry","category-face-framing"],"_links":{"self":[{"href":"https:\/\/flawlesshair.com\/pt\/wp-json\/wp\/v2\/posts\/44049","targetHints":{"allow":["GET"]}}],"collection":[{"href":"https:\/\/flawlesshair.com\/pt\/wp-json\/wp\/v2\/posts"}],"about":[{"href":"https:\/\/flawlesshair.com\/pt\/wp-json\/wp\/v2\/types\/post"}],"author":[{"embeddable":true,"href":"https:\/\/flawlesshair.com\/pt\/wp-json\/wp\/v2\/users\/5"}],"replies":[{"embeddable":true,"href":"https:\/\/flawlesshair.com\/pt\/wp-json\/wp\/v2\/comments?post=44049"}],"version-history":[{"count":0,"href":"https:\/\/flawlesshair.com\/pt\/wp-json\/wp\/v2\/posts\/44049\/revisions"}],"wp:featuredmedia":[{"embeddable":true,"href":"https:\/\/flawlesshair.com\/pt\/wp-json\/wp\/v2\/media\/90108"}],"wp:attachment":[{"href":"https:\/\/flawlesshair.com\/pt\/wp-json\/wp\/v2\/media?parent=44049"}],"wp:term":[{"taxonomy":"category","embeddable":true,"href":"https:\/\/flawlesshair.com\/pt\/wp-json\/wp\/v2\/categories?post=44049"},{"taxonomy":"post_tag","embeddable":true,"href":"https:\/\/flawlesshair.com\/pt\/wp-json\/wp\/v2\/tags?post=44049"}],"curies":[{"name":"wp","href":"https:\/\/api.w.org\/{rel}","templated":true}]}}