{"id":57797,"date":"2025-02-28T22:00:00","date_gmt":"2025-02-28T21:00:00","guid":{"rendered":"https:\/\/flawlesshair.com\/?p=57797"},"modified":"2025-02-28T09:55:44","modified_gmt":"2025-02-28T08:55:44","slug":"cabelo-comprido-para-cabelo-curto-antes-e-depois","status":"publish","type":"post","link":"https:\/\/flawlesshair.com\/pt\/cabelo-comprido-para-cabelo-curto-antes-e-depois\/","title":{"rendered":"19 Transforma\u00e7\u00f5es incr\u00edveis de cabelo comprido em cabelo curto antes e depois para o inspirar"},"content":{"rendered":"<style>img#mv-trellis-img-1::before{padding-top:100%; }img#mv-trellis-img-1{display:block;}img#mv-trellis-img-2::before{padding-top:100%; }img#mv-trellis-img-2{display:block;}img#mv-trellis-img-3::before{padding-top:100%; }img#mv-trellis-img-3{display:block;}img#mv-trellis-img-4::before{padding-top:100%; }img#mv-trellis-img-4{display:block;}img#mv-trellis-img-5::before{padding-top:100%; }img#mv-trellis-img-5{display:block;}img#mv-trellis-img-6::before{padding-top:100%; }img#mv-trellis-img-6{display:block;}img#mv-trellis-img-7::before{padding-top:75%; }img#mv-trellis-img-7{display:block;}img#mv-trellis-img-8::before{padding-top:100%; }img#mv-trellis-img-8{display:block;}img#mv-trellis-img-9::before{padding-top:100%; }img#mv-trellis-img-9{display:block;}img#mv-trellis-img-10::before{padding-top:100%; }img#mv-trellis-img-10{display:block;}img#mv-trellis-img-11::before{padding-top:93.582089552239%; }img#mv-trellis-img-11{display:block;}img#mv-trellis-img-12::before{padding-top:100%; }img#mv-trellis-img-12{display:block;}img#mv-trellis-img-13::before{padding-top:100%; }img#mv-trellis-img-13{display:block;}img#mv-trellis-img-14::before{padding-top:100%; }img#mv-trellis-img-14{display:block;}img#mv-trellis-img-15::before{padding-top:100%; }img#mv-trellis-img-15{display:block;}img#mv-trellis-img-16::before{padding-top:100%; }img#mv-trellis-img-16{display:block;}img#mv-trellis-img-17::before{padding-top:100%; }img#mv-trellis-img-17{display:block;}img#mv-trellis-img-18::before{padding-top:100%; }img#mv-trellis-img-18{display:block;}img#mv-trellis-img-19::before{padding-top:99.51690821256%; }img#mv-trellis-img-19{display:block;}img#mv-trellis-img-20::before{padding-top:97.946859903382%; }img#mv-trellis-img-20{display:block;}img#mv-trellis-img-21::before{padding-top:100%; }img#mv-trellis-img-21{display:block;}img#mv-trellis-img-22::before{padding-top:100%; }img#mv-trellis-img-22{display:block;}<\/style>\n<p>Se est\u00e1 a pensar em cortar o seu cabelo curto, presumo que precisa de algumas fotos de inspira\u00e7\u00e3o antes, o que \u00e9 (totalmente) compreens\u00edvel. A decis\u00e3o de cortar o cabelo curto n\u00e3o tem apenas a ver com o cabelo, mas h\u00e1 muito mais para al\u00e9m disso. Coco Chanel disse uma vez: \"Uma mulher que corta o cabelo est\u00e1 prestes a mudar a sua vida.\" Estas transforma\u00e7\u00f5es impressionantes de antes e depois do cabelo comprido para o cabelo curto v\u00e3o inspir\u00e1-lo (literalmente) a mudar a sua vida.<\/p>\n\n\n\n<h2 class=\"wp-block-heading\">1. Cabelo comprido e liso num bob sem corte<\/h2>\n\n\n<div class=\"wp-block-image\">\n<figure class=\"aligncenter size-full\"><div style=\"position: relative;\"><noscript><img loading=\"lazy\" decoding=\"async\" width=\"1080\" height=\"1080\" src=\"https:\/\/flawlesshair.com\/wp-content\/uploads\/2024\/08\/long-straight-hair-to-blunt-bob.jpg\" alt=\"cabelo comprido e liso para um corte curto\" class=\"wp-image-57806\" srcset=\"https:\/\/flawlesshair.com\/wp-content\/uploads\/2024\/08\/long-straight-hair-to-blunt-bob.jpg 1080w, https:\/\/flawlesshair.com\/wp-content\/uploads\/2024\/08\/long-straight-hair-to-blunt-bob-300x300.jpg 300w, https:\/\/flawlesshair.com\/wp-content\/uploads\/2024\/08\/long-straight-hair-to-blunt-bob-150x150.jpg 150w, https:\/\/flawlesshair.com\/wp-content\/uploads\/2024\/08\/long-straight-hair-to-blunt-bob-768x768.jpg 768w, https:\/\/flawlesshair.com\/wp-content\/uploads\/2024\/08\/long-straight-hair-to-blunt-bob-12x12.jpg 12w, https:\/\/flawlesshair.com\/wp-content\/uploads\/2024\/08\/long-straight-hair-to-blunt-bob-728x728.jpg 728w, https:\/\/flawlesshair.com\/wp-content\/uploads\/2024\/08\/long-straight-hair-to-blunt-bob-960x960.jpg 960w, https:\/\/flawlesshair.com\/wp-content\/uploads\/2024\/08\/long-straight-hair-to-blunt-bob-96x96.jpg 96w\" sizes=\"auto, (max-width: 760px) calc(100vw - 24px), 720px\"><\/noscript><img loading=\"eager\" decoding=\"async\" width=\"1080\" height=\"1080\" src=\"data:image\/svg+xml,%3Csvg%20xmlns='http:\/\/www.w3.org\/2000\/svg'%20viewBox='0%200%201080%201080'%3E%3Crect%20width='1080'%20height='1080'%20style='fill:%23e3e3e3'\/%3E%3C\/svg%3E\" alt=\"cabelo comprido e liso para um corte curto\" class=\"wp-image-57806 eager-load\" sizes=\"auto, (max-width: 760px) calc(100vw - 24px), 720px\" data-pin-media=\"https:\/\/flawlesshair.com\/wp-content\/uploads\/2024\/08\/long-straight-hair-to-blunt-bob.jpg\" id=\"mv-trellis-img-1\" data-src=\"https:\/\/flawlesshair.com\/wp-content\/uploads\/2024\/08\/long-straight-hair-to-blunt-bob.jpg\" data-srcset=\"https:\/\/flawlesshair.com\/wp-content\/uploads\/2024\/08\/long-straight-hair-to-blunt-bob.jpg 1080w, https:\/\/flawlesshair.com\/wp-content\/uploads\/2024\/08\/long-straight-hair-to-blunt-bob-300x300.jpg 300w, https:\/\/flawlesshair.com\/wp-content\/uploads\/2024\/08\/long-straight-hair-to-blunt-bob-150x150.jpg 150w, https:\/\/flawlesshair.com\/wp-content\/uploads\/2024\/08\/long-straight-hair-to-blunt-bob-768x768.jpg 768w, https:\/\/flawlesshair.com\/wp-content\/uploads\/2024\/08\/long-straight-hair-to-blunt-bob-12x12.jpg 12w, https:\/\/flawlesshair.com\/wp-content\/uploads\/2024\/08\/long-straight-hair-to-blunt-bob-728x728.jpg 728w, https:\/\/flawlesshair.com\/wp-content\/uploads\/2024\/08\/long-straight-hair-to-blunt-bob-960x960.jpg 960w, https:\/\/flawlesshair.com\/wp-content\/uploads\/2024\/08\/long-straight-hair-to-blunt-bob-96x96.jpg 96w\" data-svg=\"1\" data-trellis-processed=\"1\"><div style=\"position: absolute; top: 0.5rem; right: 0.75rem;\"> <a href=\"https:\/\/www.pinterest.com\/pin\/create\/button\/\" data-pin-do=\"buttonPin\" data-pin-tall=\"true\" data-pin-url=\"https:\/\/flawlesshair.com\/pt\/cabelo-comprido-para-cabelo-curto-antes-e-depois\/\" data-pin-media=\"https:\/\/flawlesshair.com\/wp-content\/uploads\/2024\/08\/long-straight-hair-to-blunt-bob.jpg\" data-pin-description=\"19 Incredible Long-Hair-To-Short-Hair Before-And-After Transformations To Inspire You\" rel=\"nofollow noopener\" target=\"_blank\"> <\/a><\/div><\/div><figcaption class=\"wp-element-caption\">@<a href=\"https:\/\/www.instagram.com\/suedub\/\" target=\"_blank\" rel=\"noreferrer noopener nofollow\">suedub<\/a><\/figcaption><\/figure>\n<\/div>\n\n\n<p>Um bob sem corte transforma o cabelo fino numa juba magn\u00edfica e mais cheia. Este corte popular d\u00e1-lhe um efeito de enquadramento do rosto e uma oportunidade de conseguir um volume extra com uma risca lateral profunda. <\/p>\n\n\n\n<h2 class=\"wp-block-heading\">2. Cabelo Liso Ultra Longo com L\u00f3bulo Sem Corte<\/h2>\n\n\n<div class=\"wp-block-image\">\n<figure class=\"aligncenter size-full\"><div style=\"position: relative;\"><noscript><img loading=\"lazy\" decoding=\"async\" width=\"1080\" height=\"1080\" src=\"https:\/\/flawlesshair.com\/wp-content\/uploads\/2024\/08\/ultra-long-straight-hair-to-blunt-lob.jpg\" alt=\"cabelo liso ultra-longo para l\u00f3bulo sem corte\" class=\"wp-image-57816\" srcset=\"https:\/\/flawlesshair.com\/wp-content\/uploads\/2024\/08\/ultra-long-straight-hair-to-blunt-lob.jpg 1080w, https:\/\/flawlesshair.com\/wp-content\/uploads\/2024\/08\/ultra-long-straight-hair-to-blunt-lob-300x300.jpg 300w, https:\/\/flawlesshair.com\/wp-content\/uploads\/2024\/08\/ultra-long-straight-hair-to-blunt-lob-150x150.jpg 150w, https:\/\/flawlesshair.com\/wp-content\/uploads\/2024\/08\/ultra-long-straight-hair-to-blunt-lob-768x768.jpg 768w, https:\/\/flawlesshair.com\/wp-content\/uploads\/2024\/08\/ultra-long-straight-hair-to-blunt-lob-12x12.jpg 12w, https:\/\/flawlesshair.com\/wp-content\/uploads\/2024\/08\/ultra-long-straight-hair-to-blunt-lob-728x728.jpg 728w, https:\/\/flawlesshair.com\/wp-content\/uploads\/2024\/08\/ultra-long-straight-hair-to-blunt-lob-960x960.jpg 960w, https:\/\/flawlesshair.com\/wp-content\/uploads\/2024\/08\/ultra-long-straight-hair-to-blunt-lob-96x96.jpg 96w\" sizes=\"auto, (max-width: 760px) calc(100vw - 24px), 720px\"><\/noscript><img loading=\"lazy\" decoding=\"async\" width=\"1080\" height=\"1080\" src=\"https:\/\/flawlesshair.com\/wp-content\/uploads\/2024\/08\/ultra-long-straight-hair-to-blunt-lob.jpg\" alt=\"cabelo liso ultra-longo para l\u00f3bulo sem corte\" class=\"wp-image-57816 lazyload\" srcset=\"https:\/\/flawlesshair.com\/wp-content\/uploads\/2024\/08\/ultra-long-straight-hair-to-blunt-lob.jpg 1080w, https:\/\/flawlesshair.com\/wp-content\/uploads\/2024\/08\/ultra-long-straight-hair-to-blunt-lob-300x300.jpg 300w, https:\/\/flawlesshair.com\/wp-content\/uploads\/2024\/08\/ultra-long-straight-hair-to-blunt-lob-150x150.jpg 150w, https:\/\/flawlesshair.com\/wp-content\/uploads\/2024\/08\/ultra-long-straight-hair-to-blunt-lob-768x768.jpg 768w, https:\/\/flawlesshair.com\/wp-content\/uploads\/2024\/08\/ultra-long-straight-hair-to-blunt-lob-12x12.jpg 12w, https:\/\/flawlesshair.com\/wp-content\/uploads\/2024\/08\/ultra-long-straight-hair-to-blunt-lob-728x728.jpg 728w, https:\/\/flawlesshair.com\/wp-content\/uploads\/2024\/08\/ultra-long-straight-hair-to-blunt-lob-960x960.jpg 960w, https:\/\/flawlesshair.com\/wp-content\/uploads\/2024\/08\/ultra-long-straight-hair-to-blunt-lob-96x96.jpg 96w\" sizes=\"auto, (max-width: 760px) calc(100vw - 24px), 720px\" data-pin-media=\"https:\/\/flawlesshair.com\/wp-content\/uploads\/2024\/08\/ultra-long-straight-hair-to-blunt-lob.jpg\" id=\"mv-trellis-img-2\" data-trellis-processed=\"1\"><div style=\"position: absolute; top: 0.5rem; right: 0.75rem;\"> <a href=\"https:\/\/www.pinterest.com\/pin\/create\/button\/\" data-pin-do=\"buttonPin\" data-pin-tall=\"true\" data-pin-url=\"https:\/\/flawlesshair.com\/pt\/cabelo-comprido-para-cabelo-curto-antes-e-depois\/\" data-pin-media=\"https:\/\/flawlesshair.com\/wp-content\/uploads\/2024\/08\/ultra-long-straight-hair-to-blunt-lob.jpg\" data-pin-description=\"19 Incredible Long-Hair-To-Short-Hair Before-And-After Transformations To Inspire You\" rel=\"nofollow noopener\" target=\"_blank\"> <\/a><\/div><\/div><figcaption class=\"wp-element-caption\">@<a href=\"https:\/\/www.instagram.com\/miris_things\/\" target=\"_blank\" rel=\"noreferrer noopener nofollow\">coisas_do_miris<\/a>&nbsp;<\/figcaption><\/figure>\n<\/div>\n\n\n<p>Apesar de o cabelo comprido ter um aspeto hipnotizante e chamar a aten\u00e7\u00e3o, o cabelo curto \u00e9 uma solu\u00e7\u00e3o mais pr\u00e1tica que facilita muito o penteado. Se um bob curto cl\u00e1ssico for demasiado curto para si, pode optar por um bob comprido chique, tamb\u00e9m conhecido como lob. O lob sem corte far\u00e1 com que o seu cabelo pare\u00e7a mais cheio, enquanto que o lob em camadas ir\u00e1 desbastar a sua juba espessa. <\/p>\n\n\n\n<h2 class=\"wp-block-heading\">3. Cabelo M\u00e9dio com Camadas para um Rabo Pixie com Moldura Facial<\/h2>\n\n\n<div class=\"wp-block-image\">\n<figure class=\"aligncenter size-full\"><div style=\"position: relative;\"><noscript><img loading=\"lazy\" decoding=\"async\" width=\"1080\" height=\"1080\" src=\"https:\/\/flawlesshair.com\/wp-content\/uploads\/2024\/08\/medium-layered-hair-to-face-framing-pixie-bob.jpg\" alt=\"cabelo com camadas m\u00e9dias para um pixie bob que emoldura o rosto\" class=\"wp-image-57814\" srcset=\"https:\/\/flawlesshair.com\/wp-content\/uploads\/2024\/08\/medium-layered-hair-to-face-framing-pixie-bob.jpg 1080w, https:\/\/flawlesshair.com\/wp-content\/uploads\/2024\/08\/medium-layered-hair-to-face-framing-pixie-bob-300x300.jpg 300w, https:\/\/flawlesshair.com\/wp-content\/uploads\/2024\/08\/medium-layered-hair-to-face-framing-pixie-bob-150x150.jpg 150w, https:\/\/flawlesshair.com\/wp-content\/uploads\/2024\/08\/medium-layered-hair-to-face-framing-pixie-bob-768x768.jpg 768w, https:\/\/flawlesshair.com\/wp-content\/uploads\/2024\/08\/medium-layered-hair-to-face-framing-pixie-bob-12x12.jpg 12w, https:\/\/flawlesshair.com\/wp-content\/uploads\/2024\/08\/medium-layered-hair-to-face-framing-pixie-bob-728x728.jpg 728w, https:\/\/flawlesshair.com\/wp-content\/uploads\/2024\/08\/medium-layered-hair-to-face-framing-pixie-bob-960x960.jpg 960w, https:\/\/flawlesshair.com\/wp-content\/uploads\/2024\/08\/medium-layered-hair-to-face-framing-pixie-bob-96x96.jpg 96w\" sizes=\"auto, (max-width: 760px) calc(100vw - 24px), 720px\"><\/noscript><img loading=\"lazy\" decoding=\"async\" width=\"1080\" height=\"1080\" src=\"https:\/\/flawlesshair.com\/wp-content\/uploads\/2024\/08\/medium-layered-hair-to-face-framing-pixie-bob.jpg\" alt=\"cabelo com camadas m\u00e9dias para um pixie bob que emoldura o rosto\" class=\"wp-image-57814 lazyload\" srcset=\"https:\/\/flawlesshair.com\/wp-content\/uploads\/2024\/08\/medium-layered-hair-to-face-framing-pixie-bob.jpg 1080w, https:\/\/flawlesshair.com\/wp-content\/uploads\/2024\/08\/medium-layered-hair-to-face-framing-pixie-bob-300x300.jpg 300w, https:\/\/flawlesshair.com\/wp-content\/uploads\/2024\/08\/medium-layered-hair-to-face-framing-pixie-bob-150x150.jpg 150w, https:\/\/flawlesshair.com\/wp-content\/uploads\/2024\/08\/medium-layered-hair-to-face-framing-pixie-bob-768x768.jpg 768w, https:\/\/flawlesshair.com\/wp-content\/uploads\/2024\/08\/medium-layered-hair-to-face-framing-pixie-bob-12x12.jpg 12w, https:\/\/flawlesshair.com\/wp-content\/uploads\/2024\/08\/medium-layered-hair-to-face-framing-pixie-bob-728x728.jpg 728w, https:\/\/flawlesshair.com\/wp-content\/uploads\/2024\/08\/medium-layered-hair-to-face-framing-pixie-bob-960x960.jpg 960w, https:\/\/flawlesshair.com\/wp-content\/uploads\/2024\/08\/medium-layered-hair-to-face-framing-pixie-bob-96x96.jpg 96w\" sizes=\"auto, (max-width: 760px) calc(100vw - 24px), 720px\" data-pin-media=\"https:\/\/flawlesshair.com\/wp-content\/uploads\/2024\/08\/medium-layered-hair-to-face-framing-pixie-bob.jpg\" id=\"mv-trellis-img-3\" data-trellis-processed=\"1\"><div style=\"position: absolute; top: 0.5rem; right: 0.75rem;\"> <a href=\"https:\/\/www.pinterest.com\/pin\/create\/button\/\" data-pin-do=\"buttonPin\" data-pin-tall=\"true\" data-pin-url=\"https:\/\/flawlesshair.com\/pt\/cabelo-comprido-para-cabelo-curto-antes-e-depois\/\" data-pin-media=\"https:\/\/flawlesshair.com\/wp-content\/uploads\/2024\/08\/medium-layered-hair-to-face-framing-pixie-bob.jpg\" data-pin-description=\"19 Incredible Long-Hair-To-Short-Hair Before-And-After Transformations To Inspire You\" rel=\"nofollow noopener\" target=\"_blank\"> <\/a><\/div><\/div><figcaption class=\"wp-element-caption\">@<a href=\"https:\/\/www.instagram.com\/erikahawkins_\/\" target=\"_blank\" rel=\"noreferrer noopener nofollow\">erikahawkins_<\/a><\/figcaption><\/figure>\n<\/div>\n\n\n<p>Um rosto emoldurado <a href=\"https:\/\/flawlesshair.com\/pt\/corte-de-cabelo-pixie-bob\/\">cabelo pixie<\/a> apresenta um cabelo volumoso no topo com um comprimento curto. As camadas que emolduram o rosto s\u00e3o sin\u00f3nimo de uma est\u00e9tica jovem, tornando este estilo uma escolha popular para mulheres com mais de 50 anos. <\/p>\n\n\n\n<h2 class=\"wp-block-heading\">4. Cabelo comprido com corte pixie em camadas<\/h2>\n\n\n<div class=\"wp-block-image\">\n<figure class=\"aligncenter size-full\"><div style=\"position: relative;\"><noscript><img loading=\"lazy\" decoding=\"async\" width=\"1080\" height=\"1080\" src=\"https:\/\/flawlesshair.com\/wp-content\/uploads\/2024\/08\/long-hair-to-layered-pixie-cut.jpg\" alt=\"cabelo comprido para corte pixie em camadas\" class=\"wp-image-57802\" srcset=\"https:\/\/flawlesshair.com\/wp-content\/uploads\/2024\/08\/long-hair-to-layered-pixie-cut.jpg 1080w, https:\/\/flawlesshair.com\/wp-content\/uploads\/2024\/08\/long-hair-to-layered-pixie-cut-300x300.jpg 300w, https:\/\/flawlesshair.com\/wp-content\/uploads\/2024\/08\/long-hair-to-layered-pixie-cut-150x150.jpg 150w, https:\/\/flawlesshair.com\/wp-content\/uploads\/2024\/08\/long-hair-to-layered-pixie-cut-768x768.jpg 768w, https:\/\/flawlesshair.com\/wp-content\/uploads\/2024\/08\/long-hair-to-layered-pixie-cut-12x12.jpg 12w, https:\/\/flawlesshair.com\/wp-content\/uploads\/2024\/08\/long-hair-to-layered-pixie-cut-728x728.jpg 728w, https:\/\/flawlesshair.com\/wp-content\/uploads\/2024\/08\/long-hair-to-layered-pixie-cut-960x960.jpg 960w, https:\/\/flawlesshair.com\/wp-content\/uploads\/2024\/08\/long-hair-to-layered-pixie-cut-96x96.jpg 96w\" sizes=\"auto, (max-width: 760px) calc(100vw - 24px), 720px\"><\/noscript><img loading=\"lazy\" decoding=\"async\" width=\"1080\" height=\"1080\" src=\"https:\/\/flawlesshair.com\/wp-content\/uploads\/2024\/08\/long-hair-to-layered-pixie-cut.jpg\" alt=\"cabelo comprido para corte pixie em camadas\" class=\"wp-image-57802 lazyload\" srcset=\"https:\/\/flawlesshair.com\/wp-content\/uploads\/2024\/08\/long-hair-to-layered-pixie-cut.jpg 1080w, https:\/\/flawlesshair.com\/wp-content\/uploads\/2024\/08\/long-hair-to-layered-pixie-cut-300x300.jpg 300w, https:\/\/flawlesshair.com\/wp-content\/uploads\/2024\/08\/long-hair-to-layered-pixie-cut-150x150.jpg 150w, https:\/\/flawlesshair.com\/wp-content\/uploads\/2024\/08\/long-hair-to-layered-pixie-cut-768x768.jpg 768w, https:\/\/flawlesshair.com\/wp-content\/uploads\/2024\/08\/long-hair-to-layered-pixie-cut-12x12.jpg 12w, https:\/\/flawlesshair.com\/wp-content\/uploads\/2024\/08\/long-hair-to-layered-pixie-cut-728x728.jpg 728w, https:\/\/flawlesshair.com\/wp-content\/uploads\/2024\/08\/long-hair-to-layered-pixie-cut-960x960.jpg 960w, https:\/\/flawlesshair.com\/wp-content\/uploads\/2024\/08\/long-hair-to-layered-pixie-cut-96x96.jpg 96w\" sizes=\"auto, (max-width: 760px) calc(100vw - 24px), 720px\" data-pin-media=\"https:\/\/flawlesshair.com\/wp-content\/uploads\/2024\/08\/long-hair-to-layered-pixie-cut.jpg\" id=\"mv-trellis-img-4\" data-trellis-processed=\"1\"><div style=\"position: absolute; top: 0.5rem; right: 0.75rem;\"> <a href=\"https:\/\/www.pinterest.com\/pin\/create\/button\/\" data-pin-do=\"buttonPin\" data-pin-tall=\"true\" data-pin-url=\"https:\/\/flawlesshair.com\/pt\/cabelo-comprido-para-cabelo-curto-antes-e-depois\/\" data-pin-media=\"https:\/\/flawlesshair.com\/wp-content\/uploads\/2024\/08\/long-hair-to-layered-pixie-cut.jpg\" data-pin-description=\"19 Incredible Long-Hair-To-Short-Hair Before-And-After Transformations To Inspire You\" rel=\"nofollow noopener\" target=\"_blank\"> <\/a><\/div><\/div><figcaption class=\"wp-element-caption\">@<a href=\"https:\/\/www.instagram.com\/justindillaha_hair\/\" target=\"_blank\" rel=\"noreferrer noopener nofollow\">cabelo de justindillaha<\/a><\/figcaption><\/figure>\n<\/div>\n\n\n<p>Em camadas <a href=\"https:\/\/flawlesshair.com\/pt\/corte-de-cabelo-pixie-muito-curto\/\">cortes pixie<\/a> s\u00e3o estilos elegantes e arrojados com muita textura. Este penteado \u00e9 uma d\u00e1diva de Deus para quem quer substituir as tran\u00e7as compridas por um estilo de baixa manuten\u00e7\u00e3o que as manter\u00e1 frescas durante o ver\u00e3o. <\/p>\n\n\n\n<h2 class=\"wp-block-heading\">5. Cabelo m\u00e9dio para um pelo curto volumoso<\/h2>\n\n\n<div class=\"wp-block-image\">\n<figure class=\"aligncenter size-full\"><div style=\"position: relative;\"><noscript><img loading=\"lazy\" decoding=\"async\" width=\"1080\" height=\"1080\" src=\"https:\/\/flawlesshair.com\/wp-content\/uploads\/2024\/08\/medium-hair-to-voluminous-pixie-bob.jpg\" alt=\"cabelo m\u00e9dio a pixie bob volumoso\" class=\"wp-image-57813\" srcset=\"https:\/\/flawlesshair.com\/wp-content\/uploads\/2024\/08\/medium-hair-to-voluminous-pixie-bob.jpg 1080w, https:\/\/flawlesshair.com\/wp-content\/uploads\/2024\/08\/medium-hair-to-voluminous-pixie-bob-300x300.jpg 300w, https:\/\/flawlesshair.com\/wp-content\/uploads\/2024\/08\/medium-hair-to-voluminous-pixie-bob-150x150.jpg 150w, https:\/\/flawlesshair.com\/wp-content\/uploads\/2024\/08\/medium-hair-to-voluminous-pixie-bob-768x768.jpg 768w, https:\/\/flawlesshair.com\/wp-content\/uploads\/2024\/08\/medium-hair-to-voluminous-pixie-bob-12x12.jpg 12w, https:\/\/flawlesshair.com\/wp-content\/uploads\/2024\/08\/medium-hair-to-voluminous-pixie-bob-728x728.jpg 728w, https:\/\/flawlesshair.com\/wp-content\/uploads\/2024\/08\/medium-hair-to-voluminous-pixie-bob-960x960.jpg 960w, https:\/\/flawlesshair.com\/wp-content\/uploads\/2024\/08\/medium-hair-to-voluminous-pixie-bob-96x96.jpg 96w\" sizes=\"auto, (max-width: 760px) calc(100vw - 24px), 720px\"><\/noscript><img loading=\"lazy\" decoding=\"async\" width=\"1080\" height=\"1080\" src=\"https:\/\/flawlesshair.com\/wp-content\/uploads\/2024\/08\/medium-hair-to-voluminous-pixie-bob.jpg\" alt=\"cabelo m\u00e9dio a pixie bob volumoso\" class=\"wp-image-57813 lazyload\" srcset=\"https:\/\/flawlesshair.com\/wp-content\/uploads\/2024\/08\/medium-hair-to-voluminous-pixie-bob.jpg 1080w, https:\/\/flawlesshair.com\/wp-content\/uploads\/2024\/08\/medium-hair-to-voluminous-pixie-bob-300x300.jpg 300w, https:\/\/flawlesshair.com\/wp-content\/uploads\/2024\/08\/medium-hair-to-voluminous-pixie-bob-150x150.jpg 150w, https:\/\/flawlesshair.com\/wp-content\/uploads\/2024\/08\/medium-hair-to-voluminous-pixie-bob-768x768.jpg 768w, https:\/\/flawlesshair.com\/wp-content\/uploads\/2024\/08\/medium-hair-to-voluminous-pixie-bob-12x12.jpg 12w, https:\/\/flawlesshair.com\/wp-content\/uploads\/2024\/08\/medium-hair-to-voluminous-pixie-bob-728x728.jpg 728w, https:\/\/flawlesshair.com\/wp-content\/uploads\/2024\/08\/medium-hair-to-voluminous-pixie-bob-960x960.jpg 960w, https:\/\/flawlesshair.com\/wp-content\/uploads\/2024\/08\/medium-hair-to-voluminous-pixie-bob-96x96.jpg 96w\" sizes=\"auto, (max-width: 760px) calc(100vw - 24px), 720px\" data-pin-media=\"https:\/\/flawlesshair.com\/wp-content\/uploads\/2024\/08\/medium-hair-to-voluminous-pixie-bob.jpg\" id=\"mv-trellis-img-5\" data-trellis-processed=\"1\"><div style=\"position: absolute; top: 0.5rem; right: 0.75rem;\"> <a href=\"https:\/\/www.pinterest.com\/pin\/create\/button\/\" data-pin-do=\"buttonPin\" data-pin-tall=\"true\" data-pin-url=\"https:\/\/flawlesshair.com\/pt\/cabelo-comprido-para-cabelo-curto-antes-e-depois\/\" data-pin-media=\"https:\/\/flawlesshair.com\/wp-content\/uploads\/2024\/08\/medium-hair-to-voluminous-pixie-bob.jpg\" data-pin-description=\"19 Incredible Long-Hair-To-Short-Hair Before-And-After Transformations To Inspire You\" rel=\"nofollow noopener\" target=\"_blank\"> <\/a><\/div><\/div><figcaption class=\"wp-element-caption\">@<a href=\"https:\/\/www.instagram.com\/iam.bobcut\/\" target=\"_blank\" rel=\"noreferrer noopener nofollow\">iam.bobcut<\/a><\/figcaption><\/figure>\n<\/div>\n\n\n<p>O cabelo m\u00e9dio a comprido carece muitas vezes de volume, especialmente se n\u00e3o for dividido em camadas. Escolha um pixie bob volumoso se quiser um penteado curto que abunde em volume e textura. As madeixas dar\u00e3o dimens\u00e3o a este corte deslumbrante. <\/p>\n\n\n\n<h2 class=\"wp-block-heading\">6. Cabelo M\u00e9dio a Micro Bob Desfiado com Textura<\/h2>\n\n\n<div class=\"wp-block-image\">\n<figure class=\"aligncenter size-full\"><div style=\"position: relative;\"><noscript><img loading=\"lazy\" decoding=\"async\" width=\"1080\" height=\"1080\" src=\"https:\/\/flawlesshair.com\/wp-content\/uploads\/2024\/08\/medium-hair-to-textured-shaggy-micro-bob.jpg\" alt=\"cabelo m\u00e9dio a micro bob desgrenhado texturizado\" class=\"wp-image-57812\" srcset=\"https:\/\/flawlesshair.com\/wp-content\/uploads\/2024\/08\/medium-hair-to-textured-shaggy-micro-bob.jpg 1080w, https:\/\/flawlesshair.com\/wp-content\/uploads\/2024\/08\/medium-hair-to-textured-shaggy-micro-bob-300x300.jpg 300w, https:\/\/flawlesshair.com\/wp-content\/uploads\/2024\/08\/medium-hair-to-textured-shaggy-micro-bob-150x150.jpg 150w, https:\/\/flawlesshair.com\/wp-content\/uploads\/2024\/08\/medium-hair-to-textured-shaggy-micro-bob-768x768.jpg 768w, https:\/\/flawlesshair.com\/wp-content\/uploads\/2024\/08\/medium-hair-to-textured-shaggy-micro-bob-12x12.jpg 12w, https:\/\/flawlesshair.com\/wp-content\/uploads\/2024\/08\/medium-hair-to-textured-shaggy-micro-bob-728x728.jpg 728w, https:\/\/flawlesshair.com\/wp-content\/uploads\/2024\/08\/medium-hair-to-textured-shaggy-micro-bob-960x960.jpg 960w, https:\/\/flawlesshair.com\/wp-content\/uploads\/2024\/08\/medium-hair-to-textured-shaggy-micro-bob-96x96.jpg 96w\" sizes=\"auto, (max-width: 760px) calc(100vw - 24px), 720px\"><\/noscript><img loading=\"lazy\" decoding=\"async\" width=\"1080\" height=\"1080\" src=\"https:\/\/flawlesshair.com\/wp-content\/uploads\/2024\/08\/medium-hair-to-textured-shaggy-micro-bob.jpg\" alt=\"cabelo m\u00e9dio a micro bob desgrenhado texturizado\" class=\"wp-image-57812 lazyload\" srcset=\"https:\/\/flawlesshair.com\/wp-content\/uploads\/2024\/08\/medium-hair-to-textured-shaggy-micro-bob.jpg 1080w, https:\/\/flawlesshair.com\/wp-content\/uploads\/2024\/08\/medium-hair-to-textured-shaggy-micro-bob-300x300.jpg 300w, https:\/\/flawlesshair.com\/wp-content\/uploads\/2024\/08\/medium-hair-to-textured-shaggy-micro-bob-150x150.jpg 150w, https:\/\/flawlesshair.com\/wp-content\/uploads\/2024\/08\/medium-hair-to-textured-shaggy-micro-bob-768x768.jpg 768w, https:\/\/flawlesshair.com\/wp-content\/uploads\/2024\/08\/medium-hair-to-textured-shaggy-micro-bob-12x12.jpg 12w, https:\/\/flawlesshair.com\/wp-content\/uploads\/2024\/08\/medium-hair-to-textured-shaggy-micro-bob-728x728.jpg 728w, https:\/\/flawlesshair.com\/wp-content\/uploads\/2024\/08\/medium-hair-to-textured-shaggy-micro-bob-960x960.jpg 960w, https:\/\/flawlesshair.com\/wp-content\/uploads\/2024\/08\/medium-hair-to-textured-shaggy-micro-bob-96x96.jpg 96w\" sizes=\"auto, (max-width: 760px) calc(100vw - 24px), 720px\" data-pin-media=\"https:\/\/flawlesshair.com\/wp-content\/uploads\/2024\/08\/medium-hair-to-textured-shaggy-micro-bob.jpg\" id=\"mv-trellis-img-6\" data-trellis-processed=\"1\"><div style=\"position: absolute; top: 0.5rem; right: 0.75rem;\"> <a href=\"https:\/\/www.pinterest.com\/pin\/create\/button\/\" data-pin-do=\"buttonPin\" data-pin-tall=\"true\" data-pin-url=\"https:\/\/flawlesshair.com\/pt\/cabelo-comprido-para-cabelo-curto-antes-e-depois\/\" data-pin-media=\"https:\/\/flawlesshair.com\/wp-content\/uploads\/2024\/08\/medium-hair-to-textured-shaggy-micro-bob.jpg\" data-pin-description=\"19 Incredible Long-Hair-To-Short-Hair Before-And-After Transformations To Inspire You\" rel=\"nofollow noopener\" target=\"_blank\"> <\/a><\/div><\/div><figcaption class=\"wp-element-caption\">@<a href=\"https:\/\/www.instagram.com\/ernestomeneses\/\" target=\"_blank\" rel=\"noreferrer noopener nofollow\">ernestomeneses<\/a>&nbsp;<\/figcaption><\/figure>\n<\/div>\n\n\n<p>Est\u00e1 farta de cabelos m\u00e9dios a compridos? Ent\u00e3o est\u00e1 na altura de um micro bob desgrenhado com textura! Gra\u00e7as \u00e0s camadas desgrenhadas, este estilo atrevido tem bastante volume na coroa e a franja texturada \u00e9 apenas a cereja no topo. <\/p>\n\n\n\n<h2 class=\"wp-block-heading\">7. Cabelo comprido ondulado em bob curto texturado<\/h2>\n\n\n<div class=\"wp-block-image\">\n<figure class=\"aligncenter size-full\"><div style=\"position: relative;\"><noscript><img loading=\"lazy\" decoding=\"async\" width=\"1080\" height=\"810\" src=\"https:\/\/flawlesshair.com\/wp-content\/uploads\/2024\/08\/long-wavy-hair-to-short-textured-bob.jpg\" alt=\"cabelo ondulado comprido para bob curto texturado\" class=\"wp-image-57811\" srcset=\"https:\/\/flawlesshair.com\/wp-content\/uploads\/2024\/08\/long-wavy-hair-to-short-textured-bob.jpg 1080w, https:\/\/flawlesshair.com\/wp-content\/uploads\/2024\/08\/long-wavy-hair-to-short-textured-bob-300x225.jpg 300w, https:\/\/flawlesshair.com\/wp-content\/uploads\/2024\/08\/long-wavy-hair-to-short-textured-bob-768x576.jpg 768w, https:\/\/flawlesshair.com\/wp-content\/uploads\/2024\/08\/long-wavy-hair-to-short-textured-bob-16x12.jpg 16w, https:\/\/flawlesshair.com\/wp-content\/uploads\/2024\/08\/long-wavy-hair-to-short-textured-bob-728x546.jpg 728w, https:\/\/flawlesshair.com\/wp-content\/uploads\/2024\/08\/long-wavy-hair-to-short-textured-bob-960x720.jpg 960w, https:\/\/flawlesshair.com\/wp-content\/uploads\/2024\/08\/long-wavy-hair-to-short-textured-bob-150x113.jpg 150w\" sizes=\"auto, (max-width: 760px) calc(100vw - 24px), 720px\"><\/noscript><img loading=\"lazy\" decoding=\"async\" width=\"1080\" height=\"810\" src=\"https:\/\/flawlesshair.com\/wp-content\/uploads\/2024\/08\/long-wavy-hair-to-short-textured-bob.jpg\" alt=\"cabelo ondulado comprido para bob curto texturado\" class=\"wp-image-57811 lazyload\" srcset=\"https:\/\/flawlesshair.com\/wp-content\/uploads\/2024\/08\/long-wavy-hair-to-short-textured-bob.jpg 1080w, https:\/\/flawlesshair.com\/wp-content\/uploads\/2024\/08\/long-wavy-hair-to-short-textured-bob-300x225.jpg 300w, https:\/\/flawlesshair.com\/wp-content\/uploads\/2024\/08\/long-wavy-hair-to-short-textured-bob-768x576.jpg 768w, https:\/\/flawlesshair.com\/wp-content\/uploads\/2024\/08\/long-wavy-hair-to-short-textured-bob-16x12.jpg 16w, https:\/\/flawlesshair.com\/wp-content\/uploads\/2024\/08\/long-wavy-hair-to-short-textured-bob-728x546.jpg 728w, https:\/\/flawlesshair.com\/wp-content\/uploads\/2024\/08\/long-wavy-hair-to-short-textured-bob-960x720.jpg 960w, https:\/\/flawlesshair.com\/wp-content\/uploads\/2024\/08\/long-wavy-hair-to-short-textured-bob-150x113.jpg 150w\" sizes=\"auto, (max-width: 760px) calc(100vw - 24px), 720px\" data-pin-media=\"https:\/\/flawlesshair.com\/wp-content\/uploads\/2024\/08\/long-wavy-hair-to-short-textured-bob.jpg\" id=\"mv-trellis-img-7\" data-trellis-processed=\"1\"><div style=\"position: absolute; top: 0.5rem; right: 0.75rem;\"> <a href=\"https:\/\/www.pinterest.com\/pin\/create\/button\/\" data-pin-do=\"buttonPin\" data-pin-tall=\"true\" data-pin-url=\"https:\/\/flawlesshair.com\/pt\/cabelo-comprido-para-cabelo-curto-antes-e-depois\/\" data-pin-media=\"https:\/\/flawlesshair.com\/wp-content\/uploads\/2024\/08\/long-wavy-hair-to-short-textured-bob.jpg\" data-pin-description=\"19 Incredible Long-Hair-To-Short-Hair Before-And-After Transformations To Inspire You\" rel=\"nofollow noopener\" target=\"_blank\"> <\/a><\/div><\/div><figcaption class=\"wp-element-caption\">@<a href=\"https:\/\/www.instagram.com\/_thehalfrican\/\" target=\"_blank\" rel=\"noreferrer noopener nofollow\">o africano<\/a>&nbsp;<\/figcaption><\/figure>\n<\/div>\n\n\n<p>Um bob curto texturizado real\u00e7a o padr\u00e3o de cabelo encaracolado ou ondulado. Este bonito corte ir\u00e1 dar movimento \u00e0s suas madeixas e real\u00e7ar a textura do seu cabelo natural. Volume + textura = bob curto texturado. <\/p>\n\n\n\n<h2 class=\"wp-block-heading\">8. Cabelo comprido ondulado para rabo-de-cavalo desarrumado<\/h2>\n\n\n<div class=\"wp-block-image\">\n<figure class=\"aligncenter size-full\"><div style=\"position: relative;\"><noscript><img loading=\"lazy\" decoding=\"async\" width=\"1080\" height=\"1080\" src=\"https:\/\/flawlesshair.com\/wp-content\/uploads\/2024\/08\/long-wavy-hair-to-messy-pixie-bob.jpg\" alt=\"cabelo comprido ondulado para um pixie bob desarrumado\" class=\"wp-image-57810\" srcset=\"https:\/\/flawlesshair.com\/wp-content\/uploads\/2024\/08\/long-wavy-hair-to-messy-pixie-bob.jpg 1080w, https:\/\/flawlesshair.com\/wp-content\/uploads\/2024\/08\/long-wavy-hair-to-messy-pixie-bob-300x300.jpg 300w, https:\/\/flawlesshair.com\/wp-content\/uploads\/2024\/08\/long-wavy-hair-to-messy-pixie-bob-150x150.jpg 150w, https:\/\/flawlesshair.com\/wp-content\/uploads\/2024\/08\/long-wavy-hair-to-messy-pixie-bob-768x768.jpg 768w, https:\/\/flawlesshair.com\/wp-content\/uploads\/2024\/08\/long-wavy-hair-to-messy-pixie-bob-12x12.jpg 12w, https:\/\/flawlesshair.com\/wp-content\/uploads\/2024\/08\/long-wavy-hair-to-messy-pixie-bob-728x728.jpg 728w, https:\/\/flawlesshair.com\/wp-content\/uploads\/2024\/08\/long-wavy-hair-to-messy-pixie-bob-960x960.jpg 960w, https:\/\/flawlesshair.com\/wp-content\/uploads\/2024\/08\/long-wavy-hair-to-messy-pixie-bob-96x96.jpg 96w\" sizes=\"auto, (max-width: 760px) calc(100vw - 24px), 720px\"><\/noscript><img loading=\"lazy\" decoding=\"async\" width=\"1080\" height=\"1080\" src=\"https:\/\/flawlesshair.com\/wp-content\/uploads\/2024\/08\/long-wavy-hair-to-messy-pixie-bob.jpg\" alt=\"cabelo comprido ondulado para um pixie bob desarrumado\" class=\"wp-image-57810 lazyload\" srcset=\"https:\/\/flawlesshair.com\/wp-content\/uploads\/2024\/08\/long-wavy-hair-to-messy-pixie-bob.jpg 1080w, https:\/\/flawlesshair.com\/wp-content\/uploads\/2024\/08\/long-wavy-hair-to-messy-pixie-bob-300x300.jpg 300w, https:\/\/flawlesshair.com\/wp-content\/uploads\/2024\/08\/long-wavy-hair-to-messy-pixie-bob-150x150.jpg 150w, https:\/\/flawlesshair.com\/wp-content\/uploads\/2024\/08\/long-wavy-hair-to-messy-pixie-bob-768x768.jpg 768w, https:\/\/flawlesshair.com\/wp-content\/uploads\/2024\/08\/long-wavy-hair-to-messy-pixie-bob-12x12.jpg 12w, https:\/\/flawlesshair.com\/wp-content\/uploads\/2024\/08\/long-wavy-hair-to-messy-pixie-bob-728x728.jpg 728w, https:\/\/flawlesshair.com\/wp-content\/uploads\/2024\/08\/long-wavy-hair-to-messy-pixie-bob-960x960.jpg 960w, https:\/\/flawlesshair.com\/wp-content\/uploads\/2024\/08\/long-wavy-hair-to-messy-pixie-bob-96x96.jpg 96w\" sizes=\"auto, (max-width: 760px) calc(100vw - 24px), 720px\" data-pin-media=\"https:\/\/flawlesshair.com\/wp-content\/uploads\/2024\/08\/long-wavy-hair-to-messy-pixie-bob.jpg\" id=\"mv-trellis-img-8\" data-trellis-processed=\"1\"><div style=\"position: absolute; top: 0.5rem; right: 0.75rem;\"> <a href=\"https:\/\/www.pinterest.com\/pin\/create\/button\/\" data-pin-do=\"buttonPin\" data-pin-tall=\"true\" data-pin-url=\"https:\/\/flawlesshair.com\/pt\/cabelo-comprido-para-cabelo-curto-antes-e-depois\/\" data-pin-media=\"https:\/\/flawlesshair.com\/wp-content\/uploads\/2024\/08\/long-wavy-hair-to-messy-pixie-bob.jpg\" data-pin-description=\"19 Incredible Long-Hair-To-Short-Hair Before-And-After Transformations To Inspire You\" rel=\"nofollow noopener\" target=\"_blank\"> <\/a><\/div><\/div><figcaption class=\"wp-element-caption\">@<a href=\"https:\/\/www.instagram.com\/erikahawkins_\/\" target=\"_blank\" rel=\"noreferrer noopener nofollow\">erikahawkins_<\/a><\/figcaption><\/figure>\n<\/div>\n\n\n<p>Corte o seu cabelo comprido num pixie bob desarrumado para obter um estilo com muita personalidade e textura. A \u00fanica regra que deve seguir ao pentear o seu cabelo h\u00famido com um creme para carac\u00f3is leve e gel de cabelo \u00e9 \"quanto mais desarrumado, melhor\". <\/p>\n\n\n\n<h2 class=\"wp-block-heading\">9. Cabelo comprido ondulado em camadas com franja cortina<\/h2>\n\n\n<div class=\"wp-block-image\">\n<figure class=\"aligncenter size-full\"><div style=\"position: relative;\"><noscript><img loading=\"lazy\" decoding=\"async\" width=\"1080\" height=\"1080\" src=\"https:\/\/flawlesshair.com\/wp-content\/uploads\/2024\/08\/long-wavy-hair-to-layered-lob-with-curtain-bangs.jpg\" alt=\"cabelo ondulado comprido para lob em camadas com franja em cortina\" class=\"wp-image-57809\" srcset=\"https:\/\/flawlesshair.com\/wp-content\/uploads\/2024\/08\/long-wavy-hair-to-layered-lob-with-curtain-bangs.jpg 1080w, https:\/\/flawlesshair.com\/wp-content\/uploads\/2024\/08\/long-wavy-hair-to-layered-lob-with-curtain-bangs-300x300.jpg 300w, https:\/\/flawlesshair.com\/wp-content\/uploads\/2024\/08\/long-wavy-hair-to-layered-lob-with-curtain-bangs-150x150.jpg 150w, https:\/\/flawlesshair.com\/wp-content\/uploads\/2024\/08\/long-wavy-hair-to-layered-lob-with-curtain-bangs-768x768.jpg 768w, https:\/\/flawlesshair.com\/wp-content\/uploads\/2024\/08\/long-wavy-hair-to-layered-lob-with-curtain-bangs-12x12.jpg 12w, https:\/\/flawlesshair.com\/wp-content\/uploads\/2024\/08\/long-wavy-hair-to-layered-lob-with-curtain-bangs-728x728.jpg 728w, https:\/\/flawlesshair.com\/wp-content\/uploads\/2024\/08\/long-wavy-hair-to-layered-lob-with-curtain-bangs-960x960.jpg 960w, https:\/\/flawlesshair.com\/wp-content\/uploads\/2024\/08\/long-wavy-hair-to-layered-lob-with-curtain-bangs-96x96.jpg 96w\" sizes=\"auto, (max-width: 760px) calc(100vw - 24px), 720px\"><\/noscript><img loading=\"lazy\" decoding=\"async\" width=\"1080\" height=\"1080\" src=\"https:\/\/flawlesshair.com\/wp-content\/uploads\/2024\/08\/long-wavy-hair-to-layered-lob-with-curtain-bangs.jpg\" alt=\"cabelo ondulado comprido para lob em camadas com franja em cortina\" class=\"wp-image-57809 lazyload\" srcset=\"https:\/\/flawlesshair.com\/wp-content\/uploads\/2024\/08\/long-wavy-hair-to-layered-lob-with-curtain-bangs.jpg 1080w, https:\/\/flawlesshair.com\/wp-content\/uploads\/2024\/08\/long-wavy-hair-to-layered-lob-with-curtain-bangs-300x300.jpg 300w, https:\/\/flawlesshair.com\/wp-content\/uploads\/2024\/08\/long-wavy-hair-to-layered-lob-with-curtain-bangs-150x150.jpg 150w, https:\/\/flawlesshair.com\/wp-content\/uploads\/2024\/08\/long-wavy-hair-to-layered-lob-with-curtain-bangs-768x768.jpg 768w, https:\/\/flawlesshair.com\/wp-content\/uploads\/2024\/08\/long-wavy-hair-to-layered-lob-with-curtain-bangs-12x12.jpg 12w, https:\/\/flawlesshair.com\/wp-content\/uploads\/2024\/08\/long-wavy-hair-to-layered-lob-with-curtain-bangs-728x728.jpg 728w, https:\/\/flawlesshair.com\/wp-content\/uploads\/2024\/08\/long-wavy-hair-to-layered-lob-with-curtain-bangs-960x960.jpg 960w, https:\/\/flawlesshair.com\/wp-content\/uploads\/2024\/08\/long-wavy-hair-to-layered-lob-with-curtain-bangs-96x96.jpg 96w\" sizes=\"auto, (max-width: 760px) calc(100vw - 24px), 720px\" data-pin-media=\"https:\/\/flawlesshair.com\/wp-content\/uploads\/2024\/08\/long-wavy-hair-to-layered-lob-with-curtain-bangs.jpg\" id=\"mv-trellis-img-9\" data-trellis-processed=\"1\"><div style=\"position: absolute; top: 0.5rem; right: 0.75rem;\"> <a href=\"https:\/\/www.pinterest.com\/pin\/create\/button\/\" data-pin-do=\"buttonPin\" data-pin-tall=\"true\" data-pin-url=\"https:\/\/flawlesshair.com\/pt\/cabelo-comprido-para-cabelo-curto-antes-e-depois\/\" data-pin-media=\"https:\/\/flawlesshair.com\/wp-content\/uploads\/2024\/08\/long-wavy-hair-to-layered-lob-with-curtain-bangs.jpg\" data-pin-description=\"19 Incredible Long-Hair-To-Short-Hair Before-And-After Transformations To Inspire You\" rel=\"nofollow noopener\" target=\"_blank\"> <\/a><\/div><\/div><figcaption class=\"wp-element-caption\">@<a href=\"https:\/\/www.instagram.com\/suedub\/\" target=\"_blank\" rel=\"noreferrer noopener nofollow\">suedub<\/a><\/figcaption><\/figure>\n<\/div>\n\n\n<p>Cabelo comprido e ondulado para um <a href=\"https:\/\/flawlesshair.com\/pt\/bob-em-camadas-dos-anos-90\/\">bob em camadas<\/a> com franja cortina \u00e9 uma transforma\u00e7\u00e3o surpreendente do cabelo curto para o longo. Embora o cabelo ondulado comprido em camadas tenha muita textura, falta-lhe volume. Bem, com um bob em camadas, pode ter o seu bolo e com\u00ea-lo tamb\u00e9m. Por outras palavras, um bob em camadas dar\u00e1 ao seu cabelo tanto volume como textura.<\/p>\n\n\n\n<h2 class=\"wp-block-heading\">10. Ondas Longas para um Bob em Camadas<\/h2>\n\n\n<div class=\"wp-block-image\">\n<figure class=\"aligncenter size-full\"><div style=\"position: relative;\"><noscript><img loading=\"lazy\" decoding=\"async\" width=\"1080\" height=\"1080\" src=\"https:\/\/flawlesshair.com\/wp-content\/uploads\/2024\/08\/long-waves-to-layered-bob.jpg\" alt=\"ondas longas para um bob em camadas\" class=\"wp-image-57808\" srcset=\"https:\/\/flawlesshair.com\/wp-content\/uploads\/2024\/08\/long-waves-to-layered-bob.jpg 1080w, https:\/\/flawlesshair.com\/wp-content\/uploads\/2024\/08\/long-waves-to-layered-bob-300x300.jpg 300w, https:\/\/flawlesshair.com\/wp-content\/uploads\/2024\/08\/long-waves-to-layered-bob-150x150.jpg 150w, https:\/\/flawlesshair.com\/wp-content\/uploads\/2024\/08\/long-waves-to-layered-bob-768x768.jpg 768w, https:\/\/flawlesshair.com\/wp-content\/uploads\/2024\/08\/long-waves-to-layered-bob-12x12.jpg 12w, https:\/\/flawlesshair.com\/wp-content\/uploads\/2024\/08\/long-waves-to-layered-bob-728x728.jpg 728w, https:\/\/flawlesshair.com\/wp-content\/uploads\/2024\/08\/long-waves-to-layered-bob-960x960.jpg 960w, https:\/\/flawlesshair.com\/wp-content\/uploads\/2024\/08\/long-waves-to-layered-bob-96x96.jpg 96w\" sizes=\"auto, (max-width: 760px) calc(100vw - 24px), 720px\"><\/noscript><img loading=\"lazy\" decoding=\"async\" width=\"1080\" height=\"1080\" src=\"https:\/\/flawlesshair.com\/wp-content\/uploads\/2024\/08\/long-waves-to-layered-bob.jpg\" alt=\"ondas longas para um bob em camadas\" class=\"wp-image-57808 lazyload\" srcset=\"https:\/\/flawlesshair.com\/wp-content\/uploads\/2024\/08\/long-waves-to-layered-bob.jpg 1080w, https:\/\/flawlesshair.com\/wp-content\/uploads\/2024\/08\/long-waves-to-layered-bob-300x300.jpg 300w, https:\/\/flawlesshair.com\/wp-content\/uploads\/2024\/08\/long-waves-to-layered-bob-150x150.jpg 150w, https:\/\/flawlesshair.com\/wp-content\/uploads\/2024\/08\/long-waves-to-layered-bob-768x768.jpg 768w, https:\/\/flawlesshair.com\/wp-content\/uploads\/2024\/08\/long-waves-to-layered-bob-12x12.jpg 12w, https:\/\/flawlesshair.com\/wp-content\/uploads\/2024\/08\/long-waves-to-layered-bob-728x728.jpg 728w, https:\/\/flawlesshair.com\/wp-content\/uploads\/2024\/08\/long-waves-to-layered-bob-960x960.jpg 960w, https:\/\/flawlesshair.com\/wp-content\/uploads\/2024\/08\/long-waves-to-layered-bob-96x96.jpg 96w\" sizes=\"auto, (max-width: 760px) calc(100vw - 24px), 720px\" data-pin-media=\"https:\/\/flawlesshair.com\/wp-content\/uploads\/2024\/08\/long-waves-to-layered-bob.jpg\" id=\"mv-trellis-img-10\" data-trellis-processed=\"1\"><div style=\"position: absolute; top: 0.5rem; right: 0.75rem;\"> <a href=\"https:\/\/www.pinterest.com\/pin\/create\/button\/\" data-pin-do=\"buttonPin\" data-pin-tall=\"true\" data-pin-url=\"https:\/\/flawlesshair.com\/pt\/cabelo-comprido-para-cabelo-curto-antes-e-depois\/\" data-pin-media=\"https:\/\/flawlesshair.com\/wp-content\/uploads\/2024\/08\/long-waves-to-layered-bob.jpg\" data-pin-description=\"19 Incredible Long-Hair-To-Short-Hair Before-And-After Transformations To Inspire You\" rel=\"nofollow noopener\" target=\"_blank\"> <\/a><\/div><\/div><figcaption class=\"wp-element-caption\">@<a href=\"https:\/\/www.instagram.com\/suedub\/\" target=\"_blank\" rel=\"noreferrer noopener nofollow\">suedub<\/a><\/figcaption><\/figure>\n<\/div>\n\n\n<p>Esta transforma\u00e7\u00e3o capilar tamb\u00e9m prova que um bob curto em camadas \u00e9 o melhor estilo para conseguir um efeito de enquadramento do rosto. Para al\u00e9m disso, cortes curtos como o popular <a href=\"https:\/\/flawlesshair.com\/pt\/cowgirl-bob\/\">bobs de cowgirl<\/a> s\u00e3o mais f\u00e1ceis de manter e pentear do que uma juba comprida. <\/p>\n\n\n\n<h2 class=\"wp-block-heading\">11. Cabelo comprido liso com corte \u00e0 escovinha<\/h2>\n\n\n<div class=\"wp-block-image\">\n<figure class=\"aligncenter size-full\"><div style=\"position: relative;\"><noscript><img loading=\"lazy\" decoding=\"async\" width=\"670\" height=\"627\" src=\"https:\/\/flawlesshair.com\/wp-content\/uploads\/2024\/08\/long-straight-hair-to-buzz-cut.jpg\" alt=\"cabelo comprido e liso para corte \u00e0 escovinha\" class=\"wp-image-57807\" srcset=\"https:\/\/flawlesshair.com\/wp-content\/uploads\/2024\/08\/long-straight-hair-to-buzz-cut.jpg 670w, https:\/\/flawlesshair.com\/wp-content\/uploads\/2024\/08\/long-straight-hair-to-buzz-cut-300x281.jpg 300w, https:\/\/flawlesshair.com\/wp-content\/uploads\/2024\/08\/long-straight-hair-to-buzz-cut-13x12.jpg 13w, https:\/\/flawlesshair.com\/wp-content\/uploads\/2024\/08\/long-straight-hair-to-buzz-cut-150x140.jpg 150w\" sizes=\"auto, (max-width: 670px) 100vw, 670px\"><\/noscript><img loading=\"lazy\" decoding=\"async\" width=\"670\" height=\"627\" src=\"https:\/\/flawlesshair.com\/wp-content\/uploads\/2024\/08\/long-straight-hair-to-buzz-cut.jpg\" alt=\"cabelo comprido e liso para corte \u00e0 escovinha\" class=\"wp-image-57807 lazyload\" srcset=\"https:\/\/flawlesshair.com\/wp-content\/uploads\/2024\/08\/long-straight-hair-to-buzz-cut.jpg 670w, https:\/\/flawlesshair.com\/wp-content\/uploads\/2024\/08\/long-straight-hair-to-buzz-cut-300x281.jpg 300w, https:\/\/flawlesshair.com\/wp-content\/uploads\/2024\/08\/long-straight-hair-to-buzz-cut-13x12.jpg 13w, https:\/\/flawlesshair.com\/wp-content\/uploads\/2024\/08\/long-straight-hair-to-buzz-cut-150x140.jpg 150w\" sizes=\"auto, (max-width: 670px) 100vw, 670px\" data-pin-media=\"https:\/\/flawlesshair.com\/wp-content\/uploads\/2024\/08\/long-straight-hair-to-buzz-cut.jpg\" id=\"mv-trellis-img-11\" data-trellis-processed=\"1\"><div style=\"position: absolute; top: 0.5rem; right: 0.75rem;\"> <a href=\"https:\/\/www.pinterest.com\/pin\/create\/button\/\" data-pin-do=\"buttonPin\" data-pin-tall=\"true\" data-pin-url=\"https:\/\/flawlesshair.com\/pt\/cabelo-comprido-para-cabelo-curto-antes-e-depois\/\" data-pin-media=\"https:\/\/flawlesshair.com\/wp-content\/uploads\/2024\/08\/long-straight-hair-to-buzz-cut.jpg\" data-pin-description=\"19 Incredible Long-Hair-To-Short-Hair Before-And-After Transformations To Inspire You\" rel=\"nofollow noopener\" target=\"_blank\"> <\/a><\/div><\/div><figcaption class=\"wp-element-caption\">@<a href=\"https:\/\/www.instagram.com\/rockthatbuzz\/\" target=\"_blank\" rel=\"noreferrer noopener nofollow\">queb<\/a><a href=\"https:\/\/www.instagram.com\/rockthatbuzz\/\" rel=\"nofollow noopener\" target=\"_blank\">uzz<\/a><\/figcaption><\/figure>\n<\/div>\n\n\n<p>O corte curto est\u00e1 na moda, o que \u00e9 outra raz\u00e3o pela qual n\u00e3o deve questionar a sua decis\u00e3o de cortar o cabelo curto. Eu quis dizer ULTRA curto. Quando corta o seu cabelo para um corte curto, o mundo \u00e9 a sua ostra, o que significa que ter\u00e1 muito tempo para desfrutar de uma variedade de cortes, desde o pixie ao bob curto, se decidir deixar crescer a sua juba. <\/p>\n\n\n\n<h2 class=\"wp-block-heading\">12. Cabelo comprido liso com l\u00f3bulo angular<\/h2>\n\n\n<div class=\"wp-block-image\">\n<figure class=\"aligncenter size-full\"><div style=\"position: relative;\"><noscript><img loading=\"lazy\" decoding=\"async\" width=\"1080\" height=\"1080\" src=\"https:\/\/flawlesshair.com\/wp-content\/uploads\/2024\/08\/long-straight-hair-to-angled-lob.jpg\" alt=\"cabelo comprido liso para lob angular\" class=\"wp-image-57805\" srcset=\"https:\/\/flawlesshair.com\/wp-content\/uploads\/2024\/08\/long-straight-hair-to-angled-lob.jpg 1080w, https:\/\/flawlesshair.com\/wp-content\/uploads\/2024\/08\/long-straight-hair-to-angled-lob-300x300.jpg 300w, https:\/\/flawlesshair.com\/wp-content\/uploads\/2024\/08\/long-straight-hair-to-angled-lob-150x150.jpg 150w, https:\/\/flawlesshair.com\/wp-content\/uploads\/2024\/08\/long-straight-hair-to-angled-lob-768x768.jpg 768w, https:\/\/flawlesshair.com\/wp-content\/uploads\/2024\/08\/long-straight-hair-to-angled-lob-12x12.jpg 12w, https:\/\/flawlesshair.com\/wp-content\/uploads\/2024\/08\/long-straight-hair-to-angled-lob-728x728.jpg 728w, https:\/\/flawlesshair.com\/wp-content\/uploads\/2024\/08\/long-straight-hair-to-angled-lob-960x960.jpg 960w, https:\/\/flawlesshair.com\/wp-content\/uploads\/2024\/08\/long-straight-hair-to-angled-lob-96x96.jpg 96w\" sizes=\"auto, (max-width: 760px) calc(100vw - 24px), 720px\"><\/noscript><img loading=\"lazy\" decoding=\"async\" width=\"1080\" height=\"1080\" src=\"https:\/\/flawlesshair.com\/wp-content\/uploads\/2024\/08\/long-straight-hair-to-angled-lob.jpg\" alt=\"cabelo comprido liso para lob angular\" class=\"wp-image-57805 lazyload\" srcset=\"https:\/\/flawlesshair.com\/wp-content\/uploads\/2024\/08\/long-straight-hair-to-angled-lob.jpg 1080w, https:\/\/flawlesshair.com\/wp-content\/uploads\/2024\/08\/long-straight-hair-to-angled-lob-300x300.jpg 300w, https:\/\/flawlesshair.com\/wp-content\/uploads\/2024\/08\/long-straight-hair-to-angled-lob-150x150.jpg 150w, https:\/\/flawlesshair.com\/wp-content\/uploads\/2024\/08\/long-straight-hair-to-angled-lob-768x768.jpg 768w, https:\/\/flawlesshair.com\/wp-content\/uploads\/2024\/08\/long-straight-hair-to-angled-lob-12x12.jpg 12w, https:\/\/flawlesshair.com\/wp-content\/uploads\/2024\/08\/long-straight-hair-to-angled-lob-728x728.jpg 728w, https:\/\/flawlesshair.com\/wp-content\/uploads\/2024\/08\/long-straight-hair-to-angled-lob-960x960.jpg 960w, https:\/\/flawlesshair.com\/wp-content\/uploads\/2024\/08\/long-straight-hair-to-angled-lob-96x96.jpg 96w\" sizes=\"auto, (max-width: 760px) calc(100vw - 24px), 720px\" data-pin-media=\"https:\/\/flawlesshair.com\/wp-content\/uploads\/2024\/08\/long-straight-hair-to-angled-lob.jpg\" id=\"mv-trellis-img-12\" data-trellis-processed=\"1\"><div style=\"position: absolute; top: 0.5rem; right: 0.75rem;\"> <a href=\"https:\/\/www.pinterest.com\/pin\/create\/button\/\" data-pin-do=\"buttonPin\" data-pin-tall=\"true\" data-pin-url=\"https:\/\/flawlesshair.com\/pt\/cabelo-comprido-para-cabelo-curto-antes-e-depois\/\" data-pin-media=\"https:\/\/flawlesshair.com\/wp-content\/uploads\/2024\/08\/long-straight-hair-to-angled-lob.jpg\" data-pin-description=\"19 Incredible Long-Hair-To-Short-Hair Before-And-After Transformations To Inspire You\" rel=\"nofollow noopener\" target=\"_blank\"> <\/a><\/div><\/div><figcaption class=\"wp-element-caption\">@<a href=\"https:\/\/www.instagram.com\/cuts4cause\/\" target=\"_blank\" rel=\"noreferrer noopener nofollow\">cortes4causa<\/a><\/figcaption><\/figure>\n<\/div>\n\n\n<p>Um lob angular define o cabelo liso e d\u00e1-lhe aquele aspeto chique. Este bonito corte acentua as suas melhores carater\u00edsticas e reduz o tempo necess\u00e1rio para pentear o seu cabelo. Cabelo curto para ganhar!<\/p>\n\n\n\n<h2 class=\"wp-block-heading\">13. Bob Pixie Dimensional<\/h2>\n\n\n\n<div class=\"wp-block-columns is-layout-flex wp-container-core-columns-is-layout-9d6595d7 wp-block-columns-is-layout-flex\">\n<div class=\"wp-block-column is-layout-flow wp-block-column-is-layout-flow\"><div class=\"wp-block-image\">\n<figure class=\"aligncenter size-full\"><div style=\"position: relative;\"><noscript><img loading=\"lazy\" decoding=\"async\" width=\"1080\" height=\"1080\" src=\"https:\/\/flawlesshair.com\/wp-content\/uploads\/2024\/08\/lob-to-dimensional-pixie-bob.jpg\" alt=\"lob para pixie bob dimensional\" class=\"wp-image-57800\" srcset=\"https:\/\/flawlesshair.com\/wp-content\/uploads\/2024\/08\/lob-to-dimensional-pixie-bob.jpg 1080w, https:\/\/flawlesshair.com\/wp-content\/uploads\/2024\/08\/lob-to-dimensional-pixie-bob-300x300.jpg 300w, https:\/\/flawlesshair.com\/wp-content\/uploads\/2024\/08\/lob-to-dimensional-pixie-bob-150x150.jpg 150w, https:\/\/flawlesshair.com\/wp-content\/uploads\/2024\/08\/lob-to-dimensional-pixie-bob-768x768.jpg 768w, https:\/\/flawlesshair.com\/wp-content\/uploads\/2024\/08\/lob-to-dimensional-pixie-bob-12x12.jpg 12w, https:\/\/flawlesshair.com\/wp-content\/uploads\/2024\/08\/lob-to-dimensional-pixie-bob-728x728.jpg 728w, https:\/\/flawlesshair.com\/wp-content\/uploads\/2024\/08\/lob-to-dimensional-pixie-bob-960x960.jpg 960w, https:\/\/flawlesshair.com\/wp-content\/uploads\/2024\/08\/lob-to-dimensional-pixie-bob-96x96.jpg 96w\" sizes=\"auto, (max-width: 760px) calc(100vw - 24px), 720px\"><\/noscript><img loading=\"lazy\" decoding=\"async\" width=\"1080\" height=\"1080\" src=\"https:\/\/flawlesshair.com\/wp-content\/uploads\/2024\/08\/lob-to-dimensional-pixie-bob.jpg\" alt=\"lob para pixie bob dimensional\" class=\"wp-image-57800 lazyload\" srcset=\"https:\/\/flawlesshair.com\/wp-content\/uploads\/2024\/08\/lob-to-dimensional-pixie-bob.jpg 1080w, https:\/\/flawlesshair.com\/wp-content\/uploads\/2024\/08\/lob-to-dimensional-pixie-bob-300x300.jpg 300w, https:\/\/flawlesshair.com\/wp-content\/uploads\/2024\/08\/lob-to-dimensional-pixie-bob-150x150.jpg 150w, https:\/\/flawlesshair.com\/wp-content\/uploads\/2024\/08\/lob-to-dimensional-pixie-bob-768x768.jpg 768w, https:\/\/flawlesshair.com\/wp-content\/uploads\/2024\/08\/lob-to-dimensional-pixie-bob-12x12.jpg 12w, https:\/\/flawlesshair.com\/wp-content\/uploads\/2024\/08\/lob-to-dimensional-pixie-bob-728x728.jpg 728w, https:\/\/flawlesshair.com\/wp-content\/uploads\/2024\/08\/lob-to-dimensional-pixie-bob-960x960.jpg 960w, https:\/\/flawlesshair.com\/wp-content\/uploads\/2024\/08\/lob-to-dimensional-pixie-bob-96x96.jpg 96w\" sizes=\"auto, (max-width: 760px) calc(100vw - 24px), 720px\" data-pin-media=\"https:\/\/flawlesshair.com\/wp-content\/uploads\/2024\/08\/lob-to-dimensional-pixie-bob.jpg\" id=\"mv-trellis-img-13\" data-trellis-processed=\"1\"><div style=\"position: absolute; top: 0.5rem; right: 0.75rem;\"> <a href=\"https:\/\/www.pinterest.com\/pin\/create\/button\/\" data-pin-do=\"buttonPin\" data-pin-tall=\"true\" data-pin-url=\"https:\/\/flawlesshair.com\/pt\/cabelo-comprido-para-cabelo-curto-antes-e-depois\/\" data-pin-media=\"https:\/\/flawlesshair.com\/wp-content\/uploads\/2024\/08\/lob-to-dimensional-pixie-bob.jpg\" data-pin-description=\"19 Incredible Long-Hair-To-Short-Hair Before-And-After Transformations To Inspire You\" rel=\"nofollow noopener\" target=\"_blank\"> <\/a><\/div><\/div><figcaption class=\"wp-element-caption\">@<a href=\"https:\/\/www.instagram.com\/studio_marteena\/\" rel=\"nofollow noopener\" target=\"_blank\">studio_marteena<\/a><\/figcaption><\/figure>\n<\/div><\/div>\n\n\n\n<div class=\"wp-block-column is-layout-flow wp-block-column-is-layout-flow\"><div class=\"wp-block-image\">\n<figure class=\"aligncenter size-full\"><div style=\"position: relative;\"><noscript><img loading=\"lazy\" decoding=\"async\" width=\"1080\" height=\"1080\" src=\"https:\/\/flawlesshair.com\/wp-content\/uploads\/2024\/08\/lob-to-dimensional-pixie-bob-1.jpg\" alt=\"lob para pixie bob dimensional\" class=\"wp-image-57799\" srcset=\"https:\/\/flawlesshair.com\/wp-content\/uploads\/2024\/08\/lob-to-dimensional-pixie-bob-1.jpg 1080w, https:\/\/flawlesshair.com\/wp-content\/uploads\/2024\/08\/lob-to-dimensional-pixie-bob-1-300x300.jpg 300w, https:\/\/flawlesshair.com\/wp-content\/uploads\/2024\/08\/lob-to-dimensional-pixie-bob-1-150x150.jpg 150w, https:\/\/flawlesshair.com\/wp-content\/uploads\/2024\/08\/lob-to-dimensional-pixie-bob-1-768x768.jpg 768w, https:\/\/flawlesshair.com\/wp-content\/uploads\/2024\/08\/lob-to-dimensional-pixie-bob-1-12x12.jpg 12w, https:\/\/flawlesshair.com\/wp-content\/uploads\/2024\/08\/lob-to-dimensional-pixie-bob-1-728x728.jpg 728w, https:\/\/flawlesshair.com\/wp-content\/uploads\/2024\/08\/lob-to-dimensional-pixie-bob-1-960x960.jpg 960w, https:\/\/flawlesshair.com\/wp-content\/uploads\/2024\/08\/lob-to-dimensional-pixie-bob-1-96x96.jpg 96w\" sizes=\"auto, (max-width: 760px) calc(100vw - 24px), 720px\"><\/noscript><img loading=\"lazy\" decoding=\"async\" width=\"1080\" height=\"1080\" src=\"https:\/\/flawlesshair.com\/wp-content\/uploads\/2024\/08\/lob-to-dimensional-pixie-bob-1.jpg\" alt=\"lob para pixie bob dimensional\" class=\"wp-image-57799 lazyload\" srcset=\"https:\/\/flawlesshair.com\/wp-content\/uploads\/2024\/08\/lob-to-dimensional-pixie-bob-1.jpg 1080w, https:\/\/flawlesshair.com\/wp-content\/uploads\/2024\/08\/lob-to-dimensional-pixie-bob-1-300x300.jpg 300w, https:\/\/flawlesshair.com\/wp-content\/uploads\/2024\/08\/lob-to-dimensional-pixie-bob-1-150x150.jpg 150w, https:\/\/flawlesshair.com\/wp-content\/uploads\/2024\/08\/lob-to-dimensional-pixie-bob-1-768x768.jpg 768w, https:\/\/flawlesshair.com\/wp-content\/uploads\/2024\/08\/lob-to-dimensional-pixie-bob-1-12x12.jpg 12w, https:\/\/flawlesshair.com\/wp-content\/uploads\/2024\/08\/lob-to-dimensional-pixie-bob-1-728x728.jpg 728w, https:\/\/flawlesshair.com\/wp-content\/uploads\/2024\/08\/lob-to-dimensional-pixie-bob-1-960x960.jpg 960w, https:\/\/flawlesshair.com\/wp-content\/uploads\/2024\/08\/lob-to-dimensional-pixie-bob-1-96x96.jpg 96w\" sizes=\"auto, (max-width: 760px) calc(100vw - 24px), 720px\" data-pin-media=\"https:\/\/flawlesshair.com\/wp-content\/uploads\/2024\/08\/lob-to-dimensional-pixie-bob-1.jpg\" id=\"mv-trellis-img-14\" data-trellis-processed=\"1\"><div style=\"position: absolute; top: 0.5rem; right: 0.75rem;\"> <a href=\"https:\/\/www.pinterest.com\/pin\/create\/button\/\" data-pin-do=\"buttonPin\" data-pin-tall=\"true\" data-pin-url=\"https:\/\/flawlesshair.com\/pt\/cabelo-comprido-para-cabelo-curto-antes-e-depois\/\" data-pin-media=\"https:\/\/flawlesshair.com\/wp-content\/uploads\/2024\/08\/lob-to-dimensional-pixie-bob-1.jpg\" data-pin-description=\"19 Incredible Long-Hair-To-Short-Hair Before-And-After Transformations To Inspire You\" rel=\"nofollow noopener\" target=\"_blank\"> <\/a><\/div><\/div><figcaption class=\"wp-element-caption\">@<a href=\"https:\/\/www.instagram.com\/studio_marteena\/\" target=\"_blank\" rel=\"noreferrer noopener nofollow\">studio_marteena<\/a><\/figcaption><\/figure>\n<\/div><\/div>\n<\/div>\n\n\n\n<p>Os pixie bobs dimensionais abundam em textura, dimens\u00e3o e boas vibra\u00e7\u00f5es. Acrescente madeixas mais claras e mais escuras \u00e0 sua cor de base para obter um estilo multidimensional que chama a aten\u00e7\u00e3o. <\/p>\n\n\n\n<h2 class=\"wp-block-heading\">14. Cabelo comprido com camadas para um l\u00f3bulo desgrenhado<\/h2>\n\n\n<div class=\"wp-block-image\">\n<figure class=\"aligncenter size-full\"><div style=\"position: relative;\"><noscript><img loading=\"lazy\" decoding=\"async\" width=\"1080\" height=\"1080\" src=\"https:\/\/flawlesshair.com\/wp-content\/uploads\/2024\/08\/long-layered-hair-to-shaggy-lob.jpg\" alt=\"cabelo comprido em camadas at\u00e9 ao l\u00f3bulo desgrenhado\" class=\"wp-image-57804\" srcset=\"https:\/\/flawlesshair.com\/wp-content\/uploads\/2024\/08\/long-layered-hair-to-shaggy-lob.jpg 1080w, https:\/\/flawlesshair.com\/wp-content\/uploads\/2024\/08\/long-layered-hair-to-shaggy-lob-300x300.jpg 300w, https:\/\/flawlesshair.com\/wp-content\/uploads\/2024\/08\/long-layered-hair-to-shaggy-lob-150x150.jpg 150w, https:\/\/flawlesshair.com\/wp-content\/uploads\/2024\/08\/long-layered-hair-to-shaggy-lob-768x768.jpg 768w, https:\/\/flawlesshair.com\/wp-content\/uploads\/2024\/08\/long-layered-hair-to-shaggy-lob-12x12.jpg 12w, https:\/\/flawlesshair.com\/wp-content\/uploads\/2024\/08\/long-layered-hair-to-shaggy-lob-728x728.jpg 728w, https:\/\/flawlesshair.com\/wp-content\/uploads\/2024\/08\/long-layered-hair-to-shaggy-lob-960x960.jpg 960w, https:\/\/flawlesshair.com\/wp-content\/uploads\/2024\/08\/long-layered-hair-to-shaggy-lob-96x96.jpg 96w\" sizes=\"auto, (max-width: 760px) calc(100vw - 24px), 720px\"><\/noscript><img loading=\"lazy\" decoding=\"async\" width=\"1080\" height=\"1080\" src=\"https:\/\/flawlesshair.com\/wp-content\/uploads\/2024\/08\/long-layered-hair-to-shaggy-lob.jpg\" alt=\"cabelo comprido em camadas at\u00e9 ao l\u00f3bulo desgrenhado\" class=\"wp-image-57804 lazyload\" srcset=\"https:\/\/flawlesshair.com\/wp-content\/uploads\/2024\/08\/long-layered-hair-to-shaggy-lob.jpg 1080w, https:\/\/flawlesshair.com\/wp-content\/uploads\/2024\/08\/long-layered-hair-to-shaggy-lob-300x300.jpg 300w, https:\/\/flawlesshair.com\/wp-content\/uploads\/2024\/08\/long-layered-hair-to-shaggy-lob-150x150.jpg 150w, https:\/\/flawlesshair.com\/wp-content\/uploads\/2024\/08\/long-layered-hair-to-shaggy-lob-768x768.jpg 768w, https:\/\/flawlesshair.com\/wp-content\/uploads\/2024\/08\/long-layered-hair-to-shaggy-lob-12x12.jpg 12w, https:\/\/flawlesshair.com\/wp-content\/uploads\/2024\/08\/long-layered-hair-to-shaggy-lob-728x728.jpg 728w, https:\/\/flawlesshair.com\/wp-content\/uploads\/2024\/08\/long-layered-hair-to-shaggy-lob-960x960.jpg 960w, https:\/\/flawlesshair.com\/wp-content\/uploads\/2024\/08\/long-layered-hair-to-shaggy-lob-96x96.jpg 96w\" sizes=\"auto, (max-width: 760px) calc(100vw - 24px), 720px\" data-pin-media=\"https:\/\/flawlesshair.com\/wp-content\/uploads\/2024\/08\/long-layered-hair-to-shaggy-lob.jpg\" id=\"mv-trellis-img-15\" data-trellis-processed=\"1\"><div style=\"position: absolute; top: 0.5rem; right: 0.75rem;\"> <a href=\"https:\/\/www.pinterest.com\/pin\/create\/button\/\" data-pin-do=\"buttonPin\" data-pin-tall=\"true\" data-pin-url=\"https:\/\/flawlesshair.com\/pt\/cabelo-comprido-para-cabelo-curto-antes-e-depois\/\" data-pin-media=\"https:\/\/flawlesshair.com\/wp-content\/uploads\/2024\/08\/long-layered-hair-to-shaggy-lob.jpg\" data-pin-description=\"19 Incredible Long-Hair-To-Short-Hair Before-And-After Transformations To Inspire You\" rel=\"nofollow noopener\" target=\"_blank\"> <\/a><\/div><\/div><figcaption class=\"wp-element-caption\">@<a href=\"https:\/\/www.instagram.com\/suedub\/\" target=\"_blank\" rel=\"noreferrer noopener nofollow\">suedub<\/a><\/figcaption><\/figure>\n<\/div>\n\n\n<p>Est\u00e1 \u00e0 procura de um estilo sem esfor\u00e7o que diga \"acordei assim\"? Se sim, um shaggy lob, ou seja, um long bob com camadas desgrenhadas, \u00e9 especificamente o que procura. O que \u00e9 que acha deste estilo?<\/p>\n\n\n\n<h2 class=\"wp-block-heading\">15. Cabelo comprido para um cabelo desgrenhado<\/h2>\n\n\n<div class=\"wp-block-image\">\n<figure class=\"aligncenter size-full\"><div style=\"position: relative;\"><noscript><img loading=\"lazy\" decoding=\"async\" width=\"1080\" height=\"1080\" src=\"https:\/\/flawlesshair.com\/wp-content\/uploads\/2024\/08\/long-hair-to-shaggy-bob.jpg\" alt=\"cabelo comprido a bob desgrenhado\" class=\"wp-image-57803\" srcset=\"https:\/\/flawlesshair.com\/wp-content\/uploads\/2024\/08\/long-hair-to-shaggy-bob.jpg 1080w, https:\/\/flawlesshair.com\/wp-content\/uploads\/2024\/08\/long-hair-to-shaggy-bob-300x300.jpg 300w, https:\/\/flawlesshair.com\/wp-content\/uploads\/2024\/08\/long-hair-to-shaggy-bob-150x150.jpg 150w, https:\/\/flawlesshair.com\/wp-content\/uploads\/2024\/08\/long-hair-to-shaggy-bob-768x768.jpg 768w, https:\/\/flawlesshair.com\/wp-content\/uploads\/2024\/08\/long-hair-to-shaggy-bob-12x12.jpg 12w, https:\/\/flawlesshair.com\/wp-content\/uploads\/2024\/08\/long-hair-to-shaggy-bob-728x728.jpg 728w, https:\/\/flawlesshair.com\/wp-content\/uploads\/2024\/08\/long-hair-to-shaggy-bob-960x960.jpg 960w, https:\/\/flawlesshair.com\/wp-content\/uploads\/2024\/08\/long-hair-to-shaggy-bob-96x96.jpg 96w\" sizes=\"auto, (max-width: 760px) calc(100vw - 24px), 720px\"><\/noscript><img loading=\"lazy\" decoding=\"async\" width=\"1080\" height=\"1080\" src=\"https:\/\/flawlesshair.com\/wp-content\/uploads\/2024\/08\/long-hair-to-shaggy-bob.jpg\" alt=\"cabelo comprido a bob desgrenhado\" class=\"wp-image-57803 lazyload\" srcset=\"https:\/\/flawlesshair.com\/wp-content\/uploads\/2024\/08\/long-hair-to-shaggy-bob.jpg 1080w, https:\/\/flawlesshair.com\/wp-content\/uploads\/2024\/08\/long-hair-to-shaggy-bob-300x300.jpg 300w, https:\/\/flawlesshair.com\/wp-content\/uploads\/2024\/08\/long-hair-to-shaggy-bob-150x150.jpg 150w, https:\/\/flawlesshair.com\/wp-content\/uploads\/2024\/08\/long-hair-to-shaggy-bob-768x768.jpg 768w, https:\/\/flawlesshair.com\/wp-content\/uploads\/2024\/08\/long-hair-to-shaggy-bob-12x12.jpg 12w, https:\/\/flawlesshair.com\/wp-content\/uploads\/2024\/08\/long-hair-to-shaggy-bob-728x728.jpg 728w, https:\/\/flawlesshair.com\/wp-content\/uploads\/2024\/08\/long-hair-to-shaggy-bob-960x960.jpg 960w, https:\/\/flawlesshair.com\/wp-content\/uploads\/2024\/08\/long-hair-to-shaggy-bob-96x96.jpg 96w\" sizes=\"auto, (max-width: 760px) calc(100vw - 24px), 720px\" data-pin-media=\"https:\/\/flawlesshair.com\/wp-content\/uploads\/2024\/08\/long-hair-to-shaggy-bob.jpg\" id=\"mv-trellis-img-16\" data-trellis-processed=\"1\"><div style=\"position: absolute; top: 0.5rem; right: 0.75rem;\"> <a href=\"https:\/\/www.pinterest.com\/pin\/create\/button\/\" data-pin-do=\"buttonPin\" data-pin-tall=\"true\" data-pin-url=\"https:\/\/flawlesshair.com\/pt\/cabelo-comprido-para-cabelo-curto-antes-e-depois\/\" data-pin-media=\"https:\/\/flawlesshair.com\/wp-content\/uploads\/2024\/08\/long-hair-to-shaggy-bob.jpg\" data-pin-description=\"19 Incredible Long-Hair-To-Short-Hair Before-And-After Transformations To Inspire You\" rel=\"nofollow noopener\" target=\"_blank\"> <\/a><\/div><\/div><figcaption class=\"wp-element-caption\">@<a href=\"https:\/\/www.instagram.com\/trinderhair\/\" target=\"_blank\" rel=\"noreferrer noopener nofollow\">trinderhair<\/a><\/figcaption><\/figure>\n<\/div>\n\n\n<p>Adoramos os bobs desgrenhados porque d\u00e3o ao seu cabelo uma textura bonita e criam a ilus\u00e3o de uma juba mais espessa e cheia. Adicione madeixas para levar este estilo para o pr\u00f3ximo n\u00edvel e criar uma obra-prima de cabelo dimensional.<\/p>\n\n\n\n<h2 class=\"wp-block-heading\">16. Cabelo comprido em bob invertido<\/h2>\n\n\n<div class=\"wp-block-image\">\n<figure class=\"aligncenter size-full\"><div style=\"position: relative;\"><noscript><img loading=\"lazy\" decoding=\"async\" width=\"1080\" height=\"1080\" src=\"https:\/\/flawlesshair.com\/wp-content\/uploads\/2024\/08\/long-hair-to-inverted-bob.jpg\" alt=\"cabelo comprido em bob invertido\" class=\"wp-image-57801\" srcset=\"https:\/\/flawlesshair.com\/wp-content\/uploads\/2024\/08\/long-hair-to-inverted-bob.jpg 1080w, https:\/\/flawlesshair.com\/wp-content\/uploads\/2024\/08\/long-hair-to-inverted-bob-300x300.jpg 300w, https:\/\/flawlesshair.com\/wp-content\/uploads\/2024\/08\/long-hair-to-inverted-bob-150x150.jpg 150w, https:\/\/flawlesshair.com\/wp-content\/uploads\/2024\/08\/long-hair-to-inverted-bob-768x768.jpg 768w, https:\/\/flawlesshair.com\/wp-content\/uploads\/2024\/08\/long-hair-to-inverted-bob-12x12.jpg 12w, https:\/\/flawlesshair.com\/wp-content\/uploads\/2024\/08\/long-hair-to-inverted-bob-728x728.jpg 728w, https:\/\/flawlesshair.com\/wp-content\/uploads\/2024\/08\/long-hair-to-inverted-bob-960x960.jpg 960w, https:\/\/flawlesshair.com\/wp-content\/uploads\/2024\/08\/long-hair-to-inverted-bob-96x96.jpg 96w\" sizes=\"auto, (max-width: 760px) calc(100vw - 24px), 720px\"><\/noscript><img loading=\"lazy\" decoding=\"async\" width=\"1080\" height=\"1080\" src=\"https:\/\/flawlesshair.com\/wp-content\/uploads\/2024\/08\/long-hair-to-inverted-bob.jpg\" alt=\"cabelo comprido em bob invertido\" class=\"wp-image-57801 lazyload\" srcset=\"https:\/\/flawlesshair.com\/wp-content\/uploads\/2024\/08\/long-hair-to-inverted-bob.jpg 1080w, https:\/\/flawlesshair.com\/wp-content\/uploads\/2024\/08\/long-hair-to-inverted-bob-300x300.jpg 300w, https:\/\/flawlesshair.com\/wp-content\/uploads\/2024\/08\/long-hair-to-inverted-bob-150x150.jpg 150w, https:\/\/flawlesshair.com\/wp-content\/uploads\/2024\/08\/long-hair-to-inverted-bob-768x768.jpg 768w, https:\/\/flawlesshair.com\/wp-content\/uploads\/2024\/08\/long-hair-to-inverted-bob-12x12.jpg 12w, https:\/\/flawlesshair.com\/wp-content\/uploads\/2024\/08\/long-hair-to-inverted-bob-728x728.jpg 728w, https:\/\/flawlesshair.com\/wp-content\/uploads\/2024\/08\/long-hair-to-inverted-bob-960x960.jpg 960w, https:\/\/flawlesshair.com\/wp-content\/uploads\/2024\/08\/long-hair-to-inverted-bob-96x96.jpg 96w\" sizes=\"auto, (max-width: 760px) calc(100vw - 24px), 720px\" data-pin-media=\"https:\/\/flawlesshair.com\/wp-content\/uploads\/2024\/08\/long-hair-to-inverted-bob.jpg\" id=\"mv-trellis-img-17\" data-trellis-processed=\"1\"><div style=\"position: absolute; top: 0.5rem; right: 0.75rem;\"> <a href=\"https:\/\/www.pinterest.com\/pin\/create\/button\/\" data-pin-do=\"buttonPin\" data-pin-tall=\"true\" data-pin-url=\"https:\/\/flawlesshair.com\/pt\/cabelo-comprido-para-cabelo-curto-antes-e-depois\/\" data-pin-media=\"https:\/\/flawlesshair.com\/wp-content\/uploads\/2024\/08\/long-hair-to-inverted-bob.jpg\" data-pin-description=\"19 Incredible Long-Hair-To-Short-Hair Before-And-After Transformations To Inspire You\" rel=\"nofollow noopener\" target=\"_blank\"> <\/a><\/div><\/div><figcaption class=\"wp-element-caption\">@<a href=\"https:\/\/www.instagram.com\/suedub\/\" target=\"_blank\" rel=\"noreferrer noopener nofollow\">suedub<\/a><\/figcaption><\/figure>\n<\/div>\n\n\n<p>Um popular <a href=\"https:\/\/flawlesshair.com\/pt\/cortes-de-cabelo-com-corte-angular\/\">bob invertido<\/a> tem camadas mais compridas \u00e0 frente e camadas mais curtas e empilhadas atr\u00e1s. \u00c9 uma excelente solu\u00e7\u00e3o para cabelos finos e delicados que carecem de volume e textura.<\/p>\n\n\n\n<h2 class=\"wp-block-heading\">17. Cabelo Ultra Longo para Cabelo M\u00e9dio<\/h2>\n\n\n<div class=\"wp-block-image\">\n<figure class=\"aligncenter size-full\"><div style=\"position: relative;\"><noscript><img loading=\"lazy\" decoding=\"async\" width=\"947\" height=\"947\" src=\"https:\/\/flawlesshair.com\/wp-content\/uploads\/2024\/08\/ultra-long-hair-to-medium-hair.jpg\" alt=\"cabelos ultra-longos a cabelos m\u00e9dios\" class=\"wp-image-57815\" srcset=\"https:\/\/flawlesshair.com\/wp-content\/uploads\/2024\/08\/ultra-long-hair-to-medium-hair.jpg 947w, https:\/\/flawlesshair.com\/wp-content\/uploads\/2024\/08\/ultra-long-hair-to-medium-hair-300x300.jpg 300w, https:\/\/flawlesshair.com\/wp-content\/uploads\/2024\/08\/ultra-long-hair-to-medium-hair-150x150.jpg 150w, https:\/\/flawlesshair.com\/wp-content\/uploads\/2024\/08\/ultra-long-hair-to-medium-hair-768x768.jpg 768w, https:\/\/flawlesshair.com\/wp-content\/uploads\/2024\/08\/ultra-long-hair-to-medium-hair-12x12.jpg 12w, https:\/\/flawlesshair.com\/wp-content\/uploads\/2024\/08\/ultra-long-hair-to-medium-hair-728x728.jpg 728w, https:\/\/flawlesshair.com\/wp-content\/uploads\/2024\/08\/ultra-long-hair-to-medium-hair-96x96.jpg 96w\" sizes=\"auto, (max-width: 760px) calc(100vw - 24px), 720px\"><\/noscript><img loading=\"lazy\" decoding=\"async\" width=\"947\" height=\"947\" src=\"https:\/\/flawlesshair.com\/wp-content\/uploads\/2024\/08\/ultra-long-hair-to-medium-hair.jpg\" alt=\"cabelos ultra-longos a cabelos m\u00e9dios\" class=\"wp-image-57815 lazyload\" srcset=\"https:\/\/flawlesshair.com\/wp-content\/uploads\/2024\/08\/ultra-long-hair-to-medium-hair.jpg 947w, https:\/\/flawlesshair.com\/wp-content\/uploads\/2024\/08\/ultra-long-hair-to-medium-hair-300x300.jpg 300w, https:\/\/flawlesshair.com\/wp-content\/uploads\/2024\/08\/ultra-long-hair-to-medium-hair-150x150.jpg 150w, https:\/\/flawlesshair.com\/wp-content\/uploads\/2024\/08\/ultra-long-hair-to-medium-hair-768x768.jpg 768w, https:\/\/flawlesshair.com\/wp-content\/uploads\/2024\/08\/ultra-long-hair-to-medium-hair-12x12.jpg 12w, https:\/\/flawlesshair.com\/wp-content\/uploads\/2024\/08\/ultra-long-hair-to-medium-hair-728x728.jpg 728w, https:\/\/flawlesshair.com\/wp-content\/uploads\/2024\/08\/ultra-long-hair-to-medium-hair-96x96.jpg 96w\" sizes=\"auto, (max-width: 760px) calc(100vw - 24px), 720px\" data-pin-media=\"https:\/\/flawlesshair.com\/wp-content\/uploads\/2024\/08\/ultra-long-hair-to-medium-hair.jpg\" id=\"mv-trellis-img-18\" data-trellis-processed=\"1\"><div style=\"position: absolute; top: 0.5rem; right: 0.75rem;\"> <a href=\"https:\/\/www.pinterest.com\/pin\/create\/button\/\" data-pin-do=\"buttonPin\" data-pin-tall=\"true\" data-pin-url=\"https:\/\/flawlesshair.com\/pt\/cabelo-comprido-para-cabelo-curto-antes-e-depois\/\" data-pin-media=\"https:\/\/flawlesshair.com\/wp-content\/uploads\/2024\/08\/ultra-long-hair-to-medium-hair.jpg\" data-pin-description=\"19 Incredible Long-Hair-To-Short-Hair Before-And-After Transformations To Inspire You\" rel=\"nofollow noopener\" target=\"_blank\"> <\/a><\/div><\/div><figcaption class=\"wp-element-caption\">@<a href=\"https:\/\/www.instagram.com\/cuts4cause\/\" target=\"_blank\" rel=\"noreferrer noopener nofollow\">cortes4causa<\/a><\/figcaption><\/figure>\n<\/div>\n\n\n<p>Cortar o seu cabelo ultra-longo pode ser stressante se estiver com d\u00favidas. Se for esse o seu caso, sugiro que comece com um comprimento m\u00e9dio e veja at\u00e9 onde vai. N\u00e3o se preocupe, os cortes bob esperam por si. <\/p>\n\n\n\n<h2 class=\"wp-block-heading\">17. Transforma\u00e7\u00e3o de cabelo comprido em bob<\/h2>\n\n\n<div class=\"wp-block-image\">\n<figure class=\"aligncenter size-full\"><div style=\"position: relative;\"><noscript><img loading=\"lazy\" decoding=\"async\" width=\"828\" height=\"824\" src=\"https:\/\/flawlesshair.com\/wp-content\/uploads\/2024\/10\/long-hair-to-bob-transformation.jpg\" alt=\"transforma\u00e7\u00e3o de cabelo comprido em bob\" class=\"wp-image-98435\" srcset=\"https:\/\/flawlesshair.com\/wp-content\/uploads\/2024\/10\/long-hair-to-bob-transformation.jpg 828w, https:\/\/flawlesshair.com\/wp-content\/uploads\/2024\/10\/long-hair-to-bob-transformation-300x300.jpg 300w, https:\/\/flawlesshair.com\/wp-content\/uploads\/2024\/10\/long-hair-to-bob-transformation-150x150.jpg 150w, https:\/\/flawlesshair.com\/wp-content\/uploads\/2024\/10\/long-hair-to-bob-transformation-768x764.jpg 768w, https:\/\/flawlesshair.com\/wp-content\/uploads\/2024\/10\/long-hair-to-bob-transformation-12x12.jpg 12w\" sizes=\"auto, (max-width: 760px) calc(100vw - 24px), 720px\"><\/noscript><img loading=\"lazy\" decoding=\"async\" width=\"828\" height=\"824\" src=\"https:\/\/flawlesshair.com\/wp-content\/uploads\/2024\/10\/long-hair-to-bob-transformation.jpg\" alt=\"transforma\u00e7\u00e3o de cabelo comprido em bob\" class=\"wp-image-98435 lazyload\" srcset=\"https:\/\/flawlesshair.com\/wp-content\/uploads\/2024\/10\/long-hair-to-bob-transformation.jpg 828w, https:\/\/flawlesshair.com\/wp-content\/uploads\/2024\/10\/long-hair-to-bob-transformation-300x300.jpg 300w, https:\/\/flawlesshair.com\/wp-content\/uploads\/2024\/10\/long-hair-to-bob-transformation-150x150.jpg 150w, https:\/\/flawlesshair.com\/wp-content\/uploads\/2024\/10\/long-hair-to-bob-transformation-768x764.jpg 768w, https:\/\/flawlesshair.com\/wp-content\/uploads\/2024\/10\/long-hair-to-bob-transformation-12x12.jpg 12w\" sizes=\"auto, (max-width: 760px) calc(100vw - 24px), 720px\" data-pin-media=\"https:\/\/flawlesshair.com\/wp-content\/uploads\/2024\/10\/long-hair-to-bob-transformation.jpg\" id=\"mv-trellis-img-19\" data-trellis-processed=\"1\"><div style=\"position: absolute; top: 0.5rem; right: 0.75rem;\"> <a href=\"https:\/\/www.pinterest.com\/pin\/create\/button\/\" data-pin-do=\"buttonPin\" data-pin-tall=\"true\" data-pin-url=\"https:\/\/flawlesshair.com\/pt\/cabelo-comprido-para-cabelo-curto-antes-e-depois\/\" data-pin-media=\"https:\/\/flawlesshair.com\/wp-content\/uploads\/2024\/10\/long-hair-to-bob-transformation.jpg\" data-pin-description=\"19 Incredible Long-Hair-To-Short-Hair Before-And-After Transformations To Inspire You\" rel=\"nofollow noopener\" target=\"_blank\"> <\/a><\/div><\/div><figcaption class=\"wp-element-caption\"><a href=\"https:\/\/www.instagram.com\/mila_kryshchykhina\" target=\"_blank\" rel=\"noreferrer noopener nofollow\">@mila_kryshchykhina<\/a><\/figcaption><\/figure>\n<\/div>\n\n\n<p>Fazer um bob sempre foi uma forma de as mulheres conseguirem um novo visual quando precisam de mudar, e basta olhar para esta transforma\u00e7\u00e3o para perceber porqu\u00ea: \u00e9 fresca, lisonjeira e fabulosa.<\/p>\n\n\n\n<h2 class=\"wp-block-heading\">17. Cabelo comprido para corte pixie antes e depois<\/h2>\n\n\n<div class=\"wp-block-image\">\n<figure class=\"aligncenter size-full\"><div style=\"position: relative;\"><noscript><img loading=\"lazy\" decoding=\"async\" width=\"828\" height=\"811\" src=\"https:\/\/flawlesshair.com\/wp-content\/uploads\/2024\/10\/long-hair-to-pixie-cut-before-and-after.jpg\" alt=\"cabelo comprido para corte pixie antes e depois\" class=\"wp-image-98436\" srcset=\"https:\/\/flawlesshair.com\/wp-content\/uploads\/2024\/10\/long-hair-to-pixie-cut-before-and-after.jpg 828w, https:\/\/flawlesshair.com\/wp-content\/uploads\/2024\/10\/long-hair-to-pixie-cut-before-and-after-300x294.jpg 300w, https:\/\/flawlesshair.com\/wp-content\/uploads\/2024\/10\/long-hair-to-pixie-cut-before-and-after-768x752.jpg 768w, https:\/\/flawlesshair.com\/wp-content\/uploads\/2024\/10\/long-hair-to-pixie-cut-before-and-after-12x12.jpg 12w\" sizes=\"auto, (max-width: 760px) calc(100vw - 24px), 720px\"><\/noscript><img loading=\"lazy\" decoding=\"async\" width=\"828\" height=\"811\" src=\"https:\/\/flawlesshair.com\/wp-content\/uploads\/2024\/10\/long-hair-to-pixie-cut-before-and-after.jpg\" alt=\"cabelo comprido para corte pixie antes e depois\" class=\"wp-image-98436 lazyload\" srcset=\"https:\/\/flawlesshair.com\/wp-content\/uploads\/2024\/10\/long-hair-to-pixie-cut-before-and-after.jpg 828w, https:\/\/flawlesshair.com\/wp-content\/uploads\/2024\/10\/long-hair-to-pixie-cut-before-and-after-300x294.jpg 300w, https:\/\/flawlesshair.com\/wp-content\/uploads\/2024\/10\/long-hair-to-pixie-cut-before-and-after-768x752.jpg 768w, https:\/\/flawlesshair.com\/wp-content\/uploads\/2024\/10\/long-hair-to-pixie-cut-before-and-after-12x12.jpg 12w\" sizes=\"auto, (max-width: 760px) calc(100vw - 24px), 720px\" data-pin-media=\"https:\/\/flawlesshair.com\/wp-content\/uploads\/2024\/10\/long-hair-to-pixie-cut-before-and-after.jpg\" id=\"mv-trellis-img-20\" data-trellis-processed=\"1\"><div style=\"position: absolute; top: 0.5rem; right: 0.75rem;\"> <a href=\"https:\/\/www.pinterest.com\/pin\/create\/button\/\" data-pin-do=\"buttonPin\" data-pin-tall=\"true\" data-pin-url=\"https:\/\/flawlesshair.com\/pt\/cabelo-comprido-para-cabelo-curto-antes-e-depois\/\" data-pin-media=\"https:\/\/flawlesshair.com\/wp-content\/uploads\/2024\/10\/long-hair-to-pixie-cut-before-and-after.jpg\" data-pin-description=\"19 Incredible Long-Hair-To-Short-Hair Before-And-After Transformations To Inspire You\" rel=\"nofollow noopener\" target=\"_blank\"> <\/a><\/div><\/div><figcaption class=\"wp-element-caption\"><a href=\"https:\/\/www.instagram.com\/mila_kryshchykhina\" target=\"_blank\" rel=\"noreferrer noopener nofollow\">@mila_kryshchykhina<\/a><\/figcaption><\/figure>\n<\/div>\n\n\n<p>A mudan\u00e7a mais dr\u00e1stica - para al\u00e9m do corte \u00e0 escovinha - \u00e9 fazer um duende depois de ter o cabelo comprido. Se est\u00e1 numa rotina e j\u00e1 n\u00e3o se diverte com as suas madeixas, um corte pixie \u00e9 uma escolha arrojada que compensa.<\/p>\n\n\n\n<h2 class=\"wp-block-heading\">18. Cabelo M\u00e9dio-Longo a Bob Suave<\/h2>\n\n\n<div class=\"wp-block-image\">\n<figure class=\"aligncenter size-full\"><div style=\"position: relative;\"><noscript><img loading=\"lazy\" decoding=\"async\" width=\"1080\" height=\"1080\" src=\"https:\/\/flawlesshair.com\/wp-content\/uploads\/2024\/12\/Medium-Long-Hair-To-Soft-Bob.jpg\" alt=\"Cabelo m\u00e9dio-longo a bob suave\" class=\"wp-image-145842\" srcset=\"https:\/\/flawlesshair.com\/wp-content\/uploads\/2024\/12\/Medium-Long-Hair-To-Soft-Bob.jpg 1080w, https:\/\/flawlesshair.com\/wp-content\/uploads\/2024\/12\/Medium-Long-Hair-To-Soft-Bob-300x300.jpg 300w, https:\/\/flawlesshair.com\/wp-content\/uploads\/2024\/12\/Medium-Long-Hair-To-Soft-Bob-150x150.jpg 150w, https:\/\/flawlesshair.com\/wp-content\/uploads\/2024\/12\/Medium-Long-Hair-To-Soft-Bob-768x768.jpg 768w, https:\/\/flawlesshair.com\/wp-content\/uploads\/2024\/12\/Medium-Long-Hair-To-Soft-Bob-12x12.jpg 12w, https:\/\/flawlesshair.com\/wp-content\/uploads\/2024\/12\/Medium-Long-Hair-To-Soft-Bob-728x728.jpg 728w, https:\/\/flawlesshair.com\/wp-content\/uploads\/2024\/12\/Medium-Long-Hair-To-Soft-Bob-960x960.jpg 960w\" sizes=\"auto, (max-width: 760px) calc(100vw - 24px), 720px\"><\/noscript><img loading=\"lazy\" decoding=\"async\" width=\"1080\" height=\"1080\" src=\"https:\/\/flawlesshair.com\/wp-content\/uploads\/2024\/12\/Medium-Long-Hair-To-Soft-Bob.jpg\" alt=\"Cabelo m\u00e9dio-longo a bob suave\" class=\"wp-image-145842 lazyload\" srcset=\"https:\/\/flawlesshair.com\/wp-content\/uploads\/2024\/12\/Medium-Long-Hair-To-Soft-Bob.jpg 1080w, https:\/\/flawlesshair.com\/wp-content\/uploads\/2024\/12\/Medium-Long-Hair-To-Soft-Bob-300x300.jpg 300w, https:\/\/flawlesshair.com\/wp-content\/uploads\/2024\/12\/Medium-Long-Hair-To-Soft-Bob-150x150.jpg 150w, https:\/\/flawlesshair.com\/wp-content\/uploads\/2024\/12\/Medium-Long-Hair-To-Soft-Bob-768x768.jpg 768w, https:\/\/flawlesshair.com\/wp-content\/uploads\/2024\/12\/Medium-Long-Hair-To-Soft-Bob-12x12.jpg 12w, https:\/\/flawlesshair.com\/wp-content\/uploads\/2024\/12\/Medium-Long-Hair-To-Soft-Bob-728x728.jpg 728w, https:\/\/flawlesshair.com\/wp-content\/uploads\/2024\/12\/Medium-Long-Hair-To-Soft-Bob-960x960.jpg 960w\" sizes=\"auto, (max-width: 760px) calc(100vw - 24px), 720px\" data-pin-media=\"https:\/\/flawlesshair.com\/wp-content\/uploads\/2024\/12\/Medium-Long-Hair-To-Soft-Bob.jpg\" id=\"mv-trellis-img-21\" data-trellis-processed=\"1\"><div style=\"position: absolute; top: 0.5rem; right: 0.75rem;\"> <a href=\"https:\/\/www.pinterest.com\/pin\/create\/button\/\" data-pin-do=\"buttonPin\" data-pin-tall=\"true\" data-pin-url=\"https:\/\/flawlesshair.com\/pt\/cabelo-comprido-para-cabelo-curto-antes-e-depois\/\" data-pin-media=\"https:\/\/flawlesshair.com\/wp-content\/uploads\/2024\/12\/Medium-Long-Hair-To-Soft-Bob.jpg\" data-pin-description=\"19 Incredible Long-Hair-To-Short-Hair Before-And-After Transformations To Inspire You\" rel=\"nofollow noopener\" target=\"_blank\"> <\/a><\/div><\/div><figcaption class=\"wp-element-caption\">&nbsp;@<a href=\"https:\/\/www.instagram.com\/hirohair\/\" target=\"_blank\" rel=\"noreferrer noopener nofollow\">hirohair<\/a><\/figcaption><\/figure>\n<\/div>\n\n\n<p>Um bob suave d\u00e1 ao seu cabelo um aspeto renovado e chique sem fazer uma mudan\u00e7a dr\u00e1stica. \u00c9 um estilo vers\u00e1til que ainda oferece comprimento suficiente para ser penteado de v\u00e1rias formas. Al\u00e9m disso, pode enquadrar lindamente o seu rosto, real\u00e7ando as suas carater\u00edsticas enquanto suaviza os \u00e2ngulos.<\/p>\n\n\n\n<h2 class=\"wp-block-heading\">19. Cabelo comprido para um lob sem esfor\u00e7o<\/h2>\n\n\n<div class=\"wp-block-image\">\n<figure class=\"aligncenter size-full\"><div style=\"position: relative;\"><noscript><img loading=\"lazy\" decoding=\"async\" width=\"1080\" height=\"1080\" src=\"https:\/\/flawlesshair.com\/wp-content\/uploads\/2024\/12\/Long-Hair-To-Effortless-Lob.jpg\" alt=\"Cabelo comprido para um lob sem esfor\u00e7o\" class=\"wp-image-145878\" srcset=\"https:\/\/flawlesshair.com\/wp-content\/uploads\/2024\/12\/Long-Hair-To-Effortless-Lob.jpg 1080w, https:\/\/flawlesshair.com\/wp-content\/uploads\/2024\/12\/Long-Hair-To-Effortless-Lob-300x300.jpg 300w, https:\/\/flawlesshair.com\/wp-content\/uploads\/2024\/12\/Long-Hair-To-Effortless-Lob-150x150.jpg 150w, https:\/\/flawlesshair.com\/wp-content\/uploads\/2024\/12\/Long-Hair-To-Effortless-Lob-768x768.jpg 768w, https:\/\/flawlesshair.com\/wp-content\/uploads\/2024\/12\/Long-Hair-To-Effortless-Lob-12x12.jpg 12w, https:\/\/flawlesshair.com\/wp-content\/uploads\/2024\/12\/Long-Hair-To-Effortless-Lob-728x728.jpg 728w, https:\/\/flawlesshair.com\/wp-content\/uploads\/2024\/12\/Long-Hair-To-Effortless-Lob-960x960.jpg 960w\" sizes=\"auto, (max-width: 760px) calc(100vw - 24px), 720px\"><\/noscript><img loading=\"lazy\" decoding=\"async\" width=\"1080\" height=\"1080\" src=\"https:\/\/flawlesshair.com\/wp-content\/uploads\/2024\/12\/Long-Hair-To-Effortless-Lob.jpg\" alt=\"Cabelo comprido para um lob sem esfor\u00e7o\" class=\"wp-image-145878 lazyload\" srcset=\"https:\/\/flawlesshair.com\/wp-content\/uploads\/2024\/12\/Long-Hair-To-Effortless-Lob.jpg 1080w, https:\/\/flawlesshair.com\/wp-content\/uploads\/2024\/12\/Long-Hair-To-Effortless-Lob-300x300.jpg 300w, https:\/\/flawlesshair.com\/wp-content\/uploads\/2024\/12\/Long-Hair-To-Effortless-Lob-150x150.jpg 150w, https:\/\/flawlesshair.com\/wp-content\/uploads\/2024\/12\/Long-Hair-To-Effortless-Lob-768x768.jpg 768w, https:\/\/flawlesshair.com\/wp-content\/uploads\/2024\/12\/Long-Hair-To-Effortless-Lob-12x12.jpg 12w, https:\/\/flawlesshair.com\/wp-content\/uploads\/2024\/12\/Long-Hair-To-Effortless-Lob-728x728.jpg 728w, https:\/\/flawlesshair.com\/wp-content\/uploads\/2024\/12\/Long-Hair-To-Effortless-Lob-960x960.jpg 960w\" sizes=\"auto, (max-width: 760px) calc(100vw - 24px), 720px\" data-pin-media=\"https:\/\/flawlesshair.com\/wp-content\/uploads\/2024\/12\/Long-Hair-To-Effortless-Lob.jpg\" id=\"mv-trellis-img-22\" data-trellis-processed=\"1\"><div style=\"position: absolute; top: 0.5rem; right: 0.75rem;\"> <a href=\"https:\/\/www.pinterest.com\/pin\/create\/button\/\" data-pin-do=\"buttonPin\" data-pin-tall=\"true\" data-pin-url=\"https:\/\/flawlesshair.com\/pt\/cabelo-comprido-para-cabelo-curto-antes-e-depois\/\" data-pin-media=\"https:\/\/flawlesshair.com\/wp-content\/uploads\/2024\/12\/Long-Hair-To-Effortless-Lob.jpg\" data-pin-description=\"19 Incredible Long-Hair-To-Short-Hair Before-And-After Transformations To Inspire You\" rel=\"nofollow noopener\" target=\"_blank\"> <\/a><\/div><\/div><figcaption class=\"wp-element-caption\">@<a href=\"https:\/\/www.instagram.com\/suedub\/\" target=\"_blank\" rel=\"noreferrer noopener nofollow\">suedub<\/a><\/figcaption><\/figure>\n<\/div>\n\n\n<p>Um lob sem esfor\u00e7o tem camadas subtis e um pouco de textura, o que pode dar volume e movimento ao seu cabelo, especialmente se este tiver tend\u00eancia para ser mais fino. Cortar o seu cabelo comprido num lob sem esfor\u00e7o \u00e9 a escolha perfeita se gosta de ter op\u00e7\u00f5es com o seu penteado, mas quer algo que seja f\u00e1cil de gerir.<\/p>","protected":false},"excerpt":{"rendered":"<p>Se est\u00e1 a pensar em cortar o seu cabelo curto, presumo que precisa de algumas fotos de inspira\u00e7\u00e3o antes de come\u00e7ar, o que \u00e9 (totalmente) compreens\u00edvel. A decis\u00e3o de cortar o cabelo ...<\/p>","protected":false},"author":29,"featured_media":98434,"comment_status":"closed","ping_status":"closed","sticky":false,"template":"","format":"standard","meta":{"syndication_tool_enabled":true,"syndication_tool_title":"","syndication_tool_excerpt":"","syndication_tool_featured_image":0,"syndication_tool_publish_date":"","syndication_tool_schema_types":["gallery"],"syndication_tool_backlink_enable":false,"syndication_tool_ai_disclosure_enable":false,"disable-in-feed":false,"article-schema-type":"","disable-critical-css":false,"footnotes":""},"categories":[31],"tags":[],"class_list":["post-57797","post","type-post","status-publish","format-standard","has-post-thumbnail","hentry","category-short"],"_links":{"self":[{"href":"https:\/\/flawlesshair.com\/pt\/wp-json\/wp\/v2\/posts\/57797","targetHints":{"allow":["GET"]}}],"collection":[{"href":"https:\/\/flawlesshair.com\/pt\/wp-json\/wp\/v2\/posts"}],"about":[{"href":"https:\/\/flawlesshair.com\/pt\/wp-json\/wp\/v2\/types\/post"}],"author":[{"embeddable":true,"href":"https:\/\/flawlesshair.com\/pt\/wp-json\/wp\/v2\/users\/29"}],"replies":[{"embeddable":true,"href":"https:\/\/flawlesshair.com\/pt\/wp-json\/wp\/v2\/comments?post=57797"}],"version-history":[{"count":0,"href":"https:\/\/flawlesshair.com\/pt\/wp-json\/wp\/v2\/posts\/57797\/revisions"}],"wp:featuredmedia":[{"embeddable":true,"href":"https:\/\/flawlesshair.com\/pt\/wp-json\/wp\/v2\/media\/98434"}],"wp:attachment":[{"href":"https:\/\/flawlesshair.com\/pt\/wp-json\/wp\/v2\/media?parent=57797"}],"wp:term":[{"taxonomy":"category","embeddable":true,"href":"https:\/\/flawlesshair.com\/pt\/wp-json\/wp\/v2\/categories?post=57797"},{"taxonomy":"post_tag","embeddable":true,"href":"https:\/\/flawlesshair.com\/pt\/wp-json\/wp\/v2\/tags?post=57797"}],"curies":[{"name":"wp","href":"https:\/\/api.w.org\/{rel}","templated":true}]}}