{"id":62996,"date":"2024-10-09T14:14:40","date_gmt":"2024-10-09T14:14:40","guid":{"rendered":"https:\/\/flawlesshair.com\/?p=62996"},"modified":"2024-10-17T21:44:34","modified_gmt":"2024-10-17T21:44:34","slug":"penteados-para-o-dia-da-fotografia-para-criancas-negras","status":"publish","type":"post","link":"https:\/\/flawlesshair.com\/pt\/penteados-para-o-dia-da-fotografia-para-criancas-negras\/","title":{"rendered":"19 Penteados mais bonitos para crian\u00e7as negras no dia da fotografia"},"content":{"rendered":"<style>img#mv-trellis-img-1::before{padding-top:125%; }img#mv-trellis-img-1{display:block;}img#mv-trellis-img-2::before{padding-top:125%; }img#mv-trellis-img-2{display:block;}img#mv-trellis-img-3::before{padding-top:100%; }img#mv-trellis-img-3{display:block;}img#mv-trellis-img-4::before{padding-top:125%; }img#mv-trellis-img-4{display:block;}img#mv-trellis-img-5::before{padding-top:125%; }img#mv-trellis-img-5{display:block;}img#mv-trellis-img-6::before{padding-top:125%; }img#mv-trellis-img-6{display:block;}img#mv-trellis-img-7::before{padding-top:125%; }img#mv-trellis-img-7{display:block;}img#mv-trellis-img-8::before{padding-top:100%; }img#mv-trellis-img-8{display:block;}img#mv-trellis-img-9::before{padding-top:104.72895040369%; }img#mv-trellis-img-9{display:block;}img#mv-trellis-img-10::before{padding-top:100%; }img#mv-trellis-img-10{display:block;}img#mv-trellis-img-11::before{padding-top:125%; }img#mv-trellis-img-11{display:block;}img#mv-trellis-img-12::before{padding-top:125%; }img#mv-trellis-img-12{display:block;}img#mv-trellis-img-13::before{padding-top:125%; }img#mv-trellis-img-13{display:block;}img#mv-trellis-img-14::before{padding-top:125%; }img#mv-trellis-img-14{display:block;}img#mv-trellis-img-15::before{padding-top:125%; }img#mv-trellis-img-15{display:block;}img#mv-trellis-img-16::before{padding-top:125%; }img#mv-trellis-img-16{display:block;}img#mv-trellis-img-17::before{padding-top:125%; }img#mv-trellis-img-17{display:block;}img#mv-trellis-img-18::before{padding-top:125.09259259259%; }img#mv-trellis-img-18{display:block;}img#mv-trellis-img-19::before{padding-top:125.09259259259%; }img#mv-trellis-img-19{display:block;}<\/style>\n<p>O cabelo preto natural \u00e9 lindo, mas tamb\u00e9m pode ser selvagem e dif\u00edcil de domar, o que pode irritar a sua menina no dia da fotografia da escola. Ela quer que tudo seja perfeito, especialmente o seu penteado. N\u00e3o se preocupe, porque h\u00e1 muitas ideias para penteados pr\u00e1ticos e giros, e aqui est\u00e3o os nossos 19 penteados favoritos para o dia da fotografia para crian\u00e7as negras!<\/p>\n\n\n\n<h2 class=\"wp-block-heading\">1. Penteado duplo<\/h2>\n\n\n<div class=\"wp-block-image\">\n<figure class=\"aligncenter size-full\"><div style=\"position: relative;\"><noscript><img loading=\"lazy\" decoding=\"async\" width=\"1080\" height=\"1350\" src=\"https:\/\/flawlesshair.com\/wp-content\/uploads\/2024\/10\/double-stacked-buns.jpg\" alt=\"p\u00e3es duplos empilhados\" class=\"wp-image-62999\" srcset=\"https:\/\/flawlesshair.com\/wp-content\/uploads\/2024\/10\/double-stacked-buns.jpg 1080w, https:\/\/flawlesshair.com\/wp-content\/uploads\/2024\/10\/double-stacked-buns-768x960.jpg 768w, https:\/\/flawlesshair.com\/wp-content\/uploads\/2024\/10\/double-stacked-buns-150x188.jpg 150w\" sizes=\"auto, (max-width: 760px) calc(100vw - 24px), 720px\"><\/noscript><img loading=\"eager\" decoding=\"async\" width=\"1080\" height=\"1350\" src=\"data:image\/svg+xml,%3Csvg%20xmlns='http:\/\/www.w3.org\/2000\/svg'%20viewBox='0%200%201080%201350'%3E%3Crect%20width='1080'%20height='1350'%20style='fill:%23e3e3e3'\/%3E%3C\/svg%3E\" alt=\"p\u00e3es duplos empilhados\" class=\"wp-image-62999 eager-load\" sizes=\"auto, (max-width: 760px) calc(100vw - 24px), 720px\" data-pin-media=\"https:\/\/flawlesshair.com\/wp-content\/uploads\/2024\/10\/double-stacked-buns.jpg\" id=\"mv-trellis-img-1\" data-src=\"https:\/\/flawlesshair.com\/wp-content\/uploads\/2024\/10\/double-stacked-buns.jpg\" data-srcset=\"https:\/\/flawlesshair.com\/wp-content\/uploads\/2024\/10\/double-stacked-buns.jpg 1080w, https:\/\/flawlesshair.com\/wp-content\/uploads\/2024\/10\/double-stacked-buns-768x960.jpg 768w, https:\/\/flawlesshair.com\/wp-content\/uploads\/2024\/10\/double-stacked-buns-150x188.jpg 150w\" data-svg=\"1\" data-trellis-processed=\"1\"><div style=\"position: absolute; top: 0.5rem; right: 0.75rem;\"> <a href=\"https:\/\/www.pinterest.com\/pin\/create\/button\/\" data-pin-do=\"buttonPin\" data-pin-tall=\"true\" data-pin-url=\"https:\/\/flawlesshair.com\/pt\/penteados-para-o-dia-da-fotografia-para-criancas-negras\/\" data-pin-media=\"https:\/\/flawlesshair.com\/wp-content\/uploads\/2024\/10\/double-stacked-buns.jpg\" data-pin-description=\"19 Cutest Picture Day Hairstyles For Black Kids\" rel=\"nofollow noopener\" target=\"_blank\"> <\/a><\/div><\/div><figcaption class=\"wp-element-caption\">@<a href=\"https:\/\/www.instagram.com\/iam.kreese\/\" target=\"_blank\" rel=\"noreferrer noopener nofollow\">iam.kreese<\/a><\/figcaption><\/figure>\n<\/div>\n\n\n<p>\u00c9 um carrapito, mas n\u00e3o \u00e9 um carrapito qualquer que a sua filha j\u00e1 usou tantas vezes. Este carrapito duplo vai faz\u00ea-la sentir-se especial e colocar um grande sorriso no seu rosto ador\u00e1vel!<\/p>\n\n\n\n<h2 class=\"wp-block-heading\">2. Rabo-de-cavalo entran\u00e7ado<\/h2>\n\n\n<div class=\"wp-block-image\">\n<figure class=\"aligncenter size-full\"><div style=\"position: relative;\"><noscript><img loading=\"lazy\" decoding=\"async\" width=\"1080\" height=\"1350\" src=\"https:\/\/flawlesshair.com\/wp-content\/uploads\/2024\/10\/braided-ponytail.jpg\" alt=\"rabo-de-cavalo entran\u00e7ado\" class=\"wp-image-63002\" srcset=\"https:\/\/flawlesshair.com\/wp-content\/uploads\/2024\/10\/braided-ponytail.jpg 1080w, https:\/\/flawlesshair.com\/wp-content\/uploads\/2024\/10\/braided-ponytail-768x960.jpg 768w, https:\/\/flawlesshair.com\/wp-content\/uploads\/2024\/10\/braided-ponytail-150x188.jpg 150w\" sizes=\"auto, (max-width: 760px) calc(100vw - 24px), 720px\"><\/noscript><img loading=\"lazy\" decoding=\"async\" width=\"1080\" height=\"1350\" src=\"https:\/\/flawlesshair.com\/wp-content\/uploads\/2024\/10\/braided-ponytail.jpg\" alt=\"rabo-de-cavalo entran\u00e7ado\" class=\"wp-image-63002 lazyload\" srcset=\"https:\/\/flawlesshair.com\/wp-content\/uploads\/2024\/10\/braided-ponytail.jpg 1080w, https:\/\/flawlesshair.com\/wp-content\/uploads\/2024\/10\/braided-ponytail-768x960.jpg 768w, https:\/\/flawlesshair.com\/wp-content\/uploads\/2024\/10\/braided-ponytail-150x188.jpg 150w\" sizes=\"auto, (max-width: 760px) calc(100vw - 24px), 720px\" data-pin-media=\"https:\/\/flawlesshair.com\/wp-content\/uploads\/2024\/10\/braided-ponytail.jpg\" id=\"mv-trellis-img-2\" data-trellis-processed=\"1\"><div style=\"position: absolute; top: 0.5rem; right: 0.75rem;\"> <a href=\"https:\/\/www.pinterest.com\/pin\/create\/button\/\" data-pin-do=\"buttonPin\" data-pin-tall=\"true\" data-pin-url=\"https:\/\/flawlesshair.com\/pt\/penteados-para-o-dia-da-fotografia-para-criancas-negras\/\" data-pin-media=\"https:\/\/flawlesshair.com\/wp-content\/uploads\/2024\/10\/braided-ponytail.jpg\" data-pin-description=\"19 Cutest Picture Day Hairstyles For Black Kids\" rel=\"nofollow noopener\" target=\"_blank\"> <\/a><\/div><\/div><figcaption class=\"wp-element-caption\">@<a href=\"https:\/\/www.instagram.com\/iamlailahrose\/\" target=\"_blank\" rel=\"noreferrer noopener nofollow\">iamlailahrose<\/a><\/figcaption><\/figure>\n<\/div>\n\n\n<p>A sua menina adora penteados simples e quer um penteado bonito e b\u00e1sico para o dia da fotografia da escola - nada de mais, mas ainda assim elegante? Este <a href=\"https:\/\/flawlesshair.com\/pt\/rabos-de-cavalo-entrancados\/\">rabo-de-cavalo entran\u00e7ado<\/a> \u00e9 a op\u00e7\u00e3o perfeita para ela!<\/p>\n\n\n\n<h2 class=\"wp-block-heading\">3. Rabos-de-cavalo giros<\/h2>\n\n\n<div class=\"wp-block-image\">\n<figure class=\"aligncenter size-full\"><div style=\"position: relative;\"><noscript><img loading=\"lazy\" decoding=\"async\" width=\"1080\" height=\"1080\" src=\"https:\/\/flawlesshair.com\/wp-content\/uploads\/2024\/10\/cute-pigtails.jpg\" alt=\"tran\u00e7as giras\" class=\"wp-image-63005\" srcset=\"https:\/\/flawlesshair.com\/wp-content\/uploads\/2024\/10\/cute-pigtails.jpg 1080w, https:\/\/flawlesshair.com\/wp-content\/uploads\/2024\/10\/cute-pigtails-300x300.jpg 300w, https:\/\/flawlesshair.com\/wp-content\/uploads\/2024\/10\/cute-pigtails-150x150.jpg 150w, https:\/\/flawlesshair.com\/wp-content\/uploads\/2024\/10\/cute-pigtails-768x768.jpg 768w, https:\/\/flawlesshair.com\/wp-content\/uploads\/2024\/10\/cute-pigtails-2048x2048.jpg 2048w, https:\/\/flawlesshair.com\/wp-content\/uploads\/2024\/10\/cute-pigtails-728x728.jpg 728w, https:\/\/flawlesshair.com\/wp-content\/uploads\/2024\/10\/cute-pigtails-960x960.jpg 960w, https:\/\/flawlesshair.com\/wp-content\/uploads\/2024\/10\/cute-pigtails-1200x1200.jpg 1200w, https:\/\/flawlesshair.com\/wp-content\/uploads\/2024\/10\/cute-pigtails-96x96.jpg 96w\" sizes=\"auto, (max-width: 760px) calc(100vw - 24px), 720px\"><\/noscript><img loading=\"lazy\" decoding=\"async\" width=\"1080\" height=\"1080\" src=\"https:\/\/flawlesshair.com\/wp-content\/uploads\/2024\/10\/cute-pigtails.jpg\" alt=\"tran\u00e7as giras\" class=\"wp-image-63005 lazyload\" srcset=\"https:\/\/flawlesshair.com\/wp-content\/uploads\/2024\/10\/cute-pigtails.jpg 1080w, https:\/\/flawlesshair.com\/wp-content\/uploads\/2024\/10\/cute-pigtails-300x300.jpg 300w, https:\/\/flawlesshair.com\/wp-content\/uploads\/2024\/10\/cute-pigtails-150x150.jpg 150w, https:\/\/flawlesshair.com\/wp-content\/uploads\/2024\/10\/cute-pigtails-768x768.jpg 768w, https:\/\/flawlesshair.com\/wp-content\/uploads\/2024\/10\/cute-pigtails-2048x2048.jpg 2048w, https:\/\/flawlesshair.com\/wp-content\/uploads\/2024\/10\/cute-pigtails-728x728.jpg 728w, https:\/\/flawlesshair.com\/wp-content\/uploads\/2024\/10\/cute-pigtails-960x960.jpg 960w, https:\/\/flawlesshair.com\/wp-content\/uploads\/2024\/10\/cute-pigtails-1200x1200.jpg 1200w, https:\/\/flawlesshair.com\/wp-content\/uploads\/2024\/10\/cute-pigtails-96x96.jpg 96w\" sizes=\"auto, (max-width: 760px) calc(100vw - 24px), 720px\" data-pin-media=\"https:\/\/flawlesshair.com\/wp-content\/uploads\/2024\/10\/cute-pigtails.jpg\" id=\"mv-trellis-img-3\" data-trellis-processed=\"1\"><div style=\"position: absolute; top: 0.5rem; right: 0.75rem;\"> <a href=\"https:\/\/www.pinterest.com\/pin\/create\/button\/\" data-pin-do=\"buttonPin\" data-pin-tall=\"true\" data-pin-url=\"https:\/\/flawlesshair.com\/pt\/penteados-para-o-dia-da-fotografia-para-criancas-negras\/\" data-pin-media=\"https:\/\/flawlesshair.com\/wp-content\/uploads\/2024\/10\/cute-pigtails.jpg\" data-pin-description=\"19 Cutest Picture Day Hairstyles For Black Kids\" rel=\"nofollow noopener\" target=\"_blank\"> <\/a><\/div><\/div><figcaption class=\"wp-element-caption\">@<a href=\"https:\/\/www.instagram.com\/iamlailahrose\/\" target=\"_blank\" rel=\"noreferrer noopener nofollow\">iamlailahrose<\/a><\/figcaption><\/figure>\n<\/div>\n\n\n<p>As tran\u00e7as s\u00e3o um penteado t\u00e3o giro que at\u00e9 n\u00f3s, adultos, queremos us\u00e1-las de vez em quando! Se este \u00e9 um dos penteados preferidos da sua filha, n\u00e3o h\u00e1 raz\u00e3o para n\u00e3o o usar na fotografia da escola. Esta fotografia vai certamente trazer-lhe um sorriso \u00e0 cara, mesmo anos mais tarde, quando ela vir o seu penteado ador\u00e1vel!<\/p>\n\n\n\n<h2 class=\"wp-block-heading\">4. N\u00f3 alto Boho com tran\u00e7as sem n\u00f3<\/h2>\n\n\n<div class=\"wp-block-image\">\n<figure class=\"aligncenter size-full\"><div style=\"position: relative;\"><noscript><img loading=\"lazy\" decoding=\"async\" width=\"1080\" height=\"1350\" src=\"https:\/\/flawlesshair.com\/wp-content\/uploads\/2024\/10\/boho-top-knot-with-knotless-braids.jpg\" alt=\"top knot boho com tran\u00e7as sem n\u00f3\" class=\"wp-image-63009\" srcset=\"https:\/\/flawlesshair.com\/wp-content\/uploads\/2024\/10\/boho-top-knot-with-knotless-braids.jpg 1080w, https:\/\/flawlesshair.com\/wp-content\/uploads\/2024\/10\/boho-top-knot-with-knotless-braids-768x960.jpg 768w, https:\/\/flawlesshair.com\/wp-content\/uploads\/2024\/10\/boho-top-knot-with-knotless-braids-150x188.jpg 150w\" sizes=\"auto, (max-width: 760px) calc(100vw - 24px), 720px\"><\/noscript><img loading=\"lazy\" decoding=\"async\" width=\"1080\" height=\"1350\" src=\"https:\/\/flawlesshair.com\/wp-content\/uploads\/2024\/10\/boho-top-knot-with-knotless-braids.jpg\" alt=\"top knot boho com tran\u00e7as sem n\u00f3\" class=\"wp-image-63009 lazyload\" srcset=\"https:\/\/flawlesshair.com\/wp-content\/uploads\/2024\/10\/boho-top-knot-with-knotless-braids.jpg 1080w, https:\/\/flawlesshair.com\/wp-content\/uploads\/2024\/10\/boho-top-knot-with-knotless-braids-768x960.jpg 768w, https:\/\/flawlesshair.com\/wp-content\/uploads\/2024\/10\/boho-top-knot-with-knotless-braids-150x188.jpg 150w\" sizes=\"auto, (max-width: 760px) calc(100vw - 24px), 720px\" data-pin-media=\"https:\/\/flawlesshair.com\/wp-content\/uploads\/2024\/10\/boho-top-knot-with-knotless-braids.jpg\" id=\"mv-trellis-img-4\" data-trellis-processed=\"1\"><div style=\"position: absolute; top: 0.5rem; right: 0.75rem;\"> <a href=\"https:\/\/www.pinterest.com\/pin\/create\/button\/\" data-pin-do=\"buttonPin\" data-pin-tall=\"true\" data-pin-url=\"https:\/\/flawlesshair.com\/pt\/penteados-para-o-dia-da-fotografia-para-criancas-negras\/\" data-pin-media=\"https:\/\/flawlesshair.com\/wp-content\/uploads\/2024\/10\/boho-top-knot-with-knotless-braids.jpg\" data-pin-description=\"19 Cutest Picture Day Hairstyles For Black Kids\" rel=\"nofollow noopener\" target=\"_blank\"> <\/a><\/div><\/div><figcaption class=\"wp-element-caption\">@<a href=\"https:\/\/www.instagram.com\/monacastyles_\/\" target=\"_blank\" rel=\"noreferrer noopener nofollow\">monacastyles_<\/a><\/figcaption><\/figure>\n<\/div>\n\n\n<p>As tran\u00e7as sem n\u00f3s num n\u00f3 superior boho t\u00eam um aspeto bonito e sem esfor\u00e7o, especialmente quando adornadas com um la\u00e7o de cabelo divertido e algumas missangas.<\/p>\n\n\n\n<h2 class=\"wp-block-heading\">5. Tran\u00e7as com pontos em espiral num rabo-de-cavalo<\/h2>\n\n\n<div class=\"wp-block-image\">\n<figure class=\"aligncenter size-full\"><div style=\"position: relative;\"><noscript><img loading=\"lazy\" decoding=\"async\" width=\"1080\" height=\"1350\" src=\"https:\/\/flawlesshair.com\/wp-content\/uploads\/2024\/10\/spiral-stitched-braids-into-a-ponytail.jpg\" alt=\"tran\u00e7as cosidas em espiral num rabo-de-cavalo\" class=\"wp-image-63014\" srcset=\"https:\/\/flawlesshair.com\/wp-content\/uploads\/2024\/10\/spiral-stitched-braids-into-a-ponytail.jpg 1080w, https:\/\/flawlesshair.com\/wp-content\/uploads\/2024\/10\/spiral-stitched-braids-into-a-ponytail-768x960.jpg 768w, https:\/\/flawlesshair.com\/wp-content\/uploads\/2024\/10\/spiral-stitched-braids-into-a-ponytail-150x188.jpg 150w\" sizes=\"auto, (max-width: 760px) calc(100vw - 24px), 720px\"><\/noscript><img loading=\"lazy\" decoding=\"async\" width=\"1080\" height=\"1350\" src=\"https:\/\/flawlesshair.com\/wp-content\/uploads\/2024\/10\/spiral-stitched-braids-into-a-ponytail.jpg\" alt=\"tran\u00e7as cosidas em espiral num rabo-de-cavalo\" class=\"wp-image-63014 lazyload\" srcset=\"https:\/\/flawlesshair.com\/wp-content\/uploads\/2024\/10\/spiral-stitched-braids-into-a-ponytail.jpg 1080w, https:\/\/flawlesshair.com\/wp-content\/uploads\/2024\/10\/spiral-stitched-braids-into-a-ponytail-768x960.jpg 768w, https:\/\/flawlesshair.com\/wp-content\/uploads\/2024\/10\/spiral-stitched-braids-into-a-ponytail-150x188.jpg 150w\" sizes=\"auto, (max-width: 760px) calc(100vw - 24px), 720px\" data-pin-media=\"https:\/\/flawlesshair.com\/wp-content\/uploads\/2024\/10\/spiral-stitched-braids-into-a-ponytail.jpg\" id=\"mv-trellis-img-5\" data-trellis-processed=\"1\"><div style=\"position: absolute; top: 0.5rem; right: 0.75rem;\"> <a href=\"https:\/\/www.pinterest.com\/pin\/create\/button\/\" data-pin-do=\"buttonPin\" data-pin-tall=\"true\" data-pin-url=\"https:\/\/flawlesshair.com\/pt\/penteados-para-o-dia-da-fotografia-para-criancas-negras\/\" data-pin-media=\"https:\/\/flawlesshair.com\/wp-content\/uploads\/2024\/10\/spiral-stitched-braids-into-a-ponytail.jpg\" data-pin-description=\"19 Cutest Picture Day Hairstyles For Black Kids\" rel=\"nofollow noopener\" target=\"_blank\"> <\/a><\/div><\/div><figcaption class=\"wp-element-caption\">@<a href=\"https:\/\/www.instagram.com\/monacastyles_\/\" target=\"_blank\" rel=\"noreferrer noopener nofollow\">monacastyles_<\/a><\/figcaption><\/figure>\n<\/div>\n\n\n<p>Aposto que a sua menina e muitas das suas amigas s\u00e3o loucas por tran\u00e7as em espiral! Para que fiquem especialmente bonitas para a fotografia da escola, prenda-as num rabo-de-cavalo alto e acrescente um la\u00e7o cor-de-rosa para um toque mais feminino e rom\u00e2ntico.<\/p>\n\n\n\n<h2 class=\"wp-block-heading\">6. Penteado com n\u00f3 bantu<\/h2>\n\n\n<div class=\"wp-block-image\">\n<figure class=\"aligncenter size-full\"><div style=\"position: relative;\"><noscript><img loading=\"lazy\" decoding=\"async\" width=\"1080\" height=\"1350\" src=\"https:\/\/flawlesshair.com\/wp-content\/uploads\/2024\/10\/bantu-knot-hairstyle.jpg\" alt=\"penteado com n\u00f3 bantu\" class=\"wp-image-63020\" srcset=\"https:\/\/flawlesshair.com\/wp-content\/uploads\/2024\/10\/bantu-knot-hairstyle.jpg 1080w, https:\/\/flawlesshair.com\/wp-content\/uploads\/2024\/10\/bantu-knot-hairstyle-768x960.jpg 768w, https:\/\/flawlesshair.com\/wp-content\/uploads\/2024\/10\/bantu-knot-hairstyle-150x188.jpg 150w\" sizes=\"auto, (max-width: 760px) calc(100vw - 24px), 720px\"><\/noscript><img loading=\"lazy\" decoding=\"async\" width=\"1080\" height=\"1350\" src=\"https:\/\/flawlesshair.com\/wp-content\/uploads\/2024\/10\/bantu-knot-hairstyle.jpg\" alt=\"penteado com n\u00f3 bantu\" class=\"wp-image-63020 lazyload\" srcset=\"https:\/\/flawlesshair.com\/wp-content\/uploads\/2024\/10\/bantu-knot-hairstyle.jpg 1080w, https:\/\/flawlesshair.com\/wp-content\/uploads\/2024\/10\/bantu-knot-hairstyle-768x960.jpg 768w, https:\/\/flawlesshair.com\/wp-content\/uploads\/2024\/10\/bantu-knot-hairstyle-150x188.jpg 150w\" sizes=\"auto, (max-width: 760px) calc(100vw - 24px), 720px\" data-pin-media=\"https:\/\/flawlesshair.com\/wp-content\/uploads\/2024\/10\/bantu-knot-hairstyle.jpg\" id=\"mv-trellis-img-6\" data-trellis-processed=\"1\"><div style=\"position: absolute; top: 0.5rem; right: 0.75rem;\"> <a href=\"https:\/\/www.pinterest.com\/pin\/create\/button\/\" data-pin-do=\"buttonPin\" data-pin-tall=\"true\" data-pin-url=\"https:\/\/flawlesshair.com\/pt\/penteados-para-o-dia-da-fotografia-para-criancas-negras\/\" data-pin-media=\"https:\/\/flawlesshair.com\/wp-content\/uploads\/2024\/10\/bantu-knot-hairstyle.jpg\" data-pin-description=\"19 Cutest Picture Day Hairstyles For Black Kids\" rel=\"nofollow noopener\" target=\"_blank\"> <\/a><\/div><\/div><figcaption class=\"wp-element-caption\">@<a href=\"https:\/\/www.instagram.com\/libbyhaircare\/\" target=\"_blank\" rel=\"noreferrer noopener nofollow\">libbyhaircare<\/a><\/figcaption><\/figure>\n<\/div>\n\n\n<p>Os n\u00f3s Bantu s\u00e3o um dos nossos favoritos, bonitos e protectores <a href=\"https:\/\/flawlesshair.com\/pt\/penteados-para-criancas-negras\/\">penteados para crian\u00e7as negras<\/a>. S\u00e3o casuais mas fant\u00e1sticos, o que os torna ideais para o dia da fotografia da escola.<\/p>\n\n\n\n<h2 class=\"wp-block-heading\">7. Penteado Puff com um la\u00e7o<\/h2>\n\n\n<div class=\"wp-block-image\">\n<figure class=\"aligncenter size-full\"><div style=\"position: relative;\"><noscript><img loading=\"lazy\" decoding=\"async\" width=\"1080\" height=\"1350\" src=\"https:\/\/flawlesshair.com\/wp-content\/uploads\/2024\/10\/puff-hairstyle-with-a-bow.jpg\" alt=\"penteado com puff e la\u00e7o\" class=\"wp-image-63024\" srcset=\"https:\/\/flawlesshair.com\/wp-content\/uploads\/2024\/10\/puff-hairstyle-with-a-bow.jpg 1080w, https:\/\/flawlesshair.com\/wp-content\/uploads\/2024\/10\/puff-hairstyle-with-a-bow-768x960.jpg 768w, https:\/\/flawlesshair.com\/wp-content\/uploads\/2024\/10\/puff-hairstyle-with-a-bow-150x188.jpg 150w\" sizes=\"auto, (max-width: 760px) calc(100vw - 24px), 720px\"><\/noscript><img loading=\"lazy\" decoding=\"async\" width=\"1080\" height=\"1350\" src=\"https:\/\/flawlesshair.com\/wp-content\/uploads\/2024\/10\/puff-hairstyle-with-a-bow.jpg\" alt=\"penteado com puff e la\u00e7o\" class=\"wp-image-63024 lazyload\" srcset=\"https:\/\/flawlesshair.com\/wp-content\/uploads\/2024\/10\/puff-hairstyle-with-a-bow.jpg 1080w, https:\/\/flawlesshair.com\/wp-content\/uploads\/2024\/10\/puff-hairstyle-with-a-bow-768x960.jpg 768w, https:\/\/flawlesshair.com\/wp-content\/uploads\/2024\/10\/puff-hairstyle-with-a-bow-150x188.jpg 150w\" sizes=\"auto, (max-width: 760px) calc(100vw - 24px), 720px\" data-pin-media=\"https:\/\/flawlesshair.com\/wp-content\/uploads\/2024\/10\/puff-hairstyle-with-a-bow.jpg\" id=\"mv-trellis-img-7\" data-trellis-processed=\"1\"><div style=\"position: absolute; top: 0.5rem; right: 0.75rem;\"> <a href=\"https:\/\/www.pinterest.com\/pin\/create\/button\/\" data-pin-do=\"buttonPin\" data-pin-tall=\"true\" data-pin-url=\"https:\/\/flawlesshair.com\/pt\/penteados-para-o-dia-da-fotografia-para-criancas-negras\/\" data-pin-media=\"https:\/\/flawlesshair.com\/wp-content\/uploads\/2024\/10\/puff-hairstyle-with-a-bow.jpg\" data-pin-description=\"19 Cutest Picture Day Hairstyles For Black Kids\" rel=\"nofollow noopener\" target=\"_blank\"> <\/a><\/div><\/div><figcaption class=\"wp-element-caption\">@<a href=\"https:\/\/www.instagram.com\/libbyhaircare\/\" target=\"_blank\" rel=\"noreferrer noopener nofollow\">libbyhaircare<\/a><\/figcaption><\/figure>\n<\/div>\n\n\n<p>Um puff \u00e9 uma forma fant\u00e1stica de a sua menina mostrar o seu cabelo grande e natural. Para apimentar um pouco o seu estilo para o seu dia especial, basta acrescentar um la\u00e7o numa cor bonita ao seu puff.<\/p>\n\n\n\n<h2 class=\"wp-block-heading\">8. Rabo-de-cavalo lateral com bonitos ganchos de borboleta e missangas coloridas<\/h2>\n\n\n<div class=\"wp-block-image\">\n<figure class=\"aligncenter size-full\"><div style=\"position: relative;\"><noscript><img loading=\"lazy\" decoding=\"async\" width=\"1019\" height=\"1019\" src=\"https:\/\/flawlesshair.com\/wp-content\/uploads\/2024\/10\/side-ponytail-with-cute-butterfly-clips-and-colorful-beads.jpg\" alt=\"rabo-de-cavalo lateral com bonitos ganchos de borboleta e missangas coloridas\" class=\"wp-image-63027\" srcset=\"https:\/\/flawlesshair.com\/wp-content\/uploads\/2024\/10\/side-ponytail-with-cute-butterfly-clips-and-colorful-beads.jpg 1019w, https:\/\/flawlesshair.com\/wp-content\/uploads\/2024\/10\/side-ponytail-with-cute-butterfly-clips-and-colorful-beads-300x300.jpg 300w, https:\/\/flawlesshair.com\/wp-content\/uploads\/2024\/10\/side-ponytail-with-cute-butterfly-clips-and-colorful-beads-150x150.jpg 150w, https:\/\/flawlesshair.com\/wp-content\/uploads\/2024\/10\/side-ponytail-with-cute-butterfly-clips-and-colorful-beads-768x768.jpg 768w, https:\/\/flawlesshair.com\/wp-content\/uploads\/2024\/10\/side-ponytail-with-cute-butterfly-clips-and-colorful-beads-2048x2048.jpg 2048w, https:\/\/flawlesshair.com\/wp-content\/uploads\/2024\/10\/side-ponytail-with-cute-butterfly-clips-and-colorful-beads-728x728.jpg 728w, https:\/\/flawlesshair.com\/wp-content\/uploads\/2024\/10\/side-ponytail-with-cute-butterfly-clips-and-colorful-beads-960x960.jpg 960w, https:\/\/flawlesshair.com\/wp-content\/uploads\/2024\/10\/side-ponytail-with-cute-butterfly-clips-and-colorful-beads-1080x1080.jpg 1080w, https:\/\/flawlesshair.com\/wp-content\/uploads\/2024\/10\/side-ponytail-with-cute-butterfly-clips-and-colorful-beads-1200x1200.jpg 1200w, https:\/\/flawlesshair.com\/wp-content\/uploads\/2024\/10\/side-ponytail-with-cute-butterfly-clips-and-colorful-beads-96x96.jpg 96w\" sizes=\"auto, (max-width: 760px) calc(100vw - 24px), 720px\"><\/noscript><img loading=\"lazy\" decoding=\"async\" width=\"1019\" height=\"1019\" src=\"https:\/\/flawlesshair.com\/wp-content\/uploads\/2024\/10\/side-ponytail-with-cute-butterfly-clips-and-colorful-beads.jpg\" alt=\"rabo-de-cavalo lateral com bonitos ganchos de borboleta e missangas coloridas\" class=\"wp-image-63027 lazyload\" srcset=\"https:\/\/flawlesshair.com\/wp-content\/uploads\/2024\/10\/side-ponytail-with-cute-butterfly-clips-and-colorful-beads.jpg 1019w, https:\/\/flawlesshair.com\/wp-content\/uploads\/2024\/10\/side-ponytail-with-cute-butterfly-clips-and-colorful-beads-300x300.jpg 300w, https:\/\/flawlesshair.com\/wp-content\/uploads\/2024\/10\/side-ponytail-with-cute-butterfly-clips-and-colorful-beads-150x150.jpg 150w, https:\/\/flawlesshair.com\/wp-content\/uploads\/2024\/10\/side-ponytail-with-cute-butterfly-clips-and-colorful-beads-768x768.jpg 768w, https:\/\/flawlesshair.com\/wp-content\/uploads\/2024\/10\/side-ponytail-with-cute-butterfly-clips-and-colorful-beads-2048x2048.jpg 2048w, https:\/\/flawlesshair.com\/wp-content\/uploads\/2024\/10\/side-ponytail-with-cute-butterfly-clips-and-colorful-beads-728x728.jpg 728w, https:\/\/flawlesshair.com\/wp-content\/uploads\/2024\/10\/side-ponytail-with-cute-butterfly-clips-and-colorful-beads-960x960.jpg 960w, https:\/\/flawlesshair.com\/wp-content\/uploads\/2024\/10\/side-ponytail-with-cute-butterfly-clips-and-colorful-beads-1080x1080.jpg 1080w, https:\/\/flawlesshair.com\/wp-content\/uploads\/2024\/10\/side-ponytail-with-cute-butterfly-clips-and-colorful-beads-1200x1200.jpg 1200w, https:\/\/flawlesshair.com\/wp-content\/uploads\/2024\/10\/side-ponytail-with-cute-butterfly-clips-and-colorful-beads-96x96.jpg 96w\" sizes=\"auto, (max-width: 760px) calc(100vw - 24px), 720px\" data-pin-media=\"https:\/\/flawlesshair.com\/wp-content\/uploads\/2024\/10\/side-ponytail-with-cute-butterfly-clips-and-colorful-beads.jpg\" id=\"mv-trellis-img-8\" data-trellis-processed=\"1\"><div style=\"position: absolute; top: 0.5rem; right: 0.75rem;\"> <a href=\"https:\/\/www.pinterest.com\/pin\/create\/button\/\" data-pin-do=\"buttonPin\" data-pin-tall=\"true\" data-pin-url=\"https:\/\/flawlesshair.com\/pt\/penteados-para-o-dia-da-fotografia-para-criancas-negras\/\" data-pin-media=\"https:\/\/flawlesshair.com\/wp-content\/uploads\/2024\/10\/side-ponytail-with-cute-butterfly-clips-and-colorful-beads.jpg\" data-pin-description=\"19 Cutest Picture Day Hairstyles For Black Kids\" rel=\"nofollow noopener\" target=\"_blank\"> <\/a><\/div><\/div><figcaption class=\"wp-element-caption\">@<a href=\"https:\/\/www.instagram.com\/toddlerstangles\/\" target=\"_blank\" rel=\"noreferrer noopener nofollow\">crian\u00e7as<\/a><\/figcaption><\/figure>\n<\/div>\n\n\n<p>Em vez de um rabo-de-cavalo normal, a sua menina vai adorar a mudan\u00e7a que vem com um <a href=\"https:\/\/flawlesshair.com\/pt\/rabo-de-cavalo-lateral\/\">rabo-de-cavalo lateral<\/a>. Quando se juntam clipes de borboletas e missangas coloridas ao seu cabelo, ela vai ficar radiante!<\/p>\n\n\n\n<h2 class=\"wp-block-heading\">9. Moicano entran\u00e7ado<\/h2>\n\n\n<div class=\"wp-block-image\">\n<figure class=\"aligncenter size-full\"><div style=\"position: relative;\"><noscript><img loading=\"lazy\" decoding=\"async\" width=\"867\" height=\"908\" src=\"https:\/\/flawlesshair.com\/wp-content\/uploads\/2024\/10\/braided-mohawk.jpg\" alt=\"moicano entran\u00e7ado\" class=\"wp-image-63030\" srcset=\"https:\/\/flawlesshair.com\/wp-content\/uploads\/2024\/10\/braided-mohawk.jpg 867w, https:\/\/flawlesshair.com\/wp-content\/uploads\/2024\/10\/braided-mohawk-768x804.jpg 768w, https:\/\/flawlesshair.com\/wp-content\/uploads\/2024\/10\/braided-mohawk-150x157.jpg 150w\" sizes=\"auto, (max-width: 760px) calc(100vw - 24px), 720px\"><\/noscript><img loading=\"lazy\" decoding=\"async\" width=\"867\" height=\"908\" src=\"https:\/\/flawlesshair.com\/wp-content\/uploads\/2024\/10\/braided-mohawk.jpg\" alt=\"moicano entran\u00e7ado\" class=\"wp-image-63030 lazyload\" srcset=\"https:\/\/flawlesshair.com\/wp-content\/uploads\/2024\/10\/braided-mohawk.jpg 867w, https:\/\/flawlesshair.com\/wp-content\/uploads\/2024\/10\/braided-mohawk-768x804.jpg 768w, https:\/\/flawlesshair.com\/wp-content\/uploads\/2024\/10\/braided-mohawk-150x157.jpg 150w\" sizes=\"auto, (max-width: 760px) calc(100vw - 24px), 720px\" data-pin-media=\"https:\/\/flawlesshair.com\/wp-content\/uploads\/2024\/10\/braided-mohawk.jpg\" id=\"mv-trellis-img-9\" data-trellis-processed=\"1\"><div style=\"position: absolute; top: 0.5rem; right: 0.75rem;\"> <a href=\"https:\/\/www.pinterest.com\/pin\/create\/button\/\" data-pin-do=\"buttonPin\" data-pin-tall=\"true\" data-pin-url=\"https:\/\/flawlesshair.com\/pt\/penteados-para-o-dia-da-fotografia-para-criancas-negras\/\" data-pin-media=\"https:\/\/flawlesshair.com\/wp-content\/uploads\/2024\/10\/braided-mohawk.jpg\" data-pin-description=\"19 Cutest Picture Day Hairstyles For Black Kids\" rel=\"nofollow noopener\" target=\"_blank\"> <\/a><\/div><\/div><figcaption class=\"wp-element-caption\">@<a href=\"https:\/\/www.instagram.com\/toddlerstangles\/\" target=\"_blank\" rel=\"noreferrer noopener nofollow\">crian\u00e7as<\/a><\/figcaption><\/figure>\n<\/div>\n\n\n<p>Um penteado moicano entran\u00e7ado \u00e9 doce, divertido e fixe - n\u00e3o h\u00e1 mais nada que uma rapariga possa querer para o dia da fotografia da escola!<\/p>\n\n\n\n<h2 class=\"wp-block-heading\">10. Penteado alto com franja lateral<\/h2>\n\n\n<div class=\"wp-block-image\">\n<figure class=\"aligncenter size-large\"><div style=\"position: relative;\"><noscript><img loading=\"lazy\" decoding=\"async\" width=\"3000\" height=\"3000\" src=\"https:\/\/flawlesshair.com\/wp-content\/uploads\/2024\/10\/top-bun-with-side-bangs-3000x3000.jpg\" alt=\"carrapito com franja lateral\" class=\"wp-image-63033\" srcset=\"https:\/\/flawlesshair.com\/wp-content\/uploads\/2024\/10\/top-bun-with-side-bangs-3000x3000.jpg 3000w, https:\/\/flawlesshair.com\/wp-content\/uploads\/2024\/10\/top-bun-with-side-bangs-300x300.jpg 300w, https:\/\/flawlesshair.com\/wp-content\/uploads\/2024\/10\/top-bun-with-side-bangs-150x150.jpg 150w, https:\/\/flawlesshair.com\/wp-content\/uploads\/2024\/10\/top-bun-with-side-bangs-768x768.jpg 768w, https:\/\/flawlesshair.com\/wp-content\/uploads\/2024\/10\/top-bun-with-side-bangs-2048x2048.jpg 2048w, https:\/\/flawlesshair.com\/wp-content\/uploads\/2024\/10\/top-bun-with-side-bangs-728x728.jpg 728w, https:\/\/flawlesshair.com\/wp-content\/uploads\/2024\/10\/top-bun-with-side-bangs-960x960.jpg 960w, https:\/\/flawlesshair.com\/wp-content\/uploads\/2024\/10\/top-bun-with-side-bangs-1080x1080.jpg 1080w, https:\/\/flawlesshair.com\/wp-content\/uploads\/2024\/10\/top-bun-with-side-bangs-1200x1200.jpg 1200w, https:\/\/flawlesshair.com\/wp-content\/uploads\/2024\/10\/top-bun-with-side-bangs-96x96.jpg 96w, https:\/\/flawlesshair.com\/wp-content\/uploads\/2024\/10\/top-bun-with-side-bangs.jpg 770w\" sizes=\"auto, (max-width: 760px) calc(100vw - 24px), 720px\"><\/noscript><img loading=\"lazy\" decoding=\"async\" width=\"3000\" height=\"3000\" src=\"https:\/\/flawlesshair.com\/wp-content\/uploads\/2024\/10\/top-bun-with-side-bangs-3000x3000.jpg\" alt=\"carrapito com franja lateral\" class=\"wp-image-63033 lazyload\" srcset=\"https:\/\/flawlesshair.com\/wp-content\/uploads\/2024\/10\/top-bun-with-side-bangs-3000x3000.jpg 3000w, https:\/\/flawlesshair.com\/wp-content\/uploads\/2024\/10\/top-bun-with-side-bangs-300x300.jpg 300w, https:\/\/flawlesshair.com\/wp-content\/uploads\/2024\/10\/top-bun-with-side-bangs-150x150.jpg 150w, https:\/\/flawlesshair.com\/wp-content\/uploads\/2024\/10\/top-bun-with-side-bangs-768x768.jpg 768w, https:\/\/flawlesshair.com\/wp-content\/uploads\/2024\/10\/top-bun-with-side-bangs-2048x2048.jpg 2048w, https:\/\/flawlesshair.com\/wp-content\/uploads\/2024\/10\/top-bun-with-side-bangs-728x728.jpg 728w, https:\/\/flawlesshair.com\/wp-content\/uploads\/2024\/10\/top-bun-with-side-bangs-960x960.jpg 960w, https:\/\/flawlesshair.com\/wp-content\/uploads\/2024\/10\/top-bun-with-side-bangs-1080x1080.jpg 1080w, https:\/\/flawlesshair.com\/wp-content\/uploads\/2024\/10\/top-bun-with-side-bangs-1200x1200.jpg 1200w, https:\/\/flawlesshair.com\/wp-content\/uploads\/2024\/10\/top-bun-with-side-bangs-96x96.jpg 96w, https:\/\/flawlesshair.com\/wp-content\/uploads\/2024\/10\/top-bun-with-side-bangs.jpg 770w\" sizes=\"auto, (max-width: 760px) calc(100vw - 24px), 720px\" data-pin-media=\"https:\/\/flawlesshair.com\/wp-content\/uploads\/2024\/10\/top-bun-with-side-bangs.jpg\" id=\"mv-trellis-img-10\" data-trellis-processed=\"1\"><div style=\"position: absolute; top: 0.5rem; right: 0.75rem;\"> <a href=\"https:\/\/www.pinterest.com\/pin\/create\/button\/\" data-pin-do=\"buttonPin\" data-pin-tall=\"true\" data-pin-url=\"https:\/\/flawlesshair.com\/pt\/penteados-para-o-dia-da-fotografia-para-criancas-negras\/\" data-pin-media=\"https:\/\/flawlesshair.com\/wp-content\/uploads\/2024\/10\/top-bun-with-side-bangs-3000x3000.jpg\" data-pin-description=\"19 Cutest Picture Day Hairstyles For Black Kids\" rel=\"nofollow noopener\" target=\"_blank\"> <\/a><\/div><\/div><figcaption class=\"wp-element-caption\">@<a href=\"https:\/\/www.instagram.com\/toddlerstangles\/\" target=\"_blank\" rel=\"noreferrer noopener nofollow\">crian\u00e7as<\/a><\/figcaption><\/figure>\n<\/div>\n\n\n<p>Crie um carrapito para dar ao cabelo da sua filha um aspeto elegante e sofisticado para a fotografia, mas deixe algumas franjas laterais com missangas soltas para tornar o penteado um pouco menos formal.<\/p>\n\n\n\n<h2 class=\"wp-block-heading\">11. Tran\u00e7as com bolhas<\/h2>\n\n\n<div class=\"wp-block-image\">\n<figure class=\"aligncenter size-full\"><div style=\"position: relative;\"><noscript><img loading=\"lazy\" decoding=\"async\" width=\"1080\" height=\"1350\" src=\"https:\/\/flawlesshair.com\/wp-content\/uploads\/2024\/10\/bubble-braids.jpg\" alt=\"tran\u00e7as com bolhas\" class=\"wp-image-63043\" srcset=\"https:\/\/flawlesshair.com\/wp-content\/uploads\/2024\/10\/bubble-braids.jpg 1080w, https:\/\/flawlesshair.com\/wp-content\/uploads\/2024\/10\/bubble-braids-768x960.jpg 768w, https:\/\/flawlesshair.com\/wp-content\/uploads\/2024\/10\/bubble-braids-150x188.jpg 150w\" sizes=\"auto, (max-width: 760px) calc(100vw - 24px), 720px\"><\/noscript><img loading=\"lazy\" decoding=\"async\" width=\"1080\" height=\"1350\" src=\"https:\/\/flawlesshair.com\/wp-content\/uploads\/2024\/10\/bubble-braids.jpg\" alt=\"tran\u00e7as com bolhas\" class=\"wp-image-63043 lazyload\" srcset=\"https:\/\/flawlesshair.com\/wp-content\/uploads\/2024\/10\/bubble-braids.jpg 1080w, https:\/\/flawlesshair.com\/wp-content\/uploads\/2024\/10\/bubble-braids-768x960.jpg 768w, https:\/\/flawlesshair.com\/wp-content\/uploads\/2024\/10\/bubble-braids-150x188.jpg 150w\" sizes=\"auto, (max-width: 760px) calc(100vw - 24px), 720px\" data-pin-media=\"https:\/\/flawlesshair.com\/wp-content\/uploads\/2024\/10\/bubble-braids.jpg\" id=\"mv-trellis-img-11\" data-trellis-processed=\"1\"><div style=\"position: absolute; top: 0.5rem; right: 0.75rem;\"> <a href=\"https:\/\/www.pinterest.com\/pin\/create\/button\/\" data-pin-do=\"buttonPin\" data-pin-tall=\"true\" data-pin-url=\"https:\/\/flawlesshair.com\/pt\/penteados-para-o-dia-da-fotografia-para-criancas-negras\/\" data-pin-media=\"https:\/\/flawlesshair.com\/wp-content\/uploads\/2024\/10\/bubble-braids.jpg\" data-pin-description=\"19 Cutest Picture Day Hairstyles For Black Kids\" rel=\"nofollow noopener\" target=\"_blank\"> <\/a><\/div><\/div><figcaption class=\"wp-element-caption\">@<a href=\"https:\/\/www.instagram.com\/tionneandrenae\/\" target=\"_blank\" rel=\"noreferrer noopener nofollow\">tionneerenae<\/a><\/figcaption><\/figure>\n<\/div>\n\n\n<p>A <a href=\"https:\/\/flawlesshair.com\/pt\/rabo-de-cavalo-com-tranca-bolha\/\">tran\u00e7a-bolha<\/a> \u00e9 outro penteado divertido e moderno que adoramos usar em diferentes ocasi\u00f5es. Fica especialmente bonito nas meninas, sobretudo nas de cabelo comprido e natural, e ainda mais quando s\u00e3o duas a atar com la\u00e7os de cabelo coloridos.<\/p>\n\n\n\n<h2 class=\"wp-block-heading\">12. Rabo-de-cavalo alto torcido<\/h2>\n\n\n<div class=\"wp-block-image\">\n<figure class=\"aligncenter size-full\"><div style=\"position: relative;\"><noscript><img loading=\"lazy\" decoding=\"async\" width=\"1080\" height=\"1350\" src=\"https:\/\/flawlesshair.com\/wp-content\/uploads\/2024\/10\/twist-high-ponytail.jpg\" alt=\"rabo-de-cavalo alto torcido\" class=\"wp-image-63049\" srcset=\"https:\/\/flawlesshair.com\/wp-content\/uploads\/2024\/10\/twist-high-ponytail.jpg 1080w, https:\/\/flawlesshair.com\/wp-content\/uploads\/2024\/10\/twist-high-ponytail-768x960.jpg 768w, https:\/\/flawlesshair.com\/wp-content\/uploads\/2024\/10\/twist-high-ponytail-150x188.jpg 150w\" sizes=\"auto, (max-width: 760px) calc(100vw - 24px), 720px\"><\/noscript><img loading=\"lazy\" decoding=\"async\" width=\"1080\" height=\"1350\" src=\"https:\/\/flawlesshair.com\/wp-content\/uploads\/2024\/10\/twist-high-ponytail.jpg\" alt=\"rabo-de-cavalo alto torcido\" class=\"wp-image-63049 lazyload\" srcset=\"https:\/\/flawlesshair.com\/wp-content\/uploads\/2024\/10\/twist-high-ponytail.jpg 1080w, https:\/\/flawlesshair.com\/wp-content\/uploads\/2024\/10\/twist-high-ponytail-768x960.jpg 768w, https:\/\/flawlesshair.com\/wp-content\/uploads\/2024\/10\/twist-high-ponytail-150x188.jpg 150w\" sizes=\"auto, (max-width: 760px) calc(100vw - 24px), 720px\" data-pin-media=\"https:\/\/flawlesshair.com\/wp-content\/uploads\/2024\/10\/twist-high-ponytail.jpg\" id=\"mv-trellis-img-12\" data-trellis-processed=\"1\"><div style=\"position: absolute; top: 0.5rem; right: 0.75rem;\"> <a href=\"https:\/\/www.pinterest.com\/pin\/create\/button\/\" data-pin-do=\"buttonPin\" data-pin-tall=\"true\" data-pin-url=\"https:\/\/flawlesshair.com\/pt\/penteados-para-o-dia-da-fotografia-para-criancas-negras\/\" data-pin-media=\"https:\/\/flawlesshair.com\/wp-content\/uploads\/2024\/10\/twist-high-ponytail.jpg\" data-pin-description=\"19 Cutest Picture Day Hairstyles For Black Kids\" rel=\"nofollow noopener\" target=\"_blank\"> <\/a><\/div><\/div><figcaption class=\"wp-element-caption\">@<a href=\"https:\/\/www.instagram.com\/tionneandrenae\/\" target=\"_blank\" rel=\"noreferrer noopener nofollow\">tionneerenae<\/a><\/figcaption><\/figure>\n<\/div>\n\n\n<p>Um rabo-de-cavalo alto torcido \u00e9 outra excelente forma de manter todo o cabelo natural da sua menina no lugar, com muito estilo e beleza. <\/p>\n\n\n\n<h2 class=\"wp-block-heading\">13. Cabelo todo para baixo preso com uma mola gira<\/h2>\n\n\n<div class=\"wp-block-image\">\n<figure class=\"aligncenter size-full\"><div style=\"position: relative;\"><noscript><img loading=\"lazy\" decoding=\"async\" width=\"1080\" height=\"1350\" src=\"https:\/\/flawlesshair.com\/wp-content\/uploads\/2024\/10\/hair-all-down-pinned-with-a-cute-clip.jpg\" alt=\"cabelo apanhado com um gancho giro\" class=\"wp-image-63053\" srcset=\"https:\/\/flawlesshair.com\/wp-content\/uploads\/2024\/10\/hair-all-down-pinned-with-a-cute-clip.jpg 1080w, https:\/\/flawlesshair.com\/wp-content\/uploads\/2024\/10\/hair-all-down-pinned-with-a-cute-clip-768x960.jpg 768w, https:\/\/flawlesshair.com\/wp-content\/uploads\/2024\/10\/hair-all-down-pinned-with-a-cute-clip-150x188.jpg 150w\" sizes=\"auto, (max-width: 760px) calc(100vw - 24px), 720px\"><\/noscript><img loading=\"lazy\" decoding=\"async\" width=\"1080\" height=\"1350\" src=\"https:\/\/flawlesshair.com\/wp-content\/uploads\/2024\/10\/hair-all-down-pinned-with-a-cute-clip.jpg\" alt=\"cabelo apanhado com um gancho giro\" class=\"wp-image-63053 lazyload\" srcset=\"https:\/\/flawlesshair.com\/wp-content\/uploads\/2024\/10\/hair-all-down-pinned-with-a-cute-clip.jpg 1080w, https:\/\/flawlesshair.com\/wp-content\/uploads\/2024\/10\/hair-all-down-pinned-with-a-cute-clip-768x960.jpg 768w, https:\/\/flawlesshair.com\/wp-content\/uploads\/2024\/10\/hair-all-down-pinned-with-a-cute-clip-150x188.jpg 150w\" sizes=\"auto, (max-width: 760px) calc(100vw - 24px), 720px\" data-pin-media=\"https:\/\/flawlesshair.com\/wp-content\/uploads\/2024\/10\/hair-all-down-pinned-with-a-cute-clip.jpg\" id=\"mv-trellis-img-13\" data-trellis-processed=\"1\"><div style=\"position: absolute; top: 0.5rem; right: 0.75rem;\"> <a href=\"https:\/\/www.pinterest.com\/pin\/create\/button\/\" data-pin-do=\"buttonPin\" data-pin-tall=\"true\" data-pin-url=\"https:\/\/flawlesshair.com\/pt\/penteados-para-o-dia-da-fotografia-para-criancas-negras\/\" data-pin-media=\"https:\/\/flawlesshair.com\/wp-content\/uploads\/2024\/10\/hair-all-down-pinned-with-a-cute-clip.jpg\" data-pin-description=\"19 Cutest Picture Day Hairstyles For Black Kids\" rel=\"nofollow noopener\" target=\"_blank\"> <\/a><\/div><\/div><figcaption class=\"wp-element-caption\">@<a href=\"https:\/\/www.instagram.com\/tionneandrenae\/\" target=\"_blank\" rel=\"noreferrer noopener nofollow\">tionneerenae<\/a><\/figcaption><\/figure>\n<\/div>\n\n\n<p>Se a sua filha preferir n\u00e3o usar o cabelo apanhado - nem mesmo para o dia da fotografia da escola - isso \u00e9 muito fixe! Ela pode usar todo o seu lindo cabelo solto e, simplesmente adicionando um gancho bonito, o estilo ficar\u00e1 instantaneamente irresistivelmente ador\u00e1vel. Quando se \u00e9 jovem e se tem um cabelo natural como este, o m\u00ednimo de esfor\u00e7o \u00e9 tudo o que se precisa!<\/p>\n\n\n\n<h2 class=\"wp-block-heading\">14. Penteado baixo elegante<\/h2>\n\n\n<div class=\"wp-block-image\">\n<figure class=\"aligncenter size-full\"><div style=\"position: relative;\"><noscript><img loading=\"lazy\" decoding=\"async\" width=\"1080\" height=\"1350\" src=\"https:\/\/flawlesshair.com\/wp-content\/uploads\/2024\/10\/sleek-low-bun-1.jpg\" alt=\"coque baixo e elegante\" class=\"wp-image-63058\" srcset=\"https:\/\/flawlesshair.com\/wp-content\/uploads\/2024\/10\/sleek-low-bun-1.jpg 1080w, https:\/\/flawlesshair.com\/wp-content\/uploads\/2024\/10\/sleek-low-bun-1-768x960.jpg 768w, https:\/\/flawlesshair.com\/wp-content\/uploads\/2024\/10\/sleek-low-bun-1-150x188.jpg 150w\" sizes=\"auto, (max-width: 760px) calc(100vw - 24px), 720px\"><\/noscript><img loading=\"lazy\" decoding=\"async\" width=\"1080\" height=\"1350\" src=\"https:\/\/flawlesshair.com\/wp-content\/uploads\/2024\/10\/sleek-low-bun-1.jpg\" alt=\"coque baixo e elegante\" class=\"wp-image-63058 lazyload\" srcset=\"https:\/\/flawlesshair.com\/wp-content\/uploads\/2024\/10\/sleek-low-bun-1.jpg 1080w, https:\/\/flawlesshair.com\/wp-content\/uploads\/2024\/10\/sleek-low-bun-1-768x960.jpg 768w, https:\/\/flawlesshair.com\/wp-content\/uploads\/2024\/10\/sleek-low-bun-1-150x188.jpg 150w\" sizes=\"auto, (max-width: 760px) calc(100vw - 24px), 720px\" data-pin-media=\"https:\/\/flawlesshair.com\/wp-content\/uploads\/2024\/10\/sleek-low-bun-1.jpg\" id=\"mv-trellis-img-14\" data-trellis-processed=\"1\"><div style=\"position: absolute; top: 0.5rem; right: 0.75rem;\"> <a href=\"https:\/\/www.pinterest.com\/pin\/create\/button\/\" data-pin-do=\"buttonPin\" data-pin-tall=\"true\" data-pin-url=\"https:\/\/flawlesshair.com\/pt\/penteados-para-o-dia-da-fotografia-para-criancas-negras\/\" data-pin-media=\"https:\/\/flawlesshair.com\/wp-content\/uploads\/2024\/10\/sleek-low-bun-1.jpg\" data-pin-description=\"19 Cutest Picture Day Hairstyles For Black Kids\" rel=\"nofollow noopener\" target=\"_blank\"> <\/a><\/div><\/div><figcaption class=\"wp-element-caption\">@<a href=\"https:\/\/www.instagram.com\/tionneandrenae\/\" target=\"_blank\" rel=\"noreferrer noopener nofollow\">tionneerenae<\/a><\/figcaption><\/figure>\n<\/div>\n\n\n<p>Os penteados elegantes s\u00e3o deslumbrantes e t\u00eam um brilho especial com o cabelo natural e selvagem. Um carrapito baixo e elegante \u00e9 uma \u00f3ptima op\u00e7\u00e3o para o dia da fotografia da escola da sua filha. Para dar um toque de divers\u00e3o ao seu look, pode usar um la\u00e7o e ganchos para o cabelo a condizer com a roupa.<\/p>\n\n\n\n<h2 class=\"wp-block-heading\">15. Penteado alto com pe\u00e7as para emoldurar o rosto<\/h2>\n\n\n<div class=\"wp-block-image\">\n<figure class=\"aligncenter size-full\"><div style=\"position: relative;\"><noscript><img loading=\"lazy\" decoding=\"async\" width=\"1080\" height=\"1350\" src=\"https:\/\/flawlesshair.com\/wp-content\/uploads\/2024\/10\/high-bun-with-face-framing-pieces.jpg\" alt=\"carrapito alto com pe\u00e7as que emolduram o rosto\" class=\"wp-image-63062\" srcset=\"https:\/\/flawlesshair.com\/wp-content\/uploads\/2024\/10\/high-bun-with-face-framing-pieces.jpg 1080w, https:\/\/flawlesshair.com\/wp-content\/uploads\/2024\/10\/high-bun-with-face-framing-pieces-768x960.jpg 768w, https:\/\/flawlesshair.com\/wp-content\/uploads\/2024\/10\/high-bun-with-face-framing-pieces-150x188.jpg 150w\" sizes=\"auto, (max-width: 760px) calc(100vw - 24px), 720px\"><\/noscript><img loading=\"lazy\" decoding=\"async\" width=\"1080\" height=\"1350\" src=\"https:\/\/flawlesshair.com\/wp-content\/uploads\/2024\/10\/high-bun-with-face-framing-pieces.jpg\" alt=\"carrapito alto com pe\u00e7as que emolduram o rosto\" class=\"wp-image-63062 lazyload\" srcset=\"https:\/\/flawlesshair.com\/wp-content\/uploads\/2024\/10\/high-bun-with-face-framing-pieces.jpg 1080w, https:\/\/flawlesshair.com\/wp-content\/uploads\/2024\/10\/high-bun-with-face-framing-pieces-768x960.jpg 768w, https:\/\/flawlesshair.com\/wp-content\/uploads\/2024\/10\/high-bun-with-face-framing-pieces-150x188.jpg 150w\" sizes=\"auto, (max-width: 760px) calc(100vw - 24px), 720px\" data-pin-media=\"https:\/\/flawlesshair.com\/wp-content\/uploads\/2024\/10\/high-bun-with-face-framing-pieces.jpg\" id=\"mv-trellis-img-15\" data-trellis-processed=\"1\"><div style=\"position: absolute; top: 0.5rem; right: 0.75rem;\"> <a href=\"https:\/\/www.pinterest.com\/pin\/create\/button\/\" data-pin-do=\"buttonPin\" data-pin-tall=\"true\" data-pin-url=\"https:\/\/flawlesshair.com\/pt\/penteados-para-o-dia-da-fotografia-para-criancas-negras\/\" data-pin-media=\"https:\/\/flawlesshair.com\/wp-content\/uploads\/2024\/10\/high-bun-with-face-framing-pieces.jpg\" data-pin-description=\"19 Cutest Picture Day Hairstyles For Black Kids\" rel=\"nofollow noopener\" target=\"_blank\"> <\/a><\/div><\/div><figcaption class=\"wp-element-caption\">@<a href=\"https:\/\/www.instagram.com\/koily_kali\/\" target=\"_blank\" rel=\"noreferrer noopener nofollow\">koily_kali<\/a><\/figcaption><\/figure>\n<\/div>\n\n\n<p>Prenda o cabelo da sua menina num carrapito alto e deixe algumas pe\u00e7as a emoldurar o rosto para um look escolar sem esfor\u00e7o, mas bonito.<\/p>\n\n\n\n<h2 class=\"wp-block-heading\">16. P\u00e3es do espa\u00e7o<\/h2>\n\n\n<div class=\"wp-block-image\">\n<figure class=\"aligncenter size-full\"><div style=\"position: relative;\"><noscript><img loading=\"lazy\" decoding=\"async\" width=\"1080\" height=\"1350\" src=\"https:\/\/flawlesshair.com\/wp-content\/uploads\/2024\/10\/space-buns.jpg\" alt=\"p\u00e3ezinhos espaciais\" class=\"wp-image-63065\" srcset=\"https:\/\/flawlesshair.com\/wp-content\/uploads\/2024\/10\/space-buns.jpg 1080w, https:\/\/flawlesshair.com\/wp-content\/uploads\/2024\/10\/space-buns-768x960.jpg 768w, https:\/\/flawlesshair.com\/wp-content\/uploads\/2024\/10\/space-buns-150x188.jpg 150w\" sizes=\"auto, (max-width: 760px) calc(100vw - 24px), 720px\"><\/noscript><img loading=\"lazy\" decoding=\"async\" width=\"1080\" height=\"1350\" src=\"https:\/\/flawlesshair.com\/wp-content\/uploads\/2024\/10\/space-buns.jpg\" alt=\"p\u00e3ezinhos espaciais\" class=\"wp-image-63065 lazyload\" srcset=\"https:\/\/flawlesshair.com\/wp-content\/uploads\/2024\/10\/space-buns.jpg 1080w, https:\/\/flawlesshair.com\/wp-content\/uploads\/2024\/10\/space-buns-768x960.jpg 768w, https:\/\/flawlesshair.com\/wp-content\/uploads\/2024\/10\/space-buns-150x188.jpg 150w\" sizes=\"auto, (max-width: 760px) calc(100vw - 24px), 720px\" data-pin-media=\"https:\/\/flawlesshair.com\/wp-content\/uploads\/2024\/10\/space-buns.jpg\" id=\"mv-trellis-img-16\" data-trellis-processed=\"1\"><div style=\"position: absolute; top: 0.5rem; right: 0.75rem;\"> <a href=\"https:\/\/www.pinterest.com\/pin\/create\/button\/\" data-pin-do=\"buttonPin\" data-pin-tall=\"true\" data-pin-url=\"https:\/\/flawlesshair.com\/pt\/penteados-para-o-dia-da-fotografia-para-criancas-negras\/\" data-pin-media=\"https:\/\/flawlesshair.com\/wp-content\/uploads\/2024\/10\/space-buns.jpg\" data-pin-description=\"19 Cutest Picture Day Hairstyles For Black Kids\" rel=\"nofollow noopener\" target=\"_blank\"> <\/a><\/div><\/div><figcaption class=\"wp-element-caption\">@<a href=\"https:\/\/www.instagram.com\/koily_kali\/\" target=\"_blank\" rel=\"noreferrer noopener nofollow\">koily_kali<\/a><\/figcaption><\/figure>\n<\/div>\n\n\n<p>Os p\u00e3ezinhos espaciais s\u00e3o outro penteado juvenil reconhec\u00edvel que todas as raparigas adoram usar. Se a sua filha se sentir mais confort\u00e1vel com este penteado, incentive-a a usar o cabelo assim para a fotografia da escola.<\/p>\n\n\n\n<h2 class=\"wp-block-heading\">17. Penteado com tr\u00eas rabos-de-cavalo<\/h2>\n\n\n<div class=\"wp-block-image\">\n<figure class=\"aligncenter size-full\"><div style=\"position: relative;\"><noscript><img loading=\"lazy\" decoding=\"async\" width=\"1080\" height=\"1350\" src=\"https:\/\/flawlesshair.com\/wp-content\/uploads\/2024\/10\/three-ponytails-hairstyle.jpg\" alt=\"penteado com tr\u00eas rabos-de-cavalo\" class=\"wp-image-63068\" srcset=\"https:\/\/flawlesshair.com\/wp-content\/uploads\/2024\/10\/three-ponytails-hairstyle.jpg 1080w, https:\/\/flawlesshair.com\/wp-content\/uploads\/2024\/10\/three-ponytails-hairstyle-768x960.jpg 768w, https:\/\/flawlesshair.com\/wp-content\/uploads\/2024\/10\/three-ponytails-hairstyle-150x188.jpg 150w\" sizes=\"auto, (max-width: 760px) calc(100vw - 24px), 720px\"><\/noscript><img loading=\"lazy\" decoding=\"async\" width=\"1080\" height=\"1350\" src=\"https:\/\/flawlesshair.com\/wp-content\/uploads\/2024\/10\/three-ponytails-hairstyle.jpg\" alt=\"penteado com tr\u00eas rabos-de-cavalo\" class=\"wp-image-63068 lazyload\" srcset=\"https:\/\/flawlesshair.com\/wp-content\/uploads\/2024\/10\/three-ponytails-hairstyle.jpg 1080w, https:\/\/flawlesshair.com\/wp-content\/uploads\/2024\/10\/three-ponytails-hairstyle-768x960.jpg 768w, https:\/\/flawlesshair.com\/wp-content\/uploads\/2024\/10\/three-ponytails-hairstyle-150x188.jpg 150w\" sizes=\"auto, (max-width: 760px) calc(100vw - 24px), 720px\" data-pin-media=\"https:\/\/flawlesshair.com\/wp-content\/uploads\/2024\/10\/three-ponytails-hairstyle.jpg\" id=\"mv-trellis-img-17\" data-trellis-processed=\"1\"><div style=\"position: absolute; top: 0.5rem; right: 0.75rem;\"> <a href=\"https:\/\/www.pinterest.com\/pin\/create\/button\/\" data-pin-do=\"buttonPin\" data-pin-tall=\"true\" data-pin-url=\"https:\/\/flawlesshair.com\/pt\/penteados-para-o-dia-da-fotografia-para-criancas-negras\/\" data-pin-media=\"https:\/\/flawlesshair.com\/wp-content\/uploads\/2024\/10\/three-ponytails-hairstyle.jpg\" data-pin-description=\"19 Cutest Picture Day Hairstyles For Black Kids\" rel=\"nofollow noopener\" target=\"_blank\"> <\/a><\/div><\/div><figcaption class=\"wp-element-caption\">@<a href=\"https:\/\/www.instagram.com\/kidshairbyri\/\" target=\"_blank\" rel=\"noreferrer noopener nofollow\">cabelo de crian\u00e7a<\/a><\/figcaption><\/figure>\n<\/div>\n\n\n<p>N\u00e3o um, n\u00e3o dois, mas tr\u00eas rabos-de-cavalo adornados com bonitas contas cor-de-rosa \u00e9 um estilo a que a sua filha n\u00e3o conseguir\u00e1 resistir!<\/p>\n\n\n\n<h2 class=\"wp-block-heading\">18. Tran\u00e7as metade para cima metade para baixo<\/h2>\n\n\n<div class=\"wp-block-image\">\n<figure class=\"aligncenter size-full\"><div style=\"position: relative;\"><noscript><img loading=\"lazy\" decoding=\"async\" width=\"1080\" height=\"1351\" src=\"https:\/\/flawlesshair.com\/wp-content\/uploads\/2024\/10\/half-up-half-down-cornrows.jpg\" alt=\"tran\u00e7as metade para cima metade para baixo\" class=\"wp-image-63084\" srcset=\"https:\/\/flawlesshair.com\/wp-content\/uploads\/2024\/10\/half-up-half-down-cornrows.jpg 1080w, https:\/\/flawlesshair.com\/wp-content\/uploads\/2024\/10\/half-up-half-down-cornrows-768x960.jpg 768w, https:\/\/flawlesshair.com\/wp-content\/uploads\/2024\/10\/half-up-half-down-cornrows-150x188.jpg 150w\" sizes=\"auto, (max-width: 760px) calc(100vw - 24px), 720px\"><\/noscript><img loading=\"lazy\" decoding=\"async\" width=\"1080\" height=\"1351\" src=\"https:\/\/flawlesshair.com\/wp-content\/uploads\/2024\/10\/half-up-half-down-cornrows.jpg\" alt=\"tran\u00e7as metade para cima metade para baixo\" class=\"wp-image-63084 lazyload\" srcset=\"https:\/\/flawlesshair.com\/wp-content\/uploads\/2024\/10\/half-up-half-down-cornrows.jpg 1080w, https:\/\/flawlesshair.com\/wp-content\/uploads\/2024\/10\/half-up-half-down-cornrows-768x960.jpg 768w, https:\/\/flawlesshair.com\/wp-content\/uploads\/2024\/10\/half-up-half-down-cornrows-150x188.jpg 150w\" sizes=\"auto, (max-width: 760px) calc(100vw - 24px), 720px\" data-pin-media=\"https:\/\/flawlesshair.com\/wp-content\/uploads\/2024\/10\/half-up-half-down-cornrows.jpg\" id=\"mv-trellis-img-18\" data-trellis-processed=\"1\"><div style=\"position: absolute; top: 0.5rem; right: 0.75rem;\"> <a href=\"https:\/\/www.pinterest.com\/pin\/create\/button\/\" data-pin-do=\"buttonPin\" data-pin-tall=\"true\" data-pin-url=\"https:\/\/flawlesshair.com\/pt\/penteados-para-o-dia-da-fotografia-para-criancas-negras\/\" data-pin-media=\"https:\/\/flawlesshair.com\/wp-content\/uploads\/2024\/10\/half-up-half-down-cornrows.jpg\" data-pin-description=\"19 Cutest Picture Day Hairstyles For Black Kids\" rel=\"nofollow noopener\" target=\"_blank\"> <\/a><\/div><\/div><figcaption class=\"wp-element-caption\">@<a href=\"https:\/\/www.instagram.com\/kidshairbyri\/\" target=\"_blank\" rel=\"noreferrer noopener nofollow\">cabelo de crian\u00e7a<\/a><\/figcaption><\/figure>\n<\/div>\n\n\n<p>As tran\u00e7as com um penteado intemporal meio para cima, meio para baixo s\u00e3o uma op\u00e7\u00e3o obrigat\u00f3ria na lista de penteados para o dia da fotografia para crian\u00e7as negras!<\/p>\n\n\n\n<h2 class=\"wp-block-heading\">19. Tran\u00e7as espinha-de-peixe<\/h2>\n\n\n<div class=\"wp-block-image\">\n<figure class=\"aligncenter size-full\"><div style=\"position: relative;\"><noscript><img loading=\"lazy\" decoding=\"async\" width=\"1080\" height=\"1351\" src=\"https:\/\/flawlesshair.com\/wp-content\/uploads\/2024\/10\/fishbone-cornrows.jpg\" alt=\"tran\u00e7as espinha de peixe\" class=\"wp-image-63087\" srcset=\"https:\/\/flawlesshair.com\/wp-content\/uploads\/2024\/10\/fishbone-cornrows.jpg 1080w, https:\/\/flawlesshair.com\/wp-content\/uploads\/2024\/10\/fishbone-cornrows-768x960.jpg 768w, https:\/\/flawlesshair.com\/wp-content\/uploads\/2024\/10\/fishbone-cornrows-150x188.jpg 150w\" sizes=\"auto, (max-width: 760px) calc(100vw - 24px), 720px\"><\/noscript><img loading=\"lazy\" decoding=\"async\" width=\"1080\" height=\"1351\" src=\"https:\/\/flawlesshair.com\/wp-content\/uploads\/2024\/10\/fishbone-cornrows.jpg\" alt=\"tran\u00e7as espinha de peixe\" class=\"wp-image-63087 lazyload\" srcset=\"https:\/\/flawlesshair.com\/wp-content\/uploads\/2024\/10\/fishbone-cornrows.jpg 1080w, https:\/\/flawlesshair.com\/wp-content\/uploads\/2024\/10\/fishbone-cornrows-768x960.jpg 768w, https:\/\/flawlesshair.com\/wp-content\/uploads\/2024\/10\/fishbone-cornrows-150x188.jpg 150w\" sizes=\"auto, (max-width: 760px) calc(100vw - 24px), 720px\" data-pin-media=\"https:\/\/flawlesshair.com\/wp-content\/uploads\/2024\/10\/fishbone-cornrows.jpg\" id=\"mv-trellis-img-19\" data-trellis-processed=\"1\"><div style=\"position: absolute; top: 0.5rem; right: 0.75rem;\"> <a href=\"https:\/\/www.pinterest.com\/pin\/create\/button\/\" data-pin-do=\"buttonPin\" data-pin-tall=\"true\" data-pin-url=\"https:\/\/flawlesshair.com\/pt\/penteados-para-o-dia-da-fotografia-para-criancas-negras\/\" data-pin-media=\"https:\/\/flawlesshair.com\/wp-content\/uploads\/2024\/10\/fishbone-cornrows.jpg\" data-pin-description=\"19 Cutest Picture Day Hairstyles For Black Kids\" rel=\"nofollow noopener\" target=\"_blank\"> <\/a><\/div><\/div><figcaption class=\"wp-element-caption\">@<a href=\"https:\/\/www.instagram.com\/kidshairbyri\/\" target=\"_blank\" rel=\"noreferrer noopener nofollow\">cabelo de crian\u00e7a<\/a><\/figcaption><\/figure>\n<\/div>\n\n\n<p>N\u00e3o existem demasiados <a href=\"https:\/\/flawlesshair.com\/pt\/ideias-para-trancas\/\">ideias para tran\u00e7as<\/a>Por isso, aqui est\u00e1 uma \u00f3ptima op\u00e7\u00e3o para fazer com que a sua filha se sinta ador\u00e1vel: tran\u00e7as em forma de espinha de peixe!<\/p>","protected":false},"excerpt":{"rendered":"<p>O cabelo preto natural \u00e9 lindo, mas tamb\u00e9m pode ser selvagem e dif\u00edcil de domar, o que pode irritar a sua filha na fotografia da escola ...<\/p>","protected":false},"author":6,"featured_media":63090,"comment_status":"closed","ping_status":"closed","sticky":false,"template":"","format":"standard","meta":{"syndication_tool_enabled":true,"syndication_tool_title":"","syndication_tool_excerpt":"","syndication_tool_featured_image":0,"syndication_tool_publish_date":"","syndication_tool_schema_types":["gallery"],"syndication_tool_backlink_enable":false,"syndication_tool_ai_disclosure_enable":false,"disable-in-feed":false,"article-schema-type":"","disable-critical-css":false,"footnotes":""},"categories":[28],"tags":[],"class_list":["post-62996","post","type-post","status-publish","format-standard","has-post-thumbnail","hentry","category-styles"],"_links":{"self":[{"href":"https:\/\/flawlesshair.com\/pt\/wp-json\/wp\/v2\/posts\/62996","targetHints":{"allow":["GET"]}}],"collection":[{"href":"https:\/\/flawlesshair.com\/pt\/wp-json\/wp\/v2\/posts"}],"about":[{"href":"https:\/\/flawlesshair.com\/pt\/wp-json\/wp\/v2\/types\/post"}],"author":[{"embeddable":true,"href":"https:\/\/flawlesshair.com\/pt\/wp-json\/wp\/v2\/users\/6"}],"replies":[{"embeddable":true,"href":"https:\/\/flawlesshair.com\/pt\/wp-json\/wp\/v2\/comments?post=62996"}],"version-history":[{"count":0,"href":"https:\/\/flawlesshair.com\/pt\/wp-json\/wp\/v2\/posts\/62996\/revisions"}],"wp:featuredmedia":[{"embeddable":true,"href":"https:\/\/flawlesshair.com\/pt\/wp-json\/wp\/v2\/media\/63090"}],"wp:attachment":[{"href":"https:\/\/flawlesshair.com\/pt\/wp-json\/wp\/v2\/media?parent=62996"}],"wp:term":[{"taxonomy":"category","embeddable":true,"href":"https:\/\/flawlesshair.com\/pt\/wp-json\/wp\/v2\/categories?post=62996"},{"taxonomy":"post_tag","embeddable":true,"href":"https:\/\/flawlesshair.com\/pt\/wp-json\/wp\/v2\/tags?post=62996"}],"curies":[{"name":"wp","href":"https:\/\/api.w.org\/{rel}","templated":true}]}}