{"id":81165,"date":"2024-12-29T21:30:00","date_gmt":"2024-12-29T20:30:00","guid":{"rendered":"https:\/\/flawlesshair.com\/?p=81165"},"modified":"2024-12-24T11:44:16","modified_gmt":"2024-12-24T10:44:16","slug":"cortes-de-cabelo-para-cabelos-de-comprimento-medio","status":"publish","type":"post","link":"https:\/\/flawlesshair.com\/pt\/cortes-de-cabelo-para-cabelos-de-comprimento-medio\/","title":{"rendered":"13 cortes de cabelo elegantes para cabelos m\u00e9dios para se apaixonar pelo seu visual"},"content":{"rendered":"<style>img#mv-trellis-img-1::before{padding-top:125%; }img#mv-trellis-img-1{display:block;}img#mv-trellis-img-2::before{padding-top:117.5%; }img#mv-trellis-img-2{display:block;}img#mv-trellis-img-3::before{padding-top:100%; }img#mv-trellis-img-3{display:block;}img#mv-trellis-img-4::before{padding-top:115.625%; }img#mv-trellis-img-4{display:block;}img#mv-trellis-img-5::before{padding-top:117.77777777778%; }img#mv-trellis-img-5{display:block;}img#mv-trellis-img-6::before{padding-top:100%; }img#mv-trellis-img-6{display:block;}img#mv-trellis-img-7::before{padding-top:125%; }img#mv-trellis-img-7{display:block;}img#mv-trellis-img-8::before{padding-top:108.33333333333%; }img#mv-trellis-img-8{display:block;}img#mv-trellis-img-9::before{padding-top:125%; }img#mv-trellis-img-9{display:block;}img#mv-trellis-img-10::before{padding-top:124.90740740741%; }img#mv-trellis-img-10{display:block;}img#mv-trellis-img-11::before{padding-top:125%; }img#mv-trellis-img-11{display:block;}img#mv-trellis-img-12::before{padding-top:117.12962962963%; }img#mv-trellis-img-12{display:block;}img#mv-trellis-img-13::before{padding-top:110.18518518519%; }img#mv-trellis-img-13{display:block;}<\/style>\n<p>O cabelo de comprimento m\u00e9dio atinge um equil\u00edbrio perfeito - \u00e9 suficientemente comprido para ser exibido, mas f\u00e1cil de gerir. Com tantas possibilidades de estilo, h\u00e1 um corte de cabelo para cabelo de comprimento m\u00e9dio para cada est\u00e9tica e estilo pessoal. Pronta para encontrar o seu pr\u00f3ximo look favorito? Aviso: vai ser dif\u00edcil escolher apenas um!<\/p>\n\n\n\n<h2 class=\"wp-block-heading\">1. Cabelo M\u00e9dio em Camadas com Franja Cortina<\/h2>\n\n\n<div class=\"wp-block-image\">\n<figure class=\"aligncenter size-full\"><div style=\"position: relative;\"><noscript><img loading=\"lazy\" decoding=\"async\" width=\"1440\" height=\"1800\" src=\"https:\/\/flawlesshair.com\/wp-content\/uploads\/2024\/11\/1.-medium-layered-hair-with-curtain-bangs.jpg\" alt=\"cabelo m\u00e9dio em camadas com franja em cortina\" class=\"wp-image-81172\" srcset=\"https:\/\/flawlesshair.com\/wp-content\/uploads\/2024\/11\/1.-medium-layered-hair-with-curtain-bangs.jpg 1440w, https:\/\/flawlesshair.com\/wp-content\/uploads\/2024\/11\/1.-medium-layered-hair-with-curtain-bangs-240x300.jpg 240w, https:\/\/flawlesshair.com\/wp-content\/uploads\/2024\/11\/1.-medium-layered-hair-with-curtain-bangs-768x960.jpg 768w, https:\/\/flawlesshair.com\/wp-content\/uploads\/2024\/11\/1.-medium-layered-hair-with-curtain-bangs-10x12.jpg 10w, https:\/\/flawlesshair.com\/wp-content\/uploads\/2024\/11\/1.-medium-layered-hair-with-curtain-bangs-864x1080.jpg 864w, https:\/\/flawlesshair.com\/wp-content\/uploads\/2024\/11\/1.-medium-layered-hair-with-curtain-bangs-960x1200.jpg 960w\" sizes=\"auto, (max-width: 760px) calc(100vw - 24px), 720px\"><\/noscript><img loading=\"eager\" decoding=\"async\" width=\"1440\" height=\"1800\" src=\"data:image\/svg+xml,%3Csvg%20xmlns='http:\/\/www.w3.org\/2000\/svg'%20viewBox='0%200%201440%201800'%3E%3Crect%20width='1440'%20height='1800'%20style='fill:%23e3e3e3'\/%3E%3C\/svg%3E\" alt=\"cabelo m\u00e9dio em camadas com franja em cortina\" class=\"wp-image-81172 eager-load\" sizes=\"auto, (max-width: 760px) calc(100vw - 24px), 720px\" data-pin-media=\"https:\/\/flawlesshair.com\/wp-content\/uploads\/2024\/11\/1.-medium-layered-hair-with-curtain-bangs.jpg\" id=\"mv-trellis-img-1\" data-src=\"https:\/\/flawlesshair.com\/wp-content\/uploads\/2024\/11\/1.-medium-layered-hair-with-curtain-bangs.jpg\" data-srcset=\"https:\/\/flawlesshair.com\/wp-content\/uploads\/2024\/11\/1.-medium-layered-hair-with-curtain-bangs.jpg 1440w, https:\/\/flawlesshair.com\/wp-content\/uploads\/2024\/11\/1.-medium-layered-hair-with-curtain-bangs-240x300.jpg 240w, https:\/\/flawlesshair.com\/wp-content\/uploads\/2024\/11\/1.-medium-layered-hair-with-curtain-bangs-768x960.jpg 768w, https:\/\/flawlesshair.com\/wp-content\/uploads\/2024\/11\/1.-medium-layered-hair-with-curtain-bangs-10x12.jpg 10w, https:\/\/flawlesshair.com\/wp-content\/uploads\/2024\/11\/1.-medium-layered-hair-with-curtain-bangs-864x1080.jpg 864w, https:\/\/flawlesshair.com\/wp-content\/uploads\/2024\/11\/1.-medium-layered-hair-with-curtain-bangs-960x1200.jpg 960w\" data-svg=\"1\" data-trellis-processed=\"1\"><div style=\"position: absolute; top: 0.5rem; right: 0.75rem;\"> <a href=\"https:\/\/www.pinterest.com\/pin\/create\/button\/\" data-pin-do=\"buttonPin\" data-pin-tall=\"true\" data-pin-url=\"https:\/\/flawlesshair.com\/pt\/cortes-de-cabelo-para-cabelos-de-comprimento-medio\/\" data-pin-media=\"https:\/\/flawlesshair.com\/wp-content\/uploads\/2024\/11\/1.-medium-layered-hair-with-curtain-bangs.jpg\" data-pin-description=\"13 Stylish Haircuts For Medium-Length Hair To Fall In Love With Your Look\" rel=\"nofollow noopener\" target=\"_blank\"> <\/a><\/div><\/div><figcaption class=\"wp-element-caption\"><a href=\"https:\/\/www.instagram.com\/telleish_hair_studio\" target=\"_blank\" rel=\"noreferrer noopener nofollow\">@telleish_hair_studio<\/a><\/figcaption><\/figure>\n<\/div>\n\n\n<p>Camadas fluidas, \u00e0 altura dos ombros e <a href=\"https:\/\/flawlesshair.com\/pt\/franja-de-cortina-para-emoldurar-o-rosto\/\">franja de cortina para emoldurar o rosto<\/a> funcionam para todos os tipos e texturas de cabelo e ficam lindos ao natural ou penteados. A versatilidade deste corte n\u00e3o tem limites.<\/p>\n\n\n\n<h2 class=\"wp-block-heading\">2. Corte m\u00e9dio com textura choppy<\/h2>\n\n\n<div class=\"wp-block-image\">\n<figure class=\"aligncenter size-full\"><div style=\"position: relative;\"><noscript><img loading=\"lazy\" decoding=\"async\" width=\"1440\" height=\"1692\" src=\"https:\/\/flawlesshair.com\/wp-content\/uploads\/2024\/11\/2.-choppy-textured-medium-cut.jpg\" alt=\"corte m\u00e9dio com textura cortada\" class=\"wp-image-81173\" srcset=\"https:\/\/flawlesshair.com\/wp-content\/uploads\/2024\/11\/2.-choppy-textured-medium-cut.jpg 1440w, https:\/\/flawlesshair.com\/wp-content\/uploads\/2024\/11\/2.-choppy-textured-medium-cut-255x300.jpg 255w, https:\/\/flawlesshair.com\/wp-content\/uploads\/2024\/11\/2.-choppy-textured-medium-cut-768x902.jpg 768w, https:\/\/flawlesshair.com\/wp-content\/uploads\/2024\/11\/2.-choppy-textured-medium-cut-10x12.jpg 10w, https:\/\/flawlesshair.com\/wp-content\/uploads\/2024\/11\/2.-choppy-textured-medium-cut-817x960.jpg 817w, https:\/\/flawlesshair.com\/wp-content\/uploads\/2024\/11\/2.-choppy-textured-medium-cut-919x1080.jpg 919w, https:\/\/flawlesshair.com\/wp-content\/uploads\/2024\/11\/2.-choppy-textured-medium-cut-1021x1200.jpg 1021w\" sizes=\"auto, (max-width: 760px) calc(100vw - 24px), 720px\"><\/noscript><img loading=\"lazy\" decoding=\"async\" width=\"1440\" height=\"1692\" src=\"https:\/\/flawlesshair.com\/wp-content\/uploads\/2024\/11\/2.-choppy-textured-medium-cut.jpg\" alt=\"corte m\u00e9dio com textura cortada\" class=\"wp-image-81173 lazyload\" srcset=\"https:\/\/flawlesshair.com\/wp-content\/uploads\/2024\/11\/2.-choppy-textured-medium-cut.jpg 1440w, https:\/\/flawlesshair.com\/wp-content\/uploads\/2024\/11\/2.-choppy-textured-medium-cut-255x300.jpg 255w, https:\/\/flawlesshair.com\/wp-content\/uploads\/2024\/11\/2.-choppy-textured-medium-cut-768x902.jpg 768w, https:\/\/flawlesshair.com\/wp-content\/uploads\/2024\/11\/2.-choppy-textured-medium-cut-10x12.jpg 10w, https:\/\/flawlesshair.com\/wp-content\/uploads\/2024\/11\/2.-choppy-textured-medium-cut-817x960.jpg 817w, https:\/\/flawlesshair.com\/wp-content\/uploads\/2024\/11\/2.-choppy-textured-medium-cut-919x1080.jpg 919w, https:\/\/flawlesshair.com\/wp-content\/uploads\/2024\/11\/2.-choppy-textured-medium-cut-1021x1200.jpg 1021w\" sizes=\"auto, (max-width: 760px) calc(100vw - 24px), 720px\" data-pin-media=\"https:\/\/flawlesshair.com\/wp-content\/uploads\/2024\/11\/2.-choppy-textured-medium-cut.jpg\" id=\"mv-trellis-img-2\" data-trellis-processed=\"1\"><div style=\"position: absolute; top: 0.5rem; right: 0.75rem;\"> <a href=\"https:\/\/www.pinterest.com\/pin\/create\/button\/\" data-pin-do=\"buttonPin\" data-pin-tall=\"true\" data-pin-url=\"https:\/\/flawlesshair.com\/pt\/cortes-de-cabelo-para-cabelos-de-comprimento-medio\/\" data-pin-media=\"https:\/\/flawlesshair.com\/wp-content\/uploads\/2024\/11\/2.-choppy-textured-medium-cut.jpg\" data-pin-description=\"13 Stylish Haircuts For Medium-Length Hair To Fall In Love With Your Look\" rel=\"nofollow noopener\" target=\"_blank\"> <\/a><\/div><\/div><figcaption class=\"wp-element-caption\"><a href=\"https:\/\/www.instagram.com\/yukistylist\" target=\"_blank\" rel=\"noreferrer noopener nofollow\">@yukistylist<\/a><\/figcaption><\/figure>\n<\/div>\n\n\n<p>Os estilos choppy da moda s\u00e3o perfeitos se estiver a tentar fazer com que o cabelo fino ou fino pare\u00e7a mais espesso. Este corte \u00e9 <a href=\"https:\/\/flawlesshair.com\/pt\/lobulo-texturado\/\">tudo sobre textura<\/a>!<\/p>\n\n\n\n<h2 class=\"wp-block-heading\">3. Camadas de penas<\/h2>\n\n\n<div class=\"wp-block-image\">\n<figure class=\"aligncenter size-full\"><div style=\"position: relative;\"><noscript><img loading=\"lazy\" decoding=\"async\" width=\"1440\" height=\"1440\" src=\"https:\/\/flawlesshair.com\/wp-content\/uploads\/2024\/11\/3.-feathered-layers.jpg\" alt=\"camadas de penas\" class=\"wp-image-81174\" srcset=\"https:\/\/flawlesshair.com\/wp-content\/uploads\/2024\/11\/3.-feathered-layers.jpg 1440w, https:\/\/flawlesshair.com\/wp-content\/uploads\/2024\/11\/3.-feathered-layers-300x300.jpg 300w, https:\/\/flawlesshair.com\/wp-content\/uploads\/2024\/11\/3.-feathered-layers-150x150.jpg 150w, https:\/\/flawlesshair.com\/wp-content\/uploads\/2024\/11\/3.-feathered-layers-768x768.jpg 768w, https:\/\/flawlesshair.com\/wp-content\/uploads\/2024\/11\/3.-feathered-layers-12x12.jpg 12w, https:\/\/flawlesshair.com\/wp-content\/uploads\/2024\/11\/3.-feathered-layers-728x728.jpg 728w, https:\/\/flawlesshair.com\/wp-content\/uploads\/2024\/11\/3.-feathered-layers-960x960.jpg 960w, https:\/\/flawlesshair.com\/wp-content\/uploads\/2024\/11\/3.-feathered-layers-1080x1080.jpg 1080w, https:\/\/flawlesshair.com\/wp-content\/uploads\/2024\/11\/3.-feathered-layers-1200x1200.jpg 1200w\" sizes=\"auto, (max-width: 760px) calc(100vw - 24px), 720px\"><\/noscript><img loading=\"lazy\" decoding=\"async\" width=\"1440\" height=\"1440\" src=\"https:\/\/flawlesshair.com\/wp-content\/uploads\/2024\/11\/3.-feathered-layers.jpg\" alt=\"camadas de penas\" class=\"wp-image-81174 lazyload\" srcset=\"https:\/\/flawlesshair.com\/wp-content\/uploads\/2024\/11\/3.-feathered-layers.jpg 1440w, https:\/\/flawlesshair.com\/wp-content\/uploads\/2024\/11\/3.-feathered-layers-300x300.jpg 300w, https:\/\/flawlesshair.com\/wp-content\/uploads\/2024\/11\/3.-feathered-layers-150x150.jpg 150w, https:\/\/flawlesshair.com\/wp-content\/uploads\/2024\/11\/3.-feathered-layers-768x768.jpg 768w, https:\/\/flawlesshair.com\/wp-content\/uploads\/2024\/11\/3.-feathered-layers-12x12.jpg 12w, https:\/\/flawlesshair.com\/wp-content\/uploads\/2024\/11\/3.-feathered-layers-728x728.jpg 728w, https:\/\/flawlesshair.com\/wp-content\/uploads\/2024\/11\/3.-feathered-layers-960x960.jpg 960w, https:\/\/flawlesshair.com\/wp-content\/uploads\/2024\/11\/3.-feathered-layers-1080x1080.jpg 1080w, https:\/\/flawlesshair.com\/wp-content\/uploads\/2024\/11\/3.-feathered-layers-1200x1200.jpg 1200w\" sizes=\"auto, (max-width: 760px) calc(100vw - 24px), 720px\" data-pin-media=\"https:\/\/flawlesshair.com\/wp-content\/uploads\/2024\/11\/3.-feathered-layers.jpg\" id=\"mv-trellis-img-3\" data-trellis-processed=\"1\"><div style=\"position: absolute; top: 0.5rem; right: 0.75rem;\"> <a href=\"https:\/\/www.pinterest.com\/pin\/create\/button\/\" data-pin-do=\"buttonPin\" data-pin-tall=\"true\" data-pin-url=\"https:\/\/flawlesshair.com\/pt\/cortes-de-cabelo-para-cabelos-de-comprimento-medio\/\" data-pin-media=\"https:\/\/flawlesshair.com\/wp-content\/uploads\/2024\/11\/3.-feathered-layers.jpg\" data-pin-description=\"13 Stylish Haircuts For Medium-Length Hair To Fall In Love With Your Look\" rel=\"nofollow noopener\" target=\"_blank\"> <\/a><\/div><\/div><figcaption class=\"wp-element-caption\"><a href=\"https:\/\/www.instagram.com\/thiagoavidoti\" target=\"_blank\" rel=\"noreferrer noopener nofollow\">@thiagoavidoti<\/a><\/figcaption><\/figure>\n<\/div>\n\n\n<p>Para as pessoas com cabelo espesso que pretendem que o seu cabelo seja manej\u00e1vel sem que pare\u00e7a menos volumoso, as camadas suaves que eliminam o peso e o volume s\u00e3o suficientes. <\/p>\n\n\n\n<h2 class=\"wp-block-heading\">4. Enquadramento facial suave<\/h2>\n\n\n<div class=\"wp-block-image\">\n<figure class=\"aligncenter size-full\"><div style=\"position: relative;\"><noscript><img loading=\"lazy\" decoding=\"async\" width=\"1440\" height=\"1665\" src=\"https:\/\/flawlesshair.com\/wp-content\/uploads\/2024\/11\/4.-soft-face-framing.jpg\" alt=\"enquadramento suave do rosto\" class=\"wp-image-81176\" srcset=\"https:\/\/flawlesshair.com\/wp-content\/uploads\/2024\/11\/4.-soft-face-framing.jpg 1440w, https:\/\/flawlesshair.com\/wp-content\/uploads\/2024\/11\/4.-soft-face-framing-259x300.jpg 259w, https:\/\/flawlesshair.com\/wp-content\/uploads\/2024\/11\/4.-soft-face-framing-768x888.jpg 768w, https:\/\/flawlesshair.com\/wp-content\/uploads\/2024\/11\/4.-soft-face-framing-10x12.jpg 10w, https:\/\/flawlesshair.com\/wp-content\/uploads\/2024\/11\/4.-soft-face-framing-830x960.jpg 830w, https:\/\/flawlesshair.com\/wp-content\/uploads\/2024\/11\/4.-soft-face-framing-934x1080.jpg 934w, https:\/\/flawlesshair.com\/wp-content\/uploads\/2024\/11\/4.-soft-face-framing-1038x1200.jpg 1038w\" sizes=\"auto, (max-width: 760px) calc(100vw - 24px), 720px\"><\/noscript><img loading=\"lazy\" decoding=\"async\" width=\"1440\" height=\"1665\" src=\"https:\/\/flawlesshair.com\/wp-content\/uploads\/2024\/11\/4.-soft-face-framing.jpg\" alt=\"enquadramento suave do rosto\" class=\"wp-image-81176 lazyload\" srcset=\"https:\/\/flawlesshair.com\/wp-content\/uploads\/2024\/11\/4.-soft-face-framing.jpg 1440w, https:\/\/flawlesshair.com\/wp-content\/uploads\/2024\/11\/4.-soft-face-framing-259x300.jpg 259w, https:\/\/flawlesshair.com\/wp-content\/uploads\/2024\/11\/4.-soft-face-framing-768x888.jpg 768w, https:\/\/flawlesshair.com\/wp-content\/uploads\/2024\/11\/4.-soft-face-framing-10x12.jpg 10w, https:\/\/flawlesshair.com\/wp-content\/uploads\/2024\/11\/4.-soft-face-framing-830x960.jpg 830w, https:\/\/flawlesshair.com\/wp-content\/uploads\/2024\/11\/4.-soft-face-framing-934x1080.jpg 934w, https:\/\/flawlesshair.com\/wp-content\/uploads\/2024\/11\/4.-soft-face-framing-1038x1200.jpg 1038w\" sizes=\"auto, (max-width: 760px) calc(100vw - 24px), 720px\" data-pin-media=\"https:\/\/flawlesshair.com\/wp-content\/uploads\/2024\/11\/4.-soft-face-framing.jpg\" id=\"mv-trellis-img-4\" data-trellis-processed=\"1\"><div style=\"position: absolute; top: 0.5rem; right: 0.75rem;\"> <a href=\"https:\/\/www.pinterest.com\/pin\/create\/button\/\" data-pin-do=\"buttonPin\" data-pin-tall=\"true\" data-pin-url=\"https:\/\/flawlesshair.com\/pt\/cortes-de-cabelo-para-cabelos-de-comprimento-medio\/\" data-pin-media=\"https:\/\/flawlesshair.com\/wp-content\/uploads\/2024\/11\/4.-soft-face-framing.jpg\" data-pin-description=\"13 Stylish Haircuts For Medium-Length Hair To Fall In Love With Your Look\" rel=\"nofollow noopener\" target=\"_blank\"> <\/a><\/div><\/div><figcaption class=\"wp-element-caption\"><a href=\"https:\/\/www.instagram.com\/salonher_\" target=\"_blank\" rel=\"noreferrer noopener nofollow\">@salonher_<\/a><\/figcaption><\/figure>\n<\/div>\n\n\n<p>Subtil, quase impercet\u00edvel <a href=\"https:\/\/flawlesshair.com\/pt\/penteado-com-moldura-para-o-rosto\/\">camadas de enquadramento facial<\/a> s\u00e3o \u00f3ptimos se quiser algum movimento no seu cabelo, mas n\u00e3o gosta muito de looks com muitas camadas. <\/p>\n\n\n\n<h2 class=\"wp-block-heading\">5. Pano encaracolado macio<\/h2>\n\n\n<div class=\"wp-block-image\">\n<figure class=\"aligncenter size-full\"><div style=\"position: relative;\"><noscript><img loading=\"lazy\" decoding=\"async\" width=\"1080\" height=\"1272\" src=\"https:\/\/flawlesshair.com\/wp-content\/uploads\/2024\/11\/5.-layered-curls.jpg\" alt=\"carac\u00f3is em camadas\" class=\"wp-image-81177\" srcset=\"https:\/\/flawlesshair.com\/wp-content\/uploads\/2024\/11\/5.-layered-curls.jpg 1080w, https:\/\/flawlesshair.com\/wp-content\/uploads\/2024\/11\/5.-layered-curls-255x300.jpg 255w, https:\/\/flawlesshair.com\/wp-content\/uploads\/2024\/11\/5.-layered-curls-768x905.jpg 768w, https:\/\/flawlesshair.com\/wp-content\/uploads\/2024\/11\/5.-layered-curls-10x12.jpg 10w, https:\/\/flawlesshair.com\/wp-content\/uploads\/2024\/11\/5.-layered-curls-815x960.jpg 815w, https:\/\/flawlesshair.com\/wp-content\/uploads\/2024\/11\/5.-layered-curls-917x1080.jpg 917w, https:\/\/flawlesshair.com\/wp-content\/uploads\/2024\/11\/5.-layered-curls-1019x1200.jpg 1019w\" sizes=\"auto, (max-width: 760px) calc(100vw - 24px), 720px\"><\/noscript><img loading=\"lazy\" decoding=\"async\" width=\"1080\" height=\"1272\" src=\"https:\/\/flawlesshair.com\/wp-content\/uploads\/2024\/11\/5.-layered-curls.jpg\" alt=\"carac\u00f3is em camadas\" class=\"wp-image-81177 lazyload\" srcset=\"https:\/\/flawlesshair.com\/wp-content\/uploads\/2024\/11\/5.-layered-curls.jpg 1080w, https:\/\/flawlesshair.com\/wp-content\/uploads\/2024\/11\/5.-layered-curls-255x300.jpg 255w, https:\/\/flawlesshair.com\/wp-content\/uploads\/2024\/11\/5.-layered-curls-768x905.jpg 768w, https:\/\/flawlesshair.com\/wp-content\/uploads\/2024\/11\/5.-layered-curls-10x12.jpg 10w, https:\/\/flawlesshair.com\/wp-content\/uploads\/2024\/11\/5.-layered-curls-815x960.jpg 815w, https:\/\/flawlesshair.com\/wp-content\/uploads\/2024\/11\/5.-layered-curls-917x1080.jpg 917w, https:\/\/flawlesshair.com\/wp-content\/uploads\/2024\/11\/5.-layered-curls-1019x1200.jpg 1019w\" sizes=\"auto, (max-width: 760px) calc(100vw - 24px), 720px\" data-pin-media=\"https:\/\/flawlesshair.com\/wp-content\/uploads\/2024\/11\/5.-layered-curls.jpg\" id=\"mv-trellis-img-5\" data-trellis-processed=\"1\"><div style=\"position: absolute; top: 0.5rem; right: 0.75rem;\"> <a href=\"https:\/\/www.pinterest.com\/pin\/create\/button\/\" data-pin-do=\"buttonPin\" data-pin-tall=\"true\" data-pin-url=\"https:\/\/flawlesshair.com\/pt\/cortes-de-cabelo-para-cabelos-de-comprimento-medio\/\" data-pin-media=\"https:\/\/flawlesshair.com\/wp-content\/uploads\/2024\/11\/5.-layered-curls.jpg\" data-pin-description=\"13 Stylish Haircuts For Medium-Length Hair To Fall In Love With Your Look\" rel=\"nofollow noopener\" target=\"_blank\"> <\/a><\/div><\/div><figcaption class=\"wp-element-caption\"><a href=\"https:\/\/www.instagram.com\/slickback_buttahtoast\" target=\"_blank\" rel=\"noreferrer noopener nofollow\">@slickback_buttahtoast<\/a><\/figcaption><\/figure>\n<\/div>\n\n\n<p>Os carac\u00f3is bem cortados t\u00eam espa\u00e7o para florescer, e este lindo caracol <a href=\"https:\/\/flawlesshair.com\/pt\/felpa-macia\/\">felpa macia<\/a> \u00e9 o exemplo perfeito. Leve e saltitante!<\/p>\n\n\n\n<h2 class=\"wp-block-heading\">6. Corte borboleta<\/h2>\n\n\n<div class=\"wp-block-image\">\n<figure class=\"aligncenter size-full\"><div style=\"position: relative;\"><noscript><img loading=\"lazy\" decoding=\"async\" width=\"1440\" height=\"1440\" src=\"https:\/\/flawlesshair.com\/wp-content\/uploads\/2024\/11\/6.-butterfly-cut.jpg\" alt=\"corte borboleta\" class=\"wp-image-81178\" srcset=\"https:\/\/flawlesshair.com\/wp-content\/uploads\/2024\/11\/6.-butterfly-cut.jpg 1440w, https:\/\/flawlesshair.com\/wp-content\/uploads\/2024\/11\/6.-butterfly-cut-300x300.jpg 300w, https:\/\/flawlesshair.com\/wp-content\/uploads\/2024\/11\/6.-butterfly-cut-150x150.jpg 150w, https:\/\/flawlesshair.com\/wp-content\/uploads\/2024\/11\/6.-butterfly-cut-768x768.jpg 768w, https:\/\/flawlesshair.com\/wp-content\/uploads\/2024\/11\/6.-butterfly-cut-12x12.jpg 12w, https:\/\/flawlesshair.com\/wp-content\/uploads\/2024\/11\/6.-butterfly-cut-728x728.jpg 728w, https:\/\/flawlesshair.com\/wp-content\/uploads\/2024\/11\/6.-butterfly-cut-960x960.jpg 960w, https:\/\/flawlesshair.com\/wp-content\/uploads\/2024\/11\/6.-butterfly-cut-1080x1080.jpg 1080w, https:\/\/flawlesshair.com\/wp-content\/uploads\/2024\/11\/6.-butterfly-cut-1200x1200.jpg 1200w\" sizes=\"auto, (max-width: 760px) calc(100vw - 24px), 720px\"><\/noscript><img loading=\"lazy\" decoding=\"async\" width=\"1440\" height=\"1440\" src=\"https:\/\/flawlesshair.com\/wp-content\/uploads\/2024\/11\/6.-butterfly-cut.jpg\" alt=\"corte borboleta\" class=\"wp-image-81178 lazyload\" srcset=\"https:\/\/flawlesshair.com\/wp-content\/uploads\/2024\/11\/6.-butterfly-cut.jpg 1440w, https:\/\/flawlesshair.com\/wp-content\/uploads\/2024\/11\/6.-butterfly-cut-300x300.jpg 300w, https:\/\/flawlesshair.com\/wp-content\/uploads\/2024\/11\/6.-butterfly-cut-150x150.jpg 150w, https:\/\/flawlesshair.com\/wp-content\/uploads\/2024\/11\/6.-butterfly-cut-768x768.jpg 768w, https:\/\/flawlesshair.com\/wp-content\/uploads\/2024\/11\/6.-butterfly-cut-12x12.jpg 12w, https:\/\/flawlesshair.com\/wp-content\/uploads\/2024\/11\/6.-butterfly-cut-728x728.jpg 728w, https:\/\/flawlesshair.com\/wp-content\/uploads\/2024\/11\/6.-butterfly-cut-960x960.jpg 960w, https:\/\/flawlesshair.com\/wp-content\/uploads\/2024\/11\/6.-butterfly-cut-1080x1080.jpg 1080w, https:\/\/flawlesshair.com\/wp-content\/uploads\/2024\/11\/6.-butterfly-cut-1200x1200.jpg 1200w\" sizes=\"auto, (max-width: 760px) calc(100vw - 24px), 720px\" data-pin-media=\"https:\/\/flawlesshair.com\/wp-content\/uploads\/2024\/11\/6.-butterfly-cut.jpg\" id=\"mv-trellis-img-6\" data-trellis-processed=\"1\"><div style=\"position: absolute; top: 0.5rem; right: 0.75rem;\"> <a href=\"https:\/\/www.pinterest.com\/pin\/create\/button\/\" data-pin-do=\"buttonPin\" data-pin-tall=\"true\" data-pin-url=\"https:\/\/flawlesshair.com\/pt\/cortes-de-cabelo-para-cabelos-de-comprimento-medio\/\" data-pin-media=\"https:\/\/flawlesshair.com\/wp-content\/uploads\/2024\/11\/6.-butterfly-cut.jpg\" data-pin-description=\"13 Stylish Haircuts For Medium-Length Hair To Fall In Love With Your Look\" rel=\"nofollow noopener\" target=\"_blank\"> <\/a><\/div><\/div><figcaption class=\"wp-element-caption\"><a href=\"https:\/\/www.instagram.com\/emma.scissorhandz\" target=\"_blank\" rel=\"noreferrer noopener nofollow\">@emma.scissorhandz<\/a><\/figcaption><\/figure>\n<\/div>\n\n\n<p>O favorito de toda a gente nos \u00faltimos dois anos, <a href=\"https:\/\/flawlesshair.com\/pt\/corte-de-cabelo-borboleta\/\">o corte borboleta<\/a> \u00e9 t\u00e3o popular porque \u00e9 muito bonito e lisonjeiro. Fica mais volumoso quando termina \u00e0 volta dos ombros, por isso \u00e9 um dos melhores cortes de cabelo para cabelos de comprimento m\u00e9dio<strong>.<\/strong><\/p>\n\n\n\n<h2 class=\"wp-block-heading\">7. Corte do lobo<\/h2>\n\n\n<div class=\"wp-block-image\">\n<figure class=\"aligncenter size-full\"><div style=\"position: relative;\"><noscript><img loading=\"lazy\" decoding=\"async\" width=\"1440\" height=\"1800\" src=\"https:\/\/flawlesshair.com\/wp-content\/uploads\/2024\/11\/7.-wolf-cut.jpg\" alt=\"corte do lobo\" class=\"wp-image-81179\" srcset=\"https:\/\/flawlesshair.com\/wp-content\/uploads\/2024\/11\/7.-wolf-cut.jpg 1440w, https:\/\/flawlesshair.com\/wp-content\/uploads\/2024\/11\/7.-wolf-cut-240x300.jpg 240w, https:\/\/flawlesshair.com\/wp-content\/uploads\/2024\/11\/7.-wolf-cut-768x960.jpg 768w, https:\/\/flawlesshair.com\/wp-content\/uploads\/2024\/11\/7.-wolf-cut-10x12.jpg 10w, https:\/\/flawlesshair.com\/wp-content\/uploads\/2024\/11\/7.-wolf-cut-864x1080.jpg 864w, https:\/\/flawlesshair.com\/wp-content\/uploads\/2024\/11\/7.-wolf-cut-960x1200.jpg 960w\" sizes=\"auto, (max-width: 760px) calc(100vw - 24px), 720px\"><\/noscript><img loading=\"lazy\" decoding=\"async\" width=\"1440\" height=\"1800\" src=\"https:\/\/flawlesshair.com\/wp-content\/uploads\/2024\/11\/7.-wolf-cut.jpg\" alt=\"corte do lobo\" class=\"wp-image-81179 lazyload\" srcset=\"https:\/\/flawlesshair.com\/wp-content\/uploads\/2024\/11\/7.-wolf-cut.jpg 1440w, https:\/\/flawlesshair.com\/wp-content\/uploads\/2024\/11\/7.-wolf-cut-240x300.jpg 240w, https:\/\/flawlesshair.com\/wp-content\/uploads\/2024\/11\/7.-wolf-cut-768x960.jpg 768w, https:\/\/flawlesshair.com\/wp-content\/uploads\/2024\/11\/7.-wolf-cut-10x12.jpg 10w, https:\/\/flawlesshair.com\/wp-content\/uploads\/2024\/11\/7.-wolf-cut-864x1080.jpg 864w, https:\/\/flawlesshair.com\/wp-content\/uploads\/2024\/11\/7.-wolf-cut-960x1200.jpg 960w\" sizes=\"auto, (max-width: 760px) calc(100vw - 24px), 720px\" data-pin-media=\"https:\/\/flawlesshair.com\/wp-content\/uploads\/2024\/11\/7.-wolf-cut.jpg\" id=\"mv-trellis-img-7\" data-trellis-processed=\"1\"><div style=\"position: absolute; top: 0.5rem; right: 0.75rem;\"> <a href=\"https:\/\/www.pinterest.com\/pin\/create\/button\/\" data-pin-do=\"buttonPin\" data-pin-tall=\"true\" data-pin-url=\"https:\/\/flawlesshair.com\/pt\/cortes-de-cabelo-para-cabelos-de-comprimento-medio\/\" data-pin-media=\"https:\/\/flawlesshair.com\/wp-content\/uploads\/2024\/11\/7.-wolf-cut.jpg\" data-pin-description=\"13 Stylish Haircuts For Medium-Length Hair To Fall In Love With Your Look\" rel=\"nofollow noopener\" target=\"_blank\"> <\/a><\/div><\/div><figcaption class=\"wp-element-caption\"><a href=\"https:\/\/www.instagram.com\/daniellemarcan\" target=\"_blank\" rel=\"noreferrer noopener nofollow\">@daniellemarcan<\/a><\/figcaption><\/figure>\n<\/div>\n\n\n<p>Fresco e arrojado, ou suave e fluido - suficientemente vers\u00e1til para lhe dar ambas as op\u00e7\u00f5es, <a href=\"https:\/\/flawlesshair.com\/pt\/corte-de-cabelo-a-lobo\/\">o corte do lobo<\/a> \u00e9 uma tend\u00eancia que veio para ficar.<\/p>\n\n\n\n<h2 class=\"wp-block-heading\">8. Camadas dos anos 90<\/h2>\n\n\n<div class=\"wp-block-image\">\n<figure class=\"aligncenter size-full\"><div style=\"position: relative;\"><noscript><img loading=\"lazy\" decoding=\"async\" width=\"1440\" height=\"1560\" src=\"https:\/\/flawlesshair.com\/wp-content\/uploads\/2024\/11\/8.-90s-layers.jpg\" alt=\"Camadas dos anos 90\" class=\"wp-image-81180\" srcset=\"https:\/\/flawlesshair.com\/wp-content\/uploads\/2024\/11\/8.-90s-layers.jpg 1440w, https:\/\/flawlesshair.com\/wp-content\/uploads\/2024\/11\/8.-90s-layers-277x300.jpg 277w, https:\/\/flawlesshair.com\/wp-content\/uploads\/2024\/11\/8.-90s-layers-768x832.jpg 768w, https:\/\/flawlesshair.com\/wp-content\/uploads\/2024\/11\/8.-90s-layers-11x12.jpg 11w, https:\/\/flawlesshair.com\/wp-content\/uploads\/2024\/11\/8.-90s-layers-886x960.jpg 886w, https:\/\/flawlesshair.com\/wp-content\/uploads\/2024\/11\/8.-90s-layers-997x1080.jpg 997w, https:\/\/flawlesshair.com\/wp-content\/uploads\/2024\/11\/8.-90s-layers-1108x1200.jpg 1108w\" sizes=\"auto, (max-width: 760px) calc(100vw - 24px), 720px\"><\/noscript><img loading=\"lazy\" decoding=\"async\" width=\"1440\" height=\"1560\" src=\"https:\/\/flawlesshair.com\/wp-content\/uploads\/2024\/11\/8.-90s-layers.jpg\" alt=\"Camadas dos anos 90\" class=\"wp-image-81180 lazyload\" srcset=\"https:\/\/flawlesshair.com\/wp-content\/uploads\/2024\/11\/8.-90s-layers.jpg 1440w, https:\/\/flawlesshair.com\/wp-content\/uploads\/2024\/11\/8.-90s-layers-277x300.jpg 277w, https:\/\/flawlesshair.com\/wp-content\/uploads\/2024\/11\/8.-90s-layers-768x832.jpg 768w, https:\/\/flawlesshair.com\/wp-content\/uploads\/2024\/11\/8.-90s-layers-11x12.jpg 11w, https:\/\/flawlesshair.com\/wp-content\/uploads\/2024\/11\/8.-90s-layers-886x960.jpg 886w, https:\/\/flawlesshair.com\/wp-content\/uploads\/2024\/11\/8.-90s-layers-997x1080.jpg 997w, https:\/\/flawlesshair.com\/wp-content\/uploads\/2024\/11\/8.-90s-layers-1108x1200.jpg 1108w\" sizes=\"auto, (max-width: 760px) calc(100vw - 24px), 720px\" data-pin-media=\"https:\/\/flawlesshair.com\/wp-content\/uploads\/2024\/11\/8.-90s-layers.jpg\" id=\"mv-trellis-img-8\" data-trellis-processed=\"1\"><div style=\"position: absolute; top: 0.5rem; right: 0.75rem;\"> <a href=\"https:\/\/www.pinterest.com\/pin\/create\/button\/\" data-pin-do=\"buttonPin\" data-pin-tall=\"true\" data-pin-url=\"https:\/\/flawlesshair.com\/pt\/cortes-de-cabelo-para-cabelos-de-comprimento-medio\/\" data-pin-media=\"https:\/\/flawlesshair.com\/wp-content\/uploads\/2024\/11\/8.-90s-layers.jpg\" data-pin-description=\"13 Stylish Haircuts For Medium-Length Hair To Fall In Love With Your Look\" rel=\"nofollow noopener\" target=\"_blank\"> <\/a><\/div><\/div><figcaption class=\"wp-element-caption\"><a href=\"https:\/\/www.instagram.com\/artystobyjaggi\" target=\"_blank\" rel=\"noreferrer noopener nofollow\">@artystobyjaggi<\/a><\/figcaption><\/figure>\n<\/div>\n\n\n<p>As camadas da velha guarda que se afunilam do queixo para baixo est\u00e3o de volta, gra\u00e7as ao corte Rachel que explodiu mais uma vez com o regresso das tend\u00eancias dos anos 90.<\/p>\n\n\n\n<h2 class=\"wp-block-heading\">9. Corte rombudo \u00e0 altura do ombro<\/h2>\n\n\n<div class=\"wp-block-image\">\n<figure class=\"aligncenter size-full\"><div style=\"position: relative;\"><noscript><img loading=\"lazy\" decoding=\"async\" width=\"1440\" height=\"1800\" src=\"https:\/\/flawlesshair.com\/wp-content\/uploads\/2024\/11\/9.-shoulder-length-blunt-cut.jpg\" alt=\"corte rombudo \u00e0 altura dos ombros\" class=\"wp-image-81181\" srcset=\"https:\/\/flawlesshair.com\/wp-content\/uploads\/2024\/11\/9.-shoulder-length-blunt-cut.jpg 1440w, https:\/\/flawlesshair.com\/wp-content\/uploads\/2024\/11\/9.-shoulder-length-blunt-cut-240x300.jpg 240w, https:\/\/flawlesshair.com\/wp-content\/uploads\/2024\/11\/9.-shoulder-length-blunt-cut-768x960.jpg 768w, https:\/\/flawlesshair.com\/wp-content\/uploads\/2024\/11\/9.-shoulder-length-blunt-cut-10x12.jpg 10w, https:\/\/flawlesshair.com\/wp-content\/uploads\/2024\/11\/9.-shoulder-length-blunt-cut-864x1080.jpg 864w, https:\/\/flawlesshair.com\/wp-content\/uploads\/2024\/11\/9.-shoulder-length-blunt-cut-960x1200.jpg 960w\" sizes=\"auto, (max-width: 760px) calc(100vw - 24px), 720px\"><\/noscript><img loading=\"lazy\" decoding=\"async\" width=\"1440\" height=\"1800\" src=\"https:\/\/flawlesshair.com\/wp-content\/uploads\/2024\/11\/9.-shoulder-length-blunt-cut.jpg\" alt=\"corte rombudo \u00e0 altura dos ombros\" class=\"wp-image-81181 lazyload\" srcset=\"https:\/\/flawlesshair.com\/wp-content\/uploads\/2024\/11\/9.-shoulder-length-blunt-cut.jpg 1440w, https:\/\/flawlesshair.com\/wp-content\/uploads\/2024\/11\/9.-shoulder-length-blunt-cut-240x300.jpg 240w, https:\/\/flawlesshair.com\/wp-content\/uploads\/2024\/11\/9.-shoulder-length-blunt-cut-768x960.jpg 768w, https:\/\/flawlesshair.com\/wp-content\/uploads\/2024\/11\/9.-shoulder-length-blunt-cut-10x12.jpg 10w, https:\/\/flawlesshair.com\/wp-content\/uploads\/2024\/11\/9.-shoulder-length-blunt-cut-864x1080.jpg 864w, https:\/\/flawlesshair.com\/wp-content\/uploads\/2024\/11\/9.-shoulder-length-blunt-cut-960x1200.jpg 960w\" sizes=\"auto, (max-width: 760px) calc(100vw - 24px), 720px\" data-pin-media=\"https:\/\/flawlesshair.com\/wp-content\/uploads\/2024\/11\/9.-shoulder-length-blunt-cut.jpg\" id=\"mv-trellis-img-9\" data-trellis-processed=\"1\"><div style=\"position: absolute; top: 0.5rem; right: 0.75rem;\"> <a href=\"https:\/\/www.pinterest.com\/pin\/create\/button\/\" data-pin-do=\"buttonPin\" data-pin-tall=\"true\" data-pin-url=\"https:\/\/flawlesshair.com\/pt\/cortes-de-cabelo-para-cabelos-de-comprimento-medio\/\" data-pin-media=\"https:\/\/flawlesshair.com\/wp-content\/uploads\/2024\/11\/9.-shoulder-length-blunt-cut.jpg\" data-pin-description=\"13 Stylish Haircuts For Medium-Length Hair To Fall In Love With Your Look\" rel=\"nofollow noopener\" target=\"_blank\"> <\/a><\/div><\/div><figcaption class=\"wp-element-caption\"><a href=\"https:\/\/www.instagram.com\/hirohair\" target=\"_blank\" rel=\"noreferrer noopener nofollow\">@hirohair<\/a><\/figcaption><\/figure>\n<\/div>\n\n\n<p>Cl\u00e1ssico e sempre na moda, o cabelo liso com corte rombudo mistura vibra\u00e7\u00f5es polidas e ousadas, especialmente quando combinado com uma franja totalmente rombuda.<\/p>\n\n\n\n<h2 class=\"wp-block-heading\">10. Cabelo m\u00e9dio em camadas com franja fina<\/h2>\n\n\n<div class=\"wp-block-image\">\n<figure class=\"aligncenter size-full\"><div style=\"position: relative;\"><noscript><img loading=\"lazy\" decoding=\"async\" width=\"1080\" height=\"1349\" src=\"https:\/\/flawlesshair.com\/wp-content\/uploads\/2024\/11\/10.-medium-layered-hair-with-wispy-bangs.jpg\" alt=\"cabelo m\u00e9dio em camadas com franja fina\" class=\"wp-image-81182\" srcset=\"https:\/\/flawlesshair.com\/wp-content\/uploads\/2024\/11\/10.-medium-layered-hair-with-wispy-bangs.jpg 1080w, https:\/\/flawlesshair.com\/wp-content\/uploads\/2024\/11\/10.-medium-layered-hair-with-wispy-bangs-240x300.jpg 240w, https:\/\/flawlesshair.com\/wp-content\/uploads\/2024\/11\/10.-medium-layered-hair-with-wispy-bangs-768x959.jpg 768w, https:\/\/flawlesshair.com\/wp-content\/uploads\/2024\/11\/10.-medium-layered-hair-with-wispy-bangs-10x12.jpg 10w, https:\/\/flawlesshair.com\/wp-content\/uploads\/2024\/11\/10.-medium-layered-hair-with-wispy-bangs-769x960.jpg 769w, https:\/\/flawlesshair.com\/wp-content\/uploads\/2024\/11\/10.-medium-layered-hair-with-wispy-bangs-865x1080.jpg 865w, https:\/\/flawlesshair.com\/wp-content\/uploads\/2024\/11\/10.-medium-layered-hair-with-wispy-bangs-961x1200.jpg 961w\" sizes=\"auto, (max-width: 760px) calc(100vw - 24px), 720px\"><\/noscript><img loading=\"lazy\" decoding=\"async\" width=\"1080\" height=\"1349\" src=\"https:\/\/flawlesshair.com\/wp-content\/uploads\/2024\/11\/10.-medium-layered-hair-with-wispy-bangs.jpg\" alt=\"cabelo m\u00e9dio em camadas com franja fina\" class=\"wp-image-81182 lazyload\" srcset=\"https:\/\/flawlesshair.com\/wp-content\/uploads\/2024\/11\/10.-medium-layered-hair-with-wispy-bangs.jpg 1080w, https:\/\/flawlesshair.com\/wp-content\/uploads\/2024\/11\/10.-medium-layered-hair-with-wispy-bangs-240x300.jpg 240w, https:\/\/flawlesshair.com\/wp-content\/uploads\/2024\/11\/10.-medium-layered-hair-with-wispy-bangs-768x959.jpg 768w, https:\/\/flawlesshair.com\/wp-content\/uploads\/2024\/11\/10.-medium-layered-hair-with-wispy-bangs-10x12.jpg 10w, https:\/\/flawlesshair.com\/wp-content\/uploads\/2024\/11\/10.-medium-layered-hair-with-wispy-bangs-769x960.jpg 769w, https:\/\/flawlesshair.com\/wp-content\/uploads\/2024\/11\/10.-medium-layered-hair-with-wispy-bangs-865x1080.jpg 865w, https:\/\/flawlesshair.com\/wp-content\/uploads\/2024\/11\/10.-medium-layered-hair-with-wispy-bangs-961x1200.jpg 961w\" sizes=\"auto, (max-width: 760px) calc(100vw - 24px), 720px\" data-pin-media=\"https:\/\/flawlesshair.com\/wp-content\/uploads\/2024\/11\/10.-medium-layered-hair-with-wispy-bangs.jpg\" id=\"mv-trellis-img-10\" data-trellis-processed=\"1\"><div style=\"position: absolute; top: 0.5rem; right: 0.75rem;\"> <a href=\"https:\/\/www.pinterest.com\/pin\/create\/button\/\" data-pin-do=\"buttonPin\" data-pin-tall=\"true\" data-pin-url=\"https:\/\/flawlesshair.com\/pt\/cortes-de-cabelo-para-cabelos-de-comprimento-medio\/\" data-pin-media=\"https:\/\/flawlesshair.com\/wp-content\/uploads\/2024\/11\/10.-medium-layered-hair-with-wispy-bangs.jpg\" data-pin-description=\"13 Stylish Haircuts For Medium-Length Hair To Fall In Love With Your Look\" rel=\"nofollow noopener\" target=\"_blank\"> <\/a><\/div><\/div><figcaption class=\"wp-element-caption\"><a href=\"https:\/\/www.instagram.com\/chahong_official\" target=\"_blank\" rel=\"noreferrer noopener nofollow\">@chahong_official<\/a><\/figcaption><\/figure>\n<\/div>\n\n\n<p>\u00c9 dif\u00edcil dizer se este corte com <a href=\"https:\/\/flawlesshair.com\/pt\/franja-fina-rosto-redondo\/\">franja longa e fina<\/a> e camadas saltitantes \u00e9 mais pr\u00e1tico ou bonito. <\/p>\n\n\n\n<h2 class=\"wp-block-heading\">11. Cabelo \u00e0 altura dos ombros com as pontas viradas para fora<\/h2>\n\n\n<div class=\"wp-block-image\">\n<figure class=\"aligncenter size-full\"><div style=\"position: relative;\"><noscript><img loading=\"lazy\" decoding=\"async\" width=\"1440\" height=\"1800\" src=\"https:\/\/flawlesshair.com\/wp-content\/uploads\/2024\/11\/11.-shoulder-length-hair-with-flipped-out-ends.jpg\" alt=\"\" class=\"wp-image-81184\" srcset=\"https:\/\/flawlesshair.com\/wp-content\/uploads\/2024\/11\/11.-shoulder-length-hair-with-flipped-out-ends.jpg 1440w, https:\/\/flawlesshair.com\/wp-content\/uploads\/2024\/11\/11.-shoulder-length-hair-with-flipped-out-ends-240x300.jpg 240w, https:\/\/flawlesshair.com\/wp-content\/uploads\/2024\/11\/11.-shoulder-length-hair-with-flipped-out-ends-768x960.jpg 768w, https:\/\/flawlesshair.com\/wp-content\/uploads\/2024\/11\/11.-shoulder-length-hair-with-flipped-out-ends-10x12.jpg 10w, https:\/\/flawlesshair.com\/wp-content\/uploads\/2024\/11\/11.-shoulder-length-hair-with-flipped-out-ends-864x1080.jpg 864w, https:\/\/flawlesshair.com\/wp-content\/uploads\/2024\/11\/11.-shoulder-length-hair-with-flipped-out-ends-960x1200.jpg 960w\" sizes=\"auto, (max-width: 760px) calc(100vw - 24px), 720px\"><\/noscript><img loading=\"lazy\" decoding=\"async\" width=\"1440\" height=\"1800\" src=\"https:\/\/flawlesshair.com\/wp-content\/uploads\/2024\/11\/11.-shoulder-length-hair-with-flipped-out-ends.jpg\" alt=\"\" class=\"wp-image-81184 lazyload\" srcset=\"https:\/\/flawlesshair.com\/wp-content\/uploads\/2024\/11\/11.-shoulder-length-hair-with-flipped-out-ends.jpg 1440w, https:\/\/flawlesshair.com\/wp-content\/uploads\/2024\/11\/11.-shoulder-length-hair-with-flipped-out-ends-240x300.jpg 240w, https:\/\/flawlesshair.com\/wp-content\/uploads\/2024\/11\/11.-shoulder-length-hair-with-flipped-out-ends-768x960.jpg 768w, https:\/\/flawlesshair.com\/wp-content\/uploads\/2024\/11\/11.-shoulder-length-hair-with-flipped-out-ends-10x12.jpg 10w, https:\/\/flawlesshair.com\/wp-content\/uploads\/2024\/11\/11.-shoulder-length-hair-with-flipped-out-ends-864x1080.jpg 864w, https:\/\/flawlesshair.com\/wp-content\/uploads\/2024\/11\/11.-shoulder-length-hair-with-flipped-out-ends-960x1200.jpg 960w\" sizes=\"auto, (max-width: 760px) calc(100vw - 24px), 720px\" data-pin-media=\"https:\/\/flawlesshair.com\/wp-content\/uploads\/2024\/11\/11.-shoulder-length-hair-with-flipped-out-ends.jpg\" id=\"mv-trellis-img-11\" data-trellis-processed=\"1\"><div style=\"position: absolute; top: 0.5rem; right: 0.75rem;\"> <a href=\"https:\/\/www.pinterest.com\/pin\/create\/button\/\" data-pin-do=\"buttonPin\" data-pin-tall=\"true\" data-pin-url=\"https:\/\/flawlesshair.com\/pt\/cortes-de-cabelo-para-cabelos-de-comprimento-medio\/\" data-pin-media=\"https:\/\/flawlesshair.com\/wp-content\/uploads\/2024\/11\/11.-shoulder-length-hair-with-flipped-out-ends.jpg\" data-pin-description=\"13 Stylish Haircuts For Medium-Length Hair To Fall In Love With Your Look\" rel=\"nofollow noopener\" target=\"_blank\"> <\/a><\/div><\/div><figcaption class=\"wp-element-caption\"><a href=\"https:\/\/www.instagram.com\/joshuawilliamhair\" target=\"_blank\" rel=\"noreferrer noopener nofollow\">@joshuawilliamhair<\/a><\/figcaption><\/figure>\n<\/div>\n\n\n<p>As celebridades est\u00e3o a trazer de volta as pontas viradas para fora para a passadeira vermelha, e n\u00f3s adoramos. Este look funciona na perfei\u00e7\u00e3o com cabelo de comprimento m\u00e9dio - pode simplesmente enrolar as pontas para fora ou pedir ao seu cabeleireiro para lhe dar um corte que se desenrole sozinho.<\/p>\n\n\n\n<h2 class=\"wp-block-heading\">12. Tainha mole<\/h2>\n\n\n<div class=\"wp-block-image\">\n<figure class=\"aligncenter size-full\"><div style=\"position: relative;\"><noscript><img loading=\"lazy\" decoding=\"async\" width=\"1080\" height=\"1265\" src=\"https:\/\/flawlesshair.com\/wp-content\/uploads\/2024\/11\/Soft-Mullet.jpg\" alt=\"Tainha mole\" class=\"wp-image-100118\" srcset=\"https:\/\/flawlesshair.com\/wp-content\/uploads\/2024\/11\/Soft-Mullet.jpg 1080w, https:\/\/flawlesshair.com\/wp-content\/uploads\/2024\/11\/Soft-Mullet-256x300.jpg 256w, https:\/\/flawlesshair.com\/wp-content\/uploads\/2024\/11\/Soft-Mullet-768x900.jpg 768w, https:\/\/flawlesshair.com\/wp-content\/uploads\/2024\/11\/Soft-Mullet-10x12.jpg 10w, https:\/\/flawlesshair.com\/wp-content\/uploads\/2024\/11\/Soft-Mullet-820x960.jpg 820w, https:\/\/flawlesshair.com\/wp-content\/uploads\/2024\/11\/Soft-Mullet-922x1080.jpg 922w, https:\/\/flawlesshair.com\/wp-content\/uploads\/2024\/11\/Soft-Mullet-1025x1200.jpg 1025w\" sizes=\"auto, (max-width: 760px) calc(100vw - 24px), 720px\"><\/noscript><img loading=\"lazy\" decoding=\"async\" width=\"1080\" height=\"1265\" src=\"https:\/\/flawlesshair.com\/wp-content\/uploads\/2024\/11\/Soft-Mullet.jpg\" alt=\"Tainha mole\" class=\"wp-image-100118 lazyload\" srcset=\"https:\/\/flawlesshair.com\/wp-content\/uploads\/2024\/11\/Soft-Mullet.jpg 1080w, https:\/\/flawlesshair.com\/wp-content\/uploads\/2024\/11\/Soft-Mullet-256x300.jpg 256w, https:\/\/flawlesshair.com\/wp-content\/uploads\/2024\/11\/Soft-Mullet-768x900.jpg 768w, https:\/\/flawlesshair.com\/wp-content\/uploads\/2024\/11\/Soft-Mullet-10x12.jpg 10w, https:\/\/flawlesshair.com\/wp-content\/uploads\/2024\/11\/Soft-Mullet-820x960.jpg 820w, https:\/\/flawlesshair.com\/wp-content\/uploads\/2024\/11\/Soft-Mullet-922x1080.jpg 922w, https:\/\/flawlesshair.com\/wp-content\/uploads\/2024\/11\/Soft-Mullet-1025x1200.jpg 1025w\" sizes=\"auto, (max-width: 760px) calc(100vw - 24px), 720px\" data-pin-media=\"https:\/\/flawlesshair.com\/wp-content\/uploads\/2024\/11\/Soft-Mullet.jpg\" id=\"mv-trellis-img-12\" data-trellis-processed=\"1\"><div style=\"position: absolute; top: 0.5rem; right: 0.75rem;\"> <a href=\"https:\/\/www.pinterest.com\/pin\/create\/button\/\" data-pin-do=\"buttonPin\" data-pin-tall=\"true\" data-pin-url=\"https:\/\/flawlesshair.com\/pt\/cortes-de-cabelo-para-cabelos-de-comprimento-medio\/\" data-pin-media=\"https:\/\/flawlesshair.com\/wp-content\/uploads\/2024\/11\/Soft-Mullet.jpg\" data-pin-description=\"13 Stylish Haircuts For Medium-Length Hair To Fall In Love With Your Look\" rel=\"nofollow noopener\" target=\"_blank\"> <\/a><\/div><\/div><figcaption class=\"wp-element-caption\">@<a href=\"https:\/\/www.instagram.com\/florence.hair\/\" target=\"_blank\" rel=\"noreferrer noopener nofollow\">floren\u00e7a.cabelo<\/a><\/figcaption><\/figure>\n<\/div>\n\n\n<p>Se est\u00e1 \u00e0 procura de algo um pouco mais desarrumado e ousado, mas n\u00e3o demasiado exagerado, um mullet moderno e suave \u00e9 uma \u00f3ptima escolha para cabelos de comprimento m\u00e9dio.<\/p>\n\n\n\n<h2 class=\"wp-block-heading\">13. Penteado suave com micro franjas<\/h2>\n\n\n<div class=\"wp-block-image\">\n<figure class=\"aligncenter size-full\"><div style=\"position: relative;\"><noscript><img loading=\"lazy\" decoding=\"async\" width=\"1080\" height=\"1190\" src=\"https:\/\/flawlesshair.com\/wp-content\/uploads\/2024\/11\/Soft-Shag-With-Micro-Bangs.jpg\" alt=\"Penteado suave com micro franjas\" class=\"wp-image-100119\" srcset=\"https:\/\/flawlesshair.com\/wp-content\/uploads\/2024\/11\/Soft-Shag-With-Micro-Bangs.jpg 1080w, https:\/\/flawlesshair.com\/wp-content\/uploads\/2024\/11\/Soft-Shag-With-Micro-Bangs-272x300.jpg 272w, https:\/\/flawlesshair.com\/wp-content\/uploads\/2024\/11\/Soft-Shag-With-Micro-Bangs-768x846.jpg 768w, https:\/\/flawlesshair.com\/wp-content\/uploads\/2024\/11\/Soft-Shag-With-Micro-Bangs-11x12.jpg 11w, https:\/\/flawlesshair.com\/wp-content\/uploads\/2024\/11\/Soft-Shag-With-Micro-Bangs-871x960.jpg 871w, https:\/\/flawlesshair.com\/wp-content\/uploads\/2024\/11\/Soft-Shag-With-Micro-Bangs-980x1080.jpg 980w\" sizes=\"auto, (max-width: 760px) calc(100vw - 24px), 720px\"><\/noscript><img loading=\"lazy\" decoding=\"async\" width=\"1080\" height=\"1190\" src=\"https:\/\/flawlesshair.com\/wp-content\/uploads\/2024\/11\/Soft-Shag-With-Micro-Bangs.jpg\" alt=\"Penteado suave com micro franjas\" class=\"wp-image-100119 lazyload\" srcset=\"https:\/\/flawlesshair.com\/wp-content\/uploads\/2024\/11\/Soft-Shag-With-Micro-Bangs.jpg 1080w, https:\/\/flawlesshair.com\/wp-content\/uploads\/2024\/11\/Soft-Shag-With-Micro-Bangs-272x300.jpg 272w, https:\/\/flawlesshair.com\/wp-content\/uploads\/2024\/11\/Soft-Shag-With-Micro-Bangs-768x846.jpg 768w, https:\/\/flawlesshair.com\/wp-content\/uploads\/2024\/11\/Soft-Shag-With-Micro-Bangs-11x12.jpg 11w, https:\/\/flawlesshair.com\/wp-content\/uploads\/2024\/11\/Soft-Shag-With-Micro-Bangs-871x960.jpg 871w, https:\/\/flawlesshair.com\/wp-content\/uploads\/2024\/11\/Soft-Shag-With-Micro-Bangs-980x1080.jpg 980w\" sizes=\"auto, (max-width: 760px) calc(100vw - 24px), 720px\" data-pin-media=\"https:\/\/flawlesshair.com\/wp-content\/uploads\/2024\/11\/Soft-Shag-With-Micro-Bangs.jpg\" id=\"mv-trellis-img-13\" data-trellis-processed=\"1\"><div style=\"position: absolute; top: 0.5rem; right: 0.75rem;\"> <a href=\"https:\/\/www.pinterest.com\/pin\/create\/button\/\" data-pin-do=\"buttonPin\" data-pin-tall=\"true\" data-pin-url=\"https:\/\/flawlesshair.com\/pt\/cortes-de-cabelo-para-cabelos-de-comprimento-medio\/\" data-pin-media=\"https:\/\/flawlesshair.com\/wp-content\/uploads\/2024\/11\/Soft-Shag-With-Micro-Bangs.jpg\" data-pin-description=\"13 Stylish Haircuts For Medium-Length Hair To Fall In Love With Your Look\" rel=\"nofollow noopener\" target=\"_blank\"> <\/a><\/div><\/div><figcaption class=\"wp-element-caption\">@<a href=\"https:\/\/www.instagram.com\/breakupbangss\/\" target=\"_blank\" rel=\"noreferrer noopener nofollow\">separa\u00e7\u00e3o<\/a><\/figcaption><\/figure>\n<\/div>\n\n\n<p>Est\u00e1 a tentar evitar o cabelo ba\u00e7o e os mesmos cortes de cabelo repetitivos que v\u00ea em todo o lado? Escolha este corte suave com micro franja e o seu cabelo ser\u00e1 tudo menos aborrecido!<\/p>","protected":false},"excerpt":{"rendered":"<p>O cabelo de comprimento m\u00e9dio atinge um equil\u00edbrio perfeito - \u00e9 suficientemente comprido para ser exibido, mas f\u00e1cil de gerir. Com tantas possibilidades de penteado, existe um corte de cabelo para cabelos de comprimento m\u00e9dio ...<\/p>","protected":false},"author":5,"featured_media":100120,"comment_status":"closed","ping_status":"closed","sticky":false,"template":"","format":"standard","meta":{"syndication_tool_enabled":true,"syndication_tool_title":"","syndication_tool_excerpt":"","syndication_tool_featured_image":0,"syndication_tool_publish_date":"","syndication_tool_schema_types":["gallery"],"syndication_tool_backlink_enable":false,"syndication_tool_ai_disclosure_enable":false,"disable-in-feed":false,"article-schema-type":"","disable-critical-css":false,"footnotes":""},"categories":[25],"tags":[],"class_list":["post-81165","post","type-post","status-publish","format-standard","has-post-thumbnail","hentry","category-cuts"],"_links":{"self":[{"href":"https:\/\/flawlesshair.com\/pt\/wp-json\/wp\/v2\/posts\/81165","targetHints":{"allow":["GET"]}}],"collection":[{"href":"https:\/\/flawlesshair.com\/pt\/wp-json\/wp\/v2\/posts"}],"about":[{"href":"https:\/\/flawlesshair.com\/pt\/wp-json\/wp\/v2\/types\/post"}],"author":[{"embeddable":true,"href":"https:\/\/flawlesshair.com\/pt\/wp-json\/wp\/v2\/users\/5"}],"replies":[{"embeddable":true,"href":"https:\/\/flawlesshair.com\/pt\/wp-json\/wp\/v2\/comments?post=81165"}],"version-history":[{"count":0,"href":"https:\/\/flawlesshair.com\/pt\/wp-json\/wp\/v2\/posts\/81165\/revisions"}],"wp:featuredmedia":[{"embeddable":true,"href":"https:\/\/flawlesshair.com\/pt\/wp-json\/wp\/v2\/media\/100120"}],"wp:attachment":[{"href":"https:\/\/flawlesshair.com\/pt\/wp-json\/wp\/v2\/media?parent=81165"}],"wp:term":[{"taxonomy":"category","embeddable":true,"href":"https:\/\/flawlesshair.com\/pt\/wp-json\/wp\/v2\/categories?post=81165"},{"taxonomy":"post_tag","embeddable":true,"href":"https:\/\/flawlesshair.com\/pt\/wp-json\/wp\/v2\/tags?post=81165"}],"curies":[{"name":"wp","href":"https:\/\/api.w.org\/{rel}","templated":true}]}}