{"id":82660,"date":"2024-11-27T23:00:00","date_gmt":"2024-11-27T22:00:00","guid":{"rendered":"https:\/\/flawlesshair.com\/?p=82660"},"modified":"2024-11-27T09:12:17","modified_gmt":"2024-11-27T08:12:17","slug":"penteados-sazonais","status":"publish","type":"post","link":"https:\/\/flawlesshair.com\/pt\/penteados-sazonais\/","title":{"rendered":"Os penteados sazonais mais populares que a v\u00e3o deixar sem palavras"},"content":{"rendered":"<style>img#mv-trellis-img-1::before{padding-top:123.93162393162%; }img#mv-trellis-img-1{display:block;}img#mv-trellis-img-2::before{padding-top:114.52991452991%; }img#mv-trellis-img-2{display:block;}img#mv-trellis-img-3::before{padding-top:91.623931623932%; }img#mv-trellis-img-3{display:block;}img#mv-trellis-img-4::before{padding-top:122.64957264957%; }img#mv-trellis-img-4{display:block;}img#mv-trellis-img-5::before{padding-top:123.93162393162%; }img#mv-trellis-img-5{display:block;}img#mv-trellis-img-6::before{padding-top:123.76068376068%; }img#mv-trellis-img-6{display:block;}img#mv-trellis-img-7::before{padding-top:99.65811965812%; }img#mv-trellis-img-7{display:block;}img#mv-trellis-img-8::before{padding-top:123.67521367521%; }img#mv-trellis-img-8{display:block;}img#mv-trellis-img-9::before{padding-top:123.50427350427%; }img#mv-trellis-img-9{display:block;}img#mv-trellis-img-10::before{padding-top:99.059829059829%; }img#mv-trellis-img-10{display:block;}<\/style>\n<p>\u00c0 medida que as esta\u00e7\u00f5es mudam, os nossos cortes de cabelo tamb\u00e9m sofrem uma transforma\u00e7\u00e3o. A cada nova esta\u00e7\u00e3o, somos inspiradas a experimentar penteados novos, modernos e que chamam a aten\u00e7\u00e3o. Quer se trate dos estilos leves e arejados da primavera ou dos looks quentes e texturados do inverno, o nosso cabelo reflecte tanto o clima como as tend\u00eancias actuais da moda.<\/p>\n\n\n\n<p>Neste artigo, vamos explorar os penteados mais modernos para cada esta\u00e7\u00e3o que certamente a v\u00e3o impressionar. Por isso, prepare-se para celebrar a beleza de cada esta\u00e7\u00e3o com um penteado que complemente a sua vibra\u00e7\u00e3o e realce a sua beleza natural!<\/p>\n\n\n\n<h2 class=\"wp-block-heading\">1. Ondas de ver\u00e3o na praia<\/h2>\n\n\n<div class=\"wp-block-image\">\n<figure class=\"aligncenter size-full\"><div style=\"position: relative;\"><noscript><img loading=\"lazy\" decoding=\"async\" width=\"1170\" height=\"1450\" src=\"https:\/\/flawlesshair.com\/wp-content\/uploads\/2024\/11\/1.-Summer-Beachy-Waves.jpg\" alt=\"Ondas de ver\u00e3o com estilo de praia\" class=\"wp-image-82680\" srcset=\"https:\/\/flawlesshair.com\/wp-content\/uploads\/2024\/11\/1.-Summer-Beachy-Waves.jpg 1170w, https:\/\/flawlesshair.com\/wp-content\/uploads\/2024\/11\/1.-Summer-Beachy-Waves-242x300.jpg 242w, https:\/\/flawlesshair.com\/wp-content\/uploads\/2024\/11\/1.-Summer-Beachy-Waves-768x952.jpg 768w, https:\/\/flawlesshair.com\/wp-content\/uploads\/2024\/11\/1.-Summer-Beachy-Waves-10x12.jpg 10w, https:\/\/flawlesshair.com\/wp-content\/uploads\/2024\/11\/1.-Summer-Beachy-Waves-775x960.jpg 775w, https:\/\/flawlesshair.com\/wp-content\/uploads\/2024\/11\/1.-Summer-Beachy-Waves-871x1080.jpg 871w, https:\/\/flawlesshair.com\/wp-content\/uploads\/2024\/11\/1.-Summer-Beachy-Waves-968x1200.jpg 968w\" sizes=\"auto, (max-width: 760px) calc(100vw - 24px), 720px\"><\/noscript><img loading=\"eager\" decoding=\"async\" width=\"1170\" height=\"1450\" src=\"data:image\/svg+xml,%3Csvg%20xmlns='http:\/\/www.w3.org\/2000\/svg'%20viewBox='0%200%201170%201450'%3E%3Crect%20width='1170'%20height='1450'%20style='fill:%23e3e3e3'\/%3E%3C\/svg%3E\" alt=\"Ondas de ver\u00e3o com estilo de praia\" class=\"wp-image-82680 eager-load\" sizes=\"auto, (max-width: 760px) calc(100vw - 24px), 720px\" data-pin-media=\"https:\/\/flawlesshair.com\/wp-content\/uploads\/2024\/11\/1.-Summer-Beachy-Waves.jpg\" id=\"mv-trellis-img-1\" data-src=\"https:\/\/flawlesshair.com\/wp-content\/uploads\/2024\/11\/1.-Summer-Beachy-Waves.jpg\" data-srcset=\"https:\/\/flawlesshair.com\/wp-content\/uploads\/2024\/11\/1.-Summer-Beachy-Waves.jpg 1170w, https:\/\/flawlesshair.com\/wp-content\/uploads\/2024\/11\/1.-Summer-Beachy-Waves-242x300.jpg 242w, https:\/\/flawlesshair.com\/wp-content\/uploads\/2024\/11\/1.-Summer-Beachy-Waves-768x952.jpg 768w, https:\/\/flawlesshair.com\/wp-content\/uploads\/2024\/11\/1.-Summer-Beachy-Waves-10x12.jpg 10w, https:\/\/flawlesshair.com\/wp-content\/uploads\/2024\/11\/1.-Summer-Beachy-Waves-775x960.jpg 775w, https:\/\/flawlesshair.com\/wp-content\/uploads\/2024\/11\/1.-Summer-Beachy-Waves-871x1080.jpg 871w, https:\/\/flawlesshair.com\/wp-content\/uploads\/2024\/11\/1.-Summer-Beachy-Waves-968x1200.jpg 968w\" data-svg=\"1\" data-trellis-processed=\"1\"><div style=\"position: absolute; top: 0.5rem; right: 0.75rem;\"> <a href=\"https:\/\/www.pinterest.com\/pin\/create\/button\/\" data-pin-do=\"buttonPin\" data-pin-tall=\"true\" data-pin-url=\"https:\/\/flawlesshair.com\/pt\/penteados-sazonais\/\" data-pin-media=\"https:\/\/flawlesshair.com\/wp-content\/uploads\/2024\/11\/1.-Summer-Beachy-Waves.jpg\" data-pin-description=\"The Most Popular Seasonal Hairstyles That Will Leave You Speechless\" rel=\"nofollow noopener\" target=\"_blank\"> <\/a><\/div><\/div><figcaption class=\"wp-element-caption\"><a href=\"https:\/\/www.instagram.com\/aliciala_\/\" target=\"_blank\" data-type=\"link\" data-id=\"https:\/\/www.instagram.com\/aliciala_\/\" rel=\"noreferrer noopener nofollow\">@aliciala_<\/a><\/figcaption><\/figure>\n<\/div>\n\n\n<p>Este penteado \u00e9 ideal para a \u00e9poca de ver\u00e3o, tal como o seu nome indica. Quer se esteja a preparar para uma noite na cidade ou para um dia descontra\u00eddo, o seu cabelo vai transmitir uma vibra\u00e7\u00e3o de praia. Tenho a certeza de que o vais adorar quando o experimentares.<\/p>\n\n\n\n<h2 class=\"wp-block-heading\">2. Meio penteado com la\u00e7o<\/h2>\n\n\n<div class=\"wp-block-image\">\n<figure class=\"aligncenter size-full\"><div style=\"position: relative;\"><noscript><img loading=\"lazy\" decoding=\"async\" width=\"1170\" height=\"1340\" src=\"https:\/\/flawlesshair.com\/wp-content\/uploads\/2024\/11\/2.-Half-Updo-With-Bow.jpg\" alt=\"Meio penteado com la\u00e7o\" class=\"wp-image-82689\" srcset=\"https:\/\/flawlesshair.com\/wp-content\/uploads\/2024\/11\/2.-Half-Updo-With-Bow.jpg 1170w, https:\/\/flawlesshair.com\/wp-content\/uploads\/2024\/11\/2.-Half-Updo-With-Bow-262x300.jpg 262w, https:\/\/flawlesshair.com\/wp-content\/uploads\/2024\/11\/2.-Half-Updo-With-Bow-768x880.jpg 768w, https:\/\/flawlesshair.com\/wp-content\/uploads\/2024\/11\/2.-Half-Updo-With-Bow-10x12.jpg 10w, https:\/\/flawlesshair.com\/wp-content\/uploads\/2024\/11\/2.-Half-Updo-With-Bow-838x960.jpg 838w, https:\/\/flawlesshair.com\/wp-content\/uploads\/2024\/11\/2.-Half-Updo-With-Bow-943x1080.jpg 943w, https:\/\/flawlesshair.com\/wp-content\/uploads\/2024\/11\/2.-Half-Updo-With-Bow-1048x1200.jpg 1048w\" sizes=\"auto, (max-width: 760px) calc(100vw - 24px), 720px\"><\/noscript><img loading=\"lazy\" decoding=\"async\" width=\"1170\" height=\"1340\" src=\"https:\/\/flawlesshair.com\/wp-content\/uploads\/2024\/11\/2.-Half-Updo-With-Bow.jpg\" alt=\"Meio penteado com la\u00e7o\" class=\"wp-image-82689 lazyload\" srcset=\"https:\/\/flawlesshair.com\/wp-content\/uploads\/2024\/11\/2.-Half-Updo-With-Bow.jpg 1170w, https:\/\/flawlesshair.com\/wp-content\/uploads\/2024\/11\/2.-Half-Updo-With-Bow-262x300.jpg 262w, https:\/\/flawlesshair.com\/wp-content\/uploads\/2024\/11\/2.-Half-Updo-With-Bow-768x880.jpg 768w, https:\/\/flawlesshair.com\/wp-content\/uploads\/2024\/11\/2.-Half-Updo-With-Bow-10x12.jpg 10w, https:\/\/flawlesshair.com\/wp-content\/uploads\/2024\/11\/2.-Half-Updo-With-Bow-838x960.jpg 838w, https:\/\/flawlesshair.com\/wp-content\/uploads\/2024\/11\/2.-Half-Updo-With-Bow-943x1080.jpg 943w, https:\/\/flawlesshair.com\/wp-content\/uploads\/2024\/11\/2.-Half-Updo-With-Bow-1048x1200.jpg 1048w\" sizes=\"auto, (max-width: 760px) calc(100vw - 24px), 720px\" data-pin-media=\"https:\/\/flawlesshair.com\/wp-content\/uploads\/2024\/11\/2.-Half-Updo-With-Bow.jpg\" id=\"mv-trellis-img-2\" data-trellis-processed=\"1\"><div style=\"position: absolute; top: 0.5rem; right: 0.75rem;\"> <a href=\"https:\/\/www.pinterest.com\/pin\/create\/button\/\" data-pin-do=\"buttonPin\" data-pin-tall=\"true\" data-pin-url=\"https:\/\/flawlesshair.com\/pt\/penteados-sazonais\/\" data-pin-media=\"https:\/\/flawlesshair.com\/wp-content\/uploads\/2024\/11\/2.-Half-Updo-With-Bow.jpg\" data-pin-description=\"The Most Popular Seasonal Hairstyles That Will Leave You Speechless\" rel=\"nofollow noopener\" target=\"_blank\"> <\/a><\/div><\/div><figcaption class=\"wp-element-caption\"><a href=\"https:\/\/www.instagram.com\/tokyoblondepasta\/\" target=\"_blank\" data-type=\"link\" data-id=\"https:\/\/www.instagram.com\/tokyoblondepasta\/\" rel=\"noreferrer noopener nofollow\">@tokyoblondepasta<\/a><\/figcaption><\/figure>\n<\/div>\n\n\n<p>Optei por demonstrar este lindo penteado que \u00e9 simples de criar. A carater\u00edstica que se destaca neste penteado \u00e9 o la\u00e7o, que lhe d\u00e1 um toque especial. Faz-me lembrar o inverno, com as suas cores festivas e o esp\u00edrito natal\u00edcio.<\/p>\n\n\n\n<h2 class=\"wp-block-heading\">3. Crimpagens de queda suave<\/h2>\n\n\n<div class=\"wp-block-image\">\n<figure class=\"aligncenter size-full\"><div style=\"position: relative;\"><noscript><img loading=\"lazy\" decoding=\"async\" width=\"1170\" height=\"1072\" src=\"https:\/\/flawlesshair.com\/wp-content\/uploads\/2024\/11\/3.-Soft-Fall-Crimps.jpg\" alt=\"Crimpagens de queda suave\" class=\"wp-image-82690\" srcset=\"https:\/\/flawlesshair.com\/wp-content\/uploads\/2024\/11\/3.-Soft-Fall-Crimps.jpg 1170w, https:\/\/flawlesshair.com\/wp-content\/uploads\/2024\/11\/3.-Soft-Fall-Crimps-300x275.jpg 300w, https:\/\/flawlesshair.com\/wp-content\/uploads\/2024\/11\/3.-Soft-Fall-Crimps-768x704.jpg 768w, https:\/\/flawlesshair.com\/wp-content\/uploads\/2024\/11\/3.-Soft-Fall-Crimps-13x12.jpg 13w, https:\/\/flawlesshair.com\/wp-content\/uploads\/2024\/11\/3.-Soft-Fall-Crimps-960x880.jpg 960w, https:\/\/flawlesshair.com\/wp-content\/uploads\/2024\/11\/3.-Soft-Fall-Crimps-1080x990.jpg 1080w\" sizes=\"auto, (max-width: 760px) calc(100vw - 24px), 720px\"><\/noscript><img loading=\"lazy\" decoding=\"async\" width=\"1170\" height=\"1072\" src=\"https:\/\/flawlesshair.com\/wp-content\/uploads\/2024\/11\/3.-Soft-Fall-Crimps.jpg\" alt=\"Crimpagens de queda suave\" class=\"wp-image-82690 lazyload\" srcset=\"https:\/\/flawlesshair.com\/wp-content\/uploads\/2024\/11\/3.-Soft-Fall-Crimps.jpg 1170w, https:\/\/flawlesshair.com\/wp-content\/uploads\/2024\/11\/3.-Soft-Fall-Crimps-300x275.jpg 300w, https:\/\/flawlesshair.com\/wp-content\/uploads\/2024\/11\/3.-Soft-Fall-Crimps-768x704.jpg 768w, https:\/\/flawlesshair.com\/wp-content\/uploads\/2024\/11\/3.-Soft-Fall-Crimps-13x12.jpg 13w, https:\/\/flawlesshair.com\/wp-content\/uploads\/2024\/11\/3.-Soft-Fall-Crimps-960x880.jpg 960w, https:\/\/flawlesshair.com\/wp-content\/uploads\/2024\/11\/3.-Soft-Fall-Crimps-1080x990.jpg 1080w\" sizes=\"auto, (max-width: 760px) calc(100vw - 24px), 720px\" data-pin-media=\"https:\/\/flawlesshair.com\/wp-content\/uploads\/2024\/11\/3.-Soft-Fall-Crimps.jpg\" id=\"mv-trellis-img-3\" data-trellis-processed=\"1\"><div style=\"position: absolute; top: 0.5rem; right: 0.75rem;\"> <a href=\"https:\/\/www.pinterest.com\/pin\/create\/button\/\" data-pin-do=\"buttonPin\" data-pin-tall=\"true\" data-pin-url=\"https:\/\/flawlesshair.com\/pt\/penteados-sazonais\/\" data-pin-media=\"https:\/\/flawlesshair.com\/wp-content\/uploads\/2024\/11\/3.-Soft-Fall-Crimps.jpg\" data-pin-description=\"The Most Popular Seasonal Hairstyles That Will Leave You Speechless\" rel=\"nofollow noopener\" target=\"_blank\"> <\/a><\/div><\/div><figcaption class=\"wp-element-caption\"><a href=\"https:\/\/www.instagram.com\/jodoeshair\/\" target=\"_blank\" data-type=\"link\" data-id=\"https:\/\/www.instagram.com\/jodoeshair\/\" rel=\"noreferrer noopener nofollow\">@jodoeshair<\/a><\/figcaption><\/figure>\n<\/div>\n\n\n<p>Este penteado \u00e9 vers\u00e1til para todas as esta\u00e7\u00f5es, mas \u00e9 particularmente perfeito para o outono. Tem um toque de ondas de praia, o que o torna uma \u00f3ptima maneira de fazer a transi\u00e7\u00e3o do ver\u00e3o. Este penteado fica melhor com cabelo comprido, como se v\u00ea na fotografia.<\/p>\n\n\n\n<h2 class=\"wp-block-heading\">4. Bob sem corte perfeito para a primavera<\/h2>\n\n\n<div class=\"wp-block-image\">\n<figure class=\"aligncenter size-full\"><div style=\"position: relative;\"><noscript><img loading=\"lazy\" decoding=\"async\" width=\"1170\" height=\"1435\" src=\"https:\/\/flawlesshair.com\/wp-content\/uploads\/2024\/11\/4.-Blunt-Bob-Perfect-For-Spring.jpg\" alt=\"Bob sem corte perfeito para a primavera\" class=\"wp-image-82697\" srcset=\"https:\/\/flawlesshair.com\/wp-content\/uploads\/2024\/11\/4.-Blunt-Bob-Perfect-For-Spring.jpg 1170w, https:\/\/flawlesshair.com\/wp-content\/uploads\/2024\/11\/4.-Blunt-Bob-Perfect-For-Spring-245x300.jpg 245w, https:\/\/flawlesshair.com\/wp-content\/uploads\/2024\/11\/4.-Blunt-Bob-Perfect-For-Spring-768x942.jpg 768w, https:\/\/flawlesshair.com\/wp-content\/uploads\/2024\/11\/4.-Blunt-Bob-Perfect-For-Spring-10x12.jpg 10w, https:\/\/flawlesshair.com\/wp-content\/uploads\/2024\/11\/4.-Blunt-Bob-Perfect-For-Spring-783x960.jpg 783w, https:\/\/flawlesshair.com\/wp-content\/uploads\/2024\/11\/4.-Blunt-Bob-Perfect-For-Spring-881x1080.jpg 881w, https:\/\/flawlesshair.com\/wp-content\/uploads\/2024\/11\/4.-Blunt-Bob-Perfect-For-Spring-978x1200.jpg 978w\" sizes=\"auto, (max-width: 760px) calc(100vw - 24px), 720px\"><\/noscript><img loading=\"lazy\" decoding=\"async\" width=\"1170\" height=\"1435\" src=\"https:\/\/flawlesshair.com\/wp-content\/uploads\/2024\/11\/4.-Blunt-Bob-Perfect-For-Spring.jpg\" alt=\"Bob sem corte perfeito para a primavera\" class=\"wp-image-82697 lazyload\" srcset=\"https:\/\/flawlesshair.com\/wp-content\/uploads\/2024\/11\/4.-Blunt-Bob-Perfect-For-Spring.jpg 1170w, https:\/\/flawlesshair.com\/wp-content\/uploads\/2024\/11\/4.-Blunt-Bob-Perfect-For-Spring-245x300.jpg 245w, https:\/\/flawlesshair.com\/wp-content\/uploads\/2024\/11\/4.-Blunt-Bob-Perfect-For-Spring-768x942.jpg 768w, https:\/\/flawlesshair.com\/wp-content\/uploads\/2024\/11\/4.-Blunt-Bob-Perfect-For-Spring-10x12.jpg 10w, https:\/\/flawlesshair.com\/wp-content\/uploads\/2024\/11\/4.-Blunt-Bob-Perfect-For-Spring-783x960.jpg 783w, https:\/\/flawlesshair.com\/wp-content\/uploads\/2024\/11\/4.-Blunt-Bob-Perfect-For-Spring-881x1080.jpg 881w, https:\/\/flawlesshair.com\/wp-content\/uploads\/2024\/11\/4.-Blunt-Bob-Perfect-For-Spring-978x1200.jpg 978w\" sizes=\"auto, (max-width: 760px) calc(100vw - 24px), 720px\" data-pin-media=\"https:\/\/flawlesshair.com\/wp-content\/uploads\/2024\/11\/4.-Blunt-Bob-Perfect-For-Spring.jpg\" id=\"mv-trellis-img-4\" data-trellis-processed=\"1\"><div style=\"position: absolute; top: 0.5rem; right: 0.75rem;\"> <a href=\"https:\/\/www.pinterest.com\/pin\/create\/button\/\" data-pin-do=\"buttonPin\" data-pin-tall=\"true\" data-pin-url=\"https:\/\/flawlesshair.com\/pt\/penteados-sazonais\/\" data-pin-media=\"https:\/\/flawlesshair.com\/wp-content\/uploads\/2024\/11\/4.-Blunt-Bob-Perfect-For-Spring.jpg\" data-pin-description=\"The Most Popular Seasonal Hairstyles That Will Leave You Speechless\" rel=\"nofollow noopener\" target=\"_blank\"> <\/a><\/div><\/div><figcaption class=\"wp-element-caption\"><a href=\"https:\/\/www.instagram.com\/hudobivnik\/\" target=\"_blank\" data-type=\"link\" data-id=\"https:\/\/www.instagram.com\/hudobivnik\/\" rel=\"noreferrer noopener nofollow\">@hudobivnik<\/a><\/figcaption><\/figure>\n<\/div>\n\n\n<p>A primavera \u00e9 uma esta\u00e7\u00e3o de renova\u00e7\u00e3o e transforma\u00e7\u00e3o na natureza. Porque n\u00e3o fazer tamb\u00e9m uma mudan\u00e7a no seu cabelo? Se tem estado a pensar em fazer um corte de cabelo blunt bob, agora \u00e9 a altura ideal para o fazer. N\u00e3o s\u00f3 ir\u00e1 melhorar o seu aspeto, como tamb\u00e9m requer pouca manuten\u00e7\u00e3o.<\/p>\n\n\n\n<h2 class=\"wp-block-heading\">5. Tran\u00e7as holandesas<\/h2>\n\n\n<div class=\"wp-block-image\">\n<figure class=\"aligncenter size-full\"><div style=\"position: relative;\"><noscript><img loading=\"lazy\" decoding=\"async\" width=\"1170\" height=\"1450\" src=\"https:\/\/flawlesshair.com\/wp-content\/uploads\/2024\/11\/5.-Dutch-Braids.jpg\" alt=\"Tran\u00e7as holandesas\" class=\"wp-image-82702\" srcset=\"https:\/\/flawlesshair.com\/wp-content\/uploads\/2024\/11\/5.-Dutch-Braids.jpg 1170w, https:\/\/flawlesshair.com\/wp-content\/uploads\/2024\/11\/5.-Dutch-Braids-242x300.jpg 242w, https:\/\/flawlesshair.com\/wp-content\/uploads\/2024\/11\/5.-Dutch-Braids-768x952.jpg 768w, https:\/\/flawlesshair.com\/wp-content\/uploads\/2024\/11\/5.-Dutch-Braids-10x12.jpg 10w, https:\/\/flawlesshair.com\/wp-content\/uploads\/2024\/11\/5.-Dutch-Braids-775x960.jpg 775w, https:\/\/flawlesshair.com\/wp-content\/uploads\/2024\/11\/5.-Dutch-Braids-871x1080.jpg 871w, https:\/\/flawlesshair.com\/wp-content\/uploads\/2024\/11\/5.-Dutch-Braids-968x1200.jpg 968w\" sizes=\"auto, (max-width: 760px) calc(100vw - 24px), 720px\"><\/noscript><img loading=\"lazy\" decoding=\"async\" width=\"1170\" height=\"1450\" src=\"https:\/\/flawlesshair.com\/wp-content\/uploads\/2024\/11\/5.-Dutch-Braids.jpg\" alt=\"Tran\u00e7as holandesas\" class=\"wp-image-82702 lazyload\" srcset=\"https:\/\/flawlesshair.com\/wp-content\/uploads\/2024\/11\/5.-Dutch-Braids.jpg 1170w, https:\/\/flawlesshair.com\/wp-content\/uploads\/2024\/11\/5.-Dutch-Braids-242x300.jpg 242w, https:\/\/flawlesshair.com\/wp-content\/uploads\/2024\/11\/5.-Dutch-Braids-768x952.jpg 768w, https:\/\/flawlesshair.com\/wp-content\/uploads\/2024\/11\/5.-Dutch-Braids-10x12.jpg 10w, https:\/\/flawlesshair.com\/wp-content\/uploads\/2024\/11\/5.-Dutch-Braids-775x960.jpg 775w, https:\/\/flawlesshair.com\/wp-content\/uploads\/2024\/11\/5.-Dutch-Braids-871x1080.jpg 871w, https:\/\/flawlesshair.com\/wp-content\/uploads\/2024\/11\/5.-Dutch-Braids-968x1200.jpg 968w\" sizes=\"auto, (max-width: 760px) calc(100vw - 24px), 720px\" data-pin-media=\"https:\/\/flawlesshair.com\/wp-content\/uploads\/2024\/11\/5.-Dutch-Braids.jpg\" id=\"mv-trellis-img-5\" data-trellis-processed=\"1\"><div style=\"position: absolute; top: 0.5rem; right: 0.75rem;\"> <a href=\"https:\/\/www.pinterest.com\/pin\/create\/button\/\" data-pin-do=\"buttonPin\" data-pin-tall=\"true\" data-pin-url=\"https:\/\/flawlesshair.com\/pt\/penteados-sazonais\/\" data-pin-media=\"https:\/\/flawlesshair.com\/wp-content\/uploads\/2024\/11\/5.-Dutch-Braids.jpg\" data-pin-description=\"The Most Popular Seasonal Hairstyles That Will Leave You Speechless\" rel=\"nofollow noopener\" target=\"_blank\"> <\/a><\/div><\/div><figcaption class=\"wp-element-caption\"><a href=\"https:\/\/www.instagram.com\/twistsnmoree_\/\" target=\"_blank\" data-type=\"link\" data-id=\"https:\/\/www.instagram.com\/twistsnmoree_\/\" rel=\"noreferrer noopener nofollow\">@twistsnmoree_<\/a><\/figcaption><\/figure>\n<\/div>\n\n\n<p>As tran\u00e7as holandesas s\u00e3o vers\u00e1teis e adequadas para qualquer altura do ano e para qualquer tipo de evento. Podem ser usadas tanto em ocasi\u00f5es formais como em encontros casuais. Se ainda n\u00e3o as experimentou, est\u00e1 a perder. Por isso, marque uma consulta com um cabeleireiro e mime-se com um novo visual cheio de estilo.<\/p>\n\n\n\n<h2 class=\"wp-block-heading\">6. Coque desarrumado para cabelo encaracolado<\/h2>\n\n\n<div class=\"wp-block-image\">\n<figure class=\"aligncenter size-full\"><div style=\"position: relative;\"><noscript><img loading=\"lazy\" decoding=\"async\" width=\"1170\" height=\"1448\" src=\"https:\/\/flawlesshair.com\/wp-content\/uploads\/2024\/11\/6.-Messy-Bun-For-Curly-Hair.jpg\" alt=\"Coque desarrumado para cabelos encaracolados\" class=\"wp-image-82711\" srcset=\"https:\/\/flawlesshair.com\/wp-content\/uploads\/2024\/11\/6.-Messy-Bun-For-Curly-Hair.jpg 1170w, https:\/\/flawlesshair.com\/wp-content\/uploads\/2024\/11\/6.-Messy-Bun-For-Curly-Hair-242x300.jpg 242w, https:\/\/flawlesshair.com\/wp-content\/uploads\/2024\/11\/6.-Messy-Bun-For-Curly-Hair-768x950.jpg 768w, https:\/\/flawlesshair.com\/wp-content\/uploads\/2024\/11\/6.-Messy-Bun-For-Curly-Hair-10x12.jpg 10w, https:\/\/flawlesshair.com\/wp-content\/uploads\/2024\/11\/6.-Messy-Bun-For-Curly-Hair-776x960.jpg 776w, https:\/\/flawlesshair.com\/wp-content\/uploads\/2024\/11\/6.-Messy-Bun-For-Curly-Hair-873x1080.jpg 873w, https:\/\/flawlesshair.com\/wp-content\/uploads\/2024\/11\/6.-Messy-Bun-For-Curly-Hair-970x1200.jpg 970w\" sizes=\"auto, (max-width: 760px) calc(100vw - 24px), 720px\"><\/noscript><img loading=\"lazy\" decoding=\"async\" width=\"1170\" height=\"1448\" src=\"https:\/\/flawlesshair.com\/wp-content\/uploads\/2024\/11\/6.-Messy-Bun-For-Curly-Hair.jpg\" alt=\"Coque desarrumado para cabelos encaracolados\" class=\"wp-image-82711 lazyload\" srcset=\"https:\/\/flawlesshair.com\/wp-content\/uploads\/2024\/11\/6.-Messy-Bun-For-Curly-Hair.jpg 1170w, https:\/\/flawlesshair.com\/wp-content\/uploads\/2024\/11\/6.-Messy-Bun-For-Curly-Hair-242x300.jpg 242w, https:\/\/flawlesshair.com\/wp-content\/uploads\/2024\/11\/6.-Messy-Bun-For-Curly-Hair-768x950.jpg 768w, https:\/\/flawlesshair.com\/wp-content\/uploads\/2024\/11\/6.-Messy-Bun-For-Curly-Hair-10x12.jpg 10w, https:\/\/flawlesshair.com\/wp-content\/uploads\/2024\/11\/6.-Messy-Bun-For-Curly-Hair-776x960.jpg 776w, https:\/\/flawlesshair.com\/wp-content\/uploads\/2024\/11\/6.-Messy-Bun-For-Curly-Hair-873x1080.jpg 873w, https:\/\/flawlesshair.com\/wp-content\/uploads\/2024\/11\/6.-Messy-Bun-For-Curly-Hair-970x1200.jpg 970w\" sizes=\"auto, (max-width: 760px) calc(100vw - 24px), 720px\" data-pin-media=\"https:\/\/flawlesshair.com\/wp-content\/uploads\/2024\/11\/6.-Messy-Bun-For-Curly-Hair.jpg\" id=\"mv-trellis-img-6\" data-trellis-processed=\"1\"><div style=\"position: absolute; top: 0.5rem; right: 0.75rem;\"> <a href=\"https:\/\/www.pinterest.com\/pin\/create\/button\/\" data-pin-do=\"buttonPin\" data-pin-tall=\"true\" data-pin-url=\"https:\/\/flawlesshair.com\/pt\/penteados-sazonais\/\" data-pin-media=\"https:\/\/flawlesshair.com\/wp-content\/uploads\/2024\/11\/6.-Messy-Bun-For-Curly-Hair.jpg\" data-pin-description=\"The Most Popular Seasonal Hairstyles That Will Leave You Speechless\" rel=\"nofollow noopener\" target=\"_blank\"> <\/a><\/div><\/div><figcaption class=\"wp-element-caption\"><a href=\"https:\/\/www.instagram.com\/haleybwheeler\/\" target=\"_blank\" data-type=\"link\" data-id=\"https:\/\/www.instagram.com\/haleybwheeler\/\" rel=\"noreferrer noopener nofollow\">@haleybwheeler<\/a><\/figcaption><\/figure>\n<\/div>\n\n\n<p>Nesta demonstra\u00e7\u00e3o, pretendo mostrar-lhe como pode pentear o seu cabelo encaracolado independentemente da \u00e9poca do ano. O coque desarrumado \u00e9 um look intemporal que pode ser usado durante todo o ano e que \u00e9 tamb\u00e9m simples de conseguir.<\/p>\n\n\n\n<h2 class=\"wp-block-heading\">7. Rabo-de-cavalo torcido e desarrumado<\/h2>\n\n\n<div class=\"wp-block-image\">\n<figure class=\"aligncenter size-full\"><div style=\"position: relative;\"><noscript><img loading=\"lazy\" decoding=\"async\" width=\"1170\" height=\"1166\" src=\"https:\/\/flawlesshair.com\/wp-content\/uploads\/2024\/11\/7.-Twisted-Messy-Ponytail.jpg\" alt=\"Rabo de cavalo torcido e desarrumado\" class=\"wp-image-82802\" srcset=\"https:\/\/flawlesshair.com\/wp-content\/uploads\/2024\/11\/7.-Twisted-Messy-Ponytail.jpg 1170w, https:\/\/flawlesshair.com\/wp-content\/uploads\/2024\/11\/7.-Twisted-Messy-Ponytail-300x300.jpg 300w, https:\/\/flawlesshair.com\/wp-content\/uploads\/2024\/11\/7.-Twisted-Messy-Ponytail-150x150.jpg 150w, https:\/\/flawlesshair.com\/wp-content\/uploads\/2024\/11\/7.-Twisted-Messy-Ponytail-768x765.jpg 768w, https:\/\/flawlesshair.com\/wp-content\/uploads\/2024\/11\/7.-Twisted-Messy-Ponytail-12x12.jpg 12w, https:\/\/flawlesshair.com\/wp-content\/uploads\/2024\/11\/7.-Twisted-Messy-Ponytail-960x957.jpg 960w, https:\/\/flawlesshair.com\/wp-content\/uploads\/2024\/11\/7.-Twisted-Messy-Ponytail-1080x1076.jpg 1080w\" sizes=\"auto, (max-width: 760px) calc(100vw - 24px), 720px\"><\/noscript><img loading=\"lazy\" decoding=\"async\" width=\"1170\" height=\"1166\" src=\"https:\/\/flawlesshair.com\/wp-content\/uploads\/2024\/11\/7.-Twisted-Messy-Ponytail.jpg\" alt=\"Rabo de cavalo torcido e desarrumado\" class=\"wp-image-82802 lazyload\" srcset=\"https:\/\/flawlesshair.com\/wp-content\/uploads\/2024\/11\/7.-Twisted-Messy-Ponytail.jpg 1170w, https:\/\/flawlesshair.com\/wp-content\/uploads\/2024\/11\/7.-Twisted-Messy-Ponytail-300x300.jpg 300w, https:\/\/flawlesshair.com\/wp-content\/uploads\/2024\/11\/7.-Twisted-Messy-Ponytail-150x150.jpg 150w, https:\/\/flawlesshair.com\/wp-content\/uploads\/2024\/11\/7.-Twisted-Messy-Ponytail-768x765.jpg 768w, https:\/\/flawlesshair.com\/wp-content\/uploads\/2024\/11\/7.-Twisted-Messy-Ponytail-12x12.jpg 12w, https:\/\/flawlesshair.com\/wp-content\/uploads\/2024\/11\/7.-Twisted-Messy-Ponytail-960x957.jpg 960w, https:\/\/flawlesshair.com\/wp-content\/uploads\/2024\/11\/7.-Twisted-Messy-Ponytail-1080x1076.jpg 1080w\" sizes=\"auto, (max-width: 760px) calc(100vw - 24px), 720px\" data-pin-media=\"https:\/\/flawlesshair.com\/wp-content\/uploads\/2024\/11\/7.-Twisted-Messy-Ponytail.jpg\" id=\"mv-trellis-img-7\" data-trellis-processed=\"1\"><div style=\"position: absolute; top: 0.5rem; right: 0.75rem;\"> <a href=\"https:\/\/www.pinterest.com\/pin\/create\/button\/\" data-pin-do=\"buttonPin\" data-pin-tall=\"true\" data-pin-url=\"https:\/\/flawlesshair.com\/pt\/penteados-sazonais\/\" data-pin-media=\"https:\/\/flawlesshair.com\/wp-content\/uploads\/2024\/11\/7.-Twisted-Messy-Ponytail.jpg\" data-pin-description=\"The Most Popular Seasonal Hairstyles That Will Leave You Speechless\" rel=\"nofollow noopener\" target=\"_blank\"> <\/a><\/div><\/div><figcaption class=\"wp-element-caption\"><a href=\"https:\/\/www.instagram.com\/blohaute\/\" target=\"_blank\" data-type=\"link\" data-id=\"https:\/\/www.instagram.com\/blohaute\/\" rel=\"noreferrer noopener nofollow\">@blohaute<\/a><\/figcaption><\/figure>\n<\/div>\n\n\n<p>Agora quero mostrar-lhe um penteado intemporal que provavelmente j\u00e1 viu antes e admirou. Criar este rabo-de-cavalo torcido e desarrumado \u00e9 uma tarefa f\u00e1cil que pode fazer sem qualquer dificuldade, e o resultado final ir\u00e1 certamente agradar-lhe.<\/p>\n\n\n\n<h2 class=\"wp-block-heading\">8. Coroa entran\u00e7ada de inverno<\/h2>\n\n\n<div class=\"wp-block-image\">\n<figure class=\"aligncenter size-full\"><div style=\"position: relative;\"><noscript><img loading=\"lazy\" decoding=\"async\" width=\"1170\" height=\"1447\" src=\"https:\/\/flawlesshair.com\/wp-content\/uploads\/2024\/11\/8.-Winter-Braided-Crown.jpg\" alt=\"Coroa entran\u00e7ada de inverno\" class=\"wp-image-82812\" srcset=\"https:\/\/flawlesshair.com\/wp-content\/uploads\/2024\/11\/8.-Winter-Braided-Crown.jpg 1170w, https:\/\/flawlesshair.com\/wp-content\/uploads\/2024\/11\/8.-Winter-Braided-Crown-243x300.jpg 243w, https:\/\/flawlesshair.com\/wp-content\/uploads\/2024\/11\/8.-Winter-Braided-Crown-768x950.jpg 768w, https:\/\/flawlesshair.com\/wp-content\/uploads\/2024\/11\/8.-Winter-Braided-Crown-10x12.jpg 10w, https:\/\/flawlesshair.com\/wp-content\/uploads\/2024\/11\/8.-Winter-Braided-Crown-776x960.jpg 776w, https:\/\/flawlesshair.com\/wp-content\/uploads\/2024\/11\/8.-Winter-Braided-Crown-873x1080.jpg 873w, https:\/\/flawlesshair.com\/wp-content\/uploads\/2024\/11\/8.-Winter-Braided-Crown-970x1200.jpg 970w\" sizes=\"auto, (max-width: 760px) calc(100vw - 24px), 720px\"><\/noscript><img loading=\"lazy\" decoding=\"async\" width=\"1170\" height=\"1447\" src=\"https:\/\/flawlesshair.com\/wp-content\/uploads\/2024\/11\/8.-Winter-Braided-Crown.jpg\" alt=\"Coroa entran\u00e7ada de inverno\" class=\"wp-image-82812 lazyload\" srcset=\"https:\/\/flawlesshair.com\/wp-content\/uploads\/2024\/11\/8.-Winter-Braided-Crown.jpg 1170w, https:\/\/flawlesshair.com\/wp-content\/uploads\/2024\/11\/8.-Winter-Braided-Crown-243x300.jpg 243w, https:\/\/flawlesshair.com\/wp-content\/uploads\/2024\/11\/8.-Winter-Braided-Crown-768x950.jpg 768w, https:\/\/flawlesshair.com\/wp-content\/uploads\/2024\/11\/8.-Winter-Braided-Crown-10x12.jpg 10w, https:\/\/flawlesshair.com\/wp-content\/uploads\/2024\/11\/8.-Winter-Braided-Crown-776x960.jpg 776w, https:\/\/flawlesshair.com\/wp-content\/uploads\/2024\/11\/8.-Winter-Braided-Crown-873x1080.jpg 873w, https:\/\/flawlesshair.com\/wp-content\/uploads\/2024\/11\/8.-Winter-Braided-Crown-970x1200.jpg 970w\" sizes=\"auto, (max-width: 760px) calc(100vw - 24px), 720px\" data-pin-media=\"https:\/\/flawlesshair.com\/wp-content\/uploads\/2024\/11\/8.-Winter-Braided-Crown.jpg\" id=\"mv-trellis-img-8\" data-trellis-processed=\"1\"><div style=\"position: absolute; top: 0.5rem; right: 0.75rem;\"> <a href=\"https:\/\/www.pinterest.com\/pin\/create\/button\/\" data-pin-do=\"buttonPin\" data-pin-tall=\"true\" data-pin-url=\"https:\/\/flawlesshair.com\/pt\/penteados-sazonais\/\" data-pin-media=\"https:\/\/flawlesshair.com\/wp-content\/uploads\/2024\/11\/8.-Winter-Braided-Crown.jpg\" data-pin-description=\"The Most Popular Seasonal Hairstyles That Will Leave You Speechless\" rel=\"nofollow noopener\" target=\"_blank\"> <\/a><\/div><\/div><figcaption class=\"wp-element-caption\"><a href=\"https:\/\/www.instagram.com\/emma.ribeira\/\" target=\"_blank\" data-type=\"link\" data-id=\"https:\/\/www.instagram.com\/emma.ribeira\/\" rel=\"noreferrer noopener nofollow\">@emma.ribeira<\/a><\/figcaption><\/figure>\n<\/div>\n\n\n<p>N\u00e3o sei bem porqu\u00ea, mas este penteado faz-me pensar no inverno. Talvez seja porque transmite um ar de rainha da neve. Pode us\u00e1-lo durante o dia ou \u00e0 noite e ficar impec\u00e1vel de qualquer forma.<\/p>\n\n\n\n<h2 class=\"wp-block-heading\">9. Penteado baixo elegante<\/h2>\n\n\n<div class=\"wp-block-image\">\n<figure class=\"aligncenter size-full\"><div style=\"position: relative;\"><noscript><img loading=\"lazy\" decoding=\"async\" width=\"1170\" height=\"1445\" src=\"https:\/\/flawlesshair.com\/wp-content\/uploads\/2024\/11\/9.-Sleek-Low-Bun.jpg\" alt=\"Penteado baixo elegante\" class=\"wp-image-82954\" srcset=\"https:\/\/flawlesshair.com\/wp-content\/uploads\/2024\/11\/9.-Sleek-Low-Bun.jpg 1170w, https:\/\/flawlesshair.com\/wp-content\/uploads\/2024\/11\/9.-Sleek-Low-Bun-243x300.jpg 243w, https:\/\/flawlesshair.com\/wp-content\/uploads\/2024\/11\/9.-Sleek-Low-Bun-768x949.jpg 768w, https:\/\/flawlesshair.com\/wp-content\/uploads\/2024\/11\/9.-Sleek-Low-Bun-10x12.jpg 10w, https:\/\/flawlesshair.com\/wp-content\/uploads\/2024\/11\/9.-Sleek-Low-Bun-777x960.jpg 777w, https:\/\/flawlesshair.com\/wp-content\/uploads\/2024\/11\/9.-Sleek-Low-Bun-874x1080.jpg 874w, https:\/\/flawlesshair.com\/wp-content\/uploads\/2024\/11\/9.-Sleek-Low-Bun-972x1200.jpg 972w\" sizes=\"auto, (max-width: 760px) calc(100vw - 24px), 720px\"><\/noscript><img loading=\"lazy\" decoding=\"async\" width=\"1170\" height=\"1445\" src=\"https:\/\/flawlesshair.com\/wp-content\/uploads\/2024\/11\/9.-Sleek-Low-Bun.jpg\" alt=\"Penteado baixo elegante\" class=\"wp-image-82954 lazyload\" srcset=\"https:\/\/flawlesshair.com\/wp-content\/uploads\/2024\/11\/9.-Sleek-Low-Bun.jpg 1170w, https:\/\/flawlesshair.com\/wp-content\/uploads\/2024\/11\/9.-Sleek-Low-Bun-243x300.jpg 243w, https:\/\/flawlesshair.com\/wp-content\/uploads\/2024\/11\/9.-Sleek-Low-Bun-768x949.jpg 768w, https:\/\/flawlesshair.com\/wp-content\/uploads\/2024\/11\/9.-Sleek-Low-Bun-10x12.jpg 10w, https:\/\/flawlesshair.com\/wp-content\/uploads\/2024\/11\/9.-Sleek-Low-Bun-777x960.jpg 777w, https:\/\/flawlesshair.com\/wp-content\/uploads\/2024\/11\/9.-Sleek-Low-Bun-874x1080.jpg 874w, https:\/\/flawlesshair.com\/wp-content\/uploads\/2024\/11\/9.-Sleek-Low-Bun-972x1200.jpg 972w\" sizes=\"auto, (max-width: 760px) calc(100vw - 24px), 720px\" data-pin-media=\"https:\/\/flawlesshair.com\/wp-content\/uploads\/2024\/11\/9.-Sleek-Low-Bun.jpg\" id=\"mv-trellis-img-9\" data-trellis-processed=\"1\"><div style=\"position: absolute; top: 0.5rem; right: 0.75rem;\"> <a href=\"https:\/\/www.pinterest.com\/pin\/create\/button\/\" data-pin-do=\"buttonPin\" data-pin-tall=\"true\" data-pin-url=\"https:\/\/flawlesshair.com\/pt\/penteados-sazonais\/\" data-pin-media=\"https:\/\/flawlesshair.com\/wp-content\/uploads\/2024\/11\/9.-Sleek-Low-Bun.jpg\" data-pin-description=\"The Most Popular Seasonal Hairstyles That Will Leave You Speechless\" rel=\"nofollow noopener\" target=\"_blank\"> <\/a><\/div><\/div><figcaption class=\"wp-element-caption\"><a href=\"https:\/\/www.instagram.com\/erikataftbridal\/\" target=\"_blank\" data-type=\"link\" data-id=\"https:\/\/www.instagram.com\/erikataftbridal\/\" rel=\"noreferrer noopener nofollow\">@erikataftbridal<\/a><\/figcaption><\/figure>\n<\/div>\n\n\n<p>O penteado cl\u00e1ssico com um carrapito baixo est\u00e1 sempre na moda e pode ser usado durante todo o ano. \u00c9 uma op\u00e7\u00e3o vers\u00e1til que funciona tanto para ocasi\u00f5es diurnas como nocturnas. Pode criar facilmente este look em casa e obter uma apar\u00eancia polida e elegante.<\/p>\n\n\n\n<h2 class=\"wp-block-heading\">10. Carac\u00f3is 3D<\/h2>\n\n\n<div class=\"wp-block-image\">\n<figure class=\"aligncenter size-full\"><div style=\"position: relative;\"><noscript><img loading=\"lazy\" decoding=\"async\" width=\"1170\" height=\"1159\" src=\"https:\/\/flawlesshair.com\/wp-content\/uploads\/2024\/11\/10.-3D-Curls.jpg\" alt=\"Carac\u00f3is 3D\" class=\"wp-image-82955\" srcset=\"https:\/\/flawlesshair.com\/wp-content\/uploads\/2024\/11\/10.-3D-Curls.jpg 1170w, https:\/\/flawlesshair.com\/wp-content\/uploads\/2024\/11\/10.-3D-Curls-300x297.jpg 300w, https:\/\/flawlesshair.com\/wp-content\/uploads\/2024\/11\/10.-3D-Curls-150x150.jpg 150w, https:\/\/flawlesshair.com\/wp-content\/uploads\/2024\/11\/10.-3D-Curls-768x761.jpg 768w, https:\/\/flawlesshair.com\/wp-content\/uploads\/2024\/11\/10.-3D-Curls-12x12.jpg 12w, https:\/\/flawlesshair.com\/wp-content\/uploads\/2024\/11\/10.-3D-Curls-960x951.jpg 960w, https:\/\/flawlesshair.com\/wp-content\/uploads\/2024\/11\/10.-3D-Curls-1080x1070.jpg 1080w\" sizes=\"auto, (max-width: 760px) calc(100vw - 24px), 720px\"><\/noscript><img loading=\"lazy\" decoding=\"async\" width=\"1170\" height=\"1159\" src=\"https:\/\/flawlesshair.com\/wp-content\/uploads\/2024\/11\/10.-3D-Curls.jpg\" alt=\"Carac\u00f3is 3D\" class=\"wp-image-82955 lazyload\" srcset=\"https:\/\/flawlesshair.com\/wp-content\/uploads\/2024\/11\/10.-3D-Curls.jpg 1170w, https:\/\/flawlesshair.com\/wp-content\/uploads\/2024\/11\/10.-3D-Curls-300x297.jpg 300w, https:\/\/flawlesshair.com\/wp-content\/uploads\/2024\/11\/10.-3D-Curls-150x150.jpg 150w, https:\/\/flawlesshair.com\/wp-content\/uploads\/2024\/11\/10.-3D-Curls-768x761.jpg 768w, https:\/\/flawlesshair.com\/wp-content\/uploads\/2024\/11\/10.-3D-Curls-12x12.jpg 12w, https:\/\/flawlesshair.com\/wp-content\/uploads\/2024\/11\/10.-3D-Curls-960x951.jpg 960w, https:\/\/flawlesshair.com\/wp-content\/uploads\/2024\/11\/10.-3D-Curls-1080x1070.jpg 1080w\" sizes=\"auto, (max-width: 760px) calc(100vw - 24px), 720px\" data-pin-media=\"https:\/\/flawlesshair.com\/wp-content\/uploads\/2024\/11\/10.-3D-Curls.jpg\" id=\"mv-trellis-img-10\" data-trellis-processed=\"1\"><div style=\"position: absolute; top: 0.5rem; right: 0.75rem;\"> <a href=\"https:\/\/www.pinterest.com\/pin\/create\/button\/\" data-pin-do=\"buttonPin\" data-pin-tall=\"true\" data-pin-url=\"https:\/\/flawlesshair.com\/pt\/penteados-sazonais\/\" data-pin-media=\"https:\/\/flawlesshair.com\/wp-content\/uploads\/2024\/11\/10.-3D-Curls.jpg\" data-pin-description=\"The Most Popular Seasonal Hairstyles That Will Leave You Speechless\" rel=\"nofollow noopener\" target=\"_blank\"> <\/a><\/div><\/div><figcaption class=\"wp-element-caption\"><a href=\"https:\/\/www.instagram.com\/leysahairandmakeup\/\" target=\"_blank\" data-type=\"link\" data-id=\"https:\/\/www.instagram.com\/leysahairandmakeup\/\" rel=\"noreferrer noopener nofollow\">@leysahairandmakeup<\/a><\/figcaption><\/figure>\n<\/div>\n\n\n<p>Mesmo as pessoas com cabelo liso podem atingir este n\u00edvel de beleza. Se o seu cabelo for naturalmente encaracolado, conseguir este look ser\u00e1 f\u00e1cil. Estes carac\u00f3is 3D s\u00e3o um penteado vers\u00e1til que pode ser usado em qualquer ocasi\u00e3o sem a necessidade de acess\u00f3rios adicionais.<\/p>","protected":false},"excerpt":{"rendered":"<p>\u00c0 medida que as esta\u00e7\u00f5es mudam, os nossos cortes de cabelo tamb\u00e9m sofrem uma transforma\u00e7\u00e3o. A cada nova esta\u00e7\u00e3o, somos inspiradas a experimentar penteados novos, modernos e que chamam a aten\u00e7\u00e3o. ...<\/p>","protected":false},"author":6,"featured_media":82957,"comment_status":"closed","ping_status":"closed","sticky":false,"template":"","format":"standard","meta":{"syndication_tool_enabled":true,"syndication_tool_title":"","syndication_tool_excerpt":"","syndication_tool_featured_image":0,"syndication_tool_publish_date":"","syndication_tool_schema_types":["gallery"],"syndication_tool_backlink_enable":false,"syndication_tool_ai_disclosure_enable":false,"disable-in-feed":false,"article-schema-type":"","disable-critical-css":false,"footnotes":""},"categories":[28],"tags":[],"class_list":["post-82660","post","type-post","status-publish","format-standard","has-post-thumbnail","hentry","category-styles"],"_links":{"self":[{"href":"https:\/\/flawlesshair.com\/pt\/wp-json\/wp\/v2\/posts\/82660","targetHints":{"allow":["GET"]}}],"collection":[{"href":"https:\/\/flawlesshair.com\/pt\/wp-json\/wp\/v2\/posts"}],"about":[{"href":"https:\/\/flawlesshair.com\/pt\/wp-json\/wp\/v2\/types\/post"}],"author":[{"embeddable":true,"href":"https:\/\/flawlesshair.com\/pt\/wp-json\/wp\/v2\/users\/6"}],"replies":[{"embeddable":true,"href":"https:\/\/flawlesshair.com\/pt\/wp-json\/wp\/v2\/comments?post=82660"}],"version-history":[{"count":0,"href":"https:\/\/flawlesshair.com\/pt\/wp-json\/wp\/v2\/posts\/82660\/revisions"}],"wp:featuredmedia":[{"embeddable":true,"href":"https:\/\/flawlesshair.com\/pt\/wp-json\/wp\/v2\/media\/82957"}],"wp:attachment":[{"href":"https:\/\/flawlesshair.com\/pt\/wp-json\/wp\/v2\/media?parent=82660"}],"wp:term":[{"taxonomy":"category","embeddable":true,"href":"https:\/\/flawlesshair.com\/pt\/wp-json\/wp\/v2\/categories?post=82660"},{"taxonomy":"post_tag","embeddable":true,"href":"https:\/\/flawlesshair.com\/pt\/wp-json\/wp\/v2\/tags?post=82660"}],"curies":[{"name":"wp","href":"https:\/\/api.w.org\/{rel}","templated":true}]}}